{"id":264535,"date":"2023-11-10T17:16:34","date_gmt":"2023-11-10T15:16:34","guid":{"rendered":"https:\/\/liked.hu\/old\/?p=264535"},"modified":"2023-11-10T17:16:46","modified_gmt":"2023-11-10T15:16:46","slug":"a-kulfoldi-turistak-megosztottak-hogy-mi-volt-szamukra-a-legfurcsabb-es-legmeglepobb-amikor-budapesten-jartak","status":"publish","type":"post","link":"https:\/\/liked.hu\/old\/erdekes\/a-kulfoldi-turistak-megosztottak-hogy-mi-volt-szamukra-a-legfurcsabb-es-legmeglepobb-amikor-budapesten-jartak\/","title":{"rendered":"A k\u00fclf\u00f6ldi turist\u00e1k megosztott\u00e1k, hogy mi volt sz\u00e1mukra a legfurcs\u00e1bb \u00e9s legmeglep\u0151bb, amikor Budapesten j\u00e1rtak"},"content":{"rendered":"<p>A term\u00e1lforr\u00e1sair\u00f3l, zenei fesztiv\u00e1ljair\u00f3l, \u00e9s az \u00edzletes \u00e9s kiad\u00f3s konyh\u00e1j\u00e1r\u00f3l ismert Budapestet az eg\u00e9sz vil\u00e1g ismeri. A turist\u00e1k gyakran megjegyzik, hogy a sz\u00e1munkra teljesen h\u00e9tk\u00f6znapinak sz\u00e1m\u00edt\u00f3 belv\u00e1rosi \u00e9p\u00edt\u00e9szet olykor P\u00e1rizzsal \u00e9s Berlinnel vetekszik, r\u00e1ad\u00e1sul sokkal olcs\u00f3bb is, mint az im\u00e9nt eml\u00edtett v\u00e1rosok, ez\u00e9rt nem csoda, ha \u00e9vr\u0151l-\u00e9vre rengeteg turista d\u00f6nt \u00fagy, hogy megl\u00e1togatja kis haz\u00e1nk f\u0151v\u00e1ros\u00e1t. De mit gondolnak vajon a k\u00fclf\u00f6ldi turist\u00e1k Budapestr\u0151l?<\/p>\n\n<div style=\"float:none;margin:0px 0 0px 0;text-align:center;\">\n<div class=\"mobileShowkakettes\"><div class=\"mobileShowka2\"><div style=\"padding-top:0px;padding-bottom:15px;min-height: 300px;\"><div class=\"hirdetes\">HIRDET\u00c9S<\/div>\n<!-- 300lista -->\n<ins class=\"adsbygoogle\"\n     style=\"display:inline-block;width:300px;height:250px\"\n     data-ad-client=\"ca-pub-9424088931673893\"\n     data-ad-slot=\"8471340766\"><\/ins>\n<script async>\n     (adsbygoogle = window.adsbygoogle || []).push({});\n<\/script><\/div><\/div><\/div><\/div>\n\n<p>Aki gyakran megfordul n\u00e1lunk a&nbsp;<strong>Liked.hu<\/strong>-n, az bizony\u00e1ra tudja, hogy szeretj\u00fck k\u00f6rbej\u00e1rni a vil\u00e1got az internetez\u0151k \u00e1ltal megosztott k\u00e9pek seg\u00edts\u00e9g\u00e9vel, mai cikk\u00fcnkben azonban \u00fagy d\u00f6nt\u00f6tt\u00fcnk, hogy ez\u00fattal maradunk az orsz\u00e1ghat\u00e1ron bel\u00fcl, \u00e9s ut\u00e1naj\u00e1runk, hogy mi okozza a legnagyobb meglepet\u00e9st a k\u00fclf\u00f6ldi turist\u00e1knak, amikor Budapesten j\u00e1rtak.<\/p>\n<div id=\"zombify-main-section-front\" class=\"zombify-main-section-front zombify-screen zf-media-full\">\n<div class=\"zf-container\">\n<div id=\"zf-countdown\" class=\"zf-countdown zf-list zf-numbered\">\n<ol class=\"zf-structure-list\">\n<li style=\"list-style-type: none;\">\n<ol class=\"zf-structure-list\">\n<li class=\"zf-list_item\">\n<div class=\"zf-list_header\">\n<h3 id=\"21\" class=\"zf-list_title\"><span class=\"zf-number\">21<\/span>&nbsp;,,Nem tudtam betelni a szecesszi\u00f3s st\u00edlusban \u00e9p\u00fclt h\u00edres Gell\u00e9rt f\u00fcrd\u0151vel.&#8221;<\/h3>\n<\/div>\n<figure class=\"zf-list_media zf-media-wrapper zf-image zf-type-image\">\n<div class=\"zf-media\" title=\",,Nem tudtam betelni a szecesszi\u00f3s st\u00edlusban \u00e9p\u00fclt h\u00edres Gell\u00e9rt f\u00fcrd\u0151vel.&quot;\">\n<div class=\"zf-media\" title=\",,Nem tudtam betelni a szecesszi\u00f3s st\u00edlusban \u00e9p\u00fclt h\u00edres Gell\u00e9rt f\u00fcrd\u0151vel.&quot;\">\n<div class=\"bb-media-placeholder\"><img loading=\"lazy\" class=\"\" src=\"https:\/\/liked.hu\/old\/wp-content\/uploads\/2021\/11\/cf04545d66b735a13dc0f82d07.jpg\" sizes=\"(max-width: 728px) 100vw, 728px\" srcset=\"https:\/\/liked.hu\/old\/wp-content\/uploads\/2021\/11\/cf04545d66b735a13dc0f82d07.jpg 728w, https:\/\/liked.hu\/old\/wp-content\/uploads\/2021\/11\/cf04545d66b735a13dc0f82d07-360x381.jpg 360w\" alt=\"cf04545d66b735a13dc0f82d07\" width=\"728\" height=\"770\"><\/div>\n<\/div>\n<\/div><figcaption class=\"zf-figcaption\"><cite><a class=\"zf-media_credit\" href=\"https:\/\/liked.hu\/old\/kimeno.php?https:\/\/www.reddit.com\/r\/AccidentalWesAnderson\/comments\/c40y7h\/budapest_spa\/?utm_source=share&amp;utm_medium=web2x&amp;context=3\" target=\"_blank\" rel=\"nofollow noopener\">\u00a9 kodakera \/ Reddit<\/a><\/cite><\/figcaption><\/figure>\n<div class=\"zf-countdown_description\">\n<ul>\n<li>T\u00e9li est\u00e9ken felt\u00e9tlen\u00fcl l\u00e1togass el a forr\u00f3 vizes szabadt\u00e9ri f\u00fcrd\u0151be. Nekem az a kedvenc eml\u00e9kem Budapestr\u0151l!&nbsp;<a href=\"https:\/\/www.reddit.com\/r\/AccidentalWesAnderson\/comments\/c40y7h\/budapest_spa\/eruzhew?utm_source=share&amp;utm_medium=web2x&amp;context=3\" target=\"_blank\" rel=\"noopener noreferrer\">\u00a9 saucerjess \/ Reddit<\/a><\/li>\n<\/ul>\n<\/div>\n<\/li>\n<li class=\"zf-list_item\">\n<div class=\"zf-list_header\">\n<h3 id=\"20\" class=\"zf-list_title\"><span class=\"zf-number\">20<\/span>&nbsp;,,Ezt a fagyit \u00e9pp most vettem Budapesten.&#8221;<\/h3>\n<\/div>\n<figure class=\"zf-list_media zf-media-wrapper zf-image zf-type-image\">\n<div class=\"zf-media\" title=\",,Ezt a fagyit \u00e9pp most vettem Budapesten.&quot;\">\n<div class=\"zf-media\" title=\",,Ezt a fagyit \u00e9pp most vettem Budapesten.&quot;\">\n<div class=\"bb-media-placeholder\"><img loading=\"lazy\" class=\"\" src=\"https:\/\/liked.hu\/old\/wp-content\/uploads\/2021\/11\/c314885cb79a58a2072ef2e525.jpg\" sizes=\"(max-width: 728px) 100vw, 728px\" srcset=\"https:\/\/liked.hu\/old\/wp-content\/uploads\/2021\/11\/c314885cb79a58a2072ef2e525.jpg 728w, https:\/\/liked.hu\/old\/wp-content\/uploads\/2021\/11\/c314885cb79a58a2072ef2e525-360x453.jpg 360w\" alt=\"c314885cb79a58a2072ef2e525\" width=\"728\" height=\"917\"><\/div>\n<\/div>\n<\/div><figcaption class=\"zf-figcaption\"><cite><a class=\"zf-media_credit\" href=\"https:\/\/liked.hu\/old\/kimeno.php?https:\/\/www.reddit.com\/r\/food\/comments\/3sxn19\/ice_cream_in_budapest\/?utm_source=share&amp;utm_medium=web2x&amp;context=3\" target=\"_blank\" rel=\"nofollow noopener\">\u00a9 meganahs \/ Reddit<\/a><\/cite><\/figcaption><\/figure>\n<div class=\"zf-countdown_description\">\n<ul>\n<li>V\u00e1rd ki a v\u00e9g\u00e9t, nekem meglepet\u00e9sk\u00e9nt olvadt Nutell\u00e1t \u00f6nt\u00f6ttek a fagylaltt\u00f6lcs\u00e9r alj\u00e1ba.&nbsp;<a href=\"https:\/\/www.reddit.com\/r\/food\/comments\/3sxn19\/ice_cream_in_budapest\/cx1fxbd?utm_source=share&amp;utm_medium=web2x&amp;context=3\" target=\"_blank\" rel=\"noopener noreferrer\">\u00a9 tarasbulba \/ Reddit<\/a><\/li>\n<\/ul>\n\n<div style=\"float:none;margin:0px 0 0px 0;text-align:center;\">\n<div class=\"mobileHideke5\"><div style=\"margin-top:25px;\"><div class=\"hirdeteshatter\"><div style=\"display: inline-block;width: 50%;min-width:305px;vertical-align: top;\"><div class=\"hirdetes\">HIRDET\u00c9S<\/div>\n<!-- LikedQ51 -->\n<ins class=\"adsbygoogle\"\n     style=\"display:inline-block;width:300px;height:250px\"\n     data-ad-client=\"ca-pub-9424088931673893\"\n     data-ad-slot=\"8284063326\"><\/ins>\n<script async>\n     (adsbygoogle = window.adsbygoogle || []).push({});\n<\/script><\/div><div style=\"display: inline-block;width: 50%;min-width:305px;vertical-align: top;\"><div class=\"hirdetes\">HIRDET\u00c9S<\/div>\n<!-- LikedQ52 -->\n<ins class=\"adsbygoogle\"\n     style=\"display:inline-block;width:300px;height:250px\"\n     data-ad-client=\"ca-pub-9424088931673893\"\n     data-ad-slot=\"2840164950\"><\/ins>\n<script async>\n     (adsbygoogle = window.adsbygoogle || []).push({});\n<\/script><\/div><\/div><\/div><\/div>\n<div style=\"display:flex;flex-direction:column;\"><div class=\"mobileShowka5\"><div style=\"padding-top:10px;padding-bottom:10px;min-height: 300px;\"><div class=\"hirdetes\">HIRDET\u00c9S<\/div>\n<!-- LikedQ5M -->\n<ins class=\"adsbygoogle\"\n     style=\"display:inline-block;width:300px;height:250px\"\n     data-ad-client=\"ca-pub-9424088931673893\"\n     data-ad-slot=\"9022429928\"><\/ins>\n<script async>\n     (adsbygoogle = window.adsbygoogle || []).push({});\n<\/script><\/div><\/div><\/div><\/div>\n\n<\/div>\n<\/li>\n<li class=\"zf-list_item\">\n<div class=\"zf-list_header\">\n<h3 id=\"19\" class=\"zf-list_title\"><span class=\"zf-number\">19<\/span>&nbsp;,,A R\u00e1k\u00f3czi t\u00e9ri metr\u00f3\u00e1llom\u00e1s.&#8221;<\/h3>\n<blockquote class=\"reddit-embed-bq\" style=\"height:500px\" ><p><a href=\"https:\/\/www.reddit.com\/r\/budapest\/comments\/k4hcgo\/r%c3%a1k%c3%b3czi_t%c3%a9r_metro_station\/\">R\u00e1k\u00f3czi t\u00e9r metro station<\/a><br \/> by<a href=\"https:\/\/www.reddit.com\/user\/whatauniquename1234\/\">u\/whatauniquename1234<\/a> in<a href=\"https:\/\/www.reddit.com\/r\/budapest\/\">budapest<\/a><\/p><\/blockquote>\n<p><script async src=\"https:\/\/embed.reddit.com\/widgets.js\" charset=\"UTF-8\"><\/script><\/p>\n<\/div>\n<\/li>\n<li class=\"zf-list_item\">\n<div class=\"zf-list_header\">\n<h3 id=\"18\" class=\"zf-list_title\"><span class=\"zf-number\">18<\/span>&nbsp;,,Megk\u00f3stoltam a hagyom\u00e1nyos k\u00fcrt\u0151skal\u00e1csokat, amiket ny\u00e1rsra h\u00fazva s\u00fctnek. Bel\u00fcl puha, k\u00edv\u00fcl ropog\u00f3s. Ezek valami mennyeiek!&#8221;<\/h3>\n<\/div>\n<figure class=\"zf-list_media zf-media-wrapper zf-image zf-type-image\">\n<div class=\"zf-media\" title=\",,Megk\u00f3stoltam a hagyom\u00e1nyos k\u00fcrt\u0151skal\u00e1csokat, amiket ny\u00e1rsra h\u00fazva s\u00fctnek. Bel\u00fcl puha, k\u00edv\u00fcl ropog\u00f3s. Ezek valami mennyeiek!&quot;\">\n<div class=\"zf-media\" title=\",,Megk\u00f3stoltam a hagyom\u00e1nyos k\u00fcrt\u0151skal\u00e1csokat, amiket ny\u00e1rsra h\u00fazva s\u00fctnek. Bel\u00fcl puha, k\u00edv\u00fcl ropog\u00f3s. Ezek valami mennyeiek!&quot;\">\n<div class=\"bb-media-placeholder\"><img loading=\"lazy\" class=\"\" src=\"https:\/\/liked.hu\/old\/wp-content\/uploads\/2021\/11\/0b40e45b8d852528954413b5db.jpg\" sizes=\"(max-width: 728px) 100vw, 728px\" srcset=\"https:\/\/liked.hu\/old\/wp-content\/uploads\/2021\/11\/0b40e45b8d852528954413b5db.jpg 728w, https:\/\/liked.hu\/old\/wp-content\/uploads\/2021\/11\/0b40e45b8d852528954413b5db-360x450.jpg 360w\" alt=\"0b40e45b8d852528954413b5db\" width=\"728\" height=\"910\"><\/div>\n<\/div>\n<\/div><figcaption class=\"zf-figcaption\"><cite><a class=\"zf-media_credit\" href=\"https:\/\/liked.hu\/old\/kimeno.php?https:\/\/twitter.com\/ImperatriceWu\/status\/1234492628344954883\" target=\"_blank\" rel=\"nofollow noopener\">\u00a9 ImperatriceWu \/ Twitter<\/a><\/cite><\/figcaption><\/figure>\n<div class=\"zf-countdown_description\">\n<ul>\n<li>A k\u00fcrt\u0151skal\u00e1csok illata mindig k\u00eds\u00e9rteni fog Budapest utc\u00e1in, \u00e9s ha egyszer meg\u00e9rzed, nem fogsz tudni ellen\u00e1llni neki.&nbsp;<a href=\"https:\/\/imgur.com\/gallery\/DteMRSd\" target=\"_blank\" rel=\"noopener noreferrer\">\u00a9 Bernifal \/ Imgur<\/a><\/li>\n<\/ul>\n<\/div>\n<\/li>\n<li class=\"zf-list_item\">\n<div class=\"zf-list_header\">\n<h3 id=\"17\" class=\"zf-list_title\"><span class=\"zf-number\">17<\/span>&nbsp;,,Ebben a budapesti k\u00e1v\u00e9z\u00f3ban robotok szolg\u00e1lj\u00e1k ki a vend\u00e9geket.&#8221;<\/h3>\n<\/div>\n<figure class=\"zf-list_media zf-media-wrapper zf-image zf-type-image\">\n<div class=\"zf-media\" title=\",,Ebben a budapesti k\u00e1v\u00e9z\u00f3ban robotok szolg\u00e1lj\u00e1k ki a vend\u00e9geket.&quot;\">\n<div class=\"zf-media\" title=\",,Ebben a budapesti k\u00e1v\u00e9z\u00f3ban robotok szolg\u00e1lj\u00e1k ki a vend\u00e9geket.&quot;\">\n<div class=\"bb-media-placeholder\"><img loading=\"lazy\" class=\"\" src=\"https:\/\/liked.hu\/old\/wp-content\/uploads\/2021\/11\/346549560fb3f07f80cd44d80f.jpg\" sizes=\"(max-width: 728px) 100vw, 728px\" srcset=\"https:\/\/liked.hu\/old\/wp-content\/uploads\/2021\/11\/346549560fb3f07f80cd44d80f.jpg 728w, https:\/\/liked.hu\/old\/wp-content\/uploads\/2021\/11\/346549560fb3f07f80cd44d80f-360x424.jpg 360w\" alt=\"346549560fb3f07f80cd44d80f\" width=\"728\" height=\"858\"><\/div>\n<\/div>\n<\/div><figcaption class=\"zf-figcaption\"><cite><a class=\"zf-media_credit\" href=\"https:\/\/liked.hu\/old\/kimeno.php?https:\/\/imgur.com\/gallery\/DteMRSd\" target=\"_blank\" rel=\"nofollow noopener\">\u00a9 Bernifal \/ Imgur<\/a><\/cite><\/figcaption><\/figure>\n<div style=\"float:none;margin:0px 0 0px 0;text-align:center;\">\n<div class=\"mobileHideke8\"><div style=\"margin-top:25px;\"><div class=\"hirdeteshatter\"><div style=\"display: inline-block;width: 50%;min-width:340px;vertical-align: top;\"><div class=\"hirdetes\">HIRDET\u00c9S<\/div>\n<!-- Liked7Q1 -->\n<ins class=\"adsbygoogle\"\n     style=\"display:inline-block;width:336px;height:280px\"\n     data-ad-client=\"ca-pub-9424088931673893\"\n     data-ad-slot=\"3022062587\"><\/ins>\n<script async>\n     (adsbygoogle = window.adsbygoogle || []).push({});\n<\/script><\/div><div style=\"display: inline-block;width: 50%;min-width:340px;vertical-align: top;\"><div class=\"hirdetes\">HIRDET\u00c9S<\/div>\n<!-- Liked7Q2 -->\n<ins class=\"adsbygoogle\"\n     style=\"display:inline-block;width:336px;height:280px\"\n     data-ad-client=\"ca-pub-9424088931673893\"\n     data-ad-slot=\"3952000871\"><\/ins>\n<script async>\n     (adsbygoogle = window.adsbygoogle || []).push({});\n<\/script><\/div><\/div><\/div><\/div>\n<div style=\"display:flex;flex-direction:column;\"><div class=\"mobileShowka8\"><div style=\"padding-top:15px;margin-bottom:15px;min-height: 300px;\"><div class=\"hirdetes\">HIRDET\u00c9S<\/div>\n<!-- Liked7QMobil -->\n<ins class=\"adsbygoogle\"\n     style=\"display:inline-block;width:336px;height:280px\"\n     data-ad-client=\"ca-pub-9424088931673893\"\n     data-ad-slot=\"5073510857\"><\/ins>\n<script async>\n     (adsbygoogle = window.adsbygoogle || []).push({});\n<\/script><\/div><\/div><\/div><\/div>\n<\/li>\n<li class=\"zf-list_item\">\n<div class=\"zf-list_header\">\n<h3 id=\"16\" class=\"zf-list_title\"><span class=\"zf-number\">16<\/span>&nbsp;,,Mykhailo Kolodko miniszobraival a legv\u00e1ratlanabb helyeken lehet tal\u00e1lkozni.&#8221;<\/h3>\n<\/div>\n<figure class=\"zf-list_media zf-media-wrapper zf-image zf-type-image\">\n<div class=\"zf-media\" title=\",,Mykhailo Kolodko miniszobraival a legv\u00e1ratlanabb helyeken lehet tal\u00e1lkozni.&quot;\">\n<div class=\"zf-media\" title=\",,Mykhailo Kolodko miniszobraival a legv\u00e1ratlanabb helyeken lehet tal\u00e1lkozni.&quot;\">\n<div class=\"bb-media-placeholder\"><img loading=\"lazy\" class=\"\" src=\"https:\/\/liked.hu\/old\/wp-content\/uploads\/2021\/11\/9ad9b853e6be52b943e840698c.jpg\" sizes=\"(max-width: 728px) 100vw, 728px\" srcset=\"https:\/\/liked.hu\/old\/wp-content\/uploads\/2021\/11\/9ad9b853e6be52b943e840698c.jpg 728w, https:\/\/liked.hu\/old\/wp-content\/uploads\/2021\/11\/9ad9b853e6be52b943e840698c-360x307.jpg 360w\" alt=\"9ad9b853e6be52b943e840698c\" width=\"728\" height=\"621\"><\/div>\n<\/div>\n<\/div><figcaption class=\"zf-figcaption\"><cite><a class=\"zf-media_credit\" href=\"https:\/\/liked.hu\/old\/kimeno.php?https:\/\/www.reddit.com\/r\/budapest\/comments\/jsuvzs\/new_kolodko_pays_tribute_to_mr_beans_bear\/?utm_source=share&amp;utm_medium=web2x&amp;context=3\" target=\"_blank\" rel=\"nofollow noopener\">\u00a9 SubStoryBlog \/ Reddit<\/a><\/cite><\/figcaption><\/figure>\n<\/li>\n<li class=\"zf-list_item\">\n<div class=\"zf-list_header\">\n<h3 id=\"15\" class=\"zf-list_title\"><span class=\"zf-number\">15<\/span>&nbsp;,,Amikor el\u0151sz\u00f6r j\u00e1rtunk itt a csal\u00e1dommal, napos id\u0151 volt, ez\u00e9rt kinti asztalt v\u00e1lasztottunk. Miut\u00e1n megittuk a k\u00e1v\u00e9t, bement\u00fcnk kifizetni a sz\u00e1ml\u00e1t. Igazi bolondnak \u00e9rezt\u00fck magunkat, amikor megl\u00e1ttuk, hogy milyen hihetetlen\u00fcl sz\u00e9p a bels\u0151 t\u00e9r.&#8221;<\/h3>\n<\/div>\n<figure class=\"zf-list_media zf-media-wrapper zf-image zf-type-image\">\n<div class=\"zf-media\" title=\",,Amikor el\u0151sz\u00f6r j\u00e1rtunk itt a csal\u00e1dommal, napos id\u0151 volt, ez\u00e9rt kinti asztalt v\u00e1lasztottunk. Miut\u00e1n megittuk a k\u00e1v\u00e9t, bement\u00fcnk kifizetni a sz\u00e1ml\u00e1t. Igazi bolondnak \u00e9rezt\u00fck magunkat, amikor megl\u00e1ttuk, hogy milyen hihetetlen\u00fcl sz\u00e9p a bels\u0151 t\u00e9r.&quot;\">\n<div class=\"zf-media\" title=\",,Amikor el\u0151sz\u00f6r j\u00e1rtunk itt a csal\u00e1dommal, napos id\u0151 volt, ez\u00e9rt kinti asztalt v\u00e1lasztottunk. Miut\u00e1n megittuk a k\u00e1v\u00e9t, bement\u00fcnk kifizetni a sz\u00e1ml\u00e1t. Igazi bolondnak \u00e9rezt\u00fck magunkat, amikor megl\u00e1ttuk, hogy milyen hihetetlen\u00fcl sz\u00e9p a bels\u0151 t\u00e9r.&quot;\">\n<div class=\"bb-media-placeholder\"><img loading=\"lazy\" class=\"\" src=\"https:\/\/liked.hu\/old\/wp-content\/uploads\/2021\/11\/a8a6685a758923503a75204366.jpg\" sizes=\"(max-width: 728px) 100vw, 728px\" srcset=\"https:\/\/liked.hu\/old\/wp-content\/uploads\/2021\/11\/a8a6685a758923503a75204366.jpg 728w, https:\/\/liked.hu\/old\/wp-content\/uploads\/2021\/11\/a8a6685a758923503a75204366-360x396.jpg 360w\" alt=\"a8a6685a758923503a75204366\" width=\"728\" height=\"800\"><\/div>\n<\/div>\n<\/div><figcaption class=\"zf-figcaption\"><cite><a class=\"zf-media_credit\" href=\"https:\/\/liked.hu\/old\/kimeno.php?https:\/\/twitter.com\/ImperatriceWu\/status\/1234246241707491328?s=20\" target=\"_blank\" rel=\"nofollow noopener\">\u00a9 ImperatriceWu \/ Twitter<\/a><\/cite><\/figcaption><\/figure>\n<\/li>\n<\/ol>\n<\/li>\n<\/ol>\n<p><!--nextpage--><\/p>\n<div id=\"zombify-main-section-front\" class=\"zombify-main-section-front zombify-screen zf-media-full\">\n<div class=\"zf-container\">\n<div id=\"zf-countdown\" class=\"zf-countdown zf-list zf-numbered\">\n<ol class=\"zf-structure-list\">\n<li style=\"list-style-type: none;\">\n<ol class=\"zf-structure-list\">\n<li class=\"zf-list_item\">\n<div class=\"zf-list_header\">\n<h3 id=\"14\" class=\"zf-list_title\"><span class=\"zf-number\">14<\/span>&nbsp;,,A Zombieland c\u00edm\u0171 filmb\u0151l ismert Woody Harrelson sz\u00edn\u00e9sz szobra \u00e1ll Budapesten.&#8221;<\/h3>\n<\/div>\n<figure class=\"zf-list_media zf-media-wrapper zf-image zf-type-image\">\n<div class=\"zf-media\" title=\",,A Zombieland c\u00edm\u0171 filmb\u0151l ismert Woody Harrelson sz\u00edn\u00e9sz szobra \u00e1ll Budapesten.&quot;\">\n<div class=\"zf-media\" title=\",,A Zombieland c\u00edm\u0171 filmb\u0151l ismert Woody Harrelson sz\u00edn\u00e9sz szobra \u00e1ll Budapesten.&quot;\">\n<div class=\"bb-media-placeholder\"><img loading=\"lazy\" class=\"\" src=\"https:\/\/liked.hu\/old\/wp-content\/uploads\/2021\/11\/f38a3755af837ceb5ccf144f25.jpeg\" sizes=\"(max-width: 728px) 100vw, 728px\" srcset=\"https:\/\/liked.hu\/old\/wp-content\/uploads\/2021\/11\/f38a3755af837ceb5ccf144f25.jpeg 728w, https:\/\/liked.hu\/old\/wp-content\/uploads\/2021\/11\/f38a3755af837ceb5ccf144f25-360x360.jpeg 360w\" alt=\"f38a3755af837ceb5ccf144f25\" width=\"728\" height=\"728\"><\/div>\n<\/div>\n<\/div><figcaption class=\"zf-figcaption\"><cite><a class=\"zf-media_credit\" href=\"https:\/\/liked.hu\/old\/kimeno.php?https:\/\/www.reddit.com\/r\/pics\/comments\/2qddka\/there_is_a_statue_of_woody_harrelson_in_budapest\/\" target=\"_blank\" rel=\"nofollow noopener\">\u00a9 Ebshanks \/ Reddit<\/a><\/cite><\/figcaption><\/figure>\n<div class=\"zf-countdown_description\">\n<ul>\n<li>Val\u00f3j\u00e1ban ezek az \u00c1rp\u00e1d-h\u00e1z harcosainak szobrai a Hal\u00e1szb\u00e1sty\u00e1n\u00e1l.&nbsp;<a href=\"https:\/\/imgur.com\/gallery\/ZLsGyGA\/comment\/334461013\" target=\"_blank\" rel=\"noopener noreferrer\">\u00a9 alchemist4444 \/ Imgur<\/a><\/li>\n<\/ul>\n<\/div>\n<\/li>\n<li class=\"zf-list_item\">\n<div class=\"zf-list_header\">\n<h3 id=\"13\" class=\"zf-list_title\"><span class=\"zf-number\">13<\/span>&nbsp;,,Sr\u00e1cok, a helyi \u00e1llatkertben a lajh\u00e1r \u00e9s mad\u00e1rh\u00e1zban egy\u00fctt l\u00f3ghattok a lajh\u00e1rokkal.&#8221;<\/h3>\n<\/div>\n<figure class=\"zf-list_media zf-media-wrapper zf-image zf-type-image\">\n<div class=\"zf-media\" title=\",,Sr\u00e1cok, a helyi \u00e1llatkertben a lajh\u00e1r \u00e9s mad\u00e1rh\u00e1zban egy\u00fctt l\u00f3ghattok a lajh\u00e1rokkal.&quot;\">\n<div class=\"zf-media\" title=\",,Sr\u00e1cok, a helyi \u00e1llatkertben a lajh\u00e1r \u00e9s mad\u00e1rh\u00e1zban egy\u00fctt l\u00f3ghattok a lajh\u00e1rokkal.&quot;\">\n<div class=\"bb-media-placeholder\"><img loading=\"lazy\" class=\"\" src=\"https:\/\/liked.hu\/old\/wp-content\/uploads\/2021\/11\/6d33145428a5397eec80655d74.jpeg\" sizes=\"(max-width: 728px) 100vw, 728px\" srcset=\"https:\/\/liked.hu\/old\/wp-content\/uploads\/2021\/11\/6d33145428a5397eec80655d74.jpeg 728w, https:\/\/liked.hu\/old\/wp-content\/uploads\/2021\/11\/6d33145428a5397eec80655d74-360x270.jpeg 360w\" alt=\"6d33145428a5397eec80655d74\" width=\"728\" height=\"546\"><\/div>\n<\/div>\n<\/div><figcaption class=\"zf-figcaption\"><cite><a class=\"zf-media_credit\" href=\"https:\/\/liked.hu\/old\/kimeno.php?https:\/\/imgur.com\/gallery\/FvxH2Lo\" target=\"_blank\" rel=\"nofollow noopener\">\u00a9 thesuspiciousanchovy \/ Imgur<\/a><\/cite><\/figcaption><\/figure>\n<div class=\"zf-countdown_description\">\n<ul>\n<li>Ez a legjobb szelfi, amit valaha l\u00e1ttam!&nbsp;<a href=\"https:\/\/imgur.com\/gallery\/FvxH2Lo\/comment\/277093098\" target=\"_blank\" rel=\"noopener noreferrer\">\u00a9 thomasastronaut \/ Imgur<\/a><\/li>\n<\/ul>\n\n<div style=\"float:none;margin:0px 0 0px 0;text-align:center;\">\n<div class=\"mobileHideke8\"><div class=\"hirdeteshatter\"><div style=\"display: inline-block;width: 50%;min-width:340px;vertical-align: top;\"><div class=\"hirdetes\">HIRDET\u00c9S<\/div>\n<!-- LikedQ81 -->\n<ins class=\"adsbygoogle\"\n     style=\"display:inline-block;width:336px;height:280px\"\n     data-ad-client=\"ca-pub-9424088931673893\"\n     data-ad-slot=\"2436840276\"><\/ins>\n<script async>\n     (adsbygoogle = window.adsbygoogle || []).push({});\n<\/script><\/div><div style=\"display: inline-block;width: 50%;min-width:340px;vertical-align: top;\"><div class=\"hirdetes\">HIRDET\u00c9S<\/div>\n<!-- LikedQ82 -->\n<ins class=\"adsbygoogle\"\n     style=\"display:inline-block;width:336px;height:280px\"\n     data-ad-client=\"ca-pub-9424088931673893\"\n     data-ad-slot=\"3558350253\"><\/ins>\n<script async>\n     (adsbygoogle = window.adsbygoogle || []).push({});\n<\/script><\/div><\/div><\/div>\n<div style=\"display:flex;flex-direction:column;\"><div class=\"mobileShowka8 nyolc\"><div style=\"padding-top:15px;padding-bottom:5px;min-height: 300px;\"><div class=\"hirdetes\">HIRDET\u00c9S<\/div>\n<!-- LikedQ8M -->\n<ins class=\"adsbygoogle\"\n     style=\"display:inline-block;width:336px;height:280px\"\n     data-ad-client=\"ca-pub-9424088931673893\"\n     data-ad-slot=\"4679860235\"><\/ins>\n<script async>\n     (adsbygoogle = window.adsbygoogle || []).push({});\n<\/script><\/div><\/div><\/div><\/div>\n\n<\/div>\n<\/li>\n<li class=\"zf-list_item\">\n<div class=\"zf-list_header\">\n<h3 id=\"12\" class=\"zf-list_title\"><span class=\"zf-number\">12<\/span>&nbsp;,,Columbo hadnagy \u00e9s kuty\u00e1j\u00e1nak szobra.&#8221;<\/h3>\n<\/div>\n<figure class=\"zf-list_media zf-media-wrapper zf-image zf-type-image\">\n<div class=\"zf-media\" title=\",,Columbo hadnagy \u00e9s kuty\u00e1j\u00e1nak szobra.&quot;\">\n<div class=\"zf-media\" title=\",,Columbo hadnagy \u00e9s kuty\u00e1j\u00e1nak szobra.&quot;\">\n<div class=\"bb-media-placeholder\"><img loading=\"lazy\" class=\"\" src=\"https:\/\/liked.hu\/old\/wp-content\/uploads\/2021\/11\/67f19c5601af0078bc1d19af21.jpg\" sizes=\"(max-width: 728px) 100vw, 728px\" srcset=\"https:\/\/liked.hu\/old\/wp-content\/uploads\/2021\/11\/67f19c5601af0078bc1d19af21.jpg 728w, https:\/\/liked.hu\/old\/wp-content\/uploads\/2021\/11\/67f19c5601af0078bc1d19af21-360x427.jpg 360w\" alt=\"67f19c5601af0078bc1d19af21\" width=\"728\" height=\"863\"><\/div>\n<\/div>\n<\/div><figcaption class=\"zf-figcaption\"><cite><a class=\"zf-media_credit\" href=\"https:\/\/liked.hu\/old\/kimeno.php?https:\/\/twitter.com\/PulpLibrarian\/status\/1269961943886028801\" target=\"_blank\" rel=\"nofollow noopener\">\u00a9 PulpLibrarian \/ Twitter<\/a><\/cite><\/figcaption><\/figure>\n<\/li>\n<li class=\"zf-list_item\">\n<div class=\"zf-list_header\">\n<h3 id=\"11\" class=\"zf-list_title\"><span class=\"zf-number\">11<\/span>&nbsp;,,L\u00e1ngos &#8211; tipikus magyar streetfood.&#8221;<\/h3>\n<\/div>\n<figure class=\"zf-list_media zf-media-wrapper zf-image zf-type-image\">\n<div class=\"zf-media\" title=\",,L\u00e1ngos - tipikus magyar streetfood.&quot;\">\n<div class=\"zf-media\" title=\",,L\u00e1ngos - tipikus magyar streetfood.&quot;\">\n<div class=\"bb-media-placeholder\"><img loading=\"lazy\" class=\"\" src=\"https:\/\/liked.hu\/old\/wp-content\/uploads\/2021\/11\/707a175519bec96ca4a15d2ff5.jpg\" sizes=\"(max-width: 728px) 100vw, 728px\" srcset=\"https:\/\/liked.hu\/old\/wp-content\/uploads\/2021\/11\/707a175519bec96ca4a15d2ff5.jpg 728w, https:\/\/liked.hu\/old\/wp-content\/uploads\/2021\/11\/707a175519bec96ca4a15d2ff5-360x278.jpg 360w\" alt=\"707a175519bec96ca4a15d2ff5\" width=\"728\" height=\"562\"><\/div>\n<\/div>\n<\/div><figcaption class=\"zf-figcaption\"><cite><a class=\"zf-media_credit\" href=\"https:\/\/liked.hu\/old\/kimeno.php?https:\/\/imgur.com\/gallery\/fP8zKQY\" target=\"_blank\" rel=\"nofollow noopener\">\u00a9 n1c0sax0 \/ Imgur<\/a><\/cite><\/figcaption><\/figure>\n<\/li>\n<li class=\"zf-list_item\">\n<div class=\"zf-list_header\">\n<h3 id=\"10\" class=\"zf-list_title\"><span class=\"zf-number\">10<\/span>&nbsp;,,\u00dagy l\u00e1ttam, hogy Jake v\u00e9gre val\u00f3ra v\u00e1ltotta az \u00e1lmait Budapesten \u00e9s t\u00e9nyleg t\u00e9gla lett.&#8221;<\/h3>\n<\/div>\n<figure class=\"zf-list_media zf-media-wrapper zf-image zf-type-image\">\n<div class=\"zf-media\" title=\",,\u00dagy l\u00e1ttam, hogy Jake v\u00e9gre val\u00f3ra v\u00e1ltotta az \u00e1lmait Budapesten \u00e9s t\u00e9nyleg t\u00e9gla lett.&quot;\">\n<div class=\"zf-media\" title=\",,\u00dagy l\u00e1ttam, hogy Jake v\u00e9gre val\u00f3ra v\u00e1ltotta az \u00e1lmait Budapesten \u00e9s t\u00e9nyleg t\u00e9gla lett.&quot;\">\n<div class=\"bb-media-placeholder\"><img loading=\"lazy\" class=\"\" src=\"https:\/\/liked.hu\/old\/wp-content\/uploads\/2021\/11\/78e2f35235b74a5655bc707f40.jpg\" sizes=\"(max-width: 728px) 100vw, 728px\" srcset=\"https:\/\/liked.hu\/old\/wp-content\/uploads\/2021\/11\/78e2f35235b74a5655bc707f40.jpg 728w, https:\/\/liked.hu\/old\/wp-content\/uploads\/2021\/11\/78e2f35235b74a5655bc707f40-360x272.jpg 360w\" alt=\"78e2f35235b74a5655bc707f40\" width=\"728\" height=\"550\"><\/div>\n<\/div>\n<\/div><figcaption class=\"zf-figcaption\"><cite><a class=\"zf-media_credit\" href=\"https:\/\/liked.hu\/old\/kimeno.php?https:\/\/www.reddit.com\/r\/adventuretime\/comments\/6kulul\/found_jake_living_out_his_dreams_of_being_a_brick\/?utm_source=share&amp;utm_medium=web2x&amp;context=3\" target=\"_blank\" rel=\"nofollow noopener\">\u00a9 ed95 \/ Reddit<\/a><\/cite><\/figcaption><\/figure>\n<div class=\"zf-countdown_description\">\n<p>Jake, a kutya a &#8222;Kalandra fel!&#8221; c\u00edm\u0171 rajzfilm sorozat egyik szerepl\u0151je. Sokf\u00e9le form\u00e1t \u00f6lthet. Az egyik epiz\u00f3dban Jake azt mondta, hogy t\u00e9gla szeretne lenni egy romos kis h\u00e1z fal\u00e1ban.<\/p>\n\n<div style=\"float:none;margin:0px 0 0px 0;text-align:center;\">\n<div class=\"mobileHideke5\"><div style=\"margin-top:25px;\"><div class=\"hirdeteshatter\"><div style=\"display: inline-block;width: 50%;min-width:305px;vertical-align: top;\"><div class=\"hirdetes\">HIRDET\u00c9S<\/div>\n<!-- LikedQ51 -->\n<ins class=\"adsbygoogle\"\n     style=\"display:inline-block;width:300px;height:250px\"\n     data-ad-client=\"ca-pub-9424088931673893\"\n     data-ad-slot=\"8284063326\"><\/ins>\n<script async>\n     (adsbygoogle = window.adsbygoogle || []).push({});\n<\/script><\/div><div style=\"display: inline-block;width: 50%;min-width:305px;vertical-align: top;\"><div class=\"hirdetes\">HIRDET\u00c9S<\/div>\n<!-- LikedQ52 -->\n<ins class=\"adsbygoogle\"\n     style=\"display:inline-block;width:300px;height:250px\"\n     data-ad-client=\"ca-pub-9424088931673893\"\n     data-ad-slot=\"2840164950\"><\/ins>\n<script async>\n     (adsbygoogle = window.adsbygoogle || []).push({});\n<\/script><\/div><\/div><\/div><\/div>\n<div style=\"display:flex;flex-direction:column;\"><div class=\"mobileShowka5\"><div style=\"padding-top:10px;padding-bottom:10px;min-height: 300px;\"><div class=\"hirdetes\">HIRDET\u00c9S<\/div>\n<!-- LikedQ5M -->\n<ins class=\"adsbygoogle\"\n     style=\"display:inline-block;width:300px;height:250px\"\n     data-ad-client=\"ca-pub-9424088931673893\"\n     data-ad-slot=\"9022429928\"><\/ins>\n<script async>\n     (adsbygoogle = window.adsbygoogle || []).push({});\n<\/script><\/div><\/div><\/div><\/div>\n\n<\/div>\n<\/li>\n<li class=\"zf-list_item\">\n<div class=\"zf-list_header\">\n<h3 id=\"9\" class=\"zf-list_title\"><span class=\"zf-number\">9<\/span>&nbsp;,,A r\u00e9gi budapesti villamosok 15 m\u00e1sodperc alatt tudnak meg\u00e1llni, \u00e9s ak\u00e1r 150 utast is k\u00e9pesek sz\u00e1ll\u00edtani. Itt tal\u00e1lhat\u00f3 am\u00fagy a vil\u00e1g leghosszabb villamosa is, ami 53,9 m\u00e9ter hossz\u00fa.&#8221;<\/h3>\n<\/div>\n<figure class=\"zf-list_media zf-media-wrapper zf-image zf-type-image\">\n<div class=\"zf-media\" title=\",,A r\u00e9gi budapesti villamosok 15 m\u00e1sodperc alatt tudnak meg\u00e1llni, \u00e9s ak\u00e1r 150 utast is k\u00e9pesek sz\u00e1ll\u00edtani. Itt tal\u00e1lhat\u00f3 am\u00fagy a vil\u00e1g leghosszabb villamosa is, ami 53,9 m\u00e9ter hossz\u00fa.&quot;\">\n<div class=\"zf-media\" title=\",,A r\u00e9gi budapesti villamosok 15 m\u00e1sodperc alatt tudnak meg\u00e1llni, \u00e9s ak\u00e1r 150 utast is k\u00e9pesek sz\u00e1ll\u00edtani. Itt tal\u00e1lhat\u00f3 am\u00fagy a vil\u00e1g leghosszabb villamosa is, ami 53,9 m\u00e9ter hossz\u00fa.&quot;\">\n<div class=\"bb-media-placeholder\"><img loading=\"lazy\" class=\"\" src=\"https:\/\/liked.hu\/old\/wp-content\/uploads\/2021\/11\/2c637851508bf1fbc0b002e856.jpg\" sizes=\"(max-width: 728px) 100vw, 728px\" srcset=\"https:\/\/liked.hu\/old\/wp-content\/uploads\/2021\/11\/2c637851508bf1fbc0b002e856.jpg 728w, https:\/\/liked.hu\/old\/wp-content\/uploads\/2021\/11\/2c637851508bf1fbc0b002e856-360x353.jpg 360w\" alt=\"2c637851508bf1fbc0b002e856\" width=\"728\" height=\"713\"><\/div>\n<\/div>\n<\/div><figcaption class=\"zf-figcaption\"><cite><a class=\"zf-media_credit\" href=\"https:\/\/liked.hu\/old\/kimeno.php?https:\/\/twitter.com\/MurphyPeterN\/status\/1077123940147957760?s=20\" target=\"_blank\" rel=\"nofollow noopener\">\u00a9 MurphyPeterN \/ Twitter<\/a><\/cite><\/figcaption><\/figure>\n<\/li>\n<li class=\"zf-list_item\">\n<div class=\"zf-list_header\">\n<h3 id=\"8\" class=\"zf-list_title\"><span class=\"zf-number\">8<\/span>&nbsp;,,Neh\u00e9z nem szeretni a dobos-tort\u00e1t.&#8221;<\/h3>\n<\/div>\n<figure class=\"zf-list_media zf-media-wrapper zf-image zf-type-image\">\n<div class=\"zf-media\" title=\",,Neh\u00e9z nem szeretni a dobos-tort\u00e1t.&quot;\">\n<div class=\"zf-media\" title=\",,Neh\u00e9z nem szeretni a dobos-tort\u00e1t.&quot;\">\n<div class=\"bb-media-placeholder\"><img loading=\"lazy\" class=\"\" src=\"https:\/\/liked.hu\/old\/wp-content\/uploads\/2021\/11\/1b51655fc4b4e9fb8245021308.jpg\" sizes=\"(max-width: 728px) 100vw, 728px\" srcset=\"https:\/\/liked.hu\/old\/wp-content\/uploads\/2021\/11\/1b51655fc4b4e9fb8245021308.jpg 728w, https:\/\/liked.hu\/old\/wp-content\/uploads\/2021\/11\/1b51655fc4b4e9fb8245021308-360x480.jpg 360w\" alt=\"1b51655fc4b4e9fb8245021308\" width=\"728\" height=\"971\"><\/div>\n<\/div>\n<\/div><figcaption class=\"zf-figcaption\"><cite><a class=\"zf-media_credit\" href=\"https:\/\/liked.hu\/old\/kimeno.php?https:\/\/twitter.com\/JamesMunro5\/status\/1051054637523058688?s=20\" target=\"_blank\" rel=\"nofollow noopener\">\u00a9 JamesMunro5 \/ Twitter<\/a><\/cite><\/figcaption><\/figure>\n<\/li>\n<\/ol>\n<\/li>\n<\/ol>\n<p><!--nextpage--><\/p>\n<div id=\"zombify-main-section-front\" class=\"zombify-main-section-front zombify-screen zf-media-full\">\n<div class=\"zf-container\">\n<div id=\"zf-countdown\" class=\"zf-countdown zf-list zf-numbered\">\n<ol class=\"zf-structure-list\">\n<li class=\"zf-list_item\">\n<div class=\"zf-list_header\">\n<h3 id=\"7\" class=\"zf-list_title\"><span class=\"zf-number\">7<\/span>&nbsp;,,A Nyugati p\u00e1lyaudvar \u00e9p\u00fclete Gustave Eiffel ir\u00e1ny\u00edt\u00e1s\u00e1val \u00e9p\u00fclt. Felismered a st\u00edlust?&#8221;<\/h3>\n<\/div>\n<figure class=\"zf-list_media zf-media-wrapper zf-image zf-type-image\">\n<div class=\"zf-media\" title=\",,A Nyugati p\u00e1lyaudvar \u00e9p\u00fclete Gustave Eiffel ir\u00e1ny\u00edt\u00e1s\u00e1val \u00e9p\u00fclt. Felismered a st\u00edlust?&quot;\">\n<div class=\"zf-media\" title=\",,A Nyugati p\u00e1lyaudvar \u00e9p\u00fclete Gustave Eiffel ir\u00e1ny\u00edt\u00e1s\u00e1val \u00e9p\u00fclt. Felismered a st\u00edlust?&quot;\">\n<div class=\"bb-media-placeholder\"><img loading=\"lazy\" class=\"\" src=\"https:\/\/liked.hu\/old\/wp-content\/uploads\/2021\/11\/9cc6c0532286291eaef62f8414.jpg\" sizes=\"(max-width: 728px) 100vw, 728px\" srcset=\"https:\/\/liked.hu\/old\/wp-content\/uploads\/2021\/11\/9cc6c0532286291eaef62f8414.jpg 728w, https:\/\/liked.hu\/old\/wp-content\/uploads\/2021\/11\/9cc6c0532286291eaef62f8414-360x301.jpg 360w\" alt=\"9cc6c0532286291eaef62f8414\" width=\"728\" height=\"609\"><\/div>\n<\/div>\n<\/div><figcaption class=\"zf-figcaption\"><cite><a class=\"zf-media_credit\" href=\"https:\/\/liked.hu\/old\/kimeno.php?https:\/\/twitter.com\/ensen_y\/status\/1261649715109654529?s=20\" target=\"_blank\" rel=\"nofollow noopener\">\u00a9 ensen_y \/ Twitter<\/a><\/cite><\/figcaption><\/figure>\n<\/li>\n<li class=\"zf-list_item\">\n<div class=\"zf-list_header\">\n<h3 id=\"6\" class=\"zf-list_title\"><span class=\"zf-number\">6<\/span>&nbsp;,,Sz\u0151r\u00f6s cica, egy budapesti macskak\u00e1v\u00e9z\u00f3ban.&#8221;<\/h3>\n<\/div>\n<figure class=\"zf-list_media zf-media-wrapper zf-image zf-type-image\">\n<div class=\"zf-media\" title=\",,Sz\u0151r\u00f6s cica, egy budapesti macskak\u00e1v\u00e9z\u00f3ban.&quot;\">\n<div class=\"zf-media\" title=\",,Sz\u0151r\u00f6s cica, egy budapesti macskak\u00e1v\u00e9z\u00f3ban.&quot;\">\n<div class=\"bb-media-placeholder\"><img loading=\"lazy\" class=\"\" src=\"https:\/\/liked.hu\/old\/wp-content\/uploads\/2021\/11\/ac25365d93a5fef573347a5bd0.jpg\" sizes=\"(max-width: 728px) 100vw, 728px\" srcset=\"https:\/\/liked.hu\/old\/wp-content\/uploads\/2021\/11\/ac25365d93a5fef573347a5bd0.jpg 728w, https:\/\/liked.hu\/old\/wp-content\/uploads\/2021\/11\/ac25365d93a5fef573347a5bd0-360x367.jpg 360w\" alt=\"ac25365d93a5fef573347a5bd0\" width=\"728\" height=\"743\"><\/div>\n<\/div>\n<\/div><figcaption class=\"zf-figcaption\"><cite><a class=\"zf-media_credit\" href=\"https:\/\/liked.hu\/old\/kimeno.php?https:\/\/www.reddit.com\/r\/Floof\/comments\/a1nt6s\/absolute_floof_in_budapest_cat_cafe\/?utm_source=share&amp;utm_medium=web2x&amp;context=3\" target=\"_blank\" rel=\"nofollow noopener\">\u00a9 patsfan038 \/ Reddit<\/a><\/cite><\/figcaption><\/figure>\n<div class=\"zf-countdown_description\">\n<ul>\n<li>Ez a hely volt az els\u0151, amit megl\u00e1togattam, amikor lesz\u00e1lltam a g\u00e9pr\u0151l a budapesti rep\u00fcl\u0151t\u00e9ren.&nbsp;<a href=\"https:\/\/www.reddit.com\/r\/Floof\/comments\/a1nt6s\/absolute_floof_in_budapest_cat_cafe\/easd1lo?utm_source=share&amp;utm_medium=web2x&amp;context=3\" target=\"_blank\" rel=\"noopener noreferrer\">\u00a9 Ismeretlen szerz\u0151 \/ Reddit<\/a><\/li>\n<\/ul>\n\n<div style=\"float:none;margin:0px 0 0px 0;text-align:center;\">\n<div class=\"mobileHideke8\"><div class=\"hirdeteshatter\"><div style=\"display: inline-block;width: 50%;min-width:340px;vertical-align: top;\"><div class=\"hirdetes\">HIRDET\u00c9S<\/div>\n<!-- LikedQ81 -->\n<ins class=\"adsbygoogle\"\n     style=\"display:inline-block;width:336px;height:280px\"\n     data-ad-client=\"ca-pub-9424088931673893\"\n     data-ad-slot=\"2436840276\"><\/ins>\n<script async>\n     (adsbygoogle = window.adsbygoogle || []).push({});\n<\/script><\/div><div style=\"display: inline-block;width: 50%;min-width:340px;vertical-align: top;\"><div class=\"hirdetes\">HIRDET\u00c9S<\/div>\n<!-- LikedQ82 -->\n<ins class=\"adsbygoogle\"\n     style=\"display:inline-block;width:336px;height:280px\"\n     data-ad-client=\"ca-pub-9424088931673893\"\n     data-ad-slot=\"3558350253\"><\/ins>\n<script async>\n     (adsbygoogle = window.adsbygoogle || []).push({});\n<\/script><\/div><\/div><\/div>\n<div style=\"display:flex;flex-direction:column;\"><div class=\"mobileShowka8 nyolc\"><div style=\"padding-top:15px;padding-bottom:5px;min-height: 300px;\"><div class=\"hirdetes\">HIRDET\u00c9S<\/div>\n<!-- LikedQ8M -->\n<ins class=\"adsbygoogle\"\n     style=\"display:inline-block;width:336px;height:280px\"\n     data-ad-client=\"ca-pub-9424088931673893\"\n     data-ad-slot=\"4679860235\"><\/ins>\n<script async>\n     (adsbygoogle = window.adsbygoogle || []).push({});\n<\/script><\/div><\/div><\/div><\/div>\n\n<\/div>\n<\/li>\n<li class=\"zf-list_item\">\n<div class=\"zf-list_header\">\n<h3 id=\"5\" class=\"zf-list_title\"><span class=\"zf-number\">5<\/span>&nbsp;,,A magyar kenyerek t\u00e9nyleg HATALMASAK.&#8221;<\/h3>\n<\/div>\n<figure class=\"zf-list_media zf-media-wrapper zf-image zf-type-image\">\n<div class=\"zf-media\" title=\",,A magyar kenyerek t\u00e9nyleg HATALMASAK.&quot;\">\n<div class=\"zf-media\" title=\",,A magyar kenyerek t\u00e9nyleg HATALMASAK.&quot;\">\n<div class=\"bb-media-placeholder\"><img loading=\"lazy\" class=\"\" src=\"https:\/\/liked.hu\/old\/wp-content\/uploads\/2021\/11\/98f80659609b801a3bcf5f3615.jpg\" sizes=\"(max-width: 728px) 100vw, 728px\" srcset=\"https:\/\/liked.hu\/old\/wp-content\/uploads\/2021\/11\/98f80659609b801a3bcf5f3615.jpg 728w, https:\/\/liked.hu\/old\/wp-content\/uploads\/2021\/11\/98f80659609b801a3bcf5f3615-360x532.jpg 360w\" alt=\"98f80659609b801a3bcf5f3615\" width=\"728\" height=\"1075\"><\/div>\n<\/div>\n<\/div><figcaption class=\"zf-figcaption\"><cite><a class=\"zf-media_credit\" href=\"https:\/\/liked.hu\/old\/kimeno.php?https:\/\/imgur.com\/gallery\/DteMRSd\" target=\"_blank\" rel=\"nofollow noopener\">\u00a9 Bernifal \/ Imgur<\/a><\/cite><\/figcaption><\/figure>\n<\/li>\n<li class=\"zf-list_item\">\n<div class=\"zf-list_header\">\n<h3 id=\"4\" class=\"zf-list_title\"><span class=\"zf-number\">4<\/span>&nbsp;,,Ezeket a hihetetlen\u00fcl \u00edzletes r\u00e9teseket a dunai kil\u00e1t\u00e1sban gy\u00f6ny\u00f6rk\u00f6dve fogyaszthatjuk el.&#8221;<\/h3>\n<\/div>\n<figure class=\"zf-list_media zf-media-wrapper zf-image zf-type-image\">\n<div class=\"zf-media\" title=\",,Ezeket a hihetetlen\u00fcl \u00edzletes r\u00e9teseket a dunai kil\u00e1t\u00e1sban gy\u00f6ny\u00f6rk\u00f6dve fogyaszthatjuk el.&quot;\">\n<div class=\"zf-media\" title=\",,Ezeket a hihetetlen\u00fcl \u00edzletes r\u00e9teseket a dunai kil\u00e1t\u00e1sban gy\u00f6ny\u00f6rk\u00f6dve fogyaszthatjuk el.&quot;\">\n<div class=\"bb-media-placeholder\"><img loading=\"lazy\" class=\"\" src=\"https:\/\/liked.hu\/old\/wp-content\/uploads\/2021\/11\/bbd79a580b84822347dad5a582.jpg\" sizes=\"(max-width: 728px) 100vw, 728px\" srcset=\"https:\/\/liked.hu\/old\/wp-content\/uploads\/2021\/11\/bbd79a580b84822347dad5a582.jpg 728w, https:\/\/liked.hu\/old\/wp-content\/uploads\/2021\/11\/bbd79a580b84822347dad5a582-360x340.jpg 360w\" alt=\"bbd79a580b84822347dad5a582\" width=\"728\" height=\"687\"><\/div>\n<\/div>\n<\/div><figcaption class=\"zf-figcaption\"><cite><a class=\"zf-media_credit\" href=\"https:\/\/liked.hu\/old\/kimeno.php?https:\/\/imgur.com\/gallery\/DteMRSd\" target=\"_blank\" rel=\"nofollow noopener\">\u00a9 Bernifal \/ Imgur<\/a><\/cite><\/figcaption><\/figure>\n<\/li>\n<li class=\"zf-list_item\">\n<div class=\"zf-list_header\">\n<h3 id=\"3\" class=\"zf-list_title\"><span class=\"zf-number\">3<\/span>&nbsp;,,A Parlament \u00e9p\u00fclete Magyarorsz\u00e1g egyik legnagyobb \u00e9p\u00fclete. 691 szob\u00e1val, 29 l\u00e9pcs\u0151vel \u00e9s 10 udvarral rendelkezik.&#8221;<\/h3>\n<\/div>\n<figure class=\"zf-list_media zf-media-wrapper zf-image zf-type-image\">\n<div class=\"zf-media\" title=\",,A Parlament \u00e9p\u00fclete Magyarorsz\u00e1g egyik legnagyobb \u00e9p\u00fclete. 691 szob\u00e1val, 29 l\u00e9pcs\u0151vel \u00e9s 10 udvarral rendelkezik.&quot;\">\n<div class=\"zf-media\" title=\",,A Parlament \u00e9p\u00fclete Magyarorsz\u00e1g egyik legnagyobb \u00e9p\u00fclete. 691 szob\u00e1val, 29 l\u00e9pcs\u0151vel \u00e9s 10 udvarral rendelkezik.&quot;\">\n<div class=\"bb-media-placeholder\"><img loading=\"lazy\" class=\"\" src=\"https:\/\/liked.hu\/old\/wp-content\/uploads\/2021\/11\/dac4525455b19a575e7dc84d55.jpg\" sizes=\"(max-width: 728px) 100vw, 728px\" srcset=\"https:\/\/liked.hu\/old\/wp-content\/uploads\/2021\/11\/dac4525455b19a575e7dc84d55.jpg 728w, https:\/\/liked.hu\/old\/wp-content\/uploads\/2021\/11\/dac4525455b19a575e7dc84d55-360x286.jpg 360w\" alt=\"dac4525455b19a575e7dc84d55\" width=\"728\" height=\"579\"><\/div>\n<\/div>\n<\/div><figcaption class=\"zf-figcaption\"><cite><a class=\"zf-media_credit\" href=\"https:\/\/liked.hu\/old\/kimeno.php?https:\/\/imgur.com\/gallery\/oYg8K\" target=\"_blank\" rel=\"nofollow noopener\">\u00a9 plutonium \/ Imgur<\/a><\/cite><\/figcaption><\/figure>\n<div style=\"float:none;margin:0px 0 0px 0;text-align:center;\">\n<div class=\"mobileHideke5\"><div style=\"margin-top:25px;\"><div class=\"hirdeteshatter\"><div style=\"display: inline-block;width: 50%;min-width:305px;vertical-align: top;\"><div class=\"hirdetes\">HIRDET\u00c9S<\/div>\n<!-- LikedQ51 -->\n<ins class=\"adsbygoogle\"\n     style=\"display:inline-block;width:300px;height:250px\"\n     data-ad-client=\"ca-pub-9424088931673893\"\n     data-ad-slot=\"8284063326\"><\/ins>\n<script async>\n     (adsbygoogle = window.adsbygoogle || []).push({});\n<\/script><\/div><div style=\"display: inline-block;width: 50%;min-width:305px;vertical-align: top;\"><div class=\"hirdetes\">HIRDET\u00c9S<\/div>\n<!-- LikedQ52 -->\n<ins class=\"adsbygoogle\"\n     style=\"display:inline-block;width:300px;height:250px\"\n     data-ad-client=\"ca-pub-9424088931673893\"\n     data-ad-slot=\"2840164950\"><\/ins>\n<script async>\n     (adsbygoogle = window.adsbygoogle || []).push({});\n<\/script><\/div><\/div><\/div><\/div>\n<div style=\"display:flex;flex-direction:column;\"><div class=\"mobileShowka5\"><div style=\"padding-top:10px;padding-bottom:10px;min-height: 300px;\"><div class=\"hirdetes\">HIRDET\u00c9S<\/div>\n<!-- LikedQ5M -->\n<ins class=\"adsbygoogle\"\n     style=\"display:inline-block;width:300px;height:250px\"\n     data-ad-client=\"ca-pub-9424088931673893\"\n     data-ad-slot=\"9022429928\"><\/ins>\n<script async>\n     (adsbygoogle = window.adsbygoogle || []).push({});\n<\/script><\/div><\/div><\/div><\/div>\n<\/li>\n<li class=\"zf-list_item\">\n<div class=\"zf-list_header\">\n<h3 id=\"2\" class=\"zf-list_title\"><span class=\"zf-number\">2<\/span>&nbsp;,,Im\u00e1dom a Gell\u00e9rt-hegyet! A v\u00edzes\u00e9s feletti ter\u00fclet valami fantasztikus!&#8221;<\/h3>\n<\/div>\n<figure class=\"zf-list_media zf-media-wrapper zf-image zf-type-image\">\n<div class=\"zf-media\" title=\",,Im\u00e1dom a Gell\u00e9rt-hegyet! A v\u00edzes\u00e9s feletti ter\u00fclet valami fantasztikus!&quot;\">\n<div class=\"zf-media\" title=\",,Im\u00e1dom a Gell\u00e9rt-hegyet! A v\u00edzes\u00e9s feletti ter\u00fclet valami fantasztikus!&quot;\">\n<div class=\"bb-media-placeholder\"><img loading=\"lazy\" class=\"\" src=\"https:\/\/liked.hu\/old\/wp-content\/uploads\/2021\/11\/64be35524b902f337504ce2509.jpg\" sizes=\"(max-width: 728px) 100vw, 728px\" srcset=\"https:\/\/liked.hu\/old\/wp-content\/uploads\/2021\/11\/64be35524b902f337504ce2509.jpg 728w, https:\/\/liked.hu\/old\/wp-content\/uploads\/2021\/11\/64be35524b902f337504ce2509-360x367.jpg 360w\" alt=\"64be35524b902f337504ce2509\" width=\"728\" height=\"743\"><\/div>\n<\/div>\n<\/div><figcaption class=\"zf-figcaption\"><cite><a class=\"zf-media_credit\" href=\"https:\/\/liked.hu\/old\/kimeno.php?https:\/\/imgur.com\/gallery\/NQactag\" target=\"_blank\" rel=\"nofollow noopener\">\u00a9 AnnaBoots \/ Imgur<\/a><\/cite><\/figcaption><\/figure>\n<\/li>\n<li class=\"zf-list_item\">\n<div class=\"zf-list_header\">\n<h3 id=\"1\" class=\"zf-list_title\"><span class=\"zf-number\">1<\/span>&nbsp;,,Budapest egy gy\u00f6ny\u00f6r\u0171 v\u00e1ros, sz\u00e1mos l\u00e1tnival\u00f3val \u00e9s kiv\u00e1l\u00f3 k\u00e1v\u00e9val.&#8221;<\/h3>\n<\/div>\n<figure class=\"zf-list_media zf-media-wrapper zf-image zf-type-image\">\n<div class=\"zf-media\" title=\",,Budapest egy gy\u00f6ny\u00f6r\u0171 v\u00e1ros, sz\u00e1mos l\u00e1tnival\u00f3val \u00e9s kiv\u00e1l\u00f3 k\u00e1v\u00e9val.&quot;\">\n<div class=\"zf-media\" title=\",,Budapest egy gy\u00f6ny\u00f6r\u0171 v\u00e1ros, sz\u00e1mos l\u00e1tnival\u00f3val \u00e9s kiv\u00e1l\u00f3 k\u00e1v\u00e9val.&quot;\">\n<div class=\"bb-media-placeholder\"><img loading=\"lazy\" class=\"\" src=\"https:\/\/liked.hu\/old\/wp-content\/uploads\/2021\/11\/7cf73d5be7aa483f0b95bcf2c8.jpg\" sizes=\"(max-width: 728px) 100vw, 728px\" srcset=\"https:\/\/liked.hu\/old\/wp-content\/uploads\/2021\/11\/7cf73d5be7aa483f0b95bcf2c8.jpg 728w, https:\/\/liked.hu\/old\/wp-content\/uploads\/2021\/11\/7cf73d5be7aa483f0b95bcf2c8-360x250.jpg 360w\" alt=\"7cf73d5be7aa483f0b95bcf2c8\" width=\"728\" height=\"505\"><\/div>\n<\/div>\n<\/div><figcaption class=\"zf-figcaption\"><cite><a class=\"zf-media_credit\" href=\"https:\/\/liked.hu\/old\/kimeno.php?https:\/\/twitter.com\/DougShulman\/status\/1063006881126498305?s=20\" target=\"_blank\" rel=\"nofollow noopener\">\u00a9 DougShulman \/ Twitter<\/a><\/cite><\/figcaption><\/figure>\n<\/li>\n<\/ol>\n<\/div>\n<\/div>\n<\/div>\n<\/div>\n<\/div>\n<\/div>\n<\/div>\n<\/div>\n<\/div>\n","protected":false},"excerpt":{"rendered":"<p>A term\u00e1lforr\u00e1sair\u00f3l, zenei fesztiv\u00e1ljair\u00f3l, \u00e9s az \u00edzletes \u00e9s kiad\u00f3s konyh\u00e1j\u00e1r\u00f3l ismert Budapestet az eg\u00e9sz vil\u00e1g ismeri. A turist\u00e1k gyakran megjegyzik, hogy a sz\u00e1munkra teljesen h\u00e9tk\u00f6znapinak sz\u00e1m\u00edt\u00f3 belv\u00e1rosi \u00e9p\u00edt\u00e9szet olykor P\u00e1rizzsal \u00e9s Berlinnel vetekszik, r\u00e1ad\u00e1sul sokkal olcs\u00f3bb is, mint az im\u00e9nt eml\u00edtett v\u00e1rosok, ez\u00e9rt nem csoda, ha \u00e9vr\u0151l-\u00e9vre rengeteg turista d\u00f6nt \u00fagy, hogy megl\u00e1togatja kis haz\u00e1nk [&hellip;]<\/p>\n","protected":false},"author":5,"featured_media":264538,"comment_status":"open","ping_status":"closed","sticky":false,"template":"","format":"standard","meta":{"buzzeditor_post_format":""},"categories":[23],"tags":[350,1631],"yoast_head":"<!-- This site is optimized with the Yoast SEO plugin v19.6.1 - https:\/\/yoast.com\/wordpress\/plugins\/seo\/ -->\n<title>A k\u00fclf\u00f6ldi turist\u00e1k megosztott\u00e1k, hogy mi volt sz\u00e1mukra a legfurcs\u00e1bb \u00e9s legmeglep\u0151bb, amikor Budapesten j\u00e1rtak<\/title>\n<meta name=\"description\" content=\"A term\u00e1lforr\u00e1sair\u00f3l, zenei fesztiv\u00e1ljair\u00f3l, \u00e9s az \u00edzletes \u00e9s kiad\u00f3s konyh\u00e1j\u00e1r\u00f3l ismert Budapestet az eg\u00e9sz vil\u00e1g ismeri. A turist\u00e1k gyakran megjegyzik,\" \/>\n<meta name=\"robots\" content=\"index, follow, max-snippet:-1, max-image-preview:large, max-video-preview:-1\" \/>\n<link rel=\"canonical\" href=\"https:\/\/liked.hu\/old\/erdekes\/a-kulfoldi-turistak-megosztottak-hogy-mi-volt-szamukra-a-legfurcsabb-es-legmeglepobb-amikor-budapesten-jartak\/\" \/>\n<link rel=\"next\" href=\"https:\/\/liked.hu\/old\/erdekes\/a-kulfoldi-turistak-megosztottak-hogy-mi-volt-szamukra-a-legfurcsabb-es-legmeglepobb-amikor-budapesten-jartak\/2\/\" \/>\n<meta property=\"og:locale\" content=\"hu_HU\" \/>\n<meta property=\"og:type\" content=\"article\" \/>\n<meta property=\"og:title\" content=\"A k\u00fclf\u00f6ldi turist\u00e1k megosztott\u00e1k, hogy mi volt sz\u00e1mukra a legfurcs\u00e1bb \u00e9s legmeglep\u0151bb, amikor Budapesten j\u00e1rtak\" \/>\n<meta property=\"og:description\" content=\"A term\u00e1lforr\u00e1sair\u00f3l, zenei fesztiv\u00e1ljair\u00f3l, \u00e9s az \u00edzletes \u00e9s kiad\u00f3s konyh\u00e1j\u00e1r\u00f3l ismert Budapestet az eg\u00e9sz vil\u00e1g ismeri. A turist\u00e1k gyakran megjegyzik,\" \/>\n<meta property=\"og:url\" content=\"https:\/\/liked.hu\/old\/erdekes\/a-kulfoldi-turistak-megosztottak-hogy-mi-volt-szamukra-a-legfurcsabb-es-legmeglepobb-amikor-budapesten-jartak\/\" \/>\n<meta property=\"og:site_name\" content=\"Liked.hu\" \/>\n<meta property=\"article:publisher\" content=\"https:\/\/www.facebook.com\/liked.hu\" \/>\n<meta property=\"article:published_time\" content=\"2023-11-10T15:16:34+00:00\" \/>\n<meta property=\"article:modified_time\" content=\"2023-11-10T15:16:46+00:00\" \/>\n<meta property=\"og:image\" content=\"https:\/\/liked.hu\/old\/wp-content\/uploads\/2021\/11\/Budapesti-erdekessegek.jpg\" \/>\n\t<meta property=\"og:image:width\" content=\"1200\" \/>\n\t<meta property=\"og:image:height\" content=\"630\" \/>\n\t<meta property=\"og:image:type\" content=\"image\/jpeg\" \/>\n<meta name=\"author\" content=\"Sludenkor\" \/>\n<meta name=\"twitter:card\" content=\"summary\" \/>\n<meta name=\"twitter:creator\" content=\"@LikedHu\" \/>\n<meta name=\"twitter:site\" content=\"@LikedHu\" \/>\n<meta name=\"twitter:label1\" content=\"Szerz\u0151:\" \/>\n\t<meta name=\"twitter:data1\" content=\"Sludenkor\" \/>\n\t<meta name=\"twitter:label2\" content=\"Becs\u00fclt olvas\u00e1si id\u0151\" \/>\n\t<meta name=\"twitter:data2\" content=\"4 perc\" \/>\n<script type=\"application\/ld+json\" class=\"yoast-schema-graph\">{\"@context\":\"https:\/\/schema.org\",\"@graph\":[{\"@type\":\"Article\",\"@id\":\"https:\/\/liked.hu\/old\/erdekes\/a-kulfoldi-turistak-megosztottak-hogy-mi-volt-szamukra-a-legfurcsabb-es-legmeglepobb-amikor-budapesten-jartak\/#article\",\"isPartOf\":{\"@id\":\"https:\/\/liked.hu\/old\/erdekes\/a-kulfoldi-turistak-megosztottak-hogy-mi-volt-szamukra-a-legfurcsabb-es-legmeglepobb-amikor-budapesten-jartak\/\"},\"author\":{\"name\":\"Sludenkor\",\"@id\":\"https:\/\/liked.hu\/old\/#\/schema\/person\/6650f7130e2154421c3a5cae3435b47c\"},\"headline\":\"A k\u00fclf\u00f6ldi turist\u00e1k megosztott\u00e1k, hogy mi volt sz\u00e1mukra a legfurcs\u00e1bb \u00e9s legmeglep\u0151bb, amikor Budapesten j\u00e1rtak\",\"datePublished\":\"2023-11-10T15:16:34+00:00\",\"dateModified\":\"2023-11-10T15:16:46+00:00\",\"mainEntityOfPage\":{\"@id\":\"https:\/\/liked.hu\/old\/erdekes\/a-kulfoldi-turistak-megosztottak-hogy-mi-volt-szamukra-a-legfurcsabb-es-legmeglepobb-amikor-budapesten-jartak\/\"},\"wordCount\":824,\"commentCount\":1,\"publisher\":{\"@id\":\"https:\/\/liked.hu\/old\/#organization\"},\"keywords\":[\"budapest\",\"magyarorsz\u00e1g\"],\"articleSection\":[\"\u00c9rdekess\u00e9gek\"],\"inLanguage\":\"hu\",\"potentialAction\":[{\"@type\":\"CommentAction\",\"name\":\"Comment\",\"target\":[\"https:\/\/liked.hu\/old\/erdekes\/a-kulfoldi-turistak-megosztottak-hogy-mi-volt-szamukra-a-legfurcsabb-es-legmeglepobb-amikor-budapesten-jartak\/#respond\"]}]},{\"@type\":\"WebPage\",\"@id\":\"https:\/\/liked.hu\/old\/erdekes\/a-kulfoldi-turistak-megosztottak-hogy-mi-volt-szamukra-a-legfurcsabb-es-legmeglepobb-amikor-budapesten-jartak\/\",\"url\":\"https:\/\/liked.hu\/old\/erdekes\/a-kulfoldi-turistak-megosztottak-hogy-mi-volt-szamukra-a-legfurcsabb-es-legmeglepobb-amikor-budapesten-jartak\/\",\"name\":\"A k\u00fclf\u00f6ldi turist\u00e1k megosztott\u00e1k, hogy mi volt sz\u00e1mukra a legfurcs\u00e1bb \u00e9s legmeglep\u0151bb, amikor Budapesten j\u00e1rtak\",\"isPartOf\":{\"@id\":\"https:\/\/liked.hu\/old\/#website\"},\"datePublished\":\"2023-11-10T15:16:34+00:00\",\"dateModified\":\"2023-11-10T15:16:46+00:00\",\"description\":\"A term\u00e1lforr\u00e1sair\u00f3l, zenei fesztiv\u00e1ljair\u00f3l, \u00e9s az \u00edzletes \u00e9s kiad\u00f3s konyh\u00e1j\u00e1r\u00f3l ismert Budapestet az eg\u00e9sz vil\u00e1g ismeri. A turist\u00e1k gyakran megjegyzik,\",\"breadcrumb\":{\"@id\":\"https:\/\/liked.hu\/old\/erdekes\/a-kulfoldi-turistak-megosztottak-hogy-mi-volt-szamukra-a-legfurcsabb-es-legmeglepobb-amikor-budapesten-jartak\/#breadcrumb\"},\"inLanguage\":\"hu\",\"potentialAction\":[{\"@type\":\"ReadAction\",\"target\":[\"https:\/\/liked.hu\/old\/erdekes\/a-kulfoldi-turistak-megosztottak-hogy-mi-volt-szamukra-a-legfurcsabb-es-legmeglepobb-amikor-budapesten-jartak\/\"]}]},{\"@type\":\"BreadcrumbList\",\"@id\":\"https:\/\/liked.hu\/old\/erdekes\/a-kulfoldi-turistak-megosztottak-hogy-mi-volt-szamukra-a-legfurcsabb-es-legmeglepobb-amikor-budapesten-jartak\/#breadcrumb\",\"itemListElement\":[{\"@type\":\"ListItem\",\"position\":1,\"name\":\"Kezd\u0151lap\"}]},{\"@type\":\"WebSite\",\"@id\":\"https:\/\/liked.hu\/old\/#website\",\"url\":\"https:\/\/liked.hu\/old\/\",\"name\":\"Liked.hu\",\"description\":\"\",\"publisher\":{\"@id\":\"https:\/\/liked.hu\/old\/#organization\"},\"potentialAction\":[{\"@type\":\"SearchAction\",\"target\":{\"@type\":\"EntryPoint\",\"urlTemplate\":\"https:\/\/liked.hu\/old\/?s={search_term_string}\"},\"query-input\":\"required name=search_term_string\"}],\"inLanguage\":\"hu\"},{\"@type\":\"Organization\",\"@id\":\"https:\/\/liked.hu\/old\/#organization\",\"name\":\"Liked.hu\",\"url\":\"https:\/\/liked.hu\/old\/\",\"sameAs\":[\"https:\/\/hu.pinterest.com\/likedhungary\/\",\"https:\/\/www.youtube.com\/channel\/UCPv91dbMoIukYcM9b9nHN6Q\",\"https:\/\/www.facebook.com\/liked.hu\",\"https:\/\/twitter.com\/LikedHu\"],\"logo\":{\"@type\":\"ImageObject\",\"inLanguage\":\"hu\",\"@id\":\"https:\/\/liked.hu\/old\/#\/schema\/logo\/image\/\",\"url\":\"https:\/\/liked.hu\/wp-content\/uploads\/2018\/08\/Liked-icon.png\",\"contentUrl\":\"https:\/\/liked.hu\/wp-content\/uploads\/2018\/08\/Liked-icon.png\",\"width\":512,\"height\":512,\"caption\":\"Liked.hu\"},\"image\":{\"@id\":\"https:\/\/liked.hu\/old\/#\/schema\/logo\/image\/\"}},{\"@type\":\"Person\",\"@id\":\"https:\/\/liked.hu\/old\/#\/schema\/person\/6650f7130e2154421c3a5cae3435b47c\",\"name\":\"Sludenkor\",\"image\":{\"@type\":\"ImageObject\",\"inLanguage\":\"hu\",\"@id\":\"https:\/\/liked.hu\/old\/#\/schema\/person\/image\/\",\"url\":\"https:\/\/liked.hu\/old\/wp-content\/uploads\/avatars\/5\/604de86470f75-bpfull.jpg\",\"contentUrl\":\"https:\/\/liked.hu\/old\/wp-content\/uploads\/avatars\/5\/604de86470f75-bpfull.jpg\",\"caption\":\"Sludenkor\"},\"url\":\"https:\/\/liked.hu\/old\/u\/sludenkor\/\"}]}<\/script>\n<!-- \/ Yoast SEO plugin. -->","yoast_head_json":{"title":"A k\u00fclf\u00f6ldi turist\u00e1k megosztott\u00e1k, hogy mi volt sz\u00e1mukra a legfurcs\u00e1bb \u00e9s legmeglep\u0151bb, amikor Budapesten j\u00e1rtak","description":"A term\u00e1lforr\u00e1sair\u00f3l, zenei fesztiv\u00e1ljair\u00f3l, \u00e9s az \u00edzletes \u00e9s kiad\u00f3s konyh\u00e1j\u00e1r\u00f3l ismert Budapestet az eg\u00e9sz vil\u00e1g ismeri. A turist\u00e1k gyakran megjegyzik,","robots":{"index":"index","follow":"follow","max-snippet":"max-snippet:-1","max-image-preview":"max-image-preview:large","max-video-preview":"max-video-preview:-1"},"canonical":"https:\/\/liked.hu\/old\/erdekes\/a-kulfoldi-turistak-megosztottak-hogy-mi-volt-szamukra-a-legfurcsabb-es-legmeglepobb-amikor-budapesten-jartak\/","next":"https:\/\/liked.hu\/old\/erdekes\/a-kulfoldi-turistak-megosztottak-hogy-mi-volt-szamukra-a-legfurcsabb-es-legmeglepobb-amikor-budapesten-jartak\/2\/","og_locale":"hu_HU","og_type":"article","og_title":"A k\u00fclf\u00f6ldi turist\u00e1k megosztott\u00e1k, hogy mi volt sz\u00e1mukra a legfurcs\u00e1bb \u00e9s legmeglep\u0151bb, amikor Budapesten j\u00e1rtak","og_description":"A term\u00e1lforr\u00e1sair\u00f3l, zenei fesztiv\u00e1ljair\u00f3l, \u00e9s az \u00edzletes \u00e9s kiad\u00f3s konyh\u00e1j\u00e1r\u00f3l ismert Budapestet az eg\u00e9sz vil\u00e1g ismeri. A turist\u00e1k gyakran megjegyzik,","og_url":"https:\/\/liked.hu\/old\/erdekes\/a-kulfoldi-turistak-megosztottak-hogy-mi-volt-szamukra-a-legfurcsabb-es-legmeglepobb-amikor-budapesten-jartak\/","og_site_name":"Liked.hu","article_publisher":"https:\/\/www.facebook.com\/liked.hu","article_published_time":"2023-11-10T15:16:34+00:00","article_modified_time":"2023-11-10T15:16:46+00:00","og_image":[{"width":1200,"height":630,"url":"https:\/\/liked.hu\/old\/wp-content\/uploads\/2021\/11\/Budapesti-erdekessegek.jpg","type":"image\/jpeg"}],"author":"Sludenkor","twitter_card":"summary","twitter_creator":"@LikedHu","twitter_site":"@LikedHu","twitter_misc":{"Szerz\u0151:":"Sludenkor","Becs\u00fclt olvas\u00e1si id\u0151":"4 perc"},"schema":{"@context":"https:\/\/schema.org","@graph":[{"@type":"Article","@id":"https:\/\/liked.hu\/old\/erdekes\/a-kulfoldi-turistak-megosztottak-hogy-mi-volt-szamukra-a-legfurcsabb-es-legmeglepobb-amikor-budapesten-jartak\/#article","isPartOf":{"@id":"https:\/\/liked.hu\/old\/erdekes\/a-kulfoldi-turistak-megosztottak-hogy-mi-volt-szamukra-a-legfurcsabb-es-legmeglepobb-amikor-budapesten-jartak\/"},"author":{"name":"Sludenkor","@id":"https:\/\/liked.hu\/old\/#\/schema\/person\/6650f7130e2154421c3a5cae3435b47c"},"headline":"A k\u00fclf\u00f6ldi turist\u00e1k megosztott\u00e1k, hogy mi volt sz\u00e1mukra a legfurcs\u00e1bb \u00e9s legmeglep\u0151bb, amikor Budapesten j\u00e1rtak","datePublished":"2023-11-10T15:16:34+00:00","dateModified":"2023-11-10T15:16:46+00:00","mainEntityOfPage":{"@id":"https:\/\/liked.hu\/old\/erdekes\/a-kulfoldi-turistak-megosztottak-hogy-mi-volt-szamukra-a-legfurcsabb-es-legmeglepobb-amikor-budapesten-jartak\/"},"wordCount":824,"commentCount":1,"publisher":{"@id":"https:\/\/liked.hu\/old\/#organization"},"keywords":["budapest","magyarorsz\u00e1g"],"articleSection":["\u00c9rdekess\u00e9gek"],"inLanguage":"hu","potentialAction":[{"@type":"CommentAction","name":"Comment","target":["https:\/\/liked.hu\/old\/erdekes\/a-kulfoldi-turistak-megosztottak-hogy-mi-volt-szamukra-a-legfurcsabb-es-legmeglepobb-amikor-budapesten-jartak\/#respond"]}]},{"@type":"WebPage","@id":"https:\/\/liked.hu\/old\/erdekes\/a-kulfoldi-turistak-megosztottak-hogy-mi-volt-szamukra-a-legfurcsabb-es-legmeglepobb-amikor-budapesten-jartak\/","url":"https:\/\/liked.hu\/old\/erdekes\/a-kulfoldi-turistak-megosztottak-hogy-mi-volt-szamukra-a-legfurcsabb-es-legmeglepobb-amikor-budapesten-jartak\/","name":"A k\u00fclf\u00f6ldi turist\u00e1k megosztott\u00e1k, hogy mi volt sz\u00e1mukra a legfurcs\u00e1bb \u00e9s legmeglep\u0151bb, amikor Budapesten j\u00e1rtak","isPartOf":{"@id":"https:\/\/liked.hu\/old\/#website"},"datePublished":"2023-11-10T15:16:34+00:00","dateModified":"2023-11-10T15:16:46+00:00","description":"A term\u00e1lforr\u00e1sair\u00f3l, zenei fesztiv\u00e1ljair\u00f3l, \u00e9s az \u00edzletes \u00e9s kiad\u00f3s konyh\u00e1j\u00e1r\u00f3l ismert Budapestet az eg\u00e9sz vil\u00e1g ismeri. A turist\u00e1k gyakran megjegyzik,","breadcrumb":{"@id":"https:\/\/liked.hu\/old\/erdekes\/a-kulfoldi-turistak-megosztottak-hogy-mi-volt-szamukra-a-legfurcsabb-es-legmeglepobb-amikor-budapesten-jartak\/#breadcrumb"},"inLanguage":"hu","potentialAction":[{"@type":"ReadAction","target":["https:\/\/liked.hu\/old\/erdekes\/a-kulfoldi-turistak-megosztottak-hogy-mi-volt-szamukra-a-legfurcsabb-es-legmeglepobb-amikor-budapesten-jartak\/"]}]},{"@type":"BreadcrumbList","@id":"https:\/\/liked.hu\/old\/erdekes\/a-kulfoldi-turistak-megosztottak-hogy-mi-volt-szamukra-a-legfurcsabb-es-legmeglepobb-amikor-budapesten-jartak\/#breadcrumb","itemListElement":[{"@type":"ListItem","position":1,"name":"Kezd\u0151lap"}]},{"@type":"WebSite","@id":"https:\/\/liked.hu\/old\/#website","url":"https:\/\/liked.hu\/old\/","name":"Liked.hu","description":"","publisher":{"@id":"https:\/\/liked.hu\/old\/#organization"},"potentialAction":[{"@type":"SearchAction","target":{"@type":"EntryPoint","urlTemplate":"https:\/\/liked.hu\/old\/?s={search_term_string}"},"query-input":"required name=search_term_string"}],"inLanguage":"hu"},{"@type":"Organization","@id":"https:\/\/liked.hu\/old\/#organization","name":"Liked.hu","url":"https:\/\/liked.hu\/old\/","sameAs":["https:\/\/hu.pinterest.com\/likedhungary\/","https:\/\/www.youtube.com\/channel\/UCPv91dbMoIukYcM9b9nHN6Q","https:\/\/www.facebook.com\/liked.hu","https:\/\/twitter.com\/LikedHu"],"logo":{"@type":"ImageObject","inLanguage":"hu","@id":"https:\/\/liked.hu\/old\/#\/schema\/logo\/image\/","url":"https:\/\/liked.hu\/wp-content\/uploads\/2018\/08\/Liked-icon.png","contentUrl":"https:\/\/liked.hu\/wp-content\/uploads\/2018\/08\/Liked-icon.png","width":512,"height":512,"caption":"Liked.hu"},"image":{"@id":"https:\/\/liked.hu\/old\/#\/schema\/logo\/image\/"}},{"@type":"Person","@id":"https:\/\/liked.hu\/old\/#\/schema\/person\/6650f7130e2154421c3a5cae3435b47c","name":"Sludenkor","image":{"@type":"ImageObject","inLanguage":"hu","@id":"https:\/\/liked.hu\/old\/#\/schema\/person\/image\/","url":"https:\/\/liked.hu\/old\/wp-content\/uploads\/avatars\/5\/604de86470f75-bpfull.jpg","contentUrl":"https:\/\/liked.hu\/old\/wp-content\/uploads\/avatars\/5\/604de86470f75-bpfull.jpg","caption":"Sludenkor"},"url":"https:\/\/liked.hu\/old\/u\/sludenkor\/"}]}},"publishpress_future_action":{"enabled":false,"date":"1970-01-01 01:00:00","action":"","terms":[],"taxonomy":"","browser_timezone_offset":0},"_links":{"self":[{"href":"https:\/\/liked.hu\/old\/wp-json\/wp\/v2\/posts\/264535"}],"collection":[{"href":"https:\/\/liked.hu\/old\/wp-json\/wp\/v2\/posts"}],"about":[{"href":"https:\/\/liked.hu\/old\/wp-json\/wp\/v2\/types\/post"}],"author":[{"embeddable":true,"href":"https:\/\/liked.hu\/old\/wp-json\/wp\/v2\/users\/5"}],"replies":[{"embeddable":true,"href":"https:\/\/liked.hu\/old\/wp-json\/wp\/v2\/comments?post=264535"}],"version-history":[{"count":0,"href":"https:\/\/liked.hu\/old\/wp-json\/wp\/v2\/posts\/264535\/revisions"}],"wp:featuredmedia":[{"embeddable":true,"href":"https:\/\/liked.hu\/old\/wp-json\/wp\/v2\/media\/264538"}],"wp:attachment":[{"href":"https:\/\/liked.hu\/old\/wp-json\/wp\/v2\/media?parent=264535"}],"wp:term":[{"taxonomy":"category","embeddable":true,"href":"https:\/\/liked.hu\/old\/wp-json\/wp\/v2\/categories?post=264535"},{"taxonomy":"post_tag","embeddable":true,"href":"https:\/\/liked.hu\/old\/wp-json\/wp\/v2\/tags?post=264535"}],"curies":[{"name":"wp","href":"https:\/\/api.w.org\/{rel}","templated":true}]}}