{"id":264270,"date":"2021-11-11T03:13:09","date_gmt":"2021-11-11T02:13:09","guid":{"rendered":"https:\/\/liked.hu\/old\/?p=264270"},"modified":"2023-08-05T04:57:02","modified_gmt":"2023-08-05T02:57:02","slug":"miert-kerulhetsz-veszelybe-ha-a-fotoidon-bekejelet-mutatsz","status":"publish","type":"post","link":"https:\/\/liked.hu\/old\/erdekes\/miert-kerulhetsz-veszelybe-ha-a-fotoidon-bekejelet-mutatsz\/","title":{"rendered":"Mi\u00e9rt ker\u00fclhetsz vesz\u00e9lybe, ha a fot\u00f3idon b\u00e9kejelet mutatsz?"},"content":{"rendered":"<p>A k\u00f6z\u00f6ss\u00e9gi oldalakra posztolt sz\u00f3rakoztat\u00f3 vagy \u00e9ppen humoros szelfik \u00e1rtalmatlannak t\u0171nnek, pedig vesz\u00e9lyesek lehet a biztons\u00e1godra n\u00e9zve. Kider\u00fclt, hogy egyes n\u00e9pszer\u0171 p\u00f3zok, mint p\u00e9ld\u00e1ul a b\u00e9kejel mutat\u00e1sa a k\u00e9zzel, hozz\u00e1seg\u00edthetik a csal\u00f3kat \u00e9s b\u0171n\u00f6z\u0151ket, hogy megszerezz\u00e9k a szem\u00e9lyes adataidat. Ezeket pedig k\u00e9s\u0151bb b\u00e1rmikor felhaszn\u00e1lhatj\u00e1k ellened.<\/p>\n<p style=\"text-align: center;\">\n<div style=\"float:none;margin:0px 0 0px 0;text-align:center;\">\n<div class=\"mobileShowkakettes\"><div class=\"mobileShowka2\"><div style=\"padding-top:0px;padding-bottom:15px;min-height: 300px;\"><div class=\"hirdetes\">HIRDET\u00c9S<\/div>\n<!-- 300lista -->\n<ins class=\"adsbygoogle\"\n     style=\"display:inline-block;width:300px;height:250px\"\n     data-ad-client=\"ca-pub-9424088931673893\"\n     data-ad-slot=\"8471340766\"><\/ins>\n<script async>\n     (adsbygoogle = window.adsbygoogle || []).push({});\n<\/script><\/div><\/div><\/div><\/div>\n<p>A <strong>Liked.hu<\/strong>-n\u00e1l szeretn\u00e9nk figyelmeztetni az olvas\u00f3inkat, hogy legyenek kell\u0151en \u00f3vatosak, amikor \u00faj fot\u00f3t posztolnak a k\u00f6z\u00f6ss\u00e9gi oldalakra, ez\u00e9rt ma bemutatjuk, hogy mi\u00e9rt vesz\u00e9lyesek bizonyos f\u00e9nyk\u00e9pek, illetve, hogyan tudj\u00e1k azokat felhaszn\u00e1lni ellen\u00fcnk a csal\u00f3k.<\/p>\n<h4>Az ujjainkr\u00f3l k\u00e9sz\u00fclt k\u00e9pek vesz\u00e9lybe sodorhatnak minket<\/h4>\n<p><img loading=\"lazy\" class=\"aligncenter size-full wp-image-264274\" src=\"https:\/\/liked.hu\/old\/wp-content\/uploads\/2021\/11\/Ujjlenyomat-veszely.jpg\" alt=\"Ujjlenyomat vesz\u00e9ly\" width=\"728\" height=\"714\" srcset=\"https:\/\/liked.hu\/old\/wp-content\/uploads\/2021\/11\/Ujjlenyomat-veszely.jpg 728w, https:\/\/liked.hu\/old\/wp-content\/uploads\/2021\/11\/Ujjlenyomat-veszely-360x353.jpg 360w\" sizes=\"(max-width: 728px) 100vw, 728px\" \/><\/p>\n<p>A Jap\u00e1n Nemzeti Informatikai Int\u00e9zet (NII) v\u00e9gzett n\u00e9h\u00e1ny <a href=\"https:\/\/www.sankei.com\/affairs\/news\/170109\/afr1701090002-n1.html\" target=\"_blank\" rel=\"noopener noreferrer\">kutat\u00e1st<\/a>, melyb\u0151l kider\u00fclt, hogy a nagyfelbont\u00e1s\u00fa f\u00e9nyk\u00e9pez\u0151g\u00e9pek \u00e9s kamer\u00e1k ma m\u00e1r olyan j\u00f3 min\u0151s\u00e9gben k\u00e9pesek meg\u00f6r\u00f6k\u00edteni az embereket, hogy a csal\u00f3k az ak\u00e1r 10 m\u00e9terr\u0151l k\u00e9sz\u00fclt k\u00e9peken is k\u00e9pesek beszkennelni a rajtuk l\u00e9v\u0151 emberek ujjlenyomat\u00e1t. A mai modern vil\u00e1gban pedig, amikor m\u00e1r sz\u00e1mtalan dolgot az ujjlenyomatunk seg\u00edts\u00e9g\u00e9vel vez\u00e9relhet\u00fcnk \u00e9s azonos\u00edthatunk, az ujjlenyomatunkkal kapcsolatos adatok b\u00e1rmikor felhaszn\u00e1lhat\u00f3ak ellen\u00fcnk.<\/p>\n<p style=\"text-align: center;\">\n<div style=\"float:none;margin:0px 0 0px 0;text-align:center;\">\n<div class=\"mobileHideke5\"><div style=\"margin-top:25px;\"><div class=\"hirdeteshatter\"><div style=\"display: inline-block;width: 50%;min-width:305px;vertical-align: top;\"><div class=\"hirdetes\">HIRDET\u00c9S<\/div>\n<!-- LikedQ51 -->\n<ins class=\"adsbygoogle\"\n     style=\"display:inline-block;width:300px;height:250px\"\n     data-ad-client=\"ca-pub-9424088931673893\"\n     data-ad-slot=\"8284063326\"><\/ins>\n<script async>\n     (adsbygoogle = window.adsbygoogle || []).push({});\n<\/script><\/div><div style=\"display: inline-block;width: 50%;min-width:305px;vertical-align: top;\"><div class=\"hirdetes\">HIRDET\u00c9S<\/div>\n<!-- LikedQ52 -->\n<ins class=\"adsbygoogle\"\n     style=\"display:inline-block;width:300px;height:250px\"\n     data-ad-client=\"ca-pub-9424088931673893\"\n     data-ad-slot=\"2840164950\"><\/ins>\n<script async>\n     (adsbygoogle = window.adsbygoogle || []).push({});\n<\/script><\/div><\/div><\/div><\/div>\n<div style=\"display:flex;flex-direction:column;\"><div class=\"mobileShowka5\"><div style=\"padding-top:10px;padding-bottom:10px;min-height: 300px;\"><div class=\"hirdetes\">HIRDET\u00c9S<\/div>\n<!-- LikedQ5M -->\n<ins class=\"adsbygoogle\"\n     style=\"display:inline-block;width:300px;height:250px\"\n     data-ad-client=\"ca-pub-9424088931673893\"\n     data-ad-slot=\"9022429928\"><\/ins>\n<script async>\n     (adsbygoogle = window.adsbygoogle || []).push({});\n<\/script><\/div><\/div><\/div><\/div>\n<h4>Min\u00e9l jobb a k\u00e9pmin\u0151s\u00e9g, ann\u00e1l nagyobb a vesz\u00e9ly<\/h4>\n<p><img loading=\"lazy\" class=\"aligncenter size-full wp-image-264275\" src=\"https:\/\/liked.hu\/old\/wp-content\/uploads\/2021\/11\/Ujjlenyomat-masolas.jpg\" alt=\"Ujjlenyomat m\u00e1sol\u00e1s\" width=\"728\" height=\"526\" srcset=\"https:\/\/liked.hu\/old\/wp-content\/uploads\/2021\/11\/Ujjlenyomat-masolas.jpg 728w, https:\/\/liked.hu\/old\/wp-content\/uploads\/2021\/11\/Ujjlenyomat-masolas-360x260.jpg 360w\" sizes=\"(max-width: 728px) 100vw, 728px\" \/><\/p>\n<p>Az okostelefonok egyre jobbak, ahogy a benn\u00fck l\u00e9v\u0151 kamer\u00e1k is egyre nagyobb felbont\u00e1s\u00fa k\u00e9peket tudnak k\u00e9sz\u00edteni. Ennek persze \u00f6r\u00fcl\u00fcnk, hiszen a gy\u00f6ny\u00f6r\u0171 nyaral\u00e1si k\u00e9pek \u00edgy m\u00e9g gy\u00f6ny\u00f6r\u0171bbek tudnak lenni, \u00e1m egy\u00fattal a vesz\u00e9ly is nagyobb, amikor \u00fagy d\u00f6nt\u00fcnk hogy k\u00e9pet osztunk meg magunkr\u00f3l az interneten. A kutat\u00f3k szerint a j\u00f3 f\u00f3kusz\u00e1l\u00e1s \u00e9s a megfelel\u0151 f\u00e9nyviszonyok m\u00e1r elegend\u0151k is ahhoz, hogy a csal\u00f3k b\u00e1rki ujjlenyomat\u00e1t k\u00e9pesek legyenek leolvasni egy nagyfelbont\u00e1s\u00fa k\u00e9pr\u0151l.<\/p>\n<h4>Az ellopott adatainkat felhaszn\u00e1lhatj\u00e1k ellen\u00fcnk<\/h4>\n<p><img loading=\"lazy\" class=\"aligncenter size-full wp-image-264273\" src=\"https:\/\/liked.hu\/old\/wp-content\/uploads\/2021\/11\/Ujjlenyomat-telefon.jpg\" alt=\"Ujjlenyomat telefon\" width=\"728\" height=\"580\" srcset=\"https:\/\/liked.hu\/old\/wp-content\/uploads\/2021\/11\/Ujjlenyomat-telefon.jpg 728w, https:\/\/liked.hu\/old\/wp-content\/uploads\/2021\/11\/Ujjlenyomat-telefon-360x287.jpg 360w\" sizes=\"(max-width: 728px) 100vw, 728px\" \/><\/p>\n<p>Ha valakinek az adatait ellopj\u00e1k, gyakran feketepiaci weboldalakon kereszt\u00fcl \u00e9rt\u00e9kes\u00edtik \u0151ket. Nagy \u00e9rt\u00e9ke van az ilyen szem\u00e9lyes adatoknak, hiszen manaps\u00e1g m\u00e1r sz\u00e1mos eszk\u00f6zt \u00e9s alkalmaz\u00e1st, p\u00e9ld\u00e1ul m\u00e9g a banksz\u00e1ml\u00e1nkkal kapcsolatos alkalmaz\u00e1sokat vagy az online p\u00e9nzt\u00e1rc\u00e1nkat is az ujjlenyomatunk seg\u00edts\u00e9g\u00e9vel azonos\u00edtjuk. Ebb\u0151l kifoly\u00f3lag, ha a csal\u00f3k k\u00e9pesek megszerezni a szem\u00e9lyes adatainkat, b\u00e1rmikor felhaszn\u00e1lhatj\u00e1k azokat, hogy hozz\u00e1f\u00e9rjenek a banksz\u00e1ml\u00e1nkhoz, vagy m\u00e1s szem\u00e9lyes sz\u00e1ml\u00e1inkhoz.<\/p>\n<p style=\"text-align: center;\">\n<div style=\"float:none;margin:0px 0 0px 0;text-align:center;\">\n<div class=\"mobileHideke8\"><div class=\"hirdeteshatter\"><div style=\"display: inline-block;width: 50%;min-width:340px;vertical-align: top;\"><div class=\"hirdetes\">HIRDET\u00c9S<\/div>\n<!-- LikedQ81 -->\n<ins class=\"adsbygoogle\"\n     style=\"display:inline-block;width:336px;height:280px\"\n     data-ad-client=\"ca-pub-9424088931673893\"\n     data-ad-slot=\"2436840276\"><\/ins>\n<script async>\n     (adsbygoogle = window.adsbygoogle || []).push({});\n<\/script><\/div><div style=\"display: inline-block;width: 50%;min-width:340px;vertical-align: top;\"><div class=\"hirdetes\">HIRDET\u00c9S<\/div>\n<!-- LikedQ82 -->\n<ins class=\"adsbygoogle\"\n     style=\"display:inline-block;width:336px;height:280px\"\n     data-ad-client=\"ca-pub-9424088931673893\"\n     data-ad-slot=\"3558350253\"><\/ins>\n<script async>\n     (adsbygoogle = window.adsbygoogle || []).push({});\n<\/script><\/div><\/div><\/div>\n<div style=\"display:flex;flex-direction:column;\"><div class=\"mobileShowka8 nyolc\"><div style=\"padding-top:15px;padding-bottom:5px;min-height: 300px;\"><div class=\"hirdetes\">HIRDET\u00c9S<\/div>\n<!-- LikedQ8M -->\n<ins class=\"adsbygoogle\"\n     style=\"display:inline-block;width:336px;height:280px\"\n     data-ad-client=\"ca-pub-9424088931673893\"\n     data-ad-slot=\"4679860235\"><\/ins>\n<script async>\n     (adsbygoogle = window.adsbygoogle || []).push({});\n<\/script><\/div><\/div><\/div><\/div>\n<h4>Nem neh\u00e9z lem\u00e1solni valakinek az ujjlenyomat\u00e1t<\/h4>\n<p><img loading=\"lazy\" class=\"aligncenter size-full wp-image-264272\" src=\"https:\/\/liked.hu\/old\/wp-content\/uploads\/2021\/11\/Ujjlenyomat-lemasolasa-csalas.jpg\" alt=\"Ujjlenyomat lem\u00e1sol\u00e1sa csal\u00e1s\" width=\"728\" height=\"714\" srcset=\"https:\/\/liked.hu\/old\/wp-content\/uploads\/2021\/11\/Ujjlenyomat-lemasolasa-csalas.jpg 728w, https:\/\/liked.hu\/old\/wp-content\/uploads\/2021\/11\/Ujjlenyomat-lemasolasa-csalas-360x353.jpg 360w\" sizes=\"(max-width: 728px) 100vw, 728px\" \/><\/p>\n<p>Az ujjlenyomatok f\u00e9nyk\u00e9peken t\u00f6rt\u00e9n\u0151 megjelen\u00e9s\u00e9nek m\u00e1sik nagy vesz\u00e9lye az ujjlenyomatok nyomtatott replikak\u00e9nt t\u00f6rt\u00e9n\u0151 felhaszn\u00e1l\u00e1sa, mellyel primit\u00edv eszk\u00f6z\u00f6k seg\u00edts\u00e9g\u00e9vel is megt\u00e9veszthet\u0151k a k\u00fcl\u00f6nf\u00e9le biometrikus rendszerek. A Michigan \u00c1llami Egyetem\u00a0<a href=\"https:\/\/www.youtube.com\/watch?v=Re8Y6hdfZDc&amp;feature=emb_title&amp;ab_channel=Slate\" target=\"_blank\" rel=\"noopener noreferrer\">kutat\u00f3i<\/a> p\u00e9ld\u00e1ul bebizony\u00edtott\u00e1k, hogy semmilyen bonyolult eszk\u00f6zre sincs sz\u00fcks\u00e9g egy biometrikus rendszer kij\u00e1tsz\u00e1s\u00e1hoz, csak egy \u00e9les k\u00e9p kell az illet\u0151 ujj\u00e1r\u00f3l, majd be kell szkennelni \u00e9s kinyomtatni annak ujjlenyomat\u00e1t egy k\u00f6z\u00f6ns\u00e9ges tintasugaras nyomtat\u00f3 seg\u00edts\u00e9g\u00e9vel, \u00e9s a biztons\u00e1gi rendszer m\u00e1ris kij\u00e1tszhat\u00f3 ezzel.<\/p>\n<h4>Sz\u00e1mos m\u00f3dja van annak, hogy megv\u00e9dj\u00fck magunkat<\/h4>\n<p><img loading=\"lazy\" class=\"aligncenter size-full wp-image-264271\" src=\"https:\/\/liked.hu\/old\/wp-content\/uploads\/2021\/11\/Biztonsagos-foto.jpg\" alt=\"Biztons\u00e1gos fot\u00f3\" width=\"728\" height=\"526\" srcset=\"https:\/\/liked.hu\/old\/wp-content\/uploads\/2021\/11\/Biztonsagos-foto.jpg 728w, https:\/\/liked.hu\/old\/wp-content\/uploads\/2021\/11\/Biztonsagos-foto-360x260.jpg 360w\" sizes=\"(max-width: 728px) 100vw, 728px\" \/><\/p>\n<p>A Jap\u00e1n Nemzeti Informatikai Int\u00e9zet egyik kutat\u00f3ja m\u00e9g tov\u00e1bb ment a t\u00e9m\u00e1ban, \u00e9s <a href=\"https:\/\/www.nii.ac.jp\/en\/news\/release\/2018\/1106.html\" target=\"_blank\" rel=\"noopener noreferrer\">kifejlesztett<\/a> egy \u00e1tl\u00e1tsz\u00f3 matric\u00e1t, mely seg\u00edt megakad\u00e1lyozni, hogy a hackerek hozz\u00e1f\u00e9rhessenek a f\u00e9nyk\u00e9peinkr\u0151l a t\u00e9nyleges ujjlenyomatunkhoz.<\/p>\n<p>Az esetleges vissza\u00e9l\u00e9sek elker\u00fcl\u00e9s\u00e9nek legjobb m\u00f3dja persze, ha igyeksz\u00fcnk odafigyelni r\u00e1, hogy az ujjaink sose l\u00e1tsz\u00f3djanak f\u00e9nyk\u00e9pez\u00e9s k\u00f6zben. Ezenk\u00edv\u00fcl bebiztos\u00edthatjuk m\u00e9g magunkat azzal, ha nem ujjlenyomatos hiteles\u00edt\u00e9si form\u00e1t haszn\u00e1lunk p\u00e9ld\u00e1ul a mobiltelefonjaink vagy a fontos alkalmaz\u00e1sainkhoz t\u00f6rt\u00e9n\u0151 hozz\u00e1f\u00e9r\u00e9s\u00e9hez.<\/p>\n","protected":false},"excerpt":{"rendered":"<p>A k\u00f6z\u00f6ss\u00e9gi oldalakra posztolt sz\u00f3rakoztat\u00f3 vagy \u00e9ppen humoros szelfik \u00e1rtalmatlannak t\u0171nnek, pedig vesz\u00e9lyesek lehet a biztons\u00e1godra n\u00e9zve. Kider\u00fclt, hogy egyes n\u00e9pszer\u0171 p\u00f3zok, mint p\u00e9ld\u00e1ul a b\u00e9kejel mutat\u00e1sa a k\u00e9zzel, hozz\u00e1seg\u00edthetik a csal\u00f3kat \u00e9s b\u0171n\u00f6z\u0151ket, hogy megszerezz\u00e9k a szem\u00e9lyes adataidat. Ezeket pedig k\u00e9s\u0151bb b\u00e1rmikor felhaszn\u00e1lhatj\u00e1k ellened. A Liked.hu-n\u00e1l szeretn\u00e9nk figyelmeztetni az olvas\u00f3inkat, hogy legyenek kell\u0151en \u00f3vatosak, [&hellip;]<\/p>\n","protected":false},"author":7,"featured_media":264276,"comment_status":"open","ping_status":"closed","sticky":false,"template":"","format":"standard","meta":{"buzzeditor_post_format":""},"categories":[23],"tags":[307,2500,3506,2789],"yoast_head":"<!-- This site is optimized with the Yoast SEO plugin v19.6.1 - https:\/\/yoast.com\/wordpress\/plugins\/seo\/ -->\n<title>Mi\u00e9rt ker\u00fclhetsz vesz\u00e9lybe, ha a fot\u00f3idon b\u00e9kejelet mutatsz?<\/title>\n<meta name=\"description\" content=\"A k\u00f6z\u00f6ss\u00e9gi oldalakra posztolt sz\u00f3rakoztat\u00f3 vagy \u00e9ppen humoros szelfik \u00e1rtalmatlannak t\u0171nnek, pedig vesz\u00e9lyesek lehet a biztons\u00e1godra n\u00e9zve. Kider\u00fclt,\" \/>\n<meta name=\"robots\" content=\"index, follow, max-snippet:-1, max-image-preview:large, max-video-preview:-1\" \/>\n<link rel=\"canonical\" href=\"https:\/\/liked.hu\/old\/erdekes\/miert-kerulhetsz-veszelybe-ha-a-fotoidon-bekejelet-mutatsz\/\" \/>\n<meta property=\"og:locale\" content=\"hu_HU\" \/>\n<meta property=\"og:type\" content=\"article\" \/>\n<meta property=\"og:title\" content=\"Mi\u00e9rt ker\u00fclhetsz vesz\u00e9lybe, ha a fot\u00f3idon b\u00e9kejelet mutatsz?\" \/>\n<meta property=\"og:description\" content=\"A k\u00f6z\u00f6ss\u00e9gi oldalakra posztolt sz\u00f3rakoztat\u00f3 vagy \u00e9ppen humoros szelfik \u00e1rtalmatlannak t\u0171nnek, pedig vesz\u00e9lyesek lehet a biztons\u00e1godra n\u00e9zve. Kider\u00fclt,\" \/>\n<meta property=\"og:url\" content=\"https:\/\/liked.hu\/old\/erdekes\/miert-kerulhetsz-veszelybe-ha-a-fotoidon-bekejelet-mutatsz\/\" \/>\n<meta property=\"og:site_name\" content=\"Liked.hu\" \/>\n<meta property=\"article:publisher\" content=\"https:\/\/www.facebook.com\/liked.hu\" \/>\n<meta property=\"article:published_time\" content=\"2021-11-11T02:13:09+00:00\" \/>\n<meta property=\"article:modified_time\" content=\"2023-08-05T02:57:02+00:00\" \/>\n<meta property=\"og:image\" content=\"https:\/\/liked.hu\/old\/wp-content\/uploads\/2021\/11\/Ujjlenyomat-veszely-fotok.jpg\" \/>\n\t<meta property=\"og:image:width\" content=\"1200\" \/>\n\t<meta property=\"og:image:height\" content=\"630\" \/>\n\t<meta property=\"og:image:type\" content=\"image\/jpeg\" \/>\n<meta name=\"author\" content=\"Tiborc\" \/>\n<meta name=\"twitter:card\" content=\"summary\" \/>\n<meta name=\"twitter:creator\" content=\"@LikedHu\" \/>\n<meta name=\"twitter:site\" content=\"@LikedHu\" \/>\n<meta name=\"twitter:label1\" content=\"Szerz\u0151:\" \/>\n\t<meta name=\"twitter:data1\" content=\"Tiborc\" \/>\n\t<meta name=\"twitter:label2\" content=\"Becs\u00fclt olvas\u00e1si id\u0151\" \/>\n\t<meta name=\"twitter:data2\" content=\"4 perc\" \/>\n<script type=\"application\/ld+json\" class=\"yoast-schema-graph\">{\"@context\":\"https:\/\/schema.org\",\"@graph\":[{\"@type\":\"Article\",\"@id\":\"https:\/\/liked.hu\/old\/erdekes\/miert-kerulhetsz-veszelybe-ha-a-fotoidon-bekejelet-mutatsz\/#article\",\"isPartOf\":{\"@id\":\"https:\/\/liked.hu\/old\/erdekes\/miert-kerulhetsz-veszelybe-ha-a-fotoidon-bekejelet-mutatsz\/\"},\"author\":{\"name\":\"Tiborc\",\"@id\":\"https:\/\/liked.hu\/old\/#\/schema\/person\/8b92210be73c8af1a8255bd30ebe772b\"},\"headline\":\"Mi\u00e9rt ker\u00fclhetsz vesz\u00e9lybe, ha a fot\u00f3idon b\u00e9kejelet mutatsz?\",\"datePublished\":\"2021-11-11T02:13:09+00:00\",\"dateModified\":\"2023-08-05T02:57:02+00:00\",\"mainEntityOfPage\":{\"@id\":\"https:\/\/liked.hu\/old\/erdekes\/miert-kerulhetsz-veszelybe-ha-a-fotoidon-bekejelet-mutatsz\/\"},\"wordCount\":745,\"commentCount\":1,\"publisher\":{\"@id\":\"https:\/\/liked.hu\/old\/#organization\"},\"keywords\":[\"biztons\u00e1g\",\"tan\u00e1cs\",\"tanulm\u00e1ny\",\"vesz\u00e9ly\"],\"articleSection\":[\"\u00c9rdekess\u00e9gek\"],\"inLanguage\":\"hu\",\"potentialAction\":[{\"@type\":\"CommentAction\",\"name\":\"Comment\",\"target\":[\"https:\/\/liked.hu\/old\/erdekes\/miert-kerulhetsz-veszelybe-ha-a-fotoidon-bekejelet-mutatsz\/#respond\"]}]},{\"@type\":\"WebPage\",\"@id\":\"https:\/\/liked.hu\/old\/erdekes\/miert-kerulhetsz-veszelybe-ha-a-fotoidon-bekejelet-mutatsz\/\",\"url\":\"https:\/\/liked.hu\/old\/erdekes\/miert-kerulhetsz-veszelybe-ha-a-fotoidon-bekejelet-mutatsz\/\",\"name\":\"Mi\u00e9rt ker\u00fclhetsz vesz\u00e9lybe, ha a fot\u00f3idon b\u00e9kejelet mutatsz?\",\"isPartOf\":{\"@id\":\"https:\/\/liked.hu\/old\/#website\"},\"datePublished\":\"2021-11-11T02:13:09+00:00\",\"dateModified\":\"2023-08-05T02:57:02+00:00\",\"description\":\"A k\u00f6z\u00f6ss\u00e9gi oldalakra posztolt sz\u00f3rakoztat\u00f3 vagy \u00e9ppen humoros szelfik \u00e1rtalmatlannak t\u0171nnek, pedig vesz\u00e9lyesek lehet a biztons\u00e1godra n\u00e9zve. Kider\u00fclt,\",\"breadcrumb\":{\"@id\":\"https:\/\/liked.hu\/old\/erdekes\/miert-kerulhetsz-veszelybe-ha-a-fotoidon-bekejelet-mutatsz\/#breadcrumb\"},\"inLanguage\":\"hu\",\"potentialAction\":[{\"@type\":\"ReadAction\",\"target\":[\"https:\/\/liked.hu\/old\/erdekes\/miert-kerulhetsz-veszelybe-ha-a-fotoidon-bekejelet-mutatsz\/\"]}]},{\"@type\":\"BreadcrumbList\",\"@id\":\"https:\/\/liked.hu\/old\/erdekes\/miert-kerulhetsz-veszelybe-ha-a-fotoidon-bekejelet-mutatsz\/#breadcrumb\",\"itemListElement\":[{\"@type\":\"ListItem\",\"position\":1,\"name\":\"Kezd\u0151lap\",\"item\":\"https:\/\/liked.hu\/old\/\"},{\"@type\":\"ListItem\",\"position\":2,\"name\":\"Mi\u00e9rt ker\u00fclhetsz vesz\u00e9lybe, ha a fot\u00f3idon b\u00e9kejelet mutatsz?\"}]},{\"@type\":\"WebSite\",\"@id\":\"https:\/\/liked.hu\/old\/#website\",\"url\":\"https:\/\/liked.hu\/old\/\",\"name\":\"Liked.hu\",\"description\":\"\",\"publisher\":{\"@id\":\"https:\/\/liked.hu\/old\/#organization\"},\"potentialAction\":[{\"@type\":\"SearchAction\",\"target\":{\"@type\":\"EntryPoint\",\"urlTemplate\":\"https:\/\/liked.hu\/old\/?s={search_term_string}\"},\"query-input\":\"required name=search_term_string\"}],\"inLanguage\":\"hu\"},{\"@type\":\"Organization\",\"@id\":\"https:\/\/liked.hu\/old\/#organization\",\"name\":\"Liked.hu\",\"url\":\"https:\/\/liked.hu\/old\/\",\"sameAs\":[\"https:\/\/hu.pinterest.com\/likedhungary\/\",\"https:\/\/www.youtube.com\/channel\/UCPv91dbMoIukYcM9b9nHN6Q\",\"https:\/\/www.facebook.com\/liked.hu\",\"https:\/\/twitter.com\/LikedHu\"],\"logo\":{\"@type\":\"ImageObject\",\"inLanguage\":\"hu\",\"@id\":\"https:\/\/liked.hu\/old\/#\/schema\/logo\/image\/\",\"url\":\"https:\/\/liked.hu\/wp-content\/uploads\/2018\/08\/Liked-icon.png\",\"contentUrl\":\"https:\/\/liked.hu\/wp-content\/uploads\/2018\/08\/Liked-icon.png\",\"width\":512,\"height\":512,\"caption\":\"Liked.hu\"},\"image\":{\"@id\":\"https:\/\/liked.hu\/old\/#\/schema\/logo\/image\/\"}},{\"@type\":\"Person\",\"@id\":\"https:\/\/liked.hu\/old\/#\/schema\/person\/8b92210be73c8af1a8255bd30ebe772b\",\"name\":\"Tiborc\",\"image\":{\"@type\":\"ImageObject\",\"inLanguage\":\"hu\",\"@id\":\"https:\/\/liked.hu\/old\/#\/schema\/person\/image\/\",\"url\":\"https:\/\/liked.hu\/old\/wp-content\/uploads\/avatars\/7\/604de8ed2ffd6-bpfull.jpg\",\"contentUrl\":\"https:\/\/liked.hu\/old\/wp-content\/uploads\/avatars\/7\/604de8ed2ffd6-bpfull.jpg\",\"caption\":\"Tiborc\"},\"url\":\"https:\/\/liked.hu\/old\/u\/tiborc\/\"}]}<\/script>\n<!-- \/ Yoast SEO plugin. -->","yoast_head_json":{"title":"Mi\u00e9rt ker\u00fclhetsz vesz\u00e9lybe, ha a fot\u00f3idon b\u00e9kejelet mutatsz?","description":"A k\u00f6z\u00f6ss\u00e9gi oldalakra posztolt sz\u00f3rakoztat\u00f3 vagy \u00e9ppen humoros szelfik \u00e1rtalmatlannak t\u0171nnek, pedig vesz\u00e9lyesek lehet a biztons\u00e1godra n\u00e9zve. Kider\u00fclt,","robots":{"index":"index","follow":"follow","max-snippet":"max-snippet:-1","max-image-preview":"max-image-preview:large","max-video-preview":"max-video-preview:-1"},"canonical":"https:\/\/liked.hu\/old\/erdekes\/miert-kerulhetsz-veszelybe-ha-a-fotoidon-bekejelet-mutatsz\/","og_locale":"hu_HU","og_type":"article","og_title":"Mi\u00e9rt ker\u00fclhetsz vesz\u00e9lybe, ha a fot\u00f3idon b\u00e9kejelet mutatsz?","og_description":"A k\u00f6z\u00f6ss\u00e9gi oldalakra posztolt sz\u00f3rakoztat\u00f3 vagy \u00e9ppen humoros szelfik \u00e1rtalmatlannak t\u0171nnek, pedig vesz\u00e9lyesek lehet a biztons\u00e1godra n\u00e9zve. Kider\u00fclt,","og_url":"https:\/\/liked.hu\/old\/erdekes\/miert-kerulhetsz-veszelybe-ha-a-fotoidon-bekejelet-mutatsz\/","og_site_name":"Liked.hu","article_publisher":"https:\/\/www.facebook.com\/liked.hu","article_published_time":"2021-11-11T02:13:09+00:00","article_modified_time":"2023-08-05T02:57:02+00:00","og_image":[{"width":1200,"height":630,"url":"https:\/\/liked.hu\/old\/wp-content\/uploads\/2021\/11\/Ujjlenyomat-veszely-fotok.jpg","type":"image\/jpeg"}],"author":"Tiborc","twitter_card":"summary","twitter_creator":"@LikedHu","twitter_site":"@LikedHu","twitter_misc":{"Szerz\u0151:":"Tiborc","Becs\u00fclt olvas\u00e1si id\u0151":"4 perc"},"schema":{"@context":"https:\/\/schema.org","@graph":[{"@type":"Article","@id":"https:\/\/liked.hu\/old\/erdekes\/miert-kerulhetsz-veszelybe-ha-a-fotoidon-bekejelet-mutatsz\/#article","isPartOf":{"@id":"https:\/\/liked.hu\/old\/erdekes\/miert-kerulhetsz-veszelybe-ha-a-fotoidon-bekejelet-mutatsz\/"},"author":{"name":"Tiborc","@id":"https:\/\/liked.hu\/old\/#\/schema\/person\/8b92210be73c8af1a8255bd30ebe772b"},"headline":"Mi\u00e9rt ker\u00fclhetsz vesz\u00e9lybe, ha a fot\u00f3idon b\u00e9kejelet mutatsz?","datePublished":"2021-11-11T02:13:09+00:00","dateModified":"2023-08-05T02:57:02+00:00","mainEntityOfPage":{"@id":"https:\/\/liked.hu\/old\/erdekes\/miert-kerulhetsz-veszelybe-ha-a-fotoidon-bekejelet-mutatsz\/"},"wordCount":745,"commentCount":1,"publisher":{"@id":"https:\/\/liked.hu\/old\/#organization"},"keywords":["biztons\u00e1g","tan\u00e1cs","tanulm\u00e1ny","vesz\u00e9ly"],"articleSection":["\u00c9rdekess\u00e9gek"],"inLanguage":"hu","potentialAction":[{"@type":"CommentAction","name":"Comment","target":["https:\/\/liked.hu\/old\/erdekes\/miert-kerulhetsz-veszelybe-ha-a-fotoidon-bekejelet-mutatsz\/#respond"]}]},{"@type":"WebPage","@id":"https:\/\/liked.hu\/old\/erdekes\/miert-kerulhetsz-veszelybe-ha-a-fotoidon-bekejelet-mutatsz\/","url":"https:\/\/liked.hu\/old\/erdekes\/miert-kerulhetsz-veszelybe-ha-a-fotoidon-bekejelet-mutatsz\/","name":"Mi\u00e9rt ker\u00fclhetsz vesz\u00e9lybe, ha a fot\u00f3idon b\u00e9kejelet mutatsz?","isPartOf":{"@id":"https:\/\/liked.hu\/old\/#website"},"datePublished":"2021-11-11T02:13:09+00:00","dateModified":"2023-08-05T02:57:02+00:00","description":"A k\u00f6z\u00f6ss\u00e9gi oldalakra posztolt sz\u00f3rakoztat\u00f3 vagy \u00e9ppen humoros szelfik \u00e1rtalmatlannak t\u0171nnek, pedig vesz\u00e9lyesek lehet a biztons\u00e1godra n\u00e9zve. Kider\u00fclt,","breadcrumb":{"@id":"https:\/\/liked.hu\/old\/erdekes\/miert-kerulhetsz-veszelybe-ha-a-fotoidon-bekejelet-mutatsz\/#breadcrumb"},"inLanguage":"hu","potentialAction":[{"@type":"ReadAction","target":["https:\/\/liked.hu\/old\/erdekes\/miert-kerulhetsz-veszelybe-ha-a-fotoidon-bekejelet-mutatsz\/"]}]},{"@type":"BreadcrumbList","@id":"https:\/\/liked.hu\/old\/erdekes\/miert-kerulhetsz-veszelybe-ha-a-fotoidon-bekejelet-mutatsz\/#breadcrumb","itemListElement":[{"@type":"ListItem","position":1,"name":"Kezd\u0151lap","item":"https:\/\/liked.hu\/old\/"},{"@type":"ListItem","position":2,"name":"Mi\u00e9rt ker\u00fclhetsz vesz\u00e9lybe, ha a fot\u00f3idon b\u00e9kejelet mutatsz?"}]},{"@type":"WebSite","@id":"https:\/\/liked.hu\/old\/#website","url":"https:\/\/liked.hu\/old\/","name":"Liked.hu","description":"","publisher":{"@id":"https:\/\/liked.hu\/old\/#organization"},"potentialAction":[{"@type":"SearchAction","target":{"@type":"EntryPoint","urlTemplate":"https:\/\/liked.hu\/old\/?s={search_term_string}"},"query-input":"required name=search_term_string"}],"inLanguage":"hu"},{"@type":"Organization","@id":"https:\/\/liked.hu\/old\/#organization","name":"Liked.hu","url":"https:\/\/liked.hu\/old\/","sameAs":["https:\/\/hu.pinterest.com\/likedhungary\/","https:\/\/www.youtube.com\/channel\/UCPv91dbMoIukYcM9b9nHN6Q","https:\/\/www.facebook.com\/liked.hu","https:\/\/twitter.com\/LikedHu"],"logo":{"@type":"ImageObject","inLanguage":"hu","@id":"https:\/\/liked.hu\/old\/#\/schema\/logo\/image\/","url":"https:\/\/liked.hu\/wp-content\/uploads\/2018\/08\/Liked-icon.png","contentUrl":"https:\/\/liked.hu\/wp-content\/uploads\/2018\/08\/Liked-icon.png","width":512,"height":512,"caption":"Liked.hu"},"image":{"@id":"https:\/\/liked.hu\/old\/#\/schema\/logo\/image\/"}},{"@type":"Person","@id":"https:\/\/liked.hu\/old\/#\/schema\/person\/8b92210be73c8af1a8255bd30ebe772b","name":"Tiborc","image":{"@type":"ImageObject","inLanguage":"hu","@id":"https:\/\/liked.hu\/old\/#\/schema\/person\/image\/","url":"https:\/\/liked.hu\/old\/wp-content\/uploads\/avatars\/7\/604de8ed2ffd6-bpfull.jpg","contentUrl":"https:\/\/liked.hu\/old\/wp-content\/uploads\/avatars\/7\/604de8ed2ffd6-bpfull.jpg","caption":"Tiborc"},"url":"https:\/\/liked.hu\/old\/u\/tiborc\/"}]}},"publishpress_future_action":{"enabled":false,"date":"1970-01-01 01:00:00","action":"","terms":[],"taxonomy":"","browser_timezone_offset":0},"_links":{"self":[{"href":"https:\/\/liked.hu\/old\/wp-json\/wp\/v2\/posts\/264270"}],"collection":[{"href":"https:\/\/liked.hu\/old\/wp-json\/wp\/v2\/posts"}],"about":[{"href":"https:\/\/liked.hu\/old\/wp-json\/wp\/v2\/types\/post"}],"author":[{"embeddable":true,"href":"https:\/\/liked.hu\/old\/wp-json\/wp\/v2\/users\/7"}],"replies":[{"embeddable":true,"href":"https:\/\/liked.hu\/old\/wp-json\/wp\/v2\/comments?post=264270"}],"version-history":[{"count":0,"href":"https:\/\/liked.hu\/old\/wp-json\/wp\/v2\/posts\/264270\/revisions"}],"wp:featuredmedia":[{"embeddable":true,"href":"https:\/\/liked.hu\/old\/wp-json\/wp\/v2\/media\/264276"}],"wp:attachment":[{"href":"https:\/\/liked.hu\/old\/wp-json\/wp\/v2\/media?parent=264270"}],"wp:term":[{"taxonomy":"category","embeddable":true,"href":"https:\/\/liked.hu\/old\/wp-json\/wp\/v2\/categories?post=264270"},{"taxonomy":"post_tag","embeddable":true,"href":"https:\/\/liked.hu\/old\/wp-json\/wp\/v2\/tags?post=264270"}],"curies":[{"name":"wp","href":"https:\/\/api.w.org\/{rel}","templated":true}]}}