{"id":257533,"date":"2021-10-13T15:30:43","date_gmt":"2021-10-13T13:30:43","guid":{"rendered":"https:\/\/liked.hu\/old\/?p=257533"},"modified":"2021-10-13T15:31:28","modified_gmt":"2021-10-13T13:31:28","slug":"18-teny-aminek-az-ismerete-egy-nap-segithet-megmenteni-valakinek-az-eletet","status":"publish","type":"post","link":"https:\/\/liked.hu\/old\/erdekes\/18-teny-aminek-az-ismerete-egy-nap-segithet-megmenteni-valakinek-az-eletet\/","title":{"rendered":"18 t\u00e9ny, aminek az ismerete egy nap seg\u00edthet megmenteni valakinek az \u00e9let\u00e9t"},"content":{"rendered":"<p>Az emberek \u00e1lland\u00f3an szembes\u00fclnek neh\u00e9z helyzetekkel, n\u00e9ha an\u00e9lk\u00fcl, hogy egy\u00e1ltal\u00e1n tudn\u00e1nak err\u0151l. Kevesen tudj\u00e1k p\u00e9ld\u00e1ul, hogy a d\u00e9li orsz\u00e1gokban a medenc\u00e9k mellett tal\u00e1lhat\u00f3 hidegvizes zuhanyz\u00f3k nemcsak higi\u00e9niai c\u00e9lokat szolg\u00e1lnak, vagy azt, hogy a f\u00e9nyk\u00e9peken \u00e1lland\u00f3an megjelen\u0151 \u201ev\u00f6r\u00f6sszem\u201d jelens\u00e9g ak\u00e1r s\u00falyos betegs\u00e9gre is utalhat.<\/p>\n<p style=\"text-align: center;\">\n<div style=\"float:none;margin:0px 0 0px 0;text-align:center;\">\n<div class=\"mobileShowkakettes\"><div class=\"mobileShowka2\"><div style=\"padding-top:0px;padding-bottom:15px;min-height: 300px;\"><div class=\"hirdetes\">HIRDET\u00c9S<\/div>\n<!-- 300lista -->\n<ins class=\"adsbygoogle\"\n     style=\"display:inline-block;width:300px;height:250px\"\n     data-ad-client=\"ca-pub-9424088931673893\"\n     data-ad-slot=\"8471340766\"><\/ins>\n<script async>\n     (adsbygoogle = window.adsbygoogle || []).push({});\n<\/script><\/div><\/div><\/div><\/div>\n<p>A <strong>Liked.hu<\/strong>-n\u00e1l \u00f6r\u00f6mmel osztjuk meg veletek a nemr\u00e9g tanult tud\u00e1sunkat, amely hasznos lehet a kritikus helyzetekben \u00e9s a mindennapi \u00e9letben egyar\u00e1nt.<\/p>\n<p><img loading=\"lazy\" class=\"aligncenter size-full wp-image-257541\" src=\"https:\/\/liked.hu\/old\/wp-content\/uploads\/2021\/10\/Metroba-esett-szemely-megmentese.jpg\" alt=\"Metr\u00f3ba esett szem\u00e9ly megment\u00e9se\" width=\"728\" height=\"485\" srcset=\"https:\/\/liked.hu\/old\/wp-content\/uploads\/2021\/10\/Metroba-esett-szemely-megmentese.jpg 728w, https:\/\/liked.hu\/old\/wp-content\/uploads\/2021\/10\/Metroba-esett-szemely-megmentese-360x240.jpg 360w\" sizes=\"(max-width: 728px) 100vw, 728px\" \/><\/p>\n<ul>\n<li class=\"cikk\">A metr\u00f3szerelv\u00e9nyek a s\u00ednek mellett fut\u00f3 harmadik s\u00ednr\u0151l kapj\u00e1k az \u00e1ramot, melynek a k\u00f6zvetlen k\u00f6zel\u00e9ben tart\u00f3zkodni \u00e9letvesz\u00e9lyes. Ha valaki a s\u00ednek k\u00f6z\u00e9 esik \u00e9s megpr\u00f3b\u00e1l visszam\u00e1szni a peronra, b\u00e1rmennyire is etik\u00e1tlannak t\u0171nik, a saj\u00e1t \u00e9rdek\u00fcnkben v\u00e9letlen\u00fcl sem szabad kezet ny\u00fajtani neki, ha ugyanis v\u00e9letlen\u00fcl hozz\u00e1\u00e9r ehhez a harmadik s\u00ednhez, akkor a hal\u00e1los \u00e1ram\u00fct\u00e9s ugyan\u00fagy minket is eltal\u00e1l. A legjobb, amit ilyenkor tehet\u00fcnk, ha elkezd\u00fcnk a szerelv\u00e9ny menetir\u00e1ny\u00e1val ellent\u00e9tes ir\u00e1nyba futni, hogy az alag\u00fat elej\u00e9n \u00e1llva integethess\u00fcnk a mozdonyvezet\u0151nek, \u00e9s ez\u00e1ltal miel\u0151bb meg tudja \u00e1ll\u00edtani a szerelv\u00e9nyt.<\/li>\n<li class=\"cikk\">Ha nem tudsz \u00faszni \u00e9s beleesel a v\u00edzbe, ne pr\u00f3b\u00e1lj meg elkezdeni \u00faszni. A legfontosabb ilyenkor a szab\u00e1lyos l\u00e9gz\u00e9s \u00e9s a v\u00edzfelsz\u00ednen marad\u00e1s. Ehhez annyit kell tenned, hogy a h\u00e1tadra kell fek\u00fcdn\u00f6d \u00e9s a fejedet kiss\u00e9 h\u00e1tra d\u00f6ntve, el kell laz\u00edtanod mindened.<\/li>\n<li class=\"cikk\">Abban az esetben, ha hideg v\u00edzbe esel (15\u00b0C alatti v\u00edz), az els\u0151 percben szint\u00e9n le kell gy\u0151zni az \u00fasz\u00e1s ir\u00e1nti k\u00e9sztet\u00e9st. A hidegv\u00edz ugyanis \u00f6sszeh\u00fazza az ereket, amit\u0151l a sz\u00edv gyorsabban dolgozik \u00e9s megnehez\u00edti a l\u00e9gz\u00e9st, ez\u00e1ltal n\u00f6velve a bel\u00e9gzett v\u00edz kock\u00e1zat\u00e1t. A p\u00e1nikba esett partra \u00fasz\u00e1s ilyen helyzetben fullad\u00e1shoz is vezethet. Ezt hidegsokknak nevezik. Ha ilyen helyzetbe ker\u00fclsz, az els\u0151 l\u00e9p\u00e9s az, hogy megnyugodj, \u00e9s adj egy kis id\u0151t a testednek, am\u00edg megszokja az \u00faj k\u00f6rnyezetet. Ehhez szint\u00e9n alkalmazhatjuk a kor\u00e1bban eml\u00edtett v\u00edzre fekv\u0151s taktik\u00e1t. \u00c1ltal\u00e1ban 1 perc elegend\u0151 hozz\u00e1, hogy a test megszokja a hidegvizet, ezut\u00e1n el lehet kezdeni az \u00fasz\u00e1st.<\/li>\n<\/ul>\n<p style=\"text-align: center;\">\n<div style=\"float:none;margin:0px 0 0px 0;text-align:center;\">\n<div class=\"mobileHideke5\"><div style=\"margin-top:25px;\"><div class=\"hirdeteshatter\"><div style=\"display: inline-block;width: 50%;min-width:305px;vertical-align: top;\"><div class=\"hirdetes\">HIRDET\u00c9S<\/div>\n<!-- LikedQ51 -->\n<ins class=\"adsbygoogle\"\n     style=\"display:inline-block;width:300px;height:250px\"\n     data-ad-client=\"ca-pub-9424088931673893\"\n     data-ad-slot=\"8284063326\"><\/ins>\n<script async>\n     (adsbygoogle = window.adsbygoogle || []).push({});\n<\/script><\/div><div style=\"display: inline-block;width: 50%;min-width:305px;vertical-align: top;\"><div class=\"hirdetes\">HIRDET\u00c9S<\/div>\n<!-- LikedQ52 -->\n<ins class=\"adsbygoogle\"\n     style=\"display:inline-block;width:300px;height:250px\"\n     data-ad-client=\"ca-pub-9424088931673893\"\n     data-ad-slot=\"2840164950\"><\/ins>\n<script async>\n     (adsbygoogle = window.adsbygoogle || []).push({});\n<\/script><\/div><\/div><\/div><\/div>\n<div style=\"display:flex;flex-direction:column;\"><div class=\"mobileShowka5\"><div style=\"padding-top:10px;padding-bottom:10px;min-height: 300px;\"><div class=\"hirdetes\">HIRDET\u00c9S<\/div>\n<!-- LikedQ5M -->\n<ins class=\"adsbygoogle\"\n     style=\"display:inline-block;width:300px;height:250px\"\n     data-ad-client=\"ca-pub-9424088931673893\"\n     data-ad-slot=\"9022429928\"><\/ins>\n<script async>\n     (adsbygoogle = window.adsbygoogle || []).push({});\n<\/script><\/div><\/div><\/div><\/div>\n<p><img loading=\"lazy\" class=\"aligncenter size-full wp-image-257540\" src=\"https:\/\/liked.hu\/old\/wp-content\/uploads\/2021\/10\/Voroses-szem-a-fotokon.jpg\" alt=\"V\u00f6r\u00f6ses szem a fot\u00f3kon\" width=\"728\" height=\"419\" srcset=\"https:\/\/liked.hu\/old\/wp-content\/uploads\/2021\/10\/Voroses-szem-a-fotokon.jpg 728w, https:\/\/liked.hu\/old\/wp-content\/uploads\/2021\/10\/Voroses-szem-a-fotokon-360x207.jpg 360w\" sizes=\"(max-width: 728px) 100vw, 728px\" \/><\/p>\n<ul>\n<li class=\"cikk\">Ha f\u00e9nyk\u00e9pez\u00e9s k\u00f6zben haszn\u00e1lt\u00e1l m\u00e1r vakut, akkor val\u00f3sz\u00edn\u0171leg te is megfigyelted m\u00e1r, hogy a k\u00e9peken gyakran \u00fagynevezett v\u00f6r\u00f6sszem-effektus jelenik meg. Ez abszol\u00fat norm\u00e1lis: ha a szemek k\u00f6zvetlen\u00fcl a lencs\u00e9be n\u00e9znek. N\u00e9ha a jelens\u00e9g m\u00e1s sz\u00edn\u0171 is lehet: s\u00e1rga, feh\u00e9r, s\u0151t m\u00e9g ak\u00e1r fekete is. Ha azonban ez minden f\u00e9nyk\u00e9pen megjelenik, az ak\u00e1r s\u00falyos l\u00e1t\u00e1si probl\u00e9m\u00e1ra is utalhat, ez\u00e9rt \u00e9rdemes szem\u00e9szhez fordulni vele. Ez a feln\u0151ttekre \u00e9s gyermekekre egyar\u00e1nt vonatkozik.<\/li>\n<li class=\"cikk\">Az aut\u00f3ban \u00e9rdemes egy speci\u00e1lis ment\u0151kalap\u00e1csot tartani, amiben penge is tal\u00e1lhat\u00f3. V\u00e9szhelyzet eset\u00e9n gyorsan be lehet t\u00f6rni vele az ablakot \u00e9s lev\u00e1gni magunkr\u00f3l a biztons\u00e1gi \u00f6vet, ha m\u00e1s m\u00f3don nem tudjuk kicsatolni.<\/li>\n<li class=\"cikk\">Ha a medenc\u00e9ben bizserg\u0151 \u00e9rz\u00e9st \u00e9rzel az izmaidban, vagy \u00fagy \u00e9rzed, hogy neh\u00e9zkes a mozg\u00e1s, akkor azonnal hagyd el a medenc\u00e9t. Ez ugyanis annak a jele, hogy a v\u00edz fesz\u00fclts\u00e9g alatt van. Ezt okozhatja p\u00e9ld\u00e1ul valamilyen hozz\u00e1 kapcsol\u00f3d\u00f3 elektromos berendez\u00e9s meghib\u00e1sod\u00e1sa, ez\u00e9rt fontos, hogy azonnal hagyd el a medenc\u00e9t, \u00e9s sz\u00f3l\u00edts fel erre m\u00e1sokat is. Ebben az esetben is igaz, hogy v\u00e9letlen\u00fcl sem szabad seg\u00e9dkezet ny\u00fajtani a v\u00edzben l\u00e9v\u0151 embereknek, ilyen esetben ugyanis az \u00e1ram\u00fct\u00e9s a medence partj\u00e1n \u00e1ll\u00f3 embereket is vesz\u00e9lyezteti.<\/li>\n<\/ul>\n<p style=\"text-align: center;\">\n<div style=\"float:none;margin:0px 0 0px 0;text-align:center;\">\n<div class=\"mobileHideke8\"><div class=\"hirdeteshatter\"><div style=\"display: inline-block;width: 50%;min-width:340px;vertical-align: top;\"><div class=\"hirdetes\">HIRDET\u00c9S<\/div>\n<!-- LikedQ81 -->\n<ins class=\"adsbygoogle\"\n     style=\"display:inline-block;width:336px;height:280px\"\n     data-ad-client=\"ca-pub-9424088931673893\"\n     data-ad-slot=\"2436840276\"><\/ins>\n<script async>\n     (adsbygoogle = window.adsbygoogle || []).push({});\n<\/script><\/div><div style=\"display: inline-block;width: 50%;min-width:340px;vertical-align: top;\"><div class=\"hirdetes\">HIRDET\u00c9S<\/div>\n<!-- LikedQ82 -->\n<ins class=\"adsbygoogle\"\n     style=\"display:inline-block;width:336px;height:280px\"\n     data-ad-client=\"ca-pub-9424088931673893\"\n     data-ad-slot=\"3558350253\"><\/ins>\n<script async>\n     (adsbygoogle = window.adsbygoogle || []).push({});\n<\/script><\/div><\/div><\/div>\n<div style=\"display:flex;flex-direction:column;\"><div class=\"mobileShowka8 nyolc\"><div style=\"padding-top:15px;padding-bottom:5px;min-height: 300px;\"><div class=\"hirdetes\">HIRDET\u00c9S<\/div>\n<!-- LikedQ8M -->\n<ins class=\"adsbygoogle\"\n     style=\"display:inline-block;width:336px;height:280px\"\n     data-ad-client=\"ca-pub-9424088931673893\"\n     data-ad-slot=\"4679860235\"><\/ins>\n<script async>\n     (adsbygoogle = window.adsbygoogle || []).push({});\n<\/script><\/div><\/div><\/div><\/div>\n<p><img loading=\"lazy\" class=\"aligncenter size-full wp-image-257539\" src=\"https:\/\/liked.hu\/old\/wp-content\/uploads\/2021\/10\/Repulogep-torzse.jpg\" alt=\"Rep\u00fcl\u0151g\u00e9p t\u00f6rzse\" width=\"728\" height=\"1092\" srcset=\"https:\/\/liked.hu\/old\/wp-content\/uploads\/2021\/10\/Repulogep-torzse.jpg 728w, https:\/\/liked.hu\/old\/wp-content\/uploads\/2021\/10\/Repulogep-torzse-360x540.jpg 360w\" sizes=\"(max-width: 728px) 100vw, 728px\" \/><\/p>\n<ul>\n<li class=\"cikk\">Azt hihetn\u00e9nk, hogy a rep\u00fcl\u0151g\u00e9peken nincsenek biztons\u00e1gos \u00e9s kev\u00e9sb\u00e9 biztons\u00e1gos \u00fcl\u00e9sek, de ha megn\u00e9zz\u00fck a statisztik\u00e1kat, kider\u00fcl, hogy azok, akik a g\u00e9p h\u00e1tulj\u00e1ban foglalnak helyet, nagyobb es\u00e9llyel \u00e9lnek t\u00fal egy balesetet. Legnagyobb vesz\u00e9lyben a kabin k\u00f6zep\u00e9n l\u00e9v\u0151 utasok vannak, \u00e1m egy esetleges k\u00e9nyszerlesz\u00e1ll\u00e1s eset\u00e9n, a v\u00e9szkij\u00e1ratok k\u00f6zel\u00e9ben \u00fclve ezek az emberek tudj\u00e1k leghamarabb elhagyni a g\u00e9pet, sz\u00f3val elk\u00e9pzelhet\u0151 olyan forgat\u00f3k\u00f6nyv is, amikor \u00e9pp, hogy \u0151k vannak a legnagyobb biztons\u00e1gban.<\/li>\n<li class=\"cikk\">A filmekben, amikor valaki elvesz\u00edti az eszm\u00e9let\u00e9t, a t\u00f6bbi szerepl\u0151 elkezdi pofozni vagy r\u00e1zni, amit\u0151l az illet\u0151 fel\u00e9bred. A val\u00f3s\u00e1gban azonban ez nem m\u0171k\u00f6dik. Nem lehet felkelteni egy eszm\u00e9letlen embert sem pofoz\u00e1ssal, sem r\u00e1z\u00e1ssal, s\u0151t m\u00e9g azzal sem, ha r\u00fagdossuk. Sokkal c\u00e9lravezet\u0151bb, ha ehelyett ink\u00e1bb megpr\u00f3b\u00e1ljuk felemelni az illet\u0151 l\u00e1bait, ett\u0151l ugyanis a v\u00e9r a fej\u00e9hez folyik \u00e9s nagyobb es\u00e9llyel t\u00e9r mag\u00e1hoz. Ha egy el\u00e1jult ember nem t\u00e9r mag\u00e1hoz egy percen bel\u00fcl, akkor azonnal ment\u0151t kell h\u00edvni.<\/li>\n<\/ul>\n<p><!--nextpage--><\/p>\n<ul style=\"padding-top: 30px;\">\n<li class=\"cikk\">Amikor egy lift elakad, az utasoknak fel kell venni\u00fck a kapcsolatot a krabantart\u00f3 szem\u00e9lyzettel. Soha ne pr\u00f3b\u00e1ld meg k\u00e9zzel kinyitni az ajt\u00f3kat, \u00e9s akkor se ny\u00falj hozz\u00e1, ha nyitva vannak. A mechanizmus b\u00e1rmikor \u00fajraindulhat \u00e9s az ajt\u00f3k k\u00f6z\u00e9 szorulhatsz. Szint\u00e9n tilos elkezedni ugr\u00e1lni a liftben, annak rem\u00e9ny\u00e9ben, hogy ett\u0151l majd \u00fajraindul a rendszer.<\/li>\n<\/ul>\n<p><img loading=\"lazy\" class=\"aligncenter size-full wp-image-257538\" src=\"https:\/\/liked.hu\/old\/wp-content\/uploads\/2021\/10\/Muszerfalra-tett-lab.jpg\" alt=\"M\u0171szerfalra tett l\u00e1b\" width=\"728\" height=\"489\" srcset=\"https:\/\/liked.hu\/old\/wp-content\/uploads\/2021\/10\/Muszerfalra-tett-lab.jpg 728w, https:\/\/liked.hu\/old\/wp-content\/uploads\/2021\/10\/Muszerfalra-tett-lab-360x242.jpg 360w\" sizes=\"(max-width: 728px) 100vw, 728px\" \/><\/p>\n<ul>\n<li class=\"cikk\">Soha ne tedd fel a l\u00e1bad egy aut\u00f3 m\u0171szerfal\u00e1ra. V\u00e9szhelyzet eset\u00e9n a l\u00e9gzs\u00e1kok egy pillanat alatt kioldanak, \u00e9s ha ez megt\u00f6rt\u00e9nik, akkor egyszer\u0171en a nyakadba tolj\u00e1k a l\u00e1baidat, ami s\u00falyos k\u00f6vetkezm\u00e9nyekhez vezethet m\u00e9g akkor is, ha egy\u00e9bk\u00e9nt alacsony sebess\u00e9gn\u00e9l t\u00f6rt\u00e9nik a baleset. A l\u00e9gzs\u00e1k n\u00e9lk\u00fcli kocsikra is ugyanez igaz, ugyanis m\u00e9g az apr\u00f3 koccan\u00e1sokn\u00e1l is s\u00falyos s\u00e9r\u00fcl\u00e9seket lehet szerezni a m\u0171szerfalra tett l\u00e1bakkal.<\/li>\n<li class=\"cikk\">Ha leszakad mell\u00e9d egy elektromos vezet\u00e9k, ne kezdj el azonnal rohanni, hogy min\u00e9l messzebb ker\u00fclj a ter\u00fclett\u0151l. \u00c1llj meg, z\u00e1rd \u00f6ssze a l\u00e1baid, \u00e9s p\u00e1ros l\u00e1bbal ugorva hagyd el a ter\u00fcletet. Ellenkez\u0151 esetben \u00e1ram\u00fct\u00e9s \u00e9rhet fut\u00e1s k\u00f6zben.<\/li>\n<li class=\"cikk\">Ha egy fesz\u00fclts\u00e9g alatt \u00e1ll\u00f3 vezet\u00e9k esik a kocsidra, ne hagyd el a j\u00e1rm\u0171vet. Maradj bent, h\u00edvd a ment\u0151ket \u00e9s v\u00e1rd meg a seg\u00edts\u00e9get. Az aut\u00f3ban \u00fclve ilyenkor a legt\u00f6bb esetben biztons\u00e1gban vagy. Ha valamilyen okn\u00e1l fogva a j\u00e1rm\u0171 kigyulladna, akkor fontos, hogy ne futva hagyd el a helysz\u00ednt, hanem az el\u0151z\u0151 pontban eml\u00edtett p\u00e1ros l\u00e1bbal ugr\u00e1l\u00f3s m\u00f3dszer seg\u00edts\u00e9g\u00e9vel.<\/li>\n<\/ul>\n<p style=\"text-align: center;\">\n<div style=\"float:none;margin:0px 0 0px 0;text-align:center;\">\n<div class=\"mobileHideke5\"><div style=\"margin-top:25px;\"><div class=\"hirdeteshatter\"><div style=\"display: inline-block;width: 50%;min-width:305px;vertical-align: top;\"><div class=\"hirdetes\">HIRDET\u00c9S<\/div>\n<!-- LikedQ51 -->\n<ins class=\"adsbygoogle\"\n     style=\"display:inline-block;width:300px;height:250px\"\n     data-ad-client=\"ca-pub-9424088931673893\"\n     data-ad-slot=\"8284063326\"><\/ins>\n<script async>\n     (adsbygoogle = window.adsbygoogle || []).push({});\n<\/script><\/div><div style=\"display: inline-block;width: 50%;min-width:305px;vertical-align: top;\"><div class=\"hirdetes\">HIRDET\u00c9S<\/div>\n<!-- LikedQ52 -->\n<ins class=\"adsbygoogle\"\n     style=\"display:inline-block;width:300px;height:250px\"\n     data-ad-client=\"ca-pub-9424088931673893\"\n     data-ad-slot=\"2840164950\"><\/ins>\n<script async>\n     (adsbygoogle = window.adsbygoogle || []).push({});\n<\/script><\/div><\/div><\/div><\/div>\n<div style=\"display:flex;flex-direction:column;\"><div class=\"mobileShowka5\"><div style=\"padding-top:10px;padding-bottom:10px;min-height: 300px;\"><div class=\"hirdetes\">HIRDET\u00c9S<\/div>\n<!-- LikedQ5M -->\n<ins class=\"adsbygoogle\"\n     style=\"display:inline-block;width:300px;height:250px\"\n     data-ad-client=\"ca-pub-9424088931673893\"\n     data-ad-slot=\"9022429928\"><\/ins>\n<script async>\n     (adsbygoogle = window.adsbygoogle || []).push({});\n<\/script><\/div><\/div><\/div><\/div>\n<p><img loading=\"lazy\" class=\"aligncenter size-full wp-image-257537\" src=\"https:\/\/liked.hu\/old\/wp-content\/uploads\/2021\/10\/Strand-hideg-zuhany.jpg\" alt=\"Strand hideg zuhany\" width=\"728\" height=\"610\" srcset=\"https:\/\/liked.hu\/old\/wp-content\/uploads\/2021\/10\/Strand-hideg-zuhany.jpg 728w, https:\/\/liked.hu\/old\/wp-content\/uploads\/2021\/10\/Strand-hideg-zuhany-360x302.jpg 360w\" sizes=\"(max-width: 728px) 100vw, 728px\" \/><\/p>\n<ul>\n<li class=\"cikk\">A forr\u00f3, d\u00e9li orsz\u00e1gokban gyakran tal\u00e1lkozunk zuhanyz\u00f3kkal a medenc\u00e9k \u00e9s tengerpartok k\u00f6zel\u00e9ben. A legt\u00f6bben azt hihetn\u00e9nk, hogy ez csak a higi\u00e9nia miatt van, de ez nem teljesen igaz. Fontos, hogy minden v\u00edzbe men\u00e9s el\u0151tt \u00f6bl\u00edts\u00fck le a test\u00fcnket, a 40\u00b0C vagy ann\u00e1l magasabb h\u0151m\u00e9rs\u00e9kletb\u0151l v\u00edzbe l\u00e9pni ugyanis nagyon kock\u00e1zatos. A hirtelen h\u0151m\u00e9rs\u00e9kletk\u00fcl\u00f6nbs\u00e9g hideg sokkot okozhat, amely rosszabb esetben sz\u00edvrohamhoz, fullad\u00e1shoz \u00e9s hal\u00e1lhoz vezethet.<\/li>\n<li class=\"cikk\">Ha s\u00f6t\u00e9tben vagy rosszul megvil\u00e1g\u00edtott \u00faton s\u00e9t\u00e1lsz, mindig legyen k\u00e9zn\u00e9l a telefonod \u00e9s vil\u00e1g\u00edtson a k\u00e9perny\u0151je. Ha egy aut\u00f3 j\u00f6n veled szemben, akkor kezdd el lengetni a telefonod vil\u00e1g\u00edt\u00f3 k\u00e9perny\u0151j\u00e9t, hogy a sof\u0151r eg\u00e9szen biztosan \u00e9szrevegyen.<\/li>\n<li class=\"cikk\">Az \u00fatra festett vonalak \u00e9s ir\u00e1nyjelz\u0151 szimb\u00f3lumok bizonyos m\u00e9rt\u00e9kben f\u00e9nyvisszaver\u0151 fest\u00e9kb\u0151l k\u00e9sz\u00fclnek, ami nagyon praktikus a s\u00f6t\u00e9tben, viszont es\u0151s id\u0151 eset\u00e9n cs\u00fasz\u00f3ss\u00e1 v\u00e1lhatnak. Fontos, hogy soha ne kezdj\u00fcnk hirtelen f\u00e9kez\u00e9sbe, ha az aut\u00f3nk, de f\u0151leg a motorunk vagy ker\u00e9kp\u00e1runk kereke \u00e9pp az ilyen jelz\u00e9seken van, ellenkez\u0151 esetben megcs\u00faszhatunk \u00e9s komoly balesetet szenvedhet\u00fcnk.<\/li>\n<\/ul>\n<p style=\"text-align: center;\">\n<div style=\"float:none;margin:0px 0 0px 0;text-align:center;\">\n<div class=\"mobileHideke8\"><div class=\"hirdeteshatter\"><div style=\"display: inline-block;width: 50%;min-width:340px;vertical-align: top;\"><div class=\"hirdetes\">HIRDET\u00c9S<\/div>\n<!-- LikedQ81 -->\n<ins class=\"adsbygoogle\"\n     style=\"display:inline-block;width:336px;height:280px\"\n     data-ad-client=\"ca-pub-9424088931673893\"\n     data-ad-slot=\"2436840276\"><\/ins>\n<script async>\n     (adsbygoogle = window.adsbygoogle || []).push({});\n<\/script><\/div><div style=\"display: inline-block;width: 50%;min-width:340px;vertical-align: top;\"><div class=\"hirdetes\">HIRDET\u00c9S<\/div>\n<!-- LikedQ82 -->\n<ins class=\"adsbygoogle\"\n     style=\"display:inline-block;width:336px;height:280px\"\n     data-ad-client=\"ca-pub-9424088931673893\"\n     data-ad-slot=\"3558350253\"><\/ins>\n<script async>\n     (adsbygoogle = window.adsbygoogle || []).push({});\n<\/script><\/div><\/div><\/div>\n<div style=\"display:flex;flex-direction:column;\"><div class=\"mobileShowka8 nyolc\"><div style=\"padding-top:15px;padding-bottom:5px;min-height: 300px;\"><div class=\"hirdetes\">HIRDET\u00c9S<\/div>\n<!-- LikedQ8M -->\n<ins class=\"adsbygoogle\"\n     style=\"display:inline-block;width:336px;height:280px\"\n     data-ad-client=\"ca-pub-9424088931673893\"\n     data-ad-slot=\"4679860235\"><\/ins>\n<script async>\n     (adsbygoogle = window.adsbygoogle || []).push({});\n<\/script><\/div><\/div><\/div><\/div>\n<p><img loading=\"lazy\" class=\"aligncenter size-full wp-image-257534\" src=\"https:\/\/liked.hu\/old\/wp-content\/uploads\/2021\/10\/Muanyag-palackok-ujrafelhasznalasa.jpg\" alt=\"M\u0171anyag palackok \u00fajrafelhaszn\u00e1l\u00e1sa\" width=\"728\" height=\"1026\" srcset=\"https:\/\/liked.hu\/old\/wp-content\/uploads\/2021\/10\/Muanyag-palackok-ujrafelhasznalasa.jpg 728w, https:\/\/liked.hu\/old\/wp-content\/uploads\/2021\/10\/Muanyag-palackok-ujrafelhasznalasa-360x507.jpg 360w\" sizes=\"(max-width: 728px) 100vw, 728px\" \/><\/p>\n<ul>\n<li class=\"cikk\">Sokan azt hiszik, hogy a m\u0171anyag term\u00e9keket kiv\u00e9tel n\u00e9lk\u00fcl \u00fajra lehet hasznos\u00edtani, ez azonban nem \u00edgy van. Nagyon fontos figyelni a rajtuk tal\u00e1lhat\u00f3 h\u00e1romsz\u00f6g alak\u00fa jelz\u00e9st, ez mutatja ugyanis, hogy milyen anyagb\u00f3l k\u00e9sz\u00fclt pontosan a jelz\u00e9s. Ezt a h\u00e1romsz\u00f6gben l\u00e9v\u0151 sz\u00e1mra r\u00e1keresve tudjuk meg\u00e1llap\u00edtani, \u00e9s ez nagyon fontos, mivel bizonyos anyagok m\u00e9rgez\u0151k vagy vesz\u00e9lyes anyagokat szabad\u00edtanak fel az \u00fajrafelhaszn\u00e1l\u00e1s sor\u00e1n.<\/li>\n<li class=\"cikk\">Ha egy buliban vagy k\u00e1v\u00e9z\u00f3ban valaki megh\u00edv egy italra, de az italnak s\u00f3s \u00edze van, semmik\u00e9pp se idd meg. Ilyen esetben nagyon val\u00f3sz\u00edn\u0171, hogy az ital valamilyen illeg\u00e1lis anyagot tartalmaz, \u00e9s csak ki akarnak rabolni, vagy m\u00e1s m\u00f3don \u00e1rtani.<\/li>\n<li class=\"cikk\">H\u00e1nyinger eset\u00e9n soha ne tartsd vissza a h\u00e1ny\u00e1st, \u00edgy ugyanis bejuthat a l\u00e9gutakba. Teljesen mindegy, hogy a vend\u00e9gs\u00e9gben, egy nyilv\u00e1nos helyen, vagy a munkahelyeden t\u00f6rt\u00e9nik ez veled, felejtsd el az illemet, mert ebben az esetekben az eg\u00e9szs\u00e9ged sokkal fontosabb, mivel v\u00e9gzetes k\u00f6vetkezm\u00e9nyekkel is j\u00e1rhat.<\/li>\n<\/ul>\n","protected":false},"excerpt":{"rendered":"<p>Az emberek \u00e1lland\u00f3an szembes\u00fclnek neh\u00e9z helyzetekkel, n\u00e9ha an\u00e9lk\u00fcl, hogy egy\u00e1ltal\u00e1n tudn\u00e1nak err\u0151l. Kevesen tudj\u00e1k p\u00e9ld\u00e1ul, hogy a d\u00e9li orsz\u00e1gokban a medenc\u00e9k mellett tal\u00e1lhat\u00f3 hidegvizes zuhanyz\u00f3k nemcsak higi\u00e9niai c\u00e9lokat szolg\u00e1lnak, vagy azt, hogy a f\u00e9nyk\u00e9peken \u00e1lland\u00f3an megjelen\u0151 \u201ev\u00f6r\u00f6sszem\u201d jelens\u00e9g ak\u00e1r s\u00falyos betegs\u00e9gre is utalhat. A Liked.hu-n\u00e1l \u00f6r\u00f6mmel osztjuk meg veletek a nemr\u00e9g tanult tud\u00e1sunkat, amely hasznos [&hellip;]<\/p>\n","protected":false},"author":4,"featured_media":257542,"comment_status":"open","ping_status":"closed","sticky":false,"template":"","format":"standard","meta":{"buzzeditor_post_format":""},"categories":[23],"tags":[3428,5823,2500,2789],"yoast_head":"<!-- This site is optimized with the Yoast SEO plugin v19.6.1 - https:\/\/yoast.com\/wordpress\/plugins\/seo\/ -->\n<title>18 t\u00e9ny, aminek az ismerete egy nap seg\u00edthet megmenteni valakinek az \u00e9let\u00e9t<\/title>\n<meta name=\"description\" content=\"Az emberek \u00e1lland\u00f3an szembes\u00fclnek neh\u00e9z helyzetekkel, n\u00e9ha an\u00e9lk\u00fcl, hogy egy\u00e1ltal\u00e1n tudn\u00e1nak err\u0151l. Kevesen tudj\u00e1k p\u00e9ld\u00e1ul, hogy a d\u00e9li orsz\u00e1gokban a\" \/>\n<meta name=\"robots\" content=\"index, follow, max-snippet:-1, max-image-preview:large, max-video-preview:-1\" \/>\n<link rel=\"canonical\" href=\"https:\/\/liked.hu\/old\/erdekes\/18-teny-aminek-az-ismerete-egy-nap-segithet-megmenteni-valakinek-az-eletet\/\" \/>\n<link rel=\"next\" href=\"https:\/\/liked.hu\/old\/erdekes\/18-teny-aminek-az-ismerete-egy-nap-segithet-megmenteni-valakinek-az-eletet\/2\/\" \/>\n<meta property=\"og:locale\" content=\"hu_HU\" \/>\n<meta property=\"og:type\" content=\"article\" \/>\n<meta property=\"og:title\" content=\"18 t\u00e9ny, aminek az ismerete egy nap seg\u00edthet megmenteni valakinek az \u00e9let\u00e9t\" \/>\n<meta property=\"og:description\" content=\"Az emberek \u00e1lland\u00f3an szembes\u00fclnek neh\u00e9z helyzetekkel, n\u00e9ha an\u00e9lk\u00fcl, hogy egy\u00e1ltal\u00e1n tudn\u00e1nak err\u0151l. Kevesen tudj\u00e1k p\u00e9ld\u00e1ul, hogy a d\u00e9li orsz\u00e1gokban a\" \/>\n<meta property=\"og:url\" content=\"https:\/\/liked.hu\/old\/erdekes\/18-teny-aminek-az-ismerete-egy-nap-segithet-megmenteni-valakinek-az-eletet\/\" \/>\n<meta property=\"og:site_name\" content=\"Liked.hu\" \/>\n<meta property=\"article:publisher\" content=\"https:\/\/www.facebook.com\/liked.hu\" \/>\n<meta property=\"article:published_time\" content=\"2021-10-13T13:30:43+00:00\" \/>\n<meta property=\"article:modified_time\" content=\"2021-10-13T13:31:28+00:00\" \/>\n<meta property=\"og:image\" content=\"https:\/\/liked.hu\/old\/wp-content\/uploads\/2021\/10\/Tanacsok-eletveszelyes-helyzetekre.jpg\" \/>\n\t<meta property=\"og:image:width\" content=\"1200\" \/>\n\t<meta property=\"og:image:height\" content=\"630\" \/>\n\t<meta property=\"og:image:type\" content=\"image\/jpeg\" \/>\n<meta name=\"author\" content=\"Simbakim\" \/>\n<meta name=\"twitter:card\" content=\"summary\" \/>\n<meta name=\"twitter:creator\" content=\"@LikedHu\" \/>\n<meta name=\"twitter:site\" content=\"@LikedHu\" \/>\n<meta name=\"twitter:label1\" content=\"Szerz\u0151:\" \/>\n\t<meta name=\"twitter:data1\" content=\"Simbakim\" \/>\n\t<meta name=\"twitter:label2\" content=\"Becs\u00fclt olvas\u00e1si id\u0151\" \/>\n\t<meta name=\"twitter:data2\" content=\"8 perc\" \/>\n<script type=\"application\/ld+json\" class=\"yoast-schema-graph\">{\"@context\":\"https:\/\/schema.org\",\"@graph\":[{\"@type\":\"Article\",\"@id\":\"https:\/\/liked.hu\/old\/erdekes\/18-teny-aminek-az-ismerete-egy-nap-segithet-megmenteni-valakinek-az-eletet\/#article\",\"isPartOf\":{\"@id\":\"https:\/\/liked.hu\/old\/erdekes\/18-teny-aminek-az-ismerete-egy-nap-segithet-megmenteni-valakinek-az-eletet\/\"},\"author\":{\"name\":\"Simbakim\",\"@id\":\"https:\/\/liked.hu\/old\/#\/schema\/person\/e8b79b280dc82c4ac9b973eedc274b75\"},\"headline\":\"18 t\u00e9ny, aminek az ismerete egy nap seg\u00edthet megmenteni valakinek az \u00e9let\u00e9t\",\"datePublished\":\"2021-10-13T13:30:43+00:00\",\"dateModified\":\"2021-10-13T13:31:28+00:00\",\"mainEntityOfPage\":{\"@id\":\"https:\/\/liked.hu\/old\/erdekes\/18-teny-aminek-az-ismerete-egy-nap-segithet-megmenteni-valakinek-az-eletet\/\"},\"wordCount\":1671,\"commentCount\":1,\"publisher\":{\"@id\":\"https:\/\/liked.hu\/old\/#organization\"},\"keywords\":[\"\u00e9letvesz\u00e9ly\",\"Ma tudtam meg!\",\"tan\u00e1cs\",\"vesz\u00e9ly\"],\"articleSection\":[\"\u00c9rdekess\u00e9gek\"],\"inLanguage\":\"hu\",\"potentialAction\":[{\"@type\":\"CommentAction\",\"name\":\"Comment\",\"target\":[\"https:\/\/liked.hu\/old\/erdekes\/18-teny-aminek-az-ismerete-egy-nap-segithet-megmenteni-valakinek-az-eletet\/#respond\"]}]},{\"@type\":\"WebPage\",\"@id\":\"https:\/\/liked.hu\/old\/erdekes\/18-teny-aminek-az-ismerete-egy-nap-segithet-megmenteni-valakinek-az-eletet\/\",\"url\":\"https:\/\/liked.hu\/old\/erdekes\/18-teny-aminek-az-ismerete-egy-nap-segithet-megmenteni-valakinek-az-eletet\/\",\"name\":\"18 t\u00e9ny, aminek az ismerete egy nap seg\u00edthet megmenteni valakinek az \u00e9let\u00e9t\",\"isPartOf\":{\"@id\":\"https:\/\/liked.hu\/old\/#website\"},\"datePublished\":\"2021-10-13T13:30:43+00:00\",\"dateModified\":\"2021-10-13T13:31:28+00:00\",\"description\":\"Az emberek \u00e1lland\u00f3an szembes\u00fclnek neh\u00e9z helyzetekkel, n\u00e9ha an\u00e9lk\u00fcl, hogy egy\u00e1ltal\u00e1n tudn\u00e1nak err\u0151l. Kevesen tudj\u00e1k p\u00e9ld\u00e1ul, hogy a d\u00e9li orsz\u00e1gokban a\",\"breadcrumb\":{\"@id\":\"https:\/\/liked.hu\/old\/erdekes\/18-teny-aminek-az-ismerete-egy-nap-segithet-megmenteni-valakinek-az-eletet\/#breadcrumb\"},\"inLanguage\":\"hu\",\"potentialAction\":[{\"@type\":\"ReadAction\",\"target\":[\"https:\/\/liked.hu\/old\/erdekes\/18-teny-aminek-az-ismerete-egy-nap-segithet-megmenteni-valakinek-az-eletet\/\"]}]},{\"@type\":\"BreadcrumbList\",\"@id\":\"https:\/\/liked.hu\/old\/erdekes\/18-teny-aminek-az-ismerete-egy-nap-segithet-megmenteni-valakinek-az-eletet\/#breadcrumb\",\"itemListElement\":[{\"@type\":\"ListItem\",\"position\":1,\"name\":\"Kezd\u0151lap\"}]},{\"@type\":\"WebSite\",\"@id\":\"https:\/\/liked.hu\/old\/#website\",\"url\":\"https:\/\/liked.hu\/old\/\",\"name\":\"Liked.hu\",\"description\":\"\",\"publisher\":{\"@id\":\"https:\/\/liked.hu\/old\/#organization\"},\"potentialAction\":[{\"@type\":\"SearchAction\",\"target\":{\"@type\":\"EntryPoint\",\"urlTemplate\":\"https:\/\/liked.hu\/old\/?s={search_term_string}\"},\"query-input\":\"required name=search_term_string\"}],\"inLanguage\":\"hu\"},{\"@type\":\"Organization\",\"@id\":\"https:\/\/liked.hu\/old\/#organization\",\"name\":\"Liked.hu\",\"url\":\"https:\/\/liked.hu\/old\/\",\"sameAs\":[\"https:\/\/hu.pinterest.com\/likedhungary\/\",\"https:\/\/www.youtube.com\/channel\/UCPv91dbMoIukYcM9b9nHN6Q\",\"https:\/\/www.facebook.com\/liked.hu\",\"https:\/\/twitter.com\/LikedHu\"],\"logo\":{\"@type\":\"ImageObject\",\"inLanguage\":\"hu\",\"@id\":\"https:\/\/liked.hu\/old\/#\/schema\/logo\/image\/\",\"url\":\"https:\/\/liked.hu\/wp-content\/uploads\/2018\/08\/Liked-icon.png\",\"contentUrl\":\"https:\/\/liked.hu\/wp-content\/uploads\/2018\/08\/Liked-icon.png\",\"width\":512,\"height\":512,\"caption\":\"Liked.hu\"},\"image\":{\"@id\":\"https:\/\/liked.hu\/old\/#\/schema\/logo\/image\/\"}},{\"@type\":\"Person\",\"@id\":\"https:\/\/liked.hu\/old\/#\/schema\/person\/e8b79b280dc82c4ac9b973eedc274b75\",\"name\":\"Simbakim\",\"image\":{\"@type\":\"ImageObject\",\"inLanguage\":\"hu\",\"@id\":\"https:\/\/liked.hu\/old\/#\/schema\/person\/image\/\",\"url\":\"https:\/\/secure.gravatar.com\/avatar\/?s=96&d=mm&r=pg\",\"contentUrl\":\"https:\/\/secure.gravatar.com\/avatar\/?s=96&d=mm&r=pg\",\"caption\":\"Simbakim\"},\"url\":\"https:\/\/liked.hu\/old\/u\/simbakim\/\"}]}<\/script>\n<!-- \/ Yoast SEO plugin. -->","yoast_head_json":{"title":"18 t\u00e9ny, aminek az ismerete egy nap seg\u00edthet megmenteni valakinek az \u00e9let\u00e9t","description":"Az emberek \u00e1lland\u00f3an szembes\u00fclnek neh\u00e9z helyzetekkel, n\u00e9ha an\u00e9lk\u00fcl, hogy egy\u00e1ltal\u00e1n tudn\u00e1nak err\u0151l. Kevesen tudj\u00e1k p\u00e9ld\u00e1ul, hogy a d\u00e9li orsz\u00e1gokban a","robots":{"index":"index","follow":"follow","max-snippet":"max-snippet:-1","max-image-preview":"max-image-preview:large","max-video-preview":"max-video-preview:-1"},"canonical":"https:\/\/liked.hu\/old\/erdekes\/18-teny-aminek-az-ismerete-egy-nap-segithet-megmenteni-valakinek-az-eletet\/","next":"https:\/\/liked.hu\/old\/erdekes\/18-teny-aminek-az-ismerete-egy-nap-segithet-megmenteni-valakinek-az-eletet\/2\/","og_locale":"hu_HU","og_type":"article","og_title":"18 t\u00e9ny, aminek az ismerete egy nap seg\u00edthet megmenteni valakinek az \u00e9let\u00e9t","og_description":"Az emberek \u00e1lland\u00f3an szembes\u00fclnek neh\u00e9z helyzetekkel, n\u00e9ha an\u00e9lk\u00fcl, hogy egy\u00e1ltal\u00e1n tudn\u00e1nak err\u0151l. Kevesen tudj\u00e1k p\u00e9ld\u00e1ul, hogy a d\u00e9li orsz\u00e1gokban a","og_url":"https:\/\/liked.hu\/old\/erdekes\/18-teny-aminek-az-ismerete-egy-nap-segithet-megmenteni-valakinek-az-eletet\/","og_site_name":"Liked.hu","article_publisher":"https:\/\/www.facebook.com\/liked.hu","article_published_time":"2021-10-13T13:30:43+00:00","article_modified_time":"2021-10-13T13:31:28+00:00","og_image":[{"width":1200,"height":630,"url":"https:\/\/liked.hu\/old\/wp-content\/uploads\/2021\/10\/Tanacsok-eletveszelyes-helyzetekre.jpg","type":"image\/jpeg"}],"author":"Simbakim","twitter_card":"summary","twitter_creator":"@LikedHu","twitter_site":"@LikedHu","twitter_misc":{"Szerz\u0151:":"Simbakim","Becs\u00fclt olvas\u00e1si id\u0151":"8 perc"},"schema":{"@context":"https:\/\/schema.org","@graph":[{"@type":"Article","@id":"https:\/\/liked.hu\/old\/erdekes\/18-teny-aminek-az-ismerete-egy-nap-segithet-megmenteni-valakinek-az-eletet\/#article","isPartOf":{"@id":"https:\/\/liked.hu\/old\/erdekes\/18-teny-aminek-az-ismerete-egy-nap-segithet-megmenteni-valakinek-az-eletet\/"},"author":{"name":"Simbakim","@id":"https:\/\/liked.hu\/old\/#\/schema\/person\/e8b79b280dc82c4ac9b973eedc274b75"},"headline":"18 t\u00e9ny, aminek az ismerete egy nap seg\u00edthet megmenteni valakinek az \u00e9let\u00e9t","datePublished":"2021-10-13T13:30:43+00:00","dateModified":"2021-10-13T13:31:28+00:00","mainEntityOfPage":{"@id":"https:\/\/liked.hu\/old\/erdekes\/18-teny-aminek-az-ismerete-egy-nap-segithet-megmenteni-valakinek-az-eletet\/"},"wordCount":1671,"commentCount":1,"publisher":{"@id":"https:\/\/liked.hu\/old\/#organization"},"keywords":["\u00e9letvesz\u00e9ly","Ma tudtam meg!","tan\u00e1cs","vesz\u00e9ly"],"articleSection":["\u00c9rdekess\u00e9gek"],"inLanguage":"hu","potentialAction":[{"@type":"CommentAction","name":"Comment","target":["https:\/\/liked.hu\/old\/erdekes\/18-teny-aminek-az-ismerete-egy-nap-segithet-megmenteni-valakinek-az-eletet\/#respond"]}]},{"@type":"WebPage","@id":"https:\/\/liked.hu\/old\/erdekes\/18-teny-aminek-az-ismerete-egy-nap-segithet-megmenteni-valakinek-az-eletet\/","url":"https:\/\/liked.hu\/old\/erdekes\/18-teny-aminek-az-ismerete-egy-nap-segithet-megmenteni-valakinek-az-eletet\/","name":"18 t\u00e9ny, aminek az ismerete egy nap seg\u00edthet megmenteni valakinek az \u00e9let\u00e9t","isPartOf":{"@id":"https:\/\/liked.hu\/old\/#website"},"datePublished":"2021-10-13T13:30:43+00:00","dateModified":"2021-10-13T13:31:28+00:00","description":"Az emberek \u00e1lland\u00f3an szembes\u00fclnek neh\u00e9z helyzetekkel, n\u00e9ha an\u00e9lk\u00fcl, hogy egy\u00e1ltal\u00e1n tudn\u00e1nak err\u0151l. Kevesen tudj\u00e1k p\u00e9ld\u00e1ul, hogy a d\u00e9li orsz\u00e1gokban a","breadcrumb":{"@id":"https:\/\/liked.hu\/old\/erdekes\/18-teny-aminek-az-ismerete-egy-nap-segithet-megmenteni-valakinek-az-eletet\/#breadcrumb"},"inLanguage":"hu","potentialAction":[{"@type":"ReadAction","target":["https:\/\/liked.hu\/old\/erdekes\/18-teny-aminek-az-ismerete-egy-nap-segithet-megmenteni-valakinek-az-eletet\/"]}]},{"@type":"BreadcrumbList","@id":"https:\/\/liked.hu\/old\/erdekes\/18-teny-aminek-az-ismerete-egy-nap-segithet-megmenteni-valakinek-az-eletet\/#breadcrumb","itemListElement":[{"@type":"ListItem","position":1,"name":"Kezd\u0151lap"}]},{"@type":"WebSite","@id":"https:\/\/liked.hu\/old\/#website","url":"https:\/\/liked.hu\/old\/","name":"Liked.hu","description":"","publisher":{"@id":"https:\/\/liked.hu\/old\/#organization"},"potentialAction":[{"@type":"SearchAction","target":{"@type":"EntryPoint","urlTemplate":"https:\/\/liked.hu\/old\/?s={search_term_string}"},"query-input":"required name=search_term_string"}],"inLanguage":"hu"},{"@type":"Organization","@id":"https:\/\/liked.hu\/old\/#organization","name":"Liked.hu","url":"https:\/\/liked.hu\/old\/","sameAs":["https:\/\/hu.pinterest.com\/likedhungary\/","https:\/\/www.youtube.com\/channel\/UCPv91dbMoIukYcM9b9nHN6Q","https:\/\/www.facebook.com\/liked.hu","https:\/\/twitter.com\/LikedHu"],"logo":{"@type":"ImageObject","inLanguage":"hu","@id":"https:\/\/liked.hu\/old\/#\/schema\/logo\/image\/","url":"https:\/\/liked.hu\/wp-content\/uploads\/2018\/08\/Liked-icon.png","contentUrl":"https:\/\/liked.hu\/wp-content\/uploads\/2018\/08\/Liked-icon.png","width":512,"height":512,"caption":"Liked.hu"},"image":{"@id":"https:\/\/liked.hu\/old\/#\/schema\/logo\/image\/"}},{"@type":"Person","@id":"https:\/\/liked.hu\/old\/#\/schema\/person\/e8b79b280dc82c4ac9b973eedc274b75","name":"Simbakim","image":{"@type":"ImageObject","inLanguage":"hu","@id":"https:\/\/liked.hu\/old\/#\/schema\/person\/image\/","url":"https:\/\/secure.gravatar.com\/avatar\/?s=96&d=mm&r=pg","contentUrl":"https:\/\/secure.gravatar.com\/avatar\/?s=96&d=mm&r=pg","caption":"Simbakim"},"url":"https:\/\/liked.hu\/old\/u\/simbakim\/"}]}},"publishpress_future_action":{"enabled":false,"date":"1970-01-01 01:00:00","action":"","terms":[],"taxonomy":"","browser_timezone_offset":0},"_links":{"self":[{"href":"https:\/\/liked.hu\/old\/wp-json\/wp\/v2\/posts\/257533"}],"collection":[{"href":"https:\/\/liked.hu\/old\/wp-json\/wp\/v2\/posts"}],"about":[{"href":"https:\/\/liked.hu\/old\/wp-json\/wp\/v2\/types\/post"}],"author":[{"embeddable":true,"href":"https:\/\/liked.hu\/old\/wp-json\/wp\/v2\/users\/4"}],"replies":[{"embeddable":true,"href":"https:\/\/liked.hu\/old\/wp-json\/wp\/v2\/comments?post=257533"}],"version-history":[{"count":0,"href":"https:\/\/liked.hu\/old\/wp-json\/wp\/v2\/posts\/257533\/revisions"}],"wp:featuredmedia":[{"embeddable":true,"href":"https:\/\/liked.hu\/old\/wp-json\/wp\/v2\/media\/257542"}],"wp:attachment":[{"href":"https:\/\/liked.hu\/old\/wp-json\/wp\/v2\/media?parent=257533"}],"wp:term":[{"taxonomy":"category","embeddable":true,"href":"https:\/\/liked.hu\/old\/wp-json\/wp\/v2\/categories?post=257533"},{"taxonomy":"post_tag","embeddable":true,"href":"https:\/\/liked.hu\/old\/wp-json\/wp\/v2\/tags?post=257533"}],"curies":[{"name":"wp","href":"https:\/\/api.w.org\/{rel}","templated":true}]}}