{"id":257174,"date":"2021-10-11T14:36:34","date_gmt":"2021-10-11T12:36:34","guid":{"rendered":"https:\/\/liked.hu\/old\/?p=257174"},"modified":"2021-10-11T14:36:34","modified_gmt":"2021-10-11T12:36:34","slug":"10-tevhit-a-haziallatokrol-amiben-sokan-meg-mindig-vakon-hisznek","status":"publish","type":"post","link":"https:\/\/liked.hu\/old\/erdekes\/10-tevhit-a-haziallatokrol-amiben-sokan-meg-mindig-vakon-hisznek\/","title":{"rendered":"10 t\u00e9vhit a h\u00e1zi\u00e1llatokr\u00f3l, amiben sokan m\u00e9g mindig vakon hisznek"},"content":{"rendered":"<p>A <a href=\"https:\/\/www.stevedalepetworld.com\/blog\/world-pet-population-data-mixed-bag\/\" target=\"_blank\" rel=\"noopener noreferrer\">statisztik\u00e1k<\/a> szerint vil\u00e1gszerte az emberek 57%-\u00e1nak van valamilyen h\u00e1zi\u00e1llata. A gazdik term\u00e9szetesen igyekeznek a t\u0151l\u00fck telhet\u0151 legjobb tud\u00e1s szerint nevelni a kedvenceket, de a szeretet \u00e9s t\u00f6r\u0151d\u00e9s k\u00f6nnyen ellenkez\u0151 hat\u00e1st v\u00e1lthat ki, ha az emberek nem ismerik megfelel\u0151en az adott \u00e1llatfajt\u00e1t. A mesefilmekkel ellent\u00e9tben p\u00e9ld\u00e1ul a macsk\u00e1knak nem szeretik a tejet, s\u0151t m\u00e9g k\u00e1ros is nekik, a kuty\u00e1k pedig nem rajonganak az egyforma \u00e9tkez\u00e9sek\u00e9rt.<\/p>\n<p style=\"text-align: center;\">\n<div style=\"float:none;margin:0px 0 0px 0;text-align:center;\">\n<div class=\"mobileShowkakettes\"><div class=\"mobileShowka2\"><div style=\"padding-top:0px;padding-bottom:15px;min-height: 300px;\"><div class=\"hirdetes\">HIRDET\u00c9S<\/div>\n<!-- 300lista -->\n<ins class=\"adsbygoogle\"\n     style=\"display:inline-block;width:300px;height:250px\"\n     data-ad-client=\"ca-pub-9424088931673893\"\n     data-ad-slot=\"8471340766\"><\/ins>\n<script async>\n     (adsbygoogle = window.adsbygoogle || []).push({});\n<\/script><\/div><\/div><\/div><\/div>\n<p>A <strong>Liked.hu<\/strong>-n\u00e1l most 10 olyan t\u00e9vhitet gy\u0171jt\u00f6tt\u00fcnk \u00f6ssze, amikr\u0151l r\u00e9g kider\u00fclt, hogy hamisak, m\u00e9gis a mai napig sok \u00e1llattulajdonos hisz benn\u00fck.<\/p>\n<div id=\"zombify-main-section-front\" class=\"zombify-main-section-front zombify-screen zf-media-full\">\r\n\t<link rel=\"stylesheet\" type=\"text\/css\" href=\"https:\/\/liked.hu\/old\/js\/zombify.css\">\r\n    <link rel=\"stylesheet\" type=\"text\/css\" href=\"https:\/\/liked.hu\/old\/wp-content\/themes\/newsy-child\/style.css\">\r\n\t<div class=\"zf-container\">\r\n\t\t<div id=\"zf-list\" class=\"zf-list zf-numbered\">\r\n\t\t\t<ol class=\"zf-structure-list\">\r\n\t\t\t\t\t\t\t\t\t\t<li class=\"zf-list_item\">\r\n\t\t\t\t\t\t\t<div class=\"zf-list_header\">\r\n\t\t\t\t\t\t\t\t<h3 id=\"listaelem1\" class=\"zf-list_title\">\r\n\t\t\t\t\t\t\t\t\t<span class=\"zf-number\">1<\/span>\r\n\t\t\t\t\t\t\t\t\tt\u00e9vhit: a kuty\u00e1k sz\u00e1raz orra eg\u00e9szs\u00e9g\u00fcgyi probl\u00e9m\u00e1t jelez.\t\t\t\t\t\t\t\t<\/h3>\r\n\t\t\t\t\t\t\t<\/div>\r\n\t\t\t\t\t\t\t\t\t\t\t\t\t\t\t<figure class=\"zf-list_media zf-media-wrapper zf-image zf-type-image\">\r\n\t\t\t\t\t\t\t\t\t<div title=\"t\u00e9vhit: a kuty\u00e1k sz\u00e1raz orra eg\u00e9szs\u00e9g\u00fcgyi probl\u00e9m\u00e1t jelez.\" alt=\"t\u00e9vhit: a kuty\u00e1k sz\u00e1raz orra eg\u00e9szs\u00e9g\u00fcgyi probl\u00e9m\u00e1t jelez.\" class=\"zf-media\">\r\n\t\t\t\t\t\t\t\t\t\t<img width=\"728\" height=\"400\" src=\"https:\/\/liked.hu\/old\/wp-content\/uploads\/2021\/10\/Kutya-orr-nedves-vagy-szaraz.jpg\" class=\"\" alt=\"Kutya orr nedves vagy szaraz\" loading=\"lazy\" style=\"\" srcset=\"https:\/\/liked.hu\/old\/wp-content\/uploads\/2021\/10\/Kutya-orr-nedves-vagy-szaraz.jpg 728w, https:\/\/liked.hu\/old\/wp-content\/uploads\/2021\/10\/Kutya-orr-nedves-vagy-szaraz-360x198.jpg 360w\" sizes=\"(max-width: 728px) 100vw, 728px\" \/>\t\t\t\t\t\t\t\t\t\t\t<figcaption class=\"zf-figcaption\">\r\n\t\t\t\t\t\t\t\t\t\t\t\t\t\t\t\t\t\t\t\t\t\t\t\t<cite><\/cite>\r\n\r\n\t\t\t\t\t\t\t\t\t\t\t\t\t\t\t\t\t\t\t\t\t\t\t<\/figcaption>\r\n\t\t\t\t\t\t\t\t\t\t\t\t\t\t\t\t\t\t\t<\/div>\r\n\t\t\t\t\t\t\t\t\t<hr \/>\r\n\t\t\t\t\t\t\t\t<\/figure>\r\n\t\t\t\t\t\t\t\t\t\t\t\t\t\t\t\t<div class=\"zf-list_description\"><p>Val\u00f3j\u00e1ban nincs semmi bizony\u00edt\u00e9k arra, hogy a kuty\u00e1k nedves\/sz\u00e1raz vagy hideg\/meleg orra b\u00e1rmilyen eg\u00e9szs\u00e9g\u00fcgyi probl\u00e9m\u00e1ra. A testh\u0151m\u00e9rs\u00e9klet\u00fck v\u00e1ltoz\u00e1s\u00e1t\u00f3l kezdve az id\u0151j\u00e1r\u00e1s-ingadoz\u00e1son kereszt\u00fcl sz\u00e1mos olyan jelens\u00e9g okozhatja, amit egy\u00e9bk\u00e9nt norm\u00e1lisnak tekint\u00fcnk.<\/p><p>Az \u00e1llatorvosok ink\u00e1bb azt javasolj\u00e1k, hogy ha a kedvenc\u00fcnk megbeteged\u00e9s\u00e9re gyanakszunk, akkor ink\u00e1bb az \u00e1llat viselked\u00e9s\u00e9re - ev\u00e9s, iv\u00e1s, WC-z\u00e9s - figyelj\u00fcnk. Tov\u00e1bb\u00e1 egy speci\u00e1lis \u00e1llath\u0151m\u00e9r\u0151 is nagy seg\u00edts\u00e9gre lehet.<\/p><\/div>\r\n\t\t\t\t\t\t\t\t\t\t\t\t\t<\/li>\r\n\t\t\t\t\t\t\t\t\t\t\t\t<li class=\"zf-list_item\">\r\n\t\t\t\t\t\t\t<div class=\"zf-list_header\">\r\n\t\t\t\t\t\t\t\t<h3 id=\"listaelem2\" class=\"zf-list_title\">\r\n\t\t\t\t\t\t\t\t\t<span class=\"zf-number\">2<\/span>\r\n\t\t\t\t\t\t\t\t\tt\u00e9vhit: az id\u0151sebb kuty\u00e1kat nem lehet tan\u00edtani.\t\t\t\t\t\t\t\t<\/h3>\r\n\t\t\t\t\t\t\t<\/div>\r\n\t\t\t\t\t\t\t\t\t\t\t\t\t\t\t<figure class=\"zf-list_media zf-media-wrapper zf-image zf-type-image\">\r\n\t\t\t\t\t\t\t\t\t<div title=\"t\u00e9vhit: az id\u0151sebb kuty\u00e1kat nem lehet tan\u00edtani.\" alt=\"t\u00e9vhit: az id\u0151sebb kuty\u00e1kat nem lehet tan\u00edtani.\" class=\"zf-media\">\r\n\t\t\t\t\t\t\t\t\t\t<img width=\"728\" height=\"437\" src=\"https:\/\/liked.hu\/old\/wp-content\/uploads\/2021\/10\/Idos-kutyak-tanitasa.jpg\" class=\"\" alt=\"Idos kutyak tanitasa\" loading=\"lazy\" style=\"\" srcset=\"https:\/\/liked.hu\/old\/wp-content\/uploads\/2021\/10\/Idos-kutyak-tanitasa.jpg 728w, https:\/\/liked.hu\/old\/wp-content\/uploads\/2021\/10\/Idos-kutyak-tanitasa-360x216.jpg 360w\" sizes=\"(max-width: 728px) 100vw, 728px\" \/>\t\t\t\t\t\t\t\t\t\t\t<figcaption class=\"zf-figcaption\">\r\n\t\t\t\t\t\t\t\t\t\t\t\t\t\t\t\t\t\t\t\t\t\t\t\t<cite><\/cite>\r\n\r\n\t\t\t\t\t\t\t\t\t\t\t\t\t\t\t\t\t\t\t\t\t\t\t<\/figcaption>\r\n\t\t\t\t\t\t\t\t\t\t\t\t\t\t\t\t\t\t\t<\/div>\r\n\t\t\t\t\t\t\t\t\t<hr \/>\r\n\t\t\t\t\t\t\t\t<\/figure>\r\n\t\t\t\t\t\t\t\t\t\t\t\t\t\t\t\t<div class=\"zf-list_description\"><p>A kutyatulajdonosok kort&oacute;l f&uuml;ggetlen&uuml;l tan&iacute;thatj&aacute;k a kuty&aacute;jukat gyakori k&eacute;pz&eacute;s &eacute;s megfelel\u0151 motiv&aacute;ci&oacute; seg&iacute;ts&eacute;g&eacute;vel.<\/p><p>Tal&aacute;n hallott&aacute;l m&aacute;r a vil&aacute;g legokosabb kuty&aacute;j&aacute;nak tartott border collie-j&aacute;r&oacute;l, akit <a href=\"https:\/\/24.hu\/kultura\/2019\/07\/28\/meghalt-a-kutya-amelyik-tobb-mint-1000-szot-ismert\/\" rel=\"noopener noreferrer\" target=\"_blank\">Chaser<\/a>-nek h&iacute;vtak. A kutyus t&ouml;bb mint 1000 sz&oacute;t ismert, &eacute;s m&eacute;g id\u0151s kor&aacute;ban is szorgalmasan tanult &uacute;j tr&uuml;kk&ouml;ket.<\/p><p style=\"text-align: center\">\n<div style=\"float:none;margin:0px 0 0px 0;text-align:center;\">\n<div class=\"mobileHideke5\"><div style=\"margin-top:25px;\"><div class=\"hirdeteshatter\"><div style=\"display: inline-block;width: 50%;min-width:305px;vertical-align: top;\"><div class=\"hirdetes\">HIRDET\u00c9S<\/div>\n<!-- LikedQ51 -->\n<ins class=\"adsbygoogle\"\n     style=\"display:inline-block;width:300px;height:250px\"\n     data-ad-client=\"ca-pub-9424088931673893\"\n     data-ad-slot=\"8284063326\"><\/ins>\n<script async>\n     (adsbygoogle = window.adsbygoogle || []).push({});\n<\/script><\/div><div style=\"display: inline-block;width: 50%;min-width:305px;vertical-align: top;\"><div class=\"hirdetes\">HIRDET\u00c9S<\/div>\n<!-- LikedQ52 -->\n<ins class=\"adsbygoogle\"\n     style=\"display:inline-block;width:300px;height:250px\"\n     data-ad-client=\"ca-pub-9424088931673893\"\n     data-ad-slot=\"2840164950\"><\/ins>\n<script async>\n     (adsbygoogle = window.adsbygoogle || []).push({});\n<\/script><\/div><\/div><\/div><\/div>\n<div style=\"display:flex;flex-direction:column;\"><div class=\"mobileShowka5\"><div style=\"padding-top:10px;padding-bottom:10px;min-height: 300px;\"><div class=\"hirdetes\">HIRDET\u00c9S<\/div>\n<!-- LikedQ5M -->\n<ins class=\"adsbygoogle\"\n     style=\"display:inline-block;width:300px;height:250px\"\n     data-ad-client=\"ca-pub-9424088931673893\"\n     data-ad-slot=\"9022429928\"><\/ins>\n<script async>\n     (adsbygoogle = window.adsbygoogle || []).push({});\n<\/script><\/div><\/div><\/div><\/div><\/div>\r\n\t\t\t\t\t\t\t\t\t\t\t\t\t<\/li>\r\n\t\t\t\t\t\t\t\t\t\t\t\t<li class=\"zf-list_item\">\r\n\t\t\t\t\t\t\t<div class=\"zf-list_header\">\r\n\t\t\t\t\t\t\t\t<h3 id=\"listaelem3\" class=\"zf-list_title\">\r\n\t\t\t\t\t\t\t\t\t<span class=\"zf-number\">3<\/span>\r\n\t\t\t\t\t\t\t\t\tt\u00e9vhit: b\u00e1rmivel etethetj\u00fck az \u00e1llatokat, amiket mi is megesz\u00fcnk.\t\t\t\t\t\t\t\t<\/h3>\r\n\t\t\t\t\t\t\t<\/div>\r\n\t\t\t\t\t\t\t\t\t\t\t\t\t\t\t<figure class=\"zf-list_media zf-media-wrapper zf-image zf-type-image\">\r\n\t\t\t\t\t\t\t\t\t<div title=\"t\u00e9vhit: b\u00e1rmivel etethetj\u00fck az \u00e1llatokat, amiket mi is megesz\u00fcnk.\" alt=\"t\u00e9vhit: b\u00e1rmivel etethetj\u00fck az \u00e1llatokat, amiket mi is megesz\u00fcnk.\" class=\"zf-media\">\r\n\t\t\t\t\t\t\t\t\t\t<img width=\"728\" height=\"427\" src=\"https:\/\/liked.hu\/old\/wp-content\/uploads\/2021\/10\/Kutyak-etele.jpg\" class=\"\" alt=\"Kutyak etele\" loading=\"lazy\" style=\"\" srcset=\"https:\/\/liked.hu\/old\/wp-content\/uploads\/2021\/10\/Kutyak-etele.jpg 728w, https:\/\/liked.hu\/old\/wp-content\/uploads\/2021\/10\/Kutyak-etele-360x211.jpg 360w\" sizes=\"(max-width: 728px) 100vw, 728px\" \/>\t\t\t\t\t\t\t\t\t\t\t<figcaption class=\"zf-figcaption\">\r\n\t\t\t\t\t\t\t\t\t\t\t\t\t\t\t\t\t\t\t\t\t\t\t\t<cite><\/cite>\r\n\r\n\t\t\t\t\t\t\t\t\t\t\t\t\t\t\t\t\t\t\t\t\t\t\t<\/figcaption>\r\n\t\t\t\t\t\t\t\t\t\t\t\t\t\t\t\t\t\t\t<\/div>\r\n\t\t\t\t\t\t\t\t\t<hr \/>\r\n\t\t\t\t\t\t\t\t<\/figure>\r\n\t\t\t\t\t\t\t\t\t\t\t\t\t\t\t\t<div class=\"zf-list_description\"><p>Az olyan \u00e9telek, mint a h\u00fas, gy\u00fcm\u00f6lcs\u00f6k vagy p\u00e1rolt \u00e9s apr\u00f3ra v\u00e1gott z\u00f6lds\u00e9gek teljesen \u00e1rtalmatlanok a kis kedvencek sz\u00e1m\u00e1ra, de semmilyen esetben sem szabad magas kal\u00f3riatartalm\u00fa, vagy magas zs\u00edr- \u00e9s cukortartalm\u00fa \u00e9telekkel etetni \u0151ket.<\/p><p>R\u00e1ad\u00e1sul nem minden \u00e9lelmiszer egyar\u00e1nt hasznos a kuty\u00e1knak \u00e9s az embereknek: a sz\u0151l\u0151, avok\u00e1d\u00f3, hagyma, fokhagyma p\u00e9ld\u00e1ul egyenesen \u00e1rthat az \u00e1llatoknak, ez\u00e9rt \u00e9rdemes mindig ut\u00e1na olvasni, miel\u0151tt valami \u00faj \u00e9telt adunk a kedvenc\u00fcnknek.<\/p><\/div>\r\n\t\t\t\t\t\t\t\t\t\t\t\t\t<\/li>\r\n\t\t\t\t\t\t\t\t\t\t\t\t<li class=\"zf-list_item\">\r\n\t\t\t\t\t\t\t<div class=\"zf-list_header\">\r\n\t\t\t\t\t\t\t\t<h3 id=\"listaelem4\" class=\"zf-list_title\">\r\n\t\t\t\t\t\t\t\t\t<span class=\"zf-number\">4<\/span>\r\n\t\t\t\t\t\t\t\t\tt\u00e9vhit: a kuty\u00e1kat \u00e9s a macsk\u00e1kat folyamatosan \u00fajra kell oltani.\t\t\t\t\t\t\t\t<\/h3>\r\n\t\t\t\t\t\t\t<\/div>\r\n\t\t\t\t\t\t\t\t\t\t\t\t\t\t\t<figure class=\"zf-list_media zf-media-wrapper zf-image zf-type-image\">\r\n\t\t\t\t\t\t\t\t\t<div title=\"t\u00e9vhit: a kuty\u00e1kat \u00e9s a macsk\u00e1kat folyamatosan \u00fajra kell oltani.\" alt=\"t\u00e9vhit: a kuty\u00e1kat \u00e9s a macsk\u00e1kat folyamatosan \u00fajra kell oltani.\" class=\"zf-media\">\r\n\t\t\t\t\t\t\t\t\t\t<img width=\"728\" height=\"438\" src=\"https:\/\/liked.hu\/old\/wp-content\/uploads\/2021\/10\/Allatok-oltasa.jpg\" class=\"\" alt=\"Allatok oltasa\" loading=\"lazy\" style=\"\" srcset=\"https:\/\/liked.hu\/old\/wp-content\/uploads\/2021\/10\/Allatok-oltasa.jpg 728w, https:\/\/liked.hu\/old\/wp-content\/uploads\/2021\/10\/Allatok-oltasa-360x217.jpg 360w\" sizes=\"(max-width: 728px) 100vw, 728px\" \/>\t\t\t\t\t\t\t\t\t\t\t<figcaption class=\"zf-figcaption\">\r\n\t\t\t\t\t\t\t\t\t\t\t\t\t\t\t\t\t\t\t\t\t\t\t\t<cite><\/cite>\r\n\r\n\t\t\t\t\t\t\t\t\t\t\t\t\t\t\t\t\t\t\t\t\t\t\t<\/figcaption>\r\n\t\t\t\t\t\t\t\t\t\t\t\t\t\t\t\t\t\t\t<\/div>\r\n\t\t\t\t\t\t\t\t\t<hr \/>\r\n\t\t\t\t\t\t\t\t<\/figure>\r\n\t\t\t\t\t\t\t\t\t\t\t\t\t\t\t\t<div class=\"zf-list_description\"><p>A v\u00e9d\u0151olt\u00e1s fontos \u00e9s sz\u00fcks\u00e9ges, de n\u00e9h\u00e1ny vakcin\u00e1b\u00f3l 1 adag is b\u0151ven elegend\u0151 a szervezet hat\u00e9kony v\u00e9delm\u00e9hez. Ha nem vagyunk biztosak, akkor v\u00e9rvizsg\u00e1lat seg\u00edts\u00e9g\u00e9vel ellen\u0151riztethetj\u00fck, hogy a kedvenc\u00fcnk rendelkezik-e megfelel\u0151 ellenanyagokkal a k\u00fcl\u00f6nf\u00e9le fert\u0151z\u00e9sek lek\u00fczd\u00e9s\u00e9re.<\/p><\/div>\r\n\t\t\t\t\t\t\t\t\t\t\t\t\t<\/li>\r\n\t\t\t\t\t\t\t\t\t\t\t\t<li class=\"zf-list_item\">\r\n\t\t\t\t\t\t\t<div class=\"zf-list_header\">\r\n\t\t\t\t\t\t\t\t<h3 id=\"listaelem5\" class=\"zf-list_title\">\r\n\t\t\t\t\t\t\t\t\t<span class=\"zf-number\">5<\/span>\r\n\t\t\t\t\t\t\t\t\tt\u00e9vhit: az \u00e1llatok ny\u00e1la felgyors\u00edtja a sebgy\u00f3gyul\u00e1st.\t\t\t\t\t\t\t\t<\/h3>\r\n\t\t\t\t\t\t\t<\/div>\r\n\t\t\t\t\t\t\t\t\t\t\t\t\t\t\t<figure class=\"zf-list_media zf-media-wrapper zf-image zf-type-image\">\r\n\t\t\t\t\t\t\t\t\t<div title=\"t\u00e9vhit: az \u00e1llatok ny\u00e1la felgyors\u00edtja a sebgy\u00f3gyul\u00e1st.\" alt=\"t\u00e9vhit: az \u00e1llatok ny\u00e1la felgyors\u00edtja a sebgy\u00f3gyul\u00e1st.\" class=\"zf-media\">\r\n\t\t\t\t\t\t\t\t\t\t<img width=\"728\" height=\"418\" src=\"https:\/\/liked.hu\/old\/wp-content\/uploads\/2021\/10\/Sebgyogyulas.jpg\" class=\"\" alt=\"Sebgyogyulas\" loading=\"lazy\" style=\"\" srcset=\"https:\/\/liked.hu\/old\/wp-content\/uploads\/2021\/10\/Sebgyogyulas.jpg 728w, https:\/\/liked.hu\/old\/wp-content\/uploads\/2021\/10\/Sebgyogyulas-360x207.jpg 360w\" sizes=\"(max-width: 728px) 100vw, 728px\" \/>\t\t\t\t\t\t\t\t\t\t\t<figcaption class=\"zf-figcaption\">\r\n\t\t\t\t\t\t\t\t\t\t\t\t\t\t\t\t\t\t\t\t\t\t\t\t<cite><\/cite>\r\n\r\n\t\t\t\t\t\t\t\t\t\t\t\t\t\t\t\t\t\t\t\t\t\t\t<\/figcaption>\r\n\t\t\t\t\t\t\t\t\t\t\t\t\t\t\t\t\t\t\t<\/div>\r\n\t\t\t\t\t\t\t\t\t<hr \/>\r\n\t\t\t\t\t\t\t\t<\/figure>\r\n\t\t\t\t\t\t\t\t\t\t\t\t\t\t\t\t<div class=\"zf-list_description\"><p>A s&eacute;r&uuml;lt &aacute;llatok legt&ouml;bbsz&ouml;r szorgalmasan nyalogatj&aacute;k a sebeiket, &aacute;m ez nem jelenti azt, hogy ezzel megvan oldva a probl&eacute;ma. A seb nyalogat&aacute;sa ugyanis &eacute;pp ellenkez\u0151 hat&aacute;st v&aacute;lthat ki: irrit&aacute;lhatja, vagy ak&aacute;r el is fert\u0151zheti az &eacute;rintett ter&uuml;letet.<\/p><p>Szak&eacute;rt\u0151k azt tan&aacute;csolj&aacute;k, hogy a sebet minden esetben fert\u0151tlen&iacute;t\u0151 spray-vel vagy oldattal kezelj&uuml;k, ha pedig a seb m&eacute;ly, akkor azonnal &aacute;llatorvoshoz kell fordulni.<\/p><p style=\"text-align: center\">\n<div style=\"float:none;margin:0px 0 0px 0;text-align:center;\">\n<div class=\"mobileHideke8\"><div style=\"margin-top:25px;\"><div class=\"hirdeteshatter\"><div style=\"display: inline-block;width: 50%;min-width:340px;vertical-align: top;\"><div class=\"hirdetes\">HIRDET\u00c9S<\/div>\n<!-- Liked7Q1 -->\n<ins class=\"adsbygoogle\"\n     style=\"display:inline-block;width:336px;height:280px\"\n     data-ad-client=\"ca-pub-9424088931673893\"\n     data-ad-slot=\"3022062587\"><\/ins>\n<script async>\n     (adsbygoogle = window.adsbygoogle || []).push({});\n<\/script><\/div><div style=\"display: inline-block;width: 50%;min-width:340px;vertical-align: top;\"><div class=\"hirdetes\">HIRDET\u00c9S<\/div>\n<!-- Liked7Q2 -->\n<ins class=\"adsbygoogle\"\n     style=\"display:inline-block;width:336px;height:280px\"\n     data-ad-client=\"ca-pub-9424088931673893\"\n     data-ad-slot=\"3952000871\"><\/ins>\n<script async>\n     (adsbygoogle = window.adsbygoogle || []).push({});\n<\/script><\/div><\/div><\/div><\/div>\n<div style=\"display:flex;flex-direction:column;\"><div class=\"mobileShowka8\"><div style=\"padding-top:15px;margin-bottom:15px;min-height: 300px;\"><div class=\"hirdetes\">HIRDET\u00c9S<\/div>\n<!-- Liked7QMobil -->\n<ins class=\"adsbygoogle\"\n     style=\"display:inline-block;width:336px;height:280px\"\n     data-ad-client=\"ca-pub-9424088931673893\"\n     data-ad-slot=\"5073510857\"><\/ins>\n<script async>\n     (adsbygoogle = window.adsbygoogle || []).push({});\n<\/script><\/div><\/div><\/div><\/div><\/div>\r\n\t\t\t\t\t\t\t\t\t\t\t\t\t<\/li>\r\n\t\t\t\t\t\t\t\t\t\t\t\t<li class=\"zf-list_item\">\r\n\t\t\t\t\t\t\t<div class=\"zf-list_header\">\r\n\t\t\t\t\t\t\t\t<h3 id=\"listaelem6\" class=\"zf-list_title\">\r\n\t\t\t\t\t\t\t\t\t<span class=\"zf-number\">6<\/span>\r\n\t\t\t\t\t\t\t\t\tt\u00e9vhit: a halak j\u00f3l elvannak a kis, kerek akv\u00e1riumokban.\t\t\t\t\t\t\t\t<\/h3>\r\n\t\t\t\t\t\t\t<\/div>\r\n\t\t\t\t\t\t\t\t\t\t\t\t\t\t\t<figure class=\"zf-list_media zf-media-wrapper zf-image zf-type-image\">\r\n\t\t\t\t\t\t\t\t\t<div title=\"t\u00e9vhit: a halak j\u00f3l elvannak a kis, kerek akv\u00e1riumokban.\" alt=\"t\u00e9vhit: a halak j\u00f3l elvannak a kis, kerek akv\u00e1riumokban.\" class=\"zf-media\">\r\n\t\t\t\t\t\t\t\t\t\t<img width=\"728\" height=\"375\" src=\"https:\/\/liked.hu\/old\/wp-content\/uploads\/2021\/10\/Kerek-akvarium.jpg\" class=\"\" alt=\"Kerek akvarium\" loading=\"lazy\" style=\"\" srcset=\"https:\/\/liked.hu\/old\/wp-content\/uploads\/2021\/10\/Kerek-akvarium.jpg 728w, https:\/\/liked.hu\/old\/wp-content\/uploads\/2021\/10\/Kerek-akvarium-360x185.jpg 360w\" sizes=\"(max-width: 728px) 100vw, 728px\" \/>\t\t\t\t\t\t\t\t\t\t\t<figcaption class=\"zf-figcaption\">\r\n\t\t\t\t\t\t\t\t\t\t\t\t\t\t\t\t\t\t\t\t\t\t\t\t<cite><\/cite>\r\n\r\n\t\t\t\t\t\t\t\t\t\t\t\t\t\t\t\t\t\t\t\t\t\t\t<\/figcaption>\r\n\t\t\t\t\t\t\t\t\t\t\t\t\t\t\t\t\t\t\t<\/div>\r\n\t\t\t\t\t\t\t\t\t<hr \/>\r\n\t\t\t\t\t\t\t\t<\/figure>\r\n\t\t\t\t\t\t\t\t\t\t\t\t\t\t\t\t<div class=\"zf-list_description\"><p>A kerek akv\u00e1riumok rendk\u00edv\u00fcl n\u00e9pszer\u0171ek, k\u00fcl\u00f6n\u00f6sen az aranyhal tulajdonosok k\u00f6z\u00f6tt, \u00e9s ez nagyon szomor\u00fa. Az ilyen akv\u00e1riumok t\u00e9rfogata ugyanis rendk\u00edv\u00fcl kicsi, \u00e9s ez sok kellemetlens\u00e9get okoz az \u00e1llat sz\u00e1m\u00e1ra - p\u00e9ld\u00e1ul nem jut megfelel\u0151 mennyis\u00e9g\u0171 oxig\u00e9nhez. Ha d\u00edszhalakat szeretn\u00e9nk tartani, mindig t\u00e1gas, n\u00e9gyzet vagy t\u00e9glalap alak\u00fa akv\u00e1riumot v\u00e1lasszunk.<\/p><\/div>\r\n\t\t\t\t\t\t\t\t\t\t\t\t\t<\/li>\r\n\t\t\t\t\t\t\t\t\t\t\t\t<li class=\"zf-list_item\">\r\n\t\t\t\t\t\t\t<div class=\"zf-list_header\">\r\n\t\t\t\t\t\t\t\t<h3 id=\"listaelem7\" class=\"zf-list_title\">\r\n\t\t\t\t\t\t\t\t\t<span class=\"zf-number\">7<\/span>\r\n\t\t\t\t\t\t\t\t\tt\u00e9vhit: b\u00e1rmilyen papag\u00e1j megtan\u00edthat\u00f3 besz\u00e9lni.\t\t\t\t\t\t\t\t<\/h3>\r\n\t\t\t\t\t\t\t<\/div>\r\n\t\t\t\t\t\t\t\t\t\t\t\t\t\t\t<figure class=\"zf-list_media zf-media-wrapper zf-image zf-type-image\">\r\n\t\t\t\t\t\t\t\t\t<div title=\"t\u00e9vhit: b\u00e1rmilyen papag\u00e1j megtan\u00edthat\u00f3 besz\u00e9lni.\" alt=\"t\u00e9vhit: b\u00e1rmilyen papag\u00e1j megtan\u00edthat\u00f3 besz\u00e9lni.\" class=\"zf-media\">\r\n\t\t\t\t\t\t\t\t\t\t<img width=\"728\" height=\"368\" src=\"https:\/\/liked.hu\/old\/wp-content\/uploads\/2021\/10\/Papagaj-beszed.jpg\" class=\"\" alt=\"Papagaj beszed\" loading=\"lazy\" style=\"\" srcset=\"https:\/\/liked.hu\/old\/wp-content\/uploads\/2021\/10\/Papagaj-beszed.jpg 728w, https:\/\/liked.hu\/old\/wp-content\/uploads\/2021\/10\/Papagaj-beszed-360x182.jpg 360w\" sizes=\"(max-width: 728px) 100vw, 728px\" \/>\t\t\t\t\t\t\t\t\t\t\t<figcaption class=\"zf-figcaption\">\r\n\t\t\t\t\t\t\t\t\t\t\t\t\t\t\t\t\t\t\t\t\t\t\t\t<cite><\/cite>\r\n\r\n\t\t\t\t\t\t\t\t\t\t\t\t\t\t\t\t\t\t\t\t\t\t\t<\/figcaption>\r\n\t\t\t\t\t\t\t\t\t\t\t\t\t\t\t\t\t\t\t<\/div>\r\n\t\t\t\t\t\t\t\t\t<hr \/>\r\n\t\t\t\t\t\t\t\t<\/figure>\r\n\t\t\t\t\t\t\t\t\t\t\t\t\t\t\t\t<div class=\"zf-list_description\"><p>B\u00e1r a legt\u00f6bb papag\u00e1j t\u00e9nyleg k\u00e9pes megtanulni besz\u00e9lni, sokan ink\u00e1bb az \u00f6r\u00f6k hallgat\u00e1st v\u00e1lasztj\u00e1k. Az ilyen madarak v\u00e1s\u00e1rl\u00e1sa el\u0151tt mindig fontos ut\u00e1na \u00e9rdekl\u0151dni, hogy az adott fajta hajlamos-e megtanulni besz\u00e9lni, mert ha nem, akkor b\u00e1rmennyit is besz\u00e9l\u00fcnk hozz\u00e1, sosem fog v\u00e1laszolni.<\/p><\/div>\r\n\t\t\t\t\t\t\t\t\t\t\t\t\t<\/li>\r\n\t\t\t\t\t\t\t\t\t\t\t\t<li class=\"zf-list_item\">\r\n\t\t\t\t\t\t\t<div class=\"zf-list_header\">\r\n\t\t\t\t\t\t\t\t<h3 id=\"listaelem8\" class=\"zf-list_title\">\r\n\t\t\t\t\t\t\t\t\t<span class=\"zf-number\">8<\/span>\r\n\t\t\t\t\t\t\t\t\tt\u00e9vhit: az \u00e9trend v\u00e1ltoztat\u00e1sa negat\u00edvan befoly\u00e1solja a b\u00e9lm\u0171k\u00f6d\u00e9st.\t\t\t\t\t\t\t\t<\/h3>\r\n\t\t\t\t\t\t\t<\/div>\r\n\t\t\t\t\t\t\t\t\t\t\t\t\t\t\t<figure class=\"zf-list_media zf-media-wrapper zf-image zf-type-image\">\r\n\t\t\t\t\t\t\t\t\t<div title=\"t\u00e9vhit: az \u00e9trend v\u00e1ltoztat\u00e1sa negat\u00edvan befoly\u00e1solja a b\u00e9lm\u0171k\u00f6d\u00e9st.\" alt=\"t\u00e9vhit: az \u00e9trend v\u00e1ltoztat\u00e1sa negat\u00edvan befoly\u00e1solja a b\u00e9lm\u0171k\u00f6d\u00e9st.\" class=\"zf-media\">\r\n\t\t\t\t\t\t\t\t\t\t<img width=\"728\" height=\"418\" src=\"https:\/\/liked.hu\/old\/wp-content\/uploads\/2021\/10\/Kutya-etelek.jpg\" class=\"\" alt=\"Kutya etelek\" loading=\"lazy\" style=\"\" srcset=\"https:\/\/liked.hu\/old\/wp-content\/uploads\/2021\/10\/Kutya-etelek.jpg 728w, https:\/\/liked.hu\/old\/wp-content\/uploads\/2021\/10\/Kutya-etelek-360x207.jpg 360w\" sizes=\"(max-width: 728px) 100vw, 728px\" \/>\t\t\t\t\t\t\t\t\t\t\t<figcaption class=\"zf-figcaption\">\r\n\t\t\t\t\t\t\t\t\t\t\t\t\t\t\t\t\t\t\t\t\t\t\t\t<cite><\/cite>\r\n\r\n\t\t\t\t\t\t\t\t\t\t\t\t\t\t\t\t\t\t\t\t\t\t\t<\/figcaption>\r\n\t\t\t\t\t\t\t\t\t\t\t\t\t\t\t\t\t\t\t<\/div>\r\n\t\t\t\t\t\t\t\t\t<hr \/>\r\n\t\t\t\t\t\t\t\t<\/figure>\r\n\t\t\t\t\t\t\t\t\t\t\t\t\t\t\t\t<div class=\"zf-list_description\"><p>K&eacute;pzeld el, hogy a mai napt&oacute;l kezdve &eacute;leted v&eacute;g&eacute;ig minden nap ugyanazt az &eacute;telt kell enned. &Ouml;r&uuml;ln&eacute;l neki? Gyan&iacute;tjuk, hogy nem. Ugyan&iacute;gy vannak ezzel a n&eacute;gyl&aacute;b&uacute; bar&aacute;taink is, akik sz&aacute;m&aacute;ra szint&eacute;n fontos a v&aacute;ltozatos, min\u0151s&eacute;gi &eacute;trend, ami nagy hat&aacute;ssal van az &aacute;llat eg&eacute;szs&eacute;g&eacute;re.<\/p><p>Az &aacute;llatorvosok tov&aacute;bb&aacute; arra is figyelmeztetnek, hogy a monoton &eacute;trend n&ouml;veli az &eacute;telallergia kialakul&aacute;s&aacute;nak kock&aacute;zat&aacute;t.<\/p><p style=\"text-align: center\">\n<div style=\"float:none;margin:0px 0 0px 0;text-align:center;\">\n<div class=\"mobileHideke8\"><div class=\"hirdeteshatter\"><div style=\"display: inline-block;width: 50%;min-width:340px;vertical-align: top;\"><div class=\"hirdetes\">HIRDET\u00c9S<\/div>\n<!-- LikedQ81 -->\n<ins class=\"adsbygoogle\"\n     style=\"display:inline-block;width:336px;height:280px\"\n     data-ad-client=\"ca-pub-9424088931673893\"\n     data-ad-slot=\"2436840276\"><\/ins>\n<script async>\n     (adsbygoogle = window.adsbygoogle || []).push({});\n<\/script><\/div><div style=\"display: inline-block;width: 50%;min-width:340px;vertical-align: top;\"><div class=\"hirdetes\">HIRDET\u00c9S<\/div>\n<!-- LikedQ82 -->\n<ins class=\"adsbygoogle\"\n     style=\"display:inline-block;width:336px;height:280px\"\n     data-ad-client=\"ca-pub-9424088931673893\"\n     data-ad-slot=\"3558350253\"><\/ins>\n<script async>\n     (adsbygoogle = window.adsbygoogle || []).push({});\n<\/script><\/div><\/div><\/div>\n<div style=\"display:flex;flex-direction:column;\"><div class=\"mobileShowka8 nyolc\"><div style=\"padding-top:15px;padding-bottom:5px;min-height: 300px;\"><div class=\"hirdetes\">HIRDET\u00c9S<\/div>\n<!-- LikedQ8M -->\n<ins class=\"adsbygoogle\"\n     style=\"display:inline-block;width:336px;height:280px\"\n     data-ad-client=\"ca-pub-9424088931673893\"\n     data-ad-slot=\"4679860235\"><\/ins>\n<script async>\n     (adsbygoogle = window.adsbygoogle || []).push({});\n<\/script><\/div><\/div><\/div><\/div><\/div>\r\n\t\t\t\t\t\t\t\t\t\t\t\t\t<\/li>\r\n\t\t\t\t\t\t\t\t\t\t\t\t<li class=\"zf-list_item\">\r\n\t\t\t\t\t\t\t<div class=\"zf-list_header\">\r\n\t\t\t\t\t\t\t\t<h3 id=\"listaelem9\" class=\"zf-list_title\">\r\n\t\t\t\t\t\t\t\t\t<span class=\"zf-number\">9<\/span>\r\n\t\t\t\t\t\t\t\t\tt\u00e9vhit: a macsk\u00e1knak tejet kell inniuk.\t\t\t\t\t\t\t\t<\/h3>\r\n\t\t\t\t\t\t\t<\/div>\r\n\t\t\t\t\t\t\t\t\t\t\t\t\t\t\t<figure class=\"zf-list_media zf-media-wrapper zf-image zf-type-image\">\r\n\t\t\t\t\t\t\t\t\t<div title=\"t\u00e9vhit: a macsk\u00e1knak tejet kell inniuk.\" alt=\"t\u00e9vhit: a macsk\u00e1knak tejet kell inniuk.\" class=\"zf-media\">\r\n\t\t\t\t\t\t\t\t\t\t<img width=\"728\" height=\"418\" src=\"https:\/\/liked.hu\/old\/wp-content\/uploads\/2021\/10\/Macskak-es-a-tej.jpg\" class=\"\" alt=\"Macskak es a tej\" loading=\"lazy\" style=\"\" srcset=\"https:\/\/liked.hu\/old\/wp-content\/uploads\/2021\/10\/Macskak-es-a-tej.jpg 728w, https:\/\/liked.hu\/old\/wp-content\/uploads\/2021\/10\/Macskak-es-a-tej-360x207.jpg 360w\" sizes=\"(max-width: 728px) 100vw, 728px\" \/>\t\t\t\t\t\t\t\t\t\t\t<figcaption class=\"zf-figcaption\">\r\n\t\t\t\t\t\t\t\t\t\t\t\t\t\t\t\t\t\t\t\t\t\t\t\t<cite><\/cite>\r\n\r\n\t\t\t\t\t\t\t\t\t\t\t\t\t\t\t\t\t\t\t\t\t\t\t<\/figcaption>\r\n\t\t\t\t\t\t\t\t\t\t\t\t\t\t\t\t\t\t\t<\/div>\r\n\t\t\t\t\t\t\t\t\t<hr \/>\r\n\t\t\t\t\t\t\t\t<\/figure>\r\n\t\t\t\t\t\t\t\t\t\t\t\t\t\t\t\t<div class=\"zf-list_description\"><p>A k\u00f6zhiedelemmel ellent\u00e9tben a macsk\u00e1knak nem j\u00f3 \u00f6tlet tejet adni. H\u00e1ny\u00e1st, hasmen\u00e9st \u00e9s egy\u00e9b b\u00e9lprobl\u00e9m\u00e1kat okozhat a cic\u00e1kn\u00e1l, r\u00e1ad\u00e1sul az \u00e1llatorvosok azt \u00e1ll\u00edtj\u00e1k, hogy a teh\u00e9ntej t\u00f6bb kal\u00f3ri\u00e1t, kazeint \u00e9s lakt\u00f3zt tartalmaz, mint a napi aj\u00e1nlott adag a cic\u00e1knak.<\/p><\/div>\r\n\t\t\t\t\t\t\t\t\t\t\t\t\t<\/li>\r\n\t\t\t\t\t\t\t\t\t\t\t\t<li class=\"zf-list_item\">\r\n\t\t\t\t\t\t\t<div class=\"zf-list_header\">\r\n\t\t\t\t\t\t\t\t<h3 id=\"listaelem10\" class=\"zf-list_title\">\r\n\t\t\t\t\t\t\t\t\t<span class=\"zf-number\">10<\/span>\r\n\t\t\t\t\t\t\t\t\tt\u00e9vhit: nem biztons\u00e1gos a h\u00e1zi\u00e1llatokkal egy\u00fctt aludni.\t\t\t\t\t\t\t\t<\/h3>\r\n\t\t\t\t\t\t\t<\/div>\r\n\t\t\t\t\t\t\t\t\t\t\t\t\t\t\t<figure class=\"zf-list_media zf-media-wrapper zf-image zf-type-image\">\r\n\t\t\t\t\t\t\t\t\t<div title=\"t\u00e9vhit: nem biztons\u00e1gos a h\u00e1zi\u00e1llatokkal egy\u00fctt aludni.\" alt=\"t\u00e9vhit: nem biztons\u00e1gos a h\u00e1zi\u00e1llatokkal egy\u00fctt aludni.\" class=\"zf-media\">\r\n\t\t\t\t\t\t\t\t\t\t<img width=\"1200\" height=\"630\" src=\"https:\/\/liked.hu\/old\/wp-content\/uploads\/2021\/10\/Haziallatokkal-alvas.jpg\" class=\"\" alt=\"Haziallatokkal alvas\" loading=\"lazy\" style=\"\" srcset=\"https:\/\/liked.hu\/old\/wp-content\/uploads\/2021\/10\/Haziallatokkal-alvas.jpg 1200w, https:\/\/liked.hu\/old\/wp-content\/uploads\/2021\/10\/Haziallatokkal-alvas-768x403.jpg 768w, https:\/\/liked.hu\/old\/wp-content\/uploads\/2021\/10\/Haziallatokkal-alvas-360x189.jpg 360w\" sizes=\"(max-width: 1200px) 100vw, 1200px\" \/>\t\t\t\t\t\t\t\t\t\t\t<figcaption class=\"zf-figcaption\">\r\n\t\t\t\t\t\t\t\t\t\t\t\t\t\t\t\t\t\t\t\t\t\t\t\t<cite><\/cite>\r\n\r\n\t\t\t\t\t\t\t\t\t\t\t\t\t\t\t\t\t\t\t\t\t\t\t<\/figcaption>\r\n\t\t\t\t\t\t\t\t\t\t\t\t\t\t\t\t\t\t\t<\/div>\r\n\t\t\t\t\t\t\t\t\t<hr \/>\r\n\t\t\t\t\t\t\t\t<\/figure>\r\n\t\t\t\t\t\t\t\t\t\t\t\t\t\t\t\t<div class=\"zf-list_description\"><p>Ha Te \u00e9s a kedvenced is eg\u00e9szs\u00e9gesek vagytok, akkor tulajdonk\u00e9ppen semmilyen akad\u00e1lya sincs annak, hogy osztozkodjatok a fekhelyeteken. Ezenk\u00edv\u00fcl egyes kutat\u00e1sok <a href=\"https:\/\/www.mayoclinicproceedings.org\/article\/S0025-6196(15)00674-6\/fulltext\" rel=\"noopener noreferrer\" target=\"_blank\">azt mutatt\u00e1k,<\/a> hogy az \u00e1llatokkal t\u00f6rt\u00e9n\u0151 alv\u00e1s j\u00f3t\u00e9kony hat\u00e1ssal van az emberekre \u00e9s seg\u00edti a pihentet\u0151 alv\u00e1st. A k\u00f6z\u00f6s alv\u00e1s egy\u00e9bk\u00e9nt az \u00e1llatn\u00e1l sem okoz viselked\u00e9si probl\u00e9m\u00e1kat, teh\u00e1t nincs mit\u0151l tartani.<\/p><\/div>\r\n\t\t\t\t\t\t\t\t\t\t\t\t\t<\/li>\r\n\t\t\t\t\t\t\t\t\t<\/ol>\r\n\t\t<\/div>\r\n\t<\/div>\r\n\r\n\t<\/div>\r\n\r\n\r\n\n","protected":false},"excerpt":{"rendered":"<p>A statisztik\u00e1k szerint vil\u00e1gszerte az emberek 57%-\u00e1nak van valamilyen h\u00e1zi\u00e1llata. A gazdik term\u00e9szetesen igyekeznek a t\u0151l\u00fck telhet\u0151 legjobb tud\u00e1s szerint nevelni a kedvenceket, de a szeretet \u00e9s t\u00f6r\u0151d\u00e9s k\u00f6nnyen ellenkez\u0151 hat\u00e1st v\u00e1lthat ki, ha az emberek nem ismerik megfelel\u0151en az adott \u00e1llatfajt\u00e1t. A mesefilmekkel ellent\u00e9tben p\u00e9ld\u00e1ul a macsk\u00e1knak nem szeretik a tejet, s\u0151t m\u00e9g k\u00e1ros [&hellip;]<\/p>\n","protected":false},"author":4,"featured_media":257185,"comment_status":"open","ping_status":"closed","sticky":false,"template":"","format":"standard","meta":{"buzzeditor_post_format":""},"categories":[46,23],"tags":[133,7891,5823,1755,4833],"yoast_head":"<!-- This site is optimized with the Yoast SEO plugin v19.6.1 - https:\/\/yoast.com\/wordpress\/plugins\/seo\/ -->\n<title>10 t\u00e9vhit a h\u00e1zi\u00e1llatokr\u00f3l, amiben sokan m\u00e9g mindig vakon hisznek<\/title>\n<meta name=\"description\" content=\"A statisztik\u00e1k szerint vil\u00e1gszerte az emberek 57%-\u00e1nak van valamilyen h\u00e1zi\u00e1llata. A gazdik term\u00e9szetesen igyekeznek a t\u0151l\u00fck telhet\u0151 legjobb tud\u00e1s szerint\" \/>\n<meta name=\"robots\" content=\"index, follow, max-snippet:-1, max-image-preview:large, max-video-preview:-1\" \/>\n<link rel=\"canonical\" href=\"https:\/\/liked.hu\/old\/erdekes\/10-tevhit-a-haziallatokrol-amiben-sokan-meg-mindig-vakon-hisznek\/\" \/>\n<meta property=\"og:locale\" content=\"hu_HU\" \/>\n<meta property=\"og:type\" content=\"article\" \/>\n<meta property=\"og:title\" content=\"10 t\u00e9vhit a h\u00e1zi\u00e1llatokr\u00f3l, amiben sokan m\u00e9g mindig vakon hisznek\" \/>\n<meta property=\"og:description\" content=\"A statisztik\u00e1k szerint vil\u00e1gszerte az emberek 57%-\u00e1nak van valamilyen h\u00e1zi\u00e1llata. A gazdik term\u00e9szetesen igyekeznek a t\u0151l\u00fck telhet\u0151 legjobb tud\u00e1s szerint\" \/>\n<meta property=\"og:url\" content=\"https:\/\/liked.hu\/old\/erdekes\/10-tevhit-a-haziallatokrol-amiben-sokan-meg-mindig-vakon-hisznek\/\" \/>\n<meta property=\"og:site_name\" content=\"Liked.hu\" \/>\n<meta property=\"article:publisher\" content=\"https:\/\/www.facebook.com\/liked.hu\" \/>\n<meta property=\"article:published_time\" content=\"2021-10-11T12:36:34+00:00\" \/>\n<meta property=\"og:image\" content=\"https:\/\/liked.hu\/old\/wp-content\/uploads\/2021\/10\/Haziallatokkal-alvas.jpg\" \/>\n\t<meta property=\"og:image:width\" content=\"1200\" \/>\n\t<meta property=\"og:image:height\" content=\"630\" \/>\n\t<meta property=\"og:image:type\" content=\"image\/jpeg\" \/>\n<meta name=\"author\" content=\"Simbakim\" \/>\n<meta name=\"twitter:card\" content=\"summary\" \/>\n<meta name=\"twitter:creator\" content=\"@LikedHu\" \/>\n<meta name=\"twitter:site\" content=\"@LikedHu\" \/>\n<meta name=\"twitter:label1\" content=\"Szerz\u0151:\" \/>\n\t<meta name=\"twitter:data1\" content=\"Simbakim\" \/>\n\t<meta name=\"twitter:label2\" content=\"Becs\u00fclt olvas\u00e1si id\u0151\" \/>\n\t<meta name=\"twitter:data2\" content=\"1 perc\" \/>\n<script type=\"application\/ld+json\" class=\"yoast-schema-graph\">{\"@context\":\"https:\/\/schema.org\",\"@graph\":[{\"@type\":\"Article\",\"@id\":\"https:\/\/liked.hu\/old\/erdekes\/10-tevhit-a-haziallatokrol-amiben-sokan-meg-mindig-vakon-hisznek\/#article\",\"isPartOf\":{\"@id\":\"https:\/\/liked.hu\/old\/erdekes\/10-tevhit-a-haziallatokrol-amiben-sokan-meg-mindig-vakon-hisznek\/\"},\"author\":{\"name\":\"Simbakim\",\"@id\":\"https:\/\/liked.hu\/old\/#\/schema\/person\/e8b79b280dc82c4ac9b973eedc274b75\"},\"headline\":\"10 t\u00e9vhit a h\u00e1zi\u00e1llatokr\u00f3l, amiben sokan m\u00e9g mindig vakon hisznek\",\"datePublished\":\"2021-10-11T12:36:34+00:00\",\"dateModified\":\"2021-10-11T12:36:34+00:00\",\"mainEntityOfPage\":{\"@id\":\"https:\/\/liked.hu\/old\/erdekes\/10-tevhit-a-haziallatokrol-amiben-sokan-meg-mindig-vakon-hisznek\/\"},\"wordCount\":141,\"commentCount\":0,\"publisher\":{\"@id\":\"https:\/\/liked.hu\/old\/#organization\"},\"keywords\":[\"\u00e1llatok\",\"h\u00e1zi\u00e1llatok\",\"Ma tudtam meg!\",\"m\u00edtosz\",\"t\u00e9vhit\"],\"articleSection\":[\"\u00c1llatok\",\"\u00c9rdekess\u00e9gek\"],\"inLanguage\":\"hu\",\"potentialAction\":[{\"@type\":\"CommentAction\",\"name\":\"Comment\",\"target\":[\"https:\/\/liked.hu\/old\/erdekes\/10-tevhit-a-haziallatokrol-amiben-sokan-meg-mindig-vakon-hisznek\/#respond\"]}]},{\"@type\":\"WebPage\",\"@id\":\"https:\/\/liked.hu\/old\/erdekes\/10-tevhit-a-haziallatokrol-amiben-sokan-meg-mindig-vakon-hisznek\/\",\"url\":\"https:\/\/liked.hu\/old\/erdekes\/10-tevhit-a-haziallatokrol-amiben-sokan-meg-mindig-vakon-hisznek\/\",\"name\":\"10 t\u00e9vhit a h\u00e1zi\u00e1llatokr\u00f3l, amiben sokan m\u00e9g mindig vakon hisznek\",\"isPartOf\":{\"@id\":\"https:\/\/liked.hu\/old\/#website\"},\"datePublished\":\"2021-10-11T12:36:34+00:00\",\"dateModified\":\"2021-10-11T12:36:34+00:00\",\"description\":\"A statisztik\u00e1k szerint vil\u00e1gszerte az emberek 57%-\u00e1nak van valamilyen h\u00e1zi\u00e1llata. A gazdik term\u00e9szetesen igyekeznek a t\u0151l\u00fck telhet\u0151 legjobb tud\u00e1s szerint\",\"breadcrumb\":{\"@id\":\"https:\/\/liked.hu\/old\/erdekes\/10-tevhit-a-haziallatokrol-amiben-sokan-meg-mindig-vakon-hisznek\/#breadcrumb\"},\"inLanguage\":\"hu\",\"potentialAction\":[{\"@type\":\"ReadAction\",\"target\":[\"https:\/\/liked.hu\/old\/erdekes\/10-tevhit-a-haziallatokrol-amiben-sokan-meg-mindig-vakon-hisznek\/\"]}]},{\"@type\":\"BreadcrumbList\",\"@id\":\"https:\/\/liked.hu\/old\/erdekes\/10-tevhit-a-haziallatokrol-amiben-sokan-meg-mindig-vakon-hisznek\/#breadcrumb\",\"itemListElement\":[{\"@type\":\"ListItem\",\"position\":1,\"name\":\"Kezd\u0151lap\",\"item\":\"https:\/\/liked.hu\/old\/\"},{\"@type\":\"ListItem\",\"position\":2,\"name\":\"10 t\u00e9vhit a h\u00e1zi\u00e1llatokr\u00f3l, amiben sokan m\u00e9g mindig vakon hisznek\"}]},{\"@type\":\"WebSite\",\"@id\":\"https:\/\/liked.hu\/old\/#website\",\"url\":\"https:\/\/liked.hu\/old\/\",\"name\":\"Liked.hu\",\"description\":\"\",\"publisher\":{\"@id\":\"https:\/\/liked.hu\/old\/#organization\"},\"potentialAction\":[{\"@type\":\"SearchAction\",\"target\":{\"@type\":\"EntryPoint\",\"urlTemplate\":\"https:\/\/liked.hu\/old\/?s={search_term_string}\"},\"query-input\":\"required name=search_term_string\"}],\"inLanguage\":\"hu\"},{\"@type\":\"Organization\",\"@id\":\"https:\/\/liked.hu\/old\/#organization\",\"name\":\"Liked.hu\",\"url\":\"https:\/\/liked.hu\/old\/\",\"sameAs\":[\"https:\/\/hu.pinterest.com\/likedhungary\/\",\"https:\/\/www.youtube.com\/channel\/UCPv91dbMoIukYcM9b9nHN6Q\",\"https:\/\/www.facebook.com\/liked.hu\",\"https:\/\/twitter.com\/LikedHu\"],\"logo\":{\"@type\":\"ImageObject\",\"inLanguage\":\"hu\",\"@id\":\"https:\/\/liked.hu\/old\/#\/schema\/logo\/image\/\",\"url\":\"https:\/\/liked.hu\/wp-content\/uploads\/2018\/08\/Liked-icon.png\",\"contentUrl\":\"https:\/\/liked.hu\/wp-content\/uploads\/2018\/08\/Liked-icon.png\",\"width\":512,\"height\":512,\"caption\":\"Liked.hu\"},\"image\":{\"@id\":\"https:\/\/liked.hu\/old\/#\/schema\/logo\/image\/\"}},{\"@type\":\"Person\",\"@id\":\"https:\/\/liked.hu\/old\/#\/schema\/person\/e8b79b280dc82c4ac9b973eedc274b75\",\"name\":\"Simbakim\",\"image\":{\"@type\":\"ImageObject\",\"inLanguage\":\"hu\",\"@id\":\"https:\/\/liked.hu\/old\/#\/schema\/person\/image\/\",\"url\":\"https:\/\/secure.gravatar.com\/avatar\/?s=96&d=mm&r=pg\",\"contentUrl\":\"https:\/\/secure.gravatar.com\/avatar\/?s=96&d=mm&r=pg\",\"caption\":\"Simbakim\"},\"url\":\"https:\/\/liked.hu\/old\/u\/simbakim\/\"}]}<\/script>\n<!-- \/ Yoast SEO plugin. -->","yoast_head_json":{"title":"10 t\u00e9vhit a h\u00e1zi\u00e1llatokr\u00f3l, amiben sokan m\u00e9g mindig vakon hisznek","description":"A statisztik\u00e1k szerint vil\u00e1gszerte az emberek 57%-\u00e1nak van valamilyen h\u00e1zi\u00e1llata. A gazdik term\u00e9szetesen igyekeznek a t\u0151l\u00fck telhet\u0151 legjobb tud\u00e1s szerint","robots":{"index":"index","follow":"follow","max-snippet":"max-snippet:-1","max-image-preview":"max-image-preview:large","max-video-preview":"max-video-preview:-1"},"canonical":"https:\/\/liked.hu\/old\/erdekes\/10-tevhit-a-haziallatokrol-amiben-sokan-meg-mindig-vakon-hisznek\/","og_locale":"hu_HU","og_type":"article","og_title":"10 t\u00e9vhit a h\u00e1zi\u00e1llatokr\u00f3l, amiben sokan m\u00e9g mindig vakon hisznek","og_description":"A statisztik\u00e1k szerint vil\u00e1gszerte az emberek 57%-\u00e1nak van valamilyen h\u00e1zi\u00e1llata. A gazdik term\u00e9szetesen igyekeznek a t\u0151l\u00fck telhet\u0151 legjobb tud\u00e1s szerint","og_url":"https:\/\/liked.hu\/old\/erdekes\/10-tevhit-a-haziallatokrol-amiben-sokan-meg-mindig-vakon-hisznek\/","og_site_name":"Liked.hu","article_publisher":"https:\/\/www.facebook.com\/liked.hu","article_published_time":"2021-10-11T12:36:34+00:00","og_image":[{"width":1200,"height":630,"url":"https:\/\/liked.hu\/old\/wp-content\/uploads\/2021\/10\/Haziallatokkal-alvas.jpg","type":"image\/jpeg"}],"author":"Simbakim","twitter_card":"summary","twitter_creator":"@LikedHu","twitter_site":"@LikedHu","twitter_misc":{"Szerz\u0151:":"Simbakim","Becs\u00fclt olvas\u00e1si id\u0151":"1 perc"},"schema":{"@context":"https:\/\/schema.org","@graph":[{"@type":"Article","@id":"https:\/\/liked.hu\/old\/erdekes\/10-tevhit-a-haziallatokrol-amiben-sokan-meg-mindig-vakon-hisznek\/#article","isPartOf":{"@id":"https:\/\/liked.hu\/old\/erdekes\/10-tevhit-a-haziallatokrol-amiben-sokan-meg-mindig-vakon-hisznek\/"},"author":{"name":"Simbakim","@id":"https:\/\/liked.hu\/old\/#\/schema\/person\/e8b79b280dc82c4ac9b973eedc274b75"},"headline":"10 t\u00e9vhit a h\u00e1zi\u00e1llatokr\u00f3l, amiben sokan m\u00e9g mindig vakon hisznek","datePublished":"2021-10-11T12:36:34+00:00","dateModified":"2021-10-11T12:36:34+00:00","mainEntityOfPage":{"@id":"https:\/\/liked.hu\/old\/erdekes\/10-tevhit-a-haziallatokrol-amiben-sokan-meg-mindig-vakon-hisznek\/"},"wordCount":141,"commentCount":0,"publisher":{"@id":"https:\/\/liked.hu\/old\/#organization"},"keywords":["\u00e1llatok","h\u00e1zi\u00e1llatok","Ma tudtam meg!","m\u00edtosz","t\u00e9vhit"],"articleSection":["\u00c1llatok","\u00c9rdekess\u00e9gek"],"inLanguage":"hu","potentialAction":[{"@type":"CommentAction","name":"Comment","target":["https:\/\/liked.hu\/old\/erdekes\/10-tevhit-a-haziallatokrol-amiben-sokan-meg-mindig-vakon-hisznek\/#respond"]}]},{"@type":"WebPage","@id":"https:\/\/liked.hu\/old\/erdekes\/10-tevhit-a-haziallatokrol-amiben-sokan-meg-mindig-vakon-hisznek\/","url":"https:\/\/liked.hu\/old\/erdekes\/10-tevhit-a-haziallatokrol-amiben-sokan-meg-mindig-vakon-hisznek\/","name":"10 t\u00e9vhit a h\u00e1zi\u00e1llatokr\u00f3l, amiben sokan m\u00e9g mindig vakon hisznek","isPartOf":{"@id":"https:\/\/liked.hu\/old\/#website"},"datePublished":"2021-10-11T12:36:34+00:00","dateModified":"2021-10-11T12:36:34+00:00","description":"A statisztik\u00e1k szerint vil\u00e1gszerte az emberek 57%-\u00e1nak van valamilyen h\u00e1zi\u00e1llata. A gazdik term\u00e9szetesen igyekeznek a t\u0151l\u00fck telhet\u0151 legjobb tud\u00e1s szerint","breadcrumb":{"@id":"https:\/\/liked.hu\/old\/erdekes\/10-tevhit-a-haziallatokrol-amiben-sokan-meg-mindig-vakon-hisznek\/#breadcrumb"},"inLanguage":"hu","potentialAction":[{"@type":"ReadAction","target":["https:\/\/liked.hu\/old\/erdekes\/10-tevhit-a-haziallatokrol-amiben-sokan-meg-mindig-vakon-hisznek\/"]}]},{"@type":"BreadcrumbList","@id":"https:\/\/liked.hu\/old\/erdekes\/10-tevhit-a-haziallatokrol-amiben-sokan-meg-mindig-vakon-hisznek\/#breadcrumb","itemListElement":[{"@type":"ListItem","position":1,"name":"Kezd\u0151lap","item":"https:\/\/liked.hu\/old\/"},{"@type":"ListItem","position":2,"name":"10 t\u00e9vhit a h\u00e1zi\u00e1llatokr\u00f3l, amiben sokan m\u00e9g mindig vakon hisznek"}]},{"@type":"WebSite","@id":"https:\/\/liked.hu\/old\/#website","url":"https:\/\/liked.hu\/old\/","name":"Liked.hu","description":"","publisher":{"@id":"https:\/\/liked.hu\/old\/#organization"},"potentialAction":[{"@type":"SearchAction","target":{"@type":"EntryPoint","urlTemplate":"https:\/\/liked.hu\/old\/?s={search_term_string}"},"query-input":"required name=search_term_string"}],"inLanguage":"hu"},{"@type":"Organization","@id":"https:\/\/liked.hu\/old\/#organization","name":"Liked.hu","url":"https:\/\/liked.hu\/old\/","sameAs":["https:\/\/hu.pinterest.com\/likedhungary\/","https:\/\/www.youtube.com\/channel\/UCPv91dbMoIukYcM9b9nHN6Q","https:\/\/www.facebook.com\/liked.hu","https:\/\/twitter.com\/LikedHu"],"logo":{"@type":"ImageObject","inLanguage":"hu","@id":"https:\/\/liked.hu\/old\/#\/schema\/logo\/image\/","url":"https:\/\/liked.hu\/wp-content\/uploads\/2018\/08\/Liked-icon.png","contentUrl":"https:\/\/liked.hu\/wp-content\/uploads\/2018\/08\/Liked-icon.png","width":512,"height":512,"caption":"Liked.hu"},"image":{"@id":"https:\/\/liked.hu\/old\/#\/schema\/logo\/image\/"}},{"@type":"Person","@id":"https:\/\/liked.hu\/old\/#\/schema\/person\/e8b79b280dc82c4ac9b973eedc274b75","name":"Simbakim","image":{"@type":"ImageObject","inLanguage":"hu","@id":"https:\/\/liked.hu\/old\/#\/schema\/person\/image\/","url":"https:\/\/secure.gravatar.com\/avatar\/?s=96&d=mm&r=pg","contentUrl":"https:\/\/secure.gravatar.com\/avatar\/?s=96&d=mm&r=pg","caption":"Simbakim"},"url":"https:\/\/liked.hu\/old\/u\/simbakim\/"}]}},"publishpress_future_action":{"enabled":false,"date":"1970-01-01 01:00:00","action":"","terms":[],"taxonomy":"","browser_timezone_offset":0},"_links":{"self":[{"href":"https:\/\/liked.hu\/old\/wp-json\/wp\/v2\/posts\/257174"}],"collection":[{"href":"https:\/\/liked.hu\/old\/wp-json\/wp\/v2\/posts"}],"about":[{"href":"https:\/\/liked.hu\/old\/wp-json\/wp\/v2\/types\/post"}],"author":[{"embeddable":true,"href":"https:\/\/liked.hu\/old\/wp-json\/wp\/v2\/users\/4"}],"replies":[{"embeddable":true,"href":"https:\/\/liked.hu\/old\/wp-json\/wp\/v2\/comments?post=257174"}],"version-history":[{"count":0,"href":"https:\/\/liked.hu\/old\/wp-json\/wp\/v2\/posts\/257174\/revisions"}],"wp:featuredmedia":[{"embeddable":true,"href":"https:\/\/liked.hu\/old\/wp-json\/wp\/v2\/media\/257185"}],"wp:attachment":[{"href":"https:\/\/liked.hu\/old\/wp-json\/wp\/v2\/media?parent=257174"}],"wp:term":[{"taxonomy":"category","embeddable":true,"href":"https:\/\/liked.hu\/old\/wp-json\/wp\/v2\/categories?post=257174"},{"taxonomy":"post_tag","embeddable":true,"href":"https:\/\/liked.hu\/old\/wp-json\/wp\/v2\/tags?post=257174"}],"curies":[{"name":"wp","href":"https:\/\/api.w.org\/{rel}","templated":true}]}}