{"id":257074,"date":"2021-10-10T22:30:59","date_gmt":"2021-10-10T20:30:59","guid":{"rendered":"https:\/\/liked.hu\/old\/?p=257074"},"modified":"2021-10-10T22:30:59","modified_gmt":"2021-10-10T20:30:59","slug":"miert-nem-kopognak-a-vonatkerekek-egyes-europai-orszagokban","status":"publish","type":"post","link":"https:\/\/liked.hu\/old\/erdekes\/miert-nem-kopognak-a-vonatkerekek-egyes-europai-orszagokban\/","title":{"rendered":"Mi\u00e9rt nem kopognak a vonatkerekek egyes eur\u00f3pai orsz\u00e1gokban?"},"content":{"rendered":"<p>Sokunk sz\u00e1m\u00e1ra a vonatoz\u00e1s annyira egy\u00fctt j\u00e1r a vonatkerekek ikonikus zakatol\u00e1s\u00e1val, hogy n\u00e9ha szinte m\u00e1r nyugtat\u00f3 hat\u00e1ssal van az elm\u00e9nkre, \u00e9s kiss\u00e9 szorongva \u00e9rezz\u00fck magunkat, amikor egy meg\u00e1ll\u00e1s k\u00f6zben elcsendesedik ez a hipnotikus kattog\u00e1s.<\/p>\n<p style=\"text-align: center;\">\n<div style=\"float:none;margin:0px 0 0px 0;text-align:center;\">\n<div class=\"mobileShowkakettes\"><div class=\"mobileShowka2\"><div style=\"padding-top:0px;padding-bottom:15px;min-height: 300px;\"><div class=\"hirdetes\">HIRDET\u00c9S<\/div>\n<!-- 300lista -->\n<ins class=\"adsbygoogle\"\n     style=\"display:inline-block;width:300px;height:250px\"\n     data-ad-client=\"ca-pub-9424088931673893\"\n     data-ad-slot=\"8471340766\"><\/ins>\n<script async>\n     (adsbygoogle = window.adsbygoogle || []).push({});\n<\/script><\/div><\/div><\/div><\/div>\n<p>Nem minden orsz\u00e1gban van azonban ez a jellegzetes kattog\u00e1s a vonatokn\u00e1l: aki valaha is utazott m\u00e1r vonattal Eur\u00f3p\u00e1ban, az \u00e9szrevehette, hogy egyes eur\u00f3pai orsz\u00e1gok (f\u0151k\u00e9nt a d\u00e9liek) vonatai teljes csendben suhannak.<\/p>\n<p><strong>De mi\u00e9rt van az, hogy bizonyos orsz\u00e1gokban csendben suhannak a vonatok, m\u00edg n\u00e1lunk, Magyarorsz\u00e1gon p\u00e9ld\u00e1ul elk\u00e9pzelhetetlen az ikonikus zakatol\u00f3 ker\u00e9khang n\u00e9lk\u00fcli vonatoz\u00e1s?<\/strong><\/p>\n<h2>A v\u00e1lasz a vas\u00fati s\u00ednekben rejlik<\/h2>\n<p>Magyarorsz\u00e1gon a legt\u00f6bb vas\u00fatvonal szakaszosan k\u00e9sz\u00fclt. A vas\u00fati p\u00e1ly\u00e1k kisebb-nagyobb \u00f6sszek\u00f6ttet\u00e9sekb\u0151l \u00e1llnak, melyek k\u00f6z\u00f6tt termikus r\u00e9s tal\u00e1lhat\u00f3. Erre az\u00e9rt van sz\u00fcks\u00e9g, hogy a s\u00ednek ne deform\u00e1l\u00f3dhassanak m\u00e9g a legnagyobb h\u0151m\u00e9rs\u00e9kletv\u00e1ltoz\u00e1sok k\u00f6zben sem, hiszen k\u00f6ztudott, hogy a ny\u00e1ri forr\u00f3s\u00e1gban a vas kit\u00e1gul, m\u00edg a hideg fagyban \u00f6sszesz\u0171k\u00fcl. Nincs ez m\u00e1sk\u00e9nt a vas\u00fati s\u00ednekkel sem, ez\u00e9rt sz\u00fcks\u00e9g van k\u00f6z\u00f6tt\u00fck bizonyos \u201et\u00e9rre\u201d, ahol szabadon t\u00e1gulhatnak \u00e9s sz\u0171k\u00fclhetnek. Az ikonikus zakatol\u00f3 hangot pedig \u00e9rtelemszer\u0171en az okozza, amikor a kerekek \u00e1thaladnak a s\u00edncsatlakoz\u00e1sok k\u00f6z\u00f6tt l\u00e9v\u0151 k\u00fcl\u00f6nbs\u00e9geken \u00e9s kopog\u00f3 hangot hallatnak.<\/p>\n\n<div style=\"float:none;margin:0px 0 0px 0;text-align:center;\">\n<div class=\"mobileHideke5\"><div style=\"margin-top:25px;\"><div class=\"hirdeteshatter\"><div style=\"display: inline-block;width: 50%;min-width:305px;vertical-align: top;\"><div class=\"hirdetes\">HIRDET\u00c9S<\/div>\n<!-- LikedQ51 -->\n<ins class=\"adsbygoogle\"\n     style=\"display:inline-block;width:300px;height:250px\"\n     data-ad-client=\"ca-pub-9424088931673893\"\n     data-ad-slot=\"8284063326\"><\/ins>\n<script async>\n     (adsbygoogle = window.adsbygoogle || []).push({});\n<\/script><\/div><div style=\"display: inline-block;width: 50%;min-width:305px;vertical-align: top;\"><div class=\"hirdetes\">HIRDET\u00c9S<\/div>\n<!-- LikedQ52 -->\n<ins class=\"adsbygoogle\"\n     style=\"display:inline-block;width:300px;height:250px\"\n     data-ad-client=\"ca-pub-9424088931673893\"\n     data-ad-slot=\"2840164950\"><\/ins>\n<script async>\n     (adsbygoogle = window.adsbygoogle || []).push({});\n<\/script><\/div><\/div><\/div><\/div>\n<div style=\"display:flex;flex-direction:column;\"><div class=\"mobileShowka5\"><div style=\"padding-top:10px;padding-bottom:10px;min-height: 300px;\"><div class=\"hirdetes\">HIRDET\u00c9S<\/div>\n<!-- LikedQ5M -->\n<ins class=\"adsbygoogle\"\n     style=\"display:inline-block;width:300px;height:250px\"\n     data-ad-client=\"ca-pub-9424088931673893\"\n     data-ad-slot=\"9022429928\"><\/ins>\n<script async>\n     (adsbygoogle = window.adsbygoogle || []).push({});\n<\/script><\/div><\/div><\/div><\/div>\n\n<p><img loading=\"lazy\" class=\"aligncenter size-full wp-image-257076\" src=\"https:\/\/liked.hu\/old\/wp-content\/uploads\/2021\/10\/Vonatsin-csatlakozas.jpg\" alt=\"Vonats\u00edn csatlakoz\u00e1s\" width=\"850\" height=\"566\" srcset=\"https:\/\/liked.hu\/old\/wp-content\/uploads\/2021\/10\/Vonatsin-csatlakozas.jpg 850w, https:\/\/liked.hu\/old\/wp-content\/uploads\/2021\/10\/Vonatsin-csatlakozas-768x511.jpg 768w, https:\/\/liked.hu\/old\/wp-content\/uploads\/2021\/10\/Vonatsin-csatlakozas-360x240.jpg 360w\" sizes=\"(max-width: 850px) 100vw, 850px\" \/><\/p>\n<h2>Folyamatos s\u00ednek<\/h2>\n<p>Egyes eur\u00f3pai orsz\u00e1gokban az \u00e9ghajlat jelent\u0151sen enyh\u00e9bb, \u00e9s mindenf\u00e9le er\u0151sebb h\u0151ingadoz\u00e1st\u00f3l mentes, ez pedig lehet\u0151v\u00e9 teszi, hogy a m\u00e9rn\u00f6k\u00f6k folyamatosan hegeszett p\u00e1ly\u00e1kat k\u00e9sz\u00edtsenek, melynek l\u00e9nyege, hogy a s\u00ednek k\u00f6z\u00f6tt semmilyen fizikai \u00e9rtelemben vett sz\u00fcnet sincs, a gyakran 800 m\u00e9ter hossz\u00fa elemeket pedig hegeszt\u00e9ses technol\u00f3gi\u00e1val r\u00f6gz\u00edtik egym\u00e1shoz.<\/p>\n<p><img loading=\"lazy\" class=\"aligncenter size-full wp-image-257075\" src=\"https:\/\/liked.hu\/old\/wp-content\/uploads\/2021\/10\/Csatlakozasmentes-vonatsin.jpg\" alt=\"Csatlakoz\u00e1smentes vonats\u00edn\" width=\"850\" height=\"566\" srcset=\"https:\/\/liked.hu\/old\/wp-content\/uploads\/2021\/10\/Csatlakozasmentes-vonatsin.jpg 850w, https:\/\/liked.hu\/old\/wp-content\/uploads\/2021\/10\/Csatlakozasmentes-vonatsin-768x511.jpg 768w, https:\/\/liked.hu\/old\/wp-content\/uploads\/2021\/10\/Csatlakozasmentes-vonatsin-360x240.jpg 360w\" sizes=\"(max-width: 850px) 100vw, 850px\" \/><\/p>\n","protected":false},"excerpt":{"rendered":"<p>Sokunk sz\u00e1m\u00e1ra a vonatoz\u00e1s annyira egy\u00fctt j\u00e1r a vonatkerekek ikonikus zakatol\u00e1s\u00e1val, hogy n\u00e9ha szinte m\u00e1r nyugtat\u00f3 hat\u00e1ssal van az elm\u00e9nkre, \u00e9s kiss\u00e9 szorongva \u00e9rezz\u00fck magunkat, amikor egy meg\u00e1ll\u00e1s k\u00f6zben elcsendesedik ez a hipnotikus kattog\u00e1s. Nem minden orsz\u00e1gban van azonban ez a jellegzetes kattog\u00e1s a vonatokn\u00e1l: aki valaha is utazott m\u00e1r vonattal Eur\u00f3p\u00e1ban, az \u00e9szrevehette, hogy [&hellip;]<\/p>\n","protected":false},"author":593,"featured_media":257077,"comment_status":"open","ping_status":"closed","sticky":false,"template":"","format":"standard","meta":{"buzzeditor_post_format":""},"categories":[23],"tags":[678,5823,2874],"yoast_head":"<!-- This site is optimized with the Yoast SEO plugin v19.6.1 - https:\/\/yoast.com\/wordpress\/plugins\/seo\/ -->\n<title>Mi\u00e9rt nem kopognak a vonatkerekek egyes eur\u00f3pai orsz\u00e1gokban?<\/title>\n<meta name=\"description\" content=\"Sokunk sz\u00e1m\u00e1ra a vonatoz\u00e1s annyira egy\u00fctt j\u00e1r a vonatkerekek ikonikus zakatol\u00e1s\u00e1val, hogy n\u00e9ha szinte m\u00e1r nyugtat\u00f3 hat\u00e1ssal van az elm\u00e9nkre, \u00e9s kiss\u00e9\" \/>\n<meta name=\"robots\" content=\"index, follow, max-snippet:-1, max-image-preview:large, max-video-preview:-1\" \/>\n<link rel=\"canonical\" href=\"https:\/\/liked.hu\/old\/erdekes\/miert-nem-kopognak-a-vonatkerekek-egyes-europai-orszagokban\/\" \/>\n<meta property=\"og:locale\" content=\"hu_HU\" \/>\n<meta property=\"og:type\" content=\"article\" \/>\n<meta property=\"og:title\" content=\"Mi\u00e9rt nem kopognak a vonatkerekek egyes eur\u00f3pai orsz\u00e1gokban?\" \/>\n<meta property=\"og:description\" content=\"Sokunk sz\u00e1m\u00e1ra a vonatoz\u00e1s annyira egy\u00fctt j\u00e1r a vonatkerekek ikonikus zakatol\u00e1s\u00e1val, hogy n\u00e9ha szinte m\u00e1r nyugtat\u00f3 hat\u00e1ssal van az elm\u00e9nkre, \u00e9s kiss\u00e9\" \/>\n<meta property=\"og:url\" content=\"https:\/\/liked.hu\/old\/erdekes\/miert-nem-kopognak-a-vonatkerekek-egyes-europai-orszagokban\/\" \/>\n<meta property=\"og:site_name\" content=\"Liked.hu\" \/>\n<meta property=\"article:publisher\" content=\"https:\/\/www.facebook.com\/liked.hu\" \/>\n<meta property=\"article:published_time\" content=\"2021-10-10T20:30:59+00:00\" \/>\n<meta property=\"og:image\" content=\"https:\/\/liked.hu\/old\/wp-content\/uploads\/2021\/10\/Vonatkerekek-zakatolas.jpg\" \/>\n\t<meta property=\"og:image:width\" content=\"1200\" \/>\n\t<meta property=\"og:image:height\" content=\"630\" \/>\n\t<meta property=\"og:image:type\" content=\"image\/jpeg\" \/>\n<meta name=\"author\" content=\"timborcsa\" \/>\n<meta name=\"twitter:card\" content=\"summary\" \/>\n<meta name=\"twitter:creator\" content=\"@LikedHu\" \/>\n<meta name=\"twitter:site\" content=\"@LikedHu\" \/>\n<meta name=\"twitter:label1\" content=\"Szerz\u0151:\" \/>\n\t<meta name=\"twitter:data1\" content=\"timborcsa\" \/>\n\t<meta name=\"twitter:label2\" content=\"Becs\u00fclt olvas\u00e1si id\u0151\" \/>\n\t<meta name=\"twitter:data2\" content=\"2 perc\" \/>\n<script type=\"application\/ld+json\" class=\"yoast-schema-graph\">{\"@context\":\"https:\/\/schema.org\",\"@graph\":[{\"@type\":\"Article\",\"@id\":\"https:\/\/liked.hu\/old\/erdekes\/miert-nem-kopognak-a-vonatkerekek-egyes-europai-orszagokban\/#article\",\"isPartOf\":{\"@id\":\"https:\/\/liked.hu\/old\/erdekes\/miert-nem-kopognak-a-vonatkerekek-egyes-europai-orszagokban\/\"},\"author\":{\"name\":\"timborcsa\",\"@id\":\"https:\/\/liked.hu\/old\/#\/schema\/person\/cb264216a886031cc3fda23f0dcf78c4\"},\"headline\":\"Mi\u00e9rt nem kopognak a vonatkerekek egyes eur\u00f3pai orsz\u00e1gokban?\",\"datePublished\":\"2021-10-10T20:30:59+00:00\",\"dateModified\":\"2021-10-10T20:30:59+00:00\",\"mainEntityOfPage\":{\"@id\":\"https:\/\/liked.hu\/old\/erdekes\/miert-nem-kopognak-a-vonatkerekek-egyes-europai-orszagokban\/\"},\"wordCount\":371,\"commentCount\":0,\"publisher\":{\"@id\":\"https:\/\/liked.hu\/old\/#organization\"},\"keywords\":[\"eur\u00f3pa\",\"Ma tudtam meg!\",\"vonat\"],\"articleSection\":[\"\u00c9rdekess\u00e9gek\"],\"inLanguage\":\"hu\",\"potentialAction\":[{\"@type\":\"CommentAction\",\"name\":\"Comment\",\"target\":[\"https:\/\/liked.hu\/old\/erdekes\/miert-nem-kopognak-a-vonatkerekek-egyes-europai-orszagokban\/#respond\"]}]},{\"@type\":\"WebPage\",\"@id\":\"https:\/\/liked.hu\/old\/erdekes\/miert-nem-kopognak-a-vonatkerekek-egyes-europai-orszagokban\/\",\"url\":\"https:\/\/liked.hu\/old\/erdekes\/miert-nem-kopognak-a-vonatkerekek-egyes-europai-orszagokban\/\",\"name\":\"Mi\u00e9rt nem kopognak a vonatkerekek egyes eur\u00f3pai orsz\u00e1gokban?\",\"isPartOf\":{\"@id\":\"https:\/\/liked.hu\/old\/#website\"},\"datePublished\":\"2021-10-10T20:30:59+00:00\",\"dateModified\":\"2021-10-10T20:30:59+00:00\",\"description\":\"Sokunk sz\u00e1m\u00e1ra a vonatoz\u00e1s annyira egy\u00fctt j\u00e1r a vonatkerekek ikonikus zakatol\u00e1s\u00e1val, hogy n\u00e9ha szinte m\u00e1r nyugtat\u00f3 hat\u00e1ssal van az elm\u00e9nkre, \u00e9s kiss\u00e9\",\"breadcrumb\":{\"@id\":\"https:\/\/liked.hu\/old\/erdekes\/miert-nem-kopognak-a-vonatkerekek-egyes-europai-orszagokban\/#breadcrumb\"},\"inLanguage\":\"hu\",\"potentialAction\":[{\"@type\":\"ReadAction\",\"target\":[\"https:\/\/liked.hu\/old\/erdekes\/miert-nem-kopognak-a-vonatkerekek-egyes-europai-orszagokban\/\"]}]},{\"@type\":\"BreadcrumbList\",\"@id\":\"https:\/\/liked.hu\/old\/erdekes\/miert-nem-kopognak-a-vonatkerekek-egyes-europai-orszagokban\/#breadcrumb\",\"itemListElement\":[{\"@type\":\"ListItem\",\"position\":1,\"name\":\"Kezd\u0151lap\",\"item\":\"https:\/\/liked.hu\/old\/\"},{\"@type\":\"ListItem\",\"position\":2,\"name\":\"Mi\u00e9rt nem kopognak a vonatkerekek egyes eur\u00f3pai orsz\u00e1gokban?\"}]},{\"@type\":\"WebSite\",\"@id\":\"https:\/\/liked.hu\/old\/#website\",\"url\":\"https:\/\/liked.hu\/old\/\",\"name\":\"Liked.hu\",\"description\":\"\",\"publisher\":{\"@id\":\"https:\/\/liked.hu\/old\/#organization\"},\"potentialAction\":[{\"@type\":\"SearchAction\",\"target\":{\"@type\":\"EntryPoint\",\"urlTemplate\":\"https:\/\/liked.hu\/old\/?s={search_term_string}\"},\"query-input\":\"required name=search_term_string\"}],\"inLanguage\":\"hu\"},{\"@type\":\"Organization\",\"@id\":\"https:\/\/liked.hu\/old\/#organization\",\"name\":\"Liked.hu\",\"url\":\"https:\/\/liked.hu\/old\/\",\"sameAs\":[\"https:\/\/hu.pinterest.com\/likedhungary\/\",\"https:\/\/www.youtube.com\/channel\/UCPv91dbMoIukYcM9b9nHN6Q\",\"https:\/\/www.facebook.com\/liked.hu\",\"https:\/\/twitter.com\/LikedHu\"],\"logo\":{\"@type\":\"ImageObject\",\"inLanguage\":\"hu\",\"@id\":\"https:\/\/liked.hu\/old\/#\/schema\/logo\/image\/\",\"url\":\"https:\/\/liked.hu\/wp-content\/uploads\/2018\/08\/Liked-icon.png\",\"contentUrl\":\"https:\/\/liked.hu\/wp-content\/uploads\/2018\/08\/Liked-icon.png\",\"width\":512,\"height\":512,\"caption\":\"Liked.hu\"},\"image\":{\"@id\":\"https:\/\/liked.hu\/old\/#\/schema\/logo\/image\/\"}},{\"@type\":\"Person\",\"@id\":\"https:\/\/liked.hu\/old\/#\/schema\/person\/cb264216a886031cc3fda23f0dcf78c4\",\"name\":\"timborcsa\",\"image\":{\"@type\":\"ImageObject\",\"inLanguage\":\"hu\",\"@id\":\"https:\/\/liked.hu\/old\/#\/schema\/person\/image\/\",\"url\":\"https:\/\/liked.hu\/old\/wp-content\/uploads\/avatars\/593\/604de87ccf8ae-bpfull.jpg\",\"contentUrl\":\"https:\/\/liked.hu\/old\/wp-content\/uploads\/avatars\/593\/604de87ccf8ae-bpfull.jpg\",\"caption\":\"timborcsa\"},\"url\":\"https:\/\/liked.hu\/old\/u\/timborcsa\/\"}]}<\/script>\n<!-- \/ Yoast SEO plugin. -->","yoast_head_json":{"title":"Mi\u00e9rt nem kopognak a vonatkerekek egyes eur\u00f3pai orsz\u00e1gokban?","description":"Sokunk sz\u00e1m\u00e1ra a vonatoz\u00e1s annyira egy\u00fctt j\u00e1r a vonatkerekek ikonikus zakatol\u00e1s\u00e1val, hogy n\u00e9ha szinte m\u00e1r nyugtat\u00f3 hat\u00e1ssal van az elm\u00e9nkre, \u00e9s kiss\u00e9","robots":{"index":"index","follow":"follow","max-snippet":"max-snippet:-1","max-image-preview":"max-image-preview:large","max-video-preview":"max-video-preview:-1"},"canonical":"https:\/\/liked.hu\/old\/erdekes\/miert-nem-kopognak-a-vonatkerekek-egyes-europai-orszagokban\/","og_locale":"hu_HU","og_type":"article","og_title":"Mi\u00e9rt nem kopognak a vonatkerekek egyes eur\u00f3pai orsz\u00e1gokban?","og_description":"Sokunk sz\u00e1m\u00e1ra a vonatoz\u00e1s annyira egy\u00fctt j\u00e1r a vonatkerekek ikonikus zakatol\u00e1s\u00e1val, hogy n\u00e9ha szinte m\u00e1r nyugtat\u00f3 hat\u00e1ssal van az elm\u00e9nkre, \u00e9s kiss\u00e9","og_url":"https:\/\/liked.hu\/old\/erdekes\/miert-nem-kopognak-a-vonatkerekek-egyes-europai-orszagokban\/","og_site_name":"Liked.hu","article_publisher":"https:\/\/www.facebook.com\/liked.hu","article_published_time":"2021-10-10T20:30:59+00:00","og_image":[{"width":1200,"height":630,"url":"https:\/\/liked.hu\/old\/wp-content\/uploads\/2021\/10\/Vonatkerekek-zakatolas.jpg","type":"image\/jpeg"}],"author":"timborcsa","twitter_card":"summary","twitter_creator":"@LikedHu","twitter_site":"@LikedHu","twitter_misc":{"Szerz\u0151:":"timborcsa","Becs\u00fclt olvas\u00e1si id\u0151":"2 perc"},"schema":{"@context":"https:\/\/schema.org","@graph":[{"@type":"Article","@id":"https:\/\/liked.hu\/old\/erdekes\/miert-nem-kopognak-a-vonatkerekek-egyes-europai-orszagokban\/#article","isPartOf":{"@id":"https:\/\/liked.hu\/old\/erdekes\/miert-nem-kopognak-a-vonatkerekek-egyes-europai-orszagokban\/"},"author":{"name":"timborcsa","@id":"https:\/\/liked.hu\/old\/#\/schema\/person\/cb264216a886031cc3fda23f0dcf78c4"},"headline":"Mi\u00e9rt nem kopognak a vonatkerekek egyes eur\u00f3pai orsz\u00e1gokban?","datePublished":"2021-10-10T20:30:59+00:00","dateModified":"2021-10-10T20:30:59+00:00","mainEntityOfPage":{"@id":"https:\/\/liked.hu\/old\/erdekes\/miert-nem-kopognak-a-vonatkerekek-egyes-europai-orszagokban\/"},"wordCount":371,"commentCount":0,"publisher":{"@id":"https:\/\/liked.hu\/old\/#organization"},"keywords":["eur\u00f3pa","Ma tudtam meg!","vonat"],"articleSection":["\u00c9rdekess\u00e9gek"],"inLanguage":"hu","potentialAction":[{"@type":"CommentAction","name":"Comment","target":["https:\/\/liked.hu\/old\/erdekes\/miert-nem-kopognak-a-vonatkerekek-egyes-europai-orszagokban\/#respond"]}]},{"@type":"WebPage","@id":"https:\/\/liked.hu\/old\/erdekes\/miert-nem-kopognak-a-vonatkerekek-egyes-europai-orszagokban\/","url":"https:\/\/liked.hu\/old\/erdekes\/miert-nem-kopognak-a-vonatkerekek-egyes-europai-orszagokban\/","name":"Mi\u00e9rt nem kopognak a vonatkerekek egyes eur\u00f3pai orsz\u00e1gokban?","isPartOf":{"@id":"https:\/\/liked.hu\/old\/#website"},"datePublished":"2021-10-10T20:30:59+00:00","dateModified":"2021-10-10T20:30:59+00:00","description":"Sokunk sz\u00e1m\u00e1ra a vonatoz\u00e1s annyira egy\u00fctt j\u00e1r a vonatkerekek ikonikus zakatol\u00e1s\u00e1val, hogy n\u00e9ha szinte m\u00e1r nyugtat\u00f3 hat\u00e1ssal van az elm\u00e9nkre, \u00e9s kiss\u00e9","breadcrumb":{"@id":"https:\/\/liked.hu\/old\/erdekes\/miert-nem-kopognak-a-vonatkerekek-egyes-europai-orszagokban\/#breadcrumb"},"inLanguage":"hu","potentialAction":[{"@type":"ReadAction","target":["https:\/\/liked.hu\/old\/erdekes\/miert-nem-kopognak-a-vonatkerekek-egyes-europai-orszagokban\/"]}]},{"@type":"BreadcrumbList","@id":"https:\/\/liked.hu\/old\/erdekes\/miert-nem-kopognak-a-vonatkerekek-egyes-europai-orszagokban\/#breadcrumb","itemListElement":[{"@type":"ListItem","position":1,"name":"Kezd\u0151lap","item":"https:\/\/liked.hu\/old\/"},{"@type":"ListItem","position":2,"name":"Mi\u00e9rt nem kopognak a vonatkerekek egyes eur\u00f3pai orsz\u00e1gokban?"}]},{"@type":"WebSite","@id":"https:\/\/liked.hu\/old\/#website","url":"https:\/\/liked.hu\/old\/","name":"Liked.hu","description":"","publisher":{"@id":"https:\/\/liked.hu\/old\/#organization"},"potentialAction":[{"@type":"SearchAction","target":{"@type":"EntryPoint","urlTemplate":"https:\/\/liked.hu\/old\/?s={search_term_string}"},"query-input":"required name=search_term_string"}],"inLanguage":"hu"},{"@type":"Organization","@id":"https:\/\/liked.hu\/old\/#organization","name":"Liked.hu","url":"https:\/\/liked.hu\/old\/","sameAs":["https:\/\/hu.pinterest.com\/likedhungary\/","https:\/\/www.youtube.com\/channel\/UCPv91dbMoIukYcM9b9nHN6Q","https:\/\/www.facebook.com\/liked.hu","https:\/\/twitter.com\/LikedHu"],"logo":{"@type":"ImageObject","inLanguage":"hu","@id":"https:\/\/liked.hu\/old\/#\/schema\/logo\/image\/","url":"https:\/\/liked.hu\/wp-content\/uploads\/2018\/08\/Liked-icon.png","contentUrl":"https:\/\/liked.hu\/wp-content\/uploads\/2018\/08\/Liked-icon.png","width":512,"height":512,"caption":"Liked.hu"},"image":{"@id":"https:\/\/liked.hu\/old\/#\/schema\/logo\/image\/"}},{"@type":"Person","@id":"https:\/\/liked.hu\/old\/#\/schema\/person\/cb264216a886031cc3fda23f0dcf78c4","name":"timborcsa","image":{"@type":"ImageObject","inLanguage":"hu","@id":"https:\/\/liked.hu\/old\/#\/schema\/person\/image\/","url":"https:\/\/liked.hu\/old\/wp-content\/uploads\/avatars\/593\/604de87ccf8ae-bpfull.jpg","contentUrl":"https:\/\/liked.hu\/old\/wp-content\/uploads\/avatars\/593\/604de87ccf8ae-bpfull.jpg","caption":"timborcsa"},"url":"https:\/\/liked.hu\/old\/u\/timborcsa\/"}]}},"publishpress_future_action":{"enabled":false,"date":"1970-01-01 01:00:00","action":"","terms":[],"taxonomy":"","browser_timezone_offset":0},"_links":{"self":[{"href":"https:\/\/liked.hu\/old\/wp-json\/wp\/v2\/posts\/257074"}],"collection":[{"href":"https:\/\/liked.hu\/old\/wp-json\/wp\/v2\/posts"}],"about":[{"href":"https:\/\/liked.hu\/old\/wp-json\/wp\/v2\/types\/post"}],"author":[{"embeddable":true,"href":"https:\/\/liked.hu\/old\/wp-json\/wp\/v2\/users\/593"}],"replies":[{"embeddable":true,"href":"https:\/\/liked.hu\/old\/wp-json\/wp\/v2\/comments?post=257074"}],"version-history":[{"count":0,"href":"https:\/\/liked.hu\/old\/wp-json\/wp\/v2\/posts\/257074\/revisions"}],"wp:featuredmedia":[{"embeddable":true,"href":"https:\/\/liked.hu\/old\/wp-json\/wp\/v2\/media\/257077"}],"wp:attachment":[{"href":"https:\/\/liked.hu\/old\/wp-json\/wp\/v2\/media?parent=257074"}],"wp:term":[{"taxonomy":"category","embeddable":true,"href":"https:\/\/liked.hu\/old\/wp-json\/wp\/v2\/categories?post=257074"},{"taxonomy":"post_tag","embeddable":true,"href":"https:\/\/liked.hu\/old\/wp-json\/wp\/v2\/tags?post=257074"}],"curies":[{"name":"wp","href":"https:\/\/api.w.org\/{rel}","templated":true}]}}