{"id":253378,"date":"2024-03-30T20:21:50","date_gmt":"2024-03-30T19:21:50","guid":{"rendered":"https:\/\/liked.hu\/old\/?p=253378"},"modified":"2024-03-30T20:21:58","modified_gmt":"2024-03-30T19:21:58","slug":"11-tortenelmi-teny-amik-kitalacionak-tunnek-pedig-tenyleg-megtortentek","status":"publish","type":"post","link":"https:\/\/liked.hu\/old\/erdekes\/11-tortenelmi-teny-amik-kitalacionak-tunnek-pedig-tenyleg-megtortentek\/","title":{"rendered":"11 t\u00f6rt\u00e9nelmi esem\u00e9ny, amik kital\u00e1ci\u00f3nak t\u0171nnek, pedig t\u00e9nyleg megt\u00f6rt\u00e9ntek"},"content":{"rendered":"<p>A val\u00f3s\u00e1g \u00e9s a fikci\u00f3 legt\u00f6bbsz\u00f6r ellent\u00e9tes fogalom, de vannak olyan k\u00fcl\u00f6nleges esetek, amikor az elk\u00e9pzelhetetlen is val\u00f3ra v\u00e1lik. Az emberis\u00e9g t\u00f6rt\u00e9nelm\u00e9ben is sz\u00e1mos ilyen pillanat tal\u00e1lhat\u00f3, melyek els\u0151 hall\u00e1sra olyan hihetetlen\u00fcl hangzanak, hogy az ember azt gondoln\u00e1, csak hazugs\u00e1g az eg\u00e9sz, pedig nem. Ezek a dolgok t\u00e9nyleg megt\u00f6rt\u00e9ntek.<\/p>\n\n<div style=\"float:none;margin:0px 0 0px 0;text-align:center;\">\n<div class=\"mobileShowkakettes\"><div class=\"mobileShowka2\"><div style=\"padding-top:0px;padding-bottom:15px;min-height: 300px;\"><div class=\"hirdetes\">HIRDET\u00c9S<\/div>\n<!-- 300lista -->\n<ins class=\"adsbygoogle\"\n     style=\"display:inline-block;width:300px;height:250px\"\n     data-ad-client=\"ca-pub-9424088931673893\"\n     data-ad-slot=\"8471340766\"><\/ins>\n<script async>\n     (adsbygoogle = window.adsbygoogle || []).push({});\n<\/script><\/div><\/div><\/div><\/div>\n\n<p>A&nbsp;<strong>Liked.hu<\/strong>-n\u00e1l most 11 ilyen hihetetlen t\u00f6rt\u00e9nelmi t\u00e9nyt gy\u0171jt\u00f6tt\u00fcnk list\u00e1ra, melyek b\u00e1rmennyire is kital\u00e1ci\u00f3nak t\u0171nnek, val\u00f3j\u00e1ban teljesen val\u00f3sak.<\/p>\n<div id=\"zombify-main-section-front\" class=\"zombify-main-section-front zombify-screen zf-media-full zf-screen-sm\">\n<div class=\"zf-container\">\n<div id=\"zf-list\" class=\"zf-list zf-numbered\">\n<ol class=\"zf-structure-list\">\n<li style=\"list-style-type: none;\">\n<ol class=\"zf-structure-list\">\n<li class=\"zf-list_item\">\n<div class=\"zf-list_header\">\n<h3 id=\"1\" class=\"zf-list_title\"><span class=\"zf-number\">1<\/span>&nbsp;Amikor Kazimierz Piechowski auschwitzi fogoly megtudta, hogy \u0151t \u00e9s bar\u00e1tj\u00e1t kiv\u00e9gzik, k\u00e9t m\u00e1sik rabt\u00e1rsukkal egy\u00fctt SS-katon\u00e1nak \u00e1lc\u00e1zt\u00e1k magukat, elloptak egy SS-aut\u00f3t \u00e9s meggy\u0151zt\u00e9k a kapun\u00e1l \u00e1ll\u00f3 \u0151r\u00f6ket, hogy \u0151k is \u0151r\u00f6k, akik ez\u00e9rt kinyitott\u00e1k nekik az ajt\u00f3t. A foglyok ezut\u00e1n egyszer\u0171en elhajtottak.<\/h3>\n<\/div>\n<figure class=\"zf-list_media zf-media-wrapper zf-image zf-type-image\">\n<div class=\"zf-media\" title=\"Amikor Kazimierz Piechowski auschwitzi fogoly megtudta, hogy \u0151t \u00e9s bar\u00e1tj\u00e1t kiv\u00e9gzik, k\u00e9t m\u00e1sik rabt\u00e1rsukkal egy\u00fctt SS-katon\u00e1nak \u00e1lc\u00e1zt\u00e1k magukat, elloptak egy SS-aut\u00f3t \u00e9s meggy\u0151zt\u00e9k a kapun\u00e1l \u00e1ll\u00f3 \u0151r\u00f6ket, hogy \u0151k is \u0151r\u00f6k, akik ez\u00e9rt kinyitott\u00e1k nekik az ajt\u00f3t. A fogjok ezut\u00e1n egyszer\u0171en elhajtottak.\">\n<div class=\"zf-media\" title=\"Amikor Kazimierz Piechowski auschwitzi fogoly megtudta, hogy \u0151t \u00e9s bar\u00e1tj\u00e1t kiv\u00e9gzik, k\u00e9t m\u00e1sik rabt\u00e1rsukkal egy\u00fctt SS-katon\u00e1nak \u00e1lc\u00e1zt\u00e1k magukat, elloptak egy SS-aut\u00f3t \u00e9s meggy\u0151zt\u00e9k a kapun\u00e1l \u00e1ll\u00f3 \u0151r\u00f6ket, hogy \u0151k is \u0151r\u00f6k, akik ez\u00e9rt kinyitott\u00e1k nekik az ajt\u00f3t. A fogjok ezut\u00e1n egyszer\u0171en elhajtottak.\">\n<div class=\"bb-media-placeholder\"><img loading=\"lazy\" class=\"\" src=\"https:\/\/liked.hu\/old\/wp-content\/uploads\/2021\/09\/prisoner.jpg\" sizes=\"(max-width: 750px) 100vw, 750px\" srcset=\"https:\/\/liked.hu\/old\/wp-content\/uploads\/2021\/09\/prisoner.jpg 750w, https:\/\/liked.hu\/old\/wp-content\/uploads\/2021\/09\/prisoner-300x158.jpg 300w, https:\/\/liked.hu\/old\/wp-content\/uploads\/2021\/09\/prisoner-360x190.jpg 360w\" alt=\"prisoner\" width=\"750\" height=\"395\"><\/div>\n<\/div>\n<\/div><figcaption class=\"zf-figcaption\"><cite><\/cite><\/figcaption><\/figure>\n<\/li>\n<li class=\"zf-list_item\">\n<div class=\"zf-list_header\">\n<h3 id=\"2\" class=\"zf-list_title\"><span class=\"zf-number\">2<\/span>&nbsp;Az els\u0151 vil\u00e1gh\u00e1bor\u00fa alatt egy n\u00e9met haj\u00f3, a Cap Trafalgar egy brit haj\u00f3nak, az RMS Carmania-nak \u00e1lc\u00e1zta mag\u00e1t. Amikor az \u00e1lc\u00e1zott haj\u00f3t megfigyel\u00e9sre k\u00fcldt\u00e9k, rendk\u00edv\u00fcl szerencs\u00e9tlen m\u00f3don az els\u0151 haj\u00f3, amivel tal\u00e1lkozott, az igazi Carmania volt. Az RMS Carmania ezut\u00e1n els\u00fcllyesztette a Trafalgart.<\/h3>\n<\/div>\n<figure class=\"zf-list_media zf-media-wrapper zf-image zf-type-image\">\n<div class=\"zf-media\" title=\"Az els\u0151 vil\u00e1gh\u00e1bor\u00fa alatt egy n\u00e9met haj\u00f3, a Cap Trafalgar egy brit haj\u00f3nak, az RMS Carmania-nak \u00e1lc\u00e1zta mag\u00e1t. Amikor az \u00e1lc\u00e1zott haj\u00f3t megfigyel\u00e9sre k\u00fcldt\u00e9k, rendk\u00edv\u00fcl szerencs\u00e9tlen m\u00f3don az els\u0151 haj\u00f3, amivel tal\u00e1lkozott, az igazi Carmania volt. Az RMS Carmania ezut\u00e1n els\u00fcllyesztette a Trafalgart.\">\n<div class=\"zf-media\" title=\"Az els\u0151 vil\u00e1gh\u00e1bor\u00fa alatt egy n\u00e9met haj\u00f3, a Cap Trafalgar egy brit haj\u00f3nak, az RMS Carmania-nak \u00e1lc\u00e1zta mag\u00e1t. Amikor az \u00e1lc\u00e1zott haj\u00f3t megfigyel\u00e9sre k\u00fcldt\u00e9k, rendk\u00edv\u00fcl szerencs\u00e9tlen m\u00f3don az els\u0151 haj\u00f3, amivel tal\u00e1lkozott, az igazi Carmania volt. Az RMS Carmania ezut\u00e1n els\u00fcllyesztette a Trafalgart.\">\n<div class=\"bb-media-placeholder\"><img loading=\"lazy\" class=\"\" src=\"https:\/\/liked.hu\/old\/wp-content\/uploads\/2021\/09\/ship.jpg\" sizes=\"(max-width: 750px) 100vw, 750px\" srcset=\"https:\/\/liked.hu\/old\/wp-content\/uploads\/2021\/09\/ship.jpg 750w, https:\/\/liked.hu\/old\/wp-content\/uploads\/2021\/09\/ship-300x158.jpg 300w, https:\/\/liked.hu\/old\/wp-content\/uploads\/2021\/09\/ship-360x190.jpg 360w\" alt=\"ship\" width=\"750\" height=\"395\"><\/div>\n<div>\n<div style=\"float:none;margin:0px 0 0px 0;text-align:center;\">\n<div class=\"mobileHideke5\"><div style=\"margin-top:25px;\"><div class=\"hirdeteshatter\"><div style=\"display: inline-block;width: 50%;min-width:305px;vertical-align: top;\"><div class=\"hirdetes\">HIRDET\u00c9S<\/div>\n<!-- LikedQ51 -->\n<ins class=\"adsbygoogle\"\n     style=\"display:inline-block;width:300px;height:250px\"\n     data-ad-client=\"ca-pub-9424088931673893\"\n     data-ad-slot=\"8284063326\"><\/ins>\n<script async>\n     (adsbygoogle = window.adsbygoogle || []).push({});\n<\/script><\/div><div style=\"display: inline-block;width: 50%;min-width:305px;vertical-align: top;\"><div class=\"hirdetes\">HIRDET\u00c9S<\/div>\n<!-- LikedQ52 -->\n<ins class=\"adsbygoogle\"\n     style=\"display:inline-block;width:300px;height:250px\"\n     data-ad-client=\"ca-pub-9424088931673893\"\n     data-ad-slot=\"2840164950\"><\/ins>\n<script async>\n     (adsbygoogle = window.adsbygoogle || []).push({});\n<\/script><\/div><\/div><\/div><\/div>\n<div style=\"display:flex;flex-direction:column;\"><div class=\"mobileShowka5\"><div style=\"padding-top:10px;padding-bottom:10px;min-height: 300px;\"><div class=\"hirdetes\">HIRDET\u00c9S<\/div>\n<!-- LikedQ5M -->\n<ins class=\"adsbygoogle\"\n     style=\"display:inline-block;width:300px;height:250px\"\n     data-ad-client=\"ca-pub-9424088931673893\"\n     data-ad-slot=\"9022429928\"><\/ins>\n<script async>\n     (adsbygoogle = window.adsbygoogle || []).push({});\n<\/script><\/div><\/div><\/div><\/div>\n<\/div>\n<\/div>\n<\/div><figcaption class=\"zf-figcaption\"><cite><\/cite><\/figcaption><\/figure>\n<\/li>\n<li class=\"zf-list_item\">\n<div class=\"zf-list_header\">\n<h3 id=\"3\" class=\"zf-list_title\"><span class=\"zf-number\">3<\/span>&nbsp;A 14. sz\u00e1zadban, miut\u00e1n f\u00e9rj\u00e9t a francia kir\u00e1ly haza\u00e1rul\u00e1s miatt lefejeztette, Jeanne de Clisson annyira feld\u00fch\u00f6d\u00f6tt, hogy eladta minden\u00e9t, \u00e9s v\u00e1s\u00e1rolt h\u00e1rom fekete vitorl\u00e1s hadihaj\u00f3t, amivel k\u00e9s\u0151bb a La Manche csatorna &#8222;kal\u00f3zkir\u00e1lyn\u0151je&#8221; lett. A n\u0151 csak francai haj\u00f3kra t\u00e1madt, \u00e9s mindig lem\u00e9sz\u00e1rolta a leg\u00e9nys\u00e9g\u00fck minden tagj\u00e1t, egyetlen egyet kiv\u00e9ve, hogy az visszamenjen a francia kir\u00e1lyhoz \u00e9s elmondja, mi t\u00f6rt\u00e9nt.<\/h3>\n<\/div>\n<figure class=\"zf-list_media zf-media-wrapper zf-image zf-type-image\">\n<div class=\"zf-media\" title=\"A 14. sz\u00e1zadban, miut\u00e1n f\u00e9rj\u00e9t a francia kir\u00e1ly haza\u00e1rul\u00e1s miatt lefejeztette, Jeanne de Clisson annyira feld\u00fch\u00f6d\u00f6tt, hogy eladta minden\u00e9t, \u00e9s v\u00e1s\u00e1rolt h\u00e1rom fekete vitorl\u00e1s hadihaj\u00f3t, amivel k\u00e9s\u0151bb a La Manche csatorna \">\n<div class=\"zf-media\" title=\"A 14. sz\u00e1zadban, miut\u00e1n f\u00e9rj\u00e9t a francia kir\u00e1ly haza\u00e1rul\u00e1s miatt lefejeztette, Jeanne de Clisson annyira feld\u00fch\u00f6d\u00f6tt, hogy eladta minden\u00e9t, \u00e9s v\u00e1s\u00e1rolt h\u00e1rom fekete vitorl\u00e1s hadihaj\u00f3t, amivel k\u00e9s\u0151bb a La Manche csatorna \">\n<div class=\"bb-media-placeholder\"><img loading=\"lazy\" class=\"\" src=\"https:\/\/liked.hu\/old\/wp-content\/uploads\/2021\/09\/pirate.jpg\" sizes=\"(max-width: 750px) 100vw, 750px\" srcset=\"https:\/\/liked.hu\/old\/wp-content\/uploads\/2021\/09\/pirate.jpg 750w, https:\/\/liked.hu\/old\/wp-content\/uploads\/2021\/09\/pirate-300x158.jpg 300w, https:\/\/liked.hu\/old\/wp-content\/uploads\/2021\/09\/pirate-360x190.jpg 360w\" alt=\"pirate\" width=\"750\" height=\"395\"><\/div>\n<\/div>\n<\/div><figcaption class=\"zf-figcaption\"><cite><\/cite><\/figcaption><\/figure>\n<\/li>\n<li class=\"zf-list_item\">\n<div class=\"zf-list_header\">\n<h3 id=\"4\" class=\"zf-list_title\"><span class=\"zf-number\">4<\/span>&nbsp;Egy amerikai \u00fczletember, Lord Timothy Dexter megrendezte a saj\u00e1t hal\u00e1l\u00e1t a 18. sz\u00e1zadban. Amikor r\u00e9szt vett a saj\u00e1t temet\u00e9s\u00e9n, \u00e9s l\u00e1tta, hogy a feles\u00e9ge nem s\u00edr, felfedte kil\u00e9t\u00e9t \u00e9s sz\u00e1mon k\u00e9rte a n\u0151t, ami\u00e9rt nem kesereg el\u00e9gg\u00e9.<\/h3>\n<\/div>\n<figure class=\"zf-list_media zf-media-wrapper zf-image zf-type-image\">\n<div class=\"zf-media\" title=\"Egy amerikai \u00fczletember, Lord Timothy Dexter megrendezte a saj\u00e1t hal\u00e1l\u00e1t a 18. sz\u00e1zadban. Amikor r\u00e9szt vett a saj\u00e1t temet\u00e9s\u00e9n, \u00e9s l\u00e1tta, hogy a feles\u00e9ge nem s\u00edr, felfedte kil\u00e9t\u00e9t \u00e9s sz\u00e1mon k\u00e9rte a n\u0151t, ami\u00e9rt nem kesereg el\u00e9gg\u00e9.\">\n<div class=\"zf-media\" title=\"Egy amerikai \u00fczletember, Lord Timothy Dexter megrendezte a saj\u00e1t hal\u00e1l\u00e1t a 18. sz\u00e1zadban. Amikor r\u00e9szt vett a saj\u00e1t temet\u00e9s\u00e9n, \u00e9s l\u00e1tta, hogy a feles\u00e9ge nem s\u00edr, felfedte kil\u00e9t\u00e9t \u00e9s sz\u00e1mon k\u00e9rte a n\u0151t, ami\u00e9rt nem kesereg el\u00e9gg\u00e9.\">\n<div class=\"bb-media-placeholder\"><img loading=\"lazy\" class=\"\" src=\"https:\/\/liked.hu\/old\/wp-content\/uploads\/2021\/09\/dexter.jpeg\" sizes=\"(max-width: 750px) 100vw, 750px\" srcset=\"https:\/\/liked.hu\/old\/wp-content\/uploads\/2021\/09\/dexter.jpeg 750w, https:\/\/liked.hu\/old\/wp-content\/uploads\/2021\/09\/dexter-300x167.jpeg 300w, https:\/\/liked.hu\/old\/wp-content\/uploads\/2021\/09\/dexter-360x201.jpeg 360w\" alt=\"dexter\" width=\"750\" height=\"418\"><\/div>\n<\/div>\n<\/div><figcaption class=\"zf-figcaption\"><cite><\/cite><\/figcaption><\/figure>\n<\/li>\n<li class=\"zf-list_item\">\n<div class=\"zf-list_header\">\n<h3 id=\"5\" class=\"zf-list_title\"><span class=\"zf-number\">5<\/span>&nbsp;Ernest Shackleton 1914 \u00e9s 1916 k\u00f6z\u00f6tt vezetett egy antarktiszi misszi\u00f3t, amely kudarcot vallott, de 28 f\u0151s szem\u00e9lyzet\u00e9nek minden tagj\u00e1t siker\u00fclt megmentenie an\u00e9lk\u00fcl, hogy b\u00e1rki is meghalt volna, annak ellen\u00e9re, hogy a haj\u00f3juk els\u00fcllyedt, \u00e9s majdnem 2 \u00e9vig egy \u00fasz\u00f3 j\u00e9gt\u00e1bl\u00e1n kellett t\u00e1bortverni\u00fck.<\/h3>\n<\/div>\n<figure class=\"zf-list_media zf-media-wrapper zf-image zf-type-image\">\n<div class=\"zf-media\" title=\"Ernest Shackleton 1914 \u00e9s 1916 k\u00f6z\u00f6tt vezetett egy antarktiszi misszi\u00f3t, amely kudarcot vallott, de 28 f\u0151s szem\u00e9lyzet\u00e9nek minden tagj\u00e1t siker\u00fclt megmentenie an\u00e9lk\u00fcl, hogy b\u00e1rki is meghalt volna, annak ellen\u00e9re, hogy a haj\u00f3juk els\u00fcllyedt, \u00e9s majdnem 2 \u00e9vig egy \u00fasz\u00f3 j\u00e9gt\u00e1bl\u00e1n kellett t\u00e1bortverni\u00fck.\">\n<div class=\"zf-media\" title=\"Ernest Shackleton 1914 \u00e9s 1916 k\u00f6z\u00f6tt vezetett egy antarktiszi misszi\u00f3t, amely kudarcot vallott, de 28 f\u0151s szem\u00e9lyzet\u00e9nek minden tagj\u00e1t siker\u00fclt megmentenie an\u00e9lk\u00fcl, hogy b\u00e1rki is meghalt volna, annak ellen\u00e9re, hogy a haj\u00f3juk els\u00fcllyedt, \u00e9s majdnem 2 \u00e9vig egy \u00fasz\u00f3 j\u00e9gt\u00e1bl\u00e1n kellett t\u00e1bortverni\u00fck.\">\n<div class=\"bb-media-placeholder\"><img loading=\"lazy\" class=\"\" src=\"https:\/\/liked.hu\/old\/wp-content\/uploads\/2021\/09\/exped.jpg\" sizes=\"(max-width: 750px) 100vw, 750px\" srcset=\"https:\/\/liked.hu\/old\/wp-content\/uploads\/2021\/09\/exped.jpg 750w, https:\/\/liked.hu\/old\/wp-content\/uploads\/2021\/09\/exped-300x158.jpg 300w, https:\/\/liked.hu\/old\/wp-content\/uploads\/2021\/09\/exped-360x190.jpg 360w\" alt=\"exped\" width=\"750\" height=\"395\"><\/div>\n<div>\n<div style=\"float:none;margin:0px 0 0px 0;text-align:center;\">\n<div class=\"mobileHideke8\"><div style=\"margin-top:25px;\"><div class=\"hirdeteshatter\"><div style=\"display: inline-block;width: 50%;min-width:340px;vertical-align: top;\"><div class=\"hirdetes\">HIRDET\u00c9S<\/div>\n<!-- Liked7Q1 -->\n<ins class=\"adsbygoogle\"\n     style=\"display:inline-block;width:336px;height:280px\"\n     data-ad-client=\"ca-pub-9424088931673893\"\n     data-ad-slot=\"3022062587\"><\/ins>\n<script async>\n     (adsbygoogle = window.adsbygoogle || []).push({});\n<\/script><\/div><div style=\"display: inline-block;width: 50%;min-width:340px;vertical-align: top;\"><div class=\"hirdetes\">HIRDET\u00c9S<\/div>\n<!-- Liked7Q2 -->\n<ins class=\"adsbygoogle\"\n     style=\"display:inline-block;width:336px;height:280px\"\n     data-ad-client=\"ca-pub-9424088931673893\"\n     data-ad-slot=\"3952000871\"><\/ins>\n<script async>\n     (adsbygoogle = window.adsbygoogle || []).push({});\n<\/script><\/div><\/div><\/div><\/div>\n<div style=\"display:flex;flex-direction:column;\"><div class=\"mobileShowka8\"><div style=\"padding-top:15px;margin-bottom:15px;min-height: 300px;\"><div class=\"hirdetes\">HIRDET\u00c9S<\/div>\n<!-- Liked7QMobil -->\n<ins class=\"adsbygoogle\"\n     style=\"display:inline-block;width:336px;height:280px\"\n     data-ad-client=\"ca-pub-9424088931673893\"\n     data-ad-slot=\"5073510857\"><\/ins>\n<script async>\n     (adsbygoogle = window.adsbygoogle || []).push({});\n<\/script><\/div><\/div><\/div><\/div>\n<\/div>\n<\/div>\n<\/div><figcaption class=\"zf-figcaption\"><cite><\/cite><\/figcaption><\/figure>\n<\/li>\n<li class=\"zf-list_item\">\n<div class=\"zf-list_header\">\n<h3 id=\"6\" class=\"zf-list_title\"><span class=\"zf-number\">6<\/span>&nbsp;A Hitler hal\u00e1la ut\u00e1n k\u00e9t h\u00e9ttel t\u00f6rt\u00e9nt itteri kast\u00e9lycsata a m\u00e1sodik vil\u00e1gh\u00e1bor\u00fa egyik legfurcs\u00e1bb csat\u00e1ja n\u00e9ven is ismert, mivel a n\u00e9met Wehrmacht katon\u00e1k \u00e9s az amerikai katon\u00e1k egy\u00fctt harcoltak egy kis SS katon\u00e1kb\u00f3l \u00e1ll\u00f3 egys\u00e9g ellen, akik magas rang\u00fa francia foglyokat tartottak fogva, k\u00f6zt\u00fck a volt francia minisztert.<\/h3>\n<\/div>\n<figure class=\"zf-list_media zf-media-wrapper zf-image zf-type-image\">\n<div class=\"zf-media\" title=\"A Hitler hal\u00e1la ut\u00e1n k\u00e9t h\u00e9ttel t\u00f6rt\u00e9nt itteri kast\u00e9lycsata a m\u00e1sodik vil\u00e1gh\u00e1bor\u00fa egyik legfurcs\u00e1bb csat\u00e1ja n\u00e9ven is ismert, mivel a n\u00e9met Wehrmacht katon\u00e1k \u00e9s az amerikai katon\u00e1k egy\u00fctt harcoltak egy kis SS katon\u00e1kb\u00f3l \u00e1ll\u00f3 egys\u00e9g ellen, akik magas rang\u00fa francia foglyokat tartottak fogva, k\u00f6zt\u00fck a volt francia minisztert.\">\n<div class=\"zf-media\" title=\"A Hitler hal\u00e1la ut\u00e1n k\u00e9t h\u00e9ttel t\u00f6rt\u00e9nt itteri kast\u00e9lycsata a m\u00e1sodik vil\u00e1gh\u00e1bor\u00fa egyik legfurcs\u00e1bb csat\u00e1ja n\u00e9ven is ismert, mivel a n\u00e9met Wehrmacht katon\u00e1k \u00e9s az amerikai katon\u00e1k egy\u00fctt harcoltak egy kis SS katon\u00e1kb\u00f3l \u00e1ll\u00f3 egys\u00e9g ellen, akik magas rang\u00fa francia foglyokat tartottak fogva, k\u00f6zt\u00fck a volt francia minisztert.\">\n<div class=\"bb-media-placeholder\"><img loading=\"lazy\" class=\"\" src=\"https:\/\/liked.hu\/old\/wp-content\/uploads\/2021\/09\/itter.jpg\" sizes=\"(max-width: 750px) 100vw, 750px\" srcset=\"https:\/\/liked.hu\/old\/wp-content\/uploads\/2021\/09\/itter.jpg 750w, https:\/\/liked.hu\/old\/wp-content\/uploads\/2021\/09\/itter-300x158.jpg 300w, https:\/\/liked.hu\/old\/wp-content\/uploads\/2021\/09\/itter-360x190.jpg 360w\" alt=\"itter\" width=\"750\" height=\"396\"><\/div>\n<\/div>\n<\/div><figcaption class=\"zf-figcaption\"><cite><\/cite><\/figcaption><\/figure>\n<\/li>\n<li class=\"zf-list_item\">\n<div class=\"zf-list_header\">\n<h3 id=\"7\" class=\"zf-list_title\"><span class=\"zf-number\">7<\/span>&nbsp;Edgar Allen Poe 1838-ban \u00edrt egy reg\u00e9nyt, ami arr\u00f3l sz\u00f3l, hogy n\u00e9gy haj\u00f3t\u00f6r\u00f6tt t\u00fal\u00e9l\u0151 az \u00e9hez\u00e9s pillanat\u00e1ban kannibalizmust k\u00f6vet el, \u00e9s meg\u00f6lik, illetve megeszik a legfiatalabb tagot, Richard Parkert. 1884-ben azt\u00e1n els\u00fcllyedt egy Mignonette nev\u0171 haj\u00f3, de a leg\u00e9nys\u00e9g n\u00e9gy tagja \u00e9letben maradt. Az \u00e9hez\u00e9s miatt \u0151k is \u00fagy d\u00f6nt\u00f6ttek, hogy meg\u00f6lik \u00e9s megeszik a legfiatalabb tagot, akit ugyan\u00fagy &#8211; Richard Parkernek h\u00edvtak.<\/h3>\n<\/div>\n<figure class=\"zf-list_media zf-media-wrapper zf-image zf-type-image\">\n<div class=\"zf-media\" title=\"Edgar Allen Poe 1838-ban \u00edrt egy reg\u00e9nyt, ami arr\u00f3l sz\u00f3l, hogy n\u00e9gy haj\u00f3t\u00f6r\u00f6tt t\u00fal\u00e9l\u0151 az \u00e9hez\u00e9s pillanat\u00e1ban kannibalizmust k\u00f6vet el, \u00e9s meg\u00f6lik, illetve megeszik a legfiatalabb tagot, Richard Parkert. 1884-ben azt\u00e1n els\u00fcllyedt egy Mignonette nev\u0171 haj\u00f3, de a leg\u00e9nys\u00e9g n\u00e9gy tagja \u00e9letben maradt. Az \u00e9hez\u00e9s miatt \u0151k is \u00fagy d\u00f6nt\u00f6ttek, hogy meg\u00f6lik \u00e9s megeszik a legfiatalabb tagot, akit ugyan\u00fagy - Richard Parkernek h\u00edvtak.\">\n<div class=\"zf-media\" title=\"Edgar Allen Poe 1838-ban \u00edrt egy reg\u00e9nyt, ami arr\u00f3l sz\u00f3l, hogy n\u00e9gy haj\u00f3t\u00f6r\u00f6tt t\u00fal\u00e9l\u0151 az \u00e9hez\u00e9s pillanat\u00e1ban kannibalizmust k\u00f6vet el, \u00e9s meg\u00f6lik, illetve megeszik a legfiatalabb tagot, Richard Parkert. 1884-ben azt\u00e1n els\u00fcllyedt egy Mignonette nev\u0171 haj\u00f3, de a leg\u00e9nys\u00e9g n\u00e9gy tagja \u00e9letben maradt. Az \u00e9hez\u00e9s miatt \u0151k is \u00fagy d\u00f6nt\u00f6ttek, hogy meg\u00f6lik \u00e9s megeszik a legfiatalabb tagot, akit ugyan\u00fagy - Richard Parkernek h\u00edvtak.\">\n<div class=\"bb-media-placeholder\"><img loading=\"lazy\" class=\"\" src=\"https:\/\/liked.hu\/old\/wp-content\/uploads\/2021\/09\/arthur.jpg\" sizes=\"(max-width: 750px) 100vw, 750px\" srcset=\"https:\/\/liked.hu\/old\/wp-content\/uploads\/2021\/09\/arthur.jpg 750w, https:\/\/liked.hu\/old\/wp-content\/uploads\/2021\/09\/arthur-300x158.jpg 300w, https:\/\/liked.hu\/old\/wp-content\/uploads\/2021\/09\/arthur-360x190.jpg 360w\" alt=\"arthur\" width=\"750\" height=\"396\"><\/div>\n<\/div>\n<\/div><figcaption class=\"zf-figcaption\"><cite><\/cite><\/figcaption><\/figure>\n<\/li>\n<\/ol>\n<\/li>\n<\/ol>\n<p><!--nextpage--><\/p>\n<div id=\"zombify-main-section-front\" class=\"zombify-main-section-front zombify-screen zf-media-full zf-screen-sm\">\n<div class=\"zf-container\">\n<div id=\"zf-list\" class=\"zf-list zf-numbered\">\n<ol class=\"zf-structure-list\">\n<li class=\"zf-list_item\">\n<div class=\"zf-list_header\">\n<h3 id=\"8\" class=\"zf-list_title\"><span class=\"zf-number\">8<\/span>&nbsp;Jack Churchill alezredes volt az egyetlen ember a m\u00e1sodik vil\u00e1gh\u00e1bor\u00faban, aki angol hossz\u00fa \u00edjjal \u00e9s k\u00e9t\u00e9l\u0171 sk\u00f3t karddal harcolt \u00e9s \u00f6lt meg katon\u00e1kat. A f\u00e9rfit azt\u00e1n csapat\u00e1val egy\u00fctt elfogt\u00e1k, de t\u00f6bbsz\u00f6r is megsz\u00f6k\u00f6tt a koncentr\u00e1ci\u00f3s t\u00e1borokb\u00f3l, \u00e9s mindig mag\u00e1val vitte a sk\u00f3t k\u00e9t\u00e9l\u0171 kardj\u00e1t. V\u00e9g\u00fcl a m\u00e1sodik vil\u00e1gh\u00e1bor\u00faban \u00edjjal \u00e9s karddal harcol\u00f3 f\u00e9rfi csak 1996-ban, 89 \u00e9vesen hunyt el.<\/h3>\n<\/div>\n<figure class=\"zf-list_media zf-media-wrapper zf-image zf-type-image\">\n<div class=\"zf-media\" title=\"Jack Churchill alezredes volt az egyetlen ember a m\u00e1sodik vil\u00e1gh\u00e1bor\u00faban, aki angol hossz\u00fa \u00edjjal \u00e9s k\u00e9t\u00e9l\u0171 sk\u00f3t karddal harcolt \u00e9s \u00f6lt meg katon\u00e1kat. A f\u00e9rfit azt\u00e1n csapat\u00e1val egy\u00fctt elfogt\u00e1k, de t\u00f6bbsz\u00f6r is megsz\u00f6k\u00f6tt a koncentr\u00e1ci\u00f3s t\u00e1borokb\u00f3l, \u00e9s mindig mag\u00e1val vitte a sk\u00f3t k\u00e9t\u00e9l\u0171 kardj\u00e1t. V\u00e9g\u00fcl a m\u00e1sodik vil\u00e1gh\u00e1bor\u00faban \u00edjjal \u00e9s karddal harcol\u00f3 f\u00e9rfi csak 1996-ban, 89 \u00e9vesen hunyt el.\">\n<div class=\"zf-media\" title=\"Jack Churchill alezredes volt az egyetlen ember a m\u00e1sodik vil\u00e1gh\u00e1bor\u00faban, aki angol hossz\u00fa \u00edjjal \u00e9s k\u00e9t\u00e9l\u0171 sk\u00f3t karddal harcolt \u00e9s \u00f6lt meg katon\u00e1kat. A f\u00e9rfit azt\u00e1n csapat\u00e1val egy\u00fctt elfogt\u00e1k, de t\u00f6bbsz\u00f6r is megsz\u00f6k\u00f6tt a koncentr\u00e1ci\u00f3s t\u00e1borokb\u00f3l, \u00e9s mindig mag\u00e1val vitte a sk\u00f3t k\u00e9t\u00e9l\u0171 kardj\u00e1t. V\u00e9g\u00fcl a m\u00e1sodik vil\u00e1gh\u00e1bor\u00faban \u00edjjal \u00e9s karddal harcol\u00f3 f\u00e9rfi csak 1996-ban, 89 \u00e9vesen hunyt el.\">\n<div class=\"bb-media-placeholder\"><img loading=\"lazy\" class=\"\" src=\"https:\/\/liked.hu\/old\/wp-content\/uploads\/2021\/09\/churchil.jpg\" sizes=\"(max-width: 750px) 100vw, 750px\" srcset=\"https:\/\/liked.hu\/old\/wp-content\/uploads\/2021\/09\/churchil.jpg 750w, https:\/\/liked.hu\/old\/wp-content\/uploads\/2021\/09\/churchil-300x158.jpg 300w, https:\/\/liked.hu\/old\/wp-content\/uploads\/2021\/09\/churchil-360x190.jpg 360w\" alt=\"churchil\" width=\"750\" height=\"396\"><\/div>\n<\/div>\n<\/div><figcaption class=\"zf-figcaption\"><cite><\/cite><\/figcaption><\/figure>\n<\/li>\n<li class=\"zf-list_item\">\n<div class=\"zf-list_header\">\n<h3 id=\"9\" class=\"zf-list_title\"><span class=\"zf-number\">9<\/span>&nbsp;&#8222;Els\u00fcllyeszthetetlen Sam&#8221; egy haj\u00f3macska volt, aki t\u00fal\u00e9lte a n\u00e9met Bismarck csatahaj\u00f3 els\u00fcllyed\u00e9s\u00e9t a m\u00e1sodik vil\u00e1gh\u00e1bor\u00fa alatt. Sam \u00e1t\u00e1llt a sz\u00f6vets\u00e9gesekhez, ahol azt\u00e1n a HMS Cossack \u00e9s a HMS Ark Royal els\u00fcllyed\u00e9s\u00e9t is t\u00fal\u00e9lte.<\/h3>\n<\/div>\n<figure class=\"zf-list_media zf-media-wrapper zf-image zf-type-image\">\n<div class=\"zf-media\" title=\"\">\n<div class=\"zf-media\" title=\"\">\n<div class=\"bb-media-placeholder\"><img loading=\"lazy\" class=\"\" src=\"https:\/\/liked.hu\/old\/wp-content\/uploads\/2021\/09\/sam.jpg\" sizes=\"(max-width: 750px) 100vw, 750px\" srcset=\"https:\/\/liked.hu\/old\/wp-content\/uploads\/2021\/09\/sam.jpg 750w, https:\/\/liked.hu\/old\/wp-content\/uploads\/2021\/09\/sam-300x158.jpg 300w, https:\/\/liked.hu\/old\/wp-content\/uploads\/2021\/09\/sam-360x190.jpg 360w\" alt=\"sam\" width=\"750\" height=\"395\"><\/div>\n<div>\n<div style=\"float:none;margin:0px 0 0px 0;text-align:center;\">\n<div class=\"mobileHideke8\"><div class=\"hirdeteshatter\"><div style=\"display: inline-block;width: 50%;min-width:340px;vertical-align: top;\"><div class=\"hirdetes\">HIRDET\u00c9S<\/div>\n<!-- LikedQ81 -->\n<ins class=\"adsbygoogle\"\n     style=\"display:inline-block;width:336px;height:280px\"\n     data-ad-client=\"ca-pub-9424088931673893\"\n     data-ad-slot=\"2436840276\"><\/ins>\n<script async>\n     (adsbygoogle = window.adsbygoogle || []).push({});\n<\/script><\/div><div style=\"display: inline-block;width: 50%;min-width:340px;vertical-align: top;\"><div class=\"hirdetes\">HIRDET\u00c9S<\/div>\n<!-- LikedQ82 -->\n<ins class=\"adsbygoogle\"\n     style=\"display:inline-block;width:336px;height:280px\"\n     data-ad-client=\"ca-pub-9424088931673893\"\n     data-ad-slot=\"3558350253\"><\/ins>\n<script async>\n     (adsbygoogle = window.adsbygoogle || []).push({});\n<\/script><\/div><\/div><\/div>\n<div style=\"display:flex;flex-direction:column;\"><div class=\"mobileShowka8 nyolc\"><div style=\"padding-top:15px;padding-bottom:5px;min-height: 300px;\"><div class=\"hirdetes\">HIRDET\u00c9S<\/div>\n<!-- LikedQ8M -->\n<ins class=\"adsbygoogle\"\n     style=\"display:inline-block;width:336px;height:280px\"\n     data-ad-client=\"ca-pub-9424088931673893\"\n     data-ad-slot=\"4679860235\"><\/ins>\n<script async>\n     (adsbygoogle = window.adsbygoogle || []).push({});\n<\/script><\/div><\/div><\/div><\/div>\n<\/div>\n<\/div>\n<\/div><figcaption class=\"zf-figcaption\"><cite><\/cite><\/figcaption><\/figure>\n<\/li>\n<li class=\"zf-list_item\">\n<div class=\"zf-list_header\">\n<h3 id=\"10\" class=\"zf-list_title\"><span class=\"zf-number\">10<\/span>&nbsp;A szovjet tud\u00f3sok \u00e9hen haltak, hogy megments\u00e9k Leningr\u00e1d magbankj\u00e1t Hitler inv\u00e1zi\u00f3ja idej\u00e9n, 1941-42 tel\u00e9n. A hely tele volt rizzsel, babbal, kukoric\u00e1val, b\u00faz\u00e1val \u00e9s burgony\u00e1val, de \u0151k ink\u00e1bb \u00e9hhal\u00e1lig \u00e9heztek, hogy megments\u00e9k a magokat a j\u00f6v\u0151nek.<\/h3>\n<\/div>\n<figure class=\"zf-list_media zf-media-wrapper zf-image zf-type-image\">\n<div class=\"zf-media\" title=\"A szovjet tud\u00f3sok \u00e9hen haltak, hogy megments\u00e9k Leningr\u00e1d magbankj\u00e1t Hitler inv\u00e1zi\u00f3ja idej\u00e9n, 1941-42 tel\u00e9n. A hely tele volt rizzsel, babbal, kukoric\u00e1val, b\u00faz\u00e1val \u00e9s burgony\u00e1val, de \u0151k ink\u00e1bb \u00e9hhal\u00e1lig \u00e9heztek, hogy megments\u00e9k a magokat a j\u00f6v\u0151nek.\">\n<div class=\"zf-media\" title=\"A szovjet tud\u00f3sok \u00e9hen haltak, hogy megments\u00e9k Leningr\u00e1d magbankj\u00e1t Hitler inv\u00e1zi\u00f3ja idej\u00e9n, 1941-42 tel\u00e9n. A hely tele volt rizzsel, babbal, kukoric\u00e1val, b\u00faz\u00e1val \u00e9s burgony\u00e1val, de \u0151k ink\u00e1bb \u00e9hhal\u00e1lig \u00e9heztek, hogy megments\u00e9k a magokat a j\u00f6v\u0151nek.\">\n<div class=\"bb-media-placeholder\"><img loading=\"lazy\" class=\"\" src=\"https:\/\/liked.hu\/old\/wp-content\/uploads\/2021\/09\/seed.jpg\" sizes=\"(max-width: 750px) 100vw, 750px\" srcset=\"https:\/\/liked.hu\/old\/wp-content\/uploads\/2021\/09\/seed.jpg 750w, https:\/\/liked.hu\/old\/wp-content\/uploads\/2021\/09\/seed-300x158.jpg 300w, https:\/\/liked.hu\/old\/wp-content\/uploads\/2021\/09\/seed-360x190.jpg 360w\" alt=\"seed\" width=\"750\" height=\"396\"><\/div>\n<\/div>\n<\/div><figcaption class=\"zf-figcaption\"><cite><\/cite><\/figcaption><\/figure>\n<\/li>\n<li class=\"zf-list_item\">\n<div class=\"zf-list_header\">\n<h3 id=\"11\" class=\"zf-list_title\"><span class=\"zf-number\">11<\/span>&nbsp;Doris Miller m\u00e9g szak\u00e1csk\u00e9nt is \u00e9leteket mentett \u00e9s jap\u00e1n harci g\u00e9peket semmis\u00edtett meg, mik\u00f6zben egy haj\u00f3n szolg\u00e1lt a m\u00e1sodik vil\u00e1gh\u00e1bor\u00fa idej\u00e9n. A k\u00e9s\u0151bb Haditenger\u00e9szeti Kereszt \u00e9s B\u00edbor sz\u00edv d\u00edjat kapott f\u00e9rfinak semmilyen k\u00e9pes\u00edt\u00e9se sem volt a l\u00e9gv\u00e9delmi fegyverek haszn\u00e1lat\u00e1hoz. H\u0151siess\u00e9ge ellen\u00e9re tov\u00e1bbra is szak\u00e1csk\u00e9nt osztott\u00e1k be, amikor a Liscome-\u00f6b\u00f6lben szolg\u00e1lt, v\u00e9g\u00fcl egy torped\u00f3 miatt halt meg.<\/h3>\n<\/div>\n<figure class=\"zf-list_media zf-media-wrapper zf-image zf-type-image\">\n<div class=\"zf-media\" title=\"Doris Miller m\u00e9g szak\u00e1csk\u00e9nt is \u00e9leteket mentett \u00e9s jap\u00e1n harci g\u00e9peket semmis\u00edtett meg, mik\u00f6zben egy haj\u00f3n szolg\u00e1lt a m\u00e1sodik vil\u00e1gh\u00e1bor\u00fa idej\u00e9n. A k\u00e9s\u0151bb Haditenger\u00e9szeti Kereszt \u00e9s B\u00edbor sz\u00edv d\u00edjat kapott f\u00e9rfinak semmilyen k\u00e9pes\u00edt\u00e9se sem volt a l\u00e9gv\u00e9delmi fegyverek haszn\u00e1lat\u00e1hoz. H\u0151siess\u00e9ge ellen\u00e9re tov\u00e1bbra is szak\u00e1csk\u00e9nt osztott\u00e1k be, amikor a Liscome-\u00f6b\u00f6lben szolg\u00e1lt, v\u00e9g\u00fcl egy torped\u00f3 miatt halt meg.\">\n<div class=\"bb-media-placeholder\"><img loading=\"lazy\" class=\"\" src=\"https:\/\/liked.hu\/old\/wp-content\/uploads\/2021\/09\/doris.jpg\" sizes=\"(max-width: 750px) 100vw, 750px\" srcset=\"https:\/\/liked.hu\/old\/wp-content\/uploads\/2021\/09\/doris.jpg 750w, https:\/\/liked.hu\/old\/wp-content\/uploads\/2021\/09\/doris-300x158.jpg 300w, https:\/\/liked.hu\/old\/wp-content\/uploads\/2021\/09\/doris-360x190.jpg 360w\" alt=\"doris\" width=\"750\" height=\"396\"><\/div>\n<\/div>\n<\/figure>\n<\/li>\n<\/ol>\n<\/div>\n<\/div>\n<\/div>\n<\/div>\n<\/div>\n<\/div>\n","protected":false},"excerpt":{"rendered":"<p>Eg\u00e9szen hihetetlen t\u00f6rt\u00e9netek.<\/p>\n","protected":false},"author":13,"featured_media":329417,"comment_status":"open","ping_status":"closed","sticky":false,"template":"","format":"standard","meta":{"buzzeditor_post_format":""},"categories":[23],"tags":[5823,2568,2655],"yoast_head":"<!-- This site is optimized with the Yoast SEO plugin v19.6.1 - https:\/\/yoast.com\/wordpress\/plugins\/seo\/ -->\n<title>11 t\u00f6rt\u00e9nelmi esem\u00e9ny, amik kital\u00e1ci\u00f3nak t\u0171nnek, pedig t\u00e9nyleg megt\u00f6rt\u00e9ntek<\/title>\n<meta name=\"description\" content=\"Eg\u00e9szen hihetetlen t\u00f6rt\u00e9netek.\" \/>\n<meta name=\"robots\" content=\"index, follow, max-snippet:-1, max-image-preview:large, max-video-preview:-1\" \/>\n<link rel=\"canonical\" href=\"https:\/\/liked.hu\/old\/erdekes\/11-tortenelmi-teny-amik-kitalacionak-tunnek-pedig-tenyleg-megtortentek\/\" \/>\n<link rel=\"next\" href=\"https:\/\/liked.hu\/old\/erdekes\/11-tortenelmi-teny-amik-kitalacionak-tunnek-pedig-tenyleg-megtortentek\/2\/\" \/>\n<meta property=\"og:locale\" content=\"hu_HU\" \/>\n<meta property=\"og:type\" content=\"article\" \/>\n<meta property=\"og:title\" content=\"11 t\u00f6rt\u00e9nelmi esem\u00e9ny, amik kital\u00e1ci\u00f3nak t\u0171nnek, pedig t\u00e9nyleg megt\u00f6rt\u00e9ntek\" \/>\n<meta property=\"og:description\" content=\"Eg\u00e9szen hihetetlen t\u00f6rt\u00e9netek.\" \/>\n<meta property=\"og:url\" content=\"https:\/\/liked.hu\/old\/erdekes\/11-tortenelmi-teny-amik-kitalacionak-tunnek-pedig-tenyleg-megtortentek\/\" \/>\n<meta property=\"og:site_name\" content=\"Liked.hu\" \/>\n<meta property=\"article:publisher\" content=\"https:\/\/www.facebook.com\/liked.hu\" \/>\n<meta property=\"article:published_time\" content=\"2024-03-30T19:21:50+00:00\" \/>\n<meta property=\"article:modified_time\" content=\"2024-03-30T19:21:58+00:00\" \/>\n<meta property=\"og:image\" content=\"https:\/\/liked.hu\/old\/wp-content\/uploads\/2021\/09\/Tortenelmi-dolgok.jpg\" \/>\n\t<meta property=\"og:image:width\" content=\"1200\" \/>\n\t<meta property=\"og:image:height\" content=\"630\" \/>\n\t<meta property=\"og:image:type\" content=\"image\/jpeg\" \/>\n<meta name=\"author\" content=\"Klingstrom\" \/>\n<meta name=\"twitter:card\" content=\"summary\" \/>\n<meta name=\"twitter:creator\" content=\"@LikedHu\" \/>\n<meta name=\"twitter:site\" content=\"@LikedHu\" \/>\n<meta name=\"twitter:label1\" content=\"Szerz\u0151:\" \/>\n\t<meta name=\"twitter:data1\" content=\"Klingstrom\" \/>\n\t<meta name=\"twitter:label2\" content=\"Becs\u00fclt olvas\u00e1si id\u0151\" \/>\n\t<meta name=\"twitter:data2\" content=\"4 perc\" \/>\n<script type=\"application\/ld+json\" class=\"yoast-schema-graph\">{\"@context\":\"https:\/\/schema.org\",\"@graph\":[{\"@type\":\"Article\",\"@id\":\"https:\/\/liked.hu\/old\/erdekes\/11-tortenelmi-teny-amik-kitalacionak-tunnek-pedig-tenyleg-megtortentek\/#article\",\"isPartOf\":{\"@id\":\"https:\/\/liked.hu\/old\/erdekes\/11-tortenelmi-teny-amik-kitalacionak-tunnek-pedig-tenyleg-megtortentek\/\"},\"author\":{\"name\":\"Klingstrom\",\"@id\":\"https:\/\/liked.hu\/old\/#\/schema\/person\/1c8d3f8764991e8dcd6572a7de72da8a\"},\"headline\":\"11 t\u00f6rt\u00e9nelmi esem\u00e9ny, amik kital\u00e1ci\u00f3nak t\u0171nnek, pedig t\u00e9nyleg megt\u00f6rt\u00e9ntek\",\"datePublished\":\"2024-03-30T19:21:50+00:00\",\"dateModified\":\"2024-03-30T19:21:58+00:00\",\"mainEntityOfPage\":{\"@id\":\"https:\/\/liked.hu\/old\/erdekes\/11-tortenelmi-teny-amik-kitalacionak-tunnek-pedig-tenyleg-megtortentek\/\"},\"wordCount\":916,\"commentCount\":10,\"publisher\":{\"@id\":\"https:\/\/liked.hu\/old\/#organization\"},\"keywords\":[\"Ma tudtam meg!\",\"t\u00e9ny\",\"t\u00f6rt\u00e9nelem\"],\"articleSection\":[\"\u00c9rdekess\u00e9gek\"],\"inLanguage\":\"hu\",\"potentialAction\":[{\"@type\":\"CommentAction\",\"name\":\"Comment\",\"target\":[\"https:\/\/liked.hu\/old\/erdekes\/11-tortenelmi-teny-amik-kitalacionak-tunnek-pedig-tenyleg-megtortentek\/#respond\"]}]},{\"@type\":\"WebPage\",\"@id\":\"https:\/\/liked.hu\/old\/erdekes\/11-tortenelmi-teny-amik-kitalacionak-tunnek-pedig-tenyleg-megtortentek\/\",\"url\":\"https:\/\/liked.hu\/old\/erdekes\/11-tortenelmi-teny-amik-kitalacionak-tunnek-pedig-tenyleg-megtortentek\/\",\"name\":\"11 t\u00f6rt\u00e9nelmi esem\u00e9ny, amik kital\u00e1ci\u00f3nak t\u0171nnek, pedig t\u00e9nyleg megt\u00f6rt\u00e9ntek\",\"isPartOf\":{\"@id\":\"https:\/\/liked.hu\/old\/#website\"},\"datePublished\":\"2024-03-30T19:21:50+00:00\",\"dateModified\":\"2024-03-30T19:21:58+00:00\",\"description\":\"Eg\u00e9szen hihetetlen t\u00f6rt\u00e9netek.\",\"breadcrumb\":{\"@id\":\"https:\/\/liked.hu\/old\/erdekes\/11-tortenelmi-teny-amik-kitalacionak-tunnek-pedig-tenyleg-megtortentek\/#breadcrumb\"},\"inLanguage\":\"hu\",\"potentialAction\":[{\"@type\":\"ReadAction\",\"target\":[\"https:\/\/liked.hu\/old\/erdekes\/11-tortenelmi-teny-amik-kitalacionak-tunnek-pedig-tenyleg-megtortentek\/\"]}]},{\"@type\":\"BreadcrumbList\",\"@id\":\"https:\/\/liked.hu\/old\/erdekes\/11-tortenelmi-teny-amik-kitalacionak-tunnek-pedig-tenyleg-megtortentek\/#breadcrumb\",\"itemListElement\":[{\"@type\":\"ListItem\",\"position\":1,\"name\":\"Kezd\u0151lap\"}]},{\"@type\":\"WebSite\",\"@id\":\"https:\/\/liked.hu\/old\/#website\",\"url\":\"https:\/\/liked.hu\/old\/\",\"name\":\"Liked.hu\",\"description\":\"\",\"publisher\":{\"@id\":\"https:\/\/liked.hu\/old\/#organization\"},\"potentialAction\":[{\"@type\":\"SearchAction\",\"target\":{\"@type\":\"EntryPoint\",\"urlTemplate\":\"https:\/\/liked.hu\/old\/?s={search_term_string}\"},\"query-input\":\"required name=search_term_string\"}],\"inLanguage\":\"hu\"},{\"@type\":\"Organization\",\"@id\":\"https:\/\/liked.hu\/old\/#organization\",\"name\":\"Liked.hu\",\"url\":\"https:\/\/liked.hu\/old\/\",\"sameAs\":[\"https:\/\/hu.pinterest.com\/likedhungary\/\",\"https:\/\/www.youtube.com\/channel\/UCPv91dbMoIukYcM9b9nHN6Q\",\"https:\/\/www.facebook.com\/liked.hu\",\"https:\/\/twitter.com\/LikedHu\"],\"logo\":{\"@type\":\"ImageObject\",\"inLanguage\":\"hu\",\"@id\":\"https:\/\/liked.hu\/old\/#\/schema\/logo\/image\/\",\"url\":\"https:\/\/liked.hu\/wp-content\/uploads\/2018\/08\/Liked-icon.png\",\"contentUrl\":\"https:\/\/liked.hu\/wp-content\/uploads\/2018\/08\/Liked-icon.png\",\"width\":512,\"height\":512,\"caption\":\"Liked.hu\"},\"image\":{\"@id\":\"https:\/\/liked.hu\/old\/#\/schema\/logo\/image\/\"}},{\"@type\":\"Person\",\"@id\":\"https:\/\/liked.hu\/old\/#\/schema\/person\/1c8d3f8764991e8dcd6572a7de72da8a\",\"name\":\"Klingstrom\",\"image\":{\"@type\":\"ImageObject\",\"inLanguage\":\"hu\",\"@id\":\"https:\/\/liked.hu\/old\/#\/schema\/person\/image\/\",\"url\":\"https:\/\/liked.hu\/old\/wp-content\/uploads\/avatars\/13\/604de88bd578a-bpfull.jpg\",\"contentUrl\":\"https:\/\/liked.hu\/old\/wp-content\/uploads\/avatars\/13\/604de88bd578a-bpfull.jpg\",\"caption\":\"Klingstrom\"},\"url\":\"https:\/\/liked.hu\/old\/u\/klingstrom\/\"}]}<\/script>\n<!-- \/ Yoast SEO plugin. -->","yoast_head_json":{"title":"11 t\u00f6rt\u00e9nelmi esem\u00e9ny, amik kital\u00e1ci\u00f3nak t\u0171nnek, pedig t\u00e9nyleg megt\u00f6rt\u00e9ntek","description":"Eg\u00e9szen hihetetlen t\u00f6rt\u00e9netek.","robots":{"index":"index","follow":"follow","max-snippet":"max-snippet:-1","max-image-preview":"max-image-preview:large","max-video-preview":"max-video-preview:-1"},"canonical":"https:\/\/liked.hu\/old\/erdekes\/11-tortenelmi-teny-amik-kitalacionak-tunnek-pedig-tenyleg-megtortentek\/","next":"https:\/\/liked.hu\/old\/erdekes\/11-tortenelmi-teny-amik-kitalacionak-tunnek-pedig-tenyleg-megtortentek\/2\/","og_locale":"hu_HU","og_type":"article","og_title":"11 t\u00f6rt\u00e9nelmi esem\u00e9ny, amik kital\u00e1ci\u00f3nak t\u0171nnek, pedig t\u00e9nyleg megt\u00f6rt\u00e9ntek","og_description":"Eg\u00e9szen hihetetlen t\u00f6rt\u00e9netek.","og_url":"https:\/\/liked.hu\/old\/erdekes\/11-tortenelmi-teny-amik-kitalacionak-tunnek-pedig-tenyleg-megtortentek\/","og_site_name":"Liked.hu","article_publisher":"https:\/\/www.facebook.com\/liked.hu","article_published_time":"2024-03-30T19:21:50+00:00","article_modified_time":"2024-03-30T19:21:58+00:00","og_image":[{"width":1200,"height":630,"url":"https:\/\/liked.hu\/old\/wp-content\/uploads\/2021\/09\/Tortenelmi-dolgok.jpg","type":"image\/jpeg"}],"author":"Klingstrom","twitter_card":"summary","twitter_creator":"@LikedHu","twitter_site":"@LikedHu","twitter_misc":{"Szerz\u0151:":"Klingstrom","Becs\u00fclt olvas\u00e1si id\u0151":"4 perc"},"schema":{"@context":"https:\/\/schema.org","@graph":[{"@type":"Article","@id":"https:\/\/liked.hu\/old\/erdekes\/11-tortenelmi-teny-amik-kitalacionak-tunnek-pedig-tenyleg-megtortentek\/#article","isPartOf":{"@id":"https:\/\/liked.hu\/old\/erdekes\/11-tortenelmi-teny-amik-kitalacionak-tunnek-pedig-tenyleg-megtortentek\/"},"author":{"name":"Klingstrom","@id":"https:\/\/liked.hu\/old\/#\/schema\/person\/1c8d3f8764991e8dcd6572a7de72da8a"},"headline":"11 t\u00f6rt\u00e9nelmi esem\u00e9ny, amik kital\u00e1ci\u00f3nak t\u0171nnek, pedig t\u00e9nyleg megt\u00f6rt\u00e9ntek","datePublished":"2024-03-30T19:21:50+00:00","dateModified":"2024-03-30T19:21:58+00:00","mainEntityOfPage":{"@id":"https:\/\/liked.hu\/old\/erdekes\/11-tortenelmi-teny-amik-kitalacionak-tunnek-pedig-tenyleg-megtortentek\/"},"wordCount":916,"commentCount":10,"publisher":{"@id":"https:\/\/liked.hu\/old\/#organization"},"keywords":["Ma tudtam meg!","t\u00e9ny","t\u00f6rt\u00e9nelem"],"articleSection":["\u00c9rdekess\u00e9gek"],"inLanguage":"hu","potentialAction":[{"@type":"CommentAction","name":"Comment","target":["https:\/\/liked.hu\/old\/erdekes\/11-tortenelmi-teny-amik-kitalacionak-tunnek-pedig-tenyleg-megtortentek\/#respond"]}]},{"@type":"WebPage","@id":"https:\/\/liked.hu\/old\/erdekes\/11-tortenelmi-teny-amik-kitalacionak-tunnek-pedig-tenyleg-megtortentek\/","url":"https:\/\/liked.hu\/old\/erdekes\/11-tortenelmi-teny-amik-kitalacionak-tunnek-pedig-tenyleg-megtortentek\/","name":"11 t\u00f6rt\u00e9nelmi esem\u00e9ny, amik kital\u00e1ci\u00f3nak t\u0171nnek, pedig t\u00e9nyleg megt\u00f6rt\u00e9ntek","isPartOf":{"@id":"https:\/\/liked.hu\/old\/#website"},"datePublished":"2024-03-30T19:21:50+00:00","dateModified":"2024-03-30T19:21:58+00:00","description":"Eg\u00e9szen hihetetlen t\u00f6rt\u00e9netek.","breadcrumb":{"@id":"https:\/\/liked.hu\/old\/erdekes\/11-tortenelmi-teny-amik-kitalacionak-tunnek-pedig-tenyleg-megtortentek\/#breadcrumb"},"inLanguage":"hu","potentialAction":[{"@type":"ReadAction","target":["https:\/\/liked.hu\/old\/erdekes\/11-tortenelmi-teny-amik-kitalacionak-tunnek-pedig-tenyleg-megtortentek\/"]}]},{"@type":"BreadcrumbList","@id":"https:\/\/liked.hu\/old\/erdekes\/11-tortenelmi-teny-amik-kitalacionak-tunnek-pedig-tenyleg-megtortentek\/#breadcrumb","itemListElement":[{"@type":"ListItem","position":1,"name":"Kezd\u0151lap"}]},{"@type":"WebSite","@id":"https:\/\/liked.hu\/old\/#website","url":"https:\/\/liked.hu\/old\/","name":"Liked.hu","description":"","publisher":{"@id":"https:\/\/liked.hu\/old\/#organization"},"potentialAction":[{"@type":"SearchAction","target":{"@type":"EntryPoint","urlTemplate":"https:\/\/liked.hu\/old\/?s={search_term_string}"},"query-input":"required name=search_term_string"}],"inLanguage":"hu"},{"@type":"Organization","@id":"https:\/\/liked.hu\/old\/#organization","name":"Liked.hu","url":"https:\/\/liked.hu\/old\/","sameAs":["https:\/\/hu.pinterest.com\/likedhungary\/","https:\/\/www.youtube.com\/channel\/UCPv91dbMoIukYcM9b9nHN6Q","https:\/\/www.facebook.com\/liked.hu","https:\/\/twitter.com\/LikedHu"],"logo":{"@type":"ImageObject","inLanguage":"hu","@id":"https:\/\/liked.hu\/old\/#\/schema\/logo\/image\/","url":"https:\/\/liked.hu\/wp-content\/uploads\/2018\/08\/Liked-icon.png","contentUrl":"https:\/\/liked.hu\/wp-content\/uploads\/2018\/08\/Liked-icon.png","width":512,"height":512,"caption":"Liked.hu"},"image":{"@id":"https:\/\/liked.hu\/old\/#\/schema\/logo\/image\/"}},{"@type":"Person","@id":"https:\/\/liked.hu\/old\/#\/schema\/person\/1c8d3f8764991e8dcd6572a7de72da8a","name":"Klingstrom","image":{"@type":"ImageObject","inLanguage":"hu","@id":"https:\/\/liked.hu\/old\/#\/schema\/person\/image\/","url":"https:\/\/liked.hu\/old\/wp-content\/uploads\/avatars\/13\/604de88bd578a-bpfull.jpg","contentUrl":"https:\/\/liked.hu\/old\/wp-content\/uploads\/avatars\/13\/604de88bd578a-bpfull.jpg","caption":"Klingstrom"},"url":"https:\/\/liked.hu\/old\/u\/klingstrom\/"}]}},"publishpress_future_action":{"enabled":false,"date":"1970-01-01 01:00:00","action":"","terms":[],"taxonomy":"","browser_timezone_offset":0},"_links":{"self":[{"href":"https:\/\/liked.hu\/old\/wp-json\/wp\/v2\/posts\/253378"}],"collection":[{"href":"https:\/\/liked.hu\/old\/wp-json\/wp\/v2\/posts"}],"about":[{"href":"https:\/\/liked.hu\/old\/wp-json\/wp\/v2\/types\/post"}],"author":[{"embeddable":true,"href":"https:\/\/liked.hu\/old\/wp-json\/wp\/v2\/users\/13"}],"replies":[{"embeddable":true,"href":"https:\/\/liked.hu\/old\/wp-json\/wp\/v2\/comments?post=253378"}],"version-history":[{"count":0,"href":"https:\/\/liked.hu\/old\/wp-json\/wp\/v2\/posts\/253378\/revisions"}],"wp:featuredmedia":[{"embeddable":true,"href":"https:\/\/liked.hu\/old\/wp-json\/wp\/v2\/media\/329417"}],"wp:attachment":[{"href":"https:\/\/liked.hu\/old\/wp-json\/wp\/v2\/media?parent=253378"}],"wp:term":[{"taxonomy":"category","embeddable":true,"href":"https:\/\/liked.hu\/old\/wp-json\/wp\/v2\/categories?post=253378"},{"taxonomy":"post_tag","embeddable":true,"href":"https:\/\/liked.hu\/old\/wp-json\/wp\/v2\/tags?post=253378"}],"curies":[{"name":"wp","href":"https:\/\/api.w.org\/{rel}","templated":true}]}}