{"id":253292,"date":"2024-03-14T21:03:27","date_gmt":"2024-03-14T20:03:27","guid":{"rendered":"https:\/\/liked.hu\/old\/?p=253292"},"modified":"2024-03-14T21:03:37","modified_gmt":"2024-03-14T20:03:37","slug":"mindenki-hallotta-mar-ezeknek-az-embereknek-a-nevet-de-csak-kevesen-tudjak-hogy-kik-is-voltak-ok-valojaban","status":"publish","type":"post","link":"https:\/\/liked.hu\/old\/erdekes\/mindenki-hallotta-mar-ezeknek-az-embereknek-a-nevet-de-csak-kevesen-tudjak-hogy-kik-is-voltak-ok-valojaban\/","title":{"rendered":"Mindenki hallotta m\u00e1r ezeknek az embereknek a nev\u00e9t, de csak kevesen tudj\u00e1k, hogy kik is voltak \u0151k val\u00f3j\u00e1ban"},"content":{"rendered":"<p>Val\u00f3sz\u00edn\u0171leg ismer\u0151s a Barbie baba, a Boeing rep\u00fcl\u0151g\u00e9p vagy a Swarovski krist\u00e1ly, de vajon elgondolkodt\u00e1l m\u00e1r azon, hogy honnan is kapt\u00e1k ezek a nev\u00fcket? Nos, meglep\u0151 lehet, de mindegyik\u00fck m\u00f6g\u00f6tt egy val\u00f3s szem\u00e9ly \u00e1ll, \u00e1ltal\u00e1ban az adott dolog vagy term\u00e9k feltal\u00e1l\u00f3ja. Azonban kevesen ismerj\u00fck az arcukat, \u00e9s a nev\u00fck m\u00f6g\u00f6tt rejl\u0151 t\u00f6rt\u00e9netet.<\/p>\n\n<div style=\"float:none;margin:0px 0 0px 0;text-align:center;\">\n<div class=\"mobileShowkakettes\"><div class=\"mobileShowka2\"><div style=\"padding-top:0px;padding-bottom:15px;min-height: 300px;\"><div class=\"hirdetes\">HIRDET\u00c9S<\/div>\n<!-- 300lista -->\n<ins class=\"adsbygoogle\"\n     style=\"display:inline-block;width:300px;height:250px\"\n     data-ad-client=\"ca-pub-9424088931673893\"\n     data-ad-slot=\"8471340766\"><\/ins>\n<script async>\n     (adsbygoogle = window.adsbygoogle || []).push({});\n<\/script><\/div><\/div><\/div><\/div>\n\n<p>A&nbsp;<strong>Liked.hu<\/strong>-n\u00e1l most ut\u00e1naj\u00e1rtunk, hogyan is n\u00e9znek ki azok az emberek, akiknek a nev\u00e9t val\u00f3sz\u00edn\u0171leg mindenki ismeri a vil\u00e1gon, de arcukat \u00e9s t\u00f6rt\u00e9net\u00fcket m\u00e1r j\u00f3val kevesebben.<\/p>\n<div id=\"zombify-main-section-front\" class=\"zombify-main-section-front zombify-screen zf-media-full zf-screen-sm\">\n<div class=\"zf-container\">\n<div id=\"zf-countdown\" class=\"zf-countdown zf-list zf-numbered\">\n<ol class=\"zf-structure-list\">\n<li style=\"list-style-type: none;\">\n<ol class=\"zf-structure-list\">\n<li class=\"zf-list_item\">\n<div class=\"zf-list_header\">\n<h3 id=\"12\" class=\"zf-list_title\"><span class=\"zf-number\">12<\/span>&nbsp;Barbie<\/h3>\n<\/div>\n<figure class=\"zf-list_media zf-media-wrapper zf-image zf-type-image\">\n<div class=\"zf-media\" title=\"Barbie\">\n<div class=\"zf-media\" title=\"Barbie\">\n<div class=\"bb-media-placeholder\"><img loading=\"lazy\" class=\"\" src=\"https:\/\/liked.hu\/old\/wp-content\/uploads\/2021\/09\/1630351102_1.jpg\" sizes=\"(max-width: 352px) 100vw, 352px\" srcset=\"https:\/\/liked.hu\/old\/wp-content\/uploads\/2021\/09\/1630351102_1.jpg 352w, https:\/\/liked.hu\/old\/wp-content\/uploads\/2021\/09\/1630351102_1-267x300.jpg 267w\" alt=\"1630351102 1\" width=\"352\" height=\"395\"><\/div>\n<\/div>\n<\/div><figcaption class=\"zf-figcaption\"><cite><\/cite><\/figcaption><\/figure>\n<div class=\"zf-countdown_description\">\n<p>Kevesen tudj\u00e1k, de a h\u00edres bab\u00e1nak teljes neve van: Barbara Millicent Roberts. Nev\u00e9t az alkot\u00f3j\u00e1nak Ruth Handlernek a l\u00e1ny\u00e1r\u00f3l kapta. A n\u0151 a Mattel j\u00e1t\u00e9kc\u00e9g alap\u00edt\u00f3j\u00e1nak feles\u00e9ge volt, \u00e9s a l\u00e1ny\u00e1val bab\u00e1zva tal\u00e1lta ki a Barbie baba \u00f6tlet\u00e9t.<\/p>\n<\/div>\n<\/li>\n<li class=\"zf-list_item\">\n<div class=\"zf-list_header\">\n<h3 id=\"11\" class=\"zf-list_title\"><span class=\"zf-number\">11<\/span>&nbsp;Boeing<\/h3>\n<\/div>\n<figure class=\"zf-list_media zf-media-wrapper zf-image zf-type-image\">\n<div class=\"zf-media\" title=\"Boeing\">\n<div class=\"zf-media\" title=\"Boeing\">\n<div class=\"bb-media-placeholder\"><img loading=\"lazy\" class=\"\" src=\"https:\/\/liked.hu\/old\/wp-content\/uploads\/2021\/09\/1630351089_2.jpg\" sizes=\"(max-width: 358px) 100vw, 358px\" srcset=\"https:\/\/liked.hu\/old\/wp-content\/uploads\/2021\/09\/1630351089_2.jpg 358w, https:\/\/liked.hu\/old\/wp-content\/uploads\/2021\/09\/1630351089_2-263x300.jpg 263w\" alt=\"1630351089 2\" width=\"358\" height=\"409\"><\/div>\n<\/div>\n<\/div><figcaption class=\"zf-figcaption\"><cite><\/cite><\/figcaption><\/figure>\n<div class=\"zf-countdown_description\">\n<p>A c\u00e9g a nev\u00e9t William Boeing rep\u00fcl\u0151g\u00e9pgy\u00e1rt\u00f3r\u00f3l kapta, aki 1916-ban \u00e9p\u00edtette meg az els\u0151 hidropl\u00e1nj\u00e1t, majd k\u00e9s\u0151bb az erd\u00e9szeti iparban dolgozott, ahol a f\u00e1val t\u00f6rt\u00e9n\u0151 munka k\u00f6zben egy\u00fattal a rep\u00fcl\u0151g\u00e9pek gy\u00e1rt\u00e1s\u00e1ba is beseg\u00edtett.<\/p>\n\n<div style=\"float:none;margin:0px 0 0px 0;text-align:center;\">\n<div class=\"mobileHideke5\"><div style=\"margin-top:25px;\"><div class=\"hirdeteshatter\"><div style=\"display: inline-block;width: 50%;min-width:305px;vertical-align: top;\"><div class=\"hirdetes\">HIRDET\u00c9S<\/div>\n<!-- LikedQ51 -->\n<ins class=\"adsbygoogle\"\n     style=\"display:inline-block;width:300px;height:250px\"\n     data-ad-client=\"ca-pub-9424088931673893\"\n     data-ad-slot=\"8284063326\"><\/ins>\n<script async>\n     (adsbygoogle = window.adsbygoogle || []).push({});\n<\/script><\/div><div style=\"display: inline-block;width: 50%;min-width:305px;vertical-align: top;\"><div class=\"hirdetes\">HIRDET\u00c9S<\/div>\n<!-- LikedQ52 -->\n<ins class=\"adsbygoogle\"\n     style=\"display:inline-block;width:300px;height:250px\"\n     data-ad-client=\"ca-pub-9424088931673893\"\n     data-ad-slot=\"2840164950\"><\/ins>\n<script async>\n     (adsbygoogle = window.adsbygoogle || []).push({});\n<\/script><\/div><\/div><\/div><\/div>\n<div style=\"display:flex;flex-direction:column;\"><div class=\"mobileShowka5\"><div style=\"padding-top:10px;padding-bottom:10px;min-height: 300px;\"><div class=\"hirdetes\">HIRDET\u00c9S<\/div>\n<!-- LikedQ5M -->\n<ins class=\"adsbygoogle\"\n     style=\"display:inline-block;width:300px;height:250px\"\n     data-ad-client=\"ca-pub-9424088931673893\"\n     data-ad-slot=\"9022429928\"><\/ins>\n<script async>\n     (adsbygoogle = window.adsbygoogle || []).push({});\n<\/script><\/div><\/div><\/div><\/div>\n\n<\/div>\n<\/li>\n<li class=\"zf-list_item\">\n<div class=\"zf-list_header\">\n<h3 id=\"10\" class=\"zf-list_title\"><span class=\"zf-number\">10<\/span>&nbsp;Swarovski<\/h3>\n<\/div>\n<figure class=\"zf-list_media zf-media-wrapper zf-image zf-type-image\">\n<div class=\"zf-media\" title=\"Swarovski\">\n<div class=\"zf-media\" title=\"Swarovski\">\n<div class=\"bb-media-placeholder\"><img loading=\"lazy\" class=\"\" src=\"https:\/\/liked.hu\/old\/wp-content\/uploads\/2021\/09\/1630351175_3.jpg\" sizes=\"(max-width: 274px) 100vw, 274px\" srcset=\"https:\/\/liked.hu\/old\/wp-content\/uploads\/2021\/09\/1630351175_3.jpg 274w, https:\/\/liked.hu\/old\/wp-content\/uploads\/2021\/09\/1630351175_3-216x300.jpg 216w\" alt=\"1630351175 3\" width=\"274\" height=\"380\"><\/div>\n<\/div>\n<\/div><figcaption class=\"zf-figcaption\"><cite><\/cite><\/figcaption><\/figure>\n<div class=\"zf-countdown_description\">\n<p>A c\u00e9g a nev\u00e9t az alap\u00edt\u00f3j\u00e1r\u00f3l, Daniel Swarovski-r\u00f3l kapta, aki egy cseh krist\u00e1lyv\u00e1g\u00f3 csal\u00e1dba sz\u00fcletett. 1892-ben tal\u00e1lta fel az els\u0151 olyan v\u00e1g\u00f3g\u00e9pet, amely lehet\u0151v\u00e9 tette az apr\u00f3 k\u00f6vek \u00e9s strasszok k\u00e9sz\u00edt\u00e9s\u00e9t. 1895-ben ind\u00edtotta el a t\u00f6meggy\u00e1rt\u00e1st.<\/p>\n<\/div>\n<\/li>\n<li class=\"zf-list_item\">\n<div class=\"zf-list_header\">\n<h3 id=\"9\" class=\"zf-list_title\"><span class=\"zf-number\">9<\/span>&nbsp;La\u0441oste<\/h3>\n<\/div>\n<figure class=\"zf-list_media zf-media-wrapper zf-image zf-type-image\">\n<div class=\"zf-media\" title=\"La\u0441oste\">\n<div class=\"zf-media\" title=\"La\u0441oste\">\n<div class=\"bb-media-placeholder\"><img loading=\"lazy\" class=\"\" src=\"https:\/\/liked.hu\/old\/wp-content\/uploads\/2021\/09\/1630351106_4.jpg\" sizes=\"(max-width: 728px) 100vw, 728px\" srcset=\"https:\/\/liked.hu\/old\/wp-content\/uploads\/2021\/09\/1630351106_4.jpg 728w, https:\/\/liked.hu\/old\/wp-content\/uploads\/2021\/09\/1630351106_4-300x288.jpg 300w, https:\/\/liked.hu\/old\/wp-content\/uploads\/2021\/09\/1630351106_4-360x345.jpg 360w\" alt=\"1630351106 4\" width=\"728\" height=\"698\"><\/div>\n<\/div>\n<\/div><figcaption class=\"zf-figcaption\"><cite><\/cite><\/figcaption><\/figure>\n<div class=\"zf-countdown_description\">\n<p>A m\u00e1rk\u00e1t Rene Lacoste, francia teniszez\u0151 alap\u00edtotta. Az eg\u00e9sz azzal kezd\u0151d\u00f6tt, hogy az egyik versenyre egy saj\u00e1t kez\u0171leg varrt p\u00f3l\u00f3ban l\u00e9pett p\u00e1ly\u00e1ra, ami jelent\u0151sen elt\u00e9rt a teniszez\u0151k akkori sportruh\u00e1j\u00e1t\u00f3l. A krokodil log\u00f3 az edz\u0151je \u00f6tlete volt, mert mindig azt hangoztatta, hogy \u00fagy harcol a p\u00e1ly\u00e1n, mint egy ragadoz\u00f3.<\/p>\n<\/div>\n<\/li>\n<li class=\"zf-list_item\">\n<div class=\"zf-list_header\">\n<h3 id=\"8\" class=\"zf-list_title\"><span class=\"zf-number\">8<\/span>&nbsp;Mercedes-Benz<\/h3>\n<\/div>\n<figure class=\"zf-list_media zf-media-wrapper zf-image zf-type-image\">\n<div class=\"zf-media\" title=\"Mercedes-Benz\">\n<div class=\"zf-media\" title=\"Mercedes-Benz\">\n<div class=\"bb-media-placeholder\"><img loading=\"lazy\" class=\"\" src=\"https:\/\/liked.hu\/old\/wp-content\/uploads\/2021\/09\/1630351178_5.jpg\" sizes=\"(max-width: 560px) 100vw, 560px\" srcset=\"https:\/\/liked.hu\/old\/wp-content\/uploads\/2021\/09\/1630351178_5.jpg 560w, https:\/\/liked.hu\/old\/wp-content\/uploads\/2021\/09\/1630351178_5-251x300.jpg 251w, https:\/\/liked.hu\/old\/wp-content\/uploads\/2021\/09\/1630351178_5-360x429.jpg 360w\" alt=\"1630351178 5\" width=\"560\" height=\"668\"><\/div>\n<\/div>\n<\/div><figcaption class=\"zf-figcaption\"><cite><\/cite><\/figcaption><\/figure>\n<div class=\"zf-countdown_description\">\n<p>A Benz sz\u00f3 a n\u00e9met m\u00e9rn\u00f6kre, Karl Benz-re utal, aki sok m\u00e1s egy\u00e9b mellett feltal\u00e1lta a benzinmotort. Hasonl\u00f3 projekten dolgoztak azonban a Daimler \u00e9s Maybach m\u00e9rn\u00f6k\u00f6k is. \u0150k egy forradalmi sportaut\u00f3t akartak l\u00e9trehozni egy \u00fczletember r\u00e9sz\u00e9re, akinek k\u00e9r\u00e9s\u00e9re a l\u00e1ny\u00e1r\u00f3l, Mercedes-r\u0151l nevezt\u00e9k el az aut\u00f3t. Amikor a k\u00e9t c\u00e9g egyes\u00fclt, az aut\u00f3 Mercedes-Benz n\u00e9ven v\u00e1lt ismertt\u00e9.<\/p>\n\n<div style=\"float:none;margin:0px 0 0px 0;text-align:center;\">\n<div class=\"mobileHideke8\"><div style=\"margin-top:25px;\"><div class=\"hirdeteshatter\"><div style=\"display: inline-block;width: 50%;min-width:340px;vertical-align: top;\"><div class=\"hirdetes\">HIRDET\u00c9S<\/div>\n<!-- Liked7Q1 -->\n<ins class=\"adsbygoogle\"\n     style=\"display:inline-block;width:336px;height:280px\"\n     data-ad-client=\"ca-pub-9424088931673893\"\n     data-ad-slot=\"3022062587\"><\/ins>\n<script async>\n     (adsbygoogle = window.adsbygoogle || []).push({});\n<\/script><\/div><div style=\"display: inline-block;width: 50%;min-width:340px;vertical-align: top;\"><div class=\"hirdetes\">HIRDET\u00c9S<\/div>\n<!-- Liked7Q2 -->\n<ins class=\"adsbygoogle\"\n     style=\"display:inline-block;width:336px;height:280px\"\n     data-ad-client=\"ca-pub-9424088931673893\"\n     data-ad-slot=\"3952000871\"><\/ins>\n<script async>\n     (adsbygoogle = window.adsbygoogle || []).push({});\n<\/script><\/div><\/div><\/div><\/div>\n<div style=\"display:flex;flex-direction:column;\"><div class=\"mobileShowka8\"><div style=\"padding-top:15px;margin-bottom:15px;min-height: 300px;\"><div class=\"hirdetes\">HIRDET\u00c9S<\/div>\n<!-- Liked7QMobil -->\n<ins class=\"adsbygoogle\"\n     style=\"display:inline-block;width:336px;height:280px\"\n     data-ad-client=\"ca-pub-9424088931673893\"\n     data-ad-slot=\"5073510857\"><\/ins>\n<script async>\n     (adsbygoogle = window.adsbygoogle || []).push({});\n<\/script><\/div><\/div><\/div><\/div>\n\n<\/div>\n<\/li>\n<li class=\"zf-list_item\">\n<div class=\"zf-list_header\">\n<h3 id=\"7\" class=\"zf-list_title\"><span class=\"zf-number\">7<\/span>&nbsp;Harley Davidson<\/h3>\n<\/div>\n<figure class=\"zf-list_media zf-media-wrapper zf-image zf-type-image\">\n<div class=\"zf-media\" title=\"Harley Davidson\">\n<div class=\"zf-media\" title=\"Harley Davidson\">\n<div class=\"bb-media-placeholder\"><img loading=\"lazy\" class=\"\" src=\"https:\/\/liked.hu\/old\/wp-content\/uploads\/2021\/09\/1630351142_6.jpg\" sizes=\"(max-width: 714px) 100vw, 714px\" srcset=\"https:\/\/liked.hu\/old\/wp-content\/uploads\/2021\/09\/1630351142_6.jpg 714w, https:\/\/liked.hu\/old\/wp-content\/uploads\/2021\/09\/1630351142_6-300x159.jpg 300w, https:\/\/liked.hu\/old\/wp-content\/uploads\/2021\/09\/1630351142_6-360x191.jpg 360w\" alt=\"1630351142 6\" width=\"714\" height=\"378\"><\/div>\n<\/div>\n<\/div><figcaption class=\"zf-figcaption\"><cite><\/cite><\/figcaption><\/figure>\n<div class=\"zf-countdown_description\">\n<p>A vil\u00e1gh\u00edr\u0171 motorker\u00e9kp\u00e1r-gy\u00e1r William Harley \u00e9s gyermekkori bar\u00e1tja, Arthur Davidson neve alapj\u00e1n sz\u00fcletett, akik motorker\u00e9kp\u00e1r gy\u00e1rt\u00e1ssal k\u00eds\u00e9rleteztek.<\/p>\n<\/div>\n<\/li>\n<li class=\"zf-list_item\">\n<div class=\"zf-list_header\">\n<h3 id=\"6\" class=\"zf-list_title\"><span class=\"zf-number\">6<\/span>&nbsp;Tiffany<\/h3>\n<\/div>\n<figure class=\"zf-list_media zf-media-wrapper zf-image zf-type-image\">\n<div class=\"zf-media\" title=\"Tiffany\">\n<div class=\"zf-media\" title=\"Tiffany\">\n<div class=\"bb-media-placeholder\"><img loading=\"lazy\" class=\"\" src=\"https:\/\/liked.hu\/old\/wp-content\/uploads\/2021\/09\/1630351123_7.jpg\" sizes=\"(max-width: 355px) 100vw, 355px\" srcset=\"https:\/\/liked.hu\/old\/wp-content\/uploads\/2021\/09\/1630351123_7.jpg 355w, https:\/\/liked.hu\/old\/wp-content\/uploads\/2021\/09\/1630351123_7-235x300.jpg 235w\" alt=\"1630351123 7\" width=\"355\" height=\"453\"><\/div>\n<\/div>\n<\/div><figcaption class=\"zf-figcaption\"><cite><\/cite><\/figcaption><\/figure>\n<div class=\"zf-countdown_description\">\n<p>A ma m\u00e1r h\u00edres c\u00e9get Charles Lewis Tiffany \u00e9s John Young alap\u00edtotta 1837-ben. &nbsp;Eleinte John Young neve is benne volt a c\u00e9gben, de amikor Tiffany lett a c\u00e9g vez\u00e9rigazgat\u00f3ja, a c\u00e9g m\u00e1r csak a &#8222;Tiffany and Company&#8221; nevet viselte.<\/p>\n<\/div>\n<\/li>\n<\/ol>\n<\/li>\n<\/ol>\n<p><!--nextpage--><\/p>\n<div id=\"zombify-main-section-front\" class=\"zombify-main-section-front zombify-screen zf-media-full zf-screen-sm\">\n<div class=\"zf-container\">\n<div id=\"zf-countdown\" class=\"zf-countdown zf-list zf-numbered\">\n<ol class=\"zf-structure-list\">\n<li class=\"zf-list_item\">\n<div class=\"zf-list_header\">\n<h3 id=\"5\" class=\"zf-list_title\"><span class=\"zf-number\">5<\/span>&nbsp;Bosch<\/h3>\n<\/div>\n<figure class=\"zf-list_media zf-media-wrapper zf-image zf-type-image\">\n<div class=\"zf-media\" title=\"Bosch\">\n<div class=\"zf-media\" title=\"Bosch\">\n<div class=\"bb-media-placeholder\"><img loading=\"lazy\" class=\"\" src=\"https:\/\/liked.hu\/old\/wp-content\/uploads\/2021\/09\/1630351180_8.jpg\" sizes=\"(max-width: 274px) 100vw, 274px\" srcset=\"https:\/\/liked.hu\/old\/wp-content\/uploads\/2021\/09\/1630351180_8.jpg 274w, https:\/\/liked.hu\/old\/wp-content\/uploads\/2021\/09\/1630351180_8-217x300.jpg 217w\" alt=\"1630351180 8\" width=\"274\" height=\"379\"><\/div>\n<\/div>\n<\/div><figcaption class=\"zf-figcaption\"><cite><\/cite><\/figcaption><\/figure>\n<div class=\"zf-countdown_description\">\n<p>Robert Bosch n\u00e9met m\u00e9rn\u00f6k 1886-ban, Stuttgartban nyitotta meg els\u0151 c\u00e9g\u00e9t, ami elektromos berendez\u00e9seket gy\u00e1rtott. A gazdagg\u00e1 v\u00e1l\u00f3 f\u00e9rfi k\u00e9s\u0151bb is gyakran biciklizett vagy t\u00f6megk\u00f6zlekedett a munk\u00e1saival \u00e9s \u00fcgyfeleivel, ami nagyon szokatlan volt a helyiek sz\u00e1m\u00e1ra.<\/p>\n<\/div>\n<\/li>\n<li class=\"zf-list_item\">\n<div class=\"zf-list_header\">\n<h3 id=\"4\" class=\"zf-list_title\"><span class=\"zf-number\">4<\/span>&nbsp;Lipton<\/h3>\n<\/div>\n<figure class=\"zf-list_media zf-media-wrapper zf-image zf-type-image\">\n<div class=\"zf-media\" title=\"Lipton\">\n<div class=\"zf-media\" title=\"Lipton\">\n<div class=\"bb-media-placeholder\"><img loading=\"lazy\" class=\"\" src=\"https:\/\/liked.hu\/old\/wp-content\/uploads\/2021\/09\/1630351153_9.jpg\" sizes=\"(max-width: 360px) 100vw, 360px\" srcset=\"https:\/\/liked.hu\/old\/wp-content\/uploads\/2021\/09\/1630351153_9.jpg 360w, https:\/\/liked.hu\/old\/wp-content\/uploads\/2021\/09\/1630351153_9-265x300.jpg 265w\" alt=\"1630351153 9\" width=\"360\" height=\"407\"><\/div>\n<\/div>\n<\/div><figcaption class=\"zf-figcaption\"><cite><\/cite><\/figcaption><\/figure>\n<div class=\"zf-countdown_description\">\n<p>Thomas Johnston Lipton h\u00edres \u00e9lelmiszeripari v\u00e1llalkoz\u00f3 volt. Egy Lipton nev\u0171 \u00e1ruh\u00e1zl\u00e1nc tulajdonosa volt, de 1887-t\u0151l nagy lehet\u0151s\u00e9get l\u00e1tott a teaiparban, \u00e9s innent\u0151l kezdve kiz\u00e1r\u00f3lag erre koncentr\u00e1lt.<\/p>\n<\/div>\n<\/li>\n<li class=\"zf-list_item\">\n<div class=\"zf-list_header\">\n<h3 id=\"3\" class=\"zf-list_title\"><span class=\"zf-number\">3<\/span>&nbsp;Gillette<\/h3>\n<\/div>\n<figure class=\"zf-list_media zf-media-wrapper zf-image zf-type-image\">\n<div class=\"zf-media\" title=\"Gillette\">\n<div class=\"zf-media\" title=\"Gillette\">\n<div class=\"bb-media-placeholder\"><img loading=\"lazy\" class=\"\" src=\"https:\/\/liked.hu\/old\/wp-content\/uploads\/2021\/09\/1630351190_screenshot_11.jpg\" sizes=\"(max-width: 434px) 100vw, 434px\" srcset=\"https:\/\/liked.hu\/old\/wp-content\/uploads\/2021\/09\/1630351190_screenshot_11.jpg 434w, https:\/\/liked.hu\/old\/wp-content\/uploads\/2021\/09\/1630351190_screenshot_11-226x300.jpg 226w, https:\/\/liked.hu\/old\/wp-content\/uploads\/2021\/09\/1630351190_screenshot_11-360x479.jpg 360w\" alt=\"1630351190 screenshot 11\" width=\"434\" height=\"577\"><\/div>\n<\/div>\n<\/div><figcaption class=\"zf-figcaption\"><cite><\/cite><\/figcaption><\/figure>\n<div class=\"zf-countdown_description\">\n<p>A m\u00e1rka a nev\u00e9t az alap\u00edt\u00f3j\u00e1r\u00f3l, King Camp Gillette-r\u0151l, egy amerikai feltal\u00e1l\u00f3r\u00f3l kapta, aki el\u0151sz\u00f6r k\u00e9sz\u00edtett pr\u00e9selt ac\u00e9l seg\u00edts\u00e9g\u00e9vel v\u00e9kony peng\u00e9s borotv\u00e1t.<\/p>\n\n<div style=\"float:none;margin:0px 0 0px 0;text-align:center;\">\n<div class=\"mobileHideke8\"><div class=\"hirdeteshatter\"><div style=\"display: inline-block;width: 50%;min-width:340px;vertical-align: top;\"><div class=\"hirdetes\">HIRDET\u00c9S<\/div>\n<!-- LikedQ81 -->\n<ins class=\"adsbygoogle\"\n     style=\"display:inline-block;width:336px;height:280px\"\n     data-ad-client=\"ca-pub-9424088931673893\"\n     data-ad-slot=\"2436840276\"><\/ins>\n<script async>\n     (adsbygoogle = window.adsbygoogle || []).push({});\n<\/script><\/div><div style=\"display: inline-block;width: 50%;min-width:340px;vertical-align: top;\"><div class=\"hirdetes\">HIRDET\u00c9S<\/div>\n<!-- LikedQ82 -->\n<ins class=\"adsbygoogle\"\n     style=\"display:inline-block;width:336px;height:280px\"\n     data-ad-client=\"ca-pub-9424088931673893\"\n     data-ad-slot=\"3558350253\"><\/ins>\n<script async>\n     (adsbygoogle = window.adsbygoogle || []).push({});\n<\/script><\/div><\/div><\/div>\n<div style=\"display:flex;flex-direction:column;\"><div class=\"mobileShowka8 nyolc\"><div style=\"padding-top:15px;padding-bottom:5px;min-height: 300px;\"><div class=\"hirdetes\">HIRDET\u00c9S<\/div>\n<!-- LikedQ8M -->\n<ins class=\"adsbygoogle\"\n     style=\"display:inline-block;width:336px;height:280px\"\n     data-ad-client=\"ca-pub-9424088931673893\"\n     data-ad-slot=\"4679860235\"><\/ins>\n<script async>\n     (adsbygoogle = window.adsbygoogle || []).push({});\n<\/script><\/div><\/div><\/div><\/div>\n\n<\/div>\n<\/li>\n<li class=\"zf-list_item\">\n<div class=\"zf-list_header\">\n<h3 id=\"2\" class=\"zf-list_title\"><span class=\"zf-number\">2<\/span>&nbsp;McDonald&#8217;s<\/h3>\n<\/div>\n<figure class=\"zf-list_media zf-media-wrapper zf-image zf-type-image\">\n<div class=\"zf-media\" title=\"McDonald's\">\n<div class=\"zf-media\" title=\"McDonald's\">\n<div class=\"bb-media-placeholder\"><img loading=\"lazy\" class=\"\" src=\"https:\/\/liked.hu\/old\/wp-content\/uploads\/2021\/09\/1630351128_11.jpg\" sizes=\"(max-width: 599px) 100vw, 599px\" srcset=\"https:\/\/liked.hu\/old\/wp-content\/uploads\/2021\/09\/1630351128_11.jpg 599w, https:\/\/liked.hu\/old\/wp-content\/uploads\/2021\/09\/1630351128_11-300x155.jpg 300w, https:\/\/liked.hu\/old\/wp-content\/uploads\/2021\/09\/1630351128_11-360x186.jpg 360w\" alt=\"1630351128 11\" width=\"599\" height=\"310\"><\/div>\n<\/div>\n<\/div><figcaption class=\"zf-figcaption\"><cite><\/cite><\/figcaption><\/figure>\n<div class=\"zf-countdown_description\">\n<p>A c\u00e9get Dick \u00e9s Maurice McDonald alap\u00edtotta 1940-ben, de a v\u00e1llalkoz\u00f3, Ray Kroc tette vil\u00e1gh\u00edr\u0171v\u00e9 a gyors\u00e9ttereml\u00e1ncot.<\/p>\n<\/div>\n<\/li>\n<li class=\"zf-list_item\">\n<div class=\"zf-list_header\">\n<h3 id=\"1\" class=\"zf-list_title\"><span class=\"zf-number\">1<\/span>&nbsp;Toblerone<\/h3>\n<\/div>\n<figure class=\"zf-list_media zf-media-wrapper zf-image zf-type-image\">\n<div class=\"zf-media\" title=\"Toblerone\">\n<div class=\"zf-media\" title=\"Toblerone\">\n<div class=\"bb-media-placeholder\"><img loading=\"lazy\" class=\"\" src=\"https:\/\/liked.hu\/old\/wp-content\/uploads\/2021\/09\/1630351160_12.jpg\" sizes=\"(max-width: 357px) 100vw, 357px\" srcset=\"https:\/\/liked.hu\/old\/wp-content\/uploads\/2021\/09\/1630351160_12.jpg 357w, https:\/\/liked.hu\/old\/wp-content\/uploads\/2021\/09\/1630351160_12-237x300.jpg 237w\" alt=\"1630351160 12\" width=\"357\" height=\"452\"><\/div>\n<\/div>\n<\/div><figcaption class=\"zf-figcaption\"><cite><\/cite><\/figcaption><\/figure>\n<div class=\"zf-countdown_description\">\n<p>A m\u00e1rka alap\u00edt\u00f3ja Jean Tobler volt, aki 1868-ban a sv\u00e1jci Bern v\u00e1rosban lett egy cukr\u00e1szda tulajdonosa, nem sokkal k\u00e9s\u0151bb pedig csokol\u00e1d\u00e9gy\u00e1rat nyitott. A h\u00edres h\u00e1romsz\u00f6g alak\u00fa csokol\u00e1d\u00e9t a fia, Theodore Tobler hozta l\u00e9tre, aki a csal\u00e1dnev\u00fckh\u00f6z hozz\u00e1adta a mandula nug\u00e1t egyik k\u00fcl\u00f6nleges fajt\u00e1j\u00e1nak a nev\u00e9t, \u00e9s \u00edgy sz\u00fcletett meg a m\u00e1rka neve: Toblerone.<\/p>\n<\/div>\n<\/li>\n<\/ol>\n<\/div>\n<\/div>\n<\/div>\n<\/div>\n<\/div>\n<\/div>\n","protected":false},"excerpt":{"rendered":"<p>Ezek az emberek \u00f6r\u00f6kre be\u00edrt\u00e1k a nev\u00fcket a t\u00f6rt\u00e9nelembe.<\/p>\n","protected":false},"author":13,"featured_media":326871,"comment_status":"open","ping_status":"closed","sticky":false,"template":"","format":"standard","meta":{"buzzeditor_post_format":""},"categories":[23],"tags":[3819,9235,1647,9255],"yoast_head":"<!-- This site is optimized with the Yoast SEO plugin v19.6.1 - https:\/\/yoast.com\/wordpress\/plugins\/seo\/ -->\n<title>Mindenki hallotta m\u00e1r ezeknek az embereknek a nev\u00e9t, de csak kevesen tudj\u00e1k, hogy kik is voltak \u0151k val\u00f3j\u00e1ban<\/title>\n<meta name=\"description\" content=\"Ezek az emberek \u00f6r\u00f6kre be\u00edrt\u00e1k a nev\u00fcket a t\u00f6rt\u00e9nelembe.\" \/>\n<meta name=\"robots\" content=\"index, follow, max-snippet:-1, max-image-preview:large, max-video-preview:-1\" \/>\n<link rel=\"canonical\" href=\"https:\/\/liked.hu\/old\/erdekes\/mindenki-hallotta-mar-ezeknek-az-embereknek-a-nevet-de-csak-kevesen-tudjak-hogy-kik-is-voltak-ok-valojaban\/\" \/>\n<link rel=\"next\" href=\"https:\/\/liked.hu\/old\/erdekes\/mindenki-hallotta-mar-ezeknek-az-embereknek-a-nevet-de-csak-kevesen-tudjak-hogy-kik-is-voltak-ok-valojaban\/2\/\" \/>\n<meta property=\"og:locale\" content=\"hu_HU\" \/>\n<meta property=\"og:type\" content=\"article\" \/>\n<meta property=\"og:title\" content=\"Mindenki hallotta m\u00e1r ezeknek az embereknek a nev\u00e9t, de csak kevesen tudj\u00e1k, hogy kik is voltak \u0151k val\u00f3j\u00e1ban\" \/>\n<meta property=\"og:description\" content=\"Ezek az emberek \u00f6r\u00f6kre be\u00edrt\u00e1k a nev\u00fcket a t\u00f6rt\u00e9nelembe.\" \/>\n<meta property=\"og:url\" content=\"https:\/\/liked.hu\/old\/erdekes\/mindenki-hallotta-mar-ezeknek-az-embereknek-a-nevet-de-csak-kevesen-tudjak-hogy-kik-is-voltak-ok-valojaban\/\" \/>\n<meta property=\"og:site_name\" content=\"Liked.hu\" \/>\n<meta property=\"article:publisher\" content=\"https:\/\/www.facebook.com\/liked.hu\" \/>\n<meta property=\"article:published_time\" content=\"2024-03-14T20:03:27+00:00\" \/>\n<meta property=\"article:modified_time\" content=\"2024-03-14T20:03:37+00:00\" \/>\n<meta property=\"og:image\" content=\"https:\/\/liked.hu\/old\/wp-content\/uploads\/2021\/09\/Hires-emberek.jpg\" \/>\n\t<meta property=\"og:image:width\" content=\"1200\" \/>\n\t<meta property=\"og:image:height\" content=\"630\" \/>\n\t<meta property=\"og:image:type\" content=\"image\/jpeg\" \/>\n<meta name=\"author\" content=\"Klingstrom\" \/>\n<meta name=\"twitter:card\" content=\"summary\" \/>\n<meta name=\"twitter:creator\" content=\"@LikedHu\" \/>\n<meta name=\"twitter:site\" content=\"@LikedHu\" \/>\n<meta name=\"twitter:label1\" content=\"Szerz\u0151:\" \/>\n\t<meta name=\"twitter:data1\" content=\"Klingstrom\" \/>\n\t<meta name=\"twitter:label2\" content=\"Becs\u00fclt olvas\u00e1si id\u0151\" \/>\n\t<meta name=\"twitter:data2\" content=\"4 perc\" \/>\n<script type=\"application\/ld+json\" class=\"yoast-schema-graph\">{\"@context\":\"https:\/\/schema.org\",\"@graph\":[{\"@type\":\"Article\",\"@id\":\"https:\/\/liked.hu\/old\/erdekes\/mindenki-hallotta-mar-ezeknek-az-embereknek-a-nevet-de-csak-kevesen-tudjak-hogy-kik-is-voltak-ok-valojaban\/#article\",\"isPartOf\":{\"@id\":\"https:\/\/liked.hu\/old\/erdekes\/mindenki-hallotta-mar-ezeknek-az-embereknek-a-nevet-de-csak-kevesen-tudjak-hogy-kik-is-voltak-ok-valojaban\/\"},\"author\":{\"name\":\"Klingstrom\",\"@id\":\"https:\/\/liked.hu\/old\/#\/schema\/person\/1c8d3f8764991e8dcd6572a7de72da8a\"},\"headline\":\"Mindenki hallotta m\u00e1r ezeknek az embereknek a nev\u00e9t, de csak kevesen tudj\u00e1k, hogy kik is voltak \u0151k val\u00f3j\u00e1ban\",\"datePublished\":\"2024-03-14T20:03:27+00:00\",\"dateModified\":\"2024-03-14T20:03:37+00:00\",\"mainEntityOfPage\":{\"@id\":\"https:\/\/liked.hu\/old\/erdekes\/mindenki-hallotta-mar-ezeknek-az-embereknek-a-nevet-de-csak-kevesen-tudjak-hogy-kik-is-voltak-ok-valojaban\/\"},\"wordCount\":831,\"commentCount\":0,\"publisher\":{\"@id\":\"https:\/\/liked.hu\/old\/#organization\"},\"keywords\":[\"c\u00e9gek\",\"h\u00edres emberek\",\"m\u00e1rka\",\"m\u00e1rkan\u00e9v\"],\"articleSection\":[\"\u00c9rdekess\u00e9gek\"],\"inLanguage\":\"hu\",\"potentialAction\":[{\"@type\":\"CommentAction\",\"name\":\"Comment\",\"target\":[\"https:\/\/liked.hu\/old\/erdekes\/mindenki-hallotta-mar-ezeknek-az-embereknek-a-nevet-de-csak-kevesen-tudjak-hogy-kik-is-voltak-ok-valojaban\/#respond\"]}]},{\"@type\":\"WebPage\",\"@id\":\"https:\/\/liked.hu\/old\/erdekes\/mindenki-hallotta-mar-ezeknek-az-embereknek-a-nevet-de-csak-kevesen-tudjak-hogy-kik-is-voltak-ok-valojaban\/\",\"url\":\"https:\/\/liked.hu\/old\/erdekes\/mindenki-hallotta-mar-ezeknek-az-embereknek-a-nevet-de-csak-kevesen-tudjak-hogy-kik-is-voltak-ok-valojaban\/\",\"name\":\"Mindenki hallotta m\u00e1r ezeknek az embereknek a nev\u00e9t, de csak kevesen tudj\u00e1k, hogy kik is voltak \u0151k val\u00f3j\u00e1ban\",\"isPartOf\":{\"@id\":\"https:\/\/liked.hu\/old\/#website\"},\"datePublished\":\"2024-03-14T20:03:27+00:00\",\"dateModified\":\"2024-03-14T20:03:37+00:00\",\"description\":\"Ezek az emberek \u00f6r\u00f6kre be\u00edrt\u00e1k a nev\u00fcket a t\u00f6rt\u00e9nelembe.\",\"breadcrumb\":{\"@id\":\"https:\/\/liked.hu\/old\/erdekes\/mindenki-hallotta-mar-ezeknek-az-embereknek-a-nevet-de-csak-kevesen-tudjak-hogy-kik-is-voltak-ok-valojaban\/#breadcrumb\"},\"inLanguage\":\"hu\",\"potentialAction\":[{\"@type\":\"ReadAction\",\"target\":[\"https:\/\/liked.hu\/old\/erdekes\/mindenki-hallotta-mar-ezeknek-az-embereknek-a-nevet-de-csak-kevesen-tudjak-hogy-kik-is-voltak-ok-valojaban\/\"]}]},{\"@type\":\"BreadcrumbList\",\"@id\":\"https:\/\/liked.hu\/old\/erdekes\/mindenki-hallotta-mar-ezeknek-az-embereknek-a-nevet-de-csak-kevesen-tudjak-hogy-kik-is-voltak-ok-valojaban\/#breadcrumb\",\"itemListElement\":[{\"@type\":\"ListItem\",\"position\":1,\"name\":\"Kezd\u0151lap\"}]},{\"@type\":\"WebSite\",\"@id\":\"https:\/\/liked.hu\/old\/#website\",\"url\":\"https:\/\/liked.hu\/old\/\",\"name\":\"Liked.hu\",\"description\":\"\",\"publisher\":{\"@id\":\"https:\/\/liked.hu\/old\/#organization\"},\"potentialAction\":[{\"@type\":\"SearchAction\",\"target\":{\"@type\":\"EntryPoint\",\"urlTemplate\":\"https:\/\/liked.hu\/old\/?s={search_term_string}\"},\"query-input\":\"required name=search_term_string\"}],\"inLanguage\":\"hu\"},{\"@type\":\"Organization\",\"@id\":\"https:\/\/liked.hu\/old\/#organization\",\"name\":\"Liked.hu\",\"url\":\"https:\/\/liked.hu\/old\/\",\"sameAs\":[\"https:\/\/hu.pinterest.com\/likedhungary\/\",\"https:\/\/www.youtube.com\/channel\/UCPv91dbMoIukYcM9b9nHN6Q\",\"https:\/\/www.facebook.com\/liked.hu\",\"https:\/\/twitter.com\/LikedHu\"],\"logo\":{\"@type\":\"ImageObject\",\"inLanguage\":\"hu\",\"@id\":\"https:\/\/liked.hu\/old\/#\/schema\/logo\/image\/\",\"url\":\"https:\/\/liked.hu\/wp-content\/uploads\/2018\/08\/Liked-icon.png\",\"contentUrl\":\"https:\/\/liked.hu\/wp-content\/uploads\/2018\/08\/Liked-icon.png\",\"width\":512,\"height\":512,\"caption\":\"Liked.hu\"},\"image\":{\"@id\":\"https:\/\/liked.hu\/old\/#\/schema\/logo\/image\/\"}},{\"@type\":\"Person\",\"@id\":\"https:\/\/liked.hu\/old\/#\/schema\/person\/1c8d3f8764991e8dcd6572a7de72da8a\",\"name\":\"Klingstrom\",\"image\":{\"@type\":\"ImageObject\",\"inLanguage\":\"hu\",\"@id\":\"https:\/\/liked.hu\/old\/#\/schema\/person\/image\/\",\"url\":\"https:\/\/liked.hu\/old\/wp-content\/uploads\/avatars\/13\/604de88bd578a-bpfull.jpg\",\"contentUrl\":\"https:\/\/liked.hu\/old\/wp-content\/uploads\/avatars\/13\/604de88bd578a-bpfull.jpg\",\"caption\":\"Klingstrom\"},\"url\":\"https:\/\/liked.hu\/old\/u\/klingstrom\/\"}]}<\/script>\n<!-- \/ Yoast SEO plugin. -->","yoast_head_json":{"title":"Mindenki hallotta m\u00e1r ezeknek az embereknek a nev\u00e9t, de csak kevesen tudj\u00e1k, hogy kik is voltak \u0151k val\u00f3j\u00e1ban","description":"Ezek az emberek \u00f6r\u00f6kre be\u00edrt\u00e1k a nev\u00fcket a t\u00f6rt\u00e9nelembe.","robots":{"index":"index","follow":"follow","max-snippet":"max-snippet:-1","max-image-preview":"max-image-preview:large","max-video-preview":"max-video-preview:-1"},"canonical":"https:\/\/liked.hu\/old\/erdekes\/mindenki-hallotta-mar-ezeknek-az-embereknek-a-nevet-de-csak-kevesen-tudjak-hogy-kik-is-voltak-ok-valojaban\/","next":"https:\/\/liked.hu\/old\/erdekes\/mindenki-hallotta-mar-ezeknek-az-embereknek-a-nevet-de-csak-kevesen-tudjak-hogy-kik-is-voltak-ok-valojaban\/2\/","og_locale":"hu_HU","og_type":"article","og_title":"Mindenki hallotta m\u00e1r ezeknek az embereknek a nev\u00e9t, de csak kevesen tudj\u00e1k, hogy kik is voltak \u0151k val\u00f3j\u00e1ban","og_description":"Ezek az emberek \u00f6r\u00f6kre be\u00edrt\u00e1k a nev\u00fcket a t\u00f6rt\u00e9nelembe.","og_url":"https:\/\/liked.hu\/old\/erdekes\/mindenki-hallotta-mar-ezeknek-az-embereknek-a-nevet-de-csak-kevesen-tudjak-hogy-kik-is-voltak-ok-valojaban\/","og_site_name":"Liked.hu","article_publisher":"https:\/\/www.facebook.com\/liked.hu","article_published_time":"2024-03-14T20:03:27+00:00","article_modified_time":"2024-03-14T20:03:37+00:00","og_image":[{"width":1200,"height":630,"url":"https:\/\/liked.hu\/old\/wp-content\/uploads\/2021\/09\/Hires-emberek.jpg","type":"image\/jpeg"}],"author":"Klingstrom","twitter_card":"summary","twitter_creator":"@LikedHu","twitter_site":"@LikedHu","twitter_misc":{"Szerz\u0151:":"Klingstrom","Becs\u00fclt olvas\u00e1si id\u0151":"4 perc"},"schema":{"@context":"https:\/\/schema.org","@graph":[{"@type":"Article","@id":"https:\/\/liked.hu\/old\/erdekes\/mindenki-hallotta-mar-ezeknek-az-embereknek-a-nevet-de-csak-kevesen-tudjak-hogy-kik-is-voltak-ok-valojaban\/#article","isPartOf":{"@id":"https:\/\/liked.hu\/old\/erdekes\/mindenki-hallotta-mar-ezeknek-az-embereknek-a-nevet-de-csak-kevesen-tudjak-hogy-kik-is-voltak-ok-valojaban\/"},"author":{"name":"Klingstrom","@id":"https:\/\/liked.hu\/old\/#\/schema\/person\/1c8d3f8764991e8dcd6572a7de72da8a"},"headline":"Mindenki hallotta m\u00e1r ezeknek az embereknek a nev\u00e9t, de csak kevesen tudj\u00e1k, hogy kik is voltak \u0151k val\u00f3j\u00e1ban","datePublished":"2024-03-14T20:03:27+00:00","dateModified":"2024-03-14T20:03:37+00:00","mainEntityOfPage":{"@id":"https:\/\/liked.hu\/old\/erdekes\/mindenki-hallotta-mar-ezeknek-az-embereknek-a-nevet-de-csak-kevesen-tudjak-hogy-kik-is-voltak-ok-valojaban\/"},"wordCount":831,"commentCount":0,"publisher":{"@id":"https:\/\/liked.hu\/old\/#organization"},"keywords":["c\u00e9gek","h\u00edres emberek","m\u00e1rka","m\u00e1rkan\u00e9v"],"articleSection":["\u00c9rdekess\u00e9gek"],"inLanguage":"hu","potentialAction":[{"@type":"CommentAction","name":"Comment","target":["https:\/\/liked.hu\/old\/erdekes\/mindenki-hallotta-mar-ezeknek-az-embereknek-a-nevet-de-csak-kevesen-tudjak-hogy-kik-is-voltak-ok-valojaban\/#respond"]}]},{"@type":"WebPage","@id":"https:\/\/liked.hu\/old\/erdekes\/mindenki-hallotta-mar-ezeknek-az-embereknek-a-nevet-de-csak-kevesen-tudjak-hogy-kik-is-voltak-ok-valojaban\/","url":"https:\/\/liked.hu\/old\/erdekes\/mindenki-hallotta-mar-ezeknek-az-embereknek-a-nevet-de-csak-kevesen-tudjak-hogy-kik-is-voltak-ok-valojaban\/","name":"Mindenki hallotta m\u00e1r ezeknek az embereknek a nev\u00e9t, de csak kevesen tudj\u00e1k, hogy kik is voltak \u0151k val\u00f3j\u00e1ban","isPartOf":{"@id":"https:\/\/liked.hu\/old\/#website"},"datePublished":"2024-03-14T20:03:27+00:00","dateModified":"2024-03-14T20:03:37+00:00","description":"Ezek az emberek \u00f6r\u00f6kre be\u00edrt\u00e1k a nev\u00fcket a t\u00f6rt\u00e9nelembe.","breadcrumb":{"@id":"https:\/\/liked.hu\/old\/erdekes\/mindenki-hallotta-mar-ezeknek-az-embereknek-a-nevet-de-csak-kevesen-tudjak-hogy-kik-is-voltak-ok-valojaban\/#breadcrumb"},"inLanguage":"hu","potentialAction":[{"@type":"ReadAction","target":["https:\/\/liked.hu\/old\/erdekes\/mindenki-hallotta-mar-ezeknek-az-embereknek-a-nevet-de-csak-kevesen-tudjak-hogy-kik-is-voltak-ok-valojaban\/"]}]},{"@type":"BreadcrumbList","@id":"https:\/\/liked.hu\/old\/erdekes\/mindenki-hallotta-mar-ezeknek-az-embereknek-a-nevet-de-csak-kevesen-tudjak-hogy-kik-is-voltak-ok-valojaban\/#breadcrumb","itemListElement":[{"@type":"ListItem","position":1,"name":"Kezd\u0151lap"}]},{"@type":"WebSite","@id":"https:\/\/liked.hu\/old\/#website","url":"https:\/\/liked.hu\/old\/","name":"Liked.hu","description":"","publisher":{"@id":"https:\/\/liked.hu\/old\/#organization"},"potentialAction":[{"@type":"SearchAction","target":{"@type":"EntryPoint","urlTemplate":"https:\/\/liked.hu\/old\/?s={search_term_string}"},"query-input":"required name=search_term_string"}],"inLanguage":"hu"},{"@type":"Organization","@id":"https:\/\/liked.hu\/old\/#organization","name":"Liked.hu","url":"https:\/\/liked.hu\/old\/","sameAs":["https:\/\/hu.pinterest.com\/likedhungary\/","https:\/\/www.youtube.com\/channel\/UCPv91dbMoIukYcM9b9nHN6Q","https:\/\/www.facebook.com\/liked.hu","https:\/\/twitter.com\/LikedHu"],"logo":{"@type":"ImageObject","inLanguage":"hu","@id":"https:\/\/liked.hu\/old\/#\/schema\/logo\/image\/","url":"https:\/\/liked.hu\/wp-content\/uploads\/2018\/08\/Liked-icon.png","contentUrl":"https:\/\/liked.hu\/wp-content\/uploads\/2018\/08\/Liked-icon.png","width":512,"height":512,"caption":"Liked.hu"},"image":{"@id":"https:\/\/liked.hu\/old\/#\/schema\/logo\/image\/"}},{"@type":"Person","@id":"https:\/\/liked.hu\/old\/#\/schema\/person\/1c8d3f8764991e8dcd6572a7de72da8a","name":"Klingstrom","image":{"@type":"ImageObject","inLanguage":"hu","@id":"https:\/\/liked.hu\/old\/#\/schema\/person\/image\/","url":"https:\/\/liked.hu\/old\/wp-content\/uploads\/avatars\/13\/604de88bd578a-bpfull.jpg","contentUrl":"https:\/\/liked.hu\/old\/wp-content\/uploads\/avatars\/13\/604de88bd578a-bpfull.jpg","caption":"Klingstrom"},"url":"https:\/\/liked.hu\/old\/u\/klingstrom\/"}]}},"publishpress_future_action":{"enabled":false,"date":"1970-01-01 01:00:00","action":"","terms":[],"taxonomy":"","browser_timezone_offset":0},"_links":{"self":[{"href":"https:\/\/liked.hu\/old\/wp-json\/wp\/v2\/posts\/253292"}],"collection":[{"href":"https:\/\/liked.hu\/old\/wp-json\/wp\/v2\/posts"}],"about":[{"href":"https:\/\/liked.hu\/old\/wp-json\/wp\/v2\/types\/post"}],"author":[{"embeddable":true,"href":"https:\/\/liked.hu\/old\/wp-json\/wp\/v2\/users\/13"}],"replies":[{"embeddable":true,"href":"https:\/\/liked.hu\/old\/wp-json\/wp\/v2\/comments?post=253292"}],"version-history":[{"count":0,"href":"https:\/\/liked.hu\/old\/wp-json\/wp\/v2\/posts\/253292\/revisions"}],"wp:featuredmedia":[{"embeddable":true,"href":"https:\/\/liked.hu\/old\/wp-json\/wp\/v2\/media\/326871"}],"wp:attachment":[{"href":"https:\/\/liked.hu\/old\/wp-json\/wp\/v2\/media?parent=253292"}],"wp:term":[{"taxonomy":"category","embeddable":true,"href":"https:\/\/liked.hu\/old\/wp-json\/wp\/v2\/categories?post=253292"},{"taxonomy":"post_tag","embeddable":true,"href":"https:\/\/liked.hu\/old\/wp-json\/wp\/v2\/tags?post=253292"}],"curies":[{"name":"wp","href":"https:\/\/api.w.org\/{rel}","templated":true}]}}