{"id":252939,"date":"2021-08-31T15:52:03","date_gmt":"2021-08-31T13:52:03","guid":{"rendered":"https:\/\/liked.hu\/old\/?p=252939"},"modified":"2021-08-31T15:52:03","modified_gmt":"2021-08-31T13:52:03","slug":"a-tuntetok-esos-napon-blokkoltak-a-gyorsforgalmi-utat-azonnal-megbantak","status":"publish","type":"post","link":"https:\/\/liked.hu\/old\/video\/a-tuntetok-esos-napon-blokkoltak-a-gyorsforgalmi-utat-azonnal-megbantak\/","title":{"rendered":"A t\u00fcntet\u0151k es\u0151s napon blokkolt\u00e1k a gyorsforgalmi utat, azonnal megb\u00e1nt\u00e1k"},"content":{"rendered":"<p>Mindannyian szoktunk olyan d\u00f6nt\u00e9seket hozni, amiket k\u00e9s\u0151bb azt\u00e1n megb\u00e1nunk. Elfelejtj\u00fck elz\u00e1rni a slagot, t\u00fals\u00f3zzuk a vas\u00e1rnapi h\u00faslevest, vagy es\u0151s napon pr\u00f3b\u00e1lunk meg spont\u00e1n t\u00fcntet\u00e9st szervezni egy forgalmas gyorsforgalmi \u00fat k\u00f6zep\u00e9n.<\/p>\n<p style=\"text-align: center;\">\n<div style=\"float:none;margin:0px 0 0px 0;text-align:center;\">\n<div class=\"mobileShowkakettes\"><div class=\"mobileShowka2\"><div style=\"padding-top:0px;padding-bottom:15px;min-height: 300px;\"><div class=\"hirdetes\">HIRDET\u00c9S<\/div>\n<!-- 300lista -->\n<ins class=\"adsbygoogle\"\n     style=\"display:inline-block;width:300px;height:250px\"\n     data-ad-client=\"ca-pub-9424088931673893\"\n     data-ad-slot=\"8471340766\"><\/ins>\n<script async>\n     (adsbygoogle = window.adsbygoogle || []).push({});\n<\/script><\/div><\/div><\/div><\/div>\n<p>Most k\u00f6vetkez\u0151 vide\u00f3nk h\u0151sei az ut\u00f3bbi rossz d\u00f6nt\u00e9st v\u00e1lasztott\u00e1k, \u00e9s b\u00e1r sejteni lehetett, hogy az ilyesminek nem lesz j\u00f3 v\u00e9ge, \u0151k m\u00e9gis b\u00e1tran \u00e1lltak ki az \u00fatra a forgalom el\u00e9.<\/p>\n<div id=\"zombify-main-section-front\" class=\"zombify-main-section-front zombify-screen zf-media-full\">\r\n<link rel=\"stylesheet\" type=\"text\/css\" href=\"https:\/\/liked.hu\/old\/js\/zombify.css\">\r\n    <link rel=\"stylesheet\" type=\"text\/css\" href=\"https:\/\/liked.hu\/old\/wp-content\/themes\/newsy-child\/style.css\">\r\n\r\n    <div class=\"zf-container\">\r\n\r\n        <div id=\"zf-video\" class=\"zf-video\">\r\n            <figure class=\"zf-video_media zf-media-wrapper zf-type-embed\">\r\n                <div class=\"zf-media\">\r\n                                    <div class=\"zf-embedded-url\"><div class=\"zf-embed-cont\"><iframe title=\"Protestors Block High-Speed Traffic on Rainy Day, Regret It Instantly\" width=\"500\" height=\"281\" src=\"https:\/\/www.youtube.com\/embed\/lz1zA-9uS_g?feature=oembed\" frameborder=\"0\" allow=\"accelerometer; autoplay; clipboard-write; encrypted-media; gyroscope; picture-in-picture; web-share\" referrerpolicy=\"strict-origin-when-cross-origin\" allowfullscreen><\/iframe><\/div><\/div>\r\n                    \r\n                                    <figcaption class=\"zf-figcaption\">\r\n                        <cite><\/cite>\r\n                    <\/figcaption>\r\n                                <\/div>\r\n            <\/figure>\r\n\r\n\t\t    <div class=\"zf-video_description\"><\/div>\r\n        <\/div>\r\n    <\/div>\r\n\r\n    <\/div>\n","protected":false},"excerpt":{"rendered":"<p>Mindannyian szoktunk olyan d\u00f6nt\u00e9seket hozni, amiket k\u00e9s\u0151bb azt\u00e1n megb\u00e1nunk. Elfelejtj\u00fck elz\u00e1rni a slagot, t\u00fals\u00f3zzuk a vas\u00e1rnapi h\u00faslevest, vagy es\u0151s napon pr\u00f3b\u00e1lunk meg spont\u00e1n t\u00fcntet\u00e9st szervezni egy forgalmas gyorsforgalmi \u00fat k\u00f6zep\u00e9n. Most k\u00f6vetkez\u0151 vide\u00f3nk h\u0151sei az ut\u00f3bbi rossz d\u00f6nt\u00e9st v\u00e1lasztott\u00e1k, \u00e9s b\u00e1r sejteni lehetett, hogy az ilyesminek nem lesz j\u00f3 v\u00e9ge, \u0151k m\u00e9gis b\u00e1tran \u00e1lltak ki [&hellip;]<\/p>\n","protected":false},"author":593,"featured_media":252937,"comment_status":"open","ping_status":"closed","sticky":false,"template":"","format":"standard","meta":{"buzzeditor_post_format":""},"categories":[43],"tags":[8728,8718],"yoast_head":"<!-- This site is optimized with the Yoast SEO plugin v19.6.1 - https:\/\/yoast.com\/wordpress\/plugins\/seo\/ -->\n<title>A t\u00fcntet\u0151k es\u0151s napon blokkolt\u00e1k a gyorsforgalmi utat, azonnal megb\u00e1nt\u00e1k<\/title>\n<meta name=\"description\" content=\"Mindannyian szoktunk olyan d\u00f6nt\u00e9seket hozni, amiket k\u00e9s\u0151bb azt\u00e1n megb\u00e1nunk. Elfelejtj\u00fck elz\u00e1rni a slagot, t\u00fals\u00f3zzuk a vas\u00e1rnapi h\u00faslevest, vagy es\u0151s napon\" \/>\n<meta name=\"robots\" content=\"index, follow, max-snippet:-1, max-image-preview:large, max-video-preview:-1\" \/>\n<link rel=\"canonical\" href=\"https:\/\/liked.hu\/old\/video\/a-tuntetok-esos-napon-blokkoltak-a-gyorsforgalmi-utat-azonnal-megbantak\/\" \/>\n<meta property=\"og:locale\" content=\"hu_HU\" \/>\n<meta property=\"og:type\" content=\"article\" \/>\n<meta property=\"og:title\" content=\"A t\u00fcntet\u0151k es\u0151s napon blokkolt\u00e1k a gyorsforgalmi utat, azonnal megb\u00e1nt\u00e1k\" \/>\n<meta property=\"og:description\" content=\"Mindannyian szoktunk olyan d\u00f6nt\u00e9seket hozni, amiket k\u00e9s\u0151bb azt\u00e1n megb\u00e1nunk. Elfelejtj\u00fck elz\u00e1rni a slagot, t\u00fals\u00f3zzuk a vas\u00e1rnapi h\u00faslevest, vagy es\u0151s napon\" \/>\n<meta property=\"og:url\" content=\"https:\/\/liked.hu\/old\/video\/a-tuntetok-esos-napon-blokkoltak-a-gyorsforgalmi-utat-azonnal-megbantak\/\" \/>\n<meta property=\"og:site_name\" content=\"Liked.hu\" \/>\n<meta property=\"article:publisher\" content=\"https:\/\/www.facebook.com\/liked.hu\" \/>\n<meta property=\"article:published_time\" content=\"2021-08-31T13:52:03+00:00\" \/>\n<meta property=\"og:image\" content=\"https:\/\/liked.hu\/old\/wp-content\/uploads\/2021\/08\/Tuntetok-miatt-baleset.jpg\" \/>\n\t<meta property=\"og:image:width\" content=\"1200\" \/>\n\t<meta property=\"og:image:height\" content=\"630\" \/>\n\t<meta property=\"og:image:type\" content=\"image\/jpeg\" \/>\n<meta name=\"author\" content=\"timborcsa\" \/>\n<meta name=\"twitter:card\" content=\"summary\" \/>\n<meta name=\"twitter:creator\" content=\"@LikedHu\" \/>\n<meta name=\"twitter:site\" content=\"@LikedHu\" \/>\n<meta name=\"twitter:label1\" content=\"Szerz\u0151:\" \/>\n\t<meta name=\"twitter:data1\" content=\"timborcsa\" \/>\n<script type=\"application\/ld+json\" class=\"yoast-schema-graph\">{\"@context\":\"https:\/\/schema.org\",\"@graph\":[{\"@type\":\"Article\",\"@id\":\"https:\/\/liked.hu\/old\/video\/a-tuntetok-esos-napon-blokkoltak-a-gyorsforgalmi-utat-azonnal-megbantak\/#article\",\"isPartOf\":{\"@id\":\"https:\/\/liked.hu\/old\/video\/a-tuntetok-esos-napon-blokkoltak-a-gyorsforgalmi-utat-azonnal-megbantak\/\"},\"author\":{\"name\":\"timborcsa\",\"@id\":\"https:\/\/liked.hu\/old\/#\/schema\/person\/cb264216a886031cc3fda23f0dcf78c4\"},\"headline\":\"A t\u00fcntet\u0151k es\u0151s napon blokkolt\u00e1k a gyorsforgalmi utat, azonnal megb\u00e1nt\u00e1k\",\"datePublished\":\"2021-08-31T13:52:03+00:00\",\"dateModified\":\"2021-08-31T13:52:03+00:00\",\"mainEntityOfPage\":{\"@id\":\"https:\/\/liked.hu\/old\/video\/a-tuntetok-esos-napon-blokkoltak-a-gyorsforgalmi-utat-azonnal-megbantak\/\"},\"wordCount\":112,\"commentCount\":0,\"publisher\":{\"@id\":\"https:\/\/liked.hu\/old\/#organization\"},\"keywords\":[\"vide\u00f3 fail\",\"Vide\u00f3 haha\"],\"articleSection\":[\"Vide\u00f3k\"],\"inLanguage\":\"hu\",\"potentialAction\":[{\"@type\":\"CommentAction\",\"name\":\"Comment\",\"target\":[\"https:\/\/liked.hu\/old\/video\/a-tuntetok-esos-napon-blokkoltak-a-gyorsforgalmi-utat-azonnal-megbantak\/#respond\"]}]},{\"@type\":\"WebPage\",\"@id\":\"https:\/\/liked.hu\/old\/video\/a-tuntetok-esos-napon-blokkoltak-a-gyorsforgalmi-utat-azonnal-megbantak\/\",\"url\":\"https:\/\/liked.hu\/old\/video\/a-tuntetok-esos-napon-blokkoltak-a-gyorsforgalmi-utat-azonnal-megbantak\/\",\"name\":\"A t\u00fcntet\u0151k es\u0151s napon blokkolt\u00e1k a gyorsforgalmi utat, azonnal megb\u00e1nt\u00e1k\",\"isPartOf\":{\"@id\":\"https:\/\/liked.hu\/old\/#website\"},\"datePublished\":\"2021-08-31T13:52:03+00:00\",\"dateModified\":\"2021-08-31T13:52:03+00:00\",\"description\":\"Mindannyian szoktunk olyan d\u00f6nt\u00e9seket hozni, amiket k\u00e9s\u0151bb azt\u00e1n megb\u00e1nunk. Elfelejtj\u00fck elz\u00e1rni a slagot, t\u00fals\u00f3zzuk a vas\u00e1rnapi h\u00faslevest, vagy es\u0151s napon\",\"breadcrumb\":{\"@id\":\"https:\/\/liked.hu\/old\/video\/a-tuntetok-esos-napon-blokkoltak-a-gyorsforgalmi-utat-azonnal-megbantak\/#breadcrumb\"},\"inLanguage\":\"hu\",\"potentialAction\":[{\"@type\":\"ReadAction\",\"target\":[\"https:\/\/liked.hu\/old\/video\/a-tuntetok-esos-napon-blokkoltak-a-gyorsforgalmi-utat-azonnal-megbantak\/\"]}]},{\"@type\":\"BreadcrumbList\",\"@id\":\"https:\/\/liked.hu\/old\/video\/a-tuntetok-esos-napon-blokkoltak-a-gyorsforgalmi-utat-azonnal-megbantak\/#breadcrumb\",\"itemListElement\":[{\"@type\":\"ListItem\",\"position\":1,\"name\":\"Kezd\u0151lap\",\"item\":\"https:\/\/liked.hu\/old\/\"},{\"@type\":\"ListItem\",\"position\":2,\"name\":\"A t\u00fcntet\u0151k es\u0151s napon blokkolt\u00e1k a gyorsforgalmi utat, azonnal megb\u00e1nt\u00e1k\"}]},{\"@type\":\"WebSite\",\"@id\":\"https:\/\/liked.hu\/old\/#website\",\"url\":\"https:\/\/liked.hu\/old\/\",\"name\":\"Liked.hu\",\"description\":\"\",\"publisher\":{\"@id\":\"https:\/\/liked.hu\/old\/#organization\"},\"potentialAction\":[{\"@type\":\"SearchAction\",\"target\":{\"@type\":\"EntryPoint\",\"urlTemplate\":\"https:\/\/liked.hu\/old\/?s={search_term_string}\"},\"query-input\":\"required name=search_term_string\"}],\"inLanguage\":\"hu\"},{\"@type\":\"Organization\",\"@id\":\"https:\/\/liked.hu\/old\/#organization\",\"name\":\"Liked.hu\",\"url\":\"https:\/\/liked.hu\/old\/\",\"sameAs\":[\"https:\/\/hu.pinterest.com\/likedhungary\/\",\"https:\/\/www.youtube.com\/channel\/UCPv91dbMoIukYcM9b9nHN6Q\",\"https:\/\/www.facebook.com\/liked.hu\",\"https:\/\/twitter.com\/LikedHu\"],\"logo\":{\"@type\":\"ImageObject\",\"inLanguage\":\"hu\",\"@id\":\"https:\/\/liked.hu\/old\/#\/schema\/logo\/image\/\",\"url\":\"https:\/\/liked.hu\/wp-content\/uploads\/2018\/08\/Liked-icon.png\",\"contentUrl\":\"https:\/\/liked.hu\/wp-content\/uploads\/2018\/08\/Liked-icon.png\",\"width\":512,\"height\":512,\"caption\":\"Liked.hu\"},\"image\":{\"@id\":\"https:\/\/liked.hu\/old\/#\/schema\/logo\/image\/\"}},{\"@type\":\"Person\",\"@id\":\"https:\/\/liked.hu\/old\/#\/schema\/person\/cb264216a886031cc3fda23f0dcf78c4\",\"name\":\"timborcsa\",\"image\":{\"@type\":\"ImageObject\",\"inLanguage\":\"hu\",\"@id\":\"https:\/\/liked.hu\/old\/#\/schema\/person\/image\/\",\"url\":\"https:\/\/liked.hu\/old\/wp-content\/uploads\/avatars\/593\/604de87ccf8ae-bpfull.jpg\",\"contentUrl\":\"https:\/\/liked.hu\/old\/wp-content\/uploads\/avatars\/593\/604de87ccf8ae-bpfull.jpg\",\"caption\":\"timborcsa\"},\"url\":\"https:\/\/liked.hu\/old\/u\/timborcsa\/\"}]}<\/script>\n<!-- \/ Yoast SEO plugin. -->","yoast_head_json":{"title":"A t\u00fcntet\u0151k es\u0151s napon blokkolt\u00e1k a gyorsforgalmi utat, azonnal megb\u00e1nt\u00e1k","description":"Mindannyian szoktunk olyan d\u00f6nt\u00e9seket hozni, amiket k\u00e9s\u0151bb azt\u00e1n megb\u00e1nunk. Elfelejtj\u00fck elz\u00e1rni a slagot, t\u00fals\u00f3zzuk a vas\u00e1rnapi h\u00faslevest, vagy es\u0151s napon","robots":{"index":"index","follow":"follow","max-snippet":"max-snippet:-1","max-image-preview":"max-image-preview:large","max-video-preview":"max-video-preview:-1"},"canonical":"https:\/\/liked.hu\/old\/video\/a-tuntetok-esos-napon-blokkoltak-a-gyorsforgalmi-utat-azonnal-megbantak\/","og_locale":"hu_HU","og_type":"article","og_title":"A t\u00fcntet\u0151k es\u0151s napon blokkolt\u00e1k a gyorsforgalmi utat, azonnal megb\u00e1nt\u00e1k","og_description":"Mindannyian szoktunk olyan d\u00f6nt\u00e9seket hozni, amiket k\u00e9s\u0151bb azt\u00e1n megb\u00e1nunk. Elfelejtj\u00fck elz\u00e1rni a slagot, t\u00fals\u00f3zzuk a vas\u00e1rnapi h\u00faslevest, vagy es\u0151s napon","og_url":"https:\/\/liked.hu\/old\/video\/a-tuntetok-esos-napon-blokkoltak-a-gyorsforgalmi-utat-azonnal-megbantak\/","og_site_name":"Liked.hu","article_publisher":"https:\/\/www.facebook.com\/liked.hu","article_published_time":"2021-08-31T13:52:03+00:00","og_image":[{"width":1200,"height":630,"url":"https:\/\/liked.hu\/old\/wp-content\/uploads\/2021\/08\/Tuntetok-miatt-baleset.jpg","type":"image\/jpeg"}],"author":"timborcsa","twitter_card":"summary","twitter_creator":"@LikedHu","twitter_site":"@LikedHu","twitter_misc":{"Szerz\u0151:":"timborcsa"},"schema":{"@context":"https:\/\/schema.org","@graph":[{"@type":"Article","@id":"https:\/\/liked.hu\/old\/video\/a-tuntetok-esos-napon-blokkoltak-a-gyorsforgalmi-utat-azonnal-megbantak\/#article","isPartOf":{"@id":"https:\/\/liked.hu\/old\/video\/a-tuntetok-esos-napon-blokkoltak-a-gyorsforgalmi-utat-azonnal-megbantak\/"},"author":{"name":"timborcsa","@id":"https:\/\/liked.hu\/old\/#\/schema\/person\/cb264216a886031cc3fda23f0dcf78c4"},"headline":"A t\u00fcntet\u0151k es\u0151s napon blokkolt\u00e1k a gyorsforgalmi utat, azonnal megb\u00e1nt\u00e1k","datePublished":"2021-08-31T13:52:03+00:00","dateModified":"2021-08-31T13:52:03+00:00","mainEntityOfPage":{"@id":"https:\/\/liked.hu\/old\/video\/a-tuntetok-esos-napon-blokkoltak-a-gyorsforgalmi-utat-azonnal-megbantak\/"},"wordCount":112,"commentCount":0,"publisher":{"@id":"https:\/\/liked.hu\/old\/#organization"},"keywords":["vide\u00f3 fail","Vide\u00f3 haha"],"articleSection":["Vide\u00f3k"],"inLanguage":"hu","potentialAction":[{"@type":"CommentAction","name":"Comment","target":["https:\/\/liked.hu\/old\/video\/a-tuntetok-esos-napon-blokkoltak-a-gyorsforgalmi-utat-azonnal-megbantak\/#respond"]}]},{"@type":"WebPage","@id":"https:\/\/liked.hu\/old\/video\/a-tuntetok-esos-napon-blokkoltak-a-gyorsforgalmi-utat-azonnal-megbantak\/","url":"https:\/\/liked.hu\/old\/video\/a-tuntetok-esos-napon-blokkoltak-a-gyorsforgalmi-utat-azonnal-megbantak\/","name":"A t\u00fcntet\u0151k es\u0151s napon blokkolt\u00e1k a gyorsforgalmi utat, azonnal megb\u00e1nt\u00e1k","isPartOf":{"@id":"https:\/\/liked.hu\/old\/#website"},"datePublished":"2021-08-31T13:52:03+00:00","dateModified":"2021-08-31T13:52:03+00:00","description":"Mindannyian szoktunk olyan d\u00f6nt\u00e9seket hozni, amiket k\u00e9s\u0151bb azt\u00e1n megb\u00e1nunk. Elfelejtj\u00fck elz\u00e1rni a slagot, t\u00fals\u00f3zzuk a vas\u00e1rnapi h\u00faslevest, vagy es\u0151s napon","breadcrumb":{"@id":"https:\/\/liked.hu\/old\/video\/a-tuntetok-esos-napon-blokkoltak-a-gyorsforgalmi-utat-azonnal-megbantak\/#breadcrumb"},"inLanguage":"hu","potentialAction":[{"@type":"ReadAction","target":["https:\/\/liked.hu\/old\/video\/a-tuntetok-esos-napon-blokkoltak-a-gyorsforgalmi-utat-azonnal-megbantak\/"]}]},{"@type":"BreadcrumbList","@id":"https:\/\/liked.hu\/old\/video\/a-tuntetok-esos-napon-blokkoltak-a-gyorsforgalmi-utat-azonnal-megbantak\/#breadcrumb","itemListElement":[{"@type":"ListItem","position":1,"name":"Kezd\u0151lap","item":"https:\/\/liked.hu\/old\/"},{"@type":"ListItem","position":2,"name":"A t\u00fcntet\u0151k es\u0151s napon blokkolt\u00e1k a gyorsforgalmi utat, azonnal megb\u00e1nt\u00e1k"}]},{"@type":"WebSite","@id":"https:\/\/liked.hu\/old\/#website","url":"https:\/\/liked.hu\/old\/","name":"Liked.hu","description":"","publisher":{"@id":"https:\/\/liked.hu\/old\/#organization"},"potentialAction":[{"@type":"SearchAction","target":{"@type":"EntryPoint","urlTemplate":"https:\/\/liked.hu\/old\/?s={search_term_string}"},"query-input":"required name=search_term_string"}],"inLanguage":"hu"},{"@type":"Organization","@id":"https:\/\/liked.hu\/old\/#organization","name":"Liked.hu","url":"https:\/\/liked.hu\/old\/","sameAs":["https:\/\/hu.pinterest.com\/likedhungary\/","https:\/\/www.youtube.com\/channel\/UCPv91dbMoIukYcM9b9nHN6Q","https:\/\/www.facebook.com\/liked.hu","https:\/\/twitter.com\/LikedHu"],"logo":{"@type":"ImageObject","inLanguage":"hu","@id":"https:\/\/liked.hu\/old\/#\/schema\/logo\/image\/","url":"https:\/\/liked.hu\/wp-content\/uploads\/2018\/08\/Liked-icon.png","contentUrl":"https:\/\/liked.hu\/wp-content\/uploads\/2018\/08\/Liked-icon.png","width":512,"height":512,"caption":"Liked.hu"},"image":{"@id":"https:\/\/liked.hu\/old\/#\/schema\/logo\/image\/"}},{"@type":"Person","@id":"https:\/\/liked.hu\/old\/#\/schema\/person\/cb264216a886031cc3fda23f0dcf78c4","name":"timborcsa","image":{"@type":"ImageObject","inLanguage":"hu","@id":"https:\/\/liked.hu\/old\/#\/schema\/person\/image\/","url":"https:\/\/liked.hu\/old\/wp-content\/uploads\/avatars\/593\/604de87ccf8ae-bpfull.jpg","contentUrl":"https:\/\/liked.hu\/old\/wp-content\/uploads\/avatars\/593\/604de87ccf8ae-bpfull.jpg","caption":"timborcsa"},"url":"https:\/\/liked.hu\/old\/u\/timborcsa\/"}]}},"publishpress_future_action":{"enabled":false,"date":"1970-01-01 01:00:00","action":"","terms":[],"taxonomy":"","browser_timezone_offset":0},"_links":{"self":[{"href":"https:\/\/liked.hu\/old\/wp-json\/wp\/v2\/posts\/252939"}],"collection":[{"href":"https:\/\/liked.hu\/old\/wp-json\/wp\/v2\/posts"}],"about":[{"href":"https:\/\/liked.hu\/old\/wp-json\/wp\/v2\/types\/post"}],"author":[{"embeddable":true,"href":"https:\/\/liked.hu\/old\/wp-json\/wp\/v2\/users\/593"}],"replies":[{"embeddable":true,"href":"https:\/\/liked.hu\/old\/wp-json\/wp\/v2\/comments?post=252939"}],"version-history":[{"count":0,"href":"https:\/\/liked.hu\/old\/wp-json\/wp\/v2\/posts\/252939\/revisions"}],"wp:featuredmedia":[{"embeddable":true,"href":"https:\/\/liked.hu\/old\/wp-json\/wp\/v2\/media\/252937"}],"wp:attachment":[{"href":"https:\/\/liked.hu\/old\/wp-json\/wp\/v2\/media?parent=252939"}],"wp:term":[{"taxonomy":"category","embeddable":true,"href":"https:\/\/liked.hu\/old\/wp-json\/wp\/v2\/categories?post=252939"},{"taxonomy":"post_tag","embeddable":true,"href":"https:\/\/liked.hu\/old\/wp-json\/wp\/v2\/tags?post=252939"}],"curies":[{"name":"wp","href":"https:\/\/api.w.org\/{rel}","templated":true}]}}