{"id":251848,"date":"2021-08-27T11:28:37","date_gmt":"2021-08-27T09:28:37","guid":{"rendered":"https:\/\/liked.hu\/old\/?p=251848"},"modified":"2021-08-27T11:28:37","modified_gmt":"2021-08-27T09:28:37","slug":"megmagyarazhatatlan-targyak-rejtely","status":"publish","type":"post","link":"https:\/\/liked.hu\/old\/erdekes\/megmagyarazhatatlan-targyak-rejtely\/","title":{"rendered":"Ezekt\u0151l a titokzatos t\u00e1rgyakt\u00f3l m\u00e9g a legokosabb tud\u00f3sok is csak a fej\u00fcket vakargatj\u00e1k"},"content":{"rendered":"<p>Nagyon sok olyan t\u00e1rgy \u00e9s hely van a F\u00f6ld\u00f6n, ami m\u00e1r a puszta l\u00e9tez\u00e9s\u00e9vel is \u00e1mulatba ejti a tud\u00f3sokat \u00e9s turist\u00e1kat egyar\u00e1nt. A t\u00e1voli \u0151seink gyakran ravasz fejt\u00f6r\u0151kkel teszik pr\u00f3b\u00e1ra a modern r\u00e9g\u00e9szetet, \u00e9s vannak olyan rejt\u00e9lyek, melyeket maga az anyaterm\u00e9szet k\u00e9sz\u00edtett az emberis\u00e9gnek. B\u00e1rmennyire is igyeksz\u00fcnk azonban, vannak olyan dolgok, melyekre hossz\u00fa \u00e9vek m\u00falt\u00e1n sem siker\u00fclt helyt\u00e1ll\u00f3 magyar\u00e1zatot tal\u00e1lnunk.<\/p>\n<p style=\"text-align: center;\">\n<div style=\"float:none;margin:0px 0 0px 0;text-align:center;\">\n<div class=\"mobileShowkakettes\"><div class=\"mobileShowka2\"><div style=\"padding-top:0px;padding-bottom:15px;min-height: 300px;\"><div class=\"hirdetes\">HIRDET\u00c9S<\/div>\n<!-- 300lista -->\n<ins class=\"adsbygoogle\"\n     style=\"display:inline-block;width:300px;height:250px\"\n     data-ad-client=\"ca-pub-9424088931673893\"\n     data-ad-slot=\"8471340766\"><\/ins>\n<script async>\n     (adsbygoogle = window.adsbygoogle || []).push({});\n<\/script><\/div><\/div><\/div><\/div>\n<p>A <strong>Liked.hu<\/strong>-n\u00e1l \u00fagy d\u00f6nt\u00f6tt\u00fcnk, hogy csokorba szedj\u00fck a bolyg\u00f3nk legcsod\u00e1latosabb \u00e9p\u00edtm\u00e9nyeit \u00e9s form\u00e1ci\u00f3it, amik l\u00e1tt\u00e1n m\u00e9g a vil\u00e1g legnagyobb kopony\u00e1i is csak a fej\u00fcket vakargatj\u00e1k tan\u00e1cstalans\u00e1gukban.<\/p>\n<div id=\"zombify-main-section-front\" class=\"zombify-main-section-front zombify-screen zf-media-full\">\r\n\t<link rel=\"stylesheet\" type=\"text\/css\" href=\"https:\/\/liked.hu\/old\/js\/zombify.css\">\r\n    <link rel=\"stylesheet\" type=\"text\/css\" href=\"https:\/\/liked.hu\/old\/wp-content\/themes\/newsy-child\/style.css\">\r\n\t<div class=\"zf-container\">\r\n\t\t<div id=\"zf-countdown\" class=\"zf-countdown zf-list zf-numbered\">\r\n\t\t\t<ol class=\"zf-structure-list\">\r\n\t\t\t\t                        <li class=\"zf-list_item\">\r\n                            <div class=\"zf-list_header\">\r\n                                <h3 id=\"8\" class=\"zf-list_title\">\r\n                                    <span class=\"zf-number\">8<\/span>\r\n                                    Al Naslaa megalit, Sza\u00fad-Ar\u00e1bia                                <\/h3>\r\n                            <\/div>\r\n\t\t\t\t\t\t\t\t\t\t\t\t\t\t\t<figure class=\"zf-list_media zf-media-wrapper zf-image zf-type-image\">\r\n\t\t\t\t\t\t\t\t\t<div title=\"Al Naslaa megalit, Sza\u00fad-Ar\u00e1bia\" alt=\"Al Naslaa megalit, Sza\u00fad-Ar\u00e1bia\" class=\"zf-media\">\r\n\t\t\t\t\t\t\t\t\t\t<img width=\"728\" height=\"489\" src=\"https:\/\/liked.hu\/old\/wp-content\/uploads\/2021\/08\/dc3dbc5767917d5e9d964cf888.jpg\" class=\"\" alt=\"dc3dbc5767917d5e9d964cf888\" loading=\"lazy\" style=\"\" srcset=\"https:\/\/liked.hu\/old\/wp-content\/uploads\/2021\/08\/dc3dbc5767917d5e9d964cf888.jpg 728w, https:\/\/liked.hu\/old\/wp-content\/uploads\/2021\/08\/dc3dbc5767917d5e9d964cf888-300x202.jpg 300w, https:\/\/liked.hu\/old\/wp-content\/uploads\/2021\/08\/dc3dbc5767917d5e9d964cf888-360x242.jpg 360w\" sizes=\"(max-width: 728px) 100vw, 728px\" \/>\t\t\t\t\t\t\t\t\t\t\t<figcaption class=\"zf-figcaption\">\r\n                                                <cite><\/cite>\r\n\r\n                                                \t\t\t\t\t\t\t\t\t\t\t<\/figcaption>\r\n\t\t\t\t\t\t\t\t\t\t\t\t\t\t\t\t\t\t\t<\/div>\r\n\t\t\t\t\t\t\t\t\t<hr \/>\r\n\t\t\t\t\t\t\t\t<\/figure>\r\n\t\t\t\t\t\t\t\t\r\n\t\t\t\t\t\t\t\t\t\t\t\t\t\t\t<div class=\"zf-countdown_description\"><p>A Sza\u00fad-Ar\u00e1bi\u00e1ban tal\u00e1lhat\u00f3 titokzatos megalit m\u00e9g a legtapasztaltabb utaz\u00f3kat is \u00f6sszezavarja. Nemcsak az\u00e9rt furcsa, mert a hatalmas szikl\u00e1nak szinte alig van \u00e9rintkez\u00e9si pontja a talajjal, de r\u00e1ad\u00e1sul egy abszol\u00fat egyenletes reped\u00e9s fut v\u00e9gig a k\u00f6zep\u00e9n, ami olyan, mintha l\u00e9zerrel v\u00e1gt\u00e1k volna kett\u00e9. Senki nem tudja, hogy mi t\u00f6rt\u00e9nhetett val\u00f3j\u00e1ban.<\/p><\/div>\r\n\t\t\t\t\t\t\t                        <\/li>\r\n                                                                    <li class=\"zf-list_item\">\r\n                            <div class=\"zf-list_header\">\r\n                                <h3 id=\"7\" class=\"zf-list_title\">\r\n                                    <span class=\"zf-number\">7<\/span>\r\n                                    Kancs\u00f3k v\u00f6lgye, Laosz                                <\/h3>\r\n                            <\/div>\r\n\t\t\t\t\t\t\t\t\t\t\t\t\t\t\t<figure class=\"zf-list_media zf-media-wrapper zf-image zf-type-image\">\r\n\t\t\t\t\t\t\t\t\t<div title=\"Kancs\u00f3k v\u00f6lgye, Laosz\" alt=\"Kancs\u00f3k v\u00f6lgye, Laosz\" class=\"zf-media\">\r\n\t\t\t\t\t\t\t\t\t\t<img width=\"728\" height=\"546\" src=\"https:\/\/liked.hu\/old\/wp-content\/uploads\/2021\/08\/f417b6583392149b2611a71e1c.jpg\" class=\"\" alt=\"f417b6583392149b2611a71e1c\" loading=\"lazy\" style=\"\" srcset=\"https:\/\/liked.hu\/old\/wp-content\/uploads\/2021\/08\/f417b6583392149b2611a71e1c.jpg 728w, https:\/\/liked.hu\/old\/wp-content\/uploads\/2021\/08\/f417b6583392149b2611a71e1c-300x225.jpg 300w, https:\/\/liked.hu\/old\/wp-content\/uploads\/2021\/08\/f417b6583392149b2611a71e1c-200x150.jpg 200w, https:\/\/liked.hu\/old\/wp-content\/uploads\/2021\/08\/f417b6583392149b2611a71e1c-360x270.jpg 360w\" sizes=\"(max-width: 728px) 100vw, 728px\" \/>\t\t\t\t\t\t\t\t\t\t\t<figcaption class=\"zf-figcaption\">\r\n                                                <cite><\/cite>\r\n\r\n                                                \t\t\t\t\t\t\t\t\t\t\t<\/figcaption>\r\n\t\t\t\t\t\t\t\t\t\t\t\t\t\t\t\t\t\t\t<\/div>\r\n\t\t\t\t\t\t\t\t\t<hr \/>\r\n\t\t\t\t\t\t\t\t<\/figure>\r\n\t\t\t\t\t\t\t\t\r\n\t\t\t\t\t\t\t\t\t\t\t\t\t\t\t<div class=\"zf-countdown_description\"><p>\u00d3ri\u00e1sok eb\u00e9dl\u0151je, temet\u0151 vagy egy \u0151si \u00e9p\u00edt\u00e9sz tr\u00e9f\u00e1ja? Senki sem tudja pontosan, hogy milyen c\u00e9llal k\u00e9sz\u00fcltek ezek az \u00f3ri\u00e1si ed\u00e9nyek \u00e9s lettek sz\u00e9tsz\u00f3rva az egyik laoszi hegy k\u00f6r\u00fcl. A legend\u00e1k szerint r\u00e9gen val\u00f3di \u00f3ri\u00e1sok \u00e9ltek ezen a ter\u00fcleten \u00e9s \u0151k sz\u00f3rt\u00e1k sz\u00e9t, de a t\u00f6rt\u00e9n\u00e9szek \u00fagy v\u00e9lik, hogy a k\u0151ed\u00e9nyeket egyfajta temetkez\u00e9si helyk\u00e9nt haszn\u00e1lt\u00e1k annak idej\u00e9n.<\/p><p style=\"text-align: center\">\n<div style=\"float:none;margin:0px 0 0px 0;text-align:center;\">\n<div class=\"mobileHideke5\"><div style=\"margin-top:25px;\"><div class=\"hirdeteshatter\"><div style=\"display: inline-block;width: 50%;min-width:305px;vertical-align: top;\"><div class=\"hirdetes\">HIRDET\u00c9S<\/div>\n<!-- LikedQ51 -->\n<ins class=\"adsbygoogle\"\n     style=\"display:inline-block;width:300px;height:250px\"\n     data-ad-client=\"ca-pub-9424088931673893\"\n     data-ad-slot=\"8284063326\"><\/ins>\n<script async>\n     (adsbygoogle = window.adsbygoogle || []).push({});\n<\/script><\/div><div style=\"display: inline-block;width: 50%;min-width:305px;vertical-align: top;\"><div class=\"hirdetes\">HIRDET\u00c9S<\/div>\n<!-- LikedQ52 -->\n<ins class=\"adsbygoogle\"\n     style=\"display:inline-block;width:300px;height:250px\"\n     data-ad-client=\"ca-pub-9424088931673893\"\n     data-ad-slot=\"2840164950\"><\/ins>\n<script async>\n     (adsbygoogle = window.adsbygoogle || []).push({});\n<\/script><\/div><\/div><\/div><\/div>\n<div style=\"display:flex;flex-direction:column;\"><div class=\"mobileShowka5\"><div style=\"padding-top:10px;padding-bottom:10px;min-height: 300px;\"><div class=\"hirdetes\">HIRDET\u00c9S<\/div>\n<!-- LikedQ5M -->\n<ins class=\"adsbygoogle\"\n     style=\"display:inline-block;width:300px;height:250px\"\n     data-ad-client=\"ca-pub-9424088931673893\"\n     data-ad-slot=\"9022429928\"><\/ins>\n<script async>\n     (adsbygoogle = window.adsbygoogle || []).push({});\n<\/script><\/div><\/div><\/div><\/div><\/div>\r\n\t\t\t\t\t\t\t                        <\/li>\r\n                                                                    <li class=\"zf-list_item\">\r\n                            <div class=\"zf-list_header\">\r\n                                <h3 id=\"6\" class=\"zf-list_title\">\r\n                                    <span class=\"zf-number\">6<\/span>\r\n                                    Teotihuacan, Mexik\u00f3                                <\/h3>\r\n                            <\/div>\r\n\t\t\t\t\t\t\t\t\t\t\t\t\t\t\t<figure class=\"zf-list_media zf-media-wrapper zf-image zf-type-image\">\r\n\t\t\t\t\t\t\t\t\t<div title=\"Teotihuacan, Mexik\u00f3\" alt=\"Teotihuacan, Mexik\u00f3\" class=\"zf-media\">\r\n\t\t\t\t\t\t\t\t\t\t<img width=\"728\" height=\"469\" src=\"https:\/\/liked.hu\/old\/wp-content\/uploads\/2021\/08\/6bee6f53dba764f3ee7a73f358.jpg\" class=\"\" alt=\"6bee6f53dba764f3ee7a73f358\" loading=\"lazy\" style=\"\" srcset=\"https:\/\/liked.hu\/old\/wp-content\/uploads\/2021\/08\/6bee6f53dba764f3ee7a73f358.jpg 728w, https:\/\/liked.hu\/old\/wp-content\/uploads\/2021\/08\/6bee6f53dba764f3ee7a73f358-300x193.jpg 300w, https:\/\/liked.hu\/old\/wp-content\/uploads\/2021\/08\/6bee6f53dba764f3ee7a73f358-360x232.jpg 360w\" sizes=\"(max-width: 728px) 100vw, 728px\" \/>\t\t\t\t\t\t\t\t\t\t\t<figcaption class=\"zf-figcaption\">\r\n                                                <cite><\/cite>\r\n\r\n                                                \t\t\t\t\t\t\t\t\t\t\t<\/figcaption>\r\n\t\t\t\t\t\t\t\t\t\t\t\t\t\t\t\t\t\t\t<\/div>\r\n\t\t\t\t\t\t\t\t\t<hr \/>\r\n\t\t\t\t\t\t\t\t<\/figure>\r\n\t\t\t\t\t\t\t\t\r\n\t\t\t\t\t\t\t\t\t\t\t\t\t\t\t<div class=\"zf-countdown_description\"><p>A Teotihuacan vagy \"Istenek &nbsp;v\u00e1rosa\" nagyon k\u00f6zel tal\u00e1lhat\u00f3 Mexik\u00f3 modern f\u0151v\u00e1ros\u00e1hoz, Mexik\u00f3v\u00e1roshoz. Napjainkban m\u00e1r csak turist\u00e1kkal tal\u00e1lkozni Teotihuacanban, de nem is olyan r\u00e9gen m\u00e9g 100 ezer ember \u00e9lt itt. A 7. sz\u00e1zadban vir\u00e1gz\u00f3 v\u00e1ros hirtelen n\u00e9ptelenedett el: minden lakos gyakorlatilag egyszerre hagyta el a v\u00e1rost. A tud\u00f3sok nem igaz\u00e1n \u00e9rtik, hogy mi\u00e9rt, de \u00fagy v\u00e9lik, hogy tal\u00e1n a ter\u00fclet sz\u00e1raz \u00e9ghajlata \u00e9s a lakoss\u00e1g \u00e9h\u00edns\u00e9ge lehet a magyar\u00e1zat a jelens\u00e9gre.<\/p><\/div>\r\n\t\t\t\t\t\t\t                        <\/li>\r\n                                                                    <li class=\"zf-list_item\">\r\n                            <div class=\"zf-list_header\">\r\n                                <h3 id=\"5\" class=\"zf-list_title\">\r\n                                    <span class=\"zf-number\">5<\/span>\r\n                                    T\u00fcnd\u00e9rh\u00e1zak                                <\/h3>\r\n                            <\/div>\r\n\t\t\t\t\t\t\t\t\t\t\t\t\t\t\t<figure class=\"zf-list_media zf-media-wrapper zf-image zf-type-image\">\r\n\t\t\t\t\t\t\t\t\t<div title=\"T\u00fcnd\u00e9rh\u00e1zak\" alt=\"T\u00fcnd\u00e9rh\u00e1zak\" class=\"zf-media\">\r\n\t\t\t\t\t\t\t\t\t\t<img width=\"728\" height=\"546\" src=\"https:\/\/liked.hu\/old\/wp-content\/uploads\/2021\/08\/de986e52e8bbc50f402a2280c3.jpg\" class=\"\" alt=\"de986e52e8bbc50f402a2280c3\" loading=\"lazy\" style=\"\" srcset=\"https:\/\/liked.hu\/old\/wp-content\/uploads\/2021\/08\/de986e52e8bbc50f402a2280c3.jpg 728w, https:\/\/liked.hu\/old\/wp-content\/uploads\/2021\/08\/de986e52e8bbc50f402a2280c3-300x225.jpg 300w, https:\/\/liked.hu\/old\/wp-content\/uploads\/2021\/08\/de986e52e8bbc50f402a2280c3-200x150.jpg 200w, https:\/\/liked.hu\/old\/wp-content\/uploads\/2021\/08\/de986e52e8bbc50f402a2280c3-360x270.jpg 360w\" sizes=\"(max-width: 728px) 100vw, 728px\" \/>\t\t\t\t\t\t\t\t\t\t\t<figcaption class=\"zf-figcaption\">\r\n                                                <cite><\/cite>\r\n\r\n                                                \t\t\t\t\t\t\t\t\t\t\t<\/figcaption>\r\n\t\t\t\t\t\t\t\t\t\t\t\t\t\t\t\t\t\t\t<\/div>\r\n\t\t\t\t\t\t\t\t\t<hr \/>\r\n\t\t\t\t\t\t\t\t<\/figure>\r\n\t\t\t\t\t\t\t\t\r\n\t\t\t\t\t\t\t\t\t\t\t\t\t\t\t<div class=\"zf-countdown_description\"><p>Olaszorsz\u00e1g \u00e9p\u00edt\u00e9szeti kincseir\u0151l aligha kell hosszasan besz\u00e9lni. El\u00e9g csak a fens\u00e9ges Colosseumra vagy a h\u00edres Pisai ferdetoronyra gondolni. Olaszorsz\u00e1gban azonban m\u00e1s, kev\u00e9sb\u00e9 ismert kincsek is lapulnak. Az egyik ilyen az \u00fagynevezett titokzatos \"T\u00fcnd\u00e9rh\u00e1zak\" (Domus de Janas), mely Szard\u00ednia sziget\u00e9n tal\u00e1lhat\u00f3, \u00e9s amely az apr\u00f3 m\u00e9rete miatt t\u00e9nyleg ink\u00e1bb t\u00fcnd\u00e9rek otthona lehetett, mintsem emberek\u00e9. A tud\u00f3sok ma \u00fagy v\u00e9lik, hogy a k\u0151b\u0151l k\u00e9sz\u00fclt t\u00fcnd\u00e9rh\u00e1zak k\u00f6r\u00fclbel\u00fcl 6 ezer \u00e9vesek \u00e9s Ozieri \u0151si civiliz\u00e1ci\u00f3j\u00e1hoz tartoztak.<\/p><\/div>\r\n\t\t\t\t\t\t\t                        <\/li>\r\n                                                                    <li class=\"zf-list_item\">\r\n                            <div class=\"zf-list_header\">\r\n                                <h3 id=\"4\" class=\"zf-list_title\">\r\n                                    <span class=\"zf-number\">4<\/span>\r\n                                    Volkonsky dolmen, Oroszorsz\u00e1g                                <\/h3>\r\n                            <\/div>\r\n\t\t\t\t\t\t\t\t\t\t\t\t\t\t\t<figure class=\"zf-list_media zf-media-wrapper zf-image zf-type-image\">\r\n\t\t\t\t\t\t\t\t\t<div title=\"Volkonsky dolmen, Oroszorsz\u00e1g\" alt=\"Volkonsky dolmen, Oroszorsz\u00e1g\" class=\"zf-media\">\r\n\t\t\t\t\t\t\t\t\t\t<img width=\"728\" height=\"413\" src=\"https:\/\/liked.hu\/old\/wp-content\/uploads\/2021\/08\/67a2a95b679574f946f8c22d69.jpg\" class=\"\" alt=\"67a2a95b679574f946f8c22d69\" loading=\"lazy\" style=\"\" srcset=\"https:\/\/liked.hu\/old\/wp-content\/uploads\/2021\/08\/67a2a95b679574f946f8c22d69.jpg 728w, https:\/\/liked.hu\/old\/wp-content\/uploads\/2021\/08\/67a2a95b679574f946f8c22d69-300x170.jpg 300w, https:\/\/liked.hu\/old\/wp-content\/uploads\/2021\/08\/67a2a95b679574f946f8c22d69-360x204.jpg 360w\" sizes=\"(max-width: 728px) 100vw, 728px\" \/>\t\t\t\t\t\t\t\t\t\t\t<figcaption class=\"zf-figcaption\">\r\n                                                <cite><\/cite>\r\n\r\n                                                \t\t\t\t\t\t\t\t\t\t\t<\/figcaption>\r\n\t\t\t\t\t\t\t\t\t\t\t\t\t\t\t\t\t\t\t<\/div>\r\n\t\t\t\t\t\t\t\t\t<hr \/>\r\n\t\t\t\t\t\t\t\t<\/figure>\r\n\t\t\t\t\t\t\t\t\r\n\t\t\t\t\t\t\t\t\t\t\t\t\t\t\t<div class=\"zf-countdown_description\"><p>Ez az \u0151si szerkezet ma is heves vit\u00e1k \u00e9s pletyk\u00e1k t\u00e1rgya mind a tud\u00f3sok, mint a tudom\u00e1ny vil\u00e1g\u00e1t\u00f3l t\u00e1vol \u00e1ll\u00f3 emberek k\u00f6z\u00f6tt. M\u00edg egyesek biztosak a kultikus c\u00e9lj\u00e1ban, m\u00e1sok meg vannak gy\u0151z\u0151dve arr\u00f3l, hogy a Volkonsky dolmen misztikus tulajdons\u00e1gokkal b\u00edr. Az \u00e9p\u00edtm\u00e9ny legnagyobb rejt\u00e9ly\u00e9t az jelenti, hogy senki sem \u00e9rti, hogyan \u00e9s milyen eszk\u00f6z\u00f6kkel voltak k\u00e9pesek az \u00f3kori emberek egy t\u00e1gas helyis\u00e9get kialak\u00edtani ennek az \u00f3ri\u00e1si k\u0151szikl\u00e1nak a belsej\u00e9ben.<\/p><p style=\"text-align: center\">\n<div style=\"float:none;margin:0px 0 0px 0;text-align:center;\">\n<div class=\"mobileHideke8\"><div style=\"margin-top:25px;\"><div class=\"hirdeteshatter\"><div style=\"display: inline-block;width: 50%;min-width:340px;vertical-align: top;\"><div class=\"hirdetes\">HIRDET\u00c9S<\/div>\n<!-- Liked7Q1 -->\n<ins class=\"adsbygoogle\"\n     style=\"display:inline-block;width:336px;height:280px\"\n     data-ad-client=\"ca-pub-9424088931673893\"\n     data-ad-slot=\"3022062587\"><\/ins>\n<script async>\n     (adsbygoogle = window.adsbygoogle || []).push({});\n<\/script><\/div><div style=\"display: inline-block;width: 50%;min-width:340px;vertical-align: top;\"><div class=\"hirdetes\">HIRDET\u00c9S<\/div>\n<!-- Liked7Q2 -->\n<ins class=\"adsbygoogle\"\n     style=\"display:inline-block;width:336px;height:280px\"\n     data-ad-client=\"ca-pub-9424088931673893\"\n     data-ad-slot=\"3952000871\"><\/ins>\n<script async>\n     (adsbygoogle = window.adsbygoogle || []).push({});\n<\/script><\/div><\/div><\/div><\/div>\n<div style=\"display:flex;flex-direction:column;\"><div class=\"mobileShowka8\"><div style=\"padding-top:15px;margin-bottom:15px;min-height: 300px;\"><div class=\"hirdetes\">HIRDET\u00c9S<\/div>\n<!-- Liked7QMobil -->\n<ins class=\"adsbygoogle\"\n     style=\"display:inline-block;width:336px;height:280px\"\n     data-ad-client=\"ca-pub-9424088931673893\"\n     data-ad-slot=\"5073510857\"><\/ins>\n<script async>\n     (adsbygoogle = window.adsbygoogle || []).push({});\n<\/script><\/div><\/div><\/div><\/div><\/div>\r\n\t\t\t\t\t\t\t                        <\/li>\r\n                                                                    <li class=\"zf-list_item\">\r\n                            <div class=\"zf-list_header\">\r\n                                <h3 id=\"3\" class=\"zf-list_title\">\r\n                                    <span class=\"zf-number\">3<\/span>\r\n                                    Ell\u00f3rai-barlangok, India                                <\/h3>\r\n                            <\/div>\r\n\t\t\t\t\t\t\t\t\t\t\t\t\t\t\t<figure class=\"zf-list_media zf-media-wrapper zf-image zf-type-image\">\r\n\t\t\t\t\t\t\t\t\t<div title=\"Ell\u00f3rai-barlangok, India\" alt=\"Ell\u00f3rai-barlangok, India\" class=\"zf-media\">\r\n\t\t\t\t\t\t\t\t\t\t<img width=\"728\" height=\"485\" src=\"https:\/\/liked.hu\/old\/wp-content\/uploads\/2021\/08\/f427655e789ce9dd1615812128.jpg\" class=\"\" alt=\"f427655e789ce9dd1615812128\" loading=\"lazy\" style=\"\" srcset=\"https:\/\/liked.hu\/old\/wp-content\/uploads\/2021\/08\/f427655e789ce9dd1615812128.jpg 728w, https:\/\/liked.hu\/old\/wp-content\/uploads\/2021\/08\/f427655e789ce9dd1615812128-300x200.jpg 300w, https:\/\/liked.hu\/old\/wp-content\/uploads\/2021\/08\/f427655e789ce9dd1615812128-360x240.jpg 360w\" sizes=\"(max-width: 728px) 100vw, 728px\" \/>\t\t\t\t\t\t\t\t\t\t\t<figcaption class=\"zf-figcaption\">\r\n                                                <cite><\/cite>\r\n\r\n                                                \t\t\t\t\t\t\t\t\t\t\t<\/figcaption>\r\n\t\t\t\t\t\t\t\t\t\t\t\t\t\t\t\t\t\t\t<\/div>\r\n\t\t\t\t\t\t\t\t\t<hr \/>\r\n\t\t\t\t\t\t\t\t<\/figure>\r\n\t\t\t\t\t\t\t\t\r\n\t\t\t\t\t\t\t\t\t\t\t\t\t\t\t<div class=\"zf-countdown_description\"><p>A bolyg\u00f3 egyik legtitokzatosabb \u00e9p\u00edtm\u00e9nye az Ell\u00f3rai-barlangokhoz tartoz\u00f3 Kailash-tempom, mely azon t\u00fal, hogy a bolyg\u00f3 egyik legnagyobb \u00e9p\u00fclete, teljes eg\u00e9sz\u00e9ben egyetlen monolit k\u0151b\u0151l faragt\u00e1k. Nemcsak a l\u00e9trehoz\u00e1s\u00e1nak m\u00f3dja v\u00e1lt ki heves vit\u00e1kat a tud\u00f3sok k\u00f6r\u00e9ben, de az sem teljesen vil\u00e1gos, hogy mi\u00e9rt \u00e9rezt\u00e9k \u00fagy az \u00f3kori indiaiak, hogy egy ilyen egyed\u00fcl\u00e1ll\u00f3 szerkezetet kell l\u00e9trehozniuk.<\/p><\/div>\r\n\t\t\t\t\t\t\t                        <\/li>\r\n                                                                    <li class=\"zf-list_item\">\r\n                            <div class=\"zf-list_header\">\r\n                                <h3 id=\"2\" class=\"zf-list_title\">\r\n                                    <span class=\"zf-number\">2<\/span>\r\n                                    Bacchus templom, Baalbek                                <\/h3>\r\n                            <\/div>\r\n\t\t\t\t\t\t\t\t\t\t\t\t\t\t\t<figure class=\"zf-list_media zf-media-wrapper zf-image zf-type-image\">\r\n\t\t\t\t\t\t\t\t\t<div title=\"Bacchus templom, Baalbek\" alt=\"Bacchus templom, Baalbek\" class=\"zf-media\">\r\n\t\t\t\t\t\t\t\t\t\t<img width=\"728\" height=\"485\" src=\"https:\/\/liked.hu\/old\/wp-content\/uploads\/2021\/08\/3233da5548b5c2846f4754b520.jpg\" class=\"\" alt=\"3233da5548b5c2846f4754b520\" loading=\"lazy\" style=\"\" srcset=\"https:\/\/liked.hu\/old\/wp-content\/uploads\/2021\/08\/3233da5548b5c2846f4754b520.jpg 728w, https:\/\/liked.hu\/old\/wp-content\/uploads\/2021\/08\/3233da5548b5c2846f4754b520-300x200.jpg 300w, https:\/\/liked.hu\/old\/wp-content\/uploads\/2021\/08\/3233da5548b5c2846f4754b520-360x240.jpg 360w\" sizes=\"(max-width: 728px) 100vw, 728px\" \/>\t\t\t\t\t\t\t\t\t\t\t<figcaption class=\"zf-figcaption\">\r\n                                                <cite><\/cite>\r\n\r\n                                                \t\t\t\t\t\t\t\t\t\t\t<\/figcaption>\r\n\t\t\t\t\t\t\t\t\t\t\t\t\t\t\t\t\t\t\t<\/div>\r\n\t\t\t\t\t\t\t\t\t<hr \/>\r\n\t\t\t\t\t\t\t\t<\/figure>\r\n\t\t\t\t\t\t\t\t\r\n\t\t\t\t\t\t\t\t\t\t\t\t\t\t\t<div class=\"zf-countdown_description\"><p>A baalbeki Bacchus templom szint\u00e9n egy titokzatos \u00e9p\u00edtm\u00e9ny, amit valamikor az els\u0151 \u00e9vezred elej\u00e9n \u00e9p\u00edtettek. A templom m\u00e9retei olyan hatalmas, hogy a h\u00edres ath\u00e9ni Parthenon egy t\u00f6rp\u00e9nek t\u0171nik hozz\u00e1k\u00e9pest. Egy ilyen hatalmas \u00e9p\u00fclet \u00e9rthet\u0151 m\u00f3don sz\u00e1mtalan sz\u00f3besz\u00e9dnek ny\u00fajtott alapot k\u00fcl\u00f6nf\u00e9le \u0151si \u00f3ri\u00e1sokt\u00f3l kezdve eg\u00e9szen az elveszett civiliz\u00e1ci\u00f3ig, a hivatalos v\u00e1ltozat szerint azonban Antoninus Pius r\u00f3mai cs\u00e1sz\u00e1r \u00e9p\u00edttette a Bacchus templomot.<\/p><p style=\"text-align: center\">\n<div style=\"float:none;margin:0px 0 0px 0;text-align:center;\">\n<div class=\"mobileHideke8\"><div class=\"hirdeteshatter\"><div style=\"display: inline-block;width: 50%;min-width:340px;vertical-align: top;\"><div class=\"hirdetes\">HIRDET\u00c9S<\/div>\n<!-- LikedQ81 -->\n<ins class=\"adsbygoogle\"\n     style=\"display:inline-block;width:336px;height:280px\"\n     data-ad-client=\"ca-pub-9424088931673893\"\n     data-ad-slot=\"2436840276\"><\/ins>\n<script async>\n     (adsbygoogle = window.adsbygoogle || []).push({});\n<\/script><\/div><div style=\"display: inline-block;width: 50%;min-width:340px;vertical-align: top;\"><div class=\"hirdetes\">HIRDET\u00c9S<\/div>\n<!-- LikedQ82 -->\n<ins class=\"adsbygoogle\"\n     style=\"display:inline-block;width:336px;height:280px\"\n     data-ad-client=\"ca-pub-9424088931673893\"\n     data-ad-slot=\"3558350253\"><\/ins>\n<script async>\n     (adsbygoogle = window.adsbygoogle || []).push({});\n<\/script><\/div><\/div><\/div>\n<div style=\"display:flex;flex-direction:column;\"><div class=\"mobileShowka8 nyolc\"><div style=\"padding-top:15px;padding-bottom:5px;min-height: 300px;\"><div class=\"hirdetes\">HIRDET\u00c9S<\/div>\n<!-- LikedQ8M -->\n<ins class=\"adsbygoogle\"\n     style=\"display:inline-block;width:336px;height:280px\"\n     data-ad-client=\"ca-pub-9424088931673893\"\n     data-ad-slot=\"4679860235\"><\/ins>\n<script async>\n     (adsbygoogle = window.adsbygoogle || []).push({});\n<\/script><\/div><\/div><\/div><\/div><\/div>\r\n\t\t\t\t\t\t\t                        <\/li>\r\n                                                                    <li class=\"zf-list_item\">\r\n                            <div class=\"zf-list_header\">\r\n                                <h3 id=\"1\" class=\"zf-list_title\">\r\n                                    <span class=\"zf-number\">1<\/span>\r\n                                    Masuda no Iwafune, Jap\u00e1n                                <\/h3>\r\n                            <\/div>\r\n\t\t\t\t\t\t\t\t\t\t\t\t\t\t\t<figure class=\"zf-list_media zf-media-wrapper zf-image zf-type-image\">\r\n\t\t\t\t\t\t\t\t\t<div title=\"Masuda no Iwafune, Jap\u00e1n\" alt=\"Masuda no Iwafune, Jap\u00e1n\" class=\"zf-media\">\r\n\t\t\t\t\t\t\t\t\t\t<img width=\"728\" height=\"567\" src=\"https:\/\/liked.hu\/old\/wp-content\/uploads\/2021\/08\/ba8def5729942c9f35454c8b97.jpg\" class=\"\" alt=\"ba8def5729942c9f35454c8b97\" loading=\"lazy\" style=\"\" srcset=\"https:\/\/liked.hu\/old\/wp-content\/uploads\/2021\/08\/ba8def5729942c9f35454c8b97.jpg 728w, https:\/\/liked.hu\/old\/wp-content\/uploads\/2021\/08\/ba8def5729942c9f35454c8b97-300x234.jpg 300w, https:\/\/liked.hu\/old\/wp-content\/uploads\/2021\/08\/ba8def5729942c9f35454c8b97-360x280.jpg 360w\" sizes=\"(max-width: 728px) 100vw, 728px\" \/>\t\t\t\t\t\t\t\t\t\t\t<figcaption class=\"zf-figcaption\">\r\n                                                <cite><\/cite>\r\n\r\n                                                \t\t\t\t\t\t\t\t\t\t\t<\/figcaption>\r\n\t\t\t\t\t\t\t\t\t\t\t\t\t\t\t\t\t\t\t<\/div>\r\n\t\t\t\t\t\t\t\t\t<hr \/>\r\n\t\t\t\t\t\t\t\t<\/figure>\r\n\t\t\t\t\t\t\t\t\r\n\t\t\t\t\t\t\t\t\t\t\t\t\t\t\t<div class=\"zf-countdown_description\"><p>A jap\u00e1n Asuka r\u00e9gi\u00f3 k\u00fcl\u00f6nb\u00f6z\u0151 r\u00e9szein tal\u00e1lkozhatunk ezekkel a szokatlan, k\u0151b\u0151l faragott szerkezetekkel, melyek n\u00e9melyike a 11 m\u00e9tert is el\u00e9ri. A titokzatos k\u00f6vek belsej\u00e9be n\u00e9gysz\u00f6glet\u0171 lyukakat faragtak a jap\u00e1n \u0151slak\u00f3k, mindm\u00e1ig ismeretlen c\u00e9lb\u00f3l. Egyes legend\u00e1k szerint a Masuda no Iwafune, k\u00f6vei \u0151si olt\u00e1rok voltak, de val\u00f3sz\u00edn\u0171leg m\u00e1r sosem tudjuk meg, hogy t\u00e9nyleg \u00edgy volt-e, az \u0151si jap\u00e1nok ugyanis magukkal vitt\u00e9k ezt a titkot a s\u00edrba.<\/p><hr><h3>B\u00f3nusz: a mozg\u00f3 k\u00f6vek rejt\u00e9ly\u00e9nek megold\u00e1sa.<img src=\"https:\/\/liked.hu\/wp-content\/uploads\/2021\/08\/Mozgo-kovek.jpg\" class=\"fr-fic fr-dib\" data-id=\"251857\"><\/h3><p>Nev\u00e9vel ellen\u00e9re a Death Valley egy csod\u00e1latos nemzeti park Kaliforni\u00e1ban. Valamikor r\u00e9gen itt egy t\u00f3 hevert, mely az\u00f3ta r\u00e9g kisz\u00e1radt, de nem is ez a furcsa, hanem a t\u00f3meder alj\u00e1n rejt\u00e9lyes m\u00f3don, l\u00e1tsz\u00f3lag magukt\u00f3l mozg\u00f3 szikl\u00e1k. Egyes ilyen szikl\u00e1k s\u00falya a 30 kg-ot is el\u00e9rheti, \u00e9s v\u00e9letlenszer\u0171 ir\u00e1nyba k\u00fasznak, szemmel l\u00e1that\u00f3 cs\u00edkot hagyva maguk ut\u00e1n.<\/p><p>A magukt\u00f3l mozg\u00f3 k\u00f6vek sok\u00e1ig l\u00e1zban tartott\u00e1k a tud\u00f3sokat, de 2014-ben v\u00e9gre siker\u00fclt magyar\u00e1zatot tal\u00e1lni a jelens\u00e9gre: kider\u00fclt, hogy a k\u00f6vek mozg\u00e1s\u00e1\u00e9rt a j\u00e9g a felel\u0151s. A fagyos \u00e9jszak\u00e1kon a szikl\u00e1k alatti nedvess\u00e9g megfagy, az er\u0151s sz\u00e9l miatt pedig egyszer\u0171en od\u00e9bb cs\u00fasznak a szikl\u00e1k.<\/p><\/div>\r\n\t\t\t\t\t\t\t                        <\/li>\r\n                                                                        <\/ol>\r\n        <\/div>\r\n    <\/div>\r\n    <\/div>\r\n\r\n\n","protected":false},"excerpt":{"rendered":"<p>Nagyon sok olyan t\u00e1rgy \u00e9s hely van a F\u00f6ld\u00f6n, ami m\u00e1r a puszta l\u00e9tez\u00e9s\u00e9vel is \u00e1mulatba ejti a tud\u00f3sokat \u00e9s turist\u00e1kat egyar\u00e1nt. A t\u00e1voli \u0151seink gyakran ravasz fejt\u00f6r\u0151kkel teszik pr\u00f3b\u00e1ra a modern r\u00e9g\u00e9szetet, \u00e9s vannak olyan rejt\u00e9lyek, melyeket maga az anyaterm\u00e9szet k\u00e9sz\u00edtett az emberis\u00e9gnek. B\u00e1rmennyire is igyeksz\u00fcnk azonban, vannak olyan dolgok, melyekre hossz\u00fa \u00e9vek m\u00falt\u00e1n [&hellip;]<\/p>\n","protected":false},"author":13,"featured_media":251862,"comment_status":"open","ping_status":"closed","sticky":false,"template":"","format":"standard","meta":{"buzzeditor_post_format":""},"categories":[23],"tags":[856,5823,3799,3800],"yoast_head":"<!-- This site is optimized with the Yoast SEO plugin v19.6.1 - https:\/\/yoast.com\/wordpress\/plugins\/seo\/ -->\n<title>Ezekt\u0151l a titokzatos t\u00e1rgyakt\u00f3l m\u00e9g a legokosabb tud\u00f3sok is csak a fej\u00fcket vakargatj\u00e1k<\/title>\n<meta name=\"description\" content=\"Nagyon sok olyan t\u00e1rgy \u00e9s hely van a F\u00f6ld\u00f6n, ami m\u00e1r a puszta l\u00e9tez\u00e9s\u00e9vel is \u00e1mulatba ejti a tud\u00f3sokat \u00e9s turist\u00e1kat egyar\u00e1nt. A t\u00e1voli \u0151seink gyakran\" \/>\n<meta name=\"robots\" content=\"index, follow, max-snippet:-1, max-image-preview:large, max-video-preview:-1\" \/>\n<link rel=\"canonical\" href=\"https:\/\/liked.hu\/old\/erdekes\/megmagyarazhatatlan-targyak-rejtely\/\" \/>\n<meta property=\"og:locale\" content=\"hu_HU\" \/>\n<meta property=\"og:type\" content=\"article\" \/>\n<meta property=\"og:title\" content=\"Ezekt\u0151l a titokzatos t\u00e1rgyakt\u00f3l m\u00e9g a legokosabb tud\u00f3sok is csak a fej\u00fcket vakargatj\u00e1k\" \/>\n<meta property=\"og:description\" content=\"Nagyon sok olyan t\u00e1rgy \u00e9s hely van a F\u00f6ld\u00f6n, ami m\u00e1r a puszta l\u00e9tez\u00e9s\u00e9vel is \u00e1mulatba ejti a tud\u00f3sokat \u00e9s turist\u00e1kat egyar\u00e1nt. A t\u00e1voli \u0151seink gyakran\" \/>\n<meta property=\"og:url\" content=\"https:\/\/liked.hu\/old\/erdekes\/megmagyarazhatatlan-targyak-rejtely\/\" \/>\n<meta property=\"og:site_name\" content=\"Liked.hu\" \/>\n<meta property=\"article:publisher\" content=\"https:\/\/www.facebook.com\/liked.hu\" \/>\n<meta property=\"article:published_time\" content=\"2021-08-27T09:28:37+00:00\" \/>\n<meta property=\"og:image\" content=\"https:\/\/liked.hu\/old\/wp-content\/uploads\/2021\/08\/Megmagyarazhatatlan-dolgok.jpg\" \/>\n\t<meta property=\"og:image:width\" content=\"1200\" \/>\n\t<meta property=\"og:image:height\" content=\"630\" \/>\n\t<meta property=\"og:image:type\" content=\"image\/jpeg\" \/>\n<meta name=\"author\" content=\"Klingstrom\" \/>\n<meta name=\"twitter:card\" content=\"summary\" \/>\n<meta name=\"twitter:creator\" content=\"@LikedHu\" \/>\n<meta name=\"twitter:site\" content=\"@LikedHu\" \/>\n<meta name=\"twitter:label1\" content=\"Szerz\u0151:\" \/>\n\t<meta name=\"twitter:data1\" content=\"Klingstrom\" \/>\n\t<meta name=\"twitter:label2\" content=\"Becs\u00fclt olvas\u00e1si id\u0151\" \/>\n\t<meta name=\"twitter:data2\" content=\"1 perc\" \/>\n<script type=\"application\/ld+json\" class=\"yoast-schema-graph\">{\"@context\":\"https:\/\/schema.org\",\"@graph\":[{\"@type\":\"Article\",\"@id\":\"https:\/\/liked.hu\/old\/erdekes\/megmagyarazhatatlan-targyak-rejtely\/#article\",\"isPartOf\":{\"@id\":\"https:\/\/liked.hu\/old\/erdekes\/megmagyarazhatatlan-targyak-rejtely\/\"},\"author\":{\"name\":\"Klingstrom\",\"@id\":\"https:\/\/liked.hu\/old\/#\/schema\/person\/1c8d3f8764991e8dcd6572a7de72da8a\"},\"headline\":\"Ezekt\u0151l a titokzatos t\u00e1rgyakt\u00f3l m\u00e9g a legokosabb tud\u00f3sok is csak a fej\u00fcket vakargatj\u00e1k\",\"datePublished\":\"2021-08-27T09:28:37+00:00\",\"dateModified\":\"2021-08-27T09:28:37+00:00\",\"mainEntityOfPage\":{\"@id\":\"https:\/\/liked.hu\/old\/erdekes\/megmagyarazhatatlan-targyak-rejtely\/\"},\"wordCount\":161,\"commentCount\":1,\"publisher\":{\"@id\":\"https:\/\/liked.hu\/old\/#organization\"},\"keywords\":[\"furcsa\",\"Ma tudtam meg!\",\"rejt\u00e9lyes\",\"titokzatos\"],\"articleSection\":[\"\u00c9rdekess\u00e9gek\"],\"inLanguage\":\"hu\",\"potentialAction\":[{\"@type\":\"CommentAction\",\"name\":\"Comment\",\"target\":[\"https:\/\/liked.hu\/old\/erdekes\/megmagyarazhatatlan-targyak-rejtely\/#respond\"]}]},{\"@type\":\"WebPage\",\"@id\":\"https:\/\/liked.hu\/old\/erdekes\/megmagyarazhatatlan-targyak-rejtely\/\",\"url\":\"https:\/\/liked.hu\/old\/erdekes\/megmagyarazhatatlan-targyak-rejtely\/\",\"name\":\"Ezekt\u0151l a titokzatos t\u00e1rgyakt\u00f3l m\u00e9g a legokosabb tud\u00f3sok is csak a fej\u00fcket vakargatj\u00e1k\",\"isPartOf\":{\"@id\":\"https:\/\/liked.hu\/old\/#website\"},\"datePublished\":\"2021-08-27T09:28:37+00:00\",\"dateModified\":\"2021-08-27T09:28:37+00:00\",\"description\":\"Nagyon sok olyan t\u00e1rgy \u00e9s hely van a F\u00f6ld\u00f6n, ami m\u00e1r a puszta l\u00e9tez\u00e9s\u00e9vel is \u00e1mulatba ejti a tud\u00f3sokat \u00e9s turist\u00e1kat egyar\u00e1nt. A t\u00e1voli \u0151seink gyakran\",\"breadcrumb\":{\"@id\":\"https:\/\/liked.hu\/old\/erdekes\/megmagyarazhatatlan-targyak-rejtely\/#breadcrumb\"},\"inLanguage\":\"hu\",\"potentialAction\":[{\"@type\":\"ReadAction\",\"target\":[\"https:\/\/liked.hu\/old\/erdekes\/megmagyarazhatatlan-targyak-rejtely\/\"]}]},{\"@type\":\"BreadcrumbList\",\"@id\":\"https:\/\/liked.hu\/old\/erdekes\/megmagyarazhatatlan-targyak-rejtely\/#breadcrumb\",\"itemListElement\":[{\"@type\":\"ListItem\",\"position\":1,\"name\":\"Kezd\u0151lap\",\"item\":\"https:\/\/liked.hu\/old\/\"},{\"@type\":\"ListItem\",\"position\":2,\"name\":\"Ezekt\u0151l a titokzatos t\u00e1rgyakt\u00f3l m\u00e9g a legokosabb tud\u00f3sok is csak a fej\u00fcket vakargatj\u00e1k\"}]},{\"@type\":\"WebSite\",\"@id\":\"https:\/\/liked.hu\/old\/#website\",\"url\":\"https:\/\/liked.hu\/old\/\",\"name\":\"Liked.hu\",\"description\":\"\",\"publisher\":{\"@id\":\"https:\/\/liked.hu\/old\/#organization\"},\"potentialAction\":[{\"@type\":\"SearchAction\",\"target\":{\"@type\":\"EntryPoint\",\"urlTemplate\":\"https:\/\/liked.hu\/old\/?s={search_term_string}\"},\"query-input\":\"required name=search_term_string\"}],\"inLanguage\":\"hu\"},{\"@type\":\"Organization\",\"@id\":\"https:\/\/liked.hu\/old\/#organization\",\"name\":\"Liked.hu\",\"url\":\"https:\/\/liked.hu\/old\/\",\"sameAs\":[\"https:\/\/hu.pinterest.com\/likedhungary\/\",\"https:\/\/www.youtube.com\/channel\/UCPv91dbMoIukYcM9b9nHN6Q\",\"https:\/\/www.facebook.com\/liked.hu\",\"https:\/\/twitter.com\/LikedHu\"],\"logo\":{\"@type\":\"ImageObject\",\"inLanguage\":\"hu\",\"@id\":\"https:\/\/liked.hu\/old\/#\/schema\/logo\/image\/\",\"url\":\"https:\/\/liked.hu\/wp-content\/uploads\/2018\/08\/Liked-icon.png\",\"contentUrl\":\"https:\/\/liked.hu\/wp-content\/uploads\/2018\/08\/Liked-icon.png\",\"width\":512,\"height\":512,\"caption\":\"Liked.hu\"},\"image\":{\"@id\":\"https:\/\/liked.hu\/old\/#\/schema\/logo\/image\/\"}},{\"@type\":\"Person\",\"@id\":\"https:\/\/liked.hu\/old\/#\/schema\/person\/1c8d3f8764991e8dcd6572a7de72da8a\",\"name\":\"Klingstrom\",\"image\":{\"@type\":\"ImageObject\",\"inLanguage\":\"hu\",\"@id\":\"https:\/\/liked.hu\/old\/#\/schema\/person\/image\/\",\"url\":\"https:\/\/liked.hu\/old\/wp-content\/uploads\/avatars\/13\/604de88bd578a-bpfull.jpg\",\"contentUrl\":\"https:\/\/liked.hu\/old\/wp-content\/uploads\/avatars\/13\/604de88bd578a-bpfull.jpg\",\"caption\":\"Klingstrom\"},\"url\":\"https:\/\/liked.hu\/old\/u\/klingstrom\/\"}]}<\/script>\n<!-- \/ Yoast SEO plugin. -->","yoast_head_json":{"title":"Ezekt\u0151l a titokzatos t\u00e1rgyakt\u00f3l m\u00e9g a legokosabb tud\u00f3sok is csak a fej\u00fcket vakargatj\u00e1k","description":"Nagyon sok olyan t\u00e1rgy \u00e9s hely van a F\u00f6ld\u00f6n, ami m\u00e1r a puszta l\u00e9tez\u00e9s\u00e9vel is \u00e1mulatba ejti a tud\u00f3sokat \u00e9s turist\u00e1kat egyar\u00e1nt. A t\u00e1voli \u0151seink gyakran","robots":{"index":"index","follow":"follow","max-snippet":"max-snippet:-1","max-image-preview":"max-image-preview:large","max-video-preview":"max-video-preview:-1"},"canonical":"https:\/\/liked.hu\/old\/erdekes\/megmagyarazhatatlan-targyak-rejtely\/","og_locale":"hu_HU","og_type":"article","og_title":"Ezekt\u0151l a titokzatos t\u00e1rgyakt\u00f3l m\u00e9g a legokosabb tud\u00f3sok is csak a fej\u00fcket vakargatj\u00e1k","og_description":"Nagyon sok olyan t\u00e1rgy \u00e9s hely van a F\u00f6ld\u00f6n, ami m\u00e1r a puszta l\u00e9tez\u00e9s\u00e9vel is \u00e1mulatba ejti a tud\u00f3sokat \u00e9s turist\u00e1kat egyar\u00e1nt. A t\u00e1voli \u0151seink gyakran","og_url":"https:\/\/liked.hu\/old\/erdekes\/megmagyarazhatatlan-targyak-rejtely\/","og_site_name":"Liked.hu","article_publisher":"https:\/\/www.facebook.com\/liked.hu","article_published_time":"2021-08-27T09:28:37+00:00","og_image":[{"width":1200,"height":630,"url":"https:\/\/liked.hu\/old\/wp-content\/uploads\/2021\/08\/Megmagyarazhatatlan-dolgok.jpg","type":"image\/jpeg"}],"author":"Klingstrom","twitter_card":"summary","twitter_creator":"@LikedHu","twitter_site":"@LikedHu","twitter_misc":{"Szerz\u0151:":"Klingstrom","Becs\u00fclt olvas\u00e1si id\u0151":"1 perc"},"schema":{"@context":"https:\/\/schema.org","@graph":[{"@type":"Article","@id":"https:\/\/liked.hu\/old\/erdekes\/megmagyarazhatatlan-targyak-rejtely\/#article","isPartOf":{"@id":"https:\/\/liked.hu\/old\/erdekes\/megmagyarazhatatlan-targyak-rejtely\/"},"author":{"name":"Klingstrom","@id":"https:\/\/liked.hu\/old\/#\/schema\/person\/1c8d3f8764991e8dcd6572a7de72da8a"},"headline":"Ezekt\u0151l a titokzatos t\u00e1rgyakt\u00f3l m\u00e9g a legokosabb tud\u00f3sok is csak a fej\u00fcket vakargatj\u00e1k","datePublished":"2021-08-27T09:28:37+00:00","dateModified":"2021-08-27T09:28:37+00:00","mainEntityOfPage":{"@id":"https:\/\/liked.hu\/old\/erdekes\/megmagyarazhatatlan-targyak-rejtely\/"},"wordCount":161,"commentCount":1,"publisher":{"@id":"https:\/\/liked.hu\/old\/#organization"},"keywords":["furcsa","Ma tudtam meg!","rejt\u00e9lyes","titokzatos"],"articleSection":["\u00c9rdekess\u00e9gek"],"inLanguage":"hu","potentialAction":[{"@type":"CommentAction","name":"Comment","target":["https:\/\/liked.hu\/old\/erdekes\/megmagyarazhatatlan-targyak-rejtely\/#respond"]}]},{"@type":"WebPage","@id":"https:\/\/liked.hu\/old\/erdekes\/megmagyarazhatatlan-targyak-rejtely\/","url":"https:\/\/liked.hu\/old\/erdekes\/megmagyarazhatatlan-targyak-rejtely\/","name":"Ezekt\u0151l a titokzatos t\u00e1rgyakt\u00f3l m\u00e9g a legokosabb tud\u00f3sok is csak a fej\u00fcket vakargatj\u00e1k","isPartOf":{"@id":"https:\/\/liked.hu\/old\/#website"},"datePublished":"2021-08-27T09:28:37+00:00","dateModified":"2021-08-27T09:28:37+00:00","description":"Nagyon sok olyan t\u00e1rgy \u00e9s hely van a F\u00f6ld\u00f6n, ami m\u00e1r a puszta l\u00e9tez\u00e9s\u00e9vel is \u00e1mulatba ejti a tud\u00f3sokat \u00e9s turist\u00e1kat egyar\u00e1nt. A t\u00e1voli \u0151seink gyakran","breadcrumb":{"@id":"https:\/\/liked.hu\/old\/erdekes\/megmagyarazhatatlan-targyak-rejtely\/#breadcrumb"},"inLanguage":"hu","potentialAction":[{"@type":"ReadAction","target":["https:\/\/liked.hu\/old\/erdekes\/megmagyarazhatatlan-targyak-rejtely\/"]}]},{"@type":"BreadcrumbList","@id":"https:\/\/liked.hu\/old\/erdekes\/megmagyarazhatatlan-targyak-rejtely\/#breadcrumb","itemListElement":[{"@type":"ListItem","position":1,"name":"Kezd\u0151lap","item":"https:\/\/liked.hu\/old\/"},{"@type":"ListItem","position":2,"name":"Ezekt\u0151l a titokzatos t\u00e1rgyakt\u00f3l m\u00e9g a legokosabb tud\u00f3sok is csak a fej\u00fcket vakargatj\u00e1k"}]},{"@type":"WebSite","@id":"https:\/\/liked.hu\/old\/#website","url":"https:\/\/liked.hu\/old\/","name":"Liked.hu","description":"","publisher":{"@id":"https:\/\/liked.hu\/old\/#organization"},"potentialAction":[{"@type":"SearchAction","target":{"@type":"EntryPoint","urlTemplate":"https:\/\/liked.hu\/old\/?s={search_term_string}"},"query-input":"required name=search_term_string"}],"inLanguage":"hu"},{"@type":"Organization","@id":"https:\/\/liked.hu\/old\/#organization","name":"Liked.hu","url":"https:\/\/liked.hu\/old\/","sameAs":["https:\/\/hu.pinterest.com\/likedhungary\/","https:\/\/www.youtube.com\/channel\/UCPv91dbMoIukYcM9b9nHN6Q","https:\/\/www.facebook.com\/liked.hu","https:\/\/twitter.com\/LikedHu"],"logo":{"@type":"ImageObject","inLanguage":"hu","@id":"https:\/\/liked.hu\/old\/#\/schema\/logo\/image\/","url":"https:\/\/liked.hu\/wp-content\/uploads\/2018\/08\/Liked-icon.png","contentUrl":"https:\/\/liked.hu\/wp-content\/uploads\/2018\/08\/Liked-icon.png","width":512,"height":512,"caption":"Liked.hu"},"image":{"@id":"https:\/\/liked.hu\/old\/#\/schema\/logo\/image\/"}},{"@type":"Person","@id":"https:\/\/liked.hu\/old\/#\/schema\/person\/1c8d3f8764991e8dcd6572a7de72da8a","name":"Klingstrom","image":{"@type":"ImageObject","inLanguage":"hu","@id":"https:\/\/liked.hu\/old\/#\/schema\/person\/image\/","url":"https:\/\/liked.hu\/old\/wp-content\/uploads\/avatars\/13\/604de88bd578a-bpfull.jpg","contentUrl":"https:\/\/liked.hu\/old\/wp-content\/uploads\/avatars\/13\/604de88bd578a-bpfull.jpg","caption":"Klingstrom"},"url":"https:\/\/liked.hu\/old\/u\/klingstrom\/"}]}},"publishpress_future_action":{"enabled":false,"date":"1970-01-01 01:00:00","action":"","terms":[],"taxonomy":"","browser_timezone_offset":0},"_links":{"self":[{"href":"https:\/\/liked.hu\/old\/wp-json\/wp\/v2\/posts\/251848"}],"collection":[{"href":"https:\/\/liked.hu\/old\/wp-json\/wp\/v2\/posts"}],"about":[{"href":"https:\/\/liked.hu\/old\/wp-json\/wp\/v2\/types\/post"}],"author":[{"embeddable":true,"href":"https:\/\/liked.hu\/old\/wp-json\/wp\/v2\/users\/13"}],"replies":[{"embeddable":true,"href":"https:\/\/liked.hu\/old\/wp-json\/wp\/v2\/comments?post=251848"}],"version-history":[{"count":0,"href":"https:\/\/liked.hu\/old\/wp-json\/wp\/v2\/posts\/251848\/revisions"}],"wp:featuredmedia":[{"embeddable":true,"href":"https:\/\/liked.hu\/old\/wp-json\/wp\/v2\/media\/251862"}],"wp:attachment":[{"href":"https:\/\/liked.hu\/old\/wp-json\/wp\/v2\/media?parent=251848"}],"wp:term":[{"taxonomy":"category","embeddable":true,"href":"https:\/\/liked.hu\/old\/wp-json\/wp\/v2\/categories?post=251848"},{"taxonomy":"post_tag","embeddable":true,"href":"https:\/\/liked.hu\/old\/wp-json\/wp\/v2\/tags?post=251848"}],"curies":[{"name":"wp","href":"https:\/\/api.w.org\/{rel}","templated":true}]}}