{"id":246706,"date":"2021-06-15T12:39:52","date_gmt":"2021-06-15T10:39:52","guid":{"rendered":"https:\/\/liked.hu\/old\/?p=246706"},"modified":"2021-06-21T20:57:59","modified_gmt":"2021-06-21T18:57:59","slug":"8-rejtelyes-aprosag-a-repulogepeken","status":"publish","type":"post","link":"https:\/\/liked.hu\/old\/erdekes\/8-rejtelyes-aprosag-a-repulogepeken\/","title":{"rendered":"8 rejt\u00e9lyes apr\u00f3s\u00e1g a rep\u00fcl\u0151g\u00e9peken, ami nagyon fontos a biztons\u00e1gunk v\u00e9gett"},"content":{"rendered":"<p>B\u00e1rmennyire is elt\u00e9r\u0151 az \u00e1ltal\u00e1nos v\u00e9lem\u00e9ny, a rep\u00fcl\u0151vel t\u00f6rt\u00e9n\u0151 utaz\u00e1s val\u00f3sz\u00edn\u0171leg a legbiztons\u00e1gosabb k\u00f6zleked\u00e9si m\u00f3d, \u00e9s ez nem v\u00e9letlen. A rep\u00fcl\u0151g\u00e9p balesetek rendk\u00edv\u00fcl ritk\u00e1k, k\u00fcl\u00f6n\u00f6sen m\u00e1s k\u00f6zleked\u00e9si (pl. busz, vonat, stb.) t\u00edpusokhoz k\u00e9pest. Ez javar\u00e9szt annak k\u00f6sz\u00f6nhet\u0151, hogy a rep\u00fcl\u0151g\u00e9peken sz\u00e1mtalan olyan biztons\u00e1gi funkci\u00f3t \u00e9s protokollt alkalmaznak, melyeknek k\u00f6sz\u00f6nhet\u0151en m\u00e9g egy v\u00e1ratlan vesz\u00e9lyhelyzet alkalm\u00e1val sem eshet bajuk az utasoknak.<\/p>\n\n<div style=\"float:none;margin:0px 0 0px 0;text-align:center;\">\n<div class=\"mobileShowkakettes\"><div class=\"mobileShowka2\"><div style=\"padding-top:0px;padding-bottom:15px;min-height: 300px;\"><div class=\"hirdetes\">HIRDET\u00c9S<\/div>\n<!-- 300lista -->\n<ins class=\"adsbygoogle\"\n     style=\"display:inline-block;width:300px;height:250px\"\n     data-ad-client=\"ca-pub-9424088931673893\"\n     data-ad-slot=\"8471340766\"><\/ins>\n<script async>\n     (adsbygoogle = window.adsbygoogle || []).push({});\n<\/script><\/div><\/div><\/div><\/div>\n\n<p>A\u00a0<strong>Liked.hu<\/strong>-n\u00e1l megpr\u00f3b\u00e1ltunk f\u00e9nyt der\u00edteni 8 olyan kev\u00e9sb\u00e9 ismert apr\u00f3s\u00e1gra a rep\u00fcl\u0151g\u00e9peken, melyek b\u00e1r els\u0151re furcs\u00e1nak \u00e9s l\u00e9nyegtelennek t\u0171nnek, m\u00e9gis nagy szerepet j\u00e1tszanak a biztons\u00e1gunkban.<\/p>\n<div id=\"zombify-main-section-front\" class=\"zombify-main-section-front zombify-screen zf-media-full zf-screen-sm\">\n<div class=\"zf-container\">\n<div id=\"zf-list\" class=\"zf-list zf-numbered\">\n<ol class=\"zf-structure-list\">\n<li class=\"zf-list_item\">\n<div class=\"zf-list_header\">\n<h3 class=\"zf-list_title\"><span class=\"zf-number\">1<\/span>\u00a0Kis h\u00e1romsz\u00f6g matric\u00e1k bizonyos \u00fcl\u00e9sek felett.<\/h3>\n<\/div>\n<figure class=\"zf-list_media zf-media-wrapper zf-image zf-type-image\">\n<div class=\"zf-media\">\n<div class=\"zf-media\"><img loading=\"lazy\" class=\"aligncenter size-full wp-image-247087\" src=\"https:\/\/liked.hu\/old\/wp-content\/uploads\/2021\/06\/30cadd50b68bea2661273f7c1f.jpg\" alt=\"30cadd50b68bea2661273f7c1f\" width=\"728\" height=\"472\" srcset=\"https:\/\/liked.hu\/old\/wp-content\/uploads\/2021\/06\/30cadd50b68bea2661273f7c1f.jpg 728w, https:\/\/liked.hu\/old\/wp-content\/uploads\/2021\/06\/30cadd50b68bea2661273f7c1f-300x195.jpg 300w, https:\/\/liked.hu\/old\/wp-content\/uploads\/2021\/06\/30cadd50b68bea2661273f7c1f-360x233.jpg 360w\" sizes=\"(max-width: 728px) 100vw, 728px\" \/><\/div>\n<\/div><figcaption class=\"zf-figcaption\"><cite><\/cite><\/figcaption><\/figure>\n<div class=\"zf-list_description\">\n<p>Ezek a jellemz\u0151en fekete vagy v\u00f6r\u00f6s sz\u00edn\u0171 kis h\u00e1romsz\u00f6gek jelzik a rep\u00fcl\u0151g\u00e9p szem\u00e9lyzet\u00e9nek, hogy mely ablakokon kereszt\u00fcl kin\u00e9zve kell ellen\u0151rizni\u00fck a sz\u00e1rnyakat. Ezeknek k\u00f6sz\u00f6nhet\u0151en nem kell minden ablakon kikukucsk\u00e1lva zavarni az utasokat, hanem egyb\u0151l a megfelel\u0151 ablakhoz l\u00e9phetnek.<\/p>\n<\/div>\n<\/li>\n<li class=\"zf-list_item\">\n<div class=\"zf-list_header\">\n<h3 class=\"zf-list_title\"><span class=\"zf-number\">2<\/span>\u00a0A poggy\u00e1sztart\u00f3k egyben kapaszkod\u00f3k is.<\/h3>\n<\/div>\n<figure class=\"zf-list_media zf-media-wrapper zf-image zf-type-image\">\n<div class=\"zf-media\">\n<div class=\"zf-media\"><img loading=\"lazy\" class=\"aligncenter size-full wp-image-247086\" src=\"https:\/\/liked.hu\/old\/wp-content\/uploads\/2021\/06\/68f1355b639790b5632849eba6.jpg\" alt=\"68f1355b639790b5632849eba6\" width=\"728\" height=\"472\" srcset=\"https:\/\/liked.hu\/old\/wp-content\/uploads\/2021\/06\/68f1355b639790b5632849eba6.jpg 728w, https:\/\/liked.hu\/old\/wp-content\/uploads\/2021\/06\/68f1355b639790b5632849eba6-300x195.jpg 300w, https:\/\/liked.hu\/old\/wp-content\/uploads\/2021\/06\/68f1355b639790b5632849eba6-360x233.jpg 360w\" sizes=\"(max-width: 728px) 100vw, 728px\" \/><\/div>\n<\/div><figcaption class=\"zf-figcaption\"><cite><\/cite><\/figcaption><\/figure>\n<div class=\"zf-list_description\">\n<p>A l\u00e9giutas-k\u00eds\u00e9r\u0151k ezekbe kapaszkodva tudnak v\u00e9gighaladni a g\u00e9pen m\u00e9g egy l\u00e9g\u00f6rv\u00e9nybe \u00e9rve is. Praktikus, hiszen \u00edgy nem kell az utasok \u00fcl\u00e9s\u00e9be\/v\u00e1ll\u00e1ba kapaszkodniuk, \u00e9s nem zavarj\u00e1k \u0151ket az utaz\u00e1sban.<\/p>\n\n<div style=\"float:none;margin:0px 0 0px 0;text-align:center;\">\n<div class=\"mobileHideke5\"><div style=\"margin-top:25px;\"><div class=\"hirdeteshatter\"><div style=\"display: inline-block;width: 50%;min-width:305px;vertical-align: top;\"><div class=\"hirdetes\">HIRDET\u00c9S<\/div>\n<!-- LikedQ51 -->\n<ins class=\"adsbygoogle\"\n     style=\"display:inline-block;width:300px;height:250px\"\n     data-ad-client=\"ca-pub-9424088931673893\"\n     data-ad-slot=\"8284063326\"><\/ins>\n<script async>\n     (adsbygoogle = window.adsbygoogle || []).push({});\n<\/script><\/div><div style=\"display: inline-block;width: 50%;min-width:305px;vertical-align: top;\"><div class=\"hirdetes\">HIRDET\u00c9S<\/div>\n<!-- LikedQ52 -->\n<ins class=\"adsbygoogle\"\n     style=\"display:inline-block;width:300px;height:250px\"\n     data-ad-client=\"ca-pub-9424088931673893\"\n     data-ad-slot=\"2840164950\"><\/ins>\n<script async>\n     (adsbygoogle = window.adsbygoogle || []).push({});\n<\/script><\/div><\/div><\/div><\/div>\n<div style=\"display:flex;flex-direction:column;\"><div class=\"mobileShowka5\"><div style=\"padding-top:10px;padding-bottom:10px;min-height: 300px;\"><div class=\"hirdetes\">HIRDET\u00c9S<\/div>\n<!-- LikedQ5M -->\n<ins class=\"adsbygoogle\"\n     style=\"display:inline-block;width:300px;height:250px\"\n     data-ad-client=\"ca-pub-9424088931673893\"\n     data-ad-slot=\"9022429928\"><\/ins>\n<script async>\n     (adsbygoogle = window.adsbygoogle || []).push({});\n<\/script><\/div><\/div><\/div><\/div>\n\n<\/div>\n<\/li>\n<li class=\"zf-list_item\">\n<div class=\"zf-list_header\">\n<h3 class=\"zf-list_title\"><span class=\"zf-number\">3<\/span>\u00a0Van egy gomb, amivel emelhet\u0151v\u00e9 v\u00e1lik a karfa.<\/h3>\n<\/div>\n<figure class=\"zf-list_media zf-media-wrapper zf-image zf-type-image\">\n<div class=\"zf-media\">\n<div class=\"zf-media\"><img loading=\"lazy\" class=\"aligncenter size-full wp-image-247085\" src=\"https:\/\/liked.hu\/old\/wp-content\/uploads\/2021\/06\/7ec2965ae19e2a0bd05387392d.jpg\" alt=\"7ec2965ae19e2a0bd05387392d\" width=\"728\" height=\"540\" srcset=\"https:\/\/liked.hu\/old\/wp-content\/uploads\/2021\/06\/7ec2965ae19e2a0bd05387392d.jpg 728w, https:\/\/liked.hu\/old\/wp-content\/uploads\/2021\/06\/7ec2965ae19e2a0bd05387392d-300x223.jpg 300w, https:\/\/liked.hu\/old\/wp-content\/uploads\/2021\/06\/7ec2965ae19e2a0bd05387392d-360x267.jpg 360w\" sizes=\"(max-width: 728px) 100vw, 728px\" \/><\/div>\n<\/div><figcaption class=\"zf-figcaption\"><cite><\/cite><\/figcaption><\/figure>\n<div class=\"zf-list_description\">\n<p>Ha a folyos\u00f3 mellett \u00fcl\u00fcnk \u00e9s extra helyre van sz\u00fcks\u00e9g\u00fcnk, akkor ez a gomb a mi megment\u0151nk. Ez az apr\u00f3 gomb a sz\u00e9k karf\u00e1j\u00e1nak alj\u00e1n tal\u00e1lhat\u00f3, \u00e9s ezt megnyomva k\u00fcl\u00f6nb\u00f6z\u0151 poz\u00edci\u00f3kba \u00e1ll\u00edthatjuk a karf\u00e1t. Nem minden rep\u00fcl\u0151g\u00e9pen van ilyen, de az\u00e9rt \u00e9rdemes megpr\u00f3b\u00e1lni, h\u00e1tha siker\u00fcl egy kis extra helyhez jutnunk.<\/p>\n<\/div>\n<\/li>\n<li class=\"zf-list_item\">\n<div class=\"zf-list_header\">\n<h3 class=\"zf-list_title\"><span class=\"zf-number\">4<\/span>\u00a0T\u0171z\u00e1ll\u00f3 \u00fcl\u00e9sek.<\/h3>\n<\/div>\n<figure class=\"zf-list_media zf-media-wrapper zf-image zf-type-image\">\n<div class=\"zf-media\">\n<div class=\"zf-media\"><img loading=\"lazy\" class=\"aligncenter size-full wp-image-247084\" src=\"https:\/\/liked.hu\/old\/wp-content\/uploads\/2021\/06\/8f5b9855a195e91df208ac0ae9.jpg\" alt=\"8f5b9855a195e91df208ac0ae9\" width=\"728\" height=\"469\" srcset=\"https:\/\/liked.hu\/old\/wp-content\/uploads\/2021\/06\/8f5b9855a195e91df208ac0ae9.jpg 728w, https:\/\/liked.hu\/old\/wp-content\/uploads\/2021\/06\/8f5b9855a195e91df208ac0ae9-300x193.jpg 300w, https:\/\/liked.hu\/old\/wp-content\/uploads\/2021\/06\/8f5b9855a195e91df208ac0ae9-360x232.jpg 360w\" sizes=\"(max-width: 728px) 100vw, 728px\" \/><\/div>\n<\/div><figcaption class=\"zf-figcaption\"><cite><\/cite><\/figcaption><\/figure>\n<div class=\"zf-list_description\">\n<p>A rep\u00fcl\u0151g\u00e9peken m\u00e1r hossz\u00fa \u00e9vek \u00f3ta olyan t\u0171z\u00e1ll\u00f3 anyagokb\u00f3l k\u00e9sz\u00edtik az \u00fcl\u00e9seket, melyek m\u00e9g k\u00f6zvetlen t\u0171zzel \u00e9rintkezve sem kapnak l\u00e1ngra. Ez egyike azoknak a l\u00e1thatatlan, m\u00e9gis l\u00e9tfontoss\u00e1g\u00fa biztons\u00e1gi funkci\u00f3knak, melyekr\u0151l az utasok t\u00f6bbs\u00e9g\u00e9nek fogalma sincs.<\/p>\n<p style=\"text-align: center;\">\n<div style=\"float:none;margin:0px 0 0px 0;text-align:center;\">\n<div class=\"mobileHideke8\"><div style=\"margin-top:25px;\"><div class=\"hirdeteshatter\"><div style=\"display: inline-block;width: 50%;min-width:340px;vertical-align: top;\"><div class=\"hirdetes\">HIRDET\u00c9S<\/div>\n<!-- Liked7Q1 -->\n<ins class=\"adsbygoogle\"\n     style=\"display:inline-block;width:336px;height:280px\"\n     data-ad-client=\"ca-pub-9424088931673893\"\n     data-ad-slot=\"3022062587\"><\/ins>\n<script async>\n     (adsbygoogle = window.adsbygoogle || []).push({});\n<\/script><\/div><div style=\"display: inline-block;width: 50%;min-width:340px;vertical-align: top;\"><div class=\"hirdetes\">HIRDET\u00c9S<\/div>\n<!-- Liked7Q2 -->\n<ins class=\"adsbygoogle\"\n     style=\"display:inline-block;width:336px;height:280px\"\n     data-ad-client=\"ca-pub-9424088931673893\"\n     data-ad-slot=\"3952000871\"><\/ins>\n<script async>\n     (adsbygoogle = window.adsbygoogle || []).push({});\n<\/script><\/div><\/div><\/div><\/div>\n<div style=\"display:flex;flex-direction:column;\"><div class=\"mobileShowka8\"><div style=\"padding-top:15px;margin-bottom:15px;min-height: 300px;\"><div class=\"hirdetes\">HIRDET\u00c9S<\/div>\n<!-- Liked7QMobil -->\n<ins class=\"adsbygoogle\"\n     style=\"display:inline-block;width:336px;height:280px\"\n     data-ad-client=\"ca-pub-9424088931673893\"\n     data-ad-slot=\"5073510857\"><\/ins>\n<script async>\n     (adsbygoogle = window.adsbygoogle || []).push({});\n<\/script><\/div><\/div><\/div><\/div>\n<\/div>\n<\/li>\n<li class=\"zf-list_item\">\n<div class=\"zf-list_header\">\n<h3 class=\"zf-list_title\"><span class=\"zf-number\">5<\/span>\u00a0Bilincs helyett gyorsk\u00f6t\u00f6z\u0151.<\/h3>\n<\/div>\n<figure class=\"zf-list_media zf-media-wrapper zf-image zf-type-image\">\n<div class=\"zf-media\">\n<div class=\"zf-media\"><img loading=\"lazy\" class=\"aligncenter size-full wp-image-247083\" src=\"https:\/\/liked.hu\/old\/wp-content\/uploads\/2021\/06\/e0b64a5a6780367757cd0d3b68.jpg\" alt=\"e0b64a5a6780367757cd0d3b68\" width=\"728\" height=\"510\" srcset=\"https:\/\/liked.hu\/old\/wp-content\/uploads\/2021\/06\/e0b64a5a6780367757cd0d3b68.jpg 728w, https:\/\/liked.hu\/old\/wp-content\/uploads\/2021\/06\/e0b64a5a6780367757cd0d3b68-300x210.jpg 300w, https:\/\/liked.hu\/old\/wp-content\/uploads\/2021\/06\/e0b64a5a6780367757cd0d3b68-360x252.jpg 360w\" sizes=\"(max-width: 728px) 100vw, 728px\" \/><\/div>\n<\/div><figcaption class=\"zf-figcaption\"><cite><\/cite><\/figcaption><\/figure>\n<div class=\"zf-list_description\">\n<p>Nem ritka, hogy egyes utasok annyira kezelhetetlenn\u00e9 v\u00e1lnak, hogy korl\u00e1tozni kell \u0151ket a mozg\u00e1sukban, am\u00edg a rep\u00fcl\u0151g\u00e9p f\u00f6ldet \u00e9r. Ilyenkor a szem\u00e9lyzet nem bilincseket alkalmaz, hanem gyorsk\u00f6t\u00f6z\u0151ket. Ez egy\u00e9bk\u00e9nt majdnem olyan hat\u00e1sos, mint a bilincs, \u00e1m sokkal diszkr\u00e9tebb \u00e9s jobban kombin\u00e1lhat\u00f3.<\/p>\n<\/div>\n<\/li>\n<li class=\"zf-list_item\">\n<div class=\"zf-list_header\">\n<h3 class=\"zf-list_title\"><span class=\"zf-number\">6<\/span>\u00a0A sz\u00e1rnyakon tal\u00e1lhat\u00f3 kis s\u00e1rga kamp\u00f3 j\u00f3 okkal k\u00e9sz\u00fclt.<\/h3>\n<\/div>\n<figure class=\"zf-list_media zf-media-wrapper zf-image zf-type-image\">\n<div class=\"zf-media\">\n<div class=\"zf-media\"><img loading=\"lazy\" class=\"aligncenter size-full wp-image-247082\" src=\"https:\/\/liked.hu\/old\/wp-content\/uploads\/2021\/06\/3e808b572ca16163f4c5918867.jpg\" alt=\"3e808b572ca16163f4c5918867\" width=\"728\" height=\"472\" srcset=\"https:\/\/liked.hu\/old\/wp-content\/uploads\/2021\/06\/3e808b572ca16163f4c5918867.jpg 728w, https:\/\/liked.hu\/old\/wp-content\/uploads\/2021\/06\/3e808b572ca16163f4c5918867-300x195.jpg 300w, https:\/\/liked.hu\/old\/wp-content\/uploads\/2021\/06\/3e808b572ca16163f4c5918867-360x233.jpg 360w\" sizes=\"(max-width: 728px) 100vw, 728px\" \/><\/div>\n<\/div><figcaption class=\"zf-figcaption\"><cite><\/cite><\/figcaption><\/figure>\n<div class=\"zf-list_description\">\n<p>K\u00e9nyszerlesz\u00e1ll\u00e1skor az g\u00e9pt\u00f6rzs t\u00fal magasan van ahhoz, hogy az utasok csak egyszer\u0171en a f\u00f6ldre ugorjanak, ez\u00e9rt felf\u00fajhat\u00f3 l\u00e9tr\u00e1kat szoktak haszn\u00e1lni, \u00e1m ha ez valami\u00e9rt nincs vagy meghib\u00e1sodik, akkor a l\u00e9giutas-k\u00eds\u00e9r\u0151k k\u00f6teleket r\u00f6gz\u00edtenek ezekhez a g\u00e9psz\u00e1rnyon tal\u00e1lhat\u00f3 kamp\u00f3khoz, melyeken kereszt\u00fcl azt\u00e1n az utasok leereszkedhetnek a f\u00f6ldre.<\/p>\n\n<div style=\"float:none;margin:0px 0 0px 0;text-align:center;\">\n<div class=\"mobileHideke8\"><div class=\"hirdeteshatter\"><div style=\"display: inline-block;width: 50%;min-width:340px;vertical-align: top;\"><div class=\"hirdetes\">HIRDET\u00c9S<\/div>\n<!-- LikedQ81 -->\n<ins class=\"adsbygoogle\"\n     style=\"display:inline-block;width:336px;height:280px\"\n     data-ad-client=\"ca-pub-9424088931673893\"\n     data-ad-slot=\"2436840276\"><\/ins>\n<script async>\n     (adsbygoogle = window.adsbygoogle || []).push({});\n<\/script><\/div><div style=\"display: inline-block;width: 50%;min-width:340px;vertical-align: top;\"><div class=\"hirdetes\">HIRDET\u00c9S<\/div>\n<!-- LikedQ82 -->\n<ins class=\"adsbygoogle\"\n     style=\"display:inline-block;width:336px;height:280px\"\n     data-ad-client=\"ca-pub-9424088931673893\"\n     data-ad-slot=\"3558350253\"><\/ins>\n<script async>\n     (adsbygoogle = window.adsbygoogle || []).push({});\n<\/script><\/div><\/div><\/div>\n<div style=\"display:flex;flex-direction:column;\"><div class=\"mobileShowka8 nyolc\"><div style=\"padding-top:15px;padding-bottom:5px;min-height: 300px;\"><div class=\"hirdetes\">HIRDET\u00c9S<\/div>\n<!-- LikedQ8M -->\n<ins class=\"adsbygoogle\"\n     style=\"display:inline-block;width:336px;height:280px\"\n     data-ad-client=\"ca-pub-9424088931673893\"\n     data-ad-slot=\"4679860235\"><\/ins>\n<script async>\n     (adsbygoogle = window.adsbygoogle || []).push({});\n<\/script><\/div><\/div><\/div><\/div>\n\n<\/div>\n<\/li>\n<li class=\"zf-list_item\">\n<div class=\"zf-list_header\">\n<h3 class=\"zf-list_title\"><span class=\"zf-number\">7<\/span>\u00a0Utaz\u00e1s k\u00f6zben a fej\u00fcnk f\u00f6l\u00f6tt l\u00e9v\u0151 panel tele van vegyszerekkel.<\/h3>\n<\/div>\n<figure class=\"zf-list_media zf-media-wrapper zf-image zf-type-image\">\n<div class=\"zf-media\">\n<div class=\"zf-media\"><img loading=\"lazy\" class=\"aligncenter size-full wp-image-247081\" src=\"https:\/\/liked.hu\/old\/wp-content\/uploads\/2021\/06\/410dbf508da013177b82ef5619.jpg\" alt=\"410dbf508da013177b82ef5619\" width=\"728\" height=\"410\" srcset=\"https:\/\/liked.hu\/old\/wp-content\/uploads\/2021\/06\/410dbf508da013177b82ef5619.jpg 728w, https:\/\/liked.hu\/old\/wp-content\/uploads\/2021\/06\/410dbf508da013177b82ef5619-300x169.jpg 300w, https:\/\/liked.hu\/old\/wp-content\/uploads\/2021\/06\/410dbf508da013177b82ef5619-360x203.jpg 360w\" sizes=\"(max-width: 728px) 100vw, 728px\" \/><\/div>\n<\/div><figcaption class=\"zf-figcaption\"><cite><\/cite><\/figcaption><\/figure>\n<div class=\"zf-list_description\">\n<p>A rep\u00fcl\u0151g\u00e9pek nem sz\u00e1ll\u00edtanak oxig\u00e9ntart\u00e1lyokat az\u00e9rt, hogy a v\u00e1ratlan nyom\u00e1svesztes\u00e9g ut\u00e1n friss oxig\u00e9nt juttassanak maszkokon kereszt\u00fcl az utasokhoz, hanem speci\u00e1lis vegyi anyagokkal hoznak l\u00e9tre bel\u00e9legezhet\u0151 oxig\u00e9nt. \u00c9rdemes tudni, hogy ennek k\u00f6sz\u00f6nhet\u0151en csak n\u00e9h\u00e1ny percnyi l\u00e9gz\u00e9sre elegend\u0151 oxig\u00e9n termel\u0151dik, \u00e1m ez \u00e1ltal\u00e1ban b\u0151ven el\u00e9g addig, m\u00edg a pil\u00f3ta alacsonyabb magass\u00e1gba viszi a g\u00e9pet, ahol m\u00e1r szabadon lehet l\u00e9legezni.<\/p>\n<\/div>\n<\/li>\n<li class=\"zf-list_item\">\n<div class=\"zf-list_header\">\n<h3 class=\"zf-list_title\"><span class=\"zf-number\">8<\/span>\u00a0A rep\u00fcl\u0151g\u00e9peknek is van dud\u00e1juk.<\/h3>\n<\/div>\n<figure class=\"zf-list_media zf-media-wrapper zf-image zf-type-image\">\n<div class=\"zf-media\">\n<div class=\"zf-media\"><img loading=\"lazy\" class=\"aligncenter size-full wp-image-247080\" src=\"https:\/\/liked.hu\/old\/wp-content\/uploads\/2021\/06\/Repulo-duda.jpg\" alt=\"Repulo duda\" width=\"728\" height=\"454\" srcset=\"https:\/\/liked.hu\/old\/wp-content\/uploads\/2021\/06\/Repulo-duda.jpg 728w, https:\/\/liked.hu\/old\/wp-content\/uploads\/2021\/06\/Repulo-duda-300x187.jpg 300w, https:\/\/liked.hu\/old\/wp-content\/uploads\/2021\/06\/Repulo-duda-360x225.jpg 360w\" sizes=\"(max-width: 728px) 100vw, 728px\" \/><\/div>\n<\/div><figcaption class=\"zf-figcaption\"><cite><\/cite><\/figcaption><\/figure>\n<div class=\"zf-list_description\">\n<p>Igen, a rep\u00fcl\u0151g\u00e9peknek is van k\u00fcrtj\u00fck, mely a pil\u00f3taf\u00fclke m\u0171szerfal\u00e1n tal\u00e1lhat\u00f3 gomb seg\u00edts\u00e9g\u00e9vel hozhat\u00f3 m\u0171k\u00f6d\u00e9sbe. A hangja nagyj\u00e1b\u00f3l olyan, mint egy g\u0151zhaj\u00f3, \u00e9s rep\u00fcl\u00e9s k\u00f6zben ki van kapcsolva, hisz&#8217; f\u00f6l\u00f6sleges. Ezt a dud\u00e1t egyed\u00fcl a kifut\u00f3p\u00e1ly\u00e1n t\u00f6rt\u00e9n\u0151 k\u00f6zleked\u00e9skor szokt\u00e1k haszn\u00e1lni a pil\u00f3t\u00e1k, ahol n\u00e9ha figyelmeztetni kell az ott dolgoz\u00f3, figyelmetlen szerel\u0151ket, rakod\u00f3kat, \u00e9s egy\u00e9b munk\u00e1sokat.<\/p>\n<\/div>\n<\/li>\n<\/ol>\n<\/div>\n<\/div>\n<\/div>\n","protected":false},"excerpt":{"rendered":"<p>B\u00e1rmennyire is elt\u00e9r\u0151 az \u00e1ltal\u00e1nos v\u00e9lem\u00e9ny, a rep\u00fcl\u0151vel t\u00f6rt\u00e9n\u0151 utaz\u00e1s val\u00f3sz\u00edn\u0171leg a legbiztons\u00e1gosabb k\u00f6zleked\u00e9si m\u00f3d, \u00e9s ez nem v\u00e9letlen. A rep\u00fcl\u0151g\u00e9p balesetek rendk\u00edv\u00fcl ritk\u00e1k, k\u00fcl\u00f6n\u00f6sen m\u00e1s k\u00f6zleked\u00e9si (pl. busz, vonat, stb.) t\u00edpusokhoz k\u00e9pest. Ez javar\u00e9szt annak k\u00f6sz\u00f6nhet\u0151, hogy a rep\u00fcl\u0151g\u00e9peken sz\u00e1mtalan olyan biztons\u00e1gi funkci\u00f3t \u00e9s protokollt alkalmaznak, melyeknek k\u00f6sz\u00f6nhet\u0151en m\u00e9g egy v\u00e1ratlan vesz\u00e9lyhelyzet alkalm\u00e1val sem [&hellip;]<\/p>\n","protected":false},"author":13,"featured_media":246707,"comment_status":"open","ping_status":"closed","sticky":false,"template":"","format":"standard","meta":{"buzzeditor_post_format":""},"categories":[23],"tags":[5823,4939,2195,2620],"yoast_head":"<!-- This site is optimized with the Yoast SEO plugin v19.6.1 - https:\/\/yoast.com\/wordpress\/plugins\/seo\/ -->\n<title>8 rejt\u00e9lyes apr\u00f3s\u00e1g a rep\u00fcl\u0151g\u00e9peken, ami nagyon fontos a biztons\u00e1gunk v\u00e9gett<\/title>\n<meta name=\"description\" content=\"B\u00e1rmennyire is elt\u00e9r\u0151 az \u00e1ltal\u00e1nos v\u00e9lem\u00e9ny, a rep\u00fcl\u0151vel t\u00f6rt\u00e9n\u0151 utaz\u00e1s val\u00f3sz\u00edn\u0171leg a legbiztons\u00e1gosabb k\u00f6zleked\u00e9si m\u00f3d, \u00e9s ez nem v\u00e9letlen. A rep\u00fcl\u0151g\u00e9p\" \/>\n<meta name=\"robots\" content=\"index, follow, max-snippet:-1, max-image-preview:large, max-video-preview:-1\" \/>\n<link rel=\"canonical\" href=\"https:\/\/liked.hu\/old\/erdekes\/8-rejtelyes-aprosag-a-repulogepeken\/\" \/>\n<meta property=\"og:locale\" content=\"hu_HU\" \/>\n<meta property=\"og:type\" content=\"article\" \/>\n<meta property=\"og:title\" content=\"8 rejt\u00e9lyes apr\u00f3s\u00e1g a rep\u00fcl\u0151g\u00e9peken, ami nagyon fontos a biztons\u00e1gunk v\u00e9gett\" \/>\n<meta property=\"og:description\" content=\"B\u00e1rmennyire is elt\u00e9r\u0151 az \u00e1ltal\u00e1nos v\u00e9lem\u00e9ny, a rep\u00fcl\u0151vel t\u00f6rt\u00e9n\u0151 utaz\u00e1s val\u00f3sz\u00edn\u0171leg a legbiztons\u00e1gosabb k\u00f6zleked\u00e9si m\u00f3d, \u00e9s ez nem v\u00e9letlen. A rep\u00fcl\u0151g\u00e9p\" \/>\n<meta property=\"og:url\" content=\"https:\/\/liked.hu\/old\/erdekes\/8-rejtelyes-aprosag-a-repulogepeken\/\" \/>\n<meta property=\"og:site_name\" content=\"Liked.hu\" \/>\n<meta property=\"article:publisher\" content=\"https:\/\/www.facebook.com\/liked.hu\" \/>\n<meta property=\"article:published_time\" content=\"2021-06-15T10:39:52+00:00\" \/>\n<meta property=\"article:modified_time\" content=\"2021-06-21T18:57:59+00:00\" \/>\n<meta property=\"og:image\" content=\"https:\/\/liked.hu\/old\/wp-content\/uploads\/2021\/06\/Repulogepek-titkos-reszei.jpg\" \/>\n\t<meta property=\"og:image:width\" content=\"1200\" \/>\n\t<meta property=\"og:image:height\" content=\"630\" \/>\n\t<meta property=\"og:image:type\" content=\"image\/jpeg\" \/>\n<meta name=\"author\" content=\"Klingstrom\" \/>\n<meta name=\"twitter:card\" content=\"summary\" \/>\n<meta name=\"twitter:creator\" content=\"@LikedHu\" \/>\n<meta name=\"twitter:site\" content=\"@LikedHu\" \/>\n<meta name=\"twitter:label1\" content=\"Szerz\u0151:\" \/>\n\t<meta name=\"twitter:data1\" content=\"Klingstrom\" \/>\n\t<meta name=\"twitter:label2\" content=\"Becs\u00fclt olvas\u00e1si id\u0151\" \/>\n\t<meta name=\"twitter:data2\" content=\"4 perc\" \/>\n<script type=\"application\/ld+json\" class=\"yoast-schema-graph\">{\"@context\":\"https:\/\/schema.org\",\"@graph\":[{\"@type\":\"Article\",\"@id\":\"https:\/\/liked.hu\/old\/erdekes\/8-rejtelyes-aprosag-a-repulogepeken\/#article\",\"isPartOf\":{\"@id\":\"https:\/\/liked.hu\/old\/erdekes\/8-rejtelyes-aprosag-a-repulogepeken\/\"},\"author\":{\"name\":\"Klingstrom\",\"@id\":\"https:\/\/liked.hu\/old\/#\/schema\/person\/1c8d3f8764991e8dcd6572a7de72da8a\"},\"headline\":\"8 rejt\u00e9lyes apr\u00f3s\u00e1g a rep\u00fcl\u0151g\u00e9peken, ami nagyon fontos a biztons\u00e1gunk v\u00e9gett\",\"datePublished\":\"2021-06-15T10:39:52+00:00\",\"dateModified\":\"2021-06-21T18:57:59+00:00\",\"mainEntityOfPage\":{\"@id\":\"https:\/\/liked.hu\/old\/erdekes\/8-rejtelyes-aprosag-a-repulogepeken\/\"},\"wordCount\":815,\"commentCount\":0,\"publisher\":{\"@id\":\"https:\/\/liked.hu\/old\/#organization\"},\"keywords\":[\"Ma tudtam meg!\",\"rep\u00fcl\u00e9s\",\"rep\u00fcl\u0151g\u00e9p\",\"titok\"],\"articleSection\":[\"\u00c9rdekess\u00e9gek\"],\"inLanguage\":\"hu\",\"potentialAction\":[{\"@type\":\"CommentAction\",\"name\":\"Comment\",\"target\":[\"https:\/\/liked.hu\/old\/erdekes\/8-rejtelyes-aprosag-a-repulogepeken\/#respond\"]}]},{\"@type\":\"WebPage\",\"@id\":\"https:\/\/liked.hu\/old\/erdekes\/8-rejtelyes-aprosag-a-repulogepeken\/\",\"url\":\"https:\/\/liked.hu\/old\/erdekes\/8-rejtelyes-aprosag-a-repulogepeken\/\",\"name\":\"8 rejt\u00e9lyes apr\u00f3s\u00e1g a rep\u00fcl\u0151g\u00e9peken, ami nagyon fontos a biztons\u00e1gunk v\u00e9gett\",\"isPartOf\":{\"@id\":\"https:\/\/liked.hu\/old\/#website\"},\"datePublished\":\"2021-06-15T10:39:52+00:00\",\"dateModified\":\"2021-06-21T18:57:59+00:00\",\"description\":\"B\u00e1rmennyire is elt\u00e9r\u0151 az \u00e1ltal\u00e1nos v\u00e9lem\u00e9ny, a rep\u00fcl\u0151vel t\u00f6rt\u00e9n\u0151 utaz\u00e1s val\u00f3sz\u00edn\u0171leg a legbiztons\u00e1gosabb k\u00f6zleked\u00e9si m\u00f3d, \u00e9s ez nem v\u00e9letlen. A rep\u00fcl\u0151g\u00e9p\",\"breadcrumb\":{\"@id\":\"https:\/\/liked.hu\/old\/erdekes\/8-rejtelyes-aprosag-a-repulogepeken\/#breadcrumb\"},\"inLanguage\":\"hu\",\"potentialAction\":[{\"@type\":\"ReadAction\",\"target\":[\"https:\/\/liked.hu\/old\/erdekes\/8-rejtelyes-aprosag-a-repulogepeken\/\"]}]},{\"@type\":\"BreadcrumbList\",\"@id\":\"https:\/\/liked.hu\/old\/erdekes\/8-rejtelyes-aprosag-a-repulogepeken\/#breadcrumb\",\"itemListElement\":[{\"@type\":\"ListItem\",\"position\":1,\"name\":\"Kezd\u0151lap\",\"item\":\"https:\/\/liked.hu\/old\/\"},{\"@type\":\"ListItem\",\"position\":2,\"name\":\"8 rejt\u00e9lyes apr\u00f3s\u00e1g a rep\u00fcl\u0151g\u00e9peken, ami nagyon fontos a biztons\u00e1gunk v\u00e9gett\"}]},{\"@type\":\"WebSite\",\"@id\":\"https:\/\/liked.hu\/old\/#website\",\"url\":\"https:\/\/liked.hu\/old\/\",\"name\":\"Liked.hu\",\"description\":\"\",\"publisher\":{\"@id\":\"https:\/\/liked.hu\/old\/#organization\"},\"potentialAction\":[{\"@type\":\"SearchAction\",\"target\":{\"@type\":\"EntryPoint\",\"urlTemplate\":\"https:\/\/liked.hu\/old\/?s={search_term_string}\"},\"query-input\":\"required name=search_term_string\"}],\"inLanguage\":\"hu\"},{\"@type\":\"Organization\",\"@id\":\"https:\/\/liked.hu\/old\/#organization\",\"name\":\"Liked.hu\",\"url\":\"https:\/\/liked.hu\/old\/\",\"sameAs\":[\"https:\/\/hu.pinterest.com\/likedhungary\/\",\"https:\/\/www.youtube.com\/channel\/UCPv91dbMoIukYcM9b9nHN6Q\",\"https:\/\/www.facebook.com\/liked.hu\",\"https:\/\/twitter.com\/LikedHu\"],\"logo\":{\"@type\":\"ImageObject\",\"inLanguage\":\"hu\",\"@id\":\"https:\/\/liked.hu\/old\/#\/schema\/logo\/image\/\",\"url\":\"https:\/\/liked.hu\/wp-content\/uploads\/2018\/08\/Liked-icon.png\",\"contentUrl\":\"https:\/\/liked.hu\/wp-content\/uploads\/2018\/08\/Liked-icon.png\",\"width\":512,\"height\":512,\"caption\":\"Liked.hu\"},\"image\":{\"@id\":\"https:\/\/liked.hu\/old\/#\/schema\/logo\/image\/\"}},{\"@type\":\"Person\",\"@id\":\"https:\/\/liked.hu\/old\/#\/schema\/person\/1c8d3f8764991e8dcd6572a7de72da8a\",\"name\":\"Klingstrom\",\"image\":{\"@type\":\"ImageObject\",\"inLanguage\":\"hu\",\"@id\":\"https:\/\/liked.hu\/old\/#\/schema\/person\/image\/\",\"url\":\"https:\/\/liked.hu\/old\/wp-content\/uploads\/avatars\/13\/604de88bd578a-bpfull.jpg\",\"contentUrl\":\"https:\/\/liked.hu\/old\/wp-content\/uploads\/avatars\/13\/604de88bd578a-bpfull.jpg\",\"caption\":\"Klingstrom\"},\"url\":\"https:\/\/liked.hu\/old\/u\/klingstrom\/\"}]}<\/script>\n<!-- \/ Yoast SEO plugin. -->","yoast_head_json":{"title":"8 rejt\u00e9lyes apr\u00f3s\u00e1g a rep\u00fcl\u0151g\u00e9peken, ami nagyon fontos a biztons\u00e1gunk v\u00e9gett","description":"B\u00e1rmennyire is elt\u00e9r\u0151 az \u00e1ltal\u00e1nos v\u00e9lem\u00e9ny, a rep\u00fcl\u0151vel t\u00f6rt\u00e9n\u0151 utaz\u00e1s val\u00f3sz\u00edn\u0171leg a legbiztons\u00e1gosabb k\u00f6zleked\u00e9si m\u00f3d, \u00e9s ez nem v\u00e9letlen. A rep\u00fcl\u0151g\u00e9p","robots":{"index":"index","follow":"follow","max-snippet":"max-snippet:-1","max-image-preview":"max-image-preview:large","max-video-preview":"max-video-preview:-1"},"canonical":"https:\/\/liked.hu\/old\/erdekes\/8-rejtelyes-aprosag-a-repulogepeken\/","og_locale":"hu_HU","og_type":"article","og_title":"8 rejt\u00e9lyes apr\u00f3s\u00e1g a rep\u00fcl\u0151g\u00e9peken, ami nagyon fontos a biztons\u00e1gunk v\u00e9gett","og_description":"B\u00e1rmennyire is elt\u00e9r\u0151 az \u00e1ltal\u00e1nos v\u00e9lem\u00e9ny, a rep\u00fcl\u0151vel t\u00f6rt\u00e9n\u0151 utaz\u00e1s val\u00f3sz\u00edn\u0171leg a legbiztons\u00e1gosabb k\u00f6zleked\u00e9si m\u00f3d, \u00e9s ez nem v\u00e9letlen. A rep\u00fcl\u0151g\u00e9p","og_url":"https:\/\/liked.hu\/old\/erdekes\/8-rejtelyes-aprosag-a-repulogepeken\/","og_site_name":"Liked.hu","article_publisher":"https:\/\/www.facebook.com\/liked.hu","article_published_time":"2021-06-15T10:39:52+00:00","article_modified_time":"2021-06-21T18:57:59+00:00","og_image":[{"width":1200,"height":630,"url":"https:\/\/liked.hu\/old\/wp-content\/uploads\/2021\/06\/Repulogepek-titkos-reszei.jpg","type":"image\/jpeg"}],"author":"Klingstrom","twitter_card":"summary","twitter_creator":"@LikedHu","twitter_site":"@LikedHu","twitter_misc":{"Szerz\u0151:":"Klingstrom","Becs\u00fclt olvas\u00e1si id\u0151":"4 perc"},"schema":{"@context":"https:\/\/schema.org","@graph":[{"@type":"Article","@id":"https:\/\/liked.hu\/old\/erdekes\/8-rejtelyes-aprosag-a-repulogepeken\/#article","isPartOf":{"@id":"https:\/\/liked.hu\/old\/erdekes\/8-rejtelyes-aprosag-a-repulogepeken\/"},"author":{"name":"Klingstrom","@id":"https:\/\/liked.hu\/old\/#\/schema\/person\/1c8d3f8764991e8dcd6572a7de72da8a"},"headline":"8 rejt\u00e9lyes apr\u00f3s\u00e1g a rep\u00fcl\u0151g\u00e9peken, ami nagyon fontos a biztons\u00e1gunk v\u00e9gett","datePublished":"2021-06-15T10:39:52+00:00","dateModified":"2021-06-21T18:57:59+00:00","mainEntityOfPage":{"@id":"https:\/\/liked.hu\/old\/erdekes\/8-rejtelyes-aprosag-a-repulogepeken\/"},"wordCount":815,"commentCount":0,"publisher":{"@id":"https:\/\/liked.hu\/old\/#organization"},"keywords":["Ma tudtam meg!","rep\u00fcl\u00e9s","rep\u00fcl\u0151g\u00e9p","titok"],"articleSection":["\u00c9rdekess\u00e9gek"],"inLanguage":"hu","potentialAction":[{"@type":"CommentAction","name":"Comment","target":["https:\/\/liked.hu\/old\/erdekes\/8-rejtelyes-aprosag-a-repulogepeken\/#respond"]}]},{"@type":"WebPage","@id":"https:\/\/liked.hu\/old\/erdekes\/8-rejtelyes-aprosag-a-repulogepeken\/","url":"https:\/\/liked.hu\/old\/erdekes\/8-rejtelyes-aprosag-a-repulogepeken\/","name":"8 rejt\u00e9lyes apr\u00f3s\u00e1g a rep\u00fcl\u0151g\u00e9peken, ami nagyon fontos a biztons\u00e1gunk v\u00e9gett","isPartOf":{"@id":"https:\/\/liked.hu\/old\/#website"},"datePublished":"2021-06-15T10:39:52+00:00","dateModified":"2021-06-21T18:57:59+00:00","description":"B\u00e1rmennyire is elt\u00e9r\u0151 az \u00e1ltal\u00e1nos v\u00e9lem\u00e9ny, a rep\u00fcl\u0151vel t\u00f6rt\u00e9n\u0151 utaz\u00e1s val\u00f3sz\u00edn\u0171leg a legbiztons\u00e1gosabb k\u00f6zleked\u00e9si m\u00f3d, \u00e9s ez nem v\u00e9letlen. A rep\u00fcl\u0151g\u00e9p","breadcrumb":{"@id":"https:\/\/liked.hu\/old\/erdekes\/8-rejtelyes-aprosag-a-repulogepeken\/#breadcrumb"},"inLanguage":"hu","potentialAction":[{"@type":"ReadAction","target":["https:\/\/liked.hu\/old\/erdekes\/8-rejtelyes-aprosag-a-repulogepeken\/"]}]},{"@type":"BreadcrumbList","@id":"https:\/\/liked.hu\/old\/erdekes\/8-rejtelyes-aprosag-a-repulogepeken\/#breadcrumb","itemListElement":[{"@type":"ListItem","position":1,"name":"Kezd\u0151lap","item":"https:\/\/liked.hu\/old\/"},{"@type":"ListItem","position":2,"name":"8 rejt\u00e9lyes apr\u00f3s\u00e1g a rep\u00fcl\u0151g\u00e9peken, ami nagyon fontos a biztons\u00e1gunk v\u00e9gett"}]},{"@type":"WebSite","@id":"https:\/\/liked.hu\/old\/#website","url":"https:\/\/liked.hu\/old\/","name":"Liked.hu","description":"","publisher":{"@id":"https:\/\/liked.hu\/old\/#organization"},"potentialAction":[{"@type":"SearchAction","target":{"@type":"EntryPoint","urlTemplate":"https:\/\/liked.hu\/old\/?s={search_term_string}"},"query-input":"required name=search_term_string"}],"inLanguage":"hu"},{"@type":"Organization","@id":"https:\/\/liked.hu\/old\/#organization","name":"Liked.hu","url":"https:\/\/liked.hu\/old\/","sameAs":["https:\/\/hu.pinterest.com\/likedhungary\/","https:\/\/www.youtube.com\/channel\/UCPv91dbMoIukYcM9b9nHN6Q","https:\/\/www.facebook.com\/liked.hu","https:\/\/twitter.com\/LikedHu"],"logo":{"@type":"ImageObject","inLanguage":"hu","@id":"https:\/\/liked.hu\/old\/#\/schema\/logo\/image\/","url":"https:\/\/liked.hu\/wp-content\/uploads\/2018\/08\/Liked-icon.png","contentUrl":"https:\/\/liked.hu\/wp-content\/uploads\/2018\/08\/Liked-icon.png","width":512,"height":512,"caption":"Liked.hu"},"image":{"@id":"https:\/\/liked.hu\/old\/#\/schema\/logo\/image\/"}},{"@type":"Person","@id":"https:\/\/liked.hu\/old\/#\/schema\/person\/1c8d3f8764991e8dcd6572a7de72da8a","name":"Klingstrom","image":{"@type":"ImageObject","inLanguage":"hu","@id":"https:\/\/liked.hu\/old\/#\/schema\/person\/image\/","url":"https:\/\/liked.hu\/old\/wp-content\/uploads\/avatars\/13\/604de88bd578a-bpfull.jpg","contentUrl":"https:\/\/liked.hu\/old\/wp-content\/uploads\/avatars\/13\/604de88bd578a-bpfull.jpg","caption":"Klingstrom"},"url":"https:\/\/liked.hu\/old\/u\/klingstrom\/"}]}},"publishpress_future_action":{"enabled":false,"date":"1970-01-01 01:00:00","action":"","terms":[],"taxonomy":"","browser_timezone_offset":0},"_links":{"self":[{"href":"https:\/\/liked.hu\/old\/wp-json\/wp\/v2\/posts\/246706"}],"collection":[{"href":"https:\/\/liked.hu\/old\/wp-json\/wp\/v2\/posts"}],"about":[{"href":"https:\/\/liked.hu\/old\/wp-json\/wp\/v2\/types\/post"}],"author":[{"embeddable":true,"href":"https:\/\/liked.hu\/old\/wp-json\/wp\/v2\/users\/13"}],"replies":[{"embeddable":true,"href":"https:\/\/liked.hu\/old\/wp-json\/wp\/v2\/comments?post=246706"}],"version-history":[{"count":0,"href":"https:\/\/liked.hu\/old\/wp-json\/wp\/v2\/posts\/246706\/revisions"}],"wp:featuredmedia":[{"embeddable":true,"href":"https:\/\/liked.hu\/old\/wp-json\/wp\/v2\/media\/246707"}],"wp:attachment":[{"href":"https:\/\/liked.hu\/old\/wp-json\/wp\/v2\/media?parent=246706"}],"wp:term":[{"taxonomy":"category","embeddable":true,"href":"https:\/\/liked.hu\/old\/wp-json\/wp\/v2\/categories?post=246706"},{"taxonomy":"post_tag","embeddable":true,"href":"https:\/\/liked.hu\/old\/wp-json\/wp\/v2\/tags?post=246706"}],"curies":[{"name":"wp","href":"https:\/\/api.w.org\/{rel}","templated":true}]}}