{"id":246580,"date":"2016-05-23T11:10:59","date_gmt":"2016-05-23T09:10:59","guid":{"rendered":"https:\/\/liked.hu\/old\/?p=246580"},"modified":"2022-09-03T01:42:44","modified_gmt":"2022-09-02T23:42:44","slug":"13-elkepeszto-dekoracio-amivel-feldobhatjuk-szobaink-falat","status":"publish","type":"post","link":"https:\/\/liked.hu\/old\/tippek-es-trukkok\/13-elkepeszto-dekoracio-amivel-feldobhatjuk-szobaink-falat\/","title":{"rendered":"13 Elk\u00e9peszt\u0151 dekor\u00e1ci\u00f3 amivel feldobhatjuk szob\u00e1ink fal\u00e1t"},"content":{"rendered":"<p>Olykor-olykor nagy gondot jelenthet egy-egy \u00fcres fal a lak\u00e1sban, vagy az, hogy \u00e9ppen mit is k\u00e9ne kitenn\u00fcnk r\u00e1, hogy ne legyen olyan unalmas. Ehhez persze t\u00f6bb ezer\/t\u00edzezer forintban ak\u00e1r a boltban is n\u00e9zel\u0151dhet\u00fcnk, de ha ezt a p\u00e9nzt\u00e1rc\u00e1nk nem engedi, vagy csak szeret\u00fcnk saj\u00e1t kez\u0171leg valami egyedit \u00e9s maradand\u00f3t alkotni, ak\u00e1r mi is elk\u00e9sz\u00edthetj\u00fck ak\u00e1r olyan dolgokb\u00f3l is, melyek garant\u00e1ltan megtal\u00e1lhat\u00f3k minden h\u00e1ztart\u00e1sban.<\/p>\n<p style=\"text-align: center;\">\n<div style=\"float:none;margin:0px 0 0px 0;text-align:center;\">\n<div class=\"mobileShowkakettes\"><div class=\"mobileShowka2\"><div style=\"padding-top:0px;padding-bottom:15px;min-height: 300px;\"><div class=\"hirdetes\">HIRDET\u00c9S<\/div>\n<!-- 300lista -->\n<ins class=\"adsbygoogle\"\n     style=\"display:inline-block;width:300px;height:250px\"\n     data-ad-client=\"ca-pub-9424088931673893\"\n     data-ad-slot=\"8471340766\"><\/ins>\n<script async>\n     (adsbygoogle = window.adsbygoogle || []).push({});\n<\/script><\/div><\/div><\/div><\/div>\n<p>Most 13 elk\u00e9peszt\u0151 \u00f6tletet l\u00e1thattok arra, milyen dekor\u00e1ci\u00f3kkal \u00e9s festm\u00e9nyekkel tudj\u00e1tok feldobni szob\u00e1tok falait, a saj\u00e1t kezetekkel.<\/p>\n<div id=\"zombify-main-section-front\" class=\"zombify-main-section-front zombify-screen zf-media-full\">\r\n\t<link rel=\"stylesheet\" type=\"text\/css\" href=\"https:\/\/liked.hu\/old\/js\/zombify.css\">\r\n    <link rel=\"stylesheet\" type=\"text\/css\" href=\"https:\/\/liked.hu\/old\/wp-content\/themes\/newsy-child\/style.css\">\r\n\t<div class=\"zf-container\">\r\n\t\t<div id=\"zf-list\" class=\"zf-list zf-numbered\">\r\n\t\t\t<ol class=\"zf-structure-list\">\r\n\t\t\t\t\t\t\t\t\t\t<li class=\"zf-list_item\">\r\n\t\t\t\t\t\t\t<div class=\"zf-list_header\">\r\n\t\t\t\t\t\t\t\t<h3 id=\"listaelem1\" class=\"zf-list_title\">\r\n\t\t\t\t\t\t\t\t\t<span class=\"zf-number\">1<\/span>\r\n\t\t\t\t\t\t\t\t\tElk\u00e9peszt\u0151 festm\u00e9nyek citrommal\t\t\t\t\t\t\t\t<\/h3>\r\n\t\t\t\t\t\t\t<\/div>\r\n\t\t\t\t\t\t\t\t\t\t\t\t\t\t\t<figure class=\"zf-list_media zf-media-wrapper zf-image zf-type-image\">\r\n\t\t\t\t\t\t\t\t\t<div title=\"Elk\u00e9peszt\u0151 festm\u00e9nyek citrommal\" alt=\"Elk\u00e9peszt\u0151 festm\u00e9nyek citrommal\" class=\"zf-media\">\r\n\t\t\t\t\t\t\t\t\t\t<img width=\"691\" height=\"691\" src=\"https:\/\/liked.hu\/old\/wp-content\/uploads\/2021\/05\/13-elkepeszto-dekoracio-amivel-feldobhatjuk-szobaink-falat_5ebbf666babde.jpeg\" class=\"\" alt=\"13 elkepeszto dekoracio amivel feldobhatjuk szobaink falat 5ebbf666babde\" loading=\"lazy\" style=\"\" srcset=\"https:\/\/liked.hu\/old\/wp-content\/uploads\/2021\/05\/13-elkepeszto-dekoracio-amivel-feldobhatjuk-szobaink-falat_5ebbf666babde.jpeg 691w, https:\/\/liked.hu\/old\/wp-content\/uploads\/2021\/05\/13-elkepeszto-dekoracio-amivel-feldobhatjuk-szobaink-falat_5ebbf666babde-150x150.jpeg 150w, https:\/\/liked.hu\/old\/wp-content\/uploads\/2021\/05\/13-elkepeszto-dekoracio-amivel-feldobhatjuk-szobaink-falat_5ebbf666babde-300x300.jpeg 300w, https:\/\/liked.hu\/old\/wp-content\/uploads\/2021\/05\/13-elkepeszto-dekoracio-amivel-feldobhatjuk-szobaink-falat_5ebbf666babde-360x360.jpeg 360w, https:\/\/liked.hu\/old\/wp-content\/uploads\/2021\/05\/13-elkepeszto-dekoracio-amivel-feldobhatjuk-szobaink-falat_5ebbf666babde-350x350.jpeg 350w\" sizes=\"(max-width: 691px) 100vw, 691px\" \/>\t\t\t\t\t\t\t\t\t\t\t<figcaption class=\"zf-figcaption\">\r\n\t\t\t\t\t\t\t\t\t\t\t\t\t\t\t\t\t\t\t\t\t\t\t\t<cite><\/cite>\r\n\r\n\t\t\t\t\t\t\t\t\t\t\t\t\t\t\t\t\t\t\t\t\t\t\t<\/figcaption>\r\n\t\t\t\t\t\t\t\t\t\t\t\t\t\t\t\t\t\t\t<\/div>\r\n\t\t\t\t\t\t\t\t\t<hr \/>\r\n\t\t\t\t\t\t\t\t<\/figure>\r\n\t\t\t\t\t\t\t\t\t\t\t\t\t\t\t\t<div class=\"zf-list_description\"><p>Tal\u00e1n nem is gondoln\u00e1nk, de puszt\u00e1n egy f\u00e9lbev\u00e1gott citrommal is csod\u00e1latos, szemk\u00e1pr\u00e1ztat\u00f3 festm\u00e9nyeket k\u00e9sz\u00edthet\u00fcnk, melyek nem csak egyediek, de egy kis d\u00edsz\u00edt\u00e9ssel k\u00f6nnyen tov\u00e1bb csinos\u00edthat\u00f3k.<\/p><\/div>\r\n\t\t\t\t\t\t\t\t\t\t\t\t\t<\/li>\r\n\t\t\t\t\t\t\t\t\t\t\t\t<li class=\"zf-list_item\">\r\n\t\t\t\t\t\t\t<div class=\"zf-list_header\">\r\n\t\t\t\t\t\t\t\t<h3 id=\"listaelem2\" class=\"zf-list_title\">\r\n\t\t\t\t\t\t\t\t\t<span class=\"zf-number\">2<\/span>\r\n\t\t\t\t\t\t\t\t\tDekor\u00e1l\u00e1s Pl\u00fcssmack\u00f3val\t\t\t\t\t\t\t\t<\/h3>\r\n\t\t\t\t\t\t\t<\/div>\r\n\t\t\t\t\t\t\t\t\t\t\t\t\t\t\t<figure class=\"zf-list_media zf-media-wrapper zf-image zf-type-image\">\r\n\t\t\t\t\t\t\t\t\t<div title=\"Dekor\u00e1l\u00e1s Pl\u00fcssmack\u00f3val\" alt=\"Dekor\u00e1l\u00e1s Pl\u00fcssmack\u00f3val\" class=\"zf-media\">\r\n\t\t\t\t\t\t\t\t\t\t<img width=\"683\" height=\"1024\" src=\"https:\/\/liked.hu\/old\/wp-content\/uploads\/2021\/05\/13-elkepeszto-dekoracio-amivel-feldobhatjuk-szobaink-falat_5ebbf666e7c73.jpeg\" class=\"\" alt=\"13 elkepeszto dekoracio amivel feldobhatjuk szobaink falat 5ebbf666e7c73\" loading=\"lazy\" style=\"\" srcset=\"https:\/\/liked.hu\/old\/wp-content\/uploads\/2021\/05\/13-elkepeszto-dekoracio-amivel-feldobhatjuk-szobaink-falat_5ebbf666e7c73.jpeg 683w, https:\/\/liked.hu\/old\/wp-content\/uploads\/2021\/05\/13-elkepeszto-dekoracio-amivel-feldobhatjuk-szobaink-falat_5ebbf666e7c73-200x300.jpeg 200w, https:\/\/liked.hu\/old\/wp-content\/uploads\/2021\/05\/13-elkepeszto-dekoracio-amivel-feldobhatjuk-szobaink-falat_5ebbf666e7c73-600x900.jpeg 600w, https:\/\/liked.hu\/old\/wp-content\/uploads\/2021\/05\/13-elkepeszto-dekoracio-amivel-feldobhatjuk-szobaink-falat_5ebbf666e7c73-360x540.jpeg 360w\" sizes=\"(max-width: 683px) 100vw, 683px\" \/>\t\t\t\t\t\t\t\t\t\t\t<figcaption class=\"zf-figcaption\">\r\n\t\t\t\t\t\t\t\t\t\t\t\t\t\t\t\t\t\t\t\t\t\t\t\t<cite><\/cite>\r\n\r\n\t\t\t\t\t\t\t\t\t\t\t\t\t\t\t\t\t\t\t\t\t\t\t<\/figcaption>\r\n\t\t\t\t\t\t\t\t\t\t\t\t\t\t\t\t\t\t\t<\/div>\r\n\t\t\t\t\t\t\t\t\t<hr \/>\r\n\t\t\t\t\t\t\t\t<\/figure>\r\n\t\t\t\t\t\t\t\t\t\t\t\t\t\t\t\t<div class=\"zf-list_description\"><p>Ha van otthon egy pl&uuml;ssmack&oacute;nk, (lehet b&aacute;rmi m&aacute;s pl&uuml;ss is, csak j&oacute;l lehessen vele mint&aacute;t k&eacute;sz&iacute;teni) melyet hajland&oacute;ak vagyunk be&aacute;ldozni kicsit a m\u0171v&eacute;szet kedv&eacute;&eacute;rt, akkor egy kis lisztbe belem&aacute;rtva, majd egy fekete pap&iacute;rra r&aacute;nyomva elk&eacute;peszt\u0151 macimint&aacute;kat k&eacute;sz&iacute;thet&uuml;nk. A pap&iacute;rt el\u0151tte &eacute;rdemes bekenni valamilyen gyenge ragaszt&oacute;val, vagy ak&aacute;r hajlakkal, a mack&oacute;t pedig miut&aacute;n elv&eacute;gezte a feladat&aacute;t, nyugodtan kimoshatjuk. Ha m&eacute;g szebb k&eacute;pet szeretn&eacute;nk k&eacute;sz&iacute;teni, a mack&oacute;t k&ouml;zvetlen&uuml;l fest&eacute;kbe is m&aacute;rthatjuk, azonban nincs r&aacute; biztos&iacute;t&eacute;k, hogy a fest&eacute;ket marad&eacute;ktalanul kitudjuk majd mosni a bund&aacute;j&aacute;b&oacute;l.<\/p><p style=\"text-align: center\">\n<div style=\"float:none;margin:0px 0 0px 0;text-align:center;\">\n<div class=\"mobileHideke5\"><div style=\"margin-top:25px;\"><div class=\"hirdeteshatter\"><div style=\"display: inline-block;width: 50%;min-width:305px;vertical-align: top;\"><div class=\"hirdetes\">HIRDET\u00c9S<\/div>\n<!-- LikedQ51 -->\n<ins class=\"adsbygoogle\"\n     style=\"display:inline-block;width:300px;height:250px\"\n     data-ad-client=\"ca-pub-9424088931673893\"\n     data-ad-slot=\"8284063326\"><\/ins>\n<script async>\n     (adsbygoogle = window.adsbygoogle || []).push({});\n<\/script><\/div><div style=\"display: inline-block;width: 50%;min-width:305px;vertical-align: top;\"><div class=\"hirdetes\">HIRDET\u00c9S<\/div>\n<!-- LikedQ52 -->\n<ins class=\"adsbygoogle\"\n     style=\"display:inline-block;width:300px;height:250px\"\n     data-ad-client=\"ca-pub-9424088931673893\"\n     data-ad-slot=\"2840164950\"><\/ins>\n<script async>\n     (adsbygoogle = window.adsbygoogle || []).push({});\n<\/script><\/div><\/div><\/div><\/div>\n<div style=\"display:flex;flex-direction:column;\"><div class=\"mobileShowka5\"><div style=\"padding-top:10px;padding-bottom:10px;min-height: 300px;\"><div class=\"hirdetes\">HIRDET\u00c9S<\/div>\n<!-- LikedQ5M -->\n<ins class=\"adsbygoogle\"\n     style=\"display:inline-block;width:300px;height:250px\"\n     data-ad-client=\"ca-pub-9424088931673893\"\n     data-ad-slot=\"9022429928\"><\/ins>\n<script async>\n     (adsbygoogle = window.adsbygoogle || []).push({});\n<\/script><\/div><\/div><\/div><\/div><\/div>\r\n\t\t\t\t\t\t\t\t\t\t\t\t\t<\/li>\r\n\t\t\t\t\t\t\t\t\t\t\t\t<li class=\"zf-list_item\">\r\n\t\t\t\t\t\t\t<div class=\"zf-list_header\">\r\n\t\t\t\t\t\t\t\t<h3 id=\"listaelem3\" class=\"zf-list_title\">\r\n\t\t\t\t\t\t\t\t\t<span class=\"zf-number\">3<\/span>\r\n\t\t\t\t\t\t\t\t\tFess\u00fcnk valami sz\u00e9pet!\t\t\t\t\t\t\t\t<\/h3>\r\n\t\t\t\t\t\t\t<\/div>\r\n\t\t\t\t\t\t\t\t\t\t\t\t\t\t\t<figure class=\"zf-list_media zf-media-wrapper zf-image zf-type-image\">\r\n\t\t\t\t\t\t\t\t\t<div title=\"Fess\u00fcnk valami sz\u00e9pet!\" alt=\"Fess\u00fcnk valami sz\u00e9pet!\" class=\"zf-media\">\r\n\t\t\t\t\t\t\t\t\t\t<img width=\"500\" height=\"662\" src=\"https:\/\/liked.hu\/old\/wp-content\/uploads\/2021\/05\/13-elkepeszto-dekoracio-amivel-feldobhatjuk-szobaink-falat_5ebbf667220ef.jpeg\" class=\"\" alt=\"13 elkepeszto dekoracio amivel feldobhatjuk szobaink falat 5ebbf667220ef\" loading=\"lazy\" style=\"\" srcset=\"https:\/\/liked.hu\/old\/wp-content\/uploads\/2021\/05\/13-elkepeszto-dekoracio-amivel-feldobhatjuk-szobaink-falat_5ebbf667220ef.jpeg 500w, https:\/\/liked.hu\/old\/wp-content\/uploads\/2021\/05\/13-elkepeszto-dekoracio-amivel-feldobhatjuk-szobaink-falat_5ebbf667220ef-227x300.jpeg 227w, https:\/\/liked.hu\/old\/wp-content\/uploads\/2021\/05\/13-elkepeszto-dekoracio-amivel-feldobhatjuk-szobaink-falat_5ebbf667220ef-360x477.jpeg 360w\" sizes=\"(max-width: 500px) 100vw, 500px\" \/>\t\t\t\t\t\t\t\t\t\t\t<figcaption class=\"zf-figcaption\">\r\n\t\t\t\t\t\t\t\t\t\t\t\t\t\t\t\t\t\t\t\t\t\t\t\t<cite><\/cite>\r\n\r\n\t\t\t\t\t\t\t\t\t\t\t\t\t\t\t\t\t\t\t\t\t\t\t<\/figcaption>\r\n\t\t\t\t\t\t\t\t\t\t\t\t\t\t\t\t\t\t\t<\/div>\r\n\t\t\t\t\t\t\t\t\t<hr \/>\r\n\t\t\t\t\t\t\t\t<\/figure>\r\n\t\t\t\t\t\t\t\t\t\t\t\t\t\t\t\t<div class=\"zf-list_description\"><p>N&eacute;h&aacute;ny ragaszt&oacute;szalaggal, egy p&aacute;r ecsettel &eacute;s egy kis fant&aacute;zi&aacute;val, olyan elk&eacute;peszt\u0151 dolgokat festhet&uuml;nk, melyekre garant&aacute;ltan felfigyelnek majd a hozz&aacute;nk vend&eacute;gs&eacute;gbe &eacute;rkez\u0151 rokonok &eacute;s bar&aacute;tok.<\/p><\/div>\r\n\t\t\t\t\t\t\t\t\t\t\t\t\t<\/li>\r\n\t\t\t\t\t\t\t\t\t\t\t\t<li class=\"zf-list_item\">\r\n\t\t\t\t\t\t\t<div class=\"zf-list_header\">\r\n\t\t\t\t\t\t\t\t<h3 id=\"listaelem4\" class=\"zf-list_title\">\r\n\t\t\t\t\t\t\t\t\t<span class=\"zf-number\">4<\/span>\r\n\t\t\t\t\t\t\t\t\tDekor\u00e1ci\u00f3 k\u00e9sz\u00edt\u00e9s kukoric\u00e1val\t\t\t\t\t\t\t\t<\/h3>\r\n\t\t\t\t\t\t\t<\/div>\r\n\t\t\t\t\t\t\t\t\t\t\t\t\t\t\t<figure class=\"zf-list_media zf-media-wrapper zf-image zf-type-image\">\r\n\t\t\t\t\t\t\t\t\t<div title=\"Dekor\u00e1ci\u00f3 k\u00e9sz\u00edt\u00e9s kukoric\u00e1val\" alt=\"Dekor\u00e1ci\u00f3 k\u00e9sz\u00edt\u00e9s kukoric\u00e1val\" class=\"zf-media\">\r\n\t\t\t\t\t\t\t\t\t\t<img width=\"612\" height=\"612\" src=\"https:\/\/liked.hu\/old\/wp-content\/uploads\/2021\/05\/13-elkepeszto-dekoracio-amivel-feldobhatjuk-szobaink-falat_5ebbf6677c8a9.jpeg\" class=\"\" alt=\"13 elkepeszto dekoracio amivel feldobhatjuk szobaink falat 5ebbf6677c8a9\" loading=\"lazy\" style=\"\" srcset=\"https:\/\/liked.hu\/old\/wp-content\/uploads\/2021\/05\/13-elkepeszto-dekoracio-amivel-feldobhatjuk-szobaink-falat_5ebbf6677c8a9.jpeg 612w, https:\/\/liked.hu\/old\/wp-content\/uploads\/2021\/05\/13-elkepeszto-dekoracio-amivel-feldobhatjuk-szobaink-falat_5ebbf6677c8a9-150x150.jpeg 150w, https:\/\/liked.hu\/old\/wp-content\/uploads\/2021\/05\/13-elkepeszto-dekoracio-amivel-feldobhatjuk-szobaink-falat_5ebbf6677c8a9-300x300.jpeg 300w, https:\/\/liked.hu\/old\/wp-content\/uploads\/2021\/05\/13-elkepeszto-dekoracio-amivel-feldobhatjuk-szobaink-falat_5ebbf6677c8a9-360x360.jpeg 360w, https:\/\/liked.hu\/old\/wp-content\/uploads\/2021\/05\/13-elkepeszto-dekoracio-amivel-feldobhatjuk-szobaink-falat_5ebbf6677c8a9-350x350.jpeg 350w\" sizes=\"(max-width: 612px) 100vw, 612px\" \/>\t\t\t\t\t\t\t\t\t\t\t<figcaption class=\"zf-figcaption\">\r\n\t\t\t\t\t\t\t\t\t\t\t\t\t\t\t\t\t\t\t\t\t\t\t\t<cite><\/cite>\r\n\r\n\t\t\t\t\t\t\t\t\t\t\t\t\t\t\t\t\t\t\t\t\t\t\t<\/figcaption>\r\n\t\t\t\t\t\t\t\t\t\t\t\t\t\t\t\t\t\t\t<\/div>\r\n\t\t\t\t\t\t\t\t\t<hr \/>\r\n\t\t\t\t\t\t\t\t<\/figure>\r\n\t\t\t\t\t\t\t\t\t\t\t\t\t\t\t\t<div class=\"zf-list_description\"><p>Egy cs\u0151 kukorica seg&iacute;ts&eacute;g&eacute;vel is fantasztikus dolgokra lehet&uuml;nk k&eacute;pesek, egy &uuml;res lapra &eacute;s n&eacute;mi fest&eacute;kre lesz puszt&aacute;n hozz&aacute; sz&uuml;ks&eacute;g&uuml;nk. Fess&uuml;k be a kukoricaszemeket v&eacute;letlenszer\u0171en, majd g&ouml;rgess&uuml;k v&eacute;gig a pap&iacute;rlapon.<\/p><\/div>\r\n\t\t\t\t\t\t\t\t\t\t\t\t\t<\/li>\r\n\t\t\t\t\t\t\t\t\t\t\t\t<li class=\"zf-list_item\">\r\n\t\t\t\t\t\t\t<div class=\"zf-list_header\">\r\n\t\t\t\t\t\t\t\t<h3 id=\"listaelem5\" class=\"zf-list_title\">\r\n\t\t\t\t\t\t\t\t\t<span class=\"zf-number\">5<\/span>\r\n\t\t\t\t\t\t\t\t\tFestm\u00e9ny minta alapj\u00e1n\t\t\t\t\t\t\t\t<\/h3>\r\n\t\t\t\t\t\t\t<\/div>\r\n\t\t\t\t\t\t\t\t\t\t\t\t\t\t\t<figure class=\"zf-list_media zf-media-wrapper zf-image zf-type-image\">\r\n\t\t\t\t\t\t\t\t\t<div title=\"Festm\u00e9ny minta alapj\u00e1n\" alt=\"Festm\u00e9ny minta alapj\u00e1n\" class=\"zf-media\">\r\n\t\t\t\t\t\t\t\t\t\t<img width=\"672\" height=\"1006\" src=\"https:\/\/liked.hu\/old\/wp-content\/uploads\/2021\/05\/13-elkepeszto-dekoracio-amivel-feldobhatjuk-szobaink-falat_5ebbf667aac31.jpeg\" class=\"\" alt=\"13 elkepeszto dekoracio amivel feldobhatjuk szobaink falat 5ebbf667aac31\" loading=\"lazy\" style=\"\" srcset=\"https:\/\/liked.hu\/old\/wp-content\/uploads\/2021\/05\/13-elkepeszto-dekoracio-amivel-feldobhatjuk-szobaink-falat_5ebbf667aac31.jpeg 672w, https:\/\/liked.hu\/old\/wp-content\/uploads\/2021\/05\/13-elkepeszto-dekoracio-amivel-feldobhatjuk-szobaink-falat_5ebbf667aac31-200x300.jpeg 200w, https:\/\/liked.hu\/old\/wp-content\/uploads\/2021\/05\/13-elkepeszto-dekoracio-amivel-feldobhatjuk-szobaink-falat_5ebbf667aac31-601x900.jpeg 601w, https:\/\/liked.hu\/old\/wp-content\/uploads\/2021\/05\/13-elkepeszto-dekoracio-amivel-feldobhatjuk-szobaink-falat_5ebbf667aac31-360x539.jpeg 360w\" sizes=\"(max-width: 672px) 100vw, 672px\" \/>\t\t\t\t\t\t\t\t\t\t\t<figcaption class=\"zf-figcaption\">\r\n\t\t\t\t\t\t\t\t\t\t\t\t\t\t\t\t\t\t\t\t\t\t\t\t<cite><\/cite>\r\n\r\n\t\t\t\t\t\t\t\t\t\t\t\t\t\t\t\t\t\t\t\t\t\t\t<\/figcaption>\r\n\t\t\t\t\t\t\t\t\t\t\t\t\t\t\t\t\t\t\t<\/div>\r\n\t\t\t\t\t\t\t\t\t<hr \/>\r\n\t\t\t\t\t\t\t\t<\/figure>\r\n\t\t\t\t\t\t\t\t\t\t\t\t\t\t\t\t<div class=\"zf-list_description\"><p>Ha van otthon valami r&eacute;gi ev\u0151al&aacute;t&eacute;t, azokat a lyukacsos r&eacute;sz&uuml;kn&eacute;l &aacute;tfestve szint&eacute;n szemk&aacute;pr&aacute;ztat&oacute; dolgokra lehet&uuml;nk k&eacute;pesek. A lyukacsos mint&aacute;kat term&eacute;szetesen mi magunk is kiv&aacute;ghatjuk, azonban ahhoz id\u0151 &eacute;s t&uuml;relem kell.<\/p><p style=\"text-align: center\">\n<div style=\"float:none;margin:0px 0 0px 0;text-align:center;\">\n<div class=\"mobileHideke8\"><div style=\"margin-top:25px;\"><div class=\"hirdeteshatter\"><div style=\"display: inline-block;width: 50%;min-width:340px;vertical-align: top;\"><div class=\"hirdetes\">HIRDET\u00c9S<\/div>\n<!-- Liked7Q1 -->\n<ins class=\"adsbygoogle\"\n     style=\"display:inline-block;width:336px;height:280px\"\n     data-ad-client=\"ca-pub-9424088931673893\"\n     data-ad-slot=\"3022062587\"><\/ins>\n<script async>\n     (adsbygoogle = window.adsbygoogle || []).push({});\n<\/script><\/div><div style=\"display: inline-block;width: 50%;min-width:340px;vertical-align: top;\"><div class=\"hirdetes\">HIRDET\u00c9S<\/div>\n<!-- Liked7Q2 -->\n<ins class=\"adsbygoogle\"\n     style=\"display:inline-block;width:336px;height:280px\"\n     data-ad-client=\"ca-pub-9424088931673893\"\n     data-ad-slot=\"3952000871\"><\/ins>\n<script async>\n     (adsbygoogle = window.adsbygoogle || []).push({});\n<\/script><\/div><\/div><\/div><\/div>\n<div style=\"display:flex;flex-direction:column;\"><div class=\"mobileShowka8\"><div style=\"padding-top:15px;margin-bottom:15px;min-height: 300px;\"><div class=\"hirdetes\">HIRDET\u00c9S<\/div>\n<!-- Liked7QMobil -->\n<ins class=\"adsbygoogle\"\n     style=\"display:inline-block;width:336px;height:280px\"\n     data-ad-client=\"ca-pub-9424088931673893\"\n     data-ad-slot=\"5073510857\"><\/ins>\n<script async>\n     (adsbygoogle = window.adsbygoogle || []).push({});\n<\/script><\/div><\/div><\/div><\/div><\/div>\r\n\t\t\t\t\t\t\t\t\t\t\t\t\t<\/li>\r\n\t\t\t\t\t\t\t\t\t\t\t\t<li class=\"zf-list_item\">\r\n\t\t\t\t\t\t\t<div class=\"zf-list_header\">\r\n\t\t\t\t\t\t\t\t<h3 id=\"listaelem6\" class=\"zf-list_title\">\r\n\t\t\t\t\t\t\t\t\t<span class=\"zf-number\">6<\/span>\r\n\t\t\t\t\t\t\t\t\tBet\u0171festm\u00e9nyek\t\t\t\t\t\t\t\t<\/h3>\r\n\t\t\t\t\t\t\t<\/div>\r\n\t\t\t\t\t\t\t\t\t\t\t\t\t\t\t<figure class=\"zf-list_media zf-media-wrapper zf-image zf-type-image\">\r\n\t\t\t\t\t\t\t\t\t<div title=\"Bet\u0171festm\u00e9nyek\" alt=\"Bet\u0171festm\u00e9nyek\" class=\"zf-media\">\r\n\t\t\t\t\t\t\t\t\t\t<img width=\"736\" height=\"486\" src=\"https:\/\/liked.hu\/old\/wp-content\/uploads\/2021\/05\/13-elkepeszto-dekoracio-amivel-feldobhatjuk-szobaink-falat_5ebbf667d3022.jpeg\" class=\"\" alt=\"13 elkepeszto dekoracio amivel feldobhatjuk szobaink falat 5ebbf667d3022\" loading=\"lazy\" style=\"\" srcset=\"https:\/\/liked.hu\/old\/wp-content\/uploads\/2021\/05\/13-elkepeszto-dekoracio-amivel-feldobhatjuk-szobaink-falat_5ebbf667d3022.jpeg 736w, https:\/\/liked.hu\/old\/wp-content\/uploads\/2021\/05\/13-elkepeszto-dekoracio-amivel-feldobhatjuk-szobaink-falat_5ebbf667d3022-300x198.jpeg 300w, https:\/\/liked.hu\/old\/wp-content\/uploads\/2021\/05\/13-elkepeszto-dekoracio-amivel-feldobhatjuk-szobaink-falat_5ebbf667d3022-360x238.jpeg 360w\" sizes=\"(max-width: 736px) 100vw, 736px\" \/>\t\t\t\t\t\t\t\t\t\t\t<figcaption class=\"zf-figcaption\">\r\n\t\t\t\t\t\t\t\t\t\t\t\t\t\t\t\t\t\t\t\t\t\t\t\t<cite><\/cite>\r\n\r\n\t\t\t\t\t\t\t\t\t\t\t\t\t\t\t\t\t\t\t\t\t\t\t<\/figcaption>\r\n\t\t\t\t\t\t\t\t\t\t\t\t\t\t\t\t\t\t\t<\/div>\r\n\t\t\t\t\t\t\t\t\t<hr \/>\r\n\t\t\t\t\t\t\t\t<\/figure>\r\n\t\t\t\t\t\t\t\t\t\t\t\t\t\t\t\t<div class=\"zf-list_description\"><p>Szint&eacute;n csak egy kis ragaszt&oacute;szalag &eacute;s n&eacute;h&aacute;ny fest&eacute;k illetve ecsetre lesz sz&uuml;ks&eacute;g&uuml;nk ahhoz, hogy elk&eacute;peszt\u0151 bet\u0171s-festm&eacute;nyeket k&eacute;sz&iacute;thess&uuml;nk. A bet\u0171k hely&eacute;n ragasszuk le a pap&iacute;rt ragaszt&oacute;szalaggal, majd rajzoljuk k&ouml;rbe, ahogy csak a kedv&uuml;nk tartja.<\/p><\/div>\r\n\t\t\t\t\t\t\t\t\t\t\t\t\t<\/li>\r\n\t\t\t\t\t\t\t\t\t\t\t\t<li class=\"zf-list_item\">\r\n\t\t\t\t\t\t\t<div class=\"zf-list_header\">\r\n\t\t\t\t\t\t\t\t<h3 id=\"listaelem7\" class=\"zf-list_title\">\r\n\t\t\t\t\t\t\t\t\t<span class=\"zf-number\">7<\/span>\r\n\t\t\t\t\t\t\t\t\t\u00c1llatos faldekor\u00e1ci\u00f3\t\t\t\t\t\t\t\t<\/h3>\r\n\t\t\t\t\t\t\t<\/div>\r\n\t\t\t\t\t\t\t\t\t\t\t\t\t\t\t<figure class=\"zf-list_media zf-media-wrapper zf-image zf-type-image\">\r\n\t\t\t\t\t\t\t\t\t<div title=\"\u00c1llatos faldekor\u00e1ci\u00f3\" alt=\"\u00c1llatos faldekor\u00e1ci\u00f3\" class=\"zf-media\">\r\n\t\t\t\t\t\t\t\t\t\t<img width=\"736\" height=\"865\" src=\"https:\/\/liked.hu\/old\/wp-content\/uploads\/2021\/05\/13-elkepeszto-dekoracio-amivel-feldobhatjuk-szobaink-falat_5ebbf66805225.jpeg\" class=\"\" alt=\"13 elkepeszto dekoracio amivel feldobhatjuk szobaink falat 5ebbf66805225\" loading=\"lazy\" style=\"\" srcset=\"https:\/\/liked.hu\/old\/wp-content\/uploads\/2021\/05\/13-elkepeszto-dekoracio-amivel-feldobhatjuk-szobaink-falat_5ebbf66805225.jpeg 736w, https:\/\/liked.hu\/old\/wp-content\/uploads\/2021\/05\/13-elkepeszto-dekoracio-amivel-feldobhatjuk-szobaink-falat_5ebbf66805225-255x300.jpeg 255w, https:\/\/liked.hu\/old\/wp-content\/uploads\/2021\/05\/13-elkepeszto-dekoracio-amivel-feldobhatjuk-szobaink-falat_5ebbf66805225-360x423.jpeg 360w\" sizes=\"(max-width: 736px) 100vw, 736px\" \/>\t\t\t\t\t\t\t\t\t\t\t<figcaption class=\"zf-figcaption\">\r\n\t\t\t\t\t\t\t\t\t\t\t\t\t\t\t\t\t\t\t\t\t\t\t\t<cite><\/cite>\r\n\r\n\t\t\t\t\t\t\t\t\t\t\t\t\t\t\t\t\t\t\t\t\t\t\t<\/figcaption>\r\n\t\t\t\t\t\t\t\t\t\t\t\t\t\t\t\t\t\t\t<\/div>\r\n\t\t\t\t\t\t\t\t\t<hr \/>\r\n\t\t\t\t\t\t\t\t<\/figure>\r\n\t\t\t\t\t\t\t\t\t\t\t\t\t\t\t\t<div class=\"zf-list_description\"><p>Ehhez sincsen sok mindenre sz&uuml;ks&eacute;g&uuml;nk. Puszt&aacute;n valami fa test, vagy jobb h&iacute;j&aacute;n pap&iacute;rlap kell, melyet besz&iacute;nez&uuml;nk, majd egy magazinb&oacute;l vagy &uacute;js&aacute;gb&oacute;l kiv&aacute;gott (vagy kinyomtatott) &aacute;llatos k&eacute;ppel d&iacute;sz&iacute;tj&uuml;k.<\/p><\/div>\r\n\t\t\t\t\t\t\t\t\t\t\t\t\t<\/li>\r\n\t\t\t\t\t\t\t\t\t\t\t\t<li class=\"zf-list_item\">\r\n\t\t\t\t\t\t\t<div class=\"zf-list_header\">\r\n\t\t\t\t\t\t\t\t<h3 id=\"listaelem8\" class=\"zf-list_title\">\r\n\t\t\t\t\t\t\t\t\t<span class=\"zf-number\">8<\/span>\r\n\t\t\t\t\t\t\t\t\tDekor\u00e1ci\u00f3 k\u00e9sz\u00edt\u00e9s lufival\t\t\t\t\t\t\t\t<\/h3>\r\n\t\t\t\t\t\t\t<\/div>\r\n\t\t\t\t\t\t\t\t\t\t\t\t\t\t\t<figure class=\"zf-list_media zf-media-wrapper zf-image zf-type-image\">\r\n\t\t\t\t\t\t\t\t\t<div title=\"Dekor\u00e1ci\u00f3 k\u00e9sz\u00edt\u00e9s lufival\" alt=\"Dekor\u00e1ci\u00f3 k\u00e9sz\u00edt\u00e9s lufival\" class=\"zf-media\">\r\n\t\t\t\t\t\t\t\t\t\t<img width=\"720\" height=\"960\" src=\"https:\/\/liked.hu\/old\/wp-content\/uploads\/2021\/05\/13-elkepeszto-dekoracio-amivel-feldobhatjuk-szobaink-falat_5ebbf6682d839.jpeg\" class=\"\" alt=\"13 elkepeszto dekoracio amivel feldobhatjuk szobaink falat 5ebbf6682d839\" loading=\"lazy\" style=\"\" srcset=\"https:\/\/liked.hu\/old\/wp-content\/uploads\/2021\/05\/13-elkepeszto-dekoracio-amivel-feldobhatjuk-szobaink-falat_5ebbf6682d839.jpeg 720w, https:\/\/liked.hu\/old\/wp-content\/uploads\/2021\/05\/13-elkepeszto-dekoracio-amivel-feldobhatjuk-szobaink-falat_5ebbf6682d839-225x300.jpeg 225w, https:\/\/liked.hu\/old\/wp-content\/uploads\/2021\/05\/13-elkepeszto-dekoracio-amivel-feldobhatjuk-szobaink-falat_5ebbf6682d839-675x900.jpeg 675w, https:\/\/liked.hu\/old\/wp-content\/uploads\/2021\/05\/13-elkepeszto-dekoracio-amivel-feldobhatjuk-szobaink-falat_5ebbf6682d839-360x480.jpeg 360w\" sizes=\"(max-width: 720px) 100vw, 720px\" \/>\t\t\t\t\t\t\t\t\t\t\t<figcaption class=\"zf-figcaption\">\r\n\t\t\t\t\t\t\t\t\t\t\t\t\t\t\t\t\t\t\t\t\t\t\t\t<cite><\/cite>\r\n\r\n\t\t\t\t\t\t\t\t\t\t\t\t\t\t\t\t\t\t\t\t\t\t\t<\/figcaption>\r\n\t\t\t\t\t\t\t\t\t\t\t\t\t\t\t\t\t\t\t<\/div>\r\n\t\t\t\t\t\t\t\t\t<hr \/>\r\n\t\t\t\t\t\t\t\t<\/figure>\r\n\t\t\t\t\t\t\t\t\t\t\t\t\t\t\t\t<div class=\"zf-list_description\"><p>Bizony-bizony, puszt&aacute;n egy lufi seg&iacute;ts&eacute;g&eacute;vel is elk&eacute;peszt\u0151 m\u0171v&eacute;szi alkot&aacute;sokat hozhatunk l&eacute;tre. A lufikat f&uacute;jjuk fel, m&aacute;rtsuk fest&eacute;kbe, (lehet\u0151leg t&ouml;bbsz&iacute;n\u0171be) majd vigy&uuml;k fel a pap&iacute;rlapra. Az eredm&eacute;ny garant&aacute;ltan csod&aacute;latos lesz.<\/p><\/div>\r\n\t\t\t\t\t\t\t\t\t\t\t\t\t<\/li>\r\n\t\t\t\t\t\t\t\t\t\t\t\t<li class=\"zf-list_item\">\r\n\t\t\t\t\t\t\t<div class=\"zf-list_header\">\r\n\t\t\t\t\t\t\t\t<h3 id=\"listaelem9\" class=\"zf-list_title\">\r\n\t\t\t\t\t\t\t\t\t<span class=\"zf-number\">9<\/span>\r\n\t\t\t\t\t\t\t\t\tK\u00e9pk\u00e9sz\u00edt\u00e9s lev\u00e9llel\t\t\t\t\t\t\t\t<\/h3>\r\n\t\t\t\t\t\t\t<\/div>\r\n\t\t\t\t\t\t\t\t\t\t\t\t\t\t\t<figure class=\"zf-list_media zf-media-wrapper zf-image zf-type-image\">\r\n\t\t\t\t\t\t\t\t\t<div title=\"K\u00e9pk\u00e9sz\u00edt\u00e9s lev\u00e9llel\" alt=\"K\u00e9pk\u00e9sz\u00edt\u00e9s lev\u00e9llel\" class=\"zf-media\">\r\n\t\t\t\t\t\t\t\t\t\t<img width=\"256\" height=\"1024\" src=\"https:\/\/liked.hu\/old\/wp-content\/uploads\/2021\/05\/13-elkepeszto-dekoracio-amivel-feldobhatjuk-szobaink-falat_5ebbf668585f2.jpeg\" class=\"\" alt=\"13 elkepeszto dekoracio amivel feldobhatjuk szobaink falat 5ebbf668585f2\" loading=\"lazy\" style=\"\" srcset=\"https:\/\/liked.hu\/old\/wp-content\/uploads\/2021\/05\/13-elkepeszto-dekoracio-amivel-feldobhatjuk-szobaink-falat_5ebbf668585f2.jpeg 256w, https:\/\/liked.hu\/old\/wp-content\/uploads\/2021\/05\/13-elkepeszto-dekoracio-amivel-feldobhatjuk-szobaink-falat_5ebbf668585f2-75x300.jpeg 75w, https:\/\/liked.hu\/old\/wp-content\/uploads\/2021\/05\/13-elkepeszto-dekoracio-amivel-feldobhatjuk-szobaink-falat_5ebbf668585f2-225x900.jpeg 225w\" sizes=\"(max-width: 256px) 100vw, 256px\" \/>\t\t\t\t\t\t\t\t\t\t\t<figcaption class=\"zf-figcaption\">\r\n\t\t\t\t\t\t\t\t\t\t\t\t\t\t\t\t\t\t\t\t\t\t\t\t<cite><\/cite>\r\n\r\n\t\t\t\t\t\t\t\t\t\t\t\t\t\t\t\t\t\t\t\t\t\t\t<\/figcaption>\r\n\t\t\t\t\t\t\t\t\t\t\t\t\t\t\t\t\t\t\t<\/div>\r\n\t\t\t\t\t\t\t\t\t<hr \/>\r\n\t\t\t\t\t\t\t\t<\/figure>\r\n\t\t\t\t\t\t\t\t\t\t\t\t\t\t\t\t<div class=\"zf-list_description\"><p>Ehhez sincs sok egy&eacute;bre sz&uuml;ks&eacute;g&uuml;nk, puszt&aacute;n egy falev&eacute;lre, n&eacute;h&aacute;ny pap&iacute;rlapra &eacute;s egy kis fant&aacute;zi&aacute;ra, az eredm&eacute;ny pedig minden&eacute;rt k&aacute;rp&oacute;tol majd benn&uuml;nket.<\/p><p style=\"text-align: center\">\n<div style=\"float:none;margin:0px 0 0px 0;text-align:center;\">\n<div class=\"mobileHideke8\"><div class=\"hirdeteshatter\"><div style=\"display: inline-block;width: 50%;min-width:340px;vertical-align: top;\"><div class=\"hirdetes\">HIRDET\u00c9S<\/div>\n<!-- LikedQ81 -->\n<ins class=\"adsbygoogle\"\n     style=\"display:inline-block;width:336px;height:280px\"\n     data-ad-client=\"ca-pub-9424088931673893\"\n     data-ad-slot=\"2436840276\"><\/ins>\n<script async>\n     (adsbygoogle = window.adsbygoogle || []).push({});\n<\/script><\/div><div style=\"display: inline-block;width: 50%;min-width:340px;vertical-align: top;\"><div class=\"hirdetes\">HIRDET\u00c9S<\/div>\n<!-- LikedQ82 -->\n<ins class=\"adsbygoogle\"\n     style=\"display:inline-block;width:336px;height:280px\"\n     data-ad-client=\"ca-pub-9424088931673893\"\n     data-ad-slot=\"3558350253\"><\/ins>\n<script async>\n     (adsbygoogle = window.adsbygoogle || []).push({});\n<\/script><\/div><\/div><\/div>\n<div style=\"display:flex;flex-direction:column;\"><div class=\"mobileShowka8 nyolc\"><div style=\"padding-top:15px;padding-bottom:5px;min-height: 300px;\"><div class=\"hirdetes\">HIRDET\u00c9S<\/div>\n<!-- LikedQ8M -->\n<ins class=\"adsbygoogle\"\n     style=\"display:inline-block;width:336px;height:280px\"\n     data-ad-client=\"ca-pub-9424088931673893\"\n     data-ad-slot=\"4679860235\"><\/ins>\n<script async>\n     (adsbygoogle = window.adsbygoogle || []).push({});\n<\/script><\/div><\/div><\/div><\/div><\/div>\r\n\t\t\t\t\t\t\t\t\t\t\t\t\t<\/li>\r\n\t\t\t\t\t\t\t\t\t\t\t\t<li class=\"zf-list_item\">\r\n\t\t\t\t\t\t\t<div class=\"zf-list_header\">\r\n\t\t\t\t\t\t\t\t<h3 id=\"listaelem10\" class=\"zf-list_title\">\r\n\t\t\t\t\t\t\t\t\t<span class=\"zf-number\">10<\/span>\r\n\t\t\t\t\t\t\t\t\tDekor\u00e1ci\u00f3 kiv\u00e1g\u00e1s tap\u00e9tav\u00e1g\u00f3val\t\t\t\t\t\t\t\t<\/h3>\r\n\t\t\t\t\t\t\t<\/div>\r\n\t\t\t\t\t\t\t\t\t\t\t\t\t\t\t<figure class=\"zf-list_media zf-media-wrapper zf-image zf-type-image\">\r\n\t\t\t\t\t\t\t\t\t<div title=\"Dekor\u00e1ci\u00f3 kiv\u00e1g\u00e1s tap\u00e9tav\u00e1g\u00f3val\" alt=\"Dekor\u00e1ci\u00f3 kiv\u00e1g\u00e1s tap\u00e9tav\u00e1g\u00f3val\" class=\"zf-media\">\r\n\t\t\t\t\t\t\t\t\t\t<img width=\"437\" height=\"1024\" src=\"https:\/\/liked.hu\/old\/wp-content\/uploads\/2021\/05\/13-elkepeszto-dekoracio-amivel-feldobhatjuk-szobaink-falat_5ebbf6688416e.jpeg\" class=\"\" alt=\"13 elkepeszto dekoracio amivel feldobhatjuk szobaink falat 5ebbf6688416e\" loading=\"lazy\" style=\"\" srcset=\"https:\/\/liked.hu\/old\/wp-content\/uploads\/2021\/05\/13-elkepeszto-dekoracio-amivel-feldobhatjuk-szobaink-falat_5ebbf6688416e.jpeg 437w, https:\/\/liked.hu\/old\/wp-content\/uploads\/2021\/05\/13-elkepeszto-dekoracio-amivel-feldobhatjuk-szobaink-falat_5ebbf6688416e-128x300.jpeg 128w, https:\/\/liked.hu\/old\/wp-content\/uploads\/2021\/05\/13-elkepeszto-dekoracio-amivel-feldobhatjuk-szobaink-falat_5ebbf6688416e-384x900.jpeg 384w, https:\/\/liked.hu\/old\/wp-content\/uploads\/2021\/05\/13-elkepeszto-dekoracio-amivel-feldobhatjuk-szobaink-falat_5ebbf6688416e-360x844.jpeg 360w\" sizes=\"(max-width: 437px) 100vw, 437px\" \/>\t\t\t\t\t\t\t\t\t\t\t<figcaption class=\"zf-figcaption\">\r\n\t\t\t\t\t\t\t\t\t\t\t\t\t\t\t\t\t\t\t\t\t\t\t\t<cite><\/cite>\r\n\r\n\t\t\t\t\t\t\t\t\t\t\t\t\t\t\t\t\t\t\t\t\t\t\t<\/figcaption>\r\n\t\t\t\t\t\t\t\t\t\t\t\t\t\t\t\t\t\t\t<\/div>\r\n\t\t\t\t\t\t\t\t\t<hr \/>\r\n\t\t\t\t\t\t\t\t<\/figure>\r\n\t\t\t\t\t\t\t\t\t\t\t\t\t\t\t\t<div class=\"zf-list_description\"><p>Egy fa keretre &eacute;s egy v&aacute;szonra, vagy pap&iacute;rlapra van sz&uuml;ks&eacute;g&uuml;nk ehhez az elk&eacute;peszt\u0151 dekor&aacute;ci&oacute;hoz is, melyet el\u0151lapj&aacute;ra fektetve puszt&aacute;n csak ki kell v&aacute;gnunk.<\/p><\/div>\r\n\t\t\t\t\t\t\t\t\t\t\t\t\t<\/li>\r\n\t\t\t\t\t\t\t\t\t\t\t\t<li class=\"zf-list_item\">\r\n\t\t\t\t\t\t\t<div class=\"zf-list_header\">\r\n\t\t\t\t\t\t\t\t<h3 id=\"listaelem11\" class=\"zf-list_title\">\r\n\t\t\t\t\t\t\t\t\t<span class=\"zf-number\">11<\/span>\r\n\t\t\t\t\t\t\t\t\tFaldekor\u00e1ci\u00f3 ragaszt\u00f3szalaggal\t\t\t\t\t\t\t\t<\/h3>\r\n\t\t\t\t\t\t\t<\/div>\r\n\t\t\t\t\t\t\t\t\t\t\t\t\t\t\t<figure class=\"zf-list_media zf-media-wrapper zf-image zf-type-image\">\r\n\t\t\t\t\t\t\t\t\t<div title=\"Faldekor\u00e1ci\u00f3 ragaszt\u00f3szalaggal\" alt=\"Faldekor\u00e1ci\u00f3 ragaszt\u00f3szalaggal\" class=\"zf-media\">\r\n\t\t\t\t\t\t\t\t\t\t<img width=\"220\" height=\"1024\" src=\"https:\/\/liked.hu\/old\/wp-content\/uploads\/2021\/05\/13-elkepeszto-dekoracio-amivel-feldobhatjuk-szobaink-falat_5ebbf668b33fb.jpeg\" class=\"\" alt=\"13 elkepeszto dekoracio amivel feldobhatjuk szobaink falat 5ebbf668b33fb\" loading=\"lazy\" style=\"\" \/>\t\t\t\t\t\t\t\t\t\t\t<figcaption class=\"zf-figcaption\">\r\n\t\t\t\t\t\t\t\t\t\t\t\t\t\t\t\t\t\t\t\t\t\t\t\t<cite><\/cite>\r\n\r\n\t\t\t\t\t\t\t\t\t\t\t\t\t\t\t\t\t\t\t\t\t\t\t<\/figcaption>\r\n\t\t\t\t\t\t\t\t\t\t\t\t\t\t\t\t\t\t\t<\/div>\r\n\t\t\t\t\t\t\t\t\t<hr \/>\r\n\t\t\t\t\t\t\t\t<\/figure>\r\n\t\t\t\t\t\t\t\t\t\t\t\t\t\t\t\t<div class=\"zf-list_description\"><p>Szint&eacute;n csak n&eacute;mi ragaszt&oacute; &eacute;s fest&eacute;k kell, melyet ahogy m&aacute;r fentebb is mutattuk, milli&oacute; f&eacute;le-fajta m&oacute;don lehet haszn&aacute;lni &eacute;s olyan elk&eacute;peszt\u0151en egyedi dolgokat alkotni vel&uuml;k, melyekhez hasonl&oacute;val garant&aacute;ltan nem tal&aacute;lkozunk majd sehol.<\/p><\/div>\r\n\t\t\t\t\t\t\t\t\t\t\t\t\t<\/li>\r\n\t\t\t\t\t\t\t\t\t\t\t\t<li class=\"zf-list_item\">\r\n\t\t\t\t\t\t\t<div class=\"zf-list_header\">\r\n\t\t\t\t\t\t\t\t<h3 id=\"listaelem12\" class=\"zf-list_title\">\r\n\t\t\t\t\t\t\t\t\t<span class=\"zf-number\">12<\/span>\r\n\t\t\t\t\t\t\t\t\tFestm\u00e9ny WC pap\u00edr gurig\u00e1val\t\t\t\t\t\t\t\t<\/h3>\r\n\t\t\t\t\t\t\t<\/div>\r\n\t\t\t\t\t\t\t\t\t\t\t\t\t\t\t<figure class=\"zf-list_media zf-media-wrapper zf-image zf-type-image\">\r\n\t\t\t\t\t\t\t\t\t<div title=\"Festm\u00e9ny WC pap\u00edr gurig\u00e1val\" alt=\"Festm\u00e9ny WC pap\u00edr gurig\u00e1val\" class=\"zf-media\">\r\n\t\t\t\t\t\t\t\t\t\t<img width=\"440\" height=\"1024\" src=\"https:\/\/liked.hu\/old\/wp-content\/uploads\/2021\/05\/13-elkepeszto-dekoracio-amivel-feldobhatjuk-szobaink-falat_5ebbf668e0527.jpeg\" class=\"\" alt=\"13 elkepeszto dekoracio amivel feldobhatjuk szobaink falat 5ebbf668e0527\" loading=\"lazy\" style=\"\" srcset=\"https:\/\/liked.hu\/old\/wp-content\/uploads\/2021\/05\/13-elkepeszto-dekoracio-amivel-feldobhatjuk-szobaink-falat_5ebbf668e0527.jpeg 440w, https:\/\/liked.hu\/old\/wp-content\/uploads\/2021\/05\/13-elkepeszto-dekoracio-amivel-feldobhatjuk-szobaink-falat_5ebbf668e0527-129x300.jpeg 129w, https:\/\/liked.hu\/old\/wp-content\/uploads\/2021\/05\/13-elkepeszto-dekoracio-amivel-feldobhatjuk-szobaink-falat_5ebbf668e0527-387x900.jpeg 387w, https:\/\/liked.hu\/old\/wp-content\/uploads\/2021\/05\/13-elkepeszto-dekoracio-amivel-feldobhatjuk-szobaink-falat_5ebbf668e0527-360x838.jpeg 360w\" sizes=\"(max-width: 440px) 100vw, 440px\" \/>\t\t\t\t\t\t\t\t\t\t\t<figcaption class=\"zf-figcaption\">\r\n\t\t\t\t\t\t\t\t\t\t\t\t\t\t\t\t\t\t\t\t\t\t\t\t<cite><\/cite>\r\n\r\n\t\t\t\t\t\t\t\t\t\t\t\t\t\t\t\t\t\t\t\t\t\t\t<\/figcaption>\r\n\t\t\t\t\t\t\t\t\t\t\t\t\t\t\t\t\t\t\t<\/div>\r\n\t\t\t\t\t\t\t\t\t<hr \/>\r\n\t\t\t\t\t\t\t\t<\/figure>\r\n\t\t\t\t\t\t\t\t\t\t\t\t\t\t\t\t<div class=\"zf-list_description\"><p>Egy minden lak&aacute;sban megtal&aacute;lhat&oacute; wc pap&iacute;r gurig&aacute;ra, illetve n&eacute;mi fest&eacute;kre lesz csup&aacute;n sz&uuml;ks&eacute;g&uuml;nk ehhez a fantasztikus csin&aacute;ld magad dekorhoz.<\/p><\/div>\r\n\t\t\t\t\t\t\t\t\t\t\t\t\t<\/li>\r\n\t\t\t\t\t\t\t\t\t\t\t\t<li class=\"zf-list_item\">\r\n\t\t\t\t\t\t\t<div class=\"zf-list_header\">\r\n\t\t\t\t\t\t\t\t<h3 id=\"listaelem13\" class=\"zf-list_title\">\r\n\t\t\t\t\t\t\t\t\t<span class=\"zf-number\">13<\/span>\r\n\t\t\t\t\t\t\t\t\tFalfestm\u00e9ny c\u00e9rn\u00e1val\/madzaggal\t\t\t\t\t\t\t\t<\/h3>\r\n\t\t\t\t\t\t\t<\/div>\r\n\t\t\t\t\t\t\t\t\t\t\t\t\t\t\t<figure class=\"zf-list_media zf-media-wrapper zf-image zf-type-image\">\r\n\t\t\t\t\t\t\t\t\t<div title=\"Falfestm\u00e9ny c\u00e9rn\u00e1val\/madzaggal\" alt=\"Falfestm\u00e9ny c\u00e9rn\u00e1val\/madzaggal\" class=\"zf-media\">\r\n\t\t\t\t\t\t\t\t\t\t<img width=\"650\" height=\"428\" src=\"https:\/\/liked.hu\/old\/wp-content\/uploads\/2021\/05\/13-elkepeszto-dekoracio-amivel-feldobhatjuk-szobaink-falat_5ebbf66917f3e.jpeg\" class=\"\" alt=\"13 elkepeszto dekoracio amivel feldobhatjuk szobaink falat 5ebbf66917f3e\" loading=\"lazy\" style=\"\" srcset=\"https:\/\/liked.hu\/old\/wp-content\/uploads\/2021\/05\/13-elkepeszto-dekoracio-amivel-feldobhatjuk-szobaink-falat_5ebbf66917f3e.jpeg 650w, https:\/\/liked.hu\/old\/wp-content\/uploads\/2021\/05\/13-elkepeszto-dekoracio-amivel-feldobhatjuk-szobaink-falat_5ebbf66917f3e-300x198.jpeg 300w, https:\/\/liked.hu\/old\/wp-content\/uploads\/2021\/05\/13-elkepeszto-dekoracio-amivel-feldobhatjuk-szobaink-falat_5ebbf66917f3e-360x237.jpeg 360w\" sizes=\"(max-width: 650px) 100vw, 650px\" \/>\t\t\t\t\t\t\t\t\t\t\t<figcaption class=\"zf-figcaption\">\r\n\t\t\t\t\t\t\t\t\t\t\t\t\t\t\t\t\t\t\t\t\t\t\t\t<cite><\/cite>\r\n\r\n\t\t\t\t\t\t\t\t\t\t\t\t\t\t\t\t\t\t\t\t\t\t\t<\/figcaption>\r\n\t\t\t\t\t\t\t\t\t\t\t\t\t\t\t\t\t\t\t<\/div>\r\n\t\t\t\t\t\t\t\t\t<hr \/>\r\n\t\t\t\t\t\t\t\t<\/figure>\r\n\t\t\t\t\t\t\t\t\t\t\t\t\t\t\t\t<div class=\"zf-list_description\"><p>Egy kem&eacute;nyebb t&aacute;rgyra (f&aacute;ra) lesz mind&ouml;ssze sz&uuml;ks&eacute;g&uuml;nk, melyet k&ouml;rbeteker&uuml;nk egy vastagabb c&eacute;rn&aacute;val vagy madzaggal, majd fest&eacute;kbe m&aacute;rtva a pap&iacute;rlapra nyomunk.<\/p><\/div>\r\n\t\t\t\t\t\t\t\t\t\t\t\t\t<\/li>\r\n\t\t\t\t\t\t\t\t\t<\/ol>\r\n\t\t<\/div>\r\n\t<\/div>\r\n\r\n\t<\/div>\r\n\r\n\r\n\n","protected":false},"excerpt":{"rendered":"<p>Olykor-olykor nagy gondot jelenthet egy-egy \u00fcres fal a lak\u00e1sban, vagy az, hogy \u00e9ppen mit is k\u00e9ne kitenn\u00fcnk r\u00e1, hogy ne legyen olyan unalmas. Ehhez persze t\u00f6bb ezer\/t\u00edzezer forintban ak\u00e1r a boltban is n\u00e9zel\u0151dhet\u00fcnk, de ha ezt a p\u00e9nzt\u00e1rc\u00e1nk nem engedi, vagy csak szeret\u00fcnk saj\u00e1t kez\u0171leg valami egyedit \u00e9s maradand\u00f3t alkotni, ak\u00e1r mi is elk\u00e9sz\u00edthetj\u00fck ak\u00e1r [&hellip;]<\/p>\n","protected":false},"author":9,"featured_media":246579,"comment_status":"open","ping_status":"closed","sticky":false,"template":"","format":"standard","meta":{"buzzeditor_post_format":""},"categories":[48],"tags":[476,477,497],"yoast_head":"<!-- This site is optimized with the Yoast SEO plugin v19.6.1 - https:\/\/yoast.com\/wordpress\/plugins\/seo\/ -->\n<title>13 Elk\u00e9peszt\u0151 dekor\u00e1ci\u00f3 amivel feldobhatjuk szob\u00e1ink fal\u00e1t<\/title>\n<meta name=\"description\" content=\"Olykor-olykor nagy gondot jelenthet egy-egy \u00fcres fal a lak\u00e1sban, vagy az, hogy \u00e9ppen mit is k\u00e9ne kitenn\u00fcnk r\u00e1, hogy ne legyen olyan unalmas. Ehhez persze\" \/>\n<meta name=\"robots\" content=\"index, follow, max-snippet:-1, max-image-preview:large, max-video-preview:-1\" \/>\n<link rel=\"canonical\" href=\"https:\/\/liked.hu\/old\/tippek-es-trukkok\/13-elkepeszto-dekoracio-amivel-feldobhatjuk-szobaink-falat\/\" \/>\n<meta property=\"og:locale\" content=\"hu_HU\" \/>\n<meta property=\"og:type\" content=\"article\" \/>\n<meta property=\"og:title\" content=\"13 Elk\u00e9peszt\u0151 dekor\u00e1ci\u00f3 amivel feldobhatjuk szob\u00e1ink fal\u00e1t\" \/>\n<meta property=\"og:description\" content=\"Olykor-olykor nagy gondot jelenthet egy-egy \u00fcres fal a lak\u00e1sban, vagy az, hogy \u00e9ppen mit is k\u00e9ne kitenn\u00fcnk r\u00e1, hogy ne legyen olyan unalmas. Ehhez persze\" \/>\n<meta property=\"og:url\" content=\"https:\/\/liked.hu\/old\/tippek-es-trukkok\/13-elkepeszto-dekoracio-amivel-feldobhatjuk-szobaink-falat\/\" \/>\n<meta property=\"og:site_name\" content=\"Liked.hu\" \/>\n<meta property=\"article:publisher\" content=\"https:\/\/www.facebook.com\/liked.hu\" \/>\n<meta property=\"article:published_time\" content=\"2016-05-23T09:10:59+00:00\" \/>\n<meta property=\"article:modified_time\" content=\"2022-09-02T23:42:44+00:00\" \/>\n<meta property=\"og:image\" content=\"https:\/\/liked.hu\/old\/wp-content\/uploads\/2021\/05\/13-elkepeszto-dekoracio-amivel-feldobhatjuk-szobaink-falat_5ebbf66917f3e.jpeg\" \/>\n\t<meta property=\"og:image:width\" content=\"650\" \/>\n\t<meta property=\"og:image:height\" content=\"428\" \/>\n\t<meta property=\"og:image:type\" content=\"image\/jpeg\" \/>\n<meta name=\"author\" content=\"ElzabetR\" \/>\n<meta name=\"twitter:card\" content=\"summary\" \/>\n<meta name=\"twitter:creator\" content=\"@LikedHu\" \/>\n<meta name=\"twitter:site\" content=\"@LikedHu\" \/>\n<meta name=\"twitter:label1\" content=\"Szerz\u0151:\" \/>\n\t<meta name=\"twitter:data1\" content=\"ElzabetR\" \/>\n\t<meta name=\"twitter:label2\" content=\"Becs\u00fclt olvas\u00e1si id\u0151\" \/>\n\t<meta name=\"twitter:data2\" content=\"1 perc\" \/>\n<script type=\"application\/ld+json\" class=\"yoast-schema-graph\">{\"@context\":\"https:\/\/schema.org\",\"@graph\":[{\"@type\":\"Article\",\"@id\":\"https:\/\/liked.hu\/old\/tippek-es-trukkok\/13-elkepeszto-dekoracio-amivel-feldobhatjuk-szobaink-falat\/#article\",\"isPartOf\":{\"@id\":\"https:\/\/liked.hu\/old\/tippek-es-trukkok\/13-elkepeszto-dekoracio-amivel-feldobhatjuk-szobaink-falat\/\"},\"author\":{\"name\":\"ElzabetR\",\"@id\":\"https:\/\/liked.hu\/old\/#\/schema\/person\/de8f8eb5563920e50fc1775e73262e1d\"},\"headline\":\"13 Elk\u00e9peszt\u0151 dekor\u00e1ci\u00f3 amivel feldobhatjuk szob\u00e1ink fal\u00e1t\",\"datePublished\":\"2016-05-23T09:10:59+00:00\",\"dateModified\":\"2022-09-02T23:42:44+00:00\",\"mainEntityOfPage\":{\"@id\":\"https:\/\/liked.hu\/old\/tippek-es-trukkok\/13-elkepeszto-dekoracio-amivel-feldobhatjuk-szobaink-falat\/\"},\"wordCount\":129,\"commentCount\":0,\"publisher\":{\"@id\":\"https:\/\/liked.hu\/old\/#organization\"},\"keywords\":[\"dekor\",\"dekor\u00e1ci\u00f3\",\"diy\"],\"articleSection\":[\"Tippek \u00e9s tr\u00fckk\u00f6k\"],\"inLanguage\":\"hu\",\"potentialAction\":[{\"@type\":\"CommentAction\",\"name\":\"Comment\",\"target\":[\"https:\/\/liked.hu\/old\/tippek-es-trukkok\/13-elkepeszto-dekoracio-amivel-feldobhatjuk-szobaink-falat\/#respond\"]}]},{\"@type\":\"WebPage\",\"@id\":\"https:\/\/liked.hu\/old\/tippek-es-trukkok\/13-elkepeszto-dekoracio-amivel-feldobhatjuk-szobaink-falat\/\",\"url\":\"https:\/\/liked.hu\/old\/tippek-es-trukkok\/13-elkepeszto-dekoracio-amivel-feldobhatjuk-szobaink-falat\/\",\"name\":\"13 Elk\u00e9peszt\u0151 dekor\u00e1ci\u00f3 amivel feldobhatjuk szob\u00e1ink fal\u00e1t\",\"isPartOf\":{\"@id\":\"https:\/\/liked.hu\/old\/#website\"},\"datePublished\":\"2016-05-23T09:10:59+00:00\",\"dateModified\":\"2022-09-02T23:42:44+00:00\",\"description\":\"Olykor-olykor nagy gondot jelenthet egy-egy \u00fcres fal a lak\u00e1sban, vagy az, hogy \u00e9ppen mit is k\u00e9ne kitenn\u00fcnk r\u00e1, hogy ne legyen olyan unalmas. Ehhez persze\",\"breadcrumb\":{\"@id\":\"https:\/\/liked.hu\/old\/tippek-es-trukkok\/13-elkepeszto-dekoracio-amivel-feldobhatjuk-szobaink-falat\/#breadcrumb\"},\"inLanguage\":\"hu\",\"potentialAction\":[{\"@type\":\"ReadAction\",\"target\":[\"https:\/\/liked.hu\/old\/tippek-es-trukkok\/13-elkepeszto-dekoracio-amivel-feldobhatjuk-szobaink-falat\/\"]}]},{\"@type\":\"BreadcrumbList\",\"@id\":\"https:\/\/liked.hu\/old\/tippek-es-trukkok\/13-elkepeszto-dekoracio-amivel-feldobhatjuk-szobaink-falat\/#breadcrumb\",\"itemListElement\":[{\"@type\":\"ListItem\",\"position\":1,\"name\":\"Kezd\u0151lap\",\"item\":\"https:\/\/liked.hu\/old\/\"},{\"@type\":\"ListItem\",\"position\":2,\"name\":\"13 Elk\u00e9peszt\u0151 dekor\u00e1ci\u00f3 amivel feldobhatjuk szob\u00e1ink fal\u00e1t\"}]},{\"@type\":\"WebSite\",\"@id\":\"https:\/\/liked.hu\/old\/#website\",\"url\":\"https:\/\/liked.hu\/old\/\",\"name\":\"Liked.hu\",\"description\":\"\",\"publisher\":{\"@id\":\"https:\/\/liked.hu\/old\/#organization\"},\"potentialAction\":[{\"@type\":\"SearchAction\",\"target\":{\"@type\":\"EntryPoint\",\"urlTemplate\":\"https:\/\/liked.hu\/old\/?s={search_term_string}\"},\"query-input\":\"required name=search_term_string\"}],\"inLanguage\":\"hu\"},{\"@type\":\"Organization\",\"@id\":\"https:\/\/liked.hu\/old\/#organization\",\"name\":\"Liked.hu\",\"url\":\"https:\/\/liked.hu\/old\/\",\"sameAs\":[\"https:\/\/hu.pinterest.com\/likedhungary\/\",\"https:\/\/www.youtube.com\/channel\/UCPv91dbMoIukYcM9b9nHN6Q\",\"https:\/\/www.facebook.com\/liked.hu\",\"https:\/\/twitter.com\/LikedHu\"],\"logo\":{\"@type\":\"ImageObject\",\"inLanguage\":\"hu\",\"@id\":\"https:\/\/liked.hu\/old\/#\/schema\/logo\/image\/\",\"url\":\"https:\/\/liked.hu\/wp-content\/uploads\/2018\/08\/Liked-icon.png\",\"contentUrl\":\"https:\/\/liked.hu\/wp-content\/uploads\/2018\/08\/Liked-icon.png\",\"width\":512,\"height\":512,\"caption\":\"Liked.hu\"},\"image\":{\"@id\":\"https:\/\/liked.hu\/old\/#\/schema\/logo\/image\/\"}},{\"@type\":\"Person\",\"@id\":\"https:\/\/liked.hu\/old\/#\/schema\/person\/de8f8eb5563920e50fc1775e73262e1d\",\"name\":\"ElzabetR\",\"image\":{\"@type\":\"ImageObject\",\"inLanguage\":\"hu\",\"@id\":\"https:\/\/liked.hu\/old\/#\/schema\/person\/image\/\",\"url\":\"https:\/\/liked.hu\/old\/wp-content\/uploads\/avatars\/9\/604de854a1127-bpfull.jpg\",\"contentUrl\":\"https:\/\/liked.hu\/old\/wp-content\/uploads\/avatars\/9\/604de854a1127-bpfull.jpg\",\"caption\":\"ElzabetR\"},\"url\":\"https:\/\/liked.hu\/old\/u\/elzabetr\/\"}]}<\/script>\n<!-- \/ Yoast SEO plugin. -->","yoast_head_json":{"title":"13 Elk\u00e9peszt\u0151 dekor\u00e1ci\u00f3 amivel feldobhatjuk szob\u00e1ink fal\u00e1t","description":"Olykor-olykor nagy gondot jelenthet egy-egy \u00fcres fal a lak\u00e1sban, vagy az, hogy \u00e9ppen mit is k\u00e9ne kitenn\u00fcnk r\u00e1, hogy ne legyen olyan unalmas. Ehhez persze","robots":{"index":"index","follow":"follow","max-snippet":"max-snippet:-1","max-image-preview":"max-image-preview:large","max-video-preview":"max-video-preview:-1"},"canonical":"https:\/\/liked.hu\/old\/tippek-es-trukkok\/13-elkepeszto-dekoracio-amivel-feldobhatjuk-szobaink-falat\/","og_locale":"hu_HU","og_type":"article","og_title":"13 Elk\u00e9peszt\u0151 dekor\u00e1ci\u00f3 amivel feldobhatjuk szob\u00e1ink fal\u00e1t","og_description":"Olykor-olykor nagy gondot jelenthet egy-egy \u00fcres fal a lak\u00e1sban, vagy az, hogy \u00e9ppen mit is k\u00e9ne kitenn\u00fcnk r\u00e1, hogy ne legyen olyan unalmas. Ehhez persze","og_url":"https:\/\/liked.hu\/old\/tippek-es-trukkok\/13-elkepeszto-dekoracio-amivel-feldobhatjuk-szobaink-falat\/","og_site_name":"Liked.hu","article_publisher":"https:\/\/www.facebook.com\/liked.hu","article_published_time":"2016-05-23T09:10:59+00:00","article_modified_time":"2022-09-02T23:42:44+00:00","og_image":[{"width":650,"height":428,"url":"https:\/\/liked.hu\/old\/wp-content\/uploads\/2021\/05\/13-elkepeszto-dekoracio-amivel-feldobhatjuk-szobaink-falat_5ebbf66917f3e.jpeg","type":"image\/jpeg"}],"author":"ElzabetR","twitter_card":"summary","twitter_creator":"@LikedHu","twitter_site":"@LikedHu","twitter_misc":{"Szerz\u0151:":"ElzabetR","Becs\u00fclt olvas\u00e1si id\u0151":"1 perc"},"schema":{"@context":"https:\/\/schema.org","@graph":[{"@type":"Article","@id":"https:\/\/liked.hu\/old\/tippek-es-trukkok\/13-elkepeszto-dekoracio-amivel-feldobhatjuk-szobaink-falat\/#article","isPartOf":{"@id":"https:\/\/liked.hu\/old\/tippek-es-trukkok\/13-elkepeszto-dekoracio-amivel-feldobhatjuk-szobaink-falat\/"},"author":{"name":"ElzabetR","@id":"https:\/\/liked.hu\/old\/#\/schema\/person\/de8f8eb5563920e50fc1775e73262e1d"},"headline":"13 Elk\u00e9peszt\u0151 dekor\u00e1ci\u00f3 amivel feldobhatjuk szob\u00e1ink fal\u00e1t","datePublished":"2016-05-23T09:10:59+00:00","dateModified":"2022-09-02T23:42:44+00:00","mainEntityOfPage":{"@id":"https:\/\/liked.hu\/old\/tippek-es-trukkok\/13-elkepeszto-dekoracio-amivel-feldobhatjuk-szobaink-falat\/"},"wordCount":129,"commentCount":0,"publisher":{"@id":"https:\/\/liked.hu\/old\/#organization"},"keywords":["dekor","dekor\u00e1ci\u00f3","diy"],"articleSection":["Tippek \u00e9s tr\u00fckk\u00f6k"],"inLanguage":"hu","potentialAction":[{"@type":"CommentAction","name":"Comment","target":["https:\/\/liked.hu\/old\/tippek-es-trukkok\/13-elkepeszto-dekoracio-amivel-feldobhatjuk-szobaink-falat\/#respond"]}]},{"@type":"WebPage","@id":"https:\/\/liked.hu\/old\/tippek-es-trukkok\/13-elkepeszto-dekoracio-amivel-feldobhatjuk-szobaink-falat\/","url":"https:\/\/liked.hu\/old\/tippek-es-trukkok\/13-elkepeszto-dekoracio-amivel-feldobhatjuk-szobaink-falat\/","name":"13 Elk\u00e9peszt\u0151 dekor\u00e1ci\u00f3 amivel feldobhatjuk szob\u00e1ink fal\u00e1t","isPartOf":{"@id":"https:\/\/liked.hu\/old\/#website"},"datePublished":"2016-05-23T09:10:59+00:00","dateModified":"2022-09-02T23:42:44+00:00","description":"Olykor-olykor nagy gondot jelenthet egy-egy \u00fcres fal a lak\u00e1sban, vagy az, hogy \u00e9ppen mit is k\u00e9ne kitenn\u00fcnk r\u00e1, hogy ne legyen olyan unalmas. Ehhez persze","breadcrumb":{"@id":"https:\/\/liked.hu\/old\/tippek-es-trukkok\/13-elkepeszto-dekoracio-amivel-feldobhatjuk-szobaink-falat\/#breadcrumb"},"inLanguage":"hu","potentialAction":[{"@type":"ReadAction","target":["https:\/\/liked.hu\/old\/tippek-es-trukkok\/13-elkepeszto-dekoracio-amivel-feldobhatjuk-szobaink-falat\/"]}]},{"@type":"BreadcrumbList","@id":"https:\/\/liked.hu\/old\/tippek-es-trukkok\/13-elkepeszto-dekoracio-amivel-feldobhatjuk-szobaink-falat\/#breadcrumb","itemListElement":[{"@type":"ListItem","position":1,"name":"Kezd\u0151lap","item":"https:\/\/liked.hu\/old\/"},{"@type":"ListItem","position":2,"name":"13 Elk\u00e9peszt\u0151 dekor\u00e1ci\u00f3 amivel feldobhatjuk szob\u00e1ink fal\u00e1t"}]},{"@type":"WebSite","@id":"https:\/\/liked.hu\/old\/#website","url":"https:\/\/liked.hu\/old\/","name":"Liked.hu","description":"","publisher":{"@id":"https:\/\/liked.hu\/old\/#organization"},"potentialAction":[{"@type":"SearchAction","target":{"@type":"EntryPoint","urlTemplate":"https:\/\/liked.hu\/old\/?s={search_term_string}"},"query-input":"required name=search_term_string"}],"inLanguage":"hu"},{"@type":"Organization","@id":"https:\/\/liked.hu\/old\/#organization","name":"Liked.hu","url":"https:\/\/liked.hu\/old\/","sameAs":["https:\/\/hu.pinterest.com\/likedhungary\/","https:\/\/www.youtube.com\/channel\/UCPv91dbMoIukYcM9b9nHN6Q","https:\/\/www.facebook.com\/liked.hu","https:\/\/twitter.com\/LikedHu"],"logo":{"@type":"ImageObject","inLanguage":"hu","@id":"https:\/\/liked.hu\/old\/#\/schema\/logo\/image\/","url":"https:\/\/liked.hu\/wp-content\/uploads\/2018\/08\/Liked-icon.png","contentUrl":"https:\/\/liked.hu\/wp-content\/uploads\/2018\/08\/Liked-icon.png","width":512,"height":512,"caption":"Liked.hu"},"image":{"@id":"https:\/\/liked.hu\/old\/#\/schema\/logo\/image\/"}},{"@type":"Person","@id":"https:\/\/liked.hu\/old\/#\/schema\/person\/de8f8eb5563920e50fc1775e73262e1d","name":"ElzabetR","image":{"@type":"ImageObject","inLanguage":"hu","@id":"https:\/\/liked.hu\/old\/#\/schema\/person\/image\/","url":"https:\/\/liked.hu\/old\/wp-content\/uploads\/avatars\/9\/604de854a1127-bpfull.jpg","contentUrl":"https:\/\/liked.hu\/old\/wp-content\/uploads\/avatars\/9\/604de854a1127-bpfull.jpg","caption":"ElzabetR"},"url":"https:\/\/liked.hu\/old\/u\/elzabetr\/"}]}},"publishpress_future_action":{"enabled":false,"date":"1970-01-01 01:00:00","action":"","terms":[],"taxonomy":"","browser_timezone_offset":0},"_links":{"self":[{"href":"https:\/\/liked.hu\/old\/wp-json\/wp\/v2\/posts\/246580"}],"collection":[{"href":"https:\/\/liked.hu\/old\/wp-json\/wp\/v2\/posts"}],"about":[{"href":"https:\/\/liked.hu\/old\/wp-json\/wp\/v2\/types\/post"}],"author":[{"embeddable":true,"href":"https:\/\/liked.hu\/old\/wp-json\/wp\/v2\/users\/9"}],"replies":[{"embeddable":true,"href":"https:\/\/liked.hu\/old\/wp-json\/wp\/v2\/comments?post=246580"}],"version-history":[{"count":0,"href":"https:\/\/liked.hu\/old\/wp-json\/wp\/v2\/posts\/246580\/revisions"}],"wp:featuredmedia":[{"embeddable":true,"href":"https:\/\/liked.hu\/old\/wp-json\/wp\/v2\/media\/246579"}],"wp:attachment":[{"href":"https:\/\/liked.hu\/old\/wp-json\/wp\/v2\/media?parent=246580"}],"wp:term":[{"taxonomy":"category","embeddable":true,"href":"https:\/\/liked.hu\/old\/wp-json\/wp\/v2\/categories?post=246580"},{"taxonomy":"post_tag","embeddable":true,"href":"https:\/\/liked.hu\/old\/wp-json\/wp\/v2\/tags?post=246580"}],"curies":[{"name":"wp","href":"https:\/\/api.w.org\/{rel}","templated":true}]}}