{"id":241461,"date":"2021-02-22T18:01:35","date_gmt":"2021-02-22T17:01:35","guid":{"rendered":"https:\/\/liked.hu\/old\/?p=241461"},"modified":"2021-02-22T18:01:35","modified_gmt":"2021-02-22T17:01:35","slug":"13-erdekes-teny-amit-nem-tudtal-a-gyonyoru-malajziarol","status":"publish","type":"post","link":"https:\/\/liked.hu\/old\/erdekes\/13-erdekes-teny-amit-nem-tudtal-a-gyonyoru-malajziarol\/","title":{"rendered":"13 \u00e9rdekes t\u00e9ny, amit nem tudt\u00e1l a gy\u00f6ny\u00f6r\u0171 Malajzi\u00e1r\u00f3l"},"content":{"rendered":"<p>Egy id\u0151ben Malajzia a vil\u00e1g 9. legkedveltebb orsz\u00e1ga volt a turisztikai c\u00e9lb\u00f3l t\u00f6rt\u00e9n\u0151 utaz\u00e1sokat illet\u0151en. B\u00e1r ezek az id\u0151k egyel\u0151re elm\u00faltak, ett\u0151l f\u00fcggetlen\u00fcl biztosan \u00e1ll\u00edthatjuk, hogy ez a k\u00fcl\u00f6nleges \u00e9s gy\u00f6ny\u00f6r\u0171 multikultur\u00e1lis orsz\u00e1g m\u00e9g ma is meg\u00e9rdemli a figyelmet, mivel sz\u00e1mos olyan dolog tal\u00e1lhat\u00f3 itt, amivel sehol m\u00e1shol nem tal\u00e1lkozhatunk.<\/p>\n<p style=\"text-align: center\">\n<div style=\"float:none;margin:0px 0 0px 0;text-align:center;\">\n<div class=\"mobileShowkakettes\"><div class=\"mobileShowka2\"><div style=\"padding-top:0px;padding-bottom:15px;min-height: 300px;\"><div class=\"hirdetes\">HIRDET\u00c9S<\/div>\n<!-- 300lista -->\n<ins class=\"adsbygoogle\"\n     style=\"display:inline-block;width:300px;height:250px\"\n     data-ad-client=\"ca-pub-9424088931673893\"\n     data-ad-slot=\"8471340766\"><\/ins>\n<script async>\n     (adsbygoogle = window.adsbygoogle || []).push({});\n<\/script><\/div><\/div><\/div><\/div>\n<p>A <strong>Liked.hu<\/strong>-n\u00e1l szeret\u00fcnk utazni \u00e9s \u00faj helyeket felfedezni, ez\u00e9rt cikk\u00fcnkben most \u00f6sszegy\u0171jt\u00f6tt\u00fck a leg\u00e9rdekesebb dolgokat Malajzi\u00e1val- \u00e9s az ott \u00e9l\u0151 emberekkel kapcsolatban.<\/p>\n<div id=\"zombify-main-section-front\" class=\"zombify-main-section-front zombify-screen zf-media-full\">\r\n\t<link rel=\"stylesheet\" type=\"text\/css\" href=\"https:\/\/liked.hu\/old\/js\/zombify.css\">\r\n    <link rel=\"stylesheet\" type=\"text\/css\" href=\"https:\/\/liked.hu\/old\/wp-content\/themes\/newsy-child\/style.css\">\r\n\t<div class=\"zf-container\">\r\n\t\t<div id=\"zf-countdown\" class=\"zf-countdown zf-list zf-numbered\">\r\n\t\t\t<ol class=\"zf-structure-list\">\r\n\t\t\t\t                        <li class=\"zf-list_item\">\r\n                            <div class=\"zf-list_header\">\r\n                                <h3 id=\"13\" class=\"zf-list_title\">\r\n                                    <span class=\"zf-number\">13<\/span>\r\n                                    A malajziai mozikban nem kapcsolj\u00e1k le a f\u00e9nyeket vet\u00edt\u00e9s k\u00f6zben.                                <\/h3>\r\n                            <\/div>\r\n\t\t\t\t\t\t\t\t\t\t\t\t\t\t\t<figure class=\"zf-list_media zf-media-wrapper zf-image zf-type-image\">\r\n\t\t\t\t\t\t\t\t\t<div title=\"A malajziai mozikban nem kapcsolj\u00e1k le a f\u00e9nyeket vet\u00edt\u00e9s k\u00f6zben.\" alt=\"A malajziai mozikban nem kapcsolj\u00e1k le a f\u00e9nyeket vet\u00edt\u00e9s k\u00f6zben.\" class=\"zf-media\">\r\n\t\t\t\t\t\t\t\t\t\t<img width=\"728\" height=\"914\" src=\"https:\/\/liked.hu\/old\/wp-content\/uploads\/2021\/02\/Malajziai-mozik.jpg\" class=\"\" alt=\"Malajziai mozik\" loading=\"lazy\" style=\"\" srcset=\"https:\/\/liked.hu\/old\/wp-content\/uploads\/2021\/02\/Malajziai-mozik.jpg 728w, https:\/\/liked.hu\/old\/wp-content\/uploads\/2021\/02\/Malajziai-mozik-239x300.jpg 239w, https:\/\/liked.hu\/old\/wp-content\/uploads\/2021\/02\/Malajziai-mozik-717x900.jpg 717w, https:\/\/liked.hu\/old\/wp-content\/uploads\/2021\/02\/Malajziai-mozik-360x452.jpg 360w\" sizes=\"(max-width: 728px) 100vw, 728px\" \/>\t\t\t\t\t\t\t\t\t\t\t<figcaption class=\"zf-figcaption\">\r\n                                                <cite><\/cite>\r\n\r\n                                                \t\t\t\t\t\t\t\t\t\t\t<\/figcaption>\r\n\t\t\t\t\t\t\t\t\t\t\t\t\t\t\t\t\t\t\t<\/div>\r\n\t\t\t\t\t\t\t\t\t<hr \/>\r\n\t\t\t\t\t\t\t\t<\/figure>\r\n\t\t\t\t\t\t\t\t\r\n\t\t\t\t\t\t\t\t\t\t\t\t\t\t\t<div class=\"zf-countdown_description\"><p>Na nem az\u00e9rt, mert a n\u00e9z\u0151k esetleg f\u00e9lnek a s\u00f6t\u00e9tben horrorfilmet n\u00e9zni, hanem mert Malajzia egy szigor\u00fa muszlim orsz\u00e1g, ez\u00e9rt mindig vil\u00e1g\u00edtaniuk kell a f\u00e9nyeknek, hogy egyr\u00e9szt megakad\u00e1lyozz\u00e1k a nem h\u00e1zas n\u0151k \u00e9s f\u00e9rfiak egym\u00e1s mell\u00e9 \u00fcl\u00e9s\u00e9t, m\u00e1sr\u00e9szt a film alatt t\u00f6rt\u00e9n\u0151 nem hely\u00e9nval\u00f3 cselekedeteket.<\/p><\/div>\r\n\t\t\t\t\t\t\t                        <\/li>\r\n                                                                    <li class=\"zf-list_item\">\r\n                            <div class=\"zf-list_header\">\r\n                                <h3 id=\"12\" class=\"zf-list_title\">\r\n                                    <span class=\"zf-number\">12<\/span>\r\n                                    A rep\u00fcl\u0151t\u00e9ren egy komplett \u0151serd\u0151ben s\u00e9t\u00e1lhatunk.                                <\/h3>\r\n                            <\/div>\r\n\t\t\t\t\t\t\t\t\t\t\t\t\t\t\t<figure class=\"zf-list_media zf-media-wrapper zf-image zf-type-image\">\r\n\t\t\t\t\t\t\t\t\t<div title=\"A rep\u00fcl\u0151t\u00e9ren egy komplett \u0151serd\u0151ben s\u00e9t\u00e1lhatunk.\" alt=\"A rep\u00fcl\u0151t\u00e9ren egy komplett \u0151serd\u0151ben s\u00e9t\u00e1lhatunk.\" class=\"zf-media\">\r\n\t\t\t\t\t\t\t\t\t\t<img width=\"640\" height=\"640\" src=\"https:\/\/liked.hu\/old\/wp-content\/uploads\/2021\/02\/57e805e9-7f21-4b05-8f93-90088c9c22fd.jpg\" class=\"\" alt=\"57e805e9 7f21 4b05 8f93 90088c9c22fd\" loading=\"lazy\" style=\"\" srcset=\"https:\/\/liked.hu\/old\/wp-content\/uploads\/2021\/02\/57e805e9-7f21-4b05-8f93-90088c9c22fd.jpg 640w, https:\/\/liked.hu\/old\/wp-content\/uploads\/2021\/02\/57e805e9-7f21-4b05-8f93-90088c9c22fd-150x150.jpg 150w, https:\/\/liked.hu\/old\/wp-content\/uploads\/2021\/02\/57e805e9-7f21-4b05-8f93-90088c9c22fd-300x300.jpg 300w, https:\/\/liked.hu\/old\/wp-content\/uploads\/2021\/02\/57e805e9-7f21-4b05-8f93-90088c9c22fd-360x360.jpg 360w, https:\/\/liked.hu\/old\/wp-content\/uploads\/2021\/02\/57e805e9-7f21-4b05-8f93-90088c9c22fd-350x350.jpg 350w\" sizes=\"(max-width: 640px) 100vw, 640px\" \/>\t\t\t\t\t\t\t\t\t\t\t<figcaption class=\"zf-figcaption\">\r\n                                                <cite><\/cite>\r\n\r\n                                                \t\t\t\t\t\t\t\t\t\t\t<\/figcaption>\r\n\t\t\t\t\t\t\t\t\t\t\t\t\t\t\t\t\t\t\t<\/div>\r\n\t\t\t\t\t\t\t\t\t<hr \/>\r\n\t\t\t\t\t\t\t\t<\/figure>\r\n\t\t\t\t\t\t\t\t\r\n\t\t\t\t\t\t\t\t\t\t\t\t\t\t\t<div class=\"zf-countdown_description\"><p>Malajzia m&aacute;r akkor &ouml;r&ouml;met okoz, amikor letessz&uuml;k a l&aacute;bunkat az orsz&aacute;gban: a Kuala Lumpur Nemzetk&ouml;zi Rep&uuml;l\u0151t&eacute;ren val&oacute;di \u0151serd\u0151ben s&eacute;t&aacute;lhatunk. T&ouml;rt&eacute;nik ez az&eacute;rt, mivel &uacute;gy d&ouml;nt&ouml;ttek, hogy a rep&uuml;l\u0151t&eacute;r b\u0151v&iacute;t&eacute;se k&ouml;zben is meg\u0151rzik a l&eacute;tes&iacute;tm&eacute;ny hely&eacute;n &aacute;ll&oacute; term&eacute;szetet.<\/p><p style=\"text-align: center\">\n<div style=\"float:none;margin:0px 0 0px 0;text-align:center;\">\n<div class=\"mobileHideke5\"><div style=\"margin-top:25px;\"><div class=\"hirdeteshatter\"><div style=\"display: inline-block;width: 50%;min-width:305px;vertical-align: top;\"><div class=\"hirdetes\">HIRDET\u00c9S<\/div>\n<!-- LikedQ51 -->\n<ins class=\"adsbygoogle\"\n     style=\"display:inline-block;width:300px;height:250px\"\n     data-ad-client=\"ca-pub-9424088931673893\"\n     data-ad-slot=\"8284063326\"><\/ins>\n<script async>\n     (adsbygoogle = window.adsbygoogle || []).push({});\n<\/script><\/div><div style=\"display: inline-block;width: 50%;min-width:305px;vertical-align: top;\"><div class=\"hirdetes\">HIRDET\u00c9S<\/div>\n<!-- LikedQ52 -->\n<ins class=\"adsbygoogle\"\n     style=\"display:inline-block;width:300px;height:250px\"\n     data-ad-client=\"ca-pub-9424088931673893\"\n     data-ad-slot=\"2840164950\"><\/ins>\n<script async>\n     (adsbygoogle = window.adsbygoogle || []).push({});\n<\/script><\/div><\/div><\/div><\/div>\n<div style=\"display:flex;flex-direction:column;\"><div class=\"mobileShowka5\"><div style=\"padding-top:10px;padding-bottom:10px;min-height: 300px;\"><div class=\"hirdetes\">HIRDET\u00c9S<\/div>\n<!-- LikedQ5M -->\n<ins class=\"adsbygoogle\"\n     style=\"display:inline-block;width:300px;height:250px\"\n     data-ad-client=\"ca-pub-9424088931673893\"\n     data-ad-slot=\"9022429928\"><\/ins>\n<script async>\n     (adsbygoogle = window.adsbygoogle || []).push({});\n<\/script><\/div><\/div><\/div><\/div><\/div>\r\n\t\t\t\t\t\t\t                        <\/li>\r\n                                                                    <li class=\"zf-list_item\">\r\n                            <div class=\"zf-list_header\">\r\n                                <h3 id=\"11\" class=\"zf-list_title\">\r\n                                    <span class=\"zf-number\">11<\/span>\r\n                                    A motorosok ford\u00edtva hordj\u00e1k a dzsekij\u00fcket.                                <\/h3>\r\n                            <\/div>\r\n\t\t\t\t\t\t\t\t\t\t\t\t\t\t\t<figure class=\"zf-list_media zf-media-wrapper zf-image zf-type-image\">\r\n\t\t\t\t\t\t\t\t\t<div title=\"A motorosok ford\u00edtva hordj\u00e1k a dzsekij\u00fcket.\" alt=\"A motorosok ford\u00edtva hordj\u00e1k a dzsekij\u00fcket.\" class=\"zf-media\">\r\n\t\t\t\t\t\t\t\t\t\t<img width=\"640\" height=\"428\" src=\"https:\/\/liked.hu\/old\/wp-content\/uploads\/2021\/02\/c6bea77e-3a70-462b-8b02-359af7edc26a.jpg\" class=\"\" alt=\"c6bea77e 3a70 462b 8b02 359af7edc26a\" loading=\"lazy\" style=\"\" srcset=\"https:\/\/liked.hu\/old\/wp-content\/uploads\/2021\/02\/c6bea77e-3a70-462b-8b02-359af7edc26a.jpg 640w, https:\/\/liked.hu\/old\/wp-content\/uploads\/2021\/02\/c6bea77e-3a70-462b-8b02-359af7edc26a-300x201.jpg 300w, https:\/\/liked.hu\/old\/wp-content\/uploads\/2021\/02\/c6bea77e-3a70-462b-8b02-359af7edc26a-360x241.jpg 360w\" sizes=\"(max-width: 640px) 100vw, 640px\" \/>\t\t\t\t\t\t\t\t\t\t\t<figcaption class=\"zf-figcaption\">\r\n                                                <cite><\/cite>\r\n\r\n                                                \t\t\t\t\t\t\t\t\t\t\t<\/figcaption>\r\n\t\t\t\t\t\t\t\t\t\t\t\t\t\t\t\t\t\t\t<\/div>\r\n\t\t\t\t\t\t\t\t\t<hr \/>\r\n\t\t\t\t\t\t\t\t<\/figure>\r\n\t\t\t\t\t\t\t\t\r\n\t\t\t\t\t\t\t\t\t\t\t\t\t\t\t<div class=\"zf-countdown_description\"><p>Ami a malajziai id\u0151j&aacute;r&aacute;st illeti, &eacute;vente &aacute;tlagosan 210 zivatar van. A naps&uuml;t&eacute;ses id\u0151j&aacute;r&aacute;s pillanatok alatt k&eacute;pes es\u0151v&eacute; v&aacute;ltozni, r&aacute;ad&aacute;sul a v&aacute;rosokban nagyon szennyezett a leveg\u0151, &eacute;s az emberek azt mondj&aacute;k, hogy a ruh&aacute;ik &iacute;gy nagyon gyorsan koszol&oacute;dnak az utakon. Ez magyar&aacute;zza azt is, hogy mi&eacute;rt hordj&aacute;k ford&iacute;tva a dzsekij&uuml;ket a malajziai motorosok, amin sok turista meglep\u0151dik.<\/p><\/div>\r\n\t\t\t\t\t\t\t                        <\/li>\r\n                                                                    <li class=\"zf-list_item\">\r\n                            <div class=\"zf-list_header\">\r\n                                <h3 id=\"10\" class=\"zf-list_title\">\r\n                                    <span class=\"zf-number\">10<\/span>\r\n                                    A vil\u00e1g legnagyobb k\u00f6rforgalma Malajzi\u00e1ban tal\u00e1lhat\u00f3.                                <\/h3>\r\n                            <\/div>\r\n\t\t\t\t\t\t\t\t\t\t\t\t\t\t\t<figure class=\"zf-list_media zf-media-wrapper zf-image zf-type-image\">\r\n\t\t\t\t\t\t\t\t\t<div title=\"A vil\u00e1g legnagyobb k\u00f6rforgalma Malajzi\u00e1ban tal\u00e1lhat\u00f3.\" alt=\"A vil\u00e1g legnagyobb k\u00f6rforgalma Malajzi\u00e1ban tal\u00e1lhat\u00f3.\" class=\"zf-media\">\r\n\t\t\t\t\t\t\t\t\t\t<img width=\"640\" height=\"457\" src=\"https:\/\/liked.hu\/old\/wp-content\/uploads\/2021\/02\/fb1fa329-01bc-42aa-a19f-6d8f60025887.jpg\" class=\"\" alt=\"fb1fa329 01bc 42aa a19f 6d8f60025887\" loading=\"lazy\" style=\"\" srcset=\"https:\/\/liked.hu\/old\/wp-content\/uploads\/2021\/02\/fb1fa329-01bc-42aa-a19f-6d8f60025887.jpg 640w, https:\/\/liked.hu\/old\/wp-content\/uploads\/2021\/02\/fb1fa329-01bc-42aa-a19f-6d8f60025887-300x214.jpg 300w, https:\/\/liked.hu\/old\/wp-content\/uploads\/2021\/02\/fb1fa329-01bc-42aa-a19f-6d8f60025887-360x257.jpg 360w\" sizes=\"(max-width: 640px) 100vw, 640px\" \/>\t\t\t\t\t\t\t\t\t\t\t<figcaption class=\"zf-figcaption\">\r\n                                                <cite><\/cite>\r\n\r\n                                                \t\t\t\t\t\t\t\t\t\t\t<\/figcaption>\r\n\t\t\t\t\t\t\t\t\t\t\t\t\t\t\t\t\t\t\t<\/div>\r\n\t\t\t\t\t\t\t\t\t<hr \/>\r\n\t\t\t\t\t\t\t\t<\/figure>\r\n\t\t\t\t\t\t\t\t\r\n\t\t\t\t\t\t\t\t\t\t\t\t\t\t\t<div class=\"zf-countdown_description\"><p>A k&ouml;rforgalom Putrajaya v&aacute;rosban van, &eacute;s az &aacute;tm&eacute;r\u0151je k&ouml;r&uuml;lbel&uuml;l 5,6 km.<\/p><\/div>\r\n\t\t\t\t\t\t\t                        <\/li>\r\n                                                                    <li class=\"zf-list_item\">\r\n                            <div class=\"zf-list_header\">\r\n                                <h3 id=\"9\" class=\"zf-list_title\">\r\n                                    <span class=\"zf-number\">9<\/span>\r\n                                    Muhammad V. - volt malajziai kir\u00e1ly feles\u00e9g\u00fcl vett egy orosz szupermodellt, \u00e9s lemondott a tr\u00f3nr\u00f3l.                                <\/h3>\r\n                            <\/div>\r\n\t\t\t\t\t\t\t\t\t\t\t\t\t\t\t<figure class=\"zf-list_media zf-media-wrapper zf-embed\">\r\n\t\t\t\t\t\t\t\t\t<div title=\"Muhammad V. - volt malajziai kir\u00e1ly feles\u00e9g\u00fcl vett egy orosz szupermodellt, \u00e9s lemondott a tr\u00f3nr\u00f3l.\" alt=\"Muhammad V. - volt malajziai kir\u00e1ly feles\u00e9g\u00fcl vett egy orosz szupermodellt, \u00e9s lemondott a tr\u00f3nr\u00f3l.\" class=\"zf-media\">\r\n\t\t\t\t\t\t\t\t\t\t<div class=\"zf-embedded-url\"><div class=\"zf-embed-cont\"><div class='custom-oembed-error'><p><!-- Could not embed --><a href=\"https:\/\/www.instagram.com\/p\/CHkUZJNBuge\">View Link<\/a><\/p><\/div><\/div><\/div>\t\t\t\t\t\t\t\t\t\t\t<figcaption class=\"zf-figcaption\">\r\n                                                <cite><\/cite>\r\n\r\n                                                \t\t\t\t\t\t\t\t\t\t\t<\/figcaption>\r\n\t\t\t\t\t\t\t\t\t\t\t\t\t\t\t\t\t\t\t<\/div>\r\n\t\t\t\t\t\t\t\t\t<hr \/>\r\n\t\t\t\t\t\t\t\t<\/figure>\r\n\t\t\t\t\t\t\t\t\r\n\t\t\t\t\t\t\t\t\t\t\t\t\t\t\t<div class=\"zf-countdown_description\"><p>Az orosz modell, Oksana Voevodina 2015-ben nyerte el a Miss Moszkva c&iacute;met. Ezut&aacute;n tal&aacute;lkozott Malajzia akkori herceg&eacute;vel, akivel azonnal egym&aacute;sba szerettek &eacute;s &ouml;ssze is h&aacute;zasodtak, a f&eacute;rfi m&eacute;g a tr&oacute;nr&oacute;l is lemondott miatta. Ennek ellen&eacute;re 2019-ben nagy botr&aacute;nyok k&ouml;zepette v&aacute;ltak el, a n\u0151 most a k&ouml;z&ouml;s fiukat neveli.<\/p><p style=\"text-align: center\">\n<div style=\"float:none;margin:0px 0 0px 0;text-align:center;\">\n<div class=\"mobileHideke8\"><div style=\"margin-top:25px;\"><div class=\"hirdeteshatter\"><div style=\"display: inline-block;width: 50%;min-width:340px;vertical-align: top;\"><div class=\"hirdetes\">HIRDET\u00c9S<\/div>\n<!-- Liked7Q1 -->\n<ins class=\"adsbygoogle\"\n     style=\"display:inline-block;width:336px;height:280px\"\n     data-ad-client=\"ca-pub-9424088931673893\"\n     data-ad-slot=\"3022062587\"><\/ins>\n<script async>\n     (adsbygoogle = window.adsbygoogle || []).push({});\n<\/script><\/div><div style=\"display: inline-block;width: 50%;min-width:340px;vertical-align: top;\"><div class=\"hirdetes\">HIRDET\u00c9S<\/div>\n<!-- Liked7Q2 -->\n<ins class=\"adsbygoogle\"\n     style=\"display:inline-block;width:336px;height:280px\"\n     data-ad-client=\"ca-pub-9424088931673893\"\n     data-ad-slot=\"3952000871\"><\/ins>\n<script async>\n     (adsbygoogle = window.adsbygoogle || []).push({});\n<\/script><\/div><\/div><\/div><\/div>\n<div style=\"display:flex;flex-direction:column;\"><div class=\"mobileShowka8\"><div style=\"padding-top:15px;margin-bottom:15px;min-height: 300px;\"><div class=\"hirdetes\">HIRDET\u00c9S<\/div>\n<!-- Liked7QMobil -->\n<ins class=\"adsbygoogle\"\n     style=\"display:inline-block;width:336px;height:280px\"\n     data-ad-client=\"ca-pub-9424088931673893\"\n     data-ad-slot=\"5073510857\"><\/ins>\n<script async>\n     (adsbygoogle = window.adsbygoogle || []).push({});\n<\/script><\/div><\/div><\/div><\/div><\/div>\r\n\t\t\t\t\t\t\t                        <\/li>\r\n                                                                    <li class=\"zf-list_item\">\r\n                            <div class=\"zf-list_header\">\r\n                                <h3 id=\"8\" class=\"zf-list_title\">\r\n                                    <span class=\"zf-number\">8<\/span>\r\n                                    A malajziaiak im\u00e1dj\u00e1k a horrorfilmeket.                                <\/h3>\r\n                            <\/div>\r\n\t\t\t\t\t\t\t\t\t\t\t\t\t\t\t<figure class=\"zf-list_media zf-media-wrapper zf-image zf-type-image\">\r\n\t\t\t\t\t\t\t\t\t<div title=\"A malajziaiak im\u00e1dj\u00e1k a horrorfilmeket.\" alt=\"A malajziaiak im\u00e1dj\u00e1k a horrorfilmeket.\" class=\"zf-media\">\r\n\t\t\t\t\t\t\t\t\t\t<img width=\"640\" height=\"426\" src=\"https:\/\/liked.hu\/old\/wp-content\/uploads\/2021\/02\/a3a922b1-36e5-4518-aed9-cfdb2968c186.jpg\" class=\"\" alt=\"a3a922b1 36e5 4518 aed9 cfdb2968c186\" loading=\"lazy\" style=\"\" srcset=\"https:\/\/liked.hu\/old\/wp-content\/uploads\/2021\/02\/a3a922b1-36e5-4518-aed9-cfdb2968c186.jpg 640w, https:\/\/liked.hu\/old\/wp-content\/uploads\/2021\/02\/a3a922b1-36e5-4518-aed9-cfdb2968c186-300x200.jpg 300w, https:\/\/liked.hu\/old\/wp-content\/uploads\/2021\/02\/a3a922b1-36e5-4518-aed9-cfdb2968c186-360x240.jpg 360w\" sizes=\"(max-width: 640px) 100vw, 640px\" \/>\t\t\t\t\t\t\t\t\t\t\t<figcaption class=\"zf-figcaption\">\r\n                                                <cite><\/cite>\r\n\r\n                                                \t\t\t\t\t\t\t\t\t\t\t<\/figcaption>\r\n\t\t\t\t\t\t\t\t\t\t\t\t\t\t\t\t\t\t\t<\/div>\r\n\t\t\t\t\t\t\t\t\t<hr \/>\r\n\t\t\t\t\t\t\t\t<\/figure>\r\n\t\t\t\t\t\t\t\t\r\n\t\t\t\t\t\t\t\t\t\t\t\t\t\t\t<div class=\"zf-countdown_description\"><p>A k&ouml;z&ouml;ns&eacute;get legjobban a horrorfilmek &eacute;rdeklik, &eacute;s maga Malajzia is jelent\u0151s sz&aacute;m&uacute; ilyen filmet gy&aacute;rt minden &eacute;vben.<\/p><\/div>\r\n\t\t\t\t\t\t\t                        <\/li>\r\n                                                                    <li class=\"zf-list_item\">\r\n                            <div class=\"zf-list_header\">\r\n                                <h3 id=\"7\" class=\"zf-list_title\">\r\n                                    <span class=\"zf-number\">7<\/span>\r\n                                    Tilos a t\u00e9v\u00e9ben h\u00f3naljt mutogatni.                                <\/h3>\r\n                            <\/div>\r\n\t\t\t\t\t\t\t\t\t\t\t\t\t\t\t<figure class=\"zf-list_media zf-media-wrapper zf-image zf-type-image\">\r\n\t\t\t\t\t\t\t\t\t<div title=\"Tilos a t\u00e9v\u00e9ben h\u00f3naljt mutogatni.\" alt=\"Tilos a t\u00e9v\u00e9ben h\u00f3naljt mutogatni.\" class=\"zf-media\">\r\n\t\t\t\t\t\t\t\t\t\t<img width=\"640\" height=\"774\" src=\"https:\/\/liked.hu\/old\/wp-content\/uploads\/2021\/02\/5eafd635-171f-4c8c-b87b-fa3bdaf119a9.jpg\" class=\"\" alt=\"5eafd635 171f 4c8c b87b fa3bdaf119a9\" loading=\"lazy\" style=\"\" srcset=\"https:\/\/liked.hu\/old\/wp-content\/uploads\/2021\/02\/5eafd635-171f-4c8c-b87b-fa3bdaf119a9.jpg 640w, https:\/\/liked.hu\/old\/wp-content\/uploads\/2021\/02\/5eafd635-171f-4c8c-b87b-fa3bdaf119a9-248x300.jpg 248w, https:\/\/liked.hu\/old\/wp-content\/uploads\/2021\/02\/5eafd635-171f-4c8c-b87b-fa3bdaf119a9-360x435.jpg 360w\" sizes=\"(max-width: 640px) 100vw, 640px\" \/>\t\t\t\t\t\t\t\t\t\t\t<figcaption class=\"zf-figcaption\">\r\n                                                <cite><\/cite>\r\n\r\n                                                \t\t\t\t\t\t\t\t\t\t\t<\/figcaption>\r\n\t\t\t\t\t\t\t\t\t\t\t\t\t\t\t\t\t\t\t<\/div>\r\n\t\t\t\t\t\t\t\t\t<hr \/>\r\n\t\t\t\t\t\t\t\t<\/figure>\r\n\t\t\t\t\t\t\t\t\r\n\t\t\t\t\t\t\t\t\t\t\t\t\t\t\t<div class=\"zf-countdown_description\"><p>Tilos a n\u0151k test&eacute;nek b&aacute;rmely intim r&eacute;sz&eacute;t megmutatni, &eacute;s a h&oacute;nalj is ezek k&ouml;z&eacute; tartozik. A n\u0151i dezodorok &eacute;s epil&aacute;torok gy&aacute;rt&oacute;i ez&eacute;rt a rekl&aacute;mfilmekben gyakran oldalr&oacute;l mutatj&aacute;k a n\u0151ket.<\/p><\/div>\r\n\t\t\t\t\t\t\t                        <\/li>\r\n                                                                        <\/ol>\r\n        <\/div>\r\n    <\/div>\r\n    <\/div>\r\n\r\n<!--nextpage--><div id=\"zombify-main-section-front\" class=\"zombify-main-section-front zombify-screen zf-media-full\">\r\n\t<link rel=\"stylesheet\" type=\"text\/css\" href=\"https:\/\/liked.hu\/old\/js\/zombify.css\">\r\n    <link rel=\"stylesheet\" type=\"text\/css\" href=\"https:\/\/liked.hu\/old\/wp-content\/themes\/newsy-child\/style.css\">\r\n\t<div class=\"zf-container\">\r\n\t\t<div id=\"zf-countdown\" class=\"zf-countdown zf-list zf-numbered\">\r\n\t\t\t<ol class=\"zf-structure-list\">\r\n\t\t\t\t                        <li class=\"zf-list_item\">\r\n                            <div class=\"zf-list_header\">\r\n                                <h3 id=\"6\" class=\"zf-list_title\">\r\n                                    <span class=\"zf-number\">6<\/span>\r\n                                    Megb\u00fcntetnek, ha Despacito-t \u00e9nekelsz.                                <\/h3>\r\n                            <\/div>\r\n\t\t\t\t\t\t\t\t\t\t\t\t\t\t\t<figure class=\"zf-list_media zf-media-wrapper zf-image zf-type-image\">\r\n\t\t\t\t\t\t\t\t\t<div title=\"Megb\u00fcntetnek, ha Despacito-t \u00e9nekelsz.\" alt=\"Megb\u00fcntetnek, ha Despacito-t \u00e9nekelsz.\" class=\"zf-media\">\r\n\t\t\t\t\t\t\t\t\t\t<img width=\"640\" height=\"388\" src=\"https:\/\/liked.hu\/old\/wp-content\/uploads\/2021\/02\/d372356c-6b3c-4069-8a6e-c2231281da15.jpg\" class=\"\" alt=\"d372356c 6b3c 4069 8a6e c2231281da15\" loading=\"lazy\" style=\"\" srcset=\"https:\/\/liked.hu\/old\/wp-content\/uploads\/2021\/02\/d372356c-6b3c-4069-8a6e-c2231281da15.jpg 640w, https:\/\/liked.hu\/old\/wp-content\/uploads\/2021\/02\/d372356c-6b3c-4069-8a6e-c2231281da15-300x182.jpg 300w, https:\/\/liked.hu\/old\/wp-content\/uploads\/2021\/02\/d372356c-6b3c-4069-8a6e-c2231281da15-360x218.jpg 360w\" sizes=\"(max-width: 640px) 100vw, 640px\" \/>\t\t\t\t\t\t\t\t\t\t\t<figcaption class=\"zf-figcaption\">\r\n                                                <cite><\/cite>\r\n\r\n                                                \t\t\t\t\t\t\t\t\t\t\t<\/figcaption>\r\n\t\t\t\t\t\t\t\t\t\t\t\t\t\t\t\t\t\t\t<\/div>\r\n\t\t\t\t\t\t\t\t\t<hr \/>\r\n\t\t\t\t\t\t\t\t<\/figure>\r\n\t\t\t\t\t\t\t\t\r\n\t\t\t\t\t\t\t\t\t\t\t\t\t\t\t<div class=\"zf-countdown_description\"><p>Ennek oka, hogy a n&eacute;pszer\u0171 sl&aacute;gert t&uacute;l szexist&aacute;nak &eacute;s erk&ouml;lcstelennek tartj&aacute;k a muszlim orsz&aacute;g norm&aacute;ihoz. Hasonl&oacute; cenz&uacute;ra van egy&eacute;bk&eacute;nt &eacute;rv&eacute;nyben Madonna, Lady Gaga &eacute;s sok m&aacute;s el\u0151ad&oacute; dal&aacute;ra is. A feln\u0151tteknek sz&oacute;l&oacute; er\u0151szakos &eacute;s erotikus jeleneteket tartalmaz&oacute; filmek &eacute;s rajzfilmek szint&eacute;n tiltva vannak.<\/p><\/div>\r\n\t\t\t\t\t\t\t                        <\/li>\r\n                                                                    <li class=\"zf-list_item\">\r\n                            <div class=\"zf-list_header\">\r\n                                <h3 id=\"5\" class=\"zf-list_title\">\r\n                                    <span class=\"zf-number\">5<\/span>\r\n                                    Teak\u00e9sz\u00edt\u0151 versenyt tartanak.                                <\/h3>\r\n                            <\/div>\r\n\t\t\t\t\t\t\t\t\t\t\t\t\t\t\t<figure class=\"zf-list_media zf-media-wrapper zf-image zf-type-image\">\r\n\t\t\t\t\t\t\t\t\t<div title=\"Teak\u00e9sz\u00edt\u0151 versenyt tartanak.\" alt=\"Teak\u00e9sz\u00edt\u0151 versenyt tartanak.\" class=\"zf-media\">\r\n\t\t\t\t\t\t\t\t\t\t<img width=\"640\" height=\"426\" src=\"https:\/\/liked.hu\/old\/wp-content\/uploads\/2021\/02\/2aec0f9f-84fb-47a8-8d29-5fd2491e4aa6.jpg\" class=\"\" alt=\"2aec0f9f 84fb 47a8 8d29 5fd2491e4aa6\" loading=\"lazy\" style=\"\" srcset=\"https:\/\/liked.hu\/old\/wp-content\/uploads\/2021\/02\/2aec0f9f-84fb-47a8-8d29-5fd2491e4aa6.jpg 640w, https:\/\/liked.hu\/old\/wp-content\/uploads\/2021\/02\/2aec0f9f-84fb-47a8-8d29-5fd2491e4aa6-300x200.jpg 300w, https:\/\/liked.hu\/old\/wp-content\/uploads\/2021\/02\/2aec0f9f-84fb-47a8-8d29-5fd2491e4aa6-360x240.jpg 360w\" sizes=\"(max-width: 640px) 100vw, 640px\" \/>\t\t\t\t\t\t\t\t\t\t\t<figcaption class=\"zf-figcaption\">\r\n                                                <cite><\/cite>\r\n\r\n                                                \t\t\t\t\t\t\t\t\t\t\t<\/figcaption>\r\n\t\t\t\t\t\t\t\t\t\t\t\t\t\t\t\t\t\t\t<\/div>\r\n\t\t\t\t\t\t\t\t\t<hr \/>\r\n\t\t\t\t\t\t\t\t<\/figure>\r\n\t\t\t\t\t\t\t\t\r\n\t\t\t\t\t\t\t\t\t\t\t\t\t\t\t<div class=\"zf-countdown_description\"><p>A mal&aacute;jok kedvenc ital&aacute;t teh tarik. Ez tulajdonk&eacute;ppen egy jeges tea, amit egyik kancs&oacute;b&oacute;l a m&aacute;sikba &ouml;ntenek mindaddig, m&iacute;g var&aacute;zslatos hab nem k&eacute;pz\u0151dik rajta. A teak&eacute;sz&iacute;t&eacute;s ezen m&oacute;dja annyira l&aacute;tv&aacute;nyos, hogy minden &eacute;vben teak&eacute;sz&iacute;t\u0151 versenyeket is tartanak.<\/p><p style=\"text-align: center\">\n<div style=\"float:none;margin:0px 0 0px 0;text-align:center;\">\n<div class=\"mobileHideke8\"><div class=\"hirdeteshatter\"><div style=\"display: inline-block;width: 50%;min-width:340px;vertical-align: top;\"><div class=\"hirdetes\">HIRDET\u00c9S<\/div>\n<!-- LikedQ81 -->\n<ins class=\"adsbygoogle\"\n     style=\"display:inline-block;width:336px;height:280px\"\n     data-ad-client=\"ca-pub-9424088931673893\"\n     data-ad-slot=\"2436840276\"><\/ins>\n<script async>\n     (adsbygoogle = window.adsbygoogle || []).push({});\n<\/script><\/div><div style=\"display: inline-block;width: 50%;min-width:340px;vertical-align: top;\"><div class=\"hirdetes\">HIRDET\u00c9S<\/div>\n<!-- LikedQ82 -->\n<ins class=\"adsbygoogle\"\n     style=\"display:inline-block;width:336px;height:280px\"\n     data-ad-client=\"ca-pub-9424088931673893\"\n     data-ad-slot=\"3558350253\"><\/ins>\n<script async>\n     (adsbygoogle = window.adsbygoogle || []).push({});\n<\/script><\/div><\/div><\/div>\n<div style=\"display:flex;flex-direction:column;\"><div class=\"mobileShowka8 nyolc\"><div style=\"padding-top:15px;padding-bottom:5px;min-height: 300px;\"><div class=\"hirdetes\">HIRDET\u00c9S<\/div>\n<!-- LikedQ8M -->\n<ins class=\"adsbygoogle\"\n     style=\"display:inline-block;width:336px;height:280px\"\n     data-ad-client=\"ca-pub-9424088931673893\"\n     data-ad-slot=\"4679860235\"><\/ins>\n<script async>\n     (adsbygoogle = window.adsbygoogle || []).push({});\n<\/script><\/div><\/div><\/div><\/div><\/div>\r\n\t\t\t\t\t\t\t                        <\/li>\r\n                                                                    <li class=\"zf-list_item\">\r\n                            <div class=\"zf-list_header\">\r\n                                <h3 id=\"4\" class=\"zf-list_title\">\r\n                                    <span class=\"zf-number\">4<\/span>\r\n                                    Malajzi\u00e1ban \u00e9l a vil\u00e1g legkisebb medv\u00e9je.                                <\/h3>\r\n                            <\/div>\r\n\t\t\t\t\t\t\t\t\t\t\t\t\t\t\t<figure class=\"zf-list_media zf-media-wrapper zf-image zf-type-image\">\r\n\t\t\t\t\t\t\t\t\t<div title=\"Malajzi\u00e1ban \u00e9l a vil\u00e1g legkisebb medv\u00e9je.\" alt=\"Malajzi\u00e1ban \u00e9l a vil\u00e1g legkisebb medv\u00e9je.\" class=\"zf-media\">\r\n\t\t\t\t\t\t\t\t\t\t<img width=\"728\" height=\"435\" src=\"https:\/\/liked.hu\/old\/wp-content\/uploads\/2021\/02\/Malaj-medve-es-binturong.jpg\" class=\"\" alt=\"Malaj medve es binturong\" loading=\"lazy\" style=\"\" srcset=\"https:\/\/liked.hu\/old\/wp-content\/uploads\/2021\/02\/Malaj-medve-es-binturong.jpg 728w, https:\/\/liked.hu\/old\/wp-content\/uploads\/2021\/02\/Malaj-medve-es-binturong-300x179.jpg 300w, https:\/\/liked.hu\/old\/wp-content\/uploads\/2021\/02\/Malaj-medve-es-binturong-360x215.jpg 360w\" sizes=\"(max-width: 728px) 100vw, 728px\" \/>\t\t\t\t\t\t\t\t\t\t\t<figcaption class=\"zf-figcaption\">\r\n                                                <cite><\/cite>\r\n\r\n                                                \t\t\t\t\t\t\t\t\t\t\t<\/figcaption>\r\n\t\t\t\t\t\t\t\t\t\t\t\t\t\t\t\t\t\t\t<\/div>\r\n\t\t\t\t\t\t\t\t\t<hr \/>\r\n\t\t\t\t\t\t\t\t<\/figure>\r\n\t\t\t\t\t\t\t\t\r\n\t\t\t\t\t\t\t\t\t\t\t\t\t\t\t<div class=\"zf-countdown_description\"><p>Mal&aacute;j medv&eacute;nek h&iacute;vja, s&uacute;lya pedig maximum 20-65 kg, m&iacute;g magass&aacute;ga maximum 140 cm. Bund&aacute;ja r&ouml;vid, feszes &eacute;s sima. Polosk&aacute;kkal &eacute;s gy&uuml;m&ouml;lcs&ouml;kkel t&aacute;pl&aacute;lkozik, olykor madarakat &eacute;s h&uuml;ll\u0151ket is zs&aacute;km&aacute;nyol.<\/p><\/div>\r\n\t\t\t\t\t\t\t                        <\/li>\r\n                                                                    <li class=\"zf-list_item\">\r\n                            <div class=\"zf-list_header\">\r\n                                <h3 id=\"3\" class=\"zf-list_title\">\r\n                                    <span class=\"zf-number\">3<\/span>\r\n                                    Az \u00fajsz\u00fcl\u00f6tt gyermekek nev\u00e9t egy kakas v\u00e1lasztja ki.                                <\/h3>\r\n                            <\/div>\r\n\t\t\t\t\t\t\t\t\t\t\t\t\t\t\t<figure class=\"zf-list_media zf-media-wrapper zf-image zf-type-image\">\r\n\t\t\t\t\t\t\t\t\t<div title=\"Az \u00fajsz\u00fcl\u00f6tt gyermekek nev\u00e9t egy kakas v\u00e1lasztja ki.\" alt=\"Az \u00fajsz\u00fcl\u00f6tt gyermekek nev\u00e9t egy kakas v\u00e1lasztja ki.\" class=\"zf-media\">\r\n\t\t\t\t\t\t\t\t\t\t<img width=\"640\" height=\"426\" src=\"https:\/\/liked.hu\/old\/wp-content\/uploads\/2021\/02\/d102f689-f663-403a-882c-b829176d5913.jpg\" class=\"\" alt=\"d102f689 f663 403a 882c b829176d5913\" loading=\"lazy\" style=\"\" srcset=\"https:\/\/liked.hu\/old\/wp-content\/uploads\/2021\/02\/d102f689-f663-403a-882c-b829176d5913.jpg 640w, https:\/\/liked.hu\/old\/wp-content\/uploads\/2021\/02\/d102f689-f663-403a-882c-b829176d5913-300x200.jpg 300w, https:\/\/liked.hu\/old\/wp-content\/uploads\/2021\/02\/d102f689-f663-403a-882c-b829176d5913-360x240.jpg 360w\" sizes=\"(max-width: 640px) 100vw, 640px\" \/>\t\t\t\t\t\t\t\t\t\t\t<figcaption class=\"zf-figcaption\">\r\n                                                <cite><\/cite>\r\n\r\n                                                \t\t\t\t\t\t\t\t\t\t\t<\/figcaption>\r\n\t\t\t\t\t\t\t\t\t\t\t\t\t\t\t\t\t\t\t<\/div>\r\n\t\t\t\t\t\t\t\t\t<hr \/>\r\n\t\t\t\t\t\t\t\t<\/figure>\r\n\t\t\t\t\t\t\t\t\r\n\t\t\t\t\t\t\t\t\t\t\t\t\t\t\t<div class=\"zf-countdown_description\"><p>Malajzi&aacute;ban a hagyom&aacute;ny szerint a gyermekeket az elhunyt csal&aacute;dtagok ut&aacute;n nevezik el. A sz&uuml;l\u0151k ilyenkor kiv&aacute;lasztj&aacute;k a lehets&eacute;ges neveket &eacute;s rizsgoly&oacute;kba csomagolj&aacute;k. Ezeket a goly&oacute;kat azt&aacute;n egy kakas el&eacute; dobj&aacute;k. Amelyiket a kakas el\u0151sz&ouml;r eszi meg, az lesz a sz&uuml;letend\u0151 gyermek neve.<\/p><p style=\"text-align: center\">\n<div style=\"float:none;margin:0px 0 0px 0;text-align:center;\">\n<div class=\"mobileHideke8\"><div style=\"margin-top:25px;\"><div class=\"hirdeteshatter\"><div style=\"display: inline-block;width: 50%;min-width:340px;vertical-align: top;\"><div class=\"hirdetes\">HIRDET\u00c9S<\/div>\n<!-- Liked7Q1 -->\n<ins class=\"adsbygoogle\"\n     style=\"display:inline-block;width:336px;height:280px\"\n     data-ad-client=\"ca-pub-9424088931673893\"\n     data-ad-slot=\"3022062587\"><\/ins>\n<script async>\n     (adsbygoogle = window.adsbygoogle || []).push({});\n<\/script><\/div><div style=\"display: inline-block;width: 50%;min-width:340px;vertical-align: top;\"><div class=\"hirdetes\">HIRDET\u00c9S<\/div>\n<!-- Liked7Q2 -->\n<ins class=\"adsbygoogle\"\n     style=\"display:inline-block;width:336px;height:280px\"\n     data-ad-client=\"ca-pub-9424088931673893\"\n     data-ad-slot=\"3952000871\"><\/ins>\n<script async>\n     (adsbygoogle = window.adsbygoogle || []).push({});\n<\/script><\/div><\/div><\/div><\/div>\n<div style=\"display:flex;flex-direction:column;\"><div class=\"mobileShowka8\"><div style=\"padding-top:15px;margin-bottom:15px;min-height: 300px;\"><div class=\"hirdetes\">HIRDET\u00c9S<\/div>\n<!-- Liked7QMobil -->\n<ins class=\"adsbygoogle\"\n     style=\"display:inline-block;width:336px;height:280px\"\n     data-ad-client=\"ca-pub-9424088931673893\"\n     data-ad-slot=\"5073510857\"><\/ins>\n<script async>\n     (adsbygoogle = window.adsbygoogle || []).push({});\n<\/script><\/div><\/div><\/div><\/div><\/div>\r\n\t\t\t\t\t\t\t                        <\/li>\r\n                                                                    <li class=\"zf-list_item\">\r\n                            <div class=\"zf-list_header\">\r\n                                <h3 id=\"2\" class=\"zf-list_title\">\r\n                                    <span class=\"zf-number\">2<\/span>\r\n                                    Az ifj\u00fa h\u00e1zasok az esk\u00fcv\u0151 ut\u00e1n 3 napig nem haszn\u00e1lhatj\u00e1k a f\u00fcrd\u0151szob\u00e1t.                                <\/h3>\r\n                            <\/div>\r\n\t\t\t\t\t\t\t\t\t\t\t\t\t\t\t<figure class=\"zf-list_media zf-media-wrapper zf-image zf-type-image\">\r\n\t\t\t\t\t\t\t\t\t<div title=\"Az ifj\u00fa h\u00e1zasok az esk\u00fcv\u0151 ut\u00e1n 3 napig nem haszn\u00e1lhatj\u00e1k a f\u00fcrd\u0151szob\u00e1t.\" alt=\"Az ifj\u00fa h\u00e1zasok az esk\u00fcv\u0151 ut\u00e1n 3 napig nem haszn\u00e1lhatj\u00e1k a f\u00fcrd\u0151szob\u00e1t.\" class=\"zf-media\">\r\n\t\t\t\t\t\t\t\t\t\t<img width=\"640\" height=\"426\" src=\"https:\/\/liked.hu\/old\/wp-content\/uploads\/2021\/02\/4cbf309f-d7b9-46eb-92ec-7109878c78b3.jpg\" class=\"\" alt=\"4cbf309f d7b9 46eb 92ec 7109878c78b3\" loading=\"lazy\" style=\"\" srcset=\"https:\/\/liked.hu\/old\/wp-content\/uploads\/2021\/02\/4cbf309f-d7b9-46eb-92ec-7109878c78b3.jpg 640w, https:\/\/liked.hu\/old\/wp-content\/uploads\/2021\/02\/4cbf309f-d7b9-46eb-92ec-7109878c78b3-300x200.jpg 300w, https:\/\/liked.hu\/old\/wp-content\/uploads\/2021\/02\/4cbf309f-d7b9-46eb-92ec-7109878c78b3-360x240.jpg 360w\" sizes=\"(max-width: 640px) 100vw, 640px\" \/>\t\t\t\t\t\t\t\t\t\t\t<figcaption class=\"zf-figcaption\">\r\n                                                <cite><\/cite>\r\n\r\n                                                \t\t\t\t\t\t\t\t\t\t\t<\/figcaption>\r\n\t\t\t\t\t\t\t\t\t\t\t\t\t\t\t\t\t\t\t<\/div>\r\n\t\t\t\t\t\t\t\t\t<hr \/>\r\n\t\t\t\t\t\t\t\t<\/figure>\r\n\t\t\t\t\t\t\t\t\r\n\t\t\t\t\t\t\t\t\t\t\t\t\t\t\t<div class=\"zf-countdown_description\"><p>Ha ezt a hagyom&aacute;nyt megszegik, akkor a legenda szerint a h&aacute;zasp&aacute;r nagyon boldogtalan lesz.<\/p><\/div>\r\n\t\t\t\t\t\t\t                        <\/li>\r\n                                                                    <li class=\"zf-list_item\">\r\n                            <div class=\"zf-list_header\">\r\n                                <h3 id=\"1\" class=\"zf-list_title\">\r\n                                    <span class=\"zf-number\">1<\/span>\r\n                                    Az \u00e9desany\u00e1k a sz\u00fcl\u00e9s ut\u00e1n egy h\u00f3napig nem hagyhatj\u00e1k el a h\u00e1zat.                                <\/h3>\r\n                            <\/div>\r\n\t\t\t\t\t\t\t\t\t\t\t\t\t\t\t<figure class=\"zf-list_media zf-media-wrapper zf-image zf-type-image\">\r\n\t\t\t\t\t\t\t\t\t<div title=\"Az \u00e9desany\u00e1k a sz\u00fcl\u00e9s ut\u00e1n egy h\u00f3napig nem hagyhatj\u00e1k el a h\u00e1zat.\" alt=\"Az \u00e9desany\u00e1k a sz\u00fcl\u00e9s ut\u00e1n egy h\u00f3napig nem hagyhatj\u00e1k el a h\u00e1zat.\" class=\"zf-media\">\r\n\t\t\t\t\t\t\t\t\t\t<img width=\"728\" height=\"414\" src=\"https:\/\/liked.hu\/old\/wp-content\/uploads\/2021\/02\/Malaj-gyerekneveles.jpg\" class=\"\" alt=\"Malaj gyerekneveles\" loading=\"lazy\" style=\"\" srcset=\"https:\/\/liked.hu\/old\/wp-content\/uploads\/2021\/02\/Malaj-gyerekneveles.jpg 728w, https:\/\/liked.hu\/old\/wp-content\/uploads\/2021\/02\/Malaj-gyerekneveles-300x171.jpg 300w, https:\/\/liked.hu\/old\/wp-content\/uploads\/2021\/02\/Malaj-gyerekneveles-360x205.jpg 360w\" sizes=\"(max-width: 728px) 100vw, 728px\" \/>\t\t\t\t\t\t\t\t\t\t\t<figcaption class=\"zf-figcaption\">\r\n                                                <cite><\/cite>\r\n\r\n                                                \t\t\t\t\t\t\t\t\t\t\t<\/figcaption>\r\n\t\t\t\t\t\t\t\t\t\t\t\t\t\t\t\t\t\t\t<\/div>\r\n\t\t\t\t\t\t\t\t\t<hr \/>\r\n\t\t\t\t\t\t\t\t<\/figure>\r\n\t\t\t\t\t\t\t\t\r\n\t\t\t\t\t\t\t\t\t\t\t\t\t\t\t<div class=\"zf-countdown_description\"><p>A hagyom&aacute;ny szerint a mal&aacute;j n\u0151k 30-45 napig nem hagyhatj&aacute;k el az otthonukat sz&uuml;l&eacute;s ut&aacute;n. Az any&aacute;t &eacute;s gyermek&eacute;t ez id\u0151 alatt csak a k&ouml;zvetlen csal&aacute;dtagok l&aacute;togathatj&aacute;k. Tov&aacute;bb&aacute; a n\u0151knek ilyenkor tilos a hajmos&aacute;s is, b&aacute;r egyes esetekben a gy&oacute;gyn&ouml;v&eacute;nyes f&uuml;rd&eacute;s megengedett.<\/p><\/div>\r\n\t\t\t\t\t\t\t                        <\/li>\r\n                                                                        <\/ol>\r\n        <\/div>\r\n    <\/div>\r\n    <\/div>\n","protected":false},"excerpt":{"rendered":"<p>Egy id\u0151ben Malajzia a vil\u00e1g 9. legkedveltebb orsz\u00e1ga volt a turisztikai c\u00e9lb\u00f3l t\u00f6rt\u00e9n\u0151 utaz\u00e1sokat illet\u0151en. B\u00e1r ezek az id\u0151k egyel\u0151re elm\u00faltak, ett\u0151l f\u00fcggetlen\u00fcl biztosan \u00e1ll\u00edthatjuk, hogy ez a k\u00fcl\u00f6nleges \u00e9s gy\u00f6ny\u00f6r\u0171 multikultur\u00e1lis orsz\u00e1g m\u00e9g ma is meg\u00e9rdemli a figyelmet, mivel sz\u00e1mos olyan dolog tal\u00e1lhat\u00f3 itt, amivel sehol m\u00e1shol nem tal\u00e1lkozhatunk. A Liked.hu-n\u00e1l szeret\u00fcnk utazni \u00e9s [&hellip;]<\/p>\n","protected":false},"author":1,"featured_media":241476,"comment_status":"open","ping_status":"closed","sticky":false,"template":"","format":"standard","meta":{"buzzeditor_post_format":""},"categories":[23],"tags":[1637,1971],"yoast_head":"<!-- This site is optimized with the Yoast SEO plugin v19.6.1 - https:\/\/yoast.com\/wordpress\/plugins\/seo\/ -->\n<title>13 \u00e9rdekes t\u00e9ny, amit nem tudt\u00e1l a gy\u00f6ny\u00f6r\u0171 Malajzi\u00e1r\u00f3l<\/title>\n<meta name=\"description\" content=\"Egy id\u0151ben Malajzia a vil\u00e1g 9. legkedveltebb orsz\u00e1ga volt a turisztikai c\u00e9lb\u00f3l t\u00f6rt\u00e9n\u0151 utaz\u00e1sokat illet\u0151en. B\u00e1r ezek az id\u0151k egyel\u0151re elm\u00faltak, ett\u0151l\" \/>\n<meta name=\"robots\" content=\"index, follow, max-snippet:-1, max-image-preview:large, max-video-preview:-1\" \/>\n<link rel=\"canonical\" href=\"https:\/\/liked.hu\/old\/erdekes\/13-erdekes-teny-amit-nem-tudtal-a-gyonyoru-malajziarol\/\" \/>\n<link rel=\"next\" href=\"https:\/\/liked.hu\/old\/erdekes\/13-erdekes-teny-amit-nem-tudtal-a-gyonyoru-malajziarol\/2\/\" \/>\n<meta property=\"og:locale\" content=\"hu_HU\" \/>\n<meta property=\"og:type\" content=\"article\" \/>\n<meta property=\"og:title\" content=\"13 \u00e9rdekes t\u00e9ny, amit nem tudt\u00e1l a gy\u00f6ny\u00f6r\u0171 Malajzi\u00e1r\u00f3l\" \/>\n<meta property=\"og:description\" content=\"Egy id\u0151ben Malajzia a vil\u00e1g 9. legkedveltebb orsz\u00e1ga volt a turisztikai c\u00e9lb\u00f3l t\u00f6rt\u00e9n\u0151 utaz\u00e1sokat illet\u0151en. B\u00e1r ezek az id\u0151k egyel\u0151re elm\u00faltak, ett\u0151l\" \/>\n<meta property=\"og:url\" content=\"https:\/\/liked.hu\/old\/erdekes\/13-erdekes-teny-amit-nem-tudtal-a-gyonyoru-malajziarol\/\" \/>\n<meta property=\"og:site_name\" content=\"Liked.hu\" \/>\n<meta property=\"article:publisher\" content=\"https:\/\/www.facebook.com\/liked.hu\" \/>\n<meta property=\"article:author\" content=\"https:\/\/facebook.com\/liked.hu\" \/>\n<meta property=\"article:published_time\" content=\"2021-02-22T17:01:35+00:00\" \/>\n<meta property=\"og:image\" content=\"https:\/\/liked.hu\/old\/wp-content\/uploads\/2021\/02\/Malajzia-tenyek.jpg\" \/>\n\t<meta property=\"og:image:width\" content=\"1200\" \/>\n\t<meta property=\"og:image:height\" content=\"630\" \/>\n\t<meta property=\"og:image:type\" content=\"image\/jpeg\" \/>\n<meta name=\"author\" content=\"VictorN.\" \/>\n<meta name=\"twitter:card\" content=\"summary\" \/>\n<meta name=\"twitter:creator\" content=\"@https:\/\/twitter.com\/likedhu\" \/>\n<meta name=\"twitter:site\" content=\"@LikedHu\" \/>\n<meta name=\"twitter:label1\" content=\"Szerz\u0151:\" \/>\n\t<meta name=\"twitter:data1\" content=\"VictorN.\" \/>\n\t<meta name=\"twitter:label2\" content=\"Becs\u00fclt olvas\u00e1si id\u0151\" \/>\n\t<meta name=\"twitter:data2\" content=\"1 perc\" \/>\n<script type=\"application\/ld+json\" class=\"yoast-schema-graph\">{\"@context\":\"https:\/\/schema.org\",\"@graph\":[{\"@type\":\"Article\",\"@id\":\"https:\/\/liked.hu\/old\/erdekes\/13-erdekes-teny-amit-nem-tudtal-a-gyonyoru-malajziarol\/#article\",\"isPartOf\":{\"@id\":\"https:\/\/liked.hu\/old\/erdekes\/13-erdekes-teny-amit-nem-tudtal-a-gyonyoru-malajziarol\/\"},\"author\":{\"name\":\"VictorN.\",\"@id\":\"https:\/\/liked.hu\/old\/#\/schema\/person\/02fa522b959d0531c9c34b0d531a7464\"},\"headline\":\"13 \u00e9rdekes t\u00e9ny, amit nem tudt\u00e1l a gy\u00f6ny\u00f6r\u0171 Malajzi\u00e1r\u00f3l\",\"datePublished\":\"2021-02-22T17:01:35+00:00\",\"dateModified\":\"2021-02-22T17:01:35+00:00\",\"mainEntityOfPage\":{\"@id\":\"https:\/\/liked.hu\/old\/erdekes\/13-erdekes-teny-amit-nem-tudtal-a-gyonyoru-malajziarol\/\"},\"wordCount\":140,\"commentCount\":1,\"publisher\":{\"@id\":\"https:\/\/liked.hu\/old\/#organization\"},\"keywords\":[\"Malajzia\",\"orsz\u00e1g\"],\"articleSection\":[\"\u00c9rdekess\u00e9gek\"],\"inLanguage\":\"hu\",\"potentialAction\":[{\"@type\":\"CommentAction\",\"name\":\"Comment\",\"target\":[\"https:\/\/liked.hu\/old\/erdekes\/13-erdekes-teny-amit-nem-tudtal-a-gyonyoru-malajziarol\/#respond\"]}]},{\"@type\":\"WebPage\",\"@id\":\"https:\/\/liked.hu\/old\/erdekes\/13-erdekes-teny-amit-nem-tudtal-a-gyonyoru-malajziarol\/\",\"url\":\"https:\/\/liked.hu\/old\/erdekes\/13-erdekes-teny-amit-nem-tudtal-a-gyonyoru-malajziarol\/\",\"name\":\"13 \u00e9rdekes t\u00e9ny, amit nem tudt\u00e1l a gy\u00f6ny\u00f6r\u0171 Malajzi\u00e1r\u00f3l\",\"isPartOf\":{\"@id\":\"https:\/\/liked.hu\/old\/#website\"},\"datePublished\":\"2021-02-22T17:01:35+00:00\",\"dateModified\":\"2021-02-22T17:01:35+00:00\",\"description\":\"Egy id\u0151ben Malajzia a vil\u00e1g 9. legkedveltebb orsz\u00e1ga volt a turisztikai c\u00e9lb\u00f3l t\u00f6rt\u00e9n\u0151 utaz\u00e1sokat illet\u0151en. B\u00e1r ezek az id\u0151k egyel\u0151re elm\u00faltak, ett\u0151l\",\"breadcrumb\":{\"@id\":\"https:\/\/liked.hu\/old\/erdekes\/13-erdekes-teny-amit-nem-tudtal-a-gyonyoru-malajziarol\/#breadcrumb\"},\"inLanguage\":\"hu\",\"potentialAction\":[{\"@type\":\"ReadAction\",\"target\":[\"https:\/\/liked.hu\/old\/erdekes\/13-erdekes-teny-amit-nem-tudtal-a-gyonyoru-malajziarol\/\"]}]},{\"@type\":\"BreadcrumbList\",\"@id\":\"https:\/\/liked.hu\/old\/erdekes\/13-erdekes-teny-amit-nem-tudtal-a-gyonyoru-malajziarol\/#breadcrumb\",\"itemListElement\":[{\"@type\":\"ListItem\",\"position\":1,\"name\":\"Kezd\u0151lap\"}]},{\"@type\":\"WebSite\",\"@id\":\"https:\/\/liked.hu\/old\/#website\",\"url\":\"https:\/\/liked.hu\/old\/\",\"name\":\"Liked.hu\",\"description\":\"\",\"publisher\":{\"@id\":\"https:\/\/liked.hu\/old\/#organization\"},\"potentialAction\":[{\"@type\":\"SearchAction\",\"target\":{\"@type\":\"EntryPoint\",\"urlTemplate\":\"https:\/\/liked.hu\/old\/?s={search_term_string}\"},\"query-input\":\"required name=search_term_string\"}],\"inLanguage\":\"hu\"},{\"@type\":\"Organization\",\"@id\":\"https:\/\/liked.hu\/old\/#organization\",\"name\":\"Liked.hu\",\"url\":\"https:\/\/liked.hu\/old\/\",\"sameAs\":[\"https:\/\/hu.pinterest.com\/likedhungary\/\",\"https:\/\/www.youtube.com\/channel\/UCPv91dbMoIukYcM9b9nHN6Q\",\"https:\/\/www.facebook.com\/liked.hu\",\"https:\/\/twitter.com\/LikedHu\"],\"logo\":{\"@type\":\"ImageObject\",\"inLanguage\":\"hu\",\"@id\":\"https:\/\/liked.hu\/old\/#\/schema\/logo\/image\/\",\"url\":\"https:\/\/liked.hu\/wp-content\/uploads\/2018\/08\/Liked-icon.png\",\"contentUrl\":\"https:\/\/liked.hu\/wp-content\/uploads\/2018\/08\/Liked-icon.png\",\"width\":512,\"height\":512,\"caption\":\"Liked.hu\"},\"image\":{\"@id\":\"https:\/\/liked.hu\/old\/#\/schema\/logo\/image\/\"}},{\"@type\":\"Person\",\"@id\":\"https:\/\/liked.hu\/old\/#\/schema\/person\/02fa522b959d0531c9c34b0d531a7464\",\"name\":\"VictorN.\",\"image\":{\"@type\":\"ImageObject\",\"inLanguage\":\"hu\",\"@id\":\"https:\/\/liked.hu\/old\/#\/schema\/person\/image\/\",\"url\":\"https:\/\/liked.hu\/old\/wp-content\/uploads\/avatars\/1\/1683660043-bpfull.jpg\",\"contentUrl\":\"https:\/\/liked.hu\/old\/wp-content\/uploads\/avatars\/1\/1683660043-bpfull.jpg\",\"caption\":\"VictorN.\"},\"description\":\"A Liked.hu szerkeszt\u0151je vagyok, m\u00e1r az id\u0151k kezdete \u00f3ta. Szabadid\u0151mben Jedi lovag \u00e9s Pok\u00e9mester. Puszilom \u00e9desany\u00e1mat.\",\"sameAs\":[\"https:\/\/liked.hu\",\"https:\/\/facebook.com\/liked.hu\",\"https:\/\/www.instagram.com\/likedhu\/\",\"https:\/\/pinterest.com\/likedhu\",\"https:\/\/twitter.com\/https:\/\/twitter.com\/likedhu\",\"https:\/\/www.youtube.com\/channel\/UCPv91dbMoIukYcM9b9nHN6Q\"],\"url\":\"https:\/\/liked.hu\/old\/u\/victorn\/\"}]}<\/script>\n<!-- \/ Yoast SEO plugin. -->","yoast_head_json":{"title":"13 \u00e9rdekes t\u00e9ny, amit nem tudt\u00e1l a gy\u00f6ny\u00f6r\u0171 Malajzi\u00e1r\u00f3l","description":"Egy id\u0151ben Malajzia a vil\u00e1g 9. legkedveltebb orsz\u00e1ga volt a turisztikai c\u00e9lb\u00f3l t\u00f6rt\u00e9n\u0151 utaz\u00e1sokat illet\u0151en. B\u00e1r ezek az id\u0151k egyel\u0151re elm\u00faltak, ett\u0151l","robots":{"index":"index","follow":"follow","max-snippet":"max-snippet:-1","max-image-preview":"max-image-preview:large","max-video-preview":"max-video-preview:-1"},"canonical":"https:\/\/liked.hu\/old\/erdekes\/13-erdekes-teny-amit-nem-tudtal-a-gyonyoru-malajziarol\/","next":"https:\/\/liked.hu\/old\/erdekes\/13-erdekes-teny-amit-nem-tudtal-a-gyonyoru-malajziarol\/2\/","og_locale":"hu_HU","og_type":"article","og_title":"13 \u00e9rdekes t\u00e9ny, amit nem tudt\u00e1l a gy\u00f6ny\u00f6r\u0171 Malajzi\u00e1r\u00f3l","og_description":"Egy id\u0151ben Malajzia a vil\u00e1g 9. legkedveltebb orsz\u00e1ga volt a turisztikai c\u00e9lb\u00f3l t\u00f6rt\u00e9n\u0151 utaz\u00e1sokat illet\u0151en. B\u00e1r ezek az id\u0151k egyel\u0151re elm\u00faltak, ett\u0151l","og_url":"https:\/\/liked.hu\/old\/erdekes\/13-erdekes-teny-amit-nem-tudtal-a-gyonyoru-malajziarol\/","og_site_name":"Liked.hu","article_publisher":"https:\/\/www.facebook.com\/liked.hu","article_author":"https:\/\/facebook.com\/liked.hu","article_published_time":"2021-02-22T17:01:35+00:00","og_image":[{"width":1200,"height":630,"url":"https:\/\/liked.hu\/old\/wp-content\/uploads\/2021\/02\/Malajzia-tenyek.jpg","type":"image\/jpeg"}],"author":"VictorN.","twitter_card":"summary","twitter_creator":"@https:\/\/twitter.com\/likedhu","twitter_site":"@LikedHu","twitter_misc":{"Szerz\u0151:":"VictorN.","Becs\u00fclt olvas\u00e1si id\u0151":"1 perc"},"schema":{"@context":"https:\/\/schema.org","@graph":[{"@type":"Article","@id":"https:\/\/liked.hu\/old\/erdekes\/13-erdekes-teny-amit-nem-tudtal-a-gyonyoru-malajziarol\/#article","isPartOf":{"@id":"https:\/\/liked.hu\/old\/erdekes\/13-erdekes-teny-amit-nem-tudtal-a-gyonyoru-malajziarol\/"},"author":{"name":"VictorN.","@id":"https:\/\/liked.hu\/old\/#\/schema\/person\/02fa522b959d0531c9c34b0d531a7464"},"headline":"13 \u00e9rdekes t\u00e9ny, amit nem tudt\u00e1l a gy\u00f6ny\u00f6r\u0171 Malajzi\u00e1r\u00f3l","datePublished":"2021-02-22T17:01:35+00:00","dateModified":"2021-02-22T17:01:35+00:00","mainEntityOfPage":{"@id":"https:\/\/liked.hu\/old\/erdekes\/13-erdekes-teny-amit-nem-tudtal-a-gyonyoru-malajziarol\/"},"wordCount":140,"commentCount":1,"publisher":{"@id":"https:\/\/liked.hu\/old\/#organization"},"keywords":["Malajzia","orsz\u00e1g"],"articleSection":["\u00c9rdekess\u00e9gek"],"inLanguage":"hu","potentialAction":[{"@type":"CommentAction","name":"Comment","target":["https:\/\/liked.hu\/old\/erdekes\/13-erdekes-teny-amit-nem-tudtal-a-gyonyoru-malajziarol\/#respond"]}]},{"@type":"WebPage","@id":"https:\/\/liked.hu\/old\/erdekes\/13-erdekes-teny-amit-nem-tudtal-a-gyonyoru-malajziarol\/","url":"https:\/\/liked.hu\/old\/erdekes\/13-erdekes-teny-amit-nem-tudtal-a-gyonyoru-malajziarol\/","name":"13 \u00e9rdekes t\u00e9ny, amit nem tudt\u00e1l a gy\u00f6ny\u00f6r\u0171 Malajzi\u00e1r\u00f3l","isPartOf":{"@id":"https:\/\/liked.hu\/old\/#website"},"datePublished":"2021-02-22T17:01:35+00:00","dateModified":"2021-02-22T17:01:35+00:00","description":"Egy id\u0151ben Malajzia a vil\u00e1g 9. legkedveltebb orsz\u00e1ga volt a turisztikai c\u00e9lb\u00f3l t\u00f6rt\u00e9n\u0151 utaz\u00e1sokat illet\u0151en. B\u00e1r ezek az id\u0151k egyel\u0151re elm\u00faltak, ett\u0151l","breadcrumb":{"@id":"https:\/\/liked.hu\/old\/erdekes\/13-erdekes-teny-amit-nem-tudtal-a-gyonyoru-malajziarol\/#breadcrumb"},"inLanguage":"hu","potentialAction":[{"@type":"ReadAction","target":["https:\/\/liked.hu\/old\/erdekes\/13-erdekes-teny-amit-nem-tudtal-a-gyonyoru-malajziarol\/"]}]},{"@type":"BreadcrumbList","@id":"https:\/\/liked.hu\/old\/erdekes\/13-erdekes-teny-amit-nem-tudtal-a-gyonyoru-malajziarol\/#breadcrumb","itemListElement":[{"@type":"ListItem","position":1,"name":"Kezd\u0151lap"}]},{"@type":"WebSite","@id":"https:\/\/liked.hu\/old\/#website","url":"https:\/\/liked.hu\/old\/","name":"Liked.hu","description":"","publisher":{"@id":"https:\/\/liked.hu\/old\/#organization"},"potentialAction":[{"@type":"SearchAction","target":{"@type":"EntryPoint","urlTemplate":"https:\/\/liked.hu\/old\/?s={search_term_string}"},"query-input":"required name=search_term_string"}],"inLanguage":"hu"},{"@type":"Organization","@id":"https:\/\/liked.hu\/old\/#organization","name":"Liked.hu","url":"https:\/\/liked.hu\/old\/","sameAs":["https:\/\/hu.pinterest.com\/likedhungary\/","https:\/\/www.youtube.com\/channel\/UCPv91dbMoIukYcM9b9nHN6Q","https:\/\/www.facebook.com\/liked.hu","https:\/\/twitter.com\/LikedHu"],"logo":{"@type":"ImageObject","inLanguage":"hu","@id":"https:\/\/liked.hu\/old\/#\/schema\/logo\/image\/","url":"https:\/\/liked.hu\/wp-content\/uploads\/2018\/08\/Liked-icon.png","contentUrl":"https:\/\/liked.hu\/wp-content\/uploads\/2018\/08\/Liked-icon.png","width":512,"height":512,"caption":"Liked.hu"},"image":{"@id":"https:\/\/liked.hu\/old\/#\/schema\/logo\/image\/"}},{"@type":"Person","@id":"https:\/\/liked.hu\/old\/#\/schema\/person\/02fa522b959d0531c9c34b0d531a7464","name":"VictorN.","image":{"@type":"ImageObject","inLanguage":"hu","@id":"https:\/\/liked.hu\/old\/#\/schema\/person\/image\/","url":"https:\/\/liked.hu\/old\/wp-content\/uploads\/avatars\/1\/1683660043-bpfull.jpg","contentUrl":"https:\/\/liked.hu\/old\/wp-content\/uploads\/avatars\/1\/1683660043-bpfull.jpg","caption":"VictorN."},"description":"A Liked.hu szerkeszt\u0151je vagyok, m\u00e1r az id\u0151k kezdete \u00f3ta. Szabadid\u0151mben Jedi lovag \u00e9s Pok\u00e9mester. Puszilom \u00e9desany\u00e1mat.","sameAs":["https:\/\/liked.hu","https:\/\/facebook.com\/liked.hu","https:\/\/www.instagram.com\/likedhu\/","https:\/\/pinterest.com\/likedhu","https:\/\/twitter.com\/https:\/\/twitter.com\/likedhu","https:\/\/www.youtube.com\/channel\/UCPv91dbMoIukYcM9b9nHN6Q"],"url":"https:\/\/liked.hu\/old\/u\/victorn\/"}]}},"publishpress_future_action":{"enabled":false,"date":"1970-01-01 01:00:00","action":"","terms":[],"taxonomy":"","browser_timezone_offset":0},"_links":{"self":[{"href":"https:\/\/liked.hu\/old\/wp-json\/wp\/v2\/posts\/241461"}],"collection":[{"href":"https:\/\/liked.hu\/old\/wp-json\/wp\/v2\/posts"}],"about":[{"href":"https:\/\/liked.hu\/old\/wp-json\/wp\/v2\/types\/post"}],"author":[{"embeddable":true,"href":"https:\/\/liked.hu\/old\/wp-json\/wp\/v2\/users\/1"}],"replies":[{"embeddable":true,"href":"https:\/\/liked.hu\/old\/wp-json\/wp\/v2\/comments?post=241461"}],"version-history":[{"count":0,"href":"https:\/\/liked.hu\/old\/wp-json\/wp\/v2\/posts\/241461\/revisions"}],"wp:featuredmedia":[{"embeddable":true,"href":"https:\/\/liked.hu\/old\/wp-json\/wp\/v2\/media\/241476"}],"wp:attachment":[{"href":"https:\/\/liked.hu\/old\/wp-json\/wp\/v2\/media?parent=241461"}],"wp:term":[{"taxonomy":"category","embeddable":true,"href":"https:\/\/liked.hu\/old\/wp-json\/wp\/v2\/categories?post=241461"},{"taxonomy":"post_tag","embeddable":true,"href":"https:\/\/liked.hu\/old\/wp-json\/wp\/v2\/tags?post=241461"}],"curies":[{"name":"wp","href":"https:\/\/api.w.org\/{rel}","templated":true}]}}