{"id":240905,"date":"2021-02-19T12:01:59","date_gmt":"2021-02-19T11:01:59","guid":{"rendered":"https:\/\/liked.hu\/old\/?p=240905"},"modified":"2021-02-19T12:01:59","modified_gmt":"2021-02-19T11:01:59","slug":"ez-itt-zahra-hercegno-a-no-aki-szepsegszimbolum-volt-a-19-szazadi-perzsiaban","status":"publish","type":"post","link":"https:\/\/liked.hu\/old\/erdekes\/ez-itt-zahra-hercegno-a-no-aki-szepsegszimbolum-volt-a-19-szazadi-perzsiaban\/","title":{"rendered":"Ez itt Zahra hercegn\u0151, a n\u0151, aki sz\u00e9ps\u00e9gszimb\u00f3lum volt a 19. sz\u00e1zadi Perzsi\u00e1ban"},"content":{"rendered":"<p>A sz\u00e9ps\u00e9gide\u00e1l meghat\u00e1roz\u00e1sa sokat v\u00e1ltozott az elm\u00falt n\u00e9h\u00e1ny \u00e9vsz\u00e1zad sor\u00e1n. Erre a legjobb p\u00e9lda tal\u00e1n a 19. sz\u00e1zadi perzsa hercegn\u0151, Zahra Khanom Tadj es-Saltaneh.<\/p>\n<p style=\"text-align: center;\">\n<div style=\"float:none;margin:0px 0 0px 0;text-align:center;\">\n<div class=\"mobileShowkakettes\"><div class=\"mobileShowka2\"><div style=\"padding-top:0px;padding-bottom:15px;min-height: 300px;\"><div class=\"hirdetes\">HIRDET\u00c9S<\/div>\n<!-- 300lista -->\n<ins class=\"adsbygoogle\"\n     style=\"display:inline-block;width:300px;height:250px\"\n     data-ad-client=\"ca-pub-9424088931673893\"\n     data-ad-slot=\"8471340766\"><\/ins>\n<script async>\n     (adsbygoogle = window.adsbygoogle || []).push({});\n<\/script><\/div><\/div><\/div><\/div>\n<p>Annak idej\u00e9n a n\u0151t a f\u00f6ldi sz\u00e9ps\u00e9g megtestes\u00edt\u0151j\u00e9nek tartott\u00e1k, \u00e9s hogy mennyire vonz\u00f3nak tartott\u00e1k a f\u00e9rfiak, azt semmi sem bizony\u00edtja jobban, mint a legenda, miszerint 13 f\u00e9rfi \u00f6ngyilkos lett az\u00e9rt, mert Zahra visszautas\u00edtotta a szerelm\u00fcket.<\/p>\n<p><img loading=\"lazy\" class=\"aligncenter size-full wp-image-240915\" src=\"https:\/\/liked.hu\/old\/wp-content\/uploads\/2021\/02\/6dc02059-f5eb-4b80-aeeb-787443d8f17c.jpeg\" alt=\"6dc02059 f5eb 4b80 aeeb 787443d8f17c\" width=\"640\" height=\"778\" srcset=\"https:\/\/liked.hu\/old\/wp-content\/uploads\/2021\/02\/6dc02059-f5eb-4b80-aeeb-787443d8f17c.jpeg 640w, https:\/\/liked.hu\/old\/wp-content\/uploads\/2021\/02\/6dc02059-f5eb-4b80-aeeb-787443d8f17c-247x300.jpeg 247w, https:\/\/liked.hu\/old\/wp-content\/uploads\/2021\/02\/6dc02059-f5eb-4b80-aeeb-787443d8f17c-360x438.jpeg 360w\" sizes=\"(max-width: 640px) 100vw, 640px\" \/> <img loading=\"lazy\" class=\"aligncenter size-large wp-image-240914\" src=\"https:\/\/liked.hu\/old\/wp-content\/uploads\/2021\/02\/3cc23f2b-270e-4b2f-a333-1ff8848c17f6.jpeg\" alt=\"3cc23f2b 270e 4b2f a333 1ff8848c17f6\" width=\"640\" height=\"719\" srcset=\"https:\/\/liked.hu\/old\/wp-content\/uploads\/2021\/02\/3cc23f2b-270e-4b2f-a333-1ff8848c17f6.jpeg 640w, https:\/\/liked.hu\/old\/wp-content\/uploads\/2021\/02\/3cc23f2b-270e-4b2f-a333-1ff8848c17f6-267x300.jpeg 267w, https:\/\/liked.hu\/old\/wp-content\/uploads\/2021\/02\/3cc23f2b-270e-4b2f-a333-1ff8848c17f6-360x404.jpeg 360w\" sizes=\"(max-width: 640px) 100vw, 640px\" \/><\/p>\n<p style=\"text-align: center;\">\n<div style=\"float:none;margin:0px 0 0px 0;text-align:center;\">\n<div class=\"mobileHideke5\"><div style=\"margin-top:25px;\"><div class=\"hirdeteshatter\"><div style=\"display: inline-block;width: 50%;min-width:305px;vertical-align: top;\"><div class=\"hirdetes\">HIRDET\u00c9S<\/div>\n<!-- LikedQ51 -->\n<ins class=\"adsbygoogle\"\n     style=\"display:inline-block;width:300px;height:250px\"\n     data-ad-client=\"ca-pub-9424088931673893\"\n     data-ad-slot=\"8284063326\"><\/ins>\n<script async>\n     (adsbygoogle = window.adsbygoogle || []).push({});\n<\/script><\/div><div style=\"display: inline-block;width: 50%;min-width:305px;vertical-align: top;\"><div class=\"hirdetes\">HIRDET\u00c9S<\/div>\n<!-- LikedQ52 -->\n<ins class=\"adsbygoogle\"\n     style=\"display:inline-block;width:300px;height:250px\"\n     data-ad-client=\"ca-pub-9424088931673893\"\n     data-ad-slot=\"2840164950\"><\/ins>\n<script async>\n     (adsbygoogle = window.adsbygoogle || []).push({});\n<\/script><\/div><\/div><\/div><\/div>\n<div style=\"display:flex;flex-direction:column;\"><div class=\"mobileShowka5\"><div style=\"padding-top:10px;padding-bottom:10px;min-height: 300px;\"><div class=\"hirdetes\">HIRDET\u00c9S<\/div>\n<!-- LikedQ5M -->\n<ins class=\"adsbygoogle\"\n     style=\"display:inline-block;width:300px;height:250px\"\n     data-ad-client=\"ca-pub-9424088931673893\"\n     data-ad-slot=\"9022429928\"><\/ins>\n<script async>\n     (adsbygoogle = window.adsbygoogle || []).push({});\n<\/script><\/div><\/div><\/div><\/div>\n<p><img loading=\"lazy\" class=\"aligncenter size-large wp-image-240913\" src=\"https:\/\/liked.hu\/old\/wp-content\/uploads\/2021\/02\/0c87316e-e9fc-4330-8b1b-9810dc5416f9.jpeg\" alt=\"0c87316e e9fc 4330 8b1b 9810dc5416f9\" width=\"640\" height=\"970\" srcset=\"https:\/\/liked.hu\/old\/wp-content\/uploads\/2021\/02\/0c87316e-e9fc-4330-8b1b-9810dc5416f9.jpeg 640w, https:\/\/liked.hu\/old\/wp-content\/uploads\/2021\/02\/0c87316e-e9fc-4330-8b1b-9810dc5416f9-198x300.jpeg 198w, https:\/\/liked.hu\/old\/wp-content\/uploads\/2021\/02\/0c87316e-e9fc-4330-8b1b-9810dc5416f9-594x900.jpeg 594w, https:\/\/liked.hu\/old\/wp-content\/uploads\/2021\/02\/0c87316e-e9fc-4330-8b1b-9810dc5416f9-360x546.jpeg 360w\" sizes=\"(max-width: 640px) 100vw, 640px\" \/> <img loading=\"lazy\" class=\"aligncenter size-large wp-image-240912\" src=\"https:\/\/liked.hu\/old\/wp-content\/uploads\/2021\/02\/ce4e3436-a4d8-43bb-b86a-048d3c8427e5.jpeg\" alt=\"ce4e3436 a4d8 43bb b86a 048d3c8427e5\" width=\"640\" height=\"718\" srcset=\"https:\/\/liked.hu\/old\/wp-content\/uploads\/2021\/02\/ce4e3436-a4d8-43bb-b86a-048d3c8427e5.jpeg 640w, https:\/\/liked.hu\/old\/wp-content\/uploads\/2021\/02\/ce4e3436-a4d8-43bb-b86a-048d3c8427e5-267x300.jpeg 267w, https:\/\/liked.hu\/old\/wp-content\/uploads\/2021\/02\/ce4e3436-a4d8-43bb-b86a-048d3c8427e5-360x404.jpeg 360w\" sizes=\"(max-width: 640px) 100vw, 640px\" \/> <img loading=\"lazy\" class=\"aligncenter size-large wp-image-240911\" src=\"https:\/\/liked.hu\/old\/wp-content\/uploads\/2021\/02\/5c4c92f7-32c6-4184-bb2e-f55df413fd59.jpeg\" alt=\"5c4c92f7 32c6 4184 bb2e f55df413fd59\" width=\"640\" height=\"859\" srcset=\"https:\/\/liked.hu\/old\/wp-content\/uploads\/2021\/02\/5c4c92f7-32c6-4184-bb2e-f55df413fd59.jpeg 640w, https:\/\/liked.hu\/old\/wp-content\/uploads\/2021\/02\/5c4c92f7-32c6-4184-bb2e-f55df413fd59-224x300.jpeg 224w, https:\/\/liked.hu\/old\/wp-content\/uploads\/2021\/02\/5c4c92f7-32c6-4184-bb2e-f55df413fd59-360x483.jpeg 360w\" sizes=\"(max-width: 640px) 100vw, 640px\" \/><\/p>\n<p style=\"text-align: center;\">\n<div style=\"float:none;margin:0px 0 0px 0;text-align:center;\">\n<div class=\"mobileHideke8\"><div style=\"margin-top:25px;\"><div class=\"hirdeteshatter\"><div style=\"display: inline-block;width: 50%;min-width:340px;vertical-align: top;\"><div class=\"hirdetes\">HIRDET\u00c9S<\/div>\n<!-- Liked7Q1 -->\n<ins class=\"adsbygoogle\"\n     style=\"display:inline-block;width:336px;height:280px\"\n     data-ad-client=\"ca-pub-9424088931673893\"\n     data-ad-slot=\"3022062587\"><\/ins>\n<script async>\n     (adsbygoogle = window.adsbygoogle || []).push({});\n<\/script><\/div><div style=\"display: inline-block;width: 50%;min-width:340px;vertical-align: top;\"><div class=\"hirdetes\">HIRDET\u00c9S<\/div>\n<!-- Liked7Q2 -->\n<ins class=\"adsbygoogle\"\n     style=\"display:inline-block;width:336px;height:280px\"\n     data-ad-client=\"ca-pub-9424088931673893\"\n     data-ad-slot=\"3952000871\"><\/ins>\n<script async>\n     (adsbygoogle = window.adsbygoogle || []).push({});\n<\/script><\/div><\/div><\/div><\/div>\n<div style=\"display:flex;flex-direction:column;\"><div class=\"mobileShowka8\"><div style=\"padding-top:15px;margin-bottom:15px;min-height: 300px;\"><div class=\"hirdetes\">HIRDET\u00c9S<\/div>\n<!-- Liked7QMobil -->\n<ins class=\"adsbygoogle\"\n     style=\"display:inline-block;width:336px;height:280px\"\n     data-ad-client=\"ca-pub-9424088931673893\"\n     data-ad-slot=\"5073510857\"><\/ins>\n<script async>\n     (adsbygoogle = window.adsbygoogle || []).push({});\n<\/script><\/div><\/div><\/div><\/div>\n<p><img loading=\"lazy\" class=\"aligncenter size-large wp-image-240910\" src=\"https:\/\/liked.hu\/old\/wp-content\/uploads\/2021\/02\/1729f9b5-4715-4f0f-a914-c1d801feac69.jpeg\" alt=\"1729f9b5 4715 4f0f a914 c1d801feac69\" width=\"640\" height=\"640\" srcset=\"https:\/\/liked.hu\/old\/wp-content\/uploads\/2021\/02\/1729f9b5-4715-4f0f-a914-c1d801feac69.jpeg 640w, https:\/\/liked.hu\/old\/wp-content\/uploads\/2021\/02\/1729f9b5-4715-4f0f-a914-c1d801feac69-150x150.jpeg 150w, https:\/\/liked.hu\/old\/wp-content\/uploads\/2021\/02\/1729f9b5-4715-4f0f-a914-c1d801feac69-300x300.jpeg 300w, https:\/\/liked.hu\/old\/wp-content\/uploads\/2021\/02\/1729f9b5-4715-4f0f-a914-c1d801feac69-360x360.jpeg 360w, https:\/\/liked.hu\/old\/wp-content\/uploads\/2021\/02\/1729f9b5-4715-4f0f-a914-c1d801feac69-350x350.jpeg 350w\" sizes=\"(max-width: 640px) 100vw, 640px\" \/> <img loading=\"lazy\" class=\"aligncenter size-large wp-image-240909\" src=\"https:\/\/liked.hu\/old\/wp-content\/uploads\/2021\/02\/2389e968-ed02-4bae-a2a4-9a75892f08d7.jpeg\" alt=\"2389e968 ed02 4bae a2a4 9a75892f08d7\" width=\"640\" height=\"718\" srcset=\"https:\/\/liked.hu\/old\/wp-content\/uploads\/2021\/02\/2389e968-ed02-4bae-a2a4-9a75892f08d7.jpeg 640w, https:\/\/liked.hu\/old\/wp-content\/uploads\/2021\/02\/2389e968-ed02-4bae-a2a4-9a75892f08d7-267x300.jpeg 267w, https:\/\/liked.hu\/old\/wp-content\/uploads\/2021\/02\/2389e968-ed02-4bae-a2a4-9a75892f08d7-360x404.jpeg 360w\" sizes=\"(max-width: 640px) 100vw, 640px\" \/> <img loading=\"lazy\" class=\"aligncenter size-large wp-image-240908\" src=\"https:\/\/liked.hu\/old\/wp-content\/uploads\/2021\/02\/f9440d7f-013c-4740-999b-50fbfea12f6b.jpeg\" alt=\"f9440d7f 013c 4740 999b 50fbfea12f6b\" width=\"640\" height=\"479\" srcset=\"https:\/\/liked.hu\/old\/wp-content\/uploads\/2021\/02\/f9440d7f-013c-4740-999b-50fbfea12f6b.jpeg 640w, https:\/\/liked.hu\/old\/wp-content\/uploads\/2021\/02\/f9440d7f-013c-4740-999b-50fbfea12f6b-300x225.jpeg 300w, https:\/\/liked.hu\/old\/wp-content\/uploads\/2021\/02\/f9440d7f-013c-4740-999b-50fbfea12f6b-200x150.jpeg 200w, https:\/\/liked.hu\/old\/wp-content\/uploads\/2021\/02\/f9440d7f-013c-4740-999b-50fbfea12f6b-360x270.jpeg 360w\" sizes=\"(max-width: 640px) 100vw, 640px\" \/> <img loading=\"lazy\" class=\"aligncenter size-large wp-image-240907\" src=\"https:\/\/liked.hu\/old\/wp-content\/uploads\/2021\/02\/78995f0c-a8fa-4710-abcc-0cad46ac1b89.jpeg\" alt=\"78995f0c a8fa 4710 abcc 0cad46ac1b89\" width=\"640\" height=\"926\" srcset=\"https:\/\/liked.hu\/old\/wp-content\/uploads\/2021\/02\/78995f0c-a8fa-4710-abcc-0cad46ac1b89.jpeg 640w, https:\/\/liked.hu\/old\/wp-content\/uploads\/2021\/02\/78995f0c-a8fa-4710-abcc-0cad46ac1b89-207x300.jpeg 207w, https:\/\/liked.hu\/old\/wp-content\/uploads\/2021\/02\/78995f0c-a8fa-4710-abcc-0cad46ac1b89-622x900.jpeg 622w, https:\/\/liked.hu\/old\/wp-content\/uploads\/2021\/02\/78995f0c-a8fa-4710-abcc-0cad46ac1b89-360x521.jpeg 360w\" sizes=\"(max-width: 640px) 100vw, 640px\" \/><\/p>\n","protected":false},"excerpt":{"rendered":"<p>A sz\u00e9ps\u00e9gide\u00e1l meghat\u00e1roz\u00e1sa sokat v\u00e1ltozott az elm\u00falt n\u00e9h\u00e1ny \u00e9vsz\u00e1zad sor\u00e1n. Erre a legjobb p\u00e9lda tal\u00e1n a 19. sz\u00e1zadi perzsa hercegn\u0151, Zahra Khanom Tadj es-Saltaneh. Annak idej\u00e9n a n\u0151t a f\u00f6ldi sz\u00e9ps\u00e9g megtestes\u00edt\u0151j\u00e9nek tartott\u00e1k, \u00e9s hogy mennyire vonz\u00f3nak tartott\u00e1k a f\u00e9rfiak, azt semmi sem bizony\u00edtja jobban, mint a legenda, miszerint 13 f\u00e9rfi \u00f6ngyilkos lett az\u00e9rt, mert [&hellip;]<\/p>\n","protected":false},"author":13,"featured_media":240906,"comment_status":"open","ping_status":"closed","sticky":false,"template":"","format":"standard","meta":{"buzzeditor_post_format":""},"categories":[23],"tags":[8759,9143,2398,2655],"yoast_head":"<!-- This site is optimized with the Yoast SEO plugin v19.6.1 - https:\/\/yoast.com\/wordpress\/plugins\/seo\/ -->\n<title>Ez itt Zahra hercegn\u0151, a n\u0151, aki sz\u00e9ps\u00e9gszimb\u00f3lum volt a 19. sz\u00e1zadi Perzsi\u00e1ban<\/title>\n<meta name=\"description\" content=\"A sz\u00e9ps\u00e9gide\u00e1l meghat\u00e1roz\u00e1sa sokat v\u00e1ltozott az elm\u00falt n\u00e9h\u00e1ny \u00e9vsz\u00e1zad sor\u00e1n. Erre a legjobb p\u00e9lda tal\u00e1n a 19. sz\u00e1zadi perzsa hercegn\u0151, Zahra Khanom Tadj\" \/>\n<meta name=\"robots\" content=\"index, follow, max-snippet:-1, max-image-preview:large, max-video-preview:-1\" \/>\n<link rel=\"canonical\" href=\"https:\/\/liked.hu\/old\/erdekes\/ez-itt-zahra-hercegno-a-no-aki-szepsegszimbolum-volt-a-19-szazadi-perzsiaban\/\" \/>\n<meta property=\"og:locale\" content=\"hu_HU\" \/>\n<meta property=\"og:type\" content=\"article\" \/>\n<meta property=\"og:title\" content=\"Ez itt Zahra hercegn\u0151, a n\u0151, aki sz\u00e9ps\u00e9gszimb\u00f3lum volt a 19. sz\u00e1zadi Perzsi\u00e1ban\" \/>\n<meta property=\"og:description\" content=\"A sz\u00e9ps\u00e9gide\u00e1l meghat\u00e1roz\u00e1sa sokat v\u00e1ltozott az elm\u00falt n\u00e9h\u00e1ny \u00e9vsz\u00e1zad sor\u00e1n. Erre a legjobb p\u00e9lda tal\u00e1n a 19. sz\u00e1zadi perzsa hercegn\u0151, Zahra Khanom Tadj\" \/>\n<meta property=\"og:url\" content=\"https:\/\/liked.hu\/old\/erdekes\/ez-itt-zahra-hercegno-a-no-aki-szepsegszimbolum-volt-a-19-szazadi-perzsiaban\/\" \/>\n<meta property=\"og:site_name\" content=\"Liked.hu\" \/>\n<meta property=\"article:publisher\" content=\"https:\/\/www.facebook.com\/liked.hu\" \/>\n<meta property=\"article:published_time\" content=\"2021-02-19T11:01:59+00:00\" \/>\n<meta property=\"og:image\" content=\"https:\/\/liked.hu\/old\/wp-content\/uploads\/2021\/02\/Noi-szepsegideal-perzsia.jpeg\" \/>\n\t<meta property=\"og:image:width\" content=\"1200\" \/>\n\t<meta property=\"og:image:height\" content=\"630\" \/>\n\t<meta property=\"og:image:type\" content=\"image\/jpeg\" \/>\n<meta name=\"author\" content=\"Klingstrom\" \/>\n<meta name=\"twitter:card\" content=\"summary\" \/>\n<meta name=\"twitter:creator\" content=\"@LikedHu\" \/>\n<meta name=\"twitter:site\" content=\"@LikedHu\" \/>\n<meta name=\"twitter:label1\" content=\"Szerz\u0151:\" \/>\n\t<meta name=\"twitter:data1\" content=\"Klingstrom\" \/>\n<script type=\"application\/ld+json\" class=\"yoast-schema-graph\">{\"@context\":\"https:\/\/schema.org\",\"@graph\":[{\"@type\":\"Article\",\"@id\":\"https:\/\/liked.hu\/old\/erdekes\/ez-itt-zahra-hercegno-a-no-aki-szepsegszimbolum-volt-a-19-szazadi-perzsiaban\/#article\",\"isPartOf\":{\"@id\":\"https:\/\/liked.hu\/old\/erdekes\/ez-itt-zahra-hercegno-a-no-aki-szepsegszimbolum-volt-a-19-szazadi-perzsiaban\/\"},\"author\":{\"name\":\"Klingstrom\",\"@id\":\"https:\/\/liked.hu\/old\/#\/schema\/person\/1c8d3f8764991e8dcd6572a7de72da8a\"},\"headline\":\"Ez itt Zahra hercegn\u0151, a n\u0151, aki sz\u00e9ps\u00e9gszimb\u00f3lum volt a 19. sz\u00e1zadi Perzsi\u00e1ban\",\"datePublished\":\"2021-02-19T11:01:59+00:00\",\"dateModified\":\"2021-02-19T11:01:59+00:00\",\"mainEntityOfPage\":{\"@id\":\"https:\/\/liked.hu\/old\/erdekes\/ez-itt-zahra-hercegno-a-no-aki-szepsegszimbolum-volt-a-19-szazadi-perzsiaban\/\"},\"wordCount\":111,\"commentCount\":2,\"publisher\":{\"@id\":\"https:\/\/liked.hu\/old\/#organization\"},\"keywords\":[\"ir\u00e1n\",\"perzsa\",\"sz\u00e9ps\u00e9g\",\"t\u00f6rt\u00e9nelem\"],\"articleSection\":[\"\u00c9rdekess\u00e9gek\"],\"inLanguage\":\"hu\",\"potentialAction\":[{\"@type\":\"CommentAction\",\"name\":\"Comment\",\"target\":[\"https:\/\/liked.hu\/old\/erdekes\/ez-itt-zahra-hercegno-a-no-aki-szepsegszimbolum-volt-a-19-szazadi-perzsiaban\/#respond\"]}]},{\"@type\":\"WebPage\",\"@id\":\"https:\/\/liked.hu\/old\/erdekes\/ez-itt-zahra-hercegno-a-no-aki-szepsegszimbolum-volt-a-19-szazadi-perzsiaban\/\",\"url\":\"https:\/\/liked.hu\/old\/erdekes\/ez-itt-zahra-hercegno-a-no-aki-szepsegszimbolum-volt-a-19-szazadi-perzsiaban\/\",\"name\":\"Ez itt Zahra hercegn\u0151, a n\u0151, aki sz\u00e9ps\u00e9gszimb\u00f3lum volt a 19. sz\u00e1zadi Perzsi\u00e1ban\",\"isPartOf\":{\"@id\":\"https:\/\/liked.hu\/old\/#website\"},\"datePublished\":\"2021-02-19T11:01:59+00:00\",\"dateModified\":\"2021-02-19T11:01:59+00:00\",\"description\":\"A sz\u00e9ps\u00e9gide\u00e1l meghat\u00e1roz\u00e1sa sokat v\u00e1ltozott az elm\u00falt n\u00e9h\u00e1ny \u00e9vsz\u00e1zad sor\u00e1n. Erre a legjobb p\u00e9lda tal\u00e1n a 19. sz\u00e1zadi perzsa hercegn\u0151, Zahra Khanom Tadj\",\"breadcrumb\":{\"@id\":\"https:\/\/liked.hu\/old\/erdekes\/ez-itt-zahra-hercegno-a-no-aki-szepsegszimbolum-volt-a-19-szazadi-perzsiaban\/#breadcrumb\"},\"inLanguage\":\"hu\",\"potentialAction\":[{\"@type\":\"ReadAction\",\"target\":[\"https:\/\/liked.hu\/old\/erdekes\/ez-itt-zahra-hercegno-a-no-aki-szepsegszimbolum-volt-a-19-szazadi-perzsiaban\/\"]}]},{\"@type\":\"BreadcrumbList\",\"@id\":\"https:\/\/liked.hu\/old\/erdekes\/ez-itt-zahra-hercegno-a-no-aki-szepsegszimbolum-volt-a-19-szazadi-perzsiaban\/#breadcrumb\",\"itemListElement\":[{\"@type\":\"ListItem\",\"position\":1,\"name\":\"Kezd\u0151lap\",\"item\":\"https:\/\/liked.hu\/old\/\"},{\"@type\":\"ListItem\",\"position\":2,\"name\":\"Ez itt Zahra hercegn\u0151, a n\u0151, aki sz\u00e9ps\u00e9gszimb\u00f3lum volt a 19. sz\u00e1zadi Perzsi\u00e1ban\"}]},{\"@type\":\"WebSite\",\"@id\":\"https:\/\/liked.hu\/old\/#website\",\"url\":\"https:\/\/liked.hu\/old\/\",\"name\":\"Liked.hu\",\"description\":\"\",\"publisher\":{\"@id\":\"https:\/\/liked.hu\/old\/#organization\"},\"potentialAction\":[{\"@type\":\"SearchAction\",\"target\":{\"@type\":\"EntryPoint\",\"urlTemplate\":\"https:\/\/liked.hu\/old\/?s={search_term_string}\"},\"query-input\":\"required name=search_term_string\"}],\"inLanguage\":\"hu\"},{\"@type\":\"Organization\",\"@id\":\"https:\/\/liked.hu\/old\/#organization\",\"name\":\"Liked.hu\",\"url\":\"https:\/\/liked.hu\/old\/\",\"sameAs\":[\"https:\/\/hu.pinterest.com\/likedhungary\/\",\"https:\/\/www.youtube.com\/channel\/UCPv91dbMoIukYcM9b9nHN6Q\",\"https:\/\/www.facebook.com\/liked.hu\",\"https:\/\/twitter.com\/LikedHu\"],\"logo\":{\"@type\":\"ImageObject\",\"inLanguage\":\"hu\",\"@id\":\"https:\/\/liked.hu\/old\/#\/schema\/logo\/image\/\",\"url\":\"https:\/\/liked.hu\/wp-content\/uploads\/2018\/08\/Liked-icon.png\",\"contentUrl\":\"https:\/\/liked.hu\/wp-content\/uploads\/2018\/08\/Liked-icon.png\",\"width\":512,\"height\":512,\"caption\":\"Liked.hu\"},\"image\":{\"@id\":\"https:\/\/liked.hu\/old\/#\/schema\/logo\/image\/\"}},{\"@type\":\"Person\",\"@id\":\"https:\/\/liked.hu\/old\/#\/schema\/person\/1c8d3f8764991e8dcd6572a7de72da8a\",\"name\":\"Klingstrom\",\"image\":{\"@type\":\"ImageObject\",\"inLanguage\":\"hu\",\"@id\":\"https:\/\/liked.hu\/old\/#\/schema\/person\/image\/\",\"url\":\"https:\/\/liked.hu\/old\/wp-content\/uploads\/avatars\/13\/604de88bd578a-bpfull.jpg\",\"contentUrl\":\"https:\/\/liked.hu\/old\/wp-content\/uploads\/avatars\/13\/604de88bd578a-bpfull.jpg\",\"caption\":\"Klingstrom\"},\"url\":\"https:\/\/liked.hu\/old\/u\/klingstrom\/\"}]}<\/script>\n<!-- \/ Yoast SEO plugin. -->","yoast_head_json":{"title":"Ez itt Zahra hercegn\u0151, a n\u0151, aki sz\u00e9ps\u00e9gszimb\u00f3lum volt a 19. sz\u00e1zadi Perzsi\u00e1ban","description":"A sz\u00e9ps\u00e9gide\u00e1l meghat\u00e1roz\u00e1sa sokat v\u00e1ltozott az elm\u00falt n\u00e9h\u00e1ny \u00e9vsz\u00e1zad sor\u00e1n. Erre a legjobb p\u00e9lda tal\u00e1n a 19. sz\u00e1zadi perzsa hercegn\u0151, Zahra Khanom Tadj","robots":{"index":"index","follow":"follow","max-snippet":"max-snippet:-1","max-image-preview":"max-image-preview:large","max-video-preview":"max-video-preview:-1"},"canonical":"https:\/\/liked.hu\/old\/erdekes\/ez-itt-zahra-hercegno-a-no-aki-szepsegszimbolum-volt-a-19-szazadi-perzsiaban\/","og_locale":"hu_HU","og_type":"article","og_title":"Ez itt Zahra hercegn\u0151, a n\u0151, aki sz\u00e9ps\u00e9gszimb\u00f3lum volt a 19. sz\u00e1zadi Perzsi\u00e1ban","og_description":"A sz\u00e9ps\u00e9gide\u00e1l meghat\u00e1roz\u00e1sa sokat v\u00e1ltozott az elm\u00falt n\u00e9h\u00e1ny \u00e9vsz\u00e1zad sor\u00e1n. Erre a legjobb p\u00e9lda tal\u00e1n a 19. sz\u00e1zadi perzsa hercegn\u0151, Zahra Khanom Tadj","og_url":"https:\/\/liked.hu\/old\/erdekes\/ez-itt-zahra-hercegno-a-no-aki-szepsegszimbolum-volt-a-19-szazadi-perzsiaban\/","og_site_name":"Liked.hu","article_publisher":"https:\/\/www.facebook.com\/liked.hu","article_published_time":"2021-02-19T11:01:59+00:00","og_image":[{"width":1200,"height":630,"url":"https:\/\/liked.hu\/old\/wp-content\/uploads\/2021\/02\/Noi-szepsegideal-perzsia.jpeg","type":"image\/jpeg"}],"author":"Klingstrom","twitter_card":"summary","twitter_creator":"@LikedHu","twitter_site":"@LikedHu","twitter_misc":{"Szerz\u0151:":"Klingstrom"},"schema":{"@context":"https:\/\/schema.org","@graph":[{"@type":"Article","@id":"https:\/\/liked.hu\/old\/erdekes\/ez-itt-zahra-hercegno-a-no-aki-szepsegszimbolum-volt-a-19-szazadi-perzsiaban\/#article","isPartOf":{"@id":"https:\/\/liked.hu\/old\/erdekes\/ez-itt-zahra-hercegno-a-no-aki-szepsegszimbolum-volt-a-19-szazadi-perzsiaban\/"},"author":{"name":"Klingstrom","@id":"https:\/\/liked.hu\/old\/#\/schema\/person\/1c8d3f8764991e8dcd6572a7de72da8a"},"headline":"Ez itt Zahra hercegn\u0151, a n\u0151, aki sz\u00e9ps\u00e9gszimb\u00f3lum volt a 19. sz\u00e1zadi Perzsi\u00e1ban","datePublished":"2021-02-19T11:01:59+00:00","dateModified":"2021-02-19T11:01:59+00:00","mainEntityOfPage":{"@id":"https:\/\/liked.hu\/old\/erdekes\/ez-itt-zahra-hercegno-a-no-aki-szepsegszimbolum-volt-a-19-szazadi-perzsiaban\/"},"wordCount":111,"commentCount":2,"publisher":{"@id":"https:\/\/liked.hu\/old\/#organization"},"keywords":["ir\u00e1n","perzsa","sz\u00e9ps\u00e9g","t\u00f6rt\u00e9nelem"],"articleSection":["\u00c9rdekess\u00e9gek"],"inLanguage":"hu","potentialAction":[{"@type":"CommentAction","name":"Comment","target":["https:\/\/liked.hu\/old\/erdekes\/ez-itt-zahra-hercegno-a-no-aki-szepsegszimbolum-volt-a-19-szazadi-perzsiaban\/#respond"]}]},{"@type":"WebPage","@id":"https:\/\/liked.hu\/old\/erdekes\/ez-itt-zahra-hercegno-a-no-aki-szepsegszimbolum-volt-a-19-szazadi-perzsiaban\/","url":"https:\/\/liked.hu\/old\/erdekes\/ez-itt-zahra-hercegno-a-no-aki-szepsegszimbolum-volt-a-19-szazadi-perzsiaban\/","name":"Ez itt Zahra hercegn\u0151, a n\u0151, aki sz\u00e9ps\u00e9gszimb\u00f3lum volt a 19. sz\u00e1zadi Perzsi\u00e1ban","isPartOf":{"@id":"https:\/\/liked.hu\/old\/#website"},"datePublished":"2021-02-19T11:01:59+00:00","dateModified":"2021-02-19T11:01:59+00:00","description":"A sz\u00e9ps\u00e9gide\u00e1l meghat\u00e1roz\u00e1sa sokat v\u00e1ltozott az elm\u00falt n\u00e9h\u00e1ny \u00e9vsz\u00e1zad sor\u00e1n. Erre a legjobb p\u00e9lda tal\u00e1n a 19. sz\u00e1zadi perzsa hercegn\u0151, Zahra Khanom Tadj","breadcrumb":{"@id":"https:\/\/liked.hu\/old\/erdekes\/ez-itt-zahra-hercegno-a-no-aki-szepsegszimbolum-volt-a-19-szazadi-perzsiaban\/#breadcrumb"},"inLanguage":"hu","potentialAction":[{"@type":"ReadAction","target":["https:\/\/liked.hu\/old\/erdekes\/ez-itt-zahra-hercegno-a-no-aki-szepsegszimbolum-volt-a-19-szazadi-perzsiaban\/"]}]},{"@type":"BreadcrumbList","@id":"https:\/\/liked.hu\/old\/erdekes\/ez-itt-zahra-hercegno-a-no-aki-szepsegszimbolum-volt-a-19-szazadi-perzsiaban\/#breadcrumb","itemListElement":[{"@type":"ListItem","position":1,"name":"Kezd\u0151lap","item":"https:\/\/liked.hu\/old\/"},{"@type":"ListItem","position":2,"name":"Ez itt Zahra hercegn\u0151, a n\u0151, aki sz\u00e9ps\u00e9gszimb\u00f3lum volt a 19. sz\u00e1zadi Perzsi\u00e1ban"}]},{"@type":"WebSite","@id":"https:\/\/liked.hu\/old\/#website","url":"https:\/\/liked.hu\/old\/","name":"Liked.hu","description":"","publisher":{"@id":"https:\/\/liked.hu\/old\/#organization"},"potentialAction":[{"@type":"SearchAction","target":{"@type":"EntryPoint","urlTemplate":"https:\/\/liked.hu\/old\/?s={search_term_string}"},"query-input":"required name=search_term_string"}],"inLanguage":"hu"},{"@type":"Organization","@id":"https:\/\/liked.hu\/old\/#organization","name":"Liked.hu","url":"https:\/\/liked.hu\/old\/","sameAs":["https:\/\/hu.pinterest.com\/likedhungary\/","https:\/\/www.youtube.com\/channel\/UCPv91dbMoIukYcM9b9nHN6Q","https:\/\/www.facebook.com\/liked.hu","https:\/\/twitter.com\/LikedHu"],"logo":{"@type":"ImageObject","inLanguage":"hu","@id":"https:\/\/liked.hu\/old\/#\/schema\/logo\/image\/","url":"https:\/\/liked.hu\/wp-content\/uploads\/2018\/08\/Liked-icon.png","contentUrl":"https:\/\/liked.hu\/wp-content\/uploads\/2018\/08\/Liked-icon.png","width":512,"height":512,"caption":"Liked.hu"},"image":{"@id":"https:\/\/liked.hu\/old\/#\/schema\/logo\/image\/"}},{"@type":"Person","@id":"https:\/\/liked.hu\/old\/#\/schema\/person\/1c8d3f8764991e8dcd6572a7de72da8a","name":"Klingstrom","image":{"@type":"ImageObject","inLanguage":"hu","@id":"https:\/\/liked.hu\/old\/#\/schema\/person\/image\/","url":"https:\/\/liked.hu\/old\/wp-content\/uploads\/avatars\/13\/604de88bd578a-bpfull.jpg","contentUrl":"https:\/\/liked.hu\/old\/wp-content\/uploads\/avatars\/13\/604de88bd578a-bpfull.jpg","caption":"Klingstrom"},"url":"https:\/\/liked.hu\/old\/u\/klingstrom\/"}]}},"publishpress_future_action":{"enabled":false,"date":"1970-01-01 01:00:00","action":"","terms":[],"taxonomy":"","browser_timezone_offset":0},"_links":{"self":[{"href":"https:\/\/liked.hu\/old\/wp-json\/wp\/v2\/posts\/240905"}],"collection":[{"href":"https:\/\/liked.hu\/old\/wp-json\/wp\/v2\/posts"}],"about":[{"href":"https:\/\/liked.hu\/old\/wp-json\/wp\/v2\/types\/post"}],"author":[{"embeddable":true,"href":"https:\/\/liked.hu\/old\/wp-json\/wp\/v2\/users\/13"}],"replies":[{"embeddable":true,"href":"https:\/\/liked.hu\/old\/wp-json\/wp\/v2\/comments?post=240905"}],"version-history":[{"count":0,"href":"https:\/\/liked.hu\/old\/wp-json\/wp\/v2\/posts\/240905\/revisions"}],"wp:featuredmedia":[{"embeddable":true,"href":"https:\/\/liked.hu\/old\/wp-json\/wp\/v2\/media\/240906"}],"wp:attachment":[{"href":"https:\/\/liked.hu\/old\/wp-json\/wp\/v2\/media?parent=240905"}],"wp:term":[{"taxonomy":"category","embeddable":true,"href":"https:\/\/liked.hu\/old\/wp-json\/wp\/v2\/categories?post=240905"},{"taxonomy":"post_tag","embeddable":true,"href":"https:\/\/liked.hu\/old\/wp-json\/wp\/v2\/tags?post=240905"}],"curies":[{"name":"wp","href":"https:\/\/api.w.org\/{rel}","templated":true}]}}