{"id":236494,"date":"2021-01-04T11:46:00","date_gmt":"2021-01-04T10:46:00","guid":{"rendered":"https:\/\/liked.hu\/old\/?p=236494"},"modified":"2021-01-04T11:46:46","modified_gmt":"2021-01-04T10:46:46","slug":"11-meglepo-teny-chilerol-amik-a-helyi-embereken-kivul-mindenkit-egyforman-osszezavarnak","status":"publish","type":"post","link":"https:\/\/liked.hu\/old\/erdekes\/11-meglepo-teny-chilerol-amik-a-helyi-embereken-kivul-mindenkit-egyforman-osszezavarnak\/","title":{"rendered":"11 meglep\u0151 t\u00e9ny Chil\u00e9r\u0151l, amik a helyi embereken k\u00edv\u00fcl mindenkit egyform\u00e1n \u00f6sszezavarnak"},"content":{"rendered":"<p>Chile a vil\u00e1g egyik legk\u00fcl\u00f6nlegesebb orsz\u00e1ga, \u00e9s nemcsak a szokatlan f\u00f6ldrajzi jellemz\u0151i miatt. Csak\u00fagy, mint minden m\u00e1s orsz\u00e1gban, az itt \u00e9l\u0151 embereknek is megvannak a maguk kultur\u00e1lis jellegzetess\u00e9geik, melyek \u00e1ltal\u00e1ban nagy meglepet\u00e9sk\u00e9nt szokt\u00e1k \u00e9rni az ide l\u00e1togat\u00f3 turist\u00e1kat. N\u00e9mely szok\u00e1suk annyira szokatlan, hogy m\u00e9g a legtapasztaltabb utaz\u00f3kat is k\u00f6nnyed\u00e9n \u00f6sszezavarj\u00e1k.<\/p>\n<p style=\"text-align: center;\">\n<div style=\"float:none;margin:0px 0 0px 0;text-align:center;\">\n<div class=\"mobileShowkakettes\"><div class=\"mobileShowka2\"><div style=\"padding-top:0px;padding-bottom:15px;min-height: 300px;\"><div class=\"hirdetes\">HIRDET\u00c9S<\/div>\n<!-- 300lista -->\n<ins class=\"adsbygoogle\"\n     style=\"display:inline-block;width:300px;height:250px\"\n     data-ad-client=\"ca-pub-9424088931673893\"\n     data-ad-slot=\"8471340766\"><\/ins>\n<script async>\n     (adsbygoogle = window.adsbygoogle || []).push({});\n<\/script><\/div><\/div><\/div><\/div>\n<p>A Liked.hu-n\u00e1l \u00fagy d\u00f6nt\u00f6tt\u00fcnk, hogy fejest ugrunk Chil\u00e9be, \u00e9s \u00f6sszegy\u0171jt\u00fcnk 11 olyan v\u00e1ratlan t\u00e9nyt err\u0151l a k\u00fcl\u00f6nleges orsz\u00e1gr\u00f3l, ami a legnagyobb meglepet\u00e9st szokta okozni az ide k\u00f6lt\u00f6z\u0151 emberek sz\u00e1m\u00e1ra.<\/p>\n<div id=\"zombify-main-section-front\" class=\"zombify-main-section-front zombify-screen zf-media-full\">\r\n\t<link rel=\"stylesheet\" type=\"text\/css\" href=\"https:\/\/liked.hu\/old\/js\/zombify.css\">\r\n    <link rel=\"stylesheet\" type=\"text\/css\" href=\"https:\/\/liked.hu\/old\/wp-content\/themes\/newsy-child\/style.css\">\r\n\t<div class=\"zf-container\">\r\n\t\t<div id=\"zf-countdown\" class=\"zf-countdown zf-list zf-numbered\">\r\n\t\t\t<ol class=\"zf-structure-list\">\r\n\t\t\t\t                        <li class=\"zf-list_item\">\r\n                            <div class=\"zf-list_header\">\r\n                                <h3 id=\"11\" class=\"zf-list_title\">\r\n                                    <span class=\"zf-number\">11<\/span>\r\n                                    A helyi emberek j\u00f3l \u00e9rzik magukat t\u00fals\u00falyosan.                                <\/h3>\r\n                            <\/div>\r\n\t\t\t\t\t\t\t\t\t\t\t\t\t\t\t<figure class=\"zf-list_media zf-media-wrapper zf-image zf-type-image\">\r\n\t\t\t\t\t\t\t\t\t<div title=\"A helyi emberek j\u00f3l \u00e9rzik magukat t\u00fals\u00falyosan.\" alt=\"A helyi emberek j\u00f3l \u00e9rzik magukat t\u00fals\u00falyosan.\" class=\"zf-media\">\r\n\t\t\t\t\t\t\t\t\t\t<img width=\"728\" height=\"762\" src=\"https:\/\/liked.hu\/old\/wp-content\/uploads\/2021\/01\/Chilei-szepseg.jpg\" class=\"\" alt=\"Chilei szepseg\" loading=\"lazy\" style=\"\" srcset=\"https:\/\/liked.hu\/old\/wp-content\/uploads\/2021\/01\/Chilei-szepseg.jpg 728w, https:\/\/liked.hu\/old\/wp-content\/uploads\/2021\/01\/Chilei-szepseg-287x300.jpg 287w, https:\/\/liked.hu\/old\/wp-content\/uploads\/2021\/01\/Chilei-szepseg-478x500.jpg 478w, https:\/\/liked.hu\/old\/wp-content\/uploads\/2021\/01\/Chilei-szepseg-360x377.jpg 360w\" sizes=\"(max-width: 728px) 100vw, 728px\" \/>\t\t\t\t\t\t\t\t\t\t\t<figcaption class=\"zf-figcaption\">\r\n                                                <cite><\/cite>\r\n\r\n                                                \t\t\t\t\t\t\t\t\t\t\t<\/figcaption>\r\n\t\t\t\t\t\t\t\t\t\t\t\t\t\t\t\t\t\t\t<\/div>\r\n\t\t\t\t\t\t\t\t\t<hr \/>\r\n\t\t\t\t\t\t\t\t<\/figure>\r\n\t\t\t\t\t\t\t\t\r\n\t\t\t\t\t\t\t\t\t\t\t\t\t\t\t<div class=\"zf-countdown_description\"><p>Chil\u00e9ben az \u00e1tlagos testalkat\u00fa \u00e9s a t\u00fals\u00falyos h\u00f6lgyeket \u00e9pp ugyanolyan nagy becsben tartj\u00e1k. K\u00f6sz\u00f6nhet\u0151 ez annak a t\u00e9nynek, hogy a legt\u00f6bb chilei f\u00e9rfi sz\u00e1m\u00e1ra tulajdonk\u00e9ppen mindegy, hogyan n\u00e9z ki egy l\u00e1ny, sokkal nagyobb jelent\u0151s\u00e9get tulajdon\u00edtanak annak, hogy p\u00e9ld\u00e1ul j\u00f3 h\u00e1ziasszony legyen: tudjon f\u0151zni \u00e9s tiszt\u00e1n tudja tartani a h\u00e1zat.&nbsp;<\/p><\/div>\r\n\t\t\t\t\t\t\t                        <\/li>\r\n                                                                    <li class=\"zf-list_item\">\r\n                            <div class=\"zf-list_header\">\r\n                                <h3 id=\"10\" class=\"zf-list_title\">\r\n                                    <span class=\"zf-number\">10<\/span>\r\n                                    A p\u00e9ntek 13-a itt rendes nap.                                <\/h3>\r\n                            <\/div>\r\n\t\t\t\t\t\t\t\t\t\t\t\t\t\t\t<figure class=\"zf-list_media zf-media-wrapper zf-image zf-type-image\">\r\n\t\t\t\t\t\t\t\t\t<div title=\"A p\u00e9ntek 13-a itt rendes nap.\" alt=\"A p\u00e9ntek 13-a itt rendes nap.\" class=\"zf-media\">\r\n\t\t\t\t\t\t\t\t\t\t<img width=\"728\" height=\"483\" src=\"https:\/\/liked.hu\/old\/wp-content\/uploads\/2021\/01\/08ed8a5ed999126604e6696700.jpg\" class=\"\" alt=\"08ed8a5ed999126604e6696700\" loading=\"lazy\" style=\"\" srcset=\"https:\/\/liked.hu\/old\/wp-content\/uploads\/2021\/01\/08ed8a5ed999126604e6696700.jpg 728w, https:\/\/liked.hu\/old\/wp-content\/uploads\/2021\/01\/08ed8a5ed999126604e6696700-300x199.jpg 300w, https:\/\/liked.hu\/old\/wp-content\/uploads\/2021\/01\/08ed8a5ed999126604e6696700-500x332.jpg 500w, https:\/\/liked.hu\/old\/wp-content\/uploads\/2021\/01\/08ed8a5ed999126604e6696700-360x239.jpg 360w\" sizes=\"(max-width: 728px) 100vw, 728px\" \/>\t\t\t\t\t\t\t\t\t\t\t<figcaption class=\"zf-figcaption\">\r\n                                                <cite><\/cite>\r\n\r\n                                                \t\t\t\t\t\t\t\t\t\t\t<\/figcaption>\r\n\t\t\t\t\t\t\t\t\t\t\t\t\t\t\t\t\t\t\t<\/div>\r\n\t\t\t\t\t\t\t\t\t<hr \/>\r\n\t\t\t\t\t\t\t\t<\/figure>\r\n\t\t\t\t\t\t\t\t\r\n\t\t\t\t\t\t\t\t\t\t\t\t\t\t\t<div class=\"zf-countdown_description\"><p>Chil&eacute;ben senki nem f&eacute;l p&eacute;ntek 13-&aacute;t&oacute;l, ezen a napon itt nem ker&uuml;lgetik a fekete macsk&aacute;kat, ahogy az egy&eacute;b bajokt&oacute;l sem f&eacute;lnek. Ugyanez azonban nem mondhat&oacute; el kedd 13-&aacute;r&oacute;l, a helyiek ugyanis ett\u0151l f&eacute;lnek, &eacute;s ilyenkor igyekeznek elker&uuml;lni minden bajt &eacute;s kudarcot.<\/p><p style=\"text-align: center\">\n<div style=\"float:none;margin:0px 0 0px 0;text-align:center;\">\n<div class=\"mobileHideke5\"><div style=\"margin-top:25px;\"><div class=\"hirdeteshatter\"><div style=\"display: inline-block;width: 50%;min-width:305px;vertical-align: top;\"><div class=\"hirdetes\">HIRDET\u00c9S<\/div>\n<!-- LikedQ51 -->\n<ins class=\"adsbygoogle\"\n     style=\"display:inline-block;width:300px;height:250px\"\n     data-ad-client=\"ca-pub-9424088931673893\"\n     data-ad-slot=\"8284063326\"><\/ins>\n<script async>\n     (adsbygoogle = window.adsbygoogle || []).push({});\n<\/script><\/div><div style=\"display: inline-block;width: 50%;min-width:305px;vertical-align: top;\"><div class=\"hirdetes\">HIRDET\u00c9S<\/div>\n<!-- LikedQ52 -->\n<ins class=\"adsbygoogle\"\n     style=\"display:inline-block;width:300px;height:250px\"\n     data-ad-client=\"ca-pub-9424088931673893\"\n     data-ad-slot=\"2840164950\"><\/ins>\n<script async>\n     (adsbygoogle = window.adsbygoogle || []).push({});\n<\/script><\/div><\/div><\/div><\/div>\n<div style=\"display:flex;flex-direction:column;\"><div class=\"mobileShowka5\"><div style=\"padding-top:10px;padding-bottom:10px;min-height: 300px;\"><div class=\"hirdetes\">HIRDET\u00c9S<\/div>\n<!-- LikedQ5M -->\n<ins class=\"adsbygoogle\"\n     style=\"display:inline-block;width:300px;height:250px\"\n     data-ad-client=\"ca-pub-9424088931673893\"\n     data-ad-slot=\"9022429928\"><\/ins>\n<script async>\n     (adsbygoogle = window.adsbygoogle || []).push({});\n<\/script><\/div><\/div><\/div><\/div><\/div>\r\n\t\t\t\t\t\t\t                        <\/li>\r\n                                                                    <li class=\"zf-list_item\">\r\n                            <div class=\"zf-list_header\">\r\n                                <h3 id=\"9\" class=\"zf-list_title\">\r\n                                    <span class=\"zf-number\">9<\/span>\r\n                                    A n\u0151k f\u00e9rfi munk\u00e1t v\u00e9geznek.                                <\/h3>\r\n                            <\/div>\r\n\t\t\t\t\t\t\t\t\t\t\t\t\t\t\t<figure class=\"zf-list_media zf-media-wrapper zf-image zf-type-image\">\r\n\t\t\t\t\t\t\t\t\t<div title=\"A n\u0151k f\u00e9rfi munk\u00e1t v\u00e9geznek.\" alt=\"A n\u0151k f\u00e9rfi munk\u00e1t v\u00e9geznek.\" class=\"zf-media\">\r\n\t\t\t\t\t\t\t\t\t\t<img width=\"728\" height=\"370\" src=\"https:\/\/liked.hu\/old\/wp-content\/uploads\/2021\/01\/Noi-munka.jpg\" class=\"\" alt=\"Noi munka\" loading=\"lazy\" style=\"\" srcset=\"https:\/\/liked.hu\/old\/wp-content\/uploads\/2021\/01\/Noi-munka.jpg 728w, https:\/\/liked.hu\/old\/wp-content\/uploads\/2021\/01\/Noi-munka-300x152.jpg 300w, https:\/\/liked.hu\/old\/wp-content\/uploads\/2021\/01\/Noi-munka-500x254.jpg 500w, https:\/\/liked.hu\/old\/wp-content\/uploads\/2021\/01\/Noi-munka-360x183.jpg 360w\" sizes=\"(max-width: 728px) 100vw, 728px\" \/>\t\t\t\t\t\t\t\t\t\t\t<figcaption class=\"zf-figcaption\">\r\n                                                <cite><\/cite>\r\n\r\n                                                \t\t\t\t\t\t\t\t\t\t\t<\/figcaption>\r\n\t\t\t\t\t\t\t\t\t\t\t\t\t\t\t\t\t\t\t<\/div>\r\n\t\t\t\t\t\t\t\t\t<hr \/>\r\n\t\t\t\t\t\t\t\t<\/figure>\r\n\t\t\t\t\t\t\t\t\r\n\t\t\t\t\t\t\t\t\t\t\t\t\t\t\t<div class=\"zf-countdown_description\"><p>A chilei n\u0151k \u00e9pp ugyanolyan \u00fcgyesen b\u00e1nnak a k\u00f6r\u00f6mfest\u00e9kkel, mint mondjuk egy \u00fctvef\u00far\u00f3val munka k\u00f6zben. A helyi f\u00e9rfiak sz\u00e1m\u00e1ra egy\u00e1ltal\u00e1n nem meglep\u0151, ha az \u00e9p\u00edtkez\u00e9sen p\u00e9ld\u00e1ul n\u0151i koll\u00e9g\u00e1ik vannak, \u00e9s akt\u00edvan t\u00e1mogatj\u00e1k a feminizmust, mivel sok helyen a n\u0151k m\u00e9g mindig kevesebb p\u00e9nzt kapnak ugyanaz\u00e9rt a munk\u00e1\u00e9rt, mint a f\u00e9rfiak.<\/p><\/div>\r\n\t\t\t\t\t\t\t                        <\/li>\r\n                                                                    <li class=\"zf-list_item\">\r\n                            <div class=\"zf-list_header\">\r\n                                <h3 id=\"8\" class=\"zf-list_title\">\r\n                                    <span class=\"zf-number\">8<\/span>\r\n                                    A chileiek kab\u00e1tban \u00e9s csizm\u00e1ban j\u00e1rj\u00e1k a h\u00e1zat.                                <\/h3>\r\n                            <\/div>\r\n\t\t\t\t\t\t\t\t\t\t\t\t\t\t\t<figure class=\"zf-list_media zf-media-wrapper zf-image zf-type-image\">\r\n\t\t\t\t\t\t\t\t\t<div title=\"A chileiek kab\u00e1tban \u00e9s csizm\u00e1ban j\u00e1rj\u00e1k a h\u00e1zat.\" alt=\"A chileiek kab\u00e1tban \u00e9s csizm\u00e1ban j\u00e1rj\u00e1k a h\u00e1zat.\" class=\"zf-media\">\r\n\t\t\t\t\t\t\t\t\t\t<img width=\"728\" height=\"971\" src=\"https:\/\/liked.hu\/old\/wp-content\/uploads\/2021\/01\/Otthoni-ruha.jpg\" class=\"\" alt=\"Otthoni ruha\" loading=\"lazy\" style=\"\" srcset=\"https:\/\/liked.hu\/old\/wp-content\/uploads\/2021\/01\/Otthoni-ruha.jpg 728w, https:\/\/liked.hu\/old\/wp-content\/uploads\/2021\/01\/Otthoni-ruha-225x300.jpg 225w, https:\/\/liked.hu\/old\/wp-content\/uploads\/2021\/01\/Otthoni-ruha-375x500.jpg 375w, https:\/\/liked.hu\/old\/wp-content\/uploads\/2021\/01\/Otthoni-ruha-360x480.jpg 360w\" sizes=\"(max-width: 728px) 100vw, 728px\" \/>\t\t\t\t\t\t\t\t\t\t\t<figcaption class=\"zf-figcaption\">\r\n                                                <cite><\/cite>\r\n\r\n                                                \t\t\t\t\t\t\t\t\t\t\t<\/figcaption>\r\n\t\t\t\t\t\t\t\t\t\t\t\t\t\t\t\t\t\t\t<\/div>\r\n\t\t\t\t\t\t\t\t\t<hr \/>\r\n\t\t\t\t\t\t\t\t<\/figure>\r\n\t\t\t\t\t\t\t\t\r\n\t\t\t\t\t\t\t\t\t\t\t\t\t\t\t<div class=\"zf-countdown_description\"><p>A t&eacute;vhitekkel ellent&eacute;tben Chil&eacute;ben sincs mindig ny&aacute;r. S\u0151t, igaz&aacute;b&oacute;l 4-5 olyan h&oacute;nap is van az &eacute;vben, amikor a h\u0151m&eacute;rs&eacute;klet ak&aacute;r 0 fok vagy az al&aacute; is cs&ouml;kkenhet. A chilei otthonok f\u0171t&eacute;se azonban enyh&eacute;n sz&oacute;lva is probl&eacute;m&aacute;s, ez&eacute;rt sok esetben k&eacute;nytelenek kab&aacute;tban vagy csizm&aacute;ban j&aacute;rni a h&aacute;zban.<\/p><p style=\"text-align: center\">\n<div style=\"float:none;margin:0px 0 0px 0;text-align:center;\">\n<div class=\"mobileHideke8\"><div style=\"margin-top:25px;\"><div class=\"hirdeteshatter\"><div style=\"display: inline-block;width: 50%;min-width:340px;vertical-align: top;\"><div class=\"hirdetes\">HIRDET\u00c9S<\/div>\n<!-- Liked7Q1 -->\n<ins class=\"adsbygoogle\"\n     style=\"display:inline-block;width:336px;height:280px\"\n     data-ad-client=\"ca-pub-9424088931673893\"\n     data-ad-slot=\"3022062587\"><\/ins>\n<script async>\n     (adsbygoogle = window.adsbygoogle || []).push({});\n<\/script><\/div><div style=\"display: inline-block;width: 50%;min-width:340px;vertical-align: top;\"><div class=\"hirdetes\">HIRDET\u00c9S<\/div>\n<!-- Liked7Q2 -->\n<ins class=\"adsbygoogle\"\n     style=\"display:inline-block;width:336px;height:280px\"\n     data-ad-client=\"ca-pub-9424088931673893\"\n     data-ad-slot=\"3952000871\"><\/ins>\n<script async>\n     (adsbygoogle = window.adsbygoogle || []).push({});\n<\/script><\/div><\/div><\/div><\/div>\n<div style=\"display:flex;flex-direction:column;\"><div class=\"mobileShowka8\"><div style=\"padding-top:15px;margin-bottom:15px;min-height: 300px;\"><div class=\"hirdetes\">HIRDET\u00c9S<\/div>\n<!-- Liked7QMobil -->\n<ins class=\"adsbygoogle\"\n     style=\"display:inline-block;width:336px;height:280px\"\n     data-ad-client=\"ca-pub-9424088931673893\"\n     data-ad-slot=\"5073510857\"><\/ins>\n<script async>\n     (adsbygoogle = window.adsbygoogle || []).push({});\n<\/script><\/div><\/div><\/div><\/div><\/div>\r\n\t\t\t\t\t\t\t                        <\/li>\r\n                                                                    <li class=\"zf-list_item\">\r\n                            <div class=\"zf-list_header\">\r\n                                <h3 id=\"7\" class=\"zf-list_title\">\r\n                                    <span class=\"zf-number\">7<\/span>\r\n                                    A chileiek naponta ak\u00e1r h\u00e1romszor is zuhanyoznak.                                <\/h3>\r\n                            <\/div>\r\n\t\t\t\t\t\t\t\t\t\t\t\t\t\t\t<figure class=\"zf-list_media zf-media-wrapper zf-image zf-type-image\">\r\n\t\t\t\t\t\t\t\t\t<div title=\"A chileiek naponta ak\u00e1r h\u00e1romszor is zuhanyoznak.\" alt=\"A chileiek naponta ak\u00e1r h\u00e1romszor is zuhanyoznak.\" class=\"zf-media\">\r\n\t\t\t\t\t\t\t\t\t\t<img width=\"728\" height=\"686\" src=\"https:\/\/liked.hu\/old\/wp-content\/uploads\/2021\/01\/18c25e50f5aa0558f1105adf17.jpg\" class=\"\" alt=\"18c25e50f5aa0558f1105adf17\" loading=\"lazy\" style=\"\" srcset=\"https:\/\/liked.hu\/old\/wp-content\/uploads\/2021\/01\/18c25e50f5aa0558f1105adf17.jpg 728w, https:\/\/liked.hu\/old\/wp-content\/uploads\/2021\/01\/18c25e50f5aa0558f1105adf17-300x283.jpg 300w, https:\/\/liked.hu\/old\/wp-content\/uploads\/2021\/01\/18c25e50f5aa0558f1105adf17-500x471.jpg 500w, https:\/\/liked.hu\/old\/wp-content\/uploads\/2021\/01\/18c25e50f5aa0558f1105adf17-360x339.jpg 360w\" sizes=\"(max-width: 728px) 100vw, 728px\" \/>\t\t\t\t\t\t\t\t\t\t\t<figcaption class=\"zf-figcaption\">\r\n                                                <cite><\/cite>\r\n\r\n                                                \t\t\t\t\t\t\t\t\t\t\t<\/figcaption>\r\n\t\t\t\t\t\t\t\t\t\t\t\t\t\t\t\t\t\t\t<\/div>\r\n\t\t\t\t\t\t\t\t\t<hr \/>\r\n\t\t\t\t\t\t\t\t<\/figure>\r\n\t\t\t\t\t\t\t\t\r\n\t\t\t\t\t\t\t\t\t\t\t\t\t\t\t<div class=\"zf-countdown_description\"><p>A chileiek nagyon \u00e9rz\u00e9kenyek a szem\u00e9lyes higi\u00e9ni\u00e1ra. Legt\u00f6bbj\u00fck irod\u00e1j\u00e1ban a fogkefe \u00e9s fogkr\u00e9m alap kell\u00e9knek sz\u00e1m\u00edt, \u00e9s minden \u00e9tkez\u00e9s vagy k\u00e1v\u00e9z\u00e1s ut\u00e1n haszn\u00e1lj\u00e1k is \u0151ket. A helyi emberek naponta \u00e1ltal\u00e1ban h\u00e1romszor zuhanyoznak, ami meglep\u0151, hiszen a tisztas\u00e1g ir\u00e1nti szeretet\u00fck ellen\u00e9re p\u00e9ld\u00e1ul im\u00e1dnak utcai cip\u0151ben s\u00e9t\u00e1lni a h\u00e1zban.<\/p><\/div>\r\n\t\t\t\t\t\t\t                        <\/li>\r\n                                                                    <li class=\"zf-list_item\">\r\n                            <div class=\"zf-list_header\">\r\n                                <h3 id=\"6\" class=\"zf-list_title\">\r\n                                    <span class=\"zf-number\">6<\/span>\r\n                                    A chileiek alig esznek valamit vacsor\u00e1ra.                                <\/h3>\r\n                            <\/div>\r\n\t\t\t\t\t\t\t\t\t\t\t\t\t\t\t<figure class=\"zf-list_media zf-media-wrapper zf-image zf-type-image\">\r\n\t\t\t\t\t\t\t\t\t<div title=\"A chileiek alig esznek valamit vacsor\u00e1ra.\" alt=\"A chileiek alig esznek valamit vacsor\u00e1ra.\" class=\"zf-media\">\r\n\t\t\t\t\t\t\t\t\t\t<img width=\"728\" height=\"339\" src=\"https:\/\/liked.hu\/old\/wp-content\/uploads\/2021\/01\/Chile-vacsora.jpg\" class=\"\" alt=\"Chile vacsora\" loading=\"lazy\" style=\"\" srcset=\"https:\/\/liked.hu\/old\/wp-content\/uploads\/2021\/01\/Chile-vacsora.jpg 728w, https:\/\/liked.hu\/old\/wp-content\/uploads\/2021\/01\/Chile-vacsora-300x140.jpg 300w, https:\/\/liked.hu\/old\/wp-content\/uploads\/2021\/01\/Chile-vacsora-500x233.jpg 500w, https:\/\/liked.hu\/old\/wp-content\/uploads\/2021\/01\/Chile-vacsora-360x168.jpg 360w\" sizes=\"(max-width: 728px) 100vw, 728px\" \/>\t\t\t\t\t\t\t\t\t\t\t<figcaption class=\"zf-figcaption\">\r\n                                                <cite><\/cite>\r\n\r\n                                                \t\t\t\t\t\t\t\t\t\t\t<\/figcaption>\r\n\t\t\t\t\t\t\t\t\t\t\t\t\t\t\t\t\t\t\t<\/div>\r\n\t\t\t\t\t\t\t\t\t<hr \/>\r\n\t\t\t\t\t\t\t\t<\/figure>\r\n\t\t\t\t\t\t\t\t\r\n\t\t\t\t\t\t\t\t\t\t\t\t\t\t\t<div class=\"zf-countdown_description\"><p>A chileiek szerint a vacsora csak egy kieg\u00e9sz\u00edt\u0151 \u00e9tkez\u00e9s, ez\u00e9rt \u00e1ltal\u00e1ban ilyenkor csak sal\u00e1t\u00e1kat vagy egy\u00e9b apr\u00f3 harapnival\u00f3kat fogyasztanak. M\u00edg idehaza p\u00e9ld\u00e1ul a vacsora a nap egyik legfontosabb \u00e9tkez\u00e9se, Chil\u00e9ben ilyenkor csak te\u00e1znak vagy szendvicset esznek az emberek.<\/p><\/div>\r\n\t\t\t\t\t\t\t                        <\/li>\r\n                                                                        <\/ol>\r\n        <\/div>\r\n    <\/div>\r\n    <\/div>\r\n\r\n<!--nextpage--><div id=\"zombify-main-section-front\" class=\"zombify-main-section-front zombify-screen zf-media-full\">\r\n\t<link rel=\"stylesheet\" type=\"text\/css\" href=\"https:\/\/liked.hu\/old\/js\/zombify.css\">\r\n    <link rel=\"stylesheet\" type=\"text\/css\" href=\"https:\/\/liked.hu\/old\/wp-content\/themes\/newsy-child\/style.css\">\r\n\t<div class=\"zf-container\">\r\n\t\t<div id=\"zf-countdown\" class=\"zf-countdown zf-list zf-numbered\">\r\n\t\t\t<ol class=\"zf-structure-list\">\r\n\t\t\t\t                        <li class=\"zf-list_item\">\r\n                            <div class=\"zf-list_header\">\r\n                                <h3 id=\"5\" class=\"zf-list_title\">\r\n                                    <span class=\"zf-number\">5<\/span>\r\n                                    Chil\u00e9ben jobb, ha nem mondod, hogy rossz napod volt.                                <\/h3>\r\n                            <\/div>\r\n\t\t\t\t\t\t\t\t\t\t\t\t\t\t\t<figure class=\"zf-list_media zf-media-wrapper zf-image zf-type-image\">\r\n\t\t\t\t\t\t\t\t\t<div title=\"Chil\u00e9ben jobb, ha nem mondod, hogy rossz napod volt.\" alt=\"Chil\u00e9ben jobb, ha nem mondod, hogy rossz napod volt.\" class=\"zf-media\">\r\n\t\t\t\t\t\t\t\t\t\t<img width=\"728\" height=\"636\" src=\"https:\/\/liked.hu\/old\/wp-content\/uploads\/2021\/01\/48af7251d8b7957eeacd7b43dd.jpg\" class=\"\" alt=\"48af7251d8b7957eeacd7b43dd\" loading=\"lazy\" style=\"\" srcset=\"https:\/\/liked.hu\/old\/wp-content\/uploads\/2021\/01\/48af7251d8b7957eeacd7b43dd.jpg 728w, https:\/\/liked.hu\/old\/wp-content\/uploads\/2021\/01\/48af7251d8b7957eeacd7b43dd-300x262.jpg 300w, https:\/\/liked.hu\/old\/wp-content\/uploads\/2021\/01\/48af7251d8b7957eeacd7b43dd-500x437.jpg 500w, https:\/\/liked.hu\/old\/wp-content\/uploads\/2021\/01\/48af7251d8b7957eeacd7b43dd-360x315.jpg 360w\" sizes=\"(max-width: 728px) 100vw, 728px\" \/>\t\t\t\t\t\t\t\t\t\t\t<figcaption class=\"zf-figcaption\">\r\n                                                <cite><\/cite>\r\n\r\n                                                \t\t\t\t\t\t\t\t\t\t\t<\/figcaption>\r\n\t\t\t\t\t\t\t\t\t\t\t\t\t\t\t\t\t\t\t<\/div>\r\n\t\t\t\t\t\t\t\t\t<hr \/>\r\n\t\t\t\t\t\t\t\t<\/figure>\r\n\t\t\t\t\t\t\t\t\r\n\t\t\t\t\t\t\t\t\t\t\t\t\t\t\t<div class=\"zf-countdown_description\"><p>Sz\u00e1munkra teljesen term\u00e9szetes, hogy a rossz hangulatunkr\u00f3l vagy a munkahelyi probl\u00e9m\u00e1inkr\u00f3l panaszkodjunk a bar\u00e1tainknak, de ebben az orsz\u00e1gban nem szok\u00e1s az ilyesmi. A chileiek nem osztj\u00e1k meg az ilyet, mivel igyekeznek ker\u00fclni minden negat\u00edv hozz\u00e1\u00e1ll\u00e1st \u00e9s \u00e9rzelmet.<\/p><\/div>\r\n\t\t\t\t\t\t\t                        <\/li>\r\n                                                                    <li class=\"zf-list_item\">\r\n                            <div class=\"zf-list_header\">\r\n                                <h3 id=\"4\" class=\"zf-list_title\">\r\n                                    <span class=\"zf-number\">4<\/span>\r\n                                    Sokan meglep\u0151en melegen \u00f6lt\u00f6znek.                                <\/h3>\r\n                            <\/div>\r\n\t\t\t\t\t\t\t\t\t\t\t\t\t\t\t<figure class=\"zf-list_media zf-media-wrapper zf-image zf-type-image\">\r\n\t\t\t\t\t\t\t\t\t<div title=\"Sokan meglep\u0151en melegen \u00f6lt\u00f6znek.\" alt=\"Sokan meglep\u0151en melegen \u00f6lt\u00f6znek.\" class=\"zf-media\">\r\n\t\t\t\t\t\t\t\t\t\t<img width=\"728\" height=\"709\" src=\"https:\/\/liked.hu\/old\/wp-content\/uploads\/2021\/01\/Chilei-oltozkodes.jpg\" class=\"\" alt=\"Chilei oltozkodes\" loading=\"lazy\" style=\"\" srcset=\"https:\/\/liked.hu\/old\/wp-content\/uploads\/2021\/01\/Chilei-oltozkodes.jpg 728w, https:\/\/liked.hu\/old\/wp-content\/uploads\/2021\/01\/Chilei-oltozkodes-300x292.jpg 300w, https:\/\/liked.hu\/old\/wp-content\/uploads\/2021\/01\/Chilei-oltozkodes-500x487.jpg 500w, https:\/\/liked.hu\/old\/wp-content\/uploads\/2021\/01\/Chilei-oltozkodes-360x351.jpg 360w\" sizes=\"(max-width: 728px) 100vw, 728px\" \/>\t\t\t\t\t\t\t\t\t\t\t<figcaption class=\"zf-figcaption\">\r\n                                                <cite><\/cite>\r\n\r\n                                                \t\t\t\t\t\t\t\t\t\t\t<\/figcaption>\r\n\t\t\t\t\t\t\t\t\t\t\t\t\t\t\t\t\t\t\t<\/div>\r\n\t\t\t\t\t\t\t\t\t<hr \/>\r\n\t\t\t\t\t\t\t\t<\/figure>\r\n\t\t\t\t\t\t\t\t\r\n\t\t\t\t\t\t\t\t\t\t\t\t\t\t\t<div class=\"zf-countdown_description\"><p>Amikor a h\u0151m&eacute;rs&eacute;klet el&eacute;ri a 30 &deg;C-ot, akkor idehaza &aacute;ltal&aacute;ban m&aacute;r csak a legsz&uuml;ks&eacute;gesebb ruhadarabokat h&uacute;zzuk magunkra, a chileiek azonban m&aacute;sk&eacute;pp &aacute;llnak ehhez hozz&aacute;. \u0150k ilyenkor is gyakran farmernadr&aacute;gokban vagy lenge pul&oacute;verekben j&aacute;rnak, &eacute;s teljesen term&eacute;szetes sz&aacute;mukra az ilyesmi.<\/p><p style=\"text-align: center\">\n<div style=\"float:none;margin:0px 0 0px 0;text-align:center;\">\n<div class=\"mobileHideke8\"><div class=\"hirdeteshatter\"><div style=\"display: inline-block;width: 50%;min-width:340px;vertical-align: top;\"><div class=\"hirdetes\">HIRDET\u00c9S<\/div>\n<!-- LikedQ81 -->\n<ins class=\"adsbygoogle\"\n     style=\"display:inline-block;width:336px;height:280px\"\n     data-ad-client=\"ca-pub-9424088931673893\"\n     data-ad-slot=\"2436840276\"><\/ins>\n<script async>\n     (adsbygoogle = window.adsbygoogle || []).push({});\n<\/script><\/div><div style=\"display: inline-block;width: 50%;min-width:340px;vertical-align: top;\"><div class=\"hirdetes\">HIRDET\u00c9S<\/div>\n<!-- LikedQ82 -->\n<ins class=\"adsbygoogle\"\n     style=\"display:inline-block;width:336px;height:280px\"\n     data-ad-client=\"ca-pub-9424088931673893\"\n     data-ad-slot=\"3558350253\"><\/ins>\n<script async>\n     (adsbygoogle = window.adsbygoogle || []).push({});\n<\/script><\/div><\/div><\/div>\n<div style=\"display:flex;flex-direction:column;\"><div class=\"mobileShowka8 nyolc\"><div style=\"padding-top:15px;padding-bottom:5px;min-height: 300px;\"><div class=\"hirdetes\">HIRDET\u00c9S<\/div>\n<!-- LikedQ8M -->\n<ins class=\"adsbygoogle\"\n     style=\"display:inline-block;width:336px;height:280px\"\n     data-ad-client=\"ca-pub-9424088931673893\"\n     data-ad-slot=\"4679860235\"><\/ins>\n<script async>\n     (adsbygoogle = window.adsbygoogle || []).push({});\n<\/script><\/div><\/div><\/div><\/div><\/div>\r\n\t\t\t\t\t\t\t                        <\/li>\r\n                                                                    <li class=\"zf-list_item\">\r\n                            <div class=\"zf-list_header\">\r\n                                <h3 id=\"3\" class=\"zf-list_title\">\r\n                                    <span class=\"zf-number\">3<\/span>\r\n                                    Nem haszn\u00e1lnak paplanhuzatot.                                <\/h3>\r\n                            <\/div>\r\n\t\t\t\t\t\t\t\t\t\t\t\t\t\t\t<figure class=\"zf-list_media zf-media-wrapper zf-image zf-type-image\">\r\n\t\t\t\t\t\t\t\t\t<div title=\"Nem haszn\u00e1lnak paplanhuzatot.\" alt=\"Nem haszn\u00e1lnak paplanhuzatot.\" class=\"zf-media\">\r\n\t\t\t\t\t\t\t\t\t\t<img width=\"728\" height=\"546\" src=\"https:\/\/liked.hu\/old\/wp-content\/uploads\/2021\/01\/fb7aa65b61ae8e012b28214eb8.jpg\" class=\"\" alt=\"fb7aa65b61ae8e012b28214eb8\" loading=\"lazy\" style=\"\" srcset=\"https:\/\/liked.hu\/old\/wp-content\/uploads\/2021\/01\/fb7aa65b61ae8e012b28214eb8.jpg 728w, https:\/\/liked.hu\/old\/wp-content\/uploads\/2021\/01\/fb7aa65b61ae8e012b28214eb8-300x225.jpg 300w, https:\/\/liked.hu\/old\/wp-content\/uploads\/2021\/01\/fb7aa65b61ae8e012b28214eb8-500x375.jpg 500w, https:\/\/liked.hu\/old\/wp-content\/uploads\/2021\/01\/fb7aa65b61ae8e012b28214eb8-200x150.jpg 200w, https:\/\/liked.hu\/old\/wp-content\/uploads\/2021\/01\/fb7aa65b61ae8e012b28214eb8-360x270.jpg 360w\" sizes=\"(max-width: 728px) 100vw, 728px\" \/>\t\t\t\t\t\t\t\t\t\t\t<figcaption class=\"zf-figcaption\">\r\n                                                <cite><\/cite>\r\n\r\n                                                \t\t\t\t\t\t\t\t\t\t\t<\/figcaption>\r\n\t\t\t\t\t\t\t\t\t\t\t\t\t\t\t\t\t\t\t<\/div>\r\n\t\t\t\t\t\t\t\t\t<hr \/>\r\n\t\t\t\t\t\t\t\t<\/figure>\r\n\t\t\t\t\t\t\t\t\r\n\t\t\t\t\t\t\t\t\t\t\t\t\t\t\t<div class=\"zf-countdown_description\"><p>Helyett egyszer\u0171en egy leped\u0151vel takarj&aacute;k le p&eacute;ld&aacute;ul a takar&oacute;t, &eacute;s m&eacute;g a leghidegebb h&oacute;napokban sem h&uacute;znak huzatot az egy&eacute;bk&eacute;nt olykor nyirkos &eacute;s hideg p&aacute;rn&aacute;kra &eacute;s paplanokra, mivel zavar&oacute;nak &eacute;s feleslegesnek tartj&aacute;k.<\/p><\/div>\r\n\t\t\t\t\t\t\t                        <\/li>\r\n                                                                    <li class=\"zf-list_item\">\r\n                            <div class=\"zf-list_header\">\r\n                                <h3 id=\"2\" class=\"zf-list_title\">\r\n                                    <span class=\"zf-number\">2<\/span>\r\n                                    A f\u00e9rfiakkal ellent\u00e9tben a n\u0151k nem tartj\u00e1k be az irodai \u00f6lt\u00f6zk\u00f6d\u00e9s szab\u00e1lyait.                                <\/h3>\r\n                            <\/div>\r\n\t\t\t\t\t\t\t\t\t\t\t\t\t\t\t<figure class=\"zf-list_media zf-media-wrapper zf-image zf-type-image\">\r\n\t\t\t\t\t\t\t\t\t<div title=\"A f\u00e9rfiakkal ellent\u00e9tben a n\u0151k nem tartj\u00e1k be az irodai \u00f6lt\u00f6zk\u00f6d\u00e9s szab\u00e1lyait.\" alt=\"A f\u00e9rfiakkal ellent\u00e9tben a n\u0151k nem tartj\u00e1k be az irodai \u00f6lt\u00f6zk\u00f6d\u00e9s szab\u00e1lyait.\" class=\"zf-media\">\r\n\t\t\t\t\t\t\t\t\t\t<img width=\"728\" height=\"379\" src=\"https:\/\/liked.hu\/old\/wp-content\/uploads\/2021\/01\/Irodai-oltozkodes.jpg\" class=\"\" alt=\"Irodai oltozkodes\" loading=\"lazy\" style=\"\" srcset=\"https:\/\/liked.hu\/old\/wp-content\/uploads\/2021\/01\/Irodai-oltozkodes.jpg 728w, https:\/\/liked.hu\/old\/wp-content\/uploads\/2021\/01\/Irodai-oltozkodes-300x156.jpg 300w, https:\/\/liked.hu\/old\/wp-content\/uploads\/2021\/01\/Irodai-oltozkodes-500x260.jpg 500w, https:\/\/liked.hu\/old\/wp-content\/uploads\/2021\/01\/Irodai-oltozkodes-360x187.jpg 360w\" sizes=\"(max-width: 728px) 100vw, 728px\" \/>\t\t\t\t\t\t\t\t\t\t\t<figcaption class=\"zf-figcaption\">\r\n                                                <cite><\/cite>\r\n\r\n                                                \t\t\t\t\t\t\t\t\t\t\t<\/figcaption>\r\n\t\t\t\t\t\t\t\t\t\t\t\t\t\t\t\t\t\t\t<\/div>\r\n\t\t\t\t\t\t\t\t\t<hr \/>\r\n\t\t\t\t\t\t\t\t<\/figure>\r\n\t\t\t\t\t\t\t\t\r\n\t\t\t\t\t\t\t\t\t\t\t\t\t\t\t<div class=\"zf-countdown_description\"><p>Az irodai &ouml;lt&ouml;zk&ouml;d&eacute;si szab&aacute;lyok sokkal ink&aacute;bb a f&eacute;rfiakra, mintsem a n\u0151kre vonatkoznak. Am&iacute;g a f&eacute;rfiaknak szigor&uacute;an &ouml;lt&ouml;nyben kell megjelenni&uuml;k a munkahely&uuml;k&ouml;n, addig a n\u0151k szabadon &ouml;lt&ouml;zk&ouml;dhetnek, &eacute;s teljesen term&eacute;szetesnek veszik p&eacute;ld&aacute;ul a nyitott fels\u0151k vagy cip\u0151k visel&eacute;s&eacute;t.<\/p><\/div>\r\n\t\t\t\t\t\t\t                        <\/li>\r\n                                                                    <li class=\"zf-list_item\">\r\n                            <div class=\"zf-list_header\">\r\n                                <h3 id=\"1\" class=\"zf-list_title\">\r\n                                    <span class=\"zf-number\">1<\/span>\r\n                                    A chileiek v\u00e9c\u00e9pap\u00edrtart\u00f3ban tartj\u00e1k az extra tekercseket.                                <\/h3>\r\n                            <\/div>\r\n\t\t\t\t\t\t\t\t\t\t\t\t\t\t\t<figure class=\"zf-list_media zf-media-wrapper zf-image zf-type-image\">\r\n\t\t\t\t\t\t\t\t\t<div title=\"A chileiek v\u00e9c\u00e9pap\u00edrtart\u00f3ban tartj\u00e1k az extra tekercseket.\" alt=\"A chileiek v\u00e9c\u00e9pap\u00edrtart\u00f3ban tartj\u00e1k az extra tekercseket.\" class=\"zf-media\">\r\n\t\t\t\t\t\t\t\t\t\t<img width=\"728\" height=\"353\" src=\"https:\/\/liked.hu\/old\/wp-content\/uploads\/2021\/01\/WCpapir-tarto.jpg\" class=\"\" alt=\"WCpapir tarto\" loading=\"lazy\" style=\"\" srcset=\"https:\/\/liked.hu\/old\/wp-content\/uploads\/2021\/01\/WCpapir-tarto.jpg 728w, https:\/\/liked.hu\/old\/wp-content\/uploads\/2021\/01\/WCpapir-tarto-300x145.jpg 300w, https:\/\/liked.hu\/old\/wp-content\/uploads\/2021\/01\/WCpapir-tarto-500x242.jpg 500w, https:\/\/liked.hu\/old\/wp-content\/uploads\/2021\/01\/WCpapir-tarto-360x175.jpg 360w\" sizes=\"(max-width: 728px) 100vw, 728px\" \/>\t\t\t\t\t\t\t\t\t\t\t<figcaption class=\"zf-figcaption\">\r\n                                                <cite><\/cite>\r\n\r\n                                                \t\t\t\t\t\t\t\t\t\t\t<\/figcaption>\r\n\t\t\t\t\t\t\t\t\t\t\t\t\t\t\t\t\t\t\t<\/div>\r\n\t\t\t\t\t\t\t\t\t<hr \/>\r\n\t\t\t\t\t\t\t\t<\/figure>\r\n\t\t\t\t\t\t\t\t\r\n\t\t\t\t\t\t\t\t\t\t\t\t\t\t\t<div class=\"zf-countdown_description\"><p>Sok m&aacute;s orsz&aacute;ghoz hasonl&oacute;an Chil&eacute;ben sem szok&aacute;s leh&uacute;zni a pap&iacute;rt a v&eacute;c&eacute;n - erre mindig van egy k&uuml;l&ouml;n szemetes. A m&aacute;sik dolog, ami azonnal szemet sz&uacute;rhat egy chilei v&eacute;c&eacute;ben, az a speci&aacute;lis v&eacute;c&eacute;pap&iacute;rtart&oacute;, \u0151k ilyenben t&aacute;rolj&aacute;k a gurig&aacute;gak.<\/p><\/div>\r\n\t\t\t\t\t\t\t                        <\/li>\r\n                                                                        <\/ol>\r\n        <\/div>\r\n    <\/div>\r\n    <\/div>\n","protected":false},"excerpt":{"rendered":"<p>Chile a vil\u00e1g egyik legk\u00fcl\u00f6nlegesebb orsz\u00e1ga, \u00e9s nemcsak a szokatlan f\u00f6ldrajzi jellemz\u0151i miatt. Csak\u00fagy, mint minden m\u00e1s orsz\u00e1gban, az itt \u00e9l\u0151 embereknek is megvannak a maguk kultur\u00e1lis jellegzetess\u00e9geik, melyek \u00e1ltal\u00e1ban nagy meglepet\u00e9sk\u00e9nt szokt\u00e1k \u00e9rni az ide l\u00e1togat\u00f3 turist\u00e1kat. N\u00e9mely szok\u00e1suk annyira szokatlan, hogy m\u00e9g a legtapasztaltabb utaz\u00f3kat is k\u00f6nnyed\u00e9n \u00f6sszezavarj\u00e1k. A Liked.hu-n\u00e1l \u00fagy d\u00f6nt\u00f6tt\u00fcnk, hogy [&hellip;]<\/p>\n","protected":false},"author":1,"featured_media":236502,"comment_status":"open","ping_status":"closed","sticky":false,"template":"","format":"standard","meta":{"buzzeditor_post_format":""},"categories":[23],"tags":[9026,1971],"yoast_head":"<!-- This site is optimized with the Yoast SEO plugin v19.6.1 - https:\/\/yoast.com\/wordpress\/plugins\/seo\/ -->\n<title>11 meglep\u0151 t\u00e9ny Chil\u00e9r\u0151l, amik a helyi embereken k\u00edv\u00fcl mindenkit egyform\u00e1n \u00f6sszezavarnak<\/title>\n<meta name=\"description\" content=\"Chile a vil\u00e1g egyik legk\u00fcl\u00f6nlegesebb orsz\u00e1ga, \u00e9s nemcsak a szokatlan f\u00f6ldrajzi jellemz\u0151i miatt. Csak\u00fagy, mint minden m\u00e1s orsz\u00e1gban, az itt \u00e9l\u0151 embereknek\" \/>\n<meta name=\"robots\" content=\"index, follow, max-snippet:-1, max-image-preview:large, max-video-preview:-1\" \/>\n<link rel=\"canonical\" href=\"https:\/\/liked.hu\/old\/erdekes\/11-meglepo-teny-chilerol-amik-a-helyi-embereken-kivul-mindenkit-egyforman-osszezavarnak\/\" \/>\n<link rel=\"next\" href=\"https:\/\/liked.hu\/old\/erdekes\/11-meglepo-teny-chilerol-amik-a-helyi-embereken-kivul-mindenkit-egyforman-osszezavarnak\/2\/\" \/>\n<meta property=\"og:locale\" content=\"hu_HU\" \/>\n<meta property=\"og:type\" content=\"article\" \/>\n<meta property=\"og:title\" content=\"11 meglep\u0151 t\u00e9ny Chil\u00e9r\u0151l, amik a helyi embereken k\u00edv\u00fcl mindenkit egyform\u00e1n \u00f6sszezavarnak\" \/>\n<meta property=\"og:description\" content=\"Chile a vil\u00e1g egyik legk\u00fcl\u00f6nlegesebb orsz\u00e1ga, \u00e9s nemcsak a szokatlan f\u00f6ldrajzi jellemz\u0151i miatt. Csak\u00fagy, mint minden m\u00e1s orsz\u00e1gban, az itt \u00e9l\u0151 embereknek\" \/>\n<meta property=\"og:url\" content=\"https:\/\/liked.hu\/old\/erdekes\/11-meglepo-teny-chilerol-amik-a-helyi-embereken-kivul-mindenkit-egyforman-osszezavarnak\/\" \/>\n<meta property=\"og:site_name\" content=\"Liked.hu\" \/>\n<meta property=\"article:publisher\" content=\"https:\/\/www.facebook.com\/liked.hu\" \/>\n<meta property=\"article:author\" content=\"https:\/\/facebook.com\/liked.hu\" \/>\n<meta property=\"article:published_time\" content=\"2021-01-04T10:46:00+00:00\" \/>\n<meta property=\"article:modified_time\" content=\"2021-01-04T10:46:46+00:00\" \/>\n<meta property=\"og:image\" content=\"https:\/\/liked.hu\/old\/wp-content\/uploads\/2021\/01\/Chilei-dolgok.jpg\" \/>\n\t<meta property=\"og:image:width\" content=\"1200\" \/>\n\t<meta property=\"og:image:height\" content=\"630\" \/>\n\t<meta property=\"og:image:type\" content=\"image\/jpeg\" \/>\n<meta name=\"author\" content=\"VictorN.\" \/>\n<meta name=\"twitter:card\" content=\"summary\" \/>\n<meta name=\"twitter:creator\" content=\"@https:\/\/twitter.com\/likedhu\" \/>\n<meta name=\"twitter:site\" content=\"@LikedHu\" \/>\n<meta name=\"twitter:label1\" content=\"Szerz\u0151:\" \/>\n\t<meta name=\"twitter:data1\" content=\"VictorN.\" \/>\n\t<meta name=\"twitter:label2\" content=\"Becs\u00fclt olvas\u00e1si id\u0151\" \/>\n\t<meta name=\"twitter:data2\" content=\"1 perc\" \/>\n<script type=\"application\/ld+json\" class=\"yoast-schema-graph\">{\"@context\":\"https:\/\/schema.org\",\"@graph\":[{\"@type\":\"Article\",\"@id\":\"https:\/\/liked.hu\/old\/erdekes\/11-meglepo-teny-chilerol-amik-a-helyi-embereken-kivul-mindenkit-egyforman-osszezavarnak\/#article\",\"isPartOf\":{\"@id\":\"https:\/\/liked.hu\/old\/erdekes\/11-meglepo-teny-chilerol-amik-a-helyi-embereken-kivul-mindenkit-egyforman-osszezavarnak\/\"},\"author\":{\"name\":\"VictorN.\",\"@id\":\"https:\/\/liked.hu\/old\/#\/schema\/person\/02fa522b959d0531c9c34b0d531a7464\"},\"headline\":\"11 meglep\u0151 t\u00e9ny Chil\u00e9r\u0151l, amik a helyi embereken k\u00edv\u00fcl mindenkit egyform\u00e1n \u00f6sszezavarnak\",\"datePublished\":\"2021-01-04T10:46:00+00:00\",\"dateModified\":\"2021-01-04T10:46:46+00:00\",\"mainEntityOfPage\":{\"@id\":\"https:\/\/liked.hu\/old\/erdekes\/11-meglepo-teny-chilerol-amik-a-helyi-embereken-kivul-mindenkit-egyforman-osszezavarnak\/\"},\"wordCount\":155,\"commentCount\":6,\"publisher\":{\"@id\":\"https:\/\/liked.hu\/old\/#organization\"},\"keywords\":[\"chile\",\"orsz\u00e1g\"],\"articleSection\":[\"\u00c9rdekess\u00e9gek\"],\"inLanguage\":\"hu\",\"potentialAction\":[{\"@type\":\"CommentAction\",\"name\":\"Comment\",\"target\":[\"https:\/\/liked.hu\/old\/erdekes\/11-meglepo-teny-chilerol-amik-a-helyi-embereken-kivul-mindenkit-egyforman-osszezavarnak\/#respond\"]}]},{\"@type\":\"WebPage\",\"@id\":\"https:\/\/liked.hu\/old\/erdekes\/11-meglepo-teny-chilerol-amik-a-helyi-embereken-kivul-mindenkit-egyforman-osszezavarnak\/\",\"url\":\"https:\/\/liked.hu\/old\/erdekes\/11-meglepo-teny-chilerol-amik-a-helyi-embereken-kivul-mindenkit-egyforman-osszezavarnak\/\",\"name\":\"11 meglep\u0151 t\u00e9ny Chil\u00e9r\u0151l, amik a helyi embereken k\u00edv\u00fcl mindenkit egyform\u00e1n \u00f6sszezavarnak\",\"isPartOf\":{\"@id\":\"https:\/\/liked.hu\/old\/#website\"},\"datePublished\":\"2021-01-04T10:46:00+00:00\",\"dateModified\":\"2021-01-04T10:46:46+00:00\",\"description\":\"Chile a vil\u00e1g egyik legk\u00fcl\u00f6nlegesebb orsz\u00e1ga, \u00e9s nemcsak a szokatlan f\u00f6ldrajzi jellemz\u0151i miatt. Csak\u00fagy, mint minden m\u00e1s orsz\u00e1gban, az itt \u00e9l\u0151 embereknek\",\"breadcrumb\":{\"@id\":\"https:\/\/liked.hu\/old\/erdekes\/11-meglepo-teny-chilerol-amik-a-helyi-embereken-kivul-mindenkit-egyforman-osszezavarnak\/#breadcrumb\"},\"inLanguage\":\"hu\",\"potentialAction\":[{\"@type\":\"ReadAction\",\"target\":[\"https:\/\/liked.hu\/old\/erdekes\/11-meglepo-teny-chilerol-amik-a-helyi-embereken-kivul-mindenkit-egyforman-osszezavarnak\/\"]}]},{\"@type\":\"BreadcrumbList\",\"@id\":\"https:\/\/liked.hu\/old\/erdekes\/11-meglepo-teny-chilerol-amik-a-helyi-embereken-kivul-mindenkit-egyforman-osszezavarnak\/#breadcrumb\",\"itemListElement\":[{\"@type\":\"ListItem\",\"position\":1,\"name\":\"Kezd\u0151lap\"}]},{\"@type\":\"WebSite\",\"@id\":\"https:\/\/liked.hu\/old\/#website\",\"url\":\"https:\/\/liked.hu\/old\/\",\"name\":\"Liked.hu\",\"description\":\"\",\"publisher\":{\"@id\":\"https:\/\/liked.hu\/old\/#organization\"},\"potentialAction\":[{\"@type\":\"SearchAction\",\"target\":{\"@type\":\"EntryPoint\",\"urlTemplate\":\"https:\/\/liked.hu\/old\/?s={search_term_string}\"},\"query-input\":\"required name=search_term_string\"}],\"inLanguage\":\"hu\"},{\"@type\":\"Organization\",\"@id\":\"https:\/\/liked.hu\/old\/#organization\",\"name\":\"Liked.hu\",\"url\":\"https:\/\/liked.hu\/old\/\",\"sameAs\":[\"https:\/\/hu.pinterest.com\/likedhungary\/\",\"https:\/\/www.youtube.com\/channel\/UCPv91dbMoIukYcM9b9nHN6Q\",\"https:\/\/www.facebook.com\/liked.hu\",\"https:\/\/twitter.com\/LikedHu\"],\"logo\":{\"@type\":\"ImageObject\",\"inLanguage\":\"hu\",\"@id\":\"https:\/\/liked.hu\/old\/#\/schema\/logo\/image\/\",\"url\":\"https:\/\/liked.hu\/wp-content\/uploads\/2018\/08\/Liked-icon.png\",\"contentUrl\":\"https:\/\/liked.hu\/wp-content\/uploads\/2018\/08\/Liked-icon.png\",\"width\":512,\"height\":512,\"caption\":\"Liked.hu\"},\"image\":{\"@id\":\"https:\/\/liked.hu\/old\/#\/schema\/logo\/image\/\"}},{\"@type\":\"Person\",\"@id\":\"https:\/\/liked.hu\/old\/#\/schema\/person\/02fa522b959d0531c9c34b0d531a7464\",\"name\":\"VictorN.\",\"image\":{\"@type\":\"ImageObject\",\"inLanguage\":\"hu\",\"@id\":\"https:\/\/liked.hu\/old\/#\/schema\/person\/image\/\",\"url\":\"https:\/\/liked.hu\/old\/wp-content\/uploads\/avatars\/1\/1683660043-bpfull.jpg\",\"contentUrl\":\"https:\/\/liked.hu\/old\/wp-content\/uploads\/avatars\/1\/1683660043-bpfull.jpg\",\"caption\":\"VictorN.\"},\"description\":\"A Liked.hu szerkeszt\u0151je vagyok, m\u00e1r az id\u0151k kezdete \u00f3ta. Szabadid\u0151mben Jedi lovag \u00e9s Pok\u00e9mester. Puszilom \u00e9desany\u00e1mat.\",\"sameAs\":[\"https:\/\/liked.hu\",\"https:\/\/facebook.com\/liked.hu\",\"https:\/\/www.instagram.com\/likedhu\/\",\"https:\/\/pinterest.com\/likedhu\",\"https:\/\/twitter.com\/https:\/\/twitter.com\/likedhu\",\"https:\/\/www.youtube.com\/channel\/UCPv91dbMoIukYcM9b9nHN6Q\"],\"url\":\"https:\/\/liked.hu\/old\/u\/victorn\/\"}]}<\/script>\n<!-- \/ Yoast SEO plugin. -->","yoast_head_json":{"title":"11 meglep\u0151 t\u00e9ny Chil\u00e9r\u0151l, amik a helyi embereken k\u00edv\u00fcl mindenkit egyform\u00e1n \u00f6sszezavarnak","description":"Chile a vil\u00e1g egyik legk\u00fcl\u00f6nlegesebb orsz\u00e1ga, \u00e9s nemcsak a szokatlan f\u00f6ldrajzi jellemz\u0151i miatt. Csak\u00fagy, mint minden m\u00e1s orsz\u00e1gban, az itt \u00e9l\u0151 embereknek","robots":{"index":"index","follow":"follow","max-snippet":"max-snippet:-1","max-image-preview":"max-image-preview:large","max-video-preview":"max-video-preview:-1"},"canonical":"https:\/\/liked.hu\/old\/erdekes\/11-meglepo-teny-chilerol-amik-a-helyi-embereken-kivul-mindenkit-egyforman-osszezavarnak\/","next":"https:\/\/liked.hu\/old\/erdekes\/11-meglepo-teny-chilerol-amik-a-helyi-embereken-kivul-mindenkit-egyforman-osszezavarnak\/2\/","og_locale":"hu_HU","og_type":"article","og_title":"11 meglep\u0151 t\u00e9ny Chil\u00e9r\u0151l, amik a helyi embereken k\u00edv\u00fcl mindenkit egyform\u00e1n \u00f6sszezavarnak","og_description":"Chile a vil\u00e1g egyik legk\u00fcl\u00f6nlegesebb orsz\u00e1ga, \u00e9s nemcsak a szokatlan f\u00f6ldrajzi jellemz\u0151i miatt. Csak\u00fagy, mint minden m\u00e1s orsz\u00e1gban, az itt \u00e9l\u0151 embereknek","og_url":"https:\/\/liked.hu\/old\/erdekes\/11-meglepo-teny-chilerol-amik-a-helyi-embereken-kivul-mindenkit-egyforman-osszezavarnak\/","og_site_name":"Liked.hu","article_publisher":"https:\/\/www.facebook.com\/liked.hu","article_author":"https:\/\/facebook.com\/liked.hu","article_published_time":"2021-01-04T10:46:00+00:00","article_modified_time":"2021-01-04T10:46:46+00:00","og_image":[{"width":1200,"height":630,"url":"https:\/\/liked.hu\/old\/wp-content\/uploads\/2021\/01\/Chilei-dolgok.jpg","type":"image\/jpeg"}],"author":"VictorN.","twitter_card":"summary","twitter_creator":"@https:\/\/twitter.com\/likedhu","twitter_site":"@LikedHu","twitter_misc":{"Szerz\u0151:":"VictorN.","Becs\u00fclt olvas\u00e1si id\u0151":"1 perc"},"schema":{"@context":"https:\/\/schema.org","@graph":[{"@type":"Article","@id":"https:\/\/liked.hu\/old\/erdekes\/11-meglepo-teny-chilerol-amik-a-helyi-embereken-kivul-mindenkit-egyforman-osszezavarnak\/#article","isPartOf":{"@id":"https:\/\/liked.hu\/old\/erdekes\/11-meglepo-teny-chilerol-amik-a-helyi-embereken-kivul-mindenkit-egyforman-osszezavarnak\/"},"author":{"name":"VictorN.","@id":"https:\/\/liked.hu\/old\/#\/schema\/person\/02fa522b959d0531c9c34b0d531a7464"},"headline":"11 meglep\u0151 t\u00e9ny Chil\u00e9r\u0151l, amik a helyi embereken k\u00edv\u00fcl mindenkit egyform\u00e1n \u00f6sszezavarnak","datePublished":"2021-01-04T10:46:00+00:00","dateModified":"2021-01-04T10:46:46+00:00","mainEntityOfPage":{"@id":"https:\/\/liked.hu\/old\/erdekes\/11-meglepo-teny-chilerol-amik-a-helyi-embereken-kivul-mindenkit-egyforman-osszezavarnak\/"},"wordCount":155,"commentCount":6,"publisher":{"@id":"https:\/\/liked.hu\/old\/#organization"},"keywords":["chile","orsz\u00e1g"],"articleSection":["\u00c9rdekess\u00e9gek"],"inLanguage":"hu","potentialAction":[{"@type":"CommentAction","name":"Comment","target":["https:\/\/liked.hu\/old\/erdekes\/11-meglepo-teny-chilerol-amik-a-helyi-embereken-kivul-mindenkit-egyforman-osszezavarnak\/#respond"]}]},{"@type":"WebPage","@id":"https:\/\/liked.hu\/old\/erdekes\/11-meglepo-teny-chilerol-amik-a-helyi-embereken-kivul-mindenkit-egyforman-osszezavarnak\/","url":"https:\/\/liked.hu\/old\/erdekes\/11-meglepo-teny-chilerol-amik-a-helyi-embereken-kivul-mindenkit-egyforman-osszezavarnak\/","name":"11 meglep\u0151 t\u00e9ny Chil\u00e9r\u0151l, amik a helyi embereken k\u00edv\u00fcl mindenkit egyform\u00e1n \u00f6sszezavarnak","isPartOf":{"@id":"https:\/\/liked.hu\/old\/#website"},"datePublished":"2021-01-04T10:46:00+00:00","dateModified":"2021-01-04T10:46:46+00:00","description":"Chile a vil\u00e1g egyik legk\u00fcl\u00f6nlegesebb orsz\u00e1ga, \u00e9s nemcsak a szokatlan f\u00f6ldrajzi jellemz\u0151i miatt. Csak\u00fagy, mint minden m\u00e1s orsz\u00e1gban, az itt \u00e9l\u0151 embereknek","breadcrumb":{"@id":"https:\/\/liked.hu\/old\/erdekes\/11-meglepo-teny-chilerol-amik-a-helyi-embereken-kivul-mindenkit-egyforman-osszezavarnak\/#breadcrumb"},"inLanguage":"hu","potentialAction":[{"@type":"ReadAction","target":["https:\/\/liked.hu\/old\/erdekes\/11-meglepo-teny-chilerol-amik-a-helyi-embereken-kivul-mindenkit-egyforman-osszezavarnak\/"]}]},{"@type":"BreadcrumbList","@id":"https:\/\/liked.hu\/old\/erdekes\/11-meglepo-teny-chilerol-amik-a-helyi-embereken-kivul-mindenkit-egyforman-osszezavarnak\/#breadcrumb","itemListElement":[{"@type":"ListItem","position":1,"name":"Kezd\u0151lap"}]},{"@type":"WebSite","@id":"https:\/\/liked.hu\/old\/#website","url":"https:\/\/liked.hu\/old\/","name":"Liked.hu","description":"","publisher":{"@id":"https:\/\/liked.hu\/old\/#organization"},"potentialAction":[{"@type":"SearchAction","target":{"@type":"EntryPoint","urlTemplate":"https:\/\/liked.hu\/old\/?s={search_term_string}"},"query-input":"required name=search_term_string"}],"inLanguage":"hu"},{"@type":"Organization","@id":"https:\/\/liked.hu\/old\/#organization","name":"Liked.hu","url":"https:\/\/liked.hu\/old\/","sameAs":["https:\/\/hu.pinterest.com\/likedhungary\/","https:\/\/www.youtube.com\/channel\/UCPv91dbMoIukYcM9b9nHN6Q","https:\/\/www.facebook.com\/liked.hu","https:\/\/twitter.com\/LikedHu"],"logo":{"@type":"ImageObject","inLanguage":"hu","@id":"https:\/\/liked.hu\/old\/#\/schema\/logo\/image\/","url":"https:\/\/liked.hu\/wp-content\/uploads\/2018\/08\/Liked-icon.png","contentUrl":"https:\/\/liked.hu\/wp-content\/uploads\/2018\/08\/Liked-icon.png","width":512,"height":512,"caption":"Liked.hu"},"image":{"@id":"https:\/\/liked.hu\/old\/#\/schema\/logo\/image\/"}},{"@type":"Person","@id":"https:\/\/liked.hu\/old\/#\/schema\/person\/02fa522b959d0531c9c34b0d531a7464","name":"VictorN.","image":{"@type":"ImageObject","inLanguage":"hu","@id":"https:\/\/liked.hu\/old\/#\/schema\/person\/image\/","url":"https:\/\/liked.hu\/old\/wp-content\/uploads\/avatars\/1\/1683660043-bpfull.jpg","contentUrl":"https:\/\/liked.hu\/old\/wp-content\/uploads\/avatars\/1\/1683660043-bpfull.jpg","caption":"VictorN."},"description":"A Liked.hu szerkeszt\u0151je vagyok, m\u00e1r az id\u0151k kezdete \u00f3ta. Szabadid\u0151mben Jedi lovag \u00e9s Pok\u00e9mester. Puszilom \u00e9desany\u00e1mat.","sameAs":["https:\/\/liked.hu","https:\/\/facebook.com\/liked.hu","https:\/\/www.instagram.com\/likedhu\/","https:\/\/pinterest.com\/likedhu","https:\/\/twitter.com\/https:\/\/twitter.com\/likedhu","https:\/\/www.youtube.com\/channel\/UCPv91dbMoIukYcM9b9nHN6Q"],"url":"https:\/\/liked.hu\/old\/u\/victorn\/"}]}},"publishpress_future_action":{"enabled":false,"date":"1970-01-01 01:00:00","action":"","terms":[],"taxonomy":"","browser_timezone_offset":0},"_links":{"self":[{"href":"https:\/\/liked.hu\/old\/wp-json\/wp\/v2\/posts\/236494"}],"collection":[{"href":"https:\/\/liked.hu\/old\/wp-json\/wp\/v2\/posts"}],"about":[{"href":"https:\/\/liked.hu\/old\/wp-json\/wp\/v2\/types\/post"}],"author":[{"embeddable":true,"href":"https:\/\/liked.hu\/old\/wp-json\/wp\/v2\/users\/1"}],"replies":[{"embeddable":true,"href":"https:\/\/liked.hu\/old\/wp-json\/wp\/v2\/comments?post=236494"}],"version-history":[{"count":0,"href":"https:\/\/liked.hu\/old\/wp-json\/wp\/v2\/posts\/236494\/revisions"}],"wp:featuredmedia":[{"embeddable":true,"href":"https:\/\/liked.hu\/old\/wp-json\/wp\/v2\/media\/236502"}],"wp:attachment":[{"href":"https:\/\/liked.hu\/old\/wp-json\/wp\/v2\/media?parent=236494"}],"wp:term":[{"taxonomy":"category","embeddable":true,"href":"https:\/\/liked.hu\/old\/wp-json\/wp\/v2\/categories?post=236494"},{"taxonomy":"post_tag","embeddable":true,"href":"https:\/\/liked.hu\/old\/wp-json\/wp\/v2\/tags?post=236494"}],"curies":[{"name":"wp","href":"https:\/\/api.w.org\/{rel}","templated":true}]}}