{"id":236317,"date":"2021-01-03T10:37:35","date_gmt":"2021-01-03T09:37:35","guid":{"rendered":"https:\/\/liked.hu\/old\/?p=236317"},"modified":"2021-01-03T10:37:35","modified_gmt":"2021-01-03T09:37:35","slug":"15-jel-ami-arra-utal-hogy-egy-szerettunk-veszelyben-van-es-talan-nem-is-tudunk-rola","status":"publish","type":"post","link":"https:\/\/liked.hu\/old\/eletmod\/15-jel-ami-arra-utal-hogy-egy-szerettunk-veszelyben-van-es-talan-nem-is-tudunk-rola\/","title":{"rendered":"15+ jel, ami arra utal, hogy egy szerett\u00fcnk vesz\u00e9lyben van, \u00e9s tal\u00e1n nem is tudunk r\u00f3la"},"content":{"rendered":"<p>B\u00e1rmennyire is megb\u00edzunk a minket k\u00f6r\u00fclvev\u0151 emberekben, vannak olyan titkok, melyeket m\u00e9g a legk\u00f6zelebbi hozz\u00e1tartoz\u00f3inkkal sem, vagy csak nagyon ritk\u00e1n osztunk meg. A legt\u00f6bb ember ugyanis sz\u00e9gyelli bevallani, ha depresszi\u00f3s, er\u0151szakos kapcsolatban \u00e9l valakivel vagy \u00e9pp p\u00e9nz\u00fcgyi neh\u00e9zs\u00e9gekkel k\u00fcszk\u00f6dik. Egy figyelmes bar\u00e1t vagy csal\u00e1dtag azonban szavak n\u00e9lk\u00fcl is k\u00e9pes lehet \u00e9szrevenni, ha valami nem stimmel a sz\u00e1m\u00e1ra fontos szem\u00e9llyel.<\/p>\n<p style=\"text-align: center;\">\n<div style=\"float:none;margin:0px 0 0px 0;text-align:center;\">\n<div class=\"mobileShowkakettes\"><div class=\"mobileShowka2\"><div style=\"padding-top:0px;padding-bottom:15px;min-height: 300px;\"><div class=\"hirdetes\">HIRDET\u00c9S<\/div>\n<!-- 300lista -->\n<ins class=\"adsbygoogle\"\n     style=\"display:inline-block;width:300px;height:250px\"\n     data-ad-client=\"ca-pub-9424088931673893\"\n     data-ad-slot=\"8471340766\"><\/ins>\n<script async>\n     (adsbygoogle = window.adsbygoogle || []).push({});\n<\/script><\/div><\/div><\/div><\/div>\n<p>A <strong>Liked.hu<\/strong>-n\u00e1l most megpr\u00f3b\u00e1ltuk \u00f6sszegy\u0171jteni a leggyakoribb jeleket, melyek seg\u00edts\u00e9g\u00e9vel f\u00e9nyt der\u00edthet\u00fcnk r\u00e1, ha az egyik bar\u00e1tunk vagy szerett\u00fcnk \u00e9let\u00e9ben olyan probl\u00e9ma ad\u00f3dik, melyeket nem sz\u00edvesen oszt meg a k\u00fclvil\u00e1ggal.<\/p>\n<h2 style=\"text-align: center;\">Er\u0151szakos p\u00e1rkapcsolat<\/h2>\n<p><img loading=\"lazy\" class=\"aligncenter size-full wp-image-236321\" src=\"https:\/\/liked.hu\/old\/wp-content\/uploads\/2021\/01\/Parkapcsolati-problemak.jpg\" alt=\"P\u00e1rkapcsolati probl\u00e9m\u00e1k\" width=\"728\" height=\"505\" srcset=\"https:\/\/liked.hu\/old\/wp-content\/uploads\/2021\/01\/Parkapcsolati-problemak.jpg 728w, https:\/\/liked.hu\/old\/wp-content\/uploads\/2021\/01\/Parkapcsolati-problemak-300x208.jpg 300w, https:\/\/liked.hu\/old\/wp-content\/uploads\/2021\/01\/Parkapcsolati-problemak-500x347.jpg 500w, https:\/\/liked.hu\/old\/wp-content\/uploads\/2021\/01\/Parkapcsolati-problemak-360x250.jpg 360w\" sizes=\"(max-width: 728px) 100vw, 728px\" \/><\/p>\n<ul>\n<li class=\"cikk\">Dr\u00e1mai h\u00edz\u00e1s vagy \u00e9pp fogy\u00e1s &#8211; ez annak a jele, hogy az adott illet\u0151 folyamatos stresszhelyzetben van.<\/li>\n<li class=\"cikk\">A b\u00e1ntalmazott szem\u00e9ly hirtelen felmondhat a munkahely\u00e9n vagy otthagyhatja az iskol\u00e1j\u00e1t, mivel a partnere megpr\u00f3b\u00e1lja korl\u00e1tozni a cselekv\u00e9si szabads\u00e1g\u00e1t.<\/li>\n<li class=\"cikk\">A b\u00e1ntalmaz\u00f3k szeretik titokban megal\u00e1zni az \u00e1ldozataikat, ezt pedig sokszor egy viccnek \u00e1lc\u00e1zva teszik a nyilv\u00e1noss\u00e1g el\u0151tt. P\u00e9ld\u00e1ul, az &#8222;k\u00f6v\u00e9r vagy, mint egy malac&#8221; kifejez\u00e9s, lehet, hogy nem csak \u00e1rtatlan tr\u00e9fa.<\/li>\n<li class=\"cikk\">Egy m\u00e1sik jel a folyamatos telefonhaszn\u00e1lat. P\u00e9ld\u00e1ul egy n\u0151 kisz\u00e1ll s\u00e9t\u00e1lni a bar\u00e1taival, de le sem tudja tenni a mobilj\u00e1t, mivel azonnal \u00e9rkezik egy \u00fczenet vagy h\u00edv\u00e1s, hogy hol van \u00e9s mit csin\u00e1l. Ez egy\u00e9rtelm\u0171 jele annak, hogy a partnere ir\u00e1ny\u00edtja \u0151t.<\/li>\n<\/ul>\n<p style=\"text-align: center;\">\n<div style=\"float:none;margin:0px 0 0px 0;text-align:center;\">\n<div class=\"mobileHideke5\"><div style=\"margin-top:25px;\"><div class=\"hirdeteshatter\"><div style=\"display: inline-block;width: 50%;min-width:305px;vertical-align: top;\"><div class=\"hirdetes\">HIRDET\u00c9S<\/div>\n<!-- LikedQ51 -->\n<ins class=\"adsbygoogle\"\n     style=\"display:inline-block;width:300px;height:250px\"\n     data-ad-client=\"ca-pub-9424088931673893\"\n     data-ad-slot=\"8284063326\"><\/ins>\n<script async>\n     (adsbygoogle = window.adsbygoogle || []).push({});\n<\/script><\/div><div style=\"display: inline-block;width: 50%;min-width:305px;vertical-align: top;\"><div class=\"hirdetes\">HIRDET\u00c9S<\/div>\n<!-- LikedQ52 -->\n<ins class=\"adsbygoogle\"\n     style=\"display:inline-block;width:300px;height:250px\"\n     data-ad-client=\"ca-pub-9424088931673893\"\n     data-ad-slot=\"2840164950\"><\/ins>\n<script async>\n     (adsbygoogle = window.adsbygoogle || []).push({});\n<\/script><\/div><\/div><\/div><\/div>\n<div style=\"display:flex;flex-direction:column;\"><div class=\"mobileShowka5\"><div style=\"padding-top:10px;padding-bottom:10px;min-height: 300px;\"><div class=\"hirdetes\">HIRDET\u00c9S<\/div>\n<!-- LikedQ5M -->\n<ins class=\"adsbygoogle\"\n     style=\"display:inline-block;width:300px;height:250px\"\n     data-ad-client=\"ca-pub-9424088931673893\"\n     data-ad-slot=\"9022429928\"><\/ins>\n<script async>\n     (adsbygoogle = window.adsbygoogle || []).push({});\n<\/script><\/div><\/div><\/div><\/div>\n<h2 style=\"text-align: center;\">Ev\u00e9szavar<\/h2>\n<p><img loading=\"lazy\" class=\"aligncenter size-full wp-image-236320\" src=\"https:\/\/liked.hu\/old\/wp-content\/uploads\/2021\/01\/Eveszavar.jpg\" alt=\"Ev\u00e9szavar\" width=\"728\" height=\"728\" srcset=\"https:\/\/liked.hu\/old\/wp-content\/uploads\/2021\/01\/Eveszavar.jpg 728w, https:\/\/liked.hu\/old\/wp-content\/uploads\/2021\/01\/Eveszavar-150x150.jpg 150w, https:\/\/liked.hu\/old\/wp-content\/uploads\/2021\/01\/Eveszavar-300x300.jpg 300w, https:\/\/liked.hu\/old\/wp-content\/uploads\/2021\/01\/Eveszavar-500x500.jpg 500w, https:\/\/liked.hu\/old\/wp-content\/uploads\/2021\/01\/Eveszavar-360x360.jpg 360w, https:\/\/liked.hu\/old\/wp-content\/uploads\/2021\/01\/Eveszavar-350x350.jpg 350w\" sizes=\"(max-width: 728px) 100vw, 728px\" \/><\/p>\n<ul>\n<li class=\"cikk\">A hosszan tart\u00f3 b\u00f6jt\u00f6l\u00e9snek k\u00f6sz\u00f6nhet\u0151en a testet pih\u00e9s sz\u0151r bor\u00edthatja be &#8211; ezt lanug\u00f3nak h\u00edvj\u00e1k. Az ilyen pelyhes sz\u0151r \u00e1ltal\u00e1ban a karokon, a mellkason, a h\u00e1ton \u00e9s az arcon jelenik meg, k\u00f6sz\u00f6nhet\u0151en annak a t\u00e9nynek, hogy a test \u00edgy pr\u00f3b\u00e1lja meg fenntartani a h\u0151m\u00e9rs\u00e9klet\u00e9t akkor, amikor nem jut el\u00e9g kal\u00f3ri\u00e1hoz a term\u00e9szetes felmeleged\u00e9shez.<\/li>\n<li class=\"cikk\">Hirtelen v\u00e1logat\u00f3ss\u00e1 v\u00e1lik az \u00e9telek ter\u00e9n. Ez k\u00fcl\u00f6n\u00f6sen a serd\u00fcl\u0151 gyerekekn\u00e9l figyelhet\u0151 meg. Ha a gyermeked v\u00e1ratlanul \u00fagy d\u00f6nt, hogy veget\u00e1ri\u00e1nus lesz, vagy m\u00e1r nem \u00edzlik neki a kedvenc pizz\u00e1ja, akkor \u00e9rdemes alaposabban odafigyelned r\u00e1.<\/li>\n<li class=\"cikk\">Az ev\u00e9szavarral k\u00fczd\u0151 szem\u00e9ly ugyan nem ker\u00fcli el a bar\u00e1ti \u00f6sszej\u00f6veteleket vagy vacsor\u00e1kat, de p\u00e9ld\u00e1ul felt\u0171n\u0151en &#8222;j\u00e1tszik&#8221; az \u00e9tellel, esetleg a t\u00e1ny\u00e9r sz\u00e9l\u00e9re tolja bizonyos r\u00e9szeit, vagy \u00e9pp a mellette \u00fcl\u0151nek, esetleg a h\u00e1zban l\u00e9v\u0151 h\u00e1zi\u00e1llatnak adja az \u00e9tel\u00e9t.<\/li>\n<li class=\"cikk\">Az ilyen emberek sokszor egy\u00e9bk\u00e9nt szeretnek f\u0151zni \u00e9s \u00f6r\u00f6mmel csin\u00e1lj\u00e1k, \u00e1m felt\u0171n\u0151 m\u00f3don \u0151k maguk nem esznek, vagy csak alig bel\u0151le.<\/li>\n<\/ul>\n<h2 style=\"text-align: center;\">Depresszi\u00f3<\/h2>\n<p><img loading=\"lazy\" class=\"aligncenter size-full wp-image-236319\" src=\"https:\/\/liked.hu\/old\/wp-content\/uploads\/2021\/01\/Depresszio.jpg\" alt=\"Depresszi\u00f3\" width=\"728\" height=\"671\" srcset=\"https:\/\/liked.hu\/old\/wp-content\/uploads\/2021\/01\/Depresszio.jpg 728w, https:\/\/liked.hu\/old\/wp-content\/uploads\/2021\/01\/Depresszio-300x277.jpg 300w, https:\/\/liked.hu\/old\/wp-content\/uploads\/2021\/01\/Depresszio-500x461.jpg 500w, https:\/\/liked.hu\/old\/wp-content\/uploads\/2021\/01\/Depresszio-360x332.jpg 360w\" sizes=\"(max-width: 728px) 100vw, 728px\" \/><\/p>\n<ul>\n<li class=\"cikk\">Van egy olyan fogalom, hogy &#8222;mosolyg\u00f3 depresszi\u00f3&#8221;. \u00cdgy h\u00edvjuk azt, amikor a t\u00e1rsas\u00e1gban l\u00e9v\u0151 ember eg\u00e9szs\u00e9gesnek \u00e9s boldognak t\u0171nik, folyamatosan mosolyog \u00e9s \u00e1ltal\u00e1ban a t\u0151le megszokott m\u00f3don viselkedik. Csak akkor lehet meg\u00e9rteni, hogy valami nincs rendben, ha alaposan megfigyelj\u00fck: hossz\u00fat\u00e1von ugyanis meglehet\u0151sen neh\u00e9z fenntartani az er\u0151ltetett boldogs\u00e1got, \u00e9s az &#8222;el\u00e9gedetts\u00e9g maszk&#8221; n\u00e9ha lecs\u00faszik az arcr\u00f3l.<\/li>\n<li class=\"cikk\">A h\u00e9tk\u00f6znapi probl\u00e9m\u00e1k t\u00falzott \u00e9rtelmi kit\u00f6r\u00e9seket okozhatnak egy depresszi\u00f3s embern\u00e9l. A depresszi\u00f3s ember ugyanis nem \u00e9li az \u00e9letet, hanem csak egyszer\u0171en megpr\u00f3b\u00e1lja \u00e1tv\u00e9szelni az adott napot. Min\u00e9l nagyobb a depresszi\u00f3, ann\u00e1l nagyobb k\u00e9ts\u00e9gbees\u00e9st tud okozni m\u00e9g a legapr\u00f3bb, egy\u00e9bk\u00e9nt h\u00e9tk\u00f6znapi probl\u00e9ma is.<\/li>\n<li class=\"cikk\">Koncentr\u00e1ci\u00f3s \u00e9s mem\u00f3riazavarok &#8211; egy depresszi\u00f3s ember sz\u00e1m\u00e1ra neh\u00e9z a d\u00f6nt\u00e9shoz\u00e1s.<\/li>\n<li class=\"cikk\">A depresszi\u00f3 befoly\u00e1solja az alv\u00e1s min\u0151s\u00e9g\u00e9t, ez\u00e9rt az illet\u0151 folyamatosan aludni szeretne, vagy \u00e9pp ellenkez\u0151leg, nagyon keveset alszik.<\/li>\n<li class=\"cikk\">Lass\u00fas\u00e1g figyelhet\u0151 meg az illet\u0151n\u00e9l: a gyalogl\u00e1s \u00fcteme lelassul, a mozdulatok hosszabb\u00e1 v\u00e1lnak, \u00e9s az adott szem\u00e9ly elk\u00e9sik a k\u00fcl\u00f6nf\u00e9le tal\u00e1lkoz\u00f3kr\u00f3l.<\/li>\n<\/ul>\n<p style=\"text-align: center;\">\n<div style=\"float:none;margin:0px 0 0px 0;text-align:center;\">\n<div class=\"mobileHideke8\"><div style=\"margin-top:25px;\"><div class=\"hirdeteshatter\"><div style=\"display: inline-block;width: 50%;min-width:340px;vertical-align: top;\"><div class=\"hirdetes\">HIRDET\u00c9S<\/div>\n<!-- Liked7Q1 -->\n<ins class=\"adsbygoogle\"\n     style=\"display:inline-block;width:336px;height:280px\"\n     data-ad-client=\"ca-pub-9424088931673893\"\n     data-ad-slot=\"3022062587\"><\/ins>\n<script async>\n     (adsbygoogle = window.adsbygoogle || []).push({});\n<\/script><\/div><div style=\"display: inline-block;width: 50%;min-width:340px;vertical-align: top;\"><div class=\"hirdetes\">HIRDET\u00c9S<\/div>\n<!-- Liked7Q2 -->\n<ins class=\"adsbygoogle\"\n     style=\"display:inline-block;width:336px;height:280px\"\n     data-ad-client=\"ca-pub-9424088931673893\"\n     data-ad-slot=\"3952000871\"><\/ins>\n<script async>\n     (adsbygoogle = window.adsbygoogle || []).push({});\n<\/script><\/div><\/div><\/div><\/div>\n<div style=\"display:flex;flex-direction:column;\"><div class=\"mobileShowka8\"><div style=\"padding-top:15px;margin-bottom:15px;min-height: 300px;\"><div class=\"hirdetes\">HIRDET\u00c9S<\/div>\n<!-- Liked7QMobil -->\n<ins class=\"adsbygoogle\"\n     style=\"display:inline-block;width:336px;height:280px\"\n     data-ad-client=\"ca-pub-9424088931673893\"\n     data-ad-slot=\"5073510857\"><\/ins>\n<script async>\n     (adsbygoogle = window.adsbygoogle || []).push({});\n<\/script><\/div><\/div><\/div><\/div>\n<h2 style=\"text-align: center;\">Ad\u00f3ss\u00e1gok, p\u00e9nz\u00fcgyi probl\u00e9m\u00e1k<\/h2>\n<p><img loading=\"lazy\" class=\"aligncenter size-full wp-image-236318\" src=\"https:\/\/liked.hu\/old\/wp-content\/uploads\/2021\/01\/Penzugyi-problemak.jpg\" alt=\"P\u00e9nz\u00fcgyi probl\u00e9m\u00e1k\" width=\"728\" height=\"728\" srcset=\"https:\/\/liked.hu\/old\/wp-content\/uploads\/2021\/01\/Penzugyi-problemak.jpg 728w, https:\/\/liked.hu\/old\/wp-content\/uploads\/2021\/01\/Penzugyi-problemak-150x150.jpg 150w, https:\/\/liked.hu\/old\/wp-content\/uploads\/2021\/01\/Penzugyi-problemak-300x300.jpg 300w, https:\/\/liked.hu\/old\/wp-content\/uploads\/2021\/01\/Penzugyi-problemak-500x500.jpg 500w, https:\/\/liked.hu\/old\/wp-content\/uploads\/2021\/01\/Penzugyi-problemak-360x360.jpg 360w, https:\/\/liked.hu\/old\/wp-content\/uploads\/2021\/01\/Penzugyi-problemak-350x350.jpg 350w\" sizes=\"(max-width: 728px) 100vw, 728px\" \/><\/p>\n<ul>\n<li class=\"cikk\">A legegy\u00e9rtelm\u0171bb jel: amikor valaki t\u00f6megk\u00f6zleked\u00e9ssel kezd el k\u00f6zlekedni, b\u00e1r saj\u00e1t aut\u00f3ja van. Ez arra utalhat, hogy az illet\u0151 k\u00e9ts\u00e9gbeesetten pr\u00f3b\u00e1l meg sp\u00f3rolni, ahogy csak lehet.<\/li>\n<li class=\"cikk\">Egy m\u00e1sik figyelmeztet\u00e9s a h\u00edv\u00e1sok figyelmen k\u00edv\u00fcl hagy\u00e1sa &#8211; telefonon \u00e9s kaputelefonon egyar\u00e1nt. Az emberek sokszor az\u00e9rt nem reag\u00e1lnak a h\u00edv\u00e1sra vagy a cs\u00f6nget\u00e9sre, mert azt hiszik, hogy a behajt\u00f3k keresik \u0151ket.<\/li>\n<li class=\"cikk\">Az ad\u00f3ss\u00e1gban \u00e9l\u0151 ember gyakran rengeteg p\u00e9nzt k\u00f6lt olyan dolgokra, melyek n\u00e9lk\u00fcl egy\u00e9bk\u00e9nt k\u00f6nnyed\u00e9n meglenne. P\u00e9ld\u00e1ul m\u00e1rk\u00e1s ruh\u00e1kat vagy t\u00e1rgyakra. Az ilyen emberek nagy val\u00f3sz\u00edn\u0171s\u00e9ggel \u00e1t\u00e9ltek valamit a k\u00f6zelm\u00faltban, ami hat\u00e1ssal lehet a p\u00e9nz\u00fcgyi gondolkod\u00e1sukra &#8211; p\u00e9ld\u00e1ul esk\u00fcv\u0151, gyermek sz\u00fclet\u00e9s, betegs\u00e9g vagy munkahelyi elbocs\u00e1t\u00e1s.<\/li>\n<li class=\"cikk\">Ha a p\u00e9nz\u00fcgyi probl\u00e9m\u00e1k el\u00e9rik a cs\u00facsot, az illet\u0151 dr\u00e1mai m\u00f3don megv\u00e1ltoztathatja a p\u00e9nz\u00fcgyi szok\u00e1sait: cs\u00f6kkenti a kiad\u00e1sait, vagy \u00e9pp ellenkez\u0151leg, n\u00f6veli azokat.<\/li>\n<li class=\"cikk\">Az ilyen emberek ker\u00fclik a p\u00e9nzr\u0151l val\u00f3 besz\u00e9lget\u00e9st, m\u00e9g akkor is, ha nem az \u0151 p\u00e9nz\u00fckr\u0151l van sz\u00f3. Amint valaki a k\u00f6rnyezet\u00e9ben p\u00e9nz\u00fcgyi befektet\u00e9sekr\u0151l vagy p\u00e9ld\u00e1ul lak\u00e1sv\u00e1s\u00e1rl\u00e1sr\u00f3l kezd besz\u00e9lni, azonnal \u00e9rdektelens\u00e9get mutat, \u00e9s megpr\u00f3b\u00e1lja m\u00e1s t\u00e9m\u00e1ra terelni a besz\u00e9lget\u00e9st.<\/li>\n<\/ul>\n","protected":false},"excerpt":{"rendered":"<p>B\u00e1rmennyire is megb\u00edzunk a minket k\u00f6r\u00fclvev\u0151 emberekben, vannak olyan titkok, melyeket m\u00e9g a legk\u00f6zelebbi hozz\u00e1tartoz\u00f3inkkal sem, vagy csak nagyon ritk\u00e1n osztunk meg. A legt\u00f6bb ember ugyanis sz\u00e9gyelli bevallani, ha depresszi\u00f3s, er\u0151szakos kapcsolatban \u00e9l valakivel vagy \u00e9pp p\u00e9nz\u00fcgyi neh\u00e9zs\u00e9gekkel k\u00fcszk\u00f6dik. Egy figyelmes bar\u00e1t vagy csal\u00e1dtag azonban szavak n\u00e9lk\u00fcl is k\u00e9pes lehet \u00e9szrevenni, ha valami nem stimmel [&hellip;]<\/p>\n","protected":false},"author":13,"featured_media":236322,"comment_status":"open","ping_status":"closed","sticky":false,"template":"","format":"standard","meta":{"buzzeditor_post_format":""},"categories":[49],"tags":[547,2500],"yoast_head":"<!-- This site is optimized with the Yoast SEO plugin v19.6.1 - https:\/\/yoast.com\/wordpress\/plugins\/seo\/ -->\n<title>15+ jel, ami arra utal, hogy egy szerett\u00fcnk vesz\u00e9lyben van, \u00e9s tal\u00e1n nem is tudunk r\u00f3la<\/title>\n<meta name=\"description\" content=\"B\u00e1rmennyire is megb\u00edzunk a minket k\u00f6r\u00fclvev\u0151 emberekben, vannak olyan titkok, melyeket m\u00e9g a legk\u00f6zelebbi hozz\u00e1tartoz\u00f3inkkal sem, vagy csak nagyon ritk\u00e1n\" \/>\n<meta name=\"robots\" content=\"index, follow, max-snippet:-1, max-image-preview:large, max-video-preview:-1\" \/>\n<link rel=\"canonical\" href=\"https:\/\/liked.hu\/old\/eletmod\/15-jel-ami-arra-utal-hogy-egy-szerettunk-veszelyben-van-es-talan-nem-is-tudunk-rola\/\" \/>\n<meta property=\"og:locale\" content=\"hu_HU\" \/>\n<meta property=\"og:type\" content=\"article\" \/>\n<meta property=\"og:title\" content=\"15+ jel, ami arra utal, hogy egy szerett\u00fcnk vesz\u00e9lyben van, \u00e9s tal\u00e1n nem is tudunk r\u00f3la\" \/>\n<meta property=\"og:description\" content=\"B\u00e1rmennyire is megb\u00edzunk a minket k\u00f6r\u00fclvev\u0151 emberekben, vannak olyan titkok, melyeket m\u00e9g a legk\u00f6zelebbi hozz\u00e1tartoz\u00f3inkkal sem, vagy csak nagyon ritk\u00e1n\" \/>\n<meta property=\"og:url\" content=\"https:\/\/liked.hu\/old\/eletmod\/15-jel-ami-arra-utal-hogy-egy-szerettunk-veszelyben-van-es-talan-nem-is-tudunk-rola\/\" \/>\n<meta property=\"og:site_name\" content=\"Liked.hu\" \/>\n<meta property=\"article:publisher\" content=\"https:\/\/www.facebook.com\/liked.hu\" \/>\n<meta property=\"article:published_time\" content=\"2021-01-03T09:37:35+00:00\" \/>\n<meta property=\"og:image\" content=\"https:\/\/liked.hu\/old\/wp-content\/uploads\/2021\/01\/Szerettunk-veszelyben.jpg\" \/>\n\t<meta property=\"og:image:width\" content=\"1200\" \/>\n\t<meta property=\"og:image:height\" content=\"630\" \/>\n\t<meta property=\"og:image:type\" content=\"image\/jpeg\" \/>\n<meta name=\"author\" content=\"Klingstrom\" \/>\n<meta name=\"twitter:card\" content=\"summary\" \/>\n<meta name=\"twitter:creator\" content=\"@LikedHu\" \/>\n<meta name=\"twitter:site\" content=\"@LikedHu\" \/>\n<meta name=\"twitter:label1\" content=\"Szerz\u0151:\" \/>\n\t<meta name=\"twitter:data1\" content=\"Klingstrom\" \/>\n\t<meta name=\"twitter:label2\" content=\"Becs\u00fclt olvas\u00e1si id\u0151\" \/>\n\t<meta name=\"twitter:data2\" content=\"5 perc\" \/>\n<script type=\"application\/ld+json\" class=\"yoast-schema-graph\">{\"@context\":\"https:\/\/schema.org\",\"@graph\":[{\"@type\":\"Article\",\"@id\":\"https:\/\/liked.hu\/old\/eletmod\/15-jel-ami-arra-utal-hogy-egy-szerettunk-veszelyben-van-es-talan-nem-is-tudunk-rola\/#article\",\"isPartOf\":{\"@id\":\"https:\/\/liked.hu\/old\/eletmod\/15-jel-ami-arra-utal-hogy-egy-szerettunk-veszelyben-van-es-talan-nem-is-tudunk-rola\/\"},\"author\":{\"name\":\"Klingstrom\",\"@id\":\"https:\/\/liked.hu\/old\/#\/schema\/person\/1c8d3f8764991e8dcd6572a7de72da8a\"},\"headline\":\"15+ jel, ami arra utal, hogy egy szerett\u00fcnk vesz\u00e9lyben van, \u00e9s tal\u00e1n nem is tudunk r\u00f3la\",\"datePublished\":\"2021-01-03T09:37:35+00:00\",\"dateModified\":\"2021-01-03T09:37:35+00:00\",\"mainEntityOfPage\":{\"@id\":\"https:\/\/liked.hu\/old\/eletmod\/15-jel-ami-arra-utal-hogy-egy-szerettunk-veszelyben-van-es-talan-nem-is-tudunk-rola\/\"},\"wordCount\":1054,\"commentCount\":4,\"publisher\":{\"@id\":\"https:\/\/liked.hu\/old\/#organization\"},\"keywords\":[\"eg\u00e9szs\u00e9g\",\"tan\u00e1cs\"],\"articleSection\":[\"\u00c9letm\u00f3d\"],\"inLanguage\":\"hu\",\"potentialAction\":[{\"@type\":\"CommentAction\",\"name\":\"Comment\",\"target\":[\"https:\/\/liked.hu\/old\/eletmod\/15-jel-ami-arra-utal-hogy-egy-szerettunk-veszelyben-van-es-talan-nem-is-tudunk-rola\/#respond\"]}]},{\"@type\":\"WebPage\",\"@id\":\"https:\/\/liked.hu\/old\/eletmod\/15-jel-ami-arra-utal-hogy-egy-szerettunk-veszelyben-van-es-talan-nem-is-tudunk-rola\/\",\"url\":\"https:\/\/liked.hu\/old\/eletmod\/15-jel-ami-arra-utal-hogy-egy-szerettunk-veszelyben-van-es-talan-nem-is-tudunk-rola\/\",\"name\":\"15+ jel, ami arra utal, hogy egy szerett\u00fcnk vesz\u00e9lyben van, \u00e9s tal\u00e1n nem is tudunk r\u00f3la\",\"isPartOf\":{\"@id\":\"https:\/\/liked.hu\/old\/#website\"},\"datePublished\":\"2021-01-03T09:37:35+00:00\",\"dateModified\":\"2021-01-03T09:37:35+00:00\",\"description\":\"B\u00e1rmennyire is megb\u00edzunk a minket k\u00f6r\u00fclvev\u0151 emberekben, vannak olyan titkok, melyeket m\u00e9g a legk\u00f6zelebbi hozz\u00e1tartoz\u00f3inkkal sem, vagy csak nagyon ritk\u00e1n\",\"breadcrumb\":{\"@id\":\"https:\/\/liked.hu\/old\/eletmod\/15-jel-ami-arra-utal-hogy-egy-szerettunk-veszelyben-van-es-talan-nem-is-tudunk-rola\/#breadcrumb\"},\"inLanguage\":\"hu\",\"potentialAction\":[{\"@type\":\"ReadAction\",\"target\":[\"https:\/\/liked.hu\/old\/eletmod\/15-jel-ami-arra-utal-hogy-egy-szerettunk-veszelyben-van-es-talan-nem-is-tudunk-rola\/\"]}]},{\"@type\":\"BreadcrumbList\",\"@id\":\"https:\/\/liked.hu\/old\/eletmod\/15-jel-ami-arra-utal-hogy-egy-szerettunk-veszelyben-van-es-talan-nem-is-tudunk-rola\/#breadcrumb\",\"itemListElement\":[{\"@type\":\"ListItem\",\"position\":1,\"name\":\"Kezd\u0151lap\",\"item\":\"https:\/\/liked.hu\/old\/\"},{\"@type\":\"ListItem\",\"position\":2,\"name\":\"15+ jel, ami arra utal, hogy egy szerett\u00fcnk vesz\u00e9lyben van, \u00e9s tal\u00e1n nem is tudunk r\u00f3la\"}]},{\"@type\":\"WebSite\",\"@id\":\"https:\/\/liked.hu\/old\/#website\",\"url\":\"https:\/\/liked.hu\/old\/\",\"name\":\"Liked.hu\",\"description\":\"\",\"publisher\":{\"@id\":\"https:\/\/liked.hu\/old\/#organization\"},\"potentialAction\":[{\"@type\":\"SearchAction\",\"target\":{\"@type\":\"EntryPoint\",\"urlTemplate\":\"https:\/\/liked.hu\/old\/?s={search_term_string}\"},\"query-input\":\"required name=search_term_string\"}],\"inLanguage\":\"hu\"},{\"@type\":\"Organization\",\"@id\":\"https:\/\/liked.hu\/old\/#organization\",\"name\":\"Liked.hu\",\"url\":\"https:\/\/liked.hu\/old\/\",\"sameAs\":[\"https:\/\/hu.pinterest.com\/likedhungary\/\",\"https:\/\/www.youtube.com\/channel\/UCPv91dbMoIukYcM9b9nHN6Q\",\"https:\/\/www.facebook.com\/liked.hu\",\"https:\/\/twitter.com\/LikedHu\"],\"logo\":{\"@type\":\"ImageObject\",\"inLanguage\":\"hu\",\"@id\":\"https:\/\/liked.hu\/old\/#\/schema\/logo\/image\/\",\"url\":\"https:\/\/liked.hu\/wp-content\/uploads\/2018\/08\/Liked-icon.png\",\"contentUrl\":\"https:\/\/liked.hu\/wp-content\/uploads\/2018\/08\/Liked-icon.png\",\"width\":512,\"height\":512,\"caption\":\"Liked.hu\"},\"image\":{\"@id\":\"https:\/\/liked.hu\/old\/#\/schema\/logo\/image\/\"}},{\"@type\":\"Person\",\"@id\":\"https:\/\/liked.hu\/old\/#\/schema\/person\/1c8d3f8764991e8dcd6572a7de72da8a\",\"name\":\"Klingstrom\",\"image\":{\"@type\":\"ImageObject\",\"inLanguage\":\"hu\",\"@id\":\"https:\/\/liked.hu\/old\/#\/schema\/person\/image\/\",\"url\":\"https:\/\/liked.hu\/old\/wp-content\/uploads\/avatars\/13\/604de88bd578a-bpfull.jpg\",\"contentUrl\":\"https:\/\/liked.hu\/old\/wp-content\/uploads\/avatars\/13\/604de88bd578a-bpfull.jpg\",\"caption\":\"Klingstrom\"},\"url\":\"https:\/\/liked.hu\/old\/u\/klingstrom\/\"}]}<\/script>\n<!-- \/ Yoast SEO plugin. -->","yoast_head_json":{"title":"15+ jel, ami arra utal, hogy egy szerett\u00fcnk vesz\u00e9lyben van, \u00e9s tal\u00e1n nem is tudunk r\u00f3la","description":"B\u00e1rmennyire is megb\u00edzunk a minket k\u00f6r\u00fclvev\u0151 emberekben, vannak olyan titkok, melyeket m\u00e9g a legk\u00f6zelebbi hozz\u00e1tartoz\u00f3inkkal sem, vagy csak nagyon ritk\u00e1n","robots":{"index":"index","follow":"follow","max-snippet":"max-snippet:-1","max-image-preview":"max-image-preview:large","max-video-preview":"max-video-preview:-1"},"canonical":"https:\/\/liked.hu\/old\/eletmod\/15-jel-ami-arra-utal-hogy-egy-szerettunk-veszelyben-van-es-talan-nem-is-tudunk-rola\/","og_locale":"hu_HU","og_type":"article","og_title":"15+ jel, ami arra utal, hogy egy szerett\u00fcnk vesz\u00e9lyben van, \u00e9s tal\u00e1n nem is tudunk r\u00f3la","og_description":"B\u00e1rmennyire is megb\u00edzunk a minket k\u00f6r\u00fclvev\u0151 emberekben, vannak olyan titkok, melyeket m\u00e9g a legk\u00f6zelebbi hozz\u00e1tartoz\u00f3inkkal sem, vagy csak nagyon ritk\u00e1n","og_url":"https:\/\/liked.hu\/old\/eletmod\/15-jel-ami-arra-utal-hogy-egy-szerettunk-veszelyben-van-es-talan-nem-is-tudunk-rola\/","og_site_name":"Liked.hu","article_publisher":"https:\/\/www.facebook.com\/liked.hu","article_published_time":"2021-01-03T09:37:35+00:00","og_image":[{"width":1200,"height":630,"url":"https:\/\/liked.hu\/old\/wp-content\/uploads\/2021\/01\/Szerettunk-veszelyben.jpg","type":"image\/jpeg"}],"author":"Klingstrom","twitter_card":"summary","twitter_creator":"@LikedHu","twitter_site":"@LikedHu","twitter_misc":{"Szerz\u0151:":"Klingstrom","Becs\u00fclt olvas\u00e1si id\u0151":"5 perc"},"schema":{"@context":"https:\/\/schema.org","@graph":[{"@type":"Article","@id":"https:\/\/liked.hu\/old\/eletmod\/15-jel-ami-arra-utal-hogy-egy-szerettunk-veszelyben-van-es-talan-nem-is-tudunk-rola\/#article","isPartOf":{"@id":"https:\/\/liked.hu\/old\/eletmod\/15-jel-ami-arra-utal-hogy-egy-szerettunk-veszelyben-van-es-talan-nem-is-tudunk-rola\/"},"author":{"name":"Klingstrom","@id":"https:\/\/liked.hu\/old\/#\/schema\/person\/1c8d3f8764991e8dcd6572a7de72da8a"},"headline":"15+ jel, ami arra utal, hogy egy szerett\u00fcnk vesz\u00e9lyben van, \u00e9s tal\u00e1n nem is tudunk r\u00f3la","datePublished":"2021-01-03T09:37:35+00:00","dateModified":"2021-01-03T09:37:35+00:00","mainEntityOfPage":{"@id":"https:\/\/liked.hu\/old\/eletmod\/15-jel-ami-arra-utal-hogy-egy-szerettunk-veszelyben-van-es-talan-nem-is-tudunk-rola\/"},"wordCount":1054,"commentCount":4,"publisher":{"@id":"https:\/\/liked.hu\/old\/#organization"},"keywords":["eg\u00e9szs\u00e9g","tan\u00e1cs"],"articleSection":["\u00c9letm\u00f3d"],"inLanguage":"hu","potentialAction":[{"@type":"CommentAction","name":"Comment","target":["https:\/\/liked.hu\/old\/eletmod\/15-jel-ami-arra-utal-hogy-egy-szerettunk-veszelyben-van-es-talan-nem-is-tudunk-rola\/#respond"]}]},{"@type":"WebPage","@id":"https:\/\/liked.hu\/old\/eletmod\/15-jel-ami-arra-utal-hogy-egy-szerettunk-veszelyben-van-es-talan-nem-is-tudunk-rola\/","url":"https:\/\/liked.hu\/old\/eletmod\/15-jel-ami-arra-utal-hogy-egy-szerettunk-veszelyben-van-es-talan-nem-is-tudunk-rola\/","name":"15+ jel, ami arra utal, hogy egy szerett\u00fcnk vesz\u00e9lyben van, \u00e9s tal\u00e1n nem is tudunk r\u00f3la","isPartOf":{"@id":"https:\/\/liked.hu\/old\/#website"},"datePublished":"2021-01-03T09:37:35+00:00","dateModified":"2021-01-03T09:37:35+00:00","description":"B\u00e1rmennyire is megb\u00edzunk a minket k\u00f6r\u00fclvev\u0151 emberekben, vannak olyan titkok, melyeket m\u00e9g a legk\u00f6zelebbi hozz\u00e1tartoz\u00f3inkkal sem, vagy csak nagyon ritk\u00e1n","breadcrumb":{"@id":"https:\/\/liked.hu\/old\/eletmod\/15-jel-ami-arra-utal-hogy-egy-szerettunk-veszelyben-van-es-talan-nem-is-tudunk-rola\/#breadcrumb"},"inLanguage":"hu","potentialAction":[{"@type":"ReadAction","target":["https:\/\/liked.hu\/old\/eletmod\/15-jel-ami-arra-utal-hogy-egy-szerettunk-veszelyben-van-es-talan-nem-is-tudunk-rola\/"]}]},{"@type":"BreadcrumbList","@id":"https:\/\/liked.hu\/old\/eletmod\/15-jel-ami-arra-utal-hogy-egy-szerettunk-veszelyben-van-es-talan-nem-is-tudunk-rola\/#breadcrumb","itemListElement":[{"@type":"ListItem","position":1,"name":"Kezd\u0151lap","item":"https:\/\/liked.hu\/old\/"},{"@type":"ListItem","position":2,"name":"15+ jel, ami arra utal, hogy egy szerett\u00fcnk vesz\u00e9lyben van, \u00e9s tal\u00e1n nem is tudunk r\u00f3la"}]},{"@type":"WebSite","@id":"https:\/\/liked.hu\/old\/#website","url":"https:\/\/liked.hu\/old\/","name":"Liked.hu","description":"","publisher":{"@id":"https:\/\/liked.hu\/old\/#organization"},"potentialAction":[{"@type":"SearchAction","target":{"@type":"EntryPoint","urlTemplate":"https:\/\/liked.hu\/old\/?s={search_term_string}"},"query-input":"required name=search_term_string"}],"inLanguage":"hu"},{"@type":"Organization","@id":"https:\/\/liked.hu\/old\/#organization","name":"Liked.hu","url":"https:\/\/liked.hu\/old\/","sameAs":["https:\/\/hu.pinterest.com\/likedhungary\/","https:\/\/www.youtube.com\/channel\/UCPv91dbMoIukYcM9b9nHN6Q","https:\/\/www.facebook.com\/liked.hu","https:\/\/twitter.com\/LikedHu"],"logo":{"@type":"ImageObject","inLanguage":"hu","@id":"https:\/\/liked.hu\/old\/#\/schema\/logo\/image\/","url":"https:\/\/liked.hu\/wp-content\/uploads\/2018\/08\/Liked-icon.png","contentUrl":"https:\/\/liked.hu\/wp-content\/uploads\/2018\/08\/Liked-icon.png","width":512,"height":512,"caption":"Liked.hu"},"image":{"@id":"https:\/\/liked.hu\/old\/#\/schema\/logo\/image\/"}},{"@type":"Person","@id":"https:\/\/liked.hu\/old\/#\/schema\/person\/1c8d3f8764991e8dcd6572a7de72da8a","name":"Klingstrom","image":{"@type":"ImageObject","inLanguage":"hu","@id":"https:\/\/liked.hu\/old\/#\/schema\/person\/image\/","url":"https:\/\/liked.hu\/old\/wp-content\/uploads\/avatars\/13\/604de88bd578a-bpfull.jpg","contentUrl":"https:\/\/liked.hu\/old\/wp-content\/uploads\/avatars\/13\/604de88bd578a-bpfull.jpg","caption":"Klingstrom"},"url":"https:\/\/liked.hu\/old\/u\/klingstrom\/"}]}},"publishpress_future_action":{"enabled":false,"date":"1970-01-01 01:00:00","action":"","terms":[],"taxonomy":"","browser_timezone_offset":0},"_links":{"self":[{"href":"https:\/\/liked.hu\/old\/wp-json\/wp\/v2\/posts\/236317"}],"collection":[{"href":"https:\/\/liked.hu\/old\/wp-json\/wp\/v2\/posts"}],"about":[{"href":"https:\/\/liked.hu\/old\/wp-json\/wp\/v2\/types\/post"}],"author":[{"embeddable":true,"href":"https:\/\/liked.hu\/old\/wp-json\/wp\/v2\/users\/13"}],"replies":[{"embeddable":true,"href":"https:\/\/liked.hu\/old\/wp-json\/wp\/v2\/comments?post=236317"}],"version-history":[{"count":0,"href":"https:\/\/liked.hu\/old\/wp-json\/wp\/v2\/posts\/236317\/revisions"}],"wp:featuredmedia":[{"embeddable":true,"href":"https:\/\/liked.hu\/old\/wp-json\/wp\/v2\/media\/236322"}],"wp:attachment":[{"href":"https:\/\/liked.hu\/old\/wp-json\/wp\/v2\/media?parent=236317"}],"wp:term":[{"taxonomy":"category","embeddable":true,"href":"https:\/\/liked.hu\/old\/wp-json\/wp\/v2\/categories?post=236317"},{"taxonomy":"post_tag","embeddable":true,"href":"https:\/\/liked.hu\/old\/wp-json\/wp\/v2\/tags?post=236317"}],"curies":[{"name":"wp","href":"https:\/\/api.w.org\/{rel}","templated":true}]}}