{"id":234502,"date":"2020-11-28T10:41:06","date_gmt":"2020-11-28T09:41:06","guid":{"rendered":"https:\/\/liked.hu\/old\/?p=234502"},"modified":"2020-11-28T12:03:00","modified_gmt":"2020-11-28T11:03:00","slug":"ilyennek-latja-hazankat-egy-kulfoldi-aki-tobb-even-at-magyarorszagon-elt","status":"publish","type":"post","link":"https:\/\/liked.hu\/old\/erdekes\/ilyennek-latja-hazankat-egy-kulfoldi-aki-tobb-even-at-magyarorszagon-elt\/","title":{"rendered":"Ilyennek l\u00e1tja haz\u00e1nkat egy k\u00fclf\u00f6ldi, aki t\u00f6bb \u00e9ven \u00e1t Magyarorsz\u00e1gon \u00e9lt"},"content":{"rendered":"<p>Bizony\u00e1ra Ti is elgondolkoztatok m\u00e1r azon, hogy milyen lenne, ha turistak\u00e9nt \u00e9rkezn\u00e9nk Magyarorsz\u00e1gra. Mit n\u00e9zn\u00e9l meg el\u0151sz\u00f6r? Hogyan tekinten\u00e9l az orsz\u00e1g kult\u00far\u00e1j\u00e1ra \u00e9s mindennapi \u00e9let\u00e9re? Bar\u00e1ts\u00e1gosnak tartan\u00e1d az embereket? Sok m\u00e1s orsz\u00e1ghoz hasonl\u00f3an innen is \u00fagy t\u00e1vozn\u00e1l, hogy alig v\u00e1rod, hogy visszat\u00e9rj?<\/p>\n<p style=\"text-align: center;\">\n<div style=\"float:none;margin:0px 0 0px 0;text-align:center;\">\n<div class=\"mobileShowkakettes\"><div class=\"mobileShowka2\"><div style=\"padding-top:0px;padding-bottom:15px;min-height: 300px;\"><div class=\"hirdetes\">HIRDET\u00c9S<\/div>\n<!-- 300lista -->\n<ins class=\"adsbygoogle\"\n     style=\"display:inline-block;width:300px;height:250px\"\n     data-ad-client=\"ca-pub-9424088931673893\"\n     data-ad-slot=\"8471340766\"><\/ins>\n<script async>\n     (adsbygoogle = window.adsbygoogle || []).push({});\n<\/script><\/div><\/div><\/div><\/div>\n<p>A <strong>Liked.hu<\/strong>-n\u00e1l most egy orosz h\u00f6lgy <a href=\"https:\/\/liked.hu\/old\/kimeno.php?https:\/\/www.adme.ru\/svoboda-puteshestviya\/o-chem-ya-uznala-prozhiv-neskolko-let-v-vengrii-1808315\/\" target=\"_blank\" rel=\"noopener noreferrer\">t\u00f6rt\u00e9net\u00e9t<\/a> osztjuk meg veletek, aki n\u00e9h\u00e1ny \u00e9vvel ezel\u0151tt Magyarorsz\u00e1gon tanult, \u00e9s \u00fagy d\u00f6nt\u00f6tt, hogy ny\u00edltan besz\u00e9l az orsz\u00e1ggal kapcsolatos \u00e9lm\u00e9nyeir\u0151l. \u00c9lm\u00e9nybesz\u00e1mol\u00f3j\u00e1t m\u00f3dos\u00edt\u00e1sok n\u00e9lk\u00fcl k\u00f6z\u00f6lj\u00fck le, az \u0151 szemsz\u00f6g\u00e9b\u0151l n\u00e9zve.<\/p>\n<p><img loading=\"lazy\" class=\"aligncenter size-full wp-image-234512\" src=\"https:\/\/liked.hu\/old\/wp-content\/uploads\/2020\/11\/Magyar-elmenybeszamolo.jpg\" alt=\"Magyar \u00e9lm\u00e9nybesz\u00e1mol\u00f3\" width=\"728\" height=\"410\" srcset=\"https:\/\/liked.hu\/old\/wp-content\/uploads\/2020\/11\/Magyar-elmenybeszamolo.jpg 728w, https:\/\/liked.hu\/old\/wp-content\/uploads\/2020\/11\/Magyar-elmenybeszamolo-300x169.jpg 300w, https:\/\/liked.hu\/old\/wp-content\/uploads\/2020\/11\/Magyar-elmenybeszamolo-500x282.jpg 500w, https:\/\/liked.hu\/old\/wp-content\/uploads\/2020\/11\/Magyar-elmenybeszamolo-360x203.jpg 360w\" sizes=\"(max-width: 728px) 100vw, 728px\" \/><\/p>\n<ul>\n<li class=\"cikk\"><strong>Magyarorsz\u00e1gon \u00e9lve ismerned kell a magyar nyelvet, \u00e9s lehet\u0151leg az angolt &#8211; att\u00f3l f\u00fcgg\u0151en, hogy mit dolgozol.<\/strong> Ha csak pihenni j\u00f6ssz ide, az angol nyelv is el\u00e9g lesz. Budapesten minden nagyon egyszer\u0171en \u00e9s olcs\u00f3n el\u00e9rhet\u0151 a turist\u00e1k sz\u00e1m\u00e1ra. Vannak k\u00fcl\u00f6n inform\u00e1ci\u00f3s pontok, ahol angol nyelven t\u00e1j\u00e9koztatnak, a t\u00f6megk\u00f6zleked\u00e9si meg\u00e1ll\u00f3kban pedig a t\u00e1bl\u00e1kon angolul is minden fel van t\u00fcntetve.<\/li>\n<li class=\"cikk\"><strong>A f\u0151v\u00e1roson k\u00edv\u00fcl sok olyan csal\u00e1di panzi\u00f3 \u00e9s \u00e9tterem tal\u00e1lhat\u00f3, ahol csak magyarul besz\u00e9lnek.<\/strong> Ett\u0151l f\u00fcggetlen\u00fcl a magyarok nagyon bar\u00e1ts\u00e1gosak a turist\u00e1kkal, ez\u00e9rt sz\u00edvesen seg\u00edtenek. Fontos megjegyezni, hogy szeretnek hangosan besz\u00e9lgetni, \u00e9s er\u0151teljes k\u00e9zmozdulatokkal magyar\u00e1zni.<\/li>\n<\/ul>\n<p style=\"text-align: center;\">\n<div style=\"float:none;margin:0px 0 0px 0;text-align:center;\">\n<div class=\"mobileHideke5\"><div style=\"margin-top:25px;\"><div class=\"hirdeteshatter\"><div style=\"display: inline-block;width: 50%;min-width:305px;vertical-align: top;\"><div class=\"hirdetes\">HIRDET\u00c9S<\/div>\n<!-- LikedQ51 -->\n<ins class=\"adsbygoogle\"\n     style=\"display:inline-block;width:300px;height:250px\"\n     data-ad-client=\"ca-pub-9424088931673893\"\n     data-ad-slot=\"8284063326\"><\/ins>\n<script async>\n     (adsbygoogle = window.adsbygoogle || []).push({});\n<\/script><\/div><div style=\"display: inline-block;width: 50%;min-width:305px;vertical-align: top;\"><div class=\"hirdetes\">HIRDET\u00c9S<\/div>\n<!-- LikedQ52 -->\n<ins class=\"adsbygoogle\"\n     style=\"display:inline-block;width:300px;height:250px\"\n     data-ad-client=\"ca-pub-9424088931673893\"\n     data-ad-slot=\"2840164950\"><\/ins>\n<script async>\n     (adsbygoogle = window.adsbygoogle || []).push({});\n<\/script><\/div><\/div><\/div><\/div>\n<div style=\"display:flex;flex-direction:column;\"><div class=\"mobileShowka5\"><div style=\"padding-top:10px;padding-bottom:10px;min-height: 300px;\"><div class=\"hirdetes\">HIRDET\u00c9S<\/div>\n<!-- LikedQ5M -->\n<ins class=\"adsbygoogle\"\n     style=\"display:inline-block;width:300px;height:250px\"\n     data-ad-client=\"ca-pub-9424088931673893\"\n     data-ad-slot=\"9022429928\"><\/ins>\n<script async>\n     (adsbygoogle = window.adsbygoogle || []).push({});\n<\/script><\/div><\/div><\/div><\/div>\n<p><img loading=\"lazy\" class=\"aligncenter size-full wp-image-234511\" src=\"https:\/\/liked.hu\/old\/wp-content\/uploads\/2020\/11\/Magyarorszag-elete.jpg\" alt=\"Magyarorsz\u00e1g \u00e9lete\" width=\"728\" height=\"364\" srcset=\"https:\/\/liked.hu\/old\/wp-content\/uploads\/2020\/11\/Magyarorszag-elete.jpg 728w, https:\/\/liked.hu\/old\/wp-content\/uploads\/2020\/11\/Magyarorszag-elete-300x150.jpg 300w, https:\/\/liked.hu\/old\/wp-content\/uploads\/2020\/11\/Magyarorszag-elete-500x250.jpg 500w, https:\/\/liked.hu\/old\/wp-content\/uploads\/2020\/11\/Magyarorszag-elete-360x180.jpg 360w\" sizes=\"(max-width: 728px) 100vw, 728px\" \/><\/p>\n<ul>\n<li class=\"cikk\"><strong>\u00c1ltal\u00e1noss\u00e1gban v\u00e9ve a magyarok nagyon \u00e9rz\u00e9kenyek a kult\u00far\u00e1jukra \u00e9s a t\u00f6rt\u00e9nelm\u00fckre.<\/strong> \u00c1llami \u00fcnnep n\u00e1luk az 1848-as forradalom eml\u00e9knapja, \u00e9s m\u00e1ig f\u00e1j\u00f3 eml\u00e9kk\u00e9nt \u0151rzik azokat a f\u00f6ldeket, melyeket az els\u0151 vil\u00e1gh\u00e1bor\u00fa ut\u00e1n a trianoni szerz\u0151d\u00e9ssel elvettek t\u0151l\u00fck. Nagyon b\u00fcszk\u00e9k a t\u00f6rt\u00e9nelmi \u00e9p\u00fcleteikre. A legszebb \u00e9p\u00fclet tal\u00e1n a Parlament, ha Budapesten j\u00e1rsz, mindenk\u00e9ppen l\u00e1togasd meg.<\/li>\n<\/ul>\n<p><img loading=\"lazy\" class=\"aligncenter size-full wp-image-234510\" src=\"https:\/\/liked.hu\/old\/wp-content\/uploads\/2020\/11\/Magyarorszag-jellemzoje.jpg\" alt=\"Magyarorsz\u00e1g jellemz\u0151je\" width=\"728\" height=\"613\" srcset=\"https:\/\/liked.hu\/old\/wp-content\/uploads\/2020\/11\/Magyarorszag-jellemzoje.jpg 728w, https:\/\/liked.hu\/old\/wp-content\/uploads\/2020\/11\/Magyarorszag-jellemzoje-300x253.jpg 300w, https:\/\/liked.hu\/old\/wp-content\/uploads\/2020\/11\/Magyarorszag-jellemzoje-500x421.jpg 500w, https:\/\/liked.hu\/old\/wp-content\/uploads\/2020\/11\/Magyarorszag-jellemzoje-360x303.jpg 360w\" sizes=\"(max-width: 728px) 100vw, 728px\" \/><\/p>\n<ul>\n<li class=\"cikk\"><strong>A magyar konyha el\u00e9g zs\u00edros. Nekem szem\u00e9ly szerint kicsit neh\u00e9znek bizonyult, ez\u00e9rt nem ehettem ak\u00e1rmit.<\/strong> Ha valaki ide \u00e9rkezik turistak\u00e9nt, ment\u00e1lisan fel kell k\u00e9sz\u00fclnie r\u00e1, hogy plusz kil\u00f3kkal fog t\u00e1vozni. A h\u00edres guly\u00e1s \u00e9s hal\u00e1sl\u00e9 mellett k\u00fcl\u00f6n kiemeln\u00e9m az \u00e9des gy\u00fcm\u00f6lcsleveseket, amiket m\u00e1s levesekhez hasonl\u00f3an a f\u0151\u00e9tkez\u00e9s el\u0151tt fogyasztanak. Nagyon szokatlan desszert a gesztenyep\u00fcr\u00e9, de ha itt j\u00e1runk, mindenk\u00e9ppen meg kell k\u00f3stolnunk.<\/li>\n<li class=\"cikk\"><strong>Nagy \u00fcnnepekkor, p\u00e9ld\u00e1ul h\u00fasv\u00e9tkor vagy kar\u00e1csonykor a magyarok rokonokat l\u00e1togatnak, egy\u00fctt \u00fcnnepelnek, eb\u00e9delnek\/vacsor\u00e1znak.<\/strong> Ha eljutsz egy ilyen csal\u00e1di \u00fcnneps\u00e9gre, akkor k\u00e9sz\u00fclj fel r\u00e1, hogy t\u00f6m\u00f6tt hassal t\u00e1vozol. Ez nem vicc! A magyarok mindig nagyon sok \u00e9telt f\u0151znek, \u00e9s nagyon zs\u00edrosakat \u2013 b\u00e1r igaz, hogy nagyon finomak is. Minden annyira cs\u00e1b\u00edt\u00f3, hogy m\u00e9g ha tele vagyunk, akkor is neh\u00e9z fel\u00e1llni az asztalt\u00f3l.<\/li>\n<li class=\"cikk\"><strong>A fiatalok mindig valakinek a lak\u00e1s\u00e1n tal\u00e1lkoznak.<\/strong> Ilyenkor a h\u00e1zigazda borral, s\u00f6rrel, innival\u00f3val \u00e9s harapnival\u00f3val v\u00e1rja a vend\u00e9geket, majd rendszerint innen mennek tov\u00e1bb a sz\u00f3rakoz\u00f3helyekre, amikb\u0151l rengeteg van. Az alkohol Magyarorsz\u00e1gon meglehet\u0151sen dr\u00e1ga, ez\u00e9rt a min\u0151s\u00e9gi italok nem mindig el\u00e9rhet\u0151k a di\u00e1kok sz\u00e1m\u00e1ra.<\/li>\n<li class=\"cikk\"><strong>M\u00e9g egy kicsit az \u00e9telr\u0151l: a magyarok nagyon szeretik a h\u00fast, f\u0151leg a sert\u00e9sh\u00fast \u00e9s a s\u00fclt szalonn\u00e1t.<\/strong> M\u00e9g egy diszn\u00f3v\u00e1g\u00e1sb\u00f3l is k\u00e9pesek \u00fcnnepet csin\u00e1lni.<\/li>\n<\/ul>\n<p style=\"text-align: center;\">\n<div style=\"float:none;margin:0px 0 0px 0;text-align:center;\">\n<div class=\"mobileHideke8\"><div style=\"margin-top:25px;\"><div class=\"hirdeteshatter\"><div style=\"display: inline-block;width: 50%;min-width:340px;vertical-align: top;\"><div class=\"hirdetes\">HIRDET\u00c9S<\/div>\n<!-- Liked7Q1 -->\n<ins class=\"adsbygoogle\"\n     style=\"display:inline-block;width:336px;height:280px\"\n     data-ad-client=\"ca-pub-9424088931673893\"\n     data-ad-slot=\"3022062587\"><\/ins>\n<script async>\n     (adsbygoogle = window.adsbygoogle || []).push({});\n<\/script><\/div><div style=\"display: inline-block;width: 50%;min-width:340px;vertical-align: top;\"><div class=\"hirdetes\">HIRDET\u00c9S<\/div>\n<!-- Liked7Q2 -->\n<ins class=\"adsbygoogle\"\n     style=\"display:inline-block;width:336px;height:280px\"\n     data-ad-client=\"ca-pub-9424088931673893\"\n     data-ad-slot=\"3952000871\"><\/ins>\n<script async>\n     (adsbygoogle = window.adsbygoogle || []).push({});\n<\/script><\/div><\/div><\/div><\/div>\n<div style=\"display:flex;flex-direction:column;\"><div class=\"mobileShowka8\"><div style=\"padding-top:15px;margin-bottom:15px;min-height: 300px;\"><div class=\"hirdetes\">HIRDET\u00c9S<\/div>\n<!-- Liked7QMobil -->\n<ins class=\"adsbygoogle\"\n     style=\"display:inline-block;width:336px;height:280px\"\n     data-ad-client=\"ca-pub-9424088931673893\"\n     data-ad-slot=\"5073510857\"><\/ins>\n<script async>\n     (adsbygoogle = window.adsbygoogle || []).push({});\n<\/script><\/div><\/div><\/div><\/div>\n<p><img loading=\"lazy\" class=\"aligncenter size-full wp-image-234509\" src=\"https:\/\/liked.hu\/old\/wp-content\/uploads\/2020\/11\/Magyar-hetkoznapok.jpg\" alt=\"Magyar h\u00e9tk\u00f6znapok\" width=\"728\" height=\"946\" srcset=\"https:\/\/liked.hu\/old\/wp-content\/uploads\/2020\/11\/Magyar-hetkoznapok.jpg 728w, https:\/\/liked.hu\/old\/wp-content\/uploads\/2020\/11\/Magyar-hetkoznapok-231x300.jpg 231w, https:\/\/liked.hu\/old\/wp-content\/uploads\/2020\/11\/Magyar-hetkoznapok-385x500.jpg 385w, https:\/\/liked.hu\/old\/wp-content\/uploads\/2020\/11\/Magyar-hetkoznapok-360x468.jpg 360w\" sizes=\"(max-width: 728px) 100vw, 728px\" \/><\/p>\n<ul>\n<li class=\"cikk\"><strong>Panelh\u00e1zban laktam, \u00edgy k\u00f6zponti f\u0171t\u00e9s volt, de a r\u00e9gi \u00e9p\u00fcleteket g\u00e1zkonvektorokkal meleg\u00edtik.<\/strong> Ez nem t\u00fal k\u00e9nyelmes, mert a konvektor gyorsan \u00e9geti az oxig\u00e9nt a leveg\u0151ben. Az ilyen h\u00e1zakban \u00e1ltal\u00e1ban csak a h\u00e1l\u00f3szob\u00e1kat f\u0171tik, ez\u00e9rt a konyh\u00e1ban vagy a f\u00fcrd\u0151szob\u00e1ban meg lehet fagyni. N\u00e9h\u00e1ny lak\u00e1sban egy\u00e1ltal\u00e1n nincsen f\u0171t\u00e9s, csak elektromos radi\u00e1torok, ez\u00e9rt lak\u00e1sb\u00e9rl\u00e9s el\u0151tt mindenk\u00e9ppen \u00e9rdekl\u0151dj\u00fck meg a tulajdonost\u00f3l, hogy milyen f\u0171t\u00e9s \u00e1ll rendelkez\u00e9sre.<\/li>\n<li class=\"cikk\"><strong>A b\u00e9rleti d\u00edjak itt fill\u00e9rekbe ker\u00fclnek.<\/strong> Az emberek gyakran csak szob\u00e1kat b\u00e9relnek egy idegen ember lak\u00e1s\u00e1n, \u00e9s az egyetemist\u00e1kt\u00f3l kezdve a fiatal h\u00e1zasokig ezt csin\u00e1lj\u00e1k. Egy \u00e1tlagos szoba b\u00e9rl\u00e9se Budapesten 200 eur\u00f3ba, egy lak\u00e1s b\u00e9rl\u00e9se pedig 300-400 eur\u00f3ba ker\u00fcl, plusz nagyj\u00e1b\u00f3l 100 eur\u00f3 a rezsi.<\/li>\n<\/ul>\n<p><img loading=\"lazy\" class=\"aligncenter size-full wp-image-234508\" src=\"https:\/\/liked.hu\/old\/wp-content\/uploads\/2020\/11\/Magyarorszag-turistakent.jpg\" alt=\"Magyarorsz\u00e1g turistak\u00e9nt\" width=\"728\" height=\"485\" srcset=\"https:\/\/liked.hu\/old\/wp-content\/uploads\/2020\/11\/Magyarorszag-turistakent.jpg 728w, https:\/\/liked.hu\/old\/wp-content\/uploads\/2020\/11\/Magyarorszag-turistakent-300x200.jpg 300w, https:\/\/liked.hu\/old\/wp-content\/uploads\/2020\/11\/Magyarorszag-turistakent-500x333.jpg 500w, https:\/\/liked.hu\/old\/wp-content\/uploads\/2020\/11\/Magyarorszag-turistakent-360x240.jpg 360w\" sizes=\"(max-width: 728px) 100vw, 728px\" \/><\/p>\n<ul>\n<li class=\"cikk\"><strong>A magyarok ritk\u00e1n sminkelnek vagy \u00f6lt\u00f6znek ki.<\/strong> A kedvenc ruh\u00e1juk a farmer \u00e9s a p\u00f3l\u00f3. Gyakran melltart\u00f3t sem hordanak. Ha csak leugranak a boltba vagy leszaladnak a szem\u00e9ttel, akkor csak magukra kapnak valamit, \u00e9s m\u00e1r indulnak is. Itt senki nem fog ki\u00f6lt\u00f6zni ahhoz, hogy elmenjen a boltba, vagy s\u00e9t\u00e1ljon egyet a kuty\u00e1val a parkban.<\/li>\n<\/ul>\n<p><!--nextpage--><\/p>\n<p><img loading=\"lazy\" class=\"aligncenter size-full wp-image-234507\" src=\"https:\/\/liked.hu\/old\/wp-content\/uploads\/2020\/11\/Magyar-szokasok.jpg\" alt=\"Magyar szok\u00e1sok\" width=\"728\" height=\"946\" srcset=\"https:\/\/liked.hu\/old\/wp-content\/uploads\/2020\/11\/Magyar-szokasok.jpg 728w, https:\/\/liked.hu\/old\/wp-content\/uploads\/2020\/11\/Magyar-szokasok-231x300.jpg 231w, https:\/\/liked.hu\/old\/wp-content\/uploads\/2020\/11\/Magyar-szokasok-385x500.jpg 385w, https:\/\/liked.hu\/old\/wp-content\/uploads\/2020\/11\/Magyar-szokasok-360x468.jpg 360w\" sizes=\"(max-width: 728px) 100vw, 728px\" \/><\/p>\n<ul>\n<li class=\"cikk\"><strong>Csal\u00e1dalap\u00edt\u00e1s el\u0151tt a magyarok nagyon sok\u00e1ig randiznak \u00e9s egy\u00fctt \u00e9lnek.<\/strong> Az esk\u00fcv\u0151k vid\u00e1mak \u00e9s nagyok, rendszerint hatalmas mennyis\u00e9g\u0171 p\u00e1link\u00e1val \u2013 ez olyasmi, mint a gy\u00fcm\u00f6lcs vodka.<\/li>\n<li class=\"cikk\"><strong>A magyarok nagyon vall\u00e1sosak.<\/strong> A vall\u00e1si \u00fcnnepeket itt az \u00e1llami \u00fcnnepekkel egy\u00fctt \u00fcnneplik. Nagy meglepet\u00e9s volt sz\u00e1momra, hogy itt m\u00e9g a n\u00e9vnapokat is \u00fagy \u00fcnneplik, mintha sz\u00fclet\u00e9snapja lenne az embernek.<\/li>\n<\/ul>\n<p><img loading=\"lazy\" class=\"aligncenter size-full wp-image-234506\" src=\"https:\/\/liked.hu\/old\/wp-content\/uploads\/2020\/11\/Magyar-eletmod.jpg\" alt=\"Magyar \u00e9letm\u00f3d\" width=\"728\" height=\"946\" srcset=\"https:\/\/liked.hu\/old\/wp-content\/uploads\/2020\/11\/Magyar-eletmod.jpg 728w, https:\/\/liked.hu\/old\/wp-content\/uploads\/2020\/11\/Magyar-eletmod-231x300.jpg 231w, https:\/\/liked.hu\/old\/wp-content\/uploads\/2020\/11\/Magyar-eletmod-385x500.jpg 385w, https:\/\/liked.hu\/old\/wp-content\/uploads\/2020\/11\/Magyar-eletmod-360x468.jpg 360w\" sizes=\"(max-width: 728px) 100vw, 728px\" \/><\/p>\n<ul>\n<li class=\"cikk\"><strong>A halloweent Magyarorsz\u00e1gon mindenszentek napj\u00e1nak h\u00edvj\u00e1k \u2013 ez egy nagy, csal\u00e1dias \u00fcnnep.<\/strong> Ilyenkor \u00e1ltal\u00e1ban az emberek temet\u0151be mennek \u00e9s a csal\u00e1ddal t\u00f6ltik az id\u0151t. A hagyom\u00e1nyos \u00e9rtelemben vett halloween itt nem t\u00fal n\u00e9pszer\u0171, maximum a fiatalok k\u00f6r\u00e9ben, akik jelmezbe b\u00fajva mennek sz\u00f3rakozni ilyenkor. Magyarorsz\u00e1g eg\u00e9sz ter\u00fclet\u00e9n sz\u00e1mtalan karnev\u00e1lt \u00e9s t\u00f6megrendezv\u00e9nyt tal\u00e1lunk, ahol a fiatalt\u00f3l az id\u0151sig mindenki megtal\u00e1lja a sz\u00e1m\u00e1ra t\u00f6k\u00e9letes \u00fcnnep\u00e9lyt.<\/li>\n<li class=\"cikk\"><strong>T\u00f6bb \u00e9v itt \u00e9l\u00e9s ut\u00e1n r\u00e1j\u00f6ttem, hogy a magyarok nem olyan ped\u00e1nsok, mint a nyugat-eur\u00f3paiak.<\/strong> \u00c1ltal\u00e1ban nyugodtak, de amikor tal\u00e1lkoznak egy k\u00fclf\u00f6ldivel, akkor hangosabban \u00e9s lassabban kezdenek besz\u00e9lni. Sokat panaszkodnak a munk\u00e1ra, a fizet\u00e9sre, a politik\u00e1ra \u00e9s a gy\u00f3gyszerekre \u2013 ezt \u0151k maguk sem tagadj\u00e1k. A rendszeres panaszkod\u00e1s ellen\u00e9re a legt\u00f6bben semmit sem tesznek az\u00e9rt, hogy b\u00e1rmi is v\u00e1ltozzon az \u00e9let\u00fckben, \u00edgy ez a panaszkod\u00e1s lehet, hogy csak egyfajta \u00e9rzelmi felszabadul\u00e1s sz\u00e1mukra.<\/li>\n<\/ul>\n<p style=\"text-align: center;\">\n<div style=\"float:none;margin:0px 0 0px 0;text-align:center;\">\n<div class=\"mobileHideke8\"><div class=\"hirdeteshatter\"><div style=\"display: inline-block;width: 50%;min-width:340px;vertical-align: top;\"><div class=\"hirdetes\">HIRDET\u00c9S<\/div>\n<!-- LikedQ81 -->\n<ins class=\"adsbygoogle\"\n     style=\"display:inline-block;width:336px;height:280px\"\n     data-ad-client=\"ca-pub-9424088931673893\"\n     data-ad-slot=\"2436840276\"><\/ins>\n<script async>\n     (adsbygoogle = window.adsbygoogle || []).push({});\n<\/script><\/div><div style=\"display: inline-block;width: 50%;min-width:340px;vertical-align: top;\"><div class=\"hirdetes\">HIRDET\u00c9S<\/div>\n<!-- LikedQ82 -->\n<ins class=\"adsbygoogle\"\n     style=\"display:inline-block;width:336px;height:280px\"\n     data-ad-client=\"ca-pub-9424088931673893\"\n     data-ad-slot=\"3558350253\"><\/ins>\n<script async>\n     (adsbygoogle = window.adsbygoogle || []).push({});\n<\/script><\/div><\/div><\/div>\n<div style=\"display:flex;flex-direction:column;\"><div class=\"mobileShowka8 nyolc\"><div style=\"padding-top:15px;padding-bottom:5px;min-height: 300px;\"><div class=\"hirdetes\">HIRDET\u00c9S<\/div>\n<!-- LikedQ8M -->\n<ins class=\"adsbygoogle\"\n     style=\"display:inline-block;width:336px;height:280px\"\n     data-ad-client=\"ca-pub-9424088931673893\"\n     data-ad-slot=\"4679860235\"><\/ins>\n<script async>\n     (adsbygoogle = window.adsbygoogle || []).push({});\n<\/script><\/div><\/div><\/div><\/div>\n<p><img loading=\"lazy\" class=\"aligncenter size-full wp-image-234505\" src=\"https:\/\/liked.hu\/old\/wp-content\/uploads\/2020\/11\/Magyar-turista.jpg\" alt=\"Magyar turista\" width=\"728\" height=\"946\" srcset=\"https:\/\/liked.hu\/old\/wp-content\/uploads\/2020\/11\/Magyar-turista.jpg 728w, https:\/\/liked.hu\/old\/wp-content\/uploads\/2020\/11\/Magyar-turista-231x300.jpg 231w, https:\/\/liked.hu\/old\/wp-content\/uploads\/2020\/11\/Magyar-turista-385x500.jpg 385w, https:\/\/liked.hu\/old\/wp-content\/uploads\/2020\/11\/Magyar-turista-360x468.jpg 360w\" sizes=\"(max-width: 728px) 100vw, 728px\" \/><\/p>\n<ul>\n<li class=\"cikk\"><strong>A magyarok nagyon udvariasak. Eleinte furcsa volt sz\u00e1momra, de id\u0151vel megszoktam.<\/strong> Itt teljesen norm\u00e1lis, ha a boltba l\u00e9pve valaki megfogja neked az ajt\u00f3t, fel\u00e1ll, hogy \u00e1tadja a hely\u00e9t a buszon, \u00e9s az aut\u00f3sok is rendk\u00edv\u00fcl figyelnek a gyalogosokra. Mi\u00f3ta visszat\u00e9rtem Oroszorsz\u00e1gba, ez az udvariass\u00e1g kiss\u00e9 hi\u00e1nyzik.<\/li>\n<li class=\"cikk\"><strong>Magyar nyelv.<\/strong> Ez val\u00f3sz\u00edn\u0171leg a legnehezebb dolog a vil\u00e1gon. Sz\u00e1momra \u00fagy t\u0171nt, hogy a magyar nyelvtanban t\u00f6bb kiv\u00e9tel van, mint szab\u00e1ly. \u00c1ltal\u00e1noss\u00e1gban elmondhat\u00f3, hogy ha itt akarsz \u00e9lni \u00e9s dolgozni, akkor k\u00e9nytelen vagy megtanulni magyarul, m\u00e1sk\u00e9pp semmire sem fogod vinni, m\u00e9g akkor sem, ha kiv\u00e1l\u00f3an besz\u00e9lsz angolul.<\/li>\n<\/ul>\n<p style=\"text-align: center;\">\n<div style=\"float:none;margin:0px 0 0px 0;text-align:center;\">\n<div class=\"mobileHideke8\"><div style=\"margin-top:25px;\"><div class=\"hirdeteshatter\"><div style=\"display: inline-block;width: 50%;min-width:340px;vertical-align: top;\"><div class=\"hirdetes\">HIRDET\u00c9S<\/div>\n<!-- Liked7Q1 -->\n<ins class=\"adsbygoogle\"\n     style=\"display:inline-block;width:336px;height:280px\"\n     data-ad-client=\"ca-pub-9424088931673893\"\n     data-ad-slot=\"3022062587\"><\/ins>\n<script async>\n     (adsbygoogle = window.adsbygoogle || []).push({});\n<\/script><\/div><div style=\"display: inline-block;width: 50%;min-width:340px;vertical-align: top;\"><div class=\"hirdetes\">HIRDET\u00c9S<\/div>\n<!-- Liked7Q2 -->\n<ins class=\"adsbygoogle\"\n     style=\"display:inline-block;width:336px;height:280px\"\n     data-ad-client=\"ca-pub-9424088931673893\"\n     data-ad-slot=\"3952000871\"><\/ins>\n<script async>\n     (adsbygoogle = window.adsbygoogle || []).push({});\n<\/script><\/div><\/div><\/div><\/div>\n<div style=\"display:flex;flex-direction:column;\"><div class=\"mobileShowka8\"><div style=\"padding-top:15px;margin-bottom:15px;min-height: 300px;\"><div class=\"hirdetes\">HIRDET\u00c9S<\/div>\n<!-- Liked7QMobil -->\n<ins class=\"adsbygoogle\"\n     style=\"display:inline-block;width:336px;height:280px\"\n     data-ad-client=\"ca-pub-9424088931673893\"\n     data-ad-slot=\"5073510857\"><\/ins>\n<script async>\n     (adsbygoogle = window.adsbygoogle || []).push({});\n<\/script><\/div><\/div><\/div><\/div>\n<p><img loading=\"lazy\" class=\"aligncenter size-full wp-image-234504\" src=\"https:\/\/liked.hu\/old\/wp-content\/uploads\/2020\/11\/Turista-magyarorszagon.jpg\" alt=\"Turista magyarorsz\u00e1gon\" width=\"728\" height=\"482\" srcset=\"https:\/\/liked.hu\/old\/wp-content\/uploads\/2020\/11\/Turista-magyarorszagon.jpg 728w, https:\/\/liked.hu\/old\/wp-content\/uploads\/2020\/11\/Turista-magyarorszagon-300x199.jpg 300w, https:\/\/liked.hu\/old\/wp-content\/uploads\/2020\/11\/Turista-magyarorszagon-500x331.jpg 500w, https:\/\/liked.hu\/old\/wp-content\/uploads\/2020\/11\/Turista-magyarorszagon-360x238.jpg 360w\" sizes=\"(max-width: 728px) 100vw, 728px\" \/><\/p>\n<ul>\n<li class=\"cikk\"><strong>Az id\u0151j\u00e1r\u00e1shoz val\u00f3 hozz\u00e1\u00e1ll\u00e1s itt rendk\u00edv\u00fcl saj\u00e1tos.<\/strong> Amikor esik egy kis h\u00f3, mindenki azonnal el\u0151veszi a sz\u00e1nk\u00f3j\u00e1t, pedig a h\u00f3 m\u00e9g csak maximum p\u00e1r millim\u00e9teres. Magyarorsz\u00e1gon a -10\u00b0C-os hidegt\u0151l m\u00e1r rettegnek az emberek. Amint bek\u00f6sz\u00f6nt az els\u0151 tavaszi nap, sokan azonnal p\u00f3l\u00f3ra vetk\u0151znek.<\/li>\n<li class=\"cikk\"><strong>Mi\u00e9rt \u00e9rdemes Magyarorsz\u00e1gra utazni?<\/strong> Hogy megm\u00e1rt\u00f3zz a h\u00edres f\u00fcrd\u0151kben! Magyarorsz\u00e1g \u00e9desv\u00edzk\u00e9szlet\u00e9nek 80%-a gy\u00f3gy- \u00e9s term\u00e1lv\u00edz. Csak Budapesten t\u00f6bb mint 100 gy\u00f3gyforr\u00e1s tal\u00e1lhat\u00f3. M\u00e9g a f\u0151v\u00e1ros k\u00f6zpontj\u00e1ban is t\u00f6bb f\u00fcrd\u0151 tal\u00e1lhat\u00f3. Az ilyen f\u00fcrd\u0151k l\u00e1togat\u00f3inak a t\u00f6bbs\u00e9ge turista. R\u00e9gen rengeteg n\u00e9met volt, de id\u0151vel kiszor\u00edtott\u00e1k \u0151ket az oroszok.<\/li>\n<\/ul>\n<p><img loading=\"lazy\" class=\"aligncenter size-full wp-image-234503\" src=\"https:\/\/liked.hu\/old\/wp-content\/uploads\/2020\/11\/Magyar-turizmus.jpg\" alt=\"Magyar turizmus\" width=\"728\" height=\"946\" srcset=\"https:\/\/liked.hu\/old\/wp-content\/uploads\/2020\/11\/Magyar-turizmus.jpg 728w, https:\/\/liked.hu\/old\/wp-content\/uploads\/2020\/11\/Magyar-turizmus-231x300.jpg 231w, https:\/\/liked.hu\/old\/wp-content\/uploads\/2020\/11\/Magyar-turizmus-385x500.jpg 385w, https:\/\/liked.hu\/old\/wp-content\/uploads\/2020\/11\/Magyar-turizmus-360x468.jpg 360w\" sizes=\"(max-width: 728px) 100vw, 728px\" \/><\/p>\n<p style=\"text-align: center;\"><strong>Mi a v\u00e9lem\u00e9nyed az orosz h\u00f6lgy \u00e9lm\u00e9nybesz\u00e1mol\u00f3j\u00e1r\u00f3l? Szerinted j\u00f3l \u00e1tl\u00e1tta a magyarorsz\u00e1gi \u00e9letet \u00e9s kult\u00far\u00e1t, vagy volt, amiben t\u00e9vedett?<\/strong><\/p>\n","protected":false},"excerpt":{"rendered":"<p>Bizony\u00e1ra Ti is elgondolkoztatok m\u00e1r azon, hogy milyen lenne, ha turistak\u00e9nt \u00e9rkezn\u00e9nk Magyarorsz\u00e1gra. Mit n\u00e9zn\u00e9l meg el\u0151sz\u00f6r? Hogyan tekinten\u00e9l az orsz\u00e1g kult\u00far\u00e1j\u00e1ra \u00e9s mindennapi \u00e9let\u00e9re? Bar\u00e1ts\u00e1gosnak tartan\u00e1d az embereket? Sok m\u00e1s orsz\u00e1ghoz hasonl\u00f3an innen is \u00fagy t\u00e1vozn\u00e1l, hogy alig v\u00e1rod, hogy visszat\u00e9rj? A Liked.hu-n\u00e1l most egy orosz h\u00f6lgy t\u00f6rt\u00e9net\u00e9t osztjuk meg veletek, aki n\u00e9h\u00e1ny \u00e9vvel [&hellip;]<\/p>\n","protected":false},"author":5,"featured_media":234513,"comment_status":"open","ping_status":"closed","sticky":false,"template":"","format":"standard","meta":{"buzzeditor_post_format":""},"categories":[23],"tags":[1631,1971],"yoast_head":"<!-- This site is optimized with the Yoast SEO plugin v19.6.1 - https:\/\/yoast.com\/wordpress\/plugins\/seo\/ -->\n<title>Ilyennek l\u00e1tja haz\u00e1nkat egy k\u00fclf\u00f6ldi, aki t\u00f6bb \u00e9ven \u00e1t Magyarorsz\u00e1gon \u00e9lt<\/title>\n<meta name=\"description\" content=\"Bizony\u00e1ra Ti is elgondolkoztatok m\u00e1r azon, hogy milyen lenne, ha turistak\u00e9nt \u00e9rkezn\u00e9nk Magyarorsz\u00e1gra. Mit n\u00e9zn\u00e9l meg el\u0151sz\u00f6r? Hogyan tekinten\u00e9l az orsz\u00e1g\" \/>\n<meta name=\"robots\" content=\"index, follow, max-snippet:-1, max-image-preview:large, max-video-preview:-1\" \/>\n<link rel=\"canonical\" href=\"https:\/\/liked.hu\/old\/erdekes\/ilyennek-latja-hazankat-egy-kulfoldi-aki-tobb-even-at-magyarorszagon-elt\/\" \/>\n<link rel=\"next\" href=\"https:\/\/liked.hu\/old\/erdekes\/ilyennek-latja-hazankat-egy-kulfoldi-aki-tobb-even-at-magyarorszagon-elt\/2\/\" \/>\n<meta property=\"og:locale\" content=\"hu_HU\" \/>\n<meta property=\"og:type\" content=\"article\" \/>\n<meta property=\"og:title\" content=\"Ilyennek l\u00e1tja haz\u00e1nkat egy k\u00fclf\u00f6ldi, aki t\u00f6bb \u00e9ven \u00e1t Magyarorsz\u00e1gon \u00e9lt\" \/>\n<meta property=\"og:description\" content=\"Bizony\u00e1ra Ti is elgondolkoztatok m\u00e1r azon, hogy milyen lenne, ha turistak\u00e9nt \u00e9rkezn\u00e9nk Magyarorsz\u00e1gra. Mit n\u00e9zn\u00e9l meg el\u0151sz\u00f6r? Hogyan tekinten\u00e9l az orsz\u00e1g\" \/>\n<meta property=\"og:url\" content=\"https:\/\/liked.hu\/old\/erdekes\/ilyennek-latja-hazankat-egy-kulfoldi-aki-tobb-even-at-magyarorszagon-elt\/\" \/>\n<meta property=\"og:site_name\" content=\"Liked.hu\" \/>\n<meta property=\"article:publisher\" content=\"https:\/\/www.facebook.com\/liked.hu\" \/>\n<meta property=\"article:published_time\" content=\"2020-11-28T09:41:06+00:00\" \/>\n<meta property=\"article:modified_time\" content=\"2020-11-28T11:03:00+00:00\" \/>\n<meta property=\"og:image\" content=\"https:\/\/liked.hu\/old\/wp-content\/uploads\/2020\/11\/Magyarorszag-egy-kulfoldi-szemevel.jpg\" \/>\n\t<meta property=\"og:image:width\" content=\"1200\" \/>\n\t<meta property=\"og:image:height\" content=\"630\" \/>\n\t<meta property=\"og:image:type\" content=\"image\/jpeg\" \/>\n<meta name=\"author\" content=\"Sludenkor\" \/>\n<meta name=\"twitter:card\" content=\"summary\" \/>\n<meta name=\"twitter:creator\" content=\"@LikedHu\" \/>\n<meta name=\"twitter:site\" content=\"@LikedHu\" \/>\n<meta name=\"twitter:label1\" content=\"Szerz\u0151:\" \/>\n\t<meta name=\"twitter:data1\" content=\"Sludenkor\" \/>\n\t<meta name=\"twitter:label2\" content=\"Becs\u00fclt olvas\u00e1si id\u0151\" \/>\n\t<meta name=\"twitter:data2\" content=\"7 perc\" \/>\n<script type=\"application\/ld+json\" class=\"yoast-schema-graph\">{\"@context\":\"https:\/\/schema.org\",\"@graph\":[{\"@type\":\"Article\",\"@id\":\"https:\/\/liked.hu\/old\/erdekes\/ilyennek-latja-hazankat-egy-kulfoldi-aki-tobb-even-at-magyarorszagon-elt\/#article\",\"isPartOf\":{\"@id\":\"https:\/\/liked.hu\/old\/erdekes\/ilyennek-latja-hazankat-egy-kulfoldi-aki-tobb-even-at-magyarorszagon-elt\/\"},\"author\":{\"name\":\"Sludenkor\",\"@id\":\"https:\/\/liked.hu\/old\/#\/schema\/person\/6650f7130e2154421c3a5cae3435b47c\"},\"headline\":\"Ilyennek l\u00e1tja haz\u00e1nkat egy k\u00fclf\u00f6ldi, aki t\u00f6bb \u00e9ven \u00e1t Magyarorsz\u00e1gon \u00e9lt\",\"datePublished\":\"2020-11-28T09:41:06+00:00\",\"dateModified\":\"2020-11-28T11:03:00+00:00\",\"mainEntityOfPage\":{\"@id\":\"https:\/\/liked.hu\/old\/erdekes\/ilyennek-latja-hazankat-egy-kulfoldi-aki-tobb-even-at-magyarorszagon-elt\/\"},\"wordCount\":1489,\"commentCount\":28,\"publisher\":{\"@id\":\"https:\/\/liked.hu\/old\/#organization\"},\"keywords\":[\"magyarorsz\u00e1g\",\"orsz\u00e1g\"],\"articleSection\":[\"\u00c9rdekess\u00e9gek\"],\"inLanguage\":\"hu\",\"potentialAction\":[{\"@type\":\"CommentAction\",\"name\":\"Comment\",\"target\":[\"https:\/\/liked.hu\/old\/erdekes\/ilyennek-latja-hazankat-egy-kulfoldi-aki-tobb-even-at-magyarorszagon-elt\/#respond\"]}]},{\"@type\":\"WebPage\",\"@id\":\"https:\/\/liked.hu\/old\/erdekes\/ilyennek-latja-hazankat-egy-kulfoldi-aki-tobb-even-at-magyarorszagon-elt\/\",\"url\":\"https:\/\/liked.hu\/old\/erdekes\/ilyennek-latja-hazankat-egy-kulfoldi-aki-tobb-even-at-magyarorszagon-elt\/\",\"name\":\"Ilyennek l\u00e1tja haz\u00e1nkat egy k\u00fclf\u00f6ldi, aki t\u00f6bb \u00e9ven \u00e1t Magyarorsz\u00e1gon \u00e9lt\",\"isPartOf\":{\"@id\":\"https:\/\/liked.hu\/old\/#website\"},\"datePublished\":\"2020-11-28T09:41:06+00:00\",\"dateModified\":\"2020-11-28T11:03:00+00:00\",\"description\":\"Bizony\u00e1ra Ti is elgondolkoztatok m\u00e1r azon, hogy milyen lenne, ha turistak\u00e9nt \u00e9rkezn\u00e9nk Magyarorsz\u00e1gra. Mit n\u00e9zn\u00e9l meg el\u0151sz\u00f6r? Hogyan tekinten\u00e9l az orsz\u00e1g\",\"breadcrumb\":{\"@id\":\"https:\/\/liked.hu\/old\/erdekes\/ilyennek-latja-hazankat-egy-kulfoldi-aki-tobb-even-at-magyarorszagon-elt\/#breadcrumb\"},\"inLanguage\":\"hu\",\"potentialAction\":[{\"@type\":\"ReadAction\",\"target\":[\"https:\/\/liked.hu\/old\/erdekes\/ilyennek-latja-hazankat-egy-kulfoldi-aki-tobb-even-at-magyarorszagon-elt\/\"]}]},{\"@type\":\"BreadcrumbList\",\"@id\":\"https:\/\/liked.hu\/old\/erdekes\/ilyennek-latja-hazankat-egy-kulfoldi-aki-tobb-even-at-magyarorszagon-elt\/#breadcrumb\",\"itemListElement\":[{\"@type\":\"ListItem\",\"position\":1,\"name\":\"Kezd\u0151lap\"}]},{\"@type\":\"WebSite\",\"@id\":\"https:\/\/liked.hu\/old\/#website\",\"url\":\"https:\/\/liked.hu\/old\/\",\"name\":\"Liked.hu\",\"description\":\"\",\"publisher\":{\"@id\":\"https:\/\/liked.hu\/old\/#organization\"},\"potentialAction\":[{\"@type\":\"SearchAction\",\"target\":{\"@type\":\"EntryPoint\",\"urlTemplate\":\"https:\/\/liked.hu\/old\/?s={search_term_string}\"},\"query-input\":\"required name=search_term_string\"}],\"inLanguage\":\"hu\"},{\"@type\":\"Organization\",\"@id\":\"https:\/\/liked.hu\/old\/#organization\",\"name\":\"Liked.hu\",\"url\":\"https:\/\/liked.hu\/old\/\",\"sameAs\":[\"https:\/\/hu.pinterest.com\/likedhungary\/\",\"https:\/\/www.youtube.com\/channel\/UCPv91dbMoIukYcM9b9nHN6Q\",\"https:\/\/www.facebook.com\/liked.hu\",\"https:\/\/twitter.com\/LikedHu\"],\"logo\":{\"@type\":\"ImageObject\",\"inLanguage\":\"hu\",\"@id\":\"https:\/\/liked.hu\/old\/#\/schema\/logo\/image\/\",\"url\":\"https:\/\/liked.hu\/wp-content\/uploads\/2018\/08\/Liked-icon.png\",\"contentUrl\":\"https:\/\/liked.hu\/wp-content\/uploads\/2018\/08\/Liked-icon.png\",\"width\":512,\"height\":512,\"caption\":\"Liked.hu\"},\"image\":{\"@id\":\"https:\/\/liked.hu\/old\/#\/schema\/logo\/image\/\"}},{\"@type\":\"Person\",\"@id\":\"https:\/\/liked.hu\/old\/#\/schema\/person\/6650f7130e2154421c3a5cae3435b47c\",\"name\":\"Sludenkor\",\"image\":{\"@type\":\"ImageObject\",\"inLanguage\":\"hu\",\"@id\":\"https:\/\/liked.hu\/old\/#\/schema\/person\/image\/\",\"url\":\"https:\/\/liked.hu\/old\/wp-content\/uploads\/avatars\/5\/604de86470f75-bpfull.jpg\",\"contentUrl\":\"https:\/\/liked.hu\/old\/wp-content\/uploads\/avatars\/5\/604de86470f75-bpfull.jpg\",\"caption\":\"Sludenkor\"},\"url\":\"https:\/\/liked.hu\/old\/u\/sludenkor\/\"}]}<\/script>\n<!-- \/ Yoast SEO plugin. -->","yoast_head_json":{"title":"Ilyennek l\u00e1tja haz\u00e1nkat egy k\u00fclf\u00f6ldi, aki t\u00f6bb \u00e9ven \u00e1t Magyarorsz\u00e1gon \u00e9lt","description":"Bizony\u00e1ra Ti is elgondolkoztatok m\u00e1r azon, hogy milyen lenne, ha turistak\u00e9nt \u00e9rkezn\u00e9nk Magyarorsz\u00e1gra. Mit n\u00e9zn\u00e9l meg el\u0151sz\u00f6r? Hogyan tekinten\u00e9l az orsz\u00e1g","robots":{"index":"index","follow":"follow","max-snippet":"max-snippet:-1","max-image-preview":"max-image-preview:large","max-video-preview":"max-video-preview:-1"},"canonical":"https:\/\/liked.hu\/old\/erdekes\/ilyennek-latja-hazankat-egy-kulfoldi-aki-tobb-even-at-magyarorszagon-elt\/","next":"https:\/\/liked.hu\/old\/erdekes\/ilyennek-latja-hazankat-egy-kulfoldi-aki-tobb-even-at-magyarorszagon-elt\/2\/","og_locale":"hu_HU","og_type":"article","og_title":"Ilyennek l\u00e1tja haz\u00e1nkat egy k\u00fclf\u00f6ldi, aki t\u00f6bb \u00e9ven \u00e1t Magyarorsz\u00e1gon \u00e9lt","og_description":"Bizony\u00e1ra Ti is elgondolkoztatok m\u00e1r azon, hogy milyen lenne, ha turistak\u00e9nt \u00e9rkezn\u00e9nk Magyarorsz\u00e1gra. Mit n\u00e9zn\u00e9l meg el\u0151sz\u00f6r? Hogyan tekinten\u00e9l az orsz\u00e1g","og_url":"https:\/\/liked.hu\/old\/erdekes\/ilyennek-latja-hazankat-egy-kulfoldi-aki-tobb-even-at-magyarorszagon-elt\/","og_site_name":"Liked.hu","article_publisher":"https:\/\/www.facebook.com\/liked.hu","article_published_time":"2020-11-28T09:41:06+00:00","article_modified_time":"2020-11-28T11:03:00+00:00","og_image":[{"width":1200,"height":630,"url":"https:\/\/liked.hu\/old\/wp-content\/uploads\/2020\/11\/Magyarorszag-egy-kulfoldi-szemevel.jpg","type":"image\/jpeg"}],"author":"Sludenkor","twitter_card":"summary","twitter_creator":"@LikedHu","twitter_site":"@LikedHu","twitter_misc":{"Szerz\u0151:":"Sludenkor","Becs\u00fclt olvas\u00e1si id\u0151":"7 perc"},"schema":{"@context":"https:\/\/schema.org","@graph":[{"@type":"Article","@id":"https:\/\/liked.hu\/old\/erdekes\/ilyennek-latja-hazankat-egy-kulfoldi-aki-tobb-even-at-magyarorszagon-elt\/#article","isPartOf":{"@id":"https:\/\/liked.hu\/old\/erdekes\/ilyennek-latja-hazankat-egy-kulfoldi-aki-tobb-even-at-magyarorszagon-elt\/"},"author":{"name":"Sludenkor","@id":"https:\/\/liked.hu\/old\/#\/schema\/person\/6650f7130e2154421c3a5cae3435b47c"},"headline":"Ilyennek l\u00e1tja haz\u00e1nkat egy k\u00fclf\u00f6ldi, aki t\u00f6bb \u00e9ven \u00e1t Magyarorsz\u00e1gon \u00e9lt","datePublished":"2020-11-28T09:41:06+00:00","dateModified":"2020-11-28T11:03:00+00:00","mainEntityOfPage":{"@id":"https:\/\/liked.hu\/old\/erdekes\/ilyennek-latja-hazankat-egy-kulfoldi-aki-tobb-even-at-magyarorszagon-elt\/"},"wordCount":1489,"commentCount":28,"publisher":{"@id":"https:\/\/liked.hu\/old\/#organization"},"keywords":["magyarorsz\u00e1g","orsz\u00e1g"],"articleSection":["\u00c9rdekess\u00e9gek"],"inLanguage":"hu","potentialAction":[{"@type":"CommentAction","name":"Comment","target":["https:\/\/liked.hu\/old\/erdekes\/ilyennek-latja-hazankat-egy-kulfoldi-aki-tobb-even-at-magyarorszagon-elt\/#respond"]}]},{"@type":"WebPage","@id":"https:\/\/liked.hu\/old\/erdekes\/ilyennek-latja-hazankat-egy-kulfoldi-aki-tobb-even-at-magyarorszagon-elt\/","url":"https:\/\/liked.hu\/old\/erdekes\/ilyennek-latja-hazankat-egy-kulfoldi-aki-tobb-even-at-magyarorszagon-elt\/","name":"Ilyennek l\u00e1tja haz\u00e1nkat egy k\u00fclf\u00f6ldi, aki t\u00f6bb \u00e9ven \u00e1t Magyarorsz\u00e1gon \u00e9lt","isPartOf":{"@id":"https:\/\/liked.hu\/old\/#website"},"datePublished":"2020-11-28T09:41:06+00:00","dateModified":"2020-11-28T11:03:00+00:00","description":"Bizony\u00e1ra Ti is elgondolkoztatok m\u00e1r azon, hogy milyen lenne, ha turistak\u00e9nt \u00e9rkezn\u00e9nk Magyarorsz\u00e1gra. Mit n\u00e9zn\u00e9l meg el\u0151sz\u00f6r? Hogyan tekinten\u00e9l az orsz\u00e1g","breadcrumb":{"@id":"https:\/\/liked.hu\/old\/erdekes\/ilyennek-latja-hazankat-egy-kulfoldi-aki-tobb-even-at-magyarorszagon-elt\/#breadcrumb"},"inLanguage":"hu","potentialAction":[{"@type":"ReadAction","target":["https:\/\/liked.hu\/old\/erdekes\/ilyennek-latja-hazankat-egy-kulfoldi-aki-tobb-even-at-magyarorszagon-elt\/"]}]},{"@type":"BreadcrumbList","@id":"https:\/\/liked.hu\/old\/erdekes\/ilyennek-latja-hazankat-egy-kulfoldi-aki-tobb-even-at-magyarorszagon-elt\/#breadcrumb","itemListElement":[{"@type":"ListItem","position":1,"name":"Kezd\u0151lap"}]},{"@type":"WebSite","@id":"https:\/\/liked.hu\/old\/#website","url":"https:\/\/liked.hu\/old\/","name":"Liked.hu","description":"","publisher":{"@id":"https:\/\/liked.hu\/old\/#organization"},"potentialAction":[{"@type":"SearchAction","target":{"@type":"EntryPoint","urlTemplate":"https:\/\/liked.hu\/old\/?s={search_term_string}"},"query-input":"required name=search_term_string"}],"inLanguage":"hu"},{"@type":"Organization","@id":"https:\/\/liked.hu\/old\/#organization","name":"Liked.hu","url":"https:\/\/liked.hu\/old\/","sameAs":["https:\/\/hu.pinterest.com\/likedhungary\/","https:\/\/www.youtube.com\/channel\/UCPv91dbMoIukYcM9b9nHN6Q","https:\/\/www.facebook.com\/liked.hu","https:\/\/twitter.com\/LikedHu"],"logo":{"@type":"ImageObject","inLanguage":"hu","@id":"https:\/\/liked.hu\/old\/#\/schema\/logo\/image\/","url":"https:\/\/liked.hu\/wp-content\/uploads\/2018\/08\/Liked-icon.png","contentUrl":"https:\/\/liked.hu\/wp-content\/uploads\/2018\/08\/Liked-icon.png","width":512,"height":512,"caption":"Liked.hu"},"image":{"@id":"https:\/\/liked.hu\/old\/#\/schema\/logo\/image\/"}},{"@type":"Person","@id":"https:\/\/liked.hu\/old\/#\/schema\/person\/6650f7130e2154421c3a5cae3435b47c","name":"Sludenkor","image":{"@type":"ImageObject","inLanguage":"hu","@id":"https:\/\/liked.hu\/old\/#\/schema\/person\/image\/","url":"https:\/\/liked.hu\/old\/wp-content\/uploads\/avatars\/5\/604de86470f75-bpfull.jpg","contentUrl":"https:\/\/liked.hu\/old\/wp-content\/uploads\/avatars\/5\/604de86470f75-bpfull.jpg","caption":"Sludenkor"},"url":"https:\/\/liked.hu\/old\/u\/sludenkor\/"}]}},"publishpress_future_action":{"enabled":false,"date":"1970-01-01 01:00:00","action":"","terms":[],"taxonomy":"","browser_timezone_offset":0},"_links":{"self":[{"href":"https:\/\/liked.hu\/old\/wp-json\/wp\/v2\/posts\/234502"}],"collection":[{"href":"https:\/\/liked.hu\/old\/wp-json\/wp\/v2\/posts"}],"about":[{"href":"https:\/\/liked.hu\/old\/wp-json\/wp\/v2\/types\/post"}],"author":[{"embeddable":true,"href":"https:\/\/liked.hu\/old\/wp-json\/wp\/v2\/users\/5"}],"replies":[{"embeddable":true,"href":"https:\/\/liked.hu\/old\/wp-json\/wp\/v2\/comments?post=234502"}],"version-history":[{"count":0,"href":"https:\/\/liked.hu\/old\/wp-json\/wp\/v2\/posts\/234502\/revisions"}],"wp:featuredmedia":[{"embeddable":true,"href":"https:\/\/liked.hu\/old\/wp-json\/wp\/v2\/media\/234513"}],"wp:attachment":[{"href":"https:\/\/liked.hu\/old\/wp-json\/wp\/v2\/media?parent=234502"}],"wp:term":[{"taxonomy":"category","embeddable":true,"href":"https:\/\/liked.hu\/old\/wp-json\/wp\/v2\/categories?post=234502"},{"taxonomy":"post_tag","embeddable":true,"href":"https:\/\/liked.hu\/old\/wp-json\/wp\/v2\/tags?post=234502"}],"curies":[{"name":"wp","href":"https:\/\/api.w.org\/{rel}","templated":true}]}}