{"id":232181,"date":"2020-11-05T10:20:50","date_gmt":"2020-11-05T09:20:50","guid":{"rendered":"https:\/\/liked.hu\/old\/?p=232181"},"modified":"2020-11-05T16:30:29","modified_gmt":"2020-11-05T15:30:29","slug":"20-ok-amiert-magyarorszagot-a-fold-legjobb-helyenek-gondoljak-a-kulfoldiek","status":"publish","type":"post","link":"https:\/\/liked.hu\/old\/erdekes\/20-ok-amiert-magyarorszagot-a-fold-legjobb-helyenek-gondoljak-a-kulfoldiek\/","title":{"rendered":"20 ok, ami\u00e9rt Magyarorsz\u00e1got a F\u00f6ld legjobb hely\u00e9nek gondolj\u00e1k a k\u00fclf\u00f6ldiek"},"content":{"rendered":"<p style=\"text-align: center\">\n<div style=\"float:none;margin:0px 0 0px 0;text-align:center;\">\n<div class=\"mobileShowkakettes\"><div class=\"mobileShowka2\"><div style=\"padding-top:0px;padding-bottom:15px;min-height: 300px;\"><div class=\"hirdetes\">HIRDET\u00c9S<\/div>\n<!-- 300lista -->\n<ins class=\"adsbygoogle\"\n     style=\"display:inline-block;width:300px;height:250px\"\n     data-ad-client=\"ca-pub-9424088931673893\"\n     data-ad-slot=\"8471340766\"><\/ins>\n<script async>\n     (adsbygoogle = window.adsbygoogle || []).push({});\n<\/script><\/div><\/div><\/div><\/div>\n<p>A <strong>Liked.hu<\/strong>-n\u00e1l most a turist\u00e1k blogjai \u00e9s \u00e9lm\u00e9nybesz\u00e1mol\u00f3i alapj\u00e1n \u00e1ll\u00edtottunk \u00f6ssze egy list\u00e1t azokr\u00f3l a dolgokr\u00f3l, amik miatt a k\u00fclf\u00f6ldiek \u00fagy gondolj\u00e1k, hogy Magyarorsz\u00e1g az egyik legjobb \u00e9s legk\u00fcl\u00f6nlegesebb hely a F\u00f6ld\u00f6n.<\/p>\n<div id=\"zombify-main-section-front\" class=\"zombify-main-section-front zombify-screen zf-media-full\">\r\n\t<link rel=\"stylesheet\" type=\"text\/css\" href=\"https:\/\/liked.hu\/old\/js\/zombify.css\">\r\n    <link rel=\"stylesheet\" type=\"text\/css\" href=\"https:\/\/liked.hu\/old\/wp-content\/themes\/newsy-child\/style.css\">\r\n\t<div class=\"zf-container\">\r\n\t\t<div id=\"zf-countdown\" class=\"zf-countdown zf-list zf-numbered\">\r\n\t\t\t<ol class=\"zf-structure-list\">\r\n\t\t\t\t                        <li class=\"zf-list_item\">\r\n                            <div class=\"zf-list_header\">\r\n                                <h3 id=\"20\" class=\"zf-list_title\">\r\n                                    <span class=\"zf-number\">20<\/span>\r\n                                    Kelet-P\u00e1rizshoz hasonl\u00f3 harm\u00f3nia \u00e9s var\u00e1zslatos l\u00e9gk\u00f6r                                <\/h3>\r\n                            <\/div>\r\n\t\t\t\t\t\t\t\t\t\t\t\t\t\t\t<figure class=\"zf-list_media zf-media-wrapper zf-image zf-type-image\">\r\n\t\t\t\t\t\t\t\t\t<div title=\"Kelet-P\u00e1rizshoz hasonl\u00f3 harm\u00f3nia \u00e9s var\u00e1zslatos l\u00e9gk\u00f6r\" alt=\"Kelet-P\u00e1rizshoz hasonl\u00f3 harm\u00f3nia \u00e9s var\u00e1zslatos l\u00e9gk\u00f6r\" class=\"zf-media\">\r\n\t\t\t\t\t\t\t\t\t\t<img width=\"728\" height=\"400\" src=\"https:\/\/liked.hu\/old\/wp-content\/uploads\/2020\/11\/77c3625f4cb747603b779e7992.jpg\" class=\"\" alt=\"77c3625f4cb747603b779e7992\" loading=\"lazy\" style=\"\" srcset=\"https:\/\/liked.hu\/old\/wp-content\/uploads\/2020\/11\/77c3625f4cb747603b779e7992.jpg 728w, https:\/\/liked.hu\/old\/wp-content\/uploads\/2020\/11\/77c3625f4cb747603b779e7992-300x165.jpg 300w, https:\/\/liked.hu\/old\/wp-content\/uploads\/2020\/11\/77c3625f4cb747603b779e7992-500x275.jpg 500w, https:\/\/liked.hu\/old\/wp-content\/uploads\/2020\/11\/77c3625f4cb747603b779e7992-360x198.jpg 360w\" sizes=\"(max-width: 728px) 100vw, 728px\" \/>\t\t\t\t\t\t\t\t\t\t\t<figcaption class=\"zf-figcaption\">\r\n                                                <cite><\/cite>\r\n\r\n                                                \t\t\t\t\t\t\t\t\t\t\t<\/figcaption>\r\n\t\t\t\t\t\t\t\t\t\t\t\t\t\t\t\t\t\t\t<\/div>\r\n\t\t\t\t\t\t\t\t\t<hr \/>\r\n\t\t\t\t\t\t\t\t<\/figure>\r\n\t\t\t\t\t\t\t\t\r\n\t\t\t\t\t\t\t\t\t\t\t\t\t\t\t<div class=\"zf-countdown_description\"><p>Budapest remek\u00fcl \u00f6tv\u00f6zi Nyugat-Berlin sz\u00e9ps\u00e9g\u00e9t P\u00e1rizs \u00e9s London var\u00e1zs\u00e1val. Nem v\u00e9letlen, hogy a f\u0151v\u00e1ros t\u00f6rt\u00e9nelmi r\u00e9sze az UNESCO vil\u00e1g\u00f6r\u00f6ks\u00e9gi list\u00e1j\u00e1n is szerepel.<\/p><\/div>\r\n\t\t\t\t\t\t\t                        <\/li>\r\n                                                                    <li class=\"zf-list_item\">\r\n                            <div class=\"zf-list_header\">\r\n                                <h3 id=\"19\" class=\"zf-list_title\">\r\n                                    <span class=\"zf-number\">19<\/span>\r\n                                    Igazi guly\u00e1sleves                                <\/h3>\r\n                            <\/div>\r\n\t\t\t\t\t\t\t\t\t\t\t\t\t\t\t<figure class=\"zf-list_media zf-media-wrapper zf-image zf-type-image\">\r\n\t\t\t\t\t\t\t\t\t<div title=\"Igazi guly\u00e1sleves\" alt=\"Igazi guly\u00e1sleves\" class=\"zf-media\">\r\n\t\t\t\t\t\t\t\t\t\t<img width=\"728\" height=\"485\" src=\"https:\/\/liked.hu\/old\/wp-content\/uploads\/2020\/11\/96d41e5a808344ca7d6ddf9f56.jpg\" class=\"\" alt=\"96d41e5a808344ca7d6ddf9f56\" loading=\"lazy\" style=\"\" srcset=\"https:\/\/liked.hu\/old\/wp-content\/uploads\/2020\/11\/96d41e5a808344ca7d6ddf9f56.jpg 728w, https:\/\/liked.hu\/old\/wp-content\/uploads\/2020\/11\/96d41e5a808344ca7d6ddf9f56-300x200.jpg 300w, https:\/\/liked.hu\/old\/wp-content\/uploads\/2020\/11\/96d41e5a808344ca7d6ddf9f56-500x333.jpg 500w, https:\/\/liked.hu\/old\/wp-content\/uploads\/2020\/11\/96d41e5a808344ca7d6ddf9f56-360x240.jpg 360w\" sizes=\"(max-width: 728px) 100vw, 728px\" \/>\t\t\t\t\t\t\t\t\t\t\t<figcaption class=\"zf-figcaption\">\r\n                                                <cite><\/cite>\r\n\r\n                                                \t\t\t\t\t\t\t\t\t\t\t<\/figcaption>\r\n\t\t\t\t\t\t\t\t\t\t\t\t\t\t\t\t\t\t\t<\/div>\r\n\t\t\t\t\t\t\t\t\t<hr \/>\r\n\t\t\t\t\t\t\t\t<\/figure>\r\n\t\t\t\t\t\t\t\t\r\n\t\t\t\t\t\t\t\t\t\t\t\t\t\t\t<div class=\"zf-countdown_description\"><p>A magyar konyha p&aacute;ratlan, ez t&eacute;ny. Egy cip&oacute;ban t&aacute;lalt guly&aacute;sleves&eacute;rt pedig messze f&ouml;ldr\u0151l &eacute;rkeznek az emberek - teljes joggal, egy&eacute;bk&eacute;nt. \ud83e\udd24<\/p><p style=\"text-align: center\">\n<div style=\"float:none;margin:0px 0 0px 0;text-align:center;\">\n<div class=\"mobileHideke5\"><div style=\"margin-top:25px;\"><div class=\"hirdeteshatter\"><div style=\"display: inline-block;width: 50%;min-width:305px;vertical-align: top;\"><div class=\"hirdetes\">HIRDET\u00c9S<\/div>\n<!-- LikedQ51 -->\n<ins class=\"adsbygoogle\"\n     style=\"display:inline-block;width:300px;height:250px\"\n     data-ad-client=\"ca-pub-9424088931673893\"\n     data-ad-slot=\"8284063326\"><\/ins>\n<script async>\n     (adsbygoogle = window.adsbygoogle || []).push({});\n<\/script><\/div><div style=\"display: inline-block;width: 50%;min-width:305px;vertical-align: top;\"><div class=\"hirdetes\">HIRDET\u00c9S<\/div>\n<!-- LikedQ52 -->\n<ins class=\"adsbygoogle\"\n     style=\"display:inline-block;width:300px;height:250px\"\n     data-ad-client=\"ca-pub-9424088931673893\"\n     data-ad-slot=\"2840164950\"><\/ins>\n<script async>\n     (adsbygoogle = window.adsbygoogle || []).push({});\n<\/script><\/div><\/div><\/div><\/div>\n<div style=\"display:flex;flex-direction:column;\"><div class=\"mobileShowka5\"><div style=\"padding-top:10px;padding-bottom:10px;min-height: 300px;\"><div class=\"hirdetes\">HIRDET\u00c9S<\/div>\n<!-- LikedQ5M -->\n<ins class=\"adsbygoogle\"\n     style=\"display:inline-block;width:300px;height:250px\"\n     data-ad-client=\"ca-pub-9424088931673893\"\n     data-ad-slot=\"9022429928\"><\/ins>\n<script async>\n     (adsbygoogle = window.adsbygoogle || []).push({});\n<\/script><\/div><\/div><\/div><\/div><\/div>\r\n\t\t\t\t\t\t\t                        <\/li>\r\n                                                                    <li class=\"zf-list_item\">\r\n                            <div class=\"zf-list_header\">\r\n                                <h3 id=\"18\" class=\"zf-list_title\">\r\n                                    <span class=\"zf-number\">18<\/span>\r\n                                    A b\u00e1stya, ami egyetlen csat\u00e1t sem \u00e9lt meg.                                <\/h3>\r\n                            <\/div>\r\n\t\t\t\t\t\t\t\t\t\t\t\t\t\t\t<figure class=\"zf-list_media zf-media-wrapper zf-image zf-type-image\">\r\n\t\t\t\t\t\t\t\t\t<div title=\"A b\u00e1stya, ami egyetlen csat\u00e1t sem \u00e9lt meg.\" alt=\"A b\u00e1stya, ami egyetlen csat\u00e1t sem \u00e9lt meg.\" class=\"zf-media\">\r\n\t\t\t\t\t\t\t\t\t\t<img width=\"728\" height=\"486\" src=\"https:\/\/liked.hu\/old\/wp-content\/uploads\/2020\/11\/2716895a7494179cb5fce2195f.jpg\" class=\"\" alt=\"2716895a7494179cb5fce2195f\" loading=\"lazy\" style=\"\" srcset=\"https:\/\/liked.hu\/old\/wp-content\/uploads\/2020\/11\/2716895a7494179cb5fce2195f.jpg 728w, https:\/\/liked.hu\/old\/wp-content\/uploads\/2020\/11\/2716895a7494179cb5fce2195f-300x200.jpg 300w, https:\/\/liked.hu\/old\/wp-content\/uploads\/2020\/11\/2716895a7494179cb5fce2195f-500x334.jpg 500w, https:\/\/liked.hu\/old\/wp-content\/uploads\/2020\/11\/2716895a7494179cb5fce2195f-360x240.jpg 360w\" sizes=\"(max-width: 728px) 100vw, 728px\" \/>\t\t\t\t\t\t\t\t\t\t\t<figcaption class=\"zf-figcaption\">\r\n                                                <cite><\/cite>\r\n\r\n                                                \t\t\t\t\t\t\t\t\t\t\t<\/figcaption>\r\n\t\t\t\t\t\t\t\t\t\t\t\t\t\t\t\t\t\t\t<\/div>\r\n\t\t\t\t\t\t\t\t\t<hr \/>\r\n\t\t\t\t\t\t\t\t<\/figure>\r\n\t\t\t\t\t\t\t\t\r\n\t\t\t\t\t\t\t\t\t\t\t\t\t\t\t<div class=\"zf-countdown_description\"><p>A Hal&aacute;szb&aacute;stya a 20. sz&aacute;zad elej&eacute;n &eacute;p&uuml;lt a budai v&aacute;r r&eacute;szek&eacute;nt, &aacute;m sosem l&aacute;tott el olyan t&eacute;nyleges szerepet, mint a klasszikus &eacute;rtelemben vett b&aacute;sty&aacute;k. A m&aacute;sodik vil&aacute;gh&aacute;bor&uacute; alatt ett\u0151l f&uuml;ggetlen&uuml;l er\u0151sen megrong&aacute;l&oacute;dott &eacute;s egy id\u0151ben m&eacute;g az is k&eacute;rd&eacute;ses volt, hogy egy&aacute;ltal&aacute;n &aacute;llva marad-e.<\/p><p>R&eacute;gen egy&eacute;bk&eacute;nt egy halpiac &aacute;llt a hely&eacute;n, t&ouml;bbek k&ouml;z&ouml;tt a neve is innen sz&aacute;rmazik. Cs&uacute;csos s&uuml;veg\u0171 k\u0151tornyai a h&eacute;t magyar honfoglal&oacute; vez&eacute;rt szimboliz&aacute;lj&aacute;k.<\/p><\/div>\r\n\t\t\t\t\t\t\t                        <\/li>\r\n                                                                    <li class=\"zf-list_item\">\r\n                            <div class=\"zf-list_header\">\r\n                                <h3 id=\"17\" class=\"zf-list_title\">\r\n                                    <span class=\"zf-number\">17<\/span>\r\n                                    P\u00e1ratlan m\u00fazeumi ki\u00e1ll\u00edt\u00e1sok                                <\/h3>\r\n                            <\/div>\r\n\t\t\t\t\t\t\t\t\t\t\t\t\t\t\t<figure class=\"zf-list_media zf-media-wrapper zf-image zf-type-image\">\r\n\t\t\t\t\t\t\t\t\t<div title=\"P\u00e1ratlan m\u00fazeumi ki\u00e1ll\u00edt\u00e1sok\" alt=\"P\u00e1ratlan m\u00fazeumi ki\u00e1ll\u00edt\u00e1sok\" class=\"zf-media\">\r\n\t\t\t\t\t\t\t\t\t\t<img width=\"728\" height=\"487\" src=\"https:\/\/liked.hu\/old\/wp-content\/uploads\/2020\/11\/44513b55e5853c98ee7dca217b.jpg\" class=\"\" alt=\"44513b55e5853c98ee7dca217b\" loading=\"lazy\" style=\"\" srcset=\"https:\/\/liked.hu\/old\/wp-content\/uploads\/2020\/11\/44513b55e5853c98ee7dca217b.jpg 728w, https:\/\/liked.hu\/old\/wp-content\/uploads\/2020\/11\/44513b55e5853c98ee7dca217b-300x201.jpg 300w, https:\/\/liked.hu\/old\/wp-content\/uploads\/2020\/11\/44513b55e5853c98ee7dca217b-500x334.jpg 500w, https:\/\/liked.hu\/old\/wp-content\/uploads\/2020\/11\/44513b55e5853c98ee7dca217b-360x241.jpg 360w\" sizes=\"(max-width: 728px) 100vw, 728px\" \/>\t\t\t\t\t\t\t\t\t\t\t<figcaption class=\"zf-figcaption\">\r\n                                                <cite><\/cite>\r\n\r\n                                                \t\t\t\t\t\t\t\t\t\t\t<\/figcaption>\r\n\t\t\t\t\t\t\t\t\t\t\t\t\t\t\t\t\t\t\t<\/div>\r\n\t\t\t\t\t\t\t\t\t<hr \/>\r\n\t\t\t\t\t\t\t\t<\/figure>\r\n\t\t\t\t\t\t\t\t\r\n\t\t\t\t\t\t\t\t\t\t\t\t\t\t\t<div class=\"zf-countdown_description\"><p>Magyarorsz\u00e1gon mindenki megtal\u00e1lja az \u00e9rdekl\u0151d\u00e9s\u00e9nek megfelel\u0151 t\u00e9m\u00e1j\u00fa m\u00fazeumot, \u00e9s ezt a turist\u00e1k is nagyra \u00e9rt\u00e9kelik. K\u00fcl\u00f6n\u00f6sen a kedvenc\u00fck a k\u00fcl\u00f6nf\u00e9le \u00e9tel- \u00e9s italki\u00e1ll\u00edt\u00e1sok (pl. p\u00e1linka), ahol a remekm\u0171veket nemcsak megcsod\u00e1lhatj\u00e1k, de meg is k\u00f3stolhatj\u00e1k.<\/p><\/div>\r\n\t\t\t\t\t\t\t                        <\/li>\r\n                                                                    <li class=\"zf-list_item\">\r\n                            <div class=\"zf-list_header\">\r\n                                <h3 id=\"16\" class=\"zf-list_title\">\r\n                                    <span class=\"zf-number\">16<\/span>\r\n                                    A Parlament fens\u00e9ges sz\u00e9ps\u00e9ge                                <\/h3>\r\n                            <\/div>\r\n\t\t\t\t\t\t\t\t\t\t\t\t\t\t\t<figure class=\"zf-list_media zf-media-wrapper zf-image zf-type-image\">\r\n\t\t\t\t\t\t\t\t\t<div title=\"A Parlament fens\u00e9ges sz\u00e9ps\u00e9ge\" alt=\"A Parlament fens\u00e9ges sz\u00e9ps\u00e9ge\" class=\"zf-media\">\r\n\t\t\t\t\t\t\t\t\t\t<img width=\"728\" height=\"486\" src=\"https:\/\/liked.hu\/old\/wp-content\/uploads\/2020\/11\/b6808e55488a856b266b4e9bc1.jpg\" class=\"\" alt=\"b6808e55488a856b266b4e9bc1\" loading=\"lazy\" style=\"\" srcset=\"https:\/\/liked.hu\/old\/wp-content\/uploads\/2020\/11\/b6808e55488a856b266b4e9bc1.jpg 728w, https:\/\/liked.hu\/old\/wp-content\/uploads\/2020\/11\/b6808e55488a856b266b4e9bc1-300x200.jpg 300w, https:\/\/liked.hu\/old\/wp-content\/uploads\/2020\/11\/b6808e55488a856b266b4e9bc1-500x334.jpg 500w, https:\/\/liked.hu\/old\/wp-content\/uploads\/2020\/11\/b6808e55488a856b266b4e9bc1-360x240.jpg 360w\" sizes=\"(max-width: 728px) 100vw, 728px\" \/>\t\t\t\t\t\t\t\t\t\t\t<figcaption class=\"zf-figcaption\">\r\n                                                <cite><\/cite>\r\n\r\n                                                \t\t\t\t\t\t\t\t\t\t\t<\/figcaption>\r\n\t\t\t\t\t\t\t\t\t\t\t\t\t\t\t\t\t\t\t<\/div>\r\n\t\t\t\t\t\t\t\t\t<hr \/>\r\n\t\t\t\t\t\t\t\t<\/figure>\r\n\t\t\t\t\t\t\t\t\r\n\t\t\t\t\t\t\t\t\t\t\t\t\t\t\t<div class=\"zf-countdown_description\"><p>A Parlament egy \u00e9p\u00edt\u00e9szeti csoda, ami m\u00e9ret\u00e9vel \u00e9s l\u00e1tv\u00e1ny\u00e1val egyar\u00e1nt megbabon\u00e1zza a turist\u00e1kat. A magyar nemzet f\u00fcggetlens\u00e9g\u00e9nek \u00e9s egys\u00e9g\u00e9nek szimb\u00f3luma az egyik els\u0151 hely, amit megl\u00e1togatnak a hozz\u00e1nk \u00e9rkez\u0151 turist\u00e1k.<\/p><p style=\"text-align: center\">\n<div style=\"float:none;margin:0px 0 0px 0;text-align:center;\">\n<div class=\"mobileHideke8\"><div style=\"margin-top:25px;\"><div class=\"hirdeteshatter\"><div style=\"display: inline-block;width: 50%;min-width:340px;vertical-align: top;\"><div class=\"hirdetes\">HIRDET\u00c9S<\/div>\n<!-- Liked7Q1 -->\n<ins class=\"adsbygoogle\"\n     style=\"display:inline-block;width:336px;height:280px\"\n     data-ad-client=\"ca-pub-9424088931673893\"\n     data-ad-slot=\"3022062587\"><\/ins>\n<script async>\n     (adsbygoogle = window.adsbygoogle || []).push({});\n<\/script><\/div><div style=\"display: inline-block;width: 50%;min-width:340px;vertical-align: top;\"><div class=\"hirdetes\">HIRDET\u00c9S<\/div>\n<!-- Liked7Q2 -->\n<ins class=\"adsbygoogle\"\n     style=\"display:inline-block;width:336px;height:280px\"\n     data-ad-client=\"ca-pub-9424088931673893\"\n     data-ad-slot=\"3952000871\"><\/ins>\n<script async>\n     (adsbygoogle = window.adsbygoogle || []).push({});\n<\/script><\/div><\/div><\/div><\/div>\n<div style=\"display:flex;flex-direction:column;\"><div class=\"mobileShowka8\"><div style=\"padding-top:15px;margin-bottom:15px;min-height: 300px;\"><div class=\"hirdetes\">HIRDET\u00c9S<\/div>\n<!-- Liked7QMobil -->\n<ins class=\"adsbygoogle\"\n     style=\"display:inline-block;width:336px;height:280px\"\n     data-ad-client=\"ca-pub-9424088931673893\"\n     data-ad-slot=\"5073510857\"><\/ins>\n<script async>\n     (adsbygoogle = window.adsbygoogle || []).push({});\n<\/script><\/div><\/div><\/div><\/div><\/div>\r\n\t\t\t\t\t\t\t                        <\/li>\r\n                                                                    <li class=\"zf-list_item\">\r\n                            <div class=\"zf-list_header\">\r\n                                <h3 id=\"15\" class=\"zf-list_title\">\r\n                                    <span class=\"zf-number\">15<\/span>\r\n                                    A magyar tenger                                <\/h3>\r\n                            <\/div>\r\n\t\t\t\t\t\t\t\t\t\t\t\t\t\t\t<figure class=\"zf-list_media zf-media-wrapper zf-image zf-type-image\">\r\n\t\t\t\t\t\t\t\t\t<div title=\"A magyar tenger\" alt=\"A magyar tenger\" class=\"zf-media\">\r\n\t\t\t\t\t\t\t\t\t\t<img width=\"728\" height=\"508\" src=\"https:\/\/liked.hu\/old\/wp-content\/uploads\/2020\/11\/479f705c7ba099c20deb8cae16.jpg\" class=\"\" alt=\"479f705c7ba099c20deb8cae16\" loading=\"lazy\" style=\"\" srcset=\"https:\/\/liked.hu\/old\/wp-content\/uploads\/2020\/11\/479f705c7ba099c20deb8cae16.jpg 728w, https:\/\/liked.hu\/old\/wp-content\/uploads\/2020\/11\/479f705c7ba099c20deb8cae16-300x209.jpg 300w, https:\/\/liked.hu\/old\/wp-content\/uploads\/2020\/11\/479f705c7ba099c20deb8cae16-500x349.jpg 500w, https:\/\/liked.hu\/old\/wp-content\/uploads\/2020\/11\/479f705c7ba099c20deb8cae16-360x251.jpg 360w\" sizes=\"(max-width: 728px) 100vw, 728px\" \/>\t\t\t\t\t\t\t\t\t\t\t<figcaption class=\"zf-figcaption\">\r\n                                                <cite><\/cite>\r\n\r\n                                                \t\t\t\t\t\t\t\t\t\t\t<\/figcaption>\r\n\t\t\t\t\t\t\t\t\t\t\t\t\t\t\t\t\t\t\t<\/div>\r\n\t\t\t\t\t\t\t\t\t<hr \/>\r\n\t\t\t\t\t\t\t\t<\/figure>\r\n\t\t\t\t\t\t\t\t\r\n\t\t\t\t\t\t\t\t\t\t\t\t\t\t\t<div class=\"zf-countdown_description\"><p>Haz\u00e1nk egyik nemzeti b\u00fcszkes\u00e9ge k\u00e9ts\u00e9gk\u00edv\u00fcl a K\u00f6z\u00e9p-Eur\u00f3pa legnagyobb tav\u00e1nak sz\u00e1m\u00edt\u00f3 Balaton, ami sokszor becsapja a felk\u00e9sz\u00fcletlen\u00fcl \u00e9rkez\u0151 turist\u00e1kat, akik elk\u00e9peszt\u0151 m\u00e9rete miatt hajlamosak azt hinni r\u00f3la, hogy ez t\u00e9nyleg egy tenger.<\/p><\/div>\r\n\t\t\t\t\t\t\t                        <\/li>\r\n                                                                    <li class=\"zf-list_item\">\r\n                            <div class=\"zf-list_header\">\r\n                                <h3 id=\"14\" class=\"zf-list_title\">\r\n                                    <span class=\"zf-number\">14<\/span>\r\n                                    L\u00e1nch\u00edd                                <\/h3>\r\n                            <\/div>\r\n\t\t\t\t\t\t\t\t\t\t\t\t\t\t\t<figure class=\"zf-list_media zf-media-wrapper zf-image zf-type-image\">\r\n\t\t\t\t\t\t\t\t\t<div title=\"L\u00e1nch\u00edd\" alt=\"L\u00e1nch\u00edd\" class=\"zf-media\">\r\n\t\t\t\t\t\t\t\t\t\t<img width=\"728\" height=\"407\" src=\"https:\/\/liked.hu\/old\/wp-content\/uploads\/2020\/11\/ef79f65c2390612a6f6270b8e1.jpg\" class=\"\" alt=\"ef79f65c2390612a6f6270b8e1\" loading=\"lazy\" style=\"\" srcset=\"https:\/\/liked.hu\/old\/wp-content\/uploads\/2020\/11\/ef79f65c2390612a6f6270b8e1.jpg 728w, https:\/\/liked.hu\/old\/wp-content\/uploads\/2020\/11\/ef79f65c2390612a6f6270b8e1-300x168.jpg 300w, https:\/\/liked.hu\/old\/wp-content\/uploads\/2020\/11\/ef79f65c2390612a6f6270b8e1-500x280.jpg 500w, https:\/\/liked.hu\/old\/wp-content\/uploads\/2020\/11\/ef79f65c2390612a6f6270b8e1-360x201.jpg 360w\" sizes=\"(max-width: 728px) 100vw, 728px\" \/>\t\t\t\t\t\t\t\t\t\t\t<figcaption class=\"zf-figcaption\">\r\n                                                <cite><\/cite>\r\n\r\n                                                \t\t\t\t\t\t\t\t\t\t\t<\/figcaption>\r\n\t\t\t\t\t\t\t\t\t\t\t\t\t\t\t\t\t\t\t<\/div>\r\n\t\t\t\t\t\t\t\t\t<hr \/>\r\n\t\t\t\t\t\t\t\t<\/figure>\r\n\t\t\t\t\t\t\t\t\r\n\t\t\t\t\t\t\t\t\t\t\t\t\t\t\t<div class=\"zf-countdown_description\"><p>Bud\u00e1t \u00e9s Pestet 7 gy\u00f6ny\u00f6r\u0171 h\u00edd k\u00f6ti \u00f6ssze, \u00e1m ezek k\u00f6z\u00fcl k\u00e9ts\u00e9gk\u00edv\u00fcl a L\u00e1nch\u00edd a legkedveltebb a turist\u00e1k k\u00f6r\u00e9ben. Will Smith is ennek a tetej\u00e9re <a href=\"https:\/\/www.instagram.com\/p\/BlI86RBnfSA\/\" rel=\"noopener noreferrer\" target=\"_blank\">m\u00e1szott fel<\/a> \u00e9s kezdett t\u00e1ncolni a budapesti l\u00e1togat\u00e1sa sor\u00e1n.<\/p><\/div>\r\n\t\t\t\t\t\t\t                        <\/li>\r\n                                                                    <li class=\"zf-list_item\">\r\n                            <div class=\"zf-list_header\">\r\n                                <h3 id=\"13\" class=\"zf-list_title\">\r\n                                    <span class=\"zf-number\">13<\/span>\r\n                                    Cs\u00edp\u0151s kolb\u00e1szok                                <\/h3>\r\n                            <\/div>\r\n\t\t\t\t\t\t\t\t\t\t\t\t\t\t\t<figure class=\"zf-list_media zf-media-wrapper zf-image zf-type-image\">\r\n\t\t\t\t\t\t\t\t\t<div title=\"Cs\u00edp\u0151s kolb\u00e1szok\" alt=\"Cs\u00edp\u0151s kolb\u00e1szok\" class=\"zf-media\">\r\n\t\t\t\t\t\t\t\t\t\t<img width=\"728\" height=\"485\" src=\"https:\/\/liked.hu\/old\/wp-content\/uploads\/2020\/11\/c8229d556f9a128f861ea2838d.jpg\" class=\"\" alt=\"c8229d556f9a128f861ea2838d\" loading=\"lazy\" style=\"\" srcset=\"https:\/\/liked.hu\/old\/wp-content\/uploads\/2020\/11\/c8229d556f9a128f861ea2838d.jpg 728w, https:\/\/liked.hu\/old\/wp-content\/uploads\/2020\/11\/c8229d556f9a128f861ea2838d-300x200.jpg 300w, https:\/\/liked.hu\/old\/wp-content\/uploads\/2020\/11\/c8229d556f9a128f861ea2838d-500x333.jpg 500w, https:\/\/liked.hu\/old\/wp-content\/uploads\/2020\/11\/c8229d556f9a128f861ea2838d-360x240.jpg 360w\" sizes=\"(max-width: 728px) 100vw, 728px\" \/>\t\t\t\t\t\t\t\t\t\t\t<figcaption class=\"zf-figcaption\">\r\n                                                <cite><\/cite>\r\n\r\n                                                \t\t\t\t\t\t\t\t\t\t\t<\/figcaption>\r\n\t\t\t\t\t\t\t\t\t\t\t\t\t\t\t\t\t\t\t<\/div>\r\n\t\t\t\t\t\t\t\t\t<hr \/>\r\n\t\t\t\t\t\t\t\t<\/figure>\r\n\t\t\t\t\t\t\t\t\r\n\t\t\t\t\t\t\t\t\t\t\t\t\t\t\t<div class=\"zf-countdown_description\"><p>A Magyarorsz\u00e1gra l\u00e1togat\u00f3 turist\u00e1k sz\u00e1m\u00e1ra a k\u00fcl\u00f6nleges helyi kolb\u00e1szok kipr\u00f3b\u00e1l\u00e1sa annyira alapvet\u0151nek sz\u00e1m\u00edt, mint Olaszorsz\u00e1gban pizz\u00e1t k\u00f3stolni.<\/p><p style=\"text-align: center\">\n<div style=\"float:none;margin:0px 0 0px 0;text-align:center;\">\n<div class=\"mobileHideke8\"><div class=\"hirdeteshatter\"><div style=\"display: inline-block;width: 50%;min-width:340px;vertical-align: top;\"><div class=\"hirdetes\">HIRDET\u00c9S<\/div>\n<!-- LikedQ81 -->\n<ins class=\"adsbygoogle\"\n     style=\"display:inline-block;width:336px;height:280px\"\n     data-ad-client=\"ca-pub-9424088931673893\"\n     data-ad-slot=\"2436840276\"><\/ins>\n<script async>\n     (adsbygoogle = window.adsbygoogle || []).push({});\n<\/script><\/div><div style=\"display: inline-block;width: 50%;min-width:340px;vertical-align: top;\"><div class=\"hirdetes\">HIRDET\u00c9S<\/div>\n<!-- LikedQ82 -->\n<ins class=\"adsbygoogle\"\n     style=\"display:inline-block;width:336px;height:280px\"\n     data-ad-client=\"ca-pub-9424088931673893\"\n     data-ad-slot=\"3558350253\"><\/ins>\n<script async>\n     (adsbygoogle = window.adsbygoogle || []).push({});\n<\/script><\/div><\/div><\/div>\n<div style=\"display:flex;flex-direction:column;\"><div class=\"mobileShowka8 nyolc\"><div style=\"padding-top:15px;padding-bottom:5px;min-height: 300px;\"><div class=\"hirdetes\">HIRDET\u00c9S<\/div>\n<!-- LikedQ8M -->\n<ins class=\"adsbygoogle\"\n     style=\"display:inline-block;width:336px;height:280px\"\n     data-ad-client=\"ca-pub-9424088931673893\"\n     data-ad-slot=\"4679860235\"><\/ins>\n<script async>\n     (adsbygoogle = window.adsbygoogle || []).push({});\n<\/script><\/div><\/div><\/div><\/div><\/div>\r\n\t\t\t\t\t\t\t                        <\/li>\r\n                                                                    <li class=\"zf-list_item\">\r\n                            <div class=\"zf-list_header\">\r\n                                <h3 id=\"12\" class=\"zf-list_title\">\r\n                                    <span class=\"zf-number\">12<\/span>\r\n                                    A vil\u00e1g leghosszabb villamosai                                <\/h3>\r\n                            <\/div>\r\n\t\t\t\t\t\t\t\t\t\t\t\t\t\t\t<figure class=\"zf-list_media zf-media-wrapper zf-image zf-type-image\">\r\n\t\t\t\t\t\t\t\t\t<div title=\"A vil\u00e1g leghosszabb villamosai\" alt=\"A vil\u00e1g leghosszabb villamosai\" class=\"zf-media\">\r\n\t\t\t\t\t\t\t\t\t\t<img width=\"728\" height=\"440\" src=\"https:\/\/liked.hu\/old\/wp-content\/uploads\/2020\/11\/a5a8855d5c8323890c912161ec.jpg\" class=\"\" alt=\"a5a8855d5c8323890c912161ec\" loading=\"lazy\" style=\"\" srcset=\"https:\/\/liked.hu\/old\/wp-content\/uploads\/2020\/11\/a5a8855d5c8323890c912161ec.jpg 728w, https:\/\/liked.hu\/old\/wp-content\/uploads\/2020\/11\/a5a8855d5c8323890c912161ec-300x181.jpg 300w, https:\/\/liked.hu\/old\/wp-content\/uploads\/2020\/11\/a5a8855d5c8323890c912161ec-500x302.jpg 500w, https:\/\/liked.hu\/old\/wp-content\/uploads\/2020\/11\/a5a8855d5c8323890c912161ec-360x218.jpg 360w\" sizes=\"(max-width: 728px) 100vw, 728px\" \/>\t\t\t\t\t\t\t\t\t\t\t<figcaption class=\"zf-figcaption\">\r\n                                                <cite><\/cite>\r\n\r\n                                                \t\t\t\t\t\t\t\t\t\t\t<\/figcaption>\r\n\t\t\t\t\t\t\t\t\t\t\t\t\t\t\t\t\t\t\t<\/div>\r\n\t\t\t\t\t\t\t\t\t<hr \/>\r\n\t\t\t\t\t\t\t\t<\/figure>\r\n\t\t\t\t\t\t\t\t\r\n\t\t\t\t\t\t\t\t\t\t\t\t\t\t\t<div class=\"zf-countdown_description\"><p>A mi fant\u00e1zi\u00e1nkat val\u00f3sz\u00edn\u0171leg kev\u00e9sb\u00e9 mozgatja meg a budapesti villamosok l\u00e1tv\u00e1nya, a k\u00fclf\u00f6ldiek\u00e9t viszont ann\u00e1l ink\u00e1bb - \u00e9s nem is ok n\u00e9lk\u00fcl, teszem azt hozz\u00e1. Nem mindenki tudja p\u00e9ld\u00e1ul, de a budapesti 1-es vonalon k\u00f6zleked\u0151 CAF villamos a maga t\u00f6bb mint 50 m\u00e9teres hossz\u00e1val a vil\u00e1g leghosszabb villamos\u00e1nak sz\u00e1m\u00edt.<\/p><\/div>\r\n\t\t\t\t\t\t\t                        <\/li>\r\n                                                                    <li class=\"zf-list_item\">\r\n                            <div class=\"zf-list_header\">\r\n                                <h3 id=\"11\" class=\"zf-list_title\">\r\n                                    <span class=\"zf-number\">11<\/span>\r\n                                    K\u00f6z\u00e9pkori utc\u00e1k                                <\/h3>\r\n                            <\/div>\r\n\t\t\t\t\t\t\t\t\t\t\t\t\t\t\t<figure class=\"zf-list_media zf-media-wrapper zf-image zf-type-image\">\r\n\t\t\t\t\t\t\t\t\t<div title=\"K\u00f6z\u00e9pkori utc\u00e1k\" alt=\"K\u00f6z\u00e9pkori utc\u00e1k\" class=\"zf-media\">\r\n\t\t\t\t\t\t\t\t\t\t<img width=\"728\" height=\"484\" src=\"https:\/\/liked.hu\/old\/wp-content\/uploads\/2020\/11\/be124650efbd19cc331bfd5eae.jpg\" class=\"\" alt=\"be124650efbd19cc331bfd5eae\" loading=\"lazy\" style=\"\" srcset=\"https:\/\/liked.hu\/old\/wp-content\/uploads\/2020\/11\/be124650efbd19cc331bfd5eae.jpg 728w, https:\/\/liked.hu\/old\/wp-content\/uploads\/2020\/11\/be124650efbd19cc331bfd5eae-300x199.jpg 300w, https:\/\/liked.hu\/old\/wp-content\/uploads\/2020\/11\/be124650efbd19cc331bfd5eae-500x332.jpg 500w, https:\/\/liked.hu\/old\/wp-content\/uploads\/2020\/11\/be124650efbd19cc331bfd5eae-360x239.jpg 360w\" sizes=\"(max-width: 728px) 100vw, 728px\" \/>\t\t\t\t\t\t\t\t\t\t\t<figcaption class=\"zf-figcaption\">\r\n                                                <cite><\/cite>\r\n\r\n                                                \t\t\t\t\t\t\t\t\t\t\t<\/figcaption>\r\n\t\t\t\t\t\t\t\t\t\t\t\t\t\t\t\t\t\t\t<\/div>\r\n\t\t\t\t\t\t\t\t\t<hr \/>\r\n\t\t\t\t\t\t\t\t<\/figure>\r\n\t\t\t\t\t\t\t\t\r\n\t\t\t\t\t\t\t\t\t\t\t\t\t\t\t<div class=\"zf-countdown_description\"><p>A turist\u00e1k nagy el\u0151nyk\u00e9nt emlegetik, hogy Magyarorsz\u00e1gra \u00e9rkezve n\u00e9h\u00e1ny perc utaz\u00e1ssal a zajos metropoliszb\u00f3l hirtelen egy csendes \u00e9s hangulatos kisv\u00e1rosban tal\u00e1lhatj\u00e1k magukat, ahol nagyon kellemes s\u00e9t\u00e1lni a csal\u00e1ddal \u00e9s a bar\u00e1tokkal.<\/p><\/div>\r\n\t\t\t\t\t\t\t                        <\/li>\r\n                                                                        <\/ol>\r\n        <\/div>\r\n    <\/div>\r\n    <\/div>\r\n\r\n<!--nextpage--><div id=\"zombify-main-section-front\" class=\"zombify-main-section-front zombify-screen zf-media-full\">\r\n\t<link rel=\"stylesheet\" type=\"text\/css\" href=\"https:\/\/liked.hu\/old\/js\/zombify.css\">\r\n    <link rel=\"stylesheet\" type=\"text\/css\" href=\"https:\/\/liked.hu\/old\/wp-content\/themes\/newsy-child\/style.css\">\r\n\t<div class=\"zf-container\">\r\n\t\t<div id=\"zf-countdown\" class=\"zf-countdown zf-list zf-numbered\">\r\n\t\t\t<ol class=\"zf-structure-list\">\r\n\t\t\t\t                        <li class=\"zf-list_item\">\r\n                            <div class=\"zf-list_header\">\r\n                                <h3 id=\"10\" class=\"zf-list_title\">\r\n                                    <span class=\"zf-number\">10<\/span>\r\n                                    Egyed\u00fcl\u00e1ll\u00f3 barlangtemplom                                <\/h3>\r\n                            <\/div>\r\n\t\t\t\t\t\t\t\t\t\t\t\t\t\t\t<figure class=\"zf-list_media zf-media-wrapper zf-image zf-type-image\">\r\n\t\t\t\t\t\t\t\t\t<div title=\"Egyed\u00fcl\u00e1ll\u00f3 barlangtemplom\" alt=\"Egyed\u00fcl\u00e1ll\u00f3 barlangtemplom\" class=\"zf-media\">\r\n\t\t\t\t\t\t\t\t\t\t<img width=\"728\" height=\"491\" src=\"https:\/\/liked.hu\/old\/wp-content\/uploads\/2020\/11\/0741295aeab6c79c387e2d9127.jpg\" class=\"\" alt=\"0741295aeab6c79c387e2d9127\" loading=\"lazy\" style=\"\" srcset=\"https:\/\/liked.hu\/old\/wp-content\/uploads\/2020\/11\/0741295aeab6c79c387e2d9127.jpg 728w, https:\/\/liked.hu\/old\/wp-content\/uploads\/2020\/11\/0741295aeab6c79c387e2d9127-300x202.jpg 300w, https:\/\/liked.hu\/old\/wp-content\/uploads\/2020\/11\/0741295aeab6c79c387e2d9127-500x337.jpg 500w, https:\/\/liked.hu\/old\/wp-content\/uploads\/2020\/11\/0741295aeab6c79c387e2d9127-360x243.jpg 360w\" sizes=\"(max-width: 728px) 100vw, 728px\" \/>\t\t\t\t\t\t\t\t\t\t\t<figcaption class=\"zf-figcaption\">\r\n                                                <cite><\/cite>\r\n\r\n                                                \t\t\t\t\t\t\t\t\t\t\t<\/figcaption>\r\n\t\t\t\t\t\t\t\t\t\t\t\t\t\t\t\t\t\t\t<\/div>\r\n\t\t\t\t\t\t\t\t\t<hr \/>\r\n\t\t\t\t\t\t\t\t<\/figure>\r\n\t\t\t\t\t\t\t\t\r\n\t\t\t\t\t\t\t\t\t\t\t\t\t\t\t<div class=\"zf-countdown_description\"><p>A sziklak\u00e1polna \u00e9s a P\u00e1los szerzetesek egyed\u00fcl\u00e1ll\u00f3, k\u00f6zel 800 \u00e9ve m\u0171k\u00f6d\u0151 barlangtemploma mindig \u00e1mulattal t\u00f6lti el az ide \u00e9rkez\u0151 turist\u00e1kat.<\/p><p style=\"text-align: center\">\n<div style=\"float:none;margin:0px 0 0px 0;text-align:center;\">\n<div class=\"mobileHideke8\"><div class=\"hirdeteshatter\"><div style=\"display: inline-block;width: 50%;min-width:340px;vertical-align: top;\"><div class=\"hirdetes\">HIRDET\u00c9S<\/div>\n<!-- LikedQ81 -->\n<ins class=\"adsbygoogle\"\n     style=\"display:inline-block;width:336px;height:280px\"\n     data-ad-client=\"ca-pub-9424088931673893\"\n     data-ad-slot=\"2436840276\"><\/ins>\n<script async>\n     (adsbygoogle = window.adsbygoogle || []).push({});\n<\/script><\/div><div style=\"display: inline-block;width: 50%;min-width:340px;vertical-align: top;\"><div class=\"hirdetes\">HIRDET\u00c9S<\/div>\n<!-- LikedQ82 -->\n<ins class=\"adsbygoogle\"\n     style=\"display:inline-block;width:336px;height:280px\"\n     data-ad-client=\"ca-pub-9424088931673893\"\n     data-ad-slot=\"3558350253\"><\/ins>\n<script async>\n     (adsbygoogle = window.adsbygoogle || []).push({});\n<\/script><\/div><\/div><\/div>\n<div style=\"display:flex;flex-direction:column;\"><div class=\"mobileShowka8 nyolc\"><div style=\"padding-top:15px;padding-bottom:5px;min-height: 300px;\"><div class=\"hirdetes\">HIRDET\u00c9S<\/div>\n<!-- LikedQ8M -->\n<ins class=\"adsbygoogle\"\n     style=\"display:inline-block;width:336px;height:280px\"\n     data-ad-client=\"ca-pub-9424088931673893\"\n     data-ad-slot=\"4679860235\"><\/ins>\n<script async>\n     (adsbygoogle = window.adsbygoogle || []).push({});\n<\/script><\/div><\/div><\/div><\/div><\/div>\r\n\t\t\t\t\t\t\t                        <\/li>\r\n                                                                    <li class=\"zf-list_item\">\r\n                            <div class=\"zf-list_header\">\r\n                                <h3 id=\"9\" class=\"zf-list_title\">\r\n                                    <span class=\"zf-number\">9<\/span>\r\n                                    Term\u00e1lforr\u00e1sok \u00e9s f\u00fcrd\u0151k                                <\/h3>\r\n                            <\/div>\r\n\t\t\t\t\t\t\t\t\t\t\t\t\t\t\t<figure class=\"zf-list_media zf-media-wrapper zf-image zf-type-image\">\r\n\t\t\t\t\t\t\t\t\t<div title=\"Term\u00e1lforr\u00e1sok \u00e9s f\u00fcrd\u0151k\" alt=\"Term\u00e1lforr\u00e1sok \u00e9s f\u00fcrd\u0151k\" class=\"zf-media\">\r\n\t\t\t\t\t\t\t\t\t\t<img width=\"728\" height=\"486\" src=\"https:\/\/liked.hu\/old\/wp-content\/uploads\/2020\/11\/e1c90b58f6a8bebea25d82ebe5.jpg\" class=\"\" alt=\"e1c90b58f6a8bebea25d82ebe5\" loading=\"lazy\" style=\"\" srcset=\"https:\/\/liked.hu\/old\/wp-content\/uploads\/2020\/11\/e1c90b58f6a8bebea25d82ebe5.jpg 728w, https:\/\/liked.hu\/old\/wp-content\/uploads\/2020\/11\/e1c90b58f6a8bebea25d82ebe5-300x200.jpg 300w, https:\/\/liked.hu\/old\/wp-content\/uploads\/2020\/11\/e1c90b58f6a8bebea25d82ebe5-500x334.jpg 500w, https:\/\/liked.hu\/old\/wp-content\/uploads\/2020\/11\/e1c90b58f6a8bebea25d82ebe5-360x240.jpg 360w\" sizes=\"(max-width: 728px) 100vw, 728px\" \/>\t\t\t\t\t\t\t\t\t\t\t<figcaption class=\"zf-figcaption\">\r\n                                                <cite><\/cite>\r\n\r\n                                                \t\t\t\t\t\t\t\t\t\t\t<\/figcaption>\r\n\t\t\t\t\t\t\t\t\t\t\t\t\t\t\t\t\t\t\t<\/div>\r\n\t\t\t\t\t\t\t\t\t<hr \/>\r\n\t\t\t\t\t\t\t\t<\/figure>\r\n\t\t\t\t\t\t\t\t\r\n\t\t\t\t\t\t\t\t\t\t\t\t\t\t\t<div class=\"zf-countdown_description\"><p>A magyar f\u0151v\u00e1ros ad otthont Eur\u00f3pa legnagyobb f\u00fcrd\u0151k\u00f6zpontj\u00e1nak, ez\u00e9rt nem is csod\u00e1lkozunk rajta nagyon, hogy az ide \u00e9rkez\u0151 turist\u00e1k teend\u0151i k\u00f6z\u00f6tt szinte kiv\u00e9tel n\u00e9lk\u00fcl szerepel a Sz\u00e9chenyi vagy a Gell\u00e9rt f\u00fcrd\u0151 megl\u00e1togat\u00e1sa.<\/p><\/div>\r\n\t\t\t\t\t\t\t                        <\/li>\r\n                                                                    <li class=\"zf-list_item\">\r\n                            <div class=\"zf-list_header\">\r\n                                <h3 id=\"8\" class=\"zf-list_title\">\r\n                                    <span class=\"zf-number\">8<\/span>\r\n                                    K\u00fcrt\u00f6skal\u00e1cs                                <\/h3>\r\n                            <\/div>\r\n\t\t\t\t\t\t\t\t\t\t\t\t\t\t\t<figure class=\"zf-list_media zf-media-wrapper zf-image zf-type-image\">\r\n\t\t\t\t\t\t\t\t\t<div title=\"K\u00fcrt\u00f6skal\u00e1cs\" alt=\"K\u00fcrt\u00f6skal\u00e1cs\" class=\"zf-media\">\r\n\t\t\t\t\t\t\t\t\t\t<img width=\"728\" height=\"561\" src=\"https:\/\/liked.hu\/old\/wp-content\/uploads\/2020\/11\/04f83053779189ccd0bee5e13a.jpg\" class=\"\" alt=\"04f83053779189ccd0bee5e13a\" loading=\"lazy\" style=\"\" srcset=\"https:\/\/liked.hu\/old\/wp-content\/uploads\/2020\/11\/04f83053779189ccd0bee5e13a.jpg 728w, https:\/\/liked.hu\/old\/wp-content\/uploads\/2020\/11\/04f83053779189ccd0bee5e13a-300x231.jpg 300w, https:\/\/liked.hu\/old\/wp-content\/uploads\/2020\/11\/04f83053779189ccd0bee5e13a-500x385.jpg 500w, https:\/\/liked.hu\/old\/wp-content\/uploads\/2020\/11\/04f83053779189ccd0bee5e13a-360x277.jpg 360w\" sizes=\"(max-width: 728px) 100vw, 728px\" \/>\t\t\t\t\t\t\t\t\t\t\t<figcaption class=\"zf-figcaption\">\r\n                                                <cite><\/cite>\r\n\r\n                                                \t\t\t\t\t\t\t\t\t\t\t<\/figcaption>\r\n\t\t\t\t\t\t\t\t\t\t\t\t\t\t\t\t\t\t\t<\/div>\r\n\t\t\t\t\t\t\t\t\t<hr \/>\r\n\t\t\t\t\t\t\t\t<\/figure>\r\n\t\t\t\t\t\t\t\t\r\n\t\t\t\t\t\t\t\t\t\t\t\t\t\t\t<div class=\"zf-countdown_description\"><p>A helyi p\u00e9ks\u00e9gekben \u00e9s v\u00e1rosi piacokon kaphat\u00f3 szokatlan form\u00e1j\u00fa p\u00e9k\u00e1ruk nemcsak sz\u00e1munkra olyan cs\u00e1b\u00edt\u00f3k. Azok a turist\u00e1k, akik m\u00e1r k\u00f3stolt\u00e1k, \u00e9pp \u00fagy meg\u0151r\u00fclnek a k\u00fcrt\u00f6skal\u00e1cs\u00e9rt, mint mi.<\/p><p style=\"text-align: center\">\n<div style=\"float:none;margin:0px 0 0px 0;text-align:center;\">\n<div class=\"mobileHideke5\"><div style=\"margin-top:25px;\"><div class=\"hirdeteshatter\"><div style=\"display: inline-block;width: 50%;min-width:305px;vertical-align: top;\"><div class=\"hirdetes\">HIRDET\u00c9S<\/div>\n<!-- LikedQ51 -->\n<ins class=\"adsbygoogle\"\n     style=\"display:inline-block;width:300px;height:250px\"\n     data-ad-client=\"ca-pub-9424088931673893\"\n     data-ad-slot=\"8284063326\"><\/ins>\n<script async>\n     (adsbygoogle = window.adsbygoogle || []).push({});\n<\/script><\/div><div style=\"display: inline-block;width: 50%;min-width:305px;vertical-align: top;\"><div class=\"hirdetes\">HIRDET\u00c9S<\/div>\n<!-- LikedQ52 -->\n<ins class=\"adsbygoogle\"\n     style=\"display:inline-block;width:300px;height:250px\"\n     data-ad-client=\"ca-pub-9424088931673893\"\n     data-ad-slot=\"2840164950\"><\/ins>\n<script async>\n     (adsbygoogle = window.adsbygoogle || []).push({});\n<\/script><\/div><\/div><\/div><\/div>\n<div style=\"display:flex;flex-direction:column;\"><div class=\"mobileShowka5\"><div style=\"padding-top:10px;padding-bottom:10px;min-height: 300px;\"><div class=\"hirdetes\">HIRDET\u00c9S<\/div>\n<!-- LikedQ5M -->\n<ins class=\"adsbygoogle\"\n     style=\"display:inline-block;width:300px;height:250px\"\n     data-ad-client=\"ca-pub-9424088931673893\"\n     data-ad-slot=\"9022429928\"><\/ins>\n<script async>\n     (adsbygoogle = window.adsbygoogle || []).push({});\n<\/script><\/div><\/div><\/div><\/div><\/div>\r\n\t\t\t\t\t\t\t                        <\/li>\r\n                                                                    <li class=\"zf-list_item\">\r\n                            <div class=\"zf-list_header\">\r\n                                <h3 id=\"7\" class=\"zf-list_title\">\r\n                                    <span class=\"zf-number\">7<\/span>\r\n                                    Felejthetetlen tihanyi naplement\u00e9k                                <\/h3>\r\n                            <\/div>\r\n\t\t\t\t\t\t\t\t\t\t\t\t\t\t\t<figure class=\"zf-list_media zf-media-wrapper zf-image zf-type-image\">\r\n\t\t\t\t\t\t\t\t\t<div title=\"Felejthetetlen tihanyi naplement\u00e9k\" alt=\"Felejthetetlen tihanyi naplement\u00e9k\" class=\"zf-media\">\r\n\t\t\t\t\t\t\t\t\t\t<img width=\"728\" height=\"485\" src=\"https:\/\/liked.hu\/old\/wp-content\/uploads\/2020\/11\/045b565815b7dd3762c72e941d.jpg\" class=\"\" alt=\"045b565815b7dd3762c72e941d\" loading=\"lazy\" style=\"\" srcset=\"https:\/\/liked.hu\/old\/wp-content\/uploads\/2020\/11\/045b565815b7dd3762c72e941d.jpg 728w, https:\/\/liked.hu\/old\/wp-content\/uploads\/2020\/11\/045b565815b7dd3762c72e941d-300x200.jpg 300w, https:\/\/liked.hu\/old\/wp-content\/uploads\/2020\/11\/045b565815b7dd3762c72e941d-500x333.jpg 500w, https:\/\/liked.hu\/old\/wp-content\/uploads\/2020\/11\/045b565815b7dd3762c72e941d-360x240.jpg 360w\" sizes=\"(max-width: 728px) 100vw, 728px\" \/>\t\t\t\t\t\t\t\t\t\t\t<figcaption class=\"zf-figcaption\">\r\n                                                <cite><\/cite>\r\n\r\n                                                \t\t\t\t\t\t\t\t\t\t\t<\/figcaption>\r\n\t\t\t\t\t\t\t\t\t\t\t\t\t\t\t\t\t\t\t<\/div>\r\n\t\t\t\t\t\t\t\t\t<hr \/>\r\n\t\t\t\t\t\t\t\t<\/figure>\r\n\t\t\t\t\t\t\t\t\r\n\t\t\t\t\t\t\t\t\t\t\t\t\t\t\t<div class=\"zf-countdown_description\"><p>B\u00e1r a Tihanyi-f\u00e9lsziget kocsival is t\u00f6bb, mint egy \u00f3r\u00e1ra van Budapestt\u0151l, a hozz\u00e1nk l\u00e1togat\u00f3 turist\u00e1k k\u00f6z\u00f6tt ennek ellen\u00e9re k\u00f6zkedvelt \u00fatic\u00e9lnak sz\u00e1m\u00edt. A t\u00f6rt\u00e9nelmi m\u0171eml\u00e9kek \u00e9s m\u00fazeumok mellett a csod\u00e1latos kil\u00e1t\u00e1s az, ami a legjobban vonzza a turist\u00e1kat.<\/p><\/div>\r\n\t\t\t\t\t\t\t                        <\/li>\r\n                                                                    <li class=\"zf-list_item\">\r\n                            <div class=\"zf-list_header\">\r\n                                <h3 id=\"6\" class=\"zf-list_title\">\r\n                                    <span class=\"zf-number\">6<\/span>\r\n                                     Anonymus szobra                                <\/h3>\r\n                            <\/div>\r\n\t\t\t\t\t\t\t\t\t\t\t\t\t\t\t<figure class=\"zf-list_media zf-media-wrapper zf-image zf-type-image\">\r\n\t\t\t\t\t\t\t\t\t<div title=\" Anonymus szobra\" alt=\" Anonymus szobra\" class=\"zf-media\">\r\n\t\t\t\t\t\t\t\t\t\t<img width=\"728\" height=\"546\" src=\"https:\/\/liked.hu\/old\/wp-content\/uploads\/2020\/11\/e9e85c5cddba20ef5357578b1c.JPG\" class=\"\" alt=\"e9e85c5cddba20ef5357578b1c\" loading=\"lazy\" style=\"\" srcset=\"https:\/\/liked.hu\/old\/wp-content\/uploads\/2020\/11\/e9e85c5cddba20ef5357578b1c.JPG 728w, https:\/\/liked.hu\/old\/wp-content\/uploads\/2020\/11\/e9e85c5cddba20ef5357578b1c-300x225.jpg 300w, https:\/\/liked.hu\/old\/wp-content\/uploads\/2020\/11\/e9e85c5cddba20ef5357578b1c-500x375.jpg 500w, https:\/\/liked.hu\/old\/wp-content\/uploads\/2020\/11\/e9e85c5cddba20ef5357578b1c-200x150.jpg 200w, https:\/\/liked.hu\/old\/wp-content\/uploads\/2020\/11\/e9e85c5cddba20ef5357578b1c-360x270.jpg 360w\" sizes=\"(max-width: 728px) 100vw, 728px\" \/>\t\t\t\t\t\t\t\t\t\t\t<figcaption class=\"zf-figcaption\">\r\n                                                <cite><\/cite>\r\n\r\n                                                \t\t\t\t\t\t\t\t\t\t\t<\/figcaption>\r\n\t\t\t\t\t\t\t\t\t\t\t\t\t\t\t\t\t\t\t<\/div>\r\n\t\t\t\t\t\t\t\t\t<hr \/>\r\n\t\t\t\t\t\t\t\t<\/figure>\r\n\t\t\t\t\t\t\t\t\r\n\t\t\t\t\t\t\t\t\t\t\t\t\t\t\t<div class=\"zf-countdown_description\"><p>A k\u00f6zel k\u00e9t m\u00e9ter magas szobor a V\u00e1rosligetben a Vajdahunyad v\u00e1ra mellett tal\u00e1lhat\u00f3 \u00e9s titokzatoss\u00e1ga m\u00e1gnesk\u00e9nt vonzza a V\u00e1rosligetben megfordul\u00f3 turist\u00e1kat.<\/p><\/div>\r\n\t\t\t\t\t\t\t                        <\/li>\r\n                                                                    <li class=\"zf-list_item\">\r\n                            <div class=\"zf-list_header\">\r\n                                <h3 id=\"5\" class=\"zf-list_title\">\r\n                                    <span class=\"zf-number\">5<\/span>\r\n                                    Tokaji sz\u0151l\u0151\u00fcltetv\u00e9nyek                                <\/h3>\r\n                            <\/div>\r\n\t\t\t\t\t\t\t\t\t\t\t\t\t\t\t<figure class=\"zf-list_media zf-media-wrapper zf-image zf-type-image\">\r\n\t\t\t\t\t\t\t\t\t<div title=\"Tokaji sz\u0151l\u0151\u00fcltetv\u00e9nyek\" alt=\"Tokaji sz\u0151l\u0151\u00fcltetv\u00e9nyek\" class=\"zf-media\">\r\n\t\t\t\t\t\t\t\t\t\t<img width=\"728\" height=\"486\" src=\"https:\/\/liked.hu\/old\/wp-content\/uploads\/2020\/11\/0f8bb85127ad153c35ebdb6578.jpg\" class=\"\" alt=\"0f8bb85127ad153c35ebdb6578\" loading=\"lazy\" style=\"\" srcset=\"https:\/\/liked.hu\/old\/wp-content\/uploads\/2020\/11\/0f8bb85127ad153c35ebdb6578.jpg 728w, https:\/\/liked.hu\/old\/wp-content\/uploads\/2020\/11\/0f8bb85127ad153c35ebdb6578-300x200.jpg 300w, https:\/\/liked.hu\/old\/wp-content\/uploads\/2020\/11\/0f8bb85127ad153c35ebdb6578-500x334.jpg 500w, https:\/\/liked.hu\/old\/wp-content\/uploads\/2020\/11\/0f8bb85127ad153c35ebdb6578-360x240.jpg 360w\" sizes=\"(max-width: 728px) 100vw, 728px\" \/>\t\t\t\t\t\t\t\t\t\t\t<figcaption class=\"zf-figcaption\">\r\n                                                <cite><\/cite>\r\n\r\n                                                \t\t\t\t\t\t\t\t\t\t\t<\/figcaption>\r\n\t\t\t\t\t\t\t\t\t\t\t\t\t\t\t\t\t\t\t<\/div>\r\n\t\t\t\t\t\t\t\t\t<hr \/>\r\n\t\t\t\t\t\t\t\t<\/figure>\r\n\t\t\t\t\t\t\t\t\r\n\t\t\t\t\t\t\t\t\t\t\t\t\t\t\t<div class=\"zf-countdown_description\"><p>B\u00e1r a turist\u00e1k szem\u00e9lyesen ritk\u00e1bban mennek el szem\u00e9lyesen megn\u00e9zni az \u00fcltetv\u00e9nyeket, term\u00e9szetesen nem hagyj\u00e1k ki az alkalmat, hogy megk\u00f3stolj\u00e1k az itt k\u00e9sz\u00fclt borokat, melyeket m\u00e9g a t\u00f6rt\u00e9nelem legnagyobb h\u00edress\u00e9gei, p\u00e9ld\u00e1ul Beethoven, Voltaire \u00e9s Goethe is dics\u00e9rtek.<\/p><\/div>\r\n\t\t\t\t\t\t\t                        <\/li>\r\n                                                                    <li class=\"zf-list_item\">\r\n                            <div class=\"zf-list_header\">\r\n                                <h3 id=\"4\" class=\"zf-list_title\">\r\n                                    <span class=\"zf-number\">4<\/span>\r\n                                    Mindenf\u00e9le sz\u00edn\u0171 \u00e9s \u00edz\u0171 paprika                                <\/h3>\r\n                            <\/div>\r\n\t\t\t\t\t\t\t\t\t\t\t\t\t\t\t<figure class=\"zf-list_media zf-media-wrapper zf-image zf-type-image\">\r\n\t\t\t\t\t\t\t\t\t<div title=\"Mindenf\u00e9le sz\u00edn\u0171 \u00e9s \u00edz\u0171 paprika\" alt=\"Mindenf\u00e9le sz\u00edn\u0171 \u00e9s \u00edz\u0171 paprika\" class=\"zf-media\">\r\n\t\t\t\t\t\t\t\t\t\t<img width=\"728\" height=\"485\" src=\"https:\/\/liked.hu\/old\/wp-content\/uploads\/2020\/11\/ea36c35c6e855396dc93f9e65f.jpg\" class=\"\" alt=\"ea36c35c6e855396dc93f9e65f\" loading=\"lazy\" style=\"\" srcset=\"https:\/\/liked.hu\/old\/wp-content\/uploads\/2020\/11\/ea36c35c6e855396dc93f9e65f.jpg 728w, https:\/\/liked.hu\/old\/wp-content\/uploads\/2020\/11\/ea36c35c6e855396dc93f9e65f-300x200.jpg 300w, https:\/\/liked.hu\/old\/wp-content\/uploads\/2020\/11\/ea36c35c6e855396dc93f9e65f-500x333.jpg 500w, https:\/\/liked.hu\/old\/wp-content\/uploads\/2020\/11\/ea36c35c6e855396dc93f9e65f-360x240.jpg 360w\" sizes=\"(max-width: 728px) 100vw, 728px\" \/>\t\t\t\t\t\t\t\t\t\t\t<figcaption class=\"zf-figcaption\">\r\n                                                <cite><\/cite>\r\n\r\n                                                \t\t\t\t\t\t\t\t\t\t\t<\/figcaption>\r\n\t\t\t\t\t\t\t\t\t\t\t\t\t\t\t\t\t\t\t<\/div>\r\n\t\t\t\t\t\t\t\t\t<hr \/>\r\n\t\t\t\t\t\t\t\t<\/figure>\r\n\t\t\t\t\t\t\t\t\r\n\t\t\t\t\t\t\t\t\t\t\t\t\t\t\t<div class=\"zf-countdown_description\"><p>T\u00e9ny \u00e9s val\u00f3, hogy el sem tudn\u00e1nk k\u00e9pzelni a magyar konyh\u00e1t \u00e9s az \u00e9let\u00fcnket paprika n\u00e9lk\u00fcl, ezt pedig a turist\u00e1k is nagyra \u00e9rt\u00e9kelik, akik ide l\u00e1togatva mindig nagy \u00e9rdekl\u0151d\u00e9ssel fogadj\u00e1k a minden l\u00e9tez\u0151 sz\u00ednben \u00e9s \u00edzben kaphat\u00f3 paprik\u00e1kat.<\/p><p style=\"text-align: center\">\n<div style=\"float:none;margin:0px 0 0px 0;text-align:center;\">\n<div class=\"mobileHideke8\"><div style=\"margin-top:25px;\"><div class=\"hirdeteshatter\"><div style=\"display: inline-block;width: 50%;min-width:340px;vertical-align: top;\"><div class=\"hirdetes\">HIRDET\u00c9S<\/div>\n<!-- Liked7Q1 -->\n<ins class=\"adsbygoogle\"\n     style=\"display:inline-block;width:336px;height:280px\"\n     data-ad-client=\"ca-pub-9424088931673893\"\n     data-ad-slot=\"3022062587\"><\/ins>\n<script async>\n     (adsbygoogle = window.adsbygoogle || []).push({});\n<\/script><\/div><div style=\"display: inline-block;width: 50%;min-width:340px;vertical-align: top;\"><div class=\"hirdetes\">HIRDET\u00c9S<\/div>\n<!-- Liked7Q2 -->\n<ins class=\"adsbygoogle\"\n     style=\"display:inline-block;width:336px;height:280px\"\n     data-ad-client=\"ca-pub-9424088931673893\"\n     data-ad-slot=\"3952000871\"><\/ins>\n<script async>\n     (adsbygoogle = window.adsbygoogle || []).push({});\n<\/script><\/div><\/div><\/div><\/div>\n<div style=\"display:flex;flex-direction:column;\"><div class=\"mobileShowka8\"><div style=\"padding-top:15px;margin-bottom:15px;min-height: 300px;\"><div class=\"hirdetes\">HIRDET\u00c9S<\/div>\n<!-- Liked7QMobil -->\n<ins class=\"adsbygoogle\"\n     style=\"display:inline-block;width:336px;height:280px\"\n     data-ad-client=\"ca-pub-9424088931673893\"\n     data-ad-slot=\"5073510857\"><\/ins>\n<script async>\n     (adsbygoogle = window.adsbygoogle || []).push({});\n<\/script><\/div><\/div><\/div><\/div><\/div>\r\n\t\t\t\t\t\t\t                        <\/li>\r\n                                                                    <li class=\"zf-list_item\">\r\n                            <div class=\"zf-list_header\">\r\n                                <h3 id=\"3\" class=\"zf-list_title\">\r\n                                    <span class=\"zf-number\">3<\/span>\r\n                                    A budapesti \u00e9jszaka                                <\/h3>\r\n                            <\/div>\r\n\t\t\t\t\t\t\t\t\t\t\t\t\t\t\t<figure class=\"zf-list_media zf-media-wrapper zf-image zf-type-image\">\r\n\t\t\t\t\t\t\t\t\t<div title=\"A budapesti \u00e9jszaka\" alt=\"A budapesti \u00e9jszaka\" class=\"zf-media\">\r\n\t\t\t\t\t\t\t\t\t\t<img width=\"728\" height=\"488\" src=\"https:\/\/liked.hu\/old\/wp-content\/uploads\/2020\/11\/2493155daaaf58135c9699a041.jpg\" class=\"\" alt=\"2493155daaaf58135c9699a041\" loading=\"lazy\" style=\"\" srcset=\"https:\/\/liked.hu\/old\/wp-content\/uploads\/2020\/11\/2493155daaaf58135c9699a041.jpg 728w, https:\/\/liked.hu\/old\/wp-content\/uploads\/2020\/11\/2493155daaaf58135c9699a041-300x201.jpg 300w, https:\/\/liked.hu\/old\/wp-content\/uploads\/2020\/11\/2493155daaaf58135c9699a041-500x335.jpg 500w, https:\/\/liked.hu\/old\/wp-content\/uploads\/2020\/11\/2493155daaaf58135c9699a041-360x241.jpg 360w\" sizes=\"(max-width: 728px) 100vw, 728px\" \/>\t\t\t\t\t\t\t\t\t\t\t<figcaption class=\"zf-figcaption\">\r\n                                                <cite><\/cite>\r\n\r\n                                                \t\t\t\t\t\t\t\t\t\t\t<\/figcaption>\r\n\t\t\t\t\t\t\t\t\t\t\t\t\t\t\t\t\t\t\t<\/div>\r\n\t\t\t\t\t\t\t\t\t<hr \/>\r\n\t\t\t\t\t\t\t\t<\/figure>\r\n\t\t\t\t\t\t\t\t\r\n\t\t\t\t\t\t\t\t\t\t\t\t\t\t\t<div class=\"zf-countdown_description\"><p>Budapest nappal is gy\u00f6ny\u00f6r\u0171, de amikor a nap lemegy, egy teljesen \u00faj arc\u00e1t mutatja meg a vil\u00e1gnak, ezzel arra k\u00e9sztetve a turist\u00e1kat, hogy ne csak nappali, hanem \u00e9jszakai v\u00e1rosn\u00e9z\u00e9st is szervezzenek Budapesten.<\/p><\/div>\r\n\t\t\t\t\t\t\t                        <\/li>\r\n                                                                    <li class=\"zf-list_item\">\r\n                            <div class=\"zf-list_header\">\r\n                                <h3 id=\"2\" class=\"zf-list_title\">\r\n                                    <span class=\"zf-number\">2<\/span>\r\n                                    Az egyik legr\u00e9gebbi \u00e1llatkert                                <\/h3>\r\n                            <\/div>\r\n\t\t\t\t\t\t\t\t\t\t\t\t\t\t\t<figure class=\"zf-list_media zf-media-wrapper zf-image zf-type-image\">\r\n\t\t\t\t\t\t\t\t\t<div title=\"Az egyik legr\u00e9gebbi \u00e1llatkert\" alt=\"Az egyik legr\u00e9gebbi \u00e1llatkert\" class=\"zf-media\">\r\n\t\t\t\t\t\t\t\t\t\t<img width=\"728\" height=\"546\" src=\"https:\/\/liked.hu\/old\/wp-content\/uploads\/2020\/11\/4f634758b89cae6fcfe4579233.jpg\" class=\"\" alt=\"4f634758b89cae6fcfe4579233\" loading=\"lazy\" style=\"\" srcset=\"https:\/\/liked.hu\/old\/wp-content\/uploads\/2020\/11\/4f634758b89cae6fcfe4579233.jpg 728w, https:\/\/liked.hu\/old\/wp-content\/uploads\/2020\/11\/4f634758b89cae6fcfe4579233-300x225.jpg 300w, https:\/\/liked.hu\/old\/wp-content\/uploads\/2020\/11\/4f634758b89cae6fcfe4579233-500x375.jpg 500w, https:\/\/liked.hu\/old\/wp-content\/uploads\/2020\/11\/4f634758b89cae6fcfe4579233-200x150.jpg 200w, https:\/\/liked.hu\/old\/wp-content\/uploads\/2020\/11\/4f634758b89cae6fcfe4579233-360x270.jpg 360w\" sizes=\"(max-width: 728px) 100vw, 728px\" \/>\t\t\t\t\t\t\t\t\t\t\t<figcaption class=\"zf-figcaption\">\r\n                                                <cite><\/cite>\r\n\r\n                                                \t\t\t\t\t\t\t\t\t\t\t<\/figcaption>\r\n\t\t\t\t\t\t\t\t\t\t\t\t\t\t\t\t\t\t\t<\/div>\r\n\t\t\t\t\t\t\t\t\t<hr \/>\r\n\t\t\t\t\t\t\t\t<\/figure>\r\n\t\t\t\t\t\t\t\t\r\n\t\t\t\t\t\t\t\t\t\t\t\t\t\t\t<div class=\"zf-countdown_description\"><p>A budapesti \u00e1llatkert Eur\u00f3pa egyik legr\u00e9gebbi \u00e1llatkertje, de ennek ellen\u00e9re m\u00e9gis siker\u00fclt l\u00e9p\u00e9st tartania a korral, \u00edgy a mai napig is az egyik legn\u00e9pszer\u0171bb c\u00e9lpont a turist\u00e1k k\u00f6r\u00e9ben.<\/p><\/div>\r\n\t\t\t\t\t\t\t                        <\/li>\r\n                                                                    <li class=\"zf-list_item\">\r\n                            <div class=\"zf-list_header\">\r\n                                <h3 id=\"1\" class=\"zf-list_title\">\r\n                                    <span class=\"zf-number\">1<\/span>\r\n                                    Rubik-kocka                                <\/h3>\r\n                            <\/div>\r\n\t\t\t\t\t\t\t\t\t\t\t\t\t\t\t<figure class=\"zf-list_media zf-media-wrapper zf-image zf-type-image\">\r\n\t\t\t\t\t\t\t\t\t<div title=\"Rubik-kocka\" alt=\"Rubik-kocka\" class=\"zf-media\">\r\n\t\t\t\t\t\t\t\t\t\t<img width=\"728\" height=\"485\" src=\"https:\/\/liked.hu\/old\/wp-content\/uploads\/2020\/11\/74dc7156aabef84366dab2315e.jpg\" class=\"\" alt=\"74dc7156aabef84366dab2315e\" loading=\"lazy\" style=\"\" srcset=\"https:\/\/liked.hu\/old\/wp-content\/uploads\/2020\/11\/74dc7156aabef84366dab2315e.jpg 728w, https:\/\/liked.hu\/old\/wp-content\/uploads\/2020\/11\/74dc7156aabef84366dab2315e-300x200.jpg 300w, https:\/\/liked.hu\/old\/wp-content\/uploads\/2020\/11\/74dc7156aabef84366dab2315e-500x333.jpg 500w, https:\/\/liked.hu\/old\/wp-content\/uploads\/2020\/11\/74dc7156aabef84366dab2315e-360x240.jpg 360w\" sizes=\"(max-width: 728px) 100vw, 728px\" \/>\t\t\t\t\t\t\t\t\t\t\t<figcaption class=\"zf-figcaption\">\r\n                                                <cite><\/cite>\r\n\r\n                                                \t\t\t\t\t\t\t\t\t\t\t<\/figcaption>\r\n\t\t\t\t\t\t\t\t\t\t\t\t\t\t\t\t\t\t\t<\/div>\r\n\t\t\t\t\t\t\t\t\t<hr \/>\r\n\t\t\t\t\t\t\t\t<\/figure>\r\n\t\t\t\t\t\t\t\t\r\n\t\t\t\t\t\t\t\t\t\t\t\t\t\t\t<div class=\"zf-countdown_description\"><p>Term\u00e9szetesen nem is lehetne teljes a lista a Rubik-kocka eml\u00edt\u00e9se n\u00e9lk\u00fcl, hiszen am\u00edg a d\u00e9li orsz\u00e1gokb\u00f3l mindig egy kis ol\u00edvaolajjal vagy h\u0171t\u0151m\u00e1gnessel t\u00e9r\u00fcnk haza, addig nincs olyan turista, aki ne egy Rubik-kock\u00e1val a zseb\u00e9ben t\u00e9rne haza a magyarorsz\u00e1gi l\u00e1togat\u00e1s\u00e1r\u00f3l.<\/p><\/div>\r\n\t\t\t\t\t\t\t                        <\/li>\r\n                                                                        <\/ol>\r\n        <\/div>\r\n    <\/div>\r\n    <\/div>\n","protected":false},"excerpt":{"rendered":"<p>Vannak dolgok, amik n\u00e9lk\u00fcl unalmas \u00e9s monoton lenne az \u00e9let\u00fcnk. Vannak olyan eml\u00e9kek, amiket szeretn\u00e9nk min\u00e9l tov\u00e1bb meg\u0151rizni, \u00e9s vannak olyan helyek, amiket legal\u00e1bb egyszer az \u00e9letben l\u00e1tni kell. Magyarorsz\u00e1g \u00e9ppen egy ilyen hely, \u00e9s b\u00e1r meglehet, hogy sz\u00e1munkra kiss\u00e9 megszokott \u00e9s emiatt kev\u00e9sb\u00e9 t\u0171nik k\u00fcl\u00f6nlegesnek, a k\u00fclf\u00f6ldi turist\u00e1k m\u00e9g \u00edgy is rajonganak \u00e9rte, \u00e9s a vil\u00e1g egyik legjobb hely\u00e9nek tartj\u00e1k.<\/p>\n","protected":false},"author":7,"featured_media":232184,"comment_status":"open","ping_status":"closed","sticky":false,"template":"","format":"standard","meta":{"buzzeditor_post_format":""},"categories":[23],"tags":[1631,1971],"yoast_head":"<!-- This site is optimized with the Yoast SEO plugin v19.6.1 - https:\/\/yoast.com\/wordpress\/plugins\/seo\/ -->\n<title>20 ok, ami\u00e9rt Magyarorsz\u00e1got a F\u00f6ld legjobb hely\u00e9nek gondolj\u00e1k a k\u00fclf\u00f6ldiek<\/title>\n<meta name=\"description\" content=\"Vannak dolgok, amik n\u00e9lk\u00fcl unalmas \u00e9s monoton lenne az \u00e9let\u00fcnk. Vannak olyan eml\u00e9kek, amiket szeretn\u00e9nk min\u00e9l tov\u00e1bb meg\u0151rizni, \u00e9s vannak olyan helyek, amiket legal\u00e1bb egyszer az \u00e9letben l\u00e1tni kell. Magyarorsz\u00e1g \u00e9ppen egy ilyen hely, \u00e9s b\u00e1r meglehet, hogy sz\u00e1munkra kiss\u00e9 megszokott \u00e9s emiatt kev\u00e9sb\u00e9 t\u0171nik k\u00fcl\u00f6nlegesnek, a k\u00fclf\u00f6ldi turist\u00e1k m\u00e9g \u00edgy is rajonganak \u00e9rte, \u00e9s a vil\u00e1g egyik legjobb hely\u00e9nek tartj\u00e1k.\" \/>\n<meta name=\"robots\" content=\"index, follow, max-snippet:-1, max-image-preview:large, max-video-preview:-1\" \/>\n<link rel=\"canonical\" href=\"https:\/\/liked.hu\/old\/erdekes\/20-ok-amiert-magyarorszagot-a-fold-legjobb-helyenek-gondoljak-a-kulfoldiek\/\" \/>\n<meta property=\"og:locale\" content=\"hu_HU\" \/>\n<meta property=\"og:type\" content=\"article\" \/>\n<meta property=\"og:title\" content=\"20 ok, ami\u00e9rt Magyarorsz\u00e1got a F\u00f6ld legjobb hely\u00e9nek gondolj\u00e1k a k\u00fclf\u00f6ldiek\" \/>\n<meta property=\"og:description\" content=\"Vannak dolgok, amik n\u00e9lk\u00fcl unalmas \u00e9s monoton lenne az \u00e9let\u00fcnk. Vannak olyan eml\u00e9kek, amiket szeretn\u00e9nk min\u00e9l tov\u00e1bb meg\u0151rizni, \u00e9s vannak olyan helyek, amiket legal\u00e1bb egyszer az \u00e9letben l\u00e1tni kell. Magyarorsz\u00e1g \u00e9ppen egy ilyen hely, \u00e9s b\u00e1r meglehet, hogy sz\u00e1munkra kiss\u00e9 megszokott \u00e9s emiatt kev\u00e9sb\u00e9 t\u0171nik k\u00fcl\u00f6nlegesnek, a k\u00fclf\u00f6ldi turist\u00e1k m\u00e9g \u00edgy is rajonganak \u00e9rte, \u00e9s a vil\u00e1g egyik legjobb hely\u00e9nek tartj\u00e1k.\" \/>\n<meta property=\"og:url\" content=\"https:\/\/liked.hu\/old\/erdekes\/20-ok-amiert-magyarorszagot-a-fold-legjobb-helyenek-gondoljak-a-kulfoldiek\/\" \/>\n<meta property=\"og:site_name\" content=\"Liked.hu\" \/>\n<meta property=\"article:publisher\" content=\"https:\/\/www.facebook.com\/liked.hu\" \/>\n<meta property=\"article:published_time\" content=\"2020-11-05T09:20:50+00:00\" \/>\n<meta property=\"article:modified_time\" content=\"2020-11-05T15:30:29+00:00\" \/>\n<meta property=\"og:image\" content=\"https:\/\/liked.hu\/old\/wp-content\/uploads\/2020\/11\/Magyarorszag-turistak.jpg\" \/>\n\t<meta property=\"og:image:width\" content=\"1200\" \/>\n\t<meta property=\"og:image:height\" content=\"629\" \/>\n\t<meta property=\"og:image:type\" content=\"image\/jpeg\" \/>\n<meta name=\"author\" content=\"Tiborc\" \/>\n<meta name=\"twitter:card\" content=\"summary\" \/>\n<meta name=\"twitter:creator\" content=\"@LikedHu\" \/>\n<meta name=\"twitter:site\" content=\"@LikedHu\" \/>\n<meta name=\"twitter:label1\" content=\"Szerz\u0151:\" \/>\n\t<meta name=\"twitter:data1\" content=\"Tiborc\" \/>\n<script type=\"application\/ld+json\" class=\"yoast-schema-graph\">{\"@context\":\"https:\/\/schema.org\",\"@graph\":[{\"@type\":\"Article\",\"@id\":\"https:\/\/liked.hu\/old\/erdekes\/20-ok-amiert-magyarorszagot-a-fold-legjobb-helyenek-gondoljak-a-kulfoldiek\/#article\",\"isPartOf\":{\"@id\":\"https:\/\/liked.hu\/old\/erdekes\/20-ok-amiert-magyarorszagot-a-fold-legjobb-helyenek-gondoljak-a-kulfoldiek\/\"},\"author\":{\"name\":\"Tiborc\",\"@id\":\"https:\/\/liked.hu\/old\/#\/schema\/person\/8b92210be73c8af1a8255bd30ebe772b\"},\"headline\":\"20 ok, ami\u00e9rt Magyarorsz\u00e1got a F\u00f6ld legjobb hely\u00e9nek gondolj\u00e1k a k\u00fclf\u00f6ldiek\",\"datePublished\":\"2020-11-05T09:20:50+00:00\",\"dateModified\":\"2020-11-05T15:30:29+00:00\",\"mainEntityOfPage\":{\"@id\":\"https:\/\/liked.hu\/old\/erdekes\/20-ok-amiert-magyarorszagot-a-fold-legjobb-helyenek-gondoljak-a-kulfoldiek\/\"},\"wordCount\":72,\"commentCount\":30,\"publisher\":{\"@id\":\"https:\/\/liked.hu\/old\/#organization\"},\"keywords\":[\"magyarorsz\u00e1g\",\"orsz\u00e1g\"],\"articleSection\":[\"\u00c9rdekess\u00e9gek\"],\"inLanguage\":\"hu\",\"potentialAction\":[{\"@type\":\"CommentAction\",\"name\":\"Comment\",\"target\":[\"https:\/\/liked.hu\/old\/erdekes\/20-ok-amiert-magyarorszagot-a-fold-legjobb-helyenek-gondoljak-a-kulfoldiek\/#respond\"]}]},{\"@type\":\"WebPage\",\"@id\":\"https:\/\/liked.hu\/old\/erdekes\/20-ok-amiert-magyarorszagot-a-fold-legjobb-helyenek-gondoljak-a-kulfoldiek\/\",\"url\":\"https:\/\/liked.hu\/old\/erdekes\/20-ok-amiert-magyarorszagot-a-fold-legjobb-helyenek-gondoljak-a-kulfoldiek\/\",\"name\":\"20 ok, ami\u00e9rt Magyarorsz\u00e1got a F\u00f6ld legjobb hely\u00e9nek gondolj\u00e1k a k\u00fclf\u00f6ldiek\",\"isPartOf\":{\"@id\":\"https:\/\/liked.hu\/old\/#website\"},\"datePublished\":\"2020-11-05T09:20:50+00:00\",\"dateModified\":\"2020-11-05T15:30:29+00:00\",\"description\":\"Vannak dolgok, amik n\u00e9lk\u00fcl unalmas \u00e9s monoton lenne az \u00e9let\u00fcnk. Vannak olyan eml\u00e9kek, amiket szeretn\u00e9nk min\u00e9l tov\u00e1bb meg\u0151rizni, \u00e9s vannak olyan helyek, amiket legal\u00e1bb egyszer az \u00e9letben l\u00e1tni kell. Magyarorsz\u00e1g \u00e9ppen egy ilyen hely, \u00e9s b\u00e1r meglehet, hogy sz\u00e1munkra kiss\u00e9 megszokott \u00e9s emiatt kev\u00e9sb\u00e9 t\u0171nik k\u00fcl\u00f6nlegesnek, a k\u00fclf\u00f6ldi turist\u00e1k m\u00e9g \u00edgy is rajonganak \u00e9rte, \u00e9s a vil\u00e1g egyik legjobb hely\u00e9nek tartj\u00e1k.\",\"breadcrumb\":{\"@id\":\"https:\/\/liked.hu\/old\/erdekes\/20-ok-amiert-magyarorszagot-a-fold-legjobb-helyenek-gondoljak-a-kulfoldiek\/#breadcrumb\"},\"inLanguage\":\"hu\",\"potentialAction\":[{\"@type\":\"ReadAction\",\"target\":[\"https:\/\/liked.hu\/old\/erdekes\/20-ok-amiert-magyarorszagot-a-fold-legjobb-helyenek-gondoljak-a-kulfoldiek\/\"]}]},{\"@type\":\"BreadcrumbList\",\"@id\":\"https:\/\/liked.hu\/old\/erdekes\/20-ok-amiert-magyarorszagot-a-fold-legjobb-helyenek-gondoljak-a-kulfoldiek\/#breadcrumb\",\"itemListElement\":[{\"@type\":\"ListItem\",\"position\":1,\"name\":\"Kezd\u0151lap\",\"item\":\"https:\/\/liked.hu\/old\/\"},{\"@type\":\"ListItem\",\"position\":2,\"name\":\"20 ok, ami\u00e9rt Magyarorsz\u00e1got a F\u00f6ld legjobb hely\u00e9nek gondolj\u00e1k a k\u00fclf\u00f6ldiek\"}]},{\"@type\":\"WebSite\",\"@id\":\"https:\/\/liked.hu\/old\/#website\",\"url\":\"https:\/\/liked.hu\/old\/\",\"name\":\"Liked.hu\",\"description\":\"\",\"publisher\":{\"@id\":\"https:\/\/liked.hu\/old\/#organization\"},\"potentialAction\":[{\"@type\":\"SearchAction\",\"target\":{\"@type\":\"EntryPoint\",\"urlTemplate\":\"https:\/\/liked.hu\/old\/?s={search_term_string}\"},\"query-input\":\"required name=search_term_string\"}],\"inLanguage\":\"hu\"},{\"@type\":\"Organization\",\"@id\":\"https:\/\/liked.hu\/old\/#organization\",\"name\":\"Liked.hu\",\"url\":\"https:\/\/liked.hu\/old\/\",\"sameAs\":[\"https:\/\/hu.pinterest.com\/likedhungary\/\",\"https:\/\/www.youtube.com\/channel\/UCPv91dbMoIukYcM9b9nHN6Q\",\"https:\/\/www.facebook.com\/liked.hu\",\"https:\/\/twitter.com\/LikedHu\"],\"logo\":{\"@type\":\"ImageObject\",\"inLanguage\":\"hu\",\"@id\":\"https:\/\/liked.hu\/old\/#\/schema\/logo\/image\/\",\"url\":\"https:\/\/liked.hu\/wp-content\/uploads\/2018\/08\/Liked-icon.png\",\"contentUrl\":\"https:\/\/liked.hu\/wp-content\/uploads\/2018\/08\/Liked-icon.png\",\"width\":512,\"height\":512,\"caption\":\"Liked.hu\"},\"image\":{\"@id\":\"https:\/\/liked.hu\/old\/#\/schema\/logo\/image\/\"}},{\"@type\":\"Person\",\"@id\":\"https:\/\/liked.hu\/old\/#\/schema\/person\/8b92210be73c8af1a8255bd30ebe772b\",\"name\":\"Tiborc\",\"image\":{\"@type\":\"ImageObject\",\"inLanguage\":\"hu\",\"@id\":\"https:\/\/liked.hu\/old\/#\/schema\/person\/image\/\",\"url\":\"https:\/\/liked.hu\/old\/wp-content\/uploads\/avatars\/7\/604de8ed2ffd6-bpfull.jpg\",\"contentUrl\":\"https:\/\/liked.hu\/old\/wp-content\/uploads\/avatars\/7\/604de8ed2ffd6-bpfull.jpg\",\"caption\":\"Tiborc\"},\"url\":\"https:\/\/liked.hu\/old\/u\/tiborc\/\"}]}<\/script>\n<!-- \/ Yoast SEO plugin. -->","yoast_head_json":{"title":"20 ok, ami\u00e9rt Magyarorsz\u00e1got a F\u00f6ld legjobb hely\u00e9nek gondolj\u00e1k a k\u00fclf\u00f6ldiek","description":"Vannak dolgok, amik n\u00e9lk\u00fcl unalmas \u00e9s monoton lenne az \u00e9let\u00fcnk. Vannak olyan eml\u00e9kek, amiket szeretn\u00e9nk min\u00e9l tov\u00e1bb meg\u0151rizni, \u00e9s vannak olyan helyek, amiket legal\u00e1bb egyszer az \u00e9letben l\u00e1tni kell. Magyarorsz\u00e1g \u00e9ppen egy ilyen hely, \u00e9s b\u00e1r meglehet, hogy sz\u00e1munkra kiss\u00e9 megszokott \u00e9s emiatt kev\u00e9sb\u00e9 t\u0171nik k\u00fcl\u00f6nlegesnek, a k\u00fclf\u00f6ldi turist\u00e1k m\u00e9g \u00edgy is rajonganak \u00e9rte, \u00e9s a vil\u00e1g egyik legjobb hely\u00e9nek tartj\u00e1k.","robots":{"index":"index","follow":"follow","max-snippet":"max-snippet:-1","max-image-preview":"max-image-preview:large","max-video-preview":"max-video-preview:-1"},"canonical":"https:\/\/liked.hu\/old\/erdekes\/20-ok-amiert-magyarorszagot-a-fold-legjobb-helyenek-gondoljak-a-kulfoldiek\/","og_locale":"hu_HU","og_type":"article","og_title":"20 ok, ami\u00e9rt Magyarorsz\u00e1got a F\u00f6ld legjobb hely\u00e9nek gondolj\u00e1k a k\u00fclf\u00f6ldiek","og_description":"Vannak dolgok, amik n\u00e9lk\u00fcl unalmas \u00e9s monoton lenne az \u00e9let\u00fcnk. Vannak olyan eml\u00e9kek, amiket szeretn\u00e9nk min\u00e9l tov\u00e1bb meg\u0151rizni, \u00e9s vannak olyan helyek, amiket legal\u00e1bb egyszer az \u00e9letben l\u00e1tni kell. Magyarorsz\u00e1g \u00e9ppen egy ilyen hely, \u00e9s b\u00e1r meglehet, hogy sz\u00e1munkra kiss\u00e9 megszokott \u00e9s emiatt kev\u00e9sb\u00e9 t\u0171nik k\u00fcl\u00f6nlegesnek, a k\u00fclf\u00f6ldi turist\u00e1k m\u00e9g \u00edgy is rajonganak \u00e9rte, \u00e9s a vil\u00e1g egyik legjobb hely\u00e9nek tartj\u00e1k.","og_url":"https:\/\/liked.hu\/old\/erdekes\/20-ok-amiert-magyarorszagot-a-fold-legjobb-helyenek-gondoljak-a-kulfoldiek\/","og_site_name":"Liked.hu","article_publisher":"https:\/\/www.facebook.com\/liked.hu","article_published_time":"2020-11-05T09:20:50+00:00","article_modified_time":"2020-11-05T15:30:29+00:00","og_image":[{"width":1200,"height":629,"url":"https:\/\/liked.hu\/old\/wp-content\/uploads\/2020\/11\/Magyarorszag-turistak.jpg","type":"image\/jpeg"}],"author":"Tiborc","twitter_card":"summary","twitter_creator":"@LikedHu","twitter_site":"@LikedHu","twitter_misc":{"Szerz\u0151:":"Tiborc"},"schema":{"@context":"https:\/\/schema.org","@graph":[{"@type":"Article","@id":"https:\/\/liked.hu\/old\/erdekes\/20-ok-amiert-magyarorszagot-a-fold-legjobb-helyenek-gondoljak-a-kulfoldiek\/#article","isPartOf":{"@id":"https:\/\/liked.hu\/old\/erdekes\/20-ok-amiert-magyarorszagot-a-fold-legjobb-helyenek-gondoljak-a-kulfoldiek\/"},"author":{"name":"Tiborc","@id":"https:\/\/liked.hu\/old\/#\/schema\/person\/8b92210be73c8af1a8255bd30ebe772b"},"headline":"20 ok, ami\u00e9rt Magyarorsz\u00e1got a F\u00f6ld legjobb hely\u00e9nek gondolj\u00e1k a k\u00fclf\u00f6ldiek","datePublished":"2020-11-05T09:20:50+00:00","dateModified":"2020-11-05T15:30:29+00:00","mainEntityOfPage":{"@id":"https:\/\/liked.hu\/old\/erdekes\/20-ok-amiert-magyarorszagot-a-fold-legjobb-helyenek-gondoljak-a-kulfoldiek\/"},"wordCount":72,"commentCount":30,"publisher":{"@id":"https:\/\/liked.hu\/old\/#organization"},"keywords":["magyarorsz\u00e1g","orsz\u00e1g"],"articleSection":["\u00c9rdekess\u00e9gek"],"inLanguage":"hu","potentialAction":[{"@type":"CommentAction","name":"Comment","target":["https:\/\/liked.hu\/old\/erdekes\/20-ok-amiert-magyarorszagot-a-fold-legjobb-helyenek-gondoljak-a-kulfoldiek\/#respond"]}]},{"@type":"WebPage","@id":"https:\/\/liked.hu\/old\/erdekes\/20-ok-amiert-magyarorszagot-a-fold-legjobb-helyenek-gondoljak-a-kulfoldiek\/","url":"https:\/\/liked.hu\/old\/erdekes\/20-ok-amiert-magyarorszagot-a-fold-legjobb-helyenek-gondoljak-a-kulfoldiek\/","name":"20 ok, ami\u00e9rt Magyarorsz\u00e1got a F\u00f6ld legjobb hely\u00e9nek gondolj\u00e1k a k\u00fclf\u00f6ldiek","isPartOf":{"@id":"https:\/\/liked.hu\/old\/#website"},"datePublished":"2020-11-05T09:20:50+00:00","dateModified":"2020-11-05T15:30:29+00:00","description":"Vannak dolgok, amik n\u00e9lk\u00fcl unalmas \u00e9s monoton lenne az \u00e9let\u00fcnk. Vannak olyan eml\u00e9kek, amiket szeretn\u00e9nk min\u00e9l tov\u00e1bb meg\u0151rizni, \u00e9s vannak olyan helyek, amiket legal\u00e1bb egyszer az \u00e9letben l\u00e1tni kell. Magyarorsz\u00e1g \u00e9ppen egy ilyen hely, \u00e9s b\u00e1r meglehet, hogy sz\u00e1munkra kiss\u00e9 megszokott \u00e9s emiatt kev\u00e9sb\u00e9 t\u0171nik k\u00fcl\u00f6nlegesnek, a k\u00fclf\u00f6ldi turist\u00e1k m\u00e9g \u00edgy is rajonganak \u00e9rte, \u00e9s a vil\u00e1g egyik legjobb hely\u00e9nek tartj\u00e1k.","breadcrumb":{"@id":"https:\/\/liked.hu\/old\/erdekes\/20-ok-amiert-magyarorszagot-a-fold-legjobb-helyenek-gondoljak-a-kulfoldiek\/#breadcrumb"},"inLanguage":"hu","potentialAction":[{"@type":"ReadAction","target":["https:\/\/liked.hu\/old\/erdekes\/20-ok-amiert-magyarorszagot-a-fold-legjobb-helyenek-gondoljak-a-kulfoldiek\/"]}]},{"@type":"BreadcrumbList","@id":"https:\/\/liked.hu\/old\/erdekes\/20-ok-amiert-magyarorszagot-a-fold-legjobb-helyenek-gondoljak-a-kulfoldiek\/#breadcrumb","itemListElement":[{"@type":"ListItem","position":1,"name":"Kezd\u0151lap","item":"https:\/\/liked.hu\/old\/"},{"@type":"ListItem","position":2,"name":"20 ok, ami\u00e9rt Magyarorsz\u00e1got a F\u00f6ld legjobb hely\u00e9nek gondolj\u00e1k a k\u00fclf\u00f6ldiek"}]},{"@type":"WebSite","@id":"https:\/\/liked.hu\/old\/#website","url":"https:\/\/liked.hu\/old\/","name":"Liked.hu","description":"","publisher":{"@id":"https:\/\/liked.hu\/old\/#organization"},"potentialAction":[{"@type":"SearchAction","target":{"@type":"EntryPoint","urlTemplate":"https:\/\/liked.hu\/old\/?s={search_term_string}"},"query-input":"required name=search_term_string"}],"inLanguage":"hu"},{"@type":"Organization","@id":"https:\/\/liked.hu\/old\/#organization","name":"Liked.hu","url":"https:\/\/liked.hu\/old\/","sameAs":["https:\/\/hu.pinterest.com\/likedhungary\/","https:\/\/www.youtube.com\/channel\/UCPv91dbMoIukYcM9b9nHN6Q","https:\/\/www.facebook.com\/liked.hu","https:\/\/twitter.com\/LikedHu"],"logo":{"@type":"ImageObject","inLanguage":"hu","@id":"https:\/\/liked.hu\/old\/#\/schema\/logo\/image\/","url":"https:\/\/liked.hu\/wp-content\/uploads\/2018\/08\/Liked-icon.png","contentUrl":"https:\/\/liked.hu\/wp-content\/uploads\/2018\/08\/Liked-icon.png","width":512,"height":512,"caption":"Liked.hu"},"image":{"@id":"https:\/\/liked.hu\/old\/#\/schema\/logo\/image\/"}},{"@type":"Person","@id":"https:\/\/liked.hu\/old\/#\/schema\/person\/8b92210be73c8af1a8255bd30ebe772b","name":"Tiborc","image":{"@type":"ImageObject","inLanguage":"hu","@id":"https:\/\/liked.hu\/old\/#\/schema\/person\/image\/","url":"https:\/\/liked.hu\/old\/wp-content\/uploads\/avatars\/7\/604de8ed2ffd6-bpfull.jpg","contentUrl":"https:\/\/liked.hu\/old\/wp-content\/uploads\/avatars\/7\/604de8ed2ffd6-bpfull.jpg","caption":"Tiborc"},"url":"https:\/\/liked.hu\/old\/u\/tiborc\/"}]}},"publishpress_future_action":{"enabled":false,"date":"1970-01-01 01:00:00","action":"","terms":[],"taxonomy":"","browser_timezone_offset":0},"_links":{"self":[{"href":"https:\/\/liked.hu\/old\/wp-json\/wp\/v2\/posts\/232181"}],"collection":[{"href":"https:\/\/liked.hu\/old\/wp-json\/wp\/v2\/posts"}],"about":[{"href":"https:\/\/liked.hu\/old\/wp-json\/wp\/v2\/types\/post"}],"author":[{"embeddable":true,"href":"https:\/\/liked.hu\/old\/wp-json\/wp\/v2\/users\/7"}],"replies":[{"embeddable":true,"href":"https:\/\/liked.hu\/old\/wp-json\/wp\/v2\/comments?post=232181"}],"version-history":[{"count":0,"href":"https:\/\/liked.hu\/old\/wp-json\/wp\/v2\/posts\/232181\/revisions"}],"wp:featuredmedia":[{"embeddable":true,"href":"https:\/\/liked.hu\/old\/wp-json\/wp\/v2\/media\/232184"}],"wp:attachment":[{"href":"https:\/\/liked.hu\/old\/wp-json\/wp\/v2\/media?parent=232181"}],"wp:term":[{"taxonomy":"category","embeddable":true,"href":"https:\/\/liked.hu\/old\/wp-json\/wp\/v2\/categories?post=232181"},{"taxonomy":"post_tag","embeddable":true,"href":"https:\/\/liked.hu\/old\/wp-json\/wp\/v2\/tags?post=232181"}],"curies":[{"name":"wp","href":"https:\/\/api.w.org\/{rel}","templated":true}]}}