{"id":227652,"date":"2020-10-14T11:11:15","date_gmt":"2020-10-14T09:11:15","guid":{"rendered":"https:\/\/liked.hu\/old\/?p=227652"},"modified":"2021-09-04T14:48:56","modified_gmt":"2021-09-04T12:48:56","slug":"20-dolog-ami-bizonyitja-hogy-izlandot-a-vilag-tobbi-resze-sosem-ertheti-meg","status":"publish","type":"post","link":"https:\/\/liked.hu\/old\/erdekes\/20-dolog-ami-bizonyitja-hogy-izlandot-a-vilag-tobbi-resze-sosem-ertheti-meg\/","title":{"rendered":"20+ dolog, ami bizony\u00edtja, hogy Izlandot a vil\u00e1g t\u00f6bbi r\u00e9sze sosem \u00e9rtheti meg"},"content":{"rendered":"<p style=\"text-align: center\">\n<div style=\"float:none;margin:0px 0 0px 0;text-align:center;\">\n<div class=\"mobileShowkakettes\"><div class=\"mobileShowka2\"><div style=\"padding-top:0px;padding-bottom:15px;min-height: 300px;\"><div class=\"hirdetes\">HIRDET\u00c9S<\/div>\n<!-- 300lista -->\n<ins class=\"adsbygoogle\"\n     style=\"display:inline-block;width:300px;height:250px\"\n     data-ad-client=\"ca-pub-9424088931673893\"\n     data-ad-slot=\"8471340766\"><\/ins>\n<script async>\n     (adsbygoogle = window.adsbygoogle || []).push({});\n<\/script><\/div><\/div><\/div><\/div>\n<p>A <strong>Liked.hu<\/strong>-n\u00e1l biztosak vagyunk benne, hogy Izland az egyik legk\u00fcl\u00f6nlegesebb eur\u00f3pai orsz\u00e1g, cikk\u00fcnkben pedig ezt most be is bizony\u00edtjuk, n\u00e9h\u00e1ny nagyon furcsa, ugyanakkor leny\u0171g\u00f6z\u0151 fot\u00f3 \u00e9s t\u00e9ny seg\u00edts\u00e9g\u00e9vel.<\/p>\n<div id=\"zombify-main-section-front\" class=\"zombify-main-section-front zombify-screen zf-media-full\">\r\n\t<link rel=\"stylesheet\" type=\"text\/css\" href=\"https:\/\/liked.hu\/old\/js\/zombify.css\">\r\n    <link rel=\"stylesheet\" type=\"text\/css\" href=\"https:\/\/liked.hu\/old\/wp-content\/themes\/newsy-child\/style.css\">\r\n\t<div class=\"zf-container\">\r\n\t\t<div id=\"zf-list\" class=\"zf-list zf-numbered\">\r\n\t\t\t<ol class=\"zf-structure-list\">\r\n\t\t\t\t\t\t\t\t\t\t<li class=\"zf-list_item\">\r\n\t\t\t\t\t\t\t<div class=\"zf-list_header\">\r\n\t\t\t\t\t\t\t\t<h3 id=\"listaelem1\" class=\"zf-list_title\">\r\n\t\t\t\t\t\t\t\t\t<span class=\"zf-number\">1<\/span>\r\n\t\t\t\t\t\t\t\t\t,,A n\u0151v\u00e9rem b\u00e9relt egy lak\u00e1st kar\u00e1csonyra Izland \u00e9szaki r\u00e9sz\u00e9n. Ilyen volt a kil\u00e1t\u00e1s az ablak\u00e1b\u00f3l.\"\t\t\t\t\t\t\t\t<\/h3>\r\n\t\t\t\t\t\t\t<\/div>\r\n\t\t\t\t\t\t\t\t\t\t\t\t\t\t\t<figure class=\"zf-list_media zf-media-wrapper zf-image zf-type-image\">\r\n\t\t\t\t\t\t\t\t\t<div title=\",,A n\u0151v\u00e9rem b\u00e9relt egy lak\u00e1st kar\u00e1csonyra Izland \u00e9szaki r\u00e9sz\u00e9n. Ilyen volt a kil\u00e1t\u00e1s az ablak\u00e1b\u00f3l.&quot;\" alt=\",,A n\u0151v\u00e9rem b\u00e9relt egy lak\u00e1st kar\u00e1csonyra Izland \u00e9szaki r\u00e9sz\u00e9n. Ilyen volt a kil\u00e1t\u00e1s az ablak\u00e1b\u00f3l.&quot;\" class=\"zf-media\">\r\n\t\t\t\t\t\t\t\t\t\t<img width=\"728\" height=\"546\" src=\"https:\/\/liked.hu\/old\/wp-content\/uploads\/2020\/10\/0e17a05db498e4b6f7430e69b5.jpeg\" class=\"\" alt=\"0e17a05db498e4b6f7430e69b5\" loading=\"lazy\" style=\"\" srcset=\"https:\/\/liked.hu\/old\/wp-content\/uploads\/2020\/10\/0e17a05db498e4b6f7430e69b5.jpeg 728w, https:\/\/liked.hu\/old\/wp-content\/uploads\/2020\/10\/0e17a05db498e4b6f7430e69b5-300x225.jpeg 300w, https:\/\/liked.hu\/old\/wp-content\/uploads\/2020\/10\/0e17a05db498e4b6f7430e69b5-500x375.jpeg 500w, https:\/\/liked.hu\/old\/wp-content\/uploads\/2020\/10\/0e17a05db498e4b6f7430e69b5-200x150.jpeg 200w, https:\/\/liked.hu\/old\/wp-content\/uploads\/2020\/10\/0e17a05db498e4b6f7430e69b5-360x270.jpeg 360w\" sizes=\"(max-width: 728px) 100vw, 728px\" \/>\t\t\t\t\t\t\t\t\t\t\t<figcaption class=\"zf-figcaption\">\r\n\t\t\t\t\t\t\t\t\t\t\t\t\t\t\t\t\t\t\t\t\t\t\t\t<cite>        <a class=\"zf-media_credit\" target=\"_blank\" href=\"https:\/\/liked.hu\/old\/kimeno.php?https:\/\/imgur.com\/ZYgqEM6\" rel=\"nofollow noopener\">imgur<\/a>\r\n        <\/cite>\r\n\r\n\t\t\t\t\t\t\t\t\t\t\t\t\t\t\t\t\t\t\t\t\t\t\t<\/figcaption>\r\n\t\t\t\t\t\t\t\t\t\t\t\t\t\t\t\t\t\t\t<\/div>\r\n\t\t\t\t\t\t\t\t\t<hr \/>\r\n\t\t\t\t\t\t\t\t<\/figure>\r\n\t\t\t\t\t\t\t\t\t\t\t\t\t\t\t\t<div class=\"zf-list_description\"><ul><li>Azonnal p\u00e1nikrohamot kaptam volna. <a href=\"https:\/\/www.reddit.com\/r\/pics\/comments\/ef2n2d\/my_sister_rented_a_flat_here_in_north_of_iceland\/fby78zz\/?utm_source=reddit&amp;utm_medium=web2x&amp;context=3\" rel=\"nofollow noopener noreferrer\" target=\"_blank\">@mrfl3tch3r \/ Reddit<\/a><\/li><\/ul><\/div>\r\n\t\t\t\t\t\t\t\t\t\t\t\t\t<\/li>\r\n\t\t\t\t\t\t\t\t\t\t\t\t<li class=\"zf-list_item\">\r\n\t\t\t\t\t\t\t<div class=\"zf-list_header\">\r\n\t\t\t\t\t\t\t\t<h3 id=\"listaelem2\" class=\"zf-list_title\">\r\n\t\t\t\t\t\t\t\t\t<span class=\"zf-number\">2<\/span>\r\n\t\t\t\t\t\t\t\t\tIzlandon 1987-ig nem volt folyamatos telev\u00edzi\u00f3s ad\u00e1s.\t\t\t\t\t\t\t\t<\/h3>\r\n\t\t\t\t\t\t\t<\/div>\r\n\t\t\t\t\t\t\t\t\t\t\t\t\t\t\t<figure class=\"zf-list_media zf-media-wrapper zf-image zf-type-image\">\r\n\t\t\t\t\t\t\t\t\t<div title=\"Izlandon 1987-ig nem volt folyamatos telev\u00edzi\u00f3s ad\u00e1s.\" alt=\"Izlandon 1987-ig nem volt folyamatos telev\u00edzi\u00f3s ad\u00e1s.\" class=\"zf-media\">\r\n\t\t\t\t\t\t\t\t\t\t<img width=\"728\" height=\"409\" src=\"https:\/\/liked.hu\/old\/wp-content\/uploads\/2020\/10\/7648855a20a711fe94d37cad7a.jpeg\" class=\"\" alt=\"7648855a20a711fe94d37cad7a\" loading=\"lazy\" style=\"\" srcset=\"https:\/\/liked.hu\/old\/wp-content\/uploads\/2020\/10\/7648855a20a711fe94d37cad7a.jpeg 728w, https:\/\/liked.hu\/old\/wp-content\/uploads\/2020\/10\/7648855a20a711fe94d37cad7a-300x169.jpeg 300w, https:\/\/liked.hu\/old\/wp-content\/uploads\/2020\/10\/7648855a20a711fe94d37cad7a-500x281.jpeg 500w, https:\/\/liked.hu\/old\/wp-content\/uploads\/2020\/10\/7648855a20a711fe94d37cad7a-360x202.jpeg 360w\" sizes=\"(max-width: 728px) 100vw, 728px\" \/>\t\t\t\t\t\t\t\t\t\t\t<figcaption class=\"zf-figcaption\">\r\n\t\t\t\t\t\t\t\t\t\t\t\t\t\t\t\t\t\t\t\t\t\t\t\t<cite>        <a class=\"zf-media_credit\" target=\"_blank\" href=\"https:\/\/liked.hu\/old\/kimeno.php?https:\/\/unsplash.com\/photos\/N8Bqv6hfvow\" rel=\"nofollow noopener\">unsplash<\/a>\r\n        <\/cite>\r\n\r\n\t\t\t\t\t\t\t\t\t\t\t\t\t\t\t\t\t\t\t\t\t\t\t<\/figcaption>\r\n\t\t\t\t\t\t\t\t\t\t\t\t\t\t\t\t\t\t\t<\/div>\r\n\t\t\t\t\t\t\t\t\t<hr \/>\r\n\t\t\t\t\t\t\t\t<\/figure>\r\n\t\t\t\t\t\t\t\t\t\t\t\t\t\t\t\t<div class=\"zf-list_description\"><p>Az 1987 el\u0151tt sz\u00fcletett izlandiak gyakran viccel\u0151dnek azzal, hogy nagy val\u00f3sz\u00edn\u0171s\u00e9ggel cs\u00fct\u00f6rt\u00f6k\u00f6n fogantak. K\u00f6zismert ugyanis, hogy cs\u00fct\u00f6rt\u00f6k\u00f6t a kommunik\u00e1ci\u00f3 napj\u00e1nak nyilv\u00e1n\u00edtott\u00e1k Izlandon, hogy az emberek jobban odafigyeljenek egym\u00e1sra. Ennek ok\u00e1n ekkoriban az orsz\u00e1g egyetlen csatorn\u00e1ja teljesen le\u00e1ll\u00edtotta a m\u0171sorszolg\u00e1ltat\u00e1st cs\u00fct\u00f6rt\u00f6k\u00f6nk\u00e9nt, az embereknek ez\u00e9rt m\u00e1s m\u00f3don kellett el\u00fctni\u00fck az id\u0151t.<\/p><p style=\"text-align: center\">\n<div style=\"float:none;margin:0px 0 0px 0;text-align:center;\">\n<div class=\"mobileHideke5\"><div style=\"margin-top:25px;\"><div class=\"hirdeteshatter\"><div style=\"display: inline-block;width: 50%;min-width:305px;vertical-align: top;\"><div class=\"hirdetes\">HIRDET\u00c9S<\/div>\n<!-- LikedQ51 -->\n<ins class=\"adsbygoogle\"\n     style=\"display:inline-block;width:300px;height:250px\"\n     data-ad-client=\"ca-pub-9424088931673893\"\n     data-ad-slot=\"8284063326\"><\/ins>\n<script async>\n     (adsbygoogle = window.adsbygoogle || []).push({});\n<\/script><\/div><div style=\"display: inline-block;width: 50%;min-width:305px;vertical-align: top;\"><div class=\"hirdetes\">HIRDET\u00c9S<\/div>\n<!-- LikedQ52 -->\n<ins class=\"adsbygoogle\"\n     style=\"display:inline-block;width:300px;height:250px\"\n     data-ad-client=\"ca-pub-9424088931673893\"\n     data-ad-slot=\"2840164950\"><\/ins>\n<script async>\n     (adsbygoogle = window.adsbygoogle || []).push({});\n<\/script><\/div><\/div><\/div><\/div>\n<div style=\"display:flex;flex-direction:column;\"><div class=\"mobileShowka5\"><div style=\"padding-top:10px;padding-bottom:10px;min-height: 300px;\"><div class=\"hirdetes\">HIRDET\u00c9S<\/div>\n<!-- LikedQ5M -->\n<ins class=\"adsbygoogle\"\n     style=\"display:inline-block;width:300px;height:250px\"\n     data-ad-client=\"ca-pub-9424088931673893\"\n     data-ad-slot=\"9022429928\"><\/ins>\n<script async>\n     (adsbygoogle = window.adsbygoogle || []).push({});\n<\/script><\/div><\/div><\/div><\/div><\/div>\r\n\t\t\t\t\t\t\t\t\t\t\t\t\t<\/li>\r\n\t\t\t\t\t\t\t\t\t\t\t\t<li class=\"zf-list_item\">\r\n\t\t\t\t\t\t\t<div class=\"zf-list_header\">\r\n\t\t\t\t\t\t\t\t<h3 id=\"listaelem3\" class=\"zf-list_title\">\r\n\t\t\t\t\t\t\t\t\t<span class=\"zf-number\">3<\/span>\r\n\t\t\t\t\t\t\t\t\tAz izlandiaknak van egy saj\u00e1t \"Val\u00f3 vil\u00e1guk\". Ebben a val\u00f3s\u00e1gshowban azonban nem idegen emberek, hanem n\u00e9h\u00e1ny macska \u00e9let\u00e9t k\u00f6vethetik nyomon a t\u00e9v\u00e9n\u00e9z\u0151k.\t\t\t\t\t\t\t\t<\/h3>\r\n\t\t\t\t\t\t\t<\/div>\r\n\t\t\t\t\t\t\t\t\t\t\t\t\t\t\t<figure class=\"zf-list_media zf-media-wrapper zf-image zf-type-image\">\r\n\t\t\t\t\t\t\t\t\t<div title=\"Az izlandiaknak van egy saj\u00e1t &quot;Val\u00f3 vil\u00e1guk&quot;. Ebben a val\u00f3s\u00e1gshowban azonban nem idegen emberek, hanem n\u00e9h\u00e1ny macska \u00e9let\u00e9t k\u00f6vethetik nyomon a t\u00e9v\u00e9n\u00e9z\u0151k.\" alt=\"Az izlandiaknak van egy saj\u00e1t &quot;Val\u00f3 vil\u00e1guk&quot;. Ebben a val\u00f3s\u00e1gshowban azonban nem idegen emberek, hanem n\u00e9h\u00e1ny macska \u00e9let\u00e9t k\u00f6vethetik nyomon a t\u00e9v\u00e9n\u00e9z\u0151k.\" class=\"zf-media\">\r\n\t\t\t\t\t\t\t\t\t\t<img width=\"728\" height=\"478\" src=\"https:\/\/liked.hu\/old\/wp-content\/uploads\/2020\/10\/99fd9e506eaf9b632371de5af0.png\" class=\"\" alt=\"99fd9e506eaf9b632371de5af0\" loading=\"lazy\" style=\"\" srcset=\"https:\/\/liked.hu\/old\/wp-content\/uploads\/2020\/10\/99fd9e506eaf9b632371de5af0.png 728w, https:\/\/liked.hu\/old\/wp-content\/uploads\/2020\/10\/99fd9e506eaf9b632371de5af0-300x197.png 300w, https:\/\/liked.hu\/old\/wp-content\/uploads\/2020\/10\/99fd9e506eaf9b632371de5af0-500x328.png 500w, https:\/\/liked.hu\/old\/wp-content\/uploads\/2020\/10\/99fd9e506eaf9b632371de5af0-360x236.png 360w\" sizes=\"(max-width: 728px) 100vw, 728px\" \/>\t\t\t\t\t\t\t\t\t\t\t<figcaption class=\"zf-figcaption\">\r\n\t\t\t\t\t\t\t\t\t\t\t\t\t\t\t\t\t\t\t\t\t\t\t\t<cite>        <a class=\"zf-media_credit\" target=\"_blank\" href=\"https:\/\/liked.hu\/old\/kimeno.php?https:\/\/www.reddit.com\/r\/Eyebleach\/comments\/9sijh6\/footage_from_icelandic_tv_show_keeping_up_with\/\" rel=\"nofollow noopener\">reddit<\/a>\r\n        <\/cite>\r\n\r\n\t\t\t\t\t\t\t\t\t\t\t\t\t\t\t\t\t\t\t\t\t\t\t<\/figcaption>\r\n\t\t\t\t\t\t\t\t\t\t\t\t\t\t\t\t\t\t\t<\/div>\r\n\t\t\t\t\t\t\t\t\t<hr \/>\r\n\t\t\t\t\t\t\t\t<\/figure>\r\n\t\t\t\t\t\t\t\t\t\t\t\t\t\t\t\t<div class=\"zf-list_description\"><p style=\"text-align: center\"><iframe src=\"https:\/\/gfycat.com\/ifr\/DeficientCautiousChicken\" frameborder=\"0\" allowfullscreen=\"\" width=\"640\" height=\"404\"><\/iframe><\/p><\/div>\r\n\t\t\t\t\t\t\t\t\t\t\t\t\t<\/li>\r\n\t\t\t\t\t\t\t\t\t\t\t\t<li class=\"zf-list_item\">\r\n\t\t\t\t\t\t\t<div class=\"zf-list_header\">\r\n\t\t\t\t\t\t\t\t<h3 id=\"listaelem4\" class=\"zf-list_title\">\r\n\t\t\t\t\t\t\t\t\t<span class=\"zf-number\">4<\/span>\r\n\t\t\t\t\t\t\t\t\tFekete homokos strand Izlandon.\t\t\t\t\t\t\t\t<\/h3>\r\n\t\t\t\t\t\t\t<\/div>\r\n\t\t\t\t\t\t\t\t\t\t\t\t\t\t\t<figure class=\"zf-list_media zf-media-wrapper zf-image zf-type-image\">\r\n\t\t\t\t\t\t\t\t\t<div title=\"Fekete homokos strand Izlandon.\" alt=\"Fekete homokos strand Izlandon.\" class=\"zf-media\">\r\n\t\t\t\t\t\t\t\t\t\t<img width=\"728\" height=\"786\" src=\"https:\/\/liked.hu\/old\/wp-content\/uploads\/2020\/10\/545a9e5438ab29a354f3ad5b4a.jpg\" class=\"\" alt=\"545a9e5438ab29a354f3ad5b4a\" loading=\"lazy\" style=\"\" srcset=\"https:\/\/liked.hu\/old\/wp-content\/uploads\/2020\/10\/545a9e5438ab29a354f3ad5b4a.jpg 728w, https:\/\/liked.hu\/old\/wp-content\/uploads\/2020\/10\/545a9e5438ab29a354f3ad5b4a-278x300.jpg 278w, https:\/\/liked.hu\/old\/wp-content\/uploads\/2020\/10\/545a9e5438ab29a354f3ad5b4a-463x500.jpg 463w, https:\/\/liked.hu\/old\/wp-content\/uploads\/2020\/10\/545a9e5438ab29a354f3ad5b4a-360x389.jpg 360w\" sizes=\"(max-width: 728px) 100vw, 728px\" \/>\t\t\t\t\t\t\t\t\t\t\t<figcaption class=\"zf-figcaption\">\r\n\t\t\t\t\t\t\t\t\t\t\t\t\t\t\t\t\t\t\t\t\t\t\t\t<cite>        <a class=\"zf-media_credit\" target=\"_blank\" href=\"https:\/\/liked.hu\/old\/kimeno.php?https:\/\/pixabay.com\/ru\/photos\/%D0%BB%D0%B0%D0%B2%D0%B0-%D0%BF%D0%B5%D1%81%D0%BE%D0%BA-%D0%B2%D1%83%D0%BB%D0%BA%D0%B0%D0%BD-%D0%B8%D1%81%D0%BB%D0%B0%D0%BD%D0%B4%D0%B8%D1%8F-2771312\/\" rel=\"nofollow noopener\">pixabay<\/a>\r\n        <\/cite>\r\n\r\n\t\t\t\t\t\t\t\t\t\t\t\t\t\t\t\t\t\t\t\t\t\t\t<\/figcaption>\r\n\t\t\t\t\t\t\t\t\t\t\t\t\t\t\t\t\t\t\t<\/div>\r\n\t\t\t\t\t\t\t\t\t<hr \/>\r\n\t\t\t\t\t\t\t\t<\/figure>\r\n\t\t\t\t\t\t\t\t\t\t\t\t\t\t<\/li>\r\n\t\t\t\t\t\t\t\t\t\t\t\t<li class=\"zf-list_item\">\r\n\t\t\t\t\t\t\t<div class=\"zf-list_header\">\r\n\t\t\t\t\t\t\t\t<h3 id=\"listaelem5\" class=\"zf-list_title\">\r\n\t\t\t\t\t\t\t\t\t<span class=\"zf-number\">5<\/span>\r\n\t\t\t\t\t\t\t\t\tIzlandon c\u00edm n\u00e9lk\u00fcl, a bor\u00edt\u00e9k h\u00e1tulj\u00e1ra rajzolt t\u00e9rk\u00e9ppel is k\u00fcldhet\u00fcnk levelet - \u00edgy is c\u00e9lba fog \u00e9rni.\t\t\t\t\t\t\t\t<\/h3>\r\n\t\t\t\t\t\t\t<\/div>\r\n\t\t\t\t\t\t\t\t\t\t\t\t\t\t\t<figure class=\"zf-list_media zf-media-wrapper zf-image zf-type-image\">\r\n\t\t\t\t\t\t\t\t\t<div title=\"Izlandon c\u00edm n\u00e9lk\u00fcl, a bor\u00edt\u00e9k h\u00e1tulj\u00e1ra rajzolt t\u00e9rk\u00e9ppel is k\u00fcldhet\u00fcnk levelet - \u00edgy is c\u00e9lba fog \u00e9rni.\" alt=\"Izlandon c\u00edm n\u00e9lk\u00fcl, a bor\u00edt\u00e9k h\u00e1tulj\u00e1ra rajzolt t\u00e9rk\u00e9ppel is k\u00fcldhet\u00fcnk levelet - \u00edgy is c\u00e9lba fog \u00e9rni.\" class=\"zf-media\">\r\n\t\t\t\t\t\t\t\t\t\t<img width=\"728\" height=\"497\" src=\"https:\/\/liked.hu\/old\/wp-content\/uploads\/2020\/10\/4cd1c55fb684c3eb65f7708a98.jpg\" class=\"\" alt=\"4cd1c55fb684c3eb65f7708a98\" loading=\"lazy\" style=\"\" srcset=\"https:\/\/liked.hu\/old\/wp-content\/uploads\/2020\/10\/4cd1c55fb684c3eb65f7708a98.jpg 728w, https:\/\/liked.hu\/old\/wp-content\/uploads\/2020\/10\/4cd1c55fb684c3eb65f7708a98-300x205.jpg 300w, https:\/\/liked.hu\/old\/wp-content\/uploads\/2020\/10\/4cd1c55fb684c3eb65f7708a98-500x341.jpg 500w, https:\/\/liked.hu\/old\/wp-content\/uploads\/2020\/10\/4cd1c55fb684c3eb65f7708a98-360x246.jpg 360w\" sizes=\"(max-width: 728px) 100vw, 728px\" \/>\t\t\t\t\t\t\t\t\t\t\t<figcaption class=\"zf-figcaption\">\r\n\t\t\t\t\t\t\t\t\t\t\t\t\t\t\t\t\t\t\t\t\t\t\t\t<cite>        <a class=\"zf-media_credit\" target=\"_blank\" href=\"https:\/\/liked.hu\/old\/kimeno.php?https:\/\/www.reddit.com\/r\/Damnthatsinteresting\/comments\/dh935n\/in_iceland_you_can_handdraw_a_map_on_mail_without\/\" rel=\"nofollow noopener\">reddit<\/a>\r\n        <\/cite>\r\n\r\n\t\t\t\t\t\t\t\t\t\t\t\t\t\t\t\t\t\t\t\t\t\t\t<\/figcaption>\r\n\t\t\t\t\t\t\t\t\t\t\t\t\t\t\t\t\t\t\t<\/div>\r\n\t\t\t\t\t\t\t\t\t<hr \/>\r\n\t\t\t\t\t\t\t\t<\/figure>\r\n\t\t\t\t\t\t\t\t\t\t\t\t\t\t\t\t<div class=\"zf-list_description\"><p>Ezt egy\u00e9bk\u00e9nt az a t\u00e9ny teszi lehet\u0151v\u00e9, hogy az izlandi h\u00e1zak egym\u00e1st\u00f3l t\u00e1vol, f\u00f6ldrajzilag j\u00f3l elk\u00fcl\u00f6n\u00edthet\u0151 helyeken tal\u00e1lhat\u00f3k, ez\u00e9rt a post\u00e1sok m\u00e9g egy ilyen, k\u00e9zzel rajzolt t\u00e9rk\u00e9ppel is k\u00f6nnyed\u00e9n eligazodnak k\u00f6z\u00f6tt\u00fck.<\/p><p style=\"text-align: center\">\n<div style=\"float:none;margin:0px 0 0px 0;text-align:center;\">\n<div class=\"mobileHideke8\"><div style=\"margin-top:25px;\"><div class=\"hirdeteshatter\"><div style=\"display: inline-block;width: 50%;min-width:340px;vertical-align: top;\"><div class=\"hirdetes\">HIRDET\u00c9S<\/div>\n<!-- Liked7Q1 -->\n<ins class=\"adsbygoogle\"\n     style=\"display:inline-block;width:336px;height:280px\"\n     data-ad-client=\"ca-pub-9424088931673893\"\n     data-ad-slot=\"3022062587\"><\/ins>\n<script async>\n     (adsbygoogle = window.adsbygoogle || []).push({});\n<\/script><\/div><div style=\"display: inline-block;width: 50%;min-width:340px;vertical-align: top;\"><div class=\"hirdetes\">HIRDET\u00c9S<\/div>\n<!-- Liked7Q2 -->\n<ins class=\"adsbygoogle\"\n     style=\"display:inline-block;width:336px;height:280px\"\n     data-ad-client=\"ca-pub-9424088931673893\"\n     data-ad-slot=\"3952000871\"><\/ins>\n<script async>\n     (adsbygoogle = window.adsbygoogle || []).push({});\n<\/script><\/div><\/div><\/div><\/div>\n<div style=\"display:flex;flex-direction:column;\"><div class=\"mobileShowka8\"><div style=\"padding-top:15px;margin-bottom:15px;min-height: 300px;\"><div class=\"hirdetes\">HIRDET\u00c9S<\/div>\n<!-- Liked7QMobil -->\n<ins class=\"adsbygoogle\"\n     style=\"display:inline-block;width:336px;height:280px\"\n     data-ad-client=\"ca-pub-9424088931673893\"\n     data-ad-slot=\"5073510857\"><\/ins>\n<script async>\n     (adsbygoogle = window.adsbygoogle || []).push({});\n<\/script><\/div><\/div><\/div><\/div><\/div>\r\n\t\t\t\t\t\t\t\t\t\t\t\t\t<\/li>\r\n\t\t\t\t\t\t\t\t\t\t\t\t<li class=\"zf-list_item\">\r\n\t\t\t\t\t\t\t<div class=\"zf-list_header\">\r\n\t\t\t\t\t\t\t\t<h3 id=\"listaelem6\" class=\"zf-list_title\">\r\n\t\t\t\t\t\t\t\t\t<span class=\"zf-number\">6<\/span>\r\n\t\t\t\t\t\t\t\t\tK\u00e9k lag\u00fana: vil\u00e1gszerte h\u00edres geotermikus forr\u00e1sok Izlandon, melyek csak az 1990-es \u00e9vekben ny\u00edltak meg a turist\u00e1k el\u0151tt.\t\t\t\t\t\t\t\t<\/h3>\r\n\t\t\t\t\t\t\t<\/div>\r\n\t\t\t\t\t\t\t\t\t\t\t\t\t\t\t<figure class=\"zf-list_media zf-media-wrapper zf-image zf-type-image\">\r\n\t\t\t\t\t\t\t\t\t<div title=\"K\u00e9k lag\u00fana: vil\u00e1gszerte h\u00edres geotermikus forr\u00e1sok Izlandon, melyek csak az 1990-es \u00e9vekben ny\u00edltak meg a turist\u00e1k el\u0151tt.\" alt=\"K\u00e9k lag\u00fana: vil\u00e1gszerte h\u00edres geotermikus forr\u00e1sok Izlandon, melyek csak az 1990-es \u00e9vekben ny\u00edltak meg a turist\u00e1k el\u0151tt.\" class=\"zf-media\">\r\n\t\t\t\t\t\t\t\t\t\t<img width=\"728\" height=\"861\" src=\"https:\/\/liked.hu\/old\/wp-content\/uploads\/2020\/10\/98e3345e6da5d8f6bef2deeac1.jpg\" class=\"\" alt=\"98e3345e6da5d8f6bef2deeac1\" loading=\"lazy\" style=\"\" srcset=\"https:\/\/liked.hu\/old\/wp-content\/uploads\/2020\/10\/98e3345e6da5d8f6bef2deeac1.jpg 728w, https:\/\/liked.hu\/old\/wp-content\/uploads\/2020\/10\/98e3345e6da5d8f6bef2deeac1-254x300.jpg 254w, https:\/\/liked.hu\/old\/wp-content\/uploads\/2020\/10\/98e3345e6da5d8f6bef2deeac1-423x500.jpg 423w, https:\/\/liked.hu\/old\/wp-content\/uploads\/2020\/10\/98e3345e6da5d8f6bef2deeac1-360x426.jpg 360w\" sizes=\"(max-width: 728px) 100vw, 728px\" \/>\t\t\t\t\t\t\t\t\t\t\t<figcaption class=\"zf-figcaption\">\r\n\t\t\t\t\t\t\t\t\t\t\t\t\t\t\t\t\t\t\t\t\t\t\t\t<cite>        <a class=\"zf-media_credit\" target=\"_blank\" href=\"https:\/\/liked.hu\/old\/kimeno.php?https:\/\/www.piqsels.com\/es\/public-domain-photo-sdqgv\" rel=\"nofollow noopener\">piqsels<\/a>\r\n        <\/cite>\r\n\r\n\t\t\t\t\t\t\t\t\t\t\t\t\t\t\t\t\t\t\t\t\t\t\t<\/figcaption>\r\n\t\t\t\t\t\t\t\t\t\t\t\t\t\t\t\t\t\t\t<\/div>\r\n\t\t\t\t\t\t\t\t\t<hr \/>\r\n\t\t\t\t\t\t\t\t<\/figure>\r\n\t\t\t\t\t\t\t\t\t\t\t\t\t\t\t\t<div class=\"zf-list_description\"><ul><li>Meg\u0151r\u00fcl\u00f6k! Ez a lag\u00fana egyszerre n\u00e9z ki a bolyg\u00f3 legforr\u00f3bb \u00e9s leghidegebb hely\u00e9nek. <a href=\"https:\/\/www.reddit.com\/r\/interestingasfuck\/comments\/iazrjq\/blue_lagoon_in_iceland_a_geothermal_hot_spring\/g1s3t12\/?utm_source=reddit&amp;utm_medium=web2x&amp;context=3\" rel=\"nofollow noopener noreferrer\" target=\"_blank\">@obamium-11 \/ reddit<\/a><\/li><\/ul><\/div>\r\n\t\t\t\t\t\t\t\t\t\t\t\t\t<\/li>\r\n\t\t\t\t\t\t\t\t\t\t\t\t<li class=\"zf-list_item\">\r\n\t\t\t\t\t\t\t<div class=\"zf-list_header\">\r\n\t\t\t\t\t\t\t\t<h3 id=\"listaelem7\" class=\"zf-list_title\">\r\n\t\t\t\t\t\t\t\t\t<span class=\"zf-number\">7<\/span>\r\n\t\t\t\t\t\t\t\t\tAz izlandiak nagyon szerencs\u00e9sek: a sarki f\u00e9nyt \u00e9vente 8 h\u00f3napban l\u00e1thatj\u00e1k.\t\t\t\t\t\t\t\t<\/h3>\r\n\t\t\t\t\t\t\t<\/div>\r\n\t\t\t\t\t\t\t\t\t\t\t\t\t\t\t<figure class=\"zf-list_media zf-media-wrapper zf-image zf-type-image\">\r\n\t\t\t\t\t\t\t\t\t<div title=\"Az izlandiak nagyon szerencs\u00e9sek: a sarki f\u00e9nyt \u00e9vente 8 h\u00f3napban l\u00e1thatj\u00e1k.\" alt=\"Az izlandiak nagyon szerencs\u00e9sek: a sarki f\u00e9nyt \u00e9vente 8 h\u00f3napban l\u00e1thatj\u00e1k.\" class=\"zf-media\">\r\n\t\t\t\t\t\t\t\t\t\t<img width=\"800\" height=\"800\" src=\"https:\/\/liked.hu\/old\/wp-content\/uploads\/2020\/10\/photo-1443926818681-717d074a57afixlibrb-1.2.jpg\" class=\"\" alt=\"photo 1443926818681 717d074a57afixlibrb 1.2\" loading=\"lazy\" style=\"\" srcset=\"https:\/\/liked.hu\/old\/wp-content\/uploads\/2020\/10\/photo-1443926818681-717d074a57afixlibrb-1.2.jpg 800w, https:\/\/liked.hu\/old\/wp-content\/uploads\/2020\/10\/photo-1443926818681-717d074a57afixlibrb-1.2-150x150.jpg 150w, https:\/\/liked.hu\/old\/wp-content\/uploads\/2020\/10\/photo-1443926818681-717d074a57afixlibrb-1.2-300x300.jpg 300w, https:\/\/liked.hu\/old\/wp-content\/uploads\/2020\/10\/photo-1443926818681-717d074a57afixlibrb-1.2-500x500.jpg 500w, https:\/\/liked.hu\/old\/wp-content\/uploads\/2020\/10\/photo-1443926818681-717d074a57afixlibrb-1.2-360x360.jpg 360w, https:\/\/liked.hu\/old\/wp-content\/uploads\/2020\/10\/photo-1443926818681-717d074a57afixlibrb-1.2-350x350.jpg 350w\" sizes=\"(max-width: 800px) 100vw, 800px\" \/>\t\t\t\t\t\t\t\t\t\t\t<figcaption class=\"zf-figcaption\">\r\n\t\t\t\t\t\t\t\t\t\t\t\t\t\t\t\t\t\t\t\t\t\t\t\t<cite>        <a class=\"zf-media_credit\" target=\"_blank\" href=\"https:\/\/liked.hu\/old\/kimeno.php?https:\/\/unsplash.com\/photos\/R3pUGn5YiTg\" rel=\"nofollow noopener\">unsplash<\/a>\r\n        <\/cite>\r\n\r\n\t\t\t\t\t\t\t\t\t\t\t\t\t\t\t\t\t\t\t\t\t\t\t<\/figcaption>\r\n\t\t\t\t\t\t\t\t\t\t\t\t\t\t\t\t\t\t\t<\/div>\r\n\t\t\t\t\t\t\t\t\t<hr \/>\r\n\t\t\t\t\t\t\t\t<\/figure>\r\n\t\t\t\t\t\t\t\t\t\t\t\t\t\t<\/li>\r\n\t\t\t\t\t\t\t\t\t\t\t\t<li class=\"zf-list_item\">\r\n\t\t\t\t\t\t\t<div class=\"zf-list_header\">\r\n\t\t\t\t\t\t\t\t<h3 id=\"listaelem8\" class=\"zf-list_title\">\r\n\t\t\t\t\t\t\t\t\t<span class=\"zf-number\">8<\/span>\r\n\t\t\t\t\t\t\t\t\tIzlandon vannak olyan helyek, ahol egyszerre \u00e1llhatunk az \u00e9szak-amerikai \u00e9s az eur\u00e1zsiai tektonikus lemezeken. Ezt a hatalmas reped\u00e9st egy\u00e9bk\u00e9nt egy f\u00f6ldreng\u00e9s okozta.\t\t\t\t\t\t\t\t<\/h3>\r\n\t\t\t\t\t\t\t<\/div>\r\n\t\t\t\t\t\t\t\t\t\t\t\t\t\t\t<figure class=\"zf-list_media zf-media-wrapper zf-image zf-type-image\">\r\n\t\t\t\t\t\t\t\t\t<div title=\"Izlandon vannak olyan helyek, ahol egyszerre \u00e1llhatunk az \u00e9szak-amerikai \u00e9s az eur\u00e1zsiai tektonikus lemezeken. Ezt a hatalmas reped\u00e9st egy\u00e9bk\u00e9nt egy f\u00f6ldreng\u00e9s okozta.\" alt=\"Izlandon vannak olyan helyek, ahol egyszerre \u00e1llhatunk az \u00e9szak-amerikai \u00e9s az eur\u00e1zsiai tektonikus lemezeken. Ezt a hatalmas reped\u00e9st egy\u00e9bk\u00e9nt egy f\u00f6ldreng\u00e9s okozta.\" class=\"zf-media\">\r\n\t\t\t\t\t\t\t\t\t\t<img width=\"728\" height=\"546\" src=\"https:\/\/liked.hu\/old\/wp-content\/uploads\/2020\/10\/73614d551397d7e5f91d91b3e7.jpg\" class=\"\" alt=\"73614d551397d7e5f91d91b3e7\" loading=\"lazy\" style=\"\" srcset=\"https:\/\/liked.hu\/old\/wp-content\/uploads\/2020\/10\/73614d551397d7e5f91d91b3e7.jpg 728w, https:\/\/liked.hu\/old\/wp-content\/uploads\/2020\/10\/73614d551397d7e5f91d91b3e7-300x225.jpg 300w, https:\/\/liked.hu\/old\/wp-content\/uploads\/2020\/10\/73614d551397d7e5f91d91b3e7-500x375.jpg 500w, https:\/\/liked.hu\/old\/wp-content\/uploads\/2020\/10\/73614d551397d7e5f91d91b3e7-200x150.jpg 200w, https:\/\/liked.hu\/old\/wp-content\/uploads\/2020\/10\/73614d551397d7e5f91d91b3e7-360x270.jpg 360w\" sizes=\"(max-width: 728px) 100vw, 728px\" \/>\t\t\t\t\t\t\t\t\t\t\t<figcaption class=\"zf-figcaption\">\r\n\t\t\t\t\t\t\t\t\t\t\t\t\t\t\t\t\t\t\t\t\t\t\t\t<cite>        <a class=\"zf-media_credit\" target=\"_blank\" href=\"https:\/\/liked.hu\/old\/kimeno.php?https:\/\/www.reddit.com\/r\/interestingasfuck\/comments\/j2ef8r\/there_are_places_in_iceland_where_you_can_be\/\" rel=\"nofollow noopener\">reddit<\/a>\r\n        <\/cite>\r\n\r\n\t\t\t\t\t\t\t\t\t\t\t\t\t\t\t\t\t\t\t\t\t\t\t<\/figcaption>\r\n\t\t\t\t\t\t\t\t\t\t\t\t\t\t\t\t\t\t\t<\/div>\r\n\t\t\t\t\t\t\t\t\t<hr \/>\r\n\t\t\t\t\t\t\t\t<\/figure>\r\n\t\t\t\t\t\t\t\t\t\t\t\t\t\t<\/li>\r\n\t\t\t\t\t\t\t\t\t<\/ol>\r\n\t\t<\/div>\r\n\t<\/div>\r\n\r\n\t<\/div>\r\n\r\n\r\n<!--nextpage--><div id=\"zombify-main-section-front\" class=\"zombify-main-section-front zombify-screen zf-media-full\">\r\n\t<link rel=\"stylesheet\" type=\"text\/css\" href=\"https:\/\/liked.hu\/old\/js\/zombify.css\">\r\n    <link rel=\"stylesheet\" type=\"text\/css\" href=\"https:\/\/liked.hu\/old\/wp-content\/themes\/newsy-child\/style.css\">\r\n\t<div class=\"zf-container\">\r\n\t\t<div id=\"zf-list\" class=\"zf-list zf-numbered\">\r\n\t\t\t<ol class=\"zf-structure-list\">\r\n\t\t\t\t\t\t\t\t\t\t<li class=\"zf-list_item\">\r\n\t\t\t\t\t\t\t<div class=\"zf-list_header\">\r\n\t\t\t\t\t\t\t\t<h3 id=\"listaelem9\" class=\"zf-list_title\">\r\n\t\t\t\t\t\t\t\t\t<span class=\"zf-number\">9<\/span>\r\n\t\t\t\t\t\t\t\t\tAz izlandiak nem akarnak foglalkozni a turist\u00e1k h\u00fclyes\u00e9geivel.\t\t\t\t\t\t\t\t<\/h3>\r\n\t\t\t\t\t\t\t<\/div>\r\n\t\t\t\t\t\t\t\t\t\t\t\t\t\t\t<figure class=\"zf-list_media zf-media-wrapper zf-image zf-type-image\">\r\n\t\t\t\t\t\t\t\t\t<div title=\"Az izlandiak nem akarnak foglalkozni a turist\u00e1k h\u00fclyes\u00e9geivel.\" alt=\"Az izlandiak nem akarnak foglalkozni a turist\u00e1k h\u00fclyes\u00e9geivel.\" class=\"zf-media\">\r\n\t\t\t\t\t\t\t\t\t\t<img width=\"728\" height=\"702\" src=\"https:\/\/liked.hu\/old\/wp-content\/uploads\/2020\/10\/6f43a05a68af755ac138af8a8a.jpg\" class=\"\" alt=\"6f43a05a68af755ac138af8a8a\" loading=\"lazy\" style=\"\" srcset=\"https:\/\/liked.hu\/old\/wp-content\/uploads\/2020\/10\/6f43a05a68af755ac138af8a8a.jpg 728w, https:\/\/liked.hu\/old\/wp-content\/uploads\/2020\/10\/6f43a05a68af755ac138af8a8a-300x289.jpg 300w, https:\/\/liked.hu\/old\/wp-content\/uploads\/2020\/10\/6f43a05a68af755ac138af8a8a-500x482.jpg 500w, https:\/\/liked.hu\/old\/wp-content\/uploads\/2020\/10\/6f43a05a68af755ac138af8a8a-360x347.jpg 360w\" sizes=\"(max-width: 728px) 100vw, 728px\" \/>\t\t\t\t\t\t\t\t\t\t\t<figcaption class=\"zf-figcaption\">\r\n\t\t\t\t\t\t\t\t\t\t\t\t\t\t\t\t\t\t\t\t\t\t\t\t<cite>        <a class=\"zf-media_credit\" target=\"_blank\" href=\"https:\/\/liked.hu\/old\/kimeno.php?https:\/\/www.reddit.com\/r\/funny\/comments\/f92l8r\/iceland_does_not_want_to_deal_with_your_stupidity\/\" rel=\"nofollow noopener\">reddit<\/a>\r\n        <\/cite>\r\n\r\n\t\t\t\t\t\t\t\t\t\t\t\t\t\t\t\t\t\t\t\t\t\t\t<\/figcaption>\r\n\t\t\t\t\t\t\t\t\t\t\t\t\t\t\t\t\t\t\t<\/div>\r\n\t\t\t\t\t\t\t\t\t<hr \/>\r\n\t\t\t\t\t\t\t\t<\/figure>\r\n\t\t\t\t\t\t\t\t\t\t\t\t\t\t\t\t<div class=\"zf-list_description\"><p style=\"text-align: center\"><em>,,Ne dobj p\u00e9nz\u00e9rm\u00e9ket a forr\u00e1sba. A term\u00e9szetet nem \u00e9rdekli a p\u00e9nzed. Amikor \u00e9rm\u00e9t dobsz a forr\u00f3 v\u00edzbe. Szeretn\u00e9l seg\u00edteni valakin? Ink\u00e1bb add oda neki a p\u00e9nzt. Csak csin\u00e1ld.\"<\/em><\/p><p style=\"text-align: center\">\n<div style=\"float:none;margin:0px 0 0px 0;text-align:center;\">\n<div class=\"mobileHideke8\"><div class=\"hirdeteshatter\"><div style=\"display: inline-block;width: 50%;min-width:340px;vertical-align: top;\"><div class=\"hirdetes\">HIRDET\u00c9S<\/div>\n<!-- LikedQ81 -->\n<ins class=\"adsbygoogle\"\n     style=\"display:inline-block;width:336px;height:280px\"\n     data-ad-client=\"ca-pub-9424088931673893\"\n     data-ad-slot=\"2436840276\"><\/ins>\n<script async>\n     (adsbygoogle = window.adsbygoogle || []).push({});\n<\/script><\/div><div style=\"display: inline-block;width: 50%;min-width:340px;vertical-align: top;\"><div class=\"hirdetes\">HIRDET\u00c9S<\/div>\n<!-- LikedQ82 -->\n<ins class=\"adsbygoogle\"\n     style=\"display:inline-block;width:336px;height:280px\"\n     data-ad-client=\"ca-pub-9424088931673893\"\n     data-ad-slot=\"3558350253\"><\/ins>\n<script async>\n     (adsbygoogle = window.adsbygoogle || []).push({});\n<\/script><\/div><\/div><\/div>\n<div style=\"display:flex;flex-direction:column;\"><div class=\"mobileShowka8 nyolc\"><div style=\"padding-top:15px;padding-bottom:5px;min-height: 300px;\"><div class=\"hirdetes\">HIRDET\u00c9S<\/div>\n<!-- LikedQ8M -->\n<ins class=\"adsbygoogle\"\n     style=\"display:inline-block;width:336px;height:280px\"\n     data-ad-client=\"ca-pub-9424088931673893\"\n     data-ad-slot=\"4679860235\"><\/ins>\n<script async>\n     (adsbygoogle = window.adsbygoogle || []).push({});\n<\/script><\/div><\/div><\/div><\/div><\/div>\r\n\t\t\t\t\t\t\t\t\t\t\t\t\t<\/li>\r\n\t\t\t\t\t\t\t\t\t\t\t\t<li class=\"zf-list_item\">\r\n\t\t\t\t\t\t\t<div class=\"zf-list_header\">\r\n\t\t\t\t\t\t\t\t<h3 id=\"listaelem10\" class=\"zf-list_title\">\r\n\t\t\t\t\t\t\t\t\t<span class=\"zf-number\">10<\/span>\r\n\t\t\t\t\t\t\t\t\tIzlandnak saj\u00e1t Yod\u00e1ja is van.\t\t\t\t\t\t\t\t<\/h3>\r\n\t\t\t\t\t\t\t<\/div>\r\n\t\t\t\t\t\t\t\t\t\t\t\t\t\t\t<figure class=\"zf-list_media zf-media-wrapper zf-image zf-type-image\">\r\n\t\t\t\t\t\t\t\t\t<div title=\"Izlandnak saj\u00e1t Yod\u00e1ja is van.\" alt=\"Izlandnak saj\u00e1t Yod\u00e1ja is van.\" class=\"zf-media\">\r\n\t\t\t\t\t\t\t\t\t\t<img width=\"728\" height=\"1092\" src=\"https:\/\/liked.hu\/old\/wp-content\/uploads\/2020\/10\/6d71855077843d157520486e6f.jpg\" class=\"\" alt=\"6d71855077843d157520486e6f\" loading=\"lazy\" style=\"\" srcset=\"https:\/\/liked.hu\/old\/wp-content\/uploads\/2020\/10\/6d71855077843d157520486e6f.jpg 728w, https:\/\/liked.hu\/old\/wp-content\/uploads\/2020\/10\/6d71855077843d157520486e6f-200x300.jpg 200w, https:\/\/liked.hu\/old\/wp-content\/uploads\/2020\/10\/6d71855077843d157520486e6f-333x500.jpg 333w, https:\/\/liked.hu\/old\/wp-content\/uploads\/2020\/10\/6d71855077843d157520486e6f-360x540.jpg 360w\" sizes=\"(max-width: 728px) 100vw, 728px\" \/>\t\t\t\t\t\t\t\t\t\t\t<figcaption class=\"zf-figcaption\">\r\n\t\t\t\t\t\t\t\t\t\t\t\t\t\t\t\t\t\t\t\t\t\t\t\t<cite>        <a class=\"zf-media_credit\" target=\"_blank\" href=\"https:\/\/liked.hu\/old\/kimeno.php?https:\/\/www.reddit.com\/r\/NatureIsFuckingLit\/comments\/iikr74\/a_cave_shaped_like_yoda_in_iceland_do_you_see_it\/\" rel=\"nofollow noopener\">reddit<\/a>\r\n        <\/cite>\r\n\r\n\t\t\t\t\t\t\t\t\t\t\t\t\t\t\t\t\t\t\t\t\t\t\t<\/figcaption>\r\n\t\t\t\t\t\t\t\t\t\t\t\t\t\t\t\t\t\t\t<\/div>\r\n\t\t\t\t\t\t\t\t\t<hr \/>\r\n\t\t\t\t\t\t\t\t<\/figure>\r\n\t\t\t\t\t\t\t\t\t\t\t\t\t\t<\/li>\r\n\t\t\t\t\t\t\t\t\t\t\t\t<li class=\"zf-list_item\">\r\n\t\t\t\t\t\t\t<div class=\"zf-list_header\">\r\n\t\t\t\t\t\t\t\t<h3 id=\"listaelem11\" class=\"zf-list_title\">\r\n\t\t\t\t\t\t\t\t\t<span class=\"zf-number\">11<\/span>\r\n\t\t\t\t\t\t\t\t\tA v\u00edzes\u00e9s m\u00f6g\u00f6tti l\u00e1var\u00e9tegek \u00fagy n\u00e9znek ki, mintha egy profi cukr\u00e1sz k\u00e9sz\u00edtette volna \u0151ket.\t\t\t\t\t\t\t\t<\/h3>\r\n\t\t\t\t\t\t\t<\/div>\r\n\t\t\t\t\t\t\t\t\t\t\t\t\t\t\t<figure class=\"zf-list_media zf-media-wrapper zf-embed\">\r\n\t\t\t\t\t\t\t\t\t<div title=\"A v\u00edzes\u00e9s m\u00f6g\u00f6tti l\u00e1var\u00e9tegek \u00fagy n\u00e9znek ki, mintha egy profi cukr\u00e1sz k\u00e9sz\u00edtette volna \u0151ket.\" alt=\"A v\u00edzes\u00e9s m\u00f6g\u00f6tti l\u00e1var\u00e9tegek \u00fagy n\u00e9znek ki, mintha egy profi cukr\u00e1sz k\u00e9sz\u00edtette volna \u0151ket.\" class=\"zf-media\">\r\n\t\t\t\t\t\t\t\t\t\t<div class=\"zf-embedded-url\"><div class=\"zf-embed-cont\"><div class='custom-oembed-error'><p><!-- Could not embed --><a href=\"https:\/\/www.instagram.com\/p\/CCooXsOBhYV\">View Link<\/a><\/p><\/div><\/div><\/div>\t\t\t\t\t\t\t\t\t\t\t<figcaption class=\"zf-figcaption\">\r\n\t\t\t\t\t\t\t\t\t\t\t\t\t\t\t\t\t\t\t\t\t\t\t\t<cite><\/cite>\r\n\r\n\t\t\t\t\t\t\t\t\t\t\t\t\t\t\t\t\t\t\t\t\t\t\t<\/figcaption>\r\n\t\t\t\t\t\t\t\t\t\t\t\t\t\t\t\t\t\t\t<\/div>\r\n\t\t\t\t\t\t\t\t\t<hr \/>\r\n\t\t\t\t\t\t\t\t<\/figure>\r\n\t\t\t\t\t\t\t\t\t\t\t\t\t\t<\/li>\r\n\t\t\t\t\t\t\t\t\t\t\t\t<li class=\"zf-list_item\">\r\n\t\t\t\t\t\t\t<div class=\"zf-list_header\">\r\n\t\t\t\t\t\t\t\t<h3 id=\"listaelem12\" class=\"zf-list_title\">\r\n\t\t\t\t\t\t\t\t\t<span class=\"zf-number\">12<\/span>\r\n\t\t\t\t\t\t\t\t\tEz az izlandi fekete templom nemcsak a sz\u00edne miatt h\u00edres, hanem mert egyetlen sz\u00f6g n\u00e9lk\u00fcl \u00e9p\u00edtett\u00e9k.\t\t\t\t\t\t\t\t<\/h3>\r\n\t\t\t\t\t\t\t<\/div>\r\n\t\t\t\t\t\t\t\t\t\t\t\t\t\t\t<figure class=\"zf-list_media zf-media-wrapper zf-image zf-type-image\">\r\n\t\t\t\t\t\t\t\t\t<div title=\"Ez az izlandi fekete templom nemcsak a sz\u00edne miatt h\u00edres, hanem mert egyetlen sz\u00f6g n\u00e9lk\u00fcl \u00e9p\u00edtett\u00e9k.\" alt=\"Ez az izlandi fekete templom nemcsak a sz\u00edne miatt h\u00edres, hanem mert egyetlen sz\u00f6g n\u00e9lk\u00fcl \u00e9p\u00edtett\u00e9k.\" class=\"zf-media\">\r\n\t\t\t\t\t\t\t\t\t\t<img width=\"728\" height=\"869\" src=\"https:\/\/liked.hu\/old\/wp-content\/uploads\/2020\/10\/f09cd3596cb8426964ce4eb591.jpg\" class=\"\" alt=\"f09cd3596cb8426964ce4eb591\" loading=\"lazy\" style=\"\" srcset=\"https:\/\/liked.hu\/old\/wp-content\/uploads\/2020\/10\/f09cd3596cb8426964ce4eb591.jpg 728w, https:\/\/liked.hu\/old\/wp-content\/uploads\/2020\/10\/f09cd3596cb8426964ce4eb591-251x300.jpg 251w, https:\/\/liked.hu\/old\/wp-content\/uploads\/2020\/10\/f09cd3596cb8426964ce4eb591-419x500.jpg 419w, https:\/\/liked.hu\/old\/wp-content\/uploads\/2020\/10\/f09cd3596cb8426964ce4eb591-360x430.jpg 360w\" sizes=\"(max-width: 728px) 100vw, 728px\" \/>\t\t\t\t\t\t\t\t\t\t\t<figcaption class=\"zf-figcaption\">\r\n\t\t\t\t\t\t\t\t\t\t\t\t\t\t\t\t\t\t\t\t\t\t\t\t<cite>        <a class=\"zf-media_credit\" target=\"_blank\" href=\"https:\/\/liked.hu\/old\/kimeno.php?https:\/\/www.reddit.com\/r\/itookapicture\/comments\/hcds38\/itap_of_the_only_allblack_church_in_iceland\/\" rel=\"nofollow noopener\">reddit<\/a>\r\n        <\/cite>\r\n\r\n\t\t\t\t\t\t\t\t\t\t\t\t\t\t\t\t\t\t\t\t\t\t\t<\/figcaption>\r\n\t\t\t\t\t\t\t\t\t\t\t\t\t\t\t\t\t\t\t<\/div>\r\n\t\t\t\t\t\t\t\t\t<hr \/>\r\n\t\t\t\t\t\t\t\t<\/figure>\r\n\t\t\t\t\t\t\t\t\t\t\t\t\t\t\t\t<div class=\"zf-list_description\"><ul><li>Volt szerencs\u00e9m tavaly szem\u00e9lyesen is l\u00e1tni. A k\u00f6zelben van a vil\u00e1g legtiszt\u00e1bb \u00e9s legfinomabb forr\u00e1sa, amit valaha k\u00f3stoltam. Le\u00edrni is neh\u00e9z. <a href=\"https:\/\/www.reddit.com\/r\/itookapicture\/comments\/hcds38\/itap_of_the_only_allblack_church_in_iceland\/fvfhp3b\/?utm_source=reddit&amp;utm_medium=web2x&amp;context=3\" rel=\"nofollow noopener noreferrer\" target=\"_blank\">@Sletzer \/ Reddit<\/a><\/li><\/ul><p style=\"text-align: center\">\n<div style=\"float:none;margin:0px 0 0px 0;text-align:center;\">\n<div class=\"mobileHideke5\"><div style=\"margin-top:25px;\"><div class=\"hirdeteshatter\"><div style=\"display: inline-block;width: 50%;min-width:305px;vertical-align: top;\"><div class=\"hirdetes\">HIRDET\u00c9S<\/div>\n<!-- LikedQ51 -->\n<ins class=\"adsbygoogle\"\n     style=\"display:inline-block;width:300px;height:250px\"\n     data-ad-client=\"ca-pub-9424088931673893\"\n     data-ad-slot=\"8284063326\"><\/ins>\n<script async>\n     (adsbygoogle = window.adsbygoogle || []).push({});\n<\/script><\/div><div style=\"display: inline-block;width: 50%;min-width:305px;vertical-align: top;\"><div class=\"hirdetes\">HIRDET\u00c9S<\/div>\n<!-- LikedQ52 -->\n<ins class=\"adsbygoogle\"\n     style=\"display:inline-block;width:300px;height:250px\"\n     data-ad-client=\"ca-pub-9424088931673893\"\n     data-ad-slot=\"2840164950\"><\/ins>\n<script async>\n     (adsbygoogle = window.adsbygoogle || []).push({});\n<\/script><\/div><\/div><\/div><\/div>\n<div style=\"display:flex;flex-direction:column;\"><div class=\"mobileShowka5\"><div style=\"padding-top:10px;padding-bottom:10px;min-height: 300px;\"><div class=\"hirdetes\">HIRDET\u00c9S<\/div>\n<!-- LikedQ5M -->\n<ins class=\"adsbygoogle\"\n     style=\"display:inline-block;width:300px;height:250px\"\n     data-ad-client=\"ca-pub-9424088931673893\"\n     data-ad-slot=\"9022429928\"><\/ins>\n<script async>\n     (adsbygoogle = window.adsbygoogle || []).push({});\n<\/script><\/div><\/div><\/div><\/div><\/div>\r\n\t\t\t\t\t\t\t\t\t\t\t\t\t<\/li>\r\n\t\t\t\t\t\t\t\t\t\t\t\t<li class=\"zf-list_item\">\r\n\t\t\t\t\t\t\t<div class=\"zf-list_header\">\r\n\t\t\t\t\t\t\t\t<h3 id=\"listaelem13\" class=\"zf-list_title\">\r\n\t\t\t\t\t\t\t\t\t<span class=\"zf-number\">13<\/span>\r\n\t\t\t\t\t\t\t\t\tA h\u00edres izlandi jeges foly\u00f3k.\t\t\t\t\t\t\t\t<\/h3>\r\n\t\t\t\t\t\t\t<\/div>\r\n\t\t\t\t\t\t\t\t\t\t\t\t\t\t\t<figure class=\"zf-list_media zf-media-wrapper zf-image zf-type-image\">\r\n\t\t\t\t\t\t\t\t\t<div title=\"A h\u00edres izlandi jeges foly\u00f3k.\" alt=\"A h\u00edres izlandi jeges foly\u00f3k.\" class=\"zf-media\">\r\n\t\t\t\t\t\t\t\t\t\t<img width=\"728\" height=\"905\" src=\"https:\/\/liked.hu\/old\/wp-content\/uploads\/2020\/10\/16e6cd517ca7dff3b34c3291e0.png\" class=\"\" alt=\"16e6cd517ca7dff3b34c3291e0\" loading=\"lazy\" style=\"\" srcset=\"https:\/\/liked.hu\/old\/wp-content\/uploads\/2020\/10\/16e6cd517ca7dff3b34c3291e0.png 728w, https:\/\/liked.hu\/old\/wp-content\/uploads\/2020\/10\/16e6cd517ca7dff3b34c3291e0-241x300.png 241w, https:\/\/liked.hu\/old\/wp-content\/uploads\/2020\/10\/16e6cd517ca7dff3b34c3291e0-402x500.png 402w, https:\/\/liked.hu\/old\/wp-content\/uploads\/2020\/10\/16e6cd517ca7dff3b34c3291e0-360x448.png 360w\" sizes=\"(max-width: 728px) 100vw, 728px\" \/>\t\t\t\t\t\t\t\t\t\t\t<figcaption class=\"zf-figcaption\">\r\n\t\t\t\t\t\t\t\t\t\t\t\t\t\t\t\t\t\t\t\t\t\t\t\t<cite>        <a class=\"zf-media_credit\" target=\"_blank\" href=\"https:\/\/liked.hu\/old\/kimeno.php?https:\/\/www.reddit.com\/r\/interestingasfuck\/comments\/d8qegd\/glacier_rivers_from_above_iceland\/\" rel=\"nofollow noopener\">reddit<\/a>\r\n        <\/cite>\r\n\r\n\t\t\t\t\t\t\t\t\t\t\t\t\t\t\t\t\t\t\t\t\t\t\t<\/figcaption>\r\n\t\t\t\t\t\t\t\t\t\t\t\t\t\t\t\t\t\t\t<\/div>\r\n\t\t\t\t\t\t\t\t\t<hr \/>\r\n\t\t\t\t\t\t\t\t<\/figure>\r\n\t\t\t\t\t\t\t\t\t\t\t\t\t\t<\/li>\r\n\t\t\t\t\t\t\t\t\t\t\t\t<li class=\"zf-list_item\">\r\n\t\t\t\t\t\t\t<div class=\"zf-list_header\">\r\n\t\t\t\t\t\t\t\t<h3 id=\"listaelem14\" class=\"zf-list_title\">\r\n\t\t\t\t\t\t\t\t\t<span class=\"zf-number\">14<\/span>\r\n\t\t\t\t\t\t\t\t\t,,Az izlandi utaz\u00e1sunk sor\u00e1n tal\u00e1lkoztunk ezekkel a kisfick\u00f3kkal, akik a sz\u00e9l el\u0151l rejt\u0151ztek ide.\"\t\t\t\t\t\t\t\t<\/h3>\r\n\t\t\t\t\t\t\t<\/div>\r\n\t\t\t\t\t\t\t\t\t\t\t\t\t\t\t<figure class=\"zf-list_media zf-media-wrapper zf-image zf-type-image\">\r\n\t\t\t\t\t\t\t\t\t<div title=\",,Az izlandi utaz\u00e1sunk sor\u00e1n tal\u00e1lkoztunk ezekkel a kisfick\u00f3kkal, akik a sz\u00e9l el\u0151l rejt\u0151ztek ide.&quot;\" alt=\",,Az izlandi utaz\u00e1sunk sor\u00e1n tal\u00e1lkoztunk ezekkel a kisfick\u00f3kkal, akik a sz\u00e9l el\u0151l rejt\u0151ztek ide.&quot;\" class=\"zf-media\">\r\n\t\t\t\t\t\t\t\t\t\t<img width=\"728\" height=\"779\" src=\"https:\/\/liked.hu\/old\/wp-content\/uploads\/2020\/10\/e9ab9e53e484fe5918d445527f.jpg\" class=\"\" alt=\"e9ab9e53e484fe5918d445527f\" loading=\"lazy\" style=\"\" srcset=\"https:\/\/liked.hu\/old\/wp-content\/uploads\/2020\/10\/e9ab9e53e484fe5918d445527f.jpg 728w, https:\/\/liked.hu\/old\/wp-content\/uploads\/2020\/10\/e9ab9e53e484fe5918d445527f-280x300.jpg 280w, https:\/\/liked.hu\/old\/wp-content\/uploads\/2020\/10\/e9ab9e53e484fe5918d445527f-467x500.jpg 467w, https:\/\/liked.hu\/old\/wp-content\/uploads\/2020\/10\/e9ab9e53e484fe5918d445527f-360x385.jpg 360w\" sizes=\"(max-width: 728px) 100vw, 728px\" \/>\t\t\t\t\t\t\t\t\t\t\t<figcaption class=\"zf-figcaption\">\r\n\t\t\t\t\t\t\t\t\t\t\t\t\t\t\t\t\t\t\t\t\t\t\t\t<cite>        <a class=\"zf-media_credit\" target=\"_blank\" href=\"https:\/\/liked.hu\/old\/kimeno.php?https:\/\/www.reddit.com\/r\/travel\/comments\/ihgmpm\/travelling_within_iceland_because_we_couldnt_go\/\" rel=\"nofollow noopener\">reddit<\/a>\r\n        <\/cite>\r\n\r\n\t\t\t\t\t\t\t\t\t\t\t\t\t\t\t\t\t\t\t\t\t\t\t<\/figcaption>\r\n\t\t\t\t\t\t\t\t\t\t\t\t\t\t\t\t\t\t\t<\/div>\r\n\t\t\t\t\t\t\t\t\t<hr \/>\r\n\t\t\t\t\t\t\t\t<\/figure>\r\n\t\t\t\t\t\t\t\t\t\t\t\t\t\t\t\t<div class=\"zf-list_description\"><p style=\"text-align: center\">A b\u00e1r\u00e1nyok m\u00f6g\u00f6tt egy\u00e9bk\u00e9nt Eur\u00f3pa legnagyobb gleccsere l\u00e1that\u00f3.<\/p><\/div>\r\n\t\t\t\t\t\t\t\t\t\t\t\t\t<\/li>\r\n\t\t\t\t\t\t\t\t\t\t\t\t<li class=\"zf-list_item\">\r\n\t\t\t\t\t\t\t<div class=\"zf-list_header\">\r\n\t\t\t\t\t\t\t\t<h3 id=\"listaelem15\" class=\"zf-list_title\">\r\n\t\t\t\t\t\t\t\t\t<span class=\"zf-number\">15<\/span>\r\n\t\t\t\t\t\t\t\t\tA Keri\u00f0-kr\u00e1ter t\u00e9len egy hatalmas s\u00e1rk\u00e1nyszemre hasonl\u00edt.\t\t\t\t\t\t\t\t<\/h3>\r\n\t\t\t\t\t\t\t<\/div>\r\n\t\t\t\t\t\t\t\t\t\t\t\t\t\t\t<figure class=\"zf-list_media zf-media-wrapper zf-image zf-type-image\">\r\n\t\t\t\t\t\t\t\t\t<div title=\"A Keri\u00f0-kr\u00e1ter t\u00e9len egy hatalmas s\u00e1rk\u00e1nyszemre hasonl\u00edt.\" alt=\"A Keri\u00f0-kr\u00e1ter t\u00e9len egy hatalmas s\u00e1rk\u00e1nyszemre hasonl\u00edt.\" class=\"zf-media\">\r\n\t\t\t\t\t\t\t\t\t\t<img width=\"728\" height=\"546\" src=\"https:\/\/liked.hu\/old\/wp-content\/uploads\/2020\/10\/c21084525bbd5e184c76804207.jpg\" class=\"\" alt=\"c21084525bbd5e184c76804207\" loading=\"lazy\" style=\"\" srcset=\"https:\/\/liked.hu\/old\/wp-content\/uploads\/2020\/10\/c21084525bbd5e184c76804207.jpg 728w, https:\/\/liked.hu\/old\/wp-content\/uploads\/2020\/10\/c21084525bbd5e184c76804207-300x225.jpg 300w, https:\/\/liked.hu\/old\/wp-content\/uploads\/2020\/10\/c21084525bbd5e184c76804207-500x375.jpg 500w, https:\/\/liked.hu\/old\/wp-content\/uploads\/2020\/10\/c21084525bbd5e184c76804207-200x150.jpg 200w, https:\/\/liked.hu\/old\/wp-content\/uploads\/2020\/10\/c21084525bbd5e184c76804207-360x270.jpg 360w\" sizes=\"(max-width: 728px) 100vw, 728px\" \/>\t\t\t\t\t\t\t\t\t\t\t<figcaption class=\"zf-figcaption\">\r\n\t\t\t\t\t\t\t\t\t\t\t\t\t\t\t\t\t\t\t\t\t\t\t\t<cite>        <a class=\"zf-media_credit\" target=\"_blank\" href=\"https:\/\/liked.hu\/old\/kimeno.php?https:\/\/www.reddit.com\/r\/travel\/comments\/7p6wwx\/the_keri%C3%B0_crater_in_winter_is_unreal_golden\/\" rel=\"nofollow noopener\">reddit<\/a>\r\n        <\/cite>\r\n\r\n\t\t\t\t\t\t\t\t\t\t\t\t\t\t\t\t\t\t\t\t\t\t\t<\/figcaption>\r\n\t\t\t\t\t\t\t\t\t\t\t\t\t\t\t\t\t\t\t<\/div>\r\n\t\t\t\t\t\t\t\t\t<hr \/>\r\n\t\t\t\t\t\t\t\t<\/figure>\r\n\t\t\t\t\t\t\t\t\t\t\t\t\t\t<\/li>\r\n\t\t\t\t\t\t\t\t\t\t\t\t<li class=\"zf-list_item\">\r\n\t\t\t\t\t\t\t<div class=\"zf-list_header\">\r\n\t\t\t\t\t\t\t\t<h3 id=\"listaelem16\" class=\"zf-list_title\">\r\n\t\t\t\t\t\t\t\t\t<span class=\"zf-number\">16<\/span>\r\n\t\t\t\t\t\t\t\t\t,,F\u00e9nyk\u00e9p az izlandi t\u00e1jat kereszt\u00fcl szel\u0151 \u00fatr\u00f3l, amit L\u00f3magn\u00fapur k\u00f6zel\u00e9ben k\u00e9sz\u00edtettem.\"\t\t\t\t\t\t\t\t<\/h3>\r\n\t\t\t\t\t\t\t<\/div>\r\n\t\t\t\t\t\t\t\t\t\t\t\t\t\t\t<figure class=\"zf-list_media zf-media-wrapper zf-image zf-type-image\">\r\n\t\t\t\t\t\t\t\t\t<div title=\",,F\u00e9nyk\u00e9p az izlandi t\u00e1jat kereszt\u00fcl szel\u0151 \u00fatr\u00f3l, amit L\u00f3magn\u00fapur k\u00f6zel\u00e9ben k\u00e9sz\u00edtettem.&quot;\" alt=\",,F\u00e9nyk\u00e9p az izlandi t\u00e1jat kereszt\u00fcl szel\u0151 \u00fatr\u00f3l, amit L\u00f3magn\u00fapur k\u00f6zel\u00e9ben k\u00e9sz\u00edtettem.&quot;\" class=\"zf-media\">\r\n\t\t\t\t\t\t\t\t\t\t<img width=\"728\" height=\"721\" src=\"https:\/\/liked.hu\/old\/wp-content\/uploads\/2020\/10\/a3d8ea52efa6bb3792c9769628.jpg\" class=\"\" alt=\"a3d8ea52efa6bb3792c9769628\" loading=\"lazy\" style=\"\" srcset=\"https:\/\/liked.hu\/old\/wp-content\/uploads\/2020\/10\/a3d8ea52efa6bb3792c9769628.jpg 728w, https:\/\/liked.hu\/old\/wp-content\/uploads\/2020\/10\/a3d8ea52efa6bb3792c9769628-150x150.jpg 150w, https:\/\/liked.hu\/old\/wp-content\/uploads\/2020\/10\/a3d8ea52efa6bb3792c9769628-300x297.jpg 300w, https:\/\/liked.hu\/old\/wp-content\/uploads\/2020\/10\/a3d8ea52efa6bb3792c9769628-500x495.jpg 500w, https:\/\/liked.hu\/old\/wp-content\/uploads\/2020\/10\/a3d8ea52efa6bb3792c9769628-360x357.jpg 360w\" sizes=\"(max-width: 728px) 100vw, 728px\" \/>\t\t\t\t\t\t\t\t\t\t\t<figcaption class=\"zf-figcaption\">\r\n\t\t\t\t\t\t\t\t\t\t\t\t\t\t\t\t\t\t\t\t\t\t\t\t<cite>        <a class=\"zf-media_credit\" target=\"_blank\" href=\"https:\/\/liked.hu\/old\/kimeno.php?https:\/\/www.reddit.com\/r\/itookapicture\/comments\/dl2kd0\/itap_of_a_bridge_in_iceland\/\" rel=\"nofollow noopener\">reddit<\/a>\r\n        <\/cite>\r\n\r\n\t\t\t\t\t\t\t\t\t\t\t\t\t\t\t\t\t\t\t\t\t\t\t<\/figcaption>\r\n\t\t\t\t\t\t\t\t\t\t\t\t\t\t\t\t\t\t\t<\/div>\r\n\t\t\t\t\t\t\t\t\t<hr \/>\r\n\t\t\t\t\t\t\t\t<\/figure>\r\n\t\t\t\t\t\t\t\t\t\t\t\t\t\t\t\t<div class=\"zf-list_description\"><ul><li>\u00dagy n\u00e9z ki, mint egy iPad pro h\u00e1tt\u00e9rk\u00e9p. <a href=\"https:\/\/www.reddit.com\/r\/itookapicture\/comments\/dl2kd0\/itap_of_a_bridge_in_iceland\/f4mf6go\/?utm_source=reddit&amp;utm_medium=web2x&amp;context=3\" rel=\"nofollow noopener noreferrer\" target=\"_blank\">@maurosauro \/ reddit<\/a><\/li><li>Sz\u00edvesen eladn\u00e1m az Apple-nek. <a href=\"https:\/\/www.reddit.com\/r\/itookapicture\/comments\/dl2kd0\/itap_of_a_bridge_in_iceland\/f4mfysi\/?utm_source=reddit&amp;utm_medium=web2x&amp;context=3\" rel=\"nofollow noopener noreferrer\" target=\"_blank\">@thomyorkeftw \/ reddit<\/a><\/li><\/ul><\/div>\r\n\t\t\t\t\t\t\t\t\t\t\t\t\t<\/li>\r\n\t\t\t\t\t\t\t\t\t<\/ol>\r\n\t\t<\/div>\r\n\t<\/div>\r\n\r\n\t<\/div>\r\n\r\n\r\n<!--nextpage--><div id=\"zombify-main-section-front\" class=\"zombify-main-section-front zombify-screen zf-media-full\">\r\n\t<link rel=\"stylesheet\" type=\"text\/css\" href=\"https:\/\/liked.hu\/old\/js\/zombify.css\">\r\n    <link rel=\"stylesheet\" type=\"text\/css\" href=\"https:\/\/liked.hu\/old\/wp-content\/themes\/newsy-child\/style.css\">\r\n\t<div class=\"zf-container\">\r\n\t\t<div id=\"zf-list\" class=\"zf-list zf-numbered\">\r\n\t\t\t<ol class=\"zf-structure-list\">\r\n\t\t\t\t\t\t\t\t\t\t<li class=\"zf-list_item\">\r\n\t\t\t\t\t\t\t<div class=\"zf-list_header\">\r\n\t\t\t\t\t\t\t\t<h3 id=\"listaelem17\" class=\"zf-list_title\">\r\n\t\t\t\t\t\t\t\t\t<span class=\"zf-number\">17<\/span>\r\n\t\t\t\t\t\t\t\t\tAz utols\u00f3 izlandi sajtburgert 2009-ben adt\u00e1k el.\t\t\t\t\t\t\t\t<\/h3>\r\n\t\t\t\t\t\t\t<\/div>\r\n\t\t\t\t\t\t\t\t\t\t\t\t\t\t\t<figure class=\"zf-list_media zf-media-wrapper zf-image zf-type-image\">\r\n\t\t\t\t\t\t\t\t\t<div title=\"Az utols\u00f3 izlandi sajtburgert 2009-ben adt\u00e1k el.\" alt=\"Az utols\u00f3 izlandi sajtburgert 2009-ben adt\u00e1k el.\" class=\"zf-media\">\r\n\t\t\t\t\t\t\t\t\t\t<img width=\"728\" height=\"970\" src=\"https:\/\/liked.hu\/old\/wp-content\/uploads\/2020\/10\/4cebce5fc3bb289d463ef4b6dc.jpg\" class=\"\" alt=\"4cebce5fc3bb289d463ef4b6dc\" loading=\"lazy\" style=\"\" srcset=\"https:\/\/liked.hu\/old\/wp-content\/uploads\/2020\/10\/4cebce5fc3bb289d463ef4b6dc.jpg 728w, https:\/\/liked.hu\/old\/wp-content\/uploads\/2020\/10\/4cebce5fc3bb289d463ef4b6dc-225x300.jpg 225w, https:\/\/liked.hu\/old\/wp-content\/uploads\/2020\/10\/4cebce5fc3bb289d463ef4b6dc-375x500.jpg 375w, https:\/\/liked.hu\/old\/wp-content\/uploads\/2020\/10\/4cebce5fc3bb289d463ef4b6dc-360x480.jpg 360w\" sizes=\"(max-width: 728px) 100vw, 728px\" \/>\t\t\t\t\t\t\t\t\t\t\t<figcaption class=\"zf-figcaption\">\r\n\t\t\t\t\t\t\t\t\t\t\t\t\t\t\t\t\t\t\t\t\t\t\t\t<cite>        <a class=\"zf-media_credit\" target=\"_blank\" href=\"https:\/\/liked.hu\/old\/kimeno.php?https:\/\/www.reddit.com\/r\/travel\/comments\/64jxo0\/the_last_mcdonalds_cheeseburger_sold_in_iceland\/\" rel=\"nofollow noopener\">reddit<\/a>\r\n        <\/cite>\r\n\r\n\t\t\t\t\t\t\t\t\t\t\t\t\t\t\t\t\t\t\t\t\t\t\t<\/figcaption>\r\n\t\t\t\t\t\t\t\t\t\t\t\t\t\t\t\t\t\t\t<\/div>\r\n\t\t\t\t\t\t\t\t\t<hr \/>\r\n\t\t\t\t\t\t\t\t<\/figure>\r\n\t\t\t\t\t\t\t\t\t\t\t\t\t\t\t\t<div class=\"zf-list_description\"><p style=\"text-align: center\"><em>,,Hell\u00f3! \u00c9n vagyok az utols\u00f3 izlandi McDonald's-os sajtburger 2009-ben.\"<\/em><\/p><p>A McDonald's nem tudta felvenni a versenyt a helyi \u00e9ttermekkel, amik szezon\u00e1lis izlandi \u00e9teleket k\u00e9sz\u00edtenek, ez\u00e9rt k\u00e9nytelen volt bez\u00e1rni \u00e9s elhagyni az orsz\u00e1got.<\/p><p style=\"text-align: center\">\n<div style=\"float:none;margin:0px 0 0px 0;text-align:center;\">\n<div class=\"mobileHideke8\"><div class=\"hirdeteshatter\"><div style=\"display: inline-block;width: 50%;min-width:340px;vertical-align: top;\"><div class=\"hirdetes\">HIRDET\u00c9S<\/div>\n<!-- LikedQ81 -->\n<ins class=\"adsbygoogle\"\n     style=\"display:inline-block;width:336px;height:280px\"\n     data-ad-client=\"ca-pub-9424088931673893\"\n     data-ad-slot=\"2436840276\"><\/ins>\n<script async>\n     (adsbygoogle = window.adsbygoogle || []).push({});\n<\/script><\/div><div style=\"display: inline-block;width: 50%;min-width:340px;vertical-align: top;\"><div class=\"hirdetes\">HIRDET\u00c9S<\/div>\n<!-- LikedQ82 -->\n<ins class=\"adsbygoogle\"\n     style=\"display:inline-block;width:336px;height:280px\"\n     data-ad-client=\"ca-pub-9424088931673893\"\n     data-ad-slot=\"3558350253\"><\/ins>\n<script async>\n     (adsbygoogle = window.adsbygoogle || []).push({});\n<\/script><\/div><\/div><\/div>\n<div style=\"display:flex;flex-direction:column;\"><div class=\"mobileShowka8 nyolc\"><div style=\"padding-top:15px;padding-bottom:5px;min-height: 300px;\"><div class=\"hirdetes\">HIRDET\u00c9S<\/div>\n<!-- LikedQ8M -->\n<ins class=\"adsbygoogle\"\n     style=\"display:inline-block;width:336px;height:280px\"\n     data-ad-client=\"ca-pub-9424088931673893\"\n     data-ad-slot=\"4679860235\"><\/ins>\n<script async>\n     (adsbygoogle = window.adsbygoogle || []).push({});\n<\/script><\/div><\/div><\/div><\/div><\/div>\r\n\t\t\t\t\t\t\t\t\t\t\t\t\t<\/li>\r\n\t\t\t\t\t\t\t\t\t\t\t\t<li class=\"zf-list_item\">\r\n\t\t\t\t\t\t\t<div class=\"zf-list_header\">\r\n\t\t\t\t\t\t\t\t<h3 id=\"listaelem18\" class=\"zf-list_title\">\r\n\t\t\t\t\t\t\t\t\t<span class=\"zf-number\">18<\/span>\r\n\t\t\t\t\t\t\t\t\t,,Egy szokatlan sz\u00e1llod\u00e1ban sz\u00e1lltam meg az izlandi Golden Circle k\u00f6zel\u00e9ben.\"\t\t\t\t\t\t\t\t<\/h3>\r\n\t\t\t\t\t\t\t<\/div>\r\n\t\t\t\t\t\t\t\t\t\t\t\t\t\t\t<figure class=\"zf-list_media zf-media-wrapper zf-image zf-type-image\">\r\n\t\t\t\t\t\t\t\t\t<div title=\",,Egy szokatlan sz\u00e1llod\u00e1ban sz\u00e1lltam meg az izlandi Golden Circle k\u00f6zel\u00e9ben.&quot;\" alt=\",,Egy szokatlan sz\u00e1llod\u00e1ban sz\u00e1lltam meg az izlandi Golden Circle k\u00f6zel\u00e9ben.&quot;\" class=\"zf-media\">\r\n\t\t\t\t\t\t\t\t\t\t<img width=\"728\" height=\"546\" src=\"https:\/\/liked.hu\/old\/wp-content\/uploads\/2020\/10\/4d36db51fcb030efee13878c28.jpg\" class=\"\" alt=\"4d36db51fcb030efee13878c28\" loading=\"lazy\" style=\"\" srcset=\"https:\/\/liked.hu\/old\/wp-content\/uploads\/2020\/10\/4d36db51fcb030efee13878c28.jpg 728w, https:\/\/liked.hu\/old\/wp-content\/uploads\/2020\/10\/4d36db51fcb030efee13878c28-300x225.jpg 300w, https:\/\/liked.hu\/old\/wp-content\/uploads\/2020\/10\/4d36db51fcb030efee13878c28-500x375.jpg 500w, https:\/\/liked.hu\/old\/wp-content\/uploads\/2020\/10\/4d36db51fcb030efee13878c28-200x150.jpg 200w, https:\/\/liked.hu\/old\/wp-content\/uploads\/2020\/10\/4d36db51fcb030efee13878c28-360x270.jpg 360w\" sizes=\"(max-width: 728px) 100vw, 728px\" \/>\t\t\t\t\t\t\t\t\t\t\t<figcaption class=\"zf-figcaption\">\r\n\t\t\t\t\t\t\t\t\t\t\t\t\t\t\t\t\t\t\t\t\t\t\t\t<cite>        <a class=\"zf-media_credit\" target=\"_blank\" href=\"https:\/\/liked.hu\/old\/kimeno.php?https:\/\/www.reddit.com\/r\/travel\/comments\/8cqw5t\/stayed_the_the_buubble_near_the_golden_circle_in\/\" rel=\"nofollow noopener\">reddit<\/a>\r\n        <\/cite>\r\n\r\n\t\t\t\t\t\t\t\t\t\t\t\t\t\t\t\t\t\t\t\t\t\t\t<\/figcaption>\r\n\t\t\t\t\t\t\t\t\t\t\t\t\t\t\t\t\t\t\t<\/div>\r\n\t\t\t\t\t\t\t\t\t<hr \/>\r\n\t\t\t\t\t\t\t\t<\/figure>\r\n\t\t\t\t\t\t\t\t\t\t\t\t\t\t<\/li>\r\n\t\t\t\t\t\t\t\t\t\t\t\t<li class=\"zf-list_item\">\r\n\t\t\t\t\t\t\t<div class=\"zf-list_header\">\r\n\t\t\t\t\t\t\t\t<h3 id=\"listaelem19\" class=\"zf-list_title\">\r\n\t\t\t\t\t\t\t\t\t<span class=\"zf-number\">19<\/span>\r\n\t\t\t\t\t\t\t\t\tA kr\u00e1terben kialakult t\u00f3 \u00f6sszeolvad egy hatalmas, jeges foly\u00f3val. L\u00e1tt\u00e1l m\u00e1r enn\u00e9l gy\u00f6ny\u00f6r\u0171bb napfelkelt\u00e9t?\t\t\t\t\t\t\t\t<\/h3>\r\n\t\t\t\t\t\t\t<\/div>\r\n\t\t\t\t\t\t\t\t\t\t\t\t\t\t\t<figure class=\"zf-list_media zf-media-wrapper zf-image zf-type-image\">\r\n\t\t\t\t\t\t\t\t\t<div title=\"A kr\u00e1terben kialakult t\u00f3 \u00f6sszeolvad egy hatalmas, jeges foly\u00f3val. L\u00e1tt\u00e1l m\u00e1r enn\u00e9l gy\u00f6ny\u00f6r\u0171bb napfelkelt\u00e9t?\" alt=\"A kr\u00e1terben kialakult t\u00f3 \u00f6sszeolvad egy hatalmas, jeges foly\u00f3val. L\u00e1tt\u00e1l m\u00e1r enn\u00e9l gy\u00f6ny\u00f6r\u0171bb napfelkelt\u00e9t?\" class=\"zf-media\">\r\n\t\t\t\t\t\t\t\t\t\t<img width=\"728\" height=\"786\" src=\"https:\/\/liked.hu\/old\/wp-content\/uploads\/2020\/10\/3bbda85b198e1792053d46f26e.jpg\" class=\"\" alt=\"3bbda85b198e1792053d46f26e\" loading=\"lazy\" style=\"\" srcset=\"https:\/\/liked.hu\/old\/wp-content\/uploads\/2020\/10\/3bbda85b198e1792053d46f26e.jpg 728w, https:\/\/liked.hu\/old\/wp-content\/uploads\/2020\/10\/3bbda85b198e1792053d46f26e-278x300.jpg 278w, https:\/\/liked.hu\/old\/wp-content\/uploads\/2020\/10\/3bbda85b198e1792053d46f26e-463x500.jpg 463w, https:\/\/liked.hu\/old\/wp-content\/uploads\/2020\/10\/3bbda85b198e1792053d46f26e-360x389.jpg 360w\" sizes=\"(max-width: 728px) 100vw, 728px\" \/>\t\t\t\t\t\t\t\t\t\t\t<figcaption class=\"zf-figcaption\">\r\n\t\t\t\t\t\t\t\t\t\t\t\t\t\t\t\t\t\t\t\t\t\t\t\t<cite>        <a class=\"zf-media_credit\" target=\"_blank\" href=\"https:\/\/liked.hu\/old\/kimeno.php?https:\/\/www.reddit.com\/r\/EarthPorn\/comments\/fwj446\/this_crater_lake_in_iceland_merges_with_a\/\" rel=\"nofollow noopener\">reddit<\/a>\r\n        <\/cite>\r\n\r\n\t\t\t\t\t\t\t\t\t\t\t\t\t\t\t\t\t\t\t\t\t\t\t<\/figcaption>\r\n\t\t\t\t\t\t\t\t\t\t\t\t\t\t\t\t\t\t\t<\/div>\r\n\t\t\t\t\t\t\t\t\t<hr \/>\r\n\t\t\t\t\t\t\t\t<\/figure>\r\n\t\t\t\t\t\t\t\t\t\t\t\t\t\t<\/li>\r\n\t\t\t\t\t\t\t\t\t\t\t\t<li class=\"zf-list_item\">\r\n\t\t\t\t\t\t\t<div class=\"zf-list_header\">\r\n\t\t\t\t\t\t\t\t<h3 id=\"listaelem20\" class=\"zf-list_title\">\r\n\t\t\t\t\t\t\t\t\t<span class=\"zf-number\">20<\/span>\r\n\t\t\t\t\t\t\t\t\tA sz\u00e9p, f\u00e9nyes izlandi utc\u00e1k m\u00e9g a legs\u00f6t\u00e9tebb \u00e9vszakokban is felvid\u00edtanak.\t\t\t\t\t\t\t\t<\/h3>\r\n\t\t\t\t\t\t\t<\/div>\r\n\t\t\t\t\t\t\t\t\t\t\t\t\t\t\t<figure class=\"zf-list_media zf-media-wrapper zf-image zf-type-image\">\r\n\t\t\t\t\t\t\t\t\t<div title=\"A sz\u00e9p, f\u00e9nyes izlandi utc\u00e1k m\u00e9g a legs\u00f6t\u00e9tebb \u00e9vszakokban is felvid\u00edtanak.\" alt=\"A sz\u00e9p, f\u00e9nyes izlandi utc\u00e1k m\u00e9g a legs\u00f6t\u00e9tebb \u00e9vszakokban is felvid\u00edtanak.\" class=\"zf-media\">\r\n\t\t\t\t\t\t\t\t\t\t<img width=\"728\" height=\"910\" src=\"https:\/\/liked.hu\/old\/wp-content\/uploads\/2020\/10\/135f4b5a85a734e967250d7065.jpg\" class=\"\" alt=\"135f4b5a85a734e967250d7065\" loading=\"lazy\" style=\"\" srcset=\"https:\/\/liked.hu\/old\/wp-content\/uploads\/2020\/10\/135f4b5a85a734e967250d7065.jpg 728w, https:\/\/liked.hu\/old\/wp-content\/uploads\/2020\/10\/135f4b5a85a734e967250d7065-240x300.jpg 240w, https:\/\/liked.hu\/old\/wp-content\/uploads\/2020\/10\/135f4b5a85a734e967250d7065-400x500.jpg 400w, https:\/\/liked.hu\/old\/wp-content\/uploads\/2020\/10\/135f4b5a85a734e967250d7065-360x450.jpg 360w\" sizes=\"(max-width: 728px) 100vw, 728px\" \/>\t\t\t\t\t\t\t\t\t\t\t<figcaption class=\"zf-figcaption\">\r\n\t\t\t\t\t\t\t\t\t\t\t\t\t\t\t\t\t\t\t\t\t\t\t\t<cite>        <a class=\"zf-media_credit\" target=\"_blank\" href=\"https:\/\/liked.hu\/old\/kimeno.php?https:\/\/www.reddit.com\/r\/CozyPlaces\/comments\/99gfj3\/this_street_in_iceland\/\" rel=\"nofollow noopener\">reddit<\/a>\r\n        <\/cite>\r\n\r\n\t\t\t\t\t\t\t\t\t\t\t\t\t\t\t\t\t\t\t\t\t\t\t<\/figcaption>\r\n\t\t\t\t\t\t\t\t\t\t\t\t\t\t\t\t\t\t\t<\/div>\r\n\t\t\t\t\t\t\t\t\t<hr \/>\r\n\t\t\t\t\t\t\t\t<\/figure>\r\n\t\t\t\t\t\t\t\t\t\t\t\t\t\t\t\t<div class=\"zf-list_description\"><ul><li>Eg\u00e9sz Izland nagyon hangulatos. \u00c9n tavaly t\u00e9len voltam ott, \u00e9s soha \u00e9letemben nem voltam m\u00e9g enn\u00e9l kellemesebb helyen. <a href=\"https:\/\/www.reddit.com\/r\/CozyPlaces\/comments\/99gfj3\/this_street_in_iceland\/e4o9fzc\/?utm_source=reddit&amp;utm_medium=web2x&amp;context=3\" rel=\"nofollow noopener noreferrer\" target=\"_blank\">@DC-Redpanda \/ Reddit<\/a><\/li><\/ul><p style=\"text-align: center\">\n<div style=\"float:none;margin:0px 0 0px 0;text-align:center;\">\n<div class=\"mobileHideke5\"><div style=\"margin-top:25px;\"><div class=\"hirdeteshatter\"><div style=\"display: inline-block;width: 50%;min-width:305px;vertical-align: top;\"><div class=\"hirdetes\">HIRDET\u00c9S<\/div>\n<!-- LikedQ51 -->\n<ins class=\"adsbygoogle\"\n     style=\"display:inline-block;width:300px;height:250px\"\n     data-ad-client=\"ca-pub-9424088931673893\"\n     data-ad-slot=\"8284063326\"><\/ins>\n<script async>\n     (adsbygoogle = window.adsbygoogle || []).push({});\n<\/script><\/div><div style=\"display: inline-block;width: 50%;min-width:305px;vertical-align: top;\"><div class=\"hirdetes\">HIRDET\u00c9S<\/div>\n<!-- LikedQ52 -->\n<ins class=\"adsbygoogle\"\n     style=\"display:inline-block;width:300px;height:250px\"\n     data-ad-client=\"ca-pub-9424088931673893\"\n     data-ad-slot=\"2840164950\"><\/ins>\n<script async>\n     (adsbygoogle = window.adsbygoogle || []).push({});\n<\/script><\/div><\/div><\/div><\/div>\n<div style=\"display:flex;flex-direction:column;\"><div class=\"mobileShowka5\"><div style=\"padding-top:10px;padding-bottom:10px;min-height: 300px;\"><div class=\"hirdetes\">HIRDET\u00c9S<\/div>\n<!-- LikedQ5M -->\n<ins class=\"adsbygoogle\"\n     style=\"display:inline-block;width:300px;height:250px\"\n     data-ad-client=\"ca-pub-9424088931673893\"\n     data-ad-slot=\"9022429928\"><\/ins>\n<script async>\n     (adsbygoogle = window.adsbygoogle || []).push({});\n<\/script><\/div><\/div><\/div><\/div><\/div>\r\n\t\t\t\t\t\t\t\t\t\t\t\t\t<\/li>\r\n\t\t\t\t\t\t\t\t\t\t\t\t<li class=\"zf-list_item\">\r\n\t\t\t\t\t\t\t<div class=\"zf-list_header\">\r\n\t\t\t\t\t\t\t\t<h3 id=\"listaelem21\" class=\"zf-list_title\">\r\n\t\t\t\t\t\t\t\t\t<span class=\"zf-number\">21<\/span>\r\n\t\t\t\t\t\t\t\t\tKil\u00e1t\u00e1s egy nyilv\u00e1nos WC-b\u0151l Izlandon.\t\t\t\t\t\t\t\t<\/h3>\r\n\t\t\t\t\t\t\t<\/div>\r\n\t\t\t\t\t\t\t\t\t\t\t\t\t\t\t<figure class=\"zf-list_media zf-media-wrapper zf-image zf-type-image\">\r\n\t\t\t\t\t\t\t\t\t<div title=\"Kil\u00e1t\u00e1s egy nyilv\u00e1nos WC-b\u0151l Izlandon.\" alt=\"Kil\u00e1t\u00e1s egy nyilv\u00e1nos WC-b\u0151l Izlandon.\" class=\"zf-media\">\r\n\t\t\t\t\t\t\t\t\t\t<img width=\"728\" height=\"648\" src=\"https:\/\/liked.hu\/old\/wp-content\/uploads\/2020\/10\/fc75dd5258ac2cb02cb141504e.jpg\" class=\"\" alt=\"fc75dd5258ac2cb02cb141504e\" loading=\"lazy\" style=\"\" srcset=\"https:\/\/liked.hu\/old\/wp-content\/uploads\/2020\/10\/fc75dd5258ac2cb02cb141504e.jpg 728w, https:\/\/liked.hu\/old\/wp-content\/uploads\/2020\/10\/fc75dd5258ac2cb02cb141504e-300x267.jpg 300w, https:\/\/liked.hu\/old\/wp-content\/uploads\/2020\/10\/fc75dd5258ac2cb02cb141504e-500x445.jpg 500w, https:\/\/liked.hu\/old\/wp-content\/uploads\/2020\/10\/fc75dd5258ac2cb02cb141504e-360x320.jpg 360w\" sizes=\"(max-width: 728px) 100vw, 728px\" \/>\t\t\t\t\t\t\t\t\t\t\t<figcaption class=\"zf-figcaption\">\r\n\t\t\t\t\t\t\t\t\t\t\t\t\t\t\t\t\t\t\t\t\t\t\t\t<cite>        <a class=\"zf-media_credit\" target=\"_blank\" href=\"https:\/\/liked.hu\/old\/kimeno.php?https:\/\/www.reddit.com\/r\/Damnthatsinteresting\/comments\/ita1p9\/the_view_from_these_public_restrooms_in_iceland\/\" rel=\"nofollow noopener\">reddit<\/a>\r\n        <\/cite>\r\n\r\n\t\t\t\t\t\t\t\t\t\t\t\t\t\t\t\t\t\t\t\t\t\t\t<\/figcaption>\r\n\t\t\t\t\t\t\t\t\t\t\t\t\t\t\t\t\t\t\t<\/div>\r\n\t\t\t\t\t\t\t\t\t<hr \/>\r\n\t\t\t\t\t\t\t\t<\/figure>\r\n\t\t\t\t\t\t\t\t\t\t\t\t\t\t<\/li>\r\n\t\t\t\t\t\t\t\t\t\t\t\t<li class=\"zf-list_item\">\r\n\t\t\t\t\t\t\t<div class=\"zf-list_header\">\r\n\t\t\t\t\t\t\t\t<h3 id=\"listaelem22\" class=\"zf-list_title\">\r\n\t\t\t\t\t\t\t\t\t<span class=\"zf-number\">22<\/span>\r\n\t\t\t\t\t\t\t\t\t,,A lund\u00e1k a h\u00e9ten t\u00e9rtek vissza Kelet-Izlandra. Szerencs\u00e9m volt, hogy t\u00f6bb ezer ilyen madarat l\u00e1thattam egyszere.\"\t\t\t\t\t\t\t\t<\/h3>\r\n\t\t\t\t\t\t\t<\/div>\r\n\t\t\t\t\t\t\t\t\t\t\t\t\t\t\t<figure class=\"zf-list_media zf-media-wrapper zf-image zf-type-image\">\r\n\t\t\t\t\t\t\t\t\t<div title=\",,A lund\u00e1k a h\u00e9ten t\u00e9rtek vissza Kelet-Izlandra. Szerencs\u00e9m volt, hogy t\u00f6bb ezer ilyen madarat l\u00e1thattam egyszere.&quot;\" alt=\",,A lund\u00e1k a h\u00e9ten t\u00e9rtek vissza Kelet-Izlandra. Szerencs\u00e9m volt, hogy t\u00f6bb ezer ilyen madarat l\u00e1thattam egyszere.&quot;\" class=\"zf-media\">\r\n\t\t\t\t\t\t\t\t\t\t<img width=\"728\" height=\"485\" src=\"https:\/\/liked.hu\/old\/wp-content\/uploads\/2020\/10\/e445045637813ab4311c7a4e4c.jpg\" class=\"\" alt=\"e445045637813ab4311c7a4e4c\" loading=\"lazy\" style=\"\" srcset=\"https:\/\/liked.hu\/old\/wp-content\/uploads\/2020\/10\/e445045637813ab4311c7a4e4c.jpg 728w, https:\/\/liked.hu\/old\/wp-content\/uploads\/2020\/10\/e445045637813ab4311c7a4e4c-300x200.jpg 300w, https:\/\/liked.hu\/old\/wp-content\/uploads\/2020\/10\/e445045637813ab4311c7a4e4c-500x333.jpg 500w, https:\/\/liked.hu\/old\/wp-content\/uploads\/2020\/10\/e445045637813ab4311c7a4e4c-360x240.jpg 360w\" sizes=\"(max-width: 728px) 100vw, 728px\" \/>\t\t\t\t\t\t\t\t\t\t\t<figcaption class=\"zf-figcaption\">\r\n\t\t\t\t\t\t\t\t\t\t\t\t\t\t\t\t\t\t\t\t\t\t\t\t<cite>        <a class=\"zf-media_credit\" target=\"_blank\" href=\"https:\/\/liked.hu\/old\/kimeno.php?https:\/\/www.reddit.com\/r\/travel\/comments\/8ciuus\/the_puffins_returned_to_eastern_iceland_this_week\/\" rel=\"nofollow noopener\">reddit<\/a>\r\n        <\/cite>\r\n\r\n\t\t\t\t\t\t\t\t\t\t\t\t\t\t\t\t\t\t\t\t\t\t\t<\/figcaption>\r\n\t\t\t\t\t\t\t\t\t\t\t\t\t\t\t\t\t\t\t<\/div>\r\n\t\t\t\t\t\t\t\t\t<hr \/>\r\n\t\t\t\t\t\t\t\t<\/figure>\r\n\t\t\t\t\t\t\t\t\t\t\t\t\t\t<\/li>\r\n\t\t\t\t\t\t\t\t\t\t\t\t<li class=\"zf-list_item\">\r\n\t\t\t\t\t\t\t<div class=\"zf-list_header\">\r\n\t\t\t\t\t\t\t\t<h3 id=\"listaelem23\" class=\"zf-list_title\">\r\n\t\t\t\t\t\t\t\t\t<span class=\"zf-number\">23<\/span>\r\n\t\t\t\t\t\t\t\t\t,,A feles\u00e9gemmel ebben a h\u00e1zban sz\u00e1lltunk meg Izlandon.\"\t\t\t\t\t\t\t\t<\/h3>\r\n\t\t\t\t\t\t\t<\/div>\r\n\t\t\t\t\t\t\t\t\t\t\t\t\t\t\t<figure class=\"zf-list_media zf-media-wrapper zf-image zf-type-image\">\r\n\t\t\t\t\t\t\t\t\t<div title=\",,A feles\u00e9gemmel ebben a h\u00e1zban sz\u00e1lltunk meg Izlandon.&quot;\" alt=\",,A feles\u00e9gemmel ebben a h\u00e1zban sz\u00e1lltunk meg Izlandon.&quot;\" class=\"zf-media\">\r\n\t\t\t\t\t\t\t\t\t\t<img width=\"728\" height=\"485\" src=\"https:\/\/liked.hu\/old\/wp-content\/uploads\/2020\/10\/13118c5b7896fc3a5ca0f80e72.jpg\" class=\"\" alt=\"13118c5b7896fc3a5ca0f80e72\" loading=\"lazy\" style=\"\" srcset=\"https:\/\/liked.hu\/old\/wp-content\/uploads\/2020\/10\/13118c5b7896fc3a5ca0f80e72.jpg 728w, https:\/\/liked.hu\/old\/wp-content\/uploads\/2020\/10\/13118c5b7896fc3a5ca0f80e72-300x200.jpg 300w, https:\/\/liked.hu\/old\/wp-content\/uploads\/2020\/10\/13118c5b7896fc3a5ca0f80e72-500x333.jpg 500w, https:\/\/liked.hu\/old\/wp-content\/uploads\/2020\/10\/13118c5b7896fc3a5ca0f80e72-360x240.jpg 360w\" sizes=\"(max-width: 728px) 100vw, 728px\" \/>\t\t\t\t\t\t\t\t\t\t\t<figcaption class=\"zf-figcaption\">\r\n\t\t\t\t\t\t\t\t\t\t\t\t\t\t\t\t\t\t\t\t\t\t\t\t<cite>        <a class=\"zf-media_credit\" target=\"_blank\" href=\"https:\/\/liked.hu\/old\/kimeno.php?https:\/\/www.reddit.com\/r\/CozyPlaces\/comments\/haahvz\/this_house_my_wife_and_i_stayed_at_while_in\/\" rel=\"nofollow noopener\">reddit<\/a>\r\n        <\/cite>\r\n\r\n\t\t\t\t\t\t\t\t\t\t\t\t\t\t\t\t\t\t\t\t\t\t\t<\/figcaption>\r\n\t\t\t\t\t\t\t\t\t\t\t\t\t\t\t\t\t\t\t<\/div>\r\n\t\t\t\t\t\t\t\t\t<hr \/>\r\n\t\t\t\t\t\t\t\t<\/figure>\r\n\t\t\t\t\t\t\t\t\t\t\t\t\t\t\t\t<div class=\"zf-list_description\"><ul><li>Izland szinte minden \u00e9p\u00fclet\u00e9b\u0151l gy\u00f6ny\u00f6r kil\u00e1t\u00e1s ny\u00edlik, ez az orsz\u00e1g egyszer\u0171en csod\u00e1latos. <a href=\"https:\/\/www.reddit.com\/r\/CozyPlaces\/comments\/haahvz\/this_house_my_wife_and_i_stayed_at_while_in\/fv2w45e\/?utm_source=reddit&amp;utm_medium=web2x&amp;context=3\" rel=\"nofollow noopener noreferrer\" target=\"_blank\">@Chilis1 \/ Reddit<\/a><\/li><\/ul><\/div>\r\n\t\t\t\t\t\t\t\t\t\t\t\t\t<\/li>\r\n\t\t\t\t\t\t\t\t\t\t\t\t<li class=\"zf-list_item\">\r\n\t\t\t\t\t\t\t<div class=\"zf-list_header\">\r\n\t\t\t\t\t\t\t\t<h3 id=\"listaelem24\" class=\"zf-list_title\">\r\n\t\t\t\t\t\t\t\t\t<span class=\"zf-number\">24<\/span>\r\n\t\t\t\t\t\t\t\t\tNapnyugta, h\u00f3viharral vegy\u00edtve.\t\t\t\t\t\t\t\t<\/h3>\r\n\t\t\t\t\t\t\t<\/div>\r\n\t\t\t\t\t\t\t\t\t\t\t\t\t\t\t<figure class=\"zf-list_media zf-media-wrapper zf-image zf-type-image\">\r\n\t\t\t\t\t\t\t\t\t<div title=\"Napnyugta, h\u00f3viharral vegy\u00edtve.\" alt=\"Napnyugta, h\u00f3viharral vegy\u00edtve.\" class=\"zf-media\">\r\n\t\t\t\t\t\t\t\t\t\t<img width=\"728\" height=\"910\" src=\"https:\/\/liked.hu\/old\/wp-content\/uploads\/2020\/10\/d80a9b594181a648996c27528f.jpg\" class=\"\" alt=\"d80a9b594181a648996c27528f\" loading=\"lazy\" style=\"\" srcset=\"https:\/\/liked.hu\/old\/wp-content\/uploads\/2020\/10\/d80a9b594181a648996c27528f.jpg 728w, https:\/\/liked.hu\/old\/wp-content\/uploads\/2020\/10\/d80a9b594181a648996c27528f-240x300.jpg 240w, https:\/\/liked.hu\/old\/wp-content\/uploads\/2020\/10\/d80a9b594181a648996c27528f-400x500.jpg 400w, https:\/\/liked.hu\/old\/wp-content\/uploads\/2020\/10\/d80a9b594181a648996c27528f-360x450.jpg 360w\" sizes=\"(max-width: 728px) 100vw, 728px\" \/>\t\t\t\t\t\t\t\t\t\t\t<figcaption class=\"zf-figcaption\">\r\n\t\t\t\t\t\t\t\t\t\t\t\t\t\t\t\t\t\t\t\t\t\t\t\t<cite>        <a class=\"zf-media_credit\" target=\"_blank\" href=\"https:\/\/liked.hu\/old\/kimeno.php?https:\/\/www.reddit.com\/r\/itookapicture\/comments\/as1bnx\/itap_of_a_sunset_snowstorm_in_iceland\/\" rel=\"nofollow noopener\">reddit<\/a>\r\n        <\/cite>\r\n\r\n\t\t\t\t\t\t\t\t\t\t\t\t\t\t\t\t\t\t\t\t\t\t\t<\/figcaption>\r\n\t\t\t\t\t\t\t\t\t\t\t\t\t\t\t\t\t\t\t<\/div>\r\n\t\t\t\t\t\t\t\t\t<hr \/>\r\n\t\t\t\t\t\t\t\t<\/figure>\r\n\t\t\t\t\t\t\t\t\t\t\t\t\t\t\t\t<div class=\"zf-list_description\"><ul><li>Nagyon szeretn\u00e9m be\u00e1ll\u00edtani ezt a k\u00e9pet h\u00e1tt\u00e9rk\u00e9pnek a telefonomon. <a href=\"https:\/\/www.reddit.com\/r\/itookapicture\/comments\/as1bnx\/itap_of_a_sunset_snowstorm_in_iceland\/egs1xib\/?utm_source=reddit&amp;utm_medium=web2x&amp;context=3\" rel=\"nofollow noopener noreferrer\" target=\"_blank\">@3795326 \/ reddit<\/a><\/li><\/ul><\/div>\r\n\t\t\t\t\t\t\t\t\t\t\t\t\t<\/li>\r\n\t\t\t\t\t\t\t\t\t<\/ol>\r\n\t\t<\/div>\r\n\t<\/div>\r\n\r\n\t<\/div>\n","protected":false},"excerpt":{"rendered":"<p>Izland (angolul: Iceland) Eur\u00f3pa m\u00e1sodik legnagyobb szigete. Ahogy arra az orsz\u00e1g neve is egy\u00e9rtelm\u0171en utal, itt kor\u00e1ntsem d\u00e9lies az \u00e9ghajlat. B\u00e1r az id\u0151j\u00e1r\u00e1sa \u00edgy is j\u00f3val bar\u00e1ts\u00e1gosabb, mint a \u201eszomsz\u00e9dos\u201d Gr\u00f6nland\u00e9, az\u00e9rt Izlandra sem nyaral\u00e1si c\u00e9lb\u00f3l utaznak a turist\u00e1k. Ez az orsz\u00e1g sokkal ink\u00e1bb a term\u00e9szeti csod\u00e1k haz\u00e1ja, itt ugyanis v\u00edzes\u00e9sek, v\u00e9gtelen szikl\u00e1k, vulk\u00e1nok \u00e9s fekete homokos strandok v\u00e1rj\u00e1k az utaz\u00f3kat, hogy a majdnem eg\u00e9sz \u00e9vben l\u00e1that\u00f3 sarki f\u00e9nyr\u0151l m\u00e1r ne is besz\u00e9lj\u00fcnk.<\/p>\n","protected":false},"author":1,"featured_media":227654,"comment_status":"open","ping_status":"closed","sticky":false,"template":"","format":"standard","meta":{"buzzeditor_post_format":""},"categories":[23],"tags":[1226,1971],"yoast_head":"<!-- This site is optimized with the Yoast SEO plugin v19.6.1 - https:\/\/yoast.com\/wordpress\/plugins\/seo\/ -->\n<title>20+ dolog, ami bizony\u00edtja, hogy Izlandot a vil\u00e1g t\u00f6bbi r\u00e9sze sosem \u00e9rtheti meg<\/title>\n<meta name=\"description\" content=\"Izland (angolul: Iceland) Eur\u00f3pa m\u00e1sodik legnagyobb szigete. Ahogy arra az orsz\u00e1g neve is egy\u00e9rtelm\u0171en utal, itt kor\u00e1ntsem d\u00e9lies az \u00e9ghajlat. B\u00e1r az id\u0151j\u00e1r\u00e1sa \u00edgy is j\u00f3val bar\u00e1ts\u00e1gosabb, mint a \u201eszomsz\u00e9dos\u201d Gr\u00f6nland\u00e9, az\u00e9rt Izlandra sem nyaral\u00e1si c\u00e9lb\u00f3l utaznak a turist\u00e1k. Ez az orsz\u00e1g sokkal ink\u00e1bb a term\u00e9szeti csod\u00e1k haz\u00e1ja, itt ugyanis v\u00edzes\u00e9sek, v\u00e9gtelen szikl\u00e1k, vulk\u00e1nok \u00e9s fekete homokos strandok v\u00e1rj\u00e1k az utaz\u00f3kat, hogy a majdnem eg\u00e9sz \u00e9vben l\u00e1that\u00f3 sarki f\u00e9nyr\u0151l m\u00e1r ne is besz\u00e9lj\u00fcnk.\" \/>\n<meta name=\"robots\" content=\"index, follow, max-snippet:-1, max-image-preview:large, max-video-preview:-1\" \/>\n<link rel=\"canonical\" href=\"https:\/\/liked.hu\/old\/erdekes\/20-dolog-ami-bizonyitja-hogy-izlandot-a-vilag-tobbi-resze-sosem-ertheti-meg\/\" \/>\n<meta property=\"og:locale\" content=\"hu_HU\" \/>\n<meta property=\"og:type\" content=\"article\" \/>\n<meta property=\"og:title\" content=\"20+ dolog, ami bizony\u00edtja, hogy Izlandot a vil\u00e1g t\u00f6bbi r\u00e9sze sosem \u00e9rtheti meg\" \/>\n<meta property=\"og:description\" content=\"Izland (angolul: Iceland) Eur\u00f3pa m\u00e1sodik legnagyobb szigete. Ahogy arra az orsz\u00e1g neve is egy\u00e9rtelm\u0171en utal, itt kor\u00e1ntsem d\u00e9lies az \u00e9ghajlat. B\u00e1r az id\u0151j\u00e1r\u00e1sa \u00edgy is j\u00f3val bar\u00e1ts\u00e1gosabb, mint a \u201eszomsz\u00e9dos\u201d Gr\u00f6nland\u00e9, az\u00e9rt Izlandra sem nyaral\u00e1si c\u00e9lb\u00f3l utaznak a turist\u00e1k. Ez az orsz\u00e1g sokkal ink\u00e1bb a term\u00e9szeti csod\u00e1k haz\u00e1ja, itt ugyanis v\u00edzes\u00e9sek, v\u00e9gtelen szikl\u00e1k, vulk\u00e1nok \u00e9s fekete homokos strandok v\u00e1rj\u00e1k az utaz\u00f3kat, hogy a majdnem eg\u00e9sz \u00e9vben l\u00e1that\u00f3 sarki f\u00e9nyr\u0151l m\u00e1r ne is besz\u00e9lj\u00fcnk.\" \/>\n<meta property=\"og:url\" content=\"https:\/\/liked.hu\/old\/erdekes\/20-dolog-ami-bizonyitja-hogy-izlandot-a-vilag-tobbi-resze-sosem-ertheti-meg\/\" \/>\n<meta property=\"og:site_name\" content=\"Liked.hu\" \/>\n<meta property=\"article:publisher\" content=\"https:\/\/www.facebook.com\/liked.hu\" \/>\n<meta property=\"article:author\" content=\"https:\/\/facebook.com\/liked.hu\" \/>\n<meta property=\"article:published_time\" content=\"2020-10-14T09:11:15+00:00\" \/>\n<meta property=\"article:modified_time\" content=\"2021-09-04T12:48:56+00:00\" \/>\n<meta property=\"og:image\" content=\"https:\/\/liked.hu\/old\/wp-content\/uploads\/2020\/10\/Izland-erdekessegei.jpg\" \/>\n\t<meta property=\"og:image:width\" content=\"1200\" \/>\n\t<meta property=\"og:image:height\" content=\"630\" \/>\n\t<meta property=\"og:image:type\" content=\"image\/jpeg\" \/>\n<meta name=\"author\" content=\"VictorN.\" \/>\n<meta name=\"twitter:card\" content=\"summary\" \/>\n<meta name=\"twitter:creator\" content=\"@https:\/\/twitter.com\/likedhu\" \/>\n<meta name=\"twitter:site\" content=\"@LikedHu\" \/>\n<meta name=\"twitter:label1\" content=\"Szerz\u0151:\" \/>\n\t<meta name=\"twitter:data1\" content=\"VictorN.\" \/>\n<script type=\"application\/ld+json\" class=\"yoast-schema-graph\">{\"@context\":\"https:\/\/schema.org\",\"@graph\":[{\"@type\":\"Article\",\"@id\":\"https:\/\/liked.hu\/old\/erdekes\/20-dolog-ami-bizonyitja-hogy-izlandot-a-vilag-tobbi-resze-sosem-ertheti-meg\/#article\",\"isPartOf\":{\"@id\":\"https:\/\/liked.hu\/old\/erdekes\/20-dolog-ami-bizonyitja-hogy-izlandot-a-vilag-tobbi-resze-sosem-ertheti-meg\/\"},\"author\":{\"name\":\"VictorN.\",\"@id\":\"https:\/\/liked.hu\/old\/#\/schema\/person\/02fa522b959d0531c9c34b0d531a7464\"},\"headline\":\"20+ dolog, ami bizony\u00edtja, hogy Izlandot a vil\u00e1g t\u00f6bbi r\u00e9sze sosem \u00e9rtheti meg\",\"datePublished\":\"2020-10-14T09:11:15+00:00\",\"dateModified\":\"2021-09-04T12:48:56+00:00\",\"mainEntityOfPage\":{\"@id\":\"https:\/\/liked.hu\/old\/erdekes\/20-dolog-ami-bizonyitja-hogy-izlandot-a-vilag-tobbi-resze-sosem-ertheti-meg\/\"},\"wordCount\":64,\"commentCount\":26,\"publisher\":{\"@id\":\"https:\/\/liked.hu\/old\/#organization\"},\"keywords\":[\"izland\",\"orsz\u00e1g\"],\"articleSection\":[\"\u00c9rdekess\u00e9gek\"],\"inLanguage\":\"hu\",\"potentialAction\":[{\"@type\":\"CommentAction\",\"name\":\"Comment\",\"target\":[\"https:\/\/liked.hu\/old\/erdekes\/20-dolog-ami-bizonyitja-hogy-izlandot-a-vilag-tobbi-resze-sosem-ertheti-meg\/#respond\"]}]},{\"@type\":\"WebPage\",\"@id\":\"https:\/\/liked.hu\/old\/erdekes\/20-dolog-ami-bizonyitja-hogy-izlandot-a-vilag-tobbi-resze-sosem-ertheti-meg\/\",\"url\":\"https:\/\/liked.hu\/old\/erdekes\/20-dolog-ami-bizonyitja-hogy-izlandot-a-vilag-tobbi-resze-sosem-ertheti-meg\/\",\"name\":\"20+ dolog, ami bizony\u00edtja, hogy Izlandot a vil\u00e1g t\u00f6bbi r\u00e9sze sosem \u00e9rtheti meg\",\"isPartOf\":{\"@id\":\"https:\/\/liked.hu\/old\/#website\"},\"datePublished\":\"2020-10-14T09:11:15+00:00\",\"dateModified\":\"2021-09-04T12:48:56+00:00\",\"description\":\"Izland (angolul: Iceland) Eur\u00f3pa m\u00e1sodik legnagyobb szigete. Ahogy arra az orsz\u00e1g neve is egy\u00e9rtelm\u0171en utal, itt kor\u00e1ntsem d\u00e9lies az \u00e9ghajlat. B\u00e1r az id\u0151j\u00e1r\u00e1sa \u00edgy is j\u00f3val bar\u00e1ts\u00e1gosabb, mint a \u201eszomsz\u00e9dos\u201d Gr\u00f6nland\u00e9, az\u00e9rt Izlandra sem nyaral\u00e1si c\u00e9lb\u00f3l utaznak a turist\u00e1k. Ez az orsz\u00e1g sokkal ink\u00e1bb a term\u00e9szeti csod\u00e1k haz\u00e1ja, itt ugyanis v\u00edzes\u00e9sek, v\u00e9gtelen szikl\u00e1k, vulk\u00e1nok \u00e9s fekete homokos strandok v\u00e1rj\u00e1k az utaz\u00f3kat, hogy a majdnem eg\u00e9sz \u00e9vben l\u00e1that\u00f3 sarki f\u00e9nyr\u0151l m\u00e1r ne is besz\u00e9lj\u00fcnk.\",\"breadcrumb\":{\"@id\":\"https:\/\/liked.hu\/old\/erdekes\/20-dolog-ami-bizonyitja-hogy-izlandot-a-vilag-tobbi-resze-sosem-ertheti-meg\/#breadcrumb\"},\"inLanguage\":\"hu\",\"potentialAction\":[{\"@type\":\"ReadAction\",\"target\":[\"https:\/\/liked.hu\/old\/erdekes\/20-dolog-ami-bizonyitja-hogy-izlandot-a-vilag-tobbi-resze-sosem-ertheti-meg\/\"]}]},{\"@type\":\"BreadcrumbList\",\"@id\":\"https:\/\/liked.hu\/old\/erdekes\/20-dolog-ami-bizonyitja-hogy-izlandot-a-vilag-tobbi-resze-sosem-ertheti-meg\/#breadcrumb\",\"itemListElement\":[{\"@type\":\"ListItem\",\"position\":1,\"name\":\"Kezd\u0151lap\",\"item\":\"https:\/\/liked.hu\/old\/\"},{\"@type\":\"ListItem\",\"position\":2,\"name\":\"20+ dolog, ami bizony\u00edtja, hogy Izlandot a vil\u00e1g t\u00f6bbi r\u00e9sze sosem \u00e9rtheti meg\"}]},{\"@type\":\"WebSite\",\"@id\":\"https:\/\/liked.hu\/old\/#website\",\"url\":\"https:\/\/liked.hu\/old\/\",\"name\":\"Liked.hu\",\"description\":\"\",\"publisher\":{\"@id\":\"https:\/\/liked.hu\/old\/#organization\"},\"potentialAction\":[{\"@type\":\"SearchAction\",\"target\":{\"@type\":\"EntryPoint\",\"urlTemplate\":\"https:\/\/liked.hu\/old\/?s={search_term_string}\"},\"query-input\":\"required name=search_term_string\"}],\"inLanguage\":\"hu\"},{\"@type\":\"Organization\",\"@id\":\"https:\/\/liked.hu\/old\/#organization\",\"name\":\"Liked.hu\",\"url\":\"https:\/\/liked.hu\/old\/\",\"sameAs\":[\"https:\/\/hu.pinterest.com\/likedhungary\/\",\"https:\/\/www.youtube.com\/channel\/UCPv91dbMoIukYcM9b9nHN6Q\",\"https:\/\/www.facebook.com\/liked.hu\",\"https:\/\/twitter.com\/LikedHu\"],\"logo\":{\"@type\":\"ImageObject\",\"inLanguage\":\"hu\",\"@id\":\"https:\/\/liked.hu\/old\/#\/schema\/logo\/image\/\",\"url\":\"https:\/\/liked.hu\/wp-content\/uploads\/2018\/08\/Liked-icon.png\",\"contentUrl\":\"https:\/\/liked.hu\/wp-content\/uploads\/2018\/08\/Liked-icon.png\",\"width\":512,\"height\":512,\"caption\":\"Liked.hu\"},\"image\":{\"@id\":\"https:\/\/liked.hu\/old\/#\/schema\/logo\/image\/\"}},{\"@type\":\"Person\",\"@id\":\"https:\/\/liked.hu\/old\/#\/schema\/person\/02fa522b959d0531c9c34b0d531a7464\",\"name\":\"VictorN.\",\"image\":{\"@type\":\"ImageObject\",\"inLanguage\":\"hu\",\"@id\":\"https:\/\/liked.hu\/old\/#\/schema\/person\/image\/\",\"url\":\"https:\/\/liked.hu\/old\/wp-content\/uploads\/avatars\/1\/1683660043-bpfull.jpg\",\"contentUrl\":\"https:\/\/liked.hu\/old\/wp-content\/uploads\/avatars\/1\/1683660043-bpfull.jpg\",\"caption\":\"VictorN.\"},\"description\":\"A Liked.hu szerkeszt\u0151je vagyok, m\u00e1r az id\u0151k kezdete \u00f3ta. Szabadid\u0151mben Jedi lovag \u00e9s Pok\u00e9mester. Puszilom \u00e9desany\u00e1mat.\",\"sameAs\":[\"https:\/\/liked.hu\",\"https:\/\/facebook.com\/liked.hu\",\"https:\/\/www.instagram.com\/likedhu\/\",\"https:\/\/pinterest.com\/likedhu\",\"https:\/\/twitter.com\/https:\/\/twitter.com\/likedhu\",\"https:\/\/www.youtube.com\/channel\/UCPv91dbMoIukYcM9b9nHN6Q\"],\"url\":\"https:\/\/liked.hu\/old\/u\/victorn\/\"}]}<\/script>\n<!-- \/ Yoast SEO plugin. -->","yoast_head_json":{"title":"20+ dolog, ami bizony\u00edtja, hogy Izlandot a vil\u00e1g t\u00f6bbi r\u00e9sze sosem \u00e9rtheti meg","description":"Izland (angolul: Iceland) Eur\u00f3pa m\u00e1sodik legnagyobb szigete. Ahogy arra az orsz\u00e1g neve is egy\u00e9rtelm\u0171en utal, itt kor\u00e1ntsem d\u00e9lies az \u00e9ghajlat. B\u00e1r az id\u0151j\u00e1r\u00e1sa \u00edgy is j\u00f3val bar\u00e1ts\u00e1gosabb, mint a \u201eszomsz\u00e9dos\u201d Gr\u00f6nland\u00e9, az\u00e9rt Izlandra sem nyaral\u00e1si c\u00e9lb\u00f3l utaznak a turist\u00e1k. Ez az orsz\u00e1g sokkal ink\u00e1bb a term\u00e9szeti csod\u00e1k haz\u00e1ja, itt ugyanis v\u00edzes\u00e9sek, v\u00e9gtelen szikl\u00e1k, vulk\u00e1nok \u00e9s fekete homokos strandok v\u00e1rj\u00e1k az utaz\u00f3kat, hogy a majdnem eg\u00e9sz \u00e9vben l\u00e1that\u00f3 sarki f\u00e9nyr\u0151l m\u00e1r ne is besz\u00e9lj\u00fcnk.","robots":{"index":"index","follow":"follow","max-snippet":"max-snippet:-1","max-image-preview":"max-image-preview:large","max-video-preview":"max-video-preview:-1"},"canonical":"https:\/\/liked.hu\/old\/erdekes\/20-dolog-ami-bizonyitja-hogy-izlandot-a-vilag-tobbi-resze-sosem-ertheti-meg\/","og_locale":"hu_HU","og_type":"article","og_title":"20+ dolog, ami bizony\u00edtja, hogy Izlandot a vil\u00e1g t\u00f6bbi r\u00e9sze sosem \u00e9rtheti meg","og_description":"Izland (angolul: Iceland) Eur\u00f3pa m\u00e1sodik legnagyobb szigete. Ahogy arra az orsz\u00e1g neve is egy\u00e9rtelm\u0171en utal, itt kor\u00e1ntsem d\u00e9lies az \u00e9ghajlat. B\u00e1r az id\u0151j\u00e1r\u00e1sa \u00edgy is j\u00f3val bar\u00e1ts\u00e1gosabb, mint a \u201eszomsz\u00e9dos\u201d Gr\u00f6nland\u00e9, az\u00e9rt Izlandra sem nyaral\u00e1si c\u00e9lb\u00f3l utaznak a turist\u00e1k. Ez az orsz\u00e1g sokkal ink\u00e1bb a term\u00e9szeti csod\u00e1k haz\u00e1ja, itt ugyanis v\u00edzes\u00e9sek, v\u00e9gtelen szikl\u00e1k, vulk\u00e1nok \u00e9s fekete homokos strandok v\u00e1rj\u00e1k az utaz\u00f3kat, hogy a majdnem eg\u00e9sz \u00e9vben l\u00e1that\u00f3 sarki f\u00e9nyr\u0151l m\u00e1r ne is besz\u00e9lj\u00fcnk.","og_url":"https:\/\/liked.hu\/old\/erdekes\/20-dolog-ami-bizonyitja-hogy-izlandot-a-vilag-tobbi-resze-sosem-ertheti-meg\/","og_site_name":"Liked.hu","article_publisher":"https:\/\/www.facebook.com\/liked.hu","article_author":"https:\/\/facebook.com\/liked.hu","article_published_time":"2020-10-14T09:11:15+00:00","article_modified_time":"2021-09-04T12:48:56+00:00","og_image":[{"width":1200,"height":630,"url":"https:\/\/liked.hu\/old\/wp-content\/uploads\/2020\/10\/Izland-erdekessegei.jpg","type":"image\/jpeg"}],"author":"VictorN.","twitter_card":"summary","twitter_creator":"@https:\/\/twitter.com\/likedhu","twitter_site":"@LikedHu","twitter_misc":{"Szerz\u0151:":"VictorN."},"schema":{"@context":"https:\/\/schema.org","@graph":[{"@type":"Article","@id":"https:\/\/liked.hu\/old\/erdekes\/20-dolog-ami-bizonyitja-hogy-izlandot-a-vilag-tobbi-resze-sosem-ertheti-meg\/#article","isPartOf":{"@id":"https:\/\/liked.hu\/old\/erdekes\/20-dolog-ami-bizonyitja-hogy-izlandot-a-vilag-tobbi-resze-sosem-ertheti-meg\/"},"author":{"name":"VictorN.","@id":"https:\/\/liked.hu\/old\/#\/schema\/person\/02fa522b959d0531c9c34b0d531a7464"},"headline":"20+ dolog, ami bizony\u00edtja, hogy Izlandot a vil\u00e1g t\u00f6bbi r\u00e9sze sosem \u00e9rtheti meg","datePublished":"2020-10-14T09:11:15+00:00","dateModified":"2021-09-04T12:48:56+00:00","mainEntityOfPage":{"@id":"https:\/\/liked.hu\/old\/erdekes\/20-dolog-ami-bizonyitja-hogy-izlandot-a-vilag-tobbi-resze-sosem-ertheti-meg\/"},"wordCount":64,"commentCount":26,"publisher":{"@id":"https:\/\/liked.hu\/old\/#organization"},"keywords":["izland","orsz\u00e1g"],"articleSection":["\u00c9rdekess\u00e9gek"],"inLanguage":"hu","potentialAction":[{"@type":"CommentAction","name":"Comment","target":["https:\/\/liked.hu\/old\/erdekes\/20-dolog-ami-bizonyitja-hogy-izlandot-a-vilag-tobbi-resze-sosem-ertheti-meg\/#respond"]}]},{"@type":"WebPage","@id":"https:\/\/liked.hu\/old\/erdekes\/20-dolog-ami-bizonyitja-hogy-izlandot-a-vilag-tobbi-resze-sosem-ertheti-meg\/","url":"https:\/\/liked.hu\/old\/erdekes\/20-dolog-ami-bizonyitja-hogy-izlandot-a-vilag-tobbi-resze-sosem-ertheti-meg\/","name":"20+ dolog, ami bizony\u00edtja, hogy Izlandot a vil\u00e1g t\u00f6bbi r\u00e9sze sosem \u00e9rtheti meg","isPartOf":{"@id":"https:\/\/liked.hu\/old\/#website"},"datePublished":"2020-10-14T09:11:15+00:00","dateModified":"2021-09-04T12:48:56+00:00","description":"Izland (angolul: Iceland) Eur\u00f3pa m\u00e1sodik legnagyobb szigete. Ahogy arra az orsz\u00e1g neve is egy\u00e9rtelm\u0171en utal, itt kor\u00e1ntsem d\u00e9lies az \u00e9ghajlat. B\u00e1r az id\u0151j\u00e1r\u00e1sa \u00edgy is j\u00f3val bar\u00e1ts\u00e1gosabb, mint a \u201eszomsz\u00e9dos\u201d Gr\u00f6nland\u00e9, az\u00e9rt Izlandra sem nyaral\u00e1si c\u00e9lb\u00f3l utaznak a turist\u00e1k. Ez az orsz\u00e1g sokkal ink\u00e1bb a term\u00e9szeti csod\u00e1k haz\u00e1ja, itt ugyanis v\u00edzes\u00e9sek, v\u00e9gtelen szikl\u00e1k, vulk\u00e1nok \u00e9s fekete homokos strandok v\u00e1rj\u00e1k az utaz\u00f3kat, hogy a majdnem eg\u00e9sz \u00e9vben l\u00e1that\u00f3 sarki f\u00e9nyr\u0151l m\u00e1r ne is besz\u00e9lj\u00fcnk.","breadcrumb":{"@id":"https:\/\/liked.hu\/old\/erdekes\/20-dolog-ami-bizonyitja-hogy-izlandot-a-vilag-tobbi-resze-sosem-ertheti-meg\/#breadcrumb"},"inLanguage":"hu","potentialAction":[{"@type":"ReadAction","target":["https:\/\/liked.hu\/old\/erdekes\/20-dolog-ami-bizonyitja-hogy-izlandot-a-vilag-tobbi-resze-sosem-ertheti-meg\/"]}]},{"@type":"BreadcrumbList","@id":"https:\/\/liked.hu\/old\/erdekes\/20-dolog-ami-bizonyitja-hogy-izlandot-a-vilag-tobbi-resze-sosem-ertheti-meg\/#breadcrumb","itemListElement":[{"@type":"ListItem","position":1,"name":"Kezd\u0151lap","item":"https:\/\/liked.hu\/old\/"},{"@type":"ListItem","position":2,"name":"20+ dolog, ami bizony\u00edtja, hogy Izlandot a vil\u00e1g t\u00f6bbi r\u00e9sze sosem \u00e9rtheti meg"}]},{"@type":"WebSite","@id":"https:\/\/liked.hu\/old\/#website","url":"https:\/\/liked.hu\/old\/","name":"Liked.hu","description":"","publisher":{"@id":"https:\/\/liked.hu\/old\/#organization"},"potentialAction":[{"@type":"SearchAction","target":{"@type":"EntryPoint","urlTemplate":"https:\/\/liked.hu\/old\/?s={search_term_string}"},"query-input":"required name=search_term_string"}],"inLanguage":"hu"},{"@type":"Organization","@id":"https:\/\/liked.hu\/old\/#organization","name":"Liked.hu","url":"https:\/\/liked.hu\/old\/","sameAs":["https:\/\/hu.pinterest.com\/likedhungary\/","https:\/\/www.youtube.com\/channel\/UCPv91dbMoIukYcM9b9nHN6Q","https:\/\/www.facebook.com\/liked.hu","https:\/\/twitter.com\/LikedHu"],"logo":{"@type":"ImageObject","inLanguage":"hu","@id":"https:\/\/liked.hu\/old\/#\/schema\/logo\/image\/","url":"https:\/\/liked.hu\/wp-content\/uploads\/2018\/08\/Liked-icon.png","contentUrl":"https:\/\/liked.hu\/wp-content\/uploads\/2018\/08\/Liked-icon.png","width":512,"height":512,"caption":"Liked.hu"},"image":{"@id":"https:\/\/liked.hu\/old\/#\/schema\/logo\/image\/"}},{"@type":"Person","@id":"https:\/\/liked.hu\/old\/#\/schema\/person\/02fa522b959d0531c9c34b0d531a7464","name":"VictorN.","image":{"@type":"ImageObject","inLanguage":"hu","@id":"https:\/\/liked.hu\/old\/#\/schema\/person\/image\/","url":"https:\/\/liked.hu\/old\/wp-content\/uploads\/avatars\/1\/1683660043-bpfull.jpg","contentUrl":"https:\/\/liked.hu\/old\/wp-content\/uploads\/avatars\/1\/1683660043-bpfull.jpg","caption":"VictorN."},"description":"A Liked.hu szerkeszt\u0151je vagyok, m\u00e1r az id\u0151k kezdete \u00f3ta. Szabadid\u0151mben Jedi lovag \u00e9s Pok\u00e9mester. Puszilom \u00e9desany\u00e1mat.","sameAs":["https:\/\/liked.hu","https:\/\/facebook.com\/liked.hu","https:\/\/www.instagram.com\/likedhu\/","https:\/\/pinterest.com\/likedhu","https:\/\/twitter.com\/https:\/\/twitter.com\/likedhu","https:\/\/www.youtube.com\/channel\/UCPv91dbMoIukYcM9b9nHN6Q"],"url":"https:\/\/liked.hu\/old\/u\/victorn\/"}]}},"publishpress_future_action":{"enabled":false,"date":"1970-01-01 01:00:00","action":"","terms":[],"taxonomy":"","browser_timezone_offset":0},"_links":{"self":[{"href":"https:\/\/liked.hu\/old\/wp-json\/wp\/v2\/posts\/227652"}],"collection":[{"href":"https:\/\/liked.hu\/old\/wp-json\/wp\/v2\/posts"}],"about":[{"href":"https:\/\/liked.hu\/old\/wp-json\/wp\/v2\/types\/post"}],"author":[{"embeddable":true,"href":"https:\/\/liked.hu\/old\/wp-json\/wp\/v2\/users\/1"}],"replies":[{"embeddable":true,"href":"https:\/\/liked.hu\/old\/wp-json\/wp\/v2\/comments?post=227652"}],"version-history":[{"count":0,"href":"https:\/\/liked.hu\/old\/wp-json\/wp\/v2\/posts\/227652\/revisions"}],"wp:featuredmedia":[{"embeddable":true,"href":"https:\/\/liked.hu\/old\/wp-json\/wp\/v2\/media\/227654"}],"wp:attachment":[{"href":"https:\/\/liked.hu\/old\/wp-json\/wp\/v2\/media?parent=227652"}],"wp:term":[{"taxonomy":"category","embeddable":true,"href":"https:\/\/liked.hu\/old\/wp-json\/wp\/v2\/categories?post=227652"},{"taxonomy":"post_tag","embeddable":true,"href":"https:\/\/liked.hu\/old\/wp-json\/wp\/v2\/tags?post=227652"}],"curies":[{"name":"wp","href":"https:\/\/api.w.org\/{rel}","templated":true}]}}