{"id":224454,"date":"2020-12-31T12:32:04","date_gmt":"2020-12-31T11:32:04","guid":{"rendered":"https:\/\/liked.hu\/old\/?p=224454"},"modified":"2020-12-31T12:32:55","modified_gmt":"2020-12-31T11:32:55","slug":"igy-nezett-ki-a-vilag-19-leghiresebb-latnivaloja-mielott-meg-a-turistak-elarasztottak-oket","status":"publish","type":"post","link":"https:\/\/liked.hu\/old\/erdekes\/igy-nezett-ki-a-vilag-19-leghiresebb-latnivaloja-mielott-meg-a-turistak-elarasztottak-oket\/","title":{"rendered":"\u00cdgy n\u00e9zett ki a vil\u00e1g 19 legh\u00edresebb l\u00e1tnival\u00f3ja, miel\u0151tt m\u00e9g a turist\u00e1k el\u00e1rasztott\u00e1k \u0151ket"},"content":{"rendered":"<p style=\"text-align: center;\">\n<div style=\"float:none;margin:0px 0 0px 0;text-align:center;\">\n<div class=\"mobileShowkakettes\"><div class=\"mobileShowka2\"><div style=\"padding-top:0px;padding-bottom:15px;min-height: 300px;\"><div class=\"hirdetes\">HIRDET\u00c9S<\/div>\n<!-- 300lista -->\n<ins class=\"adsbygoogle\"\n     style=\"display:inline-block;width:300px;height:250px\"\n     data-ad-client=\"ca-pub-9424088931673893\"\n     data-ad-slot=\"8471340766\"><\/ins>\n<script async>\n     (adsbygoogle = window.adsbygoogle || []).push({});\n<\/script><\/div><\/div><\/div><\/div>\n<p>A <strong>Liked.hu<\/strong>-n\u00e1l \u00fagy d\u00f6nt\u00f6tt\u00fcnk, hogy ut\u00e1naj\u00e1runk, milyenek voltak a vil\u00e1gh\u00edr\u0171 l\u00e1tnival\u00f3k, miel\u0151tt m\u00e9g a turist\u00e1k milli\u00f3i el\u00e1rasztott\u00e1k \u00e9s megtapost\u00e1k volna \u0151ket. \u0150szint\u00e9n sz\u00f3lva bizonyos esetekben nagyon meglepett minket a l\u00e1tottak.<\/p>\n<div id=\"zombify-main-section-front\" class=\"zombify-main-section-front zombify-screen zf-media-full\">\r\n\t<link rel=\"stylesheet\" type=\"text\/css\" href=\"https:\/\/liked.hu\/old\/js\/zombify.css\">\r\n    <link rel=\"stylesheet\" type=\"text\/css\" href=\"https:\/\/liked.hu\/old\/wp-content\/themes\/newsy-child\/style.css\">\r\n\t<div class=\"zf-container\">\r\n\t\t<div id=\"zf-list\" class=\"zf-list zf-numbered\">\r\n\t\t\t<ol class=\"zf-structure-list\">\r\n\t\t\t\t\t\t\t\t\t\t<li class=\"zf-list_item\">\r\n\t\t\t\t\t\t\t<div class=\"zf-list_header\">\r\n\t\t\t\t\t\t\t\t<h3 id=\"listaelem1\" class=\"zf-list_title\">\r\n\t\t\t\t\t\t\t\t\t<span class=\"zf-number\">1<\/span>\r\n\t\t\t\t\t\t\t\t\tEiffel-torony, P\u00e1rizs\t\t\t\t\t\t\t\t<\/h3>\r\n\t\t\t\t\t\t\t<\/div>\r\n\t\t\t\t\t\t\t\t\t\t\t\t\t\t\t<figure class=\"zf-list_media zf-media-wrapper zf-image zf-type-image\">\r\n\t\t\t\t\t\t\t\t\t<div title=\"Eiffel-torony, P\u00e1rizs\" alt=\"Eiffel-torony, P\u00e1rizs\" class=\"zf-media\">\r\n\t\t\t\t\t\t\t\t\t\t<img width=\"728\" height=\"606\" src=\"https:\/\/liked.hu\/old\/wp-content\/uploads\/2020\/09\/Eiffel-torony.jpg\" class=\"\" alt=\"Eiffel torony\" loading=\"lazy\" style=\"\" srcset=\"https:\/\/liked.hu\/old\/wp-content\/uploads\/2020\/09\/Eiffel-torony.jpg 728w, https:\/\/liked.hu\/old\/wp-content\/uploads\/2020\/09\/Eiffel-torony-300x250.jpg 300w, https:\/\/liked.hu\/old\/wp-content\/uploads\/2020\/09\/Eiffel-torony-500x416.jpg 500w, https:\/\/liked.hu\/old\/wp-content\/uploads\/2020\/09\/Eiffel-torony-360x300.jpg 360w\" sizes=\"(max-width: 728px) 100vw, 728px\" \/>\t\t\t\t\t\t\t\t\t\t\t<figcaption class=\"zf-figcaption\">\r\n\t\t\t\t\t\t\t\t\t\t\t\t\t\t\t\t\t\t\t\t\t\t\t\t<cite><\/cite>\r\n\r\n\t\t\t\t\t\t\t\t\t\t\t\t\t\t\t\t\t\t\t\t\t\t\t<\/figcaption>\r\n\t\t\t\t\t\t\t\t\t\t\t\t\t\t\t\t\t\t\t<\/div>\r\n\t\t\t\t\t\t\t\t\t<hr \/>\r\n\t\t\t\t\t\t\t\t<\/figure>\r\n\t\t\t\t\t\t\t\t\t\t\t\t\t\t\t\t<div class=\"zf-list_description\"><p>A h\u00edres p\u00e1rizsi tornyot Gustave Eiffel-r\u0151l nevezt\u00e9k el, \u00e9s 1889-ben \u00e9p\u00fclt, eredetileg a vil\u00e1gki\u00e1ll\u00edt\u00e1s ideiglenes \u00e9p\u00edtm\u00e9nyek\u00e9nt. Az alkot\u00f3ja maga csak \"300 m\u00e9teres toronynak\" nevezte. 1925-ben a Citroen aut\u00f3gy\u00e1r rekl\u00e1mt\u00e1bl\u00e1jak\u00e9nt haszn\u00e1lt\u00e1k, majd 2003-ban t\u00f6bb ezer f\u00e9nyes izz\u00f3t kapott - az \u00e9vek sor\u00e1n pedig a vil\u00e1g egyik legismertebb turistal\u00e1tv\u00e1nyoss\u00e1ga lett, amit emberek milli\u00f3i szeretn\u00e9nek l\u00e1tni minden \u00e9vben.<\/p><\/div>\r\n\t\t\t\t\t\t\t\t\t\t\t\t\t<\/li>\r\n\t\t\t\t\t\t\t\t\t\t\t\t<li class=\"zf-list_item\">\r\n\t\t\t\t\t\t\t<div class=\"zf-list_header\">\r\n\t\t\t\t\t\t\t\t<h3 id=\"listaelem2\" class=\"zf-list_title\">\r\n\t\t\t\t\t\t\t\t\t<span class=\"zf-number\">2<\/span>\r\n\t\t\t\t\t\t\t\t\tMachu Picchu, Peru\t\t\t\t\t\t\t\t<\/h3>\r\n\t\t\t\t\t\t\t<\/div>\r\n\t\t\t\t\t\t\t\t\t\t\t\t\t\t\t<figure class=\"zf-list_media zf-media-wrapper zf-image zf-type-image\">\r\n\t\t\t\t\t\t\t\t\t<div title=\"Machu Picchu, Peru\" alt=\"Machu Picchu, Peru\" class=\"zf-media\">\r\n\t\t\t\t\t\t\t\t\t\t<img width=\"728\" height=\"1073\" src=\"https:\/\/liked.hu\/old\/wp-content\/uploads\/2020\/09\/Macchu-Picchu.jpg\" class=\"\" alt=\"Macchu Picchu\" loading=\"lazy\" style=\"\" srcset=\"https:\/\/liked.hu\/old\/wp-content\/uploads\/2020\/09\/Macchu-Picchu.jpg 728w, https:\/\/liked.hu\/old\/wp-content\/uploads\/2020\/09\/Macchu-Picchu-204x300.jpg 204w, https:\/\/liked.hu\/old\/wp-content\/uploads\/2020\/09\/Macchu-Picchu-339x500.jpg 339w, https:\/\/liked.hu\/old\/wp-content\/uploads\/2020\/09\/Macchu-Picchu-360x531.jpg 360w\" sizes=\"(max-width: 728px) 100vw, 728px\" \/>\t\t\t\t\t\t\t\t\t\t\t<figcaption class=\"zf-figcaption\">\r\n\t\t\t\t\t\t\t\t\t\t\t\t\t\t\t\t\t\t\t\t\t\t\t\t<cite><\/cite>\r\n\r\n\t\t\t\t\t\t\t\t\t\t\t\t\t\t\t\t\t\t\t\t\t\t\t<\/figcaption>\r\n\t\t\t\t\t\t\t\t\t\t\t\t\t\t\t\t\t\t\t<\/div>\r\n\t\t\t\t\t\t\t\t\t<hr \/>\r\n\t\t\t\t\t\t\t\t<\/figure>\r\n\t\t\t\t\t\t\t\t\t\t\t\t\t\t\t\t<div class=\"zf-list_description\"><p>Az \u0151si v\u00e1rost, ami a mai modern Peru ter\u00fclet\u00e9n tal\u00e1lhat\u00f3, 1450 k\u00f6r\u00fcl alap\u00edtott\u00e1k. Amikor az \u0151slakosok elhagyt\u00e1k, a v\u00e1ros 400 \u00e9vig elhagyatottan \u00e1llt, m\u00edg azt\u00e1n egy kutat\u00f3 professzor ki nem sz\u00farta azt egy rep\u00fcl\u0151g\u00e9p ablak\u00e1b\u00f3l. Ekkor kezd\u0151d\u00f6tt az \u0151si v\u00e1ros felt\u00e1r\u00e1sa, amit 2007-ben a vil\u00e1g \u00faj csod\u00e1jak\u00e9nt regisztr\u00e1ltak.<\/p><p style=\"text-align: center\">\n<div style=\"float:none;margin:0px 0 0px 0;text-align:center;\">\n<div class=\"mobileHideke5\"><div style=\"margin-top:25px;\"><div class=\"hirdeteshatter\"><div style=\"display: inline-block;width: 50%;min-width:305px;vertical-align: top;\"><div class=\"hirdetes\">HIRDET\u00c9S<\/div>\n<!-- LikedQ51 -->\n<ins class=\"adsbygoogle\"\n     style=\"display:inline-block;width:300px;height:250px\"\n     data-ad-client=\"ca-pub-9424088931673893\"\n     data-ad-slot=\"8284063326\"><\/ins>\n<script async>\n     (adsbygoogle = window.adsbygoogle || []).push({});\n<\/script><\/div><div style=\"display: inline-block;width: 50%;min-width:305px;vertical-align: top;\"><div class=\"hirdetes\">HIRDET\u00c9S<\/div>\n<!-- LikedQ52 -->\n<ins class=\"adsbygoogle\"\n     style=\"display:inline-block;width:300px;height:250px\"\n     data-ad-client=\"ca-pub-9424088931673893\"\n     data-ad-slot=\"2840164950\"><\/ins>\n<script async>\n     (adsbygoogle = window.adsbygoogle || []).push({});\n<\/script><\/div><\/div><\/div><\/div>\n<div style=\"display:flex;flex-direction:column;\"><div class=\"mobileShowka5\"><div style=\"padding-top:10px;padding-bottom:10px;min-height: 300px;\"><div class=\"hirdetes\">HIRDET\u00c9S<\/div>\n<!-- LikedQ5M -->\n<ins class=\"adsbygoogle\"\n     style=\"display:inline-block;width:300px;height:250px\"\n     data-ad-client=\"ca-pub-9424088931673893\"\n     data-ad-slot=\"9022429928\"><\/ins>\n<script async>\n     (adsbygoogle = window.adsbygoogle || []).push({});\n<\/script><\/div><\/div><\/div><\/div><\/div>\r\n\t\t\t\t\t\t\t\t\t\t\t\t\t<\/li>\r\n\t\t\t\t\t\t\t\t\t\t\t\t<li class=\"zf-list_item\">\r\n\t\t\t\t\t\t\t<div class=\"zf-list_header\">\r\n\t\t\t\t\t\t\t\t<h3 id=\"listaelem3\" class=\"zf-list_title\">\r\n\t\t\t\t\t\t\t\t\t<span class=\"zf-number\">3<\/span>\r\n\t\t\t\t\t\t\t\t\tFecskef\u00e9szek-kast\u00e9ly, Ukrajna\t\t\t\t\t\t\t\t<\/h3>\r\n\t\t\t\t\t\t\t<\/div>\r\n\t\t\t\t\t\t\t\t\t\t\t\t\t\t\t<figure class=\"zf-list_media zf-media-wrapper zf-image zf-type-image\">\r\n\t\t\t\t\t\t\t\t\t<div title=\"Fecskef\u00e9szek-kast\u00e9ly, Ukrajna\" alt=\"Fecskef\u00e9szek-kast\u00e9ly, Ukrajna\" class=\"zf-media\">\r\n\t\t\t\t\t\t\t\t\t\t<img width=\"728\" height=\"606\" src=\"https:\/\/liked.hu\/old\/wp-content\/uploads\/2020\/09\/Fecskefeszek-kastely.jpg\" class=\"\" alt=\"Fecskefeszek kastely\" loading=\"lazy\" style=\"\" srcset=\"https:\/\/liked.hu\/old\/wp-content\/uploads\/2020\/09\/Fecskefeszek-kastely.jpg 728w, https:\/\/liked.hu\/old\/wp-content\/uploads\/2020\/09\/Fecskefeszek-kastely-300x250.jpg 300w, https:\/\/liked.hu\/old\/wp-content\/uploads\/2020\/09\/Fecskefeszek-kastely-500x416.jpg 500w, https:\/\/liked.hu\/old\/wp-content\/uploads\/2020\/09\/Fecskefeszek-kastely-360x300.jpg 360w\" sizes=\"(max-width: 728px) 100vw, 728px\" \/>\t\t\t\t\t\t\t\t\t\t\t<figcaption class=\"zf-figcaption\">\r\n\t\t\t\t\t\t\t\t\t\t\t\t\t\t\t\t\t\t\t\t\t\t\t\t<cite><\/cite>\r\n\r\n\t\t\t\t\t\t\t\t\t\t\t\t\t\t\t\t\t\t\t\t\t\t\t<\/figcaption>\r\n\t\t\t\t\t\t\t\t\t\t\t\t\t\t\t\t\t\t\t<\/div>\r\n\t\t\t\t\t\t\t\t\t<hr \/>\r\n\t\t\t\t\t\t\t\t<\/figure>\r\n\t\t\t\t\t\t\t\t\t\t\t\t\t\t\t\t<div class=\"zf-list_description\"><p>Ez az \u00e9p\u00edt\u00e9szeti eml\u00e9k egy 40 m\u00e9ter magas szikl\u00e1n tal\u00e1lhat\u00f3 a Kr\u00edm-f\u00e9lszigeten. T\u00f6rt\u00e9nete sor\u00e1n sz\u00e1mos v\u00e1ltoz\u00e1son ment kereszt\u00fcl, de \u00fagy gondolj\u00e1k, hogy eredetileg egy kis g\u00f6r\u00f6g templom volt. Dr. Adalbert Tobin ir\u00e1ny\u00edt\u00e1s\u00e1val azt\u00e1n fel\u00faj\u00edtott\u00e1k - ekkor az \u00e9p\u00fclet v\u00f6r\u00f6s sz\u00ednt kapott. Mai modern megjelen\u00e9s\u00e9t a moszkvai milli\u00e1rdosnak, Szergej Rakhmanov-nak k\u00f6sz\u00f6nheti. \u00c9rdekess\u00e9g, hogy a kast\u00e9lyt 1927-ben egy f\u00f6ldreng\u00e9s er\u0151sen megrong\u00e1lta, de m\u00e1ra teljesen helyre\u00e1ll\u00edtott\u00e1k.<\/p><\/div>\r\n\t\t\t\t\t\t\t\t\t\t\t\t\t<\/li>\r\n\t\t\t\t\t\t\t\t\t\t\t\t<li class=\"zf-list_item\">\r\n\t\t\t\t\t\t\t<div class=\"zf-list_header\">\r\n\t\t\t\t\t\t\t\t<h3 id=\"listaelem4\" class=\"zf-list_title\">\r\n\t\t\t\t\t\t\t\t\t<span class=\"zf-number\">4<\/span>\r\n\t\t\t\t\t\t\t\t\tDubaj\t\t\t\t\t\t\t\t<\/h3>\r\n\t\t\t\t\t\t\t<\/div>\r\n\t\t\t\t\t\t\t\t\t\t\t\t\t\t\t<figure class=\"zf-list_media zf-media-wrapper zf-image zf-type-image\">\r\n\t\t\t\t\t\t\t\t\t<div title=\"Dubaj\" alt=\"Dubaj\" class=\"zf-media\">\r\n\t\t\t\t\t\t\t\t\t\t<img width=\"728\" height=\"1121\" src=\"https:\/\/liked.hu\/old\/wp-content\/uploads\/2020\/09\/Dubaj.jpg\" class=\"\" alt=\"Dubaj\" loading=\"lazy\" style=\"\" srcset=\"https:\/\/liked.hu\/old\/wp-content\/uploads\/2020\/09\/Dubaj.jpg 728w, https:\/\/liked.hu\/old\/wp-content\/uploads\/2020\/09\/Dubaj-195x300.jpg 195w, https:\/\/liked.hu\/old\/wp-content\/uploads\/2020\/09\/Dubaj-325x500.jpg 325w, https:\/\/liked.hu\/old\/wp-content\/uploads\/2020\/09\/Dubaj-360x554.jpg 360w\" sizes=\"(max-width: 728px) 100vw, 728px\" \/>\t\t\t\t\t\t\t\t\t\t\t<figcaption class=\"zf-figcaption\">\r\n\t\t\t\t\t\t\t\t\t\t\t\t\t\t\t\t\t\t\t\t\t\t\t\t<cite><\/cite>\r\n\r\n\t\t\t\t\t\t\t\t\t\t\t\t\t\t\t\t\t\t\t\t\t\t\t<\/figcaption>\r\n\t\t\t\t\t\t\t\t\t\t\t\t\t\t\t\t\t\t\t<\/div>\r\n\t\t\t\t\t\t\t\t\t<hr \/>\r\n\t\t\t\t\t\t\t\t<\/figure>\r\n\t\t\t\t\t\t\t\t\t\t\t\t\t\t\t\t<div class=\"zf-list_description\"><p>Az Egyes\u00fclt Arab Em\u00edrs\u00e9gek legnagyobb v\u00e1rosa egy szer\u00e9ny kis kik\u00f6t\u0151v\u00e1ros volt, eg\u00e9szen a k\u00f6zelm\u00faltig. Amikor azonban 1966-ban megtal\u00e1lt\u00e1k az els\u0151 olajmez\u0151ket, megkezd\u0151d\u00f6tt a v\u00e1ros vill\u00e1mgyors fejl\u0151d\u00e9se. Ma m\u00e1r r\u00e1 sem lehet ismerni az egykori poros, koszos kis kik\u00f6t\u0151v\u00e1rosra a sivatag k\u00f6zep\u00e9n.<\/p><\/div>\r\n\t\t\t\t\t\t\t\t\t\t\t\t\t<\/li>\r\n\t\t\t\t\t\t\t\t\t\t\t\t<li class=\"zf-list_item\">\r\n\t\t\t\t\t\t\t<div class=\"zf-list_header\">\r\n\t\t\t\t\t\t\t\t<h3 id=\"listaelem5\" class=\"zf-list_title\">\r\n\t\t\t\t\t\t\t\t\t<span class=\"zf-number\">5<\/span>\r\n\t\t\t\t\t\t\t\t\tLondon Bridge\t\t\t\t\t\t\t\t<\/h3>\r\n\t\t\t\t\t\t\t<\/div>\r\n\t\t\t\t\t\t\t\t\t\t\t\t\t\t\t<figure class=\"zf-list_media zf-media-wrapper zf-image zf-type-image\">\r\n\t\t\t\t\t\t\t\t\t<div title=\"London Bridge\" alt=\"London Bridge\" class=\"zf-media\">\r\n\t\t\t\t\t\t\t\t\t\t<img width=\"728\" height=\"1005\" src=\"https:\/\/liked.hu\/old\/wp-content\/uploads\/2020\/09\/Londoni-hid.jpg\" class=\"\" alt=\"Londoni hid\" loading=\"lazy\" style=\"\" srcset=\"https:\/\/liked.hu\/old\/wp-content\/uploads\/2020\/09\/Londoni-hid.jpg 728w, https:\/\/liked.hu\/old\/wp-content\/uploads\/2020\/09\/Londoni-hid-217x300.jpg 217w, https:\/\/liked.hu\/old\/wp-content\/uploads\/2020\/09\/Londoni-hid-362x500.jpg 362w, https:\/\/liked.hu\/old\/wp-content\/uploads\/2020\/09\/Londoni-hid-360x497.jpg 360w\" sizes=\"(max-width: 728px) 100vw, 728px\" \/>\t\t\t\t\t\t\t\t\t\t\t<figcaption class=\"zf-figcaption\">\r\n\t\t\t\t\t\t\t\t\t\t\t\t\t\t\t\t\t\t\t\t\t\t\t\t<cite><\/cite>\r\n\r\n\t\t\t\t\t\t\t\t\t\t\t\t\t\t\t\t\t\t\t\t\t\t\t<\/figcaption>\r\n\t\t\t\t\t\t\t\t\t\t\t\t\t\t\t\t\t\t\t<\/div>\r\n\t\t\t\t\t\t\t\t\t<hr \/>\r\n\t\t\t\t\t\t\t\t<\/figure>\r\n\t\t\t\t\t\t\t\t\t\t\t\t\t\t\t\t<div class=\"zf-list_description\"><p>A h\u00edres, Temze f\u00f6l\u00f6tt \u00e1t\u00edvel\u0151 h\u00edd London \u00e9szaki \u00e9s d\u00e9li r\u00e9sz\u00e9t k\u00f6ti \u00f6ssze. A v\u00e1ros hossz\u00fa t\u00f6rt\u00e9nete sor\u00e1n t\u00f6bb hidat is emeltek ezen a k\u00f6rny\u00e9ken, a f\u00e1t\u00f3l a bolt\u00edves k\u0151ig, de a London Bridge volt az els\u0151 olyan vasbeton gerendaszerkezettel \u00e9p\u00fclt h\u00edd, ami komolyan ki\u00e1llta az id\u0151k pr\u00f3b\u00e1j\u00e1t.<\/p><p style=\"text-align: center\">\n<div style=\"float:none;margin:0px 0 0px 0;text-align:center;\">\n<div class=\"mobileHideke8\"><div style=\"margin-top:25px;\"><div class=\"hirdeteshatter\"><div style=\"display: inline-block;width: 50%;min-width:340px;vertical-align: top;\"><div class=\"hirdetes\">HIRDET\u00c9S<\/div>\n<!-- Liked7Q1 -->\n<ins class=\"adsbygoogle\"\n     style=\"display:inline-block;width:336px;height:280px\"\n     data-ad-client=\"ca-pub-9424088931673893\"\n     data-ad-slot=\"3022062587\"><\/ins>\n<script async>\n     (adsbygoogle = window.adsbygoogle || []).push({});\n<\/script><\/div><div style=\"display: inline-block;width: 50%;min-width:340px;vertical-align: top;\"><div class=\"hirdetes\">HIRDET\u00c9S<\/div>\n<!-- Liked7Q2 -->\n<ins class=\"adsbygoogle\"\n     style=\"display:inline-block;width:336px;height:280px\"\n     data-ad-client=\"ca-pub-9424088931673893\"\n     data-ad-slot=\"3952000871\"><\/ins>\n<script async>\n     (adsbygoogle = window.adsbygoogle || []).push({});\n<\/script><\/div><\/div><\/div><\/div>\n<div style=\"display:flex;flex-direction:column;\"><div class=\"mobileShowka8\"><div style=\"padding-top:15px;margin-bottom:15px;min-height: 300px;\"><div class=\"hirdetes\">HIRDET\u00c9S<\/div>\n<!-- Liked7QMobil -->\n<ins class=\"adsbygoogle\"\n     style=\"display:inline-block;width:336px;height:280px\"\n     data-ad-client=\"ca-pub-9424088931673893\"\n     data-ad-slot=\"5073510857\"><\/ins>\n<script async>\n     (adsbygoogle = window.adsbygoogle || []).push({});\n<\/script><\/div><\/div><\/div><\/div><\/div>\r\n\t\t\t\t\t\t\t\t\t\t\t\t\t<\/li>\r\n\t\t\t\t\t\t\t\t\t\t\t\t<li class=\"zf-list_item\">\r\n\t\t\t\t\t\t\t<div class=\"zf-list_header\">\r\n\t\t\t\t\t\t\t\t<h3 id=\"listaelem6\" class=\"zf-list_title\">\r\n\t\t\t\t\t\t\t\t\t<span class=\"zf-number\">6<\/span>\r\n\t\t\t\t\t\t\t\t\tRaffles Place, Szingap\u00far\t\t\t\t\t\t\t\t<\/h3>\r\n\t\t\t\t\t\t\t<\/div>\r\n\t\t\t\t\t\t\t\t\t\t\t\t\t\t\t<figure class=\"zf-list_media zf-media-wrapper zf-image zf-type-image\">\r\n\t\t\t\t\t\t\t\t\t<div title=\"Raffles Place, Szingap\u00far\" alt=\"Raffles Place, Szingap\u00far\" class=\"zf-media\">\r\n\t\t\t\t\t\t\t\t\t\t<img width=\"728\" height=\"1064\" src=\"https:\/\/liked.hu\/old\/wp-content\/uploads\/2020\/09\/Rafflec-Place.jpg\" class=\"\" alt=\"Rafflec Place\" loading=\"lazy\" style=\"\" srcset=\"https:\/\/liked.hu\/old\/wp-content\/uploads\/2020\/09\/Rafflec-Place.jpg 728w, https:\/\/liked.hu\/old\/wp-content\/uploads\/2020\/09\/Rafflec-Place-205x300.jpg 205w, https:\/\/liked.hu\/old\/wp-content\/uploads\/2020\/09\/Rafflec-Place-342x500.jpg 342w, https:\/\/liked.hu\/old\/wp-content\/uploads\/2020\/09\/Rafflec-Place-360x526.jpg 360w\" sizes=\"(max-width: 728px) 100vw, 728px\" \/>\t\t\t\t\t\t\t\t\t\t\t<figcaption class=\"zf-figcaption\">\r\n\t\t\t\t\t\t\t\t\t\t\t\t\t\t\t\t\t\t\t\t\t\t\t\t<cite><\/cite>\r\n\r\n\t\t\t\t\t\t\t\t\t\t\t\t\t\t\t\t\t\t\t\t\t\t\t<\/figcaption>\r\n\t\t\t\t\t\t\t\t\t\t\t\t\t\t\t\t\t\t\t<\/div>\r\n\t\t\t\t\t\t\t\t\t<hr \/>\r\n\t\t\t\t\t\t\t\t<\/figure>\r\n\t\t\t\t\t\t\t\t\t\t\t\t\t\t\t\t<div class=\"zf-list_description\"><p>N\u00e9h\u00e1ny \u00e9vtized alatt egy meglehet\u0151sen szeg\u00e9ny \u00e1zsiai v\u00e1ros\u00e1llamb\u00f3l Szingap\u00far egy f\u00e9ny\u0171z\u0151 helly\u00e9 v\u00e1lt, ahol futurisztikus filmeket is lehetne forgatni. Mi sem bizony\u00edtja ezt jobban, mint az \u00fczleti negyed k\u00f6zep\u00e9n elhelyezked\u0151 Raffles Place akkor \u00e9s most fot\u00f3ja.<\/p><\/div>\r\n\t\t\t\t\t\t\t\t\t\t\t\t\t<\/li>\r\n\t\t\t\t\t\t\t\t\t\t\t\t<li class=\"zf-list_item\">\r\n\t\t\t\t\t\t\t<div class=\"zf-list_header\">\r\n\t\t\t\t\t\t\t\t<h3 id=\"listaelem7\" class=\"zf-list_title\">\r\n\t\t\t\t\t\t\t\t\t<span class=\"zf-number\">7<\/span>\r\n\t\t\t\t\t\t\t\t\tRushmore-hegy, D\u00e9l-Dakota\t\t\t\t\t\t\t\t<\/h3>\r\n\t\t\t\t\t\t\t<\/div>\r\n\t\t\t\t\t\t\t\t\t\t\t\t\t\t\t<figure class=\"zf-list_media zf-media-wrapper zf-image zf-type-image\">\r\n\t\t\t\t\t\t\t\t\t<div title=\"Rushmore-hegy, D\u00e9l-Dakota\" alt=\"Rushmore-hegy, D\u00e9l-Dakota\" class=\"zf-media\">\r\n\t\t\t\t\t\t\t\t\t\t<img width=\"728\" height=\"953\" src=\"https:\/\/liked.hu\/old\/wp-content\/uploads\/2020\/09\/Rushmore-hegy-1.jpg\" class=\"\" alt=\"Rushmore hegy 1\" loading=\"lazy\" style=\"\" srcset=\"https:\/\/liked.hu\/old\/wp-content\/uploads\/2020\/09\/Rushmore-hegy-1.jpg 728w, https:\/\/liked.hu\/old\/wp-content\/uploads\/2020\/09\/Rushmore-hegy-1-229x300.jpg 229w, https:\/\/liked.hu\/old\/wp-content\/uploads\/2020\/09\/Rushmore-hegy-1-382x500.jpg 382w, https:\/\/liked.hu\/old\/wp-content\/uploads\/2020\/09\/Rushmore-hegy-1-360x471.jpg 360w\" sizes=\"(max-width: 728px) 100vw, 728px\" \/>\t\t\t\t\t\t\t\t\t\t\t<figcaption class=\"zf-figcaption\">\r\n\t\t\t\t\t\t\t\t\t\t\t\t\t\t\t\t\t\t\t\t\t\t\t\t<cite><\/cite>\r\n\r\n\t\t\t\t\t\t\t\t\t\t\t\t\t\t\t\t\t\t\t\t\t\t\t<\/figcaption>\r\n\t\t\t\t\t\t\t\t\t\t\t\t\t\t\t\t\t\t\t<\/div>\r\n\t\t\t\t\t\t\t\t\t<hr \/>\r\n\t\t\t\t\t\t\t\t<\/figure>\r\n\t\t\t\t\t\t\t\t\t\t\t\t\t\t\t\t<div class=\"zf-list_description\"><p>A h\u00edres Rushmore-hegy a 18 m\u00e9ter magas szobraival az amerikai eln\u00f6k\u00f6k el\u0151tt tiszteleg. 1927-t\u0151l 1941-ig tartott, m\u00edg v\u00e9g\u00fcl el\u00e9rte a ma ismert form\u00e1j\u00e1t. 1930-ban, a projektet szervez\u0151 \u00fczletember, Charles Rushmore tisztelet\u00e9re kapta a Rushmore-hegy nevet.<\/p><\/div>\r\n\t\t\t\t\t\t\t\t\t\t\t\t\t<\/li>\r\n\t\t\t\t\t\t\t\t\t\t\t\t<li class=\"zf-list_item\">\r\n\t\t\t\t\t\t\t<div class=\"zf-list_header\">\r\n\t\t\t\t\t\t\t\t<h3 id=\"listaelem8\" class=\"zf-list_title\">\r\n\t\t\t\t\t\t\t\t\t<span class=\"zf-number\">8<\/span>\r\n\t\t\t\t\t\t\t\t\t A Megv\u00e1lt\u00f3 Krisztus szobra\t\t\t\t\t\t\t\t<\/h3>\r\n\t\t\t\t\t\t\t<\/div>\r\n\t\t\t\t\t\t\t\t\t\t\t\t\t\t\t<figure class=\"zf-list_media zf-media-wrapper zf-image zf-type-image\">\r\n\t\t\t\t\t\t\t\t\t<div title=\" A Megv\u00e1lt\u00f3 Krisztus szobra\" alt=\" A Megv\u00e1lt\u00f3 Krisztus szobra\" class=\"zf-media\">\r\n\t\t\t\t\t\t\t\t\t\t<img width=\"728\" height=\"559\" src=\"https:\/\/liked.hu\/old\/wp-content\/uploads\/2020\/09\/Megvalto-krisztus-szobor.jpg\" class=\"\" alt=\"Megvalto krisztus szobor\" loading=\"lazy\" style=\"\" srcset=\"https:\/\/liked.hu\/old\/wp-content\/uploads\/2020\/09\/Megvalto-krisztus-szobor.jpg 728w, https:\/\/liked.hu\/old\/wp-content\/uploads\/2020\/09\/Megvalto-krisztus-szobor-300x230.jpg 300w, https:\/\/liked.hu\/old\/wp-content\/uploads\/2020\/09\/Megvalto-krisztus-szobor-500x384.jpg 500w, https:\/\/liked.hu\/old\/wp-content\/uploads\/2020\/09\/Megvalto-krisztus-szobor-360x276.jpg 360w\" sizes=\"(max-width: 728px) 100vw, 728px\" \/>\t\t\t\t\t\t\t\t\t\t\t<figcaption class=\"zf-figcaption\">\r\n\t\t\t\t\t\t\t\t\t\t\t\t\t\t\t\t\t\t\t\t\t\t\t\t<cite><\/cite>\r\n\r\n\t\t\t\t\t\t\t\t\t\t\t\t\t\t\t\t\t\t\t\t\t\t\t<\/figcaption>\r\n\t\t\t\t\t\t\t\t\t\t\t\t\t\t\t\t\t\t\t<\/div>\r\n\t\t\t\t\t\t\t\t\t<hr \/>\r\n\t\t\t\t\t\t\t\t<\/figure>\r\n\t\t\t\t\t\t\t\t\t\t\t\t\t\t\t\t<div class=\"zf-list_description\"><p>Az ikonikus szobor 709 m\u00e9teres tengerszint feletti magass\u00e1gban tal\u00e1lhat\u00f3 a Corcovado-hegy tetej\u00e9n, Rio de Janeir\u00f3ban. Az eml\u00e9km\u0171 elk\u00e9sz\u00edt\u00e9se 9 \u00e9vig tartott - 1922-t\u0151l 1931-ig. Az \u00e9vek sor\u00e1n a szobrot t\u00f6bbsz\u00f6r is fel\u00faj\u00edtott\u00e1k, a 2000-es \u00e9vekben pedig olyan korszer\u0171 megvil\u00e1g\u00edt\u00e1si rendszert kapott, ami miatt a szobor \u00e9jszaka is rendk\u00edv\u00fcl l\u00e1tv\u00e1nyoss\u00e1 v\u00e1lt. 2007-ben a szobrot hivatalosan is a vil\u00e1g h\u00e9t \u00faj csod\u00e1j\u00e1nak egyik\u00e9v\u00e9 v\u00e1lasztott\u00e1k.<\/p><p style=\"text-align: center\">\n<div style=\"float:none;margin:0px 0 0px 0;text-align:center;\">\n<div class=\"mobileHideke8\"><div class=\"hirdeteshatter\"><div style=\"display: inline-block;width: 50%;min-width:340px;vertical-align: top;\"><div class=\"hirdetes\">HIRDET\u00c9S<\/div>\n<!-- LikedQ81 -->\n<ins class=\"adsbygoogle\"\n     style=\"display:inline-block;width:336px;height:280px\"\n     data-ad-client=\"ca-pub-9424088931673893\"\n     data-ad-slot=\"2436840276\"><\/ins>\n<script async>\n     (adsbygoogle = window.adsbygoogle || []).push({});\n<\/script><\/div><div style=\"display: inline-block;width: 50%;min-width:340px;vertical-align: top;\"><div class=\"hirdetes\">HIRDET\u00c9S<\/div>\n<!-- LikedQ82 -->\n<ins class=\"adsbygoogle\"\n     style=\"display:inline-block;width:336px;height:280px\"\n     data-ad-client=\"ca-pub-9424088931673893\"\n     data-ad-slot=\"3558350253\"><\/ins>\n<script async>\n     (adsbygoogle = window.adsbygoogle || []).push({});\n<\/script><\/div><\/div><\/div>\n<div style=\"display:flex;flex-direction:column;\"><div class=\"mobileShowka8 nyolc\"><div style=\"padding-top:15px;padding-bottom:5px;min-height: 300px;\"><div class=\"hirdetes\">HIRDET\u00c9S<\/div>\n<!-- LikedQ8M -->\n<ins class=\"adsbygoogle\"\n     style=\"display:inline-block;width:336px;height:280px\"\n     data-ad-client=\"ca-pub-9424088931673893\"\n     data-ad-slot=\"4679860235\"><\/ins>\n<script async>\n     (adsbygoogle = window.adsbygoogle || []).push({});\n<\/script><\/div><\/div><\/div><\/div><\/div>\r\n\t\t\t\t\t\t\t\t\t\t\t\t\t<\/li>\r\n\t\t\t\t\t\t\t\t\t\t\t\t<li class=\"zf-list_item\">\r\n\t\t\t\t\t\t\t<div class=\"zf-list_header\">\r\n\t\t\t\t\t\t\t\t<h3 id=\"listaelem9\" class=\"zf-list_title\">\r\n\t\t\t\t\t\t\t\t\t<span class=\"zf-number\">9<\/span>\r\n\t\t\t\t\t\t\t\t\tBroadway, New York\t\t\t\t\t\t\t\t<\/h3>\r\n\t\t\t\t\t\t\t<\/div>\r\n\t\t\t\t\t\t\t\t\t\t\t\t\t\t\t<figure class=\"zf-list_media zf-media-wrapper zf-image zf-type-image\">\r\n\t\t\t\t\t\t\t\t\t<div title=\"Broadway, New York\" alt=\"Broadway, New York\" class=\"zf-media\">\r\n\t\t\t\t\t\t\t\t\t\t<img width=\"728\" height=\"1150\" src=\"https:\/\/liked.hu\/old\/wp-content\/uploads\/2020\/09\/Broadway.jpg\" class=\"\" alt=\"Broadway\" loading=\"lazy\" style=\"\" srcset=\"https:\/\/liked.hu\/old\/wp-content\/uploads\/2020\/09\/Broadway.jpg 728w, https:\/\/liked.hu\/old\/wp-content\/uploads\/2020\/09\/Broadway-190x300.jpg 190w, https:\/\/liked.hu\/old\/wp-content\/uploads\/2020\/09\/Broadway-317x500.jpg 317w, https:\/\/liked.hu\/old\/wp-content\/uploads\/2020\/09\/Broadway-360x569.jpg 360w\" sizes=\"(max-width: 728px) 100vw, 728px\" \/>\t\t\t\t\t\t\t\t\t\t\t<figcaption class=\"zf-figcaption\">\r\n\t\t\t\t\t\t\t\t\t\t\t\t\t\t\t\t\t\t\t\t\t\t\t\t<cite><\/cite>\r\n\r\n\t\t\t\t\t\t\t\t\t\t\t\t\t\t\t\t\t\t\t\t\t\t\t<\/figcaption>\r\n\t\t\t\t\t\t\t\t\t\t\t\t\t\t\t\t\t\t\t<\/div>\r\n\t\t\t\t\t\t\t\t\t<hr \/>\r\n\t\t\t\t\t\t\t\t<\/figure>\r\n\t\t\t\t\t\t\t\t\t\t\t\t\t\t\t\t<div class=\"zf-list_description\"><p>M\u00e1r a 20. sz\u00e1zad k\u00f6zep\u00e9n is rendk\u00edv\u00fcl sz\u00ednes \u00e9s l\u00e1tv\u00e1nyos volt New York v\u00e1ros legismertebb helye. Kevesen tudj\u00e1k azonban, hogy a Broadway eredetileg a Manhattan-sziget mocsarai \u00e9s szikl\u00e1i k\u00f6z\u00f6tt lefektetett elv\u00e1laszt\u00f3 \u00fat volt. (neve is ezt jelenti: sz\u00e9les \u00fat) A Broadway ma t\u00f6bb tucat felh\u0151karcol\u00f3, sz\u00ednh\u00e1zak \u00e9s a t\u00f6m\u00e9ntelen luxus birodalma.<\/p><\/div>\r\n\t\t\t\t\t\t\t\t\t\t\t\t\t<\/li>\r\n\t\t\t\t\t\t\t\t\t\t\t\t<li class=\"zf-list_item\">\r\n\t\t\t\t\t\t\t<div class=\"zf-list_header\">\r\n\t\t\t\t\t\t\t\t<h3 id=\"listaelem10\" class=\"zf-list_title\">\r\n\t\t\t\t\t\t\t\t\t<span class=\"zf-number\">10<\/span>\r\n\t\t\t\t\t\t\t\t\tLincoln-eml\u00e9km\u0171, Washington\t\t\t\t\t\t\t\t<\/h3>\r\n\t\t\t\t\t\t\t<\/div>\r\n\t\t\t\t\t\t\t\t\t\t\t\t\t\t\t<figure class=\"zf-list_media zf-media-wrapper zf-image zf-type-image\">\r\n\t\t\t\t\t\t\t\t\t<div title=\"Lincoln-eml\u00e9km\u0171, Washington\" alt=\"Lincoln-eml\u00e9km\u0171, Washington\" class=\"zf-media\">\r\n\t\t\t\t\t\t\t\t\t\t<img width=\"728\" height=\"1082\" src=\"https:\/\/liked.hu\/old\/wp-content\/uploads\/2020\/09\/Lincoln-emlekmu.jpg\" class=\"\" alt=\"Lincoln emlekmu\" loading=\"lazy\" style=\"\" srcset=\"https:\/\/liked.hu\/old\/wp-content\/uploads\/2020\/09\/Lincoln-emlekmu.jpg 728w, https:\/\/liked.hu\/old\/wp-content\/uploads\/2020\/09\/Lincoln-emlekmu-202x300.jpg 202w, https:\/\/liked.hu\/old\/wp-content\/uploads\/2020\/09\/Lincoln-emlekmu-336x500.jpg 336w, https:\/\/liked.hu\/old\/wp-content\/uploads\/2020\/09\/Lincoln-emlekmu-360x535.jpg 360w\" sizes=\"(max-width: 728px) 100vw, 728px\" \/>\t\t\t\t\t\t\t\t\t\t\t<figcaption class=\"zf-figcaption\">\r\n\t\t\t\t\t\t\t\t\t\t\t\t\t\t\t\t\t\t\t\t\t\t\t\t<cite><\/cite>\r\n\r\n\t\t\t\t\t\t\t\t\t\t\t\t\t\t\t\t\t\t\t\t\t\t\t<\/figcaption>\r\n\t\t\t\t\t\t\t\t\t\t\t\t\t\t\t\t\t\t\t<\/div>\r\n\t\t\t\t\t\t\t\t\t<hr \/>\r\n\t\t\t\t\t\t\t\t<\/figure>\r\n\t\t\t\t\t\t\t\t\t\t\t\t\t\t\t\t<div class=\"zf-list_description\"><p>A Washington k\u00f6zpontj\u00e1ban tal\u00e1lhat\u00f3 eml\u00e9kkomplexumot az Egyes\u00fclt \u00c1llamok 16. eln\u00f6ke, Abraham Lincoln tisztelet\u00e9re \u00e1ll\u00edtott\u00e1k fel. Az \u00e9p\u00edtkez\u00e9s 8 \u00e9vig tartott - 1914-t\u0151l 1922-ig. Az eml\u00e9km\u0171 szimboliz\u00e1lja Lincoln azon ideol\u00f3gi\u00e1j\u00e1t, miszerint minden embernek szabadnak kell lennie. Az eml\u00e9km\u0171 egy\u00e9bk\u00e9nt \u00e9jjel-nappal nyitva tart \u00e9s \u00e9vente t\u00f6bb mint 6 milli\u00f3 turista l\u00e1togatja meg.<\/p><\/div>\r\n\t\t\t\t\t\t\t\t\t\t\t\t\t<\/li>\r\n\t\t\t\t\t\t\t\t\t<\/ol>\r\n\t\t<\/div>\r\n\t<\/div>\r\n\r\n\t<\/div>\r\n\r\n\r\n<!--nextpage--><div id=\"zombify-main-section-front\" class=\"zombify-main-section-front zombify-screen zf-media-full\">\r\n\t<link rel=\"stylesheet\" type=\"text\/css\" href=\"https:\/\/liked.hu\/old\/js\/zombify.css\">\r\n    <link rel=\"stylesheet\" type=\"text\/css\" href=\"https:\/\/liked.hu\/old\/wp-content\/themes\/newsy-child\/style.css\">\r\n\t<div class=\"zf-container\">\r\n\t\t<div id=\"zf-list\" class=\"zf-list zf-numbered\">\r\n\t\t\t<ol class=\"zf-structure-list\">\r\n\t\t\t\t\t\t\t\t\t\t<li class=\"zf-list_item\">\r\n\t\t\t\t\t\t\t<div class=\"zf-list_header\">\r\n\t\t\t\t\t\t\t\t<h3 id=\"listaelem11\" class=\"zf-list_title\">\r\n\t\t\t\t\t\t\t\t\t<span class=\"zf-number\">11<\/span>\r\n\t\t\t\t\t\t\t\t\tNagy szfinx, G\u00edza\t\t\t\t\t\t\t\t<\/h3>\r\n\t\t\t\t\t\t\t<\/div>\r\n\t\t\t\t\t\t\t\t\t\t\t\t\t\t\t<figure class=\"zf-list_media zf-media-wrapper zf-image zf-type-image\">\r\n\t\t\t\t\t\t\t\t\t<div title=\"Nagy szfinx, G\u00edza\" alt=\"Nagy szfinx, G\u00edza\" class=\"zf-media\">\r\n\t\t\t\t\t\t\t\t\t\t<img width=\"728\" height=\"1122\" src=\"https:\/\/liked.hu\/old\/wp-content\/uploads\/2020\/09\/Nagy-szfinx.jpg\" class=\"\" alt=\"Nagy szfinx\" loading=\"lazy\" style=\"\" srcset=\"https:\/\/liked.hu\/old\/wp-content\/uploads\/2020\/09\/Nagy-szfinx.jpg 728w, https:\/\/liked.hu\/old\/wp-content\/uploads\/2020\/09\/Nagy-szfinx-195x300.jpg 195w, https:\/\/liked.hu\/old\/wp-content\/uploads\/2020\/09\/Nagy-szfinx-324x500.jpg 324w, https:\/\/liked.hu\/old\/wp-content\/uploads\/2020\/09\/Nagy-szfinx-360x555.jpg 360w\" sizes=\"(max-width: 728px) 100vw, 728px\" \/>\t\t\t\t\t\t\t\t\t\t\t<figcaption class=\"zf-figcaption\">\r\n\t\t\t\t\t\t\t\t\t\t\t\t\t\t\t\t\t\t\t\t\t\t\t\t<cite><\/cite>\r\n\r\n\t\t\t\t\t\t\t\t\t\t\t\t\t\t\t\t\t\t\t\t\t\t\t<\/figcaption>\r\n\t\t\t\t\t\t\t\t\t\t\t\t\t\t\t\t\t\t\t<\/div>\r\n\t\t\t\t\t\t\t\t\t<hr \/>\r\n\t\t\t\t\t\t\t\t<\/figure>\r\n\t\t\t\t\t\t\t\t\t\t\t\t\t\t\t\t<div class=\"zf-list_description\"><p>Kevesen tudj\u00e1k, hogy az i.e. 2500 k\u00f6r\u00fcl \u00e9p\u00fclt Nagy Szfinxet 150 \u00e9vvel ezel\u0151tt m\u00e9g majdnem teljesen homok bor\u00edtotta. A szfinxet csak 1925-ben \u00e1st\u00e1k ki, 2014-ben pedig hosszadalmas helyre\u00e1ll\u00edt\u00e1son esett \u00e1t, hogy v\u00e9gre fogadni tudja a turist\u00e1kat.<\/p><p style=\"text-align: center\">\n<div style=\"float:none;margin:0px 0 0px 0;text-align:center;\">\n<div class=\"mobileHideke8\"><div class=\"hirdeteshatter\"><div style=\"display: inline-block;width: 50%;min-width:340px;vertical-align: top;\"><div class=\"hirdetes\">HIRDET\u00c9S<\/div>\n<!-- LikedQ81 -->\n<ins class=\"adsbygoogle\"\n     style=\"display:inline-block;width:336px;height:280px\"\n     data-ad-client=\"ca-pub-9424088931673893\"\n     data-ad-slot=\"2436840276\"><\/ins>\n<script async>\n     (adsbygoogle = window.adsbygoogle || []).push({});\n<\/script><\/div><div style=\"display: inline-block;width: 50%;min-width:340px;vertical-align: top;\"><div class=\"hirdetes\">HIRDET\u00c9S<\/div>\n<!-- LikedQ82 -->\n<ins class=\"adsbygoogle\"\n     style=\"display:inline-block;width:336px;height:280px\"\n     data-ad-client=\"ca-pub-9424088931673893\"\n     data-ad-slot=\"3558350253\"><\/ins>\n<script async>\n     (adsbygoogle = window.adsbygoogle || []).push({});\n<\/script><\/div><\/div><\/div>\n<div style=\"display:flex;flex-direction:column;\"><div class=\"mobileShowka8 nyolc\"><div style=\"padding-top:15px;padding-bottom:5px;min-height: 300px;\"><div class=\"hirdetes\">HIRDET\u00c9S<\/div>\n<!-- LikedQ8M -->\n<ins class=\"adsbygoogle\"\n     style=\"display:inline-block;width:336px;height:280px\"\n     data-ad-client=\"ca-pub-9424088931673893\"\n     data-ad-slot=\"4679860235\"><\/ins>\n<script async>\n     (adsbygoogle = window.adsbygoogle || []).push({});\n<\/script><\/div><\/div><\/div><\/div><\/div>\r\n\t\t\t\t\t\t\t\t\t\t\t\t\t<\/li>\r\n\t\t\t\t\t\t\t\t\t\t\t\t<li class=\"zf-list_item\">\r\n\t\t\t\t\t\t\t<div class=\"zf-list_header\">\r\n\t\t\t\t\t\t\t\t<h3 id=\"listaelem12\" class=\"zf-list_title\">\r\n\t\t\t\t\t\t\t\t\t<span class=\"zf-number\">12<\/span>\r\n\t\t\t\t\t\t\t\t\tSan Francisco\t\t\t\t\t\t\t\t<\/h3>\r\n\t\t\t\t\t\t\t<\/div>\r\n\t\t\t\t\t\t\t\t\t\t\t\t\t\t\t<figure class=\"zf-list_media zf-media-wrapper zf-image zf-type-image\">\r\n\t\t\t\t\t\t\t\t\t<div title=\"San Francisco\" alt=\"San Francisco\" class=\"zf-media\">\r\n\t\t\t\t\t\t\t\t\t\t<img width=\"728\" height=\"1122\" src=\"https:\/\/liked.hu\/old\/wp-content\/uploads\/2020\/09\/San-Francisco.jpg\" class=\"\" alt=\"San Francisco\" loading=\"lazy\" style=\"\" srcset=\"https:\/\/liked.hu\/old\/wp-content\/uploads\/2020\/09\/San-Francisco.jpg 728w, https:\/\/liked.hu\/old\/wp-content\/uploads\/2020\/09\/San-Francisco-195x300.jpg 195w, https:\/\/liked.hu\/old\/wp-content\/uploads\/2020\/09\/San-Francisco-324x500.jpg 324w, https:\/\/liked.hu\/old\/wp-content\/uploads\/2020\/09\/San-Francisco-360x555.jpg 360w\" sizes=\"(max-width: 728px) 100vw, 728px\" \/>\t\t\t\t\t\t\t\t\t\t\t<figcaption class=\"zf-figcaption\">\r\n\t\t\t\t\t\t\t\t\t\t\t\t\t\t\t\t\t\t\t\t\t\t\t\t<cite><\/cite>\r\n\r\n\t\t\t\t\t\t\t\t\t\t\t\t\t\t\t\t\t\t\t\t\t\t\t<\/figcaption>\r\n\t\t\t\t\t\t\t\t\t\t\t\t\t\t\t\t\t\t\t<\/div>\r\n\t\t\t\t\t\t\t\t\t<hr \/>\r\n\t\t\t\t\t\t\t\t<\/figure>\r\n\t\t\t\t\t\t\t\t\t\t\t\t\t\t\t\t<div class=\"zf-list_description\"><p>A v\u00e1rost 1776-ban alap\u00edtott\u00e1k, de 1906-ban egy 7,7-es er\u0151ss\u00e9g\u0171 f\u00f6ldreng\u00e9s majdnem teljesen elpuszt\u00edtotta a v\u00e1rost. T\u00f6bbek k\u00f6z\u00f6tt a v\u00edz is el\u00e1rasztotta, amelyik r\u00e9sz\u00e9t pedig nem, ott puszt\u00edt\u00f3 t\u00fczek gyulladtak. 1915-ig tartott, m\u00edg a f\u00f6ldreng\u00e9s ut\u00e1n teljesen helyre \u00e1ll\u00edtott\u00e1k a v\u00e1rost.<\/p><\/div>\r\n\t\t\t\t\t\t\t\t\t\t\t\t\t<\/li>\r\n\t\t\t\t\t\t\t\t\t\t\t\t<li class=\"zf-list_item\">\r\n\t\t\t\t\t\t\t<div class=\"zf-list_header\">\r\n\t\t\t\t\t\t\t\t<h3 id=\"listaelem13\" class=\"zf-list_title\">\r\n\t\t\t\t\t\t\t\t\t<span class=\"zf-number\">13<\/span>\r\n\t\t\t\t\t\t\t\t\tNotre-Dame-sz\u00e9kesegyh\u00e1z, P\u00e1rizs\t\t\t\t\t\t\t\t<\/h3>\r\n\t\t\t\t\t\t\t<\/div>\r\n\t\t\t\t\t\t\t\t\t\t\t\t\t\t\t<figure class=\"zf-list_media zf-media-wrapper zf-image zf-type-image\">\r\n\t\t\t\t\t\t\t\t\t<div title=\"Notre-Dame-sz\u00e9kesegyh\u00e1z, P\u00e1rizs\" alt=\"Notre-Dame-sz\u00e9kesegyh\u00e1z, P\u00e1rizs\" class=\"zf-media\">\r\n\t\t\t\t\t\t\t\t\t\t<img width=\"728\" height=\"1236\" src=\"https:\/\/liked.hu\/old\/wp-content\/uploads\/2020\/09\/Notre-dame.jpg\" class=\"\" alt=\"Notre dame\" loading=\"lazy\" style=\"\" srcset=\"https:\/\/liked.hu\/old\/wp-content\/uploads\/2020\/09\/Notre-dame.jpg 728w, https:\/\/liked.hu\/old\/wp-content\/uploads\/2020\/09\/Notre-dame-177x300.jpg 177w, https:\/\/liked.hu\/old\/wp-content\/uploads\/2020\/09\/Notre-dame-294x500.jpg 294w, https:\/\/liked.hu\/old\/wp-content\/uploads\/2020\/09\/Notre-dame-360x611.jpg 360w\" sizes=\"(max-width: 728px) 100vw, 728px\" \/>\t\t\t\t\t\t\t\t\t\t\t<figcaption class=\"zf-figcaption\">\r\n\t\t\t\t\t\t\t\t\t\t\t\t\t\t\t\t\t\t\t\t\t\t\t\t<cite><\/cite>\r\n\r\n\t\t\t\t\t\t\t\t\t\t\t\t\t\t\t\t\t\t\t\t\t\t\t<\/figcaption>\r\n\t\t\t\t\t\t\t\t\t\t\t\t\t\t\t\t\t\t\t<\/div>\r\n\t\t\t\t\t\t\t\t\t<hr \/>\r\n\t\t\t\t\t\t\t\t<\/figure>\r\n\t\t\t\t\t\t\t\t\t\t\t\t\t\t\t\t<div class=\"zf-list_description\"><p>A francia f\u0151v\u00e1ros m\u00e1sik h\u00edres l\u00e1tv\u00e1nyoss\u00e1ga a Notre-Dame-sz\u00e9kesegyh\u00e1z. Ez a g\u00f3tikus sz\u00e9kesegyh\u00e1z Maurice de Sully p\u00fcsp\u00f6k kezdem\u00e9nyez\u00e9s\u00e9re \u00e9p\u00fclt 1163 \u00e9s 1345 k\u00f6z\u00f6tt. Az elk\u00f6vetkezend\u0151 id\u0151szakban az \u00e9p\u00fclet kisebb-nagyobb v\u00e1ltoztat\u00e1sokon ment \u00e1t. 2019. \u00e1prilis 25-\u00e9n egy t\u0171z s\u00falyosan megrong\u00e1lta, a helyre\u00e1ll\u00edt\u00e1sa pedig m\u00e9g jelenleg is tart - a tervek szerin 2024-re lesz teljesen k\u00e9sz.<\/p><p style=\"text-align: center\">\n<div style=\"float:none;margin:0px 0 0px 0;text-align:center;\">\n<div class=\"mobileHideke5\"><div style=\"margin-top:25px;\"><div class=\"hirdeteshatter\"><div style=\"display: inline-block;width: 50%;min-width:305px;vertical-align: top;\"><div class=\"hirdetes\">HIRDET\u00c9S<\/div>\n<!-- LikedQ51 -->\n<ins class=\"adsbygoogle\"\n     style=\"display:inline-block;width:300px;height:250px\"\n     data-ad-client=\"ca-pub-9424088931673893\"\n     data-ad-slot=\"8284063326\"><\/ins>\n<script async>\n     (adsbygoogle = window.adsbygoogle || []).push({});\n<\/script><\/div><div style=\"display: inline-block;width: 50%;min-width:305px;vertical-align: top;\"><div class=\"hirdetes\">HIRDET\u00c9S<\/div>\n<!-- LikedQ52 -->\n<ins class=\"adsbygoogle\"\n     style=\"display:inline-block;width:300px;height:250px\"\n     data-ad-client=\"ca-pub-9424088931673893\"\n     data-ad-slot=\"2840164950\"><\/ins>\n<script async>\n     (adsbygoogle = window.adsbygoogle || []).push({});\n<\/script><\/div><\/div><\/div><\/div>\n<div style=\"display:flex;flex-direction:column;\"><div class=\"mobileShowka5\"><div style=\"padding-top:10px;padding-bottom:10px;min-height: 300px;\"><div class=\"hirdetes\">HIRDET\u00c9S<\/div>\n<!-- LikedQ5M -->\n<ins class=\"adsbygoogle\"\n     style=\"display:inline-block;width:300px;height:250px\"\n     data-ad-client=\"ca-pub-9424088931673893\"\n     data-ad-slot=\"9022429928\"><\/ins>\n<script async>\n     (adsbygoogle = window.adsbygoogle || []).push({});\n<\/script><\/div><\/div><\/div><\/div><\/div>\r\n\t\t\t\t\t\t\t\t\t\t\t\t\t<\/li>\r\n\t\t\t\t\t\t\t\t\t\t\t\t<li class=\"zf-list_item\">\r\n\t\t\t\t\t\t\t<div class=\"zf-list_header\">\r\n\t\t\t\t\t\t\t\t<h3 id=\"listaelem14\" class=\"zf-list_title\">\r\n\t\t\t\t\t\t\t\t\t<span class=\"zf-number\">14<\/span>\r\n\t\t\t\t\t\t\t\t\tTower Bridge, London\t\t\t\t\t\t\t\t<\/h3>\r\n\t\t\t\t\t\t\t<\/div>\r\n\t\t\t\t\t\t\t\t\t\t\t\t\t\t\t<figure class=\"zf-list_media zf-media-wrapper zf-image zf-type-image\">\r\n\t\t\t\t\t\t\t\t\t<div title=\"Tower Bridge, London\" alt=\"Tower Bridge, London\" class=\"zf-media\">\r\n\t\t\t\t\t\t\t\t\t\t<img width=\"728\" height=\"1122\" src=\"https:\/\/liked.hu\/old\/wp-content\/uploads\/2020\/09\/Tower-bridge.jpg\" class=\"\" alt=\"Tower bridge\" loading=\"lazy\" style=\"\" srcset=\"https:\/\/liked.hu\/old\/wp-content\/uploads\/2020\/09\/Tower-bridge.jpg 728w, https:\/\/liked.hu\/old\/wp-content\/uploads\/2020\/09\/Tower-bridge-195x300.jpg 195w, https:\/\/liked.hu\/old\/wp-content\/uploads\/2020\/09\/Tower-bridge-324x500.jpg 324w, https:\/\/liked.hu\/old\/wp-content\/uploads\/2020\/09\/Tower-bridge-360x555.jpg 360w\" sizes=\"(max-width: 728px) 100vw, 728px\" \/>\t\t\t\t\t\t\t\t\t\t\t<figcaption class=\"zf-figcaption\">\r\n\t\t\t\t\t\t\t\t\t\t\t\t\t\t\t\t\t\t\t\t\t\t\t\t<cite><\/cite>\r\n\r\n\t\t\t\t\t\t\t\t\t\t\t\t\t\t\t\t\t\t\t\t\t\t\t<\/figcaption>\r\n\t\t\t\t\t\t\t\t\t\t\t\t\t\t\t\t\t\t\t<\/div>\r\n\t\t\t\t\t\t\t\t\t<hr \/>\r\n\t\t\t\t\t\t\t\t<\/figure>\r\n\t\t\t\t\t\t\t\t\t\t\t\t\t\t\t\t<div class=\"zf-list_description\"><p>A Tower Bridge egy kombin\u00e1lt felvon\u00f3h\u00edd London k\u00f6zpontj\u00e1ban. \u00c9p\u00edt\u00e9se 1886-ban kezd\u0151d\u00f6tt, \u00e9s 1894-ben nyitott\u00e1k meg. A h\u00edd fels\u0151 r\u00e9sz\u00e9n tal\u00e1lhat\u00f3 gal\u00e9ria nagyon hamar nagyon n\u00e9pszer\u0171 lett a turist\u00e1k k\u00f6r\u00e9ben, de sajnos nem csak az \u0151 k\u00f6r\u00fckben, hanem a zsebtolvajok\u00e9ban is. Olyannyira elharap\u00f3zott a tolvajl\u00e1s, hogy 1910-ben bez\u00e1rt\u00e1k a h\u00edd gal\u00e9ria r\u00e9sz\u00e9t, amit azt\u00e1n csak 1982-ben nyitottak \u00fajra, m\u00fazeumk\u00e9nt. \u00c9rdekess\u00e9g, hogy 1977-ben a kir\u00e1lyn\u0151 \u00e9vfordul\u00f3j\u00e1nak eml\u00e9k\u00e9re a hidat v\u00f6r\u00f6sre, feh\u00e9rre \u00e9s k\u00e9kre festett\u00e9k.<\/p><\/div>\r\n\t\t\t\t\t\t\t\t\t\t\t\t\t<\/li>\r\n\t\t\t\t\t\t\t\t\t\t\t\t<li class=\"zf-list_item\">\r\n\t\t\t\t\t\t\t<div class=\"zf-list_header\">\r\n\t\t\t\t\t\t\t\t<h3 id=\"listaelem15\" class=\"zf-list_title\">\r\n\t\t\t\t\t\t\t\t\t<span class=\"zf-number\">15<\/span>\r\n\t\t\t\t\t\t\t\t\tR\u00f3mai Colosseum\t\t\t\t\t\t\t\t<\/h3>\r\n\t\t\t\t\t\t\t<\/div>\r\n\t\t\t\t\t\t\t\t\t\t\t\t\t\t\t<figure class=\"zf-list_media zf-media-wrapper zf-image zf-type-image\">\r\n\t\t\t\t\t\t\t\t\t<div title=\"R\u00f3mai Colosseum\" alt=\"R\u00f3mai Colosseum\" class=\"zf-media\">\r\n\t\t\t\t\t\t\t\t\t\t<img width=\"728\" height=\"1122\" src=\"https:\/\/liked.hu\/old\/wp-content\/uploads\/2020\/09\/Romai-colosseum.jpg\" class=\"\" alt=\"Romai colosseum\" loading=\"lazy\" style=\"\" srcset=\"https:\/\/liked.hu\/old\/wp-content\/uploads\/2020\/09\/Romai-colosseum.jpg 728w, https:\/\/liked.hu\/old\/wp-content\/uploads\/2020\/09\/Romai-colosseum-195x300.jpg 195w, https:\/\/liked.hu\/old\/wp-content\/uploads\/2020\/09\/Romai-colosseum-324x500.jpg 324w, https:\/\/liked.hu\/old\/wp-content\/uploads\/2020\/09\/Romai-colosseum-360x555.jpg 360w\" sizes=\"(max-width: 728px) 100vw, 728px\" \/>\t\t\t\t\t\t\t\t\t\t\t<figcaption class=\"zf-figcaption\">\r\n\t\t\t\t\t\t\t\t\t\t\t\t\t\t\t\t\t\t\t\t\t\t\t\t<cite><\/cite>\r\n\r\n\t\t\t\t\t\t\t\t\t\t\t\t\t\t\t\t\t\t\t\t\t\t\t<\/figcaption>\r\n\t\t\t\t\t\t\t\t\t\t\t\t\t\t\t\t\t\t\t<\/div>\r\n\t\t\t\t\t\t\t\t\t<hr \/>\r\n\t\t\t\t\t\t\t\t<\/figure>\r\n\t\t\t\t\t\t\t\t\t\t\t\t\t\t\t\t<div class=\"zf-list_description\"><p>Az \u00f3kori g\u00f6r\u00f6g amfite\u00e1trumot az \u00f3kori vil\u00e1g egyik leggrandi\u00f3zusabb \u00e9p\u00edtm\u00e9ny\u00e9nek tartj\u00e1k, amely a mai napig \u00e1llva maradt. Id\u0151sz\u00e1m\u00edt\u00e1sunk ut\u00e1n 70 \u00e9s 80 k\u00f6z\u00f6tt \u00e9p\u00edtette Titus r\u00f3mai cs\u00e1sz\u00e1r. 1349-ben hatalmas f\u00f6ldreng\u00e9s \u00e9rte a Colosseumot, \u00e9s ezut\u00e1n elkezdt\u00e9k sz\u00e9thordani a benne tal\u00e1lhat\u00f3 \u00e9p\u00edt\u0151anyagokat. Szerencs\u00e9re a 18. sz\u00e1zadban megv\u00e1ltozott az \u00e9p\u00fclethez val\u00f3 hozz\u00e1\u00e1ll\u00e1s, amikor XIV. Benedek p\u00e1pa a v\u00e9delme al\u00e1 vette az \u00e9p\u00edtm\u00e9nyt, \u00e9s elrendelte az \u00fajj\u00e1\u00e9p\u00edts\u00e9s\u00e9t.<\/p><p>\u201eAm\u00edg a Colosseum \u00e1ll, \u00e1llni fog R\u00f3ma, ha elpusztul, elpusztul R\u00f3ma \u00e9s a vil\u00e1g is\u201d \u2013 \u00edrta az \u00f3ri\u00e1si \u00e9p\u00edtm\u00e9nyr\u0151l Beda Venerabilis angolsz\u00e1sz egyh\u00e1zi \u00edr\u00f3.<\/p><\/div>\r\n\t\t\t\t\t\t\t\t\t\t\t\t\t<\/li>\r\n\t\t\t\t\t\t\t\t\t\t\t\t<li class=\"zf-list_item\">\r\n\t\t\t\t\t\t\t<div class=\"zf-list_header\">\r\n\t\t\t\t\t\t\t\t<h3 id=\"listaelem16\" class=\"zf-list_title\">\r\n\t\t\t\t\t\t\t\t\t<span class=\"zf-number\">16<\/span>\r\n\t\t\t\t\t\t\t\t\tStonehenge, Anglia\t\t\t\t\t\t\t\t<\/h3>\r\n\t\t\t\t\t\t\t<\/div>\r\n\t\t\t\t\t\t\t\t\t\t\t\t\t\t\t<figure class=\"zf-list_media zf-media-wrapper zf-image zf-type-image\">\r\n\t\t\t\t\t\t\t\t\t<div title=\"Stonehenge, Anglia\" alt=\"Stonehenge, Anglia\" class=\"zf-media\">\r\n\t\t\t\t\t\t\t\t\t\t<img width=\"728\" height=\"1058\" src=\"https:\/\/liked.hu\/old\/wp-content\/uploads\/2020\/09\/Stonehenge.jpg\" class=\"\" alt=\"Stonehenge\" loading=\"lazy\" style=\"\" srcset=\"https:\/\/liked.hu\/old\/wp-content\/uploads\/2020\/09\/Stonehenge.jpg 728w, https:\/\/liked.hu\/old\/wp-content\/uploads\/2020\/09\/Stonehenge-206x300.jpg 206w, https:\/\/liked.hu\/old\/wp-content\/uploads\/2020\/09\/Stonehenge-344x500.jpg 344w, https:\/\/liked.hu\/old\/wp-content\/uploads\/2020\/09\/Stonehenge-360x523.jpg 360w\" sizes=\"(max-width: 728px) 100vw, 728px\" \/>\t\t\t\t\t\t\t\t\t\t\t<figcaption class=\"zf-figcaption\">\r\n\t\t\t\t\t\t\t\t\t\t\t\t\t\t\t\t\t\t\t\t\t\t\t\t<cite><\/cite>\r\n\r\n\t\t\t\t\t\t\t\t\t\t\t\t\t\t\t\t\t\t\t\t\t\t\t<\/figcaption>\r\n\t\t\t\t\t\t\t\t\t\t\t\t\t\t\t\t\t\t\t<\/div>\r\n\t\t\t\t\t\t\t\t\t<hr \/>\r\n\t\t\t\t\t\t\t\t<\/figure>\r\n\t\t\t\t\t\t\t\t\t\t\t\t\t\t\t\t<div class=\"zf-list_description\"><p>A vil\u00e1g egyik legh\u00edresebb r\u00e9g\u00e9szeti lel\u0151helye gy\u0171r\u0171s \u00e9s patk\u00f3 alak\u00fa \u00e9p\u00edtm\u00e9nyekb\u0151l \u00e1ll. A Stonehenge-t i.e. 3000 \u00e9s 2000 k\u00f6z\u00f6tt \u00e9p\u00edtett\u00e9k. Amint a fenti k\u00e9pen is l\u00e1that\u00f3, a 20. sz\u00e1zad elej\u00e9ig teljesen m\u00e1sk\u00e9pp n\u00e9zett ki: t\u00f6bb eleme sz\u00e9tesett \u00e9s nagyon rozoga volt a szerkezete. 1901-t\u0151l 1965-ig tartott, m\u00edg teljesen helyre\u00e1ll\u00edtott\u00e1k.<\/p><p style=\"text-align: center\">\n<div style=\"float:none;margin:0px 0 0px 0;text-align:center;\">\n<div class=\"mobileHideke8\"><div style=\"margin-top:25px;\"><div class=\"hirdeteshatter\"><div style=\"display: inline-block;width: 50%;min-width:340px;vertical-align: top;\"><div class=\"hirdetes\">HIRDET\u00c9S<\/div>\n<!-- Liked7Q1 -->\n<ins class=\"adsbygoogle\"\n     style=\"display:inline-block;width:336px;height:280px\"\n     data-ad-client=\"ca-pub-9424088931673893\"\n     data-ad-slot=\"3022062587\"><\/ins>\n<script async>\n     (adsbygoogle = window.adsbygoogle || []).push({});\n<\/script><\/div><div style=\"display: inline-block;width: 50%;min-width:340px;vertical-align: top;\"><div class=\"hirdetes\">HIRDET\u00c9S<\/div>\n<!-- Liked7Q2 -->\n<ins class=\"adsbygoogle\"\n     style=\"display:inline-block;width:336px;height:280px\"\n     data-ad-client=\"ca-pub-9424088931673893\"\n     data-ad-slot=\"3952000871\"><\/ins>\n<script async>\n     (adsbygoogle = window.adsbygoogle || []).push({});\n<\/script><\/div><\/div><\/div><\/div>\n<div style=\"display:flex;flex-direction:column;\"><div class=\"mobileShowka8\"><div style=\"padding-top:15px;margin-bottom:15px;min-height: 300px;\"><div class=\"hirdetes\">HIRDET\u00c9S<\/div>\n<!-- Liked7QMobil -->\n<ins class=\"adsbygoogle\"\n     style=\"display:inline-block;width:336px;height:280px\"\n     data-ad-client=\"ca-pub-9424088931673893\"\n     data-ad-slot=\"5073510857\"><\/ins>\n<script async>\n     (adsbygoogle = window.adsbygoogle || []).push({});\n<\/script><\/div><\/div><\/div><\/div><\/div>\r\n\t\t\t\t\t\t\t\t\t\t\t\t\t<\/li>\r\n\t\t\t\t\t\t\t\t\t\t\t\t<li class=\"zf-list_item\">\r\n\t\t\t\t\t\t\t<div class=\"zf-list_header\">\r\n\t\t\t\t\t\t\t\t<h3 id=\"listaelem17\" class=\"zf-list_title\">\r\n\t\t\t\t\t\t\t\t\t<span class=\"zf-number\">17<\/span>\r\n\t\t\t\t\t\t\t\t\tChich\u00e9n Itz\u00e1, Mexik\u00f3\t\t\t\t\t\t\t\t<\/h3>\r\n\t\t\t\t\t\t\t<\/div>\r\n\t\t\t\t\t\t\t\t\t\t\t\t\t\t\t<figure class=\"zf-list_media zf-media-wrapper zf-image zf-type-image\">\r\n\t\t\t\t\t\t\t\t\t<div title=\"Chich\u00e9n Itz\u00e1, Mexik\u00f3\" alt=\"Chich\u00e9n Itz\u00e1, Mexik\u00f3\" class=\"zf-media\">\r\n\t\t\t\t\t\t\t\t\t\t<img width=\"728\" height=\"1120\" src=\"https:\/\/liked.hu\/old\/wp-content\/uploads\/2020\/09\/Kukulkan-templom.jpg\" class=\"\" alt=\"Kukulkan templom\" loading=\"lazy\" style=\"\" srcset=\"https:\/\/liked.hu\/old\/wp-content\/uploads\/2020\/09\/Kukulkan-templom.jpg 728w, https:\/\/liked.hu\/old\/wp-content\/uploads\/2020\/09\/Kukulkan-templom-195x300.jpg 195w, https:\/\/liked.hu\/old\/wp-content\/uploads\/2020\/09\/Kukulkan-templom-325x500.jpg 325w, https:\/\/liked.hu\/old\/wp-content\/uploads\/2020\/09\/Kukulkan-templom-360x554.jpg 360w\" sizes=\"(max-width: 728px) 100vw, 728px\" \/>\t\t\t\t\t\t\t\t\t\t\t<figcaption class=\"zf-figcaption\">\r\n\t\t\t\t\t\t\t\t\t\t\t\t\t\t\t\t\t\t\t\t\t\t\t\t<cite><\/cite>\r\n\r\n\t\t\t\t\t\t\t\t\t\t\t\t\t\t\t\t\t\t\t\t\t\t\t<\/figcaption>\r\n\t\t\t\t\t\t\t\t\t\t\t\t\t\t\t\t\t\t\t<\/div>\r\n\t\t\t\t\t\t\t\t\t<hr \/>\r\n\t\t\t\t\t\t\t\t<\/figure>\r\n\t\t\t\t\t\t\t\t\t\t\t\t\t\t\t\t<div class=\"zf-list_description\"><p>A Kukulkan-piramis egy kultikus szerkezet, amire az \u0151si maja v\u00e1ros, a Chich\u00e9n Itz\u00e1 romjai k\u00f6z\u00f6tt bukkantak a r\u00e9g\u00e9szek. A piramist a 8. \u00e9s 12. sz\u00e1zad k\u00f6z\u00f6tt \u00e9p\u00edtett\u00e9k. A 20. sz\u00e1zad elej\u00e9n a templomot s\u0171r\u0171 n\u00f6v\u00e9nyzet bor\u00edtotta, de az 1930-as \u00e9vekben kezd\u0151d\u0151 \u00e1sat\u00e1sok \u00e9s helyre\u00e1ll\u00edt\u00e1si munk\u00e1k ut\u00e1n a turist\u00e1k sz\u00e1m\u00e1ra is megnyitott\u00e1k.<\/p><\/div>\r\n\t\t\t\t\t\t\t\t\t\t\t\t\t<\/li>\r\n\t\t\t\t\t\t\t\t\t\t\t\t<li class=\"zf-list_item\">\r\n\t\t\t\t\t\t\t<div class=\"zf-list_header\">\r\n\t\t\t\t\t\t\t\t<h3 id=\"listaelem18\" class=\"zf-list_title\">\r\n\t\t\t\t\t\t\t\t\t<span class=\"zf-number\">18<\/span>\r\n\t\t\t\t\t\t\t\t\tParthenon, Ath\u00e9n\t\t\t\t\t\t\t\t<\/h3>\r\n\t\t\t\t\t\t\t<\/div>\r\n\t\t\t\t\t\t\t\t\t\t\t\t\t\t\t<figure class=\"zf-list_media zf-media-wrapper zf-image zf-type-image\">\r\n\t\t\t\t\t\t\t\t\t<div title=\"Parthenon, Ath\u00e9n\" alt=\"Parthenon, Ath\u00e9n\" class=\"zf-media\">\r\n\t\t\t\t\t\t\t\t\t\t<img width=\"728\" height=\"1120\" src=\"https:\/\/liked.hu\/old\/wp-content\/uploads\/2020\/09\/Parthenon.jpg\" class=\"\" alt=\"Parthenon\" loading=\"lazy\" style=\"\" srcset=\"https:\/\/liked.hu\/old\/wp-content\/uploads\/2020\/09\/Parthenon.jpg 728w, https:\/\/liked.hu\/old\/wp-content\/uploads\/2020\/09\/Parthenon-195x300.jpg 195w, https:\/\/liked.hu\/old\/wp-content\/uploads\/2020\/09\/Parthenon-325x500.jpg 325w, https:\/\/liked.hu\/old\/wp-content\/uploads\/2020\/09\/Parthenon-360x554.jpg 360w\" sizes=\"(max-width: 728px) 100vw, 728px\" \/>\t\t\t\t\t\t\t\t\t\t\t<figcaption class=\"zf-figcaption\">\r\n\t\t\t\t\t\t\t\t\t\t\t\t\t\t\t\t\t\t\t\t\t\t\t\t<cite><\/cite>\r\n\r\n\t\t\t\t\t\t\t\t\t\t\t\t\t\t\t\t\t\t\t\t\t\t\t<\/figcaption>\r\n\t\t\t\t\t\t\t\t\t\t\t\t\t\t\t\t\t\t\t<\/div>\r\n\t\t\t\t\t\t\t\t\t<hr \/>\r\n\t\t\t\t\t\t\t\t<\/figure>\r\n\t\t\t\t\t\t\t\t\t\t\t\t\t\t\t\t<div class=\"zf-list_description\"><p>Az \u00f3kori g\u00f6r\u00f6g templom, az \u00f3kori \u00e9p\u00edt\u00e9szet eml\u00e9km\u0171ve, Athena istenn\u0151 tisztelet\u00e9re \u00e9p\u00fclt i.e. 447 \u00e9s i.e. 438 k\u00f6z\u00f6tt. Neh\u00e9z megmondani, hogy hogyan is n\u00e9zhetett ki a Parthenon kezdetben, de 1846-ban egy n\u00e9met \u00e9p\u00edt\u00e9sz lerajzolta, hogy v\u00e9lem\u00e9nye szerint milyen is volt az Akropolisz a legjobb \u00e9veiben. 1687-ben fegyverrakt\u00e1rk\u00e9nt haszn\u00e1lt\u00e1k, \u00e9s komoly s\u00e9r\u00fcl\u00e9seket szerzett, amikor egy \u00e1gy\u00fagoly\u00f3 eltal\u00e1lta, \u00e9s felrobbantotta a benne tal\u00e1lhat\u00f3 l\u0151szereket. A robban\u00e1s olyan er\u0151s \u00e9s hatalmas k\u00e1rokat okozott, hogy a Parthenon m\u00e9g ma is romos \u00e1llapotban van, hab\u00e1r a helyre\u00e1ll\u00edt\u00e1si munk\u00e1latok folyamatosan tartanak.<\/p><\/div>\r\n\t\t\t\t\t\t\t\t\t\t\t\t\t<\/li>\r\n\t\t\t\t\t\t\t\t\t\t\t\t<li class=\"zf-list_item\">\r\n\t\t\t\t\t\t\t<div class=\"zf-list_header\">\r\n\t\t\t\t\t\t\t\t<h3 id=\"listaelem19\" class=\"zf-list_title\">\r\n\t\t\t\t\t\t\t\t\t<span class=\"zf-number\">19<\/span>\r\n\t\t\t\t\t\t\t\t\tBurj Khalifa, Dubaj\t\t\t\t\t\t\t\t<\/h3>\r\n\t\t\t\t\t\t\t<\/div>\r\n\t\t\t\t\t\t\t\t\t\t\t\t\t\t\t<figure class=\"zf-list_media zf-media-wrapper zf-image zf-type-image\">\r\n\t\t\t\t\t\t\t\t\t<div title=\"Burj Khalifa, Dubaj\" alt=\"Burj Khalifa, Dubaj\" class=\"zf-media\">\r\n\t\t\t\t\t\t\t\t\t\t<img width=\"728\" height=\"641\" src=\"https:\/\/liked.hu\/old\/wp-content\/uploads\/2020\/09\/Burj-Khalifa.jpg\" class=\"\" alt=\"Burj Khalifa\" loading=\"lazy\" style=\"\" srcset=\"https:\/\/liked.hu\/old\/wp-content\/uploads\/2020\/09\/Burj-Khalifa.jpg 728w, https:\/\/liked.hu\/old\/wp-content\/uploads\/2020\/09\/Burj-Khalifa-300x264.jpg 300w, https:\/\/liked.hu\/old\/wp-content\/uploads\/2020\/09\/Burj-Khalifa-500x440.jpg 500w, https:\/\/liked.hu\/old\/wp-content\/uploads\/2020\/09\/Burj-Khalifa-360x317.jpg 360w\" sizes=\"(max-width: 728px) 100vw, 728px\" \/>\t\t\t\t\t\t\t\t\t\t\t<figcaption class=\"zf-figcaption\">\r\n\t\t\t\t\t\t\t\t\t\t\t\t\t\t\t\t\t\t\t\t\t\t\t\t<cite><\/cite>\r\n\r\n\t\t\t\t\t\t\t\t\t\t\t\t\t\t\t\t\t\t\t\t\t\t\t<\/figcaption>\r\n\t\t\t\t\t\t\t\t\t\t\t\t\t\t\t\t\t\t\t<\/div>\r\n\t\t\t\t\t\t\t\t\t<hr \/>\r\n\t\t\t\t\t\t\t\t<\/figure>\r\n\t\t\t\t\t\t\t\t\t\t\t\t\t\t\t\t<div class=\"zf-list_description\"><p>Ez a leny\u0171g\u00f6z\u0151, 828 m\u00e9ter magas felh\u0151karcol\u00f3 Dubajban tal\u00e1lhat\u00f3, \u00e9s a mai napig a legmagasabb \u00e9p\u00fclet a F\u00f6ld\u00f6n. \u00c9p\u00edt\u00e9se 2004-ben kezd\u0151d\u00f6tt, a hatalmas ac\u00e9l v\u00e1za pedig 2008-ra k\u00e9sz\u00fclt el. A felh\u0151karcol\u00f3 2010-ben nyitott meg a vend\u00e9gek el\u0151tt.<\/p><\/div>\r\n\t\t\t\t\t\t\t\t\t\t\t\t\t<\/li>\r\n\t\t\t\t\t\t\t\t\t<\/ol>\r\n\t\t<\/div>\r\n\t<\/div>\r\n\r\n\t<\/div>\n","protected":false},"excerpt":{"rendered":"<p>A f\u00e9nyk\u00e9p\u00e9szet feltal\u00e1l\u00e1s\u00e1nak k\u00f6sz\u00f6nhetj\u00fck azt a t\u00e9nyt, hogy ak\u00e1r azt is meg tudjuk n\u00e9zni napjainkban, hogyan n\u00e9ztek ki a vil\u00e1g legh\u00edresebb nevezetess\u00e9gei 100-200 \u00e9vvel ezel\u0151tt. A legt\u00f6bbj\u00fck k\u00f6zel sem volt olyan l\u00e1tv\u00e1nyos, mint napjainkban, m\u00edg m\u00e1sok \u00e9pp ellenkez\u0151leg: sz\u00e9pen megfakultak az id\u0151k sor\u00e1n. Vannak olyan v\u00e1rosok, amelyek eset\u00e9ben k\u00fcl\u00f6n\u00f6sen szembet\u0171n\u0151 ez a v\u00e1ltoz\u00e1s, \u00e9s az \u201eel\u0151tte\u201d fot\u00f3ikat n\u00e9zegetve olyan \u00e9rz\u00e9s\u00fcnk van, mintha egy teljesen m\u00e1s v\u00e1rost \u00e1br\u00e1zolna a k\u00e9p.<\/p>\n","protected":false},"author":13,"featured_media":224457,"comment_status":"open","ping_status":"closed","sticky":false,"template":"","format":"standard","meta":{"buzzeditor_post_format":""},"categories":[23],"tags":[3849,2163,2690,2737,2763],"yoast_head":"<!-- This site is optimized with the Yoast SEO plugin v19.6.1 - https:\/\/yoast.com\/wordpress\/plugins\/seo\/ -->\n<title>\u00cdgy n\u00e9zett ki a vil\u00e1g 19 legh\u00edresebb l\u00e1tnival\u00f3ja, miel\u0151tt m\u00e9g a turist\u00e1k el\u00e1rasztott\u00e1k \u0151ket<\/title>\n<meta name=\"description\" content=\"A f\u00e9nyk\u00e9p\u00e9szet feltal\u00e1l\u00e1s\u00e1nak k\u00f6sz\u00f6nhetj\u00fck azt a t\u00e9nyt, hogy ak\u00e1r azt is meg tudjuk n\u00e9zni napjainkban, hogyan n\u00e9ztek ki a vil\u00e1g legh\u00edresebb nevezetess\u00e9gei 100-200 \u00e9vvel ezel\u0151tt. A legt\u00f6bbj\u00fck k\u00f6zel sem volt olyan l\u00e1tv\u00e1nyos, mint napjainkban, m\u00edg m\u00e1sok \u00e9pp ellenkez\u0151leg: sz\u00e9pen megfakultak az id\u0151k sor\u00e1n. Vannak olyan v\u00e1rosok, amelyek eset\u00e9ben k\u00fcl\u00f6n\u00f6sen szembet\u0171n\u0151 ez a v\u00e1ltoz\u00e1s, \u00e9s az \u201eel\u0151tte\u201d fot\u00f3ikat n\u00e9zegetve olyan \u00e9rz\u00e9s\u00fcnk van, mintha egy teljesen m\u00e1s v\u00e1rost \u00e1br\u00e1zolna a k\u00e9p.\" \/>\n<meta name=\"robots\" content=\"index, follow, max-snippet:-1, max-image-preview:large, max-video-preview:-1\" \/>\n<link rel=\"canonical\" href=\"https:\/\/liked.hu\/old\/erdekes\/igy-nezett-ki-a-vilag-19-leghiresebb-latnivaloja-mielott-meg-a-turistak-elarasztottak-oket\/\" \/>\n<meta property=\"og:locale\" content=\"hu_HU\" \/>\n<meta property=\"og:type\" content=\"article\" \/>\n<meta property=\"og:title\" content=\"\u00cdgy n\u00e9zett ki a vil\u00e1g 19 legh\u00edresebb l\u00e1tnival\u00f3ja, miel\u0151tt m\u00e9g a turist\u00e1k el\u00e1rasztott\u00e1k \u0151ket\" \/>\n<meta property=\"og:description\" content=\"A f\u00e9nyk\u00e9p\u00e9szet feltal\u00e1l\u00e1s\u00e1nak k\u00f6sz\u00f6nhetj\u00fck azt a t\u00e9nyt, hogy ak\u00e1r azt is meg tudjuk n\u00e9zni napjainkban, hogyan n\u00e9ztek ki a vil\u00e1g legh\u00edresebb nevezetess\u00e9gei 100-200 \u00e9vvel ezel\u0151tt. A legt\u00f6bbj\u00fck k\u00f6zel sem volt olyan l\u00e1tv\u00e1nyos, mint napjainkban, m\u00edg m\u00e1sok \u00e9pp ellenkez\u0151leg: sz\u00e9pen megfakultak az id\u0151k sor\u00e1n. Vannak olyan v\u00e1rosok, amelyek eset\u00e9ben k\u00fcl\u00f6n\u00f6sen szembet\u0171n\u0151 ez a v\u00e1ltoz\u00e1s, \u00e9s az \u201eel\u0151tte\u201d fot\u00f3ikat n\u00e9zegetve olyan \u00e9rz\u00e9s\u00fcnk van, mintha egy teljesen m\u00e1s v\u00e1rost \u00e1br\u00e1zolna a k\u00e9p.\" \/>\n<meta property=\"og:url\" content=\"https:\/\/liked.hu\/old\/erdekes\/igy-nezett-ki-a-vilag-19-leghiresebb-latnivaloja-mielott-meg-a-turistak-elarasztottak-oket\/\" \/>\n<meta property=\"og:site_name\" content=\"Liked.hu\" \/>\n<meta property=\"article:publisher\" content=\"https:\/\/www.facebook.com\/liked.hu\" \/>\n<meta property=\"article:published_time\" content=\"2020-12-31T11:32:04+00:00\" \/>\n<meta property=\"article:modified_time\" content=\"2020-12-31T11:32:55+00:00\" \/>\n<meta property=\"og:image\" content=\"https:\/\/liked.hu\/old\/wp-content\/uploads\/2020\/09\/Vilaghiru-latvanyossagok-regen-es-most.jpg\" \/>\n\t<meta property=\"og:image:width\" content=\"1200\" \/>\n\t<meta property=\"og:image:height\" content=\"630\" \/>\n\t<meta property=\"og:image:type\" content=\"image\/jpeg\" \/>\n<meta name=\"author\" content=\"Klingstrom\" \/>\n<meta name=\"twitter:card\" content=\"summary\" \/>\n<meta name=\"twitter:creator\" content=\"@LikedHu\" \/>\n<meta name=\"twitter:site\" content=\"@LikedHu\" \/>\n<meta name=\"twitter:label1\" content=\"Szerz\u0151:\" \/>\n\t<meta name=\"twitter:data1\" content=\"Klingstrom\" \/>\n<script type=\"application\/ld+json\" class=\"yoast-schema-graph\">{\"@context\":\"https:\/\/schema.org\",\"@graph\":[{\"@type\":\"Article\",\"@id\":\"https:\/\/liked.hu\/old\/erdekes\/igy-nezett-ki-a-vilag-19-leghiresebb-latnivaloja-mielott-meg-a-turistak-elarasztottak-oket\/#article\",\"isPartOf\":{\"@id\":\"https:\/\/liked.hu\/old\/erdekes\/igy-nezett-ki-a-vilag-19-leghiresebb-latnivaloja-mielott-meg-a-turistak-elarasztottak-oket\/\"},\"author\":{\"name\":\"Klingstrom\",\"@id\":\"https:\/\/liked.hu\/old\/#\/schema\/person\/1c8d3f8764991e8dcd6572a7de72da8a\"},\"headline\":\"\u00cdgy n\u00e9zett ki a vil\u00e1g 19 legh\u00edresebb l\u00e1tnival\u00f3ja, miel\u0151tt m\u00e9g a turist\u00e1k el\u00e1rasztott\u00e1k \u0151ket\",\"datePublished\":\"2020-12-31T11:32:04+00:00\",\"dateModified\":\"2020-12-31T11:32:55+00:00\",\"mainEntityOfPage\":{\"@id\":\"https:\/\/liked.hu\/old\/erdekes\/igy-nezett-ki-a-vilag-19-leghiresebb-latnivaloja-mielott-meg-a-turistak-elarasztottak-oket\/\"},\"wordCount\":78,\"commentCount\":0,\"publisher\":{\"@id\":\"https:\/\/liked.hu\/old\/#organization\"},\"keywords\":[\"nevezetess\u00e9gek\",\"r\u00e9gen \u00e9s most\",\"turistal\u00e1tv\u00e1nyoss\u00e1g\",\"utaz\u00e1s\",\"v\u00e1ltoz\u00e1s\"],\"articleSection\":[\"\u00c9rdekess\u00e9gek\"],\"inLanguage\":\"hu\",\"potentialAction\":[{\"@type\":\"CommentAction\",\"name\":\"Comment\",\"target\":[\"https:\/\/liked.hu\/old\/erdekes\/igy-nezett-ki-a-vilag-19-leghiresebb-latnivaloja-mielott-meg-a-turistak-elarasztottak-oket\/#respond\"]}]},{\"@type\":\"WebPage\",\"@id\":\"https:\/\/liked.hu\/old\/erdekes\/igy-nezett-ki-a-vilag-19-leghiresebb-latnivaloja-mielott-meg-a-turistak-elarasztottak-oket\/\",\"url\":\"https:\/\/liked.hu\/old\/erdekes\/igy-nezett-ki-a-vilag-19-leghiresebb-latnivaloja-mielott-meg-a-turistak-elarasztottak-oket\/\",\"name\":\"\u00cdgy n\u00e9zett ki a vil\u00e1g 19 legh\u00edresebb l\u00e1tnival\u00f3ja, miel\u0151tt m\u00e9g a turist\u00e1k el\u00e1rasztott\u00e1k \u0151ket\",\"isPartOf\":{\"@id\":\"https:\/\/liked.hu\/old\/#website\"},\"datePublished\":\"2020-12-31T11:32:04+00:00\",\"dateModified\":\"2020-12-31T11:32:55+00:00\",\"description\":\"A f\u00e9nyk\u00e9p\u00e9szet feltal\u00e1l\u00e1s\u00e1nak k\u00f6sz\u00f6nhetj\u00fck azt a t\u00e9nyt, hogy ak\u00e1r azt is meg tudjuk n\u00e9zni napjainkban, hogyan n\u00e9ztek ki a vil\u00e1g legh\u00edresebb nevezetess\u00e9gei 100-200 \u00e9vvel ezel\u0151tt. A legt\u00f6bbj\u00fck k\u00f6zel sem volt olyan l\u00e1tv\u00e1nyos, mint napjainkban, m\u00edg m\u00e1sok \u00e9pp ellenkez\u0151leg: sz\u00e9pen megfakultak az id\u0151k sor\u00e1n. Vannak olyan v\u00e1rosok, amelyek eset\u00e9ben k\u00fcl\u00f6n\u00f6sen szembet\u0171n\u0151 ez a v\u00e1ltoz\u00e1s, \u00e9s az \u201eel\u0151tte\u201d fot\u00f3ikat n\u00e9zegetve olyan \u00e9rz\u00e9s\u00fcnk van, mintha egy teljesen m\u00e1s v\u00e1rost \u00e1br\u00e1zolna a k\u00e9p.\",\"breadcrumb\":{\"@id\":\"https:\/\/liked.hu\/old\/erdekes\/igy-nezett-ki-a-vilag-19-leghiresebb-latnivaloja-mielott-meg-a-turistak-elarasztottak-oket\/#breadcrumb\"},\"inLanguage\":\"hu\",\"potentialAction\":[{\"@type\":\"ReadAction\",\"target\":[\"https:\/\/liked.hu\/old\/erdekes\/igy-nezett-ki-a-vilag-19-leghiresebb-latnivaloja-mielott-meg-a-turistak-elarasztottak-oket\/\"]}]},{\"@type\":\"BreadcrumbList\",\"@id\":\"https:\/\/liked.hu\/old\/erdekes\/igy-nezett-ki-a-vilag-19-leghiresebb-latnivaloja-mielott-meg-a-turistak-elarasztottak-oket\/#breadcrumb\",\"itemListElement\":[{\"@type\":\"ListItem\",\"position\":1,\"name\":\"Kezd\u0151lap\",\"item\":\"https:\/\/liked.hu\/old\/\"},{\"@type\":\"ListItem\",\"position\":2,\"name\":\"\u00cdgy n\u00e9zett ki a vil\u00e1g 19 legh\u00edresebb l\u00e1tnival\u00f3ja, miel\u0151tt m\u00e9g a turist\u00e1k el\u00e1rasztott\u00e1k \u0151ket\"}]},{\"@type\":\"WebSite\",\"@id\":\"https:\/\/liked.hu\/old\/#website\",\"url\":\"https:\/\/liked.hu\/old\/\",\"name\":\"Liked.hu\",\"description\":\"\",\"publisher\":{\"@id\":\"https:\/\/liked.hu\/old\/#organization\"},\"potentialAction\":[{\"@type\":\"SearchAction\",\"target\":{\"@type\":\"EntryPoint\",\"urlTemplate\":\"https:\/\/liked.hu\/old\/?s={search_term_string}\"},\"query-input\":\"required name=search_term_string\"}],\"inLanguage\":\"hu\"},{\"@type\":\"Organization\",\"@id\":\"https:\/\/liked.hu\/old\/#organization\",\"name\":\"Liked.hu\",\"url\":\"https:\/\/liked.hu\/old\/\",\"sameAs\":[\"https:\/\/hu.pinterest.com\/likedhungary\/\",\"https:\/\/www.youtube.com\/channel\/UCPv91dbMoIukYcM9b9nHN6Q\",\"https:\/\/www.facebook.com\/liked.hu\",\"https:\/\/twitter.com\/LikedHu\"],\"logo\":{\"@type\":\"ImageObject\",\"inLanguage\":\"hu\",\"@id\":\"https:\/\/liked.hu\/old\/#\/schema\/logo\/image\/\",\"url\":\"https:\/\/liked.hu\/wp-content\/uploads\/2018\/08\/Liked-icon.png\",\"contentUrl\":\"https:\/\/liked.hu\/wp-content\/uploads\/2018\/08\/Liked-icon.png\",\"width\":512,\"height\":512,\"caption\":\"Liked.hu\"},\"image\":{\"@id\":\"https:\/\/liked.hu\/old\/#\/schema\/logo\/image\/\"}},{\"@type\":\"Person\",\"@id\":\"https:\/\/liked.hu\/old\/#\/schema\/person\/1c8d3f8764991e8dcd6572a7de72da8a\",\"name\":\"Klingstrom\",\"image\":{\"@type\":\"ImageObject\",\"inLanguage\":\"hu\",\"@id\":\"https:\/\/liked.hu\/old\/#\/schema\/person\/image\/\",\"url\":\"https:\/\/liked.hu\/old\/wp-content\/uploads\/avatars\/13\/604de88bd578a-bpfull.jpg\",\"contentUrl\":\"https:\/\/liked.hu\/old\/wp-content\/uploads\/avatars\/13\/604de88bd578a-bpfull.jpg\",\"caption\":\"Klingstrom\"},\"url\":\"https:\/\/liked.hu\/old\/u\/klingstrom\/\"}]}<\/script>\n<!-- \/ Yoast SEO plugin. -->","yoast_head_json":{"title":"\u00cdgy n\u00e9zett ki a vil\u00e1g 19 legh\u00edresebb l\u00e1tnival\u00f3ja, miel\u0151tt m\u00e9g a turist\u00e1k el\u00e1rasztott\u00e1k \u0151ket","description":"A f\u00e9nyk\u00e9p\u00e9szet feltal\u00e1l\u00e1s\u00e1nak k\u00f6sz\u00f6nhetj\u00fck azt a t\u00e9nyt, hogy ak\u00e1r azt is meg tudjuk n\u00e9zni napjainkban, hogyan n\u00e9ztek ki a vil\u00e1g legh\u00edresebb nevezetess\u00e9gei 100-200 \u00e9vvel ezel\u0151tt. A legt\u00f6bbj\u00fck k\u00f6zel sem volt olyan l\u00e1tv\u00e1nyos, mint napjainkban, m\u00edg m\u00e1sok \u00e9pp ellenkez\u0151leg: sz\u00e9pen megfakultak az id\u0151k sor\u00e1n. Vannak olyan v\u00e1rosok, amelyek eset\u00e9ben k\u00fcl\u00f6n\u00f6sen szembet\u0171n\u0151 ez a v\u00e1ltoz\u00e1s, \u00e9s az \u201eel\u0151tte\u201d fot\u00f3ikat n\u00e9zegetve olyan \u00e9rz\u00e9s\u00fcnk van, mintha egy teljesen m\u00e1s v\u00e1rost \u00e1br\u00e1zolna a k\u00e9p.","robots":{"index":"index","follow":"follow","max-snippet":"max-snippet:-1","max-image-preview":"max-image-preview:large","max-video-preview":"max-video-preview:-1"},"canonical":"https:\/\/liked.hu\/old\/erdekes\/igy-nezett-ki-a-vilag-19-leghiresebb-latnivaloja-mielott-meg-a-turistak-elarasztottak-oket\/","og_locale":"hu_HU","og_type":"article","og_title":"\u00cdgy n\u00e9zett ki a vil\u00e1g 19 legh\u00edresebb l\u00e1tnival\u00f3ja, miel\u0151tt m\u00e9g a turist\u00e1k el\u00e1rasztott\u00e1k \u0151ket","og_description":"A f\u00e9nyk\u00e9p\u00e9szet feltal\u00e1l\u00e1s\u00e1nak k\u00f6sz\u00f6nhetj\u00fck azt a t\u00e9nyt, hogy ak\u00e1r azt is meg tudjuk n\u00e9zni napjainkban, hogyan n\u00e9ztek ki a vil\u00e1g legh\u00edresebb nevezetess\u00e9gei 100-200 \u00e9vvel ezel\u0151tt. A legt\u00f6bbj\u00fck k\u00f6zel sem volt olyan l\u00e1tv\u00e1nyos, mint napjainkban, m\u00edg m\u00e1sok \u00e9pp ellenkez\u0151leg: sz\u00e9pen megfakultak az id\u0151k sor\u00e1n. Vannak olyan v\u00e1rosok, amelyek eset\u00e9ben k\u00fcl\u00f6n\u00f6sen szembet\u0171n\u0151 ez a v\u00e1ltoz\u00e1s, \u00e9s az \u201eel\u0151tte\u201d fot\u00f3ikat n\u00e9zegetve olyan \u00e9rz\u00e9s\u00fcnk van, mintha egy teljesen m\u00e1s v\u00e1rost \u00e1br\u00e1zolna a k\u00e9p.","og_url":"https:\/\/liked.hu\/old\/erdekes\/igy-nezett-ki-a-vilag-19-leghiresebb-latnivaloja-mielott-meg-a-turistak-elarasztottak-oket\/","og_site_name":"Liked.hu","article_publisher":"https:\/\/www.facebook.com\/liked.hu","article_published_time":"2020-12-31T11:32:04+00:00","article_modified_time":"2020-12-31T11:32:55+00:00","og_image":[{"width":1200,"height":630,"url":"https:\/\/liked.hu\/old\/wp-content\/uploads\/2020\/09\/Vilaghiru-latvanyossagok-regen-es-most.jpg","type":"image\/jpeg"}],"author":"Klingstrom","twitter_card":"summary","twitter_creator":"@LikedHu","twitter_site":"@LikedHu","twitter_misc":{"Szerz\u0151:":"Klingstrom"},"schema":{"@context":"https:\/\/schema.org","@graph":[{"@type":"Article","@id":"https:\/\/liked.hu\/old\/erdekes\/igy-nezett-ki-a-vilag-19-leghiresebb-latnivaloja-mielott-meg-a-turistak-elarasztottak-oket\/#article","isPartOf":{"@id":"https:\/\/liked.hu\/old\/erdekes\/igy-nezett-ki-a-vilag-19-leghiresebb-latnivaloja-mielott-meg-a-turistak-elarasztottak-oket\/"},"author":{"name":"Klingstrom","@id":"https:\/\/liked.hu\/old\/#\/schema\/person\/1c8d3f8764991e8dcd6572a7de72da8a"},"headline":"\u00cdgy n\u00e9zett ki a vil\u00e1g 19 legh\u00edresebb l\u00e1tnival\u00f3ja, miel\u0151tt m\u00e9g a turist\u00e1k el\u00e1rasztott\u00e1k \u0151ket","datePublished":"2020-12-31T11:32:04+00:00","dateModified":"2020-12-31T11:32:55+00:00","mainEntityOfPage":{"@id":"https:\/\/liked.hu\/old\/erdekes\/igy-nezett-ki-a-vilag-19-leghiresebb-latnivaloja-mielott-meg-a-turistak-elarasztottak-oket\/"},"wordCount":78,"commentCount":0,"publisher":{"@id":"https:\/\/liked.hu\/old\/#organization"},"keywords":["nevezetess\u00e9gek","r\u00e9gen \u00e9s most","turistal\u00e1tv\u00e1nyoss\u00e1g","utaz\u00e1s","v\u00e1ltoz\u00e1s"],"articleSection":["\u00c9rdekess\u00e9gek"],"inLanguage":"hu","potentialAction":[{"@type":"CommentAction","name":"Comment","target":["https:\/\/liked.hu\/old\/erdekes\/igy-nezett-ki-a-vilag-19-leghiresebb-latnivaloja-mielott-meg-a-turistak-elarasztottak-oket\/#respond"]}]},{"@type":"WebPage","@id":"https:\/\/liked.hu\/old\/erdekes\/igy-nezett-ki-a-vilag-19-leghiresebb-latnivaloja-mielott-meg-a-turistak-elarasztottak-oket\/","url":"https:\/\/liked.hu\/old\/erdekes\/igy-nezett-ki-a-vilag-19-leghiresebb-latnivaloja-mielott-meg-a-turistak-elarasztottak-oket\/","name":"\u00cdgy n\u00e9zett ki a vil\u00e1g 19 legh\u00edresebb l\u00e1tnival\u00f3ja, miel\u0151tt m\u00e9g a turist\u00e1k el\u00e1rasztott\u00e1k \u0151ket","isPartOf":{"@id":"https:\/\/liked.hu\/old\/#website"},"datePublished":"2020-12-31T11:32:04+00:00","dateModified":"2020-12-31T11:32:55+00:00","description":"A f\u00e9nyk\u00e9p\u00e9szet feltal\u00e1l\u00e1s\u00e1nak k\u00f6sz\u00f6nhetj\u00fck azt a t\u00e9nyt, hogy ak\u00e1r azt is meg tudjuk n\u00e9zni napjainkban, hogyan n\u00e9ztek ki a vil\u00e1g legh\u00edresebb nevezetess\u00e9gei 100-200 \u00e9vvel ezel\u0151tt. A legt\u00f6bbj\u00fck k\u00f6zel sem volt olyan l\u00e1tv\u00e1nyos, mint napjainkban, m\u00edg m\u00e1sok \u00e9pp ellenkez\u0151leg: sz\u00e9pen megfakultak az id\u0151k sor\u00e1n. Vannak olyan v\u00e1rosok, amelyek eset\u00e9ben k\u00fcl\u00f6n\u00f6sen szembet\u0171n\u0151 ez a v\u00e1ltoz\u00e1s, \u00e9s az \u201eel\u0151tte\u201d fot\u00f3ikat n\u00e9zegetve olyan \u00e9rz\u00e9s\u00fcnk van, mintha egy teljesen m\u00e1s v\u00e1rost \u00e1br\u00e1zolna a k\u00e9p.","breadcrumb":{"@id":"https:\/\/liked.hu\/old\/erdekes\/igy-nezett-ki-a-vilag-19-leghiresebb-latnivaloja-mielott-meg-a-turistak-elarasztottak-oket\/#breadcrumb"},"inLanguage":"hu","potentialAction":[{"@type":"ReadAction","target":["https:\/\/liked.hu\/old\/erdekes\/igy-nezett-ki-a-vilag-19-leghiresebb-latnivaloja-mielott-meg-a-turistak-elarasztottak-oket\/"]}]},{"@type":"BreadcrumbList","@id":"https:\/\/liked.hu\/old\/erdekes\/igy-nezett-ki-a-vilag-19-leghiresebb-latnivaloja-mielott-meg-a-turistak-elarasztottak-oket\/#breadcrumb","itemListElement":[{"@type":"ListItem","position":1,"name":"Kezd\u0151lap","item":"https:\/\/liked.hu\/old\/"},{"@type":"ListItem","position":2,"name":"\u00cdgy n\u00e9zett ki a vil\u00e1g 19 legh\u00edresebb l\u00e1tnival\u00f3ja, miel\u0151tt m\u00e9g a turist\u00e1k el\u00e1rasztott\u00e1k \u0151ket"}]},{"@type":"WebSite","@id":"https:\/\/liked.hu\/old\/#website","url":"https:\/\/liked.hu\/old\/","name":"Liked.hu","description":"","publisher":{"@id":"https:\/\/liked.hu\/old\/#organization"},"potentialAction":[{"@type":"SearchAction","target":{"@type":"EntryPoint","urlTemplate":"https:\/\/liked.hu\/old\/?s={search_term_string}"},"query-input":"required name=search_term_string"}],"inLanguage":"hu"},{"@type":"Organization","@id":"https:\/\/liked.hu\/old\/#organization","name":"Liked.hu","url":"https:\/\/liked.hu\/old\/","sameAs":["https:\/\/hu.pinterest.com\/likedhungary\/","https:\/\/www.youtube.com\/channel\/UCPv91dbMoIukYcM9b9nHN6Q","https:\/\/www.facebook.com\/liked.hu","https:\/\/twitter.com\/LikedHu"],"logo":{"@type":"ImageObject","inLanguage":"hu","@id":"https:\/\/liked.hu\/old\/#\/schema\/logo\/image\/","url":"https:\/\/liked.hu\/wp-content\/uploads\/2018\/08\/Liked-icon.png","contentUrl":"https:\/\/liked.hu\/wp-content\/uploads\/2018\/08\/Liked-icon.png","width":512,"height":512,"caption":"Liked.hu"},"image":{"@id":"https:\/\/liked.hu\/old\/#\/schema\/logo\/image\/"}},{"@type":"Person","@id":"https:\/\/liked.hu\/old\/#\/schema\/person\/1c8d3f8764991e8dcd6572a7de72da8a","name":"Klingstrom","image":{"@type":"ImageObject","inLanguage":"hu","@id":"https:\/\/liked.hu\/old\/#\/schema\/person\/image\/","url":"https:\/\/liked.hu\/old\/wp-content\/uploads\/avatars\/13\/604de88bd578a-bpfull.jpg","contentUrl":"https:\/\/liked.hu\/old\/wp-content\/uploads\/avatars\/13\/604de88bd578a-bpfull.jpg","caption":"Klingstrom"},"url":"https:\/\/liked.hu\/old\/u\/klingstrom\/"}]}},"publishpress_future_action":{"enabled":false,"date":"1970-01-01 01:00:00","action":"","terms":[],"taxonomy":"","browser_timezone_offset":0},"_links":{"self":[{"href":"https:\/\/liked.hu\/old\/wp-json\/wp\/v2\/posts\/224454"}],"collection":[{"href":"https:\/\/liked.hu\/old\/wp-json\/wp\/v2\/posts"}],"about":[{"href":"https:\/\/liked.hu\/old\/wp-json\/wp\/v2\/types\/post"}],"author":[{"embeddable":true,"href":"https:\/\/liked.hu\/old\/wp-json\/wp\/v2\/users\/13"}],"replies":[{"embeddable":true,"href":"https:\/\/liked.hu\/old\/wp-json\/wp\/v2\/comments?post=224454"}],"version-history":[{"count":0,"href":"https:\/\/liked.hu\/old\/wp-json\/wp\/v2\/posts\/224454\/revisions"}],"wp:featuredmedia":[{"embeddable":true,"href":"https:\/\/liked.hu\/old\/wp-json\/wp\/v2\/media\/224457"}],"wp:attachment":[{"href":"https:\/\/liked.hu\/old\/wp-json\/wp\/v2\/media?parent=224454"}],"wp:term":[{"taxonomy":"category","embeddable":true,"href":"https:\/\/liked.hu\/old\/wp-json\/wp\/v2\/categories?post=224454"},{"taxonomy":"post_tag","embeddable":true,"href":"https:\/\/liked.hu\/old\/wp-json\/wp\/v2\/tags?post=224454"}],"curies":[{"name":"wp","href":"https:\/\/api.w.org\/{rel}","templated":true}]}}