{"id":213729,"date":"2020-12-03T08:31:03","date_gmt":"2020-12-03T07:31:03","guid":{"rendered":"https:\/\/liked.hu\/old\/?p=213729"},"modified":"2020-12-03T08:31:57","modified_gmt":"2020-12-03T07:31:57","slug":"10-titokzatos-hely-a-foldon","status":"publish","type":"post","link":"https:\/\/liked.hu\/old\/erdekes\/10-titokzatos-hely-a-foldon\/","title":{"rendered":"10 titokzatos hely a F\u00f6ld\u00f6n, ahov\u00e1 m\u00e9g a legbefoly\u00e1sosabb emberek sem tehetik be a l\u00e1bukat"},"content":{"rendered":"<p>Neh\u00e9z elk\u00e9pzelni, hogy manaps\u00e1g vannak olyan helyek a bolyg\u00f3n, ahol nem tudsz j\u00f6nni-menni, rep\u00fclni vagy \u00e9pp vitorl\u00e1zni. De a nyitott hat\u00e1rok, \u00e9s a szabad utaz\u00e1shoz val\u00f3 jog ellen\u00e9re vannak olyan helyek a vil\u00e1gon, ahol k\u00fcl\u00f6nf\u00e9le okb\u00f3l kifoly\u00f3lag senki sem teheti be a l\u00e1b\u00e1t.<\/p>\n<p style=\"text-align: center;\">\n<div style=\"float:none;margin:0px 0 0px 0;text-align:center;\">\n<div class=\"mobileShowkakettes\"><div class=\"mobileShowka2\"><div style=\"padding-top:0px;padding-bottom:15px;min-height: 300px;\"><div class=\"hirdetes\">HIRDET\u00c9S<\/div>\n<!-- 300lista -->\n<ins class=\"adsbygoogle\"\n     style=\"display:inline-block;width:300px;height:250px\"\n     data-ad-client=\"ca-pub-9424088931673893\"\n     data-ad-slot=\"8471340766\"><\/ins>\n<script async>\n     (adsbygoogle = window.adsbygoogle || []).push({});\n<\/script><\/div><\/div><\/div><\/div>\n<p>A <strong>Liked.hu<\/strong>-n\u00e1l mindig leny\u0171g\u00f6znek minket a titkos, \u00e9s nem h\u00e9tk\u00f6znapi dolgok m\u00f6g\u00f6tt rejl\u0151 izgalmas rejt\u00e9lyek, ez\u00e9rt cikk\u00fcnkben most \u00f6sszegy\u0171jt\u00f6tt\u00fcnk 10 olyan helyet a F\u00f6ld\u00f6n, ahov\u00e1 m\u00e9g a vil\u00e1g legbefoly\u00e1sosabb emberei sem tehetik be a l\u00e1bukat.<\/p>\n<div id=\"zombify-main-section-front\" class=\"zombify-main-section-front zombify-screen zf-media-full\">\r\n\t<link rel=\"stylesheet\" type=\"text\/css\" href=\"https:\/\/liked.hu\/old\/js\/zombify.css\">\r\n    <link rel=\"stylesheet\" type=\"text\/css\" href=\"https:\/\/liked.hu\/old\/wp-content\/themes\/newsy-child\/style.css\">\r\n\t<div class=\"zf-container\">\r\n\t\t<div id=\"zf-list\" class=\"zf-list zf-numbered\">\r\n\t\t\t<ol class=\"zf-structure-list\">\r\n\t\t\t\t\t\t\t\t\t\t<li class=\"zf-list_item\">\r\n\t\t\t\t\t\t\t<div class=\"zf-list_header\">\r\n\t\t\t\t\t\t\t\t<h3 id=\"listaelem1\" class=\"zf-list_title\">\r\n\t\t\t\t\t\t\t\t\t<span class=\"zf-number\">1<\/span>\r\n\t\t\t\t\t\t\t\t\t\u00c9szaki-Szentinel-sziget, India\t\t\t\t\t\t\t\t<\/h3>\r\n\t\t\t\t\t\t\t<\/div>\r\n\t\t\t\t\t\t\t\t\t\t\t\t\t\t\t<figure class=\"zf-list_media zf-media-wrapper zf-image zf-type-image\">\r\n\t\t\t\t\t\t\t\t\t<div title=\"\u00c9szaki-Szentinel-sziget, India\" alt=\"\u00c9szaki-Szentinel-sziget, India\" class=\"zf-media\">\r\n\t\t\t\t\t\t\t\t\t\t<img width=\"728\" height=\"728\" src=\"https:\/\/liked.hu\/old\/wp-content\/uploads\/2020\/07\/a828ff554295527a574c09975d.jpg\" class=\"\" alt=\"a828ff554295527a574c09975d\" loading=\"lazy\" style=\"\" srcset=\"https:\/\/liked.hu\/old\/wp-content\/uploads\/2020\/07\/a828ff554295527a574c09975d.jpg 728w, https:\/\/liked.hu\/old\/wp-content\/uploads\/2020\/07\/a828ff554295527a574c09975d-150x150.jpg 150w, https:\/\/liked.hu\/old\/wp-content\/uploads\/2020\/07\/a828ff554295527a574c09975d-300x300.jpg 300w, https:\/\/liked.hu\/old\/wp-content\/uploads\/2020\/07\/a828ff554295527a574c09975d-500x500.jpg 500w, https:\/\/liked.hu\/old\/wp-content\/uploads\/2020\/07\/a828ff554295527a574c09975d-360x360.jpg 360w, https:\/\/liked.hu\/old\/wp-content\/uploads\/2020\/07\/a828ff554295527a574c09975d-350x350.jpg 350w\" sizes=\"(max-width: 728px) 100vw, 728px\" \/>\t\t\t\t\t\t\t\t\t\t\t<figcaption class=\"zf-figcaption\">\r\n\t\t\t\t\t\t\t\t\t\t\t\t\t\t\t\t\t\t\t\t\t\t\t\t<cite>        <a class=\"zf-media_credit\" target=\"_blank\" href=\"https:\/\/liked.hu\/old\/kimeno.php?https:\/\/en.wikipedia.org\/wiki\/North_Sentinel_Island#\/media\/File:North_Sentinel_Island.jpg\" rel=\"nofollow noopener\">wikipedia<\/a>\r\n        <\/cite>\r\n\r\n\t\t\t\t\t\t\t\t\t\t\t\t\t\t\t\t\t\t\t\t\t\t\t<\/figcaption>\r\n\t\t\t\t\t\t\t\t\t\t\t\t\t\t\t\t\t\t\t<\/div>\r\n\t\t\t\t\t\t\t\t\t<hr \/>\r\n\t\t\t\t\t\t\t\t<\/figure>\r\n\t\t\t\t\t\t\t\t\t\t\t\t\t\t\t\t<div class=\"zf-list_description\"><p>Ez az egyik legkev\u00e9sb\u00e9 ismert sziget a F\u00f6ld\u00f6n, ami egy\u00e9bk\u00e9nt egy nagyon l\u00e1tv\u00e1nyos term\u00e9szeti k\u00f6rnyezetben helyezkedik el, krist\u00e1lytiszta, homokos strandokkal k\u00f6r\u00fclv\u00e9ve. A sziget a Sentinels \u0151slakos t\u00f6rzsek otthona.<\/p><p>B\u00e1r odajutni nem felt\u00e9tlen\u00fcl neh\u00e9z, kijutni ann\u00e1l nehezebb. Az \u0151slakosok ugyanis megtagadnak mindenf\u00e9le-fajta \u00e9rintkez\u00e9st a k\u00fclvil\u00e1ggal, \u00e9s azonnal ny\u00edlz\u00e1porral fogadj\u00e1k az idegeneket. A sziget teh\u00e1t minden turista sz\u00e1m\u00e1ra z\u00e1rva van, \u00e1m ennek ellen\u00e9re vannak olyan \u0151r\u00fcltek, akik megpr\u00f3b\u00e1lnak bejutni a szigetre, \u00e1m ezek k\u00f6z\u00fcl m\u00e9g senki nem j\u00f6tt ki onnan \u00e9lve.<\/p><\/div>\r\n\t\t\t\t\t\t\t\t\t\t\t\t\t<\/li>\r\n\t\t\t\t\t\t\t\t\t\t\t\t<li class=\"zf-list_item\">\r\n\t\t\t\t\t\t\t<div class=\"zf-list_header\">\r\n\t\t\t\t\t\t\t\t<h3 id=\"listaelem2\" class=\"zf-list_title\">\r\n\t\t\t\t\t\t\t\t\t<span class=\"zf-number\">2<\/span>\r\n\t\t\t\t\t\t\t\t\tSpitzberg\u00e1k Nemzetk\u00f6zi Magbunker, Norv\u00e9gia\t\t\t\t\t\t\t\t<\/h3>\r\n\t\t\t\t\t\t\t<\/div>\r\n\t\t\t\t\t\t\t\t\t\t\t\t\t\t\t<figure class=\"zf-list_media zf-media-wrapper zf-image zf-type-image\">\r\n\t\t\t\t\t\t\t\t\t<div title=\"Spitzberg\u00e1k Nemzetk\u00f6zi Magbunker, Norv\u00e9gia\" alt=\"Spitzberg\u00e1k Nemzetk\u00f6zi Magbunker, Norv\u00e9gia\" class=\"zf-media\">\r\n\t\t\t\t\t\t\t\t\t\t<img width=\"728\" height=\"1092\" src=\"https:\/\/liked.hu\/old\/wp-content\/uploads\/2020\/07\/333962582db048cc396491cfb9.jpg\" class=\"\" alt=\"333962582db048cc396491cfb9\" loading=\"lazy\" style=\"\" srcset=\"https:\/\/liked.hu\/old\/wp-content\/uploads\/2020\/07\/333962582db048cc396491cfb9.jpg 728w, https:\/\/liked.hu\/old\/wp-content\/uploads\/2020\/07\/333962582db048cc396491cfb9-200x300.jpg 200w, https:\/\/liked.hu\/old\/wp-content\/uploads\/2020\/07\/333962582db048cc396491cfb9-333x500.jpg 333w, https:\/\/liked.hu\/old\/wp-content\/uploads\/2020\/07\/333962582db048cc396491cfb9-360x540.jpg 360w\" sizes=\"(max-width: 728px) 100vw, 728px\" \/>\t\t\t\t\t\t\t\t\t\t\t<figcaption class=\"zf-figcaption\">\r\n\t\t\t\t\t\t\t\t\t\t\t\t\t\t\t\t\t\t\t\t\t\t\t\t<cite>        <a class=\"zf-media_credit\" target=\"_blank\" href=\"https:\/\/liked.hu\/old\/kimeno.php?https:\/\/hu.wikipedia.org\/wiki\/Spitzberg%C3%A1k_Nemzetk%C3%B6zi_Magbunker\" rel=\"nofollow noopener\">wikipedia<\/a>\r\n        <\/cite>\r\n\r\n\t\t\t\t\t\t\t\t\t\t\t\t\t\t\t\t\t\t\t\t\t\t\t<\/figcaption>\r\n\t\t\t\t\t\t\t\t\t\t\t\t\t\t\t\t\t\t\t<\/div>\r\n\t\t\t\t\t\t\t\t\t<hr \/>\r\n\t\t\t\t\t\t\t\t<\/figure>\r\n\t\t\t\t\t\t\t\t\t\t\t\t\t\t\t\t<div class=\"zf-list_description\"><p>A Spitzberg&aacute;k Nemzetk&ouml;zi Magbunker tulajdonk&eacute;ppen egy rakt&aacute;r, ahol a vil&aacute;g minden n&ouml;v&eacute;nyfaj&aacute;nak egy p&eacute;ld&aacute;ny&aacute;t t&aacute;rolj&aacute;k. Jelenleg csaknem egy milli&oacute; mez\u0151gazdas&aacute;gi n&ouml;v&eacute;nymint&aacute;t \u0151riznek itt a vil&aacute;g minden t&aacute;j&aacute;r&oacute;l. A magokat speci&aacute;lis zs&aacute;kokba csomagolj&aacute;k, &eacute;s -18&deg;C-on t&aacute;rolj&aacute;k.<\/p><p>Ha egy hirtelen glob&aacute;lis katasztr&oacute;fa miatt a n&ouml;v&eacute;nyzet elt\u0171nne a f&ouml;ldr\u0151l, ennek a &quot;Doomsday-rakt&aacute;rnak&quot; is nevezett t&aacute;rol&oacute;b&oacute;l &uacute;jra lehetne ind&iacute;tani a term&eacute;szetet, &eacute;s megmenteni egy&uacute;ttal az emberis&eacute;get.<\/p><p>A rakt&aacute;r m&aacute;r hasznos volt egyszer: 2015-ben a sz&iacute;r korm&aacute;ny k&eacute;r&eacute;s&eacute;re mint&aacute;kat adtak ki, mellyel helyre&aacute;ll&iacute;tott&aacute;k a polg&aacute;rh&aacute;bor&uacute; alatt t&ouml;nkrement sz&aacute;raz r&eacute;gi&oacute;k n&ouml;v&eacute;nyzet&eacute;t.<\/p><p style=\"text-align: center\">\n<div style=\"float:none;margin:0px 0 0px 0;text-align:center;\">\n<div class=\"mobileHideke5\"><div style=\"margin-top:25px;\"><div class=\"hirdeteshatter\"><div style=\"display: inline-block;width: 50%;min-width:305px;vertical-align: top;\"><div class=\"hirdetes\">HIRDET\u00c9S<\/div>\n<!-- LikedQ51 -->\n<ins class=\"adsbygoogle\"\n     style=\"display:inline-block;width:300px;height:250px\"\n     data-ad-client=\"ca-pub-9424088931673893\"\n     data-ad-slot=\"8284063326\"><\/ins>\n<script async>\n     (adsbygoogle = window.adsbygoogle || []).push({});\n<\/script><\/div><div style=\"display: inline-block;width: 50%;min-width:305px;vertical-align: top;\"><div class=\"hirdetes\">HIRDET\u00c9S<\/div>\n<!-- LikedQ52 -->\n<ins class=\"adsbygoogle\"\n     style=\"display:inline-block;width:300px;height:250px\"\n     data-ad-client=\"ca-pub-9424088931673893\"\n     data-ad-slot=\"2840164950\"><\/ins>\n<script async>\n     (adsbygoogle = window.adsbygoogle || []).push({});\n<\/script><\/div><\/div><\/div><\/div>\n<div style=\"display:flex;flex-direction:column;\"><div class=\"mobileShowka5\"><div style=\"padding-top:10px;padding-bottom:10px;min-height: 300px;\"><div class=\"hirdetes\">HIRDET\u00c9S<\/div>\n<!-- LikedQ5M -->\n<ins class=\"adsbygoogle\"\n     style=\"display:inline-block;width:300px;height:250px\"\n     data-ad-client=\"ca-pub-9424088931673893\"\n     data-ad-slot=\"9022429928\"><\/ins>\n<script async>\n     (adsbygoogle = window.adsbygoogle || []).push({});\n<\/script><\/div><\/div><\/div><\/div><\/div>\r\n\t\t\t\t\t\t\t\t\t\t\t\t\t<\/li>\r\n\t\t\t\t\t\t\t\t\t\t\t\t<li class=\"zf-list_item\">\r\n\t\t\t\t\t\t\t<div class=\"zf-list_header\">\r\n\t\t\t\t\t\t\t\t<h3 id=\"listaelem3\" class=\"zf-list_title\">\r\n\t\t\t\t\t\t\t\t\t<span class=\"zf-number\">3<\/span>\r\n\t\t\t\t\t\t\t\t\tLascaux-i barlang, Franciaorsz\u00e1g\t\t\t\t\t\t\t\t<\/h3>\r\n\t\t\t\t\t\t\t<\/div>\r\n\t\t\t\t\t\t\t\t\t\t\t\t\t\t\t<figure class=\"zf-list_media zf-media-wrapper zf-image zf-type-image\">\r\n\t\t\t\t\t\t\t\t\t<div title=\"Lascaux-i barlang, Franciaorsz\u00e1g\" alt=\"Lascaux-i barlang, Franciaorsz\u00e1g\" class=\"zf-media\">\r\n\t\t\t\t\t\t\t\t\t\t<img width=\"728\" height=\"477\" src=\"https:\/\/liked.hu\/old\/wp-content\/uploads\/2020\/07\/f227b35f8dbbf0e9b39a39ee25.jpg\" class=\"\" alt=\"f227b35f8dbbf0e9b39a39ee25\" loading=\"lazy\" style=\"\" srcset=\"https:\/\/liked.hu\/old\/wp-content\/uploads\/2020\/07\/f227b35f8dbbf0e9b39a39ee25.jpg 728w, https:\/\/liked.hu\/old\/wp-content\/uploads\/2020\/07\/f227b35f8dbbf0e9b39a39ee25-300x197.jpg 300w, https:\/\/liked.hu\/old\/wp-content\/uploads\/2020\/07\/f227b35f8dbbf0e9b39a39ee25-500x328.jpg 500w, https:\/\/liked.hu\/old\/wp-content\/uploads\/2020\/07\/f227b35f8dbbf0e9b39a39ee25-360x236.jpg 360w\" sizes=\"(max-width: 728px) 100vw, 728px\" \/>\t\t\t\t\t\t\t\t\t\t\t<figcaption class=\"zf-figcaption\">\r\n\t\t\t\t\t\t\t\t\t\t\t\t\t\t\t\t\t\t\t\t\t\t\t\t<cite>        <a class=\"zf-media_credit\" target=\"_blank\" href=\"https:\/\/liked.hu\/old\/kimeno.php?https:\/\/commons.wikimedia.org\/wiki\/File:Lascaux_painting.jpg\" rel=\"nofollow noopener\">wikimedia<\/a>\r\n        <\/cite>\r\n\r\n\t\t\t\t\t\t\t\t\t\t\t\t\t\t\t\t\t\t\t\t\t\t\t<\/figcaption>\r\n\t\t\t\t\t\t\t\t\t\t\t\t\t\t\t\t\t\t\t<\/div>\r\n\t\t\t\t\t\t\t\t\t<hr \/>\r\n\t\t\t\t\t\t\t\t<\/figure>\r\n\t\t\t\t\t\t\t\t\t\t\t\t\t\t\t\t<div class=\"zf-list_description\"><p>Ez a paleolit sziklam\u0171v\u00e9szet egyfajta gal\u00e9ri\u00e1ja. T\u00f6bb mint ezer rajz tal\u00e1lhat\u00f3 a barlangban emberekr\u0151l \u00e9s \u00e1llatokr\u00f3l, egyes rajzok pedig 15-18 ezer \u00e9vesek.<\/p><p>Az \u0151si m\u0171v\u00e9szet sok turist\u00e1t vonzott egykoron, \u00e1m az emberek sz\u00e9n-dioxid kibocs\u00e1t\u00e1sa \u00e9s a mesters\u00e9ges megvil\u00e1g\u00edt\u00e1s adta h\u0151 rong\u00e1lni kezdte a rajzok min\u0151s\u00e9g\u00e9t. A t\u00f6bb ezer \u00e9ves kult\u00fara elt\u0171n\u00e9s\u00e9nek megakad\u00e1lyoz\u00e1sa \u00e9rdek\u00e9ben a barlangot 1963-ban bez\u00e1rt\u00e1k a turist\u00e1k el\u0151tt, \u00e9s az\u00f3ta sem l\u00e1togathat\u00f3.<\/p><\/div>\r\n\t\t\t\t\t\t\t\t\t\t\t\t\t<\/li>\r\n\t\t\t\t\t\t\t\t\t\t\t\t<li class=\"zf-list_item\">\r\n\t\t\t\t\t\t\t<div class=\"zf-list_header\">\r\n\t\t\t\t\t\t\t\t<h3 id=\"listaelem4\" class=\"zf-list_title\">\r\n\t\t\t\t\t\t\t\t\t<span class=\"zf-number\">4<\/span>\r\n\t\t\t\t\t\t\t\t\tPrav\u010dick\u00e1 k\u0151kapu, Csehorsz\u00e1g\t\t\t\t\t\t\t\t<\/h3>\r\n\t\t\t\t\t\t\t<\/div>\r\n\t\t\t\t\t\t\t\t\t\t\t\t\t\t\t<figure class=\"zf-list_media zf-media-wrapper zf-embed\">\r\n\t\t\t\t\t\t\t\t\t<div title=\"Prav\u010dick\u00e1 k\u0151kapu, Csehorsz\u00e1g\" alt=\"Prav\u010dick\u00e1 k\u0151kapu, Csehorsz\u00e1g\" class=\"zf-media\">\r\n\t\t\t\t\t\t\t\t\t\t<div class=\"zf-embedded-url\"><div class=\"zf-embed-cont\"><div class='custom-oembed-error'><p><!-- Could not embed --><a href=\"https:\/\/www.instagram.com\/p\/Bc5SzyJHif1\">View Link<\/a><\/p><\/div><\/div><\/div>\t\t\t\t\t\t\t\t\t\t\t<figcaption class=\"zf-figcaption\">\r\n\t\t\t\t\t\t\t\t\t\t\t\t\t\t\t\t\t\t\t\t\t\t\t\t<cite><\/cite>\r\n\r\n\t\t\t\t\t\t\t\t\t\t\t\t\t\t\t\t\t\t\t\t\t\t\t<\/figcaption>\r\n\t\t\t\t\t\t\t\t\t\t\t\t\t\t\t\t\t\t\t<\/div>\r\n\t\t\t\t\t\t\t\t\t<hr \/>\r\n\t\t\t\t\t\t\t\t<\/figure>\r\n\t\t\t\t\t\t\t\t\t\t\t\t\t\t\t\t<div class=\"zf-list_description\"><p>Csehorsz&aacute;g legh&iacute;resebb term&eacute;szeti l&aacute;tv&aacute;nyoss&aacute;ga Eur&oacute;pa legnagyobb term&eacute;szetes szikla&iacute;ve. 1982 &oacute;ta a turist&aacute;knak tilos &aacute;tm&aacute;szniuk a kapun, nehogy t&uacute;lterhelj&eacute;k azt &eacute;s leomoljon. Az &iacute;v csak bizonyos megfigyel\u0151pontokr&oacute;l tekinthet\u0151 meg, t&aacute;volr&oacute;l.<\/p><p>B&aacute;r a turist&aacute;kat kitiltott&aacute;k, a k&uuml;l&ouml;nleges szikla&iacute;v megsemmis&uuml;l&eacute;se nem &aacute;llt meg, a term&eacute;szeti er\u0151k hat&aacute;s&aacute;ra folyamatosan amortiz&aacute;l&oacute;dik, &eacute;s a tud&oacute;sok att&oacute;l f&eacute;lnek, hogy r&ouml;videsen m&aacute;r csak a turistafot&oacute;kon kereszt&uuml;l gy&ouml;ny&ouml;rk&ouml;dhet&uuml;nk az eml&eacute;k&eacute;ben.<\/p><p style=\"text-align: center\">\n<div style=\"float:none;margin:0px 0 0px 0;text-align:center;\">\n<div class=\"mobileHideke8\"><div style=\"margin-top:25px;\"><div class=\"hirdeteshatter\"><div style=\"display: inline-block;width: 50%;min-width:340px;vertical-align: top;\"><div class=\"hirdetes\">HIRDET\u00c9S<\/div>\n<!-- Liked7Q1 -->\n<ins class=\"adsbygoogle\"\n     style=\"display:inline-block;width:336px;height:280px\"\n     data-ad-client=\"ca-pub-9424088931673893\"\n     data-ad-slot=\"3022062587\"><\/ins>\n<script async>\n     (adsbygoogle = window.adsbygoogle || []).push({});\n<\/script><\/div><div style=\"display: inline-block;width: 50%;min-width:340px;vertical-align: top;\"><div class=\"hirdetes\">HIRDET\u00c9S<\/div>\n<!-- Liked7Q2 -->\n<ins class=\"adsbygoogle\"\n     style=\"display:inline-block;width:336px;height:280px\"\n     data-ad-client=\"ca-pub-9424088931673893\"\n     data-ad-slot=\"3952000871\"><\/ins>\n<script async>\n     (adsbygoogle = window.adsbygoogle || []).push({});\n<\/script><\/div><\/div><\/div><\/div>\n<div style=\"display:flex;flex-direction:column;\"><div class=\"mobileShowka8\"><div style=\"padding-top:15px;margin-bottom:15px;min-height: 300px;\"><div class=\"hirdetes\">HIRDET\u00c9S<\/div>\n<!-- Liked7QMobil -->\n<ins class=\"adsbygoogle\"\n     style=\"display:inline-block;width:336px;height:280px\"\n     data-ad-client=\"ca-pub-9424088931673893\"\n     data-ad-slot=\"5073510857\"><\/ins>\n<script async>\n     (adsbygoogle = window.adsbygoogle || []).push({});\n<\/script><\/div><\/div><\/div><\/div><\/div>\r\n\t\t\t\t\t\t\t\t\t\t\t\t\t<\/li>\r\n\t\t\t\t\t\t\t\t\t\t\t\t<li class=\"zf-list_item\">\r\n\t\t\t\t\t\t\t<div class=\"zf-list_header\">\r\n\t\t\t\t\t\t\t\t<h3 id=\"listaelem5\" class=\"zf-list_title\">\r\n\t\t\t\t\t\t\t\t\t<span class=\"zf-number\">5<\/span>\r\n\t\t\t\t\t\t\t\t\tVatik\u00e1ni titkos lev\u00e9lt\u00e1r\t\t\t\t\t\t\t\t<\/h3>\r\n\t\t\t\t\t\t\t<\/div>\r\n\t\t\t\t\t\t\t\t\t\t\t\t\t\t\t<figure class=\"zf-list_media zf-media-wrapper zf-embed\">\r\n\t\t\t\t\t\t\t\t\t<div title=\"Vatik\u00e1ni titkos lev\u00e9lt\u00e1r\" alt=\"Vatik\u00e1ni titkos lev\u00e9lt\u00e1r\" class=\"zf-media\">\r\n\t\t\t\t\t\t\t\t\t\t<div class=\"zf-embedded-url\"><div class=\"zf-embed-cont\"><div class='custom-oembed-error'><p><!-- Could not embed --><a href=\"https:\/\/www.instagram.com\/p\/BxDGrdDgd-y\">View Link<\/a><\/p><\/div><\/div><\/div>\t\t\t\t\t\t\t\t\t\t\t<figcaption class=\"zf-figcaption\">\r\n\t\t\t\t\t\t\t\t\t\t\t\t\t\t\t\t\t\t\t\t\t\t\t\t<cite><\/cite>\r\n\r\n\t\t\t\t\t\t\t\t\t\t\t\t\t\t\t\t\t\t\t\t\t\t\t<\/figcaption>\r\n\t\t\t\t\t\t\t\t\t\t\t\t\t\t\t\t\t\t\t<\/div>\r\n\t\t\t\t\t\t\t\t\t<hr \/>\r\n\t\t\t\t\t\t\t\t<\/figure>\r\n\t\t\t\t\t\t\t\t\t\t\t\t\t\t\t\t<div class=\"zf-list_description\"><p>Itt, a 85 km hossz\u00fa polcokon vannak azok a dokumentumok, amiket a Vatik\u00e1n gy\u0171jt\u00f6tt az elm\u00falt \u00e9vsz\u00e1zadok alatt. A Vatik\u00e1ni Titkos Lev\u00e9lt\u00e1r a vil\u00e1g egyik legel\u00e9rhetetlenebb helye.<\/p><p>Nincs egyetlen orsz\u00e1g sem a F\u00f6ld\u00f6n, ami elker\u00fclte volna a Vatik\u00e1n figyelm\u00e9t, ez\u00e9rt a vil\u00e1g minden t\u00e1j\u00e1r\u00f3l tartanak itt \u00e9rt\u00e9kes dokumentumokat. A turist\u00e1k sz\u00e1m\u00e1ra teljesen tiltott a bel\u00e9p\u00e9s, \u00e9s a tud\u00f3sok is csak k\u00fcl\u00f6nleges enged\u00e9lyekkel f\u00e9rhetnek hozz\u00e1 a lev\u00e9lt\u00e1r bizonyos r\u00e9szeihez.<\/p><\/div>\r\n\t\t\t\t\t\t\t\t\t\t\t\t\t<\/li>\r\n\t\t\t\t\t\t\t\t\t<\/ol>\r\n\t\t<\/div>\r\n\t<\/div>\r\n\r\n\t<\/div>\r\n\r\n\r\n <!--nextpage--><div id=\"zombify-main-section-front\" class=\"zombify-main-section-front zombify-screen zf-media-full\">\r\n\t<link rel=\"stylesheet\" type=\"text\/css\" href=\"https:\/\/liked.hu\/old\/js\/zombify.css\">\r\n    <link rel=\"stylesheet\" type=\"text\/css\" href=\"https:\/\/liked.hu\/old\/wp-content\/themes\/newsy-child\/style.css\">\r\n\t<div class=\"zf-container\">\r\n\t\t<div id=\"zf-list\" class=\"zf-list zf-numbered\">\r\n\t\t\t<ol class=\"zf-structure-list\">\r\n\t\t\t\t\t\t\t\t\t\t<li class=\"zf-list_item\">\r\n\t\t\t\t\t\t\t<div class=\"zf-list_header\">\r\n\t\t\t\t\t\t\t\t<h3 id=\"listaelem6\" class=\"zf-list_title\">\r\n\t\t\t\t\t\t\t\t\t<span class=\"zf-number\">6<\/span>\r\n\t\t\t\t\t\t\t\t\tIszei nagyszent\u00e9ly, Jap\u00e1n\t\t\t\t\t\t\t\t<\/h3>\r\n\t\t\t\t\t\t\t<\/div>\r\n\t\t\t\t\t\t\t\t\t\t\t\t\t\t\t<figure class=\"zf-list_media zf-media-wrapper zf-image zf-type-image\">\r\n\t\t\t\t\t\t\t\t\t<div title=\"Iszei nagyszent\u00e9ly, Jap\u00e1n\" alt=\"Iszei nagyszent\u00e9ly, Jap\u00e1n\" class=\"zf-media\">\r\n\t\t\t\t\t\t\t\t\t\t<img width=\"728\" height=\"546\" src=\"https:\/\/liked.hu\/old\/wp-content\/uploads\/2020\/07\/70dfa55681ac09d48c2bb6f174.jpg\" class=\"\" alt=\"70dfa55681ac09d48c2bb6f174\" loading=\"lazy\" style=\"\" srcset=\"https:\/\/liked.hu\/old\/wp-content\/uploads\/2020\/07\/70dfa55681ac09d48c2bb6f174.jpg 728w, https:\/\/liked.hu\/old\/wp-content\/uploads\/2020\/07\/70dfa55681ac09d48c2bb6f174-300x225.jpg 300w, https:\/\/liked.hu\/old\/wp-content\/uploads\/2020\/07\/70dfa55681ac09d48c2bb6f174-500x375.jpg 500w, https:\/\/liked.hu\/old\/wp-content\/uploads\/2020\/07\/70dfa55681ac09d48c2bb6f174-200x150.jpg 200w, https:\/\/liked.hu\/old\/wp-content\/uploads\/2020\/07\/70dfa55681ac09d48c2bb6f174-360x270.jpg 360w\" sizes=\"(max-width: 728px) 100vw, 728px\" \/>\t\t\t\t\t\t\t\t\t\t\t<figcaption class=\"zf-figcaption\">\r\n\t\t\t\t\t\t\t\t\t\t\t\t\t\t\t\t\t\t\t\t\t\t\t\t<cite>        <a class=\"zf-media_credit\" target=\"_blank\" href=\"https:\/\/liked.hu\/old\/kimeno.php?https:\/\/hu.wikipedia.org\/wiki\/Iszei_nagyszent%C3%A9ly\" rel=\"nofollow noopener\">wikipedia<\/a>\r\n        <\/cite>\r\n\r\n\t\t\t\t\t\t\t\t\t\t\t\t\t\t\t\t\t\t\t\t\t\t\t<\/figcaption>\r\n\t\t\t\t\t\t\t\t\t\t\t\t\t\t\t\t\t\t\t<\/div>\r\n\t\t\t\t\t\t\t\t\t<hr \/>\r\n\t\t\t\t\t\t\t\t<\/figure>\r\n\t\t\t\t\t\t\t\t\t\t\t\t\t\t\t\t<div class=\"zf-list_description\"><p>A jap\u00e1n n\u00e9p egyik f\u0151 szent\u00e9lye a Iszei nagyszent\u00e9ly. Nemzeti kincseket \u00e9s birodalmi eml\u00e9keket tartanak itt. A f\u0151 templom k\u00edv\u00fclr\u0151l szer\u00e9nynek t\u0171nik: f\u00e1b\u00f3l k\u00e9sz\u00fclt \u00e9s r\u00e9gi jap\u00e1n hagyom\u00e1nyokat k\u00f6vet.<\/p><p>Ez a templom egy f\u00e1b\u00f3l k\u00e9sz\u00fclt ker\u00edt\u00e9s m\u00f6g\u00f6tt rejlik, \u00e9s csak papok, illetve a cs\u00e1sz\u00e1ri csal\u00e1d tagjai sz\u00e1m\u00e1ra l\u00e1togathat\u00f3. A 20. sz\u00e1zad k\u00f6zep\u00e9ig m\u00e9g nehezebb volt behatolni ide: a szent\u00e9lyt a k\u00fclvil\u00e1gt\u00f3l a Miyagawa-foly\u00f3 v\u00e1lasztotta el, amit a b\u0171n\u00f6s \u00e9s a szent f\u00f6ld term\u00e9szetes hat\u00e1r\u00e1nak tartottak.<\/p><\/div>\r\n\t\t\t\t\t\t\t\t\t\t\t\t\t<\/li>\r\n\t\t\t\t\t\t\t\t\t\t\t\t<li class=\"zf-list_item\">\r\n\t\t\t\t\t\t\t<div class=\"zf-list_header\">\r\n\t\t\t\t\t\t\t\t<h3 id=\"listaelem7\" class=\"zf-list_title\">\r\n\t\t\t\t\t\t\t\t\t<span class=\"zf-number\">7<\/span>\r\n\t\t\t\t\t\t\t\t\tHeard-sziget, Ausztr\u00e1lia\t\t\t\t\t\t\t\t<\/h3>\r\n\t\t\t\t\t\t\t<\/div>\r\n\t\t\t\t\t\t\t\t\t\t\t\t\t\t\t<figure class=\"zf-list_media zf-media-wrapper zf-image zf-type-image\">\r\n\t\t\t\t\t\t\t\t\t<div title=\"Heard-sziget, Ausztr\u00e1lia\" alt=\"Heard-sziget, Ausztr\u00e1lia\" class=\"zf-media\">\r\n\t\t\t\t\t\t\t\t\t\t<img width=\"728\" height=\"485\" src=\"https:\/\/liked.hu\/old\/wp-content\/uploads\/2020\/07\/717a9252b093047ed7ec01f459.jpg\" class=\"\" alt=\"717a9252b093047ed7ec01f459\" loading=\"lazy\" style=\"\" srcset=\"https:\/\/liked.hu\/old\/wp-content\/uploads\/2020\/07\/717a9252b093047ed7ec01f459.jpg 728w, https:\/\/liked.hu\/old\/wp-content\/uploads\/2020\/07\/717a9252b093047ed7ec01f459-300x200.jpg 300w, https:\/\/liked.hu\/old\/wp-content\/uploads\/2020\/07\/717a9252b093047ed7ec01f459-500x333.jpg 500w, https:\/\/liked.hu\/old\/wp-content\/uploads\/2020\/07\/717a9252b093047ed7ec01f459-360x240.jpg 360w\" sizes=\"(max-width: 728px) 100vw, 728px\" \/>\t\t\t\t\t\t\t\t\t\t\t<figcaption class=\"zf-figcaption\">\r\n\t\t\t\t\t\t\t\t\t\t\t\t\t\t\t\t\t\t\t\t\t\t\t\t<cite>        <a class=\"zf-media_credit\" target=\"_blank\" href=\"https:\/\/liked.hu\/old\/kimeno.php?https:\/\/en.wikipedia.org\/wiki\/Heard_Island_and_McDonald_Islands#\/media\/File:ISS018-E-038182_lrg.jpg\" rel=\"nofollow noopener\">wikipedia<\/a>\r\n        <\/cite>\r\n\r\n\t\t\t\t\t\t\t\t\t\t\t\t\t\t\t\t\t\t\t\t\t\t\t<\/figcaption>\r\n\t\t\t\t\t\t\t\t\t\t\t\t\t\t\t\t\t\t\t<\/div>\r\n\t\t\t\t\t\t\t\t\t<hr \/>\r\n\t\t\t\t\t\t\t\t<\/figure>\r\n\t\t\t\t\t\t\t\t\t\t\t\t\t\t\t\t<div class=\"zf-list_description\"><p>Ez a sziget egy rejtett v\u00edzalatti vulk\u00e1n cs\u00facspontja, egyben az egyik legt\u00e1volabbi hely a civiliz\u00e1ci\u00f3t\u00f3l a F\u00f6ld\u00f6n. A Heard-sziget az Antarktisz \u00e9s Madagaszk\u00e1r k\u00f6z\u00f6tt helyezkedik el, de 1947 \u00f3ta Ausztr\u00e1lia r\u00e9sze.<\/p><p>A 20. sz\u00e1zad v\u00e9g\u00e9n az ausztr\u00e1l korm\u00e1ny a szigetet az orsz\u00e1g nemzeti kincs\u00e9nek nyilv\u00e1n\u00edtotta, \u00e9s a sziget v\u00e9delme \u00e9rdek\u00e9ben k\u00fcl\u00f6nleges enged\u00e9ly n\u00e9lk\u00fcl tilos ide a bel\u00e9p\u00e9s.<\/p><\/div>\r\n\t\t\t\t\t\t\t\t\t\t\t\t\t<\/li>\r\n\t\t\t\t\t\t\t\t\t\t\t\t<li class=\"zf-list_item\">\r\n\t\t\t\t\t\t\t<div class=\"zf-list_header\">\r\n\t\t\t\t\t\t\t\t<h3 id=\"listaelem8\" class=\"zf-list_title\">\r\n\t\t\t\t\t\t\t\t\t<span class=\"zf-number\">8<\/span>\r\n\t\t\t\t\t\t\t\t\t\"Metro-2\", Oroszorsz\u00e1g\t\t\t\t\t\t\t\t<\/h3>\r\n\t\t\t\t\t\t\t<\/div>\r\n\t\t\t\t\t\t\t\t\t\t\t\t\t\t\t<figure class=\"zf-list_media zf-media-wrapper zf-image zf-type-image\">\r\n\t\t\t\t\t\t\t\t\t<div title=\"&quot;Metro-2&quot;, Oroszorsz\u00e1g\" alt=\"&quot;Metro-2&quot;, Oroszorsz\u00e1g\" class=\"zf-media\">\r\n\t\t\t\t\t\t\t\t\t\t<img width=\"728\" height=\"530\" src=\"https:\/\/liked.hu\/old\/wp-content\/uploads\/2020\/07\/5f7c995301a70c91f58d9e2922.jpg\" class=\"\" alt=\"5f7c995301a70c91f58d9e2922\" loading=\"lazy\" style=\"\" srcset=\"https:\/\/liked.hu\/old\/wp-content\/uploads\/2020\/07\/5f7c995301a70c91f58d9e2922.jpg 728w, https:\/\/liked.hu\/old\/wp-content\/uploads\/2020\/07\/5f7c995301a70c91f58d9e2922-300x218.jpg 300w, https:\/\/liked.hu\/old\/wp-content\/uploads\/2020\/07\/5f7c995301a70c91f58d9e2922-500x364.jpg 500w, https:\/\/liked.hu\/old\/wp-content\/uploads\/2020\/07\/5f7c995301a70c91f58d9e2922-360x262.jpg 360w\" sizes=\"(max-width: 728px) 100vw, 728px\" \/>\t\t\t\t\t\t\t\t\t\t\t<figcaption class=\"zf-figcaption\">\r\n\t\t\t\t\t\t\t\t\t\t\t\t\t\t\t\t\t\t\t\t\t\t\t\t<cite>        <a class=\"zf-media_credit\" target=\"_blank\" href=\"https:\/\/liked.hu\/old\/kimeno.php?https:\/\/hu.wikipedia.org\/wiki\/Metro%E2%80%932\" rel=\"nofollow noopener\">wikipedia<\/a>\r\n        <\/cite>\r\n\r\n\t\t\t\t\t\t\t\t\t\t\t\t\t\t\t\t\t\t\t\t\t\t\t<\/figcaption>\r\n\t\t\t\t\t\t\t\t\t\t\t\t\t\t\t\t\t\t\t<\/div>\r\n\t\t\t\t\t\t\t\t\t<hr \/>\r\n\t\t\t\t\t\t\t\t<\/figure>\r\n\t\t\t\t\t\t\t\t\t\t\t\t\t\t\t\t<div class=\"zf-list_description\"><p>A Metro&ndash;2 egy felt&eacute;telezett titkos metr&oacute;h&aacute;l&oacute;zat Moszkv&aacute;ban. A sz&oacute;besz&eacute;d szerint hosszabb, mint a nyilv&aacute;nos metr&oacute;, &eacute;s a f\u0151v&aacute;ros korm&aacute;nyzati szerveit k&ouml;ti &ouml;ssze egym&aacute;ssal.<\/p><p>Senki nem tudja, hogy t&eacute;nyleg l&eacute;tezik-e vagy sem, de vannak emberek, akik azt &aacute;ll&iacute;tj&aacute;k, hogy r&eacute;szt vettek egy titkos metr&oacute;vonal &eacute;p&iacute;t&eacute;s&eacute;n, m&iacute;g m&aacute;sok azt &aacute;ll&iacute;tj&aacute;k, hogy l&aacute;tt&aacute;k is az elk&eacute;sz&uuml;lt metr&oacute;t szem&eacute;lyesen, de t&aacute;rgyi bizony&iacute;t&eacute;k egyel\u0151re semmire sincs.<\/p><p style=\"text-align: center\">\n<div style=\"float:none;margin:0px 0 0px 0;text-align:center;\">\n<div class=\"mobileHideke8\"><div class=\"hirdeteshatter\"><div style=\"display: inline-block;width: 50%;min-width:340px;vertical-align: top;\"><div class=\"hirdetes\">HIRDET\u00c9S<\/div>\n<!-- LikedQ81 -->\n<ins class=\"adsbygoogle\"\n     style=\"display:inline-block;width:336px;height:280px\"\n     data-ad-client=\"ca-pub-9424088931673893\"\n     data-ad-slot=\"2436840276\"><\/ins>\n<script async>\n     (adsbygoogle = window.adsbygoogle || []).push({});\n<\/script><\/div><div style=\"display: inline-block;width: 50%;min-width:340px;vertical-align: top;\"><div class=\"hirdetes\">HIRDET\u00c9S<\/div>\n<!-- LikedQ82 -->\n<ins class=\"adsbygoogle\"\n     style=\"display:inline-block;width:336px;height:280px\"\n     data-ad-client=\"ca-pub-9424088931673893\"\n     data-ad-slot=\"3558350253\"><\/ins>\n<script async>\n     (adsbygoogle = window.adsbygoogle || []).push({});\n<\/script><\/div><\/div><\/div>\n<div style=\"display:flex;flex-direction:column;\"><div class=\"mobileShowka8 nyolc\"><div style=\"padding-top:15px;padding-bottom:5px;min-height: 300px;\"><div class=\"hirdetes\">HIRDET\u00c9S<\/div>\n<!-- LikedQ8M -->\n<ins class=\"adsbygoogle\"\n     style=\"display:inline-block;width:336px;height:280px\"\n     data-ad-client=\"ca-pub-9424088931673893\"\n     data-ad-slot=\"4679860235\"><\/ins>\n<script async>\n     (adsbygoogle = window.adsbygoogle || []).push({});\n<\/script><\/div><\/div><\/div><\/div><\/div>\r\n\t\t\t\t\t\t\t\t\t\t\t\t\t<\/li>\r\n\t\t\t\t\t\t\t\t\t\t\t\t<li class=\"zf-list_item\">\r\n\t\t\t\t\t\t\t<div class=\"zf-list_header\">\r\n\t\t\t\t\t\t\t\t<h3 id=\"listaelem9\" class=\"zf-list_title\">\r\n\t\t\t\t\t\t\t\t\t<span class=\"zf-number\">9<\/span>\r\n\t\t\t\t\t\t\t\t\tSurtsey, Izland\t\t\t\t\t\t\t\t<\/h3>\r\n\t\t\t\t\t\t\t<\/div>\r\n\t\t\t\t\t\t\t\t\t\t\t\t\t\t\t<figure class=\"zf-list_media zf-media-wrapper zf-embed\">\r\n\t\t\t\t\t\t\t\t\t<div title=\"Surtsey, Izland\" alt=\"Surtsey, Izland\" class=\"zf-media\">\r\n\t\t\t\t\t\t\t\t\t\t<div class=\"zf-embedded-url\"><div class=\"zf-embed-cont\"><a data-pin-do=\"embedPin\" data-pin-width=\"large\" href=\"https:\/\/www.pinterest.com\/pin\/241435229999683122\/\"><\/a><\/div><script async defer src=\"\/\/assets.pinterest.com\/js\/pinit_main.js\"><\/script><\/div>\t\t\t\t\t\t\t\t\t\t\t<figcaption class=\"zf-figcaption\">\r\n\t\t\t\t\t\t\t\t\t\t\t\t\t\t\t\t\t\t\t\t\t\t\t\t<cite><\/cite>\r\n\r\n\t\t\t\t\t\t\t\t\t\t\t\t\t\t\t\t\t\t\t\t\t\t\t<\/figcaption>\r\n\t\t\t\t\t\t\t\t\t\t\t\t\t\t\t\t\t\t\t<\/div>\r\n\t\t\t\t\t\t\t\t\t<hr \/>\r\n\t\t\t\t\t\t\t\t<\/figure>\r\n\t\t\t\t\t\t\t\t\t\t\t\t\t\t\t\t<div class=\"zf-list_description\"><p>A v\u00edz alatti vulk\u00e1n t\u00f6bb mint sz\u00e1z kit\u00f6r\u00e9se hozta l\u00e9tre ezt a szigetet az Atlanti-\u00f3ce\u00e1n k\u00f6zep\u00e9n, Izland d\u00e9li r\u00e9sz\u00e9n\u00e9l. M\u00e1r a sziget k\u00e9pz\u0151d\u00e9s\u00e9nek els\u0151 \u00f3r\u00e1iban \u00e9let keletkezett rajta: mikroorganizmusok \u00e9s bakt\u00e9riumok fejl\u0151dtek ki, hamarosan pedig n\u00f6v\u00e9nyek is n\u0151ni kezdtek rajta. Tanulm\u00e1nyok kimutatt\u00e1k, hogy a magvak 75%-\u00e1t madarak sz\u00e1ll\u00edtott\u00e1k a szigetre, a t\u00f6bbit a sz\u00e9l \u00e9s a v\u00edz.<\/p><p>Most a Surtsey-sziget egy tudom\u00e1nyos k\u00eds\u00e9rleti ter\u00fclet. A szigethez \u00f6sszesen n\u00e9h\u00e1ny tud\u00f3s f\u00e9r hozz\u00e1, akik azt vizsg\u00e1lj\u00e1k, hogyan fejl\u0151dhet a term\u00e9szet az ember beavatkoz\u00e1sa n\u00e9lk\u00fcl. Ebb\u0151l ad\u00f3d\u00f3an senkinek nincs joga partra sz\u00e1llni a szigeten. 2008-ban az UNESCO a vil\u00e1g\u00f6r\u00f6ks\u00e9g r\u00e9sz\u00e9nek nyilv\u00e1n\u00edtotta a szigetet, elismerve annak tudom\u00e1nyos \u00e9rt\u00e9k\u00e9t.<\/p><\/div>\r\n\t\t\t\t\t\t\t\t\t\t\t\t\t<\/li>\r\n\t\t\t\t\t\t\t\t\t\t\t\t<li class=\"zf-list_item\">\r\n\t\t\t\t\t\t\t<div class=\"zf-list_header\">\r\n\t\t\t\t\t\t\t\t<h3 id=\"listaelem10\" class=\"zf-list_title\">\r\n\t\t\t\t\t\t\t\t\t<span class=\"zf-number\">10<\/span>\r\n\t\t\t\t\t\t\t\t\t51-es k\u00f6rzet\t\t\t\t\t\t\t\t<\/h3>\r\n\t\t\t\t\t\t\t<\/div>\r\n\t\t\t\t\t\t\t\t\t\t\t\t\t\t\t<figure class=\"zf-list_media zf-media-wrapper zf-image zf-type-image\">\r\n\t\t\t\t\t\t\t\t\t<div title=\"51-es k\u00f6rzet\" alt=\"51-es k\u00f6rzet\" class=\"zf-media\">\r\n\t\t\t\t\t\t\t\t\t\t<img width=\"728\" height=\"918\" src=\"https:\/\/liked.hu\/old\/wp-content\/uploads\/2020\/07\/7741d45ad09335475e3c14bcd3.jpg\" class=\"\" alt=\"7741d45ad09335475e3c14bcd3\" loading=\"lazy\" style=\"\" srcset=\"https:\/\/liked.hu\/old\/wp-content\/uploads\/2020\/07\/7741d45ad09335475e3c14bcd3.jpg 728w, https:\/\/liked.hu\/old\/wp-content\/uploads\/2020\/07\/7741d45ad09335475e3c14bcd3-238x300.jpg 238w, https:\/\/liked.hu\/old\/wp-content\/uploads\/2020\/07\/7741d45ad09335475e3c14bcd3-397x500.jpg 397w, https:\/\/liked.hu\/old\/wp-content\/uploads\/2020\/07\/7741d45ad09335475e3c14bcd3-360x454.jpg 360w\" sizes=\"(max-width: 728px) 100vw, 728px\" \/>\t\t\t\t\t\t\t\t\t\t\t<figcaption class=\"zf-figcaption\">\r\n\t\t\t\t\t\t\t\t\t\t\t\t\t\t\t\t\t\t\t\t\t\t\t\t<cite>        <a class=\"zf-media_credit\" target=\"_blank\" href=\"https:\/\/liked.hu\/old\/kimeno.php?https:\/\/en.wikipedia.org\/wiki\/File:Wfm_area_51_landsat_geocover_2000.jpg\" rel=\"nofollow noopener\">wikipedia<\/a>\r\n        <\/cite>\r\n\r\n\t\t\t\t\t\t\t\t\t\t\t\t\t\t\t\t\t\t\t\t\t\t\t<\/figcaption>\r\n\t\t\t\t\t\t\t\t\t\t\t\t\t\t\t\t\t\t\t<\/div>\r\n\t\t\t\t\t\t\t\t\t<hr \/>\r\n\t\t\t\t\t\t\t\t<\/figure>\r\n\t\t\t\t\t\t\t\t\t\t\t\t\t\t\t\t<div class=\"zf-list_description\"><p>Az 51-es k\u00f6rzet egy titkos katonai b\u00e1zis, ami semmilyen t\u00e9rk\u00e9pen sem szerepel, \u00e9s a k\u00f6zelm\u00faltig abszol\u00fat titok volt a l\u00e9tez\u00e9se. A b\u00e1zis a l\u00e1togat\u00f3k sz\u00e1m\u00e1ra z\u00e1rva van, \u00e9s a felette tal\u00e1lhat\u00f3 l\u00e9gt\u00e9rben is tilos a rep\u00fcl\u00e9s.<\/p><p>Az amerikai korm\u00e1ny vonakodva ugyan, de elismerte a b\u00e1zis l\u00e9tez\u00e9s\u00e9t, ami sz\u00e1mos \u00f6sszeesk\u00fcv\u00e9selm\u00e9let t\u00e1rgy\u00e1t k\u00e9pezte az elm\u00falt \u00e9vekben, k\u00fcl\u00f6n\u00f6sen az UFO-kkal kapcsolatban. A b\u00e1zist \u00e9jjel-nappal komoly biztons\u00e1gi rendszer \u0151rzi, \u00e9s azokat is fegyveres katon\u00e1k fogadj\u00e1k, akik egy\u00e1ltal\u00e1n t\u00e1volr\u00f3l megk\u00f6zel\u00edtik ezt a sivatag k\u00f6zep\u00e9n tal\u00e1lhat\u00f3 katonai b\u00e1zist.<\/p><\/div>\r\n\t\t\t\t\t\t\t\t\t\t\t\t\t<\/li>\r\n\t\t\t\t\t\t\t\t\t<\/ol>\r\n\t\t<\/div>\r\n\t<\/div>\r\n\r\n\t<\/div>\n","protected":false},"excerpt":{"rendered":"<p>Neh\u00e9z elk\u00e9pzelni, hogy manaps\u00e1g vannak olyan helyek a bolyg\u00f3n, ahol nem tudsz j\u00f6nni-menni, rep\u00fclni vagy \u00e9pp vitorl\u00e1zni. De a nyitott hat\u00e1rok, \u00e9s a szabad utaz\u00e1shoz val\u00f3 jog ellen\u00e9re vannak olyan helyek a vil\u00e1gon, ahol k\u00fcl\u00f6nf\u00e9le okb\u00f3l kifoly\u00f3lag senki sem teheti be a l\u00e1b\u00e1t. A Liked.hu-n\u00e1l mindig leny\u0171g\u00f6znek minket a titkos, \u00e9s nem h\u00e9tk\u00f6znapi dolgok m\u00f6g\u00f6tt [&hellip;]<\/p>\n","protected":false},"author":13,"featured_media":213731,"comment_status":"open","ping_status":"closed","sticky":false,"template":"","format":"standard","meta":{"buzzeditor_post_format":""},"categories":[23],"tags":[1048,2170,3799,2618],"yoast_head":"<!-- This site is optimized with the Yoast SEO plugin v19.6.1 - https:\/\/yoast.com\/wordpress\/plugins\/seo\/ -->\n<title>10 titokzatos hely a F\u00f6ld\u00f6n, ahov\u00e1 m\u00e9g a legbefoly\u00e1sosabb emberek sem tehetik be a l\u00e1bukat<\/title>\n<meta name=\"description\" content=\"Neh\u00e9z elk\u00e9pzelni, hogy manaps\u00e1g vannak olyan helyek a bolyg\u00f3n, ahol nem tudsz j\u00f6nni-menni, rep\u00fclni vagy \u00e9pp vitorl\u00e1zni. De a nyitott hat\u00e1rok, \u00e9s a szabad\" \/>\n<meta name=\"robots\" content=\"index, follow, max-snippet:-1, max-image-preview:large, max-video-preview:-1\" \/>\n<link rel=\"canonical\" href=\"https:\/\/liked.hu\/old\/erdekes\/10-titokzatos-hely-a-foldon\/\" \/>\n<link rel=\"next\" href=\"https:\/\/liked.hu\/old\/erdekes\/10-titokzatos-hely-a-foldon\/2\/\" \/>\n<meta property=\"og:locale\" content=\"hu_HU\" \/>\n<meta property=\"og:type\" content=\"article\" \/>\n<meta property=\"og:title\" content=\"10 titokzatos hely a F\u00f6ld\u00f6n, ahov\u00e1 m\u00e9g a legbefoly\u00e1sosabb emberek sem tehetik be a l\u00e1bukat\" \/>\n<meta property=\"og:description\" content=\"Neh\u00e9z elk\u00e9pzelni, hogy manaps\u00e1g vannak olyan helyek a bolyg\u00f3n, ahol nem tudsz j\u00f6nni-menni, rep\u00fclni vagy \u00e9pp vitorl\u00e1zni. De a nyitott hat\u00e1rok, \u00e9s a szabad\" \/>\n<meta property=\"og:url\" content=\"https:\/\/liked.hu\/old\/erdekes\/10-titokzatos-hely-a-foldon\/\" \/>\n<meta property=\"og:site_name\" content=\"Liked.hu\" \/>\n<meta property=\"article:publisher\" content=\"https:\/\/www.facebook.com\/liked.hu\" \/>\n<meta property=\"article:published_time\" content=\"2020-12-03T07:31:03+00:00\" \/>\n<meta property=\"article:modified_time\" content=\"2020-12-03T07:31:57+00:00\" \/>\n<meta property=\"og:image\" content=\"https:\/\/liked.hu\/old\/wp-content\/uploads\/2020\/07\/Titkos-helyek-a-Foldon.jpg\" \/>\n\t<meta property=\"og:image:width\" content=\"1200\" \/>\n\t<meta property=\"og:image:height\" content=\"630\" \/>\n\t<meta property=\"og:image:type\" content=\"image\/jpeg\" \/>\n<meta name=\"author\" content=\"Klingstrom\" \/>\n<meta name=\"twitter:card\" content=\"summary\" \/>\n<meta name=\"twitter:creator\" content=\"@LikedHu\" \/>\n<meta name=\"twitter:site\" content=\"@LikedHu\" \/>\n<meta name=\"twitter:label1\" content=\"Szerz\u0151:\" \/>\n\t<meta name=\"twitter:data1\" content=\"Klingstrom\" \/>\n\t<meta name=\"twitter:label2\" content=\"Becs\u00fclt olvas\u00e1si id\u0151\" \/>\n\t<meta name=\"twitter:data2\" content=\"1 perc\" \/>\n<script type=\"application\/ld+json\" class=\"yoast-schema-graph\">{\"@context\":\"https:\/\/schema.org\",\"@graph\":[{\"@type\":\"Article\",\"@id\":\"https:\/\/liked.hu\/old\/erdekes\/10-titokzatos-hely-a-foldon\/#article\",\"isPartOf\":{\"@id\":\"https:\/\/liked.hu\/old\/erdekes\/10-titokzatos-hely-a-foldon\/\"},\"author\":{\"name\":\"Klingstrom\",\"@id\":\"https:\/\/liked.hu\/old\/#\/schema\/person\/1c8d3f8764991e8dcd6572a7de72da8a\"},\"headline\":\"10 titokzatos hely a F\u00f6ld\u00f6n, ahov\u00e1 m\u00e9g a legbefoly\u00e1sosabb emberek sem tehetik be a l\u00e1bukat\",\"datePublished\":\"2020-12-03T07:31:03+00:00\",\"dateModified\":\"2020-12-03T07:31:57+00:00\",\"mainEntityOfPage\":{\"@id\":\"https:\/\/liked.hu\/old\/erdekes\/10-titokzatos-hely-a-foldon\/\"},\"wordCount\":150,\"commentCount\":14,\"publisher\":{\"@id\":\"https:\/\/liked.hu\/old\/#organization\"},\"keywords\":[\"hely\",\"rejt\u00e9ly\",\"rejt\u00e9lyes\",\"titkos\"],\"articleSection\":[\"\u00c9rdekess\u00e9gek\"],\"inLanguage\":\"hu\",\"potentialAction\":[{\"@type\":\"CommentAction\",\"name\":\"Comment\",\"target\":[\"https:\/\/liked.hu\/old\/erdekes\/10-titokzatos-hely-a-foldon\/#respond\"]}]},{\"@type\":\"WebPage\",\"@id\":\"https:\/\/liked.hu\/old\/erdekes\/10-titokzatos-hely-a-foldon\/\",\"url\":\"https:\/\/liked.hu\/old\/erdekes\/10-titokzatos-hely-a-foldon\/\",\"name\":\"10 titokzatos hely a F\u00f6ld\u00f6n, ahov\u00e1 m\u00e9g a legbefoly\u00e1sosabb emberek sem tehetik be a l\u00e1bukat\",\"isPartOf\":{\"@id\":\"https:\/\/liked.hu\/old\/#website\"},\"datePublished\":\"2020-12-03T07:31:03+00:00\",\"dateModified\":\"2020-12-03T07:31:57+00:00\",\"description\":\"Neh\u00e9z elk\u00e9pzelni, hogy manaps\u00e1g vannak olyan helyek a bolyg\u00f3n, ahol nem tudsz j\u00f6nni-menni, rep\u00fclni vagy \u00e9pp vitorl\u00e1zni. De a nyitott hat\u00e1rok, \u00e9s a szabad\",\"breadcrumb\":{\"@id\":\"https:\/\/liked.hu\/old\/erdekes\/10-titokzatos-hely-a-foldon\/#breadcrumb\"},\"inLanguage\":\"hu\",\"potentialAction\":[{\"@type\":\"ReadAction\",\"target\":[\"https:\/\/liked.hu\/old\/erdekes\/10-titokzatos-hely-a-foldon\/\"]}]},{\"@type\":\"BreadcrumbList\",\"@id\":\"https:\/\/liked.hu\/old\/erdekes\/10-titokzatos-hely-a-foldon\/#breadcrumb\",\"itemListElement\":[{\"@type\":\"ListItem\",\"position\":1,\"name\":\"Kezd\u0151lap\"}]},{\"@type\":\"WebSite\",\"@id\":\"https:\/\/liked.hu\/old\/#website\",\"url\":\"https:\/\/liked.hu\/old\/\",\"name\":\"Liked.hu\",\"description\":\"\",\"publisher\":{\"@id\":\"https:\/\/liked.hu\/old\/#organization\"},\"potentialAction\":[{\"@type\":\"SearchAction\",\"target\":{\"@type\":\"EntryPoint\",\"urlTemplate\":\"https:\/\/liked.hu\/old\/?s={search_term_string}\"},\"query-input\":\"required name=search_term_string\"}],\"inLanguage\":\"hu\"},{\"@type\":\"Organization\",\"@id\":\"https:\/\/liked.hu\/old\/#organization\",\"name\":\"Liked.hu\",\"url\":\"https:\/\/liked.hu\/old\/\",\"sameAs\":[\"https:\/\/hu.pinterest.com\/likedhungary\/\",\"https:\/\/www.youtube.com\/channel\/UCPv91dbMoIukYcM9b9nHN6Q\",\"https:\/\/www.facebook.com\/liked.hu\",\"https:\/\/twitter.com\/LikedHu\"],\"logo\":{\"@type\":\"ImageObject\",\"inLanguage\":\"hu\",\"@id\":\"https:\/\/liked.hu\/old\/#\/schema\/logo\/image\/\",\"url\":\"https:\/\/liked.hu\/wp-content\/uploads\/2018\/08\/Liked-icon.png\",\"contentUrl\":\"https:\/\/liked.hu\/wp-content\/uploads\/2018\/08\/Liked-icon.png\",\"width\":512,\"height\":512,\"caption\":\"Liked.hu\"},\"image\":{\"@id\":\"https:\/\/liked.hu\/old\/#\/schema\/logo\/image\/\"}},{\"@type\":\"Person\",\"@id\":\"https:\/\/liked.hu\/old\/#\/schema\/person\/1c8d3f8764991e8dcd6572a7de72da8a\",\"name\":\"Klingstrom\",\"image\":{\"@type\":\"ImageObject\",\"inLanguage\":\"hu\",\"@id\":\"https:\/\/liked.hu\/old\/#\/schema\/person\/image\/\",\"url\":\"https:\/\/liked.hu\/old\/wp-content\/uploads\/avatars\/13\/604de88bd578a-bpfull.jpg\",\"contentUrl\":\"https:\/\/liked.hu\/old\/wp-content\/uploads\/avatars\/13\/604de88bd578a-bpfull.jpg\",\"caption\":\"Klingstrom\"},\"url\":\"https:\/\/liked.hu\/old\/u\/klingstrom\/\"}]}<\/script>\n<!-- \/ Yoast SEO plugin. -->","yoast_head_json":{"title":"10 titokzatos hely a F\u00f6ld\u00f6n, ahov\u00e1 m\u00e9g a legbefoly\u00e1sosabb emberek sem tehetik be a l\u00e1bukat","description":"Neh\u00e9z elk\u00e9pzelni, hogy manaps\u00e1g vannak olyan helyek a bolyg\u00f3n, ahol nem tudsz j\u00f6nni-menni, rep\u00fclni vagy \u00e9pp vitorl\u00e1zni. De a nyitott hat\u00e1rok, \u00e9s a szabad","robots":{"index":"index","follow":"follow","max-snippet":"max-snippet:-1","max-image-preview":"max-image-preview:large","max-video-preview":"max-video-preview:-1"},"canonical":"https:\/\/liked.hu\/old\/erdekes\/10-titokzatos-hely-a-foldon\/","next":"https:\/\/liked.hu\/old\/erdekes\/10-titokzatos-hely-a-foldon\/2\/","og_locale":"hu_HU","og_type":"article","og_title":"10 titokzatos hely a F\u00f6ld\u00f6n, ahov\u00e1 m\u00e9g a legbefoly\u00e1sosabb emberek sem tehetik be a l\u00e1bukat","og_description":"Neh\u00e9z elk\u00e9pzelni, hogy manaps\u00e1g vannak olyan helyek a bolyg\u00f3n, ahol nem tudsz j\u00f6nni-menni, rep\u00fclni vagy \u00e9pp vitorl\u00e1zni. De a nyitott hat\u00e1rok, \u00e9s a szabad","og_url":"https:\/\/liked.hu\/old\/erdekes\/10-titokzatos-hely-a-foldon\/","og_site_name":"Liked.hu","article_publisher":"https:\/\/www.facebook.com\/liked.hu","article_published_time":"2020-12-03T07:31:03+00:00","article_modified_time":"2020-12-03T07:31:57+00:00","og_image":[{"width":1200,"height":630,"url":"https:\/\/liked.hu\/old\/wp-content\/uploads\/2020\/07\/Titkos-helyek-a-Foldon.jpg","type":"image\/jpeg"}],"author":"Klingstrom","twitter_card":"summary","twitter_creator":"@LikedHu","twitter_site":"@LikedHu","twitter_misc":{"Szerz\u0151:":"Klingstrom","Becs\u00fclt olvas\u00e1si id\u0151":"1 perc"},"schema":{"@context":"https:\/\/schema.org","@graph":[{"@type":"Article","@id":"https:\/\/liked.hu\/old\/erdekes\/10-titokzatos-hely-a-foldon\/#article","isPartOf":{"@id":"https:\/\/liked.hu\/old\/erdekes\/10-titokzatos-hely-a-foldon\/"},"author":{"name":"Klingstrom","@id":"https:\/\/liked.hu\/old\/#\/schema\/person\/1c8d3f8764991e8dcd6572a7de72da8a"},"headline":"10 titokzatos hely a F\u00f6ld\u00f6n, ahov\u00e1 m\u00e9g a legbefoly\u00e1sosabb emberek sem tehetik be a l\u00e1bukat","datePublished":"2020-12-03T07:31:03+00:00","dateModified":"2020-12-03T07:31:57+00:00","mainEntityOfPage":{"@id":"https:\/\/liked.hu\/old\/erdekes\/10-titokzatos-hely-a-foldon\/"},"wordCount":150,"commentCount":14,"publisher":{"@id":"https:\/\/liked.hu\/old\/#organization"},"keywords":["hely","rejt\u00e9ly","rejt\u00e9lyes","titkos"],"articleSection":["\u00c9rdekess\u00e9gek"],"inLanguage":"hu","potentialAction":[{"@type":"CommentAction","name":"Comment","target":["https:\/\/liked.hu\/old\/erdekes\/10-titokzatos-hely-a-foldon\/#respond"]}]},{"@type":"WebPage","@id":"https:\/\/liked.hu\/old\/erdekes\/10-titokzatos-hely-a-foldon\/","url":"https:\/\/liked.hu\/old\/erdekes\/10-titokzatos-hely-a-foldon\/","name":"10 titokzatos hely a F\u00f6ld\u00f6n, ahov\u00e1 m\u00e9g a legbefoly\u00e1sosabb emberek sem tehetik be a l\u00e1bukat","isPartOf":{"@id":"https:\/\/liked.hu\/old\/#website"},"datePublished":"2020-12-03T07:31:03+00:00","dateModified":"2020-12-03T07:31:57+00:00","description":"Neh\u00e9z elk\u00e9pzelni, hogy manaps\u00e1g vannak olyan helyek a bolyg\u00f3n, ahol nem tudsz j\u00f6nni-menni, rep\u00fclni vagy \u00e9pp vitorl\u00e1zni. De a nyitott hat\u00e1rok, \u00e9s a szabad","breadcrumb":{"@id":"https:\/\/liked.hu\/old\/erdekes\/10-titokzatos-hely-a-foldon\/#breadcrumb"},"inLanguage":"hu","potentialAction":[{"@type":"ReadAction","target":["https:\/\/liked.hu\/old\/erdekes\/10-titokzatos-hely-a-foldon\/"]}]},{"@type":"BreadcrumbList","@id":"https:\/\/liked.hu\/old\/erdekes\/10-titokzatos-hely-a-foldon\/#breadcrumb","itemListElement":[{"@type":"ListItem","position":1,"name":"Kezd\u0151lap"}]},{"@type":"WebSite","@id":"https:\/\/liked.hu\/old\/#website","url":"https:\/\/liked.hu\/old\/","name":"Liked.hu","description":"","publisher":{"@id":"https:\/\/liked.hu\/old\/#organization"},"potentialAction":[{"@type":"SearchAction","target":{"@type":"EntryPoint","urlTemplate":"https:\/\/liked.hu\/old\/?s={search_term_string}"},"query-input":"required name=search_term_string"}],"inLanguage":"hu"},{"@type":"Organization","@id":"https:\/\/liked.hu\/old\/#organization","name":"Liked.hu","url":"https:\/\/liked.hu\/old\/","sameAs":["https:\/\/hu.pinterest.com\/likedhungary\/","https:\/\/www.youtube.com\/channel\/UCPv91dbMoIukYcM9b9nHN6Q","https:\/\/www.facebook.com\/liked.hu","https:\/\/twitter.com\/LikedHu"],"logo":{"@type":"ImageObject","inLanguage":"hu","@id":"https:\/\/liked.hu\/old\/#\/schema\/logo\/image\/","url":"https:\/\/liked.hu\/wp-content\/uploads\/2018\/08\/Liked-icon.png","contentUrl":"https:\/\/liked.hu\/wp-content\/uploads\/2018\/08\/Liked-icon.png","width":512,"height":512,"caption":"Liked.hu"},"image":{"@id":"https:\/\/liked.hu\/old\/#\/schema\/logo\/image\/"}},{"@type":"Person","@id":"https:\/\/liked.hu\/old\/#\/schema\/person\/1c8d3f8764991e8dcd6572a7de72da8a","name":"Klingstrom","image":{"@type":"ImageObject","inLanguage":"hu","@id":"https:\/\/liked.hu\/old\/#\/schema\/person\/image\/","url":"https:\/\/liked.hu\/old\/wp-content\/uploads\/avatars\/13\/604de88bd578a-bpfull.jpg","contentUrl":"https:\/\/liked.hu\/old\/wp-content\/uploads\/avatars\/13\/604de88bd578a-bpfull.jpg","caption":"Klingstrom"},"url":"https:\/\/liked.hu\/old\/u\/klingstrom\/"}]}},"publishpress_future_action":{"enabled":false,"date":"1970-01-01 01:00:00","action":"","terms":[],"taxonomy":"","browser_timezone_offset":0},"_links":{"self":[{"href":"https:\/\/liked.hu\/old\/wp-json\/wp\/v2\/posts\/213729"}],"collection":[{"href":"https:\/\/liked.hu\/old\/wp-json\/wp\/v2\/posts"}],"about":[{"href":"https:\/\/liked.hu\/old\/wp-json\/wp\/v2\/types\/post"}],"author":[{"embeddable":true,"href":"https:\/\/liked.hu\/old\/wp-json\/wp\/v2\/users\/13"}],"replies":[{"embeddable":true,"href":"https:\/\/liked.hu\/old\/wp-json\/wp\/v2\/comments?post=213729"}],"version-history":[{"count":0,"href":"https:\/\/liked.hu\/old\/wp-json\/wp\/v2\/posts\/213729\/revisions"}],"wp:featuredmedia":[{"embeddable":true,"href":"https:\/\/liked.hu\/old\/wp-json\/wp\/v2\/media\/213731"}],"wp:attachment":[{"href":"https:\/\/liked.hu\/old\/wp-json\/wp\/v2\/media?parent=213729"}],"wp:term":[{"taxonomy":"category","embeddable":true,"href":"https:\/\/liked.hu\/old\/wp-json\/wp\/v2\/categories?post=213729"},{"taxonomy":"post_tag","embeddable":true,"href":"https:\/\/liked.hu\/old\/wp-json\/wp\/v2\/tags?post=213729"}],"curies":[{"name":"wp","href":"https:\/\/api.w.org\/{rel}","templated":true}]}}