{"id":213402,"date":"2020-12-06T21:00:28","date_gmt":"2020-12-06T20:00:28","guid":{"rendered":"https:\/\/liked.hu\/old\/?p=213402"},"modified":"2020-12-06T21:01:22","modified_gmt":"2020-12-06T20:01:22","slug":"23-varatlan-teny-jackie-chanrol-aki-18-evesen-nem-tudott-olvasni","status":"publish","type":"post","link":"https:\/\/liked.hu\/old\/sztarok-es-celebek\/23-varatlan-teny-jackie-chanrol-aki-18-evesen-nem-tudott-olvasni\/","title":{"rendered":"23 v\u00e1ratlan t\u00e9ny Jackie Chanr\u0151l, aki 18 \u00e9vesen nem tudott olvasni \u00e9s 63 \u00e9vesen kapott Oscar-t"},"content":{"rendered":"<p>Mennyit tudsz Jackie Chanr\u0151l azon k\u00edv\u00fcl, hogy nem haszn\u00e1lt kaszkad\u0151r\u00f6ket a filmekben l\u00e1tott mutatv\u00e1nyaihoz? A sz\u00edn\u00e9sz \u00e9lete a val\u00f3s\u00e1gban sem kev\u00e9sb\u00e9 \u00e9rdekes, mint a k\u00e9perny\u0151n: a szerepl\u00e9sek, a j\u00f3t\u00e9konykod\u00e1sok, \u00e9s a rajong\u00f3kkal folytatott kommunik\u00e1ci\u00f3ja minden idej\u00e9t lefoglalja. De nem volt mindig \u00edgy.<\/p>\n<p style=\"text-align: center;\">\n<div style=\"float:none;margin:0px 0 0px 0;text-align:center;\">\n<div class=\"mobileShowkakettes\"><div class=\"mobileShowka2\"><div style=\"padding-top:0px;padding-bottom:15px;min-height: 300px;\"><div class=\"hirdetes\">HIRDET\u00c9S<\/div>\n<!-- 300lista -->\n<ins class=\"adsbygoogle\"\n     style=\"display:inline-block;width:300px;height:250px\"\n     data-ad-client=\"ca-pub-9424088931673893\"\n     data-ad-slot=\"8471340766\"><\/ins>\n<script async>\n     (adsbygoogle = window.adsbygoogle || []).push({});\n<\/script><\/div><\/div><\/div><\/div>\n<p>A <strong>Liked.hu<\/strong>-n\u00e1l most ut\u00e1naj\u00e1rtunk kicsit a t\u00f6rt\u00e9nelem egyik legnagyobb \u00e9s legszerethet\u0151bb sz\u00edn\u00e9sz legend\u00e1j\u00e1nak, akit a cikk v\u00e9g\u00e9re val\u00f3sz\u00edn\u0171leg csak m\u00e9g jobban fogsz szeretni, mint kor\u00e1bban.<\/p>\n<p><img loading=\"lazy\" class=\"aligncenter size-full wp-image-213407\" src=\"https:\/\/liked.hu\/old\/wp-content\/uploads\/2020\/07\/Jackie-Chan.jpg\" alt=\"Jackie Chan\" width=\"728\" height=\"410\" srcset=\"https:\/\/liked.hu\/old\/wp-content\/uploads\/2020\/07\/Jackie-Chan.jpg 728w, https:\/\/liked.hu\/old\/wp-content\/uploads\/2020\/07\/Jackie-Chan-300x169.jpg 300w, https:\/\/liked.hu\/old\/wp-content\/uploads\/2020\/07\/Jackie-Chan-500x282.jpg 500w, https:\/\/liked.hu\/old\/wp-content\/uploads\/2020\/07\/Jackie-Chan-360x203.jpg 360w\" sizes=\"(max-width: 728px) 100vw, 728px\" \/><\/p>\n<ul>\n<li style=\"list-style-type: none;\">\n<ul>\n<li class=\"cikk\">A sz\u00edn\u00e9sz val\u00f3di neve Chan Kong-sang, ami azt jelenti: \u201eHongkongban sz\u00fcletett\u201d.<\/li>\n<li class=\"cikk\">Sz\u00fclet\u00e9sekor k\u00f6zel 5,5 kil\u00f3 volt a s\u00falya, ez\u00e9rt az anyj\u00e1n\u00e1l cs\u00e1sz\u00e1rmetsz\u00e9st kellett alkalmazni. Chen sz\u00fclei annyira szeg\u00e9nyek voltak, hogy k\u00f6lcs\u00f6n kellett k\u00e9rni\u00fck a bar\u00e1taikt\u00f3l, hogy ki tudj\u00e1k fizetni a sz\u00fcl\u00e9szorvost.<\/li>\n<\/ul>\n<\/li>\n<\/ul>\n<ul>\n<li class=\"cikk\">A kis Chan \u00e9desapja szak\u00e1csk\u00e9nt dolgozott a francia nagyk\u00f6vets\u00e9gen, \u00e9desanyja h\u00e1ziasszony volt.<\/li>\n<li class=\"cikk\">Amikor Chen fiatal volt, a sz\u00fcleinek el kellett k\u00f6lt\u00f6znie, mivel megh\u00edvt\u00e1k \u00e9desapj\u00e1t az ausztr\u00e1liai amerikai nagyk\u00f6vets\u00e9ge. A fi\u00fat ek\u00f6zben a pekingi operaiskol\u00e1ba k\u00fcldt\u00e9k tanulni, ahol t\u00edz \u00e9vet t\u00f6lt\u00f6tt.<\/li>\n<li class=\"cikk\">Ez persze nem az\u00e9rt t\u00f6rt\u00e9nt, mert a sz\u00fcl\u0151k szerettek volna megszabadulni a fi\u00fakt\u00f3l, \u00e9pp ellenkez\u0151leg: felfigyeltek gyermek\u00fck kiv\u00e1l\u00f3 fizikai k\u00e9pess\u00e9geire, \u00e9s azt szerett\u00e9k volna, ha ezt tov\u00e1bb fejleszti.<\/li>\n<li class=\"cikk\">Chen megbukott az \u00e1ltal\u00e1nos iskola els\u0151 oszt\u00e1ly\u00e1ban, \u00e9s ezt a mai napig sajn\u00e1lja.<\/li>\n<li class=\"cikk\">Az operaiskol\u00e1ban azonban Channek j\u00f3 helye volt: m\u00e1r a beiratkoz\u00e1s el\u0151tt ismerte p\u00e9ld\u00e1ul a kung fu alapjait &#8211; az apja ugyanis minden reggel fel\u00e9bresztette Chant, hogy kik\u00e9pezze \u0151t, \u00e9s csak ut\u00e1na ment dolgozni.<\/li>\n<\/ul>\n<p style=\"text-align: center;\">\n<div style=\"float:none;margin:0px 0 0px 0;text-align:center;\">\n<div class=\"mobileHideke5\"><div style=\"margin-top:25px;\"><div class=\"hirdeteshatter\"><div style=\"display: inline-block;width: 50%;min-width:305px;vertical-align: top;\"><div class=\"hirdetes\">HIRDET\u00c9S<\/div>\n<!-- LikedQ51 -->\n<ins class=\"adsbygoogle\"\n     style=\"display:inline-block;width:300px;height:250px\"\n     data-ad-client=\"ca-pub-9424088931673893\"\n     data-ad-slot=\"8284063326\"><\/ins>\n<script async>\n     (adsbygoogle = window.adsbygoogle || []).push({});\n<\/script><\/div><div style=\"display: inline-block;width: 50%;min-width:305px;vertical-align: top;\"><div class=\"hirdetes\">HIRDET\u00c9S<\/div>\n<!-- LikedQ52 -->\n<ins class=\"adsbygoogle\"\n     style=\"display:inline-block;width:300px;height:250px\"\n     data-ad-client=\"ca-pub-9424088931673893\"\n     data-ad-slot=\"2840164950\"><\/ins>\n<script async>\n     (adsbygoogle = window.adsbygoogle || []).push({});\n<\/script><\/div><\/div><\/div><\/div>\n<div style=\"display:flex;flex-direction:column;\"><div class=\"mobileShowka5\"><div style=\"padding-top:10px;padding-bottom:10px;min-height: 300px;\"><div class=\"hirdetes\">HIRDET\u00c9S<\/div>\n<!-- LikedQ5M -->\n<ins class=\"adsbygoogle\"\n     style=\"display:inline-block;width:300px;height:250px\"\n     data-ad-client=\"ca-pub-9424088931673893\"\n     data-ad-slot=\"9022429928\"><\/ins>\n<script async>\n     (adsbygoogle = window.adsbygoogle || []).push({});\n<\/script><\/div><\/div><\/div><\/div>\n<p><img loading=\"lazy\" class=\"aligncenter size-full wp-image-213406\" src=\"https:\/\/liked.hu\/old\/wp-content\/uploads\/2020\/07\/Jackie-Chan-es-Bruce-Lee.jpg\" alt=\"Jackie Chan \u00e9s Bruce Lee\" width=\"728\" height=\"387\" srcset=\"https:\/\/liked.hu\/old\/wp-content\/uploads\/2020\/07\/Jackie-Chan-es-Bruce-Lee.jpg 728w, https:\/\/liked.hu\/old\/wp-content\/uploads\/2020\/07\/Jackie-Chan-es-Bruce-Lee-300x159.jpg 300w, https:\/\/liked.hu\/old\/wp-content\/uploads\/2020\/07\/Jackie-Chan-es-Bruce-Lee-500x266.jpg 500w, https:\/\/liked.hu\/old\/wp-content\/uploads\/2020\/07\/Jackie-Chan-es-Bruce-Lee-360x191.jpg 360w\" sizes=\"(max-width: 728px) 100vw, 728px\" \/><\/p>\n<ul>\n<li class=\"cikk\">Chen a pekingi operaiskol\u00e1ban harcm\u0171v\u00e9szetet, akrobatik\u00e1t, sz\u00edn\u00e9szetet \u00e9s \u00e9nekl\u00e9st is tanult, \u00e1m neh\u00e9zs\u00e9gei t\u00e1madtak az \u00e1tlagos iskolai tant\u00e1rgyakkal. Mire befejezte az iskol\u00e1t, a fi\u00fa nem tudott foly\u00e9konyan \u00edrni \u00e9s olvasni.<\/li>\n<li class=\"cikk\">Els\u0151 filmes szerep\u00e9t 8 \u00e9ves kor\u00e1ban kapta, de tin\u00e9dzserk\u00e9nt p\u00e9ld\u00e1ul m\u00e1r Bruce Lee-vel k\u00f6z\u00f6sen szerepelt a \u201eA s\u00e1rk\u00e1ny k\u00f6zbel\u00e9p\u201d \u00e9s a \u201eTombol\u00f3 \u00f6k\u00f6l\u201d c\u00edm\u0171 film extra jeleneteiben. Jackie nagyon tisztelte Bruce Lee-t, \u00e9s mindig \u00fagy gondolta, hogy es\u00e9lye sem lenne egy vele elleni harcban.<\/li>\n<li class=\"cikk\">A diploma megszerz\u00e9se ut\u00e1n Chen nem tal\u00e1lt munk\u00e1t Hongkongban, ez\u00e9rt a sz\u00fcleivel egy\u00fctt Canberraba k\u00f6lt\u00f6z\u00f6tt. Itt \u00e1ll\u00e1st kapott egy \u00e9p\u00edtkez\u00e9sen, egy Jack nev\u0171 munk\u00e1s seg\u00e9dje lett. Mivel a munkat\u00e1rsai nem tudt\u00e1k kiejteni a sz\u00fclet\u00e9si nev\u00e9t, ez\u00e9rt koll\u00e9g\u00e1i csak \u201ekis Jack\u201d-nek h\u00edvt\u00e1k \u0151t.<\/li>\n<li class=\"cikk\">Fiatalkor\u00e1ban Jackie a szerepek hi\u00e1nya miatt sokszor j\u00e1tszott rossz fi\u00fakat a filmekben. Miut\u00e1n azonban szt\u00e1r lett bel\u0151le, mindig elutas\u00edtotta az ilyen aj\u00e1nlatokat, mert nem szeretett volna az akci\u00f3filmek tipikus gazember\u00e9v\u00e9 v\u00e1lni.<\/li>\n<\/ul>\n<p style=\"text-align: center;\">\n<div style=\"float:none;margin:0px 0 0px 0;text-align:center;\">\n<div class=\"mobileHideke8\"><div style=\"margin-top:25px;\"><div class=\"hirdeteshatter\"><div style=\"display: inline-block;width: 50%;min-width:340px;vertical-align: top;\"><div class=\"hirdetes\">HIRDET\u00c9S<\/div>\n<!-- Liked7Q1 -->\n<ins class=\"adsbygoogle\"\n     style=\"display:inline-block;width:336px;height:280px\"\n     data-ad-client=\"ca-pub-9424088931673893\"\n     data-ad-slot=\"3022062587\"><\/ins>\n<script async>\n     (adsbygoogle = window.adsbygoogle || []).push({});\n<\/script><\/div><div style=\"display: inline-block;width: 50%;min-width:340px;vertical-align: top;\"><div class=\"hirdetes\">HIRDET\u00c9S<\/div>\n<!-- Liked7Q2 -->\n<ins class=\"adsbygoogle\"\n     style=\"display:inline-block;width:336px;height:280px\"\n     data-ad-client=\"ca-pub-9424088931673893\"\n     data-ad-slot=\"3952000871\"><\/ins>\n<script async>\n     (adsbygoogle = window.adsbygoogle || []).push({});\n<\/script><\/div><\/div><\/div><\/div>\n<div style=\"display:flex;flex-direction:column;\"><div class=\"mobileShowka8\"><div style=\"padding-top:15px;margin-bottom:15px;min-height: 300px;\"><div class=\"hirdetes\">HIRDET\u00c9S<\/div>\n<!-- Liked7QMobil -->\n<ins class=\"adsbygoogle\"\n     style=\"display:inline-block;width:336px;height:280px\"\n     data-ad-client=\"ca-pub-9424088931673893\"\n     data-ad-slot=\"5073510857\"><\/ins>\n<script async>\n     (adsbygoogle = window.adsbygoogle || []).push({});\n<\/script><\/div><\/div><\/div><\/div>\n<p><img loading=\"lazy\" class=\"aligncenter size-full wp-image-213405\" src=\"https:\/\/liked.hu\/old\/wp-content\/uploads\/2020\/07\/Jackie-Chan-elete.jpg\" alt=\"Jackie Chan \u00e9lete\" width=\"728\" height=\"410\" srcset=\"https:\/\/liked.hu\/old\/wp-content\/uploads\/2020\/07\/Jackie-Chan-elete.jpg 728w, https:\/\/liked.hu\/old\/wp-content\/uploads\/2020\/07\/Jackie-Chan-elete-300x169.jpg 300w, https:\/\/liked.hu\/old\/wp-content\/uploads\/2020\/07\/Jackie-Chan-elete-500x282.jpg 500w, https:\/\/liked.hu\/old\/wp-content\/uploads\/2020\/07\/Jackie-Chan-elete-360x203.jpg 360w\" sizes=\"(max-width: 728px) 100vw, 728px\" \/><\/p>\n<ul>\n<li class=\"cikk\">Kevesen tudj\u00e1k, de Jackie \u00e9nekelt a pekingi olimpia z\u00e1r\u00f3 \u00fcnneps\u00e9g\u00e9n \u2013 teljesen meg\u00e9rdemelten, teszem azt hozz\u00e1, mert ekkoriban m\u00e1r 20 saj\u00e1t zenei albumja volt, \u00e9s t\u00f6k\u00e9letesen \u00e9nekelt angolul, jap\u00e1nul \u00e9s k\u00e9t k\u00ednai nyelvj\u00e1r\u00e1ssal. Jakcie a filmjeiben is sz\u00edvesen \u00e9nekelt, \u00e9s gyakran szinkroniz\u00e1lt gyerekfilmeket. \u0150 adta p\u00e9ld\u00e1ul Lee Sang hangj\u00e1t a Mulan c\u00edm\u0171 filmben.<\/li>\n<li class=\"cikk\">A sz\u00edn\u00e9sz egy nap cip\u0151boltba ment, de hamarosan rajong\u00f3k t\u00f6mege, k\u00f6r\u00fclbel\u00fcl 20 ezer ember vette \u0151t k\u00f6r\u00fcl. A rend\u0151rs\u00e9gnek kordont kellett emelnie, hogy a Jackie el tudja hagyni az \u00fczletet.<\/li>\n<li class=\"cikk\">Amikor Jackie megszerezte az els\u0151 milli\u00f3j\u00e1t, nem tudta, hogy mit csin\u00e1ljon a p\u00e9nzzel. Annyira \u00faj volt m\u00e9g neki a helyzet, hogy egyszer egy f\u00e9lmilli\u00f3 hongkongi doll\u00e1rral teli t\u00e1sk\u00e1val ment be egy boltba, \u00e9s megk\u00e9rdezte az elad\u00f3t, hogy melyik a legdr\u00e1g\u00e1bb \u00f3r\u00e1juk. 7 darabot is v\u00e1s\u00e1rolt bel\u0151le. A k\u00f6vetkez\u0151 h\u00e9ten Jackie minden nap \u00faj \u00f3r\u00e1t hordott, \u00e9s direkt felt\u0171rte az ingujj\u00e1t, hogy ezt mindenki l\u00e1ssa rajta.<\/li>\n<li class=\"cikk\">A sz\u00edn\u00e9sznek k\u00e9t kedvenc panda-pl\u00fcss\u00e1llata van, Lei \u00e9s Zee, akiket 9 \u00e9ve hordoz mag\u00e1val a vil\u00e1g minden t\u00e1j\u00e1ra, szt\u00e1rokkal f\u00e9nyk\u00e9pezi \u0151ket, s\u0151t m\u00e9g a sz\u00fclet\u00e9snapj\u00e1t is vel\u00fck \u00fcnnepli.<\/li>\n<li class=\"cikk\">Jackie 2 igazi \u00f3ri\u00e1spand\u00e1r\u00f3l is gondoskodik, \u0151k a Csengdu \u00e1llatk\u00f6zpontban \u00e9lnek.<\/li>\n<\/ul>\n<p><img loading=\"lazy\" class=\"aligncenter size-full wp-image-213404\" src=\"https:\/\/liked.hu\/old\/wp-content\/uploads\/2020\/07\/Jackie-Chan-tenyek.jpg\" alt=\"Jackie Chan t\u00e9nyek\" width=\"728\" height=\"490\" srcset=\"https:\/\/liked.hu\/old\/wp-content\/uploads\/2020\/07\/Jackie-Chan-tenyek.jpg 728w, https:\/\/liked.hu\/old\/wp-content\/uploads\/2020\/07\/Jackie-Chan-tenyek-300x202.jpg 300w, https:\/\/liked.hu\/old\/wp-content\/uploads\/2020\/07\/Jackie-Chan-tenyek-500x337.jpg 500w, https:\/\/liked.hu\/old\/wp-content\/uploads\/2020\/07\/Jackie-Chan-tenyek-360x242.jpg 360w\" sizes=\"(max-width: 728px) 100vw, 728px\" \/><\/p>\n<p style=\"text-align: center;\">\n<div style=\"float:none;margin:0px 0 0px 0;text-align:center;\">\n<div class=\"mobileHideke8\"><div class=\"hirdeteshatter\"><div style=\"display: inline-block;width: 50%;min-width:340px;vertical-align: top;\"><div class=\"hirdetes\">HIRDET\u00c9S<\/div>\n<!-- LikedQ81 -->\n<ins class=\"adsbygoogle\"\n     style=\"display:inline-block;width:336px;height:280px\"\n     data-ad-client=\"ca-pub-9424088931673893\"\n     data-ad-slot=\"2436840276\"><\/ins>\n<script async>\n     (adsbygoogle = window.adsbygoogle || []).push({});\n<\/script><\/div><div style=\"display: inline-block;width: 50%;min-width:340px;vertical-align: top;\"><div class=\"hirdetes\">HIRDET\u00c9S<\/div>\n<!-- LikedQ82 -->\n<ins class=\"adsbygoogle\"\n     style=\"display:inline-block;width:336px;height:280px\"\n     data-ad-client=\"ca-pub-9424088931673893\"\n     data-ad-slot=\"3558350253\"><\/ins>\n<script async>\n     (adsbygoogle = window.adsbygoogle || []).push({});\n<\/script><\/div><\/div><\/div>\n<div style=\"display:flex;flex-direction:column;\"><div class=\"mobileShowka8 nyolc\"><div style=\"padding-top:15px;padding-bottom:5px;min-height: 300px;\"><div class=\"hirdetes\">HIRDET\u00c9S<\/div>\n<!-- LikedQ8M -->\n<ins class=\"adsbygoogle\"\n     style=\"display:inline-block;width:336px;height:280px\"\n     data-ad-client=\"ca-pub-9424088931673893\"\n     data-ad-slot=\"4679860235\"><\/ins>\n<script async>\n     (adsbygoogle = window.adsbygoogle || []).push({});\n<\/script><\/div><\/div><\/div><\/div>\n<ul>\n<li class=\"cikk\">Jackie Chan k\u00e9tszer is beker\u00fclt a Guinness Rekordok k\u00f6nyv\u00e9be: \u0151 csin\u00e1lta a legt\u00f6bb saj\u00e1t maga \u00e1ltal v\u00e9grehajtott kaszkad\u0151rmutatv\u00e1nyt a karrierje sor\u00e1n, \u00e9s \u0151 volt az a sz\u00edn\u00e9sz, aki a legt\u00f6bb feladatot v\u00e1llalta el egy film k\u00e9sz\u00edt\u00e9se k\u00f6zben: Az istenek fegyverzete 3. c\u00edm\u0171 filmben Jackie volt a rendez\u0151, a sz\u00edn\u00e9sz, emellett \u00e9nekelt, kamer\u00e1zott, a vil\u00e1g\u00edt\u00e1s\u00e9rt felelt, \u00e9s m\u00e9g a st\u00e1b t\u00f6bbi tagj\u00e1t is folyamatosan t\u00e1mogatta, seg\u00edtette. \u00d6sszesen 15 munkak\u00f6rben tev\u00e9kenykedett.<\/li>\n<li class=\"cikk\">Megkapta a Brit Birodalom Rendje aranylovagi d\u00edj\u00e1t, de nem \u00fct\u00f6tt\u00e9k lovagg\u00e1, mivel azt csak brit emberek \u00e9rdemelhetik ki.<\/li>\n<li class=\"cikk\">A sz\u00edn\u00e9sz tiszteletbeli tagja a Los Angeles-i rend\u0151rs\u00e9gnek.<\/li>\n<li class=\"cikk\">2016-ban Oscar-d\u00edjat kapott a filmm\u0171v\u00e9szetben v\u00e9ghez vitt teljes\u00edtm\u00e9ny\u00e9\u00e9rt.<\/li>\n<\/ul>\n<p><img loading=\"lazy\" class=\"aligncenter size-full wp-image-213403\" src=\"https:\/\/liked.hu\/old\/wp-content\/uploads\/2020\/07\/Jackie-Chan-erdekessegek.jpg\" alt=\"Jackie Chan \u00e9rdekess\u00e9gek\" width=\"728\" height=\"478\" srcset=\"https:\/\/liked.hu\/old\/wp-content\/uploads\/2020\/07\/Jackie-Chan-erdekessegek.jpg 728w, https:\/\/liked.hu\/old\/wp-content\/uploads\/2020\/07\/Jackie-Chan-erdekessegek-300x197.jpg 300w, https:\/\/liked.hu\/old\/wp-content\/uploads\/2020\/07\/Jackie-Chan-erdekessegek-500x328.jpg 500w, https:\/\/liked.hu\/old\/wp-content\/uploads\/2020\/07\/Jackie-Chan-erdekessegek-360x236.jpg 360w\" sizes=\"(max-width: 728px) 100vw, 728px\" \/><\/p>\n<ul>\n<li class=\"cikk\">Jackie Chan 37 \u00e9vig volt h\u00e1zas Lin Feng-jiao sz\u00edn\u00e9szn\u0151vel. Amikor a p\u00e1r el\u0151sz\u00f6r tal\u00e1lkozott, Lin m\u00e9g sokkal h\u00edresebb volt, mint Jackie. A kapcsolatukat sok\u00e1ig rejtegetni\u00fck kellett a vil\u00e1g el\u0151l, mert a k\u00e9t f\u00e9l rajong\u00f3i t\u00fal er\u0151szakosan reag\u00e1ltak arra, hogy szeretett b\u00e1lv\u00e1nyuknak bek\u00f6t\u00f6tt\u00e9k a fej\u00e9t.<\/li>\n<li class=\"cikk\">A sz\u00edn\u00e9sz szerint a szerelem olyan, mint egy fagylalt. Igen, szereti a fagylaltot.<\/li>\n<li class=\"cikk\">Kedvenc \u00e9tele a v\u00f6r\u00f6s vagy z\u00f6ldbab leves.<\/li>\n<li class=\"cikk\">Jackie-nek egy\u00e9bk\u00e9nt kuty\u00e1i is vannak: JJ \u00e9s Jones, k\u00e9t aranyos golden retriever.<\/li>\n<\/ul>\n<div class='custom-oembed-error'>\n<p><!-- Could not embed --><a href=\"https:\/\/www.instagram.com\/p\/Bfcn8CBH77X\/\">View Link<\/a><\/p>\n<\/div>\n","protected":false},"excerpt":{"rendered":"<p>Mennyit tudsz Jackie Chanr\u0151l azon k\u00edv\u00fcl, hogy nem haszn\u00e1lt kaszkad\u0151r\u00f6ket a filmekben l\u00e1tott mutatv\u00e1nyaihoz? A sz\u00edn\u00e9sz \u00e9lete a val\u00f3s\u00e1gban sem kev\u00e9sb\u00e9 \u00e9rdekes, mint a k\u00e9perny\u0151n: a szerepl\u00e9sek, a j\u00f3t\u00e9konykod\u00e1sok, \u00e9s a rajong\u00f3kkal folytatott kommunik\u00e1ci\u00f3ja minden idej\u00e9t lefoglalja. De nem volt mindig \u00edgy. A Liked.hu-n\u00e1l most ut\u00e1naj\u00e1rtunk kicsit a t\u00f6rt\u00e9nelem egyik legnagyobb \u00e9s legszerethet\u0151bb sz\u00edn\u00e9sz legend\u00e1j\u00e1nak, [&hellip;]<\/p>\n","protected":false},"author":7,"featured_media":213409,"comment_status":"open","ping_status":"closed","sticky":false,"template":"","format":"standard","meta":{"buzzeditor_post_format":""},"categories":[8667],"tags":[647,796,9018,5823,2569],"yoast_head":"<!-- This site is optimized with the Yoast SEO plugin v19.6.1 - https:\/\/yoast.com\/wordpress\/plugins\/seo\/ -->\n<title>23 v\u00e1ratlan t\u00e9ny Jackie Chanr\u0151l, aki 18 \u00e9vesen nem tudott olvasni \u00e9s 63 \u00e9vesen kapott Oscar-t<\/title>\n<meta name=\"description\" content=\"Mennyit tudsz Jackie Chanr\u0151l azon k\u00edv\u00fcl, hogy nem haszn\u00e1lt kaszkad\u0151r\u00f6ket a filmekben l\u00e1tott mutatv\u00e1nyaihoz? A sz\u00edn\u00e9sz \u00e9lete a val\u00f3s\u00e1gban sem kev\u00e9sb\u00e9\" \/>\n<meta name=\"robots\" content=\"index, follow, max-snippet:-1, max-image-preview:large, max-video-preview:-1\" \/>\n<link rel=\"canonical\" href=\"https:\/\/liked.hu\/old\/sztarok-es-celebek\/23-varatlan-teny-jackie-chanrol-aki-18-evesen-nem-tudott-olvasni\/\" \/>\n<meta property=\"og:locale\" content=\"hu_HU\" \/>\n<meta property=\"og:type\" content=\"article\" \/>\n<meta property=\"og:title\" content=\"23 v\u00e1ratlan t\u00e9ny Jackie Chanr\u0151l, aki 18 \u00e9vesen nem tudott olvasni \u00e9s 63 \u00e9vesen kapott Oscar-t\" \/>\n<meta property=\"og:description\" content=\"Mennyit tudsz Jackie Chanr\u0151l azon k\u00edv\u00fcl, hogy nem haszn\u00e1lt kaszkad\u0151r\u00f6ket a filmekben l\u00e1tott mutatv\u00e1nyaihoz? A sz\u00edn\u00e9sz \u00e9lete a val\u00f3s\u00e1gban sem kev\u00e9sb\u00e9\" \/>\n<meta property=\"og:url\" content=\"https:\/\/liked.hu\/old\/sztarok-es-celebek\/23-varatlan-teny-jackie-chanrol-aki-18-evesen-nem-tudott-olvasni\/\" \/>\n<meta property=\"og:site_name\" content=\"Liked.hu\" \/>\n<meta property=\"article:publisher\" content=\"https:\/\/www.facebook.com\/liked.hu\" \/>\n<meta property=\"article:published_time\" content=\"2020-12-06T20:00:28+00:00\" \/>\n<meta property=\"article:modified_time\" content=\"2020-12-06T20:01:22+00:00\" \/>\n<meta property=\"og:image\" content=\"https:\/\/liked.hu\/old\/wp-content\/uploads\/2020\/07\/Jackie-Chan-elete-erdekessegek.jpg\" \/>\n\t<meta property=\"og:image:width\" content=\"1200\" \/>\n\t<meta property=\"og:image:height\" content=\"630\" \/>\n\t<meta property=\"og:image:type\" content=\"image\/jpeg\" \/>\n<meta name=\"author\" content=\"Tiborc\" \/>\n<meta name=\"twitter:card\" content=\"summary\" \/>\n<meta name=\"twitter:creator\" content=\"@LikedHu\" \/>\n<meta name=\"twitter:site\" content=\"@LikedHu\" \/>\n<meta name=\"twitter:label1\" content=\"Szerz\u0151:\" \/>\n\t<meta name=\"twitter:data1\" content=\"Tiborc\" \/>\n\t<meta name=\"twitter:label2\" content=\"Becs\u00fclt olvas\u00e1si id\u0151\" \/>\n\t<meta name=\"twitter:data2\" content=\"5 perc\" \/>\n<script type=\"application\/ld+json\" class=\"yoast-schema-graph\">{\"@context\":\"https:\/\/schema.org\",\"@graph\":[{\"@type\":\"Article\",\"@id\":\"https:\/\/liked.hu\/old\/sztarok-es-celebek\/23-varatlan-teny-jackie-chanrol-aki-18-evesen-nem-tudott-olvasni\/#article\",\"isPartOf\":{\"@id\":\"https:\/\/liked.hu\/old\/sztarok-es-celebek\/23-varatlan-teny-jackie-chanrol-aki-18-evesen-nem-tudott-olvasni\/\"},\"author\":{\"name\":\"Tiborc\",\"@id\":\"https:\/\/liked.hu\/old\/#\/schema\/person\/8b92210be73c8af1a8255bd30ebe772b\"},\"headline\":\"23 v\u00e1ratlan t\u00e9ny Jackie Chanr\u0151l, aki 18 \u00e9vesen nem tudott olvasni \u00e9s 63 \u00e9vesen kapott Oscar-t\",\"datePublished\":\"2020-12-06T20:00:28+00:00\",\"dateModified\":\"2020-12-06T20:01:22+00:00\",\"mainEntityOfPage\":{\"@id\":\"https:\/\/liked.hu\/old\/sztarok-es-celebek\/23-varatlan-teny-jackie-chanrol-aki-18-evesen-nem-tudott-olvasni\/\"},\"wordCount\":1097,\"commentCount\":7,\"publisher\":{\"@id\":\"https:\/\/liked.hu\/old\/#organization\"},\"keywords\":[\"\u00e9rdekes\",\"film\",\"jackie chan\",\"Ma tudtam meg!\",\"t\u00e9nyek\"],\"articleSection\":[\"Szt\u00e1rok \u00e9s celebek\"],\"inLanguage\":\"hu\",\"potentialAction\":[{\"@type\":\"CommentAction\",\"name\":\"Comment\",\"target\":[\"https:\/\/liked.hu\/old\/sztarok-es-celebek\/23-varatlan-teny-jackie-chanrol-aki-18-evesen-nem-tudott-olvasni\/#respond\"]}]},{\"@type\":\"WebPage\",\"@id\":\"https:\/\/liked.hu\/old\/sztarok-es-celebek\/23-varatlan-teny-jackie-chanrol-aki-18-evesen-nem-tudott-olvasni\/\",\"url\":\"https:\/\/liked.hu\/old\/sztarok-es-celebek\/23-varatlan-teny-jackie-chanrol-aki-18-evesen-nem-tudott-olvasni\/\",\"name\":\"23 v\u00e1ratlan t\u00e9ny Jackie Chanr\u0151l, aki 18 \u00e9vesen nem tudott olvasni \u00e9s 63 \u00e9vesen kapott Oscar-t\",\"isPartOf\":{\"@id\":\"https:\/\/liked.hu\/old\/#website\"},\"datePublished\":\"2020-12-06T20:00:28+00:00\",\"dateModified\":\"2020-12-06T20:01:22+00:00\",\"description\":\"Mennyit tudsz Jackie Chanr\u0151l azon k\u00edv\u00fcl, hogy nem haszn\u00e1lt kaszkad\u0151r\u00f6ket a filmekben l\u00e1tott mutatv\u00e1nyaihoz? A sz\u00edn\u00e9sz \u00e9lete a val\u00f3s\u00e1gban sem kev\u00e9sb\u00e9\",\"breadcrumb\":{\"@id\":\"https:\/\/liked.hu\/old\/sztarok-es-celebek\/23-varatlan-teny-jackie-chanrol-aki-18-evesen-nem-tudott-olvasni\/#breadcrumb\"},\"inLanguage\":\"hu\",\"potentialAction\":[{\"@type\":\"ReadAction\",\"target\":[\"https:\/\/liked.hu\/old\/sztarok-es-celebek\/23-varatlan-teny-jackie-chanrol-aki-18-evesen-nem-tudott-olvasni\/\"]}]},{\"@type\":\"BreadcrumbList\",\"@id\":\"https:\/\/liked.hu\/old\/sztarok-es-celebek\/23-varatlan-teny-jackie-chanrol-aki-18-evesen-nem-tudott-olvasni\/#breadcrumb\",\"itemListElement\":[{\"@type\":\"ListItem\",\"position\":1,\"name\":\"Kezd\u0151lap\",\"item\":\"https:\/\/liked.hu\/old\/\"},{\"@type\":\"ListItem\",\"position\":2,\"name\":\"23 v\u00e1ratlan t\u00e9ny Jackie Chanr\u0151l, aki 18 \u00e9vesen nem tudott olvasni \u00e9s 63 \u00e9vesen kapott Oscar-t\"}]},{\"@type\":\"WebSite\",\"@id\":\"https:\/\/liked.hu\/old\/#website\",\"url\":\"https:\/\/liked.hu\/old\/\",\"name\":\"Liked.hu\",\"description\":\"\",\"publisher\":{\"@id\":\"https:\/\/liked.hu\/old\/#organization\"},\"potentialAction\":[{\"@type\":\"SearchAction\",\"target\":{\"@type\":\"EntryPoint\",\"urlTemplate\":\"https:\/\/liked.hu\/old\/?s={search_term_string}\"},\"query-input\":\"required name=search_term_string\"}],\"inLanguage\":\"hu\"},{\"@type\":\"Organization\",\"@id\":\"https:\/\/liked.hu\/old\/#organization\",\"name\":\"Liked.hu\",\"url\":\"https:\/\/liked.hu\/old\/\",\"sameAs\":[\"https:\/\/hu.pinterest.com\/likedhungary\/\",\"https:\/\/www.youtube.com\/channel\/UCPv91dbMoIukYcM9b9nHN6Q\",\"https:\/\/www.facebook.com\/liked.hu\",\"https:\/\/twitter.com\/LikedHu\"],\"logo\":{\"@type\":\"ImageObject\",\"inLanguage\":\"hu\",\"@id\":\"https:\/\/liked.hu\/old\/#\/schema\/logo\/image\/\",\"url\":\"https:\/\/liked.hu\/wp-content\/uploads\/2018\/08\/Liked-icon.png\",\"contentUrl\":\"https:\/\/liked.hu\/wp-content\/uploads\/2018\/08\/Liked-icon.png\",\"width\":512,\"height\":512,\"caption\":\"Liked.hu\"},\"image\":{\"@id\":\"https:\/\/liked.hu\/old\/#\/schema\/logo\/image\/\"}},{\"@type\":\"Person\",\"@id\":\"https:\/\/liked.hu\/old\/#\/schema\/person\/8b92210be73c8af1a8255bd30ebe772b\",\"name\":\"Tiborc\",\"image\":{\"@type\":\"ImageObject\",\"inLanguage\":\"hu\",\"@id\":\"https:\/\/liked.hu\/old\/#\/schema\/person\/image\/\",\"url\":\"https:\/\/liked.hu\/old\/wp-content\/uploads\/avatars\/7\/604de8ed2ffd6-bpfull.jpg\",\"contentUrl\":\"https:\/\/liked.hu\/old\/wp-content\/uploads\/avatars\/7\/604de8ed2ffd6-bpfull.jpg\",\"caption\":\"Tiborc\"},\"url\":\"https:\/\/liked.hu\/old\/u\/tiborc\/\"}]}<\/script>\n<!-- \/ Yoast SEO plugin. -->","yoast_head_json":{"title":"23 v\u00e1ratlan t\u00e9ny Jackie Chanr\u0151l, aki 18 \u00e9vesen nem tudott olvasni \u00e9s 63 \u00e9vesen kapott Oscar-t","description":"Mennyit tudsz Jackie Chanr\u0151l azon k\u00edv\u00fcl, hogy nem haszn\u00e1lt kaszkad\u0151r\u00f6ket a filmekben l\u00e1tott mutatv\u00e1nyaihoz? A sz\u00edn\u00e9sz \u00e9lete a val\u00f3s\u00e1gban sem kev\u00e9sb\u00e9","robots":{"index":"index","follow":"follow","max-snippet":"max-snippet:-1","max-image-preview":"max-image-preview:large","max-video-preview":"max-video-preview:-1"},"canonical":"https:\/\/liked.hu\/old\/sztarok-es-celebek\/23-varatlan-teny-jackie-chanrol-aki-18-evesen-nem-tudott-olvasni\/","og_locale":"hu_HU","og_type":"article","og_title":"23 v\u00e1ratlan t\u00e9ny Jackie Chanr\u0151l, aki 18 \u00e9vesen nem tudott olvasni \u00e9s 63 \u00e9vesen kapott Oscar-t","og_description":"Mennyit tudsz Jackie Chanr\u0151l azon k\u00edv\u00fcl, hogy nem haszn\u00e1lt kaszkad\u0151r\u00f6ket a filmekben l\u00e1tott mutatv\u00e1nyaihoz? A sz\u00edn\u00e9sz \u00e9lete a val\u00f3s\u00e1gban sem kev\u00e9sb\u00e9","og_url":"https:\/\/liked.hu\/old\/sztarok-es-celebek\/23-varatlan-teny-jackie-chanrol-aki-18-evesen-nem-tudott-olvasni\/","og_site_name":"Liked.hu","article_publisher":"https:\/\/www.facebook.com\/liked.hu","article_published_time":"2020-12-06T20:00:28+00:00","article_modified_time":"2020-12-06T20:01:22+00:00","og_image":[{"width":1200,"height":630,"url":"https:\/\/liked.hu\/old\/wp-content\/uploads\/2020\/07\/Jackie-Chan-elete-erdekessegek.jpg","type":"image\/jpeg"}],"author":"Tiborc","twitter_card":"summary","twitter_creator":"@LikedHu","twitter_site":"@LikedHu","twitter_misc":{"Szerz\u0151:":"Tiborc","Becs\u00fclt olvas\u00e1si id\u0151":"5 perc"},"schema":{"@context":"https:\/\/schema.org","@graph":[{"@type":"Article","@id":"https:\/\/liked.hu\/old\/sztarok-es-celebek\/23-varatlan-teny-jackie-chanrol-aki-18-evesen-nem-tudott-olvasni\/#article","isPartOf":{"@id":"https:\/\/liked.hu\/old\/sztarok-es-celebek\/23-varatlan-teny-jackie-chanrol-aki-18-evesen-nem-tudott-olvasni\/"},"author":{"name":"Tiborc","@id":"https:\/\/liked.hu\/old\/#\/schema\/person\/8b92210be73c8af1a8255bd30ebe772b"},"headline":"23 v\u00e1ratlan t\u00e9ny Jackie Chanr\u0151l, aki 18 \u00e9vesen nem tudott olvasni \u00e9s 63 \u00e9vesen kapott Oscar-t","datePublished":"2020-12-06T20:00:28+00:00","dateModified":"2020-12-06T20:01:22+00:00","mainEntityOfPage":{"@id":"https:\/\/liked.hu\/old\/sztarok-es-celebek\/23-varatlan-teny-jackie-chanrol-aki-18-evesen-nem-tudott-olvasni\/"},"wordCount":1097,"commentCount":7,"publisher":{"@id":"https:\/\/liked.hu\/old\/#organization"},"keywords":["\u00e9rdekes","film","jackie chan","Ma tudtam meg!","t\u00e9nyek"],"articleSection":["Szt\u00e1rok \u00e9s celebek"],"inLanguage":"hu","potentialAction":[{"@type":"CommentAction","name":"Comment","target":["https:\/\/liked.hu\/old\/sztarok-es-celebek\/23-varatlan-teny-jackie-chanrol-aki-18-evesen-nem-tudott-olvasni\/#respond"]}]},{"@type":"WebPage","@id":"https:\/\/liked.hu\/old\/sztarok-es-celebek\/23-varatlan-teny-jackie-chanrol-aki-18-evesen-nem-tudott-olvasni\/","url":"https:\/\/liked.hu\/old\/sztarok-es-celebek\/23-varatlan-teny-jackie-chanrol-aki-18-evesen-nem-tudott-olvasni\/","name":"23 v\u00e1ratlan t\u00e9ny Jackie Chanr\u0151l, aki 18 \u00e9vesen nem tudott olvasni \u00e9s 63 \u00e9vesen kapott Oscar-t","isPartOf":{"@id":"https:\/\/liked.hu\/old\/#website"},"datePublished":"2020-12-06T20:00:28+00:00","dateModified":"2020-12-06T20:01:22+00:00","description":"Mennyit tudsz Jackie Chanr\u0151l azon k\u00edv\u00fcl, hogy nem haszn\u00e1lt kaszkad\u0151r\u00f6ket a filmekben l\u00e1tott mutatv\u00e1nyaihoz? A sz\u00edn\u00e9sz \u00e9lete a val\u00f3s\u00e1gban sem kev\u00e9sb\u00e9","breadcrumb":{"@id":"https:\/\/liked.hu\/old\/sztarok-es-celebek\/23-varatlan-teny-jackie-chanrol-aki-18-evesen-nem-tudott-olvasni\/#breadcrumb"},"inLanguage":"hu","potentialAction":[{"@type":"ReadAction","target":["https:\/\/liked.hu\/old\/sztarok-es-celebek\/23-varatlan-teny-jackie-chanrol-aki-18-evesen-nem-tudott-olvasni\/"]}]},{"@type":"BreadcrumbList","@id":"https:\/\/liked.hu\/old\/sztarok-es-celebek\/23-varatlan-teny-jackie-chanrol-aki-18-evesen-nem-tudott-olvasni\/#breadcrumb","itemListElement":[{"@type":"ListItem","position":1,"name":"Kezd\u0151lap","item":"https:\/\/liked.hu\/old\/"},{"@type":"ListItem","position":2,"name":"23 v\u00e1ratlan t\u00e9ny Jackie Chanr\u0151l, aki 18 \u00e9vesen nem tudott olvasni \u00e9s 63 \u00e9vesen kapott Oscar-t"}]},{"@type":"WebSite","@id":"https:\/\/liked.hu\/old\/#website","url":"https:\/\/liked.hu\/old\/","name":"Liked.hu","description":"","publisher":{"@id":"https:\/\/liked.hu\/old\/#organization"},"potentialAction":[{"@type":"SearchAction","target":{"@type":"EntryPoint","urlTemplate":"https:\/\/liked.hu\/old\/?s={search_term_string}"},"query-input":"required name=search_term_string"}],"inLanguage":"hu"},{"@type":"Organization","@id":"https:\/\/liked.hu\/old\/#organization","name":"Liked.hu","url":"https:\/\/liked.hu\/old\/","sameAs":["https:\/\/hu.pinterest.com\/likedhungary\/","https:\/\/www.youtube.com\/channel\/UCPv91dbMoIukYcM9b9nHN6Q","https:\/\/www.facebook.com\/liked.hu","https:\/\/twitter.com\/LikedHu"],"logo":{"@type":"ImageObject","inLanguage":"hu","@id":"https:\/\/liked.hu\/old\/#\/schema\/logo\/image\/","url":"https:\/\/liked.hu\/wp-content\/uploads\/2018\/08\/Liked-icon.png","contentUrl":"https:\/\/liked.hu\/wp-content\/uploads\/2018\/08\/Liked-icon.png","width":512,"height":512,"caption":"Liked.hu"},"image":{"@id":"https:\/\/liked.hu\/old\/#\/schema\/logo\/image\/"}},{"@type":"Person","@id":"https:\/\/liked.hu\/old\/#\/schema\/person\/8b92210be73c8af1a8255bd30ebe772b","name":"Tiborc","image":{"@type":"ImageObject","inLanguage":"hu","@id":"https:\/\/liked.hu\/old\/#\/schema\/person\/image\/","url":"https:\/\/liked.hu\/old\/wp-content\/uploads\/avatars\/7\/604de8ed2ffd6-bpfull.jpg","contentUrl":"https:\/\/liked.hu\/old\/wp-content\/uploads\/avatars\/7\/604de8ed2ffd6-bpfull.jpg","caption":"Tiborc"},"url":"https:\/\/liked.hu\/old\/u\/tiborc\/"}]}},"publishpress_future_action":{"enabled":false,"date":"1970-01-01 01:00:00","action":"","terms":[],"taxonomy":"","browser_timezone_offset":0},"_links":{"self":[{"href":"https:\/\/liked.hu\/old\/wp-json\/wp\/v2\/posts\/213402"}],"collection":[{"href":"https:\/\/liked.hu\/old\/wp-json\/wp\/v2\/posts"}],"about":[{"href":"https:\/\/liked.hu\/old\/wp-json\/wp\/v2\/types\/post"}],"author":[{"embeddable":true,"href":"https:\/\/liked.hu\/old\/wp-json\/wp\/v2\/users\/7"}],"replies":[{"embeddable":true,"href":"https:\/\/liked.hu\/old\/wp-json\/wp\/v2\/comments?post=213402"}],"version-history":[{"count":0,"href":"https:\/\/liked.hu\/old\/wp-json\/wp\/v2\/posts\/213402\/revisions"}],"wp:featuredmedia":[{"embeddable":true,"href":"https:\/\/liked.hu\/old\/wp-json\/wp\/v2\/media\/213409"}],"wp:attachment":[{"href":"https:\/\/liked.hu\/old\/wp-json\/wp\/v2\/media?parent=213402"}],"wp:term":[{"taxonomy":"category","embeddable":true,"href":"https:\/\/liked.hu\/old\/wp-json\/wp\/v2\/categories?post=213402"},{"taxonomy":"post_tag","embeddable":true,"href":"https:\/\/liked.hu\/old\/wp-json\/wp\/v2\/tags?post=213402"}],"curies":[{"name":"wp","href":"https:\/\/api.w.org\/{rel}","templated":true}]}}