{"id":210901,"date":"2020-11-29T22:23:22","date_gmt":"2020-11-29T21:23:22","guid":{"rendered":"https:\/\/liked.hu\/old\/?p=210901"},"modified":"2020-11-29T22:23:21","modified_gmt":"2020-11-29T21:23:21","slug":"hogyan-mentette-meg-egy-bob-nevu-kobor-macska-egy-hajlektalan-zenesz-eletet-es-tette-az-egesz-vilagon-hiresse","status":"publish","type":"post","link":"https:\/\/liked.hu\/old\/allatok\/hogyan-mentette-meg-egy-bob-nevu-kobor-macska-egy-hajlektalan-zenesz-eletet-es-tette-az-egesz-vilagon-hiresse\/","title":{"rendered":"Hogyan mentette meg egy Bob nev\u0171 k\u00f3bor macska egy hajl\u00e9ktalan zen\u00e9sz \u00e9let\u00e9t, \u00e9s tette az eg\u00e9sz vil\u00e1gon h\u00edress\u00e9"},"content":{"rendered":"<p>Sokan \u00fagy v\u00e9lik, hogy egy h\u00e1zi\u00e1llat a legjobb dolog a vil\u00e1gon, \u00e9s teljesen igazuk is van. B\u00e1rcsak a kis sz\u0151r\u00f6s bar\u00e1taink m\u00e9g t\u00f6bb ideig vel\u00fcnk maradn\u00e1nak! Sok k\u00fcl\u00f6nleges t\u00f6rt\u00e9netet olvashattunk m\u00e1r a h\u00e1zi\u00e1llatok bar\u00e1ts\u00e1g\u00e1r\u00f3l \u00e9s h\u0171s\u00e9g\u00e9r\u0151l, de az egykor hajl\u00e9ktalank\u00e9nt \u00e9l\u0151 James Bowen, \u00e9s az egykoron k\u00f3bor macskak\u00e9n \u00e9l\u0151, Bob t\u00f6rt\u00e9nete minden eddigit fel\u00fclm\u00fal.<\/p>\n<p style=\"text-align: center;\">\n<div style=\"float:none;margin:0px 0 0px 0;text-align:center;\">\n<div class=\"mobileShowkakettes\"><div class=\"mobileShowka2\"><div style=\"padding-top:0px;padding-bottom:15px;min-height: 300px;\"><div class=\"hirdetes\">HIRDET\u00c9S<\/div>\n<!-- 300lista -->\n<ins class=\"adsbygoogle\"\n     style=\"display:inline-block;width:300px;height:250px\"\n     data-ad-client=\"ca-pub-9424088931673893\"\n     data-ad-slot=\"8471340766\"><\/ins>\n<script async>\n     (adsbygoogle = window.adsbygoogle || []).push({});\n<\/script><\/div><\/div><\/div><\/div>\n<p>A <strong>Liked.hu<\/strong>-n\u00e1l \u00fagy d\u00f6nt\u00f6tt\u00fck, hogy m\u00e9lyebbre \u00e1ssuk magunkat ebben az ember \u00e9s \u00e1llat k\u00f6z\u00f6tti hihetetlen bar\u00e1ts\u00e1gban, \u00e9s bemutatjuk nektek, hogy mi is vezetett ahhoz, hogy (kis t\u00falz\u00e1ssal) ma m\u00e1r mindenki ismeri Bob, az utcamacska t\u00f6rt\u00e9net\u00e9t.<\/p>\n<div id=\"zombify-main-section-front\" class=\"zombify-main-section-front zombify-screen zf-media-full\">\r\n<link rel=\"stylesheet\" type=\"text\/css\" href=\"https:\/\/liked.hu\/old\/js\/zombify.css\">\r\n    <link rel=\"stylesheet\" type=\"text\/css\" href=\"https:\/\/liked.hu\/old\/wp-content\/themes\/newsy-child\/style.css\">\r\n\t\r\n    <div class=\"zf-container\">\r\n\r\n\r\n        <div id=\"zf-story\" class=\"zf-story\">\r\n            <div class=\"zf-story_item\">\r\n\t<h3 class=\"zf_title\"><\/h3>\r\n\t\t\t<figure class=\"zf-story_media zf-media-wrapper zf-image zf-type-image\">\r\n\t\t\t<div class=\"zf-media\">\r\n\t\t\t\t<img width=\"728\" height=\"710\" src=\"https:\/\/liked.hu\/old\/wp-content\/uploads\/2020\/06\/326bb25fa49dc788cdad89a5c2.jpg\" class=\"\" alt=\"326bb25fa49dc788cdad89a5c2\" loading=\"lazy\" style=\"\" srcset=\"https:\/\/liked.hu\/old\/wp-content\/uploads\/2020\/06\/326bb25fa49dc788cdad89a5c2.jpg 728w, https:\/\/liked.hu\/old\/wp-content\/uploads\/2020\/06\/326bb25fa49dc788cdad89a5c2-300x293.jpg 300w, https:\/\/liked.hu\/old\/wp-content\/uploads\/2020\/06\/326bb25fa49dc788cdad89a5c2-500x488.jpg 500w, https:\/\/liked.hu\/old\/wp-content\/uploads\/2020\/06\/326bb25fa49dc788cdad89a5c2-360x351.jpg 360w\" sizes=\"(max-width: 728px) 100vw, 728px\" \/>\t\t\t<\/div>\r\n\t\t<\/figure>\r\n\t\t\t\t\t<div class=\"zf_description\"><p>Ez a t&ouml;rt&eacute;net egy szerencs&eacute;tlen fi&uacute;val kezd\u0151dik, akinek b&aacute;r volt h&aacute;za &eacute;s csal&aacute;dja, otthona sohasem. 1979. m&aacute;rcius 15-&eacute;n az angol Surrey megy&eacute;ben egy James Bowen nev\u0171 csecsem\u0151 sz&uuml;letett. A csal&aacute;d nemsokkal a sz&uuml;let&eacute;se ut&aacute;n sz&eacute;tesett, ez&eacute;rt &eacute;desanyja Ausztr&aacute;li&aacute;ba vitte a kis James-t. Kem&eacute;ny &eacute;vek v&aacute;rtak r&aacute;, mivel nem tudott j&oacute;l bar&aacute;tkozni, &eacute;s az oszt&aacute;lyt&aacute;rsai gyakran zaklatt&aacute;k \u0151t.<\/p><p>James a k&ouml;z&eacute;piskol&aacute;ra teljesen elkall&oacute;dott, ez&eacute;rt 17 &eacute;ves kor&aacute;ban &uacute;gy d&ouml;nt&ouml;tt, hogy visszat&eacute;r Angli&aacute;ba, ahol a fiv&eacute;r&eacute;vel (apja kor&aacute;bbi h&aacute;zass&aacute;g&aacute;b&oacute;l) &eacute;s annak f&eacute;rj&eacute;vel fog egy&uuml;tt &eacute;lni. A kapcsolatuk azonban nem alakult t&uacute;l f&eacute;nyesen, James egyre ink&aacute;bb az utc&aacute;n t&ouml;lt&ouml;tte az &eacute;jszak&aacute;kat, m&iacute;g v&eacute;g&uuml;l maga m&ouml;g&ouml;tt hagyta a fiv&eacute;re otthon&aacute;t, &eacute;s az utc&aacute;n, git&aacute;roz&aacute;sb&oacute;l pr&oacute;b&aacute;lta meg fenntartani &ouml;nmag&aacute;t, az &eacute;jszak&aacute;kat pedig hajl&eacute;ktalansz&aacute;ll&oacute;kon t&ouml;lt&ouml;tte. A depresszi&oacute;ja &eacute;s a ment&aacute;lis betegs&eacute;ge miatt James nem sokkal k&eacute;s\u0151bb a drogokhoz fordult.<\/p><p><em>,,Az emberek nem akarnak fizetni a zen&eacute;m&eacute;rt. Csak egy olyan szem&eacute;lyt l&aacute;tnak bennem, akit az utc&aacute;n s&eacute;t&aacute;lva n&eacute;h&aacute;ny percig ingyen hallgathatnak. Nem &eacute;rtik, hogy ilyenkor &eacute;n val&oacute;j&aacute;ban dolgozom, az&eacute;rt, hogy meg&eacute;lhessek. Att&oacute;l, mert nem hordok &ouml;lt&ouml;nyt &eacute;s nyakkend\u0151t, vagy &uuml;l&ouml;k egy sz&aacute;m&iacute;t&oacute;g&eacute;pn&eacute;l, m&eacute;g nem jelenti azt, hogy nekem nincs sz&uuml;ks&eacute;gem p&eacute;nzre.&rdquo;<\/em> - James Bowen<\/p><p style=\"text-align: center\">\n<div style=\"float:none;margin:0px 0 0px 0;text-align:center;\">\n<div class=\"mobileHideke5\"><div style=\"margin-top:25px;\"><div class=\"hirdeteshatter\"><div style=\"display: inline-block;width: 50%;min-width:305px;vertical-align: top;\"><div class=\"hirdetes\">HIRDET\u00c9S<\/div>\n<!-- LikedQ51 -->\n<ins class=\"adsbygoogle\"\n     style=\"display:inline-block;width:300px;height:250px\"\n     data-ad-client=\"ca-pub-9424088931673893\"\n     data-ad-slot=\"8284063326\"><\/ins>\n<script async>\n     (adsbygoogle = window.adsbygoogle || []).push({});\n<\/script><\/div><div style=\"display: inline-block;width: 50%;min-width:305px;vertical-align: top;\"><div class=\"hirdetes\">HIRDET\u00c9S<\/div>\n<!-- LikedQ52 -->\n<ins class=\"adsbygoogle\"\n     style=\"display:inline-block;width:300px;height:250px\"\n     data-ad-client=\"ca-pub-9424088931673893\"\n     data-ad-slot=\"2840164950\"><\/ins>\n<script async>\n     (adsbygoogle = window.adsbygoogle || []).push({});\n<\/script><\/div><\/div><\/div><\/div>\n<div style=\"display:flex;flex-direction:column;\"><div class=\"mobileShowka5\"><div style=\"padding-top:10px;padding-bottom:10px;min-height: 300px;\"><div class=\"hirdetes\">HIRDET\u00c9S<\/div>\n<!-- LikedQ5M -->\n<ins class=\"adsbygoogle\"\n     style=\"display:inline-block;width:300px;height:250px\"\n     data-ad-client=\"ca-pub-9424088931673893\"\n     data-ad-slot=\"9022429928\"><\/ins>\n<script async>\n     (adsbygoogle = window.adsbygoogle || []).push({});\n<\/script><\/div><\/div><\/div><\/div><p>James megpr&oacute;b&aacute;lt kigy&oacute;gyulni a f&uuml;gg\u0151s&eacute;gb\u0151l, ez&eacute;rt 2007 tavasz&aacute;n egy rehabilit&aacute;ci&oacute;s programra jelentkezett. A Covent Garden utc&aacute;in git&aacute;rozott, &eacute;s egy &ouml;nkorm&aacute;nyzati lak&aacute;sban &eacute;lt, London &eacute;szaki r&eacute;sz&eacute;n.<\/p><p>Egy este, amikor hazat&eacute;rt, egy v&ouml;r&ouml;s macsk&aacute;t tal&aacute;lt a l&eacute;pcs\u0151h&aacute;z el\u0151tt. James &uacute;gy gondolta, hogy biztos az egyik ott lak&oacute; h&aacute;zi&aacute;llata lehet, ez&eacute;rt egyszer\u0171en bez&aacute;rta az ajt&oacute;t, &eacute;s az &aacute;llatot kint hagyta. De a macska m&aacute;snap is odaj&ouml;tt, majd harmadnap is, ez&eacute;rt James &uacute;gy d&ouml;nt&ouml;tt, hogy megn&eacute;zi, h&aacute;tha van rajta egy nyak&ouml;rv, az &aacute;llat c&iacute;m&eacute;vel. Nem volt rajta semmi, viszont James l&aacute;tta, hogy a macska mancsa s&eacute;r&uuml;lt &eacute;s kezel&eacute;sre szorult, ez&eacute;rt &uacute;gy d&ouml;nt&ouml;tt, hogy befogadja mag&aacute;hoz a kis &aacute;llatot, akit a Twin Peaks sorozat egyik karaktere ut&aacute;n egyszer\u0171en Bob-nak nevezett el.<\/p><\/div><\/div><div class=\"zf-story_item\">\r\n    <h3 class=\"zf_title\"><\/h3>\r\n            <figure class=\"zf-story_media zf-media-wrapper zf-type-embed\">\r\n            <div class=\"zf-embedded-url\"><blockquote class=\"embedly-card\" data-card-controls=\"0\"><h4><a href=\"https:\/\/www.facebook.com\/OfficialJamesBowenandStreetcatBob\/photos\/a.190969624587876\/1205386779812817\/?type=3\"><\/a><\/h4><\/blockquote>\r\n<script async src=\"\/\/cdn.embedly.com\/widgets\/platform.js\" charset=\"UTF-8\"><\/script><\/div>\r\n                    <\/figure>\r\n            <div class=\"zf-list_description\"><p><em>,,A macsk\u00e1k k\u00f6zismerten v\u00e1logat\u00f3sak, \u00e9s nem osztj\u00e1k meg b\u00e1rkivel a szeretet\u00fcket. Ha egy macska nem szereti a gazd\u00e1j\u00e1t, akkor ott hagyja, \u00e9s keres helyette egy m\u00e1sikat.\u201d<\/em> \u2013 James Bowen<\/p><p>James maga sem volt k\u00f6nny\u0171 helyzetben, de ennek ellen\u00e9re elhat\u00e1rozta, hogy rendbe hozza a kis n\u00e9gyl\u00e1b\u00fat. Meggy\u00f3gy\u00edtotta a mancs\u00e1t, \u00e9s a bolh\u00e1kt\u00f3l is megszabad\u00edtotta \u0151t. Bob ezut\u00e1n gazd\u00e1jak\u00e9nt fogadta el James-t, akit gyakran munk\u00e1ba is elk\u00eds\u00e9rt. Ilyenkor a gazdi v\u00e1ll\u00e1n \u00fclt, am\u00edg \u0151 az utc\u00e1kat j\u00e1rva zen\u00e9lt az embereknek. Nem meglep\u0151 m\u00f3don a j\u00e1r\u00f3kel\u0151ket teljesen leny\u0171g\u00f6zte a gazd\u00e1ja v\u00e1ll\u00e1n csendesen \u00fcld\u00f6g\u00e9l\u0151 \u00e1llat.<\/p><\/div>\r\n    <\/div><div class=\"zf-story_item\">\r\n    <h3 class=\"zf_title\"><\/h3>\r\n            <figure class=\"zf-story_media zf-media-wrapper zf-type-embed\">\r\n            <div class=\"zf-embedded-url\"><div class=\"zf-embed-cont\"><div class='custom-oembed-error'><p><!-- Could not embed --><a href=\"https:\/\/www.instagram.com\/p\/kcqsbzF_vm\">View Link<\/a><\/p><\/div><\/div><\/div>\r\n                    <\/figure>\r\n            <div class=\"zf-list_description\"><p><em>,,Amikor az emberek macsk&aacute;val l&aacute;ttak engem, megv&aacute;ltozott a v&eacute;lem&eacute;ny&uuml;k r&oacute;lam. Sokkal emberibbnek gondoltak. Bizonyos &eacute;rtelemben ez a macska seg&iacute;tett nekem visszaszerezni a szem&eacute;lyis&eacute;gem. A neh&eacute;z id\u0151szakomban nem mindig viselkedtem emberhez m&eacute;lt&oacute;an, de ez a macska most ism&eacute;t emberr&eacute; tett.&rdquo;<\/em> - James Bowen<\/p><p>Bowen utcakoncertjei egyre t&ouml;bb n&eacute;z\u0151t vonzottak, &eacute;s amint a vide&oacute;i felker&uuml;ltek a k&ouml;z&ouml;ss&eacute;gi oldalakra, m&aacute;r komplett rajong&oacute;t&aacute;bora lett, akik k&ouml;z&uuml;l sokan csak az&eacute;rt utaztak Covent Garden-be, hogy l&aacute;thass&aacute;k a m\u0171v&eacute;szt &eacute;s az &aacute;llatot.<\/p><p>Az &aacute;llat &eacute;s gazd&aacute;ja els\u0151 nagy siker&eacute;t a The Big Issue magazin hozta, ami c&iacute;mlapon mutatta be Bob &eacute;s James t&ouml;rt&eacute;net&eacute;t. A hihetetlen du&oacute; ezut&aacute;n igazi szt&aacute;rr&aacute; v&aacute;lt.<\/p><p style=\"text-align: center\">\n<div style=\"float:none;margin:0px 0 0px 0;text-align:center;\">\n<div class=\"mobileHideke8\"><div style=\"margin-top:25px;\"><div class=\"hirdeteshatter\"><div style=\"display: inline-block;width: 50%;min-width:340px;vertical-align: top;\"><div class=\"hirdetes\">HIRDET\u00c9S<\/div>\n<!-- Liked7Q1 -->\n<ins class=\"adsbygoogle\"\n     style=\"display:inline-block;width:336px;height:280px\"\n     data-ad-client=\"ca-pub-9424088931673893\"\n     data-ad-slot=\"3022062587\"><\/ins>\n<script async>\n     (adsbygoogle = window.adsbygoogle || []).push({});\n<\/script><\/div><div style=\"display: inline-block;width: 50%;min-width:340px;vertical-align: top;\"><div class=\"hirdetes\">HIRDET\u00c9S<\/div>\n<!-- Liked7Q2 -->\n<ins class=\"adsbygoogle\"\n     style=\"display:inline-block;width:336px;height:280px\"\n     data-ad-client=\"ca-pub-9424088931673893\"\n     data-ad-slot=\"3952000871\"><\/ins>\n<script async>\n     (adsbygoogle = window.adsbygoogle || []).push({});\n<\/script><\/div><\/div><\/div><\/div>\n<div style=\"display:flex;flex-direction:column;\"><div class=\"mobileShowka8\"><div style=\"padding-top:15px;margin-bottom:15px;min-height: 300px;\"><div class=\"hirdetes\">HIRDET\u00c9S<\/div>\n<!-- Liked7QMobil -->\n<ins class=\"adsbygoogle\"\n     style=\"display:inline-block;width:336px;height:280px\"\n     data-ad-client=\"ca-pub-9424088931673893\"\n     data-ad-slot=\"5073510857\"><\/ins>\n<script async>\n     (adsbygoogle = window.adsbygoogle || []).push({});\n<\/script><\/div><\/div><\/div><\/div><\/div>\r\n    <\/div><div class=\"zf-story_item\">\r\n    <h3 class=\"zf_title\"><\/h3>\r\n            <figure class=\"zf-story_media zf-media-wrapper zf-type-embed\">\r\n            <div class=\"zf-embedded-url\"><div class=\"zf-embed-cont\"><div class='custom-oembed-error'><p><!-- Could not embed --><a href=\"https:\/\/www.instagram.com\/p\/BrfRGWql826\">View Link<\/a><\/p><\/div><\/div><\/div>\r\n                    <\/figure>\r\n            <div class=\"zf-list_description\"><p>,,Rendk\u00edv\u00fcl fagyos, t\u00e9li nap volt. Remegtem a hidegt\u0151l hazafele menet, azt\u00e1n megl\u00e1ttam ezt a macsk\u00e1t, aki kecsesen \u00fclt egy rak\u00e1s \u00fajs\u00e1gpap\u00edron, \u00e9s csak n\u00e9zett engem. Sosem l\u00e1ttam m\u00e9g olyat, hogy egy macska ezt csin\u00e1lja. A kuty\u00e1k, \u0151k igen, de a macsk\u00e1k nem.\u201d \u2013 eml\u00e9kezett vissza James.<\/p><\/div>\r\n    <\/div><div class=\"zf-story_item\">\r\n\t<h3 class=\"zf_title\"><\/h3>\r\n\t\t\t<figure class=\"zf-story_media zf-media-wrapper zf-image zf-type-image\">\r\n\t\t\t<div class=\"zf-media\">\r\n\t\t\t\t<img width=\"728\" height=\"503\" src=\"https:\/\/liked.hu\/old\/wp-content\/uploads\/2020\/06\/131fcb518f913a56d3452f1841.jpg\" class=\"\" alt=\"131fcb518f913a56d3452f1841\" loading=\"lazy\" style=\"\" srcset=\"https:\/\/liked.hu\/old\/wp-content\/uploads\/2020\/06\/131fcb518f913a56d3452f1841.jpg 728w, https:\/\/liked.hu\/old\/wp-content\/uploads\/2020\/06\/131fcb518f913a56d3452f1841-300x207.jpg 300w, https:\/\/liked.hu\/old\/wp-content\/uploads\/2020\/06\/131fcb518f913a56d3452f1841-500x345.jpg 500w, https:\/\/liked.hu\/old\/wp-content\/uploads\/2020\/06\/131fcb518f913a56d3452f1841-360x249.jpg 360w\" sizes=\"(max-width: 728px) 100vw, 728px\" \/>\t\t\t<\/div>\r\n\t\t<\/figure>\r\n\t\t\t\t\t<div class=\"zf_description\"><p>Az egyik helyi \u00edr\u00f3, Mary Panchos meggy\u0151zte James-t, hogy a k\u00fcl\u00f6n\u00f6s t\u00f6rt\u00e9net\u00fck esetleg egy saj\u00e1t k\u00f6nyvet \u00e9rdemelne, ez\u00e9rt bemutatta a fiatal sr\u00e1cot a tehets\u00e9ges \u00edr\u00f3nak, Harry Jenkins-nek, aki seg\u00edtett James els\u0151 k\u00f6nyv\u00e9nek meg\u00edr\u00e1s\u00e1ban \u00e9s kiadat\u00e1s\u00e1ban. A zen\u00e9sz maga el\u0151sz\u00f6r nem nagyon hitt a sikerben, de k\u00e9s\u0151bb kellemesen csal\u00f3dott.<\/p><p>Csak az Egyes\u00fclt Kir\u00e1lys\u00e1gban 1 milli\u00f3 p\u00e9ld\u00e1nyban kelt el a \u201eA Street Cat Named Bob\u201d c\u00edm\u0171 k\u00f6nyv, \u00e9s t\u00f6bb tucat nyelvre leford\u00edtott\u00e1k \u2013 a magyart\u00f3l a jap\u00e1nig.<\/p><\/div><\/div><div class=\"zf-story_item\">\r\n    <h3 class=\"zf_title\"><\/h3>\r\n            <figure class=\"zf-story_media zf-media-wrapper zf-type-embed\">\r\n            <div class=\"zf-embedded-url\"><div class=\"zf-embed-cont\"><div class='custom-oembed-error'><p><!-- Could not embed --><a href=\"https:\/\/www.instagram.com\/p\/t76VVCF_gE\">View Link<\/a><\/p><\/div><\/div><\/div>\r\n                    <\/figure>\r\n            <div class=\"zf-list_description\"><p>Bob val&oacute;ban elk&eacute;peszt\u0151 macska volt. Kinyitotta mag&aacute;nak az ajt&oacute;t, s\u0151t m&eacute;g a WC-t is megtanulta haszn&aacute;lni. Nem meglep\u0151 m&oacute;don sokan a h&iacute;res k&eacute;preg&eacute;nyh\u0151sh&ouml;z, Garfield-hoz hasonl&iacute;tott&aacute;k, &aacute;m James mindig kik&eacute;rte mag&aacute;nak, hogy az \u0151 macsk&aacute;ja nem annyira cinikus &eacute;s lusta. Szerinte Bob ink&aacute;bb Buddh&aacute;hoz hasonl&iacute;tott, nagyon nyugodt, b&ouml;lcs macska volt.<\/p><p style=\"text-align: center\">\n<div style=\"float:none;margin:0px 0 0px 0;text-align:center;\">\n<div class=\"mobileHideke8\"><div class=\"hirdeteshatter\"><div style=\"display: inline-block;width: 50%;min-width:340px;vertical-align: top;\"><div class=\"hirdetes\">HIRDET\u00c9S<\/div>\n<!-- LikedQ81 -->\n<ins class=\"adsbygoogle\"\n     style=\"display:inline-block;width:336px;height:280px\"\n     data-ad-client=\"ca-pub-9424088931673893\"\n     data-ad-slot=\"2436840276\"><\/ins>\n<script async>\n     (adsbygoogle = window.adsbygoogle || []).push({});\n<\/script><\/div><div style=\"display: inline-block;width: 50%;min-width:340px;vertical-align: top;\"><div class=\"hirdetes\">HIRDET\u00c9S<\/div>\n<!-- LikedQ82 -->\n<ins class=\"adsbygoogle\"\n     style=\"display:inline-block;width:336px;height:280px\"\n     data-ad-client=\"ca-pub-9424088931673893\"\n     data-ad-slot=\"3558350253\"><\/ins>\n<script async>\n     (adsbygoogle = window.adsbygoogle || []).push({});\n<\/script><\/div><\/div><\/div>\n<div style=\"display:flex;flex-direction:column;\"><div class=\"mobileShowka8 nyolc\"><div style=\"padding-top:15px;padding-bottom:5px;min-height: 300px;\"><div class=\"hirdetes\">HIRDET\u00c9S<\/div>\n<!-- LikedQ8M -->\n<ins class=\"adsbygoogle\"\n     style=\"display:inline-block;width:336px;height:280px\"\n     data-ad-client=\"ca-pub-9424088931673893\"\n     data-ad-slot=\"4679860235\"><\/ins>\n<script async>\n     (adsbygoogle = window.adsbygoogle || []).push({});\n<\/script><\/div><\/div><\/div><\/div><\/div>\r\n    <\/div><div class=\"zf-story_item\">\r\n    <h3 class=\"zf_title\"><\/h3>\r\n            <figure class=\"zf-story_media zf-media-wrapper zf-type-embed\">\r\n            <div class=\"zf-embedded-url\"><blockquote class=\"embedly-card\" data-card-controls=\"0\"><h4><a href=\"https:\/\/www.facebook.com\/OfficialJamesBowenandStreetcatBob\/photos\/a.190969624587876\/1199917850359710\/?type=3\"><\/a><\/h4><\/blockquote>\r\n<script async src=\"\/\/cdn.embedly.com\/widgets\/platform.js\" charset=\"UTF-8\"><\/script><\/div>\r\n                    <\/figure>\r\n            <div class=\"zf-list_description\"><p>A t\u00f6rt\u00e9net k\u00e9t folytat\u00e1st is kapott: \u201eThe World According to Bob\u201d \u00e9s \u201eA Gift from Bob\u201d c\u00edmmel. James ezenk\u00edv\u00fcl sz\u00e1mos adapt\u00e1ci\u00f3t \u00edrt, k\u00fcl\u00f6n a gyermekek sz\u00e1m\u00e1ra. 2018-ban megjelent a \u201eThe Little Book of Bob: Life Lessons from a Streetwise Cat\u201d c\u00edm\u0171 k\u00f6nyv, amiben James \u00f6sszegy\u0171jt\u00f6tte az \u00f6sszes b\u00f6lcsess\u00e9get, amit \u00e9lete sor\u00e1n a macsk\u00e1j\u00e1t\u00f3l, Bobt\u00f3l tanult.<\/p><\/div>\r\n    <\/div><div class=\"zf-story_item\">\r\n    <h3 class=\"zf_title\"><\/h3>\r\n            <figure class=\"zf-story_media zf-media-wrapper zf-type-embed\">\r\n            <div class=\"zf-embedded-url\"><div class=\"zf-embed-cont\"><div class='custom-oembed-error'><p><!-- Could not embed --><a href=\"https:\/\/www.instagram.com\/p\/BrPc_u4lqrX\">View Link<\/a><\/p><\/div><\/div><\/div>\r\n                    <\/figure>\r\n            <div class=\"zf-list_description\"><p>2016-ban elk\u00e9sz\u00fclt a \u201eBob, az utcamacska\u201d c\u00edm\u0171 film, amiben Bob maga j\u00e1tszotta a film f\u0151h\u0151s\u00e9nek, a cic\u00e1nak a szerep\u00e9t. Egy \u00e9vvel k\u00e9s\u0151bb a film elnyerte brit akad\u00e9mia d\u00edj\u00e1t a \u201elegjobb brit film\u201d kateg\u00f3ri\u00e1ban.<\/p><\/div>\r\n    <\/div><div class=\"zf-story_item\">\r\n\t<h3 class=\"zf_title\"><\/h3>\r\n\t\t\t<figure class=\"zf-story_media zf-media-wrapper zf-image zf-type-image\">\r\n\t\t\t<div class=\"zf-media\">\r\n\t\t\t\t<img width=\"728\" height=\"469\" src=\"https:\/\/liked.hu\/old\/wp-content\/uploads\/2020\/06\/1f103a58cfa2bb6172e0b3bddf.jpg\" class=\"\" alt=\"1f103a58cfa2bb6172e0b3bddf\" loading=\"lazy\" style=\"\" srcset=\"https:\/\/liked.hu\/old\/wp-content\/uploads\/2020\/06\/1f103a58cfa2bb6172e0b3bddf.jpg 728w, https:\/\/liked.hu\/old\/wp-content\/uploads\/2020\/06\/1f103a58cfa2bb6172e0b3bddf-300x193.jpg 300w, https:\/\/liked.hu\/old\/wp-content\/uploads\/2020\/06\/1f103a58cfa2bb6172e0b3bddf-500x322.jpg 500w, https:\/\/liked.hu\/old\/wp-content\/uploads\/2020\/06\/1f103a58cfa2bb6172e0b3bddf-360x232.jpg 360w\" sizes=\"(max-width: 728px) 100vw, 728px\" \/>\t\t\t<\/div>\r\n\t\t<\/figure>\r\n\t\t\t\t\t<div class=\"zf_description\"><p>Bob maga k\u00f6sz\u00f6nt\u00f6tte a vend\u00e9geket a film londoni premierj\u00e9n, ahol t\u00f6bbek k\u00f6z\u00f6tt m\u00e9g Katalin cambridge-i hercegn\u00e9 is szeretett volna egy k\u00f6z\u00f6s fot\u00f3t az \u00e1llattal.<\/p><\/div><\/div><div class=\"zf-story_item\">\r\n\t<h3 class=\"zf_title\"><\/h3>\r\n\t\t\t<figure class=\"zf-story_media zf-media-wrapper zf-image zf-type-image\">\r\n\t\t\t<div class=\"zf-media\">\r\n\t\t\t\t<img width=\"728\" height=\"476\" src=\"https:\/\/liked.hu\/old\/wp-content\/uploads\/2020\/06\/e61b865420861f19fb56322540.jpg\" class=\"\" alt=\"e61b865420861f19fb56322540\" loading=\"lazy\" style=\"\" srcset=\"https:\/\/liked.hu\/old\/wp-content\/uploads\/2020\/06\/e61b865420861f19fb56322540.jpg 728w, https:\/\/liked.hu\/old\/wp-content\/uploads\/2020\/06\/e61b865420861f19fb56322540-300x196.jpg 300w, https:\/\/liked.hu\/old\/wp-content\/uploads\/2020\/06\/e61b865420861f19fb56322540-500x327.jpg 500w, https:\/\/liked.hu\/old\/wp-content\/uploads\/2020\/06\/e61b865420861f19fb56322540-360x235.jpg 360w\" sizes=\"(max-width: 728px) 100vw, 728px\" \/>\t\t\t<\/div>\r\n\t\t<\/figure>\r\n\t\t\t\t\t<div class=\"zf_description\"><p data-empty=\"true\">A h&iacute;rn&eacute;v ut&aacute;n James &eacute;s Bob m&eacute;g egy ideig ugyanabban a lak&aacute;sban &eacute;ltek, de k&eacute;s\u0151bb James-nek siker&uuml;lt annyi p&eacute;nzt keresnie, hogy egy saj&aacute;t h&aacute;zat v&aacute;s&aacute;roljanak. James itt egy saj&aacute;t bar&aacute;tot kapott, egy m&aacute;sik v&ouml;r&ouml;s macsk&aacute;t, Jinxi-t. James dalokat &iacute;rt a macsk&aacute;knak, rajzfilmeket n&eacute;zett vel&uuml;k, a cic&aacute;k pedig seg&iacute;tettek neki az &uacute;jabb &eacute;s &uacute;jabb t&ouml;rt&eacute;netek meg&iacute;r&aacute;s&aacute;ra. Bev&eacute;teleinek nagy r&eacute;sz&eacute;t James &aacute;llatmenhelyeknek &eacute;s olyan rehabilit&aacute;ci&oacute;s k&ouml;zpontoknak adom&aacute;nyozta, akik hajl&eacute;ktalan &eacute;s\/vagy drogf&uuml;gg\u0151 emberek kezel&eacute;s&eacute;vel foglalkoznak.<\/p><p style=\"text-align: center\">\n<div style=\"float:none;margin:0px 0 0px 0;text-align:center;\">\n<div class=\"mobileHideke8\"><div style=\"margin-top:25px;\"><div class=\"hirdeteshatter\"><div style=\"display: inline-block;width: 50%;min-width:340px;vertical-align: top;\"><div class=\"hirdetes\">HIRDET\u00c9S<\/div>\n<!-- Liked7Q1 -->\n<ins class=\"adsbygoogle\"\n     style=\"display:inline-block;width:336px;height:280px\"\n     data-ad-client=\"ca-pub-9424088931673893\"\n     data-ad-slot=\"3022062587\"><\/ins>\n<script async>\n     (adsbygoogle = window.adsbygoogle || []).push({});\n<\/script><\/div><div style=\"display: inline-block;width: 50%;min-width:340px;vertical-align: top;\"><div class=\"hirdetes\">HIRDET\u00c9S<\/div>\n<!-- Liked7Q2 -->\n<ins class=\"adsbygoogle\"\n     style=\"display:inline-block;width:336px;height:280px\"\n     data-ad-client=\"ca-pub-9424088931673893\"\n     data-ad-slot=\"3952000871\"><\/ins>\n<script async>\n     (adsbygoogle = window.adsbygoogle || []).push({});\n<\/script><\/div><\/div><\/div><\/div>\n<div style=\"display:flex;flex-direction:column;\"><div class=\"mobileShowka8\"><div style=\"padding-top:15px;margin-bottom:15px;min-height: 300px;\"><div class=\"hirdetes\">HIRDET\u00c9S<\/div>\n<!-- Liked7QMobil -->\n<ins class=\"adsbygoogle\"\n     style=\"display:inline-block;width:336px;height:280px\"\n     data-ad-client=\"ca-pub-9424088931673893\"\n     data-ad-slot=\"5073510857\"><\/ins>\n<script async>\n     (adsbygoogle = window.adsbygoogle || []).push({});\n<\/script><\/div><\/div><\/div><\/div><\/div><\/div><div class=\"zf-story_item\">\r\n    <h3 class=\"zf_title\"><\/h3>\r\n            <figure class=\"zf-story_media zf-media-wrapper zf-type-embed\">\r\n            <div class=\"zf-embedded-url\"><div class=\"zf-embed-cont\"><div class='custom-oembed-error'><p><!-- Could not embed --><a href=\"https:\/\/www.instagram.com\/p\/uLU7vEl_vC\">View Link<\/a><\/p><\/div><\/div><\/div>\r\n                    <\/figure>\r\n            <div class=\"zf-list_description\"><p>,,\u2026a macska lehet a bar\u00e1tod, a szolg\u00e1d soha. Egy macska soha az \u00e9letben nem fog olyasmit csin\u00e1lni, amit nem akar. \u00c9s nem marad meg olyann\u00e1l, akit nem kedvel, teljesen mindegy, mennyire pr\u00f3b\u00e1lkozik az illet\u0151, hogy elnyerje a kegyeit. Bob karak\u00e1n szem\u00e9lyis\u00e9g, \u00e9s szabad akarattal rendelkezik: nem m\u00e1szk\u00e1lna velem, ha nem b\u00edzna bennem, \u00e9s nem szeretne. P\u00e9ld\u00e1ul minden egyes nap \u0151 d\u00f6nti el, hogy kimozdul-e velem otthonr\u00f3l, vagy sem.\" - James Bowen.<\/p><\/div>\r\n    <\/div><div class=\"zf-story_item\">\r\n\t<h3 class=\"zf_title\"><\/h3>\r\n\t\t\t<figure class=\"zf-story_media zf-media-wrapper zf-image zf-type-image\">\r\n\t\t\t<div class=\"zf-media\">\r\n\t\t\t\t<img width=\"728\" height=\"486\" src=\"https:\/\/liked.hu\/old\/wp-content\/uploads\/2020\/06\/311c2d50bba9d5c5c0fc151371.jpg\" class=\"\" alt=\"311c2d50bba9d5c5c0fc151371\" loading=\"lazy\" style=\"\" srcset=\"https:\/\/liked.hu\/old\/wp-content\/uploads\/2020\/06\/311c2d50bba9d5c5c0fc151371.jpg 728w, https:\/\/liked.hu\/old\/wp-content\/uploads\/2020\/06\/311c2d50bba9d5c5c0fc151371-300x200.jpg 300w, https:\/\/liked.hu\/old\/wp-content\/uploads\/2020\/06\/311c2d50bba9d5c5c0fc151371-500x334.jpg 500w, https:\/\/liked.hu\/old\/wp-content\/uploads\/2020\/06\/311c2d50bba9d5c5c0fc151371-360x240.jpg 360w\" sizes=\"(max-width: 728px) 100vw, 728px\" \/>\t\t\t<\/div>\r\n\t\t<\/figure>\r\n\t\t\t\t\t<div class=\"zf_description\"><p>Bobnak csod\u00e1latos, hossz\u00fa \u00e9s boldog \u00e9lete volt James mellett. A bar\u00e1tok egy\u00fctt l\u00e1togatt\u00e1k meg a vil\u00e1g k\u00fcl\u00f6nb\u00f6z\u0151 orsz\u00e1gait, k\u00f6zt\u00fck Jap\u00e1nt, ahol hatalmas rajong\u00f3t\u00e1bor fogadta \u0151ket. Bob 2020. j\u00fanius 15-\u00e9n azonban egy rajong\u00f3kkal folytatott online tal\u00e1lkoz\u00f3 ut\u00e1n \u00fatnak indult a sziv\u00e1rv\u00e1ny fel\u00e9, a vil\u00e1g egyik legh\u00edresebb macsk\u00e1ja ugyanis 14 \u00e9ves kor\u00e1ban elhunyt.<\/p><\/div><\/div><div class=\"zf-story_item\">\r\n    <h3 class=\"zf_title\"><\/h3>\r\n            <figure class=\"zf-story_media zf-media-wrapper zf-type-embed\">\r\n            <div class=\"zf-embedded-url\"><div class=\"zf-embed-cont\"><div class='custom-oembed-error'><p><!-- Could not embed --><a href=\"https:\/\/www.instagram.com\/p\/uOJKzgF_pE\">View Link<\/a><\/p><\/div><\/div><\/div>\r\n                    <\/figure>\r\n            <div class=\"zf-list_description\"><p>,,Bob megmentette az \u00e9letemet. Ez ennyire egyszer\u0171. Sokkal t\u00f6bb volt mint t\u00e1rs. Vele az oldalamon ir\u00e1nymutat\u00e1sra leltem, c\u00e9lra, amely addig hi\u00e1nyzott. T\u00f6bb ezer emberrel tal\u00e1lkozott, milli\u00f3k sz\u00edv\u00e9t \u00e9rintette meg. Nem volt hozz\u00e1 foghat\u00f3 macska \u00e9s soha nem is lesz. \u00dagy \u00e9rzem, mintha kihunyt volna a f\u00e9ny az \u00e9letemben. Sohasem fogom elfelejteni\u201d \u2013 \u00edrta James a k\u00f6nyveinek hivatalos Facebook-oldal\u00e1n.<\/p><\/div>\r\n    <\/div><div class=\"zf-story_item\">\r\n    <h3 class=\"zf_title\"><\/h3>\r\n            <figure class=\"zf-story_media zf-media-wrapper zf-type-embed\">\r\n            <div class=\"zf-embedded-url\"><blockquote class=\"embedly-card\" data-card-controls=\"0\"><h4><a href=\"https:\/\/www.facebook.com\/OfficialJamesBowenandStreetcatBob\/photos\/a.190969624587876\/1198751347143027\/?type=3\"><\/a><\/h4><\/blockquote>\r\n<script async src=\"\/\/cdn.embedly.com\/widgets\/platform.js\" charset=\"UTF-8\"><\/script><\/div>\r\n                    <\/figure>\r\n    <\/div>        <\/div>\r\n    <\/div>\r\n\r\n    <\/div>\r\n\r\n\r\n\n","protected":false},"excerpt":{"rendered":"<p>Sokan \u00fagy v\u00e9lik, hogy egy h\u00e1zi\u00e1llat a legjobb dolog a vil\u00e1gon, \u00e9s teljesen igazuk is van. B\u00e1rcsak a kis sz\u0151r\u00f6s bar\u00e1taink m\u00e9g t\u00f6bb ideig vel\u00fcnk maradn\u00e1nak! Sok k\u00fcl\u00f6nleges t\u00f6rt\u00e9netet olvashattunk m\u00e1r a h\u00e1zi\u00e1llatok bar\u00e1ts\u00e1g\u00e1r\u00f3l \u00e9s h\u0171s\u00e9g\u00e9r\u0151l, de az egykor hajl\u00e9ktalank\u00e9nt \u00e9l\u0151 James Bowen, \u00e9s az egykoron k\u00f3bor macskak\u00e9n \u00e9l\u0151, Bob t\u00f6rt\u00e9nete minden eddigit fel\u00fclm\u00fal. A [&hellip;]<\/p>\n","protected":false},"author":7,"featured_media":210907,"comment_status":"open","ping_status":"closed","sticky":false,"template":"","format":"standard","meta":{"buzzeditor_post_format":""},"categories":[46],"tags":[7602,887,1039,1621,2465,2657],"yoast_head":"<!-- This site is optimized with the Yoast SEO plugin v19.6.1 - https:\/\/yoast.com\/wordpress\/plugins\/seo\/ -->\n<title>Hogyan mentette meg egy Bob nev\u0171 k\u00f3bor macska egy hajl\u00e9ktalan zen\u00e9sz \u00e9let\u00e9t, \u00e9s tette az eg\u00e9sz vil\u00e1gon h\u00edress\u00e9<\/title>\n<meta name=\"description\" content=\"Sokan \u00fagy v\u00e9lik, hogy egy h\u00e1zi\u00e1llat a legjobb dolog a vil\u00e1gon, \u00e9s teljesen igazuk is van. B\u00e1rcsak a kis sz\u0151r\u00f6s bar\u00e1taink m\u00e9g t\u00f6bb ideig vel\u00fcnk maradn\u00e1nak!\" \/>\n<meta name=\"robots\" content=\"index, follow, max-snippet:-1, max-image-preview:large, max-video-preview:-1\" \/>\n<link rel=\"canonical\" href=\"https:\/\/liked.hu\/old\/allatok\/hogyan-mentette-meg-egy-bob-nevu-kobor-macska-egy-hajlektalan-zenesz-eletet-es-tette-az-egesz-vilagon-hiresse\/\" \/>\n<meta property=\"og:locale\" content=\"hu_HU\" \/>\n<meta property=\"og:type\" content=\"article\" \/>\n<meta property=\"og:title\" content=\"Hogyan mentette meg egy Bob nev\u0171 k\u00f3bor macska egy hajl\u00e9ktalan zen\u00e9sz \u00e9let\u00e9t, \u00e9s tette az eg\u00e9sz vil\u00e1gon h\u00edress\u00e9\" \/>\n<meta property=\"og:description\" content=\"Sokan \u00fagy v\u00e9lik, hogy egy h\u00e1zi\u00e1llat a legjobb dolog a vil\u00e1gon, \u00e9s teljesen igazuk is van. B\u00e1rcsak a kis sz\u0151r\u00f6s bar\u00e1taink m\u00e9g t\u00f6bb ideig vel\u00fcnk maradn\u00e1nak!\" \/>\n<meta property=\"og:url\" content=\"https:\/\/liked.hu\/old\/allatok\/hogyan-mentette-meg-egy-bob-nevu-kobor-macska-egy-hajlektalan-zenesz-eletet-es-tette-az-egesz-vilagon-hiresse\/\" \/>\n<meta property=\"og:site_name\" content=\"Liked.hu\" \/>\n<meta property=\"article:publisher\" content=\"https:\/\/www.facebook.com\/liked.hu\" \/>\n<meta property=\"article:published_time\" content=\"2020-11-29T21:23:22+00:00\" \/>\n<meta property=\"article:modified_time\" content=\"2020-11-29T21:23:21+00:00\" \/>\n<meta property=\"og:image\" content=\"https:\/\/liked.hu\/old\/wp-content\/uploads\/2020\/06\/Bob-az-utcamacska-tortenete.jpg\" \/>\n\t<meta property=\"og:image:width\" content=\"1200\" \/>\n\t<meta property=\"og:image:height\" content=\"630\" \/>\n\t<meta property=\"og:image:type\" content=\"image\/jpeg\" \/>\n<meta name=\"author\" content=\"Tiborc\" \/>\n<meta name=\"twitter:card\" content=\"summary\" \/>\n<meta name=\"twitter:creator\" content=\"@LikedHu\" \/>\n<meta name=\"twitter:site\" content=\"@LikedHu\" \/>\n<meta name=\"twitter:label1\" content=\"Szerz\u0151:\" \/>\n\t<meta name=\"twitter:data1\" content=\"Tiborc\" \/>\n\t<meta name=\"twitter:label2\" content=\"Becs\u00fclt olvas\u00e1si id\u0151\" \/>\n\t<meta name=\"twitter:data2\" content=\"1 perc\" \/>\n<script type=\"application\/ld+json\" class=\"yoast-schema-graph\">{\"@context\":\"https:\/\/schema.org\",\"@graph\":[{\"@type\":\"Article\",\"@id\":\"https:\/\/liked.hu\/old\/allatok\/hogyan-mentette-meg-egy-bob-nevu-kobor-macska-egy-hajlektalan-zenesz-eletet-es-tette-az-egesz-vilagon-hiresse\/#article\",\"isPartOf\":{\"@id\":\"https:\/\/liked.hu\/old\/allatok\/hogyan-mentette-meg-egy-bob-nevu-kobor-macska-egy-hajlektalan-zenesz-eletet-es-tette-az-egesz-vilagon-hiresse\/\"},\"author\":{\"name\":\"Tiborc\",\"@id\":\"https:\/\/liked.hu\/old\/#\/schema\/person\/8b92210be73c8af1a8255bd30ebe772b\"},\"headline\":\"Hogyan mentette meg egy Bob nev\u0171 k\u00f3bor macska egy hajl\u00e9ktalan zen\u00e9sz \u00e9let\u00e9t, \u00e9s tette az eg\u00e9sz vil\u00e1gon h\u00edress\u00e9\",\"datePublished\":\"2020-11-29T21:23:22+00:00\",\"dateModified\":\"2020-11-29T21:23:21+00:00\",\"mainEntityOfPage\":{\"@id\":\"https:\/\/liked.hu\/old\/allatok\/hogyan-mentette-meg-egy-bob-nevu-kobor-macska-egy-hajlektalan-zenesz-eletet-es-tette-az-egesz-vilagon-hiresse\/\"},\"wordCount\":169,\"commentCount\":5,\"publisher\":{\"@id\":\"https:\/\/liked.hu\/old\/#organization\"},\"keywords\":[\"bob\",\"gazdi\",\"h\u00e1zi\u00e1llat\",\"macska\",\"sztori\",\"t\u00f6rt\u00e9net\"],\"articleSection\":[\"\u00c1llatok\"],\"inLanguage\":\"hu\",\"potentialAction\":[{\"@type\":\"CommentAction\",\"name\":\"Comment\",\"target\":[\"https:\/\/liked.hu\/old\/allatok\/hogyan-mentette-meg-egy-bob-nevu-kobor-macska-egy-hajlektalan-zenesz-eletet-es-tette-az-egesz-vilagon-hiresse\/#respond\"]}]},{\"@type\":\"WebPage\",\"@id\":\"https:\/\/liked.hu\/old\/allatok\/hogyan-mentette-meg-egy-bob-nevu-kobor-macska-egy-hajlektalan-zenesz-eletet-es-tette-az-egesz-vilagon-hiresse\/\",\"url\":\"https:\/\/liked.hu\/old\/allatok\/hogyan-mentette-meg-egy-bob-nevu-kobor-macska-egy-hajlektalan-zenesz-eletet-es-tette-az-egesz-vilagon-hiresse\/\",\"name\":\"Hogyan mentette meg egy Bob nev\u0171 k\u00f3bor macska egy hajl\u00e9ktalan zen\u00e9sz \u00e9let\u00e9t, \u00e9s tette az eg\u00e9sz vil\u00e1gon h\u00edress\u00e9\",\"isPartOf\":{\"@id\":\"https:\/\/liked.hu\/old\/#website\"},\"datePublished\":\"2020-11-29T21:23:22+00:00\",\"dateModified\":\"2020-11-29T21:23:21+00:00\",\"description\":\"Sokan \u00fagy v\u00e9lik, hogy egy h\u00e1zi\u00e1llat a legjobb dolog a vil\u00e1gon, \u00e9s teljesen igazuk is van. B\u00e1rcsak a kis sz\u0151r\u00f6s bar\u00e1taink m\u00e9g t\u00f6bb ideig vel\u00fcnk maradn\u00e1nak!\",\"breadcrumb\":{\"@id\":\"https:\/\/liked.hu\/old\/allatok\/hogyan-mentette-meg-egy-bob-nevu-kobor-macska-egy-hajlektalan-zenesz-eletet-es-tette-az-egesz-vilagon-hiresse\/#breadcrumb\"},\"inLanguage\":\"hu\",\"potentialAction\":[{\"@type\":\"ReadAction\",\"target\":[\"https:\/\/liked.hu\/old\/allatok\/hogyan-mentette-meg-egy-bob-nevu-kobor-macska-egy-hajlektalan-zenesz-eletet-es-tette-az-egesz-vilagon-hiresse\/\"]}]},{\"@type\":\"BreadcrumbList\",\"@id\":\"https:\/\/liked.hu\/old\/allatok\/hogyan-mentette-meg-egy-bob-nevu-kobor-macska-egy-hajlektalan-zenesz-eletet-es-tette-az-egesz-vilagon-hiresse\/#breadcrumb\",\"itemListElement\":[{\"@type\":\"ListItem\",\"position\":1,\"name\":\"Kezd\u0151lap\",\"item\":\"https:\/\/liked.hu\/old\/\"},{\"@type\":\"ListItem\",\"position\":2,\"name\":\"Hogyan mentette meg egy Bob nev\u0171 k\u00f3bor macska egy hajl\u00e9ktalan zen\u00e9sz \u00e9let\u00e9t, \u00e9s tette az eg\u00e9sz vil\u00e1gon h\u00edress\u00e9\"}]},{\"@type\":\"WebSite\",\"@id\":\"https:\/\/liked.hu\/old\/#website\",\"url\":\"https:\/\/liked.hu\/old\/\",\"name\":\"Liked.hu\",\"description\":\"\",\"publisher\":{\"@id\":\"https:\/\/liked.hu\/old\/#organization\"},\"potentialAction\":[{\"@type\":\"SearchAction\",\"target\":{\"@type\":\"EntryPoint\",\"urlTemplate\":\"https:\/\/liked.hu\/old\/?s={search_term_string}\"},\"query-input\":\"required name=search_term_string\"}],\"inLanguage\":\"hu\"},{\"@type\":\"Organization\",\"@id\":\"https:\/\/liked.hu\/old\/#organization\",\"name\":\"Liked.hu\",\"url\":\"https:\/\/liked.hu\/old\/\",\"sameAs\":[\"https:\/\/hu.pinterest.com\/likedhungary\/\",\"https:\/\/www.youtube.com\/channel\/UCPv91dbMoIukYcM9b9nHN6Q\",\"https:\/\/www.facebook.com\/liked.hu\",\"https:\/\/twitter.com\/LikedHu\"],\"logo\":{\"@type\":\"ImageObject\",\"inLanguage\":\"hu\",\"@id\":\"https:\/\/liked.hu\/old\/#\/schema\/logo\/image\/\",\"url\":\"https:\/\/liked.hu\/wp-content\/uploads\/2018\/08\/Liked-icon.png\",\"contentUrl\":\"https:\/\/liked.hu\/wp-content\/uploads\/2018\/08\/Liked-icon.png\",\"width\":512,\"height\":512,\"caption\":\"Liked.hu\"},\"image\":{\"@id\":\"https:\/\/liked.hu\/old\/#\/schema\/logo\/image\/\"}},{\"@type\":\"Person\",\"@id\":\"https:\/\/liked.hu\/old\/#\/schema\/person\/8b92210be73c8af1a8255bd30ebe772b\",\"name\":\"Tiborc\",\"image\":{\"@type\":\"ImageObject\",\"inLanguage\":\"hu\",\"@id\":\"https:\/\/liked.hu\/old\/#\/schema\/person\/image\/\",\"url\":\"https:\/\/liked.hu\/old\/wp-content\/uploads\/avatars\/7\/604de8ed2ffd6-bpfull.jpg\",\"contentUrl\":\"https:\/\/liked.hu\/old\/wp-content\/uploads\/avatars\/7\/604de8ed2ffd6-bpfull.jpg\",\"caption\":\"Tiborc\"},\"url\":\"https:\/\/liked.hu\/old\/u\/tiborc\/\"}]}<\/script>\n<!-- \/ Yoast SEO plugin. -->","yoast_head_json":{"title":"Hogyan mentette meg egy Bob nev\u0171 k\u00f3bor macska egy hajl\u00e9ktalan zen\u00e9sz \u00e9let\u00e9t, \u00e9s tette az eg\u00e9sz vil\u00e1gon h\u00edress\u00e9","description":"Sokan \u00fagy v\u00e9lik, hogy egy h\u00e1zi\u00e1llat a legjobb dolog a vil\u00e1gon, \u00e9s teljesen igazuk is van. B\u00e1rcsak a kis sz\u0151r\u00f6s bar\u00e1taink m\u00e9g t\u00f6bb ideig vel\u00fcnk maradn\u00e1nak!","robots":{"index":"index","follow":"follow","max-snippet":"max-snippet:-1","max-image-preview":"max-image-preview:large","max-video-preview":"max-video-preview:-1"},"canonical":"https:\/\/liked.hu\/old\/allatok\/hogyan-mentette-meg-egy-bob-nevu-kobor-macska-egy-hajlektalan-zenesz-eletet-es-tette-az-egesz-vilagon-hiresse\/","og_locale":"hu_HU","og_type":"article","og_title":"Hogyan mentette meg egy Bob nev\u0171 k\u00f3bor macska egy hajl\u00e9ktalan zen\u00e9sz \u00e9let\u00e9t, \u00e9s tette az eg\u00e9sz vil\u00e1gon h\u00edress\u00e9","og_description":"Sokan \u00fagy v\u00e9lik, hogy egy h\u00e1zi\u00e1llat a legjobb dolog a vil\u00e1gon, \u00e9s teljesen igazuk is van. B\u00e1rcsak a kis sz\u0151r\u00f6s bar\u00e1taink m\u00e9g t\u00f6bb ideig vel\u00fcnk maradn\u00e1nak!","og_url":"https:\/\/liked.hu\/old\/allatok\/hogyan-mentette-meg-egy-bob-nevu-kobor-macska-egy-hajlektalan-zenesz-eletet-es-tette-az-egesz-vilagon-hiresse\/","og_site_name":"Liked.hu","article_publisher":"https:\/\/www.facebook.com\/liked.hu","article_published_time":"2020-11-29T21:23:22+00:00","article_modified_time":"2020-11-29T21:23:21+00:00","og_image":[{"width":1200,"height":630,"url":"https:\/\/liked.hu\/old\/wp-content\/uploads\/2020\/06\/Bob-az-utcamacska-tortenete.jpg","type":"image\/jpeg"}],"author":"Tiborc","twitter_card":"summary","twitter_creator":"@LikedHu","twitter_site":"@LikedHu","twitter_misc":{"Szerz\u0151:":"Tiborc","Becs\u00fclt olvas\u00e1si id\u0151":"1 perc"},"schema":{"@context":"https:\/\/schema.org","@graph":[{"@type":"Article","@id":"https:\/\/liked.hu\/old\/allatok\/hogyan-mentette-meg-egy-bob-nevu-kobor-macska-egy-hajlektalan-zenesz-eletet-es-tette-az-egesz-vilagon-hiresse\/#article","isPartOf":{"@id":"https:\/\/liked.hu\/old\/allatok\/hogyan-mentette-meg-egy-bob-nevu-kobor-macska-egy-hajlektalan-zenesz-eletet-es-tette-az-egesz-vilagon-hiresse\/"},"author":{"name":"Tiborc","@id":"https:\/\/liked.hu\/old\/#\/schema\/person\/8b92210be73c8af1a8255bd30ebe772b"},"headline":"Hogyan mentette meg egy Bob nev\u0171 k\u00f3bor macska egy hajl\u00e9ktalan zen\u00e9sz \u00e9let\u00e9t, \u00e9s tette az eg\u00e9sz vil\u00e1gon h\u00edress\u00e9","datePublished":"2020-11-29T21:23:22+00:00","dateModified":"2020-11-29T21:23:21+00:00","mainEntityOfPage":{"@id":"https:\/\/liked.hu\/old\/allatok\/hogyan-mentette-meg-egy-bob-nevu-kobor-macska-egy-hajlektalan-zenesz-eletet-es-tette-az-egesz-vilagon-hiresse\/"},"wordCount":169,"commentCount":5,"publisher":{"@id":"https:\/\/liked.hu\/old\/#organization"},"keywords":["bob","gazdi","h\u00e1zi\u00e1llat","macska","sztori","t\u00f6rt\u00e9net"],"articleSection":["\u00c1llatok"],"inLanguage":"hu","potentialAction":[{"@type":"CommentAction","name":"Comment","target":["https:\/\/liked.hu\/old\/allatok\/hogyan-mentette-meg-egy-bob-nevu-kobor-macska-egy-hajlektalan-zenesz-eletet-es-tette-az-egesz-vilagon-hiresse\/#respond"]}]},{"@type":"WebPage","@id":"https:\/\/liked.hu\/old\/allatok\/hogyan-mentette-meg-egy-bob-nevu-kobor-macska-egy-hajlektalan-zenesz-eletet-es-tette-az-egesz-vilagon-hiresse\/","url":"https:\/\/liked.hu\/old\/allatok\/hogyan-mentette-meg-egy-bob-nevu-kobor-macska-egy-hajlektalan-zenesz-eletet-es-tette-az-egesz-vilagon-hiresse\/","name":"Hogyan mentette meg egy Bob nev\u0171 k\u00f3bor macska egy hajl\u00e9ktalan zen\u00e9sz \u00e9let\u00e9t, \u00e9s tette az eg\u00e9sz vil\u00e1gon h\u00edress\u00e9","isPartOf":{"@id":"https:\/\/liked.hu\/old\/#website"},"datePublished":"2020-11-29T21:23:22+00:00","dateModified":"2020-11-29T21:23:21+00:00","description":"Sokan \u00fagy v\u00e9lik, hogy egy h\u00e1zi\u00e1llat a legjobb dolog a vil\u00e1gon, \u00e9s teljesen igazuk is van. B\u00e1rcsak a kis sz\u0151r\u00f6s bar\u00e1taink m\u00e9g t\u00f6bb ideig vel\u00fcnk maradn\u00e1nak!","breadcrumb":{"@id":"https:\/\/liked.hu\/old\/allatok\/hogyan-mentette-meg-egy-bob-nevu-kobor-macska-egy-hajlektalan-zenesz-eletet-es-tette-az-egesz-vilagon-hiresse\/#breadcrumb"},"inLanguage":"hu","potentialAction":[{"@type":"ReadAction","target":["https:\/\/liked.hu\/old\/allatok\/hogyan-mentette-meg-egy-bob-nevu-kobor-macska-egy-hajlektalan-zenesz-eletet-es-tette-az-egesz-vilagon-hiresse\/"]}]},{"@type":"BreadcrumbList","@id":"https:\/\/liked.hu\/old\/allatok\/hogyan-mentette-meg-egy-bob-nevu-kobor-macska-egy-hajlektalan-zenesz-eletet-es-tette-az-egesz-vilagon-hiresse\/#breadcrumb","itemListElement":[{"@type":"ListItem","position":1,"name":"Kezd\u0151lap","item":"https:\/\/liked.hu\/old\/"},{"@type":"ListItem","position":2,"name":"Hogyan mentette meg egy Bob nev\u0171 k\u00f3bor macska egy hajl\u00e9ktalan zen\u00e9sz \u00e9let\u00e9t, \u00e9s tette az eg\u00e9sz vil\u00e1gon h\u00edress\u00e9"}]},{"@type":"WebSite","@id":"https:\/\/liked.hu\/old\/#website","url":"https:\/\/liked.hu\/old\/","name":"Liked.hu","description":"","publisher":{"@id":"https:\/\/liked.hu\/old\/#organization"},"potentialAction":[{"@type":"SearchAction","target":{"@type":"EntryPoint","urlTemplate":"https:\/\/liked.hu\/old\/?s={search_term_string}"},"query-input":"required name=search_term_string"}],"inLanguage":"hu"},{"@type":"Organization","@id":"https:\/\/liked.hu\/old\/#organization","name":"Liked.hu","url":"https:\/\/liked.hu\/old\/","sameAs":["https:\/\/hu.pinterest.com\/likedhungary\/","https:\/\/www.youtube.com\/channel\/UCPv91dbMoIukYcM9b9nHN6Q","https:\/\/www.facebook.com\/liked.hu","https:\/\/twitter.com\/LikedHu"],"logo":{"@type":"ImageObject","inLanguage":"hu","@id":"https:\/\/liked.hu\/old\/#\/schema\/logo\/image\/","url":"https:\/\/liked.hu\/wp-content\/uploads\/2018\/08\/Liked-icon.png","contentUrl":"https:\/\/liked.hu\/wp-content\/uploads\/2018\/08\/Liked-icon.png","width":512,"height":512,"caption":"Liked.hu"},"image":{"@id":"https:\/\/liked.hu\/old\/#\/schema\/logo\/image\/"}},{"@type":"Person","@id":"https:\/\/liked.hu\/old\/#\/schema\/person\/8b92210be73c8af1a8255bd30ebe772b","name":"Tiborc","image":{"@type":"ImageObject","inLanguage":"hu","@id":"https:\/\/liked.hu\/old\/#\/schema\/person\/image\/","url":"https:\/\/liked.hu\/old\/wp-content\/uploads\/avatars\/7\/604de8ed2ffd6-bpfull.jpg","contentUrl":"https:\/\/liked.hu\/old\/wp-content\/uploads\/avatars\/7\/604de8ed2ffd6-bpfull.jpg","caption":"Tiborc"},"url":"https:\/\/liked.hu\/old\/u\/tiborc\/"}]}},"publishpress_future_action":{"enabled":false,"date":"1970-01-01 01:00:00","action":"","terms":[],"taxonomy":"","browser_timezone_offset":0},"_links":{"self":[{"href":"https:\/\/liked.hu\/old\/wp-json\/wp\/v2\/posts\/210901"}],"collection":[{"href":"https:\/\/liked.hu\/old\/wp-json\/wp\/v2\/posts"}],"about":[{"href":"https:\/\/liked.hu\/old\/wp-json\/wp\/v2\/types\/post"}],"author":[{"embeddable":true,"href":"https:\/\/liked.hu\/old\/wp-json\/wp\/v2\/users\/7"}],"replies":[{"embeddable":true,"href":"https:\/\/liked.hu\/old\/wp-json\/wp\/v2\/comments?post=210901"}],"version-history":[{"count":0,"href":"https:\/\/liked.hu\/old\/wp-json\/wp\/v2\/posts\/210901\/revisions"}],"wp:featuredmedia":[{"embeddable":true,"href":"https:\/\/liked.hu\/old\/wp-json\/wp\/v2\/media\/210907"}],"wp:attachment":[{"href":"https:\/\/liked.hu\/old\/wp-json\/wp\/v2\/media?parent=210901"}],"wp:term":[{"taxonomy":"category","embeddable":true,"href":"https:\/\/liked.hu\/old\/wp-json\/wp\/v2\/categories?post=210901"},{"taxonomy":"post_tag","embeddable":true,"href":"https:\/\/liked.hu\/old\/wp-json\/wp\/v2\/tags?post=210901"}],"curies":[{"name":"wp","href":"https:\/\/api.w.org\/{rel}","templated":true}]}}