{"id":204608,"date":"2020-05-14T21:30:29","date_gmt":"2020-05-14T19:30:29","guid":{"rendered":"https:\/\/liked.hu\/old\/?p=204608"},"modified":"2022-09-06T18:12:36","modified_gmt":"2022-09-06T16:12:36","slug":"a-karanten-utan-visszatero-dolgozok-meglepve-lattak-hogy-az-egesz-uzlet-megpeneszedett","status":"publish","type":"post","link":"https:\/\/liked.hu\/old\/internetes-dolgok\/a-karanten-utan-visszatero-dolgozok-meglepve-lattak-hogy-az-egesz-uzlet-megpeneszedett\/","title":{"rendered":"A karant\u00e9n ut\u00e1n visszat\u00e9r\u0151 dolgoz\u00f3k meglepve l\u00e1tt\u00e1k, hogy az eg\u00e9sz \u00fczlet megpen\u00e9szedett"},"content":{"rendered":"<p>A koronav\u00edrus a 21. sz\u00e1zad egyik legs\u00falyosabb katasztr\u00f3f\u00e1j\u00e1t szabad\u00edtotta az emberis\u00e9gre. A betegs\u00e9g \u00e9s a magas hal\u00e1loz\u00e1si ar\u00e1ny \u00f6nmag\u00e1ban is tragikus, \u00e9s a kellemetlen meglepet\u00e9sek m\u00e9g csak most j\u00f6nnek majd.<\/p>\n<p style=\"text-align: center;\">\n<div style=\"float:none;margin:0px 0 0px 0;text-align:center;\">\n<div class=\"mobileShowkakettes\"><div class=\"mobileShowka2\"><div style=\"padding-top:0px;padding-bottom:15px;min-height: 300px;\"><div class=\"hirdetes\">HIRDET\u00c9S<\/div>\n<!-- 300lista -->\n<ins class=\"adsbygoogle\"\n     style=\"display:inline-block;width:300px;height:250px\"\n     data-ad-client=\"ca-pub-9424088931673893\"\n     data-ad-slot=\"8471340766\"><\/ins>\n<script async>\n     (adsbygoogle = window.adsbygoogle || []).push({});\n<\/script><\/div><\/div><\/div><\/div>\n<p>Malajzi\u00e1ban p\u00e9ld\u00e1ul m\u00e1rcius 18-\u00e1n rendelt\u00e9k el a karant\u00e9nt, amikor a l\u00e9tfontoss\u00e1g\u00fa \u00e9lelmiszer \u00e9s eg\u00e9szs\u00e9g\u00fcgyi \u00fczleteken k\u00edv\u00fcl minden boltnak be kellett z\u00e1rnia. K\u00f6zel k\u00e9t h\u00f3nappal k\u00e9s\u0151bb az elad\u00f3k visszat\u00e9rhettek az \u00fczleteikbe, \u00e1m ez sem ment sim\u00e1n: voltak olyan \u00fczletek, amiket a 2 h\u00f3nap k\u00e9nyszersz\u00fcnet alatt teljesen bebor\u00edtott a pen\u00e9sz!<\/p>\n<div id=\"zombify-main-section-front\" class=\"zombify-main-section-front zombify-screen zf-media-full\">\r\n<link rel=\"stylesheet\" type=\"text\/css\" href=\"https:\/\/liked.hu\/old\/js\/zombify.css\">\r\n    <link rel=\"stylesheet\" type=\"text\/css\" href=\"https:\/\/liked.hu\/old\/wp-content\/themes\/newsy-child\/style.css\">\r\n\t\r\n    <div class=\"zf-container\">\r\n\r\n\r\n        <div id=\"zf-story\" class=\"zf-story\">\r\n            <div class=\"zf-story_item\">\r\n\t<h3 class=\"zf_title\">K\u00e9pzeld el, hogy visszat\u00e9rsz a munkahelyedre, \u00e9s ez a l\u00e1tv\u00e1ny fogad.<\/h3>\r\n\t\t\t<figure class=\"zf-story_media zf-media-wrapper zf-image zf-type-image\">\r\n\t\t\t<div class=\"zf-media\">\r\n\t\t\t\t<img width=\"720\" height=\"960\" src=\"https:\/\/liked.hu\/old\/wp-content\/uploads\/2020\/05\/micccp-2020-05-12_13-08-08_083126.jpg\" class=\"\" alt=\"micccp 2020 05 12 13 08 08 083126\" loading=\"lazy\" style=\"\" srcset=\"https:\/\/liked.hu\/old\/wp-content\/uploads\/2020\/05\/micccp-2020-05-12_13-08-08_083126.jpg 720w, https:\/\/liked.hu\/old\/wp-content\/uploads\/2020\/05\/micccp-2020-05-12_13-08-08_083126-225x300.jpg 225w, https:\/\/liked.hu\/old\/wp-content\/uploads\/2020\/05\/micccp-2020-05-12_13-08-08_083126-375x500.jpg 375w, https:\/\/liked.hu\/old\/wp-content\/uploads\/2020\/05\/micccp-2020-05-12_13-08-08_083126-360x480.jpg 360w\" sizes=\"(max-width: 720px) 100vw, 720px\" \/>\t\t\t\t\t<figcaption class=\"zf-figcaption\">\r\n\t\t\t\t\t\t<cite>\r\n\t\t\t\t\t\t\t<a href=\"https:\/\/www.facebook.com\/photo.php?fbid=10157500208033095\"\r\n\t\t\t\t\t\t\t   class=\"zf-media_credit\"\r\n\t\t\t\t\t\t\t   target=\"_blank\"\r\n\t\t\t\t\t\t\t   rel=\"nofollow noopener\">facebook<\/a>\r\n\t\t\t\t\t\t<\/cite>\r\n\t\t\t\t\t<\/figcaption>\r\n\t\t\t\t\t\t\t<\/div>\r\n\t\t<\/figure>\r\n\t\t\t<\/div><div class=\"zf-story_item\">\r\n\t<h3 class=\"zf_title\"><\/h3>\r\n\t\t\t<figure class=\"zf-story_media zf-media-wrapper zf-image zf-type-image\">\r\n\t\t\t<div class=\"zf-media\">\r\n\t\t\t\t<img width=\"720\" height=\"960\" src=\"https:\/\/liked.hu\/old\/wp-content\/uploads\/2020\/05\/micccp-2020-05-12_13-08-08_233772.jpg\" class=\"\" alt=\"micccp 2020 05 12 13 08 08 233772\" loading=\"lazy\" style=\"\" srcset=\"https:\/\/liked.hu\/old\/wp-content\/uploads\/2020\/05\/micccp-2020-05-12_13-08-08_233772.jpg 720w, https:\/\/liked.hu\/old\/wp-content\/uploads\/2020\/05\/micccp-2020-05-12_13-08-08_233772-225x300.jpg 225w, https:\/\/liked.hu\/old\/wp-content\/uploads\/2020\/05\/micccp-2020-05-12_13-08-08_233772-375x500.jpg 375w, https:\/\/liked.hu\/old\/wp-content\/uploads\/2020\/05\/micccp-2020-05-12_13-08-08_233772-360x480.jpg 360w\" sizes=\"(max-width: 720px) 100vw, 720px\" \/>\t\t\t\t\t<figcaption class=\"zf-figcaption\">\r\n\t\t\t\t\t\t<cite>\r\n\t\t\t\t\t\t\t<a href=\"https:\/\/www.facebook.com\/photo.php?fbid=10157500208033095\"\r\n\t\t\t\t\t\t\t   class=\"zf-media_credit\"\r\n\t\t\t\t\t\t\t   target=\"_blank\"\r\n\t\t\t\t\t\t\t   rel=\"nofollow noopener\">facebook<\/a>\r\n\t\t\t\t\t\t<\/cite>\r\n\t\t\t\t\t<\/figcaption>\r\n\t\t\t\t\t\t\t<\/div>\r\n\t\t<\/figure>\r\n\t\t\t<\/div><div class=\"zf-story_item\">\r\n\t<h3 class=\"zf_title\"><\/h3>\r\n\t\t\t<figure class=\"zf-story_media zf-media-wrapper zf-image zf-type-image\">\r\n\t\t\t<div class=\"zf-media\">\r\n\t\t\t\t<img width=\"720\" height=\"960\" src=\"https:\/\/liked.hu\/old\/wp-content\/uploads\/2020\/05\/micccp-2020-05-12_13-08-08_487531.jpg\" class=\"\" alt=\"micccp 2020 05 12 13 08 08 487531\" loading=\"lazy\" style=\"\" srcset=\"https:\/\/liked.hu\/old\/wp-content\/uploads\/2020\/05\/micccp-2020-05-12_13-08-08_487531.jpg 720w, https:\/\/liked.hu\/old\/wp-content\/uploads\/2020\/05\/micccp-2020-05-12_13-08-08_487531-225x300.jpg 225w, https:\/\/liked.hu\/old\/wp-content\/uploads\/2020\/05\/micccp-2020-05-12_13-08-08_487531-375x500.jpg 375w, https:\/\/liked.hu\/old\/wp-content\/uploads\/2020\/05\/micccp-2020-05-12_13-08-08_487531-360x480.jpg 360w\" sizes=\"(max-width: 720px) 100vw, 720px\" \/>\t\t\t\t\t<figcaption class=\"zf-figcaption\">\r\n\t\t\t\t\t\t<cite>\r\n\t\t\t\t\t\t\t<a href=\"https:\/\/www.facebook.com\/photo.php?fbid=10157500208033095\"\r\n\t\t\t\t\t\t\t   class=\"zf-media_credit\"\r\n\t\t\t\t\t\t\t   target=\"_blank\"\r\n\t\t\t\t\t\t\t   rel=\"nofollow noopener\">facebook<\/a>\r\n\t\t\t\t\t\t<\/cite>\r\n\t\t\t\t\t<\/figcaption>\r\n\t\t\t\t\t\t\t<\/div>\r\n\t\t<\/figure>\r\n\t\t\t\t\t<div class=\"zf_description\"><p>A legrosszabb, hogy legink&aacute;bb a dr&aacute;ga dolgokat lepte el a pen&eacute;sz, mivel gomba f\u0151k&eacute;nt a b\u0151r&aacute;rukat t&aacute;madta meg, amiket &iacute;gy m&aacute;r senkinek sem lehet eladni.<\/p><p>A dolgoz&oacute;kat &eacute;rthet\u0151 m&oacute;don sokkolta, a l&aacute;tv&aacute;ny. Kider&uuml;lt, hogy am&iacute;g otthon &uuml;ltek &eacute;s arr&oacute;l &aacute;lmodoztak, hogy a korl&aacute;toz&aacute;sok enyh&iacute;t&eacute;se ut&aacute;n &uacute;jra dolgozhatnak majd, addig a pen&eacute;sz sz&eacute;pen lassan elpuszt&iacute;totta minden&uuml;ket.<\/p><p style=\"text-align: center\">\n<div style=\"float:none;margin:0px 0 0px 0;text-align:center;\">\n<div class=\"mobileHideke5\"><div style=\"margin-top:25px;\"><div class=\"hirdeteshatter\"><div style=\"display: inline-block;width: 50%;min-width:305px;vertical-align: top;\"><div class=\"hirdetes\">HIRDET\u00c9S<\/div>\n<!-- LikedQ51 -->\n<ins class=\"adsbygoogle\"\n     style=\"display:inline-block;width:300px;height:250px\"\n     data-ad-client=\"ca-pub-9424088931673893\"\n     data-ad-slot=\"8284063326\"><\/ins>\n<script async>\n     (adsbygoogle = window.adsbygoogle || []).push({});\n<\/script><\/div><div style=\"display: inline-block;width: 50%;min-width:305px;vertical-align: top;\"><div class=\"hirdetes\">HIRDET\u00c9S<\/div>\n<!-- LikedQ52 -->\n<ins class=\"adsbygoogle\"\n     style=\"display:inline-block;width:300px;height:250px\"\n     data-ad-client=\"ca-pub-9424088931673893\"\n     data-ad-slot=\"2840164950\"><\/ins>\n<script async>\n     (adsbygoogle = window.adsbygoogle || []).push({});\n<\/script><\/div><\/div><\/div><\/div>\n<div style=\"display:flex;flex-direction:column;\"><div class=\"mobileShowka5\"><div style=\"padding-top:10px;padding-bottom:10px;min-height: 300px;\"><div class=\"hirdetes\">HIRDET\u00c9S<\/div>\n<!-- LikedQ5M -->\n<ins class=\"adsbygoogle\"\n     style=\"display:inline-block;width:300px;height:250px\"\n     data-ad-client=\"ca-pub-9424088931673893\"\n     data-ad-slot=\"9022429928\"><\/ins>\n<script async>\n     (adsbygoogle = window.adsbygoogle || []).push({});\n<\/script><\/div><\/div><\/div><\/div><\/div><\/div><div class=\"zf-story_item\">\r\n\t<h3 class=\"zf_title\"><\/h3>\r\n\t\t\t<figure class=\"zf-story_media zf-media-wrapper zf-image zf-type-image\">\r\n\t\t\t<div class=\"zf-media\">\r\n\t\t\t\t<img width=\"720\" height=\"960\" src=\"https:\/\/liked.hu\/old\/wp-content\/uploads\/2020\/05\/micccp-2020-05-12_13-08-08_645444.jpg\" class=\"\" alt=\"micccp 2020 05 12 13 08 08 645444\" loading=\"lazy\" style=\"\" srcset=\"https:\/\/liked.hu\/old\/wp-content\/uploads\/2020\/05\/micccp-2020-05-12_13-08-08_645444.jpg 720w, https:\/\/liked.hu\/old\/wp-content\/uploads\/2020\/05\/micccp-2020-05-12_13-08-08_645444-225x300.jpg 225w, https:\/\/liked.hu\/old\/wp-content\/uploads\/2020\/05\/micccp-2020-05-12_13-08-08_645444-375x500.jpg 375w, https:\/\/liked.hu\/old\/wp-content\/uploads\/2020\/05\/micccp-2020-05-12_13-08-08_645444-360x480.jpg 360w\" sizes=\"(max-width: 720px) 100vw, 720px\" \/>\t\t\t\t\t<figcaption class=\"zf-figcaption\">\r\n\t\t\t\t\t\t<cite>\r\n\t\t\t\t\t\t\t<a href=\"https:\/\/www.facebook.com\/photo.php?fbid=10157500208033095\"\r\n\t\t\t\t\t\t\t   class=\"zf-media_credit\"\r\n\t\t\t\t\t\t\t   target=\"_blank\"\r\n\t\t\t\t\t\t\t   rel=\"nofollow noopener\">facebook<\/a>\r\n\t\t\t\t\t\t<\/cite>\r\n\t\t\t\t\t<\/figcaption>\r\n\t\t\t\t\t\t\t<\/div>\r\n\t\t<\/figure>\r\n\t\t\t<\/div><div class=\"zf-story_item\">\r\n\t<h3 class=\"zf_title\"><\/h3>\r\n\t\t\t<figure class=\"zf-story_media zf-media-wrapper zf-image zf-type-image\">\r\n\t\t\t<div class=\"zf-media\">\r\n\t\t\t\t<img width=\"720\" height=\"960\" src=\"https:\/\/liked.hu\/old\/wp-content\/uploads\/2020\/05\/micccp-2020-05-12_13-08-08_825889.jpg\" class=\"\" alt=\"micccp 2020 05 12 13 08 08 825889\" loading=\"lazy\" style=\"\" srcset=\"https:\/\/liked.hu\/old\/wp-content\/uploads\/2020\/05\/micccp-2020-05-12_13-08-08_825889.jpg 720w, https:\/\/liked.hu\/old\/wp-content\/uploads\/2020\/05\/micccp-2020-05-12_13-08-08_825889-225x300.jpg 225w, https:\/\/liked.hu\/old\/wp-content\/uploads\/2020\/05\/micccp-2020-05-12_13-08-08_825889-375x500.jpg 375w, https:\/\/liked.hu\/old\/wp-content\/uploads\/2020\/05\/micccp-2020-05-12_13-08-08_825889-360x480.jpg 360w\" sizes=\"(max-width: 720px) 100vw, 720px\" \/>\t\t\t\t\t<figcaption class=\"zf-figcaption\">\r\n\t\t\t\t\t\t<cite>\r\n\t\t\t\t\t\t\t<a href=\"https:\/\/www.facebook.com\/photo.php?fbid=10157500208033095\"\r\n\t\t\t\t\t\t\t   class=\"zf-media_credit\"\r\n\t\t\t\t\t\t\t   target=\"_blank\"\r\n\t\t\t\t\t\t\t   rel=\"nofollow noopener\">facebook<\/a>\r\n\t\t\t\t\t\t<\/cite>\r\n\t\t\t\t\t<\/figcaption>\r\n\t\t\t\t\t\t\t<\/div>\r\n\t\t<\/figure>\r\n\t\t\t<\/div><div class=\"zf-story_item\">\r\n\t<h3 class=\"zf_title\"><\/h3>\r\n\t\t\t<figure class=\"zf-story_media zf-media-wrapper zf-image zf-type-image\">\r\n\t\t\t<div class=\"zf-media\">\r\n\t\t\t\t<img width=\"720\" height=\"960\" src=\"https:\/\/liked.hu\/old\/wp-content\/uploads\/2020\/05\/micccp-2020-05-12_13-08-08_961933.jpg\" class=\"\" alt=\"micccp 2020 05 12 13 08 08 961933\" loading=\"lazy\" style=\"\" srcset=\"https:\/\/liked.hu\/old\/wp-content\/uploads\/2020\/05\/micccp-2020-05-12_13-08-08_961933.jpg 720w, https:\/\/liked.hu\/old\/wp-content\/uploads\/2020\/05\/micccp-2020-05-12_13-08-08_961933-225x300.jpg 225w, https:\/\/liked.hu\/old\/wp-content\/uploads\/2020\/05\/micccp-2020-05-12_13-08-08_961933-375x500.jpg 375w, https:\/\/liked.hu\/old\/wp-content\/uploads\/2020\/05\/micccp-2020-05-12_13-08-08_961933-360x480.jpg 360w\" sizes=\"(max-width: 720px) 100vw, 720px\" \/>\t\t\t\t\t<figcaption class=\"zf-figcaption\">\r\n\t\t\t\t\t\t<cite>\r\n\t\t\t\t\t\t\t<a href=\"https:\/\/www.facebook.com\/photo.php?fbid=10157500208033095\"\r\n\t\t\t\t\t\t\t   class=\"zf-media_credit\"\r\n\t\t\t\t\t\t\t   target=\"_blank\"\r\n\t\t\t\t\t\t\t   rel=\"nofollow noopener\">facebook<\/a>\r\n\t\t\t\t\t\t<\/cite>\r\n\t\t\t\t\t<\/figcaption>\r\n\t\t\t\t\t\t\t<\/div>\r\n\t\t<\/figure>\r\n\t\t\t\t\t<div class=\"zf_description\"><p>Mi&eacute;rt t&ouml;rt&eacute;nt mindez? Val&oacute;j&aacute;ban sz&aacute;mos oka lehet ennek a kellemetlen meglepet&eacute;snek. El\u0151sz&ouml;r is: senki sem gondolta, hogy a karant&eacute;n k&eacute;t h&oacute;napig elh&uacute;z&oacute;dik majd, ez&eacute;rt sok keresked\u0151 nem pakolta el az &aacute;ruj&aacute;t a rakt&aacute;rba, hanem k&ouml;zvetlen&uuml;l az &uuml;zlethelyis&eacute;gben hagyta.<\/p><p>M&aacute;sodszor: amikor az &uuml;zleteket bez&aacute;rt&aacute;k, a l&eacute;gkondicion&aacute;l&oacute;kat &eacute;s a szell\u0151z\u0151rendszert is kikapcsolt&aacute;k. Ez val&oacute;sz&iacute;n\u0171leg hozz&aacute;j&aacute;rult a leveg\u0151 nedvess&eacute;gtartam&aacute;nak n&ouml;veked&eacute;s&eacute;hez, a k&eacute;t h&oacute;nap alatt pedig elegend\u0151 id\u0151 volt r&aacute;, hogy mindent ellepjen a pen&eacute;sz.<\/p><p style=\"text-align: center\">\n<div style=\"float:none;margin:0px 0 0px 0;text-align:center;\">\n<div class=\"mobileHideke8\"><div class=\"hirdeteshatter\"><div style=\"display: inline-block;width: 50%;min-width:340px;vertical-align: top;\"><div class=\"hirdetes\">HIRDET\u00c9S<\/div>\n<!-- LikedQ81 -->\n<ins class=\"adsbygoogle\"\n     style=\"display:inline-block;width:336px;height:280px\"\n     data-ad-client=\"ca-pub-9424088931673893\"\n     data-ad-slot=\"2436840276\"><\/ins>\n<script async>\n     (adsbygoogle = window.adsbygoogle || []).push({});\n<\/script><\/div><div style=\"display: inline-block;width: 50%;min-width:340px;vertical-align: top;\"><div class=\"hirdetes\">HIRDET\u00c9S<\/div>\n<!-- LikedQ82 -->\n<ins class=\"adsbygoogle\"\n     style=\"display:inline-block;width:336px;height:280px\"\n     data-ad-client=\"ca-pub-9424088931673893\"\n     data-ad-slot=\"3558350253\"><\/ins>\n<script async>\n     (adsbygoogle = window.adsbygoogle || []).push({});\n<\/script><\/div><\/div><\/div>\n<div style=\"display:flex;flex-direction:column;\"><div class=\"mobileShowka8 nyolc\"><div style=\"padding-top:15px;padding-bottom:5px;min-height: 300px;\"><div class=\"hirdetes\">HIRDET\u00c9S<\/div>\n<!-- LikedQ8M -->\n<ins class=\"adsbygoogle\"\n     style=\"display:inline-block;width:336px;height:280px\"\n     data-ad-client=\"ca-pub-9424088931673893\"\n     data-ad-slot=\"4679860235\"><\/ins>\n<script async>\n     (adsbygoogle = window.adsbygoogle || []).push({});\n<\/script><\/div><\/div><\/div><\/div><\/div><\/div><div class=\"zf-story_item\">\r\n\t<h3 class=\"zf_title\"><\/h3>\r\n\t\t\t<figure class=\"zf-story_media zf-media-wrapper zf-image zf-type-image\">\r\n\t\t\t<div class=\"zf-media\">\r\n\t\t\t\t<img width=\"720\" height=\"960\" src=\"https:\/\/liked.hu\/old\/wp-content\/uploads\/2020\/05\/micccp-2020-05-12_13-08-09_129315.jpg\" class=\"\" alt=\"micccp 2020 05 12 13 08 09 129315\" loading=\"lazy\" style=\"\" srcset=\"https:\/\/liked.hu\/old\/wp-content\/uploads\/2020\/05\/micccp-2020-05-12_13-08-09_129315.jpg 720w, https:\/\/liked.hu\/old\/wp-content\/uploads\/2020\/05\/micccp-2020-05-12_13-08-09_129315-225x300.jpg 225w, https:\/\/liked.hu\/old\/wp-content\/uploads\/2020\/05\/micccp-2020-05-12_13-08-09_129315-375x500.jpg 375w, https:\/\/liked.hu\/old\/wp-content\/uploads\/2020\/05\/micccp-2020-05-12_13-08-09_129315-360x480.jpg 360w\" sizes=\"(max-width: 720px) 100vw, 720px\" \/>\t\t\t\t\t<figcaption class=\"zf-figcaption\">\r\n\t\t\t\t\t\t<cite>\r\n\t\t\t\t\t\t\t<a href=\"https:\/\/www.facebook.com\/photo.php?fbid=10157500208033095\"\r\n\t\t\t\t\t\t\t   class=\"zf-media_credit\"\r\n\t\t\t\t\t\t\t   target=\"_blank\"\r\n\t\t\t\t\t\t\t   rel=\"nofollow noopener\">facebook<\/a>\r\n\t\t\t\t\t\t<\/cite>\r\n\t\t\t\t\t<\/figcaption>\r\n\t\t\t\t\t\t\t<\/div>\r\n\t\t<\/figure>\r\n\t\t\t<\/div><div class=\"zf-story_item\">\r\n\t<h3 class=\"zf_title\"><\/h3>\r\n\t\t\t<figure class=\"zf-story_media zf-media-wrapper zf-image zf-type-image\">\r\n\t\t\t<div class=\"zf-media\">\r\n\t\t\t\t<img width=\"720\" height=\"960\" src=\"https:\/\/liked.hu\/old\/wp-content\/uploads\/2020\/05\/micccp-2020-05-12_13-08-09_281132.jpg\" class=\"\" alt=\"micccp 2020 05 12 13 08 09 281132\" loading=\"lazy\" style=\"\" srcset=\"https:\/\/liked.hu\/old\/wp-content\/uploads\/2020\/05\/micccp-2020-05-12_13-08-09_281132.jpg 720w, https:\/\/liked.hu\/old\/wp-content\/uploads\/2020\/05\/micccp-2020-05-12_13-08-09_281132-225x300.jpg 225w, https:\/\/liked.hu\/old\/wp-content\/uploads\/2020\/05\/micccp-2020-05-12_13-08-09_281132-375x500.jpg 375w, https:\/\/liked.hu\/old\/wp-content\/uploads\/2020\/05\/micccp-2020-05-12_13-08-09_281132-360x480.jpg 360w\" sizes=\"(max-width: 720px) 100vw, 720px\" \/>\t\t\t\t\t<figcaption class=\"zf-figcaption\">\r\n\t\t\t\t\t\t<cite>\r\n\t\t\t\t\t\t\t<a href=\"https:\/\/www.facebook.com\/photo.php?fbid=10157500208033095\"\r\n\t\t\t\t\t\t\t   class=\"zf-media_credit\"\r\n\t\t\t\t\t\t\t   target=\"_blank\"\r\n\t\t\t\t\t\t\t   rel=\"nofollow noopener\">facebook<\/a>\r\n\t\t\t\t\t\t<\/cite>\r\n\t\t\t\t\t<\/figcaption>\r\n\t\t\t\t\t\t\t<\/div>\r\n\t\t<\/figure>\r\n\t\t\t<\/div>        <\/div>\r\n    <\/div>\r\n\r\n    <\/div>\r\n\r\n\r\n\n","protected":false},"excerpt":{"rendered":"<p>A koronav\u00edrus a 21. sz\u00e1zad egyik legs\u00falyosabb katasztr\u00f3f\u00e1j\u00e1t szabad\u00edtotta az emberis\u00e9gre. A betegs\u00e9g \u00e9s a magas hal\u00e1loz\u00e1si ar\u00e1ny \u00f6nmag\u00e1ban is tragikus, \u00e9s a kellemetlen meglepet\u00e9sek m\u00e9g csak most j\u00f6nnek majd. Malajzi\u00e1ban p\u00e9ld\u00e1ul m\u00e1rcius 18-\u00e1n rendelt\u00e9k el a karant\u00e9nt, amikor a l\u00e9tfontoss\u00e1g\u00fa \u00e9lelmiszer \u00e9s eg\u00e9szs\u00e9g\u00fcgyi \u00fczleteken k\u00edv\u00fcl minden boltnak be kellett z\u00e1rnia. K\u00f6zel k\u00e9t h\u00f3nappal k\u00e9s\u0151bb [&hellip;]<\/p>\n","protected":false},"author":7,"featured_media":204609,"comment_status":"open","ping_status":"closed","sticky":false,"template":"","format":"standard","meta":{"buzzeditor_post_format":""},"categories":[9578],"tags":[242,8898,8835,1637,2657],"yoast_head":"<!-- This site is optimized with the Yoast SEO plugin v19.6.1 - https:\/\/yoast.com\/wordpress\/plugins\/seo\/ -->\n<title>A karant\u00e9n ut\u00e1n visszat\u00e9r\u0151 dolgoz\u00f3k meglepve l\u00e1tt\u00e1k, hogy az eg\u00e9sz \u00fczlet megpen\u00e9szedett<\/title>\n<meta name=\"description\" content=\"A koronav\u00edrus a 21. sz\u00e1zad egyik legs\u00falyosabb katasztr\u00f3f\u00e1j\u00e1t szabad\u00edtotta az emberis\u00e9gre. A betegs\u00e9g \u00e9s a magas hal\u00e1loz\u00e1si ar\u00e1ny \u00f6nmag\u00e1ban is tragikus, \u00e9s\" \/>\n<meta name=\"robots\" content=\"index, follow, max-snippet:-1, max-image-preview:large, max-video-preview:-1\" \/>\n<link rel=\"canonical\" href=\"https:\/\/liked.hu\/old\/internetes-dolgok\/a-karanten-utan-visszatero-dolgozok-meglepve-lattak-hogy-az-egesz-uzlet-megpeneszedett\/\" \/>\n<meta property=\"og:locale\" content=\"hu_HU\" \/>\n<meta property=\"og:type\" content=\"article\" \/>\n<meta property=\"og:title\" content=\"A karant\u00e9n ut\u00e1n visszat\u00e9r\u0151 dolgoz\u00f3k meglepve l\u00e1tt\u00e1k, hogy az eg\u00e9sz \u00fczlet megpen\u00e9szedett\" \/>\n<meta property=\"og:description\" content=\"A koronav\u00edrus a 21. sz\u00e1zad egyik legs\u00falyosabb katasztr\u00f3f\u00e1j\u00e1t szabad\u00edtotta az emberis\u00e9gre. A betegs\u00e9g \u00e9s a magas hal\u00e1loz\u00e1si ar\u00e1ny \u00f6nmag\u00e1ban is tragikus, \u00e9s\" \/>\n<meta property=\"og:url\" content=\"https:\/\/liked.hu\/old\/internetes-dolgok\/a-karanten-utan-visszatero-dolgozok-meglepve-lattak-hogy-az-egesz-uzlet-megpeneszedett\/\" \/>\n<meta property=\"og:site_name\" content=\"Liked.hu\" \/>\n<meta property=\"article:publisher\" content=\"https:\/\/www.facebook.com\/liked.hu\" \/>\n<meta property=\"article:published_time\" content=\"2020-05-14T19:30:29+00:00\" \/>\n<meta property=\"article:modified_time\" content=\"2022-09-06T16:12:36+00:00\" \/>\n<meta property=\"og:image\" content=\"https:\/\/liked.hu\/old\/wp-content\/uploads\/2020\/05\/Megpeneszedett-malajziai-ruhabolt.jpg\" \/>\n\t<meta property=\"og:image:width\" content=\"1200\" \/>\n\t<meta property=\"og:image:height\" content=\"630\" \/>\n\t<meta property=\"og:image:type\" content=\"image\/jpeg\" \/>\n<meta name=\"author\" content=\"Tiborc\" \/>\n<meta name=\"twitter:card\" content=\"summary\" \/>\n<meta name=\"twitter:creator\" content=\"@LikedHu\" \/>\n<meta name=\"twitter:site\" content=\"@LikedHu\" \/>\n<meta name=\"twitter:label1\" content=\"Szerz\u0151:\" \/>\n\t<meta name=\"twitter:data1\" content=\"Tiborc\" \/>\n\t<meta name=\"twitter:label2\" content=\"Becs\u00fclt olvas\u00e1si id\u0151\" \/>\n\t<meta name=\"twitter:data2\" content=\"1 perc\" \/>\n<script type=\"application\/ld+json\" class=\"yoast-schema-graph\">{\"@context\":\"https:\/\/schema.org\",\"@graph\":[{\"@type\":\"Article\",\"@id\":\"https:\/\/liked.hu\/old\/internetes-dolgok\/a-karanten-utan-visszatero-dolgozok-meglepve-lattak-hogy-az-egesz-uzlet-megpeneszedett\/#article\",\"isPartOf\":{\"@id\":\"https:\/\/liked.hu\/old\/internetes-dolgok\/a-karanten-utan-visszatero-dolgozok-meglepve-lattak-hogy-az-egesz-uzlet-megpeneszedett\/\"},\"author\":{\"name\":\"Tiborc\",\"@id\":\"https:\/\/liked.hu\/old\/#\/schema\/person\/8b92210be73c8af1a8255bd30ebe772b\"},\"headline\":\"A karant\u00e9n ut\u00e1n visszat\u00e9r\u0151 dolgoz\u00f3k meglepve l\u00e1tt\u00e1k, hogy az eg\u00e9sz \u00fczlet megpen\u00e9szedett\",\"datePublished\":\"2020-05-14T19:30:29+00:00\",\"dateModified\":\"2022-09-06T16:12:36+00:00\",\"mainEntityOfPage\":{\"@id\":\"https:\/\/liked.hu\/old\/internetes-dolgok\/a-karanten-utan-visszatero-dolgozok-meglepve-lattak-hogy-az-egesz-uzlet-megpeneszedett\/\"},\"wordCount\":144,\"commentCount\":8,\"publisher\":{\"@id\":\"https:\/\/liked.hu\/old\/#organization\"},\"keywords\":[\"balszerencse\",\"h\u00edr\",\"koronav\u00edrus\",\"Malajzia\",\"t\u00f6rt\u00e9net\"],\"articleSection\":[\"Interneten tal\u00e1lt dolgok\"],\"inLanguage\":\"hu\",\"potentialAction\":[{\"@type\":\"CommentAction\",\"name\":\"Comment\",\"target\":[\"https:\/\/liked.hu\/old\/internetes-dolgok\/a-karanten-utan-visszatero-dolgozok-meglepve-lattak-hogy-az-egesz-uzlet-megpeneszedett\/#respond\"]}]},{\"@type\":\"WebPage\",\"@id\":\"https:\/\/liked.hu\/old\/internetes-dolgok\/a-karanten-utan-visszatero-dolgozok-meglepve-lattak-hogy-az-egesz-uzlet-megpeneszedett\/\",\"url\":\"https:\/\/liked.hu\/old\/internetes-dolgok\/a-karanten-utan-visszatero-dolgozok-meglepve-lattak-hogy-az-egesz-uzlet-megpeneszedett\/\",\"name\":\"A karant\u00e9n ut\u00e1n visszat\u00e9r\u0151 dolgoz\u00f3k meglepve l\u00e1tt\u00e1k, hogy az eg\u00e9sz \u00fczlet megpen\u00e9szedett\",\"isPartOf\":{\"@id\":\"https:\/\/liked.hu\/old\/#website\"},\"datePublished\":\"2020-05-14T19:30:29+00:00\",\"dateModified\":\"2022-09-06T16:12:36+00:00\",\"description\":\"A koronav\u00edrus a 21. sz\u00e1zad egyik legs\u00falyosabb katasztr\u00f3f\u00e1j\u00e1t szabad\u00edtotta az emberis\u00e9gre. A betegs\u00e9g \u00e9s a magas hal\u00e1loz\u00e1si ar\u00e1ny \u00f6nmag\u00e1ban is tragikus, \u00e9s\",\"breadcrumb\":{\"@id\":\"https:\/\/liked.hu\/old\/internetes-dolgok\/a-karanten-utan-visszatero-dolgozok-meglepve-lattak-hogy-az-egesz-uzlet-megpeneszedett\/#breadcrumb\"},\"inLanguage\":\"hu\",\"potentialAction\":[{\"@type\":\"ReadAction\",\"target\":[\"https:\/\/liked.hu\/old\/internetes-dolgok\/a-karanten-utan-visszatero-dolgozok-meglepve-lattak-hogy-az-egesz-uzlet-megpeneszedett\/\"]}]},{\"@type\":\"BreadcrumbList\",\"@id\":\"https:\/\/liked.hu\/old\/internetes-dolgok\/a-karanten-utan-visszatero-dolgozok-meglepve-lattak-hogy-az-egesz-uzlet-megpeneszedett\/#breadcrumb\",\"itemListElement\":[{\"@type\":\"ListItem\",\"position\":1,\"name\":\"Kezd\u0151lap\",\"item\":\"https:\/\/liked.hu\/old\/\"},{\"@type\":\"ListItem\",\"position\":2,\"name\":\"A karant\u00e9n ut\u00e1n visszat\u00e9r\u0151 dolgoz\u00f3k meglepve l\u00e1tt\u00e1k, hogy az eg\u00e9sz \u00fczlet megpen\u00e9szedett\"}]},{\"@type\":\"WebSite\",\"@id\":\"https:\/\/liked.hu\/old\/#website\",\"url\":\"https:\/\/liked.hu\/old\/\",\"name\":\"Liked.hu\",\"description\":\"\",\"publisher\":{\"@id\":\"https:\/\/liked.hu\/old\/#organization\"},\"potentialAction\":[{\"@type\":\"SearchAction\",\"target\":{\"@type\":\"EntryPoint\",\"urlTemplate\":\"https:\/\/liked.hu\/old\/?s={search_term_string}\"},\"query-input\":\"required name=search_term_string\"}],\"inLanguage\":\"hu\"},{\"@type\":\"Organization\",\"@id\":\"https:\/\/liked.hu\/old\/#organization\",\"name\":\"Liked.hu\",\"url\":\"https:\/\/liked.hu\/old\/\",\"sameAs\":[\"https:\/\/hu.pinterest.com\/likedhungary\/\",\"https:\/\/www.youtube.com\/channel\/UCPv91dbMoIukYcM9b9nHN6Q\",\"https:\/\/www.facebook.com\/liked.hu\",\"https:\/\/twitter.com\/LikedHu\"],\"logo\":{\"@type\":\"ImageObject\",\"inLanguage\":\"hu\",\"@id\":\"https:\/\/liked.hu\/old\/#\/schema\/logo\/image\/\",\"url\":\"https:\/\/liked.hu\/wp-content\/uploads\/2018\/08\/Liked-icon.png\",\"contentUrl\":\"https:\/\/liked.hu\/wp-content\/uploads\/2018\/08\/Liked-icon.png\",\"width\":512,\"height\":512,\"caption\":\"Liked.hu\"},\"image\":{\"@id\":\"https:\/\/liked.hu\/old\/#\/schema\/logo\/image\/\"}},{\"@type\":\"Person\",\"@id\":\"https:\/\/liked.hu\/old\/#\/schema\/person\/8b92210be73c8af1a8255bd30ebe772b\",\"name\":\"Tiborc\",\"image\":{\"@type\":\"ImageObject\",\"inLanguage\":\"hu\",\"@id\":\"https:\/\/liked.hu\/old\/#\/schema\/person\/image\/\",\"url\":\"https:\/\/liked.hu\/old\/wp-content\/uploads\/avatars\/7\/604de8ed2ffd6-bpfull.jpg\",\"contentUrl\":\"https:\/\/liked.hu\/old\/wp-content\/uploads\/avatars\/7\/604de8ed2ffd6-bpfull.jpg\",\"caption\":\"Tiborc\"},\"url\":\"https:\/\/liked.hu\/old\/u\/tiborc\/\"}]}<\/script>\n<!-- \/ Yoast SEO plugin. -->","yoast_head_json":{"title":"A karant\u00e9n ut\u00e1n visszat\u00e9r\u0151 dolgoz\u00f3k meglepve l\u00e1tt\u00e1k, hogy az eg\u00e9sz \u00fczlet megpen\u00e9szedett","description":"A koronav\u00edrus a 21. sz\u00e1zad egyik legs\u00falyosabb katasztr\u00f3f\u00e1j\u00e1t szabad\u00edtotta az emberis\u00e9gre. A betegs\u00e9g \u00e9s a magas hal\u00e1loz\u00e1si ar\u00e1ny \u00f6nmag\u00e1ban is tragikus, \u00e9s","robots":{"index":"index","follow":"follow","max-snippet":"max-snippet:-1","max-image-preview":"max-image-preview:large","max-video-preview":"max-video-preview:-1"},"canonical":"https:\/\/liked.hu\/old\/internetes-dolgok\/a-karanten-utan-visszatero-dolgozok-meglepve-lattak-hogy-az-egesz-uzlet-megpeneszedett\/","og_locale":"hu_HU","og_type":"article","og_title":"A karant\u00e9n ut\u00e1n visszat\u00e9r\u0151 dolgoz\u00f3k meglepve l\u00e1tt\u00e1k, hogy az eg\u00e9sz \u00fczlet megpen\u00e9szedett","og_description":"A koronav\u00edrus a 21. sz\u00e1zad egyik legs\u00falyosabb katasztr\u00f3f\u00e1j\u00e1t szabad\u00edtotta az emberis\u00e9gre. A betegs\u00e9g \u00e9s a magas hal\u00e1loz\u00e1si ar\u00e1ny \u00f6nmag\u00e1ban is tragikus, \u00e9s","og_url":"https:\/\/liked.hu\/old\/internetes-dolgok\/a-karanten-utan-visszatero-dolgozok-meglepve-lattak-hogy-az-egesz-uzlet-megpeneszedett\/","og_site_name":"Liked.hu","article_publisher":"https:\/\/www.facebook.com\/liked.hu","article_published_time":"2020-05-14T19:30:29+00:00","article_modified_time":"2022-09-06T16:12:36+00:00","og_image":[{"width":1200,"height":630,"url":"https:\/\/liked.hu\/old\/wp-content\/uploads\/2020\/05\/Megpeneszedett-malajziai-ruhabolt.jpg","type":"image\/jpeg"}],"author":"Tiborc","twitter_card":"summary","twitter_creator":"@LikedHu","twitter_site":"@LikedHu","twitter_misc":{"Szerz\u0151:":"Tiborc","Becs\u00fclt olvas\u00e1si id\u0151":"1 perc"},"schema":{"@context":"https:\/\/schema.org","@graph":[{"@type":"Article","@id":"https:\/\/liked.hu\/old\/internetes-dolgok\/a-karanten-utan-visszatero-dolgozok-meglepve-lattak-hogy-az-egesz-uzlet-megpeneszedett\/#article","isPartOf":{"@id":"https:\/\/liked.hu\/old\/internetes-dolgok\/a-karanten-utan-visszatero-dolgozok-meglepve-lattak-hogy-az-egesz-uzlet-megpeneszedett\/"},"author":{"name":"Tiborc","@id":"https:\/\/liked.hu\/old\/#\/schema\/person\/8b92210be73c8af1a8255bd30ebe772b"},"headline":"A karant\u00e9n ut\u00e1n visszat\u00e9r\u0151 dolgoz\u00f3k meglepve l\u00e1tt\u00e1k, hogy az eg\u00e9sz \u00fczlet megpen\u00e9szedett","datePublished":"2020-05-14T19:30:29+00:00","dateModified":"2022-09-06T16:12:36+00:00","mainEntityOfPage":{"@id":"https:\/\/liked.hu\/old\/internetes-dolgok\/a-karanten-utan-visszatero-dolgozok-meglepve-lattak-hogy-az-egesz-uzlet-megpeneszedett\/"},"wordCount":144,"commentCount":8,"publisher":{"@id":"https:\/\/liked.hu\/old\/#organization"},"keywords":["balszerencse","h\u00edr","koronav\u00edrus","Malajzia","t\u00f6rt\u00e9net"],"articleSection":["Interneten tal\u00e1lt dolgok"],"inLanguage":"hu","potentialAction":[{"@type":"CommentAction","name":"Comment","target":["https:\/\/liked.hu\/old\/internetes-dolgok\/a-karanten-utan-visszatero-dolgozok-meglepve-lattak-hogy-az-egesz-uzlet-megpeneszedett\/#respond"]}]},{"@type":"WebPage","@id":"https:\/\/liked.hu\/old\/internetes-dolgok\/a-karanten-utan-visszatero-dolgozok-meglepve-lattak-hogy-az-egesz-uzlet-megpeneszedett\/","url":"https:\/\/liked.hu\/old\/internetes-dolgok\/a-karanten-utan-visszatero-dolgozok-meglepve-lattak-hogy-az-egesz-uzlet-megpeneszedett\/","name":"A karant\u00e9n ut\u00e1n visszat\u00e9r\u0151 dolgoz\u00f3k meglepve l\u00e1tt\u00e1k, hogy az eg\u00e9sz \u00fczlet megpen\u00e9szedett","isPartOf":{"@id":"https:\/\/liked.hu\/old\/#website"},"datePublished":"2020-05-14T19:30:29+00:00","dateModified":"2022-09-06T16:12:36+00:00","description":"A koronav\u00edrus a 21. sz\u00e1zad egyik legs\u00falyosabb katasztr\u00f3f\u00e1j\u00e1t szabad\u00edtotta az emberis\u00e9gre. A betegs\u00e9g \u00e9s a magas hal\u00e1loz\u00e1si ar\u00e1ny \u00f6nmag\u00e1ban is tragikus, \u00e9s","breadcrumb":{"@id":"https:\/\/liked.hu\/old\/internetes-dolgok\/a-karanten-utan-visszatero-dolgozok-meglepve-lattak-hogy-az-egesz-uzlet-megpeneszedett\/#breadcrumb"},"inLanguage":"hu","potentialAction":[{"@type":"ReadAction","target":["https:\/\/liked.hu\/old\/internetes-dolgok\/a-karanten-utan-visszatero-dolgozok-meglepve-lattak-hogy-az-egesz-uzlet-megpeneszedett\/"]}]},{"@type":"BreadcrumbList","@id":"https:\/\/liked.hu\/old\/internetes-dolgok\/a-karanten-utan-visszatero-dolgozok-meglepve-lattak-hogy-az-egesz-uzlet-megpeneszedett\/#breadcrumb","itemListElement":[{"@type":"ListItem","position":1,"name":"Kezd\u0151lap","item":"https:\/\/liked.hu\/old\/"},{"@type":"ListItem","position":2,"name":"A karant\u00e9n ut\u00e1n visszat\u00e9r\u0151 dolgoz\u00f3k meglepve l\u00e1tt\u00e1k, hogy az eg\u00e9sz \u00fczlet megpen\u00e9szedett"}]},{"@type":"WebSite","@id":"https:\/\/liked.hu\/old\/#website","url":"https:\/\/liked.hu\/old\/","name":"Liked.hu","description":"","publisher":{"@id":"https:\/\/liked.hu\/old\/#organization"},"potentialAction":[{"@type":"SearchAction","target":{"@type":"EntryPoint","urlTemplate":"https:\/\/liked.hu\/old\/?s={search_term_string}"},"query-input":"required name=search_term_string"}],"inLanguage":"hu"},{"@type":"Organization","@id":"https:\/\/liked.hu\/old\/#organization","name":"Liked.hu","url":"https:\/\/liked.hu\/old\/","sameAs":["https:\/\/hu.pinterest.com\/likedhungary\/","https:\/\/www.youtube.com\/channel\/UCPv91dbMoIukYcM9b9nHN6Q","https:\/\/www.facebook.com\/liked.hu","https:\/\/twitter.com\/LikedHu"],"logo":{"@type":"ImageObject","inLanguage":"hu","@id":"https:\/\/liked.hu\/old\/#\/schema\/logo\/image\/","url":"https:\/\/liked.hu\/wp-content\/uploads\/2018\/08\/Liked-icon.png","contentUrl":"https:\/\/liked.hu\/wp-content\/uploads\/2018\/08\/Liked-icon.png","width":512,"height":512,"caption":"Liked.hu"},"image":{"@id":"https:\/\/liked.hu\/old\/#\/schema\/logo\/image\/"}},{"@type":"Person","@id":"https:\/\/liked.hu\/old\/#\/schema\/person\/8b92210be73c8af1a8255bd30ebe772b","name":"Tiborc","image":{"@type":"ImageObject","inLanguage":"hu","@id":"https:\/\/liked.hu\/old\/#\/schema\/person\/image\/","url":"https:\/\/liked.hu\/old\/wp-content\/uploads\/avatars\/7\/604de8ed2ffd6-bpfull.jpg","contentUrl":"https:\/\/liked.hu\/old\/wp-content\/uploads\/avatars\/7\/604de8ed2ffd6-bpfull.jpg","caption":"Tiborc"},"url":"https:\/\/liked.hu\/old\/u\/tiborc\/"}]}},"publishpress_future_action":{"enabled":false,"date":"1970-01-01 01:00:00","action":"","terms":[],"taxonomy":"","browser_timezone_offset":0},"_links":{"self":[{"href":"https:\/\/liked.hu\/old\/wp-json\/wp\/v2\/posts\/204608"}],"collection":[{"href":"https:\/\/liked.hu\/old\/wp-json\/wp\/v2\/posts"}],"about":[{"href":"https:\/\/liked.hu\/old\/wp-json\/wp\/v2\/types\/post"}],"author":[{"embeddable":true,"href":"https:\/\/liked.hu\/old\/wp-json\/wp\/v2\/users\/7"}],"replies":[{"embeddable":true,"href":"https:\/\/liked.hu\/old\/wp-json\/wp\/v2\/comments?post=204608"}],"version-history":[{"count":0,"href":"https:\/\/liked.hu\/old\/wp-json\/wp\/v2\/posts\/204608\/revisions"}],"wp:featuredmedia":[{"embeddable":true,"href":"https:\/\/liked.hu\/old\/wp-json\/wp\/v2\/media\/204609"}],"wp:attachment":[{"href":"https:\/\/liked.hu\/old\/wp-json\/wp\/v2\/media?parent=204608"}],"wp:term":[{"taxonomy":"category","embeddable":true,"href":"https:\/\/liked.hu\/old\/wp-json\/wp\/v2\/categories?post=204608"},{"taxonomy":"post_tag","embeddable":true,"href":"https:\/\/liked.hu\/old\/wp-json\/wp\/v2\/tags?post=204608"}],"curies":[{"name":"wp","href":"https:\/\/api.w.org\/{rel}","templated":true}]}}