{"id":204140,"date":"2020-05-12T09:27:29","date_gmt":"2020-05-12T07:27:29","guid":{"rendered":"https:\/\/liked.hu\/old\/?p=204140"},"modified":"2020-05-12T09:27:29","modified_gmt":"2020-05-12T07:27:29","slug":"a-parkolohazba-behajtas-meg-soha-nem-volt-annyira-nehez-mint-ennek-a-volkswagen-sofornek","status":"publish","type":"post","link":"https:\/\/liked.hu\/old\/video\/a-parkolohazba-behajtas-meg-soha-nem-volt-annyira-nehez-mint-ennek-a-volkswagen-sofornek\/","title":{"rendered":"A parkol\u00f3h\u00e1zba behajt\u00e1s m\u00e9g soha nem volt annyira neh\u00e9z, mint ennek a Volkswagen sof\u0151rnek"},"content":{"rendered":"<p>A parkol\u00f3h\u00e1zaknak megvan az a kellemetlen tulajdons\u00e1guk, hogy n\u00e9hol helyenk\u00e9nt bizony k\u00e9nyelmetlen\u00fcl sz\u0171kek, ami ha egy nagyobb aut\u00f3val \u00e9rkez\u00fcnk, bizony tapasztalt vezet\u00e9si k\u00e9szs\u00e9geket \u00e9s fokozott \u00f3vatoss\u00e1got k\u00f6vetel.<\/p>\n<p style=\"text-align: center;\">\n<div style=\"float:none;margin:0px 0 0px 0;text-align:center;\">\n<div class=\"mobileShowkakettes\"><div class=\"mobileShowka2\"><div style=\"padding-top:0px;padding-bottom:15px;min-height: 300px;\"><div class=\"hirdetes\">HIRDET\u00c9S<\/div>\n<!-- 300lista -->\n<ins class=\"adsbygoogle\"\n     style=\"display:inline-block;width:300px;height:250px\"\n     data-ad-client=\"ca-pub-9424088931673893\"\n     data-ad-slot=\"8471340766\"><\/ins>\n<script async>\n     (adsbygoogle = window.adsbygoogle || []).push({});\n<\/script><\/div><\/div><\/div><\/div>\n<p>Cikk\u00fcnk h\u0151se nem n\u00e9zett szembe legy\u0171rhetetlen akad\u00e1llyal, ett\u0151l f\u00fcggetlen\u00fcl azonban siker\u00fclt \u00fagy behajtania ebbe a parkol\u00f3h\u00e1zba, ahogy azt m\u00e9g soha-senki nem csin\u00e1lta kor\u00e1bban.<\/p>\n<div id=\"zombify-main-section-front\" class=\"zombify-main-section-front zombify-screen zf-media-full\">\r\n<link rel=\"stylesheet\" type=\"text\/css\" href=\"https:\/\/liked.hu\/old\/js\/zombify.css\">\r\n    <link rel=\"stylesheet\" type=\"text\/css\" href=\"https:\/\/liked.hu\/old\/wp-content\/themes\/newsy-child\/style.css\">\r\n\r\n    <div class=\"zf-container\">\r\n\r\n        <div id=\"zf-video\" class=\"zf-video\">\r\n            <figure class=\"zf-video_media zf-media-wrapper zf-type-embed\">\r\n                <div class=\"zf-media\">\r\n                                    <div class=\"zf-embedded-url\"><div class=\"zf-embed-cont\"><div class='custom-oembed-error'><p><!-- Could not embed --><a href=\"https:\/\/www.youtube.com\/watch?v=oDqnGAX3AYk\">View Link<\/a><\/p><\/div><\/div><\/div>\r\n                    \r\n                                    <figcaption class=\"zf-figcaption\">\r\n                        <cite><\/cite>\r\n                    <\/figcaption>\r\n                                <\/div>\r\n            <\/figure>\r\n\r\n\t\t    <div class=\"zf-video_description\"><hr><h3>Ez a r&eacute;gi j&oacute; vide&oacute; jutott r&oacute;la esz&uuml;nkbe...<img class=\"emoji\" alt=\"\ud83d\ude0c\" src=\"https:\/\/s.w.org\/images\/core\/emoji\/11.2.0\/svg\/1f60c.svg\"><\/h3><p><span class=\"fr-video fr-fvc fr-dvb fr-draggable\"><iframe width=\"640\" height=\"360\" src=\"\/\/www.youtube.com\/embed\/w4j2QXfFFFE?wmode=opaque\" frameborder=\"0\" allowfullscreen=\"\"><\/iframe><\/span><br><\/p><\/div>\r\n        <\/div>\r\n    <\/div>\r\n\r\n    <\/div>\n","protected":false},"excerpt":{"rendered":"<p>A parkol\u00f3h\u00e1zaknak megvan az a kellemetlen tulajdons\u00e1guk, hogy n\u00e9hol helyenk\u00e9nt bizony k\u00e9nyelmetlen\u00fcl sz\u0171kek, ami ha egy nagyobb aut\u00f3val \u00e9rkez\u00fcnk, bizony tapasztalt vezet\u00e9si k\u00e9szs\u00e9geket \u00e9s fokozott \u00f3vatoss\u00e1got k\u00f6vetel. Cikk\u00fcnk h\u0151se nem n\u00e9zett szembe legy\u0171rhetetlen akad\u00e1llyal, ett\u0151l f\u00fcggetlen\u00fcl azonban siker\u00fclt \u00fagy behajtania ebbe a parkol\u00f3h\u00e1zba, ahogy azt m\u00e9g soha-senki nem csin\u00e1lta kor\u00e1bban.<\/p>\n","protected":false},"author":22,"featured_media":204138,"comment_status":"open","ping_status":"closed","sticky":false,"template":"","format":"standard","meta":{"buzzeditor_post_format":""},"categories":[43],"tags":[8839,8728],"yoast_head":"<!-- This site is optimized with the Yoast SEO plugin v19.6.1 - https:\/\/yoast.com\/wordpress\/plugins\/seo\/ -->\n<title>A parkol\u00f3h\u00e1zba behajt\u00e1s m\u00e9g soha nem volt annyira neh\u00e9z, mint ennek a Volkswagen sof\u0151rnek<\/title>\n<meta name=\"description\" content=\"A parkol\u00f3h\u00e1zaknak megvan az a kellemetlen tulajdons\u00e1guk, hogy n\u00e9hol helyenk\u00e9nt bizony k\u00e9nyelmetlen\u00fcl sz\u0171kek, ami ha egy nagyobb aut\u00f3val \u00e9rkez\u00fcnk, bizony\" \/>\n<meta name=\"robots\" content=\"index, follow, max-snippet:-1, max-image-preview:large, max-video-preview:-1\" \/>\n<link rel=\"canonical\" href=\"https:\/\/liked.hu\/old\/video\/a-parkolohazba-behajtas-meg-soha-nem-volt-annyira-nehez-mint-ennek-a-volkswagen-sofornek\/\" \/>\n<meta property=\"og:locale\" content=\"hu_HU\" \/>\n<meta property=\"og:type\" content=\"article\" \/>\n<meta property=\"og:title\" content=\"A parkol\u00f3h\u00e1zba behajt\u00e1s m\u00e9g soha nem volt annyira neh\u00e9z, mint ennek a Volkswagen sof\u0151rnek\" \/>\n<meta property=\"og:description\" content=\"A parkol\u00f3h\u00e1zaknak megvan az a kellemetlen tulajdons\u00e1guk, hogy n\u00e9hol helyenk\u00e9nt bizony k\u00e9nyelmetlen\u00fcl sz\u0171kek, ami ha egy nagyobb aut\u00f3val \u00e9rkez\u00fcnk, bizony\" \/>\n<meta property=\"og:url\" content=\"https:\/\/liked.hu\/old\/video\/a-parkolohazba-behajtas-meg-soha-nem-volt-annyira-nehez-mint-ennek-a-volkswagen-sofornek\/\" \/>\n<meta property=\"og:site_name\" content=\"Liked.hu\" \/>\n<meta property=\"article:publisher\" content=\"https:\/\/www.facebook.com\/liked.hu\" \/>\n<meta property=\"article:author\" content=\"https:\/\/www.facebook.com\/profile.php?id=100069488029999\" \/>\n<meta property=\"article:published_time\" content=\"2020-05-12T07:27:29+00:00\" \/>\n<meta property=\"og:image\" content=\"https:\/\/liked.hu\/old\/wp-content\/uploads\/2020\/05\/Parkolohazba-hajto-VW.jpg\" \/>\n\t<meta property=\"og:image:width\" content=\"780\" \/>\n\t<meta property=\"og:image:height\" content=\"440\" \/>\n\t<meta property=\"og:image:type\" content=\"image\/jpeg\" \/>\n<meta name=\"author\" content=\"1mernok\" \/>\n<meta name=\"twitter:card\" content=\"summary\" \/>\n<meta name=\"twitter:creator\" content=\"@LikedHu\" \/>\n<meta name=\"twitter:site\" content=\"@LikedHu\" \/>\n<meta name=\"twitter:label1\" content=\"Szerz\u0151:\" \/>\n\t<meta name=\"twitter:data1\" content=\"1mernok\" \/>\n<script type=\"application\/ld+json\" class=\"yoast-schema-graph\">{\"@context\":\"https:\/\/schema.org\",\"@graph\":[{\"@type\":\"Article\",\"@id\":\"https:\/\/liked.hu\/old\/video\/a-parkolohazba-behajtas-meg-soha-nem-volt-annyira-nehez-mint-ennek-a-volkswagen-sofornek\/#article\",\"isPartOf\":{\"@id\":\"https:\/\/liked.hu\/old\/video\/a-parkolohazba-behajtas-meg-soha-nem-volt-annyira-nehez-mint-ennek-a-volkswagen-sofornek\/\"},\"author\":{\"name\":\"1mernok\",\"@id\":\"https:\/\/liked.hu\/old\/#\/schema\/person\/eb840c492fdb3076d9c2d140cc634ebb\"},\"headline\":\"A parkol\u00f3h\u00e1zba behajt\u00e1s m\u00e9g soha nem volt annyira neh\u00e9z, mint ennek a Volkswagen sof\u0151rnek\",\"datePublished\":\"2020-05-12T07:27:29+00:00\",\"dateModified\":\"2020-05-12T07:27:29+00:00\",\"mainEntityOfPage\":{\"@id\":\"https:\/\/liked.hu\/old\/video\/a-parkolohazba-behajtas-meg-soha-nem-volt-annyira-nehez-mint-ennek-a-volkswagen-sofornek\/\"},\"wordCount\":103,\"commentCount\":0,\"publisher\":{\"@id\":\"https:\/\/liked.hu\/old\/#organization\"},\"keywords\":[\"vide\u00f3 baleset\",\"vide\u00f3 fail\"],\"articleSection\":[\"Vide\u00f3k\"],\"inLanguage\":\"hu\",\"potentialAction\":[{\"@type\":\"CommentAction\",\"name\":\"Comment\",\"target\":[\"https:\/\/liked.hu\/old\/video\/a-parkolohazba-behajtas-meg-soha-nem-volt-annyira-nehez-mint-ennek-a-volkswagen-sofornek\/#respond\"]}]},{\"@type\":\"WebPage\",\"@id\":\"https:\/\/liked.hu\/old\/video\/a-parkolohazba-behajtas-meg-soha-nem-volt-annyira-nehez-mint-ennek-a-volkswagen-sofornek\/\",\"url\":\"https:\/\/liked.hu\/old\/video\/a-parkolohazba-behajtas-meg-soha-nem-volt-annyira-nehez-mint-ennek-a-volkswagen-sofornek\/\",\"name\":\"A parkol\u00f3h\u00e1zba behajt\u00e1s m\u00e9g soha nem volt annyira neh\u00e9z, mint ennek a Volkswagen sof\u0151rnek\",\"isPartOf\":{\"@id\":\"https:\/\/liked.hu\/old\/#website\"},\"datePublished\":\"2020-05-12T07:27:29+00:00\",\"dateModified\":\"2020-05-12T07:27:29+00:00\",\"description\":\"A parkol\u00f3h\u00e1zaknak megvan az a kellemetlen tulajdons\u00e1guk, hogy n\u00e9hol helyenk\u00e9nt bizony k\u00e9nyelmetlen\u00fcl sz\u0171kek, ami ha egy nagyobb aut\u00f3val \u00e9rkez\u00fcnk, bizony\",\"breadcrumb\":{\"@id\":\"https:\/\/liked.hu\/old\/video\/a-parkolohazba-behajtas-meg-soha-nem-volt-annyira-nehez-mint-ennek-a-volkswagen-sofornek\/#breadcrumb\"},\"inLanguage\":\"hu\",\"potentialAction\":[{\"@type\":\"ReadAction\",\"target\":[\"https:\/\/liked.hu\/old\/video\/a-parkolohazba-behajtas-meg-soha-nem-volt-annyira-nehez-mint-ennek-a-volkswagen-sofornek\/\"]}]},{\"@type\":\"BreadcrumbList\",\"@id\":\"https:\/\/liked.hu\/old\/video\/a-parkolohazba-behajtas-meg-soha-nem-volt-annyira-nehez-mint-ennek-a-volkswagen-sofornek\/#breadcrumb\",\"itemListElement\":[{\"@type\":\"ListItem\",\"position\":1,\"name\":\"Kezd\u0151lap\",\"item\":\"https:\/\/liked.hu\/old\/\"},{\"@type\":\"ListItem\",\"position\":2,\"name\":\"A parkol\u00f3h\u00e1zba behajt\u00e1s m\u00e9g soha nem volt annyira neh\u00e9z, mint ennek a Volkswagen sof\u0151rnek\"}]},{\"@type\":\"WebSite\",\"@id\":\"https:\/\/liked.hu\/old\/#website\",\"url\":\"https:\/\/liked.hu\/old\/\",\"name\":\"Liked.hu\",\"description\":\"\",\"publisher\":{\"@id\":\"https:\/\/liked.hu\/old\/#organization\"},\"potentialAction\":[{\"@type\":\"SearchAction\",\"target\":{\"@type\":\"EntryPoint\",\"urlTemplate\":\"https:\/\/liked.hu\/old\/?s={search_term_string}\"},\"query-input\":\"required name=search_term_string\"}],\"inLanguage\":\"hu\"},{\"@type\":\"Organization\",\"@id\":\"https:\/\/liked.hu\/old\/#organization\",\"name\":\"Liked.hu\",\"url\":\"https:\/\/liked.hu\/old\/\",\"sameAs\":[\"https:\/\/hu.pinterest.com\/likedhungary\/\",\"https:\/\/www.youtube.com\/channel\/UCPv91dbMoIukYcM9b9nHN6Q\",\"https:\/\/www.facebook.com\/liked.hu\",\"https:\/\/twitter.com\/LikedHu\"],\"logo\":{\"@type\":\"ImageObject\",\"inLanguage\":\"hu\",\"@id\":\"https:\/\/liked.hu\/old\/#\/schema\/logo\/image\/\",\"url\":\"https:\/\/liked.hu\/wp-content\/uploads\/2018\/08\/Liked-icon.png\",\"contentUrl\":\"https:\/\/liked.hu\/wp-content\/uploads\/2018\/08\/Liked-icon.png\",\"width\":512,\"height\":512,\"caption\":\"Liked.hu\"},\"image\":{\"@id\":\"https:\/\/liked.hu\/old\/#\/schema\/logo\/image\/\"}},{\"@type\":\"Person\",\"@id\":\"https:\/\/liked.hu\/old\/#\/schema\/person\/eb840c492fdb3076d9c2d140cc634ebb\",\"name\":\"1mernok\",\"image\":{\"@type\":\"ImageObject\",\"inLanguage\":\"hu\",\"@id\":\"https:\/\/liked.hu\/old\/#\/schema\/person\/image\/\",\"url\":\"https:\/\/liked.hu\/old\/wp-content\/uploads\/avatars\/22\/604de6ee60df1-bpfull.jpg\",\"contentUrl\":\"https:\/\/liked.hu\/old\/wp-content\/uploads\/avatars\/22\/604de6ee60df1-bpfull.jpg\",\"caption\":\"1mernok\"},\"sameAs\":[\"https:\/\/www.facebook.com\/profile.php?id=100069488029999\"],\"url\":\"https:\/\/liked.hu\/old\/u\/1mernok\/\"}]}<\/script>\n<!-- \/ Yoast SEO plugin. -->","yoast_head_json":{"title":"A parkol\u00f3h\u00e1zba behajt\u00e1s m\u00e9g soha nem volt annyira neh\u00e9z, mint ennek a Volkswagen sof\u0151rnek","description":"A parkol\u00f3h\u00e1zaknak megvan az a kellemetlen tulajdons\u00e1guk, hogy n\u00e9hol helyenk\u00e9nt bizony k\u00e9nyelmetlen\u00fcl sz\u0171kek, ami ha egy nagyobb aut\u00f3val \u00e9rkez\u00fcnk, bizony","robots":{"index":"index","follow":"follow","max-snippet":"max-snippet:-1","max-image-preview":"max-image-preview:large","max-video-preview":"max-video-preview:-1"},"canonical":"https:\/\/liked.hu\/old\/video\/a-parkolohazba-behajtas-meg-soha-nem-volt-annyira-nehez-mint-ennek-a-volkswagen-sofornek\/","og_locale":"hu_HU","og_type":"article","og_title":"A parkol\u00f3h\u00e1zba behajt\u00e1s m\u00e9g soha nem volt annyira neh\u00e9z, mint ennek a Volkswagen sof\u0151rnek","og_description":"A parkol\u00f3h\u00e1zaknak megvan az a kellemetlen tulajdons\u00e1guk, hogy n\u00e9hol helyenk\u00e9nt bizony k\u00e9nyelmetlen\u00fcl sz\u0171kek, ami ha egy nagyobb aut\u00f3val \u00e9rkez\u00fcnk, bizony","og_url":"https:\/\/liked.hu\/old\/video\/a-parkolohazba-behajtas-meg-soha-nem-volt-annyira-nehez-mint-ennek-a-volkswagen-sofornek\/","og_site_name":"Liked.hu","article_publisher":"https:\/\/www.facebook.com\/liked.hu","article_author":"https:\/\/www.facebook.com\/profile.php?id=100069488029999","article_published_time":"2020-05-12T07:27:29+00:00","og_image":[{"width":780,"height":440,"url":"https:\/\/liked.hu\/old\/wp-content\/uploads\/2020\/05\/Parkolohazba-hajto-VW.jpg","type":"image\/jpeg"}],"author":"1mernok","twitter_card":"summary","twitter_creator":"@LikedHu","twitter_site":"@LikedHu","twitter_misc":{"Szerz\u0151:":"1mernok"},"schema":{"@context":"https:\/\/schema.org","@graph":[{"@type":"Article","@id":"https:\/\/liked.hu\/old\/video\/a-parkolohazba-behajtas-meg-soha-nem-volt-annyira-nehez-mint-ennek-a-volkswagen-sofornek\/#article","isPartOf":{"@id":"https:\/\/liked.hu\/old\/video\/a-parkolohazba-behajtas-meg-soha-nem-volt-annyira-nehez-mint-ennek-a-volkswagen-sofornek\/"},"author":{"name":"1mernok","@id":"https:\/\/liked.hu\/old\/#\/schema\/person\/eb840c492fdb3076d9c2d140cc634ebb"},"headline":"A parkol\u00f3h\u00e1zba behajt\u00e1s m\u00e9g soha nem volt annyira neh\u00e9z, mint ennek a Volkswagen sof\u0151rnek","datePublished":"2020-05-12T07:27:29+00:00","dateModified":"2020-05-12T07:27:29+00:00","mainEntityOfPage":{"@id":"https:\/\/liked.hu\/old\/video\/a-parkolohazba-behajtas-meg-soha-nem-volt-annyira-nehez-mint-ennek-a-volkswagen-sofornek\/"},"wordCount":103,"commentCount":0,"publisher":{"@id":"https:\/\/liked.hu\/old\/#organization"},"keywords":["vide\u00f3 baleset","vide\u00f3 fail"],"articleSection":["Vide\u00f3k"],"inLanguage":"hu","potentialAction":[{"@type":"CommentAction","name":"Comment","target":["https:\/\/liked.hu\/old\/video\/a-parkolohazba-behajtas-meg-soha-nem-volt-annyira-nehez-mint-ennek-a-volkswagen-sofornek\/#respond"]}]},{"@type":"WebPage","@id":"https:\/\/liked.hu\/old\/video\/a-parkolohazba-behajtas-meg-soha-nem-volt-annyira-nehez-mint-ennek-a-volkswagen-sofornek\/","url":"https:\/\/liked.hu\/old\/video\/a-parkolohazba-behajtas-meg-soha-nem-volt-annyira-nehez-mint-ennek-a-volkswagen-sofornek\/","name":"A parkol\u00f3h\u00e1zba behajt\u00e1s m\u00e9g soha nem volt annyira neh\u00e9z, mint ennek a Volkswagen sof\u0151rnek","isPartOf":{"@id":"https:\/\/liked.hu\/old\/#website"},"datePublished":"2020-05-12T07:27:29+00:00","dateModified":"2020-05-12T07:27:29+00:00","description":"A parkol\u00f3h\u00e1zaknak megvan az a kellemetlen tulajdons\u00e1guk, hogy n\u00e9hol helyenk\u00e9nt bizony k\u00e9nyelmetlen\u00fcl sz\u0171kek, ami ha egy nagyobb aut\u00f3val \u00e9rkez\u00fcnk, bizony","breadcrumb":{"@id":"https:\/\/liked.hu\/old\/video\/a-parkolohazba-behajtas-meg-soha-nem-volt-annyira-nehez-mint-ennek-a-volkswagen-sofornek\/#breadcrumb"},"inLanguage":"hu","potentialAction":[{"@type":"ReadAction","target":["https:\/\/liked.hu\/old\/video\/a-parkolohazba-behajtas-meg-soha-nem-volt-annyira-nehez-mint-ennek-a-volkswagen-sofornek\/"]}]},{"@type":"BreadcrumbList","@id":"https:\/\/liked.hu\/old\/video\/a-parkolohazba-behajtas-meg-soha-nem-volt-annyira-nehez-mint-ennek-a-volkswagen-sofornek\/#breadcrumb","itemListElement":[{"@type":"ListItem","position":1,"name":"Kezd\u0151lap","item":"https:\/\/liked.hu\/old\/"},{"@type":"ListItem","position":2,"name":"A parkol\u00f3h\u00e1zba behajt\u00e1s m\u00e9g soha nem volt annyira neh\u00e9z, mint ennek a Volkswagen sof\u0151rnek"}]},{"@type":"WebSite","@id":"https:\/\/liked.hu\/old\/#website","url":"https:\/\/liked.hu\/old\/","name":"Liked.hu","description":"","publisher":{"@id":"https:\/\/liked.hu\/old\/#organization"},"potentialAction":[{"@type":"SearchAction","target":{"@type":"EntryPoint","urlTemplate":"https:\/\/liked.hu\/old\/?s={search_term_string}"},"query-input":"required name=search_term_string"}],"inLanguage":"hu"},{"@type":"Organization","@id":"https:\/\/liked.hu\/old\/#organization","name":"Liked.hu","url":"https:\/\/liked.hu\/old\/","sameAs":["https:\/\/hu.pinterest.com\/likedhungary\/","https:\/\/www.youtube.com\/channel\/UCPv91dbMoIukYcM9b9nHN6Q","https:\/\/www.facebook.com\/liked.hu","https:\/\/twitter.com\/LikedHu"],"logo":{"@type":"ImageObject","inLanguage":"hu","@id":"https:\/\/liked.hu\/old\/#\/schema\/logo\/image\/","url":"https:\/\/liked.hu\/wp-content\/uploads\/2018\/08\/Liked-icon.png","contentUrl":"https:\/\/liked.hu\/wp-content\/uploads\/2018\/08\/Liked-icon.png","width":512,"height":512,"caption":"Liked.hu"},"image":{"@id":"https:\/\/liked.hu\/old\/#\/schema\/logo\/image\/"}},{"@type":"Person","@id":"https:\/\/liked.hu\/old\/#\/schema\/person\/eb840c492fdb3076d9c2d140cc634ebb","name":"1mernok","image":{"@type":"ImageObject","inLanguage":"hu","@id":"https:\/\/liked.hu\/old\/#\/schema\/person\/image\/","url":"https:\/\/liked.hu\/old\/wp-content\/uploads\/avatars\/22\/604de6ee60df1-bpfull.jpg","contentUrl":"https:\/\/liked.hu\/old\/wp-content\/uploads\/avatars\/22\/604de6ee60df1-bpfull.jpg","caption":"1mernok"},"sameAs":["https:\/\/www.facebook.com\/profile.php?id=100069488029999"],"url":"https:\/\/liked.hu\/old\/u\/1mernok\/"}]}},"publishpress_future_action":{"enabled":false,"date":"1970-01-01 01:00:00","action":"","terms":[],"taxonomy":"","browser_timezone_offset":0},"_links":{"self":[{"href":"https:\/\/liked.hu\/old\/wp-json\/wp\/v2\/posts\/204140"}],"collection":[{"href":"https:\/\/liked.hu\/old\/wp-json\/wp\/v2\/posts"}],"about":[{"href":"https:\/\/liked.hu\/old\/wp-json\/wp\/v2\/types\/post"}],"author":[{"embeddable":true,"href":"https:\/\/liked.hu\/old\/wp-json\/wp\/v2\/users\/22"}],"replies":[{"embeddable":true,"href":"https:\/\/liked.hu\/old\/wp-json\/wp\/v2\/comments?post=204140"}],"version-history":[{"count":0,"href":"https:\/\/liked.hu\/old\/wp-json\/wp\/v2\/posts\/204140\/revisions"}],"wp:featuredmedia":[{"embeddable":true,"href":"https:\/\/liked.hu\/old\/wp-json\/wp\/v2\/media\/204138"}],"wp:attachment":[{"href":"https:\/\/liked.hu\/old\/wp-json\/wp\/v2\/media?parent=204140"}],"wp:term":[{"taxonomy":"category","embeddable":true,"href":"https:\/\/liked.hu\/old\/wp-json\/wp\/v2\/categories?post=204140"},{"taxonomy":"post_tag","embeddable":true,"href":"https:\/\/liked.hu\/old\/wp-json\/wp\/v2\/tags?post=204140"}],"curies":[{"name":"wp","href":"https:\/\/api.w.org\/{rel}","templated":true}]}}