{"id":178393,"date":"2019-11-09T07:39:10","date_gmt":"2019-11-09T06:39:10","guid":{"rendered":"https:\/\/liked.hu\/old\/?p=178393"},"modified":"2022-09-06T12:17:41","modified_gmt":"2022-09-06T10:17:41","slug":"15-illemszabaly-ami-ot-evvel-ezelott-meg-nem-letezett-de-ma-mar-mindenkinek-ismernie-kellene-oket","status":"publish","type":"post","link":"https:\/\/liked.hu\/old\/erdekes\/15-illemszabaly-ami-ot-evvel-ezelott-meg-nem-letezett-de-ma-mar-mindenkinek-ismernie-kellene-oket\/","title":{"rendered":"15+ illemszab\u00e1ly, ami \u00f6t \u00e9vvel ezel\u0151tt m\u00e9g nem l\u00e9tezett, de ma m\u00e1r mindenkinek ismernie kellene \u0151ket"},"content":{"rendered":"<p>A h\u00edres amerikai \u00edr\u00f3n\u0151, Emily Post foglalta el\u0151sz\u00f6r \u00edr\u00e1sba a legalapvet\u0151bb etikett szab\u00e1lyokat, m\u00e9g 1946-ban. Az\u00f3ta egy nev\u00e9t visel\u0151 c\u00e9g, az Emily Post Institute munkat\u00e1rsainak jut ez a feladat, akik 5-7 \u00e9vente adnak ki \u00faj k\u00f6nyvet &#8222;Etikett enciklop\u00e9dia&#8221; c\u00edmmel. Ebben felt\u00fcntetik azokat az elavult szab\u00e1lyokat, melyeket ideje egyszer \u00e9s mindenkorra elfelejteni, illetve k\u00f6zz\u00e9teszik azokat, melyek nemr\u00e9g \u00fct\u00f6tt\u00e9k fel a fej\u00fcket, \u00e9s amelyeket illik betartani a mai modern t\u00e1rsadalomban.<\/p>\n\n<div style=\"float:none;margin:0px 0 0px 0;text-align:center;\">\n<div class=\"mobileShowkakettes\"><div class=\"mobileShowka2\"><div style=\"padding-top:0px;padding-bottom:15px;min-height: 300px;\"><div class=\"hirdetes\">HIRDET\u00c9S<\/div>\n<!-- 300lista -->\n<ins class=\"adsbygoogle\"\n     style=\"display:inline-block;width:300px;height:250px\"\n     data-ad-client=\"ca-pub-9424088931673893\"\n     data-ad-slot=\"8471340766\"><\/ins>\n<script async>\n     (adsbygoogle = window.adsbygoogle || []).push({});\n<\/script><\/div><\/div><\/div><\/div>\n\n<p>Cikk\u00fcnkben most 15+ olyan illemszab\u00e1lyt gy\u0171jt\u00f6tt\u00fcnk \u00f6ssze, melyek 5 \u00e9vvel ezel\u0151tt m\u00e9g nem l\u00e9teztek, m\u00e1ra azonban komoly gondunk lehet bel\u0151le, ha nem ismerj\u00fck \u0151ket vagy csak egyszer\u0171en figyelmen k\u00edv\u00fcl hagyjuk azokat.<\/p>\n<div id=\"zombify-main-section-front\" class=\"zombify-main-section-front zombify-screen zf-media-full\">\r\n\t<link rel=\"stylesheet\" type=\"text\/css\" href=\"https:\/\/liked.hu\/old\/js\/zombify.css\">\r\n    <link rel=\"stylesheet\" type=\"text\/css\" href=\"https:\/\/liked.hu\/old\/wp-content\/themes\/newsy-child\/style.css\">\r\n\t<div class=\"zf-container\">\r\n\t\t<div id=\"zf-list\" class=\"zf-list zf-numbered\">\r\n\t\t\t<ol class=\"zf-structure-list\">\r\n\t\t\t\t\t\t\t\t\t\t<li class=\"zf-list_item\">\r\n\t\t\t\t\t\t\t<div class=\"zf-list_header\">\r\n\t\t\t\t\t\t\t\t<h3 id=\"listaelem1\" class=\"zf-list_title\">\r\n\t\t\t\t\t\t\t\t\t<span class=\"zf-number\">1<\/span>\r\n\t\t\t\t\t\t\t\t\tLehet f\u00e9nyk\u00e9pezni az \u00e9telt egy \u00e9tteremben vagy k\u00e1v\u00e9z\u00f3ban?\t\t\t\t\t\t\t\t<\/h3>\r\n\t\t\t\t\t\t\t<\/div>\r\n\t\t\t\t\t\t\t\t\t\t\t\t\t\t\t<figure class=\"zf-list_media zf-media-wrapper zf-image zf-type-image\">\r\n\t\t\t\t\t\t\t\t\t<div title=\"Lehet f\u00e9nyk\u00e9pezni az \u00e9telt egy \u00e9tteremben vagy k\u00e1v\u00e9z\u00f3ban?\" alt=\"Lehet f\u00e9nyk\u00e9pezni az \u00e9telt egy \u00e9tteremben vagy k\u00e1v\u00e9z\u00f3ban?\" class=\"zf-media\">\r\n\t\t\t\t\t\t\t\t\t\t<img width=\"728\" height=\"376\" src=\"https:\/\/liked.hu\/old\/wp-content\/uploads\/2019\/11\/Etelfotozas.jpg\" class=\"\" alt=\"Etelfotozas\" loading=\"lazy\" style=\"\" srcset=\"https:\/\/liked.hu\/old\/wp-content\/uploads\/2019\/11\/Etelfotozas.jpg 728w, https:\/\/liked.hu\/old\/wp-content\/uploads\/2019\/11\/Etelfotozas-300x155.jpg 300w, https:\/\/liked.hu\/old\/wp-content\/uploads\/2019\/11\/Etelfotozas-500x258.jpg 500w, https:\/\/liked.hu\/old\/wp-content\/uploads\/2019\/11\/Etelfotozas-360x186.jpg 360w, https:\/\/liked.hu\/old\/wp-content\/uploads\/2019\/11\/Etelfotozas-545x281.jpg 545w\" sizes=\"(max-width: 728px) 100vw, 728px\" \/>\t\t\t\t\t\t\t\t\t\t\t<figcaption class=\"zf-figcaption\">\r\n\t\t\t\t\t\t\t\t\t\t\t\t\t\t\t\t\t\t\t\t\t\t\t\t<cite>        <a class=\"zf-media_credit\" target=\"_blank\" href=\"https:\/\/liked.hu\/old\/kimeno.php?https:\/\/www.popphoto.com\/how-to\/2013\/01\/how-to-take-picture-restaurant-without-looking-jerk\/\" rel=\"nofollow noopener\">popphoto<\/a>\r\n        <\/cite>\r\n\r\n\t\t\t\t\t\t\t\t\t\t\t\t\t\t\t\t\t\t\t\t\t\t\t<\/figcaption>\r\n\t\t\t\t\t\t\t\t\t\t\t\t\t\t\t\t\t\t\t<\/div>\r\n\t\t\t\t\t\t\t\t\t<hr \/>\r\n\t\t\t\t\t\t\t\t<\/figure>\r\n\t\t\t\t\t\t\t\t\t\t\t\t\t\t\t\t<div class=\"zf-list_description\"><p>Egy olyan vil\u00e1gban \u00e9l\u00fcnk, amiben r\u00e9g\u00f3ta a \u201eha nincs r\u00f3la k\u00e9p, nem is csin\u00e1ltam\u201d elvet k\u00f6veti, ez\u00e9rt az \u00e9telek fot\u00f3z\u00e1s\u00e1nak tilt\u00e1sa val\u00f3s\u00e1gos \u00f6ngyilkoss\u00e1g lenne a vend\u00e9gl\u00e1t\u00f3 egys\u00e9gek sz\u00e1m\u00e1ra. Ennek ellen\u00e9re tov\u00e1bbra is fontos, hogy a legkev\u00e9sb\u00e9 felt\u0171n\u0151 m\u00f3don csin\u00e1ljuk azt, an\u00e9lk\u00fcl, hogy zavarn\u00e1nk vele m\u00e1sokat \u2013 p\u00e9ld\u00e1ul zaj \u00e9s vaku n\u00e9lk\u00fcl.<\/p><\/div>\r\n\t\t\t\t\t\t\t\t\t\t\t\t\t<\/li>\r\n\t\t\t\t\t\t\t\t\t\t\t\t<li class=\"zf-list_item\">\r\n\t\t\t\t\t\t\t<div class=\"zf-list_header\">\r\n\t\t\t\t\t\t\t\t<h3 id=\"listaelem2\" class=\"zf-list_title\">\r\n\t\t\t\t\t\t\t\t\t<span class=\"zf-number\">2<\/span>\r\n\t\t\t\t\t\t\t\t\tT\u00f6lthetek fel olyan fot\u00f3kat az internetre, amik vend\u00e9gs\u00e9gben k\u00e9sz\u00fcltek?\t\t\t\t\t\t\t\t<\/h3>\r\n\t\t\t\t\t\t\t<\/div>\r\n\t\t\t\t\t\t\t\t\t\t\t\t\t\t\t<div class=\"zf-list_description\"><p>Ha vend&eacute;gs&eacute;gbe h&iacute;vnak benn&uuml;nket, akkor a tulajdonos d&ouml;nti el, hogy mit lehet &eacute;s mit nem a vend&eacute;geknek. Ha nem volt k&uuml;l&ouml;n k&eacute;r&eacute;se r&aacute;, hogy ne k&eacute;sz&iacute;ts&uuml;nk fot&oacute;kat, akkor val&oacute;sz&iacute;n\u0171leg nem b&aacute;nja. Ett\u0151l f&uuml;ggetlen&uuml;l &eacute;rdemes figyelni r&aacute;, hogy m&aacute;s emberek ne szerepeljenek a fot&oacute;n enged&eacute;ly n&eacute;lk&uuml;l, m&eacute;g a h&aacute;tt&eacute;rben sem &ndash; ebb\u0151l ugyanis k&ouml;nnyen kellemetlen konfliktusai lehetnek az illet\u0151nek.<\/p><p style=\"text-align: center\">\n<div style=\"float:none;margin:0px 0 0px 0;text-align:center;\">\n<div class=\"mobileHideke8\"><div style=\"margin-top:25px;\"><div class=\"hirdeteshatter\"><div style=\"display: inline-block;width: 50%;min-width:340px;vertical-align: top;\"><div class=\"hirdetes\">HIRDET\u00c9S<\/div>\n<!-- Liked7Q1 -->\n<ins class=\"adsbygoogle\"\n     style=\"display:inline-block;width:336px;height:280px\"\n     data-ad-client=\"ca-pub-9424088931673893\"\n     data-ad-slot=\"3022062587\"><\/ins>\n<script async>\n     (adsbygoogle = window.adsbygoogle || []).push({});\n<\/script><\/div><div style=\"display: inline-block;width: 50%;min-width:340px;vertical-align: top;\"><div class=\"hirdetes\">HIRDET\u00c9S<\/div>\n<!-- Liked7Q2 -->\n<ins class=\"adsbygoogle\"\n     style=\"display:inline-block;width:336px;height:280px\"\n     data-ad-client=\"ca-pub-9424088931673893\"\n     data-ad-slot=\"3952000871\"><\/ins>\n<script async>\n     (adsbygoogle = window.adsbygoogle || []).push({});\n<\/script><\/div><\/div><\/div><\/div>\n<div style=\"display:flex;flex-direction:column;\"><div class=\"mobileShowka8\"><div style=\"padding-top:15px;margin-bottom:15px;min-height: 300px;\"><div class=\"hirdetes\">HIRDET\u00c9S<\/div>\n<!-- Liked7QMobil -->\n<ins class=\"adsbygoogle\"\n     style=\"display:inline-block;width:336px;height:280px\"\n     data-ad-client=\"ca-pub-9424088931673893\"\n     data-ad-slot=\"5073510857\"><\/ins>\n<script async>\n     (adsbygoogle = window.adsbygoogle || []).push({});\n<\/script><\/div><\/div><\/div><\/div><\/div>\r\n\t\t\t\t\t\t\t\t\t\t\t\t\t<\/li>\r\n\t\t\t\t\t\t\t\t\t\t\t\t<li class=\"zf-list_item\">\r\n\t\t\t\t\t\t\t<div class=\"zf-list_header\">\r\n\t\t\t\t\t\t\t\t<h3 id=\"listaelem3\" class=\"zf-list_title\">\r\n\t\t\t\t\t\t\t\t\t<span class=\"zf-number\">3<\/span>\r\n\t\t\t\t\t\t\t\t\tVan szab\u00e1ly a szelfiz\u00e9sre?\t\t\t\t\t\t\t\t<\/h3>\r\n\t\t\t\t\t\t\t<\/div>\r\n\t\t\t\t\t\t\t\t\t\t\t\t\t\t\t<figure class=\"zf-list_media zf-media-wrapper zf-image zf-type-image\">\r\n\t\t\t\t\t\t\t\t\t<div title=\"Van szab\u00e1ly a szelfiz\u00e9sre?\" alt=\"Van szab\u00e1ly a szelfiz\u00e9sre?\" class=\"zf-media\">\r\n\t\t\t\t\t\t\t\t\t\t<img width=\"728\" height=\"413\" src=\"https:\/\/liked.hu\/old\/wp-content\/uploads\/2019\/11\/11559665-82505560-bcaf5e9aa45c62ba6aac31fabd656c79d6218c7f-1500-1-1572250045-728-e857a09693-1572536970.jpg\" class=\"\" alt=\"11559665 82505560 bcaf5e9aa45c62ba6aac31fabd656c79d6218c7f 1500 1 1572250045 728 e857a09693 1572536970\" loading=\"lazy\" style=\"\" srcset=\"https:\/\/liked.hu\/old\/wp-content\/uploads\/2019\/11\/11559665-82505560-bcaf5e9aa45c62ba6aac31fabd656c79d6218c7f-1500-1-1572250045-728-e857a09693-1572536970.jpg 728w, https:\/\/liked.hu\/old\/wp-content\/uploads\/2019\/11\/11559665-82505560-bcaf5e9aa45c62ba6aac31fabd656c79d6218c7f-1500-1-1572250045-728-e857a09693-1572536970-300x170.jpg 300w, https:\/\/liked.hu\/old\/wp-content\/uploads\/2019\/11\/11559665-82505560-bcaf5e9aa45c62ba6aac31fabd656c79d6218c7f-1500-1-1572250045-728-e857a09693-1572536970-500x284.jpg 500w, https:\/\/liked.hu\/old\/wp-content\/uploads\/2019\/11\/11559665-82505560-bcaf5e9aa45c62ba6aac31fabd656c79d6218c7f-1500-1-1572250045-728-e857a09693-1572536970-360x204.jpg 360w, https:\/\/liked.hu\/old\/wp-content\/uploads\/2019\/11\/11559665-82505560-bcaf5e9aa45c62ba6aac31fabd656c79d6218c7f-1500-1-1572250045-728-e857a09693-1572536970-545x309.jpg 545w\" sizes=\"(max-width: 728px) 100vw, 728px\" \/>\t\t\t\t\t\t\t\t\t\t\t<figcaption class=\"zf-figcaption\">\r\n\t\t\t\t\t\t\t\t\t\t\t\t\t\t\t\t\t\t\t\t\t\t\t\t<cite>        <a class=\"zf-media_credit\" target=\"_blank\" href=\"https:\/\/liked.hu\/old\/kimeno.php?https:\/\/en.wikipedia.org\/wiki\/Selfie\" rel=\"nofollow noopener\">wikipedia<\/a>\r\n        <\/cite>\r\n\r\n\t\t\t\t\t\t\t\t\t\t\t\t\t\t\t\t\t\t\t\t\t\t\t<\/figcaption>\r\n\t\t\t\t\t\t\t\t\t\t\t\t\t\t\t\t\t\t\t<\/div>\r\n\t\t\t\t\t\t\t\t\t<hr \/>\r\n\t\t\t\t\t\t\t\t<\/figure>\r\n\t\t\t\t\t\t\t\t\t\t\t\t\t\t\t\t<div class=\"zf-list_description\"><p>A modern etikett nem tudta figyelmen k\u00edv\u00fcl hagyni az egyre n\u00e9pszer\u0171bb szelfiz\u00e9s jelens\u00e9g\u00e9t. \u00c9rdemes ezt azonban norm\u00e1lis keretek k\u00f6z\u00f6tt v\u00e9gezni, biztons\u00e1gosan: 2015-ben p\u00e9ld\u00e1ul t\u00f6bb ember halt meg szelfik\u00e9sz\u00edt\u00e9s k\u00f6zben, mint c\u00e1pat\u00e1mad\u00e1s k\u00f6vetkezt\u00e9ben.<\/p><p>Illetlens\u00e9gnek tartj\u00e1k, ha valami fontos esem\u00e9nnyel vagy t\u00e1rggyal a h\u00e1tt\u00e9rben fot\u00f3zkodunk \u2013 p\u00e9ld\u00e1ul nem illik m\u0171alkot\u00e1ssal, esk\u00fcv\u0151i cerem\u00f3ni\u00e1val vagy templommal a h\u00e1tt\u00e9rben szelfizni, a temet\u00e9sekr\u0151l nem is besz\u00e9lve persze.<\/p><\/div>\r\n\t\t\t\t\t\t\t\t\t\t\t\t\t<\/li>\r\n\t\t\t\t\t\t\t\t\t\t\t\t<li class=\"zf-list_item\">\r\n\t\t\t\t\t\t\t<div class=\"zf-list_header\">\r\n\t\t\t\t\t\t\t\t<h3 id=\"listaelem4\" class=\"zf-list_title\">\r\n\t\t\t\t\t\t\t\t\t<span class=\"zf-number\">4<\/span>\r\n\t\t\t\t\t\t\t\t\tMegk\u00e9rhetek valakit, hogy t\u00f6r\u00f6lje a r\u00f3lam k\u00e9sz\u00fclt fot\u00f3j\u00e1t a k\u00f6z\u00f6ss\u00e9gi oldalr\u00f3l?\t\t\t\t\t\t\t\t<\/h3>\r\n\t\t\t\t\t\t\t<\/div>\r\n\t\t\t\t\t\t\t\t\t\t\t\t\t\t\t<div class=\"zf-list_description\"><p>Ha csak nincs valami nagyon zavar\u00f3 vagy kellemetlen a k\u00e9pen, esetleg nincs j\u00f3 okunk r\u00e1, hogy elt\u0171nj\u00f6n az a felv\u00e9tel, akkor nem illik ilyesmivel zaklatni a k\u00e9p k\u00e9sz\u00edt\u0151j\u00e9t, hiszen pont az\u00e9rt t\u00f6lt\u00f6tte fel azt a k\u00e9pet, mert van rajta valami, ami sz\u00e1m\u00e1ra nagyon kedves, ami neki nagyon tetszik. Ha m\u00e9gis \u00fagy d\u00f6nt\u00fcnk, hogy megk\u00e9rj\u00fck a k\u00e9p elt\u00e1vol\u00edt\u00e1s\u00e1ra, akkor \u00e9rdemes azt a legudvariasabb m\u00f3don megtenni.<\/p><\/div>\r\n\t\t\t\t\t\t\t\t\t\t\t\t\t<\/li>\r\n\t\t\t\t\t\t\t\t\t\t\t\t<li class=\"zf-list_item\">\r\n\t\t\t\t\t\t\t<div class=\"zf-list_header\">\r\n\t\t\t\t\t\t\t\t<h3 id=\"listaelem5\" class=\"zf-list_title\">\r\n\t\t\t\t\t\t\t\t\t<span class=\"zf-number\">5<\/span>\r\n\t\t\t\t\t\t\t\t\tA hangulatjelek \u00e9s GIF-ek udvariatlans\u00e1gnak sz\u00e1m\u00edtanak?\t\t\t\t\t\t\t\t<\/h3>\r\n\t\t\t\t\t\t\t<\/div>\r\n\t\t\t\t\t\t\t\t\t\t\t\t\t\t\t<div class=\"zf-list_description\"><p>Term\u00e9szetesen a hivatalos kommunik\u00e1ci\u00f3 eset\u00e9n az ilyen fajta vizu\u00e1lis effektek haszn\u00e1lata nem megengedett. M\u00e1s esetekben azonban m\u00e9g j\u00f3l is lehet, egy megfelel\u0151 hangulatjellel vagy gif k\u00e9ppel ugyanis olykor t\u00f6bb sz\u00e1z sz\u00f3t fejezhet\u00fcnk ki egyetlen pillanat alatt, r\u00e1ad\u00e1sul sz\u00f3rakoztat\u00f3 m\u00f3don. Ha a besz\u00e9lget\u00e9s azonban komoly t\u00e9m\u00e1kat \u00e9rint, akkor \u00e9rdemes mell\u0151zni minden ilyesmit.<\/p><\/div>\r\n\t\t\t\t\t\t\t\t\t\t\t\t\t<\/li>\r\n\t\t\t\t\t\t\t\t\t\t\t\t<li class=\"zf-list_item\">\r\n\t\t\t\t\t\t\t<div class=\"zf-list_header\">\r\n\t\t\t\t\t\t\t\t<h3 id=\"listaelem6\" class=\"zf-list_title\">\r\n\t\t\t\t\t\t\t\t\t<span class=\"zf-number\">6<\/span>\r\n\t\t\t\t\t\t\t\t\tBe kell jel\u00f6ln\u00f6m ismer\u0151sk\u00e9nt a gyermekem edz\u0151j\u00e9t, tan\u00e1r\u00e1t, stb.?\t\t\t\t\t\t\t\t<\/h3>\r\n\t\t\t\t\t\t\t<\/div>\r\n\t\t\t\t\t\t\t\t\t\t\t\t\t\t\t<figure class=\"zf-list_media zf-media-wrapper zf-image zf-type-image\">\r\n\t\t\t\t\t\t\t\t\t<div title=\"Be kell jel\u00f6ln\u00f6m ismer\u0151sk\u00e9nt a gyermekem edz\u0151j\u00e9t, tan\u00e1r\u00e1t, stb.?\" alt=\"Be kell jel\u00f6ln\u00f6m ismer\u0151sk\u00e9nt a gyermekem edz\u0151j\u00e9t, tan\u00e1r\u00e1t, stb.?\" class=\"zf-media\">\r\n\t\t\t\t\t\t\t\t\t\t<img width=\"800\" height=\"533\" src=\"https:\/\/liked.hu\/old\/wp-content\/uploads\/2019\/11\/Kozossegi-oldalak.jpg\" class=\"\" alt=\"Kozossegi oldalak\" loading=\"lazy\" style=\"\" srcset=\"https:\/\/liked.hu\/old\/wp-content\/uploads\/2019\/11\/Kozossegi-oldalak.jpg 800w, https:\/\/liked.hu\/old\/wp-content\/uploads\/2019\/11\/Kozossegi-oldalak-300x200.jpg 300w, https:\/\/liked.hu\/old\/wp-content\/uploads\/2019\/11\/Kozossegi-oldalak-768x512.jpg 768w, https:\/\/liked.hu\/old\/wp-content\/uploads\/2019\/11\/Kozossegi-oldalak-500x333.jpg 500w, https:\/\/liked.hu\/old\/wp-content\/uploads\/2019\/11\/Kozossegi-oldalak-360x240.jpg 360w, https:\/\/liked.hu\/old\/wp-content\/uploads\/2019\/11\/Kozossegi-oldalak-545x363.jpg 545w\" sizes=\"(max-width: 800px) 100vw, 800px\" \/>\t\t\t\t\t\t\t\t\t\t\t<figcaption class=\"zf-figcaption\">\r\n\t\t\t\t\t\t\t\t\t\t\t\t\t\t\t\t\t\t\t\t\t\t\t\t<cite>        <a class=\"zf-media_credit\" target=\"_blank\" href=\"https:\/\/liked.hu\/old\/kimeno.php?https:\/\/emilypost.com\/advice\/social-networking-basics\/\" rel=\"nofollow noopener\">emilypost<\/a>\r\n        <\/cite>\r\n\r\n\t\t\t\t\t\t\t\t\t\t\t\t\t\t\t\t\t\t\t\t\t\t\t<\/figcaption>\r\n\t\t\t\t\t\t\t\t\t\t\t\t\t\t\t\t\t\t\t<\/div>\r\n\t\t\t\t\t\t\t\t\t<hr \/>\r\n\t\t\t\t\t\t\t\t<\/figure>\r\n\t\t\t\t\t\t\t\t\t\t\t\t\t\t\t\t<div class=\"zf-list_description\"><p>Nem. Hacsak az illet\u0151nek nincs k\u00fcl\u00f6n szakmai profilja, akkor semmik\u00e9pp sem aj\u00e1nlott. Ink\u00e1bb k\u00e9rni kell t\u0151le egy e-mail c\u00edmet vagy telefonsz\u00e1mot, amin kereszt\u00fcl fel tudjuk vele venni a kapcsolatot, ha a sz\u00fcks\u00e9g \u00fagy k\u00edv\u00e1nja.<\/p><\/div>\r\n\t\t\t\t\t\t\t\t\t\t\t\t\t<\/li>\r\n\t\t\t\t\t\t\t\t\t\t\t\t<li class=\"zf-list_item\">\r\n\t\t\t\t\t\t\t<div class=\"zf-list_header\">\r\n\t\t\t\t\t\t\t\t<h3 id=\"listaelem7\" class=\"zf-list_title\">\r\n\t\t\t\t\t\t\t\t\t<span class=\"zf-number\">7<\/span>\r\n\t\t\t\t\t\t\t\t\tHa valaki r\u00e1m \u00edrt \u00fczenetben, de nem v\u00e1laszoltam id\u0151ben, akkor fel kell \u0151t h\u00edvnom telefonon, hogy gyorsabban lefolytassuk a kommunik\u00e1ci\u00f3t?\t\t\t\t\t\t\t\t<\/h3>\r\n\t\t\t\t\t\t\t<\/div>\r\n\t\t\t\t\t\t\t\t\t\t\t\t\t\t\t<div class=\"zf-list_description\"><p>Semmik\u00e9pp sem. Az \u00fczenet \u00edr\u00f3ja val\u00f3sz\u00edn\u0171leg az\u00e9rt v\u00e1lasztotta ezt a m\u00f3dot, mert nem t\u00fal s\u00fcrg\u0151s a probl\u00e9m\u00e1ja, \u00e9s nem v\u00e1r azonnal v\u00e1laszt. Ilyen esetekben egy v\u00e1ratlan h\u00edv\u00e1s esetleg illetlens\u00e9gnek is min\u0151s\u00fclhet. Az emberek r\u00e1ad\u00e1sul egyre ink\u00e1bb kezdenek leszokni a telefon\u00e1lgat\u00e1sr\u00f3l, \u00e9s sokkal ink\u00e1bb az \u00fczenetk\u00fcld\u00e9st r\u00e9szes\u00edtik el\u0151nyben, mivel ez nem olyan zavar\u00f3, mint egy h\u00edv\u00e1s, nem kell azonnal v\u00e1laszolni, \u00e9s az \u00fczenetben elhangzottak hossz\u00fa id\u0151re a k\u00e9sz\u00fcl\u00e9kek mem\u00f3ri\u00e1j\u00e1ban maradnak.<\/p><\/div>\r\n\t\t\t\t\t\t\t\t\t\t\t\t\t<\/li>\r\n\t\t\t\t\t\t\t\t\t\t\t\t<li class=\"zf-list_item\">\r\n\t\t\t\t\t\t\t<div class=\"zf-list_header\">\r\n\t\t\t\t\t\t\t\t<h3 id=\"listaelem8\" class=\"zf-list_title\">\r\n\t\t\t\t\t\t\t\t\t<span class=\"zf-number\">8<\/span>\r\n\t\t\t\t\t\t\t\t\tAkkor most ne h\u00edvjak senkit?\t\t\t\t\t\t\t\t<\/h3>\r\n\t\t\t\t\t\t\t<\/div>\r\n\t\t\t\t\t\t\t\t\t\t\t\t\t\t\t<figure class=\"zf-list_media zf-media-wrapper zf-image zf-type-image\">\r\n\t\t\t\t\t\t\t\t\t<div title=\"Akkor most ne h\u00edvjak senkit?\" alt=\"Akkor most ne h\u00edvjak senkit?\" class=\"zf-media\">\r\n\t\t\t\t\t\t\t\t\t\t<img width=\"728\" height=\"440\" src=\"https:\/\/liked.hu\/old\/wp-content\/uploads\/2019\/11\/Telefonhivas-vs-uzenet.jpg\" class=\"\" alt=\"Telefonhivas vs uzenet\" loading=\"lazy\" style=\"\" srcset=\"https:\/\/liked.hu\/old\/wp-content\/uploads\/2019\/11\/Telefonhivas-vs-uzenet.jpg 728w, https:\/\/liked.hu\/old\/wp-content\/uploads\/2019\/11\/Telefonhivas-vs-uzenet-300x181.jpg 300w, https:\/\/liked.hu\/old\/wp-content\/uploads\/2019\/11\/Telefonhivas-vs-uzenet-500x302.jpg 500w, https:\/\/liked.hu\/old\/wp-content\/uploads\/2019\/11\/Telefonhivas-vs-uzenet-360x218.jpg 360w, https:\/\/liked.hu\/old\/wp-content\/uploads\/2019\/11\/Telefonhivas-vs-uzenet-545x329.jpg 545w\" sizes=\"(max-width: 728px) 100vw, 728px\" \/>\t\t\t\t\t\t\t\t\t\t\t<figcaption class=\"zf-figcaption\">\r\n\t\t\t\t\t\t\t\t\t\t\t\t\t\t\t\t\t\t\t\t\t\t\t\t<cite>        <a class=\"zf-media_credit\" target=\"_blank\" href=\"https:\/\/liked.hu\/old\/kimeno.php?https:\/\/freepik.com\/free-photo\/smiling-elderly-couple-posing-in-the-park_903578.htm\" rel=\"nofollow noopener\">freepik<\/a>\r\n        <\/cite>\r\n\r\n\t\t\t\t\t\t\t\t\t\t\t\t\t\t\t\t\t\t\t\t\t\t\t<\/figcaption>\r\n\t\t\t\t\t\t\t\t\t\t\t\t\t\t\t\t\t\t\t<\/div>\r\n\t\t\t\t\t\t\t\t\t<hr \/>\r\n\t\t\t\t\t\t\t\t<\/figure>\r\n\t\t\t\t\t\t\t\t\t\t\t\t\t\t\t\t<div class=\"zf-list_description\"><p>Term\u00e9szetesen egyetlen etikett sem tilthatja meg a telefonon besz\u00e9lget\u00e9st, \u00e1m miel\u0151tt felh\u00edvunk valakit \u00e9rdemes legal\u00e1bb \u00fczenetben megk\u00e9rdezn\u00fcnk, hogy alkalmas-e az id\u0151 \u00e9s tudunk-e besz\u00e9lni Ezenk\u00edv\u00fcl vannak olyan emberek, akikkel az \u00fczenetben t\u00f6rt\u00e9n\u0151 kommunik\u00e1l\u00e1s nem m\u0171k\u00f6dhet, eset\u00fckben egyenesen aj\u00e1nlott a telefonos h\u00edv\u00e1s kezdem\u00e9nyez\u00e9se.<\/p><\/div>\r\n\t\t\t\t\t\t\t\t\t\t\t\t\t<\/li>\r\n\t\t\t\t\t\t\t\t\t<\/ol>\r\n\t\t<\/div>\r\n\t<\/div>\r\n\r\n\t<\/div>\r\n\r\n\r\n<!--nextpage--><div id=\"zombify-main-section-front\" class=\"zombify-main-section-front zombify-screen zf-media-full\">\r\n\t<link rel=\"stylesheet\" type=\"text\/css\" href=\"https:\/\/liked.hu\/old\/js\/zombify.css\">\r\n    <link rel=\"stylesheet\" type=\"text\/css\" href=\"https:\/\/liked.hu\/old\/wp-content\/themes\/newsy-child\/style.css\">\r\n\t<div class=\"zf-container\">\r\n\t\t<div id=\"zf-list\" class=\"zf-list zf-numbered\">\r\n\t\t\t<ol class=\"zf-structure-list\">\r\n\t\t\t\t\t\t\t\t\t\t<li class=\"zf-list_item\">\r\n\t\t\t\t\t\t\t<div class=\"zf-list_header\">\r\n\t\t\t\t\t\t\t\t<h3 id=\"listaelem9\" class=\"zf-list_title\">\r\n\t\t\t\t\t\t\t\t\t<span class=\"zf-number\">9<\/span>\r\n\t\t\t\t\t\t\t\t\tHogyan reag\u00e1ljunk egy k\u00f6z\u00f6ss\u00e9gi m\u00e9di\u00e1ban terjed\u0151 rossz h\u00edrre?\t\t\t\t\t\t\t\t<\/h3>\r\n\t\t\t\t\t\t\t<\/div>\r\n\t\t\t\t\t\t\t\t\t\t\t\t\t\t\t<div class=\"zf-list_description\"><p>Els\u0151re nyilv\u00e1nval\u00f3nak t\u0171nik, az emberek azonban m\u00e9gsem mindig k\u00e9pesek ezt betartani. Egy egy\u00fctt \u00e9rz\u0151 \u00e9s t\u00e1mogat\u00f3 hozz\u00e1sz\u00f3l\u00e1s nemcsak nem tiltott, de m\u00e9g aj\u00e1nlott is. Ha azonban nem vagyunk k\u00e9pesek egy\u00fctt \u00e9rz\u0151 szavakat \u00edrni \u2013 k\u00fcl\u00f6n\u00f6sen egy hal\u00e1lh\u00edr eset\u00e9n \u2013 akkor k\u00e1r elkezden\u00fcnk vit\u00e1ba bonyol\u00f3dni m\u00e1s felhaszn\u00e1l\u00f3kkal, egyszer\u0171en hagyjuk figyelmen k\u00edv\u00fcl a bejegyz\u00e9st.<\/p><\/div>\r\n\t\t\t\t\t\t\t\t\t\t\t\t\t<\/li>\r\n\t\t\t\t\t\t\t\t\t\t\t\t<li class=\"zf-list_item\">\r\n\t\t\t\t\t\t\t<div class=\"zf-list_header\">\r\n\t\t\t\t\t\t\t\t<h3 id=\"listaelem10\" class=\"zf-list_title\">\r\n\t\t\t\t\t\t\t\t\t<span class=\"zf-number\">10<\/span>\r\n\t\t\t\t\t\t\t\t\tLe\u00fclhet\u00fcnk egy idegen ember mell\u00e9, ha nincs m\u00e1s hely a gyors\u00e9tteremben?\t\t\t\t\t\t\t\t<\/h3>\r\n\t\t\t\t\t\t\t<\/div>\r\n\t\t\t\t\t\t\t\t\t\t\t\t\t\t\t<figure class=\"zf-list_media zf-media-wrapper zf-image zf-type-image\">\r\n\t\t\t\t\t\t\t\t\t<div title=\"Le\u00fclhet\u00fcnk egy idegen ember mell\u00e9, ha nincs m\u00e1s hely a gyors\u00e9tteremben?\" alt=\"Le\u00fclhet\u00fcnk egy idegen ember mell\u00e9, ha nincs m\u00e1s hely a gyors\u00e9tteremben?\" class=\"zf-media\">\r\n\t\t\t\t\t\t\t\t\t\t<img width=\"728\" height=\"485\" src=\"https:\/\/liked.hu\/old\/wp-content\/uploads\/2019\/11\/11559815-Depositphotos_88999168_xl-2015-1571866030-728-ba8f214433-1572536970.jpg\" class=\"\" alt=\"11559815 Depositphotos 88999168 xl 2015 1571866030 728 ba8f214433 1572536970\" loading=\"lazy\" style=\"\" srcset=\"https:\/\/liked.hu\/old\/wp-content\/uploads\/2019\/11\/11559815-Depositphotos_88999168_xl-2015-1571866030-728-ba8f214433-1572536970.jpg 728w, https:\/\/liked.hu\/old\/wp-content\/uploads\/2019\/11\/11559815-Depositphotos_88999168_xl-2015-1571866030-728-ba8f214433-1572536970-300x200.jpg 300w, https:\/\/liked.hu\/old\/wp-content\/uploads\/2019\/11\/11559815-Depositphotos_88999168_xl-2015-1571866030-728-ba8f214433-1572536970-500x333.jpg 500w, https:\/\/liked.hu\/old\/wp-content\/uploads\/2019\/11\/11559815-Depositphotos_88999168_xl-2015-1571866030-728-ba8f214433-1572536970-360x240.jpg 360w, https:\/\/liked.hu\/old\/wp-content\/uploads\/2019\/11\/11559815-Depositphotos_88999168_xl-2015-1571866030-728-ba8f214433-1572536970-545x363.jpg 545w\" sizes=\"(max-width: 728px) 100vw, 728px\" \/>\t\t\t\t\t\t\t\t\t\t\t<figcaption class=\"zf-figcaption\">\r\n\t\t\t\t\t\t\t\t\t\t\t\t\t\t\t\t\t\t\t\t\t\t\t\t<cite>        <a class=\"zf-media_credit\" target=\"_blank\" href=\"https:\/\/liked.hu\/old\/kimeno.php?https:\/\/depositphotos.com\/88999168\/stock-photo-friends-at-the-mall.html\" rel=\"nofollow noopener\">depositphotos<\/a>\r\n        <\/cite>\r\n\r\n\t\t\t\t\t\t\t\t\t\t\t\t\t\t\t\t\t\t\t\t\t\t\t<\/figcaption>\r\n\t\t\t\t\t\t\t\t\t\t\t\t\t\t\t\t\t\t\t<\/div>\r\n\t\t\t\t\t\t\t\t\t<hr \/>\r\n\t\t\t\t\t\t\t\t<\/figure>\r\n\t\t\t\t\t\t\t\t\t\t\t\t\t\t\t\t<div class=\"zf-list_description\"><p>Ha tisztess&eacute;gesen &eacute;s udvariasan megk&eacute;rdezz&uuml;k, az illet\u0151 pedig r&aacute;b&oacute;lint, &eacute;s l&aacute;tsz&oacute;lag t&eacute;nyleg nem zavarja \u0151t, akkor igen. Fontos megjegyezni, hogy ez kiz&aacute;r&oacute;lag a gyors&eacute;ttermekben m\u0171k&ouml;dik, a hagyom&aacute;nyos &eacute;ttermekben vagy k&aacute;v&eacute;z&oacute;kban az ilyesmi sz&oacute;ba sem j&ouml;het. Ha le is &uuml;lt&uuml;nk egy idegen mell&eacute;, akkor is c&eacute;lszer\u0171 azonnal len&eacute;m&iacute;tani a telefonunkat, kultur&aacute;ltan &eacute;tkezni, hogy semmivel se zavarjuk meg az illet\u0151t ev&eacute;s k&ouml;zben.<\/p><p style=\"text-align: center\">\n<div style=\"float:none;margin:0px 0 0px 0;text-align:center;\">\n<div class=\"mobileHideke8\"><div style=\"margin-top:25px;\"><div class=\"hirdeteshatter\"><div style=\"display: inline-block;width: 50%;min-width:340px;vertical-align: top;\"><div class=\"hirdetes\">HIRDET\u00c9S<\/div>\n<!-- Liked7Q1 -->\n<ins class=\"adsbygoogle\"\n     style=\"display:inline-block;width:336px;height:280px\"\n     data-ad-client=\"ca-pub-9424088931673893\"\n     data-ad-slot=\"3022062587\"><\/ins>\n<script async>\n     (adsbygoogle = window.adsbygoogle || []).push({});\n<\/script><\/div><div style=\"display: inline-block;width: 50%;min-width:340px;vertical-align: top;\"><div class=\"hirdetes\">HIRDET\u00c9S<\/div>\n<!-- Liked7Q2 -->\n<ins class=\"adsbygoogle\"\n     style=\"display:inline-block;width:336px;height:280px\"\n     data-ad-client=\"ca-pub-9424088931673893\"\n     data-ad-slot=\"3952000871\"><\/ins>\n<script async>\n     (adsbygoogle = window.adsbygoogle || []).push({});\n<\/script><\/div><\/div><\/div><\/div>\n<div style=\"display:flex;flex-direction:column;\"><div class=\"mobileShowka8\"><div style=\"padding-top:15px;margin-bottom:15px;min-height: 300px;\"><div class=\"hirdetes\">HIRDET\u00c9S<\/div>\n<!-- Liked7QMobil -->\n<ins class=\"adsbygoogle\"\n     style=\"display:inline-block;width:336px;height:280px\"\n     data-ad-client=\"ca-pub-9424088931673893\"\n     data-ad-slot=\"5073510857\"><\/ins>\n<script async>\n     (adsbygoogle = window.adsbygoogle || []).push({});\n<\/script><\/div><\/div><\/div><\/div><\/div>\r\n\t\t\t\t\t\t\t\t\t\t\t\t\t<\/li>\r\n\t\t\t\t\t\t\t\t\t\t\t\t<li class=\"zf-list_item\">\r\n\t\t\t\t\t\t\t<div class=\"zf-list_header\">\r\n\t\t\t\t\t\t\t\t<h3 id=\"listaelem11\" class=\"zf-list_title\">\r\n\t\t\t\t\t\t\t\t\t<span class=\"zf-number\">11<\/span>\r\n\t\t\t\t\t\t\t\t\tLe kell venn\u00fcnk a fejhallgat\u00f3t a k\u00e1v\u00e9z\u00f3ban, t\u00f6megk\u00f6zleked\u00e9sen vagy a munkahely\u00fcnk\u00f6n?\t\t\t\t\t\t\t\t<\/h3>\r\n\t\t\t\t\t\t\t<\/div>\r\n\t\t\t\t\t\t\t\t\t\t\t\t\t\t\t<figure class=\"zf-list_media zf-media-wrapper zf-image zf-type-image\">\r\n\t\t\t\t\t\t\t\t\t<div title=\"Le kell venn\u00fcnk a fejhallgat\u00f3t a k\u00e1v\u00e9z\u00f3ban, t\u00f6megk\u00f6zleked\u00e9sen vagy a munkahely\u00fcnk\u00f6n?\" alt=\"Le kell venn\u00fcnk a fejhallgat\u00f3t a k\u00e1v\u00e9z\u00f3ban, t\u00f6megk\u00f6zleked\u00e9sen vagy a munkahely\u00fcnk\u00f6n?\" class=\"zf-media\">\r\n\t\t\t\t\t\t\t\t\t\t<img width=\"728\" height=\"440\" src=\"https:\/\/liked.hu\/old\/wp-content\/uploads\/2019\/11\/Fejhallgato-etikett.jpg\" class=\"\" alt=\"Fejhallgato etikett\" loading=\"lazy\" style=\"\" srcset=\"https:\/\/liked.hu\/old\/wp-content\/uploads\/2019\/11\/Fejhallgato-etikett.jpg 728w, https:\/\/liked.hu\/old\/wp-content\/uploads\/2019\/11\/Fejhallgato-etikett-300x181.jpg 300w, https:\/\/liked.hu\/old\/wp-content\/uploads\/2019\/11\/Fejhallgato-etikett-500x302.jpg 500w, https:\/\/liked.hu\/old\/wp-content\/uploads\/2019\/11\/Fejhallgato-etikett-360x218.jpg 360w, https:\/\/liked.hu\/old\/wp-content\/uploads\/2019\/11\/Fejhallgato-etikett-545x329.jpg 545w\" sizes=\"(max-width: 728px) 100vw, 728px\" \/>\t\t\t\t\t\t\t\t\t\t\t<figcaption class=\"zf-figcaption\">\r\n\t\t\t\t\t\t\t\t\t\t\t\t\t\t\t\t\t\t\t\t\t\t\t\t<cite>        <a class=\"zf-media_credit\" target=\"_blank\" href=\"https:\/\/liked.hu\/old\/kimeno.php?https:\/\/punchng.com\/correct-headphone-etiquette\/\" rel=\"nofollow noopener\">punchng<\/a>\r\n        <\/cite>\r\n\r\n\t\t\t\t\t\t\t\t\t\t\t\t\t\t\t\t\t\t\t\t\t\t\t<\/figcaption>\r\n\t\t\t\t\t\t\t\t\t\t\t\t\t\t\t\t\t\t\t<\/div>\r\n\t\t\t\t\t\t\t\t\t<hr \/>\r\n\t\t\t\t\t\t\t\t<\/figure>\r\n\t\t\t\t\t\t\t\t\t\t\t\t\t\t\t\t<div class=\"zf-list_description\"><p>\u00c1ltal\u00e1noss\u00e1gban elmondhatjuk, hogy nem, m\u00e1r persze, ha \u00fagy hallgatjuk a zen\u00e9t, hogy ezzel nem zavarunk m\u00e1sokat. Munkahely eset\u00e9n \u00e9rdemes el\u0151sz\u00f6r \u00e1tfutni a munkahelyi szab\u00e1lyzatot vagy enged\u00e9lyt k\u00e9rni a f\u0151n\u00f6k\u00fcnkt\u0151l. Ha nem zavarunk vele m\u00e1sokat \u00e9s a mi munk\u00e1nkat sem h\u00e1tr\u00e1ltatja, akkor elvileg nincs akad\u00e1lya.<\/p><\/div>\r\n\t\t\t\t\t\t\t\t\t\t\t\t\t<\/li>\r\n\t\t\t\t\t\t\t\t\t\t\t\t<li class=\"zf-list_item\">\r\n\t\t\t\t\t\t\t<div class=\"zf-list_header\">\r\n\t\t\t\t\t\t\t\t<h3 id=\"listaelem12\" class=\"zf-list_title\">\r\n\t\t\t\t\t\t\t\t\t<span class=\"zf-number\">12<\/span>\r\n\t\t\t\t\t\t\t\t\tSzabad-e inform\u00e1ci\u00f3kat keresni a k\u00f6z\u00f6ss\u00e9gi oldalakon arr\u00f3l a szem\u00e9lyr\u0151l, akivel randizni fogunk?\t\t\t\t\t\t\t\t<\/h3>\r\n\t\t\t\t\t\t\t<\/div>\r\n\t\t\t\t\t\t\t\t\t\t\t\t\t\t\t<div class=\"zf-list_description\"><p>Nemcsak szabad, de egyenesen aj\u00e1nlott is min\u00e9l t\u00f6bb inform\u00e1ci\u00f3t szerezni a partner\u00fcnkr\u0151l az els\u0151 randev\u00fa el\u0151tt. Nem szabad azonban \u00e1tesni a l\u00f3 t\u00faloldal\u00e1ra: ne kezdj\u00fcnk el kutakodni az ex\u00e9nek \u00e9s a bar\u00e1tainak a fot\u00f3i k\u00f6z\u00f6tt, csak \u00e9s kiz\u00e1r\u00f3lag az \u0151 szem\u00e9lyes profilj\u00e1t csekkoljuk.<\/p><\/div>\r\n\t\t\t\t\t\t\t\t\t\t\t\t\t<\/li>\r\n\t\t\t\t\t\t\t\t\t\t\t\t<li class=\"zf-list_item\">\r\n\t\t\t\t\t\t\t<div class=\"zf-list_header\">\r\n\t\t\t\t\t\t\t\t<h3 id=\"listaelem13\" class=\"zf-list_title\">\r\n\t\t\t\t\t\t\t\t\t<span class=\"zf-number\">13<\/span>\r\n\t\t\t\t\t\t\t\t\tB\u00f3nusz\t\t\t\t\t\t\t\t<\/h3>\r\n\t\t\t\t\t\t\t<\/div>\r\n\t\t\t\t\t\t\t\t\t\t\t\t\t\t\t<div class=\"zf-list_description\"><p>V\u00e9gezet\u00fcl \u00f6sszegy\u0171jt\u00f6tt\u00fcnk n\u00e9h\u00e1ny olyan modern illemszab\u00e1lyt, melyek nem \u00e9rdemeltek k\u00fcl\u00f6n pontokat, de az\u00e9rt nem \u00e1rt, ha tiszt\u00e1ban vagyunk vel\u00fck:<\/p><ul><li class=\"cikk\">Sokkal jobb, ha megpr\u00f3b\u00e1lunk egy nagy \u00fczenetet \u00edrni, mint t\u00f6bb tucat apr\u00f3 \u00fczenetben elk\u00fcldeni egym\u00e1s ut\u00e1n a mondand\u00f3nkat.<\/li><li class=\"cikk\">Az id\u0151s emberekkel t\u00f6rt\u00e9n\u0151 kommunik\u00e1ci\u00f3 sor\u00e1n mell\u0151zz\u00fck a r\u00f6vid\u00edt\u00e9seket \u00e9s szlengszavakat.<\/li><li class=\"cikk\">M\u00e9g egy messenger \u00fczenet alkalm\u00e1val is illik tekintettel lenni az id\u0151re: este 8 ut\u00e1n m\u00e1r ne nagyon k\u00fcldj\u00fcnk \u00fczenetet m\u00e1soknak, ez ugyanis roppant zavar\u00f3 lehet, ha m\u00e1r \u00e9pp pihenni pr\u00f3b\u00e1lnak. Kiv\u00e9telt k\u00e9peznek ez al\u00f3l term\u00e9szetesen a legjobb bar\u00e1taink \u00e9s a csal\u00e1dtagjaink.<\/li><li class=\"cikk\">Ha valakinek egy pontos c\u00edmet kell elk\u00fclden\u00fcnk \u00fczenetben, akkor \u00e9rdemes lehet nemcsak egyszer\u0171en az utca \u00e9s h\u00e1zsz\u00e1mot elk\u00fcldeni, de GPS-hivatkoz\u00e1sk\u00e9nt csatolni is a pontos helyet \u2013 ezzel sok id\u0151t \u00e9s idegesked\u00e9st sp\u00f3rolhatunk meg neki.<\/li><\/ul><\/div>\r\n\t\t\t\t\t\t\t\t\t\t\t\t\t<\/li>\r\n\t\t\t\t\t\t\t\t\t<\/ol>\r\n\t\t<\/div>\r\n\t<\/div>\r\n\r\n\t<\/div>\n","protected":false},"excerpt":{"rendered":"<p>A h\u00edres amerikai \u00edr\u00f3n\u0151, Emily Post foglalta el\u0151sz\u00f6r \u00edr\u00e1sba a legalapvet\u0151bb etikett szab\u00e1lyokat, m\u00e9g 1946-ban. Az\u00f3ta egy nev\u00e9t visel\u0151 c\u00e9g, az Emily Post Institute munkat\u00e1rsainak jut ez a feladat, akik 5-7 \u00e9vente adnak ki \u00faj k\u00f6nyvet &#8222;Etikett enciklop\u00e9dia&#8221; c\u00edmmel. Ebben felt\u00fcntetik azokat az elavult szab\u00e1lyokat, melyeket ideje egyszer \u00e9s mindenkorra elfelejteni, illetve k\u00f6zz\u00e9teszik azokat, melyek [&hellip;]<\/p>\n","protected":false},"author":5,"featured_media":178395,"comment_status":"open","ping_status":"closed","sticky":false,"template":"","format":"standard","meta":{"buzzeditor_post_format":""},"categories":[23],"tags":[672,1172,5004],"yoast_head":"<!-- This site is optimized with the Yoast SEO plugin v19.6.1 - https:\/\/yoast.com\/wordpress\/plugins\/seo\/ -->\n<title>15+ illemszab\u00e1ly, ami \u00f6t \u00e9vvel ezel\u0151tt m\u00e9g nem l\u00e9tezett, de ma m\u00e1r mindenkinek ismernie kellene \u0151ket<\/title>\n<meta name=\"description\" content=\"A h\u00edres amerikai \u00edr\u00f3n\u0151, Emily Post foglalta el\u0151sz\u00f6r \u00edr\u00e1sba a legalapvet\u0151bb etikett szab\u00e1lyokat, m\u00e9g 1946-ban. Az\u00f3ta egy nev\u00e9t visel\u0151 c\u00e9g, az Emily Post\" \/>\n<meta name=\"robots\" content=\"index, follow, max-snippet:-1, max-image-preview:large, max-video-preview:-1\" \/>\n<link rel=\"canonical\" href=\"https:\/\/liked.hu\/old\/erdekes\/15-illemszabaly-ami-ot-evvel-ezelott-meg-nem-letezett-de-ma-mar-mindenkinek-ismernie-kellene-oket\/\" \/>\n<link rel=\"next\" href=\"https:\/\/liked.hu\/old\/erdekes\/15-illemszabaly-ami-ot-evvel-ezelott-meg-nem-letezett-de-ma-mar-mindenkinek-ismernie-kellene-oket\/2\/\" \/>\n<meta property=\"og:locale\" content=\"hu_HU\" \/>\n<meta property=\"og:type\" content=\"article\" \/>\n<meta property=\"og:title\" content=\"15+ illemszab\u00e1ly, ami \u00f6t \u00e9vvel ezel\u0151tt m\u00e9g nem l\u00e9tezett, de ma m\u00e1r mindenkinek ismernie kellene \u0151ket\" \/>\n<meta property=\"og:description\" content=\"A h\u00edres amerikai \u00edr\u00f3n\u0151, Emily Post foglalta el\u0151sz\u00f6r \u00edr\u00e1sba a legalapvet\u0151bb etikett szab\u00e1lyokat, m\u00e9g 1946-ban. Az\u00f3ta egy nev\u00e9t visel\u0151 c\u00e9g, az Emily Post\" \/>\n<meta property=\"og:url\" content=\"https:\/\/liked.hu\/old\/erdekes\/15-illemszabaly-ami-ot-evvel-ezelott-meg-nem-letezett-de-ma-mar-mindenkinek-ismernie-kellene-oket\/\" \/>\n<meta property=\"og:site_name\" content=\"Liked.hu\" \/>\n<meta property=\"article:publisher\" content=\"https:\/\/www.facebook.com\/liked.hu\" \/>\n<meta property=\"article:published_time\" content=\"2019-11-09T06:39:10+00:00\" \/>\n<meta property=\"article:modified_time\" content=\"2022-09-06T10:17:41+00:00\" \/>\n<meta property=\"og:image\" content=\"https:\/\/liked.hu\/old\/wp-content\/uploads\/2019\/11\/Modern-illemszabalyok.jpg\" \/>\n\t<meta property=\"og:image:width\" content=\"1200\" \/>\n\t<meta property=\"og:image:height\" content=\"630\" \/>\n\t<meta property=\"og:image:type\" content=\"image\/jpeg\" \/>\n<meta name=\"author\" content=\"Sludenkor\" \/>\n<meta name=\"twitter:card\" content=\"summary\" \/>\n<meta name=\"twitter:creator\" content=\"@LikedHu\" \/>\n<meta name=\"twitter:site\" content=\"@LikedHu\" \/>\n<meta name=\"twitter:label1\" content=\"Szerz\u0151:\" \/>\n\t<meta name=\"twitter:data1\" content=\"Sludenkor\" \/>\n\t<meta name=\"twitter:label2\" content=\"Becs\u00fclt olvas\u00e1si id\u0151\" \/>\n\t<meta name=\"twitter:data2\" content=\"1 perc\" \/>\n<script type=\"application\/ld+json\" class=\"yoast-schema-graph\">{\"@context\":\"https:\/\/schema.org\",\"@graph\":[{\"@type\":\"Article\",\"@id\":\"https:\/\/liked.hu\/old\/erdekes\/15-illemszabaly-ami-ot-evvel-ezelott-meg-nem-letezett-de-ma-mar-mindenkinek-ismernie-kellene-oket\/#article\",\"isPartOf\":{\"@id\":\"https:\/\/liked.hu\/old\/erdekes\/15-illemszabaly-ami-ot-evvel-ezelott-meg-nem-letezett-de-ma-mar-mindenkinek-ismernie-kellene-oket\/\"},\"author\":{\"name\":\"Sludenkor\",\"@id\":\"https:\/\/liked.hu\/old\/#\/schema\/person\/6650f7130e2154421c3a5cae3435b47c\"},\"headline\":\"15+ illemszab\u00e1ly, ami \u00f6t \u00e9vvel ezel\u0151tt m\u00e9g nem l\u00e9tezett, de ma m\u00e1r mindenkinek ismernie kellene \u0151ket\",\"datePublished\":\"2019-11-09T06:39:10+00:00\",\"dateModified\":\"2022-09-06T10:17:41+00:00\",\"mainEntityOfPage\":{\"@id\":\"https:\/\/liked.hu\/old\/erdekes\/15-illemszabaly-ami-ot-evvel-ezelott-meg-nem-letezett-de-ma-mar-mindenkinek-ismernie-kellene-oket\/\"},\"wordCount\":171,\"commentCount\":6,\"publisher\":{\"@id\":\"https:\/\/liked.hu\/old\/#organization\"},\"keywords\":[\"etikett\",\"illem\",\"illemszab\u00e1ly\"],\"articleSection\":[\"\u00c9rdekess\u00e9gek\"],\"inLanguage\":\"hu\",\"potentialAction\":[{\"@type\":\"CommentAction\",\"name\":\"Comment\",\"target\":[\"https:\/\/liked.hu\/old\/erdekes\/15-illemszabaly-ami-ot-evvel-ezelott-meg-nem-letezett-de-ma-mar-mindenkinek-ismernie-kellene-oket\/#respond\"]}]},{\"@type\":\"WebPage\",\"@id\":\"https:\/\/liked.hu\/old\/erdekes\/15-illemszabaly-ami-ot-evvel-ezelott-meg-nem-letezett-de-ma-mar-mindenkinek-ismernie-kellene-oket\/\",\"url\":\"https:\/\/liked.hu\/old\/erdekes\/15-illemszabaly-ami-ot-evvel-ezelott-meg-nem-letezett-de-ma-mar-mindenkinek-ismernie-kellene-oket\/\",\"name\":\"15+ illemszab\u00e1ly, ami \u00f6t \u00e9vvel ezel\u0151tt m\u00e9g nem l\u00e9tezett, de ma m\u00e1r mindenkinek ismernie kellene \u0151ket\",\"isPartOf\":{\"@id\":\"https:\/\/liked.hu\/old\/#website\"},\"datePublished\":\"2019-11-09T06:39:10+00:00\",\"dateModified\":\"2022-09-06T10:17:41+00:00\",\"description\":\"A h\u00edres amerikai \u00edr\u00f3n\u0151, Emily Post foglalta el\u0151sz\u00f6r \u00edr\u00e1sba a legalapvet\u0151bb etikett szab\u00e1lyokat, m\u00e9g 1946-ban. Az\u00f3ta egy nev\u00e9t visel\u0151 c\u00e9g, az Emily Post\",\"breadcrumb\":{\"@id\":\"https:\/\/liked.hu\/old\/erdekes\/15-illemszabaly-ami-ot-evvel-ezelott-meg-nem-letezett-de-ma-mar-mindenkinek-ismernie-kellene-oket\/#breadcrumb\"},\"inLanguage\":\"hu\",\"potentialAction\":[{\"@type\":\"ReadAction\",\"target\":[\"https:\/\/liked.hu\/old\/erdekes\/15-illemszabaly-ami-ot-evvel-ezelott-meg-nem-letezett-de-ma-mar-mindenkinek-ismernie-kellene-oket\/\"]}]},{\"@type\":\"BreadcrumbList\",\"@id\":\"https:\/\/liked.hu\/old\/erdekes\/15-illemszabaly-ami-ot-evvel-ezelott-meg-nem-letezett-de-ma-mar-mindenkinek-ismernie-kellene-oket\/#breadcrumb\",\"itemListElement\":[{\"@type\":\"ListItem\",\"position\":1,\"name\":\"Kezd\u0151lap\"}]},{\"@type\":\"WebSite\",\"@id\":\"https:\/\/liked.hu\/old\/#website\",\"url\":\"https:\/\/liked.hu\/old\/\",\"name\":\"Liked.hu\",\"description\":\"\",\"publisher\":{\"@id\":\"https:\/\/liked.hu\/old\/#organization\"},\"potentialAction\":[{\"@type\":\"SearchAction\",\"target\":{\"@type\":\"EntryPoint\",\"urlTemplate\":\"https:\/\/liked.hu\/old\/?s={search_term_string}\"},\"query-input\":\"required name=search_term_string\"}],\"inLanguage\":\"hu\"},{\"@type\":\"Organization\",\"@id\":\"https:\/\/liked.hu\/old\/#organization\",\"name\":\"Liked.hu\",\"url\":\"https:\/\/liked.hu\/old\/\",\"sameAs\":[\"https:\/\/hu.pinterest.com\/likedhungary\/\",\"https:\/\/www.youtube.com\/channel\/UCPv91dbMoIukYcM9b9nHN6Q\",\"https:\/\/www.facebook.com\/liked.hu\",\"https:\/\/twitter.com\/LikedHu\"],\"logo\":{\"@type\":\"ImageObject\",\"inLanguage\":\"hu\",\"@id\":\"https:\/\/liked.hu\/old\/#\/schema\/logo\/image\/\",\"url\":\"https:\/\/liked.hu\/wp-content\/uploads\/2018\/08\/Liked-icon.png\",\"contentUrl\":\"https:\/\/liked.hu\/wp-content\/uploads\/2018\/08\/Liked-icon.png\",\"width\":512,\"height\":512,\"caption\":\"Liked.hu\"},\"image\":{\"@id\":\"https:\/\/liked.hu\/old\/#\/schema\/logo\/image\/\"}},{\"@type\":\"Person\",\"@id\":\"https:\/\/liked.hu\/old\/#\/schema\/person\/6650f7130e2154421c3a5cae3435b47c\",\"name\":\"Sludenkor\",\"image\":{\"@type\":\"ImageObject\",\"inLanguage\":\"hu\",\"@id\":\"https:\/\/liked.hu\/old\/#\/schema\/person\/image\/\",\"url\":\"https:\/\/liked.hu\/old\/wp-content\/uploads\/avatars\/5\/604de86470f75-bpfull.jpg\",\"contentUrl\":\"https:\/\/liked.hu\/old\/wp-content\/uploads\/avatars\/5\/604de86470f75-bpfull.jpg\",\"caption\":\"Sludenkor\"},\"url\":\"https:\/\/liked.hu\/old\/u\/sludenkor\/\"}]}<\/script>\n<!-- \/ Yoast SEO plugin. -->","yoast_head_json":{"title":"15+ illemszab\u00e1ly, ami \u00f6t \u00e9vvel ezel\u0151tt m\u00e9g nem l\u00e9tezett, de ma m\u00e1r mindenkinek ismernie kellene \u0151ket","description":"A h\u00edres amerikai \u00edr\u00f3n\u0151, Emily Post foglalta el\u0151sz\u00f6r \u00edr\u00e1sba a legalapvet\u0151bb etikett szab\u00e1lyokat, m\u00e9g 1946-ban. Az\u00f3ta egy nev\u00e9t visel\u0151 c\u00e9g, az Emily Post","robots":{"index":"index","follow":"follow","max-snippet":"max-snippet:-1","max-image-preview":"max-image-preview:large","max-video-preview":"max-video-preview:-1"},"canonical":"https:\/\/liked.hu\/old\/erdekes\/15-illemszabaly-ami-ot-evvel-ezelott-meg-nem-letezett-de-ma-mar-mindenkinek-ismernie-kellene-oket\/","next":"https:\/\/liked.hu\/old\/erdekes\/15-illemszabaly-ami-ot-evvel-ezelott-meg-nem-letezett-de-ma-mar-mindenkinek-ismernie-kellene-oket\/2\/","og_locale":"hu_HU","og_type":"article","og_title":"15+ illemszab\u00e1ly, ami \u00f6t \u00e9vvel ezel\u0151tt m\u00e9g nem l\u00e9tezett, de ma m\u00e1r mindenkinek ismernie kellene \u0151ket","og_description":"A h\u00edres amerikai \u00edr\u00f3n\u0151, Emily Post foglalta el\u0151sz\u00f6r \u00edr\u00e1sba a legalapvet\u0151bb etikett szab\u00e1lyokat, m\u00e9g 1946-ban. Az\u00f3ta egy nev\u00e9t visel\u0151 c\u00e9g, az Emily Post","og_url":"https:\/\/liked.hu\/old\/erdekes\/15-illemszabaly-ami-ot-evvel-ezelott-meg-nem-letezett-de-ma-mar-mindenkinek-ismernie-kellene-oket\/","og_site_name":"Liked.hu","article_publisher":"https:\/\/www.facebook.com\/liked.hu","article_published_time":"2019-11-09T06:39:10+00:00","article_modified_time":"2022-09-06T10:17:41+00:00","og_image":[{"width":1200,"height":630,"url":"https:\/\/liked.hu\/old\/wp-content\/uploads\/2019\/11\/Modern-illemszabalyok.jpg","type":"image\/jpeg"}],"author":"Sludenkor","twitter_card":"summary","twitter_creator":"@LikedHu","twitter_site":"@LikedHu","twitter_misc":{"Szerz\u0151:":"Sludenkor","Becs\u00fclt olvas\u00e1si id\u0151":"1 perc"},"schema":{"@context":"https:\/\/schema.org","@graph":[{"@type":"Article","@id":"https:\/\/liked.hu\/old\/erdekes\/15-illemszabaly-ami-ot-evvel-ezelott-meg-nem-letezett-de-ma-mar-mindenkinek-ismernie-kellene-oket\/#article","isPartOf":{"@id":"https:\/\/liked.hu\/old\/erdekes\/15-illemszabaly-ami-ot-evvel-ezelott-meg-nem-letezett-de-ma-mar-mindenkinek-ismernie-kellene-oket\/"},"author":{"name":"Sludenkor","@id":"https:\/\/liked.hu\/old\/#\/schema\/person\/6650f7130e2154421c3a5cae3435b47c"},"headline":"15+ illemszab\u00e1ly, ami \u00f6t \u00e9vvel ezel\u0151tt m\u00e9g nem l\u00e9tezett, de ma m\u00e1r mindenkinek ismernie kellene \u0151ket","datePublished":"2019-11-09T06:39:10+00:00","dateModified":"2022-09-06T10:17:41+00:00","mainEntityOfPage":{"@id":"https:\/\/liked.hu\/old\/erdekes\/15-illemszabaly-ami-ot-evvel-ezelott-meg-nem-letezett-de-ma-mar-mindenkinek-ismernie-kellene-oket\/"},"wordCount":171,"commentCount":6,"publisher":{"@id":"https:\/\/liked.hu\/old\/#organization"},"keywords":["etikett","illem","illemszab\u00e1ly"],"articleSection":["\u00c9rdekess\u00e9gek"],"inLanguage":"hu","potentialAction":[{"@type":"CommentAction","name":"Comment","target":["https:\/\/liked.hu\/old\/erdekes\/15-illemszabaly-ami-ot-evvel-ezelott-meg-nem-letezett-de-ma-mar-mindenkinek-ismernie-kellene-oket\/#respond"]}]},{"@type":"WebPage","@id":"https:\/\/liked.hu\/old\/erdekes\/15-illemszabaly-ami-ot-evvel-ezelott-meg-nem-letezett-de-ma-mar-mindenkinek-ismernie-kellene-oket\/","url":"https:\/\/liked.hu\/old\/erdekes\/15-illemszabaly-ami-ot-evvel-ezelott-meg-nem-letezett-de-ma-mar-mindenkinek-ismernie-kellene-oket\/","name":"15+ illemszab\u00e1ly, ami \u00f6t \u00e9vvel ezel\u0151tt m\u00e9g nem l\u00e9tezett, de ma m\u00e1r mindenkinek ismernie kellene \u0151ket","isPartOf":{"@id":"https:\/\/liked.hu\/old\/#website"},"datePublished":"2019-11-09T06:39:10+00:00","dateModified":"2022-09-06T10:17:41+00:00","description":"A h\u00edres amerikai \u00edr\u00f3n\u0151, Emily Post foglalta el\u0151sz\u00f6r \u00edr\u00e1sba a legalapvet\u0151bb etikett szab\u00e1lyokat, m\u00e9g 1946-ban. Az\u00f3ta egy nev\u00e9t visel\u0151 c\u00e9g, az Emily Post","breadcrumb":{"@id":"https:\/\/liked.hu\/old\/erdekes\/15-illemszabaly-ami-ot-evvel-ezelott-meg-nem-letezett-de-ma-mar-mindenkinek-ismernie-kellene-oket\/#breadcrumb"},"inLanguage":"hu","potentialAction":[{"@type":"ReadAction","target":["https:\/\/liked.hu\/old\/erdekes\/15-illemszabaly-ami-ot-evvel-ezelott-meg-nem-letezett-de-ma-mar-mindenkinek-ismernie-kellene-oket\/"]}]},{"@type":"BreadcrumbList","@id":"https:\/\/liked.hu\/old\/erdekes\/15-illemszabaly-ami-ot-evvel-ezelott-meg-nem-letezett-de-ma-mar-mindenkinek-ismernie-kellene-oket\/#breadcrumb","itemListElement":[{"@type":"ListItem","position":1,"name":"Kezd\u0151lap"}]},{"@type":"WebSite","@id":"https:\/\/liked.hu\/old\/#website","url":"https:\/\/liked.hu\/old\/","name":"Liked.hu","description":"","publisher":{"@id":"https:\/\/liked.hu\/old\/#organization"},"potentialAction":[{"@type":"SearchAction","target":{"@type":"EntryPoint","urlTemplate":"https:\/\/liked.hu\/old\/?s={search_term_string}"},"query-input":"required name=search_term_string"}],"inLanguage":"hu"},{"@type":"Organization","@id":"https:\/\/liked.hu\/old\/#organization","name":"Liked.hu","url":"https:\/\/liked.hu\/old\/","sameAs":["https:\/\/hu.pinterest.com\/likedhungary\/","https:\/\/www.youtube.com\/channel\/UCPv91dbMoIukYcM9b9nHN6Q","https:\/\/www.facebook.com\/liked.hu","https:\/\/twitter.com\/LikedHu"],"logo":{"@type":"ImageObject","inLanguage":"hu","@id":"https:\/\/liked.hu\/old\/#\/schema\/logo\/image\/","url":"https:\/\/liked.hu\/wp-content\/uploads\/2018\/08\/Liked-icon.png","contentUrl":"https:\/\/liked.hu\/wp-content\/uploads\/2018\/08\/Liked-icon.png","width":512,"height":512,"caption":"Liked.hu"},"image":{"@id":"https:\/\/liked.hu\/old\/#\/schema\/logo\/image\/"}},{"@type":"Person","@id":"https:\/\/liked.hu\/old\/#\/schema\/person\/6650f7130e2154421c3a5cae3435b47c","name":"Sludenkor","image":{"@type":"ImageObject","inLanguage":"hu","@id":"https:\/\/liked.hu\/old\/#\/schema\/person\/image\/","url":"https:\/\/liked.hu\/old\/wp-content\/uploads\/avatars\/5\/604de86470f75-bpfull.jpg","contentUrl":"https:\/\/liked.hu\/old\/wp-content\/uploads\/avatars\/5\/604de86470f75-bpfull.jpg","caption":"Sludenkor"},"url":"https:\/\/liked.hu\/old\/u\/sludenkor\/"}]}},"publishpress_future_action":{"enabled":false,"date":"1970-01-01 01:00:00","action":"","terms":[],"taxonomy":"","browser_timezone_offset":0},"_links":{"self":[{"href":"https:\/\/liked.hu\/old\/wp-json\/wp\/v2\/posts\/178393"}],"collection":[{"href":"https:\/\/liked.hu\/old\/wp-json\/wp\/v2\/posts"}],"about":[{"href":"https:\/\/liked.hu\/old\/wp-json\/wp\/v2\/types\/post"}],"author":[{"embeddable":true,"href":"https:\/\/liked.hu\/old\/wp-json\/wp\/v2\/users\/5"}],"replies":[{"embeddable":true,"href":"https:\/\/liked.hu\/old\/wp-json\/wp\/v2\/comments?post=178393"}],"version-history":[{"count":0,"href":"https:\/\/liked.hu\/old\/wp-json\/wp\/v2\/posts\/178393\/revisions"}],"wp:featuredmedia":[{"embeddable":true,"href":"https:\/\/liked.hu\/old\/wp-json\/wp\/v2\/media\/178395"}],"wp:attachment":[{"href":"https:\/\/liked.hu\/old\/wp-json\/wp\/v2\/media?parent=178393"}],"wp:term":[{"taxonomy":"category","embeddable":true,"href":"https:\/\/liked.hu\/old\/wp-json\/wp\/v2\/categories?post=178393"},{"taxonomy":"post_tag","embeddable":true,"href":"https:\/\/liked.hu\/old\/wp-json\/wp\/v2\/tags?post=178393"}],"curies":[{"name":"wp","href":"https:\/\/api.w.org\/{rel}","templated":true}]}}