{"id":173535,"date":"2019-10-17T20:31:24","date_gmt":"2019-10-17T18:31:24","guid":{"rendered":"https:\/\/liked.hu\/old\/?p=173535"},"modified":"2022-09-06T11:59:54","modified_gmt":"2022-09-06T09:59:54","slug":"18-meglepo-teny-a-kulonbozo-orszagok-zaszlajairol-spoiler-marcius-16-a-a-magyar-zaszlo-napja","status":"publish","type":"post","link":"https:\/\/liked.hu\/old\/erdekes\/18-meglepo-teny-a-kulonbozo-orszagok-zaszlajairol-spoiler-marcius-16-a-a-magyar-zaszlo-napja\/","title":{"rendered":"18 meglep\u0151 t\u00e9ny a k\u00fcl\u00f6nb\u00f6z\u0151 orsz\u00e1gok z\u00e1szlajair\u00f3l (spoiler: m\u00e1rcius 16-a a magyar z\u00e1szl\u00f3 napja)"},"content":{"rendered":"<p>Mindenki, aki l\u00e1tta az Agymen\u0151k c\u00edm\u0171 sorozatot, annak val\u00f3sz\u00edn\u0171leg ismer\u0151s lehet a Sheldon Cooper-f\u00e9le \u201eM\u00f3ka \u00e9s Z\u00e1szl\u00f3k\u201d, melyben a k\u00fcl\u00f6nb\u00f6z\u0151 orsz\u00e1gok z\u00e1szlajair\u00f3l besz\u00e9lt \u2013 v\u00e1ltoz\u00f3 sikerrel. B\u00e1r az agymen\u00e9se nem \u00f6rvendett t\u00fal nagy n\u00e9pszer\u0171s\u00e9gnek, a z\u00e1szl\u00f3tan (aminek a tudom\u00e1ny\u00e1t egy\u00e9bk\u00e9nt vexillol\u00f3gi\u00e1nak h\u00edvjuk) sok titkot \u00e1rulhat el a k\u00fcl\u00f6nb\u00f6z\u0151 orsz\u00e1gokr\u00f3l.<\/p>\n\n<div style=\"float:none;margin:0px 0 0px 0;text-align:center;\">\n<div class=\"mobileShowkakettes\"><div class=\"mobileShowka2\"><div style=\"padding-top:0px;padding-bottom:15px;min-height: 300px;\"><div class=\"hirdetes\">HIRDET\u00c9S<\/div>\n<!-- 300lista -->\n<ins class=\"adsbygoogle\"\n     style=\"display:inline-block;width:300px;height:250px\"\n     data-ad-client=\"ca-pub-9424088931673893\"\n     data-ad-slot=\"8471340766\"><\/ins>\n<script async>\n     (adsbygoogle = window.adsbygoogle || []).push({});\n<\/script><\/div><\/div><\/div><\/div>\n\n<p>Gondoltad volna p\u00e9ld\u00e1ul, hogy az olasz z\u00e1szl\u00f3t hivatalosan csak 2006-ban fogadt\u00e1k el a ma ismert form\u00e1j\u00e1ban? Tudtad, hogy az Egyes\u00fclt \u00c1llamok z\u00e1szlaja a legt\u00f6bbet m\u00f3dos\u00edtott z\u00e1szl\u00f3 a vil\u00e1gon? Nem?! Akkor a most k\u00f6vetkez\u0151 cikk val\u00f3sz\u00edn\u0171leg sz\u00e1modra is tartogat meglepet\u00e9seket.<\/p>\n<div id=\"zombify-main-section-front\" class=\"zombify-main-section-front zombify-screen zf-media-full\">\r\n<link rel=\"stylesheet\" type=\"text\/css\" href=\"https:\/\/liked.hu\/old\/js\/zombify.css\">\r\n    <link rel=\"stylesheet\" type=\"text\/css\" href=\"https:\/\/liked.hu\/old\/wp-content\/themes\/newsy-child\/style.css\">\r\n\t\r\n    <div class=\"zf-container\">\r\n\r\n\r\n        <div id=\"zf-story\" class=\"zf-story\">\r\n            <div class=\"zf-story_item\">\r\n    <h3 class=\"zf_title\"><\/h3>\r\n    <div class=\"zf_description\">\r\n        <ul><li class=\"cikk\">Az <a href=\"https:\/\/liked.hu\/kimeno.php?http:\/\/mha.nic.in\/sites\/upload_files\/mha\/files\/flagcodeofindia_070214.pdf\" rel=\"noopener noreferrer\" target=\"_blank\">indiai z\u00e1szl\u00f3t<\/a> k\u00e9zzel \u00e9s term\u00e9szetes anyagokb\u00f3l kell k\u00e9sz\u00edteni. A m\u00e1s orsz\u00e1gokban haszn\u00e1lt m\u0171sz\u00f6vet z\u00e1szl\u00f3kat nem ismeri el az orsz\u00e1g, mint hivatalos szimb\u00f3lum.<\/li><li class=\"cikk\">A <a href=\"https:\/\/liked.hu\/kimeno.php?https:\/\/en.wikipedia.org\/wiki\/Flag_of_the_Dominican_Republic\" rel=\"noopener noreferrer\" target=\"_blank\">Dominikai K\u00f6zt\u00e1rsas\u00e1g<\/a> z\u00e1szlaja az egyetlen a vil\u00e1gon, amelyen a Biblia l\u00e1that\u00f3.<\/li><li class=\"cikk\">Annak ellen\u00e9re, hogy a Mars (ak\u00e1rcsak m\u00e1s \u0171rb\u00e9li objektum) nem tartozhat egyetlen orsz\u00e1ghoz sem, van <a href=\"https:\/\/liked.hu\/kimeno.php?https:\/\/en.wikipedia.org\/wiki\/Flag_of_Mars\" rel=\"noopener noreferrer\" target=\"_blank\">saj\u00e1t z\u00e1szlaja<\/a>. A trikolor z\u00e1szl\u00f3n a piros sz\u00edn a bolyg\u00f3 jelen\u00e9t, a z\u00f6ld \u00e9s a k\u00e9k pedig a j\u00f6v\u0151j\u00e9t jelk\u00e9pezi abban az esetben, ha a f\u00f6ldlak\u00f3knak siker\u00fcl gyarmatos\u00edtani a kozmikus szomsz\u00e9djukat.&nbsp;<\/li><\/ul>    <\/div>\r\n<\/div><div class=\"zf-story_item\">\r\n\t<h3 class=\"zf_title\"><\/h3>\r\n\t\t\t<figure class=\"zf-story_media zf-media-wrapper zf-image zf-type-image\">\r\n\t\t\t<div class=\"zf-media\">\r\n\t\t\t\t<img width=\"728\" height=\"436\" src=\"https:\/\/liked.hu\/old\/wp-content\/uploads\/2019\/10\/6080215-2000px-Flag_of_Marssvg-1560914416-728-d78bf8b91e-1561464399.jpg\" class=\"\" alt=\"6080215 2000px Flag of Marssvg 1560914416 728 d78bf8b91e 1561464399\" loading=\"lazy\" style=\"\" srcset=\"https:\/\/liked.hu\/old\/wp-content\/uploads\/2019\/10\/6080215-2000px-Flag_of_Marssvg-1560914416-728-d78bf8b91e-1561464399.jpg 728w, https:\/\/liked.hu\/old\/wp-content\/uploads\/2019\/10\/6080215-2000px-Flag_of_Marssvg-1560914416-728-d78bf8b91e-1561464399-300x180.jpg 300w, https:\/\/liked.hu\/old\/wp-content\/uploads\/2019\/10\/6080215-2000px-Flag_of_Marssvg-1560914416-728-d78bf8b91e-1561464399-500x299.jpg 500w, https:\/\/liked.hu\/old\/wp-content\/uploads\/2019\/10\/6080215-2000px-Flag_of_Marssvg-1560914416-728-d78bf8b91e-1561464399-360x216.jpg 360w, https:\/\/liked.hu\/old\/wp-content\/uploads\/2019\/10\/6080215-2000px-Flag_of_Marssvg-1560914416-728-d78bf8b91e-1561464399-545x326.jpg 545w\" sizes=\"(max-width: 728px) 100vw, 728px\" \/>\t\t\t\t\t<figcaption class=\"zf-figcaption\">\r\n\t\t\t\t\t\t<cite>Ez a Mars z\u00e1szlaja.<\/cite>\r\n\t\t\t\t\t<\/figcaption>\r\n\t\t\t\t\t\t\t<\/div>\r\n\t\t<\/figure>\r\n\t\t\t\t\t<div class=\"zf_description\"><p style=\"text-align: center\">\n<div style=\"float:none;margin:0px 0 0px 0;text-align:center;\">\n<div class=\"mobileHideke8\"><div style=\"margin-top:25px;\"><div class=\"hirdeteshatter\"><div style=\"display: inline-block;width: 50%;min-width:340px;vertical-align: top;\"><div class=\"hirdetes\">HIRDET\u00c9S<\/div>\n<!-- Liked7Q1 -->\n<ins class=\"adsbygoogle\"\n     style=\"display:inline-block;width:336px;height:280px\"\n     data-ad-client=\"ca-pub-9424088931673893\"\n     data-ad-slot=\"3022062587\"><\/ins>\n<script async>\n     (adsbygoogle = window.adsbygoogle || []).push({});\n<\/script><\/div><div style=\"display: inline-block;width: 50%;min-width:340px;vertical-align: top;\"><div class=\"hirdetes\">HIRDET\u00c9S<\/div>\n<!-- Liked7Q2 -->\n<ins class=\"adsbygoogle\"\n     style=\"display:inline-block;width:336px;height:280px\"\n     data-ad-client=\"ca-pub-9424088931673893\"\n     data-ad-slot=\"3952000871\"><\/ins>\n<script async>\n     (adsbygoogle = window.adsbygoogle || []).push({});\n<\/script><\/div><\/div><\/div><\/div>\n<div style=\"display:flex;flex-direction:column;\"><div class=\"mobileShowka8\"><div style=\"padding-top:15px;margin-bottom:15px;min-height: 300px;\"><div class=\"hirdetes\">HIRDET\u00c9S<\/div>\n<!-- Liked7QMobil -->\n<ins class=\"adsbygoogle\"\n     style=\"display:inline-block;width:336px;height:280px\"\n     data-ad-client=\"ca-pub-9424088931673893\"\n     data-ad-slot=\"5073510857\"><\/ins>\n<script async>\n     (adsbygoogle = window.adsbygoogle || []).push({});\n<\/script><\/div><\/div><\/div><\/div><ul><li class=\"cikk\">Noha Hawaii az Egyes\u00fclt \u00c1llamok r\u00e9sze, z\u00e1szl\u00f3juk m\u00e9gis a brit \u201eUnion Jack\u201d mint\u00e1j\u00e1ra k\u00e9sz\u00fclt, noha ut\u00f3bbiak egyszer sem gyarmatos\u00edtott\u00e1k ezeket a szigeteket. Ez az egyetlen \u00e1llam Amerik\u00e1ban, aminek a z\u00e1szlaja egy m\u00e1sik orsz\u00e1g z\u00e1szlaj\u00e1nak mint\u00e1ja alapj\u00e1n k\u00e9sz\u00fclt.<\/li><li class=\"cikk\">A Man-sziget z\u00e1szlaja, valamint a Szic\u00edliai auton\u00f3m r\u00e9gi\u00f3 z\u00e1szlaja triskeliont \u00e1br\u00e1zol (egy k\u00f6z\u00f6s pontb\u00f3l indul\u00f3 h\u00e1rom elt\u00e9r\u0151 vonal), \u00edgy ezeket a vil\u00e1g legr\u00e9gebbi z\u00e1szlaj\u00e1nak tekintik: utolj\u00e1ra a XIII. sz\u00e1zadban v\u00e1ltoztak.<\/li><li class=\"cikk\">A Lib\u00e9riai z\u00e1szl\u00f3 n\u00e9pszer\u0171bb, mint b\u00e1rmilyen m\u00e1s orsz\u00e1g z\u00e1szlaja \u2013 legal\u00e1bbis ami a haj\u00f3z\u00e1st illeti. A nemzetk\u00f6zi jog szerint minden kereskedelmi haj\u00f3t hozz\u00e1 kell rendelni annak az orsz\u00e1gnak a flott\u00e1j\u00e1hoz, amelyhez jogilag tartozik. Lib\u00e9ri\u00e1t azonban a haj\u00f3z\u00e1si t\u00f6rv\u00e9nyek paradicsom\u00e1nak is nevezhetj\u00fck, \u00edgy rendk\u00edv\u00fcl vonz\u00f3 a haj\u00f3tulajdonos c\u00e9gek sz\u00e1m\u00e1ra. Olyannyira j\u00f6vedelmez\u0151 az afrikai orsz\u00e1g hozz\u00e1\u00e1ll\u00e1sa, hogy az \u00e1llamkincst\u00e1r\u00e1nak 90%-\u00e1t a haj\u00f3z\u00e1si v\u00e1mokb\u00f3l fedezik.<\/li><\/ul><\/div><\/div><div class=\"zf-story_item\">\r\n\t<h3 class=\"zf_title\"><\/h3>\r\n\t\t\t<figure class=\"zf-story_media zf-media-wrapper zf-image zf-type-image\">\r\n\t\t\t<div class=\"zf-media\">\r\n\t\t\t\t<img width=\"728\" height=\"383\" src=\"https:\/\/liked.hu\/old\/wp-content\/uploads\/2019\/10\/6080265-2000px-Flag_of_Liberiasvg-1560915711-728-f6c99c47fa-1561464399.jpg\" class=\"\" alt=\"6080265 2000px Flag of Liberiasvg 1560915711 728 f6c99c47fa 1561464399\" loading=\"lazy\" style=\"\" srcset=\"https:\/\/liked.hu\/old\/wp-content\/uploads\/2019\/10\/6080265-2000px-Flag_of_Liberiasvg-1560915711-728-f6c99c47fa-1561464399.jpg 728w, https:\/\/liked.hu\/old\/wp-content\/uploads\/2019\/10\/6080265-2000px-Flag_of_Liberiasvg-1560915711-728-f6c99c47fa-1561464399-300x158.jpg 300w, https:\/\/liked.hu\/old\/wp-content\/uploads\/2019\/10\/6080265-2000px-Flag_of_Liberiasvg-1560915711-728-f6c99c47fa-1561464399-500x263.jpg 500w, https:\/\/liked.hu\/old\/wp-content\/uploads\/2019\/10\/6080265-2000px-Flag_of_Liberiasvg-1560915711-728-f6c99c47fa-1561464399-360x189.jpg 360w, https:\/\/liked.hu\/old\/wp-content\/uploads\/2019\/10\/6080265-2000px-Flag_of_Liberiasvg-1560915711-728-f6c99c47fa-1561464399-545x287.jpg 545w\" sizes=\"(max-width: 728px) 100vw, 728px\" \/>\t\t\t\t\t<figcaption class=\"zf-figcaption\">\r\n\t\t\t\t\t\t<cite>Lib\u00e9ria z\u00e1szlaja.<\/cite>\r\n\t\t\t\t\t<\/figcaption>\r\n\t\t\t\t\t\t\t<\/div>\r\n\t\t<\/figure>\r\n\t\t\t\t\t<div class=\"zf_description\"><ul><li class=\"cikk\">A kolumbiai z\u00e1szl\u00f3 az egyetlen, aminek a cs\u00edkjainak vastags\u00e1ga elt\u00e9r\u0151 m\u00e9ret\u0171. A fels\u0151 s\u00e1rga cs\u00edk dupl\u00e1ja az alatta l\u00e1that\u00f3 k\u00e9k \u00e9s piros sz\u00edn\u0171 cs\u00edkoknak, r\u00e1ad\u00e1sul m\u00edg m\u00e1s orsz\u00e1gokban nagyon szigor\u00fa t\u00f6rv\u00e9nyek szab\u00e1lyozz\u00e1k a z\u00e1szl\u00f3 kin\u00e9zet\u00e9t, Kolumbi\u00e1nak nincs szigor\u00fa szab\u00e1lyoz\u00e1sa ilyen t\u00e9ren.<\/li><li class=\"cikk\">A vil\u00e1g egyik legk\u00fcl\u00f6nlegesebb \u00e9s legb\u00e9k\u00e9sebb z\u00e1szlaja k\u00e9ts\u00e9gk\u00edv\u00fcl Sr\u00ed Lank\u00e1hoz tartozik: a rajta l\u00e1that\u00f3 4 f\u00fcgefa lev\u00e9l szimboliz\u00e1lja a szeretetet, az egy\u00fctt\u00e9rz\u00e9st, a r\u00e9szv\u00e9tet \u00e9s a lelki nyugalmat \u2013 vagyis a buddhizmus alap\u00e9rt\u00e9keit.<\/li><li class=\"cikk\">Az olasz z\u00e1szl\u00f3t Nap\u00f3leon idej\u00e9n k\u00e9sz\u00edtett\u00e9k, a francia z\u00e1szl\u00f3 mint\u00e1j\u00e1ra. Figyelemre m\u00e9lt\u00f3 \u00e9rdekess\u00e9g, hogy az olasz z\u00e1szl\u00f3 v\u00e9gleges sz\u00edn\u00e9t csak 2006-ban fogadt\u00e1k el, miut\u00e1n hossz\u00fa \u00e9veken \u00e1t vitatkoztak arr\u00f3l, hogy milyen legyen a sz\u00ednek \u00e1rnyalata.<\/li><\/ul><\/div><\/div><div class=\"zf-story_item\">\r\n\t<h3 class=\"zf_title\"><\/h3>\r\n\t\t\t<figure class=\"zf-story_media zf-media-wrapper zf-image zf-type-image\">\r\n\t\t\t<div class=\"zf-media\">\r\n\t\t\t\t<img width=\"728\" height=\"960\" src=\"https:\/\/liked.hu\/old\/wp-content\/uploads\/2019\/10\/6080315-88617210-99203cd7eebb41ea5a5d31100b37b4ff0d08958b-1500-1-1561366602-728-73caa40ac9-1561464399.jpg\" class=\"\" alt=\"6080315 88617210 99203cd7eebb41ea5a5d31100b37b4ff0d08958b 1500 1 1561366602 728 73caa40ac9 1561464399\" loading=\"lazy\" style=\"\" srcset=\"https:\/\/liked.hu\/old\/wp-content\/uploads\/2019\/10\/6080315-88617210-99203cd7eebb41ea5a5d31100b37b4ff0d08958b-1500-1-1561366602-728-73caa40ac9-1561464399.jpg 728w, https:\/\/liked.hu\/old\/wp-content\/uploads\/2019\/10\/6080315-88617210-99203cd7eebb41ea5a5d31100b37b4ff0d08958b-1500-1-1561366602-728-73caa40ac9-1561464399-228x300.jpg 228w, https:\/\/liked.hu\/old\/wp-content\/uploads\/2019\/10\/6080315-88617210-99203cd7eebb41ea5a5d31100b37b4ff0d08958b-1500-1-1561366602-728-73caa40ac9-1561464399-379x500.jpg 379w, https:\/\/liked.hu\/old\/wp-content\/uploads\/2019\/10\/6080315-88617210-99203cd7eebb41ea5a5d31100b37b4ff0d08958b-1500-1-1561366602-728-73caa40ac9-1561464399-360x475.jpg 360w, https:\/\/liked.hu\/old\/wp-content\/uploads\/2019\/10\/6080315-88617210-99203cd7eebb41ea5a5d31100b37b4ff0d08958b-1500-1-1561366602-728-73caa40ac9-1561464399-545x719.jpg 545w\" sizes=\"(max-width: 728px) 100vw, 728px\" \/>\t\t\t<\/div>\r\n\t\t<\/figure>\r\n\t\t\t\t\t<div class=\"zf_description\"><ul><li class=\"cikk\">A k\u00ednai z\u00e1szl\u00f3n a nagy csillagot k\u00f6r\u00fclvev\u0151 kis csillagok az orsz\u00e1g kommunista p\u00e1rtj\u00e1t szimboliz\u00e1lj\u00e1k. 2016-ban a Ri\u00f3i olimpi\u00e1n a szervez\u0151k t\u00e9vesen rakt\u00e1k r\u00e1 a csillagokat a k\u00ednai lobog\u00f3ra, ami hatalmas felh\u00e1borod\u00e1st keltett k\u00ednai r\u00e9szr\u0151l.<\/li><li class=\"cikk\">Az orosz z\u00e1szl\u00f3 az egyetlen a vil\u00e1gon, aminek a sz\u00edneinek nincs konkr\u00e9t jelent\u00e9se.<\/li><li class=\"cikk\">Annak ellen\u00e9re, hogy a rom\u00e1knak nincs k\u00fcl\u00f6n orsz\u00e1guk, van <a href=\"https:\/\/liked.hu\/kimeno.php?https:\/\/hu.wikipedia.org\/wiki\/Cig%C3%A1ny_nemzeti_jelk%C3%A9pek\" rel=\"noopener noreferrer\" target=\"_blank\">saj\u00e1t z\u00e1szlajuk<\/a>. A lobog\u00f3n z\u00f6ld \u00e9s k\u00e9k sz\u00edn\u0171 h\u00e1tt\u00e9ren egy v\u00f6r\u00f6s szek\u00e9rker\u00e9k l\u00e1that\u00f3 \u2013 ez szimboliz\u00e1lja egy\u00fattal a rom\u00e1k nom\u00e1d \u00e9let\u00e9t, illetve tiszteleg egy\u00fattal az indiai sz\u00e1rmaz\u00e1suk el\u0151tt. (ez\u00e9rt hasonl\u00edt annyira az indiai z\u00e1szl\u00f3 k\u00f6zep\u00e9n l\u00e1that\u00f3 csakr\u00e1ra)<\/li><\/ul><\/div><\/div><div class=\"zf-story_item\">\r\n\t<h3 class=\"zf_title\"><\/h3>\r\n\t\t\t<figure class=\"zf-story_media zf-media-wrapper zf-image zf-type-image\">\r\n\t\t\t<div class=\"zf-media\">\r\n\t\t\t\t<img width=\"800\" height=\"533\" src=\"https:\/\/liked.hu\/old\/wp-content\/uploads\/2019\/10\/Cigany-zaszlo.jpg\" class=\"\" alt=\"Cigany zaszlo\" loading=\"lazy\" style=\"\" srcset=\"https:\/\/liked.hu\/old\/wp-content\/uploads\/2019\/10\/Cigany-zaszlo.jpg 800w, https:\/\/liked.hu\/old\/wp-content\/uploads\/2019\/10\/Cigany-zaszlo-300x200.jpg 300w, https:\/\/liked.hu\/old\/wp-content\/uploads\/2019\/10\/Cigany-zaszlo-768x512.jpg 768w, https:\/\/liked.hu\/old\/wp-content\/uploads\/2019\/10\/Cigany-zaszlo-500x333.jpg 500w, https:\/\/liked.hu\/old\/wp-content\/uploads\/2019\/10\/Cigany-zaszlo-360x240.jpg 360w, https:\/\/liked.hu\/old\/wp-content\/uploads\/2019\/10\/Cigany-zaszlo-545x363.jpg 545w\" sizes=\"(max-width: 800px) 100vw, 800px\" \/>\t\t\t\t\t<figcaption class=\"zf-figcaption\">\r\n\t\t\t\t\t\t<cite>\u00cdgy n\u00e9z ki a roma z\u00e1szl\u00f3.<\/cite>\r\n\t\t\t\t\t<\/figcaption>\r\n\t\t\t\t\t\t\t<\/div>\r\n\t\t<\/figure>\r\n\t\t\t\t\t<div class=\"zf_description\"><p style=\"text-align: center\">\n<div style=\"float:none;margin:0px 0 0px 0;text-align:center;\">\n<div class=\"mobileHideke8\"><div style=\"margin-top:25px;\"><div class=\"hirdeteshatter\"><div style=\"display: inline-block;width: 50%;min-width:340px;vertical-align: top;\"><div class=\"hirdetes\">HIRDET\u00c9S<\/div>\n<!-- Liked7Q1 -->\n<ins class=\"adsbygoogle\"\n     style=\"display:inline-block;width:336px;height:280px\"\n     data-ad-client=\"ca-pub-9424088931673893\"\n     data-ad-slot=\"3022062587\"><\/ins>\n<script async>\n     (adsbygoogle = window.adsbygoogle || []).push({});\n<\/script><\/div><div style=\"display: inline-block;width: 50%;min-width:340px;vertical-align: top;\"><div class=\"hirdetes\">HIRDET\u00c9S<\/div>\n<!-- Liked7Q2 -->\n<ins class=\"adsbygoogle\"\n     style=\"display:inline-block;width:336px;height:280px\"\n     data-ad-client=\"ca-pub-9424088931673893\"\n     data-ad-slot=\"3952000871\"><\/ins>\n<script async>\n     (adsbygoogle = window.adsbygoogle || []).push({});\n<\/script><\/div><\/div><\/div><\/div>\n<div style=\"display:flex;flex-direction:column;\"><div class=\"mobileShowka8\"><div style=\"padding-top:15px;margin-bottom:15px;min-height: 300px;\"><div class=\"hirdetes\">HIRDET\u00c9S<\/div>\n<!-- Liked7QMobil -->\n<ins class=\"adsbygoogle\"\n     style=\"display:inline-block;width:336px;height:280px\"\n     data-ad-client=\"ca-pub-9424088931673893\"\n     data-ad-slot=\"5073510857\"><\/ins>\n<script async>\n     (adsbygoogle = window.adsbygoogle || []).push({});\n<\/script><\/div><\/div><\/div><\/div><ul><li class=\"cikk\">A Banglades z\u00e1szl\u00f3j\u00e1n l\u00e1that\u00f3 k\u00f6r nincs k\u00f6z\u00e9pen \u2013 kiss\u00e9 balra van tolva. Ez az\u00e9rt van \u00edgy, mert az orsz\u00e1g lak\u00f3i \u00fagy gondolj\u00e1k, hogy amikor a z\u00e1szl\u00f3 a sz\u00e9lben lobog, akkor vizu\u00e1lisan \u00fagy t\u0171nik, hogy k\u00f6z\u00e9pen van.<\/li><li class=\"cikk\">Az 50-es \u00e9vekben \u00c9szak- \u00e9s D\u00e9l-Korea k\u00f6z\u00f6tt foly\u00f3 t\u00e1rgyal\u00e1sok sor\u00e1n az orsz\u00e1gok k\u00e9pvisel\u0151i egyre nagyobb \u00e9s nagyobb z\u00e1szl\u00f3t hoztak magukkal az \u00fcl\u00e9sekre \u2013 megpr\u00f3b\u00e1lva t\u00fallicit\u00e1lni egym\u00e1s m\u00e9ret\u00e9t. Ez v\u00e9g\u00fcl od\u00e1ig fajult, hogy a felek akkora z\u00e1szl\u00f3kkal \u00e9rkeztek, amikt\u0151l v\u00e9g\u00fcl nem f\u00e9rtek el abban a s\u00e1torban, ahol az \u00fcl\u00e9seket tartott\u00e1k. A jelens\u00e9g \u201ez\u00e1szl\u00f3h\u00e1bor\u00fa\u201d n\u00e9ven ker\u00fclt be a t\u00f6rt\u00e9nelemk\u00f6nyvekbe.<\/li><li class=\"cikk\">Az Egyes\u00fcl \u00c1llamokban tal\u00e1lhat\u00f3 Ohio \u00e1llam az egyetlen olyan amerikai \u00e1llam, aminek a z\u00e1szlaja nem t\u00e9glalap alak\u00fa.<\/li><\/ul><\/div><\/div><div class=\"zf-story_item\">\r\n\t<h3 class=\"zf_title\"><\/h3>\r\n\t\t\t<figure class=\"zf-story_media zf-media-wrapper zf-image zf-type-image\">\r\n\t\t\t<div class=\"zf-media\">\r\n\t\t\t\t<img width=\"728\" height=\"448\" src=\"https:\/\/liked.hu\/old\/wp-content\/uploads\/2019\/10\/6080415-2000px-Flag_of_Ohio-1561022830-728-45013bdeee-1561464399.jpg\" class=\"\" alt=\"6080415 2000px Flag of Ohio 1561022830 728 45013bdeee 1561464399\" loading=\"lazy\" style=\"\" srcset=\"https:\/\/liked.hu\/old\/wp-content\/uploads\/2019\/10\/6080415-2000px-Flag_of_Ohio-1561022830-728-45013bdeee-1561464399.jpg 728w, https:\/\/liked.hu\/old\/wp-content\/uploads\/2019\/10\/6080415-2000px-Flag_of_Ohio-1561022830-728-45013bdeee-1561464399-300x185.jpg 300w, https:\/\/liked.hu\/old\/wp-content\/uploads\/2019\/10\/6080415-2000px-Flag_of_Ohio-1561022830-728-45013bdeee-1561464399-500x308.jpg 500w, https:\/\/liked.hu\/old\/wp-content\/uploads\/2019\/10\/6080415-2000px-Flag_of_Ohio-1561022830-728-45013bdeee-1561464399-360x222.jpg 360w, https:\/\/liked.hu\/old\/wp-content\/uploads\/2019\/10\/6080415-2000px-Flag_of_Ohio-1561022830-728-45013bdeee-1561464399-545x335.jpg 545w\" sizes=\"(max-width: 728px) 100vw, 728px\" \/>\t\t\t\t\t<figcaption class=\"zf-figcaption\">\r\n\t\t\t\t\t\t<cite>Ohio \u00e1llam lobog\u00f3ja.<\/cite>\r\n\t\t\t\t\t<\/figcaption>\r\n\t\t\t\t\t\t\t<\/div>\r\n\t\t<\/figure>\r\n\t\t\t\t\t<div class=\"zf_description\"><ul><li class=\"cikk\">Az elm\u00falt 140 \u00e9vben Afganiszt\u00e1n z\u00e1szlaja 22-szer v\u00e1ltozott.<\/li><li class=\"cikk\">A z\u00e1szl\u00f3cser\u00e9t illet\u0151 abszol\u00fat rekorder m\u00e9gis az Egyes\u00fclt \u00c1llamok: az orsz\u00e1g f\u0151 szimb\u00f3lum\u00e1nak sz\u00e1m\u00edt\u00f3 lobog\u00f3t 27 alkalommal v\u00e1ltozott az \u00e9vek sor\u00e1n, utolj\u00e1ra 1960-ban. Egy\u00e9bk\u00e9nt ha Puerto Rico-t elfogadj\u00e1k az orsz\u00e1g teljesjog\u00fa \u00e1llam\u00e1nak, akkor a z\u00e1szl\u00f3ra r\u00f6videsen \u00fajabb m\u00f3dos\u00edt\u00e1s v\u00e1r.<\/li><li class=\"cikk\">A 19. \u00e9s 20. sz\u00e1zadban l\u00e9tezett egy francia gyarmat Afrik\u00e1ban: Francia Szud\u00e1n n\u00e9ven. Ez az orsz\u00e1g egyszer\u0171en lem\u00e1solta a francia z\u00e1szl\u00f3t azzal a k\u00fcl\u00f6nbs\u00e9ggel, hogy egy t\u00e1ncol\u00f3 figur\u00e1t biggyesztett a lobog\u00f3 k\u00f6zep\u00e9re.<\/li><\/ul><\/div><\/div><div class=\"zf-story_item\">\r\n\t<h3 class=\"zf_title\"><\/h3>\r\n\t\t\t<figure class=\"zf-story_media zf-media-wrapper zf-image zf-type-image\">\r\n\t\t\t<div class=\"zf-media\">\r\n\t\t\t\t<img width=\"728\" height=\"485\" src=\"https:\/\/liked.hu\/old\/wp-content\/uploads\/2019\/10\/6080465-Flag_of_French_Sudan_1958-1959svg-1561024988-728-04a0a363d6-1561464399.jpg\" class=\"\" alt=\"6080465 Flag of French Sudan 1958 1959svg 1561024988 728 04a0a363d6 1561464399\" loading=\"lazy\" style=\"\" srcset=\"https:\/\/liked.hu\/old\/wp-content\/uploads\/2019\/10\/6080465-Flag_of_French_Sudan_1958-1959svg-1561024988-728-04a0a363d6-1561464399.jpg 728w, https:\/\/liked.hu\/old\/wp-content\/uploads\/2019\/10\/6080465-Flag_of_French_Sudan_1958-1959svg-1561024988-728-04a0a363d6-1561464399-300x200.jpg 300w, https:\/\/liked.hu\/old\/wp-content\/uploads\/2019\/10\/6080465-Flag_of_French_Sudan_1958-1959svg-1561024988-728-04a0a363d6-1561464399-500x333.jpg 500w, https:\/\/liked.hu\/old\/wp-content\/uploads\/2019\/10\/6080465-Flag_of_French_Sudan_1958-1959svg-1561024988-728-04a0a363d6-1561464399-360x240.jpg 360w, https:\/\/liked.hu\/old\/wp-content\/uploads\/2019\/10\/6080465-Flag_of_French_Sudan_1958-1959svg-1561024988-728-04a0a363d6-1561464399-545x363.jpg 545w\" sizes=\"(max-width: 728px) 100vw, 728px\" \/>\t\t\t\t\t<figcaption class=\"zf-figcaption\">\r\n\t\t\t\t\t\t<cite>Francia Szud\u00e1n z\u00e1szlaja.<\/cite>\r\n\t\t\t\t\t<\/figcaption>\r\n\t\t\t\t\t\t\t<\/div>\r\n\t\t<\/figure>\r\n\t\t\t\t\t<div class=\"zf_description\"><p><strong>B&oacute;nusz:<\/strong> m&aacute;rcius 16-a a magyar z&aacute;szl&oacute; &eacute;s c&iacute;mer napja - err\u0151l az Orsz&aacute;ggy\u0171l&eacute;s d&ouml;nt&ouml;tt &iacute;gy a 2014. december 16-ai &uuml;l&eacute;s&eacute;n.<\/p><\/div><\/div>        <\/div>\r\n    <\/div>\r\n\r\n    <\/div>\r\n\r\n\r\n\n","protected":false},"excerpt":{"rendered":"<p>Mindenki, aki l\u00e1tta az Agymen\u0151k c\u00edm\u0171 sorozatot, annak val\u00f3sz\u00edn\u0171leg ismer\u0151s lehet a Sheldon Cooper-f\u00e9le \u201eM\u00f3ka \u00e9s Z\u00e1szl\u00f3k\u201d, melyben a k\u00fcl\u00f6nb\u00f6z\u0151 orsz\u00e1gok z\u00e1szlajair\u00f3l besz\u00e9lt \u2013 v\u00e1ltoz\u00f3 sikerrel. B\u00e1r az agymen\u00e9se nem \u00f6rvendett t\u00fal nagy n\u00e9pszer\u0171s\u00e9gnek, a z\u00e1szl\u00f3tan (aminek a tudom\u00e1ny\u00e1t egy\u00e9bk\u00e9nt vexillol\u00f3gi\u00e1nak h\u00edvjuk) sok titkot \u00e1rulhat el a k\u00fcl\u00f6nb\u00f6z\u0151 orsz\u00e1gokr\u00f3l. Gondoltad volna p\u00e9ld\u00e1ul, hogy az olasz [&hellip;]<\/p>\n","protected":false},"author":7,"featured_media":173540,"comment_status":"open","ping_status":"closed","sticky":false,"template":"","format":"standard","meta":{"buzzeditor_post_format":""},"categories":[23],"tags":[8751,5823,2894],"yoast_head":"<!-- This site is optimized with the Yoast SEO plugin v19.6.1 - https:\/\/yoast.com\/wordpress\/plugins\/seo\/ -->\n<title>18 meglep\u0151 t\u00e9ny a k\u00fcl\u00f6nb\u00f6z\u0151 orsz\u00e1gok z\u00e1szlajair\u00f3l (spoiler: m\u00e1rcius 16-a a magyar z\u00e1szl\u00f3 napja)<\/title>\n<meta name=\"description\" content=\"Mindenki, aki l\u00e1tta az Agymen\u0151k c\u00edm\u0171 sorozatot, annak val\u00f3sz\u00edn\u0171leg ismer\u0151s lehet a Sheldon Cooper-f\u00e9le \u201eM\u00f3ka \u00e9s Z\u00e1szl\u00f3k\u201d, melyben a k\u00fcl\u00f6nb\u00f6z\u0151 orsz\u00e1gok\" \/>\n<meta name=\"robots\" content=\"index, follow, max-snippet:-1, max-image-preview:large, max-video-preview:-1\" \/>\n<link rel=\"canonical\" href=\"https:\/\/liked.hu\/old\/erdekes\/18-meglepo-teny-a-kulonbozo-orszagok-zaszlajairol-spoiler-marcius-16-a-a-magyar-zaszlo-napja\/\" \/>\n<meta property=\"og:locale\" content=\"hu_HU\" \/>\n<meta property=\"og:type\" content=\"article\" \/>\n<meta property=\"og:title\" content=\"18 meglep\u0151 t\u00e9ny a k\u00fcl\u00f6nb\u00f6z\u0151 orsz\u00e1gok z\u00e1szlajair\u00f3l (spoiler: m\u00e1rcius 16-a a magyar z\u00e1szl\u00f3 napja)\" \/>\n<meta property=\"og:description\" content=\"Mindenki, aki l\u00e1tta az Agymen\u0151k c\u00edm\u0171 sorozatot, annak val\u00f3sz\u00edn\u0171leg ismer\u0151s lehet a Sheldon Cooper-f\u00e9le \u201eM\u00f3ka \u00e9s Z\u00e1szl\u00f3k\u201d, melyben a k\u00fcl\u00f6nb\u00f6z\u0151 orsz\u00e1gok\" \/>\n<meta property=\"og:url\" content=\"https:\/\/liked.hu\/old\/erdekes\/18-meglepo-teny-a-kulonbozo-orszagok-zaszlajairol-spoiler-marcius-16-a-a-magyar-zaszlo-napja\/\" \/>\n<meta property=\"og:site_name\" content=\"Liked.hu\" \/>\n<meta property=\"article:publisher\" content=\"https:\/\/www.facebook.com\/liked.hu\" \/>\n<meta property=\"article:published_time\" content=\"2019-10-17T18:31:24+00:00\" \/>\n<meta property=\"article:modified_time\" content=\"2022-09-06T09:59:54+00:00\" \/>\n<meta property=\"og:image\" content=\"https:\/\/liked.hu\/old\/wp-content\/uploads\/2019\/10\/Erdekes-tenyek-a-zaszlokrol.jpg\" \/>\n\t<meta property=\"og:image:width\" content=\"1200\" \/>\n\t<meta property=\"og:image:height\" content=\"630\" \/>\n\t<meta property=\"og:image:type\" content=\"image\/jpeg\" \/>\n<meta name=\"author\" content=\"Tiborc\" \/>\n<meta name=\"twitter:card\" content=\"summary\" \/>\n<meta name=\"twitter:creator\" content=\"@LikedHu\" \/>\n<meta name=\"twitter:site\" content=\"@LikedHu\" \/>\n<meta name=\"twitter:label1\" content=\"Szerz\u0151:\" \/>\n\t<meta name=\"twitter:data1\" content=\"Tiborc\" \/>\n\t<meta name=\"twitter:label2\" content=\"Becs\u00fclt olvas\u00e1si id\u0151\" \/>\n\t<meta name=\"twitter:data2\" content=\"1 perc\" \/>\n<script type=\"application\/ld+json\" class=\"yoast-schema-graph\">{\"@context\":\"https:\/\/schema.org\",\"@graph\":[{\"@type\":\"Article\",\"@id\":\"https:\/\/liked.hu\/old\/erdekes\/18-meglepo-teny-a-kulonbozo-orszagok-zaszlajairol-spoiler-marcius-16-a-a-magyar-zaszlo-napja\/#article\",\"isPartOf\":{\"@id\":\"https:\/\/liked.hu\/old\/erdekes\/18-meglepo-teny-a-kulonbozo-orszagok-zaszlajairol-spoiler-marcius-16-a-a-magyar-zaszlo-napja\/\"},\"author\":{\"name\":\"Tiborc\",\"@id\":\"https:\/\/liked.hu\/old\/#\/schema\/person\/8b92210be73c8af1a8255bd30ebe772b\"},\"headline\":\"18 meglep\u0151 t\u00e9ny a k\u00fcl\u00f6nb\u00f6z\u0151 orsz\u00e1gok z\u00e1szlajair\u00f3l (spoiler: m\u00e1rcius 16-a a magyar z\u00e1szl\u00f3 napja)\",\"datePublished\":\"2019-10-17T18:31:24+00:00\",\"dateModified\":\"2022-09-06T09:59:54+00:00\",\"mainEntityOfPage\":{\"@id\":\"https:\/\/liked.hu\/old\/erdekes\/18-meglepo-teny-a-kulonbozo-orszagok-zaszlajairol-spoiler-marcius-16-a-a-magyar-zaszlo-napja\/\"},\"wordCount\":172,\"commentCount\":0,\"publisher\":{\"@id\":\"https:\/\/liked.hu\/old\/#organization\"},\"keywords\":[\"lobog\u00f3\",\"Ma tudtam meg!\",\"z\u00e1szl\u00f3\"],\"articleSection\":[\"\u00c9rdekess\u00e9gek\"],\"inLanguage\":\"hu\",\"potentialAction\":[{\"@type\":\"CommentAction\",\"name\":\"Comment\",\"target\":[\"https:\/\/liked.hu\/old\/erdekes\/18-meglepo-teny-a-kulonbozo-orszagok-zaszlajairol-spoiler-marcius-16-a-a-magyar-zaszlo-napja\/#respond\"]}]},{\"@type\":\"WebPage\",\"@id\":\"https:\/\/liked.hu\/old\/erdekes\/18-meglepo-teny-a-kulonbozo-orszagok-zaszlajairol-spoiler-marcius-16-a-a-magyar-zaszlo-napja\/\",\"url\":\"https:\/\/liked.hu\/old\/erdekes\/18-meglepo-teny-a-kulonbozo-orszagok-zaszlajairol-spoiler-marcius-16-a-a-magyar-zaszlo-napja\/\",\"name\":\"18 meglep\u0151 t\u00e9ny a k\u00fcl\u00f6nb\u00f6z\u0151 orsz\u00e1gok z\u00e1szlajair\u00f3l (spoiler: m\u00e1rcius 16-a a magyar z\u00e1szl\u00f3 napja)\",\"isPartOf\":{\"@id\":\"https:\/\/liked.hu\/old\/#website\"},\"datePublished\":\"2019-10-17T18:31:24+00:00\",\"dateModified\":\"2022-09-06T09:59:54+00:00\",\"description\":\"Mindenki, aki l\u00e1tta az Agymen\u0151k c\u00edm\u0171 sorozatot, annak val\u00f3sz\u00edn\u0171leg ismer\u0151s lehet a Sheldon Cooper-f\u00e9le \u201eM\u00f3ka \u00e9s Z\u00e1szl\u00f3k\u201d, melyben a k\u00fcl\u00f6nb\u00f6z\u0151 orsz\u00e1gok\",\"breadcrumb\":{\"@id\":\"https:\/\/liked.hu\/old\/erdekes\/18-meglepo-teny-a-kulonbozo-orszagok-zaszlajairol-spoiler-marcius-16-a-a-magyar-zaszlo-napja\/#breadcrumb\"},\"inLanguage\":\"hu\",\"potentialAction\":[{\"@type\":\"ReadAction\",\"target\":[\"https:\/\/liked.hu\/old\/erdekes\/18-meglepo-teny-a-kulonbozo-orszagok-zaszlajairol-spoiler-marcius-16-a-a-magyar-zaszlo-napja\/\"]}]},{\"@type\":\"BreadcrumbList\",\"@id\":\"https:\/\/liked.hu\/old\/erdekes\/18-meglepo-teny-a-kulonbozo-orszagok-zaszlajairol-spoiler-marcius-16-a-a-magyar-zaszlo-napja\/#breadcrumb\",\"itemListElement\":[{\"@type\":\"ListItem\",\"position\":1,\"name\":\"Kezd\u0151lap\",\"item\":\"https:\/\/liked.hu\/old\/\"},{\"@type\":\"ListItem\",\"position\":2,\"name\":\"18 meglep\u0151 t\u00e9ny a k\u00fcl\u00f6nb\u00f6z\u0151 orsz\u00e1gok z\u00e1szlajair\u00f3l (spoiler: m\u00e1rcius 16-a a magyar z\u00e1szl\u00f3 napja)\"}]},{\"@type\":\"WebSite\",\"@id\":\"https:\/\/liked.hu\/old\/#website\",\"url\":\"https:\/\/liked.hu\/old\/\",\"name\":\"Liked.hu\",\"description\":\"\",\"publisher\":{\"@id\":\"https:\/\/liked.hu\/old\/#organization\"},\"potentialAction\":[{\"@type\":\"SearchAction\",\"target\":{\"@type\":\"EntryPoint\",\"urlTemplate\":\"https:\/\/liked.hu\/old\/?s={search_term_string}\"},\"query-input\":\"required name=search_term_string\"}],\"inLanguage\":\"hu\"},{\"@type\":\"Organization\",\"@id\":\"https:\/\/liked.hu\/old\/#organization\",\"name\":\"Liked.hu\",\"url\":\"https:\/\/liked.hu\/old\/\",\"sameAs\":[\"https:\/\/hu.pinterest.com\/likedhungary\/\",\"https:\/\/www.youtube.com\/channel\/UCPv91dbMoIukYcM9b9nHN6Q\",\"https:\/\/www.facebook.com\/liked.hu\",\"https:\/\/twitter.com\/LikedHu\"],\"logo\":{\"@type\":\"ImageObject\",\"inLanguage\":\"hu\",\"@id\":\"https:\/\/liked.hu\/old\/#\/schema\/logo\/image\/\",\"url\":\"https:\/\/liked.hu\/wp-content\/uploads\/2018\/08\/Liked-icon.png\",\"contentUrl\":\"https:\/\/liked.hu\/wp-content\/uploads\/2018\/08\/Liked-icon.png\",\"width\":512,\"height\":512,\"caption\":\"Liked.hu\"},\"image\":{\"@id\":\"https:\/\/liked.hu\/old\/#\/schema\/logo\/image\/\"}},{\"@type\":\"Person\",\"@id\":\"https:\/\/liked.hu\/old\/#\/schema\/person\/8b92210be73c8af1a8255bd30ebe772b\",\"name\":\"Tiborc\",\"image\":{\"@type\":\"ImageObject\",\"inLanguage\":\"hu\",\"@id\":\"https:\/\/liked.hu\/old\/#\/schema\/person\/image\/\",\"url\":\"https:\/\/liked.hu\/old\/wp-content\/uploads\/avatars\/7\/604de8ed2ffd6-bpfull.jpg\",\"contentUrl\":\"https:\/\/liked.hu\/old\/wp-content\/uploads\/avatars\/7\/604de8ed2ffd6-bpfull.jpg\",\"caption\":\"Tiborc\"},\"url\":\"https:\/\/liked.hu\/old\/u\/tiborc\/\"}]}<\/script>\n<!-- \/ Yoast SEO plugin. -->","yoast_head_json":{"title":"18 meglep\u0151 t\u00e9ny a k\u00fcl\u00f6nb\u00f6z\u0151 orsz\u00e1gok z\u00e1szlajair\u00f3l (spoiler: m\u00e1rcius 16-a a magyar z\u00e1szl\u00f3 napja)","description":"Mindenki, aki l\u00e1tta az Agymen\u0151k c\u00edm\u0171 sorozatot, annak val\u00f3sz\u00edn\u0171leg ismer\u0151s lehet a Sheldon Cooper-f\u00e9le \u201eM\u00f3ka \u00e9s Z\u00e1szl\u00f3k\u201d, melyben a k\u00fcl\u00f6nb\u00f6z\u0151 orsz\u00e1gok","robots":{"index":"index","follow":"follow","max-snippet":"max-snippet:-1","max-image-preview":"max-image-preview:large","max-video-preview":"max-video-preview:-1"},"canonical":"https:\/\/liked.hu\/old\/erdekes\/18-meglepo-teny-a-kulonbozo-orszagok-zaszlajairol-spoiler-marcius-16-a-a-magyar-zaszlo-napja\/","og_locale":"hu_HU","og_type":"article","og_title":"18 meglep\u0151 t\u00e9ny a k\u00fcl\u00f6nb\u00f6z\u0151 orsz\u00e1gok z\u00e1szlajair\u00f3l (spoiler: m\u00e1rcius 16-a a magyar z\u00e1szl\u00f3 napja)","og_description":"Mindenki, aki l\u00e1tta az Agymen\u0151k c\u00edm\u0171 sorozatot, annak val\u00f3sz\u00edn\u0171leg ismer\u0151s lehet a Sheldon Cooper-f\u00e9le \u201eM\u00f3ka \u00e9s Z\u00e1szl\u00f3k\u201d, melyben a k\u00fcl\u00f6nb\u00f6z\u0151 orsz\u00e1gok","og_url":"https:\/\/liked.hu\/old\/erdekes\/18-meglepo-teny-a-kulonbozo-orszagok-zaszlajairol-spoiler-marcius-16-a-a-magyar-zaszlo-napja\/","og_site_name":"Liked.hu","article_publisher":"https:\/\/www.facebook.com\/liked.hu","article_published_time":"2019-10-17T18:31:24+00:00","article_modified_time":"2022-09-06T09:59:54+00:00","og_image":[{"width":1200,"height":630,"url":"https:\/\/liked.hu\/old\/wp-content\/uploads\/2019\/10\/Erdekes-tenyek-a-zaszlokrol.jpg","type":"image\/jpeg"}],"author":"Tiborc","twitter_card":"summary","twitter_creator":"@LikedHu","twitter_site":"@LikedHu","twitter_misc":{"Szerz\u0151:":"Tiborc","Becs\u00fclt olvas\u00e1si id\u0151":"1 perc"},"schema":{"@context":"https:\/\/schema.org","@graph":[{"@type":"Article","@id":"https:\/\/liked.hu\/old\/erdekes\/18-meglepo-teny-a-kulonbozo-orszagok-zaszlajairol-spoiler-marcius-16-a-a-magyar-zaszlo-napja\/#article","isPartOf":{"@id":"https:\/\/liked.hu\/old\/erdekes\/18-meglepo-teny-a-kulonbozo-orszagok-zaszlajairol-spoiler-marcius-16-a-a-magyar-zaszlo-napja\/"},"author":{"name":"Tiborc","@id":"https:\/\/liked.hu\/old\/#\/schema\/person\/8b92210be73c8af1a8255bd30ebe772b"},"headline":"18 meglep\u0151 t\u00e9ny a k\u00fcl\u00f6nb\u00f6z\u0151 orsz\u00e1gok z\u00e1szlajair\u00f3l (spoiler: m\u00e1rcius 16-a a magyar z\u00e1szl\u00f3 napja)","datePublished":"2019-10-17T18:31:24+00:00","dateModified":"2022-09-06T09:59:54+00:00","mainEntityOfPage":{"@id":"https:\/\/liked.hu\/old\/erdekes\/18-meglepo-teny-a-kulonbozo-orszagok-zaszlajairol-spoiler-marcius-16-a-a-magyar-zaszlo-napja\/"},"wordCount":172,"commentCount":0,"publisher":{"@id":"https:\/\/liked.hu\/old\/#organization"},"keywords":["lobog\u00f3","Ma tudtam meg!","z\u00e1szl\u00f3"],"articleSection":["\u00c9rdekess\u00e9gek"],"inLanguage":"hu","potentialAction":[{"@type":"CommentAction","name":"Comment","target":["https:\/\/liked.hu\/old\/erdekes\/18-meglepo-teny-a-kulonbozo-orszagok-zaszlajairol-spoiler-marcius-16-a-a-magyar-zaszlo-napja\/#respond"]}]},{"@type":"WebPage","@id":"https:\/\/liked.hu\/old\/erdekes\/18-meglepo-teny-a-kulonbozo-orszagok-zaszlajairol-spoiler-marcius-16-a-a-magyar-zaszlo-napja\/","url":"https:\/\/liked.hu\/old\/erdekes\/18-meglepo-teny-a-kulonbozo-orszagok-zaszlajairol-spoiler-marcius-16-a-a-magyar-zaszlo-napja\/","name":"18 meglep\u0151 t\u00e9ny a k\u00fcl\u00f6nb\u00f6z\u0151 orsz\u00e1gok z\u00e1szlajair\u00f3l (spoiler: m\u00e1rcius 16-a a magyar z\u00e1szl\u00f3 napja)","isPartOf":{"@id":"https:\/\/liked.hu\/old\/#website"},"datePublished":"2019-10-17T18:31:24+00:00","dateModified":"2022-09-06T09:59:54+00:00","description":"Mindenki, aki l\u00e1tta az Agymen\u0151k c\u00edm\u0171 sorozatot, annak val\u00f3sz\u00edn\u0171leg ismer\u0151s lehet a Sheldon Cooper-f\u00e9le \u201eM\u00f3ka \u00e9s Z\u00e1szl\u00f3k\u201d, melyben a k\u00fcl\u00f6nb\u00f6z\u0151 orsz\u00e1gok","breadcrumb":{"@id":"https:\/\/liked.hu\/old\/erdekes\/18-meglepo-teny-a-kulonbozo-orszagok-zaszlajairol-spoiler-marcius-16-a-a-magyar-zaszlo-napja\/#breadcrumb"},"inLanguage":"hu","potentialAction":[{"@type":"ReadAction","target":["https:\/\/liked.hu\/old\/erdekes\/18-meglepo-teny-a-kulonbozo-orszagok-zaszlajairol-spoiler-marcius-16-a-a-magyar-zaszlo-napja\/"]}]},{"@type":"BreadcrumbList","@id":"https:\/\/liked.hu\/old\/erdekes\/18-meglepo-teny-a-kulonbozo-orszagok-zaszlajairol-spoiler-marcius-16-a-a-magyar-zaszlo-napja\/#breadcrumb","itemListElement":[{"@type":"ListItem","position":1,"name":"Kezd\u0151lap","item":"https:\/\/liked.hu\/old\/"},{"@type":"ListItem","position":2,"name":"18 meglep\u0151 t\u00e9ny a k\u00fcl\u00f6nb\u00f6z\u0151 orsz\u00e1gok z\u00e1szlajair\u00f3l (spoiler: m\u00e1rcius 16-a a magyar z\u00e1szl\u00f3 napja)"}]},{"@type":"WebSite","@id":"https:\/\/liked.hu\/old\/#website","url":"https:\/\/liked.hu\/old\/","name":"Liked.hu","description":"","publisher":{"@id":"https:\/\/liked.hu\/old\/#organization"},"potentialAction":[{"@type":"SearchAction","target":{"@type":"EntryPoint","urlTemplate":"https:\/\/liked.hu\/old\/?s={search_term_string}"},"query-input":"required name=search_term_string"}],"inLanguage":"hu"},{"@type":"Organization","@id":"https:\/\/liked.hu\/old\/#organization","name":"Liked.hu","url":"https:\/\/liked.hu\/old\/","sameAs":["https:\/\/hu.pinterest.com\/likedhungary\/","https:\/\/www.youtube.com\/channel\/UCPv91dbMoIukYcM9b9nHN6Q","https:\/\/www.facebook.com\/liked.hu","https:\/\/twitter.com\/LikedHu"],"logo":{"@type":"ImageObject","inLanguage":"hu","@id":"https:\/\/liked.hu\/old\/#\/schema\/logo\/image\/","url":"https:\/\/liked.hu\/wp-content\/uploads\/2018\/08\/Liked-icon.png","contentUrl":"https:\/\/liked.hu\/wp-content\/uploads\/2018\/08\/Liked-icon.png","width":512,"height":512,"caption":"Liked.hu"},"image":{"@id":"https:\/\/liked.hu\/old\/#\/schema\/logo\/image\/"}},{"@type":"Person","@id":"https:\/\/liked.hu\/old\/#\/schema\/person\/8b92210be73c8af1a8255bd30ebe772b","name":"Tiborc","image":{"@type":"ImageObject","inLanguage":"hu","@id":"https:\/\/liked.hu\/old\/#\/schema\/person\/image\/","url":"https:\/\/liked.hu\/old\/wp-content\/uploads\/avatars\/7\/604de8ed2ffd6-bpfull.jpg","contentUrl":"https:\/\/liked.hu\/old\/wp-content\/uploads\/avatars\/7\/604de8ed2ffd6-bpfull.jpg","caption":"Tiborc"},"url":"https:\/\/liked.hu\/old\/u\/tiborc\/"}]}},"publishpress_future_action":{"enabled":false,"date":"1970-01-01 01:00:00","action":"","terms":[],"taxonomy":"","browser_timezone_offset":0},"_links":{"self":[{"href":"https:\/\/liked.hu\/old\/wp-json\/wp\/v2\/posts\/173535"}],"collection":[{"href":"https:\/\/liked.hu\/old\/wp-json\/wp\/v2\/posts"}],"about":[{"href":"https:\/\/liked.hu\/old\/wp-json\/wp\/v2\/types\/post"}],"author":[{"embeddable":true,"href":"https:\/\/liked.hu\/old\/wp-json\/wp\/v2\/users\/7"}],"replies":[{"embeddable":true,"href":"https:\/\/liked.hu\/old\/wp-json\/wp\/v2\/comments?post=173535"}],"version-history":[{"count":0,"href":"https:\/\/liked.hu\/old\/wp-json\/wp\/v2\/posts\/173535\/revisions"}],"wp:featuredmedia":[{"embeddable":true,"href":"https:\/\/liked.hu\/old\/wp-json\/wp\/v2\/media\/173540"}],"wp:attachment":[{"href":"https:\/\/liked.hu\/old\/wp-json\/wp\/v2\/media?parent=173535"}],"wp:term":[{"taxonomy":"category","embeddable":true,"href":"https:\/\/liked.hu\/old\/wp-json\/wp\/v2\/categories?post=173535"},{"taxonomy":"post_tag","embeddable":true,"href":"https:\/\/liked.hu\/old\/wp-json\/wp\/v2\/tags?post=173535"}],"curies":[{"name":"wp","href":"https:\/\/api.w.org\/{rel}","templated":true}]}}