{"id":165121,"date":"2023-12-01T04:35:09","date_gmt":"2023-12-01T03:35:09","guid":{"rendered":"https:\/\/liked.hu\/old\/?p=165121"},"modified":"2023-12-01T04:35:20","modified_gmt":"2023-12-01T03:35:20","slug":"13-teny-a-vilag-egyik-legzarkozottabb-orszagarol-ami-sok-szempontbol-meg-eszak-koreat-is-kenterbe-veri","status":"publish","type":"post","link":"https:\/\/liked.hu\/old\/erdekes\/13-teny-a-vilag-egyik-legzarkozottabb-orszagarol-ami-sok-szempontbol-meg-eszak-koreat-is-kenterbe-veri\/","title":{"rendered":"13 t\u00e9ny a vil\u00e1g egyik legz\u00e1rk\u00f3zottabb orsz\u00e1g\u00e1r\u00f3l, ami sok szempontb\u00f3l m\u00e9g \u00c9szak-Kore\u00e1t is kenterbe veri"},"content":{"rendered":"<p>K\u00f6ztudott, hogy \u00c9szak-Kore\u00e1ban milyen szigor\u00fa szab\u00e1lyok \u00e9s t\u00f6rv\u00e9nyek szerint \u00e9lik az \u00e9let\u00fcket az emberek, azt viszont kevesen, hogy j\u00f3val k\u00f6zelebb is tal\u00e1lhat\u00f3 egy hasonl\u00f3an szigor\u00fa, bizonyos szempontb\u00f3l m\u00e9g szigor\u00fabb orsz\u00e1g. Ebbe az orsz\u00e1gba a k\u00fclf\u00f6ldiek sz\u00e1m\u00e1ra majdhogynem lehetetlen a bel\u00e9p\u00e9s, a helyi lakosok t\u00f6bbs\u00e9ge pedig soha nem hagyhatja el haz\u00e1j\u00e1t. Err\u0151l az orsz\u00e1gr\u00f3l nem fogsz k\u00e9peket tal\u00e1lni a k\u00f6z\u00f6ss\u00e9gi m\u00e9di\u00e1ban, mivel tilos f\u00e9nyk\u00e9pet k\u00e9sz\u00edteni, a helyi lakosok internethez val\u00f3 hozz\u00e1f\u00e9r\u00e9se pedig nehezebb, mint K\u00edn\u00e1ban. Minden k\u00fclf\u00f6ldi m\u00e9di\u00e1t letiltanak, a k\u00fclf\u00f6ldr\u0151l behozott irodalmat pedig b\u0171ncselekm\u00e9nynek tekintik.<\/p>\n\n<div style=\"float:none;margin:0px 0 0px 0;text-align:center;\">\n<div class=\"mobileShowkakettes\"><div class=\"mobileShowka2\"><div style=\"padding-top:0px;padding-bottom:15px;min-height: 300px;\"><div class=\"hirdetes\">HIRDET\u00c9S<\/div>\n<!-- 300lista -->\n<ins class=\"adsbygoogle\"\n     style=\"display:inline-block;width:300px;height:250px\"\n     data-ad-client=\"ca-pub-9424088931673893\"\n     data-ad-slot=\"8471340766\"><\/ins>\n<script async>\n     (adsbygoogle = window.adsbygoogle || []).push({});\n<\/script><\/div><\/div><\/div><\/div>\n\n<p>Cikk\u00fcnkben most ritkas\u00e1gsz\u00e1mba men\u0151 f\u00e9nyk\u00e9peket \u00e9s sokkol\u00f3 t\u00e9nyeket gy\u0171jt\u00f6tt\u00fcnk \u00f6ssze a vil\u00e1g egyik legz\u00e1rk\u00f3zottabb orsz\u00e1g\u00e1r\u00f3l \u2013&nbsp;<strong>T\u00fcrkmeniszt\u00e1nr\u00f3l<\/strong>.<\/p>\n<div id=\"zombify-main-section-front\" class=\"zombify-main-section-front zombify-screen zf-media-full zf-screen-sm\">\n<div class=\"zf-container\">\n<div id=\"zf-countdown\" class=\"zf-countdown zf-list zf-numbered\">\n<ol class=\"zf-structure-list\">\n<li style=\"list-style-type: none;\">\n<ol class=\"zf-structure-list\">\n<li class=\"zf-list_item\">\n<div class=\"zf-list_header\">\n<h3 id=\"13\" class=\"zf-list_title\"><span class=\"zf-number\">13<\/span>&nbsp;A k\u00fclf\u00f6ldi v\u0151leg\u00e9nynek 50 ezer doll\u00e1rt kellett fizetnie az \u00e1llamnak a menyasszony\u00e9rt.<\/h3>\n<\/div>\n<figure class=\"zf-list_media zf-media-wrapper zf-image zf-type-image\">\n<div class=\"zf-media\" title=\"A k\u00fclf\u00f6ldi v\u0151leg\u00e9nynek 50 ezer doll\u00e1rt kellett fizetnie az \u00e1llamnak a menyasszony\u00e9rt.\">\n<div class=\"zf-media\" title=\"A k\u00fclf\u00f6ldi v\u0151leg\u00e9nynek 50 ezer doll\u00e1rt kellett fizetnie az \u00e1llamnak a menyasszony\u00e9rt.\">\n<div class=\"bb-media-placeholder\"><img loading=\"lazy\" class=\"\" src=\"https:\/\/liked.hu\/old\/wp-content\/uploads\/2019\/09\/7177865-image-crop-2000x1457-1563785316-728-f15530baa0-1564042884.jpg\" sizes=\"(max-width: 728px) 100vw, 728px\" srcset=\"https:\/\/liked.hu\/old\/wp-content\/uploads\/2019\/09\/7177865-image-crop-2000x1457-1563785316-728-f15530baa0-1564042884.jpg 728w, https:\/\/liked.hu\/old\/wp-content\/uploads\/2019\/09\/7177865-image-crop-2000x1457-1563785316-728-f15530baa0-1564042884-300x218.jpg 300w, https:\/\/liked.hu\/old\/wp-content\/uploads\/2019\/09\/7177865-image-crop-2000x1457-1563785316-728-f15530baa0-1564042884-500x364.jpg 500w, https:\/\/liked.hu\/old\/wp-content\/uploads\/2019\/09\/7177865-image-crop-2000x1457-1563785316-728-f15530baa0-1564042884-360x262.jpg 360w, https:\/\/liked.hu\/old\/wp-content\/uploads\/2019\/09\/7177865-image-crop-2000x1457-1563785316-728-f15530baa0-1564042884-545x397.jpg 545w\" alt=\"\" width=\"728\" height=\"530\"><\/div>\n<\/div>\n<\/div><figcaption class=\"zf-figcaption\"><cite><a class=\"zf-media_credit\" href=\"https:\/\/liked.hu\/old\/kimeno.php?https:\/\/liked.hu\/old\/kimeno.php?https:\/\/www.telegraph.co.uk\/news\/worldnews\/asia\/turkmenistan\/1334919\/Price-of-loving-a-Turkmen-girl-is-now-50000.html\" target=\"_blank\" rel=\"nofollow noopener\">telegraph.co.uk<\/a><\/cite><\/figcaption><\/figure>\n<div class=\"zf-countdown_description\">\n<p>2001-ben az orsz\u00e1gban t\u00f6rv\u00e9nyt vezettek be, mely szerint a k\u00fclf\u00f6ldi f\u00e9rfiaknak 50 ezer doll\u00e1rt kell fizetni\u00fck a t\u00fcrkm\u00e9n \u00e1llam biztos\u00edt\u00e1si szervezet\u00e9nek sz\u00e1ml\u00e1j\u00e1ra, ha helyi l\u00e1nnyal akarnak h\u00e1zasodni. Az \u00faj eln\u00f6k 2007-ben visszavonta a sok helyen csak \u201ev\u00e1lts\u00e1gd\u00edjk\u00e9nt\u201d emlegetett rendeletet.<\/p>\n<p>A h\u00e1zass\u00e1g felt\u00e9telei azonban most sem j\u00f6vedelmez\u0151bbek. A h\u00e1zass\u00e1ghoz az embereknek legal\u00e1bb egy \u00e9vig egy\u00fctt kell \u00e9lni\u00fck j\u00f6v\u0151beli h\u00e1zast\u00e1rs\u00e1val T\u00fcrkmeniszt\u00e1nban. A f\u00e9rj csakis helyi ingatlantulajdonos lehet, azaz egy k\u00fclf\u00f6ldinek lak\u00e1st kell v\u00e1s\u00e1rolnia T\u00fcrkmeniszt\u00e1nban, ha feles\u00e9g\u00fcl akar venni egy helyi l\u00e1nyt. A h\u00e1zass\u00e1gi szerz\u0151d\u00e9sben benne van, hogy v\u00e1l\u00e1s eset\u00e9n ezt az ingatlant egyenl\u0151 r\u00e9szben osztj\u00e1k fel a felek k\u00f6z\u00f6tt.<\/p>\n<\/div>\n<\/li>\n<li class=\"zf-list_item\">\n<div class=\"zf-list_header\">\n<h3 id=\"12\" class=\"zf-list_title\"><span class=\"zf-number\">12<\/span>&nbsp;Tiltottak az aranyfogak.<\/h3>\n<\/div>\n<figure class=\"zf-list_media zf-media-wrapper zf-image zf-type-image\">\n<div class=\"zf-media\" title=\"Tiltottak az aranyfogak.\">\n<div class=\"zf-media\" title=\"Tiltottak az aranyfogak.\">\n<div class=\"bb-media-placeholder\"><img loading=\"lazy\" class=\"\" src=\"https:\/\/liked.hu\/old\/wp-content\/uploads\/2019\/09\/7177315-Independence_Day_Parade_-_Flickr_-_Kerri-Jo_251-1563517121-728-c594df844d-1564042884.jpg\" sizes=\"(max-width: 728px) 100vw, 728px\" srcset=\"https:\/\/liked.hu\/old\/wp-content\/uploads\/2019\/09\/7177315-Independence_Day_Parade_-_Flickr_-_Kerri-Jo_251-1563517121-728-c594df844d-1564042884.jpg 728w, https:\/\/liked.hu\/old\/wp-content\/uploads\/2019\/09\/7177315-Independence_Day_Parade_-_Flickr_-_Kerri-Jo_251-1563517121-728-c594df844d-1564042884-300x199.jpg 300w, https:\/\/liked.hu\/old\/wp-content\/uploads\/2019\/09\/7177315-Independence_Day_Parade_-_Flickr_-_Kerri-Jo_251-1563517121-728-c594df844d-1564042884-500x332.jpg 500w, https:\/\/liked.hu\/old\/wp-content\/uploads\/2019\/09\/7177315-Independence_Day_Parade_-_Flickr_-_Kerri-Jo_251-1563517121-728-c594df844d-1564042884-360x239.jpg 360w, https:\/\/liked.hu\/old\/wp-content\/uploads\/2019\/09\/7177315-Independence_Day_Parade_-_Flickr_-_Kerri-Jo_251-1563517121-728-c594df844d-1564042884-545x362.jpg 545w\" alt=\"\" width=\"728\" height=\"483\"><\/div>\n<\/div>\n<\/div><figcaption class=\"zf-figcaption\"><cite><a class=\"zf-media_credit\" href=\"https:\/\/liked.hu\/old\/kimeno.php?https:\/\/liked.hu\/old\/kimeno.php?https:\/\/www.telegraph.co.uk\/news\/worldnews\/asia\/turkmenistan\/1460852\/A-peep-into-the-strange-world-of-Turkmenbashi-whose-every-word-is-law.html\" target=\"_blank\" rel=\"nofollow noopener\">telegraph.co.uk<\/a><\/cite><\/figcaption><\/figure>\n<div class=\"zf-countdown_description\">\n<p>2004-ben a k\u00f6ztisztvisel\u0151knek megtiltott\u00e1k az aranyfogak behelyez\u00e9s\u00e9t, b\u00e1r kicsit k\u00e9s\u0151bb enyh\u00edtett\u00e9k ennek szab\u00e1lyait. Az orsz\u00e1gban tov\u00e1bbra is szigor\u00fa \u201edress code\u201d van \u00e9letben \u2013 a fiataloknak tilos a hossz\u00fa haj, a szak\u00e1ll \u00e9s a bajusz. A l\u00e1nyok nem viselhetnek nyilv\u00e1nos helyen r\u00f6vid szokny\u00e1t.<\/p>\n<p>Az iskol\u00e1kban a l\u00e1nyokn\u00e1l gyakran ellen\u0151rzik, hogy a ruh\u00e1juk alatt van-e hagyom\u00e1nyos h\u00edmz\u00e9ssel ell\u00e1tott nadr\u00e1g, a k\u00f6ztisztvisel\u0151k pedig nem haszn\u00e1lhatnak k\u00f6r\u00f6mlakkot vagy m\u0171szempill\u00e1t.<\/p>\n\n<div style=\"float:none;margin:0px 0 0px 0;text-align:center;\">\n<div class=\"mobileHideke5\"><div style=\"margin-top:25px;\"><div class=\"hirdeteshatter\"><div style=\"display: inline-block;width: 50%;min-width:305px;vertical-align: top;\"><div class=\"hirdetes\">HIRDET\u00c9S<\/div>\n<!-- LikedQ51 -->\n<ins class=\"adsbygoogle\"\n     style=\"display:inline-block;width:300px;height:250px\"\n     data-ad-client=\"ca-pub-9424088931673893\"\n     data-ad-slot=\"8284063326\"><\/ins>\n<script async>\n     (adsbygoogle = window.adsbygoogle || []).push({});\n<\/script><\/div><div style=\"display: inline-block;width: 50%;min-width:305px;vertical-align: top;\"><div class=\"hirdetes\">HIRDET\u00c9S<\/div>\n<!-- LikedQ52 -->\n<ins class=\"adsbygoogle\"\n     style=\"display:inline-block;width:300px;height:250px\"\n     data-ad-client=\"ca-pub-9424088931673893\"\n     data-ad-slot=\"2840164950\"><\/ins>\n<script async>\n     (adsbygoogle = window.adsbygoogle || []).push({});\n<\/script><\/div><\/div><\/div><\/div>\n<div style=\"display:flex;flex-direction:column;\"><div class=\"mobileShowka5\"><div style=\"padding-top:10px;padding-bottom:10px;min-height: 300px;\"><div class=\"hirdetes\">HIRDET\u00c9S<\/div>\n<!-- LikedQ5M -->\n<ins class=\"adsbygoogle\"\n     style=\"display:inline-block;width:300px;height:250px\"\n     data-ad-client=\"ca-pub-9424088931673893\"\n     data-ad-slot=\"9022429928\"><\/ins>\n<script async>\n     (adsbygoogle = window.adsbygoogle || []).push({});\n<\/script><\/div><\/div><\/div><\/div>\n\n<\/div>\n<\/li>\n<li class=\"zf-list_item\">\n<div class=\"zf-list_header\">\n<h3 id=\"11\" class=\"zf-list_title\"><span class=\"zf-number\">11<\/span>&nbsp;Csak az eln\u00f6k festheti a haj\u00e1t.<\/h3>\n<\/div>\n<figure class=\"zf-list_media zf-media-wrapper zf-image zf-type-image\">\n<div class=\"zf-media\" title=\"Csak az eln\u00f6k festheti a haj\u00e1t.\">\n<div class=\"zf-media\" title=\"Csak az eln\u00f6k festheti a haj\u00e1t.\">\n<div class=\"bb-media-placeholder\"><img loading=\"lazy\" class=\"\" src=\"https:\/\/liked.hu\/old\/wp-content\/uploads\/2019\/09\/7176815-15539760-ed3f9e888db366ce66eef21128d09d2494ca1144-1500-1-1563863183-728-e1208026d7-1564042884.jpg\" sizes=\"(max-width: 728px) 100vw, 728px\" srcset=\"https:\/\/liked.hu\/old\/wp-content\/uploads\/2019\/09\/7176815-15539760-ed3f9e888db366ce66eef21128d09d2494ca1144-1500-1-1563863183-728-e1208026d7-1564042884.jpg 728w, https:\/\/liked.hu\/old\/wp-content\/uploads\/2019\/09\/7176815-15539760-ed3f9e888db366ce66eef21128d09d2494ca1144-1500-1-1563863183-728-e1208026d7-1564042884-300x173.jpg 300w, https:\/\/liked.hu\/old\/wp-content\/uploads\/2019\/09\/7176815-15539760-ed3f9e888db366ce66eef21128d09d2494ca1144-1500-1-1563863183-728-e1208026d7-1564042884-500x288.jpg 500w, https:\/\/liked.hu\/old\/wp-content\/uploads\/2019\/09\/7176815-15539760-ed3f9e888db366ce66eef21128d09d2494ca1144-1500-1-1563863183-728-e1208026d7-1564042884-360x207.jpg 360w, https:\/\/liked.hu\/old\/wp-content\/uploads\/2019\/09\/7176815-15539760-ed3f9e888db366ce66eef21128d09d2494ca1144-1500-1-1563863183-728-e1208026d7-1564042884-545x314.jpg 545w\" alt=\"\" width=\"728\" height=\"419\"><\/div>\n<\/div>\n<\/div><figcaption class=\"zf-figcaption\"><cite><a class=\"zf-media_credit\" href=\"https:\/\/liked.hu\/old\/kimeno.php?https:\/\/liked.hu\/old\/kimeno.php?https:\/\/en.hronikatm.com\/2018\/04\/after-the-ban-to-bleach-hair-turkmen-customs-prohibits-import-of-hair-colours\/\" target=\"_blank\" rel=\"nofollow noopener\">hronikatm.com<\/a><\/cite><\/figcaption><\/figure>\n<div class=\"zf-countdown_description\">\n<p>Minden lakos sz\u00e1m\u00e1ra tilos a kozmetikumok haszn\u00e1lata, m\u00e9g a telev\u00edzi\u00f3s alkalmazottak sem haszn\u00e1lhatnak ilyeneket. T\u00fcrkmeniszt\u00e1nban tilos arany \u00e9kszereket viselni \u00e9s hajat festetni \u2013 csak az orsz\u00e1g eln\u00f6ke engedheti meg mag\u00e1nak.<\/p>\n<\/div>\n<\/li>\n<li class=\"zf-list_item\">\n<div class=\"zf-list_header\">\n<h3 id=\"10\" class=\"zf-list_title\"><span class=\"zf-number\">10<\/span>&nbsp;A h\u00f3napokat az uralkod\u00f3k \u00e9s hozz\u00e1tartoz\u00f3ikr\u00f3l nevezt\u00e9k el.<\/h3>\n<\/div>\n<figure class=\"zf-list_media zf-media-wrapper zf-image zf-type-image\">\n<div class=\"zf-media\" title=\"A h\u00f3napokat az uralkod\u00f3k \u00e9s hozz\u00e1tartoz\u00f3ikr\u00f3l nevezt\u00e9k el.\">\n<div class=\"zf-media\" title=\"A h\u00f3napokat az uralkod\u00f3k \u00e9s hozz\u00e1tartoz\u00f3ikr\u00f3l nevezt\u00e9k el.\">\n<div class=\"bb-media-placeholder\"><img loading=\"lazy\" class=\"\" src=\"https:\/\/liked.hu\/old\/wp-content\/uploads\/2019\/09\/7177215-15552010-b82bfd05c527d3b32135da523b150bd380422f8c-1500-1-1563863804-728-e6dc262fc6-1564042884.jpg\" sizes=\"(max-width: 728px) 100vw, 728px\" srcset=\"https:\/\/liked.hu\/old\/wp-content\/uploads\/2019\/09\/7177215-15552010-b82bfd05c527d3b32135da523b150bd380422f8c-1500-1-1563863804-728-e6dc262fc6-1564042884.jpg 728w, https:\/\/liked.hu\/old\/wp-content\/uploads\/2019\/09\/7177215-15552010-b82bfd05c527d3b32135da523b150bd380422f8c-1500-1-1563863804-728-e6dc262fc6-1564042884-300x200.jpg 300w, https:\/\/liked.hu\/old\/wp-content\/uploads\/2019\/09\/7177215-15552010-b82bfd05c527d3b32135da523b150bd380422f8c-1500-1-1563863804-728-e6dc262fc6-1564042884-500x333.jpg 500w, https:\/\/liked.hu\/old\/wp-content\/uploads\/2019\/09\/7177215-15552010-b82bfd05c527d3b32135da523b150bd380422f8c-1500-1-1563863804-728-e6dc262fc6-1564042884-360x240.jpg 360w, https:\/\/liked.hu\/old\/wp-content\/uploads\/2019\/09\/7177215-15552010-b82bfd05c527d3b32135da523b150bd380422f8c-1500-1-1563863804-728-e6dc262fc6-1564042884-545x363.jpg 545w\" alt=\"\" width=\"728\" height=\"485\"><\/div>\n<\/div>\n<\/div><figcaption class=\"zf-figcaption\"><cite><a class=\"zf-media_credit\" href=\"https:\/\/liked.hu\/old\/kimeno.php?https:\/\/liked.hu\/old\/kimeno.php?https:\/\/www.bbc.com\/news\/world-asia-16098048\" target=\"_blank\" rel=\"nofollow noopener\">bbc.com<\/a><\/cite><\/figcaption><\/figure>\n<div class=\"zf-countdown_description\">\n<p>T\u00fcrkmeniszt\u00e1n els\u0151 eln\u00f6k\u00e9t, Saparmyrat Ny\u00fdazow-ot m\u00e9g maga Kim Dzsongun is irigyelte szem\u00e9lyis\u00e9ge miatt \u2013 nem volt egy aranyos ember. Janu\u00e1r h\u00f3napot a saj\u00e1t nev\u00e9re neveztette \u00e1t, \u00e1prilist pedig az elhunyt \u00e9desanyja nev\u00e9re.<\/p>\n<p>Az orsz\u00e1g vezet\u0151je tisztelet\u00e9re T\u00fcrkmeniszt\u00e1nban t\u00f6bb mint 14 ezer m\u0171eml\u00e9ket \u00e9p\u00edtettek. Legismertebb m\u0171eml\u00e9ke tal\u00e1n a Asgabat v\u00e1rosban tal\u00e1lhat \u201eSemlegess\u00e9g m\u0171eml\u00e9ke\u201d c\u00edm\u0171 szobor, mely 10 milli\u00f3 doll\u00e1rb\u00f3l \u00e9p\u00fclt. A szobor tetej\u00e9t az eln\u00f6k hatalmas, 14 m\u00e9ter magas arany szobra \u00e9kes\u00edti, mely minden nap k\u00f6veti a nap mozg\u00e1s\u00e1t az \u00e9gbolton.<\/p>\n<\/div>\n<\/li>\n<li class=\"zf-list_item\">\n<div class=\"zf-list_header\">\n<h3 id=\"9\" class=\"zf-list_title\"><span class=\"zf-number\">9<\/span>&nbsp;Tiltott az AIDS, az opera \u00e9s a balett.<\/h3>\n<\/div>\n<figure class=\"zf-list_media zf-media-wrapper zf-image zf-type-image\">\n<div class=\"zf-media\" title=\"Tiltott az AIDS, az opera \u00e9s a balett.\">\n<div class=\"zf-media\" title=\"Tiltott az AIDS, az opera \u00e9s a balett.\">\n<div class=\"bb-media-placeholder\"><img loading=\"lazy\" class=\"\" src=\"https:\/\/liked.hu\/old\/wp-content\/uploads\/2019\/09\/7177265-Independence_Day_Parade_-_Flickr_-_Kerri-Jo_270-1563517306-728-7f30e5fec1-1564042884.jpg\" sizes=\"(max-width: 728px) 100vw, 728px\" srcset=\"https:\/\/liked.hu\/old\/wp-content\/uploads\/2019\/09\/7177265-Independence_Day_Parade_-_Flickr_-_Kerri-Jo_270-1563517306-728-7f30e5fec1-1564042884.jpg 728w, https:\/\/liked.hu\/old\/wp-content\/uploads\/2019\/09\/7177265-Independence_Day_Parade_-_Flickr_-_Kerri-Jo_270-1563517306-728-7f30e5fec1-1564042884-300x199.jpg 300w, https:\/\/liked.hu\/old\/wp-content\/uploads\/2019\/09\/7177265-Independence_Day_Parade_-_Flickr_-_Kerri-Jo_270-1563517306-728-7f30e5fec1-1564042884-500x332.jpg 500w, https:\/\/liked.hu\/old\/wp-content\/uploads\/2019\/09\/7177265-Independence_Day_Parade_-_Flickr_-_Kerri-Jo_270-1563517306-728-7f30e5fec1-1564042884-360x239.jpg 360w, https:\/\/liked.hu\/old\/wp-content\/uploads\/2019\/09\/7177265-Independence_Day_Parade_-_Flickr_-_Kerri-Jo_270-1563517306-728-7f30e5fec1-1564042884-545x362.jpg 545w\" alt=\"\" width=\"728\" height=\"483\"><\/div>\n<\/div>\n<\/div><figcaption class=\"zf-figcaption\"><cite><a class=\"zf-media_credit\" href=\"https:\/\/liked.hu\/old\/kimeno.php?https:\/\/liked.hu\/old\/kimeno.php?https:\/\/www.reuters.com\/article\/us-turkmenistan-opera\/turkmenistan-ends-ban-on-opera-and-circus-idUSL2129776520080121\" target=\"_blank\" rel=\"nofollow noopener\">reuters.com<\/a><\/cite><\/figcaption><\/figure>\n<div class=\"zf-countdown_description\">\n<p>2001-ben T\u00fcrkmenba\u015fy-ban betiltott\u00e1k a balettet \u00e9s az oper\u00e1t. Az eln\u00f6k nem sokkal k\u00e9s\u0151bb az \u00f6sszes fert\u0151z\u0151 betegs\u00e9get illeg\u00e1lisnak nyilv\u00e1n\u00edtotta. Az AIDS, a kolera \u00e9s a hozz\u00e1juk hasonl\u00f3 betegs\u00e9gek eml\u00edt\u00e9se is tilos.<\/p>\n\n<div style=\"float:none;margin:0px 0 0px 0;text-align:center;\">\n<div class=\"mobileHideke8\"><div style=\"margin-top:25px;\"><div class=\"hirdeteshatter\"><div style=\"display: inline-block;width: 50%;min-width:340px;vertical-align: top;\"><div class=\"hirdetes\">HIRDET\u00c9S<\/div>\n<!-- Liked7Q1 -->\n<ins class=\"adsbygoogle\"\n     style=\"display:inline-block;width:336px;height:280px\"\n     data-ad-client=\"ca-pub-9424088931673893\"\n     data-ad-slot=\"3022062587\"><\/ins>\n<script async>\n     (adsbygoogle = window.adsbygoogle || []).push({});\n<\/script><\/div><div style=\"display: inline-block;width: 50%;min-width:340px;vertical-align: top;\"><div class=\"hirdetes\">HIRDET\u00c9S<\/div>\n<!-- Liked7Q2 -->\n<ins class=\"adsbygoogle\"\n     style=\"display:inline-block;width:336px;height:280px\"\n     data-ad-client=\"ca-pub-9424088931673893\"\n     data-ad-slot=\"3952000871\"><\/ins>\n<script async>\n     (adsbygoogle = window.adsbygoogle || []).push({});\n<\/script><\/div><\/div><\/div><\/div>\n<div style=\"display:flex;flex-direction:column;\"><div class=\"mobileShowka8\"><div style=\"padding-top:15px;margin-bottom:15px;min-height: 300px;\"><div class=\"hirdetes\">HIRDET\u00c9S<\/div>\n<!-- Liked7QMobil -->\n<ins class=\"adsbygoogle\"\n     style=\"display:inline-block;width:336px;height:280px\"\n     data-ad-client=\"ca-pub-9424088931673893\"\n     data-ad-slot=\"5073510857\"><\/ins>\n<script async>\n     (adsbygoogle = window.adsbygoogle || []).push({});\n<\/script><\/div><\/div><\/div><\/div>\n\n<\/div>\n<\/li>\n<li class=\"zf-list_item\">\n<div class=\"zf-list_header\">\n<h3 id=\"8\" class=\"zf-list_title\"><span class=\"zf-number\">8<\/span>&nbsp;T\u00fcrkmeniszt\u00e1nban a szem\u00e9lyis\u00e9g kultusza uralkodik.<\/h3>\n<\/div>\n<figure class=\"zf-list_media zf-media-wrapper zf-image zf-type-image\">\n<div class=\"zf-media\" title=\"T\u00fcrkmeniszt\u00e1nban a szem\u00e9lyis\u00e9g kultusza uralkodik.\">\n<div class=\"zf-media\" title=\"T\u00fcrkmeniszt\u00e1nban a szem\u00e9lyis\u00e9g kultusza uralkodik.\">\n<div class=\"bb-media-placeholder\"><img loading=\"lazy\" class=\"\" src=\"https:\/\/liked.hu\/old\/wp-content\/uploads\/2019\/09\/7178065-image-crop-2000x1305-1563785395-728-308fb6783d-1564042884.jpg\" sizes=\"(max-width: 728px) 100vw, 728px\" srcset=\"https:\/\/liked.hu\/old\/wp-content\/uploads\/2019\/09\/7178065-image-crop-2000x1305-1563785395-728-308fb6783d-1564042884.jpg 728w, https:\/\/liked.hu\/old\/wp-content\/uploads\/2019\/09\/7178065-image-crop-2000x1305-1563785395-728-308fb6783d-1564042884-300x196.jpg 300w, https:\/\/liked.hu\/old\/wp-content\/uploads\/2019\/09\/7178065-image-crop-2000x1305-1563785395-728-308fb6783d-1564042884-500x326.jpg 500w, https:\/\/liked.hu\/old\/wp-content\/uploads\/2019\/09\/7178065-image-crop-2000x1305-1563785395-728-308fb6783d-1564042884-360x235.jpg 360w, https:\/\/liked.hu\/old\/wp-content\/uploads\/2019\/09\/7178065-image-crop-2000x1305-1563785395-728-308fb6783d-1564042884-545x356.jpg 545w\" alt=\"\" width=\"728\" height=\"475\"><\/div>\n<\/div>\n<\/div><figcaption class=\"zf-figcaption\"><cite><a class=\"zf-media_credit\" href=\"https:\/\/liked.hu\/old\/kimeno.php?https:\/\/liked.hu\/old\/kimeno.php?https:\/\/www.theguardian.com\/world\/2015\/may\/25\/horse-turkmenistan-president-statute-berdymukhamedov\" target=\"_blank\" rel=\"nofollow noopener\">theguardian.com<\/a><\/cite><\/figcaption><\/figure>\n<div class=\"zf-countdown_description\">\n<p>T\u00fcrkmeniszt\u00e1n jelenlegi eln\u00f6ke, Gurbanguly Berdimuhamedow az el\u0151dje \u00e1ltal elfogadott t\u00f6rv\u00e9nyek nagy r\u00e9sz\u00e9t hat\u00e1lyon k\u00edv\u00fcl helyezte. Ezen fel\u00fcl elt\u00e1vol\u00edttatta az orsz\u00e1g kor\u00e1bbi uralkod\u00f3j\u00e1nak aranyszobrait, helyettes\u00edtve azokat a saj\u00e1tj\u00e1val.<\/p>\n<p><img class=\"fr-fic fr-dib\" src=\"https:\/\/liked.hu\/old\/wp-content\/uploads\/2019\/09\/7177915-image-crop-2000x1275-1563785422-728-3f824fde89-1564042884.jpg\" data-id=\"165128\"><\/p>\n<p>2015-ben p\u00e9ld\u00e1ul egy grandi\u00f3zus eml\u00e9km\u0171vet avattak, mely az eln\u00f6k\u00f6t \u00e1br\u00e1zolja egy lovon \u00fclve. Azok sz\u00e1m\u00e1ra, akik esetleg j\u00e1rtak m\u00e1r Szentp\u00e9terv\u00e1ron, a szobor nagy val\u00f3sz\u00edn\u0171s\u00e9ggel ismer\u0151s, a v\u00e1ros bronzlovas eml\u00e9km\u0171ve ugyanis majdhogynem megsz\u00f3lal\u00e1sig hasonl\u00f3, a k\u00fcl\u00f6nbs\u00e9g csak annyi, hogy a t\u00fcrkm\u00e9n m\u0171eml\u00e9k t\u00f6m\u00f6r aranyb\u00f3l k\u00e9sz\u00fclt.<\/p>\n<\/div>\n<\/li>\n<li class=\"zf-list_item\">\n<div class=\"zf-list_header\">\n<h3 id=\"7\" class=\"zf-list_title\"><span class=\"zf-number\">7<\/span>&nbsp;Az eln\u00f6k nem szereti a fekete sz\u00ednt.<\/h3>\n<\/div>\n<figure class=\"zf-list_media zf-media-wrapper zf-image zf-type-image\">\n<div class=\"zf-media\" title=\"Az eln\u00f6k nem szereti a fekete sz\u00ednt.\">\n<div class=\"zf-media\" title=\"Az eln\u00f6k nem szereti a fekete sz\u00ednt.\">\n<div class=\"bb-media-placeholder\"><img loading=\"lazy\" class=\"\" src=\"https:\/\/liked.hu\/old\/wp-content\/uploads\/2019\/09\/7177065-15572560-70f23a2fc2bf0b0e25ad100aca073edf2a960566-1500-1-1563864302-728-cebe12d2fa-1564042884.jpg\" sizes=\"(max-width: 728px) 100vw, 728px\" srcset=\"https:\/\/liked.hu\/old\/wp-content\/uploads\/2019\/09\/7177065-15572560-70f23a2fc2bf0b0e25ad100aca073edf2a960566-1500-1-1563864302-728-cebe12d2fa-1564042884.jpg 728w, https:\/\/liked.hu\/old\/wp-content\/uploads\/2019\/09\/7177065-15572560-70f23a2fc2bf0b0e25ad100aca073edf2a960566-1500-1-1563864302-728-cebe12d2fa-1564042884-300x200.jpg 300w, https:\/\/liked.hu\/old\/wp-content\/uploads\/2019\/09\/7177065-15572560-70f23a2fc2bf0b0e25ad100aca073edf2a960566-1500-1-1563864302-728-cebe12d2fa-1564042884-500x333.jpg 500w, https:\/\/liked.hu\/old\/wp-content\/uploads\/2019\/09\/7177065-15572560-70f23a2fc2bf0b0e25ad100aca073edf2a960566-1500-1-1563864302-728-cebe12d2fa-1564042884-360x240.jpg 360w, https:\/\/liked.hu\/old\/wp-content\/uploads\/2019\/09\/7177065-15572560-70f23a2fc2bf0b0e25ad100aca073edf2a960566-1500-1-1563864302-728-cebe12d2fa-1564042884-545x363.jpg 545w\" alt=\"\" width=\"728\" height=\"485\"><\/div>\n<\/div>\n<\/div><figcaption class=\"zf-figcaption\"><cite><a class=\"zf-media_credit\" href=\"https:\/\/liked.hu\/old\/kimeno.php?https:\/\/liked.hu\/old\/kimeno.php?https:\/\/www.dailymail.co.uk\/news\/article-5253675\/Turkmenistan-president-bans-black-cars-capital-city.html\" target=\"_blank\" rel=\"nofollow noopener\">dailymail.co.uk<\/a><\/cite><\/figcaption><\/figure>\n<div class=\"zf-countdown_description\">\n<p>2015-ben T\u00fcrkmeniszt\u00e1n betiltotta a fekete aut\u00f3k behozatal\u00e1t. Az eln\u00f6k szerint a fekete sz\u00edn balszerencs\u00e9t hoz, ez\u00e9rt j\u00f3maga is csak feh\u00e9r aut\u00f3val hajland\u00f3 k\u00f6zlekedni. A fekete sz\u00edn ir\u00e1nti gy\u0171l\u00f6let olyan m\u00e9rt\u00e9keket \u00f6lt\u00f6tt, hogy a rend\u0151rs\u00e9g a fekete sapk\u00e1t hord\u00f3 gyerekeket is meg\u00e1ll\u00edtja az utc\u00e1n \u00e9s elkobozza t\u0151l\u00fck a fejfed\u0151j\u00fcket.<\/p>\n<p>A kor\u00e1bban forgalomba hozott fekete aut\u00f3kat is betiltott\u00e1k, tulajdonosaikat az aut\u00f3ik \u00e1tfest\u00e9s\u00e9re k\u00e9nyszer\u00edtett\u00e9k.<\/p>\n<\/div>\n<\/li>\n<\/ol>\n<\/li>\n<\/ol>\n<p><!--nextpage--><\/p>\n<div id=\"zombify-main-section-front\" class=\"zombify-main-section-front zombify-screen zf-media-full zf-screen-sm\">\n<div class=\"zf-container\">\n<div id=\"zf-countdown\" class=\"zf-countdown zf-list zf-numbered\">\n<ol class=\"zf-structure-list\">\n<li class=\"zf-list_item\">\n<div class=\"zf-list_header\">\n<h3 id=\"6\" class=\"zf-list_title\"><span class=\"zf-number\">6<\/span>&nbsp;Az esk\u00fcv\u0151i hagyom\u00e1nyokhoz az \u00e1llamf\u0151 is hozz\u00e1j\u00e1rul &#8211; \u00fagy ahogy.<\/h3>\n<\/div>\n<figure class=\"zf-list_media zf-media-wrapper zf-image zf-type-image\">\n<div class=\"zf-media\" title=\"Az esk\u00fcv\u0151i hagyom\u00e1nyokhoz az \u00e1llamf\u0151 is hozz\u00e1j\u00e1rul - \u00fagy ahogy.\">\n<div class=\"zf-media\" title=\"Az esk\u00fcv\u0151i hagyom\u00e1nyokhoz az \u00e1llamf\u0151 is hozz\u00e1j\u00e1rul - \u00fagy ahogy.\">\n<div class=\"bb-media-placeholder\"><img loading=\"lazy\" class=\"\" src=\"https:\/\/liked.hu\/old\/wp-content\/uploads\/2019\/09\/56691569_114594206399256_6110028668455873523_n.jpg_nc_htinstagram.fbud8-1.fna_.fbcdn.jpg\" sizes=\"(max-width: 750px) 100vw, 750px\" srcset=\"https:\/\/liked.hu\/old\/wp-content\/uploads\/2019\/09\/56691569_114594206399256_6110028668455873523_n.jpg_nc_htinstagram.fbud8-1.fna_.fbcdn.jpg 750w, https:\/\/liked.hu\/old\/wp-content\/uploads\/2019\/09\/56691569_114594206399256_6110028668455873523_n.jpg_nc_htinstagram.fbud8-1.fna_.fbcdn-300x200.jpg 300w, https:\/\/liked.hu\/old\/wp-content\/uploads\/2019\/09\/56691569_114594206399256_6110028668455873523_n.jpg_nc_htinstagram.fbud8-1.fna_.fbcdn-500x333.jpg 500w, https:\/\/liked.hu\/old\/wp-content\/uploads\/2019\/09\/56691569_114594206399256_6110028668455873523_n.jpg_nc_htinstagram.fbud8-1.fna_.fbcdn-360x240.jpg 360w, https:\/\/liked.hu\/old\/wp-content\/uploads\/2019\/09\/56691569_114594206399256_6110028668455873523_n.jpg_nc_htinstagram.fbud8-1.fna_.fbcdn-545x363.jpg 545w\" alt=\"\" width=\"750\" height=\"500\"><\/div>\n<\/div>\n<\/div><figcaption class=\"zf-figcaption\"><cite><a class=\"zf-media_credit\" href=\"https:\/\/liked.hu\/old\/kimeno.php?https:\/\/liked.hu\/old\/kimeno.php?https:\/\/www.instagram.com\/p\/BwaEtDnH0Z8\/?utm_source=ig_embed\" target=\"_blank\" rel=\"nofollow noopener\">instagram<\/a><\/cite><\/figcaption><\/figure>\n<div class=\"zf-countdown_description\">\n<p>Az esk\u00fcv\u0151i aut\u00f3kat illet\u0151en vannak speci\u00e1lis hagyom\u00e1nyok. A n\u00e9pszok\u00e1s szerint k\u00f6telez\u0151 k\u00fcl\u00f6nleges \u00e9s dr\u00e1ga \u00e9kszerekkel d\u00edsz\u00edteni \u0151ket \u2013 lehet\u0151leg min\u00e9l t\u00f6bb arany \u00e9kszert felhaszn\u00e1lva.<\/p>\n<p>A hagyom\u00e1ny\u0151rz\u0151 f\u00e9nyk\u00e9pek mellett a k\u00f6zelm\u00faltban egy \u00faj szok\u00e1s jelent meg: a jelenlegi \u00e1llamf\u0151 ugyanis t\u00f6rv\u00e9nyben el\u0151\u00edrja, hogy az ifj\u00fa h\u00e1zasoknak k\u00f6telez\u0151 k\u00e9pet k\u00e9sz\u00edteni\u00fck az eln\u00f6k portr\u00e9j\u00e1val. A menyasszony \u00e9s a v\u0151leg\u00e9ny esk\u00fcv\u0151i album\u00e1ban legal\u00e1bb 3 fot\u00f3nak kell lennie az \u00e1llamf\u0151 portr\u00e9j\u00e1val.<\/p>\n<\/div>\n<\/li>\n<li class=\"zf-list_item\">\n<div class=\"zf-list_header\">\n<h3 id=\"5\" class=\"zf-list_title\"><span class=\"zf-number\">5<\/span>&nbsp;Az orsz\u00e1gban \u00e9l\u0151 n\u0151k nem vezethetnek aut\u00f3t.<\/h3>\n<\/div>\n<figure class=\"zf-list_media zf-media-wrapper zf-image zf-type-image\">\n<div class=\"zf-media\" title=\"Az orsz\u00e1gban \u00e9l\u0151 n\u0151k nem vezethetnek aut\u00f3t.\">\n<div class=\"zf-media\" title=\"Az orsz\u00e1gban \u00e9l\u0151 n\u0151k nem vezethetnek aut\u00f3t.\">\n<div class=\"bb-media-placeholder\"><img loading=\"lazy\" class=\"\" src=\"https:\/\/liked.hu\/old\/wp-content\/uploads\/2019\/09\/7177965-image-crop-1320x1684-1563785489-728-42974363b5-1564042884.jpg\" sizes=\"(max-width: 728px) 100vw, 728px\" srcset=\"https:\/\/liked.hu\/old\/wp-content\/uploads\/2019\/09\/7177965-image-crop-1320x1684-1563785489-728-42974363b5-1564042884.jpg 728w, https:\/\/liked.hu\/old\/wp-content\/uploads\/2019\/09\/7177965-image-crop-1320x1684-1563785489-728-42974363b5-1564042884-235x300.jpg 235w, https:\/\/liked.hu\/old\/wp-content\/uploads\/2019\/09\/7177965-image-crop-1320x1684-1563785489-728-42974363b5-1564042884-392x500.jpg 392w, https:\/\/liked.hu\/old\/wp-content\/uploads\/2019\/09\/7177965-image-crop-1320x1684-1563785489-728-42974363b5-1564042884-360x459.jpg 360w, https:\/\/liked.hu\/old\/wp-content\/uploads\/2019\/09\/7177965-image-crop-1320x1684-1563785489-728-42974363b5-1564042884-545x695.jpg 545w\" alt=\"\" width=\"728\" height=\"928\"><\/div>\n<\/div>\n<\/div><figcaption class=\"zf-figcaption\"><cite><a class=\"zf-media_credit\" href=\"https:\/\/liked.hu\/old\/kimeno.php?https:\/\/liked.hu\/old\/kimeno.php?https:\/\/www.financialexpress.com\/auto\/car-news\/turkmenistan-bans-black-cars-and-women-drivers-here-are-the-weird-reasons\/1069627\/\" target=\"_blank\" rel=\"nofollow noopener\">financialexpress.com<\/a><\/cite><\/figcaption><\/figure>\n<div class=\"zf-countdown_description\">\n<p><em>\u00cdgy n\u00e9znek ki T\u00fcrkmeniszt\u00e1nban a balesetekben elhunyt emberek sz\u00e1m\u00e1ra kihelyezett \u00fatsz\u00e9li eml\u00e9km\u0171vek. (n\u00e1lunk kereszteket szoktak)<\/em><\/p>\n<p>Az orsz\u00e1gban bek\u00f6vetkez\u0151 balesetek cs\u00f6kkent\u00e9se \u00e9rdek\u00e9ben a korm\u00e1ny \u00fagy hat\u00e1rozott, hogy 2017. december\u00e9ben betiltj\u00e1k az aut\u00f3vezet\u00e9st a n\u0151k sz\u00e1m\u00e1ra, mivel \u00fagy \u00edt\u00e9lt\u00e9k meg, hogy a n\u0151k gyakrabban okoznak baleseteket, mint a f\u00e9rfiak.<\/p>\n\n<div style=\"float:none;margin:0px 0 0px 0;text-align:center;\">\n<div class=\"mobileHideke8\"><div class=\"hirdeteshatter\"><div style=\"display: inline-block;width: 50%;min-width:340px;vertical-align: top;\"><div class=\"hirdetes\">HIRDET\u00c9S<\/div>\n<!-- LikedQ81 -->\n<ins class=\"adsbygoogle\"\n     style=\"display:inline-block;width:336px;height:280px\"\n     data-ad-client=\"ca-pub-9424088931673893\"\n     data-ad-slot=\"2436840276\"><\/ins>\n<script async>\n     (adsbygoogle = window.adsbygoogle || []).push({});\n<\/script><\/div><div style=\"display: inline-block;width: 50%;min-width:340px;vertical-align: top;\"><div class=\"hirdetes\">HIRDET\u00c9S<\/div>\n<!-- LikedQ82 -->\n<ins class=\"adsbygoogle\"\n     style=\"display:inline-block;width:336px;height:280px\"\n     data-ad-client=\"ca-pub-9424088931673893\"\n     data-ad-slot=\"3558350253\"><\/ins>\n<script async>\n     (adsbygoogle = window.adsbygoogle || []).push({});\n<\/script><\/div><\/div><\/div>\n<div style=\"display:flex;flex-direction:column;\"><div class=\"mobileShowka8 nyolc\"><div style=\"padding-top:15px;padding-bottom:5px;min-height: 300px;\"><div class=\"hirdetes\">HIRDET\u00c9S<\/div>\n<!-- LikedQ8M -->\n<ins class=\"adsbygoogle\"\n     style=\"display:inline-block;width:336px;height:280px\"\n     data-ad-client=\"ca-pub-9424088931673893\"\n     data-ad-slot=\"4679860235\"><\/ins>\n<script async>\n     (adsbygoogle = window.adsbygoogle || []).push({});\n<\/script><\/div><\/div><\/div><\/div>\n\n<p><img class=\"fr-fic fr-dib\" src=\"https:\/\/liked.hu\/old\/wp-content\/uploads\/2019\/09\/7178015-image-crop-2000x1321-1563785518-728-bd246a229f-1564042884.jpg\" data-id=\"165134\"><\/p>\n<p>Kezdetben a rend\u0151rs\u00e9g csak le\u00e1ll\u00edtotta \u00e9s figyelmeztette a szab\u00e1lys\u00e9rt\u0151 n\u0151ket, hogy legk\u00f6zelebb m\u00e1r p\u00e9nzb\u00edrs\u00e1got kapnak. N\u00e9h\u00e1ny h\u00f3nappal a tilalom ut\u00e1n azonban bekem\u00e9ny\u00edtettek \u00e9s teljesen elvett\u00e9k a n\u0151k vezet\u00e9st\u0151l val\u00f3 jogait, a n\u0151k aut\u00f3it nemes egyszer\u0171s\u00e9ggel elsz\u00e1ll\u00edtott\u00e1k.<\/p>\n<\/div>\n<\/li>\n<li class=\"zf-list_item\">\n<div class=\"zf-list_header\">\n<h3 id=\"4\" class=\"zf-list_title\"><span class=\"zf-number\">4<\/span>&nbsp;Internetezni csak \u00fatlev\u00e9llel lehet.<\/h3>\n<\/div>\n<figure class=\"zf-list_media zf-media-wrapper zf-image zf-type-image\">\n<div class=\"zf-media\" title=\"Internetezni csak \u00fatlev\u00e9llel lehet.\">\n<div class=\"zf-media\" title=\"Internetezni csak \u00fatlev\u00e9llel lehet.\">\n<div class=\"bb-media-placeholder\"><img loading=\"lazy\" class=\"\" src=\"https:\/\/liked.hu\/old\/wp-content\/uploads\/2019\/09\/65856500_383906352295531_4738721867652339618_n.jpg_nc_htinstagram.fbud8-1.fna_.fbcdn.jpg\" sizes=\"(max-width: 750px) 100vw, 750px\" srcset=\"https:\/\/liked.hu\/old\/wp-content\/uploads\/2019\/09\/65856500_383906352295531_4738721867652339618_n.jpg_nc_htinstagram.fbud8-1.fna_.fbcdn.jpg 750w, https:\/\/liked.hu\/old\/wp-content\/uploads\/2019\/09\/65856500_383906352295531_4738721867652339618_n.jpg_nc_htinstagram.fbud8-1.fna_.fbcdn-150x150.jpg 150w, https:\/\/liked.hu\/old\/wp-content\/uploads\/2019\/09\/65856500_383906352295531_4738721867652339618_n.jpg_nc_htinstagram.fbud8-1.fna_.fbcdn-300x300.jpg 300w, https:\/\/liked.hu\/old\/wp-content\/uploads\/2019\/09\/65856500_383906352295531_4738721867652339618_n.jpg_nc_htinstagram.fbud8-1.fna_.fbcdn-500x500.jpg 500w, https:\/\/liked.hu\/old\/wp-content\/uploads\/2019\/09\/65856500_383906352295531_4738721867652339618_n.jpg_nc_htinstagram.fbud8-1.fna_.fbcdn-360x360.jpg 360w, https:\/\/liked.hu\/old\/wp-content\/uploads\/2019\/09\/65856500_383906352295531_4738721867652339618_n.jpg_nc_htinstagram.fbud8-1.fna_.fbcdn-545x545.jpg 545w, https:\/\/liked.hu\/old\/wp-content\/uploads\/2019\/09\/65856500_383906352295531_4738721867652339618_n.jpg_nc_htinstagram.fbud8-1.fna_.fbcdn-350x350.jpg 350w\" alt=\"\" width=\"750\" height=\"750\"><\/div>\n<\/div>\n<\/div><figcaption class=\"zf-figcaption\"><cite><a class=\"zf-media_credit\" href=\"https:\/\/liked.hu\/old\/kimeno.php?https:\/\/liked.hu\/old\/kimeno.php?https:\/\/www.independent.co.uk\/news\/world\/asia\/turkmenistan-stranger-in-a-very-strange-land-1814127.html\" target=\"_blank\" rel=\"nofollow noopener\">independent.co.uk<\/a><\/cite><\/figcaption><\/figure>\n<div class=\"zf-countdown_description\">\n<p>Az internetes lefedetts\u00e9g nagyon gyenge az orsz\u00e1gban, ami nem is csoda, hiszen n\u00e9h\u00e1ny \u00e9vvel kor\u00e1bban teljesen betiltott\u00e1k. A f\u0151v\u00e1rosban \u00f6sszesen 5 internetk\u00e1v\u00e9z\u00f3 tal\u00e1lhat\u00f3, ahol ahhoz, hogy a vend\u00e9gek felcsatlakozhassanak a vil\u00e1gh\u00e1l\u00f3ra, \u00fatlev\u00e9llel kell regisztr\u00e1ltatniuk mag\u00e1t. A legt\u00f6bb n\u00e9pszer\u0171 nemzetk\u00f6zi weboldalt \u2013 bele\u00e9rtve a h\u00edrport\u00e1lokat is \u2013 blokkolt\u00e1k. Nincs Facebook, ahogy m\u00e1s hasonl\u00f3 k\u00f6z\u00f6ss\u00e9gi oldal sem.<\/p>\n<\/div>\n<\/li>\n<li class=\"zf-list_item\">\n<div class=\"zf-list_header\">\n<h3 id=\"3\" class=\"zf-list_title\"><span class=\"zf-number\">3<\/span>&nbsp;A hat\u00e1ron ellen\u0151rzik a f\u00e9nyk\u00e9peket.<\/h3>\n<\/div>\n<figure class=\"zf-list_media zf-media-wrapper zf-image zf-type-image\">\n<div class=\"zf-media\" title=\"A hat\u00e1ron ellen\u0151rzik a f\u00e9nyk\u00e9peket.\">\n<div class=\"zf-media\" title=\"A hat\u00e1ron ellen\u0151rzik a f\u00e9nyk\u00e9peket.\">\n<div class=\"bb-media-placeholder\"><img loading=\"lazy\" class=\"\" src=\"https:\/\/liked.hu\/old\/wp-content\/uploads\/2019\/09\/7176915-Bai_Bazaar_Dashoguz-1563516955-728-d7799eeef1-1564042884.jpg\" sizes=\"(max-width: 728px) 100vw, 728px\" srcset=\"https:\/\/liked.hu\/old\/wp-content\/uploads\/2019\/09\/7176915-Bai_Bazaar_Dashoguz-1563516955-728-d7799eeef1-1564042884.jpg 728w, https:\/\/liked.hu\/old\/wp-content\/uploads\/2019\/09\/7176915-Bai_Bazaar_Dashoguz-1563516955-728-d7799eeef1-1564042884-300x225.jpg 300w, https:\/\/liked.hu\/old\/wp-content\/uploads\/2019\/09\/7176915-Bai_Bazaar_Dashoguz-1563516955-728-d7799eeef1-1564042884-500x375.jpg 500w, https:\/\/liked.hu\/old\/wp-content\/uploads\/2019\/09\/7176915-Bai_Bazaar_Dashoguz-1563516955-728-d7799eeef1-1564042884-200x150.jpg 200w, https:\/\/liked.hu\/old\/wp-content\/uploads\/2019\/09\/7176915-Bai_Bazaar_Dashoguz-1563516955-728-d7799eeef1-1564042884-360x270.jpg 360w, https:\/\/liked.hu\/old\/wp-content\/uploads\/2019\/09\/7176915-Bai_Bazaar_Dashoguz-1563516955-728-d7799eeef1-1564042884-545x409.jpg 545w\" alt=\"\" width=\"728\" height=\"546\"><\/div>\n<\/div>\n<\/div><figcaption class=\"zf-figcaption\"><cite><a class=\"zf-media_credit\" href=\"https:\/\/liked.hu\/old\/kimeno.php?https:\/\/liked.hu\/old\/kimeno.php?https:\/\/www.gov.uk\/foreign-travel-advice\/turkmenistan\/local-laws-and-customs\" target=\"_blank\" rel=\"nofollow noopener\">gov.uk<\/a><\/cite><\/figcaption><\/figure>\n<div class=\"zf-countdown_description\">\n<p>T\u00fcrkmeniszt\u00e1nban sok \u00e9p\u00fclet f\u00e9nyk\u00e9pez\u00e9se tilos. Tilos a rep\u00fcl\u0151terek, katonai l\u00e9tes\u00edtm\u00e9nyek, rend\u0151rs\u00e9gi \u00e1llom\u00e1nyok, korm\u00e1nyzati \u00e9p\u00fcletek, nagyk\u00f6vets\u00e9gek \u00e9s az eln\u00f6ki palota fot\u00f3z\u00e1sa. Emellett sz\u00e1mtalan m\u00e1s helyen is tilos a fot\u00f3z\u00e1s, p\u00e9ld\u00e1ul baz\u00e1rokban \u00e9s egy\u00e9b helyeken \u2013 egy\u00e9bk\u00e9nt a fentebb l\u00e1that\u00f3 k\u00e9p k\u00e9sz\u00edt\u0151je is megs\u00e9rtette a t\u00f6rv\u00e9nyt.<\/p>\n<p>Ha a rend\u0151rs\u00e9g olyan fot\u00f3t tal\u00e1l a telefonunkban vagy a kamer\u00e1nkban, amit nem lett volna szabad elk\u00e9sz\u00edten\u00fcnk, akkor elkobozz\u00e1k az adott eszk\u00f6zt. A rep\u00fcl\u0151tereken gyakran csak \u00fagy engednek felsz\u00e1llni a g\u00e9pre, ha el\u0151tte megmutattad az \u00f6sszes fot\u00f3d a telefonodon, laptopodon \u00e9s f\u00e9nyk\u00e9pez\u0151g\u00e9peden.<\/p>\n\n<div style=\"float:none;margin:0px 0 0px 0;text-align:center;\">\n<div class=\"mobileHideke5\"><div style=\"margin-top:25px;\"><div class=\"hirdeteshatter\"><div style=\"display: inline-block;width: 50%;min-width:305px;vertical-align: top;\"><div class=\"hirdetes\">HIRDET\u00c9S<\/div>\n<!-- LikedQ51 -->\n<ins class=\"adsbygoogle\"\n     style=\"display:inline-block;width:300px;height:250px\"\n     data-ad-client=\"ca-pub-9424088931673893\"\n     data-ad-slot=\"8284063326\"><\/ins>\n<script async>\n     (adsbygoogle = window.adsbygoogle || []).push({});\n<\/script><\/div><div style=\"display: inline-block;width: 50%;min-width:305px;vertical-align: top;\"><div class=\"hirdetes\">HIRDET\u00c9S<\/div>\n<!-- LikedQ52 -->\n<ins class=\"adsbygoogle\"\n     style=\"display:inline-block;width:300px;height:250px\"\n     data-ad-client=\"ca-pub-9424088931673893\"\n     data-ad-slot=\"2840164950\"><\/ins>\n<script async>\n     (adsbygoogle = window.adsbygoogle || []).push({});\n<\/script><\/div><\/div><\/div><\/div>\n<div style=\"display:flex;flex-direction:column;\"><div class=\"mobileShowka5\"><div style=\"padding-top:10px;padding-bottom:10px;min-height: 300px;\"><div class=\"hirdetes\">HIRDET\u00c9S<\/div>\n<!-- LikedQ5M -->\n<ins class=\"adsbygoogle\"\n     style=\"display:inline-block;width:300px;height:250px\"\n     data-ad-client=\"ca-pub-9424088931673893\"\n     data-ad-slot=\"9022429928\"><\/ins>\n<script async>\n     (adsbygoogle = window.adsbygoogle || []).push({});\n<\/script><\/div><\/div><\/div><\/div>\n\n<\/div>\n<\/li>\n<li class=\"zf-list_item\">\n<div class=\"zf-list_header\">\n<h3 id=\"2\" class=\"zf-list_title\"><span class=\"zf-number\">2<\/span>&nbsp;A bar\u00e1tok l\u00e1togat\u00e1sa illeg\u00e1lis.<\/h3>\n<\/div>\n<figure class=\"zf-list_media zf-media-wrapper zf-image zf-type-image\">\n<div class=\"zf-media\" title=\"A bar\u00e1tok l\u00e1togat\u00e1sa illeg\u00e1lis.\">\n<div class=\"zf-media\" title=\"A bar\u00e1tok l\u00e1togat\u00e1sa illeg\u00e1lis.\">\n<div class=\"bb-media-placeholder\"><img loading=\"lazy\" class=\"\" src=\"https:\/\/liked.hu\/old\/wp-content\/uploads\/2019\/09\/7178115-image-crop-2000x1329-1563785560-728-cd039c0c12-1564042884.jpg\" sizes=\"(max-width: 728px) 100vw, 728px\" srcset=\"https:\/\/liked.hu\/old\/wp-content\/uploads\/2019\/09\/7178115-image-crop-2000x1329-1563785560-728-cd039c0c12-1564042884.jpg 728w, https:\/\/liked.hu\/old\/wp-content\/uploads\/2019\/09\/7178115-image-crop-2000x1329-1563785560-728-cd039c0c12-1564042884-300x199.jpg 300w, https:\/\/liked.hu\/old\/wp-content\/uploads\/2019\/09\/7178115-image-crop-2000x1329-1563785560-728-cd039c0c12-1564042884-500x332.jpg 500w, https:\/\/liked.hu\/old\/wp-content\/uploads\/2019\/09\/7178115-image-crop-2000x1329-1563785560-728-cd039c0c12-1564042884-360x239.jpg 360w, https:\/\/liked.hu\/old\/wp-content\/uploads\/2019\/09\/7178115-image-crop-2000x1329-1563785560-728-cd039c0c12-1564042884-545x362.jpg 545w\" alt=\"\" width=\"728\" height=\"483\"><\/div>\n<\/div>\n<\/div><figcaption class=\"zf-figcaption\"><cite><a class=\"zf-media_credit\" href=\"https:\/\/liked.hu\/old\/kimeno.php?https:\/\/liked.hu\/old\/kimeno.php?https:\/\/varlamov.ru\/1640305.html\" target=\"_blank\" rel=\"nofollow noopener\">varlamov<\/a><\/cite><\/figcaption><\/figure>\n<div class=\"zf-countdown_description\">\n<p>Turisztikai v\u00edzummal rendelkez\u0151 szem\u00e9lyek nem l\u00e9phetnek be m\u00e1s emberek \u2013 rokonok, bar\u00e1tok, ismer\u0151s\u00f6k \u2013 h\u00e1z\u00e1ba. Ha a helyi rend\u0151rs\u00e9g ezt \u00e9szreveszi, akkor az illet\u0151t p\u00e9nzb\u00edrs\u00e1ggal \u00e9s kitoloncol\u00e1ssal b\u00fcntetik. A turist\u00e1k este 10 ut\u00e1n nem hagyhatj\u00e1k el a sz\u00e1llod\u00e1jukat, de egy\u00e9bk\u00e9nt is tilos az orsz\u00e1gban t\u00faravezet\u0151 n\u00e9lk\u00fcl m\u00e1szk\u00e1lniuk.<\/p>\n<\/div>\n<\/li>\n<li class=\"zf-list_item\">\n<div class=\"zf-list_header\">\n<h3 id=\"1\" class=\"zf-list_title\"><span class=\"zf-number\">1<\/span>&nbsp;Itt tal\u00e1lhat\u00f3 a ,,pokol kapuja&#8221;.<\/h3>\n<\/div>\n<figure class=\"zf-list_media zf-media-wrapper zf-image zf-type-image\">\n<div class=\"zf-media\" title=\"Itt tal\u00e1lhat\u00f3 a ,,pokol kapuja&quot;.\">\n<div class=\"zf-media\" title=\"Itt tal\u00e1lhat\u00f3 a ,,pokol kapuja&quot;.\">\n<div class=\"bb-media-placeholder\"><img loading=\"lazy\" class=\"\" src=\"https:\/\/liked.hu\/old\/wp-content\/uploads\/2019\/09\/7176765-1280px-Darvasa_gas_crater_panorama-1563517040-728-93deeddb5e-1564042884.jpg\" sizes=\"(max-width: 728px) 100vw, 728px\" srcset=\"https:\/\/liked.hu\/old\/wp-content\/uploads\/2019\/09\/7176765-1280px-Darvasa_gas_crater_panorama-1563517040-728-93deeddb5e-1564042884.jpg 728w, https:\/\/liked.hu\/old\/wp-content\/uploads\/2019\/09\/7176765-1280px-Darvasa_gas_crater_panorama-1563517040-728-93deeddb5e-1564042884-300x127.jpg 300w, https:\/\/liked.hu\/old\/wp-content\/uploads\/2019\/09\/7176765-1280px-Darvasa_gas_crater_panorama-1563517040-728-93deeddb5e-1564042884-500x212.jpg 500w, https:\/\/liked.hu\/old\/wp-content\/uploads\/2019\/09\/7176765-1280px-Darvasa_gas_crater_panorama-1563517040-728-93deeddb5e-1564042884-360x153.jpg 360w, https:\/\/liked.hu\/old\/wp-content\/uploads\/2019\/09\/7176765-1280px-Darvasa_gas_crater_panorama-1563517040-728-93deeddb5e-1564042884-545x231.jpg 545w\" alt=\"\" width=\"728\" height=\"309\"><\/div>\n<\/div>\n<\/div><figcaption class=\"zf-figcaption\"><cite><a class=\"zf-media_credit\" href=\"https:\/\/liked.hu\/old\/kimeno.php?https:\/\/liked.hu\/old\/kimeno.php?https:\/\/en.wikipedia.org\/wiki\/Darvaza_gas_crater\" target=\"_blank\" rel=\"nofollow noopener\">wikipedia<\/a><\/cite><\/figcaption><\/figure>\n<div class=\"zf-countdown_description\">\n<p>K\u00f6r\u00fclbel\u00fcl 50 \u00e9vvel ezel\u0151tt a t\u00fcrkm\u00e9n Derweze falu k\u00f6zel\u00e9ben szovjet geol\u00f3gusok egy f\u00f6ldalatti \u00fcreg vizsg\u00e1lata k\u00f6zben egy hatalmas g\u00e1zzal t\u00f6lt\u00f6tt g\u00f6d\u00f6rre bukkantak. Annak \u00e9rdek\u00e9ben, hogy a k\u00e1ros g\u00e1z ne jusson ki a leveg\u0151be, \u00fagy d\u00f6nt\u00f6ttek, hogy felgy\u00fajtj\u00e1k. \u00dagy gondolt\u00e1k, hogy a t\u0171z majd n\u00e9h\u00e1ny nap m\u00falva kialszik \u00e9s folytathatj\u00e1k a kutat\u00e1st, ez azonban nem t\u00f6rt\u00e9nt meg \u2013 a t\u0171z a mai napig \u00e9g. Napjainkban ez az orsz\u00e1g egyik legf\u0151bb turisztikai l\u00e1tv\u00e1nyoss\u00e1ga.<\/p>\n<\/div>\n<\/li>\n<\/ol>\n<\/div>\n<\/div>\n<\/div>\n<\/div>\n<\/div>\n<\/div>\n","protected":false},"excerpt":{"rendered":"<p>Nem egy olyan hely, ahov\u00e1 sz\u00edvesen k\u00f6lt\u00f6zne az ember.<\/p>\n","protected":false},"author":13,"featured_media":222231,"comment_status":"open","ping_status":"closed","sticky":false,"template":"","format":"standard","meta":{"buzzeditor_post_format":""},"categories":[23],"tags":[1971,2604,8663],"yoast_head":"<!-- This site is optimized with the Yoast SEO plugin v19.6.1 - https:\/\/yoast.com\/wordpress\/plugins\/seo\/ -->\n<title>13 t\u00e9ny a vil\u00e1g egyik legz\u00e1rk\u00f3zottabb orsz\u00e1g\u00e1r\u00f3l, ami sok szempontb\u00f3l m\u00e9g \u00c9szak-Kore\u00e1t is kenterbe veri<\/title>\n<meta name=\"description\" content=\"Nem egy olyan hely, ahov\u00e1 sz\u00edvesen k\u00f6lt\u00f6zne az ember.\" \/>\n<meta name=\"robots\" content=\"index, follow, max-snippet:-1, max-image-preview:large, max-video-preview:-1\" \/>\n<link rel=\"canonical\" href=\"https:\/\/liked.hu\/old\/erdekes\/13-teny-a-vilag-egyik-legzarkozottabb-orszagarol-ami-sok-szempontbol-meg-eszak-koreat-is-kenterbe-veri\/\" \/>\n<link rel=\"next\" href=\"https:\/\/liked.hu\/old\/erdekes\/13-teny-a-vilag-egyik-legzarkozottabb-orszagarol-ami-sok-szempontbol-meg-eszak-koreat-is-kenterbe-veri\/2\/\" \/>\n<meta property=\"og:locale\" content=\"hu_HU\" \/>\n<meta property=\"og:type\" content=\"article\" \/>\n<meta property=\"og:title\" content=\"13 t\u00e9ny a vil\u00e1g egyik legz\u00e1rk\u00f3zottabb orsz\u00e1g\u00e1r\u00f3l, ami sok szempontb\u00f3l m\u00e9g \u00c9szak-Kore\u00e1t is kenterbe veri\" \/>\n<meta property=\"og:description\" content=\"Nem egy olyan hely, ahov\u00e1 sz\u00edvesen k\u00f6lt\u00f6zne az ember.\" \/>\n<meta property=\"og:url\" content=\"https:\/\/liked.hu\/old\/erdekes\/13-teny-a-vilag-egyik-legzarkozottabb-orszagarol-ami-sok-szempontbol-meg-eszak-koreat-is-kenterbe-veri\/\" \/>\n<meta property=\"og:site_name\" content=\"Liked.hu\" \/>\n<meta property=\"article:publisher\" content=\"https:\/\/www.facebook.com\/liked.hu\" \/>\n<meta property=\"article:published_time\" content=\"2023-12-01T03:35:09+00:00\" \/>\n<meta property=\"article:modified_time\" content=\"2023-12-01T03:35:20+00:00\" \/>\n<meta property=\"og:image\" content=\"https:\/\/liked.hu\/old\/wp-content\/uploads\/2020\/01\/Legzarkozottabb-orszag.jpg\" \/>\n\t<meta property=\"og:image:width\" content=\"1200\" \/>\n\t<meta property=\"og:image:height\" content=\"630\" \/>\n\t<meta property=\"og:image:type\" content=\"image\/jpeg\" \/>\n<meta name=\"author\" content=\"Klingstrom\" \/>\n<meta name=\"twitter:card\" content=\"summary\" \/>\n<meta name=\"twitter:creator\" content=\"@LikedHu\" \/>\n<meta name=\"twitter:site\" content=\"@LikedHu\" \/>\n<meta name=\"twitter:label1\" content=\"Szerz\u0151:\" \/>\n\t<meta name=\"twitter:data1\" content=\"Klingstrom\" \/>\n\t<meta name=\"twitter:label2\" content=\"Becs\u00fclt olvas\u00e1si id\u0151\" \/>\n\t<meta name=\"twitter:data2\" content=\"8 perc\" \/>\n<script type=\"application\/ld+json\" class=\"yoast-schema-graph\">{\"@context\":\"https:\/\/schema.org\",\"@graph\":[{\"@type\":\"Article\",\"@id\":\"https:\/\/liked.hu\/old\/erdekes\/13-teny-a-vilag-egyik-legzarkozottabb-orszagarol-ami-sok-szempontbol-meg-eszak-koreat-is-kenterbe-veri\/#article\",\"isPartOf\":{\"@id\":\"https:\/\/liked.hu\/old\/erdekes\/13-teny-a-vilag-egyik-legzarkozottabb-orszagarol-ami-sok-szempontbol-meg-eszak-koreat-is-kenterbe-veri\/\"},\"author\":{\"name\":\"Klingstrom\",\"@id\":\"https:\/\/liked.hu\/old\/#\/schema\/person\/1c8d3f8764991e8dcd6572a7de72da8a\"},\"headline\":\"13 t\u00e9ny a vil\u00e1g egyik legz\u00e1rk\u00f3zottabb orsz\u00e1g\u00e1r\u00f3l, ami sok szempontb\u00f3l m\u00e9g \u00c9szak-Kore\u00e1t is kenterbe veri\",\"datePublished\":\"2023-12-01T03:35:09+00:00\",\"dateModified\":\"2023-12-01T03:35:20+00:00\",\"mainEntityOfPage\":{\"@id\":\"https:\/\/liked.hu\/old\/erdekes\/13-teny-a-vilag-egyik-legzarkozottabb-orszagarol-ami-sok-szempontbol-meg-eszak-koreat-is-kenterbe-veri\/\"},\"wordCount\":1713,\"commentCount\":16,\"publisher\":{\"@id\":\"https:\/\/liked.hu\/old\/#organization\"},\"keywords\":[\"orsz\u00e1g\",\"tilalom\",\"t\u00fcrkmeniszt\u00e1n\"],\"articleSection\":[\"\u00c9rdekess\u00e9gek\"],\"inLanguage\":\"hu\",\"potentialAction\":[{\"@type\":\"CommentAction\",\"name\":\"Comment\",\"target\":[\"https:\/\/liked.hu\/old\/erdekes\/13-teny-a-vilag-egyik-legzarkozottabb-orszagarol-ami-sok-szempontbol-meg-eszak-koreat-is-kenterbe-veri\/#respond\"]}]},{\"@type\":\"WebPage\",\"@id\":\"https:\/\/liked.hu\/old\/erdekes\/13-teny-a-vilag-egyik-legzarkozottabb-orszagarol-ami-sok-szempontbol-meg-eszak-koreat-is-kenterbe-veri\/\",\"url\":\"https:\/\/liked.hu\/old\/erdekes\/13-teny-a-vilag-egyik-legzarkozottabb-orszagarol-ami-sok-szempontbol-meg-eszak-koreat-is-kenterbe-veri\/\",\"name\":\"13 t\u00e9ny a vil\u00e1g egyik legz\u00e1rk\u00f3zottabb orsz\u00e1g\u00e1r\u00f3l, ami sok szempontb\u00f3l m\u00e9g \u00c9szak-Kore\u00e1t is kenterbe veri\",\"isPartOf\":{\"@id\":\"https:\/\/liked.hu\/old\/#website\"},\"datePublished\":\"2023-12-01T03:35:09+00:00\",\"dateModified\":\"2023-12-01T03:35:20+00:00\",\"description\":\"Nem egy olyan hely, ahov\u00e1 sz\u00edvesen k\u00f6lt\u00f6zne az ember.\",\"breadcrumb\":{\"@id\":\"https:\/\/liked.hu\/old\/erdekes\/13-teny-a-vilag-egyik-legzarkozottabb-orszagarol-ami-sok-szempontbol-meg-eszak-koreat-is-kenterbe-veri\/#breadcrumb\"},\"inLanguage\":\"hu\",\"potentialAction\":[{\"@type\":\"ReadAction\",\"target\":[\"https:\/\/liked.hu\/old\/erdekes\/13-teny-a-vilag-egyik-legzarkozottabb-orszagarol-ami-sok-szempontbol-meg-eszak-koreat-is-kenterbe-veri\/\"]}]},{\"@type\":\"BreadcrumbList\",\"@id\":\"https:\/\/liked.hu\/old\/erdekes\/13-teny-a-vilag-egyik-legzarkozottabb-orszagarol-ami-sok-szempontbol-meg-eszak-koreat-is-kenterbe-veri\/#breadcrumb\",\"itemListElement\":[{\"@type\":\"ListItem\",\"position\":1,\"name\":\"Kezd\u0151lap\"}]},{\"@type\":\"WebSite\",\"@id\":\"https:\/\/liked.hu\/old\/#website\",\"url\":\"https:\/\/liked.hu\/old\/\",\"name\":\"Liked.hu\",\"description\":\"\",\"publisher\":{\"@id\":\"https:\/\/liked.hu\/old\/#organization\"},\"potentialAction\":[{\"@type\":\"SearchAction\",\"target\":{\"@type\":\"EntryPoint\",\"urlTemplate\":\"https:\/\/liked.hu\/old\/?s={search_term_string}\"},\"query-input\":\"required name=search_term_string\"}],\"inLanguage\":\"hu\"},{\"@type\":\"Organization\",\"@id\":\"https:\/\/liked.hu\/old\/#organization\",\"name\":\"Liked.hu\",\"url\":\"https:\/\/liked.hu\/old\/\",\"sameAs\":[\"https:\/\/hu.pinterest.com\/likedhungary\/\",\"https:\/\/www.youtube.com\/channel\/UCPv91dbMoIukYcM9b9nHN6Q\",\"https:\/\/www.facebook.com\/liked.hu\",\"https:\/\/twitter.com\/LikedHu\"],\"logo\":{\"@type\":\"ImageObject\",\"inLanguage\":\"hu\",\"@id\":\"https:\/\/liked.hu\/old\/#\/schema\/logo\/image\/\",\"url\":\"https:\/\/liked.hu\/wp-content\/uploads\/2018\/08\/Liked-icon.png\",\"contentUrl\":\"https:\/\/liked.hu\/wp-content\/uploads\/2018\/08\/Liked-icon.png\",\"width\":512,\"height\":512,\"caption\":\"Liked.hu\"},\"image\":{\"@id\":\"https:\/\/liked.hu\/old\/#\/schema\/logo\/image\/\"}},{\"@type\":\"Person\",\"@id\":\"https:\/\/liked.hu\/old\/#\/schema\/person\/1c8d3f8764991e8dcd6572a7de72da8a\",\"name\":\"Klingstrom\",\"image\":{\"@type\":\"ImageObject\",\"inLanguage\":\"hu\",\"@id\":\"https:\/\/liked.hu\/old\/#\/schema\/person\/image\/\",\"url\":\"https:\/\/liked.hu\/old\/wp-content\/uploads\/avatars\/13\/604de88bd578a-bpfull.jpg\",\"contentUrl\":\"https:\/\/liked.hu\/old\/wp-content\/uploads\/avatars\/13\/604de88bd578a-bpfull.jpg\",\"caption\":\"Klingstrom\"},\"url\":\"https:\/\/liked.hu\/old\/u\/klingstrom\/\"}]}<\/script>\n<!-- \/ Yoast SEO plugin. -->","yoast_head_json":{"title":"13 t\u00e9ny a vil\u00e1g egyik legz\u00e1rk\u00f3zottabb orsz\u00e1g\u00e1r\u00f3l, ami sok szempontb\u00f3l m\u00e9g \u00c9szak-Kore\u00e1t is kenterbe veri","description":"Nem egy olyan hely, ahov\u00e1 sz\u00edvesen k\u00f6lt\u00f6zne az ember.","robots":{"index":"index","follow":"follow","max-snippet":"max-snippet:-1","max-image-preview":"max-image-preview:large","max-video-preview":"max-video-preview:-1"},"canonical":"https:\/\/liked.hu\/old\/erdekes\/13-teny-a-vilag-egyik-legzarkozottabb-orszagarol-ami-sok-szempontbol-meg-eszak-koreat-is-kenterbe-veri\/","next":"https:\/\/liked.hu\/old\/erdekes\/13-teny-a-vilag-egyik-legzarkozottabb-orszagarol-ami-sok-szempontbol-meg-eszak-koreat-is-kenterbe-veri\/2\/","og_locale":"hu_HU","og_type":"article","og_title":"13 t\u00e9ny a vil\u00e1g egyik legz\u00e1rk\u00f3zottabb orsz\u00e1g\u00e1r\u00f3l, ami sok szempontb\u00f3l m\u00e9g \u00c9szak-Kore\u00e1t is kenterbe veri","og_description":"Nem egy olyan hely, ahov\u00e1 sz\u00edvesen k\u00f6lt\u00f6zne az ember.","og_url":"https:\/\/liked.hu\/old\/erdekes\/13-teny-a-vilag-egyik-legzarkozottabb-orszagarol-ami-sok-szempontbol-meg-eszak-koreat-is-kenterbe-veri\/","og_site_name":"Liked.hu","article_publisher":"https:\/\/www.facebook.com\/liked.hu","article_published_time":"2023-12-01T03:35:09+00:00","article_modified_time":"2023-12-01T03:35:20+00:00","og_image":[{"width":1200,"height":630,"url":"https:\/\/liked.hu\/old\/wp-content\/uploads\/2020\/01\/Legzarkozottabb-orszag.jpg","type":"image\/jpeg"}],"author":"Klingstrom","twitter_card":"summary","twitter_creator":"@LikedHu","twitter_site":"@LikedHu","twitter_misc":{"Szerz\u0151:":"Klingstrom","Becs\u00fclt olvas\u00e1si id\u0151":"8 perc"},"schema":{"@context":"https:\/\/schema.org","@graph":[{"@type":"Article","@id":"https:\/\/liked.hu\/old\/erdekes\/13-teny-a-vilag-egyik-legzarkozottabb-orszagarol-ami-sok-szempontbol-meg-eszak-koreat-is-kenterbe-veri\/#article","isPartOf":{"@id":"https:\/\/liked.hu\/old\/erdekes\/13-teny-a-vilag-egyik-legzarkozottabb-orszagarol-ami-sok-szempontbol-meg-eszak-koreat-is-kenterbe-veri\/"},"author":{"name":"Klingstrom","@id":"https:\/\/liked.hu\/old\/#\/schema\/person\/1c8d3f8764991e8dcd6572a7de72da8a"},"headline":"13 t\u00e9ny a vil\u00e1g egyik legz\u00e1rk\u00f3zottabb orsz\u00e1g\u00e1r\u00f3l, ami sok szempontb\u00f3l m\u00e9g \u00c9szak-Kore\u00e1t is kenterbe veri","datePublished":"2023-12-01T03:35:09+00:00","dateModified":"2023-12-01T03:35:20+00:00","mainEntityOfPage":{"@id":"https:\/\/liked.hu\/old\/erdekes\/13-teny-a-vilag-egyik-legzarkozottabb-orszagarol-ami-sok-szempontbol-meg-eszak-koreat-is-kenterbe-veri\/"},"wordCount":1713,"commentCount":16,"publisher":{"@id":"https:\/\/liked.hu\/old\/#organization"},"keywords":["orsz\u00e1g","tilalom","t\u00fcrkmeniszt\u00e1n"],"articleSection":["\u00c9rdekess\u00e9gek"],"inLanguage":"hu","potentialAction":[{"@type":"CommentAction","name":"Comment","target":["https:\/\/liked.hu\/old\/erdekes\/13-teny-a-vilag-egyik-legzarkozottabb-orszagarol-ami-sok-szempontbol-meg-eszak-koreat-is-kenterbe-veri\/#respond"]}]},{"@type":"WebPage","@id":"https:\/\/liked.hu\/old\/erdekes\/13-teny-a-vilag-egyik-legzarkozottabb-orszagarol-ami-sok-szempontbol-meg-eszak-koreat-is-kenterbe-veri\/","url":"https:\/\/liked.hu\/old\/erdekes\/13-teny-a-vilag-egyik-legzarkozottabb-orszagarol-ami-sok-szempontbol-meg-eszak-koreat-is-kenterbe-veri\/","name":"13 t\u00e9ny a vil\u00e1g egyik legz\u00e1rk\u00f3zottabb orsz\u00e1g\u00e1r\u00f3l, ami sok szempontb\u00f3l m\u00e9g \u00c9szak-Kore\u00e1t is kenterbe veri","isPartOf":{"@id":"https:\/\/liked.hu\/old\/#website"},"datePublished":"2023-12-01T03:35:09+00:00","dateModified":"2023-12-01T03:35:20+00:00","description":"Nem egy olyan hely, ahov\u00e1 sz\u00edvesen k\u00f6lt\u00f6zne az ember.","breadcrumb":{"@id":"https:\/\/liked.hu\/old\/erdekes\/13-teny-a-vilag-egyik-legzarkozottabb-orszagarol-ami-sok-szempontbol-meg-eszak-koreat-is-kenterbe-veri\/#breadcrumb"},"inLanguage":"hu","potentialAction":[{"@type":"ReadAction","target":["https:\/\/liked.hu\/old\/erdekes\/13-teny-a-vilag-egyik-legzarkozottabb-orszagarol-ami-sok-szempontbol-meg-eszak-koreat-is-kenterbe-veri\/"]}]},{"@type":"BreadcrumbList","@id":"https:\/\/liked.hu\/old\/erdekes\/13-teny-a-vilag-egyik-legzarkozottabb-orszagarol-ami-sok-szempontbol-meg-eszak-koreat-is-kenterbe-veri\/#breadcrumb","itemListElement":[{"@type":"ListItem","position":1,"name":"Kezd\u0151lap"}]},{"@type":"WebSite","@id":"https:\/\/liked.hu\/old\/#website","url":"https:\/\/liked.hu\/old\/","name":"Liked.hu","description":"","publisher":{"@id":"https:\/\/liked.hu\/old\/#organization"},"potentialAction":[{"@type":"SearchAction","target":{"@type":"EntryPoint","urlTemplate":"https:\/\/liked.hu\/old\/?s={search_term_string}"},"query-input":"required name=search_term_string"}],"inLanguage":"hu"},{"@type":"Organization","@id":"https:\/\/liked.hu\/old\/#organization","name":"Liked.hu","url":"https:\/\/liked.hu\/old\/","sameAs":["https:\/\/hu.pinterest.com\/likedhungary\/","https:\/\/www.youtube.com\/channel\/UCPv91dbMoIukYcM9b9nHN6Q","https:\/\/www.facebook.com\/liked.hu","https:\/\/twitter.com\/LikedHu"],"logo":{"@type":"ImageObject","inLanguage":"hu","@id":"https:\/\/liked.hu\/old\/#\/schema\/logo\/image\/","url":"https:\/\/liked.hu\/wp-content\/uploads\/2018\/08\/Liked-icon.png","contentUrl":"https:\/\/liked.hu\/wp-content\/uploads\/2018\/08\/Liked-icon.png","width":512,"height":512,"caption":"Liked.hu"},"image":{"@id":"https:\/\/liked.hu\/old\/#\/schema\/logo\/image\/"}},{"@type":"Person","@id":"https:\/\/liked.hu\/old\/#\/schema\/person\/1c8d3f8764991e8dcd6572a7de72da8a","name":"Klingstrom","image":{"@type":"ImageObject","inLanguage":"hu","@id":"https:\/\/liked.hu\/old\/#\/schema\/person\/image\/","url":"https:\/\/liked.hu\/old\/wp-content\/uploads\/avatars\/13\/604de88bd578a-bpfull.jpg","contentUrl":"https:\/\/liked.hu\/old\/wp-content\/uploads\/avatars\/13\/604de88bd578a-bpfull.jpg","caption":"Klingstrom"},"url":"https:\/\/liked.hu\/old\/u\/klingstrom\/"}]}},"publishpress_future_action":{"enabled":false,"date":"1970-01-01 01:00:00","action":"","terms":[],"taxonomy":"","browser_timezone_offset":0},"_links":{"self":[{"href":"https:\/\/liked.hu\/old\/wp-json\/wp\/v2\/posts\/165121"}],"collection":[{"href":"https:\/\/liked.hu\/old\/wp-json\/wp\/v2\/posts"}],"about":[{"href":"https:\/\/liked.hu\/old\/wp-json\/wp\/v2\/types\/post"}],"author":[{"embeddable":true,"href":"https:\/\/liked.hu\/old\/wp-json\/wp\/v2\/users\/13"}],"replies":[{"embeddable":true,"href":"https:\/\/liked.hu\/old\/wp-json\/wp\/v2\/comments?post=165121"}],"version-history":[{"count":0,"href":"https:\/\/liked.hu\/old\/wp-json\/wp\/v2\/posts\/165121\/revisions"}],"wp:featuredmedia":[{"embeddable":true,"href":"https:\/\/liked.hu\/old\/wp-json\/wp\/v2\/media\/222231"}],"wp:attachment":[{"href":"https:\/\/liked.hu\/old\/wp-json\/wp\/v2\/media?parent=165121"}],"wp:term":[{"taxonomy":"category","embeddable":true,"href":"https:\/\/liked.hu\/old\/wp-json\/wp\/v2\/categories?post=165121"},{"taxonomy":"post_tag","embeddable":true,"href":"https:\/\/liked.hu\/old\/wp-json\/wp\/v2\/tags?post=165121"}],"curies":[{"name":"wp","href":"https:\/\/api.w.org\/{rel}","templated":true}]}}