{"id":162445,"date":"2019-08-27T12:59:16","date_gmt":"2019-08-27T10:59:16","guid":{"rendered":"https:\/\/liked.hu\/old\/?p=162445"},"modified":"2022-09-06T02:55:24","modified_gmt":"2022-09-06T00:55:24","slug":"7-jol-ismert-szimbolum-valodi-jelentese","status":"publish","type":"post","link":"https:\/\/liked.hu\/old\/erdekes\/7-jol-ismert-szimbolum-valodi-jelentese\/","title":{"rendered":"7 j\u00f3l ismert szimb\u00f3lum, melynek val\u00f3di jelent\u00e9s\u00e9r\u0151l vajmi keveset tudtunk kor\u00e1bban"},"content":{"rendered":"<p>Mindennap ezer \u00e9s ezer k\u00fcl\u00f6nf\u00e9le szimb\u00f3lummal tal\u00e1lkozunk a nagyvil\u00e1gban, melyek t\u00f6bbs\u00e9g\u00e9nek jelent\u00e9s\u00e9t gyakorlatilag zsigerb\u0151l tudjuk. Ezeket nem tan\u00edtotta k\u00fcl\u00f6n nek\u00fcnk senki, egyszer\u0171en a mindennapi \u00e9let\u00fcnk k\u00e9nyszer\u00edtett r\u00e1, hogy tiszt\u00e1ban legy\u00fcnk a jelent\u00e9s\u00fckkel.<\/p>\n\n<div style=\"float:none;margin:0px 0 0px 0;text-align:center;\">\n<div class=\"mobileShowkakettes\"><div class=\"mobileShowka2\"><div style=\"padding-top:0px;padding-bottom:15px;min-height: 300px;\"><div class=\"hirdetes\">HIRDET\u00c9S<\/div>\n<!-- 300lista -->\n<ins class=\"adsbygoogle\"\n     style=\"display:inline-block;width:300px;height:250px\"\n     data-ad-client=\"ca-pub-9424088931673893\"\n     data-ad-slot=\"8471340766\"><\/ins>\n<script async>\n     (adsbygoogle = window.adsbygoogle || []).push({});\n<\/script><\/div><\/div><\/div><\/div>\n\n<p>De hogyan is j\u00f6hettek l\u00e9tre? Mib\u0151l tev\u0151dik \u00f6ssze p\u00e9ld\u00e1ul a bekapcsol\u00f3 \u00e9s kikapcsol\u00f3gombokon tal\u00e1lhat\u00f3 k\u00fcl\u00f6n\u00f6s szimb\u00f3lum? A k\u00f6vetkez\u0151kben (t\u00f6bbek k\u00f6zt) ez is kider\u00fcl.<\/p>\n<div id=\"zombify-main-section-front\" class=\"zombify-main-section-front zombify-screen zf-media-full\">\r\n\t<link rel=\"stylesheet\" type=\"text\/css\" href=\"https:\/\/liked.hu\/old\/js\/zombify.css\">\r\n    <link rel=\"stylesheet\" type=\"text\/css\" href=\"https:\/\/liked.hu\/old\/wp-content\/themes\/newsy-child\/style.css\">\r\n\t<div class=\"zf-container\">\r\n\t\t<div id=\"zf-list\" class=\"zf-list zf-numbered\">\r\n\t\t\t<ol class=\"zf-structure-list\">\r\n\t\t\t\t\t\t\t\t\t\t<li class=\"zf-list_item\">\r\n\t\t\t\t\t\t\t<div class=\"zf-list_header\">\r\n\t\t\t\t\t\t\t\t<h3 id=\"listaelem1\" class=\"zf-list_title\">\r\n\t\t\t\t\t\t\t\t\t<span class=\"zf-number\">1<\/span>\r\n\t\t\t\t\t\t\t\t\t\u00c9s jel (,,&amp;\u201d)\t\t\t\t\t\t\t\t<\/h3>\r\n\t\t\t\t\t\t\t<\/div>\r\n\t\t\t\t\t\t\t\t\t\t\t\t\t\t\t<figure class=\"zf-list_media zf-media-wrapper zf-image zf-type-image\">\r\n\t\t\t\t\t\t\t\t\t<div title=\"\u00c9s jel (,,&amp;amp;\u201d)\" alt=\"\u00c9s jel (,,&amp;amp;\u201d)\" class=\"zf-media\">\r\n\t\t\t\t\t\t\t\t\t\t<img width=\"650\" height=\"436\" src=\"https:\/\/liked.hu\/old\/wp-content\/uploads\/2019\/08\/Angol-C3A9s-jel-jelentC3A9se.jpg\" class=\"\" alt=\"\" loading=\"lazy\" style=\"\" srcset=\"https:\/\/liked.hu\/old\/wp-content\/uploads\/2019\/08\/Angol-C3A9s-jel-jelentC3A9se.jpg 650w, https:\/\/liked.hu\/old\/wp-content\/uploads\/2019\/08\/Angol-C3A9s-jel-jelentC3A9se-300x201.jpg 300w, https:\/\/liked.hu\/old\/wp-content\/uploads\/2019\/08\/Angol-C3A9s-jel-jelentC3A9se-500x335.jpg 500w, https:\/\/liked.hu\/old\/wp-content\/uploads\/2019\/08\/Angol-C3A9s-jel-jelentC3A9se-360x241.jpg 360w, https:\/\/liked.hu\/old\/wp-content\/uploads\/2019\/08\/Angol-C3A9s-jel-jelentC3A9se-545x366.jpg 545w\" sizes=\"(max-width: 650px) 100vw, 650px\" \/>\t\t\t\t\t\t\t\t\t\t\t<figcaption class=\"zf-figcaption\">\r\n\t\t\t\t\t\t\t\t\t\t\t\t\t\t\t\t\t\t\t\t\t\t\t\t<cite>        <a class=\"zf-media_credit\" target=\"_blank\" href=\"https:\/\/liked.hu\/old\/kimeno.php?https:\/\/pikabu.hu\" rel=\"nofollow noopener\">pikabu<\/a>\r\n        <\/cite>\r\n\r\n\t\t\t\t\t\t\t\t\t\t\t\t\t\t\t\t\t\t\t\t\t\t\t<\/figcaption>\r\n\t\t\t\t\t\t\t\t\t\t\t\t\t\t\t\t\t\t\t<\/div>\r\n\t\t\t\t\t\t\t\t\t<hr \/>\r\n\t\t\t\t\t\t\t\t<\/figure>\r\n\t\t\t\t\t\t\t\t\t\t\t\t\t\t\t\t<div class=\"zf-list_description\"><p>Az et jel, \u00e9s jel vagy ampersand (&amp;) egy logogramma, ami az \u201e\u00e9s\u201d k\u00f6t\u0151sz\u00f3t jel\u00f6li. A jel a latin et (\u00e9s) bet\u0171ib\u0151l \u00e1ll\u00f3 ligat\u00fara.<\/p><\/div>\r\n\t\t\t\t\t\t\t\t\t\t\t\t\t<\/li>\r\n\t\t\t\t\t\t\t\t\t\t\t\t<li class=\"zf-list_item\">\r\n\t\t\t\t\t\t\t<div class=\"zf-list_header\">\r\n\t\t\t\t\t\t\t\t<h3 id=\"listaelem2\" class=\"zf-list_title\">\r\n\t\t\t\t\t\t\t\t\t<span class=\"zf-number\">2<\/span>\r\n\t\t\t\t\t\t\t\t\tSz\u00edv szimb\u00f3lum (\u2764)\t\t\t\t\t\t\t\t<\/h3>\r\n\t\t\t\t\t\t\t<\/div>\r\n\t\t\t\t\t\t\t\t\t\t\t\t\t\t\t<figure class=\"zf-list_media zf-media-wrapper zf-image zf-type-image\">\r\n\t\t\t\t\t\t\t\t\t<div title=\"Sz\u00edv szimb\u00f3lum (\u2764)\" alt=\"Sz\u00edv szimb\u00f3lum (\u2764)\" class=\"zf-media\">\r\n\t\t\t\t\t\t\t\t\t\t<img width=\"650\" height=\"370\" src=\"https:\/\/liked.hu\/old\/wp-content\/uploads\/2019\/08\/10366910-206483-0-1485113403-1485113406-650-242bd863ca-1-1485351117.jpg\" class=\"\" alt=\"\" loading=\"lazy\" style=\"\" srcset=\"https:\/\/liked.hu\/old\/wp-content\/uploads\/2019\/08\/10366910-206483-0-1485113403-1485113406-650-242bd863ca-1-1485351117.jpg 650w, https:\/\/liked.hu\/old\/wp-content\/uploads\/2019\/08\/10366910-206483-0-1485113403-1485113406-650-242bd863ca-1-1485351117-300x171.jpg 300w, https:\/\/liked.hu\/old\/wp-content\/uploads\/2019\/08\/10366910-206483-0-1485113403-1485113406-650-242bd863ca-1-1485351117-500x285.jpg 500w, https:\/\/liked.hu\/old\/wp-content\/uploads\/2019\/08\/10366910-206483-0-1485113403-1485113406-650-242bd863ca-1-1485351117-360x205.jpg 360w, https:\/\/liked.hu\/old\/wp-content\/uploads\/2019\/08\/10366910-206483-0-1485113403-1485113406-650-242bd863ca-1-1485351117-545x310.jpg 545w\" sizes=\"(max-width: 650px) 100vw, 650px\" \/>\t\t\t\t\t\t\t\t\t\t\t<figcaption class=\"zf-figcaption\">\r\n\t\t\t\t\t\t\t\t\t\t\t\t\t\t\t\t\t\t\t\t\t\t\t\t<cite>        <a class=\"zf-media_credit\" target=\"_blank\" href=\"https:\/\/liked.hu\/old\/kimeno.php?https:\/\/pikabu.hu\" rel=\"nofollow noopener\">pikabu<\/a>\r\n        <\/cite>\r\n\r\n\t\t\t\t\t\t\t\t\t\t\t\t\t\t\t\t\t\t\t\t\t\t\t<\/figcaption>\r\n\t\t\t\t\t\t\t\t\t\t\t\t\t\t\t\t\t\t\t<\/div>\r\n\t\t\t\t\t\t\t\t\t<hr \/>\r\n\t\t\t\t\t\t\t\t<\/figure>\r\n\t\t\t\t\t\t\t\t\t\t\t\t\t\t\t\t<div class=\"zf-list_description\"><p>A sz&iacute;v szimb&oacute;lum eset&eacute;ben a dolgok m&aacute;r kev&eacute;sb&eacute; egy&eacute;rtelm\u0171ek. Az ugyeb&aacute;r els\u0151re is vil&aacute;gos, hogy maga a szimb&oacute;lum a legkev&eacute;sb&eacute; hasonl&iacute;t az emberi sz&iacute;v form&aacute;j&aacute;ra, de hogy pontosan honnan is j&ouml;tt akkor ez a jel, arra t&ouml;bbf&eacute;le magyar&aacute;zat is l&eacute;tezik:<\/p><ul><li>egyes te&oacute;ri&aacute;k szerint az udvarl&oacute; hatty&uacute;kat szimboliz&aacute;lj&aacute;k, akik egy&uuml;tt maradhatnak &eacute;letben &eacute;s lehetnek boldogok.<\/li><li>egy m&aacute;sik hipot&eacute;zis szerint a n\u0151i medence anat&oacute;mi&aacute;j&aacute;t szimboliz&aacute;lja, vagyis gyakorlatilag az &eacute;let b&ouml;lcs\u0151j&eacute;t, ahonnan mindannyian sz&aacute;rmazunk.<\/li><li>egy harmadik magyar&aacute;zat lehet tov&aacute;bb&aacute; a borosty&aacute;nlev&eacute;l, melynek szint&eacute;n hasonl&oacute; alakja van &eacute;s sz&aacute;mos g&ouml;r&ouml;g v&aacute;z&aacute;n p&eacute;ld&aacute;ul a felismerhetetlens&eacute;gig hasonl&oacute;ra rajzolt&aacute;k \u0151ket.<\/li><\/ul><\/div>\r\n\t\t\t\t\t\t\t\t\t\t\t\t\t<\/li>\r\n\t\t\t\t\t\t\t\t\t\t\t\t<li class=\"zf-list_item\">\r\n\t\t\t\t\t\t\t<div class=\"zf-list_header\">\r\n\t\t\t\t\t\t\t\t<h3 id=\"listaelem3\" class=\"zf-list_title\">\r\n\t\t\t\t\t\t\t\t\t<span class=\"zf-number\">3<\/span>\r\n\t\t\t\t\t\t\t\t\tBluetooth szimb\u00f3lum\t\t\t\t\t\t\t\t<\/h3>\r\n\t\t\t\t\t\t\t<\/div>\r\n\t\t\t\t\t\t\t\t\t\t\t\t\t\t\t<figure class=\"zf-list_media zf-media-wrapper zf-image zf-type-image\">\r\n\t\t\t\t\t\t\t\t\t<div title=\"Bluetooth szimb\u00f3lum\" alt=\"Bluetooth szimb\u00f3lum\" class=\"zf-media\">\r\n\t\t\t\t\t\t\t\t\t\t<img width=\"650\" height=\"436\" src=\"https:\/\/liked.hu\/old\/wp-content\/uploads\/2019\/08\/Bluetooth-jelentC3A9se.jpg\" class=\"\" alt=\"\" loading=\"lazy\" style=\"\" srcset=\"https:\/\/liked.hu\/old\/wp-content\/uploads\/2019\/08\/Bluetooth-jelentC3A9se.jpg 650w, https:\/\/liked.hu\/old\/wp-content\/uploads\/2019\/08\/Bluetooth-jelentC3A9se-300x201.jpg 300w, https:\/\/liked.hu\/old\/wp-content\/uploads\/2019\/08\/Bluetooth-jelentC3A9se-500x335.jpg 500w, https:\/\/liked.hu\/old\/wp-content\/uploads\/2019\/08\/Bluetooth-jelentC3A9se-360x241.jpg 360w, https:\/\/liked.hu\/old\/wp-content\/uploads\/2019\/08\/Bluetooth-jelentC3A9se-545x366.jpg 545w\" sizes=\"(max-width: 650px) 100vw, 650px\" \/>\t\t\t\t\t\t\t\t\t\t\t<figcaption class=\"zf-figcaption\">\r\n\t\t\t\t\t\t\t\t\t\t\t\t\t\t\t\t\t\t\t\t\t\t\t\t<cite>        <a class=\"zf-media_credit\" target=\"_blank\" href=\"https:\/\/liked.hu\/old\/kimeno.php?https:\/\/pikabu.hu\" rel=\"nofollow noopener\">pikabu<\/a>\r\n        <\/cite>\r\n\r\n\t\t\t\t\t\t\t\t\t\t\t\t\t\t\t\t\t\t\t\t\t\t\t<\/figcaption>\r\n\t\t\t\t\t\t\t\t\t\t\t\t\t\t\t\t\t\t\t<\/div>\r\n\t\t\t\t\t\t\t\t\t<hr \/>\r\n\t\t\t\t\t\t\t\t<\/figure>\r\n\t\t\t\t\t\t\t\t\t\t\t\t\t\t\t\t<div class=\"zf-list_description\"><p>A n&eacute;v Harald Bl&aring;tand (I. Harald d&aacute;n kir&aacute;ly) d&aacute;n kir&aacute;ly nev&eacute;nek angol v&aacute;ltozata, aki 958-t&oacute;l, illetve 976-t&oacute;l 986-ig volt D&aacute;nia &eacute;s Norv&eacute;gia uralkod&oacute;ja, &eacute;s nagyon szerette az &aacute;fony&aacute;t, ez&eacute;rt k&eacute;k lett a foga. Harald arr&oacute;l volt nevezetes, hogy egyes&iacute;tette a l&aacute;zong&oacute; d&aacute;n, norv&eacute;g &eacute;s sv&eacute;d t&ouml;rzseket.<\/p><p>Ehhez hasonl&oacute;an a Bluetooth-t is arra sz&aacute;nt&aacute;k, hogy egyes&iacute;tsen &eacute;s &ouml;sszek&ouml;ss&ouml;n olyan k&uuml;l&ouml;nb&ouml;z\u0151 eszk&ouml;z&ouml;ket, mint a sz&aacute;m&iacute;t&oacute;g&eacute;p vagy a mobiltelefon. A Bluetooth log&oacute;ja a H &eacute;s B bet\u0171knek megfelel\u0151 skandin&aacute;v r&uacute;n&aacute;kat, a Haglazt &eacute;s a Berkanant id&eacute;zi.<\/p><\/div>\r\n\t\t\t\t\t\t\t\t\t\t\t\t\t<\/li>\r\n\t\t\t\t\t\t\t\t\t\t\t\t<li class=\"zf-list_item\">\r\n\t\t\t\t\t\t\t<div class=\"zf-list_header\">\r\n\t\t\t\t\t\t\t\t<h3 id=\"listaelem4\" class=\"zf-list_title\">\r\n\t\t\t\t\t\t\t\t\t<span class=\"zf-number\">4<\/span>\r\n\t\t\t\t\t\t\t\t\tOrvosi szimb\u00f3lum (Caduceus)\t\t\t\t\t\t\t\t<\/h3>\r\n\t\t\t\t\t\t\t<\/div>\r\n\t\t\t\t\t\t\t\t\t\t\t\t\t\t\t<figure class=\"zf-list_media zf-media-wrapper zf-image zf-type-image\">\r\n\t\t\t\t\t\t\t\t\t<div title=\"Orvosi szimb\u00f3lum (Caduceus)\" alt=\"Orvosi szimb\u00f3lum (Caduceus)\" class=\"zf-media\">\r\n\t\t\t\t\t\t\t\t\t\t<img width=\"650\" height=\"290\" src=\"https:\/\/liked.hu\/old\/wp-content\/uploads\/2019\/08\/Orvosi-szimbC3B3lum-jelentC3A9se.jpg\" class=\"\" alt=\"\" loading=\"lazy\" style=\"\" srcset=\"https:\/\/liked.hu\/old\/wp-content\/uploads\/2019\/08\/Orvosi-szimbC3B3lum-jelentC3A9se.jpg 650w, https:\/\/liked.hu\/old\/wp-content\/uploads\/2019\/08\/Orvosi-szimbC3B3lum-jelentC3A9se-300x134.jpg 300w, https:\/\/liked.hu\/old\/wp-content\/uploads\/2019\/08\/Orvosi-szimbC3B3lum-jelentC3A9se-500x223.jpg 500w, https:\/\/liked.hu\/old\/wp-content\/uploads\/2019\/08\/Orvosi-szimbC3B3lum-jelentC3A9se-360x161.jpg 360w, https:\/\/liked.hu\/old\/wp-content\/uploads\/2019\/08\/Orvosi-szimbC3B3lum-jelentC3A9se-545x243.jpg 545w\" sizes=\"(max-width: 650px) 100vw, 650px\" \/>\t\t\t\t\t\t\t\t\t\t\t<figcaption class=\"zf-figcaption\">\r\n\t\t\t\t\t\t\t\t\t\t\t\t\t\t\t\t\t\t\t\t\t\t\t\t<cite>        <a class=\"zf-media_credit\" target=\"_blank\" href=\"https:\/\/liked.hu\/old\/kimeno.php?https:\/\/pikabu.hu\" rel=\"nofollow noopener\">pikabu<\/a>\r\n        <\/cite>\r\n\r\n\t\t\t\t\t\t\t\t\t\t\t\t\t\t\t\t\t\t\t\t\t\t\t<\/figcaption>\r\n\t\t\t\t\t\t\t\t\t\t\t\t\t\t\t\t\t\t\t<\/div>\r\n\t\t\t\t\t\t\t\t\t<hr \/>\r\n\t\t\t\t\t\t\t\t<\/figure>\r\n\t\t\t\t\t\t\t\t\t\t\t\t\t\t\t\t<div class=\"zf-list_description\"><p>A hetedik sz&aacute;zadban a caduceus a korai nyugati orvosl&aacute;s szimb&oacute;luma lett, els\u0151sorban az alk&iacute;mia &eacute;s a hermetikus asztrol&oacute;gia elvei nyom&aacute;n, amely a bolyg&oacute;kat &eacute;s csillagokat gy&oacute;gyer\u0151k&eacute;nt haszn&aacute;lta a betegs&eacute;gek lek&uuml;zd&eacute;s&eacute;ben. A caduceust &ndash; igen helytelen&uuml;l &ndash; gyakran &ouml;sszekeverik Aszkl&eacute;piusz botj&aacute;val &ndash; Aszkl&eacute;piusz botja val&oacute;di orvosi szimb&oacute;lum, m&iacute;g a caduceus a kereskedelem megjelen&iacute;t\u0151je.<\/p><p>T&ouml;rt&eacute;nelmileg e k&eacute;t asztrol&oacute;giai jel egym&aacute;st&oacute;l teljesen elt&eacute;r\u0151 tartalommal b&iacute;r az alk&iacute;mia &eacute;s a csillag&aacute;szat elvei alapj&aacute;n. N&eacute;ha a caduceus egybefon&oacute;d&oacute; k&iacute;gy&oacute; alakjait a DNS dupla-helix&eacute;hez is hasonl&iacute;thatjuk.<\/p><\/div>\r\n\t\t\t\t\t\t\t\t\t\t\t\t\t<\/li>\r\n\t\t\t\t\t\t\t\t\t\t\t\t<li class=\"zf-list_item\">\r\n\t\t\t\t\t\t\t<div class=\"zf-list_header\">\r\n\t\t\t\t\t\t\t\t<h3 id=\"listaelem5\" class=\"zf-list_title\">\r\n\t\t\t\t\t\t\t\t\t<span class=\"zf-number\">5<\/span>\r\n\t\t\t\t\t\t\t\t\tBe\/kikapcsol\u00f3gomb szimb\u00f3lum\t\t\t\t\t\t\t\t<\/h3>\r\n\t\t\t\t\t\t\t<\/div>\r\n\t\t\t\t\t\t\t\t\t\t\t\t\t\t\t<figure class=\"zf-list_media zf-media-wrapper zf-image zf-type-image\">\r\n\t\t\t\t\t\t\t\t\t<div title=\"Be\/kikapcsol\u00f3gomb szimb\u00f3lum\" alt=\"Be\/kikapcsol\u00f3gomb szimb\u00f3lum\" class=\"zf-media\">\r\n\t\t\t\t\t\t\t\t\t\t<img width=\"650\" height=\"286\" src=\"https:\/\/liked.hu\/old\/wp-content\/uploads\/2019\/08\/BekapcsolC3B3-gomb-szimbC3B3lum.jpg\" class=\"\" alt=\"\" loading=\"lazy\" style=\"\" srcset=\"https:\/\/liked.hu\/old\/wp-content\/uploads\/2019\/08\/BekapcsolC3B3-gomb-szimbC3B3lum.jpg 650w, https:\/\/liked.hu\/old\/wp-content\/uploads\/2019\/08\/BekapcsolC3B3-gomb-szimbC3B3lum-300x132.jpg 300w, https:\/\/liked.hu\/old\/wp-content\/uploads\/2019\/08\/BekapcsolC3B3-gomb-szimbC3B3lum-500x220.jpg 500w, https:\/\/liked.hu\/old\/wp-content\/uploads\/2019\/08\/BekapcsolC3B3-gomb-szimbC3B3lum-360x158.jpg 360w, https:\/\/liked.hu\/old\/wp-content\/uploads\/2019\/08\/BekapcsolC3B3-gomb-szimbC3B3lum-545x240.jpg 545w\" sizes=\"(max-width: 650px) 100vw, 650px\" \/>\t\t\t\t\t\t\t\t\t\t\t<figcaption class=\"zf-figcaption\">\r\n\t\t\t\t\t\t\t\t\t\t\t\t\t\t\t\t\t\t\t\t\t\t\t\t<cite>        <a class=\"zf-media_credit\" target=\"_blank\" href=\"https:\/\/liked.hu\/old\/kimeno.php?https:\/\/pikabu.hu\" rel=\"nofollow noopener\">pikabu<\/a>\r\n        <\/cite>\r\n\r\n\t\t\t\t\t\t\t\t\t\t\t\t\t\t\t\t\t\t\t\t\t\t\t<\/figcaption>\r\n\t\t\t\t\t\t\t\t\t\t\t\t\t\t\t\t\t\t\t<\/div>\r\n\t\t\t\t\t\t\t\t\t<hr \/>\r\n\t\t\t\t\t\t\t\t<\/figure>\r\n\t\t\t\t\t\t\t\t\t\t\t\t\t\t\t\t<div class=\"zf-list_description\"><p>Ennek el\u0151zm&eacute;nyeihez pedig eg&eacute;szen a II. vil&aacute;gh&aacute;bor&uacute;hoz kell visszamenn&uuml;nk, amikor a m&eacute;rn&ouml;k&ouml;knek egy minden nyelven &eacute;rthet\u0151 szimb&oacute;lumot kellett kital&aacute;lniuk a bekapcsol&oacute; gombok fel&uuml;let&eacute;re. Erre pedig a kettes sz&aacute;mrendszer volt a legalkalmasabb, ez&eacute;rt is kapta a bekapcsolt &aacute;llapot az 1-es, m&iacute;g a kikapcsolt &aacute;llapot a 0-&aacute;s gombot.<\/p><p>Azonban a szimb&oacute;lum egy&eacute;b jelent&eacute;ssel is b&iacute;r. A r&eacute;gebbi ki-be kapcsol&oacute; gombokon m&eacute;g egym&aacute;st&oacute;l k&uuml;l&ouml;n szerepelt az 1 &eacute;s a 0, melynek jelent&eacute;se legk&ouml;nnyebben &uacute;gy volt &eacute;rtelmezhet\u0151, hogy az 1-es &aacute;llapotban az elektromos &aacute;ram tov&aacute;bb&iacute;t&aacute;sra ker&uuml;l, m&iacute;g 0-&aacute;s &aacute;llapotban egy&aacute;ltal&aacute;n nem ker&uuml;l tov&aacute;bb&iacute;t&aacute;sra elektromos &aacute;ram.<\/p><\/div>\r\n\t\t\t\t\t\t\t\t\t\t\t\t\t<\/li>\r\n\t\t\t\t\t\t\t\t\t\t\t\t<li class=\"zf-list_item\">\r\n\t\t\t\t\t\t\t<div class=\"zf-list_header\">\r\n\t\t\t\t\t\t\t\t<h3 id=\"listaelem6\" class=\"zf-list_title\">\r\n\t\t\t\t\t\t\t\t\t<span class=\"zf-number\">6<\/span>\r\n\t\t\t\t\t\t\t\t\tB\u00e9ke jel (\u262e\ufe0f)\t\t\t\t\t\t\t\t<\/h3>\r\n\t\t\t\t\t\t\t<\/div>\r\n\t\t\t\t\t\t\t\t\t\t\t\t\t\t\t<figure class=\"zf-list_media zf-media-wrapper zf-image zf-type-image\">\r\n\t\t\t\t\t\t\t\t\t<div title=\"B\u00e9ke jel (\u262e\ufe0f)\" alt=\"B\u00e9ke jel (\u262e\ufe0f)\" class=\"zf-media\">\r\n\t\t\t\t\t\t\t\t\t\t<img width=\"650\" height=\"495\" src=\"https:\/\/liked.hu\/old\/wp-content\/uploads\/2019\/08\/10366760-206480-0-1485112115-1485112118-650-e0751cc9ea-1-1485351117.jpg\" class=\"\" alt=\"\" loading=\"lazy\" style=\"\" srcset=\"https:\/\/liked.hu\/old\/wp-content\/uploads\/2019\/08\/10366760-206480-0-1485112115-1485112118-650-e0751cc9ea-1-1485351117.jpg 650w, https:\/\/liked.hu\/old\/wp-content\/uploads\/2019\/08\/10366760-206480-0-1485112115-1485112118-650-e0751cc9ea-1-1485351117-300x228.jpg 300w, https:\/\/liked.hu\/old\/wp-content\/uploads\/2019\/08\/10366760-206480-0-1485112115-1485112118-650-e0751cc9ea-1-1485351117-500x381.jpg 500w, https:\/\/liked.hu\/old\/wp-content\/uploads\/2019\/08\/10366760-206480-0-1485112115-1485112118-650-e0751cc9ea-1-1485351117-360x274.jpg 360w, https:\/\/liked.hu\/old\/wp-content\/uploads\/2019\/08\/10366760-206480-0-1485112115-1485112118-650-e0751cc9ea-1-1485351117-545x415.jpg 545w\" sizes=\"(max-width: 650px) 100vw, 650px\" \/>\t\t\t\t\t\t\t\t\t\t\t<figcaption class=\"zf-figcaption\">\r\n\t\t\t\t\t\t\t\t\t\t\t\t\t\t\t\t\t\t\t\t\t\t\t\t<cite>        <a class=\"zf-media_credit\" target=\"_blank\" href=\"https:\/\/liked.hu\/old\/kimeno.php?https:\/\/pikabu.hu\" rel=\"nofollow noopener\">pikabu<\/a>\r\n        <\/cite>\r\n\r\n\t\t\t\t\t\t\t\t\t\t\t\t\t\t\t\t\t\t\t\t\t\t\t<\/figcaption>\r\n\t\t\t\t\t\t\t\t\t\t\t\t\t\t\t\t\t\t\t<\/div>\r\n\t\t\t\t\t\t\t\t\t<hr \/>\r\n\t\t\t\t\t\t\t\t<\/figure>\r\n\t\t\t\t\t\t\t\t\t\t\t\t\t\t\t\t<div class=\"zf-list_description\"><p>A jelk&eacute;pet a kozmetik&aacute;zott t&ouml;rt&eacute;nelem szerint el\u0151sz&ouml;r Gerald Holton grafikus vetette pap&iacute;rra 1958. febru&aacute;r 21.-&eacute;n a &ldquo;Campaign for Nuclear Disarmament&rdquo; brit szervezet sz&aacute;m&aacute;ra, akik elm&eacute;letileg a nukle&aacute;ris fegyverkez&eacute;s elleni tiltakoz&aacute;st t\u0171zt&eacute;k ki c&eacute;ljuknak.<\/p><p>Holton kijelent&eacute;se szerint a jel egy k&eacute;ts&eacute;gbeesett embert akar &aacute;br&aacute;zolni, aki f&eacute;lig leereszti a karj&aacute;t, &uacute;gy mint Francisco de Goya kiv&eacute;gz\u0151osztagot &aacute;br&aacute;zol&oacute; k&eacute;p&eacute;n. Azonban ha ut&aacute;nan&eacute;z&uuml;nk ennek a k&eacute;pnek, azt l&aacute;thatjuk, hogy rajta a k&eacute;ts&eacute;gbe esett c&eacute;lszem&eacute;ly felfel&eacute; emeli kez&eacute;t! &Iacute;gy ha b&aacute;rhogy is r&aacute;akarn&aacute;nk illeszteni az alakzatra a mintaszem&eacute;lyt, azt csak egy p&oacute;zban tehetn&eacute;nk: fejjel lefel&eacute;!<\/p><\/div>\r\n\t\t\t\t\t\t\t\t\t\t\t\t\t<\/li>\r\n\t\t\t\t\t\t\t\t\t\t\t\t<li class=\"zf-list_item\">\r\n\t\t\t\t\t\t\t<div class=\"zf-list_header\">\r\n\t\t\t\t\t\t\t\t<h3 id=\"listaelem7\" class=\"zf-list_title\">\r\n\t\t\t\t\t\t\t\t\t<span class=\"zf-number\">7<\/span>\r\n\t\t\t\t\t\t\t\t\t,,Ok\u00e9\u201d szimb\u00f3lum \ud83d\udc4c\t\t\t\t\t\t\t\t<\/h3>\r\n\t\t\t\t\t\t\t<\/div>\r\n\t\t\t\t\t\t\t\t\t\t\t\t\t\t\t<figure class=\"zf-list_media zf-media-wrapper zf-image zf-type-image\">\r\n\t\t\t\t\t\t\t\t\t<div title=\",,Ok\u00e9\u201d szimb\u00f3lum \ud83d\udc4c\" alt=\",,Ok\u00e9\u201d szimb\u00f3lum \ud83d\udc4c\" class=\"zf-media\">\r\n\t\t\t\t\t\t\t\t\t\t<img width=\"650\" height=\"426\" src=\"https:\/\/liked.hu\/old\/wp-content\/uploads\/2019\/08\/10367060-6-1485097933-650-3439f96b75-1485351117.jpg\" class=\"\" alt=\"\" loading=\"lazy\" style=\"\" srcset=\"https:\/\/liked.hu\/old\/wp-content\/uploads\/2019\/08\/10367060-6-1485097933-650-3439f96b75-1485351117.jpg 650w, https:\/\/liked.hu\/old\/wp-content\/uploads\/2019\/08\/10367060-6-1485097933-650-3439f96b75-1485351117-300x197.jpg 300w, https:\/\/liked.hu\/old\/wp-content\/uploads\/2019\/08\/10367060-6-1485097933-650-3439f96b75-1485351117-500x328.jpg 500w, https:\/\/liked.hu\/old\/wp-content\/uploads\/2019\/08\/10367060-6-1485097933-650-3439f96b75-1485351117-360x236.jpg 360w, https:\/\/liked.hu\/old\/wp-content\/uploads\/2019\/08\/10367060-6-1485097933-650-3439f96b75-1485351117-545x357.jpg 545w\" sizes=\"(max-width: 650px) 100vw, 650px\" \/>\t\t\t\t\t\t\t\t\t\t\t<figcaption class=\"zf-figcaption\">\r\n\t\t\t\t\t\t\t\t\t\t\t\t\t\t\t\t\t\t\t\t\t\t\t\t<cite>        <a class=\"zf-media_credit\" target=\"_blank\" href=\"https:\/\/liked.hu\/old\/kimeno.php?https:\/\/pikabu.hu\" rel=\"nofollow noopener\">pikabu<\/a>\r\n        <\/cite>\r\n\r\n\t\t\t\t\t\t\t\t\t\t\t\t\t\t\t\t\t\t\t\t\t\t\t<\/figcaption>\r\n\t\t\t\t\t\t\t\t\t\t\t\t\t\t\t\t\t\t\t<\/div>\r\n\t\t\t\t\t\t\t\t\t<hr \/>\r\n\t\t\t\t\t\t\t\t<\/figure>\r\n\t\t\t\t\t\t\t\t\t\t\t\t\t\t\t\t<div class=\"zf-list_description\"><p>A vil&aacute;g legt&ouml;bb r&eacute;sz&eacute;n ezt a k&eacute;zmozdulatot a ,,rendben&rdquo; sz&oacute; gesztusak&eacute;nt &eacute;rtelmezz&uuml;k, azonban ez nem mindenhol van &iacute;gy. Franciaorsz&aacute;gban p&eacute;ld&aacute;ul amolyan szitoksz&oacute;k&eacute;nt haszn&aacute;lj&aacute;k arra az emberre, aki szerint&uuml;k egy nulla. Keletkez&eacute;s&eacute;r\u0151l sz&aacute;mos elm&eacute;let l&eacute;tezik, ezek k&ouml;z&uuml;l&uuml;k jelenleg a legelfogadottabbak:<\/p><ul><li>egyes elm&eacute;let szerint Martin Van Buren, Amerika 8. eln&ouml;ke haszn&aacute;lta ezt el\u0151sz&ouml;r, aki kamp&aacute;ny&aacute;ban arra igyekezett utalni, hogy minden rendben lesz a j&ouml;v\u0151ben, kez&eacute;vel pedig ezt az omin&oacute;zus jelet form&aacute;lta k&ouml;zben.<\/li><li>egy m&aacute;sik te&oacute;ria szerint az Egyes&uuml;lt &Aacute;llamok 7. eln&ouml;ke, Andrew Jackson haszn&aacute;lta el\u0151sz&ouml;r, aki az angol minden rendben (all correct) kifejez&eacute;st gyakran &iacute;rta &uacute;gy, hogy ,,Oll korrect&rdquo;, melynek r&ouml;vid&iacute;t&eacute;se volt &eacute;rtelemszer\u0171en az ,,OK&rdquo; sz&oacute;, amit ugyeb&aacute;r maga a k&eacute;zmozdulat is szimboliz&aacute;l.<\/li><li>egy harmadik magyar&aacute;zat szerint az ,,OK&rdquo; szimb&oacute;lum nem m&aacute;s, mint egy ritu&aacute;lis mozdulat a buddhizmus &eacute;s hinduizmus ter&uuml;letein. Ez a jel szimboliz&aacute;lja a tanul&aacute;st &eacute;s a tud&aacute;st, Buddh&aacute;t is sokszor &aacute;br&aacute;zoltak &uacute;gy a t&ouml;rt&eacute;nelem sor&aacute;n, hogy ezt a jelet form&aacute;lta kezeivel.<\/li><\/ul><\/div>\r\n\t\t\t\t\t\t\t\t\t\t\t\t\t<\/li>\r\n\t\t\t\t\t\t\t\t\t<\/ol>\r\n\t\t<\/div>\r\n\t<\/div>\r\n\r\n\t<\/div>\r\n\r\n\r\n\n","protected":false},"excerpt":{"rendered":"<p>Mindennap ezer \u00e9s ezer k\u00fcl\u00f6nf\u00e9le szimb\u00f3lummal tal\u00e1lkozunk a nagyvil\u00e1gban, melyek t\u00f6bbs\u00e9g\u00e9nek jelent\u00e9s\u00e9t gyakorlatilag zsigerb\u0151l tudjuk. Ezeket nem tan\u00edtotta k\u00fcl\u00f6n nek\u00fcnk senki, egyszer\u0171en a mindennapi \u00e9let\u00fcnk k\u00e9nyszer\u00edtett r\u00e1, hogy tiszt\u00e1ban legy\u00fcnk a jelent\u00e9s\u00fckkel. De hogyan is j\u00f6hettek l\u00e9tre? Mib\u0151l tev\u0151dik \u00f6ssze p\u00e9ld\u00e1ul a bekapcsol\u00f3 \u00e9s kikapcsol\u00f3gombokon tal\u00e1lhat\u00f3 k\u00fcl\u00f6n\u00f6s szimb\u00f3lum? A k\u00f6vetkez\u0151kben (t\u00f6bbek k\u00f6zt) ez is kider\u00fcl.<\/p>\n","protected":false},"author":7,"featured_media":162446,"comment_status":"open","ping_status":"closed","sticky":false,"template":"","format":"standard","meta":{"buzzeditor_post_format":""},"categories":[23],"tags":[647,1252,1601,5823,8645],"yoast_head":"<!-- This site is optimized with the Yoast SEO plugin v19.6.1 - https:\/\/yoast.com\/wordpress\/plugins\/seo\/ -->\n<title>7 j\u00f3l ismert szimb\u00f3lum, melynek val\u00f3di jelent\u00e9s\u00e9r\u0151l vajmi keveset tudtunk kor\u00e1bban<\/title>\n<meta name=\"description\" content=\"Mindennap ezer \u00e9s ezer k\u00fcl\u00f6nf\u00e9le szimb\u00f3lummal tal\u00e1lkozunk a nagyvil\u00e1gban, melyek t\u00f6bbs\u00e9g\u00e9nek jelent\u00e9s\u00e9t gyakorlatilag zsigerb\u0151l tudjuk. Ezeket nem\" \/>\n<meta name=\"robots\" content=\"index, follow, max-snippet:-1, max-image-preview:large, max-video-preview:-1\" \/>\n<link rel=\"canonical\" href=\"https:\/\/liked.hu\/old\/erdekes\/7-jol-ismert-szimbolum-valodi-jelentese\/\" \/>\n<meta property=\"og:locale\" content=\"hu_HU\" \/>\n<meta property=\"og:type\" content=\"article\" \/>\n<meta property=\"og:title\" content=\"7 j\u00f3l ismert szimb\u00f3lum, melynek val\u00f3di jelent\u00e9s\u00e9r\u0151l vajmi keveset tudtunk kor\u00e1bban\" \/>\n<meta property=\"og:description\" content=\"Mindennap ezer \u00e9s ezer k\u00fcl\u00f6nf\u00e9le szimb\u00f3lummal tal\u00e1lkozunk a nagyvil\u00e1gban, melyek t\u00f6bbs\u00e9g\u00e9nek jelent\u00e9s\u00e9t gyakorlatilag zsigerb\u0151l tudjuk. Ezeket nem\" \/>\n<meta property=\"og:url\" content=\"https:\/\/liked.hu\/old\/erdekes\/7-jol-ismert-szimbolum-valodi-jelentese\/\" \/>\n<meta property=\"og:site_name\" content=\"Liked.hu\" \/>\n<meta property=\"article:publisher\" content=\"https:\/\/www.facebook.com\/liked.hu\" \/>\n<meta property=\"article:published_time\" content=\"2019-08-27T10:59:16+00:00\" \/>\n<meta property=\"article:modified_time\" content=\"2022-09-06T00:55:24+00:00\" \/>\n<meta property=\"og:image\" content=\"https:\/\/liked.hu\/old\/wp-content\/uploads\/2019\/08\/Szimbolumok-es-jelentesek.jpg\" \/>\n\t<meta property=\"og:image:width\" content=\"1200\" \/>\n\t<meta property=\"og:image:height\" content=\"630\" \/>\n\t<meta property=\"og:image:type\" content=\"image\/jpeg\" \/>\n<meta name=\"author\" content=\"Tiborc\" \/>\n<meta name=\"twitter:card\" content=\"summary\" \/>\n<meta name=\"twitter:creator\" content=\"@LikedHu\" \/>\n<meta name=\"twitter:site\" content=\"@LikedHu\" \/>\n<meta name=\"twitter:label1\" content=\"Szerz\u0151:\" \/>\n\t<meta name=\"twitter:data1\" content=\"Tiborc\" \/>\n\t<meta name=\"twitter:label2\" content=\"Becs\u00fclt olvas\u00e1si id\u0151\" \/>\n\t<meta name=\"twitter:data2\" content=\"1 perc\" \/>\n<script type=\"application\/ld+json\" class=\"yoast-schema-graph\">{\"@context\":\"https:\/\/schema.org\",\"@graph\":[{\"@type\":\"Article\",\"@id\":\"https:\/\/liked.hu\/old\/erdekes\/7-jol-ismert-szimbolum-valodi-jelentese\/#article\",\"isPartOf\":{\"@id\":\"https:\/\/liked.hu\/old\/erdekes\/7-jol-ismert-szimbolum-valodi-jelentese\/\"},\"author\":{\"name\":\"Tiborc\",\"@id\":\"https:\/\/liked.hu\/old\/#\/schema\/person\/8b92210be73c8af1a8255bd30ebe772b\"},\"headline\":\"7 j\u00f3l ismert szimb\u00f3lum, melynek val\u00f3di jelent\u00e9s\u00e9r\u0151l vajmi keveset tudtunk kor\u00e1bban\",\"datePublished\":\"2019-08-27T10:59:16+00:00\",\"dateModified\":\"2022-09-06T00:55:24+00:00\",\"mainEntityOfPage\":{\"@id\":\"https:\/\/liked.hu\/old\/erdekes\/7-jol-ismert-szimbolum-valodi-jelentese\/\"},\"wordCount\":117,\"commentCount\":0,\"publisher\":{\"@id\":\"https:\/\/liked.hu\/old\/#organization\"},\"keywords\":[\"\u00e9rdekes\",\"jelent\u00e9s\",\"log\u00f3\",\"Ma tudtam meg!\",\"szomb\u00f3lumok\"],\"articleSection\":[\"\u00c9rdekess\u00e9gek\"],\"inLanguage\":\"hu\",\"potentialAction\":[{\"@type\":\"CommentAction\",\"name\":\"Comment\",\"target\":[\"https:\/\/liked.hu\/old\/erdekes\/7-jol-ismert-szimbolum-valodi-jelentese\/#respond\"]}]},{\"@type\":\"WebPage\",\"@id\":\"https:\/\/liked.hu\/old\/erdekes\/7-jol-ismert-szimbolum-valodi-jelentese\/\",\"url\":\"https:\/\/liked.hu\/old\/erdekes\/7-jol-ismert-szimbolum-valodi-jelentese\/\",\"name\":\"7 j\u00f3l ismert szimb\u00f3lum, melynek val\u00f3di jelent\u00e9s\u00e9r\u0151l vajmi keveset tudtunk kor\u00e1bban\",\"isPartOf\":{\"@id\":\"https:\/\/liked.hu\/old\/#website\"},\"datePublished\":\"2019-08-27T10:59:16+00:00\",\"dateModified\":\"2022-09-06T00:55:24+00:00\",\"description\":\"Mindennap ezer \u00e9s ezer k\u00fcl\u00f6nf\u00e9le szimb\u00f3lummal tal\u00e1lkozunk a nagyvil\u00e1gban, melyek t\u00f6bbs\u00e9g\u00e9nek jelent\u00e9s\u00e9t gyakorlatilag zsigerb\u0151l tudjuk. Ezeket nem\",\"breadcrumb\":{\"@id\":\"https:\/\/liked.hu\/old\/erdekes\/7-jol-ismert-szimbolum-valodi-jelentese\/#breadcrumb\"},\"inLanguage\":\"hu\",\"potentialAction\":[{\"@type\":\"ReadAction\",\"target\":[\"https:\/\/liked.hu\/old\/erdekes\/7-jol-ismert-szimbolum-valodi-jelentese\/\"]}]},{\"@type\":\"BreadcrumbList\",\"@id\":\"https:\/\/liked.hu\/old\/erdekes\/7-jol-ismert-szimbolum-valodi-jelentese\/#breadcrumb\",\"itemListElement\":[{\"@type\":\"ListItem\",\"position\":1,\"name\":\"Kezd\u0151lap\",\"item\":\"https:\/\/liked.hu\/old\/\"},{\"@type\":\"ListItem\",\"position\":2,\"name\":\"7 j\u00f3l ismert szimb\u00f3lum, melynek val\u00f3di jelent\u00e9s\u00e9r\u0151l vajmi keveset tudtunk kor\u00e1bban\"}]},{\"@type\":\"WebSite\",\"@id\":\"https:\/\/liked.hu\/old\/#website\",\"url\":\"https:\/\/liked.hu\/old\/\",\"name\":\"Liked.hu\",\"description\":\"\",\"publisher\":{\"@id\":\"https:\/\/liked.hu\/old\/#organization\"},\"potentialAction\":[{\"@type\":\"SearchAction\",\"target\":{\"@type\":\"EntryPoint\",\"urlTemplate\":\"https:\/\/liked.hu\/old\/?s={search_term_string}\"},\"query-input\":\"required name=search_term_string\"}],\"inLanguage\":\"hu\"},{\"@type\":\"Organization\",\"@id\":\"https:\/\/liked.hu\/old\/#organization\",\"name\":\"Liked.hu\",\"url\":\"https:\/\/liked.hu\/old\/\",\"sameAs\":[\"https:\/\/hu.pinterest.com\/likedhungary\/\",\"https:\/\/www.youtube.com\/channel\/UCPv91dbMoIukYcM9b9nHN6Q\",\"https:\/\/www.facebook.com\/liked.hu\",\"https:\/\/twitter.com\/LikedHu\"],\"logo\":{\"@type\":\"ImageObject\",\"inLanguage\":\"hu\",\"@id\":\"https:\/\/liked.hu\/old\/#\/schema\/logo\/image\/\",\"url\":\"https:\/\/liked.hu\/wp-content\/uploads\/2018\/08\/Liked-icon.png\",\"contentUrl\":\"https:\/\/liked.hu\/wp-content\/uploads\/2018\/08\/Liked-icon.png\",\"width\":512,\"height\":512,\"caption\":\"Liked.hu\"},\"image\":{\"@id\":\"https:\/\/liked.hu\/old\/#\/schema\/logo\/image\/\"}},{\"@type\":\"Person\",\"@id\":\"https:\/\/liked.hu\/old\/#\/schema\/person\/8b92210be73c8af1a8255bd30ebe772b\",\"name\":\"Tiborc\",\"image\":{\"@type\":\"ImageObject\",\"inLanguage\":\"hu\",\"@id\":\"https:\/\/liked.hu\/old\/#\/schema\/person\/image\/\",\"url\":\"https:\/\/liked.hu\/old\/wp-content\/uploads\/avatars\/7\/604de8ed2ffd6-bpfull.jpg\",\"contentUrl\":\"https:\/\/liked.hu\/old\/wp-content\/uploads\/avatars\/7\/604de8ed2ffd6-bpfull.jpg\",\"caption\":\"Tiborc\"},\"url\":\"https:\/\/liked.hu\/old\/u\/tiborc\/\"}]}<\/script>\n<!-- \/ Yoast SEO plugin. -->","yoast_head_json":{"title":"7 j\u00f3l ismert szimb\u00f3lum, melynek val\u00f3di jelent\u00e9s\u00e9r\u0151l vajmi keveset tudtunk kor\u00e1bban","description":"Mindennap ezer \u00e9s ezer k\u00fcl\u00f6nf\u00e9le szimb\u00f3lummal tal\u00e1lkozunk a nagyvil\u00e1gban, melyek t\u00f6bbs\u00e9g\u00e9nek jelent\u00e9s\u00e9t gyakorlatilag zsigerb\u0151l tudjuk. Ezeket nem","robots":{"index":"index","follow":"follow","max-snippet":"max-snippet:-1","max-image-preview":"max-image-preview:large","max-video-preview":"max-video-preview:-1"},"canonical":"https:\/\/liked.hu\/old\/erdekes\/7-jol-ismert-szimbolum-valodi-jelentese\/","og_locale":"hu_HU","og_type":"article","og_title":"7 j\u00f3l ismert szimb\u00f3lum, melynek val\u00f3di jelent\u00e9s\u00e9r\u0151l vajmi keveset tudtunk kor\u00e1bban","og_description":"Mindennap ezer \u00e9s ezer k\u00fcl\u00f6nf\u00e9le szimb\u00f3lummal tal\u00e1lkozunk a nagyvil\u00e1gban, melyek t\u00f6bbs\u00e9g\u00e9nek jelent\u00e9s\u00e9t gyakorlatilag zsigerb\u0151l tudjuk. Ezeket nem","og_url":"https:\/\/liked.hu\/old\/erdekes\/7-jol-ismert-szimbolum-valodi-jelentese\/","og_site_name":"Liked.hu","article_publisher":"https:\/\/www.facebook.com\/liked.hu","article_published_time":"2019-08-27T10:59:16+00:00","article_modified_time":"2022-09-06T00:55:24+00:00","og_image":[{"width":1200,"height":630,"url":"https:\/\/liked.hu\/old\/wp-content\/uploads\/2019\/08\/Szimbolumok-es-jelentesek.jpg","type":"image\/jpeg"}],"author":"Tiborc","twitter_card":"summary","twitter_creator":"@LikedHu","twitter_site":"@LikedHu","twitter_misc":{"Szerz\u0151:":"Tiborc","Becs\u00fclt olvas\u00e1si id\u0151":"1 perc"},"schema":{"@context":"https:\/\/schema.org","@graph":[{"@type":"Article","@id":"https:\/\/liked.hu\/old\/erdekes\/7-jol-ismert-szimbolum-valodi-jelentese\/#article","isPartOf":{"@id":"https:\/\/liked.hu\/old\/erdekes\/7-jol-ismert-szimbolum-valodi-jelentese\/"},"author":{"name":"Tiborc","@id":"https:\/\/liked.hu\/old\/#\/schema\/person\/8b92210be73c8af1a8255bd30ebe772b"},"headline":"7 j\u00f3l ismert szimb\u00f3lum, melynek val\u00f3di jelent\u00e9s\u00e9r\u0151l vajmi keveset tudtunk kor\u00e1bban","datePublished":"2019-08-27T10:59:16+00:00","dateModified":"2022-09-06T00:55:24+00:00","mainEntityOfPage":{"@id":"https:\/\/liked.hu\/old\/erdekes\/7-jol-ismert-szimbolum-valodi-jelentese\/"},"wordCount":117,"commentCount":0,"publisher":{"@id":"https:\/\/liked.hu\/old\/#organization"},"keywords":["\u00e9rdekes","jelent\u00e9s","log\u00f3","Ma tudtam meg!","szomb\u00f3lumok"],"articleSection":["\u00c9rdekess\u00e9gek"],"inLanguage":"hu","potentialAction":[{"@type":"CommentAction","name":"Comment","target":["https:\/\/liked.hu\/old\/erdekes\/7-jol-ismert-szimbolum-valodi-jelentese\/#respond"]}]},{"@type":"WebPage","@id":"https:\/\/liked.hu\/old\/erdekes\/7-jol-ismert-szimbolum-valodi-jelentese\/","url":"https:\/\/liked.hu\/old\/erdekes\/7-jol-ismert-szimbolum-valodi-jelentese\/","name":"7 j\u00f3l ismert szimb\u00f3lum, melynek val\u00f3di jelent\u00e9s\u00e9r\u0151l vajmi keveset tudtunk kor\u00e1bban","isPartOf":{"@id":"https:\/\/liked.hu\/old\/#website"},"datePublished":"2019-08-27T10:59:16+00:00","dateModified":"2022-09-06T00:55:24+00:00","description":"Mindennap ezer \u00e9s ezer k\u00fcl\u00f6nf\u00e9le szimb\u00f3lummal tal\u00e1lkozunk a nagyvil\u00e1gban, melyek t\u00f6bbs\u00e9g\u00e9nek jelent\u00e9s\u00e9t gyakorlatilag zsigerb\u0151l tudjuk. Ezeket nem","breadcrumb":{"@id":"https:\/\/liked.hu\/old\/erdekes\/7-jol-ismert-szimbolum-valodi-jelentese\/#breadcrumb"},"inLanguage":"hu","potentialAction":[{"@type":"ReadAction","target":["https:\/\/liked.hu\/old\/erdekes\/7-jol-ismert-szimbolum-valodi-jelentese\/"]}]},{"@type":"BreadcrumbList","@id":"https:\/\/liked.hu\/old\/erdekes\/7-jol-ismert-szimbolum-valodi-jelentese\/#breadcrumb","itemListElement":[{"@type":"ListItem","position":1,"name":"Kezd\u0151lap","item":"https:\/\/liked.hu\/old\/"},{"@type":"ListItem","position":2,"name":"7 j\u00f3l ismert szimb\u00f3lum, melynek val\u00f3di jelent\u00e9s\u00e9r\u0151l vajmi keveset tudtunk kor\u00e1bban"}]},{"@type":"WebSite","@id":"https:\/\/liked.hu\/old\/#website","url":"https:\/\/liked.hu\/old\/","name":"Liked.hu","description":"","publisher":{"@id":"https:\/\/liked.hu\/old\/#organization"},"potentialAction":[{"@type":"SearchAction","target":{"@type":"EntryPoint","urlTemplate":"https:\/\/liked.hu\/old\/?s={search_term_string}"},"query-input":"required name=search_term_string"}],"inLanguage":"hu"},{"@type":"Organization","@id":"https:\/\/liked.hu\/old\/#organization","name":"Liked.hu","url":"https:\/\/liked.hu\/old\/","sameAs":["https:\/\/hu.pinterest.com\/likedhungary\/","https:\/\/www.youtube.com\/channel\/UCPv91dbMoIukYcM9b9nHN6Q","https:\/\/www.facebook.com\/liked.hu","https:\/\/twitter.com\/LikedHu"],"logo":{"@type":"ImageObject","inLanguage":"hu","@id":"https:\/\/liked.hu\/old\/#\/schema\/logo\/image\/","url":"https:\/\/liked.hu\/wp-content\/uploads\/2018\/08\/Liked-icon.png","contentUrl":"https:\/\/liked.hu\/wp-content\/uploads\/2018\/08\/Liked-icon.png","width":512,"height":512,"caption":"Liked.hu"},"image":{"@id":"https:\/\/liked.hu\/old\/#\/schema\/logo\/image\/"}},{"@type":"Person","@id":"https:\/\/liked.hu\/old\/#\/schema\/person\/8b92210be73c8af1a8255bd30ebe772b","name":"Tiborc","image":{"@type":"ImageObject","inLanguage":"hu","@id":"https:\/\/liked.hu\/old\/#\/schema\/person\/image\/","url":"https:\/\/liked.hu\/old\/wp-content\/uploads\/avatars\/7\/604de8ed2ffd6-bpfull.jpg","contentUrl":"https:\/\/liked.hu\/old\/wp-content\/uploads\/avatars\/7\/604de8ed2ffd6-bpfull.jpg","caption":"Tiborc"},"url":"https:\/\/liked.hu\/old\/u\/tiborc\/"}]}},"publishpress_future_action":{"enabled":false,"date":"1970-01-01 01:00:00","action":"","terms":[],"taxonomy":"","browser_timezone_offset":0},"_links":{"self":[{"href":"https:\/\/liked.hu\/old\/wp-json\/wp\/v2\/posts\/162445"}],"collection":[{"href":"https:\/\/liked.hu\/old\/wp-json\/wp\/v2\/posts"}],"about":[{"href":"https:\/\/liked.hu\/old\/wp-json\/wp\/v2\/types\/post"}],"author":[{"embeddable":true,"href":"https:\/\/liked.hu\/old\/wp-json\/wp\/v2\/users\/7"}],"replies":[{"embeddable":true,"href":"https:\/\/liked.hu\/old\/wp-json\/wp\/v2\/comments?post=162445"}],"version-history":[{"count":0,"href":"https:\/\/liked.hu\/old\/wp-json\/wp\/v2\/posts\/162445\/revisions"}],"wp:featuredmedia":[{"embeddable":true,"href":"https:\/\/liked.hu\/old\/wp-json\/wp\/v2\/media\/162446"}],"wp:attachment":[{"href":"https:\/\/liked.hu\/old\/wp-json\/wp\/v2\/media?parent=162445"}],"wp:term":[{"taxonomy":"category","embeddable":true,"href":"https:\/\/liked.hu\/old\/wp-json\/wp\/v2\/categories?post=162445"},{"taxonomy":"post_tag","embeddable":true,"href":"https:\/\/liked.hu\/old\/wp-json\/wp\/v2\/tags?post=162445"}],"curies":[{"name":"wp","href":"https:\/\/api.w.org\/{rel}","templated":true}]}}