{"id":15796,"date":"2016-07-26T12:41:50","date_gmt":"2016-07-26T10:41:50","guid":{"rendered":"https:\/\/liked.hu\/old\/?p=15796"},"modified":"2020-07-22T08:46:27","modified_gmt":"2020-07-22T06:46:27","slug":"sajat-keszitesu-jatek-ikarus-busz","status":"publish","type":"post","link":"https:\/\/liked.hu\/old\/video\/sajat-keszitesu-jatek-ikarus-busz\/","title":{"rendered":"Saj\u00e1t elektromos motorral hajtott Ikarus buszt k\u00e9sz\u00edtett fi\u00e1nak a magyar apuka"},"content":{"rendered":"<p style=\"text-align: justify;\">\u00d6tv\u00f6s Istv\u00e1n fia im\u00e1dja a buszokat, elmond\u00e1sa szerint ha a sz\u00e1m\u00edt\u00f3g\u00e9p el\u0151tt \u00fcl, akkor is csak \u00e9s kiz\u00e1r\u00f3lag buszos szimul\u00e1torokkal j\u00e1tszik, miut\u00e1n azonban egy gyerekeknek k\u00e9sz\u00fclt j\u00e1t\u00e9k-Ikarust nem lehet csak \u00fagy leakasztani valamelyik angliai pl\u00e1z\u00e1ban, ez\u00e9rt alaposan fel lett adva a lecke az \u00e9desap\u00e1nak.<\/p>\n<p style=\"text-align: justify;\">A fut\u00e1rk\u00e9nt dolgoz\u00f3 apuka mindenesetre sikeresen vette az akad\u00e1lyokat, szabadidej\u00e9t nem sajn\u00e1lva saj\u00e1t maga fogott bele az Ikarus ,,fejleszt\u00e9s\u00e9be&#8221;, melynek alapj\u00e1t egy 70 cm sz\u00e9les alum\u00ednium v\u00e1z adja, ha pedig elk\u00e9sz\u00fcl, a tervek szerint 4,2 m\u00e9ter hossz\u00fa lesz. A j\u00e1rm\u0171 sz\u00edv\u00e9t egy 500 W-os elektromos motor adja, ami k\u00e9t 12 V-os, egyenk\u00e9nt 30 kg s\u00faly\u00fa akkumul\u00e1torb\u00f3l mer\u00edti az energi\u00e1t. A busz jelenleg m\u00e9g ugyan tesztel\u00e9si st\u00e1diumban van, \u00e1m a kis \u00c1lmost ez szemmel l\u00e1that\u00f3an cseppet sem zavarja, \u0151 m\u00e1r most is remek\u00fcl sz\u00f3rakozik az apuka \u00e1ltal k\u00e9sz\u00edtett fantasztikus aj\u00e1nd\u00e9kkal&#8230;<\/p>\n<p><iframe loading=\"lazy\" title=\"22 July 2016(2)\" width=\"500\" height=\"281\" src=\"https:\/\/www.youtube.com\/embed\/Dm7HnwfFhtI?feature=oembed\" frameborder=\"0\" allow=\"accelerometer; autoplay; clipboard-write; encrypted-media; gyroscope; picture-in-picture; web-share\" referrerpolicy=\"strict-origin-when-cross-origin\" allowfullscreen><\/iframe><\/p>\n","protected":false},"excerpt":{"rendered":"<p>K\u00e9ts\u00e9gtelen, hogy a gyerekkor egyik legizgalmasabb \u00e9s leg\u00e9rdekesebb r\u00e9sze, amikor a sz\u00fcl\u0151kt\u0151l kapott ped\u00e1los j\u00e1t\u00e9kaut\u00f3kkal \u00e9s motorokkal szaggathatjuk a szomsz\u00e9dos utc\u00e1k aszfaltjait. De mi lett volna, hogy ha ezekben a j\u00e1t\u00e9kaut\u00f3kban m\u00e9g motor is lett volna?! Na az Angli\u00e1ban \u00e9l\u0151 \u00c1lmosnak ez is megadatott.<\/p>\n","protected":false},"author":7,"featured_media":212634,"comment_status":"open","ping_status":"closed","sticky":false,"template":"","format":"standard","meta":{"buzzeditor_post_format":""},"categories":[43],"tags":[8700],"yoast_head":"<!-- This site is optimized with the Yoast SEO plugin v19.6.1 - https:\/\/yoast.com\/wordpress\/plugins\/seo\/ -->\n<title>Saj\u00e1t elektromos motorral hajtott Ikarus buszt k\u00e9sz\u00edtett fi\u00e1nak a magyar apuka<\/title>\n<meta name=\"description\" content=\"K\u00e9ts\u00e9gtelen, hogy a gyerekkor egyik legizgalmasabb \u00e9s leg\u00e9rdekesebb r\u00e9sze, amikor a sz\u00fcl\u0151kt\u0151l kapott ped\u00e1los j\u00e1t\u00e9kaut\u00f3kkal \u00e9s motorokkal szaggathatjuk a szomsz\u00e9dos utc\u00e1k aszfaltjait. De mi lett volna, hogy ha ezekben a j\u00e1t\u00e9kaut\u00f3kban m\u00e9g motor is lett volna?! Na az Angli\u00e1ban \u00e9l\u0151 \u00c1lmosnak ez is megadatott.\" \/>\n<meta name=\"robots\" content=\"index, follow, max-snippet:-1, max-image-preview:large, max-video-preview:-1\" \/>\n<link rel=\"canonical\" href=\"https:\/\/liked.hu\/old\/video\/sajat-keszitesu-jatek-ikarus-busz\/\" \/>\n<meta property=\"og:locale\" content=\"hu_HU\" \/>\n<meta property=\"og:type\" content=\"article\" \/>\n<meta property=\"og:title\" content=\"Saj\u00e1t elektromos motorral hajtott Ikarus buszt k\u00e9sz\u00edtett fi\u00e1nak a magyar apuka\" \/>\n<meta property=\"og:description\" content=\"K\u00e9ts\u00e9gtelen, hogy a gyerekkor egyik legizgalmasabb \u00e9s leg\u00e9rdekesebb r\u00e9sze, amikor a sz\u00fcl\u0151kt\u0151l kapott ped\u00e1los j\u00e1t\u00e9kaut\u00f3kkal \u00e9s motorokkal szaggathatjuk a szomsz\u00e9dos utc\u00e1k aszfaltjait. De mi lett volna, hogy ha ezekben a j\u00e1t\u00e9kaut\u00f3kban m\u00e9g motor is lett volna?! Na az Angli\u00e1ban \u00e9l\u0151 \u00c1lmosnak ez is megadatott.\" \/>\n<meta property=\"og:url\" content=\"https:\/\/liked.hu\/old\/video\/sajat-keszitesu-jatek-ikarus-busz\/\" \/>\n<meta property=\"og:site_name\" content=\"Liked.hu\" \/>\n<meta property=\"article:publisher\" content=\"https:\/\/www.facebook.com\/liked.hu\" \/>\n<meta property=\"article:published_time\" content=\"2016-07-26T10:41:50+00:00\" \/>\n<meta property=\"article:modified_time\" content=\"2020-07-22T06:46:27+00:00\" \/>\n<meta property=\"og:image\" content=\"https:\/\/liked.hu\/old\/wp-content\/uploads\/2016\/07\/sddefault.jpg\" \/>\n\t<meta property=\"og:image:width\" content=\"640\" \/>\n\t<meta property=\"og:image:height\" content=\"480\" \/>\n\t<meta property=\"og:image:type\" content=\"image\/jpeg\" \/>\n<meta name=\"author\" content=\"Tiborc\" \/>\n<meta name=\"twitter:card\" content=\"summary\" \/>\n<meta name=\"twitter:creator\" content=\"@LikedHu\" \/>\n<meta name=\"twitter:site\" content=\"@LikedHu\" \/>\n<meta name=\"twitter:label1\" content=\"Szerz\u0151:\" \/>\n\t<meta name=\"twitter:data1\" content=\"Tiborc\" \/>\n\t<meta name=\"twitter:label2\" content=\"Becs\u00fclt olvas\u00e1si id\u0151\" \/>\n\t<meta name=\"twitter:data2\" content=\"1 perc\" \/>\n<script type=\"application\/ld+json\" class=\"yoast-schema-graph\">{\"@context\":\"https:\/\/schema.org\",\"@graph\":[{\"@type\":\"Article\",\"@id\":\"https:\/\/liked.hu\/old\/video\/sajat-keszitesu-jatek-ikarus-busz\/#article\",\"isPartOf\":{\"@id\":\"https:\/\/liked.hu\/old\/video\/sajat-keszitesu-jatek-ikarus-busz\/\"},\"author\":{\"name\":\"Tiborc\",\"@id\":\"https:\/\/liked.hu\/old\/#\/schema\/person\/8b92210be73c8af1a8255bd30ebe772b\"},\"headline\":\"Saj\u00e1t elektromos motorral hajtott Ikarus buszt k\u00e9sz\u00edtett fi\u00e1nak a magyar apuka\",\"datePublished\":\"2016-07-26T10:41:50+00:00\",\"dateModified\":\"2020-07-22T06:46:27+00:00\",\"mainEntityOfPage\":{\"@id\":\"https:\/\/liked.hu\/old\/video\/sajat-keszitesu-jatek-ikarus-busz\/\"},\"wordCount\":209,\"commentCount\":0,\"publisher\":{\"@id\":\"https:\/\/liked.hu\/old\/#organization\"},\"keywords\":[\"B\u00edzz bennem m\u00e9rn\u00f6k vagyok\"],\"articleSection\":[\"Vide\u00f3k\"],\"inLanguage\":\"hu\",\"potentialAction\":[{\"@type\":\"CommentAction\",\"name\":\"Comment\",\"target\":[\"https:\/\/liked.hu\/old\/video\/sajat-keszitesu-jatek-ikarus-busz\/#respond\"]}]},{\"@type\":\"WebPage\",\"@id\":\"https:\/\/liked.hu\/old\/video\/sajat-keszitesu-jatek-ikarus-busz\/\",\"url\":\"https:\/\/liked.hu\/old\/video\/sajat-keszitesu-jatek-ikarus-busz\/\",\"name\":\"Saj\u00e1t elektromos motorral hajtott Ikarus buszt k\u00e9sz\u00edtett fi\u00e1nak a magyar apuka\",\"isPartOf\":{\"@id\":\"https:\/\/liked.hu\/old\/#website\"},\"datePublished\":\"2016-07-26T10:41:50+00:00\",\"dateModified\":\"2020-07-22T06:46:27+00:00\",\"description\":\"K\u00e9ts\u00e9gtelen, hogy a gyerekkor egyik legizgalmasabb \u00e9s leg\u00e9rdekesebb r\u00e9sze, amikor a sz\u00fcl\u0151kt\u0151l kapott ped\u00e1los j\u00e1t\u00e9kaut\u00f3kkal \u00e9s motorokkal szaggathatjuk a szomsz\u00e9dos utc\u00e1k aszfaltjait. De mi lett volna, hogy ha ezekben a j\u00e1t\u00e9kaut\u00f3kban m\u00e9g motor is lett volna?! Na az Angli\u00e1ban \u00e9l\u0151 \u00c1lmosnak ez is megadatott.\",\"breadcrumb\":{\"@id\":\"https:\/\/liked.hu\/old\/video\/sajat-keszitesu-jatek-ikarus-busz\/#breadcrumb\"},\"inLanguage\":\"hu\",\"potentialAction\":[{\"@type\":\"ReadAction\",\"target\":[\"https:\/\/liked.hu\/old\/video\/sajat-keszitesu-jatek-ikarus-busz\/\"]}]},{\"@type\":\"BreadcrumbList\",\"@id\":\"https:\/\/liked.hu\/old\/video\/sajat-keszitesu-jatek-ikarus-busz\/#breadcrumb\",\"itemListElement\":[{\"@type\":\"ListItem\",\"position\":1,\"name\":\"Kezd\u0151lap\",\"item\":\"https:\/\/liked.hu\/old\/\"},{\"@type\":\"ListItem\",\"position\":2,\"name\":\"Saj\u00e1t elektromos motorral hajtott Ikarus buszt k\u00e9sz\u00edtett fi\u00e1nak a magyar apuka\"}]},{\"@type\":\"WebSite\",\"@id\":\"https:\/\/liked.hu\/old\/#website\",\"url\":\"https:\/\/liked.hu\/old\/\",\"name\":\"Liked.hu\",\"description\":\"\",\"publisher\":{\"@id\":\"https:\/\/liked.hu\/old\/#organization\"},\"potentialAction\":[{\"@type\":\"SearchAction\",\"target\":{\"@type\":\"EntryPoint\",\"urlTemplate\":\"https:\/\/liked.hu\/old\/?s={search_term_string}\"},\"query-input\":\"required name=search_term_string\"}],\"inLanguage\":\"hu\"},{\"@type\":\"Organization\",\"@id\":\"https:\/\/liked.hu\/old\/#organization\",\"name\":\"Liked.hu\",\"url\":\"https:\/\/liked.hu\/old\/\",\"sameAs\":[\"https:\/\/hu.pinterest.com\/likedhungary\/\",\"https:\/\/www.youtube.com\/channel\/UCPv91dbMoIukYcM9b9nHN6Q\",\"https:\/\/www.facebook.com\/liked.hu\",\"https:\/\/twitter.com\/LikedHu\"],\"logo\":{\"@type\":\"ImageObject\",\"inLanguage\":\"hu\",\"@id\":\"https:\/\/liked.hu\/old\/#\/schema\/logo\/image\/\",\"url\":\"https:\/\/liked.hu\/wp-content\/uploads\/2018\/08\/Liked-icon.png\",\"contentUrl\":\"https:\/\/liked.hu\/wp-content\/uploads\/2018\/08\/Liked-icon.png\",\"width\":512,\"height\":512,\"caption\":\"Liked.hu\"},\"image\":{\"@id\":\"https:\/\/liked.hu\/old\/#\/schema\/logo\/image\/\"}},{\"@type\":\"Person\",\"@id\":\"https:\/\/liked.hu\/old\/#\/schema\/person\/8b92210be73c8af1a8255bd30ebe772b\",\"name\":\"Tiborc\",\"image\":{\"@type\":\"ImageObject\",\"inLanguage\":\"hu\",\"@id\":\"https:\/\/liked.hu\/old\/#\/schema\/person\/image\/\",\"url\":\"https:\/\/liked.hu\/old\/wp-content\/uploads\/avatars\/7\/604de8ed2ffd6-bpfull.jpg\",\"contentUrl\":\"https:\/\/liked.hu\/old\/wp-content\/uploads\/avatars\/7\/604de8ed2ffd6-bpfull.jpg\",\"caption\":\"Tiborc\"},\"url\":\"https:\/\/liked.hu\/old\/u\/tiborc\/\"}]}<\/script>\n<!-- \/ Yoast SEO plugin. -->","yoast_head_json":{"title":"Saj\u00e1t elektromos motorral hajtott Ikarus buszt k\u00e9sz\u00edtett fi\u00e1nak a magyar apuka","description":"K\u00e9ts\u00e9gtelen, hogy a gyerekkor egyik legizgalmasabb \u00e9s leg\u00e9rdekesebb r\u00e9sze, amikor a sz\u00fcl\u0151kt\u0151l kapott ped\u00e1los j\u00e1t\u00e9kaut\u00f3kkal \u00e9s motorokkal szaggathatjuk a szomsz\u00e9dos utc\u00e1k aszfaltjait. De mi lett volna, hogy ha ezekben a j\u00e1t\u00e9kaut\u00f3kban m\u00e9g motor is lett volna?! Na az Angli\u00e1ban \u00e9l\u0151 \u00c1lmosnak ez is megadatott.","robots":{"index":"index","follow":"follow","max-snippet":"max-snippet:-1","max-image-preview":"max-image-preview:large","max-video-preview":"max-video-preview:-1"},"canonical":"https:\/\/liked.hu\/old\/video\/sajat-keszitesu-jatek-ikarus-busz\/","og_locale":"hu_HU","og_type":"article","og_title":"Saj\u00e1t elektromos motorral hajtott Ikarus buszt k\u00e9sz\u00edtett fi\u00e1nak a magyar apuka","og_description":"K\u00e9ts\u00e9gtelen, hogy a gyerekkor egyik legizgalmasabb \u00e9s leg\u00e9rdekesebb r\u00e9sze, amikor a sz\u00fcl\u0151kt\u0151l kapott ped\u00e1los j\u00e1t\u00e9kaut\u00f3kkal \u00e9s motorokkal szaggathatjuk a szomsz\u00e9dos utc\u00e1k aszfaltjait. De mi lett volna, hogy ha ezekben a j\u00e1t\u00e9kaut\u00f3kban m\u00e9g motor is lett volna?! Na az Angli\u00e1ban \u00e9l\u0151 \u00c1lmosnak ez is megadatott.","og_url":"https:\/\/liked.hu\/old\/video\/sajat-keszitesu-jatek-ikarus-busz\/","og_site_name":"Liked.hu","article_publisher":"https:\/\/www.facebook.com\/liked.hu","article_published_time":"2016-07-26T10:41:50+00:00","article_modified_time":"2020-07-22T06:46:27+00:00","og_image":[{"width":640,"height":480,"url":"https:\/\/liked.hu\/old\/wp-content\/uploads\/2016\/07\/sddefault.jpg","type":"image\/jpeg"}],"author":"Tiborc","twitter_card":"summary","twitter_creator":"@LikedHu","twitter_site":"@LikedHu","twitter_misc":{"Szerz\u0151:":"Tiborc","Becs\u00fclt olvas\u00e1si id\u0151":"1 perc"},"schema":{"@context":"https:\/\/schema.org","@graph":[{"@type":"Article","@id":"https:\/\/liked.hu\/old\/video\/sajat-keszitesu-jatek-ikarus-busz\/#article","isPartOf":{"@id":"https:\/\/liked.hu\/old\/video\/sajat-keszitesu-jatek-ikarus-busz\/"},"author":{"name":"Tiborc","@id":"https:\/\/liked.hu\/old\/#\/schema\/person\/8b92210be73c8af1a8255bd30ebe772b"},"headline":"Saj\u00e1t elektromos motorral hajtott Ikarus buszt k\u00e9sz\u00edtett fi\u00e1nak a magyar apuka","datePublished":"2016-07-26T10:41:50+00:00","dateModified":"2020-07-22T06:46:27+00:00","mainEntityOfPage":{"@id":"https:\/\/liked.hu\/old\/video\/sajat-keszitesu-jatek-ikarus-busz\/"},"wordCount":209,"commentCount":0,"publisher":{"@id":"https:\/\/liked.hu\/old\/#organization"},"keywords":["B\u00edzz bennem m\u00e9rn\u00f6k vagyok"],"articleSection":["Vide\u00f3k"],"inLanguage":"hu","potentialAction":[{"@type":"CommentAction","name":"Comment","target":["https:\/\/liked.hu\/old\/video\/sajat-keszitesu-jatek-ikarus-busz\/#respond"]}]},{"@type":"WebPage","@id":"https:\/\/liked.hu\/old\/video\/sajat-keszitesu-jatek-ikarus-busz\/","url":"https:\/\/liked.hu\/old\/video\/sajat-keszitesu-jatek-ikarus-busz\/","name":"Saj\u00e1t elektromos motorral hajtott Ikarus buszt k\u00e9sz\u00edtett fi\u00e1nak a magyar apuka","isPartOf":{"@id":"https:\/\/liked.hu\/old\/#website"},"datePublished":"2016-07-26T10:41:50+00:00","dateModified":"2020-07-22T06:46:27+00:00","description":"K\u00e9ts\u00e9gtelen, hogy a gyerekkor egyik legizgalmasabb \u00e9s leg\u00e9rdekesebb r\u00e9sze, amikor a sz\u00fcl\u0151kt\u0151l kapott ped\u00e1los j\u00e1t\u00e9kaut\u00f3kkal \u00e9s motorokkal szaggathatjuk a szomsz\u00e9dos utc\u00e1k aszfaltjait. De mi lett volna, hogy ha ezekben a j\u00e1t\u00e9kaut\u00f3kban m\u00e9g motor is lett volna?! Na az Angli\u00e1ban \u00e9l\u0151 \u00c1lmosnak ez is megadatott.","breadcrumb":{"@id":"https:\/\/liked.hu\/old\/video\/sajat-keszitesu-jatek-ikarus-busz\/#breadcrumb"},"inLanguage":"hu","potentialAction":[{"@type":"ReadAction","target":["https:\/\/liked.hu\/old\/video\/sajat-keszitesu-jatek-ikarus-busz\/"]}]},{"@type":"BreadcrumbList","@id":"https:\/\/liked.hu\/old\/video\/sajat-keszitesu-jatek-ikarus-busz\/#breadcrumb","itemListElement":[{"@type":"ListItem","position":1,"name":"Kezd\u0151lap","item":"https:\/\/liked.hu\/old\/"},{"@type":"ListItem","position":2,"name":"Saj\u00e1t elektromos motorral hajtott Ikarus buszt k\u00e9sz\u00edtett fi\u00e1nak a magyar apuka"}]},{"@type":"WebSite","@id":"https:\/\/liked.hu\/old\/#website","url":"https:\/\/liked.hu\/old\/","name":"Liked.hu","description":"","publisher":{"@id":"https:\/\/liked.hu\/old\/#organization"},"potentialAction":[{"@type":"SearchAction","target":{"@type":"EntryPoint","urlTemplate":"https:\/\/liked.hu\/old\/?s={search_term_string}"},"query-input":"required name=search_term_string"}],"inLanguage":"hu"},{"@type":"Organization","@id":"https:\/\/liked.hu\/old\/#organization","name":"Liked.hu","url":"https:\/\/liked.hu\/old\/","sameAs":["https:\/\/hu.pinterest.com\/likedhungary\/","https:\/\/www.youtube.com\/channel\/UCPv91dbMoIukYcM9b9nHN6Q","https:\/\/www.facebook.com\/liked.hu","https:\/\/twitter.com\/LikedHu"],"logo":{"@type":"ImageObject","inLanguage":"hu","@id":"https:\/\/liked.hu\/old\/#\/schema\/logo\/image\/","url":"https:\/\/liked.hu\/wp-content\/uploads\/2018\/08\/Liked-icon.png","contentUrl":"https:\/\/liked.hu\/wp-content\/uploads\/2018\/08\/Liked-icon.png","width":512,"height":512,"caption":"Liked.hu"},"image":{"@id":"https:\/\/liked.hu\/old\/#\/schema\/logo\/image\/"}},{"@type":"Person","@id":"https:\/\/liked.hu\/old\/#\/schema\/person\/8b92210be73c8af1a8255bd30ebe772b","name":"Tiborc","image":{"@type":"ImageObject","inLanguage":"hu","@id":"https:\/\/liked.hu\/old\/#\/schema\/person\/image\/","url":"https:\/\/liked.hu\/old\/wp-content\/uploads\/avatars\/7\/604de8ed2ffd6-bpfull.jpg","contentUrl":"https:\/\/liked.hu\/old\/wp-content\/uploads\/avatars\/7\/604de8ed2ffd6-bpfull.jpg","caption":"Tiborc"},"url":"https:\/\/liked.hu\/old\/u\/tiborc\/"}]}},"publishpress_future_action":{"enabled":false,"date":"1970-01-01 01:00:00","action":"","terms":[],"taxonomy":"","browser_timezone_offset":0},"_links":{"self":[{"href":"https:\/\/liked.hu\/old\/wp-json\/wp\/v2\/posts\/15796"}],"collection":[{"href":"https:\/\/liked.hu\/old\/wp-json\/wp\/v2\/posts"}],"about":[{"href":"https:\/\/liked.hu\/old\/wp-json\/wp\/v2\/types\/post"}],"author":[{"embeddable":true,"href":"https:\/\/liked.hu\/old\/wp-json\/wp\/v2\/users\/7"}],"replies":[{"embeddable":true,"href":"https:\/\/liked.hu\/old\/wp-json\/wp\/v2\/comments?post=15796"}],"version-history":[{"count":0,"href":"https:\/\/liked.hu\/old\/wp-json\/wp\/v2\/posts\/15796\/revisions"}],"wp:featuredmedia":[{"embeddable":true,"href":"https:\/\/liked.hu\/old\/wp-json\/wp\/v2\/media\/212634"}],"wp:attachment":[{"href":"https:\/\/liked.hu\/old\/wp-json\/wp\/v2\/media?parent=15796"}],"wp:term":[{"taxonomy":"category","embeddable":true,"href":"https:\/\/liked.hu\/old\/wp-json\/wp\/v2\/categories?post=15796"},{"taxonomy":"post_tag","embeddable":true,"href":"https:\/\/liked.hu\/old\/wp-json\/wp\/v2\/tags?post=15796"}],"curies":[{"name":"wp","href":"https:\/\/api.w.org\/{rel}","templated":true}]}}