{"id":157604,"date":"2017-04-01T12:20:47","date_gmt":"2017-04-01T10:20:47","guid":{"rendered":"https:\/\/liked.hu\/old\/?p=157604"},"modified":"2019-08-01T12:21:44","modified_gmt":"2019-08-01T10:21:44","slug":"igy-nez-ki-fukusima-voros-tilalmi-zonaja-6-evvel-nuklearis-katasztrofa-utan","status":"publish","type":"post","link":"https:\/\/liked.hu\/old\/erdekes\/igy-nez-ki-fukusima-voros-tilalmi-zonaja-6-evvel-nuklearis-katasztrofa-utan\/","title":{"rendered":"\u00cdgy n\u00e9z ki Fukusima v\u00f6r\u00f6s-tilalmi z\u00f3n\u00e1ja most, 6 \u00e9vvel a nukle\u00e1ris-katasztr\u00f3fa ut\u00e1n"},"content":{"rendered":"<div id=\"zombify-main-section-front\" class=\"zombify-main-section-front zombify-screen zf-media-full\">\r\n\t<link rel=\"stylesheet\" type=\"text\/css\" href=\"https:\/\/liked.hu\/old\/js\/zombify.css\">\r\n    <link rel=\"stylesheet\" type=\"text\/css\" href=\"https:\/\/liked.hu\/old\/wp-content\/themes\/newsy-child\/style.css\">\r\n\t<div class=\"zf-container\">\r\n\t\t<div id=\"zf-list\" class=\"zf-list zf-numbered\">\r\n\t\t\t<ol class=\"zf-structure-list\">\r\n\t\t\t\t\t\t\t\t\t\t<li class=\"zf-list_item\">\r\n\t\t\t\t\t\t\t<div class=\"zf-list_header\">\r\n\t\t\t\t\t\t\t\t<h3 id=\"listaelem1\" class=\"zf-list_title\">\r\n\t\t\t\t\t\t\t\t\t<span class=\"zf-number\">1<\/span>\r\n\t\t\t\t\t\t\t\t\tA v\u00f6r\u00f6s tilalmi z\u00f3na akad\u00e1llyal elz\u00e1rt, katon\u00e1kkal \u0151rz\u00f6tt bej\u00e1rata.\t\t\t\t\t\t\t\t<\/h3>\r\n\t\t\t\t\t\t\t<\/div>\r\n\t\t\t\t\t\t\t\t\t\t\t\t\t\t\t<figure class=\"zf-list_media zf-media-wrapper zf-image zf-type-image\">\r\n\t\t\t\t\t\t\t\t\t<div title=\"A v\u00f6r\u00f6s tilalmi z\u00f3na akad\u00e1llyal elz\u00e1rt, katon\u00e1kkal \u0151rz\u00f6tt bej\u00e1rata.\" alt=\"A v\u00f6r\u00f6s tilalmi z\u00f3na akad\u00e1llyal elz\u00e1rt, katon\u00e1kkal \u0151rz\u00f6tt bej\u00e1rata.\" class=\"zf-media\">\r\n\t\t\t\t\t\t\t\t\t\t<img width=\"730\" height=\"549\" src=\"https:\/\/liked.hu\/old\/wp-content\/uploads\/2019\/08\/58ef48b75f58c_01.jpg\" class=\"\" alt=\"\" loading=\"lazy\" style=\"\" srcset=\"https:\/\/liked.hu\/old\/wp-content\/uploads\/2019\/08\/58ef48b75f58c_01.jpg 730w, https:\/\/liked.hu\/old\/wp-content\/uploads\/2019\/08\/58ef48b75f58c_01-300x226.jpg 300w, https:\/\/liked.hu\/old\/wp-content\/uploads\/2019\/08\/58ef48b75f58c_01-500x376.jpg 500w, https:\/\/liked.hu\/old\/wp-content\/uploads\/2019\/08\/58ef48b75f58c_01-200x150.jpg 200w, https:\/\/liked.hu\/old\/wp-content\/uploads\/2019\/08\/58ef48b75f58c_01-360x270.jpg 360w, https:\/\/liked.hu\/old\/wp-content\/uploads\/2019\/08\/58ef48b75f58c_01-545x410.jpg 545w\" sizes=\"(max-width: 730px) 100vw, 730px\" \/>\t\t\t\t\t\t\t\t\t\t\t<figcaption class=\"zf-figcaption\">\r\n\t\t\t\t\t\t\t\t\t\t\t\t\t\t\t\t\t\t\t\t\t\t\t\t<cite>        <a class=\"zf-media_credit\" target=\"_blank\" href=\"https:\/\/liked.hu\/old\/kimeno.php?https:\/\/liked.hu\/kimeno.php?https:\/\/telegraf.com.ua\/ekologiya\/3272709-shokiruyushhie-snimki-krasnaya-zona-otchuzhdeniya-aes-fukusima-foto.html\" rel=\"nofollow noopener\">telegraf.com.ua<\/a>\r\n        <\/cite>\r\n\r\n\t\t\t\t\t\t\t\t\t\t\t\t\t\t\t\t\t\t\t\t\t\t\t<\/figcaption>\r\n\t\t\t\t\t\t\t\t\t\t\t\t\t\t\t\t\t\t\t<\/div>\r\n\t\t\t\t\t\t\t\t\t<hr \/>\r\n\t\t\t\t\t\t\t\t<\/figure>\r\n\t\t\t\t\t\t\t\t\t\t\t\t\t\t<\/li>\r\n\t\t\t\t\t\t\t\t\t\t\t\t<li class=\"zf-list_item\">\r\n\t\t\t\t\t\t\t<div class=\"zf-list_header\">\r\n\t\t\t\t\t\t\t\t<h3 id=\"listaelem2\" class=\"zf-list_title\">\r\n\t\t\t\t\t\t\t\t\t<span class=\"zf-number\">2<\/span>\r\n\t\t\t\t\t\t\t\t\tZs\u00e1kokba pakolt t\u00f6rmel\u00e9kek \u00e9s hullad\u00e9kok, melyek mind a mai napig szennyezettek.\t\t\t\t\t\t\t\t<\/h3>\r\n\t\t\t\t\t\t\t<\/div>\r\n\t\t\t\t\t\t\t\t\t\t\t\t\t\t\t<figure class=\"zf-list_media zf-media-wrapper zf-image zf-type-image\">\r\n\t\t\t\t\t\t\t\t\t<div title=\"Zs\u00e1kokba pakolt t\u00f6rmel\u00e9kek \u00e9s hullad\u00e9kok, melyek mind a mai napig szennyezettek.\" alt=\"Zs\u00e1kokba pakolt t\u00f6rmel\u00e9kek \u00e9s hullad\u00e9kok, melyek mind a mai napig szennyezettek.\" class=\"zf-media\">\r\n\t\t\t\t\t\t\t\t\t\t<img width=\"990\" height=\"744\" src=\"https:\/\/liked.hu\/old\/wp-content\/uploads\/2019\/08\/58ef48b7d5463_02.jpg\" class=\"\" alt=\"\" loading=\"lazy\" style=\"\" srcset=\"https:\/\/liked.hu\/old\/wp-content\/uploads\/2019\/08\/58ef48b7d5463_02.jpg 990w, https:\/\/liked.hu\/old\/wp-content\/uploads\/2019\/08\/58ef48b7d5463_02-300x225.jpg 300w, https:\/\/liked.hu\/old\/wp-content\/uploads\/2019\/08\/58ef48b7d5463_02-768x577.jpg 768w, https:\/\/liked.hu\/old\/wp-content\/uploads\/2019\/08\/58ef48b7d5463_02-500x376.jpg 500w, https:\/\/liked.hu\/old\/wp-content\/uploads\/2019\/08\/58ef48b7d5463_02-200x150.jpg 200w, https:\/\/liked.hu\/old\/wp-content\/uploads\/2019\/08\/58ef48b7d5463_02-360x270.jpg 360w, https:\/\/liked.hu\/old\/wp-content\/uploads\/2019\/08\/58ef48b7d5463_02-545x410.jpg 545w\" sizes=\"(max-width: 990px) 100vw, 990px\" \/>\t\t\t\t\t\t\t\t\t\t\t<figcaption class=\"zf-figcaption\">\r\n\t\t\t\t\t\t\t\t\t\t\t\t\t\t\t\t\t\t\t\t\t\t\t\t<cite>        <a class=\"zf-media_credit\" target=\"_blank\" href=\"https:\/\/liked.hu\/old\/kimeno.php?https:\/\/liked.hu\/kimeno.php?https:\/\/telegraf.com.ua\/ekologiya\/3272709-shokiruyushhie-snimki-krasnaya-zona-otchuzhdeniya-aes-fukusima-foto.html\" rel=\"nofollow noopener\">telegraf.com.ua<\/a>\r\n        <\/cite>\r\n\r\n\t\t\t\t\t\t\t\t\t\t\t\t\t\t\t\t\t\t\t\t\t\t\t<\/figcaption>\r\n\t\t\t\t\t\t\t\t\t\t\t\t\t\t\t\t\t\t\t<\/div>\r\n\t\t\t\t\t\t\t\t\t<hr \/>\r\n\t\t\t\t\t\t\t\t<\/figure>\r\n\t\t\t\t\t\t\t\t\t\t\t\t\t\t<\/li>\r\n\t\t\t\t\t\t\t\t\t\t\t\t<li class=\"zf-list_item\">\r\n\t\t\t\t\t\t\t<div class=\"zf-list_header\">\r\n\t\t\t\t\t\t\t\t<h3 id=\"listaelem3\" class=\"zf-list_title\">\r\n\t\t\t\t\t\t\t\t\t<span class=\"zf-number\">3<\/span>\r\n\t\t\t\t\t\t\t\t\tEgy meglep\u0151en j\u00f3 \u00e1llapotban maradt j\u00e1t\u00e9kterem.\t\t\t\t\t\t\t\t<\/h3>\r\n\t\t\t\t\t\t\t<\/div>\r\n\t\t\t\t\t\t\t\t\t\t\t\t\t\t\t<figure class=\"zf-list_media zf-media-wrapper zf-image zf-type-image\">\r\n\t\t\t\t\t\t\t\t\t<div title=\"Egy meglep\u0151en j\u00f3 \u00e1llapotban maradt j\u00e1t\u00e9kterem.\" alt=\"Egy meglep\u0151en j\u00f3 \u00e1llapotban maradt j\u00e1t\u00e9kterem.\" class=\"zf-media\">\r\n\t\t\t\t\t\t\t\t\t\t<img width=\"990\" height=\"744\" src=\"https:\/\/liked.hu\/old\/wp-content\/uploads\/2019\/08\/58ef48b86c249_03.jpg\" class=\"\" alt=\"\" loading=\"lazy\" style=\"\" srcset=\"https:\/\/liked.hu\/old\/wp-content\/uploads\/2019\/08\/58ef48b86c249_03.jpg 990w, https:\/\/liked.hu\/old\/wp-content\/uploads\/2019\/08\/58ef48b86c249_03-300x225.jpg 300w, https:\/\/liked.hu\/old\/wp-content\/uploads\/2019\/08\/58ef48b86c249_03-768x577.jpg 768w, https:\/\/liked.hu\/old\/wp-content\/uploads\/2019\/08\/58ef48b86c249_03-500x376.jpg 500w, https:\/\/liked.hu\/old\/wp-content\/uploads\/2019\/08\/58ef48b86c249_03-200x150.jpg 200w, https:\/\/liked.hu\/old\/wp-content\/uploads\/2019\/08\/58ef48b86c249_03-360x270.jpg 360w, https:\/\/liked.hu\/old\/wp-content\/uploads\/2019\/08\/58ef48b86c249_03-545x410.jpg 545w\" sizes=\"(max-width: 990px) 100vw, 990px\" \/>\t\t\t\t\t\t\t\t\t\t\t<figcaption class=\"zf-figcaption\">\r\n\t\t\t\t\t\t\t\t\t\t\t\t\t\t\t\t\t\t\t\t\t\t\t\t<cite>        <a class=\"zf-media_credit\" target=\"_blank\" href=\"https:\/\/liked.hu\/old\/kimeno.php?https:\/\/liked.hu\/kimeno.php?https:\/\/telegraf.com.ua\/ekologiya\/3272709-shokiruyushhie-snimki-krasnaya-zona-otchuzhdeniya-aes-fukusima-foto.html\" rel=\"nofollow noopener\">telegraf.com.ua<\/a>\r\n        <\/cite>\r\n\r\n\t\t\t\t\t\t\t\t\t\t\t\t\t\t\t\t\t\t\t\t\t\t\t<\/figcaption>\r\n\t\t\t\t\t\t\t\t\t\t\t\t\t\t\t\t\t\t\t<\/div>\r\n\t\t\t\t\t\t\t\t\t<hr \/>\r\n\t\t\t\t\t\t\t\t<\/figure>\r\n\t\t\t\t\t\t\t\t\t\t\t\t\t\t<\/li>\r\n\t\t\t\t\t\t\t\t\t\t\t\t<li class=\"zf-list_item\">\r\n\t\t\t\t\t\t\t<div class=\"zf-list_header\">\r\n\t\t\t\t\t\t\t\t<h3 id=\"listaelem4\" class=\"zf-list_title\">\r\n\t\t\t\t\t\t\t\t\t<span class=\"zf-number\">4<\/span>\r\n\t\t\t\t\t\t\t\t\tAz embereknek m\u00e9g az \u00e9tkez\u00e9s\u00fcket sem volt idej\u00fck befejezni, fejvesztve kellett menek\u00fclni\u00fck.\t\t\t\t\t\t\t\t<\/h3>\r\n\t\t\t\t\t\t\t<\/div>\r\n\t\t\t\t\t\t\t\t\t\t\t\t\t\t\t<figure class=\"zf-list_media zf-media-wrapper zf-image zf-type-image\">\r\n\t\t\t\t\t\t\t\t\t<div title=\"Az embereknek m\u00e9g az \u00e9tkez\u00e9s\u00fcket sem volt idej\u00fck befejezni, fejvesztve kellett menek\u00fclni\u00fck.\" alt=\"Az embereknek m\u00e9g az \u00e9tkez\u00e9s\u00fcket sem volt idej\u00fck befejezni, fejvesztve kellett menek\u00fclni\u00fck.\" class=\"zf-media\">\r\n\t\t\t\t\t\t\t\t\t\t<img width=\"990\" height=\"744\" src=\"https:\/\/liked.hu\/old\/wp-content\/uploads\/2019\/08\/58ef48b8e1b3a_04.jpg\" class=\"\" alt=\"\" loading=\"lazy\" style=\"\" srcset=\"https:\/\/liked.hu\/old\/wp-content\/uploads\/2019\/08\/58ef48b8e1b3a_04.jpg 990w, https:\/\/liked.hu\/old\/wp-content\/uploads\/2019\/08\/58ef48b8e1b3a_04-300x225.jpg 300w, https:\/\/liked.hu\/old\/wp-content\/uploads\/2019\/08\/58ef48b8e1b3a_04-768x577.jpg 768w, https:\/\/liked.hu\/old\/wp-content\/uploads\/2019\/08\/58ef48b8e1b3a_04-500x376.jpg 500w, https:\/\/liked.hu\/old\/wp-content\/uploads\/2019\/08\/58ef48b8e1b3a_04-200x150.jpg 200w, https:\/\/liked.hu\/old\/wp-content\/uploads\/2019\/08\/58ef48b8e1b3a_04-360x270.jpg 360w, https:\/\/liked.hu\/old\/wp-content\/uploads\/2019\/08\/58ef48b8e1b3a_04-545x410.jpg 545w\" sizes=\"(max-width: 990px) 100vw, 990px\" \/>\t\t\t\t\t\t\t\t\t\t\t<figcaption class=\"zf-figcaption\">\r\n\t\t\t\t\t\t\t\t\t\t\t\t\t\t\t\t\t\t\t\t\t\t\t\t<cite>        <a class=\"zf-media_credit\" target=\"_blank\" href=\"https:\/\/liked.hu\/old\/kimeno.php?https:\/\/liked.hu\/kimeno.php?https:\/\/telegraf.com.ua\/ekologiya\/3272709-shokiruyushhie-snimki-krasnaya-zona-otchuzhdeniya-aes-fukusima-foto.html\" rel=\"nofollow noopener\">telegraf.com.ua<\/a>\r\n        <\/cite>\r\n\r\n\t\t\t\t\t\t\t\t\t\t\t\t\t\t\t\t\t\t\t\t\t\t\t<\/figcaption>\r\n\t\t\t\t\t\t\t\t\t\t\t\t\t\t\t\t\t\t\t<\/div>\r\n\t\t\t\t\t\t\t\t\t<hr \/>\r\n\t\t\t\t\t\t\t\t<\/figure>\r\n\t\t\t\t\t\t\t\t\t\t\t\t\t\t<\/li>\r\n\t\t\t\t\t\t\t\t\t\t\t\t<li class=\"zf-list_item\">\r\n\t\t\t\t\t\t\t<div class=\"zf-list_header\">\r\n\t\t\t\t\t\t\t\t<h3 id=\"listaelem5\" class=\"zf-list_title\">\r\n\t\t\t\t\t\t\t\t\t<span class=\"zf-number\">5<\/span>\r\n\t\t\t\t\t\t\t\t\tA sz\u00f6k\u0151\u00e1r \u00e1ltal elsodort teheraut\u00f3 \u00e9s \u00fcd\u00edt\u0151automata.\t\t\t\t\t\t\t\t<\/h3>\r\n\t\t\t\t\t\t\t<\/div>\r\n\t\t\t\t\t\t\t\t\t\t\t\t\t\t\t<figure class=\"zf-list_media zf-media-wrapper zf-image zf-type-image\">\r\n\t\t\t\t\t\t\t\t\t<div title=\"A sz\u00f6k\u0151\u00e1r \u00e1ltal elsodort teheraut\u00f3 \u00e9s \u00fcd\u00edt\u0151automata.\" alt=\"A sz\u00f6k\u0151\u00e1r \u00e1ltal elsodort teheraut\u00f3 \u00e9s \u00fcd\u00edt\u0151automata.\" class=\"zf-media\">\r\n\t\t\t\t\t\t\t\t\t\t<img width=\"990\" height=\"744\" src=\"https:\/\/liked.hu\/old\/wp-content\/uploads\/2019\/08\/58ef48b97c6f4_05.jpg\" class=\"\" alt=\"\" loading=\"lazy\" style=\"\" srcset=\"https:\/\/liked.hu\/old\/wp-content\/uploads\/2019\/08\/58ef48b97c6f4_05.jpg 990w, https:\/\/liked.hu\/old\/wp-content\/uploads\/2019\/08\/58ef48b97c6f4_05-300x225.jpg 300w, https:\/\/liked.hu\/old\/wp-content\/uploads\/2019\/08\/58ef48b97c6f4_05-768x577.jpg 768w, https:\/\/liked.hu\/old\/wp-content\/uploads\/2019\/08\/58ef48b97c6f4_05-500x376.jpg 500w, https:\/\/liked.hu\/old\/wp-content\/uploads\/2019\/08\/58ef48b97c6f4_05-200x150.jpg 200w, https:\/\/liked.hu\/old\/wp-content\/uploads\/2019\/08\/58ef48b97c6f4_05-360x270.jpg 360w, https:\/\/liked.hu\/old\/wp-content\/uploads\/2019\/08\/58ef48b97c6f4_05-545x410.jpg 545w\" sizes=\"(max-width: 990px) 100vw, 990px\" \/>\t\t\t\t\t\t\t\t\t\t\t<figcaption class=\"zf-figcaption\">\r\n\t\t\t\t\t\t\t\t\t\t\t\t\t\t\t\t\t\t\t\t\t\t\t\t<cite>        <a class=\"zf-media_credit\" target=\"_blank\" href=\"https:\/\/liked.hu\/old\/kimeno.php?https:\/\/liked.hu\/kimeno.php?https:\/\/telegraf.com.ua\/ekologiya\/3272709-shokiruyushhie-snimki-krasnaya-zona-otchuzhdeniya-aes-fukusima-foto.html\" rel=\"nofollow noopener\">telegraf.com.ua<\/a>\r\n        <\/cite>\r\n\r\n\t\t\t\t\t\t\t\t\t\t\t\t\t\t\t\t\t\t\t\t\t\t\t<\/figcaption>\r\n\t\t\t\t\t\t\t\t\t\t\t\t\t\t\t\t\t\t\t<\/div>\r\n\t\t\t\t\t\t\t\t\t<hr \/>\r\n\t\t\t\t\t\t\t\t<\/figure>\r\n\t\t\t\t\t\t\t\t\t\t\t\t\t\t<\/li>\r\n\t\t\t\t\t\t\t\t\t\t\t\t<li class=\"zf-list_item\">\r\n\t\t\t\t\t\t\t<div class=\"zf-list_header\">\r\n\t\t\t\t\t\t\t\t<h3 id=\"listaelem6\" class=\"zf-list_title\">\r\n\t\t\t\t\t\t\t\t\t<span class=\"zf-number\">6<\/span>\r\n\t\t\t\t\t\t\t\t\tEgy b\u00e1r, ahol a mai napig \u00e9rintetlen\u00fcl \u00e1llnak az alkoholos \u00fcvegek a polcon.\t\t\t\t\t\t\t\t<\/h3>\r\n\t\t\t\t\t\t\t<\/div>\r\n\t\t\t\t\t\t\t\t\t\t\t\t\t\t\t<figure class=\"zf-list_media zf-media-wrapper zf-image zf-type-image\">\r\n\t\t\t\t\t\t\t\t\t<div title=\"Egy b\u00e1r, ahol a mai napig \u00e9rintetlen\u00fcl \u00e1llnak az alkoholos \u00fcvegek a polcon.\" alt=\"Egy b\u00e1r, ahol a mai napig \u00e9rintetlen\u00fcl \u00e1llnak az alkoholos \u00fcvegek a polcon.\" class=\"zf-media\">\r\n\t\t\t\t\t\t\t\t\t\t<img width=\"990\" height=\"744\" src=\"https:\/\/liked.hu\/old\/wp-content\/uploads\/2019\/08\/58ef48ba14601_06.jpg\" class=\"\" alt=\"\" loading=\"lazy\" style=\"\" srcset=\"https:\/\/liked.hu\/old\/wp-content\/uploads\/2019\/08\/58ef48ba14601_06.jpg 990w, https:\/\/liked.hu\/old\/wp-content\/uploads\/2019\/08\/58ef48ba14601_06-300x225.jpg 300w, https:\/\/liked.hu\/old\/wp-content\/uploads\/2019\/08\/58ef48ba14601_06-768x577.jpg 768w, https:\/\/liked.hu\/old\/wp-content\/uploads\/2019\/08\/58ef48ba14601_06-500x376.jpg 500w, https:\/\/liked.hu\/old\/wp-content\/uploads\/2019\/08\/58ef48ba14601_06-200x150.jpg 200w, https:\/\/liked.hu\/old\/wp-content\/uploads\/2019\/08\/58ef48ba14601_06-360x270.jpg 360w, https:\/\/liked.hu\/old\/wp-content\/uploads\/2019\/08\/58ef48ba14601_06-545x410.jpg 545w\" sizes=\"(max-width: 990px) 100vw, 990px\" \/>\t\t\t\t\t\t\t\t\t\t\t<figcaption class=\"zf-figcaption\">\r\n\t\t\t\t\t\t\t\t\t\t\t\t\t\t\t\t\t\t\t\t\t\t\t\t<cite>        <a class=\"zf-media_credit\" target=\"_blank\" href=\"https:\/\/liked.hu\/old\/kimeno.php?https:\/\/liked.hu\/kimeno.php?https:\/\/telegraf.com.ua\/ekologiya\/3272709-shokiruyushhie-snimki-krasnaya-zona-otchuzhdeniya-aes-fukusima-foto.html\" rel=\"nofollow noopener\">telegraf.com.ua<\/a>\r\n        <\/cite>\r\n\r\n\t\t\t\t\t\t\t\t\t\t\t\t\t\t\t\t\t\t\t\t\t\t\t<\/figcaption>\r\n\t\t\t\t\t\t\t\t\t\t\t\t\t\t\t\t\t\t\t<\/div>\r\n\t\t\t\t\t\t\t\t\t<hr \/>\r\n\t\t\t\t\t\t\t\t<\/figure>\r\n\t\t\t\t\t\t\t\t\t\t\t\t\t\t<\/li>\r\n\t\t\t\t\t\t\t\t\t\t\t\t<li class=\"zf-list_item\">\r\n\t\t\t\t\t\t\t<div class=\"zf-list_header\">\r\n\t\t\t\t\t\t\t\t<h3 id=\"listaelem7\" class=\"zf-list_title\">\r\n\t\t\t\t\t\t\t\t\t<span class=\"zf-number\">7<\/span>\r\n\t\t\t\t\t\t\t\t\tEgy csal\u00e1di h\u00e1z, ahov\u00e1 m\u00e1r val\u00f3sz\u00edn\u0171leg sohasem t\u00e9rhetnek majd vissza a tulajdonosok.\t\t\t\t\t\t\t\t<\/h3>\r\n\t\t\t\t\t\t\t<\/div>\r\n\t\t\t\t\t\t\t\t\t\t\t\t\t\t\t<figure class=\"zf-list_media zf-media-wrapper zf-image zf-type-image\">\r\n\t\t\t\t\t\t\t\t\t<div title=\"Egy csal\u00e1di h\u00e1z, ahov\u00e1 m\u00e1r val\u00f3sz\u00edn\u0171leg sohasem t\u00e9rhetnek majd vissza a tulajdonosok.\" alt=\"Egy csal\u00e1di h\u00e1z, ahov\u00e1 m\u00e1r val\u00f3sz\u00edn\u0171leg sohasem t\u00e9rhetnek majd vissza a tulajdonosok.\" class=\"zf-media\">\r\n\t\t\t\t\t\t\t\t\t\t<img width=\"990\" height=\"744\" src=\"https:\/\/liked.hu\/old\/wp-content\/uploads\/2019\/08\/58ef48ba9c384_07.jpg\" class=\"\" alt=\"\" loading=\"lazy\" style=\"\" srcset=\"https:\/\/liked.hu\/old\/wp-content\/uploads\/2019\/08\/58ef48ba9c384_07.jpg 990w, https:\/\/liked.hu\/old\/wp-content\/uploads\/2019\/08\/58ef48ba9c384_07-300x225.jpg 300w, https:\/\/liked.hu\/old\/wp-content\/uploads\/2019\/08\/58ef48ba9c384_07-768x577.jpg 768w, https:\/\/liked.hu\/old\/wp-content\/uploads\/2019\/08\/58ef48ba9c384_07-500x376.jpg 500w, https:\/\/liked.hu\/old\/wp-content\/uploads\/2019\/08\/58ef48ba9c384_07-200x150.jpg 200w, https:\/\/liked.hu\/old\/wp-content\/uploads\/2019\/08\/58ef48ba9c384_07-360x270.jpg 360w, https:\/\/liked.hu\/old\/wp-content\/uploads\/2019\/08\/58ef48ba9c384_07-545x410.jpg 545w\" sizes=\"(max-width: 990px) 100vw, 990px\" \/>\t\t\t\t\t\t\t\t\t\t\t<figcaption class=\"zf-figcaption\">\r\n\t\t\t\t\t\t\t\t\t\t\t\t\t\t\t\t\t\t\t\t\t\t\t\t<cite>        <a class=\"zf-media_credit\" target=\"_blank\" href=\"https:\/\/liked.hu\/old\/kimeno.php?https:\/\/liked.hu\/kimeno.php?https:\/\/telegraf.com.ua\/ekologiya\/3272709-shokiruyushhie-snimki-krasnaya-zona-otchuzhdeniya-aes-fukusima-foto.html\" rel=\"nofollow noopener\">telegraf.com.ua<\/a>\r\n        <\/cite>\r\n\r\n\t\t\t\t\t\t\t\t\t\t\t\t\t\t\t\t\t\t\t\t\t\t\t<\/figcaption>\r\n\t\t\t\t\t\t\t\t\t\t\t\t\t\t\t\t\t\t\t<\/div>\r\n\t\t\t\t\t\t\t\t\t<hr \/>\r\n\t\t\t\t\t\t\t\t<\/figure>\r\n\t\t\t\t\t\t\t\t\t\t\t\t\t\t<\/li>\r\n\t\t\t\t\t\t\t\t\t\t\t\t<li class=\"zf-list_item\">\r\n\t\t\t\t\t\t\t<div class=\"zf-list_header\">\r\n\t\t\t\t\t\t\t\t<h3 id=\"listaelem8\" class=\"zf-list_title\">\r\n\t\t\t\t\t\t\t\t\t<span class=\"zf-number\">8<\/span>\r\n\t\t\t\t\t\t\t\t\tAj\u00e1nd\u00e9kbolt.\t\t\t\t\t\t\t\t<\/h3>\r\n\t\t\t\t\t\t\t<\/div>\r\n\t\t\t\t\t\t\t\t\t\t\t\t\t\t\t<figure class=\"zf-list_media zf-media-wrapper zf-image zf-type-image\">\r\n\t\t\t\t\t\t\t\t\t<div title=\"Aj\u00e1nd\u00e9kbolt.\" alt=\"Aj\u00e1nd\u00e9kbolt.\" class=\"zf-media\">\r\n\t\t\t\t\t\t\t\t\t\t<img width=\"990\" height=\"744\" src=\"https:\/\/liked.hu\/old\/wp-content\/uploads\/2019\/08\/58ef48bb39055_08.jpg\" class=\"\" alt=\"\" loading=\"lazy\" style=\"\" srcset=\"https:\/\/liked.hu\/old\/wp-content\/uploads\/2019\/08\/58ef48bb39055_08.jpg 990w, https:\/\/liked.hu\/old\/wp-content\/uploads\/2019\/08\/58ef48bb39055_08-300x225.jpg 300w, https:\/\/liked.hu\/old\/wp-content\/uploads\/2019\/08\/58ef48bb39055_08-768x577.jpg 768w, https:\/\/liked.hu\/old\/wp-content\/uploads\/2019\/08\/58ef48bb39055_08-500x376.jpg 500w, https:\/\/liked.hu\/old\/wp-content\/uploads\/2019\/08\/58ef48bb39055_08-200x150.jpg 200w, https:\/\/liked.hu\/old\/wp-content\/uploads\/2019\/08\/58ef48bb39055_08-360x270.jpg 360w, https:\/\/liked.hu\/old\/wp-content\/uploads\/2019\/08\/58ef48bb39055_08-545x410.jpg 545w\" sizes=\"(max-width: 990px) 100vw, 990px\" \/>\t\t\t\t\t\t\t\t\t\t\t<figcaption class=\"zf-figcaption\">\r\n\t\t\t\t\t\t\t\t\t\t\t\t\t\t\t\t\t\t\t\t\t\t\t\t<cite>        <a class=\"zf-media_credit\" target=\"_blank\" href=\"https:\/\/liked.hu\/old\/kimeno.php?https:\/\/liked.hu\/kimeno.php?https:\/\/telegraf.com.ua\/ekologiya\/3272709-shokiruyushhie-snimki-krasnaya-zona-otchuzhdeniya-aes-fukusima-foto.html\" rel=\"nofollow noopener\">telegraf.com.ua<\/a>\r\n        <\/cite>\r\n\r\n\t\t\t\t\t\t\t\t\t\t\t\t\t\t\t\t\t\t\t\t\t\t\t<\/figcaption>\r\n\t\t\t\t\t\t\t\t\t\t\t\t\t\t\t\t\t\t\t<\/div>\r\n\t\t\t\t\t\t\t\t\t<hr \/>\r\n\t\t\t\t\t\t\t\t<\/figure>\r\n\t\t\t\t\t\t\t\t\t\t\t\t\t\t<\/li>\r\n\t\t\t\t\t\t\t\t\t\t\t\t<li class=\"zf-list_item\">\r\n\t\t\t\t\t\t\t<div class=\"zf-list_header\">\r\n\t\t\t\t\t\t\t\t<h3 id=\"listaelem9\" class=\"zf-list_title\">\r\n\t\t\t\t\t\t\t\t\t<span class=\"zf-number\">9<\/span>\r\n\t\t\t\t\t\t\t\t\tEgy k\u00f6nyvesbolt, melyet alaposan \u00e1trendezett a f\u00f6ldreng\u00e9s.\t\t\t\t\t\t\t\t<\/h3>\r\n\t\t\t\t\t\t\t<\/div>\r\n\t\t\t\t\t\t\t\t\t\t\t\t\t\t\t<figure class=\"zf-list_media zf-media-wrapper zf-image zf-type-image\">\r\n\t\t\t\t\t\t\t\t\t<div title=\"Egy k\u00f6nyvesbolt, melyet alaposan \u00e1trendezett a f\u00f6ldreng\u00e9s.\" alt=\"Egy k\u00f6nyvesbolt, melyet alaposan \u00e1trendezett a f\u00f6ldreng\u00e9s.\" class=\"zf-media\">\r\n\t\t\t\t\t\t\t\t\t\t<img width=\"990\" height=\"744\" src=\"https:\/\/liked.hu\/old\/wp-content\/uploads\/2019\/08\/58ef48bbb38b2_09.jpg\" class=\"\" alt=\"\" loading=\"lazy\" style=\"\" srcset=\"https:\/\/liked.hu\/old\/wp-content\/uploads\/2019\/08\/58ef48bbb38b2_09.jpg 990w, https:\/\/liked.hu\/old\/wp-content\/uploads\/2019\/08\/58ef48bbb38b2_09-300x225.jpg 300w, https:\/\/liked.hu\/old\/wp-content\/uploads\/2019\/08\/58ef48bbb38b2_09-768x577.jpg 768w, https:\/\/liked.hu\/old\/wp-content\/uploads\/2019\/08\/58ef48bbb38b2_09-500x376.jpg 500w, https:\/\/liked.hu\/old\/wp-content\/uploads\/2019\/08\/58ef48bbb38b2_09-200x150.jpg 200w, https:\/\/liked.hu\/old\/wp-content\/uploads\/2019\/08\/58ef48bbb38b2_09-360x270.jpg 360w, https:\/\/liked.hu\/old\/wp-content\/uploads\/2019\/08\/58ef48bbb38b2_09-545x410.jpg 545w\" sizes=\"(max-width: 990px) 100vw, 990px\" \/>\t\t\t\t\t\t\t\t\t\t\t<figcaption class=\"zf-figcaption\">\r\n\t\t\t\t\t\t\t\t\t\t\t\t\t\t\t\t\t\t\t\t\t\t\t\t<cite>        <a class=\"zf-media_credit\" target=\"_blank\" href=\"https:\/\/liked.hu\/old\/kimeno.php?https:\/\/liked.hu\/kimeno.php?https:\/\/telegraf.com.ua\/ekologiya\/3272709-shokiruyushhie-snimki-krasnaya-zona-otchuzhdeniya-aes-fukusima-foto.html\" rel=\"nofollow noopener\">telegraf.com.ua<\/a>\r\n        <\/cite>\r\n\r\n\t\t\t\t\t\t\t\t\t\t\t\t\t\t\t\t\t\t\t\t\t\t\t<\/figcaption>\r\n\t\t\t\t\t\t\t\t\t\t\t\t\t\t\t\t\t\t\t<\/div>\r\n\t\t\t\t\t\t\t\t\t<hr \/>\r\n\t\t\t\t\t\t\t\t<\/figure>\r\n\t\t\t\t\t\t\t\t\t\t\t\t\t\t<\/li>\r\n\t\t\t\t\t\t\t\t\t\t\t\t<li class=\"zf-list_item\">\r\n\t\t\t\t\t\t\t<div class=\"zf-list_header\">\r\n\t\t\t\t\t\t\t\t<h3 id=\"listaelem10\" class=\"zf-list_title\">\r\n\t\t\t\t\t\t\t\t\t<span class=\"zf-number\">10<\/span>\r\n\t\t\t\t\t\t\t\t\tEgy varroda, ahol m\u00e1r nem volt id\u0151 befejezni az \u00e9pp k\u00e9sz\u00fcl\u0151 ruhadarabot.\t\t\t\t\t\t\t\t<\/h3>\r\n\t\t\t\t\t\t\t<\/div>\r\n\t\t\t\t\t\t\t\t\t\t\t\t\t\t\t<figure class=\"zf-list_media zf-media-wrapper zf-image zf-type-image\">\r\n\t\t\t\t\t\t\t\t\t<div title=\"Egy varroda, ahol m\u00e1r nem volt id\u0151 befejezni az \u00e9pp k\u00e9sz\u00fcl\u0151 ruhadarabot.\" alt=\"Egy varroda, ahol m\u00e1r nem volt id\u0151 befejezni az \u00e9pp k\u00e9sz\u00fcl\u0151 ruhadarabot.\" class=\"zf-media\">\r\n\t\t\t\t\t\t\t\t\t\t<img width=\"990\" height=\"744\" src=\"https:\/\/liked.hu\/old\/wp-content\/uploads\/2019\/08\/58ef48bc71b75_10.jpg\" class=\"\" alt=\"\" loading=\"lazy\" style=\"\" srcset=\"https:\/\/liked.hu\/old\/wp-content\/uploads\/2019\/08\/58ef48bc71b75_10.jpg 990w, https:\/\/liked.hu\/old\/wp-content\/uploads\/2019\/08\/58ef48bc71b75_10-300x225.jpg 300w, https:\/\/liked.hu\/old\/wp-content\/uploads\/2019\/08\/58ef48bc71b75_10-768x577.jpg 768w, https:\/\/liked.hu\/old\/wp-content\/uploads\/2019\/08\/58ef48bc71b75_10-500x376.jpg 500w, https:\/\/liked.hu\/old\/wp-content\/uploads\/2019\/08\/58ef48bc71b75_10-200x150.jpg 200w, https:\/\/liked.hu\/old\/wp-content\/uploads\/2019\/08\/58ef48bc71b75_10-360x270.jpg 360w, https:\/\/liked.hu\/old\/wp-content\/uploads\/2019\/08\/58ef48bc71b75_10-545x410.jpg 545w\" sizes=\"(max-width: 990px) 100vw, 990px\" \/>\t\t\t\t\t\t\t\t\t\t\t<figcaption class=\"zf-figcaption\">\r\n\t\t\t\t\t\t\t\t\t\t\t\t\t\t\t\t\t\t\t\t\t\t\t\t<cite>        <a class=\"zf-media_credit\" target=\"_blank\" href=\"https:\/\/liked.hu\/old\/kimeno.php?https:\/\/liked.hu\/kimeno.php?https:\/\/telegraf.com.ua\/ekologiya\/3272709-shokiruyushhie-snimki-krasnaya-zona-otchuzhdeniya-aes-fukusima-foto.html\" rel=\"nofollow noopener\">telegraf.com.ua<\/a>\r\n        <\/cite>\r\n\r\n\t\t\t\t\t\t\t\t\t\t\t\t\t\t\t\t\t\t\t\t\t\t\t<\/figcaption>\r\n\t\t\t\t\t\t\t\t\t\t\t\t\t\t\t\t\t\t\t<\/div>\r\n\t\t\t\t\t\t\t\t\t<hr \/>\r\n\t\t\t\t\t\t\t\t<\/figure>\r\n\t\t\t\t\t\t\t\t\t\t\t\t\t\t<\/li>\r\n\t\t\t\t\t\t\t\t\t\t\t\t<li class=\"zf-list_item\">\r\n\t\t\t\t\t\t\t<div class=\"zf-list_header\">\r\n\t\t\t\t\t\t\t\t<h3 id=\"listaelem11\" class=\"zf-list_title\">\r\n\t\t\t\t\t\t\t\t\t<span class=\"zf-number\">11<\/span>\r\n\t\t\t\t\t\t\t\t\t\u00c9s egy fodr\u00e1szat, ahol val\u00f3sz\u00edn\u0171leg szint\u00e9n f\u00e9lbemaradt a hajv\u00e1g\u00e1s.\t\t\t\t\t\t\t\t<\/h3>\r\n\t\t\t\t\t\t\t<\/div>\r\n\t\t\t\t\t\t\t\t\t\t\t\t\t\t\t<figure class=\"zf-list_media zf-media-wrapper zf-image zf-type-image\">\r\n\t\t\t\t\t\t\t\t\t<div title=\"\u00c9s egy fodr\u00e1szat, ahol val\u00f3sz\u00edn\u0171leg szint\u00e9n f\u00e9lbemaradt a hajv\u00e1g\u00e1s.\" alt=\"\u00c9s egy fodr\u00e1szat, ahol val\u00f3sz\u00edn\u0171leg szint\u00e9n f\u00e9lbemaradt a hajv\u00e1g\u00e1s.\" class=\"zf-media\">\r\n\t\t\t\t\t\t\t\t\t\t<img width=\"990\" height=\"744\" src=\"https:\/\/liked.hu\/old\/wp-content\/uploads\/2019\/08\/58ef48bd546c3_12.jpg\" class=\"\" alt=\"\" loading=\"lazy\" style=\"\" srcset=\"https:\/\/liked.hu\/old\/wp-content\/uploads\/2019\/08\/58ef48bd546c3_12.jpg 990w, https:\/\/liked.hu\/old\/wp-content\/uploads\/2019\/08\/58ef48bd546c3_12-300x225.jpg 300w, https:\/\/liked.hu\/old\/wp-content\/uploads\/2019\/08\/58ef48bd546c3_12-768x577.jpg 768w, https:\/\/liked.hu\/old\/wp-content\/uploads\/2019\/08\/58ef48bd546c3_12-500x376.jpg 500w, https:\/\/liked.hu\/old\/wp-content\/uploads\/2019\/08\/58ef48bd546c3_12-200x150.jpg 200w, https:\/\/liked.hu\/old\/wp-content\/uploads\/2019\/08\/58ef48bd546c3_12-360x270.jpg 360w, https:\/\/liked.hu\/old\/wp-content\/uploads\/2019\/08\/58ef48bd546c3_12-545x410.jpg 545w\" sizes=\"(max-width: 990px) 100vw, 990px\" \/>\t\t\t\t\t\t\t\t\t\t\t<figcaption class=\"zf-figcaption\">\r\n\t\t\t\t\t\t\t\t\t\t\t\t\t\t\t\t\t\t\t\t\t\t\t\t<cite>        <a class=\"zf-media_credit\" target=\"_blank\" href=\"https:\/\/liked.hu\/old\/kimeno.php?https:\/\/liked.hu\/kimeno.php?https:\/\/telegraf.com.ua\/ekologiya\/3272709-shokiruyushhie-snimki-krasnaya-zona-otchuzhdeniya-aes-fukusima-foto.html\" rel=\"nofollow noopener\">telegraf.com.ua<\/a>\r\n        <\/cite>\r\n\r\n\t\t\t\t\t\t\t\t\t\t\t\t\t\t\t\t\t\t\t\t\t\t\t<\/figcaption>\r\n\t\t\t\t\t\t\t\t\t\t\t\t\t\t\t\t\t\t\t<\/div>\r\n\t\t\t\t\t\t\t\t\t<hr \/>\r\n\t\t\t\t\t\t\t\t<\/figure>\r\n\t\t\t\t\t\t\t\t\t\t\t\t\t\t<\/li>\r\n\t\t\t\t\t\t\t\t\t\t\t\t<li class=\"zf-list_item\">\r\n\t\t\t\t\t\t\t<div class=\"zf-list_header\">\r\n\t\t\t\t\t\t\t\t<h3 id=\"listaelem12\" class=\"zf-list_title\">\r\n\t\t\t\t\t\t\t\t\t<span class=\"zf-number\">12<\/span>\r\n\t\t\t\t\t\t\t\t\tEbb\u0151l a k\u00f3rh\u00e1zi \u00e1gyb\u00f3l valakinek olyan gyorsan kellett menek\u00fclnie, hogy a mank\u00f3t sem volt ideje mag\u00e1val vinni.\t\t\t\t\t\t\t\t<\/h3>\r\n\t\t\t\t\t\t\t<\/div>\r\n\t\t\t\t\t\t\t\t\t\t\t\t\t\t\t<figure class=\"zf-list_media zf-media-wrapper zf-image zf-type-image\">\r\n\t\t\t\t\t\t\t\t\t<div title=\"Ebb\u0151l a k\u00f3rh\u00e1zi \u00e1gyb\u00f3l valakinek olyan gyorsan kellett menek\u00fclnie, hogy a mank\u00f3t sem volt ideje mag\u00e1val vinni.\" alt=\"Ebb\u0151l a k\u00f3rh\u00e1zi \u00e1gyb\u00f3l valakinek olyan gyorsan kellett menek\u00fclnie, hogy a mank\u00f3t sem volt ideje mag\u00e1val vinni.\" class=\"zf-media\">\r\n\t\t\t\t\t\t\t\t\t\t<img width=\"990\" height=\"744\" src=\"https:\/\/liked.hu\/old\/wp-content\/uploads\/2019\/08\/58ef48bde46a2_13.jpg\" class=\"\" alt=\"\" loading=\"lazy\" style=\"\" srcset=\"https:\/\/liked.hu\/old\/wp-content\/uploads\/2019\/08\/58ef48bde46a2_13.jpg 990w, https:\/\/liked.hu\/old\/wp-content\/uploads\/2019\/08\/58ef48bde46a2_13-300x225.jpg 300w, https:\/\/liked.hu\/old\/wp-content\/uploads\/2019\/08\/58ef48bde46a2_13-768x577.jpg 768w, https:\/\/liked.hu\/old\/wp-content\/uploads\/2019\/08\/58ef48bde46a2_13-500x376.jpg 500w, https:\/\/liked.hu\/old\/wp-content\/uploads\/2019\/08\/58ef48bde46a2_13-200x150.jpg 200w, https:\/\/liked.hu\/old\/wp-content\/uploads\/2019\/08\/58ef48bde46a2_13-360x270.jpg 360w, https:\/\/liked.hu\/old\/wp-content\/uploads\/2019\/08\/58ef48bde46a2_13-545x410.jpg 545w\" sizes=\"(max-width: 990px) 100vw, 990px\" \/>\t\t\t\t\t\t\t\t\t\t\t<figcaption class=\"zf-figcaption\">\r\n\t\t\t\t\t\t\t\t\t\t\t\t\t\t\t\t\t\t\t\t\t\t\t\t<cite>        <a class=\"zf-media_credit\" target=\"_blank\" href=\"https:\/\/liked.hu\/old\/kimeno.php?https:\/\/liked.hu\/kimeno.php?https:\/\/telegraf.com.ua\/ekologiya\/3272709-shokiruyushhie-snimki-krasnaya-zona-otchuzhdeniya-aes-fukusima-foto.html\" rel=\"nofollow noopener\">telegraf.com.ua<\/a>\r\n        <\/cite>\r\n\r\n\t\t\t\t\t\t\t\t\t\t\t\t\t\t\t\t\t\t\t\t\t\t\t<\/figcaption>\r\n\t\t\t\t\t\t\t\t\t\t\t\t\t\t\t\t\t\t\t<\/div>\r\n\t\t\t\t\t\t\t\t\t<hr \/>\r\n\t\t\t\t\t\t\t\t<\/figure>\r\n\t\t\t\t\t\t\t\t\t\t\t\t\t\t<\/li>\r\n\t\t\t\t\t\t\t\t\t\t\t\t<li class=\"zf-list_item\">\r\n\t\t\t\t\t\t\t<div class=\"zf-list_header\">\r\n\t\t\t\t\t\t\t\t<h3 id=\"listaelem13\" class=\"zf-list_title\">\r\n\t\t\t\t\t\t\t\t\t<span class=\"zf-number\">13<\/span>\r\n\t\t\t\t\t\t\t\t\tEgy j\u00e1tsz\u00f3t\u00e9r, ami nem hallott m\u00e1r gyerekkacajt, legal\u00e1bb 6 \u00e9ve.\t\t\t\t\t\t\t\t<\/h3>\r\n\t\t\t\t\t\t\t<\/div>\r\n\t\t\t\t\t\t\t\t\t\t\t\t\t\t\t<figure class=\"zf-list_media zf-media-wrapper zf-image zf-type-image\">\r\n\t\t\t\t\t\t\t\t\t<div title=\"Egy j\u00e1tsz\u00f3t\u00e9r, ami nem hallott m\u00e1r gyerekkacajt, legal\u00e1bb 6 \u00e9ve.\" alt=\"Egy j\u00e1tsz\u00f3t\u00e9r, ami nem hallott m\u00e1r gyerekkacajt, legal\u00e1bb 6 \u00e9ve.\" class=\"zf-media\">\r\n\t\t\t\t\t\t\t\t\t\t<img width=\"990\" height=\"744\" src=\"https:\/\/liked.hu\/old\/wp-content\/uploads\/2019\/08\/58ef48bf83390_16.jpg\" class=\"\" alt=\"\" loading=\"lazy\" style=\"\" srcset=\"https:\/\/liked.hu\/old\/wp-content\/uploads\/2019\/08\/58ef48bf83390_16.jpg 990w, https:\/\/liked.hu\/old\/wp-content\/uploads\/2019\/08\/58ef48bf83390_16-300x225.jpg 300w, https:\/\/liked.hu\/old\/wp-content\/uploads\/2019\/08\/58ef48bf83390_16-768x577.jpg 768w, https:\/\/liked.hu\/old\/wp-content\/uploads\/2019\/08\/58ef48bf83390_16-500x376.jpg 500w, https:\/\/liked.hu\/old\/wp-content\/uploads\/2019\/08\/58ef48bf83390_16-200x150.jpg 200w, https:\/\/liked.hu\/old\/wp-content\/uploads\/2019\/08\/58ef48bf83390_16-360x270.jpg 360w, https:\/\/liked.hu\/old\/wp-content\/uploads\/2019\/08\/58ef48bf83390_16-545x410.jpg 545w\" sizes=\"(max-width: 990px) 100vw, 990px\" \/>\t\t\t\t\t\t\t\t\t\t\t<figcaption class=\"zf-figcaption\">\r\n\t\t\t\t\t\t\t\t\t\t\t\t\t\t\t\t\t\t\t\t\t\t\t\t<cite>        <a class=\"zf-media_credit\" target=\"_blank\" href=\"https:\/\/liked.hu\/old\/kimeno.php?https:\/\/liked.hu\/kimeno.php?https:\/\/telegraf.com.ua\/ekologiya\/3272709-shokiruyushhie-snimki-krasnaya-zona-otchuzhdeniya-aes-fukusima-foto.html\" rel=\"nofollow noopener\">telegraf.com.ua<\/a>\r\n        <\/cite>\r\n\r\n\t\t\t\t\t\t\t\t\t\t\t\t\t\t\t\t\t\t\t\t\t\t\t<\/figcaption>\r\n\t\t\t\t\t\t\t\t\t\t\t\t\t\t\t\t\t\t\t<\/div>\r\n\t\t\t\t\t\t\t\t\t<hr \/>\r\n\t\t\t\t\t\t\t\t<\/figure>\r\n\t\t\t\t\t\t\t\t\t\t\t\t\t\t<\/li>\r\n\t\t\t\t\t\t\t\t\t<\/ol>\r\n\t\t<\/div>\r\n\t<\/div>\r\n\r\n\t<\/div>\r\n\r\n\r\n<!--nextpage--><div id=\"zombify-main-section-front\" class=\"zombify-main-section-front zombify-screen zf-media-full\">\r\n\t<link rel=\"stylesheet\" type=\"text\/css\" href=\"https:\/\/liked.hu\/old\/js\/zombify.css\">\r\n    <link rel=\"stylesheet\" type=\"text\/css\" href=\"https:\/\/liked.hu\/old\/wp-content\/themes\/newsy-child\/style.css\">\r\n\t<div class=\"zf-container\">\r\n\t\t<div id=\"zf-list\" class=\"zf-list zf-numbered\">\r\n\t\t\t<ol class=\"zf-structure-list\">\r\n\t\t\t\t\t\t\t\t\t\t<li class=\"zf-list_item\">\r\n\t\t\t\t\t\t\t<div class=\"zf-list_header\">\r\n\t\t\t\t\t\t\t\t<h3 id=\"listaelem14\" class=\"zf-list_title\">\r\n\t\t\t\t\t\t\t\t\t<span class=\"zf-number\">14<\/span>\r\n\t\t\t\t\t\t\t\t\tA v\u00f6r\u00f6s z\u00f3na mind a mai napig vesz\u00e9lyes emberre \u00e9s \u00e1llatra egyar\u00e1nt.\t\t\t\t\t\t\t\t<\/h3>\r\n\t\t\t\t\t\t\t<\/div>\r\n\t\t\t\t\t\t\t\t\t\t\t\t\t\t\t<figure class=\"zf-list_media zf-media-wrapper zf-image zf-type-image\">\r\n\t\t\t\t\t\t\t\t\t<div title=\"A v\u00f6r\u00f6s z\u00f3na mind a mai napig vesz\u00e9lyes emberre \u00e9s \u00e1llatra egyar\u00e1nt.\" alt=\"A v\u00f6r\u00f6s z\u00f3na mind a mai napig vesz\u00e9lyes emberre \u00e9s \u00e1llatra egyar\u00e1nt.\" class=\"zf-media\">\r\n\t\t\t\t\t\t\t\t\t\t<img width=\"990\" height=\"744\" src=\"https:\/\/liked.hu\/old\/wp-content\/uploads\/2019\/08\/58ef48c018224_17.jpg\" class=\"\" alt=\"\" loading=\"lazy\" style=\"\" srcset=\"https:\/\/liked.hu\/old\/wp-content\/uploads\/2019\/08\/58ef48c018224_17.jpg 990w, https:\/\/liked.hu\/old\/wp-content\/uploads\/2019\/08\/58ef48c018224_17-300x225.jpg 300w, https:\/\/liked.hu\/old\/wp-content\/uploads\/2019\/08\/58ef48c018224_17-768x577.jpg 768w, https:\/\/liked.hu\/old\/wp-content\/uploads\/2019\/08\/58ef48c018224_17-500x376.jpg 500w, https:\/\/liked.hu\/old\/wp-content\/uploads\/2019\/08\/58ef48c018224_17-200x150.jpg 200w, https:\/\/liked.hu\/old\/wp-content\/uploads\/2019\/08\/58ef48c018224_17-360x270.jpg 360w, https:\/\/liked.hu\/old\/wp-content\/uploads\/2019\/08\/58ef48c018224_17-545x410.jpg 545w\" sizes=\"(max-width: 990px) 100vw, 990px\" \/>\t\t\t\t\t\t\t\t\t\t\t<figcaption class=\"zf-figcaption\">\r\n\t\t\t\t\t\t\t\t\t\t\t\t\t\t\t\t\t\t\t\t\t\t\t\t<cite>        <a class=\"zf-media_credit\" target=\"_blank\" href=\"https:\/\/liked.hu\/old\/kimeno.php?https:\/\/liked.hu\/kimeno.php?https:\/\/telegraf.com.ua\/ekologiya\/3272709-shokiruyushhie-snimki-krasnaya-zona-otchuzhdeniya-aes-fukusima-foto.html\" rel=\"nofollow noopener\">telegraf.com.ua<\/a>\r\n        <\/cite>\r\n\r\n\t\t\t\t\t\t\t\t\t\t\t\t\t\t\t\t\t\t\t\t\t\t\t<\/figcaption>\r\n\t\t\t\t\t\t\t\t\t\t\t\t\t\t\t\t\t\t\t<\/div>\r\n\t\t\t\t\t\t\t\t\t<hr \/>\r\n\t\t\t\t\t\t\t\t<\/figure>\r\n\t\t\t\t\t\t\t\t\t\t\t\t\t\t<\/li>\r\n\t\t\t\t\t\t\t\t\t\t\t\t<li class=\"zf-list_item\">\r\n\t\t\t\t\t\t\t<div class=\"zf-list_header\">\r\n\t\t\t\t\t\t\t\t<h3 id=\"listaelem15\" class=\"zf-list_title\">\r\n\t\t\t\t\t\t\t\t\t<span class=\"zf-number\">15<\/span>\r\n\t\t\t\t\t\t\t\t\tEgy gimn\u00e1zium tornaterme, melynek padl\u00f3ja beszakadt a f\u00f6ldreng\u00e9s k\u00f6vetkezt\u00e9ben.\t\t\t\t\t\t\t\t<\/h3>\r\n\t\t\t\t\t\t\t<\/div>\r\n\t\t\t\t\t\t\t\t\t\t\t\t\t\t\t<figure class=\"zf-list_media zf-media-wrapper zf-image zf-type-image\">\r\n\t\t\t\t\t\t\t\t\t<div title=\"Egy gimn\u00e1zium tornaterme, melynek padl\u00f3ja beszakadt a f\u00f6ldreng\u00e9s k\u00f6vetkezt\u00e9ben.\" alt=\"Egy gimn\u00e1zium tornaterme, melynek padl\u00f3ja beszakadt a f\u00f6ldreng\u00e9s k\u00f6vetkezt\u00e9ben.\" class=\"zf-media\">\r\n\t\t\t\t\t\t\t\t\t\t<img width=\"990\" height=\"744\" src=\"https:\/\/liked.hu\/old\/wp-content\/uploads\/2019\/08\/58ef48c15f425_18.jpg\" class=\"\" alt=\"\" loading=\"lazy\" style=\"\" srcset=\"https:\/\/liked.hu\/old\/wp-content\/uploads\/2019\/08\/58ef48c15f425_18.jpg 990w, https:\/\/liked.hu\/old\/wp-content\/uploads\/2019\/08\/58ef48c15f425_18-300x225.jpg 300w, https:\/\/liked.hu\/old\/wp-content\/uploads\/2019\/08\/58ef48c15f425_18-768x577.jpg 768w, https:\/\/liked.hu\/old\/wp-content\/uploads\/2019\/08\/58ef48c15f425_18-500x376.jpg 500w, https:\/\/liked.hu\/old\/wp-content\/uploads\/2019\/08\/58ef48c15f425_18-200x150.jpg 200w, https:\/\/liked.hu\/old\/wp-content\/uploads\/2019\/08\/58ef48c15f425_18-360x270.jpg 360w, https:\/\/liked.hu\/old\/wp-content\/uploads\/2019\/08\/58ef48c15f425_18-545x410.jpg 545w\" sizes=\"(max-width: 990px) 100vw, 990px\" \/>\t\t\t\t\t\t\t\t\t\t\t<figcaption class=\"zf-figcaption\">\r\n\t\t\t\t\t\t\t\t\t\t\t\t\t\t\t\t\t\t\t\t\t\t\t\t<cite>        <a class=\"zf-media_credit\" target=\"_blank\" href=\"https:\/\/liked.hu\/old\/kimeno.php?https:\/\/liked.hu\/kimeno.php?https:\/\/telegraf.com.ua\/ekologiya\/3272709-shokiruyushhie-snimki-krasnaya-zona-otchuzhdeniya-aes-fukusima-foto.html\" rel=\"nofollow noopener\">telegraf.com.ua<\/a>\r\n        <\/cite>\r\n\r\n\t\t\t\t\t\t\t\t\t\t\t\t\t\t\t\t\t\t\t\t\t\t\t<\/figcaption>\r\n\t\t\t\t\t\t\t\t\t\t\t\t\t\t\t\t\t\t\t<\/div>\r\n\t\t\t\t\t\t\t\t\t<hr \/>\r\n\t\t\t\t\t\t\t\t<\/figure>\r\n\t\t\t\t\t\t\t\t\t\t\t\t\t\t<\/li>\r\n\t\t\t\t\t\t\t\t\t\t\t\t<li class=\"zf-list_item\">\r\n\t\t\t\t\t\t\t<div class=\"zf-list_header\">\r\n\t\t\t\t\t\t\t\t<h3 id=\"listaelem16\" class=\"zf-list_title\">\r\n\t\t\t\t\t\t\t\t\t<span class=\"zf-number\">16<\/span>\r\n\t\t\t\t\t\t\t\t\tEgy tanterem, ahonnan a di\u00e1koknak szint\u00e9n minden\u00fcket h\u00e1trahagyva kellett menek\u00fclni\u00fck.\t\t\t\t\t\t\t\t<\/h3>\r\n\t\t\t\t\t\t\t<\/div>\r\n\t\t\t\t\t\t\t\t\t\t\t\t\t\t\t<figure class=\"zf-list_media zf-media-wrapper zf-image zf-type-image\">\r\n\t\t\t\t\t\t\t\t\t<div title=\"Egy tanterem, ahonnan a di\u00e1koknak szint\u00e9n minden\u00fcket h\u00e1trahagyva kellett menek\u00fclni\u00fck.\" alt=\"Egy tanterem, ahonnan a di\u00e1koknak szint\u00e9n minden\u00fcket h\u00e1trahagyva kellett menek\u00fclni\u00fck.\" class=\"zf-media\">\r\n\t\t\t\t\t\t\t\t\t\t<img width=\"990\" height=\"744\" src=\"https:\/\/liked.hu\/old\/wp-content\/uploads\/2019\/08\/58ef48c25d223_19.jpg\" class=\"\" alt=\"\" loading=\"lazy\" style=\"\" srcset=\"https:\/\/liked.hu\/old\/wp-content\/uploads\/2019\/08\/58ef48c25d223_19.jpg 990w, https:\/\/liked.hu\/old\/wp-content\/uploads\/2019\/08\/58ef48c25d223_19-300x225.jpg 300w, https:\/\/liked.hu\/old\/wp-content\/uploads\/2019\/08\/58ef48c25d223_19-768x577.jpg 768w, https:\/\/liked.hu\/old\/wp-content\/uploads\/2019\/08\/58ef48c25d223_19-500x376.jpg 500w, https:\/\/liked.hu\/old\/wp-content\/uploads\/2019\/08\/58ef48c25d223_19-200x150.jpg 200w, https:\/\/liked.hu\/old\/wp-content\/uploads\/2019\/08\/58ef48c25d223_19-360x270.jpg 360w, https:\/\/liked.hu\/old\/wp-content\/uploads\/2019\/08\/58ef48c25d223_19-545x410.jpg 545w\" sizes=\"(max-width: 990px) 100vw, 990px\" \/>\t\t\t\t\t\t\t\t\t\t\t<figcaption class=\"zf-figcaption\">\r\n\t\t\t\t\t\t\t\t\t\t\t\t\t\t\t\t\t\t\t\t\t\t\t\t<cite>        <a class=\"zf-media_credit\" target=\"_blank\" href=\"https:\/\/liked.hu\/old\/kimeno.php?https:\/\/liked.hu\/kimeno.php?https:\/\/telegraf.com.ua\/ekologiya\/3272709-shokiruyushhie-snimki-krasnaya-zona-otchuzhdeniya-aes-fukusima-foto.html\" rel=\"nofollow noopener\">telegraf.com.ua<\/a>\r\n        <\/cite>\r\n\r\n\t\t\t\t\t\t\t\t\t\t\t\t\t\t\t\t\t\t\t\t\t\t\t<\/figcaption>\r\n\t\t\t\t\t\t\t\t\t\t\t\t\t\t\t\t\t\t\t<\/div>\r\n\t\t\t\t\t\t\t\t\t<hr \/>\r\n\t\t\t\t\t\t\t\t<\/figure>\r\n\t\t\t\t\t\t\t\t\t\t\t\t\t\t<\/li>\r\n\t\t\t\t\t\t\t\t\t\t\t\t<li class=\"zf-list_item\">\r\n\t\t\t\t\t\t\t<div class=\"zf-list_header\">\r\n\t\t\t\t\t\t\t\t<h3 id=\"listaelem17\" class=\"zf-list_title\">\r\n\t\t\t\t\t\t\t\t\t<span class=\"zf-number\">17<\/span>\r\n\t\t\t\t\t\t\t\t\tAz iskola k\u00f6nyvt\u00e1ra is mag\u00e1n hordozza a f\u00f6ldreng\u00e9s nyomait.\t\t\t\t\t\t\t\t<\/h3>\r\n\t\t\t\t\t\t\t<\/div>\r\n\t\t\t\t\t\t\t\t\t\t\t\t\t\t\t<figure class=\"zf-list_media zf-media-wrapper zf-image zf-type-image\">\r\n\t\t\t\t\t\t\t\t\t<div title=\"Az iskola k\u00f6nyvt\u00e1ra is mag\u00e1n hordozza a f\u00f6ldreng\u00e9s nyomait.\" alt=\"Az iskola k\u00f6nyvt\u00e1ra is mag\u00e1n hordozza a f\u00f6ldreng\u00e9s nyomait.\" class=\"zf-media\">\r\n\t\t\t\t\t\t\t\t\t\t<img width=\"990\" height=\"744\" src=\"https:\/\/liked.hu\/old\/wp-content\/uploads\/2019\/08\/58ef48c48586c_20.jpg\" class=\"\" alt=\"\" loading=\"lazy\" style=\"\" srcset=\"https:\/\/liked.hu\/old\/wp-content\/uploads\/2019\/08\/58ef48c48586c_20.jpg 990w, https:\/\/liked.hu\/old\/wp-content\/uploads\/2019\/08\/58ef48c48586c_20-300x225.jpg 300w, https:\/\/liked.hu\/old\/wp-content\/uploads\/2019\/08\/58ef48c48586c_20-768x577.jpg 768w, https:\/\/liked.hu\/old\/wp-content\/uploads\/2019\/08\/58ef48c48586c_20-500x376.jpg 500w, https:\/\/liked.hu\/old\/wp-content\/uploads\/2019\/08\/58ef48c48586c_20-200x150.jpg 200w, https:\/\/liked.hu\/old\/wp-content\/uploads\/2019\/08\/58ef48c48586c_20-360x270.jpg 360w, https:\/\/liked.hu\/old\/wp-content\/uploads\/2019\/08\/58ef48c48586c_20-545x410.jpg 545w\" sizes=\"(max-width: 990px) 100vw, 990px\" \/>\t\t\t\t\t\t\t\t\t\t\t<figcaption class=\"zf-figcaption\">\r\n\t\t\t\t\t\t\t\t\t\t\t\t\t\t\t\t\t\t\t\t\t\t\t\t<cite>        <a class=\"zf-media_credit\" target=\"_blank\" href=\"https:\/\/liked.hu\/old\/kimeno.php?https:\/\/liked.hu\/kimeno.php?https:\/\/telegraf.com.ua\/ekologiya\/3272709-shokiruyushhie-snimki-krasnaya-zona-otchuzhdeniya-aes-fukusima-foto.html\" rel=\"nofollow noopener\">telegraf.com.ua<\/a>\r\n        <\/cite>\r\n\r\n\t\t\t\t\t\t\t\t\t\t\t\t\t\t\t\t\t\t\t\t\t\t\t<\/figcaption>\r\n\t\t\t\t\t\t\t\t\t\t\t\t\t\t\t\t\t\t\t<\/div>\r\n\t\t\t\t\t\t\t\t\t<hr \/>\r\n\t\t\t\t\t\t\t\t<\/figure>\r\n\t\t\t\t\t\t\t\t\t\t\t\t\t\t<\/li>\r\n\t\t\t\t\t\t\t\t\t\t\t\t<li class=\"zf-list_item\">\r\n\t\t\t\t\t\t\t<div class=\"zf-list_header\">\r\n\t\t\t\t\t\t\t\t<h3 id=\"listaelem18\" class=\"zf-list_title\">\r\n\t\t\t\t\t\t\t\t\t<span class=\"zf-number\">18<\/span>\r\n\t\t\t\t\t\t\t\t\tA v\u00e1lt\u00f3cip\u0151ket sem volt m\u00e1r id\u0151 visszatenni a polcokra.\t\t\t\t\t\t\t\t<\/h3>\r\n\t\t\t\t\t\t\t<\/div>\r\n\t\t\t\t\t\t\t\t\t\t\t\t\t\t\t<figure class=\"zf-list_media zf-media-wrapper zf-image zf-type-image\">\r\n\t\t\t\t\t\t\t\t\t<div title=\"A v\u00e1lt\u00f3cip\u0151ket sem volt m\u00e1r id\u0151 visszatenni a polcokra.\" alt=\"A v\u00e1lt\u00f3cip\u0151ket sem volt m\u00e1r id\u0151 visszatenni a polcokra.\" class=\"zf-media\">\r\n\t\t\t\t\t\t\t\t\t\t<img width=\"990\" height=\"744\" src=\"https:\/\/liked.hu\/old\/wp-content\/uploads\/2019\/08\/58ef48c561de8_21.jpg\" class=\"\" alt=\"\" loading=\"lazy\" style=\"\" srcset=\"https:\/\/liked.hu\/old\/wp-content\/uploads\/2019\/08\/58ef48c561de8_21.jpg 990w, https:\/\/liked.hu\/old\/wp-content\/uploads\/2019\/08\/58ef48c561de8_21-300x225.jpg 300w, https:\/\/liked.hu\/old\/wp-content\/uploads\/2019\/08\/58ef48c561de8_21-768x577.jpg 768w, https:\/\/liked.hu\/old\/wp-content\/uploads\/2019\/08\/58ef48c561de8_21-500x376.jpg 500w, https:\/\/liked.hu\/old\/wp-content\/uploads\/2019\/08\/58ef48c561de8_21-200x150.jpg 200w, https:\/\/liked.hu\/old\/wp-content\/uploads\/2019\/08\/58ef48c561de8_21-360x270.jpg 360w, https:\/\/liked.hu\/old\/wp-content\/uploads\/2019\/08\/58ef48c561de8_21-545x410.jpg 545w\" sizes=\"(max-width: 990px) 100vw, 990px\" \/>\t\t\t\t\t\t\t\t\t\t\t<figcaption class=\"zf-figcaption\">\r\n\t\t\t\t\t\t\t\t\t\t\t\t\t\t\t\t\t\t\t\t\t\t\t\t<cite>        <a class=\"zf-media_credit\" target=\"_blank\" href=\"https:\/\/liked.hu\/old\/kimeno.php?https:\/\/liked.hu\/kimeno.php?https:\/\/telegraf.com.ua\/ekologiya\/3272709-shokiruyushhie-snimki-krasnaya-zona-otchuzhdeniya-aes-fukusima-foto.html\" rel=\"nofollow noopener\">telegraf.com.ua<\/a>\r\n        <\/cite>\r\n\r\n\t\t\t\t\t\t\t\t\t\t\t\t\t\t\t\t\t\t\t\t\t\t\t<\/figcaption>\r\n\t\t\t\t\t\t\t\t\t\t\t\t\t\t\t\t\t\t\t<\/div>\r\n\t\t\t\t\t\t\t\t\t<hr \/>\r\n\t\t\t\t\t\t\t\t<\/figure>\r\n\t\t\t\t\t\t\t\t\t\t\t\t\t\t<\/li>\r\n\t\t\t\t\t\t\t\t\t\t\t\t<li class=\"zf-list_item\">\r\n\t\t\t\t\t\t\t<div class=\"zf-list_header\">\r\n\t\t\t\t\t\t\t\t<h3 id=\"listaelem19\" class=\"zf-list_title\">\r\n\t\t\t\t\t\t\t\t\t<span class=\"zf-number\">19<\/span>\r\n\t\t\t\t\t\t\t\t\tAz id\u0151 sz\u00f3 szerint meg\u00e1llt 2011. m\u00e1rcius 11-\u00e9n.\t\t\t\t\t\t\t\t<\/h3>\r\n\t\t\t\t\t\t\t<\/div>\r\n\t\t\t\t\t\t\t\t\t\t\t\t\t\t\t<figure class=\"zf-list_media zf-media-wrapper zf-image zf-type-image\">\r\n\t\t\t\t\t\t\t\t\t<div title=\"Az id\u0151 sz\u00f3 szerint meg\u00e1llt 2011. m\u00e1rcius 11-\u00e9n.\" alt=\"Az id\u0151 sz\u00f3 szerint meg\u00e1llt 2011. m\u00e1rcius 11-\u00e9n.\" class=\"zf-media\">\r\n\t\t\t\t\t\t\t\t\t\t<img width=\"990\" height=\"744\" src=\"https:\/\/liked.hu\/old\/wp-content\/uploads\/2019\/08\/58ef48c5db4d1_22.jpg\" class=\"\" alt=\"\" loading=\"lazy\" style=\"\" srcset=\"https:\/\/liked.hu\/old\/wp-content\/uploads\/2019\/08\/58ef48c5db4d1_22.jpg 990w, https:\/\/liked.hu\/old\/wp-content\/uploads\/2019\/08\/58ef48c5db4d1_22-300x225.jpg 300w, https:\/\/liked.hu\/old\/wp-content\/uploads\/2019\/08\/58ef48c5db4d1_22-768x577.jpg 768w, https:\/\/liked.hu\/old\/wp-content\/uploads\/2019\/08\/58ef48c5db4d1_22-500x376.jpg 500w, https:\/\/liked.hu\/old\/wp-content\/uploads\/2019\/08\/58ef48c5db4d1_22-200x150.jpg 200w, https:\/\/liked.hu\/old\/wp-content\/uploads\/2019\/08\/58ef48c5db4d1_22-360x270.jpg 360w, https:\/\/liked.hu\/old\/wp-content\/uploads\/2019\/08\/58ef48c5db4d1_22-545x410.jpg 545w\" sizes=\"(max-width: 990px) 100vw, 990px\" \/>\t\t\t\t\t\t\t\t\t\t\t<figcaption class=\"zf-figcaption\">\r\n\t\t\t\t\t\t\t\t\t\t\t\t\t\t\t\t\t\t\t\t\t\t\t\t<cite>        <a class=\"zf-media_credit\" target=\"_blank\" href=\"https:\/\/liked.hu\/old\/kimeno.php?https:\/\/liked.hu\/kimeno.php?https:\/\/telegraf.com.ua\/ekologiya\/3272709-shokiruyushhie-snimki-krasnaya-zona-otchuzhdeniya-aes-fukusima-foto.html\" rel=\"nofollow noopener\">telegraf.com.ua<\/a>\r\n        <\/cite>\r\n\r\n\t\t\t\t\t\t\t\t\t\t\t\t\t\t\t\t\t\t\t\t\t\t\t<\/figcaption>\r\n\t\t\t\t\t\t\t\t\t\t\t\t\t\t\t\t\t\t\t<\/div>\r\n\t\t\t\t\t\t\t\t\t<hr \/>\r\n\t\t\t\t\t\t\t\t<\/figure>\r\n\t\t\t\t\t\t\t\t\t\t\t\t\t\t<\/li>\r\n\t\t\t\t\t\t\t\t\t\t\t\t<li class=\"zf-list_item\">\r\n\t\t\t\t\t\t\t<div class=\"zf-list_header\">\r\n\t\t\t\t\t\t\t\t<h3 id=\"listaelem20\" class=\"zf-list_title\">\r\n\t\t\t\t\t\t\t\t\t<span class=\"zf-number\">20<\/span>\r\n\t\t\t\t\t\t\t\t\tEgyes nyomok, mint p\u00e9ld\u00e1ul az \u00e9vek \u00f3ta porosod\u00f3 laptop let\u00f6r\u00f6lt kijelz\u0151je m\u00e9gis arr\u00f3l \u00e1rulkodik, hogy a fokozott v\u00e9delem \u00e9s \u00e9letvesz\u00e9ly ellen\u00e9re, m\u00e9giscsak j\u00e1rtak emberek a v\u00f6r\u00f6s z\u00f3n\u00e1ban.\t\t\t\t\t\t\t\t<\/h3>\r\n\t\t\t\t\t\t\t<\/div>\r\n\t\t\t\t\t\t\t\t\t\t\t\t\t\t\t<figure class=\"zf-list_media zf-media-wrapper zf-image zf-type-image\">\r\n\t\t\t\t\t\t\t\t\t<div title=\"Egyes nyomok, mint p\u00e9ld\u00e1ul az \u00e9vek \u00f3ta porosod\u00f3 laptop let\u00f6r\u00f6lt kijelz\u0151je m\u00e9gis arr\u00f3l \u00e1rulkodik, hogy a fokozott v\u00e9delem \u00e9s \u00e9letvesz\u00e9ly ellen\u00e9re, m\u00e9giscsak j\u00e1rtak emberek a v\u00f6r\u00f6s z\u00f3n\u00e1ban.\" alt=\"Egyes nyomok, mint p\u00e9ld\u00e1ul az \u00e9vek \u00f3ta porosod\u00f3 laptop let\u00f6r\u00f6lt kijelz\u0151je m\u00e9gis arr\u00f3l \u00e1rulkodik, hogy a fokozott v\u00e9delem \u00e9s \u00e9letvesz\u00e9ly ellen\u00e9re, m\u00e9giscsak j\u00e1rtak emberek a v\u00f6r\u00f6s z\u00f3n\u00e1ban.\" class=\"zf-media\">\r\n\t\t\t\t\t\t\t\t\t\t<img width=\"990\" height=\"744\" src=\"https:\/\/liked.hu\/old\/wp-content\/uploads\/2019\/08\/58ef48c671f66_23.jpg\" class=\"\" alt=\"\" loading=\"lazy\" style=\"\" srcset=\"https:\/\/liked.hu\/old\/wp-content\/uploads\/2019\/08\/58ef48c671f66_23.jpg 990w, https:\/\/liked.hu\/old\/wp-content\/uploads\/2019\/08\/58ef48c671f66_23-300x225.jpg 300w, https:\/\/liked.hu\/old\/wp-content\/uploads\/2019\/08\/58ef48c671f66_23-768x577.jpg 768w, https:\/\/liked.hu\/old\/wp-content\/uploads\/2019\/08\/58ef48c671f66_23-500x376.jpg 500w, https:\/\/liked.hu\/old\/wp-content\/uploads\/2019\/08\/58ef48c671f66_23-200x150.jpg 200w, https:\/\/liked.hu\/old\/wp-content\/uploads\/2019\/08\/58ef48c671f66_23-360x270.jpg 360w, https:\/\/liked.hu\/old\/wp-content\/uploads\/2019\/08\/58ef48c671f66_23-545x410.jpg 545w\" sizes=\"(max-width: 990px) 100vw, 990px\" \/>\t\t\t\t\t\t\t\t\t\t\t<figcaption class=\"zf-figcaption\">\r\n\t\t\t\t\t\t\t\t\t\t\t\t\t\t\t\t\t\t\t\t\t\t\t\t<cite>        <a class=\"zf-media_credit\" target=\"_blank\" href=\"https:\/\/liked.hu\/old\/kimeno.php?https:\/\/liked.hu\/kimeno.php?https:\/\/telegraf.com.ua\/ekologiya\/3272709-shokiruyushhie-snimki-krasnaya-zona-otchuzhdeniya-aes-fukusima-foto.html\" rel=\"nofollow noopener\">telegraf.com.ua<\/a>\r\n        <\/cite>\r\n\r\n\t\t\t\t\t\t\t\t\t\t\t\t\t\t\t\t\t\t\t\t\t\t\t<\/figcaption>\r\n\t\t\t\t\t\t\t\t\t\t\t\t\t\t\t\t\t\t\t<\/div>\r\n\t\t\t\t\t\t\t\t\t<hr \/>\r\n\t\t\t\t\t\t\t\t<\/figure>\r\n\t\t\t\t\t\t\t\t\t\t\t\t\t\t<\/li>\r\n\t\t\t\t\t\t\t\t\t\t\t\t<li class=\"zf-list_item\">\r\n\t\t\t\t\t\t\t<div class=\"zf-list_header\">\r\n\t\t\t\t\t\t\t\t<h3 id=\"listaelem21\" class=\"zf-list_title\">\r\n\t\t\t\t\t\t\t\t\t<span class=\"zf-number\">21<\/span>\r\n\t\t\t\t\t\t\t\t\tSemmi sem k\u00e9pes \u00e9letben maradni huzamosabb ideig.\t\t\t\t\t\t\t\t<\/h3>\r\n\t\t\t\t\t\t\t<\/div>\r\n\t\t\t\t\t\t\t\t\t\t\t\t\t\t\t<figure class=\"zf-list_media zf-media-wrapper zf-image zf-type-image\">\r\n\t\t\t\t\t\t\t\t\t<div title=\"Semmi sem k\u00e9pes \u00e9letben maradni huzamosabb ideig.\" alt=\"Semmi sem k\u00e9pes \u00e9letben maradni huzamosabb ideig.\" class=\"zf-media\">\r\n\t\t\t\t\t\t\t\t\t\t<img width=\"990\" height=\"744\" src=\"https:\/\/liked.hu\/old\/wp-content\/uploads\/2019\/08\/58ef48c720316_24.jpg\" class=\"\" alt=\"\" loading=\"lazy\" style=\"\" srcset=\"https:\/\/liked.hu\/old\/wp-content\/uploads\/2019\/08\/58ef48c720316_24.jpg 990w, https:\/\/liked.hu\/old\/wp-content\/uploads\/2019\/08\/58ef48c720316_24-300x225.jpg 300w, https:\/\/liked.hu\/old\/wp-content\/uploads\/2019\/08\/58ef48c720316_24-768x577.jpg 768w, https:\/\/liked.hu\/old\/wp-content\/uploads\/2019\/08\/58ef48c720316_24-500x376.jpg 500w, https:\/\/liked.hu\/old\/wp-content\/uploads\/2019\/08\/58ef48c720316_24-200x150.jpg 200w, https:\/\/liked.hu\/old\/wp-content\/uploads\/2019\/08\/58ef48c720316_24-360x270.jpg 360w, https:\/\/liked.hu\/old\/wp-content\/uploads\/2019\/08\/58ef48c720316_24-545x410.jpg 545w\" sizes=\"(max-width: 990px) 100vw, 990px\" \/>\t\t\t\t\t\t\t\t\t\t\t<figcaption class=\"zf-figcaption\">\r\n\t\t\t\t\t\t\t\t\t\t\t\t\t\t\t\t\t\t\t\t\t\t\t\t<cite>        <a class=\"zf-media_credit\" target=\"_blank\" href=\"https:\/\/liked.hu\/old\/kimeno.php?https:\/\/liked.hu\/kimeno.php?https:\/\/telegraf.com.ua\/ekologiya\/3272709-shokiruyushhie-snimki-krasnaya-zona-otchuzhdeniya-aes-fukusima-foto.html\" rel=\"nofollow noopener\">telegraf.com.ua<\/a>\r\n        <\/cite>\r\n\r\n\t\t\t\t\t\t\t\t\t\t\t\t\t\t\t\t\t\t\t\t\t\t\t<\/figcaption>\r\n\t\t\t\t\t\t\t\t\t\t\t\t\t\t\t\t\t\t\t<\/div>\r\n\t\t\t\t\t\t\t\t\t<hr \/>\r\n\t\t\t\t\t\t\t\t<\/figure>\r\n\t\t\t\t\t\t\t\t\t\t\t\t\t\t<\/li>\r\n\t\t\t\t\t\t\t\t\t\t\t\t<li class=\"zf-list_item\">\r\n\t\t\t\t\t\t\t<div class=\"zf-list_header\">\r\n\t\t\t\t\t\t\t\t<h3 id=\"listaelem22\" class=\"zf-list_title\">\r\n\t\t\t\t\t\t\t\t\t<span class=\"zf-number\">22<\/span>\r\n\t\t\t\t\t\t\t\t\tEgy \u00fczlet, ahol hogyha a f\u00f6ldreng\u00e9s nem verte volna le a polcr\u00f3l az \u00e1rukat, m\u00e9g ma is \u00fagy n\u00e9zne ki, mintha csak egy vas\u00e1rnap esti z\u00e1rva tart\u00e1s lenne, \u00e9s holnap minden menne tov\u00e1bb a rendes ker\u00e9kv\u00e1g\u00e1sban.\t\t\t\t\t\t\t\t<\/h3>\r\n\t\t\t\t\t\t\t<\/div>\r\n\t\t\t\t\t\t\t\t\t\t\t\t\t\t\t<figure class=\"zf-list_media zf-media-wrapper zf-image zf-type-image\">\r\n\t\t\t\t\t\t\t\t\t<div title=\"Egy \u00fczlet, ahol hogyha a f\u00f6ldreng\u00e9s nem verte volna le a polcr\u00f3l az \u00e1rukat, m\u00e9g ma is \u00fagy n\u00e9zne ki, mintha csak egy vas\u00e1rnap esti z\u00e1rva tart\u00e1s lenne, \u00e9s holnap minden menne tov\u00e1bb a rendes ker\u00e9kv\u00e1g\u00e1sban.\" alt=\"Egy \u00fczlet, ahol hogyha a f\u00f6ldreng\u00e9s nem verte volna le a polcr\u00f3l az \u00e1rukat, m\u00e9g ma is \u00fagy n\u00e9zne ki, mintha csak egy vas\u00e1rnap esti z\u00e1rva tart\u00e1s lenne, \u00e9s holnap minden menne tov\u00e1bb a rendes ker\u00e9kv\u00e1g\u00e1sban.\" class=\"zf-media\">\r\n\t\t\t\t\t\t\t\t\t\t<img width=\"990\" height=\"744\" src=\"https:\/\/liked.hu\/old\/wp-content\/uploads\/2019\/08\/58ef48c8271a9_25.jpg\" class=\"\" alt=\"\" loading=\"lazy\" style=\"\" srcset=\"https:\/\/liked.hu\/old\/wp-content\/uploads\/2019\/08\/58ef48c8271a9_25.jpg 990w, https:\/\/liked.hu\/old\/wp-content\/uploads\/2019\/08\/58ef48c8271a9_25-300x225.jpg 300w, https:\/\/liked.hu\/old\/wp-content\/uploads\/2019\/08\/58ef48c8271a9_25-768x577.jpg 768w, https:\/\/liked.hu\/old\/wp-content\/uploads\/2019\/08\/58ef48c8271a9_25-500x376.jpg 500w, https:\/\/liked.hu\/old\/wp-content\/uploads\/2019\/08\/58ef48c8271a9_25-200x150.jpg 200w, https:\/\/liked.hu\/old\/wp-content\/uploads\/2019\/08\/58ef48c8271a9_25-360x270.jpg 360w, https:\/\/liked.hu\/old\/wp-content\/uploads\/2019\/08\/58ef48c8271a9_25-545x410.jpg 545w\" sizes=\"(max-width: 990px) 100vw, 990px\" \/>\t\t\t\t\t\t\t\t\t\t\t<figcaption class=\"zf-figcaption\">\r\n\t\t\t\t\t\t\t\t\t\t\t\t\t\t\t\t\t\t\t\t\t\t\t\t<cite>        <a class=\"zf-media_credit\" target=\"_blank\" href=\"https:\/\/liked.hu\/old\/kimeno.php?https:\/\/liked.hu\/kimeno.php?https:\/\/telegraf.com.ua\/ekologiya\/3272709-shokiruyushhie-snimki-krasnaya-zona-otchuzhdeniya-aes-fukusima-foto.html\" rel=\"nofollow noopener\">telegraf.com.ua<\/a>\r\n        <\/cite>\r\n\r\n\t\t\t\t\t\t\t\t\t\t\t\t\t\t\t\t\t\t\t\t\t\t\t<\/figcaption>\r\n\t\t\t\t\t\t\t\t\t\t\t\t\t\t\t\t\t\t\t<\/div>\r\n\t\t\t\t\t\t\t\t\t<hr \/>\r\n\t\t\t\t\t\t\t\t<\/figure>\r\n\t\t\t\t\t\t\t\t\t\t\t\t\t\t<\/li>\r\n\t\t\t\t\t\t\t\t\t\t\t\t<li class=\"zf-list_item\">\r\n\t\t\t\t\t\t\t<div class=\"zf-list_header\">\r\n\t\t\t\t\t\t\t\t<h3 id=\"listaelem23\" class=\"zf-list_title\">\r\n\t\t\t\t\t\t\t\t\t<span class=\"zf-number\">23<\/span>\r\n\t\t\t\t\t\t\t\t\tA v\u00f6r\u00f6s-tilalmi z\u00f3na, mad\u00e1rt\u00e1vlatb\u00f3l.\t\t\t\t\t\t\t\t<\/h3>\r\n\t\t\t\t\t\t\t<\/div>\r\n\t\t\t\t\t\t\t\t\t\t\t\t\t\t\t<figure class=\"zf-list_media zf-media-wrapper zf-image zf-type-image\">\r\n\t\t\t\t\t\t\t\t\t<div title=\"A v\u00f6r\u00f6s-tilalmi z\u00f3na, mad\u00e1rt\u00e1vlatb\u00f3l.\" alt=\"A v\u00f6r\u00f6s-tilalmi z\u00f3na, mad\u00e1rt\u00e1vlatb\u00f3l.\" class=\"zf-media\">\r\n\t\t\t\t\t\t\t\t\t\t<img width=\"990\" height=\"742\" src=\"https:\/\/liked.hu\/old\/wp-content\/uploads\/2019\/08\/58ef48c953a45_26.jpg\" class=\"\" alt=\"\" loading=\"lazy\" style=\"\" srcset=\"https:\/\/liked.hu\/old\/wp-content\/uploads\/2019\/08\/58ef48c953a45_26.jpg 990w, https:\/\/liked.hu\/old\/wp-content\/uploads\/2019\/08\/58ef48c953a45_26-300x225.jpg 300w, https:\/\/liked.hu\/old\/wp-content\/uploads\/2019\/08\/58ef48c953a45_26-768x576.jpg 768w, https:\/\/liked.hu\/old\/wp-content\/uploads\/2019\/08\/58ef48c953a45_26-500x375.jpg 500w, https:\/\/liked.hu\/old\/wp-content\/uploads\/2019\/08\/58ef48c953a45_26-200x150.jpg 200w, https:\/\/liked.hu\/old\/wp-content\/uploads\/2019\/08\/58ef48c953a45_26-360x270.jpg 360w, https:\/\/liked.hu\/old\/wp-content\/uploads\/2019\/08\/58ef48c953a45_26-545x408.jpg 545w\" sizes=\"(max-width: 990px) 100vw, 990px\" \/>\t\t\t\t\t\t\t\t\t\t\t<figcaption class=\"zf-figcaption\">\r\n\t\t\t\t\t\t\t\t\t\t\t\t\t\t\t\t\t\t\t\t\t\t\t\t<cite>        <a class=\"zf-media_credit\" target=\"_blank\" href=\"https:\/\/liked.hu\/old\/kimeno.php?https:\/\/liked.hu\/kimeno.php?https:\/\/telegraf.com.ua\/ekologiya\/3272709-shokiruyushhie-snimki-krasnaya-zona-otchuzhdeniya-aes-fukusima-foto.html\" rel=\"nofollow noopener\">telegraf.com.ua<\/a>\r\n        <\/cite>\r\n\r\n\t\t\t\t\t\t\t\t\t\t\t\t\t\t\t\t\t\t\t\t\t\t\t<\/figcaption>\r\n\t\t\t\t\t\t\t\t\t\t\t\t\t\t\t\t\t\t\t<\/div>\r\n\t\t\t\t\t\t\t\t\t<hr \/>\r\n\t\t\t\t\t\t\t\t<\/figure>\r\n\t\t\t\t\t\t\t\t\t\t\t\t\t\t<\/li>\r\n\t\t\t\t\t\t\t\t\t\t\t\t<li class=\"zf-list_item\">\r\n\t\t\t\t\t\t\t<div class=\"zf-list_header\">\r\n\t\t\t\t\t\t\t\t<h3 id=\"listaelem24\" class=\"zf-list_title\">\r\n\t\t\t\t\t\t\t\t\t<span class=\"zf-number\">24<\/span>\r\n\t\t\t\t\t\t\t\t\tA tavasszal vir\u00e1gz\u00f3 f\u00e1k \u00f6sszk\u00e9p\u00e9t csak az \u00e9letvesz\u00e9lyes sug\u00e1rz\u00e1sra figyelmeztet\u0151 t\u00e1bl\u00e1k rontj\u00e1k kicsit.\t\t\t\t\t\t\t\t<\/h3>\r\n\t\t\t\t\t\t\t<\/div>\r\n\t\t\t\t\t\t\t\t\t\t\t\t\t\t\t<figure class=\"zf-list_media zf-media-wrapper zf-image zf-type-image\">\r\n\t\t\t\t\t\t\t\t\t<div title=\"A tavasszal vir\u00e1gz\u00f3 f\u00e1k \u00f6sszk\u00e9p\u00e9t csak az \u00e9letvesz\u00e9lyes sug\u00e1rz\u00e1sra figyelmeztet\u0151 t\u00e1bl\u00e1k rontj\u00e1k kicsit.\" alt=\"A tavasszal vir\u00e1gz\u00f3 f\u00e1k \u00f6sszk\u00e9p\u00e9t csak az \u00e9letvesz\u00e9lyes sug\u00e1rz\u00e1sra figyelmeztet\u0151 t\u00e1bl\u00e1k rontj\u00e1k kicsit.\" class=\"zf-media\">\r\n\t\t\t\t\t\t\t\t\t\t<img width=\"990\" height=\"744\" src=\"https:\/\/liked.hu\/old\/wp-content\/uploads\/2019\/08\/58ef48ca0700a_27.jpg\" class=\"\" alt=\"\" loading=\"lazy\" style=\"\" srcset=\"https:\/\/liked.hu\/old\/wp-content\/uploads\/2019\/08\/58ef48ca0700a_27.jpg 990w, https:\/\/liked.hu\/old\/wp-content\/uploads\/2019\/08\/58ef48ca0700a_27-300x225.jpg 300w, https:\/\/liked.hu\/old\/wp-content\/uploads\/2019\/08\/58ef48ca0700a_27-768x577.jpg 768w, https:\/\/liked.hu\/old\/wp-content\/uploads\/2019\/08\/58ef48ca0700a_27-500x376.jpg 500w, https:\/\/liked.hu\/old\/wp-content\/uploads\/2019\/08\/58ef48ca0700a_27-200x150.jpg 200w, https:\/\/liked.hu\/old\/wp-content\/uploads\/2019\/08\/58ef48ca0700a_27-360x270.jpg 360w, https:\/\/liked.hu\/old\/wp-content\/uploads\/2019\/08\/58ef48ca0700a_27-545x410.jpg 545w\" sizes=\"(max-width: 990px) 100vw, 990px\" \/>\t\t\t\t\t\t\t\t\t\t\t<figcaption class=\"zf-figcaption\">\r\n\t\t\t\t\t\t\t\t\t\t\t\t\t\t\t\t\t\t\t\t\t\t\t\t<cite>        <a class=\"zf-media_credit\" target=\"_blank\" href=\"https:\/\/liked.hu\/old\/kimeno.php?https:\/\/liked.hu\/kimeno.php?https:\/\/telegraf.com.ua\/ekologiya\/3272709-shokiruyushhie-snimki-krasnaya-zona-otchuzhdeniya-aes-fukusima-foto.html\" rel=\"nofollow noopener\">telegraf.com.ua<\/a>\r\n        <\/cite>\r\n\r\n\t\t\t\t\t\t\t\t\t\t\t\t\t\t\t\t\t\t\t\t\t\t\t<\/figcaption>\r\n\t\t\t\t\t\t\t\t\t\t\t\t\t\t\t\t\t\t\t<\/div>\r\n\t\t\t\t\t\t\t\t\t<hr \/>\r\n\t\t\t\t\t\t\t\t<\/figure>\r\n\t\t\t\t\t\t\t\t\t\t\t\t\t\t<\/li>\r\n\t\t\t\t\t\t\t\t\t\t\t\t<li class=\"zf-list_item\">\r\n\t\t\t\t\t\t\t<div class=\"zf-list_header\">\r\n\t\t\t\t\t\t\t\t<h3 id=\"listaelem25\" class=\"zf-list_title\">\r\n\t\t\t\t\t\t\t\t\t<span class=\"zf-number\">25<\/span>\r\n\t\t\t\t\t\t\t\t\tA k\u00f6rny\u00e9k megtiszt\u00edt\u00e1sa folyamatosan zajlik. Ahogy minden m\u00e1s t\u00f6rmel\u00e9ket \u00e9s hullad\u00e9kot, \u00fagy az aut\u00f3kat is egy helyre hordj\u00e1k a szakemberek.\t\t\t\t\t\t\t\t<\/h3>\r\n\t\t\t\t\t\t\t<\/div>\r\n\t\t\t\t\t\t\t\t\t\t\t\t\t\t\t<figure class=\"zf-list_media zf-media-wrapper zf-image zf-type-image\">\r\n\t\t\t\t\t\t\t\t\t<div title=\"A k\u00f6rny\u00e9k megtiszt\u00edt\u00e1sa folyamatosan zajlik. Ahogy minden m\u00e1s t\u00f6rmel\u00e9ket \u00e9s hullad\u00e9kot, \u00fagy az aut\u00f3kat is egy helyre hordj\u00e1k a szakemberek.\" alt=\"A k\u00f6rny\u00e9k megtiszt\u00edt\u00e1sa folyamatosan zajlik. Ahogy minden m\u00e1s t\u00f6rmel\u00e9ket \u00e9s hullad\u00e9kot, \u00fagy az aut\u00f3kat is egy helyre hordj\u00e1k a szakemberek.\" class=\"zf-media\">\r\n\t\t\t\t\t\t\t\t\t\t<img width=\"990\" height=\"742\" src=\"https:\/\/liked.hu\/old\/wp-content\/uploads\/2019\/08\/58ef48cb31268_28.jpg\" class=\"\" alt=\"\" loading=\"lazy\" style=\"\" srcset=\"https:\/\/liked.hu\/old\/wp-content\/uploads\/2019\/08\/58ef48cb31268_28.jpg 990w, https:\/\/liked.hu\/old\/wp-content\/uploads\/2019\/08\/58ef48cb31268_28-300x225.jpg 300w, https:\/\/liked.hu\/old\/wp-content\/uploads\/2019\/08\/58ef48cb31268_28-768x576.jpg 768w, https:\/\/liked.hu\/old\/wp-content\/uploads\/2019\/08\/58ef48cb31268_28-500x375.jpg 500w, https:\/\/liked.hu\/old\/wp-content\/uploads\/2019\/08\/58ef48cb31268_28-200x150.jpg 200w, https:\/\/liked.hu\/old\/wp-content\/uploads\/2019\/08\/58ef48cb31268_28-360x270.jpg 360w, https:\/\/liked.hu\/old\/wp-content\/uploads\/2019\/08\/58ef48cb31268_28-545x408.jpg 545w\" sizes=\"(max-width: 990px) 100vw, 990px\" \/>\t\t\t\t\t\t\t\t\t\t\t<figcaption class=\"zf-figcaption\">\r\n\t\t\t\t\t\t\t\t\t\t\t\t\t\t\t\t\t\t\t\t\t\t\t\t<cite>        <a class=\"zf-media_credit\" target=\"_blank\" href=\"https:\/\/liked.hu\/old\/kimeno.php?https:\/\/liked.hu\/kimeno.php?https:\/\/telegraf.com.ua\/ekologiya\/3272709-shokiruyushhie-snimki-krasnaya-zona-otchuzhdeniya-aes-fukusima-foto.html\" rel=\"nofollow noopener\">telegraf.com.ua<\/a>\r\n        <\/cite>\r\n\r\n\t\t\t\t\t\t\t\t\t\t\t\t\t\t\t\t\t\t\t\t\t\t\t<\/figcaption>\r\n\t\t\t\t\t\t\t\t\t\t\t\t\t\t\t\t\t\t\t<\/div>\r\n\t\t\t\t\t\t\t\t\t<hr \/>\r\n\t\t\t\t\t\t\t\t<\/figure>\r\n\t\t\t\t\t\t\t\t\t\t\t\t\t\t<\/li>\r\n\t\t\t\t\t\t\t\t\t\t\t\t<li class=\"zf-list_item\">\r\n\t\t\t\t\t\t\t<div class=\"zf-list_header\">\r\n\t\t\t\t\t\t\t\t<h3 id=\"listaelem26\" class=\"zf-list_title\">\r\n\t\t\t\t\t\t\t\t\t<span class=\"zf-number\">26<\/span>\r\n\t\t\t\t\t\t\t\t\tIdeje elhagyni a v\u00f6r\u00f6s-z\u00f3na ter\u00fclet\u00e9t, itt ugyanis m\u00e9g v\u00e9d\u0151ruh\u00e1ban sem biztons\u00e1gos.\t\t\t\t\t\t\t\t<\/h3>\r\n\t\t\t\t\t\t\t<\/div>\r\n\t\t\t\t\t\t\t\t\t\t\t\t\t\t\t<figure class=\"zf-list_media zf-media-wrapper zf-image zf-type-image\">\r\n\t\t\t\t\t\t\t\t\t<div title=\"Ideje elhagyni a v\u00f6r\u00f6s-z\u00f3na ter\u00fclet\u00e9t, itt ugyanis m\u00e9g v\u00e9d\u0151ruh\u00e1ban sem biztons\u00e1gos.\" alt=\"Ideje elhagyni a v\u00f6r\u00f6s-z\u00f3na ter\u00fclet\u00e9t, itt ugyanis m\u00e9g v\u00e9d\u0151ruh\u00e1ban sem biztons\u00e1gos.\" class=\"zf-media\">\r\n\t\t\t\t\t\t\t\t\t\t<img width=\"990\" height=\"744\" src=\"https:\/\/liked.hu\/old\/wp-content\/uploads\/2019\/08\/58ef48cc028a8_30.jpg\" class=\"\" alt=\"\" loading=\"lazy\" style=\"\" srcset=\"https:\/\/liked.hu\/old\/wp-content\/uploads\/2019\/08\/58ef48cc028a8_30.jpg 990w, https:\/\/liked.hu\/old\/wp-content\/uploads\/2019\/08\/58ef48cc028a8_30-300x225.jpg 300w, https:\/\/liked.hu\/old\/wp-content\/uploads\/2019\/08\/58ef48cc028a8_30-768x577.jpg 768w, https:\/\/liked.hu\/old\/wp-content\/uploads\/2019\/08\/58ef48cc028a8_30-500x376.jpg 500w, https:\/\/liked.hu\/old\/wp-content\/uploads\/2019\/08\/58ef48cc028a8_30-200x150.jpg 200w, https:\/\/liked.hu\/old\/wp-content\/uploads\/2019\/08\/58ef48cc028a8_30-360x270.jpg 360w, https:\/\/liked.hu\/old\/wp-content\/uploads\/2019\/08\/58ef48cc028a8_30-545x410.jpg 545w\" sizes=\"(max-width: 990px) 100vw, 990px\" \/>\t\t\t\t\t\t\t\t\t\t\t<figcaption class=\"zf-figcaption\">\r\n\t\t\t\t\t\t\t\t\t\t\t\t\t\t\t\t\t\t\t\t\t\t\t\t<cite>        <a class=\"zf-media_credit\" target=\"_blank\" href=\"https:\/\/liked.hu\/old\/kimeno.php?https:\/\/liked.hu\/kimeno.php?https:\/\/telegraf.com.ua\/ekologiya\/3272709-shokiruyushhie-snimki-krasnaya-zona-otchuzhdeniya-aes-fukusima-foto.html\" rel=\"nofollow noopener\">telegraf.com.ua<\/a>\r\n        <\/cite>\r\n\r\n\t\t\t\t\t\t\t\t\t\t\t\t\t\t\t\t\t\t\t\t\t\t\t<\/figcaption>\r\n\t\t\t\t\t\t\t\t\t\t\t\t\t\t\t\t\t\t\t<\/div>\r\n\t\t\t\t\t\t\t\t\t<hr \/>\r\n\t\t\t\t\t\t\t\t<\/figure>\r\n\t\t\t\t\t\t\t\t\t\t\t\t\t\t<\/li>\r\n\t\t\t\t\t\t\t\t\t<\/ol>\r\n\t\t<\/div>\r\n\t<\/div>\r\n\r\n\t<\/div>\n","protected":false},"excerpt":{"rendered":"<p>A Fukusima I atomer\u0151m\u0171ben 2011. m\u00e1rcius 11-\u00e9n, helyi id\u0151 szerint 14 \u00f3ra 46 perckor, a t\u00f3hokui f\u00f6ldreng\u00e9s \u00e9s az azt k\u00f6vet\u0151 cunami hat\u00e1s\u00e1ra k\u00f6vetkezett be v\u00e9g\u00fcl az ut\u00f3bbi \u00e9vek egyik legsz\u00f6rny\u0171bb nukle\u00e1ris katasztr\u00f3f\u00e1ja. Most, 6 \u00e9vvel k\u00e9s\u0151bb az atomer\u0151m\u0171 k\u00f6rny\u00e9ke m\u00e9g mindig 3 tilalmi z\u00f3n\u00e1ra van felosztva: z\u00f6ld &#8211; nappal szabadon, \u00e9jszaka enged\u00e9llyel l\u00e1togathat\u00f3 ter\u00fclet; s\u00e1rga &#8211; napk\u00f6zben csak enged\u00e9llyel bej\u00e1rhat\u00f3 ter\u00fclet, melyet \u00e9jszaka rend\u0151r\u00f6k \u00e9s katon\u00e1k v\u00e9denek; v\u00f6r\u00f6s &#8211; senki sz\u00e1m\u00e1ra nem enged\u00e9lyezett ter\u00fclet, ahol m\u00e9g mind a mai napig rendk\u00edv\u00fcl magas a sug\u00e1rz\u00e1s \u00e9s \u00e9letvesz\u00e9lyes a tart\u00f3zkod\u00e1s. A speci\u00e1lis szakemberek \u00e1ltal k\u00e9sz\u00edtett 26 fot\u00f3nak h\u00e1la most azonban m\u00e9gis egy kis betekint\u00e9st nyerhet\u00fcnk a nagyk\u00f6z\u00f6ns\u00e9g el\u0151l &#8211; egy\u00e9bk\u00e9nt &#8211; elz\u00e1rt (v\u00f6r\u00f6s) ter\u00fclet titokzatos \u00e9let\u00e9be.<\/p>\n","protected":false},"author":13,"featured_media":157605,"comment_status":"open","ping_status":"closed","sticky":false,"template":"","format":"standard","meta":{"buzzeditor_post_format":""},"categories":[23],"tags":[211,4364,241,8610],"yoast_head":"<!-- This site is optimized with the Yoast SEO plugin v19.6.1 - https:\/\/yoast.com\/wordpress\/plugins\/seo\/ -->\n<title>\u00cdgy n\u00e9z ki Fukusima v\u00f6r\u00f6s-tilalmi z\u00f3n\u00e1ja most, 6 \u00e9vvel a nukle\u00e1ris-katasztr\u00f3fa ut\u00e1n<\/title>\n<meta name=\"description\" content=\"A Fukusima I atomer\u0151m\u0171ben 2011. m\u00e1rcius 11-\u00e9n, helyi id\u0151 szerint 14 \u00f3ra 46 perckor, a t\u00f3hokui f\u00f6ldreng\u00e9s \u00e9s az azt k\u00f6vet\u0151 cunami hat\u00e1s\u00e1ra k\u00f6vetkezett be v\u00e9g\u00fcl az ut\u00f3bbi \u00e9vek egyik legsz\u00f6rny\u0171bb nukle\u00e1ris katasztr\u00f3f\u00e1ja. Most, 6 \u00e9vvel k\u00e9s\u0151bb az atomer\u0151m\u0171 k\u00f6rny\u00e9ke m\u00e9g mindig 3 tilalmi z\u00f3n\u00e1ra van felosztva: z\u00f6ld - nappal szabadon, \u00e9jszaka enged\u00e9llyel l\u00e1togathat\u00f3 ter\u00fclet; s\u00e1rga - napk\u00f6zben csak enged\u00e9llyel bej\u00e1rhat\u00f3 ter\u00fclet, melyet \u00e9jszaka rend\u0151r\u00f6k \u00e9s katon\u00e1k v\u00e9denek; v\u00f6r\u00f6s - senki sz\u00e1m\u00e1ra nem enged\u00e9lyezett ter\u00fclet, ahol m\u00e9g mind a mai napig rendk\u00edv\u00fcl magas a sug\u00e1rz\u00e1s \u00e9s \u00e9letvesz\u00e9lyes a tart\u00f3zkod\u00e1s. A speci\u00e1lis szakemberek \u00e1ltal k\u00e9sz\u00edtett 26 fot\u00f3nak h\u00e1la most azonban m\u00e9gis egy kis betekint\u00e9st nyerhet\u00fcnk a nagyk\u00f6z\u00f6ns\u00e9g el\u0151l - egy\u00e9bk\u00e9nt - elz\u00e1rt (v\u00f6r\u00f6s) ter\u00fclet titokzatos \u00e9let\u00e9be.\" \/>\n<meta name=\"robots\" content=\"index, follow, max-snippet:-1, max-image-preview:large, max-video-preview:-1\" \/>\n<link rel=\"canonical\" href=\"https:\/\/liked.hu\/old\/erdekes\/igy-nez-ki-fukusima-voros-tilalmi-zonaja-6-evvel-nuklearis-katasztrofa-utan\/\" \/>\n<meta property=\"og:locale\" content=\"hu_HU\" \/>\n<meta property=\"og:type\" content=\"article\" \/>\n<meta property=\"og:title\" content=\"\u00cdgy n\u00e9z ki Fukusima v\u00f6r\u00f6s-tilalmi z\u00f3n\u00e1ja most, 6 \u00e9vvel a nukle\u00e1ris-katasztr\u00f3fa ut\u00e1n\" \/>\n<meta property=\"og:description\" content=\"A Fukusima I atomer\u0151m\u0171ben 2011. m\u00e1rcius 11-\u00e9n, helyi id\u0151 szerint 14 \u00f3ra 46 perckor, a t\u00f3hokui f\u00f6ldreng\u00e9s \u00e9s az azt k\u00f6vet\u0151 cunami hat\u00e1s\u00e1ra k\u00f6vetkezett be v\u00e9g\u00fcl az ut\u00f3bbi \u00e9vek egyik legsz\u00f6rny\u0171bb nukle\u00e1ris katasztr\u00f3f\u00e1ja. Most, 6 \u00e9vvel k\u00e9s\u0151bb az atomer\u0151m\u0171 k\u00f6rny\u00e9ke m\u00e9g mindig 3 tilalmi z\u00f3n\u00e1ra van felosztva: z\u00f6ld - nappal szabadon, \u00e9jszaka enged\u00e9llyel l\u00e1togathat\u00f3 ter\u00fclet; s\u00e1rga - napk\u00f6zben csak enged\u00e9llyel bej\u00e1rhat\u00f3 ter\u00fclet, melyet \u00e9jszaka rend\u0151r\u00f6k \u00e9s katon\u00e1k v\u00e9denek; v\u00f6r\u00f6s - senki sz\u00e1m\u00e1ra nem enged\u00e9lyezett ter\u00fclet, ahol m\u00e9g mind a mai napig rendk\u00edv\u00fcl magas a sug\u00e1rz\u00e1s \u00e9s \u00e9letvesz\u00e9lyes a tart\u00f3zkod\u00e1s. A speci\u00e1lis szakemberek \u00e1ltal k\u00e9sz\u00edtett 26 fot\u00f3nak h\u00e1la most azonban m\u00e9gis egy kis betekint\u00e9st nyerhet\u00fcnk a nagyk\u00f6z\u00f6ns\u00e9g el\u0151l - egy\u00e9bk\u00e9nt - elz\u00e1rt (v\u00f6r\u00f6s) ter\u00fclet titokzatos \u00e9let\u00e9be.\" \/>\n<meta property=\"og:url\" content=\"https:\/\/liked.hu\/old\/erdekes\/igy-nez-ki-fukusima-voros-tilalmi-zonaja-6-evvel-nuklearis-katasztrofa-utan\/\" \/>\n<meta property=\"og:site_name\" content=\"Liked.hu\" \/>\n<meta property=\"article:publisher\" content=\"https:\/\/www.facebook.com\/liked.hu\" \/>\n<meta property=\"article:published_time\" content=\"2017-04-01T10:20:47+00:00\" \/>\n<meta property=\"article:modified_time\" content=\"2019-08-01T10:21:44+00:00\" \/>\n<meta property=\"og:image\" content=\"https:\/\/liked.hu\/old\/wp-content\/uploads\/2019\/08\/Fukushima-napjainkban.jpg\" \/>\n\t<meta property=\"og:image:width\" content=\"1200\" \/>\n\t<meta property=\"og:image:height\" content=\"630\" \/>\n\t<meta property=\"og:image:type\" content=\"image\/jpeg\" \/>\n<meta name=\"author\" content=\"Klingstrom\" \/>\n<meta name=\"twitter:card\" content=\"summary\" \/>\n<meta name=\"twitter:creator\" content=\"@LikedHu\" \/>\n<meta name=\"twitter:site\" content=\"@LikedHu\" \/>\n<meta name=\"twitter:label1\" content=\"Szerz\u0151:\" \/>\n\t<meta name=\"twitter:data1\" content=\"Klingstrom\" \/>\n<script type=\"application\/ld+json\" class=\"yoast-schema-graph\">{\"@context\":\"https:\/\/schema.org\",\"@graph\":[{\"@type\":\"Article\",\"@id\":\"https:\/\/liked.hu\/old\/erdekes\/igy-nez-ki-fukusima-voros-tilalmi-zonaja-6-evvel-nuklearis-katasztrofa-utan\/#article\",\"isPartOf\":{\"@id\":\"https:\/\/liked.hu\/old\/erdekes\/igy-nez-ki-fukusima-voros-tilalmi-zonaja-6-evvel-nuklearis-katasztrofa-utan\/\"},\"author\":{\"name\":\"Klingstrom\",\"@id\":\"https:\/\/liked.hu\/old\/#\/schema\/person\/1c8d3f8764991e8dcd6572a7de72da8a\"},\"headline\":\"\u00cdgy n\u00e9z ki Fukusima v\u00f6r\u00f6s-tilalmi z\u00f3n\u00e1ja most, 6 \u00e9vvel a nukle\u00e1ris-katasztr\u00f3fa ut\u00e1n\",\"datePublished\":\"2017-04-01T10:20:47+00:00\",\"dateModified\":\"2019-08-01T10:21:44+00:00\",\"mainEntityOfPage\":{\"@id\":\"https:\/\/liked.hu\/old\/erdekes\/igy-nez-ki-fukusima-voros-tilalmi-zonaja-6-evvel-nuklearis-katasztrofa-utan\/\"},\"wordCount\":21,\"commentCount\":0,\"publisher\":{\"@id\":\"https:\/\/liked.hu\/old\/#organization\"},\"keywords\":[\"atomer\u0151m\u0171\",\"atomkatasztr\u00f3fa\",\"baleset\",\"fukushima\"],\"articleSection\":[\"\u00c9rdekess\u00e9gek\"],\"inLanguage\":\"hu\",\"potentialAction\":[{\"@type\":\"CommentAction\",\"name\":\"Comment\",\"target\":[\"https:\/\/liked.hu\/old\/erdekes\/igy-nez-ki-fukusima-voros-tilalmi-zonaja-6-evvel-nuklearis-katasztrofa-utan\/#respond\"]}]},{\"@type\":\"WebPage\",\"@id\":\"https:\/\/liked.hu\/old\/erdekes\/igy-nez-ki-fukusima-voros-tilalmi-zonaja-6-evvel-nuklearis-katasztrofa-utan\/\",\"url\":\"https:\/\/liked.hu\/old\/erdekes\/igy-nez-ki-fukusima-voros-tilalmi-zonaja-6-evvel-nuklearis-katasztrofa-utan\/\",\"name\":\"\u00cdgy n\u00e9z ki Fukusima v\u00f6r\u00f6s-tilalmi z\u00f3n\u00e1ja most, 6 \u00e9vvel a nukle\u00e1ris-katasztr\u00f3fa ut\u00e1n\",\"isPartOf\":{\"@id\":\"https:\/\/liked.hu\/old\/#website\"},\"datePublished\":\"2017-04-01T10:20:47+00:00\",\"dateModified\":\"2019-08-01T10:21:44+00:00\",\"description\":\"A Fukusima I atomer\u0151m\u0171ben 2011. m\u00e1rcius 11-\u00e9n, helyi id\u0151 szerint 14 \u00f3ra 46 perckor, a t\u00f3hokui f\u00f6ldreng\u00e9s \u00e9s az azt k\u00f6vet\u0151 cunami hat\u00e1s\u00e1ra k\u00f6vetkezett be v\u00e9g\u00fcl az ut\u00f3bbi \u00e9vek egyik legsz\u00f6rny\u0171bb nukle\u00e1ris katasztr\u00f3f\u00e1ja. Most, 6 \u00e9vvel k\u00e9s\u0151bb az atomer\u0151m\u0171 k\u00f6rny\u00e9ke m\u00e9g mindig 3 tilalmi z\u00f3n\u00e1ra van felosztva: z\u00f6ld - nappal szabadon, \u00e9jszaka enged\u00e9llyel l\u00e1togathat\u00f3 ter\u00fclet; s\u00e1rga - napk\u00f6zben csak enged\u00e9llyel bej\u00e1rhat\u00f3 ter\u00fclet, melyet \u00e9jszaka rend\u0151r\u00f6k \u00e9s katon\u00e1k v\u00e9denek; v\u00f6r\u00f6s - senki sz\u00e1m\u00e1ra nem enged\u00e9lyezett ter\u00fclet, ahol m\u00e9g mind a mai napig rendk\u00edv\u00fcl magas a sug\u00e1rz\u00e1s \u00e9s \u00e9letvesz\u00e9lyes a tart\u00f3zkod\u00e1s. A speci\u00e1lis szakemberek \u00e1ltal k\u00e9sz\u00edtett 26 fot\u00f3nak h\u00e1la most azonban m\u00e9gis egy kis betekint\u00e9st nyerhet\u00fcnk a nagyk\u00f6z\u00f6ns\u00e9g el\u0151l - egy\u00e9bk\u00e9nt - elz\u00e1rt (v\u00f6r\u00f6s) ter\u00fclet titokzatos \u00e9let\u00e9be.\",\"breadcrumb\":{\"@id\":\"https:\/\/liked.hu\/old\/erdekes\/igy-nez-ki-fukusima-voros-tilalmi-zonaja-6-evvel-nuklearis-katasztrofa-utan\/#breadcrumb\"},\"inLanguage\":\"hu\",\"potentialAction\":[{\"@type\":\"ReadAction\",\"target\":[\"https:\/\/liked.hu\/old\/erdekes\/igy-nez-ki-fukusima-voros-tilalmi-zonaja-6-evvel-nuklearis-katasztrofa-utan\/\"]}]},{\"@type\":\"BreadcrumbList\",\"@id\":\"https:\/\/liked.hu\/old\/erdekes\/igy-nez-ki-fukusima-voros-tilalmi-zonaja-6-evvel-nuklearis-katasztrofa-utan\/#breadcrumb\",\"itemListElement\":[{\"@type\":\"ListItem\",\"position\":1,\"name\":\"Kezd\u0151lap\",\"item\":\"https:\/\/liked.hu\/old\/\"},{\"@type\":\"ListItem\",\"position\":2,\"name\":\"\u00cdgy n\u00e9z ki Fukusima v\u00f6r\u00f6s-tilalmi z\u00f3n\u00e1ja most, 6 \u00e9vvel a nukle\u00e1ris-katasztr\u00f3fa ut\u00e1n\"}]},{\"@type\":\"WebSite\",\"@id\":\"https:\/\/liked.hu\/old\/#website\",\"url\":\"https:\/\/liked.hu\/old\/\",\"name\":\"Liked.hu\",\"description\":\"\",\"publisher\":{\"@id\":\"https:\/\/liked.hu\/old\/#organization\"},\"potentialAction\":[{\"@type\":\"SearchAction\",\"target\":{\"@type\":\"EntryPoint\",\"urlTemplate\":\"https:\/\/liked.hu\/old\/?s={search_term_string}\"},\"query-input\":\"required name=search_term_string\"}],\"inLanguage\":\"hu\"},{\"@type\":\"Organization\",\"@id\":\"https:\/\/liked.hu\/old\/#organization\",\"name\":\"Liked.hu\",\"url\":\"https:\/\/liked.hu\/old\/\",\"sameAs\":[\"https:\/\/hu.pinterest.com\/likedhungary\/\",\"https:\/\/www.youtube.com\/channel\/UCPv91dbMoIukYcM9b9nHN6Q\",\"https:\/\/www.facebook.com\/liked.hu\",\"https:\/\/twitter.com\/LikedHu\"],\"logo\":{\"@type\":\"ImageObject\",\"inLanguage\":\"hu\",\"@id\":\"https:\/\/liked.hu\/old\/#\/schema\/logo\/image\/\",\"url\":\"https:\/\/liked.hu\/wp-content\/uploads\/2018\/08\/Liked-icon.png\",\"contentUrl\":\"https:\/\/liked.hu\/wp-content\/uploads\/2018\/08\/Liked-icon.png\",\"width\":512,\"height\":512,\"caption\":\"Liked.hu\"},\"image\":{\"@id\":\"https:\/\/liked.hu\/old\/#\/schema\/logo\/image\/\"}},{\"@type\":\"Person\",\"@id\":\"https:\/\/liked.hu\/old\/#\/schema\/person\/1c8d3f8764991e8dcd6572a7de72da8a\",\"name\":\"Klingstrom\",\"image\":{\"@type\":\"ImageObject\",\"inLanguage\":\"hu\",\"@id\":\"https:\/\/liked.hu\/old\/#\/schema\/person\/image\/\",\"url\":\"https:\/\/liked.hu\/old\/wp-content\/uploads\/avatars\/13\/604de88bd578a-bpfull.jpg\",\"contentUrl\":\"https:\/\/liked.hu\/old\/wp-content\/uploads\/avatars\/13\/604de88bd578a-bpfull.jpg\",\"caption\":\"Klingstrom\"},\"url\":\"https:\/\/liked.hu\/old\/u\/klingstrom\/\"}]}<\/script>\n<!-- \/ Yoast SEO plugin. -->","yoast_head_json":{"title":"\u00cdgy n\u00e9z ki Fukusima v\u00f6r\u00f6s-tilalmi z\u00f3n\u00e1ja most, 6 \u00e9vvel a nukle\u00e1ris-katasztr\u00f3fa ut\u00e1n","description":"A Fukusima I atomer\u0151m\u0171ben 2011. m\u00e1rcius 11-\u00e9n, helyi id\u0151 szerint 14 \u00f3ra 46 perckor, a t\u00f3hokui f\u00f6ldreng\u00e9s \u00e9s az azt k\u00f6vet\u0151 cunami hat\u00e1s\u00e1ra k\u00f6vetkezett be v\u00e9g\u00fcl az ut\u00f3bbi \u00e9vek egyik legsz\u00f6rny\u0171bb nukle\u00e1ris katasztr\u00f3f\u00e1ja. Most, 6 \u00e9vvel k\u00e9s\u0151bb az atomer\u0151m\u0171 k\u00f6rny\u00e9ke m\u00e9g mindig 3 tilalmi z\u00f3n\u00e1ra van felosztva: z\u00f6ld - nappal szabadon, \u00e9jszaka enged\u00e9llyel l\u00e1togathat\u00f3 ter\u00fclet; s\u00e1rga - napk\u00f6zben csak enged\u00e9llyel bej\u00e1rhat\u00f3 ter\u00fclet, melyet \u00e9jszaka rend\u0151r\u00f6k \u00e9s katon\u00e1k v\u00e9denek; v\u00f6r\u00f6s - senki sz\u00e1m\u00e1ra nem enged\u00e9lyezett ter\u00fclet, ahol m\u00e9g mind a mai napig rendk\u00edv\u00fcl magas a sug\u00e1rz\u00e1s \u00e9s \u00e9letvesz\u00e9lyes a tart\u00f3zkod\u00e1s. A speci\u00e1lis szakemberek \u00e1ltal k\u00e9sz\u00edtett 26 fot\u00f3nak h\u00e1la most azonban m\u00e9gis egy kis betekint\u00e9st nyerhet\u00fcnk a nagyk\u00f6z\u00f6ns\u00e9g el\u0151l - egy\u00e9bk\u00e9nt - elz\u00e1rt (v\u00f6r\u00f6s) ter\u00fclet titokzatos \u00e9let\u00e9be.","robots":{"index":"index","follow":"follow","max-snippet":"max-snippet:-1","max-image-preview":"max-image-preview:large","max-video-preview":"max-video-preview:-1"},"canonical":"https:\/\/liked.hu\/old\/erdekes\/igy-nez-ki-fukusima-voros-tilalmi-zonaja-6-evvel-nuklearis-katasztrofa-utan\/","og_locale":"hu_HU","og_type":"article","og_title":"\u00cdgy n\u00e9z ki Fukusima v\u00f6r\u00f6s-tilalmi z\u00f3n\u00e1ja most, 6 \u00e9vvel a nukle\u00e1ris-katasztr\u00f3fa ut\u00e1n","og_description":"A Fukusima I atomer\u0151m\u0171ben 2011. m\u00e1rcius 11-\u00e9n, helyi id\u0151 szerint 14 \u00f3ra 46 perckor, a t\u00f3hokui f\u00f6ldreng\u00e9s \u00e9s az azt k\u00f6vet\u0151 cunami hat\u00e1s\u00e1ra k\u00f6vetkezett be v\u00e9g\u00fcl az ut\u00f3bbi \u00e9vek egyik legsz\u00f6rny\u0171bb nukle\u00e1ris katasztr\u00f3f\u00e1ja. Most, 6 \u00e9vvel k\u00e9s\u0151bb az atomer\u0151m\u0171 k\u00f6rny\u00e9ke m\u00e9g mindig 3 tilalmi z\u00f3n\u00e1ra van felosztva: z\u00f6ld - nappal szabadon, \u00e9jszaka enged\u00e9llyel l\u00e1togathat\u00f3 ter\u00fclet; s\u00e1rga - napk\u00f6zben csak enged\u00e9llyel bej\u00e1rhat\u00f3 ter\u00fclet, melyet \u00e9jszaka rend\u0151r\u00f6k \u00e9s katon\u00e1k v\u00e9denek; v\u00f6r\u00f6s - senki sz\u00e1m\u00e1ra nem enged\u00e9lyezett ter\u00fclet, ahol m\u00e9g mind a mai napig rendk\u00edv\u00fcl magas a sug\u00e1rz\u00e1s \u00e9s \u00e9letvesz\u00e9lyes a tart\u00f3zkod\u00e1s. A speci\u00e1lis szakemberek \u00e1ltal k\u00e9sz\u00edtett 26 fot\u00f3nak h\u00e1la most azonban m\u00e9gis egy kis betekint\u00e9st nyerhet\u00fcnk a nagyk\u00f6z\u00f6ns\u00e9g el\u0151l - egy\u00e9bk\u00e9nt - elz\u00e1rt (v\u00f6r\u00f6s) ter\u00fclet titokzatos \u00e9let\u00e9be.","og_url":"https:\/\/liked.hu\/old\/erdekes\/igy-nez-ki-fukusima-voros-tilalmi-zonaja-6-evvel-nuklearis-katasztrofa-utan\/","og_site_name":"Liked.hu","article_publisher":"https:\/\/www.facebook.com\/liked.hu","article_published_time":"2017-04-01T10:20:47+00:00","article_modified_time":"2019-08-01T10:21:44+00:00","og_image":[{"width":1200,"height":630,"url":"https:\/\/liked.hu\/old\/wp-content\/uploads\/2019\/08\/Fukushima-napjainkban.jpg","type":"image\/jpeg"}],"author":"Klingstrom","twitter_card":"summary","twitter_creator":"@LikedHu","twitter_site":"@LikedHu","twitter_misc":{"Szerz\u0151:":"Klingstrom"},"schema":{"@context":"https:\/\/schema.org","@graph":[{"@type":"Article","@id":"https:\/\/liked.hu\/old\/erdekes\/igy-nez-ki-fukusima-voros-tilalmi-zonaja-6-evvel-nuklearis-katasztrofa-utan\/#article","isPartOf":{"@id":"https:\/\/liked.hu\/old\/erdekes\/igy-nez-ki-fukusima-voros-tilalmi-zonaja-6-evvel-nuklearis-katasztrofa-utan\/"},"author":{"name":"Klingstrom","@id":"https:\/\/liked.hu\/old\/#\/schema\/person\/1c8d3f8764991e8dcd6572a7de72da8a"},"headline":"\u00cdgy n\u00e9z ki Fukusima v\u00f6r\u00f6s-tilalmi z\u00f3n\u00e1ja most, 6 \u00e9vvel a nukle\u00e1ris-katasztr\u00f3fa ut\u00e1n","datePublished":"2017-04-01T10:20:47+00:00","dateModified":"2019-08-01T10:21:44+00:00","mainEntityOfPage":{"@id":"https:\/\/liked.hu\/old\/erdekes\/igy-nez-ki-fukusima-voros-tilalmi-zonaja-6-evvel-nuklearis-katasztrofa-utan\/"},"wordCount":21,"commentCount":0,"publisher":{"@id":"https:\/\/liked.hu\/old\/#organization"},"keywords":["atomer\u0151m\u0171","atomkatasztr\u00f3fa","baleset","fukushima"],"articleSection":["\u00c9rdekess\u00e9gek"],"inLanguage":"hu","potentialAction":[{"@type":"CommentAction","name":"Comment","target":["https:\/\/liked.hu\/old\/erdekes\/igy-nez-ki-fukusima-voros-tilalmi-zonaja-6-evvel-nuklearis-katasztrofa-utan\/#respond"]}]},{"@type":"WebPage","@id":"https:\/\/liked.hu\/old\/erdekes\/igy-nez-ki-fukusima-voros-tilalmi-zonaja-6-evvel-nuklearis-katasztrofa-utan\/","url":"https:\/\/liked.hu\/old\/erdekes\/igy-nez-ki-fukusima-voros-tilalmi-zonaja-6-evvel-nuklearis-katasztrofa-utan\/","name":"\u00cdgy n\u00e9z ki Fukusima v\u00f6r\u00f6s-tilalmi z\u00f3n\u00e1ja most, 6 \u00e9vvel a nukle\u00e1ris-katasztr\u00f3fa ut\u00e1n","isPartOf":{"@id":"https:\/\/liked.hu\/old\/#website"},"datePublished":"2017-04-01T10:20:47+00:00","dateModified":"2019-08-01T10:21:44+00:00","description":"A Fukusima I atomer\u0151m\u0171ben 2011. m\u00e1rcius 11-\u00e9n, helyi id\u0151 szerint 14 \u00f3ra 46 perckor, a t\u00f3hokui f\u00f6ldreng\u00e9s \u00e9s az azt k\u00f6vet\u0151 cunami hat\u00e1s\u00e1ra k\u00f6vetkezett be v\u00e9g\u00fcl az ut\u00f3bbi \u00e9vek egyik legsz\u00f6rny\u0171bb nukle\u00e1ris katasztr\u00f3f\u00e1ja. Most, 6 \u00e9vvel k\u00e9s\u0151bb az atomer\u0151m\u0171 k\u00f6rny\u00e9ke m\u00e9g mindig 3 tilalmi z\u00f3n\u00e1ra van felosztva: z\u00f6ld - nappal szabadon, \u00e9jszaka enged\u00e9llyel l\u00e1togathat\u00f3 ter\u00fclet; s\u00e1rga - napk\u00f6zben csak enged\u00e9llyel bej\u00e1rhat\u00f3 ter\u00fclet, melyet \u00e9jszaka rend\u0151r\u00f6k \u00e9s katon\u00e1k v\u00e9denek; v\u00f6r\u00f6s - senki sz\u00e1m\u00e1ra nem enged\u00e9lyezett ter\u00fclet, ahol m\u00e9g mind a mai napig rendk\u00edv\u00fcl magas a sug\u00e1rz\u00e1s \u00e9s \u00e9letvesz\u00e9lyes a tart\u00f3zkod\u00e1s. A speci\u00e1lis szakemberek \u00e1ltal k\u00e9sz\u00edtett 26 fot\u00f3nak h\u00e1la most azonban m\u00e9gis egy kis betekint\u00e9st nyerhet\u00fcnk a nagyk\u00f6z\u00f6ns\u00e9g el\u0151l - egy\u00e9bk\u00e9nt - elz\u00e1rt (v\u00f6r\u00f6s) ter\u00fclet titokzatos \u00e9let\u00e9be.","breadcrumb":{"@id":"https:\/\/liked.hu\/old\/erdekes\/igy-nez-ki-fukusima-voros-tilalmi-zonaja-6-evvel-nuklearis-katasztrofa-utan\/#breadcrumb"},"inLanguage":"hu","potentialAction":[{"@type":"ReadAction","target":["https:\/\/liked.hu\/old\/erdekes\/igy-nez-ki-fukusima-voros-tilalmi-zonaja-6-evvel-nuklearis-katasztrofa-utan\/"]}]},{"@type":"BreadcrumbList","@id":"https:\/\/liked.hu\/old\/erdekes\/igy-nez-ki-fukusima-voros-tilalmi-zonaja-6-evvel-nuklearis-katasztrofa-utan\/#breadcrumb","itemListElement":[{"@type":"ListItem","position":1,"name":"Kezd\u0151lap","item":"https:\/\/liked.hu\/old\/"},{"@type":"ListItem","position":2,"name":"\u00cdgy n\u00e9z ki Fukusima v\u00f6r\u00f6s-tilalmi z\u00f3n\u00e1ja most, 6 \u00e9vvel a nukle\u00e1ris-katasztr\u00f3fa ut\u00e1n"}]},{"@type":"WebSite","@id":"https:\/\/liked.hu\/old\/#website","url":"https:\/\/liked.hu\/old\/","name":"Liked.hu","description":"","publisher":{"@id":"https:\/\/liked.hu\/old\/#organization"},"potentialAction":[{"@type":"SearchAction","target":{"@type":"EntryPoint","urlTemplate":"https:\/\/liked.hu\/old\/?s={search_term_string}"},"query-input":"required name=search_term_string"}],"inLanguage":"hu"},{"@type":"Organization","@id":"https:\/\/liked.hu\/old\/#organization","name":"Liked.hu","url":"https:\/\/liked.hu\/old\/","sameAs":["https:\/\/hu.pinterest.com\/likedhungary\/","https:\/\/www.youtube.com\/channel\/UCPv91dbMoIukYcM9b9nHN6Q","https:\/\/www.facebook.com\/liked.hu","https:\/\/twitter.com\/LikedHu"],"logo":{"@type":"ImageObject","inLanguage":"hu","@id":"https:\/\/liked.hu\/old\/#\/schema\/logo\/image\/","url":"https:\/\/liked.hu\/wp-content\/uploads\/2018\/08\/Liked-icon.png","contentUrl":"https:\/\/liked.hu\/wp-content\/uploads\/2018\/08\/Liked-icon.png","width":512,"height":512,"caption":"Liked.hu"},"image":{"@id":"https:\/\/liked.hu\/old\/#\/schema\/logo\/image\/"}},{"@type":"Person","@id":"https:\/\/liked.hu\/old\/#\/schema\/person\/1c8d3f8764991e8dcd6572a7de72da8a","name":"Klingstrom","image":{"@type":"ImageObject","inLanguage":"hu","@id":"https:\/\/liked.hu\/old\/#\/schema\/person\/image\/","url":"https:\/\/liked.hu\/old\/wp-content\/uploads\/avatars\/13\/604de88bd578a-bpfull.jpg","contentUrl":"https:\/\/liked.hu\/old\/wp-content\/uploads\/avatars\/13\/604de88bd578a-bpfull.jpg","caption":"Klingstrom"},"url":"https:\/\/liked.hu\/old\/u\/klingstrom\/"}]}},"publishpress_future_action":{"enabled":false,"date":"1970-01-01 01:00:00","action":"","terms":[],"taxonomy":"","browser_timezone_offset":0},"_links":{"self":[{"href":"https:\/\/liked.hu\/old\/wp-json\/wp\/v2\/posts\/157604"}],"collection":[{"href":"https:\/\/liked.hu\/old\/wp-json\/wp\/v2\/posts"}],"about":[{"href":"https:\/\/liked.hu\/old\/wp-json\/wp\/v2\/types\/post"}],"author":[{"embeddable":true,"href":"https:\/\/liked.hu\/old\/wp-json\/wp\/v2\/users\/13"}],"replies":[{"embeddable":true,"href":"https:\/\/liked.hu\/old\/wp-json\/wp\/v2\/comments?post=157604"}],"version-history":[{"count":0,"href":"https:\/\/liked.hu\/old\/wp-json\/wp\/v2\/posts\/157604\/revisions"}],"wp:featuredmedia":[{"embeddable":true,"href":"https:\/\/liked.hu\/old\/wp-json\/wp\/v2\/media\/157605"}],"wp:attachment":[{"href":"https:\/\/liked.hu\/old\/wp-json\/wp\/v2\/media?parent=157604"}],"wp:term":[{"taxonomy":"category","embeddable":true,"href":"https:\/\/liked.hu\/old\/wp-json\/wp\/v2\/categories?post=157604"},{"taxonomy":"post_tag","embeddable":true,"href":"https:\/\/liked.hu\/old\/wp-json\/wp\/v2\/tags?post=157604"}],"curies":[{"name":"wp","href":"https:\/\/api.w.org\/{rel}","templated":true}]}}