{"id":157267,"date":"2019-07-31T15:04:22","date_gmt":"2019-07-31T13:04:22","guid":{"rendered":"https:\/\/liked.hu\/old\/?p=157267"},"modified":"2022-09-06T02:02:04","modified_gmt":"2022-09-06T00:02:04","slug":"18-brutalis-kinzasi-technika-a-multbol","status":"publish","type":"post","link":"https:\/\/liked.hu\/old\/erdekes\/18-brutalis-kinzasi-technika-a-multbol\/","title":{"rendered":"18 brut\u00e1lis k\u00ednz\u00e1si technika a m\u00faltb\u00f3l, avagy az emberis\u00e9g s\u00f6t\u00e9t titkai"},"content":{"rendered":"<p>Valamilyen k\u00fcl\u00f6n\u00f6s okb\u00f3l kifoly\u00f3lag az emberis\u00e9g mindig is roppant kreat\u00edv volt, amikor egym\u00e1s gyilkol\u00e1s\u00e1r\u00f3l \u00e9s k\u00ednz\u00e1s\u00e1r\u00f3l volt sz\u00f3.<\/p>\n\n<div style=\"float:none;margin:0px 0 0px 0;text-align:center;\">\n<div class=\"mobileShowkakettes\"><div class=\"mobileShowka2\"><div style=\"padding-top:0px;padding-bottom:15px;min-height: 300px;\"><div class=\"hirdetes\">HIRDET\u00c9S<\/div>\n<!-- 300lista -->\n<ins class=\"adsbygoogle\"\n     style=\"display:inline-block;width:300px;height:250px\"\n     data-ad-client=\"ca-pub-9424088931673893\"\n     data-ad-slot=\"8471340766\"><\/ins>\n<script async>\n     (adsbygoogle = window.adsbygoogle || []).push({});\n<\/script><\/div><\/div><\/div><\/div>\n\n<p>Gondoljunk csak p\u00e9ld\u00e1ul a h\u00e1bor\u00fakra, vagy az egyszer\u0171 k\u00ednz\u00e1si \u00e9s vallat\u00e1si m\u00f3dszerekre, melyek mind-mind olyan ,,kreativit\u00e1ssal&#8221; j\u00f6ttek l\u00e9tre, ami semmilyen m\u00e1sik ter\u00fcletre sem volt jellemz\u0151 az \u00e9ppen adott korban. Most ezek k\u00f6z\u00fcl hoztuk el a 18 tal\u00e1n legbrut\u00e1lisabbat, melyekbe m\u00e9g belegondolni is rossz&#8230;\ud83d\ude33<\/p>\n<div id=\"zombify-main-section-front\" class=\"zombify-main-section-front zombify-screen zf-media-full\">\r\n\t<link rel=\"stylesheet\" type=\"text\/css\" href=\"https:\/\/liked.hu\/old\/js\/zombify.css\">\r\n    <link rel=\"stylesheet\" type=\"text\/css\" href=\"https:\/\/liked.hu\/old\/wp-content\/themes\/newsy-child\/style.css\">\r\n\t<div class=\"zf-container\">\r\n\t\t<div id=\"zf-list\" class=\"zf-list zf-numbered\">\r\n\t\t\t<ol class=\"zf-structure-list\">\r\n\t\t\t\t\t\t\t\t\t\t<li class=\"zf-list_item\">\r\n\t\t\t\t\t\t\t<div class=\"zf-list_header\">\r\n\t\t\t\t\t\t\t\t<h3 id=\"listaelem1\" class=\"zf-list_title\">\r\n\t\t\t\t\t\t\t\t\t<span class=\"zf-number\">1<\/span>\r\n\t\t\t\t\t\t\t\t\tA k\u00e1d\t\t\t\t\t\t\t\t<\/h3>\r\n\t\t\t\t\t\t\t<\/div>\r\n\t\t\t\t\t\t\t\t\t\t\t\t\t\t\t<figure class=\"zf-list_media zf-media-wrapper zf-image zf-type-image\">\r\n\t\t\t\t\t\t\t\t\t<div title=\"A k\u00e1d\" alt=\"A k\u00e1d\" class=\"zf-media\">\r\n\t\t\t\t\t\t\t\t\t\t<img width=\"610\" height=\"397\" src=\"https:\/\/liked.hu\/old\/wp-content\/uploads\/2019\/07\/Slide1133.jpg\" class=\"\" alt=\"\" loading=\"lazy\" style=\"\" srcset=\"https:\/\/liked.hu\/old\/wp-content\/uploads\/2019\/07\/Slide1133.jpg 610w, https:\/\/liked.hu\/old\/wp-content\/uploads\/2019\/07\/Slide1133-300x195.jpg 300w, https:\/\/liked.hu\/old\/wp-content\/uploads\/2019\/07\/Slide1133-500x325.jpg 500w, https:\/\/liked.hu\/old\/wp-content\/uploads\/2019\/07\/Slide1133-360x234.jpg 360w, https:\/\/liked.hu\/old\/wp-content\/uploads\/2019\/07\/Slide1133-545x355.jpg 545w\" sizes=\"(max-width: 610px) 100vw, 610px\" \/>\t\t\t\t\t\t\t\t\t\t\t<figcaption class=\"zf-figcaption\">\r\n\t\t\t\t\t\t\t\t\t\t\t\t\t\t\t\t\t\t\t\t\t\t\t\t<cite>        <a class=\"zf-media_credit\" target=\"_blank\" href=\"https:\/\/liked.hu\/old\/kimeno.php?https:\/\/liked.hu\/kimeno.php?https:\/\/hu.wikipedia.org\/wiki\/Kiv%C3%A9gz%C3%A9s\" rel=\"nofollow noopener\">wikipedia<\/a>\r\n        <\/cite>\r\n\r\n\t\t\t\t\t\t\t\t\t\t\t\t\t\t\t\t\t\t\t\t\t\t\t<\/figcaption>\r\n\t\t\t\t\t\t\t\t\t\t\t\t\t\t\t\t\t\t\t<\/div>\r\n\t\t\t\t\t\t\t\t\t<hr \/>\r\n\t\t\t\t\t\t\t\t<\/figure>\r\n\t\t\t\t\t\t\t\t\t\t\t\t\t\t\t\t<div class=\"zf-list_description\"><p>Ebbe a d\u00e9zsaszer\u0171 k\u00e1dba annyi vizet \u00f6nt\u00f6ttek, hogy a k\u00ednozni k\u00edv\u00e1nt szem\u00e9ly fels\u0151teste kil\u00e1tsz\u00f3djon. A kil\u00e1tsz\u00f3d\u00f3 testr\u00e9szt bekent\u00e9k vastagon m\u00e9zzel, illetve tejjel. Ez eddig m\u00e9g nem is lenne borzalmas, azonban ezeknek az embereknek napokat kellett t\u00f6lteni ebben a k\u00e1dban, amelybe el\u0151bb-ut\u00f3bb beleengedt\u00e9k a vizelet\u00fcket \u00e9s az \u00fcr\u00fcl\u00e9k\u00fcket is. Erre k\u00e9s\u0151bb megjelentek a legyek, amelyek bek\u00f6pt\u00e9k az embereket, \u00edgy sz\u00e9pen lassan elevenen falt\u00e1k fel azokat a f\u00e9rgek.<\/p><\/div>\r\n\t\t\t\t\t\t\t\t\t\t\t\t\t<\/li>\r\n\t\t\t\t\t\t\t\t\t\t\t\t<li class=\"zf-list_item\">\r\n\t\t\t\t\t\t\t<div class=\"zf-list_header\">\r\n\t\t\t\t\t\t\t\t<h3 id=\"listaelem2\" class=\"zf-list_title\">\r\n\t\t\t\t\t\t\t\t\t<span class=\"zf-number\">2<\/span>\r\n\t\t\t\t\t\t\t\t\tA szic\u00edliai bika\t\t\t\t\t\t\t\t<\/h3>\r\n\t\t\t\t\t\t\t<\/div>\r\n\t\t\t\t\t\t\t\t\t\t\t\t\t\t\t<figure class=\"zf-list_media zf-media-wrapper zf-image zf-type-image\">\r\n\t\t\t\t\t\t\t\t\t<div title=\"A szic\u00edliai bika\" alt=\"A szic\u00edliai bika\" class=\"zf-media\">\r\n\t\t\t\t\t\t\t\t\t\t<img width=\"610\" height=\"417\" src=\"https:\/\/liked.hu\/old\/wp-content\/uploads\/2019\/07\/Slide274.jpg\" class=\"\" alt=\"\" loading=\"lazy\" style=\"\" srcset=\"https:\/\/liked.hu\/old\/wp-content\/uploads\/2019\/07\/Slide274.jpg 610w, https:\/\/liked.hu\/old\/wp-content\/uploads\/2019\/07\/Slide274-300x205.jpg 300w, https:\/\/liked.hu\/old\/wp-content\/uploads\/2019\/07\/Slide274-500x342.jpg 500w, https:\/\/liked.hu\/old\/wp-content\/uploads\/2019\/07\/Slide274-360x246.jpg 360w, https:\/\/liked.hu\/old\/wp-content\/uploads\/2019\/07\/Slide274-545x373.jpg 545w\" sizes=\"(max-width: 610px) 100vw, 610px\" \/>\t\t\t\t\t\t\t\t\t\t\t<figcaption class=\"zf-figcaption\">\r\n\t\t\t\t\t\t\t\t\t\t\t\t\t\t\t\t\t\t\t\t\t\t\t\t<cite>        <a class=\"zf-media_credit\" target=\"_blank\" href=\"https:\/\/liked.hu\/old\/kimeno.php?https:\/\/liked.hu\/kimeno.php?https:\/\/hu.wikipedia.org\/wiki\/Kiv%C3%A9gz%C3%A9s\" rel=\"nofollow noopener\">wikipedia<\/a>\r\n        <\/cite>\r\n\r\n\t\t\t\t\t\t\t\t\t\t\t\t\t\t\t\t\t\t\t\t\t\t\t<\/figcaption>\r\n\t\t\t\t\t\t\t\t\t\t\t\t\t\t\t\t\t\t\t<\/div>\r\n\t\t\t\t\t\t\t\t\t<hr \/>\r\n\t\t\t\t\t\t\t\t<\/figure>\r\n\t\t\t\t\t\t\t\t\t\t\t\t\t\t\t\t<div class=\"zf-list_description\"><p>Ez a bika szobor vasb&oacute;l k&eacute;sz&uuml;lt, &eacute;s bel&uuml;l &uuml;reges volt. Pont akkora m&eacute;ret\u0171 volt, hogy egy feln\u0151tt szem&eacute;ly k&eacute;nyelmesen belef&eacute;rjen. Miut&aacute;n belerakt&aacute;k az embert, a szobor alatt t&uuml;zet gy&uacute;jtottak &ndash; &eacute;s tulajdonk&eacute;ppen megs&uuml;t&ouml;tt&eacute;k benne az embert. &Eacute;rdekess&eacute;g, hogy direkt csin&aacute;ltak a bik&aacute;nak egy sz&aacute;jat, amelyet &uacute;gy alak&iacute;tottak ki, hogy eltorz&iacute;tsa a bennl&eacute;v\u0151 ember ki&aacute;lt&aacute;s&aacute;t, &iacute;gy furcsa ,,sz&ouml;rny hangon&rdquo; sz&oacute;lt a szobor, mik&ouml;zben gyomr&aacute;ban &eacute;pp egy ember s&uuml;lt. A Bika szobor feltal&aacute;l&oacute;j&aacute;t egy&eacute;bk&eacute;nt a tal&aacute;lm&aacute;nya gyomr&aacute;ban k&iacute;nozt&aacute;k hal&aacute;lra. Micsoda ir&oacute;nia.<\/p><\/div>\r\n\t\t\t\t\t\t\t\t\t\t\t\t\t<\/li>\r\n\t\t\t\t\t\t\t\t\t\t\t\t<li class=\"zf-list_item\">\r\n\t\t\t\t\t\t\t<div class=\"zf-list_header\">\r\n\t\t\t\t\t\t\t\t<h3 id=\"listaelem3\" class=\"zf-list_title\">\r\n\t\t\t\t\t\t\t\t\t<span class=\"zf-number\">3<\/span>\r\n\t\t\t\t\t\t\t\t\tKar\u00f3bah\u00faz\u00e1s\t\t\t\t\t\t\t\t<\/h3>\r\n\t\t\t\t\t\t\t<\/div>\r\n\t\t\t\t\t\t\t\t\t\t\t\t\t\t\t<figure class=\"zf-list_media zf-media-wrapper zf-image zf-type-image\">\r\n\t\t\t\t\t\t\t\t\t<div title=\"Kar\u00f3bah\u00faz\u00e1s\" alt=\"Kar\u00f3bah\u00faz\u00e1s\" class=\"zf-media\">\r\n\t\t\t\t\t\t\t\t\t\t<img width=\"610\" height=\"458\" src=\"https:\/\/liked.hu\/old\/wp-content\/uploads\/2019\/07\/Slide328-1.jpg\" class=\"\" alt=\"\" loading=\"lazy\" style=\"\" srcset=\"https:\/\/liked.hu\/old\/wp-content\/uploads\/2019\/07\/Slide328-1.jpg 610w, https:\/\/liked.hu\/old\/wp-content\/uploads\/2019\/07\/Slide328-1-300x225.jpg 300w, https:\/\/liked.hu\/old\/wp-content\/uploads\/2019\/07\/Slide328-1-500x375.jpg 500w, https:\/\/liked.hu\/old\/wp-content\/uploads\/2019\/07\/Slide328-1-200x150.jpg 200w, https:\/\/liked.hu\/old\/wp-content\/uploads\/2019\/07\/Slide328-1-360x270.jpg 360w, https:\/\/liked.hu\/old\/wp-content\/uploads\/2019\/07\/Slide328-1-545x409.jpg 545w\" sizes=\"(max-width: 610px) 100vw, 610px\" \/>\t\t\t\t\t\t\t\t\t\t\t<figcaption class=\"zf-figcaption\">\r\n\t\t\t\t\t\t\t\t\t\t\t\t\t\t\t\t\t\t\t\t\t\t\t\t<cite>        <a class=\"zf-media_credit\" target=\"_blank\" href=\"https:\/\/liked.hu\/old\/kimeno.php?https:\/\/liked.hu\/kimeno.php?https:\/\/hu.wikipedia.org\/wiki\/Kiv%C3%A9gz%C3%A9s\" rel=\"nofollow noopener\">wikipedia<\/a>\r\n        <\/cite>\r\n\r\n\t\t\t\t\t\t\t\t\t\t\t\t\t\t\t\t\t\t\t\t\t\t\t<\/figcaption>\r\n\t\t\t\t\t\t\t\t\t\t\t\t\t\t\t\t\t\t\t<\/div>\r\n\t\t\t\t\t\t\t\t\t<hr \/>\r\n\t\t\t\t\t\t\t\t<\/figure>\r\n\t\t\t\t\t\t\t\t\t\t\t\t\t\t\t\t<div class=\"zf-list_description\"><p>A kar&oacute;bah&uacute;z&aacute;st t&ouml;bbnyire &uacute;gy hajtott&aacute;k v&eacute;gre, hogy lass&uacute;, nagy szenved&eacute;ssel j&aacute;r&oacute; hal&aacute;lt okozzon, az alkalmazott m&oacute;dszert\u0151l f&uuml;gg\u0151en a hal&aacute;lra&iacute;t&eacute;lt 2-3, de ak&aacute;r 6-8 napig is &eacute;lhetett ut&aacute;na.<\/p><p>A kar&oacute;bah&uacute;z&aacute;s sor&aacute;n egy kihegyezett lezs&iacute;rozott kar&oacute;t vezettek a kiv&eacute;gzend\u0151 szem&eacute;ly test&eacute;be, t&ouml;bbnyire a v&eacute;gb&eacute;lbe vagy n\u0151i &aacute;ldozatok eset&eacute;ben a h&uuml;velybe. A kiv&eacute;gz\u0151kar&oacute;t a gerincoszlop mellett vezett&eacute;k el, lehet\u0151leg &uacute;gy, hogy a l&eacute;tfontoss&aacute;g&uacute; bels\u0151 szerveket ne s&eacute;rtse meg. A kar&oacute;t a nyak &eacute;s lapocka k&ouml;z&ouml;tt vezett&eacute;k ki a testb\u0151l, majd a kar&oacute;t a r&aacute;h&uacute;zott emberrel egy&uuml;tt fel&aacute;ll&iacute;tott&aacute;k. A nagy kar&oacute;ba h&uacute;z&oacute; egy&eacute;bk&eacute;nt Drakula gr&oacute;f volt, egyes becsl&eacute;sek szerint 20 ezer emberrel v&eacute;gzett &iacute;gy, mik&ouml;zben a hal&aacute;ltus&aacute;jukat n&eacute;zte &eacute;tkez&eacute;s k&ouml;zben.<\/p><\/div>\r\n\t\t\t\t\t\t\t\t\t\t\t\t\t<\/li>\r\n\t\t\t\t\t\t\t\t\t\t\t\t<li class=\"zf-list_item\">\r\n\t\t\t\t\t\t\t<div class=\"zf-list_header\">\r\n\t\t\t\t\t\t\t\t<h3 id=\"listaelem4\" class=\"zf-list_title\">\r\n\t\t\t\t\t\t\t\t\t<span class=\"zf-number\">4<\/span>\r\n\t\t\t\t\t\t\t\t\tAz eretnek villa\t\t\t\t\t\t\t\t<\/h3>\r\n\t\t\t\t\t\t\t<\/div>\r\n\t\t\t\t\t\t\t\t\t\t\t\t\t\t\t<figure class=\"zf-list_media zf-media-wrapper zf-image zf-type-image\">\r\n\t\t\t\t\t\t\t\t\t<div title=\"Az eretnek villa\" alt=\"Az eretnek villa\" class=\"zf-media\">\r\n\t\t\t\t\t\t\t\t\t\t<img width=\"610\" height=\"401\" src=\"https:\/\/liked.hu\/old\/wp-content\/uploads\/2019\/07\/Slide428.jpg\" class=\"\" alt=\"\" loading=\"lazy\" style=\"\" srcset=\"https:\/\/liked.hu\/old\/wp-content\/uploads\/2019\/07\/Slide428.jpg 610w, https:\/\/liked.hu\/old\/wp-content\/uploads\/2019\/07\/Slide428-300x197.jpg 300w, https:\/\/liked.hu\/old\/wp-content\/uploads\/2019\/07\/Slide428-500x329.jpg 500w, https:\/\/liked.hu\/old\/wp-content\/uploads\/2019\/07\/Slide428-360x237.jpg 360w, https:\/\/liked.hu\/old\/wp-content\/uploads\/2019\/07\/Slide428-545x358.jpg 545w\" sizes=\"(max-width: 610px) 100vw, 610px\" \/>\t\t\t\t\t\t\t\t\t\t\t<figcaption class=\"zf-figcaption\">\r\n\t\t\t\t\t\t\t\t\t\t\t\t\t\t\t\t\t\t\t\t\t\t\t\t<cite>        <a class=\"zf-media_credit\" target=\"_blank\" href=\"https:\/\/liked.hu\/old\/kimeno.php?https:\/\/liked.hu\/kimeno.php?https:\/\/hu.wikipedia.org\/wiki\/Kiv%C3%A9gz%C3%A9s\" rel=\"nofollow noopener\">wikipedia<\/a>\r\n        <\/cite>\r\n\r\n\t\t\t\t\t\t\t\t\t\t\t\t\t\t\t\t\t\t\t\t\t\t\t<\/figcaption>\r\n\t\t\t\t\t\t\t\t\t\t\t\t\t\t\t\t\t\t\t<\/div>\r\n\t\t\t\t\t\t\t\t\t<hr \/>\r\n\t\t\t\t\t\t\t\t<\/figure>\r\n\t\t\t\t\t\t\t\t\t\t\t\t\t\t\t\t<div class=\"zf-list_description\"><p>Egy olyan speci&aacute;lisan kialak&iacute;tott vill&aacute;r&oacute;l van sz&oacute;, amelynek mindk&eacute;t v&eacute;g&eacute;n kihegyezett &eacute;l volt. Ennek az volt a l&eacute;nyege, hogy a k&iacute;nzott szem&eacute;ly nem alhatott el, mert ha ez megt&ouml;rt&eacute;nt, akkor a villa &aacute;tsz&uacute;rta a mellkas&aacute;t, vagy a tork&aacute;t, de az is lehet, hogy egyszerre a kett\u0151t.<\/p><\/div>\r\n\t\t\t\t\t\t\t\t\t\t\t\t\t<\/li>\r\n\t\t\t\t\t\t\t\t\t\t\t\t<li class=\"zf-list_item\">\r\n\t\t\t\t\t\t\t<div class=\"zf-list_header\">\r\n\t\t\t\t\t\t\t\t<h3 id=\"listaelem5\" class=\"zf-list_title\">\r\n\t\t\t\t\t\t\t\t\t<span class=\"zf-number\">5<\/span>\r\n\t\t\t\t\t\t\t\t\tT\u00fcsk\u00e9s nyak\u00f6rv\t\t\t\t\t\t\t\t<\/h3>\r\n\t\t\t\t\t\t\t<\/div>\r\n\t\t\t\t\t\t\t\t\t\t\t\t\t\t\t<figure class=\"zf-list_media zf-media-wrapper zf-image zf-type-image\">\r\n\t\t\t\t\t\t\t\t\t<div title=\"T\u00fcsk\u00e9s nyak\u00f6rv\" alt=\"T\u00fcsk\u00e9s nyak\u00f6rv\" class=\"zf-media\">\r\n\t\t\t\t\t\t\t\t\t\t<img width=\"610\" height=\"458\" src=\"https:\/\/liked.hu\/old\/wp-content\/uploads\/2019\/07\/Slide528.jpg\" class=\"\" alt=\"\" loading=\"lazy\" style=\"\" srcset=\"https:\/\/liked.hu\/old\/wp-content\/uploads\/2019\/07\/Slide528.jpg 610w, https:\/\/liked.hu\/old\/wp-content\/uploads\/2019\/07\/Slide528-300x225.jpg 300w, https:\/\/liked.hu\/old\/wp-content\/uploads\/2019\/07\/Slide528-500x375.jpg 500w, https:\/\/liked.hu\/old\/wp-content\/uploads\/2019\/07\/Slide528-200x150.jpg 200w, https:\/\/liked.hu\/old\/wp-content\/uploads\/2019\/07\/Slide528-360x270.jpg 360w, https:\/\/liked.hu\/old\/wp-content\/uploads\/2019\/07\/Slide528-545x409.jpg 545w\" sizes=\"(max-width: 610px) 100vw, 610px\" \/>\t\t\t\t\t\t\t\t\t\t\t<figcaption class=\"zf-figcaption\">\r\n\t\t\t\t\t\t\t\t\t\t\t\t\t\t\t\t\t\t\t\t\t\t\t\t<cite>        <a class=\"zf-media_credit\" target=\"_blank\" href=\"https:\/\/liked.hu\/old\/kimeno.php?https:\/\/liked.hu\/kimeno.php?https:\/\/hu.wikipedia.org\/wiki\/Kiv%C3%A9gz%C3%A9s\" rel=\"nofollow noopener\">wikipedia<\/a>\r\n        <\/cite>\r\n\r\n\t\t\t\t\t\t\t\t\t\t\t\t\t\t\t\t\t\t\t\t\t\t\t<\/figcaption>\r\n\t\t\t\t\t\t\t\t\t\t\t\t\t\t\t\t\t\t\t<\/div>\r\n\t\t\t\t\t\t\t\t\t<hr \/>\r\n\t\t\t\t\t\t\t\t<\/figure>\r\n\t\t\t\t\t\t\t\t\t\t\t\t\t\t\t\t<div class=\"zf-list_description\"><p>Ez az eszk&ouml;z az eretnek vill&aacute;hoz hasonl&oacute;an szint&eacute;n arra szolg&aacute;lt, hogy mik&ouml;zben a visel\u0151je eg&eacute;sz nap a nyak&aacute;n hordja, ne tudjon t\u0151le aludni. Ez vesz&eacute;lyesebb volt az eretnek vill&aacute;t&oacute;l, mert ha a k&iacute;nzott elaludt, ak&aacute;r a nyaki art&eacute;ri&aacute;j&aacute;t is &aacute;tsz&uacute;rhatta valamelyik a t&uuml;ske.<\/p><\/div>\r\n\t\t\t\t\t\t\t\t\t\t\t\t\t<\/li>\r\n\t\t\t\t\t\t\t\t\t\t\t\t<li class=\"zf-list_item\">\r\n\t\t\t\t\t\t\t<div class=\"zf-list_header\">\r\n\t\t\t\t\t\t\t\t<h3 id=\"listaelem6\" class=\"zf-list_title\">\r\n\t\t\t\t\t\t\t\t\t<span class=\"zf-number\">6<\/span>\r\n\t\t\t\t\t\t\t\t\tKeresztre fesz\u00edt\u00e9s\t\t\t\t\t\t\t\t<\/h3>\r\n\t\t\t\t\t\t\t<\/div>\r\n\t\t\t\t\t\t\t\t\t\t\t\t\t\t\t<figure class=\"zf-list_media zf-media-wrapper zf-image zf-type-image\">\r\n\t\t\t\t\t\t\t\t\t<div title=\"Keresztre fesz\u00edt\u00e9s\" alt=\"Keresztre fesz\u00edt\u00e9s\" class=\"zf-media\">\r\n\t\t\t\t\t\t\t\t\t\t<img width=\"610\" height=\"369\" src=\"https:\/\/liked.hu\/old\/wp-content\/uploads\/2019\/07\/Slide628.jpg\" class=\"\" alt=\"\" loading=\"lazy\" style=\"\" srcset=\"https:\/\/liked.hu\/old\/wp-content\/uploads\/2019\/07\/Slide628.jpg 610w, https:\/\/liked.hu\/old\/wp-content\/uploads\/2019\/07\/Slide628-300x181.jpg 300w, https:\/\/liked.hu\/old\/wp-content\/uploads\/2019\/07\/Slide628-500x302.jpg 500w, https:\/\/liked.hu\/old\/wp-content\/uploads\/2019\/07\/Slide628-360x218.jpg 360w, https:\/\/liked.hu\/old\/wp-content\/uploads\/2019\/07\/Slide628-545x330.jpg 545w\" sizes=\"(max-width: 610px) 100vw, 610px\" \/>\t\t\t\t\t\t\t\t\t\t\t<figcaption class=\"zf-figcaption\">\r\n\t\t\t\t\t\t\t\t\t\t\t\t\t\t\t\t\t\t\t\t\t\t\t\t<cite>        <a class=\"zf-media_credit\" target=\"_blank\" href=\"https:\/\/liked.hu\/old\/kimeno.php?https:\/\/liked.hu\/kimeno.php?https:\/\/hu.wikipedia.org\/wiki\/Kiv%C3%A9gz%C3%A9s\" rel=\"nofollow noopener\">wikipedia<\/a>\r\n        <\/cite>\r\n\r\n\t\t\t\t\t\t\t\t\t\t\t\t\t\t\t\t\t\t\t\t\t\t\t<\/figcaption>\r\n\t\t\t\t\t\t\t\t\t\t\t\t\t\t\t\t\t\t\t<\/div>\r\n\t\t\t\t\t\t\t\t\t<hr \/>\r\n\t\t\t\t\t\t\t\t<\/figure>\r\n\t\t\t\t\t\t\t\t\t\t\t\t\t\t\t\t<div class=\"zf-list_description\"><p>A t&ouml;rt&eacute;nelem tal&aacute;n legh&iacute;resebb k&iacute;nz&oacute; &eacute;s kiv&eacute;gz\u0151 eszk&ouml;ze. L&eacute;nyege az volt, hogy az embert a l&aacute;b&aacute;n&aacute;l &eacute;s csukl&oacute;j&aacute;n&aacute;l fogva r&ouml;gz&iacute;tett&eacute;k a keresztf&aacute;ra.<\/p><p>Hogy mik&eacute;nt, arr&oacute;l sok vita van: ha ugyanis sz&ouml;gelt&eacute;k, akkor az ember sz&eacute;pen lassan kiv&eacute;rzett, m&iacute;g ha enn&eacute;l hum&aacute;nusabb m&oacute;don r&ouml;gz&iacute;tett&eacute;k is esetleg, ebben a testhelyzetben akkor is p&aacute;r &oacute;r&aacute;n bel&uuml;l be&aacute;llt a t&uuml;d\u0151 &ouml;d&eacute;ma. A t&uuml;d\u0151 megtelt v&iacute;zzel &eacute;s a k&iacute;nzott megfulladt.<\/p><\/div>\r\n\t\t\t\t\t\t\t\t\t\t\t\t\t<\/li>\r\n\t\t\t\t\t\t\t\t\t\t\t\t<li class=\"zf-list_item\">\r\n\t\t\t\t\t\t\t<div class=\"zf-list_header\">\r\n\t\t\t\t\t\t\t\t<h3 id=\"listaelem7\" class=\"zf-list_title\">\r\n\t\t\t\t\t\t\t\t\t<span class=\"zf-number\">7<\/span>\r\n\t\t\t\t\t\t\t\t\tJ\u00fad\u00e1s sz\u00e9ke\t\t\t\t\t\t\t\t<\/h3>\r\n\t\t\t\t\t\t\t<\/div>\r\n\t\t\t\t\t\t\t\t\t\t\t\t\t\t\t<figure class=\"zf-list_media zf-media-wrapper zf-image zf-type-image\">\r\n\t\t\t\t\t\t\t\t\t<div title=\"J\u00fad\u00e1s sz\u00e9ke\" alt=\"J\u00fad\u00e1s sz\u00e9ke\" class=\"zf-media\">\r\n\t\t\t\t\t\t\t\t\t\t<img width=\"610\" height=\"454\" src=\"https:\/\/liked.hu\/old\/wp-content\/uploads\/2019\/07\/Slide727.jpg\" class=\"\" alt=\"\" loading=\"lazy\" style=\"\" srcset=\"https:\/\/liked.hu\/old\/wp-content\/uploads\/2019\/07\/Slide727.jpg 610w, https:\/\/liked.hu\/old\/wp-content\/uploads\/2019\/07\/Slide727-300x223.jpg 300w, https:\/\/liked.hu\/old\/wp-content\/uploads\/2019\/07\/Slide727-500x372.jpg 500w, https:\/\/liked.hu\/old\/wp-content\/uploads\/2019\/07\/Slide727-200x150.jpg 200w, https:\/\/liked.hu\/old\/wp-content\/uploads\/2019\/07\/Slide727-360x268.jpg 360w, https:\/\/liked.hu\/old\/wp-content\/uploads\/2019\/07\/Slide727-545x406.jpg 545w\" sizes=\"(max-width: 610px) 100vw, 610px\" \/>\t\t\t\t\t\t\t\t\t\t\t<figcaption class=\"zf-figcaption\">\r\n\t\t\t\t\t\t\t\t\t\t\t\t\t\t\t\t\t\t\t\t\t\t\t\t<cite>        <a class=\"zf-media_credit\" target=\"_blank\" href=\"https:\/\/liked.hu\/old\/kimeno.php?https:\/\/liked.hu\/kimeno.php?https:\/\/hu.wikipedia.org\/wiki\/Kiv%C3%A9gz%C3%A9s\" rel=\"nofollow noopener\">wikipedia<\/a>\r\n        <\/cite>\r\n\r\n\t\t\t\t\t\t\t\t\t\t\t\t\t\t\t\t\t\t\t\t\t\t\t<\/figcaption>\r\n\t\t\t\t\t\t\t\t\t\t\t\t\t\t\t\t\t\t\t<\/div>\r\n\t\t\t\t\t\t\t\t\t<hr \/>\r\n\t\t\t\t\t\t\t\t<\/figure>\r\n\t\t\t\t\t\t\t\t\t\t\t\t\t\t\t\t<div class=\"zf-list_description\"><p>Az &aacute;rul&oacute; emberekn&eacute;l alkalmazt&aacute;k ezt az eszk&ouml;zt. A k&iacute;nozni k&iacute;v&aacute;nt ember k&ouml;telekkel volt felf&uuml;ggesztve, &eacute;s ezek seg&iacute;ts&eacute;g&eacute;vel engedt&eacute;k r&aacute; a fenek&eacute;t egy hihetetlen&uuml;l &eacute;les piramisra. &Iacute;gy az ember saj&aacute;t s&uacute;lya, illetve amiatt, hogy k&ouml;t&eacute;llel &ouml;ssze vissza r&aacute;ngatt&aacute;k, v&eacute;g&uuml;l szinte teljesen sz&eacute;tszakadt az &aacute;ldozat.<\/p><\/div>\r\n\t\t\t\t\t\t\t\t\t\t\t\t\t<\/li>\r\n\t\t\t\t\t\t\t\t\t\t\t\t<li class=\"zf-list_item\">\r\n\t\t\t\t\t\t\t<div class=\"zf-list_header\">\r\n\t\t\t\t\t\t\t\t<h3 id=\"listaelem8\" class=\"zf-list_title\">\r\n\t\t\t\t\t\t\t\t\t<span class=\"zf-number\">8<\/span>\r\n\t\t\t\t\t\t\t\t\tA vas sz\u0171z\t\t\t\t\t\t\t\t<\/h3>\r\n\t\t\t\t\t\t\t<\/div>\r\n\t\t\t\t\t\t\t\t\t\t\t\t\t\t\t<figure class=\"zf-list_media zf-media-wrapper zf-image zf-type-image\">\r\n\t\t\t\t\t\t\t\t\t<div title=\"A vas sz\u0171z\" alt=\"A vas sz\u0171z\" class=\"zf-media\">\r\n\t\t\t\t\t\t\t\t\t\t<img width=\"610\" height=\"458\" src=\"https:\/\/liked.hu\/old\/wp-content\/uploads\/2019\/07\/Slide927.jpg\" class=\"\" alt=\"\" loading=\"lazy\" style=\"\" srcset=\"https:\/\/liked.hu\/old\/wp-content\/uploads\/2019\/07\/Slide927.jpg 610w, https:\/\/liked.hu\/old\/wp-content\/uploads\/2019\/07\/Slide927-300x225.jpg 300w, https:\/\/liked.hu\/old\/wp-content\/uploads\/2019\/07\/Slide927-500x375.jpg 500w, https:\/\/liked.hu\/old\/wp-content\/uploads\/2019\/07\/Slide927-200x150.jpg 200w, https:\/\/liked.hu\/old\/wp-content\/uploads\/2019\/07\/Slide927-360x270.jpg 360w, https:\/\/liked.hu\/old\/wp-content\/uploads\/2019\/07\/Slide927-545x409.jpg 545w\" sizes=\"(max-width: 610px) 100vw, 610px\" \/>\t\t\t\t\t\t\t\t\t\t\t<figcaption class=\"zf-figcaption\">\r\n\t\t\t\t\t\t\t\t\t\t\t\t\t\t\t\t\t\t\t\t\t\t\t\t<cite>        <a class=\"zf-media_credit\" target=\"_blank\" href=\"https:\/\/liked.hu\/old\/kimeno.php?https:\/\/liked.hu\/kimeno.php?https:\/\/hu.wikipedia.org\/wiki\/Kiv%C3%A9gz%C3%A9s\" rel=\"nofollow noopener\">wikipedia<\/a>\r\n        <\/cite>\r\n\r\n\t\t\t\t\t\t\t\t\t\t\t\t\t\t\t\t\t\t\t\t\t\t\t<\/figcaption>\r\n\t\t\t\t\t\t\t\t\t\t\t\t\t\t\t\t\t\t\t<\/div>\r\n\t\t\t\t\t\t\t\t\t<hr \/>\r\n\t\t\t\t\t\t\t\t<\/figure>\r\n\t\t\t\t\t\t\t\t\t\t\t\t\t\t\t\t<div class=\"zf-list_description\"><p>A k&eacute;pen l&aacute;that&oacute; szekr&eacute;nybe z&aacute;rt&aacute;k be a k&iacute;nz&aacute;sra &iacute;t&eacute;lt szem&eacute;lyt. &Aacute;llva kellett maradnia ahhoz, hogy ne s&eacute;r&uuml;lj&ouml;n meg jobban &ndash; ellenkez\u0151 esetben t&ouml;bb ir&aacute;nyb&oacute;l is sz&eacute;tv&aacute;gt&aacute;k az enyh&eacute;n tompa t&uuml;sk&eacute;k.<\/p><p>Az&eacute;rt haszn&aacute;ltak tomp&aacute;bb t&uuml;sk&eacute;ket, hogy az ember ne halhasson meg t&uacute;l hamar.<\/p><\/div>\r\n\t\t\t\t\t\t\t\t\t\t\t\t\t<\/li>\r\n\t\t\t\t\t\t\t\t\t\t\t\t<li class=\"zf-list_item\">\r\n\t\t\t\t\t\t\t<div class=\"zf-list_header\">\r\n\t\t\t\t\t\t\t\t<h3 id=\"listaelem9\" class=\"zf-list_title\">\r\n\t\t\t\t\t\t\t\t\t<span class=\"zf-number\">9<\/span>\r\n\t\t\t\t\t\t\t\t\tNyaktil\u00f3\t\t\t\t\t\t\t\t<\/h3>\r\n\t\t\t\t\t\t\t<\/div>\r\n\t\t\t\t\t\t\t\t\t\t\t\t\t\t\t<figure class=\"zf-list_media zf-media-wrapper zf-image zf-type-image\">\r\n\t\t\t\t\t\t\t\t\t<div title=\"Nyaktil\u00f3\" alt=\"Nyaktil\u00f3\" class=\"zf-media\">\r\n\t\t\t\t\t\t\t\t\t\t<img width=\"610\" height=\"428\" src=\"https:\/\/liked.hu\/old\/wp-content\/uploads\/2019\/07\/Slide1327.jpg\" class=\"\" alt=\"\" loading=\"lazy\" style=\"\" srcset=\"https:\/\/liked.hu\/old\/wp-content\/uploads\/2019\/07\/Slide1327.jpg 610w, https:\/\/liked.hu\/old\/wp-content\/uploads\/2019\/07\/Slide1327-300x210.jpg 300w, https:\/\/liked.hu\/old\/wp-content\/uploads\/2019\/07\/Slide1327-500x351.jpg 500w, https:\/\/liked.hu\/old\/wp-content\/uploads\/2019\/07\/Slide1327-360x253.jpg 360w, https:\/\/liked.hu\/old\/wp-content\/uploads\/2019\/07\/Slide1327-545x382.jpg 545w\" sizes=\"(max-width: 610px) 100vw, 610px\" \/>\t\t\t\t\t\t\t\t\t\t\t<figcaption class=\"zf-figcaption\">\r\n\t\t\t\t\t\t\t\t\t\t\t\t\t\t\t\t\t\t\t\t\t\t\t\t<cite>        <a class=\"zf-media_credit\" target=\"_blank\" href=\"https:\/\/liked.hu\/old\/kimeno.php?https:\/\/liked.hu\/kimeno.php?https:\/\/hu.wikipedia.org\/wiki\/Kiv%C3%A9gz%C3%A9s\" rel=\"nofollow noopener\">wikipedia<\/a>\r\n        <\/cite>\r\n\r\n\t\t\t\t\t\t\t\t\t\t\t\t\t\t\t\t\t\t\t\t\t\t\t<\/figcaption>\r\n\t\t\t\t\t\t\t\t\t\t\t\t\t\t\t\t\t\t\t<\/div>\r\n\t\t\t\t\t\t\t\t\t<hr \/>\r\n\t\t\t\t\t\t\t\t<\/figure>\r\n\t\t\t\t\t\t\t\t\t\t\t\t\t\t\t\t<div class=\"zf-list_description\"><p>A guillotine-k&eacute;nt is ismert nyaktil&oacute; a francia forradalom jelk&eacute;p&eacute;v&eacute; v&aacute;lt lefejez\u0151 g&eacute;pezet. Sokat nem kell mes&eacute;lni r&oacute;la, hiszen mindenki ismeri, &aacute;m azt az &eacute;rdekess&eacute;get mindenk&eacute;ppen &eacute;rdemes megeml&iacute;teni, hogy 1977-ben, a Csillagok h&aacute;bor&uacute;ja IV. r&eacute;sz&eacute;nek megjelen&eacute;sekor Franciaorsz&aacute;gban m&eacute;g k&ouml;zkedvelt kiv&eacute;gz&eacute;si eszk&ouml;z volt.<\/p><\/div>\r\n\t\t\t\t\t\t\t\t\t\t\t\t\t<\/li>\r\n\t\t\t\t\t\t\t\t\t\t\t\t<li class=\"zf-list_item\">\r\n\t\t\t\t\t\t\t<div class=\"zf-list_header\">\r\n\t\t\t\t\t\t\t\t<h3 id=\"listaelem10\" class=\"zf-list_title\">\r\n\t\t\t\t\t\t\t\t\t<span class=\"zf-number\">10<\/span>\r\n\t\t\t\t\t\t\t\t\tA k\u00edn kopors\u00f3ja\t\t\t\t\t\t\t\t<\/h3>\r\n\t\t\t\t\t\t\t<\/div>\r\n\t\t\t\t\t\t\t\t\t\t\t\t\t\t\t<figure class=\"zf-list_media zf-media-wrapper zf-image zf-type-image\">\r\n\t\t\t\t\t\t\t\t\t<div title=\"A k\u00edn kopors\u00f3ja\" alt=\"A k\u00edn kopors\u00f3ja\" class=\"zf-media\">\r\n\t\t\t\t\t\t\t\t\t\t<img width=\"610\" height=\"408\" src=\"https:\/\/liked.hu\/old\/wp-content\/uploads\/2019\/07\/Slide1027.jpg\" class=\"\" alt=\"\" loading=\"lazy\" style=\"\" srcset=\"https:\/\/liked.hu\/old\/wp-content\/uploads\/2019\/07\/Slide1027.jpg 610w, https:\/\/liked.hu\/old\/wp-content\/uploads\/2019\/07\/Slide1027-300x201.jpg 300w, https:\/\/liked.hu\/old\/wp-content\/uploads\/2019\/07\/Slide1027-500x334.jpg 500w, https:\/\/liked.hu\/old\/wp-content\/uploads\/2019\/07\/Slide1027-360x241.jpg 360w, https:\/\/liked.hu\/old\/wp-content\/uploads\/2019\/07\/Slide1027-545x365.jpg 545w\" sizes=\"(max-width: 610px) 100vw, 610px\" \/>\t\t\t\t\t\t\t\t\t\t\t<figcaption class=\"zf-figcaption\">\r\n\t\t\t\t\t\t\t\t\t\t\t\t\t\t\t\t\t\t\t\t\t\t\t\t<cite>        <a class=\"zf-media_credit\" target=\"_blank\" href=\"https:\/\/liked.hu\/old\/kimeno.php?https:\/\/liked.hu\/kimeno.php?https:\/\/hu.wikipedia.org\/wiki\/Kiv%C3%A9gz%C3%A9s\" rel=\"nofollow noopener\">wikipedia<\/a>\r\n        <\/cite>\r\n\r\n\t\t\t\t\t\t\t\t\t\t\t\t\t\t\t\t\t\t\t\t\t\t\t<\/figcaption>\r\n\t\t\t\t\t\t\t\t\t\t\t\t\t\t\t\t\t\t\t<\/div>\r\n\t\t\t\t\t\t\t\t\t<hr \/>\r\n\t\t\t\t\t\t\t\t<\/figure>\r\n\t\t\t\t\t\t\t\t\t\t\t\t\t\t\t\t<div class=\"zf-list_description\"><p>A k&iacute;nozni k&iacute;v&aacute;nt szem&eacute;lyeket a k&eacute;pen l&aacute;that&oacute;hoz hasonl&oacute; vas ketrecbe z&aacute;rt&aacute;k, mely olykor annyira szoros volt, hogy mozdulni sem b&iacute;rt. Az embert ezut&aacute;n kiakasztott&aacute;k valahova a szabadba, majd sz&eacute;pen lassan hagyt&aacute;k, hogy a madarak darabjaikra t&eacute;pt&eacute;k \u0151ket.<\/p><\/div>\r\n\t\t\t\t\t\t\t\t\t\t\t\t\t<\/li>\r\n\t\t\t\t\t\t\t\t\t<\/ol>\r\n\t\t<\/div>\r\n\t<\/div>\r\n\r\n\t<\/div>\r\n\r\n\r\n<!--nextpage--><div id=\"zombify-main-section-front\" class=\"zombify-main-section-front zombify-screen zf-media-full\">\r\n\t<link rel=\"stylesheet\" type=\"text\/css\" href=\"https:\/\/liked.hu\/old\/js\/zombify.css\">\r\n    <link rel=\"stylesheet\" type=\"text\/css\" href=\"https:\/\/liked.hu\/old\/wp-content\/themes\/newsy-child\/style.css\">\r\n\t<div class=\"zf-container\">\r\n\t\t<div id=\"zf-list\" class=\"zf-list zf-numbered\">\r\n\t\t\t<ol class=\"zf-structure-list\">\r\n\t\t\t\t\t\t\t\t\t\t<li class=\"zf-list_item\">\r\n\t\t\t\t\t\t\t<div class=\"zf-list_header\">\r\n\t\t\t\t\t\t\t\t<h3 id=\"listaelem11\" class=\"zf-list_title\">\r\n\t\t\t\t\t\t\t\t\t<span class=\"zf-number\">11<\/span>\r\n\t\t\t\t\t\t\t\t\tA z\u00faz\u00f3\t\t\t\t\t\t\t\t<\/h3>\r\n\t\t\t\t\t\t\t<\/div>\r\n\t\t\t\t\t\t\t\t\t\t\t\t\t\t\t<figure class=\"zf-list_media zf-media-wrapper zf-image zf-type-image\">\r\n\t\t\t\t\t\t\t\t\t<div title=\"A z\u00faz\u00f3\" alt=\"A z\u00faz\u00f3\" class=\"zf-media\">\r\n\t\t\t\t\t\t\t\t\t\t<img width=\"610\" height=\"394\" src=\"https:\/\/liked.hu\/old\/wp-content\/uploads\/2019\/07\/Slide1134.jpg\" class=\"\" alt=\"\" loading=\"lazy\" style=\"\" srcset=\"https:\/\/liked.hu\/old\/wp-content\/uploads\/2019\/07\/Slide1134.jpg 610w, https:\/\/liked.hu\/old\/wp-content\/uploads\/2019\/07\/Slide1134-300x194.jpg 300w, https:\/\/liked.hu\/old\/wp-content\/uploads\/2019\/07\/Slide1134-500x323.jpg 500w, https:\/\/liked.hu\/old\/wp-content\/uploads\/2019\/07\/Slide1134-360x233.jpg 360w, https:\/\/liked.hu\/old\/wp-content\/uploads\/2019\/07\/Slide1134-545x352.jpg 545w\" sizes=\"(max-width: 610px) 100vw, 610px\" \/>\t\t\t\t\t\t\t\t\t\t\t<figcaption class=\"zf-figcaption\">\r\n\t\t\t\t\t\t\t\t\t\t\t\t\t\t\t\t\t\t\t\t\t\t\t\t<cite>        <a class=\"zf-media_credit\" target=\"_blank\" href=\"https:\/\/liked.hu\/old\/kimeno.php?https:\/\/liked.hu\/kimeno.php?https:\/\/hu.wikipedia.org\/wiki\/Kiv%C3%A9gz%C3%A9s\" rel=\"nofollow noopener\">wikipedia<\/a>\r\n        <\/cite>\r\n\r\n\t\t\t\t\t\t\t\t\t\t\t\t\t\t\t\t\t\t\t\t\t\t\t<\/figcaption>\r\n\t\t\t\t\t\t\t\t\t\t\t\t\t\t\t\t\t\t\t<\/div>\r\n\t\t\t\t\t\t\t\t\t<hr \/>\r\n\t\t\t\t\t\t\t\t<\/figure>\r\n\t\t\t\t\t\t\t\t\t\t\t\t\t\t\t\t<div class=\"zf-list_description\"><p>Eleinte csak ujjak &ouml;sszez&uacute;z&aacute;s&aacute;hoz haszn&aacute;lt&aacute;k, &aacute;m k&eacute;s\u0151bb egy nagyobb v&aacute;ltozatot is l&eacute;trehoztak bel\u0151le, melyek m&aacute;r a t&eacute;rdek, k&ouml;ny&ouml;k&ouml;k &ouml;sszez&uacute;z&aacute;s&aacute;hoz is alkalmas volt. A szerkezetet egyszer\u0171en addig csavart&aacute;k, m&iacute;g az &aacute;ldozat csontjai ripity&aacute;ra nem t&ouml;rtek.<\/p><\/div>\r\n\t\t\t\t\t\t\t\t\t\t\t\t\t<\/li>\r\n\t\t\t\t\t\t\t\t\t\t\t\t<li class=\"zf-list_item\">\r\n\t\t\t\t\t\t\t<div class=\"zf-list_header\">\r\n\t\t\t\t\t\t\t\t<h3 id=\"listaelem12\" class=\"zf-list_title\">\r\n\t\t\t\t\t\t\t\t\t<span class=\"zf-number\">12<\/span>\r\n\t\t\t\t\t\t\t\t\tTestfesz\u00edt\u00e9s\t\t\t\t\t\t\t\t<\/h3>\r\n\t\t\t\t\t\t\t<\/div>\r\n\t\t\t\t\t\t\t\t\t\t\t\t\t\t\t<figure class=\"zf-list_media zf-media-wrapper zf-image zf-type-image\">\r\n\t\t\t\t\t\t\t\t\t<div title=\"Testfesz\u00edt\u00e9s\" alt=\"Testfesz\u00edt\u00e9s\" class=\"zf-media\">\r\n\t\t\t\t\t\t\t\t\t\t<img width=\"610\" height=\"403\" src=\"https:\/\/liked.hu\/old\/wp-content\/uploads\/2019\/07\/Slide1427.jpg\" class=\"\" alt=\"\" loading=\"lazy\" style=\"\" srcset=\"https:\/\/liked.hu\/old\/wp-content\/uploads\/2019\/07\/Slide1427.jpg 610w, https:\/\/liked.hu\/old\/wp-content\/uploads\/2019\/07\/Slide1427-300x198.jpg 300w, https:\/\/liked.hu\/old\/wp-content\/uploads\/2019\/07\/Slide1427-500x330.jpg 500w, https:\/\/liked.hu\/old\/wp-content\/uploads\/2019\/07\/Slide1427-360x238.jpg 360w, https:\/\/liked.hu\/old\/wp-content\/uploads\/2019\/07\/Slide1427-545x360.jpg 545w\" sizes=\"(max-width: 610px) 100vw, 610px\" \/>\t\t\t\t\t\t\t\t\t\t\t<figcaption class=\"zf-figcaption\">\r\n\t\t\t\t\t\t\t\t\t\t\t\t\t\t\t\t\t\t\t\t\t\t\t\t<cite>        <a class=\"zf-media_credit\" target=\"_blank\" href=\"https:\/\/liked.hu\/old\/kimeno.php?https:\/\/liked.hu\/kimeno.php?https:\/\/hu.wikipedia.org\/wiki\/Kiv%C3%A9gz%C3%A9s\" rel=\"nofollow noopener\">wikipedia<\/a>\r\n        <\/cite>\r\n\r\n\t\t\t\t\t\t\t\t\t\t\t\t\t\t\t\t\t\t\t\t\t\t\t<\/figcaption>\r\n\t\t\t\t\t\t\t\t\t\t\t\t\t\t\t\t\t\t\t<\/div>\r\n\t\t\t\t\t\t\t\t\t<hr \/>\r\n\t\t\t\t\t\t\t\t<\/figure>\r\n\t\t\t\t\t\t\t\t\t\t\t\t\t\t\t\t<div class=\"zf-list_description\"><p>Az egyik legk&ouml;zkedveltebb k&iacute;nz&aacute;si &eacute;s kiv&eacute;gz&eacute;si forma, melynek l&eacute;nyege az volt, hogy az &aacute;ldozatot az &ouml;sszek&ouml;t&ouml;tt kez&eacute;n&eacute;l &eacute;s l&aacute;b&aacute;n&aacute;l fogva csig&aacute;k seg&iacute;ts&eacute;g&eacute;vel gyakorlatilag v&eacute;gtagszakad&aacute;sig ny&uacute;jtott&aacute;k.<\/p><\/div>\r\n\t\t\t\t\t\t\t\t\t\t\t\t\t<\/li>\r\n\t\t\t\t\t\t\t\t\t\t\t\t<li class=\"zf-list_item\">\r\n\t\t\t\t\t\t\t<div class=\"zf-list_header\">\r\n\t\t\t\t\t\t\t\t<h3 id=\"listaelem13\" class=\"zf-list_title\">\r\n\t\t\t\t\t\t\t\t\t<span class=\"zf-number\">13<\/span>\r\n\t\t\t\t\t\t\t\t\tNyelvt\u00e9p\u0151\t\t\t\t\t\t\t\t<\/h3>\r\n\t\t\t\t\t\t\t<\/div>\r\n\t\t\t\t\t\t\t\t\t\t\t\t\t\t\t<figure class=\"zf-list_media zf-media-wrapper zf-image zf-type-image\">\r\n\t\t\t\t\t\t\t\t\t<div title=\"Nyelvt\u00e9p\u0151\" alt=\"Nyelvt\u00e9p\u0151\" class=\"zf-media\">\r\n\t\t\t\t\t\t\t\t\t\t<img width=\"610\" height=\"329\" src=\"https:\/\/liked.hu\/old\/wp-content\/uploads\/2019\/07\/Slide1527.jpg\" class=\"\" alt=\"\" loading=\"lazy\" style=\"\" srcset=\"https:\/\/liked.hu\/old\/wp-content\/uploads\/2019\/07\/Slide1527.jpg 610w, https:\/\/liked.hu\/old\/wp-content\/uploads\/2019\/07\/Slide1527-300x162.jpg 300w, https:\/\/liked.hu\/old\/wp-content\/uploads\/2019\/07\/Slide1527-500x270.jpg 500w, https:\/\/liked.hu\/old\/wp-content\/uploads\/2019\/07\/Slide1527-360x194.jpg 360w, https:\/\/liked.hu\/old\/wp-content\/uploads\/2019\/07\/Slide1527-545x294.jpg 545w\" sizes=\"(max-width: 610px) 100vw, 610px\" \/>\t\t\t\t\t\t\t\t\t\t\t<figcaption class=\"zf-figcaption\">\r\n\t\t\t\t\t\t\t\t\t\t\t\t\t\t\t\t\t\t\t\t\t\t\t\t<cite>        <a class=\"zf-media_credit\" target=\"_blank\" href=\"https:\/\/liked.hu\/old\/kimeno.php?https:\/\/liked.hu\/kimeno.php?https:\/\/hu.wikipedia.org\/wiki\/Kiv%C3%A9gz%C3%A9s\" rel=\"nofollow noopener\">wikipedia<\/a>\r\n        <\/cite>\r\n\r\n\t\t\t\t\t\t\t\t\t\t\t\t\t\t\t\t\t\t\t\t\t\t\t<\/figcaption>\r\n\t\t\t\t\t\t\t\t\t\t\t\t\t\t\t\t\t\t\t<\/div>\r\n\t\t\t\t\t\t\t\t\t<hr \/>\r\n\t\t\t\t\t\t\t\t<\/figure>\r\n\t\t\t\t\t\t\t\t\t\t\t\t\t\t\t\t<div class=\"zf-list_description\"><p>Ezt a legink&aacute;bb egy t&uacute;lm&eacute;retes oll&oacute;hoz hasonl&oacute; eszk&ouml;zt &uacute;gy alak&iacute;tott&aacute;k ki, hogy k&ouml;nnyed&eacute;n fel lehessen fesz&iacute;teni egy ember sz&aacute;j&aacute;t, majd a nyelv&eacute;re j&oacute; er\u0151sen r&aacute;fogatva, t\u0151b\u0151l t&eacute;phess&eacute;k ki azt. Brut&aacute;lis &eacute;s kegyetlen k&iacute;nz&aacute;si m&oacute;d volt, melynek k&ouml;vetkezt&eacute;ben az &aacute;ldozatra lass&uacute; &eacute;s f&aacute;jdalmas hal&aacute;l v&aacute;rt.<\/p><\/div>\r\n\t\t\t\t\t\t\t\t\t\t\t\t\t<\/li>\r\n\t\t\t\t\t\t\t\t\t\t\t\t<li class=\"zf-list_item\">\r\n\t\t\t\t\t\t\t<div class=\"zf-list_header\">\r\n\t\t\t\t\t\t\t\t<h3 id=\"listaelem14\" class=\"zf-list_title\">\r\n\t\t\t\t\t\t\t\t\t<span class=\"zf-number\">14<\/span>\r\n\t\t\t\t\t\t\t\t\tA k\u00edn sz\u00e9ke\t\t\t\t\t\t\t\t<\/h3>\r\n\t\t\t\t\t\t\t<\/div>\r\n\t\t\t\t\t\t\t\t\t\t\t\t\t\t\t<figure class=\"zf-list_media zf-media-wrapper zf-image zf-type-image\">\r\n\t\t\t\t\t\t\t\t\t<div title=\"A k\u00edn sz\u00e9ke\" alt=\"A k\u00edn sz\u00e9ke\" class=\"zf-media\">\r\n\t\t\t\t\t\t\t\t\t\t<img width=\"610\" height=\"452\" src=\"https:\/\/liked.hu\/old\/wp-content\/uploads\/2019\/07\/Slide1727.jpg\" class=\"\" alt=\"\" loading=\"lazy\" style=\"\" srcset=\"https:\/\/liked.hu\/old\/wp-content\/uploads\/2019\/07\/Slide1727.jpg 610w, https:\/\/liked.hu\/old\/wp-content\/uploads\/2019\/07\/Slide1727-300x222.jpg 300w, https:\/\/liked.hu\/old\/wp-content\/uploads\/2019\/07\/Slide1727-500x370.jpg 500w, https:\/\/liked.hu\/old\/wp-content\/uploads\/2019\/07\/Slide1727-360x267.jpg 360w, https:\/\/liked.hu\/old\/wp-content\/uploads\/2019\/07\/Slide1727-545x404.jpg 545w\" sizes=\"(max-width: 610px) 100vw, 610px\" \/>\t\t\t\t\t\t\t\t\t\t\t<figcaption class=\"zf-figcaption\">\r\n\t\t\t\t\t\t\t\t\t\t\t\t\t\t\t\t\t\t\t\t\t\t\t\t<cite>        <a class=\"zf-media_credit\" target=\"_blank\" href=\"https:\/\/liked.hu\/old\/kimeno.php?https:\/\/liked.hu\/kimeno.php?https:\/\/hu.wikipedia.org\/wiki\/Kiv%C3%A9gz%C3%A9s\" rel=\"nofollow noopener\">wikipedia<\/a>\r\n        <\/cite>\r\n\r\n\t\t\t\t\t\t\t\t\t\t\t\t\t\t\t\t\t\t\t\t\t\t\t<\/figcaption>\r\n\t\t\t\t\t\t\t\t\t\t\t\t\t\t\t\t\t\t\t<\/div>\r\n\t\t\t\t\t\t\t\t\t<hr \/>\r\n\t\t\t\t\t\t\t\t<\/figure>\r\n\t\t\t\t\t\t\t\t\t\t\t\t\t\t\t\t<div class=\"zf-list_description\"><p>A gyakran J&uacute;d&aacute;s sz&eacute;kek&eacute;nt is emlegetett szerkezet alapj&aacute;t egy sz&eacute;k adja, melyet k&ouml;r&uuml;lbel&uuml;l 500-1500 hegyes t&uuml;sk&eacute;vel l&aacute;ttak el. B&aacute;r nem volt kellemes annak aki r&aacute;&uuml;lt, gyakran csak megf&eacute;leml&iacute;t&eacute;sk&eacute;nt haszn&aacute;lt&aacute;k, illetve a k&iacute;nz&aacute;sra v&aacute;r&oacute; szem&eacute;lynek ebben &uuml;lve kellett v&eacute;gign&eacute;znie a m&aacute;sik megk&iacute;nzott szem&eacute;ly hal&aacute;ltus&aacute;j&aacute;t.<\/p><\/div>\r\n\t\t\t\t\t\t\t\t\t\t\t\t\t<\/li>\r\n\t\t\t\t\t\t\t\t\t\t\t\t<li class=\"zf-list_item\">\r\n\t\t\t\t\t\t\t<div class=\"zf-list_header\">\r\n\t\t\t\t\t\t\t\t<h3 id=\"listaelem15\" class=\"zf-list_title\">\r\n\t\t\t\t\t\t\t\t\t<span class=\"zf-number\">15<\/span>\r\n\t\t\t\t\t\t\t\t\tBetoncip\u0151.\t\t\t\t\t\t\t\t<\/h3>\r\n\t\t\t\t\t\t\t<\/div>\r\n\t\t\t\t\t\t\t\t\t\t\t\t\t\t\t<figure class=\"zf-list_media zf-media-wrapper zf-image zf-type-image\">\r\n\t\t\t\t\t\t\t\t\t<div title=\"Betoncip\u0151.\" alt=\"Betoncip\u0151.\" class=\"zf-media\">\r\n\t\t\t\t\t\t\t\t\t\t<img width=\"610\" height=\"409\" src=\"https:\/\/liked.hu\/old\/wp-content\/uploads\/2019\/07\/Slide1828.jpg\" class=\"\" alt=\"\" loading=\"lazy\" style=\"\" srcset=\"https:\/\/liked.hu\/old\/wp-content\/uploads\/2019\/07\/Slide1828.jpg 610w, https:\/\/liked.hu\/old\/wp-content\/uploads\/2019\/07\/Slide1828-300x201.jpg 300w, https:\/\/liked.hu\/old\/wp-content\/uploads\/2019\/07\/Slide1828-500x335.jpg 500w, https:\/\/liked.hu\/old\/wp-content\/uploads\/2019\/07\/Slide1828-360x241.jpg 360w, https:\/\/liked.hu\/old\/wp-content\/uploads\/2019\/07\/Slide1828-545x365.jpg 545w\" sizes=\"(max-width: 610px) 100vw, 610px\" \/>\t\t\t\t\t\t\t\t\t\t\t<figcaption class=\"zf-figcaption\">\r\n\t\t\t\t\t\t\t\t\t\t\t\t\t\t\t\t\t\t\t\t\t\t\t\t<cite>        <a class=\"zf-media_credit\" target=\"_blank\" href=\"https:\/\/liked.hu\/old\/kimeno.php?https:\/\/liked.hu\/kimeno.php?https:\/\/hu.wikipedia.org\/wiki\/Kiv%C3%A9gz%C3%A9s\" rel=\"nofollow noopener\">wikipedia<\/a>\r\n        <\/cite>\r\n\r\n\t\t\t\t\t\t\t\t\t\t\t\t\t\t\t\t\t\t\t\t\t\t\t<\/figcaption>\r\n\t\t\t\t\t\t\t\t\t\t\t\t\t\t\t\t\t\t\t<\/div>\r\n\t\t\t\t\t\t\t\t\t<hr \/>\r\n\t\t\t\t\t\t\t\t<\/figure>\r\n\t\t\t\t\t\t\t\t\t\t\t\t\t\t\t\t<div class=\"zf-list_description\"><p>A betoncip\u0151 fogalm&aacute;t az amerikai maffia hozta k&ouml;ztudatba, \u0151k haszn&aacute;lt&aacute;k ugyanis el\u0151szeretettel, amikor k&eacute;meket &eacute;s &aacute;rul&oacute;kat buktattak le.<\/p><p>A kiv&eacute;gezni k&iacute;v&aacute;nt szem&eacute;lyek l&aacute;b&aacute;t egy betonnal t&ouml;lt&ouml;tt kock&aacute;ba tett&eacute;k, majd mikor az anyag megk&ouml;t&ouml;tt &eacute;s mozdulni sem b&iacute;rtak, egyszer\u0171en a foly&oacute;ba dobt&aacute;k \u0151ket.<\/p><\/div>\r\n\t\t\t\t\t\t\t\t\t\t\t\t\t<\/li>\r\n\t\t\t\t\t\t\t\t\t\t\t\t<li class=\"zf-list_item\">\r\n\t\t\t\t\t\t\t<div class=\"zf-list_header\">\r\n\t\t\t\t\t\t\t\t<h3 id=\"listaelem16\" class=\"zf-list_title\">\r\n\t\t\t\t\t\t\t\t\t<span class=\"zf-number\">16<\/span>\r\n\t\t\t\t\t\t\t\t\tA k\u00ednok k\u00f6rt\u00e9je\t\t\t\t\t\t\t\t<\/h3>\r\n\t\t\t\t\t\t\t<\/div>\r\n\t\t\t\t\t\t\t\t\t\t\t\t\t\t\t<figure class=\"zf-list_media zf-media-wrapper zf-image zf-type-image\">\r\n\t\t\t\t\t\t\t\t\t<div title=\"A k\u00ednok k\u00f6rt\u00e9je\" alt=\"A k\u00ednok k\u00f6rt\u00e9je\" class=\"zf-media\">\r\n\t\t\t\t\t\t\t\t\t\t<img width=\"800\" height=\"588\" src=\"https:\/\/liked.hu\/old\/wp-content\/uploads\/2019\/07\/A-kinok-korteje-800x588.jpg\" class=\"\" alt=\"\" loading=\"lazy\" style=\"\" srcset=\"https:\/\/liked.hu\/old\/wp-content\/uploads\/2019\/07\/A-kinok-korteje-800x588.jpg 800w, https:\/\/liked.hu\/old\/wp-content\/uploads\/2019\/07\/A-kinok-korteje-800x588-300x221.jpg 300w, https:\/\/liked.hu\/old\/wp-content\/uploads\/2019\/07\/A-kinok-korteje-800x588-768x564.jpg 768w, https:\/\/liked.hu\/old\/wp-content\/uploads\/2019\/07\/A-kinok-korteje-800x588-500x368.jpg 500w, https:\/\/liked.hu\/old\/wp-content\/uploads\/2019\/07\/A-kinok-korteje-800x588-360x265.jpg 360w, https:\/\/liked.hu\/old\/wp-content\/uploads\/2019\/07\/A-kinok-korteje-800x588-545x401.jpg 545w\" sizes=\"(max-width: 800px) 100vw, 800px\" \/>\t\t\t\t\t\t\t\t\t\t\t<figcaption class=\"zf-figcaption\">\r\n\t\t\t\t\t\t\t\t\t\t\t\t\t\t\t\t\t\t\t\t\t\t\t\t<cite>        <a class=\"zf-media_credit\" target=\"_blank\" href=\"https:\/\/liked.hu\/old\/kimeno.php?https:\/\/liked.hu\/kimeno.php?https:\/\/hu.wikipedia.org\/wiki\/Kiv%C3%A9gz%C3%A9s\" rel=\"nofollow noopener\">wikipedia<\/a>\r\n        <\/cite>\r\n\r\n\t\t\t\t\t\t\t\t\t\t\t\t\t\t\t\t\t\t\t\t\t\t\t<\/figcaption>\r\n\t\t\t\t\t\t\t\t\t\t\t\t\t\t\t\t\t\t\t<\/div>\r\n\t\t\t\t\t\t\t\t\t<hr \/>\r\n\t\t\t\t\t\t\t\t<\/figure>\r\n\t\t\t\t\t\t\t\t\t\t\t\t\t\t\t\t<div class=\"zf-list_description\"><p>Ezzel a k&ouml;rte form&aacute;j&uacute; eszk&ouml;zzel az olyan n\u0151ket b&uuml;ntett&eacute;k, akiket h&aacute;zass&aacute;gt&ouml;r&eacute;ssel, magzatuk elhajt&aacute;s&aacute;val v&aacute;doltak. A k&ouml;rt&eacute;t a vagin&aacute;jukba helyezt&eacute;k, majd a n&eacute;gy f&eacute;mlap lassan elv&aacute;lt egym&aacute;st&oacute;l &eacute;s &ldquo;kiny&iacute;lt&rdquo;, ahogy a h&oacute;h&eacute;r forgatta a m&aacute;sik v&eacute;g&eacute;n l&eacute;v\u0151 csavart. Homoszexu&aacute;lisokat is k&iacute;noztak vele, eset&uuml;kben a v&eacute;gb&eacute;lbe helyezt&eacute;k az eszk&ouml;zt.<\/p><\/div>\r\n\t\t\t\t\t\t\t\t\t\t\t\t\t<\/li>\r\n\t\t\t\t\t\t\t\t\t\t\t\t<li class=\"zf-list_item\">\r\n\t\t\t\t\t\t\t<div class=\"zf-list_header\">\r\n\t\t\t\t\t\t\t\t<h3 id=\"listaelem17\" class=\"zf-list_title\">\r\n\t\t\t\t\t\t\t\t\t<span class=\"zf-number\">17<\/span>\r\n\t\t\t\t\t\t\t\t\tCatherine-ker\u00e9k\t\t\t\t\t\t\t\t<\/h3>\r\n\t\t\t\t\t\t\t<\/div>\r\n\t\t\t\t\t\t\t\t\t\t\t\t\t\t\t<figure class=\"zf-list_media zf-media-wrapper zf-image zf-type-image\">\r\n\t\t\t\t\t\t\t\t\t<div title=\"Catherine-ker\u00e9k\" alt=\"Catherine-ker\u00e9k\" class=\"zf-media\">\r\n\t\t\t\t\t\t\t\t\t\t<img width=\"610\" height=\"451\" src=\"https:\/\/liked.hu\/old\/wp-content\/uploads\/2019\/07\/Slide2228.jpg\" class=\"\" alt=\"\" loading=\"lazy\" style=\"\" srcset=\"https:\/\/liked.hu\/old\/wp-content\/uploads\/2019\/07\/Slide2228.jpg 610w, https:\/\/liked.hu\/old\/wp-content\/uploads\/2019\/07\/Slide2228-300x222.jpg 300w, https:\/\/liked.hu\/old\/wp-content\/uploads\/2019\/07\/Slide2228-500x370.jpg 500w, https:\/\/liked.hu\/old\/wp-content\/uploads\/2019\/07\/Slide2228-360x266.jpg 360w, https:\/\/liked.hu\/old\/wp-content\/uploads\/2019\/07\/Slide2228-545x403.jpg 545w\" sizes=\"(max-width: 610px) 100vw, 610px\" \/>\t\t\t\t\t\t\t\t\t\t\t<figcaption class=\"zf-figcaption\">\r\n\t\t\t\t\t\t\t\t\t\t\t\t\t\t\t\t\t\t\t\t\t\t\t\t<cite>        <a class=\"zf-media_credit\" target=\"_blank\" href=\"https:\/\/liked.hu\/old\/kimeno.php?https:\/\/liked.hu\/kimeno.php?https:\/\/hu.wikipedia.org\/wiki\/Kiv%C3%A9gz%C3%A9s\" rel=\"nofollow noopener\">wikipedia<\/a>\r\n        <\/cite>\r\n\r\n\t\t\t\t\t\t\t\t\t\t\t\t\t\t\t\t\t\t\t\t\t\t\t<\/figcaption>\r\n\t\t\t\t\t\t\t\t\t\t\t\t\t\t\t\t\t\t\t<\/div>\r\n\t\t\t\t\t\t\t\t\t<hr \/>\r\n\t\t\t\t\t\t\t\t<\/figure>\r\n\t\t\t\t\t\t\t\t\t\t\t\t\t\t\t\t<div class=\"zf-list_description\"><p>A l&aacute;tv&aacute;nyos kiv&eacute;gz&eacute;st f\u0151leg rabokon v&eacute;gezt&eacute;k el, m&eacute;ghozz&aacute; &uacute;gy, hogy egy nagy ker&eacute;kre eszk&aacute;b&aacute;lt&aacute;k az &aacute;ldozatot, &eacute;s a v&eacute;gtagjaikat dorongokkal vagy vasrudakkal pedig darabokra t&ouml;rt&eacute;k.<\/p><p>Ez a fajta k&iacute;nz&aacute;s nem volt r&ouml;gt&ouml;n hal&aacute;los, &aacute;m az &aacute;ldozat ha nem is azonnal, de napokkal vagy hetekkel k&eacute;s\u0151bb szinte biztos, hogy belehalt a s&eacute;r&uuml;l&eacute;sekbe.<\/p><\/div>\r\n\t\t\t\t\t\t\t\t\t\t\t\t\t<\/li>\r\n\t\t\t\t\t\t\t\t\t\t\t\t<li class=\"zf-list_item\">\r\n\t\t\t\t\t\t\t<div class=\"zf-list_header\">\r\n\t\t\t\t\t\t\t\t<h3 id=\"listaelem18\" class=\"zf-list_title\">\r\n\t\t\t\t\t\t\t\t\t<span class=\"zf-number\">18<\/span>\r\n\t\t\t\t\t\t\t\t\tA spanyol szam\u00e1r\t\t\t\t\t\t\t\t<\/h3>\r\n\t\t\t\t\t\t\t<\/div>\r\n\t\t\t\t\t\t\t\t\t\t\t\t\t\t\t<figure class=\"zf-list_media zf-media-wrapper zf-image zf-type-image\">\r\n\t\t\t\t\t\t\t\t\t<div title=\"A spanyol szam\u00e1r\" alt=\"A spanyol szam\u00e1r\" class=\"zf-media\">\r\n\t\t\t\t\t\t\t\t\t\t<img width=\"610\" height=\"620\" src=\"https:\/\/liked.hu\/old\/wp-content\/uploads\/2019\/07\/Slide2327.jpg\" class=\"\" alt=\"\" loading=\"lazy\" style=\"\" srcset=\"https:\/\/liked.hu\/old\/wp-content\/uploads\/2019\/07\/Slide2327.jpg 610w, https:\/\/liked.hu\/old\/wp-content\/uploads\/2019\/07\/Slide2327-295x300.jpg 295w, https:\/\/liked.hu\/old\/wp-content\/uploads\/2019\/07\/Slide2327-492x500.jpg 492w, https:\/\/liked.hu\/old\/wp-content\/uploads\/2019\/07\/Slide2327-360x366.jpg 360w, https:\/\/liked.hu\/old\/wp-content\/uploads\/2019\/07\/Slide2327-545x554.jpg 545w\" sizes=\"(max-width: 610px) 100vw, 610px\" \/>\t\t\t\t\t\t\t\t\t\t\t<figcaption class=\"zf-figcaption\">\r\n\t\t\t\t\t\t\t\t\t\t\t\t\t\t\t\t\t\t\t\t\t\t\t\t<cite>        <a class=\"zf-media_credit\" target=\"_blank\" href=\"https:\/\/liked.hu\/old\/kimeno.php?https:\/\/liked.hu\/kimeno.php?https:\/\/hu.wikipedia.org\/wiki\/Kiv%C3%A9gz%C3%A9s\" rel=\"nofollow noopener\">wikipedia<\/a>\r\n        <\/cite>\r\n\r\n\t\t\t\t\t\t\t\t\t\t\t\t\t\t\t\t\t\t\t\t\t\t\t<\/figcaption>\r\n\t\t\t\t\t\t\t\t\t\t\t\t\t\t\t\t\t\t\t<\/div>\r\n\t\t\t\t\t\t\t\t\t<hr \/>\r\n\t\t\t\t\t\t\t\t<\/figure>\r\n\t\t\t\t\t\t\t\t\t\t\t\t\t\t\t\t<div class=\"zf-list_description\"><p>A spanyol szam&aacute;r tulajdonk&eacute;ppen egy &eacute;l&eacute;vel felfel&eacute; ford&iacute;tott, h&aacute;romsz&ouml;g alak&uacute; fa szerkezet, melyre egyszer\u0171en r&aacute;&uuml;ltett&eacute;k a k&iacute;nozni k&iacute;v&aacute;nt szem&eacute;ly, majd pedig addig aggattak s&uacute;lyokat a l&aacute;baira, am&iacute;g a h&aacute;romsz&ouml;g &eacute;le sz&eacute;p lassan f&eacute;lbe nem v&aacute;gta az &aacute;ldozatot.<\/p><\/div>\r\n\t\t\t\t\t\t\t\t\t\t\t\t\t<\/li>\r\n\t\t\t\t\t\t\t\t\t<\/ol>\r\n\t\t<\/div>\r\n\t<\/div>\r\n\r\n\t<\/div>\n","protected":false},"excerpt":{"rendered":"<p>Valamilyen k\u00fcl\u00f6n\u00f6s okb\u00f3l kifoly\u00f3lag az emberis\u00e9g mindig is roppant kreat\u00edv volt, amikor egym\u00e1s gyilkol\u00e1s\u00e1r\u00f3l \u00e9s k\u00ednz\u00e1s\u00e1r\u00f3l volt sz\u00f3. Gondoljunk csak p\u00e9ld\u00e1ul a h\u00e1bor\u00fakra, vagy az egyszer\u0171 k\u00ednz\u00e1si \u00e9s vallat\u00e1si m\u00f3dszerekre, melyek mind-mind olyan ,,kreativit\u00e1ssal&#8221; j\u00f6ttek l\u00e9tre, ami semmilyen m\u00e1sik ter\u00fcletre sem volt jellemz\u0151 az \u00e9ppen adott korban. Most ezek k\u00f6z\u00fcl hoztuk el a 18 tal\u00e1n [&hellip;]<\/p>\n","protected":false},"author":13,"featured_media":157268,"comment_status":"open","ping_status":"closed","sticky":false,"template":"","format":"standard","meta":{"buzzeditor_post_format":""},"categories":[23],"tags":[4392,8608,8342,1797,2655],"yoast_head":"<!-- This site is optimized with the Yoast SEO plugin v19.6.1 - https:\/\/yoast.com\/wordpress\/plugins\/seo\/ -->\n<title>18 brut\u00e1lis k\u00ednz\u00e1si technika a m\u00faltb\u00f3l, avagy az emberis\u00e9g s\u00f6t\u00e9t titkai<\/title>\n<meta name=\"description\" content=\"Valamilyen k\u00fcl\u00f6n\u00f6s okb\u00f3l kifoly\u00f3lag az emberis\u00e9g mindig is roppant kreat\u00edv volt, amikor egym\u00e1s gyilkol\u00e1s\u00e1r\u00f3l \u00e9s k\u00ednz\u00e1s\u00e1r\u00f3l volt sz\u00f3. Gondoljunk csak\" \/>\n<meta name=\"robots\" content=\"index, follow, max-snippet:-1, max-image-preview:large, max-video-preview:-1\" \/>\n<link rel=\"canonical\" href=\"https:\/\/liked.hu\/old\/erdekes\/18-brutalis-kinzasi-technika-a-multbol\/\" \/>\n<link rel=\"next\" href=\"https:\/\/liked.hu\/old\/erdekes\/18-brutalis-kinzasi-technika-a-multbol\/2\/\" \/>\n<meta property=\"og:locale\" content=\"hu_HU\" \/>\n<meta property=\"og:type\" content=\"article\" \/>\n<meta property=\"og:title\" content=\"18 brut\u00e1lis k\u00ednz\u00e1si technika a m\u00faltb\u00f3l, avagy az emberis\u00e9g s\u00f6t\u00e9t titkai\" \/>\n<meta property=\"og:description\" content=\"Valamilyen k\u00fcl\u00f6n\u00f6s okb\u00f3l kifoly\u00f3lag az emberis\u00e9g mindig is roppant kreat\u00edv volt, amikor egym\u00e1s gyilkol\u00e1s\u00e1r\u00f3l \u00e9s k\u00ednz\u00e1s\u00e1r\u00f3l volt sz\u00f3. Gondoljunk csak\" \/>\n<meta property=\"og:url\" content=\"https:\/\/liked.hu\/old\/erdekes\/18-brutalis-kinzasi-technika-a-multbol\/\" \/>\n<meta property=\"og:site_name\" content=\"Liked.hu\" \/>\n<meta property=\"article:publisher\" content=\"https:\/\/www.facebook.com\/liked.hu\" \/>\n<meta property=\"article:published_time\" content=\"2019-07-31T13:04:22+00:00\" \/>\n<meta property=\"article:modified_time\" content=\"2022-09-06T00:02:04+00:00\" \/>\n<meta property=\"og:image\" content=\"https:\/\/liked.hu\/old\/wp-content\/uploads\/2019\/07\/Brutalis-kinzasi-technikak.jpg\" \/>\n\t<meta property=\"og:image:width\" content=\"1200\" \/>\n\t<meta property=\"og:image:height\" content=\"630\" \/>\n\t<meta property=\"og:image:type\" content=\"image\/jpeg\" \/>\n<meta name=\"author\" content=\"Klingstrom\" \/>\n<meta name=\"twitter:card\" content=\"summary\" \/>\n<meta name=\"twitter:creator\" content=\"@LikedHu\" \/>\n<meta name=\"twitter:site\" content=\"@LikedHu\" \/>\n<meta name=\"twitter:label1\" content=\"Szerz\u0151:\" \/>\n\t<meta name=\"twitter:data1\" content=\"Klingstrom\" \/>\n\t<meta name=\"twitter:label2\" content=\"Becs\u00fclt olvas\u00e1si id\u0151\" \/>\n\t<meta name=\"twitter:data2\" content=\"1 perc\" \/>\n<script type=\"application\/ld+json\" class=\"yoast-schema-graph\">{\"@context\":\"https:\/\/schema.org\",\"@graph\":[{\"@type\":\"Article\",\"@id\":\"https:\/\/liked.hu\/old\/erdekes\/18-brutalis-kinzasi-technika-a-multbol\/#article\",\"isPartOf\":{\"@id\":\"https:\/\/liked.hu\/old\/erdekes\/18-brutalis-kinzasi-technika-a-multbol\/\"},\"author\":{\"name\":\"Klingstrom\",\"@id\":\"https:\/\/liked.hu\/old\/#\/schema\/person\/1c8d3f8764991e8dcd6572a7de72da8a\"},\"headline\":\"18 brut\u00e1lis k\u00ednz\u00e1si technika a m\u00faltb\u00f3l, avagy az emberis\u00e9g s\u00f6t\u00e9t titkai\",\"datePublished\":\"2019-07-31T13:04:22+00:00\",\"dateModified\":\"2022-09-06T00:02:04+00:00\",\"mainEntityOfPage\":{\"@id\":\"https:\/\/liked.hu\/old\/erdekes\/18-brutalis-kinzasi-technika-a-multbol\/\"},\"wordCount\":127,\"commentCount\":1,\"publisher\":{\"@id\":\"https:\/\/liked.hu\/old\/#organization\"},\"keywords\":[\"k\u00ednz\u00e1s\",\"k\u00ednz\u00e1si technik\u00e1k\",\"kiv\u00e9gz\u00e9s\",\"m\u00falt\",\"t\u00f6rt\u00e9nelem\"],\"articleSection\":[\"\u00c9rdekess\u00e9gek\"],\"inLanguage\":\"hu\",\"potentialAction\":[{\"@type\":\"CommentAction\",\"name\":\"Comment\",\"target\":[\"https:\/\/liked.hu\/old\/erdekes\/18-brutalis-kinzasi-technika-a-multbol\/#respond\"]}]},{\"@type\":\"WebPage\",\"@id\":\"https:\/\/liked.hu\/old\/erdekes\/18-brutalis-kinzasi-technika-a-multbol\/\",\"url\":\"https:\/\/liked.hu\/old\/erdekes\/18-brutalis-kinzasi-technika-a-multbol\/\",\"name\":\"18 brut\u00e1lis k\u00ednz\u00e1si technika a m\u00faltb\u00f3l, avagy az emberis\u00e9g s\u00f6t\u00e9t titkai\",\"isPartOf\":{\"@id\":\"https:\/\/liked.hu\/old\/#website\"},\"datePublished\":\"2019-07-31T13:04:22+00:00\",\"dateModified\":\"2022-09-06T00:02:04+00:00\",\"description\":\"Valamilyen k\u00fcl\u00f6n\u00f6s okb\u00f3l kifoly\u00f3lag az emberis\u00e9g mindig is roppant kreat\u00edv volt, amikor egym\u00e1s gyilkol\u00e1s\u00e1r\u00f3l \u00e9s k\u00ednz\u00e1s\u00e1r\u00f3l volt sz\u00f3. Gondoljunk csak\",\"breadcrumb\":{\"@id\":\"https:\/\/liked.hu\/old\/erdekes\/18-brutalis-kinzasi-technika-a-multbol\/#breadcrumb\"},\"inLanguage\":\"hu\",\"potentialAction\":[{\"@type\":\"ReadAction\",\"target\":[\"https:\/\/liked.hu\/old\/erdekes\/18-brutalis-kinzasi-technika-a-multbol\/\"]}]},{\"@type\":\"BreadcrumbList\",\"@id\":\"https:\/\/liked.hu\/old\/erdekes\/18-brutalis-kinzasi-technika-a-multbol\/#breadcrumb\",\"itemListElement\":[{\"@type\":\"ListItem\",\"position\":1,\"name\":\"Kezd\u0151lap\"}]},{\"@type\":\"WebSite\",\"@id\":\"https:\/\/liked.hu\/old\/#website\",\"url\":\"https:\/\/liked.hu\/old\/\",\"name\":\"Liked.hu\",\"description\":\"\",\"publisher\":{\"@id\":\"https:\/\/liked.hu\/old\/#organization\"},\"potentialAction\":[{\"@type\":\"SearchAction\",\"target\":{\"@type\":\"EntryPoint\",\"urlTemplate\":\"https:\/\/liked.hu\/old\/?s={search_term_string}\"},\"query-input\":\"required name=search_term_string\"}],\"inLanguage\":\"hu\"},{\"@type\":\"Organization\",\"@id\":\"https:\/\/liked.hu\/old\/#organization\",\"name\":\"Liked.hu\",\"url\":\"https:\/\/liked.hu\/old\/\",\"sameAs\":[\"https:\/\/hu.pinterest.com\/likedhungary\/\",\"https:\/\/www.youtube.com\/channel\/UCPv91dbMoIukYcM9b9nHN6Q\",\"https:\/\/www.facebook.com\/liked.hu\",\"https:\/\/twitter.com\/LikedHu\"],\"logo\":{\"@type\":\"ImageObject\",\"inLanguage\":\"hu\",\"@id\":\"https:\/\/liked.hu\/old\/#\/schema\/logo\/image\/\",\"url\":\"https:\/\/liked.hu\/wp-content\/uploads\/2018\/08\/Liked-icon.png\",\"contentUrl\":\"https:\/\/liked.hu\/wp-content\/uploads\/2018\/08\/Liked-icon.png\",\"width\":512,\"height\":512,\"caption\":\"Liked.hu\"},\"image\":{\"@id\":\"https:\/\/liked.hu\/old\/#\/schema\/logo\/image\/\"}},{\"@type\":\"Person\",\"@id\":\"https:\/\/liked.hu\/old\/#\/schema\/person\/1c8d3f8764991e8dcd6572a7de72da8a\",\"name\":\"Klingstrom\",\"image\":{\"@type\":\"ImageObject\",\"inLanguage\":\"hu\",\"@id\":\"https:\/\/liked.hu\/old\/#\/schema\/person\/image\/\",\"url\":\"https:\/\/liked.hu\/old\/wp-content\/uploads\/avatars\/13\/604de88bd578a-bpfull.jpg\",\"contentUrl\":\"https:\/\/liked.hu\/old\/wp-content\/uploads\/avatars\/13\/604de88bd578a-bpfull.jpg\",\"caption\":\"Klingstrom\"},\"url\":\"https:\/\/liked.hu\/old\/u\/klingstrom\/\"}]}<\/script>\n<!-- \/ Yoast SEO plugin. -->","yoast_head_json":{"title":"18 brut\u00e1lis k\u00ednz\u00e1si technika a m\u00faltb\u00f3l, avagy az emberis\u00e9g s\u00f6t\u00e9t titkai","description":"Valamilyen k\u00fcl\u00f6n\u00f6s okb\u00f3l kifoly\u00f3lag az emberis\u00e9g mindig is roppant kreat\u00edv volt, amikor egym\u00e1s gyilkol\u00e1s\u00e1r\u00f3l \u00e9s k\u00ednz\u00e1s\u00e1r\u00f3l volt sz\u00f3. Gondoljunk csak","robots":{"index":"index","follow":"follow","max-snippet":"max-snippet:-1","max-image-preview":"max-image-preview:large","max-video-preview":"max-video-preview:-1"},"canonical":"https:\/\/liked.hu\/old\/erdekes\/18-brutalis-kinzasi-technika-a-multbol\/","next":"https:\/\/liked.hu\/old\/erdekes\/18-brutalis-kinzasi-technika-a-multbol\/2\/","og_locale":"hu_HU","og_type":"article","og_title":"18 brut\u00e1lis k\u00ednz\u00e1si technika a m\u00faltb\u00f3l, avagy az emberis\u00e9g s\u00f6t\u00e9t titkai","og_description":"Valamilyen k\u00fcl\u00f6n\u00f6s okb\u00f3l kifoly\u00f3lag az emberis\u00e9g mindig is roppant kreat\u00edv volt, amikor egym\u00e1s gyilkol\u00e1s\u00e1r\u00f3l \u00e9s k\u00ednz\u00e1s\u00e1r\u00f3l volt sz\u00f3. Gondoljunk csak","og_url":"https:\/\/liked.hu\/old\/erdekes\/18-brutalis-kinzasi-technika-a-multbol\/","og_site_name":"Liked.hu","article_publisher":"https:\/\/www.facebook.com\/liked.hu","article_published_time":"2019-07-31T13:04:22+00:00","article_modified_time":"2022-09-06T00:02:04+00:00","og_image":[{"width":1200,"height":630,"url":"https:\/\/liked.hu\/old\/wp-content\/uploads\/2019\/07\/Brutalis-kinzasi-technikak.jpg","type":"image\/jpeg"}],"author":"Klingstrom","twitter_card":"summary","twitter_creator":"@LikedHu","twitter_site":"@LikedHu","twitter_misc":{"Szerz\u0151:":"Klingstrom","Becs\u00fclt olvas\u00e1si id\u0151":"1 perc"},"schema":{"@context":"https:\/\/schema.org","@graph":[{"@type":"Article","@id":"https:\/\/liked.hu\/old\/erdekes\/18-brutalis-kinzasi-technika-a-multbol\/#article","isPartOf":{"@id":"https:\/\/liked.hu\/old\/erdekes\/18-brutalis-kinzasi-technika-a-multbol\/"},"author":{"name":"Klingstrom","@id":"https:\/\/liked.hu\/old\/#\/schema\/person\/1c8d3f8764991e8dcd6572a7de72da8a"},"headline":"18 brut\u00e1lis k\u00ednz\u00e1si technika a m\u00faltb\u00f3l, avagy az emberis\u00e9g s\u00f6t\u00e9t titkai","datePublished":"2019-07-31T13:04:22+00:00","dateModified":"2022-09-06T00:02:04+00:00","mainEntityOfPage":{"@id":"https:\/\/liked.hu\/old\/erdekes\/18-brutalis-kinzasi-technika-a-multbol\/"},"wordCount":127,"commentCount":1,"publisher":{"@id":"https:\/\/liked.hu\/old\/#organization"},"keywords":["k\u00ednz\u00e1s","k\u00ednz\u00e1si technik\u00e1k","kiv\u00e9gz\u00e9s","m\u00falt","t\u00f6rt\u00e9nelem"],"articleSection":["\u00c9rdekess\u00e9gek"],"inLanguage":"hu","potentialAction":[{"@type":"CommentAction","name":"Comment","target":["https:\/\/liked.hu\/old\/erdekes\/18-brutalis-kinzasi-technika-a-multbol\/#respond"]}]},{"@type":"WebPage","@id":"https:\/\/liked.hu\/old\/erdekes\/18-brutalis-kinzasi-technika-a-multbol\/","url":"https:\/\/liked.hu\/old\/erdekes\/18-brutalis-kinzasi-technika-a-multbol\/","name":"18 brut\u00e1lis k\u00ednz\u00e1si technika a m\u00faltb\u00f3l, avagy az emberis\u00e9g s\u00f6t\u00e9t titkai","isPartOf":{"@id":"https:\/\/liked.hu\/old\/#website"},"datePublished":"2019-07-31T13:04:22+00:00","dateModified":"2022-09-06T00:02:04+00:00","description":"Valamilyen k\u00fcl\u00f6n\u00f6s okb\u00f3l kifoly\u00f3lag az emberis\u00e9g mindig is roppant kreat\u00edv volt, amikor egym\u00e1s gyilkol\u00e1s\u00e1r\u00f3l \u00e9s k\u00ednz\u00e1s\u00e1r\u00f3l volt sz\u00f3. Gondoljunk csak","breadcrumb":{"@id":"https:\/\/liked.hu\/old\/erdekes\/18-brutalis-kinzasi-technika-a-multbol\/#breadcrumb"},"inLanguage":"hu","potentialAction":[{"@type":"ReadAction","target":["https:\/\/liked.hu\/old\/erdekes\/18-brutalis-kinzasi-technika-a-multbol\/"]}]},{"@type":"BreadcrumbList","@id":"https:\/\/liked.hu\/old\/erdekes\/18-brutalis-kinzasi-technika-a-multbol\/#breadcrumb","itemListElement":[{"@type":"ListItem","position":1,"name":"Kezd\u0151lap"}]},{"@type":"WebSite","@id":"https:\/\/liked.hu\/old\/#website","url":"https:\/\/liked.hu\/old\/","name":"Liked.hu","description":"","publisher":{"@id":"https:\/\/liked.hu\/old\/#organization"},"potentialAction":[{"@type":"SearchAction","target":{"@type":"EntryPoint","urlTemplate":"https:\/\/liked.hu\/old\/?s={search_term_string}"},"query-input":"required name=search_term_string"}],"inLanguage":"hu"},{"@type":"Organization","@id":"https:\/\/liked.hu\/old\/#organization","name":"Liked.hu","url":"https:\/\/liked.hu\/old\/","sameAs":["https:\/\/hu.pinterest.com\/likedhungary\/","https:\/\/www.youtube.com\/channel\/UCPv91dbMoIukYcM9b9nHN6Q","https:\/\/www.facebook.com\/liked.hu","https:\/\/twitter.com\/LikedHu"],"logo":{"@type":"ImageObject","inLanguage":"hu","@id":"https:\/\/liked.hu\/old\/#\/schema\/logo\/image\/","url":"https:\/\/liked.hu\/wp-content\/uploads\/2018\/08\/Liked-icon.png","contentUrl":"https:\/\/liked.hu\/wp-content\/uploads\/2018\/08\/Liked-icon.png","width":512,"height":512,"caption":"Liked.hu"},"image":{"@id":"https:\/\/liked.hu\/old\/#\/schema\/logo\/image\/"}},{"@type":"Person","@id":"https:\/\/liked.hu\/old\/#\/schema\/person\/1c8d3f8764991e8dcd6572a7de72da8a","name":"Klingstrom","image":{"@type":"ImageObject","inLanguage":"hu","@id":"https:\/\/liked.hu\/old\/#\/schema\/person\/image\/","url":"https:\/\/liked.hu\/old\/wp-content\/uploads\/avatars\/13\/604de88bd578a-bpfull.jpg","contentUrl":"https:\/\/liked.hu\/old\/wp-content\/uploads\/avatars\/13\/604de88bd578a-bpfull.jpg","caption":"Klingstrom"},"url":"https:\/\/liked.hu\/old\/u\/klingstrom\/"}]}},"publishpress_future_action":{"enabled":false,"date":"1970-01-01 01:00:00","action":"","terms":[],"taxonomy":"","browser_timezone_offset":0},"_links":{"self":[{"href":"https:\/\/liked.hu\/old\/wp-json\/wp\/v2\/posts\/157267"}],"collection":[{"href":"https:\/\/liked.hu\/old\/wp-json\/wp\/v2\/posts"}],"about":[{"href":"https:\/\/liked.hu\/old\/wp-json\/wp\/v2\/types\/post"}],"author":[{"embeddable":true,"href":"https:\/\/liked.hu\/old\/wp-json\/wp\/v2\/users\/13"}],"replies":[{"embeddable":true,"href":"https:\/\/liked.hu\/old\/wp-json\/wp\/v2\/comments?post=157267"}],"version-history":[{"count":0,"href":"https:\/\/liked.hu\/old\/wp-json\/wp\/v2\/posts\/157267\/revisions"}],"wp:featuredmedia":[{"embeddable":true,"href":"https:\/\/liked.hu\/old\/wp-json\/wp\/v2\/media\/157268"}],"wp:attachment":[{"href":"https:\/\/liked.hu\/old\/wp-json\/wp\/v2\/media?parent=157267"}],"wp:term":[{"taxonomy":"category","embeddable":true,"href":"https:\/\/liked.hu\/old\/wp-json\/wp\/v2\/categories?post=157267"},{"taxonomy":"post_tag","embeddable":true,"href":"https:\/\/liked.hu\/old\/wp-json\/wp\/v2\/tags?post=157267"}],"curies":[{"name":"wp","href":"https:\/\/api.w.org\/{rel}","templated":true}]}}