{"id":156574,"date":"2017-04-29T09:23:40","date_gmt":"2017-04-29T07:23:40","guid":{"rendered":"https:\/\/liked.hu\/old\/?p=156574"},"modified":"2022-09-05T12:59:58","modified_gmt":"2022-09-05T10:59:58","slug":"18-hatborzongato-teny-a-csernobili-atomkatasztrofarol","status":"publish","type":"post","link":"https:\/\/liked.hu\/old\/erdekes\/18-hatborzongato-teny-a-csernobili-atomkatasztrofarol\/","title":{"rendered":"18 h\u00e1tborzongat\u00f3 t\u00e9ny, amit val\u00f3sz\u00edn\u0171leg Te sem tudt\u00e1l a csernobili atomkatasztr\u00f3f\u00e1r\u00f3l"},"content":{"rendered":"<p>A napokban volt a csernobili atomkatasztr\u00f3fa \u00e9vfordul\u00f3ja, mely annak ellen\u00e9re, hogy idestova 31 \u00e9vvel ezel\u0151tt t\u00f6rt\u00e9nt, mind a mai napig emberi fejjel szinte felfoghatatlan k\u00f6vetkezm\u00e9nyeket okozott. Az al\u00e1bbi list\u00e1n 18 olyan \u00e9rdekes, de egy\u00fattal h\u00e1tborzongat\u00f3 t\u00e9nyt gy\u0171jt\u00f6tt\u00fcnk \u00f6ssze a balesettel kapcsolatban, melyekkel mindenk\u00e9ppen \u00e9rdemes tiszt\u00e1ban lenni. \u2622<\/p>\n\n<div style=\"float:none;margin:0px 0 0px 0;text-align:center;\">\n<div class=\"mobileShowkakettes\"><div class=\"mobileShowka2\"><div style=\"padding-top:0px;padding-bottom:15px;min-height: 300px;\"><div class=\"hirdetes\">HIRDET\u00c9S<\/div>\n<!-- 300lista -->\n<ins class=\"adsbygoogle\"\n     style=\"display:inline-block;width:300px;height:250px\"\n     data-ad-client=\"ca-pub-9424088931673893\"\n     data-ad-slot=\"8471340766\"><\/ins>\n<script async>\n     (adsbygoogle = window.adsbygoogle || []).push({});\n<\/script><\/div><\/div><\/div><\/div>\n\n<div id=\"zombify-main-section-front\" class=\"zombify-main-section-front zombify-screen zf-media-full\">\r\n\t<link rel=\"stylesheet\" type=\"text\/css\" href=\"https:\/\/liked.hu\/old\/js\/zombify.css\">\r\n    <link rel=\"stylesheet\" type=\"text\/css\" href=\"https:\/\/liked.hu\/old\/wp-content\/themes\/newsy-child\/style.css\">\r\n\t<div class=\"zf-container\">\r\n\t\t<div id=\"zf-list\" class=\"zf-list zf-numbered\">\r\n\t\t\t<ol class=\"zf-structure-list\">\r\n\t\t\t\t\t\t\t\t\t\t<li class=\"zf-list_item\">\r\n\t\t\t\t\t\t\t<div class=\"zf-list_header\">\r\n\t\t\t\t\t\t\t\t<h3 id=\"listaelem1\" class=\"zf-list_title\">\r\n\t\t\t\t\t\t\t\t\t<span class=\"zf-number\">1<\/span>\r\n\t\t\t\t\t\t\t\t\tA csernobili atomkatasztr\u00f3fa a mai napig minden id\u0151k egyik legnagyobb ember okozta katasztr\u00f3f\u00e1ja, mely az INES (International Nuclear Event Scale) sk\u00e1l\u00e1j\u00e1n (a Fukusimai atomer\u0151m\u0171-balesettel egy\u00fctt) 7-es fokozat\u00fa balesetnek min\u0151s\u00fcl.\t\t\t\t\t\t\t\t<\/h3>\r\n\t\t\t\t\t\t\t<\/div>\r\n\t\t\t\t\t\t\t\t\t\t\t\t\t\t\t<figure class=\"zf-list_media zf-media-wrapper zf-image zf-type-image\">\r\n\t\t\t\t\t\t\t\t\t<div title=\"A csernobili atomkatasztr\u00f3fa a mai napig minden id\u0151k egyik legnagyobb ember okozta katasztr\u00f3f\u00e1ja, mely az INES (International Nuclear Event Scale) sk\u00e1l\u00e1j\u00e1n (a Fukusimai atomer\u0151m\u0171-balesettel egy\u00fctt) 7-es fokozat\u00fa balesetnek min\u0151s\u00fcl.\" alt=\"A csernobili atomkatasztr\u00f3fa a mai napig minden id\u0151k egyik legnagyobb ember okozta katasztr\u00f3f\u00e1ja, mely az INES (International Nuclear Event Scale) sk\u00e1l\u00e1j\u00e1n (a Fukusimai atomer\u0151m\u0171-balesettel egy\u00fctt) 7-es fokozat\u00fa balesetnek min\u0151s\u00fcl.\" class=\"zf-media\">\r\n\t\t\t\t\t\t\t\t\t\t<img width=\"610\" height=\"621\" src=\"https:\/\/liked.hu\/old\/wp-content\/uploads\/2019\/07\/Slide228.jpg\" class=\"\" alt=\"\" loading=\"lazy\" style=\"\" srcset=\"https:\/\/liked.hu\/old\/wp-content\/uploads\/2019\/07\/Slide228.jpg 610w, https:\/\/liked.hu\/old\/wp-content\/uploads\/2019\/07\/Slide228-295x300.jpg 295w, https:\/\/liked.hu\/old\/wp-content\/uploads\/2019\/07\/Slide228-491x500.jpg 491w, https:\/\/liked.hu\/old\/wp-content\/uploads\/2019\/07\/Slide228-360x366.jpg 360w, https:\/\/liked.hu\/old\/wp-content\/uploads\/2019\/07\/Slide228-545x555.jpg 545w\" sizes=\"(max-width: 610px) 100vw, 610px\" \/>\t\t\t\t\t\t\t\t\t\t\t<figcaption class=\"zf-figcaption\">\r\n\t\t\t\t\t\t\t\t\t\t\t\t\t\t\t\t\t\t\t\t\t\t\t\t<cite>        <a class=\"zf-media_credit\" target=\"_blank\" href=\"https:\/\/liked.hu\/old\/kimeno.php?https:\/\/liked.hu\/kimeno.php?https:\/\/hu.wikipedia.org\/wiki\/Csernobili_atomer%C5%91m%C5%B1-baleset\" rel=\"nofollow noopener\">Csernobili atomer\u0151m\u0171-baleset \/ Wikip\u00e9dia<\/a>\r\n        <\/cite>\r\n\r\n\t\t\t\t\t\t\t\t\t\t\t\t\t\t\t\t\t\t\t\t\t\t\t<\/figcaption>\r\n\t\t\t\t\t\t\t\t\t\t\t\t\t\t\t\t\t\t\t<\/div>\r\n\t\t\t\t\t\t\t\t\t<hr \/>\r\n\t\t\t\t\t\t\t\t<\/figure>\r\n\t\t\t\t\t\t\t\t\t\t\t\t\t\t<\/li>\r\n\t\t\t\t\t\t\t\t\t\t\t\t<li class=\"zf-list_item\">\r\n\t\t\t\t\t\t\t<div class=\"zf-list_header\">\r\n\t\t\t\t\t\t\t\t<h3 id=\"listaelem2\" class=\"zf-list_title\">\r\n\t\t\t\t\t\t\t\t\t<span class=\"zf-number\">2<\/span>\r\n\t\t\t\t\t\t\t\t\tA katasztr\u00f3fa k\u00f6vetkezt\u00e9ben felszabadult sug\u00e1rz\u00e1s legal\u00e1bb 100-szor nagyobb volt, mint a Hirosim\u00e1ra \u00e9s Nagaszakira dobott atombomb\u00e1k eset\u00e9ben.\t\t\t\t\t\t\t\t<\/h3>\r\n\t\t\t\t\t\t\t<\/div>\r\n\t\t\t\t\t\t\t\t\t\t\t\t\t\t\t<figure class=\"zf-list_media zf-media-wrapper zf-image zf-type-image\">\r\n\t\t\t\t\t\t\t\t\t<div title=\"A katasztr\u00f3fa k\u00f6vetkezt\u00e9ben felszabadult sug\u00e1rz\u00e1s legal\u00e1bb 100-szor nagyobb volt, mint a Hirosim\u00e1ra \u00e9s Nagaszakira dobott atombomb\u00e1k eset\u00e9ben.\" alt=\"A katasztr\u00f3fa k\u00f6vetkezt\u00e9ben felszabadult sug\u00e1rz\u00e1s legal\u00e1bb 100-szor nagyobb volt, mint a Hirosim\u00e1ra \u00e9s Nagaszakira dobott atombomb\u00e1k eset\u00e9ben.\" class=\"zf-media\">\r\n\t\t\t\t\t\t\t\t\t\t<img width=\"610\" height=\"376\" src=\"https:\/\/liked.hu\/old\/wp-content\/uploads\/2019\/07\/Slide129.jpg\" class=\"\" alt=\"\" loading=\"lazy\" style=\"\" srcset=\"https:\/\/liked.hu\/old\/wp-content\/uploads\/2019\/07\/Slide129.jpg 610w, https:\/\/liked.hu\/old\/wp-content\/uploads\/2019\/07\/Slide129-300x185.jpg 300w, https:\/\/liked.hu\/old\/wp-content\/uploads\/2019\/07\/Slide129-500x308.jpg 500w, https:\/\/liked.hu\/old\/wp-content\/uploads\/2019\/07\/Slide129-360x222.jpg 360w, https:\/\/liked.hu\/old\/wp-content\/uploads\/2019\/07\/Slide129-545x336.jpg 545w\" sizes=\"(max-width: 610px) 100vw, 610px\" \/>\t\t\t\t\t\t\t\t\t\t\t<figcaption class=\"zf-figcaption\">\r\n\t\t\t\t\t\t\t\t\t\t\t\t\t\t\t\t\t\t\t\t\t\t\t\t<cite>        <a class=\"zf-media_credit\" target=\"_blank\" href=\"https:\/\/liked.hu\/old\/kimeno.php?https:\/\/liked.hu\/kimeno.php?https:\/\/hu.wikipedia.org\/wiki\/Csernobili_atomer%C5%91m%C5%B1-baleset\" rel=\"nofollow noopener\">Csernobili atomer\u0151m\u0171-baleset \/ Wikip\u00e9dia<\/a>\r\n        <\/cite>\r\n\r\n\t\t\t\t\t\t\t\t\t\t\t\t\t\t\t\t\t\t\t\t\t\t\t<\/figcaption>\r\n\t\t\t\t\t\t\t\t\t\t\t\t\t\t\t\t\t\t\t<\/div>\r\n\t\t\t\t\t\t\t\t\t<hr \/>\r\n\t\t\t\t\t\t\t\t<\/figure>\r\n\t\t\t\t\t\t\t\t\t\t\t\t\t\t<\/li>\r\n\t\t\t\t\t\t\t\t\t\t\t\t<li class=\"zf-list_item\">\r\n\t\t\t\t\t\t\t<div class=\"zf-list_header\">\r\n\t\t\t\t\t\t\t\t<h3 id=\"listaelem3\" class=\"zf-list_title\">\r\n\t\t\t\t\t\t\t\t\t<span class=\"zf-number\">3<\/span>\r\n\t\t\t\t\t\t\t\t\tA katasztr\u00f3fa nyom\u00e1n keletkezett nukle\u00e1ris csapad\u00e9kb\u00f3l m\u00e9g \u00cdrorsz\u00e1gba is jutott.\t\t\t\t\t\t\t\t<\/h3>\r\n\t\t\t\t\t\t\t<\/div>\r\n\t\t\t\t\t\t\t\t\t\t\t\t\t\t\t<figure class=\"zf-list_media zf-media-wrapper zf-image zf-type-image\">\r\n\t\t\t\t\t\t\t\t\t<div title=\"A katasztr\u00f3fa nyom\u00e1n keletkezett nukle\u00e1ris csapad\u00e9kb\u00f3l m\u00e9g \u00cdrorsz\u00e1gba is jutott.\" alt=\"A katasztr\u00f3fa nyom\u00e1n keletkezett nukle\u00e1ris csapad\u00e9kb\u00f3l m\u00e9g \u00cdrorsz\u00e1gba is jutott.\" class=\"zf-media\">\r\n\t\t\t\t\t\t\t\t\t\t<img width=\"610\" height=\"413\" src=\"https:\/\/liked.hu\/old\/wp-content\/uploads\/2019\/07\/Slide238.jpg\" class=\"\" alt=\"\" loading=\"lazy\" style=\"\" srcset=\"https:\/\/liked.hu\/old\/wp-content\/uploads\/2019\/07\/Slide238.jpg 610w, https:\/\/liked.hu\/old\/wp-content\/uploads\/2019\/07\/Slide238-300x203.jpg 300w, https:\/\/liked.hu\/old\/wp-content\/uploads\/2019\/07\/Slide238-500x339.jpg 500w, https:\/\/liked.hu\/old\/wp-content\/uploads\/2019\/07\/Slide238-360x244.jpg 360w, https:\/\/liked.hu\/old\/wp-content\/uploads\/2019\/07\/Slide238-545x369.jpg 545w\" sizes=\"(max-width: 610px) 100vw, 610px\" \/>\t\t\t\t\t\t\t\t\t\t\t<figcaption class=\"zf-figcaption\">\r\n\t\t\t\t\t\t\t\t\t\t\t\t\t\t\t\t\t\t\t\t\t\t\t\t<cite>        <a class=\"zf-media_credit\" target=\"_blank\" href=\"https:\/\/liked.hu\/old\/kimeno.php?https:\/\/liked.hu\/kimeno.php?https:\/\/hu.wikipedia.org\/wiki\/Csernobili_atomer%C5%91m%C5%B1-baleset\" rel=\"nofollow noopener\">Csernobili atomer\u0151m\u0171-baleset \/ Wikip\u00e9dia<\/a>\r\n        <\/cite>\r\n\r\n\t\t\t\t\t\t\t\t\t\t\t\t\t\t\t\t\t\t\t\t\t\t\t<\/figcaption>\r\n\t\t\t\t\t\t\t\t\t\t\t\t\t\t\t\t\t\t\t<\/div>\r\n\t\t\t\t\t\t\t\t\t<hr \/>\r\n\t\t\t\t\t\t\t\t<\/figure>\r\n\t\t\t\t\t\t\t\t\t\t\t\t\t\t<\/li>\r\n\t\t\t\t\t\t\t\t\t\t\t\t<li class=\"zf-list_item\">\r\n\t\t\t\t\t\t\t<div class=\"zf-list_header\">\r\n\t\t\t\t\t\t\t\t<h3 id=\"listaelem4\" class=\"zf-list_title\">\r\n\t\t\t\t\t\t\t\t\t<span class=\"zf-number\">4<\/span>\r\n\t\t\t\t\t\t\t\t\tA baleset t\u00f6bb sz\u00e1z milli\u00e1rd doll\u00e1rj\u00e1ba ker\u00fclt a Szovjetuni\u00f3nak.\t\t\t\t\t\t\t\t<\/h3>\r\n\t\t\t\t\t\t\t<\/div>\r\n\t\t\t\t\t\t\t\t\t\t\t\t\t\t\t<figure class=\"zf-list_media zf-media-wrapper zf-image zf-type-image\">\r\n\t\t\t\t\t\t\t\t\t<div title=\"A baleset t\u00f6bb sz\u00e1z milli\u00e1rd doll\u00e1rj\u00e1ba ker\u00fclt a Szovjetuni\u00f3nak.\" alt=\"A baleset t\u00f6bb sz\u00e1z milli\u00e1rd doll\u00e1rj\u00e1ba ker\u00fclt a Szovjetuni\u00f3nak.\" class=\"zf-media\">\r\n\t\t\t\t\t\t\t\t\t\t<img width=\"610\" height=\"506\" src=\"https:\/\/liked.hu\/old\/wp-content\/uploads\/2019\/07\/Slide168.jpg\" class=\"\" alt=\"\" loading=\"lazy\" style=\"\" srcset=\"https:\/\/liked.hu\/old\/wp-content\/uploads\/2019\/07\/Slide168.jpg 610w, https:\/\/liked.hu\/old\/wp-content\/uploads\/2019\/07\/Slide168-300x249.jpg 300w, https:\/\/liked.hu\/old\/wp-content\/uploads\/2019\/07\/Slide168-500x415.jpg 500w, https:\/\/liked.hu\/old\/wp-content\/uploads\/2019\/07\/Slide168-360x299.jpg 360w, https:\/\/liked.hu\/old\/wp-content\/uploads\/2019\/07\/Slide168-545x452.jpg 545w\" sizes=\"(max-width: 610px) 100vw, 610px\" \/>\t\t\t\t\t\t\t\t\t\t\t<figcaption class=\"zf-figcaption\">\r\n\t\t\t\t\t\t\t\t\t\t\t\t\t\t\t\t\t\t\t\t\t\t\t\t<cite>        <a class=\"zf-media_credit\" target=\"_blank\" href=\"https:\/\/liked.hu\/old\/kimeno.php?https:\/\/liked.hu\/kimeno.php?https:\/\/hu.wikipedia.org\/wiki\/Csernobili_atomer%C5%91m%C5%B1-baleset\" rel=\"nofollow noopener\">Csernobili atomer\u0151m\u0171-baleset \/ Wikip\u00e9dia<\/a>\r\n        <\/cite>\r\n\r\n\t\t\t\t\t\t\t\t\t\t\t\t\t\t\t\t\t\t\t\t\t\t\t<\/figcaption>\r\n\t\t\t\t\t\t\t\t\t\t\t\t\t\t\t\t\t\t\t<\/div>\r\n\t\t\t\t\t\t\t\t\t<hr \/>\r\n\t\t\t\t\t\t\t\t<\/figure>\r\n\t\t\t\t\t\t\t\t\t\t\t\t\t\t<\/li>\r\n\t\t\t\t\t\t\t\t\t\t\t\t<li class=\"zf-list_item\">\r\n\t\t\t\t\t\t\t<div class=\"zf-list_header\">\r\n\t\t\t\t\t\t\t\t<h3 id=\"listaelem5\" class=\"zf-list_title\">\r\n\t\t\t\t\t\t\t\t\t<span class=\"zf-number\">5<\/span>\r\n\t\t\t\t\t\t\t\t\tA katasztr\u00f3fa terjed\u00e9s\u00e9nek megakad\u00e1lyoz\u00e1s\u00e1ban \u00e9s a vasbeton szarkof\u00e1g \u00e9p\u00edt\u00e9s\u00e9ben k\u00f6r\u00fclbel\u00fcl 800.000 ember seg\u00e9dkezett, k\u00f6z\u00fcl\u00fck 25 ezren \u00e9let\u00fcket vesztett\u00e9k, 70 ezren pedig s\u00falyos eg\u00e9szs\u00e9gk\u00e1rosod\u00e1st szenvedtek.\t\t\t\t\t\t\t\t<\/h3>\r\n\t\t\t\t\t\t\t<\/div>\r\n\t\t\t\t\t\t\t\t\t\t\t\t\t\t\t<figure class=\"zf-list_media zf-media-wrapper zf-image zf-type-image\">\r\n\t\t\t\t\t\t\t\t\t<div title=\"A katasztr\u00f3fa terjed\u00e9s\u00e9nek megakad\u00e1lyoz\u00e1s\u00e1ban \u00e9s a vasbeton szarkof\u00e1g \u00e9p\u00edt\u00e9s\u00e9ben k\u00f6r\u00fclbel\u00fcl 800.000 ember seg\u00e9dkezett, k\u00f6z\u00fcl\u00fck 25 ezren \u00e9let\u00fcket vesztett\u00e9k, 70 ezren pedig s\u00falyos eg\u00e9szs\u00e9gk\u00e1rosod\u00e1st szenvedtek.\" alt=\"A katasztr\u00f3fa terjed\u00e9s\u00e9nek megakad\u00e1lyoz\u00e1s\u00e1ban \u00e9s a vasbeton szarkof\u00e1g \u00e9p\u00edt\u00e9s\u00e9ben k\u00f6r\u00fclbel\u00fcl 800.000 ember seg\u00e9dkezett, k\u00f6z\u00fcl\u00fck 25 ezren \u00e9let\u00fcket vesztett\u00e9k, 70 ezren pedig s\u00falyos eg\u00e9szs\u00e9gk\u00e1rosod\u00e1st szenvedtek.\" class=\"zf-media\">\r\n\t\t\t\t\t\t\t\t\t\t<img width=\"610\" height=\"385\" src=\"https:\/\/liked.hu\/old\/wp-content\/uploads\/2019\/07\/Slide198-1.jpg\" class=\"\" alt=\"\" loading=\"lazy\" style=\"\" srcset=\"https:\/\/liked.hu\/old\/wp-content\/uploads\/2019\/07\/Slide198-1.jpg 610w, https:\/\/liked.hu\/old\/wp-content\/uploads\/2019\/07\/Slide198-1-300x189.jpg 300w, https:\/\/liked.hu\/old\/wp-content\/uploads\/2019\/07\/Slide198-1-500x316.jpg 500w, https:\/\/liked.hu\/old\/wp-content\/uploads\/2019\/07\/Slide198-1-360x227.jpg 360w, https:\/\/liked.hu\/old\/wp-content\/uploads\/2019\/07\/Slide198-1-545x344.jpg 545w\" sizes=\"(max-width: 610px) 100vw, 610px\" \/>\t\t\t\t\t\t\t\t\t\t\t<figcaption class=\"zf-figcaption\">\r\n\t\t\t\t\t\t\t\t\t\t\t\t\t\t\t\t\t\t\t\t\t\t\t\t<cite>        <a class=\"zf-media_credit\" target=\"_blank\" href=\"https:\/\/liked.hu\/old\/kimeno.php?https:\/\/liked.hu\/kimeno.php?https:\/\/hu.wikipedia.org\/wiki\/Csernobili_atomer%C5%91m%C5%B1-baleset\" rel=\"nofollow noopener\">Csernobili atomer\u0151m\u0171-baleset \/ Wikip\u00e9dia<\/a>\r\n        <\/cite>\r\n\r\n\t\t\t\t\t\t\t\t\t\t\t\t\t\t\t\t\t\t\t\t\t\t\t<\/figcaption>\r\n\t\t\t\t\t\t\t\t\t\t\t\t\t\t\t\t\t\t\t<\/div>\r\n\t\t\t\t\t\t\t\t\t<hr \/>\r\n\t\t\t\t\t\t\t\t<\/figure>\r\n\t\t\t\t\t\t\t\t\t\t\t\t\t\t<\/li>\r\n\t\t\t\t\t\t\t\t\t\t\t\t<li class=\"zf-list_item\">\r\n\t\t\t\t\t\t\t<div class=\"zf-list_header\">\r\n\t\t\t\t\t\t\t\t<h3 id=\"listaelem6\" class=\"zf-list_title\">\r\n\t\t\t\t\t\t\t\t\t<span class=\"zf-number\">6<\/span>\r\n\t\t\t\t\t\t\t\t\tA hal\u00e1lesetek 20%-a \u00f6ngyilkoss\u00e1g volt, ami f\u0151k\u00e9nt a sug\u00e1rz\u00e1s okozta m\u00e9rhetetlen f\u00e1jdalmak miatt t\u00f6rt\u00e9nt.\t\t\t\t\t\t\t\t<\/h3>\r\n\t\t\t\t\t\t\t<\/div>\r\n\t\t\t\t\t\t\t\t\t\t\t\t\t\t\t<figure class=\"zf-list_media zf-media-wrapper zf-image zf-type-image\">\r\n\t\t\t\t\t\t\t\t\t<div title=\"A hal\u00e1lesetek 20%-a \u00f6ngyilkoss\u00e1g volt, ami f\u0151k\u00e9nt a sug\u00e1rz\u00e1s okozta m\u00e9rhetetlen f\u00e1jdalmak miatt t\u00f6rt\u00e9nt.\" alt=\"A hal\u00e1lesetek 20%-a \u00f6ngyilkoss\u00e1g volt, ami f\u0151k\u00e9nt a sug\u00e1rz\u00e1s okozta m\u00e9rhetetlen f\u00e1jdalmak miatt t\u00f6rt\u00e9nt.\" class=\"zf-media\">\r\n\t\t\t\t\t\t\t\t\t\t<img width=\"610\" height=\"376\" src=\"https:\/\/liked.hu\/old\/wp-content\/uploads\/2019\/07\/Slide98.jpg\" class=\"\" alt=\"\" loading=\"lazy\" style=\"\" srcset=\"https:\/\/liked.hu\/old\/wp-content\/uploads\/2019\/07\/Slide98.jpg 610w, https:\/\/liked.hu\/old\/wp-content\/uploads\/2019\/07\/Slide98-300x185.jpg 300w, https:\/\/liked.hu\/old\/wp-content\/uploads\/2019\/07\/Slide98-500x308.jpg 500w, https:\/\/liked.hu\/old\/wp-content\/uploads\/2019\/07\/Slide98-360x222.jpg 360w, https:\/\/liked.hu\/old\/wp-content\/uploads\/2019\/07\/Slide98-545x336.jpg 545w\" sizes=\"(max-width: 610px) 100vw, 610px\" \/>\t\t\t\t\t\t\t\t\t\t\t<figcaption class=\"zf-figcaption\">\r\n\t\t\t\t\t\t\t\t\t\t\t\t\t\t\t\t\t\t\t\t\t\t\t\t<cite>        <a class=\"zf-media_credit\" target=\"_blank\" href=\"https:\/\/liked.hu\/old\/kimeno.php?https:\/\/liked.hu\/kimeno.php?https:\/\/hu.wikipedia.org\/wiki\/Csernobili_atomer%C5%91m%C5%B1-baleset\" rel=\"nofollow noopener\">Csernobili atomer\u0151m\u0171-baleset \/ Wikip\u00e9dia<\/a>\r\n        <\/cite>\r\n\r\n\t\t\t\t\t\t\t\t\t\t\t\t\t\t\t\t\t\t\t\t\t\t\t<\/figcaption>\r\n\t\t\t\t\t\t\t\t\t\t\t\t\t\t\t\t\t\t\t<\/div>\r\n\t\t\t\t\t\t\t\t\t<hr \/>\r\n\t\t\t\t\t\t\t\t<\/figure>\r\n\t\t\t\t\t\t\t\t\t\t\t\t\t\t<\/li>\r\n\t\t\t\t\t\t\t\t\t\t\t\t<li class=\"zf-list_item\">\r\n\t\t\t\t\t\t\t<div class=\"zf-list_header\">\r\n\t\t\t\t\t\t\t\t<h3 id=\"listaelem7\" class=\"zf-list_title\">\r\n\t\t\t\t\t\t\t\t\t<span class=\"zf-number\">7<\/span>\r\n\t\t\t\t\t\t\t\t\tA Greenpeace adatai szerint k\u00f6r\u00fclbel\u00fcl 93 ezer ember hal\u00e1l\u00e1\u00e9rt tehet\u0151 felel\u0151s\u00e9 a csernobili atomkatasztr\u00f3fa, illetve az azt k\u00f6vet\u0151 nukle\u00e1ris es\u0151.\t\t\t\t\t\t\t\t<\/h3>\r\n\t\t\t\t\t\t\t<\/div>\r\n\t\t\t\t\t\t\t\t\t\t\t\t\t\t\t<figure class=\"zf-list_media zf-media-wrapper zf-image zf-type-image\">\r\n\t\t\t\t\t\t\t\t\t<div title=\"A Greenpeace adatai szerint k\u00f6r\u00fclbel\u00fcl 93 ezer ember hal\u00e1l\u00e1\u00e9rt tehet\u0151 felel\u0151s\u00e9 a csernobili atomkatasztr\u00f3fa, illetve az azt k\u00f6vet\u0151 nukle\u00e1ris es\u0151.\" alt=\"A Greenpeace adatai szerint k\u00f6r\u00fclbel\u00fcl 93 ezer ember hal\u00e1l\u00e1\u00e9rt tehet\u0151 felel\u0151s\u00e9 a csernobili atomkatasztr\u00f3fa, illetve az azt k\u00f6vet\u0151 nukle\u00e1ris es\u0151.\" class=\"zf-media\">\r\n\t\t\t\t\t\t\t\t\t\t<img width=\"610\" height=\"600\" src=\"https:\/\/liked.hu\/old\/wp-content\/uploads\/2019\/07\/Slide207.jpg\" class=\"\" alt=\"\" loading=\"lazy\" style=\"\" srcset=\"https:\/\/liked.hu\/old\/wp-content\/uploads\/2019\/07\/Slide207.jpg 610w, https:\/\/liked.hu\/old\/wp-content\/uploads\/2019\/07\/Slide207-300x295.jpg 300w, https:\/\/liked.hu\/old\/wp-content\/uploads\/2019\/07\/Slide207-500x492.jpg 500w, https:\/\/liked.hu\/old\/wp-content\/uploads\/2019\/07\/Slide207-360x354.jpg 360w, https:\/\/liked.hu\/old\/wp-content\/uploads\/2019\/07\/Slide207-545x536.jpg 545w\" sizes=\"(max-width: 610px) 100vw, 610px\" \/>\t\t\t\t\t\t\t\t\t\t\t<figcaption class=\"zf-figcaption\">\r\n\t\t\t\t\t\t\t\t\t\t\t\t\t\t\t\t\t\t\t\t\t\t\t\t<cite>        <a class=\"zf-media_credit\" target=\"_blank\" href=\"https:\/\/liked.hu\/old\/kimeno.php?https:\/\/liked.hu\/kimeno.php?https:\/\/hu.wikipedia.org\/wiki\/Csernobili_atomer%C5%91m%C5%B1-baleset\" rel=\"nofollow noopener\">Csernobili atomer\u0151m\u0171-baleset \/ Wikip\u00e9dia<\/a>\r\n        <\/cite>\r\n\r\n\t\t\t\t\t\t\t\t\t\t\t\t\t\t\t\t\t\t\t\t\t\t\t<\/figcaption>\r\n\t\t\t\t\t\t\t\t\t\t\t\t\t\t\t\t\t\t\t<\/div>\r\n\t\t\t\t\t\t\t\t\t<hr \/>\r\n\t\t\t\t\t\t\t\t<\/figure>\r\n\t\t\t\t\t\t\t\t\t\t\t\t\t\t\t\t<div class=\"zf-list_description\"><fieldset style=\"text-align: center\">A t&eacute;rk&eacute;pen a nukle&aacute;ris es\u0151vel legink&aacute;bb szennyezett eur&oacute;pai ter&uuml;letek l&aacute;that&oacute;k.<\/fieldset><\/div>\r\n\t\t\t\t\t\t\t\t\t\t\t\t\t<\/li>\r\n\t\t\t\t\t\t\t\t\t\t\t\t<li class=\"zf-list_item\">\r\n\t\t\t\t\t\t\t<div class=\"zf-list_header\">\r\n\t\t\t\t\t\t\t\t<h3 id=\"listaelem8\" class=\"zf-list_title\">\r\n\t\t\t\t\t\t\t\t\t<span class=\"zf-number\">8<\/span>\r\n\t\t\t\t\t\t\t\t\tA mai napig t\u00f6bb, mint 5 milli\u00f3 ember \u00e9l olyan ter\u00fcleten, ahol szennyezett leveg\u0151, n\u00f6v\u00e9nyzet, vagy k\u00fcl\u00f6nf\u00e9le t\u00e1rgyak tal\u00e1lhat\u00f3k.\t\t\t\t\t\t\t\t<\/h3>\r\n\t\t\t\t\t\t\t<\/div>\r\n\t\t\t\t\t\t\t\t\t\t\t\t\t\t\t<figure class=\"zf-list_media zf-media-wrapper zf-image zf-type-image\">\r\n\t\t\t\t\t\t\t\t\t<div title=\"A mai napig t\u00f6bb, mint 5 milli\u00f3 ember \u00e9l olyan ter\u00fcleten, ahol szennyezett leveg\u0151, n\u00f6v\u00e9nyzet, vagy k\u00fcl\u00f6nf\u00e9le t\u00e1rgyak tal\u00e1lhat\u00f3k.\" alt=\"A mai napig t\u00f6bb, mint 5 milli\u00f3 ember \u00e9l olyan ter\u00fcleten, ahol szennyezett leveg\u0151, n\u00f6v\u00e9nyzet, vagy k\u00fcl\u00f6nf\u00e9le t\u00e1rgyak tal\u00e1lhat\u00f3k.\" class=\"zf-media\">\r\n\t\t\t\t\t\t\t\t\t\t<img width=\"610\" height=\"325\" src=\"https:\/\/liked.hu\/old\/wp-content\/uploads\/2019\/07\/Slide138.jpg\" class=\"\" alt=\"\" loading=\"lazy\" style=\"\" srcset=\"https:\/\/liked.hu\/old\/wp-content\/uploads\/2019\/07\/Slide138.jpg 610w, https:\/\/liked.hu\/old\/wp-content\/uploads\/2019\/07\/Slide138-300x160.jpg 300w, https:\/\/liked.hu\/old\/wp-content\/uploads\/2019\/07\/Slide138-500x266.jpg 500w, https:\/\/liked.hu\/old\/wp-content\/uploads\/2019\/07\/Slide138-360x192.jpg 360w, https:\/\/liked.hu\/old\/wp-content\/uploads\/2019\/07\/Slide138-545x290.jpg 545w\" sizes=\"(max-width: 610px) 100vw, 610px\" \/>\t\t\t\t\t\t\t\t\t\t\t<figcaption class=\"zf-figcaption\">\r\n\t\t\t\t\t\t\t\t\t\t\t\t\t\t\t\t\t\t\t\t\t\t\t\t<cite>        <a class=\"zf-media_credit\" target=\"_blank\" href=\"https:\/\/liked.hu\/old\/kimeno.php?https:\/\/liked.hu\/kimeno.php?https:\/\/hu.wikipedia.org\/wiki\/Csernobili_atomer%C5%91m%C5%B1-baleset\" rel=\"nofollow noopener\">Csernobili atomer\u0151m\u0171-baleset \/ Wikip\u00e9dia<\/a>\r\n        <\/cite>\r\n\r\n\t\t\t\t\t\t\t\t\t\t\t\t\t\t\t\t\t\t\t\t\t\t\t<\/figcaption>\r\n\t\t\t\t\t\t\t\t\t\t\t\t\t\t\t\t\t\t\t<\/div>\r\n\t\t\t\t\t\t\t\t\t<hr \/>\r\n\t\t\t\t\t\t\t\t<\/figure>\r\n\t\t\t\t\t\t\t\t\t\t\t\t\t\t\t\t<div class=\"zf-list_description\"><p>&nbsp;&nbsp;<\/p><\/div>\r\n\t\t\t\t\t\t\t\t\t\t\t\t\t<\/li>\r\n\t\t\t\t\t\t\t\t\t\t\t\t<li class=\"zf-list_item\">\r\n\t\t\t\t\t\t\t<div class=\"zf-list_header\">\r\n\t\t\t\t\t\t\t\t<h3 id=\"listaelem9\" class=\"zf-list_title\">\r\n\t\t\t\t\t\t\t\t\t<span class=\"zf-number\">9<\/span>\r\n\t\t\t\t\t\t\t\t\tAz atomkatasztr\u00f3fa a vil\u00e1g egyik legimpoz\u00e1nsabb vadvil\u00e1gos ter\u00fclet\u00e9n t\u00f6rt\u00e9nt, ahol hatalmas popul\u00e1ci\u00f3ban \u00e9ltek szarvasok, h\u00f3dok, farkasok, sasok, \u00e9s m\u00e1s egy\u00e9b \u00e1llatok.\t\t\t\t\t\t\t\t<\/h3>\r\n\t\t\t\t\t\t\t<\/div>\r\n\t\t\t\t\t\t\t\t\t\t\t\t\t\t\t<figure class=\"zf-list_media zf-media-wrapper zf-image zf-type-image\">\r\n\t\t\t\t\t\t\t\t\t<div title=\"Az atomkatasztr\u00f3fa a vil\u00e1g egyik legimpoz\u00e1nsabb vadvil\u00e1gos ter\u00fclet\u00e9n t\u00f6rt\u00e9nt, ahol hatalmas popul\u00e1ci\u00f3ban \u00e9ltek szarvasok, h\u00f3dok, farkasok, sasok, \u00e9s m\u00e1s egy\u00e9b \u00e1llatok.\" alt=\"Az atomkatasztr\u00f3fa a vil\u00e1g egyik legimpoz\u00e1nsabb vadvil\u00e1gos ter\u00fclet\u00e9n t\u00f6rt\u00e9nt, ahol hatalmas popul\u00e1ci\u00f3ban \u00e9ltek szarvasok, h\u00f3dok, farkasok, sasok, \u00e9s m\u00e1s egy\u00e9b \u00e1llatok.\" class=\"zf-media\">\r\n\t\t\t\t\t\t\t\t\t\t<img width=\"610\" height=\"407\" src=\"https:\/\/liked.hu\/old\/wp-content\/uploads\/2019\/07\/Slide1112.jpg\" class=\"\" alt=\"\" loading=\"lazy\" style=\"\" srcset=\"https:\/\/liked.hu\/old\/wp-content\/uploads\/2019\/07\/Slide1112.jpg 610w, https:\/\/liked.hu\/old\/wp-content\/uploads\/2019\/07\/Slide1112-300x200.jpg 300w, https:\/\/liked.hu\/old\/wp-content\/uploads\/2019\/07\/Slide1112-500x334.jpg 500w, https:\/\/liked.hu\/old\/wp-content\/uploads\/2019\/07\/Slide1112-360x240.jpg 360w, https:\/\/liked.hu\/old\/wp-content\/uploads\/2019\/07\/Slide1112-545x364.jpg 545w\" sizes=\"(max-width: 610px) 100vw, 610px\" \/>\t\t\t\t\t\t\t\t\t\t\t<figcaption class=\"zf-figcaption\">\r\n\t\t\t\t\t\t\t\t\t\t\t\t\t\t\t\t\t\t\t\t\t\t\t\t<cite>        <a class=\"zf-media_credit\" target=\"_blank\" href=\"https:\/\/liked.hu\/old\/kimeno.php?https:\/\/liked.hu\/kimeno.php?https:\/\/hu.wikipedia.org\/wiki\/Csernobili_atomer%C5%91m%C5%B1-baleset\" rel=\"nofollow noopener\">Csernobili atomer\u0151m\u0171-baleset \/ Wikip\u00e9dia<\/a>\r\n        <\/cite>\r\n\r\n\t\t\t\t\t\t\t\t\t\t\t\t\t\t\t\t\t\t\t\t\t\t\t<\/figcaption>\r\n\t\t\t\t\t\t\t\t\t\t\t\t\t\t\t\t\t\t\t<\/div>\r\n\t\t\t\t\t\t\t\t\t<hr \/>\r\n\t\t\t\t\t\t\t\t<\/figure>\r\n\t\t\t\t\t\t\t\t\t\t\t\t\t\t<\/li>\r\n\t\t\t\t\t\t\t\t\t\t\t\t<li class=\"zf-list_item\">\r\n\t\t\t\t\t\t\t<div class=\"zf-list_header\">\r\n\t\t\t\t\t\t\t\t<h3 id=\"listaelem10\" class=\"zf-list_title\">\r\n\t\t\t\t\t\t\t\t\t<span class=\"zf-number\">10<\/span>\r\n\t\t\t\t\t\t\t\t\tA radioakt\u00edv sug\u00e1rz\u00e1s k\u00f6vetkezt\u00e9ben a k\u00f6rnyez\u0151 erd\u0151 gy\u00f6mb\u00e9rsz\u00edn\u0171 lett, \u00edgy azt a helyiek ma m\u00e1r csak ,,v\u00f6r\u00f6s erd\u0151\u201d n\u00e9ven emlegetik.\t\t\t\t\t\t\t\t<\/h3>\r\n\t\t\t\t\t\t\t<\/div>\r\n\t\t\t\t\t\t\t\t\t\t\t\t\t\t\t<figure class=\"zf-list_media zf-media-wrapper zf-image zf-type-image\">\r\n\t\t\t\t\t\t\t\t\t<div title=\"A radioakt\u00edv sug\u00e1rz\u00e1s k\u00f6vetkezt\u00e9ben a k\u00f6rnyez\u0151 erd\u0151 gy\u00f6mb\u00e9rsz\u00edn\u0171 lett, \u00edgy azt a helyiek ma m\u00e1r csak ,,v\u00f6r\u00f6s erd\u0151\u201d n\u00e9ven emlegetik.\" alt=\"A radioakt\u00edv sug\u00e1rz\u00e1s k\u00f6vetkezt\u00e9ben a k\u00f6rnyez\u0151 erd\u0151 gy\u00f6mb\u00e9rsz\u00edn\u0171 lett, \u00edgy azt a helyiek ma m\u00e1r csak ,,v\u00f6r\u00f6s erd\u0151\u201d n\u00e9ven emlegetik.\" class=\"zf-media\">\r\n\t\t\t\t\t\t\t\t\t\t<img width=\"610\" height=\"405\" src=\"https:\/\/liked.hu\/old\/wp-content\/uploads\/2019\/07\/Slide88.jpg\" class=\"\" alt=\"\" loading=\"lazy\" style=\"\" srcset=\"https:\/\/liked.hu\/old\/wp-content\/uploads\/2019\/07\/Slide88.jpg 610w, https:\/\/liked.hu\/old\/wp-content\/uploads\/2019\/07\/Slide88-300x199.jpg 300w, https:\/\/liked.hu\/old\/wp-content\/uploads\/2019\/07\/Slide88-500x332.jpg 500w, https:\/\/liked.hu\/old\/wp-content\/uploads\/2019\/07\/Slide88-360x239.jpg 360w, https:\/\/liked.hu\/old\/wp-content\/uploads\/2019\/07\/Slide88-545x362.jpg 545w\" sizes=\"(max-width: 610px) 100vw, 610px\" \/>\t\t\t\t\t\t\t\t\t\t\t<figcaption class=\"zf-figcaption\">\r\n\t\t\t\t\t\t\t\t\t\t\t\t\t\t\t\t\t\t\t\t\t\t\t\t<cite>        <a class=\"zf-media_credit\" target=\"_blank\" href=\"https:\/\/liked.hu\/old\/kimeno.php?https:\/\/liked.hu\/kimeno.php?https:\/\/hu.wikipedia.org\/wiki\/Csernobili_atomer%C5%91m%C5%B1-baleset\" rel=\"nofollow noopener\">Csernobili atomer\u0151m\u0171-baleset \/ Wikip\u00e9dia<\/a>\r\n        <\/cite>\r\n\r\n\t\t\t\t\t\t\t\t\t\t\t\t\t\t\t\t\t\t\t\t\t\t\t<\/figcaption>\r\n\t\t\t\t\t\t\t\t\t\t\t\t\t\t\t\t\t\t\t<\/div>\r\n\t\t\t\t\t\t\t\t\t<hr \/>\r\n\t\t\t\t\t\t\t\t<\/figure>\r\n\t\t\t\t\t\t\t\t\t\t\t\t\t\t<\/li>\r\n\t\t\t\t\t\t\t\t\t<\/ol>\r\n\t\t<\/div>\r\n\t<\/div>\r\n\r\n\t<\/div>\r\n\r\n\r\n<!--nextpage--><div id=\"zombify-main-section-front\" class=\"zombify-main-section-front zombify-screen zf-media-full\">\r\n\t<link rel=\"stylesheet\" type=\"text\/css\" href=\"https:\/\/liked.hu\/old\/js\/zombify.css\">\r\n    <link rel=\"stylesheet\" type=\"text\/css\" href=\"https:\/\/liked.hu\/old\/wp-content\/themes\/newsy-child\/style.css\">\r\n\t<div class=\"zf-container\">\r\n\t\t<div id=\"zf-list\" class=\"zf-list zf-numbered\">\r\n\t\t\t<ol class=\"zf-structure-list\">\r\n\t\t\t\t\t\t\t\t\t\t<li class=\"zf-list_item\">\r\n\t\t\t\t\t\t\t<div class=\"zf-list_header\">\r\n\t\t\t\t\t\t\t\t<h3 id=\"listaelem11\" class=\"zf-list_title\">\r\n\t\t\t\t\t\t\t\t\t<span class=\"zf-number\">11<\/span>\r\n\t\t\t\t\t\t\t\t\tSz\u00e1mos kelet-eur\u00f3pai \u00e9s szovjet orvos tan\u00e1csolta azt a terhes n\u0151knek a katasztr\u00f3fa ut\u00e1ni \u00e9vekben, hogy menjenek el abortuszra, ha meg akarj\u00e1k el\u0151zni a sz\u00fclet\u00e9si rendelleness\u00e9ggel vil\u00e1gra j\u00f6tt gyermekek sz\u00fclet\u00e9s\u00e9t.\t\t\t\t\t\t\t\t<\/h3>\r\n\t\t\t\t\t\t\t<\/div>\r\n\t\t\t\t\t\t\t\t\t\t\t\t\t\t\t<figure class=\"zf-list_media zf-media-wrapper zf-image zf-type-image\">\r\n\t\t\t\t\t\t\t\t\t<div title=\"Sz\u00e1mos kelet-eur\u00f3pai \u00e9s szovjet orvos tan\u00e1csolta azt a terhes n\u0151knek a katasztr\u00f3fa ut\u00e1ni \u00e9vekben, hogy menjenek el abortuszra, ha meg akarj\u00e1k el\u0151zni a sz\u00fclet\u00e9si rendelleness\u00e9ggel vil\u00e1gra j\u00f6tt gyermekek sz\u00fclet\u00e9s\u00e9t.\" alt=\"Sz\u00e1mos kelet-eur\u00f3pai \u00e9s szovjet orvos tan\u00e1csolta azt a terhes n\u0151knek a katasztr\u00f3fa ut\u00e1ni \u00e9vekben, hogy menjenek el abortuszra, ha meg akarj\u00e1k el\u0151zni a sz\u00fclet\u00e9si rendelleness\u00e9ggel vil\u00e1gra j\u00f6tt gyermekek sz\u00fclet\u00e9s\u00e9t.\" class=\"zf-media\">\r\n\t\t\t\t\t\t\t\t\t\t<img width=\"610\" height=\"360\" src=\"https:\/\/liked.hu\/old\/wp-content\/uploads\/2019\/07\/pregnant-610x360.jpg\" class=\"\" alt=\"\" loading=\"lazy\" style=\"\" srcset=\"https:\/\/liked.hu\/old\/wp-content\/uploads\/2019\/07\/pregnant-610x360.jpg 610w, https:\/\/liked.hu\/old\/wp-content\/uploads\/2019\/07\/pregnant-610x360-300x177.jpg 300w, https:\/\/liked.hu\/old\/wp-content\/uploads\/2019\/07\/pregnant-610x360-500x295.jpg 500w, https:\/\/liked.hu\/old\/wp-content\/uploads\/2019\/07\/pregnant-610x360-360x212.jpg 360w, https:\/\/liked.hu\/old\/wp-content\/uploads\/2019\/07\/pregnant-610x360-545x322.jpg 545w\" sizes=\"(max-width: 610px) 100vw, 610px\" \/>\t\t\t\t\t\t\t\t\t\t\t<figcaption class=\"zf-figcaption\">\r\n\t\t\t\t\t\t\t\t\t\t\t\t\t\t\t\t\t\t\t\t\t\t\t\t<cite>        <a class=\"zf-media_credit\" target=\"_blank\" href=\"https:\/\/liked.hu\/old\/kimeno.php?https:\/\/liked.hu\/kimeno.php?https:\/\/hu.wikipedia.org\/wiki\/Csernobili_atomer%C5%91m%C5%B1-baleset\" rel=\"nofollow noopener\">Csernobili atomer\u0151m\u0171-baleset \/ Wikip\u00e9dia<\/a>\r\n        <\/cite>\r\n\r\n\t\t\t\t\t\t\t\t\t\t\t\t\t\t\t\t\t\t\t\t\t\t\t<\/figcaption>\r\n\t\t\t\t\t\t\t\t\t\t\t\t\t\t\t\t\t\t\t<\/div>\r\n\t\t\t\t\t\t\t\t\t<hr \/>\r\n\t\t\t\t\t\t\t\t<\/figure>\r\n\t\t\t\t\t\t\t\t\t\t\t\t\t\t\t\t<div class=\"zf-list_description\"><p>Mindez az&eacute;rt volt, mert am&iacute;g az anyuk&aacute;k szervezet&eacute;ben komolyabb k&ouml;vetkezm&eacute;nyek n&eacute;lk&uuml;l is lappanghatott bizonyos mennyis&eacute;g\u0171 sug&aacute;rz&aacute;s, addig az embri&oacute; fejl\u0151d&eacute;s&eacute;re m&aacute;r a legkisebb mennyis&eacute;g is komoly befoly&aacute;ssal lehet.<\/p><p>Ukrajn&aacute;ban a spont&aacute;n abortuszok sz&aacute;ma 1993-ra 38 ezrel&eacute;kre n\u0151tt, &eacute;s sz&aacute;z &eacute;lve sz&uuml;letett gyermekre 3-4 ment&aacute;lisan er\u0151sen retard&aacute;lt gyermek jutott egyes j&aacute;r&aacute;sokban. 1992-ben 2 milli&oacute; volt a m\u0171vi abortuszok sz&aacute;ma.<\/p><\/div>\r\n\t\t\t\t\t\t\t\t\t\t\t\t\t<\/li>\r\n\t\t\t\t\t\t\t\t\t\t\t\t<li class=\"zf-list_item\">\r\n\t\t\t\t\t\t\t<div class=\"zf-list_header\">\r\n\t\t\t\t\t\t\t\t<h3 id=\"listaelem12\" class=\"zf-list_title\">\r\n\t\t\t\t\t\t\t\t\t<span class=\"zf-number\">12<\/span>\r\n\t\t\t\t\t\t\t\t\tMeglep\u0151 m\u00f3don a r\u00e1kos betegs\u00e9gek \u00e9s egy\u00e9b, az atomkatasztr\u00f3fa k\u00f6vetkezt\u00e9ben t\u00f6rt\u00e9nt hal\u00e1lesetek sz\u00e1ma alacsonyabb lett v\u00e9g\u00fcl, mint v\u00e1rt\u00e1k.\t\t\t\t\t\t\t\t<\/h3>\r\n\t\t\t\t\t\t\t<\/div>\r\n\t\t\t\t\t\t\t\t\t\t\t\t\t\t\t<figure class=\"zf-list_media zf-media-wrapper zf-image zf-type-image\">\r\n\t\t\t\t\t\t\t\t\t<div title=\"Meglep\u0151 m\u00f3don a r\u00e1kos betegs\u00e9gek \u00e9s egy\u00e9b, az atomkatasztr\u00f3fa k\u00f6vetkezt\u00e9ben t\u00f6rt\u00e9nt hal\u00e1lesetek sz\u00e1ma alacsonyabb lett v\u00e9g\u00fcl, mint v\u00e1rt\u00e1k.\" alt=\"Meglep\u0151 m\u00f3don a r\u00e1kos betegs\u00e9gek \u00e9s egy\u00e9b, az atomkatasztr\u00f3fa k\u00f6vetkezt\u00e9ben t\u00f6rt\u00e9nt hal\u00e1lesetek sz\u00e1ma alacsonyabb lett v\u00e9g\u00fcl, mint v\u00e1rt\u00e1k.\" class=\"zf-media\">\r\n\t\t\t\t\t\t\t\t\t\t<img width=\"610\" height=\"360\" src=\"https:\/\/liked.hu\/old\/wp-content\/uploads\/2019\/07\/ambulance-610x360.jpg\" class=\"\" alt=\"\" loading=\"lazy\" style=\"\" srcset=\"https:\/\/liked.hu\/old\/wp-content\/uploads\/2019\/07\/ambulance-610x360.jpg 610w, https:\/\/liked.hu\/old\/wp-content\/uploads\/2019\/07\/ambulance-610x360-300x177.jpg 300w, https:\/\/liked.hu\/old\/wp-content\/uploads\/2019\/07\/ambulance-610x360-500x295.jpg 500w, https:\/\/liked.hu\/old\/wp-content\/uploads\/2019\/07\/ambulance-610x360-360x212.jpg 360w, https:\/\/liked.hu\/old\/wp-content\/uploads\/2019\/07\/ambulance-610x360-545x322.jpg 545w\" sizes=\"(max-width: 610px) 100vw, 610px\" \/>\t\t\t\t\t\t\t\t\t\t\t<figcaption class=\"zf-figcaption\">\r\n\t\t\t\t\t\t\t\t\t\t\t\t\t\t\t\t\t\t\t\t\t\t\t\t<cite>        <a class=\"zf-media_credit\" target=\"_blank\" href=\"https:\/\/liked.hu\/old\/kimeno.php?https:\/\/liked.hu\/kimeno.php?https:\/\/hu.wikipedia.org\/wiki\/Csernobili_atomer%C5%91m%C5%B1-baleset\" rel=\"nofollow noopener\">Csernobili atomer\u0151m\u0171-baleset \/ Wikip\u00e9dia<\/a>\r\n        <\/cite>\r\n\r\n\t\t\t\t\t\t\t\t\t\t\t\t\t\t\t\t\t\t\t\t\t\t\t<\/figcaption>\r\n\t\t\t\t\t\t\t\t\t\t\t\t\t\t\t\t\t\t\t<\/div>\r\n\t\t\t\t\t\t\t\t\t<hr \/>\r\n\t\t\t\t\t\t\t\t<\/figure>\r\n\t\t\t\t\t\t\t\t\t\t\t\t\t\t<\/li>\r\n\t\t\t\t\t\t\t\t\t\t\t\t<li class=\"zf-list_item\">\r\n\t\t\t\t\t\t\t<div class=\"zf-list_header\">\r\n\t\t\t\t\t\t\t\t<h3 id=\"listaelem13\" class=\"zf-list_title\">\r\n\t\t\t\t\t\t\t\t\t<span class=\"zf-number\">13<\/span>\r\n\t\t\t\t\t\t\t\t\tA csernobili atomkatasztr\u00f3fa k\u00f6vetkezt\u00e9ben felszabadult szennyez\u00e9s k\u00f6zel 70%-\u00e1t egyed\u00fcl Feh\u00e9roroszorsz\u00e1g kapta.\t\t\t\t\t\t\t\t<\/h3>\r\n\t\t\t\t\t\t\t<\/div>\r\n\t\t\t\t\t\t\t\t\t\t\t\t\t\t\t<figure class=\"zf-list_media zf-media-wrapper zf-image zf-type-image\">\r\n\t\t\t\t\t\t\t\t\t<div title=\"A csernobili atomkatasztr\u00f3fa k\u00f6vetkezt\u00e9ben felszabadult szennyez\u00e9s k\u00f6zel 70%-\u00e1t egyed\u00fcl Feh\u00e9roroszorsz\u00e1g kapta.\" alt=\"A csernobili atomkatasztr\u00f3fa k\u00f6vetkezt\u00e9ben felszabadult szennyez\u00e9s k\u00f6zel 70%-\u00e1t egyed\u00fcl Feh\u00e9roroszorsz\u00e1g kapta.\" class=\"zf-media\">\r\n\t\t\t\t\t\t\t\t\t\t<img width=\"610\" height=\"360\" src=\"https:\/\/liked.hu\/old\/wp-content\/uploads\/2019\/07\/Bel-610x360.jpg\" class=\"\" alt=\"\" loading=\"lazy\" style=\"\" srcset=\"https:\/\/liked.hu\/old\/wp-content\/uploads\/2019\/07\/Bel-610x360.jpg 610w, https:\/\/liked.hu\/old\/wp-content\/uploads\/2019\/07\/Bel-610x360-300x177.jpg 300w, https:\/\/liked.hu\/old\/wp-content\/uploads\/2019\/07\/Bel-610x360-500x295.jpg 500w, https:\/\/liked.hu\/old\/wp-content\/uploads\/2019\/07\/Bel-610x360-360x212.jpg 360w, https:\/\/liked.hu\/old\/wp-content\/uploads\/2019\/07\/Bel-610x360-545x322.jpg 545w\" sizes=\"(max-width: 610px) 100vw, 610px\" \/>\t\t\t\t\t\t\t\t\t\t\t<figcaption class=\"zf-figcaption\">\r\n\t\t\t\t\t\t\t\t\t\t\t\t\t\t\t\t\t\t\t\t\t\t\t\t<cite>        <a class=\"zf-media_credit\" target=\"_blank\" href=\"https:\/\/liked.hu\/old\/kimeno.php?https:\/\/liked.hu\/kimeno.php?https:\/\/hu.wikipedia.org\/wiki\/Csernobili_atomer%C5%91m%C5%B1-baleset\" rel=\"nofollow noopener\">Csernobili atomer\u0151m\u0171-baleset \/ Wikip\u00e9dia<\/a>\r\n        <\/cite>\r\n\r\n\t\t\t\t\t\t\t\t\t\t\t\t\t\t\t\t\t\t\t\t\t\t\t<\/figcaption>\r\n\t\t\t\t\t\t\t\t\t\t\t\t\t\t\t\t\t\t\t<\/div>\r\n\t\t\t\t\t\t\t\t\t<hr \/>\r\n\t\t\t\t\t\t\t\t<\/figure>\r\n\t\t\t\t\t\t\t\t\t\t\t\t\t\t<\/li>\r\n\t\t\t\t\t\t\t\t\t\t\t\t<li class=\"zf-list_item\">\r\n\t\t\t\t\t\t\t<div class=\"zf-list_header\">\r\n\t\t\t\t\t\t\t\t<h3 id=\"listaelem14\" class=\"zf-list_title\">\r\n\t\t\t\t\t\t\t\t\t<span class=\"zf-number\">14<\/span>\r\n\t\t\t\t\t\t\t\t\tAz amerikai NRC (U.S. Nuclear Regulatory Comission) vizsg\u00e1latai alapj\u00e1n, az atomkatasztr\u00f3fa idej\u00e9n helysz\u00ednen tart\u00f3zkod\u00f3, de azt t\u00fal\u00e9l\u0151 munk\u00e1sok k\u00f6z\u00fcl 28-an hunytak el a baleset ut\u00e1ni 4 h\u00f3napban.\t\t\t\t\t\t\t\t<\/h3>\r\n\t\t\t\t\t\t\t<\/div>\r\n\t\t\t\t\t\t\t\t\t\t\t\t\t\t\t<figure class=\"zf-list_media zf-media-wrapper zf-image zf-type-image\">\r\n\t\t\t\t\t\t\t\t\t<div title=\"Az amerikai NRC (U.S. Nuclear Regulatory Comission) vizsg\u00e1latai alapj\u00e1n, az atomkatasztr\u00f3fa idej\u00e9n helysz\u00ednen tart\u00f3zkod\u00f3, de azt t\u00fal\u00e9l\u0151 munk\u00e1sok k\u00f6z\u00fcl 28-an hunytak el a baleset ut\u00e1ni 4 h\u00f3napban.\" alt=\"Az amerikai NRC (U.S. Nuclear Regulatory Comission) vizsg\u00e1latai alapj\u00e1n, az atomkatasztr\u00f3fa idej\u00e9n helysz\u00ednen tart\u00f3zkod\u00f3, de azt t\u00fal\u00e9l\u0151 munk\u00e1sok k\u00f6z\u00fcl 28-an hunytak el a baleset ut\u00e1ni 4 h\u00f3napban.\" class=\"zf-media\">\r\n\t\t\t\t\t\t\t\t\t\t<img width=\"610\" height=\"360\" src=\"https:\/\/liked.hu\/old\/wp-content\/uploads\/2019\/07\/workers-610x360.jpg\" class=\"\" alt=\"\" loading=\"lazy\" style=\"\" srcset=\"https:\/\/liked.hu\/old\/wp-content\/uploads\/2019\/07\/workers-610x360.jpg 610w, https:\/\/liked.hu\/old\/wp-content\/uploads\/2019\/07\/workers-610x360-300x177.jpg 300w, https:\/\/liked.hu\/old\/wp-content\/uploads\/2019\/07\/workers-610x360-500x295.jpg 500w, https:\/\/liked.hu\/old\/wp-content\/uploads\/2019\/07\/workers-610x360-360x212.jpg 360w, https:\/\/liked.hu\/old\/wp-content\/uploads\/2019\/07\/workers-610x360-545x322.jpg 545w\" sizes=\"(max-width: 610px) 100vw, 610px\" \/>\t\t\t\t\t\t\t\t\t\t\t<figcaption class=\"zf-figcaption\">\r\n\t\t\t\t\t\t\t\t\t\t\t\t\t\t\t\t\t\t\t\t\t\t\t\t<cite>        <a class=\"zf-media_credit\" target=\"_blank\" href=\"https:\/\/liked.hu\/old\/kimeno.php?https:\/\/liked.hu\/kimeno.php?https:\/\/hu.wikipedia.org\/wiki\/Csernobili_atomer%C5%91m%C5%B1-baleset\" rel=\"nofollow noopener\">Csernobili atomer\u0151m\u0171-baleset \/ Wikip\u00e9dia<\/a>\r\n        <\/cite>\r\n\r\n\t\t\t\t\t\t\t\t\t\t\t\t\t\t\t\t\t\t\t\t\t\t\t<\/figcaption>\r\n\t\t\t\t\t\t\t\t\t\t\t\t\t\t\t\t\t\t\t<\/div>\r\n\t\t\t\t\t\t\t\t\t<hr \/>\r\n\t\t\t\t\t\t\t\t<\/figure>\r\n\t\t\t\t\t\t\t\t\t\t\t\t\t\t<\/li>\r\n\t\t\t\t\t\t\t\t\t\t\t\t<li class=\"zf-list_item\">\r\n\t\t\t\t\t\t\t<div class=\"zf-list_header\">\r\n\t\t\t\t\t\t\t\t<h3 id=\"listaelem15\" class=\"zf-list_title\">\r\n\t\t\t\t\t\t\t\t\t<span class=\"zf-number\">15<\/span>\r\n\t\t\t\t\t\t\t\t\tA Greenpeace szerint ak\u00e1r 60 ezer pajzsmirigyr\u00e1kos megbeteged\u00e9s\u00e9rt is felel\u0151s lehet a baleset.\t\t\t\t\t\t\t\t<\/h3>\r\n\t\t\t\t\t\t\t<\/div>\r\n\t\t\t\t\t\t\t\t\t\t\t\t\t\t\t<figure class=\"zf-list_media zf-media-wrapper zf-image zf-type-image\">\r\n\t\t\t\t\t\t\t\t\t<div title=\"A Greenpeace szerint ak\u00e1r 60 ezer pajzsmirigyr\u00e1kos megbeteged\u00e9s\u00e9rt is felel\u0151s lehet a baleset.\" alt=\"A Greenpeace szerint ak\u00e1r 60 ezer pajzsmirigyr\u00e1kos megbeteged\u00e9s\u00e9rt is felel\u0151s lehet a baleset.\" class=\"zf-media\">\r\n\t\t\t\t\t\t\t\t\t\t<img width=\"610\" height=\"360\" src=\"https:\/\/liked.hu\/old\/wp-content\/uploads\/2019\/07\/thyroid-610x360.jpg\" class=\"\" alt=\"\" loading=\"lazy\" style=\"\" srcset=\"https:\/\/liked.hu\/old\/wp-content\/uploads\/2019\/07\/thyroid-610x360.jpg 610w, https:\/\/liked.hu\/old\/wp-content\/uploads\/2019\/07\/thyroid-610x360-300x177.jpg 300w, https:\/\/liked.hu\/old\/wp-content\/uploads\/2019\/07\/thyroid-610x360-500x295.jpg 500w, https:\/\/liked.hu\/old\/wp-content\/uploads\/2019\/07\/thyroid-610x360-360x212.jpg 360w, https:\/\/liked.hu\/old\/wp-content\/uploads\/2019\/07\/thyroid-610x360-545x322.jpg 545w\" sizes=\"(max-width: 610px) 100vw, 610px\" \/>\t\t\t\t\t\t\t\t\t\t\t<figcaption class=\"zf-figcaption\">\r\n\t\t\t\t\t\t\t\t\t\t\t\t\t\t\t\t\t\t\t\t\t\t\t\t<cite>        <a class=\"zf-media_credit\" target=\"_blank\" href=\"https:\/\/liked.hu\/old\/kimeno.php?https:\/\/liked.hu\/kimeno.php?https:\/\/hu.wikipedia.org\/wiki\/Csernobili_atomer%C5%91m%C5%B1-baleset\" rel=\"nofollow noopener\">Csernobili atomer\u0151m\u0171-baleset \/ Wikip\u00e9dia<\/a>\r\n        <\/cite>\r\n\r\n\t\t\t\t\t\t\t\t\t\t\t\t\t\t\t\t\t\t\t\t\t\t\t<\/figcaption>\r\n\t\t\t\t\t\t\t\t\t\t\t\t\t\t\t\t\t\t\t<\/div>\r\n\t\t\t\t\t\t\t\t\t<hr \/>\r\n\t\t\t\t\t\t\t\t<\/figure>\r\n\t\t\t\t\t\t\t\t\t\t\t\t\t\t<\/li>\r\n\t\t\t\t\t\t\t\t\t\t\t\t<li class=\"zf-list_item\">\r\n\t\t\t\t\t\t\t<div class=\"zf-list_header\">\r\n\t\t\t\t\t\t\t\t<h3 id=\"listaelem16\" class=\"zf-list_title\">\r\n\t\t\t\t\t\t\t\t\t<span class=\"zf-number\">16<\/span>\r\n\t\t\t\t\t\t\t\t\tA nagy puszt\u00edt\u00e1s ellen\u00e9re a radioakt\u00edv anyagok k\u00f6r\u00fclbel\u00fcl 97%-a el sem hagyta az \u00f6sszeomlott reaktort.\t\t\t\t\t\t\t\t<\/h3>\r\n\t\t\t\t\t\t\t<\/div>\r\n\t\t\t\t\t\t\t\t\t\t\t\t\t\t\t<figure class=\"zf-list_media zf-media-wrapper zf-image zf-type-image\">\r\n\t\t\t\t\t\t\t\t\t<div title=\"A nagy puszt\u00edt\u00e1s ellen\u00e9re a radioakt\u00edv anyagok k\u00f6r\u00fclbel\u00fcl 97%-a el sem hagyta az \u00f6sszeomlott reaktort.\" alt=\"A nagy puszt\u00edt\u00e1s ellen\u00e9re a radioakt\u00edv anyagok k\u00f6r\u00fclbel\u00fcl 97%-a el sem hagyta az \u00f6sszeomlott reaktort.\" class=\"zf-media\">\r\n\t\t\t\t\t\t\t\t\t\t<img width=\"610\" height=\"360\" src=\"https:\/\/liked.hu\/old\/wp-content\/uploads\/2019\/07\/shelter-610x360.jpg\" class=\"\" alt=\"\" loading=\"lazy\" style=\"\" srcset=\"https:\/\/liked.hu\/old\/wp-content\/uploads\/2019\/07\/shelter-610x360.jpg 610w, https:\/\/liked.hu\/old\/wp-content\/uploads\/2019\/07\/shelter-610x360-300x177.jpg 300w, https:\/\/liked.hu\/old\/wp-content\/uploads\/2019\/07\/shelter-610x360-500x295.jpg 500w, https:\/\/liked.hu\/old\/wp-content\/uploads\/2019\/07\/shelter-610x360-360x212.jpg 360w, https:\/\/liked.hu\/old\/wp-content\/uploads\/2019\/07\/shelter-610x360-545x322.jpg 545w\" sizes=\"(max-width: 610px) 100vw, 610px\" \/>\t\t\t\t\t\t\t\t\t\t\t<figcaption class=\"zf-figcaption\">\r\n\t\t\t\t\t\t\t\t\t\t\t\t\t\t\t\t\t\t\t\t\t\t\t\t<cite>        <a class=\"zf-media_credit\" target=\"_blank\" href=\"https:\/\/liked.hu\/old\/kimeno.php?https:\/\/liked.hu\/kimeno.php?https:\/\/hu.wikipedia.org\/wiki\/Csernobili_atomer%C5%91m%C5%B1-baleset\" rel=\"nofollow noopener\">Csernobili atomer\u0151m\u0171-baleset \/ Wikip\u00e9dia<\/a>\r\n        <\/cite>\r\n\r\n\t\t\t\t\t\t\t\t\t\t\t\t\t\t\t\t\t\t\t\t\t\t\t<\/figcaption>\r\n\t\t\t\t\t\t\t\t\t\t\t\t\t\t\t\t\t\t\t<\/div>\r\n\t\t\t\t\t\t\t\t\t<hr \/>\r\n\t\t\t\t\t\t\t\t<\/figure>\r\n\t\t\t\t\t\t\t\t\t\t\t\t\t\t<\/li>\r\n\t\t\t\t\t\t\t\t\t\t\t\t<li class=\"zf-list_item\">\r\n\t\t\t\t\t\t\t<div class=\"zf-list_header\">\r\n\t\t\t\t\t\t\t\t<h3 id=\"listaelem17\" class=\"zf-list_title\">\r\n\t\t\t\t\t\t\t\t\t<span class=\"zf-number\">17<\/span>\r\n\t\t\t\t\t\t\t\t\t200 tonna radioakt\u00edv anyag m\u00e9g mind a mai napig a szarkof\u00e1gnak nevezett v\u00e9d\u0151objektum alatt tal\u00e1lhat\u00f3.\t\t\t\t\t\t\t\t<\/h3>\r\n\t\t\t\t\t\t\t<\/div>\r\n\t\t\t\t\t\t\t\t\t\t\t\t\t\t\t<figure class=\"zf-list_media zf-media-wrapper zf-image zf-type-image\">\r\n\t\t\t\t\t\t\t\t\t<div title=\"200 tonna radioakt\u00edv anyag m\u00e9g mind a mai napig a szarkof\u00e1gnak nevezett v\u00e9d\u0151objektum alatt tal\u00e1lhat\u00f3.\" alt=\"200 tonna radioakt\u00edv anyag m\u00e9g mind a mai napig a szarkof\u00e1gnak nevezett v\u00e9d\u0151objektum alatt tal\u00e1lhat\u00f3.\" class=\"zf-media\">\r\n\t\t\t\t\t\t\t\t\t\t<img width=\"610\" height=\"360\" src=\"https:\/\/liked.hu\/old\/wp-content\/uploads\/2019\/07\/Plant-610x360.jpg\" class=\"\" alt=\"\" loading=\"lazy\" style=\"\" srcset=\"https:\/\/liked.hu\/old\/wp-content\/uploads\/2019\/07\/Plant-610x360.jpg 610w, https:\/\/liked.hu\/old\/wp-content\/uploads\/2019\/07\/Plant-610x360-300x177.jpg 300w, https:\/\/liked.hu\/old\/wp-content\/uploads\/2019\/07\/Plant-610x360-500x295.jpg 500w, https:\/\/liked.hu\/old\/wp-content\/uploads\/2019\/07\/Plant-610x360-360x212.jpg 360w, https:\/\/liked.hu\/old\/wp-content\/uploads\/2019\/07\/Plant-610x360-545x322.jpg 545w\" sizes=\"(max-width: 610px) 100vw, 610px\" \/>\t\t\t\t\t\t\t\t\t\t\t<figcaption class=\"zf-figcaption\">\r\n\t\t\t\t\t\t\t\t\t\t\t\t\t\t\t\t\t\t\t\t\t\t\t\t<cite>        <a class=\"zf-media_credit\" target=\"_blank\" href=\"https:\/\/liked.hu\/old\/kimeno.php?https:\/\/liked.hu\/kimeno.php?https:\/\/hu.wikipedia.org\/wiki\/Csernobili_atomer%C5%91m%C5%B1-baleset\" rel=\"nofollow noopener\">Csernobili atomer\u0151m\u0171-baleset \/ Wikip\u00e9dia<\/a>\r\n        <\/cite>\r\n\r\n\t\t\t\t\t\t\t\t\t\t\t\t\t\t\t\t\t\t\t\t\t\t\t<\/figcaption>\r\n\t\t\t\t\t\t\t\t\t\t\t\t\t\t\t\t\t\t\t<\/div>\r\n\t\t\t\t\t\t\t\t\t<hr \/>\r\n\t\t\t\t\t\t\t\t<\/figure>\r\n\t\t\t\t\t\t\t\t\t\t\t\t\t\t<\/li>\r\n\t\t\t\t\t\t\t\t\t\t\t\t<li class=\"zf-list_item\">\r\n\t\t\t\t\t\t\t<div class=\"zf-list_header\">\r\n\t\t\t\t\t\t\t\t<h3 id=\"listaelem18\" class=\"zf-list_title\">\r\n\t\t\t\t\t\t\t\t\t<span class=\"zf-number\">18<\/span>\r\n\t\t\t\t\t\t\t\t\tA csernobili atomer\u0151m\u0171 n\u00e9gyes blokkja f\u00f6l\u00e9 emelt \u00faj, cs\u00facstechnol\u00f3gi\u00e1s robotokkal is felszerelt harmincezer tonn\u00e1s (250 m\u00e9ter hossz\u00fa, 110 m\u00e9ter magas) ac\u00e9lszarkof\u00e1g \u201c\u00e9lettartam\u00e1t\u201d k\u00f6r\u00fclbel\u00fcl 100 \u00e9vre becs\u00fclik.\t\t\t\t\t\t\t\t<\/h3>\r\n\t\t\t\t\t\t\t<\/div>\r\n\t\t\t\t\t\t\t\t\t\t\t\t\t\t\t<figure class=\"zf-list_media zf-media-wrapper zf-image zf-type-image\">\r\n\t\t\t\t\t\t\t\t\t<div title=\"A csernobili atomer\u0151m\u0171 n\u00e9gyes blokkja f\u00f6l\u00e9 emelt \u00faj, cs\u00facstechnol\u00f3gi\u00e1s robotokkal is felszerelt harmincezer tonn\u00e1s (250 m\u00e9ter hossz\u00fa, 110 m\u00e9ter magas) ac\u00e9lszarkof\u00e1g \u201c\u00e9lettartam\u00e1t\u201d k\u00f6r\u00fclbel\u00fcl 100 \u00e9vre becs\u00fclik.\" alt=\"A csernobili atomer\u0151m\u0171 n\u00e9gyes blokkja f\u00f6l\u00e9 emelt \u00faj, cs\u00facstechnol\u00f3gi\u00e1s robotokkal is felszerelt harmincezer tonn\u00e1s (250 m\u00e9ter hossz\u00fa, 110 m\u00e9ter magas) ac\u00e9lszarkof\u00e1g \u201c\u00e9lettartam\u00e1t\u201d k\u00f6r\u00fclbel\u00fcl 100 \u00e9vre becs\u00fclik.\" class=\"zf-media\">\r\n\t\t\t\t\t\t\t\t\t\t<img width=\"610\" height=\"360\" src=\"https:\/\/liked.hu\/old\/wp-content\/uploads\/2019\/07\/100-years-610x360.jpg\" class=\"\" alt=\"\" loading=\"lazy\" style=\"\" srcset=\"https:\/\/liked.hu\/old\/wp-content\/uploads\/2019\/07\/100-years-610x360.jpg 610w, https:\/\/liked.hu\/old\/wp-content\/uploads\/2019\/07\/100-years-610x360-300x177.jpg 300w, https:\/\/liked.hu\/old\/wp-content\/uploads\/2019\/07\/100-years-610x360-500x295.jpg 500w, https:\/\/liked.hu\/old\/wp-content\/uploads\/2019\/07\/100-years-610x360-360x212.jpg 360w, https:\/\/liked.hu\/old\/wp-content\/uploads\/2019\/07\/100-years-610x360-545x322.jpg 545w\" sizes=\"(max-width: 610px) 100vw, 610px\" \/>\t\t\t\t\t\t\t\t\t\t\t<figcaption class=\"zf-figcaption\">\r\n\t\t\t\t\t\t\t\t\t\t\t\t\t\t\t\t\t\t\t\t\t\t\t\t<cite>        <a class=\"zf-media_credit\" target=\"_blank\" href=\"https:\/\/liked.hu\/old\/kimeno.php?https:\/\/liked.hu\/kimeno.php?https:\/\/hu.wikipedia.org\/wiki\/Csernobili_atomer%C5%91m%C5%B1-baleset\" rel=\"nofollow noopener\">Csernobili atomer\u0151m\u0171-baleset \/ Wikip\u00e9dia<\/a>\r\n        <\/cite>\r\n\r\n\t\t\t\t\t\t\t\t\t\t\t\t\t\t\t\t\t\t\t\t\t\t\t<\/figcaption>\r\n\t\t\t\t\t\t\t\t\t\t\t\t\t\t\t\t\t\t\t<\/div>\r\n\t\t\t\t\t\t\t\t\t<hr \/>\r\n\t\t\t\t\t\t\t\t<\/figure>\r\n\t\t\t\t\t\t\t\t\t\t\t\t\t\t<\/li>\r\n\t\t\t\t\t\t\t\t\t<\/ol>\r\n\t\t<\/div>\r\n\t<\/div>\r\n\r\n\t<\/div>\n","protected":false},"excerpt":{"rendered":"<p>A napokban volt a csernobili atomkatasztr\u00f3fa \u00e9vfordul\u00f3ja, mely annak ellen\u00e9re, hogy idestova 31 \u00e9vvel ezel\u0151tt t\u00f6rt\u00e9nt, mind a mai napig emberi fejjel szinte felfoghatatlan k\u00f6vetkezm\u00e9nyeket okozott. Az al\u00e1bbi list\u00e1n 18 olyan \u00e9rdekes, de egy\u00fattal h\u00e1tborzongat\u00f3 t\u00e9nyt gy\u0171jt\u00f6tt\u00fcnk \u00f6ssze a balesettel kapcsolatban, melyekkel mindenk\u00e9ppen \u00e9rdemes tiszt\u00e1ban lenni. \u2622<\/p>\n","protected":false},"author":5,"featured_media":156575,"comment_status":"open","ping_status":"closed","sticky":false,"template":"","format":"standard","meta":{"buzzeditor_post_format":""},"categories":[23],"tags":[211,4364,241,4430,5823],"yoast_head":"<!-- This site is optimized with the Yoast SEO plugin v19.6.1 - https:\/\/yoast.com\/wordpress\/plugins\/seo\/ -->\n<title>18 h\u00e1tborzongat\u00f3 t\u00e9ny, amit val\u00f3sz\u00edn\u0171leg Te sem tudt\u00e1l a csernobili atomkatasztr\u00f3f\u00e1r\u00f3l<\/title>\n<meta name=\"description\" content=\"A napokban volt a csernobili atomkatasztr\u00f3fa \u00e9vfordul\u00f3ja, mely annak ellen\u00e9re, hogy idestova 31 \u00e9vvel ezel\u0151tt t\u00f6rt\u00e9nt, mind a mai napig emberi fejjel\" \/>\n<meta name=\"robots\" content=\"index, follow, max-snippet:-1, max-image-preview:large, max-video-preview:-1\" \/>\n<link rel=\"canonical\" href=\"https:\/\/liked.hu\/old\/erdekes\/18-hatborzongato-teny-a-csernobili-atomkatasztrofarol\/\" \/>\n<link rel=\"next\" href=\"https:\/\/liked.hu\/old\/erdekes\/18-hatborzongato-teny-a-csernobili-atomkatasztrofarol\/2\/\" \/>\n<meta property=\"og:locale\" content=\"hu_HU\" \/>\n<meta property=\"og:type\" content=\"article\" \/>\n<meta property=\"og:title\" content=\"18 h\u00e1tborzongat\u00f3 t\u00e9ny, amit val\u00f3sz\u00edn\u0171leg Te sem tudt\u00e1l a csernobili atomkatasztr\u00f3f\u00e1r\u00f3l\" \/>\n<meta property=\"og:description\" content=\"A napokban volt a csernobili atomkatasztr\u00f3fa \u00e9vfordul\u00f3ja, mely annak ellen\u00e9re, hogy idestova 31 \u00e9vvel ezel\u0151tt t\u00f6rt\u00e9nt, mind a mai napig emberi fejjel\" \/>\n<meta property=\"og:url\" content=\"https:\/\/liked.hu\/old\/erdekes\/18-hatborzongato-teny-a-csernobili-atomkatasztrofarol\/\" \/>\n<meta property=\"og:site_name\" content=\"Liked.hu\" \/>\n<meta property=\"article:publisher\" content=\"https:\/\/www.facebook.com\/liked.hu\" \/>\n<meta property=\"article:published_time\" content=\"2017-04-29T07:23:40+00:00\" \/>\n<meta property=\"article:modified_time\" content=\"2022-09-05T10:59:58+00:00\" \/>\n<meta property=\"og:image\" content=\"https:\/\/liked.hu\/old\/wp-content\/uploads\/2019\/07\/Csernobili-atomkatasztrofa.jpg\" \/>\n\t<meta property=\"og:image:width\" content=\"1200\" \/>\n\t<meta property=\"og:image:height\" content=\"630\" \/>\n\t<meta property=\"og:image:type\" content=\"image\/jpeg\" \/>\n<meta name=\"author\" content=\"Sludenkor\" \/>\n<meta name=\"twitter:card\" content=\"summary\" \/>\n<meta name=\"twitter:creator\" content=\"@LikedHu\" \/>\n<meta name=\"twitter:site\" content=\"@LikedHu\" \/>\n<meta name=\"twitter:label1\" content=\"Szerz\u0151:\" \/>\n\t<meta name=\"twitter:data1\" content=\"Sludenkor\" \/>\n\t<meta name=\"twitter:label2\" content=\"Becs\u00fclt olvas\u00e1si id\u0151\" \/>\n\t<meta name=\"twitter:data2\" content=\"1 perc\" \/>\n<script type=\"application\/ld+json\" class=\"yoast-schema-graph\">{\"@context\":\"https:\/\/schema.org\",\"@graph\":[{\"@type\":\"Article\",\"@id\":\"https:\/\/liked.hu\/old\/erdekes\/18-hatborzongato-teny-a-csernobili-atomkatasztrofarol\/#article\",\"isPartOf\":{\"@id\":\"https:\/\/liked.hu\/old\/erdekes\/18-hatborzongato-teny-a-csernobili-atomkatasztrofarol\/\"},\"author\":{\"name\":\"Sludenkor\",\"@id\":\"https:\/\/liked.hu\/old\/#\/schema\/person\/6650f7130e2154421c3a5cae3435b47c\"},\"headline\":\"18 h\u00e1tborzongat\u00f3 t\u00e9ny, amit val\u00f3sz\u00edn\u0171leg Te sem tudt\u00e1l a csernobili atomkatasztr\u00f3f\u00e1r\u00f3l\",\"datePublished\":\"2017-04-29T07:23:40+00:00\",\"dateModified\":\"2022-09-05T10:59:58+00:00\",\"mainEntityOfPage\":{\"@id\":\"https:\/\/liked.hu\/old\/erdekes\/18-hatborzongato-teny-a-csernobili-atomkatasztrofarol\/\"},\"wordCount\":97,\"commentCount\":0,\"publisher\":{\"@id\":\"https:\/\/liked.hu\/old\/#organization\"},\"keywords\":[\"atomer\u0151m\u0171\",\"atomkatasztr\u00f3fa\",\"baleset\",\"csernobil\",\"Ma tudtam meg!\"],\"articleSection\":[\"\u00c9rdekess\u00e9gek\"],\"inLanguage\":\"hu\",\"potentialAction\":[{\"@type\":\"CommentAction\",\"name\":\"Comment\",\"target\":[\"https:\/\/liked.hu\/old\/erdekes\/18-hatborzongato-teny-a-csernobili-atomkatasztrofarol\/#respond\"]}]},{\"@type\":\"WebPage\",\"@id\":\"https:\/\/liked.hu\/old\/erdekes\/18-hatborzongato-teny-a-csernobili-atomkatasztrofarol\/\",\"url\":\"https:\/\/liked.hu\/old\/erdekes\/18-hatborzongato-teny-a-csernobili-atomkatasztrofarol\/\",\"name\":\"18 h\u00e1tborzongat\u00f3 t\u00e9ny, amit val\u00f3sz\u00edn\u0171leg Te sem tudt\u00e1l a csernobili atomkatasztr\u00f3f\u00e1r\u00f3l\",\"isPartOf\":{\"@id\":\"https:\/\/liked.hu\/old\/#website\"},\"datePublished\":\"2017-04-29T07:23:40+00:00\",\"dateModified\":\"2022-09-05T10:59:58+00:00\",\"description\":\"A napokban volt a csernobili atomkatasztr\u00f3fa \u00e9vfordul\u00f3ja, mely annak ellen\u00e9re, hogy idestova 31 \u00e9vvel ezel\u0151tt t\u00f6rt\u00e9nt, mind a mai napig emberi fejjel\",\"breadcrumb\":{\"@id\":\"https:\/\/liked.hu\/old\/erdekes\/18-hatborzongato-teny-a-csernobili-atomkatasztrofarol\/#breadcrumb\"},\"inLanguage\":\"hu\",\"potentialAction\":[{\"@type\":\"ReadAction\",\"target\":[\"https:\/\/liked.hu\/old\/erdekes\/18-hatborzongato-teny-a-csernobili-atomkatasztrofarol\/\"]}]},{\"@type\":\"BreadcrumbList\",\"@id\":\"https:\/\/liked.hu\/old\/erdekes\/18-hatborzongato-teny-a-csernobili-atomkatasztrofarol\/#breadcrumb\",\"itemListElement\":[{\"@type\":\"ListItem\",\"position\":1,\"name\":\"Kezd\u0151lap\"}]},{\"@type\":\"WebSite\",\"@id\":\"https:\/\/liked.hu\/old\/#website\",\"url\":\"https:\/\/liked.hu\/old\/\",\"name\":\"Liked.hu\",\"description\":\"\",\"publisher\":{\"@id\":\"https:\/\/liked.hu\/old\/#organization\"},\"potentialAction\":[{\"@type\":\"SearchAction\",\"target\":{\"@type\":\"EntryPoint\",\"urlTemplate\":\"https:\/\/liked.hu\/old\/?s={search_term_string}\"},\"query-input\":\"required name=search_term_string\"}],\"inLanguage\":\"hu\"},{\"@type\":\"Organization\",\"@id\":\"https:\/\/liked.hu\/old\/#organization\",\"name\":\"Liked.hu\",\"url\":\"https:\/\/liked.hu\/old\/\",\"sameAs\":[\"https:\/\/hu.pinterest.com\/likedhungary\/\",\"https:\/\/www.youtube.com\/channel\/UCPv91dbMoIukYcM9b9nHN6Q\",\"https:\/\/www.facebook.com\/liked.hu\",\"https:\/\/twitter.com\/LikedHu\"],\"logo\":{\"@type\":\"ImageObject\",\"inLanguage\":\"hu\",\"@id\":\"https:\/\/liked.hu\/old\/#\/schema\/logo\/image\/\",\"url\":\"https:\/\/liked.hu\/wp-content\/uploads\/2018\/08\/Liked-icon.png\",\"contentUrl\":\"https:\/\/liked.hu\/wp-content\/uploads\/2018\/08\/Liked-icon.png\",\"width\":512,\"height\":512,\"caption\":\"Liked.hu\"},\"image\":{\"@id\":\"https:\/\/liked.hu\/old\/#\/schema\/logo\/image\/\"}},{\"@type\":\"Person\",\"@id\":\"https:\/\/liked.hu\/old\/#\/schema\/person\/6650f7130e2154421c3a5cae3435b47c\",\"name\":\"Sludenkor\",\"image\":{\"@type\":\"ImageObject\",\"inLanguage\":\"hu\",\"@id\":\"https:\/\/liked.hu\/old\/#\/schema\/person\/image\/\",\"url\":\"https:\/\/liked.hu\/old\/wp-content\/uploads\/avatars\/5\/604de86470f75-bpfull.jpg\",\"contentUrl\":\"https:\/\/liked.hu\/old\/wp-content\/uploads\/avatars\/5\/604de86470f75-bpfull.jpg\",\"caption\":\"Sludenkor\"},\"url\":\"https:\/\/liked.hu\/old\/u\/sludenkor\/\"}]}<\/script>\n<!-- \/ Yoast SEO plugin. -->","yoast_head_json":{"title":"18 h\u00e1tborzongat\u00f3 t\u00e9ny, amit val\u00f3sz\u00edn\u0171leg Te sem tudt\u00e1l a csernobili atomkatasztr\u00f3f\u00e1r\u00f3l","description":"A napokban volt a csernobili atomkatasztr\u00f3fa \u00e9vfordul\u00f3ja, mely annak ellen\u00e9re, hogy idestova 31 \u00e9vvel ezel\u0151tt t\u00f6rt\u00e9nt, mind a mai napig emberi fejjel","robots":{"index":"index","follow":"follow","max-snippet":"max-snippet:-1","max-image-preview":"max-image-preview:large","max-video-preview":"max-video-preview:-1"},"canonical":"https:\/\/liked.hu\/old\/erdekes\/18-hatborzongato-teny-a-csernobili-atomkatasztrofarol\/","next":"https:\/\/liked.hu\/old\/erdekes\/18-hatborzongato-teny-a-csernobili-atomkatasztrofarol\/2\/","og_locale":"hu_HU","og_type":"article","og_title":"18 h\u00e1tborzongat\u00f3 t\u00e9ny, amit val\u00f3sz\u00edn\u0171leg Te sem tudt\u00e1l a csernobili atomkatasztr\u00f3f\u00e1r\u00f3l","og_description":"A napokban volt a csernobili atomkatasztr\u00f3fa \u00e9vfordul\u00f3ja, mely annak ellen\u00e9re, hogy idestova 31 \u00e9vvel ezel\u0151tt t\u00f6rt\u00e9nt, mind a mai napig emberi fejjel","og_url":"https:\/\/liked.hu\/old\/erdekes\/18-hatborzongato-teny-a-csernobili-atomkatasztrofarol\/","og_site_name":"Liked.hu","article_publisher":"https:\/\/www.facebook.com\/liked.hu","article_published_time":"2017-04-29T07:23:40+00:00","article_modified_time":"2022-09-05T10:59:58+00:00","og_image":[{"width":1200,"height":630,"url":"https:\/\/liked.hu\/old\/wp-content\/uploads\/2019\/07\/Csernobili-atomkatasztrofa.jpg","type":"image\/jpeg"}],"author":"Sludenkor","twitter_card":"summary","twitter_creator":"@LikedHu","twitter_site":"@LikedHu","twitter_misc":{"Szerz\u0151:":"Sludenkor","Becs\u00fclt olvas\u00e1si id\u0151":"1 perc"},"schema":{"@context":"https:\/\/schema.org","@graph":[{"@type":"Article","@id":"https:\/\/liked.hu\/old\/erdekes\/18-hatborzongato-teny-a-csernobili-atomkatasztrofarol\/#article","isPartOf":{"@id":"https:\/\/liked.hu\/old\/erdekes\/18-hatborzongato-teny-a-csernobili-atomkatasztrofarol\/"},"author":{"name":"Sludenkor","@id":"https:\/\/liked.hu\/old\/#\/schema\/person\/6650f7130e2154421c3a5cae3435b47c"},"headline":"18 h\u00e1tborzongat\u00f3 t\u00e9ny, amit val\u00f3sz\u00edn\u0171leg Te sem tudt\u00e1l a csernobili atomkatasztr\u00f3f\u00e1r\u00f3l","datePublished":"2017-04-29T07:23:40+00:00","dateModified":"2022-09-05T10:59:58+00:00","mainEntityOfPage":{"@id":"https:\/\/liked.hu\/old\/erdekes\/18-hatborzongato-teny-a-csernobili-atomkatasztrofarol\/"},"wordCount":97,"commentCount":0,"publisher":{"@id":"https:\/\/liked.hu\/old\/#organization"},"keywords":["atomer\u0151m\u0171","atomkatasztr\u00f3fa","baleset","csernobil","Ma tudtam meg!"],"articleSection":["\u00c9rdekess\u00e9gek"],"inLanguage":"hu","potentialAction":[{"@type":"CommentAction","name":"Comment","target":["https:\/\/liked.hu\/old\/erdekes\/18-hatborzongato-teny-a-csernobili-atomkatasztrofarol\/#respond"]}]},{"@type":"WebPage","@id":"https:\/\/liked.hu\/old\/erdekes\/18-hatborzongato-teny-a-csernobili-atomkatasztrofarol\/","url":"https:\/\/liked.hu\/old\/erdekes\/18-hatborzongato-teny-a-csernobili-atomkatasztrofarol\/","name":"18 h\u00e1tborzongat\u00f3 t\u00e9ny, amit val\u00f3sz\u00edn\u0171leg Te sem tudt\u00e1l a csernobili atomkatasztr\u00f3f\u00e1r\u00f3l","isPartOf":{"@id":"https:\/\/liked.hu\/old\/#website"},"datePublished":"2017-04-29T07:23:40+00:00","dateModified":"2022-09-05T10:59:58+00:00","description":"A napokban volt a csernobili atomkatasztr\u00f3fa \u00e9vfordul\u00f3ja, mely annak ellen\u00e9re, hogy idestova 31 \u00e9vvel ezel\u0151tt t\u00f6rt\u00e9nt, mind a mai napig emberi fejjel","breadcrumb":{"@id":"https:\/\/liked.hu\/old\/erdekes\/18-hatborzongato-teny-a-csernobili-atomkatasztrofarol\/#breadcrumb"},"inLanguage":"hu","potentialAction":[{"@type":"ReadAction","target":["https:\/\/liked.hu\/old\/erdekes\/18-hatborzongato-teny-a-csernobili-atomkatasztrofarol\/"]}]},{"@type":"BreadcrumbList","@id":"https:\/\/liked.hu\/old\/erdekes\/18-hatborzongato-teny-a-csernobili-atomkatasztrofarol\/#breadcrumb","itemListElement":[{"@type":"ListItem","position":1,"name":"Kezd\u0151lap"}]},{"@type":"WebSite","@id":"https:\/\/liked.hu\/old\/#website","url":"https:\/\/liked.hu\/old\/","name":"Liked.hu","description":"","publisher":{"@id":"https:\/\/liked.hu\/old\/#organization"},"potentialAction":[{"@type":"SearchAction","target":{"@type":"EntryPoint","urlTemplate":"https:\/\/liked.hu\/old\/?s={search_term_string}"},"query-input":"required name=search_term_string"}],"inLanguage":"hu"},{"@type":"Organization","@id":"https:\/\/liked.hu\/old\/#organization","name":"Liked.hu","url":"https:\/\/liked.hu\/old\/","sameAs":["https:\/\/hu.pinterest.com\/likedhungary\/","https:\/\/www.youtube.com\/channel\/UCPv91dbMoIukYcM9b9nHN6Q","https:\/\/www.facebook.com\/liked.hu","https:\/\/twitter.com\/LikedHu"],"logo":{"@type":"ImageObject","inLanguage":"hu","@id":"https:\/\/liked.hu\/old\/#\/schema\/logo\/image\/","url":"https:\/\/liked.hu\/wp-content\/uploads\/2018\/08\/Liked-icon.png","contentUrl":"https:\/\/liked.hu\/wp-content\/uploads\/2018\/08\/Liked-icon.png","width":512,"height":512,"caption":"Liked.hu"},"image":{"@id":"https:\/\/liked.hu\/old\/#\/schema\/logo\/image\/"}},{"@type":"Person","@id":"https:\/\/liked.hu\/old\/#\/schema\/person\/6650f7130e2154421c3a5cae3435b47c","name":"Sludenkor","image":{"@type":"ImageObject","inLanguage":"hu","@id":"https:\/\/liked.hu\/old\/#\/schema\/person\/image\/","url":"https:\/\/liked.hu\/old\/wp-content\/uploads\/avatars\/5\/604de86470f75-bpfull.jpg","contentUrl":"https:\/\/liked.hu\/old\/wp-content\/uploads\/avatars\/5\/604de86470f75-bpfull.jpg","caption":"Sludenkor"},"url":"https:\/\/liked.hu\/old\/u\/sludenkor\/"}]}},"publishpress_future_action":{"enabled":false,"date":"1970-01-01 01:00:00","action":"","terms":[],"taxonomy":"","browser_timezone_offset":0},"_links":{"self":[{"href":"https:\/\/liked.hu\/old\/wp-json\/wp\/v2\/posts\/156574"}],"collection":[{"href":"https:\/\/liked.hu\/old\/wp-json\/wp\/v2\/posts"}],"about":[{"href":"https:\/\/liked.hu\/old\/wp-json\/wp\/v2\/types\/post"}],"author":[{"embeddable":true,"href":"https:\/\/liked.hu\/old\/wp-json\/wp\/v2\/users\/5"}],"replies":[{"embeddable":true,"href":"https:\/\/liked.hu\/old\/wp-json\/wp\/v2\/comments?post=156574"}],"version-history":[{"count":0,"href":"https:\/\/liked.hu\/old\/wp-json\/wp\/v2\/posts\/156574\/revisions"}],"wp:featuredmedia":[{"embeddable":true,"href":"https:\/\/liked.hu\/old\/wp-json\/wp\/v2\/media\/156575"}],"wp:attachment":[{"href":"https:\/\/liked.hu\/old\/wp-json\/wp\/v2\/media?parent=156574"}],"wp:term":[{"taxonomy":"category","embeddable":true,"href":"https:\/\/liked.hu\/old\/wp-json\/wp\/v2\/categories?post=156574"},{"taxonomy":"post_tag","embeddable":true,"href":"https:\/\/liked.hu\/old\/wp-json\/wp\/v2\/tags?post=156574"}],"curies":[{"name":"wp","href":"https:\/\/api.w.org\/{rel}","templated":true}]}}