{"id":156178,"date":"2024-03-05T02:29:41","date_gmt":"2024-03-05T01:29:41","guid":{"rendered":"https:\/\/liked.hu\/old\/?p=156178"},"modified":"2024-03-05T02:29:48","modified_gmt":"2024-03-05T01:29:48","slug":"17-kulonleges-macskafajta-amikert-komplett-vagyonokat-kell-fizetnunk-a-tenyesztoknek","status":"publish","type":"post","link":"https:\/\/liked.hu\/old\/allatok\/17-kulonleges-macskafajta-amikert-komplett-vagyonokat-kell-fizetnunk-a-tenyesztoknek\/","title":{"rendered":"17 k\u00fcl\u00f6nleges macskafajta, amik\u00e9rt komplett vagyonokat kell fizetn\u00fcnk a teny\u00e9szt\u0151knek"},"content":{"rendered":"<p>Term\u00e9szetesen nem csak a kutyatart\u00f3k k\u00e9pesek irre\u00e1lis \u00f6sszegeket kiadni egy-egy kiszemelt kis kedvenc\u00e9rt cser\u00e9be, a tehet\u0151sebb macskabolondok szint\u00e9n el\u0151szeretettel ny\u00falnak m\u00e9lyen a zseb\u00fckbe, ha \u00fagy tartja kedv\u00fck.<\/p>\n\n<div style=\"float:none;margin:0px 0 0px 0;text-align:center;\">\n<div class=\"mobileShowkakettes\"><div class=\"mobileShowka2\"><div style=\"padding-top:0px;padding-bottom:15px;min-height: 300px;\"><div class=\"hirdetes\">HIRDET\u00c9S<\/div>\n<!-- 300lista -->\n<ins class=\"adsbygoogle\"\n     style=\"display:inline-block;width:300px;height:250px\"\n     data-ad-client=\"ca-pub-9424088931673893\"\n     data-ad-slot=\"8471340766\"><\/ins>\n<script async>\n     (adsbygoogle = window.adsbygoogle || []).push({});\n<\/script><\/div><\/div><\/div><\/div>\n\n<p>A d\u00fasgazdag cicatart\u00f3k k\u00f6r\u00e9ben most az al\u00e1bbi 17 cicafajta a sl\u00e1ger, avagy \u0151k azok, akik\u00e9rt tulajdonk\u00e9ppen b\u00e1rmennyi p\u00e9nzt k\u00e9pesek kifizetni\u2026\ud83d\udc31<\/p>\n<div id=\"zombify-main-section-front\" class=\"zombify-main-section-front zombify-screen zf-media-full zf-screen-sm\">\n<div class=\"zf-container\">\n<div id=\"zf-countdown\" class=\"zf-countdown zf-list zf-numbered\">\n<ol class=\"zf-structure-list\">\n<li style=\"list-style-type: none;\">\n<ol class=\"zf-structure-list\">\n<li class=\"zf-list_item\">\n<div class=\"zf-list_header\">\n<h3 id=\"17\" class=\"zf-list_title\"><span class=\"zf-number\">17<\/span>&nbsp;NORV\u00c9G ERDEI MACSKA<\/h3>\n<\/div>\n<figure class=\"zf-list_media zf-media-wrapper zf-image zf-type-image\">\n<div class=\"zf-media\" title=\"NORV\u00c9G ERDEI MACSKA\">\n<div class=\"zf-media\" title=\"NORV\u00c9G ERDEI MACSKA\">\n<div class=\"bb-media-placeholder\"><img loading=\"lazy\" class=\"\" src=\"https:\/\/liked.hu\/old\/wp-content\/uploads\/2019\/07\/NorvC3A9g-erdei-macska.jpg\" sizes=\"(max-width: 650px) 100vw, 650px\" srcset=\"https:\/\/liked.hu\/old\/wp-content\/uploads\/2019\/07\/NorvC3A9g-erdei-macska.jpg 650w, https:\/\/liked.hu\/old\/wp-content\/uploads\/2019\/07\/NorvC3A9g-erdei-macska-229x300.jpg 229w, https:\/\/liked.hu\/old\/wp-content\/uploads\/2019\/07\/NorvC3A9g-erdei-macska-382x500.jpg 382w, https:\/\/liked.hu\/old\/wp-content\/uploads\/2019\/07\/NorvC3A9g-erdei-macska-360x471.jpg 360w, https:\/\/liked.hu\/old\/wp-content\/uploads\/2019\/07\/NorvC3A9g-erdei-macska-545x713.jpg 545w\" alt=\"\" width=\"650\" height=\"850\"><\/div>\n<\/div>\n<\/div><figcaption class=\"zf-figcaption\"><cite><a class=\"zf-media_credit\" href=\"https:\/\/liked.hu\/old\/kimeno.php?https:\/\/liked.hu\/old\/kimeno.php?https:\/\/www.wikipedia.org\/\" target=\"_blank\" rel=\"nofollow noopener\">\u00a9 wikip\u00e9dia \/ liked<\/a><\/cite><\/figcaption><\/figure>\n<div class=\"zf-countdown_description\">\n<p>Ezt a gy\u00f6ny\u00f6r\u0171 bund\u00e1st a vikingek h\u00e1zias\u00edtott\u00e1k 2000 \u00e9vvel ezel\u0151tt. Remek vad\u00e1sz, hossz\u00fa sz\u0151r\u00e9nek k\u00f6sz\u00f6nhet\u0151en pedig j\u00f3l viseli a hideget.<\/p>\n<\/div>\n<\/li>\n<li class=\"zf-list_item\">\n<div class=\"zf-list_header\">\n<h3 id=\"16\" class=\"zf-list_title\"><span class=\"zf-number\">16<\/span>&nbsp;HIMAL\u00c1JAI MACSKA<\/h3>\n<\/div>\n<figure class=\"zf-list_media zf-media-wrapper zf-image zf-type-image\">\n<div class=\"zf-media\" title=\"HIMAL\u00c1JAI MACSKA\">\n<div class=\"zf-media\" title=\"HIMAL\u00c1JAI MACSKA\">\n<div class=\"bb-media-placeholder\"><img loading=\"lazy\" class=\"\" src=\"https:\/\/liked.hu\/old\/wp-content\/uploads\/2019\/07\/HimalC3A1jai-macska.jpg\" sizes=\"(max-width: 650px) 100vw, 650px\" srcset=\"https:\/\/liked.hu\/old\/wp-content\/uploads\/2019\/07\/HimalC3A1jai-macska.jpg 650w, https:\/\/liked.hu\/old\/wp-content\/uploads\/2019\/07\/HimalC3A1jai-macska-229x300.jpg 229w, https:\/\/liked.hu\/old\/wp-content\/uploads\/2019\/07\/HimalC3A1jai-macska-382x500.jpg 382w, https:\/\/liked.hu\/old\/wp-content\/uploads\/2019\/07\/HimalC3A1jai-macska-360x471.jpg 360w, https:\/\/liked.hu\/old\/wp-content\/uploads\/2019\/07\/HimalC3A1jai-macska-545x713.jpg 545w\" alt=\"\" width=\"650\" height=\"850\"><\/div>\n<\/div>\n<\/div><figcaption class=\"zf-figcaption\"><cite><a class=\"zf-media_credit\" href=\"https:\/\/liked.hu\/old\/kimeno.php?https:\/\/liked.hu\/old\/kimeno.php?https:\/\/www.wikipedia.org\/\" target=\"_blank\" rel=\"nofollow noopener\">\u00a9 wikip\u00e9dia \/ liked<\/a><\/cite><\/figcaption><\/figure>\n<div class=\"zf-countdown_description\">\n<p>Olyan, mintha a perzsa \u00e9s a szi\u00e1mi macsk\u00e1kb\u00f3l lenne \u00f6sszegy\u00farva. Karakterisztikus k\u00e9k szeme \u00e9s bund\u00e1ja teszi jellegzetess\u00e9. 1950-ben nemes\u00edtett\u00e9k t\u00f6bb fajb\u00f3l az Egyes\u00fclt \u00c1llamokban. Bar\u00e1ts\u00e1gos, nyugodt fajta.<\/p>\n\n<div style=\"float:none;margin:0px 0 0px 0;text-align:center;\">\n<div class=\"mobileHideke5\"><div style=\"margin-top:25px;\"><div class=\"hirdeteshatter\"><div style=\"display: inline-block;width: 50%;min-width:305px;vertical-align: top;\"><div class=\"hirdetes\">HIRDET\u00c9S<\/div>\n<!-- LikedQ51 -->\n<ins class=\"adsbygoogle\"\n     style=\"display:inline-block;width:300px;height:250px\"\n     data-ad-client=\"ca-pub-9424088931673893\"\n     data-ad-slot=\"8284063326\"><\/ins>\n<script async>\n     (adsbygoogle = window.adsbygoogle || []).push({});\n<\/script><\/div><div style=\"display: inline-block;width: 50%;min-width:305px;vertical-align: top;\"><div class=\"hirdetes\">HIRDET\u00c9S<\/div>\n<!-- LikedQ52 -->\n<ins class=\"adsbygoogle\"\n     style=\"display:inline-block;width:300px;height:250px\"\n     data-ad-client=\"ca-pub-9424088931673893\"\n     data-ad-slot=\"2840164950\"><\/ins>\n<script async>\n     (adsbygoogle = window.adsbygoogle || []).push({});\n<\/script><\/div><\/div><\/div><\/div>\n<div style=\"display:flex;flex-direction:column;\"><div class=\"mobileShowka5\"><div style=\"padding-top:10px;padding-bottom:10px;min-height: 300px;\"><div class=\"hirdetes\">HIRDET\u00c9S<\/div>\n<!-- LikedQ5M -->\n<ins class=\"adsbygoogle\"\n     style=\"display:inline-block;width:300px;height:250px\"\n     data-ad-client=\"ca-pub-9424088931673893\"\n     data-ad-slot=\"9022429928\"><\/ins>\n<script async>\n     (adsbygoogle = window.adsbygoogle || []).push({});\n<\/script><\/div><\/div><\/div><\/div>\n\n<\/div>\n<\/li>\n<li class=\"zf-list_item\">\n<div class=\"zf-list_header\">\n<h3 id=\"15\" class=\"zf-list_title\"><span class=\"zf-number\">15<\/span>&nbsp;SK\u00d3T L\u00d3G\u00d3F\u00dcL\u0170 MACSKA<\/h3>\n<\/div>\n<figure class=\"zf-list_media zf-media-wrapper zf-image zf-type-image\">\n<div class=\"zf-media\" title=\"SK\u00d3T L\u00d3G\u00d3F\u00dcL\u0170 MACSKA\">\n<div class=\"zf-media\" title=\"SK\u00d3T L\u00d3G\u00d3F\u00dcL\u0170 MACSKA\">\n<div class=\"bb-media-placeholder\"><img loading=\"lazy\" class=\"\" src=\"https:\/\/liked.hu\/old\/wp-content\/uploads\/2019\/07\/SkC3B3t-lC3B3gC3B3fC3BClC5B1-macska.jpg\" sizes=\"(max-width: 650px) 100vw, 650px\" srcset=\"https:\/\/liked.hu\/old\/wp-content\/uploads\/2019\/07\/SkC3B3t-lC3B3gC3B3fC3BClC5B1-macska.jpg 650w, https:\/\/liked.hu\/old\/wp-content\/uploads\/2019\/07\/SkC3B3t-lC3B3gC3B3fC3BClC5B1-macska-229x300.jpg 229w, https:\/\/liked.hu\/old\/wp-content\/uploads\/2019\/07\/SkC3B3t-lC3B3gC3B3fC3BClC5B1-macska-382x500.jpg 382w, https:\/\/liked.hu\/old\/wp-content\/uploads\/2019\/07\/SkC3B3t-lC3B3gC3B3fC3BClC5B1-macska-360x471.jpg 360w, https:\/\/liked.hu\/old\/wp-content\/uploads\/2019\/07\/SkC3B3t-lC3B3gC3B3fC3BClC5B1-macska-545x713.jpg 545w\" alt=\"\" width=\"650\" height=\"850\"><\/div>\n<\/div>\n<\/div><figcaption class=\"zf-figcaption\"><cite><a class=\"zf-media_credit\" href=\"https:\/\/liked.hu\/old\/kimeno.php?https:\/\/liked.hu\/old\/kimeno.php?https:\/\/www.wikipedia.org\/\" target=\"_blank\" rel=\"nofollow noopener\">\u00a9 wikip\u00e9dia \/ liked<\/a><\/cite><\/figcaption><\/figure>\n<div class=\"zf-countdown_description\">\n<p>Nemcsak r\u00f6vid a f\u00fcle, de el\u0151re is billen &#8211; ilyesmivel egyik macskafaj sem b\u00fcszk\u00e9lkedhet, csak a sk\u00f3t kurta. Ez a f\u00fcl genetikai mut\u00e1ci\u00f3 eredm\u00e9nye &#8211; \u00e9s \u00e9pp ez teszi b\u00e1joss\u00e1 &#8211; \u00e9s dr\u00e1g\u00e1v\u00e1. Nagyon okos, csal\u00e1d-centrikus, j\u00e1t\u00e9kos macska.<\/p>\n<\/div>\n<\/li>\n<li class=\"zf-list_item\">\n<div class=\"zf-list_header\">\n<h3 id=\"14\" class=\"zf-list_title\"><span class=\"zf-number\">14<\/span>&nbsp;PETERBALD MACSKA<\/h3>\n<\/div>\n<figure class=\"zf-list_media zf-media-wrapper zf-image zf-type-image\">\n<div class=\"zf-media\" title=\"PETERBALD MACSKA\">\n<div class=\"zf-media\" title=\"PETERBALD MACSKA\">\n<div class=\"bb-media-placeholder\"><img loading=\"lazy\" class=\"\" src=\"https:\/\/liked.hu\/old\/wp-content\/uploads\/2019\/07\/Peterbald-macska.jpg\" sizes=\"(max-width: 650px) 100vw, 650px\" srcset=\"https:\/\/liked.hu\/old\/wp-content\/uploads\/2019\/07\/Peterbald-macska.jpg 650w, https:\/\/liked.hu\/old\/wp-content\/uploads\/2019\/07\/Peterbald-macska-229x300.jpg 229w, https:\/\/liked.hu\/old\/wp-content\/uploads\/2019\/07\/Peterbald-macska-382x500.jpg 382w, https:\/\/liked.hu\/old\/wp-content\/uploads\/2019\/07\/Peterbald-macska-360x471.jpg 360w, https:\/\/liked.hu\/old\/wp-content\/uploads\/2019\/07\/Peterbald-macska-545x713.jpg 545w\" alt=\"\" width=\"650\" height=\"850\"><\/div>\n<\/div>\n<\/div><figcaption class=\"zf-figcaption\"><cite><a class=\"zf-media_credit\" href=\"https:\/\/liked.hu\/old\/kimeno.php?https:\/\/liked.hu\/old\/kimeno.php?https:\/\/www.wikipedia.org\/\" target=\"_blank\" rel=\"nofollow noopener\">\u00a9 wikip\u00e9dia \/ liked<\/a><\/cite><\/figcaption><\/figure>\n<div class=\"zf-countdown_description\">\n<p>P\u00e9terv\u00e1ri szfinx n\u00e9ven is emlegetett, orosz eredet\u0171 macskafajta. V\u00e9kony test\u0171, \u00e9rdekes fejform\u00e1j\u00fa, nagyf\u00fcl\u0171 fajta. Szeret utazni, j\u00f3 a v\u00e9rm\u00e9rs\u00e9klete.<\/p>\n<\/div>\n<\/li>\n<li class=\"zf-list_item\">\n<div class=\"zf-list_header\">\n<h3 id=\"13\" class=\"zf-list_title\"><span class=\"zf-number\">13<\/span>&nbsp;EGYIPTOMI MAU<\/h3>\n<\/div>\n<figure class=\"zf-list_media zf-media-wrapper zf-image zf-type-image\">\n<div class=\"zf-media\" title=\"EGYIPTOMI MAU\">\n<div class=\"zf-media\" title=\"EGYIPTOMI MAU\">\n<div class=\"bb-media-placeholder\"><img loading=\"lazy\" class=\"\" src=\"https:\/\/liked.hu\/old\/wp-content\/uploads\/2019\/07\/Egyiptomi-mau.jpg\" sizes=\"(max-width: 650px) 100vw, 650px\" srcset=\"https:\/\/liked.hu\/old\/wp-content\/uploads\/2019\/07\/Egyiptomi-mau.jpg 650w, https:\/\/liked.hu\/old\/wp-content\/uploads\/2019\/07\/Egyiptomi-mau-229x300.jpg 229w, https:\/\/liked.hu\/old\/wp-content\/uploads\/2019\/07\/Egyiptomi-mau-382x500.jpg 382w, https:\/\/liked.hu\/old\/wp-content\/uploads\/2019\/07\/Egyiptomi-mau-360x471.jpg 360w, https:\/\/liked.hu\/old\/wp-content\/uploads\/2019\/07\/Egyiptomi-mau-545x713.jpg 545w\" alt=\"\" width=\"650\" height=\"850\"><\/div>\n<\/div>\n<\/div><figcaption class=\"zf-figcaption\"><cite><a class=\"zf-media_credit\" href=\"https:\/\/liked.hu\/old\/kimeno.php?https:\/\/liked.hu\/old\/kimeno.php?https:\/\/www.wikipedia.org\/\" target=\"_blank\" rel=\"nofollow noopener\">\u00a9 wikip\u00e9dia \/ liked<\/a><\/cite><\/figcaption><\/figure>\n<div class=\"zf-countdown_description\">\n<p>3000 \u00e9ves macskafajt\u00e1r\u00f3l van sz\u00f3 &#8211; az egyiptomi f\u00e1ra\u00f3k kedvenc j\u00f3sz\u00e1ga volt. Nemcsak a sz\u0151re, de alatta a b\u0151re is p\u00f6tty\u00f6s.<\/p>\n\n<div style=\"float:none;margin:0px 0 0px 0;text-align:center;\">\n<div class=\"mobileHideke8\"><div style=\"margin-top:25px;\"><div class=\"hirdeteshatter\"><div style=\"display: inline-block;width: 50%;min-width:340px;vertical-align: top;\"><div class=\"hirdetes\">HIRDET\u00c9S<\/div>\n<!-- Liked7Q1 -->\n<ins class=\"adsbygoogle\"\n     style=\"display:inline-block;width:336px;height:280px\"\n     data-ad-client=\"ca-pub-9424088931673893\"\n     data-ad-slot=\"3022062587\"><\/ins>\n<script async>\n     (adsbygoogle = window.adsbygoogle || []).push({});\n<\/script><\/div><div style=\"display: inline-block;width: 50%;min-width:340px;vertical-align: top;\"><div class=\"hirdetes\">HIRDET\u00c9S<\/div>\n<!-- Liked7Q2 -->\n<ins class=\"adsbygoogle\"\n     style=\"display:inline-block;width:336px;height:280px\"\n     data-ad-client=\"ca-pub-9424088931673893\"\n     data-ad-slot=\"3952000871\"><\/ins>\n<script async>\n     (adsbygoogle = window.adsbygoogle || []).push({});\n<\/script><\/div><\/div><\/div><\/div>\n<div style=\"display:flex;flex-direction:column;\"><div class=\"mobileShowka8\"><div style=\"padding-top:15px;margin-bottom:15px;min-height: 300px;\"><div class=\"hirdetes\">HIRDET\u00c9S<\/div>\n<!-- Liked7QMobil -->\n<ins class=\"adsbygoogle\"\n     style=\"display:inline-block;width:336px;height:280px\"\n     data-ad-client=\"ca-pub-9424088931673893\"\n     data-ad-slot=\"5073510857\"><\/ins>\n<script async>\n     (adsbygoogle = window.adsbygoogle || []).push({});\n<\/script><\/div><\/div><\/div><\/div>\n\n<\/div>\n<\/li>\n<li class=\"zf-list_item\">\n<div class=\"zf-list_header\">\n<h3 id=\"12\" class=\"zf-list_title\"><span class=\"zf-number\">12<\/span>&nbsp;MAINE COON<\/h3>\n<\/div>\n<figure class=\"zf-list_media zf-media-wrapper zf-image zf-type-image\">\n<div class=\"zf-media\" title=\"MAINE COON\">\n<div class=\"zf-media\" title=\"MAINE COON\">\n<div class=\"bb-media-placeholder\"><img loading=\"lazy\" class=\"\" src=\"https:\/\/liked.hu\/old\/wp-content\/uploads\/2019\/07\/Maine-Coon.jpg\" sizes=\"(max-width: 650px) 100vw, 650px\" srcset=\"https:\/\/liked.hu\/old\/wp-content\/uploads\/2019\/07\/Maine-Coon.jpg 650w, https:\/\/liked.hu\/old\/wp-content\/uploads\/2019\/07\/Maine-Coon-229x300.jpg 229w, https:\/\/liked.hu\/old\/wp-content\/uploads\/2019\/07\/Maine-Coon-382x500.jpg 382w, https:\/\/liked.hu\/old\/wp-content\/uploads\/2019\/07\/Maine-Coon-360x471.jpg 360w, https:\/\/liked.hu\/old\/wp-content\/uploads\/2019\/07\/Maine-Coon-545x713.jpg 545w\" alt=\"\" width=\"650\" height=\"850\"><\/div>\n<\/div>\n<\/div><figcaption class=\"zf-figcaption\"><cite><a class=\"zf-media_credit\" href=\"https:\/\/liked.hu\/old\/kimeno.php?https:\/\/liked.hu\/old\/kimeno.php?https:\/\/www.wikipedia.org\/\" target=\"_blank\" rel=\"nofollow noopener\">\u00a9 wikip\u00e9dia \/ liked<\/a><\/cite><\/figcaption><\/figure>\n<div class=\"zf-countdown_description\">\n<p>A vil\u00e1g legnagyobb termet\u0171 macsk\u00e1ja. Tests\u00falya el\u00e9rheti a 15 kil\u00f3t is, hossza ak\u00e1r t\u00f6bb mint 1 m\u00e9ter lehet. J\u00e1t\u00e9kos, m\u00e9rete ellen\u00e9re finom mozg\u00e1s\u00fa \u00f3ri\u00e1scica.<\/p>\n<\/div>\n<\/li>\n<li class=\"zf-list_item\">\n<div class=\"zf-list_header\">\n<h3 id=\"11\" class=\"zf-list_title\"><span class=\"zf-number\">11<\/span>&nbsp;LAPERM<\/h3>\n<\/div>\n<figure class=\"zf-list_media zf-media-wrapper zf-image zf-type-image\">\n<div class=\"zf-media\" title=\"LAPERM\">\n<div class=\"zf-media\" title=\"LAPERM\">\n<div class=\"bb-media-placeholder\"><img loading=\"lazy\" class=\"\" src=\"https:\/\/liked.hu\/old\/wp-content\/uploads\/2019\/07\/LaPerm.jpg\" sizes=\"(max-width: 650px) 100vw, 650px\" srcset=\"https:\/\/liked.hu\/old\/wp-content\/uploads\/2019\/07\/LaPerm.jpg 650w, https:\/\/liked.hu\/old\/wp-content\/uploads\/2019\/07\/LaPerm-229x300.jpg 229w, https:\/\/liked.hu\/old\/wp-content\/uploads\/2019\/07\/LaPerm-382x500.jpg 382w, https:\/\/liked.hu\/old\/wp-content\/uploads\/2019\/07\/LaPerm-360x471.jpg 360w, https:\/\/liked.hu\/old\/wp-content\/uploads\/2019\/07\/LaPerm-545x713.jpg 545w\" alt=\"\" width=\"650\" height=\"850\"><\/div>\n<\/div>\n<\/div><figcaption class=\"zf-figcaption\"><cite><a class=\"zf-media_credit\" href=\"https:\/\/liked.hu\/old\/kimeno.php?https:\/\/liked.hu\/old\/kimeno.php?https:\/\/www.wikipedia.org\/\" target=\"_blank\" rel=\"nofollow noopener\">\u00a9 wikip\u00e9dia \/ liked<\/a><\/cite><\/figcaption><\/figure>\n<div class=\"zf-countdown_description\">\n<p>Ezt a b\u00e1r\u00e1nybund\u00e1val rendelkez\u0151 h\u00e1zi ragadoz\u00f3t az 1980-as \u00e9vekben teny\u00e9sztett\u00e9k ki &#8211; hol m\u00e1shol, mint az erre szakosodott Egyes\u00fclt \u00c1llamokban.<\/p>\n<p>Furcsa bund\u00e1j\u00e1nak nagy el\u0151nye, hogy allerg\u00e9nmentes &#8211; a macskasz\u0151r-allergi\u00e1s macskabar\u00e1tok nagy \u00f6r\u00f6m\u00e9re.<\/p>\n<\/div>\n<\/li>\n<li class=\"zf-list_item\">\n<div class=\"zf-list_header\">\n<h3 id=\"10\" class=\"zf-list_title\"><span class=\"zf-number\">10<\/span>&nbsp;OROSZ K\u00c9K MACSKA<\/h3>\n<\/div>\n<figure class=\"zf-list_media zf-media-wrapper zf-image zf-type-image\">\n<div class=\"zf-media\" title=\"OROSZ K\u00c9K MACSKA\">\n<div class=\"zf-media\" title=\"OROSZ K\u00c9K MACSKA\">\n<div class=\"bb-media-placeholder\"><img loading=\"lazy\" class=\"\" src=\"https:\/\/liked.hu\/old\/wp-content\/uploads\/2019\/07\/Orosz-kC3A9k-macska.jpg\" sizes=\"(max-width: 650px) 100vw, 650px\" srcset=\"https:\/\/liked.hu\/old\/wp-content\/uploads\/2019\/07\/Orosz-kC3A9k-macska.jpg 650w, https:\/\/liked.hu\/old\/wp-content\/uploads\/2019\/07\/Orosz-kC3A9k-macska-229x300.jpg 229w, https:\/\/liked.hu\/old\/wp-content\/uploads\/2019\/07\/Orosz-kC3A9k-macska-382x500.jpg 382w, https:\/\/liked.hu\/old\/wp-content\/uploads\/2019\/07\/Orosz-kC3A9k-macska-360x471.jpg 360w, https:\/\/liked.hu\/old\/wp-content\/uploads\/2019\/07\/Orosz-kC3A9k-macska-545x713.jpg 545w\" alt=\"\" width=\"650\" height=\"850\"><\/div>\n<\/div>\n<\/div><figcaption class=\"zf-figcaption\"><cite><a class=\"zf-media_credit\" href=\"https:\/\/liked.hu\/old\/kimeno.php?https:\/\/liked.hu\/old\/kimeno.php?https:\/\/www.wikipedia.org\/\" target=\"_blank\" rel=\"nofollow noopener\">\u00a9 wikip\u00e9dia \/ liked<\/a><\/cite><\/figcaption><\/figure>\n<div class=\"zf-countdown_description\">\n<p>A gy\u00f6ny\u00f6r\u0171 orosz k\u00e9k a c\u00e1ri Oroszorsz\u00e1g term\u00e9ke 1893-b\u00f3l. A hagyom\u00e1ny szerint szerencs\u00e9t hoz a h\u00e1z lak\u00f3ira.<\/p>\n\n<div style=\"float:none;margin:0px 0 0px 0;text-align:center;\">\n<div class=\"mobileHideke8\"><div class=\"hirdeteshatter\"><div style=\"display: inline-block;width: 50%;min-width:340px;vertical-align: top;\"><div class=\"hirdetes\">HIRDET\u00c9S<\/div>\n<!-- LikedQ81 -->\n<ins class=\"adsbygoogle\"\n     style=\"display:inline-block;width:336px;height:280px\"\n     data-ad-client=\"ca-pub-9424088931673893\"\n     data-ad-slot=\"2436840276\"><\/ins>\n<script async>\n     (adsbygoogle = window.adsbygoogle || []).push({});\n<\/script><\/div><div style=\"display: inline-block;width: 50%;min-width:340px;vertical-align: top;\"><div class=\"hirdetes\">HIRDET\u00c9S<\/div>\n<!-- LikedQ82 -->\n<ins class=\"adsbygoogle\"\n     style=\"display:inline-block;width:336px;height:280px\"\n     data-ad-client=\"ca-pub-9424088931673893\"\n     data-ad-slot=\"3558350253\"><\/ins>\n<script async>\n     (adsbygoogle = window.adsbygoogle || []).push({});\n<\/script><\/div><\/div><\/div>\n<div style=\"display:flex;flex-direction:column;\"><div class=\"mobileShowka8 nyolc\"><div style=\"padding-top:15px;padding-bottom:5px;min-height: 300px;\"><div class=\"hirdetes\">HIRDET\u00c9S<\/div>\n<!-- LikedQ8M -->\n<ins class=\"adsbygoogle\"\n     style=\"display:inline-block;width:336px;height:280px\"\n     data-ad-client=\"ca-pub-9424088931673893\"\n     data-ad-slot=\"4679860235\"><\/ins>\n<script async>\n     (adsbygoogle = window.adsbygoogle || []).push({});\n<\/script><\/div><\/div><\/div><\/div>\n\n<\/div>\n<\/li>\n<li class=\"zf-list_item\">\n<div class=\"zf-list_header\">\n<h3 id=\"9\" class=\"zf-list_title\"><span class=\"zf-number\">9<\/span>&nbsp;SERENGETI MACSKA<\/h3>\n<\/div>\n<figure class=\"zf-list_media zf-media-wrapper zf-image zf-type-image\">\n<div class=\"zf-media\" title=\"SERENGETI MACSKA\">\n<div class=\"zf-media\" title=\"SERENGETI MACSKA\">\n<div class=\"bb-media-placeholder\"><img loading=\"lazy\" class=\"\" src=\"https:\/\/liked.hu\/old\/wp-content\/uploads\/2019\/07\/Serengeti-macska.jpg\" sizes=\"(max-width: 650px) 100vw, 650px\" srcset=\"https:\/\/liked.hu\/old\/wp-content\/uploads\/2019\/07\/Serengeti-macska.jpg 650w, https:\/\/liked.hu\/old\/wp-content\/uploads\/2019\/07\/Serengeti-macska-229x300.jpg 229w, https:\/\/liked.hu\/old\/wp-content\/uploads\/2019\/07\/Serengeti-macska-382x500.jpg 382w, https:\/\/liked.hu\/old\/wp-content\/uploads\/2019\/07\/Serengeti-macska-360x471.jpg 360w, https:\/\/liked.hu\/old\/wp-content\/uploads\/2019\/07\/Serengeti-macska-545x713.jpg 545w\" alt=\"\" width=\"650\" height=\"850\"><\/div>\n<\/div>\n<\/div><figcaption class=\"zf-figcaption\"><cite><a class=\"zf-media_credit\" href=\"https:\/\/liked.hu\/old\/kimeno.php?https:\/\/liked.hu\/old\/kimeno.php?https:\/\/www.wikipedia.org\/\" target=\"_blank\" rel=\"nofollow noopener\">\u00a9 wikip\u00e9dia \/ liked<\/a><\/cite><\/figcaption><\/figure>\n<div class=\"zf-countdown_description\">\n<p>A szerengeti nem t\u00fal r\u00e9gi fajta: alig 20 \u00e9ve sz\u00fclettek meg az els\u0151 p\u00e9ld\u00e1nyai. B\u00e1r az afrikai szerv\u00e1l\u00e9ra hasonl\u00edt a bund\u00e1ja, m\u00e9g sincs semmilyen kapcsolat a k\u00e9t faj k\u00f6z\u00f6tt: a szerengeti ereiben fele r\u00e9szt beng\u00e1li, fele r\u00e9szt pedig keleti r\u00f6vid sz\u0151r\u0171 v\u00e9r cs\u00f6rgedezik.<\/p>\n<p>Nagyon bar\u00e1ts\u00e1gos, kedves \u00e1llatok, ez\u00e9rt a teny\u00e9szt\u0151k \u00e9s a gazd\u00e1k k\u00f6z\u00f6tt is egyre n\u00e9pszer\u0171bb.<\/p>\n<\/div>\n<\/li>\n<li class=\"zf-list_item\">\n<div class=\"zf-list_header\">\n<h3 id=\"8\" class=\"zf-list_title\"><span class=\"zf-number\">8<\/span>&nbsp;ELF-MACSKA<\/h3>\n<\/div>\n<figure class=\"zf-list_media zf-media-wrapper zf-image zf-type-image\">\n<div class=\"zf-media\" title=\"ELF-MACSKA\">\n<div class=\"zf-media\" title=\"ELF-MACSKA\">\n<div class=\"bb-media-placeholder\"><img loading=\"lazy\" class=\"\" src=\"https:\/\/liked.hu\/old\/wp-content\/uploads\/2019\/07\/Elf-macska.jpg\" sizes=\"(max-width: 650px) 100vw, 650px\" srcset=\"https:\/\/liked.hu\/old\/wp-content\/uploads\/2019\/07\/Elf-macska.jpg 650w, https:\/\/liked.hu\/old\/wp-content\/uploads\/2019\/07\/Elf-macska-229x300.jpg 229w, https:\/\/liked.hu\/old\/wp-content\/uploads\/2019\/07\/Elf-macska-382x500.jpg 382w, https:\/\/liked.hu\/old\/wp-content\/uploads\/2019\/07\/Elf-macska-360x471.jpg 360w, https:\/\/liked.hu\/old\/wp-content\/uploads\/2019\/07\/Elf-macska-545x713.jpg 545w\" alt=\"\" width=\"650\" height=\"850\"><\/div>\n<\/div>\n<\/div><figcaption class=\"zf-figcaption\"><cite><a class=\"zf-media_credit\" href=\"https:\/\/liked.hu\/old\/kimeno.php?https:\/\/liked.hu\/old\/kimeno.php?https:\/\/www.wikipedia.org\/\" target=\"_blank\" rel=\"nofollow noopener\">\u00a9 wikip\u00e9dia \/ liked<\/a><\/cite><\/figcaption><\/figure>\n<div class=\"zf-countdown_description\">\n<p>H\u00edvhatjuk man\u00f3csk\u00e1nak is &#8211; bizarr k\u00fclseje, sz\u0151rtelen, gy\u0171r\u00f6tt b\u0151re, m\u00f3k\u00e1s fejszerkezete \u00e9s denev\u00e9rf\u00fcle ellen\u00e9re egy hihetetlen\u00fcl bar\u00e1ts\u00e1gos, kommunikat\u00edv, k\u00fcl\u00f6nleges \u00e1llatka. 2006 \u00f3ta teny\u00e9sztik az USA-ban.<\/p>\n<\/div>\n<\/li>\n<\/ol>\n<\/li>\n<\/ol>\n<p><!--nextpage--><\/p>\n<div id=\"zombify-main-section-front\" class=\"zombify-main-section-front zombify-screen zf-media-full zf-screen-sm\">\n<div class=\"zf-container\">\n<div id=\"zf-countdown\" class=\"zf-countdown zf-list zf-numbered\">\n<ol class=\"zf-structure-list\">\n<li class=\"zf-list_item\">\n<div class=\"zf-list_header\">\n<h3 id=\"7\" class=\"zf-list_title\"><span class=\"zf-number\">7<\/span>&nbsp;TOYGER<\/h3>\n<\/div>\n<figure class=\"zf-list_media zf-media-wrapper zf-image zf-type-image\">\n<div class=\"zf-media\" title=\"TOYGER\">\n<div class=\"zf-media\" title=\"TOYGER\">\n<div class=\"bb-media-placeholder\"><img loading=\"lazy\" class=\"\" src=\"https:\/\/liked.hu\/old\/wp-content\/uploads\/2019\/07\/Toyger.jpg\" sizes=\"(max-width: 650px) 100vw, 650px\" srcset=\"https:\/\/liked.hu\/old\/wp-content\/uploads\/2019\/07\/Toyger.jpg 650w, https:\/\/liked.hu\/old\/wp-content\/uploads\/2019\/07\/Toyger-229x300.jpg 229w, https:\/\/liked.hu\/old\/wp-content\/uploads\/2019\/07\/Toyger-382x500.jpg 382w, https:\/\/liked.hu\/old\/wp-content\/uploads\/2019\/07\/Toyger-360x471.jpg 360w, https:\/\/liked.hu\/old\/wp-content\/uploads\/2019\/07\/Toyger-545x713.jpg 545w\" alt=\"\" width=\"650\" height=\"850\"><\/div>\n<\/div>\n<\/div><figcaption class=\"zf-figcaption\"><cite><a class=\"zf-media_credit\" href=\"https:\/\/liked.hu\/old\/kimeno.php?https:\/\/liked.hu\/old\/kimeno.php?https:\/\/www.wikipedia.org\/\" target=\"_blank\" rel=\"nofollow noopener\">\u00a9 wikip\u00e9dia \/ liked<\/a><\/cite><\/figcaption><\/figure>\n<div class=\"zf-countdown_description\">\n<p>Egy \u00faj macskafaj, mely tulajdonk\u00e9ppen a tigris kicsiny\u00edtett m\u00e1sa. 1990-ben ker\u00fclt bejegyz\u00e9sre, mint \u00faj fajta a Nemzetk\u00f6zi Macska Egyes\u00fclet-n\u00e9l (TICA), 2000-ben megkapta meg az \u00faj, elismert fajta kinevez\u00e9st.<\/p>\n<\/div>\n<\/li>\n<li class=\"zf-list_item\">\n<div class=\"zf-list_header\">\n<h3 id=\"6\" class=\"zf-list_title\"><span class=\"zf-number\">6<\/span>&nbsp;AMERIKAI G\u00d6RBEF\u00dcL\u0170<\/h3>\n<\/div>\n<figure class=\"zf-list_media zf-media-wrapper zf-image zf-type-image\">\n<div class=\"zf-media\" title=\"AMERIKAI G\u00d6RBEF\u00dcL\u0170\">\n<div class=\"zf-media\" title=\"AMERIKAI G\u00d6RBEF\u00dcL\u0170\">\n<div class=\"bb-media-placeholder\"><img loading=\"lazy\" class=\"\" src=\"https:\/\/liked.hu\/old\/wp-content\/uploads\/2019\/07\/Amerikai-gC3B6rbefC3BClC5B1.jpg\" sizes=\"(max-width: 650px) 100vw, 650px\" srcset=\"https:\/\/liked.hu\/old\/wp-content\/uploads\/2019\/07\/Amerikai-gC3B6rbefC3BClC5B1.jpg 650w, https:\/\/liked.hu\/old\/wp-content\/uploads\/2019\/07\/Amerikai-gC3B6rbefC3BClC5B1-229x300.jpg 229w, https:\/\/liked.hu\/old\/wp-content\/uploads\/2019\/07\/Amerikai-gC3B6rbefC3BClC5B1-382x500.jpg 382w, https:\/\/liked.hu\/old\/wp-content\/uploads\/2019\/07\/Amerikai-gC3B6rbefC3BClC5B1-360x471.jpg 360w, https:\/\/liked.hu\/old\/wp-content\/uploads\/2019\/07\/Amerikai-gC3B6rbefC3BClC5B1-545x713.jpg 545w\" alt=\"\" width=\"650\" height=\"850\"><\/div>\n<\/div>\n<\/div><figcaption class=\"zf-figcaption\"><cite><a class=\"zf-media_credit\" href=\"https:\/\/liked.hu\/old\/kimeno.php?https:\/\/liked.hu\/old\/kimeno.php?https:\/\/www.wikipedia.org\/\" target=\"_blank\" rel=\"nofollow noopener\">\u00a9 wikip\u00e9dia \/ liked<\/a><\/cite><\/figcaption><\/figure>\n<div class=\"zf-countdown_description\">\n<p>Az amerikai g\u00f6rbef\u00fcl\u0171 macska kiegyens\u00falyozott szem\u00e9lyis\u00e9g, j\u00f3 term\u00e9szet\u0171. Az els\u0151 ilyen cica 1988-ban \u00e9rkezett Franciaorsz\u00e1gba (az els\u0151 alom 1989-ben sz\u00fcletett), Angil\u00e1ba 1995-ben jutott el. Rendk\u00edv\u00fcl ritka fajta, k\u00fcl\u00f6n\u00f6sen az Egyes\u00fclt \u00c1llamokon k\u00edv\u00fcl. Csintalan, j\u00e1t\u00e9kos, kellemes t\u00e1rs, aki csak a legritk\u00e1bb alkalmakkor &#8222;sz\u00f3lal meg&#8221;.<\/p>\n\n<div style=\"float:none;margin:0px 0 0px 0;text-align:center;\">\n<div class=\"mobileHideke5\"><div style=\"margin-top:25px;\"><div class=\"hirdeteshatter\"><div style=\"display: inline-block;width: 50%;min-width:305px;vertical-align: top;\"><div class=\"hirdetes\">HIRDET\u00c9S<\/div>\n<!-- LikedQ51 -->\n<ins class=\"adsbygoogle\"\n     style=\"display:inline-block;width:300px;height:250px\"\n     data-ad-client=\"ca-pub-9424088931673893\"\n     data-ad-slot=\"8284063326\"><\/ins>\n<script async>\n     (adsbygoogle = window.adsbygoogle || []).push({});\n<\/script><\/div><div style=\"display: inline-block;width: 50%;min-width:305px;vertical-align: top;\"><div class=\"hirdetes\">HIRDET\u00c9S<\/div>\n<!-- LikedQ52 -->\n<ins class=\"adsbygoogle\"\n     style=\"display:inline-block;width:300px;height:250px\"\n     data-ad-client=\"ca-pub-9424088931673893\"\n     data-ad-slot=\"2840164950\"><\/ins>\n<script async>\n     (adsbygoogle = window.adsbygoogle || []).push({});\n<\/script><\/div><\/div><\/div><\/div>\n<div style=\"display:flex;flex-direction:column;\"><div class=\"mobileShowka5\"><div style=\"padding-top:10px;padding-bottom:10px;min-height: 300px;\"><div class=\"hirdetes\">HIRDET\u00c9S<\/div>\n<!-- LikedQ5M -->\n<ins class=\"adsbygoogle\"\n     style=\"display:inline-block;width:300px;height:250px\"\n     data-ad-client=\"ca-pub-9424088931673893\"\n     data-ad-slot=\"9022429928\"><\/ins>\n<script async>\n     (adsbygoogle = window.adsbygoogle || []).push({});\n<\/script><\/div><\/div><\/div><\/div>\n\n<\/div>\n<\/li>\n<li class=\"zf-list_item\">\n<div class=\"zf-list_header\">\n<h3 id=\"5\" class=\"zf-list_title\"><span class=\"zf-number\">5<\/span>&nbsp;BENG\u00c1LI MACSKA<\/h3>\n<\/div>\n<figure class=\"zf-list_media zf-media-wrapper zf-image zf-type-image\">\n<div class=\"zf-media\" title=\"BENG\u00c1LI MACSKA\">\n<div class=\"zf-media\" title=\"BENG\u00c1LI MACSKA\">\n<div class=\"bb-media-placeholder\"><img loading=\"lazy\" class=\"\" src=\"https:\/\/liked.hu\/old\/wp-content\/uploads\/2019\/07\/BengC3A1li-macska.jpg\" sizes=\"(max-width: 650px) 100vw, 650px\" srcset=\"https:\/\/liked.hu\/old\/wp-content\/uploads\/2019\/07\/BengC3A1li-macska.jpg 650w, https:\/\/liked.hu\/old\/wp-content\/uploads\/2019\/07\/BengC3A1li-macska-229x300.jpg 229w, https:\/\/liked.hu\/old\/wp-content\/uploads\/2019\/07\/BengC3A1li-macska-382x500.jpg 382w, https:\/\/liked.hu\/old\/wp-content\/uploads\/2019\/07\/BengC3A1li-macska-360x471.jpg 360w, https:\/\/liked.hu\/old\/wp-content\/uploads\/2019\/07\/BengC3A1li-macska-545x713.jpg 545w\" alt=\"\" width=\"650\" height=\"850\"><\/div>\n<\/div>\n<\/div><figcaption class=\"zf-figcaption\"><cite><a class=\"zf-media_credit\" href=\"https:\/\/liked.hu\/old\/kimeno.php?https:\/\/liked.hu\/old\/kimeno.php?https:\/\/www.wikipedia.org\/\" target=\"_blank\" rel=\"nofollow noopener\">\u00a9 wikip\u00e9dia \/ liked<\/a><\/cite><\/figcaption><\/figure>\n<div class=\"zf-countdown_description\">\n<p>Ezt a fajt\u00e1t is egyre gyakrabban l\u00e1tni Magyarorsz\u00e1gon &#8211; kiteny\u00e9szt\u00e9s\u00e9hez \u00e1ll\u00edt\u00f3lag az \u00e1zsiai leop\u00e1rdot keresztezt\u00e9k a h\u00e1zi macsk\u00e1val. Meggy\u0151z\u0151 m\u00e9ret\u0171 \u00e9s k\u00fcllem\u0171 macsek &#8211; aki szeret \u00faszni, \u00e9s aki el nem mozdul gazd\u00e1ja mell\u0151l.<\/p>\n<\/div>\n<\/li>\n<li class=\"zf-list_item\">\n<div class=\"zf-list_header\">\n<h3 id=\"4\" class=\"zf-list_title\"><span class=\"zf-number\">4<\/span>&nbsp;SAFARI CICA<\/h3>\n<\/div>\n<figure class=\"zf-list_media zf-media-wrapper zf-image zf-type-image\">\n<div class=\"zf-media\" title=\"SAFARI CICA\">\n<div class=\"zf-media\" title=\"SAFARI CICA\">\n<div class=\"bb-media-placeholder\"><img loading=\"lazy\" class=\"\" src=\"https:\/\/liked.hu\/old\/wp-content\/uploads\/2019\/07\/Safari-cica.jpg\" sizes=\"(max-width: 650px) 100vw, 650px\" srcset=\"https:\/\/liked.hu\/old\/wp-content\/uploads\/2019\/07\/Safari-cica.jpg 650w, https:\/\/liked.hu\/old\/wp-content\/uploads\/2019\/07\/Safari-cica-229x300.jpg 229w, https:\/\/liked.hu\/old\/wp-content\/uploads\/2019\/07\/Safari-cica-382x500.jpg 382w, https:\/\/liked.hu\/old\/wp-content\/uploads\/2019\/07\/Safari-cica-360x471.jpg 360w, https:\/\/liked.hu\/old\/wp-content\/uploads\/2019\/07\/Safari-cica-545x713.jpg 545w\" alt=\"\" width=\"650\" height=\"850\"><\/div>\n<\/div>\n<\/div><figcaption class=\"zf-figcaption\"><cite><a class=\"zf-media_credit\" href=\"https:\/\/liked.hu\/old\/kimeno.php?https:\/\/liked.hu\/old\/kimeno.php?https:\/\/www.wikipedia.org\/\" target=\"_blank\" rel=\"nofollow noopener\">\u00a9 wikip\u00e9dia \/ liked<\/a><\/cite><\/figcaption><\/figure>\n<div class=\"zf-countdown_description\">\n<p>A h\u00e1zi macska \u00e9s egy D\u00e9l-Afrik\u00e1ban el\u0151fordul\u00f3 vadmacska keresztez\u00e9s\u00e9b\u0151l teny\u00e9sztett\u00e9k ki az 1970-es \u00e9vek elej\u00e9n. A 11 kil\u00f3t is el\u00e9rheti a s\u00falya.<\/p>\n<\/div>\n<\/li>\n<li class=\"zf-list_item\">\n<div class=\"zf-list_header\">\n<h3 id=\"3\" class=\"zf-list_title\"><span class=\"zf-number\">3<\/span>&nbsp;KHAO MANEE<\/h3>\n<\/div>\n<figure class=\"zf-list_media zf-media-wrapper zf-image zf-type-image\">\n<div class=\"zf-media\" title=\"KHAO MANEE\">\n<div class=\"zf-media\" title=\"KHAO MANEE\">\n<div class=\"bb-media-placeholder\"><img loading=\"lazy\" class=\"\" src=\"https:\/\/liked.hu\/old\/wp-content\/uploads\/2019\/07\/Khao-manee.jpg\" sizes=\"(max-width: 650px) 100vw, 650px\" srcset=\"https:\/\/liked.hu\/old\/wp-content\/uploads\/2019\/07\/Khao-manee.jpg 650w, https:\/\/liked.hu\/old\/wp-content\/uploads\/2019\/07\/Khao-manee-229x300.jpg 229w, https:\/\/liked.hu\/old\/wp-content\/uploads\/2019\/07\/Khao-manee-382x500.jpg 382w, https:\/\/liked.hu\/old\/wp-content\/uploads\/2019\/07\/Khao-manee-360x471.jpg 360w, https:\/\/liked.hu\/old\/wp-content\/uploads\/2019\/07\/Khao-manee-545x713.jpg 545w\" alt=\"\" width=\"650\" height=\"850\"><\/div>\n<\/div>\n<\/div><figcaption class=\"zf-figcaption\"><cite><a class=\"zf-media_credit\" href=\"https:\/\/liked.hu\/old\/kimeno.php?https:\/\/liked.hu\/old\/kimeno.php?https:\/\/www.wikipedia.org\/\" target=\"_blank\" rel=\"nofollow noopener\">\u00a9 wikip\u00e9dia \/ liked<\/a><\/cite><\/figcaption><\/figure>\n<div class=\"zf-countdown_description\">\n<p>Az \u00f3kori Szi\u00e1m ter\u00fclet\u00e9n ezek a felem\u00e1s szem\u0171 gy\u00f6ny\u00f6r\u0171s\u00e9gek a kir\u00e1lyi csal\u00e1d kiv\u00e1lts\u00e1gai voltak. A szerencs\u00e9t, a hossz\u00fa \u00e9letet \u00e9s az eg\u00e9szs\u00e9get szimboliz\u00e1lt\u00e1k. Nagyon r\u00e9gi fajt\u00e1r\u00f3l van sz\u00f3 teh\u00e1t. Az \u00e1ra miatt kev\u00e9ssi elterjedt.<\/p>\n\n<div style=\"float:none;margin:0px 0 0px 0;text-align:center;\">\n<div class=\"mobileHideke8\"><div class=\"hirdeteshatter\"><div style=\"display: inline-block;width: 50%;min-width:340px;vertical-align: top;\"><div class=\"hirdetes\">HIRDET\u00c9S<\/div>\n<!-- LikedQ81 -->\n<ins class=\"adsbygoogle\"\n     style=\"display:inline-block;width:336px;height:280px\"\n     data-ad-client=\"ca-pub-9424088931673893\"\n     data-ad-slot=\"2436840276\"><\/ins>\n<script async>\n     (adsbygoogle = window.adsbygoogle || []).push({});\n<\/script><\/div><div style=\"display: inline-block;width: 50%;min-width:340px;vertical-align: top;\"><div class=\"hirdetes\">HIRDET\u00c9S<\/div>\n<!-- LikedQ82 -->\n<ins class=\"adsbygoogle\"\n     style=\"display:inline-block;width:336px;height:280px\"\n     data-ad-client=\"ca-pub-9424088931673893\"\n     data-ad-slot=\"3558350253\"><\/ins>\n<script async>\n     (adsbygoogle = window.adsbygoogle || []).push({});\n<\/script><\/div><\/div><\/div>\n<div style=\"display:flex;flex-direction:column;\"><div class=\"mobileShowka8 nyolc\"><div style=\"padding-top:15px;padding-bottom:5px;min-height: 300px;\"><div class=\"hirdetes\">HIRDET\u00c9S<\/div>\n<!-- LikedQ8M -->\n<ins class=\"adsbygoogle\"\n     style=\"display:inline-block;width:336px;height:280px\"\n     data-ad-client=\"ca-pub-9424088931673893\"\n     data-ad-slot=\"4679860235\"><\/ins>\n<script async>\n     (adsbygoogle = window.adsbygoogle || []).push({});\n<\/script><\/div><\/div><\/div><\/div>\n\n<\/div>\n<\/li>\n<li class=\"zf-list_item\">\n<div class=\"zf-list_header\">\n<h3 id=\"2\" class=\"zf-list_title\"><span class=\"zf-number\">2<\/span>&nbsp;SZAVANNA<\/h3>\n<\/div>\n<figure class=\"zf-list_media zf-media-wrapper zf-image zf-type-image\">\n<div class=\"zf-media\" title=\"SZAVANNA\">\n<div class=\"zf-media\" title=\"SZAVANNA\">\n<div class=\"bb-media-placeholder\"><img loading=\"lazy\" class=\"\" src=\"https:\/\/liked.hu\/old\/wp-content\/uploads\/2019\/07\/Szavanna.jpg\" sizes=\"(max-width: 650px) 100vw, 650px\" srcset=\"https:\/\/liked.hu\/old\/wp-content\/uploads\/2019\/07\/Szavanna.jpg 650w, https:\/\/liked.hu\/old\/wp-content\/uploads\/2019\/07\/Szavanna-229x300.jpg 229w, https:\/\/liked.hu\/old\/wp-content\/uploads\/2019\/07\/Szavanna-382x500.jpg 382w, https:\/\/liked.hu\/old\/wp-content\/uploads\/2019\/07\/Szavanna-360x471.jpg 360w, https:\/\/liked.hu\/old\/wp-content\/uploads\/2019\/07\/Szavanna-545x713.jpg 545w\" alt=\"\" width=\"650\" height=\"850\"><\/div>\n<\/div>\n<\/div><figcaption class=\"zf-figcaption\"><cite><a class=\"zf-media_credit\" href=\"https:\/\/liked.hu\/old\/kimeno.php?https:\/\/liked.hu\/old\/kimeno.php?https:\/\/www.wikipedia.org\/\" target=\"_blank\" rel=\"nofollow noopener\">\u00a9 wikip\u00e9dia \/ liked<\/a><\/cite><\/figcaption><\/figure>\n<div class=\"zf-countdown_description\">\n<p>Az afrikai szerv\u00e1l \u00e9s h\u00e1zi macska keresztez\u00e9s\u00e9b\u0151l teny\u00e9sztett\u00e9k ki. \u00d3ri\u00e1si m\u00e9ret\u0171: a 15 kil\u00f3t is el\u00e9rheti, a magass\u00e1ga ak\u00e1r 60 centi is lehet. Magas intelligenci\u00e1j\u00fa, nyugodt term\u00e9szet\u0171, k\u00fcl\u00f6nleges, de akt\u00edv macska. Szeret f\u00fcrdeni, s\u00e9t\u00e1lni, kit\u0171n\u0151en vezethet\u0151 p\u00f3r\u00e1zon. Az \u00e1ra vetekszik egy jobb aut\u00f3\u00e9val.<\/p>\n<\/div>\n<\/li>\n<li class=\"zf-list_item\">\n<div class=\"zf-list_header\">\n<h3 id=\"1\" class=\"zf-list_title\"><span class=\"zf-number\">1<\/span>&nbsp;ASHERA<\/h3>\n<\/div>\n<figure class=\"zf-list_media zf-media-wrapper zf-image zf-type-image\">\n<div class=\"zf-media\" title=\"ASHERA\">\n<div class=\"zf-media\" title=\"ASHERA\">\n<div class=\"bb-media-placeholder\"><img loading=\"lazy\" class=\"\" src=\"https:\/\/liked.hu\/old\/wp-content\/uploads\/2019\/07\/Ashera.jpg\" sizes=\"(max-width: 650px) 100vw, 650px\" srcset=\"https:\/\/liked.hu\/old\/wp-content\/uploads\/2019\/07\/Ashera.jpg 650w, https:\/\/liked.hu\/old\/wp-content\/uploads\/2019\/07\/Ashera-229x300.jpg 229w, https:\/\/liked.hu\/old\/wp-content\/uploads\/2019\/07\/Ashera-382x500.jpg 382w, https:\/\/liked.hu\/old\/wp-content\/uploads\/2019\/07\/Ashera-360x471.jpg 360w, https:\/\/liked.hu\/old\/wp-content\/uploads\/2019\/07\/Ashera-545x713.jpg 545w\" alt=\"\" width=\"650\" height=\"850\"><\/div>\n<\/div>\n<\/div><figcaption class=\"zf-figcaption\"><cite><a class=\"zf-media_credit\" href=\"https:\/\/liked.hu\/old\/kimeno.php?https:\/\/liked.hu\/old\/kimeno.php?https:\/\/www.wikipedia.org\/\" target=\"_blank\" rel=\"nofollow noopener\">\u00a9 wikip\u00e9dia \/ liked<\/a><\/cite><\/figcaption><\/figure>\n<div class=\"zf-countdown_description\">\n<p>A vil\u00e1g legnagyobb, legritk\u00e1bb \u00e9s legegzotikusabb h\u00e1zi macsk\u00e1ja &#8211; \u00e9s term\u00e9szetesen egy\u00fattal a legdr\u00e1g\u00e1bb is. Egy Ashera macska \u00e1ra 22 ezer doll\u00e1rn\u00e1l, azaz valamivel t\u00f6bb, mint 6 milli\u00f3 forintn\u00e1l kezd\u0151dik.<\/p>\n<\/div>\n<\/li>\n<\/ol>\n<\/div>\n<\/div>\n<\/div>\n<\/div>\n<\/div>\n<\/div>\n","protected":false},"excerpt":{"rendered":"<p>Gy\u00f6ny\u00f6r\u0171ek, de borsos \u00e1ruk van.<\/p>\n","protected":false},"author":1,"featured_media":324575,"comment_status":"open","ping_status":"closed","sticky":false,"template":"","format":"standard","meta":{"buzzeditor_post_format":""},"categories":[46,23],"tags":[3244,1542,3243,20],"yoast_head":"<!-- This site is optimized with the Yoast SEO plugin v19.6.1 - https:\/\/yoast.com\/wordpress\/plugins\/seo\/ -->\n<title>17 k\u00fcl\u00f6nleges macskafajta, amik\u00e9rt komplett vagyonokat kell fizetn\u00fcnk a teny\u00e9szt\u0151knek<\/title>\n<meta name=\"description\" content=\"Gy\u00f6ny\u00f6r\u0171ek, de borsos \u00e1ruk van.\" \/>\n<meta name=\"robots\" content=\"index, follow, max-snippet:-1, max-image-preview:large, max-video-preview:-1\" \/>\n<link rel=\"canonical\" href=\"https:\/\/liked.hu\/old\/allatok\/17-kulonleges-macskafajta-amikert-komplett-vagyonokat-kell-fizetnunk-a-tenyesztoknek\/\" \/>\n<link rel=\"next\" href=\"https:\/\/liked.hu\/old\/allatok\/17-kulonleges-macskafajta-amikert-komplett-vagyonokat-kell-fizetnunk-a-tenyesztoknek\/2\/\" \/>\n<meta property=\"og:locale\" content=\"hu_HU\" \/>\n<meta property=\"og:type\" content=\"article\" \/>\n<meta property=\"og:title\" content=\"17 k\u00fcl\u00f6nleges macskafajta, amik\u00e9rt komplett vagyonokat kell fizetn\u00fcnk a teny\u00e9szt\u0151knek\" \/>\n<meta property=\"og:description\" content=\"Gy\u00f6ny\u00f6r\u0171ek, de borsos \u00e1ruk van.\" \/>\n<meta property=\"og:url\" content=\"https:\/\/liked.hu\/old\/allatok\/17-kulonleges-macskafajta-amikert-komplett-vagyonokat-kell-fizetnunk-a-tenyesztoknek\/\" \/>\n<meta property=\"og:site_name\" content=\"Liked.hu\" \/>\n<meta property=\"article:publisher\" content=\"https:\/\/www.facebook.com\/liked.hu\" \/>\n<meta property=\"article:author\" content=\"https:\/\/facebook.com\/liked.hu\" \/>\n<meta property=\"article:published_time\" content=\"2024-03-05T01:29:41+00:00\" \/>\n<meta property=\"article:modified_time\" content=\"2024-03-05T01:29:48+00:00\" \/>\n<meta property=\"og:image\" content=\"https:\/\/liked.hu\/old\/wp-content\/uploads\/2019\/07\/Legszebb-cicak.jpg\" \/>\n\t<meta property=\"og:image:width\" content=\"1200\" \/>\n\t<meta property=\"og:image:height\" content=\"630\" \/>\n\t<meta property=\"og:image:type\" content=\"image\/jpeg\" \/>\n<meta name=\"author\" content=\"VictorN.\" \/>\n<meta name=\"twitter:card\" content=\"summary\" \/>\n<meta name=\"twitter:creator\" content=\"@https:\/\/twitter.com\/likedhu\" \/>\n<meta name=\"twitter:site\" content=\"@LikedHu\" \/>\n<meta name=\"twitter:label1\" content=\"Szerz\u0151:\" \/>\n\t<meta name=\"twitter:data1\" content=\"VictorN.\" \/>\n\t<meta name=\"twitter:label2\" content=\"Becs\u00fclt olvas\u00e1si id\u0151\" \/>\n\t<meta name=\"twitter:data2\" content=\"1 perc\" \/>\n<script type=\"application\/ld+json\" class=\"yoast-schema-graph\">{\"@context\":\"https:\/\/schema.org\",\"@graph\":[{\"@type\":\"Article\",\"@id\":\"https:\/\/liked.hu\/old\/allatok\/17-kulonleges-macskafajta-amikert-komplett-vagyonokat-kell-fizetnunk-a-tenyesztoknek\/#article\",\"isPartOf\":{\"@id\":\"https:\/\/liked.hu\/old\/allatok\/17-kulonleges-macskafajta-amikert-komplett-vagyonokat-kell-fizetnunk-a-tenyesztoknek\/\"},\"author\":{\"name\":\"VictorN.\",\"@id\":\"https:\/\/liked.hu\/old\/#\/schema\/person\/02fa522b959d0531c9c34b0d531a7464\"},\"headline\":\"17 k\u00fcl\u00f6nleges macskafajta, amik\u00e9rt komplett vagyonokat kell fizetn\u00fcnk a teny\u00e9szt\u0151knek\",\"datePublished\":\"2024-03-05T01:29:41+00:00\",\"dateModified\":\"2024-03-05T01:29:48+00:00\",\"mainEntityOfPage\":{\"@id\":\"https:\/\/liked.hu\/old\/allatok\/17-kulonleges-macskafajta-amikert-komplett-vagyonokat-kell-fizetnunk-a-tenyesztoknek\/\"},\"wordCount\":987,\"commentCount\":4,\"publisher\":{\"@id\":\"https:\/\/liked.hu\/old\/#organization\"},\"keywords\":[\"cic\u00e1k\",\"legdr\u00e1g\u00e1bb\",\"macsk\u00e1k\",\"top\"],\"articleSection\":[\"\u00c1llatok\",\"\u00c9rdekess\u00e9gek\"],\"inLanguage\":\"hu\",\"potentialAction\":[{\"@type\":\"CommentAction\",\"name\":\"Comment\",\"target\":[\"https:\/\/liked.hu\/old\/allatok\/17-kulonleges-macskafajta-amikert-komplett-vagyonokat-kell-fizetnunk-a-tenyesztoknek\/#respond\"]}]},{\"@type\":\"WebPage\",\"@id\":\"https:\/\/liked.hu\/old\/allatok\/17-kulonleges-macskafajta-amikert-komplett-vagyonokat-kell-fizetnunk-a-tenyesztoknek\/\",\"url\":\"https:\/\/liked.hu\/old\/allatok\/17-kulonleges-macskafajta-amikert-komplett-vagyonokat-kell-fizetnunk-a-tenyesztoknek\/\",\"name\":\"17 k\u00fcl\u00f6nleges macskafajta, amik\u00e9rt komplett vagyonokat kell fizetn\u00fcnk a teny\u00e9szt\u0151knek\",\"isPartOf\":{\"@id\":\"https:\/\/liked.hu\/old\/#website\"},\"datePublished\":\"2024-03-05T01:29:41+00:00\",\"dateModified\":\"2024-03-05T01:29:48+00:00\",\"description\":\"Gy\u00f6ny\u00f6r\u0171ek, de borsos \u00e1ruk van.\",\"breadcrumb\":{\"@id\":\"https:\/\/liked.hu\/old\/allatok\/17-kulonleges-macskafajta-amikert-komplett-vagyonokat-kell-fizetnunk-a-tenyesztoknek\/#breadcrumb\"},\"inLanguage\":\"hu\",\"potentialAction\":[{\"@type\":\"ReadAction\",\"target\":[\"https:\/\/liked.hu\/old\/allatok\/17-kulonleges-macskafajta-amikert-komplett-vagyonokat-kell-fizetnunk-a-tenyesztoknek\/\"]}]},{\"@type\":\"BreadcrumbList\",\"@id\":\"https:\/\/liked.hu\/old\/allatok\/17-kulonleges-macskafajta-amikert-komplett-vagyonokat-kell-fizetnunk-a-tenyesztoknek\/#breadcrumb\",\"itemListElement\":[{\"@type\":\"ListItem\",\"position\":1,\"name\":\"Kezd\u0151lap\"}]},{\"@type\":\"WebSite\",\"@id\":\"https:\/\/liked.hu\/old\/#website\",\"url\":\"https:\/\/liked.hu\/old\/\",\"name\":\"Liked.hu\",\"description\":\"\",\"publisher\":{\"@id\":\"https:\/\/liked.hu\/old\/#organization\"},\"potentialAction\":[{\"@type\":\"SearchAction\",\"target\":{\"@type\":\"EntryPoint\",\"urlTemplate\":\"https:\/\/liked.hu\/old\/?s={search_term_string}\"},\"query-input\":\"required name=search_term_string\"}],\"inLanguage\":\"hu\"},{\"@type\":\"Organization\",\"@id\":\"https:\/\/liked.hu\/old\/#organization\",\"name\":\"Liked.hu\",\"url\":\"https:\/\/liked.hu\/old\/\",\"sameAs\":[\"https:\/\/hu.pinterest.com\/likedhungary\/\",\"https:\/\/www.youtube.com\/channel\/UCPv91dbMoIukYcM9b9nHN6Q\",\"https:\/\/www.facebook.com\/liked.hu\",\"https:\/\/twitter.com\/LikedHu\"],\"logo\":{\"@type\":\"ImageObject\",\"inLanguage\":\"hu\",\"@id\":\"https:\/\/liked.hu\/old\/#\/schema\/logo\/image\/\",\"url\":\"https:\/\/liked.hu\/wp-content\/uploads\/2018\/08\/Liked-icon.png\",\"contentUrl\":\"https:\/\/liked.hu\/wp-content\/uploads\/2018\/08\/Liked-icon.png\",\"width\":512,\"height\":512,\"caption\":\"Liked.hu\"},\"image\":{\"@id\":\"https:\/\/liked.hu\/old\/#\/schema\/logo\/image\/\"}},{\"@type\":\"Person\",\"@id\":\"https:\/\/liked.hu\/old\/#\/schema\/person\/02fa522b959d0531c9c34b0d531a7464\",\"name\":\"VictorN.\",\"image\":{\"@type\":\"ImageObject\",\"inLanguage\":\"hu\",\"@id\":\"https:\/\/liked.hu\/old\/#\/schema\/person\/image\/\",\"url\":\"https:\/\/liked.hu\/old\/wp-content\/uploads\/avatars\/1\/1683660043-bpfull.jpg\",\"contentUrl\":\"https:\/\/liked.hu\/old\/wp-content\/uploads\/avatars\/1\/1683660043-bpfull.jpg\",\"caption\":\"VictorN.\"},\"description\":\"A Liked.hu szerkeszt\u0151je vagyok, m\u00e1r az id\u0151k kezdete \u00f3ta. Szabadid\u0151mben Jedi lovag \u00e9s Pok\u00e9mester. Puszilom \u00e9desany\u00e1mat.\",\"sameAs\":[\"https:\/\/liked.hu\",\"https:\/\/facebook.com\/liked.hu\",\"https:\/\/www.instagram.com\/likedhu\/\",\"https:\/\/pinterest.com\/likedhu\",\"https:\/\/twitter.com\/https:\/\/twitter.com\/likedhu\",\"https:\/\/www.youtube.com\/channel\/UCPv91dbMoIukYcM9b9nHN6Q\"],\"url\":\"https:\/\/liked.hu\/old\/u\/victorn\/\"}]}<\/script>\n<!-- \/ Yoast SEO plugin. -->","yoast_head_json":{"title":"17 k\u00fcl\u00f6nleges macskafajta, amik\u00e9rt komplett vagyonokat kell fizetn\u00fcnk a teny\u00e9szt\u0151knek","description":"Gy\u00f6ny\u00f6r\u0171ek, de borsos \u00e1ruk van.","robots":{"index":"index","follow":"follow","max-snippet":"max-snippet:-1","max-image-preview":"max-image-preview:large","max-video-preview":"max-video-preview:-1"},"canonical":"https:\/\/liked.hu\/old\/allatok\/17-kulonleges-macskafajta-amikert-komplett-vagyonokat-kell-fizetnunk-a-tenyesztoknek\/","next":"https:\/\/liked.hu\/old\/allatok\/17-kulonleges-macskafajta-amikert-komplett-vagyonokat-kell-fizetnunk-a-tenyesztoknek\/2\/","og_locale":"hu_HU","og_type":"article","og_title":"17 k\u00fcl\u00f6nleges macskafajta, amik\u00e9rt komplett vagyonokat kell fizetn\u00fcnk a teny\u00e9szt\u0151knek","og_description":"Gy\u00f6ny\u00f6r\u0171ek, de borsos \u00e1ruk van.","og_url":"https:\/\/liked.hu\/old\/allatok\/17-kulonleges-macskafajta-amikert-komplett-vagyonokat-kell-fizetnunk-a-tenyesztoknek\/","og_site_name":"Liked.hu","article_publisher":"https:\/\/www.facebook.com\/liked.hu","article_author":"https:\/\/facebook.com\/liked.hu","article_published_time":"2024-03-05T01:29:41+00:00","article_modified_time":"2024-03-05T01:29:48+00:00","og_image":[{"width":1200,"height":630,"url":"https:\/\/liked.hu\/old\/wp-content\/uploads\/2019\/07\/Legszebb-cicak.jpg","type":"image\/jpeg"}],"author":"VictorN.","twitter_card":"summary","twitter_creator":"@https:\/\/twitter.com\/likedhu","twitter_site":"@LikedHu","twitter_misc":{"Szerz\u0151:":"VictorN.","Becs\u00fclt olvas\u00e1si id\u0151":"1 perc"},"schema":{"@context":"https:\/\/schema.org","@graph":[{"@type":"Article","@id":"https:\/\/liked.hu\/old\/allatok\/17-kulonleges-macskafajta-amikert-komplett-vagyonokat-kell-fizetnunk-a-tenyesztoknek\/#article","isPartOf":{"@id":"https:\/\/liked.hu\/old\/allatok\/17-kulonleges-macskafajta-amikert-komplett-vagyonokat-kell-fizetnunk-a-tenyesztoknek\/"},"author":{"name":"VictorN.","@id":"https:\/\/liked.hu\/old\/#\/schema\/person\/02fa522b959d0531c9c34b0d531a7464"},"headline":"17 k\u00fcl\u00f6nleges macskafajta, amik\u00e9rt komplett vagyonokat kell fizetn\u00fcnk a teny\u00e9szt\u0151knek","datePublished":"2024-03-05T01:29:41+00:00","dateModified":"2024-03-05T01:29:48+00:00","mainEntityOfPage":{"@id":"https:\/\/liked.hu\/old\/allatok\/17-kulonleges-macskafajta-amikert-komplett-vagyonokat-kell-fizetnunk-a-tenyesztoknek\/"},"wordCount":987,"commentCount":4,"publisher":{"@id":"https:\/\/liked.hu\/old\/#organization"},"keywords":["cic\u00e1k","legdr\u00e1g\u00e1bb","macsk\u00e1k","top"],"articleSection":["\u00c1llatok","\u00c9rdekess\u00e9gek"],"inLanguage":"hu","potentialAction":[{"@type":"CommentAction","name":"Comment","target":["https:\/\/liked.hu\/old\/allatok\/17-kulonleges-macskafajta-amikert-komplett-vagyonokat-kell-fizetnunk-a-tenyesztoknek\/#respond"]}]},{"@type":"WebPage","@id":"https:\/\/liked.hu\/old\/allatok\/17-kulonleges-macskafajta-amikert-komplett-vagyonokat-kell-fizetnunk-a-tenyesztoknek\/","url":"https:\/\/liked.hu\/old\/allatok\/17-kulonleges-macskafajta-amikert-komplett-vagyonokat-kell-fizetnunk-a-tenyesztoknek\/","name":"17 k\u00fcl\u00f6nleges macskafajta, amik\u00e9rt komplett vagyonokat kell fizetn\u00fcnk a teny\u00e9szt\u0151knek","isPartOf":{"@id":"https:\/\/liked.hu\/old\/#website"},"datePublished":"2024-03-05T01:29:41+00:00","dateModified":"2024-03-05T01:29:48+00:00","description":"Gy\u00f6ny\u00f6r\u0171ek, de borsos \u00e1ruk van.","breadcrumb":{"@id":"https:\/\/liked.hu\/old\/allatok\/17-kulonleges-macskafajta-amikert-komplett-vagyonokat-kell-fizetnunk-a-tenyesztoknek\/#breadcrumb"},"inLanguage":"hu","potentialAction":[{"@type":"ReadAction","target":["https:\/\/liked.hu\/old\/allatok\/17-kulonleges-macskafajta-amikert-komplett-vagyonokat-kell-fizetnunk-a-tenyesztoknek\/"]}]},{"@type":"BreadcrumbList","@id":"https:\/\/liked.hu\/old\/allatok\/17-kulonleges-macskafajta-amikert-komplett-vagyonokat-kell-fizetnunk-a-tenyesztoknek\/#breadcrumb","itemListElement":[{"@type":"ListItem","position":1,"name":"Kezd\u0151lap"}]},{"@type":"WebSite","@id":"https:\/\/liked.hu\/old\/#website","url":"https:\/\/liked.hu\/old\/","name":"Liked.hu","description":"","publisher":{"@id":"https:\/\/liked.hu\/old\/#organization"},"potentialAction":[{"@type":"SearchAction","target":{"@type":"EntryPoint","urlTemplate":"https:\/\/liked.hu\/old\/?s={search_term_string}"},"query-input":"required name=search_term_string"}],"inLanguage":"hu"},{"@type":"Organization","@id":"https:\/\/liked.hu\/old\/#organization","name":"Liked.hu","url":"https:\/\/liked.hu\/old\/","sameAs":["https:\/\/hu.pinterest.com\/likedhungary\/","https:\/\/www.youtube.com\/channel\/UCPv91dbMoIukYcM9b9nHN6Q","https:\/\/www.facebook.com\/liked.hu","https:\/\/twitter.com\/LikedHu"],"logo":{"@type":"ImageObject","inLanguage":"hu","@id":"https:\/\/liked.hu\/old\/#\/schema\/logo\/image\/","url":"https:\/\/liked.hu\/wp-content\/uploads\/2018\/08\/Liked-icon.png","contentUrl":"https:\/\/liked.hu\/wp-content\/uploads\/2018\/08\/Liked-icon.png","width":512,"height":512,"caption":"Liked.hu"},"image":{"@id":"https:\/\/liked.hu\/old\/#\/schema\/logo\/image\/"}},{"@type":"Person","@id":"https:\/\/liked.hu\/old\/#\/schema\/person\/02fa522b959d0531c9c34b0d531a7464","name":"VictorN.","image":{"@type":"ImageObject","inLanguage":"hu","@id":"https:\/\/liked.hu\/old\/#\/schema\/person\/image\/","url":"https:\/\/liked.hu\/old\/wp-content\/uploads\/avatars\/1\/1683660043-bpfull.jpg","contentUrl":"https:\/\/liked.hu\/old\/wp-content\/uploads\/avatars\/1\/1683660043-bpfull.jpg","caption":"VictorN."},"description":"A Liked.hu szerkeszt\u0151je vagyok, m\u00e1r az id\u0151k kezdete \u00f3ta. Szabadid\u0151mben Jedi lovag \u00e9s Pok\u00e9mester. Puszilom \u00e9desany\u00e1mat.","sameAs":["https:\/\/liked.hu","https:\/\/facebook.com\/liked.hu","https:\/\/www.instagram.com\/likedhu\/","https:\/\/pinterest.com\/likedhu","https:\/\/twitter.com\/https:\/\/twitter.com\/likedhu","https:\/\/www.youtube.com\/channel\/UCPv91dbMoIukYcM9b9nHN6Q"],"url":"https:\/\/liked.hu\/old\/u\/victorn\/"}]}},"publishpress_future_action":{"enabled":false,"date":"1970-01-01 01:00:00","action":"","terms":[],"taxonomy":"","browser_timezone_offset":0},"_links":{"self":[{"href":"https:\/\/liked.hu\/old\/wp-json\/wp\/v2\/posts\/156178"}],"collection":[{"href":"https:\/\/liked.hu\/old\/wp-json\/wp\/v2\/posts"}],"about":[{"href":"https:\/\/liked.hu\/old\/wp-json\/wp\/v2\/types\/post"}],"author":[{"embeddable":true,"href":"https:\/\/liked.hu\/old\/wp-json\/wp\/v2\/users\/1"}],"replies":[{"embeddable":true,"href":"https:\/\/liked.hu\/old\/wp-json\/wp\/v2\/comments?post=156178"}],"version-history":[{"count":0,"href":"https:\/\/liked.hu\/old\/wp-json\/wp\/v2\/posts\/156178\/revisions"}],"wp:featuredmedia":[{"embeddable":true,"href":"https:\/\/liked.hu\/old\/wp-json\/wp\/v2\/media\/324575"}],"wp:attachment":[{"href":"https:\/\/liked.hu\/old\/wp-json\/wp\/v2\/media?parent=156178"}],"wp:term":[{"taxonomy":"category","embeddable":true,"href":"https:\/\/liked.hu\/old\/wp-json\/wp\/v2\/categories?post=156178"},{"taxonomy":"post_tag","embeddable":true,"href":"https:\/\/liked.hu\/old\/wp-json\/wp\/v2\/tags?post=156178"}],"curies":[{"name":"wp","href":"https:\/\/api.w.org\/{rel}","templated":true}]}}