{"id":153454,"date":"2019-07-25T15:09:26","date_gmt":"2019-07-25T13:09:26","guid":{"rendered":"https:\/\/liked.hu\/old\/?p=153454"},"modified":"2022-09-06T01:37:43","modified_gmt":"2022-09-05T23:37:43","slug":"12-kamu-internetes-foto","status":"publish","type":"post","link":"https:\/\/liked.hu\/old\/erdekes\/12-kamu-internetes-foto\/","title":{"rendered":"12 internetes fot\u00f3, amin mindenki csod\u00e1lkozott m\u00e1r, pedig egy ordas nagy hazugs\u00e1g"},"content":{"rendered":"<p>Mind l\u00e1ttuk m\u00e1r ezeket a k\u00e9peket, legt\u00f6bbj\u00fck\u00f6n pedig val\u00f3sz\u00edn\u0171leg mi magunk is \u00e1muldoztunk egy nagyot an\u00e9lk\u00fcl, hogy egy percig is megk\u00e9rd\u0151jelezt\u00fck volna azok val\u00f3dis\u00e1g\u00e1t.<\/p>\n\n<div style=\"float:none;margin:0px 0 0px 0;text-align:center;\">\n<div class=\"mobileShowkakettes\"><div class=\"mobileShowka2\"><div style=\"padding-top:0px;padding-bottom:15px;min-height: 300px;\"><div class=\"hirdetes\">HIRDET\u00c9S<\/div>\n<!-- 300lista -->\n<ins class=\"adsbygoogle\"\n     style=\"display:inline-block;width:300px;height:250px\"\n     data-ad-client=\"ca-pub-9424088931673893\"\n     data-ad-slot=\"8471340766\"><\/ins>\n<script async>\n     (adsbygoogle = window.adsbygoogle || []).push({});\n<\/script><\/div><\/div><\/div><\/div>\n\n<p>Pedig nem \u00e1rtott volna, hiszen mint tudjuk, az interneten semmi sem az, aminek l\u00e1tszik, \u00edgy t\u00f6bbek k\u00f6z\u00f6tt az al\u00e1bbi fot\u00f3k sem, melyekr\u0151l ut\u00f3lag egyt\u0151l-egyig kider\u00fclt, hogy val\u00f3j\u00e1ban csak j\u00f3l megszerkesztett Photoshoppos \u00e1tver\u00e9sek, semmi t\u00f6bb.<\/p>\n<div id=\"zombify-main-section-front\" class=\"zombify-main-section-front zombify-screen zf-media-full\">\r\n\t<link rel=\"stylesheet\" type=\"text\/css\" href=\"https:\/\/liked.hu\/old\/js\/zombify.css\">\r\n    <link rel=\"stylesheet\" type=\"text\/css\" href=\"https:\/\/liked.hu\/old\/wp-content\/themes\/newsy-child\/style.css\">\r\n\t<div class=\"zf-container\">\r\n\t\t<div id=\"zf-list\" class=\"zf-list zf-numbered\">\r\n\t\t\t<ol class=\"zf-structure-list\">\r\n\t\t\t\t\t\t\t\t\t\t<li class=\"zf-list_item\">\r\n\t\t\t\t\t\t\t<div class=\"zf-list_header\">\r\n\t\t\t\t\t\t\t\t<h3 id=\"listaelem1\" class=\"zf-list_title\">\r\n\t\t\t\t\t\t\t\t\t<span class=\"zf-number\">1<\/span>\r\n\t\t\t\t\t\t\t\t\tC\u00e1pat\u00e1mad\u00e1s\t\t\t\t\t\t\t\t<\/h3>\r\n\t\t\t\t\t\t\t<\/div>\r\n\t\t\t\t\t\t\t\t\t\t\t\t\t\t\t<figure class=\"zf-list_media zf-media-wrapper zf-image zf-type-image\">\r\n\t\t\t\t\t\t\t\t\t<div title=\"C\u00e1pat\u00e1mad\u00e1s\" alt=\"C\u00e1pat\u00e1mad\u00e1s\" class=\"zf-media\">\r\n\t\t\t\t\t\t\t\t\t\t<img width=\"650\" height=\"487\" src=\"https:\/\/liked.hu\/old\/wp-content\/uploads\/2019\/07\/7223303872223306.jpg\" class=\"\" alt=\"\" loading=\"lazy\" style=\"\" srcset=\"https:\/\/liked.hu\/old\/wp-content\/uploads\/2019\/07\/7223303872223306.jpg 650w, https:\/\/liked.hu\/old\/wp-content\/uploads\/2019\/07\/7223303872223306-300x225.jpg 300w, https:\/\/liked.hu\/old\/wp-content\/uploads\/2019\/07\/7223303872223306-500x375.jpg 500w, https:\/\/liked.hu\/old\/wp-content\/uploads\/2019\/07\/7223303872223306-200x150.jpg 200w, https:\/\/liked.hu\/old\/wp-content\/uploads\/2019\/07\/7223303872223306-360x270.jpg 360w, https:\/\/liked.hu\/old\/wp-content\/uploads\/2019\/07\/7223303872223306-545x408.jpg 545w\" sizes=\"(max-width: 650px) 100vw, 650px\" \/>\t\t\t\t\t\t\t\t\t\t\t<figcaption class=\"zf-figcaption\">\r\n\t\t\t\t\t\t\t\t\t\t\t\t\t\t\t\t\t\t\t\t\t\t\t\t<cite>        <a class=\"zf-media_credit\" target=\"_blank\" href=\"https:\/\/liked.hu\/old\/kimeno.php?https:\/\/liked.hu\/kimeno.php?https:\/\/pikabu.hu\" rel=\"nofollow noopener\">pikabu<\/a>\r\n        <\/cite>\r\n\r\n\t\t\t\t\t\t\t\t\t\t\t\t\t\t\t\t\t\t\t\t\t\t\t<\/figcaption>\r\n\t\t\t\t\t\t\t\t\t\t\t\t\t\t\t\t\t\t\t<\/div>\r\n\t\t\t\t\t\t\t\t\t<hr \/>\r\n\t\t\t\t\t\t\t\t<\/figure>\r\n\t\t\t\t\t\t\t\t\t\t\t\t\t\t\t\t<div class=\"zf-list_description\"><p>Ez a k\u00e9p nagyj\u00e1b\u00f3l egy id\u0151s az internettel (kis t\u00falz\u00e1ssal persze). Ez volt tal\u00e1n az els\u0151 olyan Photoshoppal megszerkesztett fot\u00f3, ami vil\u00e1g k\u00f6r\u00fcli \u00fatra indult az interneten \u00e9s szinte mindenkit megt\u00e9vesztett. Annak idej\u00e9n m\u00e9g a legnagyobb weboldalak is az \u201c\u00e9v National Geographic\u201d fot\u00f3ja c\u00edmmel hozta le, pedig val\u00f3j\u00e1ban nem t\u00f6bb, mint egy j\u00f3l megszerkesztett \u00e1tver\u00e9s.<\/p><\/div>\r\n\t\t\t\t\t\t\t\t\t\t\t\t\t<\/li>\r\n\t\t\t\t\t\t\t\t\t\t\t\t<li class=\"zf-list_item\">\r\n\t\t\t\t\t\t\t<div class=\"zf-list_header\">\r\n\t\t\t\t\t\t\t\t<h3 id=\"listaelem2\" class=\"zf-list_title\">\r\n\t\t\t\t\t\t\t\t\t<span class=\"zf-number\">2<\/span>\r\n\t\t\t\t\t\t\t\t\tMGM oroszl\u00e1n\t\t\t\t\t\t\t\t<\/h3>\r\n\t\t\t\t\t\t\t<\/div>\r\n\t\t\t\t\t\t\t\t\t\t\t\t\t\t\t<figure class=\"zf-list_media zf-media-wrapper zf-image zf-type-image\">\r\n\t\t\t\t\t\t\t\t\t<div title=\"MGM oroszl\u00e1n\" alt=\"MGM oroszl\u00e1n\" class=\"zf-media\">\r\n\t\t\t\t\t\t\t\t\t\t<img width=\"650\" height=\"866\" src=\"https:\/\/liked.hu\/old\/wp-content\/uploads\/2019\/07\/c938082e0b223306.jpg\" class=\"\" alt=\"\" loading=\"lazy\" style=\"\" srcset=\"https:\/\/liked.hu\/old\/wp-content\/uploads\/2019\/07\/c938082e0b223306.jpg 650w, https:\/\/liked.hu\/old\/wp-content\/uploads\/2019\/07\/c938082e0b223306-225x300.jpg 225w, https:\/\/liked.hu\/old\/wp-content\/uploads\/2019\/07\/c938082e0b223306-375x500.jpg 375w, https:\/\/liked.hu\/old\/wp-content\/uploads\/2019\/07\/c938082e0b223306-360x480.jpg 360w, https:\/\/liked.hu\/old\/wp-content\/uploads\/2019\/07\/c938082e0b223306-545x726.jpg 545w\" sizes=\"(max-width: 650px) 100vw, 650px\" \/>\t\t\t\t\t\t\t\t\t\t\t<figcaption class=\"zf-figcaption\">\r\n\t\t\t\t\t\t\t\t\t\t\t\t\t\t\t\t\t\t\t\t\t\t\t\t<cite>        <a class=\"zf-media_credit\" target=\"_blank\" href=\"https:\/\/liked.hu\/old\/kimeno.php?https:\/\/liked.hu\/kimeno.php?https:\/\/pikabu.hu\" rel=\"nofollow noopener\">pikabu<\/a>\r\n        <\/cite>\r\n\r\n\t\t\t\t\t\t\t\t\t\t\t\t\t\t\t\t\t\t\t\t\t\t\t<\/figcaption>\r\n\t\t\t\t\t\t\t\t\t\t\t\t\t\t\t\t\t\t\t<\/div>\r\n\t\t\t\t\t\t\t\t\t<hr \/>\r\n\t\t\t\t\t\t\t\t<\/figure>\r\n\t\t\t\t\t\t\t\t\t\t\t\t\t\t\t\t<div class=\"zf-list_description\"><p>Az al\u00e1bbi fot\u00f3 szint\u00e9n fut\u00f3t\u0171zk\u00e9nt terjedt el az interneten, val\u00f3sz\u00edn\u0171leg k\u00f6z\u00fcletek is sokan tal\u00e1lkoztak m\u00e1r vele. A kamu-sztori szerint a Metro-Goldwyn-Mayer n\u00e9pszer\u0171 oroszl\u00e1nos log\u00f3j\u00e1nak felv\u00e9tele k\u00f6zben k\u00e9sz\u00fclt, pedig val\u00f3j\u00e1ban nem m\u00e1s, mint egy orvosi vizsg\u00e1latra lek\u00f6t\u00f6z\u00f6tt oroszl\u00e1n, akinek \u00e9pp az \u00e9let\u00e9t pr\u00f3b\u00e1lj\u00e1k megmenteni az orvosok. Csakhogy tiszta legyen a k\u00e9p: az als\u00f3 k\u00e9pen az MGM oroszl\u00e1nos log\u00f3j\u00e1nak (val\u00f3di) felv\u00e9tele k\u00f6zben k\u00e9sz\u00fclt werk-fot\u00f3t l\u00e1thatj\u00e1tok.<\/p><\/div>\r\n\t\t\t\t\t\t\t\t\t\t\t\t\t<\/li>\r\n\t\t\t\t\t\t\t\t\t\t\t\t<li class=\"zf-list_item\">\r\n\t\t\t\t\t\t\t<div class=\"zf-list_header\">\r\n\t\t\t\t\t\t\t\t<h3 id=\"listaelem3\" class=\"zf-list_title\">\r\n\t\t\t\t\t\t\t\t\t<span class=\"zf-number\">3<\/span>\r\n\t\t\t\t\t\t\t\t\tTerm\u00e9szetfilm-forgat\u00e1s\t\t\t\t\t\t\t\t<\/h3>\r\n\t\t\t\t\t\t\t<\/div>\r\n\t\t\t\t\t\t\t\t\t\t\t\t\t\t\t<figure class=\"zf-list_media zf-media-wrapper zf-image zf-type-image\">\r\n\t\t\t\t\t\t\t\t\t<div title=\"Term\u00e9szetfilm-forgat\u00e1s\" alt=\"Term\u00e9szetfilm-forgat\u00e1s\" class=\"zf-media\">\r\n\t\t\t\t\t\t\t\t\t\t<img width=\"650\" height=\"980\" src=\"https:\/\/liked.hu\/old\/wp-content\/uploads\/2019\/07\/d1286f2d7d223307.jpg\" class=\"\" alt=\"\" loading=\"lazy\" style=\"\" srcset=\"https:\/\/liked.hu\/old\/wp-content\/uploads\/2019\/07\/d1286f2d7d223307.jpg 650w, https:\/\/liked.hu\/old\/wp-content\/uploads\/2019\/07\/d1286f2d7d223307-199x300.jpg 199w, https:\/\/liked.hu\/old\/wp-content\/uploads\/2019\/07\/d1286f2d7d223307-332x500.jpg 332w, https:\/\/liked.hu\/old\/wp-content\/uploads\/2019\/07\/d1286f2d7d223307-360x543.jpg 360w, https:\/\/liked.hu\/old\/wp-content\/uploads\/2019\/07\/d1286f2d7d223307-545x822.jpg 545w\" sizes=\"(max-width: 650px) 100vw, 650px\" \/>\t\t\t\t\t\t\t\t\t\t\t<figcaption class=\"zf-figcaption\">\r\n\t\t\t\t\t\t\t\t\t\t\t\t\t\t\t\t\t\t\t\t\t\t\t\t<cite>        <a class=\"zf-media_credit\" target=\"_blank\" href=\"https:\/\/liked.hu\/old\/kimeno.php?https:\/\/liked.hu\/kimeno.php?https:\/\/pikabu.hu\" rel=\"nofollow noopener\">pikabu<\/a>\r\n        <\/cite>\r\n\r\n\t\t\t\t\t\t\t\t\t\t\t\t\t\t\t\t\t\t\t\t\t\t\t<\/figcaption>\r\n\t\t\t\t\t\t\t\t\t\t\t\t\t\t\t\t\t\t\t<\/div>\r\n\t\t\t\t\t\t\t\t\t<hr \/>\r\n\t\t\t\t\t\t\t\t<\/figure>\r\n\t\t\t\t\t\t\t\t\t\t\t\t\t\t\t\t<div class=\"zf-list_description\"><p>Az al\u00e1bbi k\u00e9p \u00fagy ker\u00fclt fel az internetre, mint egy ,,f\u00e9lresiker\u00fclt National Geographic forgat\u00e1s\u201d, pedig val\u00f3j\u00e1ban sz\u00f3 sincs ilyesmir\u0151l. Puszt\u00e1n a st\u00e1b tagjai voltak vicces kedv\u00fckben (az el\u00f6l l\u00e9v\u0151 sr\u00e1c m\u00e9g nevet is a k\u00e9pen), a f\u00e9lelmetes medve pedig csak ut\u00f3lag ker\u00fclt r\u00e1, Photoshoppal.<\/p><\/div>\r\n\t\t\t\t\t\t\t\t\t\t\t\t\t<\/li>\r\n\t\t\t\t\t\t\t\t\t\t\t\t<li class=\"zf-list_item\">\r\n\t\t\t\t\t\t\t<div class=\"zf-list_header\">\r\n\t\t\t\t\t\t\t\t<h3 id=\"listaelem4\" class=\"zf-list_title\">\r\n\t\t\t\t\t\t\t\t\t<span class=\"zf-number\">4<\/span>\r\n\t\t\t\t\t\t\t\t\tKast\u00e9ly-sziget, \u00cdrorsz\u00e1g\t\t\t\t\t\t\t\t<\/h3>\r\n\t\t\t\t\t\t\t<\/div>\r\n\t\t\t\t\t\t\t\t\t\t\t\t\t\t\t<figure class=\"zf-list_media zf-media-wrapper zf-image zf-type-image\">\r\n\t\t\t\t\t\t\t\t\t<div title=\"Kast\u00e9ly-sziget, \u00cdrorsz\u00e1g\" alt=\"Kast\u00e9ly-sziget, \u00cdrorsz\u00e1g\" class=\"zf-media\">\r\n\t\t\t\t\t\t\t\t\t\t<img width=\"650\" height=\"384\" src=\"https:\/\/liked.hu\/old\/wp-content\/uploads\/2019\/07\/ac971915d8223308.jpg\" class=\"\" alt=\"\" loading=\"lazy\" style=\"\" srcset=\"https:\/\/liked.hu\/old\/wp-content\/uploads\/2019\/07\/ac971915d8223308.jpg 650w, https:\/\/liked.hu\/old\/wp-content\/uploads\/2019\/07\/ac971915d8223308-300x177.jpg 300w, https:\/\/liked.hu\/old\/wp-content\/uploads\/2019\/07\/ac971915d8223308-500x295.jpg 500w, https:\/\/liked.hu\/old\/wp-content\/uploads\/2019\/07\/ac971915d8223308-360x213.jpg 360w, https:\/\/liked.hu\/old\/wp-content\/uploads\/2019\/07\/ac971915d8223308-545x322.jpg 545w\" sizes=\"(max-width: 650px) 100vw, 650px\" \/>\t\t\t\t\t\t\t\t\t\t\t<figcaption class=\"zf-figcaption\">\r\n\t\t\t\t\t\t\t\t\t\t\t\t\t\t\t\t\t\t\t\t\t\t\t\t<cite>        <a class=\"zf-media_credit\" target=\"_blank\" href=\"https:\/\/liked.hu\/old\/kimeno.php?https:\/\/liked.hu\/kimeno.php?https:\/\/pikabu.hu\" rel=\"nofollow noopener\">pikabu<\/a>\r\n        <\/cite>\r\n\r\n\t\t\t\t\t\t\t\t\t\t\t\t\t\t\t\t\t\t\t\t\t\t\t<\/figcaption>\r\n\t\t\t\t\t\t\t\t\t\t\t\t\t\t\t\t\t\t\t<\/div>\r\n\t\t\t\t\t\t\t\t\t<hr \/>\r\n\t\t\t\t\t\t\t\t<\/figure>\r\n\t\t\t\t\t\t\t\t\t\t\t\t\t\t\t\t<div class=\"zf-list_description\"><p>Az al\u00e1bbi fot\u00f3 az \u00edrorsz\u00e1gi Kast\u00e9ly-sziget n\u00e9ven v\u00e1lt ismert\u00e9, \u00e9s tulajdonk\u00e9ppen az emberek 99%-a elhitte, hogy egy val\u00f3s\u00e1gban is l\u00e9tez\u0151 helyr\u0151l besz\u00e9l\u00fcnk, olyan t\u00f6k\u00e9letes Photoshop-munk\u00e1t v\u00e9gzett rajta valaki. A furcsa form\u00e1j\u00fa sziget egy\u00e9bk\u00e9nt a val\u00f3s\u00e1gban is l\u00e9tezik, de nincs rajta kast\u00e9ly, \u00e9s m\u00e9g v\u00e9letlen\u00fcl sem \u00cdrorsz\u00e1gban, hanem a thaif\u00f6ldi Phuket-sziget partjain\u00e1l tal\u00e1lhat\u00f3.<\/p><\/div>\r\n\t\t\t\t\t\t\t\t\t\t\t\t\t<\/li>\r\n\t\t\t\t\t\t\t\t\t\t\t\t<li class=\"zf-list_item\">\r\n\t\t\t\t\t\t\t<div class=\"zf-list_header\">\r\n\t\t\t\t\t\t\t\t<h3 id=\"listaelem5\" class=\"zf-list_title\">\r\n\t\t\t\t\t\t\t\t\t<span class=\"zf-number\">5<\/span>\r\n\t\t\t\t\t\t\t\t\tK\u00e9k-hold dinnye\t\t\t\t\t\t\t\t<\/h3>\r\n\t\t\t\t\t\t\t<\/div>\r\n\t\t\t\t\t\t\t\t\t\t\t\t\t\t\t<figure class=\"zf-list_media zf-media-wrapper zf-image zf-type-image\">\r\n\t\t\t\t\t\t\t\t\t<div title=\"K\u00e9k-hold dinnye\" alt=\"K\u00e9k-hold dinnye\" class=\"zf-media\">\r\n\t\t\t\t\t\t\t\t\t\t<img width=\"650\" height=\"691\" src=\"https:\/\/liked.hu\/old\/wp-content\/uploads\/2019\/07\/9e85df1923223311.jpg\" class=\"\" alt=\"\" loading=\"lazy\" style=\"\" srcset=\"https:\/\/liked.hu\/old\/wp-content\/uploads\/2019\/07\/9e85df1923223311.jpg 650w, https:\/\/liked.hu\/old\/wp-content\/uploads\/2019\/07\/9e85df1923223311-282x300.jpg 282w, https:\/\/liked.hu\/old\/wp-content\/uploads\/2019\/07\/9e85df1923223311-470x500.jpg 470w, https:\/\/liked.hu\/old\/wp-content\/uploads\/2019\/07\/9e85df1923223311-360x383.jpg 360w, https:\/\/liked.hu\/old\/wp-content\/uploads\/2019\/07\/9e85df1923223311-545x579.jpg 545w\" sizes=\"(max-width: 650px) 100vw, 650px\" \/>\t\t\t\t\t\t\t\t\t\t\t<figcaption class=\"zf-figcaption\">\r\n\t\t\t\t\t\t\t\t\t\t\t\t\t\t\t\t\t\t\t\t\t\t\t\t<cite>        <a class=\"zf-media_credit\" target=\"_blank\" href=\"https:\/\/liked.hu\/old\/kimeno.php?https:\/\/liked.hu\/kimeno.php?https:\/\/pikabu.hu\" rel=\"nofollow noopener\">pikabu<\/a>\r\n        <\/cite>\r\n\r\n\t\t\t\t\t\t\t\t\t\t\t\t\t\t\t\t\t\t\t\t\t\t\t<\/figcaption>\r\n\t\t\t\t\t\t\t\t\t\t\t\t\t\t\t\t\t\t\t<\/div>\r\n\t\t\t\t\t\t\t\t\t<hr \/>\r\n\t\t\t\t\t\t\t\t<\/figure>\r\n\t\t\t\t\t\t\t\t\t\t\t\t\t\t\t\t<div class=\"zf-list_description\"><p>2010 k\u00f6rny\u00e9k\u00e9n nem volt olyan ny\u00e1r, hogy ne ker\u00fclt volna el\u0151 az interneten a ritka \u00e9s k\u00e1pr\u00e1zatos jap\u00e1n \u201ck\u00e9k-hold\u201d n\u00e9vre keresztelt dinnye. Az emberek sz\u00f3 szerint meg voltak \u0151r\u00fclve \u00e9rte, pedig itt is egyszer\u0171 Photoshoppos munk\u00e1r\u00f3l besz\u00e9l\u00fcnk, ilyen dinnye a val\u00f3s\u00e1gban nem l\u00e9tezik.<\/p><\/div>\r\n\t\t\t\t\t\t\t\t\t\t\t\t\t<\/li>\r\n\t\t\t\t\t\t\t\t\t\t\t\t<li class=\"zf-list_item\">\r\n\t\t\t\t\t\t\t<div class=\"zf-list_header\">\r\n\t\t\t\t\t\t\t\t<h3 id=\"listaelem6\" class=\"zf-list_title\">\r\n\t\t\t\t\t\t\t\t\t<span class=\"zf-number\">6<\/span>\r\n\t\t\t\t\t\t\t\t\tBiciklis Einstein\t\t\t\t\t\t\t\t<\/h3>\r\n\t\t\t\t\t\t\t<\/div>\r\n\t\t\t\t\t\t\t\t\t\t\t\t\t\t\t<figure class=\"zf-list_media zf-media-wrapper zf-image zf-type-image\">\r\n\t\t\t\t\t\t\t\t\t<div title=\"Biciklis Einstein\" alt=\"Biciklis Einstein\" class=\"zf-media\">\r\n\t\t\t\t\t\t\t\t\t\t<img width=\"650\" height=\"280\" src=\"https:\/\/liked.hu\/old\/wp-content\/uploads\/2019\/07\/56a6235e5c223311.jpg\" class=\"\" alt=\"\" loading=\"lazy\" style=\"\" srcset=\"https:\/\/liked.hu\/old\/wp-content\/uploads\/2019\/07\/56a6235e5c223311.jpg 650w, https:\/\/liked.hu\/old\/wp-content\/uploads\/2019\/07\/56a6235e5c223311-300x129.jpg 300w, https:\/\/liked.hu\/old\/wp-content\/uploads\/2019\/07\/56a6235e5c223311-500x215.jpg 500w, https:\/\/liked.hu\/old\/wp-content\/uploads\/2019\/07\/56a6235e5c223311-360x155.jpg 360w, https:\/\/liked.hu\/old\/wp-content\/uploads\/2019\/07\/56a6235e5c223311-545x235.jpg 545w\" sizes=\"(max-width: 650px) 100vw, 650px\" \/>\t\t\t\t\t\t\t\t\t\t\t<figcaption class=\"zf-figcaption\">\r\n\t\t\t\t\t\t\t\t\t\t\t\t\t\t\t\t\t\t\t\t\t\t\t\t<cite>        <a class=\"zf-media_credit\" target=\"_blank\" href=\"https:\/\/liked.hu\/old\/kimeno.php?https:\/\/liked.hu\/kimeno.php?https:\/\/pikabu.hu\" rel=\"nofollow noopener\">pikabu<\/a>\r\n        <\/cite>\r\n\r\n\t\t\t\t\t\t\t\t\t\t\t\t\t\t\t\t\t\t\t\t\t\t\t<\/figcaption>\r\n\t\t\t\t\t\t\t\t\t\t\t\t\t\t\t\t\t\t\t<\/div>\r\n\t\t\t\t\t\t\t\t\t<hr \/>\r\n\t\t\t\t\t\t\t\t<\/figure>\r\n\t\t\t\t\t\t\t\t\t\t\t\t\t\t\t\t<div class=\"zf-list_description\"><p>Az al\u00e1bbi fot\u00f3 2011 janu\u00e1rj\u00e1ban ker\u00fclt fel az internetre, \u00e9s \u00e1ll\u00edt\u00f3lagosan Albert Einsteint \u00e1br\u00e1zolja, amint 1962-ben a Nevada-sivatagban v\u00e9gzett atomk\u00eds\u00e9rlet k\u00f6zben ker\u00e9kp\u00e1rozik. A t\u00f6rt\u00e9net t\u00f6bb sebb\u0151l is v\u00e9rzik, Albert Einstein ugyanis ekkor m\u00e1r 7 \u00e9ve halott volt, de ha ez valami\u00e9rt nem lenne el\u00e9g bizony\u00edt\u00e9k, elhoztuk mell\u00e9 az eredeti k\u00e9pet, amir\u0151l a szeg\u00e9ny megboldogult Einsteint lephotoshoppolt\u00e1k.<\/p><\/div>\r\n\t\t\t\t\t\t\t\t\t\t\t\t\t<\/li>\r\n\t\t\t\t\t\t\t\t\t\t\t\t<li class=\"zf-list_item\">\r\n\t\t\t\t\t\t\t<div class=\"zf-list_header\">\r\n\t\t\t\t\t\t\t\t<h3 id=\"listaelem7\" class=\"zf-list_title\">\r\n\t\t\t\t\t\t\t\t\t<span class=\"zf-number\">7<\/span>\r\n\t\t\t\t\t\t\t\t\tA sk\u00f3t t\u00fcnd\u00e9r-foly\u00f3\t\t\t\t\t\t\t\t<\/h3>\r\n\t\t\t\t\t\t\t<\/div>\r\n\t\t\t\t\t\t\t\t\t\t\t\t\t\t\t<figure class=\"zf-list_media zf-media-wrapper zf-image zf-type-image\">\r\n\t\t\t\t\t\t\t\t\t<div title=\"A sk\u00f3t t\u00fcnd\u00e9r-foly\u00f3\" alt=\"A sk\u00f3t t\u00fcnd\u00e9r-foly\u00f3\" class=\"zf-media\">\r\n\t\t\t\t\t\t\t\t\t\t<img width=\"650\" height=\"485\" src=\"https:\/\/liked.hu\/old\/wp-content\/uploads\/2019\/07\/3ab24ea69b223312.png\" class=\"\" alt=\"\" loading=\"lazy\" style=\"\" srcset=\"https:\/\/liked.hu\/old\/wp-content\/uploads\/2019\/07\/3ab24ea69b223312.png 650w, https:\/\/liked.hu\/old\/wp-content\/uploads\/2019\/07\/3ab24ea69b223312-300x224.png 300w, https:\/\/liked.hu\/old\/wp-content\/uploads\/2019\/07\/3ab24ea69b223312-500x373.png 500w, https:\/\/liked.hu\/old\/wp-content\/uploads\/2019\/07\/3ab24ea69b223312-200x150.png 200w, https:\/\/liked.hu\/old\/wp-content\/uploads\/2019\/07\/3ab24ea69b223312-360x270.png 360w, https:\/\/liked.hu\/old\/wp-content\/uploads\/2019\/07\/3ab24ea69b223312-545x407.png 545w\" sizes=\"(max-width: 650px) 100vw, 650px\" \/>\t\t\t\t\t\t\t\t\t\t\t<figcaption class=\"zf-figcaption\">\r\n\t\t\t\t\t\t\t\t\t\t\t\t\t\t\t\t\t\t\t\t\t\t\t\t<cite>        <a class=\"zf-media_credit\" target=\"_blank\" href=\"https:\/\/liked.hu\/old\/kimeno.php?https:\/\/liked.hu\/kimeno.php?https:\/\/pikabu.hu\" rel=\"nofollow noopener\">pikabu<\/a>\r\n        <\/cite>\r\n\r\n\t\t\t\t\t\t\t\t\t\t\t\t\t\t\t\t\t\t\t\t\t\t\t<\/figcaption>\r\n\t\t\t\t\t\t\t\t\t\t\t\t\t\t\t\t\t\t\t<\/div>\r\n\t\t\t\t\t\t\t\t\t<hr \/>\r\n\t\t\t\t\t\t\t\t<\/figure>\r\n\t\t\t\t\t\t\t\t\t\t\t\t\t\t\t\t<div class=\"zf-list_description\"><p>\u00d6r\u00f6m az \u00fcr\u00f6mben, hogy ez a hely val\u00f3ban l\u00e9tezik, \u00e1m v\u00e9letlen\u00fcl sem Sk\u00f3ci\u00e1ban, hanem \u00daj-Z\u00e9landon tal\u00e1lhat\u00f3, a f\u00e1k pedig nem lil\u00e1k, mint a neten kering\u0151 kamu fot\u00f3n, hanem olyanok, mint b\u00e1rhol m\u00e1shol a vil\u00e1gon.<\/p><\/div>\r\n\t\t\t\t\t\t\t\t\t\t\t\t\t<\/li>\r\n\t\t\t\t\t\t\t\t\t\t\t\t<li class=\"zf-list_item\">\r\n\t\t\t\t\t\t\t<div class=\"zf-list_header\">\r\n\t\t\t\t\t\t\t\t<h3 id=\"listaelem8\" class=\"zf-list_title\">\r\n\t\t\t\t\t\t\t\t\t<span class=\"zf-number\">8<\/span>\r\n\t\t\t\t\t\t\t\t\tBabal\u00e1bnyom\t\t\t\t\t\t\t\t<\/h3>\r\n\t\t\t\t\t\t\t<\/div>\r\n\t\t\t\t\t\t\t\t\t\t\t\t\t\t\t<figure class=\"zf-list_media zf-media-wrapper zf-image zf-type-image\">\r\n\t\t\t\t\t\t\t\t\t<div title=\"Babal\u00e1bnyom\" alt=\"Babal\u00e1bnyom\" class=\"zf-media\">\r\n\t\t\t\t\t\t\t\t\t\t<img width=\"650\" height=\"662\" src=\"https:\/\/liked.hu\/old\/wp-content\/uploads\/2019\/07\/2da6067491223313.jpg\" class=\"\" alt=\"\" loading=\"lazy\" style=\"\" srcset=\"https:\/\/liked.hu\/old\/wp-content\/uploads\/2019\/07\/2da6067491223313.jpg 650w, https:\/\/liked.hu\/old\/wp-content\/uploads\/2019\/07\/2da6067491223313-295x300.jpg 295w, https:\/\/liked.hu\/old\/wp-content\/uploads\/2019\/07\/2da6067491223313-491x500.jpg 491w, https:\/\/liked.hu\/old\/wp-content\/uploads\/2019\/07\/2da6067491223313-360x367.jpg 360w, https:\/\/liked.hu\/old\/wp-content\/uploads\/2019\/07\/2da6067491223313-545x555.jpg 545w\" sizes=\"(max-width: 650px) 100vw, 650px\" \/>\t\t\t\t\t\t\t\t\t\t\t<figcaption class=\"zf-figcaption\">\r\n\t\t\t\t\t\t\t\t\t\t\t\t\t\t\t\t\t\t\t\t\t\t\t\t<cite>        <a class=\"zf-media_credit\" target=\"_blank\" href=\"https:\/\/liked.hu\/old\/kimeno.php?https:\/\/liked.hu\/kimeno.php?https:\/\/pikabu.hu\" rel=\"nofollow noopener\">pikabu<\/a>\r\n        <\/cite>\r\n\r\n\t\t\t\t\t\t\t\t\t\t\t\t\t\t\t\t\t\t\t\t\t\t\t<\/figcaption>\r\n\t\t\t\t\t\t\t\t\t\t\t\t\t\t\t\t\t\t\t<\/div>\r\n\t\t\t\t\t\t\t\t\t<hr \/>\r\n\t\t\t\t\t\t\t\t<\/figure>\r\n\t\t\t\t\t\t\t\t\t\t\t\t\t\t\t\t<div class=\"zf-list_description\"><p>B\u00e1r terhess\u00e9g alatt a gyermek bizony nagy mozgol\u00f3d\u00e1sra k\u00e9pes odabent a pocakban, ilyen m\u00e9rt\u00e9k\u0171 er\u0151t nem k\u00e9pes kifejteni. Ha m\u00e9gis k\u00e9pes lenne, az anya hasfala akkor is t\u00fal vastag ahhoz, hogy ilyen tiszt\u00e1n \u00e9s kivehet\u0151en l\u00e1tsz\u00f3djon a gyermek l\u00e1bnyoma, egysz\u00f3val itt is csak egy \u00fcgyesen kivitelezett Photoshoppos megt\u00e9veszt\u00e9sr\u0151l van sz\u00f3.<\/p><\/div>\r\n\t\t\t\t\t\t\t\t\t\t\t\t\t<\/li>\r\n\t\t\t\t\t\t\t\t\t\t\t\t<li class=\"zf-list_item\">\r\n\t\t\t\t\t\t\t<div class=\"zf-list_header\">\r\n\t\t\t\t\t\t\t\t<h3 id=\"listaelem9\" class=\"zf-list_title\">\r\n\t\t\t\t\t\t\t\t\t<span class=\"zf-number\">9<\/span>\r\n\t\t\t\t\t\t\t\t\tKellemetlen helyzet\t\t\t\t\t\t\t\t<\/h3>\r\n\t\t\t\t\t\t\t<\/div>\r\n\t\t\t\t\t\t\t\t\t\t\t\t\t\t\t<figure class=\"zf-list_media zf-media-wrapper zf-image zf-type-image\">\r\n\t\t\t\t\t\t\t\t\t<div title=\"Kellemetlen helyzet\" alt=\"Kellemetlen helyzet\" class=\"zf-media\">\r\n\t\t\t\t\t\t\t\t\t\t<img width=\"650\" height=\"1032\" src=\"https:\/\/liked.hu\/old\/wp-content\/uploads\/2019\/07\/Bush-konyv.jpg\" class=\"\" alt=\"\" loading=\"lazy\" style=\"\" srcset=\"https:\/\/liked.hu\/old\/wp-content\/uploads\/2019\/07\/Bush-konyv.jpg 650w, https:\/\/liked.hu\/old\/wp-content\/uploads\/2019\/07\/Bush-konyv-189x300.jpg 189w, https:\/\/liked.hu\/old\/wp-content\/uploads\/2019\/07\/Bush-konyv-645x1024.jpg 645w, https:\/\/liked.hu\/old\/wp-content\/uploads\/2019\/07\/Bush-konyv-315x500.jpg 315w, https:\/\/liked.hu\/old\/wp-content\/uploads\/2019\/07\/Bush-konyv-360x572.jpg 360w, https:\/\/liked.hu\/old\/wp-content\/uploads\/2019\/07\/Bush-konyv-545x865.jpg 545w\" sizes=\"(max-width: 650px) 100vw, 650px\" \/>\t\t\t\t\t\t\t\t\t\t\t<figcaption class=\"zf-figcaption\">\r\n\t\t\t\t\t\t\t\t\t\t\t\t\t\t\t\t\t\t\t\t\t\t\t\t<cite>        <a class=\"zf-media_credit\" target=\"_blank\" href=\"https:\/\/liked.hu\/old\/kimeno.php?https:\/\/liked.hu\/kimeno.php?https:\/\/pikabu.hu\" rel=\"nofollow noopener\">pikabu<\/a>\r\n        <\/cite>\r\n\r\n\t\t\t\t\t\t\t\t\t\t\t\t\t\t\t\t\t\t\t\t\t\t\t<\/figcaption>\r\n\t\t\t\t\t\t\t\t\t\t\t\t\t\t\t\t\t\t\t<\/div>\r\n\t\t\t\t\t\t\t\t\t<hr \/>\r\n\t\t\t\t\t\t\t\t<\/figure>\r\n\t\t\t\t\t\t\t\t\t\t\t\t\t\t\t\t<div class=\"zf-list_description\"><p>A t\u00f6rt\u00e9net szerint George Bush amerikai eln\u00f6k egy \u00e1ltal\u00e1nos iskol\u00e1ban tett l\u00e1togat\u00e1sa sor\u00e1n k\u00e9sz\u00fclt ez a roppant k\u00ednos fot\u00f3, melyen is a sokat tanult eln\u00f6k ford\u00edtva tartja a k\u00f6nyvet. Maga a fot\u00f3 val\u00f3ban l\u00e9tezik, \u00e1m ahogy Ti is l\u00e1thatj\u00e1tok, az eln\u00f6k \u00far rendeltet\u00e9sszer\u0171en tartja a kez\u00e9ben a k\u00f6nyvet.<\/p><\/div>\r\n\t\t\t\t\t\t\t\t\t\t\t\t\t<\/li>\r\n\t\t\t\t\t\t\t\t\t\t\t\t<li class=\"zf-list_item\">\r\n\t\t\t\t\t\t\t<div class=\"zf-list_header\">\r\n\t\t\t\t\t\t\t\t<h3 id=\"listaelem10\" class=\"zf-list_title\">\r\n\t\t\t\t\t\t\t\t\t<span class=\"zf-number\">10<\/span>\r\n\t\t\t\t\t\t\t\t\t2001. szeptember 11.\t\t\t\t\t\t\t\t<\/h3>\r\n\t\t\t\t\t\t\t<\/div>\r\n\t\t\t\t\t\t\t\t\t\t\t\t\t\t\t<figure class=\"zf-list_media zf-media-wrapper zf-image zf-type-image\">\r\n\t\t\t\t\t\t\t\t\t<div title=\"2001. szeptember 11.\" alt=\"2001. szeptember 11.\" class=\"zf-media\">\r\n\t\t\t\t\t\t\t\t\t\t<img width=\"650\" height=\"394\" src=\"https:\/\/liked.hu\/old\/wp-content\/uploads\/2019\/07\/fd4e33bc7d223314.jpg\" class=\"\" alt=\"\" loading=\"lazy\" style=\"\" srcset=\"https:\/\/liked.hu\/old\/wp-content\/uploads\/2019\/07\/fd4e33bc7d223314.jpg 650w, https:\/\/liked.hu\/old\/wp-content\/uploads\/2019\/07\/fd4e33bc7d223314-300x182.jpg 300w, https:\/\/liked.hu\/old\/wp-content\/uploads\/2019\/07\/fd4e33bc7d223314-500x303.jpg 500w, https:\/\/liked.hu\/old\/wp-content\/uploads\/2019\/07\/fd4e33bc7d223314-360x218.jpg 360w, https:\/\/liked.hu\/old\/wp-content\/uploads\/2019\/07\/fd4e33bc7d223314-545x330.jpg 545w\" sizes=\"(max-width: 650px) 100vw, 650px\" \/>\t\t\t\t\t\t\t\t\t\t\t<figcaption class=\"zf-figcaption\">\r\n\t\t\t\t\t\t\t\t\t\t\t\t\t\t\t\t\t\t\t\t\t\t\t\t<cite>        <a class=\"zf-media_credit\" target=\"_blank\" href=\"https:\/\/liked.hu\/old\/kimeno.php?https:\/\/liked.hu\/kimeno.php?https:\/\/pikabu.hu\" rel=\"nofollow noopener\">pikabu<\/a>\r\n        <\/cite>\r\n\r\n\t\t\t\t\t\t\t\t\t\t\t\t\t\t\t\t\t\t\t\t\t\t\t<\/figcaption>\r\n\t\t\t\t\t\t\t\t\t\t\t\t\t\t\t\t\t\t\t<\/div>\r\n\t\t\t\t\t\t\t\t\t<hr \/>\r\n\t\t\t\t\t\t\t\t<\/figure>\r\n\t\t\t\t\t\t\t\t\t\t\t\t\t\t\t\t<div class=\"zf-list_description\"><p>N\u00e9h\u00e1ny h\u00e9ttel a 2001. szeptember 11-i t\u00e1mad\u00e1sok ut\u00e1n jelent meg az interneten ez az akkor roppant felkavar\u00f3nak t\u0171n\u0151 fot\u00f3, melyen egy turista alighanem utols\u00f3 pillanatait l\u00e1thatjuk, h\u00e1tt\u00e9rben a World Trade Center egyik toronyh\u00e1z\u00e1ba csap\u00f3d\u00f3 rep\u00fcl\u0151g\u00e9ppel. A fot\u00f3r\u00f3l az\u00f3ta kider\u00fclt, hogy kamu, a fot\u00f3 m\u00e9g j\u00f3val a terrorcselekm\u00e9ny el\u0151tt k\u00e9sz\u00fclt, a rep\u00fcl\u0151g\u00e9p pedig egy kis ut\u00f3munka \u00e1r\u00e1n ker\u00fclt r\u00e1 a k\u00e9pre. Felett\u00e9bb \u00edzl\u00e9stelen tr\u00e9fa volt ez, b\u00e1rki is csin\u00e1lta.<\/p><\/div>\r\n\t\t\t\t\t\t\t\t\t\t\t\t\t<\/li>\r\n\t\t\t\t\t\t\t\t\t\t\t\t<li class=\"zf-list_item\">\r\n\t\t\t\t\t\t\t<div class=\"zf-list_header\">\r\n\t\t\t\t\t\t\t\t<h3 id=\"listaelem11\" class=\"zf-list_title\">\r\n\t\t\t\t\t\t\t\t\t<span class=\"zf-number\">11<\/span>\r\n\t\t\t\t\t\t\t\t\tC\u00e1p\u00e1k a bev\u00e1s\u00e1rl\u00f3k\u00f6zpontban\t\t\t\t\t\t\t\t<\/h3>\r\n\t\t\t\t\t\t\t<\/div>\r\n\t\t\t\t\t\t\t\t\t\t\t\t\t\t\t<figure class=\"zf-list_media zf-media-wrapper zf-image zf-type-image\">\r\n\t\t\t\t\t\t\t\t\t<div title=\"C\u00e1p\u00e1k a bev\u00e1s\u00e1rl\u00f3k\u00f6zpontban\" alt=\"C\u00e1p\u00e1k a bev\u00e1s\u00e1rl\u00f3k\u00f6zpontban\" class=\"zf-media\">\r\n\t\t\t\t\t\t\t\t\t\t<img width=\"550\" height=\"930\" src=\"https:\/\/liked.hu\/old\/wp-content\/uploads\/2019\/07\/Capak-a-vizben.jpg\" class=\"\" alt=\"\" loading=\"lazy\" style=\"\" srcset=\"https:\/\/liked.hu\/old\/wp-content\/uploads\/2019\/07\/Capak-a-vizben.jpg 550w, https:\/\/liked.hu\/old\/wp-content\/uploads\/2019\/07\/Capak-a-vizben-177x300.jpg 177w, https:\/\/liked.hu\/old\/wp-content\/uploads\/2019\/07\/Capak-a-vizben-296x500.jpg 296w, https:\/\/liked.hu\/old\/wp-content\/uploads\/2019\/07\/Capak-a-vizben-360x609.jpg 360w, https:\/\/liked.hu\/old\/wp-content\/uploads\/2019\/07\/Capak-a-vizben-545x922.jpg 545w\" sizes=\"(max-width: 550px) 100vw, 550px\" \/>\t\t\t\t\t\t\t\t\t\t\t<figcaption class=\"zf-figcaption\">\r\n\t\t\t\t\t\t\t\t\t\t\t\t\t\t\t\t\t\t\t\t\t\t\t\t<cite>        <a class=\"zf-media_credit\" target=\"_blank\" href=\"https:\/\/liked.hu\/old\/kimeno.php?https:\/\/liked.hu\/kimeno.php?https:\/\/pikabu.hu\" rel=\"nofollow noopener\">pikabu<\/a>\r\n        <\/cite>\r\n\r\n\t\t\t\t\t\t\t\t\t\t\t\t\t\t\t\t\t\t\t\t\t\t\t<\/figcaption>\r\n\t\t\t\t\t\t\t\t\t\t\t\t\t\t\t\t\t\t\t<\/div>\r\n\t\t\t\t\t\t\t\t\t<hr \/>\r\n\t\t\t\t\t\t\t\t<\/figure>\r\n\t\t\t\t\t\t\t\t\t\t\t\t\t\t\t\t<div class=\"zf-list_description\"><p>\u2026ezzel a c\u00edmmel ker\u00fclt fel az internetre az al\u00e1bbi fot\u00f3, melyen egy el\u00e1rasztott mozg\u00f3l\u00e9pcs\u0151 alj\u00e1n \u00faszk\u00e1l\u00f3 c\u00e1p\u00e1kat l\u00e1thatunk. A k\u00e9p val\u00f3j\u00e1ban nem egy bev\u00e1s\u00e1rl\u00f3k\u00f6zpontban, hanem a Toront\u00f3i vas\u00fat\u00e1llom\u00e1son k\u00e9sz\u00fclt, mely cs\u00fany\u00e1n el\u00e1zott egy heves es\u0151z\u00e9st k\u00f6vet\u0151en. C\u00e1p\u00e1kr\u00f3l persze sz\u00f3 sem volt, azokat csak Photoshoppal helyezte r\u00e1 valaki a k\u00e9pre.<\/p><\/div>\r\n\t\t\t\t\t\t\t\t\t\t\t\t\t<\/li>\r\n\t\t\t\t\t\t\t\t\t\t\t\t<li class=\"zf-list_item\">\r\n\t\t\t\t\t\t\t<div class=\"zf-list_header\">\r\n\t\t\t\t\t\t\t\t<h3 id=\"listaelem12\" class=\"zf-list_title\">\r\n\t\t\t\t\t\t\t\t\t<span class=\"zf-number\">12<\/span>\r\n\t\t\t\t\t\t\t\t\tV\u00e9gezet\u00fcl pedig: a \"pottyant\u00f3\" pom-pom l\u00e1ny\t\t\t\t\t\t\t\t<\/h3>\r\n\t\t\t\t\t\t\t<\/div>\r\n\t\t\t\t\t\t\t\t\t\t\t\t\t\t\t<figure class=\"zf-list_media zf-media-wrapper zf-image zf-type-image\">\r\n\t\t\t\t\t\t\t\t\t<div title=\"V\u00e9gezet\u00fcl pedig: a &quot;pottyant\u00f3&quot; pom-pom l\u00e1ny\" alt=\"V\u00e9gezet\u00fcl pedig: a &quot;pottyant\u00f3&quot; pom-pom l\u00e1ny\" class=\"zf-media\">\r\n\t\t\t\t\t\t\t\t\t\t<img width=\"650\" height=\"475\" src=\"https:\/\/liked.hu\/old\/wp-content\/uploads\/2019\/07\/db94daee15223315.jpg\" class=\"\" alt=\"\" loading=\"lazy\" style=\"\" srcset=\"https:\/\/liked.hu\/old\/wp-content\/uploads\/2019\/07\/db94daee15223315.jpg 650w, https:\/\/liked.hu\/old\/wp-content\/uploads\/2019\/07\/db94daee15223315-300x219.jpg 300w, https:\/\/liked.hu\/old\/wp-content\/uploads\/2019\/07\/db94daee15223315-500x365.jpg 500w, https:\/\/liked.hu\/old\/wp-content\/uploads\/2019\/07\/db94daee15223315-360x263.jpg 360w, https:\/\/liked.hu\/old\/wp-content\/uploads\/2019\/07\/db94daee15223315-545x398.jpg 545w\" sizes=\"(max-width: 650px) 100vw, 650px\" \/>\t\t\t\t\t\t\t\t\t\t\t<figcaption class=\"zf-figcaption\">\r\n\t\t\t\t\t\t\t\t\t\t\t\t\t\t\t\t\t\t\t\t\t\t\t\t<cite>        <a class=\"zf-media_credit\" target=\"_blank\" href=\"https:\/\/liked.hu\/old\/kimeno.php?https:\/\/liked.hu\/kimeno.php?https:\/\/pikabu.hu\" rel=\"nofollow noopener\">pikabu<\/a>\r\n        <\/cite>\r\n\r\n\t\t\t\t\t\t\t\t\t\t\t\t\t\t\t\t\t\t\t\t\t\t\t<\/figcaption>\r\n\t\t\t\t\t\t\t\t\t\t\t\t\t\t\t\t\t\t\t<\/div>\r\n\t\t\t\t\t\t\t\t\t<hr \/>\r\n\t\t\t\t\t\t\t\t<\/figure>\r\n\t\t\t\t\t\t\t\t\t\t\t\t\t\t\t\t<div class=\"zf-list_description\"><p>Noha val&oacute;sz&iacute;n\u0171leg m&aacute;r mindannyian nevett&uuml;nk egy j&oacute;t ezen a roppant k&iacute;nos pom-pom l&aacute;nyos fot&oacute;n, val&oacute;j&aacute;ban ez is csak kamu. A f&ouml;ld&ouml;n &aacute;ll&oacute; l&aacute;nyok puszt&aacute;n a feldobott l&aacute;ny szerencs&eacute;tlenked&eacute;se miatt v&aacute;gtak ilyen ijedt fejet, &eacute;s nem az&eacute;rt, mert a csaj &ouml;sszecsin&aacute;lta mag&aacute;t a leveg\u0151ben.<\/p><h3>B&oacute;nusz: &quot;rep&uuml;l\u0151s-szelfi&quot;.<\/h3><p><img src=\"https:\/\/liked.hu\/wp-content\/uploads\/2019\/07\/14712910-26864860-320077-6-0-1497356491-1497356502-640-1-1497356502-650-589d13571e-1497559605.jpg\" class=\"fr-fic fr-dib\" data-id=\"153455\"><\/p><p>Term&eacute;szetesen itt is csak &uuml;gyes Photoshoppos munk&aacute;r&oacute;l van sz&oacute;. B&aacute;r a fot&oacute; val&oacute;ban elk&eacute;sz&uuml;lt, a szelfit k&eacute;sz&iacute;t\u0151 pil&oacute;ta lesz&aacute;ll&aacute;s ut&aacute;n, a kifut&oacute;p&aacute;ly&aacute;n k&eacute;sz&iacute;tette a k&eacute;pet.<\/p><\/div>\r\n\t\t\t\t\t\t\t\t\t\t\t\t\t<\/li>\r\n\t\t\t\t\t\t\t\t\t<\/ol>\r\n\t\t<\/div>\r\n\t<\/div>\r\n\r\n\t<\/div>\r\n\r\n\r\n\n","protected":false},"excerpt":{"rendered":"<p>Mind l\u00e1ttuk m\u00e1r ezeket a k\u00e9peket, legt\u00f6bbj\u00fck\u00f6n pedig val\u00f3sz\u00edn\u0171leg mi magunk is \u00e1muldoztunk egy nagyot an\u00e9lk\u00fcl, hogy egy percig is megk\u00e9rd\u0151jelezt\u00fck volna azok val\u00f3dis\u00e1g\u00e1t. Pedig nem \u00e1rtott volna, hiszen mint tudjuk, az interneten semmi sem az, aminek l\u00e1tszik, \u00edgy t\u00f6bbek k\u00f6z\u00f6tt az al\u00e1bbi fot\u00f3k sem, melyekr\u0151l ut\u00f3lag egyt\u0151l-egyig kider\u00fclt, hogy val\u00f3j\u00e1ban csak j\u00f3l megszerkesztett Photoshoppos [&hellip;]<\/p>\n","protected":false},"author":13,"featured_media":153457,"comment_status":"open","ping_status":"closed","sticky":false,"template":"","format":"standard","meta":{"buzzeditor_post_format":""},"categories":[23],"tags":[213,705,2052],"yoast_head":"<!-- This site is optimized with the Yoast SEO plugin v19.6.1 - https:\/\/yoast.com\/wordpress\/plugins\/seo\/ -->\n<title>12 internetes fot\u00f3, amin mindenki csod\u00e1lkozott m\u00e1r, pedig egy ordas nagy hazugs\u00e1g<\/title>\n<meta name=\"description\" content=\"Mind l\u00e1ttuk m\u00e1r ezeket a k\u00e9peket, legt\u00f6bbj\u00fck\u00f6n pedig val\u00f3sz\u00edn\u0171leg mi magunk is \u00e1muldoztunk egy nagyot an\u00e9lk\u00fcl, hogy egy percig is megk\u00e9rd\u0151jelezt\u00fck volna\" \/>\n<meta name=\"robots\" content=\"index, follow, max-snippet:-1, max-image-preview:large, max-video-preview:-1\" \/>\n<link rel=\"canonical\" href=\"https:\/\/liked.hu\/old\/erdekes\/12-kamu-internetes-foto\/\" \/>\n<meta property=\"og:locale\" content=\"hu_HU\" \/>\n<meta property=\"og:type\" content=\"article\" \/>\n<meta property=\"og:title\" content=\"12 internetes fot\u00f3, amin mindenki csod\u00e1lkozott m\u00e1r, pedig egy ordas nagy hazugs\u00e1g\" \/>\n<meta property=\"og:description\" content=\"Mind l\u00e1ttuk m\u00e1r ezeket a k\u00e9peket, legt\u00f6bbj\u00fck\u00f6n pedig val\u00f3sz\u00edn\u0171leg mi magunk is \u00e1muldoztunk egy nagyot an\u00e9lk\u00fcl, hogy egy percig is megk\u00e9rd\u0151jelezt\u00fck volna\" \/>\n<meta property=\"og:url\" content=\"https:\/\/liked.hu\/old\/erdekes\/12-kamu-internetes-foto\/\" \/>\n<meta property=\"og:site_name\" content=\"Liked.hu\" \/>\n<meta property=\"article:publisher\" content=\"https:\/\/www.facebook.com\/liked.hu\" \/>\n<meta property=\"article:published_time\" content=\"2019-07-25T13:09:26+00:00\" \/>\n<meta property=\"article:modified_time\" content=\"2022-09-05T23:37:43+00:00\" \/>\n<meta property=\"og:image\" content=\"https:\/\/liked.hu\/old\/wp-content\/uploads\/2019\/07\/Internetes-fake-fotok.jpg\" \/>\n\t<meta property=\"og:image:width\" content=\"1200\" \/>\n\t<meta property=\"og:image:height\" content=\"630\" \/>\n\t<meta property=\"og:image:type\" content=\"image\/jpeg\" \/>\n<meta name=\"author\" content=\"Klingstrom\" \/>\n<meta name=\"twitter:card\" content=\"summary\" \/>\n<meta name=\"twitter:creator\" content=\"@LikedHu\" \/>\n<meta name=\"twitter:site\" content=\"@LikedHu\" \/>\n<meta name=\"twitter:label1\" content=\"Szerz\u0151:\" \/>\n\t<meta name=\"twitter:data1\" content=\"Klingstrom\" \/>\n\t<meta name=\"twitter:label2\" content=\"Becs\u00fclt olvas\u00e1si id\u0151\" \/>\n\t<meta name=\"twitter:data2\" content=\"1 perc\" \/>\n<script type=\"application\/ld+json\" class=\"yoast-schema-graph\">{\"@context\":\"https:\/\/schema.org\",\"@graph\":[{\"@type\":\"Article\",\"@id\":\"https:\/\/liked.hu\/old\/erdekes\/12-kamu-internetes-foto\/#article\",\"isPartOf\":{\"@id\":\"https:\/\/liked.hu\/old\/erdekes\/12-kamu-internetes-foto\/\"},\"author\":{\"name\":\"Klingstrom\",\"@id\":\"https:\/\/liked.hu\/old\/#\/schema\/person\/1c8d3f8764991e8dcd6572a7de72da8a\"},\"headline\":\"12 internetes fot\u00f3, amin mindenki csod\u00e1lkozott m\u00e1r, pedig egy ordas nagy hazugs\u00e1g\",\"datePublished\":\"2019-07-25T13:09:26+00:00\",\"dateModified\":\"2022-09-05T23:37:43+00:00\",\"mainEntityOfPage\":{\"@id\":\"https:\/\/liked.hu\/old\/erdekes\/12-kamu-internetes-foto\/\"},\"wordCount\":108,\"commentCount\":0,\"publisher\":{\"@id\":\"https:\/\/liked.hu\/old\/#organization\"},\"keywords\":[\"\u00e1tver\u00e9s\",\"fake\",\"photoshop\"],\"articleSection\":[\"\u00c9rdekess\u00e9gek\"],\"inLanguage\":\"hu\",\"potentialAction\":[{\"@type\":\"CommentAction\",\"name\":\"Comment\",\"target\":[\"https:\/\/liked.hu\/old\/erdekes\/12-kamu-internetes-foto\/#respond\"]}]},{\"@type\":\"WebPage\",\"@id\":\"https:\/\/liked.hu\/old\/erdekes\/12-kamu-internetes-foto\/\",\"url\":\"https:\/\/liked.hu\/old\/erdekes\/12-kamu-internetes-foto\/\",\"name\":\"12 internetes fot\u00f3, amin mindenki csod\u00e1lkozott m\u00e1r, pedig egy ordas nagy hazugs\u00e1g\",\"isPartOf\":{\"@id\":\"https:\/\/liked.hu\/old\/#website\"},\"datePublished\":\"2019-07-25T13:09:26+00:00\",\"dateModified\":\"2022-09-05T23:37:43+00:00\",\"description\":\"Mind l\u00e1ttuk m\u00e1r ezeket a k\u00e9peket, legt\u00f6bbj\u00fck\u00f6n pedig val\u00f3sz\u00edn\u0171leg mi magunk is \u00e1muldoztunk egy nagyot an\u00e9lk\u00fcl, hogy egy percig is megk\u00e9rd\u0151jelezt\u00fck volna\",\"breadcrumb\":{\"@id\":\"https:\/\/liked.hu\/old\/erdekes\/12-kamu-internetes-foto\/#breadcrumb\"},\"inLanguage\":\"hu\",\"potentialAction\":[{\"@type\":\"ReadAction\",\"target\":[\"https:\/\/liked.hu\/old\/erdekes\/12-kamu-internetes-foto\/\"]}]},{\"@type\":\"BreadcrumbList\",\"@id\":\"https:\/\/liked.hu\/old\/erdekes\/12-kamu-internetes-foto\/#breadcrumb\",\"itemListElement\":[{\"@type\":\"ListItem\",\"position\":1,\"name\":\"Kezd\u0151lap\",\"item\":\"https:\/\/liked.hu\/old\/\"},{\"@type\":\"ListItem\",\"position\":2,\"name\":\"12 internetes fot\u00f3, amin mindenki csod\u00e1lkozott m\u00e1r, pedig egy ordas nagy hazugs\u00e1g\"}]},{\"@type\":\"WebSite\",\"@id\":\"https:\/\/liked.hu\/old\/#website\",\"url\":\"https:\/\/liked.hu\/old\/\",\"name\":\"Liked.hu\",\"description\":\"\",\"publisher\":{\"@id\":\"https:\/\/liked.hu\/old\/#organization\"},\"potentialAction\":[{\"@type\":\"SearchAction\",\"target\":{\"@type\":\"EntryPoint\",\"urlTemplate\":\"https:\/\/liked.hu\/old\/?s={search_term_string}\"},\"query-input\":\"required name=search_term_string\"}],\"inLanguage\":\"hu\"},{\"@type\":\"Organization\",\"@id\":\"https:\/\/liked.hu\/old\/#organization\",\"name\":\"Liked.hu\",\"url\":\"https:\/\/liked.hu\/old\/\",\"sameAs\":[\"https:\/\/hu.pinterest.com\/likedhungary\/\",\"https:\/\/www.youtube.com\/channel\/UCPv91dbMoIukYcM9b9nHN6Q\",\"https:\/\/www.facebook.com\/liked.hu\",\"https:\/\/twitter.com\/LikedHu\"],\"logo\":{\"@type\":\"ImageObject\",\"inLanguage\":\"hu\",\"@id\":\"https:\/\/liked.hu\/old\/#\/schema\/logo\/image\/\",\"url\":\"https:\/\/liked.hu\/wp-content\/uploads\/2018\/08\/Liked-icon.png\",\"contentUrl\":\"https:\/\/liked.hu\/wp-content\/uploads\/2018\/08\/Liked-icon.png\",\"width\":512,\"height\":512,\"caption\":\"Liked.hu\"},\"image\":{\"@id\":\"https:\/\/liked.hu\/old\/#\/schema\/logo\/image\/\"}},{\"@type\":\"Person\",\"@id\":\"https:\/\/liked.hu\/old\/#\/schema\/person\/1c8d3f8764991e8dcd6572a7de72da8a\",\"name\":\"Klingstrom\",\"image\":{\"@type\":\"ImageObject\",\"inLanguage\":\"hu\",\"@id\":\"https:\/\/liked.hu\/old\/#\/schema\/person\/image\/\",\"url\":\"https:\/\/liked.hu\/old\/wp-content\/uploads\/avatars\/13\/604de88bd578a-bpfull.jpg\",\"contentUrl\":\"https:\/\/liked.hu\/old\/wp-content\/uploads\/avatars\/13\/604de88bd578a-bpfull.jpg\",\"caption\":\"Klingstrom\"},\"url\":\"https:\/\/liked.hu\/old\/u\/klingstrom\/\"}]}<\/script>\n<!-- \/ Yoast SEO plugin. -->","yoast_head_json":{"title":"12 internetes fot\u00f3, amin mindenki csod\u00e1lkozott m\u00e1r, pedig egy ordas nagy hazugs\u00e1g","description":"Mind l\u00e1ttuk m\u00e1r ezeket a k\u00e9peket, legt\u00f6bbj\u00fck\u00f6n pedig val\u00f3sz\u00edn\u0171leg mi magunk is \u00e1muldoztunk egy nagyot an\u00e9lk\u00fcl, hogy egy percig is megk\u00e9rd\u0151jelezt\u00fck volna","robots":{"index":"index","follow":"follow","max-snippet":"max-snippet:-1","max-image-preview":"max-image-preview:large","max-video-preview":"max-video-preview:-1"},"canonical":"https:\/\/liked.hu\/old\/erdekes\/12-kamu-internetes-foto\/","og_locale":"hu_HU","og_type":"article","og_title":"12 internetes fot\u00f3, amin mindenki csod\u00e1lkozott m\u00e1r, pedig egy ordas nagy hazugs\u00e1g","og_description":"Mind l\u00e1ttuk m\u00e1r ezeket a k\u00e9peket, legt\u00f6bbj\u00fck\u00f6n pedig val\u00f3sz\u00edn\u0171leg mi magunk is \u00e1muldoztunk egy nagyot an\u00e9lk\u00fcl, hogy egy percig is megk\u00e9rd\u0151jelezt\u00fck volna","og_url":"https:\/\/liked.hu\/old\/erdekes\/12-kamu-internetes-foto\/","og_site_name":"Liked.hu","article_publisher":"https:\/\/www.facebook.com\/liked.hu","article_published_time":"2019-07-25T13:09:26+00:00","article_modified_time":"2022-09-05T23:37:43+00:00","og_image":[{"width":1200,"height":630,"url":"https:\/\/liked.hu\/old\/wp-content\/uploads\/2019\/07\/Internetes-fake-fotok.jpg","type":"image\/jpeg"}],"author":"Klingstrom","twitter_card":"summary","twitter_creator":"@LikedHu","twitter_site":"@LikedHu","twitter_misc":{"Szerz\u0151:":"Klingstrom","Becs\u00fclt olvas\u00e1si id\u0151":"1 perc"},"schema":{"@context":"https:\/\/schema.org","@graph":[{"@type":"Article","@id":"https:\/\/liked.hu\/old\/erdekes\/12-kamu-internetes-foto\/#article","isPartOf":{"@id":"https:\/\/liked.hu\/old\/erdekes\/12-kamu-internetes-foto\/"},"author":{"name":"Klingstrom","@id":"https:\/\/liked.hu\/old\/#\/schema\/person\/1c8d3f8764991e8dcd6572a7de72da8a"},"headline":"12 internetes fot\u00f3, amin mindenki csod\u00e1lkozott m\u00e1r, pedig egy ordas nagy hazugs\u00e1g","datePublished":"2019-07-25T13:09:26+00:00","dateModified":"2022-09-05T23:37:43+00:00","mainEntityOfPage":{"@id":"https:\/\/liked.hu\/old\/erdekes\/12-kamu-internetes-foto\/"},"wordCount":108,"commentCount":0,"publisher":{"@id":"https:\/\/liked.hu\/old\/#organization"},"keywords":["\u00e1tver\u00e9s","fake","photoshop"],"articleSection":["\u00c9rdekess\u00e9gek"],"inLanguage":"hu","potentialAction":[{"@type":"CommentAction","name":"Comment","target":["https:\/\/liked.hu\/old\/erdekes\/12-kamu-internetes-foto\/#respond"]}]},{"@type":"WebPage","@id":"https:\/\/liked.hu\/old\/erdekes\/12-kamu-internetes-foto\/","url":"https:\/\/liked.hu\/old\/erdekes\/12-kamu-internetes-foto\/","name":"12 internetes fot\u00f3, amin mindenki csod\u00e1lkozott m\u00e1r, pedig egy ordas nagy hazugs\u00e1g","isPartOf":{"@id":"https:\/\/liked.hu\/old\/#website"},"datePublished":"2019-07-25T13:09:26+00:00","dateModified":"2022-09-05T23:37:43+00:00","description":"Mind l\u00e1ttuk m\u00e1r ezeket a k\u00e9peket, legt\u00f6bbj\u00fck\u00f6n pedig val\u00f3sz\u00edn\u0171leg mi magunk is \u00e1muldoztunk egy nagyot an\u00e9lk\u00fcl, hogy egy percig is megk\u00e9rd\u0151jelezt\u00fck volna","breadcrumb":{"@id":"https:\/\/liked.hu\/old\/erdekes\/12-kamu-internetes-foto\/#breadcrumb"},"inLanguage":"hu","potentialAction":[{"@type":"ReadAction","target":["https:\/\/liked.hu\/old\/erdekes\/12-kamu-internetes-foto\/"]}]},{"@type":"BreadcrumbList","@id":"https:\/\/liked.hu\/old\/erdekes\/12-kamu-internetes-foto\/#breadcrumb","itemListElement":[{"@type":"ListItem","position":1,"name":"Kezd\u0151lap","item":"https:\/\/liked.hu\/old\/"},{"@type":"ListItem","position":2,"name":"12 internetes fot\u00f3, amin mindenki csod\u00e1lkozott m\u00e1r, pedig egy ordas nagy hazugs\u00e1g"}]},{"@type":"WebSite","@id":"https:\/\/liked.hu\/old\/#website","url":"https:\/\/liked.hu\/old\/","name":"Liked.hu","description":"","publisher":{"@id":"https:\/\/liked.hu\/old\/#organization"},"potentialAction":[{"@type":"SearchAction","target":{"@type":"EntryPoint","urlTemplate":"https:\/\/liked.hu\/old\/?s={search_term_string}"},"query-input":"required name=search_term_string"}],"inLanguage":"hu"},{"@type":"Organization","@id":"https:\/\/liked.hu\/old\/#organization","name":"Liked.hu","url":"https:\/\/liked.hu\/old\/","sameAs":["https:\/\/hu.pinterest.com\/likedhungary\/","https:\/\/www.youtube.com\/channel\/UCPv91dbMoIukYcM9b9nHN6Q","https:\/\/www.facebook.com\/liked.hu","https:\/\/twitter.com\/LikedHu"],"logo":{"@type":"ImageObject","inLanguage":"hu","@id":"https:\/\/liked.hu\/old\/#\/schema\/logo\/image\/","url":"https:\/\/liked.hu\/wp-content\/uploads\/2018\/08\/Liked-icon.png","contentUrl":"https:\/\/liked.hu\/wp-content\/uploads\/2018\/08\/Liked-icon.png","width":512,"height":512,"caption":"Liked.hu"},"image":{"@id":"https:\/\/liked.hu\/old\/#\/schema\/logo\/image\/"}},{"@type":"Person","@id":"https:\/\/liked.hu\/old\/#\/schema\/person\/1c8d3f8764991e8dcd6572a7de72da8a","name":"Klingstrom","image":{"@type":"ImageObject","inLanguage":"hu","@id":"https:\/\/liked.hu\/old\/#\/schema\/person\/image\/","url":"https:\/\/liked.hu\/old\/wp-content\/uploads\/avatars\/13\/604de88bd578a-bpfull.jpg","contentUrl":"https:\/\/liked.hu\/old\/wp-content\/uploads\/avatars\/13\/604de88bd578a-bpfull.jpg","caption":"Klingstrom"},"url":"https:\/\/liked.hu\/old\/u\/klingstrom\/"}]}},"publishpress_future_action":{"enabled":false,"date":"1970-01-01 01:00:00","action":"","terms":[],"taxonomy":"","browser_timezone_offset":0},"_links":{"self":[{"href":"https:\/\/liked.hu\/old\/wp-json\/wp\/v2\/posts\/153454"}],"collection":[{"href":"https:\/\/liked.hu\/old\/wp-json\/wp\/v2\/posts"}],"about":[{"href":"https:\/\/liked.hu\/old\/wp-json\/wp\/v2\/types\/post"}],"author":[{"embeddable":true,"href":"https:\/\/liked.hu\/old\/wp-json\/wp\/v2\/users\/13"}],"replies":[{"embeddable":true,"href":"https:\/\/liked.hu\/old\/wp-json\/wp\/v2\/comments?post=153454"}],"version-history":[{"count":0,"href":"https:\/\/liked.hu\/old\/wp-json\/wp\/v2\/posts\/153454\/revisions"}],"wp:featuredmedia":[{"embeddable":true,"href":"https:\/\/liked.hu\/old\/wp-json\/wp\/v2\/media\/153457"}],"wp:attachment":[{"href":"https:\/\/liked.hu\/old\/wp-json\/wp\/v2\/media?parent=153454"}],"wp:term":[{"taxonomy":"category","embeddable":true,"href":"https:\/\/liked.hu\/old\/wp-json\/wp\/v2\/categories?post=153454"},{"taxonomy":"post_tag","embeddable":true,"href":"https:\/\/liked.hu\/old\/wp-json\/wp\/v2\/tags?post=153454"}],"curies":[{"name":"wp","href":"https:\/\/api.w.org\/{rel}","templated":true}]}}