{"id":153095,"date":"2019-07-24T12:14:51","date_gmt":"2019-07-24T10:14:51","guid":{"rendered":"https:\/\/liked.hu\/old\/?p=153095"},"modified":"2022-09-06T01:32:36","modified_gmt":"2022-09-05T23:32:36","slug":"oszinte-kisgyermekek","status":"publish","type":"post","link":"https:\/\/liked.hu\/old\/vicces\/oszinte-kisgyermekek\/","title":{"rendered":"12 v\u00e9gtelen\u00fcl \u0151szinte kisgyermek, aki b\u00e1tran felv\u00e1llalta a j\u00f6v\u0151beni terveit"},"content":{"rendered":"<p>Gyerekkorunk egyik legt\u00f6bbet hallott k\u00e9rd\u00e9se k\u00e9ts\u00e9gk\u00edv\u00fcl a ,,mi szeretn\u00e9l lenni, ha nagy leszel?!&#8221;. Ez az a k\u00e9rd\u00e9s amire egy \u00e1ltal\u00e1nos iskola als\u00f3 oszt\u00e1lyaiba j\u00e1r\u00f3 gyermek val\u00f3sz\u00edn\u0171leg m\u00e9g akkor sem tudna v\u00e1laszolni, ha az \u00e9lete m\u00falna rajta.<\/p>\n\n<div style=\"float:none;margin:0px 0 0px 0;text-align:center;\">\n<div class=\"mobileShowkakettes\"><div class=\"mobileShowka2\"><div style=\"padding-top:0px;padding-bottom:15px;min-height: 300px;\"><div class=\"hirdetes\">HIRDET\u00c9S<\/div>\n<!-- 300lista -->\n<ins class=\"adsbygoogle\"\n     style=\"display:inline-block;width:300px;height:250px\"\n     data-ad-client=\"ca-pub-9424088931673893\"\n     data-ad-slot=\"8471340766\"><\/ins>\n<script async>\n     (adsbygoogle = window.adsbygoogle || []).push({});\n<\/script><\/div><\/div><\/div><\/div>\n\n<p>A feln\u0151ttek viszont akkor is csak k\u00e9rdezgetik, er\u0151ltetik, melynek olykor-olykor meg is van az eredm\u00e9nye&#8230;\ud83d\ude1c<\/p>\n<div id=\"zombify-main-section-front\" class=\"zombify-main-section-front zombify-screen zf-media-full\">\r\n\t<link rel=\"stylesheet\" type=\"text\/css\" href=\"https:\/\/liked.hu\/old\/js\/zombify.css\">\r\n    <link rel=\"stylesheet\" type=\"text\/css\" href=\"https:\/\/liked.hu\/old\/wp-content\/themes\/newsy-child\/style.css\">\r\n\t<div class=\"zf-container\">\r\n\t\t<div id=\"zf-list\" class=\"zf-list zf-numbered\">\r\n\t\t\t<ol class=\"zf-structure-list\">\r\n\t\t\t\t\t\t\t\t\t\t<li class=\"zf-list_item\">\r\n\t\t\t\t\t\t\t<div class=\"zf-list_header\">\r\n\t\t\t\t\t\t\t\t<h3 id=\"listaelem1\" class=\"zf-list_title\">\r\n\t\t\t\t\t\t\t\t\t<span class=\"zf-number\">1<\/span>\r\n\t\t\t\t\t\t\t\t\tTeljesen re\u00e1lisan l\u00e1tja a dolgokat.\t\t\t\t\t\t\t\t<\/h3>\r\n\t\t\t\t\t\t\t<\/div>\r\n\t\t\t\t\t\t\t\t\t\t\t\t\t\t\t<figure class=\"zf-list_media zf-media-wrapper zf-image zf-type-image\">\r\n\t\t\t\t\t\t\t\t\t<div title=\"Teljesen re\u00e1lisan l\u00e1tja a dolgokat.\" alt=\"Teljesen re\u00e1lisan l\u00e1tja a dolgokat.\" class=\"zf-media\">\r\n\t\t\t\t\t\t\t\t\t\t<img width=\"800\" height=\"450\" src=\"https:\/\/liked.hu\/old\/wp-content\/uploads\/2019\/07\/xVicces_gyerekrajzok-7.jpg.pagespeed.ic_.R02HuJ0kFQ.jpg\" class=\"\" alt=\"\" loading=\"lazy\" style=\"\" srcset=\"https:\/\/liked.hu\/old\/wp-content\/uploads\/2019\/07\/xVicces_gyerekrajzok-7.jpg.pagespeed.ic_.R02HuJ0kFQ.jpg 800w, https:\/\/liked.hu\/old\/wp-content\/uploads\/2019\/07\/xVicces_gyerekrajzok-7.jpg.pagespeed.ic_.R02HuJ0kFQ-300x169.jpg 300w, https:\/\/liked.hu\/old\/wp-content\/uploads\/2019\/07\/xVicces_gyerekrajzok-7.jpg.pagespeed.ic_.R02HuJ0kFQ-768x432.jpg 768w, https:\/\/liked.hu\/old\/wp-content\/uploads\/2019\/07\/xVicces_gyerekrajzok-7.jpg.pagespeed.ic_.R02HuJ0kFQ-500x281.jpg 500w, https:\/\/liked.hu\/old\/wp-content\/uploads\/2019\/07\/xVicces_gyerekrajzok-7.jpg.pagespeed.ic_.R02HuJ0kFQ-360x203.jpg 360w, https:\/\/liked.hu\/old\/wp-content\/uploads\/2019\/07\/xVicces_gyerekrajzok-7.jpg.pagespeed.ic_.R02HuJ0kFQ-545x307.jpg 545w\" sizes=\"(max-width: 800px) 100vw, 800px\" \/>\t\t\t\t\t\t\t\t\t\t\t<figcaption class=\"zf-figcaption\">\r\n\t\t\t\t\t\t\t\t\t\t\t\t\t\t\t\t\t\t\t\t\t\t\t\t<cite>        <a class=\"zf-media_credit\" target=\"_blank\" href=\"https:\/\/liked.hu\/old\/kimeno.php?https:\/\/liked.hu\/kimeno.php?https:\/\/www.facebook.com\/liked.hu\" rel=\"nofollow noopener\">liked \/ facebook<\/a>\r\n        <\/cite>\r\n\r\n\t\t\t\t\t\t\t\t\t\t\t\t\t\t\t\t\t\t\t\t\t\t\t<\/figcaption>\r\n\t\t\t\t\t\t\t\t\t\t\t\t\t\t\t\t\t\t\t<\/div>\r\n\t\t\t\t\t\t\t\t\t<hr \/>\r\n\t\t\t\t\t\t\t\t<\/figure>\r\n\t\t\t\t\t\t\t\t\t\t\t\t\t\t<\/li>\r\n\t\t\t\t\t\t\t\t\t\t\t\t<li class=\"zf-list_item\">\r\n\t\t\t\t\t\t\t<div class=\"zf-list_header\">\r\n\t\t\t\t\t\t\t\t<h3 id=\"listaelem2\" class=\"zf-list_title\">\r\n\t\t\t\t\t\t\t\t\t<span class=\"zf-number\">2<\/span>\r\n\t\t\t\t\t\t\t\t\tBar\u00e1ts\u00e1gos \u00f3va int\u00e9s\u2026\t\t\t\t\t\t\t\t<\/h3>\r\n\t\t\t\t\t\t\t<\/div>\r\n\t\t\t\t\t\t\t\t\t\t\t\t\t\t\t<figure class=\"zf-list_media zf-media-wrapper zf-image zf-type-image\">\r\n\t\t\t\t\t\t\t\t\t<div title=\"Bar\u00e1ts\u00e1gos \u00f3va int\u00e9s\u2026\" alt=\"Bar\u00e1ts\u00e1gos \u00f3va int\u00e9s\u2026\" class=\"zf-media\">\r\n\t\t\t\t\t\t\t\t\t\t<img width=\"800\" height=\"450\" src=\"https:\/\/liked.hu\/old\/wp-content\/uploads\/2019\/07\/Vicces_gyerekrajzok-9.jpg\" class=\"\" alt=\"\" loading=\"lazy\" style=\"\" srcset=\"https:\/\/liked.hu\/old\/wp-content\/uploads\/2019\/07\/Vicces_gyerekrajzok-9.jpg 800w, https:\/\/liked.hu\/old\/wp-content\/uploads\/2019\/07\/Vicces_gyerekrajzok-9-300x169.jpg 300w, https:\/\/liked.hu\/old\/wp-content\/uploads\/2019\/07\/Vicces_gyerekrajzok-9-768x432.jpg 768w, https:\/\/liked.hu\/old\/wp-content\/uploads\/2019\/07\/Vicces_gyerekrajzok-9-500x281.jpg 500w, https:\/\/liked.hu\/old\/wp-content\/uploads\/2019\/07\/Vicces_gyerekrajzok-9-360x203.jpg 360w, https:\/\/liked.hu\/old\/wp-content\/uploads\/2019\/07\/Vicces_gyerekrajzok-9-545x307.jpg 545w\" sizes=\"(max-width: 800px) 100vw, 800px\" \/>\t\t\t\t\t\t\t\t\t\t\t<figcaption class=\"zf-figcaption\">\r\n\t\t\t\t\t\t\t\t\t\t\t\t\t\t\t\t\t\t\t\t\t\t\t\t<cite>        <a class=\"zf-media_credit\" target=\"_blank\" href=\"https:\/\/liked.hu\/old\/kimeno.php?https:\/\/liked.hu\/kimeno.php?https:\/\/www.facebook.com\/liked.hu\" rel=\"nofollow noopener\">liked \/ facebook<\/a>\r\n        <\/cite>\r\n\r\n\t\t\t\t\t\t\t\t\t\t\t\t\t\t\t\t\t\t\t\t\t\t\t<\/figcaption>\r\n\t\t\t\t\t\t\t\t\t\t\t\t\t\t\t\t\t\t\t<\/div>\r\n\t\t\t\t\t\t\t\t\t<hr \/>\r\n\t\t\t\t\t\t\t\t<\/figure>\r\n\t\t\t\t\t\t\t\t\t\t\t\t\t\t<\/li>\r\n\t\t\t\t\t\t\t\t\t\t\t\t<li class=\"zf-list_item\">\r\n\t\t\t\t\t\t\t<div class=\"zf-list_header\">\r\n\t\t\t\t\t\t\t\t<h3 id=\"listaelem3\" class=\"zf-list_title\">\r\n\t\t\t\t\t\t\t\t\t<span class=\"zf-number\">3<\/span>\r\n\t\t\t\t\t\t\t\t\tCsak nehogy a k\u00e9s\u0151bbiekben eluralkodjon ez a robban\u00e1s ir\u00e1nti v\u00e1gy...\ud83d\ude44\t\t\t\t\t\t\t\t<\/h3>\r\n\t\t\t\t\t\t\t<\/div>\r\n\t\t\t\t\t\t\t\t\t\t\t\t\t\t\t<figure class=\"zf-list_media zf-media-wrapper zf-image zf-type-image\">\r\n\t\t\t\t\t\t\t\t\t<div title=\"Csak nehogy a k\u00e9s\u0151bbiekben eluralkodjon ez a robban\u00e1s ir\u00e1nti v\u00e1gy...\ud83d\ude44\" alt=\"Csak nehogy a k\u00e9s\u0151bbiekben eluralkodjon ez a robban\u00e1s ir\u00e1nti v\u00e1gy...\ud83d\ude44\" class=\"zf-media\">\r\n\t\t\t\t\t\t\t\t\t\t<img width=\"800\" height=\"450\" src=\"https:\/\/liked.hu\/old\/wp-content\/uploads\/2019\/07\/Vicces_gyerekrajzok-12.jpg\" class=\"\" alt=\"\" loading=\"lazy\" style=\"\" srcset=\"https:\/\/liked.hu\/old\/wp-content\/uploads\/2019\/07\/Vicces_gyerekrajzok-12.jpg 800w, https:\/\/liked.hu\/old\/wp-content\/uploads\/2019\/07\/Vicces_gyerekrajzok-12-300x169.jpg 300w, https:\/\/liked.hu\/old\/wp-content\/uploads\/2019\/07\/Vicces_gyerekrajzok-12-768x432.jpg 768w, https:\/\/liked.hu\/old\/wp-content\/uploads\/2019\/07\/Vicces_gyerekrajzok-12-500x281.jpg 500w, https:\/\/liked.hu\/old\/wp-content\/uploads\/2019\/07\/Vicces_gyerekrajzok-12-360x203.jpg 360w, https:\/\/liked.hu\/old\/wp-content\/uploads\/2019\/07\/Vicces_gyerekrajzok-12-545x307.jpg 545w\" sizes=\"(max-width: 800px) 100vw, 800px\" \/>\t\t\t\t\t\t\t\t\t\t\t<figcaption class=\"zf-figcaption\">\r\n\t\t\t\t\t\t\t\t\t\t\t\t\t\t\t\t\t\t\t\t\t\t\t\t<cite>        <a class=\"zf-media_credit\" target=\"_blank\" href=\"https:\/\/liked.hu\/old\/kimeno.php?https:\/\/liked.hu\/kimeno.php?https:\/\/www.facebook.com\/liked.hu\" rel=\"nofollow noopener\">liked \/ facebook<\/a>\r\n        <\/cite>\r\n\r\n\t\t\t\t\t\t\t\t\t\t\t\t\t\t\t\t\t\t\t\t\t\t\t<\/figcaption>\r\n\t\t\t\t\t\t\t\t\t\t\t\t\t\t\t\t\t\t\t<\/div>\r\n\t\t\t\t\t\t\t\t\t<hr \/>\r\n\t\t\t\t\t\t\t\t<\/figure>\r\n\t\t\t\t\t\t\t\t\t\t\t\t\t\t<\/li>\r\n\t\t\t\t\t\t\t\t\t\t\t\t<li class=\"zf-list_item\">\r\n\t\t\t\t\t\t\t<div class=\"zf-list_header\">\r\n\t\t\t\t\t\t\t\t<h3 id=\"listaelem4\" class=\"zf-list_title\">\r\n\t\t\t\t\t\t\t\t\t<span class=\"zf-number\">4<\/span>\r\n\t\t\t\t\t\t\t\t\tA gyermekek \u0151szintes\u00e9ge nem ismer hat\u00e1rokat.\t\t\t\t\t\t\t\t<\/h3>\r\n\t\t\t\t\t\t\t<\/div>\r\n\t\t\t\t\t\t\t\t\t\t\t\t\t\t\t<figure class=\"zf-list_media zf-media-wrapper zf-image zf-type-image\">\r\n\t\t\t\t\t\t\t\t\t<div title=\"A gyermekek \u0151szintes\u00e9ge nem ismer hat\u00e1rokat.\" alt=\"A gyermekek \u0151szintes\u00e9ge nem ismer hat\u00e1rokat.\" class=\"zf-media\">\r\n\t\t\t\t\t\t\t\t\t\t<img width=\"800\" height=\"832\" src=\"https:\/\/liked.hu\/old\/wp-content\/uploads\/2019\/07\/Vicces_gyerekrajzok-11.jpg\" class=\"\" alt=\"\" loading=\"lazy\" style=\"\" srcset=\"https:\/\/liked.hu\/old\/wp-content\/uploads\/2019\/07\/Vicces_gyerekrajzok-11.jpg 800w, https:\/\/liked.hu\/old\/wp-content\/uploads\/2019\/07\/Vicces_gyerekrajzok-11-288x300.jpg 288w, https:\/\/liked.hu\/old\/wp-content\/uploads\/2019\/07\/Vicces_gyerekrajzok-11-768x799.jpg 768w, https:\/\/liked.hu\/old\/wp-content\/uploads\/2019\/07\/Vicces_gyerekrajzok-11-481x500.jpg 481w, https:\/\/liked.hu\/old\/wp-content\/uploads\/2019\/07\/Vicces_gyerekrajzok-11-360x374.jpg 360w, https:\/\/liked.hu\/old\/wp-content\/uploads\/2019\/07\/Vicces_gyerekrajzok-11-545x567.jpg 545w\" sizes=\"(max-width: 800px) 100vw, 800px\" \/>\t\t\t\t\t\t\t\t\t\t\t<figcaption class=\"zf-figcaption\">\r\n\t\t\t\t\t\t\t\t\t\t\t\t\t\t\t\t\t\t\t\t\t\t\t\t<cite>        <a class=\"zf-media_credit\" target=\"_blank\" href=\"https:\/\/liked.hu\/old\/kimeno.php?https:\/\/liked.hu\/kimeno.php?https:\/\/www.facebook.com\/liked.hu\" rel=\"nofollow noopener\">liked \/ facebook<\/a>\r\n        <\/cite>\r\n\r\n\t\t\t\t\t\t\t\t\t\t\t\t\t\t\t\t\t\t\t\t\t\t\t<\/figcaption>\r\n\t\t\t\t\t\t\t\t\t\t\t\t\t\t\t\t\t\t\t<\/div>\r\n\t\t\t\t\t\t\t\t\t<hr \/>\r\n\t\t\t\t\t\t\t\t<\/figure>\r\n\t\t\t\t\t\t\t\t\t\t\t\t\t\t<\/li>\r\n\t\t\t\t\t\t\t\t\t\t\t\t<li class=\"zf-list_item\">\r\n\t\t\t\t\t\t\t<div class=\"zf-list_header\">\r\n\t\t\t\t\t\t\t\t<h3 id=\"listaelem5\" class=\"zf-list_title\">\r\n\t\t\t\t\t\t\t\t\t<span class=\"zf-number\">5<\/span>\r\n\t\t\t\t\t\t\t\t\t\u00c9n is kis haver, \u00e9n is.\t\t\t\t\t\t\t\t<\/h3>\r\n\t\t\t\t\t\t\t<\/div>\r\n\t\t\t\t\t\t\t\t\t\t\t\t\t\t\t<figure class=\"zf-list_media zf-media-wrapper zf-image zf-type-image\">\r\n\t\t\t\t\t\t\t\t\t<div title=\"\u00c9n is kis haver, \u00e9n is.\" alt=\"\u00c9n is kis haver, \u00e9n is.\" class=\"zf-media\">\r\n\t\t\t\t\t\t\t\t\t\t<img width=\"800\" height=\"600\" src=\"https:\/\/liked.hu\/old\/wp-content\/uploads\/2019\/07\/Vicces_gyerekrajzok-8.jpg\" class=\"\" alt=\"\" loading=\"lazy\" style=\"\" srcset=\"https:\/\/liked.hu\/old\/wp-content\/uploads\/2019\/07\/Vicces_gyerekrajzok-8.jpg 800w, https:\/\/liked.hu\/old\/wp-content\/uploads\/2019\/07\/Vicces_gyerekrajzok-8-300x225.jpg 300w, https:\/\/liked.hu\/old\/wp-content\/uploads\/2019\/07\/Vicces_gyerekrajzok-8-768x576.jpg 768w, https:\/\/liked.hu\/old\/wp-content\/uploads\/2019\/07\/Vicces_gyerekrajzok-8-500x375.jpg 500w, https:\/\/liked.hu\/old\/wp-content\/uploads\/2019\/07\/Vicces_gyerekrajzok-8-200x150.jpg 200w, https:\/\/liked.hu\/old\/wp-content\/uploads\/2019\/07\/Vicces_gyerekrajzok-8-360x270.jpg 360w, https:\/\/liked.hu\/old\/wp-content\/uploads\/2019\/07\/Vicces_gyerekrajzok-8-545x409.jpg 545w\" sizes=\"(max-width: 800px) 100vw, 800px\" \/>\t\t\t\t\t\t\t\t\t\t\t<figcaption class=\"zf-figcaption\">\r\n\t\t\t\t\t\t\t\t\t\t\t\t\t\t\t\t\t\t\t\t\t\t\t\t<cite>        <a class=\"zf-media_credit\" target=\"_blank\" href=\"https:\/\/liked.hu\/old\/kimeno.php?https:\/\/liked.hu\/kimeno.php?https:\/\/www.facebook.com\/liked.hu\" rel=\"nofollow noopener\">liked \/ facebook<\/a>\r\n        <\/cite>\r\n\r\n\t\t\t\t\t\t\t\t\t\t\t\t\t\t\t\t\t\t\t\t\t\t\t<\/figcaption>\r\n\t\t\t\t\t\t\t\t\t\t\t\t\t\t\t\t\t\t\t<\/div>\r\n\t\t\t\t\t\t\t\t\t<hr \/>\r\n\t\t\t\t\t\t\t\t<\/figure>\r\n\t\t\t\t\t\t\t\t\t\t\t\t\t\t<\/li>\r\n\t\t\t\t\t\t\t\t\t\t\t\t<li class=\"zf-list_item\">\r\n\t\t\t\t\t\t\t<div class=\"zf-list_header\">\r\n\t\t\t\t\t\t\t\t<h3 id=\"listaelem6\" class=\"zf-list_title\">\r\n\t\t\t\t\t\t\t\t\t<span class=\"zf-number\">6<\/span>\r\n\t\t\t\t\t\t\t\t\tAzt\u00e1n elj\u00f6n az az id\u0151, amikor m\u00e1r visszafel\u00e9 szeretn\u00e9nk p\u00f6rgetni az id\u0151t...\ud83d\ude0f\t\t\t\t\t\t\t\t<\/h3>\r\n\t\t\t\t\t\t\t<\/div>\r\n\t\t\t\t\t\t\t\t\t\t\t\t\t\t\t<figure class=\"zf-list_media zf-media-wrapper zf-image zf-type-image\">\r\n\t\t\t\t\t\t\t\t\t<div title=\"Azt\u00e1n elj\u00f6n az az id\u0151, amikor m\u00e1r visszafel\u00e9 szeretn\u00e9nk p\u00f6rgetni az id\u0151t...\ud83d\ude0f\" alt=\"Azt\u00e1n elj\u00f6n az az id\u0151, amikor m\u00e1r visszafel\u00e9 szeretn\u00e9nk p\u00f6rgetni az id\u0151t...\ud83d\ude0f\" class=\"zf-media\">\r\n\t\t\t\t\t\t\t\t\t\t<img width=\"800\" height=\"600\" src=\"https:\/\/liked.hu\/old\/wp-content\/uploads\/2019\/07\/Vicces_gyerekrajzok-10.jpg\" class=\"\" alt=\"\" loading=\"lazy\" style=\"\" srcset=\"https:\/\/liked.hu\/old\/wp-content\/uploads\/2019\/07\/Vicces_gyerekrajzok-10.jpg 800w, https:\/\/liked.hu\/old\/wp-content\/uploads\/2019\/07\/Vicces_gyerekrajzok-10-300x225.jpg 300w, https:\/\/liked.hu\/old\/wp-content\/uploads\/2019\/07\/Vicces_gyerekrajzok-10-768x576.jpg 768w, https:\/\/liked.hu\/old\/wp-content\/uploads\/2019\/07\/Vicces_gyerekrajzok-10-500x375.jpg 500w, https:\/\/liked.hu\/old\/wp-content\/uploads\/2019\/07\/Vicces_gyerekrajzok-10-200x150.jpg 200w, https:\/\/liked.hu\/old\/wp-content\/uploads\/2019\/07\/Vicces_gyerekrajzok-10-360x270.jpg 360w, https:\/\/liked.hu\/old\/wp-content\/uploads\/2019\/07\/Vicces_gyerekrajzok-10-545x409.jpg 545w\" sizes=\"(max-width: 800px) 100vw, 800px\" \/>\t\t\t\t\t\t\t\t\t\t\t<figcaption class=\"zf-figcaption\">\r\n\t\t\t\t\t\t\t\t\t\t\t\t\t\t\t\t\t\t\t\t\t\t\t\t<cite>        <a class=\"zf-media_credit\" target=\"_blank\" href=\"https:\/\/liked.hu\/old\/kimeno.php?https:\/\/liked.hu\/kimeno.php?https:\/\/www.facebook.com\/liked.hu\" rel=\"nofollow noopener\">liked \/ facebook<\/a>\r\n        <\/cite>\r\n\r\n\t\t\t\t\t\t\t\t\t\t\t\t\t\t\t\t\t\t\t\t\t\t\t<\/figcaption>\r\n\t\t\t\t\t\t\t\t\t\t\t\t\t\t\t\t\t\t\t<\/div>\r\n\t\t\t\t\t\t\t\t\t<hr \/>\r\n\t\t\t\t\t\t\t\t<\/figure>\r\n\t\t\t\t\t\t\t\t\t\t\t\t\t\t<\/li>\r\n\t\t\t\t\t\t\t\t\t\t\t\t<li class=\"zf-list_item\">\r\n\t\t\t\t\t\t\t<div class=\"zf-list_header\">\r\n\t\t\t\t\t\t\t\t<h3 id=\"listaelem7\" class=\"zf-list_title\">\r\n\t\t\t\t\t\t\t\t\t<span class=\"zf-number\">7<\/span>\r\n\t\t\t\t\t\t\t\t\tRe\u00e1lis, el\u00e9rhet\u0151 c\u00e9l. M\u00e9g ha kicsit fura is... \ud83d\ude00\t\t\t\t\t\t\t\t<\/h3>\r\n\t\t\t\t\t\t\t<\/div>\r\n\t\t\t\t\t\t\t\t\t\t\t\t\t\t\t<figure class=\"zf-list_media zf-media-wrapper zf-image zf-type-image\">\r\n\t\t\t\t\t\t\t\t\t<div title=\"Re\u00e1lis, el\u00e9rhet\u0151 c\u00e9l. M\u00e9g ha kicsit fura is... :D\" alt=\"Re\u00e1lis, el\u00e9rhet\u0151 c\u00e9l. M\u00e9g ha kicsit fura is... :D\" class=\"zf-media\">\r\n\t\t\t\t\t\t\t\t\t\t<img width=\"800\" height=\"450\" src=\"https:\/\/liked.hu\/old\/wp-content\/uploads\/2019\/07\/xVicces_gyerekrajzok-6.jpg.pagespeed.ic_.tjDEpqJorJ.jpg\" class=\"\" alt=\"\" loading=\"lazy\" style=\"\" srcset=\"https:\/\/liked.hu\/old\/wp-content\/uploads\/2019\/07\/xVicces_gyerekrajzok-6.jpg.pagespeed.ic_.tjDEpqJorJ.jpg 800w, https:\/\/liked.hu\/old\/wp-content\/uploads\/2019\/07\/xVicces_gyerekrajzok-6.jpg.pagespeed.ic_.tjDEpqJorJ-300x169.jpg 300w, https:\/\/liked.hu\/old\/wp-content\/uploads\/2019\/07\/xVicces_gyerekrajzok-6.jpg.pagespeed.ic_.tjDEpqJorJ-768x432.jpg 768w, https:\/\/liked.hu\/old\/wp-content\/uploads\/2019\/07\/xVicces_gyerekrajzok-6.jpg.pagespeed.ic_.tjDEpqJorJ-500x281.jpg 500w, https:\/\/liked.hu\/old\/wp-content\/uploads\/2019\/07\/xVicces_gyerekrajzok-6.jpg.pagespeed.ic_.tjDEpqJorJ-360x203.jpg 360w, https:\/\/liked.hu\/old\/wp-content\/uploads\/2019\/07\/xVicces_gyerekrajzok-6.jpg.pagespeed.ic_.tjDEpqJorJ-545x307.jpg 545w\" sizes=\"(max-width: 800px) 100vw, 800px\" \/>\t\t\t\t\t\t\t\t\t\t\t<figcaption class=\"zf-figcaption\">\r\n\t\t\t\t\t\t\t\t\t\t\t\t\t\t\t\t\t\t\t\t\t\t\t\t<cite>        <a class=\"zf-media_credit\" target=\"_blank\" href=\"https:\/\/liked.hu\/old\/kimeno.php?https:\/\/liked.hu\/kimeno.php?https:\/\/www.facebook.com\/liked.hu\" rel=\"nofollow noopener\">liked \/ facebook<\/a>\r\n        <\/cite>\r\n\r\n\t\t\t\t\t\t\t\t\t\t\t\t\t\t\t\t\t\t\t\t\t\t\t<\/figcaption>\r\n\t\t\t\t\t\t\t\t\t\t\t\t\t\t\t\t\t\t\t<\/div>\r\n\t\t\t\t\t\t\t\t\t<hr \/>\r\n\t\t\t\t\t\t\t\t<\/figure>\r\n\t\t\t\t\t\t\t\t\t\t\t\t\t\t\t\t<div class=\"zf-list_description\"><p>&nbsp;&nbsp;<\/p><\/div>\r\n\t\t\t\t\t\t\t\t\t\t\t\t\t<\/li>\r\n\t\t\t\t\t\t\t\t\t\t\t\t<li class=\"zf-list_item\">\r\n\t\t\t\t\t\t\t<div class=\"zf-list_header\">\r\n\t\t\t\t\t\t\t\t<h3 id=\"listaelem8\" class=\"zf-list_title\">\r\n\t\t\t\t\t\t\t\t\t<span class=\"zf-number\">8<\/span>\r\n\t\t\t\t\t\t\t\t\tLegjobb bar\u00e1t.\t\t\t\t\t\t\t\t<\/h3>\r\n\t\t\t\t\t\t\t<\/div>\r\n\t\t\t\t\t\t\t\t\t\t\t\t\t\t\t<figure class=\"zf-list_media zf-media-wrapper zf-image zf-type-image\">\r\n\t\t\t\t\t\t\t\t\t<div title=\"Legjobb bar\u00e1t.\" alt=\"Legjobb bar\u00e1t.\" class=\"zf-media\">\r\n\t\t\t\t\t\t\t\t\t\t<img width=\"800\" height=\"450\" src=\"https:\/\/liked.hu\/old\/wp-content\/uploads\/2019\/07\/Vicces_gyerekrajzok-5.jpg\" class=\"\" alt=\"\" loading=\"lazy\" style=\"\" srcset=\"https:\/\/liked.hu\/old\/wp-content\/uploads\/2019\/07\/Vicces_gyerekrajzok-5.jpg 800w, https:\/\/liked.hu\/old\/wp-content\/uploads\/2019\/07\/Vicces_gyerekrajzok-5-300x169.jpg 300w, https:\/\/liked.hu\/old\/wp-content\/uploads\/2019\/07\/Vicces_gyerekrajzok-5-768x432.jpg 768w, https:\/\/liked.hu\/old\/wp-content\/uploads\/2019\/07\/Vicces_gyerekrajzok-5-500x281.jpg 500w, https:\/\/liked.hu\/old\/wp-content\/uploads\/2019\/07\/Vicces_gyerekrajzok-5-360x203.jpg 360w, https:\/\/liked.hu\/old\/wp-content\/uploads\/2019\/07\/Vicces_gyerekrajzok-5-545x307.jpg 545w\" sizes=\"(max-width: 800px) 100vw, 800px\" \/>\t\t\t\t\t\t\t\t\t\t\t<figcaption class=\"zf-figcaption\">\r\n\t\t\t\t\t\t\t\t\t\t\t\t\t\t\t\t\t\t\t\t\t\t\t\t<cite>        <a class=\"zf-media_credit\" target=\"_blank\" href=\"https:\/\/liked.hu\/old\/kimeno.php?https:\/\/liked.hu\/kimeno.php?https:\/\/www.facebook.com\/liked.hu\" rel=\"nofollow noopener\">liked \/ facebook<\/a>\r\n        <\/cite>\r\n\r\n\t\t\t\t\t\t\t\t\t\t\t\t\t\t\t\t\t\t\t\t\t\t\t<\/figcaption>\r\n\t\t\t\t\t\t\t\t\t\t\t\t\t\t\t\t\t\t\t<\/div>\r\n\t\t\t\t\t\t\t\t\t<hr \/>\r\n\t\t\t\t\t\t\t\t<\/figure>\r\n\t\t\t\t\t\t\t\t\t\t\t\t\t\t\t\t<div class=\"zf-list_description\"><p>&nbsp;&nbsp;<\/p><\/div>\r\n\t\t\t\t\t\t\t\t\t\t\t\t\t<\/li>\r\n\t\t\t\t\t\t\t\t\t\t\t\t<li class=\"zf-list_item\">\r\n\t\t\t\t\t\t\t<div class=\"zf-list_header\">\r\n\t\t\t\t\t\t\t\t<h3 id=\"listaelem9\" class=\"zf-list_title\">\r\n\t\t\t\t\t\t\t\t\t<span class=\"zf-number\">9<\/span>\r\n\t\t\t\t\t\t\t\t\tSzokatlan \u00e9letc\u00e9l\u2026 ez az\u00e9rt nem biztos, hogy siker\u00fclni fog...\ud83e\udd14\t\t\t\t\t\t\t\t<\/h3>\r\n\t\t\t\t\t\t\t<\/div>\r\n\t\t\t\t\t\t\t\t\t\t\t\t\t\t\t<figure class=\"zf-list_media zf-media-wrapper zf-image zf-type-image\">\r\n\t\t\t\t\t\t\t\t\t<div title=\"Szokatlan \u00e9letc\u00e9l\u2026 ez az\u00e9rt nem biztos, hogy siker\u00fclni fog...\ud83e\udd14\" alt=\"Szokatlan \u00e9letc\u00e9l\u2026 ez az\u00e9rt nem biztos, hogy siker\u00fclni fog...\ud83e\udd14\" class=\"zf-media\">\r\n\t\t\t\t\t\t\t\t\t\t<img width=\"800\" height=\"719\" src=\"https:\/\/liked.hu\/old\/wp-content\/uploads\/2019\/07\/Vicces_gyerekrajzok-4.jpg\" class=\"\" alt=\"\" loading=\"lazy\" style=\"\" srcset=\"https:\/\/liked.hu\/old\/wp-content\/uploads\/2019\/07\/Vicces_gyerekrajzok-4.jpg 800w, https:\/\/liked.hu\/old\/wp-content\/uploads\/2019\/07\/Vicces_gyerekrajzok-4-300x270.jpg 300w, https:\/\/liked.hu\/old\/wp-content\/uploads\/2019\/07\/Vicces_gyerekrajzok-4-768x690.jpg 768w, https:\/\/liked.hu\/old\/wp-content\/uploads\/2019\/07\/Vicces_gyerekrajzok-4-500x449.jpg 500w, https:\/\/liked.hu\/old\/wp-content\/uploads\/2019\/07\/Vicces_gyerekrajzok-4-360x324.jpg 360w, https:\/\/liked.hu\/old\/wp-content\/uploads\/2019\/07\/Vicces_gyerekrajzok-4-545x490.jpg 545w\" sizes=\"(max-width: 800px) 100vw, 800px\" \/>\t\t\t\t\t\t\t\t\t\t\t<figcaption class=\"zf-figcaption\">\r\n\t\t\t\t\t\t\t\t\t\t\t\t\t\t\t\t\t\t\t\t\t\t\t\t<cite>        <a class=\"zf-media_credit\" target=\"_blank\" href=\"https:\/\/liked.hu\/old\/kimeno.php?https:\/\/liked.hu\/kimeno.php?https:\/\/www.facebook.com\/liked.hu\" rel=\"nofollow noopener\">liked \/ facebook<\/a>\r\n        <\/cite>\r\n\r\n\t\t\t\t\t\t\t\t\t\t\t\t\t\t\t\t\t\t\t\t\t\t\t<\/figcaption>\r\n\t\t\t\t\t\t\t\t\t\t\t\t\t\t\t\t\t\t\t<\/div>\r\n\t\t\t\t\t\t\t\t\t<hr \/>\r\n\t\t\t\t\t\t\t\t<\/figure>\r\n\t\t\t\t\t\t\t\t\t\t\t\t\t\t<\/li>\r\n\t\t\t\t\t\t\t\t\t\t\t\t<li class=\"zf-list_item\">\r\n\t\t\t\t\t\t\t<div class=\"zf-list_header\">\r\n\t\t\t\t\t\t\t\t<h3 id=\"listaelem10\" class=\"zf-list_title\">\r\n\t\t\t\t\t\t\t\t\t<span class=\"zf-number\">10<\/span>\r\n\t\t\t\t\t\t\t\t\tValami azt s\u00fagja, hogy a kis G\u00e1borka sem hisz m\u00e1r a t\u00fcnd\u00e9rmes\u00e9kben.\t\t\t\t\t\t\t\t<\/h3>\r\n\t\t\t\t\t\t\t<\/div>\r\n\t\t\t\t\t\t\t\t\t\t\t\t\t\t\t<figure class=\"zf-list_media zf-media-wrapper zf-image zf-type-image\">\r\n\t\t\t\t\t\t\t\t\t<div title=\"Valami azt s\u00fagja, hogy a kis G\u00e1borka sem hisz m\u00e1r a t\u00fcnd\u00e9rmes\u00e9kben.\" alt=\"Valami azt s\u00fagja, hogy a kis G\u00e1borka sem hisz m\u00e1r a t\u00fcnd\u00e9rmes\u00e9kben.\" class=\"zf-media\">\r\n\t\t\t\t\t\t\t\t\t\t<img width=\"768\" height=\"1024\" src=\"https:\/\/liked.hu\/old\/wp-content\/uploads\/2019\/07\/Vicces_gyerekrajzok-3-768x1024.jpg\" class=\"\" alt=\"\" loading=\"lazy\" style=\"\" srcset=\"https:\/\/liked.hu\/old\/wp-content\/uploads\/2019\/07\/Vicces_gyerekrajzok-3-768x1024.jpg 768w, https:\/\/liked.hu\/old\/wp-content\/uploads\/2019\/07\/Vicces_gyerekrajzok-3-768x1024-225x300.jpg 225w, https:\/\/liked.hu\/old\/wp-content\/uploads\/2019\/07\/Vicces_gyerekrajzok-3-768x1024-375x500.jpg 375w, https:\/\/liked.hu\/old\/wp-content\/uploads\/2019\/07\/Vicces_gyerekrajzok-3-768x1024-360x480.jpg 360w, https:\/\/liked.hu\/old\/wp-content\/uploads\/2019\/07\/Vicces_gyerekrajzok-3-768x1024-545x727.jpg 545w\" sizes=\"(max-width: 768px) 100vw, 768px\" \/>\t\t\t\t\t\t\t\t\t\t\t<figcaption class=\"zf-figcaption\">\r\n\t\t\t\t\t\t\t\t\t\t\t\t\t\t\t\t\t\t\t\t\t\t\t\t<cite>        <a class=\"zf-media_credit\" target=\"_blank\" href=\"https:\/\/liked.hu\/old\/kimeno.php?https:\/\/liked.hu\/kimeno.php?https:\/\/www.facebook.com\/liked.hu\" rel=\"nofollow noopener\">liked \/ facebook<\/a>\r\n        <\/cite>\r\n\r\n\t\t\t\t\t\t\t\t\t\t\t\t\t\t\t\t\t\t\t\t\t\t\t<\/figcaption>\r\n\t\t\t\t\t\t\t\t\t\t\t\t\t\t\t\t\t\t\t<\/div>\r\n\t\t\t\t\t\t\t\t\t<hr \/>\r\n\t\t\t\t\t\t\t\t<\/figure>\r\n\t\t\t\t\t\t\t\t\t\t\t\t\t\t<\/li>\r\n\t\t\t\t\t\t\t\t\t\t\t\t<li class=\"zf-list_item\">\r\n\t\t\t\t\t\t\t<div class=\"zf-list_header\">\r\n\t\t\t\t\t\t\t\t<h3 id=\"listaelem11\" class=\"zf-list_title\">\r\n\t\t\t\t\t\t\t\t\t<span class=\"zf-number\">11<\/span>\r\n\t\t\t\t\t\t\t\t\tAdja mag\u00e1t az egyenlet.\t\t\t\t\t\t\t\t<\/h3>\r\n\t\t\t\t\t\t\t<\/div>\r\n\t\t\t\t\t\t\t\t\t\t\t\t\t\t\t<figure class=\"zf-list_media zf-media-wrapper zf-image zf-type-image\">\r\n\t\t\t\t\t\t\t\t\t<div title=\"Adja mag\u00e1t az egyenlet.\" alt=\"Adja mag\u00e1t az egyenlet.\" class=\"zf-media\">\r\n\t\t\t\t\t\t\t\t\t\t<img width=\"800\" height=\"450\" src=\"https:\/\/liked.hu\/old\/wp-content\/uploads\/2019\/07\/Vicces_gyerekrajzok-2.jpg\" class=\"\" alt=\"\" loading=\"lazy\" style=\"\" srcset=\"https:\/\/liked.hu\/old\/wp-content\/uploads\/2019\/07\/Vicces_gyerekrajzok-2.jpg 800w, https:\/\/liked.hu\/old\/wp-content\/uploads\/2019\/07\/Vicces_gyerekrajzok-2-300x169.jpg 300w, https:\/\/liked.hu\/old\/wp-content\/uploads\/2019\/07\/Vicces_gyerekrajzok-2-768x432.jpg 768w, https:\/\/liked.hu\/old\/wp-content\/uploads\/2019\/07\/Vicces_gyerekrajzok-2-500x281.jpg 500w, https:\/\/liked.hu\/old\/wp-content\/uploads\/2019\/07\/Vicces_gyerekrajzok-2-360x203.jpg 360w, https:\/\/liked.hu\/old\/wp-content\/uploads\/2019\/07\/Vicces_gyerekrajzok-2-545x307.jpg 545w\" sizes=\"(max-width: 800px) 100vw, 800px\" \/>\t\t\t\t\t\t\t\t\t\t\t<figcaption class=\"zf-figcaption\">\r\n\t\t\t\t\t\t\t\t\t\t\t\t\t\t\t\t\t\t\t\t\t\t\t\t<cite>        <a class=\"zf-media_credit\" target=\"_blank\" href=\"https:\/\/liked.hu\/old\/kimeno.php?https:\/\/liked.hu\/kimeno.php?https:\/\/www.facebook.com\/liked.hu\" rel=\"nofollow noopener\">liked \/ facebook<\/a>\r\n        <\/cite>\r\n\r\n\t\t\t\t\t\t\t\t\t\t\t\t\t\t\t\t\t\t\t\t\t\t\t<\/figcaption>\r\n\t\t\t\t\t\t\t\t\t\t\t\t\t\t\t\t\t\t\t<\/div>\r\n\t\t\t\t\t\t\t\t\t<hr \/>\r\n\t\t\t\t\t\t\t\t<\/figure>\r\n\t\t\t\t\t\t\t\t\t\t\t\t\t\t<\/li>\r\n\t\t\t\t\t\t\t\t\t\t\t\t<li class=\"zf-list_item\">\r\n\t\t\t\t\t\t\t<div class=\"zf-list_header\">\r\n\t\t\t\t\t\t\t\t<h3 id=\"listaelem12\" class=\"zf-list_title\">\r\n\t\t\t\t\t\t\t\t\t<span class=\"zf-number\">12<\/span>\r\n\t\t\t\t\t\t\t\t\tVal\u00f3sz\u00edn\u0171leg apuka tartott m\u00e1r n\u00e9h\u00e1ny m\u00e9ly el\u0151ad\u00e1st a h\u00e1zass\u00e1ggal kapcsolatban...\ud83e\udd23\t\t\t\t\t\t\t\t<\/h3>\r\n\t\t\t\t\t\t\t<\/div>\r\n\t\t\t\t\t\t\t\t\t\t\t\t\t\t\t<figure class=\"zf-list_media zf-media-wrapper zf-image zf-type-image\">\r\n\t\t\t\t\t\t\t\t\t<div title=\"Val\u00f3sz\u00edn\u0171leg apuka tartott m\u00e1r n\u00e9h\u00e1ny m\u00e9ly el\u0151ad\u00e1st a h\u00e1zass\u00e1ggal kapcsolatban...\ud83e\udd23\" alt=\"Val\u00f3sz\u00edn\u0171leg apuka tartott m\u00e1r n\u00e9h\u00e1ny m\u00e9ly el\u0151ad\u00e1st a h\u00e1zass\u00e1ggal kapcsolatban...\ud83e\udd23\" class=\"zf-media\">\r\n\t\t\t\t\t\t\t\t\t\t<img width=\"800\" height=\"450\" src=\"https:\/\/liked.hu\/old\/wp-content\/uploads\/2019\/07\/Vicces_gyerekrajzok-1.jpg\" class=\"\" alt=\"\" loading=\"lazy\" style=\"\" srcset=\"https:\/\/liked.hu\/old\/wp-content\/uploads\/2019\/07\/Vicces_gyerekrajzok-1.jpg 800w, https:\/\/liked.hu\/old\/wp-content\/uploads\/2019\/07\/Vicces_gyerekrajzok-1-300x169.jpg 300w, https:\/\/liked.hu\/old\/wp-content\/uploads\/2019\/07\/Vicces_gyerekrajzok-1-768x432.jpg 768w, https:\/\/liked.hu\/old\/wp-content\/uploads\/2019\/07\/Vicces_gyerekrajzok-1-500x281.jpg 500w, https:\/\/liked.hu\/old\/wp-content\/uploads\/2019\/07\/Vicces_gyerekrajzok-1-360x203.jpg 360w, https:\/\/liked.hu\/old\/wp-content\/uploads\/2019\/07\/Vicces_gyerekrajzok-1-545x307.jpg 545w\" sizes=\"(max-width: 800px) 100vw, 800px\" \/>\t\t\t\t\t\t\t\t\t\t\t<figcaption class=\"zf-figcaption\">\r\n\t\t\t\t\t\t\t\t\t\t\t\t\t\t\t\t\t\t\t\t\t\t\t\t<cite>        <a class=\"zf-media_credit\" target=\"_blank\" href=\"https:\/\/liked.hu\/old\/kimeno.php?https:\/\/liked.hu\/kimeno.php?https:\/\/www.facebook.com\/liked.hu\" rel=\"nofollow noopener\">liked \/ facebook<\/a>\r\n        <\/cite>\r\n\r\n\t\t\t\t\t\t\t\t\t\t\t\t\t\t\t\t\t\t\t\t\t\t\t<\/figcaption>\r\n\t\t\t\t\t\t\t\t\t\t\t\t\t\t\t\t\t\t\t<\/div>\r\n\t\t\t\t\t\t\t\t\t<hr \/>\r\n\t\t\t\t\t\t\t\t<\/figure>\r\n\t\t\t\t\t\t\t\t\t\t\t\t\t\t<\/li>\r\n\t\t\t\t\t\t\t\t\t<\/ol>\r\n\t\t<\/div>\r\n\t<\/div>\r\n\r\n\t<\/div>\r\n\r\n\r\n\n","protected":false},"excerpt":{"rendered":"<p>Gyerekkorunk egyik legt\u00f6bbet hallott k\u00e9rd\u00e9se k\u00e9ts\u00e9gk\u00edv\u00fcl a ,,mi szeretn\u00e9l lenni, ha nagy leszel?!&#8221;. Ez az a k\u00e9rd\u00e9s amire egy \u00e1ltal\u00e1nos iskola als\u00f3 oszt\u00e1lyaiba j\u00e1r\u00f3 gyermek val\u00f3sz\u00edn\u0171leg m\u00e9g akkor sem tudna v\u00e1laszolni, ha az \u00e9lete m\u00falna rajta. A feln\u0151ttek viszont akkor is csak k\u00e9rdezgetik, er\u0151ltetik, melynek olykor-olykor meg is van az eredm\u00e9nye&#8230;\ud83d\ude1c<\/p>\n","protected":false},"author":9,"featured_media":153096,"comment_status":"open","ping_status":"closed","sticky":false,"template":"","format":"standard","meta":{"buzzeditor_post_format":""},"categories":[9578,42],"tags":[513,938,1207],"yoast_head":"<!-- This site is optimized with the Yoast SEO plugin v19.6.1 - https:\/\/yoast.com\/wordpress\/plugins\/seo\/ -->\n<title>12 v\u00e9gtelen\u00fcl \u0151szinte kisgyermek, aki b\u00e1tran felv\u00e1llalta a j\u00f6v\u0151beni terveit<\/title>\n<meta name=\"description\" content=\"Gyerekkorunk egyik legt\u00f6bbet hallott k\u00e9rd\u00e9se k\u00e9ts\u00e9gk\u00edv\u00fcl a ,,mi szeretn\u00e9l lenni, ha nagy leszel?!&quot;. Ez az a k\u00e9rd\u00e9s amire egy \u00e1ltal\u00e1nos iskola als\u00f3\" \/>\n<meta name=\"robots\" content=\"index, follow, max-snippet:-1, max-image-preview:large, max-video-preview:-1\" \/>\n<link rel=\"canonical\" href=\"https:\/\/liked.hu\/old\/vicces\/oszinte-kisgyermekek\/\" \/>\n<meta property=\"og:locale\" content=\"hu_HU\" \/>\n<meta property=\"og:type\" content=\"article\" \/>\n<meta property=\"og:title\" content=\"12 v\u00e9gtelen\u00fcl \u0151szinte kisgyermek, aki b\u00e1tran felv\u00e1llalta a j\u00f6v\u0151beni terveit\" \/>\n<meta property=\"og:description\" content=\"Gyerekkorunk egyik legt\u00f6bbet hallott k\u00e9rd\u00e9se k\u00e9ts\u00e9gk\u00edv\u00fcl a ,,mi szeretn\u00e9l lenni, ha nagy leszel?!&quot;. Ez az a k\u00e9rd\u00e9s amire egy \u00e1ltal\u00e1nos iskola als\u00f3\" \/>\n<meta property=\"og:url\" content=\"https:\/\/liked.hu\/old\/vicces\/oszinte-kisgyermekek\/\" \/>\n<meta property=\"og:site_name\" content=\"Liked.hu\" \/>\n<meta property=\"article:publisher\" content=\"https:\/\/www.facebook.com\/liked.hu\" \/>\n<meta property=\"article:published_time\" content=\"2019-07-24T10:14:51+00:00\" \/>\n<meta property=\"article:modified_time\" content=\"2022-09-05T23:32:36+00:00\" \/>\n<meta property=\"og:image\" content=\"https:\/\/liked.hu\/old\/wp-content\/uploads\/2019\/07\/Vicces-gyerekek-Facebook.jpg\" \/>\n\t<meta property=\"og:image:width\" content=\"1200\" \/>\n\t<meta property=\"og:image:height\" content=\"630\" \/>\n\t<meta property=\"og:image:type\" content=\"image\/jpeg\" \/>\n<meta name=\"author\" content=\"ElzabetR\" \/>\n<meta name=\"twitter:card\" content=\"summary\" \/>\n<meta name=\"twitter:creator\" content=\"@LikedHu\" \/>\n<meta name=\"twitter:site\" content=\"@LikedHu\" \/>\n<meta name=\"twitter:label1\" content=\"Szerz\u0151:\" \/>\n\t<meta name=\"twitter:data1\" content=\"ElzabetR\" \/>\n\t<meta name=\"twitter:label2\" content=\"Becs\u00fclt olvas\u00e1si id\u0151\" \/>\n\t<meta name=\"twitter:data2\" content=\"1 perc\" \/>\n<script type=\"application\/ld+json\" class=\"yoast-schema-graph\">{\"@context\":\"https:\/\/schema.org\",\"@graph\":[{\"@type\":\"Article\",\"@id\":\"https:\/\/liked.hu\/old\/vicces\/oszinte-kisgyermekek\/#article\",\"isPartOf\":{\"@id\":\"https:\/\/liked.hu\/old\/vicces\/oszinte-kisgyermekek\/\"},\"author\":{\"name\":\"ElzabetR\",\"@id\":\"https:\/\/liked.hu\/old\/#\/schema\/person\/de8f8eb5563920e50fc1775e73262e1d\"},\"headline\":\"12 v\u00e9gtelen\u00fcl \u0151szinte kisgyermek, aki b\u00e1tran felv\u00e1llalta a j\u00f6v\u0151beni terveit\",\"datePublished\":\"2019-07-24T10:14:51+00:00\",\"dateModified\":\"2022-09-05T23:32:36+00:00\",\"mainEntityOfPage\":{\"@id\":\"https:\/\/liked.hu\/old\/vicces\/oszinte-kisgyermekek\/\"},\"wordCount\":93,\"commentCount\":1,\"publisher\":{\"@id\":\"https:\/\/liked.hu\/old\/#organization\"},\"keywords\":[\"dolgozat\",\"gyerekek\",\"iskola\"],\"articleSection\":[\"Interneten tal\u00e1lt dolgok\",\"Vicces\"],\"inLanguage\":\"hu\",\"potentialAction\":[{\"@type\":\"CommentAction\",\"name\":\"Comment\",\"target\":[\"https:\/\/liked.hu\/old\/vicces\/oszinte-kisgyermekek\/#respond\"]}]},{\"@type\":\"WebPage\",\"@id\":\"https:\/\/liked.hu\/old\/vicces\/oszinte-kisgyermekek\/\",\"url\":\"https:\/\/liked.hu\/old\/vicces\/oszinte-kisgyermekek\/\",\"name\":\"12 v\u00e9gtelen\u00fcl \u0151szinte kisgyermek, aki b\u00e1tran felv\u00e1llalta a j\u00f6v\u0151beni terveit\",\"isPartOf\":{\"@id\":\"https:\/\/liked.hu\/old\/#website\"},\"datePublished\":\"2019-07-24T10:14:51+00:00\",\"dateModified\":\"2022-09-05T23:32:36+00:00\",\"description\":\"Gyerekkorunk egyik legt\u00f6bbet hallott k\u00e9rd\u00e9se k\u00e9ts\u00e9gk\u00edv\u00fcl a ,,mi szeretn\u00e9l lenni, ha nagy leszel?!\\\". Ez az a k\u00e9rd\u00e9s amire egy \u00e1ltal\u00e1nos iskola als\u00f3\",\"breadcrumb\":{\"@id\":\"https:\/\/liked.hu\/old\/vicces\/oszinte-kisgyermekek\/#breadcrumb\"},\"inLanguage\":\"hu\",\"potentialAction\":[{\"@type\":\"ReadAction\",\"target\":[\"https:\/\/liked.hu\/old\/vicces\/oszinte-kisgyermekek\/\"]}]},{\"@type\":\"BreadcrumbList\",\"@id\":\"https:\/\/liked.hu\/old\/vicces\/oszinte-kisgyermekek\/#breadcrumb\",\"itemListElement\":[{\"@type\":\"ListItem\",\"position\":1,\"name\":\"Kezd\u0151lap\",\"item\":\"https:\/\/liked.hu\/old\/\"},{\"@type\":\"ListItem\",\"position\":2,\"name\":\"12 v\u00e9gtelen\u00fcl \u0151szinte kisgyermek, aki b\u00e1tran felv\u00e1llalta a j\u00f6v\u0151beni terveit\"}]},{\"@type\":\"WebSite\",\"@id\":\"https:\/\/liked.hu\/old\/#website\",\"url\":\"https:\/\/liked.hu\/old\/\",\"name\":\"Liked.hu\",\"description\":\"\",\"publisher\":{\"@id\":\"https:\/\/liked.hu\/old\/#organization\"},\"potentialAction\":[{\"@type\":\"SearchAction\",\"target\":{\"@type\":\"EntryPoint\",\"urlTemplate\":\"https:\/\/liked.hu\/old\/?s={search_term_string}\"},\"query-input\":\"required name=search_term_string\"}],\"inLanguage\":\"hu\"},{\"@type\":\"Organization\",\"@id\":\"https:\/\/liked.hu\/old\/#organization\",\"name\":\"Liked.hu\",\"url\":\"https:\/\/liked.hu\/old\/\",\"sameAs\":[\"https:\/\/hu.pinterest.com\/likedhungary\/\",\"https:\/\/www.youtube.com\/channel\/UCPv91dbMoIukYcM9b9nHN6Q\",\"https:\/\/www.facebook.com\/liked.hu\",\"https:\/\/twitter.com\/LikedHu\"],\"logo\":{\"@type\":\"ImageObject\",\"inLanguage\":\"hu\",\"@id\":\"https:\/\/liked.hu\/old\/#\/schema\/logo\/image\/\",\"url\":\"https:\/\/liked.hu\/wp-content\/uploads\/2018\/08\/Liked-icon.png\",\"contentUrl\":\"https:\/\/liked.hu\/wp-content\/uploads\/2018\/08\/Liked-icon.png\",\"width\":512,\"height\":512,\"caption\":\"Liked.hu\"},\"image\":{\"@id\":\"https:\/\/liked.hu\/old\/#\/schema\/logo\/image\/\"}},{\"@type\":\"Person\",\"@id\":\"https:\/\/liked.hu\/old\/#\/schema\/person\/de8f8eb5563920e50fc1775e73262e1d\",\"name\":\"ElzabetR\",\"image\":{\"@type\":\"ImageObject\",\"inLanguage\":\"hu\",\"@id\":\"https:\/\/liked.hu\/old\/#\/schema\/person\/image\/\",\"url\":\"https:\/\/liked.hu\/old\/wp-content\/uploads\/avatars\/9\/604de854a1127-bpfull.jpg\",\"contentUrl\":\"https:\/\/liked.hu\/old\/wp-content\/uploads\/avatars\/9\/604de854a1127-bpfull.jpg\",\"caption\":\"ElzabetR\"},\"url\":\"https:\/\/liked.hu\/old\/u\/elzabetr\/\"}]}<\/script>\n<!-- \/ Yoast SEO plugin. -->","yoast_head_json":{"title":"12 v\u00e9gtelen\u00fcl \u0151szinte kisgyermek, aki b\u00e1tran felv\u00e1llalta a j\u00f6v\u0151beni terveit","description":"Gyerekkorunk egyik legt\u00f6bbet hallott k\u00e9rd\u00e9se k\u00e9ts\u00e9gk\u00edv\u00fcl a ,,mi szeretn\u00e9l lenni, ha nagy leszel?!\". Ez az a k\u00e9rd\u00e9s amire egy \u00e1ltal\u00e1nos iskola als\u00f3","robots":{"index":"index","follow":"follow","max-snippet":"max-snippet:-1","max-image-preview":"max-image-preview:large","max-video-preview":"max-video-preview:-1"},"canonical":"https:\/\/liked.hu\/old\/vicces\/oszinte-kisgyermekek\/","og_locale":"hu_HU","og_type":"article","og_title":"12 v\u00e9gtelen\u00fcl \u0151szinte kisgyermek, aki b\u00e1tran felv\u00e1llalta a j\u00f6v\u0151beni terveit","og_description":"Gyerekkorunk egyik legt\u00f6bbet hallott k\u00e9rd\u00e9se k\u00e9ts\u00e9gk\u00edv\u00fcl a ,,mi szeretn\u00e9l lenni, ha nagy leszel?!\". Ez az a k\u00e9rd\u00e9s amire egy \u00e1ltal\u00e1nos iskola als\u00f3","og_url":"https:\/\/liked.hu\/old\/vicces\/oszinte-kisgyermekek\/","og_site_name":"Liked.hu","article_publisher":"https:\/\/www.facebook.com\/liked.hu","article_published_time":"2019-07-24T10:14:51+00:00","article_modified_time":"2022-09-05T23:32:36+00:00","og_image":[{"width":1200,"height":630,"url":"https:\/\/liked.hu\/old\/wp-content\/uploads\/2019\/07\/Vicces-gyerekek-Facebook.jpg","type":"image\/jpeg"}],"author":"ElzabetR","twitter_card":"summary","twitter_creator":"@LikedHu","twitter_site":"@LikedHu","twitter_misc":{"Szerz\u0151:":"ElzabetR","Becs\u00fclt olvas\u00e1si id\u0151":"1 perc"},"schema":{"@context":"https:\/\/schema.org","@graph":[{"@type":"Article","@id":"https:\/\/liked.hu\/old\/vicces\/oszinte-kisgyermekek\/#article","isPartOf":{"@id":"https:\/\/liked.hu\/old\/vicces\/oszinte-kisgyermekek\/"},"author":{"name":"ElzabetR","@id":"https:\/\/liked.hu\/old\/#\/schema\/person\/de8f8eb5563920e50fc1775e73262e1d"},"headline":"12 v\u00e9gtelen\u00fcl \u0151szinte kisgyermek, aki b\u00e1tran felv\u00e1llalta a j\u00f6v\u0151beni terveit","datePublished":"2019-07-24T10:14:51+00:00","dateModified":"2022-09-05T23:32:36+00:00","mainEntityOfPage":{"@id":"https:\/\/liked.hu\/old\/vicces\/oszinte-kisgyermekek\/"},"wordCount":93,"commentCount":1,"publisher":{"@id":"https:\/\/liked.hu\/old\/#organization"},"keywords":["dolgozat","gyerekek","iskola"],"articleSection":["Interneten tal\u00e1lt dolgok","Vicces"],"inLanguage":"hu","potentialAction":[{"@type":"CommentAction","name":"Comment","target":["https:\/\/liked.hu\/old\/vicces\/oszinte-kisgyermekek\/#respond"]}]},{"@type":"WebPage","@id":"https:\/\/liked.hu\/old\/vicces\/oszinte-kisgyermekek\/","url":"https:\/\/liked.hu\/old\/vicces\/oszinte-kisgyermekek\/","name":"12 v\u00e9gtelen\u00fcl \u0151szinte kisgyermek, aki b\u00e1tran felv\u00e1llalta a j\u00f6v\u0151beni terveit","isPartOf":{"@id":"https:\/\/liked.hu\/old\/#website"},"datePublished":"2019-07-24T10:14:51+00:00","dateModified":"2022-09-05T23:32:36+00:00","description":"Gyerekkorunk egyik legt\u00f6bbet hallott k\u00e9rd\u00e9se k\u00e9ts\u00e9gk\u00edv\u00fcl a ,,mi szeretn\u00e9l lenni, ha nagy leszel?!\". Ez az a k\u00e9rd\u00e9s amire egy \u00e1ltal\u00e1nos iskola als\u00f3","breadcrumb":{"@id":"https:\/\/liked.hu\/old\/vicces\/oszinte-kisgyermekek\/#breadcrumb"},"inLanguage":"hu","potentialAction":[{"@type":"ReadAction","target":["https:\/\/liked.hu\/old\/vicces\/oszinte-kisgyermekek\/"]}]},{"@type":"BreadcrumbList","@id":"https:\/\/liked.hu\/old\/vicces\/oszinte-kisgyermekek\/#breadcrumb","itemListElement":[{"@type":"ListItem","position":1,"name":"Kezd\u0151lap","item":"https:\/\/liked.hu\/old\/"},{"@type":"ListItem","position":2,"name":"12 v\u00e9gtelen\u00fcl \u0151szinte kisgyermek, aki b\u00e1tran felv\u00e1llalta a j\u00f6v\u0151beni terveit"}]},{"@type":"WebSite","@id":"https:\/\/liked.hu\/old\/#website","url":"https:\/\/liked.hu\/old\/","name":"Liked.hu","description":"","publisher":{"@id":"https:\/\/liked.hu\/old\/#organization"},"potentialAction":[{"@type":"SearchAction","target":{"@type":"EntryPoint","urlTemplate":"https:\/\/liked.hu\/old\/?s={search_term_string}"},"query-input":"required name=search_term_string"}],"inLanguage":"hu"},{"@type":"Organization","@id":"https:\/\/liked.hu\/old\/#organization","name":"Liked.hu","url":"https:\/\/liked.hu\/old\/","sameAs":["https:\/\/hu.pinterest.com\/likedhungary\/","https:\/\/www.youtube.com\/channel\/UCPv91dbMoIukYcM9b9nHN6Q","https:\/\/www.facebook.com\/liked.hu","https:\/\/twitter.com\/LikedHu"],"logo":{"@type":"ImageObject","inLanguage":"hu","@id":"https:\/\/liked.hu\/old\/#\/schema\/logo\/image\/","url":"https:\/\/liked.hu\/wp-content\/uploads\/2018\/08\/Liked-icon.png","contentUrl":"https:\/\/liked.hu\/wp-content\/uploads\/2018\/08\/Liked-icon.png","width":512,"height":512,"caption":"Liked.hu"},"image":{"@id":"https:\/\/liked.hu\/old\/#\/schema\/logo\/image\/"}},{"@type":"Person","@id":"https:\/\/liked.hu\/old\/#\/schema\/person\/de8f8eb5563920e50fc1775e73262e1d","name":"ElzabetR","image":{"@type":"ImageObject","inLanguage":"hu","@id":"https:\/\/liked.hu\/old\/#\/schema\/person\/image\/","url":"https:\/\/liked.hu\/old\/wp-content\/uploads\/avatars\/9\/604de854a1127-bpfull.jpg","contentUrl":"https:\/\/liked.hu\/old\/wp-content\/uploads\/avatars\/9\/604de854a1127-bpfull.jpg","caption":"ElzabetR"},"url":"https:\/\/liked.hu\/old\/u\/elzabetr\/"}]}},"publishpress_future_action":{"enabled":false,"date":"1970-01-01 01:00:00","action":"","terms":[],"taxonomy":"","browser_timezone_offset":0},"_links":{"self":[{"href":"https:\/\/liked.hu\/old\/wp-json\/wp\/v2\/posts\/153095"}],"collection":[{"href":"https:\/\/liked.hu\/old\/wp-json\/wp\/v2\/posts"}],"about":[{"href":"https:\/\/liked.hu\/old\/wp-json\/wp\/v2\/types\/post"}],"author":[{"embeddable":true,"href":"https:\/\/liked.hu\/old\/wp-json\/wp\/v2\/users\/9"}],"replies":[{"embeddable":true,"href":"https:\/\/liked.hu\/old\/wp-json\/wp\/v2\/comments?post=153095"}],"version-history":[{"count":0,"href":"https:\/\/liked.hu\/old\/wp-json\/wp\/v2\/posts\/153095\/revisions"}],"wp:featuredmedia":[{"embeddable":true,"href":"https:\/\/liked.hu\/old\/wp-json\/wp\/v2\/media\/153096"}],"wp:attachment":[{"href":"https:\/\/liked.hu\/old\/wp-json\/wp\/v2\/media?parent=153095"}],"wp:term":[{"taxonomy":"category","embeddable":true,"href":"https:\/\/liked.hu\/old\/wp-json\/wp\/v2\/categories?post=153095"},{"taxonomy":"post_tag","embeddable":true,"href":"https:\/\/liked.hu\/old\/wp-json\/wp\/v2\/tags?post=153095"}],"curies":[{"name":"wp","href":"https:\/\/api.w.org\/{rel}","templated":true}]}}