{"id":153079,"date":"2019-07-24T12:09:47","date_gmt":"2019-07-24T10:09:47","guid":{"rendered":"https:\/\/liked.hu\/old\/?p=153079"},"modified":"2022-09-06T01:32:12","modified_gmt":"2022-09-05T23:32:12","slug":"igy-nez-ki-belulrol-bolygonk-egyetlen-ma-letezo-fold-alatti-birodalma","status":"publish","type":"post","link":"https:\/\/liked.hu\/old\/erdekes\/igy-nez-ki-belulrol-bolygonk-egyetlen-ma-letezo-fold-alatti-birodalma\/","title":{"rendered":"\u00cdgy n\u00e9z ki bel\u00fclr\u0151l bolyg\u00f3nk egyetlen, ma is l\u00e9tez\u0151 f\u00f6ld alatti &#8222;birodalma&#8221;"},"content":{"rendered":"<p>F\u00f6ld alatti v\u00e1rosokr\u00f3l \u00e9s kir\u00e1lys\u00e1gokr\u00f3l m\u00e1r embereml\u00e9kezet \u00f3ta hallhatunk legend\u00e1kat, az egyik legn\u00e9pszer\u0171bb k\u00f6z\u00fcl\u00fck tal\u00e1n a Shambhala birodalom, melynek a mai napig kiemelked\u0151 szerepe van a tibeti buddhista kult\u00far\u00e1ban. Ezek azonban csak egyszer\u0171 mendemond\u00e1knak t\u0171nnek, l\u00e9tez\u00e9s\u00fckre legal\u00e1bbis semmilyen k\u00e9zzel foghat\u00f3 bizony\u00edt\u00e9k sincs, egyetlen egyet kiv\u00e9ve, mely oly annyira l\u00e9tezik, hogy a mai napig l\u00e1togathat\u00f3.<\/p>\n\n<div style=\"float:none;margin:0px 0 0px 0;text-align:center;\">\n<div class=\"mobileShowkakettes\"><div class=\"mobileShowka2\"><div style=\"padding-top:0px;padding-bottom:15px;min-height: 300px;\"><div class=\"hirdetes\">HIRDET\u00c9S<\/div>\n<!-- 300lista -->\n<ins class=\"adsbygoogle\"\n     style=\"display:inline-block;width:300px;height:250px\"\n     data-ad-client=\"ca-pub-9424088931673893\"\n     data-ad-slot=\"8471340766\"><\/ins>\n<script async>\n     (adsbygoogle = window.adsbygoogle || []).push({});\n<\/script><\/div><\/div><\/div><\/div>\n\n<p>1991-ben egy vietnami farmer botlott az akkor m\u00e9g ismeretlen \u00e9s felfedezetlen barlang bej\u00e1rat\u00e1ra a Phon Nha-Ke Bang Nemzeti Park ter\u00fclet\u00e9n. Bej\u00e1rat\u00e1t f\u00e9lelmetes mennyis\u00e9g\u0171&nbsp;v\u00edz bor\u00edtotta, ez\u00e9rt \u00fagy d\u00f6nt\u00f6tt, nem kock\u00e1ztatja a bemenetelt. Az elk\u00f6vetkezend\u0151 p\u00e1r \u00e9vben ugyan h\u00edre ment a helyi lakosok k\u00f6zt a barlang l\u00e9tez\u00e9s\u00e9nek, senki sem merte k\u00f6zelebbr\u0151l megvizsg\u00e1lni.<\/p>\n<p>Eg\u00e9szen 2009-ig kellett v\u00e1rni arra a magasztos pillanatra, hogy valaki vegye a f\u00e1radts\u00e1got \u00e9s jobban szem\u00fcgyre vegye ezt az ismeretlen \u00f3ri\u00e1st. Howard Limbert \u00e9s tud\u00f3scsoportj\u00e1t \u00e9rte a megtiszteltet\u00e9s, hogy a vil\u00e1gon el\u0151sz\u00f6r, bemer\u00e9szkedjen a Son Doong nev\u0171 barlang sz\u00e1j\u00e1ba, mely nem volt hi\u00e1baval\u00f3, hiszen m\u00e1r az els\u0151 kutat\u00e1sok sor\u00e1n kider\u00fclt, hogy egy val\u00f3s\u00e1gos f\u00f6ld alatti vil\u00e1g tal\u00e1lhat\u00f3 benne. 5 kilom\u00e9teres hossz\u00fas\u00e1g\u00e1val \u00e9s 150 m\u00e9teres sz\u00e9less\u00e9g\u00e9vel pedig azonnal a vil\u00e1g legnagyobb barlangj\u00e1v\u00e1 l\u00e9pett el\u0151.<\/p>\n<div id=\"zombify-main-section-front\" class=\"zombify-main-section-front zombify-screen zf-media-full\">\r\n\t<link rel=\"stylesheet\" type=\"text\/css\" href=\"https:\/\/liked.hu\/old\/js\/zombify.css\">\r\n    <link rel=\"stylesheet\" type=\"text\/css\" href=\"https:\/\/liked.hu\/old\/wp-content\/themes\/newsy-child\/style.css\">\r\n\t<div class=\"zf-container\">\r\n\t\t<div id=\"zf-list\" class=\"zf-list zf-numbered\">\r\n\t\t\t<ol class=\"zf-structure-list\">\r\n\t\t\t\t\t\t\t\t\t\t<li class=\"zf-list_item\">\r\n\t\t\t\t\t\t\t<div class=\"zf-list_header\">\r\n\t\t\t\t\t\t\t\t<h3 id=\"listaelem1\" class=\"zf-list_title\">\r\n\t\t\t\t\t\t\t\t\t<span class=\"zf-number\">1<\/span>\r\n\t\t\t\t\t\t\t\t\tHatalmas m\u00e9ret\u00e9nek k\u00f6sz\u00f6nhet\u0151en tulajdonk\u00e9ppen egy val\u00f3s\u00e1gos f\u00f6ld alatti vil\u00e1got rejt, melyben t\u00f6bbek k\u00f6z\u00f6tt saj\u00e1t n\u00f6v\u00e9ny \u00e9s \u00e1llatvil\u00e1g tal\u00e1lhat\u00f3, de vannak benne tavak \u00e9s b\u00e1rmilyen hihetetlen, m\u00e9g felh\u0151k is k\u00e9pz\u0151dnek a belsej\u00e9ben.\t\t\t\t\t\t\t\t<\/h3>\r\n\t\t\t\t\t\t\t<\/div>\r\n\t\t\t\t\t\t\t\t\t\t\t\t\t\t\t<figure class=\"zf-list_media zf-media-wrapper zf-image zf-type-image\">\r\n\t\t\t\t\t\t\t\t\t<div title=\"Hatalmas m\u00e9ret\u00e9nek k\u00f6sz\u00f6nhet\u0151en tulajdonk\u00e9ppen egy val\u00f3s\u00e1gos f\u00f6ld alatti vil\u00e1got rejt, melyben t\u00f6bbek k\u00f6z\u00f6tt saj\u00e1t n\u00f6v\u00e9ny \u00e9s \u00e1llatvil\u00e1g tal\u00e1lhat\u00f3, de vannak benne tavak \u00e9s b\u00e1rmilyen hihetetlen, m\u00e9g felh\u0151k is k\u00e9pz\u0151dnek a belsej\u00e9ben.\" alt=\"Hatalmas m\u00e9ret\u00e9nek k\u00f6sz\u00f6nhet\u0151en tulajdonk\u00e9ppen egy val\u00f3s\u00e1gos f\u00f6ld alatti vil\u00e1got rejt, melyben t\u00f6bbek k\u00f6z\u00f6tt saj\u00e1t n\u00f6v\u00e9ny \u00e9s \u00e1llatvil\u00e1g tal\u00e1lhat\u00f3, de vannak benne tavak \u00e9s b\u00e1rmilyen hihetetlen, m\u00e9g felh\u0151k is k\u00e9pz\u0151dnek a belsej\u00e9ben.\" class=\"zf-media\">\r\n\t\t\t\t\t\t\t\t\t\t<img width=\"1000\" height=\"667\" src=\"https:\/\/liked.hu\/old\/wp-content\/uploads\/2019\/07\/Son-Doong-barlang-Vietnam.jpg\" class=\"\" alt=\"\" loading=\"lazy\" style=\"\" srcset=\"https:\/\/liked.hu\/old\/wp-content\/uploads\/2019\/07\/Son-Doong-barlang-Vietnam.jpg 1000w, https:\/\/liked.hu\/old\/wp-content\/uploads\/2019\/07\/Son-Doong-barlang-Vietnam-300x200.jpg 300w, https:\/\/liked.hu\/old\/wp-content\/uploads\/2019\/07\/Son-Doong-barlang-Vietnam-768x512.jpg 768w, https:\/\/liked.hu\/old\/wp-content\/uploads\/2019\/07\/Son-Doong-barlang-Vietnam-500x334.jpg 500w, https:\/\/liked.hu\/old\/wp-content\/uploads\/2019\/07\/Son-Doong-barlang-Vietnam-360x240.jpg 360w, https:\/\/liked.hu\/old\/wp-content\/uploads\/2019\/07\/Son-Doong-barlang-Vietnam-545x364.jpg 545w\" sizes=\"(max-width: 1000px) 100vw, 1000px\" \/>\t\t\t\t\t\t\t\t\t\t\t<figcaption class=\"zf-figcaption\">\r\n\t\t\t\t\t\t\t\t\t\t\t\t\t\t\t\t\t\t\t\t\t\t\t\t<cite>        <a class=\"zf-media_credit\" target=\"_blank\" href=\"https:\/\/liked.hu\/old\/kimeno.php?https:\/\/liked.hu\/kimeno.php?https:\/\/pikabu.hu\" rel=\"nofollow noopener\">Hang S\u01a1n \u0110o\u00f2ng-barlang, Vietn\u00e1m<\/a>\r\n        <\/cite>\r\n\r\n\t\t\t\t\t\t\t\t\t\t\t\t\t\t\t\t\t\t\t\t\t\t\t<\/figcaption>\r\n\t\t\t\t\t\t\t\t\t\t\t\t\t\t\t\t\t\t\t<\/div>\r\n\t\t\t\t\t\t\t\t\t<hr \/>\r\n\t\t\t\t\t\t\t\t<\/figure>\r\n\t\t\t\t\t\t\t\t\t\t\t\t\t\t<\/li>\r\n\t\t\t\t\t\t\t\t\t\t\t\t<li class=\"zf-list_item\">\r\n\t\t\t\t\t\t\t<div class=\"zf-list_header\">\r\n\t\t\t\t\t\t\t\t<h3 id=\"listaelem2\" class=\"zf-list_title\">\r\n\t\t\t\t\t\t\t\t\t<span class=\"zf-number\">2<\/span>\r\n\t\t\t\t\t\t\t\t\tA barlangon bel\u00fcli mozg\u00e1s sem egyszer\u0171, itt ugyanis nem el\u00e9g puszt\u00e1n fel s al\u00e1 s\u00e9t\u00e1lgatnunk a \u2018gyomr\u00e1ban\u2019, akad olyan r\u00e9sze p\u00e9ld\u00e1ul, ahol 80 m\u00e9teres szintk\u00fcl\u00f6nbs\u00e9get kell \u2013 jobb h\u00edj\u00e1n \u2013 k\u00f6t\u00e9l seg\u00edts\u00e9g\u00e9vel legy\u0171rn\u00fcnk.\t\t\t\t\t\t\t\t<\/h3>\r\n\t\t\t\t\t\t\t<\/div>\r\n\t\t\t\t\t\t\t\t\t\t\t\t\t\t\t<figure class=\"zf-list_media zf-media-wrapper zf-image zf-type-image\">\r\n\t\t\t\t\t\t\t\t\t<div title=\"A barlangon bel\u00fcli mozg\u00e1s sem egyszer\u0171, itt ugyanis nem el\u00e9g puszt\u00e1n fel s al\u00e1 s\u00e9t\u00e1lgatnunk a \u2018gyomr\u00e1ban\u2019, akad olyan r\u00e9sze p\u00e9ld\u00e1ul, ahol 80 m\u00e9teres szintk\u00fcl\u00f6nbs\u00e9get kell \u2013 jobb h\u00edj\u00e1n \u2013 k\u00f6t\u00e9l seg\u00edts\u00e9g\u00e9vel legy\u0171rn\u00fcnk.\" alt=\"A barlangon bel\u00fcli mozg\u00e1s sem egyszer\u0171, itt ugyanis nem el\u00e9g puszt\u00e1n fel s al\u00e1 s\u00e9t\u00e1lgatnunk a \u2018gyomr\u00e1ban\u2019, akad olyan r\u00e9sze p\u00e9ld\u00e1ul, ahol 80 m\u00e9teres szintk\u00fcl\u00f6nbs\u00e9get kell \u2013 jobb h\u00edj\u00e1n \u2013 k\u00f6t\u00e9l seg\u00edts\u00e9g\u00e9vel legy\u0171rn\u00fcnk.\" class=\"zf-media\">\r\n\t\t\t\t\t\t\t\t\t\t<img width=\"1000\" height=\"609\" src=\"https:\/\/liked.hu\/old\/wp-content\/uploads\/2019\/07\/55605-12-1000-a542d8629a-1484634202.jpg\" class=\"\" alt=\"\" loading=\"lazy\" style=\"\" srcset=\"https:\/\/liked.hu\/old\/wp-content\/uploads\/2019\/07\/55605-12-1000-a542d8629a-1484634202.jpg 1000w, https:\/\/liked.hu\/old\/wp-content\/uploads\/2019\/07\/55605-12-1000-a542d8629a-1484634202-300x183.jpg 300w, https:\/\/liked.hu\/old\/wp-content\/uploads\/2019\/07\/55605-12-1000-a542d8629a-1484634202-768x468.jpg 768w, https:\/\/liked.hu\/old\/wp-content\/uploads\/2019\/07\/55605-12-1000-a542d8629a-1484634202-500x305.jpg 500w, https:\/\/liked.hu\/old\/wp-content\/uploads\/2019\/07\/55605-12-1000-a542d8629a-1484634202-360x219.jpg 360w, https:\/\/liked.hu\/old\/wp-content\/uploads\/2019\/07\/55605-12-1000-a542d8629a-1484634202-545x332.jpg 545w\" sizes=\"(max-width: 1000px) 100vw, 1000px\" \/>\t\t\t\t\t\t\t\t\t\t\t<figcaption class=\"zf-figcaption\">\r\n\t\t\t\t\t\t\t\t\t\t\t\t\t\t\t\t\t\t\t\t\t\t\t\t<cite>        <a class=\"zf-media_credit\" target=\"_blank\" href=\"https:\/\/liked.hu\/old\/kimeno.php?https:\/\/liked.hu\/kimeno.php?https:\/\/pikabu.hu\" rel=\"nofollow noopener\">Hang S\u01a1n \u0110o\u00f2ng-barlang, Vietn\u00e1m<\/a>\r\n        <\/cite>\r\n\r\n\t\t\t\t\t\t\t\t\t\t\t\t\t\t\t\t\t\t\t\t\t\t\t<\/figcaption>\r\n\t\t\t\t\t\t\t\t\t\t\t\t\t\t\t\t\t\t\t<\/div>\r\n\t\t\t\t\t\t\t\t\t<hr \/>\r\n\t\t\t\t\t\t\t\t<\/figure>\r\n\t\t\t\t\t\t\t\t\t\t\t\t\t\t<\/li>\r\n\t\t\t\t\t\t\t\t\t\t\t\t<li class=\"zf-list_item\">\r\n\t\t\t\t\t\t\t<div class=\"zf-list_header\">\r\n\t\t\t\t\t\t\t\t<h3 id=\"listaelem3\" class=\"zf-list_title\">\r\n\t\t\t\t\t\t\t\t\t<span class=\"zf-number\">3<\/span>\r\n\t\t\t\t\t\t\t\t\tA barlang belsej\u00e9ben tal\u00e1lhat\u00f3 (viszonylag gyors foly\u00e1s\u00fa) foly\u00f3.\t\t\t\t\t\t\t\t<\/h3>\r\n\t\t\t\t\t\t\t<\/div>\r\n\t\t\t\t\t\t\t\t\t\t\t\t\t\t\t<figure class=\"zf-list_media zf-media-wrapper zf-image zf-type-image\">\r\n\t\t\t\t\t\t\t\t\t<div title=\"A barlang belsej\u00e9ben tal\u00e1lhat\u00f3 (viszonylag gyors foly\u00e1s\u00fa) foly\u00f3.\" alt=\"A barlang belsej\u00e9ben tal\u00e1lhat\u00f3 (viszonylag gyors foly\u00e1s\u00fa) foly\u00f3.\" class=\"zf-media\">\r\n\t\t\t\t\t\t\t\t\t\t<img width=\"1000\" height=\"624\" src=\"https:\/\/liked.hu\/old\/wp-content\/uploads\/2019\/07\/56055-8-1000-a542d8629a-1484634202.jpg\" class=\"\" alt=\"\" loading=\"lazy\" style=\"\" srcset=\"https:\/\/liked.hu\/old\/wp-content\/uploads\/2019\/07\/56055-8-1000-a542d8629a-1484634202.jpg 1000w, https:\/\/liked.hu\/old\/wp-content\/uploads\/2019\/07\/56055-8-1000-a542d8629a-1484634202-300x187.jpg 300w, https:\/\/liked.hu\/old\/wp-content\/uploads\/2019\/07\/56055-8-1000-a542d8629a-1484634202-768x479.jpg 768w, https:\/\/liked.hu\/old\/wp-content\/uploads\/2019\/07\/56055-8-1000-a542d8629a-1484634202-500x312.jpg 500w, https:\/\/liked.hu\/old\/wp-content\/uploads\/2019\/07\/56055-8-1000-a542d8629a-1484634202-360x225.jpg 360w, https:\/\/liked.hu\/old\/wp-content\/uploads\/2019\/07\/56055-8-1000-a542d8629a-1484634202-545x340.jpg 545w\" sizes=\"(max-width: 1000px) 100vw, 1000px\" \/>\t\t\t\t\t\t\t\t\t\t\t<figcaption class=\"zf-figcaption\">\r\n\t\t\t\t\t\t\t\t\t\t\t\t\t\t\t\t\t\t\t\t\t\t\t\t<cite>        <a class=\"zf-media_credit\" target=\"_blank\" href=\"https:\/\/liked.hu\/old\/kimeno.php?https:\/\/liked.hu\/kimeno.php?https:\/\/pikabu.hu\" rel=\"nofollow noopener\">Hang S\u01a1n \u0110o\u00f2ng-barlang, Vietn\u00e1m<\/a>\r\n        <\/cite>\r\n\r\n\t\t\t\t\t\t\t\t\t\t\t\t\t\t\t\t\t\t\t\t\t\t\t<\/figcaption>\r\n\t\t\t\t\t\t\t\t\t\t\t\t\t\t\t\t\t\t\t<\/div>\r\n\t\t\t\t\t\t\t\t\t<hr \/>\r\n\t\t\t\t\t\t\t\t<\/figure>\r\n\t\t\t\t\t\t\t\t\t\t\t\t\t\t<\/li>\r\n\t\t\t\t\t\t\t\t\t\t\t\t<li class=\"zf-list_item\">\r\n\t\t\t\t\t\t\t<div class=\"zf-list_header\">\r\n\t\t\t\t\t\t\t\t<h3 id=\"listaelem4\" class=\"zf-list_title\">\r\n\t\t\t\t\t\t\t\t\t<span class=\"zf-number\">4<\/span>\r\n\t\t\t\t\t\t\t\t\tItt pedig m\u00e1r egy kisebb t\u00f3 l\u00e1that\u00f3, illetve annak eg\u00e9szen apr\u00f3 k\u00f6ves, m\u00e1r-m\u00e1r homokos partja.\t\t\t\t\t\t\t\t<\/h3>\r\n\t\t\t\t\t\t\t<\/div>\r\n\t\t\t\t\t\t\t\t\t\t\t\t\t\t\t<figure class=\"zf-list_media zf-media-wrapper zf-image zf-type-image\">\r\n\t\t\t\t\t\t\t\t\t<div title=\"Itt pedig m\u00e1r egy kisebb t\u00f3 l\u00e1that\u00f3, illetve annak eg\u00e9szen apr\u00f3 k\u00f6ves, m\u00e1r-m\u00e1r homokos partja.\" alt=\"Itt pedig m\u00e1r egy kisebb t\u00f3 l\u00e1that\u00f3, illetve annak eg\u00e9szen apr\u00f3 k\u00f6ves, m\u00e1r-m\u00e1r homokos partja.\" class=\"zf-media\">\r\n\t\t\t\t\t\t\t\t\t\t<img width=\"1000\" height=\"665\" src=\"https:\/\/liked.hu\/old\/wp-content\/uploads\/2019\/07\/Son-Doong-barlang.jpg\" class=\"\" alt=\"\" loading=\"lazy\" style=\"\" srcset=\"https:\/\/liked.hu\/old\/wp-content\/uploads\/2019\/07\/Son-Doong-barlang.jpg 1000w, https:\/\/liked.hu\/old\/wp-content\/uploads\/2019\/07\/Son-Doong-barlang-300x200.jpg 300w, https:\/\/liked.hu\/old\/wp-content\/uploads\/2019\/07\/Son-Doong-barlang-768x511.jpg 768w, https:\/\/liked.hu\/old\/wp-content\/uploads\/2019\/07\/Son-Doong-barlang-500x333.jpg 500w, https:\/\/liked.hu\/old\/wp-content\/uploads\/2019\/07\/Son-Doong-barlang-360x239.jpg 360w, https:\/\/liked.hu\/old\/wp-content\/uploads\/2019\/07\/Son-Doong-barlang-545x362.jpg 545w\" sizes=\"(max-width: 1000px) 100vw, 1000px\" \/>\t\t\t\t\t\t\t\t\t\t\t<figcaption class=\"zf-figcaption\">\r\n\t\t\t\t\t\t\t\t\t\t\t\t\t\t\t\t\t\t\t\t\t\t\t\t<cite>        <a class=\"zf-media_credit\" target=\"_blank\" href=\"https:\/\/liked.hu\/old\/kimeno.php?https:\/\/liked.hu\/kimeno.php?https:\/\/pikabu.hu\" rel=\"nofollow noopener\">Hang S\u01a1n \u0110o\u00f2ng-barlang, Vietn\u00e1m<\/a>\r\n        <\/cite>\r\n\r\n\t\t\t\t\t\t\t\t\t\t\t\t\t\t\t\t\t\t\t\t\t\t\t<\/figcaption>\r\n\t\t\t\t\t\t\t\t\t\t\t\t\t\t\t\t\t\t\t<\/div>\r\n\t\t\t\t\t\t\t\t\t<hr \/>\r\n\t\t\t\t\t\t\t\t<\/figure>\r\n\t\t\t\t\t\t\t\t\t\t\t\t\t\t<\/li>\r\n\t\t\t\t\t\t\t\t\t\t\t\t<li class=\"zf-list_item\">\r\n\t\t\t\t\t\t\t<div class=\"zf-list_header\">\r\n\t\t\t\t\t\t\t\t<h3 id=\"listaelem5\" class=\"zf-list_title\">\r\n\t\t\t\t\t\t\t\t\t<span class=\"zf-number\">5<\/span>\r\n\t\t\t\t\t\t\t\t\tA barlang (nem meglep\u0151 m\u00f3don) szinte hemzseg az \u0151si fossz\u00edli\u00e1kban \u00e9s tanulm\u00e1nyoz\u00e1sra v\u00e1r\u00f3 cseppk\u00f6vekben.\t\t\t\t\t\t\t\t<\/h3>\r\n\t\t\t\t\t\t\t<\/div>\r\n\t\t\t\t\t\t\t\t\t\t\t\t\t\t\t<figure class=\"zf-list_media zf-media-wrapper zf-image zf-type-image\">\r\n\t\t\t\t\t\t\t\t\t<div title=\"A barlang (nem meglep\u0151 m\u00f3don) szinte hemzseg az \u0151si fossz\u00edli\u00e1kban \u00e9s tanulm\u00e1nyoz\u00e1sra v\u00e1r\u00f3 cseppk\u00f6vekben.\" alt=\"A barlang (nem meglep\u0151 m\u00f3don) szinte hemzseg az \u0151si fossz\u00edli\u00e1kban \u00e9s tanulm\u00e1nyoz\u00e1sra v\u00e1r\u00f3 cseppk\u00f6vekben.\" class=\"zf-media\">\r\n\t\t\t\t\t\t\t\t\t\t<img width=\"1000\" height=\"662\" src=\"https:\/\/liked.hu\/old\/wp-content\/uploads\/2019\/07\/55755-15-1000-a542d8629a-1484634202.jpg\" class=\"\" alt=\"\" loading=\"lazy\" style=\"\" srcset=\"https:\/\/liked.hu\/old\/wp-content\/uploads\/2019\/07\/55755-15-1000-a542d8629a-1484634202.jpg 1000w, https:\/\/liked.hu\/old\/wp-content\/uploads\/2019\/07\/55755-15-1000-a542d8629a-1484634202-300x199.jpg 300w, https:\/\/liked.hu\/old\/wp-content\/uploads\/2019\/07\/55755-15-1000-a542d8629a-1484634202-768x508.jpg 768w, https:\/\/liked.hu\/old\/wp-content\/uploads\/2019\/07\/55755-15-1000-a542d8629a-1484634202-500x331.jpg 500w, https:\/\/liked.hu\/old\/wp-content\/uploads\/2019\/07\/55755-15-1000-a542d8629a-1484634202-360x238.jpg 360w, https:\/\/liked.hu\/old\/wp-content\/uploads\/2019\/07\/55755-15-1000-a542d8629a-1484634202-545x361.jpg 545w\" sizes=\"(max-width: 1000px) 100vw, 1000px\" \/>\t\t\t\t\t\t\t\t\t\t\t<figcaption class=\"zf-figcaption\">\r\n\t\t\t\t\t\t\t\t\t\t\t\t\t\t\t\t\t\t\t\t\t\t\t\t<cite>        <a class=\"zf-media_credit\" target=\"_blank\" href=\"https:\/\/liked.hu\/old\/kimeno.php?https:\/\/liked.hu\/kimeno.php?https:\/\/pikabu.hu\" rel=\"nofollow noopener\">Hang S\u01a1n \u0110o\u00f2ng-barlang, Vietn\u00e1m<\/a>\r\n        <\/cite>\r\n\r\n\t\t\t\t\t\t\t\t\t\t\t\t\t\t\t\t\t\t\t\t\t\t\t<\/figcaption>\r\n\t\t\t\t\t\t\t\t\t\t\t\t\t\t\t\t\t\t\t<\/div>\r\n\t\t\t\t\t\t\t\t\t<hr \/>\r\n\t\t\t\t\t\t\t\t<\/figure>\r\n\t\t\t\t\t\t\t\t\t\t\t\t\t\t<\/li>\r\n\t\t\t\t\t\t\t\t\t\t\t\t<li class=\"zf-list_item\">\r\n\t\t\t\t\t\t\t<div class=\"zf-list_header\">\r\n\t\t\t\t\t\t\t\t<h3 id=\"listaelem6\" class=\"zf-list_title\">\r\n\t\t\t\t\t\t\t\t\t<span class=\"zf-number\">6<\/span>\r\n\t\t\t\t\t\t\t\t\t\u00cdme n\u00e9h\u00e1ny a rekord m\u00e9ret\u0171 \u2013 olykor 70 m\u00e9tern\u00e9l is nagyobb \u2013 cseppk\u00f6vekb\u0151l.\t\t\t\t\t\t\t\t<\/h3>\r\n\t\t\t\t\t\t\t<\/div>\r\n\t\t\t\t\t\t\t\t\t\t\t\t\t\t\t<figure class=\"zf-list_media zf-media-wrapper zf-image zf-type-image\">\r\n\t\t\t\t\t\t\t\t\t<div title=\"\u00cdme n\u00e9h\u00e1ny a rekord m\u00e9ret\u0171 \u2013 olykor 70 m\u00e9tern\u00e9l is nagyobb \u2013 cseppk\u00f6vekb\u0151l.\" alt=\"\u00cdme n\u00e9h\u00e1ny a rekord m\u00e9ret\u0171 \u2013 olykor 70 m\u00e9tern\u00e9l is nagyobb \u2013 cseppk\u00f6vekb\u0151l.\" class=\"zf-media\">\r\n\t\t\t\t\t\t\t\t\t\t<img width=\"1000\" height=\"663\" src=\"https:\/\/liked.hu\/old\/wp-content\/uploads\/2019\/07\/55905-4-1000-a542d8629a-1484634202.jpg\" class=\"\" alt=\"\" loading=\"lazy\" style=\"\" srcset=\"https:\/\/liked.hu\/old\/wp-content\/uploads\/2019\/07\/55905-4-1000-a542d8629a-1484634202.jpg 1000w, https:\/\/liked.hu\/old\/wp-content\/uploads\/2019\/07\/55905-4-1000-a542d8629a-1484634202-300x199.jpg 300w, https:\/\/liked.hu\/old\/wp-content\/uploads\/2019\/07\/55905-4-1000-a542d8629a-1484634202-768x509.jpg 768w, https:\/\/liked.hu\/old\/wp-content\/uploads\/2019\/07\/55905-4-1000-a542d8629a-1484634202-500x332.jpg 500w, https:\/\/liked.hu\/old\/wp-content\/uploads\/2019\/07\/55905-4-1000-a542d8629a-1484634202-360x239.jpg 360w, https:\/\/liked.hu\/old\/wp-content\/uploads\/2019\/07\/55905-4-1000-a542d8629a-1484634202-545x361.jpg 545w\" sizes=\"(max-width: 1000px) 100vw, 1000px\" \/>\t\t\t\t\t\t\t\t\t\t\t<figcaption class=\"zf-figcaption\">\r\n\t\t\t\t\t\t\t\t\t\t\t\t\t\t\t\t\t\t\t\t\t\t\t\t<cite>        <a class=\"zf-media_credit\" target=\"_blank\" href=\"https:\/\/liked.hu\/old\/kimeno.php?https:\/\/liked.hu\/kimeno.php?https:\/\/pikabu.hu\" rel=\"nofollow noopener\">Hang S\u01a1n \u0110o\u00f2ng-barlang, Vietn\u00e1m<\/a>\r\n        <\/cite>\r\n\r\n\t\t\t\t\t\t\t\t\t\t\t\t\t\t\t\t\t\t\t\t\t\t\t<\/figcaption>\r\n\t\t\t\t\t\t\t\t\t\t\t\t\t\t\t\t\t\t\t<\/div>\r\n\t\t\t\t\t\t\t\t\t<hr \/>\r\n\t\t\t\t\t\t\t\t<\/figure>\r\n\t\t\t\t\t\t\t\t\t\t\t\t\t\t\t\t<div class=\"zf-list_description\"><p><img src=\"https:\/\/liked.hu\/wp-content\/uploads\/2019\/07\/55955-5-1000-a542d8629a-1484634202.jpg\" class=\"fr-fic fr-dib\" data-id=\"153072\"><\/p><\/div>\r\n\t\t\t\t\t\t\t\t\t\t\t\t\t<\/li>\r\n\t\t\t\t\t\t\t\t\t\t\t\t<li class=\"zf-list_item\">\r\n\t\t\t\t\t\t\t<div class=\"zf-list_header\">\r\n\t\t\t\t\t\t\t\t<h3 id=\"listaelem7\" class=\"zf-list_title\">\r\n\t\t\t\t\t\t\t\t\t<span class=\"zf-number\">7<\/span>\r\n\t\t\t\t\t\t\t\t\tA belsej\u00e9ben val\u00f3di dzsungel is tal\u00e1lhat\u00f3, melyeket k\u00f6zel h\u00e1rom m\u00e9teresre n\u0151tt vastag f\u00e1k alkotnak. Ez ad otthont a k\u00fcl\u00f6nf\u00e9le \u00e1llatoknak, mint p\u00e9ld\u00e1ul a majmoknak, a szarvascs\u0151r\u0171-madaraknak \u00e9s a denev\u00e9reknek.\t\t\t\t\t\t\t\t<\/h3>\r\n\t\t\t\t\t\t\t<\/div>\r\n\t\t\t\t\t\t\t\t\t\t\t\t\t\t\t<figure class=\"zf-list_media zf-media-wrapper zf-image zf-type-image\">\r\n\t\t\t\t\t\t\t\t\t<div title=\"A belsej\u00e9ben val\u00f3di dzsungel is tal\u00e1lhat\u00f3, melyeket k\u00f6zel h\u00e1rom m\u00e9teresre n\u0151tt vastag f\u00e1k alkotnak. Ez ad otthont a k\u00fcl\u00f6nf\u00e9le \u00e1llatoknak, mint p\u00e9ld\u00e1ul a majmoknak, a szarvascs\u0151r\u0171-madaraknak \u00e9s a denev\u00e9reknek.\" alt=\"A belsej\u00e9ben val\u00f3di dzsungel is tal\u00e1lhat\u00f3, melyeket k\u00f6zel h\u00e1rom m\u00e9teresre n\u0151tt vastag f\u00e1k alkotnak. Ez ad otthont a k\u00fcl\u00f6nf\u00e9le \u00e1llatoknak, mint p\u00e9ld\u00e1ul a majmoknak, a szarvascs\u0151r\u0171-madaraknak \u00e9s a denev\u00e9reknek.\" class=\"zf-media\">\r\n\t\t\t\t\t\t\t\t\t\t<img width=\"1000\" height=\"562\" src=\"https:\/\/liked.hu\/old\/wp-content\/uploads\/2019\/07\/55505-10-1000-a542d8629a-1484634202.jpg\" class=\"\" alt=\"\" loading=\"lazy\" style=\"\" srcset=\"https:\/\/liked.hu\/old\/wp-content\/uploads\/2019\/07\/55505-10-1000-a542d8629a-1484634202.jpg 1000w, https:\/\/liked.hu\/old\/wp-content\/uploads\/2019\/07\/55505-10-1000-a542d8629a-1484634202-300x169.jpg 300w, https:\/\/liked.hu\/old\/wp-content\/uploads\/2019\/07\/55505-10-1000-a542d8629a-1484634202-768x432.jpg 768w, https:\/\/liked.hu\/old\/wp-content\/uploads\/2019\/07\/55505-10-1000-a542d8629a-1484634202-500x281.jpg 500w, https:\/\/liked.hu\/old\/wp-content\/uploads\/2019\/07\/55505-10-1000-a542d8629a-1484634202-360x202.jpg 360w, https:\/\/liked.hu\/old\/wp-content\/uploads\/2019\/07\/55505-10-1000-a542d8629a-1484634202-545x306.jpg 545w\" sizes=\"(max-width: 1000px) 100vw, 1000px\" \/>\t\t\t\t\t\t\t\t\t\t\t<figcaption class=\"zf-figcaption\">\r\n\t\t\t\t\t\t\t\t\t\t\t\t\t\t\t\t\t\t\t\t\t\t\t\t<cite>        <a class=\"zf-media_credit\" target=\"_blank\" href=\"https:\/\/liked.hu\/old\/kimeno.php?https:\/\/liked.hu\/kimeno.php?https:\/\/pikabu.hu\" rel=\"nofollow noopener\">Hang S\u01a1n \u0110o\u00f2ng-barlang, Vietn\u00e1m<\/a>\r\n        <\/cite>\r\n\r\n\t\t\t\t\t\t\t\t\t\t\t\t\t\t\t\t\t\t\t\t\t\t\t<\/figcaption>\r\n\t\t\t\t\t\t\t\t\t\t\t\t\t\t\t\t\t\t\t<\/div>\r\n\t\t\t\t\t\t\t\t\t<hr \/>\r\n\t\t\t\t\t\t\t\t<\/figure>\r\n\t\t\t\t\t\t\t\t\t\t\t\t\t\t<\/li>\r\n\t\t\t\t\t\t\t\t\t\t\t\t<li class=\"zf-list_item\">\r\n\t\t\t\t\t\t\t<div class=\"zf-list_header\">\r\n\t\t\t\t\t\t\t\t<h3 id=\"listaelem8\" class=\"zf-list_title\">\r\n\t\t\t\t\t\t\t\t\t<span class=\"zf-number\">8<\/span>\r\n\t\t\t\t\t\t\t\t\tA barlangban saj\u00e1t \u00e9ghajlati viszonyok uralkodnak, melynek k\u00f6sz\u00f6nhet\u0151en olykor m\u00e9g felh\u0151k\u00e9pz\u0151d\u00e9s is megfigyelhet\u0151.\t\t\t\t\t\t\t\t<\/h3>\r\n\t\t\t\t\t\t\t<\/div>\r\n\t\t\t\t\t\t\t\t\t\t\t\t\t\t\t<figure class=\"zf-list_media zf-media-wrapper zf-image zf-type-image\">\r\n\t\t\t\t\t\t\t\t\t<div title=\"A barlangban saj\u00e1t \u00e9ghajlati viszonyok uralkodnak, melynek k\u00f6sz\u00f6nhet\u0151en olykor m\u00e9g felh\u0151k\u00e9pz\u0151d\u00e9s is megfigyelhet\u0151.\" alt=\"A barlangban saj\u00e1t \u00e9ghajlati viszonyok uralkodnak, melynek k\u00f6sz\u00f6nhet\u0151en olykor m\u00e9g felh\u0151k\u00e9pz\u0151d\u00e9s is megfigyelhet\u0151.\" class=\"zf-media\">\r\n\t\t\t\t\t\t\t\t\t\t<img width=\"1000\" height=\"562\" src=\"https:\/\/liked.hu\/old\/wp-content\/uploads\/2019\/07\/56355-n_qc_cave_150317_1d08191a8a48276e7682111b26dab9e8-1000-a542d8629a-1484634202.jpg\" class=\"\" alt=\"\" loading=\"lazy\" style=\"\" srcset=\"https:\/\/liked.hu\/old\/wp-content\/uploads\/2019\/07\/56355-n_qc_cave_150317_1d08191a8a48276e7682111b26dab9e8-1000-a542d8629a-1484634202.jpg 1000w, https:\/\/liked.hu\/old\/wp-content\/uploads\/2019\/07\/56355-n_qc_cave_150317_1d08191a8a48276e7682111b26dab9e8-1000-a542d8629a-1484634202-300x169.jpg 300w, https:\/\/liked.hu\/old\/wp-content\/uploads\/2019\/07\/56355-n_qc_cave_150317_1d08191a8a48276e7682111b26dab9e8-1000-a542d8629a-1484634202-768x432.jpg 768w, https:\/\/liked.hu\/old\/wp-content\/uploads\/2019\/07\/56355-n_qc_cave_150317_1d08191a8a48276e7682111b26dab9e8-1000-a542d8629a-1484634202-500x281.jpg 500w, https:\/\/liked.hu\/old\/wp-content\/uploads\/2019\/07\/56355-n_qc_cave_150317_1d08191a8a48276e7682111b26dab9e8-1000-a542d8629a-1484634202-360x202.jpg 360w, https:\/\/liked.hu\/old\/wp-content\/uploads\/2019\/07\/56355-n_qc_cave_150317_1d08191a8a48276e7682111b26dab9e8-1000-a542d8629a-1484634202-545x306.jpg 545w\" sizes=\"(max-width: 1000px) 100vw, 1000px\" \/>\t\t\t\t\t\t\t\t\t\t\t<figcaption class=\"zf-figcaption\">\r\n\t\t\t\t\t\t\t\t\t\t\t\t\t\t\t\t\t\t\t\t\t\t\t\t<cite>        <a class=\"zf-media_credit\" target=\"_blank\" href=\"https:\/\/liked.hu\/old\/kimeno.php?https:\/\/liked.hu\/kimeno.php?https:\/\/pikabu.hu\" rel=\"nofollow noopener\">Hang S\u01a1n \u0110o\u00f2ng-barlang, Vietn\u00e1m<\/a>\r\n        <\/cite>\r\n\r\n\t\t\t\t\t\t\t\t\t\t\t\t\t\t\t\t\t\t\t\t\t\t\t<\/figcaption>\r\n\t\t\t\t\t\t\t\t\t\t\t\t\t\t\t\t\t\t\t<\/div>\r\n\t\t\t\t\t\t\t\t\t<hr \/>\r\n\t\t\t\t\t\t\t\t<\/figure>\r\n\t\t\t\t\t\t\t\t\t\t\t\t\t\t\t\t<div class=\"zf-list_description\"><p><img src=\"https:\/\/liked.hu\/wp-content\/uploads\/2019\/07\/56155-9-1000-a542d8629a-1484634202.jpg\" class=\"fr-fic fr-dib\" data-id=\"153075\"><\/p><p><img src=\"https:\/\/liked.hu\/wp-content\/uploads\/2019\/07\/56305-Hang-Son-Doong-1-1000-a542d8629a-1484634202.jpg\" class=\"fr-fic fr-dib\" data-id=\"153076\"><\/p><p><img src=\"https:\/\/liked.hu\/wp-content\/uploads\/2019\/07\/55555-11-1000-a542d8629a-1484634202.jpg\" class=\"fr-fic fr-dib\" data-id=\"153077\"><\/p><p><img src=\"https:\/\/liked.hu\/wp-content\/uploads\/2019\/07\/55655-13-1000-a542d8629a-1484634202.jpg\" class=\"fr-fic fr-dib\" data-id=\"153078\"><\/p><\/div>\r\n\t\t\t\t\t\t\t\t\t\t\t\t\t<\/li>\r\n\t\t\t\t\t\t\t\t\t<\/ol>\r\n\t\t<\/div>\r\n\t<\/div>\r\n\r\n\t<\/div>\r\n\r\n\r\n\n","protected":false},"excerpt":{"rendered":"<p>F\u00f6ld alatti v\u00e1rosokr\u00f3l \u00e9s kir\u00e1lys\u00e1gokr\u00f3l m\u00e1r embereml\u00e9kezet \u00f3ta hallhatunk legend\u00e1kat, az egyik legn\u00e9pszer\u0171bb k\u00f6z\u00fcl\u00fck tal\u00e1n a Shambhala birodalom, melynek a mai napig kiemelked\u0151 szerepe van a tibeti buddhista kult\u00far\u00e1ban. Ezek azonban csak egyszer\u0171 mendemond\u00e1knak t\u0171nnek, l\u00e9tez\u00e9s\u00fckre legal\u00e1bbis semmilyen k\u00e9zzel foghat\u00f3 bizony\u00edt\u00e9k sincs, egyetlen egyet kiv\u00e9ve, mely oly annyira l\u00e9tezik, hogy a mai napig l\u00e1togathat\u00f3. 1991-ben [&hellip;]<\/p>\n","protected":false},"author":13,"featured_media":153080,"comment_status":"open","ping_status":"closed","sticky":false,"template":"","format":"standard","meta":{"buzzeditor_post_format":""},"categories":[23],"tags":[260,4202,1554,2579,4199],"yoast_head":"<!-- This site is optimized with the Yoast SEO plugin v19.6.1 - https:\/\/yoast.com\/wordpress\/plugins\/seo\/ -->\n<title>\u00cdgy n\u00e9z ki bel\u00fclr\u0151l bolyg\u00f3nk egyetlen, ma is l\u00e9tez\u0151 f\u00f6ld alatti &quot;birodalma&quot;<\/title>\n<meta name=\"description\" content=\"F\u00f6ld alatti v\u00e1rosokr\u00f3l \u00e9s kir\u00e1lys\u00e1gokr\u00f3l m\u00e1r embereml\u00e9kezet \u00f3ta hallhatunk legend\u00e1kat, az egyik legn\u00e9pszer\u0171bb k\u00f6z\u00fcl\u00fck tal\u00e1n a Shambhala birodalom, melynek\" \/>\n<meta name=\"robots\" content=\"index, follow, max-snippet:-1, max-image-preview:large, max-video-preview:-1\" \/>\n<link rel=\"canonical\" href=\"https:\/\/liked.hu\/old\/erdekes\/igy-nez-ki-belulrol-bolygonk-egyetlen-ma-letezo-fold-alatti-birodalma\/\" \/>\n<meta property=\"og:locale\" content=\"hu_HU\" \/>\n<meta property=\"og:type\" content=\"article\" \/>\n<meta property=\"og:title\" content=\"\u00cdgy n\u00e9z ki bel\u00fclr\u0151l bolyg\u00f3nk egyetlen, ma is l\u00e9tez\u0151 f\u00f6ld alatti &quot;birodalma&quot;\" \/>\n<meta property=\"og:description\" content=\"F\u00f6ld alatti v\u00e1rosokr\u00f3l \u00e9s kir\u00e1lys\u00e1gokr\u00f3l m\u00e1r embereml\u00e9kezet \u00f3ta hallhatunk legend\u00e1kat, az egyik legn\u00e9pszer\u0171bb k\u00f6z\u00fcl\u00fck tal\u00e1n a Shambhala birodalom, melynek\" \/>\n<meta property=\"og:url\" content=\"https:\/\/liked.hu\/old\/erdekes\/igy-nez-ki-belulrol-bolygonk-egyetlen-ma-letezo-fold-alatti-birodalma\/\" \/>\n<meta property=\"og:site_name\" content=\"Liked.hu\" \/>\n<meta property=\"article:publisher\" content=\"https:\/\/www.facebook.com\/liked.hu\" \/>\n<meta property=\"article:published_time\" content=\"2019-07-24T10:09:47+00:00\" \/>\n<meta property=\"article:modified_time\" content=\"2022-09-05T23:32:12+00:00\" \/>\n<meta property=\"og:image\" content=\"https:\/\/liked.hu\/old\/wp-content\/uploads\/2019\/07\/Son-Doong-barlang-birodalom.jpg\" \/>\n\t<meta property=\"og:image:width\" content=\"1200\" \/>\n\t<meta property=\"og:image:height\" content=\"630\" \/>\n\t<meta property=\"og:image:type\" content=\"image\/jpeg\" \/>\n<meta name=\"author\" content=\"Klingstrom\" \/>\n<meta name=\"twitter:card\" content=\"summary\" \/>\n<meta name=\"twitter:creator\" content=\"@LikedHu\" \/>\n<meta name=\"twitter:site\" content=\"@LikedHu\" \/>\n<meta name=\"twitter:label1\" content=\"Szerz\u0151:\" \/>\n\t<meta name=\"twitter:data1\" content=\"Klingstrom\" \/>\n\t<meta name=\"twitter:label2\" content=\"Becs\u00fclt olvas\u00e1si id\u0151\" \/>\n\t<meta name=\"twitter:data2\" content=\"1 perc\" \/>\n<script type=\"application\/ld+json\" class=\"yoast-schema-graph\">{\"@context\":\"https:\/\/schema.org\",\"@graph\":[{\"@type\":\"Article\",\"@id\":\"https:\/\/liked.hu\/old\/erdekes\/igy-nez-ki-belulrol-bolygonk-egyetlen-ma-letezo-fold-alatti-birodalma\/#article\",\"isPartOf\":{\"@id\":\"https:\/\/liked.hu\/old\/erdekes\/igy-nez-ki-belulrol-bolygonk-egyetlen-ma-letezo-fold-alatti-birodalma\/\"},\"author\":{\"name\":\"Klingstrom\",\"@id\":\"https:\/\/liked.hu\/old\/#\/schema\/person\/1c8d3f8764991e8dcd6572a7de72da8a\"},\"headline\":\"\u00cdgy n\u00e9z ki bel\u00fclr\u0151l bolyg\u00f3nk egyetlen, ma is l\u00e9tez\u0151 f\u00f6ld alatti &#8222;birodalma&#8221;\",\"datePublished\":\"2019-07-24T10:09:47+00:00\",\"dateModified\":\"2022-09-05T23:32:12+00:00\",\"mainEntityOfPage\":{\"@id\":\"https:\/\/liked.hu\/old\/erdekes\/igy-nez-ki-belulrol-bolygonk-egyetlen-ma-letezo-fold-alatti-birodalma\/\"},\"wordCount\":289,\"commentCount\":0,\"publisher\":{\"@id\":\"https:\/\/liked.hu\/old\/#organization\"},\"keywords\":[\"barlang\",\"hang s\u01a1n \u0111o\u00f2ng\",\"legnagyobb\",\"term\u00e9szet\",\"vietn\u00e1m\"],\"articleSection\":[\"\u00c9rdekess\u00e9gek\"],\"inLanguage\":\"hu\",\"potentialAction\":[{\"@type\":\"CommentAction\",\"name\":\"Comment\",\"target\":[\"https:\/\/liked.hu\/old\/erdekes\/igy-nez-ki-belulrol-bolygonk-egyetlen-ma-letezo-fold-alatti-birodalma\/#respond\"]}]},{\"@type\":\"WebPage\",\"@id\":\"https:\/\/liked.hu\/old\/erdekes\/igy-nez-ki-belulrol-bolygonk-egyetlen-ma-letezo-fold-alatti-birodalma\/\",\"url\":\"https:\/\/liked.hu\/old\/erdekes\/igy-nez-ki-belulrol-bolygonk-egyetlen-ma-letezo-fold-alatti-birodalma\/\",\"name\":\"\u00cdgy n\u00e9z ki bel\u00fclr\u0151l bolyg\u00f3nk egyetlen, ma is l\u00e9tez\u0151 f\u00f6ld alatti \\\"birodalma\\\"\",\"isPartOf\":{\"@id\":\"https:\/\/liked.hu\/old\/#website\"},\"datePublished\":\"2019-07-24T10:09:47+00:00\",\"dateModified\":\"2022-09-05T23:32:12+00:00\",\"description\":\"F\u00f6ld alatti v\u00e1rosokr\u00f3l \u00e9s kir\u00e1lys\u00e1gokr\u00f3l m\u00e1r embereml\u00e9kezet \u00f3ta hallhatunk legend\u00e1kat, az egyik legn\u00e9pszer\u0171bb k\u00f6z\u00fcl\u00fck tal\u00e1n a Shambhala birodalom, melynek\",\"breadcrumb\":{\"@id\":\"https:\/\/liked.hu\/old\/erdekes\/igy-nez-ki-belulrol-bolygonk-egyetlen-ma-letezo-fold-alatti-birodalma\/#breadcrumb\"},\"inLanguage\":\"hu\",\"potentialAction\":[{\"@type\":\"ReadAction\",\"target\":[\"https:\/\/liked.hu\/old\/erdekes\/igy-nez-ki-belulrol-bolygonk-egyetlen-ma-letezo-fold-alatti-birodalma\/\"]}]},{\"@type\":\"BreadcrumbList\",\"@id\":\"https:\/\/liked.hu\/old\/erdekes\/igy-nez-ki-belulrol-bolygonk-egyetlen-ma-letezo-fold-alatti-birodalma\/#breadcrumb\",\"itemListElement\":[{\"@type\":\"ListItem\",\"position\":1,\"name\":\"Kezd\u0151lap\",\"item\":\"https:\/\/liked.hu\/old\/\"},{\"@type\":\"ListItem\",\"position\":2,\"name\":\"\u00cdgy n\u00e9z ki bel\u00fclr\u0151l bolyg\u00f3nk egyetlen, ma is l\u00e9tez\u0151 f\u00f6ld alatti &#8222;birodalma&#8221;\"}]},{\"@type\":\"WebSite\",\"@id\":\"https:\/\/liked.hu\/old\/#website\",\"url\":\"https:\/\/liked.hu\/old\/\",\"name\":\"Liked.hu\",\"description\":\"\",\"publisher\":{\"@id\":\"https:\/\/liked.hu\/old\/#organization\"},\"potentialAction\":[{\"@type\":\"SearchAction\",\"target\":{\"@type\":\"EntryPoint\",\"urlTemplate\":\"https:\/\/liked.hu\/old\/?s={search_term_string}\"},\"query-input\":\"required name=search_term_string\"}],\"inLanguage\":\"hu\"},{\"@type\":\"Organization\",\"@id\":\"https:\/\/liked.hu\/old\/#organization\",\"name\":\"Liked.hu\",\"url\":\"https:\/\/liked.hu\/old\/\",\"sameAs\":[\"https:\/\/hu.pinterest.com\/likedhungary\/\",\"https:\/\/www.youtube.com\/channel\/UCPv91dbMoIukYcM9b9nHN6Q\",\"https:\/\/www.facebook.com\/liked.hu\",\"https:\/\/twitter.com\/LikedHu\"],\"logo\":{\"@type\":\"ImageObject\",\"inLanguage\":\"hu\",\"@id\":\"https:\/\/liked.hu\/old\/#\/schema\/logo\/image\/\",\"url\":\"https:\/\/liked.hu\/wp-content\/uploads\/2018\/08\/Liked-icon.png\",\"contentUrl\":\"https:\/\/liked.hu\/wp-content\/uploads\/2018\/08\/Liked-icon.png\",\"width\":512,\"height\":512,\"caption\":\"Liked.hu\"},\"image\":{\"@id\":\"https:\/\/liked.hu\/old\/#\/schema\/logo\/image\/\"}},{\"@type\":\"Person\",\"@id\":\"https:\/\/liked.hu\/old\/#\/schema\/person\/1c8d3f8764991e8dcd6572a7de72da8a\",\"name\":\"Klingstrom\",\"image\":{\"@type\":\"ImageObject\",\"inLanguage\":\"hu\",\"@id\":\"https:\/\/liked.hu\/old\/#\/schema\/person\/image\/\",\"url\":\"https:\/\/liked.hu\/old\/wp-content\/uploads\/avatars\/13\/604de88bd578a-bpfull.jpg\",\"contentUrl\":\"https:\/\/liked.hu\/old\/wp-content\/uploads\/avatars\/13\/604de88bd578a-bpfull.jpg\",\"caption\":\"Klingstrom\"},\"url\":\"https:\/\/liked.hu\/old\/u\/klingstrom\/\"}]}<\/script>\n<!-- \/ Yoast SEO plugin. -->","yoast_head_json":{"title":"\u00cdgy n\u00e9z ki bel\u00fclr\u0151l bolyg\u00f3nk egyetlen, ma is l\u00e9tez\u0151 f\u00f6ld alatti \"birodalma\"","description":"F\u00f6ld alatti v\u00e1rosokr\u00f3l \u00e9s kir\u00e1lys\u00e1gokr\u00f3l m\u00e1r embereml\u00e9kezet \u00f3ta hallhatunk legend\u00e1kat, az egyik legn\u00e9pszer\u0171bb k\u00f6z\u00fcl\u00fck tal\u00e1n a Shambhala birodalom, melynek","robots":{"index":"index","follow":"follow","max-snippet":"max-snippet:-1","max-image-preview":"max-image-preview:large","max-video-preview":"max-video-preview:-1"},"canonical":"https:\/\/liked.hu\/old\/erdekes\/igy-nez-ki-belulrol-bolygonk-egyetlen-ma-letezo-fold-alatti-birodalma\/","og_locale":"hu_HU","og_type":"article","og_title":"\u00cdgy n\u00e9z ki bel\u00fclr\u0151l bolyg\u00f3nk egyetlen, ma is l\u00e9tez\u0151 f\u00f6ld alatti \"birodalma\"","og_description":"F\u00f6ld alatti v\u00e1rosokr\u00f3l \u00e9s kir\u00e1lys\u00e1gokr\u00f3l m\u00e1r embereml\u00e9kezet \u00f3ta hallhatunk legend\u00e1kat, az egyik legn\u00e9pszer\u0171bb k\u00f6z\u00fcl\u00fck tal\u00e1n a Shambhala birodalom, melynek","og_url":"https:\/\/liked.hu\/old\/erdekes\/igy-nez-ki-belulrol-bolygonk-egyetlen-ma-letezo-fold-alatti-birodalma\/","og_site_name":"Liked.hu","article_publisher":"https:\/\/www.facebook.com\/liked.hu","article_published_time":"2019-07-24T10:09:47+00:00","article_modified_time":"2022-09-05T23:32:12+00:00","og_image":[{"width":1200,"height":630,"url":"https:\/\/liked.hu\/old\/wp-content\/uploads\/2019\/07\/Son-Doong-barlang-birodalom.jpg","type":"image\/jpeg"}],"author":"Klingstrom","twitter_card":"summary","twitter_creator":"@LikedHu","twitter_site":"@LikedHu","twitter_misc":{"Szerz\u0151:":"Klingstrom","Becs\u00fclt olvas\u00e1si id\u0151":"1 perc"},"schema":{"@context":"https:\/\/schema.org","@graph":[{"@type":"Article","@id":"https:\/\/liked.hu\/old\/erdekes\/igy-nez-ki-belulrol-bolygonk-egyetlen-ma-letezo-fold-alatti-birodalma\/#article","isPartOf":{"@id":"https:\/\/liked.hu\/old\/erdekes\/igy-nez-ki-belulrol-bolygonk-egyetlen-ma-letezo-fold-alatti-birodalma\/"},"author":{"name":"Klingstrom","@id":"https:\/\/liked.hu\/old\/#\/schema\/person\/1c8d3f8764991e8dcd6572a7de72da8a"},"headline":"\u00cdgy n\u00e9z ki bel\u00fclr\u0151l bolyg\u00f3nk egyetlen, ma is l\u00e9tez\u0151 f\u00f6ld alatti &#8222;birodalma&#8221;","datePublished":"2019-07-24T10:09:47+00:00","dateModified":"2022-09-05T23:32:12+00:00","mainEntityOfPage":{"@id":"https:\/\/liked.hu\/old\/erdekes\/igy-nez-ki-belulrol-bolygonk-egyetlen-ma-letezo-fold-alatti-birodalma\/"},"wordCount":289,"commentCount":0,"publisher":{"@id":"https:\/\/liked.hu\/old\/#organization"},"keywords":["barlang","hang s\u01a1n \u0111o\u00f2ng","legnagyobb","term\u00e9szet","vietn\u00e1m"],"articleSection":["\u00c9rdekess\u00e9gek"],"inLanguage":"hu","potentialAction":[{"@type":"CommentAction","name":"Comment","target":["https:\/\/liked.hu\/old\/erdekes\/igy-nez-ki-belulrol-bolygonk-egyetlen-ma-letezo-fold-alatti-birodalma\/#respond"]}]},{"@type":"WebPage","@id":"https:\/\/liked.hu\/old\/erdekes\/igy-nez-ki-belulrol-bolygonk-egyetlen-ma-letezo-fold-alatti-birodalma\/","url":"https:\/\/liked.hu\/old\/erdekes\/igy-nez-ki-belulrol-bolygonk-egyetlen-ma-letezo-fold-alatti-birodalma\/","name":"\u00cdgy n\u00e9z ki bel\u00fclr\u0151l bolyg\u00f3nk egyetlen, ma is l\u00e9tez\u0151 f\u00f6ld alatti \"birodalma\"","isPartOf":{"@id":"https:\/\/liked.hu\/old\/#website"},"datePublished":"2019-07-24T10:09:47+00:00","dateModified":"2022-09-05T23:32:12+00:00","description":"F\u00f6ld alatti v\u00e1rosokr\u00f3l \u00e9s kir\u00e1lys\u00e1gokr\u00f3l m\u00e1r embereml\u00e9kezet \u00f3ta hallhatunk legend\u00e1kat, az egyik legn\u00e9pszer\u0171bb k\u00f6z\u00fcl\u00fck tal\u00e1n a Shambhala birodalom, melynek","breadcrumb":{"@id":"https:\/\/liked.hu\/old\/erdekes\/igy-nez-ki-belulrol-bolygonk-egyetlen-ma-letezo-fold-alatti-birodalma\/#breadcrumb"},"inLanguage":"hu","potentialAction":[{"@type":"ReadAction","target":["https:\/\/liked.hu\/old\/erdekes\/igy-nez-ki-belulrol-bolygonk-egyetlen-ma-letezo-fold-alatti-birodalma\/"]}]},{"@type":"BreadcrumbList","@id":"https:\/\/liked.hu\/old\/erdekes\/igy-nez-ki-belulrol-bolygonk-egyetlen-ma-letezo-fold-alatti-birodalma\/#breadcrumb","itemListElement":[{"@type":"ListItem","position":1,"name":"Kezd\u0151lap","item":"https:\/\/liked.hu\/old\/"},{"@type":"ListItem","position":2,"name":"\u00cdgy n\u00e9z ki bel\u00fclr\u0151l bolyg\u00f3nk egyetlen, ma is l\u00e9tez\u0151 f\u00f6ld alatti &#8222;birodalma&#8221;"}]},{"@type":"WebSite","@id":"https:\/\/liked.hu\/old\/#website","url":"https:\/\/liked.hu\/old\/","name":"Liked.hu","description":"","publisher":{"@id":"https:\/\/liked.hu\/old\/#organization"},"potentialAction":[{"@type":"SearchAction","target":{"@type":"EntryPoint","urlTemplate":"https:\/\/liked.hu\/old\/?s={search_term_string}"},"query-input":"required name=search_term_string"}],"inLanguage":"hu"},{"@type":"Organization","@id":"https:\/\/liked.hu\/old\/#organization","name":"Liked.hu","url":"https:\/\/liked.hu\/old\/","sameAs":["https:\/\/hu.pinterest.com\/likedhungary\/","https:\/\/www.youtube.com\/channel\/UCPv91dbMoIukYcM9b9nHN6Q","https:\/\/www.facebook.com\/liked.hu","https:\/\/twitter.com\/LikedHu"],"logo":{"@type":"ImageObject","inLanguage":"hu","@id":"https:\/\/liked.hu\/old\/#\/schema\/logo\/image\/","url":"https:\/\/liked.hu\/wp-content\/uploads\/2018\/08\/Liked-icon.png","contentUrl":"https:\/\/liked.hu\/wp-content\/uploads\/2018\/08\/Liked-icon.png","width":512,"height":512,"caption":"Liked.hu"},"image":{"@id":"https:\/\/liked.hu\/old\/#\/schema\/logo\/image\/"}},{"@type":"Person","@id":"https:\/\/liked.hu\/old\/#\/schema\/person\/1c8d3f8764991e8dcd6572a7de72da8a","name":"Klingstrom","image":{"@type":"ImageObject","inLanguage":"hu","@id":"https:\/\/liked.hu\/old\/#\/schema\/person\/image\/","url":"https:\/\/liked.hu\/old\/wp-content\/uploads\/avatars\/13\/604de88bd578a-bpfull.jpg","contentUrl":"https:\/\/liked.hu\/old\/wp-content\/uploads\/avatars\/13\/604de88bd578a-bpfull.jpg","caption":"Klingstrom"},"url":"https:\/\/liked.hu\/old\/u\/klingstrom\/"}]}},"publishpress_future_action":{"enabled":false,"date":"1970-01-01 01:00:00","action":"","terms":[],"taxonomy":"","browser_timezone_offset":0},"_links":{"self":[{"href":"https:\/\/liked.hu\/old\/wp-json\/wp\/v2\/posts\/153079"}],"collection":[{"href":"https:\/\/liked.hu\/old\/wp-json\/wp\/v2\/posts"}],"about":[{"href":"https:\/\/liked.hu\/old\/wp-json\/wp\/v2\/types\/post"}],"author":[{"embeddable":true,"href":"https:\/\/liked.hu\/old\/wp-json\/wp\/v2\/users\/13"}],"replies":[{"embeddable":true,"href":"https:\/\/liked.hu\/old\/wp-json\/wp\/v2\/comments?post=153079"}],"version-history":[{"count":0,"href":"https:\/\/liked.hu\/old\/wp-json\/wp\/v2\/posts\/153079\/revisions"}],"wp:featuredmedia":[{"embeddable":true,"href":"https:\/\/liked.hu\/old\/wp-json\/wp\/v2\/media\/153080"}],"wp:attachment":[{"href":"https:\/\/liked.hu\/old\/wp-json\/wp\/v2\/media?parent=153079"}],"wp:term":[{"taxonomy":"category","embeddable":true,"href":"https:\/\/liked.hu\/old\/wp-json\/wp\/v2\/categories?post=153079"},{"taxonomy":"post_tag","embeddable":true,"href":"https:\/\/liked.hu\/old\/wp-json\/wp\/v2\/tags?post=153079"}],"curies":[{"name":"wp","href":"https:\/\/api.w.org\/{rel}","templated":true}]}}