{"id":15092,"date":"2016-07-19T16:29:12","date_gmt":"2016-07-19T14:29:12","guid":{"rendered":"https:\/\/liked.hu\/old\/?p=15092"},"modified":"2020-08-12T12:15:11","modified_gmt":"2020-08-12T10:15:11","slug":"falkirki-kerek","status":"publish","type":"post","link":"https:\/\/liked.hu\/old\/video\/falkirki-kerek\/","title":{"rendered":"\u00cdgy n\u00e9z ki m\u0171k\u00f6d\u00e9s k\u00f6zben a Falkirki ker\u00e9k, vagyis a vil\u00e1g egyik legl\u00e1tv\u00e1nyosabb haj\u00f3liftje"},"content":{"rendered":"<p style=\"text-align: justify;\">A k\u00e9t v\u00edzfel\u00fclet 24 m\u00e9teres szintk\u00fcl\u00f6nbs\u00e9ge ok\u00e1n, a t\u00f6bbl\u00e9pcs\u0151s zsiliprendszer &#8211; mint lehet\u0151s\u00e9g &#8211; nem j\u00f6hetett sz\u00f3ba, ennek k\u00f6sz\u00f6nhet\u0151en d\u00f6nt\u00f6ttek \u00fagy a kivitelez\u0151k, hogy v\u00e9g\u00fcl is ink\u00e1bb egy haj\u00f3liftet k\u00e9sz\u00edtenek a forgalom lebonyol\u00edt\u00e1sa \u00e9rdek\u00e9ben. A haj\u00f3lift val\u00f3j\u00e1ban egy 35 m\u00e9ter \u00e1tm\u00e9r\u0151j\u0171 forg\u00f3ker\u00e9k, mely az \u00e1tad\u00e1sa ut\u00e1n azonnal, val\u00f3di turistal\u00e1tv\u00e1nyoss\u00e1gg\u00e1 n\u0151tte ki mag\u00e1t.<\/p>\n<p style=\"text-align: justify; padding-left: 30px;\"><em>A k\u00f6zponti tengelyt\u0151l 15-15 m\u00e9terre kiny\u00fal\u00f3 karok k\u00e9t teli s\u00fcllyeszt\u0151szekr\u00e9nyt tartanak, melyekbe egyenk\u00e9nt 302 tonna v\u00edz f\u00e9r. A k\u00e9t szekr\u00e9ny mindig azonos terhet visel, a sz\u00e1ll\u00edtott haj\u00f3k t\u00f6meg\u00e9t\u0151l f\u00fcggetlen\u00fcl, hiszen mint Arkhim\u00e9d\u00e9sz t\u00f6rv\u00e9ny\u00e9b\u0151l t\u00f6rv\u00e9ny\u00e9b\u0151l tudjuk, a haj\u00f3k a saj\u00e1t t\u00f6meg\u00fcknek megfelel\u0151 vizet kiszor\u00edtj\u00e1k a szekr\u00e9nyb\u0151l. Teh\u00e1t a ker\u00e9k k\u00e9t karja mindig egyens\u00falyban van, ez teszi lehet\u0151v\u00e9, hogy a szerkezet 4 perc alatt megtegye \u00fatj\u00e1t, \u00e9s elv\u00e9gezze a 180\u00b0-os fordulatot. A 22,5\u00a0kW \u00f6sszteljes\u00edtm\u00e9ny\u0171 motorok k\u00e9pesek csup\u00e1n 1,5\u00a0kWh energia felhaszn\u00e1l\u00e1s\u00e1val elforgatni a kereket. Ez az energiamennyis\u00e9g hozz\u00e1vet\u0151legesen 8 te\u00e1skanna v\u00edz felforral\u00e1s\u00e1hoz lenne elegend\u0151.<\/em><\/p>\n<p style=\"text-align: justify; padding-left: 30px;\"><em>Az elfordul\u00e1st egy n\u00e9gym\u00e9teres csap\u00e1gy seg\u00edti, ami egyr\u00e9szt a ker\u00e9k tengely\u00e9hez van r\u00f6gz\u00edtve, m\u00e1sr\u00e9szt a k\u00fcls\u0151 gy\u0171r\u0171je a pill\u00e9ralapoz\u00e1ssal k\u00e9sz\u00fclt talapzathoz csatlakoztatva. A tengelyt t\u00edz elektromotor hajtja, melyek a tengely g\u00e9ph\u00e1z fel\u0151li oldal\u00e1n csatlakoznak a bels\u0151 gy\u0171r\u0171h\u00f6z. A t\u00edz elektromos motor egy-egy hidraulikus szivatty\u00fat m\u0171k\u00f6dtet, amik a hidraulikus motorhoz vannak kapcsolva, \u00e9s percenk\u00e9nt 1\/8 fordulatot v\u00e9geznek a ker\u00e9ken. Ahhoz, hogy a szekr\u00e9nyek v\u00edzszintben maradjanak, ugyanolyan sebess\u00e9ggel kell fordulniuk, mint a ker\u00e9knek, csak ellent\u00e9tes ir\u00e1nyban. A szekr\u00e9nyek mindk\u00e9t v\u00e9g\u00e9n tal\u00e1lhat\u00f3 egy-egy fogasker\u00e9k, ami a karok v\u00e9g\u00e9n l\u00e9v\u0151 8 m\u00e9ter \u00e1tm\u00e9r\u0151j\u0171 lyuk bels\u0151 fel\u00e9n fut, ezzel teszi lehet\u0151v\u00e9 azok szabad mozg\u00e1s\u00e1t, pontosabban elfordul\u00e1s\u00e1t.<\/em><\/p>\n<p style=\"text-align: justify;\">Ennyit a t\u00e9nyekr\u0151l \u00e9s adatokr\u00f3l, de l\u00e1ssuk ink\u00e1bb azt, ami val\u00f3ban \u00e9rdekes ebben a fantasztikus projektben, m\u00e9gpedig mag\u00e1t a haj\u00f3liftet, m\u0171k\u00f6d\u00e9s k\u00f6zben&#8230;<\/p>\n<p><iframe loading=\"lazy\" title=\"The Falkirk Wheel (boat lift)\" width=\"500\" height=\"281\" src=\"https:\/\/www.youtube.com\/embed\/DxKWSQDeA78?feature=oembed\" frameborder=\"0\" allow=\"accelerometer; autoplay; clipboard-write; encrypted-media; gyroscope; picture-in-picture; web-share\" referrerpolicy=\"strict-origin-when-cross-origin\" allowfullscreen><\/iframe><\/p>\n<p>&nbsp;<\/p>\n","protected":false},"excerpt":{"rendered":"<p>A Falkirki ker\u00e9k n\u00e9ven elh\u00edres\u00fclt fantasztikus szerkezet val\u00f3j\u00e1ban egy haj\u00f3lift, mely a Falkirk \u00e9s Edinburgh k\u00f6z\u00f6tt h\u00faz\u00f3d\u00f3 Union-csatorn\u00e1t, valamint a Falkirk \u00e9s Glasgow k\u00f6z\u00f6tti Forth- \u00e9s Clyde-csatorn\u00e1t hivatott \u00f6sszek\u00f6tni.<\/p>\n","protected":false},"author":22,"featured_media":218722,"comment_status":"open","ping_status":"closed","sticky":false,"template":"","format":"standard","meta":{"buzzeditor_post_format":""},"categories":[43],"tags":[8700,710,982,1066,1331,1720,1817,2415],"yoast_head":"<!-- This site is optimized with the Yoast SEO plugin v19.6.1 - https:\/\/yoast.com\/wordpress\/plugins\/seo\/ -->\n<title>\u00cdgy n\u00e9z ki m\u0171k\u00f6d\u00e9s k\u00f6zben a Falkirki ker\u00e9k, vagyis a vil\u00e1g egyik legl\u00e1tv\u00e1nyosabb haj\u00f3liftje<\/title>\n<meta name=\"description\" content=\"A Falkirki ker\u00e9k n\u00e9ven elh\u00edres\u00fclt fantasztikus szerkezet val\u00f3j\u00e1ban egy haj\u00f3lift, mely a Falkirk \u00e9s Edinburgh k\u00f6z\u00f6tt h\u00faz\u00f3d\u00f3 Union-csatorn\u00e1t, valamint a Falkirk \u00e9s Glasgow k\u00f6z\u00f6tti Forth- \u00e9s Clyde-csatorn\u00e1t hivatott \u00f6sszek\u00f6tni.\" \/>\n<meta name=\"robots\" content=\"index, follow, max-snippet:-1, max-image-preview:large, max-video-preview:-1\" \/>\n<link rel=\"canonical\" href=\"https:\/\/liked.hu\/old\/video\/falkirki-kerek\/\" \/>\n<meta property=\"og:locale\" content=\"hu_HU\" \/>\n<meta property=\"og:type\" content=\"article\" \/>\n<meta property=\"og:title\" content=\"\u00cdgy n\u00e9z ki m\u0171k\u00f6d\u00e9s k\u00f6zben a Falkirki ker\u00e9k, vagyis a vil\u00e1g egyik legl\u00e1tv\u00e1nyosabb haj\u00f3liftje\" \/>\n<meta property=\"og:description\" content=\"A Falkirki ker\u00e9k n\u00e9ven elh\u00edres\u00fclt fantasztikus szerkezet val\u00f3j\u00e1ban egy haj\u00f3lift, mely a Falkirk \u00e9s Edinburgh k\u00f6z\u00f6tt h\u00faz\u00f3d\u00f3 Union-csatorn\u00e1t, valamint a Falkirk \u00e9s Glasgow k\u00f6z\u00f6tti Forth- \u00e9s Clyde-csatorn\u00e1t hivatott \u00f6sszek\u00f6tni.\" \/>\n<meta property=\"og:url\" content=\"https:\/\/liked.hu\/old\/video\/falkirki-kerek\/\" \/>\n<meta property=\"og:site_name\" content=\"Liked.hu\" \/>\n<meta property=\"article:publisher\" content=\"https:\/\/www.facebook.com\/liked.hu\" \/>\n<meta property=\"article:author\" content=\"https:\/\/www.facebook.com\/profile.php?id=100069488029999\" \/>\n<meta property=\"article:published_time\" content=\"2016-07-19T14:29:12+00:00\" \/>\n<meta property=\"article:modified_time\" content=\"2020-08-12T10:15:11+00:00\" \/>\n<meta property=\"og:image\" content=\"https:\/\/liked.hu\/old\/wp-content\/uploads\/2016\/07\/falkirk-wheel-lg.jpg\" \/>\n\t<meta property=\"og:image:width\" content=\"500\" \/>\n\t<meta property=\"og:image:height\" content=\"370\" \/>\n\t<meta property=\"og:image:type\" content=\"image\/jpeg\" \/>\n<meta name=\"author\" content=\"1mernok\" \/>\n<meta name=\"twitter:card\" content=\"summary\" \/>\n<meta name=\"twitter:creator\" content=\"@LikedHu\" \/>\n<meta name=\"twitter:site\" content=\"@LikedHu\" \/>\n<meta name=\"twitter:label1\" content=\"Szerz\u0151:\" \/>\n\t<meta name=\"twitter:data1\" content=\"1mernok\" \/>\n\t<meta name=\"twitter:label2\" content=\"Becs\u00fclt olvas\u00e1si id\u0151\" \/>\n\t<meta name=\"twitter:data2\" content=\"2 perc\" \/>\n<script type=\"application\/ld+json\" class=\"yoast-schema-graph\">{\"@context\":\"https:\/\/schema.org\",\"@graph\":[{\"@type\":\"Article\",\"@id\":\"https:\/\/liked.hu\/old\/video\/falkirki-kerek\/#article\",\"isPartOf\":{\"@id\":\"https:\/\/liked.hu\/old\/video\/falkirki-kerek\/\"},\"author\":{\"name\":\"1mernok\",\"@id\":\"https:\/\/liked.hu\/old\/#\/schema\/person\/eb840c492fdb3076d9c2d140cc634ebb\"},\"headline\":\"\u00cdgy n\u00e9z ki m\u0171k\u00f6d\u00e9s k\u00f6zben a Falkirki ker\u00e9k, vagyis a vil\u00e1g egyik legl\u00e1tv\u00e1nyosabb haj\u00f3liftje\",\"datePublished\":\"2016-07-19T14:29:12+00:00\",\"dateModified\":\"2020-08-12T10:15:11+00:00\",\"mainEntityOfPage\":{\"@id\":\"https:\/\/liked.hu\/old\/video\/falkirki-kerek\/\"},\"wordCount\":468,\"commentCount\":0,\"publisher\":{\"@id\":\"https:\/\/liked.hu\/old\/#organization\"},\"keywords\":[\"B\u00edzz bennem m\u00e9rn\u00f6k vagyok\",\"falkirki\",\"haj\u00f3h\u00edd\",\"h\u00edd\",\"ker\u00e9k\",\"m\u00e9rn\u00f6k\",\"nagy-britannia\",\"szerkezet\"],\"articleSection\":[\"Vide\u00f3k\"],\"inLanguage\":\"hu\",\"potentialAction\":[{\"@type\":\"CommentAction\",\"name\":\"Comment\",\"target\":[\"https:\/\/liked.hu\/old\/video\/falkirki-kerek\/#respond\"]}]},{\"@type\":\"WebPage\",\"@id\":\"https:\/\/liked.hu\/old\/video\/falkirki-kerek\/\",\"url\":\"https:\/\/liked.hu\/old\/video\/falkirki-kerek\/\",\"name\":\"\u00cdgy n\u00e9z ki m\u0171k\u00f6d\u00e9s k\u00f6zben a Falkirki ker\u00e9k, vagyis a vil\u00e1g egyik legl\u00e1tv\u00e1nyosabb haj\u00f3liftje\",\"isPartOf\":{\"@id\":\"https:\/\/liked.hu\/old\/#website\"},\"datePublished\":\"2016-07-19T14:29:12+00:00\",\"dateModified\":\"2020-08-12T10:15:11+00:00\",\"description\":\"A Falkirki ker\u00e9k n\u00e9ven elh\u00edres\u00fclt fantasztikus szerkezet val\u00f3j\u00e1ban egy haj\u00f3lift, mely a Falkirk \u00e9s Edinburgh k\u00f6z\u00f6tt h\u00faz\u00f3d\u00f3 Union-csatorn\u00e1t, valamint a Falkirk \u00e9s Glasgow k\u00f6z\u00f6tti Forth- \u00e9s Clyde-csatorn\u00e1t hivatott \u00f6sszek\u00f6tni.\",\"breadcrumb\":{\"@id\":\"https:\/\/liked.hu\/old\/video\/falkirki-kerek\/#breadcrumb\"},\"inLanguage\":\"hu\",\"potentialAction\":[{\"@type\":\"ReadAction\",\"target\":[\"https:\/\/liked.hu\/old\/video\/falkirki-kerek\/\"]}]},{\"@type\":\"BreadcrumbList\",\"@id\":\"https:\/\/liked.hu\/old\/video\/falkirki-kerek\/#breadcrumb\",\"itemListElement\":[{\"@type\":\"ListItem\",\"position\":1,\"name\":\"Kezd\u0151lap\",\"item\":\"https:\/\/liked.hu\/old\/\"},{\"@type\":\"ListItem\",\"position\":2,\"name\":\"\u00cdgy n\u00e9z ki m\u0171k\u00f6d\u00e9s k\u00f6zben a Falkirki ker\u00e9k, vagyis a vil\u00e1g egyik legl\u00e1tv\u00e1nyosabb haj\u00f3liftje\"}]},{\"@type\":\"WebSite\",\"@id\":\"https:\/\/liked.hu\/old\/#website\",\"url\":\"https:\/\/liked.hu\/old\/\",\"name\":\"Liked.hu\",\"description\":\"\",\"publisher\":{\"@id\":\"https:\/\/liked.hu\/old\/#organization\"},\"potentialAction\":[{\"@type\":\"SearchAction\",\"target\":{\"@type\":\"EntryPoint\",\"urlTemplate\":\"https:\/\/liked.hu\/old\/?s={search_term_string}\"},\"query-input\":\"required name=search_term_string\"}],\"inLanguage\":\"hu\"},{\"@type\":\"Organization\",\"@id\":\"https:\/\/liked.hu\/old\/#organization\",\"name\":\"Liked.hu\",\"url\":\"https:\/\/liked.hu\/old\/\",\"sameAs\":[\"https:\/\/hu.pinterest.com\/likedhungary\/\",\"https:\/\/www.youtube.com\/channel\/UCPv91dbMoIukYcM9b9nHN6Q\",\"https:\/\/www.facebook.com\/liked.hu\",\"https:\/\/twitter.com\/LikedHu\"],\"logo\":{\"@type\":\"ImageObject\",\"inLanguage\":\"hu\",\"@id\":\"https:\/\/liked.hu\/old\/#\/schema\/logo\/image\/\",\"url\":\"https:\/\/liked.hu\/wp-content\/uploads\/2018\/08\/Liked-icon.png\",\"contentUrl\":\"https:\/\/liked.hu\/wp-content\/uploads\/2018\/08\/Liked-icon.png\",\"width\":512,\"height\":512,\"caption\":\"Liked.hu\"},\"image\":{\"@id\":\"https:\/\/liked.hu\/old\/#\/schema\/logo\/image\/\"}},{\"@type\":\"Person\",\"@id\":\"https:\/\/liked.hu\/old\/#\/schema\/person\/eb840c492fdb3076d9c2d140cc634ebb\",\"name\":\"1mernok\",\"image\":{\"@type\":\"ImageObject\",\"inLanguage\":\"hu\",\"@id\":\"https:\/\/liked.hu\/old\/#\/schema\/person\/image\/\",\"url\":\"https:\/\/liked.hu\/old\/wp-content\/uploads\/avatars\/22\/604de6ee60df1-bpfull.jpg\",\"contentUrl\":\"https:\/\/liked.hu\/old\/wp-content\/uploads\/avatars\/22\/604de6ee60df1-bpfull.jpg\",\"caption\":\"1mernok\"},\"sameAs\":[\"https:\/\/www.facebook.com\/profile.php?id=100069488029999\"],\"url\":\"https:\/\/liked.hu\/old\/u\/1mernok\/\"}]}<\/script>\n<!-- \/ Yoast SEO plugin. -->","yoast_head_json":{"title":"\u00cdgy n\u00e9z ki m\u0171k\u00f6d\u00e9s k\u00f6zben a Falkirki ker\u00e9k, vagyis a vil\u00e1g egyik legl\u00e1tv\u00e1nyosabb haj\u00f3liftje","description":"A Falkirki ker\u00e9k n\u00e9ven elh\u00edres\u00fclt fantasztikus szerkezet val\u00f3j\u00e1ban egy haj\u00f3lift, mely a Falkirk \u00e9s Edinburgh k\u00f6z\u00f6tt h\u00faz\u00f3d\u00f3 Union-csatorn\u00e1t, valamint a Falkirk \u00e9s Glasgow k\u00f6z\u00f6tti Forth- \u00e9s Clyde-csatorn\u00e1t hivatott \u00f6sszek\u00f6tni.","robots":{"index":"index","follow":"follow","max-snippet":"max-snippet:-1","max-image-preview":"max-image-preview:large","max-video-preview":"max-video-preview:-1"},"canonical":"https:\/\/liked.hu\/old\/video\/falkirki-kerek\/","og_locale":"hu_HU","og_type":"article","og_title":"\u00cdgy n\u00e9z ki m\u0171k\u00f6d\u00e9s k\u00f6zben a Falkirki ker\u00e9k, vagyis a vil\u00e1g egyik legl\u00e1tv\u00e1nyosabb haj\u00f3liftje","og_description":"A Falkirki ker\u00e9k n\u00e9ven elh\u00edres\u00fclt fantasztikus szerkezet val\u00f3j\u00e1ban egy haj\u00f3lift, mely a Falkirk \u00e9s Edinburgh k\u00f6z\u00f6tt h\u00faz\u00f3d\u00f3 Union-csatorn\u00e1t, valamint a Falkirk \u00e9s Glasgow k\u00f6z\u00f6tti Forth- \u00e9s Clyde-csatorn\u00e1t hivatott \u00f6sszek\u00f6tni.","og_url":"https:\/\/liked.hu\/old\/video\/falkirki-kerek\/","og_site_name":"Liked.hu","article_publisher":"https:\/\/www.facebook.com\/liked.hu","article_author":"https:\/\/www.facebook.com\/profile.php?id=100069488029999","article_published_time":"2016-07-19T14:29:12+00:00","article_modified_time":"2020-08-12T10:15:11+00:00","og_image":[{"width":500,"height":370,"url":"https:\/\/liked.hu\/old\/wp-content\/uploads\/2016\/07\/falkirk-wheel-lg.jpg","type":"image\/jpeg"}],"author":"1mernok","twitter_card":"summary","twitter_creator":"@LikedHu","twitter_site":"@LikedHu","twitter_misc":{"Szerz\u0151:":"1mernok","Becs\u00fclt olvas\u00e1si id\u0151":"2 perc"},"schema":{"@context":"https:\/\/schema.org","@graph":[{"@type":"Article","@id":"https:\/\/liked.hu\/old\/video\/falkirki-kerek\/#article","isPartOf":{"@id":"https:\/\/liked.hu\/old\/video\/falkirki-kerek\/"},"author":{"name":"1mernok","@id":"https:\/\/liked.hu\/old\/#\/schema\/person\/eb840c492fdb3076d9c2d140cc634ebb"},"headline":"\u00cdgy n\u00e9z ki m\u0171k\u00f6d\u00e9s k\u00f6zben a Falkirki ker\u00e9k, vagyis a vil\u00e1g egyik legl\u00e1tv\u00e1nyosabb haj\u00f3liftje","datePublished":"2016-07-19T14:29:12+00:00","dateModified":"2020-08-12T10:15:11+00:00","mainEntityOfPage":{"@id":"https:\/\/liked.hu\/old\/video\/falkirki-kerek\/"},"wordCount":468,"commentCount":0,"publisher":{"@id":"https:\/\/liked.hu\/old\/#organization"},"keywords":["B\u00edzz bennem m\u00e9rn\u00f6k vagyok","falkirki","haj\u00f3h\u00edd","h\u00edd","ker\u00e9k","m\u00e9rn\u00f6k","nagy-britannia","szerkezet"],"articleSection":["Vide\u00f3k"],"inLanguage":"hu","potentialAction":[{"@type":"CommentAction","name":"Comment","target":["https:\/\/liked.hu\/old\/video\/falkirki-kerek\/#respond"]}]},{"@type":"WebPage","@id":"https:\/\/liked.hu\/old\/video\/falkirki-kerek\/","url":"https:\/\/liked.hu\/old\/video\/falkirki-kerek\/","name":"\u00cdgy n\u00e9z ki m\u0171k\u00f6d\u00e9s k\u00f6zben a Falkirki ker\u00e9k, vagyis a vil\u00e1g egyik legl\u00e1tv\u00e1nyosabb haj\u00f3liftje","isPartOf":{"@id":"https:\/\/liked.hu\/old\/#website"},"datePublished":"2016-07-19T14:29:12+00:00","dateModified":"2020-08-12T10:15:11+00:00","description":"A Falkirki ker\u00e9k n\u00e9ven elh\u00edres\u00fclt fantasztikus szerkezet val\u00f3j\u00e1ban egy haj\u00f3lift, mely a Falkirk \u00e9s Edinburgh k\u00f6z\u00f6tt h\u00faz\u00f3d\u00f3 Union-csatorn\u00e1t, valamint a Falkirk \u00e9s Glasgow k\u00f6z\u00f6tti Forth- \u00e9s Clyde-csatorn\u00e1t hivatott \u00f6sszek\u00f6tni.","breadcrumb":{"@id":"https:\/\/liked.hu\/old\/video\/falkirki-kerek\/#breadcrumb"},"inLanguage":"hu","potentialAction":[{"@type":"ReadAction","target":["https:\/\/liked.hu\/old\/video\/falkirki-kerek\/"]}]},{"@type":"BreadcrumbList","@id":"https:\/\/liked.hu\/old\/video\/falkirki-kerek\/#breadcrumb","itemListElement":[{"@type":"ListItem","position":1,"name":"Kezd\u0151lap","item":"https:\/\/liked.hu\/old\/"},{"@type":"ListItem","position":2,"name":"\u00cdgy n\u00e9z ki m\u0171k\u00f6d\u00e9s k\u00f6zben a Falkirki ker\u00e9k, vagyis a vil\u00e1g egyik legl\u00e1tv\u00e1nyosabb haj\u00f3liftje"}]},{"@type":"WebSite","@id":"https:\/\/liked.hu\/old\/#website","url":"https:\/\/liked.hu\/old\/","name":"Liked.hu","description":"","publisher":{"@id":"https:\/\/liked.hu\/old\/#organization"},"potentialAction":[{"@type":"SearchAction","target":{"@type":"EntryPoint","urlTemplate":"https:\/\/liked.hu\/old\/?s={search_term_string}"},"query-input":"required name=search_term_string"}],"inLanguage":"hu"},{"@type":"Organization","@id":"https:\/\/liked.hu\/old\/#organization","name":"Liked.hu","url":"https:\/\/liked.hu\/old\/","sameAs":["https:\/\/hu.pinterest.com\/likedhungary\/","https:\/\/www.youtube.com\/channel\/UCPv91dbMoIukYcM9b9nHN6Q","https:\/\/www.facebook.com\/liked.hu","https:\/\/twitter.com\/LikedHu"],"logo":{"@type":"ImageObject","inLanguage":"hu","@id":"https:\/\/liked.hu\/old\/#\/schema\/logo\/image\/","url":"https:\/\/liked.hu\/wp-content\/uploads\/2018\/08\/Liked-icon.png","contentUrl":"https:\/\/liked.hu\/wp-content\/uploads\/2018\/08\/Liked-icon.png","width":512,"height":512,"caption":"Liked.hu"},"image":{"@id":"https:\/\/liked.hu\/old\/#\/schema\/logo\/image\/"}},{"@type":"Person","@id":"https:\/\/liked.hu\/old\/#\/schema\/person\/eb840c492fdb3076d9c2d140cc634ebb","name":"1mernok","image":{"@type":"ImageObject","inLanguage":"hu","@id":"https:\/\/liked.hu\/old\/#\/schema\/person\/image\/","url":"https:\/\/liked.hu\/old\/wp-content\/uploads\/avatars\/22\/604de6ee60df1-bpfull.jpg","contentUrl":"https:\/\/liked.hu\/old\/wp-content\/uploads\/avatars\/22\/604de6ee60df1-bpfull.jpg","caption":"1mernok"},"sameAs":["https:\/\/www.facebook.com\/profile.php?id=100069488029999"],"url":"https:\/\/liked.hu\/old\/u\/1mernok\/"}]}},"publishpress_future_action":{"enabled":false,"date":"1970-01-01 01:00:00","action":"","terms":[],"taxonomy":"","browser_timezone_offset":0},"_links":{"self":[{"href":"https:\/\/liked.hu\/old\/wp-json\/wp\/v2\/posts\/15092"}],"collection":[{"href":"https:\/\/liked.hu\/old\/wp-json\/wp\/v2\/posts"}],"about":[{"href":"https:\/\/liked.hu\/old\/wp-json\/wp\/v2\/types\/post"}],"author":[{"embeddable":true,"href":"https:\/\/liked.hu\/old\/wp-json\/wp\/v2\/users\/22"}],"replies":[{"embeddable":true,"href":"https:\/\/liked.hu\/old\/wp-json\/wp\/v2\/comments?post=15092"}],"version-history":[{"count":0,"href":"https:\/\/liked.hu\/old\/wp-json\/wp\/v2\/posts\/15092\/revisions"}],"wp:featuredmedia":[{"embeddable":true,"href":"https:\/\/liked.hu\/old\/wp-json\/wp\/v2\/media\/218722"}],"wp:attachment":[{"href":"https:\/\/liked.hu\/old\/wp-json\/wp\/v2\/media?parent=15092"}],"wp:term":[{"taxonomy":"category","embeddable":true,"href":"https:\/\/liked.hu\/old\/wp-json\/wp\/v2\/categories?post=15092"},{"taxonomy":"post_tag","embeddable":true,"href":"https:\/\/liked.hu\/old\/wp-json\/wp\/v2\/tags?post=15092"}],"curies":[{"name":"wp","href":"https:\/\/api.w.org\/{rel}","templated":true}]}}