{"id":149720,"date":"2019-07-18T23:46:20","date_gmt":"2019-07-18T21:46:20","guid":{"rendered":"https:\/\/liked.hu\/old\/?p=149720"},"modified":"2022-09-05T20:11:29","modified_gmt":"2022-09-05T18:11:29","slug":"25-lelegzetelallito-tortenelmi-foto","status":"publish","type":"post","link":"https:\/\/liked.hu\/old\/erdekes\/25-lelegzetelallito-tortenelmi-foto\/","title":{"rendered":"25 l\u00e9legzetel\u00e1ll\u00edt\u00f3 t\u00f6rt\u00e9nelmi fot\u00f3, ami ut\u00e1n m\u00e1sk\u00e9pp tekint az ember a vil\u00e1g nevezetess\u00e9geire"},"content":{"rendered":"<p>F\u00f6ld\u00fcnk legh\u00edresebb nevezetess\u00e9geit tulajdonk\u00e9ppen teljesen term\u00e9szetesnek vessz\u00fck, hiszen m\u00e1r j\u00f3val a el\u0151tt\u00fcnk is itt voltak, \u00e9s mivel akkoriban m\u00e9g nem volt mindenki kez\u00e9ben kamer\u00e1s okostelefon, ez\u00e9rt fot\u00f3 \u00e9s vide\u00f3 is l\u00e9nyegesen kevesebb k\u00e9sz\u00fclt r\u00f3luk, mint mondjuk napjainkban.<\/p>\n\n<div style=\"float:none;margin:0px 0 0px 0;text-align:center;\">\n<div class=\"mobileShowkakettes\"><div class=\"mobileShowka2\"><div style=\"padding-top:0px;padding-bottom:15px;min-height: 300px;\"><div class=\"hirdetes\">HIRDET\u00c9S<\/div>\n<!-- 300lista -->\n<ins class=\"adsbygoogle\"\n     style=\"display:inline-block;width:300px;height:250px\"\n     data-ad-client=\"ca-pub-9424088931673893\"\n     data-ad-slot=\"8471340766\"><\/ins>\n<script async>\n     (adsbygoogle = window.adsbygoogle || []).push({});\n<\/script><\/div><\/div><\/div><\/div>\n\n<p>Ha elv\u00e9tve is ugyan, de az\u00e9rt l\u00e9teznek term\u00e9szetesen ritkas\u00e1gsz\u00e1mba men\u0151 &#8211; vel\u00fck kapcsolatos &#8211; fot\u00f3k, melyekb\u0151l most 25 T\u00c9NYLEG t\u00f6rt\u00e9nelmi jelent\u0151s\u00e9g\u0171 k\u00e9pet igyekezt\u00fcnk \u00f6sszegy\u0171jteni nektek. Rem\u00e9lj\u00fck Ti is annyira \u00e9rdekesnek tal\u00e1lj\u00e1tok majd \u0151ket, ahogyan mi.<\/p>\n<div id=\"zombify-main-section-front\" class=\"zombify-main-section-front zombify-screen zf-media-full\">\r\n\t<link rel=\"stylesheet\" type=\"text\/css\" href=\"https:\/\/liked.hu\/old\/js\/zombify.css\">\r\n    <link rel=\"stylesheet\" type=\"text\/css\" href=\"https:\/\/liked.hu\/old\/wp-content\/themes\/newsy-child\/style.css\">\r\n\t<div class=\"zf-container\">\r\n\t\t<div id=\"zf-list\" class=\"zf-list zf-numbered\">\r\n\t\t\t<ol class=\"zf-structure-list\">\r\n\t\t\t\t\t\t\t\t\t\t<li class=\"zf-list_item\">\r\n\t\t\t\t\t\t\t<div class=\"zf-list_header\">\r\n\t\t\t\t\t\t\t\t<h3 id=\"listaelem1\" class=\"zf-list_title\">\r\n\t\t\t\t\t\t\t\t\t<span class=\"zf-number\">1<\/span>\r\n\t\t\t\t\t\t\t\t\tEgy csoport napoz\u00f3 turista a G\u00edzai nagy piramis tetej\u00e9n.\t\t\t\t\t\t\t\t<\/h3>\r\n\t\t\t\t\t\t\t<\/div>\r\n\t\t\t\t\t\t\t\t\t\t\t\t\t\t\t<figure class=\"zf-list_media zf-media-wrapper zf-image zf-type-image\">\r\n\t\t\t\t\t\t\t\t\t<div title=\"Egy csoport napoz\u00f3 turista a G\u00edzai nagy piramis tetej\u00e9n.\" alt=\"Egy csoport napoz\u00f3 turista a G\u00edzai nagy piramis tetej\u00e9n.\" class=\"zf-media\">\r\n\t\t\t\t\t\t\t\t\t\t<img width=\"990\" height=\"853\" src=\"https:\/\/liked.hu\/old\/wp-content\/uploads\/2019\/07\/1137.jpg\" class=\"\" alt=\"\" loading=\"lazy\" style=\"\" srcset=\"https:\/\/liked.hu\/old\/wp-content\/uploads\/2019\/07\/1137.jpg 990w, https:\/\/liked.hu\/old\/wp-content\/uploads\/2019\/07\/1137-300x258.jpg 300w, https:\/\/liked.hu\/old\/wp-content\/uploads\/2019\/07\/1137-768x662.jpg 768w, https:\/\/liked.hu\/old\/wp-content\/uploads\/2019\/07\/1137-500x431.jpg 500w, https:\/\/liked.hu\/old\/wp-content\/uploads\/2019\/07\/1137-360x310.jpg 360w, https:\/\/liked.hu\/old\/wp-content\/uploads\/2019\/07\/1137-545x470.jpg 545w\" sizes=\"(max-width: 990px) 100vw, 990px\" \/>\t\t\t\t\t\t\t\t\t\t\t<figcaption class=\"zf-figcaption\">\r\n\t\t\t\t\t\t\t\t\t\t\t\t\t\t\t\t\t\t\t\t\t\t\t\t<cite>        <a class=\"zf-media_credit\" target=\"_blank\" href=\"https:\/\/liked.hu\/old\/kimeno.php?https:\/\/liked.hu\/kimeno.php?https:\/\/pikabu.hu\" rel=\"nofollow noopener\">pikabu<\/a>\r\n        <\/cite>\r\n\r\n\t\t\t\t\t\t\t\t\t\t\t\t\t\t\t\t\t\t\t\t\t\t\t<\/figcaption>\r\n\t\t\t\t\t\t\t\t\t\t\t\t\t\t\t\t\t\t\t<\/div>\r\n\t\t\t\t\t\t\t\t\t<hr \/>\r\n\t\t\t\t\t\t\t\t<\/figure>\r\n\t\t\t\t\t\t\t\t\t\t\t\t\t\t<\/li>\r\n\t\t\t\t\t\t\t\t\t\t\t\t<li class=\"zf-list_item\">\r\n\t\t\t\t\t\t\t<div class=\"zf-list_header\">\r\n\t\t\t\t\t\t\t\t<h3 id=\"listaelem2\" class=\"zf-list_title\">\r\n\t\t\t\t\t\t\t\t\t<span class=\"zf-number\">2<\/span>\r\n\t\t\t\t\t\t\t\t\tWalt Disney, arc\u00e1ra fagyott mosollyal a Disneyland 1955-\u00f6s megnyit\u00f3 \u00fcnneps\u00e9g\u00e9n.\t\t\t\t\t\t\t\t<\/h3>\r\n\t\t\t\t\t\t\t<\/div>\r\n\t\t\t\t\t\t\t\t\t\t\t\t\t\t\t<figure class=\"zf-list_media zf-media-wrapper zf-image zf-type-image\">\r\n\t\t\t\t\t\t\t\t\t<div title=\"Walt Disney, arc\u00e1ra fagyott mosollyal a Disneyland 1955-\u00f6s megnyit\u00f3 \u00fcnneps\u00e9g\u00e9n.\" alt=\"Walt Disney, arc\u00e1ra fagyott mosollyal a Disneyland 1955-\u00f6s megnyit\u00f3 \u00fcnneps\u00e9g\u00e9n.\" class=\"zf-media\">\r\n\t\t\t\t\t\t\t\t\t\t<img width=\"990\" height=\"1005\" src=\"https:\/\/liked.hu\/old\/wp-content\/uploads\/2019\/07\/276.jpg\" class=\"\" alt=\"\" loading=\"lazy\" style=\"\" srcset=\"https:\/\/liked.hu\/old\/wp-content\/uploads\/2019\/07\/276.jpg 990w, https:\/\/liked.hu\/old\/wp-content\/uploads\/2019\/07\/276-296x300.jpg 296w, https:\/\/liked.hu\/old\/wp-content\/uploads\/2019\/07\/276-768x780.jpg 768w, https:\/\/liked.hu\/old\/wp-content\/uploads\/2019\/07\/276-493x500.jpg 493w, https:\/\/liked.hu\/old\/wp-content\/uploads\/2019\/07\/276-360x365.jpg 360w, https:\/\/liked.hu\/old\/wp-content\/uploads\/2019\/07\/276-545x553.jpg 545w\" sizes=\"(max-width: 990px) 100vw, 990px\" \/>\t\t\t\t\t\t\t\t\t\t\t<figcaption class=\"zf-figcaption\">\r\n\t\t\t\t\t\t\t\t\t\t\t\t\t\t\t\t\t\t\t\t\t\t\t\t<cite>        <a class=\"zf-media_credit\" target=\"_blank\" href=\"https:\/\/liked.hu\/old\/kimeno.php?https:\/\/liked.hu\/kimeno.php?https:\/\/pikabu.hu\" rel=\"nofollow noopener\">pikabu<\/a>\r\n        <\/cite>\r\n\r\n\t\t\t\t\t\t\t\t\t\t\t\t\t\t\t\t\t\t\t\t\t\t\t<\/figcaption>\r\n\t\t\t\t\t\t\t\t\t\t\t\t\t\t\t\t\t\t\t<\/div>\r\n\t\t\t\t\t\t\t\t\t<hr \/>\r\n\t\t\t\t\t\t\t\t<\/figure>\r\n\t\t\t\t\t\t\t\t\t\t\t\t\t\t<\/li>\r\n\t\t\t\t\t\t\t\t\t\t\t\t<li class=\"zf-list_item\">\r\n\t\t\t\t\t\t\t<div class=\"zf-list_header\">\r\n\t\t\t\t\t\t\t\t<h3 id=\"listaelem3\" class=\"zf-list_title\">\r\n\t\t\t\t\t\t\t\t\t<span class=\"zf-number\">3<\/span>\r\n\t\t\t\t\t\t\t\t\tA f\u00e9ny\u0171z\u0151 f\u0151 \u00e9tkez\u0151 a Titanicon.\t\t\t\t\t\t\t\t<\/h3>\r\n\t\t\t\t\t\t\t<\/div>\r\n\t\t\t\t\t\t\t\t\t\t\t\t\t\t\t<figure class=\"zf-list_media zf-media-wrapper zf-image zf-type-image\">\r\n\t\t\t\t\t\t\t\t\t<div title=\"A f\u00e9ny\u0171z\u0151 f\u0151 \u00e9tkez\u0151 a Titanicon.\" alt=\"A f\u00e9ny\u0171z\u0151 f\u0151 \u00e9tkez\u0151 a Titanicon.\" class=\"zf-media\">\r\n\t\t\t\t\t\t\t\t\t\t<img width=\"990\" height=\"732\" src=\"https:\/\/liked.hu\/old\/wp-content\/uploads\/2019\/07\/357.jpg\" class=\"\" alt=\"\" loading=\"lazy\" style=\"\" srcset=\"https:\/\/liked.hu\/old\/wp-content\/uploads\/2019\/07\/357.jpg 990w, https:\/\/liked.hu\/old\/wp-content\/uploads\/2019\/07\/357-300x222.jpg 300w, https:\/\/liked.hu\/old\/wp-content\/uploads\/2019\/07\/357-768x568.jpg 768w, https:\/\/liked.hu\/old\/wp-content\/uploads\/2019\/07\/357-500x370.jpg 500w, https:\/\/liked.hu\/old\/wp-content\/uploads\/2019\/07\/357-360x266.jpg 360w, https:\/\/liked.hu\/old\/wp-content\/uploads\/2019\/07\/357-545x403.jpg 545w\" sizes=\"(max-width: 990px) 100vw, 990px\" \/>\t\t\t\t\t\t\t\t\t\t\t<figcaption class=\"zf-figcaption\">\r\n\t\t\t\t\t\t\t\t\t\t\t\t\t\t\t\t\t\t\t\t\t\t\t\t<cite>        <a class=\"zf-media_credit\" target=\"_blank\" href=\"https:\/\/liked.hu\/old\/kimeno.php?https:\/\/liked.hu\/kimeno.php?https:\/\/pikabu.hu\" rel=\"nofollow noopener\">pikabu<\/a>\r\n        <\/cite>\r\n\r\n\t\t\t\t\t\t\t\t\t\t\t\t\t\t\t\t\t\t\t\t\t\t\t<\/figcaption>\r\n\t\t\t\t\t\t\t\t\t\t\t\t\t\t\t\t\t\t\t<\/div>\r\n\t\t\t\t\t\t\t\t\t<hr \/>\r\n\t\t\t\t\t\t\t\t<\/figure>\r\n\t\t\t\t\t\t\t\t\t\t\t\t\t\t<\/li>\r\n\t\t\t\t\t\t\t\t\t\t\t\t<li class=\"zf-list_item\">\r\n\t\t\t\t\t\t\t<div class=\"zf-list_header\">\r\n\t\t\t\t\t\t\t\t<h3 id=\"listaelem4\" class=\"zf-list_title\">\r\n\t\t\t\t\t\t\t\t\t<span class=\"zf-number\">4<\/span>\r\n\t\t\t\t\t\t\t\t\tAz Eiffel-torony \u00e9p\u00edt\u00e9se 1888-ban.\t\t\t\t\t\t\t\t<\/h3>\r\n\t\t\t\t\t\t\t<\/div>\r\n\t\t\t\t\t\t\t\t\t\t\t\t\t\t\t<figure class=\"zf-list_media zf-media-wrapper zf-image zf-type-image\">\r\n\t\t\t\t\t\t\t\t\t<div title=\"Az Eiffel-torony \u00e9p\u00edt\u00e9se 1888-ban.\" alt=\"Az Eiffel-torony \u00e9p\u00edt\u00e9se 1888-ban.\" class=\"zf-media\">\r\n\t\t\t\t\t\t\t\t\t\t<img width=\"990\" height=\"610\" src=\"https:\/\/liked.hu\/old\/wp-content\/uploads\/2019\/07\/453.jpg\" class=\"\" alt=\"\" loading=\"lazy\" style=\"\" srcset=\"https:\/\/liked.hu\/old\/wp-content\/uploads\/2019\/07\/453.jpg 990w, https:\/\/liked.hu\/old\/wp-content\/uploads\/2019\/07\/453-300x185.jpg 300w, https:\/\/liked.hu\/old\/wp-content\/uploads\/2019\/07\/453-768x473.jpg 768w, https:\/\/liked.hu\/old\/wp-content\/uploads\/2019\/07\/453-500x308.jpg 500w, https:\/\/liked.hu\/old\/wp-content\/uploads\/2019\/07\/453-360x222.jpg 360w, https:\/\/liked.hu\/old\/wp-content\/uploads\/2019\/07\/453-545x336.jpg 545w\" sizes=\"(max-width: 990px) 100vw, 990px\" \/>\t\t\t\t\t\t\t\t\t\t\t<figcaption class=\"zf-figcaption\">\r\n\t\t\t\t\t\t\t\t\t\t\t\t\t\t\t\t\t\t\t\t\t\t\t\t<cite>        <a class=\"zf-media_credit\" target=\"_blank\" href=\"https:\/\/liked.hu\/old\/kimeno.php?https:\/\/liked.hu\/kimeno.php?https:\/\/pikabu.hu\" rel=\"nofollow noopener\">pikabu<\/a>\r\n        <\/cite>\r\n\r\n\t\t\t\t\t\t\t\t\t\t\t\t\t\t\t\t\t\t\t\t\t\t\t<\/figcaption>\r\n\t\t\t\t\t\t\t\t\t\t\t\t\t\t\t\t\t\t\t<\/div>\r\n\t\t\t\t\t\t\t\t\t<hr \/>\r\n\t\t\t\t\t\t\t\t<\/figure>\r\n\t\t\t\t\t\t\t\t\t\t\t\t\t\t<\/li>\r\n\t\t\t\t\t\t\t\t\t\t\t\t<li class=\"zf-list_item\">\r\n\t\t\t\t\t\t\t<div class=\"zf-list_header\">\r\n\t\t\t\t\t\t\t\t<h3 id=\"listaelem5\" class=\"zf-list_title\">\r\n\t\t\t\t\t\t\t\t\t<span class=\"zf-number\">5<\/span>\r\n\t\t\t\t\t\t\t\t\tEmberi sziluett a k\u0151re \u00e9gve a hiroshimai atomt\u00e1mad\u00e1s ut\u00e1n.\t\t\t\t\t\t\t\t<\/h3>\r\n\t\t\t\t\t\t\t<\/div>\r\n\t\t\t\t\t\t\t\t\t\t\t\t\t\t\t<figure class=\"zf-list_media zf-media-wrapper zf-image zf-type-image\">\r\n\t\t\t\t\t\t\t\t\t<div title=\"Emberi sziluett a k\u0151re \u00e9gve a hiroshimai atomt\u00e1mad\u00e1s ut\u00e1n.\" alt=\"Emberi sziluett a k\u0151re \u00e9gve a hiroshimai atomt\u00e1mad\u00e1s ut\u00e1n.\" class=\"zf-media\">\r\n\t\t\t\t\t\t\t\t\t\t<img width=\"962\" height=\"1024\" src=\"https:\/\/liked.hu\/old\/wp-content\/uploads\/2019\/07\/542-962x1024.jpg\" class=\"\" alt=\"\" loading=\"lazy\" style=\"\" srcset=\"https:\/\/liked.hu\/old\/wp-content\/uploads\/2019\/07\/542-962x1024.jpg 962w, https:\/\/liked.hu\/old\/wp-content\/uploads\/2019\/07\/542-962x1024-282x300.jpg 282w, https:\/\/liked.hu\/old\/wp-content\/uploads\/2019\/07\/542-962x1024-768x817.jpg 768w, https:\/\/liked.hu\/old\/wp-content\/uploads\/2019\/07\/542-962x1024-470x500.jpg 470w, https:\/\/liked.hu\/old\/wp-content\/uploads\/2019\/07\/542-962x1024-360x383.jpg 360w, https:\/\/liked.hu\/old\/wp-content\/uploads\/2019\/07\/542-962x1024-545x580.jpg 545w\" sizes=\"(max-width: 962px) 100vw, 962px\" \/>\t\t\t\t\t\t\t\t\t\t\t<figcaption class=\"zf-figcaption\">\r\n\t\t\t\t\t\t\t\t\t\t\t\t\t\t\t\t\t\t\t\t\t\t\t\t<cite>        <a class=\"zf-media_credit\" target=\"_blank\" href=\"https:\/\/liked.hu\/old\/kimeno.php?https:\/\/liked.hu\/kimeno.php?https:\/\/pikabu.hu\" rel=\"nofollow noopener\">pikabu<\/a>\r\n        <\/cite>\r\n\r\n\t\t\t\t\t\t\t\t\t\t\t\t\t\t\t\t\t\t\t\t\t\t\t<\/figcaption>\r\n\t\t\t\t\t\t\t\t\t\t\t\t\t\t\t\t\t\t\t<\/div>\r\n\t\t\t\t\t\t\t\t\t<hr \/>\r\n\t\t\t\t\t\t\t\t<\/figure>\r\n\t\t\t\t\t\t\t\t\t\t\t\t\t\t<\/li>\r\n\t\t\t\t\t\t\t\t\t\t\t\t<li class=\"zf-list_item\">\r\n\t\t\t\t\t\t\t<div class=\"zf-list_header\">\r\n\t\t\t\t\t\t\t\t<h3 id=\"listaelem6\" class=\"zf-list_title\">\r\n\t\t\t\t\t\t\t\t\t<span class=\"zf-number\">6<\/span>\r\n\t\t\t\t\t\t\t\t\t1925, amikor Hollywood-ot m\u00e9g Hollywoodland-nek h\u00edvt\u00e1k.\t\t\t\t\t\t\t\t<\/h3>\r\n\t\t\t\t\t\t\t<\/div>\r\n\t\t\t\t\t\t\t\t\t\t\t\t\t\t\t<figure class=\"zf-list_media zf-media-wrapper zf-image zf-type-image\">\r\n\t\t\t\t\t\t\t\t\t<div title=\"1925, amikor Hollywood-ot m\u00e9g Hollywoodland-nek h\u00edvt\u00e1k.\" alt=\"1925, amikor Hollywood-ot m\u00e9g Hollywoodland-nek h\u00edvt\u00e1k.\" class=\"zf-media\">\r\n\t\t\t\t\t\t\t\t\t\t<img width=\"990\" height=\"738\" src=\"https:\/\/liked.hu\/old\/wp-content\/uploads\/2019\/07\/97_638.jpg\" class=\"\" alt=\"\" loading=\"lazy\" style=\"\" srcset=\"https:\/\/liked.hu\/old\/wp-content\/uploads\/2019\/07\/97_638.jpg 990w, https:\/\/liked.hu\/old\/wp-content\/uploads\/2019\/07\/97_638-300x224.jpg 300w, https:\/\/liked.hu\/old\/wp-content\/uploads\/2019\/07\/97_638-768x573.jpg 768w, https:\/\/liked.hu\/old\/wp-content\/uploads\/2019\/07\/97_638-500x373.jpg 500w, https:\/\/liked.hu\/old\/wp-content\/uploads\/2019\/07\/97_638-200x150.jpg 200w, https:\/\/liked.hu\/old\/wp-content\/uploads\/2019\/07\/97_638-360x268.jpg 360w, https:\/\/liked.hu\/old\/wp-content\/uploads\/2019\/07\/97_638-545x406.jpg 545w\" sizes=\"(max-width: 990px) 100vw, 990px\" \/>\t\t\t\t\t\t\t\t\t\t\t<figcaption class=\"zf-figcaption\">\r\n\t\t\t\t\t\t\t\t\t\t\t\t\t\t\t\t\t\t\t\t\t\t\t\t<cite>        <a class=\"zf-media_credit\" target=\"_blank\" href=\"https:\/\/liked.hu\/old\/kimeno.php?https:\/\/liked.hu\/kimeno.php?https:\/\/pikabu.hu\" rel=\"nofollow noopener\">pikabu<\/a>\r\n        <\/cite>\r\n\r\n\t\t\t\t\t\t\t\t\t\t\t\t\t\t\t\t\t\t\t\t\t\t\t<\/figcaption>\r\n\t\t\t\t\t\t\t\t\t\t\t\t\t\t\t\t\t\t\t<\/div>\r\n\t\t\t\t\t\t\t\t\t<hr \/>\r\n\t\t\t\t\t\t\t\t<\/figure>\r\n\t\t\t\t\t\t\t\t\t\t\t\t\t\t<\/li>\r\n\t\t\t\t\t\t\t\t\t\t\t\t<li class=\"zf-list_item\">\r\n\t\t\t\t\t\t\t<div class=\"zf-list_header\">\r\n\t\t\t\t\t\t\t\t<h3 id=\"listaelem7\" class=\"zf-list_title\">\r\n\t\t\t\t\t\t\t\t\t<span class=\"zf-number\">7<\/span>\r\n\t\t\t\t\t\t\t\t\tA Sydney-i operah\u00e1z \u00e9p\u00edt\u00e9se, 1973-ban.\t\t\t\t\t\t\t\t<\/h3>\r\n\t\t\t\t\t\t\t<\/div>\r\n\t\t\t\t\t\t\t\t\t\t\t\t\t\t\t<figure class=\"zf-list_media zf-media-wrapper zf-image zf-type-image\">\r\n\t\t\t\t\t\t\t\t\t<div title=\"A Sydney-i operah\u00e1z \u00e9p\u00edt\u00e9se, 1973-ban.\" alt=\"A Sydney-i operah\u00e1z \u00e9p\u00edt\u00e9se, 1973-ban.\" class=\"zf-media\">\r\n\t\t\t\t\t\t\t\t\t\t<img width=\"990\" height=\"1019\" src=\"https:\/\/liked.hu\/old\/wp-content\/uploads\/2019\/07\/735.jpg\" class=\"\" alt=\"\" loading=\"lazy\" style=\"\" srcset=\"https:\/\/liked.hu\/old\/wp-content\/uploads\/2019\/07\/735.jpg 990w, https:\/\/liked.hu\/old\/wp-content\/uploads\/2019\/07\/735-291x300.jpg 291w, https:\/\/liked.hu\/old\/wp-content\/uploads\/2019\/07\/735-768x790.jpg 768w, https:\/\/liked.hu\/old\/wp-content\/uploads\/2019\/07\/735-486x500.jpg 486w, https:\/\/liked.hu\/old\/wp-content\/uploads\/2019\/07\/735-360x371.jpg 360w, https:\/\/liked.hu\/old\/wp-content\/uploads\/2019\/07\/735-545x561.jpg 545w\" sizes=\"(max-width: 990px) 100vw, 990px\" \/>\t\t\t\t\t\t\t\t\t\t\t<figcaption class=\"zf-figcaption\">\r\n\t\t\t\t\t\t\t\t\t\t\t\t\t\t\t\t\t\t\t\t\t\t\t\t<cite>        <a class=\"zf-media_credit\" target=\"_blank\" href=\"https:\/\/liked.hu\/old\/kimeno.php?https:\/\/liked.hu\/kimeno.php?https:\/\/pikabu.hu\" rel=\"nofollow noopener\">pikabu<\/a>\r\n        <\/cite>\r\n\r\n\t\t\t\t\t\t\t\t\t\t\t\t\t\t\t\t\t\t\t\t\t\t\t<\/figcaption>\r\n\t\t\t\t\t\t\t\t\t\t\t\t\t\t\t\t\t\t\t<\/div>\r\n\t\t\t\t\t\t\t\t\t<hr \/>\r\n\t\t\t\t\t\t\t\t<\/figure>\r\n\t\t\t\t\t\t\t\t\t\t\t\t\t\t<\/li>\r\n\t\t\t\t\t\t\t\t\t\t\t\t<li class=\"zf-list_item\">\r\n\t\t\t\t\t\t\t<div class=\"zf-list_header\">\r\n\t\t\t\t\t\t\t\t<h3 id=\"listaelem8\" class=\"zf-list_title\">\r\n\t\t\t\t\t\t\t\t\t<span class=\"zf-number\">8<\/span>\r\n\t\t\t\t\t\t\t\t\tA World Trade Center ikertornyainak \u00e9p\u00edt\u00e9se 1971-ben.\t\t\t\t\t\t\t\t<\/h3>\r\n\t\t\t\t\t\t\t<\/div>\r\n\t\t\t\t\t\t\t\t\t\t\t\t\t\t\t<figure class=\"zf-list_media zf-media-wrapper zf-image zf-type-image\">\r\n\t\t\t\t\t\t\t\t\t<div title=\"A World Trade Center ikertornyainak \u00e9p\u00edt\u00e9se 1971-ben.\" alt=\"A World Trade Center ikertornyainak \u00e9p\u00edt\u00e9se 1971-ben.\" class=\"zf-media\">\r\n\t\t\t\t\t\t\t\t\t\t<img width=\"990\" height=\"996\" src=\"https:\/\/liked.hu\/old\/wp-content\/uploads\/2019\/07\/838.jpg\" class=\"\" alt=\"\" loading=\"lazy\" style=\"\" srcset=\"https:\/\/liked.hu\/old\/wp-content\/uploads\/2019\/07\/838.jpg 990w, https:\/\/liked.hu\/old\/wp-content\/uploads\/2019\/07\/838-150x150.jpg 150w, https:\/\/liked.hu\/old\/wp-content\/uploads\/2019\/07\/838-298x300.jpg 298w, https:\/\/liked.hu\/old\/wp-content\/uploads\/2019\/07\/838-768x773.jpg 768w, https:\/\/liked.hu\/old\/wp-content\/uploads\/2019\/07\/838-497x500.jpg 497w, https:\/\/liked.hu\/old\/wp-content\/uploads\/2019\/07\/838-360x362.jpg 360w, https:\/\/liked.hu\/old\/wp-content\/uploads\/2019\/07\/838-545x548.jpg 545w\" sizes=\"(max-width: 990px) 100vw, 990px\" \/>\t\t\t\t\t\t\t\t\t\t\t<figcaption class=\"zf-figcaption\">\r\n\t\t\t\t\t\t\t\t\t\t\t\t\t\t\t\t\t\t\t\t\t\t\t\t<cite>        <a class=\"zf-media_credit\" target=\"_blank\" href=\"https:\/\/liked.hu\/old\/kimeno.php?https:\/\/liked.hu\/kimeno.php?https:\/\/pikabu.hu\" rel=\"nofollow noopener\">pikabu<\/a>\r\n        <\/cite>\r\n\r\n\t\t\t\t\t\t\t\t\t\t\t\t\t\t\t\t\t\t\t\t\t\t\t<\/figcaption>\r\n\t\t\t\t\t\t\t\t\t\t\t\t\t\t\t\t\t\t\t<\/div>\r\n\t\t\t\t\t\t\t\t\t<hr \/>\r\n\t\t\t\t\t\t\t\t<\/figure>\r\n\t\t\t\t\t\t\t\t\t\t\t\t\t\t<\/li>\r\n\t\t\t\t\t\t\t\t\t\t\t\t<li class=\"zf-list_item\">\r\n\t\t\t\t\t\t\t<div class=\"zf-list_header\">\r\n\t\t\t\t\t\t\t\t<h3 id=\"listaelem9\" class=\"zf-list_title\">\r\n\t\t\t\t\t\t\t\t\t<span class=\"zf-number\">9<\/span>\r\n\t\t\t\t\t\t\t\t\tEgy csapat turista Las Vegas-ban, akik az \u00e9ppen zajl\u00f3 k\u00eds\u00e9rleti atomrobbant\u00e1son csod\u00e1lkoznak.\t\t\t\t\t\t\t\t<\/h3>\r\n\t\t\t\t\t\t\t<\/div>\r\n\t\t\t\t\t\t\t\t\t\t\t\t\t\t\t<figure class=\"zf-list_media zf-media-wrapper zf-image zf-type-image\">\r\n\t\t\t\t\t\t\t\t\t<div title=\"Egy csapat turista Las Vegas-ban, akik az \u00e9ppen zajl\u00f3 k\u00eds\u00e9rleti atomrobbant\u00e1son csod\u00e1lkoznak.\" alt=\"Egy csapat turista Las Vegas-ban, akik az \u00e9ppen zajl\u00f3 k\u00eds\u00e9rleti atomrobbant\u00e1son csod\u00e1lkoznak.\" class=\"zf-media\">\r\n\t\t\t\t\t\t\t\t\t\t<img width=\"990\" height=\"928\" src=\"https:\/\/liked.hu\/old\/wp-content\/uploads\/2019\/07\/932.jpg\" class=\"\" alt=\"\" loading=\"lazy\" style=\"\" srcset=\"https:\/\/liked.hu\/old\/wp-content\/uploads\/2019\/07\/932.jpg 990w, https:\/\/liked.hu\/old\/wp-content\/uploads\/2019\/07\/932-300x281.jpg 300w, https:\/\/liked.hu\/old\/wp-content\/uploads\/2019\/07\/932-768x720.jpg 768w, https:\/\/liked.hu\/old\/wp-content\/uploads\/2019\/07\/932-500x469.jpg 500w, https:\/\/liked.hu\/old\/wp-content\/uploads\/2019\/07\/932-360x337.jpg 360w, https:\/\/liked.hu\/old\/wp-content\/uploads\/2019\/07\/932-545x511.jpg 545w\" sizes=\"(max-width: 990px) 100vw, 990px\" \/>\t\t\t\t\t\t\t\t\t\t\t<figcaption class=\"zf-figcaption\">\r\n\t\t\t\t\t\t\t\t\t\t\t\t\t\t\t\t\t\t\t\t\t\t\t\t<cite>        <a class=\"zf-media_credit\" target=\"_blank\" href=\"https:\/\/liked.hu\/old\/kimeno.php?https:\/\/liked.hu\/kimeno.php?https:\/\/pikabu.hu\" rel=\"nofollow noopener\">pikabu<\/a>\r\n        <\/cite>\r\n\r\n\t\t\t\t\t\t\t\t\t\t\t\t\t\t\t\t\t\t\t\t\t\t\t<\/figcaption>\r\n\t\t\t\t\t\t\t\t\t\t\t\t\t\t\t\t\t\t\t<\/div>\r\n\t\t\t\t\t\t\t\t\t<hr \/>\r\n\t\t\t\t\t\t\t\t<\/figure>\r\n\t\t\t\t\t\t\t\t\t\t\t\t\t\t<\/li>\r\n\t\t\t\t\t\t\t\t\t<\/ol>\r\n\t\t<\/div>\r\n\t<\/div>\r\n\r\n\t<\/div>\r\n\r\n\r\n<!--nextpage--><div id=\"zombify-main-section-front\" class=\"zombify-main-section-front zombify-screen zf-media-full\">\r\n\t<link rel=\"stylesheet\" type=\"text\/css\" href=\"https:\/\/liked.hu\/old\/js\/zombify.css\">\r\n    <link rel=\"stylesheet\" type=\"text\/css\" href=\"https:\/\/liked.hu\/old\/wp-content\/themes\/newsy-child\/style.css\">\r\n\t<div class=\"zf-container\">\r\n\t\t<div id=\"zf-list\" class=\"zf-list zf-numbered\">\r\n\t\t\t<ol class=\"zf-structure-list\">\r\n\t\t\t\t\t\t\t\t\t\t<li class=\"zf-list_item\">\r\n\t\t\t\t\t\t\t<div class=\"zf-list_header\">\r\n\t\t\t\t\t\t\t\t<h3 id=\"listaelem10\" class=\"zf-list_title\">\r\n\t\t\t\t\t\t\t\t\t<span class=\"zf-number\">10<\/span>\r\n\t\t\t\t\t\t\t\t\tEgy fiatal p\u00e1r mutatja a gyermekeit a berlini fal t\u00faloldal\u00e1n \u00e9l\u0151 nagysz\u00fcl\u0151knek, 1961-ben.\t\t\t\t\t\t\t\t<\/h3>\r\n\t\t\t\t\t\t\t<\/div>\r\n\t\t\t\t\t\t\t\t\t\t\t\t\t\t\t<figure class=\"zf-list_media zf-media-wrapper zf-image zf-type-image\">\r\n\t\t\t\t\t\t\t\t\t<div title=\"Egy fiatal p\u00e1r mutatja a gyermekeit a berlini fal t\u00faloldal\u00e1n \u00e9l\u0151 nagysz\u00fcl\u0151knek, 1961-ben.\" alt=\"Egy fiatal p\u00e1r mutatja a gyermekeit a berlini fal t\u00faloldal\u00e1n \u00e9l\u0151 nagysz\u00fcl\u0151knek, 1961-ben.\" class=\"zf-media\">\r\n\t\t\t\t\t\t\t\t\t\t<img width=\"975\" height=\"1024\" src=\"https:\/\/liked.hu\/old\/wp-content\/uploads\/2019\/07\/1031-975x1024.jpg\" class=\"\" alt=\"\" loading=\"lazy\" style=\"\" srcset=\"https:\/\/liked.hu\/old\/wp-content\/uploads\/2019\/07\/1031-975x1024.jpg 975w, https:\/\/liked.hu\/old\/wp-content\/uploads\/2019\/07\/1031-975x1024-286x300.jpg 286w, https:\/\/liked.hu\/old\/wp-content\/uploads\/2019\/07\/1031-975x1024-768x807.jpg 768w, https:\/\/liked.hu\/old\/wp-content\/uploads\/2019\/07\/1031-975x1024-476x500.jpg 476w, https:\/\/liked.hu\/old\/wp-content\/uploads\/2019\/07\/1031-975x1024-360x378.jpg 360w, https:\/\/liked.hu\/old\/wp-content\/uploads\/2019\/07\/1031-975x1024-545x572.jpg 545w\" sizes=\"(max-width: 975px) 100vw, 975px\" \/>\t\t\t\t\t\t\t\t\t\t\t<figcaption class=\"zf-figcaption\">\r\n\t\t\t\t\t\t\t\t\t\t\t\t\t\t\t\t\t\t\t\t\t\t\t\t<cite>        <a class=\"zf-media_credit\" target=\"_blank\" href=\"https:\/\/liked.hu\/old\/kimeno.php?https:\/\/liked.hu\/kimeno.php?https:\/\/pikabu.hu\" rel=\"nofollow noopener\">pikabu<\/a>\r\n        <\/cite>\r\n\r\n\t\t\t\t\t\t\t\t\t\t\t\t\t\t\t\t\t\t\t\t\t\t\t<\/figcaption>\r\n\t\t\t\t\t\t\t\t\t\t\t\t\t\t\t\t\t\t\t<\/div>\r\n\t\t\t\t\t\t\t\t\t<hr \/>\r\n\t\t\t\t\t\t\t\t<\/figure>\r\n\t\t\t\t\t\t\t\t\t\t\t\t\t\t<\/li>\r\n\t\t\t\t\t\t\t\t\t\t\t\t<li class=\"zf-list_item\">\r\n\t\t\t\t\t\t\t<div class=\"zf-list_header\">\r\n\t\t\t\t\t\t\t\t<h3 id=\"listaelem11\" class=\"zf-list_title\">\r\n\t\t\t\t\t\t\t\t\t<span class=\"zf-number\">11<\/span>\r\n\t\t\t\t\t\t\t\t\t1969-71 k\u00f6z\u00f6tt 89 amerikai indi\u00e1n elfoglalta Alcatraz sziget\u00e9t.\t\t\t\t\t\t\t\t<\/h3>\r\n\t\t\t\t\t\t\t<\/div>\r\n\t\t\t\t\t\t\t\t\t\t\t\t\t\t\t<figure class=\"zf-list_media zf-media-wrapper zf-image zf-type-image\">\r\n\t\t\t\t\t\t\t\t\t<div title=\"1969-71 k\u00f6z\u00f6tt 89 amerikai indi\u00e1n elfoglalta Alcatraz sziget\u00e9t.\" alt=\"1969-71 k\u00f6z\u00f6tt 89 amerikai indi\u00e1n elfoglalta Alcatraz sziget\u00e9t.\" class=\"zf-media\">\r\n\t\t\t\t\t\t\t\t\t\t<img width=\"990\" height=\"996\" src=\"https:\/\/liked.hu\/old\/wp-content\/uploads\/2019\/07\/1138.jpg\" class=\"\" alt=\"\" loading=\"lazy\" style=\"\" srcset=\"https:\/\/liked.hu\/old\/wp-content\/uploads\/2019\/07\/1138.jpg 990w, https:\/\/liked.hu\/old\/wp-content\/uploads\/2019\/07\/1138-150x150.jpg 150w, https:\/\/liked.hu\/old\/wp-content\/uploads\/2019\/07\/1138-298x300.jpg 298w, https:\/\/liked.hu\/old\/wp-content\/uploads\/2019\/07\/1138-768x773.jpg 768w, https:\/\/liked.hu\/old\/wp-content\/uploads\/2019\/07\/1138-497x500.jpg 497w, https:\/\/liked.hu\/old\/wp-content\/uploads\/2019\/07\/1138-360x362.jpg 360w, https:\/\/liked.hu\/old\/wp-content\/uploads\/2019\/07\/1138-545x548.jpg 545w\" sizes=\"(max-width: 990px) 100vw, 990px\" \/>\t\t\t\t\t\t\t\t\t\t\t<figcaption class=\"zf-figcaption\">\r\n\t\t\t\t\t\t\t\t\t\t\t\t\t\t\t\t\t\t\t\t\t\t\t\t<cite>        <a class=\"zf-media_credit\" target=\"_blank\" href=\"https:\/\/liked.hu\/old\/kimeno.php?https:\/\/liked.hu\/kimeno.php?https:\/\/pikabu.hu\" rel=\"nofollow noopener\">pikabu<\/a>\r\n        <\/cite>\r\n\r\n\t\t\t\t\t\t\t\t\t\t\t\t\t\t\t\t\t\t\t\t\t\t\t<\/figcaption>\r\n\t\t\t\t\t\t\t\t\t\t\t\t\t\t\t\t\t\t\t<\/div>\r\n\t\t\t\t\t\t\t\t\t<hr \/>\r\n\t\t\t\t\t\t\t\t<\/figure>\r\n\t\t\t\t\t\t\t\t\t\t\t\t\t\t<\/li>\r\n\t\t\t\t\t\t\t\t\t\t\t\t<li class=\"zf-list_item\">\r\n\t\t\t\t\t\t\t<div class=\"zf-list_header\">\r\n\t\t\t\t\t\t\t\t<h3 id=\"listaelem12\" class=\"zf-list_title\">\r\n\t\t\t\t\t\t\t\t\t<span class=\"zf-number\">12<\/span>\r\n\t\t\t\t\t\t\t\t\tA New York-i Szabads\u00e1g-szobor \u00e9p\u00edt\u00e9se P\u00e1rizsban, 1882-ben.\t\t\t\t\t\t\t\t<\/h3>\r\n\t\t\t\t\t\t\t<\/div>\r\n\t\t\t\t\t\t\t\t\t\t\t\t\t\t\t<figure class=\"zf-list_media zf-media-wrapper zf-image zf-type-image\">\r\n\t\t\t\t\t\t\t\t\t<div title=\"A New York-i Szabads\u00e1g-szobor \u00e9p\u00edt\u00e9se P\u00e1rizsban, 1882-ben.\" alt=\"A New York-i Szabads\u00e1g-szobor \u00e9p\u00edt\u00e9se P\u00e1rizsban, 1882-ben.\" class=\"zf-media\">\r\n\t\t\t\t\t\t\t\t\t\t<img width=\"990\" height=\"730\" src=\"https:\/\/liked.hu\/old\/wp-content\/uploads\/2019\/07\/1234.jpg\" class=\"\" alt=\"\" loading=\"lazy\" style=\"\" srcset=\"https:\/\/liked.hu\/old\/wp-content\/uploads\/2019\/07\/1234.jpg 990w, https:\/\/liked.hu\/old\/wp-content\/uploads\/2019\/07\/1234-300x221.jpg 300w, https:\/\/liked.hu\/old\/wp-content\/uploads\/2019\/07\/1234-768x566.jpg 768w, https:\/\/liked.hu\/old\/wp-content\/uploads\/2019\/07\/1234-500x369.jpg 500w, https:\/\/liked.hu\/old\/wp-content\/uploads\/2019\/07\/1234-360x265.jpg 360w, https:\/\/liked.hu\/old\/wp-content\/uploads\/2019\/07\/1234-545x402.jpg 545w\" sizes=\"(max-width: 990px) 100vw, 990px\" \/>\t\t\t\t\t\t\t\t\t\t\t<figcaption class=\"zf-figcaption\">\r\n\t\t\t\t\t\t\t\t\t\t\t\t\t\t\t\t\t\t\t\t\t\t\t\t<cite>        <a class=\"zf-media_credit\" target=\"_blank\" href=\"https:\/\/liked.hu\/old\/kimeno.php?https:\/\/liked.hu\/kimeno.php?https:\/\/pikabu.hu\" rel=\"nofollow noopener\">pikabu<\/a>\r\n        <\/cite>\r\n\r\n\t\t\t\t\t\t\t\t\t\t\t\t\t\t\t\t\t\t\t\t\t\t\t<\/figcaption>\r\n\t\t\t\t\t\t\t\t\t\t\t\t\t\t\t\t\t\t\t<\/div>\r\n\t\t\t\t\t\t\t\t\t<hr \/>\r\n\t\t\t\t\t\t\t\t<\/figure>\r\n\t\t\t\t\t\t\t\t\t\t\t\t\t\t<\/li>\r\n\t\t\t\t\t\t\t\t\t\t\t\t<li class=\"zf-list_item\">\r\n\t\t\t\t\t\t\t<div class=\"zf-list_header\">\r\n\t\t\t\t\t\t\t\t<h3 id=\"listaelem13\" class=\"zf-list_title\">\r\n\t\t\t\t\t\t\t\t\t<span class=\"zf-number\">13<\/span>\r\n\t\t\t\t\t\t\t\t\tA megs\u00e9r\u00fclt Empire State Building, miut\u00e1n 1945-ben egy B-25-\u00f6s bomb\u00e1z\u00f3 belerep\u00fclt. K\u00f6d volt a v\u00e1rosban, ez\u00e9rt t\u00f6rt\u00e9nt a baleset. Az \u00e9p\u00fcletszerkezet nem s\u00e9r\u00fclt, de 14 ember meghalt.\t\t\t\t\t\t\t\t<\/h3>\r\n\t\t\t\t\t\t\t<\/div>\r\n\t\t\t\t\t\t\t\t\t\t\t\t\t\t\t<figure class=\"zf-list_media zf-media-wrapper zf-image zf-type-image\">\r\n\t\t\t\t\t\t\t\t\t<div title=\"A megs\u00e9r\u00fclt Empire State Building, miut\u00e1n 1945-ben egy B-25-\u00f6s bomb\u00e1z\u00f3 belerep\u00fclt. K\u00f6d volt a v\u00e1rosban, ez\u00e9rt t\u00f6rt\u00e9nt a baleset. Az \u00e9p\u00fcletszerkezet nem s\u00e9r\u00fclt, de 14 ember meghalt.\" alt=\"A megs\u00e9r\u00fclt Empire State Building, miut\u00e1n 1945-ben egy B-25-\u00f6s bomb\u00e1z\u00f3 belerep\u00fclt. K\u00f6d volt a v\u00e1rosban, ez\u00e9rt t\u00f6rt\u00e9nt a baleset. Az \u00e9p\u00fcletszerkezet nem s\u00e9r\u00fclt, de 14 ember meghalt.\" class=\"zf-media\">\r\n\t\t\t\t\t\t\t\t\t\t<img width=\"822\" height=\"1024\" src=\"https:\/\/liked.hu\/old\/wp-content\/uploads\/2019\/07\/1330-822x1024.jpg\" class=\"\" alt=\"\" loading=\"lazy\" style=\"\" srcset=\"https:\/\/liked.hu\/old\/wp-content\/uploads\/2019\/07\/1330-822x1024.jpg 822w, https:\/\/liked.hu\/old\/wp-content\/uploads\/2019\/07\/1330-822x1024-241x300.jpg 241w, https:\/\/liked.hu\/old\/wp-content\/uploads\/2019\/07\/1330-822x1024-768x957.jpg 768w, https:\/\/liked.hu\/old\/wp-content\/uploads\/2019\/07\/1330-822x1024-401x500.jpg 401w, https:\/\/liked.hu\/old\/wp-content\/uploads\/2019\/07\/1330-822x1024-360x448.jpg 360w, https:\/\/liked.hu\/old\/wp-content\/uploads\/2019\/07\/1330-822x1024-545x679.jpg 545w\" sizes=\"(max-width: 822px) 100vw, 822px\" \/>\t\t\t\t\t\t\t\t\t\t\t<figcaption class=\"zf-figcaption\">\r\n\t\t\t\t\t\t\t\t\t\t\t\t\t\t\t\t\t\t\t\t\t\t\t\t<cite>        <a class=\"zf-media_credit\" target=\"_blank\" href=\"https:\/\/liked.hu\/old\/kimeno.php?https:\/\/liked.hu\/kimeno.php?https:\/\/pikabu.hu\" rel=\"nofollow noopener\">pikabu<\/a>\r\n        <\/cite>\r\n\r\n\t\t\t\t\t\t\t\t\t\t\t\t\t\t\t\t\t\t\t\t\t\t\t<\/figcaption>\r\n\t\t\t\t\t\t\t\t\t\t\t\t\t\t\t\t\t\t\t<\/div>\r\n\t\t\t\t\t\t\t\t\t<hr \/>\r\n\t\t\t\t\t\t\t\t<\/figure>\r\n\t\t\t\t\t\t\t\t\t\t\t\t\t\t<\/li>\r\n\t\t\t\t\t\t\t\t\t\t\t\t<li class=\"zf-list_item\">\r\n\t\t\t\t\t\t\t<div class=\"zf-list_header\">\r\n\t\t\t\t\t\t\t\t<h3 id=\"listaelem14\" class=\"zf-list_title\">\r\n\t\t\t\t\t\t\t\t\t<span class=\"zf-number\">14<\/span>\r\n\t\t\t\t\t\t\t\t\tEgy jap\u00e1n vitorl\u00e1s cs\u00f3nak 1890-ben, a h\u00e1tt\u00e9rben a Fuji-hegys\u00e9ggel.\t\t\t\t\t\t\t\t<\/h3>\r\n\t\t\t\t\t\t\t<\/div>\r\n\t\t\t\t\t\t\t\t\t\t\t\t\t\t\t<figure class=\"zf-list_media zf-media-wrapper zf-image zf-type-image\">\r\n\t\t\t\t\t\t\t\t\t<div title=\"Egy jap\u00e1n vitorl\u00e1s cs\u00f3nak 1890-ben, a h\u00e1tt\u00e9rben a Fuji-hegys\u00e9ggel.\" alt=\"Egy jap\u00e1n vitorl\u00e1s cs\u00f3nak 1890-ben, a h\u00e1tt\u00e9rben a Fuji-hegys\u00e9ggel.\" class=\"zf-media\">\r\n\t\t\t\t\t\t\t\t\t\t<img width=\"990\" height=\"789\" src=\"https:\/\/liked.hu\/old\/wp-content\/uploads\/2019\/07\/1424.jpg\" class=\"\" alt=\"\" loading=\"lazy\" style=\"\" srcset=\"https:\/\/liked.hu\/old\/wp-content\/uploads\/2019\/07\/1424.jpg 990w, https:\/\/liked.hu\/old\/wp-content\/uploads\/2019\/07\/1424-300x239.jpg 300w, https:\/\/liked.hu\/old\/wp-content\/uploads\/2019\/07\/1424-768x612.jpg 768w, https:\/\/liked.hu\/old\/wp-content\/uploads\/2019\/07\/1424-500x398.jpg 500w, https:\/\/liked.hu\/old\/wp-content\/uploads\/2019\/07\/1424-360x287.jpg 360w, https:\/\/liked.hu\/old\/wp-content\/uploads\/2019\/07\/1424-545x434.jpg 545w\" sizes=\"(max-width: 990px) 100vw, 990px\" \/>\t\t\t\t\t\t\t\t\t\t\t<figcaption class=\"zf-figcaption\">\r\n\t\t\t\t\t\t\t\t\t\t\t\t\t\t\t\t\t\t\t\t\t\t\t\t<cite>        <a class=\"zf-media_credit\" target=\"_blank\" href=\"https:\/\/liked.hu\/old\/kimeno.php?https:\/\/liked.hu\/kimeno.php?https:\/\/pikabu.hu\" rel=\"nofollow noopener\">pikabu<\/a>\r\n        <\/cite>\r\n\r\n\t\t\t\t\t\t\t\t\t\t\t\t\t\t\t\t\t\t\t\t\t\t\t<\/figcaption>\r\n\t\t\t\t\t\t\t\t\t\t\t\t\t\t\t\t\t\t\t<\/div>\r\n\t\t\t\t\t\t\t\t\t<hr \/>\r\n\t\t\t\t\t\t\t\t<\/figure>\r\n\t\t\t\t\t\t\t\t\t\t\t\t\t\t<\/li>\r\n\t\t\t\t\t\t\t\t\t\t\t\t<li class=\"zf-list_item\">\r\n\t\t\t\t\t\t\t<div class=\"zf-list_header\">\r\n\t\t\t\t\t\t\t\t<h3 id=\"listaelem15\" class=\"zf-list_title\">\r\n\t\t\t\t\t\t\t\t\t<span class=\"zf-number\">15<\/span>\r\n\t\t\t\t\t\t\t\t\tA romokban \u00e1ll\u00f3 London, a n\u00e9met rep\u00fcl\u0151g\u00e9pek bomb\u00e1z\u00e1sa ut\u00e1n 1940. december 29-\u00e9n.\t\t\t\t\t\t\t\t<\/h3>\r\n\t\t\t\t\t\t\t<\/div>\r\n\t\t\t\t\t\t\t\t\t\t\t\t\t\t\t<figure class=\"zf-list_media zf-media-wrapper zf-image zf-type-image\">\r\n\t\t\t\t\t\t\t\t\t<div title=\"A romokban \u00e1ll\u00f3 London, a n\u00e9met rep\u00fcl\u0151g\u00e9pek bomb\u00e1z\u00e1sa ut\u00e1n 1940. december 29-\u00e9n.\" alt=\"A romokban \u00e1ll\u00f3 London, a n\u00e9met rep\u00fcl\u0151g\u00e9pek bomb\u00e1z\u00e1sa ut\u00e1n 1940. december 29-\u00e9n.\" class=\"zf-media\">\r\n\t\t\t\t\t\t\t\t\t\t<img width=\"990\" height=\"735\" src=\"https:\/\/liked.hu\/old\/wp-content\/uploads\/2019\/07\/1524.jpg\" class=\"\" alt=\"\" loading=\"lazy\" style=\"\" srcset=\"https:\/\/liked.hu\/old\/wp-content\/uploads\/2019\/07\/1524.jpg 990w, https:\/\/liked.hu\/old\/wp-content\/uploads\/2019\/07\/1524-300x223.jpg 300w, https:\/\/liked.hu\/old\/wp-content\/uploads\/2019\/07\/1524-768x570.jpg 768w, https:\/\/liked.hu\/old\/wp-content\/uploads\/2019\/07\/1524-500x371.jpg 500w, https:\/\/liked.hu\/old\/wp-content\/uploads\/2019\/07\/1524-360x267.jpg 360w, https:\/\/liked.hu\/old\/wp-content\/uploads\/2019\/07\/1524-545x405.jpg 545w\" sizes=\"(max-width: 990px) 100vw, 990px\" \/>\t\t\t\t\t\t\t\t\t\t\t<figcaption class=\"zf-figcaption\">\r\n\t\t\t\t\t\t\t\t\t\t\t\t\t\t\t\t\t\t\t\t\t\t\t\t<cite>        <a class=\"zf-media_credit\" target=\"_blank\" href=\"https:\/\/liked.hu\/old\/kimeno.php?https:\/\/liked.hu\/kimeno.php?https:\/\/pikabu.hu\" rel=\"nofollow noopener\">pikabu<\/a>\r\n        <\/cite>\r\n\r\n\t\t\t\t\t\t\t\t\t\t\t\t\t\t\t\t\t\t\t\t\t\t\t<\/figcaption>\r\n\t\t\t\t\t\t\t\t\t\t\t\t\t\t\t\t\t\t\t<\/div>\r\n\t\t\t\t\t\t\t\t\t<hr \/>\r\n\t\t\t\t\t\t\t\t<\/figure>\r\n\t\t\t\t\t\t\t\t\t\t\t\t\t\t<\/li>\r\n\t\t\t\t\t\t\t\t\t\t\t\t<li class=\"zf-list_item\">\r\n\t\t\t\t\t\t\t<div class=\"zf-list_header\">\r\n\t\t\t\t\t\t\t\t<h3 id=\"listaelem16\" class=\"zf-list_title\">\r\n\t\t\t\t\t\t\t\t\t<span class=\"zf-number\">16<\/span>\r\n\t\t\t\t\t\t\t\t\tA Londoni Nemzeti Gal\u00e9ria \u00fcres falai, miut\u00e1n az \u00f6sszes m\u0171kincset elrejtett\u00e9k a n\u00e1cik el\u0151l a II. vi\u00e1gh\u00e1bor\u00faban.\t\t\t\t\t\t\t\t<\/h3>\r\n\t\t\t\t\t\t\t<\/div>\r\n\t\t\t\t\t\t\t\t\t\t\t\t\t\t\t<figure class=\"zf-list_media zf-media-wrapper zf-image zf-type-image\">\r\n\t\t\t\t\t\t\t\t\t<div title=\"A Londoni Nemzeti Gal\u00e9ria \u00fcres falai, miut\u00e1n az \u00f6sszes m\u0171kincset elrejtett\u00e9k a n\u00e1cik el\u0151l a II. vi\u00e1gh\u00e1bor\u00faban.\" alt=\"A Londoni Nemzeti Gal\u00e9ria \u00fcres falai, miut\u00e1n az \u00f6sszes m\u0171kincset elrejtett\u00e9k a n\u00e1cik el\u0151l a II. vi\u00e1gh\u00e1bor\u00faban.\" class=\"zf-media\">\r\n\t\t\t\t\t\t\t\t\t\t<img width=\"990\" height=\"783\" src=\"https:\/\/liked.hu\/old\/wp-content\/uploads\/2019\/07\/1619-1.jpg\" class=\"\" alt=\"\" loading=\"lazy\" style=\"\" srcset=\"https:\/\/liked.hu\/old\/wp-content\/uploads\/2019\/07\/1619-1.jpg 990w, https:\/\/liked.hu\/old\/wp-content\/uploads\/2019\/07\/1619-1-300x237.jpg 300w, https:\/\/liked.hu\/old\/wp-content\/uploads\/2019\/07\/1619-1-768x607.jpg 768w, https:\/\/liked.hu\/old\/wp-content\/uploads\/2019\/07\/1619-1-500x395.jpg 500w, https:\/\/liked.hu\/old\/wp-content\/uploads\/2019\/07\/1619-1-360x285.jpg 360w, https:\/\/liked.hu\/old\/wp-content\/uploads\/2019\/07\/1619-1-545x431.jpg 545w\" sizes=\"(max-width: 990px) 100vw, 990px\" \/>\t\t\t\t\t\t\t\t\t\t\t<figcaption class=\"zf-figcaption\">\r\n\t\t\t\t\t\t\t\t\t\t\t\t\t\t\t\t\t\t\t\t\t\t\t\t<cite>        <a class=\"zf-media_credit\" target=\"_blank\" href=\"https:\/\/liked.hu\/old\/kimeno.php?https:\/\/liked.hu\/kimeno.php?https:\/\/pikabu.hu\" rel=\"nofollow noopener\">pikabu<\/a>\r\n        <\/cite>\r\n\r\n\t\t\t\t\t\t\t\t\t\t\t\t\t\t\t\t\t\t\t\t\t\t\t<\/figcaption>\r\n\t\t\t\t\t\t\t\t\t\t\t\t\t\t\t\t\t\t\t<\/div>\r\n\t\t\t\t\t\t\t\t\t<hr \/>\r\n\t\t\t\t\t\t\t\t<\/figure>\r\n\t\t\t\t\t\t\t\t\t\t\t\t\t\t<\/li>\r\n\t\t\t\t\t\t\t\t\t\t\t\t<li class=\"zf-list_item\">\r\n\t\t\t\t\t\t\t<div class=\"zf-list_header\">\r\n\t\t\t\t\t\t\t\t<h3 id=\"listaelem17\" class=\"zf-list_title\">\r\n\t\t\t\t\t\t\t\t\t<span class=\"zf-number\">17<\/span>\r\n\t\t\t\t\t\t\t\t\tGy\u0151zelmi t\u0171zij\u00e1t\u00e9k a moszkvai V\u00f6r\u00f6s t\u00e9ren, miut\u00e1n bejelentett\u00e9k a vil\u00e1gh\u00e1bor\u00fa v\u00e9g\u00e9t 1945-ben.\t\t\t\t\t\t\t\t<\/h3>\r\n\t\t\t\t\t\t\t<\/div>\r\n\t\t\t\t\t\t\t\t\t\t\t\t\t\t\t<figure class=\"zf-list_media zf-media-wrapper zf-image zf-type-image\">\r\n\t\t\t\t\t\t\t\t\t<div title=\"Gy\u0151zelmi t\u0171zij\u00e1t\u00e9k a moszkvai V\u00f6r\u00f6s t\u00e9ren, miut\u00e1n bejelentett\u00e9k a vil\u00e1gh\u00e1bor\u00fa v\u00e9g\u00e9t 1945-ben.\" alt=\"Gy\u0151zelmi t\u0171zij\u00e1t\u00e9k a moszkvai V\u00f6r\u00f6s t\u00e9ren, miut\u00e1n bejelentett\u00e9k a vil\u00e1gh\u00e1bor\u00fa v\u00e9g\u00e9t 1945-ben.\" class=\"zf-media\">\r\n\t\t\t\t\t\t\t\t\t\t<img width=\"990\" height=\"656\" src=\"https:\/\/liked.hu\/old\/wp-content\/uploads\/2019\/07\/1717.jpg\" class=\"\" alt=\"\" loading=\"lazy\" style=\"\" srcset=\"https:\/\/liked.hu\/old\/wp-content\/uploads\/2019\/07\/1717.jpg 990w, https:\/\/liked.hu\/old\/wp-content\/uploads\/2019\/07\/1717-300x199.jpg 300w, https:\/\/liked.hu\/old\/wp-content\/uploads\/2019\/07\/1717-768x509.jpg 768w, https:\/\/liked.hu\/old\/wp-content\/uploads\/2019\/07\/1717-500x331.jpg 500w, https:\/\/liked.hu\/old\/wp-content\/uploads\/2019\/07\/1717-360x239.jpg 360w, https:\/\/liked.hu\/old\/wp-content\/uploads\/2019\/07\/1717-545x361.jpg 545w\" sizes=\"(max-width: 990px) 100vw, 990px\" \/>\t\t\t\t\t\t\t\t\t\t\t<figcaption class=\"zf-figcaption\">\r\n\t\t\t\t\t\t\t\t\t\t\t\t\t\t\t\t\t\t\t\t\t\t\t\t<cite>        <a class=\"zf-media_credit\" target=\"_blank\" href=\"https:\/\/liked.hu\/old\/kimeno.php?https:\/\/liked.hu\/kimeno.php?https:\/\/pikabu.hu\" rel=\"nofollow noopener\">pikabu<\/a>\r\n        <\/cite>\r\n\r\n\t\t\t\t\t\t\t\t\t\t\t\t\t\t\t\t\t\t\t\t\t\t\t<\/figcaption>\r\n\t\t\t\t\t\t\t\t\t\t\t\t\t\t\t\t\t\t\t<\/div>\r\n\t\t\t\t\t\t\t\t\t<hr \/>\r\n\t\t\t\t\t\t\t\t<\/figure>\r\n\t\t\t\t\t\t\t\t\t\t\t\t\t\t<\/li>\r\n\t\t\t\t\t\t\t\t\t\t\t\t<li class=\"zf-list_item\">\r\n\t\t\t\t\t\t\t<div class=\"zf-list_header\">\r\n\t\t\t\t\t\t\t\t<h3 id=\"listaelem18\" class=\"zf-list_title\">\r\n\t\t\t\t\t\t\t\t\t<span class=\"zf-number\">18<\/span>\r\n\t\t\t\t\t\t\t\t\tA londoni Tower Bridge \u00e9p\u00edt\u00e9se a 19. sz\u00e1zadban.\t\t\t\t\t\t\t\t<\/h3>\r\n\t\t\t\t\t\t\t<\/div>\r\n\t\t\t\t\t\t\t\t\t\t\t\t\t\t\t<figure class=\"zf-list_media zf-media-wrapper zf-image zf-type-image\">\r\n\t\t\t\t\t\t\t\t\t<div title=\"A londoni Tower Bridge \u00e9p\u00edt\u00e9se a 19. sz\u00e1zadban.\" alt=\"A londoni Tower Bridge \u00e9p\u00edt\u00e9se a 19. sz\u00e1zadban.\" class=\"zf-media\">\r\n\t\t\t\t\t\t\t\t\t\t<img width=\"990\" height=\"770\" src=\"https:\/\/liked.hu\/old\/wp-content\/uploads\/2019\/07\/1816.jpg\" class=\"\" alt=\"\" loading=\"lazy\" style=\"\" srcset=\"https:\/\/liked.hu\/old\/wp-content\/uploads\/2019\/07\/1816.jpg 990w, https:\/\/liked.hu\/old\/wp-content\/uploads\/2019\/07\/1816-300x233.jpg 300w, https:\/\/liked.hu\/old\/wp-content\/uploads\/2019\/07\/1816-768x597.jpg 768w, https:\/\/liked.hu\/old\/wp-content\/uploads\/2019\/07\/1816-500x389.jpg 500w, https:\/\/liked.hu\/old\/wp-content\/uploads\/2019\/07\/1816-360x280.jpg 360w, https:\/\/liked.hu\/old\/wp-content\/uploads\/2019\/07\/1816-545x424.jpg 545w\" sizes=\"(max-width: 990px) 100vw, 990px\" \/>\t\t\t\t\t\t\t\t\t\t\t<figcaption class=\"zf-figcaption\">\r\n\t\t\t\t\t\t\t\t\t\t\t\t\t\t\t\t\t\t\t\t\t\t\t\t<cite>        <a class=\"zf-media_credit\" target=\"_blank\" href=\"https:\/\/liked.hu\/old\/kimeno.php?https:\/\/liked.hu\/kimeno.php?https:\/\/pikabu.hu\" rel=\"nofollow noopener\">pikabu<\/a>\r\n        <\/cite>\r\n\r\n\t\t\t\t\t\t\t\t\t\t\t\t\t\t\t\t\t\t\t\t\t\t\t<\/figcaption>\r\n\t\t\t\t\t\t\t\t\t\t\t\t\t\t\t\t\t\t\t<\/div>\r\n\t\t\t\t\t\t\t\t\t<hr \/>\r\n\t\t\t\t\t\t\t\t<\/figure>\r\n\t\t\t\t\t\t\t\t\t\t\t\t\t\t<\/li>\r\n\t\t\t\t\t\t\t\t\t<\/ol>\r\n\t\t<\/div>\r\n\t<\/div>\r\n\r\n\t<\/div>\r\n\r\n\r\n<!--nextpage--><div id=\"zombify-main-section-front\" class=\"zombify-main-section-front zombify-screen zf-media-full\">\r\n\t<link rel=\"stylesheet\" type=\"text\/css\" href=\"https:\/\/liked.hu\/old\/js\/zombify.css\">\r\n    <link rel=\"stylesheet\" type=\"text\/css\" href=\"https:\/\/liked.hu\/old\/wp-content\/themes\/newsy-child\/style.css\">\r\n\t<div class=\"zf-container\">\r\n\t\t<div id=\"zf-list\" class=\"zf-list zf-numbered\">\r\n\t\t\t<ol class=\"zf-structure-list\">\r\n\t\t\t\t\t\t\t\t\t\t<li class=\"zf-list_item\">\r\n\t\t\t\t\t\t\t<div class=\"zf-list_header\">\r\n\t\t\t\t\t\t\t\t<h3 id=\"listaelem19\" class=\"zf-list_title\">\r\n\t\t\t\t\t\t\t\t\t<span class=\"zf-number\">19<\/span>\r\n\t\t\t\t\t\t\t\t\tA Rushmore-hegy form\u00e1z\u00e1sa 1930-ban. A n\u00e9gy nagy amerikai eln\u00f6k megform\u00e1z\u00e1sa k\u00f6zben, mint egy 500 milli\u00f3 tonna k\u00f6vet t\u00e1vol\u00edtottak el a hegyr\u0151l.\t\t\t\t\t\t\t\t<\/h3>\r\n\t\t\t\t\t\t\t<\/div>\r\n\t\t\t\t\t\t\t\t\t\t\t\t\t\t\t<figure class=\"zf-list_media zf-media-wrapper zf-image zf-type-image\">\r\n\t\t\t\t\t\t\t\t\t<div title=\"A Rushmore-hegy form\u00e1z\u00e1sa 1930-ban. A n\u00e9gy nagy amerikai eln\u00f6k megform\u00e1z\u00e1sa k\u00f6zben, mint egy 500 milli\u00f3 tonna k\u00f6vet t\u00e1vol\u00edtottak el a hegyr\u0151l.\" alt=\"A Rushmore-hegy form\u00e1z\u00e1sa 1930-ban. A n\u00e9gy nagy amerikai eln\u00f6k megform\u00e1z\u00e1sa k\u00f6zben, mint egy 500 milli\u00f3 tonna k\u00f6vet t\u00e1vol\u00edtottak el a hegyr\u0151l.\" class=\"zf-media\">\r\n\t\t\t\t\t\t\t\t\t\t<img width=\"990\" height=\"767\" src=\"https:\/\/liked.hu\/old\/wp-content\/uploads\/2019\/07\/1914.jpg\" class=\"\" alt=\"\" loading=\"lazy\" style=\"\" srcset=\"https:\/\/liked.hu\/old\/wp-content\/uploads\/2019\/07\/1914.jpg 990w, https:\/\/liked.hu\/old\/wp-content\/uploads\/2019\/07\/1914-300x232.jpg 300w, https:\/\/liked.hu\/old\/wp-content\/uploads\/2019\/07\/1914-768x595.jpg 768w, https:\/\/liked.hu\/old\/wp-content\/uploads\/2019\/07\/1914-500x387.jpg 500w, https:\/\/liked.hu\/old\/wp-content\/uploads\/2019\/07\/1914-360x279.jpg 360w, https:\/\/liked.hu\/old\/wp-content\/uploads\/2019\/07\/1914-545x422.jpg 545w\" sizes=\"(max-width: 990px) 100vw, 990px\" \/>\t\t\t\t\t\t\t\t\t\t\t<figcaption class=\"zf-figcaption\">\r\n\t\t\t\t\t\t\t\t\t\t\t\t\t\t\t\t\t\t\t\t\t\t\t\t<cite>        <a class=\"zf-media_credit\" target=\"_blank\" href=\"https:\/\/liked.hu\/old\/kimeno.php?https:\/\/liked.hu\/kimeno.php?https:\/\/pikabu.hu\" rel=\"nofollow noopener\">pikabu<\/a>\r\n        <\/cite>\r\n\r\n\t\t\t\t\t\t\t\t\t\t\t\t\t\t\t\t\t\t\t\t\t\t\t<\/figcaption>\r\n\t\t\t\t\t\t\t\t\t\t\t\t\t\t\t\t\t\t\t<\/div>\r\n\t\t\t\t\t\t\t\t\t<hr \/>\r\n\t\t\t\t\t\t\t\t<\/figure>\r\n\t\t\t\t\t\t\t\t\t\t\t\t\t\t<\/li>\r\n\t\t\t\t\t\t\t\t\t\t\t\t<li class=\"zf-list_item\">\r\n\t\t\t\t\t\t\t<div class=\"zf-list_header\">\r\n\t\t\t\t\t\t\t\t<h3 id=\"listaelem20\" class=\"zf-list_title\">\r\n\t\t\t\t\t\t\t\t\t<span class=\"zf-number\">20<\/span>\r\n\t\t\t\t\t\t\t\t\tHoward Carter archeol\u00f3gus vizsg\u00e1lja Tutanhamon aranyszarkof\u00e1gj\u00e1t 1923-ban, a f\u00e1ra\u00f3 s\u00edrj\u00e1nak felt\u00e1r\u00e1sa ut\u00e1n.\t\t\t\t\t\t\t\t<\/h3>\r\n\t\t\t\t\t\t\t<\/div>\r\n\t\t\t\t\t\t\t\t\t\t\t\t\t\t\t<figure class=\"zf-list_media zf-media-wrapper zf-image zf-type-image\">\r\n\t\t\t\t\t\t\t\t\t<div title=\"Howard Carter archeol\u00f3gus vizsg\u00e1lja Tutanhamon aranyszarkof\u00e1gj\u00e1t 1923-ban, a f\u00e1ra\u00f3 s\u00edrj\u00e1nak felt\u00e1r\u00e1sa ut\u00e1n.\" alt=\"Howard Carter archeol\u00f3gus vizsg\u00e1lja Tutanhamon aranyszarkof\u00e1gj\u00e1t 1923-ban, a f\u00e1ra\u00f3 s\u00edrj\u00e1nak felt\u00e1r\u00e1sa ut\u00e1n.\" class=\"zf-media\">\r\n\t\t\t\t\t\t\t\t\t\t<img width=\"990\" height=\"756\" src=\"https:\/\/liked.hu\/old\/wp-content\/uploads\/2019\/07\/92_2011.jpg\" class=\"\" alt=\"\" loading=\"lazy\" style=\"\" srcset=\"https:\/\/liked.hu\/old\/wp-content\/uploads\/2019\/07\/92_2011.jpg 990w, https:\/\/liked.hu\/old\/wp-content\/uploads\/2019\/07\/92_2011-300x229.jpg 300w, https:\/\/liked.hu\/old\/wp-content\/uploads\/2019\/07\/92_2011-768x586.jpg 768w, https:\/\/liked.hu\/old\/wp-content\/uploads\/2019\/07\/92_2011-500x382.jpg 500w, https:\/\/liked.hu\/old\/wp-content\/uploads\/2019\/07\/92_2011-360x275.jpg 360w, https:\/\/liked.hu\/old\/wp-content\/uploads\/2019\/07\/92_2011-545x416.jpg 545w\" sizes=\"(max-width: 990px) 100vw, 990px\" \/>\t\t\t\t\t\t\t\t\t\t\t<figcaption class=\"zf-figcaption\">\r\n\t\t\t\t\t\t\t\t\t\t\t\t\t\t\t\t\t\t\t\t\t\t\t\t<cite>        <a class=\"zf-media_credit\" target=\"_blank\" href=\"https:\/\/liked.hu\/old\/kimeno.php?https:\/\/liked.hu\/kimeno.php?https:\/\/pikabu.hu\" rel=\"nofollow noopener\">pikabu<\/a>\r\n        <\/cite>\r\n\r\n\t\t\t\t\t\t\t\t\t\t\t\t\t\t\t\t\t\t\t\t\t\t\t<\/figcaption>\r\n\t\t\t\t\t\t\t\t\t\t\t\t\t\t\t\t\t\t\t<\/div>\r\n\t\t\t\t\t\t\t\t\t<hr \/>\r\n\t\t\t\t\t\t\t\t<\/figure>\r\n\t\t\t\t\t\t\t\t\t\t\t\t\t\t<\/li>\r\n\t\t\t\t\t\t\t\t\t\t\t\t<li class=\"zf-list_item\">\r\n\t\t\t\t\t\t\t<div class=\"zf-list_header\">\r\n\t\t\t\t\t\t\t\t<h3 id=\"listaelem21\" class=\"zf-list_title\">\r\n\t\t\t\t\t\t\t\t\t<span class=\"zf-number\">21<\/span>\r\n\t\t\t\t\t\t\t\t\tA nagy gazdas\u00e1gi vil\u00e1gv\u00e1ls\u00e1g alatt sokan \u00e9ltek a manhattani Central Parkban.\t\t\t\t\t\t\t\t<\/h3>\r\n\t\t\t\t\t\t\t<\/div>\r\n\t\t\t\t\t\t\t\t\t\t\t\t\t\t\t<figure class=\"zf-list_media zf-media-wrapper zf-image zf-type-image\">\r\n\t\t\t\t\t\t\t\t\t<div title=\"A nagy gazdas\u00e1gi vil\u00e1gv\u00e1ls\u00e1g alatt sokan \u00e9ltek a manhattani Central Parkban.\" alt=\"A nagy gazdas\u00e1gi vil\u00e1gv\u00e1ls\u00e1g alatt sokan \u00e9ltek a manhattani Central Parkban.\" class=\"zf-media\">\r\n\t\t\t\t\t\t\t\t\t\t<img width=\"990\" height=\"767\" src=\"https:\/\/liked.hu\/old\/wp-content\/uploads\/2019\/07\/2116.jpg\" class=\"\" alt=\"\" loading=\"lazy\" style=\"\" srcset=\"https:\/\/liked.hu\/old\/wp-content\/uploads\/2019\/07\/2116.jpg 990w, https:\/\/liked.hu\/old\/wp-content\/uploads\/2019\/07\/2116-300x232.jpg 300w, https:\/\/liked.hu\/old\/wp-content\/uploads\/2019\/07\/2116-768x595.jpg 768w, https:\/\/liked.hu\/old\/wp-content\/uploads\/2019\/07\/2116-500x387.jpg 500w, https:\/\/liked.hu\/old\/wp-content\/uploads\/2019\/07\/2116-360x279.jpg 360w, https:\/\/liked.hu\/old\/wp-content\/uploads\/2019\/07\/2116-545x422.jpg 545w\" sizes=\"(max-width: 990px) 100vw, 990px\" \/>\t\t\t\t\t\t\t\t\t\t\t<figcaption class=\"zf-figcaption\">\r\n\t\t\t\t\t\t\t\t\t\t\t\t\t\t\t\t\t\t\t\t\t\t\t\t<cite>        <a class=\"zf-media_credit\" target=\"_blank\" href=\"https:\/\/liked.hu\/old\/kimeno.php?https:\/\/liked.hu\/kimeno.php?https:\/\/pikabu.hu\" rel=\"nofollow noopener\">pikabu<\/a>\r\n        <\/cite>\r\n\r\n\t\t\t\t\t\t\t\t\t\t\t\t\t\t\t\t\t\t\t\t\t\t\t<\/figcaption>\r\n\t\t\t\t\t\t\t\t\t\t\t\t\t\t\t\t\t\t\t<\/div>\r\n\t\t\t\t\t\t\t\t\t<hr \/>\r\n\t\t\t\t\t\t\t\t<\/figure>\r\n\t\t\t\t\t\t\t\t\t\t\t\t\t\t<\/li>\r\n\t\t\t\t\t\t\t\t\t\t\t\t<li class=\"zf-list_item\">\r\n\t\t\t\t\t\t\t<div class=\"zf-list_header\">\r\n\t\t\t\t\t\t\t\t<h3 id=\"listaelem22\" class=\"zf-list_title\">\r\n\t\t\t\t\t\t\t\t\t<span class=\"zf-number\">22<\/span>\r\n\t\t\t\t\t\t\t\t\tAz 1969-ben ,,le\u00e1ll\u00edtott\u201d Niagara-v\u00edzes\u00e9s, hogy tudom\u00e1nyos vizsg\u00e1latot v\u00e9gezhessenek a talajer\u00f3zi\u00f3 kapcs\u00e1n.\t\t\t\t\t\t\t\t<\/h3>\r\n\t\t\t\t\t\t\t<\/div>\r\n\t\t\t\t\t\t\t\t\t\t\t\t\t\t\t<figure class=\"zf-list_media zf-media-wrapper zf-image zf-type-image\">\r\n\t\t\t\t\t\t\t\t\t<div title=\"Az 1969-ben ,,le\u00e1ll\u00edtott\u201d Niagara-v\u00edzes\u00e9s, hogy tudom\u00e1nyos vizsg\u00e1latot v\u00e9gezhessenek a talajer\u00f3zi\u00f3 kapcs\u00e1n.\" alt=\"Az 1969-ben ,,le\u00e1ll\u00edtott\u201d Niagara-v\u00edzes\u00e9s, hogy tudom\u00e1nyos vizsg\u00e1latot v\u00e9gezhessenek a talajer\u00f3zi\u00f3 kapcs\u00e1n.\" class=\"zf-media\">\r\n\t\t\t\t\t\t\t\t\t\t<img width=\"990\" height=\"646\" src=\"https:\/\/liked.hu\/old\/wp-content\/uploads\/2019\/07\/2215.jpg\" class=\"\" alt=\"\" loading=\"lazy\" style=\"\" srcset=\"https:\/\/liked.hu\/old\/wp-content\/uploads\/2019\/07\/2215.jpg 990w, https:\/\/liked.hu\/old\/wp-content\/uploads\/2019\/07\/2215-300x196.jpg 300w, https:\/\/liked.hu\/old\/wp-content\/uploads\/2019\/07\/2215-768x501.jpg 768w, https:\/\/liked.hu\/old\/wp-content\/uploads\/2019\/07\/2215-500x326.jpg 500w, https:\/\/liked.hu\/old\/wp-content\/uploads\/2019\/07\/2215-360x235.jpg 360w, https:\/\/liked.hu\/old\/wp-content\/uploads\/2019\/07\/2215-545x356.jpg 545w\" sizes=\"(max-width: 990px) 100vw, 990px\" \/>\t\t\t\t\t\t\t\t\t\t\t<figcaption class=\"zf-figcaption\">\r\n\t\t\t\t\t\t\t\t\t\t\t\t\t\t\t\t\t\t\t\t\t\t\t\t<cite>        <a class=\"zf-media_credit\" target=\"_blank\" href=\"https:\/\/liked.hu\/old\/kimeno.php?https:\/\/liked.hu\/kimeno.php?https:\/\/pikabu.hu\" rel=\"nofollow noopener\">pikabu<\/a>\r\n        <\/cite>\r\n\r\n\t\t\t\t\t\t\t\t\t\t\t\t\t\t\t\t\t\t\t\t\t\t\t<\/figcaption>\r\n\t\t\t\t\t\t\t\t\t\t\t\t\t\t\t\t\t\t\t<\/div>\r\n\t\t\t\t\t\t\t\t\t<hr \/>\r\n\t\t\t\t\t\t\t\t<\/figure>\r\n\t\t\t\t\t\t\t\t\t\t\t\t\t\t<\/li>\r\n\t\t\t\t\t\t\t\t\t\t\t\t<li class=\"zf-list_item\">\r\n\t\t\t\t\t\t\t<div class=\"zf-list_header\">\r\n\t\t\t\t\t\t\t\t<h3 id=\"listaelem23\" class=\"zf-list_title\">\r\n\t\t\t\t\t\t\t\t\t<span class=\"zf-number\">23<\/span>\r\n\t\t\t\t\t\t\t\t\tHorg\u00e1sz\u00f3 f\u00e9rfiak az \u00e9p\u00fcl\u0151 Golden Gate-h\u00edd szomsz\u00e9ds\u00e1g\u00e1ban, 1930-ban.\t\t\t\t\t\t\t\t<\/h3>\r\n\t\t\t\t\t\t\t<\/div>\r\n\t\t\t\t\t\t\t\t\t\t\t\t\t\t\t<figure class=\"zf-list_media zf-media-wrapper zf-image zf-type-image\">\r\n\t\t\t\t\t\t\t\t\t<div title=\"Horg\u00e1sz\u00f3 f\u00e9rfiak az \u00e9p\u00fcl\u0151 Golden Gate-h\u00edd szomsz\u00e9ds\u00e1g\u00e1ban, 1930-ban.\" alt=\"Horg\u00e1sz\u00f3 f\u00e9rfiak az \u00e9p\u00fcl\u0151 Golden Gate-h\u00edd szomsz\u00e9ds\u00e1g\u00e1ban, 1930-ban.\" class=\"zf-media\">\r\n\t\t\t\t\t\t\t\t\t\t<img width=\"990\" height=\"667\" src=\"https:\/\/liked.hu\/old\/wp-content\/uploads\/2019\/07\/2313.jpg\" class=\"\" alt=\"\" loading=\"lazy\" style=\"\" srcset=\"https:\/\/liked.hu\/old\/wp-content\/uploads\/2019\/07\/2313.jpg 990w, https:\/\/liked.hu\/old\/wp-content\/uploads\/2019\/07\/2313-300x202.jpg 300w, https:\/\/liked.hu\/old\/wp-content\/uploads\/2019\/07\/2313-768x517.jpg 768w, https:\/\/liked.hu\/old\/wp-content\/uploads\/2019\/07\/2313-500x337.jpg 500w, https:\/\/liked.hu\/old\/wp-content\/uploads\/2019\/07\/2313-360x243.jpg 360w, https:\/\/liked.hu\/old\/wp-content\/uploads\/2019\/07\/2313-545x367.jpg 545w\" sizes=\"(max-width: 990px) 100vw, 990px\" \/>\t\t\t\t\t\t\t\t\t\t\t<figcaption class=\"zf-figcaption\">\r\n\t\t\t\t\t\t\t\t\t\t\t\t\t\t\t\t\t\t\t\t\t\t\t\t<cite>        <a class=\"zf-media_credit\" target=\"_blank\" href=\"https:\/\/liked.hu\/old\/kimeno.php?https:\/\/liked.hu\/kimeno.php?https:\/\/pikabu.hu\" rel=\"nofollow noopener\">pikabu<\/a>\r\n        <\/cite>\r\n\r\n\t\t\t\t\t\t\t\t\t\t\t\t\t\t\t\t\t\t\t\t\t\t\t<\/figcaption>\r\n\t\t\t\t\t\t\t\t\t\t\t\t\t\t\t\t\t\t\t<\/div>\r\n\t\t\t\t\t\t\t\t\t<hr \/>\r\n\t\t\t\t\t\t\t\t<\/figure>\r\n\t\t\t\t\t\t\t\t\t\t\t\t\t\t<\/li>\r\n\t\t\t\t\t\t\t\t\t\t\t\t<li class=\"zf-list_item\">\r\n\t\t\t\t\t\t\t<div class=\"zf-list_header\">\r\n\t\t\t\t\t\t\t\t<h3 id=\"listaelem24\" class=\"zf-list_title\">\r\n\t\t\t\t\t\t\t\t\t<span class=\"zf-number\">24<\/span>\r\n\t\t\t\t\t\t\t\t\tA New York-i Madison Square Garden sportcsarnok \u00e9p\u00edt\u00e9se, 1966-ban.\t\t\t\t\t\t\t\t<\/h3>\r\n\t\t\t\t\t\t\t<\/div>\r\n\t\t\t\t\t\t\t\t\t\t\t\t\t\t\t<figure class=\"zf-list_media zf-media-wrapper zf-image zf-type-image\">\r\n\t\t\t\t\t\t\t\t\t<div title=\"A New York-i Madison Square Garden sportcsarnok \u00e9p\u00edt\u00e9se, 1966-ban.\" alt=\"A New York-i Madison Square Garden sportcsarnok \u00e9p\u00edt\u00e9se, 1966-ban.\" class=\"zf-media\">\r\n\t\t\t\t\t\t\t\t\t\t<img width=\"990\" height=\"739\" src=\"https:\/\/liked.hu\/old\/wp-content\/uploads\/2019\/07\/2410.jpg\" class=\"\" alt=\"\" loading=\"lazy\" style=\"\" srcset=\"https:\/\/liked.hu\/old\/wp-content\/uploads\/2019\/07\/2410.jpg 990w, https:\/\/liked.hu\/old\/wp-content\/uploads\/2019\/07\/2410-300x224.jpg 300w, https:\/\/liked.hu\/old\/wp-content\/uploads\/2019\/07\/2410-768x573.jpg 768w, https:\/\/liked.hu\/old\/wp-content\/uploads\/2019\/07\/2410-500x373.jpg 500w, https:\/\/liked.hu\/old\/wp-content\/uploads\/2019\/07\/2410-200x150.jpg 200w, https:\/\/liked.hu\/old\/wp-content\/uploads\/2019\/07\/2410-360x270.jpg 360w, https:\/\/liked.hu\/old\/wp-content\/uploads\/2019\/07\/2410-545x407.jpg 545w\" sizes=\"(max-width: 990px) 100vw, 990px\" \/>\t\t\t\t\t\t\t\t\t\t\t<figcaption class=\"zf-figcaption\">\r\n\t\t\t\t\t\t\t\t\t\t\t\t\t\t\t\t\t\t\t\t\t\t\t\t<cite>        <a class=\"zf-media_credit\" target=\"_blank\" href=\"https:\/\/liked.hu\/old\/kimeno.php?https:\/\/liked.hu\/kimeno.php?https:\/\/pikabu.hu\" rel=\"nofollow noopener\">pikabu<\/a>\r\n        <\/cite>\r\n\r\n\t\t\t\t\t\t\t\t\t\t\t\t\t\t\t\t\t\t\t\t\t\t\t<\/figcaption>\r\n\t\t\t\t\t\t\t\t\t\t\t\t\t\t\t\t\t\t\t<\/div>\r\n\t\t\t\t\t\t\t\t\t<hr \/>\r\n\t\t\t\t\t\t\t\t<\/figure>\r\n\t\t\t\t\t\t\t\t\t\t\t\t\t\t<\/li>\r\n\t\t\t\t\t\t\t\t\t\t\t\t<li class=\"zf-list_item\">\r\n\t\t\t\t\t\t\t<div class=\"zf-list_header\">\r\n\t\t\t\t\t\t\t\t<h3 id=\"listaelem25\" class=\"zf-list_title\">\r\n\t\t\t\t\t\t\t\t\t<span class=\"zf-number\">25<\/span>\r\n\t\t\t\t\t\t\t\t\tAz Egyes\u00fclt \u00c1llamok Capitoliuma 1859-ben, akkor m\u00e9g kupola n\u00e9lk\u00fcl.\t\t\t\t\t\t\t\t<\/h3>\r\n\t\t\t\t\t\t\t<\/div>\r\n\t\t\t\t\t\t\t\t\t\t\t\t\t\t\t<figure class=\"zf-list_media zf-media-wrapper zf-image zf-type-image\">\r\n\t\t\t\t\t\t\t\t\t<div title=\"Az Egyes\u00fclt \u00c1llamok Capitoliuma 1859-ben, akkor m\u00e9g kupola n\u00e9lk\u00fcl.\" alt=\"Az Egyes\u00fclt \u00c1llamok Capitoliuma 1859-ben, akkor m\u00e9g kupola n\u00e9lk\u00fcl.\" class=\"zf-media\">\r\n\t\t\t\t\t\t\t\t\t\t<img width=\"990\" height=\"895\" src=\"https:\/\/liked.hu\/old\/wp-content\/uploads\/2019\/07\/2510.jpg\" class=\"\" alt=\"\" loading=\"lazy\" style=\"\" srcset=\"https:\/\/liked.hu\/old\/wp-content\/uploads\/2019\/07\/2510.jpg 990w, https:\/\/liked.hu\/old\/wp-content\/uploads\/2019\/07\/2510-300x271.jpg 300w, https:\/\/liked.hu\/old\/wp-content\/uploads\/2019\/07\/2510-768x694.jpg 768w, https:\/\/liked.hu\/old\/wp-content\/uploads\/2019\/07\/2510-500x452.jpg 500w, https:\/\/liked.hu\/old\/wp-content\/uploads\/2019\/07\/2510-360x325.jpg 360w, https:\/\/liked.hu\/old\/wp-content\/uploads\/2019\/07\/2510-545x493.jpg 545w\" sizes=\"(max-width: 990px) 100vw, 990px\" \/>\t\t\t\t\t\t\t\t\t\t\t<figcaption class=\"zf-figcaption\">\r\n\t\t\t\t\t\t\t\t\t\t\t\t\t\t\t\t\t\t\t\t\t\t\t\t<cite>        <a class=\"zf-media_credit\" target=\"_blank\" href=\"https:\/\/liked.hu\/old\/kimeno.php?https:\/\/liked.hu\/kimeno.php?https:\/\/pikabu.hu\" rel=\"nofollow noopener\">pikabu<\/a>\r\n        <\/cite>\r\n\r\n\t\t\t\t\t\t\t\t\t\t\t\t\t\t\t\t\t\t\t\t\t\t\t<\/figcaption>\r\n\t\t\t\t\t\t\t\t\t\t\t\t\t\t\t\t\t\t\t<\/div>\r\n\t\t\t\t\t\t\t\t\t<hr \/>\r\n\t\t\t\t\t\t\t\t<\/figure>\r\n\t\t\t\t\t\t\t\t\t\t\t\t\t\t<\/li>\r\n\t\t\t\t\t\t\t\t\t<\/ol>\r\n\t\t<\/div>\r\n\t<\/div>\r\n\r\n\t<\/div>\n","protected":false},"excerpt":{"rendered":"<p>F\u00f6ld\u00fcnk legh\u00edresebb nevezetess\u00e9geit tulajdonk\u00e9ppen teljesen term\u00e9szetesnek vessz\u00fck, hiszen m\u00e1r j\u00f3val a el\u0151tt\u00fcnk is itt voltak, \u00e9s mivel akkoriban m\u00e9g nem volt mindenki kez\u00e9ben kamer\u00e1s okostelefon, ez\u00e9rt fot\u00f3 \u00e9s vide\u00f3 is l\u00e9nyegesen kevesebb k\u00e9sz\u00fclt r\u00f3luk, mint mondjuk napjainkban. Ha elv\u00e9tve is ugyan, de az\u00e9rt l\u00e9teznek term\u00e9szetesen ritkas\u00e1gsz\u00e1mba men\u0151 &#8211; vel\u00fck kapcsolatos &#8211; fot\u00f3k, melyekb\u0151l most 25 [&hellip;]<\/p>\n","protected":false},"author":7,"featured_media":149721,"comment_status":"open","ping_status":"closed","sticky":false,"template":"","format":"standard","meta":{"buzzeditor_post_format":""},"categories":[23,9578],"tags":[6443,836,1797,2655],"yoast_head":"<!-- This site is optimized with the Yoast SEO plugin v19.6.1 - https:\/\/yoast.com\/wordpress\/plugins\/seo\/ -->\n<title>25 l\u00e9legzetel\u00e1ll\u00edt\u00f3 t\u00f6rt\u00e9nelmi fot\u00f3, ami ut\u00e1n m\u00e1sk\u00e9pp tekint az ember a vil\u00e1g nevezetess\u00e9geire<\/title>\n<meta name=\"description\" content=\"F\u00f6ld\u00fcnk legh\u00edresebb nevezetess\u00e9geit tulajdonk\u00e9ppen teljesen term\u00e9szetesnek vessz\u00fck, hiszen m\u00e1r j\u00f3val a el\u0151tt\u00fcnk is itt voltak, \u00e9s mivel akkoriban m\u00e9g nem\" \/>\n<meta name=\"robots\" content=\"index, follow, max-snippet:-1, max-image-preview:large, max-video-preview:-1\" \/>\n<link rel=\"canonical\" href=\"https:\/\/liked.hu\/old\/erdekes\/25-lelegzetelallito-tortenelmi-foto\/\" \/>\n<link rel=\"next\" href=\"https:\/\/liked.hu\/old\/erdekes\/25-lelegzetelallito-tortenelmi-foto\/2\/\" \/>\n<meta property=\"og:locale\" content=\"hu_HU\" \/>\n<meta property=\"og:type\" content=\"article\" \/>\n<meta property=\"og:title\" content=\"25 l\u00e9legzetel\u00e1ll\u00edt\u00f3 t\u00f6rt\u00e9nelmi fot\u00f3, ami ut\u00e1n m\u00e1sk\u00e9pp tekint az ember a vil\u00e1g nevezetess\u00e9geire\" \/>\n<meta property=\"og:description\" content=\"F\u00f6ld\u00fcnk legh\u00edresebb nevezetess\u00e9geit tulajdonk\u00e9ppen teljesen term\u00e9szetesnek vessz\u00fck, hiszen m\u00e1r j\u00f3val a el\u0151tt\u00fcnk is itt voltak, \u00e9s mivel akkoriban m\u00e9g nem\" \/>\n<meta property=\"og:url\" content=\"https:\/\/liked.hu\/old\/erdekes\/25-lelegzetelallito-tortenelmi-foto\/\" \/>\n<meta property=\"og:site_name\" content=\"Liked.hu\" \/>\n<meta property=\"article:publisher\" content=\"https:\/\/www.facebook.com\/liked.hu\" \/>\n<meta property=\"article:published_time\" content=\"2019-07-18T21:46:20+00:00\" \/>\n<meta property=\"article:modified_time\" content=\"2022-09-05T18:11:29+00:00\" \/>\n<meta property=\"og:image\" content=\"https:\/\/liked.hu\/old\/wp-content\/uploads\/2019\/07\/Lelegzetelallito-tortenelmi-fotok.jpg\" \/>\n\t<meta property=\"og:image:width\" content=\"1200\" \/>\n\t<meta property=\"og:image:height\" content=\"630\" \/>\n\t<meta property=\"og:image:type\" content=\"image\/jpeg\" \/>\n<meta name=\"author\" content=\"Tiborc\" \/>\n<meta name=\"twitter:card\" content=\"summary\" \/>\n<meta name=\"twitter:creator\" content=\"@LikedHu\" \/>\n<meta name=\"twitter:site\" content=\"@LikedHu\" \/>\n<meta name=\"twitter:label1\" content=\"Szerz\u0151:\" \/>\n\t<meta name=\"twitter:data1\" content=\"Tiborc\" \/>\n\t<meta name=\"twitter:label2\" content=\"Becs\u00fclt olvas\u00e1si id\u0151\" \/>\n\t<meta name=\"twitter:data2\" content=\"1 perc\" \/>\n<script type=\"application\/ld+json\" class=\"yoast-schema-graph\">{\"@context\":\"https:\/\/schema.org\",\"@graph\":[{\"@type\":\"Article\",\"@id\":\"https:\/\/liked.hu\/old\/erdekes\/25-lelegzetelallito-tortenelmi-foto\/#article\",\"isPartOf\":{\"@id\":\"https:\/\/liked.hu\/old\/erdekes\/25-lelegzetelallito-tortenelmi-foto\/\"},\"author\":{\"name\":\"Tiborc\",\"@id\":\"https:\/\/liked.hu\/old\/#\/schema\/person\/8b92210be73c8af1a8255bd30ebe772b\"},\"headline\":\"25 l\u00e9legzetel\u00e1ll\u00edt\u00f3 t\u00f6rt\u00e9nelmi fot\u00f3, ami ut\u00e1n m\u00e1sk\u00e9pp tekint az ember a vil\u00e1g nevezetess\u00e9geire\",\"datePublished\":\"2019-07-18T21:46:20+00:00\",\"dateModified\":\"2022-09-05T18:11:29+00:00\",\"mainEntityOfPage\":{\"@id\":\"https:\/\/liked.hu\/old\/erdekes\/25-lelegzetelallito-tortenelmi-foto\/\"},\"wordCount\":157,\"commentCount\":0,\"publisher\":{\"@id\":\"https:\/\/liked.hu\/old\/#organization\"},\"keywords\":[\"arch\u00edv felv\u00e9telek\",\"fot\u00f3k\",\"m\u00falt\",\"t\u00f6rt\u00e9nelem\"],\"articleSection\":[\"\u00c9rdekess\u00e9gek\",\"Interneten tal\u00e1lt dolgok\"],\"inLanguage\":\"hu\",\"potentialAction\":[{\"@type\":\"CommentAction\",\"name\":\"Comment\",\"target\":[\"https:\/\/liked.hu\/old\/erdekes\/25-lelegzetelallito-tortenelmi-foto\/#respond\"]}]},{\"@type\":\"WebPage\",\"@id\":\"https:\/\/liked.hu\/old\/erdekes\/25-lelegzetelallito-tortenelmi-foto\/\",\"url\":\"https:\/\/liked.hu\/old\/erdekes\/25-lelegzetelallito-tortenelmi-foto\/\",\"name\":\"25 l\u00e9legzetel\u00e1ll\u00edt\u00f3 t\u00f6rt\u00e9nelmi fot\u00f3, ami ut\u00e1n m\u00e1sk\u00e9pp tekint az ember a vil\u00e1g nevezetess\u00e9geire\",\"isPartOf\":{\"@id\":\"https:\/\/liked.hu\/old\/#website\"},\"datePublished\":\"2019-07-18T21:46:20+00:00\",\"dateModified\":\"2022-09-05T18:11:29+00:00\",\"description\":\"F\u00f6ld\u00fcnk legh\u00edresebb nevezetess\u00e9geit tulajdonk\u00e9ppen teljesen term\u00e9szetesnek vessz\u00fck, hiszen m\u00e1r j\u00f3val a el\u0151tt\u00fcnk is itt voltak, \u00e9s mivel akkoriban m\u00e9g nem\",\"breadcrumb\":{\"@id\":\"https:\/\/liked.hu\/old\/erdekes\/25-lelegzetelallito-tortenelmi-foto\/#breadcrumb\"},\"inLanguage\":\"hu\",\"potentialAction\":[{\"@type\":\"ReadAction\",\"target\":[\"https:\/\/liked.hu\/old\/erdekes\/25-lelegzetelallito-tortenelmi-foto\/\"]}]},{\"@type\":\"BreadcrumbList\",\"@id\":\"https:\/\/liked.hu\/old\/erdekes\/25-lelegzetelallito-tortenelmi-foto\/#breadcrumb\",\"itemListElement\":[{\"@type\":\"ListItem\",\"position\":1,\"name\":\"Kezd\u0151lap\"}]},{\"@type\":\"WebSite\",\"@id\":\"https:\/\/liked.hu\/old\/#website\",\"url\":\"https:\/\/liked.hu\/old\/\",\"name\":\"Liked.hu\",\"description\":\"\",\"publisher\":{\"@id\":\"https:\/\/liked.hu\/old\/#organization\"},\"potentialAction\":[{\"@type\":\"SearchAction\",\"target\":{\"@type\":\"EntryPoint\",\"urlTemplate\":\"https:\/\/liked.hu\/old\/?s={search_term_string}\"},\"query-input\":\"required name=search_term_string\"}],\"inLanguage\":\"hu\"},{\"@type\":\"Organization\",\"@id\":\"https:\/\/liked.hu\/old\/#organization\",\"name\":\"Liked.hu\",\"url\":\"https:\/\/liked.hu\/old\/\",\"sameAs\":[\"https:\/\/hu.pinterest.com\/likedhungary\/\",\"https:\/\/www.youtube.com\/channel\/UCPv91dbMoIukYcM9b9nHN6Q\",\"https:\/\/www.facebook.com\/liked.hu\",\"https:\/\/twitter.com\/LikedHu\"],\"logo\":{\"@type\":\"ImageObject\",\"inLanguage\":\"hu\",\"@id\":\"https:\/\/liked.hu\/old\/#\/schema\/logo\/image\/\",\"url\":\"https:\/\/liked.hu\/wp-content\/uploads\/2018\/08\/Liked-icon.png\",\"contentUrl\":\"https:\/\/liked.hu\/wp-content\/uploads\/2018\/08\/Liked-icon.png\",\"width\":512,\"height\":512,\"caption\":\"Liked.hu\"},\"image\":{\"@id\":\"https:\/\/liked.hu\/old\/#\/schema\/logo\/image\/\"}},{\"@type\":\"Person\",\"@id\":\"https:\/\/liked.hu\/old\/#\/schema\/person\/8b92210be73c8af1a8255bd30ebe772b\",\"name\":\"Tiborc\",\"image\":{\"@type\":\"ImageObject\",\"inLanguage\":\"hu\",\"@id\":\"https:\/\/liked.hu\/old\/#\/schema\/person\/image\/\",\"url\":\"https:\/\/liked.hu\/old\/wp-content\/uploads\/avatars\/7\/604de8ed2ffd6-bpfull.jpg\",\"contentUrl\":\"https:\/\/liked.hu\/old\/wp-content\/uploads\/avatars\/7\/604de8ed2ffd6-bpfull.jpg\",\"caption\":\"Tiborc\"},\"url\":\"https:\/\/liked.hu\/old\/u\/tiborc\/\"}]}<\/script>\n<!-- \/ Yoast SEO plugin. -->","yoast_head_json":{"title":"25 l\u00e9legzetel\u00e1ll\u00edt\u00f3 t\u00f6rt\u00e9nelmi fot\u00f3, ami ut\u00e1n m\u00e1sk\u00e9pp tekint az ember a vil\u00e1g nevezetess\u00e9geire","description":"F\u00f6ld\u00fcnk legh\u00edresebb nevezetess\u00e9geit tulajdonk\u00e9ppen teljesen term\u00e9szetesnek vessz\u00fck, hiszen m\u00e1r j\u00f3val a el\u0151tt\u00fcnk is itt voltak, \u00e9s mivel akkoriban m\u00e9g nem","robots":{"index":"index","follow":"follow","max-snippet":"max-snippet:-1","max-image-preview":"max-image-preview:large","max-video-preview":"max-video-preview:-1"},"canonical":"https:\/\/liked.hu\/old\/erdekes\/25-lelegzetelallito-tortenelmi-foto\/","next":"https:\/\/liked.hu\/old\/erdekes\/25-lelegzetelallito-tortenelmi-foto\/2\/","og_locale":"hu_HU","og_type":"article","og_title":"25 l\u00e9legzetel\u00e1ll\u00edt\u00f3 t\u00f6rt\u00e9nelmi fot\u00f3, ami ut\u00e1n m\u00e1sk\u00e9pp tekint az ember a vil\u00e1g nevezetess\u00e9geire","og_description":"F\u00f6ld\u00fcnk legh\u00edresebb nevezetess\u00e9geit tulajdonk\u00e9ppen teljesen term\u00e9szetesnek vessz\u00fck, hiszen m\u00e1r j\u00f3val a el\u0151tt\u00fcnk is itt voltak, \u00e9s mivel akkoriban m\u00e9g nem","og_url":"https:\/\/liked.hu\/old\/erdekes\/25-lelegzetelallito-tortenelmi-foto\/","og_site_name":"Liked.hu","article_publisher":"https:\/\/www.facebook.com\/liked.hu","article_published_time":"2019-07-18T21:46:20+00:00","article_modified_time":"2022-09-05T18:11:29+00:00","og_image":[{"width":1200,"height":630,"url":"https:\/\/liked.hu\/old\/wp-content\/uploads\/2019\/07\/Lelegzetelallito-tortenelmi-fotok.jpg","type":"image\/jpeg"}],"author":"Tiborc","twitter_card":"summary","twitter_creator":"@LikedHu","twitter_site":"@LikedHu","twitter_misc":{"Szerz\u0151:":"Tiborc","Becs\u00fclt olvas\u00e1si id\u0151":"1 perc"},"schema":{"@context":"https:\/\/schema.org","@graph":[{"@type":"Article","@id":"https:\/\/liked.hu\/old\/erdekes\/25-lelegzetelallito-tortenelmi-foto\/#article","isPartOf":{"@id":"https:\/\/liked.hu\/old\/erdekes\/25-lelegzetelallito-tortenelmi-foto\/"},"author":{"name":"Tiborc","@id":"https:\/\/liked.hu\/old\/#\/schema\/person\/8b92210be73c8af1a8255bd30ebe772b"},"headline":"25 l\u00e9legzetel\u00e1ll\u00edt\u00f3 t\u00f6rt\u00e9nelmi fot\u00f3, ami ut\u00e1n m\u00e1sk\u00e9pp tekint az ember a vil\u00e1g nevezetess\u00e9geire","datePublished":"2019-07-18T21:46:20+00:00","dateModified":"2022-09-05T18:11:29+00:00","mainEntityOfPage":{"@id":"https:\/\/liked.hu\/old\/erdekes\/25-lelegzetelallito-tortenelmi-foto\/"},"wordCount":157,"commentCount":0,"publisher":{"@id":"https:\/\/liked.hu\/old\/#organization"},"keywords":["arch\u00edv felv\u00e9telek","fot\u00f3k","m\u00falt","t\u00f6rt\u00e9nelem"],"articleSection":["\u00c9rdekess\u00e9gek","Interneten tal\u00e1lt dolgok"],"inLanguage":"hu","potentialAction":[{"@type":"CommentAction","name":"Comment","target":["https:\/\/liked.hu\/old\/erdekes\/25-lelegzetelallito-tortenelmi-foto\/#respond"]}]},{"@type":"WebPage","@id":"https:\/\/liked.hu\/old\/erdekes\/25-lelegzetelallito-tortenelmi-foto\/","url":"https:\/\/liked.hu\/old\/erdekes\/25-lelegzetelallito-tortenelmi-foto\/","name":"25 l\u00e9legzetel\u00e1ll\u00edt\u00f3 t\u00f6rt\u00e9nelmi fot\u00f3, ami ut\u00e1n m\u00e1sk\u00e9pp tekint az ember a vil\u00e1g nevezetess\u00e9geire","isPartOf":{"@id":"https:\/\/liked.hu\/old\/#website"},"datePublished":"2019-07-18T21:46:20+00:00","dateModified":"2022-09-05T18:11:29+00:00","description":"F\u00f6ld\u00fcnk legh\u00edresebb nevezetess\u00e9geit tulajdonk\u00e9ppen teljesen term\u00e9szetesnek vessz\u00fck, hiszen m\u00e1r j\u00f3val a el\u0151tt\u00fcnk is itt voltak, \u00e9s mivel akkoriban m\u00e9g nem","breadcrumb":{"@id":"https:\/\/liked.hu\/old\/erdekes\/25-lelegzetelallito-tortenelmi-foto\/#breadcrumb"},"inLanguage":"hu","potentialAction":[{"@type":"ReadAction","target":["https:\/\/liked.hu\/old\/erdekes\/25-lelegzetelallito-tortenelmi-foto\/"]}]},{"@type":"BreadcrumbList","@id":"https:\/\/liked.hu\/old\/erdekes\/25-lelegzetelallito-tortenelmi-foto\/#breadcrumb","itemListElement":[{"@type":"ListItem","position":1,"name":"Kezd\u0151lap"}]},{"@type":"WebSite","@id":"https:\/\/liked.hu\/old\/#website","url":"https:\/\/liked.hu\/old\/","name":"Liked.hu","description":"","publisher":{"@id":"https:\/\/liked.hu\/old\/#organization"},"potentialAction":[{"@type":"SearchAction","target":{"@type":"EntryPoint","urlTemplate":"https:\/\/liked.hu\/old\/?s={search_term_string}"},"query-input":"required name=search_term_string"}],"inLanguage":"hu"},{"@type":"Organization","@id":"https:\/\/liked.hu\/old\/#organization","name":"Liked.hu","url":"https:\/\/liked.hu\/old\/","sameAs":["https:\/\/hu.pinterest.com\/likedhungary\/","https:\/\/www.youtube.com\/channel\/UCPv91dbMoIukYcM9b9nHN6Q","https:\/\/www.facebook.com\/liked.hu","https:\/\/twitter.com\/LikedHu"],"logo":{"@type":"ImageObject","inLanguage":"hu","@id":"https:\/\/liked.hu\/old\/#\/schema\/logo\/image\/","url":"https:\/\/liked.hu\/wp-content\/uploads\/2018\/08\/Liked-icon.png","contentUrl":"https:\/\/liked.hu\/wp-content\/uploads\/2018\/08\/Liked-icon.png","width":512,"height":512,"caption":"Liked.hu"},"image":{"@id":"https:\/\/liked.hu\/old\/#\/schema\/logo\/image\/"}},{"@type":"Person","@id":"https:\/\/liked.hu\/old\/#\/schema\/person\/8b92210be73c8af1a8255bd30ebe772b","name":"Tiborc","image":{"@type":"ImageObject","inLanguage":"hu","@id":"https:\/\/liked.hu\/old\/#\/schema\/person\/image\/","url":"https:\/\/liked.hu\/old\/wp-content\/uploads\/avatars\/7\/604de8ed2ffd6-bpfull.jpg","contentUrl":"https:\/\/liked.hu\/old\/wp-content\/uploads\/avatars\/7\/604de8ed2ffd6-bpfull.jpg","caption":"Tiborc"},"url":"https:\/\/liked.hu\/old\/u\/tiborc\/"}]}},"publishpress_future_action":{"enabled":false,"date":"1970-01-01 01:00:00","action":"","terms":[],"taxonomy":"","browser_timezone_offset":0},"_links":{"self":[{"href":"https:\/\/liked.hu\/old\/wp-json\/wp\/v2\/posts\/149720"}],"collection":[{"href":"https:\/\/liked.hu\/old\/wp-json\/wp\/v2\/posts"}],"about":[{"href":"https:\/\/liked.hu\/old\/wp-json\/wp\/v2\/types\/post"}],"author":[{"embeddable":true,"href":"https:\/\/liked.hu\/old\/wp-json\/wp\/v2\/users\/7"}],"replies":[{"embeddable":true,"href":"https:\/\/liked.hu\/old\/wp-json\/wp\/v2\/comments?post=149720"}],"version-history":[{"count":0,"href":"https:\/\/liked.hu\/old\/wp-json\/wp\/v2\/posts\/149720\/revisions"}],"wp:featuredmedia":[{"embeddable":true,"href":"https:\/\/liked.hu\/old\/wp-json\/wp\/v2\/media\/149721"}],"wp:attachment":[{"href":"https:\/\/liked.hu\/old\/wp-json\/wp\/v2\/media?parent=149720"}],"wp:term":[{"taxonomy":"category","embeddable":true,"href":"https:\/\/liked.hu\/old\/wp-json\/wp\/v2\/categories?post=149720"},{"taxonomy":"post_tag","embeddable":true,"href":"https:\/\/liked.hu\/old\/wp-json\/wp\/v2\/tags?post=149720"}],"curies":[{"name":"wp","href":"https:\/\/api.w.org\/{rel}","templated":true}]}}