{"id":144520,"date":"2019-05-31T01:52:29","date_gmt":"2019-05-30T23:52:29","guid":{"rendered":"https:\/\/liked.hu\/old\/?p=144520"},"modified":"2022-09-05T19:43:29","modified_gmt":"2022-09-05T17:43:29","slug":"24-izgalmas-tortenelmi-foto-amit-csak-nagyon-kevesen-lathattak-korabban","status":"publish","type":"post","link":"https:\/\/liked.hu\/old\/internetes-dolgok\/24-izgalmas-tortenelmi-foto-amit-csak-nagyon-kevesen-lathattak-korabban\/","title":{"rendered":"24 izgalmas t\u00f6rt\u00e9nelmi fot\u00f3, amit csak nagyon kevesen l\u00e1thattak kor\u00e1bban"},"content":{"rendered":"<p>B\u00e1r n\u00e9h\u00e1ny \u00e9vtizeddel ezel\u0151tt a fot\u00f3z\u00e1s m\u00e9g j\u00f3val komplik\u00e1ltabb \u00e9s k\u00f6lts\u00e9gesebb folyamat volt, mint napjainkban, a f\u00e9nyk\u00e9pez\u0151g\u00e9pek megjelen\u00e9se \u00f3ta m\u00e1r akkor is minden l\u00e9nyeges pillanatot fot\u00f3kon kereszt\u00fcl \u00f6r\u00f6k\u00edtettek meg az emberek &#8211; hiszen ezek seg\u00edtenek legpontosabban meg\u0151rizni a m\u00faltban t\u00f6rt\u00e9nt esem\u00e9nyek eml\u00e9k\u00e9t.<\/p>\n\n<div style=\"float:none;margin:0px 0 0px 0;text-align:center;\">\n<div class=\"mobileShowkakettes\"><div class=\"mobileShowka2\"><div style=\"padding-top:0px;padding-bottom:15px;min-height: 300px;\"><div class=\"hirdetes\">HIRDET\u00c9S<\/div>\n<!-- 300lista -->\n<ins class=\"adsbygoogle\"\n     style=\"display:inline-block;width:300px;height:250px\"\n     data-ad-client=\"ca-pub-9424088931673893\"\n     data-ad-slot=\"8471340766\"><\/ins>\n<script async>\n     (adsbygoogle = window.adsbygoogle || []).push({});\n<\/script><\/div><\/div><\/div><\/div>\n\n<p>Sz\u00e1mos olyan fot\u00f3 is k\u00e9sz\u00fclt persze a t\u00f6rt\u00e9nelem sor\u00e1n, amir\u0151l csak k\u00e9s\u0151bb, sok-sok id\u0151 m\u00falva der\u00fclt ki, hogy milyen l\u00e9nyeges, izgalmas \u00e9s megism\u00e9telhetetlen pillanatot siker\u00fclt meg\u00f6r\u00f6k\u00edteni \u00e1ltala. Cikk\u00fcnkben most 24 ilyen k\u00e9pet gy\u0171jt\u00f6tt\u00fcnk \u00f6ssze.<\/p>\n<div id=\"zombify-main-section-front\" class=\"zombify-main-section-front zombify-screen zf-media-full\">\r\n\t<link rel=\"stylesheet\" type=\"text\/css\" href=\"https:\/\/liked.hu\/old\/js\/zombify.css\">\r\n    <link rel=\"stylesheet\" type=\"text\/css\" href=\"https:\/\/liked.hu\/old\/wp-content\/themes\/newsy-child\/style.css\">\r\n\t<div class=\"zf-container\">\r\n\t\t<div id=\"zf-list\" class=\"zf-list zf-numbered\">\r\n\t\t\t<ol class=\"zf-structure-list\">\r\n\t\t\t\t\t\t\t\t\t\t<li class=\"zf-list_item\">\r\n\t\t\t\t\t\t\t<div class=\"zf-list_header\">\r\n\t\t\t\t\t\t\t\t<h3 id=\"listaelem1\" class=\"zf-list_title\">\r\n\t\t\t\t\t\t\t\t\t<span class=\"zf-number\">1<\/span>\r\n\t\t\t\t\t\t\t\t\tA fiatal kisfi\u00fa t\u00fcrelmesen v\u00e1rja a sz\u00fclet\u00e9snapi aj\u00e1nd\u00e9k\u00e1t \u00e9desapj\u00e1t\u00f3l, 1929-ben.\t\t\t\t\t\t\t\t<\/h3>\r\n\t\t\t\t\t\t\t<\/div>\r\n\t\t\t\t\t\t\t\t\t\t\t\t\t\t\t<figure class=\"zf-list_media zf-media-wrapper zf-image zf-type-image\">\r\n\t\t\t\t\t\t\t\t\t<div title=\"A fiatal kisfi\u00fa t\u00fcrelmesen v\u00e1rja a sz\u00fclet\u00e9snapi aj\u00e1nd\u00e9k\u00e1t \u00e9desapj\u00e1t\u00f3l, 1929-ben.\" alt=\"A fiatal kisfi\u00fa t\u00fcrelmesen v\u00e1rja a sz\u00fclet\u00e9snapi aj\u00e1nd\u00e9k\u00e1t \u00e9desapj\u00e1t\u00f3l, 1929-ben.\" class=\"zf-media\">\r\n\t\t\t\t\t\t\t\t\t\t<img width=\"480\" height=\"720\" src=\"https:\/\/liked.hu\/old\/wp-content\/uploads\/2019\/05\/D6zwIsNWkAAtC6xformatjpgname900x900.jpg\" class=\"\" alt=\"\" loading=\"lazy\" style=\"\" srcset=\"https:\/\/liked.hu\/old\/wp-content\/uploads\/2019\/05\/D6zwIsNWkAAtC6xformatjpgname900x900.jpg 480w, https:\/\/liked.hu\/old\/wp-content\/uploads\/2019\/05\/D6zwIsNWkAAtC6xformatjpgname900x900-200x300.jpg 200w, https:\/\/liked.hu\/old\/wp-content\/uploads\/2019\/05\/D6zwIsNWkAAtC6xformatjpgname900x900-333x500.jpg 333w, https:\/\/liked.hu\/old\/wp-content\/uploads\/2019\/05\/D6zwIsNWkAAtC6xformatjpgname900x900-360x540.jpg 360w\" sizes=\"(max-width: 480px) 100vw, 480px\" \/>\t\t\t\t\t\t\t\t\t\t\t<figcaption class=\"zf-figcaption\">\r\n\t\t\t\t\t\t\t\t\t\t\t\t\t\t\t\t\t\t\t\t\t\t\t\t<cite>        <a class=\"zf-media_credit\" target=\"_blank\" href=\"https:\/\/liked.hu\/old\/kimeno.php?https:\/\/liked.hu\/kimeno.php?https:\/\/twitter.com\/historyinmoment\/status\/1129541640467746822\" rel=\"nofollow noopener\">twitter<\/a>\r\n        <\/cite>\r\n\r\n\t\t\t\t\t\t\t\t\t\t\t\t\t\t\t\t\t\t\t\t\t\t\t<\/figcaption>\r\n\t\t\t\t\t\t\t\t\t\t\t\t\t\t\t\t\t\t\t<\/div>\r\n\t\t\t\t\t\t\t\t\t<hr \/>\r\n\t\t\t\t\t\t\t\t<\/figure>\r\n\t\t\t\t\t\t\t\t\t\t\t\t\t\t<\/li>\r\n\t\t\t\t\t\t\t\t\t\t\t\t<li class=\"zf-list_item\">\r\n\t\t\t\t\t\t\t<div class=\"zf-list_header\">\r\n\t\t\t\t\t\t\t\t<h3 id=\"listaelem2\" class=\"zf-list_title\">\r\n\t\t\t\t\t\t\t\t\t<span class=\"zf-number\">2<\/span>\r\n\t\t\t\t\t\t\t\t\tN\u0151i szamur\u00e1j az 1800-as \u00e9vekb\u0151l.\t\t\t\t\t\t\t\t<\/h3>\r\n\t\t\t\t\t\t\t<\/div>\r\n\t\t\t\t\t\t\t\t\t\t\t\t\t\t\t<figure class=\"zf-list_media zf-media-wrapper zf-image zf-type-image\">\r\n\t\t\t\t\t\t\t\t\t<div title=\"N\u0151i szamur\u00e1j az 1800-as \u00e9vekb\u0151l.\" alt=\"N\u0151i szamur\u00e1j az 1800-as \u00e9vekb\u0151l.\" class=\"zf-media\">\r\n\t\t\t\t\t\t\t\t\t\t<img width=\"598\" height=\"934\" src=\"https:\/\/liked.hu\/old\/wp-content\/uploads\/2019\/05\/D6nnix6W0AIi9CWformatjpgnamemedium.jpg\" class=\"\" alt=\"\" loading=\"lazy\" style=\"\" srcset=\"https:\/\/liked.hu\/old\/wp-content\/uploads\/2019\/05\/D6nnix6W0AIi9CWformatjpgnamemedium.jpg 598w, https:\/\/liked.hu\/old\/wp-content\/uploads\/2019\/05\/D6nnix6W0AIi9CWformatjpgnamemedium-192x300.jpg 192w, https:\/\/liked.hu\/old\/wp-content\/uploads\/2019\/05\/D6nnix6W0AIi9CWformatjpgnamemedium-320x500.jpg 320w, https:\/\/liked.hu\/old\/wp-content\/uploads\/2019\/05\/D6nnix6W0AIi9CWformatjpgnamemedium-360x562.jpg 360w, https:\/\/liked.hu\/old\/wp-content\/uploads\/2019\/05\/D6nnix6W0AIi9CWformatjpgnamemedium-545x851.jpg 545w\" sizes=\"(max-width: 598px) 100vw, 598px\" \/>\t\t\t\t\t\t\t\t\t\t\t<figcaption class=\"zf-figcaption\">\r\n\t\t\t\t\t\t\t\t\t\t\t\t\t\t\t\t\t\t\t\t\t\t\t\t<cite>        <a class=\"zf-media_credit\" target=\"_blank\" href=\"https:\/\/liked.hu\/old\/kimeno.php?https:\/\/liked.hu\/kimeno.php?https:\/\/twitter.com\/historyinmoment\/status\/1128687768488554497\" rel=\"nofollow noopener\">twitter<\/a>\r\n        <\/cite>\r\n\r\n\t\t\t\t\t\t\t\t\t\t\t\t\t\t\t\t\t\t\t\t\t\t\t<\/figcaption>\r\n\t\t\t\t\t\t\t\t\t\t\t\t\t\t\t\t\t\t\t<\/div>\r\n\t\t\t\t\t\t\t\t\t<hr \/>\r\n\t\t\t\t\t\t\t\t<\/figure>\r\n\t\t\t\t\t\t\t\t\t\t\t\t\t\t<\/li>\r\n\t\t\t\t\t\t\t\t\t\t\t\t<li class=\"zf-list_item\">\r\n\t\t\t\t\t\t\t<div class=\"zf-list_header\">\r\n\t\t\t\t\t\t\t\t<h3 id=\"listaelem3\" class=\"zf-list_title\">\r\n\t\t\t\t\t\t\t\t\t<span class=\"zf-number\">3<\/span>\r\n\t\t\t\t\t\t\t\t\tAz utols\u00f3 fot\u00f3 Hachik\u014d-r\u00f3l, a kuty\u00e1r\u00f3l, aki gazd\u00e1ja hal\u00e1la ut\u00e1n 9 \u00e9vig minden nap v\u00e1rta \u0151t az \u00e1llom\u00e1son.\t\t\t\t\t\t\t\t<\/h3>\r\n\t\t\t\t\t\t\t<\/div>\r\n\t\t\t\t\t\t\t\t\t\t\t\t\t\t\t<figure class=\"zf-list_media zf-media-wrapper zf-image zf-type-image\">\r\n\t\t\t\t\t\t\t\t\t<div title=\"Az utols\u00f3 fot\u00f3 Hachik\u014d-r\u00f3l, a kuty\u00e1r\u00f3l, aki gazd\u00e1ja hal\u00e1la ut\u00e1n 9 \u00e9vig minden nap v\u00e1rta \u0151t az \u00e1llom\u00e1son.\" alt=\"Az utols\u00f3 fot\u00f3 Hachik\u014d-r\u00f3l, a kuty\u00e1r\u00f3l, aki gazd\u00e1ja hal\u00e1la ut\u00e1n 9 \u00e9vig minden nap v\u00e1rta \u0151t az \u00e1llom\u00e1son.\" class=\"zf-media\">\r\n\t\t\t\t\t\t\t\t\t\t<img width=\"599\" height=\"466\" src=\"https:\/\/liked.hu\/old\/wp-content\/uploads\/2019\/05\/D5Vj2o_W0AEEnrdformatjpgnamesmall.jpg\" class=\"\" alt=\"\" loading=\"lazy\" style=\"\" srcset=\"https:\/\/liked.hu\/old\/wp-content\/uploads\/2019\/05\/D5Vj2o_W0AEEnrdformatjpgnamesmall.jpg 599w, https:\/\/liked.hu\/old\/wp-content\/uploads\/2019\/05\/D5Vj2o_W0AEEnrdformatjpgnamesmall-300x233.jpg 300w, https:\/\/liked.hu\/old\/wp-content\/uploads\/2019\/05\/D5Vj2o_W0AEEnrdformatjpgnamesmall-500x389.jpg 500w, https:\/\/liked.hu\/old\/wp-content\/uploads\/2019\/05\/D5Vj2o_W0AEEnrdformatjpgnamesmall-360x280.jpg 360w, https:\/\/liked.hu\/old\/wp-content\/uploads\/2019\/05\/D5Vj2o_W0AEEnrdformatjpgnamesmall-545x424.jpg 545w\" sizes=\"(max-width: 599px) 100vw, 599px\" \/>\t\t\t\t\t\t\t\t\t\t\t<figcaption class=\"zf-figcaption\">\r\n\t\t\t\t\t\t\t\t\t\t\t\t\t\t\t\t\t\t\t\t\t\t\t\t<cite>        <a class=\"zf-media_credit\" target=\"_blank\" href=\"https:\/\/liked.hu\/old\/kimeno.php?https:\/\/liked.hu\/kimeno.php?https:\/\/twitter.com\/historyinmoment\/status\/1122913473967661058\" rel=\"nofollow noopener\">twitter<\/a>\r\n        <\/cite>\r\n\r\n\t\t\t\t\t\t\t\t\t\t\t\t\t\t\t\t\t\t\t\t\t\t\t<\/figcaption>\r\n\t\t\t\t\t\t\t\t\t\t\t\t\t\t\t\t\t\t\t<\/div>\r\n\t\t\t\t\t\t\t\t\t<hr \/>\r\n\t\t\t\t\t\t\t\t<\/figure>\r\n\t\t\t\t\t\t\t\t\t\t\t\t\t\t<\/li>\r\n\t\t\t\t\t\t\t\t\t\t\t\t<li class=\"zf-list_item\">\r\n\t\t\t\t\t\t\t<div class=\"zf-list_header\">\r\n\t\t\t\t\t\t\t\t<h3 id=\"listaelem4\" class=\"zf-list_title\">\r\n\t\t\t\t\t\t\t\t\t<span class=\"zf-number\">4<\/span>\r\n\t\t\t\t\t\t\t\t\tA feles\u00e9g\u00e9nek j\u00e1tsz\u00f3 Louis Armstrong, 1961-ben, Egyiptomban.\t\t\t\t\t\t\t\t<\/h3>\r\n\t\t\t\t\t\t\t<\/div>\r\n\t\t\t\t\t\t\t\t\t\t\t\t\t\t\t<figure class=\"zf-list_media zf-media-wrapper zf-image zf-type-image\">\r\n\t\t\t\t\t\t\t\t\t<div title=\"A feles\u00e9g\u00e9nek j\u00e1tsz\u00f3 Louis Armstrong, 1961-ben, Egyiptomban.\" alt=\"A feles\u00e9g\u00e9nek j\u00e1tsz\u00f3 Louis Armstrong, 1961-ben, Egyiptomban.\" class=\"zf-media\">\r\n\t\t\t\t\t\t\t\t\t\t<img width=\"500\" height=\"513\" src=\"https:\/\/liked.hu\/old\/wp-content\/uploads\/2019\/05\/D6_ELlZX4AAPJXfformatjpgnamesmall.jpg\" class=\"\" alt=\"\" loading=\"lazy\" style=\"\" srcset=\"https:\/\/liked.hu\/old\/wp-content\/uploads\/2019\/05\/D6_ELlZX4AAPJXfformatjpgnamesmall.jpg 500w, https:\/\/liked.hu\/old\/wp-content\/uploads\/2019\/05\/D6_ELlZX4AAPJXfformatjpgnamesmall-292x300.jpg 292w, https:\/\/liked.hu\/old\/wp-content\/uploads\/2019\/05\/D6_ELlZX4AAPJXfformatjpgnamesmall-487x500.jpg 487w, https:\/\/liked.hu\/old\/wp-content\/uploads\/2019\/05\/D6_ELlZX4AAPJXfformatjpgnamesmall-360x369.jpg 360w\" sizes=\"(max-width: 500px) 100vw, 500px\" \/>\t\t\t\t\t\t\t\t\t\t\t<figcaption class=\"zf-figcaption\">\r\n\t\t\t\t\t\t\t\t\t\t\t\t\t\t\t\t\t\t\t\t\t\t\t\t<cite>        <a class=\"zf-media_credit\" target=\"_blank\" href=\"https:\/\/liked.hu\/old\/kimeno.php?https:\/\/liked.hu\/kimeno.php?https:\/\/twitter.com\/historyinmoment\/status\/1130337736337035264\" rel=\"nofollow noopener\">twitter<\/a>\r\n        <\/cite>\r\n\r\n\t\t\t\t\t\t\t\t\t\t\t\t\t\t\t\t\t\t\t\t\t\t\t<\/figcaption>\r\n\t\t\t\t\t\t\t\t\t\t\t\t\t\t\t\t\t\t\t<\/div>\r\n\t\t\t\t\t\t\t\t\t<hr \/>\r\n\t\t\t\t\t\t\t\t<\/figure>\r\n\t\t\t\t\t\t\t\t\t\t\t\t\t\t<\/li>\r\n\t\t\t\t\t\t\t\t\t\t\t\t<li class=\"zf-list_item\">\r\n\t\t\t\t\t\t\t<div class=\"zf-list_header\">\r\n\t\t\t\t\t\t\t\t<h3 id=\"listaelem5\" class=\"zf-list_title\">\r\n\t\t\t\t\t\t\t\t\t<span class=\"zf-number\">5<\/span>\r\n\t\t\t\t\t\t\t\t\tEgy osztr\u00e1k \u00e1rva kisfi\u00fa \u00faj cip\u0151t kapott, 1944-ben.\t\t\t\t\t\t\t\t<\/h3>\r\n\t\t\t\t\t\t\t<\/div>\r\n\t\t\t\t\t\t\t\t\t\t\t\t\t\t\t<figure class=\"zf-list_media zf-media-wrapper zf-image zf-type-image\">\r\n\t\t\t\t\t\t\t\t\t<div title=\"Egy osztr\u00e1k \u00e1rva kisfi\u00fa \u00faj cip\u0151t kapott, 1944-ben.\" alt=\"Egy osztr\u00e1k \u00e1rva kisfi\u00fa \u00faj cip\u0151t kapott, 1944-ben.\" class=\"zf-media\">\r\n\t\t\t\t\t\t\t\t\t\t<img width=\"533\" height=\"738\" src=\"https:\/\/liked.hu\/old\/wp-content\/uploads\/2019\/05\/D6CeXSFW4AEGJvGformatjpgname900x900.jpg\" class=\"\" alt=\"\" loading=\"lazy\" style=\"\" srcset=\"https:\/\/liked.hu\/old\/wp-content\/uploads\/2019\/05\/D6CeXSFW4AEGJvGformatjpgname900x900.jpg 533w, https:\/\/liked.hu\/old\/wp-content\/uploads\/2019\/05\/D6CeXSFW4AEGJvGformatjpgname900x900-217x300.jpg 217w, https:\/\/liked.hu\/old\/wp-content\/uploads\/2019\/05\/D6CeXSFW4AEGJvGformatjpgname900x900-361x500.jpg 361w, https:\/\/liked.hu\/old\/wp-content\/uploads\/2019\/05\/D6CeXSFW4AEGJvGformatjpgname900x900-360x498.jpg 360w\" sizes=\"(max-width: 533px) 100vw, 533px\" \/>\t\t\t\t\t\t\t\t\t\t\t<figcaption class=\"zf-figcaption\">\r\n\t\t\t\t\t\t\t\t\t\t\t\t\t\t\t\t\t\t\t\t\t\t\t\t<cite>        <a class=\"zf-media_credit\" target=\"_blank\" href=\"https:\/\/liked.hu\/old\/kimeno.php?https:\/\/liked.hu\/kimeno.php?https:\/\/twitter.com\/historyinmoment\/status\/1126074031667589120\" rel=\"nofollow noopener\">twitter<\/a>\r\n        <\/cite>\r\n\r\n\t\t\t\t\t\t\t\t\t\t\t\t\t\t\t\t\t\t\t\t\t\t\t<\/figcaption>\r\n\t\t\t\t\t\t\t\t\t\t\t\t\t\t\t\t\t\t\t<\/div>\r\n\t\t\t\t\t\t\t\t\t<hr \/>\r\n\t\t\t\t\t\t\t\t<\/figure>\r\n\t\t\t\t\t\t\t\t\t\t\t\t\t\t<\/li>\r\n\t\t\t\t\t\t\t\t\t\t\t\t<li class=\"zf-list_item\">\r\n\t\t\t\t\t\t\t<div class=\"zf-list_header\">\r\n\t\t\t\t\t\t\t\t<h3 id=\"listaelem6\" class=\"zf-list_title\">\r\n\t\t\t\t\t\t\t\t\t<span class=\"zf-number\">6<\/span>\r\n\t\t\t\t\t\t\t\t\tCharles B. Tripp, a k\u00e9z n\u00e9lk\u00fcli f\u00e9rfi, \u00e9s Eli Bowen a l\u00e1b n\u00e9lk\u00fcli f\u00e9rfi tandemezik, 1890-ben.\t\t\t\t\t\t\t\t<\/h3>\r\n\t\t\t\t\t\t\t<\/div>\r\n\t\t\t\t\t\t\t\t\t\t\t\t\t\t\t<figure class=\"zf-list_media zf-media-wrapper zf-image zf-type-image\">\r\n\t\t\t\t\t\t\t\t\t<div title=\"Charles B. Tripp, a k\u00e9z n\u00e9lk\u00fcli f\u00e9rfi, \u00e9s Eli Bowen a l\u00e1b n\u00e9lk\u00fcli f\u00e9rfi tandemezik, 1890-ben.\" alt=\"Charles B. Tripp, a k\u00e9z n\u00e9lk\u00fcli f\u00e9rfi, \u00e9s Eli Bowen a l\u00e1b n\u00e9lk\u00fcli f\u00e9rfi tandemezik, 1890-ben.\" class=\"zf-media\">\r\n\t\t\t\t\t\t\t\t\t\t<img width=\"600\" height=\"373\" src=\"https:\/\/liked.hu\/old\/wp-content\/uploads\/2019\/05\/Dr3tm1pX4AEM6pLformatjpgnamesmall.jpg\" class=\"\" alt=\"\" loading=\"lazy\" style=\"\" srcset=\"https:\/\/liked.hu\/old\/wp-content\/uploads\/2019\/05\/Dr3tm1pX4AEM6pLformatjpgnamesmall.jpg 600w, https:\/\/liked.hu\/old\/wp-content\/uploads\/2019\/05\/Dr3tm1pX4AEM6pLformatjpgnamesmall-300x187.jpg 300w, https:\/\/liked.hu\/old\/wp-content\/uploads\/2019\/05\/Dr3tm1pX4AEM6pLformatjpgnamesmall-500x311.jpg 500w, https:\/\/liked.hu\/old\/wp-content\/uploads\/2019\/05\/Dr3tm1pX4AEM6pLformatjpgnamesmall-360x224.jpg 360w, https:\/\/liked.hu\/old\/wp-content\/uploads\/2019\/05\/Dr3tm1pX4AEM6pLformatjpgnamesmall-545x339.jpg 545w\" sizes=\"(max-width: 600px) 100vw, 600px\" \/>\t\t\t\t\t\t\t\t\t\t\t<figcaption class=\"zf-figcaption\">\r\n\t\t\t\t\t\t\t\t\t\t\t\t\t\t\t\t\t\t\t\t\t\t\t\t<cite>        <a class=\"zf-media_credit\" target=\"_blank\" href=\"https:\/\/liked.hu\/old\/kimeno.php?https:\/\/liked.hu\/kimeno.php?https:\/\/twitter.com\/historyinmoment\/status\/1062266342848520193\" rel=\"nofollow noopener\">twitter<\/a>\r\n        <\/cite>\r\n\r\n\t\t\t\t\t\t\t\t\t\t\t\t\t\t\t\t\t\t\t\t\t\t\t<\/figcaption>\r\n\t\t\t\t\t\t\t\t\t\t\t\t\t\t\t\t\t\t\t<\/div>\r\n\t\t\t\t\t\t\t\t\t<hr \/>\r\n\t\t\t\t\t\t\t\t<\/figure>\r\n\t\t\t\t\t\t\t\t\t\t\t\t\t\t<\/li>\r\n\t\t\t\t\t\t\t\t\t\t\t\t<li class=\"zf-list_item\">\r\n\t\t\t\t\t\t\t<div class=\"zf-list_header\">\r\n\t\t\t\t\t\t\t\t<h3 id=\"listaelem7\" class=\"zf-list_title\">\r\n\t\t\t\t\t\t\t\t\t<span class=\"zf-number\">7<\/span>\r\n\t\t\t\t\t\t\t\t\tFiatal eszkim\u00f3 kisl\u00e1ny \u00e9s a kuty\u00e1ja, a 20-as \u00e9vekben.\t\t\t\t\t\t\t\t<\/h3>\r\n\t\t\t\t\t\t\t<\/div>\r\n\t\t\t\t\t\t\t\t\t\t\t\t\t\t\t<figure class=\"zf-list_media zf-media-wrapper zf-image zf-type-image\">\r\n\t\t\t\t\t\t\t\t\t<div title=\"Fiatal eszkim\u00f3 kisl\u00e1ny \u00e9s a kuty\u00e1ja, a 20-as \u00e9vekben.\" alt=\"Fiatal eszkim\u00f3 kisl\u00e1ny \u00e9s a kuty\u00e1ja, a 20-as \u00e9vekben.\" class=\"zf-media\">\r\n\t\t\t\t\t\t\t\t\t\t<img width=\"642\" height=\"960\" src=\"https:\/\/liked.hu\/old\/wp-content\/uploads\/2019\/05\/D7RyhILXsAAGeHiformatjpgnamemedium.jpg\" class=\"\" alt=\"\" loading=\"lazy\" style=\"\" srcset=\"https:\/\/liked.hu\/old\/wp-content\/uploads\/2019\/05\/D7RyhILXsAAGeHiformatjpgnamemedium.jpg 642w, https:\/\/liked.hu\/old\/wp-content\/uploads\/2019\/05\/D7RyhILXsAAGeHiformatjpgnamemedium-201x300.jpg 201w, https:\/\/liked.hu\/old\/wp-content\/uploads\/2019\/05\/D7RyhILXsAAGeHiformatjpgnamemedium-334x500.jpg 334w, https:\/\/liked.hu\/old\/wp-content\/uploads\/2019\/05\/D7RyhILXsAAGeHiformatjpgnamemedium-360x538.jpg 360w, https:\/\/liked.hu\/old\/wp-content\/uploads\/2019\/05\/D7RyhILXsAAGeHiformatjpgnamemedium-545x815.jpg 545w\" sizes=\"(max-width: 642px) 100vw, 642px\" \/>\t\t\t\t\t\t\t\t\t\t\t<figcaption class=\"zf-figcaption\">\r\n\t\t\t\t\t\t\t\t\t\t\t\t\t\t\t\t\t\t\t\t\t\t\t\t<cite>        <a class=\"zf-media_credit\" target=\"_blank\" href=\"https:\/\/liked.hu\/old\/kimeno.php?https:\/\/liked.hu\/kimeno.php?https:\/\/twitter.com\/historyinmoment\/status\/1131655321703899137\" rel=\"nofollow noopener\">twitter<\/a>\r\n        <\/cite>\r\n\r\n\t\t\t\t\t\t\t\t\t\t\t\t\t\t\t\t\t\t\t\t\t\t\t<\/figcaption>\r\n\t\t\t\t\t\t\t\t\t\t\t\t\t\t\t\t\t\t\t<\/div>\r\n\t\t\t\t\t\t\t\t\t<hr \/>\r\n\t\t\t\t\t\t\t\t<\/figure>\r\n\t\t\t\t\t\t\t\t\t\t\t\t\t\t<\/li>\r\n\t\t\t\t\t\t\t\t\t\t\t\t<li class=\"zf-list_item\">\r\n\t\t\t\t\t\t\t<div class=\"zf-list_header\">\r\n\t\t\t\t\t\t\t\t<h3 id=\"listaelem8\" class=\"zf-list_title\">\r\n\t\t\t\t\t\t\t\t\t<span class=\"zf-number\">8<\/span>\r\n\t\t\t\t\t\t\t\t\tIr\u00e1ni n\u0151 az ir\u00e1ni iszl\u00e1m forradalom el\u0151tt, 1960-ban.\t\t\t\t\t\t\t\t<\/h3>\r\n\t\t\t\t\t\t\t<\/div>\r\n\t\t\t\t\t\t\t\t\t\t\t\t\t\t\t<figure class=\"zf-list_media zf-media-wrapper zf-image zf-type-image\">\r\n\t\t\t\t\t\t\t\t\t<div title=\"Ir\u00e1ni n\u0151 az ir\u00e1ni iszl\u00e1m forradalom el\u0151tt, 1960-ban.\" alt=\"Ir\u00e1ni n\u0151 az ir\u00e1ni iszl\u00e1m forradalom el\u0151tt, 1960-ban.\" class=\"zf-media\">\r\n\t\t\t\t\t\t\t\t\t\t<img width=\"377\" height=\"537\" src=\"https:\/\/liked.hu\/old\/wp-content\/uploads\/2019\/05\/D5qmW7NXoAELUt_formatjpgnamesmall.jpg\" class=\"\" alt=\"\" loading=\"lazy\" style=\"\" srcset=\"https:\/\/liked.hu\/old\/wp-content\/uploads\/2019\/05\/D5qmW7NXoAELUt_formatjpgnamesmall.jpg 377w, https:\/\/liked.hu\/old\/wp-content\/uploads\/2019\/05\/D5qmW7NXoAELUt_formatjpgnamesmall-211x300.jpg 211w, https:\/\/liked.hu\/old\/wp-content\/uploads\/2019\/05\/D5qmW7NXoAELUt_formatjpgnamesmall-351x500.jpg 351w, https:\/\/liked.hu\/old\/wp-content\/uploads\/2019\/05\/D5qmW7NXoAELUt_formatjpgnamesmall-360x513.jpg 360w\" sizes=\"(max-width: 377px) 100vw, 377px\" \/>\t\t\t\t\t\t\t\t\t\t\t<figcaption class=\"zf-figcaption\">\r\n\t\t\t\t\t\t\t\t\t\t\t\t\t\t\t\t\t\t\t\t\t\t\t\t<cite>        <a class=\"zf-media_credit\" target=\"_blank\" href=\"https:\/\/liked.hu\/old\/kimeno.php?https:\/\/liked.hu\/kimeno.php?https:\/\/twitter.com\/historyinmoment\/status\/1124393972019998721\" rel=\"nofollow noopener\">twitter<\/a>\r\n        <\/cite>\r\n\r\n\t\t\t\t\t\t\t\t\t\t\t\t\t\t\t\t\t\t\t\t\t\t\t<\/figcaption>\r\n\t\t\t\t\t\t\t\t\t\t\t\t\t\t\t\t\t\t\t<\/div>\r\n\t\t\t\t\t\t\t\t\t<hr \/>\r\n\t\t\t\t\t\t\t\t<\/figure>\r\n\t\t\t\t\t\t\t\t\t\t\t\t\t\t<\/li>\r\n\t\t\t\t\t\t\t\t\t<\/ol>\r\n\t\t<\/div>\r\n\t<\/div>\r\n\r\n\t<\/div>\r\n\r\n\r\n<!--nextpage--><div id=\"zombify-main-section-front\" class=\"zombify-main-section-front zombify-screen zf-media-full\">\r\n\t<link rel=\"stylesheet\" type=\"text\/css\" href=\"https:\/\/liked.hu\/old\/js\/zombify.css\">\r\n    <link rel=\"stylesheet\" type=\"text\/css\" href=\"https:\/\/liked.hu\/old\/wp-content\/themes\/newsy-child\/style.css\">\r\n\t<div class=\"zf-container\">\r\n\t\t<div id=\"zf-list\" class=\"zf-list zf-numbered\">\r\n\t\t\t<ol class=\"zf-structure-list\">\r\n\t\t\t\t\t\t\t\t\t\t<li class=\"zf-list_item\">\r\n\t\t\t\t\t\t\t<div class=\"zf-list_header\">\r\n\t\t\t\t\t\t\t\t<h3 id=\"listaelem9\" class=\"zf-list_title\">\r\n\t\t\t\t\t\t\t\t\t<span class=\"zf-number\">9<\/span>\r\n\t\t\t\t\t\t\t\t\tHorg\u00e1szokra v\u00e1r\u00f3 k\u00f3bor macsk\u00e1k G\u00f6r\u00f6gorsz\u00e1gban.\t\t\t\t\t\t\t\t<\/h3>\r\n\t\t\t\t\t\t\t<\/div>\r\n\t\t\t\t\t\t\t\t\t\t\t\t\t\t\t<figure class=\"zf-list_media zf-media-wrapper zf-image zf-type-image\">\r\n\t\t\t\t\t\t\t\t\t<div title=\"Horg\u00e1szokra v\u00e1r\u00f3 k\u00f3bor macsk\u00e1k G\u00f6r\u00f6gorsz\u00e1gban.\" alt=\"Horg\u00e1szokra v\u00e1r\u00f3 k\u00f3bor macsk\u00e1k G\u00f6r\u00f6gorsz\u00e1gban.\" class=\"zf-media\">\r\n\t\t\t\t\t\t\t\t\t\t<img width=\"600\" height=\"842\" src=\"https:\/\/liked.hu\/old\/wp-content\/uploads\/2019\/05\/D68N6P4X4AAVDlVformatjpgname900x900.jpg\" class=\"\" alt=\"\" loading=\"lazy\" style=\"\" srcset=\"https:\/\/liked.hu\/old\/wp-content\/uploads\/2019\/05\/D68N6P4X4AAVDlVformatjpgname900x900.jpg 600w, https:\/\/liked.hu\/old\/wp-content\/uploads\/2019\/05\/D68N6P4X4AAVDlVformatjpgname900x900-214x300.jpg 214w, https:\/\/liked.hu\/old\/wp-content\/uploads\/2019\/05\/D68N6P4X4AAVDlVformatjpgname900x900-356x500.jpg 356w, https:\/\/liked.hu\/old\/wp-content\/uploads\/2019\/05\/D68N6P4X4AAVDlVformatjpgname900x900-360x505.jpg 360w, https:\/\/liked.hu\/old\/wp-content\/uploads\/2019\/05\/D68N6P4X4AAVDlVformatjpgname900x900-545x765.jpg 545w\" sizes=\"(max-width: 600px) 100vw, 600px\" \/>\t\t\t\t\t\t\t\t\t\t\t<figcaption class=\"zf-figcaption\">\r\n\t\t\t\t\t\t\t\t\t\t\t\t\t\t\t\t\t\t\t\t\t\t\t\t<cite>        <a class=\"zf-media_credit\" target=\"_blank\" href=\"https:\/\/liked.hu\/old\/kimeno.php?https:\/\/liked.hu\/kimeno.php?https:\/\/twitter.com\/historyinmoment\/status\/1130137328071127042\" rel=\"nofollow noopener\">twitter<\/a>\r\n        <\/cite>\r\n\r\n\t\t\t\t\t\t\t\t\t\t\t\t\t\t\t\t\t\t\t\t\t\t\t<\/figcaption>\r\n\t\t\t\t\t\t\t\t\t\t\t\t\t\t\t\t\t\t\t<\/div>\r\n\t\t\t\t\t\t\t\t\t<hr \/>\r\n\t\t\t\t\t\t\t\t<\/figure>\r\n\t\t\t\t\t\t\t\t\t\t\t\t\t\t<\/li>\r\n\t\t\t\t\t\t\t\t\t\t\t\t<li class=\"zf-list_item\">\r\n\t\t\t\t\t\t\t<div class=\"zf-list_header\">\r\n\t\t\t\t\t\t\t\t<h3 id=\"listaelem10\" class=\"zf-list_title\">\r\n\t\t\t\t\t\t\t\t\t<span class=\"zf-number\">10<\/span>\r\n\t\t\t\t\t\t\t\t\tMarilyn Monroe smink n\u00e9lk\u00fcl, 1955-ben.\t\t\t\t\t\t\t\t<\/h3>\r\n\t\t\t\t\t\t\t<\/div>\r\n\t\t\t\t\t\t\t\t\t\t\t\t\t\t\t<figure class=\"zf-list_media zf-media-wrapper zf-image zf-type-image\">\r\n\t\t\t\t\t\t\t\t\t<div title=\"Marilyn Monroe smink n\u00e9lk\u00fcl, 1955-ben.\" alt=\"Marilyn Monroe smink n\u00e9lk\u00fcl, 1955-ben.\" class=\"zf-media\">\r\n\t\t\t\t\t\t\t\t\t\t<img width=\"610\" height=\"784\" src=\"https:\/\/liked.hu\/old\/wp-content\/uploads\/2019\/05\/D5Q2aCjWAAASZwkformatjpgname900x900.jpg\" class=\"\" alt=\"\" loading=\"lazy\" style=\"\" srcset=\"https:\/\/liked.hu\/old\/wp-content\/uploads\/2019\/05\/D5Q2aCjWAAASZwkformatjpgname900x900.jpg 610w, https:\/\/liked.hu\/old\/wp-content\/uploads\/2019\/05\/D5Q2aCjWAAASZwkformatjpgname900x900-233x300.jpg 233w, https:\/\/liked.hu\/old\/wp-content\/uploads\/2019\/05\/D5Q2aCjWAAASZwkformatjpgname900x900-389x500.jpg 389w, https:\/\/liked.hu\/old\/wp-content\/uploads\/2019\/05\/D5Q2aCjWAAASZwkformatjpgname900x900-360x463.jpg 360w, https:\/\/liked.hu\/old\/wp-content\/uploads\/2019\/05\/D5Q2aCjWAAASZwkformatjpgname900x900-545x700.jpg 545w\" sizes=\"(max-width: 610px) 100vw, 610px\" \/>\t\t\t\t\t\t\t\t\t\t\t<figcaption class=\"zf-figcaption\">\r\n\t\t\t\t\t\t\t\t\t\t\t\t\t\t\t\t\t\t\t\t\t\t\t\t<cite>        <a class=\"zf-media_credit\" target=\"_blank\" href=\"https:\/\/liked.hu\/old\/kimeno.php?https:\/\/liked.hu\/kimeno.php?https:\/\/twitter.com\/historyinmoment\/status\/1122582029676290049\" rel=\"nofollow noopener\">twitter<\/a>\r\n        <\/cite>\r\n\r\n\t\t\t\t\t\t\t\t\t\t\t\t\t\t\t\t\t\t\t\t\t\t\t<\/figcaption>\r\n\t\t\t\t\t\t\t\t\t\t\t\t\t\t\t\t\t\t\t<\/div>\r\n\t\t\t\t\t\t\t\t\t<hr \/>\r\n\t\t\t\t\t\t\t\t<\/figure>\r\n\t\t\t\t\t\t\t\t\t\t\t\t\t\t<\/li>\r\n\t\t\t\t\t\t\t\t\t\t\t\t<li class=\"zf-list_item\">\r\n\t\t\t\t\t\t\t<div class=\"zf-list_header\">\r\n\t\t\t\t\t\t\t\t<h3 id=\"listaelem11\" class=\"zf-list_title\">\r\n\t\t\t\t\t\t\t\t\t<span class=\"zf-number\">11<\/span>\r\n\t\t\t\t\t\t\t\t\tF\/A\u201318 Hornet t\u00edpus\u00fa vad\u00e1szbomb\u00e1z\u00f3 keltette hangrobban\u00e1s.\t\t\t\t\t\t\t\t<\/h3>\r\n\t\t\t\t\t\t\t<\/div>\r\n\t\t\t\t\t\t\t\t\t\t\t\t\t\t\t<figure class=\"zf-list_media zf-media-wrapper zf-image zf-type-image\">\r\n\t\t\t\t\t\t\t\t\t<div title=\"F\/A\u201318 Hornet t\u00edpus\u00fa vad\u00e1szbomb\u00e1z\u00f3 keltette hangrobban\u00e1s.\" alt=\"F\/A\u201318 Hornet t\u00edpus\u00fa vad\u00e1szbomb\u00e1z\u00f3 keltette hangrobban\u00e1s.\" class=\"zf-media\">\r\n\t\t\t\t\t\t\t\t\t\t<img width=\"846\" height=\"900\" src=\"https:\/\/liked.hu\/old\/wp-content\/uploads\/2019\/05\/D6Z0SOiX4AAB1C5formatjpgname900x900.jpg\" class=\"\" alt=\"\" loading=\"lazy\" style=\"\" srcset=\"https:\/\/liked.hu\/old\/wp-content\/uploads\/2019\/05\/D6Z0SOiX4AAB1C5formatjpgname900x900.jpg 846w, https:\/\/liked.hu\/old\/wp-content\/uploads\/2019\/05\/D6Z0SOiX4AAB1C5formatjpgname900x900-282x300.jpg 282w, https:\/\/liked.hu\/old\/wp-content\/uploads\/2019\/05\/D6Z0SOiX4AAB1C5formatjpgname900x900-768x817.jpg 768w, https:\/\/liked.hu\/old\/wp-content\/uploads\/2019\/05\/D6Z0SOiX4AAB1C5formatjpgname900x900-470x500.jpg 470w, https:\/\/liked.hu\/old\/wp-content\/uploads\/2019\/05\/D6Z0SOiX4AAB1C5formatjpgname900x900-360x383.jpg 360w, https:\/\/liked.hu\/old\/wp-content\/uploads\/2019\/05\/D6Z0SOiX4AAB1C5formatjpgname900x900-545x580.jpg 545w\" sizes=\"(max-width: 846px) 100vw, 846px\" \/>\t\t\t\t\t\t\t\t\t\t\t<figcaption class=\"zf-figcaption\">\r\n\t\t\t\t\t\t\t\t\t\t\t\t\t\t\t\t\t\t\t\t\t\t\t\t<cite>        <a class=\"zf-media_credit\" target=\"_blank\" href=\"https:\/\/liked.hu\/old\/kimeno.php?https:\/\/liked.hu\/kimeno.php?https:\/\/twitter.com\/historyinmoment\/status\/1127716615032901632\" rel=\"nofollow noopener\">twitter<\/a>\r\n        <\/cite>\r\n\r\n\t\t\t\t\t\t\t\t\t\t\t\t\t\t\t\t\t\t\t\t\t\t\t<\/figcaption>\r\n\t\t\t\t\t\t\t\t\t\t\t\t\t\t\t\t\t\t\t<\/div>\r\n\t\t\t\t\t\t\t\t\t<hr \/>\r\n\t\t\t\t\t\t\t\t<\/figure>\r\n\t\t\t\t\t\t\t\t\t\t\t\t\t\t<\/li>\r\n\t\t\t\t\t\t\t\t\t\t\t\t<li class=\"zf-list_item\">\r\n\t\t\t\t\t\t\t<div class=\"zf-list_header\">\r\n\t\t\t\t\t\t\t\t<h3 id=\"listaelem12\" class=\"zf-list_title\">\r\n\t\t\t\t\t\t\t\t\t<span class=\"zf-number\">12<\/span>\r\n\t\t\t\t\t\t\t\t\tNem az okostelefonok \u00e9s a modern technika tett minket antiszoci\u00e1liss\u00e1.\t\t\t\t\t\t\t\t<\/h3>\r\n\t\t\t\t\t\t\t<\/div>\r\n\t\t\t\t\t\t\t\t\t\t\t\t\t\t\t<figure class=\"zf-list_media zf-media-wrapper zf-image zf-type-image\">\r\n\t\t\t\t\t\t\t\t\t<div title=\"Nem az okostelefonok \u00e9s a modern technika tett minket antiszoci\u00e1liss\u00e1.\" alt=\"Nem az okostelefonok \u00e9s a modern technika tett minket antiszoci\u00e1liss\u00e1.\" class=\"zf-media\">\r\n\t\t\t\t\t\t\t\t\t\t<img width=\"900\" height=\"628\" src=\"https:\/\/liked.hu\/old\/wp-content\/uploads\/2019\/05\/D6KcjsEXoAALnijformatjpgname900x900.jpg\" class=\"\" alt=\"\" loading=\"lazy\" style=\"\" srcset=\"https:\/\/liked.hu\/old\/wp-content\/uploads\/2019\/05\/D6KcjsEXoAALnijformatjpgname900x900.jpg 900w, https:\/\/liked.hu\/old\/wp-content\/uploads\/2019\/05\/D6KcjsEXoAALnijformatjpgname900x900-300x209.jpg 300w, https:\/\/liked.hu\/old\/wp-content\/uploads\/2019\/05\/D6KcjsEXoAALnijformatjpgname900x900-768x536.jpg 768w, https:\/\/liked.hu\/old\/wp-content\/uploads\/2019\/05\/D6KcjsEXoAALnijformatjpgname900x900-500x349.jpg 500w, https:\/\/liked.hu\/old\/wp-content\/uploads\/2019\/05\/D6KcjsEXoAALnijformatjpgname900x900-360x251.jpg 360w, https:\/\/liked.hu\/old\/wp-content\/uploads\/2019\/05\/D6KcjsEXoAALnijformatjpgname900x900-545x380.jpg 545w\" sizes=\"(max-width: 900px) 100vw, 900px\" \/>\t\t\t\t\t\t\t\t\t\t\t<figcaption class=\"zf-figcaption\">\r\n\t\t\t\t\t\t\t\t\t\t\t\t\t\t\t\t\t\t\t\t\t\t\t\t<cite>        <a class=\"zf-media_credit\" target=\"_blank\" href=\"https:\/\/liked.hu\/old\/kimeno.php?https:\/\/liked.hu\/kimeno.php?https:\/\/twitter.com\/historyinmoment\/status\/1126634995232202752\" rel=\"nofollow noopener\">twitter<\/a>\r\n        <\/cite>\r\n\r\n\t\t\t\t\t\t\t\t\t\t\t\t\t\t\t\t\t\t\t\t\t\t\t<\/figcaption>\r\n\t\t\t\t\t\t\t\t\t\t\t\t\t\t\t\t\t\t\t<\/div>\r\n\t\t\t\t\t\t\t\t\t<hr \/>\r\n\t\t\t\t\t\t\t\t<\/figure>\r\n\t\t\t\t\t\t\t\t\t\t\t\t\t\t<\/li>\r\n\t\t\t\t\t\t\t\t\t\t\t\t<li class=\"zf-list_item\">\r\n\t\t\t\t\t\t\t<div class=\"zf-list_header\">\r\n\t\t\t\t\t\t\t\t<h3 id=\"listaelem13\" class=\"zf-list_title\">\r\n\t\t\t\t\t\t\t\t\t<span class=\"zf-number\">13<\/span>\r\n\t\t\t\t\t\t\t\t\tAz igazi szerelem t\u00e9nyleg \u00f6r\u00f6kk\u00e9 tart: egy 1972-es ir\u00e1ni \u00e1sat\u00e1s k\u00f6zben felfedezett 6000 \u00e9ves cs\u00f3k.\t\t\t\t\t\t\t\t<\/h3>\r\n\t\t\t\t\t\t\t<\/div>\r\n\t\t\t\t\t\t\t\t\t\t\t\t\t\t\t<figure class=\"zf-list_media zf-media-wrapper zf-image zf-type-image\">\r\n\t\t\t\t\t\t\t\t\t<div title=\"Az igazi szerelem t\u00e9nyleg \u00f6r\u00f6kk\u00e9 tart: egy 1972-es ir\u00e1ni \u00e1sat\u00e1s k\u00f6zben felfedezett 6000 \u00e9ves cs\u00f3k.\" alt=\"Az igazi szerelem t\u00e9nyleg \u00f6r\u00f6kk\u00e9 tart: egy 1972-es ir\u00e1ni \u00e1sat\u00e1s k\u00f6zben felfedezett 6000 \u00e9ves cs\u00f3k.\" class=\"zf-media\">\r\n\t\t\t\t\t\t\t\t\t\t<img width=\"500\" height=\"767\" src=\"https:\/\/liked.hu\/old\/wp-content\/uploads\/2019\/05\/D5aXtKIXsAAGdshformatjpgname900x900.jpg\" class=\"\" alt=\"\" loading=\"lazy\" style=\"\" srcset=\"https:\/\/liked.hu\/old\/wp-content\/uploads\/2019\/05\/D5aXtKIXsAAGdshformatjpgname900x900.jpg 500w, https:\/\/liked.hu\/old\/wp-content\/uploads\/2019\/05\/D5aXtKIXsAAGdshformatjpgname900x900-196x300.jpg 196w, https:\/\/liked.hu\/old\/wp-content\/uploads\/2019\/05\/D5aXtKIXsAAGdshformatjpgname900x900-326x500.jpg 326w, https:\/\/liked.hu\/old\/wp-content\/uploads\/2019\/05\/D5aXtKIXsAAGdshformatjpgname900x900-360x552.jpg 360w\" sizes=\"(max-width: 500px) 100vw, 500px\" \/>\t\t\t\t\t\t\t\t\t\t\t<figcaption class=\"zf-figcaption\">\r\n\t\t\t\t\t\t\t\t\t\t\t\t\t\t\t\t\t\t\t\t\t\t\t\t<cite>        <a class=\"zf-media_credit\" target=\"_blank\" href=\"https:\/\/liked.hu\/old\/kimeno.php?https:\/\/liked.hu\/kimeno.php?https:\/\/twitter.com\/historyinmoment\/status\/1123251960910635018\" rel=\"nofollow noopener\">twitter<\/a>\r\n        <\/cite>\r\n\r\n\t\t\t\t\t\t\t\t\t\t\t\t\t\t\t\t\t\t\t\t\t\t\t<\/figcaption>\r\n\t\t\t\t\t\t\t\t\t\t\t\t\t\t\t\t\t\t\t<\/div>\r\n\t\t\t\t\t\t\t\t\t<hr \/>\r\n\t\t\t\t\t\t\t\t<\/figure>\r\n\t\t\t\t\t\t\t\t\t\t\t\t\t\t<\/li>\r\n\t\t\t\t\t\t\t\t\t\t\t\t<li class=\"zf-list_item\">\r\n\t\t\t\t\t\t\t<div class=\"zf-list_header\">\r\n\t\t\t\t\t\t\t\t<h3 id=\"listaelem14\" class=\"zf-list_title\">\r\n\t\t\t\t\t\t\t\t\t<span class=\"zf-number\">14<\/span>\r\n\t\t\t\t\t\t\t\t\tWilliam Harley \u00e9s Arthur Davidson, 1914.\t\t\t\t\t\t\t\t<\/h3>\r\n\t\t\t\t\t\t\t<\/div>\r\n\t\t\t\t\t\t\t\t\t\t\t\t\t\t\t<figure class=\"zf-list_media zf-media-wrapper zf-image zf-type-image\">\r\n\t\t\t\t\t\t\t\t\t<div title=\"William Harley \u00e9s Arthur Davidson, 1914.\" alt=\"William Harley \u00e9s Arthur Davidson, 1914.\" class=\"zf-media\">\r\n\t\t\t\t\t\t\t\t\t\t<img width=\"600\" height=\"423\" src=\"https:\/\/liked.hu\/old\/wp-content\/uploads\/2019\/05\/D6XOWAYWkAAjKxPformatjpgnamesmall.jpg\" class=\"\" alt=\"\" loading=\"lazy\" style=\"\" srcset=\"https:\/\/liked.hu\/old\/wp-content\/uploads\/2019\/05\/D6XOWAYWkAAjKxPformatjpgnamesmall.jpg 600w, https:\/\/liked.hu\/old\/wp-content\/uploads\/2019\/05\/D6XOWAYWkAAjKxPformatjpgnamesmall-300x212.jpg 300w, https:\/\/liked.hu\/old\/wp-content\/uploads\/2019\/05\/D6XOWAYWkAAjKxPformatjpgnamesmall-500x353.jpg 500w, https:\/\/liked.hu\/old\/wp-content\/uploads\/2019\/05\/D6XOWAYWkAAjKxPformatjpgnamesmall-360x254.jpg 360w, https:\/\/liked.hu\/old\/wp-content\/uploads\/2019\/05\/D6XOWAYWkAAjKxPformatjpgnamesmall-545x384.jpg 545w\" sizes=\"(max-width: 600px) 100vw, 600px\" \/>\t\t\t\t\t\t\t\t\t\t\t<figcaption class=\"zf-figcaption\">\r\n\t\t\t\t\t\t\t\t\t\t\t\t\t\t\t\t\t\t\t\t\t\t\t\t<cite>        <a class=\"zf-media_credit\" target=\"_blank\" href=\"https:\/\/liked.hu\/old\/kimeno.php?https:\/\/liked.hu\/kimeno.php?https:\/\/twitter.com\/historyinmoment\/status\/1127534160892047360\" rel=\"nofollow noopener\">twitter<\/a>\r\n        <\/cite>\r\n\r\n\t\t\t\t\t\t\t\t\t\t\t\t\t\t\t\t\t\t\t\t\t\t\t<\/figcaption>\r\n\t\t\t\t\t\t\t\t\t\t\t\t\t\t\t\t\t\t\t<\/div>\r\n\t\t\t\t\t\t\t\t\t<hr \/>\r\n\t\t\t\t\t\t\t\t<\/figure>\r\n\t\t\t\t\t\t\t\t\t\t\t\t\t\t<\/li>\r\n\t\t\t\t\t\t\t\t\t\t\t\t<li class=\"zf-list_item\">\r\n\t\t\t\t\t\t\t<div class=\"zf-list_header\">\r\n\t\t\t\t\t\t\t\t<h3 id=\"listaelem15\" class=\"zf-list_title\">\r\n\t\t\t\t\t\t\t\t\t<span class=\"zf-number\">15<\/span>\r\n\t\t\t\t\t\t\t\t\tMark Twain, Nikola Tesla laborat\u00f3rium\u00e1ban, 1914-ben.\t\t\t\t\t\t\t\t<\/h3>\r\n\t\t\t\t\t\t\t<\/div>\r\n\t\t\t\t\t\t\t\t\t\t\t\t\t\t\t<figure class=\"zf-list_media zf-media-wrapper zf-image zf-type-image\">\r\n\t\t\t\t\t\t\t\t\t<div title=\"Mark Twain, Nikola Tesla laborat\u00f3rium\u00e1ban, 1914-ben.\" alt=\"Mark Twain, Nikola Tesla laborat\u00f3rium\u00e1ban, 1914-ben.\" class=\"zf-media\">\r\n\t\t\t\t\t\t\t\t\t\t<img width=\"600\" height=\"421\" src=\"https:\/\/liked.hu\/old\/wp-content\/uploads\/2019\/05\/D6EB7qrWsAIpQ7Sformatjpgnamesmall.jpg\" class=\"\" alt=\"\" loading=\"lazy\" style=\"\" srcset=\"https:\/\/liked.hu\/old\/wp-content\/uploads\/2019\/05\/D6EB7qrWsAIpQ7Sformatjpgnamesmall.jpg 600w, https:\/\/liked.hu\/old\/wp-content\/uploads\/2019\/05\/D6EB7qrWsAIpQ7Sformatjpgnamesmall-300x211.jpg 300w, https:\/\/liked.hu\/old\/wp-content\/uploads\/2019\/05\/D6EB7qrWsAIpQ7Sformatjpgnamesmall-500x351.jpg 500w, https:\/\/liked.hu\/old\/wp-content\/uploads\/2019\/05\/D6EB7qrWsAIpQ7Sformatjpgnamesmall-360x253.jpg 360w, https:\/\/liked.hu\/old\/wp-content\/uploads\/2019\/05\/D6EB7qrWsAIpQ7Sformatjpgnamesmall-545x382.jpg 545w\" sizes=\"(max-width: 600px) 100vw, 600px\" \/>\t\t\t\t\t\t\t\t\t\t\t<figcaption class=\"zf-figcaption\">\r\n\t\t\t\t\t\t\t\t\t\t\t\t\t\t\t\t\t\t\t\t\t\t\t\t<cite>        <a class=\"zf-media_credit\" target=\"_blank\" href=\"https:\/\/liked.hu\/old\/kimeno.php?https:\/\/liked.hu\/kimeno.php?https:\/\/twitter.com\/historyinmoment\/status\/1126183507989008385\" rel=\"nofollow noopener\">twitter<\/a>\r\n        <\/cite>\r\n\r\n\t\t\t\t\t\t\t\t\t\t\t\t\t\t\t\t\t\t\t\t\t\t\t<\/figcaption>\r\n\t\t\t\t\t\t\t\t\t\t\t\t\t\t\t\t\t\t\t<\/div>\r\n\t\t\t\t\t\t\t\t\t<hr \/>\r\n\t\t\t\t\t\t\t\t<\/figure>\r\n\t\t\t\t\t\t\t\t\t\t\t\t\t\t<\/li>\r\n\t\t\t\t\t\t\t\t\t\t\t\t<li class=\"zf-list_item\">\r\n\t\t\t\t\t\t\t<div class=\"zf-list_header\">\r\n\t\t\t\t\t\t\t\t<h3 id=\"listaelem16\" class=\"zf-list_title\">\r\n\t\t\t\t\t\t\t\t\t<span class=\"zf-number\">16<\/span>\r\n\t\t\t\t\t\t\t\t\tAmy Winehouse utols\u00f3 koncertje Belgr\u00e1dban, Szerbi\u00e1ban - 2011-ben.\t\t\t\t\t\t\t\t<\/h3>\r\n\t\t\t\t\t\t\t<\/div>\r\n\t\t\t\t\t\t\t\t\t\t\t\t\t\t\t<figure class=\"zf-list_media zf-media-wrapper zf-image zf-type-image\">\r\n\t\t\t\t\t\t\t\t\t<div title=\"Amy Winehouse utols\u00f3 koncertje Belgr\u00e1dban, Szerbi\u00e1ban - 2011-ben.\" alt=\"Amy Winehouse utols\u00f3 koncertje Belgr\u00e1dban, Szerbi\u00e1ban - 2011-ben.\" class=\"zf-media\">\r\n\t\t\t\t\t\t\t\t\t\t<img width=\"599\" height=\"865\" src=\"https:\/\/liked.hu\/old\/wp-content\/uploads\/2019\/05\/D6y_ZHeW4AAYjLjformatjpgname900x900.jpg\" class=\"\" alt=\"\" loading=\"lazy\" style=\"\" srcset=\"https:\/\/liked.hu\/old\/wp-content\/uploads\/2019\/05\/D6y_ZHeW4AAYjLjformatjpgname900x900.jpg 599w, https:\/\/liked.hu\/old\/wp-content\/uploads\/2019\/05\/D6y_ZHeW4AAYjLjformatjpgname900x900-208x300.jpg 208w, https:\/\/liked.hu\/old\/wp-content\/uploads\/2019\/05\/D6y_ZHeW4AAYjLjformatjpgname900x900-346x500.jpg 346w, https:\/\/liked.hu\/old\/wp-content\/uploads\/2019\/05\/D6y_ZHeW4AAYjLjformatjpgname900x900-360x520.jpg 360w, https:\/\/liked.hu\/old\/wp-content\/uploads\/2019\/05\/D6y_ZHeW4AAYjLjformatjpgname900x900-545x787.jpg 545w\" sizes=\"(max-width: 599px) 100vw, 599px\" \/>\t\t\t\t\t\t\t\t\t\t\t<figcaption class=\"zf-figcaption\">\r\n\t\t\t\t\t\t\t\t\t\t\t\t\t\t\t\t\t\t\t\t\t\t\t\t<cite>        <a class=\"zf-media_credit\" target=\"_blank\" href=\"https:\/\/liked.hu\/old\/kimeno.php?https:\/\/liked.hu\/kimeno.php?https:\/\/twitter.com\/historyinmoment\/status\/1129488046326468609\" rel=\"nofollow noopener\">twitter<\/a>\r\n        <\/cite>\r\n\r\n\t\t\t\t\t\t\t\t\t\t\t\t\t\t\t\t\t\t\t\t\t\t\t<\/figcaption>\r\n\t\t\t\t\t\t\t\t\t\t\t\t\t\t\t\t\t\t\t<\/div>\r\n\t\t\t\t\t\t\t\t\t<hr \/>\r\n\t\t\t\t\t\t\t\t<\/figure>\r\n\t\t\t\t\t\t\t\t\t\t\t\t\t\t<\/li>\r\n\t\t\t\t\t\t\t\t\t<\/ol>\r\n\t\t<\/div>\r\n\t<\/div>\r\n\r\n\t<\/div>\r\n\r\n\r\n<!--nextpage--><div id=\"zombify-main-section-front\" class=\"zombify-main-section-front zombify-screen zf-media-full\">\r\n\t<link rel=\"stylesheet\" type=\"text\/css\" href=\"https:\/\/liked.hu\/old\/js\/zombify.css\">\r\n    <link rel=\"stylesheet\" type=\"text\/css\" href=\"https:\/\/liked.hu\/old\/wp-content\/themes\/newsy-child\/style.css\">\r\n\t<div class=\"zf-container\">\r\n\t\t<div id=\"zf-list\" class=\"zf-list zf-numbered\">\r\n\t\t\t<ol class=\"zf-structure-list\">\r\n\t\t\t\t\t\t\t\t\t\t<li class=\"zf-list_item\">\r\n\t\t\t\t\t\t\t<div class=\"zf-list_header\">\r\n\t\t\t\t\t\t\t\t<h3 id=\"listaelem17\" class=\"zf-list_title\">\r\n\t\t\t\t\t\t\t\t\t<span class=\"zf-number\">17<\/span>\r\n\t\t\t\t\t\t\t\t\tMarty, Einstein \u00e9s a Doki - 1989-ben.\t\t\t\t\t\t\t\t<\/h3>\r\n\t\t\t\t\t\t\t<\/div>\r\n\t\t\t\t\t\t\t\t\t\t\t\t\t\t\t<figure class=\"zf-list_media zf-media-wrapper zf-image zf-type-image\">\r\n\t\t\t\t\t\t\t\t\t<div title=\"Marty, Einstein \u00e9s a Doki - 1989-ben.\" alt=\"Marty, Einstein \u00e9s a Doki - 1989-ben.\" class=\"zf-media\">\r\n\t\t\t\t\t\t\t\t\t\t<img width=\"760\" height=\"900\" src=\"https:\/\/liked.hu\/old\/wp-content\/uploads\/2019\/05\/D5MHJEXW0AAN4xmformatjpgname900x900.jpg\" class=\"\" alt=\"\" loading=\"lazy\" style=\"\" srcset=\"https:\/\/liked.hu\/old\/wp-content\/uploads\/2019\/05\/D5MHJEXW0AAN4xmformatjpgname900x900.jpg 760w, https:\/\/liked.hu\/old\/wp-content\/uploads\/2019\/05\/D5MHJEXW0AAN4xmformatjpgname900x900-253x300.jpg 253w, https:\/\/liked.hu\/old\/wp-content\/uploads\/2019\/05\/D5MHJEXW0AAN4xmformatjpgname900x900-422x500.jpg 422w, https:\/\/liked.hu\/old\/wp-content\/uploads\/2019\/05\/D5MHJEXW0AAN4xmformatjpgname900x900-360x426.jpg 360w, https:\/\/liked.hu\/old\/wp-content\/uploads\/2019\/05\/D5MHJEXW0AAN4xmformatjpgname900x900-545x645.jpg 545w\" sizes=\"(max-width: 760px) 100vw, 760px\" \/>\t\t\t\t\t\t\t\t\t\t\t<figcaption class=\"zf-figcaption\">\r\n\t\t\t\t\t\t\t\t\t\t\t\t\t\t\t\t\t\t\t\t\t\t\t\t<cite>        <a class=\"zf-media_credit\" target=\"_blank\" href=\"https:\/\/liked.hu\/old\/kimeno.php?https:\/\/liked.hu\/kimeno.php?https:\/\/twitter.com\/historyinmoment\/status\/1122248586476101633\" rel=\"nofollow noopener\">twitter<\/a>\r\n        <\/cite>\r\n\r\n\t\t\t\t\t\t\t\t\t\t\t\t\t\t\t\t\t\t\t\t\t\t\t<\/figcaption>\r\n\t\t\t\t\t\t\t\t\t\t\t\t\t\t\t\t\t\t\t<\/div>\r\n\t\t\t\t\t\t\t\t\t<hr \/>\r\n\t\t\t\t\t\t\t\t<\/figure>\r\n\t\t\t\t\t\t\t\t\t\t\t\t\t\t<\/li>\r\n\t\t\t\t\t\t\t\t\t\t\t\t<li class=\"zf-list_item\">\r\n\t\t\t\t\t\t\t<div class=\"zf-list_header\">\r\n\t\t\t\t\t\t\t\t<h3 id=\"listaelem18\" class=\"zf-list_title\">\r\n\t\t\t\t\t\t\t\t\t<span class=\"zf-number\">18<\/span>\r\n\t\t\t\t\t\t\t\t\tA \"zebr\u00e1s fot\u00f3ra\" k\u00e9sz\u00fcl\u0151 The Beatles, 1969-ben.\t\t\t\t\t\t\t\t<\/h3>\r\n\t\t\t\t\t\t\t<\/div>\r\n\t\t\t\t\t\t\t\t\t\t\t\t\t\t\t<figure class=\"zf-list_media zf-media-wrapper zf-image zf-type-image\">\r\n\t\t\t\t\t\t\t\t\t<div title=\"A &quot;zebr\u00e1s fot\u00f3ra&quot; k\u00e9sz\u00fcl\u0151 The Beatles, 1969-ben.\" alt=\"A &quot;zebr\u00e1s fot\u00f3ra&quot; k\u00e9sz\u00fcl\u0151 The Beatles, 1969-ben.\" class=\"zf-media\">\r\n\t\t\t\t\t\t\t\t\t\t<img width=\"445\" height=\"700\" src=\"https:\/\/liked.hu\/old\/wp-content\/uploads\/2019\/05\/D7lwX5bWkAAMZP8formatjpgname900x900.jpg\" class=\"\" alt=\"\" loading=\"lazy\" style=\"\" srcset=\"https:\/\/liked.hu\/old\/wp-content\/uploads\/2019\/05\/D7lwX5bWkAAMZP8formatjpgname900x900.jpg 445w, https:\/\/liked.hu\/old\/wp-content\/uploads\/2019\/05\/D7lwX5bWkAAMZP8formatjpgname900x900-191x300.jpg 191w, https:\/\/liked.hu\/old\/wp-content\/uploads\/2019\/05\/D7lwX5bWkAAMZP8formatjpgname900x900-318x500.jpg 318w, https:\/\/liked.hu\/old\/wp-content\/uploads\/2019\/05\/D7lwX5bWkAAMZP8formatjpgname900x900-360x566.jpg 360w\" sizes=\"(max-width: 445px) 100vw, 445px\" \/>\t\t\t\t\t\t\t\t\t\t\t<figcaption class=\"zf-figcaption\">\r\n\t\t\t\t\t\t\t\t\t\t\t\t\t\t\t\t\t\t\t\t\t\t\t\t<cite>        <a class=\"zf-media_credit\" target=\"_blank\" href=\"https:\/\/liked.hu\/old\/kimeno.php?https:\/\/liked.hu\/kimeno.php?https:\/\/twitter.com\/historyinmoment\/status\/1133060338700738560\" rel=\"nofollow noopener\">twitter<\/a>\r\n        <\/cite>\r\n\r\n\t\t\t\t\t\t\t\t\t\t\t\t\t\t\t\t\t\t\t\t\t\t\t<\/figcaption>\r\n\t\t\t\t\t\t\t\t\t\t\t\t\t\t\t\t\t\t\t<\/div>\r\n\t\t\t\t\t\t\t\t\t<hr \/>\r\n\t\t\t\t\t\t\t\t<\/figure>\r\n\t\t\t\t\t\t\t\t\t\t\t\t\t\t<\/li>\r\n\t\t\t\t\t\t\t\t\t\t\t\t<li class=\"zf-list_item\">\r\n\t\t\t\t\t\t\t<div class=\"zf-list_header\">\r\n\t\t\t\t\t\t\t\t<h3 id=\"listaelem19\" class=\"zf-list_title\">\r\n\t\t\t\t\t\t\t\t\t<span class=\"zf-number\">19<\/span>\r\n\t\t\t\t\t\t\t\t\tLeia hercegn\u0151 a tengerparton nyaral \u00e9desapj\u00e1val, 1983-ban.\t\t\t\t\t\t\t\t<\/h3>\r\n\t\t\t\t\t\t\t<\/div>\r\n\t\t\t\t\t\t\t\t\t\t\t\t\t\t\t<figure class=\"zf-list_media zf-media-wrapper zf-image zf-type-image\">\r\n\t\t\t\t\t\t\t\t\t<div title=\"Leia hercegn\u0151 a tengerparton nyaral \u00e9desapj\u00e1val, 1983-ban.\" alt=\"Leia hercegn\u0151 a tengerparton nyaral \u00e9desapj\u00e1val, 1983-ban.\" class=\"zf-media\">\r\n\t\t\t\t\t\t\t\t\t\t<img width=\"896\" height=\"900\" src=\"https:\/\/liked.hu\/old\/wp-content\/uploads\/2019\/05\/D7GoLZPXYAEEz3vformatjpgname900x900.jpg\" class=\"\" alt=\"\" loading=\"lazy\" style=\"\" srcset=\"https:\/\/liked.hu\/old\/wp-content\/uploads\/2019\/05\/D7GoLZPXYAEEz3vformatjpgname900x900.jpg 896w, https:\/\/liked.hu\/old\/wp-content\/uploads\/2019\/05\/D7GoLZPXYAEEz3vformatjpgname900x900-150x150.jpg 150w, https:\/\/liked.hu\/old\/wp-content\/uploads\/2019\/05\/D7GoLZPXYAEEz3vformatjpgname900x900-300x300.jpg 300w, https:\/\/liked.hu\/old\/wp-content\/uploads\/2019\/05\/D7GoLZPXYAEEz3vformatjpgname900x900-768x771.jpg 768w, https:\/\/liked.hu\/old\/wp-content\/uploads\/2019\/05\/D7GoLZPXYAEEz3vformatjpgname900x900-498x500.jpg 498w, https:\/\/liked.hu\/old\/wp-content\/uploads\/2019\/05\/D7GoLZPXYAEEz3vformatjpgname900x900-360x362.jpg 360w, https:\/\/liked.hu\/old\/wp-content\/uploads\/2019\/05\/D7GoLZPXYAEEz3vformatjpgname900x900-545x547.jpg 545w\" sizes=\"(max-width: 896px) 100vw, 896px\" \/>\t\t\t\t\t\t\t\t\t\t\t<figcaption class=\"zf-figcaption\">\r\n\t\t\t\t\t\t\t\t\t\t\t\t\t\t\t\t\t\t\t\t\t\t\t\t<cite>        <a class=\"zf-media_credit\" target=\"_blank\" href=\"https:\/\/liked.hu\/old\/kimeno.php?https:\/\/liked.hu\/kimeno.php?https:\/\/twitter.com\/historyinmoment\/status\/1130869896705921029\" rel=\"nofollow noopener\">twitter<\/a>\r\n        <\/cite>\r\n\r\n\t\t\t\t\t\t\t\t\t\t\t\t\t\t\t\t\t\t\t\t\t\t\t<\/figcaption>\r\n\t\t\t\t\t\t\t\t\t\t\t\t\t\t\t\t\t\t\t<\/div>\r\n\t\t\t\t\t\t\t\t\t<hr \/>\r\n\t\t\t\t\t\t\t\t<\/figure>\r\n\t\t\t\t\t\t\t\t\t\t\t\t\t\t<\/li>\r\n\t\t\t\t\t\t\t\t\t\t\t\t<li class=\"zf-list_item\">\r\n\t\t\t\t\t\t\t<div class=\"zf-list_header\">\r\n\t\t\t\t\t\t\t\t<h3 id=\"listaelem20\" class=\"zf-list_title\">\r\n\t\t\t\t\t\t\t\t\t<span class=\"zf-number\">20<\/span>\r\n\t\t\t\t\t\t\t\t\tFreddie Mercury, 1958.\t\t\t\t\t\t\t\t<\/h3>\r\n\t\t\t\t\t\t\t<\/div>\r\n\t\t\t\t\t\t\t\t\t\t\t\t\t\t\t<figure class=\"zf-list_media zf-media-wrapper zf-image zf-type-image\">\r\n\t\t\t\t\t\t\t\t\t<div title=\"Freddie Mercury, 1958.\" alt=\"Freddie Mercury, 1958.\" class=\"zf-media\">\r\n\t\t\t\t\t\t\t\t\t\t<img width=\"599\" height=\"729\" src=\"https:\/\/liked.hu\/old\/wp-content\/uploads\/2019\/05\/D7AMaN2W0AEzVEvformatjpgname900x900.jpg\" class=\"\" alt=\"\" loading=\"lazy\" style=\"\" srcset=\"https:\/\/liked.hu\/old\/wp-content\/uploads\/2019\/05\/D7AMaN2W0AEzVEvformatjpgname900x900.jpg 599w, https:\/\/liked.hu\/old\/wp-content\/uploads\/2019\/05\/D7AMaN2W0AEzVEvformatjpgname900x900-247x300.jpg 247w, https:\/\/liked.hu\/old\/wp-content\/uploads\/2019\/05\/D7AMaN2W0AEzVEvformatjpgname900x900-411x500.jpg 411w, https:\/\/liked.hu\/old\/wp-content\/uploads\/2019\/05\/D7AMaN2W0AEzVEvformatjpgname900x900-360x438.jpg 360w, https:\/\/liked.hu\/old\/wp-content\/uploads\/2019\/05\/D7AMaN2W0AEzVEvformatjpgname900x900-545x663.jpg 545w\" sizes=\"(max-width: 599px) 100vw, 599px\" \/>\t\t\t\t\t\t\t\t\t\t\t<figcaption class=\"zf-figcaption\">\r\n\t\t\t\t\t\t\t\t\t\t\t\t\t\t\t\t\t\t\t\t\t\t\t\t<cite>        <a class=\"zf-media_credit\" target=\"_blank\" href=\"https:\/\/liked.hu\/old\/kimeno.php?https:\/\/liked.hu\/kimeno.php?https:\/\/twitter.com\/historyinmoment\/status\/1130417152698327041\" rel=\"nofollow noopener\">twitter<\/a>\r\n        <\/cite>\r\n\r\n\t\t\t\t\t\t\t\t\t\t\t\t\t\t\t\t\t\t\t\t\t\t\t<\/figcaption>\r\n\t\t\t\t\t\t\t\t\t\t\t\t\t\t\t\t\t\t\t<\/div>\r\n\t\t\t\t\t\t\t\t\t<hr \/>\r\n\t\t\t\t\t\t\t\t<\/figure>\r\n\t\t\t\t\t\t\t\t\t\t\t\t\t\t<\/li>\r\n\t\t\t\t\t\t\t\t\t\t\t\t<li class=\"zf-list_item\">\r\n\t\t\t\t\t\t\t<div class=\"zf-list_header\">\r\n\t\t\t\t\t\t\t\t<h3 id=\"listaelem21\" class=\"zf-list_title\">\r\n\t\t\t\t\t\t\t\t\t<span class=\"zf-number\">21<\/span>\r\n\t\t\t\t\t\t\t\t\tA vil\u00e1g leggazdagabb ember\u00e9nek, Jeff Bezos-nak az irod\u00e1ja, 1999-ben.\t\t\t\t\t\t\t\t<\/h3>\r\n\t\t\t\t\t\t\t<\/div>\r\n\t\t\t\t\t\t\t\t\t\t\t\t\t\t\t<figure class=\"zf-list_media zf-media-wrapper zf-image zf-type-image\">\r\n\t\t\t\t\t\t\t\t\t<div title=\"A vil\u00e1g leggazdagabb ember\u00e9nek, Jeff Bezos-nak az irod\u00e1ja, 1999-ben.\" alt=\"A vil\u00e1g leggazdagabb ember\u00e9nek, Jeff Bezos-nak az irod\u00e1ja, 1999-ben.\" class=\"zf-media\">\r\n\t\t\t\t\t\t\t\t\t\t<img width=\"800\" height=\"595\" src=\"https:\/\/liked.hu\/old\/wp-content\/uploads\/2019\/05\/D7FbCX1WkAAAfaPformatjpgname900x900.jpg\" class=\"\" alt=\"\" loading=\"lazy\" style=\"\" srcset=\"https:\/\/liked.hu\/old\/wp-content\/uploads\/2019\/05\/D7FbCX1WkAAAfaPformatjpgname900x900.jpg 800w, https:\/\/liked.hu\/old\/wp-content\/uploads\/2019\/05\/D7FbCX1WkAAAfaPformatjpgname900x900-300x223.jpg 300w, https:\/\/liked.hu\/old\/wp-content\/uploads\/2019\/05\/D7FbCX1WkAAAfaPformatjpgname900x900-768x571.jpg 768w, https:\/\/liked.hu\/old\/wp-content\/uploads\/2019\/05\/D7FbCX1WkAAAfaPformatjpgname900x900-500x372.jpg 500w, https:\/\/liked.hu\/old\/wp-content\/uploads\/2019\/05\/D7FbCX1WkAAAfaPformatjpgname900x900-200x150.jpg 200w, https:\/\/liked.hu\/old\/wp-content\/uploads\/2019\/05\/D7FbCX1WkAAAfaPformatjpgname900x900-360x268.jpg 360w, https:\/\/liked.hu\/old\/wp-content\/uploads\/2019\/05\/D7FbCX1WkAAAfaPformatjpgname900x900-545x405.jpg 545w\" sizes=\"(max-width: 800px) 100vw, 800px\" \/>\t\t\t\t\t\t\t\t\t\t\t<figcaption class=\"zf-figcaption\">\r\n\t\t\t\t\t\t\t\t\t\t\t\t\t\t\t\t\t\t\t\t\t\t\t\t<cite>        <a class=\"zf-media_credit\" target=\"_blank\" href=\"https:\/\/liked.hu\/old\/kimeno.php?https:\/\/liked.hu\/kimeno.php?https:\/\/twitter.com\/historyinmoment\/status\/1130785079389773824\" rel=\"nofollow noopener\">twitter<\/a>\r\n        <\/cite>\r\n\r\n\t\t\t\t\t\t\t\t\t\t\t\t\t\t\t\t\t\t\t\t\t\t\t<\/figcaption>\r\n\t\t\t\t\t\t\t\t\t\t\t\t\t\t\t\t\t\t\t<\/div>\r\n\t\t\t\t\t\t\t\t\t<hr \/>\r\n\t\t\t\t\t\t\t\t<\/figure>\r\n\t\t\t\t\t\t\t\t\t\t\t\t\t\t<\/li>\r\n\t\t\t\t\t\t\t\t\t\t\t\t<li class=\"zf-list_item\">\r\n\t\t\t\t\t\t\t<div class=\"zf-list_header\">\r\n\t\t\t\t\t\t\t\t<h3 id=\"listaelem22\" class=\"zf-list_title\">\r\n\t\t\t\t\t\t\t\t\t<span class=\"zf-number\">22<\/span>\r\n\t\t\t\t\t\t\t\t\tRelativit\u00e1selm\u00e9letet oktat\u00f3 Albert Einstein, 1922-ben.\t\t\t\t\t\t\t\t<\/h3>\r\n\t\t\t\t\t\t\t<\/div>\r\n\t\t\t\t\t\t\t\t\t\t\t\t\t\t\t<figure class=\"zf-list_media zf-media-wrapper zf-image zf-type-image\">\r\n\t\t\t\t\t\t\t\t\t<div title=\"Relativit\u00e1selm\u00e9letet oktat\u00f3 Albert Einstein, 1922-ben.\" alt=\"Relativit\u00e1selm\u00e9letet oktat\u00f3 Albert Einstein, 1922-ben.\" class=\"zf-media\">\r\n\t\t\t\t\t\t\t\t\t\t<img width=\"640\" height=\"640\" src=\"https:\/\/liked.hu\/old\/wp-content\/uploads\/2019\/05\/D6ezkSpWwAAb6Snformatjpgnamesmall.jpg\" class=\"\" alt=\"\" loading=\"lazy\" style=\"\" srcset=\"https:\/\/liked.hu\/old\/wp-content\/uploads\/2019\/05\/D6ezkSpWwAAb6Snformatjpgnamesmall.jpg 640w, https:\/\/liked.hu\/old\/wp-content\/uploads\/2019\/05\/D6ezkSpWwAAb6Snformatjpgnamesmall-150x150.jpg 150w, https:\/\/liked.hu\/old\/wp-content\/uploads\/2019\/05\/D6ezkSpWwAAb6Snformatjpgnamesmall-300x300.jpg 300w, https:\/\/liked.hu\/old\/wp-content\/uploads\/2019\/05\/D6ezkSpWwAAb6Snformatjpgnamesmall-500x500.jpg 500w, https:\/\/liked.hu\/old\/wp-content\/uploads\/2019\/05\/D6ezkSpWwAAb6Snformatjpgnamesmall-360x360.jpg 360w, https:\/\/liked.hu\/old\/wp-content\/uploads\/2019\/05\/D6ezkSpWwAAb6Snformatjpgnamesmall-545x545.jpg 545w, https:\/\/liked.hu\/old\/wp-content\/uploads\/2019\/05\/D6ezkSpWwAAb6Snformatjpgnamesmall-350x350.jpg 350w\" sizes=\"(max-width: 640px) 100vw, 640px\" \/>\t\t\t\t\t\t\t\t\t\t\t<figcaption class=\"zf-figcaption\">\r\n\t\t\t\t\t\t\t\t\t\t\t\t\t\t\t\t\t\t\t\t\t\t\t\t<cite>        <a class=\"zf-media_credit\" target=\"_blank\" href=\"https:\/\/liked.hu\/old\/kimeno.php?https:\/\/liked.hu\/kimeno.php?https:\/\/twitter.com\/historyinmoment\/status\/1128067669276622850\" rel=\"nofollow noopener\">twitter<\/a>\r\n        <\/cite>\r\n\r\n\t\t\t\t\t\t\t\t\t\t\t\t\t\t\t\t\t\t\t\t\t\t\t<\/figcaption>\r\n\t\t\t\t\t\t\t\t\t\t\t\t\t\t\t\t\t\t\t<\/div>\r\n\t\t\t\t\t\t\t\t\t<hr \/>\r\n\t\t\t\t\t\t\t\t<\/figure>\r\n\t\t\t\t\t\t\t\t\t\t\t\t\t\t<\/li>\r\n\t\t\t\t\t\t\t\t\t\t\t\t<li class=\"zf-list_item\">\r\n\t\t\t\t\t\t\t<div class=\"zf-list_header\">\r\n\t\t\t\t\t\t\t\t<h3 id=\"listaelem23\" class=\"zf-list_title\">\r\n\t\t\t\t\t\t\t\t\t<span class=\"zf-number\">23<\/span>\r\n\t\t\t\t\t\t\t\t\tVili a farkas, \u00e9s a Gyalogkakukk egyik kezdetleges v\u00e1zlata, 1945-ben.\t\t\t\t\t\t\t\t<\/h3>\r\n\t\t\t\t\t\t\t<\/div>\r\n\t\t\t\t\t\t\t\t\t\t\t\t\t\t\t<figure class=\"zf-list_media zf-media-wrapper zf-image zf-type-image\">\r\n\t\t\t\t\t\t\t\t\t<div title=\"Vili a farkas, \u00e9s a Gyalogkakukk egyik kezdetleges v\u00e1zlata, 1945-ben.\" alt=\"Vili a farkas, \u00e9s a Gyalogkakukk egyik kezdetleges v\u00e1zlata, 1945-ben.\" class=\"zf-media\">\r\n\t\t\t\t\t\t\t\t\t\t<img width=\"900\" height=\"638\" src=\"https:\/\/liked.hu\/old\/wp-content\/uploads\/2019\/05\/D6UgZA5W0AERUh-formatjpgname900x900.jpg\" class=\"\" alt=\"\" loading=\"lazy\" style=\"\" srcset=\"https:\/\/liked.hu\/old\/wp-content\/uploads\/2019\/05\/D6UgZA5W0AERUh-formatjpgname900x900.jpg 900w, https:\/\/liked.hu\/old\/wp-content\/uploads\/2019\/05\/D6UgZA5W0AERUh-formatjpgname900x900-300x213.jpg 300w, https:\/\/liked.hu\/old\/wp-content\/uploads\/2019\/05\/D6UgZA5W0AERUh-formatjpgname900x900-768x544.jpg 768w, https:\/\/liked.hu\/old\/wp-content\/uploads\/2019\/05\/D6UgZA5W0AERUh-formatjpgname900x900-500x354.jpg 500w, https:\/\/liked.hu\/old\/wp-content\/uploads\/2019\/05\/D6UgZA5W0AERUh-formatjpgname900x900-360x255.jpg 360w, https:\/\/liked.hu\/old\/wp-content\/uploads\/2019\/05\/D6UgZA5W0AERUh-formatjpgname900x900-545x386.jpg 545w\" sizes=\"(max-width: 900px) 100vw, 900px\" \/>\t\t\t\t\t\t\t\t\t\t\t<figcaption class=\"zf-figcaption\">\r\n\t\t\t\t\t\t\t\t\t\t\t\t\t\t\t\t\t\t\t\t\t\t\t\t<cite>        <a class=\"zf-media_credit\" target=\"_blank\" href=\"https:\/\/liked.hu\/old\/kimeno.php?https:\/\/liked.hu\/kimeno.php?https:\/\/twitter.com\/historyinmoment\/status\/1127342897756540928\" rel=\"nofollow noopener\">twitter<\/a>\r\n        <\/cite>\r\n\r\n\t\t\t\t\t\t\t\t\t\t\t\t\t\t\t\t\t\t\t\t\t\t\t<\/figcaption>\r\n\t\t\t\t\t\t\t\t\t\t\t\t\t\t\t\t\t\t\t<\/div>\r\n\t\t\t\t\t\t\t\t\t<hr \/>\r\n\t\t\t\t\t\t\t\t<\/figure>\r\n\t\t\t\t\t\t\t\t\t\t\t\t\t\t<\/li>\r\n\t\t\t\t\t\t\t\t\t\t\t\t<li class=\"zf-list_item\">\r\n\t\t\t\t\t\t\t<div class=\"zf-list_header\">\r\n\t\t\t\t\t\t\t\t<h3 id=\"listaelem24\" class=\"zf-list_title\">\r\n\t\t\t\t\t\t\t\t\t<span class=\"zf-number\">24<\/span>\r\n\t\t\t\t\t\t\t\t\tElijah Wood \u00e9s Scarlett Johansson a 90-es \u00e9vek elej\u00e9n.\t\t\t\t\t\t\t\t<\/h3>\r\n\t\t\t\t\t\t\t<\/div>\r\n\t\t\t\t\t\t\t\t\t\t\t\t\t\t\t<figure class=\"zf-list_media zf-media-wrapper zf-image zf-type-image\">\r\n\t\t\t\t\t\t\t\t\t<div title=\"Elijah Wood \u00e9s Scarlett Johansson a 90-es \u00e9vek elej\u00e9n.\" alt=\"Elijah Wood \u00e9s Scarlett Johansson a 90-es \u00e9vek elej\u00e9n.\" class=\"zf-media\">\r\n\t\t\t\t\t\t\t\t\t\t<img width=\"458\" height=\"526\" src=\"https:\/\/liked.hu\/old\/wp-content\/uploads\/2019\/05\/D5ek2uoWkAAqBZHformatjpgnamesmall.jpg\" class=\"\" alt=\"\" loading=\"lazy\" style=\"\" srcset=\"https:\/\/liked.hu\/old\/wp-content\/uploads\/2019\/05\/D5ek2uoWkAAqBZHformatjpgnamesmall.jpg 458w, https:\/\/liked.hu\/old\/wp-content\/uploads\/2019\/05\/D5ek2uoWkAAqBZHformatjpgnamesmall-261x300.jpg 261w, https:\/\/liked.hu\/old\/wp-content\/uploads\/2019\/05\/D5ek2uoWkAAqBZHformatjpgnamesmall-435x500.jpg 435w, https:\/\/liked.hu\/old\/wp-content\/uploads\/2019\/05\/D5ek2uoWkAAqBZHformatjpgnamesmall-360x413.jpg 360w\" sizes=\"(max-width: 458px) 100vw, 458px\" \/>\t\t\t\t\t\t\t\t\t\t\t<figcaption class=\"zf-figcaption\">\r\n\t\t\t\t\t\t\t\t\t\t\t\t\t\t\t\t\t\t\t\t\t\t\t\t<cite>        <a class=\"zf-media_credit\" target=\"_blank\" href=\"https:\/\/liked.hu\/old\/kimeno.php?https:\/\/liked.hu\/kimeno.php?https:\/\/twitter.com\/historyinmoment\/status\/1123547893800034304\" rel=\"nofollow noopener\">twitter<\/a>\r\n        <\/cite>\r\n\r\n\t\t\t\t\t\t\t\t\t\t\t\t\t\t\t\t\t\t\t\t\t\t\t<\/figcaption>\r\n\t\t\t\t\t\t\t\t\t\t\t\t\t\t\t\t\t\t\t<\/div>\r\n\t\t\t\t\t\t\t\t\t<hr \/>\r\n\t\t\t\t\t\t\t\t<\/figure>\r\n\t\t\t\t\t\t\t\t\t\t\t\t\t\t<\/li>\r\n\t\t\t\t\t\t\t\t\t<\/ol>\r\n\t\t<\/div>\r\n\t<\/div>\r\n\r\n\t<\/div>\n","protected":false},"excerpt":{"rendered":"<p>B\u00e1r n\u00e9h\u00e1ny \u00e9vtizeddel ezel\u0151tt a fot\u00f3z\u00e1s m\u00e9g j\u00f3val komplik\u00e1ltabb \u00e9s k\u00f6lts\u00e9gesebb folyamat volt, mint napjainkban, a f\u00e9nyk\u00e9pez\u0151g\u00e9pek megjelen\u00e9se \u00f3ta m\u00e1r akkor is minden l\u00e9nyeges pillanatot fot\u00f3kon kereszt\u00fcl \u00f6r\u00f6k\u00edtettek meg az emberek &#8211; hiszen ezek seg\u00edtenek legpontosabban meg\u0151rizni a m\u00faltban t\u00f6rt\u00e9nt esem\u00e9nyek eml\u00e9k\u00e9t. Sz\u00e1mos olyan fot\u00f3 is k\u00e9sz\u00fclt persze a t\u00f6rt\u00e9nelem sor\u00e1n, amir\u0151l csak k\u00e9s\u0151bb, sok-sok [&hellip;]<\/p>\n","protected":false},"author":7,"featured_media":144521,"comment_status":"open","ping_status":"closed","sticky":false,"template":"","format":"standard","meta":{"buzzeditor_post_format":""},"categories":[9578],"tags":[8424,8425,8274,2655,3848,8423],"yoast_head":"<!-- This site is optimized with the Yoast SEO plugin v19.6.1 - https:\/\/yoast.com\/wordpress\/plugins\/seo\/ -->\n<title>24 izgalmas t\u00f6rt\u00e9nelmi fot\u00f3, amit csak nagyon kevesen l\u00e1thattak kor\u00e1bban<\/title>\n<meta name=\"description\" content=\"B\u00e1r n\u00e9h\u00e1ny \u00e9vtizeddel ezel\u0151tt a fot\u00f3z\u00e1s m\u00e9g j\u00f3val komplik\u00e1ltabb \u00e9s k\u00f6lts\u00e9gesebb folyamat volt, mint napjainkban, a f\u00e9nyk\u00e9pez\u0151g\u00e9pek megjelen\u00e9se \u00f3ta m\u00e1r\" \/>\n<meta name=\"robots\" content=\"index, follow, max-snippet:-1, max-image-preview:large, max-video-preview:-1\" \/>\n<link rel=\"canonical\" href=\"https:\/\/liked.hu\/old\/internetes-dolgok\/24-izgalmas-tortenelmi-foto-amit-csak-nagyon-kevesen-lathattak-korabban\/\" \/>\n<link rel=\"next\" href=\"https:\/\/liked.hu\/old\/internetes-dolgok\/24-izgalmas-tortenelmi-foto-amit-csak-nagyon-kevesen-lathattak-korabban\/2\/\" \/>\n<meta property=\"og:locale\" content=\"hu_HU\" \/>\n<meta property=\"og:type\" content=\"article\" \/>\n<meta property=\"og:title\" content=\"24 izgalmas t\u00f6rt\u00e9nelmi fot\u00f3, amit csak nagyon kevesen l\u00e1thattak kor\u00e1bban\" \/>\n<meta property=\"og:description\" content=\"B\u00e1r n\u00e9h\u00e1ny \u00e9vtizeddel ezel\u0151tt a fot\u00f3z\u00e1s m\u00e9g j\u00f3val komplik\u00e1ltabb \u00e9s k\u00f6lts\u00e9gesebb folyamat volt, mint napjainkban, a f\u00e9nyk\u00e9pez\u0151g\u00e9pek megjelen\u00e9se \u00f3ta m\u00e1r\" \/>\n<meta property=\"og:url\" content=\"https:\/\/liked.hu\/old\/internetes-dolgok\/24-izgalmas-tortenelmi-foto-amit-csak-nagyon-kevesen-lathattak-korabban\/\" \/>\n<meta property=\"og:site_name\" content=\"Liked.hu\" \/>\n<meta property=\"article:publisher\" content=\"https:\/\/www.facebook.com\/liked.hu\" \/>\n<meta property=\"article:published_time\" content=\"2019-05-30T23:52:29+00:00\" \/>\n<meta property=\"article:modified_time\" content=\"2022-09-05T17:43:29+00:00\" \/>\n<meta property=\"og:image\" content=\"https:\/\/liked.hu\/old\/wp-content\/uploads\/2019\/05\/Izgalmas-tortenelmi-pillanatok.jpg\" \/>\n\t<meta property=\"og:image:width\" content=\"1200\" \/>\n\t<meta property=\"og:image:height\" content=\"630\" \/>\n\t<meta property=\"og:image:type\" content=\"image\/jpeg\" \/>\n<meta name=\"author\" content=\"Tiborc\" \/>\n<meta name=\"twitter:card\" content=\"summary\" \/>\n<meta name=\"twitter:creator\" content=\"@LikedHu\" \/>\n<meta name=\"twitter:site\" content=\"@LikedHu\" \/>\n<meta name=\"twitter:label1\" content=\"Szerz\u0151:\" \/>\n\t<meta name=\"twitter:data1\" content=\"Tiborc\" \/>\n\t<meta name=\"twitter:label2\" content=\"Becs\u00fclt olvas\u00e1si id\u0151\" \/>\n\t<meta name=\"twitter:data2\" content=\"1 perc\" \/>\n<script type=\"application\/ld+json\" class=\"yoast-schema-graph\">{\"@context\":\"https:\/\/schema.org\",\"@graph\":[{\"@type\":\"Article\",\"@id\":\"https:\/\/liked.hu\/old\/internetes-dolgok\/24-izgalmas-tortenelmi-foto-amit-csak-nagyon-kevesen-lathattak-korabban\/#article\",\"isPartOf\":{\"@id\":\"https:\/\/liked.hu\/old\/internetes-dolgok\/24-izgalmas-tortenelmi-foto-amit-csak-nagyon-kevesen-lathattak-korabban\/\"},\"author\":{\"name\":\"Tiborc\",\"@id\":\"https:\/\/liked.hu\/old\/#\/schema\/person\/8b92210be73c8af1a8255bd30ebe772b\"},\"headline\":\"24 izgalmas t\u00f6rt\u00e9nelmi fot\u00f3, amit csak nagyon kevesen l\u00e1thattak kor\u00e1bban\",\"datePublished\":\"2019-05-30T23:52:29+00:00\",\"dateModified\":\"2022-09-05T17:43:29+00:00\",\"mainEntityOfPage\":{\"@id\":\"https:\/\/liked.hu\/old\/internetes-dolgok\/24-izgalmas-tortenelmi-foto-amit-csak-nagyon-kevesen-lathattak-korabban\/\"},\"wordCount\":164,\"commentCount\":1,\"publisher\":{\"@id\":\"https:\/\/liked.hu\/old\/#organization\"},\"keywords\":[\"\u00e9rdekes t\u00f6rt\u00e9nelmi fot\u00f3k\",\"l\u00e1tv\u00e1nyos t\u00f6rt\u00e9nelmi fot\u00f3k\",\"r\u00e9gi fot\u00f3k\",\"t\u00f6rt\u00e9nelem\",\"t\u00f6rt\u00e9nelmi fot\u00f3k\",\"t\u00f6rt\u00e9nelmi pillanatok\"],\"articleSection\":[\"Interneten tal\u00e1lt dolgok\"],\"inLanguage\":\"hu\",\"potentialAction\":[{\"@type\":\"CommentAction\",\"name\":\"Comment\",\"target\":[\"https:\/\/liked.hu\/old\/internetes-dolgok\/24-izgalmas-tortenelmi-foto-amit-csak-nagyon-kevesen-lathattak-korabban\/#respond\"]}]},{\"@type\":\"WebPage\",\"@id\":\"https:\/\/liked.hu\/old\/internetes-dolgok\/24-izgalmas-tortenelmi-foto-amit-csak-nagyon-kevesen-lathattak-korabban\/\",\"url\":\"https:\/\/liked.hu\/old\/internetes-dolgok\/24-izgalmas-tortenelmi-foto-amit-csak-nagyon-kevesen-lathattak-korabban\/\",\"name\":\"24 izgalmas t\u00f6rt\u00e9nelmi fot\u00f3, amit csak nagyon kevesen l\u00e1thattak kor\u00e1bban\",\"isPartOf\":{\"@id\":\"https:\/\/liked.hu\/old\/#website\"},\"datePublished\":\"2019-05-30T23:52:29+00:00\",\"dateModified\":\"2022-09-05T17:43:29+00:00\",\"description\":\"B\u00e1r n\u00e9h\u00e1ny \u00e9vtizeddel ezel\u0151tt a fot\u00f3z\u00e1s m\u00e9g j\u00f3val komplik\u00e1ltabb \u00e9s k\u00f6lts\u00e9gesebb folyamat volt, mint napjainkban, a f\u00e9nyk\u00e9pez\u0151g\u00e9pek megjelen\u00e9se \u00f3ta m\u00e1r\",\"breadcrumb\":{\"@id\":\"https:\/\/liked.hu\/old\/internetes-dolgok\/24-izgalmas-tortenelmi-foto-amit-csak-nagyon-kevesen-lathattak-korabban\/#breadcrumb\"},\"inLanguage\":\"hu\",\"potentialAction\":[{\"@type\":\"ReadAction\",\"target\":[\"https:\/\/liked.hu\/old\/internetes-dolgok\/24-izgalmas-tortenelmi-foto-amit-csak-nagyon-kevesen-lathattak-korabban\/\"]}]},{\"@type\":\"BreadcrumbList\",\"@id\":\"https:\/\/liked.hu\/old\/internetes-dolgok\/24-izgalmas-tortenelmi-foto-amit-csak-nagyon-kevesen-lathattak-korabban\/#breadcrumb\",\"itemListElement\":[{\"@type\":\"ListItem\",\"position\":1,\"name\":\"Kezd\u0151lap\"}]},{\"@type\":\"WebSite\",\"@id\":\"https:\/\/liked.hu\/old\/#website\",\"url\":\"https:\/\/liked.hu\/old\/\",\"name\":\"Liked.hu\",\"description\":\"\",\"publisher\":{\"@id\":\"https:\/\/liked.hu\/old\/#organization\"},\"potentialAction\":[{\"@type\":\"SearchAction\",\"target\":{\"@type\":\"EntryPoint\",\"urlTemplate\":\"https:\/\/liked.hu\/old\/?s={search_term_string}\"},\"query-input\":\"required name=search_term_string\"}],\"inLanguage\":\"hu\"},{\"@type\":\"Organization\",\"@id\":\"https:\/\/liked.hu\/old\/#organization\",\"name\":\"Liked.hu\",\"url\":\"https:\/\/liked.hu\/old\/\",\"sameAs\":[\"https:\/\/hu.pinterest.com\/likedhungary\/\",\"https:\/\/www.youtube.com\/channel\/UCPv91dbMoIukYcM9b9nHN6Q\",\"https:\/\/www.facebook.com\/liked.hu\",\"https:\/\/twitter.com\/LikedHu\"],\"logo\":{\"@type\":\"ImageObject\",\"inLanguage\":\"hu\",\"@id\":\"https:\/\/liked.hu\/old\/#\/schema\/logo\/image\/\",\"url\":\"https:\/\/liked.hu\/wp-content\/uploads\/2018\/08\/Liked-icon.png\",\"contentUrl\":\"https:\/\/liked.hu\/wp-content\/uploads\/2018\/08\/Liked-icon.png\",\"width\":512,\"height\":512,\"caption\":\"Liked.hu\"},\"image\":{\"@id\":\"https:\/\/liked.hu\/old\/#\/schema\/logo\/image\/\"}},{\"@type\":\"Person\",\"@id\":\"https:\/\/liked.hu\/old\/#\/schema\/person\/8b92210be73c8af1a8255bd30ebe772b\",\"name\":\"Tiborc\",\"image\":{\"@type\":\"ImageObject\",\"inLanguage\":\"hu\",\"@id\":\"https:\/\/liked.hu\/old\/#\/schema\/person\/image\/\",\"url\":\"https:\/\/liked.hu\/old\/wp-content\/uploads\/avatars\/7\/604de8ed2ffd6-bpfull.jpg\",\"contentUrl\":\"https:\/\/liked.hu\/old\/wp-content\/uploads\/avatars\/7\/604de8ed2ffd6-bpfull.jpg\",\"caption\":\"Tiborc\"},\"url\":\"https:\/\/liked.hu\/old\/u\/tiborc\/\"}]}<\/script>\n<!-- \/ Yoast SEO plugin. -->","yoast_head_json":{"title":"24 izgalmas t\u00f6rt\u00e9nelmi fot\u00f3, amit csak nagyon kevesen l\u00e1thattak kor\u00e1bban","description":"B\u00e1r n\u00e9h\u00e1ny \u00e9vtizeddel ezel\u0151tt a fot\u00f3z\u00e1s m\u00e9g j\u00f3val komplik\u00e1ltabb \u00e9s k\u00f6lts\u00e9gesebb folyamat volt, mint napjainkban, a f\u00e9nyk\u00e9pez\u0151g\u00e9pek megjelen\u00e9se \u00f3ta m\u00e1r","robots":{"index":"index","follow":"follow","max-snippet":"max-snippet:-1","max-image-preview":"max-image-preview:large","max-video-preview":"max-video-preview:-1"},"canonical":"https:\/\/liked.hu\/old\/internetes-dolgok\/24-izgalmas-tortenelmi-foto-amit-csak-nagyon-kevesen-lathattak-korabban\/","next":"https:\/\/liked.hu\/old\/internetes-dolgok\/24-izgalmas-tortenelmi-foto-amit-csak-nagyon-kevesen-lathattak-korabban\/2\/","og_locale":"hu_HU","og_type":"article","og_title":"24 izgalmas t\u00f6rt\u00e9nelmi fot\u00f3, amit csak nagyon kevesen l\u00e1thattak kor\u00e1bban","og_description":"B\u00e1r n\u00e9h\u00e1ny \u00e9vtizeddel ezel\u0151tt a fot\u00f3z\u00e1s m\u00e9g j\u00f3val komplik\u00e1ltabb \u00e9s k\u00f6lts\u00e9gesebb folyamat volt, mint napjainkban, a f\u00e9nyk\u00e9pez\u0151g\u00e9pek megjelen\u00e9se \u00f3ta m\u00e1r","og_url":"https:\/\/liked.hu\/old\/internetes-dolgok\/24-izgalmas-tortenelmi-foto-amit-csak-nagyon-kevesen-lathattak-korabban\/","og_site_name":"Liked.hu","article_publisher":"https:\/\/www.facebook.com\/liked.hu","article_published_time":"2019-05-30T23:52:29+00:00","article_modified_time":"2022-09-05T17:43:29+00:00","og_image":[{"width":1200,"height":630,"url":"https:\/\/liked.hu\/old\/wp-content\/uploads\/2019\/05\/Izgalmas-tortenelmi-pillanatok.jpg","type":"image\/jpeg"}],"author":"Tiborc","twitter_card":"summary","twitter_creator":"@LikedHu","twitter_site":"@LikedHu","twitter_misc":{"Szerz\u0151:":"Tiborc","Becs\u00fclt olvas\u00e1si id\u0151":"1 perc"},"schema":{"@context":"https:\/\/schema.org","@graph":[{"@type":"Article","@id":"https:\/\/liked.hu\/old\/internetes-dolgok\/24-izgalmas-tortenelmi-foto-amit-csak-nagyon-kevesen-lathattak-korabban\/#article","isPartOf":{"@id":"https:\/\/liked.hu\/old\/internetes-dolgok\/24-izgalmas-tortenelmi-foto-amit-csak-nagyon-kevesen-lathattak-korabban\/"},"author":{"name":"Tiborc","@id":"https:\/\/liked.hu\/old\/#\/schema\/person\/8b92210be73c8af1a8255bd30ebe772b"},"headline":"24 izgalmas t\u00f6rt\u00e9nelmi fot\u00f3, amit csak nagyon kevesen l\u00e1thattak kor\u00e1bban","datePublished":"2019-05-30T23:52:29+00:00","dateModified":"2022-09-05T17:43:29+00:00","mainEntityOfPage":{"@id":"https:\/\/liked.hu\/old\/internetes-dolgok\/24-izgalmas-tortenelmi-foto-amit-csak-nagyon-kevesen-lathattak-korabban\/"},"wordCount":164,"commentCount":1,"publisher":{"@id":"https:\/\/liked.hu\/old\/#organization"},"keywords":["\u00e9rdekes t\u00f6rt\u00e9nelmi fot\u00f3k","l\u00e1tv\u00e1nyos t\u00f6rt\u00e9nelmi fot\u00f3k","r\u00e9gi fot\u00f3k","t\u00f6rt\u00e9nelem","t\u00f6rt\u00e9nelmi fot\u00f3k","t\u00f6rt\u00e9nelmi pillanatok"],"articleSection":["Interneten tal\u00e1lt dolgok"],"inLanguage":"hu","potentialAction":[{"@type":"CommentAction","name":"Comment","target":["https:\/\/liked.hu\/old\/internetes-dolgok\/24-izgalmas-tortenelmi-foto-amit-csak-nagyon-kevesen-lathattak-korabban\/#respond"]}]},{"@type":"WebPage","@id":"https:\/\/liked.hu\/old\/internetes-dolgok\/24-izgalmas-tortenelmi-foto-amit-csak-nagyon-kevesen-lathattak-korabban\/","url":"https:\/\/liked.hu\/old\/internetes-dolgok\/24-izgalmas-tortenelmi-foto-amit-csak-nagyon-kevesen-lathattak-korabban\/","name":"24 izgalmas t\u00f6rt\u00e9nelmi fot\u00f3, amit csak nagyon kevesen l\u00e1thattak kor\u00e1bban","isPartOf":{"@id":"https:\/\/liked.hu\/old\/#website"},"datePublished":"2019-05-30T23:52:29+00:00","dateModified":"2022-09-05T17:43:29+00:00","description":"B\u00e1r n\u00e9h\u00e1ny \u00e9vtizeddel ezel\u0151tt a fot\u00f3z\u00e1s m\u00e9g j\u00f3val komplik\u00e1ltabb \u00e9s k\u00f6lts\u00e9gesebb folyamat volt, mint napjainkban, a f\u00e9nyk\u00e9pez\u0151g\u00e9pek megjelen\u00e9se \u00f3ta m\u00e1r","breadcrumb":{"@id":"https:\/\/liked.hu\/old\/internetes-dolgok\/24-izgalmas-tortenelmi-foto-amit-csak-nagyon-kevesen-lathattak-korabban\/#breadcrumb"},"inLanguage":"hu","potentialAction":[{"@type":"ReadAction","target":["https:\/\/liked.hu\/old\/internetes-dolgok\/24-izgalmas-tortenelmi-foto-amit-csak-nagyon-kevesen-lathattak-korabban\/"]}]},{"@type":"BreadcrumbList","@id":"https:\/\/liked.hu\/old\/internetes-dolgok\/24-izgalmas-tortenelmi-foto-amit-csak-nagyon-kevesen-lathattak-korabban\/#breadcrumb","itemListElement":[{"@type":"ListItem","position":1,"name":"Kezd\u0151lap"}]},{"@type":"WebSite","@id":"https:\/\/liked.hu\/old\/#website","url":"https:\/\/liked.hu\/old\/","name":"Liked.hu","description":"","publisher":{"@id":"https:\/\/liked.hu\/old\/#organization"},"potentialAction":[{"@type":"SearchAction","target":{"@type":"EntryPoint","urlTemplate":"https:\/\/liked.hu\/old\/?s={search_term_string}"},"query-input":"required name=search_term_string"}],"inLanguage":"hu"},{"@type":"Organization","@id":"https:\/\/liked.hu\/old\/#organization","name":"Liked.hu","url":"https:\/\/liked.hu\/old\/","sameAs":["https:\/\/hu.pinterest.com\/likedhungary\/","https:\/\/www.youtube.com\/channel\/UCPv91dbMoIukYcM9b9nHN6Q","https:\/\/www.facebook.com\/liked.hu","https:\/\/twitter.com\/LikedHu"],"logo":{"@type":"ImageObject","inLanguage":"hu","@id":"https:\/\/liked.hu\/old\/#\/schema\/logo\/image\/","url":"https:\/\/liked.hu\/wp-content\/uploads\/2018\/08\/Liked-icon.png","contentUrl":"https:\/\/liked.hu\/wp-content\/uploads\/2018\/08\/Liked-icon.png","width":512,"height":512,"caption":"Liked.hu"},"image":{"@id":"https:\/\/liked.hu\/old\/#\/schema\/logo\/image\/"}},{"@type":"Person","@id":"https:\/\/liked.hu\/old\/#\/schema\/person\/8b92210be73c8af1a8255bd30ebe772b","name":"Tiborc","image":{"@type":"ImageObject","inLanguage":"hu","@id":"https:\/\/liked.hu\/old\/#\/schema\/person\/image\/","url":"https:\/\/liked.hu\/old\/wp-content\/uploads\/avatars\/7\/604de8ed2ffd6-bpfull.jpg","contentUrl":"https:\/\/liked.hu\/old\/wp-content\/uploads\/avatars\/7\/604de8ed2ffd6-bpfull.jpg","caption":"Tiborc"},"url":"https:\/\/liked.hu\/old\/u\/tiborc\/"}]}},"publishpress_future_action":{"enabled":false,"date":"1970-01-01 01:00:00","action":"","terms":[],"taxonomy":"","browser_timezone_offset":0},"_links":{"self":[{"href":"https:\/\/liked.hu\/old\/wp-json\/wp\/v2\/posts\/144520"}],"collection":[{"href":"https:\/\/liked.hu\/old\/wp-json\/wp\/v2\/posts"}],"about":[{"href":"https:\/\/liked.hu\/old\/wp-json\/wp\/v2\/types\/post"}],"author":[{"embeddable":true,"href":"https:\/\/liked.hu\/old\/wp-json\/wp\/v2\/users\/7"}],"replies":[{"embeddable":true,"href":"https:\/\/liked.hu\/old\/wp-json\/wp\/v2\/comments?post=144520"}],"version-history":[{"count":0,"href":"https:\/\/liked.hu\/old\/wp-json\/wp\/v2\/posts\/144520\/revisions"}],"wp:featuredmedia":[{"embeddable":true,"href":"https:\/\/liked.hu\/old\/wp-json\/wp\/v2\/media\/144521"}],"wp:attachment":[{"href":"https:\/\/liked.hu\/old\/wp-json\/wp\/v2\/media?parent=144520"}],"wp:term":[{"taxonomy":"category","embeddable":true,"href":"https:\/\/liked.hu\/old\/wp-json\/wp\/v2\/categories?post=144520"},{"taxonomy":"post_tag","embeddable":true,"href":"https:\/\/liked.hu\/old\/wp-json\/wp\/v2\/tags?post=144520"}],"curies":[{"name":"wp","href":"https:\/\/api.w.org\/{rel}","templated":true}]}}