{"id":143198,"date":"2021-09-09T14:50:07","date_gmt":"2021-09-09T12:50:07","guid":{"rendered":"https:\/\/liked.hu\/old\/?p=143198"},"modified":"2021-09-09T14:54:22","modified_gmt":"2021-09-09T12:54:22","slug":"12-rejtelyes-tortenelmi-esemeny","status":"publish","type":"post","link":"https:\/\/liked.hu\/old\/erdekes\/12-rejtelyes-tortenelmi-esemeny\/","title":{"rendered":"12 rejt\u00e9lyes t\u00f6rt\u00e9nelmi esem\u00e9ny, amir\u0151l m\u00e9g ma is vitatkoznak a tud\u00f3sok"},"content":{"rendered":"<p style=\"text-align: center\">\n<div style=\"float:none;margin:0px 0 0px 0;text-align:center;\">\n<div class=\"mobileShowkakettes\"><div class=\"mobileShowka2\"><div style=\"padding-top:0px;padding-bottom:15px;min-height: 300px;\"><div class=\"hirdetes\">HIRDET\u00c9S<\/div>\n<!-- 300lista -->\n<ins class=\"adsbygoogle\"\n     style=\"display:inline-block;width:300px;height:250px\"\n     data-ad-client=\"ca-pub-9424088931673893\"\n     data-ad-slot=\"8471340766\"><\/ins>\n<script async>\n     (adsbygoogle = window.adsbygoogle || []).push({});\n<\/script><\/div><\/div><\/div><\/div>\n<p>Hi\u00e1ba kaptak azonban nagy figyelmet, hi\u00e1ba tanulm\u00e1nyozta \u0151ket tud\u00f3sok sokas\u00e1ga, a rajtuk l\u00e1that\u00f3 furcsa esem\u00e9nyekre a mai napig sem siker\u00fclt elfogadhat\u00f3 \u00e9s helyt\u00e1ll\u00f3 magyar\u00e1zatot tal\u00e1lni.<\/p>\n<div id=\"zombify-main-section-front\" class=\"zombify-main-section-front zombify-screen zf-media-full\">\r\n\t<link rel=\"stylesheet\" type=\"text\/css\" href=\"https:\/\/liked.hu\/old\/js\/zombify.css\">\r\n    <link rel=\"stylesheet\" type=\"text\/css\" href=\"https:\/\/liked.hu\/old\/wp-content\/themes\/newsy-child\/style.css\">\r\n\t<div class=\"zf-container\">\r\n\t\t<div id=\"zf-list\" class=\"zf-list zf-numbered\">\r\n\t\t\t<ol class=\"zf-structure-list\">\r\n\t\t\t\t\t\t\t\t\t\t<li class=\"zf-list_item\">\r\n\t\t\t\t\t\t\t<div class=\"zf-list_header\">\r\n\t\t\t\t\t\t\t\t<h3 id=\"listaelem1\" class=\"zf-list_title\">\r\n\t\t\t\t\t\t\t\t\t<span class=\"zf-number\">1<\/span>\r\n\t\t\t\t\t\t\t\t\tA hook-szigeti tengeri sz\u00f6rny.\t\t\t\t\t\t\t\t<\/h3>\r\n\t\t\t\t\t\t\t<\/div>\r\n\t\t\t\t\t\t\t\t\t\t\t\t\t\t\t<figure class=\"zf-list_media zf-media-wrapper zf-image zf-type-image\">\r\n\t\t\t\t\t\t\t\t\t<div title=\"A hook-szigeti tengeri sz\u00f6rny.\" alt=\"A hook-szigeti tengeri sz\u00f6rny.\" class=\"zf-media\">\r\n\t\t\t\t\t\t\t\t\t\t<img width=\"650\" height=\"365\" src=\"https:\/\/liked.hu\/old\/wp-content\/uploads\/2019\/05\/rtf1.jpg\" class=\"\" alt=\"\" loading=\"lazy\" style=\"\" srcset=\"https:\/\/liked.hu\/old\/wp-content\/uploads\/2019\/05\/rtf1.jpg 650w, https:\/\/liked.hu\/old\/wp-content\/uploads\/2019\/05\/rtf1-300x168.jpg 300w, https:\/\/liked.hu\/old\/wp-content\/uploads\/2019\/05\/rtf1-500x281.jpg 500w, https:\/\/liked.hu\/old\/wp-content\/uploads\/2019\/05\/rtf1-360x202.jpg 360w, https:\/\/liked.hu\/old\/wp-content\/uploads\/2019\/05\/rtf1-545x306.jpg 545w\" sizes=\"(max-width: 650px) 100vw, 650px\" \/>\t\t\t\t\t\t\t\t\t\t\t<figcaption class=\"zf-figcaption\">\r\n\t\t\t\t\t\t\t\t\t\t\t\t\t\t\t\t\t\t\t\t\t\t\t\t<cite>        <a class=\"zf-media_credit\" target=\"_blank\" href=\"https:\/\/liked.hu\/old\/kimeno.php?https:\/\/liked.hu\/kimeno.php?https:\/\/google.hu\" rel=\"nofollow noopener\">forr\u00e1s<\/a>\r\n        <\/cite>\r\n\r\n\t\t\t\t\t\t\t\t\t\t\t\t\t\t\t\t\t\t\t\t\t\t\t<\/figcaption>\r\n\t\t\t\t\t\t\t\t\t\t\t\t\t\t\t\t\t\t\t<\/div>\r\n\t\t\t\t\t\t\t\t\t<hr \/>\r\n\t\t\t\t\t\t\t\t<\/figure>\r\n\t\t\t\t\t\t\t\t\t\t\t\t\t\t\t\t<div class=\"zf-list_description\"><p>Ez a f\u00e9nyk\u00e9p 1965-ben k\u00e9sz\u00fclt, szint\u00e9n j\u00f3val a sz\u00e1m\u00edt\u00f3g\u00e9pek elterjed\u00e9se \u00e9s a Photoshop megjelen\u00e9se el\u0151tt. A k\u00e9p k\u00f6r\u00fcl kialakult rejt\u00e9lyt tov\u00e1bb bonyol\u00edtotta, hogy ezt a felv\u00e9telt nem egy n\u00e9vtelen ,,\u00fatsz\u00e9li suhanc\", hanem <strong>Robert Le Serrec&nbsp;<\/strong>elismert f\u00e9nyk\u00e9p\u00e9sz k\u00e9sz\u00edtette. A k\u00fcl\u00f6n\u00f6s tengeri l\u00e9nyt \u00e1br\u00e1zol\u00f3 k\u00e9p az ausztr\u00e1liai Hook-sziget partjain\u00e1l k\u00e9sz\u00fclt \u00e9s t\u00f6bben is jelen voltak a felt\u0171n\u00e9s\u00e9n\u00e9l, egyhang\u00fa d\u00f6nt\u00e9s azonban nincs vele kapcsolatban, a tengerbiol\u00f3gusok k\u00f6zt m\u00e9g ma is vitatott, hogy pontosan mi is l\u00e1that\u00f3 rajta.<\/p><\/div>\r\n\t\t\t\t\t\t\t\t\t\t\t\t\t<\/li>\r\n\t\t\t\t\t\t\t\t\t\t\t\t<li class=\"zf-list_item\">\r\n\t\t\t\t\t\t\t<div class=\"zf-list_header\">\r\n\t\t\t\t\t\t\t\t<h3 id=\"listaelem2\" class=\"zf-list_title\">\r\n\t\t\t\t\t\t\t\t\t<span class=\"zf-number\">2<\/span>\r\n\t\t\t\t\t\t\t\t\tA Hessdalen-f\u00e9nyek.\t\t\t\t\t\t\t\t<\/h3>\r\n\t\t\t\t\t\t\t<\/div>\r\n\t\t\t\t\t\t\t\t\t\t\t\t\t\t\t<figure class=\"zf-list_media zf-media-wrapper zf-image zf-type-image\">\r\n\t\t\t\t\t\t\t\t\t<div title=\"A Hessdalen-f\u00e9nyek.\" alt=\"A Hessdalen-f\u00e9nyek.\" class=\"zf-media\">\r\n\t\t\t\t\t\t\t\t\t\t<img width=\"650\" height=\"407\" src=\"https:\/\/liked.hu\/old\/wp-content\/uploads\/2019\/05\/rtf2.jpg\" class=\"\" alt=\"\" loading=\"lazy\" style=\"\" srcset=\"https:\/\/liked.hu\/old\/wp-content\/uploads\/2019\/05\/rtf2.jpg 650w, https:\/\/liked.hu\/old\/wp-content\/uploads\/2019\/05\/rtf2-300x188.jpg 300w, https:\/\/liked.hu\/old\/wp-content\/uploads\/2019\/05\/rtf2-500x313.jpg 500w, https:\/\/liked.hu\/old\/wp-content\/uploads\/2019\/05\/rtf2-360x225.jpg 360w, https:\/\/liked.hu\/old\/wp-content\/uploads\/2019\/05\/rtf2-545x341.jpg 545w\" sizes=\"(max-width: 650px) 100vw, 650px\" \/>\t\t\t\t\t\t\t\t\t\t\t<figcaption class=\"zf-figcaption\">\r\n\t\t\t\t\t\t\t\t\t\t\t\t\t\t\t\t\t\t\t\t\t\t\t\t<cite>        <a class=\"zf-media_credit\" target=\"_blank\" href=\"https:\/\/liked.hu\/old\/kimeno.php?https:\/\/liked.hu\/kimeno.php?https:\/\/google.hu\" rel=\"nofollow noopener\">forr\u00e1s<\/a>\r\n        <\/cite>\r\n\r\n\t\t\t\t\t\t\t\t\t\t\t\t\t\t\t\t\t\t\t\t\t\t\t<\/figcaption>\r\n\t\t\t\t\t\t\t\t\t\t\t\t\t\t\t\t\t\t\t<\/div>\r\n\t\t\t\t\t\t\t\t\t<hr \/>\r\n\t\t\t\t\t\t\t\t<\/figure>\r\n\t\t\t\t\t\t\t\t\t\t\t\t\t\t\t\t<div class=\"zf-list_description\"><p>\u00c9veken kereszt\u00fcl lehetett megfigyelni k\u00fcl\u00f6n\u00f6sen mozg\u00f3, furcsa f\u00e9nyeket a norv\u00e9giai Hessfalen-v\u00f6lgy felett. Sz\u00e1mtalan bizony\u00edt\u00e9k l\u00e9tezik a furcsa vil\u00e1g\u00edt\u00f3 t\u00e1rgyak v\u00f6lgy felett t\u00f6rt\u00e9n\u0151 \u00e1trep\u00fcl\u00e9s\u00e9re, ezt a k\u00e9pet p\u00e9ld\u00e1ul egy norv\u00e9g fot\u00f3s k\u00e9sz\u00edtette 30-m\u00e1sodperces z\u00e1rid\u0151vel. B\u00e1r sok tud\u00f3s foglalkozott a t\u00e9m\u00e1val, nem siker\u00fclt egyhang\u00fa magyar\u00e1zatot kapni r\u00e1, hogy mi is \u00e1llhat ennek a furcsa jelens\u00e9gnek a h\u00e1tter\u00e9ben.<\/p><p style=\"text-align: center\">\n<div style=\"float:none;margin:0px 0 0px 0;text-align:center;\">\n<div class=\"mobileHideke5\"><div style=\"margin-top:25px;\"><div class=\"hirdeteshatter\"><div style=\"display: inline-block;width: 50%;min-width:305px;vertical-align: top;\"><div class=\"hirdetes\">HIRDET\u00c9S<\/div>\n<!-- LikedQ51 -->\n<ins class=\"adsbygoogle\"\n     style=\"display:inline-block;width:300px;height:250px\"\n     data-ad-client=\"ca-pub-9424088931673893\"\n     data-ad-slot=\"8284063326\"><\/ins>\n<script async>\n     (adsbygoogle = window.adsbygoogle || []).push({});\n<\/script><\/div><div style=\"display: inline-block;width: 50%;min-width:305px;vertical-align: top;\"><div class=\"hirdetes\">HIRDET\u00c9S<\/div>\n<!-- LikedQ52 -->\n<ins class=\"adsbygoogle\"\n     style=\"display:inline-block;width:300px;height:250px\"\n     data-ad-client=\"ca-pub-9424088931673893\"\n     data-ad-slot=\"2840164950\"><\/ins>\n<script async>\n     (adsbygoogle = window.adsbygoogle || []).push({});\n<\/script><\/div><\/div><\/div><\/div>\n<div style=\"display:flex;flex-direction:column;\"><div class=\"mobileShowka5\"><div style=\"padding-top:10px;padding-bottom:10px;min-height: 300px;\"><div class=\"hirdetes\">HIRDET\u00c9S<\/div>\n<!-- LikedQ5M -->\n<ins class=\"adsbygoogle\"\n     style=\"display:inline-block;width:300px;height:250px\"\n     data-ad-client=\"ca-pub-9424088931673893\"\n     data-ad-slot=\"9022429928\"><\/ins>\n<script async>\n     (adsbygoogle = window.adsbygoogle || []).push({});\n<\/script><\/div><\/div><\/div><\/div><\/div>\r\n\t\t\t\t\t\t\t\t\t\t\t\t\t<\/li>\r\n\t\t\t\t\t\t\t\t\t\t\t\t<li class=\"zf-list_item\">\r\n\t\t\t\t\t\t\t<div class=\"zf-list_header\">\r\n\t\t\t\t\t\t\t\t<h3 id=\"listaelem3\" class=\"zf-list_title\">\r\n\t\t\t\t\t\t\t\t\t<span class=\"zf-number\">3<\/span>\r\n\t\t\t\t\t\t\t\t\tA ,,fekete lovag\".\t\t\t\t\t\t\t\t<\/h3>\r\n\t\t\t\t\t\t\t<\/div>\r\n\t\t\t\t\t\t\t\t\t\t\t\t\t\t\t<figure class=\"zf-list_media zf-media-wrapper zf-image zf-type-image\">\r\n\t\t\t\t\t\t\t\t\t<div title=\"A ,,fekete lovag&quot;.\" alt=\"A ,,fekete lovag&quot;.\" class=\"zf-media\">\r\n\t\t\t\t\t\t\t\t\t\t<img width=\"650\" height=\"466\" src=\"https:\/\/liked.hu\/old\/wp-content\/uploads\/2019\/05\/rtf3.jpg\" class=\"\" alt=\"\" loading=\"lazy\" style=\"\" srcset=\"https:\/\/liked.hu\/old\/wp-content\/uploads\/2019\/05\/rtf3.jpg 650w, https:\/\/liked.hu\/old\/wp-content\/uploads\/2019\/05\/rtf3-300x215.jpg 300w, https:\/\/liked.hu\/old\/wp-content\/uploads\/2019\/05\/rtf3-500x358.jpg 500w, https:\/\/liked.hu\/old\/wp-content\/uploads\/2019\/05\/rtf3-360x258.jpg 360w, https:\/\/liked.hu\/old\/wp-content\/uploads\/2019\/05\/rtf3-545x391.jpg 545w\" sizes=\"(max-width: 650px) 100vw, 650px\" \/>\t\t\t\t\t\t\t\t\t\t\t<figcaption class=\"zf-figcaption\">\r\n\t\t\t\t\t\t\t\t\t\t\t\t\t\t\t\t\t\t\t\t\t\t\t\t<cite>        <a class=\"zf-media_credit\" target=\"_blank\" href=\"https:\/\/liked.hu\/old\/kimeno.php?https:\/\/liked.hu\/kimeno.php?https:\/\/google.hu\" rel=\"nofollow noopener\">forr\u00e1s<\/a>\r\n        <\/cite>\r\n\r\n\t\t\t\t\t\t\t\t\t\t\t\t\t\t\t\t\t\t\t\t\t\t\t<\/figcaption>\r\n\t\t\t\t\t\t\t\t\t\t\t\t\t\t\t\t\t\t\t<\/div>\r\n\t\t\t\t\t\t\t\t\t<hr \/>\r\n\t\t\t\t\t\t\t\t<\/figure>\r\n\t\t\t\t\t\t\t\t\t\t\t\t\t\t\t\t<div class=\"zf-list_description\"><p>1960-ban egy s\u00f6t\u00e9t, ismeretlen rep\u00fcl\u0151 t\u00e1rgy ker\u00fclt a F\u00f6ld l\u00e9gter\u00e9be. Ebben az id\u0151ben egyetlen m\u0171holdat sem l\u0151ttek fel \u00e9s a <em>Csillagok H\u00e1bor\u00faja<\/em> filmekb\u0151l ismert Boba Fett \u0171rhaj\u00f3j\u00e1t-id\u00e9z\u0151 objektum egyetlen emberi k\u00e9z alkotta t\u00e1rgyra sem hasonl\u00edtott. Az\u00f3ta r\u00e1ad\u00e1sul sz\u00e1mos hasonl\u00f3 rep\u00fcl\u0151 t\u00e1rgyat siker\u00fclt m\u00e1r lencsev\u00e9gre kapni a F\u00f6ld k\u00f6r\u00fcl, melyekben csak az volt a k\u00f6z\u00f6s, hogy a f\u00e9nyk\u00e9p k\u00e9sz\u00fclte ut\u00e1n n\u00e9h\u00e1ny m\u00e1sodperccel rejt\u00e9lyes m\u00f3don elt\u0171ntek. A tud\u00f3sok k\u00f6z\u00f6tt megoszlanak a v\u00e9lem\u00e9nyek, hogy mi is lehetett pontosan a ,,Black Knight\" n\u00e9vre keresztelt objektum, \u00e1m abban a t\u00f6bbs\u00e9g egyet\u00e9rt, hogy val\u00f3sz\u00edn\u0171leg nem ember alkotta, mesters\u00e9ges t\u00e1rgyr\u00f3l lehet sz\u00f3.<\/p><\/div>\r\n\t\t\t\t\t\t\t\t\t\t\t\t\t<\/li>\r\n\t\t\t\t\t\t\t\t\t\t\t\t<li class=\"zf-list_item\">\r\n\t\t\t\t\t\t\t<div class=\"zf-list_header\">\r\n\t\t\t\t\t\t\t\t<h3 id=\"listaelem4\" class=\"zf-list_title\">\r\n\t\t\t\t\t\t\t\t\t<span class=\"zf-number\">4<\/span>\r\n\t\t\t\t\t\t\t\t\tA ,,Babushka Lady\"\t\t\t\t\t\t\t\t<\/h3>\r\n\t\t\t\t\t\t\t<\/div>\r\n\t\t\t\t\t\t\t\t\t\t\t\t\t\t\t<figure class=\"zf-list_media zf-media-wrapper zf-image zf-type-image\">\r\n\t\t\t\t\t\t\t\t\t<div title=\"A ,,Babushka Lady&quot;\" alt=\"A ,,Babushka Lady&quot;\" class=\"zf-media\">\r\n\t\t\t\t\t\t\t\t\t\t<img width=\"650\" height=\"568\" src=\"https:\/\/liked.hu\/old\/wp-content\/uploads\/2019\/05\/rtf4.jpg\" class=\"\" alt=\"\" loading=\"lazy\" style=\"\" srcset=\"https:\/\/liked.hu\/old\/wp-content\/uploads\/2019\/05\/rtf4.jpg 650w, https:\/\/liked.hu\/old\/wp-content\/uploads\/2019\/05\/rtf4-300x262.jpg 300w, https:\/\/liked.hu\/old\/wp-content\/uploads\/2019\/05\/rtf4-500x437.jpg 500w, https:\/\/liked.hu\/old\/wp-content\/uploads\/2019\/05\/rtf4-360x315.jpg 360w, https:\/\/liked.hu\/old\/wp-content\/uploads\/2019\/05\/rtf4-545x476.jpg 545w\" sizes=\"(max-width: 650px) 100vw, 650px\" \/>\t\t\t\t\t\t\t\t\t\t\t<figcaption class=\"zf-figcaption\">\r\n\t\t\t\t\t\t\t\t\t\t\t\t\t\t\t\t\t\t\t\t\t\t\t\t<cite>        <a class=\"zf-media_credit\" target=\"_blank\" href=\"https:\/\/liked.hu\/old\/kimeno.php?https:\/\/liked.hu\/kimeno.php?https:\/\/google.hu\" rel=\"nofollow noopener\">forr\u00e1s<\/a>\r\n        <\/cite>\r\n\r\n\t\t\t\t\t\t\t\t\t\t\t\t\t\t\t\t\t\t\t\t\t\t\t<\/figcaption>\r\n\t\t\t\t\t\t\t\t\t\t\t\t\t\t\t\t\t\t\t<\/div>\r\n\t\t\t\t\t\t\t\t\t<hr \/>\r\n\t\t\t\t\t\t\t\t<\/figure>\r\n\t\t\t\t\t\t\t\t\t\t\t\t\t\t\t\t<div class=\"zf-list_description\"><p>1963. november 22-\u00e9n, <strong>Kennedy eln\u00f6k<\/strong> meggyilkol\u00e1s\u00e1nak helysz\u00edn\u00e9n volt egy rejt\u00e9lyes h\u00f6lgy, aki t\u00f6bb f\u00e9nyk\u00e9pen \u00e9s videofelv\u00e9telen is felt\u0171nt. Titokzatoss\u00e1g\u00e1t az okozta, hogy az eln\u00f6k meggyilkol\u00e1sa ut\u00e1n nem szaladt fedez\u00e9kbe, (mint a t\u00f6bbiek) hanem mintha mi sem t\u00f6rt\u00e9nt volna, f\u00e9nyk\u00e9pezgette tov\u00e1bb a vil\u00e1g egyik legh\u00edresebb mer\u00e9nylet\u00e9nek helysz\u00edn\u00e9t.<\/p><p>R\u00f6viddel k\u00e9s\u0151bb elt\u0171nt, \u00e1m a mer\u00e9nyletet visszan\u00e9zve olyan gyan\u00fasnak titul\u00e1lt\u00e1k a viselked\u00e9s\u00e9t, hogy t\u00f6bb \u00e9vtizeden kereszt\u00fcl az FBI is nyomozott ut\u00e1na, r\u00e9v\u00e9n, hogy nagy val\u00f3sz\u00edn\u0171s\u00e9ggel k\u00f6ze lehetett az eln\u00f6k meggyilkol\u00e1s\u00e1hoz. Hi\u00e1ba azonban minden er\u0151fesz\u00edt\u00e9s, nem akadtak a nyom\u00e1ra, s\u0151t, m\u00e9g csak a szem\u00e9lyazonoss\u00e1g\u00e1t sem siker\u00fclt meg\u00e1llap\u00edtani, \u00edgy a rejt\u00e9lyes h\u00f6lgy a \u201eBabushka Lady\u201d nevet kapta, az id\u0151s orosz asszonyokra jellemz\u0151 fejkend\u0151je miatt.<\/p><p style=\"text-align: center\">\n<div style=\"float:none;margin:0px 0 0px 0;text-align:center;\">\n<div class=\"mobileHideke8\"><div style=\"margin-top:25px;\"><div class=\"hirdeteshatter\"><div style=\"display: inline-block;width: 50%;min-width:340px;vertical-align: top;\"><div class=\"hirdetes\">HIRDET\u00c9S<\/div>\n<!-- Liked7Q1 -->\n<ins class=\"adsbygoogle\"\n     style=\"display:inline-block;width:336px;height:280px\"\n     data-ad-client=\"ca-pub-9424088931673893\"\n     data-ad-slot=\"3022062587\"><\/ins>\n<script async>\n     (adsbygoogle = window.adsbygoogle || []).push({});\n<\/script><\/div><div style=\"display: inline-block;width: 50%;min-width:340px;vertical-align: top;\"><div class=\"hirdetes\">HIRDET\u00c9S<\/div>\n<!-- Liked7Q2 -->\n<ins class=\"adsbygoogle\"\n     style=\"display:inline-block;width:336px;height:280px\"\n     data-ad-client=\"ca-pub-9424088931673893\"\n     data-ad-slot=\"3952000871\"><\/ins>\n<script async>\n     (adsbygoogle = window.adsbygoogle || []).push({});\n<\/script><\/div><\/div><\/div><\/div>\n<div style=\"display:flex;flex-direction:column;\"><div class=\"mobileShowka8\"><div style=\"padding-top:15px;margin-bottom:15px;min-height: 300px;\"><div class=\"hirdetes\">HIRDET\u00c9S<\/div>\n<!-- Liked7QMobil -->\n<ins class=\"adsbygoogle\"\n     style=\"display:inline-block;width:336px;height:280px\"\n     data-ad-client=\"ca-pub-9424088931673893\"\n     data-ad-slot=\"5073510857\"><\/ins>\n<script async>\n     (adsbygoogle = window.adsbygoogle || []).push({});\n<\/script><\/div><\/div><\/div><\/div><\/div>\r\n\t\t\t\t\t\t\t\t\t\t\t\t\t<\/li>\r\n\t\t\t\t\t\t\t\t\t\t\t\t<li class=\"zf-list_item\">\r\n\t\t\t\t\t\t\t<div class=\"zf-list_header\">\r\n\t\t\t\t\t\t\t\t<h3 id=\"listaelem5\" class=\"zf-list_title\">\r\n\t\t\t\t\t\t\t\t\t<span class=\"zf-number\">5<\/span>\r\n\t\t\t\t\t\t\t\t\tMobiltelefon egy r\u00e9gi Chaplin filmben.\t\t\t\t\t\t\t\t<\/h3>\r\n\t\t\t\t\t\t\t<\/div>\r\n\t\t\t\t\t\t\t\t\t\t\t\t\t\t\t<figure class=\"zf-list_media zf-media-wrapper zf-image zf-type-image\">\r\n\t\t\t\t\t\t\t\t\t<div title=\"Mobiltelefon egy r\u00e9gi Chaplin filmben.\" alt=\"Mobiltelefon egy r\u00e9gi Chaplin filmben.\" class=\"zf-media\">\r\n\t\t\t\t\t\t\t\t\t\t<img width=\"650\" height=\"366\" src=\"https:\/\/liked.hu\/old\/wp-content\/uploads\/2019\/05\/rtf5.jpg\" class=\"\" alt=\"\" loading=\"lazy\" style=\"\" srcset=\"https:\/\/liked.hu\/old\/wp-content\/uploads\/2019\/05\/rtf5.jpg 650w, https:\/\/liked.hu\/old\/wp-content\/uploads\/2019\/05\/rtf5-300x169.jpg 300w, https:\/\/liked.hu\/old\/wp-content\/uploads\/2019\/05\/rtf5-500x282.jpg 500w, https:\/\/liked.hu\/old\/wp-content\/uploads\/2019\/05\/rtf5-360x203.jpg 360w, https:\/\/liked.hu\/old\/wp-content\/uploads\/2019\/05\/rtf5-545x307.jpg 545w\" sizes=\"(max-width: 650px) 100vw, 650px\" \/>\t\t\t\t\t\t\t\t\t\t\t<figcaption class=\"zf-figcaption\">\r\n\t\t\t\t\t\t\t\t\t\t\t\t\t\t\t\t\t\t\t\t\t\t\t\t<cite>        <a class=\"zf-media_credit\" target=\"_blank\" href=\"https:\/\/liked.hu\/old\/kimeno.php?https:\/\/liked.hu\/kimeno.php?https:\/\/google.hu\" rel=\"nofollow noopener\">forr\u00e1s<\/a>\r\n        <\/cite>\r\n\r\n\t\t\t\t\t\t\t\t\t\t\t\t\t\t\t\t\t\t\t\t\t\t\t<\/figcaption>\r\n\t\t\t\t\t\t\t\t\t\t\t\t\t\t\t\t\t\t\t<\/div>\r\n\t\t\t\t\t\t\t\t\t<hr \/>\r\n\t\t\t\t\t\t\t\t<\/figure>\r\n\t\t\t\t\t\t\t\t\t\t\t\t\t\t\t\t<div class=\"zf-list_description\"><p><strong>Charlie Chaplin<\/strong> 1928-as filmj\u00e9nek, A cirkusz c\u00edm\u0171 n\u00e9mafilmnek az extr\u00e1kkal teli (2010-es) DVD-j\u00e9n l\u00e1that\u00f3 egy rejt\u00e9lyes fekete ruh\u00e1s n\u0151, aki \u00fagy tesz, mintha mobilon telefon\u00e1lna. B\u00e1r a szkeptikusok t\u00f6bbs\u00e9ge azzal magyar\u00e1zza a t\u00f6rt\u00e9netet, hogy egy sima hall\u00f3k\u00e9sz\u00fcl\u00e9ket (hall\u00f3k\u00fcrt\u00f6t) tart a kez\u00e9ben, ez sem er\u0151s\u00edthet\u0151 meg egy\u00e9rtelm\u0171en, az egyed\u00fcl s\u00e9t\u00e1l\u00f3 h\u00f6lgynek ugyanis semmi oka sincs a f\u00fcl\u00e9hez tartani a szerkezetet, r\u00e1ad\u00e1sul a jelenet k\u00f6zben j\u00f3l l\u00e1that\u00f3, hogy mozog a sz\u00e1ja, ergo mintha besz\u00e9lne valakihez, pedig senki sincs a k\u00f6zel\u00e9ben. A kiv\u00e1gott jelenet:<\/p><p><span class=\"fr-video fr-fvc fr-dvb fr-draggable\"><iframe width=\"640\" height=\"360\" src=\"\/\/www.youtube.com\/embed\/YnChLe69yKI?wmode=opaque\" frameborder=\"0\" allowfullscreen=\"\"><\/iframe><\/span><br><\/p><\/div>\r\n\t\t\t\t\t\t\t\t\t\t\t\t\t<\/li>\r\n\t\t\t\t\t\t\t\t\t\t\t\t<li class=\"zf-list_item\">\r\n\t\t\t\t\t\t\t<div class=\"zf-list_header\">\r\n\t\t\t\t\t\t\t\t<h3 id=\"listaelem6\" class=\"zf-list_title\">\r\n\t\t\t\t\t\t\t\t\t<span class=\"zf-number\">6<\/span>\r\n\t\t\t\t\t\t\t\t\tA Los Angeles-i l\u00e9gi csata.\t\t\t\t\t\t\t\t<\/h3>\r\n\t\t\t\t\t\t\t<\/div>\r\n\t\t\t\t\t\t\t\t\t\t\t\t\t\t\t<figure class=\"zf-list_media zf-media-wrapper zf-image zf-type-image\">\r\n\t\t\t\t\t\t\t\t\t<div title=\"A Los Angeles-i l\u00e9gi csata.\" alt=\"A Los Angeles-i l\u00e9gi csata.\" class=\"zf-media\">\r\n\t\t\t\t\t\t\t\t\t\t<img width=\"728\" height=\"588\" src=\"https:\/\/liked.hu\/old\/wp-content\/uploads\/2019\/05\/4417215-ykj-1556276532-728-429c490553-1557300795.jpg\" class=\"\" alt=\"\" loading=\"lazy\" style=\"\" srcset=\"https:\/\/liked.hu\/old\/wp-content\/uploads\/2019\/05\/4417215-ykj-1556276532-728-429c490553-1557300795.jpg 728w, https:\/\/liked.hu\/old\/wp-content\/uploads\/2019\/05\/4417215-ykj-1556276532-728-429c490553-1557300795-300x242.jpg 300w, https:\/\/liked.hu\/old\/wp-content\/uploads\/2019\/05\/4417215-ykj-1556276532-728-429c490553-1557300795-500x404.jpg 500w, https:\/\/liked.hu\/old\/wp-content\/uploads\/2019\/05\/4417215-ykj-1556276532-728-429c490553-1557300795-360x291.jpg 360w, https:\/\/liked.hu\/old\/wp-content\/uploads\/2019\/05\/4417215-ykj-1556276532-728-429c490553-1557300795-545x440.jpg 545w\" sizes=\"(max-width: 728px) 100vw, 728px\" \/>\t\t\t\t\t\t\t\t\t\t\t<figcaption class=\"zf-figcaption\">\r\n\t\t\t\t\t\t\t\t\t\t\t\t\t\t\t\t\t\t\t\t\t\t\t\t<cite>        <a class=\"zf-media_credit\" target=\"_blank\" href=\"https:\/\/liked.hu\/old\/kimeno.php?https:\/\/liked.hu\/kimeno.php?https:\/\/imgur.com\/HFvDRsu\" rel=\"nofollow noopener\">imgur<\/a>\r\n        <\/cite>\r\n\r\n\t\t\t\t\t\t\t\t\t\t\t\t\t\t\t\t\t\t\t\t\t\t\t<\/figcaption>\r\n\t\t\t\t\t\t\t\t\t\t\t\t\t\t\t\t\t\t\t<\/div>\r\n\t\t\t\t\t\t\t\t\t<hr \/>\r\n\t\t\t\t\t\t\t\t<\/figure>\r\n\t\t\t\t\t\t\t\t\t\t\t\t\t\t\t\t<div class=\"zf-list_description\"><p>A \u201eLos Angeles-i csata\u201d egy 1942. febru\u00e1r 25-\u00e9n \u00e9jjel 2-kor kezd\u0151d\u0151 rendk\u00edv\u00fcl furcsa incidens neve volt. A katonai radarok ugyanis egy azonos\u00edtatlan rep\u00fcl\u0151 objektumot v\u00e9ltek felfedezni az \u00e9gen, ez\u00e9rt \u00e9jjel 3 \u00f3ra ut\u00e1n nem sokkal l\u00e9git\u00e1mad\u00e1s szir\u00e9n\u00e1ja \u00e9bresztette a lakosokat, mik\u00f6zben eg\u00e9sz Los Angeles vil\u00e1g\u00edt\u00e1s\u00e1t lekapcsolt\u00e1k, az eget pedig keres\u0151f\u00e9nyekkel p\u00e1szt\u00e1zt\u00e1k (a k\u00e9pen is ez l\u00e1that\u00f3) mik\u00f6zben a katonas\u00e1g l\u00e9gv\u00e9delmi \u00e1gy\u00fakkal kezdett kezdett t\u00fczelni az objektum felt\u00e9telezett helye fel\u00e9.<\/p><p>Nem v\u00e9letlen volt ez a nagy felhajt\u00e1s: h\u00e1rom h\u00f3nappal a Pearl Harbor-i t\u00e1mad\u00e1s ut\u00e1n az amerikaiak biztosra vett\u00e9k, hogy Jap\u00e1n visszat\u00e9rt. Az \u0151r\u00fclt k\u00e1oszban az emberek a legk\u00fcl\u00f6nf\u00e9l\u00e9bb dolgokat v\u00e9lt\u00e9k felfedezni: voltak akik jap\u00e1n rep\u00fcl\u0151g\u00e9pekr\u0151l, m\u00e1sok \u00e9gb\u0151l hull\u00f3 bomb\u00e1kr\u00f3l \u00e9s ejt\u0151erny\u0151s\u00f6kr\u0151l sz\u00e1moltak be. Az \u0151r\u00fclt t\u0171zp\u00e1rbaj eg\u00e9szen pirkadatig tartott, amikor a hadvezet\u00e9s v\u00e9gre kiadta a parancsot a t\u0171z besz\u00fcntet\u00e9s\u00e9re.<\/p><p>Ekkor j\u00f6tt azonban a nagy meglepet\u00e9s: a katonas\u00e1g \u00e9s a korm\u00e1ny hivatalos k\u00f6zlem\u00e9nye szerint ugyanis semmi sem volt az \u00e9gen, a Los Angeles-i csat\u00e1t pedig eg\u00e9sz egyszer\u0171en \u201ehamis riaszt\u00e1snak\u201d min\u0151s\u00edtett\u00e9k.<\/p><p>Ez nem meglep\u0151 m\u00f3don sokkolta a lakosokat, akik szkeptikusak voltak az \u00fcggyel kapcsolatban \u00e9s \u00fagy \u00e9rezt\u00e9k, hogy a korm\u00e1ny rejtegetni pr\u00f3b\u00e1l el\u0151l\u00fck valamit. A m\u00e9dia is alakosok mell\u00e9 \u00e1llt, t\u00f6bb \u00fajs\u00e1g UFO-kra eml\u00e9keztet\u0151 k\u00e9pet hozott le, amit el\u0151sz\u00f6r a korm\u00e1ny nem k\u00edv\u00e1nt komment\u00e1lni, majd k\u00e9s\u0151bb meger\u0151s\u00edtett\u00e9k, hogy egy ballonra er\u0151s\u00edtett id\u0151j\u00e1r\u00e1s-szonda l\u00e1that\u00f3 a k\u00e9peken.<\/p><p>Ez term\u00e9szetesen nem mindenkit nyugtatott meg, az emberek pedig ma sem \u00e9rtik pontosan, hogy mi is t\u00f6rt\u00e9nhetett aznap \u00e9jjel, ami\u00e9rt a l\u00e9gv\u00e9delmi \u00e1gy\u00fak t\u00f6bb mint 1400 sorozatot l\u0151ttek ki \u2013 \u00e1ll\u00edt\u00f3lag a semmire. B\u0151vebben: <a href=\"https:\/\/liked.hu\/kimeno.php?https:\/\/mult-kor.hu\/ma-is-rejtely-hogy-miert-kezdodtt-a-los-angeles-i-legi-csata-20170227\" rel=\"noopener noreferrer\" target=\"_blank\">mult-kor.hu<\/a><\/p><p style=\"text-align: center\">M\u00e9g nincs v\u00e9ge, a cikk a <strong>k\u00f6vetkez\u0151 oldalon<\/strong> folytat\u00f3dik!<\/p><\/div>\r\n\t\t\t\t\t\t\t\t\t\t\t\t\t<\/li>\r\n\t\t\t\t\t\t\t\t\t<\/ol>\r\n\t\t<\/div>\r\n\t<\/div>\r\n\r\n\t<\/div>\r\n\r\n\r\n<!--nextpage--><div id=\"zombify-main-section-front\" class=\"zombify-main-section-front zombify-screen zf-media-full\">\r\n\t<link rel=\"stylesheet\" type=\"text\/css\" href=\"https:\/\/liked.hu\/old\/js\/zombify.css\">\r\n    <link rel=\"stylesheet\" type=\"text\/css\" href=\"https:\/\/liked.hu\/old\/wp-content\/themes\/newsy-child\/style.css\">\r\n\t<div class=\"zf-container\">\r\n\t\t<div id=\"zf-list\" class=\"zf-list zf-numbered\">\r\n\t\t\t<ol class=\"zf-structure-list\">\r\n\t\t\t\t\t\t\t\t\t\t<li class=\"zf-list_item\">\r\n\t\t\t\t\t\t\t<div class=\"zf-list_header\">\r\n\t\t\t\t\t\t\t\t<h3 id=\"listaelem7\" class=\"zf-list_title\">\r\n\t\t\t\t\t\t\t\t\t<span class=\"zf-number\">7<\/span>\r\n\t\t\t\t\t\t\t\t\tA zuhan\u00f3 ember.\t\t\t\t\t\t\t\t<\/h3>\r\n\t\t\t\t\t\t\t<\/div>\r\n\t\t\t\t\t\t\t\t\t\t\t\t\t\t\t<figure class=\"zf-list_media zf-media-wrapper zf-image zf-type-image\">\r\n\t\t\t\t\t\t\t\t\t<div title=\"A zuhan\u00f3 ember.\" alt=\"A zuhan\u00f3 ember.\" class=\"zf-media\">\r\n\t\t\t\t\t\t\t\t\t\t<img width=\"650\" height=\"825\" src=\"https:\/\/liked.hu\/old\/wp-content\/uploads\/2019\/05\/rtf6.jpg\" class=\"\" alt=\"\" loading=\"lazy\" style=\"\" srcset=\"https:\/\/liked.hu\/old\/wp-content\/uploads\/2019\/05\/rtf6.jpg 650w, https:\/\/liked.hu\/old\/wp-content\/uploads\/2019\/05\/rtf6-236x300.jpg 236w, https:\/\/liked.hu\/old\/wp-content\/uploads\/2019\/05\/rtf6-394x500.jpg 394w, https:\/\/liked.hu\/old\/wp-content\/uploads\/2019\/05\/rtf6-360x457.jpg 360w, https:\/\/liked.hu\/old\/wp-content\/uploads\/2019\/05\/rtf6-545x692.jpg 545w\" sizes=\"(max-width: 650px) 100vw, 650px\" \/>\t\t\t\t\t\t\t\t\t\t\t<figcaption class=\"zf-figcaption\">\r\n\t\t\t\t\t\t\t\t\t\t\t\t\t\t\t\t\t\t\t\t\t\t\t\t<cite>        <a class=\"zf-media_credit\" target=\"_blank\" href=\"https:\/\/liked.hu\/old\/kimeno.php?https:\/\/liked.hu\/kimeno.php?https:\/\/google.hu\" rel=\"nofollow noopener\">forr\u00e1s<\/a>\r\n        <\/cite>\r\n\r\n\t\t\t\t\t\t\t\t\t\t\t\t\t\t\t\t\t\t\t\t\t\t\t<\/figcaption>\r\n\t\t\t\t\t\t\t\t\t\t\t\t\t\t\t\t\t\t\t<\/div>\r\n\t\t\t\t\t\t\t\t\t<hr \/>\r\n\t\t\t\t\t\t\t\t<\/figure>\r\n\t\t\t\t\t\t\t\t\t\t\t\t\t\t\t\t<div class=\"zf-list_description\"><p>Ezt \u0430 fot\u00f3t <strong>Richard Drew<\/strong> f\u00e9nyk\u00e9p\u00e9sz k\u00e9sz\u00edtette, 2001. szeptember 11-\u00e9n, a vil\u00e1gkereskedelmi k\u00f6zpont toronyh\u00e1zai ellen ir\u00e1nyul\u00f3 terrorcselekm\u00e9nyek k\u00f6zben. A fot\u00f3 n\u00e9h\u00e1ny \u00f3r\u00e1n bel\u00fcl az eg\u00e9sz vil\u00e1got bej\u00e1rta, a toronyh\u00e1zb\u00f3l kiugr\u00f3 f\u00e9rfi k\u00fcl\u00f6n\u00f6s testtart\u00e1sa miatt. A f\u00e9rfi szinte teljesen f\u00fcgg\u0151legesen (fejjel lefel\u00e9) zuhan, ami ellent mond minden benn\u00fcnk lakoz\u00f3 t\u00fal\u00e9l\u00e9si \u00f6szt\u00f6nnek. A rejt\u00e9lyt csak tov\u00e1bb fokozza, hogy a f\u00e9nyk\u00e9pen szerepl\u0151 f\u00e9rfit v\u00e9g\u00fcl sosem tal\u00e1lt\u00e1k meg a romok k\u00f6z\u00f6tt.<\/p><p style=\"text-align: center\">\n<div style=\"float:none;margin:0px 0 0px 0;text-align:center;\">\n<div class=\"mobileHideke8\"><div class=\"hirdeteshatter\"><div style=\"display: inline-block;width: 50%;min-width:340px;vertical-align: top;\"><div class=\"hirdetes\">HIRDET\u00c9S<\/div>\n<!-- LikedQ81 -->\n<ins class=\"adsbygoogle\"\n     style=\"display:inline-block;width:336px;height:280px\"\n     data-ad-client=\"ca-pub-9424088931673893\"\n     data-ad-slot=\"2436840276\"><\/ins>\n<script async>\n     (adsbygoogle = window.adsbygoogle || []).push({});\n<\/script><\/div><div style=\"display: inline-block;width: 50%;min-width:340px;vertical-align: top;\"><div class=\"hirdetes\">HIRDET\u00c9S<\/div>\n<!-- LikedQ82 -->\n<ins class=\"adsbygoogle\"\n     style=\"display:inline-block;width:336px;height:280px\"\n     data-ad-client=\"ca-pub-9424088931673893\"\n     data-ad-slot=\"3558350253\"><\/ins>\n<script async>\n     (adsbygoogle = window.adsbygoogle || []).push({});\n<\/script><\/div><\/div><\/div>\n<div style=\"display:flex;flex-direction:column;\"><div class=\"mobileShowka8 nyolc\"><div style=\"padding-top:15px;padding-bottom:5px;min-height: 300px;\"><div class=\"hirdetes\">HIRDET\u00c9S<\/div>\n<!-- LikedQ8M -->\n<ins class=\"adsbygoogle\"\n     style=\"display:inline-block;width:336px;height:280px\"\n     data-ad-client=\"ca-pub-9424088931673893\"\n     data-ad-slot=\"4679860235\"><\/ins>\n<script async>\n     (adsbygoogle = window.adsbygoogle || []).push({});\n<\/script><\/div><\/div><\/div><\/div><\/div>\r\n\t\t\t\t\t\t\t\t\t\t\t\t\t<\/li>\r\n\t\t\t\t\t\t\t\t\t\t\t\t<li class=\"zf-list_item\">\r\n\t\t\t\t\t\t\t<div class=\"zf-list_header\">\r\n\t\t\t\t\t\t\t\t<h3 id=\"listaelem8\" class=\"zf-list_title\">\r\n\t\t\t\t\t\t\t\t\t<span class=\"zf-number\">8<\/span>\r\n\t\t\t\t\t\t\t\t\tA ,,tank man\"\t\t\t\t\t\t\t\t<\/h3>\r\n\t\t\t\t\t\t\t<\/div>\r\n\t\t\t\t\t\t\t\t\t\t\t\t\t\t\t<figure class=\"zf-list_media zf-media-wrapper zf-image zf-type-image\">\r\n\t\t\t\t\t\t\t\t\t<div title=\"A ,,tank man&quot;\" alt=\"A ,,tank man&quot;\" class=\"zf-media\">\r\n\t\t\t\t\t\t\t\t\t\t<img width=\"650\" height=\"435\" src=\"https:\/\/liked.hu\/old\/wp-content\/uploads\/2019\/05\/rtf7.jpg\" class=\"\" alt=\"\" loading=\"lazy\" style=\"\" srcset=\"https:\/\/liked.hu\/old\/wp-content\/uploads\/2019\/05\/rtf7.jpg 650w, https:\/\/liked.hu\/old\/wp-content\/uploads\/2019\/05\/rtf7-300x201.jpg 300w, https:\/\/liked.hu\/old\/wp-content\/uploads\/2019\/05\/rtf7-500x335.jpg 500w, https:\/\/liked.hu\/old\/wp-content\/uploads\/2019\/05\/rtf7-360x241.jpg 360w, https:\/\/liked.hu\/old\/wp-content\/uploads\/2019\/05\/rtf7-545x365.jpg 545w\" sizes=\"(max-width: 650px) 100vw, 650px\" \/>\t\t\t\t\t\t\t\t\t\t\t<figcaption class=\"zf-figcaption\">\r\n\t\t\t\t\t\t\t\t\t\t\t\t\t\t\t\t\t\t\t\t\t\t\t\t<cite>        <a class=\"zf-media_credit\" target=\"_blank\" href=\"https:\/\/liked.hu\/old\/kimeno.php?https:\/\/liked.hu\/kimeno.php?https:\/\/google.hu\" rel=\"nofollow noopener\">forr\u00e1s<\/a>\r\n        <\/cite>\r\n\r\n\t\t\t\t\t\t\t\t\t\t\t\t\t\t\t\t\t\t\t\t\t\t\t<\/figcaption>\r\n\t\t\t\t\t\t\t\t\t\t\t\t\t\t\t\t\t\t\t<\/div>\r\n\t\t\t\t\t\t\t\t\t<hr \/>\r\n\t\t\t\t\t\t\t\t<\/figure>\r\n\t\t\t\t\t\t\t\t\t\t\t\t\t\t\t\t<div class=\"zf-list_description\"><p>Ez a fot\u00f3 a pekingi zavarg\u00e1sok k\u00f6zben k\u00e9sz\u00fclt, 1989-ben, a Tiananmen-t\u00e9ren. A tankok el\u00e9 be\u00e1ll\u00f3 ismeretlen t\u00fcntet\u0151 fot\u00f3ja az eg\u00e9sz vil\u00e1got bej\u00e1rta, \u00e1m m\u00e9gsem lehet tudni, hogy ki is volt \u0151 pontosan, illetve, hogy mi is lett vele v\u00e9g\u00fcl. Az ismeretlen szem\u00e9lyazonoss\u00e1g\u00fa f\u00e9rfit a k\u00fclf\u00f6ldi sajt\u00f3 egyszer\u0171en ,,Tank Man\" n\u00e9vre keresztelte.<\/p><\/div>\r\n\t\t\t\t\t\t\t\t\t\t\t\t\t<\/li>\r\n\t\t\t\t\t\t\t\t\t\t\t\t<li class=\"zf-list_item\">\r\n\t\t\t\t\t\t\t<div class=\"zf-list_header\">\r\n\t\t\t\t\t\t\t\t<h3 id=\"listaelem9\" class=\"zf-list_title\">\r\n\t\t\t\t\t\t\t\t\t<span class=\"zf-number\">9<\/span>\r\n\t\t\t\t\t\t\t\t\tSolway Firth \u0171rhaj\u00f3sa\t\t\t\t\t\t\t\t<\/h3>\r\n\t\t\t\t\t\t\t<\/div>\r\n\t\t\t\t\t\t\t\t\t\t\t\t\t\t\t<figure class=\"zf-list_media zf-media-wrapper zf-image zf-type-image\">\r\n\t\t\t\t\t\t\t\t\t<div title=\"Solway Firth \u0171rhaj\u00f3sa\" alt=\"Solway Firth \u0171rhaj\u00f3sa\" class=\"zf-media\">\r\n\t\t\t\t\t\t\t\t\t\t<img width=\"650\" height=\"956\" src=\"https:\/\/liked.hu\/old\/wp-content\/uploads\/2019\/05\/rtf8.jpg\" class=\"\" alt=\"\" loading=\"lazy\" style=\"\" srcset=\"https:\/\/liked.hu\/old\/wp-content\/uploads\/2019\/05\/rtf8.jpg 650w, https:\/\/liked.hu\/old\/wp-content\/uploads\/2019\/05\/rtf8-204x300.jpg 204w, https:\/\/liked.hu\/old\/wp-content\/uploads\/2019\/05\/rtf8-340x500.jpg 340w, https:\/\/liked.hu\/old\/wp-content\/uploads\/2019\/05\/rtf8-360x529.jpg 360w, https:\/\/liked.hu\/old\/wp-content\/uploads\/2019\/05\/rtf8-545x802.jpg 545w\" sizes=\"(max-width: 650px) 100vw, 650px\" \/>\t\t\t\t\t\t\t\t\t\t\t<figcaption class=\"zf-figcaption\">\r\n\t\t\t\t\t\t\t\t\t\t\t\t\t\t\t\t\t\t\t\t\t\t\t\t<cite>        <a class=\"zf-media_credit\" target=\"_blank\" href=\"https:\/\/liked.hu\/old\/kimeno.php?https:\/\/liked.hu\/kimeno.php?https:\/\/google.hu\" rel=\"nofollow noopener\">forr\u00e1s<\/a>\r\n        <\/cite>\r\n\r\n\t\t\t\t\t\t\t\t\t\t\t\t\t\t\t\t\t\t\t\t\t\t\t<\/figcaption>\r\n\t\t\t\t\t\t\t\t\t\t\t\t\t\t\t\t\t\t\t<\/div>\r\n\t\t\t\t\t\t\t\t\t<hr \/>\r\n\t\t\t\t\t\t\t\t<\/figure>\r\n\t\t\t\t\t\t\t\t\t\t\t\t\t\t\t\t<div class=\"zf-list_description\"><p>1964-ben <strong>Jim Templeton<\/strong> f\u00e9nyk\u00e9p\u00e9sz k\u00e9sz\u00edtette ezt a fot\u00f3t a l\u00e1ny\u00e1r\u00f3l, de az el\u0151h\u00edv\u00e1s ut\u00e1n egy eg\u00e9szen elk\u00e9peszt\u0151 alak bontakozott ki a k\u00e9pen: egy \u0171rhaj\u00f3s szkafanderbe b\u00fajt \u201evalamit\" \u00f6r\u00f6k\u00edtett meg a kamera. A f\u00e9rfi \u00e1ll\u00edtotta, hogy a fot\u00f3 elk\u00e9sz\u00fcltekor csak a l\u00e1nya volt a helysz\u00ednen. M\u00e9g a Kodak v\u00e1llalat is vizsg\u00e1l\u00f3dni kezdett a t\u00e9m\u00e1ban \u00e9s meg\u00e1llap\u00edtott\u00e1k, hogy a tekercs \u00e9rintetlen, senki se buher\u00e1lta meg a k\u00e9pet.<\/p><p style=\"text-align: center\">\n<div style=\"float:none;margin:0px 0 0px 0;text-align:center;\">\n<div class=\"mobileHideke5\"><div style=\"margin-top:25px;\"><div class=\"hirdeteshatter\"><div style=\"display: inline-block;width: 50%;min-width:305px;vertical-align: top;\"><div class=\"hirdetes\">HIRDET\u00c9S<\/div>\n<!-- LikedQ51 -->\n<ins class=\"adsbygoogle\"\n     style=\"display:inline-block;width:300px;height:250px\"\n     data-ad-client=\"ca-pub-9424088931673893\"\n     data-ad-slot=\"8284063326\"><\/ins>\n<script async>\n     (adsbygoogle = window.adsbygoogle || []).push({});\n<\/script><\/div><div style=\"display: inline-block;width: 50%;min-width:305px;vertical-align: top;\"><div class=\"hirdetes\">HIRDET\u00c9S<\/div>\n<!-- LikedQ52 -->\n<ins class=\"adsbygoogle\"\n     style=\"display:inline-block;width:300px;height:250px\"\n     data-ad-client=\"ca-pub-9424088931673893\"\n     data-ad-slot=\"2840164950\"><\/ins>\n<script async>\n     (adsbygoogle = window.adsbygoogle || []).push({});\n<\/script><\/div><\/div><\/div><\/div>\n<div style=\"display:flex;flex-direction:column;\"><div class=\"mobileShowka5\"><div style=\"padding-top:10px;padding-bottom:10px;min-height: 300px;\"><div class=\"hirdetes\">HIRDET\u00c9S<\/div>\n<!-- LikedQ5M -->\n<ins class=\"adsbygoogle\"\n     style=\"display:inline-block;width:300px;height:250px\"\n     data-ad-client=\"ca-pub-9424088931673893\"\n     data-ad-slot=\"9022429928\"><\/ins>\n<script async>\n     (adsbygoogle = window.adsbygoogle || []).push({});\n<\/script><\/div><\/div><\/div><\/div><\/div>\r\n\t\t\t\t\t\t\t\t\t\t\t\t\t<\/li>\r\n\t\t\t\t\t\t\t\t\t\t\t\t<li class=\"zf-list_item\">\r\n\t\t\t\t\t\t\t<div class=\"zf-list_header\">\r\n\t\t\t\t\t\t\t\t<h3 id=\"listaelem10\" class=\"zf-list_title\">\r\n\t\t\t\t\t\t\t\t\t<span class=\"zf-number\">10<\/span>\r\n\t\t\t\t\t\t\t\t\tFreddy Jackson szelleme\t\t\t\t\t\t\t\t<\/h3>\r\n\t\t\t\t\t\t\t<\/div>\r\n\t\t\t\t\t\t\t\t\t\t\t\t\t\t\t<figure class=\"zf-list_media zf-media-wrapper zf-image zf-type-image\">\r\n\t\t\t\t\t\t\t\t\t<div title=\"Freddy Jackson szelleme\" alt=\"Freddy Jackson szelleme\" class=\"zf-media\">\r\n\t\t\t\t\t\t\t\t\t\t<img width=\"650\" height=\"365\" src=\"https:\/\/liked.hu\/old\/wp-content\/uploads\/2019\/05\/rtf9.jpg\" class=\"\" alt=\"\" loading=\"lazy\" style=\"\" srcset=\"https:\/\/liked.hu\/old\/wp-content\/uploads\/2019\/05\/rtf9.jpg 650w, https:\/\/liked.hu\/old\/wp-content\/uploads\/2019\/05\/rtf9-300x168.jpg 300w, https:\/\/liked.hu\/old\/wp-content\/uploads\/2019\/05\/rtf9-500x281.jpg 500w, https:\/\/liked.hu\/old\/wp-content\/uploads\/2019\/05\/rtf9-360x202.jpg 360w, https:\/\/liked.hu\/old\/wp-content\/uploads\/2019\/05\/rtf9-545x306.jpg 545w\" sizes=\"(max-width: 650px) 100vw, 650px\" \/>\t\t\t\t\t\t\t\t\t\t\t<figcaption class=\"zf-figcaption\">\r\n\t\t\t\t\t\t\t\t\t\t\t\t\t\t\t\t\t\t\t\t\t\t\t\t<cite>        <a class=\"zf-media_credit\" target=\"_blank\" href=\"https:\/\/liked.hu\/old\/kimeno.php?https:\/\/liked.hu\/kimeno.php?https:\/\/google.hu\" rel=\"nofollow noopener\">forr\u00e1s<\/a>\r\n        <\/cite>\r\n\r\n\t\t\t\t\t\t\t\t\t\t\t\t\t\t\t\t\t\t\t\t\t\t\t<\/figcaption>\r\n\t\t\t\t\t\t\t\t\t\t\t\t\t\t\t\t\t\t\t<\/div>\r\n\t\t\t\t\t\t\t\t\t<hr \/>\r\n\t\t\t\t\t\t\t\t<\/figure>\r\n\t\t\t\t\t\t\t\t\t\t\t\t\t\t\t\t<div class=\"zf-list_description\"><p>A k\u00e9pet 1919-ben k\u00e9sz\u00edtett\u00e9k, el\u0151sz\u00f6r pedig 1975-ben hozt\u00e1k nyilv\u00e1noss\u00e1gra. A fot\u00f3 egy csoportk\u00e9p, amely a Goddard osztagot \u00e1br\u00e1zolja, akik az els\u0151 vil\u00e1gh\u00e1bor\u00faban szolg\u00e1ltak. A k\u00e9pen egy extra arc is felt\u0171nik. Sokan \u00fagy gondolj\u00e1k, hogy <strong>Freddy Jackson<\/strong> szelleme l\u00e1that\u00f3 a felv\u00e9telen, akinek \u00e9ppen aznap volt a temet\u00e9se. A szerencs\u00e9tlen\u00fcl j\u00e1rt f\u00e9rfit egy rep\u00fcl\u0151g\u00e9p propellere gyilkolta meg.<\/p><\/div>\r\n\t\t\t\t\t\t\t\t\t\t\t\t\t<\/li>\r\n\t\t\t\t\t\t\t\t\t\t\t\t<li class=\"zf-list_item\">\r\n\t\t\t\t\t\t\t<div class=\"zf-list_header\">\r\n\t\t\t\t\t\t\t\t<h3 id=\"listaelem11\" class=\"zf-list_title\">\r\n\t\t\t\t\t\t\t\t\t<span class=\"zf-number\">11<\/span>\r\n\t\t\t\t\t\t\t\t\tPiramis a holdon.\t\t\t\t\t\t\t\t<\/h3>\r\n\t\t\t\t\t\t\t<\/div>\r\n\t\t\t\t\t\t\t\t\t\t\t\t\t\t\t<figure class=\"zf-list_media zf-media-wrapper zf-image zf-type-image\">\r\n\t\t\t\t\t\t\t\t\t<div title=\"Piramis a holdon.\" alt=\"Piramis a holdon.\" class=\"zf-media\">\r\n\t\t\t\t\t\t\t\t\t\t<img width=\"650\" height=\"321\" src=\"https:\/\/liked.hu\/old\/wp-content\/uploads\/2019\/05\/rtf10.jpg\" class=\"\" alt=\"\" loading=\"lazy\" style=\"\" srcset=\"https:\/\/liked.hu\/old\/wp-content\/uploads\/2019\/05\/rtf10.jpg 650w, https:\/\/liked.hu\/old\/wp-content\/uploads\/2019\/05\/rtf10-300x148.jpg 300w, https:\/\/liked.hu\/old\/wp-content\/uploads\/2019\/05\/rtf10-500x247.jpg 500w, https:\/\/liked.hu\/old\/wp-content\/uploads\/2019\/05\/rtf10-360x178.jpg 360w, https:\/\/liked.hu\/old\/wp-content\/uploads\/2019\/05\/rtf10-545x269.jpg 545w\" sizes=\"(max-width: 650px) 100vw, 650px\" \/>\t\t\t\t\t\t\t\t\t\t\t<figcaption class=\"zf-figcaption\">\r\n\t\t\t\t\t\t\t\t\t\t\t\t\t\t\t\t\t\t\t\t\t\t\t\t<cite>        <a class=\"zf-media_credit\" target=\"_blank\" href=\"https:\/\/liked.hu\/old\/kimeno.php?https:\/\/liked.hu\/kimeno.php?https:\/\/google.hu\" rel=\"nofollow noopener\">forr\u00e1s<\/a>\r\n        <\/cite>\r\n\r\n\t\t\t\t\t\t\t\t\t\t\t\t\t\t\t\t\t\t\t\t\t\t\t<\/figcaption>\r\n\t\t\t\t\t\t\t\t\t\t\t\t\t\t\t\t\t\t\t<\/div>\r\n\t\t\t\t\t\t\t\t\t<hr \/>\r\n\t\t\t\t\t\t\t\t<\/figure>\r\n\t\t\t\t\t\t\t\t\t\t\t\t\t\t\t\t<div class=\"zf-list_description\"><p>Ez a fot\u00f3 a NASA ,,Apollo-17\" n\u00e9vre keresztelt k\u00fcldet\u00e9se sor\u00e1n k\u00e9sz\u00fclt, \u00e1m sok\u00e1ig nem foglalkoztak vele, mivel a k\u00e9p k\u00e9sz\u00fcltekor a kamera t\u00falexpon\u00e1lt. Sz\u00e1mos szak\u00e9rt\u0151 dolgozott k\u00e9s\u0151bb a k\u00e9p helyre\u00e1ll\u00edt\u00e1s\u00e1n, majd amikor j\u00e1tszottak kicsit a kontraszttal, felt\u0171nt rajta egy rejt\u00e9lyes, piramisra eml\u00e9keztet\u0151 objektum a t\u00e1volban. B\u00e1r a k\u00e9p min\u0151s\u00e9ge miatt nem lehet t\u00fal messze men\u0151 k\u00f6vetkeztet\u00e9seket levonni, m\u00e9gis sokan egy\u00e9rtelm\u0171 bizony\u00edt\u00e9k\u00e1nak tartj\u00e1k annak, hogy a Hold m\u00e1sik oldala val\u00f3sz\u00edn\u0171leg t\u00f6bb m\u00e1s, hasonl\u00f3 piramist is rejthet.<\/p><p style=\"text-align: center\">\n<div style=\"float:none;margin:0px 0 0px 0;text-align:center;\">\n<div class=\"mobileHideke8\"><div style=\"margin-top:25px;\"><div class=\"hirdeteshatter\"><div style=\"display: inline-block;width: 50%;min-width:340px;vertical-align: top;\"><div class=\"hirdetes\">HIRDET\u00c9S<\/div>\n<!-- Liked7Q1 -->\n<ins class=\"adsbygoogle\"\n     style=\"display:inline-block;width:336px;height:280px\"\n     data-ad-client=\"ca-pub-9424088931673893\"\n     data-ad-slot=\"3022062587\"><\/ins>\n<script async>\n     (adsbygoogle = window.adsbygoogle || []).push({});\n<\/script><\/div><div style=\"display: inline-block;width: 50%;min-width:340px;vertical-align: top;\"><div class=\"hirdetes\">HIRDET\u00c9S<\/div>\n<!-- Liked7Q2 -->\n<ins class=\"adsbygoogle\"\n     style=\"display:inline-block;width:336px;height:280px\"\n     data-ad-client=\"ca-pub-9424088931673893\"\n     data-ad-slot=\"3952000871\"><\/ins>\n<script async>\n     (adsbygoogle = window.adsbygoogle || []).push({});\n<\/script><\/div><\/div><\/div><\/div>\n<div style=\"display:flex;flex-direction:column;\"><div class=\"mobileShowka8\"><div style=\"padding-top:15px;margin-bottom:15px;min-height: 300px;\"><div class=\"hirdetes\">HIRDET\u00c9S<\/div>\n<!-- Liked7QMobil -->\n<ins class=\"adsbygoogle\"\n     style=\"display:inline-block;width:336px;height:280px\"\n     data-ad-client=\"ca-pub-9424088931673893\"\n     data-ad-slot=\"5073510857\"><\/ins>\n<script async>\n     (adsbygoogle = window.adsbygoogle || []).push({});\n<\/script><\/div><\/div><\/div><\/div><\/div>\r\n\t\t\t\t\t\t\t\t\t\t\t\t\t<\/li>\r\n\t\t\t\t\t\t\t\t\t\t\t\t<li class=\"zf-list_item\">\r\n\t\t\t\t\t\t\t<div class=\"zf-list_header\">\r\n\t\t\t\t\t\t\t\t<h3 id=\"listaelem12\" class=\"zf-list_title\">\r\n\t\t\t\t\t\t\t\t\t<span class=\"zf-number\">12<\/span>\r\n\t\t\t\t\t\t\t\t\tMobiltelefon a 30-as \u00e9vekben.\t\t\t\t\t\t\t\t<\/h3>\r\n\t\t\t\t\t\t\t<\/div>\r\n\t\t\t\t\t\t\t\t\t\t\t\t\t\t\t<figure class=\"zf-list_media zf-media-wrapper zf-image zf-type-image\">\r\n\t\t\t\t\t\t\t\t\t<div title=\"Mobiltelefon a 30-as \u00e9vekben.\" alt=\"Mobiltelefon a 30-as \u00e9vekben.\" class=\"zf-media\">\r\n\t\t\t\t\t\t\t\t\t\t<img width=\"728\" height=\"568\" src=\"https:\/\/liked.hu\/old\/wp-content\/uploads\/2019\/05\/4417465-91200-1556474045-728-caeda65da1-1557300795.jpg\" class=\"\" alt=\"\" loading=\"lazy\" style=\"\" srcset=\"https:\/\/liked.hu\/old\/wp-content\/uploads\/2019\/05\/4417465-91200-1556474045-728-caeda65da1-1557300795.jpg 728w, https:\/\/liked.hu\/old\/wp-content\/uploads\/2019\/05\/4417465-91200-1556474045-728-caeda65da1-1557300795-300x234.jpg 300w, https:\/\/liked.hu\/old\/wp-content\/uploads\/2019\/05\/4417465-91200-1556474045-728-caeda65da1-1557300795-500x390.jpg 500w, https:\/\/liked.hu\/old\/wp-content\/uploads\/2019\/05\/4417465-91200-1556474045-728-caeda65da1-1557300795-360x281.jpg 360w, https:\/\/liked.hu\/old\/wp-content\/uploads\/2019\/05\/4417465-91200-1556474045-728-caeda65da1-1557300795-545x425.jpg 545w\" sizes=\"(max-width: 728px) 100vw, 728px\" \/>\t\t\t\t\t\t\t\t\t\t\t<figcaption class=\"zf-figcaption\">\r\n\t\t\t\t\t\t\t\t\t\t\t\t\t\t\t\t\t\t\t\t\t\t\t\t<cite>        <a class=\"zf-media_credit\" target=\"_blank\" href=\"https:\/\/liked.hu\/old\/kimeno.php?https:\/\/liked.hu\/kimeno.php?https:\/\/www.dailymail.co.uk\/news\/article-2301996\/Was-worlds-mobile-phone-1938-film-shows-woman-talking-wireless-device-time-travel-family-say-disappointment-conspiracy-theorists.html\" rel=\"nofollow noopener\">dailymail.co.uk<\/a>\r\n        <\/cite>\r\n\r\n\t\t\t\t\t\t\t\t\t\t\t\t\t\t\t\t\t\t\t\t\t\t\t<\/figcaption>\r\n\t\t\t\t\t\t\t\t\t\t\t\t\t\t\t\t\t\t\t<\/div>\r\n\t\t\t\t\t\t\t\t\t<hr \/>\r\n\t\t\t\t\t\t\t\t<\/figure>\r\n\t\t\t\t\t\t\t\t\t\t\t\t\t\t\t\t<div class=\"zf-list_description\"><p>Ezen az 1938-ban forgatott dokumentumfilmb\u0151l sz\u00e1rmaz\u00f3 k\u00e9pkock\u00e1n egy fiatal n\u0151 l\u00e1that\u00f3, amint egy mobiltelefonhoz-hasonl\u00f3 k\u00e9sz\u00fcl\u00e9ket tart a kez\u00e9ben. 2012-ben jelentkezett egy f\u00e9rfi, aki a k\u00e9pen l\u00e1that\u00f3 n\u0151 unok\u00e1jak\u00e9nt \u00edrta le mag\u00e1t, \u00e9s el\u00e1rulta, hogy a nagymam\u00e1ja, Gertrude Jones m\u00e9g ma is \u00e9l, aki a film k\u00e9sz\u00edt\u00e9se idej\u00e9n 17-\u00e9ves volt.<\/p><p>A f\u00e9rfi elmond\u00e1sa szerint a nagymam\u00e1ja egy vezet\u00e9k n\u00e9lk\u00fcli telefon protot\u00edpus\u00e1t tesztelte \u00e9ppen, amit a 30-as \u00e9vekben fejlesztettek Massachusetts \u00e1llamban. Gertrude \u00e9s sz\u00e1mos hozz\u00e1 hasonl\u00f3 fiatal heteken kereszt\u00fcl tesztelt\u00e9k a k\u00e9sz\u00fcl\u00e9keket, ennek k\u00f6sz\u00f6nhet\u0151 az is, hogy a dokumentumfilmnek siker\u00fclt elcs\u00edpnie ezt a kiv\u00e9teles pillanatot. Hivatalos nyilatkozatot azonban nem ny\u00fajtottak be a t\u00f6rt\u00e9netr\u0151l, \u00e9s bizony\u00edt\u00e9kokkal sem szolg\u00e1ltak, \u00edgy az is lehet, hogy az eg\u00e9sz csak egy mese.<\/p><\/div>\r\n\t\t\t\t\t\t\t\t\t\t\t\t\t<\/li>\r\n\t\t\t\t\t\t\t\t\t<\/ol>\r\n\t\t<\/div>\r\n\t<\/div>\r\n\r\n\t<\/div>\n","protected":false},"excerpt":{"rendered":"<p>Manaps\u00e1g a legt\u00f6bb furcsa \u00e9s megmagyar\u00e1zhatatlan fot\u00f3 l\u00e1tt\u00e1n az emberek t\u00f6bbs\u00e9ge gondolkod\u00e1s n\u00e9lk\u00fcl r\u00e1v\u00e1gja, hogy ,,ez Photoshop!&#8221;. Az al\u00e1bbi 12 f\u00e9nyk\u00e9p eset\u00e9ben azonban ilyenr\u0151l sz\u00f3 sem lehet: ezek a felv\u00e9telek ugyanis akkoriban k\u00e9sz\u00fcltek, amikor Photoshopr\u00f3l m\u00e9g csak \u00e1lmodni sem mertek az emberek.<\/p>\n","protected":false},"author":13,"featured_media":254164,"comment_status":"open","ping_status":"closed","sticky":false,"template":"","format":"standard","meta":{"buzzeditor_post_format":""},"categories":[23],"tags":[765,834,2052,2655],"yoast_head":"<!-- This site is optimized with the Yoast SEO plugin v19.6.1 - https:\/\/yoast.com\/wordpress\/plugins\/seo\/ -->\n<title>12 rejt\u00e9lyes t\u00f6rt\u00e9nelmi esem\u00e9ny, amir\u0151l m\u00e9g ma is vitatkoznak a tud\u00f3sok<\/title>\n<meta name=\"description\" content=\"Manaps\u00e1g a legt\u00f6bb furcsa \u00e9s megmagyar\u00e1zhatatlan fot\u00f3 l\u00e1tt\u00e1n az emberek t\u00f6bbs\u00e9ge gondolkod\u00e1s n\u00e9lk\u00fcl r\u00e1v\u00e1gja, hogy ,,ez Photoshop!&quot;. Az al\u00e1bbi 12 f\u00e9nyk\u00e9p eset\u00e9ben azonban ilyenr\u0151l sz\u00f3 sem lehet: ezek a felv\u00e9telek ugyanis akkoriban k\u00e9sz\u00fcltek, amikor Photoshopr\u00f3l m\u00e9g csak \u00e1lmodni sem mertek az emberek.\" \/>\n<meta name=\"robots\" content=\"index, follow, max-snippet:-1, max-image-preview:large, max-video-preview:-1\" \/>\n<link rel=\"canonical\" href=\"https:\/\/liked.hu\/old\/erdekes\/12-rejtelyes-tortenelmi-esemeny\/\" \/>\n<meta property=\"og:locale\" content=\"hu_HU\" \/>\n<meta property=\"og:type\" content=\"article\" \/>\n<meta property=\"og:title\" content=\"12 rejt\u00e9lyes t\u00f6rt\u00e9nelmi esem\u00e9ny, amir\u0151l m\u00e9g ma is vitatkoznak a tud\u00f3sok\" \/>\n<meta property=\"og:description\" content=\"Manaps\u00e1g a legt\u00f6bb furcsa \u00e9s megmagyar\u00e1zhatatlan fot\u00f3 l\u00e1tt\u00e1n az emberek t\u00f6bbs\u00e9ge gondolkod\u00e1s n\u00e9lk\u00fcl r\u00e1v\u00e1gja, hogy ,,ez Photoshop!&quot;. Az al\u00e1bbi 12 f\u00e9nyk\u00e9p eset\u00e9ben azonban ilyenr\u0151l sz\u00f3 sem lehet: ezek a felv\u00e9telek ugyanis akkoriban k\u00e9sz\u00fcltek, amikor Photoshopr\u00f3l m\u00e9g csak \u00e1lmodni sem mertek az emberek.\" \/>\n<meta property=\"og:url\" content=\"https:\/\/liked.hu\/old\/erdekes\/12-rejtelyes-tortenelmi-esemeny\/\" \/>\n<meta property=\"og:site_name\" content=\"Liked.hu\" \/>\n<meta property=\"article:publisher\" content=\"https:\/\/www.facebook.com\/liked.hu\" \/>\n<meta property=\"article:published_time\" content=\"2021-09-09T12:50:07+00:00\" \/>\n<meta property=\"article:modified_time\" content=\"2021-09-09T12:54:22+00:00\" \/>\n<meta property=\"og:image\" content=\"https:\/\/liked.hu\/old\/wp-content\/uploads\/2020\/11\/Tortenelmi-rejtelyek.jpg\" \/>\n\t<meta property=\"og:image:width\" content=\"1200\" \/>\n\t<meta property=\"og:image:height\" content=\"630\" \/>\n\t<meta property=\"og:image:type\" content=\"image\/jpeg\" \/>\n<meta name=\"author\" content=\"Klingstrom\" \/>\n<meta name=\"twitter:card\" content=\"summary\" \/>\n<meta name=\"twitter:creator\" content=\"@LikedHu\" \/>\n<meta name=\"twitter:site\" content=\"@LikedHu\" \/>\n<meta name=\"twitter:label1\" content=\"Szerz\u0151:\" \/>\n\t<meta name=\"twitter:data1\" content=\"Klingstrom\" \/>\n<script type=\"application\/ld+json\" class=\"yoast-schema-graph\">{\"@context\":\"https:\/\/schema.org\",\"@graph\":[{\"@type\":\"Article\",\"@id\":\"https:\/\/liked.hu\/old\/erdekes\/12-rejtelyes-tortenelmi-esemeny\/#article\",\"isPartOf\":{\"@id\":\"https:\/\/liked.hu\/old\/erdekes\/12-rejtelyes-tortenelmi-esemeny\/\"},\"author\":{\"name\":\"Klingstrom\",\"@id\":\"https:\/\/liked.hu\/old\/#\/schema\/person\/1c8d3f8764991e8dcd6572a7de72da8a\"},\"headline\":\"12 rejt\u00e9lyes t\u00f6rt\u00e9nelmi esem\u00e9ny, amir\u0151l m\u00e9g ma is vitatkoznak a tud\u00f3sok\",\"datePublished\":\"2021-09-09T12:50:07+00:00\",\"dateModified\":\"2021-09-09T12:54:22+00:00\",\"mainEntityOfPage\":{\"@id\":\"https:\/\/liked.hu\/old\/erdekes\/12-rejtelyes-tortenelmi-esemeny\/\"},\"wordCount\":57,\"commentCount\":0,\"publisher\":{\"@id\":\"https:\/\/liked.hu\/old\/#organization\"},\"keywords\":[\"f\u00e9nyk\u00e9p\",\"fot\u00f3\",\"photoshop\",\"t\u00f6rt\u00e9nelem\"],\"articleSection\":[\"\u00c9rdekess\u00e9gek\"],\"inLanguage\":\"hu\",\"potentialAction\":[{\"@type\":\"CommentAction\",\"name\":\"Comment\",\"target\":[\"https:\/\/liked.hu\/old\/erdekes\/12-rejtelyes-tortenelmi-esemeny\/#respond\"]}]},{\"@type\":\"WebPage\",\"@id\":\"https:\/\/liked.hu\/old\/erdekes\/12-rejtelyes-tortenelmi-esemeny\/\",\"url\":\"https:\/\/liked.hu\/old\/erdekes\/12-rejtelyes-tortenelmi-esemeny\/\",\"name\":\"12 rejt\u00e9lyes t\u00f6rt\u00e9nelmi esem\u00e9ny, amir\u0151l m\u00e9g ma is vitatkoznak a tud\u00f3sok\",\"isPartOf\":{\"@id\":\"https:\/\/liked.hu\/old\/#website\"},\"datePublished\":\"2021-09-09T12:50:07+00:00\",\"dateModified\":\"2021-09-09T12:54:22+00:00\",\"description\":\"Manaps\u00e1g a legt\u00f6bb furcsa \u00e9s megmagyar\u00e1zhatatlan fot\u00f3 l\u00e1tt\u00e1n az emberek t\u00f6bbs\u00e9ge gondolkod\u00e1s n\u00e9lk\u00fcl r\u00e1v\u00e1gja, hogy ,,ez Photoshop!\\\". Az al\u00e1bbi 12 f\u00e9nyk\u00e9p eset\u00e9ben azonban ilyenr\u0151l sz\u00f3 sem lehet: ezek a felv\u00e9telek ugyanis akkoriban k\u00e9sz\u00fcltek, amikor Photoshopr\u00f3l m\u00e9g csak \u00e1lmodni sem mertek az emberek.\",\"breadcrumb\":{\"@id\":\"https:\/\/liked.hu\/old\/erdekes\/12-rejtelyes-tortenelmi-esemeny\/#breadcrumb\"},\"inLanguage\":\"hu\",\"potentialAction\":[{\"@type\":\"ReadAction\",\"target\":[\"https:\/\/liked.hu\/old\/erdekes\/12-rejtelyes-tortenelmi-esemeny\/\"]}]},{\"@type\":\"BreadcrumbList\",\"@id\":\"https:\/\/liked.hu\/old\/erdekes\/12-rejtelyes-tortenelmi-esemeny\/#breadcrumb\",\"itemListElement\":[{\"@type\":\"ListItem\",\"position\":1,\"name\":\"Kezd\u0151lap\",\"item\":\"https:\/\/liked.hu\/old\/\"},{\"@type\":\"ListItem\",\"position\":2,\"name\":\"12 rejt\u00e9lyes t\u00f6rt\u00e9nelmi esem\u00e9ny, amir\u0151l m\u00e9g ma is vitatkoznak a tud\u00f3sok\"}]},{\"@type\":\"WebSite\",\"@id\":\"https:\/\/liked.hu\/old\/#website\",\"url\":\"https:\/\/liked.hu\/old\/\",\"name\":\"Liked.hu\",\"description\":\"\",\"publisher\":{\"@id\":\"https:\/\/liked.hu\/old\/#organization\"},\"potentialAction\":[{\"@type\":\"SearchAction\",\"target\":{\"@type\":\"EntryPoint\",\"urlTemplate\":\"https:\/\/liked.hu\/old\/?s={search_term_string}\"},\"query-input\":\"required name=search_term_string\"}],\"inLanguage\":\"hu\"},{\"@type\":\"Organization\",\"@id\":\"https:\/\/liked.hu\/old\/#organization\",\"name\":\"Liked.hu\",\"url\":\"https:\/\/liked.hu\/old\/\",\"sameAs\":[\"https:\/\/hu.pinterest.com\/likedhungary\/\",\"https:\/\/www.youtube.com\/channel\/UCPv91dbMoIukYcM9b9nHN6Q\",\"https:\/\/www.facebook.com\/liked.hu\",\"https:\/\/twitter.com\/LikedHu\"],\"logo\":{\"@type\":\"ImageObject\",\"inLanguage\":\"hu\",\"@id\":\"https:\/\/liked.hu\/old\/#\/schema\/logo\/image\/\",\"url\":\"https:\/\/liked.hu\/wp-content\/uploads\/2018\/08\/Liked-icon.png\",\"contentUrl\":\"https:\/\/liked.hu\/wp-content\/uploads\/2018\/08\/Liked-icon.png\",\"width\":512,\"height\":512,\"caption\":\"Liked.hu\"},\"image\":{\"@id\":\"https:\/\/liked.hu\/old\/#\/schema\/logo\/image\/\"}},{\"@type\":\"Person\",\"@id\":\"https:\/\/liked.hu\/old\/#\/schema\/person\/1c8d3f8764991e8dcd6572a7de72da8a\",\"name\":\"Klingstrom\",\"image\":{\"@type\":\"ImageObject\",\"inLanguage\":\"hu\",\"@id\":\"https:\/\/liked.hu\/old\/#\/schema\/person\/image\/\",\"url\":\"https:\/\/liked.hu\/old\/wp-content\/uploads\/avatars\/13\/604de88bd578a-bpfull.jpg\",\"contentUrl\":\"https:\/\/liked.hu\/old\/wp-content\/uploads\/avatars\/13\/604de88bd578a-bpfull.jpg\",\"caption\":\"Klingstrom\"},\"url\":\"https:\/\/liked.hu\/old\/u\/klingstrom\/\"}]}<\/script>\n<!-- \/ Yoast SEO plugin. -->","yoast_head_json":{"title":"12 rejt\u00e9lyes t\u00f6rt\u00e9nelmi esem\u00e9ny, amir\u0151l m\u00e9g ma is vitatkoznak a tud\u00f3sok","description":"Manaps\u00e1g a legt\u00f6bb furcsa \u00e9s megmagyar\u00e1zhatatlan fot\u00f3 l\u00e1tt\u00e1n az emberek t\u00f6bbs\u00e9ge gondolkod\u00e1s n\u00e9lk\u00fcl r\u00e1v\u00e1gja, hogy ,,ez Photoshop!\". Az al\u00e1bbi 12 f\u00e9nyk\u00e9p eset\u00e9ben azonban ilyenr\u0151l sz\u00f3 sem lehet: ezek a felv\u00e9telek ugyanis akkoriban k\u00e9sz\u00fcltek, amikor Photoshopr\u00f3l m\u00e9g csak \u00e1lmodni sem mertek az emberek.","robots":{"index":"index","follow":"follow","max-snippet":"max-snippet:-1","max-image-preview":"max-image-preview:large","max-video-preview":"max-video-preview:-1"},"canonical":"https:\/\/liked.hu\/old\/erdekes\/12-rejtelyes-tortenelmi-esemeny\/","og_locale":"hu_HU","og_type":"article","og_title":"12 rejt\u00e9lyes t\u00f6rt\u00e9nelmi esem\u00e9ny, amir\u0151l m\u00e9g ma is vitatkoznak a tud\u00f3sok","og_description":"Manaps\u00e1g a legt\u00f6bb furcsa \u00e9s megmagyar\u00e1zhatatlan fot\u00f3 l\u00e1tt\u00e1n az emberek t\u00f6bbs\u00e9ge gondolkod\u00e1s n\u00e9lk\u00fcl r\u00e1v\u00e1gja, hogy ,,ez Photoshop!\". Az al\u00e1bbi 12 f\u00e9nyk\u00e9p eset\u00e9ben azonban ilyenr\u0151l sz\u00f3 sem lehet: ezek a felv\u00e9telek ugyanis akkoriban k\u00e9sz\u00fcltek, amikor Photoshopr\u00f3l m\u00e9g csak \u00e1lmodni sem mertek az emberek.","og_url":"https:\/\/liked.hu\/old\/erdekes\/12-rejtelyes-tortenelmi-esemeny\/","og_site_name":"Liked.hu","article_publisher":"https:\/\/www.facebook.com\/liked.hu","article_published_time":"2021-09-09T12:50:07+00:00","article_modified_time":"2021-09-09T12:54:22+00:00","og_image":[{"width":1200,"height":630,"url":"https:\/\/liked.hu\/old\/wp-content\/uploads\/2020\/11\/Tortenelmi-rejtelyek.jpg","type":"image\/jpeg"}],"author":"Klingstrom","twitter_card":"summary","twitter_creator":"@LikedHu","twitter_site":"@LikedHu","twitter_misc":{"Szerz\u0151:":"Klingstrom"},"schema":{"@context":"https:\/\/schema.org","@graph":[{"@type":"Article","@id":"https:\/\/liked.hu\/old\/erdekes\/12-rejtelyes-tortenelmi-esemeny\/#article","isPartOf":{"@id":"https:\/\/liked.hu\/old\/erdekes\/12-rejtelyes-tortenelmi-esemeny\/"},"author":{"name":"Klingstrom","@id":"https:\/\/liked.hu\/old\/#\/schema\/person\/1c8d3f8764991e8dcd6572a7de72da8a"},"headline":"12 rejt\u00e9lyes t\u00f6rt\u00e9nelmi esem\u00e9ny, amir\u0151l m\u00e9g ma is vitatkoznak a tud\u00f3sok","datePublished":"2021-09-09T12:50:07+00:00","dateModified":"2021-09-09T12:54:22+00:00","mainEntityOfPage":{"@id":"https:\/\/liked.hu\/old\/erdekes\/12-rejtelyes-tortenelmi-esemeny\/"},"wordCount":57,"commentCount":0,"publisher":{"@id":"https:\/\/liked.hu\/old\/#organization"},"keywords":["f\u00e9nyk\u00e9p","fot\u00f3","photoshop","t\u00f6rt\u00e9nelem"],"articleSection":["\u00c9rdekess\u00e9gek"],"inLanguage":"hu","potentialAction":[{"@type":"CommentAction","name":"Comment","target":["https:\/\/liked.hu\/old\/erdekes\/12-rejtelyes-tortenelmi-esemeny\/#respond"]}]},{"@type":"WebPage","@id":"https:\/\/liked.hu\/old\/erdekes\/12-rejtelyes-tortenelmi-esemeny\/","url":"https:\/\/liked.hu\/old\/erdekes\/12-rejtelyes-tortenelmi-esemeny\/","name":"12 rejt\u00e9lyes t\u00f6rt\u00e9nelmi esem\u00e9ny, amir\u0151l m\u00e9g ma is vitatkoznak a tud\u00f3sok","isPartOf":{"@id":"https:\/\/liked.hu\/old\/#website"},"datePublished":"2021-09-09T12:50:07+00:00","dateModified":"2021-09-09T12:54:22+00:00","description":"Manaps\u00e1g a legt\u00f6bb furcsa \u00e9s megmagyar\u00e1zhatatlan fot\u00f3 l\u00e1tt\u00e1n az emberek t\u00f6bbs\u00e9ge gondolkod\u00e1s n\u00e9lk\u00fcl r\u00e1v\u00e1gja, hogy ,,ez Photoshop!\". Az al\u00e1bbi 12 f\u00e9nyk\u00e9p eset\u00e9ben azonban ilyenr\u0151l sz\u00f3 sem lehet: ezek a felv\u00e9telek ugyanis akkoriban k\u00e9sz\u00fcltek, amikor Photoshopr\u00f3l m\u00e9g csak \u00e1lmodni sem mertek az emberek.","breadcrumb":{"@id":"https:\/\/liked.hu\/old\/erdekes\/12-rejtelyes-tortenelmi-esemeny\/#breadcrumb"},"inLanguage":"hu","potentialAction":[{"@type":"ReadAction","target":["https:\/\/liked.hu\/old\/erdekes\/12-rejtelyes-tortenelmi-esemeny\/"]}]},{"@type":"BreadcrumbList","@id":"https:\/\/liked.hu\/old\/erdekes\/12-rejtelyes-tortenelmi-esemeny\/#breadcrumb","itemListElement":[{"@type":"ListItem","position":1,"name":"Kezd\u0151lap","item":"https:\/\/liked.hu\/old\/"},{"@type":"ListItem","position":2,"name":"12 rejt\u00e9lyes t\u00f6rt\u00e9nelmi esem\u00e9ny, amir\u0151l m\u00e9g ma is vitatkoznak a tud\u00f3sok"}]},{"@type":"WebSite","@id":"https:\/\/liked.hu\/old\/#website","url":"https:\/\/liked.hu\/old\/","name":"Liked.hu","description":"","publisher":{"@id":"https:\/\/liked.hu\/old\/#organization"},"potentialAction":[{"@type":"SearchAction","target":{"@type":"EntryPoint","urlTemplate":"https:\/\/liked.hu\/old\/?s={search_term_string}"},"query-input":"required name=search_term_string"}],"inLanguage":"hu"},{"@type":"Organization","@id":"https:\/\/liked.hu\/old\/#organization","name":"Liked.hu","url":"https:\/\/liked.hu\/old\/","sameAs":["https:\/\/hu.pinterest.com\/likedhungary\/","https:\/\/www.youtube.com\/channel\/UCPv91dbMoIukYcM9b9nHN6Q","https:\/\/www.facebook.com\/liked.hu","https:\/\/twitter.com\/LikedHu"],"logo":{"@type":"ImageObject","inLanguage":"hu","@id":"https:\/\/liked.hu\/old\/#\/schema\/logo\/image\/","url":"https:\/\/liked.hu\/wp-content\/uploads\/2018\/08\/Liked-icon.png","contentUrl":"https:\/\/liked.hu\/wp-content\/uploads\/2018\/08\/Liked-icon.png","width":512,"height":512,"caption":"Liked.hu"},"image":{"@id":"https:\/\/liked.hu\/old\/#\/schema\/logo\/image\/"}},{"@type":"Person","@id":"https:\/\/liked.hu\/old\/#\/schema\/person\/1c8d3f8764991e8dcd6572a7de72da8a","name":"Klingstrom","image":{"@type":"ImageObject","inLanguage":"hu","@id":"https:\/\/liked.hu\/old\/#\/schema\/person\/image\/","url":"https:\/\/liked.hu\/old\/wp-content\/uploads\/avatars\/13\/604de88bd578a-bpfull.jpg","contentUrl":"https:\/\/liked.hu\/old\/wp-content\/uploads\/avatars\/13\/604de88bd578a-bpfull.jpg","caption":"Klingstrom"},"url":"https:\/\/liked.hu\/old\/u\/klingstrom\/"}]}},"publishpress_future_action":{"enabled":false,"date":"1970-01-01 01:00:00","action":"","terms":[],"taxonomy":"","browser_timezone_offset":0},"_links":{"self":[{"href":"https:\/\/liked.hu\/old\/wp-json\/wp\/v2\/posts\/143198"}],"collection":[{"href":"https:\/\/liked.hu\/old\/wp-json\/wp\/v2\/posts"}],"about":[{"href":"https:\/\/liked.hu\/old\/wp-json\/wp\/v2\/types\/post"}],"author":[{"embeddable":true,"href":"https:\/\/liked.hu\/old\/wp-json\/wp\/v2\/users\/13"}],"replies":[{"embeddable":true,"href":"https:\/\/liked.hu\/old\/wp-json\/wp\/v2\/comments?post=143198"}],"version-history":[{"count":0,"href":"https:\/\/liked.hu\/old\/wp-json\/wp\/v2\/posts\/143198\/revisions"}],"wp:featuredmedia":[{"embeddable":true,"href":"https:\/\/liked.hu\/old\/wp-json\/wp\/v2\/media\/254164"}],"wp:attachment":[{"href":"https:\/\/liked.hu\/old\/wp-json\/wp\/v2\/media?parent=143198"}],"wp:term":[{"taxonomy":"category","embeddable":true,"href":"https:\/\/liked.hu\/old\/wp-json\/wp\/v2\/categories?post=143198"},{"taxonomy":"post_tag","embeddable":true,"href":"https:\/\/liked.hu\/old\/wp-json\/wp\/v2\/tags?post=143198"}],"curies":[{"name":"wp","href":"https:\/\/api.w.org\/{rel}","templated":true}]}}