{"id":141881,"date":"2019-05-06T21:30:09","date_gmt":"2019-05-06T19:30:09","guid":{"rendered":"https:\/\/liked.hu\/old\/?p=141881"},"modified":"2022-09-05T19:30:40","modified_gmt":"2022-09-05T17:30:40","slug":"az-uno-keszitoje-megerositette-hogy-nem-szabad-egymasra-pakolni-a-4-es-2-kartyakat","status":"publish","type":"post","link":"https:\/\/liked.hu\/old\/internetes-dolgok\/az-uno-keszitoje-megerositette-hogy-nem-szabad-egymasra-pakolni-a-4-es-2-kartyakat\/","title":{"rendered":"Az UNO k\u00e9sz\u00edt\u0151je meger\u0151s\u00edtette, hogy nem szabad egym\u00e1sra pakolni a +4 \u00e9s +2 k\u00e1rty\u00e1kat"},"content":{"rendered":"<p>Egy kellemes k\u00e1rtyaj\u00e1t\u00e9k a nyaral\u00e1s alatt? Nincs is ann\u00e1l sz\u00f3rakoztat\u00f3bb. Legal\u00e1bbis elm\u00e9letben, a val\u00f3s\u00e1gban ugyanis a k\u00e1rtyaj\u00e1t\u00e9kok, azon bel\u00fcl is az UNO az egyik legnagyobb konfliktus forr\u00e1s, ami csak egy nyaral\u00e1s alatt vesz\u00e9lyezteti a csal\u00e1dokat \u00e9s bar\u00e1ti t\u00e1rsas\u00e1gokat. H\u00e1tba sz\u00far\u00e1sok, csal\u00e1sok \u00e9s tudatos \u00f6sszej\u00e1tsz\u00e1sok? Az ezekb\u0151l fakad\u00f3 konfliktusokat m\u00e1r megszoktuk, \u00e1m az UNO k\u00e9sz\u00edt\u0151je most csavart egyet a sztorin \u00e9s a hivatalos Twitter oldal\u00e1n egy olyan inform\u00e1ci\u00f3t osztott meg, ami sok v\u00e1l\u00e1shoz \u00e9s testv\u00e9rvisz\u00e1lyhoz vezethet m\u00e9g id\u00e9n ny\u00e1ron.<\/p>\n\n<div style=\"float:none;margin:0px 0 0px 0;text-align:center;\">\n<div class=\"mobileShowkakettes\"><div class=\"mobileShowka2\"><div style=\"padding-top:0px;padding-bottom:15px;min-height: 300px;\"><div class=\"hirdetes\">HIRDET\u00c9S<\/div>\n<!-- 300lista -->\n<ins class=\"adsbygoogle\"\n     style=\"display:inline-block;width:300px;height:250px\"\n     data-ad-client=\"ca-pub-9424088931673893\"\n     data-ad-slot=\"8471340766\"><\/ins>\n<script async>\n     (adsbygoogle = window.adsbygoogle || []).push({});\n<\/script><\/div><\/div><\/div><\/div>\n\n<p>Mindannyian tudjuk, hogy amikor egy +4-es k\u00e1rtya el\u0151ker\u00fcl az UNO-ban, akkor ott nem sz\u00e1m\u00edt a csal\u00e1d, nem sz\u00e1m\u00edt a bar\u00e1ts\u00e1g, csak egy a c\u00e9l: lehet\u0151s\u00e9g szerint addig-addig pakolni egym\u00e1sra a pluszos k\u00e1rty\u00e1kat, m\u00edg valaki a v\u00e9g\u00e9n egy j\u00f3 nagyot nem sz\u00edv.<\/p>\n<p>De mi van akkor, ha azt mondan\u00e1nk, hogy eg\u00e9sz id\u0151 alatt rossz szab\u00e1lyok szerint j\u00e1tszottuk a vil\u00e1g egyik legn\u00e9pszer\u0171bb k\u00e1rtyaj\u00e1t\u00e9k\u00e1t? Pedig \u00edgy van, az UNO a hivatalos Twitter fi\u00f3kj\u00e1n eml\u00e9keztette a j\u00e1t\u00e9kosokat a j\u00e1t\u00e9k egyik elfeledett alapszab\u00e1ly\u00e1ra, ami sz\u00f3 szerint sokkolta a rajong\u00f3kat.<\/p>\n<div id=\"zombify-main-section-front\" class=\"zombify-main-section-front zombify-screen zf-media-full\">\r\n<link rel=\"stylesheet\" type=\"text\/css\" href=\"https:\/\/liked.hu\/old\/js\/zombify.css\">\r\n    <link rel=\"stylesheet\" type=\"text\/css\" href=\"https:\/\/liked.hu\/old\/wp-content\/themes\/newsy-child\/style.css\">\r\n\t\r\n    <div class=\"zf-container\">\r\n\r\n\r\n        <div id=\"zf-story\" class=\"zf-story\">\r\n            <div class=\"zf-story_item\">\r\n\t<h3 class=\"zf_title\"><\/h3>\r\n\t\t\t<figure class=\"zf-story_media zf-media-wrapper zf-image zf-type-image\">\r\n\t\t\t<div class=\"zf-media\">\r\n\t\t\t\t<img width=\"550\" height=\"382\" src=\"https:\/\/liked.hu\/old\/wp-content\/uploads\/2019\/05\/UNO-2.jpg\" class=\"\" alt=\"\" loading=\"lazy\" style=\"\" srcset=\"https:\/\/liked.hu\/old\/wp-content\/uploads\/2019\/05\/UNO-2.jpg 550w, https:\/\/liked.hu\/old\/wp-content\/uploads\/2019\/05\/UNO-2-300x208.jpg 300w, https:\/\/liked.hu\/old\/wp-content\/uploads\/2019\/05\/UNO-2-500x347.jpg 500w, https:\/\/liked.hu\/old\/wp-content\/uploads\/2019\/05\/UNO-2-360x250.jpg 360w, https:\/\/liked.hu\/old\/wp-content\/uploads\/2019\/05\/UNO-2-545x379.jpg 545w\" sizes=\"(max-width: 550px) 100vw, 550px\" \/>\t\t\t\t\t<figcaption class=\"zf-figcaption\">\r\n\t\t\t\t\t\t<cite>\r\n\t\t\t\t\t\t\t<a href=\"https:\/\/www.flickr.com\/photos\/natecull\/3118167\"\r\n\t\t\t\t\t\t\t   class=\"zf-media_credit\"\r\n\t\t\t\t\t\t\t   target=\"_blank\"\r\n\t\t\t\t\t\t\t   rel=\"nofollow noopener\">Nate Cull \/ Flickr<\/a>\r\n\t\t\t\t\t\t<\/cite>\r\n\t\t\t\t\t<\/figcaption>\r\n\t\t\t\t\t\t\t<\/div>\r\n\t\t<\/figure>\r\n\t\t\t\t\t<div class=\"zf_description\"><p>A h\u00e9tv\u00e9g\u00e9n a j\u00e1t\u00e9k k\u00e9sz\u00edt\u0151i \u00fagy d\u00f6nt\u00f6ttek, hogy a k\u00f6z\u00f6ss\u00e9gi oldalukon kereszt\u00fcl tiszt\u00e1znak valamit, amit a j\u00e1t\u00e9kosok 90%-a biztos, hogy rosszul tudott ezzel a n\u00e9pszer\u0171 j\u00e1t\u00e9kkal kapcsolatban.<\/p><p>Eddig ugyanis, ha valaki egy +4-es lapot rakott el\u00e9nk, akkor vakon r\u00e1v\u00e1gtuk a mi kez\u00fcnkben l\u00e9v\u0151 +4-es k\u00e1rty\u00e1t, \u00e9s a +2-esekkel is a v\u00e9gtelenig tudtuk h\u00fazni egym\u00e1s sz\u00edvat\u00e1s\u00e1t \u2013 \u00e1m kider\u00fclt, hogy minden eddigi UNO-partit rosszul j\u00e1tszottunk. Ahogy a hivatalos bejegyz\u00e9sben is olvashatjuk ugyanis:<\/p><\/div><\/div><div class=\"zf-story_item\">\r\n    <h3 class=\"zf_title\">NEM PAKOLHATJUK EGYM\u00c1SRA A +4 \u00c9S +2 K\u00c1RTY\u00c1KAT!<\/h3>\r\n            <figure class=\"zf-story_media zf-media-wrapper zf-type-embed\">\r\n            <div class=\"zf-embedded-url\"><div class=\"zf-embed-cont\"><blockquote class=\"twitter-tweet\" data-width=\"500\" data-dnt=\"true\"><p lang=\"en\" dir=\"ltr\">If someone puts down a +4 card, you must draw 4 and your turn is skipped. You can\u2019t put down a +2 to make the next person Draw 6. We know you\u2019ve tried it. <a href=\"https:\/\/twitter.com\/hashtag\/UNO?src=hash&amp;ref_src=twsrc%5Etfw\">#UNO<\/a> <a href=\"https:\/\/t.co\/wOegca4r0h\">pic.twitter.com\/wOegca4r0h<\/a><\/p>&mdash; UNO (@realUNOgame) <a href=\"https:\/\/twitter.com\/realUNOgame\/status\/1124720366130204672?ref_src=twsrc%5Etfw\">May 4, 2019<\/a><\/blockquote><script async src=\"https:\/\/platform.twitter.com\/widgets.js\" charset=\"utf-8\"><\/script><\/div><\/div>\r\n                    <\/figure>\r\n            <div class=\"zf-list_description\"><p>A Twitter bejegyz\u00e9sben egy r\u00f6vid magyar\u00e1zat is olvashat\u00f3: vagyis, ha valaki +4-es vagy +2-es k\u00e1rty\u00e1t rak le nek\u00fcnk, akkor \u2013 hi\u00e1ba van n\u00e1lunk pluszos k\u00e1rtya \u2013 nem rakhatunk r\u00e1juk semmit, egyszer\u0171en fel kell h\u00faznunk az adott mennyis\u00e9g\u0171 k\u00e1rty\u00e1t, majd az ut\u00e1nunk k\u00f6vetkez\u0151 j\u00e1t\u00e9kos k\u00f6vetkezik.<\/p><p>V\u00e9lem\u00e9ny\u00fcnk szerint ez a r\u00e9g elfeledettnek hitt szab\u00e1ly rendesen odav\u00e1g a j\u00e1t\u00e9k \u00f6r\u00f6m\u00e9nek, de h\u00e1t a szab\u00e1ly az szab\u00e1ly \u2013 legal\u00e1bbis elm\u00e9letileg. A k\u00e9rd\u00e9s m\u00e1r csak az, hogy\u2026<\/p><\/div>\r\n    <\/div><div class=\"zf-poll\">\r\n\r\n    <ol class=\"zf-structure-list\">\r\n        <li class=\"zf-quiz_question zf-2up zf-poll-item \"\r\n\tdata-voted_count=\"0\">\r\n\t<div class=\"zf-quiz_header\"><h3 class=\"zf-quiz_title\">Te a gy\u00e1rt\u00f3 \u00e1ltal el\u0151\u00edrt szab\u00e1ly szerint fogsz ezent\u00fal j\u00e1tszani?<\/h3><\/div>\r\n\t<ol class=\"zf-structure-list zf-quiz_answer zf-2up zf-clearfix\">\r\n\t\t\t\t\t\t<li class=\"zf-answer-item  \"\r\n\t\t\t\t\tdata-voted=\"0\"\r\n\t\t\t\t\tdata-voted-group=\"0\"\r\n\t\t\t\t\tdata-id=\"9G58ujHAJrDdGjjHCGPjmvKPGjA0gvxC\" data-post-id=\"141881\"\r\n\t\t\t\t\tdata-group-id=\"feVT0Jmirp04sDPMDqmYz3wT6LVupM2z\">\r\n\r\n\t\t\t\t\t<div class=\"zf-answer js-zf-answer\">\r\n\t\t\t\t\t\t\t\t\t\t\t\t<figure class=\"zf-answer_media zf-image\">\r\n\t\t\t\t\t\t\t<div class=\"zf-checkbox-wrp\"><\/div>\r\n\t\t\t\t\t\t\t<img width=\"350\" height=\"350\" src=\"https:\/\/liked.hu\/old\/wp-content\/uploads\/2019\/05\/Persze-350x350.jpg\" class=\"\" alt=\"\" loading=\"lazy\" style=\"\" srcset=\"https:\/\/liked.hu\/old\/wp-content\/uploads\/2019\/05\/Persze-350x350.jpg 350w, https:\/\/liked.hu\/old\/wp-content\/uploads\/2019\/05\/Persze-150x150.jpg 150w, https:\/\/liked.hu\/old\/wp-content\/uploads\/2019\/05\/Persze-300x300.jpg 300w, https:\/\/liked.hu\/old\/wp-content\/uploads\/2019\/05\/Persze-360x360.jpg 360w, https:\/\/liked.hu\/old\/wp-content\/uploads\/2019\/05\/Persze.jpg 400w\" sizes=\"(max-width: 350px) 100vw, 350px\" \/>\t\t\t\t\t\t\t<div class=\"zf-poll-stat\"><\/div>\r\n\t\t\t\t\t\t\t<div class=\"zf-poll-stat_count\"><\/div>\r\n\t\t\t\t\t\t<\/figure>\r\n\r\n\t\t\t\t\t\t<div class=\"zf-answer_text\"> <\/div>\r\n\t\t\t\t\t<\/div>\r\n\t\t\t\t<\/li>\r\n\t\t\t\t\t\t\t\t<li class=\"zf-answer-item  \"\r\n\t\t\t\t\tdata-voted=\"0\"\r\n\t\t\t\t\tdata-voted-group=\"0\"\r\n\t\t\t\t\tdata-id=\"XQavZjXG2OyPCgk2CLLtQ94Htrvj1qAN\" data-post-id=\"141881\"\r\n\t\t\t\t\tdata-group-id=\"feVT0Jmirp04sDPMDqmYz3wT6LVupM2z\">\r\n\r\n\t\t\t\t\t<div class=\"zf-answer js-zf-answer\">\r\n\t\t\t\t\t\t\t\t\t\t\t\t<figure class=\"zf-answer_media zf-image\">\r\n\t\t\t\t\t\t\t<div class=\"zf-checkbox-wrp\"><\/div>\r\n\t\t\t\t\t\t\t<img width=\"350\" height=\"350\" src=\"https:\/\/liked.hu\/old\/wp-content\/uploads\/2019\/05\/Dehogyis-350x350.jpg\" class=\"\" alt=\"\" loading=\"lazy\" style=\"\" srcset=\"https:\/\/liked.hu\/old\/wp-content\/uploads\/2019\/05\/Dehogyis-350x350.jpg 350w, https:\/\/liked.hu\/old\/wp-content\/uploads\/2019\/05\/Dehogyis-150x150.jpg 150w, https:\/\/liked.hu\/old\/wp-content\/uploads\/2019\/05\/Dehogyis-300x300.jpg 300w, https:\/\/liked.hu\/old\/wp-content\/uploads\/2019\/05\/Dehogyis-360x360.jpg 360w, https:\/\/liked.hu\/old\/wp-content\/uploads\/2019\/05\/Dehogyis.jpg 400w\" sizes=\"(max-width: 350px) 100vw, 350px\" \/>\t\t\t\t\t\t\t<div class=\"zf-poll-stat\"><\/div>\r\n\t\t\t\t\t\t\t<div class=\"zf-poll-stat_count\"><\/div>\r\n\t\t\t\t\t\t<\/figure>\r\n\r\n\t\t\t\t\t\t<div class=\"zf-answer_text\"> <\/div>\r\n\t\t\t\t\t<\/div>\r\n\t\t\t\t<\/li>\r\n\t\t\t\t\t<\/ol>\r\n\t<div class=\"zf-poll_total\">\r\n\t\t<span class=\"voted-count\">0<\/span> szavazat\t<\/div>\r\n\t    <div class=\"zf-result_share\">\r\n        <div class=\"zf-share_text\">Mutasd meg, hogy mire szavazt\u00e1l:<\/div>\r\n        <div class=\"zf-share_box\">\r\n            <a class=\"zf-share zf_twitter\" target='_blank'\r\n               href=\"https:\/\/twitter.com\/intent\/tweet?text=Erre szavaztam:%20zombifyResult%20%22Te a gy\u00e1rt\u00f3 \u00e1ltal el\u0151\u00edrt szab\u00e1ly szerint fogsz ezent\u00fal j\u00e1tszani?%22%20+https%3A%2F%2Fliked.hu%2Fold%2Finternetes-dolgok%2Faz-uno-keszitoje-megerositette-hogy-nem-szabad-egymasra-pakolni-a-4-es-2-kartyakat%2F\">\r\n                <i class=\"zf-icon zf-icon-twitter\"><\/i>Twitter<\/a>\r\n            <a class=\"zf-share  zf_facebook\" target='_blank'\r\n               href=\"http:\/\/www.facebook.com\/share.php?u=https%3A%2F%2Fliked.hu%2Fold%2Finternetes-dolgok%2Faz-uno-keszitoje-megerositette-hogy-nem-szabad-egymasra-pakolni-a-4-es-2-kartyakat%2F&quote=Erre szavaztam:%20zombifyResult%20%22Te a gy\u00e1rt\u00f3 \u00e1ltal el\u0151\u00edrt szab\u00e1ly szerint fogsz ezent\u00fal j\u00e1tszani?%22%20\">\r\n                <i class=\"zf-icon zf-icon-facebook\"><\/i>Facebook            <\/a>\r\n        <\/div>\r\n    <\/div>\r\n<\/li>\r\n    <\/ol>\r\n<\/div>        <\/div>\r\n    <\/div>\r\n\r\n    <\/div>\r\n\r\n\r\n\n","protected":false},"excerpt":{"rendered":"<p>Egy kellemes k\u00e1rtyaj\u00e1t\u00e9k a nyaral\u00e1s alatt? Nincs is ann\u00e1l sz\u00f3rakoztat\u00f3bb. Legal\u00e1bbis elm\u00e9letben, a val\u00f3s\u00e1gban ugyanis a k\u00e1rtyaj\u00e1t\u00e9kok, azon bel\u00fcl is az UNO az egyik legnagyobb konfliktus forr\u00e1s, ami csak egy nyaral\u00e1s alatt vesz\u00e9lyezteti a csal\u00e1dokat \u00e9s bar\u00e1ti t\u00e1rsas\u00e1gokat. H\u00e1tba sz\u00far\u00e1sok, csal\u00e1sok \u00e9s tudatos \u00f6sszej\u00e1tsz\u00e1sok? Az ezekb\u0151l fakad\u00f3 konfliktusokat m\u00e1r megszoktuk, \u00e1m az UNO k\u00e9sz\u00edt\u0151je most [&hellip;]<\/p>\n","protected":false},"author":13,"featured_media":141883,"comment_status":"open","ping_status":"closed","sticky":false,"template":"","format":"standard","meta":{"buzzeditor_post_format":""},"categories":[9578],"tags":[1236,8234,8232,8235,8233],"yoast_head":"<!-- This site is optimized with the Yoast SEO plugin v19.6.1 - https:\/\/yoast.com\/wordpress\/plugins\/seo\/ -->\n<title>Az UNO k\u00e9sz\u00edt\u0151je meger\u0151s\u00edtette, hogy nem szabad egym\u00e1sra pakolni a +4 \u00e9s +2 k\u00e1rty\u00e1kat<\/title>\n<meta name=\"description\" content=\"Egy kellemes k\u00e1rtyaj\u00e1t\u00e9k a nyaral\u00e1s alatt? Nincs is ann\u00e1l sz\u00f3rakoztat\u00f3bb. Legal\u00e1bbis elm\u00e9letben, a val\u00f3s\u00e1gban ugyanis a k\u00e1rtyaj\u00e1t\u00e9kok, azon bel\u00fcl is az\" \/>\n<meta name=\"robots\" content=\"index, follow, max-snippet:-1, max-image-preview:large, max-video-preview:-1\" \/>\n<link rel=\"canonical\" href=\"https:\/\/liked.hu\/old\/internetes-dolgok\/az-uno-keszitoje-megerositette-hogy-nem-szabad-egymasra-pakolni-a-4-es-2-kartyakat\/\" \/>\n<meta property=\"og:locale\" content=\"hu_HU\" \/>\n<meta property=\"og:type\" content=\"article\" \/>\n<meta property=\"og:title\" content=\"Az UNO k\u00e9sz\u00edt\u0151je meger\u0151s\u00edtette, hogy nem szabad egym\u00e1sra pakolni a +4 \u00e9s +2 k\u00e1rty\u00e1kat\" \/>\n<meta property=\"og:description\" content=\"Egy kellemes k\u00e1rtyaj\u00e1t\u00e9k a nyaral\u00e1s alatt? Nincs is ann\u00e1l sz\u00f3rakoztat\u00f3bb. Legal\u00e1bbis elm\u00e9letben, a val\u00f3s\u00e1gban ugyanis a k\u00e1rtyaj\u00e1t\u00e9kok, azon bel\u00fcl is az\" \/>\n<meta property=\"og:url\" content=\"https:\/\/liked.hu\/old\/internetes-dolgok\/az-uno-keszitoje-megerositette-hogy-nem-szabad-egymasra-pakolni-a-4-es-2-kartyakat\/\" \/>\n<meta property=\"og:site_name\" content=\"Liked.hu\" \/>\n<meta property=\"article:publisher\" content=\"https:\/\/www.facebook.com\/liked.hu\" \/>\n<meta property=\"article:published_time\" content=\"2019-05-06T19:30:09+00:00\" \/>\n<meta property=\"article:modified_time\" content=\"2022-09-05T17:30:40+00:00\" \/>\n<meta property=\"og:image\" content=\"https:\/\/liked.hu\/old\/wp-content\/uploads\/2019\/05\/UNO-jatekszabaly.jpg\" \/>\n\t<meta property=\"og:image:width\" content=\"1200\" \/>\n\t<meta property=\"og:image:height\" content=\"630\" \/>\n\t<meta property=\"og:image:type\" content=\"image\/jpeg\" \/>\n<meta name=\"author\" content=\"Klingstrom\" \/>\n<meta name=\"twitter:card\" content=\"summary\" \/>\n<meta name=\"twitter:creator\" content=\"@LikedHu\" \/>\n<meta name=\"twitter:site\" content=\"@LikedHu\" \/>\n<meta name=\"twitter:label1\" content=\"Szerz\u0151:\" \/>\n\t<meta name=\"twitter:data1\" content=\"Klingstrom\" \/>\n\t<meta name=\"twitter:label2\" content=\"Becs\u00fclt olvas\u00e1si id\u0151\" \/>\n\t<meta name=\"twitter:data2\" content=\"1 perc\" \/>\n<script type=\"application\/ld+json\" class=\"yoast-schema-graph\">{\"@context\":\"https:\/\/schema.org\",\"@graph\":[{\"@type\":\"Article\",\"@id\":\"https:\/\/liked.hu\/old\/internetes-dolgok\/az-uno-keszitoje-megerositette-hogy-nem-szabad-egymasra-pakolni-a-4-es-2-kartyakat\/#article\",\"isPartOf\":{\"@id\":\"https:\/\/liked.hu\/old\/internetes-dolgok\/az-uno-keszitoje-megerositette-hogy-nem-szabad-egymasra-pakolni-a-4-es-2-kartyakat\/\"},\"author\":{\"name\":\"Klingstrom\",\"@id\":\"https:\/\/liked.hu\/old\/#\/schema\/person\/1c8d3f8764991e8dcd6572a7de72da8a\"},\"headline\":\"Az UNO k\u00e9sz\u00edt\u0151je meger\u0151s\u00edtette, hogy nem szabad egym\u00e1sra pakolni a +4 \u00e9s +2 k\u00e1rty\u00e1kat\",\"datePublished\":\"2019-05-06T19:30:09+00:00\",\"dateModified\":\"2022-09-05T17:30:40+00:00\",\"mainEntityOfPage\":{\"@id\":\"https:\/\/liked.hu\/old\/internetes-dolgok\/az-uno-keszitoje-megerositette-hogy-nem-szabad-egymasra-pakolni-a-4-es-2-kartyakat\/\"},\"wordCount\":270,\"commentCount\":21,\"publisher\":{\"@id\":\"https:\/\/liked.hu\/old\/#organization\"},\"keywords\":[\"j\u00e1t\u00e9k\",\"j\u00e1t\u00e9kszab\u00e1ly\",\"uno\",\"uno j\u00e1t\u00e9kszab\u00e1ly\",\"uno szab\u00e1ly\"],\"articleSection\":[\"Interneten tal\u00e1lt dolgok\"],\"inLanguage\":\"hu\",\"potentialAction\":[{\"@type\":\"CommentAction\",\"name\":\"Comment\",\"target\":[\"https:\/\/liked.hu\/old\/internetes-dolgok\/az-uno-keszitoje-megerositette-hogy-nem-szabad-egymasra-pakolni-a-4-es-2-kartyakat\/#respond\"]}]},{\"@type\":\"WebPage\",\"@id\":\"https:\/\/liked.hu\/old\/internetes-dolgok\/az-uno-keszitoje-megerositette-hogy-nem-szabad-egymasra-pakolni-a-4-es-2-kartyakat\/\",\"url\":\"https:\/\/liked.hu\/old\/internetes-dolgok\/az-uno-keszitoje-megerositette-hogy-nem-szabad-egymasra-pakolni-a-4-es-2-kartyakat\/\",\"name\":\"Az UNO k\u00e9sz\u00edt\u0151je meger\u0151s\u00edtette, hogy nem szabad egym\u00e1sra pakolni a +4 \u00e9s +2 k\u00e1rty\u00e1kat\",\"isPartOf\":{\"@id\":\"https:\/\/liked.hu\/old\/#website\"},\"datePublished\":\"2019-05-06T19:30:09+00:00\",\"dateModified\":\"2022-09-05T17:30:40+00:00\",\"description\":\"Egy kellemes k\u00e1rtyaj\u00e1t\u00e9k a nyaral\u00e1s alatt? Nincs is ann\u00e1l sz\u00f3rakoztat\u00f3bb. Legal\u00e1bbis elm\u00e9letben, a val\u00f3s\u00e1gban ugyanis a k\u00e1rtyaj\u00e1t\u00e9kok, azon bel\u00fcl is az\",\"breadcrumb\":{\"@id\":\"https:\/\/liked.hu\/old\/internetes-dolgok\/az-uno-keszitoje-megerositette-hogy-nem-szabad-egymasra-pakolni-a-4-es-2-kartyakat\/#breadcrumb\"},\"inLanguage\":\"hu\",\"potentialAction\":[{\"@type\":\"ReadAction\",\"target\":[\"https:\/\/liked.hu\/old\/internetes-dolgok\/az-uno-keszitoje-megerositette-hogy-nem-szabad-egymasra-pakolni-a-4-es-2-kartyakat\/\"]}]},{\"@type\":\"BreadcrumbList\",\"@id\":\"https:\/\/liked.hu\/old\/internetes-dolgok\/az-uno-keszitoje-megerositette-hogy-nem-szabad-egymasra-pakolni-a-4-es-2-kartyakat\/#breadcrumb\",\"itemListElement\":[{\"@type\":\"ListItem\",\"position\":1,\"name\":\"Kezd\u0151lap\",\"item\":\"https:\/\/liked.hu\/old\/\"},{\"@type\":\"ListItem\",\"position\":2,\"name\":\"Az UNO k\u00e9sz\u00edt\u0151je meger\u0151s\u00edtette, hogy nem szabad egym\u00e1sra pakolni a +4 \u00e9s +2 k\u00e1rty\u00e1kat\"}]},{\"@type\":\"WebSite\",\"@id\":\"https:\/\/liked.hu\/old\/#website\",\"url\":\"https:\/\/liked.hu\/old\/\",\"name\":\"Liked.hu\",\"description\":\"\",\"publisher\":{\"@id\":\"https:\/\/liked.hu\/old\/#organization\"},\"potentialAction\":[{\"@type\":\"SearchAction\",\"target\":{\"@type\":\"EntryPoint\",\"urlTemplate\":\"https:\/\/liked.hu\/old\/?s={search_term_string}\"},\"query-input\":\"required name=search_term_string\"}],\"inLanguage\":\"hu\"},{\"@type\":\"Organization\",\"@id\":\"https:\/\/liked.hu\/old\/#organization\",\"name\":\"Liked.hu\",\"url\":\"https:\/\/liked.hu\/old\/\",\"sameAs\":[\"https:\/\/hu.pinterest.com\/likedhungary\/\",\"https:\/\/www.youtube.com\/channel\/UCPv91dbMoIukYcM9b9nHN6Q\",\"https:\/\/www.facebook.com\/liked.hu\",\"https:\/\/twitter.com\/LikedHu\"],\"logo\":{\"@type\":\"ImageObject\",\"inLanguage\":\"hu\",\"@id\":\"https:\/\/liked.hu\/old\/#\/schema\/logo\/image\/\",\"url\":\"https:\/\/liked.hu\/wp-content\/uploads\/2018\/08\/Liked-icon.png\",\"contentUrl\":\"https:\/\/liked.hu\/wp-content\/uploads\/2018\/08\/Liked-icon.png\",\"width\":512,\"height\":512,\"caption\":\"Liked.hu\"},\"image\":{\"@id\":\"https:\/\/liked.hu\/old\/#\/schema\/logo\/image\/\"}},{\"@type\":\"Person\",\"@id\":\"https:\/\/liked.hu\/old\/#\/schema\/person\/1c8d3f8764991e8dcd6572a7de72da8a\",\"name\":\"Klingstrom\",\"image\":{\"@type\":\"ImageObject\",\"inLanguage\":\"hu\",\"@id\":\"https:\/\/liked.hu\/old\/#\/schema\/person\/image\/\",\"url\":\"https:\/\/liked.hu\/old\/wp-content\/uploads\/avatars\/13\/604de88bd578a-bpfull.jpg\",\"contentUrl\":\"https:\/\/liked.hu\/old\/wp-content\/uploads\/avatars\/13\/604de88bd578a-bpfull.jpg\",\"caption\":\"Klingstrom\"},\"url\":\"https:\/\/liked.hu\/old\/u\/klingstrom\/\"}]}<\/script>\n<!-- \/ Yoast SEO plugin. -->","yoast_head_json":{"title":"Az UNO k\u00e9sz\u00edt\u0151je meger\u0151s\u00edtette, hogy nem szabad egym\u00e1sra pakolni a +4 \u00e9s +2 k\u00e1rty\u00e1kat","description":"Egy kellemes k\u00e1rtyaj\u00e1t\u00e9k a nyaral\u00e1s alatt? Nincs is ann\u00e1l sz\u00f3rakoztat\u00f3bb. Legal\u00e1bbis elm\u00e9letben, a val\u00f3s\u00e1gban ugyanis a k\u00e1rtyaj\u00e1t\u00e9kok, azon bel\u00fcl is az","robots":{"index":"index","follow":"follow","max-snippet":"max-snippet:-1","max-image-preview":"max-image-preview:large","max-video-preview":"max-video-preview:-1"},"canonical":"https:\/\/liked.hu\/old\/internetes-dolgok\/az-uno-keszitoje-megerositette-hogy-nem-szabad-egymasra-pakolni-a-4-es-2-kartyakat\/","og_locale":"hu_HU","og_type":"article","og_title":"Az UNO k\u00e9sz\u00edt\u0151je meger\u0151s\u00edtette, hogy nem szabad egym\u00e1sra pakolni a +4 \u00e9s +2 k\u00e1rty\u00e1kat","og_description":"Egy kellemes k\u00e1rtyaj\u00e1t\u00e9k a nyaral\u00e1s alatt? Nincs is ann\u00e1l sz\u00f3rakoztat\u00f3bb. Legal\u00e1bbis elm\u00e9letben, a val\u00f3s\u00e1gban ugyanis a k\u00e1rtyaj\u00e1t\u00e9kok, azon bel\u00fcl is az","og_url":"https:\/\/liked.hu\/old\/internetes-dolgok\/az-uno-keszitoje-megerositette-hogy-nem-szabad-egymasra-pakolni-a-4-es-2-kartyakat\/","og_site_name":"Liked.hu","article_publisher":"https:\/\/www.facebook.com\/liked.hu","article_published_time":"2019-05-06T19:30:09+00:00","article_modified_time":"2022-09-05T17:30:40+00:00","og_image":[{"width":1200,"height":630,"url":"https:\/\/liked.hu\/old\/wp-content\/uploads\/2019\/05\/UNO-jatekszabaly.jpg","type":"image\/jpeg"}],"author":"Klingstrom","twitter_card":"summary","twitter_creator":"@LikedHu","twitter_site":"@LikedHu","twitter_misc":{"Szerz\u0151:":"Klingstrom","Becs\u00fclt olvas\u00e1si id\u0151":"1 perc"},"schema":{"@context":"https:\/\/schema.org","@graph":[{"@type":"Article","@id":"https:\/\/liked.hu\/old\/internetes-dolgok\/az-uno-keszitoje-megerositette-hogy-nem-szabad-egymasra-pakolni-a-4-es-2-kartyakat\/#article","isPartOf":{"@id":"https:\/\/liked.hu\/old\/internetes-dolgok\/az-uno-keszitoje-megerositette-hogy-nem-szabad-egymasra-pakolni-a-4-es-2-kartyakat\/"},"author":{"name":"Klingstrom","@id":"https:\/\/liked.hu\/old\/#\/schema\/person\/1c8d3f8764991e8dcd6572a7de72da8a"},"headline":"Az UNO k\u00e9sz\u00edt\u0151je meger\u0151s\u00edtette, hogy nem szabad egym\u00e1sra pakolni a +4 \u00e9s +2 k\u00e1rty\u00e1kat","datePublished":"2019-05-06T19:30:09+00:00","dateModified":"2022-09-05T17:30:40+00:00","mainEntityOfPage":{"@id":"https:\/\/liked.hu\/old\/internetes-dolgok\/az-uno-keszitoje-megerositette-hogy-nem-szabad-egymasra-pakolni-a-4-es-2-kartyakat\/"},"wordCount":270,"commentCount":21,"publisher":{"@id":"https:\/\/liked.hu\/old\/#organization"},"keywords":["j\u00e1t\u00e9k","j\u00e1t\u00e9kszab\u00e1ly","uno","uno j\u00e1t\u00e9kszab\u00e1ly","uno szab\u00e1ly"],"articleSection":["Interneten tal\u00e1lt dolgok"],"inLanguage":"hu","potentialAction":[{"@type":"CommentAction","name":"Comment","target":["https:\/\/liked.hu\/old\/internetes-dolgok\/az-uno-keszitoje-megerositette-hogy-nem-szabad-egymasra-pakolni-a-4-es-2-kartyakat\/#respond"]}]},{"@type":"WebPage","@id":"https:\/\/liked.hu\/old\/internetes-dolgok\/az-uno-keszitoje-megerositette-hogy-nem-szabad-egymasra-pakolni-a-4-es-2-kartyakat\/","url":"https:\/\/liked.hu\/old\/internetes-dolgok\/az-uno-keszitoje-megerositette-hogy-nem-szabad-egymasra-pakolni-a-4-es-2-kartyakat\/","name":"Az UNO k\u00e9sz\u00edt\u0151je meger\u0151s\u00edtette, hogy nem szabad egym\u00e1sra pakolni a +4 \u00e9s +2 k\u00e1rty\u00e1kat","isPartOf":{"@id":"https:\/\/liked.hu\/old\/#website"},"datePublished":"2019-05-06T19:30:09+00:00","dateModified":"2022-09-05T17:30:40+00:00","description":"Egy kellemes k\u00e1rtyaj\u00e1t\u00e9k a nyaral\u00e1s alatt? Nincs is ann\u00e1l sz\u00f3rakoztat\u00f3bb. Legal\u00e1bbis elm\u00e9letben, a val\u00f3s\u00e1gban ugyanis a k\u00e1rtyaj\u00e1t\u00e9kok, azon bel\u00fcl is az","breadcrumb":{"@id":"https:\/\/liked.hu\/old\/internetes-dolgok\/az-uno-keszitoje-megerositette-hogy-nem-szabad-egymasra-pakolni-a-4-es-2-kartyakat\/#breadcrumb"},"inLanguage":"hu","potentialAction":[{"@type":"ReadAction","target":["https:\/\/liked.hu\/old\/internetes-dolgok\/az-uno-keszitoje-megerositette-hogy-nem-szabad-egymasra-pakolni-a-4-es-2-kartyakat\/"]}]},{"@type":"BreadcrumbList","@id":"https:\/\/liked.hu\/old\/internetes-dolgok\/az-uno-keszitoje-megerositette-hogy-nem-szabad-egymasra-pakolni-a-4-es-2-kartyakat\/#breadcrumb","itemListElement":[{"@type":"ListItem","position":1,"name":"Kezd\u0151lap","item":"https:\/\/liked.hu\/old\/"},{"@type":"ListItem","position":2,"name":"Az UNO k\u00e9sz\u00edt\u0151je meger\u0151s\u00edtette, hogy nem szabad egym\u00e1sra pakolni a +4 \u00e9s +2 k\u00e1rty\u00e1kat"}]},{"@type":"WebSite","@id":"https:\/\/liked.hu\/old\/#website","url":"https:\/\/liked.hu\/old\/","name":"Liked.hu","description":"","publisher":{"@id":"https:\/\/liked.hu\/old\/#organization"},"potentialAction":[{"@type":"SearchAction","target":{"@type":"EntryPoint","urlTemplate":"https:\/\/liked.hu\/old\/?s={search_term_string}"},"query-input":"required name=search_term_string"}],"inLanguage":"hu"},{"@type":"Organization","@id":"https:\/\/liked.hu\/old\/#organization","name":"Liked.hu","url":"https:\/\/liked.hu\/old\/","sameAs":["https:\/\/hu.pinterest.com\/likedhungary\/","https:\/\/www.youtube.com\/channel\/UCPv91dbMoIukYcM9b9nHN6Q","https:\/\/www.facebook.com\/liked.hu","https:\/\/twitter.com\/LikedHu"],"logo":{"@type":"ImageObject","inLanguage":"hu","@id":"https:\/\/liked.hu\/old\/#\/schema\/logo\/image\/","url":"https:\/\/liked.hu\/wp-content\/uploads\/2018\/08\/Liked-icon.png","contentUrl":"https:\/\/liked.hu\/wp-content\/uploads\/2018\/08\/Liked-icon.png","width":512,"height":512,"caption":"Liked.hu"},"image":{"@id":"https:\/\/liked.hu\/old\/#\/schema\/logo\/image\/"}},{"@type":"Person","@id":"https:\/\/liked.hu\/old\/#\/schema\/person\/1c8d3f8764991e8dcd6572a7de72da8a","name":"Klingstrom","image":{"@type":"ImageObject","inLanguage":"hu","@id":"https:\/\/liked.hu\/old\/#\/schema\/person\/image\/","url":"https:\/\/liked.hu\/old\/wp-content\/uploads\/avatars\/13\/604de88bd578a-bpfull.jpg","contentUrl":"https:\/\/liked.hu\/old\/wp-content\/uploads\/avatars\/13\/604de88bd578a-bpfull.jpg","caption":"Klingstrom"},"url":"https:\/\/liked.hu\/old\/u\/klingstrom\/"}]}},"publishpress_future_action":{"enabled":false,"date":"1970-01-01 01:00:00","action":"","terms":[],"taxonomy":"","browser_timezone_offset":0},"_links":{"self":[{"href":"https:\/\/liked.hu\/old\/wp-json\/wp\/v2\/posts\/141881"}],"collection":[{"href":"https:\/\/liked.hu\/old\/wp-json\/wp\/v2\/posts"}],"about":[{"href":"https:\/\/liked.hu\/old\/wp-json\/wp\/v2\/types\/post"}],"author":[{"embeddable":true,"href":"https:\/\/liked.hu\/old\/wp-json\/wp\/v2\/users\/13"}],"replies":[{"embeddable":true,"href":"https:\/\/liked.hu\/old\/wp-json\/wp\/v2\/comments?post=141881"}],"version-history":[{"count":0,"href":"https:\/\/liked.hu\/old\/wp-json\/wp\/v2\/posts\/141881\/revisions"}],"wp:featuredmedia":[{"embeddable":true,"href":"https:\/\/liked.hu\/old\/wp-json\/wp\/v2\/media\/141883"}],"wp:attachment":[{"href":"https:\/\/liked.hu\/old\/wp-json\/wp\/v2\/media?parent=141881"}],"wp:term":[{"taxonomy":"category","embeddable":true,"href":"https:\/\/liked.hu\/old\/wp-json\/wp\/v2\/categories?post=141881"},{"taxonomy":"post_tag","embeddable":true,"href":"https:\/\/liked.hu\/old\/wp-json\/wp\/v2\/tags?post=141881"}],"curies":[{"name":"wp","href":"https:\/\/api.w.org\/{rel}","templated":true}]}}