{"id":141823,"date":"2019-05-06T07:39:45","date_gmt":"2019-05-06T05:39:45","guid":{"rendered":"https:\/\/liked.hu\/old\/?p=141823"},"modified":"2022-09-05T19:30:14","modified_gmt":"2022-09-05T17:30:14","slug":"20-szinesz-aki-szinte-eggye-valt-az-altala-jatszott-karakterrel-a-kepernyon","status":"publish","type":"post","link":"https:\/\/liked.hu\/old\/filmek-es-tv\/20-szinesz-aki-szinte-eggye-valt-az-altala-jatszott-karakterrel-a-kepernyon\/","title":{"rendered":"20 sz\u00edn\u00e9sz, aki szinte eggy\u00e9 v\u00e1lt az \u00e1ltala j\u00e1tszott karakterrel a k\u00e9perny\u0151n"},"content":{"rendered":"<p>Egy \u00e9letrajzi dr\u00e1m\u00e1ban a sz\u00edn\u00e9szek feladata nem csak annyib\u00f3l \u00e1ll, hogy megtanulj\u00e1k \u00e9s el\u0151adj\u00e1k a rendez\u0151k \u00e1ltal r\u00e1juk osztott szerepeket, el is kell hitetni\u00fck a n\u00e9z\u0151kkel, hogy akit l\u00e1tnak a k\u00e9perny\u0151n, az t\u00e9nyleg az a bizonyos szem\u00e9ly, akir\u0151l a film is sz\u00f3l.<\/p>\n\n<div style=\"float:none;margin:0px 0 0px 0;text-align:center;\">\n<div class=\"mobileShowkakettes\"><div class=\"mobileShowka2\"><div style=\"padding-top:0px;padding-bottom:15px;min-height: 300px;\"><div class=\"hirdetes\">HIRDET\u00c9S<\/div>\n<!-- 300lista -->\n<ins class=\"adsbygoogle\"\n     style=\"display:inline-block;width:300px;height:250px\"\n     data-ad-client=\"ca-pub-9424088931673893\"\n     data-ad-slot=\"8471340766\"><\/ins>\n<script async>\n     (adsbygoogle = window.adsbygoogle || []).push({});\n<\/script><\/div><\/div><\/div><\/div>\n\n<p>Ez rendk\u00edv\u00fcl neh\u00e9z feladat, \u00e1m id\u0151r\u0151l-id\u0151re az\u00e9rt akad n\u00e9h\u00e1ny tehets\u00e9ges sz\u00edn\u00e9sz, aki olyan j\u00f3l veszi az akad\u00e1lyokat, hogy sz\u00f3 szerint eggy\u00e9 v\u00e1lik a k\u00e9perny\u0151n a karakter\u00e9vel. Cikk\u00fcnkben most 20 ilyen sz\u00edn\u00e9szt gy\u0171jt\u00f6tt\u00fcnk \u00f6ssze, akit a filmjeikben szinte meg sem lehet k\u00fcl\u00f6nb\u00f6ztetni az \u00e1ltaluk elj\u00e1tszott val\u00f3di szem\u00e9lyekt\u0151l.<\/p>\n<div id=\"zombify-main-section-front\" class=\"zombify-main-section-front zombify-screen zf-media-full\">\r\n\t<link rel=\"stylesheet\" type=\"text\/css\" href=\"https:\/\/liked.hu\/old\/js\/zombify.css\">\r\n    <link rel=\"stylesheet\" type=\"text\/css\" href=\"https:\/\/liked.hu\/old\/wp-content\/themes\/newsy-child\/style.css\">\r\n\t<div class=\"zf-container\">\r\n\t\t<div id=\"zf-list\" class=\"zf-list zf-numbered\">\r\n\t\t\t<ol class=\"zf-structure-list\">\r\n\t\t\t\t\t\t\t\t\t\t<li class=\"zf-list_item\">\r\n\t\t\t\t\t\t\t<div class=\"zf-list_header\">\r\n\t\t\t\t\t\t\t\t<h3 id=\"listaelem1\" class=\"zf-list_title\">\r\n\t\t\t\t\t\t\t\t\t<span class=\"zf-number\">1<\/span>\r\n\t\t\t\t\t\t\t\t\tSalma Hayek, mint Frida Kahlo - Frida (2002)\t\t\t\t\t\t\t\t<\/h3>\r\n\t\t\t\t\t\t\t<\/div>\r\n\t\t\t\t\t\t\t\t\t\t\t\t\t\t\t<figure class=\"zf-list_media zf-media-wrapper zf-image zf-type-image\">\r\n\t\t\t\t\t\t\t\t\t<div title=\"Salma Hayek, mint Frida Kahlo - Frida (2002)\" alt=\"Salma Hayek, mint Frida Kahlo - Frida (2002)\" class=\"zf-media\">\r\n\t\t\t\t\t\t\t\t\t\t<img width=\"728\" height=\"467\" src=\"https:\/\/liked.hu\/old\/wp-content\/uploads\/2019\/05\/Frida.jpg\" class=\"\" alt=\"\" loading=\"lazy\" style=\"\" srcset=\"https:\/\/liked.hu\/old\/wp-content\/uploads\/2019\/05\/Frida.jpg 728w, https:\/\/liked.hu\/old\/wp-content\/uploads\/2019\/05\/Frida-300x192.jpg 300w, https:\/\/liked.hu\/old\/wp-content\/uploads\/2019\/05\/Frida-500x321.jpg 500w, https:\/\/liked.hu\/old\/wp-content\/uploads\/2019\/05\/Frida-360x231.jpg 360w, https:\/\/liked.hu\/old\/wp-content\/uploads\/2019\/05\/Frida-545x350.jpg 545w\" sizes=\"(max-width: 728px) 100vw, 728px\" \/>\t\t\t\t\t\t\t\t\t\t\t<figcaption class=\"zf-figcaption\">\r\n\t\t\t\t\t\t\t\t\t\t\t\t\t\t\t\t\t\t\t\t\t\t\t\t<cite>        <a class=\"zf-media_credit\" target=\"_blank\" href=\"https:\/\/liked.hu\/old\/kimeno.php?https:\/\/liked.hu\/kimeno.php?https:\/\/www.instagram.com\/p\/BYnx8k1n79-\/?utm_source=ig_embed\" rel=\"nofollow noopener\">instagram<\/a>\r\n        <\/cite>\r\n\r\n\t\t\t\t\t\t\t\t\t\t\t\t\t\t\t\t\t\t\t\t\t\t\t<\/figcaption>\r\n\t\t\t\t\t\t\t\t\t\t\t\t\t\t\t\t\t\t\t<\/div>\r\n\t\t\t\t\t\t\t\t\t<hr \/>\r\n\t\t\t\t\t\t\t\t<\/figure>\r\n\t\t\t\t\t\t\t\t\t\t\t\t\t\t<\/li>\r\n\t\t\t\t\t\t\t\t\t\t\t\t<li class=\"zf-list_item\">\r\n\t\t\t\t\t\t\t<div class=\"zf-list_header\">\r\n\t\t\t\t\t\t\t\t<h3 id=\"listaelem2\" class=\"zf-list_title\">\r\n\t\t\t\t\t\t\t\t\t<span class=\"zf-number\">2<\/span>\r\n\t\t\t\t\t\t\t\t\tRami Malek, mint Freddie Mercury - Boh\u00e9m rapsz\u00f3dia (2018)\t\t\t\t\t\t\t\t<\/h3>\r\n\t\t\t\t\t\t\t<\/div>\r\n\t\t\t\t\t\t\t\t\t\t\t\t\t\t\t<figure class=\"zf-list_media zf-media-wrapper zf-image zf-type-image\">\r\n\t\t\t\t\t\t\t\t\t<div title=\"Rami Malek, mint Freddie Mercury - Boh\u00e9m rapsz\u00f3dia (2018)\" alt=\"Rami Malek, mint Freddie Mercury - Boh\u00e9m rapsz\u00f3dia (2018)\" class=\"zf-media\">\r\n\t\t\t\t\t\t\t\t\t\t<img width=\"728\" height=\"370\" src=\"https:\/\/liked.hu\/old\/wp-content\/uploads\/2019\/05\/Bohem-rapszodia.jpg\" class=\"\" alt=\"\" loading=\"lazy\" style=\"\" srcset=\"https:\/\/liked.hu\/old\/wp-content\/uploads\/2019\/05\/Bohem-rapszodia.jpg 728w, https:\/\/liked.hu\/old\/wp-content\/uploads\/2019\/05\/Bohem-rapszodia-300x152.jpg 300w, https:\/\/liked.hu\/old\/wp-content\/uploads\/2019\/05\/Bohem-rapszodia-500x254.jpg 500w, https:\/\/liked.hu\/old\/wp-content\/uploads\/2019\/05\/Bohem-rapszodia-360x183.jpg 360w, https:\/\/liked.hu\/old\/wp-content\/uploads\/2019\/05\/Bohem-rapszodia-545x277.jpg 545w\" sizes=\"(max-width: 728px) 100vw, 728px\" \/>\t\t\t\t\t\t\t\t\t\t\t<figcaption class=\"zf-figcaption\">\r\n\t\t\t\t\t\t\t\t\t\t\t\t\t\t\t\t\t\t\t\t\t\t\t\t<cite>        <a class=\"zf-media_credit\" target=\"_blank\" href=\"https:\/\/liked.hu\/old\/kimeno.php?https:\/\/liked.hu\/kimeno.php?http:\/\/www.wmg.com\/\" rel=\"nofollow noopener\">wmg.com<\/a>\r\n        <\/cite>\r\n\r\n\t\t\t\t\t\t\t\t\t\t\t\t\t\t\t\t\t\t\t\t\t\t\t<\/figcaption>\r\n\t\t\t\t\t\t\t\t\t\t\t\t\t\t\t\t\t\t\t<\/div>\r\n\t\t\t\t\t\t\t\t\t<hr \/>\r\n\t\t\t\t\t\t\t\t<\/figure>\r\n\t\t\t\t\t\t\t\t\t\t\t\t\t\t<\/li>\r\n\t\t\t\t\t\t\t\t\t\t\t\t<li class=\"zf-list_item\">\r\n\t\t\t\t\t\t\t<div class=\"zf-list_header\">\r\n\t\t\t\t\t\t\t\t<h3 id=\"listaelem3\" class=\"zf-list_title\">\r\n\t\t\t\t\t\t\t\t\t<span class=\"zf-number\">3<\/span>\r\n\t\t\t\t\t\t\t\t\tEddie Redmayne, mint Stephen Hawking - A mindens\u00e9g elm\u00e9lete (2014)\t\t\t\t\t\t\t\t<\/h3>\r\n\t\t\t\t\t\t\t<\/div>\r\n\t\t\t\t\t\t\t\t\t\t\t\t\t\t\t<figure class=\"zf-list_media zf-media-wrapper zf-image zf-type-image\">\r\n\t\t\t\t\t\t\t\t\t<div title=\"Eddie Redmayne, mint Stephen Hawking - A mindens\u00e9g elm\u00e9lete (2014)\" alt=\"Eddie Redmayne, mint Stephen Hawking - A mindens\u00e9g elm\u00e9lete (2014)\" class=\"zf-media\">\r\n\t\t\t\t\t\t\t\t\t\t<img width=\"728\" height=\"454\" src=\"https:\/\/liked.hu\/old\/wp-content\/uploads\/2019\/05\/Mindenseg-elmelete.jpg\" class=\"\" alt=\"\" loading=\"lazy\" style=\"\" srcset=\"https:\/\/liked.hu\/old\/wp-content\/uploads\/2019\/05\/Mindenseg-elmelete.jpg 728w, https:\/\/liked.hu\/old\/wp-content\/uploads\/2019\/05\/Mindenseg-elmelete-300x187.jpg 300w, https:\/\/liked.hu\/old\/wp-content\/uploads\/2019\/05\/Mindenseg-elmelete-500x312.jpg 500w, https:\/\/liked.hu\/old\/wp-content\/uploads\/2019\/05\/Mindenseg-elmelete-360x225.jpg 360w, https:\/\/liked.hu\/old\/wp-content\/uploads\/2019\/05\/Mindenseg-elmelete-545x340.jpg 545w\" sizes=\"(max-width: 728px) 100vw, 728px\" \/>\t\t\t\t\t\t\t\t\t\t\t<figcaption class=\"zf-figcaption\">\r\n\t\t\t\t\t\t\t\t\t\t\t\t\t\t\t\t\t\t\t\t\t\t\t\t<cite>        <a class=\"zf-media_credit\" target=\"_blank\" href=\"https:\/\/liked.hu\/old\/kimeno.php?https:\/\/liked.hu\/kimeno.php?https:\/\/twitter.com\/HistoryInPics\/status\/486901166119583745\/photo\/1\" rel=\"nofollow noopener\">twitter<\/a>\r\n        <\/cite>\r\n\r\n\t\t\t\t\t\t\t\t\t\t\t\t\t\t\t\t\t\t\t\t\t\t\t<\/figcaption>\r\n\t\t\t\t\t\t\t\t\t\t\t\t\t\t\t\t\t\t\t<\/div>\r\n\t\t\t\t\t\t\t\t\t<hr \/>\r\n\t\t\t\t\t\t\t\t<\/figure>\r\n\t\t\t\t\t\t\t\t\t\t\t\t\t\t<\/li>\r\n\t\t\t\t\t\t\t\t\t\t\t\t<li class=\"zf-list_item\">\r\n\t\t\t\t\t\t\t<div class=\"zf-list_header\">\r\n\t\t\t\t\t\t\t\t<h3 id=\"listaelem4\" class=\"zf-list_title\">\r\n\t\t\t\t\t\t\t\t\t<span class=\"zf-number\">4<\/span>\r\n\t\t\t\t\t\t\t\t\tCate Blanchett, mint Bob Dylan - I'm Not There (2007)\t\t\t\t\t\t\t\t<\/h3>\r\n\t\t\t\t\t\t\t<\/div>\r\n\t\t\t\t\t\t\t\t\t\t\t\t\t\t\t<figure class=\"zf-list_media zf-media-wrapper zf-image zf-type-image\">\r\n\t\t\t\t\t\t\t\t\t<div title=\"Cate Blanchett, mint Bob Dylan - I&#039;m Not There (2007)\" alt=\"Cate Blanchett, mint Bob Dylan - I&#039;m Not There (2007)\" class=\"zf-media\">\r\n\t\t\t\t\t\t\t\t\t\t<img width=\"728\" height=\"410\" src=\"https:\/\/liked.hu\/old\/wp-content\/uploads\/2019\/05\/Bob-Dylan-eletei.jpg\" class=\"\" alt=\"\" loading=\"lazy\" style=\"\" srcset=\"https:\/\/liked.hu\/old\/wp-content\/uploads\/2019\/05\/Bob-Dylan-eletei.jpg 728w, https:\/\/liked.hu\/old\/wp-content\/uploads\/2019\/05\/Bob-Dylan-eletei-300x169.jpg 300w, https:\/\/liked.hu\/old\/wp-content\/uploads\/2019\/05\/Bob-Dylan-eletei-500x282.jpg 500w, https:\/\/liked.hu\/old\/wp-content\/uploads\/2019\/05\/Bob-Dylan-eletei-360x203.jpg 360w, https:\/\/liked.hu\/old\/wp-content\/uploads\/2019\/05\/Bob-Dylan-eletei-545x307.jpg 545w\" sizes=\"(max-width: 728px) 100vw, 728px\" \/>\t\t\t\t\t\t\t\t\t\t\t<figcaption class=\"zf-figcaption\">\r\n\t\t\t\t\t\t\t\t\t\t\t\t\t\t\t\t\t\t\t\t\t\t\t\t<cite>        <a class=\"zf-media_credit\" target=\"_blank\" href=\"https:\/\/liked.hu\/old\/kimeno.php?https:\/\/liked.hu\/kimeno.php?http:\/\/www.weinsteinco.com\/\" rel=\"nofollow noopener\">weinsteinco.com<\/a>\r\n        <\/cite>\r\n\r\n\t\t\t\t\t\t\t\t\t\t\t\t\t\t\t\t\t\t\t\t\t\t\t<\/figcaption>\r\n\t\t\t\t\t\t\t\t\t\t\t\t\t\t\t\t\t\t\t<\/div>\r\n\t\t\t\t\t\t\t\t\t<hr \/>\r\n\t\t\t\t\t\t\t\t<\/figure>\r\n\t\t\t\t\t\t\t\t\t\t\t\t\t\t<\/li>\r\n\t\t\t\t\t\t\t\t\t\t\t\t<li class=\"zf-list_item\">\r\n\t\t\t\t\t\t\t<div class=\"zf-list_header\">\r\n\t\t\t\t\t\t\t\t<h3 id=\"listaelem5\" class=\"zf-list_title\">\r\n\t\t\t\t\t\t\t\t\t<span class=\"zf-number\">5<\/span>\r\n\t\t\t\t\t\t\t\t\tDaniel Day-Lewis, mint Abraham Lincoln - Lincoln (2012)\t\t\t\t\t\t\t\t<\/h3>\r\n\t\t\t\t\t\t\t<\/div>\r\n\t\t\t\t\t\t\t\t\t\t\t\t\t\t\t<figure class=\"zf-list_media zf-media-wrapper zf-image zf-type-image\">\r\n\t\t\t\t\t\t\t\t\t<div title=\"Daniel Day-Lewis, mint Abraham Lincoln - Lincoln (2012)\" alt=\"Daniel Day-Lewis, mint Abraham Lincoln - Lincoln (2012)\" class=\"zf-media\">\r\n\t\t\t\t\t\t\t\t\t\t<img width=\"728\" height=\"419\" src=\"https:\/\/liked.hu\/old\/wp-content\/uploads\/2019\/05\/Lincoln.jpg\" class=\"\" alt=\"\" loading=\"lazy\" style=\"\" srcset=\"https:\/\/liked.hu\/old\/wp-content\/uploads\/2019\/05\/Lincoln.jpg 728w, https:\/\/liked.hu\/old\/wp-content\/uploads\/2019\/05\/Lincoln-300x173.jpg 300w, https:\/\/liked.hu\/old\/wp-content\/uploads\/2019\/05\/Lincoln-500x288.jpg 500w, https:\/\/liked.hu\/old\/wp-content\/uploads\/2019\/05\/Lincoln-360x207.jpg 360w, https:\/\/liked.hu\/old\/wp-content\/uploads\/2019\/05\/Lincoln-545x314.jpg 545w\" sizes=\"(max-width: 728px) 100vw, 728px\" \/>\t\t\t\t\t\t\t\t\t\t\t<figcaption class=\"zf-figcaption\">\r\n\t\t\t\t\t\t\t\t\t\t\t\t\t\t\t\t\t\t\t\t\t\t\t\t<cite>        <a class=\"zf-media_credit\" target=\"_blank\" href=\"https:\/\/liked.hu\/old\/kimeno.php?https:\/\/liked.hu\/kimeno.php?https:\/\/www.eastnews.ru\/pictures\/picture\/id\/4238164\/i\/4\/t\/127\" rel=\"nofollow noopener\">eastnews<\/a>\r\n        <\/cite>\r\n\r\n\t\t\t\t\t\t\t\t\t\t\t\t\t\t\t\t\t\t\t\t\t\t\t<\/figcaption>\r\n\t\t\t\t\t\t\t\t\t\t\t\t\t\t\t\t\t\t\t<\/div>\r\n\t\t\t\t\t\t\t\t\t<hr \/>\r\n\t\t\t\t\t\t\t\t<\/figure>\r\n\t\t\t\t\t\t\t\t\t\t\t\t\t\t<\/li>\r\n\t\t\t\t\t\t\t\t\t\t\t\t<li class=\"zf-list_item\">\r\n\t\t\t\t\t\t\t<div class=\"zf-list_header\">\r\n\t\t\t\t\t\t\t\t<h3 id=\"listaelem6\" class=\"zf-list_title\">\r\n\t\t\t\t\t\t\t\t\t<span class=\"zf-number\">6<\/span>\r\n\t\t\t\t\t\t\t\t\tGary Oldman, mint Winston Churchill - A legs\u00f6t\u00e9tebb \u00f3ra (2017)\t\t\t\t\t\t\t\t<\/h3>\r\n\t\t\t\t\t\t\t<\/div>\r\n\t\t\t\t\t\t\t\t\t\t\t\t\t\t\t<figure class=\"zf-list_media zf-media-wrapper zf-image zf-type-image\">\r\n\t\t\t\t\t\t\t\t\t<div title=\"Gary Oldman, mint Winston Churchill - A legs\u00f6t\u00e9tebb \u00f3ra (2017)\" alt=\"Gary Oldman, mint Winston Churchill - A legs\u00f6t\u00e9tebb \u00f3ra (2017)\" class=\"zf-media\">\r\n\t\t\t\t\t\t\t\t\t\t<img width=\"728\" height=\"419\" src=\"https:\/\/liked.hu\/old\/wp-content\/uploads\/2019\/05\/Legsotetebb-ora.jpg\" class=\"\" alt=\"\" loading=\"lazy\" style=\"\" srcset=\"https:\/\/liked.hu\/old\/wp-content\/uploads\/2019\/05\/Legsotetebb-ora.jpg 728w, https:\/\/liked.hu\/old\/wp-content\/uploads\/2019\/05\/Legsotetebb-ora-300x173.jpg 300w, https:\/\/liked.hu\/old\/wp-content\/uploads\/2019\/05\/Legsotetebb-ora-500x288.jpg 500w, https:\/\/liked.hu\/old\/wp-content\/uploads\/2019\/05\/Legsotetebb-ora-360x207.jpg 360w, https:\/\/liked.hu\/old\/wp-content\/uploads\/2019\/05\/Legsotetebb-ora-545x314.jpg 545w\" sizes=\"(max-width: 728px) 100vw, 728px\" \/>\t\t\t\t\t\t\t\t\t\t\t<figcaption class=\"zf-figcaption\">\r\n\t\t\t\t\t\t\t\t\t\t\t\t\t\t\t\t\t\t\t\t\t\t\t\t<cite>        <a class=\"zf-media_credit\" target=\"_blank\" href=\"https:\/\/liked.hu\/old\/kimeno.php?https:\/\/liked.hu\/kimeno.php?http:\/\/www.focusfeatures.com\/darkesthour\/?redirect=off\" rel=\"nofollow noopener\">focusfeatures<\/a>\r\n        <\/cite>\r\n\r\n\t\t\t\t\t\t\t\t\t\t\t\t\t\t\t\t\t\t\t\t\t\t\t<\/figcaption>\r\n\t\t\t\t\t\t\t\t\t\t\t\t\t\t\t\t\t\t\t<\/div>\r\n\t\t\t\t\t\t\t\t\t<hr \/>\r\n\t\t\t\t\t\t\t\t<\/figure>\r\n\t\t\t\t\t\t\t\t\t\t\t\t\t\t<\/li>\r\n\t\t\t\t\t\t\t\t\t\t\t\t<li class=\"zf-list_item\">\r\n\t\t\t\t\t\t\t<div class=\"zf-list_header\">\r\n\t\t\t\t\t\t\t\t<h3 id=\"listaelem7\" class=\"zf-list_title\">\r\n\t\t\t\t\t\t\t\t\t<span class=\"zf-number\">7<\/span>\r\n\t\t\t\t\t\t\t\t\tSteve Carell, mint Bobby Riggs - Nemek harca (2017)\t\t\t\t\t\t\t\t<\/h3>\r\n\t\t\t\t\t\t\t<\/div>\r\n\t\t\t\t\t\t\t\t\t\t\t\t\t\t\t<figure class=\"zf-list_media zf-media-wrapper zf-image zf-type-image\">\r\n\t\t\t\t\t\t\t\t\t<div title=\"Steve Carell, mint Bobby Riggs - Nemek harca (2017)\" alt=\"Steve Carell, mint Bobby Riggs - Nemek harca (2017)\" class=\"zf-media\">\r\n\t\t\t\t\t\t\t\t\t\t<img width=\"728\" height=\"419\" src=\"https:\/\/liked.hu\/old\/wp-content\/uploads\/2019\/05\/Nemek-harca.jpg\" class=\"\" alt=\"\" loading=\"lazy\" style=\"\" srcset=\"https:\/\/liked.hu\/old\/wp-content\/uploads\/2019\/05\/Nemek-harca.jpg 728w, https:\/\/liked.hu\/old\/wp-content\/uploads\/2019\/05\/Nemek-harca-300x173.jpg 300w, https:\/\/liked.hu\/old\/wp-content\/uploads\/2019\/05\/Nemek-harca-500x288.jpg 500w, https:\/\/liked.hu\/old\/wp-content\/uploads\/2019\/05\/Nemek-harca-360x207.jpg 360w, https:\/\/liked.hu\/old\/wp-content\/uploads\/2019\/05\/Nemek-harca-545x314.jpg 545w\" sizes=\"(max-width: 728px) 100vw, 728px\" \/>\t\t\t\t\t\t\t\t\t\t\t<figcaption class=\"zf-figcaption\">\r\n\t\t\t\t\t\t\t\t\t\t\t\t\t\t\t\t\t\t\t\t\t\t\t\t<cite>        <a class=\"zf-media_credit\" target=\"_blank\" href=\"https:\/\/liked.hu\/old\/kimeno.php?https:\/\/liked.hu\/kimeno.php?http:\/\/www.foxsearchlight.com\/\" rel=\"nofollow noopener\">foxsearchlight<\/a>\r\n        <\/cite>\r\n\r\n\t\t\t\t\t\t\t\t\t\t\t\t\t\t\t\t\t\t\t\t\t\t\t<\/figcaption>\r\n\t\t\t\t\t\t\t\t\t\t\t\t\t\t\t\t\t\t\t<\/div>\r\n\t\t\t\t\t\t\t\t\t<hr \/>\r\n\t\t\t\t\t\t\t\t<\/figure>\r\n\t\t\t\t\t\t\t\t\t\t\t\t\t\t<\/li>\r\n\t\t\t\t\t\t\t\t\t\t\t\t<li class=\"zf-list_item\">\r\n\t\t\t\t\t\t\t<div class=\"zf-list_header\">\r\n\t\t\t\t\t\t\t\t<h3 id=\"listaelem8\" class=\"zf-list_title\">\r\n\t\t\t\t\t\t\t\t\t<span class=\"zf-number\">8<\/span>\r\n\t\t\t\t\t\t\t\t\tGeoffrey Rush, mint Alberto Giacometti - Final Portrait (2017)\t\t\t\t\t\t\t\t<\/h3>\r\n\t\t\t\t\t\t\t<\/div>\r\n\t\t\t\t\t\t\t\t\t\t\t\t\t\t\t<figure class=\"zf-list_media zf-media-wrapper zf-image zf-type-image\">\r\n\t\t\t\t\t\t\t\t\t<div title=\"Geoffrey Rush, mint Alberto Giacometti - Final Portrait (2017)\" alt=\"Geoffrey Rush, mint Alberto Giacometti - Final Portrait (2017)\" class=\"zf-media\">\r\n\t\t\t\t\t\t\t\t\t\t<img width=\"728\" height=\"419\" src=\"https:\/\/liked.hu\/old\/wp-content\/uploads\/2019\/05\/Vegso-portre.jpg\" class=\"\" alt=\"\" loading=\"lazy\" style=\"\" srcset=\"https:\/\/liked.hu\/old\/wp-content\/uploads\/2019\/05\/Vegso-portre.jpg 728w, https:\/\/liked.hu\/old\/wp-content\/uploads\/2019\/05\/Vegso-portre-300x173.jpg 300w, https:\/\/liked.hu\/old\/wp-content\/uploads\/2019\/05\/Vegso-portre-500x288.jpg 500w, https:\/\/liked.hu\/old\/wp-content\/uploads\/2019\/05\/Vegso-portre-360x207.jpg 360w, https:\/\/liked.hu\/old\/wp-content\/uploads\/2019\/05\/Vegso-portre-545x314.jpg 545w\" sizes=\"(max-width: 728px) 100vw, 728px\" \/>\t\t\t\t\t\t\t\t\t\t\t<figcaption class=\"zf-figcaption\">\r\n\t\t\t\t\t\t\t\t\t\t\t\t\t\t\t\t\t\t\t\t\t\t\t\t<cite>        <a class=\"zf-media_credit\" target=\"_blank\" href=\"https:\/\/liked.hu\/old\/kimeno.php?https:\/\/liked.hu\/kimeno.php?https:\/\/www.facebook.com\/AlbertoGiacomettiClub\/photos\/a.1002412729835973\/1002426176501295\/?type=3&amp;theater\" rel=\"nofollow noopener\">facebook<\/a>\r\n        <\/cite>\r\n\r\n\t\t\t\t\t\t\t\t\t\t\t\t\t\t\t\t\t\t\t\t\t\t\t<\/figcaption>\r\n\t\t\t\t\t\t\t\t\t\t\t\t\t\t\t\t\t\t\t<\/div>\r\n\t\t\t\t\t\t\t\t\t<hr \/>\r\n\t\t\t\t\t\t\t\t<\/figure>\r\n\t\t\t\t\t\t\t\t\t\t\t\t\t\t<\/li>\r\n\t\t\t\t\t\t\t\t\t\t\t\t<li class=\"zf-list_item\">\r\n\t\t\t\t\t\t\t<div class=\"zf-list_header\">\r\n\t\t\t\t\t\t\t\t<h3 id=\"listaelem9\" class=\"zf-list_title\">\r\n\t\t\t\t\t\t\t\t\t<span class=\"zf-number\">9<\/span>\r\n\t\t\t\t\t\t\t\t\tChristian Bale, mint Dick Cheney - Aleln\u00f6k (2018)\t\t\t\t\t\t\t\t<\/h3>\r\n\t\t\t\t\t\t\t<\/div>\r\n\t\t\t\t\t\t\t\t\t\t\t\t\t\t\t<figure class=\"zf-list_media zf-media-wrapper zf-image zf-type-image\">\r\n\t\t\t\t\t\t\t\t\t<div title=\"Christian Bale, mint Dick Cheney - Aleln\u00f6k (2018)\" alt=\"Christian Bale, mint Dick Cheney - Aleln\u00f6k (2018)\" class=\"zf-media\">\r\n\t\t\t\t\t\t\t\t\t\t<img width=\"728\" height=\"419\" src=\"https:\/\/liked.hu\/old\/wp-content\/uploads\/2019\/05\/Vice.jpg\" class=\"\" alt=\"\" loading=\"lazy\" style=\"\" srcset=\"https:\/\/liked.hu\/old\/wp-content\/uploads\/2019\/05\/Vice.jpg 728w, https:\/\/liked.hu\/old\/wp-content\/uploads\/2019\/05\/Vice-300x173.jpg 300w, https:\/\/liked.hu\/old\/wp-content\/uploads\/2019\/05\/Vice-500x288.jpg 500w, https:\/\/liked.hu\/old\/wp-content\/uploads\/2019\/05\/Vice-360x207.jpg 360w, https:\/\/liked.hu\/old\/wp-content\/uploads\/2019\/05\/Vice-545x314.jpg 545w\" sizes=\"(max-width: 728px) 100vw, 728px\" \/>\t\t\t\t\t\t\t\t\t\t\t<figcaption class=\"zf-figcaption\">\r\n\t\t\t\t\t\t\t\t\t\t\t\t\t\t\t\t\t\t\t\t\t\t\t\t<cite>        <a class=\"zf-media_credit\" target=\"_blank\" href=\"https:\/\/liked.hu\/old\/kimeno.php?https:\/\/liked.hu\/kimeno.php?https:\/\/www.vice.movie\/\" rel=\"nofollow noopener\">vice.movie<\/a>\r\n        <\/cite>\r\n\r\n\t\t\t\t\t\t\t\t\t\t\t\t\t\t\t\t\t\t\t\t\t\t\t<\/figcaption>\r\n\t\t\t\t\t\t\t\t\t\t\t\t\t\t\t\t\t\t\t<\/div>\r\n\t\t\t\t\t\t\t\t\t<hr \/>\r\n\t\t\t\t\t\t\t\t<\/figure>\r\n\t\t\t\t\t\t\t\t\t\t\t\t\t\t<\/li>\r\n\t\t\t\t\t\t\t\t\t\t\t\t<li class=\"zf-list_item\">\r\n\t\t\t\t\t\t\t<div class=\"zf-list_header\">\r\n\t\t\t\t\t\t\t\t<h3 id=\"listaelem10\" class=\"zf-list_title\">\r\n\t\t\t\t\t\t\t\t\t<span class=\"zf-number\">10<\/span>\r\n\t\t\t\t\t\t\t\t\tSissy Spacek, mint Loretta Lynn - A sz\u00e9nb\u00e1ny\u00e1sz l\u00e1nya (1980)\t\t\t\t\t\t\t\t<\/h3>\r\n\t\t\t\t\t\t\t<\/div>\r\n\t\t\t\t\t\t\t\t\t\t\t\t\t\t\t<figure class=\"zf-list_media zf-media-wrapper zf-image zf-type-image\">\r\n\t\t\t\t\t\t\t\t\t<div title=\"Sissy Spacek, mint Loretta Lynn - A sz\u00e9nb\u00e1ny\u00e1sz l\u00e1nya (1980)\" alt=\"Sissy Spacek, mint Loretta Lynn - A sz\u00e9nb\u00e1ny\u00e1sz l\u00e1nya (1980)\" class=\"zf-media\">\r\n\t\t\t\t\t\t\t\t\t\t<img width=\"728\" height=\"419\" src=\"https:\/\/liked.hu\/old\/wp-content\/uploads\/2019\/05\/Coal-Miner.jpg\" class=\"\" alt=\"\" loading=\"lazy\" style=\"\" srcset=\"https:\/\/liked.hu\/old\/wp-content\/uploads\/2019\/05\/Coal-Miner.jpg 728w, https:\/\/liked.hu\/old\/wp-content\/uploads\/2019\/05\/Coal-Miner-300x173.jpg 300w, https:\/\/liked.hu\/old\/wp-content\/uploads\/2019\/05\/Coal-Miner-500x288.jpg 500w, https:\/\/liked.hu\/old\/wp-content\/uploads\/2019\/05\/Coal-Miner-360x207.jpg 360w, https:\/\/liked.hu\/old\/wp-content\/uploads\/2019\/05\/Coal-Miner-545x314.jpg 545w\" sizes=\"(max-width: 728px) 100vw, 728px\" \/>\t\t\t\t\t\t\t\t\t\t\t<figcaption class=\"zf-figcaption\">\r\n\t\t\t\t\t\t\t\t\t\t\t\t\t\t\t\t\t\t\t\t\t\t\t\t<cite>        <a class=\"zf-media_credit\" target=\"_blank\" href=\"https:\/\/liked.hu\/old\/kimeno.php?https:\/\/liked.hu\/kimeno.php?http:\/\/www.universalstudios.com\/\" rel=\"nofollow noopener\">universalstudios.com<\/a>\r\n        <\/cite>\r\n\r\n\t\t\t\t\t\t\t\t\t\t\t\t\t\t\t\t\t\t\t\t\t\t\t<\/figcaption>\r\n\t\t\t\t\t\t\t\t\t\t\t\t\t\t\t\t\t\t\t<\/div>\r\n\t\t\t\t\t\t\t\t\t<hr \/>\r\n\t\t\t\t\t\t\t\t<\/figure>\r\n\t\t\t\t\t\t\t\t\t\t\t\t\t\t<\/li>\r\n\t\t\t\t\t\t\t\t\t<\/ol>\r\n\t\t<\/div>\r\n\t<\/div>\r\n\r\n\t<\/div>\r\n\r\n\r\n<!--nextpage--><div id=\"zombify-main-section-front\" class=\"zombify-main-section-front zombify-screen zf-media-full\">\r\n\t<link rel=\"stylesheet\" type=\"text\/css\" href=\"https:\/\/liked.hu\/old\/js\/zombify.css\">\r\n    <link rel=\"stylesheet\" type=\"text\/css\" href=\"https:\/\/liked.hu\/old\/wp-content\/themes\/newsy-child\/style.css\">\r\n\t<div class=\"zf-container\">\r\n\t\t<div id=\"zf-list\" class=\"zf-list zf-numbered\">\r\n\t\t\t<ol class=\"zf-structure-list\">\r\n\t\t\t\t\t\t\t\t\t\t<li class=\"zf-list_item\">\r\n\t\t\t\t\t\t\t<div class=\"zf-list_header\">\r\n\t\t\t\t\t\t\t\t<h3 id=\"listaelem11\" class=\"zf-list_title\">\r\n\t\t\t\t\t\t\t\t\t<span class=\"zf-number\">11<\/span>\r\n\t\t\t\t\t\t\t\t\tJames Franco, mint James Dean - James Dean (2001)\t\t\t\t\t\t\t\t<\/h3>\r\n\t\t\t\t\t\t\t<\/div>\r\n\t\t\t\t\t\t\t\t\t\t\t\t\t\t\t<figure class=\"zf-list_media zf-media-wrapper zf-image zf-type-image\">\r\n\t\t\t\t\t\t\t\t\t<div title=\"James Franco, mint James Dean - James Dean (2001)\" alt=\"James Franco, mint James Dean - James Dean (2001)\" class=\"zf-media\">\r\n\t\t\t\t\t\t\t\t\t\t<img width=\"728\" height=\"454\" src=\"https:\/\/liked.hu\/old\/wp-content\/uploads\/2019\/05\/James-Dean.jpg\" class=\"\" alt=\"\" loading=\"lazy\" style=\"\" srcset=\"https:\/\/liked.hu\/old\/wp-content\/uploads\/2019\/05\/James-Dean.jpg 728w, https:\/\/liked.hu\/old\/wp-content\/uploads\/2019\/05\/James-Dean-300x187.jpg 300w, https:\/\/liked.hu\/old\/wp-content\/uploads\/2019\/05\/James-Dean-500x312.jpg 500w, https:\/\/liked.hu\/old\/wp-content\/uploads\/2019\/05\/James-Dean-360x225.jpg 360w, https:\/\/liked.hu\/old\/wp-content\/uploads\/2019\/05\/James-Dean-545x340.jpg 545w\" sizes=\"(max-width: 728px) 100vw, 728px\" \/>\t\t\t\t\t\t\t\t\t\t\t<figcaption class=\"zf-figcaption\">\r\n\t\t\t\t\t\t\t\t\t\t\t\t\t\t\t\t\t\t\t\t\t\t\t\t<cite>        <a class=\"zf-media_credit\" target=\"_blank\" href=\"https:\/\/liked.hu\/old\/kimeno.php?https:\/\/liked.hu\/kimeno.php?https:\/\/www.international.tbs.com\/\" rel=\"nofollow noopener\">international.tbs<\/a>\r\n        <\/cite>\r\n\r\n\t\t\t\t\t\t\t\t\t\t\t\t\t\t\t\t\t\t\t\t\t\t\t<\/figcaption>\r\n\t\t\t\t\t\t\t\t\t\t\t\t\t\t\t\t\t\t\t<\/div>\r\n\t\t\t\t\t\t\t\t\t<hr \/>\r\n\t\t\t\t\t\t\t\t<\/figure>\r\n\t\t\t\t\t\t\t\t\t\t\t\t\t\t<\/li>\r\n\t\t\t\t\t\t\t\t\t\t\t\t<li class=\"zf-list_item\">\r\n\t\t\t\t\t\t\t<div class=\"zf-list_header\">\r\n\t\t\t\t\t\t\t\t<h3 id=\"listaelem12\" class=\"zf-list_title\">\r\n\t\t\t\t\t\t\t\t\t<span class=\"zf-number\">12<\/span>\r\n\t\t\t\t\t\t\t\t\tGwilym Lee, mint Brian May - Boh\u00e9m rapsz\u00f3dia (2018)\t\t\t\t\t\t\t\t<\/h3>\r\n\t\t\t\t\t\t\t<\/div>\r\n\t\t\t\t\t\t\t\t\t\t\t\t\t\t\t<figure class=\"zf-list_media zf-media-wrapper zf-image zf-type-image\">\r\n\t\t\t\t\t\t\t\t\t<div title=\"Gwilym Lee, mint Brian May - Boh\u00e9m rapsz\u00f3dia (2018)\" alt=\"Gwilym Lee, mint Brian May - Boh\u00e9m rapsz\u00f3dia (2018)\" class=\"zf-media\">\r\n\t\t\t\t\t\t\t\t\t\t<img width=\"728\" height=\"448\" src=\"https:\/\/liked.hu\/old\/wp-content\/uploads\/2019\/05\/Bohem-rapszodia2.jpg\" class=\"\" alt=\"\" loading=\"lazy\" style=\"\" srcset=\"https:\/\/liked.hu\/old\/wp-content\/uploads\/2019\/05\/Bohem-rapszodia2.jpg 728w, https:\/\/liked.hu\/old\/wp-content\/uploads\/2019\/05\/Bohem-rapszodia2-300x185.jpg 300w, https:\/\/liked.hu\/old\/wp-content\/uploads\/2019\/05\/Bohem-rapszodia2-500x308.jpg 500w, https:\/\/liked.hu\/old\/wp-content\/uploads\/2019\/05\/Bohem-rapszodia2-360x222.jpg 360w, https:\/\/liked.hu\/old\/wp-content\/uploads\/2019\/05\/Bohem-rapszodia2-545x335.jpg 545w\" sizes=\"(max-width: 728px) 100vw, 728px\" \/>\t\t\t\t\t\t\t\t\t\t\t<figcaption class=\"zf-figcaption\">\r\n\t\t\t\t\t\t\t\t\t\t\t\t\t\t\t\t\t\t\t\t\t\t\t\t<cite>        <a class=\"zf-media_credit\" target=\"_blank\" href=\"https:\/\/liked.hu\/old\/kimeno.php?https:\/\/liked.hu\/kimeno.php?https:\/\/www.instagram.com\/p\/BwqgpxqhkQw\/\" rel=\"nofollow noopener\">instagram<\/a>\r\n        <\/cite>\r\n\r\n\t\t\t\t\t\t\t\t\t\t\t\t\t\t\t\t\t\t\t\t\t\t\t<\/figcaption>\r\n\t\t\t\t\t\t\t\t\t\t\t\t\t\t\t\t\t\t\t<\/div>\r\n\t\t\t\t\t\t\t\t\t<hr \/>\r\n\t\t\t\t\t\t\t\t<\/figure>\r\n\t\t\t\t\t\t\t\t\t\t\t\t\t\t<\/li>\r\n\t\t\t\t\t\t\t\t\t\t\t\t<li class=\"zf-list_item\">\r\n\t\t\t\t\t\t\t<div class=\"zf-list_header\">\r\n\t\t\t\t\t\t\t\t<h3 id=\"listaelem13\" class=\"zf-list_title\">\r\n\t\t\t\t\t\t\t\t\t<span class=\"zf-number\">13<\/span>\r\n\t\t\t\t\t\t\t\t\tJulianne Moore, mint Sarah Palin - Versenyben az eln\u00f6ks\u00e9g\u00e9rt (2012)\t\t\t\t\t\t\t\t<\/h3>\r\n\t\t\t\t\t\t\t<\/div>\r\n\t\t\t\t\t\t\t\t\t\t\t\t\t\t\t<figure class=\"zf-list_media zf-media-wrapper zf-image zf-type-image\">\r\n\t\t\t\t\t\t\t\t\t<div title=\"Julianne Moore, mint Sarah Palin - Versenyben az eln\u00f6ks\u00e9g\u00e9rt (2012)\" alt=\"Julianne Moore, mint Sarah Palin - Versenyben az eln\u00f6ks\u00e9g\u00e9rt (2012)\" class=\"zf-media\">\r\n\t\t\t\t\t\t\t\t\t\t<img width=\"728\" height=\"454\" src=\"https:\/\/liked.hu\/old\/wp-content\/uploads\/2019\/05\/Versenyben-az-elnoksegert.jpg\" class=\"\" alt=\"\" loading=\"lazy\" style=\"\" srcset=\"https:\/\/liked.hu\/old\/wp-content\/uploads\/2019\/05\/Versenyben-az-elnoksegert.jpg 728w, https:\/\/liked.hu\/old\/wp-content\/uploads\/2019\/05\/Versenyben-az-elnoksegert-300x187.jpg 300w, https:\/\/liked.hu\/old\/wp-content\/uploads\/2019\/05\/Versenyben-az-elnoksegert-500x312.jpg 500w, https:\/\/liked.hu\/old\/wp-content\/uploads\/2019\/05\/Versenyben-az-elnoksegert-360x225.jpg 360w, https:\/\/liked.hu\/old\/wp-content\/uploads\/2019\/05\/Versenyben-az-elnoksegert-545x340.jpg 545w\" sizes=\"(max-width: 728px) 100vw, 728px\" \/>\t\t\t\t\t\t\t\t\t\t\t<figcaption class=\"zf-figcaption\">\r\n\t\t\t\t\t\t\t\t\t\t\t\t\t\t\t\t\t\t\t\t\t\t\t\t<cite>        <a class=\"zf-media_credit\" target=\"_blank\" href=\"https:\/\/liked.hu\/old\/kimeno.php?https:\/\/liked.hu\/kimeno.php?https:\/\/www.hbo.com\/films\/\" rel=\"nofollow noopener\">hbo<\/a>\r\n        <\/cite>\r\n\r\n\t\t\t\t\t\t\t\t\t\t\t\t\t\t\t\t\t\t\t\t\t\t\t<\/figcaption>\r\n\t\t\t\t\t\t\t\t\t\t\t\t\t\t\t\t\t\t\t<\/div>\r\n\t\t\t\t\t\t\t\t\t<hr \/>\r\n\t\t\t\t\t\t\t\t<\/figure>\r\n\t\t\t\t\t\t\t\t\t\t\t\t\t\t<\/li>\r\n\t\t\t\t\t\t\t\t\t\t\t\t<li class=\"zf-list_item\">\r\n\t\t\t\t\t\t\t<div class=\"zf-list_header\">\r\n\t\t\t\t\t\t\t\t<h3 id=\"listaelem14\" class=\"zf-list_title\">\r\n\t\t\t\t\t\t\t\t\t<span class=\"zf-number\">14<\/span>\r\n\t\t\t\t\t\t\t\t\tSean Penn, mint Harvey Milk - Milk (2008)\t\t\t\t\t\t\t\t<\/h3>\r\n\t\t\t\t\t\t\t<\/div>\r\n\t\t\t\t\t\t\t\t\t\t\t\t\t\t\t<figure class=\"zf-list_media zf-media-wrapper zf-image zf-type-image\">\r\n\t\t\t\t\t\t\t\t\t<div title=\"Sean Penn, mint Harvey Milk - Milk (2008)\" alt=\"Sean Penn, mint Harvey Milk - Milk (2008)\" class=\"zf-media\">\r\n\t\t\t\t\t\t\t\t\t\t<img width=\"728\" height=\"454\" src=\"https:\/\/liked.hu\/old\/wp-content\/uploads\/2019\/05\/Milk.jpg\" class=\"\" alt=\"\" loading=\"lazy\" style=\"\" srcset=\"https:\/\/liked.hu\/old\/wp-content\/uploads\/2019\/05\/Milk.jpg 728w, https:\/\/liked.hu\/old\/wp-content\/uploads\/2019\/05\/Milk-300x187.jpg 300w, https:\/\/liked.hu\/old\/wp-content\/uploads\/2019\/05\/Milk-500x312.jpg 500w, https:\/\/liked.hu\/old\/wp-content\/uploads\/2019\/05\/Milk-360x225.jpg 360w, https:\/\/liked.hu\/old\/wp-content\/uploads\/2019\/05\/Milk-545x340.jpg 545w\" sizes=\"(max-width: 728px) 100vw, 728px\" \/>\t\t\t\t\t\t\t\t\t\t\t<figcaption class=\"zf-figcaption\">\r\n\t\t\t\t\t\t\t\t\t\t\t\t\t\t\t\t\t\t\t\t\t\t\t\t<cite>        <a class=\"zf-media_credit\" target=\"_blank\" href=\"https:\/\/liked.hu\/old\/kimeno.php?https:\/\/liked.hu\/kimeno.php?http:\/\/focusfeatures.com\/\" rel=\"nofollow noopener\">focusfeatures<\/a>\r\n        <\/cite>\r\n\r\n\t\t\t\t\t\t\t\t\t\t\t\t\t\t\t\t\t\t\t\t\t\t\t<\/figcaption>\r\n\t\t\t\t\t\t\t\t\t\t\t\t\t\t\t\t\t\t\t<\/div>\r\n\t\t\t\t\t\t\t\t\t<hr \/>\r\n\t\t\t\t\t\t\t\t<\/figure>\r\n\t\t\t\t\t\t\t\t\t\t\t\t\t\t<\/li>\r\n\t\t\t\t\t\t\t\t\t\t\t\t<li class=\"zf-list_item\">\r\n\t\t\t\t\t\t\t<div class=\"zf-list_header\">\r\n\t\t\t\t\t\t\t\t<h3 id=\"listaelem15\" class=\"zf-list_title\">\r\n\t\t\t\t\t\t\t\t\t<span class=\"zf-number\">15<\/span>\r\n\t\t\t\t\t\t\t\t\tAdrien Brody, mint Salvador Dal\u00ed - \u00c9jf\u00e9lkor P\u00e1rizsban (2011)\t\t\t\t\t\t\t\t<\/h3>\r\n\t\t\t\t\t\t\t<\/div>\r\n\t\t\t\t\t\t\t\t\t\t\t\t\t\t\t<figure class=\"zf-list_media zf-media-wrapper zf-image zf-type-image\">\r\n\t\t\t\t\t\t\t\t\t<div title=\"Adrien Brody, mint Salvador Dal\u00ed - \u00c9jf\u00e9lkor P\u00e1rizsban (2011)\" alt=\"Adrien Brody, mint Salvador Dal\u00ed - \u00c9jf\u00e9lkor P\u00e1rizsban (2011)\" class=\"zf-media\">\r\n\t\t\t\t\t\t\t\t\t\t<img width=\"728\" height=\"454\" src=\"https:\/\/liked.hu\/old\/wp-content\/uploads\/2019\/05\/Salvador-dali.jpg\" class=\"\" alt=\"\" loading=\"lazy\" style=\"\" srcset=\"https:\/\/liked.hu\/old\/wp-content\/uploads\/2019\/05\/Salvador-dali.jpg 728w, https:\/\/liked.hu\/old\/wp-content\/uploads\/2019\/05\/Salvador-dali-300x187.jpg 300w, https:\/\/liked.hu\/old\/wp-content\/uploads\/2019\/05\/Salvador-dali-500x312.jpg 500w, https:\/\/liked.hu\/old\/wp-content\/uploads\/2019\/05\/Salvador-dali-360x225.jpg 360w, https:\/\/liked.hu\/old\/wp-content\/uploads\/2019\/05\/Salvador-dali-545x340.jpg 545w\" sizes=\"(max-width: 728px) 100vw, 728px\" \/>\t\t\t\t\t\t\t\t\t\t\t<figcaption class=\"zf-figcaption\">\r\n\t\t\t\t\t\t\t\t\t\t\t\t\t\t\t\t\t\t\t\t\t\t\t\t<cite>        <a class=\"zf-media_credit\" target=\"_blank\" href=\"https:\/\/liked.hu\/old\/kimeno.php?https:\/\/liked.hu\/kimeno.php?http:\/\/www.sonyclassics.com\/midnightinparis\/\" rel=\"nofollow noopener\">sonyclassics<\/a>\r\n        <\/cite>\r\n\r\n\t\t\t\t\t\t\t\t\t\t\t\t\t\t\t\t\t\t\t\t\t\t\t<\/figcaption>\r\n\t\t\t\t\t\t\t\t\t\t\t\t\t\t\t\t\t\t\t<\/div>\r\n\t\t\t\t\t\t\t\t\t<hr \/>\r\n\t\t\t\t\t\t\t\t<\/figure>\r\n\t\t\t\t\t\t\t\t\t\t\t\t\t\t<\/li>\r\n\t\t\t\t\t\t\t\t\t\t\t\t<li class=\"zf-list_item\">\r\n\t\t\t\t\t\t\t<div class=\"zf-list_header\">\r\n\t\t\t\t\t\t\t\t<h3 id=\"listaelem16\" class=\"zf-list_title\">\r\n\t\t\t\t\t\t\t\t\t<span class=\"zf-number\">16<\/span>\r\n\t\t\t\t\t\t\t\t\tRobert Downey Jr., mint Charlie Chaplin - Chaplin (1992)\t\t\t\t\t\t\t\t<\/h3>\r\n\t\t\t\t\t\t\t<\/div>\r\n\t\t\t\t\t\t\t\t\t\t\t\t\t\t\t<figure class=\"zf-list_media zf-media-wrapper zf-image zf-type-image\">\r\n\t\t\t\t\t\t\t\t\t<div title=\"Robert Downey Jr., mint Charlie Chaplin - Chaplin (1992)\" alt=\"Robert Downey Jr., mint Charlie Chaplin - Chaplin (1992)\" class=\"zf-media\">\r\n\t\t\t\t\t\t\t\t\t\t<img width=\"728\" height=\"450\" src=\"https:\/\/liked.hu\/old\/wp-content\/uploads\/2019\/05\/Chaplin.jpg\" class=\"\" alt=\"\" loading=\"lazy\" style=\"\" srcset=\"https:\/\/liked.hu\/old\/wp-content\/uploads\/2019\/05\/Chaplin.jpg 728w, https:\/\/liked.hu\/old\/wp-content\/uploads\/2019\/05\/Chaplin-300x185.jpg 300w, https:\/\/liked.hu\/old\/wp-content\/uploads\/2019\/05\/Chaplin-500x309.jpg 500w, https:\/\/liked.hu\/old\/wp-content\/uploads\/2019\/05\/Chaplin-360x223.jpg 360w, https:\/\/liked.hu\/old\/wp-content\/uploads\/2019\/05\/Chaplin-545x337.jpg 545w\" sizes=\"(max-width: 728px) 100vw, 728px\" \/>\t\t\t\t\t\t\t\t\t\t\t<figcaption class=\"zf-figcaption\">\r\n\t\t\t\t\t\t\t\t\t\t\t\t\t\t\t\t\t\t\t\t\t\t\t\t<cite>        <a class=\"zf-media_credit\" target=\"_blank\" href=\"https:\/\/liked.hu\/old\/kimeno.php?https:\/\/liked.hu\/kimeno.php?http:\/\/www.studiocanal.com\/\" rel=\"nofollow noopener\">studiocanal<\/a>\r\n        <\/cite>\r\n\r\n\t\t\t\t\t\t\t\t\t\t\t\t\t\t\t\t\t\t\t\t\t\t\t<\/figcaption>\r\n\t\t\t\t\t\t\t\t\t\t\t\t\t\t\t\t\t\t\t<\/div>\r\n\t\t\t\t\t\t\t\t\t<hr \/>\r\n\t\t\t\t\t\t\t\t<\/figure>\r\n\t\t\t\t\t\t\t\t\t\t\t\t\t\t<\/li>\r\n\t\t\t\t\t\t\t\t\t\t\t\t<li class=\"zf-list_item\">\r\n\t\t\t\t\t\t\t<div class=\"zf-list_header\">\r\n\t\t\t\t\t\t\t\t<h3 id=\"listaelem17\" class=\"zf-list_title\">\r\n\t\t\t\t\t\t\t\t\t<span class=\"zf-number\">17<\/span>\r\n\t\t\t\t\t\t\t\t\tJoe Mazzello, mint John Deacon - Boh\u00e9m rapsz\u00f3dia (2018)\t\t\t\t\t\t\t\t<\/h3>\r\n\t\t\t\t\t\t\t<\/div>\r\n\t\t\t\t\t\t\t\t\t\t\t\t\t\t\t<figure class=\"zf-list_media zf-media-wrapper zf-image zf-type-image\">\r\n\t\t\t\t\t\t\t\t\t<div title=\"Joe Mazzello, mint John Deacon - Boh\u00e9m rapsz\u00f3dia (2018)\" alt=\"Joe Mazzello, mint John Deacon - Boh\u00e9m rapsz\u00f3dia (2018)\" class=\"zf-media\">\r\n\t\t\t\t\t\t\t\t\t\t<img width=\"728\" height=\"410\" src=\"https:\/\/liked.hu\/old\/wp-content\/uploads\/2019\/05\/Bohem-rapszodia3.jpg\" class=\"\" alt=\"\" loading=\"lazy\" style=\"\" srcset=\"https:\/\/liked.hu\/old\/wp-content\/uploads\/2019\/05\/Bohem-rapszodia3.jpg 728w, https:\/\/liked.hu\/old\/wp-content\/uploads\/2019\/05\/Bohem-rapszodia3-300x169.jpg 300w, https:\/\/liked.hu\/old\/wp-content\/uploads\/2019\/05\/Bohem-rapszodia3-500x282.jpg 500w, https:\/\/liked.hu\/old\/wp-content\/uploads\/2019\/05\/Bohem-rapszodia3-360x203.jpg 360w, https:\/\/liked.hu\/old\/wp-content\/uploads\/2019\/05\/Bohem-rapszodia3-545x307.jpg 545w\" sizes=\"(max-width: 728px) 100vw, 728px\" \/>\t\t\t\t\t\t\t\t\t\t\t<figcaption class=\"zf-figcaption\">\r\n\t\t\t\t\t\t\t\t\t\t\t\t\t\t\t\t\t\t\t\t\t\t\t\t<cite>        <a class=\"zf-media_credit\" target=\"_blank\" href=\"https:\/\/liked.hu\/old\/kimeno.php?https:\/\/liked.hu\/kimeno.php?https:\/\/www.foxstudios.com\/\" rel=\"nofollow noopener\">foxstudios<\/a>\r\n        <\/cite>\r\n\r\n\t\t\t\t\t\t\t\t\t\t\t\t\t\t\t\t\t\t\t\t\t\t\t<\/figcaption>\r\n\t\t\t\t\t\t\t\t\t\t\t\t\t\t\t\t\t\t\t<\/div>\r\n\t\t\t\t\t\t\t\t\t<hr \/>\r\n\t\t\t\t\t\t\t\t<\/figure>\r\n\t\t\t\t\t\t\t\t\t\t\t\t\t\t<\/li>\r\n\t\t\t\t\t\t\t\t\t\t\t\t<li class=\"zf-list_item\">\r\n\t\t\t\t\t\t\t<div class=\"zf-list_header\">\r\n\t\t\t\t\t\t\t\t<h3 id=\"listaelem18\" class=\"zf-list_title\">\r\n\t\t\t\t\t\t\t\t\t<span class=\"zf-number\">18<\/span>\r\n\t\t\t\t\t\t\t\t\tMatthew Broderick, mint Col. Robert Gould Shaw - Az \u00f6tvennegyedik hadtest (1989)\t\t\t\t\t\t\t\t<\/h3>\r\n\t\t\t\t\t\t\t<\/div>\r\n\t\t\t\t\t\t\t\t\t\t\t\t\t\t\t<figure class=\"zf-list_media zf-media-wrapper zf-image zf-type-image\">\r\n\t\t\t\t\t\t\t\t\t<div title=\"Matthew Broderick, mint Col. Robert Gould Shaw - Az \u00f6tvennegyedik hadtest (1989)\" alt=\"Matthew Broderick, mint Col. Robert Gould Shaw - Az \u00f6tvennegyedik hadtest (1989)\" class=\"zf-media\">\r\n\t\t\t\t\t\t\t\t\t\t<img width=\"728\" height=\"410\" src=\"https:\/\/liked.hu\/old\/wp-content\/uploads\/2019\/05\/Glory.jpg\" class=\"\" alt=\"\" loading=\"lazy\" style=\"\" srcset=\"https:\/\/liked.hu\/old\/wp-content\/uploads\/2019\/05\/Glory.jpg 728w, https:\/\/liked.hu\/old\/wp-content\/uploads\/2019\/05\/Glory-300x169.jpg 300w, https:\/\/liked.hu\/old\/wp-content\/uploads\/2019\/05\/Glory-500x282.jpg 500w, https:\/\/liked.hu\/old\/wp-content\/uploads\/2019\/05\/Glory-360x203.jpg 360w, https:\/\/liked.hu\/old\/wp-content\/uploads\/2019\/05\/Glory-545x307.jpg 545w\" sizes=\"(max-width: 728px) 100vw, 728px\" \/>\t\t\t\t\t\t\t\t\t\t\t<figcaption class=\"zf-figcaption\">\r\n\t\t\t\t\t\t\t\t\t\t\t\t\t\t\t\t\t\t\t\t\t\t\t\t<cite>        <a class=\"zf-media_credit\" target=\"_blank\" href=\"https:\/\/liked.hu\/old\/kimeno.php?https:\/\/liked.hu\/kimeno.php?https:\/\/commons.wikimedia.org\/wiki\/File:Robert_Gould_Shaw.jpg\" rel=\"nofollow noopener\">wikimedia<\/a>\r\n        <\/cite>\r\n\r\n\t\t\t\t\t\t\t\t\t\t\t\t\t\t\t\t\t\t\t\t\t\t\t<\/figcaption>\r\n\t\t\t\t\t\t\t\t\t\t\t\t\t\t\t\t\t\t\t<\/div>\r\n\t\t\t\t\t\t\t\t\t<hr \/>\r\n\t\t\t\t\t\t\t\t<\/figure>\r\n\t\t\t\t\t\t\t\t\t\t\t\t\t\t<\/li>\r\n\t\t\t\t\t\t\t\t\t\t\t\t<li class=\"zf-list_item\">\r\n\t\t\t\t\t\t\t<div class=\"zf-list_header\">\r\n\t\t\t\t\t\t\t\t<h3 id=\"listaelem19\" class=\"zf-list_title\">\r\n\t\t\t\t\t\t\t\t\t<span class=\"zf-number\">19<\/span>\r\n\t\t\t\t\t\t\t\t\tJennifer Lopez, mint Selena Quintanilla - Dalok sz\u00e1rny\u00e1n (1997)\t\t\t\t\t\t\t\t<\/h3>\r\n\t\t\t\t\t\t\t<\/div>\r\n\t\t\t\t\t\t\t\t\t\t\t\t\t\t\t<figure class=\"zf-list_media zf-media-wrapper zf-image zf-type-image\">\r\n\t\t\t\t\t\t\t\t\t<div title=\"Jennifer Lopez, mint Selena Quintanilla - Dalok sz\u00e1rny\u00e1n (1997)\" alt=\"Jennifer Lopez, mint Selena Quintanilla - Dalok sz\u00e1rny\u00e1n (1997)\" class=\"zf-media\">\r\n\t\t\t\t\t\t\t\t\t\t<img width=\"728\" height=\"454\" src=\"https:\/\/liked.hu\/old\/wp-content\/uploads\/2019\/05\/Selena.jpg\" class=\"\" alt=\"\" loading=\"lazy\" style=\"\" srcset=\"https:\/\/liked.hu\/old\/wp-content\/uploads\/2019\/05\/Selena.jpg 728w, https:\/\/liked.hu\/old\/wp-content\/uploads\/2019\/05\/Selena-300x187.jpg 300w, https:\/\/liked.hu\/old\/wp-content\/uploads\/2019\/05\/Selena-500x312.jpg 500w, https:\/\/liked.hu\/old\/wp-content\/uploads\/2019\/05\/Selena-360x225.jpg 360w, https:\/\/liked.hu\/old\/wp-content\/uploads\/2019\/05\/Selena-545x340.jpg 545w\" sizes=\"(max-width: 728px) 100vw, 728px\" \/>\t\t\t\t\t\t\t\t\t\t\t<figcaption class=\"zf-figcaption\">\r\n\t\t\t\t\t\t\t\t\t\t\t\t\t\t\t\t\t\t\t\t\t\t\t\t<cite>        <a class=\"zf-media_credit\" target=\"_blank\" href=\"https:\/\/liked.hu\/old\/kimeno.php?https:\/\/liked.hu\/kimeno.php?https:\/\/q-productions.com\/about.html\" rel=\"nofollow noopener\">q-productions<\/a>\r\n        <\/cite>\r\n\r\n\t\t\t\t\t\t\t\t\t\t\t\t\t\t\t\t\t\t\t\t\t\t\t<\/figcaption>\r\n\t\t\t\t\t\t\t\t\t\t\t\t\t\t\t\t\t\t\t<\/div>\r\n\t\t\t\t\t\t\t\t\t<hr \/>\r\n\t\t\t\t\t\t\t\t<\/figure>\r\n\t\t\t\t\t\t\t\t\t\t\t\t\t\t<\/li>\r\n\t\t\t\t\t\t\t\t\t\t\t\t<li class=\"zf-list_item\">\r\n\t\t\t\t\t\t\t<div class=\"zf-list_header\">\r\n\t\t\t\t\t\t\t\t<h3 id=\"listaelem20\" class=\"zf-list_title\">\r\n\t\t\t\t\t\t\t\t\t<span class=\"zf-number\">20<\/span>\r\n\t\t\t\t\t\t\t\t\tEric Elmosnino, mint Serge Gainsbourg - Gainsbourg: h\u0151si \u00e9let (2010)\t\t\t\t\t\t\t\t<\/h3>\r\n\t\t\t\t\t\t\t<\/div>\r\n\t\t\t\t\t\t\t\t\t\t\t\t\t\t\t<figure class=\"zf-list_media zf-media-wrapper zf-image zf-type-image\">\r\n\t\t\t\t\t\t\t\t\t<div title=\"Eric Elmosnino, mint Serge Gainsbourg - Gainsbourg: h\u0151si \u00e9let (2010)\" alt=\"Eric Elmosnino, mint Serge Gainsbourg - Gainsbourg: h\u0151si \u00e9let (2010)\" class=\"zf-media\">\r\n\t\t\t\t\t\t\t\t\t\t<img width=\"728\" height=\"410\" src=\"https:\/\/liked.hu\/old\/wp-content\/uploads\/2019\/05\/Gainsburg.jpg\" class=\"\" alt=\"\" loading=\"lazy\" style=\"\" srcset=\"https:\/\/liked.hu\/old\/wp-content\/uploads\/2019\/05\/Gainsburg.jpg 728w, https:\/\/liked.hu\/old\/wp-content\/uploads\/2019\/05\/Gainsburg-300x169.jpg 300w, https:\/\/liked.hu\/old\/wp-content\/uploads\/2019\/05\/Gainsburg-500x282.jpg 500w, https:\/\/liked.hu\/old\/wp-content\/uploads\/2019\/05\/Gainsburg-360x203.jpg 360w, https:\/\/liked.hu\/old\/wp-content\/uploads\/2019\/05\/Gainsburg-545x307.jpg 545w\" sizes=\"(max-width: 728px) 100vw, 728px\" \/>\t\t\t\t\t\t\t\t\t\t\t<figcaption class=\"zf-figcaption\">\r\n\t\t\t\t\t\t\t\t\t\t\t\t\t\t\t\t\t\t\t\t\t\t\t\t<cite>        <a class=\"zf-media_credit\" target=\"_blank\" href=\"https:\/\/liked.hu\/old\/kimeno.php?https:\/\/liked.hu\/kimeno.php?https:\/\/www.instagram.com\/p\/BEGDTLCgbX8\/\" rel=\"nofollow noopener\">instagram<\/a>\r\n        <\/cite>\r\n\r\n\t\t\t\t\t\t\t\t\t\t\t\t\t\t\t\t\t\t\t\t\t\t\t<\/figcaption>\r\n\t\t\t\t\t\t\t\t\t\t\t\t\t\t\t\t\t\t\t<\/div>\r\n\t\t\t\t\t\t\t\t\t<hr \/>\r\n\t\t\t\t\t\t\t\t<\/figure>\r\n\t\t\t\t\t\t\t\t\t\t\t\t\t\t<\/li>\r\n\t\t\t\t\t\t\t\t\t<\/ol>\r\n\t\t<\/div>\r\n\t<\/div>\r\n\r\n\t<\/div>\n","protected":false},"excerpt":{"rendered":"<p>Egy \u00e9letrajzi dr\u00e1m\u00e1ban a sz\u00edn\u00e9szek feladata nem csak annyib\u00f3l \u00e1ll, hogy megtanulj\u00e1k \u00e9s el\u0151adj\u00e1k a rendez\u0151k \u00e1ltal r\u00e1juk osztott szerepeket, el is kell hitetni\u00fck a n\u00e9z\u0151kkel, hogy akit l\u00e1tnak a k\u00e9perny\u0151n, az t\u00e9nyleg az a bizonyos szem\u00e9ly, akir\u0151l a film is sz\u00f3l. Ez rendk\u00edv\u00fcl neh\u00e9z feladat, \u00e1m id\u0151r\u0151l-id\u0151re az\u00e9rt akad n\u00e9h\u00e1ny tehets\u00e9ges sz\u00edn\u00e9sz, aki olyan [&hellip;]<\/p>\n","protected":false},"author":13,"featured_media":141824,"comment_status":"open","ping_status":"closed","sticky":false,"template":"","format":"standard","meta":{"buzzeditor_post_format":""},"categories":[53,9578],"tags":[4582,1009,1102,3074],"yoast_head":"<!-- This site is optimized with the Yoast SEO plugin v19.6.1 - https:\/\/yoast.com\/wordpress\/plugins\/seo\/ -->\n<title>20 sz\u00edn\u00e9sz, aki szinte eggy\u00e9 v\u00e1lt az \u00e1ltala j\u00e1tszott karakterrel a k\u00e9perny\u0151n<\/title>\n<meta name=\"description\" content=\"Egy \u00e9letrajzi dr\u00e1m\u00e1ban a sz\u00edn\u00e9szek feladata nem csak annyib\u00f3l \u00e1ll, hogy megtanulj\u00e1k \u00e9s el\u0151adj\u00e1k a rendez\u0151k \u00e1ltal r\u00e1juk osztott szerepeket, el is kell\" \/>\n<meta name=\"robots\" content=\"index, follow, max-snippet:-1, max-image-preview:large, max-video-preview:-1\" \/>\n<link rel=\"canonical\" href=\"https:\/\/liked.hu\/old\/filmek-es-tv\/20-szinesz-aki-szinte-eggye-valt-az-altala-jatszott-karakterrel-a-kepernyon\/\" \/>\n<link rel=\"next\" href=\"https:\/\/liked.hu\/old\/filmek-es-tv\/20-szinesz-aki-szinte-eggye-valt-az-altala-jatszott-karakterrel-a-kepernyon\/2\/\" \/>\n<meta property=\"og:locale\" content=\"hu_HU\" \/>\n<meta property=\"og:type\" content=\"article\" \/>\n<meta property=\"og:title\" content=\"20 sz\u00edn\u00e9sz, aki szinte eggy\u00e9 v\u00e1lt az \u00e1ltala j\u00e1tszott karakterrel a k\u00e9perny\u0151n\" \/>\n<meta property=\"og:description\" content=\"Egy \u00e9letrajzi dr\u00e1m\u00e1ban a sz\u00edn\u00e9szek feladata nem csak annyib\u00f3l \u00e1ll, hogy megtanulj\u00e1k \u00e9s el\u0151adj\u00e1k a rendez\u0151k \u00e1ltal r\u00e1juk osztott szerepeket, el is kell\" \/>\n<meta property=\"og:url\" content=\"https:\/\/liked.hu\/old\/filmek-es-tv\/20-szinesz-aki-szinte-eggye-valt-az-altala-jatszott-karakterrel-a-kepernyon\/\" \/>\n<meta property=\"og:site_name\" content=\"Liked.hu\" \/>\n<meta property=\"article:publisher\" content=\"https:\/\/www.facebook.com\/liked.hu\" \/>\n<meta property=\"article:published_time\" content=\"2019-05-06T05:39:45+00:00\" \/>\n<meta property=\"article:modified_time\" content=\"2022-09-05T17:30:14+00:00\" \/>\n<meta property=\"og:image\" content=\"https:\/\/liked.hu\/old\/wp-content\/uploads\/2019\/05\/Hiressegekkel-eggye-valt-szineszek.jpg\" \/>\n\t<meta property=\"og:image:width\" content=\"1200\" \/>\n\t<meta property=\"og:image:height\" content=\"630\" \/>\n\t<meta property=\"og:image:type\" content=\"image\/jpeg\" \/>\n<meta name=\"author\" content=\"Klingstrom\" \/>\n<meta name=\"twitter:card\" content=\"summary\" \/>\n<meta name=\"twitter:creator\" content=\"@LikedHu\" \/>\n<meta name=\"twitter:site\" content=\"@LikedHu\" \/>\n<meta name=\"twitter:label1\" content=\"Szerz\u0151:\" \/>\n\t<meta name=\"twitter:data1\" content=\"Klingstrom\" \/>\n\t<meta name=\"twitter:label2\" content=\"Becs\u00fclt olvas\u00e1si id\u0151\" \/>\n\t<meta name=\"twitter:data2\" content=\"1 perc\" \/>\n<script type=\"application\/ld+json\" class=\"yoast-schema-graph\">{\"@context\":\"https:\/\/schema.org\",\"@graph\":[{\"@type\":\"Article\",\"@id\":\"https:\/\/liked.hu\/old\/filmek-es-tv\/20-szinesz-aki-szinte-eggye-valt-az-altala-jatszott-karakterrel-a-kepernyon\/#article\",\"isPartOf\":{\"@id\":\"https:\/\/liked.hu\/old\/filmek-es-tv\/20-szinesz-aki-szinte-eggye-valt-az-altala-jatszott-karakterrel-a-kepernyon\/\"},\"author\":{\"name\":\"Klingstrom\",\"@id\":\"https:\/\/liked.hu\/old\/#\/schema\/person\/1c8d3f8764991e8dcd6572a7de72da8a\"},\"headline\":\"20 sz\u00edn\u00e9sz, aki szinte eggy\u00e9 v\u00e1lt az \u00e1ltala j\u00e1tszott karakterrel a k\u00e9perny\u0151n\",\"datePublished\":\"2019-05-06T05:39:45+00:00\",\"dateModified\":\"2022-09-05T17:30:14+00:00\",\"mainEntityOfPage\":{\"@id\":\"https:\/\/liked.hu\/old\/filmek-es-tv\/20-szinesz-aki-szinte-eggye-valt-az-altala-jatszott-karakterrel-a-kepernyon\/\"},\"wordCount\":171,\"commentCount\":0,\"publisher\":{\"@id\":\"https:\/\/liked.hu\/old\/#organization\"},\"keywords\":[\"\u00e9letrajzi dr\u00e1ma\",\"hasonl\u00f3s\u00e1g\",\"hollywood\",\"sz\u00edn\u00e9szek\"],\"articleSection\":[\"Filmek \u00e9s TV\",\"Interneten tal\u00e1lt dolgok\"],\"inLanguage\":\"hu\",\"potentialAction\":[{\"@type\":\"CommentAction\",\"name\":\"Comment\",\"target\":[\"https:\/\/liked.hu\/old\/filmek-es-tv\/20-szinesz-aki-szinte-eggye-valt-az-altala-jatszott-karakterrel-a-kepernyon\/#respond\"]}]},{\"@type\":\"WebPage\",\"@id\":\"https:\/\/liked.hu\/old\/filmek-es-tv\/20-szinesz-aki-szinte-eggye-valt-az-altala-jatszott-karakterrel-a-kepernyon\/\",\"url\":\"https:\/\/liked.hu\/old\/filmek-es-tv\/20-szinesz-aki-szinte-eggye-valt-az-altala-jatszott-karakterrel-a-kepernyon\/\",\"name\":\"20 sz\u00edn\u00e9sz, aki szinte eggy\u00e9 v\u00e1lt az \u00e1ltala j\u00e1tszott karakterrel a k\u00e9perny\u0151n\",\"isPartOf\":{\"@id\":\"https:\/\/liked.hu\/old\/#website\"},\"datePublished\":\"2019-05-06T05:39:45+00:00\",\"dateModified\":\"2022-09-05T17:30:14+00:00\",\"description\":\"Egy \u00e9letrajzi dr\u00e1m\u00e1ban a sz\u00edn\u00e9szek feladata nem csak annyib\u00f3l \u00e1ll, hogy megtanulj\u00e1k \u00e9s el\u0151adj\u00e1k a rendez\u0151k \u00e1ltal r\u00e1juk osztott szerepeket, el is kell\",\"breadcrumb\":{\"@id\":\"https:\/\/liked.hu\/old\/filmek-es-tv\/20-szinesz-aki-szinte-eggye-valt-az-altala-jatszott-karakterrel-a-kepernyon\/#breadcrumb\"},\"inLanguage\":\"hu\",\"potentialAction\":[{\"@type\":\"ReadAction\",\"target\":[\"https:\/\/liked.hu\/old\/filmek-es-tv\/20-szinesz-aki-szinte-eggye-valt-az-altala-jatszott-karakterrel-a-kepernyon\/\"]}]},{\"@type\":\"BreadcrumbList\",\"@id\":\"https:\/\/liked.hu\/old\/filmek-es-tv\/20-szinesz-aki-szinte-eggye-valt-az-altala-jatszott-karakterrel-a-kepernyon\/#breadcrumb\",\"itemListElement\":[{\"@type\":\"ListItem\",\"position\":1,\"name\":\"Kezd\u0151lap\"}]},{\"@type\":\"WebSite\",\"@id\":\"https:\/\/liked.hu\/old\/#website\",\"url\":\"https:\/\/liked.hu\/old\/\",\"name\":\"Liked.hu\",\"description\":\"\",\"publisher\":{\"@id\":\"https:\/\/liked.hu\/old\/#organization\"},\"potentialAction\":[{\"@type\":\"SearchAction\",\"target\":{\"@type\":\"EntryPoint\",\"urlTemplate\":\"https:\/\/liked.hu\/old\/?s={search_term_string}\"},\"query-input\":\"required name=search_term_string\"}],\"inLanguage\":\"hu\"},{\"@type\":\"Organization\",\"@id\":\"https:\/\/liked.hu\/old\/#organization\",\"name\":\"Liked.hu\",\"url\":\"https:\/\/liked.hu\/old\/\",\"sameAs\":[\"https:\/\/hu.pinterest.com\/likedhungary\/\",\"https:\/\/www.youtube.com\/channel\/UCPv91dbMoIukYcM9b9nHN6Q\",\"https:\/\/www.facebook.com\/liked.hu\",\"https:\/\/twitter.com\/LikedHu\"],\"logo\":{\"@type\":\"ImageObject\",\"inLanguage\":\"hu\",\"@id\":\"https:\/\/liked.hu\/old\/#\/schema\/logo\/image\/\",\"url\":\"https:\/\/liked.hu\/wp-content\/uploads\/2018\/08\/Liked-icon.png\",\"contentUrl\":\"https:\/\/liked.hu\/wp-content\/uploads\/2018\/08\/Liked-icon.png\",\"width\":512,\"height\":512,\"caption\":\"Liked.hu\"},\"image\":{\"@id\":\"https:\/\/liked.hu\/old\/#\/schema\/logo\/image\/\"}},{\"@type\":\"Person\",\"@id\":\"https:\/\/liked.hu\/old\/#\/schema\/person\/1c8d3f8764991e8dcd6572a7de72da8a\",\"name\":\"Klingstrom\",\"image\":{\"@type\":\"ImageObject\",\"inLanguage\":\"hu\",\"@id\":\"https:\/\/liked.hu\/old\/#\/schema\/person\/image\/\",\"url\":\"https:\/\/liked.hu\/old\/wp-content\/uploads\/avatars\/13\/604de88bd578a-bpfull.jpg\",\"contentUrl\":\"https:\/\/liked.hu\/old\/wp-content\/uploads\/avatars\/13\/604de88bd578a-bpfull.jpg\",\"caption\":\"Klingstrom\"},\"url\":\"https:\/\/liked.hu\/old\/u\/klingstrom\/\"}]}<\/script>\n<!-- \/ Yoast SEO plugin. -->","yoast_head_json":{"title":"20 sz\u00edn\u00e9sz, aki szinte eggy\u00e9 v\u00e1lt az \u00e1ltala j\u00e1tszott karakterrel a k\u00e9perny\u0151n","description":"Egy \u00e9letrajzi dr\u00e1m\u00e1ban a sz\u00edn\u00e9szek feladata nem csak annyib\u00f3l \u00e1ll, hogy megtanulj\u00e1k \u00e9s el\u0151adj\u00e1k a rendez\u0151k \u00e1ltal r\u00e1juk osztott szerepeket, el is kell","robots":{"index":"index","follow":"follow","max-snippet":"max-snippet:-1","max-image-preview":"max-image-preview:large","max-video-preview":"max-video-preview:-1"},"canonical":"https:\/\/liked.hu\/old\/filmek-es-tv\/20-szinesz-aki-szinte-eggye-valt-az-altala-jatszott-karakterrel-a-kepernyon\/","next":"https:\/\/liked.hu\/old\/filmek-es-tv\/20-szinesz-aki-szinte-eggye-valt-az-altala-jatszott-karakterrel-a-kepernyon\/2\/","og_locale":"hu_HU","og_type":"article","og_title":"20 sz\u00edn\u00e9sz, aki szinte eggy\u00e9 v\u00e1lt az \u00e1ltala j\u00e1tszott karakterrel a k\u00e9perny\u0151n","og_description":"Egy \u00e9letrajzi dr\u00e1m\u00e1ban a sz\u00edn\u00e9szek feladata nem csak annyib\u00f3l \u00e1ll, hogy megtanulj\u00e1k \u00e9s el\u0151adj\u00e1k a rendez\u0151k \u00e1ltal r\u00e1juk osztott szerepeket, el is kell","og_url":"https:\/\/liked.hu\/old\/filmek-es-tv\/20-szinesz-aki-szinte-eggye-valt-az-altala-jatszott-karakterrel-a-kepernyon\/","og_site_name":"Liked.hu","article_publisher":"https:\/\/www.facebook.com\/liked.hu","article_published_time":"2019-05-06T05:39:45+00:00","article_modified_time":"2022-09-05T17:30:14+00:00","og_image":[{"width":1200,"height":630,"url":"https:\/\/liked.hu\/old\/wp-content\/uploads\/2019\/05\/Hiressegekkel-eggye-valt-szineszek.jpg","type":"image\/jpeg"}],"author":"Klingstrom","twitter_card":"summary","twitter_creator":"@LikedHu","twitter_site":"@LikedHu","twitter_misc":{"Szerz\u0151:":"Klingstrom","Becs\u00fclt olvas\u00e1si id\u0151":"1 perc"},"schema":{"@context":"https:\/\/schema.org","@graph":[{"@type":"Article","@id":"https:\/\/liked.hu\/old\/filmek-es-tv\/20-szinesz-aki-szinte-eggye-valt-az-altala-jatszott-karakterrel-a-kepernyon\/#article","isPartOf":{"@id":"https:\/\/liked.hu\/old\/filmek-es-tv\/20-szinesz-aki-szinte-eggye-valt-az-altala-jatszott-karakterrel-a-kepernyon\/"},"author":{"name":"Klingstrom","@id":"https:\/\/liked.hu\/old\/#\/schema\/person\/1c8d3f8764991e8dcd6572a7de72da8a"},"headline":"20 sz\u00edn\u00e9sz, aki szinte eggy\u00e9 v\u00e1lt az \u00e1ltala j\u00e1tszott karakterrel a k\u00e9perny\u0151n","datePublished":"2019-05-06T05:39:45+00:00","dateModified":"2022-09-05T17:30:14+00:00","mainEntityOfPage":{"@id":"https:\/\/liked.hu\/old\/filmek-es-tv\/20-szinesz-aki-szinte-eggye-valt-az-altala-jatszott-karakterrel-a-kepernyon\/"},"wordCount":171,"commentCount":0,"publisher":{"@id":"https:\/\/liked.hu\/old\/#organization"},"keywords":["\u00e9letrajzi dr\u00e1ma","hasonl\u00f3s\u00e1g","hollywood","sz\u00edn\u00e9szek"],"articleSection":["Filmek \u00e9s TV","Interneten tal\u00e1lt dolgok"],"inLanguage":"hu","potentialAction":[{"@type":"CommentAction","name":"Comment","target":["https:\/\/liked.hu\/old\/filmek-es-tv\/20-szinesz-aki-szinte-eggye-valt-az-altala-jatszott-karakterrel-a-kepernyon\/#respond"]}]},{"@type":"WebPage","@id":"https:\/\/liked.hu\/old\/filmek-es-tv\/20-szinesz-aki-szinte-eggye-valt-az-altala-jatszott-karakterrel-a-kepernyon\/","url":"https:\/\/liked.hu\/old\/filmek-es-tv\/20-szinesz-aki-szinte-eggye-valt-az-altala-jatszott-karakterrel-a-kepernyon\/","name":"20 sz\u00edn\u00e9sz, aki szinte eggy\u00e9 v\u00e1lt az \u00e1ltala j\u00e1tszott karakterrel a k\u00e9perny\u0151n","isPartOf":{"@id":"https:\/\/liked.hu\/old\/#website"},"datePublished":"2019-05-06T05:39:45+00:00","dateModified":"2022-09-05T17:30:14+00:00","description":"Egy \u00e9letrajzi dr\u00e1m\u00e1ban a sz\u00edn\u00e9szek feladata nem csak annyib\u00f3l \u00e1ll, hogy megtanulj\u00e1k \u00e9s el\u0151adj\u00e1k a rendez\u0151k \u00e1ltal r\u00e1juk osztott szerepeket, el is kell","breadcrumb":{"@id":"https:\/\/liked.hu\/old\/filmek-es-tv\/20-szinesz-aki-szinte-eggye-valt-az-altala-jatszott-karakterrel-a-kepernyon\/#breadcrumb"},"inLanguage":"hu","potentialAction":[{"@type":"ReadAction","target":["https:\/\/liked.hu\/old\/filmek-es-tv\/20-szinesz-aki-szinte-eggye-valt-az-altala-jatszott-karakterrel-a-kepernyon\/"]}]},{"@type":"BreadcrumbList","@id":"https:\/\/liked.hu\/old\/filmek-es-tv\/20-szinesz-aki-szinte-eggye-valt-az-altala-jatszott-karakterrel-a-kepernyon\/#breadcrumb","itemListElement":[{"@type":"ListItem","position":1,"name":"Kezd\u0151lap"}]},{"@type":"WebSite","@id":"https:\/\/liked.hu\/old\/#website","url":"https:\/\/liked.hu\/old\/","name":"Liked.hu","description":"","publisher":{"@id":"https:\/\/liked.hu\/old\/#organization"},"potentialAction":[{"@type":"SearchAction","target":{"@type":"EntryPoint","urlTemplate":"https:\/\/liked.hu\/old\/?s={search_term_string}"},"query-input":"required name=search_term_string"}],"inLanguage":"hu"},{"@type":"Organization","@id":"https:\/\/liked.hu\/old\/#organization","name":"Liked.hu","url":"https:\/\/liked.hu\/old\/","sameAs":["https:\/\/hu.pinterest.com\/likedhungary\/","https:\/\/www.youtube.com\/channel\/UCPv91dbMoIukYcM9b9nHN6Q","https:\/\/www.facebook.com\/liked.hu","https:\/\/twitter.com\/LikedHu"],"logo":{"@type":"ImageObject","inLanguage":"hu","@id":"https:\/\/liked.hu\/old\/#\/schema\/logo\/image\/","url":"https:\/\/liked.hu\/wp-content\/uploads\/2018\/08\/Liked-icon.png","contentUrl":"https:\/\/liked.hu\/wp-content\/uploads\/2018\/08\/Liked-icon.png","width":512,"height":512,"caption":"Liked.hu"},"image":{"@id":"https:\/\/liked.hu\/old\/#\/schema\/logo\/image\/"}},{"@type":"Person","@id":"https:\/\/liked.hu\/old\/#\/schema\/person\/1c8d3f8764991e8dcd6572a7de72da8a","name":"Klingstrom","image":{"@type":"ImageObject","inLanguage":"hu","@id":"https:\/\/liked.hu\/old\/#\/schema\/person\/image\/","url":"https:\/\/liked.hu\/old\/wp-content\/uploads\/avatars\/13\/604de88bd578a-bpfull.jpg","contentUrl":"https:\/\/liked.hu\/old\/wp-content\/uploads\/avatars\/13\/604de88bd578a-bpfull.jpg","caption":"Klingstrom"},"url":"https:\/\/liked.hu\/old\/u\/klingstrom\/"}]}},"publishpress_future_action":{"enabled":false,"date":"1970-01-01 01:00:00","action":"","terms":[],"taxonomy":"","browser_timezone_offset":0},"_links":{"self":[{"href":"https:\/\/liked.hu\/old\/wp-json\/wp\/v2\/posts\/141823"}],"collection":[{"href":"https:\/\/liked.hu\/old\/wp-json\/wp\/v2\/posts"}],"about":[{"href":"https:\/\/liked.hu\/old\/wp-json\/wp\/v2\/types\/post"}],"author":[{"embeddable":true,"href":"https:\/\/liked.hu\/old\/wp-json\/wp\/v2\/users\/13"}],"replies":[{"embeddable":true,"href":"https:\/\/liked.hu\/old\/wp-json\/wp\/v2\/comments?post=141823"}],"version-history":[{"count":0,"href":"https:\/\/liked.hu\/old\/wp-json\/wp\/v2\/posts\/141823\/revisions"}],"wp:featuredmedia":[{"embeddable":true,"href":"https:\/\/liked.hu\/old\/wp-json\/wp\/v2\/media\/141824"}],"wp:attachment":[{"href":"https:\/\/liked.hu\/old\/wp-json\/wp\/v2\/media?parent=141823"}],"wp:term":[{"taxonomy":"category","embeddable":true,"href":"https:\/\/liked.hu\/old\/wp-json\/wp\/v2\/categories?post=141823"},{"taxonomy":"post_tag","embeddable":true,"href":"https:\/\/liked.hu\/old\/wp-json\/wp\/v2\/tags?post=141823"}],"curies":[{"name":"wp","href":"https:\/\/api.w.org\/{rel}","templated":true}]}}