{"id":141712,"date":"2019-05-05T19:56:54","date_gmt":"2019-05-05T17:56:54","guid":{"rendered":"https:\/\/liked.hu\/old\/?p=141712"},"modified":"2022-09-05T19:29:51","modified_gmt":"2022-09-05T17:29:51","slug":"10-kerdes-ami-gyerekkorunk-ota-foglalkoztat-bennunket-es-a-tudomany-vegre-kepes-valaszt-adni-ra","status":"publish","type":"post","link":"https:\/\/liked.hu\/old\/erdekes\/10-kerdes-ami-gyerekkorunk-ota-foglalkoztat-bennunket-es-a-tudomany-vegre-kepes-valaszt-adni-ra\/","title":{"rendered":"10 k\u00e9rd\u00e9s, ami gyerekkorunk \u00f3ta foglalkoztat benn\u00fcnket \u00e9s a tudom\u00e1ny v\u00e9gre k\u00e9pes v\u00e1laszt adni r\u00e1"},"content":{"rendered":"<p>Vannak olyan k\u00e9rd\u00e9sek, melyek noha gyerekkorunk \u00f3ta foglalkoztatnak benn\u00fcnket, egy\u00e9rtelm\u0171 v\u00e1laszt m\u00e9gsem kaptunk r\u00e1juk soha-senkit\u0151l. Mi volt el\u0151bb, a ty\u00fak vagy a toj\u00e1s? Milyen sz\u00edn\u0171 egy zebra? Mi\u00e9rt b\u00e1mulnak a macsk\u00e1k a semmibe? Ezek mind-mind olyan k\u00e9rd\u00e9sek, melyek mindannyiunk fant\u00e1zi\u00e1j\u00e1t megmozgatt\u00e1k m\u00e1r j\u00f3 p\u00e1rszor, de kiel\u00e9g\u00edt\u0151 v\u00e1laszt m\u00e9gsem tal\u00e1ltunk r\u00e1juk egyszer sem.<\/p>\n\n<div style=\"float:none;margin:0px 0 0px 0;text-align:center;\">\n<div class=\"mobileShowkakettes\"><div class=\"mobileShowka2\"><div style=\"padding-top:0px;padding-bottom:15px;min-height: 300px;\"><div class=\"hirdetes\">HIRDET\u00c9S<\/div>\n<!-- 300lista -->\n<ins class=\"adsbygoogle\"\n     style=\"display:inline-block;width:300px;height:250px\"\n     data-ad-client=\"ca-pub-9424088931673893\"\n     data-ad-slot=\"8471340766\"><\/ins>\n<script async>\n     (adsbygoogle = window.adsbygoogle || []).push({});\n<\/script><\/div><\/div><\/div><\/div>\n\n<p>Eg\u00e9szen id\u00e1ig legal\u00e1bbis: cikk\u00fcnkben ugyanis most tud\u00f3sok seg\u00edtenek nek\u00fcnk v\u00e1laszt tal\u00e1lni az ilyen \u00e9s ehhez hasonl\u00f3 &#8222;\u00e9letre sz\u00f3l\u00f3&#8221; k\u00e9rd\u00e9seinkre.<\/p>\n<div id=\"zombify-main-section-front\" class=\"zombify-main-section-front zombify-screen zf-media-full\">\r\n\t<link rel=\"stylesheet\" type=\"text\/css\" href=\"https:\/\/liked.hu\/old\/js\/zombify.css\">\r\n    <link rel=\"stylesheet\" type=\"text\/css\" href=\"https:\/\/liked.hu\/old\/wp-content\/themes\/newsy-child\/style.css\">\r\n\t<div class=\"zf-container\">\r\n\t\t<div id=\"zf-list\" class=\"zf-list zf-numbered\">\r\n\t\t\t<ol class=\"zf-structure-list\">\r\n\t\t\t\t\t\t\t\t\t\t<li class=\"zf-list_item\">\r\n\t\t\t\t\t\t\t<div class=\"zf-list_header\">\r\n\t\t\t\t\t\t\t\t<h3 id=\"listaelem1\" class=\"zf-list_title\">\r\n\t\t\t\t\t\t\t\t\t<span class=\"zf-number\">1<\/span>\r\n\t\t\t\t\t\t\t\t\tMi volt el\u0151bb: a ty\u00fak vagy a toj\u00e1s?\t\t\t\t\t\t\t\t<\/h3>\r\n\t\t\t\t\t\t\t<\/div>\r\n\t\t\t\t\t\t\t\t\t\t\t\t\t\t\t<figure class=\"zf-list_media zf-media-wrapper zf-image zf-type-image\">\r\n\t\t\t\t\t\t\t\t\t<div title=\"Mi volt el\u0151bb: a ty\u00fak vagy a toj\u00e1s?\" alt=\"Mi volt el\u0151bb: a ty\u00fak vagy a toj\u00e1s?\" class=\"zf-media\">\r\n\t\t\t\t\t\t\t\t\t\t<img width=\"728\" height=\"369\" src=\"https:\/\/liked.hu\/old\/wp-content\/uploads\/2019\/05\/4108615-27753710-e4581d140577c12a2b83034d1f7ca39b291d8c16-728-1-1554111093-728-f858fc845a-1556519041.jpg\" class=\"\" alt=\"\" loading=\"lazy\" style=\"\" srcset=\"https:\/\/liked.hu\/old\/wp-content\/uploads\/2019\/05\/4108615-27753710-e4581d140577c12a2b83034d1f7ca39b291d8c16-728-1-1554111093-728-f858fc845a-1556519041.jpg 728w, https:\/\/liked.hu\/old\/wp-content\/uploads\/2019\/05\/4108615-27753710-e4581d140577c12a2b83034d1f7ca39b291d8c16-728-1-1554111093-728-f858fc845a-1556519041-300x152.jpg 300w, https:\/\/liked.hu\/old\/wp-content\/uploads\/2019\/05\/4108615-27753710-e4581d140577c12a2b83034d1f7ca39b291d8c16-728-1-1554111093-728-f858fc845a-1556519041-500x253.jpg 500w, https:\/\/liked.hu\/old\/wp-content\/uploads\/2019\/05\/4108615-27753710-e4581d140577c12a2b83034d1f7ca39b291d8c16-728-1-1554111093-728-f858fc845a-1556519041-360x182.jpg 360w, https:\/\/liked.hu\/old\/wp-content\/uploads\/2019\/05\/4108615-27753710-e4581d140577c12a2b83034d1f7ca39b291d8c16-728-1-1554111093-728-f858fc845a-1556519041-545x276.jpg 545w\" sizes=\"(max-width: 728px) 100vw, 728px\" \/>\t\t\t\t\t\t\t\t\t\t\t<figcaption class=\"zf-figcaption\">\r\n\t\t\t\t\t\t\t\t\t\t\t\t\t\t\t\t\t\t\t\t\t\t\t\t<cite>        <a class=\"zf-media_credit\" target=\"_blank\" href=\"https:\/\/liked.hu\/old\/kimeno.php?https:\/\/liked.hu\/kimeno.php?https:\/\/www.science.org.au\/curious\/everything-else\/which-came-first-chicken-or-egg\" rel=\"nofollow noopener\">forr\u00e1s: science.org.au<\/a>\r\n        <\/cite>\r\n\r\n\t\t\t\t\t\t\t\t\t\t\t\t\t\t\t\t\t\t\t\t\t\t\t<\/figcaption>\r\n\t\t\t\t\t\t\t\t\t\t\t\t\t\t\t\t\t\t\t<\/div>\r\n\t\t\t\t\t\t\t\t\t<hr \/>\r\n\t\t\t\t\t\t\t\t<\/figure>\r\n\t\t\t\t\t\t\t\t\t\t\t\t\t\t\t\t<div class=\"zf-list_description\"><p>A tud\u00f3sok sok\u00e1ig nem tudt\u00e1k meghat\u00e1rozni, hogy mi lehetett el\u0151bb - a toj\u00e1s vagy egy \u0151si \u00e1llat (a ty\u00fak \u0151se), de v\u00e9g\u00fcl v\u00e1laszt adtak r\u00e1. Darwin \u00e9s a modern biol\u00f3gusok elm\u00e9lete alapj\u00e1n egy\u00e9rtelm\u0171en a toj\u00e1s jelent meg el\u0151bb, mivel maga az \u00e9let sz\u00fclet\u00e9se is a toj\u00e1ssejtben t\u00f6rt\u00e9nik, \u00edgy m\u00e1sk\u00e9pp l\u00e9tre sem j\u00f6hetett volna az \u00e9let. Id\u0151vel ebb\u0151l a toj\u00e1sb\u00f3l kifejl\u0151d\u0151 \u0151si mad\u00e1r \u201ealakult\" azt\u00e1n \u00e1t csirk\u00e9v\u00e9.<\/p><\/div>\r\n\t\t\t\t\t\t\t\t\t\t\t\t\t<\/li>\r\n\t\t\t\t\t\t\t\t\t\t\t\t<li class=\"zf-list_item\">\r\n\t\t\t\t\t\t\t<div class=\"zf-list_header\">\r\n\t\t\t\t\t\t\t\t<h3 id=\"listaelem2\" class=\"zf-list_title\">\r\n\t\t\t\t\t\t\t\t\t<span class=\"zf-number\">2<\/span>\r\n\t\t\t\t\t\t\t\t\tMi\u00e9rt jelennek meg foltok a szem\u00fcnk el\u0151tt, amikor er\u0151s f\u00e9nybe n\u00e9z\u00fcnk?\t\t\t\t\t\t\t\t<\/h3>\r\n\t\t\t\t\t\t\t<\/div>\r\n\t\t\t\t\t\t\t\t\t\t\t\t\t\t\t<figure class=\"zf-list_media zf-media-wrapper zf-image zf-type-image\">\r\n\t\t\t\t\t\t\t\t\t<div title=\"Mi\u00e9rt jelennek meg foltok a szem\u00fcnk el\u0151tt, amikor er\u0151s f\u00e9nybe n\u00e9z\u00fcnk?\" alt=\"Mi\u00e9rt jelennek meg foltok a szem\u00fcnk el\u0151tt, amikor er\u0151s f\u00e9nybe n\u00e9z\u00fcnk?\" class=\"zf-media\">\r\n\t\t\t\t\t\t\t\t\t\t<img width=\"728\" height=\"483\" src=\"https:\/\/liked.hu\/old\/wp-content\/uploads\/2019\/05\/4108565-Depositphotos_32616573_xl-2015-1553862608-728-a41cffd4f5-1556519041.jpg\" class=\"\" alt=\"\" loading=\"lazy\" style=\"\" srcset=\"https:\/\/liked.hu\/old\/wp-content\/uploads\/2019\/05\/4108565-Depositphotos_32616573_xl-2015-1553862608-728-a41cffd4f5-1556519041.jpg 728w, https:\/\/liked.hu\/old\/wp-content\/uploads\/2019\/05\/4108565-Depositphotos_32616573_xl-2015-1553862608-728-a41cffd4f5-1556519041-300x199.jpg 300w, https:\/\/liked.hu\/old\/wp-content\/uploads\/2019\/05\/4108565-Depositphotos_32616573_xl-2015-1553862608-728-a41cffd4f5-1556519041-500x332.jpg 500w, https:\/\/liked.hu\/old\/wp-content\/uploads\/2019\/05\/4108565-Depositphotos_32616573_xl-2015-1553862608-728-a41cffd4f5-1556519041-360x239.jpg 360w, https:\/\/liked.hu\/old\/wp-content\/uploads\/2019\/05\/4108565-Depositphotos_32616573_xl-2015-1553862608-728-a41cffd4f5-1556519041-545x362.jpg 545w\" sizes=\"(max-width: 728px) 100vw, 728px\" \/>\t\t\t\t\t\t\t\t\t\t\t<figcaption class=\"zf-figcaption\">\r\n\t\t\t\t\t\t\t\t\t\t\t\t\t\t\t\t\t\t\t\t\t\t\t\t<cite>        <a class=\"zf-media_credit\" target=\"_blank\" href=\"https:\/\/liked.hu\/old\/kimeno.php?https:\/\/liked.hu\/kimeno.php?http:\/\/www.thenakedscientists.com\/articles\/questions\/why-do-we-see-blotches-after-looking-lights\" rel=\"nofollow noopener\">forr\u00e1s: thenakedscientists.com<\/a>\r\n        <\/cite>\r\n\r\n\t\t\t\t\t\t\t\t\t\t\t\t\t\t\t\t\t\t\t\t\t\t\t<\/figcaption>\r\n\t\t\t\t\t\t\t\t\t\t\t\t\t\t\t\t\t\t\t<\/div>\r\n\t\t\t\t\t\t\t\t\t<hr \/>\r\n\t\t\t\t\t\t\t\t<\/figure>\r\n\t\t\t\t\t\t\t\t\t\t\t\t\t\t\t\t<div class=\"zf-list_description\"><p>Amikor er\u0151s f\u00e9ny \u00e9ri a szem\u00fcnket, a retina fotoreceptoraiban \u00e1tmeneti t\u00falterhel\u00e9s l\u00e9p fel. Ez azt jelenti, hogy r\u00f6vid ideig nem k\u00e9pesek reag\u00e1lni semmire, \u00e9s \u2013 jobb h\u00edj\u00e1n \u2013 ilyen \u201efoltok\u201d seg\u00edts\u00e9g\u00e9vel p\u00f3tolj\u00e1k a hi\u00e1nyz\u00f3 k\u00e9p-r\u00e9szleteket.<\/p><\/div>\r\n\t\t\t\t\t\t\t\t\t\t\t\t\t<\/li>\r\n\t\t\t\t\t\t\t\t\t\t\t\t<li class=\"zf-list_item\">\r\n\t\t\t\t\t\t\t<div class=\"zf-list_header\">\r\n\t\t\t\t\t\t\t\t<h3 id=\"listaelem3\" class=\"zf-list_title\">\r\n\t\t\t\t\t\t\t\t\t<span class=\"zf-number\">3<\/span>\r\n\t\t\t\t\t\t\t\t\tMost akkor a zebra fekete sz\u00edn\u0171 feh\u00e9r cs\u00edkokkal vagy ford\u00edtva?!\t\t\t\t\t\t\t\t<\/h3>\r\n\t\t\t\t\t\t\t<\/div>\r\n\t\t\t\t\t\t\t\t\t\t\t\t\t\t\t<figure class=\"zf-list_media zf-media-wrapper zf-image zf-type-image\">\r\n\t\t\t\t\t\t\t\t\t<div title=\"Most akkor a zebra fekete sz\u00edn\u0171 feh\u00e9r cs\u00edkokkal vagy ford\u00edtva?!\" alt=\"Most akkor a zebra fekete sz\u00edn\u0171 feh\u00e9r cs\u00edkokkal vagy ford\u00edtva?!\" class=\"zf-media\">\r\n\t\t\t\t\t\t\t\t\t\t<img width=\"728\" height=\"485\" src=\"https:\/\/liked.hu\/old\/wp-content\/uploads\/2019\/05\/4108515-zebra-2283914_1920-1553781712-728-59f9fec04b-1556519041.jpg\" class=\"\" alt=\"\" loading=\"lazy\" style=\"\" srcset=\"https:\/\/liked.hu\/old\/wp-content\/uploads\/2019\/05\/4108515-zebra-2283914_1920-1553781712-728-59f9fec04b-1556519041.jpg 728w, https:\/\/liked.hu\/old\/wp-content\/uploads\/2019\/05\/4108515-zebra-2283914_1920-1553781712-728-59f9fec04b-1556519041-300x200.jpg 300w, https:\/\/liked.hu\/old\/wp-content\/uploads\/2019\/05\/4108515-zebra-2283914_1920-1553781712-728-59f9fec04b-1556519041-500x333.jpg 500w, https:\/\/liked.hu\/old\/wp-content\/uploads\/2019\/05\/4108515-zebra-2283914_1920-1553781712-728-59f9fec04b-1556519041-360x240.jpg 360w, https:\/\/liked.hu\/old\/wp-content\/uploads\/2019\/05\/4108515-zebra-2283914_1920-1553781712-728-59f9fec04b-1556519041-545x363.jpg 545w\" sizes=\"(max-width: 728px) 100vw, 728px\" \/>\t\t\t\t\t\t\t\t\t\t\t<figcaption class=\"zf-figcaption\">\r\n\t\t\t\t\t\t\t\t\t\t\t\t\t\t\t\t\t\t\t\t\t\t\t\t<cite>        <a class=\"zf-media_credit\" target=\"_blank\" href=\"https:\/\/liked.hu\/old\/kimeno.php?https:\/\/liked.hu\/kimeno.php?https:\/\/animals.howstuffworks.com\/mammals\/zebra-stripes1.htm\" rel=\"nofollow noopener\">forr\u00e1s: howstuffworks.com<\/a>\r\n        <\/cite>\r\n\r\n\t\t\t\t\t\t\t\t\t\t\t\t\t\t\t\t\t\t\t\t\t\t\t<\/figcaption>\r\n\t\t\t\t\t\t\t\t\t\t\t\t\t\t\t\t\t\t\t<\/div>\r\n\t\t\t\t\t\t\t\t\t<hr \/>\r\n\t\t\t\t\t\t\t\t<\/figure>\r\n\t\t\t\t\t\t\t\t\t\t\t\t\t\t\t\t<div class=\"zf-list_description\"><p>A zebra val\u00f3j\u00e1ban egy fekete l\u00f3, feh\u00e9r cs\u00edkokkal. A cs\u00edkok a szelekt\u00edv pigment\u00e1ci\u00f3 genetikai folyamat\u00e1nak eredm\u00e9nyei. A tud\u00f3sok \u00fagy v\u00e9lik, hogy ez a cs\u00edkoz\u00e1s seg\u00edt a zebr\u00e1knak, hogy t\u00e1vol tartsak magukt\u00f3l a b\u00f6g\u00f6lyf\u00e9l\u00e9ket.<\/p><\/div>\r\n\t\t\t\t\t\t\t\t\t\t\t\t\t<\/li>\r\n\t\t\t\t\t\t\t\t\t\t\t\t<li class=\"zf-list_item\">\r\n\t\t\t\t\t\t\t<div class=\"zf-list_header\">\r\n\t\t\t\t\t\t\t\t<h3 id=\"listaelem4\" class=\"zf-list_title\">\r\n\t\t\t\t\t\t\t\t\t<span class=\"zf-number\">4<\/span>\r\n\t\t\t\t\t\t\t\t\tMi\u00e9rt b\u00e1mulj\u00e1k a macsk\u00e1k a semmit?\t\t\t\t\t\t\t\t<\/h3>\r\n\t\t\t\t\t\t\t<\/div>\r\n\t\t\t\t\t\t\t\t\t\t\t\t\t\t\t<figure class=\"zf-list_media zf-media-wrapper zf-image zf-type-image\">\r\n\t\t\t\t\t\t\t\t\t<div title=\"Mi\u00e9rt b\u00e1mulj\u00e1k a macsk\u00e1k a semmit?\" alt=\"Mi\u00e9rt b\u00e1mulj\u00e1k a macsk\u00e1k a semmit?\" class=\"zf-media\">\r\n\t\t\t\t\t\t\t\t\t\t<img width=\"728\" height=\"487\" src=\"https:\/\/liked.hu\/old\/wp-content\/uploads\/2019\/05\/4108215-Depositphotos_25921231_xl-2015-1553861254-728-a41cffd4f5-1556519041.jpg\" class=\"\" alt=\"\" loading=\"lazy\" style=\"\" srcset=\"https:\/\/liked.hu\/old\/wp-content\/uploads\/2019\/05\/4108215-Depositphotos_25921231_xl-2015-1553861254-728-a41cffd4f5-1556519041.jpg 728w, https:\/\/liked.hu\/old\/wp-content\/uploads\/2019\/05\/4108215-Depositphotos_25921231_xl-2015-1553861254-728-a41cffd4f5-1556519041-300x201.jpg 300w, https:\/\/liked.hu\/old\/wp-content\/uploads\/2019\/05\/4108215-Depositphotos_25921231_xl-2015-1553861254-728-a41cffd4f5-1556519041-500x334.jpg 500w, https:\/\/liked.hu\/old\/wp-content\/uploads\/2019\/05\/4108215-Depositphotos_25921231_xl-2015-1553861254-728-a41cffd4f5-1556519041-360x241.jpg 360w, https:\/\/liked.hu\/old\/wp-content\/uploads\/2019\/05\/4108215-Depositphotos_25921231_xl-2015-1553861254-728-a41cffd4f5-1556519041-545x365.jpg 545w\" sizes=\"(max-width: 728px) 100vw, 728px\" \/>\t\t\t\t\t\t\t\t\t\t\t<figcaption class=\"zf-figcaption\">\r\n\t\t\t\t\t\t\t\t\t\t\t\t\t\t\t\t\t\t\t\t\t\t\t\t<cite>        <a class=\"zf-media_credit\" target=\"_blank\" href=\"https:\/\/liked.hu\/old\/kimeno.php?https:\/\/liked.hu\/kimeno.php?https:\/\/www.quora.com\/Why-do-cats-seem-to-stare-at-things-that-are-not-there\" rel=\"nofollow noopener\">forr\u00e1s: quora.com<\/a>\r\n        <\/cite>\r\n\r\n\t\t\t\t\t\t\t\t\t\t\t\t\t\t\t\t\t\t\t\t\t\t\t<\/figcaption>\r\n\t\t\t\t\t\t\t\t\t\t\t\t\t\t\t\t\t\t\t<\/div>\r\n\t\t\t\t\t\t\t\t\t<hr \/>\r\n\t\t\t\t\t\t\t\t<\/figure>\r\n\t\t\t\t\t\t\t\t\t\t\t\t\t\t\t\t<div class=\"zf-list_description\"><p>Sokan \u00fagy gondolj\u00e1k, hogy a macsk\u00e1k az\u00e9rt b\u00e1mulnak sokszor a \u201esemmibe\u201d, mert l\u00e1tj\u00e1k a szellemeket. Ez persze csak mendemonda, kiskedvenceink leggyakrabban az\u00e9rt n\u00e9znek \u00edgy, mert hallanak bizonyos hangokat vagy \u00e9reznek bizonyos szagokat, amiket mi emberek a gyenge \u00e9rz\u00e9kszerveink miatt nem vagyunk k\u00e9pesek \u00e9rz\u00e9kelni.<\/p><\/div>\r\n\t\t\t\t\t\t\t\t\t\t\t\t\t<\/li>\r\n\t\t\t\t\t\t\t\t\t\t\t\t<li class=\"zf-list_item\">\r\n\t\t\t\t\t\t\t<div class=\"zf-list_header\">\r\n\t\t\t\t\t\t\t\t<h3 id=\"listaelem5\" class=\"zf-list_title\">\r\n\t\t\t\t\t\t\t\t\t<span class=\"zf-number\">5<\/span>\r\n\t\t\t\t\t\t\t\t\tHogyan k\u00e9pes v\u00e1ltoztatni a sz\u00edn\u00e9t a kam\u00e9leon?\t\t\t\t\t\t\t\t<\/h3>\r\n\t\t\t\t\t\t\t<\/div>\r\n\t\t\t\t\t\t\t\t\t\t\t\t\t\t\t<figure class=\"zf-list_media zf-media-wrapper zf-image zf-type-image\">\r\n\t\t\t\t\t\t\t\t\t<div title=\"Hogyan k\u00e9pes v\u00e1ltoztatni a sz\u00edn\u00e9t a kam\u00e9leon?\" alt=\"Hogyan k\u00e9pes v\u00e1ltoztatni a sz\u00edn\u00e9t a kam\u00e9leon?\" class=\"zf-media\">\r\n\t\t\t\t\t\t\t\t\t\t<img width=\"728\" height=\"481\" src=\"https:\/\/liked.hu\/old\/wp-content\/uploads\/2019\/05\/4108465-reptile-316735_1280-1553781806-728-59f9fec04b-1556519041.jpg\" class=\"\" alt=\"\" loading=\"lazy\" style=\"\" srcset=\"https:\/\/liked.hu\/old\/wp-content\/uploads\/2019\/05\/4108465-reptile-316735_1280-1553781806-728-59f9fec04b-1556519041.jpg 728w, https:\/\/liked.hu\/old\/wp-content\/uploads\/2019\/05\/4108465-reptile-316735_1280-1553781806-728-59f9fec04b-1556519041-300x198.jpg 300w, https:\/\/liked.hu\/old\/wp-content\/uploads\/2019\/05\/4108465-reptile-316735_1280-1553781806-728-59f9fec04b-1556519041-500x330.jpg 500w, https:\/\/liked.hu\/old\/wp-content\/uploads\/2019\/05\/4108465-reptile-316735_1280-1553781806-728-59f9fec04b-1556519041-360x238.jpg 360w, https:\/\/liked.hu\/old\/wp-content\/uploads\/2019\/05\/4108465-reptile-316735_1280-1553781806-728-59f9fec04b-1556519041-545x360.jpg 545w\" sizes=\"(max-width: 728px) 100vw, 728px\" \/>\t\t\t\t\t\t\t\t\t\t\t<figcaption class=\"zf-figcaption\">\r\n\t\t\t\t\t\t\t\t\t\t\t\t\t\t\t\t\t\t\t\t\t\t\t\t<cite>        <a class=\"zf-media_credit\" target=\"_blank\" href=\"https:\/\/liked.hu\/old\/kimeno.php?https:\/\/liked.hu\/kimeno.php?https:\/\/index.hu\/tudomany\/2015\/03\/11\/kameleon_szinvaltas_bor\/\" rel=\"nofollow noopener\">forr\u00e1s: index.hu<\/a>\r\n        <\/cite>\r\n\r\n\t\t\t\t\t\t\t\t\t\t\t\t\t\t\t\t\t\t\t\t\t\t\t<\/figcaption>\r\n\t\t\t\t\t\t\t\t\t\t\t\t\t\t\t\t\t\t\t<\/div>\r\n\t\t\t\t\t\t\t\t\t<hr \/>\r\n\t\t\t\t\t\t\t\t<\/figure>\r\n\t\t\t\t\t\t\t\t\t\t\t\t\t\t\t\t<div class=\"zf-list_description\"><p>A kam\u00e9leonok b\u0151r\u00e9ben kromatofor pigmentsejtek vannak, amelyek k\u00fcl\u00f6nb\u00f6z\u0151 sz\u00edn\u0171 pigmenteket tartalmaznak. Az igazi kulcs azonban az \u00e1llat b\u0151re alatt l\u00e9v\u0151 guanin alap\u00fa nanokrist\u00e1lyr\u00e1csban rejlik: a kam\u00e9leonok ugyanis b\u0151r\u00fck feszess\u00e9g\u00e9nek seg\u00edts\u00e9g\u00e9vel k\u00e9pesek befoly\u00e1solni a b\u0151r\u00fckben l\u00e9v\u0151, r\u00e1juk es\u0151 f\u00e9nyt megsz\u0171r\u0151 \u00e9s visszat\u00fckr\u00f6z\u0151 krist\u00e1lyok form\u00e1j\u00e1t \u2013 ezzel alak\u00edtva, hogy mikor-milyen sz\u00edn\u0171 legyen a b\u0151r\u00fck.<\/p><\/div>\r\n\t\t\t\t\t\t\t\t\t\t\t\t\t<\/li>\r\n\t\t\t\t\t\t\t\t\t\t\t\t<li class=\"zf-list_item\">\r\n\t\t\t\t\t\t\t<div class=\"zf-list_header\">\r\n\t\t\t\t\t\t\t\t<h3 id=\"listaelem6\" class=\"zf-list_title\">\r\n\t\t\t\t\t\t\t\t\t<span class=\"zf-number\">6<\/span>\r\n\t\t\t\t\t\t\t\t\tMi\u00e9rt hasonl\u00edtunk annyira bizonyos felmen\u0151inkre?\t\t\t\t\t\t\t\t<\/h3>\r\n\t\t\t\t\t\t\t<\/div>\r\n\t\t\t\t\t\t\t\t\t\t\t\t\t\t\t<figure class=\"zf-list_media zf-media-wrapper zf-image zf-type-image\">\r\n\t\t\t\t\t\t\t\t\t<div title=\"Mi\u00e9rt hasonl\u00edtunk annyira bizonyos felmen\u0151inkre?\" alt=\"Mi\u00e9rt hasonl\u00edtunk annyira bizonyos felmen\u0151inkre?\" class=\"zf-media\">\r\n\t\t\t\t\t\t\t\t\t\t<img width=\"728\" height=\"483\" src=\"https:\/\/liked.hu\/old\/wp-content\/uploads\/2019\/05\/4108415-da8dc2f8ebfdd6dfeb3f83e4d489deab-1553849731-728-7d3261100b-1556519041.jpg\" class=\"\" alt=\"\" loading=\"lazy\" style=\"\" srcset=\"https:\/\/liked.hu\/old\/wp-content\/uploads\/2019\/05\/4108415-da8dc2f8ebfdd6dfeb3f83e4d489deab-1553849731-728-7d3261100b-1556519041.jpg 728w, https:\/\/liked.hu\/old\/wp-content\/uploads\/2019\/05\/4108415-da8dc2f8ebfdd6dfeb3f83e4d489deab-1553849731-728-7d3261100b-1556519041-300x199.jpg 300w, https:\/\/liked.hu\/old\/wp-content\/uploads\/2019\/05\/4108415-da8dc2f8ebfdd6dfeb3f83e4d489deab-1553849731-728-7d3261100b-1556519041-500x332.jpg 500w, https:\/\/liked.hu\/old\/wp-content\/uploads\/2019\/05\/4108415-da8dc2f8ebfdd6dfeb3f83e4d489deab-1553849731-728-7d3261100b-1556519041-360x239.jpg 360w, https:\/\/liked.hu\/old\/wp-content\/uploads\/2019\/05\/4108415-da8dc2f8ebfdd6dfeb3f83e4d489deab-1553849731-728-7d3261100b-1556519041-545x362.jpg 545w\" sizes=\"(max-width: 728px) 100vw, 728px\" \/>\t\t\t\t\t\t\t\t\t\t\t<figcaption class=\"zf-figcaption\">\r\n\t\t\t\t\t\t\t\t\t\t\t\t\t\t\t\t\t\t\t\t\t\t\t\t<cite>        <a class=\"zf-media_credit\" target=\"_blank\" href=\"https:\/\/liked.hu\/old\/kimeno.php?https:\/\/liked.hu\/kimeno.php?https:\/\/learn.genetics.utah.edu\/content\/basics\/patterns\/\" rel=\"nofollow noopener\">forr\u00e1s: genetics.utah.edu<\/a>\r\n        <\/cite>\r\n\r\n\t\t\t\t\t\t\t\t\t\t\t\t\t\t\t\t\t\t\t\t\t\t\t<\/figcaption>\r\n\t\t\t\t\t\t\t\t\t\t\t\t\t\t\t\t\t\t\t<\/div>\r\n\t\t\t\t\t\t\t\t\t<hr \/>\r\n\t\t\t\t\t\t\t\t<\/figure>\r\n\t\t\t\t\t\t\t\t\t\t\t\t\t\t\t\t<div class=\"zf-list_description\"><p>Az emberi g\u00e9nek megoszlanak. Vannak domin\u00e1ns (er\u0151s) \u00e9s recessz\u00edv (gyenge) g\u00e9nek. Ha p\u00e9ld\u00e1ul egy k\u00e9k szem\u0171 gyermek sz\u00fcletik egy barna szem\u0171 sz\u00fcl\u0151h\u00f6z, akkor sincs semmi meglep\u0151, ez egyszer\u0171en azt jelenti, hogy a sz\u00fcl\u0151k recessz\u00edv k\u00e9k szem\u0171 g\u00e9nekkel rendelkeznek.<\/p><p>A felmen\u0151inket vizsg\u00e1lva pedig magas a val\u00f3sz\u00edn\u0171s\u00e9ge annak, hogy tal\u00e1lunk valakit, aki hozz\u00e1nk hasonl\u00f3 domin\u00e1ns \u00e9s recessz\u00edv g\u00e9nk\u00e9szlettel rendelkezett, vagyis a t\u00f6bbi rokonunkn\u00e1l jobban hasonl\u00edtott r\u00e1nk.<\/p><p>Egy\u00e9bk\u00e9nt gyakran el\u0151fordul, hogy a csal\u00e1dban a gyermekek k\u00f6z\u00fcl az egyik az any\u00e1ra, a m\u00e1sik pedig az ap\u00e1ra hasonl\u00edt, ami a g\u00e9nsz\u00e9tv\u00e1l\u00e1snak k\u00f6sz\u00f6nhet\u0151: a testv\u00e9rek \u00e1ltal\u00e1ban ellent\u00e9tes g\u00e9nkombin\u00e1ci\u00f3kat kapnak.<\/p><\/div>\r\n\t\t\t\t\t\t\t\t\t\t\t\t\t<\/li>\r\n\t\t\t\t\t\t\t\t\t\t\t\t<li class=\"zf-list_item\">\r\n\t\t\t\t\t\t\t<div class=\"zf-list_header\">\r\n\t\t\t\t\t\t\t\t<h3 id=\"listaelem7\" class=\"zf-list_title\">\r\n\t\t\t\t\t\t\t\t\t<span class=\"zf-number\">7<\/span>\r\n\t\t\t\t\t\t\t\t\tMi\u00e9rt van az, hogy n\u00e9ha kevesebb alv\u00e1ssal is kipihentebben \u00e9bred\u00fcnk?\t\t\t\t\t\t\t\t<\/h3>\r\n\t\t\t\t\t\t\t<\/div>\r\n\t\t\t\t\t\t\t\t\t\t\t\t\t\t\t<figure class=\"zf-list_media zf-media-wrapper zf-image zf-type-image\">\r\n\t\t\t\t\t\t\t\t\t<div title=\"Mi\u00e9rt van az, hogy n\u00e9ha kevesebb alv\u00e1ssal is kipihentebben \u00e9bred\u00fcnk?\" alt=\"Mi\u00e9rt van az, hogy n\u00e9ha kevesebb alv\u00e1ssal is kipihentebben \u00e9bred\u00fcnk?\" class=\"zf-media\">\r\n\t\t\t\t\t\t\t\t\t\t<img width=\"728\" height=\"578\" src=\"https:\/\/liked.hu\/old\/wp-content\/uploads\/2019\/05\/4108365-Depositphotos_212980650_xl-2015-1553862557-728-a41cffd4f5-1556519041.jpg\" class=\"\" alt=\"\" loading=\"lazy\" style=\"\" srcset=\"https:\/\/liked.hu\/old\/wp-content\/uploads\/2019\/05\/4108365-Depositphotos_212980650_xl-2015-1553862557-728-a41cffd4f5-1556519041.jpg 728w, https:\/\/liked.hu\/old\/wp-content\/uploads\/2019\/05\/4108365-Depositphotos_212980650_xl-2015-1553862557-728-a41cffd4f5-1556519041-300x238.jpg 300w, https:\/\/liked.hu\/old\/wp-content\/uploads\/2019\/05\/4108365-Depositphotos_212980650_xl-2015-1553862557-728-a41cffd4f5-1556519041-500x397.jpg 500w, https:\/\/liked.hu\/old\/wp-content\/uploads\/2019\/05\/4108365-Depositphotos_212980650_xl-2015-1553862557-728-a41cffd4f5-1556519041-360x286.jpg 360w, https:\/\/liked.hu\/old\/wp-content\/uploads\/2019\/05\/4108365-Depositphotos_212980650_xl-2015-1553862557-728-a41cffd4f5-1556519041-545x433.jpg 545w\" sizes=\"(max-width: 728px) 100vw, 728px\" \/>\t\t\t\t\t\t\t\t\t\t\t<figcaption class=\"zf-figcaption\">\r\n\t\t\t\t\t\t\t\t\t\t\t\t\t\t\t\t\t\t\t\t\t\t\t\t<cite>        <a class=\"zf-media_credit\" target=\"_blank\" href=\"https:\/\/liked.hu\/old\/kimeno.php?https:\/\/liked.hu\/kimeno.php?https:\/\/www.gardenoflife.com\/content\/poor-diet-poor-sleep\/\" rel=\"nofollow noopener\">forr\u00e1s: gardenoflife.com<\/a>\r\n        <\/cite>\r\n\r\n\t\t\t\t\t\t\t\t\t\t\t\t\t\t\t\t\t\t\t\t\t\t\t<\/figcaption>\r\n\t\t\t\t\t\t\t\t\t\t\t\t\t\t\t\t\t\t\t<\/div>\r\n\t\t\t\t\t\t\t\t\t<hr \/>\r\n\t\t\t\t\t\t\t\t<\/figure>\r\n\t\t\t\t\t\t\t\t\t\t\t\t\t\t\t\t<div class=\"zf-list_description\"><p>Val\u00f3j\u00e1ban az \u00e9bred\u00e9s ut\u00e1ni kipihents\u00e9g nem csak att\u00f3l f\u00fcgg, hogy h\u00e1ny \u00f3r\u00e1t aludtunk az \u00e9jjel. Ha napk\u00f6zben gyors\u00e9telekkel, k\u00e1v\u00e9kkal, energiaitalokkal bomb\u00e1ztuk magunkat \u00e9s m\u00e9g esetleg vizet sem fogyasztottunk eleget, akkor teljesen mindegy, hogy h\u00e1ny \u00f3r\u00e1t alszunk, biztos, hogy f\u00e1radtan fogunk \u00e9bredni.<\/p><p>A hossz\u00fa alv\u00e1s akkor sem lesz pihentet\u0151, ha t\u00fal k\u00e9s\u0151n kezd\u00fcnk hozz\u00e1, mivel a test\u00fcnk nem tud id\u0151ben elkezdeni melatonint termelni, ami sz\u00e1mos rendelleness\u00e9ghez vezethet. A legjobb, ha \u00e9jf\u00e9l el\u0151tt \u00e1lomra hajtjuk a fej\u00fcnket.<\/p><p>Kib\u00edrhatatlan f\u00e1radts\u00e1g eset\u00e9n napk\u00f6zben is p\u00f3tolhatjuk a pihen\u00e9st, de ha \u00fagy d\u00f6nt\u00fcnk, hogy \u00e1lomra hajtjuk a fej\u00fcnket, akkor az lehet\u0151leg 13 \u00e9s 15 \u00f3ra k\u00f6z\u00f6tt legyen, \u00e9s ne tartson tov\u00e1bb 30 percn\u00e9l. A napk\u00f6zbeni hossz\u00fa alv\u00e1s kellemetlen lehet, mivel a m\u00e9ly alv\u00e1si f\u00e1zisb\u00f3l m\u00e1r sokkal nehezebb fel\u00e9bredni. Ennek k\u00f6sz\u00f6nhet\u0151 az is, hogy egy hossz\u00fa d\u00e9lut\u00e1ni szuny\u00f3ka ut\u00e1n sem felt\u00e9tlen\u00fcl \u00e9rezz\u00fck magunkat kipihentebbnek.<\/p><\/div>\r\n\t\t\t\t\t\t\t\t\t\t\t\t\t<\/li>\r\n\t\t\t\t\t\t\t\t\t\t\t\t<li class=\"zf-list_item\">\r\n\t\t\t\t\t\t\t<div class=\"zf-list_header\">\r\n\t\t\t\t\t\t\t\t<h3 id=\"listaelem8\" class=\"zf-list_title\">\r\n\t\t\t\t\t\t\t\t\t<span class=\"zf-number\">8<\/span>\r\n\t\t\t\t\t\t\t\t\tMi\u00e9rt \u00e9rezz\u00fck \u00fagy, hogy min\u00e9l id\u0151sebbek vagyunk, ann\u00e1l gyorsabban telik az id\u0151?\t\t\t\t\t\t\t\t<\/h3>\r\n\t\t\t\t\t\t\t<\/div>\r\n\t\t\t\t\t\t\t\t\t\t\t\t\t\t\t<figure class=\"zf-list_media zf-media-wrapper zf-image zf-type-image\">\r\n\t\t\t\t\t\t\t\t\t<div title=\"Mi\u00e9rt \u00e9rezz\u00fck \u00fagy, hogy min\u00e9l id\u0151sebbek vagyunk, ann\u00e1l gyorsabban telik az id\u0151?\" alt=\"Mi\u00e9rt \u00e9rezz\u00fck \u00fagy, hogy min\u00e9l id\u0151sebbek vagyunk, ann\u00e1l gyorsabban telik az id\u0151?\" class=\"zf-media\">\r\n\t\t\t\t\t\t\t\t\t\t<img width=\"728\" height=\"436\" src=\"https:\/\/liked.hu\/old\/wp-content\/uploads\/2019\/05\/4108315-443-1553846838-728-23a2d103d5-1556519041.jpg\" class=\"\" alt=\"\" loading=\"lazy\" style=\"\" srcset=\"https:\/\/liked.hu\/old\/wp-content\/uploads\/2019\/05\/4108315-443-1553846838-728-23a2d103d5-1556519041.jpg 728w, https:\/\/liked.hu\/old\/wp-content\/uploads\/2019\/05\/4108315-443-1553846838-728-23a2d103d5-1556519041-300x180.jpg 300w, https:\/\/liked.hu\/old\/wp-content\/uploads\/2019\/05\/4108315-443-1553846838-728-23a2d103d5-1556519041-500x299.jpg 500w, https:\/\/liked.hu\/old\/wp-content\/uploads\/2019\/05\/4108315-443-1553846838-728-23a2d103d5-1556519041-360x216.jpg 360w, https:\/\/liked.hu\/old\/wp-content\/uploads\/2019\/05\/4108315-443-1553846838-728-23a2d103d5-1556519041-545x326.jpg 545w\" sizes=\"(max-width: 728px) 100vw, 728px\" \/>\t\t\t\t\t\t\t\t\t\t\t<figcaption class=\"zf-figcaption\">\r\n\t\t\t\t\t\t\t\t\t\t\t\t\t\t\t\t\t\t\t\t\t\t\t\t<cite>        <a class=\"zf-media_credit\" target=\"_blank\" href=\"https:\/\/liked.hu\/old\/kimeno.php?https:\/\/liked.hu\/kimeno.php?https:\/\/qz.com\/1516804\/physics-explains-why-time-passes-faster-as-you-age\/\" rel=\"nofollow noopener\">forr\u00e1s: qz.com<\/a>\r\n        <\/cite>\r\n\r\n\t\t\t\t\t\t\t\t\t\t\t\t\t\t\t\t\t\t\t\t\t\t\t<\/figcaption>\r\n\t\t\t\t\t\t\t\t\t\t\t\t\t\t\t\t\t\t\t<\/div>\r\n\t\t\t\t\t\t\t\t\t<hr \/>\r\n\t\t\t\t\t\t\t\t<\/figure>\r\n\t\t\t\t\t\t\t\t\t\t\t\t\t\t\t\t<div class=\"zf-list_description\"><p>Amerikai tud\u00f3sok szerint az id\u0151 \u00e9szlel\u00e9se szubjekt\u00edv \u00e9s javar\u00e9szt agyunk sebess\u00e9g\u00e9t\u0151l f\u00fcgg. Fiatalkorunkban az agy gyorsan \u00e9szleli \u00e9s dolgozza fel az inform\u00e1ci\u00f3kat, ez\u00e9rt t\u0171nik \u00fagy, mintha lassan telne az id\u0151. Ahogy azonban \u00f6regsz\u00fcnk, az agyunk egyre lassabban dolgozik \u00e9s ennek k\u00f6sz\u00f6nhet\u0151 az, hogy \u00fagy t\u0171nik, mintha sz\u00f3 szerin rep\u00fclne az id\u0151.<\/p><\/div>\r\n\t\t\t\t\t\t\t\t\t\t\t\t\t<\/li>\r\n\t\t\t\t\t\t\t\t\t\t\t\t<li class=\"zf-list_item\">\r\n\t\t\t\t\t\t\t<div class=\"zf-list_header\">\r\n\t\t\t\t\t\t\t\t<h3 id=\"listaelem9\" class=\"zf-list_title\">\r\n\t\t\t\t\t\t\t\t\t<span class=\"zf-number\">9<\/span>\r\n\t\t\t\t\t\t\t\t\tMi okozza a d\u00e9j\u00e0 vu \u00e9rz\u00e9st?\t\t\t\t\t\t\t\t<\/h3>\r\n\t\t\t\t\t\t\t<\/div>\r\n\t\t\t\t\t\t\t\t\t\t\t\t\t\t\t<figure class=\"zf-list_media zf-media-wrapper zf-image zf-type-image\">\r\n\t\t\t\t\t\t\t\t\t<div title=\"Mi okozza a d\u00e9j\u00e0 vu \u00e9rz\u00e9st?\" alt=\"Mi okozza a d\u00e9j\u00e0 vu \u00e9rz\u00e9st?\" class=\"zf-media\">\r\n\t\t\t\t\t\t\t\t\t\t<img width=\"728\" height=\"476\" src=\"https:\/\/liked.hu\/old\/wp-content\/uploads\/2019\/05\/Deja-vu-erzes.jpg\" class=\"\" alt=\"\" loading=\"lazy\" style=\"\" srcset=\"https:\/\/liked.hu\/old\/wp-content\/uploads\/2019\/05\/Deja-vu-erzes.jpg 728w, https:\/\/liked.hu\/old\/wp-content\/uploads\/2019\/05\/Deja-vu-erzes-300x196.jpg 300w, https:\/\/liked.hu\/old\/wp-content\/uploads\/2019\/05\/Deja-vu-erzes-500x327.jpg 500w, https:\/\/liked.hu\/old\/wp-content\/uploads\/2019\/05\/Deja-vu-erzes-360x235.jpg 360w, https:\/\/liked.hu\/old\/wp-content\/uploads\/2019\/05\/Deja-vu-erzes-545x356.jpg 545w\" sizes=\"(max-width: 728px) 100vw, 728px\" \/>\t\t\t\t\t\t\t\t\t\t\t<figcaption class=\"zf-figcaption\">\r\n\t\t\t\t\t\t\t\t\t\t\t\t\t\t\t\t\t\t\t\t\t\t\t\t<cite>        <a class=\"zf-media_credit\" target=\"_blank\" href=\"https:\/\/liked.hu\/old\/kimeno.php?https:\/\/liked.hu\/kimeno.php?https:\/\/www.scientificamerican.com\/article\/what-exactly-is-dj-vu\/\" rel=\"nofollow noopener\">forr\u00e1s: scientificamerican.com<\/a>\r\n        <\/cite>\r\n\r\n\t\t\t\t\t\t\t\t\t\t\t\t\t\t\t\t\t\t\t\t\t\t\t<\/figcaption>\r\n\t\t\t\t\t\t\t\t\t\t\t\t\t\t\t\t\t\t\t<\/div>\r\n\t\t\t\t\t\t\t\t\t<hr \/>\r\n\t\t\t\t\t\t\t\t<\/figure>\r\n\t\t\t\t\t\t\t\t\t\t\t\t\t\t\t\t<div class=\"zf-list_description\"><p>A d\u00e9j\u00e0 vu vagy paramn\u00e9zia az a jelens\u00e9g, amikor valaki \u00fagy \u00e9rzi, hogy az \u00e9ppen t\u00f6rt\u00e9n\u0151 helyzetet m\u00e1r kor\u00e1bban \u00e1t\u00e9lte, az adott esem\u00e9ny kor\u00e1bban m\u00e1r megt\u00f6rt\u00e9nt volna vele, ugyanakkor a kor\u00e1bbi \u00e1t\u00e9l\u00e9s k\u00f6r\u00fclm\u00e9nyei vagy ak\u00e1r megt\u00f6rt\u00e9nt\u00e9nek t\u00e9nye bizonytalanok. Sigmund Freud \u00fagy v\u00e9lte, hogy ez egyfajta elfelejtett eml\u00e9knek vagy egy nagyon er\u0151s titkos v\u00e1gynak k\u00f6sz\u00f6nhet\u0151.<\/p><p>A modern idegtud\u00f3sok azonban \u00fagy v\u00e9lik, hogy a d\u00e9j\u00e0 vu \u00e9rz\u00e9s val\u00f3j\u00e1ban egy r\u00f6vid t\u00e1v\u00fa diszfunkci\u00f3nak k\u00f6sz\u00f6nhet\u0151 az agym\u0171k\u00f6d\u00e9s\u00fcnkben, amit f\u0151k\u00e9nt a stressz \u00e9s a f\u00e1radts\u00e1g okozhat. Ilyenkor az agyunk \u00f6sszezavarodik \u00e9s nehezebben k\u00e9pes befogadni az \u00faj inform\u00e1ci\u00f3kat: megpr\u00f3b\u00e1lja azokat a mem\u00f3ri\u00e1nkban t\u00e1rolt kor\u00e1bban megt\u00f6rt\u00e9nt esem\u00e9nyekhez t\u00e1rs\u00edtani.<\/p><\/div>\r\n\t\t\t\t\t\t\t\t\t\t\t\t\t<\/li>\r\n\t\t\t\t\t\t\t\t\t\t\t\t<li class=\"zf-list_item\">\r\n\t\t\t\t\t\t\t<div class=\"zf-list_header\">\r\n\t\t\t\t\t\t\t\t<h3 id=\"listaelem10\" class=\"zf-list_title\">\r\n\t\t\t\t\t\t\t\t\t<span class=\"zf-number\">10<\/span>\r\n\t\t\t\t\t\t\t\t\tMi\u00e9rt nevet\u00fcnk?\t\t\t\t\t\t\t\t<\/h3>\r\n\t\t\t\t\t\t\t<\/div>\r\n\t\t\t\t\t\t\t\t\t\t\t\t\t\t\t<figure class=\"zf-list_media zf-media-wrapper zf-image zf-type-image\">\r\n\t\t\t\t\t\t\t\t\t<div title=\"Mi\u00e9rt nevet\u00fcnk?\" alt=\"Mi\u00e9rt nevet\u00fcnk?\" class=\"zf-media\">\r\n\t\t\t\t\t\t\t\t\t\t<img width=\"728\" height=\"485\" src=\"https:\/\/liked.hu\/old\/wp-content\/uploads\/2019\/05\/4108165-Depositphotos_66142429_xl-2015-1553861459-728-a41cffd4f5-1556519041.jpg\" class=\"\" alt=\"\" loading=\"lazy\" style=\"\" srcset=\"https:\/\/liked.hu\/old\/wp-content\/uploads\/2019\/05\/4108165-Depositphotos_66142429_xl-2015-1553861459-728-a41cffd4f5-1556519041.jpg 728w, https:\/\/liked.hu\/old\/wp-content\/uploads\/2019\/05\/4108165-Depositphotos_66142429_xl-2015-1553861459-728-a41cffd4f5-1556519041-300x200.jpg 300w, https:\/\/liked.hu\/old\/wp-content\/uploads\/2019\/05\/4108165-Depositphotos_66142429_xl-2015-1553861459-728-a41cffd4f5-1556519041-500x333.jpg 500w, https:\/\/liked.hu\/old\/wp-content\/uploads\/2019\/05\/4108165-Depositphotos_66142429_xl-2015-1553861459-728-a41cffd4f5-1556519041-360x240.jpg 360w, https:\/\/liked.hu\/old\/wp-content\/uploads\/2019\/05\/4108165-Depositphotos_66142429_xl-2015-1553861459-728-a41cffd4f5-1556519041-545x363.jpg 545w\" sizes=\"(max-width: 728px) 100vw, 728px\" \/>\t\t\t\t\t\t\t\t\t\t\t<figcaption class=\"zf-figcaption\">\r\n\t\t\t\t\t\t\t\t\t\t\t\t\t\t\t\t\t\t\t\t\t\t\t\t<cite>        <a class=\"zf-media_credit\" target=\"_blank\" href=\"https:\/\/liked.hu\/old\/kimeno.php?https:\/\/liked.hu\/kimeno.php?https:\/\/www.springer.com\/la\/book\/9781475719895\" rel=\"nofollow noopener\">forr\u00e1s: springer.com<\/a>\r\n        <\/cite>\r\n\r\n\t\t\t\t\t\t\t\t\t\t\t\t\t\t\t\t\t\t\t\t\t\t\t<\/figcaption>\r\n\t\t\t\t\t\t\t\t\t\t\t\t\t\t\t\t\t\t\t<\/div>\r\n\t\t\t\t\t\t\t\t\t<hr \/>\r\n\t\t\t\t\t\t\t\t<\/figure>\r\n\t\t\t\t\t\t\t\t\t\t\t\t\t\t\t\t<div class=\"zf-list_description\"><p>Mivel a nevet\u00e9s eredete j\u00f3r\u00e9szt tudattalan, neh\u00e9z eld\u00f6nteni, melyek az okai. Iren\u00e4us Eibl-Eibesfeldt osztr\u00e1k etol\u00f3gus elm\u00e9lete szerint a nevet\u00e9s azokb\u00f3l az agressz\u00edv hangad\u00e1sokb\u00f3l \u00e9s grimaszokb\u00f3l ered, melyeket az ellens\u00e9g, a betolakod\u00f3 el\u0171z\u00e9se ut\u00e1n hallattak. Eibl-Eibesfeldt \u00e9s m\u00e1s etol\u00f3gusok kutat\u00e1sainak sora bizony\u00edtotta be, hogy az egyik legemberibbnek tartott viselked\u00e9sforma, a mosoly nem tanult viselked\u00e9sforma, nem a kult\u00fara hat\u00e1s\u00e1ra alakul ki. Azokon a vakon \u00e9s s\u00fcketen sz\u00fcletett gyermekeken is, akik \u00f6r\u00f6k\u00f6s cs\u00f6ndben \u00e9s s\u00f6t\u00e9ts\u00e9gben n\u0151nek fel, \u00e9s nem tudj\u00e1k k\u00f6rnyezet\u00fck viselked\u00e9s\u00e9t ut\u00e1nozni, megfigyelhet\u0151 a mosoly \u00e9s a nevet\u00e9s, ak\u00e1rcsak \u00e9p l\u00e1t\u00e1ssal \u00e9s hall\u00e1ssal sz\u00fcletett t\u00e1rsaikn\u00e1l.<\/p><p>Kevesen tudj\u00e1k, de nemcsak a boldog \u00e9s \u00f6r\u00f6mteli pillanatok k\u00e9pesek nevet\u00e9st kicsikarni bel\u0151l\u00fcnk, val\u00f3j\u00e1ban sokszor <a href=\"https:\/\/liked.hu\/kimeno.php?http:\/\/www.mann-ivanov-ferber.ru\/books\/prostye-voprosy\/\" rel=\"noopener noreferrer\" target=\"_blank\">f\u00e9lelm\u00fckben is nevetnek<\/a> az emberek. Ett\u0151l f\u00fcggetlen\u00fcl a nevet\u00e9s maga rendk\u00edv\u00fcl eg\u00e9szs\u00e9ges, 15 perc nevet\u00e9ssel p\u00e9ld\u00e1ul annyi kal\u00f3ri\u00e1t \u00e9gethet\u00fcnk el, amennyi egy k\u00f6zepes m\u00e9ret\u0171 csokol\u00e1d\u00e9ban tal\u00e1lhat\u00f3.<\/p><p>A tud\u00f3sok \u00fagy tartj\u00e1k, hogy a nevet\u00e9s el\u0151sz\u00f6r k\u00f6r\u00fclbel\u00fcl 2-4 milli\u00f3 \u00e9vvel ezel\u0151tt jelenhetett meg, \u00e9s akkor legink\u00e1bb m\u00e9g a leveg\u0151 gyors be- \u00e9s kil\u00e9gz\u00e9s\u00e9re eml\u00e9keztetett. Nevet\u00e9s k\u00f6zben egy\u00e9bk\u00e9nt 80 arcizmunk dolgozik egyszerre.<\/p><\/div>\r\n\t\t\t\t\t\t\t\t\t\t\t\t\t<\/li>\r\n\t\t\t\t\t\t\t\t\t<\/ol>\r\n\t\t<\/div>\r\n\t<\/div>\r\n\r\n\t<\/div>\r\n\r\n\r\n\n","protected":false},"excerpt":{"rendered":"<p>Vannak olyan k\u00e9rd\u00e9sek, melyek noha gyerekkorunk \u00f3ta foglalkoztatnak benn\u00fcnket, egy\u00e9rtelm\u0171 v\u00e1laszt m\u00e9gsem kaptunk r\u00e1juk soha-senkit\u0151l. Mi volt el\u0151bb, a ty\u00fak vagy a toj\u00e1s? Milyen sz\u00edn\u0171 egy zebra? Mi\u00e9rt b\u00e1mulnak a macsk\u00e1k a semmibe? Ezek mind-mind olyan k\u00e9rd\u00e9sek, melyek mindannyiunk fant\u00e1zi\u00e1j\u00e1t megmozgatt\u00e1k m\u00e1r j\u00f3 p\u00e1rszor, de kiel\u00e9g\u00edt\u0151 v\u00e1laszt m\u00e9gsem tal\u00e1ltunk r\u00e1juk egyszer sem. Eg\u00e9szen id\u00e1ig legal\u00e1bbis: [&hellip;]<\/p>\n","protected":false},"author":13,"featured_media":141714,"comment_status":"open","ping_status":"closed","sticky":false,"template":"","format":"standard","meta":{"buzzeditor_post_format":""},"categories":[23,9578],"tags":[648,1329,6572,5823],"yoast_head":"<!-- This site is optimized with the Yoast SEO plugin v19.6.1 - https:\/\/yoast.com\/wordpress\/plugins\/seo\/ -->\n<title>10 k\u00e9rd\u00e9s, ami gyerekkorunk \u00f3ta foglalkoztat benn\u00fcnket \u00e9s a tudom\u00e1ny v\u00e9gre k\u00e9pes v\u00e1laszt adni r\u00e1<\/title>\n<meta name=\"description\" content=\"Vannak olyan k\u00e9rd\u00e9sek, melyek noha gyerekkorunk \u00f3ta foglalkoztatnak benn\u00fcnket, egy\u00e9rtelm\u0171 v\u00e1laszt m\u00e9gsem kaptunk r\u00e1juk soha-senkit\u0151l. Mi volt el\u0151bb, a\" \/>\n<meta name=\"robots\" content=\"index, follow, max-snippet:-1, max-image-preview:large, max-video-preview:-1\" \/>\n<link rel=\"canonical\" href=\"https:\/\/liked.hu\/old\/erdekes\/10-kerdes-ami-gyerekkorunk-ota-foglalkoztat-bennunket-es-a-tudomany-vegre-kepes-valaszt-adni-ra\/\" \/>\n<meta property=\"og:locale\" content=\"hu_HU\" \/>\n<meta property=\"og:type\" content=\"article\" \/>\n<meta property=\"og:title\" content=\"10 k\u00e9rd\u00e9s, ami gyerekkorunk \u00f3ta foglalkoztat benn\u00fcnket \u00e9s a tudom\u00e1ny v\u00e9gre k\u00e9pes v\u00e1laszt adni r\u00e1\" \/>\n<meta property=\"og:description\" content=\"Vannak olyan k\u00e9rd\u00e9sek, melyek noha gyerekkorunk \u00f3ta foglalkoztatnak benn\u00fcnket, egy\u00e9rtelm\u0171 v\u00e1laszt m\u00e9gsem kaptunk r\u00e1juk soha-senkit\u0151l. Mi volt el\u0151bb, a\" \/>\n<meta property=\"og:url\" content=\"https:\/\/liked.hu\/old\/erdekes\/10-kerdes-ami-gyerekkorunk-ota-foglalkoztat-bennunket-es-a-tudomany-vegre-kepes-valaszt-adni-ra\/\" \/>\n<meta property=\"og:site_name\" content=\"Liked.hu\" \/>\n<meta property=\"article:publisher\" content=\"https:\/\/www.facebook.com\/liked.hu\" \/>\n<meta property=\"article:published_time\" content=\"2019-05-05T17:56:54+00:00\" \/>\n<meta property=\"article:modified_time\" content=\"2022-09-05T17:29:51+00:00\" \/>\n<meta property=\"og:image\" content=\"https:\/\/liked.hu\/old\/wp-content\/uploads\/2019\/05\/Eletre-szolo-kerdesekre-valaszok.jpg\" \/>\n\t<meta property=\"og:image:width\" content=\"1200\" \/>\n\t<meta property=\"og:image:height\" content=\"630\" \/>\n\t<meta property=\"og:image:type\" content=\"image\/jpeg\" \/>\n<meta name=\"author\" content=\"Klingstrom\" \/>\n<meta name=\"twitter:card\" content=\"summary\" \/>\n<meta name=\"twitter:creator\" content=\"@LikedHu\" \/>\n<meta name=\"twitter:site\" content=\"@LikedHu\" \/>\n<meta name=\"twitter:label1\" content=\"Szerz\u0151:\" \/>\n\t<meta name=\"twitter:data1\" content=\"Klingstrom\" \/>\n\t<meta name=\"twitter:label2\" content=\"Becs\u00fclt olvas\u00e1si id\u0151\" \/>\n\t<meta name=\"twitter:data2\" content=\"1 perc\" \/>\n<script type=\"application\/ld+json\" class=\"yoast-schema-graph\">{\"@context\":\"https:\/\/schema.org\",\"@graph\":[{\"@type\":\"Article\",\"@id\":\"https:\/\/liked.hu\/old\/erdekes\/10-kerdes-ami-gyerekkorunk-ota-foglalkoztat-bennunket-es-a-tudomany-vegre-kepes-valaszt-adni-ra\/#article\",\"isPartOf\":{\"@id\":\"https:\/\/liked.hu\/old\/erdekes\/10-kerdes-ami-gyerekkorunk-ota-foglalkoztat-bennunket-es-a-tudomany-vegre-kepes-valaszt-adni-ra\/\"},\"author\":{\"name\":\"Klingstrom\",\"@id\":\"https:\/\/liked.hu\/old\/#\/schema\/person\/1c8d3f8764991e8dcd6572a7de72da8a\"},\"headline\":\"10 k\u00e9rd\u00e9s, ami gyerekkorunk \u00f3ta foglalkoztat benn\u00fcnket \u00e9s a tudom\u00e1ny v\u00e9gre k\u00e9pes v\u00e1laszt adni r\u00e1\",\"datePublished\":\"2019-05-05T17:56:54+00:00\",\"dateModified\":\"2022-09-05T17:29:51+00:00\",\"mainEntityOfPage\":{\"@id\":\"https:\/\/liked.hu\/old\/erdekes\/10-kerdes-ami-gyerekkorunk-ota-foglalkoztat-bennunket-es-a-tudomany-vegre-kepes-valaszt-adni-ra\/\"},\"wordCount\":137,\"commentCount\":0,\"publisher\":{\"@id\":\"https:\/\/liked.hu\/old\/#organization\"},\"keywords\":[\"\u00e9rdekess\u00e9g\",\"k\u00e9rd\u00e9sek\",\"k\u00e9rd\u00e9sek \u00e9s v\u00e1laszok\",\"Ma tudtam meg!\"],\"articleSection\":[\"\u00c9rdekess\u00e9gek\",\"Interneten tal\u00e1lt dolgok\"],\"inLanguage\":\"hu\",\"potentialAction\":[{\"@type\":\"CommentAction\",\"name\":\"Comment\",\"target\":[\"https:\/\/liked.hu\/old\/erdekes\/10-kerdes-ami-gyerekkorunk-ota-foglalkoztat-bennunket-es-a-tudomany-vegre-kepes-valaszt-adni-ra\/#respond\"]}]},{\"@type\":\"WebPage\",\"@id\":\"https:\/\/liked.hu\/old\/erdekes\/10-kerdes-ami-gyerekkorunk-ota-foglalkoztat-bennunket-es-a-tudomany-vegre-kepes-valaszt-adni-ra\/\",\"url\":\"https:\/\/liked.hu\/old\/erdekes\/10-kerdes-ami-gyerekkorunk-ota-foglalkoztat-bennunket-es-a-tudomany-vegre-kepes-valaszt-adni-ra\/\",\"name\":\"10 k\u00e9rd\u00e9s, ami gyerekkorunk \u00f3ta foglalkoztat benn\u00fcnket \u00e9s a tudom\u00e1ny v\u00e9gre k\u00e9pes v\u00e1laszt adni r\u00e1\",\"isPartOf\":{\"@id\":\"https:\/\/liked.hu\/old\/#website\"},\"datePublished\":\"2019-05-05T17:56:54+00:00\",\"dateModified\":\"2022-09-05T17:29:51+00:00\",\"description\":\"Vannak olyan k\u00e9rd\u00e9sek, melyek noha gyerekkorunk \u00f3ta foglalkoztatnak benn\u00fcnket, egy\u00e9rtelm\u0171 v\u00e1laszt m\u00e9gsem kaptunk r\u00e1juk soha-senkit\u0151l. Mi volt el\u0151bb, a\",\"breadcrumb\":{\"@id\":\"https:\/\/liked.hu\/old\/erdekes\/10-kerdes-ami-gyerekkorunk-ota-foglalkoztat-bennunket-es-a-tudomany-vegre-kepes-valaszt-adni-ra\/#breadcrumb\"},\"inLanguage\":\"hu\",\"potentialAction\":[{\"@type\":\"ReadAction\",\"target\":[\"https:\/\/liked.hu\/old\/erdekes\/10-kerdes-ami-gyerekkorunk-ota-foglalkoztat-bennunket-es-a-tudomany-vegre-kepes-valaszt-adni-ra\/\"]}]},{\"@type\":\"BreadcrumbList\",\"@id\":\"https:\/\/liked.hu\/old\/erdekes\/10-kerdes-ami-gyerekkorunk-ota-foglalkoztat-bennunket-es-a-tudomany-vegre-kepes-valaszt-adni-ra\/#breadcrumb\",\"itemListElement\":[{\"@type\":\"ListItem\",\"position\":1,\"name\":\"Kezd\u0151lap\",\"item\":\"https:\/\/liked.hu\/old\/\"},{\"@type\":\"ListItem\",\"position\":2,\"name\":\"10 k\u00e9rd\u00e9s, ami gyerekkorunk \u00f3ta foglalkoztat benn\u00fcnket \u00e9s a tudom\u00e1ny v\u00e9gre k\u00e9pes v\u00e1laszt adni r\u00e1\"}]},{\"@type\":\"WebSite\",\"@id\":\"https:\/\/liked.hu\/old\/#website\",\"url\":\"https:\/\/liked.hu\/old\/\",\"name\":\"Liked.hu\",\"description\":\"\",\"publisher\":{\"@id\":\"https:\/\/liked.hu\/old\/#organization\"},\"potentialAction\":[{\"@type\":\"SearchAction\",\"target\":{\"@type\":\"EntryPoint\",\"urlTemplate\":\"https:\/\/liked.hu\/old\/?s={search_term_string}\"},\"query-input\":\"required name=search_term_string\"}],\"inLanguage\":\"hu\"},{\"@type\":\"Organization\",\"@id\":\"https:\/\/liked.hu\/old\/#organization\",\"name\":\"Liked.hu\",\"url\":\"https:\/\/liked.hu\/old\/\",\"sameAs\":[\"https:\/\/hu.pinterest.com\/likedhungary\/\",\"https:\/\/www.youtube.com\/channel\/UCPv91dbMoIukYcM9b9nHN6Q\",\"https:\/\/www.facebook.com\/liked.hu\",\"https:\/\/twitter.com\/LikedHu\"],\"logo\":{\"@type\":\"ImageObject\",\"inLanguage\":\"hu\",\"@id\":\"https:\/\/liked.hu\/old\/#\/schema\/logo\/image\/\",\"url\":\"https:\/\/liked.hu\/wp-content\/uploads\/2018\/08\/Liked-icon.png\",\"contentUrl\":\"https:\/\/liked.hu\/wp-content\/uploads\/2018\/08\/Liked-icon.png\",\"width\":512,\"height\":512,\"caption\":\"Liked.hu\"},\"image\":{\"@id\":\"https:\/\/liked.hu\/old\/#\/schema\/logo\/image\/\"}},{\"@type\":\"Person\",\"@id\":\"https:\/\/liked.hu\/old\/#\/schema\/person\/1c8d3f8764991e8dcd6572a7de72da8a\",\"name\":\"Klingstrom\",\"image\":{\"@type\":\"ImageObject\",\"inLanguage\":\"hu\",\"@id\":\"https:\/\/liked.hu\/old\/#\/schema\/person\/image\/\",\"url\":\"https:\/\/liked.hu\/old\/wp-content\/uploads\/avatars\/13\/604de88bd578a-bpfull.jpg\",\"contentUrl\":\"https:\/\/liked.hu\/old\/wp-content\/uploads\/avatars\/13\/604de88bd578a-bpfull.jpg\",\"caption\":\"Klingstrom\"},\"url\":\"https:\/\/liked.hu\/old\/u\/klingstrom\/\"}]}<\/script>\n<!-- \/ Yoast SEO plugin. -->","yoast_head_json":{"title":"10 k\u00e9rd\u00e9s, ami gyerekkorunk \u00f3ta foglalkoztat benn\u00fcnket \u00e9s a tudom\u00e1ny v\u00e9gre k\u00e9pes v\u00e1laszt adni r\u00e1","description":"Vannak olyan k\u00e9rd\u00e9sek, melyek noha gyerekkorunk \u00f3ta foglalkoztatnak benn\u00fcnket, egy\u00e9rtelm\u0171 v\u00e1laszt m\u00e9gsem kaptunk r\u00e1juk soha-senkit\u0151l. Mi volt el\u0151bb, a","robots":{"index":"index","follow":"follow","max-snippet":"max-snippet:-1","max-image-preview":"max-image-preview:large","max-video-preview":"max-video-preview:-1"},"canonical":"https:\/\/liked.hu\/old\/erdekes\/10-kerdes-ami-gyerekkorunk-ota-foglalkoztat-bennunket-es-a-tudomany-vegre-kepes-valaszt-adni-ra\/","og_locale":"hu_HU","og_type":"article","og_title":"10 k\u00e9rd\u00e9s, ami gyerekkorunk \u00f3ta foglalkoztat benn\u00fcnket \u00e9s a tudom\u00e1ny v\u00e9gre k\u00e9pes v\u00e1laszt adni r\u00e1","og_description":"Vannak olyan k\u00e9rd\u00e9sek, melyek noha gyerekkorunk \u00f3ta foglalkoztatnak benn\u00fcnket, egy\u00e9rtelm\u0171 v\u00e1laszt m\u00e9gsem kaptunk r\u00e1juk soha-senkit\u0151l. Mi volt el\u0151bb, a","og_url":"https:\/\/liked.hu\/old\/erdekes\/10-kerdes-ami-gyerekkorunk-ota-foglalkoztat-bennunket-es-a-tudomany-vegre-kepes-valaszt-adni-ra\/","og_site_name":"Liked.hu","article_publisher":"https:\/\/www.facebook.com\/liked.hu","article_published_time":"2019-05-05T17:56:54+00:00","article_modified_time":"2022-09-05T17:29:51+00:00","og_image":[{"width":1200,"height":630,"url":"https:\/\/liked.hu\/old\/wp-content\/uploads\/2019\/05\/Eletre-szolo-kerdesekre-valaszok.jpg","type":"image\/jpeg"}],"author":"Klingstrom","twitter_card":"summary","twitter_creator":"@LikedHu","twitter_site":"@LikedHu","twitter_misc":{"Szerz\u0151:":"Klingstrom","Becs\u00fclt olvas\u00e1si id\u0151":"1 perc"},"schema":{"@context":"https:\/\/schema.org","@graph":[{"@type":"Article","@id":"https:\/\/liked.hu\/old\/erdekes\/10-kerdes-ami-gyerekkorunk-ota-foglalkoztat-bennunket-es-a-tudomany-vegre-kepes-valaszt-adni-ra\/#article","isPartOf":{"@id":"https:\/\/liked.hu\/old\/erdekes\/10-kerdes-ami-gyerekkorunk-ota-foglalkoztat-bennunket-es-a-tudomany-vegre-kepes-valaszt-adni-ra\/"},"author":{"name":"Klingstrom","@id":"https:\/\/liked.hu\/old\/#\/schema\/person\/1c8d3f8764991e8dcd6572a7de72da8a"},"headline":"10 k\u00e9rd\u00e9s, ami gyerekkorunk \u00f3ta foglalkoztat benn\u00fcnket \u00e9s a tudom\u00e1ny v\u00e9gre k\u00e9pes v\u00e1laszt adni r\u00e1","datePublished":"2019-05-05T17:56:54+00:00","dateModified":"2022-09-05T17:29:51+00:00","mainEntityOfPage":{"@id":"https:\/\/liked.hu\/old\/erdekes\/10-kerdes-ami-gyerekkorunk-ota-foglalkoztat-bennunket-es-a-tudomany-vegre-kepes-valaszt-adni-ra\/"},"wordCount":137,"commentCount":0,"publisher":{"@id":"https:\/\/liked.hu\/old\/#organization"},"keywords":["\u00e9rdekess\u00e9g","k\u00e9rd\u00e9sek","k\u00e9rd\u00e9sek \u00e9s v\u00e1laszok","Ma tudtam meg!"],"articleSection":["\u00c9rdekess\u00e9gek","Interneten tal\u00e1lt dolgok"],"inLanguage":"hu","potentialAction":[{"@type":"CommentAction","name":"Comment","target":["https:\/\/liked.hu\/old\/erdekes\/10-kerdes-ami-gyerekkorunk-ota-foglalkoztat-bennunket-es-a-tudomany-vegre-kepes-valaszt-adni-ra\/#respond"]}]},{"@type":"WebPage","@id":"https:\/\/liked.hu\/old\/erdekes\/10-kerdes-ami-gyerekkorunk-ota-foglalkoztat-bennunket-es-a-tudomany-vegre-kepes-valaszt-adni-ra\/","url":"https:\/\/liked.hu\/old\/erdekes\/10-kerdes-ami-gyerekkorunk-ota-foglalkoztat-bennunket-es-a-tudomany-vegre-kepes-valaszt-adni-ra\/","name":"10 k\u00e9rd\u00e9s, ami gyerekkorunk \u00f3ta foglalkoztat benn\u00fcnket \u00e9s a tudom\u00e1ny v\u00e9gre k\u00e9pes v\u00e1laszt adni r\u00e1","isPartOf":{"@id":"https:\/\/liked.hu\/old\/#website"},"datePublished":"2019-05-05T17:56:54+00:00","dateModified":"2022-09-05T17:29:51+00:00","description":"Vannak olyan k\u00e9rd\u00e9sek, melyek noha gyerekkorunk \u00f3ta foglalkoztatnak benn\u00fcnket, egy\u00e9rtelm\u0171 v\u00e1laszt m\u00e9gsem kaptunk r\u00e1juk soha-senkit\u0151l. Mi volt el\u0151bb, a","breadcrumb":{"@id":"https:\/\/liked.hu\/old\/erdekes\/10-kerdes-ami-gyerekkorunk-ota-foglalkoztat-bennunket-es-a-tudomany-vegre-kepes-valaszt-adni-ra\/#breadcrumb"},"inLanguage":"hu","potentialAction":[{"@type":"ReadAction","target":["https:\/\/liked.hu\/old\/erdekes\/10-kerdes-ami-gyerekkorunk-ota-foglalkoztat-bennunket-es-a-tudomany-vegre-kepes-valaszt-adni-ra\/"]}]},{"@type":"BreadcrumbList","@id":"https:\/\/liked.hu\/old\/erdekes\/10-kerdes-ami-gyerekkorunk-ota-foglalkoztat-bennunket-es-a-tudomany-vegre-kepes-valaszt-adni-ra\/#breadcrumb","itemListElement":[{"@type":"ListItem","position":1,"name":"Kezd\u0151lap","item":"https:\/\/liked.hu\/old\/"},{"@type":"ListItem","position":2,"name":"10 k\u00e9rd\u00e9s, ami gyerekkorunk \u00f3ta foglalkoztat benn\u00fcnket \u00e9s a tudom\u00e1ny v\u00e9gre k\u00e9pes v\u00e1laszt adni r\u00e1"}]},{"@type":"WebSite","@id":"https:\/\/liked.hu\/old\/#website","url":"https:\/\/liked.hu\/old\/","name":"Liked.hu","description":"","publisher":{"@id":"https:\/\/liked.hu\/old\/#organization"},"potentialAction":[{"@type":"SearchAction","target":{"@type":"EntryPoint","urlTemplate":"https:\/\/liked.hu\/old\/?s={search_term_string}"},"query-input":"required name=search_term_string"}],"inLanguage":"hu"},{"@type":"Organization","@id":"https:\/\/liked.hu\/old\/#organization","name":"Liked.hu","url":"https:\/\/liked.hu\/old\/","sameAs":["https:\/\/hu.pinterest.com\/likedhungary\/","https:\/\/www.youtube.com\/channel\/UCPv91dbMoIukYcM9b9nHN6Q","https:\/\/www.facebook.com\/liked.hu","https:\/\/twitter.com\/LikedHu"],"logo":{"@type":"ImageObject","inLanguage":"hu","@id":"https:\/\/liked.hu\/old\/#\/schema\/logo\/image\/","url":"https:\/\/liked.hu\/wp-content\/uploads\/2018\/08\/Liked-icon.png","contentUrl":"https:\/\/liked.hu\/wp-content\/uploads\/2018\/08\/Liked-icon.png","width":512,"height":512,"caption":"Liked.hu"},"image":{"@id":"https:\/\/liked.hu\/old\/#\/schema\/logo\/image\/"}},{"@type":"Person","@id":"https:\/\/liked.hu\/old\/#\/schema\/person\/1c8d3f8764991e8dcd6572a7de72da8a","name":"Klingstrom","image":{"@type":"ImageObject","inLanguage":"hu","@id":"https:\/\/liked.hu\/old\/#\/schema\/person\/image\/","url":"https:\/\/liked.hu\/old\/wp-content\/uploads\/avatars\/13\/604de88bd578a-bpfull.jpg","contentUrl":"https:\/\/liked.hu\/old\/wp-content\/uploads\/avatars\/13\/604de88bd578a-bpfull.jpg","caption":"Klingstrom"},"url":"https:\/\/liked.hu\/old\/u\/klingstrom\/"}]}},"publishpress_future_action":{"enabled":false,"date":"1970-01-01 01:00:00","action":"","terms":[],"taxonomy":"","browser_timezone_offset":0},"_links":{"self":[{"href":"https:\/\/liked.hu\/old\/wp-json\/wp\/v2\/posts\/141712"}],"collection":[{"href":"https:\/\/liked.hu\/old\/wp-json\/wp\/v2\/posts"}],"about":[{"href":"https:\/\/liked.hu\/old\/wp-json\/wp\/v2\/types\/post"}],"author":[{"embeddable":true,"href":"https:\/\/liked.hu\/old\/wp-json\/wp\/v2\/users\/13"}],"replies":[{"embeddable":true,"href":"https:\/\/liked.hu\/old\/wp-json\/wp\/v2\/comments?post=141712"}],"version-history":[{"count":0,"href":"https:\/\/liked.hu\/old\/wp-json\/wp\/v2\/posts\/141712\/revisions"}],"wp:featuredmedia":[{"embeddable":true,"href":"https:\/\/liked.hu\/old\/wp-json\/wp\/v2\/media\/141714"}],"wp:attachment":[{"href":"https:\/\/liked.hu\/old\/wp-json\/wp\/v2\/media?parent=141712"}],"wp:term":[{"taxonomy":"category","embeddable":true,"href":"https:\/\/liked.hu\/old\/wp-json\/wp\/v2\/categories?post=141712"},{"taxonomy":"post_tag","embeddable":true,"href":"https:\/\/liked.hu\/old\/wp-json\/wp\/v2\/tags?post=141712"}],"curies":[{"name":"wp","href":"https:\/\/api.w.org\/{rel}","templated":true}]}}