{"id":138046,"date":"2022-04-05T12:57:00","date_gmt":"2022-04-05T10:57:00","guid":{"rendered":"https:\/\/liked.hu\/old\/?p=138046"},"modified":"2023-09-26T14:47:46","modified_gmt":"2023-09-26T12:47:46","slug":"a-17-legveszelyesebb-tetovalas-aminek-a-jelenteset-sokan-nem-is-gondolnak","status":"publish","type":"post","link":"https:\/\/liked.hu\/old\/erdekes\/a-17-legveszelyesebb-tetovalas-aminek-a-jelenteset-sokan-nem-is-gondolnak\/","title":{"rendered":"A 17 legvesz\u00e9lyesebb tetov\u00e1l\u00e1s, aminek a jelent\u00e9s\u00e9t sokan nem is gondoln\u00e1k"},"content":{"rendered":"<p>Egy tetov\u00e1l\u00e1s sokkal t\u00f6bb ann\u00e1l, mint az \u00f6nkifejez\u00e9s egy testen viselt form\u00e1ja. Egyes embercsoportok sz\u00e1m\u00e1ra ugyanis az egy\u00e9bk\u00e9nt \u00e1rtatlannak t\u0171n\u0151 mot\u00edvumok k\u00fcl\u00f6nleges jelent\u00e9ssel b\u00edrnak, ha pedig nem vigy\u00e1zunk \u00e9s meggondolatlanul magunkra tetov\u00e1lunk egy ilyet, abb\u00f3l komoly probl\u00e9m\u00e1ink sz\u00e1rmazhatnak a k\u00e9s\u0151bbiekben.<\/p>\n\n<div style=\"float:none;margin:0px 0 0px 0;text-align:center;\">\n<div class=\"mobileShowkakettes\"><div class=\"mobileShowka2\"><div style=\"padding-top:0px;padding-bottom:15px;min-height: 300px;\"><div class=\"hirdetes\">HIRDET\u00c9S<\/div>\n<!-- 300lista -->\n<ins class=\"adsbygoogle\"\n     style=\"display:inline-block;width:300px;height:250px\"\n     data-ad-client=\"ca-pub-9424088931673893\"\n     data-ad-slot=\"8471340766\"><\/ins>\n<script async>\n     (adsbygoogle = window.adsbygoogle || []).push({});\n<\/script><\/div><\/div><\/div><\/div>\n\n<p>A <strong>Liked.hu<\/strong>-n\u00e1l most \u00f6sszegy\u0171jt\u00f6tt\u00fck a legtipikusabb \u00e9s legvesz\u00e9lyesebb tetov\u00e1l\u00e1sokat, amik\u00e9rt nem csak kellemetlen konfliktusokkal, de egyes orsz\u00e1gokban ak\u00e1r az \u00e9let\u00fcnkkel vagy b\u00f6rt\u00f6nb\u00fcntet\u00e9ssel is fizethet\u00fcnk.<\/p>\n<div id=\"zombify-main-section-front\" class=\"zombify-main-section-front zombify-screen zf-media-full zf-screen-sm\">\n<div class=\"zf-container\">\n<div id=\"zf-countdown\" class=\"zf-countdown zf-list zf-numbered\">\n<ol class=\"zf-structure-list\">\n<li style=\"list-style-type: none;\">\n<ol class=\"zf-structure-list\">\n<li class=\"zf-list_item\">\n<div class=\"zf-list_header\">\n<h3 id=\"17\" class=\"zf-list_title\"><span class=\"zf-number\">17<\/span>&nbsp;K\u00f6nnycsepp<\/h3>\n<\/div>\n<figure class=\"zf-list_media zf-media-wrapper zf-image zf-type-image\">\n<div class=\"zf-media\" title=\"K\u00f6nnycsepp\">\n<div class=\"zf-media\" title=\"K\u00f6nnycsepp\">\n<div class=\"bb-media-placeholder\"><img loading=\"lazy\" class=\"\" src=\"https:\/\/liked.hu\/old\/wp-content\/uploads\/2019\/04\/2852465-image-crop-651x749-1553870571-728-f3cb260a20-1553960117.jpg\" sizes=\"(max-width: 728px) 100vw, 728px\" srcset=\"https:\/\/liked.hu\/old\/wp-content\/uploads\/2019\/04\/2852465-image-crop-651x749-1553870571-728-f3cb260a20-1553960117.jpg 728w, https:\/\/liked.hu\/old\/wp-content\/uploads\/2019\/04\/2852465-image-crop-651x749-1553870571-728-f3cb260a20-1553960117-261x300.jpg 261w, https:\/\/liked.hu\/old\/wp-content\/uploads\/2019\/04\/2852465-image-crop-651x749-1553870571-728-f3cb260a20-1553960117-435x500.jpg 435w, https:\/\/liked.hu\/old\/wp-content\/uploads\/2019\/04\/2852465-image-crop-651x749-1553870571-728-f3cb260a20-1553960117-360x414.jpg 360w, https:\/\/liked.hu\/old\/wp-content\/uploads\/2019\/04\/2852465-image-crop-651x749-1553870571-728-f3cb260a20-1553960117-545x627.jpg 545w\" alt=\"\" width=\"728\" height=\"837\"><\/div>\n<\/div>\n<\/div><figcaption class=\"zf-figcaption\"><cite><a class=\"zf-media_credit\" href=\"https:\/\/liked.hu\/old\/kimeno.php?https:\/\/liked.hu\/old\/kimeno.php?https:\/\/www.instagram.com\/p\/BGxnDy8HyyH\/\" target=\"_blank\" rel=\"nofollow noopener\">instagram<\/a><\/cite><\/figcaption><\/figure>\n<div class=\"zf-countdown_description\">\n<p>A jobb szem alatt tal\u00e1ltat\u00f3&nbsp;<a href=\"https:\/\/liked.hu\/old\/kimeno.php?https:\/\/en.wikipedia.org\/wiki\/Teardrop_tattoo\" target=\"_blank\" rel=\"noopener noreferrer\">k\u00f6nnycsepp tetov\u00e1l\u00e1s<\/a>&nbsp;leggyakrabban azt jelenti, hogy a visel\u0151je gyilkoss\u00e1got k\u00f6vetett el vagy legal\u00e1bbis megpr\u00f3b\u00e1lta azt elk\u00f6vetni. Sokan a bal szem\u00fck al\u00e1 teszik szolidarit\u00e1sb\u00f3l, ha egy hozz\u00e1juk k\u00f6zel \u00e1ll\u00f3 szem\u00e9ly a b\u00f6rt\u00f6nben vagy tragikus k\u00f6r\u00fclm\u00e9nyek k\u00f6z\u00f6tt meghal. Ez a tetov\u00e1l\u00e1s sok probl\u00e9m\u00e1t okozhat, ha puszt\u00e1n a sz\u00e9ps\u00e9ge miatt k\u00e9sz\u00fcl, a b\u0171n\u00f6z\u0151i vil\u00e1gban ugyanis nagyon komoly jelent\u00e9ssel b\u00edr.<\/p>\n<\/div>\n<\/li>\n<li class=\"zf-list_item\">\n<div class=\"zf-list_header\">\n<h3 id=\"16\" class=\"zf-list_title\"><span class=\"zf-number\">16<\/span>&nbsp;Buddha<\/h3>\n<\/div>\n<figure class=\"zf-list_media zf-media-wrapper zf-image zf-type-image\">\n<div class=\"zf-media\" title=\"Buddha\">\n<div class=\"zf-media\" title=\"Buddha\">\n<div class=\"bb-media-placeholder\"><img loading=\"lazy\" class=\"\" src=\"https:\/\/liked.hu\/old\/wp-content\/uploads\/2019\/04\/2852815-image-crop-1080x768-1553678951-728-c98afca355-1553960117.jpg\" sizes=\"(max-width: 728px) 100vw, 728px\" srcset=\"https:\/\/liked.hu\/old\/wp-content\/uploads\/2019\/04\/2852815-image-crop-1080x768-1553678951-728-c98afca355-1553960117.jpg 728w, https:\/\/liked.hu\/old\/wp-content\/uploads\/2019\/04\/2852815-image-crop-1080x768-1553678951-728-c98afca355-1553960117-300x213.jpg 300w, https:\/\/liked.hu\/old\/wp-content\/uploads\/2019\/04\/2852815-image-crop-1080x768-1553678951-728-c98afca355-1553960117-500x355.jpg 500w, https:\/\/liked.hu\/old\/wp-content\/uploads\/2019\/04\/2852815-image-crop-1080x768-1553678951-728-c98afca355-1553960117-360x256.jpg 360w, https:\/\/liked.hu\/old\/wp-content\/uploads\/2019\/04\/2852815-image-crop-1080x768-1553678951-728-c98afca355-1553960117-545x387.jpg 545w\" alt=\"\" width=\"728\" height=\"517\"><\/div>\n<\/div>\n<\/div><figcaption class=\"zf-figcaption\"><cite><a class=\"zf-media_credit\" href=\"https:\/\/liked.hu\/old\/kimeno.php?https:\/\/liked.hu\/old\/kimeno.php?https:\/\/www.instagram.com\/p\/BvRpUcPhBfv\/\" target=\"_blank\" rel=\"nofollow noopener\">instagram<\/a><\/cite><\/figcaption><\/figure>\n<div class=\"zf-countdown_description\">\n<p>A buddhista Istens\u00e9gek b\u00e1rmely form\u00e1ban t\u00f6rt\u00e9n\u0151 magunkra tetov\u00e1l\u00e1sa komoly Istenk\u00e1roml\u00e1snak sz\u00e1m\u00edt, ez\u00e9rt a buddhista orsz\u00e1gokban sokszor rend\u0151rs\u00e9gi \u00fcgybe keverednek az ilyen tetov\u00e1l\u00e1st magukon visel\u0151 turist\u00e1k.<\/p>\n\n<div style=\"float:none;margin:0px 0 0px 0;text-align:center;\">\n<div class=\"mobileHideke5\"><div style=\"margin-top:25px;\"><div class=\"hirdeteshatter\"><div style=\"display: inline-block;width: 50%;min-width:305px;vertical-align: top;\"><div class=\"hirdetes\">HIRDET\u00c9S<\/div>\n<!-- LikedQ51 -->\n<ins class=\"adsbygoogle\"\n     style=\"display:inline-block;width:300px;height:250px\"\n     data-ad-client=\"ca-pub-9424088931673893\"\n     data-ad-slot=\"8284063326\"><\/ins>\n<script async>\n     (adsbygoogle = window.adsbygoogle || []).push({});\n<\/script><\/div><div style=\"display: inline-block;width: 50%;min-width:305px;vertical-align: top;\"><div class=\"hirdetes\">HIRDET\u00c9S<\/div>\n<!-- LikedQ52 -->\n<ins class=\"adsbygoogle\"\n     style=\"display:inline-block;width:300px;height:250px\"\n     data-ad-client=\"ca-pub-9424088931673893\"\n     data-ad-slot=\"2840164950\"><\/ins>\n<script async>\n     (adsbygoogle = window.adsbygoogle || []).push({});\n<\/script><\/div><\/div><\/div><\/div>\n<div style=\"display:flex;flex-direction:column;\"><div class=\"mobileShowka5\"><div style=\"padding-top:10px;padding-bottom:10px;min-height: 300px;\"><div class=\"hirdetes\">HIRDET\u00c9S<\/div>\n<!-- LikedQ5M -->\n<ins class=\"adsbygoogle\"\n     style=\"display:inline-block;width:300px;height:250px\"\n     data-ad-client=\"ca-pub-9424088931673893\"\n     data-ad-slot=\"9022429928\"><\/ins>\n<script async>\n     (adsbygoogle = window.adsbygoogle || []).push({});\n<\/script><\/div><\/div><\/div><\/div>\n\n<\/div>\n<\/li>\n<li class=\"zf-list_item\">\n<div class=\"zf-list_header\">\n<h3 id=\"15\" class=\"zf-list_title\"><span class=\"zf-number\">15<\/span>&nbsp;Yakuza<\/h3>\n<\/div>\n<figure class=\"zf-list_media zf-media-wrapper zf-image zf-type-image\">\n<div class=\"zf-media\" title=\"Yakuza\">\n<div class=\"zf-media\" title=\"Yakuza\">\n<div class=\"bb-media-placeholder\"><img loading=\"lazy\" class=\"\" src=\"https:\/\/liked.hu\/old\/wp-content\/uploads\/2019\/04\/2852915-image-crop-805x779-1553849684-728-de9dfa8060-1553960117.jpg\" sizes=\"(max-width: 728px) 100vw, 728px\" srcset=\"https:\/\/liked.hu\/old\/wp-content\/uploads\/2019\/04\/2852915-image-crop-805x779-1553849684-728-de9dfa8060-1553960117.jpg 728w, https:\/\/liked.hu\/old\/wp-content\/uploads\/2019\/04\/2852915-image-crop-805x779-1553849684-728-de9dfa8060-1553960117-300x290.jpg 300w, https:\/\/liked.hu\/old\/wp-content\/uploads\/2019\/04\/2852915-image-crop-805x779-1553849684-728-de9dfa8060-1553960117-500x484.jpg 500w, https:\/\/liked.hu\/old\/wp-content\/uploads\/2019\/04\/2852915-image-crop-805x779-1553849684-728-de9dfa8060-1553960117-360x348.jpg 360w, https:\/\/liked.hu\/old\/wp-content\/uploads\/2019\/04\/2852915-image-crop-805x779-1553849684-728-de9dfa8060-1553960117-545x527.jpg 545w\" alt=\"\" width=\"728\" height=\"704\"><\/div>\n<\/div>\n<\/div><figcaption class=\"zf-figcaption\"><cite><a class=\"zf-media_credit\" href=\"https:\/\/liked.hu\/old\/kimeno.php?https:\/\/liked.hu\/old\/kimeno.php?https:\/\/www.instagram.com\/p\/BjezaC4H5pA\/\" target=\"_blank\" rel=\"nofollow noopener\">instagram<\/a><\/cite><\/figcaption><\/figure>\n<div class=\"zf-countdown_description\">\n<p>Jap\u00e1nban a yakuza-st\u00edlus\u00fa tetov\u00e1l\u00e1sok visel\u00e9se az azonos nevet visel\u0151&nbsp;<a href=\"https:\/\/liked.hu\/old\/kimeno.php?https:\/\/hu.wikipedia.org\/wiki\/Jakuza\" target=\"_blank\" rel=\"noopener noreferrer\">maffia<\/a>&nbsp;tagjaira korl\u00e1toz\u00f3dik, ami a felkel\u0151 nap orsz\u00e1g\u00e1nak egyik legbefoly\u00e1sosabb \u00e9s legv\u00e9resebb b\u0171nszervezete. J\u00f3l gondoljuk meg, hogy egy ilyen tetov\u00e1l\u00e1ssal megl\u00e1togatjuk-e az orsz\u00e1got, mert komoly kellemetlens\u00e9geink sz\u00e1rmazhatnak bel\u0151le.<\/p>\n<\/div>\n<\/li>\n<li class=\"zf-list_item\">\n<div class=\"zf-list_header\">\n<h3 id=\"14\" class=\"zf-list_title\"><span class=\"zf-number\">14<\/span>&nbsp;H\u00e1rom level\u0171 l\u00f3here<\/h3>\n<\/div>\n<figure class=\"zf-list_media zf-media-wrapper zf-image zf-type-image\">\n<div class=\"zf-media\" title=\"H\u00e1rom level\u0171 l\u00f3here\">\n<div class=\"zf-media\" title=\"H\u00e1rom level\u0171 l\u00f3here\">\n<div class=\"bb-media-placeholder\"><img loading=\"lazy\" class=\"\" src=\"https:\/\/liked.hu\/old\/wp-content\/uploads\/2019\/04\/2853015-image-crop-1080x924-1553701086-728-88aea9d72f-1553960117.jpg\" sizes=\"(max-width: 728px) 100vw, 728px\" srcset=\"https:\/\/liked.hu\/old\/wp-content\/uploads\/2019\/04\/2853015-image-crop-1080x924-1553701086-728-88aea9d72f-1553960117.jpg 728w, https:\/\/liked.hu\/old\/wp-content\/uploads\/2019\/04\/2853015-image-crop-1080x924-1553701086-728-88aea9d72f-1553960117-300x256.jpg 300w, https:\/\/liked.hu\/old\/wp-content\/uploads\/2019\/04\/2853015-image-crop-1080x924-1553701086-728-88aea9d72f-1553960117-500x427.jpg 500w, https:\/\/liked.hu\/old\/wp-content\/uploads\/2019\/04\/2853015-image-crop-1080x924-1553701086-728-88aea9d72f-1553960117-360x308.jpg 360w, https:\/\/liked.hu\/old\/wp-content\/uploads\/2019\/04\/2853015-image-crop-1080x924-1553701086-728-88aea9d72f-1553960117-545x466.jpg 545w\" alt=\"\" width=\"728\" height=\"622\"><\/div>\n<\/div>\n<\/div><figcaption class=\"zf-figcaption\"><cite><a class=\"zf-media_credit\" href=\"https:\/\/liked.hu\/old\/kimeno.php?https:\/\/liked.hu\/old\/kimeno.php?https:\/\/www.instagram.com\/p\/BhHBkzhl92E\/\" target=\"_blank\" rel=\"nofollow noopener\">instagram<\/a><\/cite><\/figcaption><\/figure>\n<div class=\"zf-countdown_description\">\n<p>A n\u00e9gylevel\u0171 l\u00f3here tetov\u00e1l\u00e1sa legt\u00f6bbsz\u00f6r a szerencs\u00e9re utal\u00e1s jelek\u00e9nt t\u00f6rt\u00e9nik, ha azonban egyel kevesebb sz\u00e1m\u00fa levelet varratunk magunkra, akkor abb\u00f3l komoly probl\u00e9m\u00e1ink lehetnek p\u00e9ld\u00e1ul \u00cdrorsz\u00e1gban, ahol ez a jelk\u00e9p az egyik&nbsp;<a href=\"https:\/\/liked.hu\/old\/kimeno.php?https:\/\/en.wikipedia.org\/wiki\/Shamrock\" target=\"_blank\" rel=\"noopener noreferrer\">legnagyobb b\u0171nszervezet<\/a>&nbsp;v\u00e9djegye. Ha a szervezet egyik tagja megl\u00e1tja rajtunk a tetov\u00e1l\u00e1st \u00e9s kider\u00fcl, hogy semmi k\u00f6z\u00fcnk sincs a b\u0171n\u00f6z\u0151i vil\u00e1ghoz, akkor a konfliktus szinte elker\u00fclhetetlen.<\/p>\n<\/div>\n<\/li>\n<li class=\"zf-list_item\">\n<div class=\"zf-list_header\">\n<h3 id=\"13\" class=\"zf-list_title\"><span class=\"zf-number\">13<\/span>&nbsp;Sz\u00f6gesdr\u00f3t<\/h3>\n<\/div>\n<figure class=\"zf-list_media zf-media-wrapper zf-image zf-type-image\">\n<div class=\"zf-media\" title=\"Sz\u00f6gesdr\u00f3t\">\n<div class=\"zf-media\" title=\"Sz\u00f6gesdr\u00f3t\">\n<div class=\"bb-media-placeholder\"><img loading=\"lazy\" class=\"\" src=\"https:\/\/liked.hu\/old\/wp-content\/uploads\/2019\/04\/2853115-image-crop-769x600-1553849655-728-f90f0067b4-1553960117.jpg\" sizes=\"(max-width: 728px) 100vw, 728px\" srcset=\"https:\/\/liked.hu\/old\/wp-content\/uploads\/2019\/04\/2853115-image-crop-769x600-1553849655-728-f90f0067b4-1553960117.jpg 728w, https:\/\/liked.hu\/old\/wp-content\/uploads\/2019\/04\/2853115-image-crop-769x600-1553849655-728-f90f0067b4-1553960117-300x234.jpg 300w, https:\/\/liked.hu\/old\/wp-content\/uploads\/2019\/04\/2853115-image-crop-769x600-1553849655-728-f90f0067b4-1553960117-500x390.jpg 500w, https:\/\/liked.hu\/old\/wp-content\/uploads\/2019\/04\/2853115-image-crop-769x600-1553849655-728-f90f0067b4-1553960117-360x281.jpg 360w, https:\/\/liked.hu\/old\/wp-content\/uploads\/2019\/04\/2853115-image-crop-769x600-1553849655-728-f90f0067b4-1553960117-545x425.jpg 545w\" alt=\"\" width=\"728\" height=\"568\"><\/div>\n<\/div>\n<\/div><figcaption class=\"zf-figcaption\"><cite><a class=\"zf-media_credit\" href=\"https:\/\/liked.hu\/old\/kimeno.php?https:\/\/liked.hu\/old\/kimeno.php?https:\/\/www.instagram.com\/p\/BkBfgCTBz5m\/\" target=\"_blank\" rel=\"nofollow noopener\">instagram<\/a><\/cite><\/figcaption><\/figure>\n<div class=\"zf-countdown_description\">\n<p>A szervezett b\u0171n\u00f6z\u00e9s vil\u00e1g\u00e1ban a sz\u00f6gesdr\u00f3t tetov\u00e1l\u00e1s arra utal, hogy az illet\u0151 \u00fclt m\u00e1r b\u00f6rt\u00f6nben. A sz\u00f6gesdr\u00f3t minden csom\u00f3ja egy b\u00f6rt\u00f6nben t\u00f6lt\u00f6tt \u00e9vnek felel meg. \u00c9ppen ez\u00e9rt, ha egy egy\u00e9bk\u00e9nt t\u00f6rv\u00e9nytisztel\u0151 ember d\u00f6nt ilyen tetov\u00e1l\u00e1s mellett, az jelent\u0151sen megbonyol\u00edthatja az \u00e9let\u00e9t, p\u00e9ld\u00e1ul ha b\u00f6rt\u00f6nb\u0151l szabadult emberekkel tal\u00e1lkozik, akik nem veszik j\u00f3 n\u00e9ven az ilyesmit.<\/p>\n\n<div style=\"float:none;margin:0px 0 0px 0;text-align:center;\">\n<div class=\"mobileHideke8\"><div style=\"margin-top:25px;\"><div class=\"hirdeteshatter\"><div style=\"display: inline-block;width: 50%;min-width:340px;vertical-align: top;\"><div class=\"hirdetes\">HIRDET\u00c9S<\/div>\n<!-- Liked7Q1 -->\n<ins class=\"adsbygoogle\"\n     style=\"display:inline-block;width:336px;height:280px\"\n     data-ad-client=\"ca-pub-9424088931673893\"\n     data-ad-slot=\"3022062587\"><\/ins>\n<script async>\n     (adsbygoogle = window.adsbygoogle || []).push({});\n<\/script><\/div><div style=\"display: inline-block;width: 50%;min-width:340px;vertical-align: top;\"><div class=\"hirdetes\">HIRDET\u00c9S<\/div>\n<!-- Liked7Q2 -->\n<ins class=\"adsbygoogle\"\n     style=\"display:inline-block;width:336px;height:280px\"\n     data-ad-client=\"ca-pub-9424088931673893\"\n     data-ad-slot=\"3952000871\"><\/ins>\n<script async>\n     (adsbygoogle = window.adsbygoogle || []).push({});\n<\/script><\/div><\/div><\/div><\/div>\n<div style=\"display:flex;flex-direction:column;\"><div class=\"mobileShowka8\"><div style=\"padding-top:15px;margin-bottom:15px;min-height: 300px;\"><div class=\"hirdetes\">HIRDET\u00c9S<\/div>\n<!-- Liked7QMobil -->\n<ins class=\"adsbygoogle\"\n     style=\"display:inline-block;width:336px;height:280px\"\n     data-ad-client=\"ca-pub-9424088931673893\"\n     data-ad-slot=\"5073510857\"><\/ins>\n<script async>\n     (adsbygoogle = window.adsbygoogle || []).push({});\n<\/script><\/div><\/div><\/div><\/div>\n\n<\/div>\n<\/li>\n<li class=\"zf-list_item\">\n<div class=\"zf-list_header\">\n<h3 id=\"12\" class=\"zf-list_title\"><span class=\"zf-number\">12<\/span>&nbsp;Vicsorg\u00f3 vad\u00e1llat<\/h3>\n<\/div>\n<figure class=\"zf-list_media zf-media-wrapper zf-image zf-type-image\">\n<div class=\"zf-media\" title=\"Vicsorg\u00f3 vad\u00e1llat\">\n<div class=\"zf-media\" title=\"Vicsorg\u00f3 vad\u00e1llat\">\n<div class=\"bb-media-placeholder\"><img loading=\"lazy\" class=\"\" src=\"https:\/\/liked.hu\/old\/wp-content\/uploads\/2019\/04\/2853215-image-crop-988x971-1553849633-728-bc945931b0-1553960117.jpg\" sizes=\"(max-width: 728px) 100vw, 728px\" srcset=\"https:\/\/liked.hu\/old\/wp-content\/uploads\/2019\/04\/2853215-image-crop-988x971-1553849633-728-bc945931b0-1553960117.jpg 728w, https:\/\/liked.hu\/old\/wp-content\/uploads\/2019\/04\/2853215-image-crop-988x971-1553849633-728-bc945931b0-1553960117-300x295.jpg 300w, https:\/\/liked.hu\/old\/wp-content\/uploads\/2019\/04\/2853215-image-crop-988x971-1553849633-728-bc945931b0-1553960117-500x491.jpg 500w, https:\/\/liked.hu\/old\/wp-content\/uploads\/2019\/04\/2853215-image-crop-988x971-1553849633-728-bc945931b0-1553960117-360x354.jpg 360w, https:\/\/liked.hu\/old\/wp-content\/uploads\/2019\/04\/2853215-image-crop-988x971-1553849633-728-bc945931b0-1553960117-545x535.jpg 545w\" alt=\"\" width=\"728\" height=\"715\"><\/div>\n<\/div>\n<\/div><figcaption class=\"zf-figcaption\"><cite><a class=\"zf-media_credit\" href=\"https:\/\/liked.hu\/old\/kimeno.php?https:\/\/liked.hu\/old\/kimeno.php?https:\/\/www.instagram.com\/p\/Bit-E6QArN8\/\" target=\"_blank\" rel=\"nofollow noopener\">instagram<\/a><\/cite><\/figcaption><\/figure>\n<div class=\"zf-countdown_description\">\n<p>A h\u00e9tk\u00f6znapi emberek leggyakrabban a b\u00e1tors\u00e1g \u00e9s az er\u0151 jelek\u00e9nt varratnak magukra vicsorg\u00f3 tigris-tetov\u00e1l\u00e1st, a jelent\u00e9se pedig a&nbsp;<a href=\"https:\/\/liked.hu\/old\/kimeno.php?https:\/\/www.correctionsone.com\/prison-gangs\/articles\/8688136-12-Russian-prison-tattoos-and-their-meanings\/\" target=\"_blank\" rel=\"noopener noreferrer\">b\u0171n\u00f6z\u0151i vil\u00e1gban<\/a>&nbsp;sem nagyon k\u00fcl\u00f6nb\u00f6zik, \u00e1m ott \u00fagy \u00e9rtelmezik, hogy az ilyen tetov\u00e1l\u00e1st visel\u0151 szem\u00e9ly hajlamos az er\u0151szakra \u00e9s b\u00e1rmikor k\u00e9szen \u00e1ll egy kegyetlen b\u0171ncselekm\u00e9ny elk\u00f6vet\u00e9s\u00e9re. Ha rossz t\u00e1rsas\u00e1ggal tal\u00e1lkozunk, egy ilyen tetov\u00e1l\u00e1sb\u00f3l k\u00f6nnyen konfliktus ad\u00f3dhat.<\/p>\n<\/div>\n<\/li>\n<li class=\"zf-list_item\">\n<div class=\"zf-list_header\">\n<h3 id=\"11\" class=\"zf-list_title\"><span class=\"zf-number\">11<\/span>&nbsp;Tetov\u00e1lt gy\u0171r\u0171k<\/h3>\n<\/div>\n<figure class=\"zf-list_media zf-media-wrapper zf-image zf-type-image\">\n<div class=\"zf-media\" title=\"Tetov\u00e1lt gy\u0171r\u0171k\">\n<div class=\"zf-media\" title=\"Tetov\u00e1lt gy\u0171r\u0171k\">\n<div class=\"bb-media-placeholder\"><img loading=\"lazy\" class=\"\" src=\"https:\/\/liked.hu\/old\/wp-content\/uploads\/2019\/04\/2852765-image-crop-876x575-1553689377-728-d3769c7191-1553960117.jpg\" sizes=\"(max-width: 728px) 100vw, 728px\" srcset=\"https:\/\/liked.hu\/old\/wp-content\/uploads\/2019\/04\/2852765-image-crop-876x575-1553689377-728-d3769c7191-1553960117.jpg 728w, https:\/\/liked.hu\/old\/wp-content\/uploads\/2019\/04\/2852765-image-crop-876x575-1553689377-728-d3769c7191-1553960117-300x197.jpg 300w, https:\/\/liked.hu\/old\/wp-content\/uploads\/2019\/04\/2852765-image-crop-876x575-1553689377-728-d3769c7191-1553960117-500x328.jpg 500w, https:\/\/liked.hu\/old\/wp-content\/uploads\/2019\/04\/2852765-image-crop-876x575-1553689377-728-d3769c7191-1553960117-360x236.jpg 360w, https:\/\/liked.hu\/old\/wp-content\/uploads\/2019\/04\/2852765-image-crop-876x575-1553689377-728-d3769c7191-1553960117-545x357.jpg 545w\" alt=\"\" width=\"728\" height=\"477\"><\/div>\n<\/div>\n<\/div><figcaption class=\"zf-figcaption\"><cite><a class=\"zf-media_credit\" href=\"https:\/\/liked.hu\/old\/kimeno.php?https:\/\/liked.hu\/old\/kimeno.php?https:\/\/www.instagram.com\/p\/BnOGbkehkPW\/\" target=\"_blank\" rel=\"nofollow noopener\">instagram<\/a><\/cite><\/figcaption><\/figure>\n<div class=\"zf-countdown_description\">\n<p>A tetov\u00e1lt ujjgy\u0171r\u0171 az egyik legegyszer\u0171bb \u00e9s legl\u00e1tv\u00e1nyosabb m\u00f3dja annak, hogy a tulajdonosa elmondhassa mag\u00e1r\u00f3l: \u00fclt m\u00e1r b\u00f6rt\u00f6nben. Minden ilyen&nbsp;<a href=\"https:\/\/liked.hu\/old\/kimeno.php?http:\/\/viralboro.com\/article\/russian-prison-ring-finger-tattoos-symbols-of-rank\" target=\"_blank\" rel=\"noopener noreferrer\">gy\u0171r\u0171-szimb\u00f3lum<\/a>&nbsp;m\u00e1s-m\u00e1s jelent\u00e9ssel b\u00edr.<\/p>\n<\/div>\n<\/li>\n<li class=\"zf-list_item\">\n<div class=\"zf-list_header\">\n<h3 id=\"10\" class=\"zf-list_title\"><span class=\"zf-number\">10<\/span>&nbsp;Kereszt a mellkason<\/h3>\n<\/div>\n<figure class=\"zf-list_media zf-media-wrapper zf-image zf-type-image\">\n<div class=\"zf-media\" title=\"Kereszt a mellkason\">\n<div class=\"zf-media\" title=\"Kereszt a mellkason\">\n<div class=\"bb-media-placeholder\"><img loading=\"lazy\" class=\"\" src=\"https:\/\/liked.hu\/old\/wp-content\/uploads\/2019\/04\/2853165-image-crop-1237x688-1553700326-728-91423a0c56-1553960117.jpg\" sizes=\"(max-width: 728px) 100vw, 728px\" srcset=\"https:\/\/liked.hu\/old\/wp-content\/uploads\/2019\/04\/2853165-image-crop-1237x688-1553700326-728-91423a0c56-1553960117.jpg 728w, https:\/\/liked.hu\/old\/wp-content\/uploads\/2019\/04\/2853165-image-crop-1237x688-1553700326-728-91423a0c56-1553960117-300x166.jpg 300w, https:\/\/liked.hu\/old\/wp-content\/uploads\/2019\/04\/2853165-image-crop-1237x688-1553700326-728-91423a0c56-1553960117-500x277.jpg 500w, https:\/\/liked.hu\/old\/wp-content\/uploads\/2019\/04\/2853165-image-crop-1237x688-1553700326-728-91423a0c56-1553960117-360x200.jpg 360w, https:\/\/liked.hu\/old\/wp-content\/uploads\/2019\/04\/2853165-image-crop-1237x688-1553700326-728-91423a0c56-1553960117-545x302.jpg 545w\" alt=\"\" width=\"728\" height=\"404\"><\/div>\n<\/div>\n<\/div><figcaption class=\"zf-figcaption\"><cite><a class=\"zf-media_credit\" href=\"https:\/\/liked.hu\/old\/kimeno.php?https:\/\/liked.hu\/old\/kimeno.php?https:\/\/en.wikipedia.org\/wiki\/Eastern_Promises\" target=\"_blank\" rel=\"nofollow noopener\">wikipedia<\/a><\/cite><\/figcaption><\/figure>\n<div class=\"zf-countdown_description\">\n<p>Oroszorsz\u00e1gba hat\u00e1rozottan nem \u00e9rdemes nagy kereszt tetov\u00e1l\u00e1ssal a mellkason utazni, ez ugyanis ott az egyik&nbsp;<a href=\"https:\/\/liked.hu\/old\/kimeno.php?https:\/\/www.correctionsone.com\/prison-gangs\/articles\/7527475-15-prison-tattoos-and-their-meanings\/\" target=\"_blank\" rel=\"noopener noreferrer\">legvesz\u00e9lyesebb b\u0171nbanda<\/a>&nbsp;ismertet\u0151jele. Mivel az orosz maffia tagjai orsz\u00e1gukon k\u00edv\u00fcl is akt\u00edvan jelen vannak, ez\u00e9rt az ilyen tetov\u00e1l\u00e1sokb\u00f3l b\u00e1rmikor nem k\u00edv\u00e1nt konfliktusunk lehet.<\/p>\n\n<div style=\"float:none;margin:0px 0 0px 0;text-align:center;\">\n<div class=\"mobileHideke5\"><div style=\"margin-top:25px;\"><div class=\"hirdeteshatter\"><div style=\"display: inline-block;width: 50%;min-width:305px;vertical-align: top;\"><div class=\"hirdetes\">HIRDET\u00c9S<\/div>\n<!-- LikedQ51 -->\n<ins class=\"adsbygoogle\"\n     style=\"display:inline-block;width:300px;height:250px\"\n     data-ad-client=\"ca-pub-9424088931673893\"\n     data-ad-slot=\"8284063326\"><\/ins>\n<script async>\n     (adsbygoogle = window.adsbygoogle || []).push({});\n<\/script><\/div><div style=\"display: inline-block;width: 50%;min-width:305px;vertical-align: top;\"><div class=\"hirdetes\">HIRDET\u00c9S<\/div>\n<!-- LikedQ52 -->\n<ins class=\"adsbygoogle\"\n     style=\"display:inline-block;width:300px;height:250px\"\n     data-ad-client=\"ca-pub-9424088931673893\"\n     data-ad-slot=\"2840164950\"><\/ins>\n<script async>\n     (adsbygoogle = window.adsbygoogle || []).push({});\n<\/script><\/div><\/div><\/div><\/div>\n<div style=\"display:flex;flex-direction:column;\"><div class=\"mobileShowka5\"><div style=\"padding-top:10px;padding-bottom:10px;min-height: 300px;\"><div class=\"hirdetes\">HIRDET\u00c9S<\/div>\n<!-- LikedQ5M -->\n<ins class=\"adsbygoogle\"\n     style=\"display:inline-block;width:300px;height:250px\"\n     data-ad-client=\"ca-pub-9424088931673893\"\n     data-ad-slot=\"9022429928\"><\/ins>\n<script async>\n     (adsbygoogle = window.adsbygoogle || []).push({});\n<\/script><\/div><\/div><\/div><\/div>\n\n<\/div>\n<\/li>\n<li class=\"zf-list_item\">\n<div class=\"zf-list_header\">\n<h3 id=\"9\" class=\"zf-list_title\"><span class=\"zf-number\">9<\/span>&nbsp;P\u00f3kh\u00e1l\u00f3<\/h3>\n<\/div>\n<figure class=\"zf-list_media zf-media-wrapper zf-image zf-type-image\">\n<div class=\"zf-media\" title=\"P\u00f3kh\u00e1l\u00f3\">\n<div class=\"zf-media\" title=\"P\u00f3kh\u00e1l\u00f3\">\n<div class=\"bb-media-placeholder\"><img loading=\"lazy\" class=\"\" src=\"https:\/\/liked.hu\/old\/wp-content\/uploads\/2019\/04\/2853065-image-crop-1080x810-1553690033-728-efe09e9869-1553960117.jpg\" sizes=\"(max-width: 728px) 100vw, 728px\" srcset=\"https:\/\/liked.hu\/old\/wp-content\/uploads\/2019\/04\/2853065-image-crop-1080x810-1553690033-728-efe09e9869-1553960117.jpg 728w, https:\/\/liked.hu\/old\/wp-content\/uploads\/2019\/04\/2853065-image-crop-1080x810-1553690033-728-efe09e9869-1553960117-300x225.jpg 300w, https:\/\/liked.hu\/old\/wp-content\/uploads\/2019\/04\/2853065-image-crop-1080x810-1553690033-728-efe09e9869-1553960117-500x375.jpg 500w, https:\/\/liked.hu\/old\/wp-content\/uploads\/2019\/04\/2853065-image-crop-1080x810-1553690033-728-efe09e9869-1553960117-200x150.jpg 200w, https:\/\/liked.hu\/old\/wp-content\/uploads\/2019\/04\/2853065-image-crop-1080x810-1553690033-728-efe09e9869-1553960117-360x270.jpg 360w, https:\/\/liked.hu\/old\/wp-content\/uploads\/2019\/04\/2853065-image-crop-1080x810-1553690033-728-efe09e9869-1553960117-545x409.jpg 545w\" alt=\"\" width=\"728\" height=\"546\"><\/div>\n<\/div>\n<\/div><figcaption class=\"zf-figcaption\"><cite><a class=\"zf-media_credit\" href=\"https:\/\/liked.hu\/old\/kimeno.php?https:\/\/liked.hu\/old\/kimeno.php?https:\/\/www.instagram.com\/p\/BuXoTyHHL8s\/\" target=\"_blank\" rel=\"nofollow noopener\">instagram<\/a><\/cite><\/figcaption><\/figure>\n<div class=\"zf-countdown_description\">\n<p>A p\u00f3kh\u00e1l\u00f3 szint\u00e9n n\u00e9pszer\u0171 b\u00f6rt\u00f6ntetov\u00e1l\u00e1s, ami legt\u00f6bbsz\u00f6r a&nbsp;<a href=\"https:\/\/liked.hu\/old\/kimeno.php?https:\/\/truecrimedaily.com\/2015\/10\/06\/ink-in-the-clink-prison-tattoos-explained\/\" target=\"_blank\" rel=\"noopener noreferrer\">hossz\u00fa t\u00e1v\u00fa szabads\u00e1gveszt\u00e9sr\u0151l<\/a>&nbsp;vagy a k\u00e1b\u00edt\u00f3szer-f\u00fcgg\u0151s\u00e9gr\u0151l \u00e1rulkodik. A p\u00f3kh\u00e1l\u00f3 minden egyes gy\u0171rje egy \u00e9v neh\u00e9z \u00e9letszakaszt jelent, ez\u00e9rt a kor\u00e1bban b\u00f6rt\u00f6nben \u00fclt emberek meglehet\u0151sen negat\u00edvan reag\u00e1lhatnak r\u00e1, ha valaki puszt\u00e1n a sz\u00e9ps\u00e9g kedv\u00e9\u00e9rt k\u00e9sz\u00edt mag\u00e1ra ilyen tetov\u00e1l\u00e1st.<\/p>\n<\/div>\n<\/li>\n<li class=\"zf-list_item\">\n<div class=\"zf-list_header\">\n<h3 id=\"8\" class=\"zf-list_title\"><span class=\"zf-number\">8<\/span>&nbsp;\u00d6t\u00e1g\u00fa korona<\/h3>\n<\/div>\n<figure class=\"zf-list_media zf-media-wrapper zf-image zf-type-image\">\n<div class=\"zf-media\" title=\"\u00d6t\u00e1g\u00fa korona\">\n<div class=\"zf-media\" title=\"\u00d6t\u00e1g\u00fa korona\">\n<div class=\"bb-media-placeholder\"><img loading=\"lazy\" class=\"\" src=\"https:\/\/liked.hu\/old\/wp-content\/uploads\/2019\/04\/2852965-image-crop-1055x741-1553689915-728-02e6ec5b2d-1553960117.jpg\" sizes=\"(max-width: 728px) 100vw, 728px\" srcset=\"https:\/\/liked.hu\/old\/wp-content\/uploads\/2019\/04\/2852965-image-crop-1055x741-1553689915-728-02e6ec5b2d-1553960117.jpg 728w, https:\/\/liked.hu\/old\/wp-content\/uploads\/2019\/04\/2852965-image-crop-1055x741-1553689915-728-02e6ec5b2d-1553960117-300x211.jpg 300w, https:\/\/liked.hu\/old\/wp-content\/uploads\/2019\/04\/2852965-image-crop-1055x741-1553689915-728-02e6ec5b2d-1553960117-500x351.jpg 500w, https:\/\/liked.hu\/old\/wp-content\/uploads\/2019\/04\/2852965-image-crop-1055x741-1553689915-728-02e6ec5b2d-1553960117-360x253.jpg 360w, https:\/\/liked.hu\/old\/wp-content\/uploads\/2019\/04\/2852965-image-crop-1055x741-1553689915-728-02e6ec5b2d-1553960117-545x383.jpg 545w\" alt=\"\" width=\"728\" height=\"511\"><\/div>\n<\/div>\n<\/div><figcaption class=\"zf-figcaption\"><cite><a class=\"zf-media_credit\" href=\"https:\/\/liked.hu\/old\/kimeno.php?https:\/\/liked.hu\/old\/kimeno.php?https:\/\/www.instagram.com\/p\/BE_ECbjglqe\/\" target=\"_blank\" rel=\"nofollow noopener\">instagram<\/a><\/cite><\/figcaption><\/figure>\n<div class=\"zf-countdown_description\">\n<p>Az Egyes\u00fclt \u00c1llamokban az \u00f6t\u00e1g\u00fa korona tetov\u00e1l\u00e1s az egyik legnagyobb&nbsp;<a href=\"https:\/\/liked.hu\/old\/kimeno.php?https:\/\/www.unbelievable-facts.com\/2016\/05\/prison-tattoos-and-their-hidden-meaning.html\/3\" target=\"_blank\" rel=\"noopener noreferrer\">latin b\u0171nbanda<\/a>&nbsp;jelk\u00e9pe, ami az Egyes\u00fclt \u00c1llamok ter\u00fclet\u00e9n is akt\u00edvan jelen van. Az amerikai hat\u00f3s\u00e1gok sem n\u00e9zik j\u00f3 szemmel, ha valaki ilyen tetov\u00e1l\u00e1st visel, azt pedig mondanom sem kell, hogy a b\u0171nszervezet tagjai m\u00e9g ink\u00e1bb harapnak \u00e9rte, ha valaki puszt\u00e1n a sz\u00e9ps\u00e9ge miatt varrat mag\u00e1ra ilyen tetov\u00e1l\u00e1st.<\/p>\n<\/div>\n<\/li>\n<\/ol>\n<\/li>\n<\/ol>\n<p><!--nextpage--><\/p>\n<div id=\"zombify-main-section-front\" class=\"zombify-main-section-front zombify-screen zf-media-full zf-screen-sm\">\n<div class=\"zf-container\">\n<div id=\"zf-countdown\" class=\"zf-countdown zf-list zf-numbered\">\n<ol class=\"zf-structure-list\">\n<li class=\"zf-list_item\">\n<div class=\"zf-list_header\">\n<h3 id=\"7\" class=\"zf-list_title\"><span class=\"zf-number\">7<\/span>&nbsp;H\u00e1rom pont<\/h3>\n<\/div>\n<figure class=\"zf-list_media zf-media-wrapper zf-image zf-type-image\">\n<div class=\"zf-media\" title=\"H\u00e1rom pont\">\n<div class=\"zf-media\" title=\"H\u00e1rom pont\">\n<div class=\"bb-media-placeholder\"><img loading=\"lazy\" class=\"\" src=\"https:\/\/liked.hu\/old\/wp-content\/uploads\/2019\/04\/2852865-image-crop-640x604-1553689472-728-f8c63b8788-1553960117.jpg\" sizes=\"(max-width: 728px) 100vw, 728px\" srcset=\"https:\/\/liked.hu\/old\/wp-content\/uploads\/2019\/04\/2852865-image-crop-640x604-1553689472-728-f8c63b8788-1553960117.jpg 728w, https:\/\/liked.hu\/old\/wp-content\/uploads\/2019\/04\/2852865-image-crop-640x604-1553689472-728-f8c63b8788-1553960117-300x283.jpg 300w, https:\/\/liked.hu\/old\/wp-content\/uploads\/2019\/04\/2852865-image-crop-640x604-1553689472-728-f8c63b8788-1553960117-500x472.jpg 500w, https:\/\/liked.hu\/old\/wp-content\/uploads\/2019\/04\/2852865-image-crop-640x604-1553689472-728-f8c63b8788-1553960117-360x340.jpg 360w, https:\/\/liked.hu\/old\/wp-content\/uploads\/2019\/04\/2852865-image-crop-640x604-1553689472-728-f8c63b8788-1553960117-545x514.jpg 545w\" alt=\"\" width=\"728\" height=\"687\"><\/div>\n<\/div>\n<\/div><figcaption class=\"zf-figcaption\"><cite><a class=\"zf-media_credit\" href=\"https:\/\/liked.hu\/old\/kimeno.php?https:\/\/liked.hu\/old\/kimeno.php?https:\/\/www.instagram.com\/p\/31LMUGnDlD\/\" target=\"_blank\" rel=\"nofollow noopener\">instagram<\/a><\/cite><\/figcaption><\/figure>\n<div class=\"zf-countdown_description\">\n<p>A minimalista h\u00e1rompontos tetov\u00e1l\u00e1s a vil\u00e1g minden t\u00e1j\u00e1n ugyanazt jelenti: \u201e<a href=\"https:\/\/liked.hu\/old\/kimeno.php?http:\/\/www.realclear.com\/offbeat\/2014\/07\/24\/7_most_notorious_prison_tattoos_what_they_mean_8023.html\" target=\"_blank\" rel=\"noopener noreferrer\">Mi Vida Loca<\/a>\u201d \u2013 vagyis hogy a tulajdonosa \u0151r\u00fclt \u00e9letet \u00e9l. Ez \u00e1ltal\u00e1ban nem mond t\u00fal sokat a tulajdonos\u00e1r\u00f3l, \u00e1m a b\u0171n\u00f6z\u0151i vil\u00e1gban olyan jelent\u0151s\u00e9ggel ruh\u00e1zt\u00e1k fel, hogy az ilyen tetov\u00e1l\u00e1st visel\u0151 szem\u00e9lyek visszaes\u0151 t\u00f6rv\u00e9nys\u00e9rt\u0151k. Rossz emberekkel tal\u00e1lkozva ebb\u0151l a tetov\u00e1l\u00e1sb\u00f3l is komoly f\u00e9lre\u00e9rt\u00e9sek ad\u00f3dhatnak.<\/p>\n<\/div>\n<\/li>\n<li class=\"zf-list_item\">\n<div class=\"zf-list_header\">\n<h3 id=\"6\" class=\"zf-list_title\"><span class=\"zf-number\">6<\/span>&nbsp;Csillagok<\/h3>\n<\/div>\n<figure class=\"zf-list_media zf-media-wrapper zf-image zf-type-image\">\n<div class=\"zf-media\" title=\"Csillagok\">\n<div class=\"zf-media\" title=\"Csillagok\">\n<div class=\"bb-media-placeholder\"><img loading=\"lazy\" class=\"\" src=\"https:\/\/liked.hu\/old\/wp-content\/uploads\/2019\/04\/2852715-image-crop-935x535-1553701061-728-4a762deaf5-1553960117.jpg\" sizes=\"(max-width: 728px) 100vw, 728px\" srcset=\"https:\/\/liked.hu\/old\/wp-content\/uploads\/2019\/04\/2852715-image-crop-935x535-1553701061-728-4a762deaf5-1553960117.jpg 728w, https:\/\/liked.hu\/old\/wp-content\/uploads\/2019\/04\/2852715-image-crop-935x535-1553701061-728-4a762deaf5-1553960117-300x171.jpg 300w, https:\/\/liked.hu\/old\/wp-content\/uploads\/2019\/04\/2852715-image-crop-935x535-1553701061-728-4a762deaf5-1553960117-500x286.jpg 500w, https:\/\/liked.hu\/old\/wp-content\/uploads\/2019\/04\/2852715-image-crop-935x535-1553701061-728-4a762deaf5-1553960117-360x206.jpg 360w, https:\/\/liked.hu\/old\/wp-content\/uploads\/2019\/04\/2852715-image-crop-935x535-1553701061-728-4a762deaf5-1553960117-545x311.jpg 545w\" alt=\"\" width=\"728\" height=\"416\"><\/div>\n<\/div>\n<\/div><figcaption class=\"zf-figcaption\"><cite><a class=\"zf-media_credit\" href=\"https:\/\/liked.hu\/old\/kimeno.php?https:\/\/liked.hu\/old\/kimeno.php?https:\/\/pixabay.com\/photos\/tattoos-belly-stars-skin-489062\/\" target=\"_blank\" rel=\"nofollow noopener\">pixabay<\/a><\/cite><\/figcaption><\/figure>\n<div class=\"zf-countdown_description\">\n<p>A csillagok a b\u00f6rt\u00f6nt megj\u00e1rt emberek egyik ismertet\u0151jele. A testen elfoglalt poz\u00edci\u00f3ja sokat mond a tulajdonos\u00e1r\u00f3l: a t\u00e9rdre tetov\u00e1lt csillagok p\u00e9ld\u00e1ul a h\u0171s\u00e9gr\u0151l, m\u00edg a v\u00e1ll t\u00e1j\u00e9kra tetov\u00e1lt csillagok a&nbsp;<a href=\"https:\/\/liked.hu\/old\/kimeno.php?https:\/\/en.wikipedia.org\/wiki\/Criminal_tattoo\" target=\"_blank\" rel=\"noopener noreferrer\">magas tekint\u00e9lyr\u0151l<\/a>&nbsp;\u00e1rulkodnak. A b\u0171n\u00f6z\u0151i vil\u00e1g tagjai k\u00f6nnyen f\u00e9lre\u00e9rthetik az ilyen, puszt\u00e1n sz\u00e9ps\u00e9g\u00fck miatt k\u00e9sz\u00edtett tetov\u00e1l\u00e1sokat.<\/p>\n\n<div style=\"float:none;margin:0px 0 0px 0;text-align:center;\">\n<div class=\"mobileHideke5\"><div style=\"margin-top:25px;\"><div class=\"hirdeteshatter\"><div style=\"display: inline-block;width: 50%;min-width:305px;vertical-align: top;\"><div class=\"hirdetes\">HIRDET\u00c9S<\/div>\n<!-- LikedQ51 -->\n<ins class=\"adsbygoogle\"\n     style=\"display:inline-block;width:300px;height:250px\"\n     data-ad-client=\"ca-pub-9424088931673893\"\n     data-ad-slot=\"8284063326\"><\/ins>\n<script async>\n     (adsbygoogle = window.adsbygoogle || []).push({});\n<\/script><\/div><div style=\"display: inline-block;width: 50%;min-width:305px;vertical-align: top;\"><div class=\"hirdetes\">HIRDET\u00c9S<\/div>\n<!-- LikedQ52 -->\n<ins class=\"adsbygoogle\"\n     style=\"display:inline-block;width:300px;height:250px\"\n     data-ad-client=\"ca-pub-9424088931673893\"\n     data-ad-slot=\"2840164950\"><\/ins>\n<script async>\n     (adsbygoogle = window.adsbygoogle || []).push({});\n<\/script><\/div><\/div><\/div><\/div>\n<div style=\"display:flex;flex-direction:column;\"><div class=\"mobileShowka5\"><div style=\"padding-top:10px;padding-bottom:10px;min-height: 300px;\"><div class=\"hirdetes\">HIRDET\u00c9S<\/div>\n<!-- LikedQ5M -->\n<ins class=\"adsbygoogle\"\n     style=\"display:inline-block;width:300px;height:250px\"\n     data-ad-client=\"ca-pub-9424088931673893\"\n     data-ad-slot=\"9022429928\"><\/ins>\n<script async>\n     (adsbygoogle = window.adsbygoogle || []).push({});\n<\/script><\/div><\/div><\/div><\/div>\n\n<\/div>\n<\/li>\n<li class=\"zf-list_item\">\n<div class=\"zf-list_header\">\n<h3 id=\"5\" class=\"zf-list_title\"><span class=\"zf-number\">5<\/span>&nbsp;K\u00e1rtyalapok<\/h3>\n<\/div>\n<figure class=\"zf-list_media zf-media-wrapper zf-image zf-type-image\">\n<div class=\"zf-media\" title=\"K\u00e1rtyalapok\">\n<div class=\"zf-media\" title=\"K\u00e1rtyalapok\">\n<div class=\"bb-media-placeholder\"><img loading=\"lazy\" class=\"\" src=\"https:\/\/liked.hu\/old\/wp-content\/uploads\/2019\/04\/2852665-image-crop-536x365-1553849605-728-429080a9bb-1553960117.jpg\" sizes=\"(max-width: 728px) 100vw, 728px\" srcset=\"https:\/\/liked.hu\/old\/wp-content\/uploads\/2019\/04\/2852665-image-crop-536x365-1553849605-728-429080a9bb-1553960117.jpg 728w, https:\/\/liked.hu\/old\/wp-content\/uploads\/2019\/04\/2852665-image-crop-536x365-1553849605-728-429080a9bb-1553960117-300x204.jpg 300w, https:\/\/liked.hu\/old\/wp-content\/uploads\/2019\/04\/2852665-image-crop-536x365-1553849605-728-429080a9bb-1553960117-500x340.jpg 500w, https:\/\/liked.hu\/old\/wp-content\/uploads\/2019\/04\/2852665-image-crop-536x365-1553849605-728-429080a9bb-1553960117-360x245.jpg 360w, https:\/\/liked.hu\/old\/wp-content\/uploads\/2019\/04\/2852665-image-crop-536x365-1553849605-728-429080a9bb-1553960117-545x371.jpg 545w\" alt=\"\" width=\"728\" height=\"495\"><\/div>\n<\/div>\n<\/div><figcaption class=\"zf-figcaption\"><cite><a class=\"zf-media_credit\" href=\"https:\/\/liked.hu\/old\/kimeno.php?https:\/\/liked.hu\/old\/kimeno.php?https:\/\/www.instagram.com\/p\/BZ0BoCEAZIB\/\" target=\"_blank\" rel=\"nofollow noopener\">instagram<\/a><\/cite><\/figcaption><\/figure>\n<div class=\"zf-countdown_description\">\n<p>A szervezett b\u0171n\u00f6z\u00e9s vil\u00e1g\u00e1ban minden k\u00e1rtyalap&nbsp;<a href=\"https:\/\/liked.hu\/old\/kimeno.php?https:\/\/www.businessinsider.com\/what-prison-tattoos-mean-2016-1#playing-cards-12\" target=\"_blank\" rel=\"noopener noreferrer\">saj\u00e1t jelent\u00e9ssel b\u00edr<\/a>. Az ilyen k\u00e1rtyalapok mes\u00e9lhetnek a visel\u0151je b\u0171ncselekm\u00e9nyeir\u0151l, a b\u00f6rt\u00f6nben szerzett tapasztalatair\u00f3l vagy \u00e9pp annak tekint\u00e9ly\u00e9r\u0151l.<\/p>\n<\/div>\n<\/li>\n<li class=\"zf-list_item\">\n<div class=\"zf-list_header\">\n<h3 id=\"4\" class=\"zf-list_title\"><span class=\"zf-number\">4<\/span>&nbsp;T\u0151rrel \u00e1tsz\u0171rt r\u00f3zsa<\/h3>\n<\/div>\n<figure class=\"zf-list_media zf-media-wrapper zf-image zf-type-image\">\n<div class=\"zf-media\" title=\"T\u0151rrel \u00e1tsz\u0171rt r\u00f3zsa\">\n<div class=\"zf-media\" title=\"T\u0151rrel \u00e1tsz\u0171rt r\u00f3zsa\">\n<div class=\"bb-media-placeholder\"><img loading=\"lazy\" class=\"\" src=\"https:\/\/liked.hu\/old\/wp-content\/uploads\/2019\/04\/2852615-image-crop-1080x954-1553701546-728-897d55ead5-1553960117.jpg\" sizes=\"(max-width: 728px) 100vw, 728px\" srcset=\"https:\/\/liked.hu\/old\/wp-content\/uploads\/2019\/04\/2852615-image-crop-1080x954-1553701546-728-897d55ead5-1553960117.jpg 728w, https:\/\/liked.hu\/old\/wp-content\/uploads\/2019\/04\/2852615-image-crop-1080x954-1553701546-728-897d55ead5-1553960117-300x265.jpg 300w, https:\/\/liked.hu\/old\/wp-content\/uploads\/2019\/04\/2852615-image-crop-1080x954-1553701546-728-897d55ead5-1553960117-500x442.jpg 500w, https:\/\/liked.hu\/old\/wp-content\/uploads\/2019\/04\/2852615-image-crop-1080x954-1553701546-728-897d55ead5-1553960117-360x318.jpg 360w, https:\/\/liked.hu\/old\/wp-content\/uploads\/2019\/04\/2852615-image-crop-1080x954-1553701546-728-897d55ead5-1553960117-545x481.jpg 545w\" alt=\"\" width=\"728\" height=\"643\"><\/div>\n<\/div>\n<\/div><figcaption class=\"zf-figcaption\"><cite><a class=\"zf-media_credit\" href=\"https:\/\/liked.hu\/old\/kimeno.php?https:\/\/liked.hu\/old\/kimeno.php?https:\/\/www.instagram.com\/p\/BkapNNZF6OJ\/\" target=\"_blank\" rel=\"nofollow noopener\">instagram<\/a><\/cite><\/figcaption><\/figure>\n<div class=\"zf-countdown_description\">\n<p>Az els\u0151re k\u00f6nnyen romantikusnak \u00edt\u00e9lt&nbsp;<a href=\"https:\/\/liked.hu\/old\/kimeno.php?https:\/\/www.correctionsone.com\/prison-gangs\/articles\/8688136-12-Russian-prison-tattoos-and-their-meanings\/\" target=\"_blank\" rel=\"noopener noreferrer\">tetov\u00e1l\u00e1st<\/a>&nbsp;legt\u00f6bbsz\u00f6r akkor szokt\u00e1k magukra tetov\u00e1lni az emberek, ha a b\u00f6rt\u00f6nb\u00fcntet\u00e9s\u00fck let\u00f6lt\u00e9s\u00e9re k\u00e9sz\u00fclnek. A t\u0151r n\u00e9lk\u00fcli r\u00f3zsa sokszor arra utal, hogy a visel\u0151je m\u00e1r 18 \u00e9ves kora el\u0151tt megj\u00e1rta a b\u00f6rt\u00f6nt.<\/p>\n<\/div>\n<\/li>\n<li class=\"zf-list_item\">\n<div class=\"zf-list_header\">\n<h3 id=\"3\" class=\"zf-list_title\"><span class=\"zf-number\">3<\/span>&nbsp;Boh\u00f3c<\/h3>\n<\/div>\n<figure class=\"zf-list_media zf-media-wrapper zf-image zf-type-image\">\n<div class=\"zf-media\" title=\"Boh\u00f3c\">\n<div class=\"zf-media\" title=\"Boh\u00f3c\">\n<div class=\"bb-media-placeholder\"><img loading=\"lazy\" class=\"\" src=\"https:\/\/liked.hu\/old\/wp-content\/uploads\/2019\/04\/2852565-image-crop-846x627-1553846914-728-fe40b8f030-1553960117.jpg\" sizes=\"(max-width: 728px) 100vw, 728px\" srcset=\"https:\/\/liked.hu\/old\/wp-content\/uploads\/2019\/04\/2852565-image-crop-846x627-1553846914-728-fe40b8f030-1553960117.jpg 728w, https:\/\/liked.hu\/old\/wp-content\/uploads\/2019\/04\/2852565-image-crop-846x627-1553846914-728-fe40b8f030-1553960117-300x222.jpg 300w, https:\/\/liked.hu\/old\/wp-content\/uploads\/2019\/04\/2852565-image-crop-846x627-1553846914-728-fe40b8f030-1553960117-500x370.jpg 500w, https:\/\/liked.hu\/old\/wp-content\/uploads\/2019\/04\/2852565-image-crop-846x627-1553846914-728-fe40b8f030-1553960117-360x267.jpg 360w, https:\/\/liked.hu\/old\/wp-content\/uploads\/2019\/04\/2852565-image-crop-846x627-1553846914-728-fe40b8f030-1553960117-545x404.jpg 545w\" alt=\"\" width=\"728\" height=\"539\"><\/div>\n<\/div>\n<\/div><figcaption class=\"zf-figcaption\"><cite><a class=\"zf-media_credit\" href=\"https:\/\/liked.hu\/old\/kimeno.php?https:\/\/liked.hu\/old\/kimeno.php?https:\/\/www.instagram.com\/p\/BuF5psznEJF\/\" target=\"_blank\" rel=\"nofollow noopener\">instagram<\/a><\/cite><\/figcaption><\/figure>\n<div class=\"zf-countdown_description\">\n<p>Braz\u00edli\u00e1ban egy ilyen tetov\u00e1l\u00e1s\u00e9rt k\u00f6nnyen az \u00e9leteddel is fizethetsz, az ottani b\u0171nszervezetek tagjai ugyanis kegyetlen s\u00e9rt\u00e9snek veszik az ilyesmit. Nem v\u00e9letlen\u00fcl, Braz\u00edli\u00e1ban ugyanis csak olyan szem\u00e9lyek varrathatnak magukra ilyen tetov\u00e1l\u00e1st, akik m\u00e1r kiontott\u00e1k egy&nbsp;<a href=\"https:\/\/liked.hu\/old\/kimeno.php?https:\/\/canalcienciascriminais.com.br\/tatuagem-parte-4\/\" target=\"_blank\" rel=\"noopener noreferrer\">rend\u0151r \u00e9let\u00e9t<\/a>.<\/p>\n\n<div style=\"float:none;margin:0px 0 0px 0;text-align:center;\">\n<div class=\"mobileHideke8\"><div class=\"hirdeteshatter\"><div style=\"display: inline-block;width: 50%;min-width:340px;vertical-align: top;\"><div class=\"hirdetes\">HIRDET\u00c9S<\/div>\n<!-- LikedQ81 -->\n<ins class=\"adsbygoogle\"\n     style=\"display:inline-block;width:336px;height:280px\"\n     data-ad-client=\"ca-pub-9424088931673893\"\n     data-ad-slot=\"2436840276\"><\/ins>\n<script async>\n     (adsbygoogle = window.adsbygoogle || []).push({});\n<\/script><\/div><div style=\"display: inline-block;width: 50%;min-width:340px;vertical-align: top;\"><div class=\"hirdetes\">HIRDET\u00c9S<\/div>\n<!-- LikedQ82 -->\n<ins class=\"adsbygoogle\"\n     style=\"display:inline-block;width:336px;height:280px\"\n     data-ad-client=\"ca-pub-9424088931673893\"\n     data-ad-slot=\"3558350253\"><\/ins>\n<script async>\n     (adsbygoogle = window.adsbygoogle || []).push({});\n<\/script><\/div><\/div><\/div>\n<div style=\"display:flex;flex-direction:column;\"><div class=\"mobileShowka8 nyolc\"><div style=\"padding-top:15px;padding-bottom:5px;min-height: 300px;\"><div class=\"hirdetes\">HIRDET\u00c9S<\/div>\n<!-- LikedQ8M -->\n<ins class=\"adsbygoogle\"\n     style=\"display:inline-block;width:336px;height:280px\"\n     data-ad-client=\"ca-pub-9424088931673893\"\n     data-ad-slot=\"4679860235\"><\/ins>\n<script async>\n     (adsbygoogle = window.adsbygoogle || []).push({});\n<\/script><\/div><\/div><\/div><\/div>\n\n<\/div>\n<\/li>\n<li class=\"zf-list_item\">\n<div class=\"zf-list_header\">\n<h3 id=\"2\" class=\"zf-list_title\"><span class=\"zf-number\">2<\/span>&nbsp;Hable\u00e1ny<\/h3>\n<\/div>\n<figure class=\"zf-list_media zf-media-wrapper zf-image zf-type-image\">\n<div class=\"zf-media\" title=\"Hable\u00e1ny\">\n<div class=\"zf-media\" title=\"Hable\u00e1ny\">\n<div class=\"bb-media-placeholder\"><img loading=\"lazy\" class=\"\" src=\"https:\/\/liked.hu\/old\/wp-content\/uploads\/2019\/04\/2852515-image-crop-1080x780-1553700939-728-1d4f605142-1553960117.jpg\" sizes=\"(max-width: 728px) 100vw, 728px\" srcset=\"https:\/\/liked.hu\/old\/wp-content\/uploads\/2019\/04\/2852515-image-crop-1080x780-1553700939-728-1d4f605142-1553960117.jpg 728w, https:\/\/liked.hu\/old\/wp-content\/uploads\/2019\/04\/2852515-image-crop-1080x780-1553700939-728-1d4f605142-1553960117-300x216.jpg 300w, https:\/\/liked.hu\/old\/wp-content\/uploads\/2019\/04\/2852515-image-crop-1080x780-1553700939-728-1d4f605142-1553960117-500x361.jpg 500w, https:\/\/liked.hu\/old\/wp-content\/uploads\/2019\/04\/2852515-image-crop-1080x780-1553700939-728-1d4f605142-1553960117-360x260.jpg 360w, https:\/\/liked.hu\/old\/wp-content\/uploads\/2019\/04\/2852515-image-crop-1080x780-1553700939-728-1d4f605142-1553960117-545x393.jpg 545w\" alt=\"\" width=\"728\" height=\"525\"><\/div>\n<\/div>\n<\/div><figcaption class=\"zf-figcaption\"><cite><a class=\"zf-media_credit\" href=\"https:\/\/liked.hu\/old\/kimeno.php?https:\/\/liked.hu\/old\/kimeno.php?https:\/\/www.instagram.com\/p\/BvTE--JAjR6\/\" target=\"_blank\" rel=\"nofollow noopener\">instagram<\/a><\/cite><\/figcaption><\/figure>\n<div class=\"zf-countdown_description\">\n<p>A mes\u00e9be ill\u0151 sell\u0151t \u00e1br\u00e1zol\u00f3 tetov\u00e1l\u00e1s sz\u00f6rny\u0171 jelent\u00e9ssel b\u00edr b\u00f6rt\u00f6nviszonylatban. A foglyokat sokszor az\u00e9rt k\u00f6telezik ilyen tetov\u00e1l\u00e1s elk\u00e9sz\u00edt\u00e9s\u00e9re, hogy ezzel tegy\u00e9k egy\u00e9rtelm\u0171v\u00e9, hogy az illet\u0151&nbsp;<a href=\"https:\/\/liked.hu\/old\/kimeno.php?https:\/\/en.wikipedia.org\/wiki\/Criminal_tattoo\" target=\"_blank\" rel=\"noopener noreferrer\">b\u0171ncselekm\u00e9nyt<\/a>&nbsp;k\u00f6vetett el egy gyermek ellen.<\/p>\n<\/div>\n<\/li>\n<li class=\"zf-list_item\">\n<div class=\"zf-list_header\">\n<h3 id=\"1\" class=\"zf-list_title\"><span class=\"zf-number\">1<\/span>&nbsp;Katonai \u00e9s politikai t\u00e9m\u00e1j\u00fa tetov\u00e1l\u00e1sok<\/h3>\n<\/div>\n<figure class=\"zf-list_media zf-media-wrapper zf-image zf-type-image\">\n<div class=\"zf-media\" title=\"Katonai \u00e9s politikai t\u00e9m\u00e1j\u00fa tetov\u00e1l\u00e1sok\">\n<div class=\"zf-media\" title=\"Katonai \u00e9s politikai t\u00e9m\u00e1j\u00fa tetov\u00e1l\u00e1sok\">\n<div class=\"bb-media-placeholder\"><img loading=\"lazy\" class=\"\" src=\"https:\/\/liked.hu\/old\/wp-content\/uploads\/2019\/04\/2853265-image-crop-1165x1266-1553503654-728-4e85bedb45-1553960117.jpg\" sizes=\"(max-width: 728px) 100vw, 728px\" srcset=\"https:\/\/liked.hu\/old\/wp-content\/uploads\/2019\/04\/2853265-image-crop-1165x1266-1553503654-728-4e85bedb45-1553960117.jpg 728w, https:\/\/liked.hu\/old\/wp-content\/uploads\/2019\/04\/2853265-image-crop-1165x1266-1553503654-728-4e85bedb45-1553960117-276x300.jpg 276w, https:\/\/liked.hu\/old\/wp-content\/uploads\/2019\/04\/2853265-image-crop-1165x1266-1553503654-728-4e85bedb45-1553960117-460x500.jpg 460w, https:\/\/liked.hu\/old\/wp-content\/uploads\/2019\/04\/2853265-image-crop-1165x1266-1553503654-728-4e85bedb45-1553960117-360x391.jpg 360w, https:\/\/liked.hu\/old\/wp-content\/uploads\/2019\/04\/2853265-image-crop-1165x1266-1553503654-728-4e85bedb45-1553960117-545x592.jpg 545w\" alt=\"\" width=\"728\" height=\"791\"><\/div>\n<\/div>\n<\/div><figcaption class=\"zf-figcaption\"><cite><a class=\"zf-media_credit\" href=\"https:\/\/liked.hu\/old\/kimeno.php?https:\/\/liked.hu\/old\/kimeno.php?https:\/\/www.pexels.com\/photo\/shallow-focus-photography-of-topless-man-holding-water-hose-1301928\/\" target=\"_blank\" rel=\"nofollow noopener\">pexels<\/a><\/cite><\/figcaption><\/figure>\n<div class=\"zf-countdown_description\">\n<p>A politikai \u00e9s vall\u00e1si t\u00e9m\u00e1j\u00fa tetov\u00e1l\u00e1sok visel\u0151inek folyamatosan k\u00e9szen kell \u00e1llniuk r\u00e1, hogy b\u00e1rmikor konfliktusba ker\u00fclhetnek a magukra varratott mot\u00edvumok miatt Sz\u00e1mos orsz\u00e1gban az ilyen tetov\u00e1l\u00e1sok\u00e9rt egyenesen b\u00f6rt\u00f6nb\u00fcntet\u00e9s j\u00e1r, ez\u00e9rt ha ilyen t\u00e9m\u00e1j\u00fa tetov\u00e1l\u00e1st visel\u00fcnk, j\u00f3l gondoljuk meg, hogy merre utazunk \u00e9s kinek mutogatjuk azokat.<\/p>\n<\/div>\n<\/li>\n<\/ol>\n<\/div>\n<\/div>\n<\/div>\n<\/div>\n<\/div>\n<\/div>\n","protected":false},"excerpt":{"rendered":"<p>Egy tetov\u00e1l\u00e1s sokkal t\u00f6bb ann\u00e1l, mint az \u00f6nkifejez\u00e9s egy testen viselt form\u00e1ja. Egyes embercsoportok sz\u00e1m\u00e1ra ugyanis az egy\u00e9bk\u00e9nt \u00e1rtatlannak t\u0171n\u0151 mot\u00edvumok k\u00fcl\u00f6nleges jelent\u00e9ssel b\u00edrnak, ha pedig nem vigy\u00e1zunk \u00e9s meggondolatlanul magunkra tetov\u00e1lunk egy ilyet, abb\u00f3l komoly probl\u00e9m\u00e1ink sz\u00e1rmazhatnak a k\u00e9s\u0151bbiekben. A Liked.hu-n\u00e1l most \u00f6sszegy\u0171jt\u00f6tt\u00fck a legtipikusabb \u00e9s legvesz\u00e9lyesebb tetov\u00e1l\u00e1sokat, amik\u00e9rt nem csak kellemetlen konfliktusokkal, de [&hellip;]<\/p>\n","protected":false},"author":13,"featured_media":138048,"comment_status":"open","ping_status":"closed","sticky":false,"template":"","format":"standard","meta":{"buzzeditor_post_format":""},"categories":[23],"tags":[7996,7998,2599,7995,7997],"yoast_head":"<!-- This site is optimized with the Yoast SEO plugin v19.6.1 - https:\/\/yoast.com\/wordpress\/plugins\/seo\/ -->\n<title>A 17 legvesz\u00e9lyesebb tetov\u00e1l\u00e1s, aminek a jelent\u00e9s\u00e9t sokan nem is gondoln\u00e1k<\/title>\n<meta name=\"description\" content=\"Egy tetov\u00e1l\u00e1s sokkal t\u00f6bb ann\u00e1l, mint az \u00f6nkifejez\u00e9s egy testen viselt form\u00e1ja. Egyes embercsoportok sz\u00e1m\u00e1ra ugyanis az egy\u00e9bk\u00e9nt \u00e1rtatlannak t\u0171n\u0151\" \/>\n<meta name=\"robots\" content=\"index, follow, max-snippet:-1, max-image-preview:large, max-video-preview:-1\" \/>\n<link rel=\"canonical\" href=\"https:\/\/liked.hu\/old\/erdekes\/a-17-legveszelyesebb-tetovalas-aminek-a-jelenteset-sokan-nem-is-gondolnak\/\" \/>\n<link rel=\"next\" href=\"https:\/\/liked.hu\/old\/erdekes\/a-17-legveszelyesebb-tetovalas-aminek-a-jelenteset-sokan-nem-is-gondolnak\/2\/\" \/>\n<meta property=\"og:locale\" content=\"hu_HU\" \/>\n<meta property=\"og:type\" content=\"article\" \/>\n<meta property=\"og:title\" content=\"A 17 legvesz\u00e9lyesebb tetov\u00e1l\u00e1s, aminek a jelent\u00e9s\u00e9t sokan nem is gondoln\u00e1k\" \/>\n<meta property=\"og:description\" content=\"Egy tetov\u00e1l\u00e1s sokkal t\u00f6bb ann\u00e1l, mint az \u00f6nkifejez\u00e9s egy testen viselt form\u00e1ja. Egyes embercsoportok sz\u00e1m\u00e1ra ugyanis az egy\u00e9bk\u00e9nt \u00e1rtatlannak t\u0171n\u0151\" \/>\n<meta property=\"og:url\" content=\"https:\/\/liked.hu\/old\/erdekes\/a-17-legveszelyesebb-tetovalas-aminek-a-jelenteset-sokan-nem-is-gondolnak\/\" \/>\n<meta property=\"og:site_name\" content=\"Liked.hu\" \/>\n<meta property=\"article:publisher\" content=\"https:\/\/www.facebook.com\/liked.hu\" \/>\n<meta property=\"article:published_time\" content=\"2022-04-05T10:57:00+00:00\" \/>\n<meta property=\"article:modified_time\" content=\"2023-09-26T12:47:46+00:00\" \/>\n<meta property=\"og:image\" content=\"https:\/\/liked.hu\/old\/wp-content\/uploads\/2019\/04\/Tetovalasok-rejtett-jelentesei.jpg\" \/>\n\t<meta property=\"og:image:width\" content=\"1200\" \/>\n\t<meta property=\"og:image:height\" content=\"630\" \/>\n\t<meta property=\"og:image:type\" content=\"image\/jpeg\" \/>\n<meta name=\"author\" content=\"Klingstrom\" \/>\n<meta name=\"twitter:card\" content=\"summary\" \/>\n<meta name=\"twitter:creator\" content=\"@LikedHu\" \/>\n<meta name=\"twitter:site\" content=\"@LikedHu\" \/>\n<meta name=\"twitter:label1\" content=\"Szerz\u0151:\" \/>\n\t<meta name=\"twitter:data1\" content=\"Klingstrom\" \/>\n\t<meta name=\"twitter:label2\" content=\"Becs\u00fclt olvas\u00e1si id\u0151\" \/>\n\t<meta name=\"twitter:data2\" content=\"1 perc\" \/>\n<script type=\"application\/ld+json\" class=\"yoast-schema-graph\">{\"@context\":\"https:\/\/schema.org\",\"@graph\":[{\"@type\":\"Article\",\"@id\":\"https:\/\/liked.hu\/old\/erdekes\/a-17-legveszelyesebb-tetovalas-aminek-a-jelenteset-sokan-nem-is-gondolnak\/#article\",\"isPartOf\":{\"@id\":\"https:\/\/liked.hu\/old\/erdekes\/a-17-legveszelyesebb-tetovalas-aminek-a-jelenteset-sokan-nem-is-gondolnak\/\"},\"author\":{\"name\":\"Klingstrom\",\"@id\":\"https:\/\/liked.hu\/old\/#\/schema\/person\/1c8d3f8764991e8dcd6572a7de72da8a\"},\"headline\":\"A 17 legvesz\u00e9lyesebb tetov\u00e1l\u00e1s, aminek a jelent\u00e9s\u00e9t sokan nem is gondoln\u00e1k\",\"datePublished\":\"2022-04-05T10:57:00+00:00\",\"dateModified\":\"2023-09-26T12:47:46+00:00\",\"mainEntityOfPage\":{\"@id\":\"https:\/\/liked.hu\/old\/erdekes\/a-17-legveszelyesebb-tetovalas-aminek-a-jelenteset-sokan-nem-is-gondolnak\/\"},\"wordCount\":1442,\"commentCount\":30,\"publisher\":{\"@id\":\"https:\/\/liked.hu\/old\/#organization\"},\"keywords\":[\"b\u00f6rt\u00f6ntetov\u00e1l\u00e1sok\",\"b\u0171n\u00f6z\u0151i tetov\u00e1l\u00e1sok\",\"tetov\u00e1l\u00e1s\",\"tetov\u00e1l\u00e1sok\",\"tetov\u00e1l\u00e1sok jelent\u00e9se\"],\"articleSection\":[\"\u00c9rdekess\u00e9gek\"],\"inLanguage\":\"hu\",\"potentialAction\":[{\"@type\":\"CommentAction\",\"name\":\"Comment\",\"target\":[\"https:\/\/liked.hu\/old\/erdekes\/a-17-legveszelyesebb-tetovalas-aminek-a-jelenteset-sokan-nem-is-gondolnak\/#respond\"]}]},{\"@type\":\"WebPage\",\"@id\":\"https:\/\/liked.hu\/old\/erdekes\/a-17-legveszelyesebb-tetovalas-aminek-a-jelenteset-sokan-nem-is-gondolnak\/\",\"url\":\"https:\/\/liked.hu\/old\/erdekes\/a-17-legveszelyesebb-tetovalas-aminek-a-jelenteset-sokan-nem-is-gondolnak\/\",\"name\":\"A 17 legvesz\u00e9lyesebb tetov\u00e1l\u00e1s, aminek a jelent\u00e9s\u00e9t sokan nem is gondoln\u00e1k\",\"isPartOf\":{\"@id\":\"https:\/\/liked.hu\/old\/#website\"},\"datePublished\":\"2022-04-05T10:57:00+00:00\",\"dateModified\":\"2023-09-26T12:47:46+00:00\",\"description\":\"Egy tetov\u00e1l\u00e1s sokkal t\u00f6bb ann\u00e1l, mint az \u00f6nkifejez\u00e9s egy testen viselt form\u00e1ja. Egyes embercsoportok sz\u00e1m\u00e1ra ugyanis az egy\u00e9bk\u00e9nt \u00e1rtatlannak t\u0171n\u0151\",\"breadcrumb\":{\"@id\":\"https:\/\/liked.hu\/old\/erdekes\/a-17-legveszelyesebb-tetovalas-aminek-a-jelenteset-sokan-nem-is-gondolnak\/#breadcrumb\"},\"inLanguage\":\"hu\",\"potentialAction\":[{\"@type\":\"ReadAction\",\"target\":[\"https:\/\/liked.hu\/old\/erdekes\/a-17-legveszelyesebb-tetovalas-aminek-a-jelenteset-sokan-nem-is-gondolnak\/\"]}]},{\"@type\":\"BreadcrumbList\",\"@id\":\"https:\/\/liked.hu\/old\/erdekes\/a-17-legveszelyesebb-tetovalas-aminek-a-jelenteset-sokan-nem-is-gondolnak\/#breadcrumb\",\"itemListElement\":[{\"@type\":\"ListItem\",\"position\":1,\"name\":\"Kezd\u0151lap\"}]},{\"@type\":\"WebSite\",\"@id\":\"https:\/\/liked.hu\/old\/#website\",\"url\":\"https:\/\/liked.hu\/old\/\",\"name\":\"Liked.hu\",\"description\":\"\",\"publisher\":{\"@id\":\"https:\/\/liked.hu\/old\/#organization\"},\"potentialAction\":[{\"@type\":\"SearchAction\",\"target\":{\"@type\":\"EntryPoint\",\"urlTemplate\":\"https:\/\/liked.hu\/old\/?s={search_term_string}\"},\"query-input\":\"required name=search_term_string\"}],\"inLanguage\":\"hu\"},{\"@type\":\"Organization\",\"@id\":\"https:\/\/liked.hu\/old\/#organization\",\"name\":\"Liked.hu\",\"url\":\"https:\/\/liked.hu\/old\/\",\"sameAs\":[\"https:\/\/hu.pinterest.com\/likedhungary\/\",\"https:\/\/www.youtube.com\/channel\/UCPv91dbMoIukYcM9b9nHN6Q\",\"https:\/\/www.facebook.com\/liked.hu\",\"https:\/\/twitter.com\/LikedHu\"],\"logo\":{\"@type\":\"ImageObject\",\"inLanguage\":\"hu\",\"@id\":\"https:\/\/liked.hu\/old\/#\/schema\/logo\/image\/\",\"url\":\"https:\/\/liked.hu\/wp-content\/uploads\/2018\/08\/Liked-icon.png\",\"contentUrl\":\"https:\/\/liked.hu\/wp-content\/uploads\/2018\/08\/Liked-icon.png\",\"width\":512,\"height\":512,\"caption\":\"Liked.hu\"},\"image\":{\"@id\":\"https:\/\/liked.hu\/old\/#\/schema\/logo\/image\/\"}},{\"@type\":\"Person\",\"@id\":\"https:\/\/liked.hu\/old\/#\/schema\/person\/1c8d3f8764991e8dcd6572a7de72da8a\",\"name\":\"Klingstrom\",\"image\":{\"@type\":\"ImageObject\",\"inLanguage\":\"hu\",\"@id\":\"https:\/\/liked.hu\/old\/#\/schema\/person\/image\/\",\"url\":\"https:\/\/liked.hu\/old\/wp-content\/uploads\/avatars\/13\/604de88bd578a-bpfull.jpg\",\"contentUrl\":\"https:\/\/liked.hu\/old\/wp-content\/uploads\/avatars\/13\/604de88bd578a-bpfull.jpg\",\"caption\":\"Klingstrom\"},\"url\":\"https:\/\/liked.hu\/old\/u\/klingstrom\/\"}]}<\/script>\n<!-- \/ Yoast SEO plugin. -->","yoast_head_json":{"title":"A 17 legvesz\u00e9lyesebb tetov\u00e1l\u00e1s, aminek a jelent\u00e9s\u00e9t sokan nem is gondoln\u00e1k","description":"Egy tetov\u00e1l\u00e1s sokkal t\u00f6bb ann\u00e1l, mint az \u00f6nkifejez\u00e9s egy testen viselt form\u00e1ja. Egyes embercsoportok sz\u00e1m\u00e1ra ugyanis az egy\u00e9bk\u00e9nt \u00e1rtatlannak t\u0171n\u0151","robots":{"index":"index","follow":"follow","max-snippet":"max-snippet:-1","max-image-preview":"max-image-preview:large","max-video-preview":"max-video-preview:-1"},"canonical":"https:\/\/liked.hu\/old\/erdekes\/a-17-legveszelyesebb-tetovalas-aminek-a-jelenteset-sokan-nem-is-gondolnak\/","next":"https:\/\/liked.hu\/old\/erdekes\/a-17-legveszelyesebb-tetovalas-aminek-a-jelenteset-sokan-nem-is-gondolnak\/2\/","og_locale":"hu_HU","og_type":"article","og_title":"A 17 legvesz\u00e9lyesebb tetov\u00e1l\u00e1s, aminek a jelent\u00e9s\u00e9t sokan nem is gondoln\u00e1k","og_description":"Egy tetov\u00e1l\u00e1s sokkal t\u00f6bb ann\u00e1l, mint az \u00f6nkifejez\u00e9s egy testen viselt form\u00e1ja. Egyes embercsoportok sz\u00e1m\u00e1ra ugyanis az egy\u00e9bk\u00e9nt \u00e1rtatlannak t\u0171n\u0151","og_url":"https:\/\/liked.hu\/old\/erdekes\/a-17-legveszelyesebb-tetovalas-aminek-a-jelenteset-sokan-nem-is-gondolnak\/","og_site_name":"Liked.hu","article_publisher":"https:\/\/www.facebook.com\/liked.hu","article_published_time":"2022-04-05T10:57:00+00:00","article_modified_time":"2023-09-26T12:47:46+00:00","og_image":[{"width":1200,"height":630,"url":"https:\/\/liked.hu\/old\/wp-content\/uploads\/2019\/04\/Tetovalasok-rejtett-jelentesei.jpg","type":"image\/jpeg"}],"author":"Klingstrom","twitter_card":"summary","twitter_creator":"@LikedHu","twitter_site":"@LikedHu","twitter_misc":{"Szerz\u0151:":"Klingstrom","Becs\u00fclt olvas\u00e1si id\u0151":"1 perc"},"schema":{"@context":"https:\/\/schema.org","@graph":[{"@type":"Article","@id":"https:\/\/liked.hu\/old\/erdekes\/a-17-legveszelyesebb-tetovalas-aminek-a-jelenteset-sokan-nem-is-gondolnak\/#article","isPartOf":{"@id":"https:\/\/liked.hu\/old\/erdekes\/a-17-legveszelyesebb-tetovalas-aminek-a-jelenteset-sokan-nem-is-gondolnak\/"},"author":{"name":"Klingstrom","@id":"https:\/\/liked.hu\/old\/#\/schema\/person\/1c8d3f8764991e8dcd6572a7de72da8a"},"headline":"A 17 legvesz\u00e9lyesebb tetov\u00e1l\u00e1s, aminek a jelent\u00e9s\u00e9t sokan nem is gondoln\u00e1k","datePublished":"2022-04-05T10:57:00+00:00","dateModified":"2023-09-26T12:47:46+00:00","mainEntityOfPage":{"@id":"https:\/\/liked.hu\/old\/erdekes\/a-17-legveszelyesebb-tetovalas-aminek-a-jelenteset-sokan-nem-is-gondolnak\/"},"wordCount":1442,"commentCount":30,"publisher":{"@id":"https:\/\/liked.hu\/old\/#organization"},"keywords":["b\u00f6rt\u00f6ntetov\u00e1l\u00e1sok","b\u0171n\u00f6z\u0151i tetov\u00e1l\u00e1sok","tetov\u00e1l\u00e1s","tetov\u00e1l\u00e1sok","tetov\u00e1l\u00e1sok jelent\u00e9se"],"articleSection":["\u00c9rdekess\u00e9gek"],"inLanguage":"hu","potentialAction":[{"@type":"CommentAction","name":"Comment","target":["https:\/\/liked.hu\/old\/erdekes\/a-17-legveszelyesebb-tetovalas-aminek-a-jelenteset-sokan-nem-is-gondolnak\/#respond"]}]},{"@type":"WebPage","@id":"https:\/\/liked.hu\/old\/erdekes\/a-17-legveszelyesebb-tetovalas-aminek-a-jelenteset-sokan-nem-is-gondolnak\/","url":"https:\/\/liked.hu\/old\/erdekes\/a-17-legveszelyesebb-tetovalas-aminek-a-jelenteset-sokan-nem-is-gondolnak\/","name":"A 17 legvesz\u00e9lyesebb tetov\u00e1l\u00e1s, aminek a jelent\u00e9s\u00e9t sokan nem is gondoln\u00e1k","isPartOf":{"@id":"https:\/\/liked.hu\/old\/#website"},"datePublished":"2022-04-05T10:57:00+00:00","dateModified":"2023-09-26T12:47:46+00:00","description":"Egy tetov\u00e1l\u00e1s sokkal t\u00f6bb ann\u00e1l, mint az \u00f6nkifejez\u00e9s egy testen viselt form\u00e1ja. Egyes embercsoportok sz\u00e1m\u00e1ra ugyanis az egy\u00e9bk\u00e9nt \u00e1rtatlannak t\u0171n\u0151","breadcrumb":{"@id":"https:\/\/liked.hu\/old\/erdekes\/a-17-legveszelyesebb-tetovalas-aminek-a-jelenteset-sokan-nem-is-gondolnak\/#breadcrumb"},"inLanguage":"hu","potentialAction":[{"@type":"ReadAction","target":["https:\/\/liked.hu\/old\/erdekes\/a-17-legveszelyesebb-tetovalas-aminek-a-jelenteset-sokan-nem-is-gondolnak\/"]}]},{"@type":"BreadcrumbList","@id":"https:\/\/liked.hu\/old\/erdekes\/a-17-legveszelyesebb-tetovalas-aminek-a-jelenteset-sokan-nem-is-gondolnak\/#breadcrumb","itemListElement":[{"@type":"ListItem","position":1,"name":"Kezd\u0151lap"}]},{"@type":"WebSite","@id":"https:\/\/liked.hu\/old\/#website","url":"https:\/\/liked.hu\/old\/","name":"Liked.hu","description":"","publisher":{"@id":"https:\/\/liked.hu\/old\/#organization"},"potentialAction":[{"@type":"SearchAction","target":{"@type":"EntryPoint","urlTemplate":"https:\/\/liked.hu\/old\/?s={search_term_string}"},"query-input":"required name=search_term_string"}],"inLanguage":"hu"},{"@type":"Organization","@id":"https:\/\/liked.hu\/old\/#organization","name":"Liked.hu","url":"https:\/\/liked.hu\/old\/","sameAs":["https:\/\/hu.pinterest.com\/likedhungary\/","https:\/\/www.youtube.com\/channel\/UCPv91dbMoIukYcM9b9nHN6Q","https:\/\/www.facebook.com\/liked.hu","https:\/\/twitter.com\/LikedHu"],"logo":{"@type":"ImageObject","inLanguage":"hu","@id":"https:\/\/liked.hu\/old\/#\/schema\/logo\/image\/","url":"https:\/\/liked.hu\/wp-content\/uploads\/2018\/08\/Liked-icon.png","contentUrl":"https:\/\/liked.hu\/wp-content\/uploads\/2018\/08\/Liked-icon.png","width":512,"height":512,"caption":"Liked.hu"},"image":{"@id":"https:\/\/liked.hu\/old\/#\/schema\/logo\/image\/"}},{"@type":"Person","@id":"https:\/\/liked.hu\/old\/#\/schema\/person\/1c8d3f8764991e8dcd6572a7de72da8a","name":"Klingstrom","image":{"@type":"ImageObject","inLanguage":"hu","@id":"https:\/\/liked.hu\/old\/#\/schema\/person\/image\/","url":"https:\/\/liked.hu\/old\/wp-content\/uploads\/avatars\/13\/604de88bd578a-bpfull.jpg","contentUrl":"https:\/\/liked.hu\/old\/wp-content\/uploads\/avatars\/13\/604de88bd578a-bpfull.jpg","caption":"Klingstrom"},"url":"https:\/\/liked.hu\/old\/u\/klingstrom\/"}]}},"publishpress_future_action":{"enabled":false,"date":"1970-01-01 01:00:00","action":"","terms":[],"taxonomy":"","browser_timezone_offset":0},"_links":{"self":[{"href":"https:\/\/liked.hu\/old\/wp-json\/wp\/v2\/posts\/138046"}],"collection":[{"href":"https:\/\/liked.hu\/old\/wp-json\/wp\/v2\/posts"}],"about":[{"href":"https:\/\/liked.hu\/old\/wp-json\/wp\/v2\/types\/post"}],"author":[{"embeddable":true,"href":"https:\/\/liked.hu\/old\/wp-json\/wp\/v2\/users\/13"}],"replies":[{"embeddable":true,"href":"https:\/\/liked.hu\/old\/wp-json\/wp\/v2\/comments?post=138046"}],"version-history":[{"count":0,"href":"https:\/\/liked.hu\/old\/wp-json\/wp\/v2\/posts\/138046\/revisions"}],"wp:featuredmedia":[{"embeddable":true,"href":"https:\/\/liked.hu\/old\/wp-json\/wp\/v2\/media\/138048"}],"wp:attachment":[{"href":"https:\/\/liked.hu\/old\/wp-json\/wp\/v2\/media?parent=138046"}],"wp:term":[{"taxonomy":"category","embeddable":true,"href":"https:\/\/liked.hu\/old\/wp-json\/wp\/v2\/categories?post=138046"},{"taxonomy":"post_tag","embeddable":true,"href":"https:\/\/liked.hu\/old\/wp-json\/wp\/v2\/tags?post=138046"}],"curies":[{"name":"wp","href":"https:\/\/api.w.org\/{rel}","templated":true}]}}