{"id":137456,"date":"2019-04-01T16:34:51","date_gmt":"2019-04-01T14:34:51","guid":{"rendered":"https:\/\/liked.hu\/old\/?p=137456"},"modified":"2022-09-05T19:12:37","modified_gmt":"2022-09-05T17:12:37","slug":"7-titkos-kozosseg-ami-a-hatterbol-iranyitja-a-vilagot","status":"publish","type":"post","link":"https:\/\/liked.hu\/old\/erdekes\/7-titkos-kozosseg-ami-a-hatterbol-iranyitja-a-vilagot\/","title":{"rendered":"7 titkos k\u00f6z\u00f6ss\u00e9g, ami a h\u00e1tt\u00e9rb\u0151l ir\u00e1ny\u00edtja a vil\u00e1got"},"content":{"rendered":"<p>A titkos k\u00f6z\u00f6ss\u00e9gek r\u00e9g\u00f3ta tartj\u00e1k l\u00e1zban az emberek fant\u00e1zi\u00e1j\u00e1t: mi\u00e9rt j\u00f6ttek l\u00e9tre, mi lehet a c\u00e9ljuk \u00e9s egy\u00e1ltal\u00e1n t\u00e9nyleg l\u00e9teznek-e?! Legt\u00f6bbj\u00fck l\u00e9tez\u00e9se ma m\u00e1r egy\u00e1ltal\u00e1n nem k\u00e9rd\u00e9ses, a tagjaik k\u00f6z\u00e9 tartoz\u00f3 emberek tetemes vagyona miatt pedig az sem, hogy val\u00f3sz\u00edn\u0171leg nagyobb hat\u00e1st gyakorolnak a mindennapi \u00e9let\u00fcnkre, mint gondoln\u00e1nk.<\/p>\n\n<div style=\"float:none;margin:0px 0 0px 0;text-align:center;\">\n<div class=\"mobileShowkakettes\"><div class=\"mobileShowka2\"><div style=\"padding-top:0px;padding-bottom:15px;min-height: 300px;\"><div class=\"hirdetes\">HIRDET\u00c9S<\/div>\n<!-- 300lista -->\n<ins class=\"adsbygoogle\"\n     style=\"display:inline-block;width:300px;height:250px\"\n     data-ad-client=\"ca-pub-9424088931673893\"\n     data-ad-slot=\"8471340766\"><\/ins>\n<script async>\n     (adsbygoogle = window.adsbygoogle || []).push({});\n<\/script><\/div><\/div><\/div><\/div>\n\n<p>Cikk\u00fcnkben most \u00f6sszeszedt\u00fcnk n\u00e9h\u00e1ny ilyen titkos t\u00e1rsas\u00e1got, amiknek a neve a leggyakrabban felmer\u00fcl, ha titkos, h\u00e1tt\u00e9rb\u0151l ir\u00e1ny\u00edtott glob\u00e1lis esem\u00e9nyekr\u0151l besz\u00e9l\u00fcnk.<\/p>\n<div id=\"zombify-main-section-front\" class=\"zombify-main-section-front zombify-screen zf-media-full\">\r\n\t<link rel=\"stylesheet\" type=\"text\/css\" href=\"https:\/\/liked.hu\/old\/js\/zombify.css\">\r\n    <link rel=\"stylesheet\" type=\"text\/css\" href=\"https:\/\/liked.hu\/old\/wp-content\/themes\/newsy-child\/style.css\">\r\n\t<div class=\"zf-container\">\r\n\t\t<div id=\"zf-list\" class=\"zf-list zf-numbered\">\r\n\t\t\t<ol class=\"zf-structure-list\">\r\n\t\t\t\t\t\t\t\t\t\t<li class=\"zf-list_item\">\r\n\t\t\t\t\t\t\t<div class=\"zf-list_header\">\r\n\t\t\t\t\t\t\t\t<h3 id=\"listaelem1\" class=\"zf-list_title\">\r\n\t\t\t\t\t\t\t\t\t<span class=\"zf-number\">1<\/span>\r\n\t\t\t\t\t\t\t\t\tSzabadk\u0151m\u0171vesek.\t\t\t\t\t\t\t\t<\/h3>\r\n\t\t\t\t\t\t\t<\/div>\r\n\t\t\t\t\t\t\t\t\t\t\t\t\t\t\t<figure class=\"zf-list_media zf-media-wrapper zf-image zf-type-image\">\r\n\t\t\t\t\t\t\t\t\t<div title=\"Szabadk\u0151m\u0171vesek.\" alt=\"Szabadk\u0151m\u0171vesek.\" class=\"zf-media\">\r\n\t\t\t\t\t\t\t\t\t\t<img width=\"728\" height=\"517\" src=\"https:\/\/liked.hu\/old\/wp-content\/uploads\/2019\/04\/1573965-image-crop-2836x2016-1551699985-728-67e86f450b-1551886174.jpg\" class=\"\" alt=\"\" loading=\"lazy\" style=\"\" srcset=\"https:\/\/liked.hu\/old\/wp-content\/uploads\/2019\/04\/1573965-image-crop-2836x2016-1551699985-728-67e86f450b-1551886174.jpg 728w, https:\/\/liked.hu\/old\/wp-content\/uploads\/2019\/04\/1573965-image-crop-2836x2016-1551699985-728-67e86f450b-1551886174-300x213.jpg 300w, https:\/\/liked.hu\/old\/wp-content\/uploads\/2019\/04\/1573965-image-crop-2836x2016-1551699985-728-67e86f450b-1551886174-500x355.jpg 500w, https:\/\/liked.hu\/old\/wp-content\/uploads\/2019\/04\/1573965-image-crop-2836x2016-1551699985-728-67e86f450b-1551886174-360x256.jpg 360w, https:\/\/liked.hu\/old\/wp-content\/uploads\/2019\/04\/1573965-image-crop-2836x2016-1551699985-728-67e86f450b-1551886174-545x387.jpg 545w\" sizes=\"(max-width: 728px) 100vw, 728px\" \/>\t\t\t\t\t\t\t\t\t\t\t<figcaption class=\"zf-figcaption\">\r\n\t\t\t\t\t\t\t\t\t\t\t\t\t\t\t\t\t\t\t\t\t\t\t\t<cite>        <a class=\"zf-media_credit\" target=\"_blank\" href=\"https:\/\/liked.hu\/old\/kimeno.php?https:\/\/liked.hu\/kimeno.php?https:\/\/upload.wikimedia.org\/wikipedia\/commons\/7\/77\/Photograph_of_President_Truman_wearing_his_Masonic_regalia_%28he_was_a_thirty-third_degree_Scottish_Rite_Mason%29%2C_with..._-_NARA_-_200176.jpg\" rel=\"nofollow noopener\">wikimedia<\/a>\r\n        <\/cite>\r\n\r\n\t\t\t\t\t\t\t\t\t\t\t\t\t\t\t\t\t\t\t\t\t\t\t<\/figcaption>\r\n\t\t\t\t\t\t\t\t\t\t\t\t\t\t\t\t\t\t\t<\/div>\r\n\t\t\t\t\t\t\t\t\t<hr \/>\r\n\t\t\t\t\t\t\t\t<\/figure>\r\n\t\t\t\t\t\t\t\t\t\t\t\t\t\t\t\t<div class=\"zf-list_description\"><p>A vil\u00e1gon nincs m\u00e9g egy olyan szervezet, ami annyira gyan\u00fas lenne az \u00e9let\u00fcnket beh\u00e1l\u00f3z\u00f3 mindennapi esem\u00e9nyek alak\u00edt\u00e1s\u00e1ban, mint a szabadk\u0151m\u0171vesek. A t\u00e1rsas\u00e1got 1717-ben alap\u00edtott\u00e1k, de egyes pletyk\u00e1k szerint eg\u00e9szen a templomosokig vezethet\u0151 vissza a t\u00f6rt\u00e9nelme.<\/p><p>Mai form\u00e1j\u00e1ban nagyj\u00e1b\u00f3l 4 milli\u00f3 tagot sz\u00e1mol vil\u00e1gszerte, aminek jelent\u0151s r\u00e9sze kor\u00e1bbi vagy jelenleg is akt\u00edv politikusokb\u00f3l \u00e9s befoly\u00e1sos \u00fczletemberekb\u0151l \u00e1ll. M\u00e9g maguk az Egyes\u00fclt \u00c1llamok alap\u00edt\u00f3 aty\u00e1i is a t\u00e1rsas\u00e1ghoz tartoztak, ez\u00e9rt nem is v\u00e9letlen, hogy sz\u00e1mtalan glob\u00e1lis \u00f6sszeesk\u00fcv\u00e9ssel v\u00e1dolj\u00e1k.<\/p><p>B\u00e1r a szabadk\u0151m\u0171vess\u00e9get rengeteg m\u00edtosz \u00e9s legenda \u00f6vezi, napjainkban a tagjaik k\u00e9ts\u00e9gk\u00edv\u00fcl hatalmas hangs\u00falyt fektetnek a j\u00f3t\u00e9konys\u00e1gra: a vil\u00e1g minden t\u00e1j\u00e1n osztanak sz\u00e9t nagylelk\u0171 adom\u00e1nyokat. Egy\u00e9bk\u00e9nt ateista ember nem v\u00e1lthat a szervezet tagj\u00e1v\u00e1, mivel az Istenbe vetett hit el\u0151felt\u00e9tele a tags\u00e1gnak, noha nem tesznek k\u00fcl\u00f6nbs\u00e9get a k\u00fcl\u00f6nf\u00e9le vall\u00e1sok k\u00f6z\u00f6tt.<\/p><\/div>\r\n\t\t\t\t\t\t\t\t\t\t\t\t\t<\/li>\r\n\t\t\t\t\t\t\t\t\t\t\t\t<li class=\"zf-list_item\">\r\n\t\t\t\t\t\t\t<div class=\"zf-list_header\">\r\n\t\t\t\t\t\t\t\t<h3 id=\"listaelem2\" class=\"zf-list_title\">\r\n\t\t\t\t\t\t\t\t\t<span class=\"zf-number\">2<\/span>\r\n\t\t\t\t\t\t\t\t\tBilderberg-csoport\t\t\t\t\t\t\t\t<\/h3>\r\n\t\t\t\t\t\t\t<\/div>\r\n\t\t\t\t\t\t\t\t\t\t\t\t\t\t\t<figure class=\"zf-list_media zf-media-wrapper zf-image zf-type-image\">\r\n\t\t\t\t\t\t\t\t\t<div title=\"Bilderberg-csoport\" alt=\"Bilderberg-csoport\" class=\"zf-media\">\r\n\t\t\t\t\t\t\t\t\t\t<img width=\"728\" height=\"445\" src=\"https:\/\/liked.hu\/old\/wp-content\/uploads\/2019\/04\/1573465-Bilderberg_-_Oosterbeek-1551782880-728-9aaae02e39-1551886174.jpg\" class=\"\" alt=\"\" loading=\"lazy\" style=\"\" srcset=\"https:\/\/liked.hu\/old\/wp-content\/uploads\/2019\/04\/1573465-Bilderberg_-_Oosterbeek-1551782880-728-9aaae02e39-1551886174.jpg 728w, https:\/\/liked.hu\/old\/wp-content\/uploads\/2019\/04\/1573465-Bilderberg_-_Oosterbeek-1551782880-728-9aaae02e39-1551886174-300x183.jpg 300w, https:\/\/liked.hu\/old\/wp-content\/uploads\/2019\/04\/1573465-Bilderberg_-_Oosterbeek-1551782880-728-9aaae02e39-1551886174-500x306.jpg 500w, https:\/\/liked.hu\/old\/wp-content\/uploads\/2019\/04\/1573465-Bilderberg_-_Oosterbeek-1551782880-728-9aaae02e39-1551886174-360x220.jpg 360w, https:\/\/liked.hu\/old\/wp-content\/uploads\/2019\/04\/1573465-Bilderberg_-_Oosterbeek-1551782880-728-9aaae02e39-1551886174-545x333.jpg 545w\" sizes=\"(max-width: 728px) 100vw, 728px\" \/>\t\t\t\t\t\t\t\t\t\t\t<figcaption class=\"zf-figcaption\">\r\n\t\t\t\t\t\t\t\t\t\t\t\t\t\t\t\t\t\t\t\t\t\t\t\t<cite>        <a class=\"zf-media_credit\" target=\"_blank\" href=\"https:\/\/liked.hu\/old\/kimeno.php?https:\/\/liked.hu\/kimeno.php?https:\/\/upload.wikimedia.org\/wikipedia\/commons\/b\/bc\/Bilderberg_-_Oosterbeek.jpg\" rel=\"nofollow noopener\">wikimedia<\/a>\r\n        <\/cite>\r\n\r\n\t\t\t\t\t\t\t\t\t\t\t\t\t\t\t\t\t\t\t\t\t\t\t<\/figcaption>\r\n\t\t\t\t\t\t\t\t\t\t\t\t\t\t\t\t\t\t\t<\/div>\r\n\t\t\t\t\t\t\t\t\t<hr \/>\r\n\t\t\t\t\t\t\t\t<\/figure>\r\n\t\t\t\t\t\t\t\t\t\t\t\t\t\t\t\t<div class=\"zf-list_description\"><p>A Bilderberg-csoport a kor\u00e1bbi amerikai k\u00fcl\u00fcgyminiszter, Henry Kissinger \u00e9s David Rockefeller milli\u00e1rdos \u00e1ltal alap\u00edtott szervezet, amit az \u00f6sszeesk\u00fcv\u00e9selm\u00e9letek h\u00edv\u0151i gyakran a \u201evil\u00e1g titkos korm\u00e1nyak\u00e9nt\u201d emlegetnek. A csoport els\u0151 tal\u00e1lkoz\u00f3ja 1954-ben ker\u00fclt megrendez\u00e9sen a k\u00e9pen l\u00e1that\u00f3 hollandiai Bilderberg-sz\u00e1llod\u00e1ban, ahonnan a nev\u00e9t is kapta a szervezet.<\/p><p>Tagjainak sz\u00e1ma nagyj\u00e1b\u00f3l 130 f\u0151re tehet\u0151, ami kiv\u00e9tel n\u00e9lk\u00fcl politikusokb\u00f3l, nagyv\u00e1llalatok tulajdonosaib\u00f3l, diplomat\u00e1kb\u00f3l \u00e9s a bank\u00e1rokb\u00f3l \u00e1ll. Az \u00e9vek sor\u00e1n Angela Merkel, Margaret Thatcher, Hillary Clinton \u00e9s Emmanuel Macron is megh\u00edv\u00e1st kapott m\u00e1r az \u00fcl\u00e9sekre.<\/p><p>A Bilderberg-csoport \u00fcl\u00e9sei \u00e9vente ker\u00fclnek megrendez\u00e9sre, a lehet\u0151 legszigor\u00fabb titoktart\u00e1sok k\u00f6zepette: a helyet \u00e9s a d\u00e1tumot soha nem teszik k\u00f6zz\u00e9 el\u0151re. A sajt\u00f3 tagjai nem vehetnek r\u00e9szt az esem\u00e9nyen \u00e9s a tagok sem besz\u00e9lhetnek semmir\u0151l az \u00fcl\u00e9seken elhangzottakkal kapcsolatban, err\u0151l titoktart\u00e1si szerz\u0151d\u00e9s is k\u00f6telezi \u0151ket.<\/p><\/div>\r\n\t\t\t\t\t\t\t\t\t\t\t\t\t<\/li>\r\n\t\t\t\t\t\t\t\t\t\t\t\t<li class=\"zf-list_item\">\r\n\t\t\t\t\t\t\t<div class=\"zf-list_header\">\r\n\t\t\t\t\t\t\t\t<h3 id=\"listaelem3\" class=\"zf-list_title\">\r\n\t\t\t\t\t\t\t\t\t<span class=\"zf-number\">3<\/span>\r\n\t\t\t\t\t\t\t\t\tH\u00e1romoldal\u00fa bizotts\u00e1g\t\t\t\t\t\t\t\t<\/h3>\r\n\t\t\t\t\t\t\t<\/div>\r\n\t\t\t\t\t\t\t\t\t\t\t\t\t\t\t<figure class=\"zf-list_media zf-media-wrapper zf-image zf-type-image\">\r\n\t\t\t\t\t\t\t\t\t<div title=\"H\u00e1romoldal\u00fa bizotts\u00e1g\" alt=\"H\u00e1romoldal\u00fa bizotts\u00e1g\" class=\"zf-media\">\r\n\t\t\t\t\t\t\t\t\t\t<img width=\"728\" height=\"659\" src=\"https:\/\/liked.hu\/old\/wp-content\/uploads\/2019\/04\/1574015-image-crop-1070x969-1551788411-728-7e89e2e9cb-1551886174.jpg\" class=\"\" alt=\"\" loading=\"lazy\" style=\"\" srcset=\"https:\/\/liked.hu\/old\/wp-content\/uploads\/2019\/04\/1574015-image-crop-1070x969-1551788411-728-7e89e2e9cb-1551886174.jpg 728w, https:\/\/liked.hu\/old\/wp-content\/uploads\/2019\/04\/1574015-image-crop-1070x969-1551788411-728-7e89e2e9cb-1551886174-300x272.jpg 300w, https:\/\/liked.hu\/old\/wp-content\/uploads\/2019\/04\/1574015-image-crop-1070x969-1551788411-728-7e89e2e9cb-1551886174-500x453.jpg 500w, https:\/\/liked.hu\/old\/wp-content\/uploads\/2019\/04\/1574015-image-crop-1070x969-1551788411-728-7e89e2e9cb-1551886174-360x326.jpg 360w, https:\/\/liked.hu\/old\/wp-content\/uploads\/2019\/04\/1574015-image-crop-1070x969-1551788411-728-7e89e2e9cb-1551886174-545x493.jpg 545w\" sizes=\"(max-width: 728px) 100vw, 728px\" \/>\t\t\t\t\t\t\t\t\t\t\t<figcaption class=\"zf-figcaption\">\r\n\t\t\t\t\t\t\t\t\t\t\t\t\t\t\t\t\t\t\t\t\t\t\t\t<cite>        <a class=\"zf-media_credit\" target=\"_blank\" href=\"https:\/\/liked.hu\/old\/kimeno.php?https:\/\/liked.hu\/kimeno.php?https:\/\/www.eastnews.ru\/pictures\/picture\/id\/7945690\/i\/20\/t\/119\" rel=\"nofollow noopener\">eastnews<\/a>\r\n        <\/cite>\r\n\r\n\t\t\t\t\t\t\t\t\t\t\t\t\t\t\t\t\t\t\t\t\t\t\t<\/figcaption>\r\n\t\t\t\t\t\t\t\t\t\t\t\t\t\t\t\t\t\t\t<\/div>\r\n\t\t\t\t\t\t\t\t\t<hr \/>\r\n\t\t\t\t\t\t\t\t<\/figure>\r\n\t\t\t\t\t\t\t\t\t\t\t\t\t\t\t\t<div class=\"zf-list_description\"><p>David Rockefeller egy m\u00e1sik titkos t\u00e1rsas\u00e1g, a H\u00e1romoldal\u00fa bizotts\u00e1g alap\u00edt\u00e1s\u00e1ban is r\u00e9szt vett, amire 1973-ban ker\u00fclt sor. Tagjai befoly\u00e1sos \u00e9szak-amerikai, nyugat-eur\u00f3pai \u00e9s \u00e1zsiai emberek, akik a Bilderberg-csoportt\u00f3l elt\u00e9r\u0151en nem tartoznak (legal\u00e1bbis k\u00f6zvetlen\u00fcl) a politik\u00e1hoz.<\/p><p>Az \u00f6sszeesk\u00fcv\u00e9selm\u00e9letek h\u00edv\u0151i szerint a H\u00e1romoldal\u00fa bizotts\u00e1got az\u00e9rt hozt\u00e1k l\u00e9tre, hogy az Egyes\u00fclt \u00c1llamokat vil\u00e1gvezet\u0151v\u00e9 tegy\u00e9k, de a hivatalos k\u00f6zl\u00e9s szerint a c\u00e9ljuk, hogy egyens\u00falyt teremtsenek a vezet\u0151 vil\u00e1ghatalmak k\u00f6z\u00f6tt.<\/p><p>Egyesek \u00fagy v\u00e9lik, hogy a szervezetnek Jimmy Carter amerikai eln\u00f6kk\u00e9 v\u00e1laszt\u00e1s\u00e1ban is hatalmas szerepe volt. A bizotts\u00e1g ma egy\u00e9bk\u00e9nt 390 f\u0151b\u0151l \u00e1ll.<\/p><\/div>\r\n\t\t\t\t\t\t\t\t\t\t\t\t\t<\/li>\r\n\t\t\t\t\t\t\t\t\t\t\t\t<li class=\"zf-list_item\">\r\n\t\t\t\t\t\t\t<div class=\"zf-list_header\">\r\n\t\t\t\t\t\t\t\t<h3 id=\"listaelem4\" class=\"zf-list_title\">\r\n\t\t\t\t\t\t\t\t\t<span class=\"zf-number\">4<\/span>\r\n\t\t\t\t\t\t\t\t\tIllumin\u00e1tus rend\t\t\t\t\t\t\t\t<\/h3>\r\n\t\t\t\t\t\t\t<\/div>\r\n\t\t\t\t\t\t\t\t\t\t\t\t\t\t\t<figure class=\"zf-list_media zf-media-wrapper zf-image zf-type-image\">\r\n\t\t\t\t\t\t\t\t\t<div title=\"Illumin\u00e1tus rend\" alt=\"Illumin\u00e1tus rend\" class=\"zf-media\">\r\n\t\t\t\t\t\t\t\t\t\t<img width=\"728\" height=\"476\" src=\"https:\/\/liked.hu\/old\/wp-content\/uploads\/2019\/04\/Illuminatus-rend.jpg\" class=\"\" alt=\"\" loading=\"lazy\" style=\"\" srcset=\"https:\/\/liked.hu\/old\/wp-content\/uploads\/2019\/04\/Illuminatus-rend.jpg 728w, https:\/\/liked.hu\/old\/wp-content\/uploads\/2019\/04\/Illuminatus-rend-300x196.jpg 300w, https:\/\/liked.hu\/old\/wp-content\/uploads\/2019\/04\/Illuminatus-rend-500x327.jpg 500w, https:\/\/liked.hu\/old\/wp-content\/uploads\/2019\/04\/Illuminatus-rend-360x235.jpg 360w, https:\/\/liked.hu\/old\/wp-content\/uploads\/2019\/04\/Illuminatus-rend-545x356.jpg 545w\" sizes=\"(max-width: 728px) 100vw, 728px\" \/>\t\t\t\t\t\t\t\t\t\t\t<figcaption class=\"zf-figcaption\">\r\n\t\t\t\t\t\t\t\t\t\t\t\t\t\t\t\t\t\t\t\t\t\t\t\t<cite>        <a class=\"zf-media_credit\" target=\"_blank\" href=\"https:\/\/liked.hu\/old\/kimeno.php?https:\/\/liked.hu\/kimeno.php?https:\/\/commons.wikimedia.org\/wiki\/File:Barnstar_-_Illuminati.svg\" rel=\"nofollow noopener\">wikimedia<\/a>\r\n        <\/cite>\r\n\r\n\t\t\t\t\t\t\t\t\t\t\t\t\t\t\t\t\t\t\t\t\t\t\t<\/figcaption>\r\n\t\t\t\t\t\t\t\t\t\t\t\t\t\t\t\t\t\t\t<\/div>\r\n\t\t\t\t\t\t\t\t\t<hr \/>\r\n\t\t\t\t\t\t\t\t<\/figure>\r\n\t\t\t\t\t\t\t\t\t\t\t\t\t\t\t\t<div class=\"zf-list_description\"><p>Az Illumin\u00e1tus rend az egyik legr\u00e9gebbi szervezet, amit vil\u00e1g uralomra t\u00f6r\u00e9ssel v\u00e1dolnak az \u00f6sszeesk\u00fcv\u00e9selm\u00e9letek h\u00edv\u0151i. 1797-ben p\u00e9ld\u00e1ul egy francia pap a francia forradalom megszervez\u00e9s\u00e9vel \u00e9s a kereszt\u00e9nys\u00e9g megsemmis\u00edt\u00e9s\u00e9vel v\u00e1dolta meg a t\u00e1rsas\u00e1got.<\/p><p>Az 1776. m\u00e1jus 1-j\u00e9n Adam Weishaupt ingolstadti filoz\u00f3fus \u00e1ltal alap\u00edtott szervezet neve sz\u00e1mos glob\u00e1lis esem\u00e9ny alkalm\u00e1val mer\u00fclt fel a t\u00f6rt\u00e9nelem folyam\u00e1n. Hivatalosan a rendet r\u00f6vid m\u0171k\u00f6d\u00e9s ut\u00e1n Bajororsz\u00e1gban, 1785-ben v\u00e9gleg betiltott\u00e1k, de a mai napig m\u0171k\u00f6dik.<\/p><p>Egyes elm\u00e9letek szerint az Egyes\u00fclt \u00c1llamok alap\u00edt\u00f3 aty\u00e1i nem csak szabadk\u0151m\u0171vesek, hanem illumin\u00e1tusok is voltak, ennek k\u00f6sz\u00f6nhet\u0151 t\u00f6bbek k\u00f6zt, hogy a szervezet log\u00f3ja m\u00e9g az amerikai pecs\u00e9ten is l\u00e1that\u00f3. Ami a modern t\u00f6rt\u00e9nelmet illeti: az illumin\u00e1tusokat v\u00e1dolj\u00e1k p\u00e9ld\u00e1ul John Fitzgerald Kennedy meggyilkol\u00e1s\u00e1val.&nbsp;<\/p><\/div>\r\n\t\t\t\t\t\t\t\t\t\t\t\t\t<\/li>\r\n\t\t\t\t\t\t\t\t\t\t\t\t<li class=\"zf-list_item\">\r\n\t\t\t\t\t\t\t<div class=\"zf-list_header\">\r\n\t\t\t\t\t\t\t\t<h3 id=\"listaelem5\" class=\"zf-list_title\">\r\n\t\t\t\t\t\t\t\t\t<span class=\"zf-number\">5<\/span>\r\n\t\t\t\t\t\t\t\t\tKoponya \u00e9s Csontok\t\t\t\t\t\t\t\t<\/h3>\r\n\t\t\t\t\t\t\t<\/div>\r\n\t\t\t\t\t\t\t\t\t\t\t\t\t\t\t<figure class=\"zf-list_media zf-media-wrapper zf-image zf-type-image\">\r\n\t\t\t\t\t\t\t\t\t<div title=\"Koponya \u00e9s Csontok\" alt=\"Koponya \u00e9s Csontok\" class=\"zf-media\">\r\n\t\t\t\t\t\t\t\t\t\t<img width=\"728\" height=\"546\" src=\"https:\/\/liked.hu\/old\/wp-content\/uploads\/2019\/04\/1573315-Skull_and_Bones_tomb_Yale_1759-1551783249-728-51f4e40841-1551886174.jpg\" class=\"\" alt=\"\" loading=\"lazy\" style=\"\" srcset=\"https:\/\/liked.hu\/old\/wp-content\/uploads\/2019\/04\/1573315-Skull_and_Bones_tomb_Yale_1759-1551783249-728-51f4e40841-1551886174.jpg 728w, https:\/\/liked.hu\/old\/wp-content\/uploads\/2019\/04\/1573315-Skull_and_Bones_tomb_Yale_1759-1551783249-728-51f4e40841-1551886174-300x225.jpg 300w, https:\/\/liked.hu\/old\/wp-content\/uploads\/2019\/04\/1573315-Skull_and_Bones_tomb_Yale_1759-1551783249-728-51f4e40841-1551886174-500x375.jpg 500w, https:\/\/liked.hu\/old\/wp-content\/uploads\/2019\/04\/1573315-Skull_and_Bones_tomb_Yale_1759-1551783249-728-51f4e40841-1551886174-200x150.jpg 200w, https:\/\/liked.hu\/old\/wp-content\/uploads\/2019\/04\/1573315-Skull_and_Bones_tomb_Yale_1759-1551783249-728-51f4e40841-1551886174-360x270.jpg 360w, https:\/\/liked.hu\/old\/wp-content\/uploads\/2019\/04\/1573315-Skull_and_Bones_tomb_Yale_1759-1551783249-728-51f4e40841-1551886174-545x409.jpg 545w\" sizes=\"(max-width: 728px) 100vw, 728px\" \/>\t\t\t\t\t\t\t\t\t\t\t<figcaption class=\"zf-figcaption\">\r\n\t\t\t\t\t\t\t\t\t\t\t\t\t\t\t\t\t\t\t\t\t\t\t\t<cite>        <a class=\"zf-media_credit\" target=\"_blank\" href=\"https:\/\/liked.hu\/old\/kimeno.php?https:\/\/liked.hu\/kimeno.php?https:\/\/commons.wikimedia.org\/wiki\/Category:Skull_and_Bones#\/media\/File:Skull_and_Bones_tomb_Yale_1759.jpg\" rel=\"nofollow noopener\">wikimedia<\/a>\r\n        <\/cite>\r\n\r\n\t\t\t\t\t\t\t\t\t\t\t\t\t\t\t\t\t\t\t\t\t\t\t<\/figcaption>\r\n\t\t\t\t\t\t\t\t\t\t\t\t\t\t\t\t\t\t\t<\/div>\r\n\t\t\t\t\t\t\t\t\t<hr \/>\r\n\t\t\t\t\t\t\t\t<\/figure>\r\n\t\t\t\t\t\t\t\t\t\t\t\t\t\t\t\t<div class=\"zf-list_description\"><p>A Koponya \u00e9s Csontok (Skull and Bones) az amerikai Yale Egyetem legid\u0151sebb, legelitebb, legend\u00e1kkal \u00f6vezett di\u00e1kt\u00e1rsas\u00e1ga. L\u00e9tez\u00e9s\u00e9t sz\u00e1mtalan titok \u00e9s miszt\u00e9rium \u00f6vezi, az viszont bizonyos, hogy a szigor\u00faan megh\u00edv\u00e1sos alapon m\u0171k\u00f6d\u0151 szervezetet 1832-ben alap\u00edtotta William Huntington Russell \u00e9s Alphonso Taft. A t\u00e1rsas\u00e1g \u2013 melyet r\u00f6viden Csontoknak, tagjait pedig csontembereknek neveznek \u2013 m\u0171k\u00f6d\u00e9s\u00e9\u00e9rt \u00e9s vagyon\u00e1\u00e9rt a Russel Trust Association \u00f6regdi\u00e1k szervezet felel. 1879 \u00f3ta minden tavasszal 15 \u00faj tagot v\u00e1lasztanak maguk k\u00f6z\u00e9, \u00e9s jelenlegi l\u00e9tsz\u00e1muk kb. 800 lehet.<\/p><p>A diploma megszerz\u00e9se ut\u00e1n minden klubtag \u00e9lete v\u00e9g\u00e9ig tartja egym\u00e1ssal a kapcsolatot, a klubtags\u00e1g pedig egyet jelent azzal, hogy az innen kiker\u00fclt emberek a vil\u00e1g legfontosabb politikai poz\u00edci\u00f3iban \u00e9s a legnagyobb v\u00e1llalatok \u00e9l\u00e9n kapnak helyet a k\u00e9s\u0151bbiekben.&nbsp;<\/p><\/div>\r\n\t\t\t\t\t\t\t\t\t\t\t\t\t<\/li>\r\n\t\t\t\t\t\t\t\t\t\t\t\t<li class=\"zf-list_item\">\r\n\t\t\t\t\t\t\t<div class=\"zf-list_header\">\r\n\t\t\t\t\t\t\t\t<h3 id=\"listaelem6\" class=\"zf-list_title\">\r\n\t\t\t\t\t\t\t\t\t<span class=\"zf-number\">6<\/span>\r\n\t\t\t\t\t\t\t\t\tBoh\u00e9m klub\t\t\t\t\t\t\t\t<\/h3>\r\n\t\t\t\t\t\t\t<\/div>\r\n\t\t\t\t\t\t\t\t\t\t\t\t\t\t\t<figure class=\"zf-list_media zf-media-wrapper zf-image zf-type-image\">\r\n\t\t\t\t\t\t\t\t\t<div title=\"Boh\u00e9m klub\" alt=\"Boh\u00e9m klub\" class=\"zf-media\">\r\n\t\t\t\t\t\t\t\t\t\t<img width=\"728\" height=\"462\" src=\"https:\/\/liked.hu\/old\/wp-content\/uploads\/2019\/04\/1574065-image-crop-7267x4619-1551865631-728-0d2bd36cb0-1551886174.jpg\" class=\"\" alt=\"\" loading=\"lazy\" style=\"\" srcset=\"https:\/\/liked.hu\/old\/wp-content\/uploads\/2019\/04\/1574065-image-crop-7267x4619-1551865631-728-0d2bd36cb0-1551886174.jpg 728w, https:\/\/liked.hu\/old\/wp-content\/uploads\/2019\/04\/1574065-image-crop-7267x4619-1551865631-728-0d2bd36cb0-1551886174-300x190.jpg 300w, https:\/\/liked.hu\/old\/wp-content\/uploads\/2019\/04\/1574065-image-crop-7267x4619-1551865631-728-0d2bd36cb0-1551886174-500x317.jpg 500w, https:\/\/liked.hu\/old\/wp-content\/uploads\/2019\/04\/1574065-image-crop-7267x4619-1551865631-728-0d2bd36cb0-1551886174-360x228.jpg 360w, https:\/\/liked.hu\/old\/wp-content\/uploads\/2019\/04\/1574065-image-crop-7267x4619-1551865631-728-0d2bd36cb0-1551886174-545x346.jpg 545w\" sizes=\"(max-width: 728px) 100vw, 728px\" \/>\t\t\t\t\t\t\t\t\t\t\t<figcaption class=\"zf-figcaption\">\r\n\t\t\t\t\t\t\t\t\t\t\t\t\t\t\t\t\t\t\t\t\t\t\t\t<cite>        <a class=\"zf-media_credit\" target=\"_blank\" href=\"https:\/\/liked.hu\/old\/kimeno.php?https:\/\/liked.hu\/kimeno.php?https:\/\/upload.wikimedia.org\/wikipedia\/commons\/f\/f4\/Bohemian_Grove_Secret_Side_Entrance_.jpg\" rel=\"nofollow noopener\">wikimedia<\/a>\r\n        <\/cite>\r\n\r\n\t\t\t\t\t\t\t\t\t\t\t\t\t\t\t\t\t\t\t\t\t\t\t<\/figcaption>\r\n\t\t\t\t\t\t\t\t\t\t\t\t\t\t\t\t\t\t\t<\/div>\r\n\t\t\t\t\t\t\t\t\t<hr \/>\r\n\t\t\t\t\t\t\t\t<\/figure>\r\n\t\t\t\t\t\t\t\t\t\t\t\t\t\t\t\t<div class=\"zf-list_description\"><p>A Boh\u00e9m klub szint\u00e9n egy k\u00f6z\u00f6ss\u00e9g, aminek a neve gyakran mer\u00fcl fel az \u00f6sszeesk\u00fcv\u00e9selm\u00e9leteket vizsg\u00e1l\u00f3 szakemberek k\u00f6r\u00e9ben. A szervezet 1872-ben zen\u00e9szek, m\u0171v\u00e9szek \u00e9s \u00fajs\u00e1g\u00edr\u00f3k alap\u00edtott\u00e1k, \u00e1m id\u0151vel politikusok \u00e9s \u00fczletemberek is csatlakoztak, k\u00f6zt\u00fck p\u00e9ld\u00e1ul az Egyes\u00fclt \u00c1llamok kor\u00e1bbi eln\u00f6ke, Richard Nixon.<\/p><p>A klub sz\u00e9khely\u00e9\u00fcl szolg\u00e1l\u00f3 (k\u00e9pen l\u00e1that\u00f3) csehorsz\u00e1gi ter\u00fclet egy priv\u00e1t ter\u00fclet, ahov\u00e1 kiz\u00e1r\u00f3lag a tagok l\u00e9phetnek be \u00e9s a vel\u00fck hozott vend\u00e9geket is gondosan ellen\u0151rzik. 15 \u00e9vente v\u00e1lasztanak \u00faj tagokat, a priv\u00e1t ter\u00fclet\u00fck\u00f6n pedig m\u00e9g egy t\u00f6bb mint 2000 f\u00e9r\u0151helyes stadion is tal\u00e1lhat\u00f3.<\/p><p>B\u00e1r a t\u00e1rsas\u00e1g alapokm\u00e1nya kimondja, hogy minden gazdas\u00e1gi \u00e9s kereskedelmi probl\u00e9m\u00e1t a ,,k\u00fcsz\u00f6b\u00f6n k\u00edv\u00fcl kell hagyni\u201d, itt ker\u00fclt sor t\u00f6bbek k\u00f6z\u00f6tt a Manhattan terv megvitat\u00e1s\u00e1ra, ami az els\u0151 atombomba megjelen\u00e9s\u00e9t eredm\u00e9nyezte.<\/p><p>M\u00e9g 2000-ben \u00fajs\u00e1g\u00edr\u00f3k egy csoportj\u00e1nak siker\u00fclt behatolnia a titkos cseh ter\u00fcletre, a besz\u00e1mol\u00f3ik \u00e9s vide\u00f3ik alapj\u00e1n pedig a klubtagok nem csak sz\u00f3rakozni j\u00e1rnak ide, hanem \u00e1ldozatokat is k\u00edn\u00e1lnak egy bagoly szobor sz\u00e1m\u00e1ra, ami a klub egyik szimb\u00f3luma.<\/p><\/div>\r\n\t\t\t\t\t\t\t\t\t\t\t\t\t<\/li>\r\n\t\t\t\t\t\t\t\t\t\t\t\t<li class=\"zf-list_item\">\r\n\t\t\t\t\t\t\t<div class=\"zf-list_header\">\r\n\t\t\t\t\t\t\t\t<h3 id=\"listaelem7\" class=\"zf-list_title\">\r\n\t\t\t\t\t\t\t\t\t<span class=\"zf-number\">7<\/span>\r\n\t\t\t\t\t\t\t\t\tAnonymous csoport\t\t\t\t\t\t\t\t<\/h3>\r\n\t\t\t\t\t\t\t<\/div>\r\n\t\t\t\t\t\t\t\t\t\t\t\t\t\t\t<figure class=\"zf-list_media zf-media-wrapper zf-image zf-type-image\">\r\n\t\t\t\t\t\t\t\t\t<div title=\"Anonymous csoport\" alt=\"Anonymous csoport\" class=\"zf-media\">\r\n\t\t\t\t\t\t\t\t\t\t<img width=\"728\" height=\"397\" src=\"https:\/\/liked.hu\/old\/wp-content\/uploads\/2019\/04\/1573165-Anonymous_at_Scientology_in_Los_Angeles-1551680368-728-b7bfa1cee2-1551886174.jpg\" class=\"\" alt=\"\" loading=\"lazy\" style=\"\" srcset=\"https:\/\/liked.hu\/old\/wp-content\/uploads\/2019\/04\/1573165-Anonymous_at_Scientology_in_Los_Angeles-1551680368-728-b7bfa1cee2-1551886174.jpg 728w, https:\/\/liked.hu\/old\/wp-content\/uploads\/2019\/04\/1573165-Anonymous_at_Scientology_in_Los_Angeles-1551680368-728-b7bfa1cee2-1551886174-300x164.jpg 300w, https:\/\/liked.hu\/old\/wp-content\/uploads\/2019\/04\/1573165-Anonymous_at_Scientology_in_Los_Angeles-1551680368-728-b7bfa1cee2-1551886174-500x273.jpg 500w, https:\/\/liked.hu\/old\/wp-content\/uploads\/2019\/04\/1573165-Anonymous_at_Scientology_in_Los_Angeles-1551680368-728-b7bfa1cee2-1551886174-360x196.jpg 360w, https:\/\/liked.hu\/old\/wp-content\/uploads\/2019\/04\/1573165-Anonymous_at_Scientology_in_Los_Angeles-1551680368-728-b7bfa1cee2-1551886174-545x297.jpg 545w\" sizes=\"(max-width: 728px) 100vw, 728px\" \/>\t\t\t\t\t\t\t\t\t\t\t<figcaption class=\"zf-figcaption\">\r\n\t\t\t\t\t\t\t\t\t\t\t\t\t\t\t\t\t\t\t\t\t\t\t\t<cite>        <a class=\"zf-media_credit\" target=\"_blank\" href=\"https:\/\/liked.hu\/old\/kimeno.php?https:\/\/liked.hu\/kimeno.php?https:\/\/commons.wikimedia.org\/wiki\/File:Anonymous_at_Scientology_in_Los_Angeles.jpg\" rel=\"nofollow noopener\">wikimedia<\/a>\r\n        <\/cite>\r\n\r\n\t\t\t\t\t\t\t\t\t\t\t\t\t\t\t\t\t\t\t\t\t\t\t<\/figcaption>\r\n\t\t\t\t\t\t\t\t\t\t\t\t\t\t\t\t\t\t\t<\/div>\r\n\t\t\t\t\t\t\t\t\t<hr \/>\r\n\t\t\t\t\t\t\t\t<\/figure>\r\n\t\t\t\t\t\t\t\t\t\t\t\t\t\t\t\t<div class=\"zf-list_description\"><p>Az Anonymous csoport a titkos szervezetek legfiatalabbika. 2003-ban alap\u00edtott\u00e1k, \u00e9s kezdetben kiz\u00e1r\u00f3lag az interneten voltak jelen. Manaps\u00e1g az Anonymous csoport tagjai olyan emberek, akik egy bizonyos ideol\u00f3gi\u00e1t k\u00f6vetnek. Nincs kinevezett vezet\u0151j\u00fck \u00e9s egyik tag sem besz\u00e9lhet senkinek a m\u0171k\u00f6d\u00e9s\u00fckr\u0151l \u00e9s tev\u00e9kenys\u00e9g\u00fckr\u0151l. 2008 \u00f3ta a csoport sz\u00e1mos nagy hacker t\u00e1mad\u00e1st hajtott v\u00e9gre szerte a vil\u00e1gon, k\u00f6zt\u00fck korm\u00e1nyzati weblapokon.<\/p><p>Mivel a csoport \u00f6sszet\u00e9tele rendk\u00edv\u00fcl soksz\u00edn\u0171 \u00e9s nincs megnevezett c\u00e9ljuk, ez\u00e9rt a tev\u00e9kenys\u00e9g\u00fck sz\u00e1mos aggodalomra ad okot. Az Anonymous csoport jelk\u00e9pe az \u00fan. \u201eGuy Fawkes\u201d maszk.<\/p><\/div>\r\n\t\t\t\t\t\t\t\t\t\t\t\t\t<\/li>\r\n\t\t\t\t\t\t\t\t\t<\/ol>\r\n\t\t<\/div>\r\n\t<\/div>\r\n\r\n\t<\/div>\r\n\r\n\r\n\n","protected":false},"excerpt":{"rendered":"<p>A titkos k\u00f6z\u00f6ss\u00e9gek r\u00e9g\u00f3ta tartj\u00e1k l\u00e1zban az emberek fant\u00e1zi\u00e1j\u00e1t: mi\u00e9rt j\u00f6ttek l\u00e9tre, mi lehet a c\u00e9ljuk \u00e9s egy\u00e1ltal\u00e1n t\u00e9nyleg l\u00e9teznek-e?! Legt\u00f6bbj\u00fck l\u00e9tez\u00e9se ma m\u00e1r egy\u00e1ltal\u00e1n nem k\u00e9rd\u00e9ses, a tagjaik k\u00f6z\u00e9 tartoz\u00f3 emberek tetemes vagyona miatt pedig az sem, hogy val\u00f3sz\u00edn\u0171leg nagyobb hat\u00e1st gyakorolnak a mindennapi \u00e9let\u00fcnkre, mint gondoln\u00e1nk. Cikk\u00fcnkben most \u00f6sszeszedt\u00fcnk n\u00e9h\u00e1ny ilyen titkos t\u00e1rsas\u00e1got, [&hellip;]<\/p>\n","protected":false},"author":13,"featured_media":137468,"comment_status":"open","ping_status":"closed","sticky":false,"template":"","format":"standard","meta":{"buzzeditor_post_format":""},"categories":[23],"tags":[7965,7963,7964],"yoast_head":"<!-- This site is optimized with the Yoast SEO plugin v19.6.1 - https:\/\/yoast.com\/wordpress\/plugins\/seo\/ -->\n<title>7 titkos k\u00f6z\u00f6ss\u00e9g, ami a h\u00e1tt\u00e9rb\u0151l ir\u00e1ny\u00edtja a vil\u00e1got<\/title>\n<meta name=\"description\" content=\"A titkos k\u00f6z\u00f6ss\u00e9gek r\u00e9g\u00f3ta tartj\u00e1k l\u00e1zban az emberek fant\u00e1zi\u00e1j\u00e1t: mi\u00e9rt j\u00f6ttek l\u00e9tre, mi lehet a c\u00e9ljuk \u00e9s egy\u00e1ltal\u00e1n t\u00e9nyleg l\u00e9teznek-e?! Legt\u00f6bbj\u00fck\" \/>\n<meta name=\"robots\" content=\"index, follow, max-snippet:-1, max-image-preview:large, max-video-preview:-1\" \/>\n<link rel=\"canonical\" href=\"https:\/\/liked.hu\/old\/erdekes\/7-titkos-kozosseg-ami-a-hatterbol-iranyitja-a-vilagot\/\" \/>\n<meta property=\"og:locale\" content=\"hu_HU\" \/>\n<meta property=\"og:type\" content=\"article\" \/>\n<meta property=\"og:title\" content=\"7 titkos k\u00f6z\u00f6ss\u00e9g, ami a h\u00e1tt\u00e9rb\u0151l ir\u00e1ny\u00edtja a vil\u00e1got\" \/>\n<meta property=\"og:description\" content=\"A titkos k\u00f6z\u00f6ss\u00e9gek r\u00e9g\u00f3ta tartj\u00e1k l\u00e1zban az emberek fant\u00e1zi\u00e1j\u00e1t: mi\u00e9rt j\u00f6ttek l\u00e9tre, mi lehet a c\u00e9ljuk \u00e9s egy\u00e1ltal\u00e1n t\u00e9nyleg l\u00e9teznek-e?! Legt\u00f6bbj\u00fck\" \/>\n<meta property=\"og:url\" content=\"https:\/\/liked.hu\/old\/erdekes\/7-titkos-kozosseg-ami-a-hatterbol-iranyitja-a-vilagot\/\" \/>\n<meta property=\"og:site_name\" content=\"Liked.hu\" \/>\n<meta property=\"article:publisher\" content=\"https:\/\/www.facebook.com\/liked.hu\" \/>\n<meta property=\"article:published_time\" content=\"2019-04-01T14:34:51+00:00\" \/>\n<meta property=\"article:modified_time\" content=\"2022-09-05T17:12:37+00:00\" \/>\n<meta property=\"og:image\" content=\"https:\/\/liked.hu\/old\/wp-content\/uploads\/2019\/04\/Titkos-szervezetek.jpg\" \/>\n\t<meta property=\"og:image:width\" content=\"1200\" \/>\n\t<meta property=\"og:image:height\" content=\"630\" \/>\n\t<meta property=\"og:image:type\" content=\"image\/jpeg\" \/>\n<meta name=\"author\" content=\"Klingstrom\" \/>\n<meta name=\"twitter:card\" content=\"summary\" \/>\n<meta name=\"twitter:creator\" content=\"@LikedHu\" \/>\n<meta name=\"twitter:site\" content=\"@LikedHu\" \/>\n<meta name=\"twitter:label1\" content=\"Szerz\u0151:\" \/>\n\t<meta name=\"twitter:data1\" content=\"Klingstrom\" \/>\n\t<meta name=\"twitter:label2\" content=\"Becs\u00fclt olvas\u00e1si id\u0151\" \/>\n\t<meta name=\"twitter:data2\" content=\"1 perc\" \/>\n<script type=\"application\/ld+json\" class=\"yoast-schema-graph\">{\"@context\":\"https:\/\/schema.org\",\"@graph\":[{\"@type\":\"Article\",\"@id\":\"https:\/\/liked.hu\/old\/erdekes\/7-titkos-kozosseg-ami-a-hatterbol-iranyitja-a-vilagot\/#article\",\"isPartOf\":{\"@id\":\"https:\/\/liked.hu\/old\/erdekes\/7-titkos-kozosseg-ami-a-hatterbol-iranyitja-a-vilagot\/\"},\"author\":{\"name\":\"Klingstrom\",\"@id\":\"https:\/\/liked.hu\/old\/#\/schema\/person\/1c8d3f8764991e8dcd6572a7de72da8a\"},\"headline\":\"7 titkos k\u00f6z\u00f6ss\u00e9g, ami a h\u00e1tt\u00e9rb\u0151l ir\u00e1ny\u00edtja a vil\u00e1got\",\"datePublished\":\"2019-04-01T14:34:51+00:00\",\"dateModified\":\"2022-09-05T17:12:37+00:00\",\"mainEntityOfPage\":{\"@id\":\"https:\/\/liked.hu\/old\/erdekes\/7-titkos-kozosseg-ami-a-hatterbol-iranyitja-a-vilagot\/\"},\"wordCount\":140,\"commentCount\":1,\"publisher\":{\"@id\":\"https:\/\/liked.hu\/old\/#organization\"},\"keywords\":[\"szabadk\u0151m\u0171vesek\",\"titkos k\u00f6z\u00f6ss\u00e9g\",\"titkos k\u00f6z\u00f6ss\u00e9gek\"],\"articleSection\":[\"\u00c9rdekess\u00e9gek\"],\"inLanguage\":\"hu\",\"potentialAction\":[{\"@type\":\"CommentAction\",\"name\":\"Comment\",\"target\":[\"https:\/\/liked.hu\/old\/erdekes\/7-titkos-kozosseg-ami-a-hatterbol-iranyitja-a-vilagot\/#respond\"]}]},{\"@type\":\"WebPage\",\"@id\":\"https:\/\/liked.hu\/old\/erdekes\/7-titkos-kozosseg-ami-a-hatterbol-iranyitja-a-vilagot\/\",\"url\":\"https:\/\/liked.hu\/old\/erdekes\/7-titkos-kozosseg-ami-a-hatterbol-iranyitja-a-vilagot\/\",\"name\":\"7 titkos k\u00f6z\u00f6ss\u00e9g, ami a h\u00e1tt\u00e9rb\u0151l ir\u00e1ny\u00edtja a vil\u00e1got\",\"isPartOf\":{\"@id\":\"https:\/\/liked.hu\/old\/#website\"},\"datePublished\":\"2019-04-01T14:34:51+00:00\",\"dateModified\":\"2022-09-05T17:12:37+00:00\",\"description\":\"A titkos k\u00f6z\u00f6ss\u00e9gek r\u00e9g\u00f3ta tartj\u00e1k l\u00e1zban az emberek fant\u00e1zi\u00e1j\u00e1t: mi\u00e9rt j\u00f6ttek l\u00e9tre, mi lehet a c\u00e9ljuk \u00e9s egy\u00e1ltal\u00e1n t\u00e9nyleg l\u00e9teznek-e?! Legt\u00f6bbj\u00fck\",\"breadcrumb\":{\"@id\":\"https:\/\/liked.hu\/old\/erdekes\/7-titkos-kozosseg-ami-a-hatterbol-iranyitja-a-vilagot\/#breadcrumb\"},\"inLanguage\":\"hu\",\"potentialAction\":[{\"@type\":\"ReadAction\",\"target\":[\"https:\/\/liked.hu\/old\/erdekes\/7-titkos-kozosseg-ami-a-hatterbol-iranyitja-a-vilagot\/\"]}]},{\"@type\":\"BreadcrumbList\",\"@id\":\"https:\/\/liked.hu\/old\/erdekes\/7-titkos-kozosseg-ami-a-hatterbol-iranyitja-a-vilagot\/#breadcrumb\",\"itemListElement\":[{\"@type\":\"ListItem\",\"position\":1,\"name\":\"Kezd\u0151lap\",\"item\":\"https:\/\/liked.hu\/old\/\"},{\"@type\":\"ListItem\",\"position\":2,\"name\":\"7 titkos k\u00f6z\u00f6ss\u00e9g, ami a h\u00e1tt\u00e9rb\u0151l ir\u00e1ny\u00edtja a vil\u00e1got\"}]},{\"@type\":\"WebSite\",\"@id\":\"https:\/\/liked.hu\/old\/#website\",\"url\":\"https:\/\/liked.hu\/old\/\",\"name\":\"Liked.hu\",\"description\":\"\",\"publisher\":{\"@id\":\"https:\/\/liked.hu\/old\/#organization\"},\"potentialAction\":[{\"@type\":\"SearchAction\",\"target\":{\"@type\":\"EntryPoint\",\"urlTemplate\":\"https:\/\/liked.hu\/old\/?s={search_term_string}\"},\"query-input\":\"required name=search_term_string\"}],\"inLanguage\":\"hu\"},{\"@type\":\"Organization\",\"@id\":\"https:\/\/liked.hu\/old\/#organization\",\"name\":\"Liked.hu\",\"url\":\"https:\/\/liked.hu\/old\/\",\"sameAs\":[\"https:\/\/hu.pinterest.com\/likedhungary\/\",\"https:\/\/www.youtube.com\/channel\/UCPv91dbMoIukYcM9b9nHN6Q\",\"https:\/\/www.facebook.com\/liked.hu\",\"https:\/\/twitter.com\/LikedHu\"],\"logo\":{\"@type\":\"ImageObject\",\"inLanguage\":\"hu\",\"@id\":\"https:\/\/liked.hu\/old\/#\/schema\/logo\/image\/\",\"url\":\"https:\/\/liked.hu\/wp-content\/uploads\/2018\/08\/Liked-icon.png\",\"contentUrl\":\"https:\/\/liked.hu\/wp-content\/uploads\/2018\/08\/Liked-icon.png\",\"width\":512,\"height\":512,\"caption\":\"Liked.hu\"},\"image\":{\"@id\":\"https:\/\/liked.hu\/old\/#\/schema\/logo\/image\/\"}},{\"@type\":\"Person\",\"@id\":\"https:\/\/liked.hu\/old\/#\/schema\/person\/1c8d3f8764991e8dcd6572a7de72da8a\",\"name\":\"Klingstrom\",\"image\":{\"@type\":\"ImageObject\",\"inLanguage\":\"hu\",\"@id\":\"https:\/\/liked.hu\/old\/#\/schema\/person\/image\/\",\"url\":\"https:\/\/liked.hu\/old\/wp-content\/uploads\/avatars\/13\/604de88bd578a-bpfull.jpg\",\"contentUrl\":\"https:\/\/liked.hu\/old\/wp-content\/uploads\/avatars\/13\/604de88bd578a-bpfull.jpg\",\"caption\":\"Klingstrom\"},\"url\":\"https:\/\/liked.hu\/old\/u\/klingstrom\/\"}]}<\/script>\n<!-- \/ Yoast SEO plugin. -->","yoast_head_json":{"title":"7 titkos k\u00f6z\u00f6ss\u00e9g, ami a h\u00e1tt\u00e9rb\u0151l ir\u00e1ny\u00edtja a vil\u00e1got","description":"A titkos k\u00f6z\u00f6ss\u00e9gek r\u00e9g\u00f3ta tartj\u00e1k l\u00e1zban az emberek fant\u00e1zi\u00e1j\u00e1t: mi\u00e9rt j\u00f6ttek l\u00e9tre, mi lehet a c\u00e9ljuk \u00e9s egy\u00e1ltal\u00e1n t\u00e9nyleg l\u00e9teznek-e?! Legt\u00f6bbj\u00fck","robots":{"index":"index","follow":"follow","max-snippet":"max-snippet:-1","max-image-preview":"max-image-preview:large","max-video-preview":"max-video-preview:-1"},"canonical":"https:\/\/liked.hu\/old\/erdekes\/7-titkos-kozosseg-ami-a-hatterbol-iranyitja-a-vilagot\/","og_locale":"hu_HU","og_type":"article","og_title":"7 titkos k\u00f6z\u00f6ss\u00e9g, ami a h\u00e1tt\u00e9rb\u0151l ir\u00e1ny\u00edtja a vil\u00e1got","og_description":"A titkos k\u00f6z\u00f6ss\u00e9gek r\u00e9g\u00f3ta tartj\u00e1k l\u00e1zban az emberek fant\u00e1zi\u00e1j\u00e1t: mi\u00e9rt j\u00f6ttek l\u00e9tre, mi lehet a c\u00e9ljuk \u00e9s egy\u00e1ltal\u00e1n t\u00e9nyleg l\u00e9teznek-e?! Legt\u00f6bbj\u00fck","og_url":"https:\/\/liked.hu\/old\/erdekes\/7-titkos-kozosseg-ami-a-hatterbol-iranyitja-a-vilagot\/","og_site_name":"Liked.hu","article_publisher":"https:\/\/www.facebook.com\/liked.hu","article_published_time":"2019-04-01T14:34:51+00:00","article_modified_time":"2022-09-05T17:12:37+00:00","og_image":[{"width":1200,"height":630,"url":"https:\/\/liked.hu\/old\/wp-content\/uploads\/2019\/04\/Titkos-szervezetek.jpg","type":"image\/jpeg"}],"author":"Klingstrom","twitter_card":"summary","twitter_creator":"@LikedHu","twitter_site":"@LikedHu","twitter_misc":{"Szerz\u0151:":"Klingstrom","Becs\u00fclt olvas\u00e1si id\u0151":"1 perc"},"schema":{"@context":"https:\/\/schema.org","@graph":[{"@type":"Article","@id":"https:\/\/liked.hu\/old\/erdekes\/7-titkos-kozosseg-ami-a-hatterbol-iranyitja-a-vilagot\/#article","isPartOf":{"@id":"https:\/\/liked.hu\/old\/erdekes\/7-titkos-kozosseg-ami-a-hatterbol-iranyitja-a-vilagot\/"},"author":{"name":"Klingstrom","@id":"https:\/\/liked.hu\/old\/#\/schema\/person\/1c8d3f8764991e8dcd6572a7de72da8a"},"headline":"7 titkos k\u00f6z\u00f6ss\u00e9g, ami a h\u00e1tt\u00e9rb\u0151l ir\u00e1ny\u00edtja a vil\u00e1got","datePublished":"2019-04-01T14:34:51+00:00","dateModified":"2022-09-05T17:12:37+00:00","mainEntityOfPage":{"@id":"https:\/\/liked.hu\/old\/erdekes\/7-titkos-kozosseg-ami-a-hatterbol-iranyitja-a-vilagot\/"},"wordCount":140,"commentCount":1,"publisher":{"@id":"https:\/\/liked.hu\/old\/#organization"},"keywords":["szabadk\u0151m\u0171vesek","titkos k\u00f6z\u00f6ss\u00e9g","titkos k\u00f6z\u00f6ss\u00e9gek"],"articleSection":["\u00c9rdekess\u00e9gek"],"inLanguage":"hu","potentialAction":[{"@type":"CommentAction","name":"Comment","target":["https:\/\/liked.hu\/old\/erdekes\/7-titkos-kozosseg-ami-a-hatterbol-iranyitja-a-vilagot\/#respond"]}]},{"@type":"WebPage","@id":"https:\/\/liked.hu\/old\/erdekes\/7-titkos-kozosseg-ami-a-hatterbol-iranyitja-a-vilagot\/","url":"https:\/\/liked.hu\/old\/erdekes\/7-titkos-kozosseg-ami-a-hatterbol-iranyitja-a-vilagot\/","name":"7 titkos k\u00f6z\u00f6ss\u00e9g, ami a h\u00e1tt\u00e9rb\u0151l ir\u00e1ny\u00edtja a vil\u00e1got","isPartOf":{"@id":"https:\/\/liked.hu\/old\/#website"},"datePublished":"2019-04-01T14:34:51+00:00","dateModified":"2022-09-05T17:12:37+00:00","description":"A titkos k\u00f6z\u00f6ss\u00e9gek r\u00e9g\u00f3ta tartj\u00e1k l\u00e1zban az emberek fant\u00e1zi\u00e1j\u00e1t: mi\u00e9rt j\u00f6ttek l\u00e9tre, mi lehet a c\u00e9ljuk \u00e9s egy\u00e1ltal\u00e1n t\u00e9nyleg l\u00e9teznek-e?! Legt\u00f6bbj\u00fck","breadcrumb":{"@id":"https:\/\/liked.hu\/old\/erdekes\/7-titkos-kozosseg-ami-a-hatterbol-iranyitja-a-vilagot\/#breadcrumb"},"inLanguage":"hu","potentialAction":[{"@type":"ReadAction","target":["https:\/\/liked.hu\/old\/erdekes\/7-titkos-kozosseg-ami-a-hatterbol-iranyitja-a-vilagot\/"]}]},{"@type":"BreadcrumbList","@id":"https:\/\/liked.hu\/old\/erdekes\/7-titkos-kozosseg-ami-a-hatterbol-iranyitja-a-vilagot\/#breadcrumb","itemListElement":[{"@type":"ListItem","position":1,"name":"Kezd\u0151lap","item":"https:\/\/liked.hu\/old\/"},{"@type":"ListItem","position":2,"name":"7 titkos k\u00f6z\u00f6ss\u00e9g, ami a h\u00e1tt\u00e9rb\u0151l ir\u00e1ny\u00edtja a vil\u00e1got"}]},{"@type":"WebSite","@id":"https:\/\/liked.hu\/old\/#website","url":"https:\/\/liked.hu\/old\/","name":"Liked.hu","description":"","publisher":{"@id":"https:\/\/liked.hu\/old\/#organization"},"potentialAction":[{"@type":"SearchAction","target":{"@type":"EntryPoint","urlTemplate":"https:\/\/liked.hu\/old\/?s={search_term_string}"},"query-input":"required name=search_term_string"}],"inLanguage":"hu"},{"@type":"Organization","@id":"https:\/\/liked.hu\/old\/#organization","name":"Liked.hu","url":"https:\/\/liked.hu\/old\/","sameAs":["https:\/\/hu.pinterest.com\/likedhungary\/","https:\/\/www.youtube.com\/channel\/UCPv91dbMoIukYcM9b9nHN6Q","https:\/\/www.facebook.com\/liked.hu","https:\/\/twitter.com\/LikedHu"],"logo":{"@type":"ImageObject","inLanguage":"hu","@id":"https:\/\/liked.hu\/old\/#\/schema\/logo\/image\/","url":"https:\/\/liked.hu\/wp-content\/uploads\/2018\/08\/Liked-icon.png","contentUrl":"https:\/\/liked.hu\/wp-content\/uploads\/2018\/08\/Liked-icon.png","width":512,"height":512,"caption":"Liked.hu"},"image":{"@id":"https:\/\/liked.hu\/old\/#\/schema\/logo\/image\/"}},{"@type":"Person","@id":"https:\/\/liked.hu\/old\/#\/schema\/person\/1c8d3f8764991e8dcd6572a7de72da8a","name":"Klingstrom","image":{"@type":"ImageObject","inLanguage":"hu","@id":"https:\/\/liked.hu\/old\/#\/schema\/person\/image\/","url":"https:\/\/liked.hu\/old\/wp-content\/uploads\/avatars\/13\/604de88bd578a-bpfull.jpg","contentUrl":"https:\/\/liked.hu\/old\/wp-content\/uploads\/avatars\/13\/604de88bd578a-bpfull.jpg","caption":"Klingstrom"},"url":"https:\/\/liked.hu\/old\/u\/klingstrom\/"}]}},"publishpress_future_action":{"enabled":false,"date":"1970-01-01 01:00:00","action":"","terms":[],"taxonomy":"","browser_timezone_offset":0},"_links":{"self":[{"href":"https:\/\/liked.hu\/old\/wp-json\/wp\/v2\/posts\/137456"}],"collection":[{"href":"https:\/\/liked.hu\/old\/wp-json\/wp\/v2\/posts"}],"about":[{"href":"https:\/\/liked.hu\/old\/wp-json\/wp\/v2\/types\/post"}],"author":[{"embeddable":true,"href":"https:\/\/liked.hu\/old\/wp-json\/wp\/v2\/users\/13"}],"replies":[{"embeddable":true,"href":"https:\/\/liked.hu\/old\/wp-json\/wp\/v2\/comments?post=137456"}],"version-history":[{"count":0,"href":"https:\/\/liked.hu\/old\/wp-json\/wp\/v2\/posts\/137456\/revisions"}],"wp:featuredmedia":[{"embeddable":true,"href":"https:\/\/liked.hu\/old\/wp-json\/wp\/v2\/media\/137468"}],"wp:attachment":[{"href":"https:\/\/liked.hu\/old\/wp-json\/wp\/v2\/media?parent=137456"}],"wp:term":[{"taxonomy":"category","embeddable":true,"href":"https:\/\/liked.hu\/old\/wp-json\/wp\/v2\/categories?post=137456"},{"taxonomy":"post_tag","embeddable":true,"href":"https:\/\/liked.hu\/old\/wp-json\/wp\/v2\/tags?post=137456"}],"curies":[{"name":"wp","href":"https:\/\/api.w.org\/{rel}","templated":true}]}}