{"id":137074,"date":"2019-03-28T21:35:07","date_gmt":"2019-03-28T19:35:07","guid":{"rendered":"https:\/\/liked.hu\/old\/?p=137074"},"modified":"2022-09-05T19:09:54","modified_gmt":"2022-09-05T17:09:54","slug":"igy-nez-ki-a-volkswagen-eszak-amerikai-sivatagban-talalhato-autotemetoje","status":"publish","type":"post","link":"https:\/\/liked.hu\/old\/erdekes\/igy-nez-ki-a-volkswagen-eszak-amerikai-sivatagban-talalhato-autotemetoje\/","title":{"rendered":"\u00cdgy n\u00e9z ki a Volkswagen \u00e9szak-amerikai sivatagban tal\u00e1lhat\u00f3 aut\u00f3temet\u0151je"},"content":{"rendered":"<p>Minden id\u0151k tal\u00e1n legnagyobb j\u00e1rm\u0171ipari botr\u00e1nya 2015 \u0151sz\u00e9n robbant ki, amikor hivatalosan is bejelentett\u00e9k, hogy a Volkswagen az eg\u00e9sz vil\u00e1got \u00e1tverve meghamis\u00edtotta a d\u00edzelmotorjainak k\u00e1rosanyag-kibocs\u00e1t\u00e1s\u00e1ra vonatkoz\u00f3 adatait.<\/p>\n\n<div style=\"float:none;margin:0px 0 0px 0;text-align:center;\">\n<div class=\"mobileShowkakettes\"><div class=\"mobileShowka2\"><div style=\"padding-top:0px;padding-bottom:15px;min-height: 300px;\"><div class=\"hirdetes\">HIRDET\u00c9S<\/div>\n<!-- 300lista -->\n<ins class=\"adsbygoogle\"\n     style=\"display:inline-block;width:300px;height:250px\"\n     data-ad-client=\"ca-pub-9424088931673893\"\n     data-ad-slot=\"8471340766\"><\/ins>\n<script async>\n     (adsbygoogle = window.adsbygoogle || []).push({});\n<\/script><\/div><\/div><\/div><\/div>\n\n<p>A lebuk\u00e1ssal hatalmas pofonba szaladt bele a c\u00e9g, amit az \u00e9szak-amerikai Mojave-sivatagban tal\u00e1lhat\u00f3 aut\u00f3temet\u0151j\u00fck is j\u00f3l mutat, ahol t\u00f6bb mint 14 ezer vadonat\u00faj \u00e9s visszah\u00edvott modellj\u00fck v\u00e1rja a megv\u00e1lt\u00e1st.<\/p>\n<div id=\"zombify-main-section-front\" class=\"zombify-main-section-front zombify-screen zf-media-full\">\r\n<link rel=\"stylesheet\" type=\"text\/css\" href=\"https:\/\/liked.hu\/old\/js\/zombify.css\">\r\n    <link rel=\"stylesheet\" type=\"text\/css\" href=\"https:\/\/liked.hu\/old\/wp-content\/themes\/newsy-child\/style.css\">\r\n\t\r\n    <div class=\"zf-container\">\r\n\r\n\r\n        <div id=\"zf-story\" class=\"zf-story\">\r\n            <div class=\"zf-story_item\">\r\n\t<h3 class=\"zf_title\"><\/h3>\r\n\t\t\t<figure class=\"zf-story_media zf-media-wrapper zf-image zf-type-image\">\r\n\t\t\t<div class=\"zf-media\">\r\n\t\t\t\t<img width=\"800\" height=\"533\" src=\"https:\/\/liked.hu\/old\/wp-content\/uploads\/2019\/03\/1-233.jpg\" class=\"\" alt=\"\" loading=\"lazy\" style=\"\" srcset=\"https:\/\/liked.hu\/old\/wp-content\/uploads\/2019\/03\/1-233.jpg 800w, https:\/\/liked.hu\/old\/wp-content\/uploads\/2019\/03\/1-233-300x200.jpg 300w, https:\/\/liked.hu\/old\/wp-content\/uploads\/2019\/03\/1-233-768x512.jpg 768w, https:\/\/liked.hu\/old\/wp-content\/uploads\/2019\/03\/1-233-500x333.jpg 500w, https:\/\/liked.hu\/old\/wp-content\/uploads\/2019\/03\/1-233-360x240.jpg 360w, https:\/\/liked.hu\/old\/wp-content\/uploads\/2019\/03\/1-233-545x363.jpg 545w\" sizes=\"(max-width: 800px) 100vw, 800px\" \/>\t\t\t\t\t<figcaption class=\"zf-figcaption\">\r\n\t\t\t\t\t\t<cite>\r\n\t\t\t\t\t\t\t<a href=\"https:\/\/liked.hu\/kimeno.php?https:\/\/google.hu\"\r\n\t\t\t\t\t\t\t   class=\"zf-media_credit\"\r\n\t\t\t\t\t\t\t   target=\"_blank\"\r\n\t\t\t\t\t\t\t   rel=\"nofollow noopener\">forr\u00e1s<\/a>\r\n\t\t\t\t\t\t<\/cite>\r\n\t\t\t\t\t<\/figcaption>\r\n\t\t\t\t\t\t\t<\/div>\r\n\t\t<\/figure>\r\n\t\t\t\t\t<div class=\"zf_description\"><p>Az aut\u00f3temet\u0151 a kaliforniai Victorville v\u00e1rost\u00f3l nem messze tal\u00e1lhat\u00f3, egy r\u00e9gi rep\u00fcl\u0151t\u00e9r k\u00f6zvetlen szomsz\u00e9ds\u00e1g\u00e1ban. Ide hozz\u00e1k p\u00e9ld\u00e1ul az \u00faj \u00e9s visszah\u00edvott Golfokat, Q3-as Audikat vagy \u00e9pp Jett\u00e1kat.<\/p><\/div><\/div><div class=\"zf-story_item\">\r\n\t<h3 class=\"zf_title\"><\/h3>\r\n\t\t\t<figure class=\"zf-story_media zf-media-wrapper zf-image zf-type-image\">\r\n\t\t\t<div class=\"zf-media\">\r\n\t\t\t\t<img width=\"800\" height=\"533\" src=\"https:\/\/liked.hu\/old\/wp-content\/uploads\/2019\/03\/2-238.jpg\" class=\"\" alt=\"\" loading=\"lazy\" style=\"\" srcset=\"https:\/\/liked.hu\/old\/wp-content\/uploads\/2019\/03\/2-238.jpg 800w, https:\/\/liked.hu\/old\/wp-content\/uploads\/2019\/03\/2-238-300x200.jpg 300w, https:\/\/liked.hu\/old\/wp-content\/uploads\/2019\/03\/2-238-768x512.jpg 768w, https:\/\/liked.hu\/old\/wp-content\/uploads\/2019\/03\/2-238-500x333.jpg 500w, https:\/\/liked.hu\/old\/wp-content\/uploads\/2019\/03\/2-238-360x240.jpg 360w, https:\/\/liked.hu\/old\/wp-content\/uploads\/2019\/03\/2-238-545x363.jpg 545w\" sizes=\"(max-width: 800px) 100vw, 800px\" \/>\t\t\t\t\t<figcaption class=\"zf-figcaption\">\r\n\t\t\t\t\t\t<cite>\r\n\t\t\t\t\t\t\t<a href=\"https:\/\/liked.hu\/kimeno.php?https:\/\/google.hu\"\r\n\t\t\t\t\t\t\t   class=\"zf-media_credit\"\r\n\t\t\t\t\t\t\t   target=\"_blank\"\r\n\t\t\t\t\t\t\t   rel=\"nofollow noopener\">forr\u00e1s<\/a>\r\n\t\t\t\t\t\t<\/cite>\r\n\t\t\t\t\t<\/figcaption>\r\n\t\t\t\t\t\t\t<\/div>\r\n\t\t<\/figure>\r\n\t\t\t\t\t<div class=\"zf_description\"><p>A Volkswagen \u00e1ll\u00edt\u00e1sa szerint az Egyes\u00fclt \u00c1llamok ter\u00fclet\u00e9n t\u00f6bb aut\u00f3temet\u0151j\u00fck is tal\u00e1lhat\u00f3, amik az orsz\u00e1g k\u00f6rnyezetv\u00e9delmi \u00fcgyn\u00f6ks\u00e9g\u00e9nek (EPA) folyamatos fel\u00fcgyelete alatt m\u0171k\u00f6dnek, ezzel biztos\u00edtva, hogy val\u00f3ban elv\u00e9gezz\u00e9k a sz\u00fcks\u00e9ges m\u00f3dos\u00edt\u00e1sokat az aut\u00f3kon, miel\u0151tt azok visszaker\u00fclhetn\u00e9nek a forgalomba. T\u00f6bbek k\u00f6z\u00f6tt friss\u00edtik az aut\u00f3k szoftver firmware-j\u00e9t, m\u00f3dos\u00edtj\u00e1k a r\u00e9szecskesz\u0171r\u0151iket, \u00e9s telep\u00edtik az \u00faj, friss\u00edtett SCR rendszert.<\/p><\/div><\/div><div class=\"zf-story_item\">\r\n\t<h3 class=\"zf_title\"><\/h3>\r\n\t\t\t<figure class=\"zf-story_media zf-media-wrapper zf-image zf-type-image\">\r\n\t\t\t<div class=\"zf-media\">\r\n\t\t\t\t<img width=\"800\" height=\"533\" src=\"https:\/\/liked.hu\/old\/wp-content\/uploads\/2019\/03\/3-229.jpg\" class=\"\" alt=\"\" loading=\"lazy\" style=\"\" srcset=\"https:\/\/liked.hu\/old\/wp-content\/uploads\/2019\/03\/3-229.jpg 800w, https:\/\/liked.hu\/old\/wp-content\/uploads\/2019\/03\/3-229-300x200.jpg 300w, https:\/\/liked.hu\/old\/wp-content\/uploads\/2019\/03\/3-229-768x512.jpg 768w, https:\/\/liked.hu\/old\/wp-content\/uploads\/2019\/03\/3-229-500x333.jpg 500w, https:\/\/liked.hu\/old\/wp-content\/uploads\/2019\/03\/3-229-360x240.jpg 360w, https:\/\/liked.hu\/old\/wp-content\/uploads\/2019\/03\/3-229-545x363.jpg 545w\" sizes=\"(max-width: 800px) 100vw, 800px\" \/>\t\t\t\t\t<figcaption class=\"zf-figcaption\">\r\n\t\t\t\t\t\t<cite>\r\n\t\t\t\t\t\t\t<a href=\"https:\/\/liked.hu\/kimeno.php?https:\/\/google.hu\"\r\n\t\t\t\t\t\t\t   class=\"zf-media_credit\"\r\n\t\t\t\t\t\t\t   target=\"_blank\"\r\n\t\t\t\t\t\t\t   rel=\"nofollow noopener\">forr\u00e1s<\/a>\r\n\t\t\t\t\t\t<\/cite>\r\n\t\t\t\t\t<\/figcaption>\r\n\t\t\t\t\t\t\t<\/div>\r\n\t\t<\/figure>\r\n\t\t\t<\/div><div class=\"zf-story_item\">\r\n\t<h3 class=\"zf_title\"><\/h3>\r\n\t\t\t<figure class=\"zf-story_media zf-media-wrapper zf-image zf-type-image\">\r\n\t\t\t<div class=\"zf-media\">\r\n\t\t\t\t<img width=\"800\" height=\"533\" src=\"https:\/\/liked.hu\/old\/wp-content\/uploads\/2019\/03\/4-225.jpg\" class=\"\" alt=\"\" loading=\"lazy\" style=\"\" srcset=\"https:\/\/liked.hu\/old\/wp-content\/uploads\/2019\/03\/4-225.jpg 800w, https:\/\/liked.hu\/old\/wp-content\/uploads\/2019\/03\/4-225-300x200.jpg 300w, https:\/\/liked.hu\/old\/wp-content\/uploads\/2019\/03\/4-225-768x512.jpg 768w, https:\/\/liked.hu\/old\/wp-content\/uploads\/2019\/03\/4-225-500x333.jpg 500w, https:\/\/liked.hu\/old\/wp-content\/uploads\/2019\/03\/4-225-360x240.jpg 360w, https:\/\/liked.hu\/old\/wp-content\/uploads\/2019\/03\/4-225-545x363.jpg 545w\" sizes=\"(max-width: 800px) 100vw, 800px\" \/>\t\t\t\t\t<figcaption class=\"zf-figcaption\">\r\n\t\t\t\t\t\t<cite>\r\n\t\t\t\t\t\t\t<a href=\"https:\/\/liked.hu\/kimeno.php?https:\/\/google.hu\"\r\n\t\t\t\t\t\t\t   class=\"zf-media_credit\"\r\n\t\t\t\t\t\t\t   target=\"_blank\"\r\n\t\t\t\t\t\t\t   rel=\"nofollow noopener\">forr\u00e1s<\/a>\r\n\t\t\t\t\t\t<\/cite>\r\n\t\t\t\t\t<\/figcaption>\r\n\t\t\t\t\t\t\t<\/div>\r\n\t\t<\/figure>\r\n\t\t\t\t\t<div class=\"zf_description\"><p>A v\u00e1llalat szerint havonta 8-10 ezer aut\u00f3 esik \u00e1t a moderniz\u00e1l\u00e1son, \u00e1m ez \u00edgy is eleny\u00e9sz\u0151 a t\u00f6bb sz\u00e1zezer \u00e9rintett modellhez k\u00e9pest.<\/p><\/div><\/div><div class=\"zf-story_item\">\r\n\t<h3 class=\"zf_title\"><\/h3>\r\n\t\t\t<figure class=\"zf-story_media zf-media-wrapper zf-image zf-type-image\">\r\n\t\t\t<div class=\"zf-media\">\r\n\t\t\t\t<img width=\"800\" height=\"533\" src=\"https:\/\/liked.hu\/old\/wp-content\/uploads\/2019\/03\/5-220.jpg\" class=\"\" alt=\"\" loading=\"lazy\" style=\"\" srcset=\"https:\/\/liked.hu\/old\/wp-content\/uploads\/2019\/03\/5-220.jpg 800w, https:\/\/liked.hu\/old\/wp-content\/uploads\/2019\/03\/5-220-300x200.jpg 300w, https:\/\/liked.hu\/old\/wp-content\/uploads\/2019\/03\/5-220-768x512.jpg 768w, https:\/\/liked.hu\/old\/wp-content\/uploads\/2019\/03\/5-220-500x333.jpg 500w, https:\/\/liked.hu\/old\/wp-content\/uploads\/2019\/03\/5-220-360x240.jpg 360w, https:\/\/liked.hu\/old\/wp-content\/uploads\/2019\/03\/5-220-545x363.jpg 545w\" sizes=\"(max-width: 800px) 100vw, 800px\" \/>\t\t\t\t\t<figcaption class=\"zf-figcaption\">\r\n\t\t\t\t\t\t<cite>\r\n\t\t\t\t\t\t\t<a href=\"https:\/\/liked.hu\/kimeno.php?https:\/\/google.hu\"\r\n\t\t\t\t\t\t\t   class=\"zf-media_credit\"\r\n\t\t\t\t\t\t\t   target=\"_blank\"\r\n\t\t\t\t\t\t\t   rel=\"nofollow noopener\">forr\u00e1s<\/a>\r\n\t\t\t\t\t\t<\/cite>\r\n\t\t\t\t\t<\/figcaption>\r\n\t\t\t\t\t\t\t<\/div>\r\n\t\t<\/figure>\r\n\t\t\t\t\t<div class=\"zf_description\"><p>Mivel azonban a Volkswagen az\u00f3ta t\u00f6bb \u00faj modellt is kiadott, ez\u00e9rt a r\u00e9gi, \u00e1talak\u00edtott aut\u00f3kra egyre kisebb a kereslet. B\u00e1r kitart\u00f3an pr\u00f3b\u00e1lkoznak az elad\u00e1sukkal, az aut\u00f3temet\u0151kben ragadt szem\u00e9lyaut\u00f3k t\u00falnyom\u00f3 t\u00f6bbs\u00e9g\u00e9re m\u00e9gis nagy val\u00f3sz\u00edn\u0171s\u00e9ggel az elker\u00fclhetetlen \u00fajrahasznos\u00edt\u00e1s v\u00e1r \u2013 ami \u00f3ri\u00e1si anyagi vesztes\u00e9get jelent a c\u00e9g sz\u00e1m\u00e1ra.<\/p><\/div><\/div><div class=\"zf-story_item\">\r\n\t<h3 class=\"zf_title\"><\/h3>\r\n\t\t\t<figure class=\"zf-story_media zf-media-wrapper zf-image zf-type-image\">\r\n\t\t\t<div class=\"zf-media\">\r\n\t\t\t\t<img width=\"800\" height=\"533\" src=\"https:\/\/liked.hu\/old\/wp-content\/uploads\/2019\/03\/6-221.jpg\" class=\"\" alt=\"\" loading=\"lazy\" style=\"\" srcset=\"https:\/\/liked.hu\/old\/wp-content\/uploads\/2019\/03\/6-221.jpg 800w, https:\/\/liked.hu\/old\/wp-content\/uploads\/2019\/03\/6-221-300x200.jpg 300w, https:\/\/liked.hu\/old\/wp-content\/uploads\/2019\/03\/6-221-768x512.jpg 768w, https:\/\/liked.hu\/old\/wp-content\/uploads\/2019\/03\/6-221-500x333.jpg 500w, https:\/\/liked.hu\/old\/wp-content\/uploads\/2019\/03\/6-221-360x240.jpg 360w, https:\/\/liked.hu\/old\/wp-content\/uploads\/2019\/03\/6-221-545x363.jpg 545w\" sizes=\"(max-width: 800px) 100vw, 800px\" \/>\t\t\t\t\t<figcaption class=\"zf-figcaption\">\r\n\t\t\t\t\t\t<cite>\r\n\t\t\t\t\t\t\t<a href=\"https:\/\/liked.hu\/kimeno.php?https:\/\/google.hu\"\r\n\t\t\t\t\t\t\t   class=\"zf-media_credit\"\r\n\t\t\t\t\t\t\t   target=\"_blank\"\r\n\t\t\t\t\t\t\t   rel=\"nofollow noopener\">forr\u00e1s<\/a>\r\n\t\t\t\t\t\t<\/cite>\r\n\t\t\t\t\t<\/figcaption>\r\n\t\t\t\t\t\t\t<\/div>\r\n\t\t<\/figure>\r\n\t\t\t\t\t<div class=\"zf_description\"><p>Arr\u00f3l nem besz\u00e9lve, hogy az id\u0151 is ellen\u00fck dolgozik, a Mojave-sivatagban tal\u00e1lhat\u00f3 t\u00f6bb ezer aut\u00f3 ugyanis folyamatosan porosodik \u00e9s amortiz\u00e1l\u00f3dik, ami mind az \u00fajb\u00f3li elad\u00e1st, mind pedig az \u00fajrahasznos\u00edt\u00e1st megnehez\u00edti.<\/p><\/div><\/div><div class=\"zf-story_item\">\r\n\t<h3 class=\"zf_title\"><\/h3>\r\n\t\t\t<figure class=\"zf-story_media zf-media-wrapper zf-image zf-type-image\">\r\n\t\t\t<div class=\"zf-media\">\r\n\t\t\t\t<img width=\"800\" height=\"533\" src=\"https:\/\/liked.hu\/old\/wp-content\/uploads\/2019\/03\/8-212.jpg\" class=\"\" alt=\"\" loading=\"lazy\" style=\"\" srcset=\"https:\/\/liked.hu\/old\/wp-content\/uploads\/2019\/03\/8-212.jpg 800w, https:\/\/liked.hu\/old\/wp-content\/uploads\/2019\/03\/8-212-300x200.jpg 300w, https:\/\/liked.hu\/old\/wp-content\/uploads\/2019\/03\/8-212-768x512.jpg 768w, https:\/\/liked.hu\/old\/wp-content\/uploads\/2019\/03\/8-212-500x333.jpg 500w, https:\/\/liked.hu\/old\/wp-content\/uploads\/2019\/03\/8-212-360x240.jpg 360w, https:\/\/liked.hu\/old\/wp-content\/uploads\/2019\/03\/8-212-545x363.jpg 545w\" sizes=\"(max-width: 800px) 100vw, 800px\" \/>\t\t\t\t\t<figcaption class=\"zf-figcaption\">\r\n\t\t\t\t\t\t<cite>\r\n\t\t\t\t\t\t\t<a href=\"https:\/\/liked.hu\/kimeno.php?https:\/\/google.hu\"\r\n\t\t\t\t\t\t\t   class=\"zf-media_credit\"\r\n\t\t\t\t\t\t\t   target=\"_blank\"\r\n\t\t\t\t\t\t\t   rel=\"nofollow noopener\">forr\u00e1s<\/a>\r\n\t\t\t\t\t\t<\/cite>\r\n\t\t\t\t\t<\/figcaption>\r\n\t\t\t\t\t\t\t<\/div>\r\n\t\t<\/figure>\r\n\t\t\t<\/div><div class=\"zf-story_item\">\r\n\t<h3 class=\"zf_title\"><\/h3>\r\n\t\t\t<figure class=\"zf-story_media zf-media-wrapper zf-image zf-type-image\">\r\n\t\t\t<div class=\"zf-media\">\r\n\t\t\t\t<img width=\"800\" height=\"533\" src=\"https:\/\/liked.hu\/old\/wp-content\/uploads\/2019\/03\/15-183.jpg\" class=\"\" alt=\"\" loading=\"lazy\" style=\"\" srcset=\"https:\/\/liked.hu\/old\/wp-content\/uploads\/2019\/03\/15-183.jpg 800w, https:\/\/liked.hu\/old\/wp-content\/uploads\/2019\/03\/15-183-300x200.jpg 300w, https:\/\/liked.hu\/old\/wp-content\/uploads\/2019\/03\/15-183-768x512.jpg 768w, https:\/\/liked.hu\/old\/wp-content\/uploads\/2019\/03\/15-183-500x333.jpg 500w, https:\/\/liked.hu\/old\/wp-content\/uploads\/2019\/03\/15-183-360x240.jpg 360w, https:\/\/liked.hu\/old\/wp-content\/uploads\/2019\/03\/15-183-545x363.jpg 545w\" sizes=\"(max-width: 800px) 100vw, 800px\" \/>\t\t\t\t\t<figcaption class=\"zf-figcaption\">\r\n\t\t\t\t\t\t<cite>\r\n\t\t\t\t\t\t\t<a href=\"https:\/\/liked.hu\/kimeno.php?https:\/\/google.hu\"\r\n\t\t\t\t\t\t\t   class=\"zf-media_credit\"\r\n\t\t\t\t\t\t\t   target=\"_blank\"\r\n\t\t\t\t\t\t\t   rel=\"nofollow noopener\">forr\u00e1s<\/a>\r\n\t\t\t\t\t\t<\/cite>\r\n\t\t\t\t\t<\/figcaption>\r\n\t\t\t\t\t\t\t<\/div>\r\n\t\t<\/figure>\r\n\t\t\t<\/div><div class=\"zf-story_item\">\r\n\t<h3 class=\"zf_title\"><\/h3>\r\n\t\t\t<figure class=\"zf-story_media zf-media-wrapper zf-image zf-type-image\">\r\n\t\t\t<div class=\"zf-media\">\r\n\t\t\t\t<img width=\"800\" height=\"533\" src=\"https:\/\/liked.hu\/old\/wp-content\/uploads\/2019\/03\/14-188.jpg\" class=\"\" alt=\"\" loading=\"lazy\" style=\"\" srcset=\"https:\/\/liked.hu\/old\/wp-content\/uploads\/2019\/03\/14-188.jpg 800w, https:\/\/liked.hu\/old\/wp-content\/uploads\/2019\/03\/14-188-300x200.jpg 300w, https:\/\/liked.hu\/old\/wp-content\/uploads\/2019\/03\/14-188-768x512.jpg 768w, https:\/\/liked.hu\/old\/wp-content\/uploads\/2019\/03\/14-188-500x333.jpg 500w, https:\/\/liked.hu\/old\/wp-content\/uploads\/2019\/03\/14-188-360x240.jpg 360w, https:\/\/liked.hu\/old\/wp-content\/uploads\/2019\/03\/14-188-545x363.jpg 545w\" sizes=\"(max-width: 800px) 100vw, 800px\" \/>\t\t\t\t\t<figcaption class=\"zf-figcaption\">\r\n\t\t\t\t\t\t<cite>\r\n\t\t\t\t\t\t\t<a href=\"https:\/\/liked.hu\/kimeno.php?https:\/\/google.hu\"\r\n\t\t\t\t\t\t\t   class=\"zf-media_credit\"\r\n\t\t\t\t\t\t\t   target=\"_blank\"\r\n\t\t\t\t\t\t\t   rel=\"nofollow noopener\">forr\u00e1s<\/a>\r\n\t\t\t\t\t\t<\/cite>\r\n\t\t\t\t\t<\/figcaption>\r\n\t\t\t\t\t\t\t<\/div>\r\n\t\t<\/figure>\r\n\t\t\t<\/div><div class=\"zf-story_item\">\r\n\t<h3 class=\"zf_title\"><\/h3>\r\n\t\t\t<figure class=\"zf-story_media zf-media-wrapper zf-image zf-type-image\">\r\n\t\t\t<div class=\"zf-media\">\r\n\t\t\t\t<img width=\"800\" height=\"533\" src=\"https:\/\/liked.hu\/old\/wp-content\/uploads\/2019\/03\/13-191.jpg\" class=\"\" alt=\"\" loading=\"lazy\" style=\"\" srcset=\"https:\/\/liked.hu\/old\/wp-content\/uploads\/2019\/03\/13-191.jpg 800w, https:\/\/liked.hu\/old\/wp-content\/uploads\/2019\/03\/13-191-300x200.jpg 300w, https:\/\/liked.hu\/old\/wp-content\/uploads\/2019\/03\/13-191-768x512.jpg 768w, https:\/\/liked.hu\/old\/wp-content\/uploads\/2019\/03\/13-191-500x333.jpg 500w, https:\/\/liked.hu\/old\/wp-content\/uploads\/2019\/03\/13-191-360x240.jpg 360w, https:\/\/liked.hu\/old\/wp-content\/uploads\/2019\/03\/13-191-545x363.jpg 545w\" sizes=\"(max-width: 800px) 100vw, 800px\" \/>\t\t\t\t\t<figcaption class=\"zf-figcaption\">\r\n\t\t\t\t\t\t<cite>\r\n\t\t\t\t\t\t\t<a href=\"https:\/\/liked.hu\/kimeno.php?https:\/\/google.hu\"\r\n\t\t\t\t\t\t\t   class=\"zf-media_credit\"\r\n\t\t\t\t\t\t\t   target=\"_blank\"\r\n\t\t\t\t\t\t\t   rel=\"nofollow noopener\">forr\u00e1s<\/a>\r\n\t\t\t\t\t\t<\/cite>\r\n\t\t\t\t\t<\/figcaption>\r\n\t\t\t\t\t\t\t<\/div>\r\n\t\t<\/figure>\r\n\t\t\t<\/div><div class=\"zf-story_item\">\r\n\t<h3 class=\"zf_title\"><\/h3>\r\n\t\t\t<figure class=\"zf-story_media zf-media-wrapper zf-image zf-type-image\">\r\n\t\t\t<div class=\"zf-media\">\r\n\t\t\t\t<img width=\"800\" height=\"533\" src=\"https:\/\/liked.hu\/old\/wp-content\/uploads\/2019\/03\/12-187.jpg\" class=\"\" alt=\"\" loading=\"lazy\" style=\"\" srcset=\"https:\/\/liked.hu\/old\/wp-content\/uploads\/2019\/03\/12-187.jpg 800w, https:\/\/liked.hu\/old\/wp-content\/uploads\/2019\/03\/12-187-300x200.jpg 300w, https:\/\/liked.hu\/old\/wp-content\/uploads\/2019\/03\/12-187-768x512.jpg 768w, https:\/\/liked.hu\/old\/wp-content\/uploads\/2019\/03\/12-187-500x333.jpg 500w, https:\/\/liked.hu\/old\/wp-content\/uploads\/2019\/03\/12-187-360x240.jpg 360w, https:\/\/liked.hu\/old\/wp-content\/uploads\/2019\/03\/12-187-545x363.jpg 545w\" sizes=\"(max-width: 800px) 100vw, 800px\" \/>\t\t\t\t\t<figcaption class=\"zf-figcaption\">\r\n\t\t\t\t\t\t<cite>\r\n\t\t\t\t\t\t\t<a href=\"https:\/\/liked.hu\/kimeno.php?https:\/\/google.hu\"\r\n\t\t\t\t\t\t\t   class=\"zf-media_credit\"\r\n\t\t\t\t\t\t\t   target=\"_blank\"\r\n\t\t\t\t\t\t\t   rel=\"nofollow noopener\">forr\u00e1s<\/a>\r\n\t\t\t\t\t\t<\/cite>\r\n\t\t\t\t\t<\/figcaption>\r\n\t\t\t\t\t\t\t<\/div>\r\n\t\t<\/figure>\r\n\t\t\t<\/div><div class=\"zf-story_item\">\r\n\t<h3 class=\"zf_title\"><\/h3>\r\n\t\t\t<figure class=\"zf-story_media zf-media-wrapper zf-image zf-type-image\">\r\n\t\t\t<div class=\"zf-media\">\r\n\t\t\t\t<img width=\"800\" height=\"533\" src=\"https:\/\/liked.hu\/old\/wp-content\/uploads\/2019\/03\/11-197.jpg\" class=\"\" alt=\"\" loading=\"lazy\" style=\"\" srcset=\"https:\/\/liked.hu\/old\/wp-content\/uploads\/2019\/03\/11-197.jpg 800w, https:\/\/liked.hu\/old\/wp-content\/uploads\/2019\/03\/11-197-300x200.jpg 300w, https:\/\/liked.hu\/old\/wp-content\/uploads\/2019\/03\/11-197-768x512.jpg 768w, https:\/\/liked.hu\/old\/wp-content\/uploads\/2019\/03\/11-197-500x333.jpg 500w, https:\/\/liked.hu\/old\/wp-content\/uploads\/2019\/03\/11-197-360x240.jpg 360w, https:\/\/liked.hu\/old\/wp-content\/uploads\/2019\/03\/11-197-545x363.jpg 545w\" sizes=\"(max-width: 800px) 100vw, 800px\" \/>\t\t\t\t\t<figcaption class=\"zf-figcaption\">\r\n\t\t\t\t\t\t<cite>\r\n\t\t\t\t\t\t\t<a href=\"https:\/\/liked.hu\/kimeno.php?https:\/\/google.hu\"\r\n\t\t\t\t\t\t\t   class=\"zf-media_credit\"\r\n\t\t\t\t\t\t\t   target=\"_blank\"\r\n\t\t\t\t\t\t\t   rel=\"nofollow noopener\">forr\u00e1s<\/a>\r\n\t\t\t\t\t\t<\/cite>\r\n\t\t\t\t\t<\/figcaption>\r\n\t\t\t\t\t\t\t<\/div>\r\n\t\t<\/figure>\r\n\t\t\t<\/div><div class=\"zf-story_item\">\r\n\t<h3 class=\"zf_title\"><\/h3>\r\n\t\t\t<figure class=\"zf-story_media zf-media-wrapper zf-image zf-type-image\">\r\n\t\t\t<div class=\"zf-media\">\r\n\t\t\t\t<img width=\"800\" height=\"533\" src=\"https:\/\/liked.hu\/old\/wp-content\/uploads\/2019\/03\/10-209.jpg\" class=\"\" alt=\"\" loading=\"lazy\" style=\"\" srcset=\"https:\/\/liked.hu\/old\/wp-content\/uploads\/2019\/03\/10-209.jpg 800w, https:\/\/liked.hu\/old\/wp-content\/uploads\/2019\/03\/10-209-300x200.jpg 300w, https:\/\/liked.hu\/old\/wp-content\/uploads\/2019\/03\/10-209-768x512.jpg 768w, https:\/\/liked.hu\/old\/wp-content\/uploads\/2019\/03\/10-209-500x333.jpg 500w, https:\/\/liked.hu\/old\/wp-content\/uploads\/2019\/03\/10-209-360x240.jpg 360w, https:\/\/liked.hu\/old\/wp-content\/uploads\/2019\/03\/10-209-545x363.jpg 545w\" sizes=\"(max-width: 800px) 100vw, 800px\" \/>\t\t\t\t\t<figcaption class=\"zf-figcaption\">\r\n\t\t\t\t\t\t<cite>\r\n\t\t\t\t\t\t\t<a href=\"https:\/\/liked.hu\/kimeno.php?https:\/\/google.hu\"\r\n\t\t\t\t\t\t\t   class=\"zf-media_credit\"\r\n\t\t\t\t\t\t\t   target=\"_blank\"\r\n\t\t\t\t\t\t\t   rel=\"nofollow noopener\">forr\u00e1s<\/a>\r\n\t\t\t\t\t\t<\/cite>\r\n\t\t\t\t\t<\/figcaption>\r\n\t\t\t\t\t\t\t<\/div>\r\n\t\t<\/figure>\r\n\t\t\t<\/div><div class=\"zf-story_item\">\r\n\t<h3 class=\"zf_title\"><\/h3>\r\n\t\t\t<figure class=\"zf-story_media zf-media-wrapper zf-image zf-type-image\">\r\n\t\t\t<div class=\"zf-media\">\r\n\t\t\t\t<img width=\"800\" height=\"533\" src=\"https:\/\/liked.hu\/old\/wp-content\/uploads\/2019\/03\/9-208.jpg\" class=\"\" alt=\"\" loading=\"lazy\" style=\"\" srcset=\"https:\/\/liked.hu\/old\/wp-content\/uploads\/2019\/03\/9-208.jpg 800w, https:\/\/liked.hu\/old\/wp-content\/uploads\/2019\/03\/9-208-300x200.jpg 300w, https:\/\/liked.hu\/old\/wp-content\/uploads\/2019\/03\/9-208-768x512.jpg 768w, https:\/\/liked.hu\/old\/wp-content\/uploads\/2019\/03\/9-208-500x333.jpg 500w, https:\/\/liked.hu\/old\/wp-content\/uploads\/2019\/03\/9-208-360x240.jpg 360w, https:\/\/liked.hu\/old\/wp-content\/uploads\/2019\/03\/9-208-545x363.jpg 545w\" sizes=\"(max-width: 800px) 100vw, 800px\" \/>\t\t\t\t\t<figcaption class=\"zf-figcaption\">\r\n\t\t\t\t\t\t<cite>\r\n\t\t\t\t\t\t\t<a href=\"https:\/\/liked.hu\/kimeno.php?https:\/\/google.hu\"\r\n\t\t\t\t\t\t\t   class=\"zf-media_credit\"\r\n\t\t\t\t\t\t\t   target=\"_blank\"\r\n\t\t\t\t\t\t\t   rel=\"nofollow noopener\">forr\u00e1s<\/a>\r\n\t\t\t\t\t\t<\/cite>\r\n\t\t\t\t\t<\/figcaption>\r\n\t\t\t\t\t\t\t<\/div>\r\n\t\t<\/figure>\r\n\t\t\t<\/div>        <\/div>\r\n    <\/div>\r\n\r\n    <\/div>\r\n\r\n\r\n\n","protected":false},"excerpt":{"rendered":"<p>Minden id\u0151k tal\u00e1n legnagyobb j\u00e1rm\u0171ipari botr\u00e1nya 2015 \u0151sz\u00e9n robbant ki, amikor hivatalosan is bejelentett\u00e9k, hogy a Volkswagen az eg\u00e9sz vil\u00e1got \u00e1tverve meghamis\u00edtotta a d\u00edzelmotorjainak k\u00e1rosanyag-kibocs\u00e1t\u00e1s\u00e1ra vonatkoz\u00f3 adatait. A lebuk\u00e1ssal hatalmas pofonba szaladt bele a c\u00e9g, amit az \u00e9szak-amerikai Mojave-sivatagban tal\u00e1lhat\u00f3 aut\u00f3temet\u0151j\u00fck is j\u00f3l mutat, ahol t\u00f6bb mint 14 ezer vadonat\u00faj \u00e9s visszah\u00edvott modellj\u00fck v\u00e1rja a [&hellip;]<\/p>\n","protected":false},"author":22,"featured_media":137076,"comment_status":"open","ping_status":"closed","sticky":false,"template":"","format":"standard","meta":{"buzzeditor_post_format":""},"categories":[23],"tags":[7946,334,500,2872],"yoast_head":"<!-- This site is optimized with the Yoast SEO plugin v19.6.1 - https:\/\/yoast.com\/wordpress\/plugins\/seo\/ -->\n<title>\u00cdgy n\u00e9z ki a Volkswagen \u00e9szak-amerikai sivatagban tal\u00e1lhat\u00f3 aut\u00f3temet\u0151je<\/title>\n<meta name=\"description\" content=\"Minden id\u0151k tal\u00e1n legnagyobb j\u00e1rm\u0171ipari botr\u00e1nya 2015 \u0151sz\u00e9n robbant ki, amikor hivatalosan is bejelentett\u00e9k, hogy a Volkswagen az eg\u00e9sz vil\u00e1got \u00e1tverve\" \/>\n<meta name=\"robots\" content=\"index, follow, max-snippet:-1, max-image-preview:large, max-video-preview:-1\" \/>\n<link rel=\"canonical\" href=\"https:\/\/liked.hu\/old\/erdekes\/igy-nez-ki-a-volkswagen-eszak-amerikai-sivatagban-talalhato-autotemetoje\/\" \/>\n<meta property=\"og:locale\" content=\"hu_HU\" \/>\n<meta property=\"og:type\" content=\"article\" \/>\n<meta property=\"og:title\" content=\"\u00cdgy n\u00e9z ki a Volkswagen \u00e9szak-amerikai sivatagban tal\u00e1lhat\u00f3 aut\u00f3temet\u0151je\" \/>\n<meta property=\"og:description\" content=\"Minden id\u0151k tal\u00e1n legnagyobb j\u00e1rm\u0171ipari botr\u00e1nya 2015 \u0151sz\u00e9n robbant ki, amikor hivatalosan is bejelentett\u00e9k, hogy a Volkswagen az eg\u00e9sz vil\u00e1got \u00e1tverve\" \/>\n<meta property=\"og:url\" content=\"https:\/\/liked.hu\/old\/erdekes\/igy-nez-ki-a-volkswagen-eszak-amerikai-sivatagban-talalhato-autotemetoje\/\" \/>\n<meta property=\"og:site_name\" content=\"Liked.hu\" \/>\n<meta property=\"article:publisher\" content=\"https:\/\/www.facebook.com\/liked.hu\" \/>\n<meta property=\"article:author\" content=\"https:\/\/www.facebook.com\/profile.php?id=100069488029999\" \/>\n<meta property=\"article:published_time\" content=\"2019-03-28T19:35:07+00:00\" \/>\n<meta property=\"article:modified_time\" content=\"2022-09-05T17:09:54+00:00\" \/>\n<meta property=\"og:image\" content=\"https:\/\/liked.hu\/old\/wp-content\/uploads\/2019\/03\/Volkswagen-temeto.jpg\" \/>\n\t<meta property=\"og:image:width\" content=\"1200\" \/>\n\t<meta property=\"og:image:height\" content=\"630\" \/>\n\t<meta property=\"og:image:type\" content=\"image\/jpeg\" \/>\n<meta name=\"author\" content=\"1mernok\" \/>\n<meta name=\"twitter:card\" content=\"summary\" \/>\n<meta name=\"twitter:creator\" content=\"@LikedHu\" \/>\n<meta name=\"twitter:site\" content=\"@LikedHu\" \/>\n<meta name=\"twitter:label1\" content=\"Szerz\u0151:\" \/>\n\t<meta name=\"twitter:data1\" content=\"1mernok\" \/>\n\t<meta name=\"twitter:label2\" content=\"Becs\u00fclt olvas\u00e1si id\u0151\" \/>\n\t<meta name=\"twitter:data2\" content=\"1 perc\" \/>\n<script type=\"application\/ld+json\" class=\"yoast-schema-graph\">{\"@context\":\"https:\/\/schema.org\",\"@graph\":[{\"@type\":\"Article\",\"@id\":\"https:\/\/liked.hu\/old\/erdekes\/igy-nez-ki-a-volkswagen-eszak-amerikai-sivatagban-talalhato-autotemetoje\/#article\",\"isPartOf\":{\"@id\":\"https:\/\/liked.hu\/old\/erdekes\/igy-nez-ki-a-volkswagen-eszak-amerikai-sivatagban-talalhato-autotemetoje\/\"},\"author\":{\"name\":\"1mernok\",\"@id\":\"https:\/\/liked.hu\/old\/#\/schema\/person\/eb840c492fdb3076d9c2d140cc634ebb\"},\"headline\":\"\u00cdgy n\u00e9z ki a Volkswagen \u00e9szak-amerikai sivatagban tal\u00e1lhat\u00f3 aut\u00f3temet\u0151je\",\"datePublished\":\"2019-03-28T19:35:07+00:00\",\"dateModified\":\"2022-09-05T17:09:54+00:00\",\"mainEntityOfPage\":{\"@id\":\"https:\/\/liked.hu\/old\/erdekes\/igy-nez-ki-a-volkswagen-eszak-amerikai-sivatagban-talalhato-autotemetoje\/\"},\"wordCount\":100,\"commentCount\":6,\"publisher\":{\"@id\":\"https:\/\/liked.hu\/old\/#organization\"},\"keywords\":[\"aut\u00f3temet\u0151\",\"botr\u00e1ny\",\"d\u00edzel\",\"Volkswagen\"],\"articleSection\":[\"\u00c9rdekess\u00e9gek\"],\"inLanguage\":\"hu\",\"potentialAction\":[{\"@type\":\"CommentAction\",\"name\":\"Comment\",\"target\":[\"https:\/\/liked.hu\/old\/erdekes\/igy-nez-ki-a-volkswagen-eszak-amerikai-sivatagban-talalhato-autotemetoje\/#respond\"]}]},{\"@type\":\"WebPage\",\"@id\":\"https:\/\/liked.hu\/old\/erdekes\/igy-nez-ki-a-volkswagen-eszak-amerikai-sivatagban-talalhato-autotemetoje\/\",\"url\":\"https:\/\/liked.hu\/old\/erdekes\/igy-nez-ki-a-volkswagen-eszak-amerikai-sivatagban-talalhato-autotemetoje\/\",\"name\":\"\u00cdgy n\u00e9z ki a Volkswagen \u00e9szak-amerikai sivatagban tal\u00e1lhat\u00f3 aut\u00f3temet\u0151je\",\"isPartOf\":{\"@id\":\"https:\/\/liked.hu\/old\/#website\"},\"datePublished\":\"2019-03-28T19:35:07+00:00\",\"dateModified\":\"2022-09-05T17:09:54+00:00\",\"description\":\"Minden id\u0151k tal\u00e1n legnagyobb j\u00e1rm\u0171ipari botr\u00e1nya 2015 \u0151sz\u00e9n robbant ki, amikor hivatalosan is bejelentett\u00e9k, hogy a Volkswagen az eg\u00e9sz vil\u00e1got \u00e1tverve\",\"breadcrumb\":{\"@id\":\"https:\/\/liked.hu\/old\/erdekes\/igy-nez-ki-a-volkswagen-eszak-amerikai-sivatagban-talalhato-autotemetoje\/#breadcrumb\"},\"inLanguage\":\"hu\",\"potentialAction\":[{\"@type\":\"ReadAction\",\"target\":[\"https:\/\/liked.hu\/old\/erdekes\/igy-nez-ki-a-volkswagen-eszak-amerikai-sivatagban-talalhato-autotemetoje\/\"]}]},{\"@type\":\"BreadcrumbList\",\"@id\":\"https:\/\/liked.hu\/old\/erdekes\/igy-nez-ki-a-volkswagen-eszak-amerikai-sivatagban-talalhato-autotemetoje\/#breadcrumb\",\"itemListElement\":[{\"@type\":\"ListItem\",\"position\":1,\"name\":\"Kezd\u0151lap\",\"item\":\"https:\/\/liked.hu\/old\/\"},{\"@type\":\"ListItem\",\"position\":2,\"name\":\"\u00cdgy n\u00e9z ki a Volkswagen \u00e9szak-amerikai sivatagban tal\u00e1lhat\u00f3 aut\u00f3temet\u0151je\"}]},{\"@type\":\"WebSite\",\"@id\":\"https:\/\/liked.hu\/old\/#website\",\"url\":\"https:\/\/liked.hu\/old\/\",\"name\":\"Liked.hu\",\"description\":\"\",\"publisher\":{\"@id\":\"https:\/\/liked.hu\/old\/#organization\"},\"potentialAction\":[{\"@type\":\"SearchAction\",\"target\":{\"@type\":\"EntryPoint\",\"urlTemplate\":\"https:\/\/liked.hu\/old\/?s={search_term_string}\"},\"query-input\":\"required name=search_term_string\"}],\"inLanguage\":\"hu\"},{\"@type\":\"Organization\",\"@id\":\"https:\/\/liked.hu\/old\/#organization\",\"name\":\"Liked.hu\",\"url\":\"https:\/\/liked.hu\/old\/\",\"sameAs\":[\"https:\/\/hu.pinterest.com\/likedhungary\/\",\"https:\/\/www.youtube.com\/channel\/UCPv91dbMoIukYcM9b9nHN6Q\",\"https:\/\/www.facebook.com\/liked.hu\",\"https:\/\/twitter.com\/LikedHu\"],\"logo\":{\"@type\":\"ImageObject\",\"inLanguage\":\"hu\",\"@id\":\"https:\/\/liked.hu\/old\/#\/schema\/logo\/image\/\",\"url\":\"https:\/\/liked.hu\/wp-content\/uploads\/2018\/08\/Liked-icon.png\",\"contentUrl\":\"https:\/\/liked.hu\/wp-content\/uploads\/2018\/08\/Liked-icon.png\",\"width\":512,\"height\":512,\"caption\":\"Liked.hu\"},\"image\":{\"@id\":\"https:\/\/liked.hu\/old\/#\/schema\/logo\/image\/\"}},{\"@type\":\"Person\",\"@id\":\"https:\/\/liked.hu\/old\/#\/schema\/person\/eb840c492fdb3076d9c2d140cc634ebb\",\"name\":\"1mernok\",\"image\":{\"@type\":\"ImageObject\",\"inLanguage\":\"hu\",\"@id\":\"https:\/\/liked.hu\/old\/#\/schema\/person\/image\/\",\"url\":\"https:\/\/liked.hu\/old\/wp-content\/uploads\/avatars\/22\/604de6ee60df1-bpfull.jpg\",\"contentUrl\":\"https:\/\/liked.hu\/old\/wp-content\/uploads\/avatars\/22\/604de6ee60df1-bpfull.jpg\",\"caption\":\"1mernok\"},\"sameAs\":[\"https:\/\/www.facebook.com\/profile.php?id=100069488029999\"],\"url\":\"https:\/\/liked.hu\/old\/u\/1mernok\/\"}]}<\/script>\n<!-- \/ Yoast SEO plugin. -->","yoast_head_json":{"title":"\u00cdgy n\u00e9z ki a Volkswagen \u00e9szak-amerikai sivatagban tal\u00e1lhat\u00f3 aut\u00f3temet\u0151je","description":"Minden id\u0151k tal\u00e1n legnagyobb j\u00e1rm\u0171ipari botr\u00e1nya 2015 \u0151sz\u00e9n robbant ki, amikor hivatalosan is bejelentett\u00e9k, hogy a Volkswagen az eg\u00e9sz vil\u00e1got \u00e1tverve","robots":{"index":"index","follow":"follow","max-snippet":"max-snippet:-1","max-image-preview":"max-image-preview:large","max-video-preview":"max-video-preview:-1"},"canonical":"https:\/\/liked.hu\/old\/erdekes\/igy-nez-ki-a-volkswagen-eszak-amerikai-sivatagban-talalhato-autotemetoje\/","og_locale":"hu_HU","og_type":"article","og_title":"\u00cdgy n\u00e9z ki a Volkswagen \u00e9szak-amerikai sivatagban tal\u00e1lhat\u00f3 aut\u00f3temet\u0151je","og_description":"Minden id\u0151k tal\u00e1n legnagyobb j\u00e1rm\u0171ipari botr\u00e1nya 2015 \u0151sz\u00e9n robbant ki, amikor hivatalosan is bejelentett\u00e9k, hogy a Volkswagen az eg\u00e9sz vil\u00e1got \u00e1tverve","og_url":"https:\/\/liked.hu\/old\/erdekes\/igy-nez-ki-a-volkswagen-eszak-amerikai-sivatagban-talalhato-autotemetoje\/","og_site_name":"Liked.hu","article_publisher":"https:\/\/www.facebook.com\/liked.hu","article_author":"https:\/\/www.facebook.com\/profile.php?id=100069488029999","article_published_time":"2019-03-28T19:35:07+00:00","article_modified_time":"2022-09-05T17:09:54+00:00","og_image":[{"width":1200,"height":630,"url":"https:\/\/liked.hu\/old\/wp-content\/uploads\/2019\/03\/Volkswagen-temeto.jpg","type":"image\/jpeg"}],"author":"1mernok","twitter_card":"summary","twitter_creator":"@LikedHu","twitter_site":"@LikedHu","twitter_misc":{"Szerz\u0151:":"1mernok","Becs\u00fclt olvas\u00e1si id\u0151":"1 perc"},"schema":{"@context":"https:\/\/schema.org","@graph":[{"@type":"Article","@id":"https:\/\/liked.hu\/old\/erdekes\/igy-nez-ki-a-volkswagen-eszak-amerikai-sivatagban-talalhato-autotemetoje\/#article","isPartOf":{"@id":"https:\/\/liked.hu\/old\/erdekes\/igy-nez-ki-a-volkswagen-eszak-amerikai-sivatagban-talalhato-autotemetoje\/"},"author":{"name":"1mernok","@id":"https:\/\/liked.hu\/old\/#\/schema\/person\/eb840c492fdb3076d9c2d140cc634ebb"},"headline":"\u00cdgy n\u00e9z ki a Volkswagen \u00e9szak-amerikai sivatagban tal\u00e1lhat\u00f3 aut\u00f3temet\u0151je","datePublished":"2019-03-28T19:35:07+00:00","dateModified":"2022-09-05T17:09:54+00:00","mainEntityOfPage":{"@id":"https:\/\/liked.hu\/old\/erdekes\/igy-nez-ki-a-volkswagen-eszak-amerikai-sivatagban-talalhato-autotemetoje\/"},"wordCount":100,"commentCount":6,"publisher":{"@id":"https:\/\/liked.hu\/old\/#organization"},"keywords":["aut\u00f3temet\u0151","botr\u00e1ny","d\u00edzel","Volkswagen"],"articleSection":["\u00c9rdekess\u00e9gek"],"inLanguage":"hu","potentialAction":[{"@type":"CommentAction","name":"Comment","target":["https:\/\/liked.hu\/old\/erdekes\/igy-nez-ki-a-volkswagen-eszak-amerikai-sivatagban-talalhato-autotemetoje\/#respond"]}]},{"@type":"WebPage","@id":"https:\/\/liked.hu\/old\/erdekes\/igy-nez-ki-a-volkswagen-eszak-amerikai-sivatagban-talalhato-autotemetoje\/","url":"https:\/\/liked.hu\/old\/erdekes\/igy-nez-ki-a-volkswagen-eszak-amerikai-sivatagban-talalhato-autotemetoje\/","name":"\u00cdgy n\u00e9z ki a Volkswagen \u00e9szak-amerikai sivatagban tal\u00e1lhat\u00f3 aut\u00f3temet\u0151je","isPartOf":{"@id":"https:\/\/liked.hu\/old\/#website"},"datePublished":"2019-03-28T19:35:07+00:00","dateModified":"2022-09-05T17:09:54+00:00","description":"Minden id\u0151k tal\u00e1n legnagyobb j\u00e1rm\u0171ipari botr\u00e1nya 2015 \u0151sz\u00e9n robbant ki, amikor hivatalosan is bejelentett\u00e9k, hogy a Volkswagen az eg\u00e9sz vil\u00e1got \u00e1tverve","breadcrumb":{"@id":"https:\/\/liked.hu\/old\/erdekes\/igy-nez-ki-a-volkswagen-eszak-amerikai-sivatagban-talalhato-autotemetoje\/#breadcrumb"},"inLanguage":"hu","potentialAction":[{"@type":"ReadAction","target":["https:\/\/liked.hu\/old\/erdekes\/igy-nez-ki-a-volkswagen-eszak-amerikai-sivatagban-talalhato-autotemetoje\/"]}]},{"@type":"BreadcrumbList","@id":"https:\/\/liked.hu\/old\/erdekes\/igy-nez-ki-a-volkswagen-eszak-amerikai-sivatagban-talalhato-autotemetoje\/#breadcrumb","itemListElement":[{"@type":"ListItem","position":1,"name":"Kezd\u0151lap","item":"https:\/\/liked.hu\/old\/"},{"@type":"ListItem","position":2,"name":"\u00cdgy n\u00e9z ki a Volkswagen \u00e9szak-amerikai sivatagban tal\u00e1lhat\u00f3 aut\u00f3temet\u0151je"}]},{"@type":"WebSite","@id":"https:\/\/liked.hu\/old\/#website","url":"https:\/\/liked.hu\/old\/","name":"Liked.hu","description":"","publisher":{"@id":"https:\/\/liked.hu\/old\/#organization"},"potentialAction":[{"@type":"SearchAction","target":{"@type":"EntryPoint","urlTemplate":"https:\/\/liked.hu\/old\/?s={search_term_string}"},"query-input":"required name=search_term_string"}],"inLanguage":"hu"},{"@type":"Organization","@id":"https:\/\/liked.hu\/old\/#organization","name":"Liked.hu","url":"https:\/\/liked.hu\/old\/","sameAs":["https:\/\/hu.pinterest.com\/likedhungary\/","https:\/\/www.youtube.com\/channel\/UCPv91dbMoIukYcM9b9nHN6Q","https:\/\/www.facebook.com\/liked.hu","https:\/\/twitter.com\/LikedHu"],"logo":{"@type":"ImageObject","inLanguage":"hu","@id":"https:\/\/liked.hu\/old\/#\/schema\/logo\/image\/","url":"https:\/\/liked.hu\/wp-content\/uploads\/2018\/08\/Liked-icon.png","contentUrl":"https:\/\/liked.hu\/wp-content\/uploads\/2018\/08\/Liked-icon.png","width":512,"height":512,"caption":"Liked.hu"},"image":{"@id":"https:\/\/liked.hu\/old\/#\/schema\/logo\/image\/"}},{"@type":"Person","@id":"https:\/\/liked.hu\/old\/#\/schema\/person\/eb840c492fdb3076d9c2d140cc634ebb","name":"1mernok","image":{"@type":"ImageObject","inLanguage":"hu","@id":"https:\/\/liked.hu\/old\/#\/schema\/person\/image\/","url":"https:\/\/liked.hu\/old\/wp-content\/uploads\/avatars\/22\/604de6ee60df1-bpfull.jpg","contentUrl":"https:\/\/liked.hu\/old\/wp-content\/uploads\/avatars\/22\/604de6ee60df1-bpfull.jpg","caption":"1mernok"},"sameAs":["https:\/\/www.facebook.com\/profile.php?id=100069488029999"],"url":"https:\/\/liked.hu\/old\/u\/1mernok\/"}]}},"publishpress_future_action":{"enabled":false,"date":"1970-01-01 01:00:00","action":"","terms":[],"taxonomy":"","browser_timezone_offset":0},"_links":{"self":[{"href":"https:\/\/liked.hu\/old\/wp-json\/wp\/v2\/posts\/137074"}],"collection":[{"href":"https:\/\/liked.hu\/old\/wp-json\/wp\/v2\/posts"}],"about":[{"href":"https:\/\/liked.hu\/old\/wp-json\/wp\/v2\/types\/post"}],"author":[{"embeddable":true,"href":"https:\/\/liked.hu\/old\/wp-json\/wp\/v2\/users\/22"}],"replies":[{"embeddable":true,"href":"https:\/\/liked.hu\/old\/wp-json\/wp\/v2\/comments?post=137074"}],"version-history":[{"count":0,"href":"https:\/\/liked.hu\/old\/wp-json\/wp\/v2\/posts\/137074\/revisions"}],"wp:featuredmedia":[{"embeddable":true,"href":"https:\/\/liked.hu\/old\/wp-json\/wp\/v2\/media\/137076"}],"wp:attachment":[{"href":"https:\/\/liked.hu\/old\/wp-json\/wp\/v2\/media?parent=137074"}],"wp:term":[{"taxonomy":"category","embeddable":true,"href":"https:\/\/liked.hu\/old\/wp-json\/wp\/v2\/categories?post=137074"},{"taxonomy":"post_tag","embeddable":true,"href":"https:\/\/liked.hu\/old\/wp-json\/wp\/v2\/tags?post=137074"}],"curies":[{"name":"wp","href":"https:\/\/api.w.org\/{rel}","templated":true}]}}