{"id":136465,"date":"2019-03-24T00:40:42","date_gmt":"2019-03-23T22:40:42","guid":{"rendered":"https:\/\/liked.hu\/old\/?p=136465"},"modified":"2022-09-03T13:56:30","modified_gmt":"2022-09-03T11:56:30","slug":"20-iratlan-szabaly-amit-ideje-lenne-vegre-torvenybe-foglalnia-valakinek","status":"publish","type":"post","link":"https:\/\/liked.hu\/old\/eletmod\/20-iratlan-szabaly-amit-ideje-lenne-vegre-torvenybe-foglalnia-valakinek\/","title":{"rendered":"20+ \u00edratlan szab\u00e1ly, amit ideje lenne v\u00e9gre t\u00f6rv\u00e9nybe foglalnia valakinek"},"content":{"rendered":"<p>\u25a0 Ha valakinek f\u00e9nyk\u00e9pet mutatsz a telefonodban, ne kezdjen el jobbra-balra lapozgatni enged\u00e9ly n\u00e9lk\u00fcl.<\/p>\n<p>\u25a0 Ne h\u00edvj meg m\u00e1s embereket valaki m\u00e1snak az esk\u00fcv\u0151j\u00e9re, amire T\u00e9ged megh\u00edvtak.<\/p>\n<p>\u25a0 Ha harmadik alkalommal k\u00e9rsz k\u00f6lcs\u00f6n valamit, ideje, hogy vegy\u00e9l egyet magadnak.<\/p>\n<p>\u25a0 Ha lemondasz egy tal\u00e1lkoz\u00f3t a bar\u00e1taiddal, a Te feladatod, hogy \u00faj tal\u00e1lkoz\u00f3t szervezz helyette.<\/p>\n<p>\u25a0 Ne meleg\u00edts halat az irodai mikr\u00f3ban.<\/p>\n<div id=\"zombify-main-section-front\" class=\"zombify-main-section-front zombify-screen zf-media-full\">\r\n<link rel=\"stylesheet\" type=\"text\/css\" href=\"https:\/\/liked.hu\/old\/js\/zombify.css\">\r\n    <link rel=\"stylesheet\" type=\"text\/css\" href=\"https:\/\/liked.hu\/old\/wp-content\/themes\/newsy-child\/style.css\">\r\n\t\r\n    <div class=\"zf-container\">\r\n\r\n\r\n        <div id=\"zf-story\" class=\"zf-story\">\r\n            <div class=\"zf-story_item\">\r\n\t<h3 class=\"zf_title\"><\/h3>\r\n\t\t\t<figure class=\"zf-story_media zf-media-wrapper zf-image zf-type-image\">\r\n\t\t\t<div class=\"zf-media\">\r\n\t\t\t\t<img width=\"800\" height=\"600\" src=\"https:\/\/liked.hu\/old\/wp-content\/uploads\/2019\/03\/Utmutato-halas-etelekhez.jpg\" class=\"\" alt=\"\" loading=\"lazy\" style=\"\" srcset=\"https:\/\/liked.hu\/old\/wp-content\/uploads\/2019\/03\/Utmutato-halas-etelekhez.jpg 800w, https:\/\/liked.hu\/old\/wp-content\/uploads\/2019\/03\/Utmutato-halas-etelekhez-300x225.jpg 300w, https:\/\/liked.hu\/old\/wp-content\/uploads\/2019\/03\/Utmutato-halas-etelekhez-768x576.jpg 768w, https:\/\/liked.hu\/old\/wp-content\/uploads\/2019\/03\/Utmutato-halas-etelekhez-500x375.jpg 500w, https:\/\/liked.hu\/old\/wp-content\/uploads\/2019\/03\/Utmutato-halas-etelekhez-200x150.jpg 200w, https:\/\/liked.hu\/old\/wp-content\/uploads\/2019\/03\/Utmutato-halas-etelekhez-360x270.jpg 360w, https:\/\/liked.hu\/old\/wp-content\/uploads\/2019\/03\/Utmutato-halas-etelekhez-545x409.jpg 545w\" sizes=\"(max-width: 800px) 100vw, 800px\" \/>\t\t\t\t\t<figcaption class=\"zf-figcaption\">\r\n\t\t\t\t\t\t<cite>\r\n\t\t\t\t\t\t\t<a href=\"https:\/\/liked.hu\/kimeno.php?https:\/\/www.reddit.com\/r\/pics\/comments\/5yqgkn\/one_day_the_office_smells_a_little_like_the_ocean\/\"\r\n\t\t\t\t\t\t\t   class=\"zf-media_credit\"\r\n\t\t\t\t\t\t\t   target=\"_blank\"\r\n\t\t\t\t\t\t\t   rel=\"nofollow noopener\">reddit<\/a>\r\n\t\t\t\t\t\t<\/cite>\r\n\t\t\t\t\t<\/figcaption>\r\n\t\t\t\t\t\t\t<\/div>\r\n\t\t<\/figure>\r\n\t\t\t\t\t<div class=\"zf_description\"><p>\u25a0 Ne \u00f6sszpontos\u00edts m\u00e1s emberek megjelen\u00e9s\u00e9nek a hib\u00e1ira.<\/p><p>\u25a0 Ne engedd, hogy a bar\u00e1taid r\u00e9szegen aut\u00f3ba \u00fcljenek. Ha lehet, m\u00e9g idegeneket se.<\/p><p>\u25a0 Ne mondd valakire, hogy \u201ek\u00f6v\u00e9r!\u201d. K\u00f6nnyen lehet, hogy m\u00e1s \u00e1ll m\u00f6g\u00f6tte.<\/p><p>\u25a0 Ne vedd ki a kosaradb\u00f3l \u00e9s hagyd a bolt k\u00f6zep\u00e9n azokat a term\u00e9keket, amiket m\u00e9gsem akarsz megvenni.<\/p><\/div><\/div><div class=\"zf-story_item\">\r\n\t<h3 class=\"zf_title\"><\/h3>\r\n\t\t\t<figure class=\"zf-story_media zf-media-wrapper zf-image zf-type-image\">\r\n\t\t\t<div class=\"zf-media\">\r\n\t\t\t\t<img width=\"728\" height=\"879\" src=\"https:\/\/liked.hu\/old\/wp-content\/uploads\/2019\/03\/2175765-image-crop-453x547-1552563787-728-b62214f8a3-1552914755.jpg\" class=\"\" alt=\"\" loading=\"lazy\" style=\"\" srcset=\"https:\/\/liked.hu\/old\/wp-content\/uploads\/2019\/03\/2175765-image-crop-453x547-1552563787-728-b62214f8a3-1552914755.jpg 728w, https:\/\/liked.hu\/old\/wp-content\/uploads\/2019\/03\/2175765-image-crop-453x547-1552563787-728-b62214f8a3-1552914755-248x300.jpg 248w, https:\/\/liked.hu\/old\/wp-content\/uploads\/2019\/03\/2175765-image-crop-453x547-1552563787-728-b62214f8a3-1552914755-414x500.jpg 414w, https:\/\/liked.hu\/old\/wp-content\/uploads\/2019\/03\/2175765-image-crop-453x547-1552563787-728-b62214f8a3-1552914755-360x435.jpg 360w, https:\/\/liked.hu\/old\/wp-content\/uploads\/2019\/03\/2175765-image-crop-453x547-1552563787-728-b62214f8a3-1552914755-545x658.jpg 545w\" sizes=\"(max-width: 728px) 100vw, 728px\" \/>\t\t\t\t\t<figcaption class=\"zf-figcaption\">\r\n\t\t\t\t\t\t<cite>\r\n\t\t\t\t\t\t\t<a href=\"https:\/\/liked.hu\/kimeno.php?https:\/\/imgur.com\/gallery\/zvhsqVN\"\r\n\t\t\t\t\t\t\t   class=\"zf-media_credit\"\r\n\t\t\t\t\t\t\t   target=\"_blank\"\r\n\t\t\t\t\t\t\t   rel=\"nofollow noopener\">imgur<\/a>\r\n\t\t\t\t\t\t<\/cite>\r\n\t\t\t\t\t<\/figcaption>\r\n\t\t\t\t\t\t\t<\/div>\r\n\t\t<\/figure>\r\n\t\t\t\t\t<div class=\"zf_description\"><p>\u25a0 Ha zen\u00e9t akarsz hallgatni vagy vide\u00f3t akarsz n\u00e9zni a telefonodon, akkor \u00fcgyelj r\u00e1, hogy ezzel ne zavarj m\u00e1sokat \u2013 lehet\u0151s\u00e9g szerint haszn\u00e1lj f\u00fclhallgat\u00f3t.<\/p><p>\u25a0 Vezet\u00e9s k\u00f6zben l\u00e9gy el\u0151rel\u00e1t\u00f3 \u00e9s enged\u00e9keny. A nem megfelel\u0151 hozz\u00e1\u00e1ll\u00e1s k\u00f6nnyen balesethez vezethet.<\/p><p>\u25a0 L\u00e9gy udvarias az idegenekkel, akkor is, ha neh\u00e9z id\u0151szakot \u00e9lsz \u00e1t.<\/p><p>\u25a0 Ha valaki felvet egy probl\u00e9m\u00e1t, csak akkor mondd el a v\u00e9lem\u00e9nyedet vele kapcsolatban, ha megk\u00e9rdezi, hogy \u201eMit gondolsz err\u0151l?\u201d.<\/p><p>\u25a0 Tiszteld m\u00e1s emberek intim szf\u00e9r\u00e1j\u00e1t. Nem mindenki szeret \u00e9rintkezni idegen emberekkel.<\/p><\/div><\/div><div class=\"zf-story_item\">\r\n\t<h3 class=\"zf_title\"><\/h3>\r\n\t\t\t<figure class=\"zf-story_media zf-media-wrapper zf-image zf-type-image\">\r\n\t\t\t<div class=\"zf-media\">\r\n\t\t\t\t<img width=\"728\" height=\"706\" src=\"https:\/\/liked.hu\/old\/wp-content\/uploads\/2019\/03\/2175815-image-crop-657x638-1552491454-728-965e6b9313-1552914755.jpg\" class=\"\" alt=\"\" loading=\"lazy\" style=\"\" srcset=\"https:\/\/liked.hu\/old\/wp-content\/uploads\/2019\/03\/2175815-image-crop-657x638-1552491454-728-965e6b9313-1552914755.jpg 728w, https:\/\/liked.hu\/old\/wp-content\/uploads\/2019\/03\/2175815-image-crop-657x638-1552491454-728-965e6b9313-1552914755-300x291.jpg 300w, https:\/\/liked.hu\/old\/wp-content\/uploads\/2019\/03\/2175815-image-crop-657x638-1552491454-728-965e6b9313-1552914755-500x485.jpg 500w, https:\/\/liked.hu\/old\/wp-content\/uploads\/2019\/03\/2175815-image-crop-657x638-1552491454-728-965e6b9313-1552914755-360x349.jpg 360w, https:\/\/liked.hu\/old\/wp-content\/uploads\/2019\/03\/2175815-image-crop-657x638-1552491454-728-965e6b9313-1552914755-545x529.jpg 545w\" sizes=\"(max-width: 728px) 100vw, 728px\" \/>\t\t\t\t\t<figcaption class=\"zf-figcaption\">\r\n\t\t\t\t\t\t<cite>\r\n\t\t\t\t\t\t\t<a href=\"https:\/\/liked.hu\/kimeno.php?https:\/\/pikabu.ru\/story\/ou_polegche_druzhochek_6042763\"\r\n\t\t\t\t\t\t\t   class=\"zf-media_credit\"\r\n\t\t\t\t\t\t\t   target=\"_blank\"\r\n\t\t\t\t\t\t\t   rel=\"nofollow noopener\">pikabu<\/a>\r\n\t\t\t\t\t\t<\/cite>\r\n\t\t\t\t\t<\/figcaption>\r\n\t\t\t\t\t\t\t<\/div>\r\n\t\t<\/figure>\r\n\t\t\t\t\t<div class=\"zf_description\"><p>\u25a0 Ha l\u00e1tod, hogy valakin\u00e9l r\u00e1g\u00f3gumi, cigaretta, cukorka, stb. van, az m\u00e9g nem jelenti azt, hogy neked is azonnal k\u00e9rned kell bel\u0151le.<\/p><p>\u25a0 Ha valaki olyan dolgot tesz, amit nem helyeselsz, de l\u00e1tod, hogy ez \u00f6r\u00f6met okoz neki, akkor engedd, hogy azt tegye, amit szeretne. T\u00e1mogasd \u0151t \u00e9s seg\u00edts neki, hogy boldog legyen.<\/p><p>\u25a0 Ki kell ezt mondanom? Kell err\u0151l besz\u00e9lnem? Ez a legjobb alkalom r\u00e1, hogy elmondjam? \u2013 ha mindh\u00e1rom k\u00e9rd\u00e9sre a v\u00e1laszod \u2019igen\u2019, akkor mondd el, amit szeretn\u00e9l. Ha b\u00e1rmelyikre is \u2019nem\u2019 a v\u00e1lasz, akkor ink\u00e1bb maradj csendben.<\/p><p>\u25a0 2 ember van, aki soha, semmilyen k\u00f6r\u00fclm\u00e9ny k\u00f6z\u00f6tt sem hazudhat neked. Ez az \u00fcgyv\u00e9ded \u00e9s az orvosod.<\/p><\/div><\/div><div class=\"zf-story_item\">\r\n\t<h3 class=\"zf_title\"><\/h3>\r\n\t\t\t<figure class=\"zf-story_media zf-media-wrapper zf-image zf-type-image\">\r\n\t\t\t<div class=\"zf-media\">\r\n\t\t\t\t<img width=\"728\" height=\"484\" src=\"https:\/\/liked.hu\/old\/wp-content\/uploads\/2019\/03\/2175365-MV5BMTgyMTI4NDMzMl5BMl5BanBnXkFtZTcwOTE2OTIzNw_V1_-1552489425-728-26d5d238ac-1552914755.jpg\" class=\"\" alt=\"\" loading=\"lazy\" style=\"\" srcset=\"https:\/\/liked.hu\/old\/wp-content\/uploads\/2019\/03\/2175365-MV5BMTgyMTI4NDMzMl5BMl5BanBnXkFtZTcwOTE2OTIzNw_V1_-1552489425-728-26d5d238ac-1552914755.jpg 728w, https:\/\/liked.hu\/old\/wp-content\/uploads\/2019\/03\/2175365-MV5BMTgyMTI4NDMzMl5BMl5BanBnXkFtZTcwOTE2OTIzNw_V1_-1552489425-728-26d5d238ac-1552914755-300x199.jpg 300w, https:\/\/liked.hu\/old\/wp-content\/uploads\/2019\/03\/2175365-MV5BMTgyMTI4NDMzMl5BMl5BanBnXkFtZTcwOTE2OTIzNw_V1_-1552489425-728-26d5d238ac-1552914755-500x332.jpg 500w, https:\/\/liked.hu\/old\/wp-content\/uploads\/2019\/03\/2175365-MV5BMTgyMTI4NDMzMl5BMl5BanBnXkFtZTcwOTE2OTIzNw_V1_-1552489425-728-26d5d238ac-1552914755-360x239.jpg 360w, https:\/\/liked.hu\/old\/wp-content\/uploads\/2019\/03\/2175365-MV5BMTgyMTI4NDMzMl5BMl5BanBnXkFtZTcwOTE2OTIzNw_V1_-1552489425-728-26d5d238ac-1552914755-545x362.jpg 545w\" sizes=\"(max-width: 728px) 100vw, 728px\" \/>\t\t\t\t\t<figcaption class=\"zf-figcaption\">\r\n\t\t\t\t\t\t<cite>\r\n\t\t\t\t\t\t\t<a href=\"https:\/\/liked.hu\/kimeno.php?https:\/\/www.linkedin.com\/company\/bad-hat-harry-productions\"\r\n\t\t\t\t\t\t\t   class=\"zf-media_credit\"\r\n\t\t\t\t\t\t\t   target=\"_blank\"\r\n\t\t\t\t\t\t\t   rel=\"nofollow noopener\">linkedin<\/a>\r\n\t\t\t\t\t\t<\/cite>\r\n\t\t\t\t\t<\/figcaption>\r\n\t\t\t\t\t\t\t<\/div>\r\n\t\t<\/figure>\r\n\t\t\t\t\t<div class=\"zf_description\"><p>\u25a0 V\u00e1s\u00e1rolj magadnak egy telefont\u00f6lt\u0151t, amit b\u00e1rmikor el tudsz vinni a munk\u00e1ba\/iskol\u00e1ba, hogy ne m\u00e1sokt\u00f3l kelljen k\u00f6lcs\u00f6nk\u00e9rned.<\/p><p>\u25a0 Soha ne mondd egy smink n\u00e9lk\u00fcli n\u0151nek, hogy f\u00e1radtnak vagy betegnek t\u0171nik.<\/p><p>\u25a0 Ha valaki nem k\u00e9r t\u0151led tan\u00e1csot, akkor ne lep\u0151dj meg, ha nem fogja komolyan venni a tan\u00e1csodat.<\/p><p>\u25a0 B\u00e1rmit is k\u00e9rsz k\u00f6lcs\u00f6n, \u00fcgyelj r\u00e1, hogy legal\u00e1bb olyan, vagy m\u00e9g ak\u00e1r \u2013 lehet\u0151s\u00e9g szerint - jobb \u00e1llapotban juttasd vissza a tulajdonos\u00e1nak.<\/p><p>\u25a0 Ha n\u00e1lad fogy ki a WC pap\u00edr, akkor a Te dolgod, hogy kicser\u00e9ld.<\/p><\/div><\/div>        <\/div>\r\n    <\/div>\r\n\r\n    <\/div>\r\n\r\n\r\n\n","protected":false},"excerpt":{"rendered":"<p>Ideges\u00edt, amikor az emberek f\u00fclhallgat\u00f3 n\u00e9lk\u00fcl hallgatj\u00e1k a zen\u00e9t a buszon? Zavar, amikor a koll\u00e9g\u00e1id b\u00fcd\u00f6s \u00e9teleket meleg\u00edtenek a munkahelyi mikr\u00f3ban? Nem vagy egyed\u00fcl. Olyannyira nem, hogy a Reddit.com-on egy k\u00fcl\u00f6n f\u00f3rumot is l\u00e9trehoztak, ahol arr\u00f3l k\u00e9rdezt\u00e9k az embereket, hogy melyek azok a legink\u00e1bb ideges\u00edt\u0151 probl\u00e9m\u00e1k, melyekre ideje lenne v\u00e9gre k\u00fcl\u00f6n illemszab\u00e1lyt is l\u00e9trehozni? A felhaszn\u00e1l\u00f3k sok azonos probl\u00e9m\u00e1t eml\u00edtettek, mi pedig ezek k\u00f6z\u00fcl v\u00e1logattuk ki azokat, melyeket v\u00e9lem\u00e9ny\u00fcnk szerint t\u00e9nyleg ideje lenne v\u00e9gre az eg\u00e9sz t\u00e1rsadalmunknak komolyan vennie.<\/p>\n","protected":false},"author":1,"featured_media":136469,"comment_status":"open","ping_status":"closed","sticky":false,"template":"","format":"standard","meta":{"buzzeditor_post_format":""},"categories":[49,9578],"tags":[1172,7924,7922,7923,1750],"yoast_head":"<!-- This site is optimized with the Yoast SEO plugin v19.6.1 - https:\/\/yoast.com\/wordpress\/plugins\/seo\/ -->\n<title>20+ \u00edratlan szab\u00e1ly, amit ideje lenne v\u00e9gre t\u00f6rv\u00e9nybe foglalnia valakinek<\/title>\n<meta name=\"description\" content=\"Ideges\u00edt, amikor az emberek f\u00fclhallgat\u00f3 n\u00e9lk\u00fcl hallgatj\u00e1k a zen\u00e9t a buszon? Zavar, amikor a koll\u00e9g\u00e1id b\u00fcd\u00f6s \u00e9teleket meleg\u00edtenek a munkahelyi mikr\u00f3ban? Nem vagy egyed\u00fcl. Olyannyira nem, hogy a Reddit.com-on egy k\u00fcl\u00f6n f\u00f3rumot is l\u00e9trehoztak, ahol arr\u00f3l k\u00e9rdezt\u00e9k az embereket, hogy melyek azok a legink\u00e1bb ideges\u00edt\u0151 probl\u00e9m\u00e1k, melyekre ideje lenne v\u00e9gre k\u00fcl\u00f6n illemszab\u00e1lyt is l\u00e9trehozni? A felhaszn\u00e1l\u00f3k sok azonos probl\u00e9m\u00e1t eml\u00edtettek, mi pedig ezek k\u00f6z\u00fcl v\u00e1logattuk ki azokat, melyeket v\u00e9lem\u00e9ny\u00fcnk szerint t\u00e9nyleg ideje lenne v\u00e9gre az eg\u00e9sz t\u00e1rsadalmunknak komolyan vennie.\" \/>\n<meta name=\"robots\" content=\"index, follow, max-snippet:-1, max-image-preview:large, max-video-preview:-1\" \/>\n<link rel=\"canonical\" href=\"https:\/\/liked.hu\/old\/eletmod\/20-iratlan-szabaly-amit-ideje-lenne-vegre-torvenybe-foglalnia-valakinek\/\" \/>\n<meta property=\"og:locale\" content=\"hu_HU\" \/>\n<meta property=\"og:type\" content=\"article\" \/>\n<meta property=\"og:title\" content=\"20+ \u00edratlan szab\u00e1ly, amit ideje lenne v\u00e9gre t\u00f6rv\u00e9nybe foglalnia valakinek\" \/>\n<meta property=\"og:description\" content=\"Ideges\u00edt, amikor az emberek f\u00fclhallgat\u00f3 n\u00e9lk\u00fcl hallgatj\u00e1k a zen\u00e9t a buszon? Zavar, amikor a koll\u00e9g\u00e1id b\u00fcd\u00f6s \u00e9teleket meleg\u00edtenek a munkahelyi mikr\u00f3ban? Nem vagy egyed\u00fcl. Olyannyira nem, hogy a Reddit.com-on egy k\u00fcl\u00f6n f\u00f3rumot is l\u00e9trehoztak, ahol arr\u00f3l k\u00e9rdezt\u00e9k az embereket, hogy melyek azok a legink\u00e1bb ideges\u00edt\u0151 probl\u00e9m\u00e1k, melyekre ideje lenne v\u00e9gre k\u00fcl\u00f6n illemszab\u00e1lyt is l\u00e9trehozni? A felhaszn\u00e1l\u00f3k sok azonos probl\u00e9m\u00e1t eml\u00edtettek, mi pedig ezek k\u00f6z\u00fcl v\u00e1logattuk ki azokat, melyeket v\u00e9lem\u00e9ny\u00fcnk szerint t\u00e9nyleg ideje lenne v\u00e9gre az eg\u00e9sz t\u00e1rsadalmunknak komolyan vennie.\" \/>\n<meta property=\"og:url\" content=\"https:\/\/liked.hu\/old\/eletmod\/20-iratlan-szabaly-amit-ideje-lenne-vegre-torvenybe-foglalnia-valakinek\/\" \/>\n<meta property=\"og:site_name\" content=\"Liked.hu\" \/>\n<meta property=\"article:publisher\" content=\"https:\/\/www.facebook.com\/liked.hu\" \/>\n<meta property=\"article:author\" content=\"https:\/\/facebook.com\/liked.hu\" \/>\n<meta property=\"article:published_time\" content=\"2019-03-23T22:40:42+00:00\" \/>\n<meta property=\"article:modified_time\" content=\"2022-09-03T11:56:30+00:00\" \/>\n<meta property=\"og:image\" content=\"https:\/\/liked.hu\/old\/wp-content\/uploads\/2019\/03\/Iratlan-szabalyok-es-problemak.jpg\" \/>\n\t<meta property=\"og:image:width\" content=\"1200\" \/>\n\t<meta property=\"og:image:height\" content=\"630\" \/>\n\t<meta property=\"og:image:type\" content=\"image\/jpeg\" \/>\n<meta name=\"author\" content=\"VictorN.\" \/>\n<meta name=\"twitter:card\" content=\"summary\" \/>\n<meta name=\"twitter:creator\" content=\"@https:\/\/twitter.com\/likedhu\" \/>\n<meta name=\"twitter:site\" content=\"@LikedHu\" \/>\n<meta name=\"twitter:label1\" content=\"Szerz\u0151:\" \/>\n\t<meta name=\"twitter:data1\" content=\"VictorN.\" \/>\n<script type=\"application\/ld+json\" class=\"yoast-schema-graph\">{\"@context\":\"https:\/\/schema.org\",\"@graph\":[{\"@type\":\"Article\",\"@id\":\"https:\/\/liked.hu\/old\/eletmod\/20-iratlan-szabaly-amit-ideje-lenne-vegre-torvenybe-foglalnia-valakinek\/#article\",\"isPartOf\":{\"@id\":\"https:\/\/liked.hu\/old\/eletmod\/20-iratlan-szabaly-amit-ideje-lenne-vegre-torvenybe-foglalnia-valakinek\/\"},\"author\":{\"name\":\"VictorN.\",\"@id\":\"https:\/\/liked.hu\/old\/#\/schema\/person\/02fa522b959d0531c9c34b0d531a7464\"},\"headline\":\"20+ \u00edratlan szab\u00e1ly, amit ideje lenne v\u00e9gre t\u00f6rv\u00e9nybe foglalnia valakinek\",\"datePublished\":\"2019-03-23T22:40:42+00:00\",\"dateModified\":\"2022-09-03T11:56:30+00:00\",\"mainEntityOfPage\":{\"@id\":\"https:\/\/liked.hu\/old\/eletmod\/20-iratlan-szabaly-amit-ideje-lenne-vegre-torvenybe-foglalnia-valakinek\/\"},\"wordCount\":95,\"commentCount\":0,\"publisher\":{\"@id\":\"https:\/\/liked.hu\/old\/#organization\"},\"keywords\":[\"illem\",\"illemszab\u00e1lyok\",\"\u00edratlan szab\u00e1ly\",\"mindennapi szab\u00e1lyok\",\"mindennapok\"],\"articleSection\":[\"\u00c9letm\u00f3d\",\"Interneten tal\u00e1lt dolgok\"],\"inLanguage\":\"hu\",\"potentialAction\":[{\"@type\":\"CommentAction\",\"name\":\"Comment\",\"target\":[\"https:\/\/liked.hu\/old\/eletmod\/20-iratlan-szabaly-amit-ideje-lenne-vegre-torvenybe-foglalnia-valakinek\/#respond\"]}]},{\"@type\":\"WebPage\",\"@id\":\"https:\/\/liked.hu\/old\/eletmod\/20-iratlan-szabaly-amit-ideje-lenne-vegre-torvenybe-foglalnia-valakinek\/\",\"url\":\"https:\/\/liked.hu\/old\/eletmod\/20-iratlan-szabaly-amit-ideje-lenne-vegre-torvenybe-foglalnia-valakinek\/\",\"name\":\"20+ \u00edratlan szab\u00e1ly, amit ideje lenne v\u00e9gre t\u00f6rv\u00e9nybe foglalnia valakinek\",\"isPartOf\":{\"@id\":\"https:\/\/liked.hu\/old\/#website\"},\"datePublished\":\"2019-03-23T22:40:42+00:00\",\"dateModified\":\"2022-09-03T11:56:30+00:00\",\"description\":\"Ideges\u00edt, amikor az emberek f\u00fclhallgat\u00f3 n\u00e9lk\u00fcl hallgatj\u00e1k a zen\u00e9t a buszon? Zavar, amikor a koll\u00e9g\u00e1id b\u00fcd\u00f6s \u00e9teleket meleg\u00edtenek a munkahelyi mikr\u00f3ban? Nem vagy egyed\u00fcl. Olyannyira nem, hogy a Reddit.com-on egy k\u00fcl\u00f6n f\u00f3rumot is l\u00e9trehoztak, ahol arr\u00f3l k\u00e9rdezt\u00e9k az embereket, hogy melyek azok a legink\u00e1bb ideges\u00edt\u0151 probl\u00e9m\u00e1k, melyekre ideje lenne v\u00e9gre k\u00fcl\u00f6n illemszab\u00e1lyt is l\u00e9trehozni? A felhaszn\u00e1l\u00f3k sok azonos probl\u00e9m\u00e1t eml\u00edtettek, mi pedig ezek k\u00f6z\u00fcl v\u00e1logattuk ki azokat, melyeket v\u00e9lem\u00e9ny\u00fcnk szerint t\u00e9nyleg ideje lenne v\u00e9gre az eg\u00e9sz t\u00e1rsadalmunknak komolyan vennie.\",\"breadcrumb\":{\"@id\":\"https:\/\/liked.hu\/old\/eletmod\/20-iratlan-szabaly-amit-ideje-lenne-vegre-torvenybe-foglalnia-valakinek\/#breadcrumb\"},\"inLanguage\":\"hu\",\"potentialAction\":[{\"@type\":\"ReadAction\",\"target\":[\"https:\/\/liked.hu\/old\/eletmod\/20-iratlan-szabaly-amit-ideje-lenne-vegre-torvenybe-foglalnia-valakinek\/\"]}]},{\"@type\":\"BreadcrumbList\",\"@id\":\"https:\/\/liked.hu\/old\/eletmod\/20-iratlan-szabaly-amit-ideje-lenne-vegre-torvenybe-foglalnia-valakinek\/#breadcrumb\",\"itemListElement\":[{\"@type\":\"ListItem\",\"position\":1,\"name\":\"Kezd\u0151lap\",\"item\":\"https:\/\/liked.hu\/old\/\"},{\"@type\":\"ListItem\",\"position\":2,\"name\":\"20+ \u00edratlan szab\u00e1ly, amit ideje lenne v\u00e9gre t\u00f6rv\u00e9nybe foglalnia valakinek\"}]},{\"@type\":\"WebSite\",\"@id\":\"https:\/\/liked.hu\/old\/#website\",\"url\":\"https:\/\/liked.hu\/old\/\",\"name\":\"Liked.hu\",\"description\":\"\",\"publisher\":{\"@id\":\"https:\/\/liked.hu\/old\/#organization\"},\"potentialAction\":[{\"@type\":\"SearchAction\",\"target\":{\"@type\":\"EntryPoint\",\"urlTemplate\":\"https:\/\/liked.hu\/old\/?s={search_term_string}\"},\"query-input\":\"required name=search_term_string\"}],\"inLanguage\":\"hu\"},{\"@type\":\"Organization\",\"@id\":\"https:\/\/liked.hu\/old\/#organization\",\"name\":\"Liked.hu\",\"url\":\"https:\/\/liked.hu\/old\/\",\"sameAs\":[\"https:\/\/hu.pinterest.com\/likedhungary\/\",\"https:\/\/www.youtube.com\/channel\/UCPv91dbMoIukYcM9b9nHN6Q\",\"https:\/\/www.facebook.com\/liked.hu\",\"https:\/\/twitter.com\/LikedHu\"],\"logo\":{\"@type\":\"ImageObject\",\"inLanguage\":\"hu\",\"@id\":\"https:\/\/liked.hu\/old\/#\/schema\/logo\/image\/\",\"url\":\"https:\/\/liked.hu\/wp-content\/uploads\/2018\/08\/Liked-icon.png\",\"contentUrl\":\"https:\/\/liked.hu\/wp-content\/uploads\/2018\/08\/Liked-icon.png\",\"width\":512,\"height\":512,\"caption\":\"Liked.hu\"},\"image\":{\"@id\":\"https:\/\/liked.hu\/old\/#\/schema\/logo\/image\/\"}},{\"@type\":\"Person\",\"@id\":\"https:\/\/liked.hu\/old\/#\/schema\/person\/02fa522b959d0531c9c34b0d531a7464\",\"name\":\"VictorN.\",\"image\":{\"@type\":\"ImageObject\",\"inLanguage\":\"hu\",\"@id\":\"https:\/\/liked.hu\/old\/#\/schema\/person\/image\/\",\"url\":\"https:\/\/liked.hu\/old\/wp-content\/uploads\/avatars\/1\/1683660043-bpfull.jpg\",\"contentUrl\":\"https:\/\/liked.hu\/old\/wp-content\/uploads\/avatars\/1\/1683660043-bpfull.jpg\",\"caption\":\"VictorN.\"},\"description\":\"A Liked.hu szerkeszt\u0151je vagyok, m\u00e1r az id\u0151k kezdete \u00f3ta. Szabadid\u0151mben Jedi lovag \u00e9s Pok\u00e9mester. Puszilom \u00e9desany\u00e1mat.\",\"sameAs\":[\"https:\/\/liked.hu\",\"https:\/\/facebook.com\/liked.hu\",\"https:\/\/www.instagram.com\/likedhu\/\",\"https:\/\/pinterest.com\/likedhu\",\"https:\/\/twitter.com\/https:\/\/twitter.com\/likedhu\",\"https:\/\/www.youtube.com\/channel\/UCPv91dbMoIukYcM9b9nHN6Q\"],\"url\":\"https:\/\/liked.hu\/old\/u\/victorn\/\"}]}<\/script>\n<!-- \/ Yoast SEO plugin. -->","yoast_head_json":{"title":"20+ \u00edratlan szab\u00e1ly, amit ideje lenne v\u00e9gre t\u00f6rv\u00e9nybe foglalnia valakinek","description":"Ideges\u00edt, amikor az emberek f\u00fclhallgat\u00f3 n\u00e9lk\u00fcl hallgatj\u00e1k a zen\u00e9t a buszon? Zavar, amikor a koll\u00e9g\u00e1id b\u00fcd\u00f6s \u00e9teleket meleg\u00edtenek a munkahelyi mikr\u00f3ban? Nem vagy egyed\u00fcl. Olyannyira nem, hogy a Reddit.com-on egy k\u00fcl\u00f6n f\u00f3rumot is l\u00e9trehoztak, ahol arr\u00f3l k\u00e9rdezt\u00e9k az embereket, hogy melyek azok a legink\u00e1bb ideges\u00edt\u0151 probl\u00e9m\u00e1k, melyekre ideje lenne v\u00e9gre k\u00fcl\u00f6n illemszab\u00e1lyt is l\u00e9trehozni? A felhaszn\u00e1l\u00f3k sok azonos probl\u00e9m\u00e1t eml\u00edtettek, mi pedig ezek k\u00f6z\u00fcl v\u00e1logattuk ki azokat, melyeket v\u00e9lem\u00e9ny\u00fcnk szerint t\u00e9nyleg ideje lenne v\u00e9gre az eg\u00e9sz t\u00e1rsadalmunknak komolyan vennie.","robots":{"index":"index","follow":"follow","max-snippet":"max-snippet:-1","max-image-preview":"max-image-preview:large","max-video-preview":"max-video-preview:-1"},"canonical":"https:\/\/liked.hu\/old\/eletmod\/20-iratlan-szabaly-amit-ideje-lenne-vegre-torvenybe-foglalnia-valakinek\/","og_locale":"hu_HU","og_type":"article","og_title":"20+ \u00edratlan szab\u00e1ly, amit ideje lenne v\u00e9gre t\u00f6rv\u00e9nybe foglalnia valakinek","og_description":"Ideges\u00edt, amikor az emberek f\u00fclhallgat\u00f3 n\u00e9lk\u00fcl hallgatj\u00e1k a zen\u00e9t a buszon? Zavar, amikor a koll\u00e9g\u00e1id b\u00fcd\u00f6s \u00e9teleket meleg\u00edtenek a munkahelyi mikr\u00f3ban? Nem vagy egyed\u00fcl. Olyannyira nem, hogy a Reddit.com-on egy k\u00fcl\u00f6n f\u00f3rumot is l\u00e9trehoztak, ahol arr\u00f3l k\u00e9rdezt\u00e9k az embereket, hogy melyek azok a legink\u00e1bb ideges\u00edt\u0151 probl\u00e9m\u00e1k, melyekre ideje lenne v\u00e9gre k\u00fcl\u00f6n illemszab\u00e1lyt is l\u00e9trehozni? A felhaszn\u00e1l\u00f3k sok azonos probl\u00e9m\u00e1t eml\u00edtettek, mi pedig ezek k\u00f6z\u00fcl v\u00e1logattuk ki azokat, melyeket v\u00e9lem\u00e9ny\u00fcnk szerint t\u00e9nyleg ideje lenne v\u00e9gre az eg\u00e9sz t\u00e1rsadalmunknak komolyan vennie.","og_url":"https:\/\/liked.hu\/old\/eletmod\/20-iratlan-szabaly-amit-ideje-lenne-vegre-torvenybe-foglalnia-valakinek\/","og_site_name":"Liked.hu","article_publisher":"https:\/\/www.facebook.com\/liked.hu","article_author":"https:\/\/facebook.com\/liked.hu","article_published_time":"2019-03-23T22:40:42+00:00","article_modified_time":"2022-09-03T11:56:30+00:00","og_image":[{"width":1200,"height":630,"url":"https:\/\/liked.hu\/old\/wp-content\/uploads\/2019\/03\/Iratlan-szabalyok-es-problemak.jpg","type":"image\/jpeg"}],"author":"VictorN.","twitter_card":"summary","twitter_creator":"@https:\/\/twitter.com\/likedhu","twitter_site":"@LikedHu","twitter_misc":{"Szerz\u0151:":"VictorN."},"schema":{"@context":"https:\/\/schema.org","@graph":[{"@type":"Article","@id":"https:\/\/liked.hu\/old\/eletmod\/20-iratlan-szabaly-amit-ideje-lenne-vegre-torvenybe-foglalnia-valakinek\/#article","isPartOf":{"@id":"https:\/\/liked.hu\/old\/eletmod\/20-iratlan-szabaly-amit-ideje-lenne-vegre-torvenybe-foglalnia-valakinek\/"},"author":{"name":"VictorN.","@id":"https:\/\/liked.hu\/old\/#\/schema\/person\/02fa522b959d0531c9c34b0d531a7464"},"headline":"20+ \u00edratlan szab\u00e1ly, amit ideje lenne v\u00e9gre t\u00f6rv\u00e9nybe foglalnia valakinek","datePublished":"2019-03-23T22:40:42+00:00","dateModified":"2022-09-03T11:56:30+00:00","mainEntityOfPage":{"@id":"https:\/\/liked.hu\/old\/eletmod\/20-iratlan-szabaly-amit-ideje-lenne-vegre-torvenybe-foglalnia-valakinek\/"},"wordCount":95,"commentCount":0,"publisher":{"@id":"https:\/\/liked.hu\/old\/#organization"},"keywords":["illem","illemszab\u00e1lyok","\u00edratlan szab\u00e1ly","mindennapi szab\u00e1lyok","mindennapok"],"articleSection":["\u00c9letm\u00f3d","Interneten tal\u00e1lt dolgok"],"inLanguage":"hu","potentialAction":[{"@type":"CommentAction","name":"Comment","target":["https:\/\/liked.hu\/old\/eletmod\/20-iratlan-szabaly-amit-ideje-lenne-vegre-torvenybe-foglalnia-valakinek\/#respond"]}]},{"@type":"WebPage","@id":"https:\/\/liked.hu\/old\/eletmod\/20-iratlan-szabaly-amit-ideje-lenne-vegre-torvenybe-foglalnia-valakinek\/","url":"https:\/\/liked.hu\/old\/eletmod\/20-iratlan-szabaly-amit-ideje-lenne-vegre-torvenybe-foglalnia-valakinek\/","name":"20+ \u00edratlan szab\u00e1ly, amit ideje lenne v\u00e9gre t\u00f6rv\u00e9nybe foglalnia valakinek","isPartOf":{"@id":"https:\/\/liked.hu\/old\/#website"},"datePublished":"2019-03-23T22:40:42+00:00","dateModified":"2022-09-03T11:56:30+00:00","description":"Ideges\u00edt, amikor az emberek f\u00fclhallgat\u00f3 n\u00e9lk\u00fcl hallgatj\u00e1k a zen\u00e9t a buszon? Zavar, amikor a koll\u00e9g\u00e1id b\u00fcd\u00f6s \u00e9teleket meleg\u00edtenek a munkahelyi mikr\u00f3ban? Nem vagy egyed\u00fcl. Olyannyira nem, hogy a Reddit.com-on egy k\u00fcl\u00f6n f\u00f3rumot is l\u00e9trehoztak, ahol arr\u00f3l k\u00e9rdezt\u00e9k az embereket, hogy melyek azok a legink\u00e1bb ideges\u00edt\u0151 probl\u00e9m\u00e1k, melyekre ideje lenne v\u00e9gre k\u00fcl\u00f6n illemszab\u00e1lyt is l\u00e9trehozni? A felhaszn\u00e1l\u00f3k sok azonos probl\u00e9m\u00e1t eml\u00edtettek, mi pedig ezek k\u00f6z\u00fcl v\u00e1logattuk ki azokat, melyeket v\u00e9lem\u00e9ny\u00fcnk szerint t\u00e9nyleg ideje lenne v\u00e9gre az eg\u00e9sz t\u00e1rsadalmunknak komolyan vennie.","breadcrumb":{"@id":"https:\/\/liked.hu\/old\/eletmod\/20-iratlan-szabaly-amit-ideje-lenne-vegre-torvenybe-foglalnia-valakinek\/#breadcrumb"},"inLanguage":"hu","potentialAction":[{"@type":"ReadAction","target":["https:\/\/liked.hu\/old\/eletmod\/20-iratlan-szabaly-amit-ideje-lenne-vegre-torvenybe-foglalnia-valakinek\/"]}]},{"@type":"BreadcrumbList","@id":"https:\/\/liked.hu\/old\/eletmod\/20-iratlan-szabaly-amit-ideje-lenne-vegre-torvenybe-foglalnia-valakinek\/#breadcrumb","itemListElement":[{"@type":"ListItem","position":1,"name":"Kezd\u0151lap","item":"https:\/\/liked.hu\/old\/"},{"@type":"ListItem","position":2,"name":"20+ \u00edratlan szab\u00e1ly, amit ideje lenne v\u00e9gre t\u00f6rv\u00e9nybe foglalnia valakinek"}]},{"@type":"WebSite","@id":"https:\/\/liked.hu\/old\/#website","url":"https:\/\/liked.hu\/old\/","name":"Liked.hu","description":"","publisher":{"@id":"https:\/\/liked.hu\/old\/#organization"},"potentialAction":[{"@type":"SearchAction","target":{"@type":"EntryPoint","urlTemplate":"https:\/\/liked.hu\/old\/?s={search_term_string}"},"query-input":"required name=search_term_string"}],"inLanguage":"hu"},{"@type":"Organization","@id":"https:\/\/liked.hu\/old\/#organization","name":"Liked.hu","url":"https:\/\/liked.hu\/old\/","sameAs":["https:\/\/hu.pinterest.com\/likedhungary\/","https:\/\/www.youtube.com\/channel\/UCPv91dbMoIukYcM9b9nHN6Q","https:\/\/www.facebook.com\/liked.hu","https:\/\/twitter.com\/LikedHu"],"logo":{"@type":"ImageObject","inLanguage":"hu","@id":"https:\/\/liked.hu\/old\/#\/schema\/logo\/image\/","url":"https:\/\/liked.hu\/wp-content\/uploads\/2018\/08\/Liked-icon.png","contentUrl":"https:\/\/liked.hu\/wp-content\/uploads\/2018\/08\/Liked-icon.png","width":512,"height":512,"caption":"Liked.hu"},"image":{"@id":"https:\/\/liked.hu\/old\/#\/schema\/logo\/image\/"}},{"@type":"Person","@id":"https:\/\/liked.hu\/old\/#\/schema\/person\/02fa522b959d0531c9c34b0d531a7464","name":"VictorN.","image":{"@type":"ImageObject","inLanguage":"hu","@id":"https:\/\/liked.hu\/old\/#\/schema\/person\/image\/","url":"https:\/\/liked.hu\/old\/wp-content\/uploads\/avatars\/1\/1683660043-bpfull.jpg","contentUrl":"https:\/\/liked.hu\/old\/wp-content\/uploads\/avatars\/1\/1683660043-bpfull.jpg","caption":"VictorN."},"description":"A Liked.hu szerkeszt\u0151je vagyok, m\u00e1r az id\u0151k kezdete \u00f3ta. Szabadid\u0151mben Jedi lovag \u00e9s Pok\u00e9mester. Puszilom \u00e9desany\u00e1mat.","sameAs":["https:\/\/liked.hu","https:\/\/facebook.com\/liked.hu","https:\/\/www.instagram.com\/likedhu\/","https:\/\/pinterest.com\/likedhu","https:\/\/twitter.com\/https:\/\/twitter.com\/likedhu","https:\/\/www.youtube.com\/channel\/UCPv91dbMoIukYcM9b9nHN6Q"],"url":"https:\/\/liked.hu\/old\/u\/victorn\/"}]}},"publishpress_future_action":{"enabled":false,"date":"1970-01-01 01:00:00","action":"","terms":[],"taxonomy":"","browser_timezone_offset":0},"_links":{"self":[{"href":"https:\/\/liked.hu\/old\/wp-json\/wp\/v2\/posts\/136465"}],"collection":[{"href":"https:\/\/liked.hu\/old\/wp-json\/wp\/v2\/posts"}],"about":[{"href":"https:\/\/liked.hu\/old\/wp-json\/wp\/v2\/types\/post"}],"author":[{"embeddable":true,"href":"https:\/\/liked.hu\/old\/wp-json\/wp\/v2\/users\/1"}],"replies":[{"embeddable":true,"href":"https:\/\/liked.hu\/old\/wp-json\/wp\/v2\/comments?post=136465"}],"version-history":[{"count":0,"href":"https:\/\/liked.hu\/old\/wp-json\/wp\/v2\/posts\/136465\/revisions"}],"wp:featuredmedia":[{"embeddable":true,"href":"https:\/\/liked.hu\/old\/wp-json\/wp\/v2\/media\/136469"}],"wp:attachment":[{"href":"https:\/\/liked.hu\/old\/wp-json\/wp\/v2\/media?parent=136465"}],"wp:term":[{"taxonomy":"category","embeddable":true,"href":"https:\/\/liked.hu\/old\/wp-json\/wp\/v2\/categories?post=136465"},{"taxonomy":"post_tag","embeddable":true,"href":"https:\/\/liked.hu\/old\/wp-json\/wp\/v2\/tags?post=136465"}],"curies":[{"name":"wp","href":"https:\/\/api.w.org\/{rel}","templated":true}]}}