{"id":13500,"date":"2016-06-23T08:49:50","date_gmt":"2016-06-23T06:49:50","guid":{"rendered":"https:\/\/liked.hu\/old\/?p=13500"},"modified":"2022-09-06T15:54:02","modified_gmt":"2022-09-06T13:54:02","slug":"david-guetta-magyar-eb-videoklip","status":"publish","type":"post","link":"https:\/\/liked.hu\/old\/video\/david-guetta-magyar-eb-videoklip\/","title":{"rendered":"David Guetta elk\u00e9sz\u00edtette a kiz\u00e1r\u00f3lag Magyaroknak sz\u00e1nt, hivatalos EB klipet! Te l\u00e1ttad m\u00e1r?"},"content":{"rendered":"<p>Magyarorsz\u00e1g kiharcolta mag\u00e1nak a legjobb 16 k\u00f6z\u00e9 ker\u00fcl\u00e9st, r\u00e1ad\u00e1sul mindezt egy nem mindennapi m\u00f3don, hisz csoportunkban els\u0151k\u00e9nt v\u00e9gezve z\u00e1rtuk az Eur\u00f3pa Bajnoks\u00e1g els\u0151 nagy fejezet\u00e9t, j\u00f6hetnek a nyolcadd\u00f6nt\u0151k!<\/p>\n<p style=\"text-align: center;\">\n<div style=\"float:none;margin:0px 0 0px 0;text-align:center;\">\n<div class=\"mobileShowkakettes\"><div class=\"mobileShowka2\"><div style=\"padding-top:0px;padding-bottom:15px;min-height: 300px;\"><div class=\"hirdetes\">HIRDET\u00c9S<\/div>\n<!-- 300lista -->\n<ins class=\"adsbygoogle\"\n     style=\"display:inline-block;width:300px;height:250px\"\n     data-ad-client=\"ca-pub-9424088931673893\"\n     data-ad-slot=\"8471340766\"><\/ins>\n<script async>\n     (adsbygoogle = window.adsbygoogle || []).push({});\n<\/script><\/div><\/div><\/div><\/div>\n<p style=\"text-align: justify;\">A Portug\u00e1li\u00e1val j\u00e1tszott 3-3-as d\u00f6ntetlen lef\u00faj\u00e1sa ut\u00e1n David Guetta, a vil\u00e1g egyik legn\u00e9pszer\u0171bb lemezlovasa, aki egyben&nbsp;az idei Eur\u00f3pa Bajnoks\u00e1g ,,himnusz\u00e1nak&#8221;&nbsp;zen\u00e9j\u00e9nek szerz\u0151je is, a YouTube csatorn\u00e1j\u00e1n kereszt\u00fcl osztotta meg a kiz\u00e1r\u00f3lag Magyarorsz\u00e1gnak k\u00e9sz\u00edtett hivatalos EB videoklipet, melyben a magyar v\u00e1logatott \u00e9s a magyar szurkol\u00f3t\u00e1bor legszebb \u00e9s leg\u00f6r\u00f6mtelibb pillanatait v\u00e1logatt\u00e1k \u00f6ssze sz\u00e1munkra, egy kis&nbsp;David Guetta-val \u00e9s Zara Larsson-al megf\u0171szerezve. Ahogy azt a videoklip c\u00edme is sugallja, \u00e9lvezz\u00fck ki minden perc\u00e9t a vide\u00f3nak, mert ez most csak \u00e9s kiz\u00e1r\u00f3lag nek\u00fcnk, Magyaroknak sz\u00f3l!\u2764<\/p>\n<p style=\"text-align: center;\"><em>David Guetta ft. Zara Larsson &#8211; This One&#8217;s For You Hungary<\/em><\/p>\n<p><iframe loading=\"lazy\" title=\"David Guetta ft. Zara Larsson - This One&#039;s For You Hungary (UEFA EURO 2016\u2122 Official Song)\" width=\"500\" height=\"281\" src=\"https:\/\/www.youtube.com\/embed\/Rl-Vgrb4f0E?feature=oembed\" frameborder=\"0\" allow=\"accelerometer; autoplay; clipboard-write; encrypted-media; gyroscope; picture-in-picture; web-share\" referrerpolicy=\"strict-origin-when-cross-origin\" allowfullscreen><\/iframe><\/p>\n","protected":false},"excerpt":{"rendered":"<p>Magyarorsz\u00e1g kiharcolta mag\u00e1nak a legjobb 16 k\u00f6z\u00e9 ker\u00fcl\u00e9st, r\u00e1ad\u00e1sul mindezt egy nem mindennapi m\u00f3don, hisz csoportunkban els\u0151k\u00e9nt v\u00e9gezve z\u00e1rtuk az Eur\u00f3pa Bajnoks\u00e1g els\u0151 nagy fejezet\u00e9t, j\u00f6hetnek a nyolcadd\u00f6nt\u0151k! A Portug\u00e1li\u00e1val j\u00e1tszott 3-3-as d\u00f6ntetlen lef\u00faj\u00e1sa ut\u00e1n David Guetta, a vil\u00e1g egyik legn\u00e9pszer\u0171bb lemezlovasa, aki egyben&nbsp;az idei Eur\u00f3pa Bajnoks\u00e1g ,,himnusz\u00e1nak&#8221;&nbsp;zen\u00e9j\u00e9nek szerz\u0151je is, a YouTube csatorn\u00e1j\u00e1n kereszt\u00fcl osztotta [&hellip;]<\/p>\n","protected":false},"author":5,"featured_media":293088,"comment_status":"open","ping_status":"closed","sticky":false,"template":"","format":"standard","meta":{"buzzeditor_post_format":""},"categories":[43],"tags":[474,532,679,1086,1629,1631,2818],"yoast_head":"<!-- This site is optimized with the Yoast SEO plugin v19.6.1 - https:\/\/yoast.com\/wordpress\/plugins\/seo\/ -->\n<title>David Guetta elk\u00e9sz\u00edtette a kiz\u00e1r\u00f3lag Magyaroknak sz\u00e1nt, hivatalos EB klipet! Te l\u00e1ttad m\u00e1r?<\/title>\n<meta name=\"description\" content=\"Magyarorsz\u00e1g kiharcolta mag\u00e1nak a legjobb 16 k\u00f6z\u00e9 ker\u00fcl\u00e9st, r\u00e1ad\u00e1sul mindezt egy nem mindennapi m\u00f3don, hisz csoportunkban els\u0151k\u00e9nt v\u00e9gezve z\u00e1rtuk az\" \/>\n<meta name=\"robots\" content=\"index, follow, max-snippet:-1, max-image-preview:large, max-video-preview:-1\" \/>\n<link rel=\"canonical\" href=\"https:\/\/liked.hu\/old\/video\/david-guetta-magyar-eb-videoklip\/\" \/>\n<meta property=\"og:locale\" content=\"hu_HU\" \/>\n<meta property=\"og:type\" content=\"article\" \/>\n<meta property=\"og:title\" content=\"David Guetta elk\u00e9sz\u00edtette a kiz\u00e1r\u00f3lag Magyaroknak sz\u00e1nt, hivatalos EB klipet! Te l\u00e1ttad m\u00e1r?\" \/>\n<meta property=\"og:description\" content=\"Magyarorsz\u00e1g kiharcolta mag\u00e1nak a legjobb 16 k\u00f6z\u00e9 ker\u00fcl\u00e9st, r\u00e1ad\u00e1sul mindezt egy nem mindennapi m\u00f3don, hisz csoportunkban els\u0151k\u00e9nt v\u00e9gezve z\u00e1rtuk az\" \/>\n<meta property=\"og:url\" content=\"https:\/\/liked.hu\/old\/video\/david-guetta-magyar-eb-videoklip\/\" \/>\n<meta property=\"og:site_name\" content=\"Liked.hu\" \/>\n<meta property=\"article:publisher\" content=\"https:\/\/www.facebook.com\/liked.hu\" \/>\n<meta property=\"article:published_time\" content=\"2016-06-23T06:49:50+00:00\" \/>\n<meta property=\"article:modified_time\" content=\"2022-09-06T13:54:02+00:00\" \/>\n<meta property=\"og:image\" content=\"https:\/\/liked.hu\/old\/wp-content\/uploads\/2016\/06\/David-Guetta-magyar.jpg\" \/>\n\t<meta property=\"og:image:width\" content=\"1200\" \/>\n\t<meta property=\"og:image:height\" content=\"630\" \/>\n\t<meta property=\"og:image:type\" content=\"image\/jpeg\" \/>\n<meta name=\"author\" content=\"Sludenkor\" \/>\n<meta name=\"twitter:card\" content=\"summary\" \/>\n<meta name=\"twitter:creator\" content=\"@LikedHu\" \/>\n<meta name=\"twitter:site\" content=\"@LikedHu\" \/>\n<meta name=\"twitter:label1\" content=\"Szerz\u0151:\" \/>\n\t<meta name=\"twitter:data1\" content=\"Sludenkor\" \/>\n\t<meta name=\"twitter:label2\" content=\"Becs\u00fclt olvas\u00e1si id\u0151\" \/>\n\t<meta name=\"twitter:data2\" content=\"1 perc\" \/>\n<script type=\"application\/ld+json\" class=\"yoast-schema-graph\">{\"@context\":\"https:\/\/schema.org\",\"@graph\":[{\"@type\":\"Article\",\"@id\":\"https:\/\/liked.hu\/old\/video\/david-guetta-magyar-eb-videoklip\/#article\",\"isPartOf\":{\"@id\":\"https:\/\/liked.hu\/old\/video\/david-guetta-magyar-eb-videoklip\/\"},\"author\":{\"name\":\"Sludenkor\",\"@id\":\"https:\/\/liked.hu\/old\/#\/schema\/person\/6650f7130e2154421c3a5cae3435b47c\"},\"headline\":\"David Guetta elk\u00e9sz\u00edtette a kiz\u00e1r\u00f3lag Magyaroknak sz\u00e1nt, hivatalos EB klipet! Te l\u00e1ttad m\u00e1r?\",\"datePublished\":\"2016-06-23T06:49:50+00:00\",\"dateModified\":\"2022-09-06T13:54:02+00:00\",\"mainEntityOfPage\":{\"@id\":\"https:\/\/liked.hu\/old\/video\/david-guetta-magyar-eb-videoklip\/\"},\"wordCount\":214,\"commentCount\":8,\"publisher\":{\"@id\":\"https:\/\/liked.hu\/old\/#organization\"},\"keywords\":[\"david guetta\",\"eb\",\"eur\u00f3pa bajnoks\u00e1g\",\"hivatalos\",\"magyar\",\"magyarorsz\u00e1g\",\"videoklip\"],\"articleSection\":[\"Vide\u00f3k\"],\"inLanguage\":\"hu\",\"potentialAction\":[{\"@type\":\"CommentAction\",\"name\":\"Comment\",\"target\":[\"https:\/\/liked.hu\/old\/video\/david-guetta-magyar-eb-videoklip\/#respond\"]}]},{\"@type\":\"WebPage\",\"@id\":\"https:\/\/liked.hu\/old\/video\/david-guetta-magyar-eb-videoklip\/\",\"url\":\"https:\/\/liked.hu\/old\/video\/david-guetta-magyar-eb-videoklip\/\",\"name\":\"David Guetta elk\u00e9sz\u00edtette a kiz\u00e1r\u00f3lag Magyaroknak sz\u00e1nt, hivatalos EB klipet! Te l\u00e1ttad m\u00e1r?\",\"isPartOf\":{\"@id\":\"https:\/\/liked.hu\/old\/#website\"},\"datePublished\":\"2016-06-23T06:49:50+00:00\",\"dateModified\":\"2022-09-06T13:54:02+00:00\",\"description\":\"Magyarorsz\u00e1g kiharcolta mag\u00e1nak a legjobb 16 k\u00f6z\u00e9 ker\u00fcl\u00e9st, r\u00e1ad\u00e1sul mindezt egy nem mindennapi m\u00f3don, hisz csoportunkban els\u0151k\u00e9nt v\u00e9gezve z\u00e1rtuk az\",\"breadcrumb\":{\"@id\":\"https:\/\/liked.hu\/old\/video\/david-guetta-magyar-eb-videoklip\/#breadcrumb\"},\"inLanguage\":\"hu\",\"potentialAction\":[{\"@type\":\"ReadAction\",\"target\":[\"https:\/\/liked.hu\/old\/video\/david-guetta-magyar-eb-videoklip\/\"]}]},{\"@type\":\"BreadcrumbList\",\"@id\":\"https:\/\/liked.hu\/old\/video\/david-guetta-magyar-eb-videoklip\/#breadcrumb\",\"itemListElement\":[{\"@type\":\"ListItem\",\"position\":1,\"name\":\"Kezd\u0151lap\",\"item\":\"https:\/\/liked.hu\/old\/\"},{\"@type\":\"ListItem\",\"position\":2,\"name\":\"David Guetta elk\u00e9sz\u00edtette a kiz\u00e1r\u00f3lag Magyaroknak sz\u00e1nt, hivatalos EB klipet! Te l\u00e1ttad m\u00e1r?\"}]},{\"@type\":\"WebSite\",\"@id\":\"https:\/\/liked.hu\/old\/#website\",\"url\":\"https:\/\/liked.hu\/old\/\",\"name\":\"Liked.hu\",\"description\":\"\",\"publisher\":{\"@id\":\"https:\/\/liked.hu\/old\/#organization\"},\"potentialAction\":[{\"@type\":\"SearchAction\",\"target\":{\"@type\":\"EntryPoint\",\"urlTemplate\":\"https:\/\/liked.hu\/old\/?s={search_term_string}\"},\"query-input\":\"required name=search_term_string\"}],\"inLanguage\":\"hu\"},{\"@type\":\"Organization\",\"@id\":\"https:\/\/liked.hu\/old\/#organization\",\"name\":\"Liked.hu\",\"url\":\"https:\/\/liked.hu\/old\/\",\"sameAs\":[\"https:\/\/hu.pinterest.com\/likedhungary\/\",\"https:\/\/www.youtube.com\/channel\/UCPv91dbMoIukYcM9b9nHN6Q\",\"https:\/\/www.facebook.com\/liked.hu\",\"https:\/\/twitter.com\/LikedHu\"],\"logo\":{\"@type\":\"ImageObject\",\"inLanguage\":\"hu\",\"@id\":\"https:\/\/liked.hu\/old\/#\/schema\/logo\/image\/\",\"url\":\"https:\/\/liked.hu\/wp-content\/uploads\/2018\/08\/Liked-icon.png\",\"contentUrl\":\"https:\/\/liked.hu\/wp-content\/uploads\/2018\/08\/Liked-icon.png\",\"width\":512,\"height\":512,\"caption\":\"Liked.hu\"},\"image\":{\"@id\":\"https:\/\/liked.hu\/old\/#\/schema\/logo\/image\/\"}},{\"@type\":\"Person\",\"@id\":\"https:\/\/liked.hu\/old\/#\/schema\/person\/6650f7130e2154421c3a5cae3435b47c\",\"name\":\"Sludenkor\",\"image\":{\"@type\":\"ImageObject\",\"inLanguage\":\"hu\",\"@id\":\"https:\/\/liked.hu\/old\/#\/schema\/person\/image\/\",\"url\":\"https:\/\/liked.hu\/old\/wp-content\/uploads\/avatars\/5\/604de86470f75-bpfull.jpg\",\"contentUrl\":\"https:\/\/liked.hu\/old\/wp-content\/uploads\/avatars\/5\/604de86470f75-bpfull.jpg\",\"caption\":\"Sludenkor\"},\"url\":\"https:\/\/liked.hu\/old\/u\/sludenkor\/\"}]}<\/script>\n<!-- \/ Yoast SEO plugin. -->","yoast_head_json":{"title":"David Guetta elk\u00e9sz\u00edtette a kiz\u00e1r\u00f3lag Magyaroknak sz\u00e1nt, hivatalos EB klipet! Te l\u00e1ttad m\u00e1r?","description":"Magyarorsz\u00e1g kiharcolta mag\u00e1nak a legjobb 16 k\u00f6z\u00e9 ker\u00fcl\u00e9st, r\u00e1ad\u00e1sul mindezt egy nem mindennapi m\u00f3don, hisz csoportunkban els\u0151k\u00e9nt v\u00e9gezve z\u00e1rtuk az","robots":{"index":"index","follow":"follow","max-snippet":"max-snippet:-1","max-image-preview":"max-image-preview:large","max-video-preview":"max-video-preview:-1"},"canonical":"https:\/\/liked.hu\/old\/video\/david-guetta-magyar-eb-videoklip\/","og_locale":"hu_HU","og_type":"article","og_title":"David Guetta elk\u00e9sz\u00edtette a kiz\u00e1r\u00f3lag Magyaroknak sz\u00e1nt, hivatalos EB klipet! Te l\u00e1ttad m\u00e1r?","og_description":"Magyarorsz\u00e1g kiharcolta mag\u00e1nak a legjobb 16 k\u00f6z\u00e9 ker\u00fcl\u00e9st, r\u00e1ad\u00e1sul mindezt egy nem mindennapi m\u00f3don, hisz csoportunkban els\u0151k\u00e9nt v\u00e9gezve z\u00e1rtuk az","og_url":"https:\/\/liked.hu\/old\/video\/david-guetta-magyar-eb-videoklip\/","og_site_name":"Liked.hu","article_publisher":"https:\/\/www.facebook.com\/liked.hu","article_published_time":"2016-06-23T06:49:50+00:00","article_modified_time":"2022-09-06T13:54:02+00:00","og_image":[{"width":1200,"height":630,"url":"https:\/\/liked.hu\/old\/wp-content\/uploads\/2016\/06\/David-Guetta-magyar.jpg","type":"image\/jpeg"}],"author":"Sludenkor","twitter_card":"summary","twitter_creator":"@LikedHu","twitter_site":"@LikedHu","twitter_misc":{"Szerz\u0151:":"Sludenkor","Becs\u00fclt olvas\u00e1si id\u0151":"1 perc"},"schema":{"@context":"https:\/\/schema.org","@graph":[{"@type":"Article","@id":"https:\/\/liked.hu\/old\/video\/david-guetta-magyar-eb-videoklip\/#article","isPartOf":{"@id":"https:\/\/liked.hu\/old\/video\/david-guetta-magyar-eb-videoklip\/"},"author":{"name":"Sludenkor","@id":"https:\/\/liked.hu\/old\/#\/schema\/person\/6650f7130e2154421c3a5cae3435b47c"},"headline":"David Guetta elk\u00e9sz\u00edtette a kiz\u00e1r\u00f3lag Magyaroknak sz\u00e1nt, hivatalos EB klipet! Te l\u00e1ttad m\u00e1r?","datePublished":"2016-06-23T06:49:50+00:00","dateModified":"2022-09-06T13:54:02+00:00","mainEntityOfPage":{"@id":"https:\/\/liked.hu\/old\/video\/david-guetta-magyar-eb-videoklip\/"},"wordCount":214,"commentCount":8,"publisher":{"@id":"https:\/\/liked.hu\/old\/#organization"},"keywords":["david guetta","eb","eur\u00f3pa bajnoks\u00e1g","hivatalos","magyar","magyarorsz\u00e1g","videoklip"],"articleSection":["Vide\u00f3k"],"inLanguage":"hu","potentialAction":[{"@type":"CommentAction","name":"Comment","target":["https:\/\/liked.hu\/old\/video\/david-guetta-magyar-eb-videoklip\/#respond"]}]},{"@type":"WebPage","@id":"https:\/\/liked.hu\/old\/video\/david-guetta-magyar-eb-videoklip\/","url":"https:\/\/liked.hu\/old\/video\/david-guetta-magyar-eb-videoklip\/","name":"David Guetta elk\u00e9sz\u00edtette a kiz\u00e1r\u00f3lag Magyaroknak sz\u00e1nt, hivatalos EB klipet! Te l\u00e1ttad m\u00e1r?","isPartOf":{"@id":"https:\/\/liked.hu\/old\/#website"},"datePublished":"2016-06-23T06:49:50+00:00","dateModified":"2022-09-06T13:54:02+00:00","description":"Magyarorsz\u00e1g kiharcolta mag\u00e1nak a legjobb 16 k\u00f6z\u00e9 ker\u00fcl\u00e9st, r\u00e1ad\u00e1sul mindezt egy nem mindennapi m\u00f3don, hisz csoportunkban els\u0151k\u00e9nt v\u00e9gezve z\u00e1rtuk az","breadcrumb":{"@id":"https:\/\/liked.hu\/old\/video\/david-guetta-magyar-eb-videoklip\/#breadcrumb"},"inLanguage":"hu","potentialAction":[{"@type":"ReadAction","target":["https:\/\/liked.hu\/old\/video\/david-guetta-magyar-eb-videoklip\/"]}]},{"@type":"BreadcrumbList","@id":"https:\/\/liked.hu\/old\/video\/david-guetta-magyar-eb-videoklip\/#breadcrumb","itemListElement":[{"@type":"ListItem","position":1,"name":"Kezd\u0151lap","item":"https:\/\/liked.hu\/old\/"},{"@type":"ListItem","position":2,"name":"David Guetta elk\u00e9sz\u00edtette a kiz\u00e1r\u00f3lag Magyaroknak sz\u00e1nt, hivatalos EB klipet! Te l\u00e1ttad m\u00e1r?"}]},{"@type":"WebSite","@id":"https:\/\/liked.hu\/old\/#website","url":"https:\/\/liked.hu\/old\/","name":"Liked.hu","description":"","publisher":{"@id":"https:\/\/liked.hu\/old\/#organization"},"potentialAction":[{"@type":"SearchAction","target":{"@type":"EntryPoint","urlTemplate":"https:\/\/liked.hu\/old\/?s={search_term_string}"},"query-input":"required name=search_term_string"}],"inLanguage":"hu"},{"@type":"Organization","@id":"https:\/\/liked.hu\/old\/#organization","name":"Liked.hu","url":"https:\/\/liked.hu\/old\/","sameAs":["https:\/\/hu.pinterest.com\/likedhungary\/","https:\/\/www.youtube.com\/channel\/UCPv91dbMoIukYcM9b9nHN6Q","https:\/\/www.facebook.com\/liked.hu","https:\/\/twitter.com\/LikedHu"],"logo":{"@type":"ImageObject","inLanguage":"hu","@id":"https:\/\/liked.hu\/old\/#\/schema\/logo\/image\/","url":"https:\/\/liked.hu\/wp-content\/uploads\/2018\/08\/Liked-icon.png","contentUrl":"https:\/\/liked.hu\/wp-content\/uploads\/2018\/08\/Liked-icon.png","width":512,"height":512,"caption":"Liked.hu"},"image":{"@id":"https:\/\/liked.hu\/old\/#\/schema\/logo\/image\/"}},{"@type":"Person","@id":"https:\/\/liked.hu\/old\/#\/schema\/person\/6650f7130e2154421c3a5cae3435b47c","name":"Sludenkor","image":{"@type":"ImageObject","inLanguage":"hu","@id":"https:\/\/liked.hu\/old\/#\/schema\/person\/image\/","url":"https:\/\/liked.hu\/old\/wp-content\/uploads\/avatars\/5\/604de86470f75-bpfull.jpg","contentUrl":"https:\/\/liked.hu\/old\/wp-content\/uploads\/avatars\/5\/604de86470f75-bpfull.jpg","caption":"Sludenkor"},"url":"https:\/\/liked.hu\/old\/u\/sludenkor\/"}]}},"publishpress_future_action":{"enabled":false,"date":"1970-01-01 01:00:00","action":"","terms":[],"taxonomy":"","browser_timezone_offset":0},"_links":{"self":[{"href":"https:\/\/liked.hu\/old\/wp-json\/wp\/v2\/posts\/13500"}],"collection":[{"href":"https:\/\/liked.hu\/old\/wp-json\/wp\/v2\/posts"}],"about":[{"href":"https:\/\/liked.hu\/old\/wp-json\/wp\/v2\/types\/post"}],"author":[{"embeddable":true,"href":"https:\/\/liked.hu\/old\/wp-json\/wp\/v2\/users\/5"}],"replies":[{"embeddable":true,"href":"https:\/\/liked.hu\/old\/wp-json\/wp\/v2\/comments?post=13500"}],"version-history":[{"count":0,"href":"https:\/\/liked.hu\/old\/wp-json\/wp\/v2\/posts\/13500\/revisions"}],"wp:featuredmedia":[{"embeddable":true,"href":"https:\/\/liked.hu\/old\/wp-json\/wp\/v2\/media\/293088"}],"wp:attachment":[{"href":"https:\/\/liked.hu\/old\/wp-json\/wp\/v2\/media?parent=13500"}],"wp:term":[{"taxonomy":"category","embeddable":true,"href":"https:\/\/liked.hu\/old\/wp-json\/wp\/v2\/categories?post=13500"},{"taxonomy":"post_tag","embeddable":true,"href":"https:\/\/liked.hu\/old\/wp-json\/wp\/v2\/tags?post=13500"}],"curies":[{"name":"wp","href":"https:\/\/api.w.org\/{rel}","templated":true}]}}