{"id":132031,"date":"2019-02-06T02:59:48","date_gmt":"2019-02-06T01:59:48","guid":{"rendered":"https:\/\/liked.hu\/old\/?p=132031"},"modified":"2022-09-05T18:56:06","modified_gmt":"2022-09-05T16:56:06","slug":"16-tortenelmi-teny-ami-teljesen-megvaltoztatja-az-idoerzekedet","status":"publish","type":"post","link":"https:\/\/liked.hu\/old\/erdekes\/16-tortenelmi-teny-ami-teljesen-megvaltoztatja-az-idoerzekedet\/","title":{"rendered":"16 t\u00f6rt\u00e9nelmi t\u00e9ny, ami teljesen megv\u00e1ltoztatja az id\u0151\u00e9rz\u00e9kedet"},"content":{"rendered":"<p>A mindennapi \u00e9let\u00fcnket n\u00e9zve tal\u00e1n \u00fagy t\u0171nik, hogy az &#8216;id\u0151&#8217; az egy teljesen stabil, j\u00f3l nyomon k\u00f6vethet\u0151 dolog, melyet k\u00f6nnyed\u00e9n hozz\u00e1 tudunk rendelni a k\u00fcl\u00f6nf\u00e9le t\u00f6rt\u00e9nelmi esem\u00e9nyekhez vagy \u00e9pp h\u00edres emberekhez &#8211; \u00e1m ez nem mindig van \u00edgy.<\/p>\n\n<div style=\"float:none;margin:0px 0 0px 0;text-align:center;\">\n<div class=\"mobileShowkakettes\"><div class=\"mobileShowka2\"><div style=\"padding-top:0px;padding-bottom:15px;min-height: 300px;\"><div class=\"hirdetes\">HIRDET\u00c9S<\/div>\n<!-- 300lista -->\n<ins class=\"adsbygoogle\"\n     style=\"display:inline-block;width:300px;height:250px\"\n     data-ad-client=\"ca-pub-9424088931673893\"\n     data-ad-slot=\"8471340766\"><\/ins>\n<script async>\n     (adsbygoogle = window.adsbygoogle || []).push({});\n<\/script><\/div><\/div><\/div><\/div>\n\n<p>A val\u00f3s\u00e1g olykor ugyanis teljesen szembe megy a j\u00f3zan \u00e9sszel, felbor\u00edtva ezzel az id\u0151\u00e9rz\u00e9k\u00fcnket. Gondoln\u00e1d p\u00e9ld\u00e1ul, hogy a g\u0151zmozdonyt el\u0151bb fedezt\u00e9k fel, mint a biciklit? Hogy el\u0151bb k\u00fcldt\u00fcnk embert a Holdra, minthogy kerekeket raktunk volna a b\u0151r\u00f6nd\u00f6kre? Pedig \u00edgy t\u00f6rt\u00e9nt.<\/p>\n<div id=\"zombify-main-section-front\" class=\"zombify-main-section-front zombify-screen zf-media-full\">\r\n\t<link rel=\"stylesheet\" type=\"text\/css\" href=\"https:\/\/liked.hu\/old\/js\/zombify.css\">\r\n    <link rel=\"stylesheet\" type=\"text\/css\" href=\"https:\/\/liked.hu\/old\/wp-content\/themes\/newsy-child\/style.css\">\r\n\t<div class=\"zf-container\">\r\n\t\t<div id=\"zf-list\" class=\"zf-list zf-numbered\">\r\n\t\t\t<ol class=\"zf-structure-list\">\r\n\t\t\t\t\t\t\t\t\t\t<li class=\"zf-list_item\">\r\n\t\t\t\t\t\t\t<div class=\"zf-list_header\">\r\n\t\t\t\t\t\t\t\t<h3 id=\"listaelem1\" class=\"zf-list_title\">\r\n\t\t\t\t\t\t\t\t\t<span class=\"zf-number\">1<\/span>\r\n\t\t\t\t\t\t\t\t\tII. Erzs\u00e9bet brit kir\u00e1lyn\u0151 \u00e9s Marilyn Monroe ugyanabban az \u00e9vben sz\u00fcletett.\t\t\t\t\t\t\t\t<\/h3>\r\n\t\t\t\t\t\t\t<\/div>\r\n\t\t\t\t\t\t\t\t\t\t\t\t\t\t\t<figure class=\"zf-list_media zf-media-wrapper zf-image zf-type-image\">\r\n\t\t\t\t\t\t\t\t\t<div title=\"II. Erzs\u00e9bet brit kir\u00e1lyn\u0151 \u00e9s Marilyn Monroe ugyanabban az \u00e9vben sz\u00fcletett.\" alt=\"II. Erzs\u00e9bet brit kir\u00e1lyn\u0151 \u00e9s Marilyn Monroe ugyanabban az \u00e9vben sz\u00fcletett.\" class=\"zf-media\">\r\n\t\t\t\t\t\t\t\t\t\t<img width=\"728\" height=\"731\" src=\"https:\/\/liked.hu\/old\/wp-content\/uploads\/2019\/02\/31428315-image-crop-1438x1445-1548231788-728-ec537ea647-1548344187.jpg\" class=\"\" alt=\"\" loading=\"lazy\" style=\"\" srcset=\"https:\/\/liked.hu\/old\/wp-content\/uploads\/2019\/02\/31428315-image-crop-1438x1445-1548231788-728-ec537ea647-1548344187.jpg 728w, https:\/\/liked.hu\/old\/wp-content\/uploads\/2019\/02\/31428315-image-crop-1438x1445-1548231788-728-ec537ea647-1548344187-150x150.jpg 150w, https:\/\/liked.hu\/old\/wp-content\/uploads\/2019\/02\/31428315-image-crop-1438x1445-1548231788-728-ec537ea647-1548344187-300x300.jpg 300w, https:\/\/liked.hu\/old\/wp-content\/uploads\/2019\/02\/31428315-image-crop-1438x1445-1548231788-728-ec537ea647-1548344187-498x500.jpg 498w, https:\/\/liked.hu\/old\/wp-content\/uploads\/2019\/02\/31428315-image-crop-1438x1445-1548231788-728-ec537ea647-1548344187-360x361.jpg 360w, https:\/\/liked.hu\/old\/wp-content\/uploads\/2019\/02\/31428315-image-crop-1438x1445-1548231788-728-ec537ea647-1548344187-545x547.jpg 545w, https:\/\/liked.hu\/old\/wp-content\/uploads\/2019\/02\/31428315-image-crop-1438x1445-1548231788-728-ec537ea647-1548344187-350x350.jpg 350w\" sizes=\"(max-width: 728px) 100vw, 728px\" \/>\t\t\t\t\t\t\t\t\t\t\t<figcaption class=\"zf-figcaption\">\r\n\t\t\t\t\t\t\t\t\t\t\t\t\t\t\t\t\t\t\t\t\t\t\t\t<cite><\/cite>\r\n\r\n\t\t\t\t\t\t\t\t\t\t\t\t\t\t\t\t\t\t\t\t\t\t\t<\/figcaption>\r\n\t\t\t\t\t\t\t\t\t\t\t\t\t\t\t\t\t\t\t<\/div>\r\n\t\t\t\t\t\t\t\t\t<hr \/>\r\n\t\t\t\t\t\t\t\t<\/figure>\r\n\t\t\t\t\t\t\t\t\t\t\t\t\t\t\t\t<div class=\"zf-list_description\"><p>Mindketten 1926-ban sz\u00fclettek, \u00e9s Londonban egyszer szem\u00e9lyesen tal\u00e1lkoztak is, amikor mindketten 30 \u00e9vesek voltak. Ez a k\u00e9p is ott k\u00e9sz\u00fclt.<\/p><\/div>\r\n\t\t\t\t\t\t\t\t\t\t\t\t\t<\/li>\r\n\t\t\t\t\t\t\t\t\t\t\t\t<li class=\"zf-list_item\">\r\n\t\t\t\t\t\t\t<div class=\"zf-list_header\">\r\n\t\t\t\t\t\t\t\t<h3 id=\"listaelem2\" class=\"zf-list_title\">\r\n\t\t\t\t\t\t\t\t\t<span class=\"zf-number\">2<\/span>\r\n\t\t\t\t\t\t\t\t\tCharles Darwin tekn\u0151se 2006-ban hunyt el.\t\t\t\t\t\t\t\t<\/h3>\r\n\t\t\t\t\t\t\t<\/div>\r\n\t\t\t\t\t\t\t\t\t\t\t\t\t\t\t<figure class=\"zf-list_media zf-media-wrapper zf-image zf-type-image\">\r\n\t\t\t\t\t\t\t\t\t<div title=\"Charles Darwin tekn\u0151se 2006-ban hunyt el.\" alt=\"Charles Darwin tekn\u0151se 2006-ban hunyt el.\" class=\"zf-media\">\r\n\t\t\t\t\t\t\t\t\t\t<img width=\"728\" height=\"368\" src=\"https:\/\/liked.hu\/old\/wp-content\/uploads\/2019\/02\/31427765-62049210-3c54246672a42f0af8190c909c570692c7fe1e80-1500-1-1548148607-728-ed77109d91-1548344187.jpg\" class=\"\" alt=\"\" loading=\"lazy\" style=\"\" srcset=\"https:\/\/liked.hu\/old\/wp-content\/uploads\/2019\/02\/31427765-62049210-3c54246672a42f0af8190c909c570692c7fe1e80-1500-1-1548148607-728-ed77109d91-1548344187.jpg 728w, https:\/\/liked.hu\/old\/wp-content\/uploads\/2019\/02\/31427765-62049210-3c54246672a42f0af8190c909c570692c7fe1e80-1500-1-1548148607-728-ed77109d91-1548344187-300x152.jpg 300w, https:\/\/liked.hu\/old\/wp-content\/uploads\/2019\/02\/31427765-62049210-3c54246672a42f0af8190c909c570692c7fe1e80-1500-1-1548148607-728-ed77109d91-1548344187-500x253.jpg 500w, https:\/\/liked.hu\/old\/wp-content\/uploads\/2019\/02\/31427765-62049210-3c54246672a42f0af8190c909c570692c7fe1e80-1500-1-1548148607-728-ed77109d91-1548344187-360x182.jpg 360w, https:\/\/liked.hu\/old\/wp-content\/uploads\/2019\/02\/31427765-62049210-3c54246672a42f0af8190c909c570692c7fe1e80-1500-1-1548148607-728-ed77109d91-1548344187-545x275.jpg 545w\" sizes=\"(max-width: 728px) 100vw, 728px\" \/>\t\t\t\t\t\t\t\t\t\t\t<figcaption class=\"zf-figcaption\">\r\n\t\t\t\t\t\t\t\t\t\t\t\t\t\t\t\t\t\t\t\t\t\t\t\t<cite><\/cite>\r\n\r\n\t\t\t\t\t\t\t\t\t\t\t\t\t\t\t\t\t\t\t\t\t\t\t<\/figcaption>\r\n\t\t\t\t\t\t\t\t\t\t\t\t\t\t\t\t\t\t\t<\/div>\r\n\t\t\t\t\t\t\t\t\t<hr \/>\r\n\t\t\t\t\t\t\t\t<\/figure>\r\n\t\t\t\t\t\t\t\t\t\t\t\t\t\t\t\t<div class=\"zf-list_description\"><p>A Harriet n\u00e9vre hallgat\u00f3 gal\u00e1pagosi \u00f3ri\u00e1stekn\u0151s 1830 k\u00f6r\u00fcl sz\u00fcletett a Galapagos-szigetek egyik\u00e9n. Darwin egy vil\u00e1gk\u00f6r\u00fcli exped\u00edci\u00f3 sor\u00e1n vette mag\u00e1hoz \u00e9s \u00e9lete v\u00e9g\u00e9ig, vagyis 1882. \u00e1prilis 19-ig gondoskodott r\u00f3la. A tekn\u0151s j\u00f3csk\u00e1n t\u00fal\u00e9lte gazd\u00e1j\u00e1t, Harriet ugyanis 2006-ban, 177 \u00e9ves kor\u00e1ban hunyt el sz\u00edvel\u00e9gtelens\u00e9gben.<\/p><\/div>\r\n\t\t\t\t\t\t\t\t\t\t\t\t\t<\/li>\r\n\t\t\t\t\t\t\t\t\t\t\t\t<li class=\"zf-list_item\">\r\n\t\t\t\t\t\t\t<div class=\"zf-list_header\">\r\n\t\t\t\t\t\t\t\t<h3 id=\"listaelem3\" class=\"zf-list_title\">\r\n\t\t\t\t\t\t\t\t\t<span class=\"zf-number\">3<\/span>\r\n\t\t\t\t\t\t\t\t\tOlivia de Havilland nemr\u00e9g lett 102 \u00e9ves.\t\t\t\t\t\t\t\t<\/h3>\r\n\t\t\t\t\t\t\t<\/div>\r\n\t\t\t\t\t\t\t\t\t\t\t\t\t\t\t<figure class=\"zf-list_media zf-media-wrapper zf-image zf-type-image\">\r\n\t\t\t\t\t\t\t\t\t<div title=\"Olivia de Havilland nemr\u00e9g lett 102 \u00e9ves.\" alt=\"Olivia de Havilland nemr\u00e9g lett 102 \u00e9ves.\" class=\"zf-media\">\r\n\t\t\t\t\t\t\t\t\t\t<img width=\"728\" height=\"451\" src=\"https:\/\/liked.hu\/old\/wp-content\/uploads\/2019\/02\/Olivia-de-Havilland.jpg\" class=\"\" alt=\"\" loading=\"lazy\" style=\"\" srcset=\"https:\/\/liked.hu\/old\/wp-content\/uploads\/2019\/02\/Olivia-de-Havilland.jpg 728w, https:\/\/liked.hu\/old\/wp-content\/uploads\/2019\/02\/Olivia-de-Havilland-300x186.jpg 300w, https:\/\/liked.hu\/old\/wp-content\/uploads\/2019\/02\/Olivia-de-Havilland-500x310.jpg 500w, https:\/\/liked.hu\/old\/wp-content\/uploads\/2019\/02\/Olivia-de-Havilland-360x223.jpg 360w, https:\/\/liked.hu\/old\/wp-content\/uploads\/2019\/02\/Olivia-de-Havilland-545x338.jpg 545w\" sizes=\"(max-width: 728px) 100vw, 728px\" \/>\t\t\t\t\t\t\t\t\t\t\t<figcaption class=\"zf-figcaption\">\r\n\t\t\t\t\t\t\t\t\t\t\t\t\t\t\t\t\t\t\t\t\t\t\t\t<cite><\/cite>\r\n\r\n\t\t\t\t\t\t\t\t\t\t\t\t\t\t\t\t\t\t\t\t\t\t\t<\/figcaption>\r\n\t\t\t\t\t\t\t\t\t\t\t\t\t\t\t\t\t\t\t<\/div>\r\n\t\t\t\t\t\t\t\t\t<hr \/>\r\n\t\t\t\t\t\t\t\t<\/figure>\r\n\t\t\t\t\t\t\t\t\t\t\t\t\t\t\t\t<div class=\"zf-list_description\"><p>Az Elf\u00fajta a sz\u00e9l c\u00edm\u0171 filmmel vil\u00e1gh\u00edr\u0171v\u00e9 v\u00e1lt sz\u00edn\u00e9szn\u0151 2018. j\u00falius 1-j\u00e9n \u00fcnnepelte 102. sz\u00fclet\u00e9snapj\u00e1t. A film k\u00e9sz\u00fcltekor Olivia de Havilland 23 \u00e9ves volt.<\/p><\/div>\r\n\t\t\t\t\t\t\t\t\t\t\t\t\t<\/li>\r\n\t\t\t\t\t\t\t\t\t\t\t\t<li class=\"zf-list_item\">\r\n\t\t\t\t\t\t\t<div class=\"zf-list_header\">\r\n\t\t\t\t\t\t\t\t<h3 id=\"listaelem4\" class=\"zf-list_title\">\r\n\t\t\t\t\t\t\t\t\t<span class=\"zf-number\">4<\/span>\r\n\t\t\t\t\t\t\t\t\tA Pl\u00fat\u00f3 m\u00e9g egyszer sem ker\u00fclte meg a Napot.\t\t\t\t\t\t\t\t<\/h3>\r\n\t\t\t\t\t\t\t<\/div>\r\n\t\t\t\t\t\t\t\t\t\t\t\t\t\t\t<figure class=\"zf-list_media zf-media-wrapper zf-image zf-type-image\">\r\n\t\t\t\t\t\t\t\t\t<div title=\"A Pl\u00fat\u00f3 m\u00e9g egyszer sem ker\u00fclte meg a Napot.\" alt=\"A Pl\u00fat\u00f3 m\u00e9g egyszer sem ker\u00fclte meg a Napot.\" class=\"zf-media\">\r\n\t\t\t\t\t\t\t\t\t\t<img width=\"728\" height=\"422\" src=\"https:\/\/liked.hu\/old\/wp-content\/uploads\/2019\/02\/Pluto-a-Nap-korul.jpg\" class=\"\" alt=\"\" loading=\"lazy\" style=\"\" srcset=\"https:\/\/liked.hu\/old\/wp-content\/uploads\/2019\/02\/Pluto-a-Nap-korul.jpg 728w, https:\/\/liked.hu\/old\/wp-content\/uploads\/2019\/02\/Pluto-a-Nap-korul-300x174.jpg 300w, https:\/\/liked.hu\/old\/wp-content\/uploads\/2019\/02\/Pluto-a-Nap-korul-500x290.jpg 500w, https:\/\/liked.hu\/old\/wp-content\/uploads\/2019\/02\/Pluto-a-Nap-korul-360x209.jpg 360w, https:\/\/liked.hu\/old\/wp-content\/uploads\/2019\/02\/Pluto-a-Nap-korul-545x316.jpg 545w\" sizes=\"(max-width: 728px) 100vw, 728px\" \/>\t\t\t\t\t\t\t\t\t\t\t<figcaption class=\"zf-figcaption\">\r\n\t\t\t\t\t\t\t\t\t\t\t\t\t\t\t\t\t\t\t\t\t\t\t\t<cite><\/cite>\r\n\r\n\t\t\t\t\t\t\t\t\t\t\t\t\t\t\t\t\t\t\t\t\t\t\t<\/figcaption>\r\n\t\t\t\t\t\t\t\t\t\t\t\t\t\t\t\t\t\t\t<\/div>\r\n\t\t\t\t\t\t\t\t\t<hr \/>\r\n\t\t\t\t\t\t\t\t<\/figure>\r\n\t\t\t\t\t\t\t\t\t\t\t\t\t\t\t\t<div class=\"zf-list_description\"><p>A Pl\u00fat\u00f3t 1930-ban fedezt\u00e9k fel, a felfedez\u00e9se \u00f3ta eltelt k\u00f6zel 100 \u00e9v sor\u00e1n pedig m\u00e9g egy teljes k\u00f6rt sem tett a Nap k\u00f6r\u00fcl. Ez csak 2178-ban fog majd megt\u00f6rt\u00e9nni, \u00e1m 2006-ban az\u00f3ta elvesztette \u201ebolyg\u00f3\u201d titulus\u00e1t \u00e9s t\u00f6rpebolyg\u00f3v\u00e1 min\u0151s\u00edtett\u00e9k \u00e1t \u2013 ezzel a Pl\u00fat\u00f3 lett az els\u0151 olyan \u00e9gitest, amely elvesztette bolyg\u00f3nak min\u0151s\u00edt\u00e9s\u00e9t.<\/p><p>Egy\u00e9bk\u00e9nt a Pl\u00fat\u00f3r\u00f3l k\u00e9sz\u00fclt els\u0151 tiszta fot\u00f3ra viszonylag sokat kellett v\u00e1rni, ugyanis csak 2015-ben (85 \u00e9vvel a felfedez\u00e9se ut\u00e1n) volt el\u00e9g fejlett hozz\u00e1 a technika, hogy az \u0171rbe kil\u0151tt New Horizons \u0171rszonda tiszta, k\u00f6zeli fot\u00f3t k\u00fcldj\u00f6n az \u00e9gitestr\u0151l. El\u0151tte csak a Hubble \u0170rt\u00e1vcs\u0151 elmos\u00f3dott k\u00e9pei alapj\u00e1n tudtuk kik\u00f6vetkeztetni, hogyan is n\u00e9zhet ki vajon a Pl\u00fat\u00f3.&nbsp;<\/p><\/div>\r\n\t\t\t\t\t\t\t\t\t\t\t\t\t<\/li>\r\n\t\t\t\t\t\t\t\t\t\t\t\t<li class=\"zf-list_item\">\r\n\t\t\t\t\t\t\t<div class=\"zf-list_header\">\r\n\t\t\t\t\t\t\t\t<h3 id=\"listaelem5\" class=\"zf-list_title\">\r\n\t\t\t\t\t\t\t\t\t<span class=\"zf-number\">5<\/span>\r\n\t\t\t\t\t\t\t\t\tA Nintendo \u00e9s az Eiffel-torony ugyanabban az \u00e9vben j\u00f6tt l\u00e9tre.\t\t\t\t\t\t\t\t<\/h3>\r\n\t\t\t\t\t\t\t<\/div>\r\n\t\t\t\t\t\t\t\t\t\t\t\t\t\t\t<figure class=\"zf-list_media zf-media-wrapper zf-image zf-type-image\">\r\n\t\t\t\t\t\t\t\t\t<div title=\"A Nintendo \u00e9s az Eiffel-torony ugyanabban az \u00e9vben j\u00f6tt l\u00e9tre.\" alt=\"A Nintendo \u00e9s az Eiffel-torony ugyanabban az \u00e9vben j\u00f6tt l\u00e9tre.\" class=\"zf-media\">\r\n\t\t\t\t\t\t\t\t\t\t<img width=\"728\" height=\"468\" src=\"https:\/\/liked.hu\/old\/wp-content\/uploads\/2019\/02\/Nintendo-es-Eiffel-torony.jpg\" class=\"\" alt=\"\" loading=\"lazy\" style=\"\" srcset=\"https:\/\/liked.hu\/old\/wp-content\/uploads\/2019\/02\/Nintendo-es-Eiffel-torony.jpg 728w, https:\/\/liked.hu\/old\/wp-content\/uploads\/2019\/02\/Nintendo-es-Eiffel-torony-300x193.jpg 300w, https:\/\/liked.hu\/old\/wp-content\/uploads\/2019\/02\/Nintendo-es-Eiffel-torony-500x321.jpg 500w, https:\/\/liked.hu\/old\/wp-content\/uploads\/2019\/02\/Nintendo-es-Eiffel-torony-360x231.jpg 360w, https:\/\/liked.hu\/old\/wp-content\/uploads\/2019\/02\/Nintendo-es-Eiffel-torony-545x350.jpg 545w\" sizes=\"(max-width: 728px) 100vw, 728px\" \/>\t\t\t\t\t\t\t\t\t\t\t<figcaption class=\"zf-figcaption\">\r\n\t\t\t\t\t\t\t\t\t\t\t\t\t\t\t\t\t\t\t\t\t\t\t\t<cite><\/cite>\r\n\r\n\t\t\t\t\t\t\t\t\t\t\t\t\t\t\t\t\t\t\t\t\t\t\t<\/figcaption>\r\n\t\t\t\t\t\t\t\t\t\t\t\t\t\t\t\t\t\t\t<\/div>\r\n\t\t\t\t\t\t\t\t\t<hr \/>\r\n\t\t\t\t\t\t\t\t<\/figure>\r\n\t\t\t\t\t\t\t\t\t\t\t\t\t\t\t\t<div class=\"zf-list_description\"><p>Val\u00f3sz\u00edn\u0171leg sokan tudj\u00e1k, hogy a h\u00edres francia tornyot az 1889-es vil\u00e1gki\u00e1ll\u00edt\u00e1sra k\u00e9sz\u00edtett\u00e9k, azt azonban m\u00e1r kevesebben, hogy m\u00e9g ugyanennek az \u00e9vnek az \u0151sz\u00e9n megalap\u00edtott\u00e1k a Nintendo-t, a vil\u00e1g egyik legnagyobb videoj\u00e1t\u00e9kokat \u00e9s j\u00e1t\u00e9kkonzolokat gy\u00e1rt\u00f3 c\u00e9g\u00e9t. Igaz ami igaz, akkor m\u00e9g j\u00e1t\u00e9kk\u00e1rty\u00e1k gy\u00e1rt\u00e1s\u00e1val foglalkoztak.<\/p><\/div>\r\n\t\t\t\t\t\t\t\t\t\t\t\t\t<\/li>\r\n\t\t\t\t\t\t\t\t\t\t\t\t<li class=\"zf-list_item\">\r\n\t\t\t\t\t\t\t<div class=\"zf-list_header\">\r\n\t\t\t\t\t\t\t\t<h3 id=\"listaelem6\" class=\"zf-list_title\">\r\n\t\t\t\t\t\t\t\t\t<span class=\"zf-number\">6<\/span>\r\n\t\t\t\t\t\t\t\t\tA vil\u00e1g els\u0151 metr\u00f3vonala Londonban ny\u00edlt meg, ekkor az Egyes\u00fclt \u00c1llamokban m\u00e9g polg\u00e1rh\u00e1bor\u00fak zajlottak.\t\t\t\t\t\t\t\t<\/h3>\r\n\t\t\t\t\t\t\t<\/div>\r\n\t\t\t\t\t\t\t\t\t\t\t\t\t\t\t<figure class=\"zf-list_media zf-media-wrapper zf-image zf-type-image\">\r\n\t\t\t\t\t\t\t\t\t<div title=\"A vil\u00e1g els\u0151 metr\u00f3vonala Londonban ny\u00edlt meg, ekkor az Egyes\u00fclt \u00c1llamokban m\u00e9g polg\u00e1rh\u00e1bor\u00fak zajlottak.\" alt=\"A vil\u00e1g els\u0151 metr\u00f3vonala Londonban ny\u00edlt meg, ekkor az Egyes\u00fclt \u00c1llamokban m\u00e9g polg\u00e1rh\u00e1bor\u00fak zajlottak.\" class=\"zf-media\">\r\n\t\t\t\t\t\t\t\t\t\t<img width=\"728\" height=\"1069\" src=\"https:\/\/liked.hu\/old\/wp-content\/uploads\/2019\/02\/Londoni-metro-es-polgarhaboru.jpg\" class=\"\" alt=\"\" loading=\"lazy\" style=\"\" srcset=\"https:\/\/liked.hu\/old\/wp-content\/uploads\/2019\/02\/Londoni-metro-es-polgarhaboru.jpg 728w, https:\/\/liked.hu\/old\/wp-content\/uploads\/2019\/02\/Londoni-metro-es-polgarhaboru-204x300.jpg 204w, https:\/\/liked.hu\/old\/wp-content\/uploads\/2019\/02\/Londoni-metro-es-polgarhaboru-697x1024.jpg 697w, https:\/\/liked.hu\/old\/wp-content\/uploads\/2019\/02\/Londoni-metro-es-polgarhaboru-341x500.jpg 341w, https:\/\/liked.hu\/old\/wp-content\/uploads\/2019\/02\/Londoni-metro-es-polgarhaboru-360x529.jpg 360w, https:\/\/liked.hu\/old\/wp-content\/uploads\/2019\/02\/Londoni-metro-es-polgarhaboru-545x800.jpg 545w\" sizes=\"(max-width: 728px) 100vw, 728px\" \/>\t\t\t\t\t\t\t\t\t\t\t<figcaption class=\"zf-figcaption\">\r\n\t\t\t\t\t\t\t\t\t\t\t\t\t\t\t\t\t\t\t\t\t\t\t\t<cite><\/cite>\r\n\r\n\t\t\t\t\t\t\t\t\t\t\t\t\t\t\t\t\t\t\t\t\t\t\t<\/figcaption>\r\n\t\t\t\t\t\t\t\t\t\t\t\t\t\t\t\t\t\t\t<\/div>\r\n\t\t\t\t\t\t\t\t\t<hr \/>\r\n\t\t\t\t\t\t\t\t<\/figure>\r\n\t\t\t\t\t\t\t\t\t\t\t\t\t\t\t\t<div class=\"zf-list_description\"><p>1863-ban ny\u00edlt meg a vil\u00e1g els\u0151 f\u00f6ldalatti vas\u00fatvonala, a londoni metr\u00f3. Ugyanebben az id\u0151ben m\u00e9g az Egyes\u00fclt \u00c1llamokban p\u00e9ld\u00e1ul v\u00e9res polg\u00e1rh\u00e1bor\u00fa zajlott \u00e9szak \u00e9s d\u00e9l k\u00f6z\u00f6tt. Ez v\u00e9g\u00fcl csak 1865 december\u00e9ben fejez\u0151d\u00f6tt be, amikor elfogadt\u00e1k a rabszolgas\u00e1g elt\u00f6rl\u00e9s\u00e9r\u0151l sz\u00f3l\u00f3 13. alkotm\u00e1nym\u00f3dos\u00edt\u00e1st.<\/p><\/div>\r\n\t\t\t\t\t\t\t\t\t\t\t\t\t<\/li>\r\n\t\t\t\t\t\t\t\t\t\t\t\t<li class=\"zf-list_item\">\r\n\t\t\t\t\t\t\t<div class=\"zf-list_header\">\r\n\t\t\t\t\t\t\t\t<h3 id=\"listaelem7\" class=\"zf-list_title\">\r\n\t\t\t\t\t\t\t\t\t<span class=\"zf-number\">7<\/span>\r\n\t\t\t\t\t\t\t\t\tAz els\u0151 mozdony sokkal hamarabb jelent meg, mint az els\u0151 ker\u00e9kp\u00e1r.\t\t\t\t\t\t\t\t<\/h3>\r\n\t\t\t\t\t\t\t<\/div>\r\n\t\t\t\t\t\t\t\t\t\t\t\t\t\t\t<figure class=\"zf-list_media zf-media-wrapper zf-image zf-type-image\">\r\n\t\t\t\t\t\t\t\t\t<div title=\"Az els\u0151 mozdony sokkal hamarabb jelent meg, mint az els\u0151 ker\u00e9kp\u00e1r.\" alt=\"Az els\u0151 mozdony sokkal hamarabb jelent meg, mint az els\u0151 ker\u00e9kp\u00e1r.\" class=\"zf-media\">\r\n\t\t\t\t\t\t\t\t\t\t<img width=\"728\" height=\"1011\" src=\"https:\/\/liked.hu\/old\/wp-content\/uploads\/2019\/02\/31427565-64101260-85a390164655938c69f0d64264297183ddace3ff-1500-1-1548314631-728-2549ed16e4-1548344187.jpg\" class=\"\" alt=\"\" loading=\"lazy\" style=\"\" srcset=\"https:\/\/liked.hu\/old\/wp-content\/uploads\/2019\/02\/31427565-64101260-85a390164655938c69f0d64264297183ddace3ff-1500-1-1548314631-728-2549ed16e4-1548344187.jpg 728w, https:\/\/liked.hu\/old\/wp-content\/uploads\/2019\/02\/31427565-64101260-85a390164655938c69f0d64264297183ddace3ff-1500-1-1548314631-728-2549ed16e4-1548344187-216x300.jpg 216w, https:\/\/liked.hu\/old\/wp-content\/uploads\/2019\/02\/31427565-64101260-85a390164655938c69f0d64264297183ddace3ff-1500-1-1548314631-728-2549ed16e4-1548344187-360x500.jpg 360w, https:\/\/liked.hu\/old\/wp-content\/uploads\/2019\/02\/31427565-64101260-85a390164655938c69f0d64264297183ddace3ff-1500-1-1548314631-728-2549ed16e4-1548344187-545x757.jpg 545w\" sizes=\"(max-width: 728px) 100vw, 728px\" \/>\t\t\t\t\t\t\t\t\t\t\t<figcaption class=\"zf-figcaption\">\r\n\t\t\t\t\t\t\t\t\t\t\t\t\t\t\t\t\t\t\t\t\t\t\t\t<cite><\/cite>\r\n\r\n\t\t\t\t\t\t\t\t\t\t\t\t\t\t\t\t\t\t\t\t\t\t\t<\/figcaption>\r\n\t\t\t\t\t\t\t\t\t\t\t\t\t\t\t\t\t\t\t<\/div>\r\n\t\t\t\t\t\t\t\t\t<hr \/>\r\n\t\t\t\t\t\t\t\t<\/figure>\r\n\t\t\t\t\t\t\t\t\t\t\t\t\t\t\t\t<div class=\"zf-list_description\"><p>1818-ban egy n\u00e9met professzor szabadalmaztatta a vil\u00e1g els\u0151 k\u00e9tkerek\u0171 ker\u00e9kp\u00e1rj\u00e1t, mely m\u00e9g f\u00e1b\u00f3l k\u00e9sz\u00fclt \u00e9s k\u00eds\u00e9rtetiesen hasonl\u00edtott a ma haszn\u00e1latos ker\u00e9kp\u00e1rokra azzal a k\u00fcl\u00f6nbs\u00e9ggel, hogy nem voltak ped\u00e1ljai. A g\u0151zmozdonyok legels\u0151 protot\u00edpusa ezzel szemben m\u00e1r 1769-ben elk\u00e9sz\u00fclt, \u00e1m az els\u0151 \u00e9lesben is haszn\u00e1lt mozdony megjelen\u00e9s\u00e9re 1801-ig v\u00e1rni kellett.<\/p><\/div>\r\n\t\t\t\t\t\t\t\t\t\t\t\t\t<\/li>\r\n\t\t\t\t\t\t\t\t\t\t\t\t<li class=\"zf-list_item\">\r\n\t\t\t\t\t\t\t<div class=\"zf-list_header\">\r\n\t\t\t\t\t\t\t\t<h3 id=\"listaelem8\" class=\"zf-list_title\">\r\n\t\t\t\t\t\t\t\t\t<span class=\"zf-number\">8<\/span>\r\n\t\t\t\t\t\t\t\t\tA TI-83-as grafikus sz\u00e1mol\u00f3g\u00e9p teljes\u00edtm\u00e9nye nagyobb volt, mint a Holdra sz\u00e1ll\u00e1shoz haszn\u00e1lt sz\u00e1m\u00edt\u00f3g\u00e9p\u00e9.\t\t\t\t\t\t\t\t<\/h3>\r\n\t\t\t\t\t\t\t<\/div>\r\n\t\t\t\t\t\t\t\t\t\t\t\t\t\t\t<figure class=\"zf-list_media zf-media-wrapper zf-image zf-type-image\">\r\n\t\t\t\t\t\t\t\t\t<div title=\"A TI-83-as grafikus sz\u00e1mol\u00f3g\u00e9p teljes\u00edtm\u00e9nye nagyobb volt, mint a Holdra sz\u00e1ll\u00e1shoz haszn\u00e1lt sz\u00e1m\u00edt\u00f3g\u00e9p\u00e9.\" alt=\"A TI-83-as grafikus sz\u00e1mol\u00f3g\u00e9p teljes\u00edtm\u00e9nye nagyobb volt, mint a Holdra sz\u00e1ll\u00e1shoz haszn\u00e1lt sz\u00e1m\u00edt\u00f3g\u00e9p\u00e9.\" class=\"zf-media\">\r\n\t\t\t\t\t\t\t\t\t\t<img width=\"728\" height=\"535\" src=\"https:\/\/liked.hu\/old\/wp-content\/uploads\/2019\/02\/31427515-64109210-6aa6a9e83d26835049245332d8bd0b79a56240fd-1500-1-1548314738-728-f4e819554e-1548344187.jpg\" class=\"\" alt=\"\" loading=\"lazy\" style=\"\" srcset=\"https:\/\/liked.hu\/old\/wp-content\/uploads\/2019\/02\/31427515-64109210-6aa6a9e83d26835049245332d8bd0b79a56240fd-1500-1-1548314738-728-f4e819554e-1548344187.jpg 728w, https:\/\/liked.hu\/old\/wp-content\/uploads\/2019\/02\/31427515-64109210-6aa6a9e83d26835049245332d8bd0b79a56240fd-1500-1-1548314738-728-f4e819554e-1548344187-300x220.jpg 300w, https:\/\/liked.hu\/old\/wp-content\/uploads\/2019\/02\/31427515-64109210-6aa6a9e83d26835049245332d8bd0b79a56240fd-1500-1-1548314738-728-f4e819554e-1548344187-500x367.jpg 500w, https:\/\/liked.hu\/old\/wp-content\/uploads\/2019\/02\/31427515-64109210-6aa6a9e83d26835049245332d8bd0b79a56240fd-1500-1-1548314738-728-f4e819554e-1548344187-360x265.jpg 360w, https:\/\/liked.hu\/old\/wp-content\/uploads\/2019\/02\/31427515-64109210-6aa6a9e83d26835049245332d8bd0b79a56240fd-1500-1-1548314738-728-f4e819554e-1548344187-545x401.jpg 545w\" sizes=\"(max-width: 728px) 100vw, 728px\" \/>\t\t\t\t\t\t\t\t\t\t\t<figcaption class=\"zf-figcaption\">\r\n\t\t\t\t\t\t\t\t\t\t\t\t\t\t\t\t\t\t\t\t\t\t\t\t<cite><\/cite>\r\n\r\n\t\t\t\t\t\t\t\t\t\t\t\t\t\t\t\t\t\t\t\t\t\t\t<\/figcaption>\r\n\t\t\t\t\t\t\t\t\t\t\t\t\t\t\t\t\t\t\t<\/div>\r\n\t\t\t\t\t\t\t\t\t<hr \/>\r\n\t\t\t\t\t\t\t\t<\/figure>\r\n\t\t\t\t\t\t\t\t\t\t\t\t\t\t\t\t<div class=\"zf-list_description\"><p>A TI-83-as sz\u00e1mol\u00f3g\u00e9p 1999-ben jelent meg, \u00e9s t\u00f6bb sz\u00e1m\u00edt\u00e1sra volt k\u00e9pes, mint p\u00e9ld\u00e1ul az 1969-es Apollo 11 \u0171rprogram rak\u00e9tair\u00e1ny\u00edt\u00e1s\u00e9rt felel\u0151s sz\u00e1m\u00edt\u00f3g\u00e9pe. A rak\u00e9t\u00e1k\u00e9rt felel\u0151s sz\u00e1m\u00edt\u00f3g\u00e9p 1,024 MHz-es frekvenci\u00e1n dolgozott, ami k\u00f6r\u00fclbel\u00fcl 1\/6-a a TI-83-as kalkul\u00e1tor teljes\u00edtm\u00e9ny\u00e9nek.<\/p><\/div>\r\n\t\t\t\t\t\t\t\t\t\t\t\t\t<\/li>\r\n\t\t\t\t\t\t\t\t\t<\/ol>\r\n\t\t<\/div>\r\n\t<\/div>\r\n\r\n\t<\/div>\r\n\r\n\r\n<!--nextpage--><div id=\"zombify-main-section-front\" class=\"zombify-main-section-front zombify-screen zf-media-full\">\r\n\t<link rel=\"stylesheet\" type=\"text\/css\" href=\"https:\/\/liked.hu\/old\/js\/zombify.css\">\r\n    <link rel=\"stylesheet\" type=\"text\/css\" href=\"https:\/\/liked.hu\/old\/wp-content\/themes\/newsy-child\/style.css\">\r\n\t<div class=\"zf-container\">\r\n\t\t<div id=\"zf-list\" class=\"zf-list zf-numbered\">\r\n\t\t\t<ol class=\"zf-structure-list\">\r\n\t\t\t\t\t\t\t\t\t\t<li class=\"zf-list_item\">\r\n\t\t\t\t\t\t\t<div class=\"zf-list_header\">\r\n\t\t\t\t\t\t\t\t<h3 id=\"listaelem9\" class=\"zf-list_title\">\r\n\t\t\t\t\t\t\t\t\t<span class=\"zf-number\">9<\/span>\r\n\t\t\t\t\t\t\t\t\tAz emberis\u00e9g el\u0151bb landolt a Holdon, mintsem hogy kerekeket rakott volna a b\u0151r\u00f6nd\u00f6kre.\t\t\t\t\t\t\t\t<\/h3>\r\n\t\t\t\t\t\t\t<\/div>\r\n\t\t\t\t\t\t\t\t\t\t\t\t\t\t\t<figure class=\"zf-list_media zf-media-wrapper zf-image zf-type-image\">\r\n\t\t\t\t\t\t\t\t\t<div title=\"Az emberis\u00e9g el\u0151bb landolt a Holdon, mintsem hogy kerekeket rakott volna a b\u0151r\u00f6nd\u00f6kre.\" alt=\"Az emberis\u00e9g el\u0151bb landolt a Holdon, mintsem hogy kerekeket rakott volna a b\u0151r\u00f6nd\u00f6kre.\" class=\"zf-media\">\r\n\t\t\t\t\t\t\t\t\t\t<img width=\"728\" height=\"418\" src=\"https:\/\/liked.hu\/old\/wp-content\/uploads\/2019\/02\/31427465-64099810-2a7277c33546a9530209317b0df11e2b4df9100e-1500-1-1548314581-728-f7fbb5e4cc-1548344187.jpg\" class=\"\" alt=\"\" loading=\"lazy\" style=\"\" srcset=\"https:\/\/liked.hu\/old\/wp-content\/uploads\/2019\/02\/31427465-64099810-2a7277c33546a9530209317b0df11e2b4df9100e-1500-1-1548314581-728-f7fbb5e4cc-1548344187.jpg 728w, https:\/\/liked.hu\/old\/wp-content\/uploads\/2019\/02\/31427465-64099810-2a7277c33546a9530209317b0df11e2b4df9100e-1500-1-1548314581-728-f7fbb5e4cc-1548344187-300x172.jpg 300w, https:\/\/liked.hu\/old\/wp-content\/uploads\/2019\/02\/31427465-64099810-2a7277c33546a9530209317b0df11e2b4df9100e-1500-1-1548314581-728-f7fbb5e4cc-1548344187-500x287.jpg 500w, https:\/\/liked.hu\/old\/wp-content\/uploads\/2019\/02\/31427465-64099810-2a7277c33546a9530209317b0df11e2b4df9100e-1500-1-1548314581-728-f7fbb5e4cc-1548344187-360x207.jpg 360w, https:\/\/liked.hu\/old\/wp-content\/uploads\/2019\/02\/31427465-64099810-2a7277c33546a9530209317b0df11e2b4df9100e-1500-1-1548314581-728-f7fbb5e4cc-1548344187-545x313.jpg 545w\" sizes=\"(max-width: 728px) 100vw, 728px\" \/>\t\t\t\t\t\t\t\t\t\t\t<figcaption class=\"zf-figcaption\">\r\n\t\t\t\t\t\t\t\t\t\t\t\t\t\t\t\t\t\t\t\t\t\t\t\t<cite><\/cite>\r\n\r\n\t\t\t\t\t\t\t\t\t\t\t\t\t\t\t\t\t\t\t\t\t\t\t<\/figcaption>\r\n\t\t\t\t\t\t\t\t\t\t\t\t\t\t\t\t\t\t\t<\/div>\r\n\t\t\t\t\t\t\t\t\t<hr \/>\r\n\t\t\t\t\t\t\t\t<\/figure>\r\n\t\t\t\t\t\t\t\t\t\t\t\t\t\t\t\t<div class=\"zf-list_description\"><p>A b\u0151r\u00f6ndgy\u00e1rt\u00f3 Samsonite c\u00e9g csak 1974-ben szabadalmaztatta az els\u0151 kerekes b\u0151r\u00f6nd\u00f6t, az Apollo 11 ezzel szemben pedig m\u00e1r 1969-ben sikeresen landolt a Holdon.<\/p><\/div>\r\n\t\t\t\t\t\t\t\t\t\t\t\t\t<\/li>\r\n\t\t\t\t\t\t\t\t\t\t\t\t<li class=\"zf-list_item\">\r\n\t\t\t\t\t\t\t<div class=\"zf-list_header\">\r\n\t\t\t\t\t\t\t\t<h3 id=\"listaelem10\" class=\"zf-list_title\">\r\n\t\t\t\t\t\t\t\t\t<span class=\"zf-number\">10<\/span>\r\n\t\t\t\t\t\t\t\t\tUgyanabban az \u00e9vben jelent meg az els\u0151 iPhone, mint amikor az utols\u00f3 Harry Potter k\u00f6nyv.\t\t\t\t\t\t\t\t<\/h3>\r\n\t\t\t\t\t\t\t<\/div>\r\n\t\t\t\t\t\t\t\t\t\t\t\t\t\t\t<figure class=\"zf-list_media zf-media-wrapper zf-image zf-type-image\">\r\n\t\t\t\t\t\t\t\t\t<div title=\"Ugyanabban az \u00e9vben jelent meg az els\u0151 iPhone, mint amikor az utols\u00f3 Harry Potter k\u00f6nyv.\" alt=\"Ugyanabban az \u00e9vben jelent meg az els\u0151 iPhone, mint amikor az utols\u00f3 Harry Potter k\u00f6nyv.\" class=\"zf-media\">\r\n\t\t\t\t\t\t\t\t\t\t<img width=\"728\" height=\"536\" src=\"https:\/\/liked.hu\/old\/wp-content\/uploads\/2019\/02\/31427415-63088660-a0b3f89ddad5285a8e1840b151c3d0cf5870c3ba-1500-1-1548223068-728-6637e26cde-1548344187.jpg\" class=\"\" alt=\"\" loading=\"lazy\" style=\"\" srcset=\"https:\/\/liked.hu\/old\/wp-content\/uploads\/2019\/02\/31427415-63088660-a0b3f89ddad5285a8e1840b151c3d0cf5870c3ba-1500-1-1548223068-728-6637e26cde-1548344187.jpg 728w, https:\/\/liked.hu\/old\/wp-content\/uploads\/2019\/02\/31427415-63088660-a0b3f89ddad5285a8e1840b151c3d0cf5870c3ba-1500-1-1548223068-728-6637e26cde-1548344187-300x221.jpg 300w, https:\/\/liked.hu\/old\/wp-content\/uploads\/2019\/02\/31427415-63088660-a0b3f89ddad5285a8e1840b151c3d0cf5870c3ba-1500-1-1548223068-728-6637e26cde-1548344187-500x368.jpg 500w, https:\/\/liked.hu\/old\/wp-content\/uploads\/2019\/02\/31427415-63088660-a0b3f89ddad5285a8e1840b151c3d0cf5870c3ba-1500-1-1548223068-728-6637e26cde-1548344187-360x265.jpg 360w, https:\/\/liked.hu\/old\/wp-content\/uploads\/2019\/02\/31427415-63088660-a0b3f89ddad5285a8e1840b151c3d0cf5870c3ba-1500-1-1548223068-728-6637e26cde-1548344187-545x401.jpg 545w\" sizes=\"(max-width: 728px) 100vw, 728px\" \/>\t\t\t\t\t\t\t\t\t\t\t<figcaption class=\"zf-figcaption\">\r\n\t\t\t\t\t\t\t\t\t\t\t\t\t\t\t\t\t\t\t\t\t\t\t\t<cite><\/cite>\r\n\r\n\t\t\t\t\t\t\t\t\t\t\t\t\t\t\t\t\t\t\t\t\t\t\t<\/figcaption>\r\n\t\t\t\t\t\t\t\t\t\t\t\t\t\t\t\t\t\t\t<\/div>\r\n\t\t\t\t\t\t\t\t\t<hr \/>\r\n\t\t\t\t\t\t\t\t<\/figure>\r\n\t\t\t\t\t\t\t\t\t\t\t\t\t\t\t\t<div class=\"zf-list_description\"><p>J. K. Rowling utols\u00f3 Harry Potter k\u00f6nyve 2007. j\u00falius 21-\u00e9n jelent meg \"Harry Potter \u00e9s a Hal\u00e1l erekly\u00e9i\" c\u00edmmel. Steve Jobs ugyanebben az \u00e9vben mutatta be az els\u0151 iPhone telefont.<\/p><\/div>\r\n\t\t\t\t\t\t\t\t\t\t\t\t\t<\/li>\r\n\t\t\t\t\t\t\t\t\t\t\t\t<li class=\"zf-list_item\">\r\n\t\t\t\t\t\t\t<div class=\"zf-list_header\">\r\n\t\t\t\t\t\t\t\t<h3 id=\"listaelem11\" class=\"zf-list_title\">\r\n\t\t\t\t\t\t\t\t\t<span class=\"zf-number\">11<\/span>\r\n\t\t\t\t\t\t\t\t\tSalvador Dali ugyanabban az \u00e9vben hunyt el, amikor Daniel Radcliffe sz\u00fcletett.\t\t\t\t\t\t\t\t<\/h3>\r\n\t\t\t\t\t\t\t<\/div>\r\n\t\t\t\t\t\t\t\t\t\t\t\t\t\t\t<figure class=\"zf-list_media zf-media-wrapper zf-image zf-type-image\">\r\n\t\t\t\t\t\t\t\t\t<div title=\"Salvador Dali ugyanabban az \u00e9vben hunyt el, amikor Daniel Radcliffe sz\u00fcletett.\" alt=\"Salvador Dali ugyanabban az \u00e9vben hunyt el, amikor Daniel Radcliffe sz\u00fcletett.\" class=\"zf-media\">\r\n\t\t\t\t\t\t\t\t\t\t<img width=\"728\" height=\"495\" src=\"https:\/\/liked.hu\/old\/wp-content\/uploads\/2019\/02\/Salvador-Dali-es-Daniel-Radcliffe.jpg\" class=\"\" alt=\"\" loading=\"lazy\" style=\"\" srcset=\"https:\/\/liked.hu\/old\/wp-content\/uploads\/2019\/02\/Salvador-Dali-es-Daniel-Radcliffe.jpg 728w, https:\/\/liked.hu\/old\/wp-content\/uploads\/2019\/02\/Salvador-Dali-es-Daniel-Radcliffe-300x204.jpg 300w, https:\/\/liked.hu\/old\/wp-content\/uploads\/2019\/02\/Salvador-Dali-es-Daniel-Radcliffe-500x340.jpg 500w, https:\/\/liked.hu\/old\/wp-content\/uploads\/2019\/02\/Salvador-Dali-es-Daniel-Radcliffe-360x245.jpg 360w, https:\/\/liked.hu\/old\/wp-content\/uploads\/2019\/02\/Salvador-Dali-es-Daniel-Radcliffe-545x371.jpg 545w\" sizes=\"(max-width: 728px) 100vw, 728px\" \/>\t\t\t\t\t\t\t\t\t\t\t<figcaption class=\"zf-figcaption\">\r\n\t\t\t\t\t\t\t\t\t\t\t\t\t\t\t\t\t\t\t\t\t\t\t\t<cite><\/cite>\r\n\r\n\t\t\t\t\t\t\t\t\t\t\t\t\t\t\t\t\t\t\t\t\t\t\t<\/figcaption>\r\n\t\t\t\t\t\t\t\t\t\t\t\t\t\t\t\t\t\t\t<\/div>\r\n\t\t\t\t\t\t\t\t\t<hr \/>\r\n\t\t\t\t\t\t\t\t<\/figure>\r\n\t\t\t\t\t\t\t\t\t\t\t\t\t\t\t\t<div class=\"zf-list_description\"><p>A h\u00edres spanyol sz\u00fcrrealista fest\u0151, Salvador Dal\u00ed 84 \u00e9ves kor\u00e1ban hunyt el, 1989-ben. A brit sz\u00e1rmaz\u00e1s\u00fa \u2013 Harry Potter filmekkel vil\u00e1gh\u00edr\u0171v\u00e9 v\u00e1lt - Daniel Radcliffe ugyanebben az \u00e9vben sz\u00fcletett.<\/p><\/div>\r\n\t\t\t\t\t\t\t\t\t\t\t\t\t<\/li>\r\n\t\t\t\t\t\t\t\t\t\t\t\t<li class=\"zf-list_item\">\r\n\t\t\t\t\t\t\t<div class=\"zf-list_header\">\r\n\t\t\t\t\t\t\t\t<h3 id=\"listaelem12\" class=\"zf-list_title\">\r\n\t\t\t\t\t\t\t\t\t<span class=\"zf-number\">12<\/span>\r\n\t\t\t\t\t\t\t\t\tA vil\u00e1g legpontosabb \u00f3r\u00e1i az atom\u00f3r\u00e1k.\t\t\t\t\t\t\t\t<\/h3>\r\n\t\t\t\t\t\t\t<\/div>\r\n\t\t\t\t\t\t\t\t\t\t\t\t\t\t\t<figure class=\"zf-list_media zf-media-wrapper zf-image zf-type-image\">\r\n\t\t\t\t\t\t\t\t\t<div title=\"A vil\u00e1g legpontosabb \u00f3r\u00e1i az atom\u00f3r\u00e1k.\" alt=\"A vil\u00e1g legpontosabb \u00f3r\u00e1i az atom\u00f3r\u00e1k.\" class=\"zf-media\">\r\n\t\t\t\t\t\t\t\t\t\t<img width=\"728\" height=\"569\" src=\"https:\/\/liked.hu\/old\/wp-content\/uploads\/2019\/02\/Atlagos-vs-atomora.jpg\" class=\"\" alt=\"\" loading=\"lazy\" style=\"\" srcset=\"https:\/\/liked.hu\/old\/wp-content\/uploads\/2019\/02\/Atlagos-vs-atomora.jpg 728w, https:\/\/liked.hu\/old\/wp-content\/uploads\/2019\/02\/Atlagos-vs-atomora-300x234.jpg 300w, https:\/\/liked.hu\/old\/wp-content\/uploads\/2019\/02\/Atlagos-vs-atomora-500x391.jpg 500w, https:\/\/liked.hu\/old\/wp-content\/uploads\/2019\/02\/Atlagos-vs-atomora-360x281.jpg 360w, https:\/\/liked.hu\/old\/wp-content\/uploads\/2019\/02\/Atlagos-vs-atomora-545x426.jpg 545w\" sizes=\"(max-width: 728px) 100vw, 728px\" \/>\t\t\t\t\t\t\t\t\t\t\t<figcaption class=\"zf-figcaption\">\r\n\t\t\t\t\t\t\t\t\t\t\t\t\t\t\t\t\t\t\t\t\t\t\t\t<cite><\/cite>\r\n\r\n\t\t\t\t\t\t\t\t\t\t\t\t\t\t\t\t\t\t\t\t\t\t\t<\/figcaption>\r\n\t\t\t\t\t\t\t\t\t\t\t\t\t\t\t\t\t\t\t<\/div>\r\n\t\t\t\t\t\t\t\t\t<hr \/>\r\n\t\t\t\t\t\t\t\t<\/figure>\r\n\t\t\t\t\t\t\t\t\t\t\t\t\t\t\t\t<div class=\"zf-list_description\"><p>A vil\u00e1g legpontosabb \u00f3r\u00e1i mind a mai napig az Egyes\u00fclt \u00c1llamokban tal\u00e1lhat\u00f3k. Ezeket az atom\u00f3r\u00e1kat amerikai \u00e9s szingap\u00fari fizikusok hoztak l\u00e9tre. Az \u00f3r\u00e1k 15 milli\u00e1rd \u00e9v alatt csak maximum 1 m\u00e1sodpercet t\u00e9vedhetnek.<\/p><\/div>\r\n\t\t\t\t\t\t\t\t\t\t\t\t\t<\/li>\r\n\t\t\t\t\t\t\t\t\t\t\t\t<li class=\"zf-list_item\">\r\n\t\t\t\t\t\t\t<div class=\"zf-list_header\">\r\n\t\t\t\t\t\t\t\t<h3 id=\"listaelem13\" class=\"zf-list_title\">\r\n\t\t\t\t\t\t\t\t\t<span class=\"zf-number\">13<\/span>\r\n\t\t\t\t\t\t\t\t\tA leghosszabb k\u00f6zvetlen rep\u00fcl\u0151\u00fat k\u00f6zel 18 \u00f3r\u00e1n \u00e1t tartott.\t\t\t\t\t\t\t\t<\/h3>\r\n\t\t\t\t\t\t\t<\/div>\r\n\t\t\t\t\t\t\t\t\t\t\t\t\t\t\t<figure class=\"zf-list_media zf-media-wrapper zf-image zf-type-image\">\r\n\t\t\t\t\t\t\t\t\t<div title=\"A leghosszabb k\u00f6zvetlen rep\u00fcl\u0151\u00fat k\u00f6zel 18 \u00f3r\u00e1n \u00e1t tartott.\" alt=\"A leghosszabb k\u00f6zvetlen rep\u00fcl\u0151\u00fat k\u00f6zel 18 \u00f3r\u00e1n \u00e1t tartott.\" class=\"zf-media\">\r\n\t\t\t\t\t\t\t\t\t\t<img width=\"728\" height=\"494\" src=\"https:\/\/liked.hu\/old\/wp-content\/uploads\/2019\/02\/Leghosszabb-repulout.jpg\" class=\"\" alt=\"\" loading=\"lazy\" style=\"\" srcset=\"https:\/\/liked.hu\/old\/wp-content\/uploads\/2019\/02\/Leghosszabb-repulout.jpg 728w, https:\/\/liked.hu\/old\/wp-content\/uploads\/2019\/02\/Leghosszabb-repulout-300x204.jpg 300w, https:\/\/liked.hu\/old\/wp-content\/uploads\/2019\/02\/Leghosszabb-repulout-500x339.jpg 500w, https:\/\/liked.hu\/old\/wp-content\/uploads\/2019\/02\/Leghosszabb-repulout-360x244.jpg 360w, https:\/\/liked.hu\/old\/wp-content\/uploads\/2019\/02\/Leghosszabb-repulout-545x370.jpg 545w\" sizes=\"(max-width: 728px) 100vw, 728px\" \/>\t\t\t\t\t\t\t\t\t\t\t<figcaption class=\"zf-figcaption\">\r\n\t\t\t\t\t\t\t\t\t\t\t\t\t\t\t\t\t\t\t\t\t\t\t\t<cite><\/cite>\r\n\r\n\t\t\t\t\t\t\t\t\t\t\t\t\t\t\t\t\t\t\t\t\t\t\t<\/figcaption>\r\n\t\t\t\t\t\t\t\t\t\t\t\t\t\t\t\t\t\t\t<\/div>\r\n\t\t\t\t\t\t\t\t\t<hr \/>\r\n\t\t\t\t\t\t\t\t<\/figure>\r\n\t\t\t\t\t\t\t\t\t\t\t\t\t\t\t\t<div class=\"zf-list_description\"><p>A leghosszabb meg\u00e1ll\u00e1s n\u00e9lk\u00fcli k\u00f6zvetlen j\u00e1ratot a Singapore Airlines l\u00e9git\u00e1rsas\u00e1g k\u00edn\u00e1lja, Szingap\u00farb\u00f3l New York-ba. A rep\u00fcl\u00e9s \u00e1tlagosan 17 \u00f3ra 52 percig tart, de eredetileg \u00fagy tervezt\u00e9k, hogy a g\u00e9p 18 \u00f3r\u00e1t \u00e9s 25 percet t\u00f6lt majd a leveg\u0151ben. Ezalatt az id\u0151 alatt a rep\u00fcl\u0151g\u00e9p k\u00f6zel 17 ezer kilom\u00e9tert tesz meg.<\/p><\/div>\r\n\t\t\t\t\t\t\t\t\t\t\t\t\t<\/li>\r\n\t\t\t\t\t\t\t\t\t\t\t\t<li class=\"zf-list_item\">\r\n\t\t\t\t\t\t\t<div class=\"zf-list_header\">\r\n\t\t\t\t\t\t\t\t<h3 id=\"listaelem14\" class=\"zf-list_title\">\r\n\t\t\t\t\t\t\t\t\t<span class=\"zf-number\">14<\/span>\r\n\t\t\t\t\t\t\t\t\tAz emberis\u00e9g l\u00e9tez\u00e9se csak a F\u00f6ld teljes t\u00f6rt\u00e9net\u00e9nek 0,004%-\u00e1t fedi le.\t\t\t\t\t\t\t\t<\/h3>\r\n\t\t\t\t\t\t\t<\/div>\r\n\t\t\t\t\t\t\t\t\t\t\t\t\t\t\t<figure class=\"zf-list_media zf-media-wrapper zf-image zf-type-image\">\r\n\t\t\t\t\t\t\t\t\t<div title=\"Az emberis\u00e9g l\u00e9tez\u00e9se csak a F\u00f6ld teljes t\u00f6rt\u00e9net\u00e9nek 0,004%-\u00e1t fedi le.\" alt=\"Az emberis\u00e9g l\u00e9tez\u00e9se csak a F\u00f6ld teljes t\u00f6rt\u00e9net\u00e9nek 0,004%-\u00e1t fedi le.\" class=\"zf-media\">\r\n\t\t\t\t\t\t\t\t\t\t<img width=\"728\" height=\"424\" src=\"https:\/\/liked.hu\/old\/wp-content\/uploads\/2019\/02\/Fold-vs-emberiseg-kora.jpg\" class=\"\" alt=\"\" loading=\"lazy\" style=\"\" srcset=\"https:\/\/liked.hu\/old\/wp-content\/uploads\/2019\/02\/Fold-vs-emberiseg-kora.jpg 728w, https:\/\/liked.hu\/old\/wp-content\/uploads\/2019\/02\/Fold-vs-emberiseg-kora-300x175.jpg 300w, https:\/\/liked.hu\/old\/wp-content\/uploads\/2019\/02\/Fold-vs-emberiseg-kora-500x291.jpg 500w, https:\/\/liked.hu\/old\/wp-content\/uploads\/2019\/02\/Fold-vs-emberiseg-kora-360x210.jpg 360w, https:\/\/liked.hu\/old\/wp-content\/uploads\/2019\/02\/Fold-vs-emberiseg-kora-545x317.jpg 545w\" sizes=\"(max-width: 728px) 100vw, 728px\" \/>\t\t\t\t\t\t\t\t\t\t\t<figcaption class=\"zf-figcaption\">\r\n\t\t\t\t\t\t\t\t\t\t\t\t\t\t\t\t\t\t\t\t\t\t\t\t<cite><\/cite>\r\n\r\n\t\t\t\t\t\t\t\t\t\t\t\t\t\t\t\t\t\t\t\t\t\t\t<\/figcaption>\r\n\t\t\t\t\t\t\t\t\t\t\t\t\t\t\t\t\t\t\t<\/div>\r\n\t\t\t\t\t\t\t\t\t<hr \/>\r\n\t\t\t\t\t\t\t\t<\/figure>\r\n\t\t\t\t\t\t\t\t\t\t\t\t\t\t\t\t<div class=\"zf-list_description\"><p>Az emberis\u00e9g mintegy 200 ezer \u00e9ve \u00e9l a F\u00f6ld\u00f6n, a bolyg\u00f3nk ezzel szemben viszont 4,54 milli\u00e1rd \u00e9ves, ami azt jelenti, hogy az emberis\u00e9g a F\u00f6ld teljes t\u00f6rt\u00e9net\u00e9nek alig 0,004%-\u00e1n\u00e1l volt jelen csup\u00e1n.<\/p><\/div>\r\n\t\t\t\t\t\t\t\t\t\t\t\t\t<\/li>\r\n\t\t\t\t\t\t\t\t\t\t\t\t<li class=\"zf-list_item\">\r\n\t\t\t\t\t\t\t<div class=\"zf-list_header\">\r\n\t\t\t\t\t\t\t\t<h3 id=\"listaelem15\" class=\"zf-list_title\">\r\n\t\t\t\t\t\t\t\t\t<span class=\"zf-number\">15<\/span>\r\n\t\t\t\t\t\t\t\t\tEgy bubor\u00e9k 0,001 m\u00e1sodperc alatt pukkan ki.\t\t\t\t\t\t\t\t<\/h3>\r\n\t\t\t\t\t\t\t<\/div>\r\n\t\t\t\t\t\t\t\t\t\t\t\t\t\t\t<figure class=\"zf-list_media zf-media-wrapper zf-embed\">\r\n\t\t\t\t\t\t\t\t\t<div title=\"Egy bubor\u00e9k 0,001 m\u00e1sodperc alatt pukkan ki.\" alt=\"Egy bubor\u00e9k 0,001 m\u00e1sodperc alatt pukkan ki.\" class=\"zf-media\">\r\n\t\t\t\t\t\t\t\t\t\t<div class=\"zf-embedded-url\"><div class=\"zf-embed-cont\"><iframe title=\"SLOW MOTION - \u041c\u042b\u041b\u042c\u041d\u042b\u0419 \u041f\u0423\u0417\u042b\u0420\u042c \u0412 \u0417\u0410\u041c\u0415\u0414\u041b\u0415\u041d\u041d\u041e\u0419 \u0421\u042a\u0401\u041c\u041a\u0415\" width=\"500\" height=\"281\" src=\"https:\/\/www.youtube.com\/embed\/V7CFPs12d_Y?feature=oembed\" frameborder=\"0\" allow=\"accelerometer; autoplay; clipboard-write; encrypted-media; gyroscope; picture-in-picture; web-share\" referrerpolicy=\"strict-origin-when-cross-origin\" allowfullscreen><\/iframe><\/div><\/div>\t\t\t\t\t\t\t\t\t\t\t<figcaption class=\"zf-figcaption\">\r\n\t\t\t\t\t\t\t\t\t\t\t\t\t\t\t\t\t\t\t\t\t\t\t\t<cite><\/cite>\r\n\r\n\t\t\t\t\t\t\t\t\t\t\t\t\t\t\t\t\t\t\t\t\t\t\t<\/figcaption>\r\n\t\t\t\t\t\t\t\t\t\t\t\t\t\t\t\t\t\t\t<\/div>\r\n\t\t\t\t\t\t\t\t\t<hr \/>\r\n\t\t\t\t\t\t\t\t<\/figure>\r\n\t\t\t\t\t\t\t\t\t\t\t\t\t\t\t\t<div class=\"zf-list_description\"><p>Egy bubor\u00e9k kipukkan\u00e1sa alig 0,001 m\u00e1sodpercig tart, amib\u0151l az emberi szem csak annyit vesz \u00e9szre, hogy az egyik pillanatban m\u00e9g ott van a bubor\u00e9k, majd hupsz, hirtelen elt\u0171nik. A modern kori technol\u00f3gi\u00e1nak \u00e9s a szuperlass\u00edt\u00e1sra k\u00e9pes kamer\u00e1knak k\u00f6sz\u00f6nhet\u0151en azonban m\u00e1r ezt a folyamatot is megcsod\u00e1lhatjuk.<\/p><\/div>\r\n\t\t\t\t\t\t\t\t\t\t\t\t\t<\/li>\r\n\t\t\t\t\t\t\t\t\t\t\t\t<li class=\"zf-list_item\">\r\n\t\t\t\t\t\t\t<div class=\"zf-list_header\">\r\n\t\t\t\t\t\t\t\t<h3 id=\"listaelem16\" class=\"zf-list_title\">\r\n\t\t\t\t\t\t\t\t\t<span class=\"zf-number\">16<\/span>\r\n\t\t\t\t\t\t\t\t\tV\u00e9gezet\u00fcl: l\u00e9tezik egy \u00e9rdekes elm\u00e9let, ami szerint folyamatosan a m\u00faltban \u00e9l\u00fcnk.\t\t\t\t\t\t\t\t<\/h3>\r\n\t\t\t\t\t\t\t<\/div>\r\n\t\t\t\t\t\t\t\t\t\t\t\t\t\t\t<figure class=\"zf-list_media zf-media-wrapper zf-image zf-type-image\">\r\n\t\t\t\t\t\t\t\t\t<div title=\"V\u00e9gezet\u00fcl: l\u00e9tezik egy \u00e9rdekes elm\u00e9let, ami szerint folyamatosan a m\u00faltban \u00e9l\u00fcnk.\" alt=\"V\u00e9gezet\u00fcl: l\u00e9tezik egy \u00e9rdekes elm\u00e9let, ami szerint folyamatosan a m\u00faltban \u00e9l\u00fcnk.\" class=\"zf-media\">\r\n\t\t\t\t\t\t\t\t\t\t<img width=\"728\" height=\"545\" src=\"https:\/\/liked.hu\/old\/wp-content\/uploads\/2019\/02\/Multban-elunk.jpg\" class=\"\" alt=\"\" loading=\"lazy\" style=\"\" srcset=\"https:\/\/liked.hu\/old\/wp-content\/uploads\/2019\/02\/Multban-elunk.jpg 728w, https:\/\/liked.hu\/old\/wp-content\/uploads\/2019\/02\/Multban-elunk-300x225.jpg 300w, https:\/\/liked.hu\/old\/wp-content\/uploads\/2019\/02\/Multban-elunk-500x374.jpg 500w, https:\/\/liked.hu\/old\/wp-content\/uploads\/2019\/02\/Multban-elunk-200x150.jpg 200w, https:\/\/liked.hu\/old\/wp-content\/uploads\/2019\/02\/Multban-elunk-360x270.jpg 360w, https:\/\/liked.hu\/old\/wp-content\/uploads\/2019\/02\/Multban-elunk-545x408.jpg 545w\" sizes=\"(max-width: 728px) 100vw, 728px\" \/>\t\t\t\t\t\t\t\t\t\t\t<figcaption class=\"zf-figcaption\">\r\n\t\t\t\t\t\t\t\t\t\t\t\t\t\t\t\t\t\t\t\t\t\t\t\t<cite><\/cite>\r\n\r\n\t\t\t\t\t\t\t\t\t\t\t\t\t\t\t\t\t\t\t\t\t\t\t<\/figcaption>\r\n\t\t\t\t\t\t\t\t\t\t\t\t\t\t\t\t\t\t\t<\/div>\r\n\t\t\t\t\t\t\t\t\t<hr \/>\r\n\t\t\t\t\t\t\t\t<\/figure>\r\n\t\t\t\t\t\t\t\t\t\t\t\t\t\t\t\t<div class=\"zf-list_description\"><p>Az emberek soha nem lesznek k\u00e9pesek teljes m\u00e9rt\u00e9kben megtapasztalni a \u201ejelent\u201d, mivel k\u00f6r\u00fclbel\u00fcl 80 milliszekundummal k\u00e9sve dolgozzuk fel a k\u00f6r\u00fcl\u00f6tt\u00fcnk t\u00f6rt\u00e9nt esem\u00e9nyeket. David Eagleman agykutat\u00f3 \u00fagy v\u00e9li, hogy \u00e1tlagosan ennyi id\u0151re van sz\u00fcks\u00e9g ahhoz, hogy az idegv\u00e9gz\u0151d\u00e9sekb\u0151l az \u00f6sszes inform\u00e1ci\u00f3 a testen kereszt\u00fcl az agyba \u00e9rjen, majd az agy feldolgozza ezeket a pillanatnyi esem\u00e9nyeket.<\/p><\/div>\r\n\t\t\t\t\t\t\t\t\t\t\t\t\t<\/li>\r\n\t\t\t\t\t\t\t\t\t<\/ol>\r\n\t\t<\/div>\r\n\t<\/div>\r\n\r\n\t<\/div>\n","protected":false},"excerpt":{"rendered":"<p>A mindennapi \u00e9let\u00fcnket n\u00e9zve tal\u00e1n \u00fagy t\u0171nik, hogy az &#8216;id\u0151&#8217; az egy teljesen stabil, j\u00f3l nyomon k\u00f6vethet\u0151 dolog, melyet k\u00f6nnyed\u00e9n hozz\u00e1 tudunk rendelni a k\u00fcl\u00f6nf\u00e9le t\u00f6rt\u00e9nelmi esem\u00e9nyekhez vagy \u00e9pp h\u00edres emberekhez &#8211; \u00e1m ez nem mindig van \u00edgy. A val\u00f3s\u00e1g olykor ugyanis teljesen szembe megy a j\u00f3zan \u00e9sszel, felbor\u00edtva ezzel az id\u0151\u00e9rz\u00e9k\u00fcnket. Gondoln\u00e1d p\u00e9ld\u00e1ul, hogy [&hellip;]<\/p>\n","protected":false},"author":13,"featured_media":132035,"comment_status":"open","ping_status":"closed","sticky":false,"template":"","format":"standard","meta":{"buzzeditor_post_format":""},"categories":[23],"tags":[7563,4724,4416,7565,2655,7564],"yoast_head":"<!-- This site is optimized with the Yoast SEO plugin v19.6.1 - https:\/\/yoast.com\/wordpress\/plugins\/seo\/ -->\n<title>16 t\u00f6rt\u00e9nelmi t\u00e9ny, ami teljesen megv\u00e1ltoztatja az id\u0151\u00e9rz\u00e9kedet<\/title>\n<meta name=\"description\" content=\"A mindennapi \u00e9let\u00fcnket n\u00e9zve tal\u00e1n \u00fagy t\u0171nik, hogy az &#039;id\u0151&#039; az egy teljesen stabil, j\u00f3l nyomon k\u00f6vethet\u0151 dolog, melyet k\u00f6nnyed\u00e9n hozz\u00e1 tudunk rendelni a\" \/>\n<meta name=\"robots\" content=\"index, follow, max-snippet:-1, max-image-preview:large, max-video-preview:-1\" \/>\n<link rel=\"canonical\" href=\"https:\/\/liked.hu\/old\/erdekes\/16-tortenelmi-teny-ami-teljesen-megvaltoztatja-az-idoerzekedet\/\" \/>\n<link rel=\"next\" href=\"https:\/\/liked.hu\/old\/erdekes\/16-tortenelmi-teny-ami-teljesen-megvaltoztatja-az-idoerzekedet\/2\/\" \/>\n<meta property=\"og:locale\" content=\"hu_HU\" \/>\n<meta property=\"og:type\" content=\"article\" \/>\n<meta property=\"og:title\" content=\"16 t\u00f6rt\u00e9nelmi t\u00e9ny, ami teljesen megv\u00e1ltoztatja az id\u0151\u00e9rz\u00e9kedet\" \/>\n<meta property=\"og:description\" content=\"A mindennapi \u00e9let\u00fcnket n\u00e9zve tal\u00e1n \u00fagy t\u0171nik, hogy az &#039;id\u0151&#039; az egy teljesen stabil, j\u00f3l nyomon k\u00f6vethet\u0151 dolog, melyet k\u00f6nnyed\u00e9n hozz\u00e1 tudunk rendelni a\" \/>\n<meta property=\"og:url\" content=\"https:\/\/liked.hu\/old\/erdekes\/16-tortenelmi-teny-ami-teljesen-megvaltoztatja-az-idoerzekedet\/\" \/>\n<meta property=\"og:site_name\" content=\"Liked.hu\" \/>\n<meta property=\"article:publisher\" content=\"https:\/\/www.facebook.com\/liked.hu\" \/>\n<meta property=\"article:published_time\" content=\"2019-02-06T01:59:48+00:00\" \/>\n<meta property=\"article:modified_time\" content=\"2022-09-05T16:56:06+00:00\" \/>\n<meta property=\"og:image\" content=\"https:\/\/liked.hu\/old\/wp-content\/uploads\/2019\/02\/Idobefolyasolo-tortenelmi-tenyek.jpg\" \/>\n\t<meta property=\"og:image:width\" content=\"1200\" \/>\n\t<meta property=\"og:image:height\" content=\"630\" \/>\n\t<meta property=\"og:image:type\" content=\"image\/jpeg\" \/>\n<meta name=\"author\" content=\"Klingstrom\" \/>\n<meta name=\"twitter:card\" content=\"summary\" \/>\n<meta name=\"twitter:creator\" content=\"@LikedHu\" \/>\n<meta name=\"twitter:site\" content=\"@LikedHu\" \/>\n<meta name=\"twitter:label1\" content=\"Szerz\u0151:\" \/>\n\t<meta name=\"twitter:data1\" content=\"Klingstrom\" \/>\n\t<meta name=\"twitter:label2\" content=\"Becs\u00fclt olvas\u00e1si id\u0151\" \/>\n\t<meta name=\"twitter:data2\" content=\"1 perc\" \/>\n<script type=\"application\/ld+json\" class=\"yoast-schema-graph\">{\"@context\":\"https:\/\/schema.org\",\"@graph\":[{\"@type\":\"Article\",\"@id\":\"https:\/\/liked.hu\/old\/erdekes\/16-tortenelmi-teny-ami-teljesen-megvaltoztatja-az-idoerzekedet\/#article\",\"isPartOf\":{\"@id\":\"https:\/\/liked.hu\/old\/erdekes\/16-tortenelmi-teny-ami-teljesen-megvaltoztatja-az-idoerzekedet\/\"},\"author\":{\"name\":\"Klingstrom\",\"@id\":\"https:\/\/liked.hu\/old\/#\/schema\/person\/1c8d3f8764991e8dcd6572a7de72da8a\"},\"headline\":\"16 t\u00f6rt\u00e9nelmi t\u00e9ny, ami teljesen megv\u00e1ltoztatja az id\u0151\u00e9rz\u00e9kedet\",\"datePublished\":\"2019-02-06T01:59:48+00:00\",\"dateModified\":\"2022-09-05T16:56:06+00:00\",\"mainEntityOfPage\":{\"@id\":\"https:\/\/liked.hu\/old\/erdekes\/16-tortenelmi-teny-ami-teljesen-megvaltoztatja-az-idoerzekedet\/\"},\"wordCount\":144,\"commentCount\":0,\"publisher\":{\"@id\":\"https:\/\/liked.hu\/old\/#organization\"},\"keywords\":[\"esem\u00e9nyek\",\"id\u0151\",\"id\u0151 m\u00fal\u00e1sa\",\"t\u00e9nyek az id\u0151r\u0151l\",\"t\u00f6rt\u00e9nelem\",\"t\u00f6rt\u00e9nelmi esem\u00e9nyek\"],\"articleSection\":[\"\u00c9rdekess\u00e9gek\"],\"inLanguage\":\"hu\",\"potentialAction\":[{\"@type\":\"CommentAction\",\"name\":\"Comment\",\"target\":[\"https:\/\/liked.hu\/old\/erdekes\/16-tortenelmi-teny-ami-teljesen-megvaltoztatja-az-idoerzekedet\/#respond\"]}]},{\"@type\":\"WebPage\",\"@id\":\"https:\/\/liked.hu\/old\/erdekes\/16-tortenelmi-teny-ami-teljesen-megvaltoztatja-az-idoerzekedet\/\",\"url\":\"https:\/\/liked.hu\/old\/erdekes\/16-tortenelmi-teny-ami-teljesen-megvaltoztatja-az-idoerzekedet\/\",\"name\":\"16 t\u00f6rt\u00e9nelmi t\u00e9ny, ami teljesen megv\u00e1ltoztatja az id\u0151\u00e9rz\u00e9kedet\",\"isPartOf\":{\"@id\":\"https:\/\/liked.hu\/old\/#website\"},\"datePublished\":\"2019-02-06T01:59:48+00:00\",\"dateModified\":\"2022-09-05T16:56:06+00:00\",\"description\":\"A mindennapi \u00e9let\u00fcnket n\u00e9zve tal\u00e1n \u00fagy t\u0171nik, hogy az 'id\u0151' az egy teljesen stabil, j\u00f3l nyomon k\u00f6vethet\u0151 dolog, melyet k\u00f6nnyed\u00e9n hozz\u00e1 tudunk rendelni a\",\"breadcrumb\":{\"@id\":\"https:\/\/liked.hu\/old\/erdekes\/16-tortenelmi-teny-ami-teljesen-megvaltoztatja-az-idoerzekedet\/#breadcrumb\"},\"inLanguage\":\"hu\",\"potentialAction\":[{\"@type\":\"ReadAction\",\"target\":[\"https:\/\/liked.hu\/old\/erdekes\/16-tortenelmi-teny-ami-teljesen-megvaltoztatja-az-idoerzekedet\/\"]}]},{\"@type\":\"BreadcrumbList\",\"@id\":\"https:\/\/liked.hu\/old\/erdekes\/16-tortenelmi-teny-ami-teljesen-megvaltoztatja-az-idoerzekedet\/#breadcrumb\",\"itemListElement\":[{\"@type\":\"ListItem\",\"position\":1,\"name\":\"Kezd\u0151lap\"}]},{\"@type\":\"WebSite\",\"@id\":\"https:\/\/liked.hu\/old\/#website\",\"url\":\"https:\/\/liked.hu\/old\/\",\"name\":\"Liked.hu\",\"description\":\"\",\"publisher\":{\"@id\":\"https:\/\/liked.hu\/old\/#organization\"},\"potentialAction\":[{\"@type\":\"SearchAction\",\"target\":{\"@type\":\"EntryPoint\",\"urlTemplate\":\"https:\/\/liked.hu\/old\/?s={search_term_string}\"},\"query-input\":\"required name=search_term_string\"}],\"inLanguage\":\"hu\"},{\"@type\":\"Organization\",\"@id\":\"https:\/\/liked.hu\/old\/#organization\",\"name\":\"Liked.hu\",\"url\":\"https:\/\/liked.hu\/old\/\",\"sameAs\":[\"https:\/\/hu.pinterest.com\/likedhungary\/\",\"https:\/\/www.youtube.com\/channel\/UCPv91dbMoIukYcM9b9nHN6Q\",\"https:\/\/www.facebook.com\/liked.hu\",\"https:\/\/twitter.com\/LikedHu\"],\"logo\":{\"@type\":\"ImageObject\",\"inLanguage\":\"hu\",\"@id\":\"https:\/\/liked.hu\/old\/#\/schema\/logo\/image\/\",\"url\":\"https:\/\/liked.hu\/wp-content\/uploads\/2018\/08\/Liked-icon.png\",\"contentUrl\":\"https:\/\/liked.hu\/wp-content\/uploads\/2018\/08\/Liked-icon.png\",\"width\":512,\"height\":512,\"caption\":\"Liked.hu\"},\"image\":{\"@id\":\"https:\/\/liked.hu\/old\/#\/schema\/logo\/image\/\"}},{\"@type\":\"Person\",\"@id\":\"https:\/\/liked.hu\/old\/#\/schema\/person\/1c8d3f8764991e8dcd6572a7de72da8a\",\"name\":\"Klingstrom\",\"image\":{\"@type\":\"ImageObject\",\"inLanguage\":\"hu\",\"@id\":\"https:\/\/liked.hu\/old\/#\/schema\/person\/image\/\",\"url\":\"https:\/\/liked.hu\/old\/wp-content\/uploads\/avatars\/13\/604de88bd578a-bpfull.jpg\",\"contentUrl\":\"https:\/\/liked.hu\/old\/wp-content\/uploads\/avatars\/13\/604de88bd578a-bpfull.jpg\",\"caption\":\"Klingstrom\"},\"url\":\"https:\/\/liked.hu\/old\/u\/klingstrom\/\"}]}<\/script>\n<!-- \/ Yoast SEO plugin. -->","yoast_head_json":{"title":"16 t\u00f6rt\u00e9nelmi t\u00e9ny, ami teljesen megv\u00e1ltoztatja az id\u0151\u00e9rz\u00e9kedet","description":"A mindennapi \u00e9let\u00fcnket n\u00e9zve tal\u00e1n \u00fagy t\u0171nik, hogy az 'id\u0151' az egy teljesen stabil, j\u00f3l nyomon k\u00f6vethet\u0151 dolog, melyet k\u00f6nnyed\u00e9n hozz\u00e1 tudunk rendelni a","robots":{"index":"index","follow":"follow","max-snippet":"max-snippet:-1","max-image-preview":"max-image-preview:large","max-video-preview":"max-video-preview:-1"},"canonical":"https:\/\/liked.hu\/old\/erdekes\/16-tortenelmi-teny-ami-teljesen-megvaltoztatja-az-idoerzekedet\/","next":"https:\/\/liked.hu\/old\/erdekes\/16-tortenelmi-teny-ami-teljesen-megvaltoztatja-az-idoerzekedet\/2\/","og_locale":"hu_HU","og_type":"article","og_title":"16 t\u00f6rt\u00e9nelmi t\u00e9ny, ami teljesen megv\u00e1ltoztatja az id\u0151\u00e9rz\u00e9kedet","og_description":"A mindennapi \u00e9let\u00fcnket n\u00e9zve tal\u00e1n \u00fagy t\u0171nik, hogy az 'id\u0151' az egy teljesen stabil, j\u00f3l nyomon k\u00f6vethet\u0151 dolog, melyet k\u00f6nnyed\u00e9n hozz\u00e1 tudunk rendelni a","og_url":"https:\/\/liked.hu\/old\/erdekes\/16-tortenelmi-teny-ami-teljesen-megvaltoztatja-az-idoerzekedet\/","og_site_name":"Liked.hu","article_publisher":"https:\/\/www.facebook.com\/liked.hu","article_published_time":"2019-02-06T01:59:48+00:00","article_modified_time":"2022-09-05T16:56:06+00:00","og_image":[{"width":1200,"height":630,"url":"https:\/\/liked.hu\/old\/wp-content\/uploads\/2019\/02\/Idobefolyasolo-tortenelmi-tenyek.jpg","type":"image\/jpeg"}],"author":"Klingstrom","twitter_card":"summary","twitter_creator":"@LikedHu","twitter_site":"@LikedHu","twitter_misc":{"Szerz\u0151:":"Klingstrom","Becs\u00fclt olvas\u00e1si id\u0151":"1 perc"},"schema":{"@context":"https:\/\/schema.org","@graph":[{"@type":"Article","@id":"https:\/\/liked.hu\/old\/erdekes\/16-tortenelmi-teny-ami-teljesen-megvaltoztatja-az-idoerzekedet\/#article","isPartOf":{"@id":"https:\/\/liked.hu\/old\/erdekes\/16-tortenelmi-teny-ami-teljesen-megvaltoztatja-az-idoerzekedet\/"},"author":{"name":"Klingstrom","@id":"https:\/\/liked.hu\/old\/#\/schema\/person\/1c8d3f8764991e8dcd6572a7de72da8a"},"headline":"16 t\u00f6rt\u00e9nelmi t\u00e9ny, ami teljesen megv\u00e1ltoztatja az id\u0151\u00e9rz\u00e9kedet","datePublished":"2019-02-06T01:59:48+00:00","dateModified":"2022-09-05T16:56:06+00:00","mainEntityOfPage":{"@id":"https:\/\/liked.hu\/old\/erdekes\/16-tortenelmi-teny-ami-teljesen-megvaltoztatja-az-idoerzekedet\/"},"wordCount":144,"commentCount":0,"publisher":{"@id":"https:\/\/liked.hu\/old\/#organization"},"keywords":["esem\u00e9nyek","id\u0151","id\u0151 m\u00fal\u00e1sa","t\u00e9nyek az id\u0151r\u0151l","t\u00f6rt\u00e9nelem","t\u00f6rt\u00e9nelmi esem\u00e9nyek"],"articleSection":["\u00c9rdekess\u00e9gek"],"inLanguage":"hu","potentialAction":[{"@type":"CommentAction","name":"Comment","target":["https:\/\/liked.hu\/old\/erdekes\/16-tortenelmi-teny-ami-teljesen-megvaltoztatja-az-idoerzekedet\/#respond"]}]},{"@type":"WebPage","@id":"https:\/\/liked.hu\/old\/erdekes\/16-tortenelmi-teny-ami-teljesen-megvaltoztatja-az-idoerzekedet\/","url":"https:\/\/liked.hu\/old\/erdekes\/16-tortenelmi-teny-ami-teljesen-megvaltoztatja-az-idoerzekedet\/","name":"16 t\u00f6rt\u00e9nelmi t\u00e9ny, ami teljesen megv\u00e1ltoztatja az id\u0151\u00e9rz\u00e9kedet","isPartOf":{"@id":"https:\/\/liked.hu\/old\/#website"},"datePublished":"2019-02-06T01:59:48+00:00","dateModified":"2022-09-05T16:56:06+00:00","description":"A mindennapi \u00e9let\u00fcnket n\u00e9zve tal\u00e1n \u00fagy t\u0171nik, hogy az 'id\u0151' az egy teljesen stabil, j\u00f3l nyomon k\u00f6vethet\u0151 dolog, melyet k\u00f6nnyed\u00e9n hozz\u00e1 tudunk rendelni a","breadcrumb":{"@id":"https:\/\/liked.hu\/old\/erdekes\/16-tortenelmi-teny-ami-teljesen-megvaltoztatja-az-idoerzekedet\/#breadcrumb"},"inLanguage":"hu","potentialAction":[{"@type":"ReadAction","target":["https:\/\/liked.hu\/old\/erdekes\/16-tortenelmi-teny-ami-teljesen-megvaltoztatja-az-idoerzekedet\/"]}]},{"@type":"BreadcrumbList","@id":"https:\/\/liked.hu\/old\/erdekes\/16-tortenelmi-teny-ami-teljesen-megvaltoztatja-az-idoerzekedet\/#breadcrumb","itemListElement":[{"@type":"ListItem","position":1,"name":"Kezd\u0151lap"}]},{"@type":"WebSite","@id":"https:\/\/liked.hu\/old\/#website","url":"https:\/\/liked.hu\/old\/","name":"Liked.hu","description":"","publisher":{"@id":"https:\/\/liked.hu\/old\/#organization"},"potentialAction":[{"@type":"SearchAction","target":{"@type":"EntryPoint","urlTemplate":"https:\/\/liked.hu\/old\/?s={search_term_string}"},"query-input":"required name=search_term_string"}],"inLanguage":"hu"},{"@type":"Organization","@id":"https:\/\/liked.hu\/old\/#organization","name":"Liked.hu","url":"https:\/\/liked.hu\/old\/","sameAs":["https:\/\/hu.pinterest.com\/likedhungary\/","https:\/\/www.youtube.com\/channel\/UCPv91dbMoIukYcM9b9nHN6Q","https:\/\/www.facebook.com\/liked.hu","https:\/\/twitter.com\/LikedHu"],"logo":{"@type":"ImageObject","inLanguage":"hu","@id":"https:\/\/liked.hu\/old\/#\/schema\/logo\/image\/","url":"https:\/\/liked.hu\/wp-content\/uploads\/2018\/08\/Liked-icon.png","contentUrl":"https:\/\/liked.hu\/wp-content\/uploads\/2018\/08\/Liked-icon.png","width":512,"height":512,"caption":"Liked.hu"},"image":{"@id":"https:\/\/liked.hu\/old\/#\/schema\/logo\/image\/"}},{"@type":"Person","@id":"https:\/\/liked.hu\/old\/#\/schema\/person\/1c8d3f8764991e8dcd6572a7de72da8a","name":"Klingstrom","image":{"@type":"ImageObject","inLanguage":"hu","@id":"https:\/\/liked.hu\/old\/#\/schema\/person\/image\/","url":"https:\/\/liked.hu\/old\/wp-content\/uploads\/avatars\/13\/604de88bd578a-bpfull.jpg","contentUrl":"https:\/\/liked.hu\/old\/wp-content\/uploads\/avatars\/13\/604de88bd578a-bpfull.jpg","caption":"Klingstrom"},"url":"https:\/\/liked.hu\/old\/u\/klingstrom\/"}]}},"publishpress_future_action":{"enabled":false,"date":"1970-01-01 01:00:00","action":"","terms":[],"taxonomy":"","browser_timezone_offset":0},"_links":{"self":[{"href":"https:\/\/liked.hu\/old\/wp-json\/wp\/v2\/posts\/132031"}],"collection":[{"href":"https:\/\/liked.hu\/old\/wp-json\/wp\/v2\/posts"}],"about":[{"href":"https:\/\/liked.hu\/old\/wp-json\/wp\/v2\/types\/post"}],"author":[{"embeddable":true,"href":"https:\/\/liked.hu\/old\/wp-json\/wp\/v2\/users\/13"}],"replies":[{"embeddable":true,"href":"https:\/\/liked.hu\/old\/wp-json\/wp\/v2\/comments?post=132031"}],"version-history":[{"count":0,"href":"https:\/\/liked.hu\/old\/wp-json\/wp\/v2\/posts\/132031\/revisions"}],"wp:featuredmedia":[{"embeddable":true,"href":"https:\/\/liked.hu\/old\/wp-json\/wp\/v2\/media\/132035"}],"wp:attachment":[{"href":"https:\/\/liked.hu\/old\/wp-json\/wp\/v2\/media?parent=132031"}],"wp:term":[{"taxonomy":"category","embeddable":true,"href":"https:\/\/liked.hu\/old\/wp-json\/wp\/v2\/categories?post=132031"},{"taxonomy":"post_tag","embeddable":true,"href":"https:\/\/liked.hu\/old\/wp-json\/wp\/v2\/tags?post=132031"}],"curies":[{"name":"wp","href":"https:\/\/api.w.org\/{rel}","templated":true}]}}