{"id":131719,"date":"2019-02-05T03:25:23","date_gmt":"2019-02-05T02:25:23","guid":{"rendered":"https:\/\/liked.hu\/old\/?p=131719"},"modified":"2022-09-05T18:55:38","modified_gmt":"2022-09-05T16:55:38","slug":"20-hatborzongato-foto-a-tengerrol-es-annak-lakoirol-ami-barkibol-elohozza-a-talasszofobiat","status":"publish","type":"post","link":"https:\/\/liked.hu\/old\/internetes-dolgok\/20-hatborzongato-foto-a-tengerrol-es-annak-lakoirol-ami-barkibol-elohozza-a-talasszofobiat\/","title":{"rendered":"20 h\u00e1tborzongat\u00f3 fot\u00f3 a tengerr\u0151l \u00e9s annak lak\u00f3ir\u00f3l, ami b\u00e1rkib\u0151l el\u0151hozza a talasszof\u00f3bi\u00e1t"},"content":{"rendered":"<p>A talasszof\u00f3bia a tengert\u0151l \u00e9s annak kisz\u00e1m\u00edthatatlan \u00e9l\u0151vil\u00e1g\u00e1t\u00f3l val\u00f3 f\u00e9lelmet jelenti. Az ilyen beteges tenger-iszonyban \u00e9l\u0151 emberek p\u00e9ld\u00e1ul el sem tudj\u00e1k k\u00e9pzelni, hogy m\u00e1sok hogyan k\u00e9pesek \u00faszni vagy \u00e9pp b\u00fav\u00e1rkodni a szesz\u00e9lyes ny\u00edlt vizekben. Nem felt\u00e9tlen\u00fcl kell azonban hal\u00e1losan f\u00e9ln\u00fcnk a tengert\u0151l ahhoz, hogy egy kicsit mi is \u00f6sszetojjuk a bok\u00e1nkat miatta.<\/p>\n\n<div style=\"float:none;margin:0px 0 0px 0;text-align:center;\">\n<div class=\"mobileShowkakettes\"><div class=\"mobileShowka2\"><div style=\"padding-top:0px;padding-bottom:15px;min-height: 300px;\"><div class=\"hirdetes\">HIRDET\u00c9S<\/div>\n<!-- 300lista -->\n<ins class=\"adsbygoogle\"\n     style=\"display:inline-block;width:300px;height:250px\"\n     data-ad-client=\"ca-pub-9424088931673893\"\n     data-ad-slot=\"8471340766\"><\/ins>\n<script async>\n     (adsbygoogle = window.adsbygoogle || []).push({});\n<\/script><\/div><\/div><\/div><\/div>\n\n<p>A most k\u00f6vetkez\u0151 h\u00e1tborzongat\u00f3 k\u00e9pek seg\u00edts\u00e9g\u00e9vel egy kicsit mi is \u00e1t\u00e9lhetj\u00fck, hogy mi\u00e9rt is tartanak annyira a tengert\u0151l a talasszof\u00f3bi\u00e1ban szenved\u0151 emberek.<\/p>\n<div id=\"zombify-main-section-front\" class=\"zombify-main-section-front zombify-screen zf-media-full\">\r\n\t<link rel=\"stylesheet\" type=\"text\/css\" href=\"https:\/\/liked.hu\/old\/js\/zombify.css\">\r\n    <link rel=\"stylesheet\" type=\"text\/css\" href=\"https:\/\/liked.hu\/old\/wp-content\/themes\/newsy-child\/style.css\">\r\n\t<div class=\"zf-container\">\r\n\t\t<div id=\"zf-list\" class=\"zf-list zf-numbered\">\r\n\t\t\t<ol class=\"zf-structure-list\">\r\n\t\t\t\t\t\t\t\t\t\t<li class=\"zf-list_item\">\r\n\t\t\t\t\t\t\t<div class=\"zf-list_header\">\r\n\t\t\t\t\t\t\t\t<h3 id=\"listaelem1\" class=\"zf-list_title\">\r\n\t\t\t\t\t\t\t\t\t<span class=\"zf-number\">1<\/span>\r\n\t\t\t\t\t\t\t\t\tEgy apr\u00f3nak t\u0171n\u0151 j\u00e9ghegy ijeszt\u0151 meglepet\u00e9seket rejthet a v\u00edz alatt.\t\t\t\t\t\t\t\t<\/h3>\r\n\t\t\t\t\t\t\t<\/div>\r\n\t\t\t\t\t\t\t\t\t\t\t\t\t\t\t<figure class=\"zf-list_media zf-media-wrapper zf-image zf-type-image\">\r\n\t\t\t\t\t\t\t\t\t<div title=\"Egy apr\u00f3nak t\u0171n\u0151 j\u00e9ghegy ijeszt\u0151 meglepet\u00e9seket rejthet a v\u00edz alatt.\" alt=\"Egy apr\u00f3nak t\u0171n\u0151 j\u00e9ghegy ijeszt\u0151 meglepet\u00e9seket rejthet a v\u00edz alatt.\" class=\"zf-media\">\r\n\t\t\t\t\t\t\t\t\t\t<img width=\"640\" height=\"427\" src=\"https:\/\/liked.hu\/old\/wp-content\/uploads\/2019\/02\/1-8.jpg\" class=\"\" alt=\"\" loading=\"lazy\" style=\"\" srcset=\"https:\/\/liked.hu\/old\/wp-content\/uploads\/2019\/02\/1-8.jpg 640w, https:\/\/liked.hu\/old\/wp-content\/uploads\/2019\/02\/1-8-300x200.jpg 300w, https:\/\/liked.hu\/old\/wp-content\/uploads\/2019\/02\/1-8-500x334.jpg 500w, https:\/\/liked.hu\/old\/wp-content\/uploads\/2019\/02\/1-8-360x240.jpg 360w, https:\/\/liked.hu\/old\/wp-content\/uploads\/2019\/02\/1-8-545x364.jpg 545w\" sizes=\"(max-width: 640px) 100vw, 640px\" \/>\t\t\t\t\t\t\t\t\t\t\t<figcaption class=\"zf-figcaption\">\r\n\t\t\t\t\t\t\t\t\t\t\t\t\t\t\t\t\t\t\t\t\t\t\t\t<cite><\/cite>\r\n\r\n\t\t\t\t\t\t\t\t\t\t\t\t\t\t\t\t\t\t\t\t\t\t\t<\/figcaption>\r\n\t\t\t\t\t\t\t\t\t\t\t\t\t\t\t\t\t\t\t<\/div>\r\n\t\t\t\t\t\t\t\t\t<hr \/>\r\n\t\t\t\t\t\t\t\t<\/figure>\r\n\t\t\t\t\t\t\t\t\t\t\t\t\t\t\t\t<div class=\"zf-list_description\"><p>&nbsp;&nbsp;<\/p><\/div>\r\n\t\t\t\t\t\t\t\t\t\t\t\t\t<\/li>\r\n\t\t\t\t\t\t\t\t\t\t\t\t<li class=\"zf-list_item\">\r\n\t\t\t\t\t\t\t<div class=\"zf-list_header\">\r\n\t\t\t\t\t\t\t\t<h3 id=\"listaelem2\" class=\"zf-list_title\">\r\n\t\t\t\t\t\t\t\t\t<span class=\"zf-number\">2<\/span>\r\n\t\t\t\t\t\t\t\t\t\u00c1t mern\u00e9l \u00faszni f\u00f6l\u00f6tte?\t\t\t\t\t\t\t\t<\/h3>\r\n\t\t\t\t\t\t\t<\/div>\r\n\t\t\t\t\t\t\t\t\t\t\t\t\t\t\t<figure class=\"zf-list_media zf-media-wrapper zf-image zf-type-image\">\r\n\t\t\t\t\t\t\t\t\t<div title=\"\u00c1t mern\u00e9l \u00faszni f\u00f6l\u00f6tte?\" alt=\"\u00c1t mern\u00e9l \u00faszni f\u00f6l\u00f6tte?\" class=\"zf-media\">\r\n\t\t\t\t\t\t\t\t\t\t<img width=\"640\" height=\"761\" src=\"https:\/\/liked.hu\/old\/wp-content\/uploads\/2019\/02\/Ijeszto-kek-lyuk.jpg\" class=\"\" alt=\"\" loading=\"lazy\" style=\"\" srcset=\"https:\/\/liked.hu\/old\/wp-content\/uploads\/2019\/02\/Ijeszto-kek-lyuk.jpg 640w, https:\/\/liked.hu\/old\/wp-content\/uploads\/2019\/02\/Ijeszto-kek-lyuk-252x300.jpg 252w, https:\/\/liked.hu\/old\/wp-content\/uploads\/2019\/02\/Ijeszto-kek-lyuk-420x500.jpg 420w, https:\/\/liked.hu\/old\/wp-content\/uploads\/2019\/02\/Ijeszto-kek-lyuk-360x428.jpg 360w, https:\/\/liked.hu\/old\/wp-content\/uploads\/2019\/02\/Ijeszto-kek-lyuk-545x648.jpg 545w\" sizes=\"(max-width: 640px) 100vw, 640px\" \/>\t\t\t\t\t\t\t\t\t\t\t<figcaption class=\"zf-figcaption\">\r\n\t\t\t\t\t\t\t\t\t\t\t\t\t\t\t\t\t\t\t\t\t\t\t\t<cite><\/cite>\r\n\r\n\t\t\t\t\t\t\t\t\t\t\t\t\t\t\t\t\t\t\t\t\t\t\t<\/figcaption>\r\n\t\t\t\t\t\t\t\t\t\t\t\t\t\t\t\t\t\t\t<\/div>\r\n\t\t\t\t\t\t\t\t\t<hr \/>\r\n\t\t\t\t\t\t\t\t<\/figure>\r\n\t\t\t\t\t\t\t\t\t\t\t\t\t\t\t\t<div class=\"zf-list_description\"><p>&nbsp;&nbsp;<\/p><\/div>\r\n\t\t\t\t\t\t\t\t\t\t\t\t\t<\/li>\r\n\t\t\t\t\t\t\t\t\t\t\t\t<li class=\"zf-list_item\">\r\n\t\t\t\t\t\t\t<div class=\"zf-list_header\">\r\n\t\t\t\t\t\t\t\t<h3 id=\"listaelem3\" class=\"zf-list_title\">\r\n\t\t\t\t\t\t\t\t\t<span class=\"zf-number\">3<\/span>\r\n\t\t\t\t\t\t\t\t\tA Sargasso-tengeren tal\u00e1lhat\u00f3 Grand Turk-sziget hirtelen m\u00e9ly\u00fcl\u0151 tengerpartja.\t\t\t\t\t\t\t\t<\/h3>\r\n\t\t\t\t\t\t\t<\/div>\r\n\t\t\t\t\t\t\t\t\t\t\t\t\t\t\t<figure class=\"zf-list_media zf-media-wrapper zf-image zf-type-image\">\r\n\t\t\t\t\t\t\t\t\t<div title=\"A Sargasso-tengeren tal\u00e1lhat\u00f3 Grand Turk-sziget hirtelen m\u00e9ly\u00fcl\u0151 tengerpartja.\" alt=\"A Sargasso-tengeren tal\u00e1lhat\u00f3 Grand Turk-sziget hirtelen m\u00e9ly\u00fcl\u0151 tengerpartja.\" class=\"zf-media\">\r\n\t\t\t\t\t\t\t\t\t\t<img width=\"640\" height=\"925\" src=\"https:\/\/liked.hu\/old\/wp-content\/uploads\/2019\/02\/2-8.jpg\" class=\"\" alt=\"\" loading=\"lazy\" style=\"\" srcset=\"https:\/\/liked.hu\/old\/wp-content\/uploads\/2019\/02\/2-8.jpg 640w, https:\/\/liked.hu\/old\/wp-content\/uploads\/2019\/02\/2-8-208x300.jpg 208w, https:\/\/liked.hu\/old\/wp-content\/uploads\/2019\/02\/2-8-346x500.jpg 346w, https:\/\/liked.hu\/old\/wp-content\/uploads\/2019\/02\/2-8-360x520.jpg 360w, https:\/\/liked.hu\/old\/wp-content\/uploads\/2019\/02\/2-8-545x788.jpg 545w\" sizes=\"(max-width: 640px) 100vw, 640px\" \/>\t\t\t\t\t\t\t\t\t\t\t<figcaption class=\"zf-figcaption\">\r\n\t\t\t\t\t\t\t\t\t\t\t\t\t\t\t\t\t\t\t\t\t\t\t\t<cite><\/cite>\r\n\r\n\t\t\t\t\t\t\t\t\t\t\t\t\t\t\t\t\t\t\t\t\t\t\t<\/figcaption>\r\n\t\t\t\t\t\t\t\t\t\t\t\t\t\t\t\t\t\t\t<\/div>\r\n\t\t\t\t\t\t\t\t\t<hr \/>\r\n\t\t\t\t\t\t\t\t<\/figure>\r\n\t\t\t\t\t\t\t\t\t\t\t\t\t\t<\/li>\r\n\t\t\t\t\t\t\t\t\t\t\t\t<li class=\"zf-list_item\">\r\n\t\t\t\t\t\t\t<div class=\"zf-list_header\">\r\n\t\t\t\t\t\t\t\t<h3 id=\"listaelem4\" class=\"zf-list_title\">\r\n\t\t\t\t\t\t\t\t\t<span class=\"zf-number\">4<\/span>\r\n\t\t\t\t\t\t\t\t\tA pillanat, amikor a talasszof\u00f3bia t\u00e9riszonnyal p\u00e1rosul.\t\t\t\t\t\t\t\t<\/h3>\r\n\t\t\t\t\t\t\t<\/div>\r\n\t\t\t\t\t\t\t\t\t\t\t\t\t\t\t<figure class=\"zf-list_media zf-media-wrapper zf-image zf-type-image\">\r\n\t\t\t\t\t\t\t\t\t<div title=\"A pillanat, amikor a talasszof\u00f3bia t\u00e9riszonnyal p\u00e1rosul.\" alt=\"A pillanat, amikor a talasszof\u00f3bia t\u00e9riszonnyal p\u00e1rosul.\" class=\"zf-media\">\r\n\t\t\t\t\t\t\t\t\t\t<img width=\"636\" height=\"791\" src=\"https:\/\/liked.hu\/old\/wp-content\/uploads\/2019\/02\/3-7.jpg\" class=\"\" alt=\"\" loading=\"lazy\" style=\"\" srcset=\"https:\/\/liked.hu\/old\/wp-content\/uploads\/2019\/02\/3-7.jpg 636w, https:\/\/liked.hu\/old\/wp-content\/uploads\/2019\/02\/3-7-241x300.jpg 241w, https:\/\/liked.hu\/old\/wp-content\/uploads\/2019\/02\/3-7-402x500.jpg 402w, https:\/\/liked.hu\/old\/wp-content\/uploads\/2019\/02\/3-7-360x448.jpg 360w, https:\/\/liked.hu\/old\/wp-content\/uploads\/2019\/02\/3-7-545x678.jpg 545w\" sizes=\"(max-width: 636px) 100vw, 636px\" \/>\t\t\t\t\t\t\t\t\t\t\t<figcaption class=\"zf-figcaption\">\r\n\t\t\t\t\t\t\t\t\t\t\t\t\t\t\t\t\t\t\t\t\t\t\t\t<cite><\/cite>\r\n\r\n\t\t\t\t\t\t\t\t\t\t\t\t\t\t\t\t\t\t\t\t\t\t\t<\/figcaption>\r\n\t\t\t\t\t\t\t\t\t\t\t\t\t\t\t\t\t\t\t<\/div>\r\n\t\t\t\t\t\t\t\t\t<hr \/>\r\n\t\t\t\t\t\t\t\t<\/figure>\r\n\t\t\t\t\t\t\t\t\t\t\t\t\t\t<\/li>\r\n\t\t\t\t\t\t\t\t\t\t\t\t<li class=\"zf-list_item\">\r\n\t\t\t\t\t\t\t<div class=\"zf-list_header\">\r\n\t\t\t\t\t\t\t\t<h3 id=\"listaelem5\" class=\"zf-list_title\">\r\n\t\t\t\t\t\t\t\t\t<span class=\"zf-number\">5<\/span>\r\n\t\t\t\t\t\t\t\t\t\u00c1ldozatra v\u00e1r\u00f3 leop\u00e1rdf\u00f3ka.\t\t\t\t\t\t\t\t<\/h3>\r\n\t\t\t\t\t\t\t<\/div>\r\n\t\t\t\t\t\t\t\t\t\t\t\t\t\t\t<figure class=\"zf-list_media zf-media-wrapper zf-image zf-type-image\">\r\n\t\t\t\t\t\t\t\t\t<div title=\"\u00c1ldozatra v\u00e1r\u00f3 leop\u00e1rdf\u00f3ka.\" alt=\"\u00c1ldozatra v\u00e1r\u00f3 leop\u00e1rdf\u00f3ka.\" class=\"zf-media\">\r\n\t\t\t\t\t\t\t\t\t\t<img width=\"640\" height=\"430\" src=\"https:\/\/liked.hu\/old\/wp-content\/uploads\/2019\/02\/4-7.jpg\" class=\"\" alt=\"\" loading=\"lazy\" style=\"\" srcset=\"https:\/\/liked.hu\/old\/wp-content\/uploads\/2019\/02\/4-7.jpg 640w, https:\/\/liked.hu\/old\/wp-content\/uploads\/2019\/02\/4-7-300x202.jpg 300w, https:\/\/liked.hu\/old\/wp-content\/uploads\/2019\/02\/4-7-500x336.jpg 500w, https:\/\/liked.hu\/old\/wp-content\/uploads\/2019\/02\/4-7-360x242.jpg 360w, https:\/\/liked.hu\/old\/wp-content\/uploads\/2019\/02\/4-7-545x366.jpg 545w\" sizes=\"(max-width: 640px) 100vw, 640px\" \/>\t\t\t\t\t\t\t\t\t\t\t<figcaption class=\"zf-figcaption\">\r\n\t\t\t\t\t\t\t\t\t\t\t\t\t\t\t\t\t\t\t\t\t\t\t\t<cite><\/cite>\r\n\r\n\t\t\t\t\t\t\t\t\t\t\t\t\t\t\t\t\t\t\t\t\t\t\t<\/figcaption>\r\n\t\t\t\t\t\t\t\t\t\t\t\t\t\t\t\t\t\t\t<\/div>\r\n\t\t\t\t\t\t\t\t\t<hr \/>\r\n\t\t\t\t\t\t\t\t<\/figure>\r\n\t\t\t\t\t\t\t\t\t\t\t\t\t\t<\/li>\r\n\t\t\t\t\t\t\t\t\t\t\t\t<li class=\"zf-list_item\">\r\n\t\t\t\t\t\t\t<div class=\"zf-list_header\">\r\n\t\t\t\t\t\t\t\t<h3 id=\"listaelem6\" class=\"zf-list_title\">\r\n\t\t\t\t\t\t\t\t\t<span class=\"zf-number\">6<\/span>\r\n\t\t\t\t\t\t\t\t\tMintha a Csillagok k\u00f6z\u00f6tt c\u00edm\u0171 filmbe cs\u00f6ppent\u00fcnk volna.\t\t\t\t\t\t\t\t<\/h3>\r\n\t\t\t\t\t\t\t<\/div>\r\n\t\t\t\t\t\t\t\t\t\t\t\t\t\t\t<figure class=\"zf-list_media zf-media-wrapper zf-image zf-type-image\">\r\n\t\t\t\t\t\t\t\t\t<div title=\"Mintha a Csillagok k\u00f6z\u00f6tt c\u00edm\u0171 filmbe cs\u00f6ppent\u00fcnk volna.\" alt=\"Mintha a Csillagok k\u00f6z\u00f6tt c\u00edm\u0171 filmbe cs\u00f6ppent\u00fcnk volna.\" class=\"zf-media\">\r\n\t\t\t\t\t\t\t\t\t\t<img width=\"640\" height=\"640\" src=\"https:\/\/liked.hu\/old\/wp-content\/uploads\/2019\/02\/5-7.jpg\" class=\"\" alt=\"\" loading=\"lazy\" style=\"\" srcset=\"https:\/\/liked.hu\/old\/wp-content\/uploads\/2019\/02\/5-7.jpg 640w, https:\/\/liked.hu\/old\/wp-content\/uploads\/2019\/02\/5-7-150x150.jpg 150w, https:\/\/liked.hu\/old\/wp-content\/uploads\/2019\/02\/5-7-300x300.jpg 300w, https:\/\/liked.hu\/old\/wp-content\/uploads\/2019\/02\/5-7-500x500.jpg 500w, https:\/\/liked.hu\/old\/wp-content\/uploads\/2019\/02\/5-7-400x400.jpg 400w, https:\/\/liked.hu\/old\/wp-content\/uploads\/2019\/02\/5-7-360x360.jpg 360w, https:\/\/liked.hu\/old\/wp-content\/uploads\/2019\/02\/5-7-545x545.jpg 545w, https:\/\/liked.hu\/old\/wp-content\/uploads\/2019\/02\/5-7-350x350.jpg 350w\" sizes=\"(max-width: 640px) 100vw, 640px\" \/>\t\t\t\t\t\t\t\t\t\t\t<figcaption class=\"zf-figcaption\">\r\n\t\t\t\t\t\t\t\t\t\t\t\t\t\t\t\t\t\t\t\t\t\t\t\t<cite><\/cite>\r\n\r\n\t\t\t\t\t\t\t\t\t\t\t\t\t\t\t\t\t\t\t\t\t\t\t<\/figcaption>\r\n\t\t\t\t\t\t\t\t\t\t\t\t\t\t\t\t\t\t\t<\/div>\r\n\t\t\t\t\t\t\t\t\t<hr \/>\r\n\t\t\t\t\t\t\t\t<\/figure>\r\n\t\t\t\t\t\t\t\t\t\t\t\t\t\t<\/li>\r\n\t\t\t\t\t\t\t\t\t\t\t\t<li class=\"zf-list_item\">\r\n\t\t\t\t\t\t\t<div class=\"zf-list_header\">\r\n\t\t\t\t\t\t\t\t<h3 id=\"listaelem7\" class=\"zf-list_title\">\r\n\t\t\t\t\t\t\t\t\t<span class=\"zf-number\">7<\/span>\r\n\t\t\t\t\t\t\t\t\tVajon lehet a v\u00edz alatt izzadni?!\t\t\t\t\t\t\t\t<\/h3>\r\n\t\t\t\t\t\t\t<\/div>\r\n\t\t\t\t\t\t\t\t\t\t\t\t\t\t\t<figure class=\"zf-list_media zf-media-wrapper zf-image zf-type-image\">\r\n\t\t\t\t\t\t\t\t\t<div title=\"Vajon lehet a v\u00edz alatt izzadni?!\" alt=\"Vajon lehet a v\u00edz alatt izzadni?!\" class=\"zf-media\">\r\n\t\t\t\t\t\t\t\t\t\t<img width=\"1020\" height=\"765\" src=\"https:\/\/liked.hu\/old\/wp-content\/uploads\/2019\/02\/6-7.jpg\" class=\"\" alt=\"\" loading=\"lazy\" style=\"\" srcset=\"https:\/\/liked.hu\/old\/wp-content\/uploads\/2019\/02\/6-7.jpg 1020w, https:\/\/liked.hu\/old\/wp-content\/uploads\/2019\/02\/6-7-300x225.jpg 300w, https:\/\/liked.hu\/old\/wp-content\/uploads\/2019\/02\/6-7-768x576.jpg 768w, https:\/\/liked.hu\/old\/wp-content\/uploads\/2019\/02\/6-7-500x375.jpg 500w, https:\/\/liked.hu\/old\/wp-content\/uploads\/2019\/02\/6-7-200x150.jpg 200w, https:\/\/liked.hu\/old\/wp-content\/uploads\/2019\/02\/6-7-360x270.jpg 360w, https:\/\/liked.hu\/old\/wp-content\/uploads\/2019\/02\/6-7-545x409.jpg 545w\" sizes=\"(max-width: 1020px) 100vw, 1020px\" \/>\t\t\t\t\t\t\t\t\t\t\t<figcaption class=\"zf-figcaption\">\r\n\t\t\t\t\t\t\t\t\t\t\t\t\t\t\t\t\t\t\t\t\t\t\t\t<cite><\/cite>\r\n\r\n\t\t\t\t\t\t\t\t\t\t\t\t\t\t\t\t\t\t\t\t\t\t\t<\/figcaption>\r\n\t\t\t\t\t\t\t\t\t\t\t\t\t\t\t\t\t\t\t<\/div>\r\n\t\t\t\t\t\t\t\t\t<hr \/>\r\n\t\t\t\t\t\t\t\t<\/figure>\r\n\t\t\t\t\t\t\t\t\t\t\t\t\t\t<\/li>\r\n\t\t\t\t\t\t\t\t\t\t\t\t<li class=\"zf-list_item\">\r\n\t\t\t\t\t\t\t<div class=\"zf-list_header\">\r\n\t\t\t\t\t\t\t\t<h3 id=\"listaelem8\" class=\"zf-list_title\">\r\n\t\t\t\t\t\t\t\t\t<span class=\"zf-number\">8<\/span>\r\n\t\t\t\t\t\t\t\t\t\u00d3, n\u00e9zd! Delfi..\u00f3h. Akarom mondani, gyilkos b\u00e1ln\u00e1k.\t\t\t\t\t\t\t\t<\/h3>\r\n\t\t\t\t\t\t\t<\/div>\r\n\t\t\t\t\t\t\t\t\t\t\t\t\t\t\t<figure class=\"zf-list_media zf-media-wrapper zf-image zf-type-image\">\r\n\t\t\t\t\t\t\t\t\t<div title=\"\u00d3, n\u00e9zd! Delfi..\u00f3h. Akarom mondani, gyilkos b\u00e1ln\u00e1k.\" alt=\"\u00d3, n\u00e9zd! Delfi..\u00f3h. Akarom mondani, gyilkos b\u00e1ln\u00e1k.\" class=\"zf-media\">\r\n\t\t\t\t\t\t\t\t\t\t<img width=\"535\" height=\"845\" src=\"https:\/\/liked.hu\/old\/wp-content\/uploads\/2019\/02\/7-7.jpg\" class=\"\" alt=\"\" loading=\"lazy\" style=\"\" srcset=\"https:\/\/liked.hu\/old\/wp-content\/uploads\/2019\/02\/7-7.jpg 535w, https:\/\/liked.hu\/old\/wp-content\/uploads\/2019\/02\/7-7-190x300.jpg 190w, https:\/\/liked.hu\/old\/wp-content\/uploads\/2019\/02\/7-7-317x500.jpg 317w, https:\/\/liked.hu\/old\/wp-content\/uploads\/2019\/02\/7-7-360x569.jpg 360w\" sizes=\"(max-width: 535px) 100vw, 535px\" \/>\t\t\t\t\t\t\t\t\t\t\t<figcaption class=\"zf-figcaption\">\r\n\t\t\t\t\t\t\t\t\t\t\t\t\t\t\t\t\t\t\t\t\t\t\t\t<cite><\/cite>\r\n\r\n\t\t\t\t\t\t\t\t\t\t\t\t\t\t\t\t\t\t\t\t\t\t\t<\/figcaption>\r\n\t\t\t\t\t\t\t\t\t\t\t\t\t\t\t\t\t\t\t<\/div>\r\n\t\t\t\t\t\t\t\t\t<hr \/>\r\n\t\t\t\t\t\t\t\t<\/figure>\r\n\t\t\t\t\t\t\t\t\t\t\t\t\t\t<\/li>\r\n\t\t\t\t\t\t\t\t\t\t\t\t<li class=\"zf-list_item\">\r\n\t\t\t\t\t\t\t<div class=\"zf-list_header\">\r\n\t\t\t\t\t\t\t\t<h3 id=\"listaelem9\" class=\"zf-list_title\">\r\n\t\t\t\t\t\t\t\t\t<span class=\"zf-number\">9<\/span>\r\n\t\t\t\t\t\t\t\t\tEgy j\u00e9gt\u00e1bla alulr\u00f3l.\t\t\t\t\t\t\t\t<\/h3>\r\n\t\t\t\t\t\t\t<\/div>\r\n\t\t\t\t\t\t\t\t\t\t\t\t\t\t\t<figure class=\"zf-list_media zf-media-wrapper zf-image zf-type-image\">\r\n\t\t\t\t\t\t\t\t\t<div title=\"Egy j\u00e9gt\u00e1bla alulr\u00f3l.\" alt=\"Egy j\u00e9gt\u00e1bla alulr\u00f3l.\" class=\"zf-media\">\r\n\t\t\t\t\t\t\t\t\t\t<img width=\"640\" height=\"426\" src=\"https:\/\/liked.hu\/old\/wp-content\/uploads\/2019\/02\/8-7.jpg\" class=\"\" alt=\"\" loading=\"lazy\" style=\"\" srcset=\"https:\/\/liked.hu\/old\/wp-content\/uploads\/2019\/02\/8-7.jpg 640w, https:\/\/liked.hu\/old\/wp-content\/uploads\/2019\/02\/8-7-300x200.jpg 300w, https:\/\/liked.hu\/old\/wp-content\/uploads\/2019\/02\/8-7-500x333.jpg 500w, https:\/\/liked.hu\/old\/wp-content\/uploads\/2019\/02\/8-7-360x240.jpg 360w, https:\/\/liked.hu\/old\/wp-content\/uploads\/2019\/02\/8-7-545x363.jpg 545w\" sizes=\"(max-width: 640px) 100vw, 640px\" \/>\t\t\t\t\t\t\t\t\t\t\t<figcaption class=\"zf-figcaption\">\r\n\t\t\t\t\t\t\t\t\t\t\t\t\t\t\t\t\t\t\t\t\t\t\t\t<cite><\/cite>\r\n\r\n\t\t\t\t\t\t\t\t\t\t\t\t\t\t\t\t\t\t\t\t\t\t\t<\/figcaption>\r\n\t\t\t\t\t\t\t\t\t\t\t\t\t\t\t\t\t\t\t<\/div>\r\n\t\t\t\t\t\t\t\t\t<hr \/>\r\n\t\t\t\t\t\t\t\t<\/figure>\r\n\t\t\t\t\t\t\t\t\t\t\t\t\t\t<\/li>\r\n\t\t\t\t\t\t\t\t\t\t\t\t<li class=\"zf-list_item\">\r\n\t\t\t\t\t\t\t<div class=\"zf-list_header\">\r\n\t\t\t\t\t\t\t\t<h3 id=\"listaelem10\" class=\"zf-list_title\">\r\n\t\t\t\t\t\t\t\t\t<span class=\"zf-number\">10<\/span>\r\n\t\t\t\t\t\t\t\t\tA pillanat, amikor egy hull\u00e1m olyan \u00f3ri\u00e1si, hogy egy m\u00e1sik, kisebb hull\u00e1m halad rajta.\t\t\t\t\t\t\t\t<\/h3>\r\n\t\t\t\t\t\t\t<\/div>\r\n\t\t\t\t\t\t\t\t\t\t\t\t\t\t\t<figure class=\"zf-list_media zf-media-wrapper zf-image zf-type-image\">\r\n\t\t\t\t\t\t\t\t\t<div title=\"A pillanat, amikor egy hull\u00e1m olyan \u00f3ri\u00e1si, hogy egy m\u00e1sik, kisebb hull\u00e1m halad rajta.\" alt=\"A pillanat, amikor egy hull\u00e1m olyan \u00f3ri\u00e1si, hogy egy m\u00e1sik, kisebb hull\u00e1m halad rajta.\" class=\"zf-media\">\r\n\t\t\t\t\t\t\t\t\t\t<img width=\"640\" height=\"640\" src=\"https:\/\/liked.hu\/old\/wp-content\/uploads\/2019\/02\/10-7.jpg\" class=\"\" alt=\"\" loading=\"lazy\" style=\"\" srcset=\"https:\/\/liked.hu\/old\/wp-content\/uploads\/2019\/02\/10-7.jpg 640w, https:\/\/liked.hu\/old\/wp-content\/uploads\/2019\/02\/10-7-150x150.jpg 150w, https:\/\/liked.hu\/old\/wp-content\/uploads\/2019\/02\/10-7-300x300.jpg 300w, https:\/\/liked.hu\/old\/wp-content\/uploads\/2019\/02\/10-7-500x500.jpg 500w, https:\/\/liked.hu\/old\/wp-content\/uploads\/2019\/02\/10-7-400x400.jpg 400w, https:\/\/liked.hu\/old\/wp-content\/uploads\/2019\/02\/10-7-360x360.jpg 360w, https:\/\/liked.hu\/old\/wp-content\/uploads\/2019\/02\/10-7-545x545.jpg 545w, https:\/\/liked.hu\/old\/wp-content\/uploads\/2019\/02\/10-7-350x350.jpg 350w\" sizes=\"(max-width: 640px) 100vw, 640px\" \/>\t\t\t\t\t\t\t\t\t\t\t<figcaption class=\"zf-figcaption\">\r\n\t\t\t\t\t\t\t\t\t\t\t\t\t\t\t\t\t\t\t\t\t\t\t\t<cite><\/cite>\r\n\r\n\t\t\t\t\t\t\t\t\t\t\t\t\t\t\t\t\t\t\t\t\t\t\t<\/figcaption>\r\n\t\t\t\t\t\t\t\t\t\t\t\t\t\t\t\t\t\t\t<\/div>\r\n\t\t\t\t\t\t\t\t\t<hr \/>\r\n\t\t\t\t\t\t\t\t<\/figure>\r\n\t\t\t\t\t\t\t\t\t\t\t\t\t\t<\/li>\r\n\t\t\t\t\t\t\t\t\t<\/ol>\r\n\t\t<\/div>\r\n\t<\/div>\r\n\r\n\t<\/div>\r\n\r\n\r\n<!--nextpage--><div id=\"zombify-main-section-front\" class=\"zombify-main-section-front zombify-screen zf-media-full\">\r\n\t<link rel=\"stylesheet\" type=\"text\/css\" href=\"https:\/\/liked.hu\/old\/js\/zombify.css\">\r\n    <link rel=\"stylesheet\" type=\"text\/css\" href=\"https:\/\/liked.hu\/old\/wp-content\/themes\/newsy-child\/style.css\">\r\n\t<div class=\"zf-container\">\r\n\t\t<div id=\"zf-list\" class=\"zf-list zf-numbered\">\r\n\t\t\t<ol class=\"zf-structure-list\">\r\n\t\t\t\t\t\t\t\t\t\t<li class=\"zf-list_item\">\r\n\t\t\t\t\t\t\t<div class=\"zf-list_header\">\r\n\t\t\t\t\t\t\t\t<h3 id=\"listaelem11\" class=\"zf-list_title\">\r\n\t\t\t\t\t\t\t\t\t<span class=\"zf-number\">11<\/span>\r\n\t\t\t\t\t\t\t\t\tA cetc\u00e1pa nem vesz\u00e9lyes az emberre, de az\u00e9rt jobb nem \u00f6sszefutni vele.\t\t\t\t\t\t\t\t<\/h3>\r\n\t\t\t\t\t\t\t<\/div>\r\n\t\t\t\t\t\t\t\t\t\t\t\t\t\t\t<figure class=\"zf-list_media zf-media-wrapper zf-image zf-type-image\">\r\n\t\t\t\t\t\t\t\t\t<div title=\"A cetc\u00e1pa nem vesz\u00e9lyes az emberre, de az\u00e9rt jobb nem \u00f6sszefutni vele.\" alt=\"A cetc\u00e1pa nem vesz\u00e9lyes az emberre, de az\u00e9rt jobb nem \u00f6sszefutni vele.\" class=\"zf-media\">\r\n\t\t\t\t\t\t\t\t\t\t<img width=\"500\" height=\"729\" src=\"https:\/\/liked.hu\/old\/wp-content\/uploads\/2019\/02\/11-7.jpg\" class=\"\" alt=\"\" loading=\"lazy\" style=\"\" srcset=\"https:\/\/liked.hu\/old\/wp-content\/uploads\/2019\/02\/11-7.jpg 500w, https:\/\/liked.hu\/old\/wp-content\/uploads\/2019\/02\/11-7-206x300.jpg 206w, https:\/\/liked.hu\/old\/wp-content\/uploads\/2019\/02\/11-7-343x500.jpg 343w, https:\/\/liked.hu\/old\/wp-content\/uploads\/2019\/02\/11-7-360x525.jpg 360w\" sizes=\"(max-width: 500px) 100vw, 500px\" \/>\t\t\t\t\t\t\t\t\t\t\t<figcaption class=\"zf-figcaption\">\r\n\t\t\t\t\t\t\t\t\t\t\t\t\t\t\t\t\t\t\t\t\t\t\t\t<cite><\/cite>\r\n\r\n\t\t\t\t\t\t\t\t\t\t\t\t\t\t\t\t\t\t\t\t\t\t\t<\/figcaption>\r\n\t\t\t\t\t\t\t\t\t\t\t\t\t\t\t\t\t\t\t<\/div>\r\n\t\t\t\t\t\t\t\t\t<hr \/>\r\n\t\t\t\t\t\t\t\t<\/figure>\r\n\t\t\t\t\t\t\t\t\t\t\t\t\t\t\t\t<div class=\"zf-list_description\"><p>&nbsp;&nbsp;<\/p><\/div>\r\n\t\t\t\t\t\t\t\t\t\t\t\t\t<\/li>\r\n\t\t\t\t\t\t\t\t\t\t\t\t<li class=\"zf-list_item\">\r\n\t\t\t\t\t\t\t<div class=\"zf-list_header\">\r\n\t\t\t\t\t\t\t\t<h3 id=\"listaelem12\" class=\"zf-list_title\">\r\n\t\t\t\t\t\t\t\t\t<span class=\"zf-number\">12<\/span>\r\n\t\t\t\t\t\t\t\t\tMauritius tengerpartj\u00e1n az \u00e1ramlatok-form\u00e1lta v\u00edz alatti homok egy szakad\u00e9k ill\u00fazi\u00f3j\u00e1t kelti.\t\t\t\t\t\t\t\t<\/h3>\r\n\t\t\t\t\t\t\t<\/div>\r\n\t\t\t\t\t\t\t\t\t\t\t\t\t\t\t<figure class=\"zf-list_media zf-media-wrapper zf-image zf-type-image\">\r\n\t\t\t\t\t\t\t\t\t<div title=\"Mauritius tengerpartj\u00e1n az \u00e1ramlatok-form\u00e1lta v\u00edz alatti homok egy szakad\u00e9k ill\u00fazi\u00f3j\u00e1t kelti.\" alt=\"Mauritius tengerpartj\u00e1n az \u00e1ramlatok-form\u00e1lta v\u00edz alatti homok egy szakad\u00e9k ill\u00fazi\u00f3j\u00e1t kelti.\" class=\"zf-media\">\r\n\t\t\t\t\t\t\t\t\t\t<img width=\"595\" height=\"587\" src=\"https:\/\/liked.hu\/old\/wp-content\/uploads\/2019\/02\/12.png\" class=\"\" alt=\"\" loading=\"lazy\" style=\"\" srcset=\"https:\/\/liked.hu\/old\/wp-content\/uploads\/2019\/02\/12.png 595w, https:\/\/liked.hu\/old\/wp-content\/uploads\/2019\/02\/12-300x296.png 300w, https:\/\/liked.hu\/old\/wp-content\/uploads\/2019\/02\/12-500x493.png 500w, https:\/\/liked.hu\/old\/wp-content\/uploads\/2019\/02\/12-360x355.png 360w, https:\/\/liked.hu\/old\/wp-content\/uploads\/2019\/02\/12-545x538.png 545w\" sizes=\"(max-width: 595px) 100vw, 595px\" \/>\t\t\t\t\t\t\t\t\t\t\t<figcaption class=\"zf-figcaption\">\r\n\t\t\t\t\t\t\t\t\t\t\t\t\t\t\t\t\t\t\t\t\t\t\t\t<cite><\/cite>\r\n\r\n\t\t\t\t\t\t\t\t\t\t\t\t\t\t\t\t\t\t\t\t\t\t\t<\/figcaption>\r\n\t\t\t\t\t\t\t\t\t\t\t\t\t\t\t\t\t\t\t<\/div>\r\n\t\t\t\t\t\t\t\t\t<hr \/>\r\n\t\t\t\t\t\t\t\t<\/figure>\r\n\t\t\t\t\t\t\t\t\t\t\t\t\t\t\t\t<div class=\"zf-list_description\"><p>&nbsp;&nbsp;<\/p><\/div>\r\n\t\t\t\t\t\t\t\t\t\t\t\t\t<\/li>\r\n\t\t\t\t\t\t\t\t\t\t\t\t<li class=\"zf-list_item\">\r\n\t\t\t\t\t\t\t<div class=\"zf-list_header\">\r\n\t\t\t\t\t\t\t\t<h3 id=\"listaelem13\" class=\"zf-list_title\">\r\n\t\t\t\t\t\t\t\t\t<span class=\"zf-number\">13<\/span>\r\n\t\t\t\t\t\t\t\t\tV\u00edz alatti szikl\u00e1k a F\u00fcl\u00f6p-szigeteken.\t\t\t\t\t\t\t\t<\/h3>\r\n\t\t\t\t\t\t\t<\/div>\r\n\t\t\t\t\t\t\t\t\t\t\t\t\t\t\t<figure class=\"zf-list_media zf-media-wrapper zf-image zf-type-image\">\r\n\t\t\t\t\t\t\t\t\t<div title=\"V\u00edz alatti szikl\u00e1k a F\u00fcl\u00f6p-szigeteken.\" alt=\"V\u00edz alatti szikl\u00e1k a F\u00fcl\u00f6p-szigeteken.\" class=\"zf-media\">\r\n\t\t\t\t\t\t\t\t\t\t<img width=\"637\" height=\"960\" src=\"https:\/\/liked.hu\/old\/wp-content\/uploads\/2019\/02\/13-7.jpg\" class=\"\" alt=\"\" loading=\"lazy\" style=\"\" srcset=\"https:\/\/liked.hu\/old\/wp-content\/uploads\/2019\/02\/13-7.jpg 637w, https:\/\/liked.hu\/old\/wp-content\/uploads\/2019\/02\/13-7-199x300.jpg 199w, https:\/\/liked.hu\/old\/wp-content\/uploads\/2019\/02\/13-7-332x500.jpg 332w, https:\/\/liked.hu\/old\/wp-content\/uploads\/2019\/02\/13-7-360x543.jpg 360w, https:\/\/liked.hu\/old\/wp-content\/uploads\/2019\/02\/13-7-545x821.jpg 545w\" sizes=\"(max-width: 637px) 100vw, 637px\" \/>\t\t\t\t\t\t\t\t\t\t\t<figcaption class=\"zf-figcaption\">\r\n\t\t\t\t\t\t\t\t\t\t\t\t\t\t\t\t\t\t\t\t\t\t\t\t<cite><\/cite>\r\n\r\n\t\t\t\t\t\t\t\t\t\t\t\t\t\t\t\t\t\t\t\t\t\t\t<\/figcaption>\r\n\t\t\t\t\t\t\t\t\t\t\t\t\t\t\t\t\t\t\t<\/div>\r\n\t\t\t\t\t\t\t\t\t<hr \/>\r\n\t\t\t\t\t\t\t\t<\/figure>\r\n\t\t\t\t\t\t\t\t\t\t\t\t\t\t<\/li>\r\n\t\t\t\t\t\t\t\t\t\t\t\t<li class=\"zf-list_item\">\r\n\t\t\t\t\t\t\t<div class=\"zf-list_header\">\r\n\t\t\t\t\t\t\t\t<h3 id=\"listaelem14\" class=\"zf-list_title\">\r\n\t\t\t\t\t\t\t\t\t<span class=\"zf-number\">14<\/span>\r\n\t\t\t\t\t\t\t\t\tK\u00f6sz\u00f6n\u00f6m, de ink\u00e1bb nem megyek le oda!\t\t\t\t\t\t\t\t<\/h3>\r\n\t\t\t\t\t\t\t<\/div>\r\n\t\t\t\t\t\t\t\t\t\t\t\t\t\t\t<figure class=\"zf-list_media zf-media-wrapper zf-image zf-type-image\">\r\n\t\t\t\t\t\t\t\t\t<div title=\"K\u00f6sz\u00f6n\u00f6m, de ink\u00e1bb nem megyek le oda!\" alt=\"K\u00f6sz\u00f6n\u00f6m, de ink\u00e1bb nem megyek le oda!\" class=\"zf-media\">\r\n\t\t\t\t\t\t\t\t\t\t<img width=\"640\" height=\"399\" src=\"https:\/\/liked.hu\/old\/wp-content\/uploads\/2019\/02\/14-6.jpg\" class=\"\" alt=\"\" loading=\"lazy\" style=\"\" srcset=\"https:\/\/liked.hu\/old\/wp-content\/uploads\/2019\/02\/14-6.jpg 640w, https:\/\/liked.hu\/old\/wp-content\/uploads\/2019\/02\/14-6-300x187.jpg 300w, https:\/\/liked.hu\/old\/wp-content\/uploads\/2019\/02\/14-6-500x312.jpg 500w, https:\/\/liked.hu\/old\/wp-content\/uploads\/2019\/02\/14-6-360x224.jpg 360w, https:\/\/liked.hu\/old\/wp-content\/uploads\/2019\/02\/14-6-545x340.jpg 545w\" sizes=\"(max-width: 640px) 100vw, 640px\" \/>\t\t\t\t\t\t\t\t\t\t\t<figcaption class=\"zf-figcaption\">\r\n\t\t\t\t\t\t\t\t\t\t\t\t\t\t\t\t\t\t\t\t\t\t\t\t<cite><\/cite>\r\n\r\n\t\t\t\t\t\t\t\t\t\t\t\t\t\t\t\t\t\t\t\t\t\t\t<\/figcaption>\r\n\t\t\t\t\t\t\t\t\t\t\t\t\t\t\t\t\t\t\t<\/div>\r\n\t\t\t\t\t\t\t\t\t<hr \/>\r\n\t\t\t\t\t\t\t\t<\/figure>\r\n\t\t\t\t\t\t\t\t\t\t\t\t\t\t<\/li>\r\n\t\t\t\t\t\t\t\t\t\t\t\t<li class=\"zf-list_item\">\r\n\t\t\t\t\t\t\t<div class=\"zf-list_header\">\r\n\t\t\t\t\t\t\t\t<h3 id=\"listaelem15\" class=\"zf-list_title\">\r\n\t\t\t\t\t\t\t\t\t<span class=\"zf-number\">15<\/span>\r\n\t\t\t\t\t\t\t\t\tM\u00e9g n\u00e9zni is ijeszt\u0151.\t\t\t\t\t\t\t\t<\/h3>\r\n\t\t\t\t\t\t\t<\/div>\r\n\t\t\t\t\t\t\t\t\t\t\t\t\t\t\t<figure class=\"zf-list_media zf-media-wrapper zf-image zf-type-image\">\r\n\t\t\t\t\t\t\t\t\t<div title=\"M\u00e9g n\u00e9zni is ijeszt\u0151.\" alt=\"M\u00e9g n\u00e9zni is ijeszt\u0151.\" class=\"zf-media\">\r\n\t\t\t\t\t\t\t\t\t\t<img width=\"636\" height=\"754\" src=\"https:\/\/liked.hu\/old\/wp-content\/uploads\/2019\/02\/15.png\" class=\"\" alt=\"\" loading=\"lazy\" style=\"\" srcset=\"https:\/\/liked.hu\/old\/wp-content\/uploads\/2019\/02\/15.png 636w, https:\/\/liked.hu\/old\/wp-content\/uploads\/2019\/02\/15-253x300.png 253w, https:\/\/liked.hu\/old\/wp-content\/uploads\/2019\/02\/15-422x500.png 422w, https:\/\/liked.hu\/old\/wp-content\/uploads\/2019\/02\/15-360x427.png 360w, https:\/\/liked.hu\/old\/wp-content\/uploads\/2019\/02\/15-545x646.png 545w\" sizes=\"(max-width: 636px) 100vw, 636px\" \/>\t\t\t\t\t\t\t\t\t\t\t<figcaption class=\"zf-figcaption\">\r\n\t\t\t\t\t\t\t\t\t\t\t\t\t\t\t\t\t\t\t\t\t\t\t\t<cite><\/cite>\r\n\r\n\t\t\t\t\t\t\t\t\t\t\t\t\t\t\t\t\t\t\t\t\t\t\t<\/figcaption>\r\n\t\t\t\t\t\t\t\t\t\t\t\t\t\t\t\t\t\t\t<\/div>\r\n\t\t\t\t\t\t\t\t\t<hr \/>\r\n\t\t\t\t\t\t\t\t<\/figure>\r\n\t\t\t\t\t\t\t\t\t\t\t\t\t\t<\/li>\r\n\t\t\t\t\t\t\t\t\t\t\t\t<li class=\"zf-list_item\">\r\n\t\t\t\t\t\t\t<div class=\"zf-list_header\">\r\n\t\t\t\t\t\t\t\t<h3 id=\"listaelem16\" class=\"zf-list_title\">\r\n\t\t\t\t\t\t\t\t\t<span class=\"zf-number\">16<\/span>\r\n\t\t\t\t\t\t\t\t\tA v\u00edz alatti vil\u00e1g v\u00e9ge.\t\t\t\t\t\t\t\t<\/h3>\r\n\t\t\t\t\t\t\t<\/div>\r\n\t\t\t\t\t\t\t\t\t\t\t\t\t\t\t<figure class=\"zf-list_media zf-media-wrapper zf-image zf-type-image\">\r\n\t\t\t\t\t\t\t\t\t<div title=\"A v\u00edz alatti vil\u00e1g v\u00e9ge.\" alt=\"A v\u00edz alatti vil\u00e1g v\u00e9ge.\" class=\"zf-media\">\r\n\t\t\t\t\t\t\t\t\t\t<img width=\"640\" height=\"480\" src=\"https:\/\/liked.hu\/old\/wp-content\/uploads\/2019\/02\/16-5.jpg\" class=\"\" alt=\"\" loading=\"lazy\" style=\"\" srcset=\"https:\/\/liked.hu\/old\/wp-content\/uploads\/2019\/02\/16-5.jpg 640w, https:\/\/liked.hu\/old\/wp-content\/uploads\/2019\/02\/16-5-300x225.jpg 300w, https:\/\/liked.hu\/old\/wp-content\/uploads\/2019\/02\/16-5-500x375.jpg 500w, https:\/\/liked.hu\/old\/wp-content\/uploads\/2019\/02\/16-5-200x150.jpg 200w, https:\/\/liked.hu\/old\/wp-content\/uploads\/2019\/02\/16-5-360x270.jpg 360w, https:\/\/liked.hu\/old\/wp-content\/uploads\/2019\/02\/16-5-545x409.jpg 545w\" sizes=\"(max-width: 640px) 100vw, 640px\" \/>\t\t\t\t\t\t\t\t\t\t\t<figcaption class=\"zf-figcaption\">\r\n\t\t\t\t\t\t\t\t\t\t\t\t\t\t\t\t\t\t\t\t\t\t\t\t<cite><\/cite>\r\n\r\n\t\t\t\t\t\t\t\t\t\t\t\t\t\t\t\t\t\t\t\t\t\t\t<\/figcaption>\r\n\t\t\t\t\t\t\t\t\t\t\t\t\t\t\t\t\t\t\t<\/div>\r\n\t\t\t\t\t\t\t\t\t<hr \/>\r\n\t\t\t\t\t\t\t\t<\/figure>\r\n\t\t\t\t\t\t\t\t\t\t\t\t\t\t<\/li>\r\n\t\t\t\t\t\t\t\t\t\t\t\t<li class=\"zf-list_item\">\r\n\t\t\t\t\t\t\t<div class=\"zf-list_header\">\r\n\t\t\t\t\t\t\t\t<h3 id=\"listaelem17\" class=\"zf-list_title\">\r\n\t\t\t\t\t\t\t\t\t<span class=\"zf-number\">17<\/span>\r\n\t\t\t\t\t\t\t\t\tIlyenkor jobb nem a v\u00edzben tart\u00f3zkodni.\t\t\t\t\t\t\t\t<\/h3>\r\n\t\t\t\t\t\t\t<\/div>\r\n\t\t\t\t\t\t\t\t\t\t\t\t\t\t\t<figure class=\"zf-list_media zf-media-wrapper zf-image zf-type-image\">\r\n\t\t\t\t\t\t\t\t\t<div title=\"Ilyenkor jobb nem a v\u00edzben tart\u00f3zkodni.\" alt=\"Ilyenkor jobb nem a v\u00edzben tart\u00f3zkodni.\" class=\"zf-media\">\r\n\t\t\t\t\t\t\t\t\t\t<img width=\"640\" height=\"957\" src=\"https:\/\/liked.hu\/old\/wp-content\/uploads\/2019\/02\/17-5.jpg\" class=\"\" alt=\"\" loading=\"lazy\" style=\"\" srcset=\"https:\/\/liked.hu\/old\/wp-content\/uploads\/2019\/02\/17-5.jpg 640w, https:\/\/liked.hu\/old\/wp-content\/uploads\/2019\/02\/17-5-201x300.jpg 201w, https:\/\/liked.hu\/old\/wp-content\/uploads\/2019\/02\/17-5-334x500.jpg 334w, https:\/\/liked.hu\/old\/wp-content\/uploads\/2019\/02\/17-5-360x538.jpg 360w, https:\/\/liked.hu\/old\/wp-content\/uploads\/2019\/02\/17-5-545x815.jpg 545w\" sizes=\"(max-width: 640px) 100vw, 640px\" \/>\t\t\t\t\t\t\t\t\t\t\t<figcaption class=\"zf-figcaption\">\r\n\t\t\t\t\t\t\t\t\t\t\t\t\t\t\t\t\t\t\t\t\t\t\t\t<cite><\/cite>\r\n\r\n\t\t\t\t\t\t\t\t\t\t\t\t\t\t\t\t\t\t\t\t\t\t\t<\/figcaption>\r\n\t\t\t\t\t\t\t\t\t\t\t\t\t\t\t\t\t\t\t<\/div>\r\n\t\t\t\t\t\t\t\t\t<hr \/>\r\n\t\t\t\t\t\t\t\t<\/figure>\r\n\t\t\t\t\t\t\t\t\t\t\t\t\t\t<\/li>\r\n\t\t\t\t\t\t\t\t\t\t\t\t<li class=\"zf-list_item\">\r\n\t\t\t\t\t\t\t<div class=\"zf-list_header\">\r\n\t\t\t\t\t\t\t\t<h3 id=\"listaelem18\" class=\"zf-list_title\">\r\n\t\t\t\t\t\t\t\t\t<span class=\"zf-number\">18<\/span>\r\n\t\t\t\t\t\t\t\t\tBele mern\u00e9l ugrani?\t\t\t\t\t\t\t\t<\/h3>\r\n\t\t\t\t\t\t\t<\/div>\r\n\t\t\t\t\t\t\t\t\t\t\t\t\t\t\t<figure class=\"zf-list_media zf-media-wrapper zf-image zf-type-image\">\r\n\t\t\t\t\t\t\t\t\t<div title=\"Bele mern\u00e9l ugrani?\" alt=\"Bele mern\u00e9l ugrani?\" class=\"zf-media\">\r\n\t\t\t\t\t\t\t\t\t\t<img width=\"1020\" height=\"1190\" src=\"https:\/\/liked.hu\/old\/wp-content\/uploads\/2019\/02\/18-5.jpg\" class=\"\" alt=\"\" loading=\"lazy\" style=\"\" srcset=\"https:\/\/liked.hu\/old\/wp-content\/uploads\/2019\/02\/18-5.jpg 1020w, https:\/\/liked.hu\/old\/wp-content\/uploads\/2019\/02\/18-5-257x300.jpg 257w, https:\/\/liked.hu\/old\/wp-content\/uploads\/2019\/02\/18-5-768x896.jpg 768w, https:\/\/liked.hu\/old\/wp-content\/uploads\/2019\/02\/18-5-878x1024.jpg 878w, https:\/\/liked.hu\/old\/wp-content\/uploads\/2019\/02\/18-5-429x500.jpg 429w, https:\/\/liked.hu\/old\/wp-content\/uploads\/2019\/02\/18-5-360x420.jpg 360w, https:\/\/liked.hu\/old\/wp-content\/uploads\/2019\/02\/18-5-545x636.jpg 545w\" sizes=\"(max-width: 1020px) 100vw, 1020px\" \/>\t\t\t\t\t\t\t\t\t\t\t<figcaption class=\"zf-figcaption\">\r\n\t\t\t\t\t\t\t\t\t\t\t\t\t\t\t\t\t\t\t\t\t\t\t\t<cite><\/cite>\r\n\r\n\t\t\t\t\t\t\t\t\t\t\t\t\t\t\t\t\t\t\t\t\t\t\t<\/figcaption>\r\n\t\t\t\t\t\t\t\t\t\t\t\t\t\t\t\t\t\t\t<\/div>\r\n\t\t\t\t\t\t\t\t\t<hr \/>\r\n\t\t\t\t\t\t\t\t<\/figure>\r\n\t\t\t\t\t\t\t\t\t\t\t\t\t\t<\/li>\r\n\t\t\t\t\t\t\t\t\t\t\t\t<li class=\"zf-list_item\">\r\n\t\t\t\t\t\t\t<div class=\"zf-list_header\">\r\n\t\t\t\t\t\t\t\t<h3 id=\"listaelem19\" class=\"zf-list_title\">\r\n\t\t\t\t\t\t\t\t\t<span class=\"zf-number\">19<\/span>\r\n\t\t\t\t\t\t\t\t\tEz nem volt a legokosabb \u00f6tlet.\t\t\t\t\t\t\t\t<\/h3>\r\n\t\t\t\t\t\t\t<\/div>\r\n\t\t\t\t\t\t\t\t\t\t\t\t\t\t\t<figure class=\"zf-list_media zf-media-wrapper zf-image zf-type-gif\">\r\n\t\t\t\t\t\t\t\t\t<div title=\"Ez nem volt a legokosabb \u00f6tlet.\" alt=\"Ez nem volt a legokosabb \u00f6tlet.\" class=\"zf-media\">\r\n\t\t\t\t\t\t\t\t\t\t<img width=\"360\" height=\"360\" src=\"https:\/\/liked.hu\/old\/wp-content\/uploads\/2019\/02\/oiwbz4g5z4w.gif\" class=\"\" alt=\"\" loading=\"lazy\" style=\"\" \/>\t\t\t\t\t\t\t\t\t\t\t<figcaption class=\"zf-figcaption\">\r\n\t\t\t\t\t\t\t\t\t\t\t\t\t\t\t\t\t\t\t\t\t\t\t\t<cite><\/cite>\r\n\r\n\t\t\t\t\t\t\t\t\t\t\t\t\t\t\t\t\t\t\t\t\t\t\t<\/figcaption>\r\n\t\t\t\t\t\t\t\t\t\t\t\t\t\t\t\t\t\t\t<\/div>\r\n\t\t\t\t\t\t\t\t\t<hr \/>\r\n\t\t\t\t\t\t\t\t<\/figure>\r\n\t\t\t\t\t\t\t\t\t\t\t\t\t\t<\/li>\r\n\t\t\t\t\t\t\t\t\t\t\t\t<li class=\"zf-list_item\">\r\n\t\t\t\t\t\t\t<div class=\"zf-list_header\">\r\n\t\t\t\t\t\t\t\t<h3 id=\"listaelem20\" class=\"zf-list_title\">\r\n\t\t\t\t\t\t\t\t\t<span class=\"zf-number\">20<\/span>\r\n\t\t\t\t\t\t\t\t\tSz\u00e9p fot\u00f3 lenne, de az a c\u00e1pa bezavar a k\u00e9pbe.\t\t\t\t\t\t\t\t<\/h3>\r\n\t\t\t\t\t\t\t<\/div>\r\n\t\t\t\t\t\t\t\t\t\t\t\t\t\t\t<figure class=\"zf-list_media zf-media-wrapper zf-image zf-type-image\">\r\n\t\t\t\t\t\t\t\t\t<div title=\"Sz\u00e9p fot\u00f3 lenne, de az a c\u00e1pa bezavar a k\u00e9pbe.\" alt=\"Sz\u00e9p fot\u00f3 lenne, de az a c\u00e1pa bezavar a k\u00e9pbe.\" class=\"zf-media\">\r\n\t\t\t\t\t\t\t\t\t\t<img width=\"640\" height=\"601\" src=\"https:\/\/liked.hu\/old\/wp-content\/uploads\/2019\/02\/20-5.jpg\" class=\"\" alt=\"\" loading=\"lazy\" style=\"\" srcset=\"https:\/\/liked.hu\/old\/wp-content\/uploads\/2019\/02\/20-5.jpg 640w, https:\/\/liked.hu\/old\/wp-content\/uploads\/2019\/02\/20-5-300x282.jpg 300w, https:\/\/liked.hu\/old\/wp-content\/uploads\/2019\/02\/20-5-500x470.jpg 500w, https:\/\/liked.hu\/old\/wp-content\/uploads\/2019\/02\/20-5-360x338.jpg 360w, https:\/\/liked.hu\/old\/wp-content\/uploads\/2019\/02\/20-5-545x512.jpg 545w\" sizes=\"(max-width: 640px) 100vw, 640px\" \/>\t\t\t\t\t\t\t\t\t\t\t<figcaption class=\"zf-figcaption\">\r\n\t\t\t\t\t\t\t\t\t\t\t\t\t\t\t\t\t\t\t\t\t\t\t\t<cite><\/cite>\r\n\r\n\t\t\t\t\t\t\t\t\t\t\t\t\t\t\t\t\t\t\t\t\t\t\t<\/figcaption>\r\n\t\t\t\t\t\t\t\t\t\t\t\t\t\t\t\t\t\t\t<\/div>\r\n\t\t\t\t\t\t\t\t\t<hr \/>\r\n\t\t\t\t\t\t\t\t<\/figure>\r\n\t\t\t\t\t\t\t\t\t\t\t\t\t\t<\/li>\r\n\t\t\t\t\t\t\t\t\t<\/ol>\r\n\t\t<\/div>\r\n\t<\/div>\r\n\r\n\t<\/div>\n","protected":false},"excerpt":{"rendered":"<p>A talasszof\u00f3bia a tengert\u0151l \u00e9s annak kisz\u00e1m\u00edthatatlan \u00e9l\u0151vil\u00e1g\u00e1t\u00f3l val\u00f3 f\u00e9lelmet jelenti. Az ilyen beteges tenger-iszonyban \u00e9l\u0151 emberek p\u00e9ld\u00e1ul el sem tudj\u00e1k k\u00e9pzelni, hogy m\u00e1sok hogyan k\u00e9pesek \u00faszni vagy \u00e9pp b\u00fav\u00e1rkodni a szesz\u00e9lyes ny\u00edlt vizekben. Nem felt\u00e9tlen\u00fcl kell azonban hal\u00e1losan f\u00e9ln\u00fcnk a tengert\u0151l ahhoz, hogy egy kicsit mi is \u00f6sszetojjuk a bok\u00e1nkat miatta. A most k\u00f6vetkez\u0151 [&hellip;]<\/p>\n","protected":false},"author":13,"featured_media":131720,"comment_status":"open","ping_status":"closed","sticky":false,"template":"","format":"standard","meta":{"buzzeditor_post_format":""},"categories":[9578],"tags":[7540,7538,6604,6605,7537,7539],"yoast_head":"<!-- This site is optimized with the Yoast SEO plugin v19.6.1 - https:\/\/yoast.com\/wordpress\/plugins\/seo\/ -->\n<title>20 h\u00e1tborzongat\u00f3 fot\u00f3 a tengerr\u0151l \u00e9s annak lak\u00f3ir\u00f3l, ami b\u00e1rkib\u0151l el\u0151hozza a talasszof\u00f3bi\u00e1t<\/title>\n<meta name=\"description\" content=\"A talasszof\u00f3bia a tengert\u0151l \u00e9s annak kisz\u00e1m\u00edthatatlan \u00e9l\u0151vil\u00e1g\u00e1t\u00f3l val\u00f3 f\u00e9lelmet jelenti. Az ilyen beteges tenger-iszonyban \u00e9l\u0151 emberek p\u00e9ld\u00e1ul el sem\" \/>\n<meta name=\"robots\" content=\"index, follow, max-snippet:-1, max-image-preview:large, max-video-preview:-1\" \/>\n<link rel=\"canonical\" href=\"https:\/\/liked.hu\/old\/internetes-dolgok\/20-hatborzongato-foto-a-tengerrol-es-annak-lakoirol-ami-barkibol-elohozza-a-talasszofobiat\/\" \/>\n<link rel=\"next\" href=\"https:\/\/liked.hu\/old\/internetes-dolgok\/20-hatborzongato-foto-a-tengerrol-es-annak-lakoirol-ami-barkibol-elohozza-a-talasszofobiat\/2\/\" \/>\n<meta property=\"og:locale\" content=\"hu_HU\" \/>\n<meta property=\"og:type\" content=\"article\" \/>\n<meta property=\"og:title\" content=\"20 h\u00e1tborzongat\u00f3 fot\u00f3 a tengerr\u0151l \u00e9s annak lak\u00f3ir\u00f3l, ami b\u00e1rkib\u0151l el\u0151hozza a talasszof\u00f3bi\u00e1t\" \/>\n<meta property=\"og:description\" content=\"A talasszof\u00f3bia a tengert\u0151l \u00e9s annak kisz\u00e1m\u00edthatatlan \u00e9l\u0151vil\u00e1g\u00e1t\u00f3l val\u00f3 f\u00e9lelmet jelenti. Az ilyen beteges tenger-iszonyban \u00e9l\u0151 emberek p\u00e9ld\u00e1ul el sem\" \/>\n<meta property=\"og:url\" content=\"https:\/\/liked.hu\/old\/internetes-dolgok\/20-hatborzongato-foto-a-tengerrol-es-annak-lakoirol-ami-barkibol-elohozza-a-talasszofobiat\/\" \/>\n<meta property=\"og:site_name\" content=\"Liked.hu\" \/>\n<meta property=\"article:publisher\" content=\"https:\/\/www.facebook.com\/liked.hu\" \/>\n<meta property=\"article:published_time\" content=\"2019-02-05T02:25:23+00:00\" \/>\n<meta property=\"article:modified_time\" content=\"2022-09-05T16:55:38+00:00\" \/>\n<meta property=\"og:image\" content=\"https:\/\/liked.hu\/old\/wp-content\/uploads\/2019\/02\/Talasszofobias-tengeri-fotok.jpg\" \/>\n\t<meta property=\"og:image:width\" content=\"1200\" \/>\n\t<meta property=\"og:image:height\" content=\"630\" \/>\n\t<meta property=\"og:image:type\" content=\"image\/jpeg\" \/>\n<meta name=\"author\" content=\"Klingstrom\" \/>\n<meta name=\"twitter:card\" content=\"summary\" \/>\n<meta name=\"twitter:creator\" content=\"@LikedHu\" \/>\n<meta name=\"twitter:site\" content=\"@LikedHu\" \/>\n<meta name=\"twitter:label1\" content=\"Szerz\u0151:\" \/>\n\t<meta name=\"twitter:data1\" content=\"Klingstrom\" \/>\n\t<meta name=\"twitter:label2\" content=\"Becs\u00fclt olvas\u00e1si id\u0151\" \/>\n\t<meta name=\"twitter:data2\" content=\"1 perc\" \/>\n<script type=\"application\/ld+json\" class=\"yoast-schema-graph\">{\"@context\":\"https:\/\/schema.org\",\"@graph\":[{\"@type\":\"Article\",\"@id\":\"https:\/\/liked.hu\/old\/internetes-dolgok\/20-hatborzongato-foto-a-tengerrol-es-annak-lakoirol-ami-barkibol-elohozza-a-talasszofobiat\/#article\",\"isPartOf\":{\"@id\":\"https:\/\/liked.hu\/old\/internetes-dolgok\/20-hatborzongato-foto-a-tengerrol-es-annak-lakoirol-ami-barkibol-elohozza-a-talasszofobiat\/\"},\"author\":{\"name\":\"Klingstrom\",\"@id\":\"https:\/\/liked.hu\/old\/#\/schema\/person\/1c8d3f8764991e8dcd6572a7de72da8a\"},\"headline\":\"20 h\u00e1tborzongat\u00f3 fot\u00f3 a tengerr\u0151l \u00e9s annak lak\u00f3ir\u00f3l, ami b\u00e1rkib\u0151l el\u0151hozza a talasszof\u00f3bi\u00e1t\",\"datePublished\":\"2019-02-05T02:25:23+00:00\",\"dateModified\":\"2022-09-05T16:55:38+00:00\",\"mainEntityOfPage\":{\"@id\":\"https:\/\/liked.hu\/old\/internetes-dolgok\/20-hatborzongato-foto-a-tengerrol-es-annak-lakoirol-ami-barkibol-elohozza-a-talasszofobiat\/\"},\"wordCount\":149,\"commentCount\":0,\"publisher\":{\"@id\":\"https:\/\/liked.hu\/old\/#organization\"},\"keywords\":[\"ijeszt\u0151 tengeri k\u00e9pek\",\"talasszof\u00f3b k\u00e9pek\",\"Talasszof\u00f3bia\",\"tenger-iszony\",\"tengerf\u00e9lelem\",\"tengeri k\u00e9pek\"],\"articleSection\":[\"Interneten tal\u00e1lt dolgok\"],\"inLanguage\":\"hu\",\"potentialAction\":[{\"@type\":\"CommentAction\",\"name\":\"Comment\",\"target\":[\"https:\/\/liked.hu\/old\/internetes-dolgok\/20-hatborzongato-foto-a-tengerrol-es-annak-lakoirol-ami-barkibol-elohozza-a-talasszofobiat\/#respond\"]}]},{\"@type\":\"WebPage\",\"@id\":\"https:\/\/liked.hu\/old\/internetes-dolgok\/20-hatborzongato-foto-a-tengerrol-es-annak-lakoirol-ami-barkibol-elohozza-a-talasszofobiat\/\",\"url\":\"https:\/\/liked.hu\/old\/internetes-dolgok\/20-hatborzongato-foto-a-tengerrol-es-annak-lakoirol-ami-barkibol-elohozza-a-talasszofobiat\/\",\"name\":\"20 h\u00e1tborzongat\u00f3 fot\u00f3 a tengerr\u0151l \u00e9s annak lak\u00f3ir\u00f3l, ami b\u00e1rkib\u0151l el\u0151hozza a talasszof\u00f3bi\u00e1t\",\"isPartOf\":{\"@id\":\"https:\/\/liked.hu\/old\/#website\"},\"datePublished\":\"2019-02-05T02:25:23+00:00\",\"dateModified\":\"2022-09-05T16:55:38+00:00\",\"description\":\"A talasszof\u00f3bia a tengert\u0151l \u00e9s annak kisz\u00e1m\u00edthatatlan \u00e9l\u0151vil\u00e1g\u00e1t\u00f3l val\u00f3 f\u00e9lelmet jelenti. Az ilyen beteges tenger-iszonyban \u00e9l\u0151 emberek p\u00e9ld\u00e1ul el sem\",\"breadcrumb\":{\"@id\":\"https:\/\/liked.hu\/old\/internetes-dolgok\/20-hatborzongato-foto-a-tengerrol-es-annak-lakoirol-ami-barkibol-elohozza-a-talasszofobiat\/#breadcrumb\"},\"inLanguage\":\"hu\",\"potentialAction\":[{\"@type\":\"ReadAction\",\"target\":[\"https:\/\/liked.hu\/old\/internetes-dolgok\/20-hatborzongato-foto-a-tengerrol-es-annak-lakoirol-ami-barkibol-elohozza-a-talasszofobiat\/\"]}]},{\"@type\":\"BreadcrumbList\",\"@id\":\"https:\/\/liked.hu\/old\/internetes-dolgok\/20-hatborzongato-foto-a-tengerrol-es-annak-lakoirol-ami-barkibol-elohozza-a-talasszofobiat\/#breadcrumb\",\"itemListElement\":[{\"@type\":\"ListItem\",\"position\":1,\"name\":\"Kezd\u0151lap\"}]},{\"@type\":\"WebSite\",\"@id\":\"https:\/\/liked.hu\/old\/#website\",\"url\":\"https:\/\/liked.hu\/old\/\",\"name\":\"Liked.hu\",\"description\":\"\",\"publisher\":{\"@id\":\"https:\/\/liked.hu\/old\/#organization\"},\"potentialAction\":[{\"@type\":\"SearchAction\",\"target\":{\"@type\":\"EntryPoint\",\"urlTemplate\":\"https:\/\/liked.hu\/old\/?s={search_term_string}\"},\"query-input\":\"required name=search_term_string\"}],\"inLanguage\":\"hu\"},{\"@type\":\"Organization\",\"@id\":\"https:\/\/liked.hu\/old\/#organization\",\"name\":\"Liked.hu\",\"url\":\"https:\/\/liked.hu\/old\/\",\"sameAs\":[\"https:\/\/hu.pinterest.com\/likedhungary\/\",\"https:\/\/www.youtube.com\/channel\/UCPv91dbMoIukYcM9b9nHN6Q\",\"https:\/\/www.facebook.com\/liked.hu\",\"https:\/\/twitter.com\/LikedHu\"],\"logo\":{\"@type\":\"ImageObject\",\"inLanguage\":\"hu\",\"@id\":\"https:\/\/liked.hu\/old\/#\/schema\/logo\/image\/\",\"url\":\"https:\/\/liked.hu\/wp-content\/uploads\/2018\/08\/Liked-icon.png\",\"contentUrl\":\"https:\/\/liked.hu\/wp-content\/uploads\/2018\/08\/Liked-icon.png\",\"width\":512,\"height\":512,\"caption\":\"Liked.hu\"},\"image\":{\"@id\":\"https:\/\/liked.hu\/old\/#\/schema\/logo\/image\/\"}},{\"@type\":\"Person\",\"@id\":\"https:\/\/liked.hu\/old\/#\/schema\/person\/1c8d3f8764991e8dcd6572a7de72da8a\",\"name\":\"Klingstrom\",\"image\":{\"@type\":\"ImageObject\",\"inLanguage\":\"hu\",\"@id\":\"https:\/\/liked.hu\/old\/#\/schema\/person\/image\/\",\"url\":\"https:\/\/liked.hu\/old\/wp-content\/uploads\/avatars\/13\/604de88bd578a-bpfull.jpg\",\"contentUrl\":\"https:\/\/liked.hu\/old\/wp-content\/uploads\/avatars\/13\/604de88bd578a-bpfull.jpg\",\"caption\":\"Klingstrom\"},\"url\":\"https:\/\/liked.hu\/old\/u\/klingstrom\/\"}]}<\/script>\n<!-- \/ Yoast SEO plugin. -->","yoast_head_json":{"title":"20 h\u00e1tborzongat\u00f3 fot\u00f3 a tengerr\u0151l \u00e9s annak lak\u00f3ir\u00f3l, ami b\u00e1rkib\u0151l el\u0151hozza a talasszof\u00f3bi\u00e1t","description":"A talasszof\u00f3bia a tengert\u0151l \u00e9s annak kisz\u00e1m\u00edthatatlan \u00e9l\u0151vil\u00e1g\u00e1t\u00f3l val\u00f3 f\u00e9lelmet jelenti. Az ilyen beteges tenger-iszonyban \u00e9l\u0151 emberek p\u00e9ld\u00e1ul el sem","robots":{"index":"index","follow":"follow","max-snippet":"max-snippet:-1","max-image-preview":"max-image-preview:large","max-video-preview":"max-video-preview:-1"},"canonical":"https:\/\/liked.hu\/old\/internetes-dolgok\/20-hatborzongato-foto-a-tengerrol-es-annak-lakoirol-ami-barkibol-elohozza-a-talasszofobiat\/","next":"https:\/\/liked.hu\/old\/internetes-dolgok\/20-hatborzongato-foto-a-tengerrol-es-annak-lakoirol-ami-barkibol-elohozza-a-talasszofobiat\/2\/","og_locale":"hu_HU","og_type":"article","og_title":"20 h\u00e1tborzongat\u00f3 fot\u00f3 a tengerr\u0151l \u00e9s annak lak\u00f3ir\u00f3l, ami b\u00e1rkib\u0151l el\u0151hozza a talasszof\u00f3bi\u00e1t","og_description":"A talasszof\u00f3bia a tengert\u0151l \u00e9s annak kisz\u00e1m\u00edthatatlan \u00e9l\u0151vil\u00e1g\u00e1t\u00f3l val\u00f3 f\u00e9lelmet jelenti. Az ilyen beteges tenger-iszonyban \u00e9l\u0151 emberek p\u00e9ld\u00e1ul el sem","og_url":"https:\/\/liked.hu\/old\/internetes-dolgok\/20-hatborzongato-foto-a-tengerrol-es-annak-lakoirol-ami-barkibol-elohozza-a-talasszofobiat\/","og_site_name":"Liked.hu","article_publisher":"https:\/\/www.facebook.com\/liked.hu","article_published_time":"2019-02-05T02:25:23+00:00","article_modified_time":"2022-09-05T16:55:38+00:00","og_image":[{"width":1200,"height":630,"url":"https:\/\/liked.hu\/old\/wp-content\/uploads\/2019\/02\/Talasszofobias-tengeri-fotok.jpg","type":"image\/jpeg"}],"author":"Klingstrom","twitter_card":"summary","twitter_creator":"@LikedHu","twitter_site":"@LikedHu","twitter_misc":{"Szerz\u0151:":"Klingstrom","Becs\u00fclt olvas\u00e1si id\u0151":"1 perc"},"schema":{"@context":"https:\/\/schema.org","@graph":[{"@type":"Article","@id":"https:\/\/liked.hu\/old\/internetes-dolgok\/20-hatborzongato-foto-a-tengerrol-es-annak-lakoirol-ami-barkibol-elohozza-a-talasszofobiat\/#article","isPartOf":{"@id":"https:\/\/liked.hu\/old\/internetes-dolgok\/20-hatborzongato-foto-a-tengerrol-es-annak-lakoirol-ami-barkibol-elohozza-a-talasszofobiat\/"},"author":{"name":"Klingstrom","@id":"https:\/\/liked.hu\/old\/#\/schema\/person\/1c8d3f8764991e8dcd6572a7de72da8a"},"headline":"20 h\u00e1tborzongat\u00f3 fot\u00f3 a tengerr\u0151l \u00e9s annak lak\u00f3ir\u00f3l, ami b\u00e1rkib\u0151l el\u0151hozza a talasszof\u00f3bi\u00e1t","datePublished":"2019-02-05T02:25:23+00:00","dateModified":"2022-09-05T16:55:38+00:00","mainEntityOfPage":{"@id":"https:\/\/liked.hu\/old\/internetes-dolgok\/20-hatborzongato-foto-a-tengerrol-es-annak-lakoirol-ami-barkibol-elohozza-a-talasszofobiat\/"},"wordCount":149,"commentCount":0,"publisher":{"@id":"https:\/\/liked.hu\/old\/#organization"},"keywords":["ijeszt\u0151 tengeri k\u00e9pek","talasszof\u00f3b k\u00e9pek","Talasszof\u00f3bia","tenger-iszony","tengerf\u00e9lelem","tengeri k\u00e9pek"],"articleSection":["Interneten tal\u00e1lt dolgok"],"inLanguage":"hu","potentialAction":[{"@type":"CommentAction","name":"Comment","target":["https:\/\/liked.hu\/old\/internetes-dolgok\/20-hatborzongato-foto-a-tengerrol-es-annak-lakoirol-ami-barkibol-elohozza-a-talasszofobiat\/#respond"]}]},{"@type":"WebPage","@id":"https:\/\/liked.hu\/old\/internetes-dolgok\/20-hatborzongato-foto-a-tengerrol-es-annak-lakoirol-ami-barkibol-elohozza-a-talasszofobiat\/","url":"https:\/\/liked.hu\/old\/internetes-dolgok\/20-hatborzongato-foto-a-tengerrol-es-annak-lakoirol-ami-barkibol-elohozza-a-talasszofobiat\/","name":"20 h\u00e1tborzongat\u00f3 fot\u00f3 a tengerr\u0151l \u00e9s annak lak\u00f3ir\u00f3l, ami b\u00e1rkib\u0151l el\u0151hozza a talasszof\u00f3bi\u00e1t","isPartOf":{"@id":"https:\/\/liked.hu\/old\/#website"},"datePublished":"2019-02-05T02:25:23+00:00","dateModified":"2022-09-05T16:55:38+00:00","description":"A talasszof\u00f3bia a tengert\u0151l \u00e9s annak kisz\u00e1m\u00edthatatlan \u00e9l\u0151vil\u00e1g\u00e1t\u00f3l val\u00f3 f\u00e9lelmet jelenti. Az ilyen beteges tenger-iszonyban \u00e9l\u0151 emberek p\u00e9ld\u00e1ul el sem","breadcrumb":{"@id":"https:\/\/liked.hu\/old\/internetes-dolgok\/20-hatborzongato-foto-a-tengerrol-es-annak-lakoirol-ami-barkibol-elohozza-a-talasszofobiat\/#breadcrumb"},"inLanguage":"hu","potentialAction":[{"@type":"ReadAction","target":["https:\/\/liked.hu\/old\/internetes-dolgok\/20-hatborzongato-foto-a-tengerrol-es-annak-lakoirol-ami-barkibol-elohozza-a-talasszofobiat\/"]}]},{"@type":"BreadcrumbList","@id":"https:\/\/liked.hu\/old\/internetes-dolgok\/20-hatborzongato-foto-a-tengerrol-es-annak-lakoirol-ami-barkibol-elohozza-a-talasszofobiat\/#breadcrumb","itemListElement":[{"@type":"ListItem","position":1,"name":"Kezd\u0151lap"}]},{"@type":"WebSite","@id":"https:\/\/liked.hu\/old\/#website","url":"https:\/\/liked.hu\/old\/","name":"Liked.hu","description":"","publisher":{"@id":"https:\/\/liked.hu\/old\/#organization"},"potentialAction":[{"@type":"SearchAction","target":{"@type":"EntryPoint","urlTemplate":"https:\/\/liked.hu\/old\/?s={search_term_string}"},"query-input":"required name=search_term_string"}],"inLanguage":"hu"},{"@type":"Organization","@id":"https:\/\/liked.hu\/old\/#organization","name":"Liked.hu","url":"https:\/\/liked.hu\/old\/","sameAs":["https:\/\/hu.pinterest.com\/likedhungary\/","https:\/\/www.youtube.com\/channel\/UCPv91dbMoIukYcM9b9nHN6Q","https:\/\/www.facebook.com\/liked.hu","https:\/\/twitter.com\/LikedHu"],"logo":{"@type":"ImageObject","inLanguage":"hu","@id":"https:\/\/liked.hu\/old\/#\/schema\/logo\/image\/","url":"https:\/\/liked.hu\/wp-content\/uploads\/2018\/08\/Liked-icon.png","contentUrl":"https:\/\/liked.hu\/wp-content\/uploads\/2018\/08\/Liked-icon.png","width":512,"height":512,"caption":"Liked.hu"},"image":{"@id":"https:\/\/liked.hu\/old\/#\/schema\/logo\/image\/"}},{"@type":"Person","@id":"https:\/\/liked.hu\/old\/#\/schema\/person\/1c8d3f8764991e8dcd6572a7de72da8a","name":"Klingstrom","image":{"@type":"ImageObject","inLanguage":"hu","@id":"https:\/\/liked.hu\/old\/#\/schema\/person\/image\/","url":"https:\/\/liked.hu\/old\/wp-content\/uploads\/avatars\/13\/604de88bd578a-bpfull.jpg","contentUrl":"https:\/\/liked.hu\/old\/wp-content\/uploads\/avatars\/13\/604de88bd578a-bpfull.jpg","caption":"Klingstrom"},"url":"https:\/\/liked.hu\/old\/u\/klingstrom\/"}]}},"publishpress_future_action":{"enabled":false,"date":"1970-01-01 01:00:00","action":"","terms":[],"taxonomy":"","browser_timezone_offset":0},"_links":{"self":[{"href":"https:\/\/liked.hu\/old\/wp-json\/wp\/v2\/posts\/131719"}],"collection":[{"href":"https:\/\/liked.hu\/old\/wp-json\/wp\/v2\/posts"}],"about":[{"href":"https:\/\/liked.hu\/old\/wp-json\/wp\/v2\/types\/post"}],"author":[{"embeddable":true,"href":"https:\/\/liked.hu\/old\/wp-json\/wp\/v2\/users\/13"}],"replies":[{"embeddable":true,"href":"https:\/\/liked.hu\/old\/wp-json\/wp\/v2\/comments?post=131719"}],"version-history":[{"count":0,"href":"https:\/\/liked.hu\/old\/wp-json\/wp\/v2\/posts\/131719\/revisions"}],"wp:featuredmedia":[{"embeddable":true,"href":"https:\/\/liked.hu\/old\/wp-json\/wp\/v2\/media\/131720"}],"wp:attachment":[{"href":"https:\/\/liked.hu\/old\/wp-json\/wp\/v2\/media?parent=131719"}],"wp:term":[{"taxonomy":"category","embeddable":true,"href":"https:\/\/liked.hu\/old\/wp-json\/wp\/v2\/categories?post=131719"},{"taxonomy":"post_tag","embeddable":true,"href":"https:\/\/liked.hu\/old\/wp-json\/wp\/v2\/tags?post=131719"}],"curies":[{"name":"wp","href":"https:\/\/api.w.org\/{rel}","templated":true}]}}